{"id":21176,"date":"2023-09-11T22:55:08","date_gmt":"2023-09-11T22:55:08","guid":{"rendered":"https:\/\/dmsjuridica.com\/buscador_20179478954\/salapenalcronologico20230723\/2023\/09\/11\/3421518-08-10\/"},"modified":"2023-09-11T22:55:08","modified_gmt":"2023-09-11T22:55:08","slug":"3421518-08-10","status":"publish","type":"post","link":"https:\/\/dmsjuridica.com\/buscador_20179478954\/salapenalcronologico20230723\/2023\/09\/11\/3421518-08-10\/","title":{"rendered":"34215(18-08-10)"},"content":{"rendered":"\n<p>\u00a0 \u00a0 Proceso n.\u00ba 34215 \u00a0<\/p>\n<p>CORTE SUPREMA DE JUSTICIA \u00a0<\/p>\n<p>SALA DE CASACI\u00d3N PENAL \u00a0<\/p>\n<p>Magistrado ponente: \u00a0<\/p>\n<p>YESID \u00a0 \u00a0RAM\u00cdREZ \u00a0BASTIDAS \u00a0\u00a0<\/p>\n<p>\u00a0\u00a0\u00a0\u00a0\u00a0\u00a0\u00a0\u00a0\u00a0\u00a0\u00a0\u00a0\u00a0\u00a0\u00a0\u00a0\u00a0\u00a0\u00a0\u00a0\u00a0\u00a0\u00a0\u00a0\u00a0\u00a0\u00a0\u00a0\u00a0\u00a0\u00a0\u00a0\u00a0\u00a0 \u00a0Aprobado Acta N\u00b0 260. \u00a0\u00a0<\/p>\n<p>Bogot\u00e1, D. C., agosto dieciocho (18) de dos \u00a0mil diez (2010). \u00a0\u00a0<\/p>\n<p>VISTOS: \u00a0<\/p>\n<p>Se procede a resolver sobre la admisibilidad \u00a0de \u00a0la \u00a0demanda \u00a0de \u00a0casaci\u00f3n \u00a0presentada por el defensor del procesado Gustavo \u00a0Adolfo \u00a0Vi\u00e1fara \u00a0Arboleda, \u00a0contra \u00a0la \u00a0sentencia \u00a0proferida \u00a0por \u00a0el \u00a0Tribunal \u00a0Superior \u00a0de \u00a0Cali \u00a0por \u00a0medio de la cual confirm\u00f3 la dictada por el Juzgado 19 \u00a0Penal \u00a0del Circuito de esa misma ciudad que lo conden\u00f3 en forma anticipada como \u00a0autor \u00a0responsable \u00a0de \u00a0la conducta punible de fabricaci\u00f3n, tr\u00e1fico o porte de \u00a0armas de fuego y munici\u00f3n. \u00a0\u00a0<\/p>\n<p>HECHOS Y ACTUACI\u00d3N PROCESAL: \u00a0<\/p>\n<p>1.- \u00a0Los \u00a0primeros \u00a0fueron \u00a0tratados por los \u00a0jueces de instancia de la siguiente manera: \u00a0\u00a0<\/p>\n<p>Dieron inicio a la investigaci\u00f3n los hechos \u00a0ocurridos \u00a0el d\u00eda 13 de agosto de 2009, siendo aproximadamente las 21:50 horas, \u00a0la \u00a0Central \u00a0de \u00a0Radio \u00a0de \u00a0la \u00a0Polic\u00eda, informa que en la carrera 5 N\u00b0 43-33, \u00a0barrio \u00a0Las Delicias, se encontraban unos sujetos en el interior de una vivienda \u00a0cometiendo \u00a0un \u00a0hurto, \u00a0y que ten\u00edan encerradas a unas personas, unidades de la \u00a0polic\u00eda \u00a0se \u00a0dirigen \u00a0hasta \u00a0el \u00a0lugar \u00a0y al llegar observan que de la vivienda \u00a0salen \u00a0corriendo \u00a0dos \u00a0personas, \u00a0los \u00a0agentes inician la persecuci\u00f3n, a uno de \u00a0ellos \u00a0afro \u00a0descendiente, de camisa caf\u00e9, al que le dan captura en la calle 44 \u00a0con \u00a0carrera \u00a05\u00aa, \u00a0e \u00a0identifican como Gustavo Adolfo \u00a0Vi\u00e1fara \u00a0Arboleda, \u00a0el cual llevaba en su mano derecha \u00a0un \u00a0rev\u00f3lver \u00a0marca \u00a0Llama, \u00a0modelo \u00a0Escorpio, calibre 38 largo, y 6 cartuchos, \u00a0para \u00a0el \u00a0mismo, \u00a0que al examen bal\u00edstico se estableci\u00f3 que sus condiciones de \u00a0funcionamiento \u00a0eran buenas, apta para producir disparos clasificada como de uso \u00a0civil para la defensa personal. \u00a0\u00a0<\/p>\n<p>2. \u00a0Por \u00a0los \u00a0anteriores \u00a0episodios, el 9 de \u00a0julio \u00a0de \u00a02009 \u00a0la \u00a0Fiscal\u00eda \u00a0Once \u00a0Seccional \u00a0de \u00a0Cali \u00a0present\u00f3 \u00a0escrito de \u00a0acusaci\u00f3n \u00a0contra \u00a0Gustavo \u00a0Adolfo \u00a0Vi\u00e1fara \u00a0Arboleda como autor del delito de \u00a0porte \u00a0ilegal \u00a0de \u00a0armas \u00a0de \u00a0fuego \u00a0de \u00a0defensa \u00a0personal, \u00a0imputaci\u00f3n \u00a0que el \u00a0sindicado \u00a0acept\u00f3 \u00a0en \u00a0la \u00a0audiencia \u00a0de \u00a0acusaci\u00f3n \u00a0celebrada el 7 de octubre \u00a0siguiente \u00a0 ante \u00a0el \u00a0Juzgado \u00a019 \u00a0Penal \u00a0del \u00a0Circuito \u00a0de \u00a0esa \u00a0misma \u00a0ciudad. \u00a0\u00a0<\/p>\n<p>3. \u00a0Ante \u00a0la \u00a0aceptaci\u00f3n de cargos el 14 de \u00a0octubre \u00a0de ese mismo a\u00f1o el mencionado despacho judicial conden\u00f3 al procesado \u00a0como \u00a0autor \u00a0responsable \u00a0de \u00a0la \u00a0conducta punible antes descrita a las penas de \u00a0treinta \u00a0y \u00a0dos \u00a0(32) \u00a0meses \u00a0de \u00a0prisi\u00f3n, \u00a0inhabilitaci\u00f3n \u00a0en el ejercicio de \u00a0derechos \u00a0y \u00a0funciones \u00a0p\u00fablicas \u00a0y \u00a0prohibici\u00f3n \u00a0para \u00a0la \u00a0tenencia, \u00a0porte o \u00a0conservaci\u00f3n \u00a0de \u00a0armas \u00a0de \u00a0fuego \u00a0por \u00a0un \u00a0per\u00edodo \u00a0igual \u00a0al de la sanci\u00f3n \u00a0privativa \u00a0de \u00a0la \u00a0libertad, \u00a0y \u00a0le \u00a0neg\u00f3 \u00a0la \u00a0suspensi\u00f3n \u00a0condicional \u00a0de \u00a0la \u00a0ejecuci\u00f3n de la pena y la prisi\u00f3n domiciliaria. \u00a0\u00a0<\/p>\n<p>4. \u00a0Esa \u00a0providencia \u00a0fue \u00a0recurrida \u00a0por el \u00a0defensor \u00a0del \u00a0procesado, y el 5 de febrero de 2010 el Tribunal Superior de Cali \u00a0la \u00a0 confirm\u00f3\u00a0 \u00a0 mediante \u00a0fallo \u00a0objeto \u00a0del \u00a0recurso \u00a0extraordinario \u00a0de \u00a0casaci\u00f3n. \u00a0\u00a0<\/p>\n<p>LA DEMANDA: \u00a0<\/p>\n<p>Al amparo de la causal primera del art\u00edculo \u00a0181 \u00a0de \u00a0la \u00a0ley \u00a0906 \u00a0de 2004, el demandante formul\u00f3 un cargo \u00fanico contra la \u00a0sentencia \u00a0condenatoria \u00a0la \u00a0cual \u00a0acus\u00f3 \u00a0de incurrir en violaci\u00f3n directa por \u00a0falta \u00a0de \u00a0aplicaci\u00f3n \u00a0de \u00a0los \u00a0art\u00edculos \u00a063 \u00a0y \u00a038 \u00a0del cp e interpretaci\u00f3n \u00a0err\u00f3nea \u00a0del \u00a0art\u00edculo \u00a032 \u00a0de \u00a0la ley 1142 de 2007, precepto que adicion\u00f3 el \u00a0art\u00edculo 68 A de la ley 599 de 2000. \u00a0\u00a0<\/p>\n<p>Los \u00a0 jueces \u00a0 de \u00a0instancia \u00a0-afirm\u00f3 \u00a0el \u00a0libelista- \u00a0negaron \u00a0a \u00a0Vi\u00e1fara \u00a0Arboleda \u00a0la \u00a0suspensi\u00f3n \u00a0condicional \u00a0de \u00a0la \u00a0ejecuci\u00f3n \u00a0de \u00a0la \u00a0pena \u00a0y \u00a0la prisi\u00f3n domiciliaria, basados en que registraba \u00a0antecedentes, \u00a0sin \u00a0tener \u00a0en \u00a0cuenta \u00a0que \u00a0en el proceso no se demostr\u00f3 que la \u00a0sentencia \u00a0que se dict\u00f3 en su contra hubiese sido proferida con posterioridad a \u00a0la \u00a0vigencia \u00a0de \u00a0la \u00a0ley \u00a01142 \u00a0de \u00a02007, \u00a0esto es, el 28 de junio de ese a\u00f1o. \u00a0\u00a0<\/p>\n<p>Por \u00a0lo \u00a0anterior, \u00a0solicit\u00f3 que se case el \u00a0fallo \u00a0y \u00a0se \u00a0dicte \u00a0uno \u00a0de reemplazo que otorgue a su prohijado la suspensi\u00f3n \u00a0condicional \u00a0 de \u00a0la \u00a0ejecuci\u00f3n \u00a0de \u00a0la \u00a0pena \u00a0y\/o \u00a0la \u00a0prisi\u00f3n \u00a0domiciliaria. \u00a0\u00a0<\/p>\n<p>CONSIDERACIONES DE LA CORTE: \u00a0<\/p>\n<p>1. La Sala ha venido abordando el tema del \u00a0recurso \u00a0 extraordinario \u00a0de \u00a0casaci\u00f3n \u00a0en \u00a0el \u00a0marco \u00a0del \u00a0sistema \u00a0acusatorio \u00a0colombiano \u00a0y lo ha definido como un mecanismo de control constitucional y legal \u00a0que \u00a0procede \u00a0contra \u00a0las \u00a0sentencias \u00a0proferidas \u00a0en \u00a0segunda instancia por los \u00a0Tribunales \u00a0 \u00a0Superiores \u00a0 \u00a0en \u00a0 \u00a0los \u00a0 \u00a0procesos \u00a0 adelantados \u00a0 por \u00a0 delitos, \u00a0independientemente \u00a0de la pena con la cual los sancione el legislador, cuando se \u00a0afectan \u00a0derechos \u00a0o \u00a0garant\u00edas \u00a0fundamentales \u00a0(art\u00edculo 181 de la ley 906 de \u00a02004), \u00a0cuya materializaci\u00f3n se debe cumplir a trav\u00e9s de una demanda que no es \u00a0de \u00a0libre elaboraci\u00f3n porque debe ce\u00f1irse a rigurosos par\u00e1metros l\u00f3gicos y a \u00a0causales \u00a0taxativas, \u00a0no \u00a0obstante la gran flexibilidad permitida, acorde con la \u00a0estructura \u00a0 \u00a0del \u00a0 \u00a0Estado \u00a0 Constitucional \u00a0 de \u00a0 Derecho \u00a0 acogido \u00a0 por \u00a0 el \u00a0constituyente1. \u00a0\u00a0<\/p>\n<p>2. \u00a0En \u00a0relaci\u00f3n \u00a0con \u00a0los requisitos de la \u00a0demanda \u00a0que \u00a0sustente \u00a0la impugnaci\u00f3n extraordinaria, ha se\u00f1alado que si bien \u00a0el \u00a0nuevo \u00a0estatuto \u00a0procesal \u00a0no \u00a0enumera rigurosamente los requisitos que debe \u00a0cumplir \u00a0un libelo de casaci\u00f3n como lo hac\u00eda el anterior art\u00edculo 212, de los \u00a0art\u00edculos 183 y 184 se pueden deducir los siguientes: \u00a0\u00a0<\/p>\n<p>1. \u00a0Que \u00a0se \u00a0se\u00f1alen \u00a0de \u00a0manera \u00a0precisa y \u00a0concisa las causales invocadas. \u00a0\u00a0<\/p>\n<p>2. \u00a0Que \u00a0se desarrollen los cargos, esto es, \u00a0que \u00a0se \u00a0expresen \u00a0sus \u00a0fundamentos \u00a0o \u00a0se \u00a0ofrezca \u00a0una \u00a0sustentaci\u00f3n m\u00ednima. \u00a0Y, \u00a0\u00a0<\/p>\n<p>3. Que se demuestre que el fallo es necesario \u00a0para cumplir algunas de las finalidades del recurso. \u00a0\u00a0<\/p>\n<p>Esto porque de conformidad con lo establecido \u00a0en \u00a0el \u00a0inciso \u00a02\u00b0 \u00a0del art\u00edculo \u00faltimamente citado, no ser\u00e1 seleccionada la \u00a0demanda que se encuentre en cualquiera de los siguientes supuestos: \u00a0\u00a0<\/p>\n<p>(i). \u00a0Si \u00a0el \u00a0demandante \u00a0carece de inter\u00e9s \u00a0jur\u00eddico. \u00a0\u00a0<\/p>\n<p>(ii). \u00a0 Si \u00a0 prescinde \u00a0 de \u00a0 se\u00f1alar \u00a0la \u00a0causal. \u00a0\u00a0<\/p>\n<p>(iii). \u00a0Si \u00a0no \u00a0desarrolla \u00a0los \u00a0cargos \u00a0de \u00a0sustentaci\u00f3n, y \u00a0\u00a0<\/p>\n<p>(iv). \u00a0Cuando \u00a0de \u00a0su \u00a0contexto \u00a0se advierta \u00a0fundadamente \u00a0 que \u00a0no \u00a0se \u00a0precisa \u00a0del \u00a0fallo \u00a0para \u00a0cumplir \u00a0algunas \u00a0de \u00a0las \u00a0finalidades del recurso. \u00a0\u00a0<\/p>\n<p>3. \u00a0Las \u00a0siguientes \u00a0son \u00a0las \u00a0falencias que \u00a0ofrece \u00a0la \u00a0demanda \u00a0presentada \u00a0por \u00a0el \u00a0defensor \u00a0del procesado Gustavo Adolfo \u00a0Vi\u00e1fara Arboleda: \u00a0\u00a0<\/p>\n<p>3.1. \u00a0En \u00a0el \u00a0\u00fanico cargo formulado omiti\u00f3 \u00a0se\u00f1alar \u00a0cu\u00e1les \u00a0eran \u00a0las \u00a0finalidades \u00a0del \u00a0recurso \u00a0(art. 180 cpp de 2004). \u00a0\u00a0<\/p>\n<p>3.2. \u00a0En \u00a0la \u00a0violaci\u00f3n \u00a0directa \u00a0de la ley \u00a0sustancial, \u00a0el \u00a0error \u00a0del \u00a0juez \u00a0es \u00a0de \u00a0juicio o in \u00a0iudicando \u00a0al \u00a0momento de aplicar o interpretar la ley \u00a0llamada \u00a0a \u00a0regular \u00a0el \u00a0caso \u00a0a \u00a0resolver, \u00a0y \u00a0puede acontecer por uno de estos \u00a0sentidos: \u00a0\u00a0<\/p>\n<p>&#8211; \u00a0 falta \u00a0 de \u00a0aplicaci\u00f3n \u00a0-error \u00a0de \u00a0existencia-, cuando se ignora \u00a0que \u00a0la \u00a0norma \u00a0existe, \u00a0se considera que no est\u00e1 vigente o se estima que est\u00e1 \u00a0vigente, pero no es aplicable. \u00a0\u00a0<\/p>\n<p>&#8211; \u00a0 aplicaci\u00f3n \u00a0indebida \u00a0 -error \u00a0de \u00a0selecci\u00f3n-, \u00a0cuando \u00a0la \u00a0norma \u00a0escogida y aplicada no corresponde al caso concreto. E, \u00a0\u00a0<\/p>\n<p>&#8211; \u00a0interpretaci\u00f3n \u00a0err\u00f3nea \u00a0 -error \u00a0 de \u00a0 sentido-, \u00a0cuando \u00a0la \u00a0norma \u00a0seleccionada \u00a0es \u00a0la \u00a0correcta, \u00a0pero el juez no le da el alcance que tiene o lo \u00a0restringe. \u00a0\u00a0<\/p>\n<p>Frente a esta causal la jurisprudencia viene \u00a0ense\u00f1ando \u00a0 que \u00a0el \u00a0demandante \u00a0debe \u00a0aceptar \u00a0los \u00a0hechos \u00a0y \u00a0la \u00a0valoraci\u00f3n \u00a0probatoria \u00a0tal \u00a0y \u00a0como \u00a0fueron \u00a0plasmados \u00a0por \u00a0los \u00a0jueces de instancia en la \u00a0sentencia, \u00a0debiendo \u00a0proponer una discusi\u00f3n eminentemente jur\u00eddica en la cual \u00a0demuestre \u00a0el \u00a0error o errores del intelecto al momento de aplicar o interpretar \u00a0la \u00a0ley \u00a0y \u00a0la \u00a0consecuente \u00a0trascendencia \u00a0del \u00a0yerro \u00a0en el sentido del fallo. \u00a0\u00a0<\/p>\n<p>3.3. \u00a0Cuando\u00a0 \u00a0se demanda una sentencia \u00a0por \u00a0violaci\u00f3n directa de la ley sustancial -que es lo que plantea el libelista \u00a0en \u00a0el \u00a0\u00fanico reparo formulado- en cualquiera de sus tres modalidades (falta de \u00a0aplicaci\u00f3n, \u00a0aplicaci\u00f3n \u00a0indebida o interpretaci\u00f3n err\u00f3nea), el casacionista \u00a0debe \u00a0demostrar, sin desconocer los hechos plasmados en el fallo y sin discrepar \u00a0de \u00a0la forma como el juzgador los declar\u00f3 probados, que entre las partes motiva \u00a0y resolutiva de la providencia no existe armon\u00eda. \u00a0\u00a0<\/p>\n<p>3.4. \u00a0Al \u00a0impugnante \u00a0le resultaba imperioso \u00a0acreditar, \u00a0 mediante \u00a0 la \u00a0 confrontaci\u00f3n \u00a0 objetiva \u00a0de \u00a0esos \u00a0dos \u00a0elementos \u00a0constitutivos \u00a0de \u00a0la \u00a0sentencia \u00a0que \u00a0entre ambos, en lugar de un nexo l\u00f3gico, \u00a0exist\u00eda \u00a0falta \u00a0de correspondencia. Sin embargo, el demandante no establece que \u00a0el \u00a0Tribunal \u00a0en \u00a0la \u00a0motivaci\u00f3n \u00a0del \u00a0fallo \u00a0hubiera \u00a0reconocido \u00a0sin \u00a0lugar a \u00a0equ\u00edvocos \u00a0que \u00a0el \u00a0procesado \u00a0Gustavo \u00a0Adolfo \u00a0Vi\u00e1fara \u00a0Arboleda \u00a0reun\u00eda los \u00a0requisitos \u00a0establecidos \u00a0en los art\u00edculos 63 y 38 del cp de 2000 que lo hac\u00eda \u00a0merecedor \u00a0de \u00a0la \u00a0suspensi\u00f3n \u00a0condicional \u00a0de la ejecuci\u00f3n de la pena o de la \u00a0prisi\u00f3n \u00a0domiciliaria \u00a0y, \u00a0no \u00a0obstante, \u00a0en \u00a0la parte resolutiva le neg\u00f3 esos \u00a0derechos. \u00a0\u00a0<\/p>\n<p>3.5. \u00a0Tampoco \u00a0acredit\u00f3 \u00a0desacierto \u00a0en \u00a0la \u00a0intelecci\u00f3n \u00a0que \u00a0el \u00a0Tribunal \u00a0otorg\u00f3 \u00a0a \u00a0lo establecido en los art\u00edculos 38 \u00a0y\u00a0 \u00a063 \u00a0del cp porque a pesar de reconocer que al procesado no se le pod\u00eda \u00a0aplicar \u00a0el \u00a0articulo \u00a068 A de la ley 599 de 2000 debido a que si bien es cierto \u00a0ostenta \u00a0antecedentes \u00a0judiciales, \u00a0en \u00a0la actuaci\u00f3n no se supo la fecha en que \u00a0qued\u00f3 \u00a0ejecutoriada \u00a0la \u00a0sentencia \u00a0que \u00a0fuera \u00a0proferida \u00a0en su contra por los \u00a0delitos \u00a0de \u00a0hurto \u00a0calificado \u00a0y \u00a0porte \u00a0ilegal \u00a0de \u00a0armas \u00a0de fuego de defensa \u00a0personal. \u00a0\u00a0<\/p>\n<p>A\u00fan \u00a0as\u00ed, la Corporaci\u00f3n de segundo grado \u00a0defini\u00f3 \u00a0que \u00a0el \u00a0acusado\u00a0 \u00a0no \u00a0ten\u00eda \u00a0derecho al subrogado penal ni a la \u00a0sustituci\u00f3n \u00a0pretendida \u00a0no \u00a0s\u00f3lo \u00a0por \u00a0no haberse acreditado su condici\u00f3n de \u00a0padre cabeza de familia, sino que sus antecedentes personales \u00a0\u00a0<\/p>\n<p>demuestran \u00a0 que \u00a0tiene \u00a0una \u00a0personalidad \u00a0proclive \u00a0al \u00a0delito, pues en otrora fue condenado por las conductas punibles de \u00a0hurto \u00a0calificado \u00a0y \u00a0porte \u00a0ilegal \u00a0de \u00a0armas \u00a0de \u00a0fuego \u00a0de \u00a0defensa personal, \u00a0situaci\u00f3n \u00a0que \u00a0no \u00a0permite deducir fundadamente que no volver\u00e1 a cometer otro \u00a0il\u00edcito \u00a0y \u00a0que no colocar\u00e1 en peligro a la comunidad, como en un momento dado \u00a0pudo \u00a0ocurrir \u00a0por \u00a0los \u00a0hechos \u00a0que \u00a0aqu\u00ed \u00a0se \u00a0juzgan, \u00a0en \u00a0virtud \u00a0a \u00a0que fue \u00a0sorprendido, \u00a0cinco \u00a0meses \u00a0despu\u00e9s \u00a0de \u00a0haber \u00a0purgado la pena impuesta por el \u00a0Juzgado \u00a010 \u00a0Penal \u00a0del \u00a0Circuito de Cali, cuando hu\u00eda de una vivienda donde se \u00a0preparaba \u00a0para \u00a0perpetrar \u00a0un \u00a0hurto, provisto de un arma de fuego y, de no ser \u00a0por \u00a0la \u00a0oportuna presencia de la fuerza policial, muy seguramente\u00a0 hubiera \u00a0logrado \u00a0su \u00a0cometido, \u00a0lo que denota gravedad en su actuar y total desapego por \u00a0las normas m\u00ednimas de convivencia, \u00a0\u00a0<\/p>\n<p>valoraciones \u00a0 que \u00a0 en \u00a0 manera \u00a0 alguna \u00a0controvierte el censor. \u00a0\u00a0<\/p>\n<p>4. \u00a0As\u00ed, pues, y en consideraci\u00f3n a que la \u00a0Sala \u00a0no \u00a0puede \u00a0superar \u00a0las \u00a0deficiencias \u00a0ni corregir las imprecisiones de la \u00a0demanda \u00a0luego \u00a0se ve avocada a inadmitirla, de conformidad con lo dispuesto por \u00a0el \u00a0art\u00edculo \u00a0184, \u00a0inciso \u00a02\u00b0, \u00a0de \u00a0la ley 906 de 2004; y porque no encuentra \u00a0transgresi\u00f3n \u00a0de \u00a0derechos \u00a0o \u00a0garant\u00edas \u00a0fundamentales \u00a0que justifique salvar \u00a0tales \u00a0obst\u00e1culos, \u00a0seg\u00fan autorizaci\u00f3n del inciso 3\u00b0 de la misma preceptiva, \u00a0en concordancia con el art\u00edculo 180 ib\u00eddem. \u00a0\u00a0<\/p>\n<p>5. \u00a0 La \u00a0declaratoria \u00a0de \u00a0inadmisibilidad \u00a0anunciada \u00a0 tan \u00a0 s\u00f3lo \u00a0 admite \u00a0 el \u00a0\u201crecurso \u00a0de \u00a0insistencia \u00a0presentado \u00a0por \u00a0alguno \u00a0de \u00a0los \u00a0magistrados \u00a0de \u00a0la Sala o por el \u00a0Ministerio \u00a0P\u00fablico\u201d, \u00a0seg\u00fan \u00a0lo \u00a0dispuesto \u00a0en el \u00a0inciso segundo del art\u00edculo 184 ejusdem. \u00a0\u00a0<\/p>\n<p>En \u00a0el \u00a0citado \u00a0ordenamiento procesal no fue \u00a0incluida \u00a0la \u00a0manera concreta de utilizar dicho instituto, raz\u00f3n por la cual la \u00a0Sala, \u00a0previa \u00a0definici\u00f3n \u00a0de \u00a0su naturaleza, se vio precisada a establecer las \u00a0reglas que habr\u00e1n de seguirse, en los siguientes t\u00e9rminos: \u00a0\u00a0<\/p>\n<p>\u00a0 \u00a0\u00a0 \u00a0\u00a0 \u00a0\u00a05.1. \u00a0 \u00a0 La \u00a0insistencia \u00a0es \u00a0un \u00a0mecanismo \u00a0especial \u00a0que \u00a0s\u00f3lo \u00a0puede ser promovido por el \u00a0demandante, \u00a0dentro \u00a0de \u00a0los cinco (5) d\u00edas siguientes a la notificaci\u00f3n de la \u00a0providencia \u00a0por \u00a0medio \u00a0de la cual la Corte decida no seleccionar la demanda de \u00a0casaci\u00f3n, \u00a0con \u00a0el \u00a0fin \u00a0de provocar que reconsidere lo decido. Tambi\u00e9n podr\u00e1 \u00a0ser \u00a0propuesto oficiosamente por alguno de los Delegados del Ministerio P\u00fablico \u00a0para \u00a0 \u00a0la \u00a0 \u00a0Casaci\u00f3n \u00a0 \u00a0Penal \u00a0 \u00a0\u2013siempre \u00a0que el recurso de casaci\u00f3n no haya sido interpuesto por un \u00a0Procurador \u00a0Judicial\u2013, el \u00a0Magistrado \u00a0disidente \u00a0o \u00a0el Magistrado que no haya participado en los debates y \u00a0suscrito la providencia inadmisoria. \u00a0\u00a0<\/p>\n<p>\u00a0 \u00a0\u00a0 \u00a0\u00a0 \u00a0\u00a05.2. \u00a0La \u00a0solicitud se puede presentar ante el Ministerio P\u00fablico a \u00a0trav\u00e9s \u00a0de sus Delegados para la Casaci\u00f3n Penal, o ante uno de los Magistrados \u00a0que \u00a0haya \u00a0salvado \u00a0voto \u00a0en \u00a0cuanto \u00a0a la decisi\u00f3n mayoritaria de inadmitir la \u00a0demanda \u00a0 o \u00a0ante \u00a0uno \u00a0de \u00a0los \u00a0Magistrados \u00a0que \u00a0no \u00a0haya \u00a0intervenido \u00a0en \u00a0la \u00a0discusi\u00f3n. \u00a0\u00a0<\/p>\n<p>\u00a0 \u00a0\u00a0 \u00a0\u00a0 \u00a0\u00a05.3. \u00a0Es \u00a0potestativo del Magistrado disidente, del que no intervino \u00a0en \u00a0los \u00a0debates o del Delegado del Ministerio P\u00fablico ante quien se formula la \u00a0insistencia, \u00a0optar \u00a0por \u00a0someter \u00a0el \u00a0asunto \u00a0a \u00a0consideraci\u00f3n de la Sala o no \u00a0presentarlo \u00a0para \u00a0su \u00a0revisi\u00f3n, \u00a0evento \u00a0\u00faltimo \u00a0en que informar\u00e1 de ello al \u00a0peticionario en un plazo de quince (15) d\u00edas. \u00a0\u00a0<\/p>\n<p>\u00a0 \u00a0 \u00a0 \u00a0 \u00a0<\/p>\n<p>5.4. \u00a0El \u00a0auto \u00a0a \u00a0trav\u00e9s \u00a0del \u00a0cual \u00a0no se \u00a0selecciona \u00a0la \u00a0demanda \u00a0de \u00a0casaci\u00f3n \u00a0trae \u00a0como consecuencia la firmeza de la \u00a0sentencia \u00a0de \u00a0segunda \u00a0instancia \u00a0contra \u00a0la \u00a0cual \u00a0se \u00a0formul\u00f3 \u00a0el recurso de \u00a0casaci\u00f3n, \u00a0salvo \u00a0que \u00a0la \u00a0insistencia prospere y conlleve a la admisi\u00f3n de la \u00a0demanda. \u00a0\u00a0<\/p>\n<p>A m\u00e9rito de lo expuesto, la Corte Suprema de \u00a0Justicia, Sala de Casaci\u00f3n Penal, \u00a0\u00a0<\/p>\n<p>RESUELVE : \u00a0<\/p>\n<p>\u00a0 \u00a0 \u00a0 \u00a0 \u00a0<\/p>\n<p>1. \u00a0 INADMITIR \u00a0la \u00a0demanda \u00a0de \u00a0casaci\u00f3n \u00a0presentada \u00a0por \u00a0el \u00a0defensor \u00a0del \u00a0procesado \u00a0Gustavo Adolfo Vi\u00e1fara Arboleda. \u00a0Y, \u00a0\u00a0<\/p>\n<p>2. \u00a0 \u00a0 \u00a0 \u00a0 \u00a0 ADVERTIR \u00a0 que \u00a0 de \u00a0conformidad \u00a0con \u00a0lo \u00a0dispuesto \u00a0 en \u00a0 el \u00a0art\u00edculo \u00a0184 \u00a0de \u00a0la \u00a0ley \u00a0906 \u00a0de \u00a02004, \u00a0es \u00a0viable \u00a0la \u00a0interposici\u00f3n \u00a0del \u00a0mecanismo \u00a0de insistencia en los t\u00e9rminos precisados\u00a0 \u00a0atr\u00e1s por la Sala. \u00a0\u00a0<\/p>\n<p>C\u00f3piese, \u00a0notif\u00edquese \u00a0y \u00a0devu\u00e9lvase \u00a0al \u00a0Tribunal de origen. \u00a0\u00a0<\/p>\n<p>C\u00famplase. \u00a0<\/p>\n<p>MAR\u00cdA \u00a0 DEL \u00a0 ROSARIO \u00a0 GONZ\u00c1LEZ \u00a0 DE \u00a0LEMOS \u00a0\u00a0<\/p>\n<p>Comisi\u00f3n de servicio \u00a0<\/p>\n<p>JOS\u00c9 LEONIDAS BUSTOS MART\u00cdNEZ \u00a0\u00a0 \u00a0\u00a0 \u00a0\u00a0 \u00a0\u00a0 \u00a0\u00a0 \u00a0\u00a0 \u00a0 \u00a0 \u00a0 \u00a0 \u00a0SIGIFREDO \u00a0ESPINOSA \u00a0P\u00c9REZ \u00a0\u00a0<\/p>\n<p>\u00a0\u00a0\u00a0\u00a0\u00a0 \u00a0<\/p>\n<p>ALFREDO \u00a0 \u00a0 \u00a0 \u00a0 \u00a0 G\u00d3MEZ \u00a0QUINTERO\u00a0\u00a0\u00a0\u00a0\u00a0\u00a0\u00a0\u00a0\u00a0\u00a0\u00a0\u00a0\u00a0\u00a0\u00a0\u00a0\u00a0\u00a0\u00a0\u00a0\u00a0\u00a0\u00a0\u00a0\u00a0\u00a0\u00a0\u00a0 \u00a0AUGUSTO \u00a0 \u00a0 \u00a0 \u00a0 \u00a0 \u00a0 \u00a0 \u00a0 \u00a0 \u00a0 \u00a0 \u00a0 \u00a0 \u00a0 \u00a0 \u00a0J. \u00a0 \u00a0 \u00a0 \u00a0 \u00a0 \u00a0 \u00a0 \u00a0 \u00a0 \u00a0 \u00a0 \u00a0 \u00a0 \u00a0 \u00a0 IB\u00c1\u00d1EZ \u00a0GUZM\u00c1N\u00a0\u00a0\u00a0\u00a0\u00a0\u00a0\u00a0\u00a0\u00a0\u00a0\u00a0\u00a0\u00a0\u00a0\u00a0\u00a0\u00a0\u00a0\u00a0\u00a0\u00a0\u00a0\u00a0\u00a0\u00a0\u00a0\u00a0\u00a0\u00a0 \u00a0\u00a0<\/p>\n<p>JORGE \u00a0 \u00a0 \u00a0 LUIS \u00a0 \u00a0 \u00a0 QUINTERO \u00a0MILAN\u00c9S\u00a0\u00a0\u00a0\u00a0\u00a0\u00a0\u00a0\u00a0\u00a0\u00a0\u00a0\u00a0\u00a0\u00a0\u00a0\u00a0\u00a0\u00a0\u00a0\u00a0\u00a0\u00a0 \u00a0YESID \u00a0 RAM\u00cdREZ \u00a0 BASTIDAS \u00a0 \u00a0 \u00a0\u00a0 \u00a0\u00a0 \u00a0\u00a0 \u00a0 \u00a0 \u00a0 \u00a0 \u00a0\u00a0 \u00a0\u00a0 \u00a0 \u00a0 \u00a0 \u00a0\u00a0 \u00a0 \u00a0 \u00a0 \u00a0\u00a0 \u00a0 \u00a0 \u00a0 \u00a0\u00a0 \u00a0 \u00a0 \u00a0 \u00a0\u00a0\u00a0\u00a0\u00a0\u00a0\u00a0\u00a0\u00a0\u00a0 \u00a0\u00a0<\/p>\n<p>JULIO \u00a0 \u00a0 \u00a0 \u00a0E. \u00a0 \u00a0 \u00a0 \u00a0SOCHA \u00a0SALAMANCA\u00a0\u00a0\u00a0\u00a0\u00a0\u00a0\u00a0\u00a0\u00a0\u00a0\u00a0\u00a0\u00a0\u00a0\u00a0\u00a0\u00a0\u00a0\u00a0\u00a0\u00a0\u00a0\u00a0\u00a0\u00a0\u00a0\u00a0\u00a0\u00a0\u00a0\u00a0\u00a0\u00a0\u00a0\u00a0\u00a0\u00a0\u00a0\u00a0 \u00a0JAVIER ZAPATA ORTIZ \u00a0\u00a0<\/p>\n<p>TERESA \u00a0 \u00a0RUIZ \u00a0N\u00da\u00d1EZ \u00a0\u00a0<\/p>\n<p>Secretaria \u00a0\u00a0<\/p>\n<p>\u00a0 \u00a0\u00a0<\/p>\n<p>1 Corte \u00a0Suprema \u00a0de \u00a0Justicia, \u00a0Sala de Casaci\u00f3n Penal, autos \u00a0del \u00a024 de noviembre de 2005, Radicado 24.323; del 14 \u00a0de \u00a0febrero \u00a0de \u00a02006, \u00a0Radicado\u00a0 \u00a024.611; y del\u00a0 23 de marzo de 2006, \u00a0Radicado 25.197, entre otros.\u00a0 \u00a0 \u00a0\u00a0<\/p>\n<p><\/p>\n","protected":false},"excerpt":{"rendered":"<p>\u00a0 \u00a0 Proceso n.\u00ba 34215 \u00a0 CORTE SUPREMA DE JUSTICIA \u00a0 SALA DE CASACI\u00d3N PENAL \u00a0 Magistrado ponente: \u00a0 YESID \u00a0 \u00a0RAM\u00cdREZ \u00a0BASTIDAS \u00a0\u00a0 \u00a0\u00a0\u00a0\u00a0\u00a0\u00a0\u00a0\u00a0\u00a0\u00a0\u00a0\u00a0\u00a0\u00a0\u00a0\u00a0\u00a0\u00a0\u00a0\u00a0\u00a0\u00a0\u00a0\u00a0\u00a0\u00a0\u00a0\u00a0\u00a0\u00a0\u00a0\u00a0\u00a0\u00a0 \u00a0Aprobado Acta N\u00b0 260. \u00a0\u00a0 Bogot\u00e1, D. C., agosto dieciocho (18) de dos \u00a0mil diez (2010). \u00a0\u00a0 VISTOS: \u00a0 Se procede a resolver sobre la admisibilidad \u00a0de \u00a0la \u00a0demanda \u00a0de [&hellip;]<\/p>\n","protected":false},"author":1,"featured_media":0,"comment_status":"open","ping_status":"open","sticky":false,"template":"","format":"standard","meta":{"footnotes":""},"categories":[18],"tags":[],"class_list":["post-21176","post","type-post","status-publish","format-standard","hentry","category-18"],"_links":{"self":[{"href":"https:\/\/dmsjuridica.com\/buscador_20179478954\/salapenalcronologico20230723\/wp-json\/wp\/v2\/posts\/21176","targetHints":{"allow":["GET"]}}],"collection":[{"href":"https:\/\/dmsjuridica.com\/buscador_20179478954\/salapenalcronologico20230723\/wp-json\/wp\/v2\/posts"}],"about":[{"href":"https:\/\/dmsjuridica.com\/buscador_20179478954\/salapenalcronologico20230723\/wp-json\/wp\/v2\/types\/post"}],"author":[{"embeddable":true,"href":"https:\/\/dmsjuridica.com\/buscador_20179478954\/salapenalcronologico20230723\/wp-json\/wp\/v2\/users\/1"}],"replies":[{"embeddable":true,"href":"https:\/\/dmsjuridica.com\/buscador_20179478954\/salapenalcronologico20230723\/wp-json\/wp\/v2\/comments?post=21176"}],"version-history":[{"count":0,"href":"https:\/\/dmsjuridica.com\/buscador_20179478954\/salapenalcronologico20230723\/wp-json\/wp\/v2\/posts\/21176\/revisions"}],"wp:attachment":[{"href":"https:\/\/dmsjuridica.com\/buscador_20179478954\/salapenalcronologico20230723\/wp-json\/wp\/v2\/media?parent=21176"}],"wp:term":[{"taxonomy":"category","embeddable":true,"href":"https:\/\/dmsjuridica.com\/buscador_20179478954\/salapenalcronologico20230723\/wp-json\/wp\/v2\/categories?post=21176"},{"taxonomy":"post_tag","embeddable":true,"href":"https:\/\/dmsjuridica.com\/buscador_20179478954\/salapenalcronologico20230723\/wp-json\/wp\/v2\/tags?post=21176"}],"curies":[{"name":"wp","href":"https:\/\/api.w.org\/{rel}","templated":true}]}}