{"id":21157,"date":"2023-09-11T22:55:07","date_gmt":"2023-09-11T22:55:07","guid":{"rendered":"https:\/\/dmsjuridica.com\/buscador_20179478954\/salapenalcronologico20230723\/2023\/09\/11\/3416726-05-10\/"},"modified":"2023-09-11T22:55:07","modified_gmt":"2023-09-11T22:55:07","slug":"3416726-05-10","status":"publish","type":"post","link":"https:\/\/dmsjuridica.com\/buscador_20179478954\/salapenalcronologico20230723\/2023\/09\/11\/3416726-05-10\/","title":{"rendered":"34167(26-05-10)"},"content":{"rendered":"\n<p>\u00a0 \u00a0 \u00a0\u00a0<\/p>\n<p>Proceso n.\u00ba 34167 \u00a0<\/p>\n<p>CORTE SUPREMA DE JUSTICIA \u00a0<\/p>\n<p>SALA DE CASACI\u00d3N PENAL \u00a0<\/p>\n<p>Magistrada Ponente: \u00a0<\/p>\n<p>MAR\u00cdA \u00a0 \u00a0DEL \u00a0 \u00a0ROSARIO \u00a0 GONZ\u00c1LEZ \u00a0 DE \u00a0LEMOS \u00a0\u00a0<\/p>\n<p>Aprobado Acta No. 168 \u00a0<\/p>\n<p>Bogot\u00e1 D.C., veintis\u00e9is (26) de mayo de dos \u00a0mil diez (2010). \u00a0\u00a0<\/p>\n<p>VISTOS \u00a0<\/p>\n<p>\u00a0 \u00a0\u00a0 \u00a0\u00a0 \u00a0\u00a0La \u00a0Sala \u00a0define la competencia del presente asunto, remitido por el \u00a0Juzgado \u00a0Primero \u00a0Penal \u00a0Municipal \u00a0de Fusagasuga, al considerar que el despacho \u00a0judicial \u00a0competente \u00a0para \u00a0conocer \u00a0la \u00a0acusaci\u00f3n por inasistencia alimentaria \u00a0presentada \u00a0por \u00a0la \u00a0fiscal\u00eda \u00a0de \u00a0ese \u00a0municipio \u00a0en \u00a0contra \u00a0de \u00a0YILBER \u00a0LUENGAS VARGAS, es su hom\u00f3logo de \u00a0Melgar. \u00a0\u00a0<\/p>\n<p>HECHOS Y ANTECEDENTES PROCESALES \u00a0<\/p>\n<p>En \u00a0 el \u00a0 mes \u00a0 de \u00a0 agosto \u00a0de \u00a02007, \u00a0la \u00a0se\u00f1ora Adriana Milena Ben\u00edtez Mart\u00ednez, \u00a0 madre \u00a0 de \u00a0 la \u00a0 menor \u00a0 N. \u00a0A. \u00a0L. \u00a0B.1 \u00a0de \u00a04 \u00a0a\u00f1os \u00a0de \u00a0edad \u00a0para esa fecha, \u00a0formul\u00f3 \u00a0ante \u00a0la \u00a0Fiscal\u00eda \u00a0Local \u00a0de \u00a0Fusagasuga \u00a0denuncia \u00a0por inasistencia \u00a0alimentaria \u00a0 \u00a0en \u00a0 \u00a0contra \u00a0 \u00a0de \u00a0 YILBER \u00a0 LUENGAS \u00a0VARGAS, por haberse sustra\u00eddo a dar alimentos y ayuda \u00a0econ\u00f3mica \u00a0a \u00a0su \u00a0hija, \u00a0derivada \u00a0de \u00a0la condici\u00f3n de padre de la menor, cuya \u00a0cuant\u00eda \u00a0 ascend\u00eda \u00a0a \u00a0la \u00a0suma \u00a0de \u00a0cuatro \u00a0millones \u00a0treinta \u00a0mil \u00a0pesos \u00a0($ \u00a04.030.000.00). \u00a0\u00a0<\/p>\n<p>El \u00a016 \u00a0de \u00a0marzo \u00a0de \u00a02010, la Fiscal\u00eda en \u00a0audiencia \u00a0preliminar \u00a0ante \u00a0el Juzgado Segundo Penal Municipal con funciones de \u00a0control \u00a0de \u00a0garant\u00edas \u00a0de \u00a0Fusagasuga, \u00a0formul\u00f3 \u00a0imputaci\u00f3n \u00a0a \u00a0LUENGAS \u00a0 VARGAS, \u00a0 por \u00a0 el \u00a0delito \u00a0de \u00a0inasistencia alimentaria. \u00a0\u00a0<\/p>\n<p>\u00a0 \u00a0\u00a0 \u00a0\u00a0 \u00a0\u00a0El \u00a015 \u00a0de \u00a0abril \u00a0de \u00a02010, \u00a0la \u00a0Fiscal\u00eda \u00a0radic\u00f3 \u00a0el \u00a0escrito de \u00a0acusaci\u00f3n \u00a0 ante \u00a0 el \u00a0 Juzgado \u00a0 Primero \u00a0Penal \u00a0Municipal \u00a0con \u00a0funciones \u00a0de \u00a0conocimiento de Fusagasuga. \u00a0\u00a0<\/p>\n<p>El 4 de mayo del mismo a\u00f1o, en audiencia de \u00a0formulaci\u00f3n \u00a0de \u00a0acusaci\u00f3n \u00a0la \u00a0denunciante \u00a0manifest\u00f3 residir con su hija en \u00a0Melgar \u00a0desde \u00a0el \u00a02008, \u00a0raz\u00f3n por la cual el juez declar\u00f3 que la competencia \u00a0por \u00a0el \u00a0factor \u00a0territorial \u00a0para \u00a0conocer \u00a0el \u00a0juzgamiento contra LUENGAS \u00a0VARGAS \u00a0recae en su hom\u00f3logo de \u00a0la \u00a0referida \u00a0localidad \u00a0y \u00a0por \u00a0tratarse \u00a0de \u00a0despachos de diferentes Distritos \u00a0Judiciales \u00a0decidi\u00f3 \u00a0remitir \u00a0la actuaci\u00f3n a la Sala Penal de la Corte Suprema \u00a0de Justicia para que dirima el tema. \u00a0\u00a0<\/p>\n<p>CONSIDERACIONES DE LA SALA \u00a0<\/p>\n<p>La \u00a0Corte \u00a0es \u00a0competente \u00a0para \u00a0decidir \u00a0el \u00a0asunto, \u00a0habida cuenta que el numeral 4\u00b0 del art\u00edculo 32 de la Ley 906 de 2004 \u00a0le \u00a0 \u00a0asigna \u00a0 \u00a0el \u00a0 \u00a0conocimiento \u00a0 \u201cde \u00a0la \u00a0definici\u00f3n de competencia cuando se trate de (\u2026) \u00a0 \u00a0 juzgados \u00a0 \u00a0de \u00a0 \u00a0diferentes \u00a0distritos\u201d, como \u00a0ocurre \u00a0en este caso que involucra despachos de Cundinamarca y \u00a0Tolima. \u00a0\u00a0<\/p>\n<p>La \u00a0inasistencia \u00a0alimentaria \u00a0es un delito de car\u00e1cter permanente y de \u00a0tracto \u00a0sucesivo \u00a0en \u00a0cuanto \u00a0a su proceso de consumaci\u00f3n, pues comienza con el \u00a0incumplimiento \u00a0de \u00a0la \u00a0primera mesada debida y se prolonga todo el tiempo de la \u00a0omisi\u00f3n, \u00a0de \u00a0suerte que durante el per\u00edodo en el cual el alimentante evade su \u00a0obligaci\u00f3n la conducta il\u00edcita se est\u00e1 cometiendo. \u00a0\u00a0<\/p>\n<p>Con \u00a0frecuencia ocurre que luego de iniciada \u00a0la \u00a0acci\u00f3n \u00a0penal, \u00a0el acreedor alimentario fija su domicilio en otro lugar, lo \u00a0cual \u00a0no conlleva necesariamente la variaci\u00f3n de la sede para el juzgamiento en \u00a0cuesti\u00f3n, \u00a0pues, \u00a0las mudanzas pueden ser indefinidas seg\u00fan las circunstancias \u00a0del \u00a0 titular \u00a0 del \u00a0 derecho \u00a0 a \u00a0percibir \u00a0alimentos \u00a0o \u00a0de \u00a0su \u00a0representante \u00a0legal. \u00a0\u00a0<\/p>\n<p>En \u00a0tal evento, de aplicarse literalmente lo \u00a0expresado \u00a0por \u00a0el \u00a0Juez Primero Penal Municipal con funci\u00f3n de Conocimiento de \u00a0Fusagasuga, \u00a0se \u00a0llegar\u00eda \u00a0al \u00a0absurdo \u00a0de \u00a0admitir tantos jueces temporalmente \u00a0competentes \u00a0 como \u00a0 ciudades \u00a0o \u00a0poblaciones \u00a0acogiesen \u00a0al \u00a0sujeto \u00a0pasivo \u00a0de \u00a0inasistencia alimentaria. \u00a0\u00a0<\/p>\n<p>\u00a0 \u00a0\u00a0 \u00a0\u00a0 \u00a0\u00a0Observa \u00a0la \u00a0Sala que la denuncia fue presentada en Fusagasuga donde \u00a0resid\u00eda \u00a0la \u00a0menor, \u00a0y fue en ese lugar donde la fiscal\u00eda present\u00f3 el escrito \u00a0de \u00a0acusaci\u00f3n. \u00a0Ahora, \u00a0la \u00a0variaci\u00f3n \u00a0del sitio de residencia de la acreedora \u00a0alimentaria \u00a0a Melgar no constituye motivo legal para determinar como competente \u00a0al \u00a0funcionario \u00a0judicial \u00a0de \u00a0esta \u00a0localidad en el juzgamiento de LUENGAS VARGAS. \u00a0\u00a0<\/p>\n<p>No \u00a0acierta \u00a0el \u00a0juez \u00a0de \u00a0Fusagasuga \u00a0en su \u00a0planteamiento, \u00a0porque \u00a0la competencia territorial no se determina por el cambio \u00a0de \u00a0domicilio de la titular del derecho, ya que aceptarlo ser\u00eda permitir que el \u00a0proceso \u00a0siga \u00a0los pasos del acreedor alimentario con desmedro en la celeridad y \u00a0econom\u00eda en la administraci\u00f3n de justicia. \u00a0\u00a0<\/p>\n<p>Es \u00a0la \u00a0ley \u00a0la \u00a0que \u00a0exclusivamente fija la \u00a0competencia \u00a0del \u00a0juzgamiento, lo cual se determina con las pautas que establece \u00a0y \u00a0entre \u00a0ellas \u00a0no se encuentra las variaciones de residencia del sujeto pasivo \u00a0de la infracci\u00f3n penal. \u00a0\u00a0<\/p>\n<p>En \u00a0orden \u00a0a \u00a0definir la competencia en este \u00a0asunto, \u00a0y \u00a0atendidos \u00a0los \u00a0argumentos del juzgado que se abstiene de conocer el \u00a0caso, \u00a0resulta \u00a0pertinente \u00a0examinar \u00a0la \u00a0situaci\u00f3n \u00a0desde \u00a0la \u00a0perspectiva del \u00a0art\u00edculo 43 de la Ley 906 de 2004. \u00a0\u00a0<\/p>\n<p>En \u00a0 \u00a0efecto, \u00a0 \u00a0la \u00a0 \u00a0Corte2 \u00a0ha se\u00f1alado \u00a0que \u00a0el \u00a0delito \u00a0de \u00a0inasistencia \u00a0alimentaria, adelantado al amparo del sistema \u00a0penal \u00a0acusatorio, \u00a0corresponde \u00a0a \u00a0la \u00a0orbita \u00a0de \u00a0competencia \u00a0del \u00a0Juez Penal \u00a0Municipal \u00a0con \u00a0funciones \u00a0de conocimiento del lugar donde ocurri\u00f3 el delito, y \u00a0si \u00a0sucedi\u00f3 en varios sitios, ser\u00e1 competente aquel donde la fiscal\u00eda formule \u00a0la acusaci\u00f3n, tal como lo se\u00f1ala la citada disposici\u00f3n. \u00a0\u00a0<\/p>\n<p>En \u00a0el \u00a0caso \u00a0sometido a estudio de la Sala, \u00a0surge \u00a0evidente \u00a0que \u00a0si el 15 de abril de 2010 la Fiscal\u00eda Local de Fusagasuga \u00a0radic\u00f3 \u00a0el \u00a0escrito \u00a0de \u00a0acusaci\u00f3n ante el Juzgado Primero Penal Municipal con \u00a0funciones \u00a0de \u00a0conocimiento \u00a0del mismo municipio, es a esta autoridad judicial a \u00a0la cual le corresponde conocer el juzgamiento. \u00a0\u00a0<\/p>\n<p>Por consiguiente, se definir\u00e1 en este asunto \u00a0declarando \u00a0 que \u00a0la \u00a0competencia \u00a0para \u00a0conocer \u00a0del \u00a0punible \u00a0de \u00a0inasistencia \u00a0alimentaria \u00a0 \u00a0seguido \u00a0 \u00a0contra \u00a0 \u00a0YILBER \u00a0 LUENGAS \u00a0VARGAS, \u00a0radica \u00a0en el Juzgado Primero Penal Municipal \u00a0de \u00a0Fusagasuga \u00a0con \u00a0funciones de conocimiento, despacho al cual se remitir\u00e1 de \u00a0inmediato el expediente. \u00a0\u00a0<\/p>\n<p>\u00a0 \u00a0\u00a0 \u00a0\u00a0 \u00a0\u00a0En \u00a0m\u00e9rito \u00a0a \u00a0lo \u00a0expuesto, \u00a0la CORTE SUPREMA DE JUSTICIA, SALA DE \u00a0CASACION PENAL, \u00a0\u00a0<\/p>\n<p>RESUELVE \u00a0<\/p>\n<p>\u00a0 \u00a0\u00a0 \u00a0\u00a0 \u00a0\u00a0DEFINIR \u00a0 la \u00a0competencia \u00a0en \u00a0este \u00a0caso \u00a0asignando \u00a0su \u00a0conocimiento, \u00a0al \u00a0Juzgado Primero Penal Municipal de Fusagasuga, \u00a0despacho \u00a0a \u00a0donde se remitir\u00e1 el diligenciamiento para lo de su cargo conforme \u00a0a las razones expuestas en la anterior motivaci\u00f3n. \u00a0\u00a0<\/p>\n<p>Contra \u00a0esta \u00a0providencia no procede recurso \u00a0alguno. \u00a0\u00a0<\/p>\n<p>Comun\u00edquese y c\u00famplase, \u00a0<\/p>\n<p>MAR\u00cdA \u00a0 DEL \u00a0 ROSARIO \u00a0 GONZ\u00c1LEZ \u00a0 DE \u00a0LEMOS \u00a0\u00a0<\/p>\n<p>JOS\u00c9 LEONIDAS BUSTOS MART\u00cdNEZ \u00a0\u00a0 \u00a0\u00a0 \u00a0\u00a0 \u00a0\u00a0 \u00a0\u00a0 \u00a0\u00a0 \u00a0 \u00a0 \u00a0 \u00a0 \u00a0 \u00a0SIGIFREDO \u00a0 \u00a0 ESPINOSA \u00a0P\u00c9REZ \u00a0\u00a0<\/p>\n<p>ALFREDO \u00a0 G\u00d3MEZ \u00a0 QUINTERO \u00a0\u00a0 \u00a0\u00a0 \u00a0\u00a0 \u00a0\u00a0 \u00a0\u00a0 \u00a0\u00a0 \u00a0 \u00a0\u00a0 \u00a0 \u00a0\u00a0AUGUSTO \u00a0 \u00a0J. \u00a0 \u00a0IB\u00c1\u00d1EZ \u00a0GUZM\u00c1N \u00a0\u00a0<\/p>\n<p>JORGE \u00a0LUIS \u00a0QUINTERO \u00a0MILANES \u00a0\u00a0 \u00a0\u00a0 \u00a0\u00a0 \u00a0\u00a0 \u00a0\u00a0 \u00a0\u00a0 \u00a0 \u00a0 \u00a0\u00a0 \u00a0 \u00a0 \u00a0\u00a0YESID \u00a0 \u00a0 \u00a0RAM\u00cdREZ \u00a0BASTIDAS \u00a0\u00a0<\/p>\n<p>JULIO \u00a0ENRIQUE \u00a0SOCHA SALAMANCA \u00a0\u00a0 \u00a0\u00a0 \u00a0\u00a0 \u00a0\u00a0 \u00a0\u00a0 \u00a0\u00a0 \u00a0 \u00a0JAVIER ZAPATA ORT\u00cdZ \u00a0\u00a0<\/p>\n<p>TERESA RUIZ N\u00da\u00d1EZ \u00a0<\/p>\n<p>Secretaria \u00a0<\/p>\n<p>\u00a0 \u00a0\u00a0<\/p>\n<p>1 Como \u00a0esta \u00a0providencia \u00a0puede \u00a0ser \u00a0publicada, \u00a0se \u00a0omite \u00a0el \u00a0nombre de la menor, de \u00a0conformidad \u00a0con lo normado en el numeral 8\u00b0 del art\u00edculo 47 de la Ley 1098 de \u00a02006 \u00a0\u201cpor \u00a0la \u00a0cual \u00a0se \u00a0expide \u00a0 \u00a0el \u00a0 \u00a0C\u00f3digo \u00a0 de \u00a0 la \u00a0 Infancia \u00a0 y \u00a0 la \u00a0 Adolescencia\u201d. \u00a0\u00a0<\/p>\n<p>2 \u00a0Auto \u00a0 del \u00a0 19 \u00a0 de \u00a0 agosto \u00a0 de \u00a0 2009. \u00a0Radicado \u00a032215. \u00a0 \u00a0\u00a0<\/p>\n<p><\/p>\n","protected":false},"excerpt":{"rendered":"<p>\u00a0 \u00a0 \u00a0\u00a0 Proceso n.\u00ba 34167 \u00a0 CORTE SUPREMA DE JUSTICIA \u00a0 SALA DE CASACI\u00d3N PENAL \u00a0 Magistrada Ponente: \u00a0 MAR\u00cdA \u00a0 \u00a0DEL \u00a0 \u00a0ROSARIO \u00a0 GONZ\u00c1LEZ \u00a0 DE \u00a0LEMOS \u00a0\u00a0 Aprobado Acta No. 168 \u00a0 Bogot\u00e1 D.C., veintis\u00e9is (26) de mayo de dos \u00a0mil diez (2010). \u00a0\u00a0 VISTOS \u00a0 \u00a0 \u00a0\u00a0 \u00a0\u00a0 \u00a0\u00a0La \u00a0Sala [&hellip;]<\/p>\n","protected":false},"author":1,"featured_media":0,"comment_status":"open","ping_status":"open","sticky":false,"template":"","format":"standard","meta":{"footnotes":""},"categories":[18],"tags":[],"class_list":["post-21157","post","type-post","status-publish","format-standard","hentry","category-18"],"_links":{"self":[{"href":"https:\/\/dmsjuridica.com\/buscador_20179478954\/salapenalcronologico20230723\/wp-json\/wp\/v2\/posts\/21157","targetHints":{"allow":["GET"]}}],"collection":[{"href":"https:\/\/dmsjuridica.com\/buscador_20179478954\/salapenalcronologico20230723\/wp-json\/wp\/v2\/posts"}],"about":[{"href":"https:\/\/dmsjuridica.com\/buscador_20179478954\/salapenalcronologico20230723\/wp-json\/wp\/v2\/types\/post"}],"author":[{"embeddable":true,"href":"https:\/\/dmsjuridica.com\/buscador_20179478954\/salapenalcronologico20230723\/wp-json\/wp\/v2\/users\/1"}],"replies":[{"embeddable":true,"href":"https:\/\/dmsjuridica.com\/buscador_20179478954\/salapenalcronologico20230723\/wp-json\/wp\/v2\/comments?post=21157"}],"version-history":[{"count":0,"href":"https:\/\/dmsjuridica.com\/buscador_20179478954\/salapenalcronologico20230723\/wp-json\/wp\/v2\/posts\/21157\/revisions"}],"wp:attachment":[{"href":"https:\/\/dmsjuridica.com\/buscador_20179478954\/salapenalcronologico20230723\/wp-json\/wp\/v2\/media?parent=21157"}],"wp:term":[{"taxonomy":"category","embeddable":true,"href":"https:\/\/dmsjuridica.com\/buscador_20179478954\/salapenalcronologico20230723\/wp-json\/wp\/v2\/categories?post=21157"},{"taxonomy":"post_tag","embeddable":true,"href":"https:\/\/dmsjuridica.com\/buscador_20179478954\/salapenalcronologico20230723\/wp-json\/wp\/v2\/tags?post=21157"}],"curies":[{"name":"wp","href":"https:\/\/api.w.org\/{rel}","templated":true}]}}