{"id":21076,"date":"2023-09-11T22:55:03","date_gmt":"2023-09-11T22:55:03","guid":{"rendered":"https:\/\/dmsjuridica.com\/buscador_20179478954\/salapenalcronologico20230723\/2023\/09\/11\/3400626-05-10\/"},"modified":"2023-09-11T22:55:03","modified_gmt":"2023-09-11T22:55:03","slug":"3400626-05-10","status":"publish","type":"post","link":"https:\/\/dmsjuridica.com\/buscador_20179478954\/salapenalcronologico20230723\/2023\/09\/11\/3400626-05-10\/","title":{"rendered":"34006(26-05-10)"},"content":{"rendered":"\n<p>\u00a0 \u00a0 \u00a0\u00a0<\/p>\n<p>Proceso n.\u00ba 34006 \u00a0<\/p>\n<p>CORTE SUPREMA DE JUSTICIA \u00a0<\/p>\n<p>SALA DE CASACI\u00d3N PENAL \u00a0<\/p>\n<p>Magistrado Ponente \u00a0<\/p>\n<p>JOS\u00c9 LEONIDAS BUSTOS MART\u00cdNEZ \u00a0<\/p>\n<p>Aprobado acta N\u00ba 168 \u00a0<\/p>\n<p>Bogot\u00e1 D.C., mayo\u00a0 veintis\u00e9is de\u00a0 \u00a0de dos mil diez. \u00a0\u00a0<\/p>\n<p>La \u00a0 Sala \u00a0 resuelve \u00a0 la \u00a0 definici\u00f3n \u00a0de \u00a0competencia\u00a0 \u00a0promovida \u00a0por \u00a0una \u00a0Magistrada \u00a0con \u00a0Funciones de Control de \u00a0Garant\u00edas \u00a0 de \u00a0 la \u00a0 Sala \u00a0 de \u00a0 Justicia \u00a0y \u00a0Paz \u00a0del \u00a0Tribunal \u00a0Superior \u00a0de \u00a0Barranquilla,\u00a0 \u00a0quien \u00a0considera \u00a0que \u00a0no \u00a0es \u00a0la \u00a0llamada \u00a0a \u00a0resolver una \u00a0solicitud \u00a0 de \u00a0 libertad \u00a0 provisional, \u00a0 elevada \u00a0 por \u00a0el \u00a0desmovilizado \u00a0del \u00a0\u201cBloque \u00a0 \u00a0 Central \u00a0Bol\u00edvar-Frente \u00a0 \u00a0 Fidel \u00a0 \u00a0Casta\u00f1o\u201d \u00a0 de \u00a0 las \u00a0 Autodefensas \u00a0Unidas \u00a0de \u00a0Colombia,\u00a0 \u00a0\u00d3MAR \u00a0SOSA \u00a0MONSALVE;\u00a0 \u00a0y \u00a0que \u00a0en \u00a0cambio \u00a0el competente para tramitar y decidir dicha \u00a0petici\u00f3n \u00a0es \u00a0el \u00a0Juez \u00a0de \u00a0Ejecuci\u00f3n \u00a0de \u00a0Penas \u00a0y \u00a0Medidas \u00a0de \u00a0Seguridad de \u00a0Bucaramanga.\u00a0 \u00a0\u00a0<\/p>\n<p>ANTECEDENTES \u00a0<\/p>\n<p>Se indica en la actuaci\u00f3n que el se\u00f1or \u00d3MAR \u00a0SOSA \u00a0MONSALVE \u00a0se encuentra privado de la libertad desde el 18 de junio de 2004 \u00a0en \u00a0relaci\u00f3n \u00a0con \u00a0un \u00a0proceso \u00a0penal \u00a0en \u00a0el \u00a0que se le conden\u00f3 en calidad de \u00a0determinador \u00a0de \u00a0los homicidios de Germ\u00e1n Rafael Jaimes Torra y Augusto Corso, \u00a0perpetrados \u00a0el \u00a020 \u00a0de \u00a0marzo \u00a0de \u00a02002 \u00a0en la ciudad de Barrancabermeja,\u00a0 \u00a0mediante \u00a0sentencia \u00a0de \u00a09 \u00a0de marzo de 2007 en la cual se le impuso una pena de \u00a0cuarenta \u00a0a\u00f1os \u00a0de prisi\u00f3n, la que fue confirmada por el Tribunal Superior del \u00a0Distrito \u00a0Judicial \u00a0de \u00a0Bucaramanga en decisi\u00f3n de septiembre 21 de 2009,\u00a0 \u00a0debidamente ejecutoriada. \u00a0\u00a0<\/p>\n<p>Aunque \u00a0 el \u00a0 nombre \u00a0 del \u00a0 se\u00f1or \u00a0 SOSA \u00a0MONSALVE\u00a0 \u00a0hizo \u00a0parte \u00a0de \u00a0la \u00a0lista \u00a0de \u00a0las \u00a0personas \u00a0postuladas por el \u00a0Ministerio \u00a0del \u00a0Interior \u00a0y \u00a0de \u00a0Justicia\u00a0 al beneficio de la pena \u00a0alternativa \u00a0contenida en la Ley 975 \u00a0de \u00a02005, \u00a0confeccionada por el Gobierno Nacional, y por tal raz\u00f3n el Fiscal 52 \u00a0de \u00a0la \u00a0unidad Nacional de Justicia y Paz con sede en Bucaramanga lo escuch\u00f3 en \u00a0versi\u00f3n \u00a0libre, la que se llev\u00f3 a cabo los d\u00edas 24 y 25 de marzo, 13, 14 y 15 \u00a0de \u00a0julio \u00a0de \u00a02009, en la que confes\u00f3 varios delitos cometidos con ocasi\u00f3n de \u00a0su \u00a0militancia \u00a0armada \u00a0en las Autodefensas Unidas de Colombia, entre los que se \u00a0encuentran \u00a0los \u00a0hechos \u00a0por los cuales ya fue condenado, tal y como se rese\u00f1\u00f3 \u00a0en \u00a0precedencia; \u00a0a la fecha no se le ha formulado imputaci\u00f3n ni se le\u00a0 ha \u00a0impuesto \u00a0medida \u00a0de \u00a0aseguramiento dentro del proceso adelantado por la Ley 975 \u00a0de 2005. \u00a0\u00a0<\/p>\n<p>El \u00a0desmovilizado \u00a0en cita radic\u00f3 el 22 de \u00a0marzo \u00a0del \u00a0a\u00f1o \u00a0que avanza,\u00a0 solicitud de libertad provisional, aduciendo \u00a0que \u00a0ya \u00a0se \u00a0satisfacen los requisitos previstos en el numeral 1\u00ba del art\u00edculo \u00a0365 de la Ley 906 de 2004. \u00a0\u00a0<\/p>\n<p>En \u00a0la \u00a0audiencia \u00a0convocada \u00a0para decidir la \u00a0petici\u00f3n \u00a0 de \u00a0libertad,\u00a0 \u00a0la \u00a0Magistrada \u00a0con \u00a0Funciones \u00a0de \u00a0Control \u00a0de \u00a0Garant\u00edas \u00a0de \u00a0la \u00a0Sala \u00a0de \u00a0Justicia \u00a0y Paz del Tribunal Superior del Distrito \u00a0Judicial \u00a0de \u00a0Barranquilla, \u00a0celebrada \u00a0el \u00a014 \u00a0de \u00a0abril \u00a0del presente a\u00f1o; se \u00a0declar\u00f3 \u00a0 incompetente \u00a0 para \u00a0resolver \u00a0de \u00a0fondo \u00a0la \u00a0solicitud \u00a0de \u00a0libertad \u00a0provisional, \u00a0y \u00a0orden\u00f3 \u00a0la \u00a0remisi\u00f3n \u00a0de \u00a0la actuaci\u00f3n a esta Corporaci\u00f3n a \u00a0efectos \u00a0de \u00a0que defina cu\u00e1l es la autoridad llamada a pronunciarse sobre dicho \u00a0asunto. \u00a0\u00a0<\/p>\n<p>CONSIDERACIONES \u00a0<\/p>\n<p>La \u00a0Corte \u00a0es \u00a0la \u00a0llamada \u00a0a \u00a0resolver \u00a0la \u00a0definici\u00f3n \u00a0de \u00a0competencia formulada por la Magistrada con Funci\u00f3n de Control \u00a0de \u00a0 Garant\u00edas \u00a0de \u00a0la \u00a0Sala \u00a0de \u00a0Justicia \u00a0y \u00a0Paz \u00a0del \u00a0Tribunal \u00a0Superior \u00a0de \u00a0Barranquilla,\u00a0 \u00a0en \u00a0aplicaci\u00f3n \u00a0de los art\u00edculos 32.4 y 341 de la Ley 906 \u00a0de 2004. \u00a0\u00a0<\/p>\n<p>La \u00a0Sala \u00a0considera que como al desmovilizado \u00a0SOSA \u00a0MONSALVE \u00a0a\u00fan \u00a0no \u00a0se \u00a0le ha formulado la imputaci\u00f3n ni tampoco se le ha \u00a0impuesto \u00a0medida de aseguramiento en relaci\u00f3n con el proceso rituado por la Ley \u00a0975 \u00a0de \u00a02005, \u00a0el \u00a0llamado \u00a0a \u00a0resolver la solicitud liberatoria es el juez que \u00a0vigile \u00a0la \u00a0ejecuci\u00f3n de la pena que en la actualidad se encuentra purgando, ya \u00a0que \u00a0a\u00fan no se halla a disposici\u00f3n de las autoridades judiciales de Justicia y \u00a0Paz, \u00a0 siendo \u00a0por \u00a0tanto \u00a0la \u00a0pena \u00a0alternativa \u00a0una \u00a0simple \u00a0expectativa \u00a0cuyo \u00a0reconocimiento \u00a0depende \u00a0de una serie de factores, ninguno de los cuales se pude \u00a0a\u00fan establecer. \u00a0\u00a0<\/p>\n<p>Basten \u00a0estos \u00a0breves \u00a0planteamientos \u00a0para \u00a0resolver \u00a0la definici\u00f3n de competencia propuesta, en el sentido de disponer que \u00a0sea \u00a0el \u00a0Juez \u00a0de \u00a0Ejecuci\u00f3n \u00a0de Penas y Medidas de Seguridad de Bucaramanga el \u00a0llamado \u00a0 a \u00a0 pronunciarse \u00a0sobre \u00a0la \u00a0solicitud \u00a0de \u00a0libertad \u00a0elevada \u00a0por \u00a0el \u00a0desmovilizado SOSA MONSALVE. \u00a0\u00a0<\/p>\n<p>En m\u00e9rito de lo expuesto la Sala de Casaci\u00f3n \u00a0Penal de la Corte Suprema de Justicia, \u00a0\u00a0<\/p>\n<p>\u00a0 \u00a0\u00a0 \u00a0\u00a0 \u00a0\u00a0RESUELVE \u00a0\u00a0<\/p>\n<p>1\u00ba. DISPONER que el \u00a0competente \u00a0para \u00a0resolver \u00a0la solicitud de libertad\u00a0 elevada por el se\u00f1or \u00a0\u00d3MAR \u00a0SOSA MONSALVE es el Juez de Ejecuci\u00f3n de Penas y Medidas de Seguridad de \u00a0Bucaramanga \u00a0al \u00a0que \u00a0le \u00a0sea asignada la vigilancia de la ejecuci\u00f3n de la pena \u00a0impuesta en su contra. \u00a0\u00a0<\/p>\n<p>2. ORDENAR la remisi\u00f3n de la actuaci\u00f3n a la \u00a0Magistrada \u00a0con \u00a0Funciones \u00a0de \u00a0Control \u00a0de \u00a0Garant\u00edas del Tribunal Superior de \u00a0Barranquilla \u00a0a \u00a0efectos \u00a0de que se expidan las copias que deber\u00e1n ser enviadas \u00a0al \u00a0Juez \u00a0de \u00a0Ejecuci\u00f3n \u00a0de \u00a0Penas \u00a0y Medidas de Seguridad para que resuelva la \u00a0aludida petici\u00f3n de libertad. \u00a0\u00a0<\/p>\n<p>Contra \u00a0esta \u00a0decisi\u00f3n \u00a0no \u00a0procede \u00a0recurso \u00a0alguno. \u00a0\u00a0<\/p>\n<p>Comun\u00edquese y c\u00famplase. \u00a0<\/p>\n<p>MAR\u00cdA \u00a0 \u00a0DEL \u00a0 ROSARIO \u00a0 GONZ\u00c1LEZ \u00a0 DE \u00a0LEMOS \u00a0\u00a0<\/p>\n<p>JOSE \u00a0 \u00a0 \u00a0 LEONIDAS \u00a0 \u00a0 \u00a0 BUSTOS \u00a0MART\u00cdNEZ\u00a0\u00a0\u00a0\u00a0\u00a0\u00a0\u00a0\u00a0\u00a0\u00a0\u00a0\u00a0 \u00a0SIGIFREDO ESPINOSA P\u00c9REZ \u00a0\u00a0<\/p>\n<p>ALFREDO \u00a0G\u00d3MEZ\u00a0 \u00a0QUINTERO \u00a0 \u00a0 \u00a0\u00a0 \u00a0\u00a0 \u00a0\u00a0 \u00a0\u00a0 \u00a0\u00a0 \u00a0 \u00a0 \u00a0 \u00a0 \u00a0 \u00a0 \u00a0 \u00a0 \u00a0 \u00a0 \u00a0 \u00a0 \u00a0 \u00a0 \u00a0 \u00a0 \u00a0 \u00a0 \u00a0 \u00a0 \u00a0 \u00a0 \u00a0 \u00a0 \u00a0 \u00a0\u00a0\u00a0\u00a0\u00a0\u00a0\u00a0 \u00a0 \u00a0 \u00a0 \u00a0\u00a0 \u00a0\u00a0 \u00a0\u00a0\u00a0\u00a0 AUGUSTO J. \u00a0IBA\u00d1EZ \u00a0 \u00a0 GUZM\u00c1N \u00a0 \u00a0 \u00a0 \u00a0 \u00a0\u00a0 \u00a0 \u00a0\u00a0 \u00a0\u00a0\u00a0\u00a0\u00a0\u00a0\u00a0\u00a0\u00a0\u00a0 \u00a0\u00a0<\/p>\n<p>JORGE \u00a0 \u00a0 \u00a0 \u00a0LUIS \u00a0 \u00a0 \u00a0 QUINTERO \u00a0MILAN\u00c9S\u00a0\u00a0\u00a0\u00a0\u00a0\u00a0\u00a0\u00a0\u00a0\u00a0\u00a0\u00a0 \u00a0 \u00a0 \u00a0\u00a0 \u00a0 \u00a0\u00a0 \u00a0 \u00a0\u00a0 \u00a0 \u00a0 \u00a0 \u00a0 \u00a0 \u00a0\u00a0 \u00a0 \u00a0 \u00a0 \u00a0\u00a0 \u00a0 \u00a0 \u00a0 \u00a0\u00a0 \u00a0 \u00a0 \u00a0 \u00a0\u00a0\u00a0\u00a0\u00a0\u00a0\u00a0\u00a0\u00a0\u00a0\u00a0 \u00a0YESID\u00a0 \u00a0RAM\u00cdREZ \u00a0BASTIDAS \u00a0\u00a0 \u00a0 \u00a0 \u00a0\u00a0 \u00a0 \u00a0 \u00a0 \u00a0 \u00a0\u00a0 \u00a0\u00a0 \u00a0\u00a0 \u00a0\u00a0 \u00a0\u00a0 \u00a0\u00a0 \u00a0\u00a0 \u00a0\u00a0 \u00a0 \u00a0 \u00a0 \u00a0 \u00a0 \u00a0 \u00a0 \u00a0 \u00a0 \u00a0 \u00a0 \u00a0 \u00a0 \u00a0 \u00a0 \u00a0 \u00a0 \u00a0 \u00a0 \u00a0 \u00a0 \u00a0 \u00a0 \u00a0 \u00a0 \u00a0\u00a0\u00a0\u00a0\u00a0\u00a0\u00a0\u00a0\u00a0\u00a0\u00a0\u00a0 \u00a0\u00a0<\/p>\n<p>JULIO \u00a0 \u00a0 \u00a0 \u00a0ENRIQUE \u00a0 \u00a0 \u00a0 SOCHA \u00a0SALAMANCA\u00a0\u00a0\u00a0 \u00a0 \u00a0\u00a0 \u00a0\u00a0 \u00a0\u00a0 \u00a0\u00a0 \u00a0 \u00a0 \u00a0 \u00a0 \u00a0\u00a0 \u00a0\u00a0\u00a0 JAVIER ZAPATA ORTIIZ \u00a0\u00a0<\/p>\n<p>TERESA RUIZ N\u00da\u00d1EZ \u00a0<\/p>\n<p>Secretaria \u00a0 \u00a0<\/p>\n<p><\/p>\n","protected":false},"excerpt":{"rendered":"<p>\u00a0 \u00a0 \u00a0\u00a0 Proceso n.\u00ba 34006 \u00a0 CORTE SUPREMA DE JUSTICIA \u00a0 SALA DE CASACI\u00d3N PENAL \u00a0 Magistrado Ponente \u00a0 JOS\u00c9 LEONIDAS BUSTOS MART\u00cdNEZ \u00a0 Aprobado acta N\u00ba 168 \u00a0 Bogot\u00e1 D.C., mayo\u00a0 veintis\u00e9is de\u00a0 \u00a0de dos mil diez. \u00a0\u00a0 La \u00a0 Sala \u00a0 resuelve \u00a0 la \u00a0 definici\u00f3n \u00a0de \u00a0competencia\u00a0 \u00a0promovida \u00a0por \u00a0una \u00a0Magistrada [&hellip;]<\/p>\n","protected":false},"author":1,"featured_media":0,"comment_status":"open","ping_status":"open","sticky":false,"template":"","format":"standard","meta":{"footnotes":""},"categories":[18],"tags":[],"class_list":["post-21076","post","type-post","status-publish","format-standard","hentry","category-18"],"_links":{"self":[{"href":"https:\/\/dmsjuridica.com\/buscador_20179478954\/salapenalcronologico20230723\/wp-json\/wp\/v2\/posts\/21076","targetHints":{"allow":["GET"]}}],"collection":[{"href":"https:\/\/dmsjuridica.com\/buscador_20179478954\/salapenalcronologico20230723\/wp-json\/wp\/v2\/posts"}],"about":[{"href":"https:\/\/dmsjuridica.com\/buscador_20179478954\/salapenalcronologico20230723\/wp-json\/wp\/v2\/types\/post"}],"author":[{"embeddable":true,"href":"https:\/\/dmsjuridica.com\/buscador_20179478954\/salapenalcronologico20230723\/wp-json\/wp\/v2\/users\/1"}],"replies":[{"embeddable":true,"href":"https:\/\/dmsjuridica.com\/buscador_20179478954\/salapenalcronologico20230723\/wp-json\/wp\/v2\/comments?post=21076"}],"version-history":[{"count":0,"href":"https:\/\/dmsjuridica.com\/buscador_20179478954\/salapenalcronologico20230723\/wp-json\/wp\/v2\/posts\/21076\/revisions"}],"wp:attachment":[{"href":"https:\/\/dmsjuridica.com\/buscador_20179478954\/salapenalcronologico20230723\/wp-json\/wp\/v2\/media?parent=21076"}],"wp:term":[{"taxonomy":"category","embeddable":true,"href":"https:\/\/dmsjuridica.com\/buscador_20179478954\/salapenalcronologico20230723\/wp-json\/wp\/v2\/categories?post=21076"},{"taxonomy":"post_tag","embeddable":true,"href":"https:\/\/dmsjuridica.com\/buscador_20179478954\/salapenalcronologico20230723\/wp-json\/wp\/v2\/tags?post=21076"}],"curies":[{"name":"wp","href":"https:\/\/api.w.org\/{rel}","templated":true}]}}