{"id":21008,"date":"2023-09-11T22:54:59","date_gmt":"2023-09-11T22:54:59","guid":{"rendered":"https:\/\/dmsjuridica.com\/buscador_20179478954\/salapenalcronologico20230723\/2023\/09\/11\/3391105-05-10\/"},"modified":"2023-09-11T22:54:59","modified_gmt":"2023-09-11T22:54:59","slug":"3391105-05-10","status":"publish","type":"post","link":"https:\/\/dmsjuridica.com\/buscador_20179478954\/salapenalcronologico20230723\/2023\/09\/11\/3391105-05-10\/","title":{"rendered":"33911(05-05-10)"},"content":{"rendered":"\n<p>\u00a0 \u00a0 Proceso n.\u00ba 33911 \u00a0<\/p>\n<p>CORTE SUPREMA DE JUSTICIA \u00a0<\/p>\n<p>SALA DE CASACI\u00d3N PENAL \u00a0<\/p>\n<p>\u00a0 \u00a0\u00a0 \u00a0\u00a0 \u00a0\u00a0 \u00a0\u00a0 \u00a0 \u00a0 \u00a0 \u00a0 \u00a0 \u00a0\u00a0 \u00a0Magistrado Ponente: \u00a0\u00a0<\/p>\n<p>\u00a0 \u00a0\u00a0 \u00a0\u00a0 \u00a0\u00a0 \u00a0\u00a0 \u00a0 \u00a0 \u00a0 \u00a0 \u00a0 \u00a0\u00a0 \u00a0JULIO ENRIQUE SOCHA SALAMANCA \u00a0\u00a0<\/p>\n<p>\u00a0 \u00a0\u00a0 \u00a0\u00a0 \u00a0\u00a0 \u00a0\u00a0 \u00a0 \u00a0 \u00a0 \u00a0 \u00a0 \u00a0\u00a0 \u00a0Aprobado Acta No.\u00a0 137 \u00a0\u00a0<\/p>\n<p>Bogot\u00e1, D. C., cinco (05) de mayo de dos mil \u00a0diez (2010) \u00a0\u00a0<\/p>\n<p>VISTOS \u00a0<\/p>\n<p>Se \u00a0 pronuncia \u00a0 la \u00a0 Corte \u00a0acerca \u00a0de \u00a0la \u00a0manifestaci\u00f3n \u00a0de \u00a0renuncia \u00a0a \u00a0solicitar \u00a0pruebas, a presentar alegatos y a la \u00a0totalidad \u00a0de \u00a0los \u00a0t\u00e9rminos, \u00a0presentada por el ciudadano JUAN ANTONIO DUCUARA \u00a0ROA\u00a0 \u00a0coadyuvada \u00a0por \u00a0su \u00a0defensor, \u00a0dentro \u00a0del \u00a0tr\u00e1mite de extradici\u00f3n \u00a0elevado por el Gobierno de los Estados Unidos de Am\u00e9rica. \u00a0\u00a0<\/p>\n<p>\u00a0 \u00a0\u00a0 \u00a0\u00a0 \u00a0\u00a0 \u00a0 \u00a0 \u00a0 \u00a0 \u00a0\u00a0 \u00a0 \u00a0 \u00a0 \u00a0 \u00a0 \u00a0\u00a0 \u00a0ANTECEDENTES \u00a0\u00a0<\/p>\n<p>1. A trav\u00e9s de su embajada el Gobierno de los \u00a0Estados \u00a0Unidos de Am\u00e9rica, mediante Nota Verbal No. 2875 de 19 de noviembre de \u00a02009 \u00a0solicit\u00f3 al Ministerio de Relaciones Exteriores la detenci\u00f3n provisional \u00a0con \u00a0fines \u00a0de \u00a0extradici\u00f3n, del ciudadano colombiano JUAN ANTONIO DUCUARA ROA, \u00a0toda \u00a0vez \u00a0que \u00a0est\u00e1 \u00a0requerido \u00a0por \u00a0el Distrito Este de Nueva York para\u00a0 \u00a0comparecer en juicio por delitos federales de narc\u00f3ticos. \u00a0\u00a0<\/p>\n<p>2. El se\u00f1or Fiscal General de la Naci\u00f3n con \u00a0resoluci\u00f3n \u00a0de \u00a026 \u00a0de \u00a0noviembre \u00a0de \u00a02009, orden\u00f3 la captura de JUAN ANTONIO \u00a0DUCUARA \u00a0ROA, \u00a0la \u00a0cual \u00a0se \u00a0hizo \u00a0efectiva \u00a0el \u00a029 \u00a0de \u00a0enero de 2010\u00a0 por \u00a0funcionarios de la Polic\u00eda Nacional. \u00a0\u00a0<\/p>\n<p>3. La Embajada de los Estados Unidos, mediante \u00a0Nota \u00a0Verbal \u00a0No. \u00a00566 \u00a0de \u00a025 \u00a0de \u00a0marzo \u00a0de \u00a02010, formaliz\u00f3 la solicitud de \u00a0extradici\u00f3n. \u00a0\u00a0<\/p>\n<p>4. \u00a0El \u00a0Ministerio \u00a0de Relaciones Exteriores, \u00a0mediante \u00a0oficio No. DAJI.E.0662 de 25 de marzo de 2010 anot\u00f3 que: \u201cEn \u00a0 atenci\u00f3n \u00a0a \u00a0lo \u00a0establecido \u00a0en \u00a0nuestra \u00a0legislaci\u00f3n procesal penal interna, me permito manifestarle que por no \u00a0existir \u00a0Convenio \u00a0aplicable \u00a0al \u00a0caso es procedente obrar de conformidad con el \u00a0ordenamiento \u00a0 \u00a0 \u00a0 \u00a0 \u00a0 procesal \u00a0 \u00a0 \u00a0 \u00a0 \u00a0 penal \u00a0 \u00a0 \u00a0 \u00a0 \u00a0 colombiano\u2026\u201d\u00a0 \u00a0remitiendo \u00a0la actuaci\u00f3n a su hom\u00f3logo del Interior y de Justicia, entidad que \u00a0a su vez envi\u00f3 la actuaci\u00f3n a la Corte. \u00a0\u00a0<\/p>\n<p>5. \u00a0Esta \u00a0Corporaci\u00f3n dispuso el 13 de abril \u00a0del \u00a0a\u00f1o \u00a0en \u00a0curso que el requerido designara un apoderado que lo representara \u00a0dentro \u00a0de \u00a0la \u00a0actuaci\u00f3n, \u00a0y \u00a0para \u00a0tal \u00a0fin \u00a0otorg\u00f3 poder al abogado Ricardo \u00a0Ernesto \u00a0Pati\u00f1o \u00a0Herrera, \u00a0quien \u00a0fue \u00a0legalmente \u00a0reconocido \u00a0en auto de 19 de \u00a0abril\u00a0 siguiente. \u00a0\u00a0<\/p>\n<p>6. \u00a0Se \u00a0orden\u00f3 \u00a0correr traslado de diez (10) \u00a0d\u00edas \u00a0para que las partes solicitaran las pruebas que considerar\u00e1n pertinentes \u00a0(art\u00edculo \u00a0500 de la Ley 906 de 2004), y en el transcurso de \u00e9ste fue allegado \u00a0memorial \u00a0suscrito \u00a0por \u00a0el \u00a0requerido en extradici\u00f3n JUAN ANTONIO DUCUARA ROA, \u00a0coadyuvado \u00a0por \u00a0su \u00a0apoderado, \u00a0en \u00a0el \u00a0cual \u00a0manifiesta \u00a0que \u00a0es: \u201cmi voluntad renunciar a la totalidad de \u00a0los \u00a0t\u00e9rminos \u00a0del \u00a0tr\u00e1mite \u00a0de \u00a0extradici\u00f3n, \u00a0a \u00a0solicitar \u00a0pruebas, \u00a0a \u00a0los \u00a0t\u00e9rminos \u00a0de \u00a0notificaci\u00f3n \u00a0y \u00a0ejecutoria \u00a0de los autos, as\u00ed como a presentar \u00a0alegatos \u00a0previos a la rendici\u00f3n del respectivo concepto, toda vez que su deseo \u00a0es \u00a0 \u00a0que \u00a0 \u00a0se \u00a0 \u00a0produzca \u00a0 \u00a0cuanto \u00a0 \u00a0antes \u00a0 la \u00a0 extradici\u00f3n \u00a0 al \u00a0 estado \u00a0requirente\u201d. \u00a0\u00a0<\/p>\n<p>En iguales t\u00e9rminos renunci\u00f3 a la asistencia \u00a0del \u00a0Ministerio P\u00fablico, insistiendo en la necesidad de concurrir con celeridad \u00a0ante el Fiscal del Distrito Este de Nueva York. \u00a0\u00a0<\/p>\n<p>CONSIDERACIONES DE LA SALA \u00a0<\/p>\n<p>La \u00a0Corte \u00a0en reiterado criterio ha insistido \u00a0que \u00a0en el tr\u00e1mite de extradici\u00f3n todos los intervinientes gozan de los mismos \u00a0derechos \u00a0e id\u00e9nticas garant\u00edas y facultades concebidas por el legislador para \u00a0los \u00a0 \u00a0 \u00a0 \u00a0 \u00a0 sujetos \u00a0 \u00a0 \u00a0 \u00a0 \u00a0 procesales1. \u00a0\u00a0<\/p>\n<p>En consecuencia, resulta viable que cualquier \u00a0sujeto \u00a0procesal renuncie a los t\u00e9rminos consagrados en la ley en su favor para \u00a0ejercer \u00a0alg\u00fan \u00a0derecho, \u00a0as\u00ed \u00a0lo \u00a0admite \u00a0el \u00a0art\u00edculo \u00a0122 \u00a0del \u00a0C\u00f3digo de \u00a0Procedimiento \u00a0Civil, aplicable en virtud del principio de integraci\u00f3n previsto \u00a0en el art\u00edculo 25 de la Ley 906 de 2004. \u00a0\u00a0<\/p>\n<p>Pero tal renuncia no puede afectar el eventual \u00a0inter\u00e9s \u00a0abrigado por otros sujetos procesales o intervinientes para hacer uso, \u00a0de \u00a0acuerdo \u00a0con sus particulares perspectivas, de los \u00e1mbitos de intervenci\u00f3n \u00a0procesal \u00a0que \u00a0les estatuye la ley, como son los desarrollados en el tr\u00e1mite de \u00a0extradici\u00f3n \u00a0las \u00a0solicitudes \u00a0probatorias \u00a0y alegatos, art\u00edculo 500 de la Ley \u00a0906 de 2004. \u00a0\u00a0<\/p>\n<p>La presente actuaci\u00f3n no involucra solamente \u00a0a \u00a0la \u00a0persona \u00a0requerida \u00a0y \u00a0a \u00a0su \u00a0defensor, \u00a0tambi\u00e9n \u00a0tiene \u00a0la \u00a0facultad de \u00a0intervenir \u00a0ante \u00a0la \u00a0Corte y ante el Gobierno Nacional el agente del Ministerio \u00a0P\u00fablico, \u00a0seg\u00fan \u00a0previsiones \u00a0del art\u00edculo 277 de la Constituci\u00f3n Pol\u00edtica, \u00a0art\u00edculo \u00a087, \u00a0literal \u00a0d) \u00a0de la Ley 201 de 1995 y el art\u00edculo 29 del Decreto \u00a0262 \u00a0de \u00a02000, \u00a0por \u00a0manera \u00a0que la aceptaci\u00f3n de la renuncia que presenta JUAN \u00a0ANTONIO \u00a0DUCUARA \u00a0ROA\u00a0 y su defensor a los t\u00e9rminos que en su favor prev\u00e9 \u00a0la \u00a0norma \u00a0arriba \u00a0citada, incisos 1 y 3, no afectar\u00e1 la prosecuci\u00f3n normal de \u00a0esta \u00a0actuaci\u00f3n, \u00a0ni \u00a0alterar\u00e1 \u00a0la posibilidad de que el Agente del Ministerio \u00a0P\u00fablico intervenga en cada una de las fases pendientes. \u00a0\u00a0<\/p>\n<p>En \u00a0m\u00e9rito \u00a0de \u00a0lo expuesto, la CORTE \u00a0SUPREMA \u00a0DE \u00a0JUSTICIA, \u00a0SALA \u00a0DE \u00a0CASACI\u00d3N PENAL, \u00a0\u00a0<\/p>\n<p>RESUELVE: \u00a0<\/p>\n<p>1. \u00a0 ACEPTAR \u00a0 la \u00a0renuncia \u00a0que \u00a0el \u00a0solicitado \u00a0en \u00a0extradici\u00f3n \u00a0JUAN \u00a0ANTONIO \u00a0DUCUARA ROA y su \u00a0apoderado \u00a0hacen \u00a0a \u00a0los \u00a0t\u00e9rminos \u00a0previstos \u00a0en \u00a0la \u00a0ley \u00a0dentro del presente \u00a0tr\u00e1mite. \u00a0\u00a0<\/p>\n<p>2. \u00a0 DISPONER \u00a0que \u00a0los \u00a0traslados dispuestos por auto de 19 de abril \u00a0del \u00a0 \u00a0a\u00f1o \u00a0 en \u00a0 curso \u00a0 se \u00a0 cumplan \u00a0 en \u00a0 relaci\u00f3n \u00a0 con \u00a0 el \u00a0 Ministerio \u00a0P\u00fablico. \u00a0\u00a0<\/p>\n<p>C\u00f3piese notif\u00edquese y c\u00famplase. \u00a0<\/p>\n<p>MAR\u00cdA \u00a0 \u00a0DEL \u00a0 ROSARIO \u00a0 GONZ\u00c1LEZ \u00a0 DE \u00a0LEMOS \u00a0\u00a0<\/p>\n<p>JOS\u00c9 \u00a0LEONIDAS BUSTOS MART\u00cdNEZ \u00a0 \u00a0 \u00a0 \u00a0 \u00a0\u00a0 \u00a0 \u00a0 \u00a0 \u00a0 \u00a0\u00a0 \u00a0\u00a0\u00a0\u00a0\u00a0\u00a0\u00a0\u00a0\u00a0 \u00a0SIGIFREDO ESPINOSA\u00a0 P\u00c9REZ \u00a0\u00a0<\/p>\n<p>\u00a0\u00a0\u00a0 \u00a0 \u00a0ALFREDO \u00a0 \u00a0G\u00d3MEZ \u00a0QUINTERO \u00a0\u00a0 \u00a0\u00a0 \u00a0\u00a0 \u00a0\u00a0 \u00a0 \u00a0 \u00a0 \u00a0\u00a0 \u00a0 \u00a0 \u00a0 \u00a0\u00a0 \u00a0 \u00a0 \u00a0 \u00a0\u00a0 \u00a0 \u00a0 \u00a0 \u00a0\u00a0\u00a0\u00a0\u00a0 AUGUSTO J. IB\u00c1\u00d1EZ GUZM\u00c1N \u00a0\u00a0<\/p>\n<p>\u00a0 \u00a0 \u00a0 \u00a0 \u00a0<\/p>\n<p>JORGE \u00a0LU\u00cdS QUINTERO MILAN\u00caS \u00a0 \u00a0 \u00a0 \u00a0 \u00a0\u00a0 \u00a0 \u00a0 \u00a0 \u00a0 \u00a0\u00a0 \u00a0\u00a0\u00a0\u00a0\u00a0\u00a0\u00a0\u00a0 \u00a0YESID \u00a0RAM\u00cdREZ \u00a0BASTIDAS \u00a0\u00a0 \u00a0 \u00a0 \u00a0 \u00a0\u00a0<\/p>\n<p>JULIO \u00a0ENRIQUE \u00a0SOCHA \u00a0SALAMANCA \u00a0\u00a0 \u00a0\u00a0 \u00a0\u00a0 \u00a0\u00a0 \u00a0\u00a0 \u00a0\u00a0 \u00a0 \u00a0 \u00a0 \u00a0 \u00a0 \u00a0\u00a0 \u00a0 \u00a0JAVIER ZAPATA ORTIZ \u00a0\u00a0<\/p>\n<p>TERESA RUIZ N\u00da\u00d1EZ \u00a0<\/p>\n<p>Secretaria \u00a0 \u00a0<\/p>\n<p>1 Cfr. \u00a0Autos \u00a0de \u00a0extradici\u00f3n, radicados n\u00fameros 31878 del 5 de agosto de 2009; Rad.. \u00a0n\u00fam. \u00a031025 \u00a0del \u00a019 \u00a0de \u00a0febrero \u00a0de 2009, Rad. N\u00famero 31023 del 6 de mayo de \u00a02009, Rad. Num. 3|1876 del 3 de junio de 2009 entre otros. \u00a0 \u00a0\u00a0<\/p>\n<p><\/p>\n","protected":false},"excerpt":{"rendered":"<p>\u00a0 \u00a0 Proceso n.\u00ba 33911 \u00a0 CORTE SUPREMA DE JUSTICIA \u00a0 SALA DE CASACI\u00d3N PENAL \u00a0 \u00a0 \u00a0\u00a0 \u00a0\u00a0 \u00a0\u00a0 \u00a0\u00a0 \u00a0 \u00a0 \u00a0 \u00a0 \u00a0 \u00a0\u00a0 \u00a0Magistrado Ponente: \u00a0\u00a0 \u00a0 \u00a0\u00a0 \u00a0\u00a0 \u00a0\u00a0 \u00a0\u00a0 \u00a0 \u00a0 \u00a0 \u00a0 \u00a0 \u00a0\u00a0 \u00a0JULIO ENRIQUE SOCHA SALAMANCA \u00a0\u00a0 \u00a0 \u00a0\u00a0 \u00a0\u00a0 \u00a0\u00a0 \u00a0\u00a0 \u00a0 \u00a0 \u00a0 \u00a0 [&hellip;]<\/p>\n","protected":false},"author":1,"featured_media":0,"comment_status":"open","ping_status":"open","sticky":false,"template":"","format":"standard","meta":{"footnotes":""},"categories":[18],"tags":[],"class_list":["post-21008","post","type-post","status-publish","format-standard","hentry","category-18"],"_links":{"self":[{"href":"https:\/\/dmsjuridica.com\/buscador_20179478954\/salapenalcronologico20230723\/wp-json\/wp\/v2\/posts\/21008","targetHints":{"allow":["GET"]}}],"collection":[{"href":"https:\/\/dmsjuridica.com\/buscador_20179478954\/salapenalcronologico20230723\/wp-json\/wp\/v2\/posts"}],"about":[{"href":"https:\/\/dmsjuridica.com\/buscador_20179478954\/salapenalcronologico20230723\/wp-json\/wp\/v2\/types\/post"}],"author":[{"embeddable":true,"href":"https:\/\/dmsjuridica.com\/buscador_20179478954\/salapenalcronologico20230723\/wp-json\/wp\/v2\/users\/1"}],"replies":[{"embeddable":true,"href":"https:\/\/dmsjuridica.com\/buscador_20179478954\/salapenalcronologico20230723\/wp-json\/wp\/v2\/comments?post=21008"}],"version-history":[{"count":0,"href":"https:\/\/dmsjuridica.com\/buscador_20179478954\/salapenalcronologico20230723\/wp-json\/wp\/v2\/posts\/21008\/revisions"}],"wp:attachment":[{"href":"https:\/\/dmsjuridica.com\/buscador_20179478954\/salapenalcronologico20230723\/wp-json\/wp\/v2\/media?parent=21008"}],"wp:term":[{"taxonomy":"category","embeddable":true,"href":"https:\/\/dmsjuridica.com\/buscador_20179478954\/salapenalcronologico20230723\/wp-json\/wp\/v2\/categories?post=21008"},{"taxonomy":"post_tag","embeddable":true,"href":"https:\/\/dmsjuridica.com\/buscador_20179478954\/salapenalcronologico20230723\/wp-json\/wp\/v2\/tags?post=21008"}],"curies":[{"name":"wp","href":"https:\/\/api.w.org\/{rel}","templated":true}]}}