{"id":20967,"date":"2023-09-11T22:54:46","date_gmt":"2023-09-11T22:54:46","guid":{"rendered":"https:\/\/dmsjuridica.com\/buscador_20179478954\/salapenalcronologico20230723\/2023\/09\/11\/3382907-04-10\/"},"modified":"2023-09-11T22:54:46","modified_gmt":"2023-09-11T22:54:46","slug":"3382907-04-10","status":"publish","type":"post","link":"https:\/\/dmsjuridica.com\/buscador_20179478954\/salapenalcronologico20230723\/2023\/09\/11\/3382907-04-10\/","title":{"rendered":"33829(07-04-10)"},"content":{"rendered":"\n<p>\u00a0 \u00a0 Proceso n.\u00b0 33829 \u00a0<\/p>\n<p>CORTE SUPREMA DE JUSTICIA \u00a0<\/p>\n<p>SALA DE CASACI\u00d3N PENAL \u00a0<\/p>\n<p>Magistrado Ponente: \u00a0<\/p>\n<p>Dr. SIGIFREDO ESPINOSA P\u00c9REZ \u00a0<\/p>\n<p>Aprobado acta No. 98. \u00a0<\/p>\n<p>Bogot\u00e1, \u00a0D.C., \u00a0siete \u00a0de \u00a0abril de dos mil \u00a0diez. \u00a0\u00a0<\/p>\n<p>VISTOS \u00a0<\/p>\n<p>De \u00a0conformidad \u00a0con \u00a0lo \u00a0que \u00a0establece \u00a0el \u00a0numeral \u00a04\u00b0 del art\u00edculo 32 de la Ley 906 de 2004, define de plano la Corte la \u00a0competencia \u00a0para \u00a0conocer \u00a0del \u00a0proceso \u00a0seguido contra ESNEIDER G\u00d3MEZ SERNA y \u00a0JAVIER \u00a0 ANTONIO \u00a0 \u00c1LVAREZ \u00a0 HINCAPI\u00c9, \u00a0 acusados \u00a0 por \u00a0la \u00a0Fiscal\u00eda \u00a0Cuarta \u00a0Especializada \u00a0de \u00a0Medell\u00edn, por el delito de concierto para delinquir agravado \u00a0con \u00a0fines \u00a0de \u00a0tr\u00e1fico \u00a0de estupefacientes, desplazamiento forzado, homicidio, \u00a0desapariciones \u00a0forzadas, tr\u00e1fico y venta de armas y municiones, previsto en el \u00a0art\u00edculo \u00a0340 \u00a0del C\u00f3digo Penal, modificado por el art\u00edculo 19 de la Ley 1121 \u00a0de 2006. \u00a0\u00a0<\/p>\n<p>HECHOS \u00a0<\/p>\n<p>En el escrito de acusaci\u00f3n presentado por la \u00a0Fiscal\u00eda, se narraron como se transcribe a continuaci\u00f3n: \u00a0\u00a0<\/p>\n<p>\u201cTiene su origen \u00a0la \u00a0investigaci\u00f3n \u00a0en \u00a0la entrevista que diera el se\u00f1or JHONY ALEXANDER CORREA \u00a0PAREJA \u00a0quien \u00a0el \u00a023 de diciembre de 2008 pone en conocimiento la ocurrencia de \u00a0una \u00a0serie \u00a0de \u00a0actividades \u00a0il\u00edcitas \u00a0cometidas \u00a0por \u00a0un grupo de personas que \u00a0habitan \u00a0en \u00a0los \u00a0Barrios de San Jos\u00e9 de la Cima parte alta, uno y dos, Barrios \u00a0Unidos \u00a0 sectores \u00a0 el \u00a0 Hoyo \u00a0 y \u00a0Talitacumi, \u00a0orden\u00e1ndose \u00a0conforme \u00a0a \u00a0\u00e9sta \u00a0interceptaciones \u00a0de \u00a0comunicaciones \u00a0telef\u00f3nicas, \u00a0entrevistas, \u00a0declaraciones \u00a0juradas \u00a0a \u00a0testigos \u00a0y v\u00edctimas, inspecciones e informes de Polic\u00eda Judicial, \u00a0entre \u00a0otros, \u00a0de \u00a0las que se pueden establecer que efectivamente en los barrios \u00a0SAN \u00a0JOS\u00c9 \u00a0DE \u00a0LA \u00a0CIMA PARTE ALTA UNO Y DOS, BARRIOS UNIDOS SECTORES EL HOYO Y \u00a0TALITACUMI, \u00a0existe \u00a0una \u00a0organizaci\u00f3n \u00a0criminal que data de aproximadamente el \u00a0a\u00f1o \u00a01998 \u00a0que \u00a0inicialmente \u00a0estaba liderada por alias CHUCHO o JOELINO, quien \u00a0fuera \u00a0asesinado, por lo que asumi\u00f3 el mando H\u00c9CTOR ALEXANDER SU\u00c1REZ alias EL \u00a0BURRO, \u00a0ya fallecido, encargado de la direcci\u00f3n militar del grupo, mientras que \u00a0JORGE \u00a0MARIO \u00a0ROJAS \u00a0PANIAGUA \u00a0alias CHICH\u00d3N asum\u00eda la direcci\u00f3n ideol\u00f3gica, \u00a0organizaci\u00f3n \u00a0que tiene como fin captar el monopolio total del TR\u00c1FICO Y VENTA \u00a0DE \u00a0ESTUPEFACIENTES \u00a0en \u00a0el sector, as\u00ed como mantener la vigilancia comunitaria \u00a0en \u00a0el \u00a0sector, \u00a0lo cual les permite mantener las plazas de vicio y la compra de \u00a0armas \u00a0y \u00a0que para el cumplimiento de este fin deben planear y ejecutar punibles \u00a0tales \u00a0como \u00a0HOMICIDIOS \u00a0SELECTIVOS, \u00a0DESAPARICIONES \u00a0FORZADAS, \u00a0DESPLAZAMIENTOS \u00a0FORZADOS, \u00a0HURTOS, \u00a0TR\u00c1FICO \u00a0Y \u00a0VENTA \u00a0DE ESTUPEFACIENTES Y TR\u00c1FICO DE ARMAS Y \u00a0MUNICIONES, \u00a0actividades delictivas que han generado el p\u00e1nico, zozobra y temor \u00a0en la comunidad. \u00a0\u00a0<\/p>\n<p>Tras \u00a0la \u00a0muerte \u00a0de alias JOELINO, como se \u00a0indic\u00f3, \u00a0se \u00a0gener\u00f3 \u00a0la \u00a0disputa por el sector entre H\u00c9CTOR ALEXANDER SU\u00c1REZ \u00a0alias \u00a0EL \u00a0BURRO \u00a0y \u00a0DOMER \u00a0DE JES\u00daS RESTREPO RAMOS alias MECHAS, del sector EL \u00a0HOYO \u00a0y \u00a0los hermanos BEN\u00cdTEZ S\u00c1NCHEZ conocidos como los COQUITO del sector de \u00a0la \u00a0PE\u00d1A, \u00a0lo \u00a0que llev\u00f3 a la divisi\u00f3n en tres grupos, EL HOYO, LA CIMA y LOS \u00a0COCOS \u00a0O \u00a0LA \u00a0PE\u00d1A y en dicha confrontaci\u00f3n se ha generado la muerte de varios \u00a0de sus miembros. \u00a0\u00a0<\/p>\n<p>En \u00a0desarrollo \u00a0de \u00a0esas investigaciones se \u00a0estableci\u00f3 \u00a0la identificaci\u00f3n e individualizaci\u00f3n de los miembros de la banda \u00a0de \u00a0SAN \u00a0JOS\u00c9 \u00a0DE \u00a0LA \u00a0CIMA O COMBO DEL BURRO, entre otros los de los se\u00f1ores: \u00a0(\u2026) \u00a0 ESNEIDER \u00a0G\u00d3MEZ \u00a0SERNA\u00a0 \u00a0(\u2026) \u00a0JAVIER \u00a0ANTONIO \u00a0 \u00a0\u00c1LVAREZ \u00a0 \u00a0HINCAPI\u00c9 \u00a0 \u00a0(\u2026).\u201d \u00a0\u00a0<\/p>\n<p>ACTUACI\u00d3N PROCESAL \u00a0<\/p>\n<p>1. \u00a0De \u00a0la exigua informaci\u00f3n obrante en la \u00a0carpeta, \u00a0se \u00a0ha \u00a0podido establecer que con base en la denuncia, funcionarios de \u00a0Polic\u00eda \u00a0Judicial \u00a0solicitaron \u00a0de la Fiscal\u00eda que requiriera la legalizaci\u00f3n \u00a0de \u00a0 una \u00a0 orden \u00a0 de \u00a0interceptaci\u00f3n \u00a0de \u00a0comunicaciones \u00a0telef\u00f3nicas, \u00a0cuyos \u00a0resultados \u00a0 \u2013actividades \u00a0delictivas \u00a0e \u00a0identificaci\u00f3n \u00a0de \u00a0miembros \u00a0de \u00a0la \u00a0banda criminal\u2013, \u00a0quedaron \u00a0consignadas en el informe \u00a0que suscribieron el 3 de noviembre de 2009. \u00a0\u00a0<\/p>\n<p>2. \u00a0 Inmediatamente \u00a0 despu\u00e9s \u00a0 de \u00a0 su \u00a0aprehensi\u00f3n, \u00a0ESNEIDER \u00a0G\u00d3MEZ SERNA y JAVIER ANTONIO \u00c1LVAREZ HINCAPI\u00c9 fueron \u00a0presentados \u00a0por \u00a0la \u00a0Fiscal\u00eda \u00a0ante \u00a0el \u00a0Juzgado \u00a0Octavo \u00a0Penal \u00a0Municipal \u00a0de \u00a0Medell\u00edn \u00a0con \u00a0funciones \u00a0de \u00a0control \u00a0de \u00a0garant\u00edas, \u00a0en orden a celebrar las \u00a0audiencias \u00a0de \u00a0la \u00a0legalizaci\u00f3n \u00a0de \u00a0la captura, formulaci\u00f3n de imputaci\u00f3n e \u00a0imposici\u00f3n \u00a0 de \u00a0 medida \u00a0 de \u00a0 aseguramiento \u00a0 de \u00a0 detenci\u00f3n \u00a0preventiva \u00a0en \u00a0establecimiento \u00a0carcelario, actuaciones que se llevaron a cabo el 19 de febrero \u00a0de 2010. \u00a0\u00a0<\/p>\n<p>3.\u00a0 \u00a0ESNEIDER \u00a0G\u00d3MEZ \u00a0SERNA \u00a0y \u00a0JAVIER \u00a0ANTONIO \u00a0\u00c1LVAREZ \u00a0HINCAPI\u00c9, \u00a0en \u00a0curso \u00a0de \u00a0la \u00a0audiencia preliminar, luego de \u00a0manifestar \u00a0que \u00a0hab\u00edan \u00a0entendido la imputaci\u00f3n y el alcance de sus derechos, \u00a0aceptaron \u00a0de forma libre, consciente, voluntaria y con el debido asesoramiento, \u00a0los cargos imputados (concierto para delinquir agravado). \u00a0\u00a0<\/p>\n<p>4. \u00a0En raz\u00f3n de ello, el pasado 2 de marzo, \u00a0la \u00a0Fiscal\u00eda Cuarta Especializada de Medell\u00edn, present\u00f3 escrito de acusaci\u00f3n \u00a0con \u00a0 \u201cALLANAMIENTO \u00a0A \u00a0CARGOS \u00a0EN \u00a0IMPUTACI\u00d3N \u00a0PARA \u00a0ACEPTACI\u00d3N ANTE JUECES \u00a0PENALES \u00a0DEL \u00a0CIRCUITO \u00a0ESPECIALIZADOS \u00a0DE \u00a0ANTIOQUIA \u00a0(REPARTO)\u201d. \u00a0 \u00a0 (Se \u00a0destaca) \u00a0\u00a0<\/p>\n<p>5. \u00a0Efectuado el correspondiente reparto, el \u00a0conocimiento \u00a0se \u00a0le asign\u00f3 al Juzgado Segundo Penal del Circuito Especializado \u00a0de \u00a0Antioquia, \u00a0despacho \u00a0que \u00a0profiri\u00f3 \u00a0auto \u00a0el 5 de marzo del presente a\u00f1o, \u00a0declar\u00e1ndose incompetente para conocer del mismo. \u00a0\u00a0<\/p>\n<p>Argument\u00f3 \u00a0el \u00a0se\u00f1or \u00a0juez \u00a0especializado, \u00a0apoyado \u00a0 en \u00a0 el \u00a0art\u00edculo \u00a054 \u00a0de \u00a0la \u00a0Ley \u00a0906 \u00a0de \u00a02004, \u00a0que \u00a0\u201c\u2026le \u00a0correspondi\u00f3 \u00a0a \u00a0este \u00a0despacho \u00a0la \u00a0carpeta \u00a0de \u00a0la \u00a0referencia con escrito de \u00a0acusaci\u00f3n \u00a0con \u00a0allanamiento \u00a0en contra de los se\u00f1ores ESNEIDER G\u00d3MEZ SERNA y \u00a0JAVIER \u00a0ANTONIO \u00a0\u00c1LVAREZ \u00a0HINCAPI\u00c9 \u00a0por \u00a0el delito de CONCIERTO PARA DELINQUIR \u00a0AGRAVADO \u00a0por \u00a0hechos \u00a0que \u00a0ocurrieron en los barrios\u00a0 San Jos\u00e9 de la Cima \u00a0uno \u00a0y \u00a0dos, \u00a0y \u00a0Barrios Unidos sector el Hoyo y Talitacumi, los cuales, una vez \u00a0verificada \u00a0 su \u00a0ubicaci\u00f3n, \u00a0se \u00a0concluyo \u00a0(sic) \u00a0pertenecen \u00a0a \u00a0la \u00a0ciudad \u00a0de \u00a0Medell\u00edn.\u201d, \u00a0por \u00a0esa \u00a0raz\u00f3n consider\u00f3 que carec\u00eda de competencia y dispuso \u00a0remitir \u00a0 la \u00a0 actuaci\u00f3n \u00a0 a \u00a0 esta \u00a0 Corporaci\u00f3n \u00a0 para \u00a0la \u00a0definici\u00f3n \u00a0del \u00a0asunto. \u00a0\u00a0<\/p>\n<p>CONSIDERACIONES DE LA CORTE \u00a0<\/p>\n<p>1. \u00a0Conforme con lo regulado en el art\u00edculo \u00a032-4 \u00a0de \u00a0la \u00a0Ley \u00a0906 \u00a0de 2004, la Corte tiene la atribuci\u00f3n para pronunciarse \u00a0respecto \u00a0de \u00a0la definici\u00f3n de competencia que con ocasi\u00f3n del presente asunto \u00a0promueve \u00a0el \u00a0titular \u00a0del \u00a0Juzgado \u00a0Segundo Penal del Circuito Especializado de \u00a0Antioquia, \u00a0quien \u00a0considera \u00a0que \u00a0del \u00a0mismo \u00a0debe \u00a0conocer \u00a0un \u00a0Juez Penal del \u00a0Circuito \u00a0Especializado \u00a0adscrito \u00a0a otro distrito judicial, concretamente de la \u00a0ciudad de Medell\u00edn. \u00a0\u00a0<\/p>\n<p>Ahora \u00a0bien, \u00a0es evidente que la competencia \u00a0para \u00a0 fallar \u00a0 el \u00a0presente \u00a0asunto \u00a0radica \u00a0en \u00a0un \u00a0Juez \u00a0Penal \u00a0del \u00a0Circuito \u00a0Especializado \u00a0de Medell\u00edn, pues los hechos sucedieron en los barrios San Jos\u00e9 \u00a0de \u00a0la Cima parte alta, uno y dos, Barrios Unidos sectores el Hoyo y Talitacumi, \u00a0de ese municipio. \u00a0\u00a0<\/p>\n<p>Es \u00a0 que, \u00a0 aunque \u00a0 la \u00a0Fiscal\u00eda \u00a0Cuarta \u00a0Especializada \u00a0de \u00a0esa \u00a0ciudad, equivocadamente hubiese presentado el escrito de \u00a0acusaci\u00f3n \u00a0ante \u00a0los \u00a0Juzgados Penales del Circuito Especializado de Antioquia, \u00a0no \u00a0puede \u00a0desconocerse que el art\u00edculo 43 de la Ley 906 de 2004 dispone que la \u00a0competencia \u00a0para \u00a0conocer \u00a0del \u00a0juzgamiento \u00a0radica \u00a0en el juez del lugar donde \u00a0ocurri\u00f3 el delito. \u00a0\u00a0<\/p>\n<p>A su turno, el Acuerdo 527 del 28 de junio de \u00a01999, \u00a0de \u00a0la \u00a0Sala \u00a0Administrativa \u00a0del \u00a0Consejo \u00a0Superior \u00a0de \u00a0la \u00a0Judicatura, \u00a0\u201cpor \u00a0el cual se crean y \u00a0organizan \u00a0 los \u00a0 circuitos \u00a0 penales \u00a0 especializados \u00a0en \u00a0todo \u00a0el \u00a0territorio \u00a0Nacional\u201d, en su art\u00edculo \u00a0primero \u00a0estableci\u00f3 los Circuitos, para fijar la competencia territorial de los \u00a0jueces penales especializados, as\u00ed: \u00a0\u00a0<\/p>\n<p>Con \u00a0relaci\u00f3n \u00a0al \u00a0Distrito \u00a0Judicial \u00a0de \u00a0Antioquia, \u00a0 \u00a0 \u00a0 se\u00f1al\u00f3 \u00a0 \u00a0 \u00a0 que \u00a0 \u00a0 \u00a0 comprend\u00eda \u00a0 \u00a0 \u00a0 el \u00a0 \u00a0 \u00a0\u201cCircuito \u00a0 Penal \u00a0 Especializado \u00a0de \u00a0Antioquia, \u00a0cuya \u00a0cabecera es la ciudad de Medell\u00edn, con competencia sobre los \u00a0municipios \u00a0 que \u00a0 conforman \u00a0 el \u00a0Distrito \u00a0Judicial \u00a0de \u00a0Antioquia\u201d. \u00a0\u00a0<\/p>\n<p>Y, en lo concerniente al Distrito Judicial de \u00a0Medell\u00edn, \u00a0indic\u00f3 que comprend\u00eda el \u201cCircuito \u00a0 \u00a0 Penal \u00a0 \u00a0 Especializado \u00a0 \u00a0de \u00a0 \u00a0Medell\u00edn, \u00a0 \u00a0cuya \u00a0cabecera \u00a0es \u00a0la \u00a0ciudad \u00a0del mismo nombre, con competencia sobre los municipios \u00a0que \u00a0 \u00a0 conforman \u00a0 \u00a0 el \u00a0 \u00a0 Distrito \u00a0 \u00a0Judicial \u00a0 \u00a0de \u00a0 \u00a0Medell\u00edn\u201d. \u00a0\u00a0<\/p>\n<p>De \u00a0otro \u00a0lado, \u00a0seg\u00fan \u00a0lo \u00a0se\u00f1alado en el \u00a0art\u00edculo \u00a044 \u00a0\u00eddem, \u00a0las \u00a0\u00fanicas \u00a0excepciones a la competencia territorial se \u00a0presentan \u00a0 &#8220;cuando \u00a0en \u00a0el \u00a0lugar \u00a0en \u00a0que \u00a0debiera \u00a0adelantarse \u00a0la \u00a0actuaci\u00f3n \u00a0no \u00a0haya \u00a0juez, o el juez \u00fanico o todos los jueces \u00a0disponibles \u00a0se \u00a0hallaren \u00a0impedidos&#8221;, \u00a0pues \u00a0en tales \u00a0casos \u00a0le \u00a0corresponde \u00a0a \u00a0las \u00a0salas administrativas del Consejo Superior de la \u00a0Judicatura, \u00a0o \u00a0los \u00a0consejos \u00a0seccionales, \u00a0seg\u00fan \u00a0su \u00a0competencia, ordenar el \u00a0traslado \u00a0de \u00a0un \u00a0juez \u00a0que \u00a0razonablemente \u00a0se considere m\u00e1s pr\u00f3ximo para que \u00a0atienda \u00a0las \u00a0diligencias \u00a0o \u00a0el \u00a0desarrollo \u00a0del \u00a0proceso, \u00a0siempre y cuando se \u00a0respeten \u00a0los \u00a0principios \u00a0de concentraci\u00f3n, eficacia, menor costo del servicio \u00a0de \u00a0la \u00a0justicia \u00a0e \u00a0inmediaci\u00f3n; \u00a0y \u00a0la designaci\u00f3n recaiga en funcionario de \u00a0igual \u00a0categor\u00eda; \u00a0todo lo cual deber\u00e1 informarse de inmediato a la Sala Penal \u00a0de la Corte y a los dem\u00e1s funcionarios interesados en el asunto. \u00a0\u00a0<\/p>\n<p>Como no es ese el caso, el conocimiento para \u00a0fallar \u00a0este \u00a0asunto, \u00a0como \u00a0ya \u00a0se \u00a0anunci\u00f3, \u00a0corresponde \u00a0a un Juez Penal del \u00a0Circuito \u00a0 Especializado \u00a0 de \u00a0 Medell\u00edn, \u00a0adscrito \u00a0al \u00a0distrito \u00a0judicial \u00a0de \u00a0Medell\u00edn, a cuyo reparto se remitir\u00e1 el expediente \u00a0\u00a0<\/p>\n<p>Finalmente, no sobra advertir que si factores \u00a0como \u00a0el \u00a0de la definici\u00f3n competencia, dependen de aspectos vitales tales como \u00a0determinar \u00a0 \u00a0adecuadamente \u00a0 \u00a0d\u00f3nde \u00a0 ocurrieron \u00a0 los \u00a0 hechos \u00a0 \u2013que \u00a0 \u00a0 en \u00a0 \u00a0 este \u00a0 \u00a0 caso \u00a0 \u00a0 es \u00a0evidente\u2013, lo m\u00ednimo que \u00a0puede \u00a0pedirse \u00a0de la Fiscal\u00eda al momento de elaborar el escrito de acusaci\u00f3n, \u00a0es \u00a0expresar \u00a0adecuadamente \u00e9ste y otros t\u00f3picos trascendentes, para que pueda \u00a0adelantarse sin sobresaltos la etapa del juicio. \u00a0\u00a0<\/p>\n<p>En \u00a0m\u00e9rito \u00a0a \u00a0lo expuesto, la CORTE \u00a0SUPREMA \u00a0DE \u00a0JUSTICIA, \u00a0Sala \u00a0de \u00a0Casaci\u00f3n Penal, \u00a0\u00a0<\/p>\n<p>RESUELVE \u00a0<\/p>\n<p>ASIGNAR \u00a0 \u00a0el \u00a0conocimiento \u00a0 para \u00a0 conocer \u00a0en \u00a0este \u00a0juicio, \u00a0al \u00a0Juez \u00a0Penal \u00a0del \u00a0Circuito \u00a0Especializado \u00a0de \u00a0Medell\u00edn, \u00a0a \u00a0cuyo reparto se ordena remitir inmediatamente, \u00a0conforme \u00a0 con \u00a0 las \u00a0 motivaciones \u00a0 plasmadas \u00a0 en \u00a0 el \u00a0cuerpo \u00a0del \u00a0presente \u00a0prove\u00eddo. \u00a0\u00a0<\/p>\n<p>De \u00a0esta \u00a0determinaci\u00f3n \u00a0se \u00a0dar\u00e1 aviso al \u00a0Juzgado Segundo Penal del Circuito Especializado de Antioquia. \u00a0\u00a0<\/p>\n<p>Contra \u00a0esta \u00a0decisi\u00f3n \u00a0no \u00a0procede recurso \u00a0alguno. \u00a0\u00a0<\/p>\n<p>C\u00famplase. \u00a0\u00a0<\/p>\n<p>MAR\u00cdA \u00a0 \u00a0DEL \u00a0 ROSARIO \u00a0 GONZ\u00c1LEZ \u00a0 DE \u00a0LEMOS \u00a0\u00a0<\/p>\n<p>JOS\u00c9 LEONIDAS BUSTOS MART\u00cdNEZ \u00a0 \u00a0 \u00a0 \u00a0\u00a0 \u00a0 \u00a0 \u00a0 \u00a0\u00a0 \u00a0 \u00a0 \u00a0 \u00a0\u00a0 \u00a0 \u00a0 \u00a0 \u00a0\u00a0\u00a0\u00a0\u00a0\u00a0\u00a0\u00a0\u00a0\u00a0 SIGIFREDO \u00a0ESPINOSA P\u00c9REZ \u00a0\u00a0<\/p>\n<p>ALFREDO \u00a0 G\u00d3MEZ \u00a0 QUINTERO \u00a0\u00a0 \u00a0\u00a0 \u00a0\u00a0 \u00a0\u00a0 \u00a0\u00a0 \u00a0\u00a0 \u00a0 \u00a0 \u00a0 \u00a0 \u00a0 \u00a0 \u00a0 \u00a0 \u00a0 \u00a0 \u00a0 \u00a0 \u00a0 \u00a0 \u00a0 \u00a0 \u00a0 \u00a0 \u00a0 \u00a0 \u00a0 \u00a0 \u00a0 \u00a0 \u00a0 \u00a0\u00a0\u00a0\u00a0\u00a0\u00a0\u00a0\u00a0\u00a0 \u00a0 \u00a0 AUGUSTO \u00a0 \u00a0 J. \u00a0IB\u00c1\u00d1EZ \u00a0 \u00a0 GUZM\u00c1N \u00a0 \u00a0\u00a0 \u00a0 \u00a0\u00a0 \u00a0 \u00a0\u00a0 \u00a0\u00a0 \u00a0\u00a0<\/p>\n<p>\u00a0 \u00a0 \u00a0 \u00a0 \u00a0<\/p>\n<p>JORGE \u00a0 \u00a0 \u00a0 LUIS \u00a0 \u00a0 \u00a0 QUINTERO \u00a0MILAN\u00c9S\u00a0\u00a0\u00a0\u00a0\u00a0\u00a0\u00a0\u00a0\u00a0\u00a0\u00a0\u00a0\u00a0\u00a0\u00a0\u00a0\u00a0\u00a0\u00a0\u00a0\u00a0 \u00a0YESID RAM\u00cdREZ BASTIDAS \u00a0\u00a0<\/p>\n<p>JULIO \u00a0ENRIQUE \u00a0SOCHA SALAMANCA \u00a0\u00a0 \u00a0\u00a0 \u00a0\u00a0 \u00a0\u00a0 \u00a0\u00a0 \u00a0\u00a0 \u00a0 \u00a0 \u00a0 \u00a0 \u00a0 \u00a0 \u00a0 \u00a0 \u00a0 \u00a0 \u00a0 \u00a0 \u00a0 \u00a0 \u00a0 \u00a0 \u00a0 \u00a0 \u00a0 \u00a0 \u00a0 \u00a0 \u00a0 \u00a0 \u00a0 \u00a0\u00a0\u00a0\u00a0\u00a0\u00a0\u00a0\u00a0\u00a0\u00a0\u00a0 \u00a0JAVIER ZAPATA ORTIZ \u00a0\u00a0<\/p>\n<p>TERESA RUIZ N\u00da\u00d1EZ \u00a0<\/p>\n<p>Secretaria \u00a0 \u00a0<\/p>\n<p><\/p>\n","protected":false},"excerpt":{"rendered":"<p>\u00a0 \u00a0 Proceso n.\u00b0 33829 \u00a0 CORTE SUPREMA DE JUSTICIA \u00a0 SALA DE CASACI\u00d3N PENAL \u00a0 Magistrado Ponente: \u00a0 Dr. SIGIFREDO ESPINOSA P\u00c9REZ \u00a0 Aprobado acta No. 98. \u00a0 Bogot\u00e1, \u00a0D.C., \u00a0siete \u00a0de \u00a0abril de dos mil \u00a0diez. \u00a0\u00a0 VISTOS \u00a0 De \u00a0conformidad \u00a0con \u00a0lo \u00a0que \u00a0establece \u00a0el \u00a0numeral \u00a04\u00b0 del art\u00edculo 32 de la [&hellip;]<\/p>\n","protected":false},"author":1,"featured_media":0,"comment_status":"open","ping_status":"open","sticky":false,"template":"","format":"standard","meta":{"footnotes":""},"categories":[18],"tags":[],"class_list":["post-20967","post","type-post","status-publish","format-standard","hentry","category-18"],"_links":{"self":[{"href":"https:\/\/dmsjuridica.com\/buscador_20179478954\/salapenalcronologico20230723\/wp-json\/wp\/v2\/posts\/20967","targetHints":{"allow":["GET"]}}],"collection":[{"href":"https:\/\/dmsjuridica.com\/buscador_20179478954\/salapenalcronologico20230723\/wp-json\/wp\/v2\/posts"}],"about":[{"href":"https:\/\/dmsjuridica.com\/buscador_20179478954\/salapenalcronologico20230723\/wp-json\/wp\/v2\/types\/post"}],"author":[{"embeddable":true,"href":"https:\/\/dmsjuridica.com\/buscador_20179478954\/salapenalcronologico20230723\/wp-json\/wp\/v2\/users\/1"}],"replies":[{"embeddable":true,"href":"https:\/\/dmsjuridica.com\/buscador_20179478954\/salapenalcronologico20230723\/wp-json\/wp\/v2\/comments?post=20967"}],"version-history":[{"count":0,"href":"https:\/\/dmsjuridica.com\/buscador_20179478954\/salapenalcronologico20230723\/wp-json\/wp\/v2\/posts\/20967\/revisions"}],"wp:attachment":[{"href":"https:\/\/dmsjuridica.com\/buscador_20179478954\/salapenalcronologico20230723\/wp-json\/wp\/v2\/media?parent=20967"}],"wp:term":[{"taxonomy":"category","embeddable":true,"href":"https:\/\/dmsjuridica.com\/buscador_20179478954\/salapenalcronologico20230723\/wp-json\/wp\/v2\/categories?post=20967"},{"taxonomy":"post_tag","embeddable":true,"href":"https:\/\/dmsjuridica.com\/buscador_20179478954\/salapenalcronologico20230723\/wp-json\/wp\/v2\/tags?post=20967"}],"curies":[{"name":"wp","href":"https:\/\/api.w.org\/{rel}","templated":true}]}}