{"id":20966,"date":"2023-09-11T22:54:46","date_gmt":"2023-09-11T22:54:46","guid":{"rendered":"https:\/\/dmsjuridica.com\/buscador_20179478954\/salapenalcronologico20230723\/2023\/09\/11\/3382707-04-10\/"},"modified":"2023-09-11T22:54:46","modified_gmt":"2023-09-11T22:54:46","slug":"3382707-04-10","status":"publish","type":"post","link":"https:\/\/dmsjuridica.com\/buscador_20179478954\/salapenalcronologico20230723\/2023\/09\/11\/3382707-04-10\/","title":{"rendered":"33827(07-04-10)"},"content":{"rendered":"\n<p>\u00a0 \u00a0 Proceso n.\u00b0 33827 \u00a0<\/p>\n<p>CORTE SUPREMA DE JUSTICIA \u00a0<\/p>\n<p>SALA DE CASACI\u00d3N PENAL \u00a0<\/p>\n<p>\u00a0 \u00a0\u00a0 \u00a0\u00a0 \u00a0\u00a0 \u00a0\u00a0 \u00a0 \u00a0 \u00a0 \u00a0 \u00a0 \u00a0\u00a0 \u00a0\u00a0 \u00a0 \u00a0 \u00a0 \u00a0 \u00a0 \u00a0 \u00a0 \u00a0\u00a0 \u00a0 \u00a0 \u00a0 \u00a0\u00a0 \u00a0 \u00a0 \u00a0 \u00a0\u00a0 \u00a0 \u00a0 \u00a0 \u00a0\u00a0\u00a0\u00a0\u00a0\u00a0\u00a0 \u00a0Magistrado \u00a0Ponente: \u00a0\u00a0<\/p>\n<p>\u00a0 \u00a0\u00a0 \u00a0\u00a0 \u00a0\u00a0 \u00a0\u00a0 \u00a0 \u00a0 \u00a0 \u00a0 \u00a0 \u00a0\u00a0 \u00a0\u00a0 \u00a0 \u00a0 \u00a0 \u00a0 \u00a0 \u00a0 \u00a0 \u00a0\u00a0 \u00a0 \u00a0 \u00a0 \u00a0\u00a0 \u00a0 \u00a0 \u00a0 \u00a0\u00a0 \u00a0 \u00a0 \u00a0 \u00a0\u00a0\u00a0\u00a0\u00a0\u00a0\u00a0 ALFREDO G\u00d3MEZ QUINTERO \u00a0\u00a0<\/p>\n<p>\u00a0 \u00a0\u00a0 \u00a0\u00a0 \u00a0\u00a0 \u00a0\u00a0 \u00a0 \u00a0 \u00a0 \u00a0 \u00a0 \u00a0\u00a0 \u00a0\u00a0 \u00a0 \u00a0 \u00a0 \u00a0 \u00a0 \u00a0 \u00a0 \u00a0\u00a0 \u00a0 \u00a0 \u00a0 \u00a0\u00a0 \u00a0 \u00a0 \u00a0 \u00a0\u00a0 \u00a0 \u00a0 \u00a0 \u00a0\u00a0\u00a0\u00a0\u00a0\u00a0\u00a0 \u00a0 Aprobado \u00a0Acta No. 98 \u00a0\u00a0<\/p>\n<p>Bogot\u00e1, D.C., .siete (7) de abril de dos mil \u00a0diez (2010) \u00a0\u00a0<\/p>\n<p>VISTOS \u00a0<\/p>\n<p>Resuelve \u00a0la \u00a0Corte \u00a0de plano la solicitud de \u00a0cambio \u00a0de radicaci\u00f3n elevada por la titular del Juzgado Promiscuo del Circuito \u00a0de \u00a0Riosucio \u00a0Choc\u00f3, \u00a0dentro \u00a0de \u00a0la \u00a0causa \u00a0seguida \u00a0en contra de Elkin Dar\u00edo \u00a0Sep\u00falveda por el delito de Rebeli\u00f3n. \u00a0\u00a0<\/p>\n<p>ANTECEDENTES \u00a0 \u00a0 \u00a0RELEVANTES \u00a0 \u00a0 \u00a0Y \u00a0CONSIDERACIONES \u00a0\u00a0<\/p>\n<p>1. \u00a0Refiere \u00a0la \u00a0peticionaria \u00a0haber \u00a0cursado \u00a0en \u00a0su \u00a0despacho \u00a0proceso de naturaleza agraria en \u00a0virtud \u00a0del \u00a0cual \u00a0hubo \u00a0de \u00a0ordenar \u00a0el lanzamiento de un grupo de personas por \u00a0ocupaci\u00f3n \u00a0 de \u00a0 hecho \u00a0del \u00a0predio \u00a0\u201cLa \u00a0 Tuteka\u201d. \u00a0Con \u00a0 posterioridad \u00a0 a \u00a0 dicho \u00a0 fallo \u00a0 ha \u00a0intervenido \u00a0la \u00a0ONG \u00a0\u201cJusticia \u00a0 \u00a0 y \u00a0 \u00a0 Paz\u201d \u00a0en \u00a0procura \u00a0de los intereses de los \u00a0ocupantes \u00a0del \u00a0mismo, \u00a0incoando diversas acciones de tutela y final protecci\u00f3n \u00a0por parte de la Corte Constitucional. \u00a0\u00a0<\/p>\n<p>2. Entre tanto, ante \u00a0la \u00a0Fiscal\u00eda \u00a014 \u00a0Especializada \u00a0de UNDH y DIH, se ha adelantado investigaci\u00f3n \u00a0penal \u00a0por \u00a0los \u00a0delitos \u00a0de \u00a0rebeli\u00f3n, \u00a0desplazamiento \u00a0forzado, \u00a0homicidio en \u00a0persona \u00a0protegida \u00a0y \u00a0concierto \u00a0para \u00a0delinquir, \u00a0desprendi\u00e9ndose de la misma \u00a0diversos \u00a0procesos, entre ellos el que actualmente se tramita en contra de Elkin \u00a0Dar\u00edo \u00a0Sep\u00falveda \u00a0-por el punible de rebeli\u00f3n como imputado integrante de las \u00a0FARC- \u00a0y \u00a0el \u00a0que \u00a0se \u00a0siguiera \u00a0en \u00a0contra \u00a0de \u00a0Willington Cuesta C\u00f3rdoba -por \u00a0homicidio agravado y rebeli\u00f3n-. \u00a0\u00a0<\/p>\n<p>3. Una vez proferida \u00a0la \u00a0sentencia \u00a0en \u00a0el \u00a0asunto \u00a0agrario \u00a0y \u00a0dispuesto \u00a0por esta Sala en el asunto \u00a0\u00faltimamente \u00a0aludido \u00a0-radicado \u00a032553\/09-, cambio de radicaci\u00f3n en virtud del \u00a0pedido \u00a0 elevado \u00a0por \u00a0la \u00a0abogada \u00a0Sara \u00a0Mej\u00eda \u00a0Botero \u00a0-defensora \u00a0de \u00a0Cuesta \u00a0C\u00f3rdoba-, \u00a0se \u00a0produjo \u00a0la \u00a0violenta \u00a0muerte de Manuel Moya Lara -denunciante y \u00a0v\u00edctima \u00a0en \u00a0los \u00a0procesos \u00a0penales-, Graciano Bland\u00f3n Borja -testigo- y otros \u00a0l\u00edderes \u00a0comunitarios; coet\u00e1neamente se le ha perseguido y desacreditado en su \u00a0labor \u00a0 judicial \u00a0 por \u00a0 la \u00a0 ONG \u00a0 en \u00a0 menci\u00f3n \u00a0 y \u00a0 ante \u00a0 la \u00a0comunidad \u00a0en \u00a0general. \u00a0\u00a0<\/p>\n<p>De esta manera entiende la funcionaria se ha \u00a0dejado \u00a0expuesta \u00a0su seguridad e integridad personal en una zona de muy dif\u00edcil \u00a0orden \u00a0p\u00fablico, \u00a0donde ha predominado la violencia generalizada particularmente \u00a0en \u00a0los \u00a0\u00faltimos \u00a0meses \u00a0con \u00a0presencia \u00a0de \u00a0diversos \u00a0grupos \u00a0al \u00a0margen de la \u00a0ley. \u00a0\u00a0<\/p>\n<p>Para \u00a0la \u00a0peticionaria, \u00a0este es otro de los \u00a0procesos \u00a0 -como \u00a0el \u00a0referenciado-, \u00a0respecto \u00a0del \u00a0cual \u00a0subsisten \u00a0id\u00e9nticas \u00a0condiciones \u00a0a \u00a0las \u00a0que \u00a0motivaron el cambio de radicaci\u00f3n en aqu\u00e9l, toda vez \u00a0que \u00a0se adelanta por los mismos hechos, instado por los mismos denunciantes, las \u00a0mismas \u00a0v\u00edctimas \u00a0y \u00a0pruebas, \u00a0por \u00a0lo que solicita se disponga el cambio de su \u00a0radicaci\u00f3n. \u00a0\u00a0<\/p>\n<p>4. \u00a0Aun \u00a0cuando \u00a0originalmente \u00a0el \u00a0pedido de cambio de radicaci\u00f3n fue remitido ante el Tribunal \u00a0Superior \u00a0de \u00a0Quibd\u00f3 \u00a0-superior \u00a0jer\u00e1rquico \u00a0de \u00a0la jueza-, dicha autoridad lo \u00a0envi\u00f3 \u00a0a \u00a0la Corte bajo el entendido seg\u00fan el cual por las condiciones propias \u00a0del \u00a0caso \u00a0emerge claramente que una decisi\u00f3n de dicha \u00edndole no podr\u00eda tener \u00a0lugar \u00a0dentro \u00a0del \u00a0mismo \u00a0distrito \u00a0judicial \u00a0sino \u00a0de \u00a0otro, \u00a0siendo \u00a0entonces \u00a0competente \u00a0 \u00a0 \u00a0para \u00a0 \u00a0 \u00a0dilucidarlo \u00a0 \u00a0 \u00a0la \u00a0 \u00a0 Sala \u00a0 \u00a0 Penal \u00a0 \u00a0 de \u00a0 \u00a0 esta \u00a0Corporaci\u00f3n.\u00a0\u00a0\u00a0\u00a0\u00a0\u00a0 \u00a0\u00a0<\/p>\n<p>5. \u00a0Dicha\u00a0 \u00a0situaci\u00f3n, \u00a0de \u00a0conformidad con lo establecido en el inciso final del art\u00edculo \u00a088 \u00a0de la Ley 600 de 2000, en concordancia con el numeral 8 del art\u00edculo 75 del \u00a0mismo \u00a0ordenamiento, \u00a0le \u00a0otorga \u00a0a \u00a0la \u00a0Corte \u00a0competencia para conocer de este \u00a0asunto \u00a0y resolverlo consiguientemente de plano. \u00a0 \u00a0\u00a0 \u00a0 \u00a0\u00a0 \u00a0 \u00a0\u00a0 \u00a0 \u00a0 \u00a0 \u00a0 \u00a0 \u00a0 \u00a0\u00a0 \u00a0 \u00a0 \u00a0 \u00a0 \u00a0\u00a0<\/p>\n<p>En \u00a0condiciones \u00a0semejantes \u00a0se \u00a0tiene \u00a0que \u00a0ciertamente, \u00a0dentro \u00a0de \u00a0la \u00a0actuaci\u00f3n adelantada por el Juzgado Promiscuo del \u00a0Circuito \u00a0de \u00a0Riosucio \u00a0(Choc\u00f3) \u00a0en \u00a0que \u00a0la defensora del procesado Willington \u00a0C\u00f3rdoba \u00a0 Cuesta \u00a0solicit\u00f3 \u00a0cambio \u00a0de \u00a0radicaci\u00f3n, \u00a0la \u00a0Sala \u00a0mediante \u00a0auto \u00a0calendado el 30 de septiembre de 2009, hubo de precisar: \u00a0\u00a0<\/p>\n<p>\u201cEn efecto, son \u00a0de \u00a0sobra conocidos los obst\u00e1culos que surgen para conseguir el cumplimiento de \u00a0las \u00a0finalidades \u00a0de \u00a0verdad, \u00a0justicia y reparaci\u00f3n, dentro de las actuaciones \u00a0judiciales \u00a0encaminadas a esclarecer comportamientos punibles acaecidos en zonas \u00a0del \u00a0territorio \u00a0nacional \u00a0afectadas \u00a0por \u00a0graves y reconocidas alteraciones del \u00a0orden p\u00fablico.\u00a0 \u00a0\u00a0<\/p>\n<p>M\u00e1s \u00a0a\u00fan, \u00a0el \u00a0deber \u00a0de \u00a0una imparcial y \u00a0cumplida \u00a0 administraci\u00f3n \u00a0 de \u00a0justicia, \u00a0al \u00a0que \u00a0tienen \u00a0derecho \u00a0todos \u00a0los \u00a0intervinientes \u00a0en \u00a0el \u00a0proceso penal, debe asumirse con mayor rigor en aquellos \u00a0casos \u00a0en \u00a0los \u00a0que se involucran -ya sea como v\u00edctimas, procesados, testigos o \u00a0en \u00a0cualquier \u00a0otra \u00a0forma- \u00a0a \u00a0individuos \u00a0que \u00a0se \u00a0hallan \u00a0en \u00a0una \u00a0manifiesta \u00a0situaci\u00f3n \u00a0de \u00a0desventaja, como es el caso de quienes han sido afectados por el \u00a0fen\u00f3meno del desplazamiento forzado. \u00a0\u00a0<\/p>\n<p>Tal \u00a0es el caso que aqu\u00ed se presenta, toda \u00a0vez \u00a0que \u00a0la \u00a0peticionaria ha demostrado de manera suficiente la pertenencia del \u00a0investigado \u00a0William Cuesta C\u00f3rdoba a las Comunidades de los R\u00edos Jiguamiand\u00f3 \u00a0y \u00a0Curvarad\u00f3, grupos humanos que han sido v\u00edctimas del desplazamiento forzado, \u00a0particular \u00a0y \u00a0violentamente \u00a0afectados \u00a0por \u00a0grupos \u00a0armados \u00a0al \u00a0margen \u00a0de la \u00a0ley\u201d. \u00a0\u00a0<\/p>\n<p>6. Como lo realza la \u00a0funcionaria \u00a0que \u00a0eleva solicitud de cambio de radicaci\u00f3n, el conflicto surgido \u00a0en \u00a0relaci\u00f3n \u00a0con \u00a0el \u00a0grupo \u00a0de \u00a0desplazados \u00a0de \u00a0las \u00a0cuencas \u00a0de \u00a0los \u00a0r\u00edos \u00a0Jiguamiand\u00f3, \u00a0Curvarad\u00f3 \u00a0y Domingod\u00f3, ha determinado una amalgama de factores \u00a0armados \u00a0dada la conocida presencia de miembros del 57 frente de las FARC en esa \u00a0regi\u00f3n \u00a0del \u00a0pa\u00eds, \u00a0gener\u00e1ndose \u00a0cuerpos \u00a0de \u00a0milicias \u00a0en \u00a0donde se vinculan \u00a0diversas \u00a0conductas \u00a0delictivas \u00a0de \u00a0tr\u00e1fico \u00a0de \u00a0armas \u00a0y \u00a0drogas, \u00a0as\u00ed \u00a0como \u00a0m\u00faltiples \u00a0homicidios \u00a0y \u00a0el \u00a0consiguiente \u00a0inicio \u00a0de profusas investigaciones \u00a0todas originadas por el mismo fen\u00f3meno de conflicto. \u00a0\u00a0<\/p>\n<p>7. \u00a0 \u00a0Las \u00a0particularidades \u00a0 de \u00a0la \u00a0confrontaci\u00f3n \u00a0destacada \u00a0que \u00a0son \u00a0de \u00a0generalizado \u00a0conocimiento, \u00a0han \u00a0producido severa alteraci\u00f3n del orden p\u00fablico e incidencia \u00a0negativa \u00a0para \u00a0las \u00a0garant\u00edas \u00a0procesales, \u00a0la \u00a0publicidad del juzgamiento, la \u00a0seguridad \u00a0o integridad personal de los sujetos procesales o de los funcionarios \u00a0judiciales, \u00a0en \u00a0forma \u00a0tal \u00a0que \u00a0han \u00a0determinado \u00a0en \u00a0relaci\u00f3n \u00a0con \u00a0aquellas \u00a0actuaciones \u00a0directamente orientadas al esclarecimiento de los hechos criminales \u00a0derivados \u00a0 de \u00a0las \u00a0mismas \u00a0que \u00a0resulte \u00a0imperioso \u00a0exceptuar \u00a0las \u00a0reglas \u00a0de \u00a0competencia \u00a0por el factor territorial y acceder al cambio de radicaci\u00f3n en los \u00a0t\u00e9rminos \u00a0contemplados \u00a0por \u00a0el art\u00edculo 85 del C\u00f3digo de Procedimiento Penal \u00a0de 2000. \u00a0\u00a0<\/p>\n<p>8. Restringidas como \u00a0se \u00a0encuentran \u00a0las \u00a0condiciones \u00a0para \u00a0adelantar \u00a0la causa seguida en contra de \u00a0Elkin \u00a0Dar\u00edo \u00a0Sep\u00falveda por el delito de Rebeli\u00f3n -como miembro de las FARC-, \u00a0dentro \u00a0de \u00a0un \u00a0territorio cuya zona est\u00e1 afectada por muy graves y reconocidas \u00a0alteraciones \u00a0del \u00a0orden \u00a0p\u00fablico \u00a0con \u00a0influencia \u00a0de \u00a0diversos grupos armados \u00a0y\u00a0 \u00a0colectividades \u00a0sumidas \u00a0por el fen\u00f3meno del desplazamiento forzado, a \u00a0prop\u00f3sito \u00a0de las cuales la Sala en el prove\u00eddo en comento hubo de resaltar la \u00a0especialidad \u00a0de \u00a0los \u00a0casos \u00a0relacionados \u00a0con \u00a0el \u00a0mismo \u00a0fen\u00f3meno \u00a0y \u00a0de \u00a0su \u00a0juzgamiento \u00a0-que ha correspondido a id\u00e9nticas oficina judicial y funcionaria-, \u00a0como \u00a0quiera \u00a0que \u00a0la \u00a0Corte \u00a0Interamericana \u00a0de \u00a0Derechos Humanos, a trav\u00e9s de \u00a0resoluci\u00f3n \u00a0del \u00a017 \u00a0de \u00a0noviembre \u00a0de \u00a02004, dispuso la adopci\u00f3n \u201cde \u00a0las medidas que fueran necesarias \u00a0para \u00a0proteger \u00a0eficazmente \u00a0la \u00a0vida \u00a0e integridad personal de los miembros del \u00a0Consejo \u00a0Comunitario \u00a0del Jiguamiand\u00f3 y las familias del Curvarad\u00f3\u201d, \u00a0haci\u00e9ndose \u00a0a su vez requerimiento \u00a0al \u00a0Estado \u00a0Colombiano, \u00a0a \u00a0trav\u00e9s \u00a0de resoluci\u00f3n del 15 de marzo de 2005, con \u00a0miras \u00a0a \u00a0adoptarse \u00a0todas \u00a0aquellas \u00a0medidas \u00a0conducentes \u00a0a \u00a0proteger \u00a0a \u00a0esas \u00a0comunidades, \u00a0encontr\u00e1ndose \u00a0entre \u00a0tales mecanismos en orden a posibilitar que \u00a0se \u00a0imparta \u00a0recta y cumplida administraci\u00f3n de justicia el de disponer, acorde \u00a0con \u00a0el \u00a0pedido \u00a0de \u00a0la servidora del Juzgado Promiscuo del Circuito de Riosucio \u00a0Choc\u00f3, \u00a0el \u00a0cambio \u00a0de \u00a0radicaci\u00f3n del proceso, por lo que la Corte dispondr\u00e1 \u00a0que \u00a0el \u00a0expediente \u00a0No. \u00a02010-00019-00 \u00a0actualmente \u00a0adelantado \u00a0en \u00a0el Juzgado \u00a0Promiscuo \u00a0del \u00a0Circuito de Riosucio, Distrito Judicial del Choc\u00f3, sea radicado \u00a0en \u00a0uno \u00a0de los despachos judiciales del Circuito de Bogot\u00e1 que sea competente, \u00a0por raz\u00f3n de la naturaleza de la conducta punible investigada. \u00a0\u00a0<\/p>\n<p>En \u00a0m\u00e9rito de lo expuesto, la CORTE SUPREMA \u00a0DE JUSTICIA, SALA DE CASACI\u00d3N PENAL, \u00a0\u00a0<\/p>\n<p>RESUELVE \u00a0<\/p>\n<p>ORDENAR \u00a0 \u00a0el \u00a0cambio \u00a0de \u00a0radicaci\u00f3n \u00a0del \u00a0proceso \u00a0que \u00a0adelanta el Juzgado Promiscuo del Circuito de Riosucio (Choc\u00f3) en \u00a0contra \u00a0de \u00a0Elkin \u00a0Dar\u00edo \u00a0Sep\u00falveda \u00a0por \u00a0el \u00a0delito \u00a0de Rebeli\u00f3n al Distrito \u00a0Judicial \u00a0de \u00a0Bogot\u00e1, debi\u00e9ndose remitir de inmediato el expediente al reparto \u00a0de \u00a0los \u00a0jueces \u00a0penales \u00a0del \u00a0circuito \u00a0competentes \u00a0de \u00a0esta ciudad, seg\u00fan la \u00a0naturaleza de la conducta punible investigada. \u00a0\u00a0<\/p>\n<p>Comun\u00edquese \u00a0esta \u00a0decisi\u00f3n \u00a0al \u00a0Juzgado Promiscuo del Circuito de \u00a0Riosucio (Choc\u00f3) y a los sujetos procesales. \u00a0\u00a0<\/p>\n<p>Contra esta determinaci\u00f3n no procede recurso \u00a0alguno. \u00a0\u00a0<\/p>\n<p>Comun\u00edquese y c\u00famplase. \u00a0<\/p>\n<p>\u00a0\u00a0\u00a0\u00a0\u00a0\u00a0\u00a0\u00a0\u00a0\u00a0\u00a0\u00a0\u00a0\u00a0\u00a0\u00a0\u00a0\u00a0\u00a0\u00a0\u00a0\u00a0\u00a0\u00a0\u00a0\u00a0\u00a0\u00a0\u00a0\u00a0\u00a0\u00a0\u00a0\u00a0\u00a0\u00a0\u00a0\u00a0\u00a0\u00a0\u00a0\u00a0\u00a0\u00a0\u00a0\u00a0 \u00a0C\u00famplase \u00a0\u00a0<\/p>\n<p>MARIA \u00a0 \u00a0DEL \u00a0 \u00a0ROSARIO \u00a0 \u00a0GONZALEZ \u00a0 DE \u00a0LEMOS \u00a0\u00a0<\/p>\n<p>JOS\u00c9 \u00a0 \u00a0 \u00a0 LEONIDAS \u00a0 \u00a0 \u00a0 BUSTOS \u00a0MART\u00cdNEZ\u00a0\u00a0\u00a0\u00a0\u00a0\u00a0\u00a0 \u00a0 \u00a0 \u00a0SIGIFREDO \u00a0 \u00a0 \u00a0ESPINOSA \u00a0PEREZ \u00a0\u00a0<\/p>\n<p>ALFREDO \u00a0 \u00a0 \u00a0 \u00a0 \u00a0 G\u00d3MEZ \u00a0QUINTERO\u00a0\u00a0\u00a0\u00a0\u00a0\u00a0\u00a0\u00a0\u00a0\u00a0\u00a0\u00a0\u00a0\u00a0\u00a0\u00a0\u00a0\u00a0\u00a0\u00a0\u00a0\u00a0\u00a0 \u00a0AUGUSTO IB\u00c1\u00d1EZ GUZM\u00c1N \u00a0\u00a0<\/p>\n<p>JORGE \u00a0 \u00a0 \u00a0 \u00a0LUIS \u00a0 \u00a0 \u00a0 QUINTERO \u00a0MILAN\u00c9S\u00a0\u00a0\u00a0\u00a0\u00a0\u00a0\u00a0\u00a0\u00a0\u00a0\u00a0\u00a0\u00a0\u00a0\u00a0\u00a0\u00a0 \u00a0YESID RAM\u00cdIREZ \u00a0BASTIDAS\u00a0\u00a0\u00a0\u00a0\u00a0\u00a0\u00a0\u00a0\u00a0\u00a0\u00a0\u00a0\u00a0 \u00a0\u00a0<\/p>\n<p>JULIO \u00a0 \u00a0 \u00a0 \u00a0 E. \u00a0 \u00a0 \u00a0 \u00a0 SOCHA \u00a0SALAMANCA\u00a0\u00a0\u00a0\u00a0\u00a0\u00a0\u00a0\u00a0\u00a0\u00a0\u00a0\u00a0\u00a0\u00a0\u00a0\u00a0\u00a0\u00a0\u00a0\u00a0\u00a0\u00a0\u00a0\u00a0\u00a0\u00a0\u00a0\u00a0\u00a0\u00a0 \u00a0JAVIER ZAPATA ORTIZ \u00a0\u00a0<\/p>\n<p>TERESA RUIZ N\u00da\u00d1EZ \u00a0<\/p>\n<p>Secretaria \u00a0<\/p>\n<p>\u00a0 \u00a0\u00a0<\/p>\n<p><\/p>\n","protected":false},"excerpt":{"rendered":"<p>\u00a0 \u00a0 Proceso n.\u00b0 33827 \u00a0 CORTE SUPREMA DE JUSTICIA \u00a0 SALA DE CASACI\u00d3N PENAL \u00a0 \u00a0 \u00a0\u00a0 \u00a0\u00a0 \u00a0\u00a0 \u00a0\u00a0 \u00a0 \u00a0 \u00a0 \u00a0 \u00a0 \u00a0\u00a0 \u00a0\u00a0 \u00a0 \u00a0 \u00a0 \u00a0 \u00a0 \u00a0 \u00a0 \u00a0\u00a0 \u00a0 \u00a0 \u00a0 \u00a0\u00a0 \u00a0 \u00a0 \u00a0 \u00a0\u00a0 \u00a0 \u00a0 \u00a0 \u00a0\u00a0\u00a0\u00a0\u00a0\u00a0\u00a0 \u00a0Magistrado \u00a0Ponente: \u00a0\u00a0 \u00a0 \u00a0\u00a0 \u00a0\u00a0 \u00a0\u00a0 [&hellip;]<\/p>\n","protected":false},"author":1,"featured_media":0,"comment_status":"open","ping_status":"open","sticky":false,"template":"","format":"standard","meta":{"footnotes":""},"categories":[18],"tags":[],"class_list":["post-20966","post","type-post","status-publish","format-standard","hentry","category-18"],"_links":{"self":[{"href":"https:\/\/dmsjuridica.com\/buscador_20179478954\/salapenalcronologico20230723\/wp-json\/wp\/v2\/posts\/20966","targetHints":{"allow":["GET"]}}],"collection":[{"href":"https:\/\/dmsjuridica.com\/buscador_20179478954\/salapenalcronologico20230723\/wp-json\/wp\/v2\/posts"}],"about":[{"href":"https:\/\/dmsjuridica.com\/buscador_20179478954\/salapenalcronologico20230723\/wp-json\/wp\/v2\/types\/post"}],"author":[{"embeddable":true,"href":"https:\/\/dmsjuridica.com\/buscador_20179478954\/salapenalcronologico20230723\/wp-json\/wp\/v2\/users\/1"}],"replies":[{"embeddable":true,"href":"https:\/\/dmsjuridica.com\/buscador_20179478954\/salapenalcronologico20230723\/wp-json\/wp\/v2\/comments?post=20966"}],"version-history":[{"count":0,"href":"https:\/\/dmsjuridica.com\/buscador_20179478954\/salapenalcronologico20230723\/wp-json\/wp\/v2\/posts\/20966\/revisions"}],"wp:attachment":[{"href":"https:\/\/dmsjuridica.com\/buscador_20179478954\/salapenalcronologico20230723\/wp-json\/wp\/v2\/media?parent=20966"}],"wp:term":[{"taxonomy":"category","embeddable":true,"href":"https:\/\/dmsjuridica.com\/buscador_20179478954\/salapenalcronologico20230723\/wp-json\/wp\/v2\/categories?post=20966"},{"taxonomy":"post_tag","embeddable":true,"href":"https:\/\/dmsjuridica.com\/buscador_20179478954\/salapenalcronologico20230723\/wp-json\/wp\/v2\/tags?post=20966"}],"curies":[{"name":"wp","href":"https:\/\/api.w.org\/{rel}","templated":true}]}}