{"id":20952,"date":"2023-09-11T22:54:45","date_gmt":"2023-09-11T22:54:45","guid":{"rendered":"https:\/\/dmsjuridica.com\/buscador_20179478954\/salapenalcronologico20230723\/2023\/09\/11\/3380224-03-10\/"},"modified":"2023-09-11T22:54:45","modified_gmt":"2023-09-11T22:54:45","slug":"3380224-03-10","status":"publish","type":"post","link":"https:\/\/dmsjuridica.com\/buscador_20179478954\/salapenalcronologico20230723\/2023\/09\/11\/3380224-03-10\/","title":{"rendered":"33802(24-03-10)"},"content":{"rendered":"\n<p>\u00a0 \u00a0 Proceso n.\u00b0 33802 \u00a0<\/p>\n<p>CORTE SUPREMA DE JUSTICIA \u00a0<\/p>\n<p>SALA DE CASACI\u00d3N PENAL \u00a0<\/p>\n<p>\u00a0\u00a0\u00a0\u00a0\u00a0\u00a0\u00a0\u00a0\u00a0\u00a0\u00a0\u00a0\u00a0\u00a0\u00a0\u00a0\u00a0\u00a0\u00a0\u00a0\u00a0\u00a0\u00a0\u00a0 \u00a0\u00a0<\/p>\n<p>\u00a0\u00a0\u00a0\u00a0\u00a0\u00a0\u00a0\u00a0\u00a0\u00a0\u00a0\u00a0\u00a0\u00a0\u00a0\u00a0\u00a0\u00a0\u00a0\u00a0\u00a0\u00a0\u00a0\u00a0\u00a0\u00a0\u00a0\u00a0\u00a0\u00a0\u00a0\u00a0\u00a0\u00a0\u00a0\u00a0\u00a0\u00a0\u00a0\u00a0\u00a0\u00a0\u00a0\u00a0\u00a0\u00a0\u00a0\u00a0\u00a0\u00a0\u00a0\u00a0\u00a0\u00a0 \u00a0Magistrado Ponente: \u00a0\u00a0<\/p>\n<p>\u00a0\u00a0\u00a0\u00a0\u00a0\u00a0\u00a0\u00a0\u00a0\u00a0\u00a0\u00a0\u00a0\u00a0\u00a0\u00a0\u00a0\u00a0\u00a0\u00a0\u00a0\u00a0 \u00a0ALFREDO G\u00d3MEZ QUINTERO \u00a0\u00a0<\/p>\n<p>\u00a0\u00a0\u00a0\u00a0\u00a0\u00a0\u00a0\u00a0\u00a0\u00a0\u00a0\u00a0\u00a0\u00a0\u00a0\u00a0\u00a0\u00a0\u00a0\u00a0\u00a0\u00a0\u00a0\u00a0\u00a0\u00a0\u00a0\u00a0\u00a0\u00a0\u00a0\u00a0\u00a0\u00a0\u00a0\u00a0\u00a0\u00a0\u00a0\u00a0\u00a0\u00a0\u00a0\u00a0\u00a0\u00a0\u00a0\u00a0\u00a0\u00a0\u00a0\u00a0\u00a0\u00a0 \u00a0Aprobado: Acta No. 89 \u00a0\u00a0<\/p>\n<p>Bogot\u00e1, \u00a0D.C., veinticuatro (24) de marzo de \u00a02010 \u00a0\u00a0<\/p>\n<p>VISTOS: \u00a0<\/p>\n<p>Decide \u00a0la \u00a0Corte \u00a0sobre la solicitud que, de \u00a0cambio \u00a0de \u00a0radicaci\u00f3n, \u00a0formula \u00a0quien \u00a0se \u00a0anuncia como apoderado de la parte \u00a0civil \u00a0respecto \u00a0del \u00a0proceso \u00a0seguido \u00a0contra H\u00e9ctor Germ\u00e1n Buitrago Parada y \u00a0Luis Venu \u00c1lvarez Guerrero. \u00a0\u00a0<\/p>\n<p>ANTECEDENTES Y CONSIDERACIONES: \u00a0<\/p>\n<p>1. Quien se dice apoderado de la parte civil, \u00a0afirma \u00a0que \u00a0por \u00a0raz\u00f3n \u00a0del \u00a0il\u00edcito obrar del grupo paramilitar Autodefensas \u00a0Campesinas \u00a0del \u00a0Casanare \u00a0que \u00a0comandara H\u00e9ctor Germ\u00e1n Buitrago Parada, alias \u00a0Mart\u00edn \u00a0Llanos, \u00a0en \u00a0los municipios de Recetor y Ch\u00e1meza, fue aqu\u00e9l junto con \u00a0Luis \u00a0Venu \u00a0\u00c1lvarez \u00a0Guerrero, \u00a0alias \u00a0Pistolete, \u00a0acusado \u00a0por \u00a0los delitos de \u00a0desaparici\u00f3n \u00a0 forzada, \u00a0homicidio \u00a0agravado, \u00a0tortura \u00a0en \u00a0persona \u00a0protegida, \u00a0homicidio \u00a0 en \u00a0 persona \u00a0protegida \u00a0y \u00a0concierto \u00a0para \u00a0delinquir \u00a0agravado \u00a0en \u00a0resoluci\u00f3n \u00a0del \u00a0pasado \u00a011 \u00a0de febrero del a\u00f1o en curso, de la que informa se \u00a0encuentra \u00a0debidamente \u00a0ejecutoriada, lo que adem\u00e1s acredita con certificaci\u00f3n \u00a0de empleado de la correspondiente unidad de fiscal\u00edas. \u00a0\u00a0<\/p>\n<p>Como \u00a0en \u00a0esas \u00a0condiciones \u00a0-dice- el juicio \u00a0correspondiente \u00a0debe \u00a0adelantarse en Yopal (Casanare), las circunstancias all\u00ed \u00a0reinantes \u00a0en cuanto afectan el orden p\u00fablico, la imparcialidad e independencia \u00a0de \u00a0la \u00a0justicia y la seguridad e integridad personal de los sujetos procesales, \u00a0intervinientes \u00a0 y \u00a0funcionarios \u00a0judiciales, \u00a0como \u00a0que \u00a0del \u00a0citado \u00a0grupo \u00a0no \u00a0desmovilizado \u00a0se \u00a0tiene informaci\u00f3n -cuyo ejemplar period\u00edstico anexa- acerca \u00a0de \u00a0su \u00a0reorganizaci\u00f3n \u00a0nuevamente al mando de alias Mart\u00edn Llanos, demanda se \u00a0radique el correspondiente juzgamiento en otro distrito judicial. \u00a0\u00a0<\/p>\n<p>2. Cumplidas, de conformidad con el art\u00edculo \u00a086 \u00a0del \u00a0C\u00f3digo \u00a0de \u00a0Procedimiento \u00a0Penal, \u00a0las \u00a0condiciones \u00a0de \u00a0oportunidad y \u00a0legitimidad \u00a0de \u00a0quien formula la solicitud que motiva esta providencia y siendo \u00a0competente \u00a0la \u00a0Corte \u00a0por virtud del art\u00edculo 75 \u00eddem para resolver el cambio \u00a0de \u00a0radicaci\u00f3n demandado por cuanto en trat\u00e1ndose de un juicio que se pretende \u00a0adelantar \u00a0ante \u00a0un \u00a0juzgado \u00a0penal \u00a0del \u00a0circuito \u00a0especializado \u00a0s\u00f3lo resulta \u00a0posible \u00a0en \u00a0otro \u00a0distrito judicial, evidente es que tal fen\u00f3meno, comportando \u00a0una \u00a0excepci\u00f3n \u00a0a \u00a0las reglas de competencia respecto al factor territorial, se \u00a0hace \u00a0viable \u00a0solamente en presencia de las taxativas causales se\u00f1aladas por el \u00a0art\u00edculo \u00a085 \u00a0ib\u00eddem, \u00a0esto \u00a0es por la existencia de circunstancias que puedan \u00a0afectar \u00a0 el \u00a0 orden \u00a0 p\u00fablico, \u00a0 la \u00a0 imparcialidad \u00a0 o \u00a0independencia \u00a0de \u00a0la \u00a0administraci\u00f3n \u00a0de \u00a0justicia, \u00a0las \u00a0garant\u00edas \u00a0procesales, \u00a0la \u00a0publicidad del \u00a0juzgamiento, \u00a0la \u00a0seguridad o integridad personal de los sujetos procesales o de \u00a0los funcionarios judiciales. \u00a0\u00a0<\/p>\n<p>Tambi\u00e9n \u00a0es \u00a0claro \u00a0que \u00a0dichas causas hacen \u00a0referencia \u00a0a \u00a0factores \u00a0ex\u00f3genos, \u00a0a \u00a0circunstancias \u00a0del \u00a0ambiente \u00a0en que se \u00a0desarrolla \u00a0el \u00a0juicio \u00a0y \u00a0no a situaciones objetivas o subjetivas del juzgador, \u00a0pues \u00a0si \u00a0de \u00a0lo \u00a0que \u00a0se trata es de cuestionar la imparcialidad o probidad del \u00a0funcionario \u00a0que \u00a0adelanta \u00a0la \u00a0causa en tales eventos el legislador ha previsto \u00a0para \u00a0los \u00a0sujetos \u00a0procesales la posibilidad de recusarlo y para el funcionario \u00a0la \u00a0obligaci\u00f3n \u00a0de \u00a0declararse impedido, de conformidad con los art\u00edculos 99 y \u00a0siguientes del ordenamiento procedimental penal. \u00a0\u00a0<\/p>\n<p>3. Bajo dichos supuestos, si bien es cierto el \u00a0estado \u00a0de \u00a0inseguridad \u00a0que \u00a0vive \u00a0la \u00a0regi\u00f3n donde habr\u00e1 de desarrollarse el \u00a0juicio \u00a0por operar all\u00ed grupos armados al margen de la ley que no se sometieron \u00a0al \u00a0proceso \u00a0de \u00a0desmovilizaci\u00f3n, \u00a0no \u00a0se constituye, per se, en situaci\u00f3n que \u00a0motive \u00a0 el \u00a0 cambio \u00a0 de \u00a0radicaci\u00f3n, \u00a0como \u00a0tampoco \u00a0situaciones \u00a0que \u00a0aunque \u00a0eventualmente \u00a0afectar\u00edan \u00a0el \u00a0orden \u00a0p\u00fablico no se relacionan de modo directo \u00a0con \u00a0la \u00a0tramitaci\u00f3n \u00a0del juicio cuya remoci\u00f3n se demanda, no menos lo es que, \u00a0en \u00a0casos como el presente, aquellas vivencias materializadas en actos concretos \u00a0como \u00a0los \u00a0que \u00a0rese\u00f1a \u00a0el \u00a0petente \u00a0con \u00a0sustento \u00a0en \u00a0informaci\u00f3n personal y \u00a0period\u00edstica, \u00a0 s\u00ed \u00a0 se \u00a0 proyectan \u00a0 nocivamente \u00a0sobre \u00a0la \u00a0independencia \u00a0e \u00a0imparcialidad \u00a0del \u00a0aparato \u00a0judicial, as\u00ed como sobre la seguridad e integridad \u00a0personal \u00a0de \u00a0algunos \u00a0de \u00a0los sujetos procesales, intervinientes y funcionarios \u00a0judiciales, \u00a0dado \u00a0adem\u00e1s que los encausados fueron miembros del grupo renuente \u00a0a la desmovilizaci\u00f3n. \u00a0\u00a0<\/p>\n<p>En ese orden y como ya lo se\u00f1alara la Sala al \u00a0disponer \u00a0un \u00a0cambio \u00a0de \u00a0radicaci\u00f3n \u00a0en \u00a0circunstancias \u00a0similares \u00a0a las ac\u00e1 \u00a0expuestas \u00a0y \u00a0respecto del procesado Buitrago Parada, alias Mart\u00edn Llanos (Auto \u00a0de \u00a0 \u00a0 diciembre \u00a0 \u00a0 9 \u00a0 \u00a0 de \u00a0 \u00a02009, \u00a0 \u00a0Rad. \u00a0 \u00a0No. \u00a0 \u00a033092), \u00a0 \u00a0\u201cestas \u00a0manifestaciones \u00a0se \u00a0encuentran \u00a0acompa\u00f1adas \u00a0de \u00a0soportes \u00a0que \u00a0indican \u00a0la \u00a0posible \u00a0existencia \u00a0de un peligro \u00a0latente \u00a0 para \u00a0 los \u00a0 principios \u00a0 de \u00a0 imparcialidad \u00a0e \u00a0independencia \u00a0de \u00a0la \u00a0administraci\u00f3n \u00a0de \u00a0justicia, \u00a0como \u00a0para \u00a0la \u00a0paz p\u00fablica en esta regi\u00f3n del \u00a0pa\u00eds, \u00a0convulsionada \u00a0con \u00a0la presencia de verdaderas organizaciones del crimen \u00a0expertas \u00a0en \u00a0atemorizar, \u00a0desaparecer, \u00a0asesinar, \u00a0torturar \u00a0y \u00a0desplazar, cuya \u00a0pertenencia \u00a0a \u00a0esos \u00a0grupos \u00a0es \u00a0precisamente \u00a0lo \u00a0que se le endilga a Buitrago \u00a0Parada, \u00a0a partir de la cual presuntamente lograron perpetrar las desapariciones \u00a0forzadas \u00a0 que \u00a0 se \u00a0 les \u00a0 atribuye\u2026\u201d. \u00a0\u00a0<\/p>\n<p>\u201cDentro \u00a0de \u00a0los \u00a0medios \u00a0de \u00a0convicci\u00f3n \u00a0con \u00a0los cuales se acredita la existencia de un posible \u00a0peligro \u00a0para \u00a0la \u00a0imparcialidad \u00a0y \u00a0la \u00a0independencia \u00a0judicial se encuentra el \u00a0art\u00edculo \u00a0publicado \u00a0por \u00a0el \u00a0diario \u00a0El \u00a0Tiempo, \u00a0que basado en informes dados \u00a0por\u00a0 \u00a0las autoridades, se sabe que el acusado reorganiz\u00f3 su agrupaci\u00f3n al \u00a0margen \u00a0de \u00a0la \u00a0ley y que se encuentra operando en el departamento del Casanare, \u00a0comprensi\u00f3n \u00a0territorial \u00a0donde \u00a0se \u00a0encuentra \u00a0ubicado \u00a0el \u00a0Juzgado \u00a0Penal del \u00a0Circuito \u00a0Especializado \u00a0que lo juzgar\u00e1\u201d. \u00a0\u00a0<\/p>\n<p>4. \u00a0Por \u00a0ello, \u00a0en \u00a0aras \u00a0de \u00a0preservar \u00a0esa \u00a0independencia \u00a0e \u00a0imparcialidad \u00a0de \u00a0la administraci\u00f3n de justicia as\u00ed como la \u00a0seguridad \u00a0e integridad personal de los funcionarios judiciales y de los sujetos \u00a0procesales \u00a0se \u00a0har\u00e1 uso del mecanismo que siendo residual excepciona el factor \u00a0territorial, \u00a0disponi\u00e9ndose \u00a0en \u00a0consecuencia \u00a0la \u00a0radicaci\u00f3n \u00a0del \u00a0juicio \u00a0en \u00a0menci\u00f3n \u00a0en \u00a0los \u00a0Jueces Penales del Circuito de Bogot\u00e1, habida consideraci\u00f3n \u00a0que \u00a0la \u00a0distancia \u00a0y \u00a0la \u00a0magnitud \u00a0de \u00a0este \u00a0circuito neutralizar\u00edan aquellas \u00a0an\u00f3malas circunstancias. \u00a0\u00a0<\/p>\n<p>En m\u00e9rito de lo expuesto, la Corte Suprema de \u00a0Justicia, Sala de Casaci\u00f3n Penal, \u00a0\u00a0<\/p>\n<p>RESUELVE: \u00a0<\/p>\n<p>Radicar \u00a0en \u00a0el \u00a0Juzgado \u00a0Penal \u00a0del Circuito \u00a0Especializado \u00a0de Bogot\u00e1 que correspondiere por reparto, el juicio que con base \u00a0en \u00a0la \u00a0resoluci\u00f3n de acusaci\u00f3n dictada en febrero 11 de 2010 por la Fiscal\u00eda \u00a029 \u00a0de \u00a0la \u00a0Unidad \u00a0Nacional \u00a0de \u00a0Derechos Humanos, habr\u00e1 de adelantarse contra \u00a0H\u00e9ctor \u00a0Germ\u00e1n \u00a0Buitrago \u00a0Parada \u00a0por \u00a0los \u00a0punibles de desaparici\u00f3n forzada, \u00a0homicidio \u00a0 agravado, \u00a0 tortura \u00a0en \u00a0persona \u00a0protegida, \u00a0homicidio \u00a0en \u00a0persona \u00a0protegida \u00a0y \u00a0concierto \u00a0para \u00a0delinquir \u00a0agravado \u00a0y contra Lu\u00eds Venu \u00c1lvarez \u00a0Guerrero \u00a0 \u00a0por \u00a0 \u00a0los \u00a0 \u00a0delitos \u00a0 de \u00a0 desaparici\u00f3n \u00a0 forzada \u00a0 y \u00a0 homicidio \u00a0agravado. \u00a0\u00a0<\/p>\n<p>En \u00a0consecuencia \u00a0rem\u00edtasele el expediente y \u00a0para \u00a0 esos \u00a0 efectos \u00a0 comun\u00edquese \u00a0esta \u00a0determinaci\u00f3n \u00a0al \u00a0citado \u00a0despacho \u00a0fiscal. \u00a0\u00a0<\/p>\n<p>Contra \u00a0 este \u00a0 auto \u00a0 no \u00a0procede \u00a0recurso \u00a0alguno. \u00a0\u00a0<\/p>\n<p>C\u00f3piese, devu\u00e9lvase y c\u00famplase. \u00a0<\/p>\n<p>MAR\u00cdA \u00a0DEL \u00a0ROSARIO \u00a0GONZ\u00c1LEZ \u00a0DE \u00a0LEMOS \u00a0\u00a0<\/p>\n<p>JOS\u00c9\u00a0 \u00a0 \u00a0 \u00a0LEONIDAS \u00a0 \u00a0 BUSTOS \u00a0MART\u00cdNEZ\u00a0\u00a0\u00a0\u00a0\u00a0\u00a0\u00a0\u00a0\u00a0\u00a0\u00a0\u00a0\u00a0\u00a0\u00a0\u00a0 \u00a0SIGIFREDO ESPINOSA P\u00c9REZ \u00a0\u00a0<\/p>\n<p>ALFREDO \u00a0 \u00a0 \u00a0 \u00a0 \u00a0 G\u00d3MEZ \u00a0QUINTERO\u00a0\u00a0\u00a0\u00a0\u00a0\u00a0\u00a0\u00a0\u00a0\u00a0\u00a0\u00a0\u00a0\u00a0\u00a0\u00a0\u00a0\u00a0\u00a0\u00a0\u00a0\u00a0\u00a0\u00a0\u00a0\u00a0\u00a0\u00a0 \u00a0AUGUSTO J. IB\u00c1\u00d1EZ GUZM\u00c1N \u00a0\u00a0<\/p>\n<p>JORGE \u00a0 \u00a0 \u00a0 \u00a0LUIS \u00a0 \u00a0 \u00a0 QUINTERO \u00a0MILAN\u00c9S\u00a0\u00a0\u00a0\u00a0\u00a0\u00a0\u00a0\u00a0\u00a0\u00a0\u00a0\u00a0\u00a0\u00a0\u00a0\u00a0\u00a0\u00a0\u00a0\u00a0\u00a0\u00a0\u00a0\u00a0\u00a0\u00a0\u00a0 \u00a0YESID RAM\u00cdREZ BASTIDAS \u00a0\u00a0<\/p>\n<p>JULIO \u00a0 \u00a0 \u00a0 \u00a0ENRIQUE \u00a0 \u00a0 \u00a0 SOCHA \u00a0SALAMANCA\u00a0\u00a0\u00a0\u00a0\u00a0\u00a0\u00a0\u00a0\u00a0\u00a0\u00a0\u00a0\u00a0\u00a0\u00a0\u00a0\u00a0\u00a0 \u00a0JAVIER DE JES\u00daS ZAPATA ORTIZ \u00a0\u00a0<\/p>\n<p>Teresa Ruiz N\u00fa\u00f1ez \u00a0<\/p>\n<p>Secretaria \u00a0<\/p>\n<p>\u00a0 \u00a0\u00a0<\/p>\n<p><\/p>\n","protected":false},"excerpt":{"rendered":"<p>\u00a0 \u00a0 Proceso n.\u00b0 33802 \u00a0 CORTE SUPREMA DE JUSTICIA \u00a0 SALA DE CASACI\u00d3N PENAL \u00a0 \u00a0\u00a0\u00a0\u00a0\u00a0\u00a0\u00a0\u00a0\u00a0\u00a0\u00a0\u00a0\u00a0\u00a0\u00a0\u00a0\u00a0\u00a0\u00a0\u00a0\u00a0\u00a0\u00a0\u00a0 \u00a0\u00a0 \u00a0\u00a0\u00a0\u00a0\u00a0\u00a0\u00a0\u00a0\u00a0\u00a0\u00a0\u00a0\u00a0\u00a0\u00a0\u00a0\u00a0\u00a0\u00a0\u00a0\u00a0\u00a0\u00a0\u00a0\u00a0\u00a0\u00a0\u00a0\u00a0\u00a0\u00a0\u00a0\u00a0\u00a0\u00a0\u00a0\u00a0\u00a0\u00a0\u00a0\u00a0\u00a0\u00a0\u00a0\u00a0\u00a0\u00a0\u00a0\u00a0\u00a0\u00a0\u00a0\u00a0\u00a0 \u00a0Magistrado Ponente: \u00a0\u00a0 \u00a0\u00a0\u00a0\u00a0\u00a0\u00a0\u00a0\u00a0\u00a0\u00a0\u00a0\u00a0\u00a0\u00a0\u00a0\u00a0\u00a0\u00a0\u00a0\u00a0\u00a0\u00a0 \u00a0ALFREDO G\u00d3MEZ QUINTERO \u00a0\u00a0 \u00a0\u00a0\u00a0\u00a0\u00a0\u00a0\u00a0\u00a0\u00a0\u00a0\u00a0\u00a0\u00a0\u00a0\u00a0\u00a0\u00a0\u00a0\u00a0\u00a0\u00a0\u00a0\u00a0\u00a0\u00a0\u00a0\u00a0\u00a0\u00a0\u00a0\u00a0\u00a0\u00a0\u00a0\u00a0\u00a0\u00a0\u00a0\u00a0\u00a0\u00a0\u00a0\u00a0\u00a0\u00a0\u00a0\u00a0\u00a0\u00a0\u00a0\u00a0\u00a0\u00a0\u00a0 \u00a0Aprobado: Acta No. 89 \u00a0\u00a0 Bogot\u00e1, \u00a0D.C., veinticuatro (24) de marzo de \u00a02010 \u00a0\u00a0 VISTOS: \u00a0 Decide \u00a0la \u00a0Corte \u00a0sobre la solicitud que, de \u00a0cambio \u00a0de \u00a0radicaci\u00f3n, [&hellip;]<\/p>\n","protected":false},"author":1,"featured_media":0,"comment_status":"open","ping_status":"open","sticky":false,"template":"","format":"standard","meta":{"footnotes":""},"categories":[18],"tags":[],"class_list":["post-20952","post","type-post","status-publish","format-standard","hentry","category-18"],"_links":{"self":[{"href":"https:\/\/dmsjuridica.com\/buscador_20179478954\/salapenalcronologico20230723\/wp-json\/wp\/v2\/posts\/20952","targetHints":{"allow":["GET"]}}],"collection":[{"href":"https:\/\/dmsjuridica.com\/buscador_20179478954\/salapenalcronologico20230723\/wp-json\/wp\/v2\/posts"}],"about":[{"href":"https:\/\/dmsjuridica.com\/buscador_20179478954\/salapenalcronologico20230723\/wp-json\/wp\/v2\/types\/post"}],"author":[{"embeddable":true,"href":"https:\/\/dmsjuridica.com\/buscador_20179478954\/salapenalcronologico20230723\/wp-json\/wp\/v2\/users\/1"}],"replies":[{"embeddable":true,"href":"https:\/\/dmsjuridica.com\/buscador_20179478954\/salapenalcronologico20230723\/wp-json\/wp\/v2\/comments?post=20952"}],"version-history":[{"count":0,"href":"https:\/\/dmsjuridica.com\/buscador_20179478954\/salapenalcronologico20230723\/wp-json\/wp\/v2\/posts\/20952\/revisions"}],"wp:attachment":[{"href":"https:\/\/dmsjuridica.com\/buscador_20179478954\/salapenalcronologico20230723\/wp-json\/wp\/v2\/media?parent=20952"}],"wp:term":[{"taxonomy":"category","embeddable":true,"href":"https:\/\/dmsjuridica.com\/buscador_20179478954\/salapenalcronologico20230723\/wp-json\/wp\/v2\/categories?post=20952"},{"taxonomy":"post_tag","embeddable":true,"href":"https:\/\/dmsjuridica.com\/buscador_20179478954\/salapenalcronologico20230723\/wp-json\/wp\/v2\/tags?post=20952"}],"curies":[{"name":"wp","href":"https:\/\/api.w.org\/{rel}","templated":true}]}}