{"id":20942,"date":"2023-09-11T22:54:45","date_gmt":"2023-09-11T22:54:45","guid":{"rendered":"https:\/\/dmsjuridica.com\/buscador_20179478954\/salapenalcronologico20230723\/2023\/09\/11\/3378407-04-10\/"},"modified":"2023-09-11T22:54:45","modified_gmt":"2023-09-11T22:54:45","slug":"3378407-04-10","status":"publish","type":"post","link":"https:\/\/dmsjuridica.com\/buscador_20179478954\/salapenalcronologico20230723\/2023\/09\/11\/3378407-04-10\/","title":{"rendered":"33784(07-04-10)"},"content":{"rendered":"\n<p>\u00a0 \u00a0 Proceso n.\u00b0 33784 \u00a0<\/p>\n<p>CORTE SUPREMA DE JUSTICIA \u00a0<\/p>\n<p>SALA DE CASACION PENAL \u00a0<\/p>\n<p>MAGISTRADO PONENTE \u00a0<\/p>\n<p>Dr. \u00a0JOS\u00c9 LEONIDAS BUSTOS MART\u00cdNEZ \u00a0\u00a0<\/p>\n<p>Aprobado Acta No. 98 \u00a0<\/p>\n<p>Bogot\u00e1, D.C.,\u00a0 siete (7) de abril de dos \u00a0mil diez (2010). \u00a0\u00a0<\/p>\n<p>La \u00a0Corte \u00a0resuelve la solicitud de cambio de \u00a0radicaci\u00f3n \u00a0del \u00a0proceso \u00a0que \u00a0por \u00a0el \u00a0delito \u00a0de extorsi\u00f3n\u00a0 se adelanta \u00a0contra \u00a0OSVALDO \u00a0ENRIQUE \u00a0CALVANO \u00a0CHAVARRO, \u00a0JUAN CARLOS ROMERO G\u00d3MEZ Y JAIDER \u00a0FERNANDO \u00a0ORTEGA \u00a0NOGUERA; \u00a0elevada \u00a0por \u00a0el\u00a0 \u00a0Fiscal \u00a058 \u00a0de \u00a0la Unidad de \u00a0Patrimonio Econ\u00f3mico de Barranquilla. \u00a0\u00a0<\/p>\n<p>HECHOS \u00a0<\/p>\n<p>El \u00a0episodio f\u00e1ctico por el que se procesa a \u00a0OSVALDO \u00a0ENRIQUE \u00a0CALVANO \u00a0CHAVARRO, JUAN CARLOS ROMERO G\u00d3MEZ Y JAIDER FERNANDO \u00a0ORTEGA NOGUERA, se puede resumir en los siguientes t\u00e9rminos: \u00a0\u00a0<\/p>\n<p>El\u00a0 \u00a09\u00a0 \u00a0de\u00a0 \u00a0septiembre\u00a0 \u00a0de\u00a0 \u00a02008\u00a0 el\u00a0 jefe\u00a0 regional\u00a0 de\u00a0 seguridad\u00a0 \u00a0de \u00a0Uniapuestas,\u00a0 se\u00f1or\u00a0\u00a0 Antonio\u00a0\u00a0 Montes\u00a0\u00a0 \u00a0Fl\u00f3rez,\u00a0 \u00a0instaur\u00f3\u00a0\u00a0 denuncia\u00a0\u00a0 en contra\u00a0\u00a0 \u00a0de\u00a0\u00a0 \u00a0 personas\u00a0\u00a0 \u00a0desconocidas\u00a0\u00a0 \u00a0que\u00a0\u00a0 \u00a0realizaban\u00a0\u00a0 exigencias \u00a0\u00a0<\/p>\n<p>econ\u00f3micas\u00a0 \u00a0adem\u00e1s de atentados a las \u00a0instalaciones \u00a0de \u00a0las \u00a0distintas \u00a0sedes \u00a0de dicha empresa destinada a juegos de \u00a0azar, \u00a0y a sus empleados. Fue as\u00ed como en\u00a0 los departamentos de Magdalena, \u00a0Atl\u00e1ntico \u00a0y \u00a0Bol\u00edvar \u00a0causaron \u00a0lesiones \u00a0a \u00a0varios \u00a0vigilantes, \u00a0con quienes \u00a0adem\u00e1s \u00a0enviaron\u00a0 mensajes extorsivos, seg\u00fan los cuales continuar\u00edan con \u00a0su accionar delictivo hasta tanto cancelaran el monto solicitado. \u00a0\u00a0<\/p>\n<p>Despu\u00e9s \u00a0 de \u00a0la \u00a0labor \u00a0investigativa \u00a0se \u00a0identificaron \u00a0 e \u00a0 individualizaron \u00a0 como \u00a0 presuntos \u00a0responsables \u00a0de \u00a0tales \u00a0actos\u00a0 \u00a0a \u00a0OSVALDO \u00a0ENRIQUE \u00a0CALVANO \u00a0CHAVARRO, JUAN CARLOS ROMERO G\u00d3MEZ Y \u00a0JAIDER \u00a0FERNANDO \u00a0ORTEGA \u00a0NOGUERA, \u00a0quienes \u00a0forman \u00a0parte \u00a0de la agrupaci\u00f3n al \u00a0margen \u00a0 de \u00a0 la \u00a0 ley, \u00a0 denominada \u00a0 \u201cLos \u00a0 \u00a0 \u00a0 \u00a0 \u00a0Paisas\u201d. \u00a0\u00a0<\/p>\n<p>\u00a0\u00a0\u00a0\u00a0\u00a0\u00a0\u00a0\u00a0\u00a0\u00a0\u00a0\u00a0\u00a0\u00a0\u00a0\u00a0\u00a0\u00a0\u00a0\u00a0\u00a0\u00a0\u00a0\u00a0\u00a0\u00a0\u00a0\u00a0\u00a0\u00a0\u00a0\u00a0\u00a0\u00a0\u00a0\u00a0\u00a0\u00a0\u00a0\u00a0\u00a0\u00a0\u00a0\u00a0\u00a0\u00a0\u00a0\u00a0\u00a0\u00a0\u00a0\u00a0\u00a0\u00a0\u00a0\u00a0\u00a0 \u00a0\u00a0<\/p>\n<p>ANTECEDENTES \u00a0<\/p>\n<p>Luego \u00a0 de \u00a0 capturar \u00a0 a \u00a0 los \u00a0 presuntos \u00a0responsables, \u00a0se \u00a0celebr\u00f3 \u00a0el \u00a021 \u00a0de \u00a0septiembre \u00a0de \u00a02009 \u00a0la \u00a0audiencia \u00a0de \u00a0legalizaci\u00f3n \u00a0de \u00a0aprehensi\u00f3n, de formulaci\u00f3n de imputaci\u00f3n e imposici\u00f3n de \u00a0medida \u00a0de \u00a0aseguramiento, \u00a0la \u00a0cual \u00a0consisti\u00f3 \u00a0en \u00a0detenci\u00f3n \u00a0preventiva \u00a0en \u00a0establecimiento carcelario. \u00a0\u00a0<\/p>\n<p>Por \u00a0medio \u00a0de \u00a0escrito \u00a0calendado \u00a0el \u00a018 de \u00a0Noviembre \u00a0de \u00a02009 \u00a0la \u00a0Fiscal\u00eda \u00a0solicit\u00f3 cambio de radicaci\u00f3n aduciendo el \u00a0grave \u00a0deterioro del orden p\u00fablico de la zona, el intenso accionar delictivo de \u00a0los \u00a0grupos \u00a0armados \u00a0al margen de la ley en dichas regiones, lo que llev\u00f3 a la \u00a0Fiscal\u00eda \u00a0a \u00a0considerar \u00a0seriamente \u00a0amenazada \u00a0la \u00a0seguridad de los servidores \u00a0p\u00fablicos y de los testigos que deben actuar en el proceso. \u00a0\u00a0<\/p>\n<p>La \u00a0solicitud \u00a0de \u00a0cambio de radicaci\u00f3n vino \u00a0remitida \u00a0por \u00a0el Tribunal Superior de Barranquilla autoridad judicial a la cual \u00a0fue \u00a0inicialmente \u00a0remitida, \u00a0pero \u00a0que consider\u00f3 que lo prudente y aconsejable \u00a0era \u00a0un cambio de radicaci\u00f3n para otro distrito judicial, por cuanto gran parte \u00a0de \u00a0 la \u00a0Costa \u00a0Caribe \u00a0se \u00a0halla \u00a0afectada \u00a0por \u00a0el \u00a0accionar \u00a0armado\u00a0 \u00a0de \u00a0\u201cLos \u00a0Paisas\u201d. \u00a0\u00a0<\/p>\n<p>Los \u00a0acusados \u00a0se \u00a0encontraban \u00a0en la C\u00e1rcel \u00a0Modelo \u00a0de \u00a0Barranquilla,\u00a0 \u00a0y a solicitud del alcalde de dicha ciudad y del \u00a0gobernador \u00a0del \u00a0departamento, \u00a0fueron \u00a0trasladados \u00a0a una de m\u00e1xima seguridad, \u00a0toda \u00a0vez \u00a0que, \u00a0seg\u00fan \u00a0los \u00a0dirigentes regionales, continuaban con su accionar \u00a0delictivo, \u00a0no \u00a0obstante \u00a0estar \u00a0privados \u00a0de \u00a0la \u00a0libertad; tal y como\u00a0 lo \u00a0relata el fiscal en la solicitud de cambio de radicaci\u00f3n. \u00a0\u00a0<\/p>\n<p>CONSIDERACIONES \u00a0<\/p>\n<p>Seg\u00fan \u00a0 el \u00a0 texto \u00a0de \u00a0la \u00a0petici\u00f3n, \u00a0la \u00a0pretensi\u00f3n \u00a0apunta \u00a0a \u00a0que \u00a0el \u00a0cambio \u00a0de \u00a0radicaci\u00f3n \u00a0se haga de un distrito \u00a0judicial \u00a0a \u00a0otro, \u00a0circunstancia \u00a0que \u00a0atribuye \u00a0a la Corte la competencia para \u00a0decidir \u00a0esta \u00a0solicitud, \u00a0de conformidad con el numeral 8\u00ba del art\u00edculo 32 de \u00a0la Ley 906 de 2004. \u00a0\u00a0<\/p>\n<p>El \u00a0art\u00edculo 46 del mismo estatuto establece \u00a0que \u00a0el \u00a0cambio \u00a0de radicaci\u00f3n podr\u00e1 disponerse cuando, en el territorio donde \u00a0se \u00a0est\u00e9 \u00a0adelantando la actuaci\u00f3n procesal, existan circunstancias que puedan \u00a0afectar \u00a0el \u00a0orden p\u00fablico, la imparcialidad de la administraci\u00f3n de justicia, \u00a0las \u00a0garant\u00edas \u00a0procesales, \u00a0la \u00a0publicidad \u00a0del \u00a0juzgamiento, \u00a0la \u00a0seguridad e \u00a0integridad \u00a0 personal \u00a0 de \u00a0 los \u00a0 sujetos \u00a0procesales \u00a0o \u00a0de \u00a0los \u00a0funcionarios \u00a0judiciales. \u00a0\u00a0<\/p>\n<p>El cambio de radicaci\u00f3n, ha dicho la Corte, \u00a0es \u00a0una \u00a0medida \u00a0de \u00a0car\u00e1cter excepcional encaminada a resguardar el proceso de \u00a0factores \u00a0externos \u00a0que \u00a0perturben \u00a0su \u00a0desarrollo, \u00a0de \u00a0manera \u00a0que el fallo se \u00a0profiera \u00a0por \u00a0un \u00a0juez \u00a0que \u00a0est\u00e9 en un ambiente territorial adecuado, ajeno a \u00a0circunstancias \u00a0que se opongan a una recta, cumplida y eficaz administraci\u00f3n de \u00a0justicia. \u00a0\u00a0<\/p>\n<p>As\u00ed \u00a0mismo, ha precisado que los motivos que \u00a0determinan \u00a0el \u00a0cambio de radicaci\u00f3n deben estar acreditados o son susceptibles \u00a0de \u00a0poder comprobarse en la actuaci\u00f3n, de tal manera que objetivamente permitan \u00a0al \u00a0juez \u00a0encargado \u00a0de \u00a0resolver \u00a0el \u00a0incidente, \u00a0valorar \u00a0si en realidad en el \u00a0territorio \u00a0 donde \u00a0 debe \u00a0adelantarse \u00a0\u00edntegramente \u00a0el \u00a0juicio \u00a0se \u00a0presentan \u00a0circunstancias\u00a0 \u00a0externas \u00a0que atentan contra su normal desarrollo y contra \u00a0el ejercicio integral de la administraci\u00f3n de justicia. \u00a0\u00a0<\/p>\n<p>En el caso que ocupa la atenci\u00f3n de la Sala, \u00a0se \u00a0acceder\u00e1 \u00a0a \u00a0la \u00a0petici\u00f3n \u00a0de \u00a0cambio \u00a0de \u00a0radicaci\u00f3n.\u00a0 En efecto se \u00a0observa \u00a0claramente \u00a0que \u00a0en \u00a0el trasfondo de la petici\u00f3n se encuentra el temor \u00a0despertado \u00a0por \u00a0un \u00a0grupo armado que ha concentrado su accionar en el norte del \u00a0pa\u00eds,\u00a0 \u00a0manteniendo \u00a0su influencia por medio de la intimidaci\u00f3n producida \u00a0por \u00a0los \u00a0hechos violentos en los que proyecta su accionar criminal en contra de \u00a0uniapuestas.\u00a0 \u00a0Pero \u00a0no \u00a0es \u00a0solo temor, es la expectativa cierta de sufrir \u00a0atentados \u00a0 \u00a0como \u00a0 consecuencia \u00a0 del \u00a0 ejercicio \u00a0 soberano \u00a0 de \u00a0 administrar \u00a0justicia. \u00a0\u00a0<\/p>\n<p>Los \u00a0acusados JAIDER FERNANDO ORTEGA NOGUERA, \u00a0OSVALDO \u00a0ENRIQUE \u00a0CALVANO \u00a0CHAVARRO \u00a0y JUAN CARLOS ROMERO G\u00d3MEZ integrantes del \u00a0grupo \u00a0armado \u00a0llamado \u00a0\u201cLos \u00a0Paisas\u201d,\u00a0 \u00a0contin\u00faan\u00a0 \u00a0con\u00a0 su\u00a0 vinculaci\u00f3n a dicha banda, cuya operaci\u00f3n \u00a0delictiva \u00a0\u00a0<\/p>\n<p>se \u00a0concentra \u00a0en los departamentos del norte \u00a0del \u00a0pa\u00eds, \u00a0especialmente \u00a0en \u00a0Atl\u00e1ntico, \u00a0Magdalena y Bol\u00edvar, tal y como lo \u00a0acredit\u00f3 \u00a0 el \u00a0 fiscal \u00a0solicitante \u00a0del \u00a0cambio \u00a0de \u00a0radicaci\u00f3n, \u00a0con \u00a0varios \u00a0documentos \u00a0que \u00a0anex\u00f3; y con las peticiones del traslado carcelario realizadas \u00a0por \u00a0el \u00a0Alcalde \u00a0de \u00a0Barranquilla \u00a0y \u00a0el \u00a0Gobernador del Atl\u00e1ntico, de lo cual \u00a0alleg\u00f3 tambi\u00e9n constancias. \u00a0\u00a0<\/p>\n<p>C\u00f3mo pedirle al juez la ecuanimidad necesaria \u00a0para\u00a0 \u00a0juzgar \u00a0a \u00a0los \u00a0integrantes \u00a0de \u00a0dicho \u00a0grupo \u00a0armado \u00a0ilegal, en el \u00a0territorio \u00a0donde su presencia es permanente; y m\u00e1s a\u00fan, c\u00f3mo esperar que los \u00a0testigos \u00a0concurran \u00a0a \u00a0se\u00f1alar a los acusados cuando para llegar a la sede del \u00a0juzgado deben emprender\u00a0 la aventura de su propia vida. \u00a0\u00a0<\/p>\n<p>La \u00a0 seguridad \u00a0de \u00a0los\u00a0 \u00a0funcionarios \u00a0judiciales, \u00a0de \u00a0los testigos, quienes de alguna manera deben participar en este \u00a0proceso \u00a0se reduce y adem\u00e1s pone en riesgo el orden p\u00fablico, la publicidad del \u00a0procedimiento, \u00a0como \u00a0quiera \u00a0que \u00a0debe \u00a0adelantarse \u00a0por \u00a0el procedimiento oral \u00a0previsto en la Ley 906 de 2004.\u00a0\u00a0\u00a0 \u00a0\u00a0<\/p>\n<p>Por \u00a0lo \u00a0anterior, \u00a0se \u00a0concluye \u00a0que resulta \u00a0procedente \u00a0la \u00a0medida impetrada por lo que habr\u00e1 de accederse a ella cambiando \u00a0la \u00a0radicaci\u00f3n \u00a0para \u00a0que \u00a0un \u00a0juez \u00a0penal del circuito con jurisdicci\u00f3n en el \u00a0Distrito \u00a0Judicial \u00a0de \u00a0Bogot\u00e1, \u00a0adelante \u00a0el \u00a0juzgamiento contra\u00a0 OSVALDO \u00a0ENRIQUE \u00a0CALVANO \u00a0CHAVARRO \u00a0y \u00a0JUAN \u00a0CARLOS \u00a0ROMERO \u00a0G\u00d3MEZ \u00a0por \u00a0el \u00a0delito \u00a0de \u00a0extorsi\u00f3n, \u00a0 \u00a0en \u00a0 \u00a0los \u00a0 \u00a0t\u00e9rminos \u00a0 \u00a0contenidos \u00a0 \u00a0en \u00a0 \u00a0el \u00a0 \u00a0escrito \u00a0 \u00a0de \u00a0acusaci\u00f3n. \u00a0\u00a0<\/p>\n<p>Por \u00a0lo expuesto, la \u00a0Corte \u00a0 \u00a0 Suprema \u00a0 \u00a0de \u00a0 \u00a0Justicia, \u00a0 \u00a0Sala de Casaci\u00f3n Penal, \u00a0\u00a0<\/p>\n<p>RESUELVE \u00a0<\/p>\n<p>1. \u00a0Ordenar \u00a0el cambio de radicaci\u00f3n del proceso seguido contra OSVALDO \u00a0ENRIQUE \u00a0CALVANO \u00a0CHAVARRO \u00a0y JUAN CARLOS ROMERO G\u00d3MEZ \u00a0por \u00a0el \u00a0delito \u00a0de extorsi\u00f3n al Distrito Judicial de \u00a0Bogot\u00e1. \u00a0\u00a0<\/p>\n<p>2. \u00a0En \u00a0consecuencia, \u00a0se \u00a0ordena la remisi\u00f3n del expediente al Juzgado \u00a0Penal del Circuito de Bogot\u00e1 que por reparto corresponda. \u00a0\u00a0<\/p>\n<p>3. \u00a0Contra esta decisi\u00f3n no procede recurso alguno. \u00a0\u00a0<\/p>\n<p>C\u00f3piese, \u00a0 comun\u00edquese \u00a0y \u00a0rem\u00edtase \u00a0al \u00a0despacho donde cursa el proceso. \u00a0\u00a0<\/p>\n<p>MAR\u00cdA \u00a0 \u00a0DEL \u00a0 ROSARIO \u00a0 GONZ\u00c1LEZ \u00a0 DE \u00a0LEMOS \u00a0\u00a0<\/p>\n<p>JOSE \u00a0 \u00a0 \u00a0 LEONIDAS \u00a0 \u00a0 \u00a0 BUSTOS \u00a0MART\u00cdNEZ\u00a0\u00a0\u00a0\u00a0\u00a0\u00a0\u00a0\u00a0\u00a0\u00a0\u00a0\u00a0 \u00a0SIGIFREDO ESPINOSA P\u00c9REZ \u00a0\u00a0<\/p>\n<p>ALFREDO \u00a0G\u00d3MEZ\u00a0 \u00a0QUINTERO \u00a0 \u00a0 \u00a0\u00a0 \u00a0\u00a0 \u00a0\u00a0 \u00a0\u00a0 \u00a0\u00a0 \u00a0 \u00a0 \u00a0 \u00a0 \u00a0 \u00a0 \u00a0 \u00a0 \u00a0 \u00a0 \u00a0 \u00a0 \u00a0 \u00a0 \u00a0 \u00a0 \u00a0 \u00a0 \u00a0 \u00a0 \u00a0 \u00a0 \u00a0 \u00a0 \u00a0 \u00a0\u00a0\u00a0\u00a0\u00a0\u00a0\u00a0 \u00a0 \u00a0 \u00a0 \u00a0\u00a0 \u00a0\u00a0 \u00a0\u00a0\u00a0\u00a0 AUGUSTO J. \u00a0IBA\u00d1EZ \u00a0 \u00a0 GUZM\u00c1N \u00a0 \u00a0 \u00a0 \u00a0 \u00a0\u00a0 \u00a0 \u00a0\u00a0 \u00a0\u00a0\u00a0\u00a0\u00a0\u00a0\u00a0\u00a0\u00a0\u00a0 \u00a0\u00a0<\/p>\n<p>JORGE \u00a0 \u00a0 \u00a0 \u00a0LUIS \u00a0 \u00a0 \u00a0 QUINTERO \u00a0MILAN\u00c9S\u00a0\u00a0\u00a0\u00a0\u00a0\u00a0\u00a0\u00a0\u00a0\u00a0\u00a0\u00a0 \u00a0 \u00a0 \u00a0\u00a0 \u00a0 \u00a0\u00a0 \u00a0 \u00a0\u00a0 \u00a0 \u00a0 \u00a0 \u00a0 \u00a0 \u00a0\u00a0 \u00a0 \u00a0 \u00a0 \u00a0\u00a0 \u00a0 \u00a0 \u00a0 \u00a0\u00a0 \u00a0 \u00a0 \u00a0 \u00a0\u00a0\u00a0\u00a0\u00a0\u00a0\u00a0\u00a0\u00a0\u00a0\u00a0 \u00a0YESID\u00a0 \u00a0RAM\u00cdREZ \u00a0BASTIDAS \u00a0\u00a0 \u00a0 \u00a0 \u00a0\u00a0 \u00a0 \u00a0 \u00a0 \u00a0 \u00a0\u00a0 \u00a0\u00a0 \u00a0\u00a0 \u00a0\u00a0 \u00a0\u00a0 \u00a0\u00a0 \u00a0\u00a0 \u00a0\u00a0 \u00a0 \u00a0 \u00a0 \u00a0 \u00a0 \u00a0 \u00a0 \u00a0 \u00a0 \u00a0 \u00a0 \u00a0 \u00a0 \u00a0 \u00a0 \u00a0 \u00a0 \u00a0 \u00a0 \u00a0 \u00a0 \u00a0 \u00a0 \u00a0 \u00a0 \u00a0\u00a0\u00a0\u00a0\u00a0\u00a0\u00a0\u00a0\u00a0\u00a0\u00a0\u00a0 \u00a0\u00a0<\/p>\n<p>JULIO \u00a0 \u00a0 \u00a0 \u00a0ENRIQUE \u00a0 \u00a0 \u00a0 SOCHA \u00a0SALAMANCA\u00a0\u00a0\u00a0 \u00a0 \u00a0\u00a0 \u00a0\u00a0 \u00a0\u00a0 \u00a0\u00a0 \u00a0 \u00a0 \u00a0 \u00a0 \u00a0\u00a0 \u00a0\u00a0\u00a0 JAVIER ZAPATA ORTIZ \u00a0\u00a0<\/p>\n<p>TERESA RUIZ N\u00da\u00d1EZ \u00a0<\/p>\n<p>Secretaria \u00a0<\/p>\n<p>\u00a0 \u00a0\u00a0<\/p>\n<p><\/p>\n","protected":false},"excerpt":{"rendered":"<p>\u00a0 \u00a0 Proceso n.\u00b0 33784 \u00a0 CORTE SUPREMA DE JUSTICIA \u00a0 SALA DE CASACION PENAL \u00a0 MAGISTRADO PONENTE \u00a0 Dr. \u00a0JOS\u00c9 LEONIDAS BUSTOS MART\u00cdNEZ \u00a0\u00a0 Aprobado Acta No. 98 \u00a0 Bogot\u00e1, D.C.,\u00a0 siete (7) de abril de dos \u00a0mil diez (2010). \u00a0\u00a0 La \u00a0Corte \u00a0resuelve la solicitud de cambio de \u00a0radicaci\u00f3n \u00a0del \u00a0proceso \u00a0que \u00a0por [&hellip;]<\/p>\n","protected":false},"author":1,"featured_media":0,"comment_status":"open","ping_status":"open","sticky":false,"template":"","format":"standard","meta":{"footnotes":""},"categories":[18],"tags":[],"class_list":["post-20942","post","type-post","status-publish","format-standard","hentry","category-18"],"_links":{"self":[{"href":"https:\/\/dmsjuridica.com\/buscador_20179478954\/salapenalcronologico20230723\/wp-json\/wp\/v2\/posts\/20942","targetHints":{"allow":["GET"]}}],"collection":[{"href":"https:\/\/dmsjuridica.com\/buscador_20179478954\/salapenalcronologico20230723\/wp-json\/wp\/v2\/posts"}],"about":[{"href":"https:\/\/dmsjuridica.com\/buscador_20179478954\/salapenalcronologico20230723\/wp-json\/wp\/v2\/types\/post"}],"author":[{"embeddable":true,"href":"https:\/\/dmsjuridica.com\/buscador_20179478954\/salapenalcronologico20230723\/wp-json\/wp\/v2\/users\/1"}],"replies":[{"embeddable":true,"href":"https:\/\/dmsjuridica.com\/buscador_20179478954\/salapenalcronologico20230723\/wp-json\/wp\/v2\/comments?post=20942"}],"version-history":[{"count":0,"href":"https:\/\/dmsjuridica.com\/buscador_20179478954\/salapenalcronologico20230723\/wp-json\/wp\/v2\/posts\/20942\/revisions"}],"wp:attachment":[{"href":"https:\/\/dmsjuridica.com\/buscador_20179478954\/salapenalcronologico20230723\/wp-json\/wp\/v2\/media?parent=20942"}],"wp:term":[{"taxonomy":"category","embeddable":true,"href":"https:\/\/dmsjuridica.com\/buscador_20179478954\/salapenalcronologico20230723\/wp-json\/wp\/v2\/categories?post=20942"},{"taxonomy":"post_tag","embeddable":true,"href":"https:\/\/dmsjuridica.com\/buscador_20179478954\/salapenalcronologico20230723\/wp-json\/wp\/v2\/tags?post=20942"}],"curies":[{"name":"wp","href":"https:\/\/api.w.org\/{rel}","templated":true}]}}