{"id":20690,"date":"2023-09-11T22:54:31","date_gmt":"2023-09-11T22:54:31","guid":{"rendered":"https:\/\/dmsjuridica.com\/buscador_20179478954\/salapenalcronologico20230723\/2023\/09\/11\/3336017-02-10\/"},"modified":"2023-09-11T22:54:31","modified_gmt":"2023-09-11T22:54:31","slug":"3336017-02-10","status":"publish","type":"post","link":"https:\/\/dmsjuridica.com\/buscador_20179478954\/salapenalcronologico20230723\/2023\/09\/11\/3336017-02-10\/","title":{"rendered":"33360(17-02-10)"},"content":{"rendered":"\n<p>\u00a0 \u00a0 Proceso n.\u00b0 33360 \u00a0<\/p>\n<p>CORTE SUPREMA DE JUSTICIA \u00a0<\/p>\n<p>SALA DE CASACI\u00d3N PENAL \u00a0<\/p>\n<p>Magistrado Ponente \u00a0<\/p>\n<p>JOS\u00c9 LEONIDAS BUSTOS MART\u00cdNEZ \u00a0<\/p>\n<p>Aprobado acta N\u00ba 48 \u00a0<\/p>\n<p>Bogot\u00e1 \u00a0D.C., \u00a0diecisiete (17) de febrero de \u00a0dos mil diez (2010) \u00a0\u00a0<\/p>\n<p>VISTOS \u00a0<\/p>\n<p>La \u00a0Sala \u00a0se \u00a0ocupa \u00a0de \u00a0la \u00a0definici\u00f3n \u00a0de \u00a0competencia \u00a0propuesta \u00a0por el Juez\u00a0 S\u00e9ptimo Penal Municipal con Funciones \u00a0de \u00a0Conocimiento \u00a0de Santiago de Cali, para juzgar al se\u00f1or PEDRO NEL CARABAL\u00cd \u00a0ORIZ, acusado del delito de hurto calificado y agravado. \u00a0\u00a0<\/p>\n<p>HECHOS Y ACTUACI\u00d3NPROCESAL \u00a0<\/p>\n<p>El \u00a0episodio \u00a0f\u00e1ctico \u00a0aparece \u00a0rese\u00f1ado en \u00a0formato \u00a0\u00fanico \u00a0de\u00a0 noticia criminal fechado el 3 de septiembre de 2009 al \u00a0que \u00a0se \u00a0le \u00a0dio lectura en audiencia de legalizaci\u00f3n de captura, en el cual se \u00a0da cuenta de que: \u00a0\u00a0<\/p>\n<p>\u201cAlexander \u00a0 Cantillo \u00a0 Solarte \u00a0TI\u00a0 \u00a091.101.211.644, \u00a0el \u00a0d\u00eda 2 de septiembre a eso de las \u00a09:00 \u00a0p.m. \u00a0un \u00a0amigo \u00a0de \u00a0nombre\u00a0 \u00a0Alexander \u00a0Cardona Duque, le prest\u00f3 su \u00a0motocicleta \u00a0Yamaha YBR color negro\u00a0 para ir a visitar a una amiga que vive \u00a0en \u00a0Jamund\u00ed \u00a0Valle \u00a0y \u00a0a \u00a0eso de la 1:10 a.m.\u00a0 del 3 de septiembre de 2009 \u00a0cuando \u00a0ven\u00eda \u00a0de regreso hacia Cali en la v\u00eda que comunica con Jamund\u00ed\u00a0 \u00a0a \u00a0la \u00a0altura \u00a0de \u00a0la \u00a0glorieta \u00a0al \u00a0frente de Centro Empresa, la moto le pidi\u00f3 \u00a0reserva \u00a0de \u00a0gasolina \u00a0,por \u00a0lo que se baj\u00f3 de la motocicleta y aprovech\u00f3 para \u00a0orinar \u00a0a \u00a0un \u00a0lado \u00a0de \u00a0la \u00a0carretera \u00a0y en ese momento observ\u00f3 a un sujeto de \u00a0contextura \u00a0delgada \u00a0de \u00a0tez negra y cabeza rapada, quien se le acerc\u00f3 portando \u00a0un \u00a0cuchillo \u00a0en \u00a0la \u00a0mano \u00a0derecha \u00a0y \u00a0quien le hizo dos lances, los que logr\u00f3 \u00a0esquivar \u00a0y \u00a0le \u00a0dijo \u00a0al sujeto que se fuera que que quer\u00eda, que se llevara lo \u00a0que quisiera pero que no lo fuera a lastimar. \u00a0\u00a0<\/p>\n<p>Que el sujeto le dijo que se quitara la ropa, \u00a0por \u00a0lo que se la quit\u00f3 qued\u00e1ndose en b\u00f3xer y zapatos y se llevo la billetera \u00a0marca \u00a0puma \u00a0color azul con la licencia de conducir, los documentos de la moto y \u00a0120.000 \u00a0en \u00a0efectivo \u00a0y \u00a0las llaves de la moto y lo amenaz\u00f3 dici\u00e9ndole que se \u00a0entrara al ca\u00f1aduzal o lo chuzaba y le hizo otros dos lances. \u00a0\u00a0<\/p>\n<p>Que se entr\u00f3 al ca\u00f1aduzal y escuch\u00f3 cuando \u00a0el \u00a0sujeto \u00a0prendi\u00f3 \u00a0la \u00a0moto \u00a0y \u00a0emprendi\u00f3 \u00a0la \u00a0huida \u00a0y \u00a0al \u00a0notar que ya se \u00a0hab\u00eda\u00a0 \u00a0ido\u00a0 sali\u00f3\u00a0 a pedir auxilio y pas\u00f3 un veh\u00edculo al que \u00a0le \u00a0puso \u00a0la mano y le grit\u00f3: \u201cauxilio me robaron\u201d el cual, lo llev\u00f3\u00a0 \u00a0a \u00a0un \u00a0puesto \u00a0de polic\u00eda a la entrada de Cali, y les coment\u00f3 el caso, quienes \u00a0ubicaron \u00a0al \u00a0due\u00f1o \u00a0de \u00a0la \u00a0moto \u00a0que \u00a0es \u00a0polic\u00eda \u00a0y les dio los datos de la \u00a0moto. \u00a0\u00a0<\/p>\n<p>Luego \u00a0les comunicaron que la moto la hab\u00edan \u00a0ubicado \u00a0por \u00a0Ciudad \u00a0Jard\u00edn y al llegar a la estaci\u00f3n de la Mar\u00eda ten\u00edan la \u00a0moto y al sujeto al que reconoci\u00f3.\u201d\u00a0 \u00a0\u00a0<\/p>\n<p>Se \u00a0legaliz\u00f3 \u00a0el procedimiento de captura en \u00a0flagrancia \u00a0del \u00a0se\u00f1or PEDRO NEL CARABAL\u00cd ORIZ, quien posteriormente,\u00a0 en \u00a0la \u00a0audiencia \u00a0de\u00a0 \u00a0formulaci\u00f3n \u00a0de imputaci\u00f3n, acept\u00f3 el cargo de hurto \u00a0calificado y agravado. \u00a0\u00a0<\/p>\n<p>Una \u00a0 vez \u00a0 concluidas \u00a0 las \u00a0audiencias \u00a0preliminares\u00a0 \u00a0el \u00a0proceso \u00a0fue \u00a0asignado \u00a0al doctor Iv\u00e1n Caicedo Velasco, \u00a0Juez \u00a0S\u00e9ptimo \u00a0Penal \u00a0Municipal \u00a0de Cali; quien en audiencia celebrada el 11 de \u00a0diciembre \u00a0de \u00a02009 propuso definici\u00f3n de competencia al considerar que el juez \u00a0competente \u00a0para \u00a0conocer \u00a0el \u00a0asunto \u00a0debe \u00a0ser \u00a0el del lugar donde ocurri\u00f3 el \u00a0delito \u00a0de \u00a0conformidad con los art\u00edculos 43 y 54 del C.P.P, esto es el juez de \u00a0Jamund\u00ed, \u00a0pues \u00a0la estaci\u00f3n de gasolina donde tuvo lugar el hurto esta ubicada \u00a0en dicho municipio. \u00a0\u00a0<\/p>\n<p>\u00a0 \u00a0<\/p>\n<p>CONSIDERACIONES \u00a0<\/p>\n<p>La \u00a0 Corte \u00a0es \u00a0la \u00a0llamada \u00a0a \u00a0conocer \u00a0la \u00a0definici\u00f3n \u00a0de \u00a0competencia \u00a0planteada por el Juez S\u00e9ptimo Penal Municipal con \u00a0Funciones \u00a0de \u00a0Conocimiento de Cali, de acuerdo con lo normado en los art\u00edculos \u00a043 y 54 de la Ley 906 de 2004. \u00a0\u00a0<\/p>\n<p>El \u00a0art\u00edculo \u00a029 constitucional en su inciso \u00a0segundo advierte que: \u00a0\u00a0<\/p>\n<p>\u201cNadie \u00a0 \u00a0podr\u00e1 \u00a0 ser \u00a0 juzgado \u00a0 sino \u00a0conforme\u00a0 \u00a0a \u00a0leyes \u00a0preexistentes \u00a0al \u00a0acto \u00a0que se le imputa, ante juez o \u00a0tribunal \u00a0competente \u00a0y \u00a0con observancia de la plenitud de las formas propias de \u00a0cada juicio.\u201d \u00a0\u00a0<\/p>\n<p>As\u00ed,\u00a0 \u00a0la definici\u00f3n de competencia es \u00a0el \u00a0mecanismo \u00a0previsto \u00a0por \u00a0la Ley 906 de 2004 para precisar, en caso de duda, \u00a0cu\u00e1l \u00a0de \u00a0los distintos jueces\u00a0 o magistrados es el indicado para presidir \u00a0el \u00a0juzgamiento \u00a0de \u00a0determinados \u00a0asuntos, \u00a0de \u00a0acuerdo \u00a0con \u00a0los \u00a0factores \u00a0de \u00a0competencia. \u00a0\u00a0<\/p>\n<p>Es \u00a0claro \u00a0que \u00a0este instituto previsto en el \u00a0art\u00edculo \u00a054 \u00a0de la Ley 906 de 2004 responde a la intenci\u00f3n del Legislador por \u00a0hacer \u00a0del tr\u00e1mite de la escogencia del juez llamado a conocer del proceso, una \u00a0actividad\u00a0 \u00a0expedita, \u00a0raz\u00f3n \u00a0por la cual modific\u00f3 el viejo sistema de la \u00a0colisi\u00f3n de competencias. \u00a0\u00a0<\/p>\n<p>Se\u00f1ala el art\u00edculo 43 de la mencionada Ley \u00a0906 \u00a0de \u00a02004 \u00a0que \u00a0es competente para conocer del juzgamiento el juez del lugar \u00a0donde \u00a0 ocurri\u00f3 \u00a0el \u00a0delito, \u00a0de \u00a0manera \u00a0que \u00a0entrat\u00e1ndose \u00a0de \u00a0il\u00edcitos \u00a0de \u00a0ejecuci\u00f3n \u00a0instant\u00e1nea como el hurto, el se\u00f1alamiento del funcionario llamado \u00a0a \u00a0 adelantar \u00a0el \u00a0juzgamiento \u00a0depende \u00a0del \u00a0lugar \u00a0en \u00a0que \u00a0fue \u00a0consumado \u00a0el \u00a0punible. \u00a0\u00a0<\/p>\n<p>Precisado \u00a0lo anterior, se impone anotar que \u00a0como \u00a0quiera \u00a0que \u00a0el apoderamiento del veh\u00edculo automotor se realiz\u00f3\u00a0 en \u00a0inmediaciones \u00a0del \u00a0municipio \u00a0de \u00a0Jamund\u00ed, corresponde al juez penal promiscuo \u00a0municipal, \u00a0con jurisdicci\u00f3n en dicho lugar continuar con el tr\u00e1mite procesal. \u00a0\u00a0<\/p>\n<p>En \u00a0m\u00e9rito \u00a0de \u00a0lo \u00a0expuesto \u00a0la \u00a0Sala \u00a0de \u00a0Casaci\u00f3n Penal de la Corte Suprema de Justicia, \u00a0\u00a0<\/p>\n<p>RESUELVE \u00a0<\/p>\n<p>PRIMERO: DISPONER que el tr\u00e1mite del juicio \u00a0adelantado \u00a0contra \u00a0PEDRO \u00a0NEL \u00a0CARABAL\u00cd ORIZ, por el \u00a0delito \u00a0 de\u00a0 \u00a0 hurto \u00a0 calificado \u00a0 y \u00a0 agravado \u00a0se \u00a0adelante \u00a0por \u00a0el \u00a0Juzgado Promiscuo Municipal con \u00a0Funciones \u00a0de \u00a0Conocimiento \u00a0de \u00a0Jamund\u00ed,\u00a0 \u00a0por \u00a0lo \u00a0que \u00a0se \u00a0remitir\u00e1 la \u00a0actuaci\u00f3n \u00a0al \u00a0Centro \u00a0de \u00a0Servicios Judiciales a efectos de que se efect\u00fae el \u00a0correspondiente reparto. \u00a0\u00a0<\/p>\n<p>Contra \u00a0esta \u00a0decisi\u00f3n \u00a0no \u00a0procede recurso \u00a0alguno. \u00a0\u00a0<\/p>\n<p>Comun\u00edquese y c\u00famplase. \u00a0<\/p>\n<p>MAR\u00cdA \u00a0 \u00a0DEL \u00a0 ROSARIO \u00a0 GONZ\u00c1LEZ \u00a0 DE \u00a0LEMOS \u00a0\u00a0<\/p>\n<p>JOSE \u00a0 \u00a0 \u00a0 LEONIDAS \u00a0 \u00a0 \u00a0 BUSTOS \u00a0MART\u00cdNEZ\u00a0\u00a0\u00a0\u00a0\u00a0\u00a0\u00a0\u00a0\u00a0\u00a0\u00a0\u00a0 \u00a0SIGIFREDO ESPINOSA P\u00c9REZ \u00a0\u00a0<\/p>\n<p>ALFREDO \u00a0G\u00d3MEZ\u00a0 \u00a0QUINTERO \u00a0\u00a0 \u00a0\u00a0 \u00a0\u00a0 \u00a0\u00a0 \u00a0\u00a0 \u00a0\u00a0 \u00a0 \u00a0\u00a0 \u00a0 \u00a0 \u00a0 \u00a0 \u00a0 \u00a0 \u00a0 \u00a0 \u00a0\u00a0\u00a0\u00a0 \u00a0AUGUSTO \u00a0J. \u00a0 \u00a0IBA\u00d1EZ \u00a0 \u00a0GUZM\u00c1N \u00a0 \u00a0 \u00a0 \u00a0 \u00a0 \u00a0 \u00a0\u00a0 \u00a0 \u00a0 \u00a0 \u00a0 \u00a0\u00a0 \u00a0\u00a0 \u00a0 \u00a0 \u00a0 \u00a0\u00a0 \u00a0 \u00a0 \u00a0 \u00a0\u00a0 \u00a0 \u00a0 \u00a0 \u00a0\u00a0 \u00a0 \u00a0 \u00a0 \u00a0\u00a0\u00a0\u00a0\u00a0\u00a0\u00a0\u00a0\u00a0\u00a0\u00a0\u00a0\u00a0\u00a0\u00a0\u00a0 \u00a0\u00a0<\/p>\n<p>JORGE \u00a0 \u00a0 \u00a0 \u00a0LUIS \u00a0 \u00a0 \u00a0 QUINTERO \u00a0MILAN\u00c9S\u00a0\u00a0\u00a0\u00a0\u00a0\u00a0\u00a0\u00a0\u00a0\u00a0\u00a0\u00a0 \u00a0 \u00a0 \u00a0\u00a0 \u00a0 \u00a0\u00a0 \u00a0 \u00a0\u00a0 \u00a0 \u00a0 \u00a0\u00a0 \u00a0\u00a0 \u00a0 \u00a0YESID\u00a0 \u00a0RAM\u00cdREZ BASTIDAS \u00a0\u00a0<\/p>\n<p>Permiso \u00a0<\/p>\n<p>JULIO \u00a0ENRIQUE \u00a0SOCHA \u00a0SALAMANCA \u00a0\u00a0 \u00a0\u00a0 \u00a0\u00a0 \u00a0\u00a0 \u00a0\u00a0 \u00a0\u00a0 \u00a0 \u00a0\u00a0 \u00a0 \u00a0 \u00a0 \u00a0 \u00a0 \u00a0 \u00a0 \u00a0 \u00a0\u00a0\u00a0\u00a0\u00a0\u00a0\u00a0\u00a0\u00a0 \u00a0JAVIER \u00a0 \u00a0 \u00a0 \u00a0 \u00a0ZAPATA \u00a0 \u00a0 \u00a0 \u00a0 \u00a0ORIZ \u00a0\u00a0<\/p>\n<p>TERESA RUIZ N\u00da\u00d1EZ \u00a0<\/p>\n<p>Secretaria \u00a0<\/p>\n<p>\u00a0 \u00a0\u00a0<\/p>\n<p><\/p>\n","protected":false},"excerpt":{"rendered":"<p>\u00a0 \u00a0 Proceso n.\u00b0 33360 \u00a0 CORTE SUPREMA DE JUSTICIA \u00a0 SALA DE CASACI\u00d3N PENAL \u00a0 Magistrado Ponente \u00a0 JOS\u00c9 LEONIDAS BUSTOS MART\u00cdNEZ \u00a0 Aprobado acta N\u00ba 48 \u00a0 Bogot\u00e1 \u00a0D.C., \u00a0diecisiete (17) de febrero de \u00a0dos mil diez (2010) \u00a0\u00a0 VISTOS \u00a0 La \u00a0Sala \u00a0se \u00a0ocupa \u00a0de \u00a0la \u00a0definici\u00f3n \u00a0de \u00a0competencia \u00a0propuesta \u00a0por el [&hellip;]<\/p>\n","protected":false},"author":1,"featured_media":0,"comment_status":"open","ping_status":"open","sticky":false,"template":"","format":"standard","meta":{"footnotes":""},"categories":[18],"tags":[],"class_list":["post-20690","post","type-post","status-publish","format-standard","hentry","category-18"],"_links":{"self":[{"href":"https:\/\/dmsjuridica.com\/buscador_20179478954\/salapenalcronologico20230723\/wp-json\/wp\/v2\/posts\/20690","targetHints":{"allow":["GET"]}}],"collection":[{"href":"https:\/\/dmsjuridica.com\/buscador_20179478954\/salapenalcronologico20230723\/wp-json\/wp\/v2\/posts"}],"about":[{"href":"https:\/\/dmsjuridica.com\/buscador_20179478954\/salapenalcronologico20230723\/wp-json\/wp\/v2\/types\/post"}],"author":[{"embeddable":true,"href":"https:\/\/dmsjuridica.com\/buscador_20179478954\/salapenalcronologico20230723\/wp-json\/wp\/v2\/users\/1"}],"replies":[{"embeddable":true,"href":"https:\/\/dmsjuridica.com\/buscador_20179478954\/salapenalcronologico20230723\/wp-json\/wp\/v2\/comments?post=20690"}],"version-history":[{"count":0,"href":"https:\/\/dmsjuridica.com\/buscador_20179478954\/salapenalcronologico20230723\/wp-json\/wp\/v2\/posts\/20690\/revisions"}],"wp:attachment":[{"href":"https:\/\/dmsjuridica.com\/buscador_20179478954\/salapenalcronologico20230723\/wp-json\/wp\/v2\/media?parent=20690"}],"wp:term":[{"taxonomy":"category","embeddable":true,"href":"https:\/\/dmsjuridica.com\/buscador_20179478954\/salapenalcronologico20230723\/wp-json\/wp\/v2\/categories?post=20690"},{"taxonomy":"post_tag","embeddable":true,"href":"https:\/\/dmsjuridica.com\/buscador_20179478954\/salapenalcronologico20230723\/wp-json\/wp\/v2\/tags?post=20690"}],"curies":[{"name":"wp","href":"https:\/\/api.w.org\/{rel}","templated":true}]}}