{"id":20679,"date":"2023-09-11T22:54:31","date_gmt":"2023-09-11T22:54:31","guid":{"rendered":"https:\/\/dmsjuridica.com\/buscador_20179478954\/salapenalcronologico20230723\/2023\/09\/11\/3335109-06-10\/"},"modified":"2023-09-11T22:54:31","modified_gmt":"2023-09-11T22:54:31","slug":"3335109-06-10","status":"publish","type":"post","link":"https:\/\/dmsjuridica.com\/buscador_20179478954\/salapenalcronologico20230723\/2023\/09\/11\/3335109-06-10\/","title":{"rendered":"33351(09-06-10)"},"content":{"rendered":"\n<p>\u00a0 \u00a0 \u00a0\u00a0<\/p>\n<p>Proceso n.\u00ba 33351 \u00a0<\/p>\n<p>CORTE SUPREMA DE JUSTICIA \u00a0<\/p>\n<p>SALA DE CASACI\u00d3N PENAL \u00a0<\/p>\n<p>\u00a0 \u00a0\u00a0 \u00a0\u00a0 \u00a0\u00a0 \u00a0\u00a0 \u00a0\u00a0 \u00a0\u00a0 \u00a0\u00a0 \u00a0\u00a0 \u00a0\u00a0 \u00a0 \u00a0 \u00a0\u00a0<\/p>\n<p>Magistrado Ponente: \u00a0<\/p>\n<p>JAVIER ZAPATA ORTIZ \u00a0<\/p>\n<p>Aprobado \u00a0 \u00a0Acta \u00a0 \u00a0No. \u00a0 \u00a0178 \u00a0\u00a0<\/p>\n<p>Bogot\u00e1 \u00a0 \u00a0 D. \u00a0 \u00a0C., \u00a0 \u00a0nueve (9) de junio de dos mil diez (2010) \u00a0\u00a0<\/p>\n<p>VISTOS: \u00a0\u00a0<\/p>\n<p>Surtido \u00a0 \u00a0el \u00a0 traslado \u00a0 previsto \u00a0 por \u00a0 el \u00a0art\u00edculo \u00a0500 \u00a0del \u00a0C\u00f3digo \u00a0de \u00a0Procedimiento \u00a0Penal, \u00a0Ley \u00a0906 de 2004, la Sala de Casaci\u00f3n Penal \u00a0emite \u00a0concepto \u00a0sobre la extradici\u00f3n del \u00a0 \u00a0 \u00a0 \u00a0 \u00a0 ciudadano \u00a0 \u00a0 \u00a0 \u00a0 \u00a0colombiano \u00a0 ANTONIO \u00a0D\u00cdAZ \u00a0 \u00a0 \u00a0 \u00a0LANS, \u00a0 \u00a0 \u00a0 \u00a0solicitado \u00a0 por \u00a0 el \u00a0Gobierno \u00a0 de \u00a0 los \u00a0 Estados \u00a0 Unidos \u00a0de \u00a0Am\u00e9rica \u00a0a trav\u00e9s de su Embajada en \u00a0Colombia, \u00a0 para \u00a0 que \u00a0 comparezca \u00a0 a \u00a0juicio \u00a0 \u00a0por \u00a0 \u00a0delitos \u00a0 federales de narc\u00f3ticos. \u00a0\u00a0<\/p>\n<p>ANTECEDENTES: \u00a0\u00a0<\/p>\n<p>1. Con Nota Verbal \u00a0No. \u00a0 \u00a02635 \u00a0 \u00a0 \u00a0 \u00a0 \u00a0de \u00a0 \u00a0 \u00a0 \u00a0 21 \u00a0 \u00a0de \u00a0octubre \u00a0de 2009, \u00a0 \u00a0el \u00a0Gobierno \u00a0de \u00a0los \u00a0Estados \u00a0Unidos \u00a0 de \u00a0 Am\u00e9rica \u00a0 solicit\u00f3 \u00a0 la \u00a0detenci\u00f3n \u00a0provisional \u00a0con \u00a0fines \u00a0de \u00a0extradici\u00f3n \u00a0 \u00a0 \u00a0 \u00a0 \u00a0del \u00a0 \u00a0 \u00a0 \u00a0 ciudadano \u00a0colombiano \u00a0ANTONIO \u00a0 \u00a0 D\u00cdAZ \u00a0 \u00a0LANS, \u00a0identificado \u00a0con \u00a0 \u00a0 \u00a0 la \u00a0 \u00a0 \u00a0 c\u00e9dula \u00a0 \u00a0 \u00a0 de \u00a0 \u00a0 \u00a0 ciudadan\u00eda \u00a0 \u00a0 \u00a0No. \u00a0 \u00a0 \u00a09.038.466, \u00a0 \u00a0 \u00a0requerido \u00a0 \u00a0para \u00a0comparecer \u00a0a \u00a0juicio \u00a0por \u00a0delitos \u00a0 federales \u00a0 de \u00a0narc\u00f3ticos \u00a0de acuerdo con \u00a0los \u00a0 \u00a0cargos \u00a0 \u00a0atribuidos \u00a0 \u00a0en \u00a0 la \u00a0 Acusaci\u00f3n \u00a0No. \u00a0 \u00a009-20505-CR-MIDDLEBROOKS\/GARBER \u00a0 de \u00a012 \u00a0de \u00a0 \u00a0junio \u00a0 de \u00a02009, dictada en la Corte \u00a0Distrital \u00a0de los Estados Unidos para el Distrito Sur \u00a0de \u00a0Florida. \u00a0\u00a0<\/p>\n<p>2. \u00a0Recibida la \u00a0Nota \u00a0 Verbal, \u00a0 el \u00a0 Ministerio \u00a0 de \u00a0 Relaciones \u00a0 Exteriores \u00a0remiti\u00f3 \u00a0copia \u00a0al \u00a0 Fiscal \u00a0General \u00a0de \u00a0la \u00a0Naci\u00f3n, \u00a0quien \u00a0con \u00a0resoluci\u00f3n \u00a0 \u00a0 \u00a0 \u00a0 \u00a0de \u00a0 \u00a0 \u00a0 \u00a0 23 \u00a0 de \u00a0octubre \u00a0 \u00a0 \u00a0de \u00a02009, decret\u00f3 la captura \u00a0con \u00a0 fines \u00a0 de \u00a0 extradici\u00f3n \u00a0 del \u00a0requerido, \u00a0la \u00a0 cual \u00a0 le \u00a0 fue \u00a0 notificada \u00a0el \u00a026 \u00a0siguiente \u00a0en \u00a0el \u00a0establecimiento \u00a0carcelario donde se encontraba previamente recluido. \u00a0\u00a0<\/p>\n<p>3. \u00a0La Embajada \u00a0de \u00a0los \u00a0Estados \u00a0Unidos de Am\u00e9rica, con Nota Verbal \u00a0No. \u00a03125 \u00a0de \u00a0 \u00a0 \u00a0 \u00a0 \u00a0 \u00a0 22 \u00a0 \u00a0de \u00a0diciembre \u00a0de \u00a0 2009, \u00a0formaliz\u00f3 \u00a0la \u00a0solicitud \u00a0de extradici\u00f3n, en la que \u00a0se \u00a0resumen los \u00a0 \u00a0hechos \u00a0 y \u00a0 los \u00a0 fundamentos \u00a0probatorios \u00a0 \u00a0de \u00a0 las \u00a0 imputaciones \u00a0 delictivas \u00a0contenidas \u00a0 en \u00a0 la \u00a0 Acusaci\u00f3n \u00a0No. \u00a009-20505-CR-MIDDLEBROOKS\/GARBER \u00a0de \u00a012 \u00a0de junio de 2009, dictada \u00a0en \u00a0 la \u00a0Corte \u00a0Distrital \u00a0de \u00a0los \u00a0Estados \u00a0Unidos \u00a0para \u00a0el \u00a0Distrito \u00a0Sur \u00a0de \u00a0Florida, \u00a0 \u00a0 \u00a0 \u00a0 \u00a0 \u00a0 \u00a0 \u00a0 all\u00ed \u00a0 se\u00f1ala \u00a0 que \u00a0 el \u00a0 \u00a0 \u00a0 \u00a0 requerido \u00a0hac\u00eda \u00a0parte \u00a0 \u00a0de \u00a0 \u00a0una \u00a0 \u00a0organizaci\u00f3n \u00a0 dedicada \u00a0al \u00a0tr\u00e1fico \u00a0internacional de \u00a0estupefacientes \u00a0 que \u00a0importa \u00a0 a \u00a0 los \u00a0 Estados \u00a0 Unidos \u00a0 miles \u00a0 \u00a0 \u00a0de \u00a0 \u00a0 kilogramos \u00a0 \u00a0 de \u00a0coca\u00edna, \u00a0 despachada \u00a0desde \u00a0 \u00a0las \u00a0 costas \u00a0colombianas \u00a0 \u00a0v\u00eda \u00a0mar\u00edtima \u00a0(folios \u00a06 \u00a0 \u00a0 \u2013 \u00a0 \u00a0 \u00a0 \u00a0 \u00a0 \u00a09 \u00a0 \u00a0 \u00a0 \u00a0 \u00a0 \u00a0 carpeta\u00a0 \u00a0 \u00a0 \u00a0 \u00a0 \u00a0 \u00a0anexa). \u00a0\u00a0<\/p>\n<p>En \u00a0 la \u00a0 mencionada \u00a0 acusaci\u00f3n \u00a0 se \u00a0formulan \u00a0los \u00a0siguientes \u00a0cargos: \u00a0\u00a0<\/p>\n<p>\u201c&#8211; \u00a0Cargo \u00a0Uno: \u00a0 \u00a0Concierto \u00a0 \u00a0 para \u00a0 \u00a0 distribuir \u00a0 \u00a0una \u00a0 sustancia \u00a0 controlada \u00a0 (cinco \u00a0 kilogramos \u00a0o \u00a0m\u00e1s de coca\u00edna) con la \u00a0intenci\u00f3n \u00a0de que dicha sustancia fuera importarla \u00a0 ilegalmente \u00a0a \u00a0los \u00a0Estados \u00a0Unidos, lo cual es en \u00a0contra \u00a0del \u00a0T\u00edtulo 21, Secci\u00f3n 959 (a) (2) del C\u00f3digo de los Estados Unidos, \u00a0en \u00a0violaci\u00f3n \u00a0del \u00a0T\u00edtulo 21, Secciones 963, y 960 (b) (1) (B) del C\u00f3digo de \u00a0los Estados Unidos; y \u00a0\u00a0<\/p>\n<p>&#8212; \u00a0Cargo \u00a0Dos y Tres: Intentar Distribuir \u00a0una \u00a0 sustancia \u00a0controlada \u00a0(cinco \u00a0kilogramos \u00a0o \u00a0m\u00e1s \u00a0de \u00a0coca\u00edna) \u00a0con \u00a0la \u00a0intenci\u00f3n \u00a0de \u00a0que \u00a0dicha \u00a0sustancia \u00a0fuera importada ilegalmente a los Estados \u00a0Unidos, \u00a0y \u00a0ayuda y facilitaci\u00f3n de dicho delito, en violaci\u00f3n del T\u00edtulo 21, \u00a0Secciones \u00a0959 (a) (2), 963 y 960 (b) (1) (B) del C\u00f3digo de los Estados Unidos, \u00a0\u00a0<\/p>\n<p>La \u00a0acusaci\u00f3n \u00a0sustitutiva \u00a0tambi\u00e9n incluye la pena de decomiso de \u00a0conformidad \u00a0 \u00a0con \u00a0 el \u00a0 T\u00edtulo \u00a0 21, \u00a0 Secciones \u00a0853 \u00a0 \u00a0del \u00a0C\u00f3digo \u00a0de los Estados Unidos, la \u00a0cual \u00a0busca \u00a0el \u00a0decomiso \u00a0de todos los bienes que se hayan derivado de ingresos \u00a0obtenidos \u00a0como \u00a0resultado \u00a0de la comisi\u00f3n de los anteriores delitos. Si dichos \u00a0bienes \u00a0no \u00a0estuvieren \u00a0disponibles, \u00a0la norma anterior permite que otros bienes \u00a0del \u00a0 \u00a0acusado \u00a0 sean \u00a0 decomisados\u201d. \u00a0\u00a0<\/p>\n<p>Se \u00a0 explica \u00a0c\u00f3mo \u00a0en \u00a0el \u00a0curso del \u00a0concierto, \u00a0 \u00a0ANTONIO \u00a0 \u00a0D\u00cdAZ \u00a0 \u00a0LANS, \u00a0 \u00a0se \u00a0constituy\u00f3 \u00a0en \u00a0el \u00a0hombre \u00a0de \u00a0confianza de Ariel Revollo Balseiro, uno de los \u00a0l\u00edderes \u00a0de \u00a0la \u00a0organizaci\u00f3n, \u00a0para \u00a0la coordinaci\u00f3n del transporte, recibo, \u00a0reempaque \u00a0y \u00a0distribuci\u00f3n \u00a0de \u00a0la \u00a0coca\u00edna, \u00a0como \u00a0lo \u00a0demuestran \u00a0las \u00a0evidencias \u00a0con que cuentan las \u00a0autoridades \u00a0 norteamericanas, \u00a0 entre \u00a0 ellas \u00a0 la \u00a0 incautaci\u00f3n \u00a0de \u00a0 dos \u00a0embarques \u00a0de \u00a0aproximadamente \u00a0 \u00a0790 \u00a0 \u00a0y \u00a0 \u00a01.800 \u00a0kilogramos del alcaloide, \u00a0realizadas \u00a0el \u00a02 \u00a0de \u00a0marzo \u00a0y \u00a02 \u00a0octubre de 2007, respectivamente, \u00a0 la \u00a0 interceptaci\u00f3n \u00a0 legal \u00a0 de \u00a0comunicaciones \u00a0telef\u00f3nicas, \u00a0y \u00a0la \u00a0manifestaci\u00f3n \u00a0de \u00a0los \u00a0testigos \u00a0que \u00a0colaboran \u00a0con \u00a0el \u00a0gobierno \u00a0del pa\u00eds solicitante. \u00a0\u00a0<\/p>\n<p>Afirma, \u00a0que \u00a0todas \u00a0las \u00a0acciones \u00a0fueron \u00a0ejecutadas \u00a0 \u00a0por \u00a0 el \u00a0acusado \u00a0con posterioridad al 17 de diciembre \u00a0de 1997. \u00a0\u00a0<\/p>\n<p>Con \u00a0 relaci\u00f3n \u00a0 a \u00a0 la \u00a0 identidad \u00a0de \u00a0ANTONIO \u00a0 D\u00cdAZ \u00a0 LANS, \u00a0informa \u00a0que es \u00a0 \u00a0conocido \u00a0 \u00a0con \u00a0 los \u00a0 \u00a0alias \u00a0 \u00a0de \u00a0 \u201cLepa\u201d, \u00a0 \u00a0 \u00a0 \u00a0 \u00a0\u201cTono\u201d \u00a0 y \u00a0\u201cManco\u201d \u00a0(sic), \u00a0 \u00a0 \u00a0 \u00a0 \u00a0 \u00a0 \u00a0 \u00a0 \u00a0ciudadano \u00a0colombiano, \u00a0nacido \u00a0el \u00a019 \u00a0de diciembre de \u00a0 1958 \u00a0en Colombia, y \u00a0 \u00a0 es \u00a0 \u00a0 titular \u00a0 \u00a0de \u00a0 la \u00a0 c\u00e9dula \u00a0de \u00a0ciudadan\u00eda \u00a0No \u00a09.038.466. \u00a0\u00a0<\/p>\n<p>Con \u00a0la nota diplom\u00e1tica fueron remitidos \u00a0los \u00a0siguientes \u00a0documentos, \u00a0autenticados \u00a0y \u00a0traducidos \u00a0al \u00a0castellano, \u00a0para \u00a0sustentar la solicitud de extradici\u00f3n: \u00a0\u00a0<\/p>\n<p>3.1. \u00a0 Declaraci\u00f3n \u00a0 jurada \u00a0 rendida \u00a0el \u00a0 \u00a04 \u00a0 \u00a0 de \u00a0 \u00a0diciembre \u00a0 \u00a0de \u00a0 \u00a0 \u00a0 \u00a0 \u00a0 2009, \u00a0 \u00a0 \u00a0 \u00a0por \u00a0 \u00a0 \u00a0 Alejandro \u00a0O. \u00a0Soto, Fiscal Auxiliar de \u00a0los \u00a0Estados \u00a0Unidos \u00a0para \u00a0el \u00a0Distrito \u00a0Sur \u00a0de la \u00a0Florida. \u00a0Se \u00a0refiere al \u00a0procedimiento \u00a0 \u00a0 cumplido \u00a0 \u00a0 por \u00a0 \u00a0 el \u00a0 \u00a0 Gran \u00a0Jurado \u00a0para \u00a0dictar \u00a0la \u00a0acusaci\u00f3n; \u00a0presenta \u00a0una \u00a0s\u00edntesis \u00a0de \u00a0los \u00a0hechos \u00a0que \u00a0dieron \u00a0lugar \u00a0a \u00a0la solicitud de extradici\u00f3n, \u00a0concreta \u00a0 los \u00a0cargos \u00a0formulados \u00a0contra \u00a0ANTONIO \u00a0D\u00cdAZ \u00a0LANS, \u00a0precisa los elementos integrantes de \u00a0cada \u00a0 delito \u00a0 y \u00a0 aporta \u00a0 los \u00a0datos \u00a0allegados \u00a0a \u00a0la \u00a0investigaci\u00f3n \u00a0sobre \u00a0la \u00a0 \u00a0identidad \u00a0 del \u00a0requerido \u00a0 \u00a0 \u00a0 \u00a0 \u00a0 \u00a0 \u00a0(folio \u00a0121 \u00a0 \u00a0\u2013 \u00a0131 \u00a0 carpeta \u00a0anexa). \u00a0\u00a0<\/p>\n<p>3.2. \u00a0 \u00a0 \u00a0Acusaci\u00f3n \u00a0 \u00a0 \u00a009-20505-CR-MIDDLEBROOKS\/GARBER, \u00a0de \u00a012 \u00a0de \u00a0junio \u00a0de 2009, dictada en la Corte Distrital de los \u00a0Estados \u00a0Unidos \u00a0para \u00a0el \u00a0Distrito \u00a0Sur \u00a0de \u00a0Florida \u00a0(folios \u00a041-44 \u00a0 \u00a0 \u00a0 \u00a0 y \u00a0 \u00a0 \u00a0 \u00a0 142\u2013145 \u00a0carpeta \u00a0 anexa). \u00a0\u00a0<\/p>\n<p>3.3. \u00a0 Orden \u00a0 de \u00a0arresto \u00a0expedida \u00a0el \u00a012 \u00a0de \u00a0junio \u00a0de 2009 en contra de ANTONIO \u00a0 D\u00cdAZ \u00a0LANS, \u00a0por \u00a0la \u00a0Corte \u00a0Distrital \u00a0de los Estados Unidos para el Distrito Sur \u00a0de \u00a0 la \u00a0Florida \u00a0(folio \u00a0152 \u00a0 \u00a0 \u00a0carpeta \u00a0anexa). \u00a0\u00a0<\/p>\n<p>3.4. \u00a0Declaraci\u00f3n jurada de 4 \u00a0 \u00a0 \u00a0 \u00a0 de \u00a0 \u00a0 \u00a0 \u00a0diciembre \u00a0 \u00a0 de \u00a0 \u00a02009, \u00a0 de \u00a0Michael \u00a0 \u00a0Grainger, \u00a0Agente \u00a0Especial \u00a0de \u00a0la \u00a0Administraci\u00f3n \u00a0para \u00a0el \u00a0Control \u00a0de \u00a0Drogas \u00a0DEA, \u00a0quien \u00a0proporciona \u00a0informaci\u00f3n \u00a0adicional sobre la \u00a0investigaci\u00f3n, la actividad, la manera de operar de \u00a0la \u00a0 \u00a0organizaci\u00f3n \u00a0 criminal \u00a0 y \u00a0 la \u00a0 identidad \u00a0del \u00a0acusado \u00a0 \u00a0 \u00a0 \u00a0 \u00a0 \u00a0 (folios \u00a0 \u00a0 \u00a0 \u00a0 \u00a0 \u00a0 155 \u00a0\u2013 \u00a0 \u00a0172 \u00a0 \u00a0 \u00a0 \u00a0 \u00a0 \u00a0 carpeta \u00a0 \u00a0 \u00a0 \u00a0 \u00a0anexa). \u00a0\u00a0<\/p>\n<p>3.5. \u00a0 Transcripci\u00f3n \u00a0 de \u00a0 las \u00a0disposiciones \u00a0penales \u00a0sustantivas \u00a0supuestamente \u00a0 transgredidas \u00a0por \u00a0el \u00a0requerido \u00a0en \u00a0 extradici\u00f3n \u00a0 con \u00a0las \u00a0conductas \u00a0que \u00a0se \u00a0le \u00a0atribuyen \u00a0(folio \u00a0133-140 \u00a0carpeta \u00a0anexa). \u00a0\u00a0<\/p>\n<p>3.6. Fotocopia \u00a0de \u00a0la \u00a0tarjeta \u00a0de \u00a0preparaci\u00f3n \u00a0de la c\u00e9dula de ciudadan\u00eda expedida por las \u00a0autoridades \u00a0colombianas \u00a0al \u00a0solicitado ANTONIO \u00a0 D\u00cdAZ \u00a0 LANS, \u00a0 y \u00a0 de \u00a0una \u00a0fotograf\u00eda \u00a0 \u00a0 \u00a0de \u00a0 \u00a0 \u00a0\u00e9ste \u00a0 \u00a0 \u00a0(folios \u00a0 192 \u00a0y \u00a0 \u00a0 193 \u00a0carpeta \u00a0 anexa). \u00a0\u00a0<\/p>\n<p>3.7. \u00a0 Copia \u00a0de \u00a0la \u00a0orden \u00a0de \u00a0captura \u00a0con \u00a0 \u00a0fines \u00a0 \u00a0de \u00a0 \u00a0extradici\u00f3n \u00a0 \u00a0y \u00a0el \u00a0informe \u00a0dando \u00a0cuenta \u00a0de \u00a0las \u00a0circunstancias \u00a0en \u00a0que se \u00a0realiz\u00f3 la notificaci\u00f3n \u00a0de \u00a0 \u00a0 \u00a0 \u00a0la \u00a0 \u00a0 \u00a0 \u00a0misma \u00a0 \u00a0 \u00a0 \u00a0(folios \u00a0 \u00a0 \u00a0 \u00a0 \u00a011 \u00a0 \u00a0 \u00a0 \u00a0 \u00a0 \u00a0 \u2013 \u00a0 \u00a0 \u00a0 \u00a0 \u00a0 \u00a021 \u00a0carpeta anexa). \u00a0\u00a0<\/p>\n<p>4. El Ministerio del Interior y de Justicia \u00a0estim\u00f3 \u00a0que el expediente se encontraba completo y la solicitud de extradici\u00f3n \u00a0formalizada, \u00a0por \u00a0lo cual, lo envi\u00f3 a la Sala de Casaci\u00f3n Penal para lo de su \u00a0competencia.\u00a0 \u00a0 \u00a0 \u00a0 \u00a0 \u00a0 \u00a0Adjunt\u00f3 \u00a0 el \u00a0 concepto \u00a0 rendido \u00a0por \u00a0el \u00a0Jefe \u00a0de \u00a0la \u00a0Oficina \u00a0Asesora \u00a0Jur\u00eddica \u00a0del \u00a0Ministerio \u00a0de Relaciones \u00a0Exteriores, \u00a0atinente a \u00a0la \u00a0aplicaci\u00f3n, \u00a0en este \u00a0caso, \u00a0 \u00a0 \u00a0de \u00a0 \u00a0 la \u00a0 \u00a0 legislaci\u00f3n \u00a0 \u00a0 penal \u00a0 \u00a0 colombiana, \u00a0 \u00a0 al \u00a0 no \u00a0existir \u00a0 tratado \u00a0 de \u00a0 extradici\u00f3n \u00a0en \u00a0 vigor \u00a0 entre \u00a0Estados \u00a0Unidos \u00a0y \u00a0Colombia. \u00a0\u00a0<\/p>\n<p>5. ANTONIO D\u00cdAZ \u00a0LANS \u00a0design\u00f3 \u00a0defensor \u00a0de \u00a0confianza, \u00a0 \u00a0 quien \u00a0 \u00a0 dentro \u00a0 \u00a0 del \u00a0 \u00a0 t\u00e9rmino \u00a0 \u00a0 de \u00a0 \u00a0traslado \u00a0para solicitar pruebas pidi\u00f3 \u00a0la \u00a0pr\u00e1ctica \u00a0de \u00a0algunas, \u00a0las \u00a0cuales fueron negadas por la Sala mediante \u00a0auto de 14 de abril de 2010. \u00a0\u00a0<\/p>\n<p>ALEGATOS FINALES \u00a0<\/p>\n<p>Dentro del t\u00e9rmino legal establecido en el \u00a0art\u00edculo \u00a0500 \u00a0de \u00a0la Ley 906 de 2004, lo \u00a0 \u00a0hicieron \u00a0 \u00a0el \u00a0 \u00a0Ministerio \u00a0 \u00a0P\u00fablico \u00a0 \u00a0y \u00a0 \u00a0el \u00a0 \u00a0 \u00a0defensor \u00a0 \u00a0 \u00a0del requerido. \u00a0\u00a0<\/p>\n<p>1. \u00a0 \u00a0 \u00a0 \u00a0 \u00a0El \u00a0 \u00a0 \u00a0 \u00a0Procurador \u00a0Segundo \u00a0Delegado \u00a0para la Casaci\u00f3n \u00a0Penal, \u00a0luego \u00a0de \u00a0referirse \u00a0a los antecedentes del \u00a0tr\u00e1mite \u00a0y \u00a0mencionar la normatividad aplicable al caso, as\u00ed como a \u00a0la documentaci\u00f3n exigida de acuerdo \u00a0con \u00a0lo \u00a0previsto \u00a0por \u00a0el \u00a0art\u00edculo \u00a0495 \u00a0de \u00a0la Ley 906 de 2004, sugiere \u00a0a \u00a0la \u00a0Sala \u00a0rendir \u00a0concepto favorable a la entrega, por \u00a0considerar \u00a0reunidos \u00a0los \u00a0requisitos \u00a0exigidos para \u00a0concederla. \u00a0\u00a0<\/p>\n<p>En \u00a0 \u00a0 \u00a0efecto, \u00a0 \u00a0 \u00a0aborda \u00a0el \u00a0estudio \u00a0de \u00a0la \u00a0validez \u00a0formal \u00a0de la documentaci\u00f3n \u00a0allegada \u00a0 \u00a0 por \u00a0 \u00a0 el \u00a0 \u00a0 pa\u00eds \u00a0 \u00a0solicitante, \u00a0 \u00a0 se\u00f1alando \u00a0 \u00a0 las \u00a0condiciones \u00a0para su expedici\u00f3n y presentaci\u00f3n, de \u00a0manera \u00a0 especial \u00a0 su \u00a0 traducci\u00f3n \u00a0 y \u00a0 autenticaci\u00f3n \u00a0por \u00a0las \u00a0autoridades \u00a0correspondientes \u00a0en \u00a0el \u00a0pa\u00eds \u00a0requirente \u00a0y, \u00a0el \u00a0cumplimiento \u00a0del \u00a0tr\u00e1mite \u00a0diplom\u00e1tico \u00a0 para \u00a0 su \u00a0 presentaci\u00f3n, \u00a0 lo \u00a0cual \u00a0le \u00a0permite \u00a0concluir \u00a0que \u00a0este \u00a0 \u00a0requisito se satisface. \u00a0\u00a0<\/p>\n<p>Igual criterio expresa acerca de las dem\u00e1s \u00a0exigencias \u00a0previstas \u00a0por \u00a0el art\u00edculo 502 del C\u00f3digo de Procedimiento Penal, \u00a0esto \u00a0es, \u00a0la demostraci\u00f3n plena de la identidad del requerido; el principio de \u00a0la \u00a0doble incriminaci\u00f3n; y el relacionado con la equivalencia de la providencia \u00a0proferida \u00a0en \u00a0el extranjero, por lo tanto, estima el \u00a0representante \u00a0del \u00a0Ministerio \u00a0P\u00fablico, \u00a0 \u00a0 \u00a0 \u00a0se \u00a0 \u00a0 \u00a0 \u00a0re\u00fanen \u00a0en \u00a0este tr\u00e1mite para emitir \u00a0el concepto de rigor, el cual en su criterio debe ser favorable. \u00a0\u00a0<\/p>\n<p>Solicita \u00a0el \u00a0Procurador \u00a0 Segundo \u00a0Delegado \u00a0para \u00a0la \u00a0Casaci\u00f3n \u00a0Penal, \u00a0se exhorte al \u00a0Gobierno \u00a0Nacional \u00a0para \u00a0que \u00a0se advierta al pa\u00eds reclamante, que el \u00a0 requerido \u00a0 no \u00a0 sea \u00a0juzgado \u00a0por \u00a0un hecho diverso del \u00a0que \u00a0 \u00a0motiv\u00f3 \u00a0 \u00a0la \u00a0extradici\u00f3n, \u00a0ni \u00a0sometido \u00a0a \u00a0tratos \u00a0inhumanos, \u00a0 crueles \u00a0o \u00a0degradantes, \u00a0ni \u00a0a \u00a0la \u00a0pena \u00a0de \u00a0muerte \u00a0(folios \u00a0 \u00a0 \u00a0 \u00a0 \u00a045 \u00a0 \u00a0 \u00a0 \u00a0a \u00a0 \u00a0 \u00a0 \u00a059 \u00a0 cuaderno \u00a0principal). \u00a0\u00a0<\/p>\n<p>2. \u00a0 El \u00a0 defensor \u00a0 del \u00a0 requerido, \u00a0 en \u00a0breve \u00a0escrito \u00a0hace \u00a0alusi\u00f3n \u00a0a \u00a0los \u00a0aspectos \u00a0del \u00a0concepto \u00a0que \u00a0debe rendir la Corte, \u00a0 \u00a0para \u00a0 \u00a0insinuar \u00a0 \u00a0que \u00a0 \u00a0en \u00a0 este \u00a0 caso \u00a0 \u201cparece \u00a0que \u00a0se \u00a0presenta una doble incriminaci\u00f3n toda vez que la \u00a0nota \u00a0 verbal \u00a0 acompasada \u00a0 con \u00a0 el \u00a0 \u201cCriminal \u00a0Docket\u201d \u00a0muestran \u00a0que \u00a0se trata de una acusaci\u00f3n \u00a0que \u00a0versa \u00a0sobre \u00a0modalidades \u00a0de \u00a0participaci\u00f3n \u00a0en el delito de narc\u00f3ticos, \u00a0situaci\u00f3n \u00a0que \u00a0ha \u00a0sido \u00a0advertida \u00a0y que se encuentra en judicializaci\u00f3n por \u00a0parte \u00a0del Juzgado \u00danico Penal del Circuito Especializado de Cartagena, proceso \u00a0que \u00a0vincula \u00a0a \u00a0mi \u00a0cliente como presunto responsable sea en calidad de autor o \u00a0part\u00edcipe \u00a0 en \u00a0 el \u00a0 delito \u00a0 de \u00a0 tr\u00e1fico \u00a0 de \u00a0 estupefacientes\u201d; \u00a0por lo tanto, para garantizar el debido proceso y el derecho \u00a0de \u00a0 defensa, \u00a0 solicita \u00a0 se \u00a0 oficie \u00a0 al \u00a0 mencionado \u00a0 juzgado \u00a0para \u00a0 \u00a0que \u00a0 \u00a0informe \u00a0 \u00a0a \u00a0 \u00a0la \u00a0 \u00a0Sala \u00a0 \u00a0el \u00a0 \u00a0\u201calcance \u00a0de las diligencias surtidas por ese despacho en contra de \u00a0mi \u00a0prohijado \u00a0y el estado de las actuaciones\u201d, con \u00a0el \u00a0fin \u00a0de dar cumplimiento a lo previsto por el art\u00edculo 502 de la Ley 906 de \u00a02004 (sic). \u00a0\u00a0<\/p>\n<p>Finaliza el apoderado, solicitando se emita \u00a0concepto desfavorable. \u00a0\u00a0<\/p>\n<p>CONSIDERACIONES \u00a0DE \u00a0LA \u00a0SALA \u00a0\u00a0<\/p>\n<p>1. \u00a0Cuestiones \u00a0Previas \u00a0\u00a0<\/p>\n<p>De \u00a0 \u00a0acuerdo \u00a0 \u00a0con \u00a0 \u00a0el \u00a0art\u00edculo \u00a035 \u00a0de \u00a0la Constituci\u00f3n \u00a0Pol\u00edtica, \u00a0el art\u00edculo \u00a018 \u00a0del C\u00f3digo Penal (Ley \u00a0599 \u00a0 de \u00a0 2000) \u00a0y \u00a0el \u00a0art\u00edculo \u00a0490 del C\u00f3digo \u00a0de \u00a0 \u00a0 \u00a0Procedimiento \u00a0 \u00a0 Penal \u00a0 \u00a0 (Ley \u00a0906 de \u00a02004), \u00a0la \u00a0extradici\u00f3n \u00a0de colombianos por \u00a0nacimiento \u00a0 \u00a0se \u00a0 puede \u00a0 conceder, \u00a0 conforme \u00a0a los tratados p\u00fablicos o en \u00a0su \u00a0defecto \u00a0con \u00a0la \u00a0ley, \u00a0por \u00a0delitos \u00a0considerados \u00a0como \u00a0tales dentro de la \u00a0legislaci\u00f3n \u00a0penal interna que hayan sido cometidos en el exterior a partir del \u00a017 \u00a0de \u00a0diciembre \u00a0de \u00a01997, fecha en la que entr\u00f3 a \u00a0regir \u00a0el \u00a0acto \u00a0legislativo \u00a0que modific\u00f3 la citada \u00a0norma constitucional. \u00a0\u00a0<\/p>\n<p>Debido a que no \u00a0existe \u00a0 tratado \u00a0 de \u00a0 extradici\u00f3n \u00a0aplicable \u00a0entre \u00a0los \u00a0Estados \u00a0Unidos \u00a0de \u00a0Am\u00e9rica \u00a0y \u00a0Colombia, \u00a0seg\u00fan \u00a0lo \u00a0inform\u00f3 \u00a0el \u00a0Ministerio \u00a0de \u00a0Relaciones \u00a0Exteriores, y dado \u00a0 que \u00a0 los \u00a0 hechos \u00a0ocurrieron \u00a0con \u00a0 posterioridad \u00a0 al \u00a0 17 \u00a0 de \u00a0 diciembre \u00a0 de \u00a01997, del a\u00f1o 2006 hasta \u00a0noviembre \u00a0 \u00a0 \u00a0de \u00a02008 \u00a0inclusive, como se \u00a0afirma \u00a0en la acusaci\u00f3n, este tr\u00e1mite de extradici\u00f3n se rige por el \u00a0C\u00f3digo \u00a0de \u00a0 \u00a0 \u00a0Procedimiento \u00a0 \u00a0 Penal, \u00a0 \u00a0 (Ley \u00a0 \u00a0 \u00a0 \u00a0 \u00a0 \u00a0906 \u00a0 \u00a0 \u00a0 de \u00a0 \u00a0 \u00a02004)1. \u00a0\u00a0<\/p>\n<p>De \u00a0 conformidad \u00a0 con \u00a0 el \u00a0 art\u00edculo \u00a0502 \u00a0 de \u00a0la \u00a0Ley \u00a0906 \u00a0de \u00a02004 \u00a0(C\u00f3digo \u00a0de \u00a0Procedimiento \u00a0Penal), la \u00a0Corte \u00a0 Suprema \u00a0 de \u00a0 Justicia \u00a0debe \u00a0fundamentar \u00a0su \u00a0concepto \u00a0exclusivamente \u00a0en \u00a0la validez formal de \u00a0la \u00a0 \u00a0 documentaci\u00f3n \u00a0 \u00a0 presentada; \u00a0 en \u00a0la \u00a0demostraci\u00f3n \u00a0 \u00a0plena \u00a0 \u00a0de \u00a0 \u00a0la \u00a0 \u00a0identidad \u00a0 \u00a0del \u00a0 \u00a0solicitado; \u00a0 \u00a0en \u00a0el \u00a0principio de la doble \u00a0incriminaci\u00f3n; \u00a0en la equivalencia de la providencia \u00a0dictada \u00a0en el extranjero; \u00a0y, \u00a0en el cumplimiento de \u00a0lo \u00a0previsto \u00a0en los tratados p\u00fablicos, cuando fuere \u00a0el caso. \u00a0\u00a0<\/p>\n<p>La \u00a0Sala, en consecuencia, abordar\u00e1 en el \u00a0orden \u00a0enunciado \u00a0el \u00a0estudio \u00a0de \u00a0cada \u00a0uno \u00a0de \u00a0estos \u00a0requisitos, orientada a \u00a0establecer la procedencia de la solicitud de extradici\u00f3n. \u00a0\u00a0<\/p>\n<p>2. \u00a0Validez \u00a0formal de la documentaci\u00f3n presentada \u00a0\u00a0<\/p>\n<p>El \u00a0 \u00a0art\u00edculo \u00a0 \u00a0495 \u00a0 \u00a0del \u00a0C\u00f3digo de Procedimiento Penal, Ley 906 de 2004, dispone \u00a0que para conceder u ofrecer la \u00a0extradici\u00f3n \u00a0 \u00a0 de \u00a0 \u00a0una \u00a0 \u00a0persona, \u00a0 la \u00a0 solicitud \u00a0 debe \u00a0 presentarse \u00a0por \u00a0v\u00eda \u00a0diplom\u00e1tica o en casos excepcionales por \u00a0la \u00a0consular \u00a0o \u00a0de \u00a0gobierno \u00a0a \u00a0gobierno, \u00a0adjuntando: i) copia o transcripci\u00f3n aut\u00e9ntica de la sentencia, \u00a0de \u00a0la resoluci\u00f3n de acusaci\u00f3n o su equivalente; ii) indicaci\u00f3n exacta de los \u00a0actos \u00a0que \u00a0determinaron \u00a0la \u00a0solicitud \u00a0y \u00a0del \u00a0lugar \u00a0y la fecha en que fueron \u00a0ejecutados; \u00a0iii) \u00a0todos \u00a0los \u00a0datos \u00a0que \u00a0se \u00a0posean y sirvan para establecer \u00a0la \u00a0plena \u00a0identidad de la \u00a0persona \u00a0 reclamada; \u00a0y \u00a0iv) \u00a0copia \u00a0aut\u00e9ntica \u00a0de \u00a0las \u00a0disposiciones \u00a0penales \u00a0aplicables para el caso. \u00a0\u00a0<\/p>\n<p>Tales \u00a0documentos \u00a0deben ser expedidos de \u00a0acuerdo \u00a0con \u00a0la \u00a0forma se\u00f1alada por la legislaci\u00f3n del Estado requirente y se \u00a0traducir\u00e1n al castellano, si fuere necesario. \u00a0\u00a0<\/p>\n<p>El \u00a0 art\u00edculo \u00a0 259 \u00a0 del \u00a0C\u00f3digo \u00a0de \u00a0Procedimiento \u00a0Civil, \u00a0modificado \u00a0por el art\u00edculo 1\u00ba, numeral 118 del Decreto \u00a02282 \u00a0 de \u00a0 1989, \u00a0 estipula \u00a0 que \u00a0\u201clos \u00a0documentos \u00a0p\u00fablicos \u00a0otorgados \u00a0en \u00a0el \u00a0pa\u00eds extranjero por \u00a0funcionario \u00a0de \u00a0\u00e9ste \u00a0o con su intervenci\u00f3n, deber\u00e1n presentarse debidamente \u00a0autenticados \u00a0por \u00a0el \u00a0c\u00f3nsul \u00a0o \u00a0agente diplom\u00e1tico de la Rep\u00fablica, y en su \u00a0defecto \u00a0por \u00a0el \u00a0de \u00a0una \u00a0naci\u00f3n amiga, lo cual hace presumir que se otorgaron \u00a0conforme \u00a0 a \u00a0 la \u00a0 ley \u00a0 del \u00a0 respectivo \u00a0 pa\u00eds. \u00a0 La \u00a0firma \u00a0del \u00a0c\u00f3nsul \u00a0o \u00a0agente \u00a0diplom\u00e1tico se abonar\u00e1 por el Ministerio \u00a0de Relaciones Exteriores de Colombia, y si se trata de \u00a0agentes \u00a0consulares \u00a0de \u00a0un \u00a0pa\u00eds \u00a0amigo, \u00a0se \u00a0autenticar\u00e1 \u00a0previamente por el \u00a0funcionario \u00a0 competente \u00a0 del \u00a0 mismo \u00a0 y \u00a0 los \u00a0 de \u00a0 \u00e9ste \u00a0 por \u00a0el \u00a0C\u00f3nsul \u00a0colombiano.\u201d \u00a0\u00a0<\/p>\n<p>En \u00a0el caso de \u00a0la \u00a0especie, \u00a0la Corte observa que el Gobierno de los \u00a0Estados \u00a0 \u00a0 \u00a0Unidos \u00a0 \u00a0 \u00a0cumpli\u00f3 \u00a0 \u00a0 \u00a0adecuadamente \u00a0 \u00a0 \u00a0tales \u00a0 \u00a0 exigencias, \u00a0 \u00a0 \u00a0 \u00a0pues, \u00a0por \u00a0v\u00eda diplom\u00e1tica, present\u00f3 la solicitud a trav\u00e9s de \u00a0su \u00a0Embajada \u00a0en \u00a0nuestro \u00a0pa\u00eds \u00a0al Ministerio de Relaciones Exteriores; anex\u00f3 \u00a0copia \u00a0 de \u00a0 la \u00a0 Resoluci\u00f3n \u00a0 de \u00a0 Acusaci\u00f3n \u00a0No. \u00a009-20505-CR-MIDDLEBROOKS\/GARBER \u00a0de \u00a012 \u00a0de junio de \u00a02009, \u00a0dictada \u00a0en la Corte Distrital de los Estados Unidos para el Distrito Sur \u00a0de \u00a0 \u00a0 \u00a0 \u00a0 \u00a0 Florida, \u00a0 \u00a0 \u00a0 \u00a0 \u00a0contra \u00a0 \u00a0 \u00a0 \u00a0 \u00a0 ANTONIO \u00a0 \u00a0D\u00cdAZ \u00a0 \u00a0LANS \u00a0por delitos federales de narc\u00f3ticos. \u00a0\u00a0<\/p>\n<p>Con las notas \u00a0diplom\u00e1ticas \u00a0 \u00a0a \u00a0 \u00a0trav\u00e9s \u00a0 \u00a0de \u00a0 las \u00a0 cuales \u00a0 solicit\u00f3 \u00a0 la \u00a0 detenci\u00f3n \u00a0provisional \u00a0 \u00a0 \u00a0 \u00a0y \u00a0 \u00a0 \u00a0 formaliz\u00f3 \u00a0 \u00a0 \u00a0 la \u00a0reclamaci\u00f3n, \u00a0y \u00a0con \u00a0las declaraciones rendidas en \u00a0apoyo \u00a0de \u00a0la solicitud por Alejandro O. Soto, Fiscal \u00a0Auxiliar \u00a0de \u00a0los Estados Unidos para el Distrito Sur de la Florida y \u00a0Michael \u00a0Grainger, \u00a0Agente Especial \u00a0de \u00a0la Administraci\u00f3n para el Control de Drogas DEA, \u00a0se \u00a0 \u00a0determinan \u00a0 las \u00a0conductas \u00a0 \u00a0 \u00a0 que \u00a0 \u00a0 \u00a0 fundamentan \u00a0 \u00a0 \u00a0 la \u00a0reclamaci\u00f3n \u00a0 \u00a0 \u00a0 \u00a0 \u00a0 \u00a0 \u00a0 especificando \u00a0las \u00a0circunstancias \u00a0de \u00a0modo, \u00a0tiempo \u00a0y \u00a0lugar \u00a0de \u00a0realizaci\u00f3n \u00a0de los diversos actos que integran la \u00a0ejecuci\u00f3n de cada uno de los delitos. \u00a0\u00a0<\/p>\n<p>Con \u00a0dicha \u00a0informaci\u00f3n no s\u00f3lo pone en \u00a0evidencia \u00a0la \u00a0exactitud \u00a0de \u00a0las conductas imputadas, el lugar y la fecha de su \u00a0ejecuci\u00f3n, \u00a0sino \u00a0que \u00a0demuestra \u00a0que \u00a0los \u00a0hechos \u00a0con \u00a0los cuales se pretende \u00a0comprobar \u00a0sucedieron \u00a0en \u00a0el \u00a0pa\u00eds \u00a0requirente, \u00a0cumpliendo de esta \u00a0manera \u00a0la \u00a0exigencia \u00a0del \u00a0art\u00edculo 35 de la Constituci\u00f3n \u00a0Pol\u00edtica, \u00a0consistente \u00a0en \u00a0que \u00a0la \u00a0extradici\u00f3n \u00a0de \u00a0colombianos por \u00a0 nacimiento \u00a0se \u00a0conceder\u00e1 \u00a0por \u00a0delitos cometidos en el exterior. \u00a0\u00a0<\/p>\n<p>De \u00a0otra parte, como se ver\u00e1, los anexos \u00a0permiten \u00a0 establecer \u00a0la \u00a0identidad \u00a0del \u00a0requerido \u00a0y con la transcripci\u00f3n \u00a0de \u00a0las \u00a0disposiciones de \u00a0las \u00a0leyes \u00a0de Estados Unidos supuestamente transgredidas, se establece la doble \u00a0incriminaci\u00f3n. \u00a0\u00a0<\/p>\n<p>Aquellos \u00a0documentos \u00a0fueron autenticados \u00a0seg\u00fan \u00a0lo dispuesto en el art\u00edculo 259 del C\u00f3digo de Procedimiento Civil, por \u00a0lo \u00a0 cual \u00a0 se \u00a0 presume \u00a0que \u00a0fueron \u00a0otorgados \u00a0de \u00a0conformidad con \u00a0el \u00a0ordenamiento jur\u00eddico de los Estados Unidos; siendo, por \u00a0tanto, factible admitirlos como medios de prueba en este tr\u00e1mite. \u00a0\u00a0<\/p>\n<p>En \u00a0 \u00a0 \u00a0efecto, \u00a0 \u00a0 \u00a0Thomas \u00a0C. \u00a0Black, Director Asociado de \u00a0la \u00a0Oficina \u00a0de \u00a0Asuntos Internacionales, Divisi\u00f3n de lo Penal, Departamento de \u00a0Justicia \u00a0de \u00a0los \u00a0Estados \u00a0Unidos \u00a0de \u00a0Am\u00e9rica, \u00a0certific\u00f3 que copias fieles de los testimonios rendidos \u00a0por \u00a0Alejandro \u00a0O. \u00a0Soto, \u00a0Fiscal \u00a0Auxiliar \u00a0de \u00a0los \u00a0Estados \u00a0Unidos \u00a0para el Distrito Sur de la Florida y \u00a0Michael \u00a0Grainger, Agente \u00a0Especial \u00a0de \u00a0la \u00a0Administraci\u00f3n para el Control de \u00a0Drogas \u00a0DEA, se \u00a0mantienen \u00a0en \u00a0los \u00a0archivos \u00a0oficiales \u00a0del \u00a0Departamento \u00a0de \u00a0Justicia \u00a0 \u00a0 de \u00a0 \u00a0Washington \u00a0 \u00a0D.C., \u00a0 de \u00a0 los \u00a0 Estados \u00a0 Unidos \u00a0 de \u00a0 Norteam\u00e9rica \u00a0 (folio \u00a0120 \u00a0 \u00a0 \u00a0 carpeta \u00a0 \u00a0 \u00a0 anexa). \u00a0\u00a0<\/p>\n<p>El \u00a0Procurador \u00a0de \u00a0los \u00a0Estados \u00a0Unidos, \u00a0Eric \u00a0H. Holder Jr., hizo \u00a0constar \u00a0 que \u00a0 para \u00a0 ese \u00a0 entonces, \u00a0 Thomas \u00a0C. \u00a0Black, \u00a0 \u00a0 \u00a0 \u00a0 \u00a0 \u00a0 \u00a0 \u00a0 \u00a0desempe\u00f1aba \u00a0el \u00a0cargo \u00a0de \u00a0Director \u00a0Asociado \u00a0de \u00a0la Oficina de Asuntos Internacionales, \u00a0de \u00a0la \u00a0Divisi\u00f3n \u00a0de \u00a0lo \u00a0Penal, \u00a0del \u00a0Departamento \u00a0de Justicia de los Estados \u00a0Unidos, \u00a0en Washington D.C., quien con ese prop\u00f3sito hizo estampar el sello del \u00a0Departamento \u00a0de \u00a0Justicia \u00a0y \u00a0solicit\u00f3 \u00a0al \u00a0Director \u00a0Adjunto de la Oficina de \u00a0Asuntos \u00a0 \u00a0Internacionales, \u00a0 \u00a0Divisi\u00f3n \u00a0 de \u00a0 lo \u00a0Penal \u00a0 que \u00a0diera \u00a0fe \u00a0de \u00a0su \u00a0firma \u00a0(folio \u00a0119 \u00a0 \u00a0 \u00a0carpeta \u00a0 \u00a0 anexa). \u00a0\u00a0<\/p>\n<p>La \u00a0Secretaria \u00a0de Estado, Hillary Rodham \u00a0Clinton, \u00a0 certific\u00f3 \u00a0 que \u00a0al \u00a0documento \u00a0anexo \u00a0se \u00a0le \u00a0fij\u00f3 \u00a0el \u00a0sello \u00a0del \u00a0Departamento \u00a0de \u00a0Justicia, \u00a0en \u00a0testimonio \u00a0de \u00a0lo cual hizo fijar el sello del \u00a0Departamento \u00a0de \u00a0Estado \u00a0y \u00a0que \u00a0el \u00a0Funcionario Auxiliar de Autenticaciones de \u00a0dicho \u00a0 Departamento \u00a0 en \u00a0 Washington, \u00a0 Sonya \u00a0N. \u00a0Johnson, \u00a0 suscribiera \u00a0 su \u00a0 nombre \u00a0 (folio \u00a047 \u00a0carpeta anexa). \u00a0\u00a0<\/p>\n<p>El Vicec\u00f3nsul de Colombia en Washington, \u00a0Ren\u00e9 \u00a0Correa \u00a0Rodr\u00edguez, certific\u00f3 que es aut\u00e9ntica la firma de Sonya \u00a0N. Johnson, y a su vez, la firma \u00a0de \u00a0dicho \u00a0funcionario fue abonada por el Jefe de Autenticaciones del Ministerio \u00a0de \u00a0 Relaciones \u00a0 Exteriores \u00a0 (folio \u00a045 \u00a0 \u00a0carpeta \u00a0 \u00a0anexa). \u00a0\u00a0<\/p>\n<p>Los \u00a0 mencionados \u00a0 documentos \u00a0 fueron \u00a0traducidos \u00a0 \u00a0 \u00a0al \u00a0 \u00a0 \u00a0espa\u00f1ol \u00a0 \u00a0 por la Embajada de los Estados Unidos. \u00a0\u00a0<\/p>\n<p>Se \u00a0 \u00a0 \u00a0 verifican \u00a0 \u00a0de \u00a0 \u00a0esa \u00a0 \u00a0manera, \u00a0 \u00a0 \u00a0 \u00a0 \u00a0 \u00a0 reunidas \u00a0las exigencias del art\u00edculo \u00a0495 \u00a0del \u00a0C\u00f3digo \u00a0de \u00a0Procedimiento \u00a0Penal, \u00a0Ley \u00a0906 \u00a0de \u00a02004, por lo cual se \u00a0satisface \u00a0el requisito de la validez formal de la documentaci\u00f3n presentada con \u00a0la solicitud de extradici\u00f3n. \u00a0\u00a0<\/p>\n<p>3. \u00a0Demostraci\u00f3n plena de la identidad del solicitado \u00a0\u00a0<\/p>\n<p>La \u00a0 \u00a0 reiterada \u00a0 \u00a0 jurisprudencia \u00a0de \u00a0la \u00a0Sala tiene establecido que la identidad \u00a0 de \u00a0una \u00a0persona \u00a0que \u00a0es \u00a0reclamada \u00a0en \u00a0extradici\u00f3n, \u00a0en \u00a0t\u00e9rminos \u00a0del \u00a0art\u00edculo 495 de la Ley 906 de \u00a02004, \u00a0 busca \u00a0establecer \u00a0si \u00a0la \u00a0persona \u00a0procesada \u00a0en \u00a0el \u00a0pa\u00eds \u00a0extranjero \u00a0es \u00a0la \u00a0misma \u00a0sometida al tr\u00e1mite de extradici\u00f3n, \u00a0por \u00a0ende, \u00a0el \u00a0requisito \u00a0se \u00a0cumple \u00a0cuando existe plena coincidencia entre el \u00a0individuo \u00a0 solicitado \u00a0 y \u00a0 aqu\u00e9l \u00a0cuya \u00a0entrega \u00a0se \u00a0encuentra \u00a0en \u00a0curso \u00a0de \u00a0resolver. \u00a0\u00a0<\/p>\n<p>En \u00a0efecto, la \u00a0informaci\u00f3n \u00a0que \u00a0contiene la documentaci\u00f3n aportada para el presente tr\u00e1mite \u00a0permite \u00a0 a \u00a0 la \u00a0Sala \u00a0deducir \u00a0que \u00a0ANTONIO \u00a0D\u00cdAZ \u00a0LANS, privado \u00a0de \u00a0la \u00a0libertad \u00a0con fines de extradici\u00f3n, es la misma persona \u00a0requerida por el Gobierno de los Estados Unidos de Am\u00e9rica. \u00a0\u00a0<\/p>\n<p>As\u00ed \u00a0se \u00a0infiere valorando conjuntamente \u00a0los \u00a0datos \u00a0suministrados \u00a0por \u00a0el \u00a0pa\u00eds solicitante \u00a0en \u00a0las \u00a0notas \u00a0diplom\u00e1ticas \u00a0y \u00a0en los testimonios \u00a0rendidos \u00a0en \u00a0apoyo \u00a0de \u00a0la \u00a0petici\u00f3n \u00a0de \u00a0extradici\u00f3n; \u00a0lo consignado en la orden y en el informe sobre \u00a0la \u00a0materializaci\u00f3n \u00a0de \u00a0la captura del implicado, \u00a0 \u00a0 \u00a0 \u00a0 y \u00a0 \u00a0 \u00a0la \u00a0 \u00a0 \u00a0actitud \u00a0 \u00a0 \u00a0asumida \u00a0 \u00a0 \u00a0por \u00a0 \u00a0 \u00a0\u00e9ste \u00a0 en \u00a0 el \u00a0 curso \u00a0 del \u00a0 tr\u00e1mite, \u00a0adem\u00e1s \u00a0del otorgamiento \u00a0 \u00a0 \u00a0 de \u00a0 poder \u00a0 a \u00a0su \u00a0abogado \u00a0de \u00a0confianza \u00a0para \u00a0que \u00a0lo asistiera. \u00a0\u00a0<\/p>\n<p>La \u00a0 Nota \u00a0 Verbal \u00a0 No. \u00a0 2635 \u00a0 de \u00a021 \u00a0 de \u00a0 octubre \u00a0 de \u00a02009, \u00a0 mediante \u00a0la \u00a0cual \u00a0fue \u00a0solicitada \u00a0la detenci\u00f3n provisional con \u00a0fines \u00a0 \u00a0de \u00a0 \u00a0extradici\u00f3n, \u00a0 \u00a0hace \u00a0 \u00a0saber \u00a0 \u00a0que \u00a0 el \u00a0 requerido \u00a0 \u00a0 se \u00a0 \u00a0 llama \u00a0 \u00a0 ANTONIO \u00a0 \u00a0D\u00cdAZ \u00a0 \u00a0LANS, \u00a0 \u00a0 \u00a0 alias \u00a0 \u00a0 \u00a0\u201cLepa\u201d, \u00a0 \u00a0 \u00a0 \u00a0\u201cTono\u201d \u00a0y \u00a0 \u00a0 \u201cManco\u201d, \u00a0ciudadano \u00a0 \u00a0 \u00a0 \u00a0 colombiano, \u00a0nacido el \u00a019 \u00a0 \u00a0de \u00a0 \u00a0diciembre \u00a0 \u00a0de \u00a0 \u00a01958 \u00a0 en \u00a0 \u00a0 \u00a0Colombia, \u00a0 \u00a0 y \u00a0 \u00a0 es \u00a0 \u00a0 titular \u00a0 \u00a0de \u00a0 la \u00a0 c\u00e9dula \u00a0de \u00a0ciudadan\u00eda \u00a0No \u00a09.038.466. \u00a0\u00a0<\/p>\n<p>La \u00a0 Nota \u00a0 Verbal \u00a0 No. \u00a0 3125 \u00a0 de \u00a022 \u00a0 \u00a0 \u00a0 \u00a0de \u00a0 \u00a0 \u00a0 \u00a0diciembre \u00a0 \u00a0 \u00a0de \u00a0 \u00a0 2009, \u00a0que \u00a0formaliz\u00f3 \u00a0la solicitud, las \u00a0declaraciones \u00a0rendidas \u00a0en apoyo, la resoluci\u00f3n que orden\u00f3 la captura emitida \u00a0por \u00a0el \u00a0Despacho \u00a0del \u00a0Fiscal \u00a0General \u00a0de \u00a0la Naci\u00f3n, reiteran y ratifican la \u00a0informaci\u00f3n \u00a0relativa a la identidad del \u00a0 \u00a0 \u00a0 \u00a0 \u00a0ciudadano \u00a0 \u00a0 \u00a0 \u00a0 \u00a0 \u00a0 requerido, \u00a0la \u00a0cual \u00a0fue \u00a0constatada \u00a0por \u00a0los agentes de la Polic\u00eda Judicial del \u00a0 \u00a0 C. \u00a0 \u00a0T. \u00a0 \u00a0I., \u00a0 que \u00a0 realizaron \u00a0la \u00a0notificaci\u00f3n \u00a0 \u00a0de \u00a0 \u00a0la \u00a0 \u00a0captura \u00a0a \u00a0D\u00cdAZ LANS, con fines de extradici\u00f3n. \u00a0\u00a0<\/p>\n<p>Con \u00a0 motivo \u00a0 de \u00a0 la \u00a0 detenci\u00f3n, \u00a0 se \u00a0confeccionaron \u00a0las \u00a0actas \u00a0respectivas \u00a0y \u00a0en \u00a0la \u00a0notificaci\u00f3n la persona detenida dijo llamarse e \u00a0identificarse \u00a0con \u00a0los \u00a0mismos nombres y c\u00e9dula reportados por las autoridades \u00a0extranjeras, \u00a0actitud \u00a0que \u00a0ha \u00a0sostenido \u00a0a \u00a0lo \u00a0largo \u00a0del \u00a0tr\u00e1mite, \u00a0sin que \u00a0se \u00a0 haya \u00a0 formulado \u00a0cuestionamiento alguno. \u00a0\u00a0<\/p>\n<p>Se \u00a0 \u00a0evidencia \u00a0 \u00a0as\u00ed, \u00a0 \u00a0 \u00a0 \u00a0que \u00a0 \u00a0 \u00a0 \u00a0ANTONIO \u00a0 \u00a0 \u00a0 \u00a0D\u00cdAZ \u00a0 \u00a0 \u00a0 \u00a0LANS, \u00a0aprehendido \u00a0y\u00a0 \u00a0 \u00a0 \u00a0 \u00a0 \u00a0 \u00a0 \u00a0 \u00a0 privado \u00a0 \u00a0 actualmente \u00a0de \u00a0la \u00a0libertad \u00a0con \u00a0fines \u00a0de \u00a0extradici\u00f3n, \u00a0es el \u00a0 \u00a0 \u00a0 \u00a0 \u00a0 mismo \u00a0 que \u00a0 reclama \u00a0 en \u00a0 tal \u00a0 \u00a0 condici\u00f3n \u00a0 \u00a0 el Gobierno de los Estados Unidos de Norteam\u00e9rica. \u00a0\u00a0<\/p>\n<p>4. Principio \u00a0de la doble incriminaci\u00f3n \u00a0\u00a0<\/p>\n<p>Establece \u00a0el \u00a0numeral 1\u00b0 del art\u00edculo \u00a0493 \u00a0del \u00a0C\u00f3digo \u00a0de \u00a0Procedimiento Penal, Ley 906 de 2004, que para conceder u \u00a0ofrecer \u00a0la \u00a0extradici\u00f3n \u00a0se requiere que el hecho que la motive tambi\u00e9n est\u00e9 \u00a0previsto \u00a0en Colombia como delito y sea reprimido \u00a0con una sanci\u00f3n privativa de la libertad cuyo m\u00ednimo \u00a0no sea inferior a cuatro (4) a\u00f1os. \u00a0\u00a0<\/p>\n<p>Dicho \u00a0presupuesto \u00a0se \u00a0cumple frente al \u00a0ciudadano \u00a0colombiano ANTONIO D\u00cdAZ LANS, \u00a0en \u00a0relaci\u00f3n \u00a0con \u00a0los \u00a0cargos \u00a0por los que es requerido, por \u00a0cuanto \u00a0incluye \u00a0el \u00a0equivalente \u00a0en \u00a0Colombia \u00a0a \u00a0los \u00a0delitos \u00a0de concierto \u00a0para \u00a0delinquir con fines \u00a0de \u00a0 \u00a0 \u00a0narcotr\u00e1fico, \u00a0 \u00a0 \u00a0y \u00a0 \u00a0 \u00a0tr\u00e1fico, \u00a0 fabricaci\u00f3n \u00a0 o \u00a0 porte \u00a0 de \u00a0estupefacientes.\u00a0 \u00a0\u00a0<\/p>\n<p>En la Acusaci\u00f3n formal No. 09-20505-CR-MIDDLEBROOKS\/GARBER \u00a0de \u00a012 de junio de 2009, dictada \u00a0en \u00a0 la \u00a0Corte \u00a0Distrital \u00a0de \u00a0los \u00a0Estados \u00a0Unidos \u00a0para \u00a0el \u00a0Distrito \u00a0Sur \u00a0de \u00a0Florida, \u00a0se atribuyen \u00a0al requerido los siguientes cargos: \u00a0\u00a0<\/p>\n<p>\u201cACUSACI\u00d3N\u00a0 FORMAL \u00a0\u00a0<\/p>\n<p>El \u00a0 \u00a0Gran \u00a0 \u00a0Jurado \u00a0 \u00a0ha formulado cargos que: \u00a0\u00a0<\/p>\n<p>CARGO 1 \u00a0<\/p>\n<p>Comenzando \u00a0en \u00a01998 \u00a0o alrededor de esa \u00a0fecha, \u00a0la \u00a0fecha exacta es desconocida al Gran Jurado, y continuando hasta el 7 \u00a0de \u00a0noviembre \u00a0de \u00a02008 \u00a0o \u00a0alrededor \u00a0de \u00a0esa \u00a0fecha, \u00a0en el pa\u00eds de Colombia, \u00a0Suram\u00e9rica y otros lugares, los acusados, \u00a0\u00a0<\/p>\n<p>(\u2026) \u00a0<\/p>\n<p>ANTONIO \u00a0D\u00cdAZ-LANS,\u00a0 \u00a0\u00a0<\/p>\n<p>Alias \u00a0 \u00a0 \u00a0\u201cLepa\u201d,\u00a0 \u00a0\u00a0<\/p>\n<p>(\u2026) \u00a0<\/p>\n<p>a \u00a0 sabiendas \u00a0e \u00a0intencionalmente \u00a0se \u00a0asociaron, \u00a0 \u00a0 \u00a0 \u00a0 \u00a0 \u00a0 \u00a0 conspiraron, \u00a0 \u00a0confabularon \u00a0 \u00a0y \u00a0acordaron \u00a0entre s\u00ed y con otras personas conocidas \u00a0y \u00a0desconocidas \u00a0al Gran \u00a0Jurado, \u00a0para distribuir una sustancia controlada de \u00a0la \u00a0Lista \u00a0II, \u00a0a \u00a0sabiendas \u00a0de \u00a0que \u00a0tal sustancia controlada ser\u00eda importada \u00a0ilegalmente \u00a0 \u00a0a \u00a0 \u00a0los \u00a0 \u00a0Estados \u00a0 \u00a0Unidos, \u00a0 en \u00a0contravenci\u00f3n \u00a0del \u00a0T\u00edtulo \u00a021 del C\u00f3digo de los \u00a0Estados \u00a0Unidos, \u00a0Secci\u00f3n 959 (a) (2); todo ello en contravenci\u00f3n del \u00a0T\u00edtulo \u00a021 \u00a0del C\u00f3digo de los Estados Unidos, Secci\u00f3n 963. \u00a0\u00a0<\/p>\n<p>De \u00a0conformidad \u00a0con \u00a0el \u00a0T\u00edtulo 21 del \u00a0C\u00f3digo \u00a0de los Estados Unidos, Secci\u00f3n 960 (b) (1) (B), adem\u00e1s se declara que \u00a0en \u00a0dicha \u00a0contravenci\u00f3n \u00a0hubo \u00a0cinco \u00a0(5) \u00a0kilogramos \u00a0o \u00a0m\u00e1s de una mezcla y \u00a0substancia \u00a0 \u00a0que \u00a0 \u00a0conten\u00eda \u00a0 una \u00a0 cantidad \u00a0 detectable \u00a0 de \u00a0 coca\u00edna. \u00a0\u00a0<\/p>\n<p>CARGO 2 \u00a0<\/p>\n<p>El2 \u00a0de marzo de 2007 o alrededor de esa \u00a0fecha, en el pa\u00eds de Colombia, Suram\u00e9rica y en otros lugares, \u00a0\u00a0<\/p>\n<p>(\u2026) \u00a0<\/p>\n<p>ANTONIO D\u00cdAZ-LANS, \u00a0<\/p>\n<p>Alias \u201cLepa\u201d, \u00a0<\/p>\n<p>(\u2026) \u00a0<\/p>\n<p>A sabiendas e intencionalmente intentaron \u00a0distribuir \u00a0 una \u00a0 substancia \u00a0 controlda \u00a0 en \u00a0 la \u00a0 Lista \u00a0 II, \u00a0 a \u00a0sabiendas \u00a0de que tal substancia \u00a0ser\u00eda \u00a0importada il\u00edcitamente a los Estados Unidos, en \u00a0contravenci\u00f3n \u00a0 del \u00a0 T\u00edtulo \u00a0 21, \u00a0C\u00f3digo \u00a0 \u00a0 \u00a0de \u00a0 \u00a0 \u00a0los \u00a0 \u00a0 Estados \u00a0 \u00a0 Unidos, \u00a0 \u00a0 Secci\u00f3n \u00a0959 \u00a0(a) \u00a0(2);todo ello en \u00a0contravenci\u00f3n \u00a0del\u00a0 T\u00edtulo 21 del C\u00f3digo de \u00a0los \u00a0Estados \u00a0Unidos, \u00a0Secci\u00f3n 963 y el T\u00edtulo 18 \u00a0del \u00a0C\u00f3digo \u00a0de \u00a0los \u00a0Estados \u00a0Unidos, \u00a0Secci\u00f3n2. \u00a0\u00a0<\/p>\n<p>De \u00a0conformidad \u00a0con \u00a0el \u00a0T\u00edtulo 21 del \u00a0C\u00f3digo \u00a0de los Estados Unidos, Secci\u00f3n 960 (b) (1) (B), adem\u00e1s se declara que \u00a0en \u00a0dicha \u00a0contravenci\u00f3n \u00a0hubo \u00a0cinco \u00a0(5) \u00a0kilogramos \u00a0o \u00a0m\u00e1s de una mezcla y \u00a0substancia que conten\u00eda una cantidad detectable de coca\u00edna. \u00a0\u00a0<\/p>\n<p>CARGO 3 \u00a0<\/p>\n<p>El \u00a02 \u00a0de octubre de 2007 o alrededor de \u00a0esa \u00a0fecha, \u00a0en \u00a0el \u00a0pa\u00eds \u00a0de \u00a0Colombia, \u00a0Suram\u00e9rica \u00a0y \u00a0en otros lugares, los \u00a0acusados, \u00a0\u00a0<\/p>\n<p>(\u2026) \u00a0<\/p>\n<p>ANTONIO D\u00cdAZ-LANS \u00a0<\/p>\n<p>Alias \u201cLepa\u201d, \u00a0<\/p>\n<p>a sabiendas e intencionalmente intentaron \u00a0distribuir \u00a0una \u00a0substancia \u00a0controlada \u00a0de \u00a0la Lista II, a sabiendas de que tal \u00a0substancia \u00a0ser\u00eda importada ilegalmente a los Estados Unidos, en contravenci\u00f3n \u00a0del \u00a0T\u00edtulo \u00a021 \u00a0del \u00a0C\u00f3digo de los Estados Unidos, Secci\u00f3n 959 (a) (2); todo \u00a0ello \u00a0 en \u00a0 contravenci\u00f3n \u00a0 del \u00a0 T\u00edtulo \u00a0 21 \u00a0 del \u00a0C\u00f3digo \u00a0de \u00a0los \u00a0Estados \u00a0Unidos, Secci\u00f3n 963 y el T\u00edtulo 18 del C\u00f3digo de \u00a0los Estados Unidos, Secci\u00f3n 2. \u00a0\u00a0<\/p>\n<p>De \u00a0conformidad \u00a0con \u00a0el \u00a0T\u00edtulo 21 del \u00a0C\u00f3digo \u00a0 de \u00a0los \u00a0Estados \u00a0Unidos, \u00a0Secci\u00f3n \u00a0960 \u00a0(b) \u00a0(1) \u00a0(B), \u00a0adem\u00e1s \u00a0 se \u00a0declara \u00a0que \u00a0en \u00a0dicha \u00a0contravenci\u00f3n \u00a0hubo \u00a0cinco \u00a0(5) kilogramos \u00a0 \u00a0o \u00a0 \u00a0m\u00e1s \u00a0 \u00a0de \u00a0 una \u00a0 mezcla \u00a0 y \u00a0 substancia \u00a0que conten\u00eda una cantidad \u00a0detectable \u00a0 \u00a0 \u00a0de \u00a0 \u00a0 \u00a0coca\u00edna\u201d. \u00a0 \u00a0 \u00a0 \u00a0 \u00a0 (SIC). \u00a0\u00a0<\/p>\n<p>Las \u00a0conductas \u00a0delictivas \u00a0imputadas \u00a0 \u00a0 \u00a0al \u00a0 \u00a0 \u00a0requerido \u00a0 \u00a0 \u00a0D\u00cdAZ \u00a0 \u00a0 \u00a0LANS, \u00a0 \u00a0 \u00a0 \u00a0 \u00a0 \u00a0tambi\u00e9n \u00a0 se \u00a0 encuentran \u00a0 tipificadas \u00a0 en \u00a0el \u00a0C\u00f3digo \u00a0Penal \u00a0colombiano \u00a0(Ley \u00a0599 \u00a0de \u00a02000), \u00a0pues \u00a0en \u00a0primer \u00a0t\u00e9rmino, \u00a0 \u00a0 el \u00a0 \u00a0injusto \u00a0 \u00a0de \u00a0 \u00a0concierto \u00a0 \u00a0 \u00a0para \u00a0 \u00a0 delinquir \u00a0est\u00e1 \u00a0previsto \u00a0en el \u00a0art\u00edculo \u00a0340, modificado por los art\u00edculos 8\u00ba de \u00a0la \u00a0Ley \u00a0733 de 2002, 14 de la Ley 890 de 2004 y 19 de la Ley 1121 de 2006, cuyo \u00a0texto es el siguiente: \u00a0\u00a0<\/p>\n<p>\u201cConcierto \u00a0para \u00a0 delinquir. \u00a0 Cuando \u00a0 varias \u00a0 personas \u00a0se \u00a0concierten \u00a0con \u00a0el \u00a0fin de cometer delitos, cada una de ellas ser\u00e1 penada, por \u00a0esa sola conducta, con prisi\u00f3n de cuatro (4) a nueve (9) a\u00f1os. \u00a0\u00a0<\/p>\n<p>Cuando \u00a0el \u00a0concierto \u00a0sea \u00a0para cometer \u00a0delitos \u00a0 de\u2026 \u00a0tr\u00e1fico \u00a0de \u00a0drogas \u00a0t\u00f3xicas, \u00a0estupefacientes \u00a0o \u00a0sustancias \u00a0sicotr\u00f3picas\u2026 \u00a0la \u00a0pena \u00a0ser\u00e1 \u00a0de \u00a0prisi\u00f3n \u00a0de ocho (8) a dieciocho (18) a\u00f1os y multa de dos mil \u00a0setecientos \u00a0(2.700) \u00a0hasta \u00a0treinta \u00a0mil \u00a0(30.000) \u00a0salarios \u00a0m\u00ednimos \u00a0legales \u00a0mensuales\u201d. \u00a0\u00a0<\/p>\n<p>De \u00a0igual \u00a0manera, \u00a0el art\u00edculo 376 del \u00a0C\u00f3digo \u00a0Penal, \u00a0Ley \u00a0599 de 2000, modificado por el \u00a0art\u00edculo \u00a014 \u00a0de \u00a0la \u00a0Ley \u00a0890 \u00a0de \u00a02004, \u00a0prev\u00e9 y \u00a0sanciona \u00a0el \u00a0tr\u00e1fico, \u00a0fabricaci\u00f3n \u00a0o \u00a0porte \u00a0de \u00a0estupefacientes, as\u00ed: \u00a0\u00a0<\/p>\n<p>\u201cTr\u00e1fico, \u00a0fabricaci\u00f3n \u00a0o porte de estupefacientes. El que sin \u00a0permiso \u00a0de \u00a0autoridad \u00a0competente, \u00a0salvo \u00a0lo \u00a0dispuesto \u00a0sobre \u00a0dosis para uso \u00a0personal, \u00a0 introduzca \u00a0al \u00a0pa\u00eds, \u00a0as\u00ed \u00a0sea \u00a0en \u00a0tr\u00e1nsito \u00a0o \u00a0saque \u00a0de \u00a0\u00e9l, \u00a0transporte, \u00a0 lleve \u00a0 consigo, \u00a0almacene, \u00a0conserve, \u00a0elabore, \u00a0venda, \u00a0ofrezca, \u00a0adquiera, \u00a0 financie \u00a0o \u00a0suministre \u00a0a \u00a0cualquier \u00a0t\u00edtulo \u00a0droga \u00a0que \u00a0produzca \u00a0dependencia \u00a0 incurrir\u00e1 \u00a0 en \u00a0prisi\u00f3n \u00a0de \u00a0ciento \u00a0veintiocho \u00a0(128) \u00a0a \u00a0trescientos sesenta (360) meses y multa de mil trescientos \u00a0treinta \u00a0 \u00a0y \u00a0 \u00a0tres \u00a0 \u00a0punto \u00a0 treinta \u00a0 y \u00a0 tres \u00a0(1.333.33) \u00a0 a \u00a0cincuenta \u00a0mil \u00a0(50.000) \u00a0salarios \u00a0m\u00ednimos legales mensuales\u201d. \u00a0\u00a0<\/p>\n<p>En \u00a0 \u00a0 consecuencia, \u00a0al confrontar las normas invocadas por el Estado requirente con \u00a0las \u00a0disposiciones \u00a0nacionales, \u00a0surge evidente que \u00a0frente \u00a0a \u00a0estos \u00a0comportamientos \u00a0converge \u00a0la \u00a0condici\u00f3n de ser delictivos en \u00a0Colombia \u00a0y \u00a0estar \u00a0sancionados con prisi\u00f3n no menor de cuatro a\u00f1os, por tanto \u00a0se cumple de este modo el principio de la doble incriminaci\u00f3n. \u00a0\u00a0<\/p>\n<p>Ahora, \u00a0 \u00a0 \u00a0 \u00a0respecto \u00a0del \u00a0decomiso \u00a0planteado \u00a0en \u00a0la \u00a0acusaci\u00f3n \u00a009-20505-CR-MIDDLEBROOKS\/GARBER \u00a0a \u00a0favor \u00a0 de \u00a0 los \u00a0Estados \u00a0Unidos, \u00a0el \u00a0cual \u00a0busca \u00a0confiscar \u00a0todos \u00a0los \u00a0bienes \u00a0que \u00a0se \u00a0hayan \u00a0derivado \u00a0de \u00a0ingresos \u00a0obtenidos \u00a0como \u00a0resultado de la \u00a0comisi\u00f3n \u00a0 de \u00a0 los \u00a0 anteriores \u00a0delitos; \u00a0y \u00a0que \u00a0si \u00a0dichos \u00a0bienes \u00a0no \u00a0estuvieren disponibles, las \u00a0normas \u00a0citadas \u00a0permiten \u00a0que \u00a0otros \u00a0bienes \u00a0del \u00a0acusado sean decomisados, es \u00a0preciso \u00a0se\u00f1alar \u00a0que \u00a0esta menci\u00f3n no puede ser entendida en estricto sentido \u00a0como un cargo. \u00a0\u00a0<\/p>\n<p>En \u00a0efecto, \u00a0como \u00a0lo \u00a0ha expresado esta \u00a0Corporaci\u00f3n \u00a0respecto \u00a0de \u00a0situaciones semejantes2, \u00a0 al \u00a0 precisar \u00a0que, \u00a0el \u00a0se\u00f1alamiento \u00a0de \u00a0la pena de decomiso no comporta imputaci\u00f3n alguna; a lo sumo \u00a0es \u00a0 el \u00a0 anuncio \u00a0 de \u00a0la \u00a0consecuencia \u00a0patrimonial \u00a0que \u00a0la \u00a0declaratoria \u00a0de \u00a0responsabilidad \u00a0acarrea \u00a0respecto \u00a0de los bienes involucrados en los delitos de \u00a0cuya \u00a0 comisi\u00f3n \u00a0 se \u00a0 acusa \u00a0al \u00a0requerido, \u00a0tema \u00a0ajeno \u00a0a \u00a0la \u00a0solicitud \u00a0de \u00a0extradici\u00f3n, \u00a0raz\u00f3n \u00a0por \u00a0la \u00a0cual \u00a0no \u00a0se encuentra comprendido dentro de los \u00a0aspectos que deba ocupar el concepto a emitir por la Sala. \u00a0\u00a0<\/p>\n<p>5. \u00a0 Equivalencia \u00a0de \u00a0la \u00a0providencia \u00a0proferida en el extranjero \u00a0\u00a0<\/p>\n<p>Por \u00a0disposici\u00f3n \u00a0del \u00a0numeral \u00a02\u00b0 del \u00a0art\u00edculo \u00a0493 \u00a0del \u00a0C\u00f3digo \u00a0de \u00a0Procedimiento Penal, Ley 906 de 2004, para que \u00a0pueda \u00a0ofrecerse \u00a0o \u00a0concederse \u00a0la \u00a0extradici\u00f3n, \u00a0es \u00a0necesario \u00a0que \u00a0el pa\u00eds \u00a0reclamante \u00a0haya \u00a0proferido \u00a0contra el requerido, resoluci\u00f3n de acusaci\u00f3n o su \u00a0equivalente. \u00a0\u00a0<\/p>\n<p>Es \u00a0pertinente \u00a0se\u00f1alar \u00a0que \u00a0 no \u00a0 se \u00a0 trata \u00a0 de \u00a0 establecer \u00a0 identidad \u00a0entre \u00a0ambas \u00a0actuaciones3, \u00a0 pues \u00a0 lo \u00a0 relevante \u00a0 es \u00a0 determinar \u00a0si \u00a0la \u00a0decisi\u00f3n \u00a0 ofrecida \u00a0 da \u00a0paso \u00a0al \u00a0juicio, \u00a0 \u00a0 posibilitando \u00a0 \u00a0 la \u00a0 \u00a0controversia \u00a0probatoria.\u00a0 \u00a0Adem\u00e1s, \u00a0se \u00a0debe \u00a0constatar \u00a0si \u00a0brinda un relato \u00a0sucinto \u00a0del \u00a0comportamiento imputado y especifica las circunstancias de lugar y \u00a0tiempo \u00a0e igualmente, expresa con claridad la calificaci\u00f3n jur\u00eddica se\u00f1alando \u00a0los preceptos aplicables. \u00a0\u00a0<\/p>\n<p>Tal exigencia se cumple tambi\u00e9n frente a \u00a0la \u00a0 solicitud \u00a0 de \u00a0 extradici\u00f3n \u00a0 del \u00a0 ciudadano \u00a0 colombiano \u00a0 ANTONIO \u00a0D\u00cdAZ \u00a0LANS, formalizada por \u00a0el \u00a0Gobierno \u00a0de \u00a0los \u00a0Estados \u00a0Unidos de Am\u00e9rica, toda vez que la Acusaci\u00f3n \u00a0 \u00a0 No. \u00a0 \u00a009-20505-CR-MIDDLEBROOKS\/GARBER \u00a0de \u00a012 de junio de 2009, dictada \u00a0en \u00a0 la \u00a0Corte \u00a0Distrital \u00a0de \u00a0los \u00a0Estados \u00a0Unidos \u00a0para \u00a0el \u00a0Distrito \u00a0Sur \u00a0de \u00a0Florida, es equivalente \u00a0al \u00a0 \u00a0 escrito \u00a0 \u00a0 de \u00a0 \u00a0 acusaci\u00f3n \u00a0establecido \u00a0en \u00a0el \u00a0art\u00edculo 337 del C\u00f3digo de Procedimiento \u00a0Penal \u00a0colombiano, Ley \u00a0906 de 2004. \u00a0\u00a0<\/p>\n<p>En \u00a0 \u00a0efecto, \u00a0 \u00a0la \u00a0 \u00a0Acusaci\u00f3n \u00a0 \u00a0 \u00a0 \u00a0 \u00a0 \u00a0 No. \u00a009-20505-CR-MIDDLEBROOKS\/GARBER, \u00a0 \u00a0contiene \u00a0 \u00a0entre \u00a0 \u00a0otros \u00a0 aspectos, \u00a0 los \u00a0 atinentes \u00a0 a \u00a0 la \u00a0individualizaci\u00f3n \u00a0concreta \u00a0del \u00a0acusado; \u00a0un relato resumido de las conductas \u00a0endilgadas \u00a0al requerido; describe las circunstancias de modo, tiempo y lugar en \u00a0que \u00a0fueron \u00a0ejecutadas; \u00a0destaca \u00a0por \u00a0qu\u00e9 \u00a0tales \u00a0hechos \u00a0son \u00a0jur\u00eddicamente \u00a0relevantes \u00a0al realizar la calificaci\u00f3n jur\u00eddica con las disposiciones penales \u00a0sustantivas \u00a0transgredidas; \u00a0comporta \u00a0el inicio de la fase del juicio, en donde \u00a0el \u00a0procesado tiene la oportunidad de defenderse de los cargos a \u00e9l atribuidos, \u00a0y culmina con la sentencia que pone fin al proceso. \u00a0\u00a0<\/p>\n<p>Como \u00a0 los \u00a0anteriores \u00a0elementos \u00a0que \u00a0contiene \u00a0 \u00a0 la \u00a0 \u00a0 Acusaci\u00f3n \u00a0 \u00a0No. 09-20505-CR-MIDDLEBROOKS\/GARBER, \u00a0tambi\u00e9n \u00a0deben \u00a0estar \u00a0reunidos en el escrito \u00a0de acusaci\u00f3n previsto en el \u00a0art\u00edculo \u00a0337 del C\u00f3digo de Procedimiento Penal, Ley 906 de 2004, se afirma la \u00a0equivalencia \u00a0 entre \u00a0 las \u00a0dos \u00a0providencias, \u00a0por \u00a0tanto, \u00a0la \u00a0Sala \u00a0encuentra \u00a0satisfecho este requisito. \u00a0\u00a0<\/p>\n<p>\u00a0 6. Conclusiones \u00a0\u00a0<\/p>\n<p>Los \u00a0anteriores \u00a0razonamientos \u00a0permiten \u00a0concluir \u00a0a \u00a0la \u00a0Sala, de acuerdo con lo manifestado por el Ministerio P\u00fablico, \u00a0que \u00a0est\u00e1n \u00a0dadas las \u00a0exigencias \u00a0legales \u00a0para \u00a0conceptuar \u00a0de \u00a0manera \u00a0favorable \u00a0a \u00a0la solicitud de \u00a0extradici\u00f3n \u00a0formalizada \u00a0por \u00a0el \u00a0Gobierno de los Estados Unidos de Am\u00e9rica a \u00a0trav\u00e9s \u00a0de \u00a0su \u00a0Embajada \u00a0en \u00a0nuestro \u00a0pa\u00eds, respecto del ciudadano colombiano \u00a0ANTONIO D\u00cdAZ LANS, por \u00a0los \u00a0 \u00a0 \u00a0cargos \u00a0 \u00a0 \u00a0atribuidos \u00a0 \u00a0 \u00a0en \u00a0 \u00a0 \u00a0la \u00a0 \u00a0 \u00a0Acusaci\u00f3n \u00a0 \u00a0 No. \u00a0 \u00a0 \u00a0 \u00a0 \u00a0 09-20505-CR-MIDDLEBROOKS\/GARBER \u00a0de \u00a012 de junio de 2009, dictada \u00a0en \u00a0 la \u00a0Corte \u00a0Distrital \u00a0de \u00a0los \u00a0Estados \u00a0Unidos \u00a0para \u00a0el \u00a0Distrito \u00a0Sur \u00a0de \u00a0Florida. \u00a0\u00a0<\/p>\n<p>Por tanto, la Corte considera pertinente \u00a0precisar, \u00a0en orden a garantizar los derechos fundamentales del requerido, si el \u00a0Gobierno \u00a0Nacional \u00a0lo \u00a0considera \u00a0pertinente, \u00a0el \u00a0Estado \u00a0solicitante \u00a0deber\u00e1 \u00a0garantizar \u00a0la \u00a0permanencia en el pa\u00eds extranjero y el retorno al de origen, en \u00a0condiciones \u00a0de \u00a0dignidad \u00a0y \u00a0respeto por la persona humana, cuando el \u00a0 \u00a0 \u00a0 extraditado \u00a0 \u00a0 \u00a0 llegare \u00a0 \u00a0 \u00a0a \u00a0 \u00a0 \u00a0ser \u00a0sobrese\u00eddo, \u00a0absuelto, \u00a0declarado no culpable o \u00a0eventos \u00a0similares, \u00a0incluso \u00a0despu\u00e9s \u00a0de \u00a0su liberaci\u00f3n por haber cumplido la \u00a0pena \u00a0que \u00a0le fuere impuesta en la sentencia de condena, en raz\u00f3n de los cargos \u00a0que \u00a0motivaron \u00a0la solicitud de extradici\u00f3n y por los cuales \u00e9sta hubiere sido \u00a0concedida. \u00a0\u00a0<\/p>\n<p>Del \u00a0mismo modo, atendiendo lo dispuesto \u00a0en \u00a0el \u00a0art\u00edculo \u00a0494 \u00a0del \u00a0C\u00f3digo de Procedimiento Penal, Ley 906 de 2004, se \u00a0advertir\u00e1 \u00a0que \u00a0el \u00a0Gobierno \u00a0Nacional \u00a0puede \u00a0subordinar \u00a0la \u00a0concesi\u00f3n de la \u00a0extradici\u00f3n \u00a0a las condiciones que considere oportunas, as\u00ed como exigir que el \u00a0solicitado \u00a0 \u00a0 no \u00a0 \u00a0 sea \u00a0 \u00a0 juzgado \u00a0 por \u00a0 hechos \u00a0 anteriores \u00a0 diversos \u00a0 de \u00a0los \u00a0que \u00a0motivaron \u00a0el \u00a0 \u00a0pedido \u00a0 \u00a0de \u00a0extradici\u00f3n; \u00a0ni \u00a0sometido \u00a0a \u00a0sanciones \u00a0distintas \u00a0de \u00a0las que se le hubieren \u00a0impuesto \u00a0en \u00a0la \u00a0eventual \u00a0condena; \u00a0ni \u00a0a penas de muerte, destierro, prisi\u00f3n \u00a0perpetua \u00a0o \u00a0confiscaci\u00f3n; \u00a0ni desaparici\u00f3n forzada, torturas, tratos crueles, \u00a0inhumanos \u00a0o \u00a0degradantes, \u00a0por \u00a0el \u00a0pa\u00eds \u00a0solicitante, \u00a0de \u00a0conformidad con lo \u00a0dispuesto \u00a0por \u00a0los \u00a0art\u00edculos \u00a011, \u00a012 \u00a0y \u00a034 de la Constituci\u00f3n Pol\u00edtica de \u00a0Colombia; \u00a0y como lo sugiere la Procuradur\u00eda General de la Naci\u00f3n a trav\u00e9s de \u00a0su Delegado. \u00a0\u00a0<\/p>\n<p>As\u00ed \u00a0 \u00a0 mismo, \u00a0 \u00a0 podr\u00e1 \u00a0condicionar \u00a0la \u00a0entrega \u00a0de \u00a0ANTONIO \u00a0D\u00cdAZ \u00a0LANS, a \u00a0que \u00a0 \u00a0 se \u00a0 \u00a0 le \u00a0 \u00a0 respeten \u00a0 \u00a0\u2013como \u00a0a \u00a0cualquier otro nacional en las mismas condiciones- todas \u00a0las \u00a0garant\u00edas \u00a0debidas \u00a0a \u00a0su \u00a0condici\u00f3n \u00a0de justiciable, en particular a que \u00a0tenga \u00a0acceso \u00a0a \u00a0un \u00a0proceso \u00a0p\u00fablico \u00a0sin dilaciones injustificadas, a que se \u00a0presuma \u00a0su \u00a0inocencia, a que cuente con un int\u00e9rprete, a que tenga un defensor \u00a0designado \u00a0por \u00a0\u00e9l \u00a0o por el Estado, a que se le conceda el tiempo y los medios \u00a0adecuados \u00a0para \u00a0que \u00a0prepare la defensa, a presentar pruebas y controvertir las \u00a0que \u00a0se \u00a0aduzcan \u00a0en contra, a que su situaci\u00f3n de privaci\u00f3n de la libertad se \u00a0desarrolle \u00a0en \u00a0condiciones \u00a0dignas, a que la eventual pena que se le imponga no \u00a0trascienda \u00a0 de \u00a0 su \u00a0 persona, \u00a0 a \u00a0 que \u00a0 la \u00a0sentencia \u00a0pueda \u00a0ser apelada ante un tribunal superior, \u00a0a \u00a0que la pena privativa de la libertad tenga la finalidad esencial de reforma y \u00a0readaptaci\u00f3n \u00a0social \u00a0(Art\u00edculos \u00a029 \u00a0de \u00a0la \u00a0Constituci\u00f3n; \u00a09 \u00a0y \u00a010 \u00a0de \u00a0la \u00a0Declaraci\u00f3n \u00a0 Universal \u00a0 de \u00a0 los \u00a0 Derechos \u00a0 Humanos; \u00a05-3.6, \u00a07-2.5, \u00a08-1.2 \u00a0(a)(b)(c)(d)(e)(f)(g)(h).3.4.5, \u00a09 \u00a0de \u00a0la \u00a0Convenci\u00f3n \u00a0Americana \u00a0de \u00a0Derechos \u00a0Humanos; \u00a09-2.3, \u00a010-1.2.3, 14-1.2.3,5, y 15 del Pacto Internacional de Derechos \u00a0Civiles y Pol\u00edticos). \u00a0\u00a0<\/p>\n<p>Igualmente, \u00a0el \u00a0Gobierno \u00a0podr\u00e1 \u00a0condicionar la entrega a que \u00a0el \u00a0pa\u00eds \u00a0solicitante, \u00a0conforme a sus pol\u00edticas internas sobre la materia, le \u00a0ofrezca \u00a0posibilidades \u00a0racionales \u00a0y reales para que el extraditado pueda tener \u00a0contacto \u00a0regular \u00a0con \u00a0sus \u00a0familiares \u00a0m\u00e1s \u00a0cercanos, \u00a0habida \u00a0cuenta \u00a0que la \u00a0Constituci\u00f3n \u00a0de \u00a01991, \u00a0en su art\u00edculo 42, reconoce a la familia como n\u00facleo \u00a0esencial \u00a0de la sociedad, garantiza su protecci\u00f3n y reconoce su honra, dignidad \u00a0e \u00a0intimidad, lo cual se refuerza con la protecci\u00f3n adicional que a ese n\u00facleo \u00a0le \u00a0otorgan \u00a0la Convenci\u00f3n Americana sobre Derechos Humanos (art\u00edculo 17) y el \u00a0Pacto \u00a0 \u00a0Internacional \u00a0 \u00a0de \u00a0 \u00a0Derechos \u00a0 Civiles \u00a0 y \u00a0 Pol\u00edticos \u00a0 (art\u00edculo \u00a023). \u00a0\u00a0<\/p>\n<p>Adem\u00e1s, la Sala se\u00f1ala que en virtud de \u00a0lo \u00a0dispuesto \u00a0por \u00a0el \u00a0numeral \u00a02\u00ba \u00a0del \u00a0art\u00edculo \u00a0189 \u00a0de \u00a0la \u00a0Constituci\u00f3n \u00a0Pol\u00edtica, \u00a0corresponde \u00a0al \u00a0se\u00f1or \u00a0Presidente \u00a0de \u00a0la \u00a0Rep\u00fablica como supremo \u00a0director \u00a0de la pol\u00edtica exterior y de las relaciones internacionales, realizar \u00a0el \u00a0respectivo \u00a0seguimiento \u00a0a \u00a0los \u00a0condicionamientos \u00a0que \u00a0se \u00a0impongan \u00a0a \u00a0la \u00a0concesi\u00f3n \u00a0de la extradici\u00f3n y determinar las consecuencias que se derivar\u00edan \u00a0de su eventual incumplimiento. \u00a0\u00a0<\/p>\n<p>Cabe \u00a0 subrayar \u00a0 que \u00a0 ANTONIO \u00a0D\u00cdAZ \u00a0LANS, \u00a0se \u00a0encuentra \u00a0privado \u00a0de \u00a0la libertad para los efectos del tr\u00e1mite de extradici\u00f3n, desde el \u00a0veintis\u00e9is \u00a0 \u00a0 \u00a0 \u00a0 \u00a0 \u00a0 \u00a0 (26) de \u00a0octubre \u00a0de \u00a0dos \u00a0mil \u00a0nueve \u00a0(2009), \u00a0lapso que podr\u00e1 tenerse como parte \u00a0de \u00a0 la \u00a0pena, \u00a0si \u00a0llegare \u00a0a \u00a0imponerse \u00a0en \u00a0el \u00a0pa\u00eds \u00a0requirente. \u00a0\u00a0<\/p>\n<p>Por \u00a0lo \u00a0expuesto, \u00a0la Sala de Casaci\u00f3n \u00a0Penal \u00a0de \u00a0la \u00a0Corte Suprema de Justicia, CONCEPT\u00daA \u00a0FAVORABLEMENTE \u00a0a \u00a0la \u00a0extradici\u00f3n de ANTONIO \u00a0D\u00cdAZ \u00a0LANS, de anotaciones \u00a0conocidas \u00a0en \u00a0el \u00a0curso del proceso, por los cargos atribuidos en la Acusaci\u00f3n \u00a0No. \u00a0 09-20505-CR-MIDDLEBROOKS\/GARBER \u00a0de \u00a012 de junio de 2009, dictada \u00a0en \u00a0 la \u00a0Corte \u00a0Distrital \u00a0de \u00a0los \u00a0Estados \u00a0Unidos \u00a0para \u00a0el \u00a0Distrito \u00a0Sur \u00a0de \u00a0Florida. \u00a0\u00a0<\/p>\n<p>Comun\u00edquese \u00a0esta \u00a0determinaci\u00f3n \u00a0al \u00a0requerido, \u00a0 ANTONIO \u00a0D\u00cdAZ \u00a0 LANS, \u00a0 a \u00a0su \u00a0defensor, \u00a0al \u00a0Ministerio P\u00fablico y al Fiscal General de la Naci\u00f3n, para lo de \u00a0su cargo. \u00a0\u00a0<\/p>\n<p>Devu\u00e9lvase \u00a0el expediente al Ministerio \u00a0del Interior y de Justicia para lo de su competencia. \u00a0\u00a0<\/p>\n<p>MAR\u00cdA \u00a0 DEL \u00a0 ROSARIO \u00a0 GONZ\u00c1LEZ \u00a0DE \u00a0LEMOS \u00a0\u00a0<\/p>\n<p>JOS\u00c9 \u00a0 \u00a0 \u00a0 LEONIDAS BUSTOS \u00a0MART\u00cdNEZ\u00a0\u00a0\u00a0\u00a0\u00a0\u00a0\u00a0\u00a0 \u00a0 \u00a0\u00a0 \u00a0 \u00a0 \u00a0 \u00a0 \u00a0 \u00a0 \u00a0 \u00a0 \u00a0\u00a0 \u00a0 \u00a0 \u00a0 \u00a0 \u00a0 \u00a0SIGIFREDO ESPINOSA P\u00c9REZ \u00a0\u00a0<\/p>\n<p>\u00a0\u00a0\u00a0\u00a0\u00a0\u00a0\u00a0\u00a0\u00a0\u00a0\u00a0\u00a0 \u00a0Excusa justificada \u00a0\u00a0<\/p>\n<p>ALFREDO \u00a0 \u00a0 \u00a0 \u00a0 \u00a0G\u00d3MEZ \u00a0QUINTERO\u00a0\u00a0\u00a0\u00a0\u00a0\u00a0\u00a0\u00a0 \u00a0 \u00a0 \u00a0\u00a0 \u00a0 \u00a0 \u00a0 \u00a0\u00a0 \u00a0 \u00a0 \u00a0 \u00a0 \u00a0 \u00a0 \u00a0 \u00a0 \u00a0\u00a0 \u00a0\u00a0AUGUSTO \u00a0 J. \u00a0 IB\u00c1\u00d1EZ \u00a0 GUZM\u00c1N \u00a0 \u00a0 \u00a0 \u00a0\u00a0 \u00a0 \u00a0\u00a0 \u00a0 \u00a0 \u00a0\u00a0 \u00a0\u00a0<\/p>\n<p>JORGE \u00a0 LUIS \u00a0QUINTERO \u00a0MILAN\u00c9S\u00a0 \u00a0 \u00a0 \u00a0\u00a0 \u00a0 \u00a0 \u00a0 \u00a0 \u00a0 \u00a0 \u00a0\u00a0 \u00a0\u00a0 \u00a0 \u00a0 \u00a0 \u00a0\u00a0 \u00a0 \u00a0 \u00a0 \u00a0 \u00a0 \u00a0 \u00a0 \u00a0 \u00a0\u00a0 \u00a0\u00a0YESID \u00a0 \u00a0RAM\u00cdREZ \u00a0 BASTIDAS \u00a0 \u00a0 \u00a0 \u00a0\u00a0 \u00a0 \u00a0 \u00a0 \u00a0\u00a0 \u00a0 \u00a0 \u00a0\u00a0<\/p>\n<p>JULIO ENRIQUE SOCHA SALAMANCA \u00a0 \u00a0 \u00a0 \u00a0 \u00a0 \u00a0 \u00a0 \u00a0 \u00a0 \u00a0 \u00a0\u00a0 \u00a0 \u00a0 \u00a0 \u00a0 \u00a0 \u00a0 \u00a0 \u00a0 \u00a0 \u00a0\u00a0 \u00a0 \u00a0 \u00a0 \u00a0 \u00a0 \u00a0 \u00a0 \u00a0 \u00a0 \u00a0 \u00a0 \u00a0\u00a0\u00a0\u00a0\u00a0 \u00a0 \u00a0JAVIER \u00a0ZAPATA ORTIZ \u00a0\u00a0<\/p>\n<p>TERESA \u00a0 \u00a0 RUIZ \u00a0 \u00a0 N\u00da\u00d1EZ \u00a0\u00a0<\/p>\n<p>Secretaria \u00a0<\/p>\n<p>\u00a0 \u00a0\u00a0<\/p>\n<p>1 En \u00a0el \u00a0presente \u00a0caso \u00a0se \u00a0aplica \u00a0la \u00a0Ley \u00a0906 \u00a0de \u00a02004 por cuanto los hechos que \u00a0sustentan \u00a0la petici\u00f3n de extradici\u00f3n ocurrieron despu\u00e9s del primero de enero \u00a0de \u00a02005, \u00a0fecha en la cual entr\u00f3 en vigencia el nuevo C\u00f3digo de Procedimiento \u00a0Penal. \u00a0En \u00a0este \u00a0sentido, \u00a0ver \u00a0autos \u00a0del \u00a04 \u00a0de abril y 3 de octubre de 2006, \u00a0radicados 24187 y 25080, respectivamente, entre otros.\u00a0 \u00a0\u00a0<\/p>\n<p>2 \u00a0Conceptos \u00a0del \u00a03 \u00a0de \u00a0mayo de 2007 y 16 de diciembre de 2008, radicados 26756 y \u00a030626, respectivamente. \u00a0\u00a0<\/p>\n<p>3 \u00a0Concepto \u00a0del \u00a011 \u00a0de febrero de 2004, radicado \u00a0 \u00a0 \u00a0 20292, \u00a0 \u00a0 \u00a0entre \u00a0otros. \u00a0 \u00a0\u00a0<\/p>\n<p><\/p>\n","protected":false},"excerpt":{"rendered":"<p>\u00a0 \u00a0 \u00a0\u00a0 Proceso n.\u00ba 33351 \u00a0 CORTE SUPREMA DE JUSTICIA \u00a0 SALA DE CASACI\u00d3N PENAL \u00a0 \u00a0 \u00a0\u00a0 \u00a0\u00a0 \u00a0\u00a0 \u00a0\u00a0 \u00a0\u00a0 \u00a0\u00a0 \u00a0\u00a0 \u00a0\u00a0 \u00a0\u00a0 \u00a0 \u00a0 \u00a0\u00a0 Magistrado Ponente: \u00a0 JAVIER ZAPATA ORTIZ \u00a0 Aprobado \u00a0 \u00a0Acta \u00a0 \u00a0No. \u00a0 \u00a0178 \u00a0\u00a0 Bogot\u00e1 \u00a0 \u00a0 D. \u00a0 \u00a0C., \u00a0 \u00a0nueve (9) de [&hellip;]<\/p>\n","protected":false},"author":1,"featured_media":0,"comment_status":"open","ping_status":"open","sticky":false,"template":"","format":"standard","meta":{"footnotes":""},"categories":[18],"tags":[],"class_list":["post-20679","post","type-post","status-publish","format-standard","hentry","category-18"],"_links":{"self":[{"href":"https:\/\/dmsjuridica.com\/buscador_20179478954\/salapenalcronologico20230723\/wp-json\/wp\/v2\/posts\/20679","targetHints":{"allow":["GET"]}}],"collection":[{"href":"https:\/\/dmsjuridica.com\/buscador_20179478954\/salapenalcronologico20230723\/wp-json\/wp\/v2\/posts"}],"about":[{"href":"https:\/\/dmsjuridica.com\/buscador_20179478954\/salapenalcronologico20230723\/wp-json\/wp\/v2\/types\/post"}],"author":[{"embeddable":true,"href":"https:\/\/dmsjuridica.com\/buscador_20179478954\/salapenalcronologico20230723\/wp-json\/wp\/v2\/users\/1"}],"replies":[{"embeddable":true,"href":"https:\/\/dmsjuridica.com\/buscador_20179478954\/salapenalcronologico20230723\/wp-json\/wp\/v2\/comments?post=20679"}],"version-history":[{"count":0,"href":"https:\/\/dmsjuridica.com\/buscador_20179478954\/salapenalcronologico20230723\/wp-json\/wp\/v2\/posts\/20679\/revisions"}],"wp:attachment":[{"href":"https:\/\/dmsjuridica.com\/buscador_20179478954\/salapenalcronologico20230723\/wp-json\/wp\/v2\/media?parent=20679"}],"wp:term":[{"taxonomy":"category","embeddable":true,"href":"https:\/\/dmsjuridica.com\/buscador_20179478954\/salapenalcronologico20230723\/wp-json\/wp\/v2\/categories?post=20679"},{"taxonomy":"post_tag","embeddable":true,"href":"https:\/\/dmsjuridica.com\/buscador_20179478954\/salapenalcronologico20230723\/wp-json\/wp\/v2\/tags?post=20679"}],"curies":[{"name":"wp","href":"https:\/\/api.w.org\/{rel}","templated":true}]}}