{"id":20604,"date":"2023-09-11T22:54:14","date_gmt":"2023-09-11T22:54:14","guid":{"rendered":"https:\/\/dmsjuridica.com\/buscador_20179478954\/salapenalcronologico20230723\/2023\/09\/11\/3324710-03-10\/"},"modified":"2023-09-11T22:54:14","modified_gmt":"2023-09-11T22:54:14","slug":"3324710-03-10","status":"publish","type":"post","link":"https:\/\/dmsjuridica.com\/buscador_20179478954\/salapenalcronologico20230723\/2023\/09\/11\/3324710-03-10\/","title":{"rendered":"33247(10-03-10)"},"content":{"rendered":"\n<p>\u00a0 \u00a0 \u00a0\u00a0<\/p>\n<p>Proceso n.\u00b0 33247 \u00a0<\/p>\n<p>CORTE SUPREMA DE JUSTICIA \u00a0<\/p>\n<p>SALA DE CASACI\u00d3N PENAL \u00a0<\/p>\n<p>Magistrado Ponente \u00a0<\/p>\n<p>JORGE LUIS QUINTERO MILAN\u00c9S \u00a0<\/p>\n<p>Aprobado acta N\u00ba\u00a0 073 \u00a0<\/p>\n<p>Bogot\u00e1, D. C., diez (10) de marzo de dos mil \u00a0diez (2010) \u00a0\u00a0<\/p>\n<p>V I S T O S \u00a0<\/p>\n<p>Procede \u00a0la \u00a0Corte \u00a0a \u00a0conceptuar \u00a0sobre \u00a0la \u00a0solicitud \u00a0 \u00a0de \u00a0 \u00a0extradici\u00f3n \u00a0 \u00a0del \u00a0 \u00a0ciudadano \u00a0 \u00a0colombiano \u00a0 Baudilio \u00a0Vivero \u00a0C\u00e1rdenas, elevada por el \u00a0Gobierno de los Estados Unidos de Am\u00e9rica. \u00a0\u00a0<\/p>\n<p>L \u00a0A\u00a0\u00a0\u00a0\u00a0 S O L I C I T U \u00a0D \u00a0\u00a0<\/p>\n<p>1.\u00a0 \u00a0 \u00a0Mediante \u00a0 \u00a0oficio \u00a0 n\u00famero \u00a0OFI09-42012-DVJ-0300 \u00a0del \u00a04 \u00a0de diciembre de 2009, el Ministerio del Interior y \u00a0de \u00a0Justicia \u00a0comunic\u00f3 \u00a0a \u00a0esta Sala de la Corte que el Gobierno de los Estados \u00a0Unidos \u00a0de \u00a0Am\u00e9rica, \u00a0por \u00a0conducto \u00a0de su Embajada en Colombia y mediante Nota \u00a0Verbal \u00a0n\u00famero \u00a02939 \u00a0del \u00a027 \u00a0de \u00a0noviembre \u00a0del \u00a0citado \u00a0a\u00f1o, \u00a0solicit\u00f3 \u00a0en \u00a0extradici\u00f3n \u00a0al \u00a0ciudadano \u00a0colombiano Baudilio Vivero \u00a0C\u00e1rdenas, \u00a0capturado el 30 de septiembre anterior, en \u00a0cumplimiento \u00a0de \u00a0la \u00a0resoluci\u00f3n del 2 de junio del mismo a\u00f1o, expedida por el \u00a0Fiscal General de la Naci\u00f3n. \u00a0\u00a0<\/p>\n<p>2.\u00a0 La normatividad que rige al presente \u00a0tr\u00e1mite \u00a0es \u00a0la contemplada en el\u00a0\u00a0 Libro V, Cap\u00edtulo II del C\u00f3digo \u00a0de \u00a0Procedimiento \u00a0Penal, \u00a0en \u00a0la\u00a0 \u00a0medida \u00a0en \u00a0que no existe en el momento \u00a0convenio \u00a0aplicable \u00a0que \u00a0regule el asunto, como as\u00ed lo conceptu\u00f3 la Directora \u00a0de \u00a0Asuntos \u00a0Jur\u00eddicos Internacionales del Ministerio de Relaciones Exteriores, \u00a0seg\u00fan \u00a0oficio \u00a0n\u00famero \u00a0DAJI.E\u00a0 \u00a02688 \u00a0del \u00a030 de noviembre de 2009, quien \u00a0adem\u00e1s \u00a0certific\u00f3 \u00a0que \u00a0la \u00a0documentaci\u00f3n \u00a0del \u00a0expediente \u00a0procedente \u00a0de la \u00a0Embajada \u00a0de \u00a0los \u00a0Estados \u00a0Unidos \u00a0de \u00a0Am\u00e9rica, \u00a0fue \u00a0presentada \u00a0\u201cdebidamente \u00a0 autenticada\u201d. \u00a0\u00a0<\/p>\n<p>3.\u00a0 \u00a0Los \u00a0acontecimientos \u00a0objeto de la \u00a0investigaci\u00f3n \u00a0e \u00a0imputaci\u00f3n \u00a0de los cargos formulados en su contra, motivo de \u00a0la \u00a0solicitud \u00a0de \u00a0extradici\u00f3n, \u00a0fueron \u00a0sintetizados en la Nota Verbal n\u00famero \u00a02939 del 27 de noviembre de 2009 de la siguiente manera: \u00a0\u00a0<\/p>\n<p>\u201cLa \u00a0investigaci\u00f3n \u00a0ha \u00a0revelado \u00a0que \u00a0entre \u00a0septiembre \u00a0de 2005 y febrero de 2009, \u00a0Baudilio \u00a0 Vivero \u00a0 C\u00e1rdenas \u00a0 trabaj\u00f3 \u00a0 como \u00a0transportador \u00a0de \u00a0narc\u00f3ticos, \u00a0utilizando \u00a0embarcaciones pesqueras y lanchas-r\u00e1pidas para transportar coca\u00edna \u00a0desde \u00a0Colombia a otros pa\u00edses, siendo los Estados Unidos el \u00faltimo destino de \u00a0los narc\u00f3ticos. \u00a0\u00a0<\/p>\n<p>\u201cEspec\u00edficamente, \u00a0seg\u00fan \u00a0fuentes \u00a0encubiertas, \u00a0el \u00a0co-acusado \u00a0de \u00a0Vivero \u00a0C\u00e1rdenas, \u00a0Wilson \u00a0Jes\u00fas \u00a0Torres Torres, es un profesor en una escuela \u00a0mar\u00edtima \u00a0en \u00a0Buenaventura, \u00a0Colombia. \u00a0Torres \u00a0Torres recluta en la escuela en \u00a0forma \u00a0activa \u00a0tanto \u00a0a \u00a0capitanes \u00a0de \u00a0embarcaciones \u00a0como a tripulantes con el \u00a0objeto \u00a0de \u00a0asistir \u00a0en \u00a0el \u00a0transporte \u00a0de \u00a0grandes cantidades de coca\u00edna. Las \u00a0fuentes \u00a0han \u00a0hablado \u00a0sobre el negocio del transporte de narc\u00f3ticos con Torres \u00a0Torres, \u00a0as\u00ed \u00a0como \u00a0sobre la participaci\u00f3n de \u00e9l en despachos espec\u00edficos de \u00a0coca\u00edna. \u00a0\u00a0<\/p>\n<p>\u201cUna \u00a0de \u00a0las \u00a0fuentes \u00a0encubiertas \u00a0(CI-1) \u00a0ha \u00a0conocido \u00a0a \u00a0Vivero C\u00e1rdenas por m\u00e1s de tres \u00a0a\u00f1os \u00a0y \u00a0ha \u00a0trabajado \u00a0para \u00a0\u00e9l \u00a0transportando coca\u00edna. Seg\u00fan CI-1 y otros, \u00a0Vivero \u00a0C\u00e1rdenas \u00a0es responsable de coordinar la log\u00edstica de los despachos de \u00a0narc\u00f3ticos \u00a0que \u00a0se \u00a0env\u00edan \u00a0por \u00a0lanchas-r\u00e1pidas \u00a0desde \u00a0Colombia \u00a0a \u00a0varios \u00a0destinos \u00a0en \u00a0Centroam\u00e9rica. \u00a0La \u00a0coca\u00edna tiene como destino final los Estados \u00a0Unidos. \u00a0Vivero \u00a0C\u00e1rdenas \u00a0coordina \u00a0con \u00a0co-asociados \u00a0los \u00a0detalles \u00a0de tales \u00a0despachos \u00a0y, \u00a0algunas \u00a0veces, \u00a0hasta \u00a0ha \u00a0participado \u00a0en cargar y descargar la \u00a0coca\u00edna \u00a0de \u00a0las \u00a0embarcaciones. \u00a0CI-1 se ha reunido personalmente muchas veces \u00a0con \u00a0Vivero \u00a0C\u00e1rdenas para hablar sobre los despachos de coca\u00edna, e igualmente \u00a0ha \u00a0conversado \u00a0con \u00a0Vivero \u00a0C\u00e1rdenas y Torres Torres por tel\u00e9fono para hablar \u00a0del negocio de los narc\u00f3ticos. \u00a0\u00a0<\/p>\n<p>\u201cCI-1 \u00a0 ha \u00a0reportado \u00a0sobre \u00a0el \u00a0contenido \u00a0de \u00a0las \u00a0conversaciones \u00a0con Vivero C\u00e1rdenas y \u00a0Torres \u00a0Torres \u00a0a \u00a0miembros de la Agencia para el Control de las Drogas (DEA), y \u00a0les \u00a0ha \u00a0informado sobre los arreglos relacionados con despachos espec\u00edficos de \u00a0coca\u00edna \u00a0coordinados \u00a0por \u00a0Vivero \u00a0C\u00e1rdenas \u00a0y \u00a0Torres Torres. La informaci\u00f3n \u00a0suministrada \u00a0por \u00a0CI-1 \u00a0dio \u00a0como \u00a0resultado \u00a0las \u00a0incautaciones \u00a0de m\u00faltiples \u00a0cientos \u00a0de \u00a0kilogramos \u00a0y \u00a0de \u00a0toneladas \u00a0de \u00a0coca\u00edna \u00a0por parte de la Guardia \u00a0Costera \u00a0de los Estados Unidos (USCG). Estas incluyen interceptaciones en: 1) 12 \u00a0de \u00a0junio \u00a0de \u00a02006, \u00a0que \u00a0involucr\u00f3 \u00a0la \u00a0incautaci\u00f3n de aproximadamente 2.659 \u00a0kilogramos \u00a0de \u00a0coca\u00edna; \u00a02) \u00a017 \u00a0de \u00a0septiembre \u00a0de \u00a02006, \u00a0que \u00a0involucr\u00f3 la \u00a0incautaci\u00f3n \u00a0de aproximadamente 590 kilogramos de coca\u00edna; 3) 20 de octubre de \u00a02006, \u00a0que \u00a0involucr\u00f3 \u00a0la \u00a0incautaci\u00f3n \u00a0de \u00a0aproximadamente nueve toneladas de \u00a0coca\u00edna; \u00a0y \u00a04) \u00a012 \u00a0de \u00a0enero \u00a0de \u00a02007, \u00a0que \u00a0involucr\u00f3 \u00a0la \u00a0incautaci\u00f3n de \u00a0aproximadamente dos toneladas de coca\u00edna. \u00a0\u00a0<\/p>\n<p>\u201cEl 30 de enero \u00a0de \u00a02009, o aproximadamente en esa fecha, la USCG intercept\u00f3 una lancha-r\u00e1pida \u00a0que \u00a0transportaba \u00a0un \u00a0cargamento \u00a0de coca\u00edna. Vivero C\u00e1rdenas y Torres Torres \u00a0fueron \u00a0encontrados a bordo de la embarcaci\u00f3n junto con otros dos tripulantes y \u00a0detenidos \u00a0por \u00a0la \u00a0USCG. La USCG recuper\u00f3 aproximadamente 71 balas de coca\u00edna \u00a0(m\u00e1s \u00a0de \u00a0una \u00a0tonelada) \u00a0que \u00a0los \u00a0cuatro \u00a0miembros de la tripulaci\u00f3n hab\u00edan \u00a0lanzado \u00a0al agua. Los cuatro co-asociados fueron posteriormente entregados a las \u00a0autoridades colombianas y luego fueron puestos en libertad. \u00a0\u00a0<\/p>\n<p>\u201cLa \u00a0evidencia \u00a0contra \u00a0Vivero C\u00e1rdenas incluye, pero no se limita a, informaci\u00f3n suministrada \u00a0por \u00a0testigos \u00a0que \u00a0cooperan \u00a0en \u00a0el \u00a0caso, grabaciones de llamadas telef\u00f3nicas \u00a0legalmente \u00a0 obtenidas, \u00a0 y \u00a0 evidencia \u00a0 f\u00edsica \u00a0obtenida \u00a0durante \u00a0m\u00faltiples \u00a0incautaciones \u00a0legales \u00a0de \u00a0coca\u00edna \u00a0por \u00a0parte de oficiales de las fuerzas del \u00a0orden tanto de los Estados Unidos como de Colombia. \u00a0\u00a0<\/p>\n<p>\u201cTodas \u00a0 las \u00a0acciones \u00a0adelantadas \u00a0por \u00a0el \u00a0acusado \u00a0en \u00a0este \u00a0caso \u00a0fueron \u00a0realizadas \u00a0con \u00a0posterioridad \u00a0 \u00a0 \u00a0al \u00a0 \u00a0 \u00a017 \u00a0 \u00a0 \u00a0de \u00a0 \u00a0 \u00a0diciembre \u00a0 \u00a0 de \u00a0 \u00a0 1997\u201d. \u00a0\u00a0<\/p>\n<p>4.\u00a0 \u00a0La \u00a0documentaci\u00f3n remitida por el \u00a0Gobierno \u00a0de \u00a0los \u00a0Estados \u00a0Unidos \u00a0de \u00a0Am\u00e9rica \u00a0que \u00a0sustenta \u00a0la solicitud de \u00a0extradici\u00f3n \u00a0del \u00a0ciudadano \u00a0colombiano\u00a0 Baudilio \u00a0Vivero C\u00e1rdenas, es la siguiente: \u00a0\u00a0<\/p>\n<p>4.1. \u00a0Copia \u00a0de \u00a0la \u00a0acusaci\u00f3n \u00a0sustitutiva \u00a0n\u00famero \u00a0CR-08-280 \u00a0(ESH) \u00a0del \u00a024 \u00a0de \u00a0febrero de 2009, por medio de la cual la \u00a0Corte \u00a0Distrital \u00a0de \u00a0los \u00a0Estados \u00a0Unidos, \u00a0Distrito de Columbia, acus\u00f3, entre \u00a0otros, \u00a0 a \u00a0 Baudilio \u00a0Vivero \u00a0C\u00e1rdenas \u00a0del siguiente cargo: \u00a0\u00a0<\/p>\n<p>\u201cCargo \u00a0Uno: \u00a0Concierto \u00a0para \u00a0fabricar, \u00a0distribuir, y poseer con la intenci\u00f3n de fabricar o \u00a0distribuir \u00a0cinco \u00a0kilogramos o m\u00e1s de una sustancia o mezcla que conten\u00eda una \u00a0cantidad \u00a0perceptible \u00a0de \u00a0coca\u00edna, \u00a0mientras \u00a0se \u00a0encontraba \u00a0a \u00a0bordo \u00a0de una \u00a0embarcaci\u00f3n \u00a0sujeta a la jurisdicci\u00f3n de los Estados Unidos, en violaci\u00f3n del \u00a0Titulo \u00a046, \u00a0Secciones \u00a070503 \u00a0y \u00a070506 del C\u00f3digo de los Estados Unidos, y del \u00a0T\u00edtulo 18, Secci\u00f3n 2 del C\u00f3digo de los Estados Unidos. \u00a0\u00a0<\/p>\n<p>\u201cLa \u00a0acusaci\u00f3n \u00a0tambi\u00e9n \u00a0incluye \u00a0la \u00a0pena \u00a0de \u00a0decomiso \u00a0de \u00a0conformidad \u00a0con \u00a0el \u00a0T\u00edtulo 21, \u00a0Secciones \u00a0853 \u00a0y \u00a0970 \u00a0del \u00a0C\u00f3digo \u00a0de \u00a0los \u00a0Estados \u00a0Unidos, la cual busca el \u00a0decomiso \u00a0de \u00a0todos \u00a0los bienes que se hayan derivado de ingresos obtenidos como \u00a0resultado \u00a0de \u00a0la \u00a0comisi\u00f3n \u00a0de \u00a0los \u00a0anteriores \u00a0delitos. \u00a0Si dichos bienes no \u00a0estuvieren \u00a0disponibles, \u00a0las \u00a0normas \u00a0anteriores \u00a0permiten que otros bienes del \u00a0acusado \u00a0 \u00a0 \u00a0sean \u00a0 \u00a0 \u00a0decomisados\u201d. \u00a0\u00a0<\/p>\n<p>4.2.\u00a0 \u00a0Tambi\u00e9n se alleg\u00f3 copia de las \u00a0declaraciones \u00a0juradas \u00a0de Lawrence Schneider, Abogado Litigante de la Divisi\u00f3n \u00a0de \u00a0Asuntos \u00a0Penales \u00a0del \u00a0Departamento \u00a0de Justicia; y de Frank Daniels, Agente \u00a0Especial \u00a0de \u00a0la \u00a0Administraci\u00f3n para el Control de Drogas (DEA) de los Estados \u00a0Unidos,\u00a0 \u00a0 \u00a0las \u00a0 que \u00a0 respaldan \u00a0 la \u00a0 acusaci\u00f3n \u00a0 contra \u00a0 Baudilio Vivero C\u00e1rdenas. \u00a0\u00a0<\/p>\n<p>El \u00a0primer \u00a0funcionario, \u00a0esto \u00a0es, Lawrence \u00a0Schneider, \u00a0incorpora en su declaraci\u00f3n la descripci\u00f3n y vigencia de los tipos \u00a0penales \u00a0imputados \u00a0en el pliego acusatorio, explica el alcance de la acusaci\u00f3n \u00a0y \u00a0realiza \u00a0una \u00a0s\u00edntesis \u00a0de \u00a0los \u00a0hechos, \u00a0de la actuaci\u00f3n procesal y de los \u00a0cargos atribuidos al solicitado en extradici\u00f3n. \u00a0\u00a0<\/p>\n<p>Por \u00a0su \u00a0parte, \u00a0el \u00a0Detective Frank Daniels \u00a0relata, \u00a0 de \u00a0 manera \u00a0pormenorizada,\u00a0 \u00a0los\u00a0 \u00a0hechos\u00a0 \u00a0objeto \u00a0de \u00a0juzgamiento \u00a0ante el citado Tribunal y la participaci\u00f3n en los mismos por parte \u00a0del \u00a0requerido \u00a0en \u00a0extradici\u00f3n, \u00a0respecto \u00a0de quien suministra la informaci\u00f3n \u00a0necesaria sobre su identidad. \u00a0\u00a0<\/p>\n<p>4.3. \u00a0 As\u00ed \u00a0mismo, \u00a0se \u00a0inform\u00f3 \u00a0que \u00a0el \u00a0solicitado, \u00a0Baudilio \u00a0Vivero \u00a0C\u00e1rdenas, \u201ctambi\u00e9n \u00a0conocido \u00a0como \u00a0Don \u00a0Ba, \u00a0es \u00a0ciudadano\u00a0 de\u00a0 Colombia,\u00a0 nacido\u00a0 el \u00a0\u00a0<\/p>\n<p>25 \u00a0de \u00a0noviembre \u00a0de \u00a01959, en Colombia. Es \u00a0portador \u00a0 \u00a0 de \u00a0 \u00a0 la \u00a0 \u00a0c\u00e9dula \u00a0 \u00a0colombiana \u00a0 \u00a0No. \u00a0 \u00a011.895.016\u201d. \u00a0\u00a0<\/p>\n<p>4.4.\u00a0 \u00a0 \u00a0Se\u00a0 \u00a0 \u00a0adjunt\u00f3\u00a0 \u00a0copia\u00a0 \u00a0 del\u00a0 \u00a0 texto\u00a0 \u00a0 de\u00a0 \u00a0las\u00a0 \u00a0disposiciones\u00a0 \u00a0del\u00a0 \u00a0C\u00f3digo\u00a0 \u00a0de los\u00a0 Estados Unidos de Am\u00e9rica que se afirman \u00a0fueron\u00a0 \u00a0 \u00a0infringidas\u00a0 \u00a0 por\u00a0 \u00a0 el\u00a0 \u00a0 solicitado \u00a0 en\u00a0 \u00a0extradici\u00f3n\u00a0 \u00a0y\u00a0 \u00a0que\u00a0 se\u00a0 encontraban\u00a0 vigentes\u00a0 \u00a0para\u00a0 \u00a0 la\u00a0 \u00a0 \u00e9poca\u00a0 \u00a0 de\u00a0 \u00a0 ocurrencia \u00a0 de \u00a0 los \u00a0hechos. \u00a0\u00a0<\/p>\n<p>4.5.\u00a0 \u00a0Por \u00faltimo, se incorpor\u00f3 copia \u00a0de \u00a0la \u00a0orden \u00a0de \u00a0captura \u00a0proferida \u00a0en contra del requerido en extradici\u00f3n y \u00a0dictada \u00a0por \u00a0la \u00a0Corte Distrital de los Estados Unidos de Am\u00e9rica, Distrito de \u00a0Columbia. \u00a0\u00a0<\/p>\n<p>PER\u00cdODO\u00a0\u00a0 PROBATORIO \u00a0<\/p>\n<p>Ninguna de las partes solicit\u00f3 pruebas ni la \u00a0Corte consider\u00f3 procedente decretar de oficio. \u00a0\u00a0<\/p>\n<p>ALEGATO\u00a0 \u00a0DE \u00a0LA\u00a0 \u00a0PROCURADOR\u00cdA \u00a0PRIMERA \u00a0\u00a0<\/p>\n<p>DELEGADA\u00a0 \u00a0 \u00a0PARA\u00a0 \u00a0 \u00a0LA\u00a0 \u00a0CASACI\u00d3N\u00a0 PENAL \u00a0\u00a0<\/p>\n<p>El \u00a0representante \u00a0del \u00a0Ministerio P\u00fablico, \u00a0despu\u00e9s \u00a0de \u00a0relacionar de manera\u00a0 detallada los hechos, los antecedentes, \u00a0el \u00a0tr\u00e1mite \u00a0adelantado \u00a0y \u00a0los instrumentos allegados a este diligenciamiento, \u00a0dice \u00a0que \u00a0en \u00a0lo \u00a0que respecta a la validez formal de los documentos, el Estado \u00a0solicitante \u00a0 aport\u00f3, \u00a0 debidamente \u00a0 traducidas \u00a0y \u00a0autenticadas, \u00a0las \u00a0piezas \u00a0acusatorias, \u00a0en \u00a0las \u00a0que \u00a0se\u00a0 \u00a0rese\u00f1aron \u00a0el \u00a0lugar \u00a0y \u00a0las fechas donde \u00a0ocurrieron \u00a0los \u00a0hechos \u00a0y los delitos\u00a0 imputados, las normas penales y las \u00a0declaraciones \u00a0de apoyo\u00a0 a\u00a0 la\u00a0 solicitud de extradici\u00f3n, motivo \u00a0por el cual se cumple con esta exigencia legal. \u00a0\u00a0<\/p>\n<p>En \u00a0torno \u00a0a \u00a0la \u00a0demostraci\u00f3n \u00a0plena de la \u00a0identidad \u00a0 del \u00a0 requerido, \u00a0 asevera \u00a0que \u00a0los \u00a0datos \u00a0suministrados \u00a0por \u00a0las \u00a0autoridades \u00a0del \u00a0pa\u00eds \u00a0requirente \u00a0coinciden \u00a0con \u00a0los \u00a0de \u00a0la persona que fue \u00a0notificada \u00a0de \u00a0la \u00a0resoluci\u00f3n expedida por la Fiscal\u00eda General de la Naci\u00f3n, \u00a0por \u00a0medio \u00a0de \u00a0la cual se orden\u00f3 su captura y que en este momento se encuentra \u00a0detenida con fines de extradici\u00f3n. \u00a0\u00a0<\/p>\n<p>Agrega \u00a0que en la \u00a0Nota \u00a0Verbal \u00a0allegada al presente tr\u00e1mite se consignaron sus datos personales, \u00a0es \u00a0decir, \u00a0se \u00a0trata \u00a0de \u00a0un ciudadano colombiano, nacido el 25 de noviembre de \u00a01959 \u00a0y \u00a0que \u00a0es portador de la c\u00e9dula de ciudadan\u00eda n\u00famero 11.895.016, datos \u00a0que \u00a0confirman \u00a0dicha \u00a0identidad, \u00a0los \u00a0cuales coinciden con los que suministr\u00f3 \u00a0Baudilio \u00a0Vivero \u00a0C\u00e1rdenas al \u00a0momento \u00a0 de \u00a0 su \u00a0captura, \u00a0sin \u00a0que \u00a0al \u00a0respecto \u00a0se \u00a0haya \u00a0mostrado \u00a0ninguna \u00a0objeci\u00f3n. \u00a0\u00a0<\/p>\n<p>En \u00a0lo que tiene que ver con el principio de \u00a0la \u00a0doble \u00a0incriminaci\u00f3n, \u00a0sostiene \u00a0que \u00a0el \u00a0cargo \u00a0imputado a Baudilio Vivero \u00a0C\u00e1rdenas \u00a0 \u00a0 encuentra \u00a0adecuaci\u00f3n \u00a0t\u00edpica en el art\u00edculo 340, modificado por las Leyes 733 de 2002 y \u00a0el \u00a0art\u00edculo \u00a0376, \u00a0modificado \u00a0por \u00a0el art\u00edculo 14 de la Ley 890 de 2004, del \u00a0C\u00f3digo \u00a0Penal, \u00a0los \u00a0cuales \u00a0consagran \u00a0los delitos de concierto para delinquir \u00a0para \u00a0cometer \u00a0delitos \u00a0de \u00a0narcotr\u00e1fico \u00a0y \u00a0tr\u00e1fico, \u00a0fabricaci\u00f3n o porte de \u00a0estupefacientes, \u00a0cuya \u00a0pena \u00a0privativa de la libertad no es inferior a 4 a\u00f1os, \u00a0lo que le permite concluir que este postulado tambi\u00e9n se cumple. \u00a0\u00a0<\/p>\n<p>En cuanto a la equivalencia de la providencia \u00a0dictada \u00a0en \u00a0el \u00a0extranjero, \u00a0dice que \u201cbasta \u00a0con \u00a0que \u00a0exista equivalencia sustancial entre la providencia \u00a0proferida \u00a0en \u00a0el \u00a0extranjero \u00a0y \u00a0la \u00a0resoluci\u00f3n \u00a0acusatoria \u00a0que regula la Ley \u00a0Colombiana\u2026\u201d, \u00a0con \u00a0lo \u00a0cual \u00a0en este asunto se encuentra satisfecho este presupuesto, por lo que estima \u00a0que \u00a0 \u00a0las\u00a0 \u00a0 formalidades\u00a0 \u00a0 legales\u00a0 \u00a0 se\u00a0 \u00a0 cumplen\u00a0 \u00a0cabalmente\u00a0 \u00a0para\u00a0 \u00a0que\u00a0 \u00a0la\u00a0 \u00a0Corte \u00a0proceda\u00a0 \u00a0a\u00a0 \u00a0emitir\u00a0 \u00a0concepto\u00a0 \u00a0favorable \u00a0de\u00a0 \u00a0la\u00a0 \u00a0solicitud\u00a0 \u00a0de \u00a0extradici\u00f3n \u00a0que \u00a0el Gobierno de los Estados Unidos de Am\u00e9rica elev\u00f3 respecto \u00a0del ciudadano Baudilio Vivero C\u00e1rdenas. \u00a0\u00a0<\/p>\n<p>Por \u00a0\u00faltimo, \u00a0en \u00a0orden \u00a0a \u00a0garantizar \u00a0los \u00a0derechos \u00a0fundamentales \u00a0del \u00a0ciudadano colombiano requerido en extradici\u00f3n, el \u00a0Procurador \u00a0Delegado \u00a0sugiere \u00a0a la Corte exhorte al Gobierno Nacional para que, \u00a0en \u00a0caso de que se conceda la extradici\u00f3n, se condicione la misma en el sentido \u00a0de \u00a0que el solicitado no sea juzgado por hechos anteriores al 17 de diciembre de \u00a01997 \u00a0ni \u00a0condenado \u00a0a \u00a0cadena \u00a0perpetua, \u00a0ni \u00a0sometido a desaparici\u00f3n forzada, \u00a0torturas, \u00a0ni a tratos o penas crueles, inhumanos o degradantes, ni a la pena de \u00a0muerte etc. \u00a0\u00a0<\/p>\n<p>En consecuencia, reitera la Delegada que las \u00a0formalidades \u00a0legales se cumplen cabalmente y sugiere a la Corte emitir concepto \u00a0favorable \u00a0 respecto \u00a0 de \u00a0 la \u00a0 solicitud \u00a0 de \u00a0 extradici\u00f3n \u00a0 del \u00a0 ciudadano \u00a0colombiano \u00a0 Baudilio \u00a0 Vivero \u00a0C\u00e1rdenas. \u00a0\u00a0<\/p>\n<p>CONCEPTO\u00a0\u00a0 \u00a0 \u00a0DE\u00a0\u00a0 \u00a0LA\u00a0\u00a0 CORTE \u00a0\u00a0<\/p>\n<p>El \u00a0art\u00edculo \u00a0502 \u00a0de \u00a0la \u00a0Ley \u00a0906 de 2004 \u00a0estatuye \u00a0que \u00a0el \u00a0concepto que emite la Sala debe estar centrado en establecer, \u00a0entre \u00a0otros, \u00a0la \u00a0validez\u00a0 \u00a0formal \u00a0de la documentaci\u00f3n presentada, en la \u00a0demostraci\u00f3n \u00a0plena de la identidad del solicitado, en el principio de la doble \u00a0incriminaci\u00f3n, \u00a0en \u00a0la\u00a0 \u00a0equivalencia \u00a0de \u00a0la \u00a0providencia proferida en el \u00a0extranjero \u00a0y, \u00a0cuando \u00a0fuere \u00a0el caso, en el cumplimiento de lo previsto en los \u00a0tratados p\u00fablicos. \u00a0\u00a0<\/p>\n<p>En \u00a0esas condiciones, se proceder\u00e1 a emitir \u00a0concepto, as\u00ed: \u00a0\u00a0<\/p>\n<p>1.\u00a0 \u00a0La\u00a0 \u00a0validez\u00a0 \u00a0 \u00a0 \u00a0formal\u00a0 \u00a0 \u00a0 \u00a0de\u00a0 \u00a0 \u00a0 los\u00a0 \u00a0 \u00a0 documentos\u00a0 \u00a0aportados \u00a0\u00a0<\/p>\n<p>Advierte \u00a0la \u00a0Sala \u00a0que \u00a0la \u00a0documentaci\u00f3n \u00a0presentada \u00a0 como \u00a0 soporte \u00a0de \u00a0la \u00a0petici\u00f3n \u00a0de \u00a0extradici\u00f3n \u00a0de \u00a0Baudilio Vivero C\u00e1rdenas, cumple con las \u00a0exigencias \u00a0legales \u00a0contempladas en los C\u00f3digos de Procedimiento Penal y Civil \u00a0para tenerla como apta para fundar el respectivo concepto. \u00a0\u00a0<\/p>\n<p>No \u00a0hay duda que los documentos se allegaron \u00a0por \u00a0v\u00eda \u00a0diplom\u00e1tica, \u00a0habiendo \u00a0sido \u00a0debidamente traducidos y autenticados, \u00a0dentro \u00a0de \u00a0los \u00a0cuales \u00a0obra \u00a0la \u00a0copia \u00a0de \u00a0la \u00a0acusaci\u00f3n sustitutiva n\u00famero \u00a0CR-08-280 \u00a0(ESH) \u00a0del \u00a024 \u00a0de febrero de 2009, dictada por la Corte Distrital de \u00a0los \u00a0Estados \u00a0Unidos, \u00a0Distrito de Columbia, la cual fue firmada por el Portavoz \u00a0del \u00a0Gran \u00a0Jurado \u00a0y el Abogado Litigante de la Divisi\u00f3n de Asuntos Penales del \u00a0Departamento \u00a0de Justicia de los Estados Unidos, documentos cuya autenticidad de \u00a0su \u00a0contenido \u00a0fue \u00a0certificada \u00a0con \u00a0las \u00a0firmas \u00a0y \u00a0el sello pertenecientes al \u00a0Secretario de dicho Tribunal. \u00a0\u00a0<\/p>\n<p>Tambi\u00e9n obran\u00a0 las\u00a0 declaraciones \u00a0juradas \u00a0en \u00a0apoyo \u00a0a \u00a0la \u00a0solicitud \u00a0de \u00a0extradici\u00f3n, entre otros, la de Frank \u00a0Daniels,\u00a0 \u00a0cuyos \u00a0contenidos \u00a0y traducci\u00f3n al espa\u00f1ol, junto con el resto \u00a0de \u00a0 \u00a0la\u00a0 \u00a0 \u00a0documentaci\u00f3n \u00a0 \u00a0que \u00a0 \u00a0las\u00a0 \u00a0 acompa\u00f1a, \u00a0 fueron\u00a0 \u00a0certificados,\u00a0 \u00a0por \u00a0Thomas \u00a0C. \u00a0Black, \u00a0Director Asociado de la Oficina de \u00a0Asuntos \u00a0 Internacionales, \u00a0 Divisi\u00f3n \u00a0 de \u00a0 lo \u00a0 Penal, \u00a0del \u00a0Departamento \u00a0de \u00a0Justicia\u00a0 de\u00a0 los\u00a0 Estados\u00a0 Unidos de Am\u00e9rica. \u00a0\u00a0<\/p>\n<p>As\u00ed \u00a0mismo, \u00a0aparece \u00a0que la documentaci\u00f3n \u00a0anexa \u00a0hace referencia a la orden de captura, a la resoluci\u00f3n de acusaci\u00f3n y a \u00a0las \u00a0 normas \u00a0 aplicables \u00a0 al \u00a0caso, \u00a0esto \u00a0es, \u00a0el \u00a0T\u00edtulo \u00a018, \u00a0Secciones \u00a02 \u00a0(principales, \u00a0auxiliar \u00a0e incitar) y 3282 (delitos no \u00a0conminados \u00a0con \u00a0la \u00a0pena \u00a0de \u00a0muerte), \u00a0el T\u00edtulo 21, Secciones 812 (tablas de \u00a0sustancias \u00a0controladas), \u00a0853 \u00a0(extinci\u00f3n \u00a0penal del derecho de dominio) y 970 \u00a0(extinci\u00f3n \u00a0penal \u00a0del \u00a0derecho \u00a0de \u00a0dominio); \u00a0y el T\u00edtulo 46 Secciones 70503 \u00a0(penas) \u00a0y \u00a070506 \u00a0(penas) \u00a0del \u00a0C\u00f3digo de los Estados \u00a0Unidos de Am\u00e9rica. \u00a0\u00a0<\/p>\n<p>Por \u00a0su \u00a0parte, \u00a0la r\u00fabrica y el cargo del \u00a0se\u00f1or \u00a0Thomas \u00a0C. \u00a0Black \u00a0fueron certificados por el se\u00f1or Eric H. Holder, Jr. \u00a0Procurador \u00a0de \u00a0los \u00a0Estados Unidos, quien seg\u00fan su propia afirmaci\u00f3n escrita, \u00a0orden\u00f3 \u00a0que \u00a0se \u00a0estampara el sello del Departamento de Justicia de los Estados \u00a0Unidos, \u00a0siendo \u00a0atestada \u00a0la \u00a0firma \u00a0de \u00a0aqu\u00e9l \u00a0por \u00a0el Director Adjunto de la \u00a0Oficina \u00a0de \u00a0Asuntos \u00a0Internacionales, \u00a0Divisi\u00f3n \u00a0de \u00a0lo \u00a0Penal, y el sello del \u00a0Departamento \u00a0de\u00a0 \u00a0Estado fue ordenado por la Secretaria de Estado, se\u00f1ora \u00a0Hillary \u00a0Rodham Clinton, de cuyo nombre dio fe el funcionario de Autenticaciones \u00a0de la misma oficina. \u00a0\u00a0<\/p>\n<p>Por \u00a0\u00faltimo, \u00a0dichos \u00a0documentos \u00a0fueron \u00a0presentados \u00a0 para \u00a0 su \u00a0autenticaci\u00f3n \u00a0ante \u00a0el \u00a0Vicec\u00f3nsul \u00a0de \u00a0Colombia \u00a0en \u00a0Washington \u00a0D. \u00a0C., \u00a0se\u00f1or Ren\u00e9 Correa Rodr\u00edguez, como as\u00ed lo constat\u00f3 y lo \u00a0aval\u00f3 \u00a0la \u00a0Oficina \u00a0de \u00a0Legalizaciones del Ministerio de Relaciones Exteriores, \u00a0cumpli\u00e9ndose \u00a0 con \u00a0 lo \u00a0establecido \u00a0por \u00a0el \u00a0art\u00edculo \u00a0259 \u00a0del \u00a0C\u00f3digo \u00a0de \u00a0Procedimiento \u00a0Civil, \u00a0modificado por el 1\u00b0, numeral 118 del D. E. 2282 de 1989 \u00a0que \u00a0dice: \u00a0\u201cLos documentos \u00a0p\u00fablicos \u00a0otorgados en pa\u00eds extranjero por funcionario de \u00e9ste o con\u00a0 su \u00a0intervenci\u00f3n,\u00a0 \u00a0 deber\u00e1n \u00a0presentarse \u00a0debidamente \u00a0autenticados \u00a0por \u00a0el \u00a0c\u00f3nsul \u00a0o agente\u00a0 diplom\u00e1tico de la Rep\u00fablica, y en su defecto por el de \u00a0una \u00a0naci\u00f3n \u00a0amiga, \u00a0lo\u00a0 cual hace presumir que se otorgaron conforme a la \u00a0ley \u00a0del \u00a0respectivo \u00a0pa\u00eds. \u00a0La \u00a0firma \u00a0del \u00a0c\u00f3nsul \u00a0o \u00a0agente diplom\u00e1tico se \u00a0abonar\u00e1 \u00a0por \u00a0el Ministerio de Relaciones Exteriores de Colombia, y si se trata \u00a0de \u00a0agentes \u00a0consulares \u00a0de \u00a0un \u00a0pa\u00eds amigo, se autenticar\u00e1 previamente por el \u00a0funcionario \u00a0 competente \u00a0 del \u00a0 mismo \u00a0 y \u00a0 los \u00a0 de \u00a0 \u00e9ste \u00a0 por \u00a0el \u00a0c\u00f3nsul \u00a0colombiano\u201d, \u00a0disposici\u00f3n \u00a0aplicable \u00a0al \u00a0caso \u00a0en \u00a0virtud \u00a0del \u00a0principio \u00a0de integraci\u00f3n previsto en los \u00a0art\u00edculos \u00a025 \u00a0y \u00a0495, \u00a0\u00faltimo \u00a0inciso, \u00a0del C\u00f3digo de Procedimiento Penal de \u00a02004. \u00a0\u00a0<\/p>\n<p>Adem\u00e1s, la Directora de Asuntos Jur\u00eddicos \u00a0Internacionales \u00a0del \u00a0Ministerio de Relaciones Exteriores, seg\u00fan oficio n\u00famero \u00a0DAJI.E \u00a02688 \u00a0del \u00a030 de noviembre de 2009, certific\u00f3 que la documentaci\u00f3n del \u00a0expediente \u00a0procedente \u00a0de \u00a0la \u00a0Embajada \u00a0de \u00a0los Estados Unidos de Am\u00e9rica fue \u00a0presentada \u00a0 \u201cdebidamente \u00a0autenticada\u201d. \u00a0\u00a0<\/p>\n<p>Por \u00a0lo \u00a0tanto, \u00a0teniendo \u00a0en cuenta que la \u00a0solicitud \u00a0de extradici\u00f3n de Baudilio Vivero C\u00e1rdenas \u00a0se \u00a0hizo \u00a0por \u00a0la \u00a0v\u00eda \u00a0diplom\u00e1tica \u00a0y \u00a0que \u00a0en \u00a0la \u00a0expedici\u00f3n \u00a0 y \u00a0tr\u00e1mite \u00a0de \u00a0los \u00a0mencionados \u00a0documentos, \u00a0as\u00ed \u00a0como \u00a0en \u00a0su \u00a0traducci\u00f3n, \u00a0se cumplieron todos los ritos formales de legalizaci\u00f3n prescritos \u00a0por \u00a0las \u00a0normas \u00a0de \u00a0los \u00a0Estados Unidos de Am\u00e9rica, la Corte los tendr\u00e1 como \u00a0aptos \u00a0para \u00a0servir \u00a0de prueba en este asunto, cumpli\u00e9ndose as\u00ed con la primera \u00a0exigencia legal. \u00a0\u00a0<\/p>\n<p>2.\u00a0 La\u00a0 \u00a0identificaci\u00f3n\u00a0 \u00a0 \u00a0plena\u00a0 \u00a0 \u00a0del\u00a0 \u00a0 \u00a0solicitado\u00a0 \u00a0 en\u00a0 \u00a0extradici\u00f3n \u00a0\u00a0<\/p>\n<p>No \u00a0hay \u00a0duda que el colombiano \u00a0Baudilio \u00a0Vivero \u00a0C\u00e1rdenas, \u00a0a quien se \u00a0refiere \u00a0este tr\u00e1mite, es la persona solicitada en extradici\u00f3n por el Gobierno \u00a0de los Estados Unidos de Am\u00e9rica. \u00a0\u00a0<\/p>\n<p>De \u00a0la \u00a0documentaci\u00f3n \u00a0remitida \u00a0por \u00a0v\u00eda \u00a0diplom\u00e1tica \u00a0se \u00a0colige claramente, como lo destaca el Procurador Delegado, que \u00a0se \u00a0trata \u00a0de \u00a0Baudilio \u00a0Vivero \u00a0C\u00e1rdenas, \u00a0pues \u00a0basta observar que el n\u00famero de c\u00e9dula de ciudadan\u00eda que \u00a0suministr\u00f3 \u00a0la Embajada de los Estados Unidos de Am\u00e9rica, a trav\u00e9s de la Nota \u00a0Verbal \u00a0n\u00famero 0886 del 23 de abril de 2009, concuerda con el que aparece en el \u00a0acta \u00a0de \u00a0notificaci\u00f3n \u00a0personal \u00a0de \u00a0la \u00a0providencia \u00a0por \u00a0medio de la cual se \u00a0dispuso \u00a0su \u00a0captura, \u00a0en \u00a0la \u00a0diligencia \u00a0mediante \u00a0la cual se le comunic\u00f3 sus \u00a0derechos \u00a0de \u00a0capturado por raz\u00f3n de este tr\u00e1mite y en la tarjeta decadactilar \u00a0expedida \u00a0 por \u00a0 la \u00a0Registradur\u00eda \u00a0Nacional \u00a0del \u00a0Estado \u00a0Civil \u00a0(11.895.016). \u00a0\u00a0<\/p>\n<p>De \u00a0 igual \u00a0 manera, \u00a0 todos \u00a0 los \u00a0datos \u00a0suministrados \u00a0coinciden \u00a0con \u00a0los que obran en la documentaci\u00f3n, es decir, que \u00a0naci\u00f3 \u00a0el \u00a025 \u00a0de \u00a0noviembre \u00a0de \u00a01959 \u00a0en \u00a0Colombia y que se identifica con la \u00a0c\u00e9dula \u00a0de ciudadan\u00eda No. 11.895.016, informaci\u00f3n que concuerda integralmente \u00a0con \u00a0aquella \u00a0que \u00a0aparece registrada en el expediente, sin dejar pasar por alto \u00a0que se aport\u00f3 fotocopia de una fotograf\u00eda de su rostro. \u00a0\u00a0<\/p>\n<p>En esas condiciones, resulta evidente que la \u00a0persona \u00a0 \u00a0 detenida \u00a0 \u00a0 es \u00a0 \u00a0 Baudilio \u00a0 \u00a0 Vivero \u00a0C\u00e1rdenas, \u00a0 de \u00a0 nacionalidad \u00a0colombiana \u00a0y \u00a0es \u00a0el \u00a0ciudadano \u00a0requerido \u00a0en \u00a0extradici\u00f3n \u00a0por el Gobierno de los Estados Unidos de \u00a0Am\u00e9rica. \u00a0\u00a0<\/p>\n<p>3.\u00a0 El\u00a0 \u00a0principio\u00a0 de\u00a0 la\u00a0 doble\u00a0 incriminaci\u00f3n \u00a0\u00a0<\/p>\n<p>De \u00a0conformidad \u00a0con \u00a0el \u00a0numeral \u00a01\u00b0 \u00a0del \u00a0art\u00edculo \u00a0493 de la Ley 906 de 2004, para que la extradici\u00f3n se pueda conceder \u00a0se \u00a0requiere que el hecho que la motiva est\u00e9 previsto como delito en Colombia y \u00a0reprimido \u00a0con \u00a0una \u00a0sanci\u00f3n \u00a0privativa \u00a0de \u00a0la \u00a0libertad \u00a0cuyo \u00a0m\u00ednimo no sea \u00a0inferior a cuatro (4) a\u00f1os. \u00a0\u00a0<\/p>\n<p>Seg\u00fan \u00a0la \u00a0acusaci\u00f3n \u00a0sustitutiva \u00a0n\u00famero \u00a0CR-08-280 \u00a0(ESH) \u00a0del \u00a024 \u00a0de \u00a0febrero \u00a0de \u00a02009, \u00a0se \u00a0sabe \u00a0que \u00a0a Baudilio \u00a0Vivero \u00a0C\u00e1rdenas se le acus\u00f3 de \u00a0\u201cConcierto para fabricar, \u00a0distribuir, \u00a0 y \u00a0poseer \u00a0con \u00a0la \u00a0intenci\u00f3n \u00a0de \u00a0fabricar \u00a0o \u00a0distribuir \u00a0cinco \u00a0kilogramos \u00a0o \u00a0m\u00e1s \u00a0de \u00a0una \u00a0sustancia \u00a0o \u00a0mezcla \u00a0que \u00a0conten\u00eda \u00a0una cantidad \u00a0perceptible \u00a0 \u00a0 de \u00a0 \u00a0 coca\u00edna \u00a0 \u00a0 \u2026\u201d \u00a0 \u00a0(cargo \u00a0uno), \u00a0de \u00a0acuerdo \u00a0con \u00a0las \u00a0normas penales del pa\u00eds \u00a0requirente en precedencia citadas. \u00a0\u00a0<\/p>\n<p>Advierte la Sala que el cargo uno, conforme a \u00a0los \u00a0hechos que se imputan y las normas allegadas, encuentra adecuaci\u00f3n t\u00edpica \u00a0en \u00a0nuestro \u00a0sistema \u00a0penal en lo reglado por el art\u00edculo 340 del\u00a0 C\u00f3digo \u00a0Penal, \u00a0modificado \u00a0por la Ley 733 del 29 de enero de 2002 y por el art\u00edculo 19 \u00a0de \u00a0la Ley 1121 de 2006, que prev\u00e9n el concierto para delinquir relacionado con \u00a0el \u00a0 narcotr\u00e1fico, \u00a0 habida \u00a0 cuenta \u00a0 que, \u00a0como \u00a0qued\u00f3 \u00a0visto, \u00a0Baudilio \u00a0 \u00a0 Vivero \u00a0 \u00a0C\u00e1rdenas, \u00a0 \u00a0con \u00a0conocimiento \u00a0 de \u00a0 causa \u00a0 e \u00a0intencionalmente, \u00a0se \u00a0concert\u00f3 \u00a0para \u00a0fabricar, \u00a0distribuir \u00a0 \u00a0 y \u00a0 \u00a0 poseer\u00a0 \u00a0 \u00a0\u201ccinco \u00a0kilogramos o m\u00e1s de una sustancia o mezcla que conten\u00eda una \u00a0cantidad \u00a0 perceptible \u00a0 de \u00a0 coca\u00edna\u201d. \u00a0\u00a0<\/p>\n<p>Cabe \u00a0agregar \u00a0que \u00a0el \u00a0citado \u00a0delito \u00a0de \u00a0concierto \u00a0para \u00a0delinquir \u00a0(relacionado con el tr\u00e1fico de estupefacientes), de \u00a0acuerdo \u00a0con \u00a0la \u00a0legislaci\u00f3n nacional anteriormente citada, contempla una pena \u00a0privativa \u00a0de la libertad que supera los cuatro (4) a\u00f1os, seg\u00fan lo previsto en \u00a0el art\u00edculo 493, numeral 1\u00b0, de la Ley 906 de 2004. \u00a0\u00a0<\/p>\n<p>Como \u00a0la acusaci\u00f3n, de conformidad con las \u00a0disposiciones \u00a0legales del pa\u00eds requirente,\u00a0 tambi\u00e9n busca el decomiso de \u00a0todos \u00a0los \u00a0bienes que se hayan derivado de ingresos obtenidos como resultado de \u00a0la \u00a0comisi\u00f3n del anterior delito, si dichos bienes no estuvieren disponibles, y \u00a0que \u00a0las \u00a0normas citadas permiten que otros bienes del acusado sean decomisados, \u00a0es \u00a0preciso \u00a0se\u00f1alar \u00a0que \u00a0esta \u00a0menci\u00f3n \u00a0no \u00a0puede \u00a0ser entendida en estricto \u00a0sentido como un cargo. \u00a0\u00a0<\/p>\n<p>En \u00a0efecto, \u00a0como \u00a0ha \u00a0tenido \u00a0ocasi\u00f3n \u00a0de \u00a0expresarlo \u00a0esta \u00a0Corporaci\u00f3n \u00a0respecto \u00a0de \u00a0situaciones semejantes1, \u00a0 \u00a0 el \u00a0se\u00f1alamiento \u00a0de \u00a0la \u00a0pena \u00a0de decomiso no comporta imputaci\u00f3n alguna, sino el \u00a0anuncio \u00a0de \u00a0la \u00a0consecuencia patrimonial que la declaratoria de responsabilidad \u00a0acarrea \u00a0respecto de los bienes involucrados en el delito, por cuya comisi\u00f3n se \u00a0acusa \u00a0al \u00a0requerido, \u00a0tema \u00a0ajeno a la solicitud de extradici\u00f3n, raz\u00f3n por la \u00a0cual \u00a0no \u00a0se \u00a0encuentra \u00a0comprendido \u00a0dentro \u00a0de \u00a0los \u00a0aspectos a analizar en el \u00a0concepto a emitir por la Sala. \u00a0\u00a0<\/p>\n<p>As\u00ed las cosas, surge evidente que se cumple \u00a0con el principio de la doble incriminaci\u00f3n. \u00a0\u00a0<\/p>\n<p>4.\u00a0 \u00a0Equivalencia\u00a0 de\u00a0 la\u00a0 providencia\u00a0 \u00a0proferida\u00a0 en\u00a0 el\u00a0 extranjero \u00a0\u00a0<\/p>\n<p>Por \u00faltimo, advierte la Corte que no existe \u00a0dificultad \u00a0 alguna \u00a0para \u00a0concluir \u00a0que \u00a0se \u00a0cumple \u00a0con \u00a0el \u00a0requisito \u00a0de \u00a0la \u00a0equivalencia \u00a0contemplado \u00a0en \u00a0el numeral 2\u00b0 del art\u00edculo 493 de la Ley 906 de \u00a02004, \u00a0el \u00a0cual \u00a0exige \u00a0\u201cque \u00a0por \u00a0lo \u00a0menos \u00a0se \u00a0haya \u00a0dictado \u00a0en el exterior resoluci\u00f3n de acusaci\u00f3n o su \u00a0equivalente\u201d. \u00a0\u00a0<\/p>\n<p>La \u00a0Corte \u00a0Distrital de los Estados Unidos, \u00a0Distrito \u00a0 de \u00a0 Columbia, \u00a0acus\u00f3 \u00a0a \u00a0Baudilio \u00a0Vivero \u00a0C\u00e1rdenas \u00a0 por \u00a0 la \u00a0 conducta \u00a0 punible \u00a0 se\u00f1alada \u00a0anteriormente, \u00a0mediante acto procesal que en nuestra legislaci\u00f3n equivale a la \u00a0acusaci\u00f3n, \u00a0 como \u00a0 emerge \u00a0de \u00a0las \u00a0siguientes \u00a0similitudes, \u00a0que \u00a0las \u00a0tornan \u00a0equivalentes: \u00a0\u00a0<\/p>\n<p>\u00a0 \u00a0 \u00a0<\/p>\n<p>a. Es \u00a0un pliego concreto de cargos en contra del acusado para que se \u00a0defienda de ellos en el juicio. \u00a0 \u00a0\u00a0<\/p>\n<p>\u00a0 \u00a0 \u00a0<\/p>\n<p>a. Formulada \u00a0la acusaci\u00f3n se inicia el juicio oral que finaliza con \u00a0el respectivo fallo de m\u00e9rito. \u00a0 \u00a0\u00a0<\/p>\n<p>\u00a0 \u00a0 \u00a0<\/p>\n<p>a. Se \u00a0se\u00f1alan los hechos, con especificaci\u00f3n de las circunstancias \u00a0de\u00a0 \u00a0tiempo, modo y lugar en que ocurrieron y la calificaci\u00f3n jur\u00eddica de \u00a0las \u00a0 \u00a0conductas, \u00a0 \u00a0con \u00a0 indicaci\u00f3n \u00a0 de \u00a0 las \u00a0 disposiciones \u00a0 sustanciales \u00a0aplicables. \u00a0 \u00a0\u00a0<\/p>\n<p>Ahora \u00a0bien, \u00a0para entender la naturaleza y \u00a0contenido \u00a0 \u00a0 \u00a0 de \u00a0 \u00a0 \u00a0 esa \u00a0 \u00a0 \u00a0pieza \u00a0 \u00a0 \u00a0acusatoria \u00a0 \u00a0 \u00a0o \u00a0 \u00a0 \u00a0indictment resulta pertinente se\u00f1alar que \u00a0\u00e9sta \u00a0es \u00a0una \u00a0forma \u00a0de \u00a0formular \u00a0la \u00a0acusaci\u00f3n \u00a0dentro del sistema procesal \u00a0estadounidense \u00a0en el nivel federal. El Gran Jurado, en ese escenario, se re\u00fane \u00a0por \u00a0 convocatoria \u00a0 que \u00a0 le \u00a0 hace \u00a0 el \u00a0 tribunal \u00a0 respectivo \u00a0 \u2013de \u00a0 Distrito- \u00a0 y \u00a0 su \u00a0 funci\u00f3n \u00a0es \u00a0determinar \u00a0si \u00a0en \u00a0un \u00a0caso \u00a0criminal \u00a0existe \u00a0o \u00a0no causa probable para acusar \u00a0(probable \u00a0cause). \u00a0La \u00a0causa \u00a0probable \u00a0es \u00a0el \u00a0soporte \u00a0razonable \u00a0que permite \u00a0conjeturar que una persona ha cometido un crimen. \u00a0\u00a0<\/p>\n<p>Como \u00a0puede observarse, es bien dis\u00edmil la \u00a0forma \u00a0de \u00a0introducir \u00a0la acusaci\u00f3n en el sistema federal acusatorio de Estados \u00a0Unidos \u00a0a \u00a0como se hace en Colombia, ya sea seg\u00fan el esquema procesal de la Ley \u00a0600 \u00a0de \u00a02000 o en lo consagrado por la Ley 906 de 2004 y, por tanto, difiere el \u00a0contenido \u00a0del \u00a0indictment con \u00a0el \u00a0de \u00a0la \u00a0acusaci\u00f3n \u00a0patria \u00a0en \u00a0cualquiera \u00a0de \u00a0las \u00a0modalidades \u00a0procesales \u00a0actualmente en vigencia. \u00a0\u00a0<\/p>\n<p>Sin \u00a0embargo, \u00a0como se anot\u00f3, eso no obsta \u00a0para \u00a0sostener que el mencionado indictment \u00a0equivale \u00a0a nuestra resoluci\u00f3n de acusaci\u00f3n, pues, b\u00e1sicamente, \u00a0marca \u00a0el \u00a0comienzo \u00a0del \u00a0juicio en donde el acusado puede ejercer a plenitud la \u00a0defensa, \u00a0sin \u00a0dejar \u00a0de mencionar que en todo caso all\u00ed, en esa acusaci\u00f3n, se \u00a0plasma \u00a0la \u00a0conducta \u00a0por \u00a0la \u00a0cual \u00a0es \u00a0llamado \u00a0a \u00a0responder, \u00a0la \u00e9poca de su \u00a0ejecuci\u00f3n y las normas infringidas. \u00a0\u00a0<\/p>\n<p>Por \u00a0lo tanto, se observa que la acusaci\u00f3n \u00a0emitida \u00a0por \u00a0el \u00a0tribunal \u00a0extranjero \u00a0es \u00a0equivalente \u00a0y tiene la misma fuerza \u00a0vinculante de la acusaci\u00f3n propia de nuestro sistema judicial. \u00a0\u00a0<\/p>\n<p>ACOTACI\u00d3N\u00a0\u00a0 FINAL \u00a0<\/p>\n<p>Como lo resalt\u00f3 el Ministerio P\u00fablico, se \u00a0pone \u00a0 de \u00a0 presente \u00a0 al \u00a0Gobierno \u00a0Nacional \u00a0que \u00a0en \u00a0caso \u00a0de \u00a0concederse \u00a0la \u00a0extradici\u00f3n, \u00a0debe \u00a0condicionar \u00a0la \u00a0entrega \u00a0en \u00a0el sentido de que \u00a0 Baudilio \u00a0 Vivero \u00a0C\u00e1rdenas \u00a0no \u00a0ser\u00e1 \u00a0juzgado \u00a0por \u00a0hechos distintos a los que originaron la reclamaci\u00f3n, ni sometido \u00a0a \u00a0tratos crueles, inhumanos o degradantes, ni se le impondr\u00e1 la pena capital o \u00a0perpetua, \u00a0al \u00a0tenor \u00a0del \u00a0art\u00edculo \u00a0494 \u00a0del C\u00f3digo de Procedimiento Penal de \u00a02004. \u00a0\u00a0<\/p>\n<p>As\u00ed \u00a0 mismo, \u00a0al \u00a0Gobierno \u00a0Nacional \u00a0le \u00a0corresponde \u00a0condicionar \u00a0la entrega a que el pa\u00eds reclamante, de acuerdo a sus \u00a0pol\u00edticas \u00a0internas \u00a0sobre \u00a0la \u00a0materia, \u00a0le ofrezca posibilidades racionales y \u00a0reales \u00a0para \u00a0que \u00a0el \u00a0requerido pueda tener contacto regular con sus familiares \u00a0m\u00e1s \u00a0cercanos, \u00a0considerando \u00a0que el art\u00edculo 42 de la Constituci\u00f3n Pol\u00edtica \u00a0de \u00a01991 \u00a0reconoce \u00a0a la familia como n\u00facleo esencial de la sociedad, garantiza \u00a0su \u00a0protecci\u00f3n \u00a0y \u00a0reconoce su honra, dignidad e intimidad, lo cual se refuerza \u00a0con \u00a0la protecci\u00f3n que a ese n\u00facleo tambi\u00e9n prodigan la Convenci\u00f3n Americana \u00a0de \u00a0Derechos \u00a0Humanos \u00a0en \u00a0su \u00a0art\u00edculo 17 y el Pacto Internacional de Derechos \u00a0Civiles y Pol\u00edticos en el 23. \u00a0\u00a0<\/p>\n<p>Adem\u00e1s, \u00a0conforme \u00a0precis\u00f3 la Corte en el \u00a0concepto \u00a0del \u00a015 \u00a0de \u00a0mayo \u00a0de \u00a02008 \u00a0(Rad. \u00a029024), \u00a0como \u00a0el \u00a0mecanismo de la \u00a0extradici\u00f3n \u00a0entre \u00a0Estados \u00a0Unidos de Am\u00e9rica y Colombia se rige, en ausencia \u00a0de \u00a0un \u00a0instrumento internacional que la regule, por las normas contenidas en la \u00a0Constituci\u00f3n \u00a0Pol\u00edtica \u00a0(art\u00edculo \u00a035) y en el C\u00f3digo de Procedimiento Penal \u00a0(art\u00edculos \u00a0490 \u00a0a \u00a0514 de la Ley 906 de 2004), el Gobierno Nacional debe hacer \u00a0las \u00a0exigencias \u00a0que \u00a0estime convenientes en orden a que en el Estado reclamante \u00a0se \u00a0le \u00a0reconozcan \u00a0todos \u00a0los derechos y garant\u00edas inherentes a la persona del \u00a0solicitado, \u00a0en \u00a0especial \u00a0las \u00a0contenidas \u00a0en \u00a0la \u00a0Carta \u00a0Fundamental \u00a0y \u00a0en el \u00a0denominado \u00a0bloque \u00a0de \u00a0constitucionalidad, \u00a0es \u00a0decir, \u00a0en \u00a0aquellos \u00a0convenios \u00a0internacionales \u00a0ratificados \u00a0por \u00a0Colombia que consagran y desarrollan derechos \u00a0humanos \u00a0(art\u00edculo \u00a093 \u00a0de la Constituci\u00f3n, Declaraci\u00f3n Universal de Derechos \u00a0Humanos, \u00a0Convenci\u00f3n \u00a0Americana \u00a0de \u00a0Derechos \u00a0Humanos, \u00a0Pacto Internacional de \u00a0Derechos \u00a0Civiles \u00a0y \u00a0Pol\u00edticos), \u00a0en \u00a0virtud \u00a0del \u00a0deber de protecci\u00f3n a esos \u00a0derechos \u00a0que \u00a0para \u00a0todas \u00a0las \u00a0autoridades \u00a0p\u00fablicas \u00a0emana del art\u00edculo 2\u00b0 \u00a0ib\u00eddem. \u00a0\u00a0<\/p>\n<p>De la misma manera, se exhorta al Gobierno, \u00a0encabezado \u00a0por \u00a0se\u00f1or \u00a0Presidente de la Rep\u00fablica como supremo director de la \u00a0pol\u00edtica \u00a0exterior \u00a0y \u00a0las \u00a0relaciones \u00a0internacionales, \u00a0para \u00a0que efect\u00fae el \u00a0respectivo \u00a0seguimiento \u00a0a los condicionamientos que se impongan a la concesi\u00f3n \u00a0de \u00a0la \u00a0extradici\u00f3n \u00a0y \u00a0determinar \u00a0las \u00a0consecuencias que se derivar\u00edan de su \u00a0eventual \u00a0incumplimiento, \u00a0al \u00a0tenor \u00a0de \u00a0lo \u00a0se\u00f1alado \u00a0en \u00a0el \u00a0ordinal 2\u00b0 del \u00a0art\u00edculo 189 de la Constituci\u00f3n Pol\u00edtica. \u00a0\u00a0<\/p>\n<p>En \u00a0 \u00a0caso \u00a0 \u00a0de \u00a0 \u00a0que \u00a0 \u00a0Baudilio \u00a0Vivero \u00a0C\u00e1rdenas \u00a0sea absuelto, \u00a0sobrese\u00eddo, \u00a0declarado \u00a0no \u00a0culpable \u00a0o \u00a0por \u00a0cualquier otra v\u00eda legal, de los \u00a0cargos \u00a0que \u00a0dieron \u00a0origen \u00a0a \u00a0su \u00a0extradici\u00f3n \u00a0y dejado en libertad, si desea \u00a0regresar \u00a0al \u00a0pa\u00eds de origen, el Estado requirente deber\u00e1 asumir los gastos de \u00a0transporte \u00a0y \u00a0manutenci\u00f3n \u00a0del \u00a0extraditado \u00a0de acuerdo con su dignidad humana \u00a0(art\u00edculos 1\u00b0 y 93 de la Constituci\u00f3n Pol\u00edtica). \u00a0\u00a0<\/p>\n<p>Por \u00a0\u00faltimo, \u00a0se \u00a0pide \u00a0al \u00a0ejecutivo \u00a0que \u00a0recomiende \u00a0al \u00a0Estado \u00a0requirente que, en caso de condena, tenga en cuenta como \u00a0parte \u00a0de \u00a0la \u00a0pena \u00a0el tiempo que el solicitado haya podido estar privado de la \u00a0libertad con motivo del tr\u00e1mite de extradici\u00f3n. \u00a0\u00a0<\/p>\n<p>En \u00a0consecuencia, \u00a0como la totalidad de los \u00a0requisitos \u00a0 formales \u00a0 contemplados \u00a0 en \u00a0 el \u00a0art\u00edculo \u00a0493 \u00a0del \u00a0C\u00f3digo \u00a0de \u00a0Procedimiento \u00a0 Penal \u00a0se \u00a0cumplen \u00a0satisfactoriamente, \u00a0la \u00a0Corte \u00a0CONCEPT\u00daA \u00a0 FAVORABLEMENTE \u00a0a\u00a0 \u00a0 la\u00a0 \u00a0 solicitud\u00a0 \u00a0 de\u00a0 \u00a0 extradici\u00f3n\u00a0 \u00a0elevada\u00a0 \u00a0por\u00a0 \u00a0el\u00a0 \u00a0Gobierno\u00a0 \u00a0de\u00a0 \u00a0los\u00a0 \u00a0Estados \u00a0Unidos \u00a0de \u00a0Am\u00e9rica \u00a0respecto del ciudadano colombiano \u00a0BAUDILIO \u00a0VIVERO C\u00c1RDENAS, en cuanto tiene que ver con \u00a0el \u00a0cargo uno que le fue imputado en la acusaci\u00f3n sustitutiva n\u00famero CR-08-280 \u00a0(ESH) \u00a0del \u00a024 de febrero de 2009, dictada por la Corte Distrital de los Estados \u00a0Unidos, Distrito de Columbia. \u00a0\u00a0<\/p>\n<p>Comun\u00edquese \u00a0 esta \u00a0 determinaci\u00f3n \u00a0 al \u00a0requerido \u00a0 \u00a0 \u00a0ciudadano \u00a0 \u00a0 \u00a0BAUDILIO \u00a0 \u00a0 \u00a0VIVERO \u00a0C\u00c1RDENAS, \u00a0a su defensor, al Ministerio P\u00fablico y al \u00a0Fiscal General de la Naci\u00f3n, para lo de\u00a0 su\u00a0 cargo. \u00a0\u00a0<\/p>\n<p>Devu\u00e9lvase el expediente al Ministerio del \u00a0Interior y de Justicia, para lo de ley. \u00a0\u00a0<\/p>\n<p>MARIA \u00a0 DEL \u00a0 ROSARIO \u00a0 GONZ\u00c1LEZ \u00a0 DE \u00a0LEMOS \u00a0\u00a0<\/p>\n<p>JOS\u00c9 LEONIDAS BUSTOS MART\u00cdNEZ \u00a0\u00a0 \u00a0\u00a0 \u00a0\u00a0 \u00a0\u00a0 \u00a0\u00a0 \u00a0\u00a0 \u00a0 \u00a0 \u00a0 \u00a0SIGIFREDO \u00a0 ESPINOSA \u00a0P\u00c9REZ \u00a0\u00a0<\/p>\n<p>ALFREDO \u00a0 G\u00d3MEZ \u00a0 QUINTERO \u00a0\u00a0 \u00a0\u00a0 \u00a0\u00a0 \u00a0\u00a0 \u00a0\u00a0 \u00a0\u00a0 \u00a0 \u00a0\u00a0 \u00a0 \u00a0 \u00a0 \u00a0 \u00a0 \u00a0 \u00a0 \u00a0 \u00a0\u00a0AUGUSTO \u00a0 \u00a0J. \u00a0 IBA\u00d1EZ \u00a0 GUZM\u00c1N \u00a0 \u00a0 \u00a0 \u00a0 \u00a0\u00a0<\/p>\n<p>JORGE \u00a0LUIS \u00a0QUINTERO MILAN\u00c9S \u00a0\u00a0 \u00a0\u00a0 \u00a0\u00a0 \u00a0\u00a0 \u00a0\u00a0 \u00a0\u00a0 \u00a0 \u00a0 \u00a0\u00a0 \u00a0 \u00a0 \u00a0\u00a0YESID \u00a0 \u00a0 \u00a0RAM\u00cdREZ \u00a0BASTIDAS \u00a0\u00a0 \u00a0\u00a0 \u00a0\u00a0 \u00a0\u00a0 \u00a0 \u00a0 \u00a0 \u00a0 \u00a0\u00a0<\/p>\n<p>JULIO \u00a0ENRIQUE SOCHA SALAMANCA \u00a0\u00a0 \u00a0\u00a0 \u00a0\u00a0 \u00a0\u00a0 \u00a0\u00a0 \u00a0\u00a0 \u00a0 \u00a0 \u00a0 \u00a0 \u00a0 \u00a0JAVIER\u00a0 \u00a0 \u00a0ZAPATA \u00a0ORTIZ \u00a0\u00a0<\/p>\n<p>\u00a0 \u00a0\u00a0 \u00a0 \u00a0 \u00a0\u00a0 \u00a0\u00a0 \u00a0\u00a0 \u00a0\u00a0 \u00a0\u00a0 \u00a0\u00a0 \u00a0 \u00a0\u00a0 \u00a0 \u00a0 \u00a0 \u00a0 \u00a0 \u00a0 \u00a0 \u00a0 \u00a0\u00a0 \u00a0 \u00a0 \u00a0 \u00a0 \u00a0\u00a0 \u00a0\u00a0 \u00a0\u00a0 \u00a0\u00a0 \u00a0\u00a0 \u00a0\u00a0 \u00a0\u00a0 \u00a0\u00a0 \u00a0 \u00a0\u00a0 \u00a0 \u00a0 \u00a0 \u00a0 \u00a0 \u00a0 \u00a0 \u00a0 \u00a0\u00a0 \u00a0 \u00a0 \u00a0 \u00a0 \u00a0\u00a0 \u00a0\u00a0 \u00a0 \u00a0 \u00a0 \u00a0 \u00a0\u00a0<\/p>\n<p>TERESA RU\u00cdZ NU\u00d1EZ \u00a0<\/p>\n<p>Secretaria \u00a0<\/p>\n<p>\u00a0 \u00a0\u00a0<\/p>\n<p>1 Cfr. \u00a0Conceptos\u00a0 \u00a0del\u00a0 \u00a08 \u00a0de \u00a0junio de 2005, Radicado No. 23293, y del 3 de \u00a0mayo de 2007, Radicado No. 26756. \u00a0 \u00a0\u00a0<\/p>\n<p><\/p>\n","protected":false},"excerpt":{"rendered":"<p>\u00a0 \u00a0 \u00a0\u00a0 Proceso n.\u00b0 33247 \u00a0 CORTE SUPREMA DE JUSTICIA \u00a0 SALA DE CASACI\u00d3N PENAL \u00a0 Magistrado Ponente \u00a0 JORGE LUIS QUINTERO MILAN\u00c9S \u00a0 Aprobado acta N\u00ba\u00a0 073 \u00a0 Bogot\u00e1, D. C., diez (10) de marzo de dos mil \u00a0diez (2010) \u00a0\u00a0 V I S T O S \u00a0 Procede \u00a0la \u00a0Corte \u00a0a \u00a0conceptuar [&hellip;]<\/p>\n","protected":false},"author":1,"featured_media":0,"comment_status":"open","ping_status":"open","sticky":false,"template":"","format":"standard","meta":{"footnotes":""},"categories":[18],"tags":[],"class_list":["post-20604","post","type-post","status-publish","format-standard","hentry","category-18"],"_links":{"self":[{"href":"https:\/\/dmsjuridica.com\/buscador_20179478954\/salapenalcronologico20230723\/wp-json\/wp\/v2\/posts\/20604","targetHints":{"allow":["GET"]}}],"collection":[{"href":"https:\/\/dmsjuridica.com\/buscador_20179478954\/salapenalcronologico20230723\/wp-json\/wp\/v2\/posts"}],"about":[{"href":"https:\/\/dmsjuridica.com\/buscador_20179478954\/salapenalcronologico20230723\/wp-json\/wp\/v2\/types\/post"}],"author":[{"embeddable":true,"href":"https:\/\/dmsjuridica.com\/buscador_20179478954\/salapenalcronologico20230723\/wp-json\/wp\/v2\/users\/1"}],"replies":[{"embeddable":true,"href":"https:\/\/dmsjuridica.com\/buscador_20179478954\/salapenalcronologico20230723\/wp-json\/wp\/v2\/comments?post=20604"}],"version-history":[{"count":0,"href":"https:\/\/dmsjuridica.com\/buscador_20179478954\/salapenalcronologico20230723\/wp-json\/wp\/v2\/posts\/20604\/revisions"}],"wp:attachment":[{"href":"https:\/\/dmsjuridica.com\/buscador_20179478954\/salapenalcronologico20230723\/wp-json\/wp\/v2\/media?parent=20604"}],"wp:term":[{"taxonomy":"category","embeddable":true,"href":"https:\/\/dmsjuridica.com\/buscador_20179478954\/salapenalcronologico20230723\/wp-json\/wp\/v2\/categories?post=20604"},{"taxonomy":"post_tag","embeddable":true,"href":"https:\/\/dmsjuridica.com\/buscador_20179478954\/salapenalcronologico20230723\/wp-json\/wp\/v2\/tags?post=20604"}],"curies":[{"name":"wp","href":"https:\/\/api.w.org\/{rel}","templated":true}]}}