{"id":20592,"date":"2023-09-11T22:54:14","date_gmt":"2023-09-11T22:54:14","guid":{"rendered":"https:\/\/dmsjuridica.com\/buscador_20179478954\/salapenalcronologico20230723\/2023\/09\/11\/3322620-01-10\/"},"modified":"2023-09-11T22:54:14","modified_gmt":"2023-09-11T22:54:14","slug":"3322620-01-10","status":"publish","type":"post","link":"https:\/\/dmsjuridica.com\/buscador_20179478954\/salapenalcronologico20230723\/2023\/09\/11\/3322620-01-10\/","title":{"rendered":"33226(20-01-10)"},"content":{"rendered":"\n<p>\u00a0 \u00a0 Proceso n\u00b0 33226 \u00a0<\/p>\n<p>CORTE SUPREMA DE JUSTICIA \u00a0<\/p>\n<p>SALA DE CASACI\u00d3N PENAL \u00a0<\/p>\n<p>\u00a0 \u00a0\u00a0 \u00a0\u00a0 \u00a0\u00a0 \u00a0 \u00a0 \u00a0 \u00a0 \u00a0\u00a0<\/p>\n<p>Magistrada Ponente: \u00a0<\/p>\n<p>MAR\u00cdA \u00a0 \u00a0DEL \u00a0 ROSARIO \u00a0 GONZ\u00c1LEZ \u00a0 DE \u00a0LEMOS \u00a0\u00a0<\/p>\n<p>Aprobado acta N\u00b0\u00a0 07. \u00a0<\/p>\n<p>Bogot\u00e1, D. C., veinte (20) de enero de dos \u00a0mil diez (2010). \u00a0\u00a0<\/p>\n<p>VISTOS \u00a0<\/p>\n<p>\u00a0 \u00a0\u00a0 \u00a0\u00a0 \u00a0\u00a0Se \u00a0 pronuncia \u00a0 la \u00a0Corte \u00a0acerca \u00a0 de \u00a0la \u00a0solicitud \u00a0elevada \u00a0 por \u00a0 el \u00a0Fiscal \u00a0Noveno \u00a0 \u00a0 \u00a0Especializado \u00a0 \u00a0 de \u00a0 \u00a0 Bogot\u00e1, \u00a0 \u00a0 orientada \u00a0 a \u00a0 obtener \u00a0 el \u00a0cambio \u00a0de \u00a0radicaci\u00f3n \u00a0 \u00a0 \u00a0del \u00a0proceso \u00a0 que \u00a0 se \u00a0 adelanta \u00a0 contra \u00a0V\u00cdCTOR \u00a0 ALFONSO \u00a0 ROJAS \u00a0 VALENCIA \u00a0 y \u00a0SOR TERESA G\u00d3MEZ \u00c1LVAREZ, \u00a0a \u00a0quienes \u00a0la \u00a0Unidad Nacional de Derechos Humanos y \u00a0Derecho \u00a0Internacional \u00a0Humanitario \u00a0de \u00a0la Fiscal\u00eda \u00a0General \u00a0 de \u00a0la \u00a0Naci\u00f3n \u00a0profiri\u00f3 \u00a0resoluci\u00f3n \u00a0de \u00a0acusaci\u00f3n \u00a0 \u00a0 \u00a0 \u00a0 \u00a0por \u00a0 \u00a0 \u00a0 \u00a0 \u00a0los \u00a0delitos \u00a0 de \u00a0 homicidio \u00a0 agravado, \u00a0 tentativa \u00a0 de \u00a0homicidio \u00a0y \u00a0concierto \u00a0para \u00a0delinquir \u00a0agravado y, \u00a0adicionalmente, \u00a0en relaci\u00f3n con la segunda de los mencionados, por el il\u00edcito \u00a0de \u00a0amenazas, \u00a0seg\u00fan \u00a0hechos \u00a0en los cuales result\u00f3 \u00a0muerta \u00a0la \u00a0l\u00edder \u00a0c\u00edvica \u00a0Yolanda Yamile Izquierdo \u00a0Berr\u00edo \u00a0 \u00a0y \u00a0 gravemente \u00a0 herido \u00a0 su \u00a0 compa\u00f1ero \u00a0Francisco \u00a0 \u00a0 Torreglosa \u00a0 \u00a0 Quintana, \u00a0acusaci\u00f3n \u00a0confirmada mediante providencia del 23 de septiembre \u00a0de 2009. \u00a0\u00a0<\/p>\n<p>FUNDAMENTOS DE LA SOLICITUD \u00a0<\/p>\n<p>\u00a0 \u00a0\u00a0 \u00a0\u00a0 \u00a0\u00a0Con \u00a0sujeci\u00f3n al tr\u00e1mite previsto en la \u00a0Ley \u00a0 \u00a0600 \u00a0 de \u00a0 2000, \u00a0el \u00a0peticionario \u00a0solicita \u00a0trasladar \u00a0el \u00a0mencionado \u00a0proceso \u00a0de \u00a0Monter\u00eda a la \u00a0ciudad \u00a0de \u00a0Bogot\u00e1. Para el efecto se\u00f1ala que el atentado en el cual falleci\u00f3 \u00a0la \u00a0 \u00a0se\u00f1ora \u00a0 \u00a0Izquierdo \u00a0 Berr\u00edo \u00a0 obedeci\u00f3 \u00a0a \u00a0sus \u00a0actividades de liderazgo encaminadas a recuperar \u00a0las \u00a0tierras \u00a0correspondientes a varias haciendas situadas en el departamento de \u00a0C\u00f3rdoba, \u00a0de las cuales se despoj\u00f3 a un n\u00famero considerable de parceleros por \u00a0parte \u00a0 \u00a0de \u00a0 \u00a0sujetos \u00a0 \u00a0vinculados \u00a0 \u00a0a \u00a0 \u00a0las \u00a0 \u00a0autodefensas \u00a0 \u00a0unidas \u00a0de \u00a0Colombia, \u00a0entre \u00a0ellos, \u00a0la \u00a0procesada \u00a0 \u00a0 SOR \u00a0 \u00a0 TERESA \u00a0 \u00a0G\u00d3MEZ, \u00a0 quien \u00a0 manten\u00eda \u00a0 un \u00a0 estrecho \u00a0v\u00ednculo \u00a0con \u00a0los \u00a0hermanos \u00a0Casta\u00f1o \u00a0Gil \u00a0y \u00a0a \u00a0cuyo \u00a0servicio \u00a0 se \u00a0 encontraba \u00a0el \u00a0acusado \u00a0V\u00cdCTOR ALFONSO ROJAS VALENCIA. \u00a0\u00a0<\/p>\n<p>\u00a0 \u00a0\u00a0 \u00a0\u00a0 \u00a0\u00a0De \u00a0acuerdo \u00a0con \u00a0el \u00a0fiscal \u00a0solicitante, \u00a0la \u00a0captura reciente de \u00a0ROJAS VALENCIA (ocurrida el \u00a014 \u00a0de \u00a0agosto \u00a0de \u00a02009) podr\u00eda generar la alteraci\u00f3n del orden p\u00fablico, \u00a0entre \u00a0otras razones, por el conocimiento que se tiene en \u00a0la \u00a0regi\u00f3n \u00a0en \u00a0el \u00a0sentido \u00a0de ser un peligroso delincuente al servicio de las \u00a0autodefensas \u00a0 y \u00a0 por \u00a0 la \u00a0conformaci\u00f3n \u00a0de \u00a0grupos \u00a0sicariales \u00a0pertenecientes \u00a0 \u00a0 \u00a0 a \u00a0 \u00a0 \u00a0 las \u00a0 \u00a0 \u00a0llamadas \u00a0 \u00a0 \u00a0\u201c\u00c1guilas \u00a0 \u00a0Negras\u201d \u00a0 \u00a0que \u00a0 han \u00a0 despertado \u00a0 miedo, \u00a0 zozobra \u00a0e \u00a0intimidaci\u00f3n \u00a0en \u00a0la \u00a0poblaci\u00f3n, \u00a0acarreando \u00a0con \u00a0ello \u00a0consecuencias \u00a0nocivas \u00a0para \u00a0el \u00a0desarrollo \u00a0pac\u00edfico de la etapa de la causa. \u00a0\u00a0<\/p>\n<p>\u00a0 \u00a0\u00a0 \u00a0\u00a0 \u00a0\u00a0Considera, \u00a0adicionalmente, que con tal situaci\u00f3n tambi\u00e9n se pone \u00a0en \u00a0serio \u00a0riesgo \u00a0la \u00a0integridad personal \u00a0de \u00a0quienes \u00a0pueden \u00a0ser llamados como \u00a0testigos \u00a0 \u00a0 \u00a0al \u00a0juicio, \u00a0 como \u00a0 es \u00a0 el \u00a0 caso \u00a0 de \u00a0 \u00c9der \u00a0Antonio \u00a0Gonz\u00e1lez \u00a0Luna, Manuel \u00a0Argel \u00a0Herrera \u00a0y \u00a0Eloina \u00a0Gaspar \u00a0Padilla, \u00a0en la actualidad beneficiarios del \u00a0programa \u00a0de protecci\u00f3n de testigos de la Fiscal\u00eda. \u00a0Respecto \u00a0del primero, precisa, se cuenta con una interceptaci\u00f3n telef\u00f3nica en \u00a0la \u00a0cual \u00a0el \u00a0procesado \u00a0ROJAS VALENCIA deja \u00a0de \u00a0manifiesto \u00a0su \u00a0inter\u00e9s por atentar contra su vida. Los \u00a0otros \u00a0 testigos, \u00a0 a\u00f1ade, \u00a0han \u00a0denunciado \u00a0amenazas \u00a0de \u00a0muerte \u00a0por \u00a0 parte \u00a0 de \u00a0 individuos \u00a0que \u00a0mantienen \u00a0v\u00ednculos \u00a0con \u00a0las \u00a0autodefensas, \u00a0de \u00a0lo \u00a0cual \u00a0se \u00a0concluye \u00a0que \u00a0los \u00a0miembros \u00a0de \u00a0esa \u00a0organizaci\u00f3n \u00a0delictiva \u00a0estar\u00edan interesados en ocultar la \u00a0participaci\u00f3n \u00a0de \u00a0los procesados en la muerte de la l\u00edder c\u00edvica. \u00a0\u00a0<\/p>\n<p>\u00a0 \u00a0\u00a0 \u00a0\u00a0 \u00a0El \u00a0Fiscal Noveno Especializado refiere que ya con anterioridad la \u00a0Corte \u00a0 Suprema \u00a0 autoriz\u00f3 \u00a0 el \u00a0cambio \u00a0de \u00a0radicaci\u00f3n \u00a0del \u00a0proceso \u00a0seguido \u00a0por \u00a0 \u00a0 estos \u00a0 \u00a0mismos \u00a0 \u00a0hechos \u00a0 \u00a0contra \u00a0 \u00a0\u00c1lvaro \u00a0 Augusto \u00a0 Murillo \u00a0Montes \u00a0y cuya solicitud se fundament\u00f3 en similares \u00a0motivaciones \u00a0a \u00a0las \u00a0que \u00a0sustentan \u00a0la \u00a0presente \u00a0petici\u00f3n. \u00a0Se\u00f1ala \u00a0que \u00a0en \u00a0aquella \u00a0 \u00a0actuaci\u00f3n \u00a0procesal \u00a0 \u00a0 \u00a0ROJAS \u00a0 \u00a0 VALENCIA \u00a0 \u00a0 mostr\u00f3 \u00a0 marcado \u00a0 inter\u00e9s \u00a0 por \u00a0 su \u00a0 tr\u00e1mite, \u00a0al \u00a0punto \u00a0de \u00a0evidenciarse \u00a0algunos \u00a0contactos de su defensora con funcionarios judiciales, lo \u00a0cual \u00a0condujo \u00a0a la compulsaci\u00f3n de copias para investigar a la profesional del \u00a0derecho, \u00a0 \u00a0 \u00a0situaci\u00f3n \u00a0 \u00a0 \u00a0que, \u00a0 \u00a0 \u00a0en \u00a0 \u00a0 su \u00a0 \u00a0 criterio, \u00a0 \u00a0 \u201ces \u00a0 \u00a0demostrativa \u00a0 de \u00a0 los \u00a0alcances \u00a0que \u00a0estar\u00edan \u00a0dispuestos \u00a0los \u00a0procesados \u00a0a \u00a0desplegar \u00a0con \u00a0el \u00a0fin de empa\u00f1ar el juicio o de obtener beneficios o ventajas \u00a0en \u00a0 desmedro \u00a0 del \u00a0 mismo \u00a0 proceso \u00a0y \u00a0por \u00a0ende \u00a0de \u00a0la \u00a0administraci\u00f3n \u00a0de \u00a0justicia\u201d. \u00a0\u00a0<\/p>\n<p>\u00a0 \u00a0\u00a0 \u00a0\u00a0 \u00a0Solicita \u00a0se \u00a0asigne \u00a0el \u00a0proceso \u00a0al \u00a0Juzgado \u00a0Primero \u00a0Penal del \u00a0Circuito \u00a0Especializado de Cundinamarca, despacho judicial al cual correspondi\u00f3 \u00a0adelantar \u00a0el juicio que se sigui\u00f3 a \u00c1lvaro Murillo \u00a0Montes. \u00a0Para \u00a0 apoyar \u00a0 su \u00a0 pretensi\u00f3n, \u00a0 aport\u00f3 \u00a0 copia \u00a0de, \u00a0entre otros documentos, recortes \u00a0de \u00a0prensa \u00a0relacionados \u00a0con \u00a0la \u00a0muerte \u00a0de \u00a0la l\u00edder \u00a0c\u00edvica \u00a0 \u00a0Yolanda \u00a0 Yamile \u00a0 Izquierdo \u00a0 Berr\u00edo, \u00a0as\u00ed \u00a0como \u00a0de informes de polic\u00eda en los cuales se \u00a0da \u00a0cuenta \u00a0acerca de amenazas de muerte recibidas por los testigos Manuel \u00a0 \u00a0Argel \u00a0 Herrera \u00a0y \u00a0Eloina Mar\u00eda Gaspar Padilla, \u00a0lo \u00a0mismo que transcripci\u00f3n \u00a0de algunas llamadas telef\u00f3nicas interceptadas. \u00a0\u00a0<\/p>\n<p>CONSIDERACIONES DE LA CORTE \u00a0<\/p>\n<p>\u00a0 \u00a0\u00a0 \u00a0\u00a0 \u00a0Como \u00a0 el \u00a0 cambio \u00a0 de \u00a0 radicaci\u00f3n \u00a0del \u00a0proceso seguido \u00a0 \u00a0 contra \u00a0 \u00a0 V\u00cdCTOR \u00a0 ALFONSO \u00a0 ROJAS \u00a0 VALENCIA \u00a0y \u00a0SOR \u00a0 \u00a0 TERESA \u00a0 \u00a0 G\u00d3MEZ \u00a0 \u00a0\u00c1LVAREZ \u00a0 \u00a0se \u00a0pretende \u00a0de un distrito judicial a otro, la Sala de \u00a0Casaci\u00f3n \u00a0Penal \u00a0de la Corte Suprema de Justicia es competente para resolver la \u00a0solicitud, \u00a0de \u00a0conformidad \u00a0con \u00a0lo \u00a0previsto \u00a0en el \u00a0numeral \u00a08\u00b0 del art\u00edculo 75 de la ley 600 de 2000, \u00a0en \u00a0concordancia \u00a0con \u00a0lo \u00a0establecido \u00a0en el inciso \u00a0final del art\u00edculo 88 ib\u00eddem. \u00a0\u00a0<\/p>\n<p>\u00a0 \u00a0\u00a0 \u00a0\u00a0 \u00a0\u00a0El \u00a0instituto \u00a0procesal \u00a0del \u00a0cambio \u00a0de \u00a0radicaci\u00f3n \u00a0comporta una \u00a0excepci\u00f3n \u00a0a \u00a0los \u00a0factores \u00a0que \u00a0determinan \u00a0la \u00a0competencia \u00a0territorial y su \u00a0finalidad \u00a0es \u00a0preservar \u00a0el orden p\u00fablico, la imparcialidad o la independencia \u00a0en \u00a0 la \u00a0 administraci\u00f3n \u00a0 de \u00a0justicia, \u00a0las \u00a0garant\u00edas, \u00a0la \u00a0publicidad \u00a0del \u00a0juzgamiento \u00a0y la seguridad e integridad personal de los sujetos procesales o de \u00a0los \u00a0funcionarios \u00a0judiciales, \u00a0seg\u00fan \u00a0lo \u00a0prev\u00e9 \u00a0el art\u00edculo 85 del estatuto \u00a0procesal penal de 2000. \u00a0\u00a0<\/p>\n<p>\u00a0 \u00a0\u00a0 \u00a0\u00a0 \u00a0Tales \u00a0prop\u00f3sitos \u00a0determinan tambi\u00e9n \u00a0su \u00a0procedencia, \u00a0de \u00a0donde \u00a0se \u00a0sigue \u00a0que \u00a0 \u00a0 \u00a0 \u00a0 s\u00f3lo \u00a0 \u00a0 \u00a0 \u00a0resulta \u00a0 \u00a0 \u00a0 \u00a0dable \u00a0 \u00a0 \u00a0 \u00a0proponerlo \u00a0con \u00a0fundamento \u00a0en \u00a0uno \u00a0o \u00a0varios de los \u00a0motivos \u00a0antes \u00a0se\u00f1alados, \u00a0aun \u00a0cuando \u00a0la \u00a0causal invocada \u00a0deber\u00e1 \u00a0 \u00a0motivarse \u00a0suficientemente \u00a0y, a la \u00a0solicitud, \u00a0acompa\u00f1arse \u00a0las \u00a0pruebas \u00a0que \u00a0le \u00a0sirvan de soporte, conforme lo \u00a0establece \u00a0el \u00a0art\u00edculo \u00a087 \u00a0del ordenamiento ritual \u00a0en cita. \u00a0\u00a0<\/p>\n<p>\u00a0 \u00a0\u00a0 \u00a0\u00a0 \u00a0En \u00a0 el \u00a0 asunto \u00a0objeto \u00a0de \u00a0examen, \u00a0la \u00a0Fiscal\u00eda \u00a0fundamenta \u00a0la petici\u00f3n en \u00a0 \u00a0la \u00a0 existencia \u00a0 en \u00a0 C\u00f3rdoba \u00a0de \u00a0 \u00a0 \u00a0circunstancias \u00a0 \u00a0 \u00a0que \u00a0 \u00a0 podr\u00edan \u00a0 \u00a0alterar \u00a0 \u00a0el \u00a0 \u00a0orden \u00a0 \u00a0p\u00fablico \u00a0 \u00a0y \u00a0 poner \u00a0en \u00a0peligro \u00a0la \u00a0seguridad \u00a0e integridad de los testigos, \u00a0todo \u00a0lo cual ir\u00eda en desmedro del proceso y de la administraci\u00f3n de justicia. \u00a0Para \u00a0el \u00a0efecto \u00a0se\u00f1ala que la muerte de la l\u00edder \u00a0c\u00edvica \u00a0Yolanda Izquierdo \u00a0obedeci\u00f3 \u00a0a \u00a0la labor que desempe\u00f1aba encaminada \u00a0a recuperar las tierras de \u00a0las \u00a0cuales \u00a0fueron \u00a0despojados \u00a0un grupo considerable de parceleros \u00a0 por \u00a0 sujetos \u00a0 vinculados \u00a0 a \u00a0las \u00a0autodefensas \u00a0 de \u00a0esa \u00a0regi\u00f3n, \u00a0a \u00a0cuya \u00a0organizaci\u00f3n \u00a0pertenecen \u00a0los \u00a0aqu\u00ed \u00a0procesados. \u00a0\u00a0<\/p>\n<p>En \u00a0ese sentido, se impone se\u00f1alar aqu\u00ed, \u00a0como \u00a0 ya \u00a0 lo \u00a0 ha \u00a0 hecho \u00a0 la \u00a0Sala \u00a0en \u00a0pret\u00e9ritas \u00a0oportunidades, \u00a0 \u00a0 \u00a0 que \u00a0 \u00a0 \u00a0 constituye \u00a0hecho \u00a0notorio la conformaci\u00f3n en amplias regiones del \u00a0pa\u00eds, \u00a0 y \u00a0 en \u00a0 especial \u00a0en \u00a0el \u00a0departamento \u00a0de \u00a0C\u00f3rdoba, \u00a0de \u00a0grupos \u00a0armados \u00a0al margen de la ley, \u00a0com\u00fanmente \u00a0llamados \u201cparamilitares\u201d, \u00a0 \u00a0 los \u00a0 \u00a0cuales \u00a0 \u00a0ocuparon \u00a0 territorios \u00a0 de \u00a0 manera \u00a0 violenta \u00a0y \u00a0tuvieron \u00a0gran \u00a0injerencia \u00a0en la vida social, pol\u00edtica y econ\u00f3mica \u00a0de dichos sectores. \u00a0\u00a0<\/p>\n<p>Resulta indudable tambi\u00e9n que la actividad \u00a0de \u00a0esas \u00a0organizaciones \u00a0criminales \u00a0ha \u00a0conducido \u00a0a \u00a0afectar \u00a0las \u00a0reglas \u00a0de \u00a0convivencia \u00a0social \u00a0y \u00a0en especial a la poblaci\u00f3n civil en la cual ha reca\u00eddo \u00a0la \u00a0mayor\u00eda \u00a0de \u00a0las \u00a0acciones \u00a0de \u00a0estos grupos, motivadas generalmente por no \u00a0compartir \u00a0sus \u00a0intereses, \u00a0estrategias \u00a0y \u00a0procedimientos, y es as\u00ed como en el \u00a0af\u00e1n \u00a0de \u00a0anteponer \u00a0sus prop\u00f3sitos han dejado entre sus numerosas v\u00edctimas a \u00a0servidores \u00a0 p\u00fablicos \u00a0de \u00a0la \u00a0administraci\u00f3n \u00a0de \u00a0justicia, \u00a0de \u00a0la \u00a0polic\u00eda \u00a0judicial, \u00a0 \u00a0alcaldes \u00a0 \u00a0y \u00a0 \u00a0defensores \u00a0 \u00a0de \u00a0 \u00a0derechos \u00a0 humanos1. \u00a0\u00a0<\/p>\n<p>\u00a0 \u00a0\u00a0 \u00a0\u00a0 \u00a0Y, \u00a0como tambi\u00e9n lo ha sostenido la Corte, no obstante la vigencia \u00a0y \u00a0aplicaci\u00f3n \u00a0de \u00a0la \u00a0Ley 975 de 2005, el proceso de desmovilizaci\u00f3n todav\u00eda \u00a0est\u00e1 \u00a0en \u00a0tr\u00e1mite, de modo que la actividad ilegal de los grupos paramilitares \u00a0podr\u00eda \u00a0continuar en algunos casos, m\u00e1xime que los desmovilizados cuentan a\u00fan \u00a0con \u00a0el \u00a0apoyo de sus seguidores, lo cual comporta elevado riesgo para el normal \u00a0desarrollo \u00a0 de \u00a0la \u00a0administraci\u00f3n \u00a0de \u00a0justicia2. \u00a0\u00a0<\/p>\n<p>\u00a0 \u00a0\u00a0 \u00a0\u00a0 \u00a0De \u00a0la \u00a0anterior situaci\u00f3n, precisamente, dan cuenta los elementos \u00a0probatorios \u00a0allegados \u00a0por \u00a0el \u00a0Fiscal solicitante, en especial, el informe del \u00a0CTI \u00a0de fecha 22 de marzo de 2007, de conformidad con el cual el homicidio de la \u00a0l\u00edder \u00a0 \u00a0c\u00edvica \u00a0 \u00a0est\u00e1 \u00a0 atribuido \u00a0 al \u00a0 grupo \u00a0 sicarial \u00a0 \u201c\u00c1guilas \u00a0 negras\u201d, \u00a0al \u00a0servicio \u00a0de \u00a0grupos \u00a0 \u00a0paramilitares \u00a0 \u00a0que \u00a0 \u00a0a\u00fan \u00a0 act\u00faan \u00a0 en \u00a0 la \u00a0 regi\u00f3n3. \u00a0\u00a0<\/p>\n<p>Fundado, \u00a0por \u00a0tanto, \u00a0se \u00a0exhibe \u00a0el temor \u00a0exteriorizado \u00a0por \u00a0el \u00a0Fiscal \u00a014 \u00a0Especializado sobre la posibilidad de que el \u00a0adelantamiento \u00a0del \u00a0juicio \u00a0seguido \u00a0en \u00a0contra \u00a0de los aqu\u00ed procesados genere \u00a0problemas \u00a0de \u00a0orden \u00a0p\u00fablico \u00a0que conspiren contra la adecuada independencia e \u00a0imparcialidad \u00a0con \u00a0la cual deben tramitarse y definirse los procesos judiciales \u00a0y, \u00a0es \u00a0m\u00e1s, \u00a0pongan \u00a0en \u00a0peligro \u00a0la \u00a0integridad \u00a0de quienes est\u00e1n llamados a \u00a0declarar \u00a0en \u00a0la \u00a0audiencia p\u00fablica. Sobre este particular aspecto, las pruebas \u00a0documentales \u00a0aportadas \u00a0refieren \u00a0las amenazas de muerte dirigidas en contra de \u00a0algunos \u00a0de \u00a0esos \u00a0testigos, como es el caso de los informes del CTI de fecha 31 \u00a0de \u00a0 \u00a0enero \u00a0 \u00a0y \u00a0 \u00a029 \u00a0 \u00a0de \u00a0 \u00a0marzo \u00a0 de \u00a0 20074, \u00a0en los cuales se rese\u00f1a la \u00a0queja \u00a0presentada \u00a0por \u00a0Manuel Antonio Argel Herrera \u00a0y \u00a0Eloina \u00a0Mar\u00eda \u00a0Gaspar \u00a0Padilla \u00a0en el sentido de haber recibido intimidaci\u00f3n \u00a0en tal sentido. \u00a0\u00a0<\/p>\n<p>\u00a0 \u00a0\u00a0 \u00a0\u00a0 \u00a0Es \u00a0 \u00a0de \u00a0 \u00a0precisar \u00a0 \u00a0que \u00a0si \u00a0bien \u00a0normativamente \u00a0el \u00a0cambio de radicaci\u00f3n solamente \u00a0opera \u00a0 para \u00a0 proteger \u00a0la \u00a0seguridad \u00a0de \u00a0los \u00a0sujetos \u00a0procesales \u00a0y \u00a0de \u00a0los \u00a0funcionarios \u00a0p\u00fablicos, \u00a0la \u00a0Sala \u00a0ha \u00a0sostenido \u00a0que \u00a0tambi\u00e9n se extiende, en \u00a0ciertos \u00a0casos, \u00a0a \u00a0los \u00a0testigos. Al efecto en decisi\u00f3n del 13 de diciembre de \u00a020055 se expres\u00f3 lo siguiente: \u00a0\u00a0<\/p>\n<p>\u201c\u2026 \u00a0no \u00a0hay \u00a0duda \u00a0que \u00a0facilitar \u00a0la \u00a0participaci\u00f3n \u00a0de \u00a0los \u00a0testigos \u00a0en \u00a0un \u00a0proceso \u00a0significa defender los altos \u00a0intereses \u00a0de \u00a0la \u00a0justicia, \u00a0en lo que igualmente est\u00e1 involucrado el inter\u00e9s \u00a0p\u00fablico, \u00a0 como \u00a0 que \u00a0 garantizar \u00a0esa \u00a0intervenci\u00f3n \u00a0fortalece \u00a0el \u00a0adecuado \u00a0juzgamiento de los ciudadanos\u201d. \u00a0\u00a0<\/p>\n<p>\u00a0 \u00a0\u00a0 \u00a0 \u00a0En \u00a0 consecuencia, \u00a0 se \u00a0 ordenar\u00e1 \u00a0 el \u00a0 cambio \u00a0de \u00a0radicaci\u00f3n \u00a0del \u00a0 \u00a0proceso \u00a0 \u00a0en \u00a0el \u00a0cual \u00a0se \u00a0profiri\u00f3 \u00a0resoluci\u00f3n \u00a0 \u00a0de \u00a0 \u00a0acusaci\u00f3n \u00a0 en \u00a0 contra \u00a0 \u00a0 \u00a0 de \u00a0 \u00a0 \u00a0V\u00cdCTOR \u00a0 ALFONSO \u00a0 ROJAS \u00a0VALENCIA \u00a0y \u00a0SOR \u00a0 \u00a0 TERESA \u00a0 \u00a0 G\u00d3MEZ \u00a0 \u00a0\u00c1LVAREZ. \u00a0Se \u00a0asignar\u00e1 \u00a0su \u00a0conocimiento \u00a0al \u00a0Juzgado \u00a0Penal \u00a0del Circuito Especializado de Cundinamarca al cual correspondi\u00f3 \u00a0tramitar \u00a0la \u00a0actuaci\u00f3n \u00a0que \u00a0se \u00a0sigui\u00f3 \u00a0a \u00c1lvaro \u00a0Augusto \u00a0Murillo \u00a0Montes, \u00a0vinculado \u00a0tambi\u00e9n \u00a0con \u00a0los hechos en que \u00a0 result\u00f3 \u00a0muerta \u00a0la \u00a0ciudadana \u00a0Yolanda \u00a0 Yamile \u00a0 Izquierdo \u00a0 Berr\u00edo, \u00a0 \u00a0 \u00a0en \u00a0 \u00a0 cuyo \u00a0 \u00a0 proceso \u00a0 esta \u00a0 Corporaci\u00f3n \u00a0 en \u00a0 decisi\u00f3n \u00a0pasada6 \u00a0orden\u00f3, \u00a0igualmente, el \u00a0cambio de radicaci\u00f3n. \u00a0\u00a0<\/p>\n<p>\u00a0 \u00a0\u00a0 \u00a0\u00a0 \u00a0En \u00a0m\u00e9rito \u00a0de lo expuesto, la Corte Suprema de Justicia, Sala de \u00a0Casaci\u00f3n Penal, \u00a0\u00a0<\/p>\n<p>RESUELVE: \u00a0<\/p>\n<p>1. \u00a0ORDENAR el \u00a0cambio \u00a0de radicaci\u00f3n del \u00a0proceso \u00a0penal \u00a0seguido \u00a0en \u00a0contra \u00a0de V\u00cdCTOR \u00a0 ALFONSO \u00a0 ROJAS \u00a0 VALENCIA \u00a0y \u00a0SOR \u00a0 \u00a0 TERESA \u00a0 \u00a0G\u00d3MEZ \u00a0 \u00a0\u00c1LVAREZ, del Distrito Judicial de C\u00f3rdoba al de Cundinamarca. \u00a0\u00a0<\/p>\n<p>\u00a0 \u00a0\u00a0 \u00a0 \u00a02. \u00a0 ASIGNAR \u00a0 el \u00a0 conocimiento \u00a0 de \u00a0dicho \u00a0 \u00a0 proceso \u00a0al \u00a0Juzgado \u00a0Penal \u00a0del \u00a0Circuito \u00a0Especializado \u00a0de \u00a0Cundinamarca al cual le \u00a0correspondi\u00f3 \u00a0 adelantar \u00a0 el \u00a0 juicio \u00a0 seguido \u00a0 en \u00a0contra \u00a0de \u00a0\u00c1lvaro \u00a0 Augusto \u00a0 Murillo \u00a0 Montes. \u00a0Para \u00a0 el \u00a0efecto \u00a0 \u00a0la \u00a0 \u00a0autoridad \u00a0 \u00a0judicial \u00a0 \u00a0respectiva \u00a0 lo \u00a0remitir\u00e1 \u00a0a la oficina \u00a0 \u00a0 \u00a0 \u00a0 \u00a0correspondiente. \u00a0\u00a0<\/p>\n<p>\u00a0 \u00a0\u00a0 \u00a0 \u00a0Contra \u00a0 \u00a0esta \u00a0 \u00a0decisi\u00f3n \u00a0 \u00a0no \u00a0 \u00a0procede \u00a0 recurso alguno. \u00a0\u00a0<\/p>\n<p>C\u00f3piese, \u00a0comun\u00edquese \u00a0 \u00a0 \u00a0 \u00a0 \u00a0y \u00a0 \u00a0 \u00a0 \u00a0 c\u00famplase. \u00a0\u00a0<\/p>\n<p>MAR\u00cdA \u00a0 DEL \u00a0 ROSARIO \u00a0 GONZ\u00c1LEZ \u00a0 DE \u00a0LEMOS \u00a0\u00a0<\/p>\n<p>JOS\u00c9 \u00a0LEONIDAS \u00a0 \u00a0 BUSTOS \u00a0MART\u00cdNEZ\u00a0\u00a0\u00a0\u00a0\u00a0\u00a0\u00a0\u00a0 SIGIFREDO \u00a0ESPINOSA \u00a0P\u00c9REZ\u00a0\u00a0\u00a0\u00a0\u00a0\u00a0\u00a0\u00a0\u00a0\u00a0 \u00a0\u00a0<\/p>\n<p>ALFREDO \u00a0 \u00a0 \u00a0 \u00a0 \u00a0 G\u00d3MEZ \u00a0QUINTERO\u00a0\u00a0\u00a0\u00a0\u00a0\u00a0\u00a0\u00a0\u00a0\u00a0\u00a0\u00a0\u00a0\u00a0\u00a0\u00a0\u00a0\u00a0\u00a0\u00a0\u00a0\u00a0 AUGUSTO \u00a0 \u00a0 \u00a0 \u00a0 \u00a0J. \u00a0 \u00a0 \u00a0 \u00a0 \u00a0IB\u00c1\u00d1EZ \u00a0 \u00a0 \u00a0 \u00a0 \u00a0GUZM\u00c1N\u00a0\u00a0\u00a0\u00a0\u00a0\u00a0\u00a0\u00a0\u00a0\u00a0\u00a0\u00a0\u00a0\u00a0\u00a0\u00a0\u00a0\u00a0\u00a0\u00a0\u00a0\u00a0\u00a0\u00a0\u00a0 \u00a0\u00a0<\/p>\n<p>JORGE \u00a0 \u00a0 \u00a0 LUIS \u00a0 \u00a0 \u00a0 QUINTERO \u00a0MILAN\u00c9S\u00a0\u00a0\u00a0\u00a0\u00a0\u00a0\u00a0\u00a0\u00a0\u00a0\u00a0\u00a0\u00a0\u00a0 \u00a0YESID RAM\u00cdREZ \u00a0BASTIDAS\u00a0\u00a0\u00a0\u00a0\u00a0\u00a0\u00a0\u00a0\u00a0\u00a0\u00a0\u00a0\u00a0\u00a0\u00a0\u00a0\u00a0\u00a0\u00a0\u00a0\u00a0\u00a0\u00a0\u00a0\u00a0\u00a0\u00a0\u00a0\u00a0\u00a0\u00a0\u00a0\u00a0\u00a0\u00a0\u00a0 \u00a0\u00a0<\/p>\n<p>JULIO \u00a0ENRIQUE\u00a0 \u00a0SOCHA\u00a0 \u00a0SALAMANCA\u00a0\u00a0\u00a0\u00a0\u00a0\u00a0\u00a0\u00a0\u00a0\u00a0\u00a0\u00a0\u00a0\u00a0\u00a0\u00a0\u00a0\u00a0\u00a0\u00a0\u00a0\u00a0 \u00a0JAVIER ZAPATA ORT\u00cdZ \u00a0\u00a0<\/p>\n<p>\u00a0\u00a0\u00a0\u00a0\u00a0\u00a0\u00a0\u00a0\u00a0\u00a0 \u00a0TERESA RUIZ N\u00da\u00d1EZ \u00a0\u00a0<\/p>\n<p>\u00a0\u00a0\u00a0\u00a0\u00a0\u00a0\u00a0\u00a0\u00a0\u00a0\u00a0\u00a0\u00a0\u00a0\u00a0\u00a0\u00a0\u00a0 \u00a0Secretaria \u00a0 \u00a0\u00a0<\/p>\n<p>1 \u00a0Cfr. \u00a0auto \u00a0del \u00a022 de mayo de 2008, radicaci\u00f3n 29702. En sentido similar, auto \u00a0del 23 de abril de 2009, radicaci\u00f3n 31599. \u00a0\u00a0<\/p>\n<p>2 \u00a0Cfr. Providencia del 23 de abril de 2009 antes citada. \u00a0\u00a0<\/p>\n<p>3 Ver \u00a0folios 71 y ss. de la presente actuaci\u00f3n. \u00a0\u00a0<\/p>\n<p>4 \u00a0Folios 26 y ss. y 35 y ss., respectivamente. \u00a0\u00a0<\/p>\n<p>5 \u00a0Radicaci\u00f3n 24490. \u00a0\u00a0<\/p>\n<p>6 \u00a0Auto del 25 de octubre de 2007, radicaci\u00f3n 28609. \u00a0 \u00a0\u00a0<\/p>\n<p><\/p>\n","protected":false},"excerpt":{"rendered":"<p>\u00a0 \u00a0 Proceso n\u00b0 33226 \u00a0 CORTE SUPREMA DE JUSTICIA \u00a0 SALA DE CASACI\u00d3N PENAL \u00a0 \u00a0 \u00a0\u00a0 \u00a0\u00a0 \u00a0\u00a0 \u00a0 \u00a0 \u00a0 \u00a0 \u00a0\u00a0 Magistrada Ponente: \u00a0 MAR\u00cdA \u00a0 \u00a0DEL \u00a0 ROSARIO \u00a0 GONZ\u00c1LEZ \u00a0 DE \u00a0LEMOS \u00a0\u00a0 Aprobado acta N\u00b0\u00a0 07. \u00a0 Bogot\u00e1, D. C., veinte (20) de enero de dos \u00a0mil diez [&hellip;]<\/p>\n","protected":false},"author":1,"featured_media":0,"comment_status":"open","ping_status":"open","sticky":false,"template":"","format":"standard","meta":{"footnotes":""},"categories":[18],"tags":[],"class_list":["post-20592","post","type-post","status-publish","format-standard","hentry","category-18"],"_links":{"self":[{"href":"https:\/\/dmsjuridica.com\/buscador_20179478954\/salapenalcronologico20230723\/wp-json\/wp\/v2\/posts\/20592","targetHints":{"allow":["GET"]}}],"collection":[{"href":"https:\/\/dmsjuridica.com\/buscador_20179478954\/salapenalcronologico20230723\/wp-json\/wp\/v2\/posts"}],"about":[{"href":"https:\/\/dmsjuridica.com\/buscador_20179478954\/salapenalcronologico20230723\/wp-json\/wp\/v2\/types\/post"}],"author":[{"embeddable":true,"href":"https:\/\/dmsjuridica.com\/buscador_20179478954\/salapenalcronologico20230723\/wp-json\/wp\/v2\/users\/1"}],"replies":[{"embeddable":true,"href":"https:\/\/dmsjuridica.com\/buscador_20179478954\/salapenalcronologico20230723\/wp-json\/wp\/v2\/comments?post=20592"}],"version-history":[{"count":0,"href":"https:\/\/dmsjuridica.com\/buscador_20179478954\/salapenalcronologico20230723\/wp-json\/wp\/v2\/posts\/20592\/revisions"}],"wp:attachment":[{"href":"https:\/\/dmsjuridica.com\/buscador_20179478954\/salapenalcronologico20230723\/wp-json\/wp\/v2\/media?parent=20592"}],"wp:term":[{"taxonomy":"category","embeddable":true,"href":"https:\/\/dmsjuridica.com\/buscador_20179478954\/salapenalcronologico20230723\/wp-json\/wp\/v2\/categories?post=20592"},{"taxonomy":"post_tag","embeddable":true,"href":"https:\/\/dmsjuridica.com\/buscador_20179478954\/salapenalcronologico20230723\/wp-json\/wp\/v2\/tags?post=20592"}],"curies":[{"name":"wp","href":"https:\/\/api.w.org\/{rel}","templated":true}]}}