{"id":20537,"date":"2023-09-11T22:54:11","date_gmt":"2023-09-11T22:54:11","guid":{"rendered":"https:\/\/dmsjuridica.com\/buscador_20179478954\/salapenalcronologico20230723\/2023\/09\/11\/3308910-03-10\/"},"modified":"2023-09-11T22:54:11","modified_gmt":"2023-09-11T22:54:11","slug":"3308910-03-10","status":"publish","type":"post","link":"https:\/\/dmsjuridica.com\/buscador_20179478954\/salapenalcronologico20230723\/2023\/09\/11\/3308910-03-10\/","title":{"rendered":"33089(10-03-10)"},"content":{"rendered":"\n<p>\u00a0 \u00a0 Proceso n.\u00b0 33089 \u00a0<\/p>\n<p>CORTE SUPREMA DE JUSTICIA \u00a0<\/p>\n<p>SALA DE CASACI\u00d3N PENAL \u00a0<\/p>\n<p>Magistrado Ponente \u00a0<\/p>\n<p>JORGE LUIS QUINTERO MILAN\u00c9S \u00a0<\/p>\n<p>Aprobado acta N\u00b0 073 \u00a0<\/p>\n<p>Bogot\u00e1, D. C., diez (10) de marzo de dos mil \u00a0diez (2010) \u00a0\u00a0<\/p>\n<p>V I S T O S \u00a0<\/p>\n<p>La \u00a0Corte \u00a0concept\u00faa \u00a0sobre la solicitud de \u00a0extradici\u00f3n \u00a0del ciudadano colombiano FERNANDO OCTAVIO \u00a0ILLIDGE \u00a0C\u00d3RDOBA, \u00a0elevada \u00a0por \u00a0el \u00a0Gobierno \u00a0de los \u00a0Estados Unidos de Am\u00e9rica. \u00a0\u00a0<\/p>\n<p>L \u00a0A\u00a0\u00a0\u00a0\u00a0 S O L I C I T U \u00a0D \u00a0\u00a0<\/p>\n<p>El \u00a0Gobierno \u00a0de \u00a0los \u00a0Estados \u00a0Unidos \u00a0de \u00a0Am\u00e9rica, \u00a0mediante \u00a0Nota \u00a0Verbal \u00a0n\u00famero \u00a02792 \u00a0del \u00a03 \u00a0de \u00a0noviembre de 2009, \u00a0solicit\u00f3 \u00a0 \u00a0la \u00a0 \u00a0extradici\u00f3n \u00a0 \u00a0del \u00a0 \u00a0ciudadano \u00a0 \u00a0colombiano \u00a0 Fernando \u00a0Octavio Illidge C\u00f3rdoba, a quien \u00a0requiere \u00a0con \u00a0el \u00a0fin \u00a0de \u00a0que \u00a0comparezca \u00a0en \u00a0juicio por delitos federales de \u00a0narcotr\u00e1fico, \u00a0conforme \u00a0a \u00a0la acusaci\u00f3n n\u00famero 07-CR-532(NG) proferida el 26 \u00a0de \u00a0junio \u00a0de \u00a02007 \u00a0por el Tribunal Federal de Distrito, Distrito Este de Nueva \u00a0York. \u00a0\u00a0<\/p>\n<p>1.\u00a0 \u00a0 La \u00a0acusaci\u00f3n dictada en contra del solicitado \u00a0\u00a0<\/p>\n<p>1.1.\u00a0 \u00a0El Gran Jurado del Distrito Este \u00a0de \u00a0 Nueva \u00a0 York, \u00a0 el \u00a0 26 \u00a0 de \u00a0 junio \u00a0 de \u00a0 2007, \u00a0 dict\u00f3 \u00a0 la \u00a0acusaci\u00f3n \u00a0n\u00famero07-CR-532(NG) \u00a0a \u00a0trav\u00e9s de la cual formul\u00f3 en contra del solicitado en \u00a0extradici\u00f3n, \u00a0ciudadano \u00a0colombiano \u00a0Fernando Octavio \u00a0Illidge C\u00f3rdoba, los siguientes cargos: \u00a0\u00a0<\/p>\n<p>\u201cCARGO\u00a0\u00a0 UNO \u00a0\u00a0<\/p>\n<p>\u201cAproximadamente, \u00a0o \u00a0entre \u00a0el \u00a01 \u00a0de \u00a0enero \u00a0de 2003 y el 16 de mayo de 2005, siendo ambas fechas \u00a0aproximadas \u00a0e \u00a0inclusivas, \u00a0en \u00a0el Distrito Este de Nueva York y otros lugares, \u00a0los \u00a0acusados \u00a0FERNANDO \u00a0ILLIDGE-C\u00d3RDOBA, \u00a0conocido \u00a0adem\u00e1s como \u2018Brian \u00a0 \u00a0 \u00a0 \u00a0Illidge\u2019\u2026, \u00a0junto \u00a0con \u00a0otros, \u00a0a \u00a0sabiendas y \u00a0voluntariamente \u00a0 se \u00a0 asociaron \u00a0 il\u00edcitamente \u00a0para \u00a0importar \u00a0una \u00a0sustancia \u00a0controlada \u00a0a \u00a0los \u00a0Estados \u00a0Unidos \u00a0desde un lugar en el extranjero, delito que \u00a0involucr\u00f3 \u00a0un \u00a0kilogramo \u00a0o \u00a0m\u00e1s \u00a0de \u00a0una \u00a0sustancia conteniendo hero\u00edna, una \u00a0sustancia \u00a0controlada \u00a0de Lista I, en violaci\u00f3n del T\u00edtulo 21, C\u00f3digo Federal \u00a0de los Estados Unidos, Secci\u00f3n 952(a). \u00a0\u00a0<\/p>\n<p>\u201c(T\u00edtulo \u00a021, \u00a0C\u00f3digo \u00a0Federal de los Estados Unidos, Secciones 963, 960(a)(1) y 960(b)(1)(A); \u00a0T\u00edtulo \u00a0 18 \u00a0 C\u00f3digo \u00a0 Federal \u00a0 de \u00a0los \u00a0Estados \u00a0Unidos, \u00a0Secciones \u00a03551 \u00a0y \u00a0sig.). \u00a0\u00a0<\/p>\n<p>\u201cCARGO\u00a0\u00a0 DOS \u00a0\u00a0<\/p>\n<p>\u201cAproximadamente, \u00a0o \u00a0entre \u00a0el \u00a01 \u00a0de \u00a0enero \u00a0de 2003 y el 16 de mayo de 2005, siendo ambas fechas \u00a0aproximadas \u00a0e \u00a0inclusivas, \u00a0en \u00a0el Distrito Este de Nueva York y otros lugares, \u00a0los \u00a0acusados \u00a0FERNANDO \u00a0ILLIDGE-C\u00d3RDOBA, \u00a0conocido \u00a0adem\u00e1s como \u2018Brian \u00a0 \u00a0 \u00a0 \u00a0Illidge\u2019\u2026, \u00a0junto \u00a0con \u00a0otros, \u00a0a \u00a0sabiendas y \u00a0voluntariamente \u00a0se \u00a0asociaron \u00a0il\u00edcitamente \u00a0para \u00a0distribuir \u00a0y poseer con la \u00a0intenci\u00f3n \u00a0de \u00a0distribuir \u00a0una \u00a0sustancia \u00a0controlada, delito que involucr\u00f3 un \u00a0kilogramo \u00a0 o \u00a0 m\u00e1s \u00a0de \u00a0una \u00a0sustancia \u00a0conteniendo \u00a0hero\u00edna, \u00a0una \u00a0sustancia \u00a0controlada \u00a0de \u00a0Lista \u00a0I, \u00a0en \u00a0violaci\u00f3n del T\u00edtulo 21, C\u00f3digo Federal de los \u00a0Estados Unidos, Secci\u00f3n 841(a)(1). \u00a0\u00a0<\/p>\n<p>\u201c(T\u00edtulo \u00a021, \u00a0C\u00f3digo \u00a0Federal de los Estados Unidos, Secciones 846 y 841(b)(1)(A)(1); T\u00edtulo \u00a018, \u00a0C\u00f3digo \u00a0Federal \u00a0de los Estados Unidos, Secciones 3551 y sig.). \u00a0\u00a0<\/p>\n<p>\u201cCARGO\u00a0\u00a0 TRES \u00a0\u00a0<\/p>\n<p>\u201cAproximadamente, \u00a0o \u00a0entre \u00a0el \u00a01 \u00a0de \u00a0mayo \u00a0de \u00a02005 y el 16 de mayo de 2005, siendo ambas fechas \u00a0aproximadas \u00a0e inclusivas, en el Distrito Este de Nueva York y otros lugares, el \u00a0acusado \u00a0 \u00a0FERNANDO \u00a0 \u00a0ILLIDGE-C\u00d3RDOBA, \u00a0conocido \u00a0adem\u00e1s como \u2018Brian \u00a0 \u00a0 \u00a0 \u00a0Illidge\u2019, \u00a0junto \u00a0con \u00a0otros, \u00a0a \u00a0sabiendas \u00a0y voluntariamente import\u00f3 una \u00a0sustancia \u00a0controlada \u00a0a \u00a0los \u00a0Estados \u00a0Unidos \u00a0desde un lugar en el extranjero, \u00a0delito \u00a0que \u00a0involucr\u00f3 \u00a0un \u00a0kilogramo \u00a0o \u00a0m\u00e1s \u00a0de \u00a0una \u00a0sustancia \u00a0conteniendo \u00a0hero\u00edna, \u00a0 \u00a0 una \u00a0 \u00a0 sustancia \u00a0 \u00a0 controlada \u00a0 \u00a0 de \u00a0 \u00a0 Lista \u00a0 \u00a0I. \u00a0\u00a0<\/p>\n<p>\u201c(T\u00edtulo \u00a021, \u00a0C\u00f3digo \u00a0 Federal \u00a0 de \u00a0 los \u00a0Estados \u00a0Unidos, \u00a0Secciones \u00a0952(a), \u00a0960(a)(1) \u00a0y \u00a0960(b)(1)(A); \u00a0T\u00edtulo \u00a018 \u00a0C\u00f3digo Federal de los Estados Unidos, Secciones 2 y \u00a03551 y sig.). \u00a0\u00a0<\/p>\n<p>\u201cCARGO\u00a0\u00a0 CUATRO \u00a0\u00a0<\/p>\n<p>\u201cAproximadamente, \u00a0o \u00a0entre \u00a0el \u00a01 \u00a0de \u00a0mayo \u00a0de \u00a02005 y el 16 de mayo de 2005, siendo ambas fechas \u00a0aproximadas \u00a0e inclusivas, en el Distrito Este de Nueva York y otros lugares, el \u00a0acusado \u00a0 \u00a0FERNANDO \u00a0 \u00a0ILLIDGE-C\u00d3RDOBA, \u00a0conocido \u00a0adem\u00e1s como \u2018Brian \u00a0 \u00a0 \u00a0 \u00a0Illidge\u2019, \u00a0junto \u00a0con \u00a0otros, \u00a0a \u00a0sabiendas y voluntariamente distribuy\u00f3 y \u00a0posey\u00f3 \u00a0con \u00a0la \u00a0intenci\u00f3n \u00a0de distribuir una sustancia controlada, delito que \u00a0involucr\u00f3 \u00a0un \u00a0kilogramo \u00a0o \u00a0m\u00e1s \u00a0de \u00a0una \u00a0sustancia conteniendo hero\u00edna, una \u00a0sustancia controlada de Lista I. \u00a0\u00a0<\/p>\n<p>\u201c(T\u00edtulo \u00a021, \u00a0C\u00f3digo \u00a0Federal \u00a0de \u00a0los Estados Unidos, Secciones 841(a)(1) y 841(b)(1)(A)(i); \u00a0T\u00edtulo \u00a018, \u00a0C\u00f3digo \u00a0Federal \u00a0de \u00a0los \u00a0Estados \u00a0Unidos, \u00a0Secciones \u00a02 y 3551 y \u00a0sig.). \u00a0\u00a0<\/p>\n<p>\u201cCARGO\u00a0\u00a0 CINCO \u00a0\u00a0<\/p>\n<p>\u201cAproximadamente,\u00a0 \u00a0 o\u00a0 \u00a0 entre\u00a0 \u00a0 el\u00a0 \u00a027\u00a0 \u00a0de\u00a0 \u00a0abril\u00a0 \u00a0de\u00a0 \u00a02005\u00a0 \u00a0y\u00a0 \u00a0el\u00a0 12\u00a0 de\u00a0 \u00a0mayo\u00a0 \u00a0 \u00a0 de \u00a0 \u00a0 2005,\u00a0 \u00a0 \u00a0siendo\u00a0 \u00a0 \u00a0ambas\u00a0 \u00a0 \u00a0fechas\u00a0 \u00a0aproximadas\u00a0 \u00a0e\u00a0 \u00a0inclusivas,\u00a0 \u00a0en\u00a0 \u00a0el\u00a0 Distrito\u00a0 \u00a0Este \u00a0 \u00a0de \u00a0 Nueva \u00a0 York \u00a0 y \u00a0 otros \u00a0 lugares, \u00a0 los \u00a0 acusados \u00a0 FERNANDO \u00a0 ILLIDGE-C\u00d3RDOBA, \u00a0 conocido \u00a0adem\u00e1s \u00a0 como \u00a0 \u2018Brian \u00a0Illidge\u2019\u2026, \u00a0junto \u00a0con \u00a0otros, \u00a0a sabiendas y voluntariamente importaron una \u00a0sustancia \u00a0controlada \u00a0a \u00a0los \u00a0Estados \u00a0Unidos \u00a0desde un lugar en el extranjero, \u00a0delito \u00a0que \u00a0involucr\u00f3 \u00a0un \u00a0kilogramo \u00a0o \u00a0m\u00e1s \u00a0de \u00a0una \u00a0sustancia \u00a0conteniendo \u00a0hero\u00edna, \u00a0 \u00a0 una \u00a0 \u00a0 sustancia \u00a0 \u00a0 controlada \u00a0 \u00a0 de \u00a0 \u00a0 Lista \u00a0 \u00a0I. \u00a0\u00a0<\/p>\n<p>\u201c(T\u00edtulo \u00a021, \u00a0C\u00f3digo \u00a0 Federal \u00a0 de \u00a0 los \u00a0Estados \u00a0Unidos, \u00a0Secciones \u00a0952(a), \u00a0960(a)(1) \u00a0y \u00a0960(b)(1)(A); \u00a0T\u00edtulo \u00a018 \u00a0C\u00f3digo Federal de los Estados Unidos, Secciones 2 y \u00a03551 y sig.). \u00a0\u00a0<\/p>\n<p>\u201cCARGO\u00a0 \u00a0SEIS \u00a0\u00a0<\/p>\n<p>\u201cAproximadamente, \u00a0o \u00a0entre \u00a0el \u00a027 \u00a0de \u00a0abril de 2005 y el 12 de mayo de 2005, siendo ambas fechas \u00a0aproximadas \u00a0e \u00a0inclusivas, \u00a0en \u00a0el Distrito Este de Nueva York y otros lugares, \u00a0los \u00a0acusados \u00a0FERNANDO \u00a0ILLIDGE-C\u00d3RDOBA, \u00a0conocido \u00a0adem\u00e1s como \u2018Brian \u00a0 \u00a0 \u00a0 \u00a0Illidge\u2019\u2026, \u00a0junto \u00a0con \u00a0otros, \u00a0a \u00a0sabiendas y \u00a0voluntariamente \u00a0distribuyeron \u00a0y \u00a0poseyeron con la intenci\u00f3n de distribuir una \u00a0sustancia \u00a0controlada, \u00a0delito \u00a0que \u00a0involucr\u00f3 \u00a0un \u00a0kilogramo \u00a0o \u00a0m\u00e1s \u00a0de \u00a0una \u00a0sustancia \u00a0conteniendo hero\u00edna, una sustancia controlada de Lista I. \u00a0\u00a0<\/p>\n<p>\u201c(T\u00edtulo \u00a021, \u00a0C\u00f3digo \u00a0Federal \u00a0de \u00a0los Estados Unidos, Secciones 841(a)(1) y 841(b)(1)(A)(i); \u00a0T\u00edtulo \u00a018, \u00a0C\u00f3digo \u00a0Federal \u00a0de \u00a0los \u00a0Estados \u00a0Unidos, \u00a0Secciones \u00a02 y 3551 y \u00a0sig.). \u00a0\u00a0<\/p>\n<p>\u201cCARGO\u00a0\u00a0 SIETE \u00a0\u00a0<\/p>\n<p>\u201cAproximadamente, \u00a0o \u00a0entre \u00a0el \u00a024 \u00a0de \u00a0enero \u00a0de \u00a02005 \u00a0y \u00a0el 14 de febrero de 2005, siendo\u00a0 \u00a0ambas\u00a0 \u00a0fechas\u00a0 \u00a0aproximadas\u00a0 \u00a0e\u00a0 inclusivas,\u00a0 en\u00a0 \u00a0el\u00a0 \u00a0 Distrito\u00a0 \u00a0 Este\u00a0 \u00a0 de \u00a0 Nueva\u00a0 \u00a0 York\u00a0 \u00a0 y\u00a0 \u00a0otros\u00a0 \u00a0 \u00a0 lugares,\u00a0 \u00a0 \u00a0 los\u00a0 \u00a0 \u00a0 acusados\u00a0 \u00a0 \u00a0 FERNANDO\u00a0 \u00a0 \u00a0 \u00a0ILLIDGE-C\u00d3RDOBA, \u00a0conocido \u00a0 \u00a0 \u00a0adem\u00e1s \u00a0 \u00a0 como \u00a0 \u00a0 \u2018Brian \u00a0 \u00a0 \u00a0 \u00a0Illidge\u2019\u2026, \u00a0junto \u00a0con \u00a0otros, \u00a0a \u00a0sabiendas y \u00a0voluntariamente \u00a0importaron \u00a0una sustancia controlada a los Estados Unidos desde \u00a0un \u00a0lugar \u00a0en \u00a0el \u00a0extranjero, \u00a0delito que involucr\u00f3 un kilogramo o m\u00e1s de una \u00a0sustancia \u00a0conteniendo hero\u00edna, una sustancia controlada de Lista I. \u00a0\u00a0<\/p>\n<p>\u201c(T\u00edtulo \u00a021, \u00a0C\u00f3digo \u00a0 Federal \u00a0 de \u00a0 los \u00a0Estados \u00a0Unidos, \u00a0Secciones \u00a0952(a), \u00a0960(a)(1) \u00a0y \u00a0960(b)(1)(A); \u00a0T\u00edtulo \u00a018, C\u00f3digo Federal de los Estados Unidos, Secciones 2 y \u00a03551 y sig.). \u00a0\u00a0<\/p>\n<p>\u201cCARGO\u00a0 \u00a0OCHO \u00a0\u00a0<\/p>\n<p>\u201cAproximadamente, \u00a0o \u00a0entre \u00a0el 24 de enero de 2005 y el 14 de febrero de 2005, siendo ambas fechas \u00a0aproximadas \u00a0e \u00a0inclusivas, \u00a0en \u00a0el Distrito Este de Nueva York y otros lugares, \u00a0los \u00a0acusados \u00a0FERNANDO \u00a0ILLIDGE-C\u00d3RDOBA, \u00a0conocido \u00a0adem\u00e1s como \u2018Brian \u00a0 \u00a0 \u00a0 \u00a0Illidge\u2019\u2026, \u00a0junto \u00a0con \u00a0otros, \u00a0a \u00a0sabiendas y \u00a0voluntariamente \u00a0distribuyeron \u00a0y \u00a0poseyeron con la intenci\u00f3n de distribuir una \u00a0sustancia \u00a0controlada, \u00a0delito \u00a0que \u00a0involucr\u00f3 \u00a0un \u00a0kilogramo \u00a0o \u00a0m\u00e1s \u00a0de \u00a0una \u00a0sustancia \u00a0conteniendo hero\u00edna, una sustancia controlada de Lista I. \u00a0\u00a0<\/p>\n<p>\u201c(T\u00edtulo \u00a021, \u00a0C\u00f3digo \u00a0Federal \u00a0de \u00a0los Estados Unidos, Secciones 841(a)(1) y 841(b)(1)(A)(1); \u00a0T\u00edtulo \u00a018, \u00a0C\u00f3digo \u00a0Federal \u00a0de \u00a0los \u00a0Estados \u00a0Unidos, \u00a0Secciones \u00a02 y 3551 y \u00a0sig.). \u00a0\u00a0<\/p>\n<p>1.2.\u00a0 \u00a0Los \u00a0acontecimientos \u00a0f\u00e1cticos \u00a0objeto \u00a0de \u00a0investigaci\u00f3n \u00a0e imputaci\u00f3n de los citados cargos formulados en su \u00a0contra, motivo de la solicitud de extradici\u00f3n, son los siguientes: \u00a0\u00a0<\/p>\n<p>\u201cFernando Octavio \u00a0Illidge \u00a0C\u00f3rdoba \u00a0y \u00a0Carlos Alberto S\u00e1nchez Cardona \u00a0suministraban \u00a0hero\u00edna \u00a0que \u00a0era \u00a0ingresada a los Estados Unidos por diferentes \u00a0m\u00e9todos, \u00a0 \u00a0 \u00a0 incluyendo \u00a0 \u00a0 \u00a0 \u2018correos\u2019 que \u00a0viajaban \u00a0en \u00a0buques \u00a0cruceros. \u00a0El \u00a0papel \u00a0de Illidge \u00a0C\u00f3rdoba \u00a0como abastecedor de hero\u00edna fue confirmado \u00a0mediante \u00a0llamadas \u00a0telef\u00f3nicas interceptadas legalmente y declaraciones hechas \u00a0por \u00a0testigos \u00a0que cooperan en el caso y que tienen conocimiento personal de las \u00a0acciones\u00a0 \u00a0 \u00a0 \u00a0 de\u00a0 \u00a0 \u00a0 \u00a0 Illidge\u00a0 \u00a0C\u00f3rdoba.\u00a0 \u00a0 \u00a0 \u00a0 \u00a0 \u00a0 \u00a0 \u00a0Illidge\u00a0 \u00a0 \u00a0 \u00a0 \u00a0C\u00f3rdoba\u00a0 \u00a0suministr\u00f3\u00a0 \u00a0cuatro kilogramos de hero\u00edna que fue incautada el 16 de mayo \u00a0de \u00a0 \u00a0 \u00a0 2005 \u00a0 \u00a0 \u00a0a \u00a0 \u00a0 \u00a0un \u00a0 \u00a0 \u00a0\u2018correo\u2019 que \u00a0ingresaba \u00a0a \u00a0los \u00a0Estados \u00a0Unidos \u00a0en \u00a0un buque crucero. S\u00e1nchez Cardona es un \u00a0\u2018correo\u2019 \u00a0que \u00a0ha \u00a0transportado \u00a0exitosamente \u00a0hero\u00edna \u00a0a \u00a0los Estados Unidos en buques cruceros. El papel de S\u00e1nchez Cardona \u00a0como \u00a0\u2018correo\u2019\u00a0 \u00a0transportando \u00a0cargamentos de \u00a0hero\u00edna \u00a0tama\u00f1o-kilogramo fue confirmado por registros de viaje y por testigos \u00a0que \u00a0cooperan \u00a0en \u00a0el \u00a0caso \u00a0y \u00a0que tienen conocimiento personal de que S\u00e1nchez \u00a0Cardona \u00a0transportaba \u00a0hero\u00edna. \u00a0La actividad delictiva que se alega tuvo lugar \u00a0entre \u00a0 \u00a0enero \u00a0 \u00a0de \u00a0 \u00a02003 \u00a0 \u00a0y \u00a0 \u00a0el \u00a0 16 \u00a0 de \u00a0 mayo \u00a0 de \u00a0 2005. \u00a0\u00a0<\/p>\n<p>\u201cTodas \u00a0 las \u00a0acciones \u00a0adelantadas \u00a0por \u00a0el \u00a0acusado \u00a0en \u00a0este \u00a0caso \u00a0fueron \u00a0realizadas \u00a0con \u00a0posterioridad \u00a0 \u00a0 \u00a0al \u00a0 \u00a0 \u00a017 \u00a0 \u00a0 \u00a0de \u00a0 \u00a0 \u00a0diciembre \u00a0 \u00a0 de \u00a0 \u00a0 1997\u201d. \u00a0\u00a0<\/p>\n<p>2.\u00a0 \u00a0 Los \u00a0documentos allegados \u00a0\u00a0<\/p>\n<p>La documentaci\u00f3n remitida por el Gobierno de \u00a0los \u00a0Estados \u00a0Unidos \u00a0de \u00a0Am\u00e9rica que sustenta la solicitud de extradici\u00f3n del \u00a0ciudadano \u00a0 colombiano \u00a0 Fernando \u00a0 Octavio \u00a0 Illidge \u00a0C\u00f3rdoba, es la siguiente: \u00a0\u00a0<\/p>\n<p>2.1.\u00a0 \u00a0Copia \u00a0de \u00a0la acusaci\u00f3n n\u00famero \u00a007-CR-532(NG) \u00a0proferida \u00a0el \u00a026 \u00a0de \u00a0junio \u00a0de \u00a02007 por el Tribunal Federal de \u00a0Distrito, \u00a0Distrito \u00a0Este \u00a0de \u00a0Nueva \u00a0York, \u00a0en \u00a0contra \u00a0de \u00a0Fernando Octavio Illidge \u00a0C\u00f3rdoba. \u00a0\u00a0<\/p>\n<p>2.2.\u00a0 \u00a0Las \u00a0declaraciones \u00a0juradas \u00a0de \u00a0Walter \u00a0M. Norkin, Fiscal Auxiliar de los Estados Unidos, y de Peter Fitzgerald, \u00a0Agente \u00a0Especial del Bur\u00f3 Federal de Investigaci\u00f3n (FBI), las que respaldan la \u00a0acusaci\u00f3n \u00a0en \u00a0contra \u00a0de \u00a0Fernando \u00a0Octavio \u00a0Illidge \u00a0C\u00f3rdoba. \u00a0\u00a0<\/p>\n<p>El Fiscal Auxiliar de los Estados Unidos para \u00a0el \u00a0Distrito \u00a0este \u00a0de \u00a0Nueva \u00a0York, se\u00f1or Walter M. Norkin, en su declaraci\u00f3n \u00a0explica \u00a0los \u00a0alcances \u00a0jur\u00eddicos \u00a0de \u00a0la \u00a0acusaci\u00f3n, \u00a0hace una descripci\u00f3n y \u00a0vigencia \u00a0de \u00a0los tipos penales imputados y realiza una s\u00edntesis de los hechos, \u00a0de \u00a0la \u00a0actuaci\u00f3n \u00a0procesal \u00a0y \u00a0de \u00a0los \u00a0cargos \u00a0atribuidos \u00a0al \u00a0solicitado \u00a0en \u00a0extradici\u00f3n. \u00a0\u00a0<\/p>\n<p>A su vez, el Agente Especial Peter Fitzgerald \u00a0relata, \u00a0de \u00a0manera \u00a0detallada,\u00a0 \u00a0los \u00a0hechos \u00a0objeto \u00a0de \u00a0investigaci\u00f3n y \u00a0juzgamiento \u00a0ante el citado Tribunal y la participaci\u00f3n en los mismos por parte \u00a0del \u00a0requerido \u00a0en \u00a0extradici\u00f3n, \u00a0respecto \u00a0de quien suministra la informaci\u00f3n \u00a0necesaria sobre su identidad. \u00a0\u00a0<\/p>\n<p>2.3.\u00a0 \u00a0 Copia \u00a0 del \u00a0 texto \u00a0 de \u00a0las \u00a0disposiciones \u00a0del \u00a0C\u00f3digo de los Estados Unidos que se afirman fueron violadas \u00a0por \u00a0el \u00a0solicitado en extradici\u00f3n y que se encontraban vigentes para la \u00e9poca \u00a0de los hechos. \u00a0\u00a0<\/p>\n<p>2.4.\u00a0 \u00a0Por \u00faltimo, se alleg\u00f3 copia de \u00a0la \u00a0 \u00a0orden \u00a0 \u00a0de \u00a0 \u00a0arresto \u00a0 \u00a0dictada \u00a0 \u00a0en \u00a0 \u00a0contra \u00a0 \u00a0del \u00a0 \u00a0requerido \u00a0 en \u00a0extradici\u00f3n. \u00a0\u00a0<\/p>\n<p>2.5.\u00a0 \u00a0En la Nota Verbal N\u00b0 2792 del 3 \u00a0de \u00a0 noviembre \u00a0de \u00a02009, \u00a0mediante \u00a0la \u00a0cual \u00a0se \u00a0formaliz\u00f3 \u00a0la \u00a0solicitud \u00a0de \u00a0extradici\u00f3n, \u00a0se inform\u00f3 que Fernando Octavio Illidge \u00a0C\u00f3rdoba, \u00a0 \u201ctambi\u00e9n \u00a0conocido \u00a0como \u00a0\u2018Brian \u00a0 \u00a0 \u00a0 \u00a0Illidge\u2019, \u00a0 \u00a0es \u00a0ciudadano \u00a0tanto \u00a0de \u00a0Colombia como de los Estados Unidos, nacido el 22 de abril \u00a0de \u00a01973, \u00a0en \u00a0C\u00facuta, \u00a0Colombia. \u00a0Es \u00a0portador \u00a0de \u00a0la \u00a0c\u00e9dula colombiana N\u00b0 \u00a010.021.018. \u00a0 Su \u00a0 n\u00famero \u00a0 de \u00a0seguridad \u00a0social \u00a0de \u00a0los \u00a0Estados \u00a0Unidos \u00a0es \u00a0614-60-0624, \u00a0y \u00a0tiene pasaporte de los Estados Unidos N\u00b0 112588769\u201d. \u00a0\u00a0<\/p>\n<p>2.6.\u00a0 La Embajada de los Estados Unidos \u00a0de \u00a0Am\u00e9rica, mediante Nota Verbal N\u00b0 2140 del 31 de julio de 2008 solicit\u00f3 la \u00a0captura \u00a0con \u00a0fines de extradici\u00f3n de Fernando Octavio \u00a0Illidge \u00a0C\u00f3rdoba, \u00a0documento \u00a0que \u00a0el \u00a0Ministerio \u00a0de \u00a0Relaciones \u00a0Exteriores \u00a0remiti\u00f3 \u00a0al Fiscal General de la Naci\u00f3n, Despacho que, \u00a0mediante \u00a0 \u00a0resoluci\u00f3n \u00a0 \u00a0del \u00a0 8 \u00a0 de \u00a0 septiembre \u00a0 siguiente, \u00a0 orden\u00f3 \u00a0 su \u00a0aprehensi\u00f3n. \u00a0\u00a0<\/p>\n<p>Seg\u00fan \u00a0informaci\u00f3n \u00a0suministrada \u00a0por \u00a0la \u00a0Fiscal\u00eda \u00a0General \u00a0de \u00a0la \u00a0Naci\u00f3n, \u00a0la \u00a0resoluci\u00f3n \u00a0que \u00a0dispuso \u00a0la \u00a0captura \u00a0de \u00a0 Fernando \u00a0Octavio \u00a0Illidge \u00a0C\u00f3rdoba, \u00a0identificado \u00a0con la c\u00e9dula de ciudadan\u00eda n\u00famero 10.021.018 de \u00a0Pereira, \u00a0 le \u00a0 fue \u00a0 notificada \u00a0 personalmente \u00a0 el \u00a0 10 \u00a0 de \u00a0 septiembre \u00a0de \u00a02009. \u00a0\u00a0<\/p>\n<p>2.7.\u00a0 La solicitud de extradici\u00f3n fue \u00a0formalizada \u00a0mediante \u00a0la \u00a0Nota \u00a0Verbal\u00a0 n\u00famero 2792 del 3 de noviembre de \u00a02009, \u00a0emitida \u00a0por la Embajada de los\u00a0 Estados\u00a0 Unidos\u00a0 de\u00a0 \u00a0Am\u00e9rica\u00a0 \u00a0 \u00a0y\u00a0 \u00a0 \u00a0dirigida\u00a0 \u00a0 \u00a0al\u00a0 \u00a0 \u00a0Ministerio \u00a0 de\u00a0 \u00a0Relaciones\u00a0 \u00a0Exteriores\u00a0 \u00a0de\u00a0 \u00a0Colombia,\u00a0 con\u00a0 la\u00a0 \u00a0que\u00a0 \u00a0se\u00a0 \u00a0adjunt\u00f3\u00a0 \u00a0la \u00a0documentaci\u00f3n que apoya\u00a0 el\u00a0 \u00a0pedido\u00a0 \u00a0 de\u00a0 \u00a0 extradici\u00f3n\u00a0 \u00a0de\u00a0 \u00a0Fernando Octavio Illidge C\u00f3rdoba. \u00a0\u00a0<\/p>\n<p>3.\u00a0 \u00a0La \u00a0normatividad \u00a0que \u00a0rige \u00a0al \u00a0presente \u00a0tr\u00e1mite \u00a0es \u00a0la contemplada en Libro V, Cap\u00edtulo Segundo del C\u00f3digo \u00a0de \u00a0Procedimiento \u00a0Penal de 2004, en la\u00a0 medida que no existe en el momento \u00a0convenio \u00a0aplicable \u00a0que \u00a0regule \u00a0el\u00a0 \u00a0asunto, \u00a0como \u00a0as\u00ed lo conceptu\u00f3 la \u00a0Directora \u00a0de \u00a0la \u00a0Oficina \u00a0de \u00a0Asesor\u00eda Jur\u00eddica del Ministerio de Relaciones \u00a0Exteriores, \u00a0seg\u00fan oficio n\u00famero OAJ.E. 2427 del 3 de noviembre de 2009, quien \u00a0adem\u00e1s \u00a0certific\u00f3 \u00a0que la \u00a0documentaci\u00f3n \u00a0del \u00a0expediente \u00a0procedente de la Embajada de los Estados Unidos \u00a0de \u00a0 \u00a0Am\u00e9rica, \u00a0 \u00a0fue \u00a0 presentada \u00a0 \u201cdebidamente \u00a0 autenticada\u201d. \u00a0\u00a0<\/p>\n<p>PER\u00cdODO\u00a0\u00a0 PROBATORIO \u00a0<\/p>\n<p>Los \u00a0sujetos \u00a0procesales \u00a0no \u00a0solicitaron \u00a0pruebas \u00a0 \u00a0ni \u00a0 \u00a0la \u00a0 \u00a0Corte \u00a0 \u00a0consider\u00f3 \u00a0 necesario \u00a0 decretar \u00a0 ninguna \u00a0 de \u00a0oficio. \u00a0\u00a0<\/p>\n<p>LAS\u00a0 \u00a0 ALEGACIONES\u00a0 \u00a0 DE\u00a0 \u00a0LAS\u00a0 PARTES \u00a0\u00a0<\/p>\n<p>1. Las presentadas \u00a0por la Procuradora Tercera Delegada para la Casaci\u00f3n Penal \u00a0\u00a0<\/p>\n<p>La \u00a0representante \u00a0del Ministerio P\u00fablico, \u00a0luego \u00a0de \u00a0relacionar de manera\u00a0 detallada los hechos, los antecedentes, el \u00a0tr\u00e1mite \u00a0adelantado, \u00a0los \u00a0instrumentos \u00a0allegados a este diligenciamiento y de \u00a0mencionar \u00a0las \u00a0normas \u00a0aplicables \u00a0al \u00a0caso, dice que, en lo relacionado con la \u00a0validez \u00a0formal \u00a0de \u00a0los \u00a0documentos, el Estado solicitante aport\u00f3, debidamente \u00a0traducidas \u00a0y \u00a0autenticadas, la providencia acusatoria, en la cual se rese\u00f1a el \u00a0lugar \u00a0y \u00a0las \u00a0fechas \u00a0donde \u00a0ocurrieron \u00a0los \u00a0hechos \u00a0y el delito imputado, las \u00a0distintas \u00a0normas \u00a0penales, \u00a0las \u00a0declaraciones de apoyo a la\u00a0 solicitud de \u00a0extradici\u00f3n \u00a0y \u00a0la \u00a0orden de captura, motivo por el cual concluye que se cumple \u00a0cabalmente con esta exigencia legal. \u00a0\u00a0<\/p>\n<p>Respecto \u00a0a \u00a0la \u00a0demostraci\u00f3n \u00a0plena de la \u00a0identidad \u00a0del \u00a0requerido, \u00a0asevera \u00a0que \u00a0es \u00a0otra \u00a0exigencia \u00a0que \u00a0se encuentra \u00a0satisfecha, \u00a0toda \u00a0vez que los datos suministrados por las autoridades del pa\u00eds \u00a0requirente \u00a0coinciden con los de la persona que fue notificada de la resoluci\u00f3n \u00a0expedida \u00a0por \u00a0la \u00a0Fiscal\u00eda \u00a0General \u00a0de \u00a0la \u00a0Naci\u00f3n, \u00a0por medio de la cual se \u00a0orden\u00f3 \u00a0su \u00a0captura \u00a0y \u00a0que en este momento se encuentra privada de la libertad \u00a0con fines de extradici\u00f3n. \u00a0\u00a0<\/p>\n<p>Agrega \u00a0que \u00a0en los documentos allegados al \u00a0presente \u00a0tr\u00e1mite \u00a0se \u00a0consignaron sus datos personales, es decir, que se trata \u00a0de \u00a0un \u00a0ciudadano colombiano, nacido el 22 de abril de 1973 y que es portador de \u00a0la \u00a0c\u00e9dula \u00a0de \u00a0ciudadan\u00eda n\u00famero 10.021.018, datos que coinciden con los que \u00a0suministr\u00f3 \u00a0 \u00a0 \u00a0Fernando \u00a0 \u00a0 \u00a0Octavio \u00a0 \u00a0 Illidge \u00a0C\u00f3rdoba. \u00a0\u00a0<\/p>\n<p>En\u00a0 \u00a0lo\u00a0 \u00a0que\u00a0 \u00a0tiene\u00a0 \u00a0que\u00a0 \u00a0 ver\u00a0 \u00a0 con\u00a0 \u00a0el\u00a0 \u00a0principio\u00a0 \u00a0de\u00a0 \u00a0la\u00a0 \u00a0doble\u00a0 \u00a0incriminaci\u00f3n, \u00a0sostiene \u00a0que \u00a0los \u00a0ocho \u00a0cargos \u00a0imputados \u00a0a Fernando \u00a0Octavio \u00a0 \u00a0 Illidge \u00a0 \u00a0 C\u00f3rdoba \u00a0 \u00a0encuentran\u00a0 \u00a0adecuaci\u00f3n\u00a0 \u00a0t\u00edpica\u00a0 \u00a0en\u00a0 \u00a0los\u00a0 art\u00edculos\u00a0 340\u00a0 \u00a0y\u00a0 \u00a0 376\u00a0 \u00a0 del\u00a0 \u00a0 C\u00f3digo \u00a0Penal,\u00a0 \u00a0los\u00a0 \u00a0cuales\u00a0 \u00a0consagran\u00a0 \u00a0los\u00a0 \u00a0delitos\u00a0 \u00a0de\u00a0 \u00a0concierto\u00a0 \u00a0para\u00a0 \u00a0delinquir\u00a0 \u00a0 \u00a0 y \u00a0 \u00a0 tr\u00e1fico\u00a0 \u00a0 \u00a0 de\u00a0 \u00a0 \u00a0 estupefacientes,\u00a0 \u00a0sancionados\u00a0 \u00a0con\u00a0 \u00a0pena\u00a0 \u00a0superior\u00a0 \u00a0a\u00a0 \u00a0cuatro a\u00f1os, \u00a0aspecto \u00a0 que \u00a0 conlleva \u00a0 a \u00a0 concluir \u00a0 que \u00a0 tambi\u00e9n \u00a0 se \u00a0cumple \u00a0con \u00a0este \u00a0postulado. \u00a0\u00a0<\/p>\n<p>En\u00a0 \u00a0lo\u00a0 \u00a0que\u00a0 respecta a la \u00a0equivalencia \u00a0de \u00a0la \u00a0providencia dictada en el pa\u00eds\u00a0 solicitante, tampoco \u00a0encuentra \u00a0 inconveniente \u00a0 alguno, \u00a0 por \u00a0 cuanto \u00a0 la\u00a0 \u00a0 acusaci\u00f3n\u00a0 \u00a0dictada\u00a0 \u00a0 en\u00a0 \u00a0 el\u00a0 \u00a0extranjero\u00a0 \u00a0contiene\u00a0 \u00a0los\u00a0 \u00a0cargos\u00a0 \u00a0 de\u00a0 \u00a0los\u00a0 \u00a0cuales \u00a0se\u00a0 \u00a0debe\u00a0 \u00a0defender\u00a0 \u00a0el\u00a0 \u00a0 \u00a0acusado,\u00a0 \u00a0 sin\u00a0 \u00a0 olvidar\u00a0 \u00a0 que\u00a0 \u00a0 dicha\u00a0 \u00a0pieza\u00a0 \u00a0 se \u00a0 constituye\u00a0 \u00a0en\u00a0 \u00a0presupuesto\u00a0 \u00a0procesal\u00a0 \u00a0para\u00a0 \u00a0 la\u00a0 \u00a0 iniciaci\u00f3n\u00a0 \u00a0 de\u00a0 \u00a0 la\u00a0 \u00a0etapa\u00a0 \u00a0de \u00a0juzgamiento, \u00a0 que \u00a0 culmina \u00a0 con \u00a0la \u00a0respectiva \u00a0sentencia, \u00a0adem\u00e1s \u00a0de \u00a0que \u00a0contiene \u00a0una \u00a0relaci\u00f3n de \u00a0los \u00a0hechos, \u00a0con \u00a0especificaci\u00f3n de las circunstancias de\u00a0 tiempo, modo y \u00a0lugar \u00a0en \u00a0que \u00a0ocurrieron \u00a0y \u00a0la \u00a0calificaci\u00f3n \u00a0jur\u00eddica \u00a0de la conducta, con \u00a0indicaci\u00f3n \u00a0de \u00a0las \u00a0disposiciones \u00a0sustanciales \u00a0aplicables, \u00a0lo \u00a0cual permite \u00a0colegir \u00a0que dicha pieza procesal guarda correspondencia con\u00a0 la acusaci\u00f3n \u00a0prevista en nuestro sistema penal. \u00a0\u00a0<\/p>\n<p>En \u00a0consecuencia, \u00a0estima \u00a0la \u00a0Delegada del \u00a0Ministerio \u00a0P\u00fablico \u00a0que en este\u00a0 caso las formalidades legales se cumplen \u00a0cabalmente \u00a0para que la Corte\u00a0 proceda a emitir concepto favorable respecto \u00a0de \u00a0la \u00a0solicitud \u00a0de \u00a0extradici\u00f3n\u00a0 \u00a0del \u00a0ciudadano colombiano \u00a0 \u00a0 \u00a0 Fernando \u00a0 \u00a0 \u00a0 Octavio \u00a0 \u00a0 \u00a0Illidge \u00a0 \u00a0 \u00a0C\u00f3rdoba. \u00a0\u00a0<\/p>\n<p>En \u00a0 orden \u00a0 a \u00a0garantizar \u00a0los \u00a0derechos \u00a0fundamentales \u00a0 del \u00a0 ciudadano \u00a0 colombiano \u00a0 requerido \u00a0 en \u00a0extradici\u00f3n, \u00a0la \u00a0Procuradora \u00a0Delegada sugiere a la Corte exhortar al Gobierno Nacional para que, \u00a0en \u00a0caso \u00a0de \u00a0que \u00a0se \u00a0conceda, \u00a0se \u00a0condicione la misma en el sentido de que el \u00a0solicitado \u00a0no \u00a0sea juzgado por hechos anteriores ni distintos a los que motivan \u00a0la \u00a0extradici\u00f3n, \u00a0ni \u00a0sometido \u00a0a \u00a0prisi\u00f3n \u00a0perpetua, \u00a0ni \u00a0a \u00a0tratos \u00a0crueles, \u00a0inhumanos o degradantes. \u00a0\u00a0<\/p>\n<p>2.\u00a0 \u00a0 Las \u00a0presentadas por la defensa \u00a0\u00a0<\/p>\n<p>El \u00a0defensor \u00a0de \u00a0Fernando \u00a0Octavio \u00a0Illidge \u00a0C\u00f3rdoba, luego de plasmar \u00a0sus \u00a0cr\u00edticas \u00a0en \u00a0contra \u00a0del \u00a0Gobierno \u00a0Nacional \u00a0por \u00a0la manera \u201cindiscriminada \u00a0 \u00a0 \u00a0 \u00a0 \u00a0 \u00a0y \u00a0generalizada\u201d \u00a0con \u00a0que ha \u00a0aplicado \u00a0este \u00a0instrumento \u00a0de \u00a0colaboraci\u00f3n internacional, solicita a la Sala \u00a0que, \u00a0en \u00a0caso \u00a0de \u00a0ser \u00a0favorable \u00a0el concepto de extradici\u00f3n de su procurado, \u00a0\u00e9ste \u00a0se \u00a0condicione \u00a0a \u00a0los \u00a0derechos \u00a0que \u00a0la \u00a0Carta Pol\u00edtica y los Tratados \u00a0Internacionales lo cobijan. \u00a0\u00a0<\/p>\n<p>CONCEPTO\u00a0\u00a0 \u00a0 \u00a0DE\u00a0\u00a0 \u00a0LA\u00a0\u00a0 CORTE \u00a0\u00a0<\/p>\n<p>El \u00a0art\u00edculo \u00a0502 \u00a0de \u00a0la \u00a0Ley 906 de 2004 \u00a0estatuye \u00a0que \u00a0el \u00a0concepto \u00a0que \u00a0emite\u00a0 \u00a0la \u00a0Sala \u00a0debe \u00a0estar centrado en \u00a0establecer \u00a0la \u00a0validez \u00a0formal \u00a0de \u00a0la\u00a0 \u00a0documentaci\u00f3n \u00a0presentada, en la \u00a0demostraci\u00f3n \u00a0plena de la identidad del\u00a0 solicitado, en el principio de la \u00a0doble \u00a0incriminaci\u00f3n, \u00a0en \u00a0la equivalencia de la\u00a0 providencia proferida en \u00a0el \u00a0extranjero \u00a0y, \u00a0cuando fuere el caso, en el cumplimiento de los previstos en \u00a0los tratados p\u00fablicos. \u00a0\u00a0<\/p>\n<p>En esas condiciones, se procede a emitir el \u00a0concepto en los siguientes t\u00e9rminos: \u00a0\u00a0<\/p>\n<p>1.\u00a0 \u00a0La\u00a0 \u00a0validez\u00a0 \u00a0 \u00a0 \u00a0formal\u00a0 \u00a0 \u00a0 \u00a0de\u00a0 \u00a0 \u00a0 los\u00a0 \u00a0 \u00a0 documentos\u00a0 \u00a0aportados \u00a0\u00a0<\/p>\n<p>Advierte \u00a0la \u00a0Sala \u00a0que \u00a0la \u00a0documentaci\u00f3n \u00a0presentada \u00a0 como \u00a0 soporte \u00a0de \u00a0la \u00a0petici\u00f3n \u00a0de \u00a0extradici\u00f3n \u00a0de \u00a0Fernando Octavio Illidge C\u00f3rdoba, cumple \u00a0con \u00a0las \u00a0exigencias legales contempladas en los C\u00f3digos de Procedimiento Penal \u00a0y Civil para tenerla como apta para fundar el respectivo concepto. \u00a0\u00a0<\/p>\n<p>En efecto, no hay duda que los documentos se \u00a0allegaron \u00a0 por \u00a0v\u00eda \u00a0diplom\u00e1tica, \u00a0habiendo \u00a0sido \u00a0debidamente \u00a0traducidos \u00a0y \u00a0autenticados, \u00a0dentro \u00a0de \u00a0los \u00a0cuales \u00a0obra \u00a0la \u00a0copia de la acusaci\u00f3n n\u00famero \u00a007-CR-532(NG), \u00a0proferida \u00a0el \u00a026 \u00a0de \u00a0junio \u00a0de 2007 por el Tribunal Federal de \u00a0Distrito, \u00a0Distrito \u00a0Este \u00a0de \u00a0Nueva York, la cual fue firmada por el Presidente \u00a0del \u00a0Gran \u00a0Jurado \u00a0y \u00a0la Fiscal Federal del Distrito Este de Nueva York, se\u00f1ora \u00a0Roslynn \u00a0 R. \u00a0 Mauskopf, \u00a0 documento \u00a0cuya \u00a0autenticidad \u00a0de \u00a0su \u00a0contenido \u00a0fue \u00a0certificado \u00a0con \u00a0la firma y el sello pertenecientes a la Secretaria Auxiliar de \u00a0dicho Tribunal, se\u00f1or Gershon J. Pohorelsky. \u00a0\u00a0<\/p>\n<p>A su vez, obran las declaraciones juradas de \u00a0Walter \u00a0Norkin, \u00a0Fiscal \u00a0Auxiliar \u00a0de los Estados Unidos, y de Meter Fitzgerald, \u00a0Agente \u00a0Especial \u00a0del \u00a0Bur\u00f3 Federal de Investigaci\u00f3n (FBI), rendidas, el 19 de \u00a0octubre \u00a0de \u00a02009, \u00a0ante el Juez Federal del Distrito Este de Nueva York, se\u00f1or \u00a0Nicholas \u00a0G. \u00a0Garaufis, cuyos contenidos y traducci\u00f3n al espa\u00f1ol, junto con el \u00a0resto \u00a0de \u00a0la \u00a0documentaci\u00f3n \u00a0que \u00a0las acompa\u00f1a, fueron certificados, el 23 de \u00a0octubre \u00a0de \u00a0dicho a\u00f1o, por Thomas C. Black, Director Asociado de la Oficina de \u00a0Asuntos \u00a0Internacionales, Divisi\u00f3n de lo Penal, del Departamento de Justicia de \u00a0los Estados Unidos. \u00a0\u00a0<\/p>\n<p>As\u00ed \u00a0mismo \u00a0aparece \u00a0que la documentaci\u00f3n \u00a0anexa \u00a0hace \u00a0referencia \u00a0a \u00a0la \u00a0orden de arresto, a la acusaci\u00f3n y a las normas \u00a0aplicables \u00a0al caso, esto es, T\u00edtulo 18, Secciones 2, 3282 y 3551 y T\u00edtulo 21, \u00a0Secciones \u00a0 841 \u00a0(actos \u00a0prohibidos), \u00a0846 \u00a0(concierto), \u00a0952 \u00a0(importaci\u00f3n \u00a0de \u00a0sustancias \u00a0controladas), \u00a0960 \u00a0(actos \u00a0prohibidos) y 963 (intento y asociaci\u00f3n \u00a0il\u00edcita), del C\u00f3digo de los Estados Unidos. \u00a0\u00a0<\/p>\n<p>Por \u00a0su \u00a0parte, \u00a0la r\u00fabrica y el cargo del \u00a0se\u00f1or \u00a0Thomas \u00a0C. \u00a0Black \u00a0fueron certificados por el se\u00f1or Eric H. Holder Jr., \u00a0Procurador \u00a0 de \u00a0 los \u00a0Estados \u00a0Unidos \u00a0de \u00a0Am\u00e9rica, \u00a0quien \u00a0seg\u00fan \u00a0su \u00a0propia \u00a0afirmaci\u00f3n \u00a0escrita, \u00a0orden\u00f3 \u00a0que \u00a0se \u00a0estampara \u00a0el sello del Departamento de \u00a0Justicia \u00a0de \u00a0los \u00a0Estados \u00a0Unidos, \u00a0siendo \u00a0atestada \u00a0la firma de aqu\u00e9l por el \u00a0Director \u00a0Adjunto \u00a0de \u00a0la \u00a0Oficina \u00a0de \u00a0Asuntos Internacionales, Divisi\u00f3n de lo \u00a0Penal, \u00a0y \u00a0el sello del Departamento de Estado fue ordenado por la Secretaria de \u00a0Estado, \u00a0se\u00f1ora Hillary Rodham Clinton, de cuyo nombre dio fe el\u00a0 Auxiliar \u00a0de \u00a0 Autenticaciones \u00a0 de \u00a0 la \u00a0 misma \u00a0oficina, \u00a0se\u00f1or \u00a0Patrick \u00a0O. \u00a0Hatchett. \u00a0\u00a0<\/p>\n<p>Por \u00a0\u00faltimo, \u00a0dichos \u00a0documentos \u00a0fueron \u00a0presentados \u00a0 para \u00a0 su \u00a0autenticaci\u00f3n \u00a0ante \u00a0el \u00a0Vicec\u00f3nsul \u00a0de \u00a0Colombia \u00a0en \u00a0Washington \u00a0D. \u00a0C., \u00a0se\u00f1or Ren\u00e9 Correa Rodr\u00edguez, como as\u00ed lo constat\u00f3 y lo \u00a0aval\u00f3 \u00a0la \u00a0Oficina \u00a0de \u00a0Legalizaciones del Ministerio de Relaciones Exteriores, \u00a0cumpli\u00e9ndose \u00a0con \u00a0lo \u00a0establecido \u00a0por \u00a0el \u00a0art\u00edculo \u00a0259 del C. de P. Civil, \u00a0modificado \u00a0por \u00a0el \u00a01\u00b0, \u00a0numeral \u00a0118 \u00a0del \u00a0D. \u00a0E. \u00a02282 \u00a0de \u00a01989 \u00a0que \u00a0dice: \u00a0\u201cLos documentos p\u00fablicos \u00a0otorgados \u00a0 en \u00a0pa\u00eds \u00a0extranjero \u00a0por \u00a0funcionario \u00a0de \u00a0\u00e9ste \u00a0o \u00a0con\u00a0 \u00a0su \u00a0intervenci\u00f3n,\u00a0 \u00a0 deber\u00e1n \u00a0presentarse \u00a0debidamente \u00a0autenticados \u00a0por \u00a0el \u00a0c\u00f3nsul \u00a0o agente\u00a0 diplom\u00e1tico de la Rep\u00fablica, y en su defecto por el de \u00a0una \u00a0naci\u00f3n \u00a0amiga, \u00a0lo\u00a0 cual hace presumir que se otorgaron conforme a la \u00a0ley \u00a0del \u00a0respectivo \u00a0pa\u00eds. \u00a0La \u00a0firma \u00a0del \u00a0c\u00f3nsul \u00a0o \u00a0agente diplom\u00e1tico se \u00a0abonar\u00e1 \u00a0por \u00a0el Ministerio de Relaciones Exteriores de Colombia, y si se trata \u00a0de \u00a0 \u00a0agentes \u00a0 \u00a0consulares \u00a0 \u00a0de \u00a0 \u00a0un \u00a0 \u00a0pa\u00eds\u00a0 \u00a0 amigo,\u00a0 \u00a0 se\u00a0 \u00a0autenticar\u00e1\u00a0 \u00a0 previamente\u00a0 \u00a0 por\u00a0 \u00a0 el\u00a0 \u00a0funcionario\u00a0 \u00a0competente \u00a0 del\u00a0 \u00a0 mismo\u00a0 \u00a0 y\u00a0 \u00a0los\u00a0 \u00a0de\u00a0 \u00a0\u00e9ste\u00a0 \u00a0por\u00a0 \u00a0 \u00a0 \u00a0 \u00a0 \u00a0el\u00a0 \u00a0 \u00a0 \u00a0 \u00a0 c\u00f3nsul\u00a0 \u00a0 \u00a0 \u00a0 \u00a0 colombiano\u201d,\u00a0 \u00a0disposici\u00f3n aplicable al caso \u00a0en \u00a0virtud \u00a0del \u00a0principio \u00a0de integraci\u00f3n previsto en los art\u00edculos 25 y 495, \u00a0\u00faltimo inciso, del C\u00f3digo de Procedimiento Penal de 2004. \u00a0\u00a0<\/p>\n<p>Adem\u00e1s, \u00a0la Oficina de Asesor\u00eda Jur\u00eddica \u00a0del \u00a0Ministerio \u00a0de \u00a0Relaciones Exteriores, mediante oficio OAJ.E. 2427 del 3 de \u00a0noviembre \u00a0de \u00a02009, \u00a0certific\u00f3 que la documentaci\u00f3n procedente de la Embajada \u00a0de \u00a0 \u00a0los \u00a0 \u00a0Estados \u00a0 \u00a0Unidos \u00a0 de \u00a0 Am\u00e9rica \u00a0 fue \u00a0 presentada \u00a0 \u201cdebidamente \u00a0 autenticada\u201d. \u00a0\u00a0<\/p>\n<p>Por \u00a0lo \u00a0tanto, \u00a0teniendo \u00a0en cuenta que la \u00a0solicitud \u00a0de \u00a0extradici\u00f3n de Fernando Octavio Illidge \u00a0C\u00f3rdoba \u00a0se hizo por la v\u00eda diplom\u00e1tica y que en la \u00a0expedici\u00f3n \u00a0 y \u00a0tr\u00e1mite \u00a0de \u00a0los \u00a0mencionados \u00a0documentos, \u00a0as\u00ed \u00a0como \u00a0en \u00a0su \u00a0traducci\u00f3n, \u00a0se cumplieron todos los ritos formales de legalizaci\u00f3n prescritos \u00a0por \u00a0las \u00a0normas \u00a0de \u00a0los \u00a0Estados Unidos de Am\u00e9rica, la Corte los tendr\u00e1 como \u00a0aptos \u00a0para \u00a0servir \u00a0de prueba en este asunto, cumpli\u00e9ndose as\u00ed con la primera \u00a0exigencia legal. \u00a0\u00a0<\/p>\n<p>2.\u00a0 La\u00a0 \u00a0identificaci\u00f3n\u00a0 \u00a0 \u00a0plena\u00a0 \u00a0 \u00a0del\u00a0 \u00a0 \u00a0solicitado\u00a0 \u00a0 en\u00a0 \u00a0extradici\u00f3n \u00a0\u00a0<\/p>\n<p>No \u00a0 \u00a0hay \u00a0 duda \u00a0 que \u00a0 el \u00a0 ciudadano \u00a0colombiano \u00a0 \u00a0 \u00a0Fernando \u00a0 \u00a0 \u00a0Octavio \u00a0 \u00a0 \u00a0Illidge \u00a0C\u00f3rdoba, \u00a0a \u00a0quien \u00a0se \u00a0refiere \u00a0este tr\u00e1mite, es la \u00a0persona \u00a0solicitada \u00a0en \u00a0extradici\u00f3n \u00a0por \u00a0el Gobierno de los Estados Unidos de \u00a0Am\u00e9rica. \u00a0\u00a0<\/p>\n<p>En efecto, de la documentaci\u00f3n remitida por \u00a0v\u00eda \u00a0 diplom\u00e1tica \u00a0se \u00a0colige \u00a0claramente, \u00a0como \u00a0lo \u00a0destaca \u00a0la \u00a0Procuradora \u00a0Delegada, \u00a0que \u00a0se \u00a0trata \u00a0de Fernando Octavio Illidge \u00a0C\u00f3rdoba, \u00a0pues \u00a0basta \u00a0observar \u00a0que \u00a0el \u00a0n\u00famero \u00a0de \u00a0c\u00e9dula \u00a0de \u00a0ciudadan\u00eda \u00a0que \u00a0suministr\u00f3 \u00a0la Embajada de los Estados Unidos de \u00a0Am\u00e9rica, \u00a0a \u00a0trav\u00e9s de las Notas Verbales n\u00fameros 2140 y 2792 del 31 de julio \u00a0de \u00a02008 \u00a0y \u00a0del \u00a03 \u00a0de noviembre de 2009, respectivamente, concuerda con el que \u00a0aparece \u00a0en \u00a0el informe de captura rendido por el Departamento Administrativo de \u00a0Seguridad \u00a0(DAS), \u00a0en \u00a0el \u00a0acta \u00a0de notificaci\u00f3n personal de la providencia por \u00a0medio \u00a0de \u00a0la \u00a0cual \u00a0se \u00a0dispuso su captura y en\u00a0 la diligencia mediante la \u00a0cual \u00a0se \u00a0le \u00a0comunic\u00f3 \u00a0sus \u00a0derechos de capturado (10.021.018), adem\u00e1s de que \u00a0dicho \u00a0aspecto \u00a0no \u00a0ha \u00a0sido \u00a0cuestionado \u00a0por el solicitado ni por su defensor. \u00a0\u00a0<\/p>\n<p>Igualmente, \u00a0todos \u00a0los datos suministrados \u00a0coinciden \u00a0con \u00a0los \u00a0que \u00a0obran \u00a0en \u00a0la \u00a0documentaci\u00f3n, es decir, que naci\u00f3 en \u00a0C\u00facuta \u00a0(Norte \u00a0de \u00a0Santander) \u00a0el \u00a022 \u00a0de abril de 1973 y se identifica con la \u00a0c\u00e9dula \u00a0de \u00a0ciudadan\u00eda \u00a0N\u00b0 \u00a010.021.018 \u00a0expedida en Pereira, informaci\u00f3n que \u00a0concuerda \u00a0integralmente con aquella que aparece registrada en el acta a trav\u00e9s \u00a0de \u00a0la cual se le enter\u00f3 de sus derechos de capturado, sin dejar pasar por alto \u00a0que \u00a0se \u00a0aport\u00f3 \u00a0una \u00a0copia \u00a0de su tarjeta decadactilar y una fotograf\u00eda de su \u00a0rostro. \u00a0\u00a0<\/p>\n<p>En\u00a0 \u00a0 esas\u00a0 \u00a0condiciones,\u00a0 \u00a0resulta\u00a0 \u00a0evidente\u00a0 \u00a0que\u00a0 \u00a0la\u00a0 \u00a0persona\u00a0 detenida\u00a0 \u00a0es \u00a0 Fernando \u00a0Octavio \u00a0Illidge \u00a0C\u00f3rdoba, \u00a0de \u00a0nacionalidad \u00a0colombiana y es el ciudadano\u00a0 requerido en \u00a0extradici\u00f3n por el Gobierno de los Estados Unidos de Am\u00e9rica. \u00a0\u00a0<\/p>\n<p>3.\u00a0 El\u00a0 \u00a0principio\u00a0 de\u00a0 la\u00a0 doble\u00a0 incriminaci\u00f3n \u00a0\u00a0<\/p>\n<p>De \u00a0conformidad \u00a0con \u00a0el \u00a0numeral \u00a01\u00b0 \u00a0del \u00a0art\u00edculo \u00a0493 \u00a0del \u00a0C\u00f3digo \u00a0de \u00a0Procedimiento \u00a0Penal \u00a0de \u00a02004, \u00a0para \u00a0que \u00a0la \u00a0extradici\u00f3n \u00a0se \u00a0pueda \u00a0conceder \u00a0se \u00a0requiere que el hecho que la motiva est\u00e9 \u00a0previsto \u00a0como \u00a0delito \u00a0en Colombia y reprimido con una sanci\u00f3n privativa de la \u00a0libertad cuyo m\u00ednimo no sea inferior a cuatro (4) a\u00f1os. \u00a0\u00a0<\/p>\n<p>Teniendo \u00a0en \u00a0cuenta \u00a0la acusaci\u00f3n n\u00famero \u00a007-CR-532(NG) \u00a0proferida \u00a0el \u00a026 \u00a0de \u00a0junio \u00a0de \u00a02007 por el Tribunal Federal de \u00a0Distrito, \u00a0 Distrito \u00a0 Este \u00a0 de \u00a0 Nueva \u00a0 York, \u00a0se \u00a0sabe \u00a0que \u00a0a \u00a0Fernando \u00a0Octavio \u00a0Illidge \u00a0C\u00f3rdoba se le \u00a0acus\u00f3 \u00a0 \u00a0 \u00a0 \u00a0 \u00a0 de \u00a0 \u00a0 \u00a0 \u00a0 \u00a0 \u201cconcertarse\u201d \u00a0para \u00a0\u201cimportar\u201d, \u00a0 \u00a0 \u00a0 \u00a0para \u00a0 \u00a0 \u00a0 \u00a0\u201cdistribuir\u201d \u00a0 \u00a0 \u00a0y \u00a0 \u00a0 \u00a0para \u00a0 \u00a0 \u00a0\u201cposeer con la intenci\u00f3n de distribuir \u00a0uno \u00a0o \u00a0m\u00e1s \u00a0kilogramos de una sustancia que conten\u00eda una cantidad perceptible \u00a0de \u00a0hero\u00edna\u201d (cargos \u00a0 uno \u00a0 y \u00a0dos), \u00a0de \u00a0\u201cimportar \u00a0a \u00a0los \u00a0Estados \u00a0Unidos \u00a0uno \u00a0o \u00a0m\u00e1s kilogramos de una sustancia que conten\u00eda una \u00a0cantidad \u00a0 perceptible \u00a0 de \u00a0 hero\u00edna\u201d \u00a0(cargos tres, cinco y siete) \u00a0 \u00a0 \u00a0 y \u00a0 \u00a0 \u00a0de \u00a0 \u00a0 \u00a0\u201cdistribuir\u201d y \u00a0\u201cposeer con la intenci\u00f3n \u00a0de \u00a0distribuir uno o m\u00e1s kilogramos de una sustancia que conten\u00eda una cantidad \u00a0perceptible \u00a0de \u00a0hero\u00edna\u201d \u00a0(cargos \u00a0 \u00a0cuatro, \u00a0 \u00a0seis \u00a0 \u00a0y \u00a0 \u00a0ocho), \u00a0seg\u00fan \u00a0las \u00a0normas \u00a0penales del pa\u00eds requirente en precedencia \u00a0citadas. \u00a0\u00a0<\/p>\n<p>En \u00a0esas \u00a0condiciones, advierte la Sala que \u00a0las \u00a0conductas \u00a0referidas \u00a0en \u00a0dichos \u00a0cargos, \u00a0de acuerdo con los hechos que se \u00a0imputan \u00a0y \u00a0las \u00a0normas \u00a0allegadas, \u00a0encuentran \u00a0adecuaci\u00f3n \u00a0t\u00edpica en nuestro \u00a0sistema \u00a0penal \u00a0en \u00a0lo reglado en los art\u00edculos 340, inciso segundo (modificado \u00a0por \u00a0el art\u00edculo 8\u00b0 de la Ley 733 de 2002 y por el art\u00edculo 19 de la Ley 1121 \u00a0de \u00a02006) \u00a0y \u00a0376 \u00a0(modificado \u00a0por \u00a0el \u00a0art\u00edculo 14 de la Ley 890 de 2004) del \u00a0C\u00f3digo \u00a0 Penal \u00a0(Ley \u00a0599 \u00a0de \u00a02000), \u00a0los \u00a0cuales \u00a0consagran \u00a0los \u00a0delitos \u00a0de \u00a0concierto \u00a0para delinquir con \u00a0el \u00a0fin \u00a0de \u00a0cometer \u00a0el \u00a0delito \u00a0tr\u00e1fico \u00a0de \u00a0estupefacientes \u00a0y \u00a0tr\u00e1fico, \u00a0 fabricaci\u00f3n \u00a0o \u00a0porte \u00a0de \u00a0estupefacientes, \u00a0habida \u00a0cuenta \u00a0que, \u00a0como \u00a0qued\u00f3 visto, \u00a0Fernando \u00a0 Octavio \u00a0 Illidge \u00a0 C\u00f3rdoba, \u00a0\u201cjunto \u00a0 \u00a0 con \u00a0 \u00a0 otros\u201d, \u00a0 con \u00a0 conocimiento \u00a0 de \u00a0 causa \u00a0e \u00a0intencionalmente, \u00a0 \u00a0 \u00a0se \u00a0 \u00a0 concert\u00f3 \u00a0 \u00a0 \u00a0 \u00a0 para \u00a0 \u00a0 \u00a0 \u00a0\u201cimportar, \u00a0 \u00a0 \u00a0 \u00a0 \u00a0poseer \u00a0 \u00a0 \u00a0 \u00a0 \u00a0y \u00a0 \u00a0 \u00a0 \u00a0 distribuir\u201d \u00a0 \u00a0 \u00a0 \u00a0 e \u00a0 \u00a0 \u00a0 \u00a0 \u201cimport\u00f3 \u00a0 y \u00a0distribuy\u00f3 \u00a0uno o m\u00e1s kilogramos de una sustancia que conten\u00eda una cantidad \u00a0perceptible \u00a0 \u00a0 \u00a0 de \u00a0 \u00a0 \u00a0 hero\u00edna\u201d. \u00a0\u00a0<\/p>\n<p>Cabe agregar que los mencionados delitos de \u00a0concierto \u00a0para \u00a0delinquir \u00a0(relacionado \u00a0con \u00a0el tr\u00e1fico de estupefacientes) y \u00a0tr\u00e1fico, \u00a0fabricaci\u00f3n \u00a0o \u00a0porte \u00a0de \u00a0estupefacientes \u00a0en \u00a0nuestra legislaci\u00f3n \u00a0contemplan \u00a0penas \u00a0que \u00a0oscilan entre 8 y 18 a\u00f1os de prisi\u00f3n y 8 y 20 a\u00f1os de \u00a0prisi\u00f3n, respectivamente. \u00a0\u00a0<\/p>\n<p>As\u00ed, entonces, surge evidente que se cumple \u00a0con el principio de la doble incriminaci\u00f3n. \u00a0\u00a0<\/p>\n<p>4.\u00a0 \u00a0 \u00a0Equivalencia\u00a0 \u00a0 \u00a0de\u00a0 \u00a0la\u00a0 \u00a0 \u00a0 \u00a0providencia\u00a0 \u00a0 \u00a0 \u00a0proferida\u00a0 \u00a0 \u00a0 \u00a0en\u00a0 \u00a0 \u00a0 \u00a0el\u00a0 \u00a0extranjero \u00a0\u00a0<\/p>\n<p>Advierte \u00a0la Corte que no existe dificultad \u00a0alguna \u00a0para \u00a0concluir \u00a0que \u00a0se \u00a0cumple \u00a0con \u00a0el \u00a0requisito \u00a0de \u00a0la equivalencia \u00a0contemplado \u00a0en \u00a0el \u00a0numeral \u00a02\u00b0 del art\u00edculo 493 del C\u00f3digo de Procedimiento \u00a0Penal \u00a0 de \u00a0 2004, \u00a0 el \u00a0 cual \u00a0exige \u00a0\u201cque \u00a0por \u00a0lo \u00a0menos \u00a0se \u00a0haya dictado en el exterior resoluci\u00f3n de \u00a0acusaci\u00f3n \u00a0 \u00a0 o \u00a0 \u00a0su \u00a0 \u00a0equivalente\u201d. \u00a0\u00a0<\/p>\n<p>En efecto, el Tribunal Federal de Distrito, \u00a0Distrito \u00a0 Este \u00a0 de \u00a0 Nueva \u00a0 York, \u00a0 \u201cacus\u00f3\u201d \u00a0a \u00a0Fernando \u00a0Octavio \u00a0Illidge \u00a0C\u00f3rdoba \u00a0por \u00a0las conductas punibles se\u00f1aladas en precedencia, mediante acto \u00a0procesal \u00a0que en nuestra legislaci\u00f3n equivale a la acusaci\u00f3n, equivalencia que \u00a0emerge de las\u00a0 siguientes similitudes: \u00a0\u00a0<\/p>\n<p>a)\u00a0 \u00a0Es un escrito de acusaci\u00f3n en el \u00a0cual \u00a0se \u00a0atribuyen \u00a0varios cargos en contra del acusado para que se defienda de \u00a0ellos en el juicio. \u00a0\u00a0<\/p>\n<p>b) \u00a0Formulada \u00a0la \u00a0acusaci\u00f3n \u00a0se inicia el \u00a0juicio oral que finaliza con el respectivo fallo de m\u00e9rito. \u00a0\u00a0<\/p>\n<p>c)\u00a0 \u00a0Se\u00a0 se\u00f1alan\u00a0 los\u00a0 \u00a0hechos,\u00a0 \u00a0 \u00a0 con\u00a0 \u00a0 \u00a0 especificaci\u00f3n\u00a0 \u00a0 \u00a0 de\u00a0 \u00a0 \u00a0 las\u00a0 \u00a0circunstancias\u00a0 \u00a0 de\u00a0 \u00a0 tiempo\u00a0 \u00a0modo\u00a0 \u00a0y\u00a0 \u00a0lugar\u00a0 \u00a0en\u00a0 \u00a0 que\u00a0 \u00a0 ocurrieron\u00a0 \u00a0 y\u00a0 \u00a0la\u00a0 \u00a0calificaci\u00f3n\u00a0 \u00a0jur\u00eddica \u00a0 de \u00a0 las \u00a0 conductas, \u00a0 con \u00a0 indicaci\u00f3n \u00a0 de \u00a0 las \u00a0 disposiciones \u00a0sustanciales\u00a0 aplicables. \u00a0\u00a0<\/p>\n<p>Por \u00a0lo tanto, se observa que la acusaci\u00f3n \u00a0emitida \u00a0por \u00a0el \u00a0tribunal \u00a0extranjero \u00a0es \u00a0equivalente \u00a0y tiene la misma fuerza \u00a0vinculante \u00a0de \u00a0la \u00a0acusaci\u00f3n \u00a0propia \u00a0de nuestro sistema judicial, pudi\u00e9ndose \u00a0concluir que esta exigencia legal tambi\u00e9n se satisface. \u00a0\u00a0<\/p>\n<p>5.\u00a0 Acotaci\u00f3n \u00a0final \u00a0\u00a0<\/p>\n<p>Como \u00a0lo \u00a0destac\u00f3 \u00a0la \u00a0se\u00f1ora Procuradora \u00a0Delegada, \u00a0se pone de presente al Gobierno Nacional que en caso de concederse la \u00a0extradici\u00f3n, \u00a0debe \u00a0condicionar \u00a0la \u00a0entrega \u00a0en \u00a0el sentido de que \u00a0Fernando \u00a0Octavio \u00a0Illidge \u00a0C\u00f3rdoba \u00a0no \u00a0ser\u00e1 \u00a0juzgado \u00a0por \u00a0hechos \u00a0distintos \u00a0a los que originaron la reclamaci\u00f3n, ni \u00a0sometido \u00a0a \u00a0tratos crueles, inhumanos o degradantes, ni se le impondr\u00e1 la pena \u00a0capital \u00a0o \u00a0perpetua, \u00a0al \u00a0tenor \u00a0del art\u00edculo 494 del C\u00f3digo de Procedimiento \u00a0Penal (Ley 906 de 2004). \u00a0\u00a0<\/p>\n<p>As\u00ed \u00a0 mismo, \u00a0al \u00a0Gobierno \u00a0Nacional \u00a0le \u00a0corresponde \u00a0condicionar \u00a0la \u00a0entrega \u00a0a que el pa\u00eds reclamante, de acuerdo con \u00a0sus \u00a0pol\u00edticas internas sobre la materia, le ofrezca posibilidades racionales y \u00a0reales \u00a0para \u00a0que \u00a0el \u00a0requerido pueda tener contacto regular con sus familiares \u00a0m\u00e1s \u00a0cercanos, \u00a0considerando \u00a0que el art\u00edculo 42 de la Constituci\u00f3n Pol\u00edtica \u00a0de \u00a01991 \u00a0reconoce \u00a0a la familia como n\u00facleo esencial de la sociedad, garantiza \u00a0su \u00a0protecci\u00f3n \u00a0y \u00a0reconoce su honra, dignidad e intimidad, lo cual se refuerza \u00a0con \u00a0la protecci\u00f3n que a ese n\u00facleo tambi\u00e9n prodigan la Convenci\u00f3n Americana \u00a0de \u00a0Derechos \u00a0Humanos \u00a0en \u00a0su \u00a0art\u00edculo 17 y el Pacto Internacional de Derechos \u00a0Civiles y Pol\u00edticos en su canon 23. \u00a0\u00a0<\/p>\n<p>Adem\u00e1s, conforme lo precis\u00f3 la Corte en el \u00a0concepto \u00a0 fechado \u00a0 el \u00a0 15 \u00a0 de \u00a0 mayo \u00a0de \u00a02008,1 \u00a0 como \u00a0el \u00a0mecanismo \u00a0de \u00a0la \u00a0extradici\u00f3n \u00a0entre \u00a0Estados \u00a0Unidos de Am\u00e9rica y Colombia se rige, en ausencia \u00a0de \u00a0un \u00a0instrumento internacional que la regule, por las normas contenidas en la \u00a0Constituci\u00f3n \u00a0Pol\u00edtica \u00a0(art\u00edculo \u00a035) y en el C\u00f3digo de Procedimiento Penal \u00a0(art\u00edculos \u00a0490 \u00a0a \u00a0514 de la Ley 906 de 2004), el Gobierno Nacional debe hacer \u00a0las \u00a0exigencias \u00a0que \u00a0estime convenientes en orden a que en el Estado reclamante \u00a0se \u00a0le \u00a0reconozcan \u00a0todos \u00a0los derechos y garant\u00edas inherentes a la persona del \u00a0solicitado, \u00a0en \u00a0especial \u00a0las \u00a0contenidas \u00a0en \u00a0la \u00a0Carta \u00a0Fundamental \u00a0y \u00a0en el \u00a0denominado \u00a0bloque \u00a0de \u00a0constitucionalidad, \u00a0es \u00a0decir, \u00a0en \u00a0aquellos \u00a0convenios \u00a0internacionales \u00a0ratificados \u00a0por \u00a0Colombia que consagran y desarrollan derechos \u00a0humanos \u00a0(art\u00edculo \u00a093 de la Carta, Declaraci\u00f3n Universal de Derechos Humanos, \u00a0Convenci\u00f3n \u00a0Americana \u00a0de \u00a0Derechos \u00a0Humanos, \u00a0Pacto \u00a0Internacional de Derechos \u00a0Civiles \u00a0y \u00a0Pol\u00edticos), \u00a0en virtud del deber de protecci\u00f3n a esos derechos que \u00a0para \u00a0 \u00a0todas \u00a0 \u00a0las \u00a0 \u00a0autoridades \u00a0 \u00a0p\u00fablicas \u00a0 emana \u00a0 del \u00a0 art\u00edculo \u00a0 2\u00b0 \u00a0ibidem. \u00a0\u00a0<\/p>\n<p>De la misma manera, se exhorta al Gobierno, \u00a0encabezado \u00a0por \u00a0se\u00f1or \u00a0Presidente de la Rep\u00fablica como supremo director de la \u00a0pol\u00edtica \u00a0exterior \u00a0y \u00a0las \u00a0relaciones \u00a0internacionales, \u00a0para \u00a0que efect\u00fae el \u00a0respectivo \u00a0seguimiento \u00a0a los condicionamientos que se impongan a la concesi\u00f3n \u00a0de \u00a0la \u00a0extradici\u00f3n \u00a0y \u00a0determinar \u00a0las \u00a0consecuencias que se derivar\u00edan de su \u00a0eventual \u00a0incumplimiento, \u00a0al \u00a0tenor \u00a0de \u00a0lo \u00a0se\u00f1alado \u00a0en \u00a0el \u00a0numeral 2\u00b0 del \u00a0art\u00edculo 189 de la Constituci\u00f3n Pol\u00edtica. \u00a0\u00a0<\/p>\n<p>En \u00a0caso \u00a0de \u00a0que \u00a0Fernando \u00a0 Octavio \u00a0 Illidge \u00a0C\u00f3rdoba \u00a0sea \u00a0absuelto, \u00a0sobrese\u00eddo \u00a0o declarado no culpable por cualquier otra v\u00eda legal de los cargos \u00a0que \u00a0dieron \u00a0origen a su extradici\u00f3n y dejado en libertad, al regresar \u00e9ste al \u00a0pa\u00eds \u00a0de origen, el Estado requirente deber\u00e1 asumir los gastos de transporte y \u00a0manutenci\u00f3n \u00a0del \u00a0extraditado de acuerdo con su dignidad humana (art\u00edculos 1\u00b0 \u00a0y 93 de la Carta Pol\u00edtica). \u00a0\u00a0<\/p>\n<p>Por \u00a0\u00faltimo, \u00a0se \u00a0pide \u00a0al \u00a0ejecutivo \u00a0que \u00a0recomiende \u00a0al \u00a0Estado \u00a0requirente que, en caso de condena, tenga en cuenta como \u00a0parte \u00a0de \u00a0la \u00a0pena el tiempo que el solicitado ha estado privado de la libertad \u00a0con motivo del tr\u00e1mite de extradici\u00f3n. \u00a0\u00a0<\/p>\n<p>En \u00a0consecuencia, \u00a0como la totalidad de los \u00a0requisitos \u00a0 formales \u00a0 contemplados \u00a0 en \u00a0 el \u00a0art\u00edculo \u00a0502 \u00a0del \u00a0C\u00f3digo \u00a0de \u00a0Procedimiento \u00a0Penal \u00a0(Ley \u00a0906 \u00a0de 2004) se cumplen satisfactoriamente, la Sala \u00a0CONCEPT\u00daA \u00a0FAVORABLEMENTE \u00a0a la solicitud de extradici\u00f3n elevada por el Gobierno \u00a0de \u00a0 \u00a0los \u00a0 \u00a0Estados \u00a0 \u00a0Unidos \u00a0 \u00a0de \u00a0 \u00a0Am\u00e9rica, \u00a0 \u00a0respecto \u00a0 \u00a0del \u00a0 ciudadano \u00a0colombiano \u00a0 \u00a0 \u00a0FERNANDO \u00a0 \u00a0 \u00a0OCTAVIO \u00a0 \u00a0 \u00a0ILLIDGE \u00a0C\u00d3RDOBA, en cuanto tiene que ver con los OCHO \u00a0 \u00a0 CARGOS\u00a0 \u00a0 \u00a0 que\u00a0 \u00a0le\u00a0 \u00a0fueron\u00a0 \u00a0imputados\u00a0 en\u00a0 la\u00a0 \u00a0acusaci\u00f3n \u00a0n\u00famero \u00a007-CR-532(NG) \u00a0proferida \u00a0el \u00a026 \u00a0de \u00a0junio \u00a0de 2007 por el \u00a0Tribunal Federal de Distrito, Distrito Este de Nueva York. \u00a0\u00a0<\/p>\n<p>Comun\u00edquese \u00a0 esta \u00a0 determinaci\u00f3n \u00a0 al \u00a0requerido, \u00a0 ciudadano \u00a0 Fernando \u00a0 Octavio \u00a0 Illidge \u00a0C\u00f3rdoba, \u00a0 quien \u00a0 se \u00a0 encuentra \u00a0 recluido \u00a0en \u00a0el \u00a0Establecimiento \u00a0Penitenciario \u00a0y \u00a0Carcelario \u00a0de \u00a0Alta \u00a0y \u00a0Mediana Seguridad de \u00a0C\u00f3mbita, \u00a0a \u00a0su \u00a0defensor, \u00a0a \u00a0la \u00a0se\u00f1ora \u00a0Agente del Ministerio P\u00fablico y al \u00a0Fiscal \u00a0General de la Naci\u00f3n, para lo de su cargo. Devu\u00e9lvase el expediente al \u00a0Ministerio del Interior y de Justicia, para lo de ley. \u00a0\u00a0<\/p>\n<p>MAR\u00cdA \u00a0 DEL \u00a0 ROSARIO \u00a0 GONZ\u00c1LEZ \u00a0 DE \u00a0LEMOS \u00a0\u00a0<\/p>\n<p>JOS\u00c9 LEONIDAS BUSTOS MART\u00cdNEZ \u00a0\u00a0 \u00a0\u00a0 \u00a0\u00a0 \u00a0\u00a0 \u00a0\u00a0 \u00a0\u00a0 \u00a0 \u00a0 \u00a0 \u00a0 \u00a0 \u00a0SIGIFREDO \u00a0 \u00a0 ESPINOSA \u00a0P\u00c9REZ \u00a0\u00a0<\/p>\n<p>ALFREDO \u00a0 G\u00d3MEZ \u00a0 QUINTERO \u00a0\u00a0 \u00a0\u00a0 \u00a0\u00a0 \u00a0\u00a0 \u00a0\u00a0 \u00a0\u00a0 \u00a0 \u00a0\u00a0 \u00a0 \u00a0 \u00a0 \u00a0 \u00a0 \u00a0 \u00a0 \u00a0 \u00a0\u00a0AUGUSTO J. IBA\u00d1EZ GUZM\u00c1N \u00a0\u00a0<\/p>\n<p>JORGE \u00a0LUIS \u00a0QUINTERO MILAN\u00c9S \u00a0\u00a0 \u00a0\u00a0 \u00a0\u00a0 \u00a0\u00a0 \u00a0\u00a0 \u00a0\u00a0 \u00a0 \u00a0 \u00a0\u00a0 \u00a0 \u00a0 \u00a0\u00a0YESID \u00a0 \u00a0 \u00a0RAM\u00cdREZ \u00a0BASTIDAS \u00a0 \u00a0 \u00a0 \u00a0 \u00a0\u00a0<\/p>\n<p>JULIO \u00a0ENRIQUE SOCHA SALAMANCA \u00a0\u00a0 \u00a0\u00a0 \u00a0\u00a0 \u00a0\u00a0 \u00a0\u00a0 \u00a0\u00a0 \u00a0 \u00a0 \u00a0 \u00a0 \u00a0 \u00a0JAVIER\u00a0 \u00a0 \u00a0ZAPATA \u00a0ORTIZ \u00a0\u00a0<\/p>\n<p>\u00a0 \u00a0\u00a0 \u00a0 \u00a0 \u00a0\u00a0 \u00a0\u00a0 \u00a0\u00a0 \u00a0\u00a0 \u00a0\u00a0 \u00a0\u00a0 \u00a0 \u00a0\u00a0 \u00a0 \u00a0 \u00a0 \u00a0 \u00a0 \u00a0 \u00a0 \u00a0 \u00a0\u00a0 \u00a0 \u00a0 \u00a0 \u00a0 \u00a0\u00a0 \u00a0\u00a0 \u00a0\u00a0 \u00a0\u00a0 \u00a0\u00a0 \u00a0\u00a0 \u00a0\u00a0 \u00a0\u00a0 \u00a0 \u00a0\u00a0 \u00a0 \u00a0 \u00a0 \u00a0 \u00a0 \u00a0 \u00a0 \u00a0 \u00a0\u00a0 \u00a0 \u00a0 \u00a0 \u00a0 \u00a0\u00a0 \u00a0\u00a0 \u00a0 \u00a0 \u00a0 \u00a0 \u00a0\u00a0<\/p>\n<p>TERESA RUIZ N\u00da\u00d1EZ \u00a0<\/p>\n<p>\u00a0\u00a0\u00a0 Secretaria \u00a0<\/p>\n<p>\u00a0 \u00a0\u00a0<\/p>\n<p>1 \u00a0Extradici\u00f3n radicada bajo el n\u00famero 29024. \u00a0 \u00a0\u00a0<\/p>\n<p><\/p>\n","protected":false},"excerpt":{"rendered":"<p>\u00a0 \u00a0 Proceso n.\u00b0 33089 \u00a0 CORTE SUPREMA DE JUSTICIA \u00a0 SALA DE CASACI\u00d3N PENAL \u00a0 Magistrado Ponente \u00a0 JORGE LUIS QUINTERO MILAN\u00c9S \u00a0 Aprobado acta N\u00b0 073 \u00a0 Bogot\u00e1, D. C., diez (10) de marzo de dos mil \u00a0diez (2010) \u00a0\u00a0 V I S T O S \u00a0 La \u00a0Corte \u00a0concept\u00faa \u00a0sobre la solicitud [&hellip;]<\/p>\n","protected":false},"author":1,"featured_media":0,"comment_status":"open","ping_status":"open","sticky":false,"template":"","format":"standard","meta":{"footnotes":""},"categories":[18],"tags":[],"class_list":["post-20537","post","type-post","status-publish","format-standard","hentry","category-18"],"_links":{"self":[{"href":"https:\/\/dmsjuridica.com\/buscador_20179478954\/salapenalcronologico20230723\/wp-json\/wp\/v2\/posts\/20537","targetHints":{"allow":["GET"]}}],"collection":[{"href":"https:\/\/dmsjuridica.com\/buscador_20179478954\/salapenalcronologico20230723\/wp-json\/wp\/v2\/posts"}],"about":[{"href":"https:\/\/dmsjuridica.com\/buscador_20179478954\/salapenalcronologico20230723\/wp-json\/wp\/v2\/types\/post"}],"author":[{"embeddable":true,"href":"https:\/\/dmsjuridica.com\/buscador_20179478954\/salapenalcronologico20230723\/wp-json\/wp\/v2\/users\/1"}],"replies":[{"embeddable":true,"href":"https:\/\/dmsjuridica.com\/buscador_20179478954\/salapenalcronologico20230723\/wp-json\/wp\/v2\/comments?post=20537"}],"version-history":[{"count":0,"href":"https:\/\/dmsjuridica.com\/buscador_20179478954\/salapenalcronologico20230723\/wp-json\/wp\/v2\/posts\/20537\/revisions"}],"wp:attachment":[{"href":"https:\/\/dmsjuridica.com\/buscador_20179478954\/salapenalcronologico20230723\/wp-json\/wp\/v2\/media?parent=20537"}],"wp:term":[{"taxonomy":"category","embeddable":true,"href":"https:\/\/dmsjuridica.com\/buscador_20179478954\/salapenalcronologico20230723\/wp-json\/wp\/v2\/categories?post=20537"},{"taxonomy":"post_tag","embeddable":true,"href":"https:\/\/dmsjuridica.com\/buscador_20179478954\/salapenalcronologico20230723\/wp-json\/wp\/v2\/tags?post=20537"}],"curies":[{"name":"wp","href":"https:\/\/api.w.org\/{rel}","templated":true}]}}