{"id":20450,"date":"2023-09-11T22:54:07","date_gmt":"2023-09-11T22:54:07","guid":{"rendered":"https:\/\/dmsjuridica.com\/buscador_20179478954\/salapenalcronologico20230723\/2023\/09\/11\/3280827-01-10\/"},"modified":"2023-09-11T22:54:07","modified_gmt":"2023-09-11T22:54:07","slug":"3280827-01-10","status":"publish","type":"post","link":"https:\/\/dmsjuridica.com\/buscador_20179478954\/salapenalcronologico20230723\/2023\/09\/11\/3280827-01-10\/","title":{"rendered":"32808(27-01-10)"},"content":{"rendered":"\n<p>\u00a0 \u00a0 Proceso n\u00b0 32808 \u00a0<\/p>\n<p>SALA DE CASACION PENAL \u00a0<\/p>\n<p>Magistrado Ponente \u00a0<\/p>\n<p>Dr. JOS\u00c9 LEONIDAS BUSTOS MART\u00cdNEZ \u00a0<\/p>\n<p>Aprobado acta n\u00famero 16 \u00a0<\/p>\n<p>Bogot\u00e1, D.C.,\u00a0 veintisiete (27) de enero \u00a0de dos mil diez (2010). \u00a0\u00a0<\/p>\n<p>VISTOS \u00a0<\/p>\n<p>Se \u00a0pronuncia \u00a0la \u00a0Sala \u00a0sobre el impedimento \u00a0manifestado \u00a0 por \u00a0el \u00a0doctor \u00a0Jos\u00e9 \u00a0Rafael \u00a0Labrador \u00a0Buitrago, Magistrado del Tribunal Superior de C\u00facuta, \u00a0para \u00a0 conocer \u00a0del \u00a0recurso \u00a0de \u00a0apelaci\u00f3n \u00a0interpuesto \u00a0contra \u00a0la \u00a0sentencia \u00a0condenatoria \u00a0proferida \u00a0contra \u00a0HENRY \u00a0CALLE OLIVEROS por la Juez Primera Penal \u00a0del \u00a0 Circuito \u00a0 Especializada \u00a0 de \u00a0C\u00facuta, \u00a0calendada \u00a0el \u00a013 \u00a0de \u00a0agosto \u00a0de \u00a02009. \u00a0\u00a0<\/p>\n<p>HECHOS Y ACTUACI\u00d3N PROCESAL \u00a0<\/p>\n<p>El\u00a0 \u00a0se\u00f1or \u00a0HENRY \u00a0CALLE \u00a0OLIVEROS fue \u00a0capturado \u00a0en \u00a0la ciudad de C\u00facuta cuando el 28 de febrero de 2009 conduc\u00eda un \u00a0cami\u00f3n \u00a0en \u00a0cuyo \u00a0interior \u00a0fueron \u00a0encontrados \u00a0212 costales, camuflados entre \u00a0art\u00edculos \u00a0de \u00a0aseo, los cuales conten\u00edan 6.090 kilos de marihuana, raz\u00f3n por \u00a0la \u00a0cual fue procesado penalmente con el se\u00f1or \u00d3SCAR RAM\u00cdREZ ROM\u00c1N, quien se \u00a0desempe\u00f1aba \u00a0como conductor auxiliar y quien acept\u00f3 ser responsable del delito \u00a0de tr\u00e1fico, fabricaci\u00f3n y porte de estupefacientes agravado. \u00a0\u00a0<\/p>\n<p>Una vez que \u00d3SCAR RAM\u00cdREZ ROM\u00c1N acept\u00f3 la \u00a0imputaci\u00f3n, \u00a0luego \u00a0de los tr\u00e1mites procesales correspondientes, fue condenado \u00a0por \u00a0medio \u00a0de \u00a0fallo \u00a0proferido \u00a0el \u00a022 \u00a0de abril del mismo a\u00f1o por el Juzgado \u00a0Segundo \u00a0Penal \u00a0del Circuito Especializado de C\u00facuta, a una pena de prisi\u00f3n de \u00a010 \u00a0a\u00f1os \u00a0y \u00a0ocho \u00a0meses \u00a0y \u00a0multa de 1.333 salarios m\u00ednimos legales mensuales \u00a0vigentes, \u00a0la \u00a0cual \u00a0fue \u00a0objeto del recurso de apelaci\u00f3n, cuyo conocimiento le \u00a0fue \u00a0asignado \u00a0a \u00a0una \u00a0Sala \u00a0de \u00a0Decisi\u00f3n \u00a0Penal \u00a0de \u00a0la \u00a0que hac\u00edan parte los \u00a0magistrados \u00a0Juan \u00a0Carlos Conde Serrano y Jos\u00e9 Rafael \u00a0Labrador \u00a0Buitrago, que profiri\u00f3 sentencia de segunda \u00a0instancia el 27 de mayo de 2009. \u00a0\u00a0<\/p>\n<p>El \u00a0proceso continu\u00f3 en relaci\u00f3n con CALLE \u00a0OLIVEROS, \u00a0quien \u00a0luego \u00a0del \u00a0tr\u00e1mite \u00a0del \u00a0juicio \u00a0y \u00a0culminada \u00a0la \u00a0audiencia \u00a0p\u00fablica, \u00a0fue \u00a0condenado \u00a0a \u00a0una \u00a0pena de 21 a\u00f1os y cuatro meses de prisi\u00f3n y \u00a0multa \u00a0equivalente \u00a0a \u00a02.666 \u00a0salarios \u00a0m\u00ednimos legales mensuales vigentes, por \u00a0medio \u00a0de \u00a0sentencia \u00a0proferida \u00a0por \u00a0el \u00a0juzgado \u00a0Primero \u00a0Penal \u00a0del \u00a0Circuito \u00a0Especializado de C\u00facuta, calendada el 13 de agosto de 2009. \u00a0\u00a0<\/p>\n<p>Dicha sentencia fue apelada por la defensa y \u00a0su \u00a0conocimiento \u00a0fue \u00a0asignado \u00a0a \u00a0una \u00a0Sala de decisi\u00f3n penal de la que hacen \u00a0parte \u00a0 los \u00a0 mencionados \u00a0 magistrados, \u00a0quienes \u00a0manifestaron \u00a0su \u00a0impedimento \u00a0argumentando \u00a0haber \u00a0participado \u00a0en \u00a0la \u00a0sala \u00a0anterior \u00a0en que se conoci\u00f3 del \u00a0recurso \u00a0de \u00a0apelaci\u00f3n \u00a0interpuesto \u00a0a \u00a0favor \u00a0de \u00a0otro \u00a0de \u00a0los condenados con \u00a0fundamento \u00a0en \u00a0los \u00a0mismos \u00a0hechos y con los mismos elementos de prueba, raz\u00f3n \u00a0por \u00a0la \u00a0cual \u00a0solicitaron \u00a0a la Corte separarlos de dicho asunto, por lo que en \u00a0anterior \u00a0decisi\u00f3n \u00a0se \u00a0resolvi\u00f3 \u00a0separar \u00a0del \u00a0proceso \u00a0al \u00a0magistrado \u00a0Conde \u00a0Serrano, \u00a0y \u00a0ahora \u00a0se \u00a0decide \u00a0el \u00a0impedimento del doctor Jos\u00e9 Rafael Labrador \u00a0Buitrago.\u00a0 \u00a0\u00a0<\/p>\n<p>CONSIDERACIONES \u00a0<\/p>\n<p>La \u00a0Corte es competente para conocer de este \u00a0asunto \u00a0de \u00a0conformidad \u00a0con lo establecido en los art\u00edculos 57, 59 y 341 de la \u00a0Ley 906 de 2004. \u00a0\u00a0<\/p>\n<p>El \u00a0instituto \u00a0de \u00a0los \u00a0impedimentos \u00a0es \u00a0el \u00a0mecanismo \u00a0previsto \u00a0por \u00a0el \u00a0legislador \u00a0para garantizar la imparcialidad de la \u00a0administraci\u00f3n \u00a0de \u00a0justicia, \u00a0de \u00a0suerte \u00a0que \u00a0su \u00a0manifestaci\u00f3n \u00a0es \u00a0un acto \u00a0personal, \u00a0voluntario, \u00a0de \u00a0car\u00e1cter \u00a0oficioso \u00a0y \u00a0obligatorio \u00a0para \u00a0cuando el \u00a0funcionario \u00a0advierta \u00a0que \u00a0se \u00a0encuentra \u00a0incurso \u00a0en \u00a0alguno \u00a0de los supuestos \u00a0f\u00e1cticos \u00a0dispuestos \u00a0por \u00a0el \u00a0legislador, \u00a0a \u00a0la \u00a0vez \u00a0que \u00a0comporta sujeci\u00f3n \u00a0estricta a las circunstancias invocadas. \u00a0\u00a0<\/p>\n<p>La \u00a0causal \u00a0que \u00a0soporta \u00a0la \u00a0petici\u00f3n \u00a0de \u00a0separaci\u00f3n \u00a0 \u00a0 del \u00a0 \u00a0 magistrado\u00a0 \u00a0 \u00a0Labrador \u00a0Buitrago es la contenida en el numeral 6\u00ba\u00a0\u00a0 \u00a0del \u00a0art\u00edculo \u00a056 \u00a0de \u00a0la \u00a0Ley \u00a0906 \u00a0de \u00a02004, \u00a0que \u00a0advierte la obligaci\u00f3n de \u00a0declararse impedido en el evento en: \u00a0\u00a0<\/p>\n<p>\u201c6. \u00a0Que \u00a0el \u00a0funcionario \u00a0haya dictado la \u00a0providencia \u00a0de \u00a0cuya \u00a0revisi\u00f3n \u00a0se \u00a0trata, o hubiere \u00a0participado \u00a0dentro \u00a0del \u00a0proceso, \u00a0o \u00a0sea \u00a0c\u00f3nyuge o \u00a0compa\u00f1ero \u00a0o \u00a0compa\u00f1era \u00a0permanente \u00a0o \u00a0pariente \u00a0dentro \u00a0del \u00a0cuarto grado de \u00a0consanguinidad \u00a0o \u00a0civil, \u00a0o \u00a0segundo de afinidad, del funcionario que dict\u00f3 la \u00a0providencia a revisar.\u201d \u00a0\u00a0<\/p>\n<p>La causal viene motivada en que al conocer del \u00a0recurso \u00a0de \u00a0apelaci\u00f3n \u00a0interpuesto \u00a0contra la sentencia condenatoria proferida \u00a0contra \u00a0el \u00a0coacusado \u00d3SCAR RAM\u00cdREZ ROM\u00c1N\u00a0 quien acept\u00f3 la imputaci\u00f3n, \u00a0se \u00a0juzgaron \u00a0los mismos hechos en cuya acreditaci\u00f3n se relacionaron los mismos \u00a0elementos \u00a0 \u00a0de \u00a0 \u00a0juicio \u00a0 \u00a0aducidos \u00a0 ahora \u00a0 en \u00a0 contra \u00a0 de \u00a0 HENRY \u00a0 CALLE \u00a0OLIVEROS. \u00a0\u00a0<\/p>\n<p>As\u00ed \u00a0las \u00a0cosas, resulta evidente que existe \u00a0comunidad \u00a0f\u00e1ctica y probatoria en los dos procesos que se adelantaron a partir \u00a0de la imputaci\u00f3n hecha a CALLE OLIVEROS y RAM\u00cdREZ ROM\u00c1N.\u00a0 P \u00a0\u00a0<\/p>\n<p>por \u00a0lo \u00a0que \u00a0en \u00a0el objetivo de preservar la \u00a0independencia judicial habr\u00e1 de declararse fundado el impedimento. \u00a0\u00a0<\/p>\n<p>En pasada ocasi\u00f3n, as\u00ed explic\u00f3 la Corte la \u00a0hermen\u00e9utica \u00a0de \u00a0la causal de impedimento invocada1: \u00a0\u00a0<\/p>\n<p>\u201cEn \u00a0 efecto, \u00a0recu\u00e9rdese \u00a0que la expresi\u00f3n haber \u201cparticipado\u201d no debe tomarse de manera \u00a0textual \u00a0ni aislada del contexto procesal en donde se predica, habida cuenta que \u00a0tal \u00a0situaci\u00f3n \u00a0llevar\u00eda \u00a0a extremos que desnaturalizar\u00eda el instituto de los \u00a0impedimentos. \u00a0Por \u00a0manera que resulta un imperativo que en cada caso particular \u00a0y \u00a0concreto \u00a0los funcionarios judiciales expliquen las razones por las cuales su \u00a0imparcialidad, \u00a0 su \u00a0ecuanimidad, \u00a0su \u00a0independencia \u00a0o \u00a0su \u00a0equilibro \u00a0podr\u00edan \u00a0afectarse \u00a0frente a cada uno de los implicados por el hecho de haber participado \u00a0en el proceso. \u00a0\u00a0<\/p>\n<p>Frente \u00a0al \u00a0tema planteado, tambi\u00e9n resulta \u00a0oportuno \u00a0reiterar \u00a0que \u00a0en \u00a0el \u00a0\u00e1mbito \u00a0de \u00a0la \u00a0argumentaci\u00f3n se exige que el \u00a0operador \u00a0judicial \u00a0en \u00a0su \u00a0manifestaci\u00f3n debe especificar las circunstancias o \u00a0condiciones \u00a0en \u00a0que \u00a0se \u00a0produjo \u00a0la participaci\u00f3n en el proceso original o en \u00a0alguno \u00a0de \u00a0los \u00a0procesos derivados de la ruptura de la unidad procesal; y si la \u00a0actividad \u00a0 \u00a0 \u00a0del \u00a0 \u00a0 \u00a0juez \u00a0 \u00a0 \u00a0\u2013individual \u00a0o \u00a0colegiado- \u00a0se \u00a0extendi\u00f3\u00a0 \u00a0a t\u00f3picos que s\u00f3lo \u00a0conciernen \u00a0al \u00a0tr\u00e1mite \u00a0en donde se postula el impedimento, al punto que tales \u00a0apreciaciones \u00a0inciden \u00a0en \u00a0su \u00a0\u00e1nimo \u00a0de \u00a0juzgador frente a los extremos de la \u00a0relaci\u00f3n jur\u00eddico procesal. \u00a0\u00a0<\/p>\n<p>En \u00a0tales \u00a0condiciones, \u00a0tambi\u00e9n \u00a0resulta \u00a0atinado \u00a0sostener \u00a0que \u00a0dado \u00a0el \u00a0nuevo sistema\u00a0 de\u00a0 juzgamiento\u00a0 \u00a0reglado\u00a0 \u00a0por\u00a0 la Ley\u00a0 906 de 2004, se\u00a0 estableci\u00f3 un\u00a0 \u00a0proceso\u00a0 \u00a0donde \u00a0se delimita el campo de acci\u00f3n entre el juez de garant\u00eda \u00a0y \u00a0el \u00a0de \u00a0conocimiento, \u00a0todo \u00a0con el fin de garantizar un juicio p\u00fablico, con \u00a0inmediaci\u00f3n \u00a0de \u00a0las pruebas, contradictorio, concentrado y fuertemente marcado \u00a0por la imparcialidad, autonom\u00eda e independencia del juez. \u00a0\u00a0<\/p>\n<p>En \u00a0 consecuencia, \u00a0 para \u00a0 la \u00a0 Sala \u00a0 la \u00a0manifestaci\u00f3n \u00a0de \u00a0impedimento \u00a0que \u00a0los \u00a0Magistrados \u00a0del Tribunal Superior de \u00a0Tunja \u00a0soportan en el haber participado dentro del proceso est\u00e1 llamada\u00a0 a \u00a0prosperar,\u00a0 \u00a0habida \u00a0cuenta \u00a0que \u00a0al \u00a0conocer \u00a0del \u00a0recurso \u00a0de \u00a0apelaci\u00f3n \u00a0interpuesto \u00a0contra \u00a0la \u00a0sentencia de primera instancia dictada por el delito de \u00a0homicidio \u00a0qued\u00f3 \u00a0comprometido \u00a0su \u00a0criterio \u00a0e \u00a0imparcialidad, \u00a0en \u00a0tanto \u00a0que \u00a0tuvieron \u00a0la \u00a0oportunidad \u00a0de revisar los registros del proceso, las actuaciones \u00a0que \u00a0all\u00ed \u00a0se surtieron y los medios probatorios que les permiti\u00f3 \u201ctener una \u00a0idea \u00a0concreta respecto a la responsabilidad del acusado por el delito de acceso \u00a0carnal \u00a0 \u00a0violento, \u00a0 \u00a0que \u00a0 \u00a0ahora \u00a0 \u00a0conoce \u00a0 \u00a0el \u00a0 \u00a0Tribunal \u00a0 \u00a0en \u00a0 \u00a0segunda \u00a0instancia\u201d. \u00a0\u00a0<\/p>\n<p>Dicho \u00a0de \u00a0otra \u00a0forma, \u00a0de \u00a0acuerdo con los \u00a0motivos \u00a0expuestos \u00a0como \u00a0sustento \u00a0de \u00a0la \u00a0causal \u00a0impeditiva, resulta di\u00e1fano \u00a0predicar \u00a0que \u00a0los \u00a0Magistrados \u00a0que \u00a0integran \u00a0la \u00a0Sala \u00a0de Decisi\u00f3n Penal del \u00a0Tribunal \u00a0Superior \u00a0de Tunja, comprometieron su imparcialidad para conocer de la \u00a0sentencia \u00a0dictada \u00a0en \u00a0contra \u00a0del \u00a0procesado \u00a0por \u00a0el \u00a0delito de acceso carnal \u00a0violento \u00a0agravado, toda vez que dada la comunidad f\u00e1ctica y probatoria que ata \u00a0a \u00a0los \u00a0dos \u00a0tr\u00e1mites, \u00a0los \u00a0condujo \u00a0a \u00a0que \u00a0realizaran \u00a0juicios en torno a la \u00a0responsabilidad \u00a0de \u00a0Quintana Colmenares por aquella infracci\u00f3n, situaci\u00f3n que \u00a0lleva \u00a0a \u00a0predicar \u00a0a la Corte que en los Magistrados se elabor\u00f3 un preconcepto \u00a0que \u00a0puede \u00a0colocar \u00a0en \u00a0entredicho \u00a0la \u00a0ecuanimidad con la que deben actuar los \u00a0operadores judiciales. \u00a0\u00a0<\/p>\n<p>As\u00ed, \u00a0resulta \u00a0claro \u00a0que el juez colegiado \u00a0anticip\u00f3 \u00a0conceptos \u00a0sobre \u00a0el \u00a0tr\u00e1mite que le corresponde hoy conocer, puesto \u00a0que \u00a0al \u00a0resolver \u00a0lo \u00a0atinente \u00a0al \u00a0recurso de apelaci\u00f3n interpuesto contra el \u00a0fallo \u00a0por \u00a0la conducta punible de homicidio, en la construcci\u00f3n de los juicios \u00a0de \u00a0hecho \u00a0y \u00a0de \u00a0derecho \u00a0tuvieron \u00a0que verificar la participaci\u00f3n del acusado \u00a0frente \u00a0al delito de acceso carnal violento agravado, m\u00e1xime cuando no se puede \u00a0pasar \u00a0por \u00a0alto \u00a0que la infracci\u00f3n contra la vida y la integridad personal fue \u00a0el \u00a0medio \u00a0para \u00a0cumplir \u00a0el \u00a0final \u00a0cometido, \u00a0esto \u00a0es, el de vulnerar el bien \u00a0jur\u00eddico de la libertad, integridad y formaci\u00f3n sexual.\u201d \u00a0\u00a0<\/p>\n<p>La \u00a0Corte observa que se actualiza plenamente \u00a0tal \u00a0causal \u00a0impeditiva \u00a0y \u00a0por tal raz\u00f3n, para garantizar la imparcialidad del \u00a0juez, declarar\u00e1 fundado el impedimento. \u00a0\u00a0<\/p>\n<p>En \u00a0m\u00e9rito \u00a0de \u00a0lo expuesto, la Sala de Casaci\u00f3n Penal de la Corte Suprema de Justicia \u00a0\u00a0<\/p>\n<p>RESUELVE \u00a0<\/p>\n<p>Primero: \u00a0 \u00a0 Declarar \u00a0 \u00a0fundado \u00a0 \u00a0el \u00a0impedimento \u00a0propuesto \u00a0por el magistrado del Tribunal \u00a0Superior \u00a0de \u00a0C\u00facuta, \u00a0doctor \u00a0Jos\u00e9 \u00a0Rafael Labrador \u00a0Buitrago, \u00a0para \u00a0conocer \u00a0del \u00a0recurso \u00a0de \u00a0apelaci\u00f3n \u00a0interpuesto \u00a0contra \u00a0la \u00a0sentencia \u00a0condenatoria \u00a0proferida \u00a0contra \u00a0HENRY CALLE \u00a0OLIVEROS \u00a0por \u00a0la \u00a0Juez \u00a0Primera \u00a0Penal \u00a0del \u00a0Circuito Especializada de C\u00facuta, \u00a0calendada el 13 de agosto de 2009. \u00a0\u00a0<\/p>\n<p>2. DEVOLVER\u00a0 el \u00a0proceso \u00a0al \u00a0Tribunal \u00a0Superior \u00a0de \u00a0C\u00facuta, a fin de que se integre la Sala de \u00a0Decisi\u00f3n \u00a0que \u00a0deba \u00a0conocer \u00a0del \u00a0recurso \u00a0de \u00a0apelaci\u00f3n \u00a0interpuesto \u00a0por el \u00a0defensor contra la sentencia condenatoria. \u00a0\u00a0<\/p>\n<p>Contra \u00a0esta \u00a0decisi\u00f3n \u00a0no \u00a0procede recurso \u00a0alguno. \u00a0\u00a0<\/p>\n<p>Comun\u00edquese y c\u00famplase. \u00a0<\/p>\n<p>MAR\u00cdA \u00a0 \u00a0DEL \u00a0 ROSARIO \u00a0 GONZ\u00c1LEZ \u00a0 DE \u00a0LEMOS \u00a0\u00a0<\/p>\n<p>JOSE \u00a0 \u00a0 \u00a0 LEONIDAS \u00a0 \u00a0 \u00a0 BUSTOS \u00a0MART\u00cdNEZ\u00a0\u00a0\u00a0\u00a0\u00a0\u00a0\u00a0\u00a0\u00a0\u00a0\u00a0\u00a0 \u00a0SIGIFREDO ESPINOSA P\u00c9REZ \u00a0\u00a0<\/p>\n<p>ALFREDO \u00a0 \u00a0 \u00a0 \u00a0 G\u00d3MEZ\u00a0 \u00a0QUINTERO\u00a0\u00a0\u00a0\u00a0\u00a0\u00a0\u00a0\u00a0\u00a0\u00a0\u00a0\u00a0\u00a0\u00a0\u00a0\u00a0\u00a0\u00a0\u00a0\u00a0\u00a0\u00a0\u00a0\u00a0\u00a0\u00a0\u00a0\u00a0\u00a0\u00a0\u00a0\u00a0\u00a0\u00a0\u00a0\u00a0 \u00a0AUGUSTO \u00a0J. IBA\u00d1EZ GUZM\u00c1N \u00a0\u00a0 \u00a0 \u00a0 \u00a0 \u00a0\u00a0<\/p>\n<p>\u00a0\u00a0\u00a0\u00a0\u00a0\u00a0\u00a0\u00a0\u00a0\u00a0\u00a0\u00a0 \u00a0JORGE \u00a0 LUIS \u00a0 QUINTERO \u00a0MILAN\u00c9S\u00a0\u00a0\u00a0\u00a0\u00a0\u00a0\u00a0\u00a0\u00a0\u00a0\u00a0\u00a0\u00a0\u00a0\u00a0\u00a0\u00a0\u00a0\u00a0\u00a0\u00a0\u00a0\u00a0\u00a0\u00a0\u00a0\u00a0\u00a0\u00a0\u00a0\u00a0\u00a0\u00a0\u00a0\u00a0\u00a0\u00a0\u00a0\u00a0\u00a0\u00a0\u00a0\u00a0\u00a0\u00a0\u00a0\u00a0\u00a0\u00a0\u00a0\u00a0\u00a0 YESID\u00a0 RAM\u00cdREZ BASTIDAS \u00a0\u00a0<\/p>\n<p>Permiso \u00a0<\/p>\n<p>\u00a0\u00a0\u00a0\u00a0\u00a0 JULIO ENRIQUE \u00a0SOCHA \u00a0 \u00a0 SALAMANCA \u00a0 \u00a0 \u00a0 \u00a0 \u00a0\u00a0 \u00a0 \u00a0\u00a0 \u00a0\u00a0\u00a0\u00a0\u00a0\u00a0\u00a0\u00a0\u00a0\u00a0\u00a0\u00a0\u00a0\u00a0\u00a0\u00a0\u00a0\u00a0\u00a0 \u00a0JAVIER ZAPATA ORTIZ \u00a0\u00a0<\/p>\n<p>TERESA RUIZ N\u00da\u00d1EZ \u00a0<\/p>\n<p>Secretaria \u00a0 \u00a0<\/p>\n<p>1 Auto \u00a0de 17 de septiembre de 2008, dentro del radicado 30509. \u00a0 \u00a0\u00a0<\/p>\n<p><\/p>\n","protected":false},"excerpt":{"rendered":"<p>\u00a0 \u00a0 Proceso n\u00b0 32808 \u00a0 SALA DE CASACION PENAL \u00a0 Magistrado Ponente \u00a0 Dr. JOS\u00c9 LEONIDAS BUSTOS MART\u00cdNEZ \u00a0 Aprobado acta n\u00famero 16 \u00a0 Bogot\u00e1, D.C.,\u00a0 veintisiete (27) de enero \u00a0de dos mil diez (2010). \u00a0\u00a0 VISTOS \u00a0 Se \u00a0pronuncia \u00a0la \u00a0Sala \u00a0sobre el impedimento \u00a0manifestado \u00a0 por \u00a0el \u00a0doctor \u00a0Jos\u00e9 \u00a0Rafael \u00a0Labrador \u00a0Buitrago, [&hellip;]<\/p>\n","protected":false},"author":1,"featured_media":0,"comment_status":"open","ping_status":"open","sticky":false,"template":"","format":"standard","meta":{"footnotes":""},"categories":[18],"tags":[],"class_list":["post-20450","post","type-post","status-publish","format-standard","hentry","category-18"],"_links":{"self":[{"href":"https:\/\/dmsjuridica.com\/buscador_20179478954\/salapenalcronologico20230723\/wp-json\/wp\/v2\/posts\/20450","targetHints":{"allow":["GET"]}}],"collection":[{"href":"https:\/\/dmsjuridica.com\/buscador_20179478954\/salapenalcronologico20230723\/wp-json\/wp\/v2\/posts"}],"about":[{"href":"https:\/\/dmsjuridica.com\/buscador_20179478954\/salapenalcronologico20230723\/wp-json\/wp\/v2\/types\/post"}],"author":[{"embeddable":true,"href":"https:\/\/dmsjuridica.com\/buscador_20179478954\/salapenalcronologico20230723\/wp-json\/wp\/v2\/users\/1"}],"replies":[{"embeddable":true,"href":"https:\/\/dmsjuridica.com\/buscador_20179478954\/salapenalcronologico20230723\/wp-json\/wp\/v2\/comments?post=20450"}],"version-history":[{"count":0,"href":"https:\/\/dmsjuridica.com\/buscador_20179478954\/salapenalcronologico20230723\/wp-json\/wp\/v2\/posts\/20450\/revisions"}],"wp:attachment":[{"href":"https:\/\/dmsjuridica.com\/buscador_20179478954\/salapenalcronologico20230723\/wp-json\/wp\/v2\/media?parent=20450"}],"wp:term":[{"taxonomy":"category","embeddable":true,"href":"https:\/\/dmsjuridica.com\/buscador_20179478954\/salapenalcronologico20230723\/wp-json\/wp\/v2\/categories?post=20450"},{"taxonomy":"post_tag","embeddable":true,"href":"https:\/\/dmsjuridica.com\/buscador_20179478954\/salapenalcronologico20230723\/wp-json\/wp\/v2\/tags?post=20450"}],"curies":[{"name":"wp","href":"https:\/\/api.w.org\/{rel}","templated":true}]}}