{"id":20448,"date":"2023-09-11T22:54:07","date_gmt":"2023-09-11T22:54:07","guid":{"rendered":"https:\/\/dmsjuridica.com\/buscador_20179478954\/salapenalcronologico20230723\/2023\/09\/11\/3280523-02-10\/"},"modified":"2023-09-11T22:54:07","modified_gmt":"2023-09-11T22:54:07","slug":"3280523-02-10","status":"publish","type":"post","link":"https:\/\/dmsjuridica.com\/buscador_20179478954\/salapenalcronologico20230723\/2023\/09\/11\/3280523-02-10\/","title":{"rendered":"32805(23-02-10)"},"content":{"rendered":"\n<p>\u00a0 \u00a0 \u00a0\u00a0<\/p>\n<p>Proceso n\u00b0 32805 \u00a0<\/p>\n<p>CORTE SUPREMA DE JUSTICIA \u00a0<\/p>\n<p>SALA DE CASACI\u00d3N PENAL \u00a0<\/p>\n<p>Aprobado acta No. 56 \u00a0<\/p>\n<p>Bogot\u00e1, \u00a0D. \u00a0C.,\u00a0 \u00a0veintitr\u00e9s (23) de \u00a0febrero \u00a0 \u00a0 \u00a0 \u00a0 \u00a0 \u00a0 \u00a0 \u00a0de \u00a0 \u00a0 \u00a0 \u00a0 \u00a0 \u00a0 \u00a0 dos \u00a0 \u00a0 \u00a0 \u00a0 \u00a0 \u00a0 \u00a0 mil \u00a0 \u00a0 \u00a0 \u00a0 \u00a0 \u00a0 \u00a0 diez \u00a0(2010)\u00a0\u00a0\u00a0\u00a0\u00a0\u00a0\u00a0\u00a0\u00a0\u00a0\u00a0\u00a0\u00a0\u00a0\u00a0\u00a0\u00a0\u00a0\u00a0\u00a0\u00a0\u00a0\u00a0\u00a0\u00a0\u00a0\u00a0\u00a0\u00a0\u00a0\u00a0\u00a0\u00a0\u00a0\u00a0\u00a0\u00a0\u00a0\u00a0\u00a0\u00a0\u00a0\u00a0\u00a0 \u00a0\u00a0<\/p>\n<p>VISTOS \u00a0<\/p>\n<p>Procede \u00a0la \u00a0Sala \u00a0a \u00a0dictar sentencia en el \u00a0presente \u00a0proceso \u00a0seguido \u00a0en \u00a0contra \u00a0del \u00a0ex \u00a0senador \u00c1LVARO ALFONSO GARC\u00cdA \u00a0ROMERO. \u00a0\u00a0<\/p>\n<p>HECHOS \u00a0<\/p>\n<p>Para mediados de los a\u00f1os noventa, e incluso \u00a0antes, \u00a0en \u00a0el \u00a0Departamento \u00a0de Sucre se establecieron grupos armados ilegales, \u00a0que \u00a0 \u00a0actuaban \u00a0 \u00a0de \u00a0 manera \u00a0 dispersa \u00a0 proclam\u00e1ndose \u00a0 como \u00a0 fuerzas \u00a0 de \u00a0autodefensa1 \u00a0\u00a0<\/p>\n<p>. \u00a0<\/p>\n<p>Con \u00a0el \u00a0prop\u00f3sito \u00a0de \u00a0establecer un grupo \u00a0permanente \u00a0que \u00a0se \u00a0encargara \u00a0de \u00a0la \u00a0\u201cseguridad\u201d \u00a0del \u00a0centro y norte del \u00a0departamento, \u00a0donde \u00a0se \u00a0concentraba \u00a0buena \u00a0parte de los ganaderos adinerados, \u00a0algunos \u00a0de \u00a0ellos \u00a0auspiciaron \u00a0su \u00a0creaci\u00f3n, prop\u00f3sito que coincidi\u00f3 con el \u00a0encargo \u00a0efectuado \u00a0por \u00a0Carlos \u00a0Casta\u00f1o Gil a Salvatore Mancuso, dirigido a la \u00a0unificaci\u00f3n \u00a0de \u00a0los distintos grupos armados o de autodefensas que operaban en \u00a0el \u00a0norte \u00a0del \u00a0pa\u00eds, \u00a0en \u00a0lo que se denomin\u00f3 Bloque Norte de las Autodefensas \u00a0Unidas \u00a0de \u00a0Colombia, \u00a0acci\u00f3n \u00a0que \u00a0empez\u00f3 \u00a0a \u00a0consolidarse precisamente en el \u00a0departamento de Sucre por el a\u00f1o 1996. \u00a0\u00a0<\/p>\n<p>Seg\u00fan \u00a0se \u00a0conoci\u00f3 \u00a0despu\u00e9s, \u00a0hubo varias \u00a0reuniones \u00a0entre \u00a0comandantes de las autodefensas, reconocidos integrantes de la \u00a0dirigencia \u00a0pol\u00edtica \u00a0local \u00a0y \u00a0acaudalados \u00a0ganaderos \u00a0del \u00a0centro y norte del \u00a0departamento, \u00faltimos que ayudaron a hacer realidad esa idea. \u00a0\u00a0<\/p>\n<p>En \u00a0ese contexto, se supo de una reuni\u00f3n en \u00a0la \u00a0que \u00a0se \u00a0concret\u00f3 \u00a0la \u00a0creaci\u00f3n \u00a0del \u00a0grupo \u00a0irregular, que a la postre se \u00a0llamar\u00eda \u00a0Bloque \u00a0H\u00e9roes de los Montes de Mar\u00eda, llevada a cabo en 1997 en la \u00a0hacienda \u00a0Las \u00a0Canarias \u00a0de \u00a0propiedad \u00a0del \u00a0pol\u00edtico \u00a0y \u00a0ganadero \u00a0Miguel Nule \u00a0Am\u00edn2 \u00a0\u00a0<\/p>\n<p>, \u00a0a \u00a0la \u00a0cual \u00a0acudieron, \u00a0entre \u00a0otros, el \u00a0ganadero \u00a0Joaqu\u00edn \u00a0Garc\u00eda \u00a0Rodr\u00edguez, reconocido auspiciador de esta clase de \u00a0organizaciones; \u00a0Javier \u00a0Piedrah\u00edta, \u00a0otro \u00a0entendido \u00a0en la materia; Salvatore \u00a0Mancuso \u00a0 y \u00a0 el \u00a0 Senador \u00a0\u00c1LVARO \u00a0GARC\u00cdA \u00a0ROMERO3, \u00a0 en \u00a0 la \u00a0 cual, \u00a0luego \u00a0de \u00a0finiquitados \u00a0los \u00a0temas \u00a0de \u00a0financiaci\u00f3n \u00a0y \u00a0sostenimiento \u00a0del \u00a0nuevo grupo, \u00a0Piedrah\u00edta \u00a0postul\u00f3 \u00a0para \u00a0su \u00a0comandancia \u00a0a \u00a0Rodrigo \u00a0Mercado Peluffo, alias \u00a0\u201cCadena\u201d. \u00a0\u00a0<\/p>\n<p>Asimismo, \u00a0se \u00a0conoci\u00f3 \u00a0de la existencia de \u00a0otra \u00a0reuni\u00f3n, \u00a0celebrada \u00a0con id\u00e9nticos prop\u00f3sitos, la cual se llev\u00f3 a cabo \u00a0entre \u00a01997 \u00a0y 1998 en el restaurante \u201cCarb\u00f3n de Palo\u201d de Sincelejo, con la \u00a0asistencia \u00a0del \u00a0ganadero Joaqu\u00edn Garc\u00eda, Salvador Arana Sus, Miguel Navarro y \u00a0\u00c1ngel \u00a0Daniel \u00a0Villarreal \u00a0Barrag\u00e1n, \u00a0ex \u00a0Alcalde \u00a0y \u00a0Alcalde en ejercicio del \u00a0municipio \u00a0de Sucre (Sucre), respectivamente, y varios jefes paramilitares de la \u00a0regi\u00f3n \u00a0de \u00a0La \u00a0Mojana, \u00a0entre \u00a0ellos \u00c9der Pedraza Pe\u00f1a, alias Ram\u00f3n Mojana, \u00a0escenario \u00a0en \u00a0el \u00a0cual \u00a0se acord\u00f3 que el grupo de este \u00faltimo operar\u00eda en la \u00a0jurisdicci\u00f3n \u00a0territorial \u00a0de \u00a0los municipios sucre\u00f1os de Guaranda, Majagual y \u00a0Sucre, \u00a0entre \u00a0otros, que conforman las provincias de La Mojana y San Marcos, al \u00a0sur \u00a0del \u00a0departamento. \u00a0Seg\u00fan \u00a0cont\u00f3 \u00a0Jairo \u00a0Castilla Peralta, alias Pitirri, \u00a0all\u00ed \u00a0se \u00a0acord\u00f3 \u00a0que el Senador \u00c1LVARO GARC\u00cdA ROMERO y el se\u00f1or Arana Sus, \u00a0gestionar\u00edan \u00a0la \u00a0consecuci\u00f3n \u00a0de sesenta millones de pesos ($60.000.000) para \u00a0dotar \u00a0 de \u00a0 armamento \u00a0 y \u00a0dem\u00e1s \u00a0aspectos \u00a0log\u00edsticos \u00a0al \u00a0grupo4. \u00a0\u00a0<\/p>\n<p>As\u00ed \u00a0las \u00a0cosas, \u00a0los \u00a0grupos \u00a0de Montes de \u00a0Mar\u00eda \u00a0y \u00a0La \u00a0Mojana \u00a0de \u00a0las \u00a0Autodefensas \u00a0Unidas \u00a0de Colombia, m\u00e1s all\u00e1 de \u00a0justificar \u00a0su \u00a0existencia \u00a0en el prop\u00f3sito antisubversivo en que se ampararon, \u00a0ten\u00edan \u00a0como \u00a0objetivo \u00a0proveer \u00a0seguridad a las personas que concurrieron a su \u00a0creaci\u00f3n. \u00a0\u00a0<\/p>\n<p>\u00a0 \u00a0 \u00a0 \u00a0 \u00a0<\/p>\n<p>El respaldo que desde las altas esferas de la \u00a0pol\u00edtica \u00a0nacional \u00a0se \u00a0pact\u00f3 \u00a0para \u00a0la nueva alianza criminal, estuvo a cargo \u00a0desde \u00a0el \u00a0Congreso \u00a0Nacional \u00a0del \u00a0entonces senador \u00c1LVARO GARC\u00cdA ROMERO, y a \u00a0nivel \u00a0departamental \u00a0en \u00a0Sucre \u00a0del hoy condenado ex Representante a la C\u00e1mara \u00a0Eric Morris Taboada. \u00a0\u00a0<\/p>\n<p>Por \u00a0esa \u00a0misma \u00a0\u00e9poca, una serie de hechos \u00a0delictivos \u00a0de toda \u00edndole, pero en particular de grav\u00edsimas violaciones a los \u00a0derechos humanos, se dispar\u00f3 desde entonces en Sucre. \u00a0\u00a0<\/p>\n<p>En \u00a0lo \u00a0que \u00a0concierne \u00a0a \u00a0este \u00a0proceso, se \u00a0destaca \u00a0el \u00a0crimen \u00a0m\u00faltiple \u00a0que \u00a0tuvo lugar entre el 9 y el 16 de octubre de \u00a02000 \u00a0en \u00a0diversos \u00a0corregimientos de Carmen de Bol\u00edvar (Bol\u00edvar), entre ellos \u00a0Macayepo, \u00a0regi\u00f3n \u00a0de \u00a0los \u00a0Montes \u00a0de \u00a0Mar\u00eda, \u00a0a \u00a0partir \u00a0de \u00a0una \u00a0incursi\u00f3n \u00a0paramilitar \u00a0por \u00a0parte \u00a0de \u00a0la agrupaci\u00f3n conocida por entonces como \u201cFrente \u00a0Montes \u00a0de \u00a0Mar\u00eda\u201d, \u00a0que \u00a0adem\u00e1s \u00a0gener\u00f3 \u00a0el \u00a0desplazamiento \u00a0masivo de los \u00a0habitantes \u00a0de \u00a0ese \u00a0lugar, \u00a0luctuosos \u00a0hechos \u00a0cuya \u00a0relaci\u00f3n con el procesado \u00a0derivan \u00a0de \u00a0la comunicaci\u00f3n telef\u00f3nica sostenida entre \u00e9l y Joaqu\u00edn Garc\u00eda \u00a0Rodr\u00edguez \u00a0el 6 de octubre de 2000, en el que \u00e9ste mencion\u00f3 al desplazamiento \u00a0de \u00a0la tropa irregular hacia Macayepo, comunicaci\u00f3n conocida por la secci\u00f3n de \u00a0inteligencia \u00a0de \u00a0la Polic\u00eda de Sucre, Sipol, por labores de rastreo accidental \u00a0del espectro electromagn\u00e9tico. \u00a0\u00a0<\/p>\n<p>Asimismo, al il\u00edcito destino de los dineros \u00a0desembolsados \u00a0con \u00a0ocasi\u00f3n \u00a0del \u00a0contrato \u00a0suscrito \u00a0el 4 de noviembre de 1998 \u00a0entre \u00a0el alcalde de Sucre (Sucre), \u00c1ngel Daniel Villarreal Barrag\u00e1n y Octavio \u00a0Otero \u00a0para \u00a0la \u00a0construcci\u00f3n \u00a0de un terrapl\u00e9n, recursos p\u00fablicos a la postre \u00a0utilizados \u00a0en \u00a0la \u00a0conformaci\u00f3n \u00a0del \u00a0Frente \u00a0La \u00a0Mojana, hechos atribuidos al \u00a0procesado \u00a0por \u00a0el \u00a0testigo \u00a0Castillo \u00a0Peralta, quien fue intermediario de dicha \u00a0\u201cnegociaci\u00f3n\u201d. \u00a0\u00a0<\/p>\n<p>Finalmente, \u00a0 al \u00a0 homicidio \u00a0de \u00a0Georgina \u00a0Narv\u00e1ez, \u00a0ocurrido \u00a0en \u00a0San \u00a0Onofre \u00a0el \u00a019 de noviembre de 1997, suceso ligado \u00a0estrechamente \u00a0al \u00a0cuestionado \u00a0resultado \u00a0electoral que permiti\u00f3 la llegada de \u00a0Eric \u00a0Morris \u00a0Taboada a la gobernaci\u00f3n de Sucre en octubre de 1997, al cual fue \u00a0seriamente \u00a0vinculado \u00c1LVARO ALFONSO GARC\u00cdA ROMERO a trav\u00e9s del testimonio de \u00a0Castillo \u00a0Peralta, \u00a0quien \u00a0lo se\u00f1al\u00f3 como la persona que dio la orden de darle \u00a0muerte. \u00a0\u00a0<\/p>\n<p>ANTECEDENTES PROCESALES \u00a0<\/p>\n<p>La \u00a0instrucci\u00f3n abierta el 18 de octubre de \u00a020065 \u00a0se \u00a0circunscribi\u00f3 \u00a0a \u00a0los \u00a0delitos \u00a0de \u00a0concierto \u00a0para delinquir \u00a0agravado, \u00a0peculado por apropiaci\u00f3n, y a los homicidios de que fueron v\u00edctimas \u00a0Georgina \u00a0Narv\u00e1ez\u00a0 \u00a0y \u00a0las personas asesinadas en la denominada \u201cmasacre \u00a0de \u00a0Macayepo\u201d. \u00a0A \u00a0\u00e9sta \u00a0se vincul\u00f3 mediante indagatoria al entonces senador \u00a0\u00c1LVARO ALFONSO GARC\u00cdA ROMERO. \u00a0\u00a0<\/p>\n<p>El \u00a08 \u00a0de \u00a0noviembre siguiente, se le dict\u00f3 \u00a0detenci\u00f3n \u00a0preventiva \u00a0por \u00a0el \u00a0cargo \u00a0de \u00a0concierto \u00a0para \u00a0delinquir agravado, \u00a0previsto \u00a0en \u00a0los incisos 2\u00b0 y 3\u00ba del art\u00edculo 340 del C\u00f3digo Penal de 2000; \u00a0adem\u00e1s \u00a0 se \u00a0le \u00a0atribuy\u00f3 \u00a0el \u00a0homicidio \u00a0simple \u00a0de \u00a0Georgina \u00a0Narv\u00e1ez, \u00a0los \u00a0homicidios \u00a0agravados \u00a0cometidos en Macayepo, y el peculado por apropiaci\u00f3n por \u00a0la \u00a0 \u00a0 \u00a0 \u00a0 suma \u00a0 \u00a0 \u00a0 \u00a0 de \u00a0 \u00a0 \u00a0 \u00a0 $17.281.3936. \u00a0\u00a0<\/p>\n<p>Estimando recaudada la prueba necesaria para \u00a0calificar, \u00a0se \u00a0orden\u00f3 \u00a0el \u00a0cierre de la investigaci\u00f3n mediante auto del 11 de \u00a0mayo \u00a0de \u00a02007, \u00a0contra \u00a0el \u00a0cual \u00a0la defensa del senador \u00c1LVARO GARC\u00cdA ROMERO \u00a0interpuso \u00a0el \u00a0recurso \u00a0de reposici\u00f3n que se tramit\u00f3 y resolvi\u00f3 negativamente \u00a0el 4 de junio de 2007. \u00a0\u00a0<\/p>\n<p>En \u00a0firme \u00a0la \u00a0anterior \u00a0determinaci\u00f3n, \u00a0el \u00a0sumario \u00a0fue \u00a0calificado \u00a0con \u00a0providencia \u00a0acusatoria \u00a0el 10 de julio de 2007 y \u00a0ratificado \u00a0el \u00a08 \u00a0de \u00a0agosto \u00a0de \u00a02007, convoc\u00e1ndolo a juicio como \u00a0presunto autor \u00a0del \u00a0delito \u00a0de \u00a0concierto \u00a0para \u00a0delinquir \u00a0agravado \u00a0descrito \u00a0en \u00a0el \u00a0art\u00edculo \u00a0340 \u00a0incisos \u00a02\u00b0 y 3\u00ba del C\u00f3digo Penal del 2000, \u00a0consider\u00e1ndose \u00a0adem\u00e1s \u00a0la circunstancia gen\u00e9rica de agravaci\u00f3n punitiva del \u00a0art\u00edculo \u00a058 \u00a0numeral 9 por la distinguida posici\u00f3n social del senador GARC\u00cdA \u00a0ROMERO; \u00a0y \u00a0como determinador \u00a0de \u00a0los \u00a0siguientes \u00a0delitos: \u00a0a) \u00a0del \u00a0homicidio \u00a0simple de la se\u00f1ora Georgina \u00a0Narv\u00e1ez \u00a0Wilches, \u00a0previsto en el art\u00edculo 103 del C\u00f3digo Penal del 2000; del \u00a0peculado \u00a0por \u00a0apropiaci\u00f3n \u00a0en \u00a0cuant\u00eda de $17.281.393 del erario municipal de \u00a0Sucre \u00a0(Sucre), \u00a0previsto \u00a0en \u00a0el \u00a0art\u00edculo \u00a0133 \u00a0del \u00a0C\u00f3digo \u00a0Penal \u00a0de 1980, \u00a0modificado \u00a0por \u00a0el \u00a0art\u00edculo \u00a019 de la Ley 190 de 1995, y finalmente c) de los \u00a0homicidios \u00a0agravados \u00a0por \u00a0la \u00a0indefensi\u00f3n \u00a0de \u00a0las \u00a0v\u00edctimas \u00a0en \u00a0la llamada \u00a0\u201cmasacre \u00a0de Macayepo\u201d, tipificado en los art\u00edculos 103 y 104-7 del C\u00f3digo \u00a0Penal \u00a0de \u00a02000, cometidos contra L\u00edderes Rafael Tapias Ter\u00e1n, Andr\u00e9s Alberto \u00a0\u00c1lvarez \u00a0Palacios, \u00a0Manuel \u00a0de \u00a0Jes\u00fas \u00a0Julio Guti\u00e9rrez, Orlando Rafael Oviedo \u00a0Moguea, \u00a0Alcib\u00edades \u00a0Mendoza, \u00a0Hugo \u00a0Adolfo \u00a0D\u00edaz \u00a0D\u00edaz \u00a0y \u00a0Juan Manuel Feria \u00a0\u00c1lvarez. \u00a0Adicionalmente, \u00a0Armando Batista Arroyo, F\u00e9lix Paternina Rodr\u00edguez, \u00a0Laureano \u00a0Paternina, \u00a0Ezequiel \u00a0Jaraba \u00a0y \u00a0su \u00a0esposa, \u00a0a \u00a0los \u00a0cuales \u00a0se \u00a0hizo \u00a0referencia \u00a0en el oficio 576 del 18 de octubre de 2000, suscrito por el Capit\u00e1n \u00a0Luis \u00a0Morales C\u00e1rdenas y dirigido al Comandante del Departamento de Polic\u00eda de \u00a0Bol\u00edvar7. \u00a0\u00a0<\/p>\n<p>Ejecutoriada la acusaci\u00f3n el senador GARC\u00cdA \u00a0ROMERO \u00a0renunci\u00f3 \u00a0a \u00a0su \u00a0investidura, \u00a0por \u00a0lo \u00a0que la actuaci\u00f3n se remiti\u00f3 a \u00a0reparto \u00a0de \u00a0los \u00a0Jueces \u00a0Penales del Circuito Especializado, correspondi\u00e9ndole \u00a0finalmente \u00a0adelantar el juicio al Juzgado Octavo de esa categoria, ante el cual \u00a0actu\u00f3 \u00a0como \u00a0acusador \u00a0el fiscal 26 especializado adscrito a la Unidad Nacional \u00a0contra \u00a0el \u00a0Terrorismo. \u00a0La etapa de juicio se inici\u00f3 a finales del a\u00f1o 2007 y \u00a0culmin\u00f3 \u00a0en el mes de abril de 2009, quedando al despacho del juez de instancia \u00a0para fallo de primer grado. \u00a0\u00a0<\/p>\n<p>La Sala de Casaci\u00f3n Penal, mediante auto del \u00a01 \u00a0 de \u00a0septiembre \u00a0de \u00a02009 \u00a0dentro \u00a0del \u00a0radicado \u00a031653 \u00a0seguido \u00a0contra \u00a0los \u00a0Representantes \u00a0a \u00a0la \u00a0C\u00e1mara \u00a0\u00c9dgar \u00a0Eulises \u00a0Torres \u00a0Murillo y Od\u00edn Horacio \u00a0S\u00e1nchez \u00a0Montes \u00a0de \u00a0Oca, vari\u00f3 la jurisprudencia vigente y resolvi\u00f3 reasumir \u00a0la \u00a0competencia \u00a0de \u00a0las \u00a0investigaciones \u00a0y \u00a0juicios adelantados contra quienes \u00a0estando \u00a0procesados \u00a0por \u00a0hechos \u00a0punibles \u00a0relacionados \u00a0con \u00a0su \u00a0actividad \u00a0de \u00a0congresistas, hubieran renunciado a su cargo. \u00a0\u00a0<\/p>\n<p>IDENTIFICACI\u00d3N DEL PROCESADO \u00a0<\/p>\n<p>\u00c1LVARO \u00a0ALFONSO \u00a0GARC\u00cdA ROMERO, \u00a0c\u00e9dula \u00a0de \u00a0ciudadan\u00eda \u00a0n\u00famero \u00a06.814.708 de Sincelejo- Sucre, \u00a0hijo \u00a0 de \u00a0 Juan \u00a0Jos\u00e9 \u00a0Garc\u00eda \u00a0Taboada \u00a0y \u00a0Mady \u00a0Romero \u00a0Morante, \u00a0nacido \u00a0en \u00a0Ovejas-Sucre \u00a0el \u00a019 \u00a0de \u00a0febrero de 1951, casado con sociedad conyugal vigente, \u00a0estudios \u00a0 de \u00a0 bachillerato \u00a0y \u00a0algunos \u00a0en \u00a0administraci\u00f3n \u00a0de \u00a0negocios \u00a0sin \u00a0culminarlos. \u00a0Durante \u00a024 \u00a0a\u00f1os de manera ininterrumpida fue Representante a la \u00a0C\u00e1mara y Senador.\u00a0\u00a0\u00a0 \u00a0\u00a0<\/p>\n<p>ALEGATOS DE LAS PARTES \u00a0<\/p>\n<p>INTERVENCI\u00d3N DE LA FISCAL\u00cdA \u00a0<\/p>\n<p>1. DEL CONCIERTO PARA DELINQUIR \u00a0<\/p>\n<p>Comenz\u00f3 \u00a0su \u00a0postura \u00a0de fondo haciendo una \u00a0semblanza \u00a0sobre la historia y caracter\u00edsticas de las estructuras paramilitares \u00a0en \u00a0Sucre, \u00a0nacidas \u00a0como \u00a0expresi\u00f3n \u00a0antisubversiva a trav\u00e9s de las Convivir, \u00a0hasta \u00a0llegar \u00a0a \u00a0crear \u00a0\u201cfranquicias \u00a0de las AUC\u201d como lo dijo Mancuso. Una \u00a0reuni\u00f3n \u00a0en \u00a0Medell\u00edn \u00a0en \u00a01996 busc\u00f3 una estructura permanente, lo mismo que \u00a0otra \u00a0en \u00a0Las \u00a0Canarias \u00a0en \u00a01997, \u00a0donde \u00a0el \u00a0poder \u00a0econ\u00f3mico y pol\u00edtico del \u00a0departamento \u00a0 se \u00a0comprometi\u00f3 \u00a0a \u00a0subvencionar \u00a0el \u00a0paramilitarismo \u00a0en \u00a0forma \u00a0continua. \u00a0\u00a0<\/p>\n<p>Alias \u00a0 \u00a0Cadena \u00a0 ex \u00a0 l\u00edder \u00a0 de \u00a0 los \u00a0\u201ccarranceros\u201d, \u00a0seg\u00fan \u00a0Mancuso, \u00a0fue \u00a0impuesto \u00a0por Javier Piedrah\u00edta para \u00a0comandar \u00a0la \u00a0nueva \u00a0estructura. \u00a0Uber \u00a0Enrique \u00a0B\u00e1nquez\u00a0 Mart\u00ednez, alias \u00a0\u201cJuancho \u00a0Dique\u201d, \u00a0era \u00a0uno de sus principales lugartenientes. M\u00e1s adelante \u00a0se \u00a0habl\u00f3 \u00a0del \u00a0llamado \u00a0\u201cFrente Mojana\u201d, contando que fue una rueda suelta \u00a0que \u00a0finalmente \u00a0no \u00a0se \u00a0sabe si estuvo subordinada o no a la comandancia de las \u00a0AUC \u00a0o \u00a0si \u00a0perteneci\u00f3 \u00a0a \u00a0dicha \u00a0estructura, \u00a0o \u00a0si \u00a0tan s\u00f3lo se trat\u00f3 de un \u00a0ej\u00e9rcito \u00a0al \u00a0servicio \u00a0de intereses privados, pues en la audiencia p\u00fablica ex \u00a0miembros \u00a0de las AUC dijeron no conocer de su existencia. Mancuso afirm\u00f3 que el \u00a0Frente \u00a0La \u00a0Mojana \u00a0lo recibi\u00f3 de los Casta\u00f1o en el a\u00f1o 1996, pero en el a\u00f1o \u00a01999 \u00a0pas\u00f3 \u00a0al Bloque Central Bol\u00edvar y, antes de la desmovilizaci\u00f3n, volvi\u00f3 \u00a0al Bloque Norte, con el que se desmoviliz\u00f3. \u00a0\u00a0<\/p>\n<p>En \u00a0la reuni\u00f3n de Las Canarias participaron \u00a0m\u00e1s \u00a0de \u00a060 \u00a0personas, \u00a0entre \u00a0ellas Miguel Nule Am\u00edn, Joaqu\u00edn Garc\u00eda,\u00a0 \u00a0Eduard \u00a0 Cobos, \u00a0 Javier \u00a0 Piedrah\u00edta, \u00a0 El\u00edas \u00a0 V\u00e9lez, \u00a0 \u00c1ngel \u00a0Villarreal, \u00a0Luis \u00a0 Salaiman \u00a0\u2013exalcalde de \u00a0San \u00a0Onofre\u2013, \u00a0Jos\u00e9 \u00a0Guerra \u00a0y \u00a0V\u00edctor \u00a0Guerra \u00a0De La \u00a0Espriella. \u00a0Muchas \u00a0de \u00a0ellas, \u00a0adem\u00e1s de Mancuso, hab\u00edan sido mencionadas por \u00a0Castillo \u00a0Peralta \u00a0como por alias Diego Vecino, en su declaraci\u00f3n ante la Corte \u00a0el 28 de febrero de 2007. \u00a0\u00a0<\/p>\n<p>Mancuso nunca habl\u00f3 sobre tres reuniones en \u00a0Las \u00a0Canarias, \u00a0ni \u00a0que \u00a0unas \u00a0fueran sobre las AUC y otras sobre las Convivir o \u00a0problemas \u00a0de \u00a0seguridad, \u00a0ni \u00a0dijo \u00a0que \u00a0los \u00a0asistentes \u00a0tuvieran \u00a0un objetivo \u00a0diferente \u00a0a \u00a0la \u00a0conformaci\u00f3n \u00a0de \u00a0las \u00a0AUC en Sucre. Con todo, seis (6) a\u00f1os \u00a0antes, \u00a0Castillo \u00a0Peralta, \u00a0el \u00a0conductor \u00a0analfabeta \u00a0de Joaquin Garcia, hab\u00eda \u00a0hablado \u00a0de \u00a0dicha \u00a0reuni\u00f3n para expandir las AUC, cuyo objeto fue extender las \u00a0AUC en Sucre. \u00a0\u00a0<\/p>\n<p>El Fiscal fue expl\u00edcito en referir el poder \u00a0militar, \u00a0econ\u00f3mico \u00a0y \u00a0pol\u00edtico que concentr\u00f3 alias Cadena, quien controlaba \u00a0rutas \u00a0 de \u00a0narcotr\u00e1fico \u00a0por \u00a0el \u00a0Golfo \u00a0de \u00a0Morrosquillo. \u00a0Luego \u00a0se \u00a0dio \u00a0la \u00a0infiltraci\u00f3n \u00a0en \u00a0el \u00a0poder p\u00fablico, primero a nivel regional y despu\u00e9s, para \u00a0el \u00a0a\u00f1o \u00a02001, ya proyect\u00e1ndose a nivel nacional. Los a\u00f1os 2001 y 2002 fueron \u00a0claves \u00a0en la expansi\u00f3n del proyecto paramilitar. Carlos Casta\u00f1o,\u00a0 hab\u00eda \u00a0decidido \u00a0tener \u00a0candidatos \u00a0propios, \u00a0como lo hab\u00eda propuesto alias \u201cErnesto \u00a0B\u00e1ez\u201d. \u00a0\u00a0<\/p>\n<p>Las \u00a0organizaciones \u00a0paramilitares \u00a0eran \u00a0din\u00e1micas \u00a0y \u00a0sus \u00a0miembros \u00a0a \u00a0veces obedec\u00edan a intereses particulares, pero \u00a0no \u00a0nacieron como un clamor \u00a0popular \u00a0 de \u00a0 defensa \u00a0 ante \u00a0 los \u00a0 cr\u00edmenes \u00a0de \u00a0la \u00a0guerrilla \u00a0\u2013como \u00a0 \u00a0 \u00a0lo \u00a0 \u00a0 pregona \u00a0 \u00a0 Diego \u00a0Vecino\u2013. Se ocupa entonces \u00a0el \u00a0Fiscal \u00a0de \u00a0relacionar con detalle el avance paramilitar en Sucre y la forma \u00a0como \u00a0fueron enquist\u00e1ndose en las administraciones municipales y cita episodios \u00a0concretos, \u00a0como el de haber resultado la esposa de \u201cCadena\u201d comprometida en \u00a0apoyos \u00a0pol\u00edticos \u00a0para \u00a0proveer, \u00a0por \u00a0ejemplo, \u00a0la Secretar\u00eda de Educaci\u00f3n. \u00a0Antes \u00a0de \u00a0que \u00a0Salvatore \u00a0Mancuso \u00a0hiciera tal afirmaci\u00f3n ante Justicia y Paz, \u00a0Otero \u00a0De \u00a0La \u00a0Ossa, \u00a0alias \u00a0\u201cComputador\u201d, \u00a0ya \u00a0lo \u00a0hab\u00eda \u00a0advertido en una \u00a0entrevista espont\u00e1nea ante la Sij\u00edn en Sincelejo. \u00a0\u00a0<\/p>\n<p>En \u00a0el \u00a0tema de impunidad, relacion\u00f3 fallos \u00a0absolutorios \u00a0de \u00a0personas que en su momento Castillo Peralta hab\u00eda denunciado, \u00a0quienes \u00a0terminaron \u00a0reconociendo \u00a0haber sido paramilitares.\u00a0 Argumenta que \u00a0GARC\u00cdA \u00a0ROMERO \u00a0no \u00a0pod\u00eda \u00a0ser \u00a0ajeno \u00a0a todo este panorama de infiltraci\u00f3n y \u00a0maridaje \u00a0entre \u00a0las AUC y el poder pol\u00edtico y gremial de Sucre, y enfatiza que \u00a0ninguna \u00a0de \u00a0las declaraciones demerit\u00f3 las versiones de Castillo Peralta, Luis \u00a0Eduardo \u00a0 Ur\u00e1n \u00a0Lara \u00a0y \u00a0Sadys \u00a0Enrique \u00a0R\u00edos.\u00a0 \u00a0\u00a0<\/p>\n<p>El procesado afirm\u00f3 que era el puente entre \u00a0los \u00a0ganaderos \u00a0y las autoridades, pero se estima probado que cuando esos mismos \u00a0ganaderos \u00a0vieron que las autoridades no les resolv\u00edan sus problemas, acudieron \u00a0a \u00a0las \u00a0AUC.\u00a0 \u00a0Mancuso \u00a0siempre \u00a0fue claro en se\u00f1alar al ganadero Joaqu\u00edn \u00a0Garc\u00eda \u00a0como \u00a0financiador, \u00a0promotor \u00a0y \u00a0puente \u00a0entre \u00a0las \u00a0autodefensas y las \u00a0autoridades \u00a0(declaraci\u00f3n \u00a0del \u00a015 \u00a0y \u00a016 \u00a0de \u00a0mayo\/09). \u00a0Al respecto, Castillo \u00a0Peralta \u00a0ya \u00a0hab\u00eda \u00a0dicho \u00a0que \u00a0\u201cJoaqu\u00edn \u00a0Garc\u00eda \u00a0acudi\u00f3 \u00a0a \u00a0la \u00a0reuni\u00f3n de Medell\u00edn y all\u00ed se acord\u00f3 crear una franquicia de \u00a0las \u00a0AUC \u00a0en \u00a0Sucre, cuyo\u00a0 objeto era recibir a los peque\u00f1os grupos de las \u00a0AUC \u00a0que \u00a0operaban \u00a0descoordinadamente e implementar a gran escala las Convivir, \u00a0para \u00a0que \u00a0sirvieran \u00a0como \u00a0\u00f3rganos \u00a0de \u00a0inteligencia \u00a0para los militares y los \u00a0paramilitares\u201d (15 de mayo de 2007, 15:56 horas). En \u00a0la \u00a0audiencia p\u00fablica Salvatore Mancuso mencion\u00f3 de nuevo que Joaqu\u00edn Garc\u00eda \u00a0era el enlace entre los ganaderos y Cadena. \u00a0\u00a0<\/p>\n<p>No \u00a0fue \u00a0cierto que Pitirri abordara el tema \u00a0s\u00f3lo \u00a0cuando \u00a0ya estaba en Canad\u00e1. Desde sus primeras declaraciones relacion\u00f3 \u00a0al \u00a0acusado \u00a0como \u00a0aliado de Joaqu\u00edn Garc\u00eda. Testific\u00f3 que estuvo presente en \u00a0conversaciones \u00a0entre \u00a0los \u00a0dos \u00a0para \u00a0que \u00a0\u00e9ste, desde su posici\u00f3n, ayudara a \u00a0cambiar \u00a0al \u00a0comandante \u00a0de la Polic\u00eda para facilitar la actuaci\u00f3n de las AUC. \u00a0Para \u00a0la \u00a0fecha \u00a0de \u00a0la declaraci\u00f3n de alias Pitirri (4 de septiembre de 2001), \u00a0a\u00fan \u00a0no \u00a0era \u00a0p\u00fablica \u00a0la conversaci\u00f3n que, un a\u00f1o m\u00e1s tarde pondr\u00eda en el \u00a0centro \u00a0 del \u00a0debate \u00a0al \u00a0exsenador \u00a0y \u00a0que \u00a0public\u00f3 \u00a0la \u00a0revista \u00a0Semana \u00a0el \u00a0d\u00eda \u00a013 \u00a0de \u00a0junio \u00a0de 2002. \u00a0Castillo \u00a0Peralta \u00a0no \u00a0ten\u00eda \u00a0c\u00f3mo conocer su contenido en la que precisamente \u00a0Joaqu\u00edn \u00a0Garc\u00eda \u00a0pidi\u00f3 \u00a0al \u00a0senador \u00a0interceder para cambiar al comandante de \u00a0Polic\u00eda. \u00a0 Si \u00a0 Castillo \u00a0Peralta \u00a0no \u00a0fuera fuente directa de conocimiento, no tendr\u00eda por qu\u00e9 saber de \u00a0tantos hechos que se verificaron en las diligencias. \u00a0\u00a0<\/p>\n<p>Se refiere el Fiscal entonces a las pesquisas \u00a0judiciales, \u00a0especialmente testimoniales, que debi\u00f3 afrontar Joaqu\u00edn Garc\u00eda y \u00a0recuerda \u00a0que \u00a0personas como el se\u00f1or Orlando Rodr\u00edguez\u00a0 Mart\u00ednez (folio \u00a0205 \u00a0de \u00a0C12), \u00a0dijo \u00a0haberlo \u00a0conocido \u00a0por intermedio del senador en su propia \u00a0oficina, \u00a0donde Joaquin se ufanaba de ser financiador paramilitar y que quien no \u00a0le \u00a0cancelaba sus deudas, se las ten\u00eda que ver con las AUC y con un tal Cadena. \u00a0Otra \u00a0persona dijo que aquel ganadero se jactaba de mover al senador frente a la \u00a0Armada. \u00a0\u00a0<\/p>\n<p>De \u00a0 acuerdo \u00a0 con \u00a0el \u00a0contenido \u00a0de \u00a0las \u00a0conversaciones \u00a0 grabadas \u00a0 en \u00a0 el \u00a0 computador \u00a0 de \u00a0alias \u00a0Don \u00a0Antonio, \u00a0los \u00a0paramilitares \u00a0controlaban \u00a0desde \u00a0el a\u00f1o 2000 la burocracia y la contrataci\u00f3n \u00a0de \u00a0los municipios sucre\u00f1os. Las relaciones de \u00c1LVARO GARC\u00cdA ROMERO con estas \u00a0estructuras se mov\u00edan de acuerdo con sus intereses. \u00a0\u00a0<\/p>\n<p>Consolidados militarmente los grupos ilegales \u00a0en \u00a0Sucre, \u00a0as\u00ed \u00a0como \u00a0en \u00a0el \u00a0resto del pa\u00eds, a finales de 2001 (como lo dijo \u00a0Mancuso \u00a0y \u00a0como \u00a0lo \u00a0ratifican \u00a0los \u00a0estudios \u00a0de \u00a0Claudia \u00a0L\u00f3pez)8 \u00a0 las \u00a0 AUC \u00a0iniciaron \u00a0 la \u00a0 infiltraci\u00f3n \u00a0 del \u00a0poder \u00a0legislativo. \u00a0La \u00a0puerta \u00a0de \u00a0dicha \u00a0infiltraci\u00f3n \u00a0naci\u00f3 \u00a0en \u00a0Ralito, \u00a0donde se impuso a Diego Vecino como supuesto \u00a0jefe \u00a0pol\u00edtico \u00a0en \u00a0Sucre, lo que nunca se logr\u00f3 consolidar. Las relaciones de \u00a0Cadena \u00a0con \u00a0la \u00a0c\u00fapula \u00a0de \u00a0las \u00a0AUC \u00a0se \u00a0caracterizaron por el enfrentamiento \u00a0constante \u00a0que, \u00a0despu\u00e9s, \u00a0dio \u00a0lugar \u00a0a \u00a0que \u00a0las \u00a0mismas \u00a0AUC \u00a0lo asesinaran. \u00a0\u00a0<\/p>\n<p>Las \u00a0cr\u00edticas \u00a0a \u00a0la \u00a0labor de Cadena en la \u00a0transliteraci\u00f3n \u00a0de \u00a0los \u00a0audios \u00a0del \u00a0computador \u00a0de \u00a0Don \u00a0Antonio reflejan la \u00a0animadversi\u00f3n \u00a0que \u00a0Jorge \u00a040 \u00a0y Diego Vecino sent\u00edan hacia ese cabecilla. Una \u00a0vez \u00a0desmovilizado \u00a0Cadena, \u00a0el \u00a0primer \u00a0paso \u00a0de \u00a0esta \u00a0estrategia \u00a0fue \u00a0lograr \u00a0que\u00a0 \u00a0W\u00edller \u00a0Covo, \u00a0uno \u00a0de \u00a0los \u00a0comandantes \u00a0pol\u00edticos \u00a0de \u00a0Cadena, lo \u00a0traicionara, \u00a0y \u00a0el \u00a0segundo, \u00a0la \u00a0desaparici\u00f3n \u00a0del mismo Cadena. Precisamente \u00a0Covo, \u00a0el \u00a0estandarte \u00a0pol\u00edtico \u00a0y \u00a0financiero \u00a0de Cadena en el departamento de \u00a0Sucre, \u00a0fue \u00a0quien \u00a0le \u00a0coment\u00f3 \u00a0a \u00a0Mancuso que se reuni\u00f3 con GARC\u00cdA ROMERO y \u00a0Salvador \u00a0Arana \u00a0para \u00a0pactar \u00a0los \u00a0apoyos \u00a0a la candidatura de Jorge Anaya a la \u00a0gobernaci\u00f3n \u00a0 \u00a0(versi\u00f3n \u00a0 \u00a0de \u00a0 Mancuso, \u00a0 16 \u00a0 de \u00a0 mayo \u00a0 de \u00a0 2007, \u00a0 12:01 \u00a0horas). \u00a0\u00a0<\/p>\n<p>Resulta innegable la manipulaci\u00f3n y la farsa \u00a0que \u00a0pretendi\u00f3 \u00a0montar \u00a0Diego \u00a0Vecino, \u00a0con \u00a0el apoyo de los dem\u00e1s comandantes \u00a0paramilitares, \u00a0 al \u00a0 quererlo \u00a0 hacer \u00a0 pasar \u00a0 como \u00a0comandante \u00a0pol\u00edtico \u00a0de \u00a0Cadena,\u00a0 \u00a0cuando \u00a0en verdad no tuvo el control pol\u00edtico de Sucre. Tuvo uno \u00a0que \u00a0otro \u00a0aliado, \u00a0como lo fue Muriel Benito Revollo, pero eso no lo convirti\u00f3 \u00a0en jefe pol\u00edtico de Sucre. \u00a0\u00a0<\/p>\n<p>Los \u00a0constantes \u00a0encuentros entre el senador \u00a0GARC\u00cdA \u00a0ROMERO \u00a0y \u00a0Cadena \u00a0fueron \u00a0ratificados \u00a0en \u00a0el juicio, como lo anunci\u00f3 \u00a0Mancuso \u00a0en \u00a0su versi\u00f3n ante Justicia y Paz cuando se refiri\u00f3 a la reuni\u00f3n de \u00a0\u201cVarsovia\u201d \u00a0y \u00a0sus \u00a0fines \u00a0pol\u00edticos, \u00a0coincidiendo \u00a0con \u00a0lo \u00a0que ya hab\u00eda \u00a0advertido \u00a0 cinco \u00a0 meses \u00a0 atr\u00e1s \u00a0 el \u00a0 se\u00f1or \u00a0 Otero \u00a0 De \u00a0 La \u00a0Ossa, \u00a0alias \u00a0\u201cComputador\u201d, \u00a0en \u00a0su \u00a0entrevista \u00a0ante \u00a0la Sij\u00edn, la cual ratific\u00f3 en una \u00a0declaraci\u00f3n \u00a0ante el fiscal segundo especializado de Sincelejo. La Fiscal\u00eda le \u00a0resta \u00a0cualquier \u00a0efecto \u00a0a \u00a0la \u00a0retractaci\u00f3n \u00a0posterior \u00a0de \u00a0este \u00a0testigo, en \u00a0extra\u00f1as circunstancias. \u00a0\u00a0<\/p>\n<p>Samir \u00a0Otero \u00a0de \u00a0la \u00a0Ossa \u00a0lo \u00a0dijo \u00a0en \u00a0la \u00a0entrevista \u00a0filmada \u00a0ante \u00a0funcionarios \u00a0de \u00a0la \u00a0Sij\u00edn \u00a0de \u00a0Sincelejo, en forma \u00a0espont\u00e1nea, \u00a0y \u00a0lo \u00a0ratific\u00f3 \u00a0en \u00a0declaraci\u00f3n \u00a0ante un fiscal, que conoci\u00f3 a \u00a0\u00c1LVARO \u00a0GARC\u00cdA \u00a0ROMERO \u00a0en \u00a0el \u00a0sitio \u00a0conocido \u00a0como \u00a0el \u00a0Palo \u00a0de Caucho, en \u00a0reuniones \u00a0con \u00a0Cadena; \u00a0este \u00a0es \u00a0el mismo sitio donde manifest\u00f3 haberlo visto \u00a0Sadys \u00a0R\u00edos en su declaraci\u00f3n del 1 de diciembre de 2006, el mismo d\u00eda en que \u00a0capturaron \u00a0a \u00a0Otero de la Ossa; es decir, durante el mismo d\u00eda pero en lugares \u00a0diferentes, \u00a0escuchadas \u00a0por \u00a0autoridades \u00a0diversas, \u00a0dos \u00a0personas \u00a0que \u00a0no \u00a0se \u00a0conoc\u00edan \u00a0entre \u00a0s\u00ed \u00a0estaban \u00a0suministrando la misma versi\u00f3n, esto es, que el \u00a0senador se reun\u00eda con alias Cadena en aquel sitio. \u00a0\u00a0<\/p>\n<p>Pero Otero de la Ossa relat\u00f3 adem\u00e1s, de la \u00a0misma \u00a0manera \u00a0desprevenida \u00a0y \u00a0espont\u00e1nea \u00a0aquel \u00a01 \u00a0de diciembre de 2006, que \u00a0conoci\u00f3 \u00a0a \u00a0Oswaldo \u00a0Ayala \u00a0(el mismo que nombraron secretario de Educaci\u00f3n de \u00a0Jorge \u00a0Anaya, \u00a0exgobernador \u00a0del \u00a0departamento \u00a0de Sucre) en una reuni\u00f3n con el \u00a0senador \u00a0y \u00a0Cadena, \u00a0en \u00a0la \u00a0que \u00a0discutieron sobre el cargo que le iban a dar a \u00a0Oswaldo. \u00a0Meses \u00a0despu\u00e9s \u00a0se \u00a0ratific\u00f3 \u00a0tal informaci\u00f3n, pues, en su versi\u00f3n \u00a0Mancuso \u00a0dijo \u00a0c\u00f3mo W\u00edller Covo le inform\u00f3 de una reuni\u00f3n en Varsovia, en la \u00a0que \u00a0Arana \u00a0Sus, \u00a0GARC\u00cdA \u00a0ROMERO \u00a0y \u00a0Cadena \u00a0acordaban el apoyo a Jorge Anaya y \u00a0pactaban \u00a0la \u00a0entrega de la Secretar\u00eda de Educaci\u00f3n y la de Salud para las AUC \u00a0(folio 79, C19). \u00a0\u00a0<\/p>\n<p>Posteriormente, \u00a0el \u00a0mismo Samir Otero de la \u00a0Ossa \u00a0se \u00a0retract\u00f3, lo que no merece ning\u00fan cr\u00e9dito, pues los funcionarios de \u00a0la \u00a0Sij\u00edn, \u00a0a \u00a0quienes \u00a0se \u00a0acusa de presionarlo, no pod\u00edan saber que tambi\u00e9n \u00a0surgir\u00edan \u00a0los \u00a0nombres \u00a0de \u00a0Nelson Stamp, Sabas Balseiro, Muriel Benito, Jorge \u00a0Blanco, \u00a0 \u00a0Walberto \u00a0 \u00a0Estrada \u00a0 \u00a0y \u00a0 \u00a0Freddy \u00a0 \u00a0Villa, \u00a0 etc., \u00a0 posteriormente \u00a0involucradas\u00a0\u00a0\u00a0\u00a0 \u00a0 (algunos \u00a0 de \u00a0 ellos \u00a0confesos) \u00a0en \u00a0los \u00a0esc\u00e1ndalos \u00a0de \u00a0la \u00a0llamada \u00a0parapol\u00edtica. \u00a0Incorpora el Fiscal elementos para \u00a0desmentir \u00a0que \u00a0el \u00a0testigo \u00a0estaba \u00a0siendo \u00a0presionado \u00a0leyendo \u00a0un cartel o la \u00a0pantalla de un computador. \u00a0\u00a0<\/p>\n<p>La \u00a0Fiscal\u00eda \u00a0revis\u00f3 \u00a0la \u00a0credibilidad \u00a0de \u00a0Castillo, \u00a0recordando \u00a0que fue \u201cRam\u00f3n Mojana\u201d, quien lo ubic\u00f3 en reuniones \u00a0de \u00a0paramilitares \u00a0en \u00a0San \u00a0Jacinto del Cauca y San Marcos, como acompa\u00f1ante de \u00a0John \u00a0 Zapata,\u00a0 \u00a0 este \u00a0\u00faltimo \u00a0encargado \u00a0de \u00a0las \u00a0finanzas \u00a0del \u00a0Frente \u00a0La \u00a0Mojana, pudiendo\u00a0 establecer que, en efecto, por \u00a0esa \u00a0cercan\u00eda, \u00a0pudo \u00a0conocer \u00a0las \u00a0fuentes \u00a0de financiamiento de dicho frente. \u00a0Castillo \u00a0fue el primero que denunci\u00f3 las Convivir de Piedrah\u00edta, de Mancuso y \u00a0Salom\u00f3n \u00a0Feris Chadid como la fachada de los paramilitares; seis a\u00f1os despu\u00e9s \u00a0el mismo Salvatore Mancuso ratificar\u00eda esto en el juicio. \u00a0\u00a0<\/p>\n<p>Castillo \u00a0Peralta \u00a0fue \u00a0testigo \u00a0y \u00a0ven\u00eda \u00a0denunciando \u00a0desde \u00a0hace \u00a0siete \u00a0a\u00f1os \u00a0la \u00a0reuni\u00f3n \u00a0de \u00a0Las \u00a0Canarias \u00a0y otras \u00a0ilicitudes, \u00a0 y \u00a0su \u00a0testimonio \u00a0hoy \u00a0sigue \u00a0inc\u00f3lume \u00a0en \u00a0todos \u00a0los \u00a0aspectos \u00a0nucleares. \u00a0Por \u00a0ejemplo, \u00a0revel\u00f3 \u00a0aspectos \u00a0sobre \u00a0Mancuso, \u00a0su \u00a0familia, \u00a0sus \u00a0contactos \u00a0y \u00a0su \u00a0lugar \u00a0de facci\u00f3n, que hace siete a\u00f1os no eran conocidos. El \u00a0mismo \u00a0alias \u00a0Computador, \u00a0encargado \u00a0de \u00a0sistematizar \u00a0la informaci\u00f3n de alias \u00a0Cadena, \u00a0dijo en la audiencia que era probable que dentro de tanto integrante de \u00a0la organizaci\u00f3n, Castillo, R\u00edos y Lara pertenecieran a ella. \u00a0\u00a0<\/p>\n<p>El \u00a0fiscal \u00a0mencion\u00f3 lo acomodaticio de las \u00a0versiones \u00a0de \u00a0los \u00a0paramilitares \u00a0de \u00a0mando \u00a0medio, \u00a0insinuando \u00a0que \u00a0los jefes \u00a0paramilitares \u00a0nunca \u00a0se desmovilizaron pol\u00edticamente, y que prueba de ello son \u00a0las \u00a0conversaciones \u00a0contenidas \u00a0en \u00a0el \u00a0computador \u00a0de alias Don Antonio. A los \u00a0comandantes \u00a0de \u00a0las AUC les resultaba m\u00e1s provechoso proteger a los pol\u00edticos \u00a0tradicionales \u00a0con los que hicieron acuerdos burocr\u00e1ticos, que a los que fueron \u00a0sus \u00a0 m\u00e1s \u00a0 directos \u00a0 representantes, \u00a0 porque \u00a0aquellos \u00a0podr\u00edan \u00a0brindarles \u00a0beneficios aunque estuvieran tras las rejas. \u00a0\u00a0<\/p>\n<p>Record\u00f3 el Fiscal que en Sucre, alias Cadena \u00a0fue \u00a0el \u00a0verdadero \u00a0l\u00edder \u00a0paramilitar. Que \u00a0hoy \u00a0se \u00a0diga \u00a0que \u00a0Diego \u00a0Vecino \u00a0tuvo alguna injerencia en el \u00a0Bloque \u00a0H\u00e9roes de Montes de Mar\u00eda como comandante pol\u00edtico, es una falacia de \u00a0los \u00a0ex \u00a0comandantes \u00a0para resaltar una trascendencia que nunca tuvo. Fue Cadena \u00a0el \u00a0que \u00a0canaliz\u00f3 \u00a0los \u00a0apoyos \u00a0pol\u00edticos de la clase pol\u00edtica tradicional de \u00a0Sucre, \u00a0lo \u00a0que \u00a0le \u00a0permiti\u00f3 la seguridad de no s\u00f3lo actuar impunemente, sino \u00a0incidir \u00a0en \u00a0la \u00a0vida p\u00fablica de los municipios que estaban bajo su influencia. \u00a0Por \u00a0esa hegemon\u00eda, Cadena se \u00a0enfrent\u00f3 \u00a0con \u00a0sus superiores. Esto permite entender por qu\u00e9 Cadena amenaz\u00f3 a \u00a0Muriel \u00a0Benito, \u00a0acus\u00e1ndola \u00a0de \u00a0informante de Diego Vecino, y persigui\u00f3 a sus \u00a0seguidores \u00a0en \u00a0San \u00a0Onofre. \u00a0Por \u00a0esa \u00a0misma causa, se entiende que Cadena haya \u00a0podido \u00a0imponer \u00a0a \u00a0su \u00a0cu\u00f1ado \u00a0en \u00a0la \u00a0Secretar\u00eda \u00a0de Educaci\u00f3n.\u00a0\u00a0 \u00a0\u00a0<\/p>\n<p>W\u00edller \u00a0Covo, \u00a0Humberto \u00a0Frazer \u00a0y \u00a0Robert \u00a0Ch\u00e1vez \u00a0 \u00a0 \u00a0(todos \u00a0asesinados) \u00a0 fueron \u00a0 los \u00a0pol\u00edticos \u00a0 de \u00a0 Cadena \u00a0 y \u00a0a \u00a0\u00e9l \u00a0le \u00a0cumpl\u00edan \u00a0\u00f3rdenes, \u00a0ratificada \u00a0esta \u00a0circunstancia \u00a0 \u00a0por \u00a0 \u00a0alias \u00a0 \u00a0Computador, \u00a0 \u00a0\u00daber \u00a0 \u00a0B\u00e1nquez \u00a0 \u2013alias \u00a0\u201cJuancho Dique\u201d\u2013, \u00a0Marco \u00a0Tulio \u00a0Guzm\u00e1n \u00a0\u2013alias \u00a0 \u00a0\u201cEl \u00a0 \u00a0Oso\u201d\u2013 \u00a0 y \u00a0 por \u00a0 \u00c9dgar \u00a0 Ignacio \u00a0Fierro \u00a0\u2013alias \u00a0 \u00a0 \u201cDon \u00a0Antonio\u201d\u2013, \u00a0 en \u00a0 su \u00a0declaraci\u00f3n \u00a0escrita y tambi\u00e9n en audiencia, estando plasmado todo en el\u00a0 \u00a0contenido \u00a0de \u00a0su computador incautado. W\u00edller Covo no manejaba Sincelejo, como \u00a0lo \u00a0quiso simplificar Marco Tulio Guzm\u00e1n, alias \u201cEl Oso\u201d, sino que manejaba \u00a0toda \u00a0la \u00a0pol\u00edtica \u00a0en \u00a0Sucre, \u00a0por \u00a0eso \u00a0fue \u00a0el \u00a0principal protagonista en la \u00a0reuni\u00f3n \u00a0grabada \u00a0en el computador de Don Antonio y hasta el mismo Eduard Cobos \u00a0T\u00e9llez \u00a0lo \u00a0ratific\u00f3 \u00a0cuando \u00a0dijo \u00a0que \u00a0el \u00a0departamento de Sucre lo manejaba \u00a0pol\u00edticamente W\u00edller Covo. \u00a0\u00a0<\/p>\n<p>Para \u00a0la Fiscal\u00eda, Mancuso quiso desviar la \u00a0atenci\u00f3n \u00a0hacia \u00a0Vecino \u00a0para \u00a0sustraer \u00a0la importancia pol\u00edtica real que tuvo \u00a0Cadena, \u00a0a quienes los paramilitares, en plena concentraci\u00f3n, le acribillaron a \u00a0sus \u00a0escoltas \u00a0y \u00a0desaparecieron \u00a0en Ralito.\u00a0 Adicionalmente, W\u00edller Covo, \u00a0Humberto \u00a0 Frazer \u00a0 y \u00a0 Robert \u00a0 Ch\u00e1vez, \u00a0 as\u00ed \u00a0 como \u00a0 todo \u00a0el \u00a0staff \u00a0 pol\u00edtico \u00a0 de \u00a0 Cadena, \u00a0fueron \u00a0eliminados \u00a0por \u00a0los \u00a0mismos \u00a0paramilitares \u00a0para \u00a0retomar el control de Sucre y \u00a0quitarle \u00a0a \u00a0Cadena \u00a0todo el poder que, incluso despu\u00e9s de su desmovilizaci\u00f3n, \u00a0conservaba.\u00a0 \u00a0\u00a0<\/p>\n<p>No \u00a0es l\u00f3gico pensar que el poderoso Cadena \u00a0iba \u00a0 \u00a0 a \u00a0 \u00a0 desaparecer \u00a0 \u00a0 para \u00a0 \u00a0radicarse \u00a0 \u00a0en \u00a0 \u00a0Panam\u00e1 \u00a0 \u00a0\u2013como \u00a0 \u00a0lo \u00a0 \u00a0dijo \u00a0 \u00a0uno \u00a0 de \u00a0 los \u00a0declarantes\u2013 \u00a0y \u00a0quedarse \u00a0imp\u00e1vido \u00a0mientras \u00a0el \u00a0Bloque \u00a0Norte \u00a0se \u00a0apoderaba de Sucre, al tiempo que se \u00a0judicializaba \u00a0 a \u00a0 sus \u00a0 familiares \u00a0 y \u00a0 su \u00a0 esposa, \u00a0a\u00fan \u00a0hoy \u00a0sub judice. \u00a0\u00a0<\/p>\n<p>La \u00a0Fiscal\u00eda \u00a0tambi\u00e9n \u00a0llam\u00f3 la atenci\u00f3n \u00a0sobre \u00a0el \u00a0llamado \u00a0Frente \u00a0Social \u00a0por la Paz y sobre el computador incautado a \u00a0alias \u00a0 Don \u00a0 Antonio, \u00a0 pues \u00a0 en \u00a0 folios \u00a0 22, \u00a023, \u00a025, \u00a0anexo \u00a033, \u00a0de \u00a0las \u00a0transliteraciones \u00a0de\u00a0 \u00a0dicho \u00a0computador, \u00a0est\u00e1n \u00a0algunas \u00a0referencias al \u00a0acusado, \u00a0entre \u00a0\u00e9stas: \u00a0\u201cSe\u00f1ores, \u00a0el \u00a070% de la \u00a0votaci\u00f3n \u00a0para \u00a0el \u00a0Senado \u00a0va con \u00c1LVARO GARC\u00cdA\u201d. \u00a0Recuerda \u00a0que \u00a0Carlos \u00a0Mario \u00a0Garc\u00eda, \u00a0alias \u00a0\u201cGonzalo\u201d, \u00a0en varios apartes \u00a0transcritos \u00a0(en la conversaci\u00f3n n\u00famero tres, que obra en el anexo 33, dice el \u00a0fiscal), \u00a0adujo \u00a0que \u00a0deb\u00edan \u00a0hablar \u00a0con GARC\u00cdA ROMERO para llegar a acuerdos \u00a0burocr\u00e1ticos, \u00a0poner \u00a0votos \u00a0y conseguir avales. Si GARC\u00cdA ROMERO hubiera sido \u00a0enemigo \u00a0de \u00a0la \u00a0organizaci\u00f3n, \u00a0como \u00a0algunos \u00a0quisieron hacerlo aparecer en el \u00a0juicio, \u00a0dif\u00edcilmente \u00a0habr\u00eda \u00a0sido la persona apropiada para buscar contactos \u00a0para la nueva dirigencia de las autodefensas. \u00a0\u00a0<\/p>\n<p>Para \u00a0el \u00a0ente \u00a0acusador, el senador GARC\u00cdA \u00a0ROMERO \u00a0foment\u00f3 \u00a0y promovi\u00f3 la actividad paramilitar, por lo que los v\u00ednculos \u00a0que \u00a0surgieron \u00a0entre \u00a0\u00e9ste \u00a0y \u00a0las \u00a0AUC \u00a0no \u00a0se \u00a0pueden \u00a0reducir a aspectos de \u00a0conveniencia \u00a0electoral \u00a0ni \u00a0personal, \u00a0pues \u00a0aunque \u00a0ni \u00a0Joaqu\u00edn Garc\u00eda ni el \u00a0sindicado \u00a0tuvieran \u00a0propiedades en la regi\u00f3n de La Mojana, es claro que lo que \u00a0buscaban, \u00a0tanto \u00a0el uno como el otro, era solucionar los problemas de seguridad \u00a0del gremio econ\u00f3mico m\u00e1s importante del departamento de Sucre. \u00a0\u00a0<\/p>\n<p>Trasunto \u00a0de \u00a0lo \u00a0expuesto, \u00a0la \u00a0Fiscal\u00eda \u00a0solicit\u00f3 \u00a0sentencia \u00a0condenatoria \u00a0en contra de GARC\u00cdA ROMERO por el delito de \u00a0concierto \u00a0para \u00a0delinquir \u00a0agravado, conforme a los t\u00e9rminos del llamamiento a \u00a0juicio. \u00a0\u00a0<\/p>\n<p>2. \u00a0DEL HOMICIDIO DE GEORGINA NARV\u00c1EZ\u00a0 \u00a0\u00a0<\/p>\n<p>Para \u00a0el \u00a0representante \u00a0del \u00a0ente acusador, \u00a0cierto \u00a0result\u00f3 \u00a0que \u00a0el fraude de que fue testigo la se\u00f1ora Georgina Narv\u00e1ez \u00a0no \u00a0modificaba \u00a0en mucho los resultados a favor de Eric Morris. Tal vez, como lo \u00a0dijeron \u00a0el se\u00f1or GARC\u00cdA ROMERO y el propio Eric Morris, podr\u00edan ser 20 votos \u00a0o \u00a0tal \u00a0vez \u00a0menos, pero concluye que el n\u00famero de votos fraudulentos obtenidos \u00a0en \u00a0el \u00a0corregimiento \u00a0Labarce \u00a0era \u00a0lo \u00a0de \u00a0menos, pues el hecho verdaderamente \u00a0significativo \u00a0fue \u00a0que \u00a0el \u00a0fraude \u00a0que presenci\u00f3 la inmolada GEORGINA habr\u00eda \u00a0podido \u00a0desencadenar \u00a0un estricto escrutinio en todas las mesas del municipio de \u00a0San \u00a0Onofre, municipio cuyos resultados fueron los que permitieron la ventaja de \u00a03.000 \u00a0votos \u00a0a favor de MORRIS (prohijado del acusado), quien la misma noche de \u00a0las elecciones ven\u00eda perdiendo frente a su contendor. \u00a0\u00a0<\/p>\n<p>Para \u00a0la \u00a0fecha \u00a0del \u00a0asesinato, \u00a0subsist\u00eda \u00a0todav\u00eda \u00a0la \u00a0posibilidad de acciones administrativas en contra de la elecci\u00f3n, \u00a0as\u00ed \u00a0que \u00a0el obligado testimonio de la se\u00f1ora Georgina Narv\u00e1ez en un eventual \u00a0proceso \u00a0ante \u00a0la \u00a0jurisdicci\u00f3n \u00a0contencioso \u00a0administrativa \u00a0en \u00a0contra \u00a0de la \u00a0elecci\u00f3n \u00a0de \u00a0Eric \u00a0Morris, \u00a0por \u00a0ser \u00a0ella \u00a0del \u00a0municipio que le permiti\u00f3 la \u00a0ventaja \u00a0para \u00a0que \u00a0aqu\u00e9l \u00a0resultara \u00a0elegido \u00a0gobernador, \u00a0habr\u00eda generado un \u00a0riesgo intolerable para su elecci\u00f3n. \u00a0\u00a0<\/p>\n<p>Esta \u00a0circunstancia se une a la credibilidad \u00a0que \u00a0sobre \u00a0los \u00a0hechos \u00a0brind\u00f3 \u00a0Castillo \u00a0Peralta \u00a0y \u00a0que la defensa no logr\u00f3 \u00a0desvirtuar \u00a0en \u00a0el \u00a0juicio. \u00a0Los dichos de los se\u00f1ores \u00a0Luis \u00a0Eduardo \u00a0Fern\u00e1ndez \u00a0y \u00a0N\u00e9stor \u00a0Segundo \u00a0P\u00e9rez \u00a0P\u00e9rez, \u00a0 registrador \u00a0 de \u00a0Buenavista \u00a0y \u00a0juez \u00a0escrutador, \u00a0respectivamente, \u00a0poco \u00a0aportaron, \u00a0pues \u00a0esas \u00a0personas \u00a0estuvieron escasos d\u00edas en San Onofre y no han vivido en esa regi\u00f3n, \u00a0y \u00a0porque, \u00a0curiosamente, \u00a0fueron \u00a0los \u00a0\u00fanicos \u00a0antiguos \u00a0habitantes de aquella \u00a0regi\u00f3n \u00a0que \u00a0no \u00a0se \u00a0dieron cuenta de la presencia e influencia paramilitar; es \u00a0m\u00e1s, \u00a0ni \u00a0siquiera \u00a0se \u00a0enteraron \u00a0de \u00a0que \u00a0Georgina \u00a0Narv\u00e1ez hab\u00eda tomado un \u00a0formulario \u00a0E-14 cuando la elecci\u00f3n a gobernador, aunque a ambos los designaron \u00a0para atender estas votaciones en el municipio de San Onofre. \u00a0\u00a0<\/p>\n<p>En \u00a0esas \u00a0circunstancias, \u00a0el \u00a0se\u00f1or fiscal \u00a0solicit\u00f3 \u00a0que \u00a0se \u00a0condenara \u00a0al \u00a0se\u00f1or \u00a0GARC\u00cdA ROMERO por este homicidio, en \u00a0calidad de determinador. \u00a0\u00a0<\/p>\n<p>3. DEL PECULADO \u00a0<\/p>\n<p>Para \u00a0el \u00a0fiscal \u00a0delegado, \u00a0ninguna \u00a0prueba \u00a0desvirtu\u00f3 \u00a0la \u00a0correlaci\u00f3n en la documentaci\u00f3n que demostr\u00f3 la veracidad del \u00a0testimonio \u00a0de \u00a0Castillo \u00a0Peralta, \u00a0quien se\u00f1al\u00f3 la forma como el dinero de la \u00a0contrataci\u00f3n \u00a0p\u00fablica \u00a0se \u00a0extrajo subrepticiamente de las arcas p\u00fablicas del \u00a0municipio \u00a0de \u00a0Sucre \u00a0(Sucre), \u00a0para \u00a0patrocinar \u00a0el \u00a0reci\u00e9n \u00a0creado \u00a0Frente La \u00a0Mojana.\u00a0 \u00a0\u00a0<\/p>\n<p>Tampoco nada desvirtu\u00f3 la participaci\u00f3n que \u00a0en \u00a0esta \u00a0conducta \u00a0tuvo \u00a0el \u00a0se\u00f1or \u00a0GARC\u00cdA \u00a0ROMERO. \u00a0Por \u00a0ello, \u00a0y \u00a0sin \u00a0m\u00e1s \u00a0consideraciones \u00a0que \u00a0las \u00a0que \u00a0en \u00a0su \u00a0oportunidad tuvo esta Sala para llamar a \u00a0juicio \u00a0por \u00a0ese \u00a0hecho, \u00a0la \u00a0Fiscal\u00eda \u00a0solicit\u00f3 el proferimiento de sentencia \u00a0condenatoria en su contra por el delito de peculado. \u00a0\u00a0<\/p>\n<p>4. \u00a0MASACRE DE MACAYEPO \u00a0\u00a0<\/p>\n<p>Para \u00a0la \u00a0Fiscal\u00eda \u00a0era \u00a0legal y posible la \u00a0interceptaci\u00f3n \u00a0de \u00a0la \u00a0llamada \u00a0entre \u00a0el \u00a0acusado \u00a0y \u00a0Joaquin \u00a0Garcia \u00a0en \u00a0la \u00a0frecuencia \u00a0843.910 \u00a0como \u00a0lo \u00a0inform\u00f3 \u00a0la \u00a0Sij\u00edn de Sucre. En el peritaje que \u00a0debatieron \u00a0todos \u00a0los comparecientes, la frecuencia 843.910-0 estaba asignada a \u00a0la \u00a0compa\u00f1\u00eda \u00a0Celum\u00f3vil \u00a0(hoy Movistar), y tras una serie de explicaciones de \u00a0orden \u00a0t\u00e9cnico con fundamento en el aporte pericial, concluye que la frecuencia \u00a0sobre \u00a0la \u00a0cual \u00a0se \u00a0capt\u00f3 incidentalmente la comunicaci\u00f3n del Senador GARC\u00cdA \u00a0pod\u00eda \u00a0usarse \u00a0en cualquier momento, y pod\u00eda haberse captado e interceptado la \u00a0llamada de la forma como lo explic\u00f3 el perito del CTI. \u00a0\u00a0<\/p>\n<p>Para \u00a0la \u00a0Fiscal\u00eda, \u00a0el \u00a0contenido \u00a0de \u00a0la \u00a0conversaci\u00f3n \u00a0 demostr\u00f3 \u00a0la \u00a0identidad \u00a0y \u00a0unidad \u00a0de \u00a0designio \u00a0criminal \u00a0que \u00a0compart\u00edan \u00a0Joaqu\u00edn \u00a0Garc\u00eda \u00a0y \u00a0\u00c1LVARO \u00a0GARC\u00cdA, \u00a0pues \u00a0mientras \u00a0el primero \u00a0detall\u00f3 \u00a0las necesidades que requer\u00eda la fuerza paramilitar para llevar a cabo \u00a0la \u00a0operaci\u00f3n \u00a0y \u00a0la motivaci\u00f3n que \u00e9sta originaba, el segundo, consciente de \u00a0su \u00a0ejecuci\u00f3n, \u00a0se \u00a0comprometi\u00f3 a prestar su colaboraci\u00f3n para su desarrollo, \u00a0conociendo \u00a0que dicha incursi\u00f3n, como todas las que le antecedieron, siempre se \u00a0desarrollaba \u00a0con los mismos par\u00e1metros de eliminaci\u00f3n f\u00edsica de quienes eran \u00a0considerados \u00a0los \u00a0colaboradores \u00a0y \u00a0auxiliadores de la guerrilla. Es decir, que \u00a0frente \u00a0a \u00a0unos \u00a0hechos \u00a0que \u00a0ten\u00edan \u00a0un \u00a0desarrollo \u00a0y final com\u00fan, el se\u00f1or \u00a0GARC\u00cdA \u00a0ROMERO \u00a0fue indiferente a los resultados de la incursi\u00f3n paramilitar a \u00a0Macayepo, \u00a0 coadyuvando \u00a0 a \u00a0 la \u00a0 ejecuci\u00f3n \u00a0 porque \u00a0dichos \u00a0resultados \u00a0eran \u00a0previsibles, \u00a0pues de lejos era el pol\u00edtico m\u00e1s influyente del departamento de \u00a0Sucre \u00a0 y, \u00a0 por \u00a0 ende, \u00a0conocedor \u00a0de \u00a0su \u00a0problem\u00e1tica \u00a0de \u00a0orden \u00a0p\u00fablico. \u00a0\u00a0<\/p>\n<p>Detuvo \u00a0su \u00a0an\u00e1lisis \u00a0no \u00a0s\u00f3lo en\u00a0 el \u00a0contenido \u00a0de \u00a0las distintas frases de aquella llamada del 6 de Octubre de 2000, \u00a0sino \u00a0principalmente en el contexto de la misma, que revela que GARCIA ROMERO no \u00a0solamente \u00a0supo que se iba a producir una incursi\u00f3n en Macayepo, sino que en la \u00a0charla \u00a0anticip\u00f3 \u00a0el n\u00famero de d\u00edas en la que aquella ocurrir\u00eda, aspecto que \u00a0lejos \u00a0 de \u00a0 ser \u00a0 una \u00a0coincidencia \u00a0\u2013como \u00a0la \u00a0llam\u00f3 el encartado-, es un serio indicio para pregonar su \u00a0compromiso penal en la determinaci\u00f3n del sangriento episodio. \u00a0\u00a0<\/p>\n<p>Las \u00a0 pruebas \u00a0 que \u00a0en \u00a0juicio \u00a0surgieron \u00a0permitieron \u00a0saber \u00a0de la\u00a0 supervivencia de algunos de los que inicialmente \u00a0se \u00a0consideraban \u00a0asesinados \u00a0por \u00a0los paramilitares. Esas personas sin embargo, \u00a0fueron \u00a0v\u00edctimas \u00a0de \u00a0aquella incursi\u00f3n paramilitar, pues la mayor\u00eda de ellos \u00a0abandonaron \u00a0la regi\u00f3n luego de la matanza, lo que origin\u00f3 en la poblaci\u00f3n la \u00a0idea \u00a0de \u00a0que \u00a0la \u00a0desaparici\u00f3n \u00a0de estas personas, incluso el mismo d\u00eda de la \u00a0masacre \u00a0(como fue el caso de Juana Mar\u00eda Hern\u00e1ndez Torres, esposa de Ezequiel \u00a0Jaraba \u00a0y \u00a0F\u00e9lix \u00a0Paternina \u00a0Rodr\u00edguez), \u00a0equival\u00eda \u00a0a su segura muerte. Esas \u00a0personas, \u00a0 dadas \u00a0por \u00a0muertas \u00a0por \u00a0la \u00a0Polic\u00eda, \u00a0lo \u00a0fueron \u00a0a \u00a0su \u00a0vez \u00a0por \u00a0informaci\u00f3n \u00a0que \u00a0suministr\u00f3 \u00a0la misma poblaci\u00f3n, pues como se sabe, en estos \u00a0casos no siempre se cuenta con el registro de defunci\u00f3n. \u00a0\u00a0<\/p>\n<p>As\u00ed \u00a0las \u00a0cosas, \u00a0y \u00a0conforme \u00a0a \u00a0lo \u00a0antes \u00a0referido, \u00a0la \u00a0Fiscal\u00eda \u00a0solicit\u00f3 la condena del se\u00f1or \u00c1LVARO GARC\u00cdA ROMERO \u00a0por \u00a0el \u00a0homicidio \u00a0de \u00a0los se\u00f1ores Andr\u00e9s Alberto \u00c1lvarez Palacios, L\u00edderes \u00a0Rafael \u00a0 \u00a0 Tapias \u00a0 \u00a0 Teher\u00e1n \u00a0 \u00a0 \u2013enterrado \u00a0bajo el nombre de su hijo, Maximiliano Tapias\u2013, \u00a0Manuel \u00a0de \u00a0Jes\u00fas Julio Guti\u00e9rrez \u00a0\u2013enterrado como Manuel de \u00a0Jes\u00fas \u00a0 \u00a0 \u00a0Palacios \u00a0 \u00a0 \u00a0Mel\u00e9ndez\u2013, \u00a0Orlando \u00a0Rafael \u00a0Oviedo \u00a0Moguea, \u00a0Alcibiades Mendoza, Hugo Adolfo \u00a0D\u00edaz \u00a0D\u00edaz \u00a0y Juan Manuel Feria \u00c1lvarez, y se le absuelva de la acusaci\u00f3n de \u00a0los \u00a0homicidios de Armando Batista Arroyo, F\u00e9lix Paternina Rodr\u00edguez, Laureano \u00a0Paternina \u00a0Rodr\u00edguez, \u00a0Ezequiel \u00a0Jaraba \u00a0y \u00a0su \u00a0esposa, Juana Mar\u00eda Hern\u00e1ndez \u00a0Torres, por evidente inmaterialidad de la conducta acusada. \u00a0\u00a0<\/p>\n<p>INTERVENCI\u00d3N \u00a0 \u00a0 DEL \u00a0 \u00a0 MINISTERIO \u00a0P\u00daBLICO \u00a0\u00a0<\/p>\n<p>El \u00a0se\u00f1or \u00a0agente \u00a0del \u00a0Ministerio P\u00fablico \u00a0present\u00f3 \u00a0en \u00a0lo \u00a0fundamental \u00a0argumentos \u00a0contestes \u00a0en \u00a0su \u00a0totalidad con los \u00a0expuestos \u00a0por \u00a0la \u00a0Fiscal\u00eda \u00a0durante \u00a0el \u00a0cierre \u00a0del \u00a0juicio, \u00a0solicitando en \u00a0consecuencia \u00a0condena por todos los homicidios por los cuales se llam\u00f3 a juicio \u00a0al \u00a0encartado, \u00a0teniendo \u00a0desde luego en cuenta los nombres de aquellas personas \u00a0que \u00a0no \u00a0murieron \u00a0en \u00a0los \u00a0hechos \u00a0de \u00a0Macayepo \u00a0y \u00a0por los cuales no habr\u00e1 de \u00a0responder el enjuiciado. \u00a0\u00a0<\/p>\n<p>INTERVENCI\u00d3N DEL ACUSADO \u00a0<\/p>\n<p>Del \u00a0concierto \u00a0para \u00a0delinquir. \u00a0Se \u00a0dice que fue en el a\u00f1o 2002 que supuestamente se realiz\u00f3 una \u00a0alianza \u00a0con \u00a0los dos frentes de autodefensas que operaban en el departamento de \u00a0Sucre: \u00a0el \u00a0Frente \u00a0del Golfo de Morrosquillo y H\u00e9roes de los Montes de Mar\u00eda, \u00a0dirigido \u00a0por el paramilitar Rodrigo Mercado, alias \u201cCadena\u201d, y el Frente La \u00a0Mojana, \u00a0a cargo de alias Ram\u00f3n Mojana. Pero explica que no result\u00f3 favorecido \u00a0en \u00a0 esos \u00a0comicios \u00a0electorales, \u00a0especificando \u00a0cada \u00a0uno \u00a0de \u00a0los \u00a0guarismos. \u00a0\u00a0<\/p>\n<p>De \u00a0haber \u00a0tenido \u00a0esa alianza con el se\u00f1or \u00a0Rodrigo \u00a0Mercado \u00a0Peluffo \u00a0para \u00a0obligar \u00a0a \u00a0los \u00a0electores \u00a0a votar por \u00e9l, el \u00a0pretendido \u00a0resultado \u00a0no \u00a0se \u00a0dio, \u00a0como \u00a0lo \u00a0indican \u00a0las \u00a0cifras, \u00a0y adem\u00e1s, \u00a0candidatos \u00a0for\u00e1neos obtuvieron significativas votaciones en el\u00a0 municipio \u00a0de \u00a0San \u00a0Onofre, \u00a0que \u00a0seg\u00fan \u00a0se \u00a0sabe \u00a0era \u00a0la sede del comandante paramilitar \u00a0Rodrigo \u00a0Mercado \u00a0Peluffo, \u00a0alias \u00a0\u201cCadena\u201d; \u00a0como \u00a0ocurri\u00f3 por ejemplo con \u00a0Jairo \u00a0Merlano \u00a0Fern\u00e1ndez \u00a0quien obtuvo 4.490 votos, doblando al acusado, quien \u00a0alcanz\u00f3 \u00a02.092. \u00a0Hace similares comparaciones con los resultados electorales de \u00a0Tol\u00fa, \u00a0en \u00a0donde \u00a0la \u00a0mayor \u00a0votaci\u00f3n la obtuvo Julio C\u00e9sar Guerra Tulena con \u00a02.851 \u00a0votos, seguido por GARC\u00cdA ROMERO con 1.559 votos y Jairo Merlano con 566 \u00a0votos. \u00a0\u00a0<\/p>\n<p>Para \u00a0el \u00a0encartado, la argumentaci\u00f3n de su \u00a0supuesta \u00a0alianza \u00a0con \u00a0aquel \u00a0jefe \u00a0de \u00a0las \u00a0autodefensas del Bloque H\u00e9roes de \u00a0Montes \u00a0de \u00a0Mar\u00eda \u00a0no puede sostenerse de cara a esos resultados desfavorables. \u00a0En \u00a0algunas \u00a0localidades, seg\u00fan el procesado, perdi\u00f3 incluso caudal electoral, \u00a0como \u00a0ocurri\u00f3 \u00a0en \u00a0el \u00a0municipio \u00a0de \u00a0Guaranda, (subregi\u00f3n de La Mojana) donde \u00a0obtuvo 921 votos, menos que los que alcanz\u00f3 en 1998: 1.302 votos. \u00a0\u00a0<\/p>\n<p>Otro \u00a0tanto dijo el acusado ocurri\u00f3 con las \u00a0listas \u00a0a \u00a0la \u00a0C\u00e1mara \u00a0de \u00a0Representantes, \u00a0que \u00a0solo obtuvieron 7.269 votos en \u00a0total; \u00a0lo \u00a0que \u00a0en \u00a0su \u00a0criterio \u00a0desdice \u00a0del \u00a0pretendido \u00a0apoyo \u00a0paramilitar, \u00a0argumentando \u00a0que \u00a0por el contrario, donde obtuvo una votaci\u00f3n mayoritaria como \u00a0en \u00a0 el \u00a0municipio \u00a0de \u00a0Buenavista, \u00a0obedeci\u00f3 \u00a0a \u00a0una \u00a0exitosa \u00a0coalici\u00f3n \u00a0con \u00a0concejales de esa localidad. \u00a0\u00a0<\/p>\n<p>\u00a0\u00a0\u00a0\u00a0\u00a0\u00a0 \u00a0\u00a0<\/p>\n<p>Tambi\u00e9n atac\u00f3 la conclusi\u00f3n del Fiscal del \u00a0caso \u00a0acerca \u00a0de \u00a0que \u00a0en \u00a0las \u00a0elecciones \u00a0del \u00a02006, cuando ya no operaban las \u00a0autodefensas, \u00a0hubo \u00a0un \u00a0menor n\u00famero de votos nulos, no siendo cierto que para \u00a0ese \u00a0momento \u00a0ya \u00a0no \u00a0estaban \u00a0direccionados \u00a0los \u00a0votos \u00a0para las autodefensas, \u00a0conclusi\u00f3n \u00a0del \u00a0Fiscal \u00a0que \u00a0se\u00f1ala \u00a0como \u00a0equivocada, por olvidar que en las \u00a0elecciones \u00a0se \u00a0inaugur\u00f3 \u00a0una \u00a0nueva modalidad de sufragio sin foto que gener\u00f3 \u00a0muchos \u00a0errores. Contabiliz\u00f3 los votos en la regi\u00f3n de La Mojana en donde casi \u00a0sin excepci\u00f3n dismunuy\u00f3 sus votaciones. \u00a0\u00a0<\/p>\n<p>Destac\u00f3 \u00a0que \u00a0una \u00a0de \u00a0las \u00a0personas \u00a0que \u00a0figuraron \u00a0dentro \u00a0de \u00a0la \u00a0lista \u00a0de \u00a0aportantes \u00a0de \u00a0dinero \u00a0a las autodefensas \u00a0encontrada \u00a0en \u00a0el \u00a0allanamiento \u00a0a \u00a0la hacienda Las Melenas, fue \u00c1LVARO ROMERO \u00a0GARCIA, \u00a0ganadero \u00a0y militar retirado que tiene propiedades en la zona del golfo \u00a0de Morrosquillo y en la regi\u00f3n de La Mojana. \u00a0\u00a0<\/p>\n<p>\u00a0\u00a0\u00a0\u00a0\u00a0\u00a0\u00a0 \u00a0\u00a0<\/p>\n<p>Critic\u00f3 \u00a0la \u00a0credibilidad \u00a0asignada a Jairo \u00a0Castillo \u00a0Peralta, \u00a0a \u00a0quien \u00a0tach\u00f3 \u00a0de \u00a0mentiroso, \u00a0y quien fue desmentido por \u00a0Salvatore \u00a0Mancuso, \u00a0en \u00a0especial \u00a0a que GARCIA no asisti\u00f3 a la reuni\u00f3n de Las \u00a0Canarias, \u00a0ni \u00a0mucho \u00a0menos \u00a0en \u00a0su \u00a0supuesta participaci\u00f3n en la creaci\u00f3n del \u00a0Frente \u00a0La Mojana, siendo inventada la reuni\u00f3n del restaurante Carb\u00f3n de Palo. \u00a0\u00a0<\/p>\n<p>Record\u00f3 \u00a0no \u00a0ser ganadero ni propietario de \u00a0fincas \u00a0en la regi\u00f3n de La Mojana ni en el golfo de Morrosquillo, ni en ninguna \u00a0otra \u00a0parte \u00a0del \u00a0departamento \u00a0de \u00a0Sucre \u00a0ni C\u00f3rdoba; por lo que no comparti\u00f3 \u00a0motivaci\u00f3n \u00a0alguna con quienes asistieron, ni supo siquiera de su ocurrencia ni \u00a0de \u00a0lo \u00a0que \u00a0all\u00ed \u00a0se \u00a0trat\u00f3, \u00a0negando \u00a0saber \u00a0de \u00a0la creaci\u00f3n de un grupo de \u00a0autodefensas \u00a0en \u00a0la \u00a0regi\u00f3n \u00a0de \u00a0La \u00a0Mojana, \u00a0ni \u00a0tampoco la participaci\u00f3n de \u00a0pol\u00edticos, ganaderos o empresarios en su conformaci\u00f3n. \u00a0\u00a0<\/p>\n<p>De la masacre de Macayepo.\u00a0 \u00a0<\/p>\n<p>Especific\u00f3 que la llamada que reposa en las \u00a0diligencias \u00a0correspondi\u00f3 \u00a0a \u00a0una solicitud de ayuda de Joaqu\u00edn Garc\u00eda, quien \u00a0le \u00a0solicit\u00f3 \u00a0interceder \u00a0ante \u00a0el \u00a0gobernador \u00a0de \u00a0Sucre \u00a0y ante el coronel de \u00a0infanter\u00eda \u00a0de \u00a0marina para recuperar un ganado hurtado por miembros del Frente \u00a035 \u00a0de \u00a0las \u00a0Farc, \u00a0en \u00a0una \u00a0de \u00a0las haciendas ubicadas en San Onofre. Por ello, \u00a0asegur\u00f3, \u00a0tal \u00a0llamada \u00a0tuvo lugar en febrero de 2000 y no en octubre, pues fue \u00a0en \u00a0aqu\u00e9l \u00a0mes \u00a0que se le pidi\u00f3 tal favor. Adem\u00e1s, sostuvo que la \u00a0conversaci\u00f3n \u00a0interceptada contiene una \u00a0mezcla \u00a0de \u00a0varias \u00a0conversaciones, luego se trata de un \u201cburdo montaje\u201d del \u00a0general Rodolfo Palomino. \u00a0\u00a0<\/p>\n<p>En cuanto al traslado de aquel oficial, tema \u00a0tambi\u00e9n \u00a0tratado en la charla con Garc\u00eda,\u00a0 se prob\u00f3 que para la fecha en \u00a0que \u00a0 se \u00a0 efectu\u00f3, \u00a0 se \u00a0verificaron \u00a0otros \u00a0treinta \u00a0cambios \u00a0de \u00a0comandantes \u00a0departamentales \u00a0de \u00a0diferentes \u00a0distritos, \u00a0es \u00a0decir, \u00a0se \u00a0trat\u00f3 de un cambio \u00a0institucional \u00a0propio \u00a0de la din\u00e1mica de la fuerza p\u00fablica, en el cual no tuvo \u00a0alguna injerencia. \u00a0\u00a0<\/p>\n<p>Dijo adem\u00e1s que fue un contrasentido haberlo \u00a0acusado \u00a0por \u00a0la muerte de varias personas que luego aparecieron vivas. Record\u00f3 \u00a0que \u00a0los \u00a0familiares \u00a0de \u00a0las \u00a0v\u00edctimas de la violencia nunca han mencionado el \u00a0nombre \u00a0de \u00a0\u00c1LVARO \u00a0GARC\u00cdA \u00a0ROMERO, tal como lo certific\u00f3 el presidente de la \u00a0Comisi\u00f3n de Derechos Humanos del Senado de la Rep\u00fablica. \u00a0\u00a0<\/p>\n<p>Del \u00a0 \u00a0 homicidio \u00a0 \u00a0 de \u00a0 \u00a0 Georgina \u00a0Narv\u00e1ez. \u00a0\u00a0<\/p>\n<p>Afirma que si Castillo Peralta minti\u00f3 a las \u00a0autoridades \u00a0y \u00a0que \u00a0si \u00a0mencion\u00f3 \u00a0con exactitud el lugar de su residencia ello \u00a0obedece \u00a0a \u00a0que \u00a0todos los sincelejanos lo saben. Asimismo, asever\u00f3 que para la \u00a0semana \u00a0siguiente \u00a0a \u00a0aquella \u00a0en \u00a0que \u00a0se \u00a0llevaron \u00a0a \u00a0cabo las elecciones, la \u00a0supuesta \u00a0informaci\u00f3n del fraude electoral que ten\u00eda la se\u00f1ora Narv\u00e1ez\u00a0 \u00a0y \u00a0que \u00a0supuestamente \u00a0pod\u00eda poner en riesgo la elecci\u00f3n de Morris, ya en nada \u00a0incid\u00eda, \u00a0 motivo \u00a0 por \u00a0 el \u00a0 cual \u00a0 carec\u00eda \u00a0 de \u00a0m\u00f3vil \u00a0para \u00a0ordenar \u00a0ese \u00a0crimen. \u00a0\u00a0<\/p>\n<p>Del \u00a0 peculado. \u00a0\u00a0<\/p>\n<p>Refiere \u00a0que \u00a0fue \u00a0Salvatore \u00a0Mancuso \u00a0quien \u00a0narr\u00f3 \u00a0la \u00a0forma \u00a0de \u00a0infiltraci\u00f3n de los grupos paramilitares en la actividad \u00a0institucional \u00a0sin \u00a0involucrarlo, \u00a0cuestion\u00e1ndose \u00a0que no se otorgue cr\u00e9dito a \u00a0las \u00a0versiones \u00a0de \u00a0los ex comandantes paramilitares que dirigieron el Frente La \u00a0Mojana \u00a0y \u00a0s\u00ed \u00a0se \u00a0le \u00a0otorgue \u00a0\u00e9ste \u00a0a \u00a0un \u00a0testigo \u00a0como \u00a0alias Pitirri. Los \u00a0cabecillas \u00a0del \u00a0grupo \u00a0adem\u00e1s, \u00a0no pueden faltar a la verdad so pena de perder \u00a0los \u00a0beneficios de Justicia y Paz y tampoco hay tampoco razones para que mientan \u00a0por hacerle un favor, sabiendo aquellas consecuencias adversas. \u00a0\u00a0<\/p>\n<p>El ex senador adujo que nunca hab\u00eda cometido \u00a0el \u00a0delito \u00a0de \u00a0peculado \u00a0ni \u00a0favoreci\u00f3 \u00a0jam\u00e1s \u00a0su \u00a0comisi\u00f3n, \u00a0negando \u00a0haber \u00a0intervenido \u00a0en decisiones de esa \u00edndole, ni en determinaciones del resorte del \u00a0alcalde \u00a0del \u00a0municipio \u00a0de \u00a0Sucre \u00a0en \u00a0aquella \u00a0\u00e9poca, se\u00f1alando que nunca le \u00a0pidi\u00f3 \u00a0al \u00a0referido \u00a0mandatario local que adjudicara contrato alguno a favor de \u00a0nadie, solicitando que se le absuelva de todos los cargos. \u00a0\u00a0<\/p>\n<p>INTERVENCI\u00d3N DE LA DEFENSA \u00a0<\/p>\n<p>En \u00a0la primera parte de su exposici\u00f3n, hizo \u00a0una \u00a0semblanza de las m\u00faltiples declaraciones que Castillo Peralta brind\u00f3 a la \u00a0Fiscal\u00eda \u00a0en \u00a0los diversos procesos seguidos en contra de diferentes ciudadanos \u00a0del \u00a0departamento \u00a0de \u00a0Sucre, sus versiones ante la Procuradur\u00eda y con ocasi\u00f3n \u00a0de \u00a0investigaciones \u00a0contra \u00a0diversos \u00a0funcionarios \u00a0ante \u00a0la Corte, poniendo de \u00a0manifiesto \u00a0que \u00a0en \u00a0muchas de ellas el tema del acusado apenas si lo mencion\u00f3. \u00a0Alias \u00a0 \u00a0Pitirri \u00a0 \u00a0introdujo \u00a0 \u00a0novedades \u00a0 sobre \u00a0 circunstancias \u00a0 antes \u00a0 no \u00a0mencionadas\u00a0 \u00a0y en cierta oportunidad hizo algunas variaciones a su relato, \u00a0como \u00a0en lo relativo a la orden de matar a la se\u00f1ora Georgina Narv\u00e1ez Wilches. \u00a0Sus \u00a0versiones adem\u00e1s se tornaron m\u00e1s copiosas en detalles a medida que obtuvo \u00a0protecci\u00f3n \u00a0para \u00a0\u00e9l \u00a0y su extensa familia en Canad\u00e1, innovando en pormenores \u00a0antes no dichos o en circunstancias no afirmadas. \u00a0\u00a0<\/p>\n<p>En cuanto a las reuniones de Carb\u00f3n de Palo \u00a0y \u00a0Las \u00a0Canarias, \u00a0sostiene \u00a0que \u00a0el \u00a0dicho \u00a0de \u00a0alias Pitirri no fue diferente; \u00a0mencion\u00f3 \u00a0los \u00a0nombres \u00a0de \u00a0unos \u00a0asistentes, \u00a0pero en el transcurso del tiempo \u00a0adicion\u00f3 \u00a0o \u00a0suprimi\u00f3 \u00a0identidades. \u00a0As\u00ed, en principio no mencion\u00f3 a \u00c1LVARO \u00a0GARC\u00cdA \u00a0ROMERO \u00a0como \u00a0asistente \u00a0a \u00a0Las \u00a0Canarias. \u00a0Tampoco \u00a0fue \u00a0preciso en su \u00a0ubicaci\u00f3n \u00a0temporal \u00a0que \u00a0vari\u00f3 \u00a0entre 1996 y extendi\u00f3 hasta los a\u00f1os 1998 y \u00a02000, \u00a0para \u00a0cuando Morris era gobernador. Sobre la reuni\u00f3n de Carb\u00f3n de Palo, \u00a0dijo \u00a0haber \u00a0asistido \u00a0por \u00a0ser \u00a0el \u00a0escolta \u00a0preferido \u00a0de \u00a0Rudolf Panfer, pero \u00a0tambi\u00e9n \u00a0sostuvo \u00a0c\u00f3mo para esa misma \u00e9poca ya se hab\u00eda independizado con el \u00a0parqueadero. \u00a0En \u00a0conclusi\u00f3n, las versiones pod\u00edan corresponder a la realidad, \u00a0pero \u00a0tambi\u00e9n \u00a0es posible que no, siendo claro que ninguna de esas conclusiones \u00a0contribuye a fortalecer los cargos formulados en la acusaci\u00f3n. \u00a0\u00a0<\/p>\n<p>Acerca de la reuni\u00f3n de Las Canarias, Eduard \u00a0Cobo \u00a0T\u00e9llez \u00a0precis\u00f3 \u00a0en \u00a0su \u00a0declaraci\u00f3n \u00a0del \u00a03 \u00a0de diciembre de 2007, que \u00a0GARC\u00cdA \u00a0ROMERO \u00a0nada \u00a0tuvo \u00a0que \u00a0ver \u00a0con \u00a0ella. \u00a0En \u00a0el mismo sentido declar\u00f3 \u00a0Salvatore \u00a0Mancuso, \u00a0precisando \u00a0que pudieron existir varias reuniones, una para \u00a0exponer \u00a0el \u00a0tema \u00a0de \u00a0las \u00a0Convivir \u00a0y \u00a0otra \u00a0posterior, \u00a0sin \u00a0que el procesado \u00a0concurriera \u00a0a \u00a0ellas. \u00a0Igualmente, \u00a0el \u00a0due\u00f1o de la finca Las Canarias, se\u00f1or \u00a0Miguel \u00a0Nule \u00a0Am\u00edn, \u00a0expres\u00f3 con seguridad que GARC\u00cdA ROMERO no estuvo en esa \u00a0reuni\u00f3n. \u00a0\u00a0<\/p>\n<p>Recuerda \u00a0el \u00a0abogado \u00a0que \u00a0la \u00a0Sala \u00a0hizo \u00a0referencia \u00a0a la reuni\u00f3n de Carb\u00f3n de Palo de 1998 dando por sentado que all\u00ed \u00a0no \u00a0particip\u00f3 \u00a0el \u00a0senador, considerando que al cabo de la misma buena parte de \u00a0los \u00a0recursos para su operaci\u00f3n \u201cquedaron sujetos a \u00a0sus \u00a0gestiones\u201d. \u00a0Sin \u00a0embargo, acerca del recibo de \u00a0los \u00a0dineros, \u00a0alias \u00a0Pitirri \u00a0sostuvo \u00a0en \u00a0la \u00a0declaraci\u00f3n \u00a0rendida \u00a0el \u00a04 \u00a0de \u00a0septiembre \u00a0de \u00a02001, \u00a0que \u201cel gobernador actual era \u00a0Arana \u00a0y \u00a0mand\u00f3 \u00a0a \u00a0Pechi Bustamante, que trabajaba en el Bienestar Familiar, a \u00a0llevar \u00a015 \u00a0millones \u00a0de pesos a un parqueadero para los que estaban conformando \u00a0el \u00a0grupo \u00a0de paramilitares de Sucre y Majagual, y mandaron 18 millones de pesos \u00a0m\u00e1s \u00a0ah\u00ed al parqueadero; all\u00ed recog\u00edan esa plata Julio Beltr\u00e1n \u2013alias \u00a0 \u00a0 \u00a0 \u00a0 \u00a0 \u2018Carrielpelao\u2019\u2013, \u00a0Lucho Galvis y \u00c9der Pedraza, y \u00a0ellos \u00a0actualmente \u00a0manejan \u00a0ese \u00a0grupo\u201d, \u00a0es decir, \u00a0excluy\u00f3 \u00a0a \u00a0\u00c1LVARO \u00a0GARC\u00cdA \u00a0de ese aporte, por lo que pide que su cliente sea \u00a0medido con el mismo rasero para guardar coherencia. \u00a0\u00a0<\/p>\n<p>Sobre \u00a0 la \u00a0 conformaci\u00f3n \u00a0del \u00a0grupo \u00a0de \u00a0autodefensas \u00a0en \u00a0la \u00a0regi\u00f3n \u00a0de La Mojana, Salvatore Mancuso manifest\u00f3 que en \u00a0efecto \u00a0existi\u00f3 \u00a0tal \u00a0grupo \u00a0comandado \u00a0por \u00a0los \u00a0hermanos Casta\u00f1o, cuyo mando \u00a0entregaron \u00a0a \u00a0Ram\u00f3n Mojana, grupo posteriormente adscrito al Bloque Norte, que \u00a0desde \u00a0entonces comand\u00f3 hasta cuando pas\u00f3 al Bloque Central Bol\u00edvar. Con ello \u00a0se \u00a0desvirt\u00faa \u00a0aquella versi\u00f3n de Pitirri que ubicaba su origen en la reuni\u00f3n \u00a0de \u00a0Carb\u00f3n \u00a0de \u00a0Palo; \u00a0adicionalmente, Mancuso neg\u00f3 que \u00c1LVARO GARC\u00cdA ROMERO \u00a0hubiera tenido relaci\u00f3n con esa agrupaci\u00f3n ilegal. \u00a0\u00a0<\/p>\n<p>\u00c9der \u00a0Pedraza \u00a0Pe\u00f1a \u00a0tambi\u00e9n desminti\u00f3 a \u00a0Castillo \u00a0Peralta \u00a0y confirm\u00f3 que \u00c1LVARO GARC\u00cdA ROMERO no tuvo que ver con el \u00a0grupo de autodefendsas a su cargo. \u00a0\u00a0<\/p>\n<p>El \u00a0delito de concierto para delinquir se ha \u00a0fundado \u00a0igualmente en el apoyo que luego de las reuniones supuestamente brind\u00f3 \u00a0GARCIA \u00a0ROMERO. Se demostr\u00f3 su absoluta inexistencia: testigos de toda \u00edndole, \u00a0miembros \u00a0de \u00a0la sociedad sucre\u00f1a en general, incluso v\u00edctimas de cr\u00edmenes de \u00a0las \u00a0autodefensas \u00a0y \u00a0de otros sectores pol\u00edticos, quienes de una manera u otra \u00a0se \u00a0entend\u00edan \u00a0relacionados \u00a0con tales grupos, afirmaron nada tener que ver con \u00a0el \u00a0Senador. \u00a0Tampoco lo incriminaron Eduard Cobo T\u00e9llez, \u00c9dgar Ignacio Fierro \u00a0y \u00a0 \u00a0 Marco \u00a0 \u00a0 Tulio \u00a0 \u00a0 P\u00e9rez \u00a0 \u00a0\u2013alias \u00a0 \u00a0\u201cEl \u00a0 \u00a0Oso\u201d\u2013, \u00a0quien \u00a0fue el segundo al mando de Cadena en la direcci\u00f3n militar \u00a0\u2013alias \u00a0 \u00a0 Juancho \u00a0Dique\u2013, \u00a0ni pol\u00edticos ya \u00a0condenados \u00a0como \u00a0Muriel \u00a0Benito \u00a0Revollo \u00a0y \u00a0Eleonora \u00a0Pineda \u00a0Garc\u00eda, quienes \u00a0respondieron \u00a0negativamente. \u00a0Otro \u00a0tanto \u00a0manifestaron \u00a0los \u00a0desmovilizados que \u00a0hab\u00edan \u00a0declarado \u00a0en \u00a0instrucci\u00f3n \u00a0sobre \u00a0las \u00a0reuniones \u00a0entre \u00a0Cadena \u00a0y el \u00a0acusado, \u00a0retract\u00e1ndose \u00a0en el juicio, por lo que asoma la duda de la veracidad \u00a0de \u00a0 sus \u00a0 testimonios, \u00a0pues \u00a0si \u00a0algunos \u00a0de \u00a0ellos \u00a0no \u00a0pertenecieron \u00a0a \u00a0las \u00a0autodefensas no pod\u00edan obtener el conocimiento. \u00a0\u00a0<\/p>\n<p>La \u00a0que \u00a0califica \u00a0como \u00a0\u201cacostumbrada\u201d \u00a0variaci\u00f3n \u00a0de \u00a0las versiones de Castillo Peralta, tambi\u00e9n se presenta respecto \u00a0del \u00a0homicidio \u00a0de \u00a0Georgina \u00a0Narv\u00e1ez Wilches. Llama la atenci\u00f3n acerca de sus \u00a0inconsistencias \u00a0en \u00a0torno \u00a0a \u00a0los \u00a0presentes \u00a0en \u00a0la fecha en la cual se dio la \u00a0supuesta \u00a0orden, \u00a0no \u00a0teniendo \u00a0claro si Alberto Acu\u00f1a y Salvador Arana hab\u00edan \u00a0estado \u00a0presentes, \u00a0dado \u00a0que \u00a0en \u00a0una y otra oportunidad variaba la versi\u00f3n al \u00a0respecto.\u00a0 \u00a0\u00a0<\/p>\n<p>En las 21 declaraciones rendidas por Pitirri, \u00a0siempre \u00a0 asegur\u00f3 \u00a0que \u00a0el \u00a0conocimiento \u00a0lo \u00a0hab\u00eda \u00a0adquirido \u00a0por estar presente en una reuni\u00f3n sostenida \u00a0entre \u00a0\u00c1LVARO \u00a0GARC\u00cdA, \u00a0Salvador \u00a0Arana \u00a0y Alberto Acu\u00f1a, decidi\u00e9ndose all\u00ed \u00a0la muerte de la muchacha \u00a0de \u00a0San Onofre, lo cual, seg\u00fan \u00a0el \u00a0testigo, \u00a0determin\u00f3 \u00a0a \u00a0Joaqu\u00edn Garc\u00eda para que coordinara lo pertinente. \u00a0Pero \u00a0 en \u00a0 su \u00a0 \u00faltima \u00a0 versi\u00f3n \u00a0 ya \u00a0 dijo \u00a0algo \u00a0muy \u00a0distinto: \u00a0que \u00a0no hubo reuni\u00f3n, s\u00f3lo unas llamadas de distintas personas \u00a0y \u00a0de \u00a0distintos \u00a0lugares, \u00a0que \u00a0casualmente escuch\u00f3, \u00a0variando tambi\u00e9n las personas que lo acompa\u00f1aban. \u00a0\u00a0<\/p>\n<p>Concluye \u00a0que \u00a0con \u00a0base \u00a0en \u00a0un \u00a0detallado \u00a0an\u00e1lisis \u00a0de \u00a0las \u00a0declaraciones de Castillo, resulta cuestionable su veracidad \u00a0en \u00a0lo \u00a0que \u00a0tiene \u00a0que ver con \u00c1LVARO GARC\u00cdA ROMERO, toda vez que ni siquiera \u00a0las \u00a0rendidas \u00a0dentro \u00a0de \u00a0un \u00a0lapso muy corto se identifican entre s\u00ed, y mucho \u00a0menos esto ocurre para identificarlas con las m\u00e1s recientes. \u00a0\u00a0<\/p>\n<p>Miembros \u00a0del \u00a0CTI \u00a0que \u00a0conocieron \u00a0de \u00a0la \u00a0informaci\u00f3n \u00a0suministrada \u00a0por \u00a0Castillo \u00a0declararon \u00a0que para la \u00e9poca en que \u00a0interactuaron \u00a0con \u00a0el \u00a0testigo \u00a0\u00e9ste \u00a0no se refiri\u00f3 \u00a0nunca \u00a0a \u00a0\u00c1LVARO \u00a0GARC\u00cdA \u00a0ROMERO, \u00a0ni siquiera en lo \u00a0tratado \u00a0con \u00a0Tuir\u00e1n \u00a0\u00c1lvarez, \u00a0y \u00a0la \u00a0cercan\u00eda \u00a0era mayor en cuanto a que es \u00a0padrino \u00a0de \u00a0uno de los hijos del testigo. Las afirmaciones del testigo Castillo \u00a0Peralta \u00a0fueron adem\u00e1s desmentidas por Mancuso quien neg\u00f3 cualquier proximidad \u00a0con \u00a0\u00e9l. \u00a0Tambi\u00e9n \u00a0desminti\u00f3 \u00a0lo afirmado por Pitirri acerca de sus reuniones \u00a0todos \u00a0los \u00a0viernes, enfatizando que ello no era posible dado que no permanec\u00eda \u00a0en la regi\u00f3n todo el tiempo. \u00a0\u00a0<\/p>\n<p>Castillo \u00a0Peralta afirm\u00f3 que a su llegada a \u00a0San \u00a0Marcos \u00a0(Sucre) hizo contacto con la brigada con sede en Sincelejo y con la \u00a0informaci\u00f3n \u00a0que \u00a0ten\u00eda \u00a0ingres\u00f3 a la lista de informantes del B2, por lo que \u00a0incluso \u00a0contaba \u00a0con \u00a0un \u00a0carn\u00e9 que como tal lo identificaba y le permit\u00eda el \u00a0acceso \u00a0a \u00a0dichas \u00a0instalaciones. \u00a0Eso \u00a0fue \u00a0desmentido \u00a0por \u00a0Alberto \u00a0Acu\u00f1a en \u00a0declaraci\u00f3n \u00a0el \u00a0d\u00eda \u00a014 \u00a0de \u00a0mayo \u00a0de \u00a02008, en sesi\u00f3n de audiencia p\u00fablica \u00a0celebrada \u00a0en \u00a0Bogot\u00e1 \u00a0y \u00a0en \u00a0Sincelejo, \u00a0cuando \u00a0manifest\u00f3 que jam\u00e1s tuvo un \u00a0encuentro \u00a0con aqu\u00e9l en casa de \u00c1LVARO GARC\u00cdA ROMERO. Adem\u00e1s no se encontr\u00f3 \u00a0evidencia \u00a0 \u00a0 documental \u00a0 \u00a0 alguna \u00a0 \u00a0 que \u00a0 \u00a0 respaldara \u00a0 \u00a0 sus \u00a0 \u00a0 supuestos \u00a0contactos.\u00a0\u00a0\u00a0\u00a0\u00a0 \u00a0\u00a0<\/p>\n<p>Se \u00a0trata \u00a0de \u00a0motivos serios para atacar la \u00a0credibilidad \u00a0del testigo, cuestionada y desvirtuada por otras declaraciones. Se \u00a0les \u00a0ha \u00a0dado \u00a0el \u00a0calificativo \u00a0de verdad absoluta a todas sus afirmaciones del \u00a0testigo, \u00a0por cuanto se comprob\u00f3 la entrega a \u00e9l del cheque por $17.281.393 de \u00a0parte \u00a0de \u00a0Octavio \u00a0Otero, \u00a0olvidando \u00a0que \u00a0bien \u00a0pudo eso haber ocurrido sin la \u00a0participaci\u00f3n y conocimiento de \u00c1LVARO GARC\u00cdA ROMERO. \u00a0\u00a0<\/p>\n<p>Finaliza \u00a0el \u00a0togado \u00a0diciendo, en cuanto al \u00a0cargo \u00a0de la masacre de Macayepo, que en el juicio se pudieron desvirtuar muchas \u00a0aseveraciones, \u00a0y \u00a0demostrar \u00a0que \u00a0la \u00a0grabaci\u00f3n fue un simple montaje, sin que \u00a0exista \u00a0nada \u00a0dentro \u00a0del expediente que relacione al encartado como responsable \u00a0de \u00a0esos \u00a0homicidios. \u00a0Resalta adem\u00e1s que qued\u00f3 probado que varios de ellos no \u00a0fallecieron \u00a0en \u00a0esos \u00a0sucesos \u00a0y \u00a0otros, \u00a0que \u00a0hab\u00edan \u00a0dado por muertos, no lo \u00a0est\u00e1n, \u00a0como bien lo vinieron a declarar personalmente en el juicio, por lo que \u00a0solicita \u00a0 \u00a0 \u00a0 \u00a0en \u00a0 \u00a0 \u00a0 \u00a0consecuencia \u00a0 \u00a0 \u00a0 \u00a0se \u00a0 \u00a0 \u00a0 \u00a0profiera \u00a0 \u00a0 \u00a0 sentencia \u00a0absolutoria.\u00a0\u00a0\u00a0\u00a0 \u00a0\u00a0<\/p>\n<p>CONSIDERACIONES DE LA CORTE \u00a0<\/p>\n<p>De \u00a0conformidad \u00a0con \u00a0lo \u00a0previsto \u00a0por \u00a0el \u00a0ordinal \u00a03\u00b0 \u00a0del \u00a0art\u00edculo \u00a0235 \u00a0de \u00a0la \u00a0Constituci\u00f3n \u00a0Pol\u00edtica, \u00a0la Sala de \u00a0Casaci\u00f3n \u00a0Penal \u00a0de \u00a0la \u00a0Corte \u00a0Suprema \u00a0de Justicia es el juez competente para \u00a0investigar \u00a0 y \u00a0 juzgar \u00a0 al \u00a0 sindicado \u00a0\u00c1LVARO \u00a0ALFONSO GARC\u00cdA ROMERO, como quiera que para la fecha de \u00a0la \u00a0comisi\u00f3n de los hechos materia de investigaci\u00f3n ostentaba la condici\u00f3n de \u00a0congresista \u00a0y se infiere la presunta ejecuci\u00f3n de las \u00a0conductas \u00a0punibles \u00a0objeto de valoraci\u00f3n, relacionadas con la funci\u00f3n oficial \u00a0desempe\u00f1ada \u00a0por el procesado, seg\u00fan precis\u00f3 esta Corporaci\u00f3n en el auto del \u00a0pasado \u00a0 \u00a0 \u00a0 \u00a0 15 \u00a0 \u00a0 \u00a0 \u00a0 de \u00a0 \u00a0 \u00a0 \u00a0septiembre9, \u00a0por \u00a0cuyo \u00a0medio \u00a0vari\u00f3 \u00a0su \u00a0inicial postura en torno a ese tema. \u00a0\u00a0<\/p>\n<p>En el presente caso, \u00c1LVARO GARC\u00cdA ROMERO \u00a0fue \u00a0llamado \u00a0a \u00a0responder en juicio criminal como probable autor de los delitos \u00a0de \u00a0concierto \u00a0para delinquir agravado, homicidios agravados y simple y peculado \u00a0por \u00a0 apropiaci\u00f3n, \u00a0los \u00a0que \u00a0pese \u00a0a \u00a0su \u00a0evidente \u00a0heterogeneidad \u00a0no \u00a0pueden \u00a0observarse \u00a0como hechos aislados sino como eslabones de una cadena causal propia \u00a0de estructuras criminales organizadas y concertadas de modo previo. \u00a0\u00a0<\/p>\n<p>En tal direcci\u00f3n, v\u00e9ase c\u00f3mo cada delito \u00a0reprochado \u00a0al \u00a0procesado \u00a0se \u00a0encuentra \u00a0seriamente \u00a0vinculado \u00a0con \u00a0su apoyo y \u00a0compromiso \u00a0para \u00a0con las autodefensas ilegales, organizaci\u00f3n armada ilegal que \u00a0como \u00a0hoy \u00a0se \u00a0sabe \u00a0se \u00a0procur\u00f3 \u00a0por espacio de casi dos lustros el apoyo y la \u00a0militancia \u00a0ideol\u00f3gica \u00a0en \u00a0su \u00a0estructura \u00a0de un buen n\u00famero de congresistas, \u00a0quienes \u00a0al amparo de su investidura, abogando tambi\u00e9n por su permanencia en la \u00a0dirigencia \u00a0 pol\u00edtica \u00a0y \u00a0prevalidos \u00a0de \u00a0sus \u00a0influencias \u00a0como \u00a0legisladores, \u00a0patrocinaron \u00a0 la \u00a0 expansi\u00f3n, \u00a0 facilitaron \u00a0 la \u00a0permanencia \u00a0en \u00a0el \u00a0tiempo, \u00a0auspiciaron \u00a0la \u00a0injerencia \u00a0en \u00a0diversos \u00a0escenarios \u00a0sociales y econ\u00f3micos, y \u00a0coadyuvaron en la operatividad de esta organizaci\u00f3n criminal. \u00a0\u00a0<\/p>\n<p>Dentro \u00a0de \u00a0ese \u00a0contexto, estimando que la \u00a0actividad \u00a0 \u00a0 \u00a0 il\u00edcita \u00a0 \u00a0 \u00a0 del \u00a0 \u00a0 \u00a0 auspicio \u00a0paramilitar \u00a0es la piedra angular de la investigaci\u00f3n \u00a0y \u00a0procesamiento \u00a0del ex Senador GARC\u00cdA ROMERO, se ocupar\u00e1 la Sala entonces de \u00a0su \u00a0an\u00e1lisis \u00a0de \u00a0manera \u00a0preliminar, \u00a0para enseguida abordar el estudio de los \u00a0dem\u00e1s \u00a0delitos \u00a0concursales \u00a0que \u00a0le \u00a0fueran \u00a0imputados \u00a0en \u00a0la \u00a0resoluci\u00f3n de \u00a0acusaci\u00f3n. \u00a0\u00a0<\/p>\n<p>1. \u00a0 \u00a0 CONCIERTO \u00a0 \u00a0PARA \u00a0 \u00a0DELINQUIR \u00a0AGRAVADO \u00a0\u00a0<\/p>\n<p>Acerca \u00a0de \u00a0las \u00a0diversas \u00a0modalidades \u00a0de \u00a0trasgresi\u00f3n \u00a0al \u00a0bien \u00a0jur\u00eddico \u00a0de \u00a0la \u00a0seguridad p\u00fablica contempladas en el \u00a0art\u00edculo \u00a0340 \u00a0del \u00a0C\u00f3digo \u00a0Penal \u00a0de \u00a02000, \u00a0la \u00a0Corte \u00a0ha trazado una l\u00ednea \u00a0jurisprudencial \u00a0que \u00a0destaca \u00a0c\u00f3mo all\u00ed subyacen varios tipos de prohibici\u00f3n \u00a0aut\u00f3nomos, \u00a0 referidos \u00a0 bien \u00a0 al \u00a0 acuerdo \u00a0 para \u00a0la \u00a0comisi\u00f3n \u00a0de \u00a0delitos \u00a0indeterminados \u00a0 \u00a0 -inciso \u00a0 \u00a0 primero-, \u00a0o \u00a0dirigidos \u00a0a la promoci\u00f3n, financiamiento o conformaci\u00f3n de \u00a0grupos \u00a0al \u00a0margen \u00a0de la ley, o para armarlos -inciso \u00a02\u00b0-, \u00a0destacando en la parte final de la disposici\u00f3n \u00a0el \u00a0mayor \u00a0grado \u00a0de \u00a0injusto \u00a0para \u00a0quienes \u00a0efectivamente ejecutan, y no s\u00f3lo \u00a0acuerdan, \u00a0cualquiera \u00a0de \u00a0las \u00a0conductas \u00a0\u00faltimamente \u00a0indicadas \u00a0\u2013inciso \u00a0 \u00a0 \u00a0 \u00a0 3\u00b0-10. \u00a0\u00a0<\/p>\n<p>En \u00a0 ese \u00a0 sentido, \u00a0se \u00a0mencion\u00f3 \u00a0en \u00a0la \u00a0resoluci\u00f3n \u00a0de \u00a0acusaci\u00f3n y ahora se itera, el art\u00edculo 340 del C\u00f3digo Penal \u00a0define \u00a0diversas \u00a0formas \u00a0de \u00a0ataque \u00a0al \u00a0bien \u00a0jur\u00eddico \u00a0que denotan la manera \u00a0progresiva \u00a0como \u00a0se \u00a0atenta \u00a0contra \u00a0la \u00a0seguridad p\u00fablica. As\u00ed, en el inciso \u00a0segundo \u00a0es el acuerdo de voluntades para promover, organizar, financiar o armar \u00a0grupos \u00a0al \u00a0margen \u00a0de la ley lo que le da sentido al injusto, en el contexto de \u00a0una \u00a0modalidad \u00a0muy \u00a0propia \u00a0de \u00a0los tipos de peligro; y en el tercero, desde la \u00a0\u00f3ptica \u00a0de \u00a0la \u00a0efectiva lesi\u00f3n, se sanciona la conducta de armar, financiar o \u00a0promover \u00a0a tales grupos. Eso implica que se describen conductas secuenciales en \u00a0escala \u00a0de \u00a0menor a mayor gravedad, cuya lesividad se refleja precisamente en el \u00a0tratamiento \u00a0 \u00a0 \u00a0punitivo, \u00a0 \u00a0 \u00a0como \u00a0 \u00a0 corresponde \u00a0 \u00a0 al \u00a0 \u00a0 principio \u00a0 \u00a0 de \u00a0proporcionalidad. \u00a0\u00a0<\/p>\n<p>Desde ese punto de vista y teniendo en cuenta \u00a0la \u00a0teleolog\u00eda \u00a0de \u00a0la \u00a0conducta, es claro que quien arma, financia, organiza o \u00a0promueve \u00a0grupos \u00a0al \u00a0margen \u00a0de la ley previamente acuerda la ejecuci\u00f3n de ese \u00a0tipo \u00a0de finalidades, lo cual significa que la modalidad progresiva de ataque al \u00a0bien \u00a0jur\u00eddico \u00a0permite afirmar que su efectiva ejecuci\u00f3n asume el desvalor de \u00a0los \u00a0pasos \u00a0secuenciales \u00a0que le dan origen y sentido a la conducta; y, por otra \u00a0parte, \u00a0que \u00a0all\u00ed donde no se logran consolidar de modo efectivo la promoci\u00f3n, \u00a0organizaci\u00f3n \u00a0o \u00a0financiaci\u00f3n, \u00a0de \u00a0todas \u00a0maneras \u00a0el injusto persiste porque \u00a0mediante \u00a0la \u00a0anticipaci\u00f3n \u00a0de \u00a0la barrera de protecci\u00f3n de bienes jur\u00eddicos, \u00a0basta el acuerdo para tener por satisfecho el injusto. \u00a0\u00a0<\/p>\n<p>Para \u00a0el caso del ex Senador \u00c1LVARO GARC\u00cdA \u00a0ROMERO, \u00a0la \u00a0Corte \u00a0lo \u00a0radic\u00f3 \u00a0en \u00a0juicio \u00a0criminal \u00a0como \u00a0autor del delito de \u00a0concierto \u00a0para \u00a0delinquir \u00a0agravado descrito en el inciso tercero del art\u00edculo \u00a0340 \u00a0del C\u00f3digo Penal, al hallar que su conducta traspas\u00f3 el umbral de simples \u00a0acuerdos \u00a0 para \u00a0 la \u00a0 promoci\u00f3n \u00a0de \u00a0grupos \u00a0armados \u00a0al \u00a0margen \u00a0de \u00a0la \u00a0ley, \u00a0reflej\u00e1ndose \u00a0 en \u00a0 actos \u00a0 concretos \u00a0de \u00a0conformaci\u00f3n \u00a0y \u00a0financiamiento \u00a0de \u00a0ellos. \u00a0\u00a0<\/p>\n<p>En esa direcci\u00f3n, acerca de las actividades \u00a0de \u00a0conformaci\u00f3n \u00a0de \u00a0grupos armados ilegales reprochadas al ex Senador GARC\u00cdA \u00a0ROMERO, \u00a0 v\u00e9ase \u00a0 c\u00f3mo \u00a0 el \u00a0 testigo \u00a0 Jairo \u00a0 Castillo \u00a0 Peralta11 \u00a0inform\u00f3 \u00a0haber \u00a0asistido \u00a0como \u00a0escolta \u00a0a \u00a0la \u00a0reuni\u00f3n \u00a0llevada \u00a0a cabo en una finca de \u00a0propiedad \u00a0de \u00a0Miguel \u00a0Nule \u00a0Am\u00edn denominada \u201cLas Canarias\u201d, donde Salom\u00f3n \u00a0Feris \u00a0Chadid, \u00a0Salvatore \u00a0Mancuso, \u00a0Salvador \u00a0Arana \u00a0Sus y el propio procesado, \u00a0entre \u00a0otros, \u00a0dise\u00f1aron \u00a0la consolidaci\u00f3n de un grupo paramilitar que tuviera \u00a0presencia \u00a0 permanente \u00a0 en \u00a0el \u00a0centro \u00a0y \u00a0norte \u00a0del \u00a0Departamento \u00a0de \u00a0Sucre, \u00a0agrupaci\u00f3n \u00a0que \u00a0como \u00a0ya \u00a0se \u00a0mencion\u00f3, \u00a0fue \u00a0denominada en un primer momento \u00a0\u201cfrente Montes de Mar\u00eda\u201d. \u00a0\u00a0<\/p>\n<p>Por descontado se da que una reuni\u00f3n de tal \u00a0naturaleza \u00a0 permite \u00a0 inferir \u00a0que \u00a0el \u00a0Senador \u00a0GARC\u00cdA \u00a0ROMERO \u00a0ten\u00eda \u00a0cabal \u00a0comprensi\u00f3n \u00a0de \u00a0su \u00a0misi\u00f3n \u00a0como \u00a0gestor de grupos paramilitares, aspecto que \u00a0como \u00a0adelante \u00a0se \u00a0ver\u00e1 \u00a0no constituy\u00f3 una simple declaraci\u00f3n de prop\u00f3sitos \u00a0sino \u00a0que \u00a0se \u00a0materializ\u00f3 \u00a0mediante \u00a0actos \u00a0de apoyo y financiaci\u00f3n de dichas \u00a0estructuras. \u00a0\u00a0<\/p>\n<p>El testimonio aportado por Castillo Peralta \u00a0a \u00a0la justicia, permite adem\u00e1s descartar que los part\u00edcipes de aquel encuentro \u00a0hubiesen \u00a0concurrido \u00a0producto \u00a0de la coacci\u00f3n de los actores armados ilegales; \u00a0por \u00a0el \u00a0contrario, \u00a0la \u00a0reuni\u00f3n \u00a0de \u00a0\u2018Las \u00a0Canarias\u2019, \u00a0como \u00a0otras \u00a0realizadas \u00a0con similares prop\u00f3sitos, pueden ser calificadas\u00a0 \u00a0de \u00a0 amigable \u00a0 tertulia \u00a0 entre \u00a0ganaderos, \u00a0pol\u00edticos \u00a0y \u00a0representantes \u00a0del \u00a0paramilitarismo, \u00a0en \u00a0la \u00a0cual \u00a0se \u00a0trazaron \u00a0las \u00a0directrices \u00a0a seguir para la \u00a0consolidaci\u00f3n \u00a0del \u00a0movimiento armado, de donde se infiere la manifestaci\u00f3n de \u00a0un acuerdo a todas luces ilegal. \u00a0\u00a0<\/p>\n<p>Precisamente, \u00a0el \u00a0relato \u00a0del \u00a0testigo \u00a0en \u00a0comento \u00a0acerca \u00a0del \u00a0prop\u00f3sito \u00a0que \u00a0congreg\u00f3 \u00a0a \u00a0ALVARO \u00a0GARC\u00cdA \u00a0ROMERO con \u00a0reconocidos \u00a0jefes \u00a0del \u00a0paramilitarismo, \u00a0fue \u00a0ratificado indirectamente por el \u00a0comandante \u00a0paramilitar \u00c9dward Cobos T\u00e9llez\u00a0 en la declaraci\u00f3n del 28 de \u00a0febrero \u00a0de \u00a02007 \u00a0rendida \u00a0ante esta Corte, cuando, sin admitir abiertamente la \u00a0concurrencia \u00a0 del \u00a0 procesado, \u00a0 s\u00ed \u00a0destac\u00f3 \u00a0c\u00f3mo \u00a0la \u00a0reuni\u00f3n \u00a0de \u00a0\u201cLas \u00a0Canarias\u201d \u00a0tuvo \u00a0por \u00a0objetivo \u00a0estrechar \u00a0la \u00a0alianza entre los paramilitares \u00a0Salvatore \u00a0 \u00a0 \u00a0Mancuso \u00a0 \u00a0 \u00a0y \u00a0 \u00a0 \u00a0\u2018Rodrigo \u00a0 \u00a0Doble \u00a0 \u00a0Cero\u2019 \u00a0con \u00a0l\u00edderes \u00a0pol\u00edticos \u00a0de \u00a0Sucre, \u00a0empe\u00f1ados \u00a0en auspiciar la \u00a0consolidaci\u00f3n del paramilitarismo en ese departamento. \u00a0\u00a0<\/p>\n<p>Igualmente, \u00a0Jairo \u00a0Castillo \u00a0se refiri\u00f3 a \u00a0otra \u00a0reuni\u00f3n, \u00a0no \u00a0menos \u00a0significativa, llevada a cabo por el a\u00f1o 1998 en el \u00a0restaurante \u00a0\u201cCarb\u00f3n \u00a0de \u00a0Palo\u201d, \u00a0en \u00a0la cual se acord\u00f3 conformar un grupo \u00a0armado \u00a0ilegal \u00a0en \u00a0La \u00a0Mojana, \u00a0estableci\u00e9ndose \u00a0la \u00a0cantidad \u00a0de \u00a0dinero \u00a0que \u00a0requer\u00edan \u00a0para \u00a0ello \u00a0y \u00a0de \u00a0d\u00f3nde se obtendr\u00eda. Los concurrentes a la misma \u00a0fueron \u00a0-entre \u00a0otros- \u00a0los \u00a0hermanos \u00a0Pedraza, \u00a0Joaqu\u00edn \u00a0Garc\u00eda, el ex alcalde de Sucre Miguel Navarro, el \u00a0alcalde \u00a0de \u00a0Sucre \u00a0\u00c1ngel \u00a0Villarreal, \u00a0el \u00a0alcalde de San Carlos y el Director \u00a0Dassalud Sucre Salvador Arana Sus, agregando: \u00a0\u00a0<\/p>\n<p>\u201c\u2026 \u00a0Acordaron \u00a0de \u00a0dar \u00a060 millones de \u00a0pesos \u00a0para dotar a quince o doce muchachos bien dotados con uniformes, morrales \u00a0y \u00a0fusiles, \u00a0para \u00a0conformar un grupo de autodefensas, hasta a mi me propusieron \u00a0si \u00a0yo \u00a0pod\u00eda \u00a0manejarles \u00a0la \u00a0parte militar, yo les dije que no porque era muy \u00a0conocido \u00a0en \u00a0la \u00a0regi\u00f3n y que no quer\u00eda tener problemas, eso me lo propuso el \u00a0doctor \u00a0Arana, entonces Joaqu\u00edn Garc\u00eda le pregunt\u00f3 a Arana, que de d\u00f3nde iba \u00a0a \u00a0sacar \u00a0la \u00a0plata, \u00a0Arana \u00a0le \u00a0contest\u00f3 que como el Alcalde estaba ah\u00ed y era \u00a0nuestro, \u00a0 \u00e9l \u00a0 les \u00a0iba \u00a0a \u00a0colaborar \u00a0con \u00a0eso\u201d. \u00a012 \u00a0\u00a0<\/p>\n<p>Posteriormente, \u00a0ante \u00a0funcionarios \u00a0de \u00a0la \u00a0Direcci\u00f3n \u00a0Nacional \u00a0de \u00a0Investigaciones \u00a0de \u00a0la \u00a0Procuradur\u00eda \u00a0General \u00a0de la \u00a0Naci\u00f3n13, \u00a0se \u00a0refiri\u00f3 \u00a0m\u00e1s detalladamente al mismo encuentro, mencionando \u00a0c\u00f3mo \u00a0 en \u00a0punto \u00a0a \u00a0la \u00a0financiaci\u00f3n \u00a0del \u00a0grupo \u00a0paramilitar \u00a0los \u00a0presentes \u00a0manifestaron \u00a0que \u00a0\u00c1LVARO GARC\u00cdA pod\u00eda conseguir los contratos necesarios con \u00a0el \u00a0Gobernador \u00a0\u201cpara \u00a0mandarlos \u00a0al \u00a0municipio \u00a0de \u00a0Sucre\u201d, \u00a0hecho \u00a0a la postre comprobado a trav\u00e9s del \u00a0destino \u00a0dado \u00a0a \u00a0los \u00a0recursos \u00a0para \u00a0el \u00a0contrato \u00a0de \u00a0la \u00a0construcci\u00f3n de un \u00a0terrapl\u00e9n, \u00a0que a espacio examinar\u00e1 la Sala m\u00e1s adelante por constituir cargo \u00a0independiente en contra del ex Senador. \u00a0\u00a0<\/p>\n<p>Entonces, \u00a0si \u00a0a \u00a0la \u00a0presencia \u00a0de GARC\u00cdA \u00a0ROMERO \u00a0en \u00a0reuniones \u00a0como \u00a0la \u00a0de \u00a0la finca \u201cLas Canarias\u201d, se agregan las \u00a0gestiones \u00a0que habr\u00eda de realizar en pro de la consecuci\u00f3n de recursos para la \u00a0fundaci\u00f3n \u00a0de \u201cLa Mojana\u201d, la inferencia acerca de su directa intervenci\u00f3n \u00a0en \u00a0el \u00a0auspicio \u00a0y \u00a0organizaci\u00f3n \u00a0de dichas organizaciones armadas ilegales se \u00a0torna incuestionable. \u00a0\u00a0<\/p>\n<p>En \u00a0lo \u00a0que \u00a0a \u00a0la \u00a0credibilidad del se\u00f1or \u00a0Castillo \u00a0Peralta \u00a0ata\u00f1e, \u00a0tema \u00a0ampliamente \u00a0debatido \u00a0a \u00a0lo largo del juicio, \u00a0observa \u00a0 la \u00a0Corte \u00a0que \u00a0en \u00a0esa \u00a0fase \u00a0procesal \u00a0su \u00a0dicho \u00a0no \u00a0se \u00a0debilit\u00f3. \u00a0\u00a0<\/p>\n<p>En \u00a0efecto, \u00a0por \u00a0diversos \u00a0medios \u00a0est\u00e1 \u00a0demostrada \u00a0su \u00a0pertenencia \u00a0a las autodefensas que operaban en Sucre. De hecho, \u00a0se \u00a0sabe \u00a0que \u00a0manej\u00f3 finanzas de esa organizaci\u00f3n armada ilegal y se conoci\u00f3 \u00a0por \u00a0medio \u00a0de \u00a0correos electr\u00f3nicos aportados por el testigo que reposan en la \u00a0actuaci\u00f3n \u00a0que \u00a0ten\u00eda cercan\u00eda con la familia de Joaqu\u00edn Garc\u00eda, pues no de \u00a0otro \u00a0modo se explica que la esposa de \u00e9ste le escribiera a Canad\u00e114, destacando \u00a0que \u00a0eran \u00a0conscientes \u00a0de \u00a0su \u00a0lealtad \u00a0y \u00a0que \u00a0comprend\u00edan las razones que le \u00a0hab\u00edan \u00a0asistido para declarar ante la justicia, aun cuando pretend\u00eda tambi\u00e9n \u00a0que tratara de alg\u00fan modo de favorecer al ganadero. \u00a0\u00a0<\/p>\n<p>Lo \u00a0 \u00a0anterior \u00a0 conduce \u00a0 a \u00a0 concluir \u00a0razonablemente \u00a0que \u00a0ese \u00a0testigo \u00a0tuvo \u00a0un trato cercano con Joaqu\u00edn Garc\u00eda y \u00a0ocup\u00f3 \u00a0una posici\u00f3n dentro de la organizaci\u00f3n armada ilegal, que le permiti\u00f3 \u00a0conocer \u00a0y \u00a0declarar \u00a0sobre las circunstancias por \u00e9l anotadas en relaci\u00f3n con \u00a0\u00c1LVARO GARC\u00cdA ROMERO. \u00a0\u00a0<\/p>\n<p>Adem\u00e1s, conviene recordar c\u00f3mo a ra\u00edz del \u00a0atentado \u00a0criminal \u00a0efectuado \u00a0el 24 de octubre de 2000 contra Castillo Peralta, \u00a0la \u00a0Fiscal\u00eda \u00a0lleg\u00f3 \u00a0a \u00a0la conclusi\u00f3n de su clara conexi\u00f3n con las denuncias \u00a0por \u00a0\u00e9l \u00a0efectuadas \u00a0en \u00a0torno \u00a0del \u00a0paramilitarismo \u00a0y \u00a0su \u00a0estado \u00a0de riesgo, \u00a0circunstancia \u00a0determinante \u00a0para \u00a0incorporarlo en el programa de protecci\u00f3n de \u00a0testigos \u00a0junto \u00a0con \u00a0su \u00a0n\u00facleo familiar. Y luego de estar por fuera del mismo \u00a0por \u00a0unos \u00a0d\u00edas, \u00a0volvi\u00f3 \u00a0a ser acogido y se increment\u00f3 el nivel de amparo, a \u00a0ra\u00edz \u00a0del \u00a0crimen \u00a0de \u00a0que \u00a0fue \u00a0v\u00edctima \u00a0la \u00a0fiscal \u00a0Yolanda Paternina, quien \u00a0precisamente \u00a0tramitaba \u00a0sus \u00a0denuncias. \u00a0Como \u00a0se \u00a0sabe, \u00a0su reubicaci\u00f3n en el \u00a0exterior fue dispuesta el 8 de julio de 2002. \u00a0\u00a0<\/p>\n<p>Bajo \u00a0el \u00a0anterior panorama, es evidente el \u00a0conocimiento \u00a0de \u00a0Castillo \u00a0Peralta \u00a0sobre \u00a0las \u00a0personas \u00a0vinculadas al aparato \u00a0paramilitar en el departamento de Sucre. \u00a0\u00a0<\/p>\n<p>En \u00a0ese sentido, rep\u00e1rese c\u00f3mo aun cuando \u00a0sus \u00a0denuncias \u00a0contra \u00a0\u00c9der \u00a0Pedraza \u00a0Pe\u00f1a \u00a0alias \u201cRam\u00f3n Mojana\u201d y\u00a0 \u00a0Salom\u00f3n \u00a0Feris \u00a0Chadid \u00a0en \u00a0principio \u00a0no tuvieron eco ante la justicia que los \u00a0absolvi\u00f3 \u00a0por \u00a0esos \u00a0cargos, \u00a0tales \u00a0sindicaciones sin duda ten\u00edan un sustrato \u00a0incuestionable \u00a0de verdad, al punto que Pedraza admiti\u00f3 en declaraci\u00f3n rendida \u00a0en \u00a0este \u00a0juicio \u00a0haber \u00a0sido \u00a0paramilitar \u00a0desde \u00a0el a\u00f1o 1997, mientras que la \u00a0militancia \u00a0de \u00a0Feris \u00a0Chadid \u00a0fue \u00a0reconocida \u00a0en esta actuaci\u00f3n por Salvatore \u00a0Mancuso \u00a0como \u00a0participante en la reuni\u00f3n de Las Canarias, explicando que desde \u00a0aquella \u00a0\u00e9poca -1997- ten\u00eda \u00a0claros v\u00ednculos con las AUC. \u00a0\u00a0<\/p>\n<p>Por \u00a0su \u00a0parte, relat\u00f3 la forma en que las \u00a0\u201cConvivir\u201d \u00a0fueron \u00a0fachada \u00a0legal \u00a0de \u00a0las AUC, denunciando las creadas por \u00a0Piedrah\u00edta, \u00a0 Mancuso \u00a0 y \u00a0 Salom\u00f3n \u00a0 Feris \u00a0 Chadid. \u00a0 Tuvieron \u00a0 que \u00a0 pasar \u00a0seis \u00a0a\u00f1os para que el mismo \u00a0Salvatore Mancuso lo ratificara. \u00a0\u00a0<\/p>\n<p>Jairo Castillo fue testigo directo de todos \u00a0los \u00a0anteriores \u00a0hechos \u00a0y \u00a0los \u00a0viene \u00a0narrando \u00a0desde hace ya varios a\u00f1os, de \u00a0suerte \u00a0que \u00a0una \u00a0cuando en principio su relato fue evaluado con prevenci\u00f3n por \u00a0parte \u00a0de \u00a0las \u00a0autoridades, debe admitirse hoy que todos sus aspectos nucleares \u00a0permanecen \u00a0inc\u00f3lumes, \u00a0sin \u00a0que \u00a0su \u00a0variaciones \u00a0insustanciales \u00a0en \u00a0aspectos \u00a0accesorios resten credibilidad a su versi\u00f3n. \u00a0\u00a0<\/p>\n<p>Adem\u00e1s, \u00a0 su \u00a0 relato \u00a0 coincide \u00a0en \u00a0lo \u00a0fundamental \u00a0con \u00a0el \u00a0de otros miembros de la organizaci\u00f3n criminal15, \u00a0aportando \u00a0hace \u00a0casi \u00a0una \u00a0d\u00e9cada \u00a0informaciones \u00a0a la saz\u00f3n completamente desconocidas, \u00a0como \u00a0el \u00a0lugar \u00a0en \u00a0donde \u00a0Mancuso \u00a0efectuaba \u00a0concentraciones, el nombre de su \u00a0finca, \u00a0el \u00a0de \u00a0su \u00a0esposa, el de su hombre de confianza en Tierralta y c\u00f3mo se \u00a0establec\u00eda \u00a0contacto \u00a0con \u00a0\u00e9l \u00a0y, \u00a0lo \u00a0que es m\u00e1s significativo, el nombre de \u00a0quienes \u00a0a \u00a0pesar de haber sido absueltos, hoy reconocen haber formado parte del \u00a0paramilitarismo, \u00a0como \u00a0Salom\u00f3n \u00a0Feris, \u00a0\u2018Ram\u00f3n \u00a0 \u00a0 \u00a0 \u00a0Mojana\u2019\u00a0 o Julio Beltr\u00e1n. \u00a0\u00a0<\/p>\n<p>Ser\u00eda \u00a0una \u00a0necedad, \u00a0entonces, negarle su \u00a0claro \u00a0car\u00e1cter de miembro de aquella organizaci\u00f3n. \u00c9ste, adem\u00e1s, entreg\u00f3 a \u00a0las \u00a0autoridades \u00a0informaci\u00f3n \u00a0que \u00a0permiti\u00f3 \u00a0la \u00a0incautaci\u00f3n \u00a0de material de \u00a0guerra \u00a0de las autodefensas, denunci\u00f3 a quienes hoy son ampliamente reconocidos \u00a0como \u00a0parte \u00a0de \u00a0ese \u00a0grupo \u00a0ilegal \u00a0y \u00a0fue \u00a0visto \u00a0en \u00a0\u00e1reas \u00a0de pleno dominio \u00a0paramilitar en compa\u00f1\u00eda de miembros de la organizaci\u00f3n. \u00a0\u00a0<\/p>\n<p>Obvio \u00a0resulta \u00a0entender que en el esfuerzo \u00a0exculpatorio \u00a0se \u00a0haya \u00a0intentado \u00a0desacreditar \u00a0su \u00a0dicho. \u00a0Con \u00a0todo, tambi\u00e9n \u00a0result\u00f3 \u00a0evidente que en ese af\u00e1n se orquestaron incluso planes rayanos con la \u00a0m\u00e1s \u00a0evidente \u00a0ilegalidad, \u00a0como \u00a0el \u00a0burdo \u00a0montaje \u00a0fraguado en 2001 y que se \u00a0tradujo \u00a0en la supuesta retractaci\u00f3n de sus denuncias a trav\u00e9s de un documento \u00a0enviado \u00a0v\u00eda \u00a0fax \u00a0a \u00a0la \u00a0Procuradur\u00eda Regional de Sucre, lo cual revela c\u00f3mo \u00a0este \u00a0testigo, \u00a0aparte \u00a0de \u00a0colaborar \u00a0con \u00a0la \u00a0justicia \u00a0a \u00a0riesgo de su propia \u00a0integridad, \u00a0encontr\u00e1ndose \u00a0en \u00a0evidente condici\u00f3n de vulnerabilidad frente al \u00a0poderoso \u00a0aparato \u00a0criminal \u00a0de \u00a0las \u00a0autodefensas, \u00a0tuvo adem\u00e1s la entereza de \u00a0denunciar \u00a0oportunamente \u00a0la \u00a0maniobra \u00a0que \u00a0pretend\u00eda \u00a0dejar\u00a0 \u00a0sentada su \u00a0presunta retractaci\u00f3n. \u00a0\u00a0<\/p>\n<p>As\u00ed mismo, se debe aludir al hecho probado \u00a0de \u00a0que \u00a0Castillo \u00a0Peralta \u00a0les \u00a0aport\u00f3 a las autoridades informaci\u00f3n sobre el \u00a0grupo \u00a0paramilitar del llamado Frente La Mojana y que esa informaci\u00f3n fue \u00fatil \u00a0para \u00a0fines \u00a0judiciales, \u00a0como lo hicieron constar procesalmente los miembros de \u00a0los \u00a0 organismos \u00a0 de \u00a0 polic\u00eda \u00a0 judicial \u00a0que \u00a0la \u00a0recaudaron \u00a0y \u00a0procesaron. \u00a0\u00a0<\/p>\n<p>Por \u00a0manera \u00a0que, \u00a0as\u00ed \u00a0como \u00a0en \u00a0muchas \u00a0ocasiones \u00a0el \u00a0testimonio \u00a0de \u00a0las \u00a0v\u00edctimas \u00a0es \u00a0el que resulta relevante para \u00a0individualizar \u00a0a \u00a0los \u00a0perpetradores \u00a0de \u00a0ciertos \u00a0cr\u00edmenes, \u00a0por \u00a0haber \u00a0sido \u00a0precisamente \u00a0los propios afectados quienes los tuvieron a la vista y padecieron \u00a0cada \u00a0uno de los vej\u00e1menes, en otras es el relato de los propios integrantes de \u00a0la \u00a0agrupaci\u00f3n \u00a0ilegal \u00a0el \u00a0que \u00a0permite \u00a0conocer \u00a0las circunstancias en que se \u00a0ejecutaron \u00a0determinados hechos, por provenir de quienes entonces, como miembros \u00a0activos \u00a0del \u00a0grupo marginal, concurrieron a su consumaci\u00f3n, fueron testigos de \u00a0ellos o poseen informaci\u00f3n de tales conductas. \u00a0\u00a0<\/p>\n<p>Castillo \u00a0Peralta \u00a0reconoci\u00f3 haber formado \u00a0parte \u00a0de \u00a0las \u00a0autodefensas de Sucre y, adem\u00e1s, que dentro de su rol funcional \u00a0tuvo \u00a0acceso \u00a0directo a varios de los individuos implicados en los hechos objeto \u00a0de \u00a0valoraci\u00f3n \u00a0en \u00a0este \u00a0fallo, \u00a0circunstancia \u00a0que \u00a0le permiti\u00f3 acceder a la \u00a0informaci\u00f3n por \u00e9l suministrada a las autoridades. \u00a0\u00a0<\/p>\n<p>Agotada la etapa del juicio, tambi\u00e9n qued\u00f3 \u00a0inc\u00f3lume \u00a0una \u00a0circunstancia \u00a0que \u00a0se mencion\u00f3 desde el momento de proferir el \u00a0pliego \u00a0de \u00a0cargos, \u00a0relativa \u00a0a \u00a0que \u00a0si \u00a0bien \u00a0algunas de las revelaciones del \u00a0declarante \u00a0no encontraron respaldo en personas que \u00e9l mencion\u00f3 como testigos, \u00a0tal \u00a0circunstancia \u00a0se \u00a0explica por el evidente designio de estos \u00faltimos de no \u00a0comprometerse penal o disciplinariamente, seg\u00fan el caso. \u00a0\u00a0<\/p>\n<p>Un claro ejemplo que confirma este aserto lo \u00a0constituye \u00a0lo \u00a0vertido \u00a0por \u00a0el \u00a0entonces \u00a0comandante \u00a0de la Primera Brigada de \u00a0Infanter\u00eda \u00a0de \u00a0Marina, \u00a0quien en desarrollo de la investigaci\u00f3n neg\u00f3 haberlo \u00a0conocido, \u00a0como \u00a0tambi\u00e9n \u00a0que \u00a0le hubiera colaborado para que se convirtiera en \u00a0escolta \u00a0de Joaqu\u00edn Garc\u00eda, afirmaciones que contrastan con la versi\u00f3n jurada \u00a0del \u00a0capit\u00e1n \u00a0de \u00a0la \u00a0Polic\u00eda \u00a0Nacional \u00a0Juli\u00e1n Cris\u00f3stomo Caballero Bernal, \u00a0quien \u00a0fuera \u00a0jefe de inteligencia de ese organismo en el departamento de Sucre, \u00a0cuando \u00a0asever\u00f3 \u00a0que \u00a0existieron \u00a0informaciones \u00a0y situaciones que indicaban la \u00a0posible \u00a0vinculaci\u00f3n de aquel oficial de la Armada, precisamente con los grupos \u00a0paramilitares. \u00a0\u00a0<\/p>\n<p>M\u00e1s \u00a0all\u00e1 de si en efecto el alto oficial \u00a0tuvo \u00a0o no v\u00ednculos con los paramilitares, es entendible que hubiese optado por \u00a0negar \u00a0sus \u00a0v\u00ednculos \u00a0con \u00a0aquel \u00a0paramilitar, \u00a0pues \u00a0de haberlos reconocido se \u00a0habr\u00eda \u00a0visto \u00a0envuelto \u00a0en \u00a0una \u00a0investigaci\u00f3n para explicar la relaci\u00f3n, no \u00a0s\u00f3lo \u00a0con \u00a0\u00e9l, \u00a0sino \u00a0principalmente \u00a0con Joaqu\u00edn Garc\u00eda, a quien desde hace \u00a0varios \u00a0lustros \u00a0se \u00a0le \u00a0identifica como uno de los gestores de las autodefensas \u00a0ilegales en esa zona del pa\u00eds. \u00a0\u00a0<\/p>\n<p>No \u00a0debe \u00a0pasarse \u00a0por alto, en cambio, que \u00a0fueron \u00a0precisamente \u00a0el \u00a0Comando y la jefatura de inteligencia del Departamento \u00a0de \u00a0Polic\u00eda \u00a0de \u00a0Sucre \u00a0los \u00a0que por aquella \u00e9poca, pese a estar asediados por \u00a0toda \u00a0suerte \u00a0de \u00a0riesgos \u00a0y \u00a0de \u00a0intrigas \u00a0de alto nivel, abanderaron una lucha \u00a0frontal \u00a0contra el fen\u00f3meno paramilitar, al haberlo identificado como la fuente \u00a0principal \u00a0de \u00a0la inseguridad ciudadana y de la corrupci\u00f3n que para entonces se \u00a0ense\u00f1oreaba en la regi\u00f3n. \u00a0\u00a0<\/p>\n<p>Ahora bien, la veracidad que la Corte otorga \u00a0a \u00a0la \u00a0versi\u00f3n \u00a0de \u00a0Castillo \u00a0Peralta \u00a0aparece \u00a0afianzada, adem\u00e1s, a partir de \u00a0circunstancias \u00a0externas que avalan su dicho, o si se quiere, de otros elementos \u00a0probatorios \u00a0que, \u00a0para \u00a0el \u00a0caso, \u00a0revelan los nexos entre el procesado GARC\u00cdA \u00a0ROMERO \u00a0y \u00a0diferentes \u00a0actores \u00a0armados \u00a0ilegales. \u00a0En \u00a0este \u00a0sentido \u00a0se tiene: \u00a0\u00a0<\/p>\n<p>1.1. \u00a0Las \u00a0relaciones \u00a0con \u00a0Rodrigo Mercado \u00a0Pelufo, alias Cadena \u00a0\u00a0<\/p>\n<p>Este \u00a0 comandante \u00a0paramilitar, \u00a0oriundo \u00a0de \u00a0la \u00a0zona de Macayepo, dirigi\u00f3 el frente \u201cMontes de \u00a0Mar\u00eda\u201d, \u00a0m\u00e1s tarde transformado en bloque \u201cH\u00e9roes Montes de Mar\u00eda\u201d que \u00a0oper\u00f3 \u00a0en \u00a0el \u00a0centro \u00a0y \u00a0norte del departamento de Sucre, causante de las m\u00e1s \u00a0conocidas masacres y desplazamientos de la regi\u00f3n. \u00a0\u00a0<\/p>\n<p>Las \u00a0 \u00a0relaciones \u00a0 entre \u00a0 \u2018Cadena\u2019 y GARC\u00cdA ROMERO aparecen acreditadas \u00a0a trav\u00e9s de las siguientes pruebas: \u00a0\u00a0<\/p>\n<p>\u00a0 \u00a0\u00a0<\/p>\n<p>* La \u00a0declaraci\u00f3n \u00a0 \u00a0 \u00a0de \u00a0 \u00a0 \u00a0Salvatore \u00a0 \u00a0 \u00a0Mancuso16, \u00a0quien \u00a0inform\u00f3 \u00a0c\u00f3mo \u00a0el \u00a0se\u00f1or \u00a0Jorge Anaya, ex gobernador del departamento de\u00a0 Sucre\u00a0 para el \u00a0per\u00edodo \u00a02004-2007, \u00a0aliado \u00a0pol\u00edtico \u00a0del \u00a0acusado, \u00a0fue \u00a0elegido \u00a0gracias \u00a0a \u00a0acuerdos \u00a0pol\u00edticos con las autodefensas pact\u00e1ndose a cambio la entrega de las \u00a0Secretar\u00edas de Educaci\u00f3n y Obras P\u00fablicas. \u00a0 \u00a0\u00a0<\/p>\n<p>A \u00a0ocupar \u00a0la \u00a0primera lleg\u00f3 Oswaldo Ayala \u00a0Bertel, \u00a0hermano \u00a0de \u00a0Mery Ayala, vecina de la residencia del procesado y esposa \u00a0del \u00a0 \u00a0comandante \u00a0 \u00a0paramilitar \u00a0 \u00a0alias \u00a0 \u00a0Cadena17. \u00a0\u00a0<\/p>\n<p>Sobre \u00a0el \u00a0mismo \u00a0tema, hizo saber ese jefe \u00a0paramilitar \u00a0 que \u00a0Willer \u00a0Cobo \u00a0L\u00f3pez \u00a0-no \u00a0\u00c9dward \u00a0Cobos-, \u00a0 quiz\u00e1s \u00a0el \u00a0m\u00e1s \u00a0importante \u00a0relacionista \u00a0pol\u00edtico \u00a0 \u00a0 y \u00a0 \u00a0 financiero \u00a0 \u00a0 con \u00a0 \u00a0 el \u00a0 \u00a0 que \u00a0 \u00a0 cont\u00f3 \u00a0 \u00a0\u2018Cadena\u2019 \u00a0en \u00a0Sucre, \u00a0le \u00a0dio \u00a0a conocer de la \u00a0reuni\u00f3n \u00a0que sostuvo con GARC\u00cdA ROMERO y Salvador Arana para pactar los apoyos \u00a0a \u00a0la \u00a0candidatura \u00a0de \u00a0Jorge \u00a0Anaya \u00a0a \u00a0la gobernaci\u00f3n, versi\u00f3n por lo dem\u00e1s \u00a0ratificada en el juicio. \u00a0\u00a0<\/p>\n<p>De \u00a0esa manera, v\u00e9ase c\u00f3mo no s\u00f3lo Anaya \u00a0involucr\u00f3 \u00a0en \u00a0su \u00a0administraci\u00f3n \u00a0a \u00a0una \u00a0persona \u00a0cercana a Cadena, sino que \u00a0adem\u00e1s, \u00a0el \u00a0procesado \u00a0pact\u00f3 \u00a0el \u00a0apoyo para ese candidato perteneciente a su \u00a0grupo \u00a0 pol\u00edtico, \u00a0 a \u00a0 trav\u00e9s \u00a0 del \u00a0 encargado \u00a0de \u00a0las \u00a0finanzas \u00a0de \u00a0aquel \u00a0paramilitar. \u00a0\u00a0<\/p>\n<p>\u00a0 \u00a0\u00a0<\/p>\n<p>* La \u00a0entrevista \u00a0 brindada \u00a0 por \u00a0 Samir \u00a0 Antonio \u00a0 Otero \u00a0 de \u00a0la \u00a0Ossa18, \u00a0 alias \u00a0\u201cComputador\u201d, \u00a0ante \u00a0la \u00a0Sij\u00edn \u00a0de \u00a0Sucre \u00a0el \u00a01\u00b0 \u00a0de \u00a0diciembre \u00a0de \u00a02006, \u00a0d\u00eda de su captura, cuando \u00a0asever\u00f3 \u00a0 \u00a0 \u00a0en \u00a0 \u00a0 \u00a0entrevista \u00a0 \u00a0 filmada \u00a0por \u00a0funcionarios \u00a0de \u00a0esa \u00a0entidad \u00a0que \u00a0a \u00c1LVARO GARC\u00cdA \u00a0ROMERO \u00a0lo \u00a0conoci\u00f3 \u00a0en \u00a0el \u00a0sitio \u00a0 denominado \u00a0 como \u00a0 Palo \u00a0 de \u00a0 Caucho \u00a0en \u00a0reuniones \u00a0con \u00a0\u2018Cadena\u2019, \u00a0narraci\u00f3n \u00a0espont\u00e1nea \u00a0que \u00a0m\u00e1s \u00a0tarde ratific\u00f3 en declaraci\u00f3n ante un fiscal. \u00a0 \u00a0\u00a0<\/p>\n<p>En la misma fecha y diligencia, Otero de la \u00a0Ossa \u00a0 \u00a0 relat\u00f3 \u00a0 \u00a0las \u00a0circunstancias \u00a0en \u00a0que \u00a0conoci\u00f3 \u00a0a Oswaldo Ayala -el \u00a0mismo \u00a0que \u00a0fue \u00a0nombrado \u00a0secretario \u00a0de \u00a0Educaci\u00f3n de Jorge Anaya-, \u00a0en una reuni\u00f3n con el se\u00f1or \u00c1LVARO GARC\u00cdA ROMERO \u00a0y \u00a0alias \u00a0Cadena, \u00a0donde se tomaron unos \u00a0tragos \u00a0y \u00a0discutieron \u00a0sobre \u00a0el \u00a0cargo \u00a0que \u00a0le iban a dar a Ayala19 \u00a0\u00a0<\/p>\n<p>. \u00a0<\/p>\n<p>Cinco \u00a0meses despu\u00e9s de esta entrevista en \u00a0la \u00a0Sij\u00edn, la misma informaci\u00f3n result\u00f3 confirmada por Salvatore Mancuso ante \u00a0la \u00a0Unidad \u00a0de \u00a0Justicia \u00a0y Paz, cuando dijo c\u00f3mo W\u00edller Cobo L\u00f3pez le hab\u00eda \u00a0informado \u00a0de \u00a0una \u00a0reuni\u00f3n \u00a0en un lugar conocido como Varsovia en la que Arana \u00a0Sus, \u00a0GARC\u00cdA \u00a0ROMERO y Cadena \u00a0acordaron \u00a0el apoyo a Jorge Anaya, pactando que las secretar\u00edas de educaci\u00f3n y \u00a0salud \u00a0 \u00a0 \u00a0 ser\u00edan \u00a0 \u00a0 \u00a0 para \u00a0 \u00a0 \u00a0las \u00a0 \u00a0 \u00a0AUC20. \u00a0\u00a0<\/p>\n<p>Y \u00a0aunque \u00a0posteriormente Samir Otero de la \u00a0Ossa \u00a0 \u00a0 \u00a0 \u00a0 \u00a0pretendi\u00f3 \u00a0 \u00a0 \u00a0 \u00a0 \u00a0retractarse21 \u00a0sosteniendo \u00a0en este juicio \u00a0que \u00a0en \u00a0la \u00a0entrevista \u00a0de \u00a0la \u00a0Sijin \u00a0su \u00a0dicho \u00a0no \u00a0fue \u00a0ver\u00eddico por cuanto \u00a0previamente \u00a0se \u00a0le \u00a0instruy\u00f3 \u00a0sobre \u00a0los \u00a0nombres \u00a0de \u00a0las personas que deb\u00eda \u00a0mencionar \u00a0en su entrevista, los cuales adem\u00e1s fueron anotados en un cartel que \u00a0se \u00a0le \u00a0puso \u00a0en \u00a0frente \u00a0a \u00a0la \u00a0hora \u00a0de la filmaci\u00f3n para que los leyera, tal \u00a0versi\u00f3n debe rechazarse por inveros\u00edmil. \u00a0\u00a0<\/p>\n<p>En \u00a0efecto, \u00a0hay \u00a0que \u00a0rememorar \u00a0que \u00a0este \u00a0miembro \u00a0de \u00a0las \u00a0autodefensas fue capturado en Cartagena el 1\u00ba de diciembre de \u00a02006 \u00a0sobre \u00a0la \u00a0a \u00a0la 1:30 p.m., siendo trasladado ese mismo d\u00eda a la Sijin de \u00a0Sincelejo \u00a0por \u00a0agentes \u00a0del CTI, a donde llegaron a las 7:30. La entrevista que \u00a0fue \u00a0filmada \u00a0comenz\u00f3, \u00a0seg\u00fan \u00a0dijo \u00a0el \u00a0declarante, \u00a0una hora despu\u00e9s.\u00a0 \u00a0\u00a0<\/p>\n<p>Naturalmente, \u00a0no \u00a0es \u00a0posible creer que en \u00a0menos \u00a0de \u00a0una hora investigadores de la Sij\u00edn, que nada tienen que ver con las \u00a0investigaciones \u00a0adelantadas \u00a0por la Corte contra Congresistas por v\u00ednculos con \u00a0el \u00a0paramilitarismo, \u00a0fraguaran \u00a0semejante \u00a0plan, \u00a0tuvieran \u00a0tiempo \u00a0de preparar \u00a0carteles \u00a0y \u00a0torpemente \u00a0se dispusieran a exhibirlos al entrevistado en un sitio \u00a0por \u00a0 donde \u00a0 pasaban \u00a0continuamente \u00a0otros \u00a0funcionarios \u00a0de \u00a0la \u00a0instituci\u00f3n. \u00a0\u00a0<\/p>\n<p>Aquella \u00a0versi\u00f3n no se \u00a0sostiene \u00a0ante \u00a0la m\u00e1s elemental confrontaci\u00f3n, como se ha venido demostrando. \u00a0Basta \u00a0reparar, \u00a0como lo mencionara el Fiscal en el juicio, que en la entrevista \u00a0filmada \u00a0se \u00a0observa \u00a0al \u00a0entrevistado tranquilo, dirigiendo espont\u00e1neamente su \u00a0mirada \u00a0a \u00a0sus \u00a0interrogadores, sin que en ning\u00fan momento se aprecie que estaba \u00a0mirando \u00a0a \u00a0un punto fijo, que sugiriera o insinuara siquiera que estaba leyendo \u00a0\u2013como \u00a0 \u00a0 \u00a0lo \u00a0 \u00a0 \u00a0afirm\u00f3\u2013; \u00a0las \u00a0pausas \u00a0las \u00a0hizo \u00a0para \u00a0que \u00a0quien \u00a0escrib\u00eda \u00a0copiara \u00a0sus \u00a0palabras, \u00a0sin \u00a0que \u00a0se \u00a0le observe en actitud de estar leyendo alg\u00fan texto que \u00a0tuviera el entrevistador. \u00a0\u00a0<\/p>\n<p>Adicionalmente, el ritmo \u00a0de \u00a0su \u00a0relato en la grabaci\u00f3n no es compatible con ninguna \u201cedici\u00f3n\u201d como \u00a0lo \u00a0sugiri\u00f3 la defensa; se trat\u00f3 de suspensiones que hac\u00eda el filmador por la \u00a0evidente \u00a0necesidad \u00a0de asegurar la intimidad de la diligencia ante la presencia \u00a0espor\u00e1dica \u00a0en \u00a0el \u00a0sitio \u00a0de \u00a0personas ajenas a ella, por hallarse en un lugar \u00a0improvisado \u00a0 dentro \u00a0de \u00a0la \u00a0Sij\u00edn \u00a0y \u00a0no \u00a0en \u00a0uno \u00a0aislado \u00a0para \u00a0el \u00a0efecto. \u00a0\u00a0<\/p>\n<p>De suyo, el celo por la \u00a0reserva \u00a0de \u00a0lo que alias Computador dec\u00eda, y la filmaci\u00f3n misma, denotan algo \u00a0que \u00a0era \u00a0evidente \u00a0para \u00a0los efectivos de la Sij\u00edn: el riesgo de muerte que se \u00a0cern\u00eda \u00a0sobre \u00a0aquellos \u00a0que \u00a0en \u00a0Sucre procedieran a declarar en contra de los \u00a0paramilitares o de la clase pol\u00edtica que los prohijaba. \u00a0\u00a0<\/p>\n<p>As\u00ed mismo, es un hecho \u00a0cierto \u00a0que \u00a0las \u00a0otras \u00a0personas \u00a0mencionadas \u00a0por \u00a0Otero \u00a0de \u00a0la \u00a0Ossa \u00a0en esa \u00a0entrevista,\u00a0 \u00a0tuvieron \u00a0v\u00ednculos \u00a0directos con el paramilitarismo. Se hizo \u00a0referencia \u00a0a Muriel de Jes\u00fas Benitorevollo, Freddy Villa; Nelson Stamp Berr\u00edo \u00a0y \u00a0Walberto \u00a0Estrada \u00a0diputados;\u00a0 \u00a0Jorge \u00a0Blanco \u00a0Fuentes y a Sabas Enrique \u00a0Balseiro, \u00a0 exalcaldes \u00a0 de \u00a0 San \u00a0 Onofre22. \u00a0\u00a0<\/p>\n<p>Finalmente, \u00a0su \u00a0dicho \u00a0result\u00f3 \u00a0plenamente \u00a0consecuente \u00a0con \u00a0las incidencias del proyecto paramilitar \u00a0que \u00a0 meses \u00a0 despu\u00e9s \u00a0 relat\u00f3 \u00a0 el \u00a0propio \u00a0Mancuso \u00a0en \u00a0su \u00a0versi\u00f3n \u00a0libre. \u00a0\u00a0<\/p>\n<p>\u00a0 \u00a0\u00a0<\/p>\n<p>* La \u00a0declaraci\u00f3n \u00a0de Sadys Enrique R\u00edos P\u00e9rez, empleado de un granero administrado \u00a0por \u00a0una \u00a0hermana \u00a0de \u00a0alias \u00a0Cadena \u00a0y \u00a0quien \u00a0fungi\u00f3 \u00a0como \u00a0conductor \u00a0en \u00a0la \u00a0organizaci\u00f3n \u00a0ilegal \u00a0transportando \u00a0personal, \u00a0v\u00edveres \u00a0y \u00a0otras \u00a0encomiendas \u00a0ordenadas \u00a0por \u00a0aquel \u00a0cabecilla, \u00a0rendida \u00a0el \u00a022 y 23 de febrero de 2006 en la \u00a0Fiscal\u00eda \u00a0General de la Naci\u00f3n, en la que mencion\u00f3 haber presenciado al menos \u00a0dos \u00a0reuniones \u00a0entre \u00a0el \u00a0senador \u00a0GARC\u00cdA ROMERO y el citado jefe paramilitar, \u00a0quienes, \u00a0seg\u00fan \u00a0dijo, \u00a0exhib\u00edan \u00a0familiaridad \u00a0y confianza en su trato.\u00a0 \u00a0 \u00a0\u00a0<\/p>\n<p>Sostuvo \u00a0R\u00edos \u00a0P\u00e9rez \u00a0que \u00a0\u2018Cadena\u2019, \u00a0por \u00a0all\u00e1 en 2003, sol\u00eda reunirse \u00a0frecuentemente \u00a0en \u00a0las \u00a0fincas \u00a0El Palmar, Los \u00c1ngeles y La Setenta con varios \u00a0dirigentes \u00a0pol\u00edticos, \u00a0entre los que destac\u00f3 a \u00c1LVARO GARC\u00cdA ROMERO. En una \u00a0de \u00a0ellas, \u00a0la \u00a0de Los \u00c1ngeles, lo record\u00f3 bien el testigo, la reuni\u00f3n debi\u00f3 \u00a0interrumpirse \u00a0por \u00a0la \u00a0intempestiva \u00a0presencia \u00a0de \u00a0la \u00a0fuerza p\u00fablica, lo que \u00a0ocasion\u00f3 \u00a0entre \u00a0otras \u00a0cosas \u00a0la furia del comandante, quien ejecut\u00f3 a uno de \u00a0los \u00a0integrantes \u00a0de \u00a0los anillos de seguridad por no cuidar bien de la acordada \u00a0clandestinidad. \u00a0Este \u00a0hecho \u00a0contingente \u00a0permite \u00a0resaltar \u00a0la \u00a0manera como el \u00a0testigo \u00a0 percibi\u00f3, \u00a0 record\u00f3 \u00a0 y \u00a0refiri\u00f3 \u00a0hechos \u00a0y \u00a0la \u00a0gravedad \u00a0de \u00a0unos \u00a0acontecimientos \u00a0dram\u00e1ticos que le ayudaron a evocar con precisi\u00f3n detalles de \u00a0la reuni\u00f3n, de sus asistentes y de su brusca terminaci\u00f3n. \u00a0\u00a0<\/p>\n<p>S\u00famese \u00a0a ello que el declarante rememor\u00f3 \u00a0bien \u00a0 los \u00a0constantes \u00a0encuentros \u00a0entre \u00a0el \u00a0senador \u00a0y \u00a0l\u00edderes \u00a0paramilitares, no s\u00f3lo por lo acontecido \u00a0en \u00a0el \u00a0episodio \u00a0que \u00a0se \u00a0acaba \u00a0de \u00a0indicar, \u00a0sino porque en las declaraciones \u00a0rendidas \u00a0los \u00a0d\u00edas \u00a022 \u00a0y \u00a023 de febrero y el 29 de noviembre de 2006, ante la \u00a0Unidad \u00a0de \u00a0Derechos \u00a0Humanos \u00a0de \u00a0la \u00a0Fiscal\u00eda\u00a0 \u00a0ya \u00a0hab\u00eda se\u00f1alado que \u00a0constantemente \u00a0el \u00a0pol\u00edtico \u00a0se \u00a0reun\u00eda \u00a0con \u00a0los \u00a0jefes de las autodefensas. \u00a0\u00a0<\/p>\n<p>Y \u00a0si \u00a0bien este testigo luego se retract\u00f3 \u00a023 \u00a0\u00a0<\/p>\n<p>, \u00a0aduciendo que no hab\u00eda sido m\u00e1s que un \u00a0simple \u00a0\u201cmandadero\u201d de alias Cadena, a quien s\u00f3lo llevaba los pedidos a sus \u00a0fincas, \u00a0esta \u00a0\u00faltima \u00a0versi\u00f3n \u00a0no \u00a0admite una cr\u00edtica seria pues de ser ello \u00a0cierto, \u00a0c\u00f3mo \u00a0puede \u00a0explicarse \u00a0que \u00a0R\u00edos \u00a0P\u00e9rez \u00a0en su momento haya podido \u00a0informar \u00a0a \u00a0las \u00a0autoridades \u00a0sobre ubicaci\u00f3n de fosas comunes de v\u00edctimas de \u00a0las \u00a0autodefensas \u00a0y otros datos que \u00fanicamente es posible obtenerlos militando \u00a0y \u00a0permaneciendo \u00a0dentro \u00a0de esa organizaci\u00f3n, y nunca relacion\u00e1ndose con ella \u00a0como un casual transe\u00fante. \u00a0\u00a0<\/p>\n<p>Se \u00a0aprecia que este declarante quiso en el \u00a0juicio \u00a0restarle \u00a0importancia \u00a0a \u00a0su \u00a0relaci\u00f3n \u00a0habitual \u00a0con \u00a0aquel comandante \u00a0limit\u00e1ndola \u00a0falsamente \u00a0a \u00a0momentos \u00a0incidentales, \u00a0con \u00a0el \u00a0fin \u00a0evidente \u00a0de \u00a0sostener \u00a0que \u00a0por \u00a0su \u00a0trato \u00a0intermitente \u00a0con \u00e9ste no pudo conocer relaci\u00f3n \u00a0alguna entre pol\u00edticos y autodefensas.\u00a0 \u00a0\u00a0<\/p>\n<p>Es notoria entonces la intenci\u00f3n dolosa de \u00a0sus \u00a0retractaciones, mediante declaraciones que no soportan ser contrastadas con \u00a0los \u00a0medios \u00a0de prueba disponibles, mientras que sus primeras salidas procesales \u00a0concuerdan con ellas. \u00a0\u00a0<\/p>\n<p>En consecuencia, es menester expedir copias \u00a0para \u00a0que \u00a0se le investigue por el delito de falso testimonio en que pudo quedar \u00a0incurso por la declaraci\u00f3n suministrada en este juicio. \u00a0\u00a0<\/p>\n<p>\u00a0 \u00a0\u00a0<\/p>\n<p>* La \u00a0declaraci\u00f3n \u00a0 \u00a0de \u00a0 \u00a0Luis \u00a0 Eduardo \u00a0 Ur\u00e1n \u00a0 Lara24, otro lugarteniente de alias \u00a0Cadena, \u00a0quien refiri\u00f3 c\u00f3mo en dos o tres ocasiones concurri\u00f3 el procesado en \u00a0las \u00a0fincas \u00a0\u201cCero \u00a0Nueve\u201d \u00a0y \u201cEl Caucho\u201d, con el fin de hacer entrega a \u00a0trav\u00e9s \u00a0de \u00a0sus escoltas de pagos bimensuales, destinados a sostener el aparato \u00a0paramilitar. \u00a0 \u00a0\u00a0<\/p>\n<p>Y \u00a0si \u00a0bien \u00a0la defensa trajo a juicio como \u00a0testigo \u00a0 a \u00a0 Jairo \u00a0 Alberto \u00a0 Verbel \u00a0Villadiego, \u00a0alias \u00a0Monoloco25, \u00a0con el fin \u00a0de \u00a0desacreditar \u00a0tanto la versi\u00f3n de Ur\u00e1n Lara como la de Sadys Enrique R\u00edos \u00a0P\u00e9rez, \u00a0lo \u00a0cierto \u00a0es que ese testimonio de descargo no resulta de recibo para \u00a0esta Corporaci\u00f3n. \u00a0\u00a0<\/p>\n<p>En efecto, baste mencionar que\u00a0 si bien \u00a0Jairo \u00a0Alberto \u00a0Verbel \u00a0Villadiego \u00a0alias \u00a0Mono Loco neg\u00f3 aquella militancia de \u00a0Ur\u00e1n \u00a0Lara \u00a0y \u00a0Sadys \u00a0Enrique \u00a0R\u00edos \u00a0P\u00e9rez, \u00a0argumentando que \u00e9l conoci\u00f3 el \u00a0nombre \u00a0y \u00a0apellido de todos los 700 integrantes del Bloque h\u00e9roes de Montes de \u00a0Mar\u00eda, \u00a0al \u00a0ser \u00a0confrontado \u00a0por \u00a0la \u00a0Fiscal\u00eda en torno a si dentro del grupo \u00a0hab\u00eda \u00a0otros \u00a0miembros \u00a0apodados \u00a0como \u00a0\u00e9l, \u00a0manifest\u00f3 \u00a0que \u00a0s\u00ed, pero que no \u00a0conoc\u00eda \u00a0sus \u00a0nombres, \u00a0con \u00a0lo \u00a0que \u00a0a pesar de su esfuerzo, se desmiente casi \u00a0inocentemente. \u00a0Si \u00a0no conoc\u00eda c\u00f3mo se llamaban los que respond\u00edan a su mismo \u00a0remoquete, \u00a0c\u00f3mo \u00a0creerle \u00a0entonces \u00a0que \u00a0conociera \u00a0los \u00a0nombres \u00a0de todos los \u00a0integrantes de la agrupaci\u00f3n. \u00a0\u00a0<\/p>\n<p>As\u00ed \u00a0las \u00a0cosas, \u00a0respecto de esta persona \u00a0ser\u00e1 necesaria la expedici\u00f3n de copias por falso testimonio. \u00a0\u00a0<\/p>\n<p>Tambi\u00e9n \u00a0la \u00a0defensa \u00a0pretendi\u00f3 demostrar \u00a0contradicciones \u00a0insalvables \u00a0de \u00a0la \u00a0declaraci\u00f3n de Ur\u00e1n Lara, por cuanto \u00e9l \u00a0ocult\u00f3 haber desempe\u00f1ado otras actividades en San Onofre. \u00a0\u00a0<\/p>\n<p>Al \u00a0respecto, \u00a0bien \u00a0vale \u00a0se\u00f1alar \u00a0que la \u00a0censura \u00a0tendr\u00eda \u00a0raz\u00f3n \u00a0si \u00a0los \u00a0hechos \u00a0a \u00a0los \u00a0cuales se refiere el testigo \u00a0hubiesen \u00a0ocurrido \u00a0simult\u00e1neamente, \u00a0cuando desarrollaba labores en San Onofre \u00a0para \u00a0la organizaci\u00f3n armada ilegal. Mas, de lo que se trata es de entender que \u00a0el \u00a0testigo \u00a0narr\u00f3 \u00a0acontecimientos \u00a0que se produjeron en contextos hist\u00f3ricos \u00a0diferentes, \u00a0que \u00a0confirman la forma relativamente asidua como GARC\u00cdA ROMERO se \u00a0reun\u00eda con los jefes paramilitares.\u00a0 \u00a0\u00a0<\/p>\n<p>1.2. \u00a0Las \u00a0relaciones \u00a0con \u00a0otras \u00a0personas \u00a0vinculadas a la organizaci\u00f3n paramilitar \u00a0\u00a0<\/p>\n<p>Es \u00a0un hecho notorio que el Senador GARC\u00cdA \u00a0ROMERO \u00a0estuvo \u00a0rodeado \u00a0de personas que a la postre, pudo comprobarse, hicieron \u00a0parte \u00a0o \u00a0tuvieron \u00a0relaciones con los grupos armados ilegales con asiento en el \u00a0departamento de Sucre. \u00a0\u00a0<\/p>\n<p>Prueba de ello son sus cercanos nexos con el \u00a0ganadero \u00a0Joaqu\u00edn Garc\u00eda, reconocido auspiciador de las autodefensas unidas de \u00a0Colombia, \u00a0precisamente \u00a0el \u00a0mismo \u00a0con \u00a0quien convers\u00f3 acerca de la incursi\u00f3n \u00a0paramilitar \u00a0a \u00a0Macayepo, \u00a0hecho \u00a0que \u00a0adelante \u00a0tratar\u00e1 \u00a0la Sala a espacio por \u00a0constituir cargo independiente contra el ex Senador. \u00a0\u00a0<\/p>\n<p>Por ahora, baste mencionar que acerca de su \u00a0estrecha \u00a0 \u00a0relaci\u00f3n \u00a0 \u00a0declar\u00f3 \u00a0 Orlando \u00a0 Rodr\u00edguez \u00a0 Mart\u00ednez26, \u00a0 antiguo \u00a0l\u00edder \u00a0 pol\u00edtico \u00a0 del \u00a0 grupo \u00a0del \u00a0acusado, \u00a0quien \u00a0dijo \u00a0haber \u00a0conocido \u00a0a \u00a0Joaqu\u00edn \u00a0Garc\u00eda \u00a0por \u00a0intermedio del senador \u00c1LVARO \u00a0GARC\u00cdA \u00a0en \u00a0su \u00a0propia \u00a0oficina, donde el primero se ufanaba de ser financiador \u00a0paramilitar \u00a0 -resalta \u00a0la \u00a0Sala- \u00a0y \u00a0pregonaba \u00a0repetidamente \u00a0que \u00a0quien \u00a0no \u00a0le \u00a0cancelaba \u00a0sus \u00a0deudas \u00a0se \u00a0las \u00a0ten\u00eda \u00a0que \u00a0ver \u00a0con \u00a0las \u00a0AUC \u00a0y \u00a0con \u00a0un tal \u00a0\u2018Cadena\u2019.\u00a0 \u00a0\u00a0<\/p>\n<p>Expuso \u00a0adem\u00e1s \u00a0c\u00f3mo \u00a0Joaqu\u00edn Garc\u00eda se \u00a0jactaba \u00a0de \u00a0utilizar \u00a0al \u00a0Senador para que moviera sus influencias en la Armada \u00a0Nacional, \u00a0asuntos \u00a0que \u00a0revelan \u00a0de \u00a0nuevo la vinculaci\u00f3n innegable de \u00c1LVARO \u00a0GARC\u00cdA \u00a0ROMERO \u00a0con \u00a0la \u00a0promoci\u00f3n \u00a0y el respaldo a la causa paramilitar, dato \u00a0adem\u00e1s \u00a0relevante en torno al cargo elevado contra el ex Senador por los hechos \u00a0violentos \u00a0 conocidos \u00a0 como \u00a0 \u201cMasacre \u00a0 de \u00a0 Macayepo\u201d, \u00a0que \u00a0adelante \u00a0se \u00a0precisar\u00e1n. \u00a0\u00a0<\/p>\n<p>De \u00a0otra parte, los diputados a la Asamblea \u00a0de \u00a0Sucre \u00a0\u00c1NGEL VILLARREAL, JOHNNY VILLA, NELSON STAMP y WALBERTO ESTRADA, con \u00a0quienes \u00a0GARC\u00cdA ROMERO hab\u00eda conformado una alianza pol\u00edtica en Sucre, fueron \u00a0tambi\u00e9n \u00a0procesados \u00a0por \u00a0concierto para delinquir agravado por tener v\u00ednculos \u00a0con \u00a0 \u00a0 \u00a0 \u00a0organizaciones \u00a0 \u00a0 \u00a0 \u00a0paramilitares27, circunstancia reveladora si \u00a0se \u00a0considera \u00a0que \u00a0se trata de personas con las cuales el procesado desarroll\u00f3 \u00a0su actividad pol\u00edtica en Sucre. \u00a0\u00a0<\/p>\n<p>Y \u00a0aunque \u00a0uno \u00a0de \u00a0ellos, \u00a0el se\u00f1or Stamp \u00a0Berr\u00edo, \u00a0asegur\u00f3 que el congresista GARC\u00cdA ROMERO y Eric Julio Morris Taboada \u00a0fueron \u00a0objetivo \u00a0militar \u00a0del \u00a0paramilitarismo, su dicho result\u00f3 completamente \u00a0contraevidente \u00a0y \u00a0hu\u00e9rfano \u00a0de \u00a0cualquier \u00a0respaldo \u00a0en \u00a0el \u00a0restante material \u00a0probatorio. \u00a0\u00a0<\/p>\n<p>Otro \u00a0tanto \u00a0ha de afirmarse de su estrecha \u00a0relaci\u00f3n \u00a0con \u00a0Salvador \u00a0Arana \u00a0Sus, \u00a0ex \u00a0Gobernador de Sucre, y con Eric Julio \u00a0Morris \u00a0Taboada, \u00a0quien \u00a0adem\u00e1s de ocupar esa alta dignidad fue Representante a \u00a0la \u00a0 C\u00e1mara \u00a0en \u00a0el \u00a0periodo \u00a02002 \u00a0y \u00a02006, \u00a0ambos \u00a0condenados \u00a0por \u00a0la \u00a0Corte \u00a0precisamente por sus v\u00ednculos con grupos paramilitares. \u00a0\u00a0<\/p>\n<p>Asimismo, \u00a0no \u00a0sobra \u00a0recordar \u00a0que \u00a0GARC\u00cdA \u00a0ROMERO \u00a0incluy\u00f3 \u00a0dentro \u00a0de \u00a0su \u00a0f\u00f3rmula \u00a0a \u00a0la \u00a0C\u00e1mara \u00a0en \u00a0las cuestionadas \u00a0elecciones \u00a0parlamentarios \u00a0de \u00a0marzo de 2002 al se\u00f1or Jorge Luis Feris Chadid, \u00a0llamado \u00a0a \u00a0juicio \u00a0como \u00a0uno \u00a0de \u00a0los \u00a0pol\u00edticos que suscribi\u00f3 el \u201cPacto de \u00a0Ralito\u201d, \u00a0quien \u00a0adem\u00e1s \u00a0es hermano del comandante paramilitar Salom\u00f3n Feris \u00a0Chadid, alias \u201c08\u201d. \u00a0\u00a0<\/p>\n<p>Todas \u00a0estas alianzas, sin duda, revelan que \u00a0GARC\u00cdA \u00a0 ROMERO \u00a0 estaba \u00a0 en \u00a0esa \u00a0\u00e9poca \u00a0rodeado \u00a0de \u00a0personas \u00a0e \u00a0intereses \u00a0manifiestamente afines con la causa paramilitar. \u00a0\u00a0<\/p>\n<p>1.3. \u00a0 La \u00a0informaci\u00f3n \u00a0recogida \u00a0en \u00a0el \u00a0computador de alias Antonio. \u00a0\u00a0<\/p>\n<p>Producto \u00a0 de \u00a0 la \u00a0incautaci\u00f3n \u00a0de \u00a0los \u00a0computadores \u00a0del \u00a0paramilitar \u00c9dgar Ignacio Fierro Fl\u00f3rez, alias Don Antonio, \u00a0se \u00a0conoci\u00f3 \u00a0importante \u00a0informaci\u00f3n acerca de la forma en que este individuo, \u00a0quien \u00a0se \u00a0encontraba \u00a0bajo \u00a0el \u00a0mando \u00a0de \u00a0Rodrigo \u00a0Tovar Pupo, alias Jorge 40, \u00a0pretendi\u00f3 \u00a0tomar el control pol\u00edtico de Sucre en las elecciones parlamentarias \u00a0de \u00a02006, dejando a su vez al descubierto, la relaci\u00f3n sostenida de anta\u00f1o por \u00a0\u00c1LVARO GARC\u00cdA ROMERO con la organizaci\u00f3n paramilitar. \u00a0\u00a0<\/p>\n<p>En efecto, acerca de tal prop\u00f3sito declar\u00f3 \u00a0Fierro \u00a0Fl\u00f3rez28, \u00a0informando \u00a0que \u00a0una \u00a0vez \u00a0desmovilizado el Bloque H\u00e9roes de los \u00a0Montes \u00a0de \u00a0Mar\u00eda, \u00a0en su calidad de comandante militar del Atl\u00e1ntico adscrito \u00a0al \u00a0 Bloque \u00a0Norte, \u00a0le \u00a0encomendaron \u00a0iniciar \u00a0un \u00a0proyecto \u00a0para \u00a0retomar \u00a0los \u00a0departamentos \u00a0de \u00a0Sucre \u00a0y Bol\u00edvar,\u00a0 motivo por el cual Willer Cobo\u00a0 \u00a0convoc\u00f3 \u00a0a \u00a0personalidades \u00a0de esos dos departamentos a iniciar el proyecto que \u00a0denominaron \u201cFrente Social por la Paz\u201d. \u00a0\u00a0<\/p>\n<p>La\u00a0 \u00a0reuni\u00f3n, llevada a cabo en enero \u00a0de \u00a02006 fue grabada por alias Don Antonio, informaci\u00f3n que\u00a0 guard\u00f3 en su \u00a0computador \u00a0sin \u00a0alteraci\u00f3n alguna y en estas condiciones lleg\u00f3 a manos de las \u00a0autoridades \u00a0 en \u00a0 el \u00a0momento \u00a0de \u00a0su \u00a0incautaci\u00f3n29, \u00a0a \u00a0la cual asisti\u00f3, entre \u00a0otras \u00a0personas, \u00a0Carlos \u00a0Mario \u00a0Garc\u00eda \u00a0\u00c1vila, alias \u201cGonzalo\u201d comandante \u00a0pol\u00edtico \u00a0de \u00a0Don \u00a0Antonio, cuya intervenci\u00f3n, dada la relevancia que tiene en \u00a0este asunto, bien est\u00e1 traer a colaci\u00f3n: \u00a0\u00a0<\/p>\n<p>\u201c\u2026 \u00a0 \u00a0Comandante \u00a0 yo \u00a0 asumo \u00a0 la \u00a0responsabilidad \u00a0de \u00a0todo \u00a0este \u00a0equipo \u00a0pol\u00edtico\u2026 \u00a0seremos \u00a0los \u00a0principales \u00a0cr\u00edticos \u00a0y \u00a0quienes ejerzamos el mayor control pol\u00edtico sobre la gobernaci\u00f3n \u00a0del \u00a0departamento \u00a0de Sucre, que no es nuestra, esa es del Gordo, no es nuestra, \u00a0de \u00a0 nuestro \u00a0 equipo \u00a0 pol\u00edtico \u00a0 si \u00a0 tiene \u00a0 que \u00a0 salir \u00a0 nuestra \u00a0pr\u00f3xima \u00a0gobernaci\u00f3n\u2026.\u201d30 \u00a0\u00a0<\/p>\n<p>\u201c\u2026Nosotros vamos a competir pero es con \u00a0gente \u00a0y \u00a0con \u00a0pueblo \u00a0y \u00a0bases. [\u2026] Yo pienso que todos los que estamos aqu\u00ed \u00a0bases \u00a0estaremos \u00a0all\u00e1, \u00a0yo pienso que lo de Muriel, porque nosotros no tenemos \u00a0otra \u00a0alternativa, nosotros para pensar en el futuro o era Merlano, o era Muriel \u00a0o \u00a0era GARC\u00cdA, a GARC\u00cdA\u00a0 le dije porque no nos fuimos, GARC\u00cdA nos dio la \u00a0subvenci\u00f3n \u00a0Dessalud \u00a0P\u00fablica\u00a0 \u00a0nos \u00a0dio \u00a0a \u00a0manejar \u00a0tres mil doscientos \u00a0millones de pesos departamental. \u00a0\u00a0<\/p>\n<p>&#8230;&#8230;Me dijo Walter el mejor pa que tenga \u00a0conocimiento \u00a0del \u00a0departamento \u00a0de \u00a0Sucre \u00a0y \u00a0nos va a quedar para subsanar las \u00a0deudas, \u00a0despu\u00e9s se hizo una reuni\u00f3n a los cinco d\u00edas y nos dijeron ya no son \u00a03 \u00a0mil \u00a0doscientos \u00a0son \u00a0mil seiscientos a los cinco d\u00edas nos dijeron ya no son \u00a0mil \u00a0seiscientos son ochocientos, posteriormente nos dicen mire que pena pero es \u00a0que \u00a0el \u00a0Gobernador \u00a0ten\u00eda que pagar unas platas ya no son ochocientos sino que \u00a0van \u00a0para \u00a0un \u00a0proyecto \u00a0de\u2026.trescientos \u00a0millones \u00a0de pesos\u00a0 de tres mil \u00a0doscientos \u00a0mire \u00a0a \u00a0donde \u00a0nos llevan, \u2026..nos dicen viejo Walter qu\u00e9 hacemos \u00a0coj\u00e1moslo \u00a0y \u00a0algo \u00a0hacemos \u00a0y \u00a0algo \u00a0nos \u00a0queda, \u00a0posteriormente nos dicen son \u00a0sesenta \u00a0y cinco millones de pesos lo que le vamos a dar no le vamos a dar m\u00e1s, \u00a0h\u00e1ganse \u00a0un \u00a0proyecto \u00a0de anticonceptivos y charlas en San Antonio de palmitos, \u00a0mandamos \u00a0hacer \u00a0el \u00a0proyecto \u00a0nos \u00a0dieron \u00a0unas especificaciones t\u00e9cnicas, nos \u00a0cobraron \u00a0un \u00a0mill\u00f3n \u00a0de pesos por el proyecto, lo metimos y posteriormente nos \u00a0dijeron \u00a0que \u00a0se \u00a0lo \u00a0hab\u00edan \u00a0dado \u00a0a \u00a0la \u00a0Universidad \u00a0de Sucre, no nos dieron \u00a0nada\u201d31. \u00a0\u00a0<\/p>\n<p>\u201c\u2026\u00a0 C\u00f3mo quieren la negociaci\u00f3n \u00a0con \u00a0el \u00a0GORDO: que est\u00e9 yo solo, que estemos todos (\u2026) como ustedes quieran, \u00a0ustedes tienen tanta confianza\u2026 \u00a0\u00a0<\/p>\n<p>El \u00a070%, se\u00f1ores, de la votaci\u00f3n para el \u00a0Senado \u00a0 va \u00a0 con \u00a0 \u00c1LVARO \u00a0 GARC\u00cdA \u00a0 (\u2026) \u00a0 pues \u00a0 vamos \u00a0 a \u00a0 negociar \u00a0con \u00a0GARC\u00cdA&#8230;\u201d32 \u00a0\u00a0<\/p>\n<p>A \u00a0 su \u00a0 turno, \u00a0haciendo \u00a0referencia \u00a0al \u00a0procesado, \u00a0el \u00a0excomandante \u00a0pol\u00edtico \u00a0del Frente Jos\u00e9 Pablo D\u00edaz Aroca, del \u00a0Atl\u00e1ntico, \u00a0\u00c9dgar \u00a0Ignacio \u00a0Fierro \u00a0Fl\u00f3rez, \u00a0alias \u00a0Don \u00a0Antonio, \u00a0sostuvo un \u00a0di\u00e1logo \u00a0cruzado \u00a0con \u00a0varios de los asistentes a la reuni\u00f3n, algunos de ellos \u00a0identificados \u00a0 en \u00a0 el \u00a0 contexto \u00a0 mismo \u00a0 de \u00a0 la \u00a0conversaci\u00f3n, \u00a0otros \u00a0no, \u00a0as\u00ed33: \u00a0\u00a0<\/p>\n<p>\u201cDon \u00a0Antonio: \u00a0\u2026 \u00a0Pa\u00b4 que vaya DON GONZALO cuando hable \u00a0con \u00a0\u00c1LVARO \u00a0GARC\u00cdA \u00a0y \u00a0le \u00a0diga \u00a0que le vamos a poner veinte mil, quince mil, \u00a0treinta \u00a0mil \u00a0votos, \u00a0pa\u00b4 tener ese punto de referencia como negociaci\u00f3n, nada \u00a0de recursos financieros, lo que llegue en el futuro\u2026 \u00a0\u00a0<\/p>\n<p>Perdona, perdona FREDDY, FREDDY, esta gente \u00a0de MORRIS va completa con GARC\u00cdA. \u00a0\u00a0<\/p>\n<p>Freddy: \u00a0Claro, \u00a0por eso te digo\u2026 \u00a0\u00a0<\/p>\n<p>Otro:\u00a0 Aqu\u00ed \u00a0van \u00a0diez mil votos, viejo\u2026. Ya sabemos que con TO\u00d1O ya saben\u2026 y los dem\u00e1s \u00a0van \u00a0con \u00a0nosotros \u00a0y \u00a0lo \u00a0que \u00a0podemos \u00a0conseguir\u2026 \u00a0pues disculpa, d\u00e1noslo a \u00a0nosotros. \u00a0Entonces vamos a definir. Sobre los de \u00c1LVARO GARC\u00cdA, al alcalde le \u00a0vamos \u00a0a decir:\u00a0 \u2018T\u00fa \u00a0le \u00a0 \u00a0vas \u00a0 \u00a0a \u00a0 decir \u00a0 nosotros \u00a0 tenemos \u00a0 veinticinco \u00a0 mil, \u00a0 treinta \u00a0 mil \u00a0votos\u2026\u2019. \u00a0\u00a0<\/p>\n<p>Antonio: \u00a0\u00bfCu\u00e1nto \u00a0valen los veinte mil o treinta mil votos que vamos a poner? Eso valen \u00a0diga \u00a0usted \u00a0un \u00a0mill\u00f3n de pesos de publicidad, los treinta mil votos valen mil \u00a0millones, quinientos, ochocientos\u2026 ya eso lo cuadran ustedes. \u00a0\u00a0<\/p>\n<p>Yo \u00a0les \u00a0dije que a eso tienen que ponerle \u00a0fecha\u2026 hablen con \u00c1LVARO GARC\u00cdA. \u00a0\u00a0<\/p>\n<p>Por \u00a0la \u00a0distribuci\u00f3n \u00a0de lo lejos de los \u00a0municipios \u00a0 es \u00a0muy \u00a0poquito \u00a0tiempo, \u00a0tienen \u00a0que \u00a0tener \u00a0diez \u00a0d\u00edas. \u00a0Doctor \u00a0Cobo\u2026 \u00a0\u00a0<\/p>\n<p>Cobo:\u00a0 S\u00ed, \u00a0d\u00edgame. \u00a0\u00a0<\/p>\n<p>Don Antonio: Esta \u00a0semana \u00a0es\u2026 \u00a0de \u00a0mucho \u00a0trabajo\u2026 Esta gente de confianza y llevarla, segundo \u00a0porque \u00a0Don \u00a0Gonzalo \u00a0ya \u00a0tiene que definir los nombres con GARC\u00cdA y (\u2026) para \u00a0nosotros ya el fin de semana [\u2026] \u00a0\u00a0<\/p>\n<p>Y Merlano ha aportado como diez mil\u00a0 o \u00a0quince \u00a0mil \u00a0millones \u00a0de barras en pura educaci\u00f3n\u2026. Bueno, y Germ\u00e1n Ospina, \u00a0To\u00f1o habl\u00f3 con \u00e9l y que quiere aspirar a la C\u00e1mara. \u00a0\u00a0<\/p>\n<p>\u00bfQui\u00e9n tiene un almanaque? \u00a0<\/p>\n<p>\u00bfCu\u00e1ndo ser\u00eda la entrega? Seg\u00fan lo que \u00a0dice \u00a0ac\u00e1 \u00a0Don \u00a0Gonzalo, \u00a0es \u00a0que \u00a0se tiene que financiar; por ejemplo, \u00c1LVARO \u00a0GARC\u00cdA da aqu\u00ed una plata, con eso financiamos C\u00e1mara. \u00a0\u00a0<\/p>\n<p>Otro: Muriel da la otra plata. \u00a0<\/p>\n<p>Don \u00a0 \u00a0 \u00a0Antonio: \u00a0 \u00a0 Exacto, \u00a0y \u00a0yo \u00a0aporto\u2026 \u00a0ya \u00a0tendr\u00edamos que sentarnos a ver qu\u00e9 \u00a0aportamos \u00a0 \u00a0 \u00a0 \u00a0 \u00a0 \u00a0 \u00a0 nosotros\u2026\u201d34. \u00a0\u00a0<\/p>\n<p>Como \u00a0viene \u00a0de verse, en varios apartes de \u00a0estas \u00a0conversaciones los nuevos comandantes de las autodefensas hablan de\u00a0 \u00a0acuerdos \u00a0 pol\u00edticos \u00a0 con \u00a0 GARC\u00cdA \u00a0ROMERO, \u00a0con \u00a0Morris \u00a0y \u00a0con \u00a0otros\u00a0 \u00a0dirigentes\u00a0 \u00a0de \u00a0Sucre, \u00a0con \u00a0miras \u00a0a \u00a0consolidar \u00a0alianzas \u00a0para alcanzar \u00a0curules \u00a0en las Corporaciones p\u00fablicas, d\u00e1ndose a entender que la gesti\u00f3n era \u00a0apremiante \u00a0porque las elecciones estaban pr\u00f3ximas,\u00a0 lo que sin duda, deja \u00a0nuevamente \u00a0al \u00a0descubierto \u00a0los v\u00ednculos entre el procesado y los l\u00edderes del \u00a0paramilitarismo, \u00a0 \u00a0 \u00a0 con \u00a0 \u00a0 \u00a0 quienes \u00a0 \u00a0 \u00a0 se \u00a0 \u00a0 \u00a0discut\u00edan \u00a0 \u00a0 \u00a0\u201capoyos \u00a0rec\u00edprocos\u201d. \u00a0\u00a0<\/p>\n<p>Por \u00a0supuesto, \u00a0entiende \u00a0la Corte que a la \u00a0muerte \u00a0de \u00a0alias \u00a0Cadena, \u00a0tanto \u00a0las \u00a0fuerzas pol\u00edticas como los l\u00edderes del \u00a0paramilitarismo \u00a0buscaron una reacomodaci\u00f3n para no perder el poder ya obtenido \u00a0en \u00a0las \u00a0elecciones \u00a0parlamentarias \u00a0de 2002, raz\u00f3n que explica el nuevo mapa y \u00a0las alianzas posibles, entre unos y otros. \u00a0\u00a0<\/p>\n<p>Estas \u00a0 grabaciones \u00a0 tambi\u00e9n \u00a0ponen \u00a0en \u00a0evidencia \u00a0otra \u00a0incontrastable \u00a0realidad: \u00a0la \u00a0mayor \u00a0parte \u00a0de \u00a0la \u00a0dirigencia \u00a0pol\u00edtica \u00a0 de \u00a0 Sucre \u00a0estaba \u00a0por \u00a0aquella \u00a0\u00e9poca \u00a0directa \u00a0o \u00a0indirectamente \u00a0influenciada por la agrupaci\u00f3n irregular. \u00a0\u00a0<\/p>\n<p>1.4. \u00a0 \u00a0 Comportamiento \u00a0 \u00a0 electoral \u00a01998-2002-2006 \u00a0\u00a0<\/p>\n<p>Como \u00a0es \u00a0ya \u00a0de \u00a0p\u00fablico conocimiento, la \u00a0agrupaci\u00f3n \u00a0paramilitar \u00a0se \u00a0fij\u00f3 \u00a0como \u00a0meta \u00a0ingresar \u00a0el \u00a0mayor \u00a0n\u00famero de \u00a0candidatos \u00a0 a \u00a0todas \u00a0las \u00a0corporaciones \u00a0p\u00fablicas35, \u00a0siendo \u00a0indiferentes \u00a0los \u00a0partidos \u00a0pol\u00edticos o vertientes representados por ellos, en tanto lo relevante \u00a0era \u00a0 \u00a0el \u00a0 \u00a0compromiso \u00a0 \u00a0con \u00a0 la \u00a0 expansi\u00f3n \u00a0 del \u00a0 proyecto \u00a0 paramilitar. \u00a0Ello \u00a0determin\u00f3 ins\u00f3litas \u00a0alianzas \u00a0entre grupos\u00a0 tradicionalmente opuestos ideol\u00f3gicamente, o entre \u00a0enconados \u00a0enemigos \u00a0que representaban distintas vertientes de un mismo partido. \u00a0\u00a0<\/p>\n<p>En \u00a0el que interesa a este proceso, GARC\u00cdA \u00a0ROMERO \u00a0en \u00a0las \u00a0elecciones del a\u00f1o 2002 alcanz\u00f3 58.506 votos, mientras que en \u00a01998 \u00a0obtuvo \u00a038.111, es decir, present\u00f3 una significativa diferencia de 20.000 \u00a0sufragios \u00a0que \u00a0no \u00a0encuentra \u00a0explicaci\u00f3n \u00a0en \u00a0ninguna \u00a0estrategia \u00a0leg\u00edtima. \u00a0\u00a0<\/p>\n<p>Adem\u00e1s de ese aumento, \u00a0GARC\u00cdA \u00a0ROMERO \u00a0conquist\u00f3 \u00a0m\u00e1s \u00a0adeptos \u00a0en \u00a0lugares \u00a0en que tradicionalmente \u00a0hab\u00eda \u00a0tenido \u00a0una \u00a0modesta \u00a0votaci\u00f3n. \u00a0Reflejo \u00a0de \u00a0ello es lo sucedido en la \u00a0regi\u00f3n \u00a0de \u00a0la \u00a0Mojana \u00a0en \u00a0donde, \u00a0como ya se ha dicho, oper\u00f3 un grupo armado \u00a0ilegal \u00a0que se dice por \u00e9l auspiciado. Sus resultados reflejan all\u00ed un notorio \u00a0incremento, como pasa a verse: \u00a0\u00a0<\/p>\n<p>Municipio \u00a0\u00a0 \u00a0 \u00a0 \u00a0 \u00a0 \u00a0<\/p>\n<p>1998 \u00a0\u00a0 \u00a0 \u00a0 \u00a0 \u00a0 \u00a0<\/p>\n<p>2002 \u00a0<\/p>\n<p>Majagual \u00a0\u00a0 \u00a0 \u00a0 \u00a0 \u00a0 \u00a0<\/p>\n<p>1.741 \u00a0\u00a0 \u00a0 \u00a0 \u00a0 \u00a0 \u00a0<\/p>\n<p>3.924 \u00a0<\/p>\n<p>Sucre \u00a0\u00a0 \u00a0 \u00a0 \u00a0 \u00a0 \u00a0<\/p>\n<p>2.929 \u00a0\u00a0 \u00a0 \u00a0 \u00a0 \u00a0 \u00a0<\/p>\n<p>4.895 \u00a0<\/p>\n<p>San Benito \u00a0\u00a0 \u00a0 \u00a0 \u00a0 \u00a0 \u00a0<\/p>\n<p>337 \u00a0\u00a0 \u00a0 \u00a0 \u00a0 \u00a0 \u00a0<\/p>\n<p>2.101 \u00a0<\/p>\n<p>Caimito \u00a0\u00a0 \u00a0 \u00a0 \u00a0 \u00a0 \u00a0<\/p>\n<p>350 \u00a0\u00a0 \u00a0 \u00a0 \u00a0 \u00a0 \u00a0<\/p>\n<p>879 \u00a0<\/p>\n<p>La \u00a0Uni\u00f3n \u00a0\u00a0 \u00a0 \u00a0 \u00a0 \u00a0 \u00a0<\/p>\n<p>622 \u00a0\u00a0 \u00a0 \u00a0 \u00a0 \u00a0 \u00a0<\/p>\n<p>951 \u00a0<\/p>\n<p>San Marcos \u00a0\u00a0 \u00a0 \u00a0 \u00a0 \u00a0 \u00a0<\/p>\n<p>3.123 \u00a0\u00a0 \u00a0 \u00a0 \u00a0 \u00a0 \u00a0<\/p>\n<p>5.524 \u00a0<\/p>\n<p>Guarand\u00e1 \u00a0\u00a0 \u00a0 \u00a0 \u00a0 \u00a0 \u00a0<\/p>\n<p>1.302 \u00a0\u00a0 \u00a0 \u00a0 \u00a0 \u00a0 \u00a0<\/p>\n<p>920 \u00a0<\/p>\n<p>Total \u00a0\u00a0 \u00a0 \u00a0 \u00a0 \u00a0 \u00a0<\/p>\n<p>12.402 \u00a0\u00a0 \u00a0 \u00a0 \u00a0 \u00a0 \u00a0<\/p>\n<p>19.124 \u00a0<\/p>\n<p>Asimismo, \u00a0basta reparar como en municipios \u00a0donde \u00a0 hist\u00f3ricamente \u00a0hab\u00eda \u00a0conquistado \u00a0una \u00a0escasa \u00a0votaci\u00f3n, \u00a0present\u00f3 \u00a0incrementos \u00a0representativos \u00a0para \u00a02002, \u00a0como \u00a0sucedi\u00f3 \u00a0en \u00a0el \u00a0municipio \u00a0de \u00a0Buenavista, \u00a0en \u00a0donde obtuvo 231 votos en las elecciones de 1998, sufragios que \u00a0llegaron \u00a0a \u00a0ser 3.528 en el 2002 logr\u00f3 3.528, lo que equivale a un aumento del \u00a05.4% \u00a0 al \u00a0 66.06% \u00a0 de \u00a0 la \u00a0 participaci\u00f3n \u00a0 total \u00a0de \u00a0ciudadanos \u00a0de \u00a0dicha \u00a0localidad. \u00a0\u00a0<\/p>\n<p>Como lo indican claramente las variables del \u00a0estudio \u00a0realizado \u00a0por \u00a0la \u00a0doctora \u00a0Claudia \u00a0Nayibe \u00a0L\u00f3pez, tres de los cinco \u00a0municipios \u00a0de \u00a0influencia \u00a0del \u00a0Frente \u00a0La \u00a0Mojana \u00a0en \u00a0Sucre, \u00a0esto es, Sucre, \u00a0Majagual \u00a0 \u00a0 y \u00a0 \u00a0 San \u00a0 \u00a0 Benito, \u00a0 \u00a0 presentaron en el \u00a0promedio \u00a0nacional \u00a0y \u00a0departamental \u00a0los \u00edndices \u00a0 \u00a0m\u00e1s \u00a0 \u00a0bajos \u00a0 \u00a0en \u00a0 \u00a0Votos \u00a0Nulos. \u00a0En \u00a0efecto, \u00a0mientras \u00a0a \u00a0nivel \u00a0nacional \u00a0el \u00a0promedio \u00a0de \u00a0votaci\u00f3n \u00a0nula \u00a0fue de 3,44%, municipios como Majagual y Sucre no \u00a0alcanzaron \u00a0 \u00a0 \u00a0 a \u00a0 \u00a0 \u00a0 llegar \u00a0 \u00a0 \u00a0 al \u00a0 \u00a0 \u00a02%36. \u00a0\u00a0<\/p>\n<p>GARC\u00cdA ROMERO dijo en la audiencia p\u00fablica \u00a0que \u00a0no resultaba extra\u00f1o el comportamiento del voto nulo, rescatando c\u00f3mo ese \u00a0factor \u00a0electoral \u00a0se \u00a0encuentra \u00a0estrechamente ligado al nivel sociocultural de \u00a0los \u00a0 pueblos; \u00a0 sin \u00a0 embargo, \u00a0 basta \u00a0reparar \u00a0que \u00a0tal \u00a0porcentaje \u00a0aument\u00f3 \u00a0dr\u00e1sticamente \u00a0para \u00a0el \u00a02006, al punto que fue perceptible en el estudio de la \u00a0investigadora, \u00a0 cuando \u00a0 ya \u00a0 la \u00a0 interferencia \u00a0 paramilitar \u00a0 hab\u00eda \u00a0cedido \u00a0notablemente \u00a0en \u00a0esa \u00a0zona del pa\u00eds por la desmovilizaci\u00f3n de sus actores, no \u00a0siendo \u00a0inferior \u00a0en \u00a0ning\u00fan \u00a0caso \u00a0al \u00a06% \u00a0de \u00a0las estad\u00edsticas relacionadas. \u00a0\u00a0<\/p>\n<p>No \u00a0pasa \u00a0desapercibido \u00a0que los municipios \u00a0donde \u00a0el \u00a0acusado \u00a0obtuvo \u00a0en \u00a0las \u00a0elecciones \u00a0para \u00a0el a\u00f1o 2002 la m\u00e1s alta \u00a0votaci\u00f3n, \u00a0 \u00a0 \u00a0porcentualmente \u00a0 \u00a0 \u00a0hablando, \u00a0superaron, \u00a0doblando o hasta triplicando, los porcentajes \u00a0de votaci\u00f3n nula reflejados en el a\u00f1o 2006. \u00a0\u00a0<\/p>\n<p>Sobre \u00a0los \u00a0resultados electorales de 2002, \u00a0llama \u00a0poderosamente \u00a0la \u00a0atenci\u00f3n \u00a0la postura asumida en este juicio por \u00c9der \u00a0Pedraza \u00a0Pe\u00f1a, \u00a0excomandante \u00a0alias \u00a0Ram\u00f3n \u00a0Mojana37, \u00a0 que \u00a0 en \u00a0 punto \u00a0 a \u00a0la \u00a0injerencia \u00a0paramilitar \u00a0en \u00a0los \u00a0resultados \u00a0electorales, \u00a0brindo \u00a0una versi\u00f3n \u00a0ama\u00f1ada y falaz. \u00a0\u00a0<\/p>\n<p>Tal \u00a0comandante, \u00a0quien \u00a0dijo \u00a0 ser \u00a0 pol\u00edtico \u00a0 del \u00a0 Frente \u00a0 La \u00a0Mojana, \u00a0sostuvo \u00a0no \u00a0haber \u00a0apoyado \u00a0pol\u00edticamente \u00a0al \u00a0acusado en la regi\u00f3n de influencia de su frente, ni tampoco \u00a0a \u00a0ning\u00fan \u00a0otro \u00a0candidato. Tal vez su \u00fanico aporte a la verdad la constituy\u00f3 \u00a0la \u00a0informaci\u00f3n \u00a0que \u00a0suministr\u00f3 sobre la consolidaci\u00f3n del grupo paramilitar \u00a0en \u00a0los \u00a0municipios en los cuales su frente operaba, tales como Majagual, Sucre, \u00a0San \u00a0Marcos y San Benito Abad, que conforman lo que se conoce como el cono sur o \u00a0La \u00a0Mojana \u00a0sucre\u00f1a, \u00a0regi\u00f3n \u00a0donde \u00a0precisamente \u00a0el \u00a0acusado obtuvo, como se \u00a0mencion\u00f3, \u00a0 una \u00a0 muy \u00a0 buena \u00a0 votaci\u00f3n \u00a0 en \u00a0 2002 \u00a0 comparada \u00a0 con \u00a0la \u00a0de \u00a01998. \u00a0\u00a0<\/p>\n<p>Baste \u00a0referir c\u00f3mo el \u00a0estudio \u00a0 \u00a0electoral \u00a0 \u00a0atr\u00e1s \u00a0 \u00a0aludido38 \u00a0muestra que\u00a0 el municipio de San Jacinto del Cauca ubicado en \u00a0el \u00a0departamento de Bol\u00edvar, donde el paramilitar afirm\u00f3 que operaba el frente \u00a0a \u00a0su \u00a0mando, \u00a0reflej\u00f3 para las elecciones 2002 un porcentaje de participaci\u00f3n \u00a0para \u00a0C\u00e1mara de Representantes que lleg\u00f3 casi al 90%, mientras que el de votos \u00a0nulos, \u00a0en \u00a0blanco y tarjetas no marcadas no super\u00f3 el 1%, al paso que el mismo \u00a0voto \u00a0 \u00a0nulo \u00a0 \u00a0y \u00a0 \u00a0en \u00a0 \u00a0blanco \u00a0 \u00a0para \u00a0 Senado \u00a0 no \u00a0 lleg\u00f3 \u00a0 siquiera \u00a0 al \u00a00,4%. \u00a0\u00a0<\/p>\n<p>Aunque es preciso aclarar \u00a0que \u00a0en dicho municipio bolivarense no se present\u00f3 votaci\u00f3n a favor del se\u00f1or \u00a0GARC\u00cdA \u00a0ROMERO, \u00a0lo \u00a0all\u00ed ocurrido refleja que la versi\u00f3n de Pedraza Pe\u00f1a es \u00a0indigna \u00a0de cr\u00e9dito, pues los extra\u00f1os cambios electorales acaecidos entre los \u00a0a\u00f1os \u00a01998 \u00a0y \u00a02002, \u00a0demuestran \u00a0con \u00a0suma \u00a0representatividad \u00a0que las fuerzas \u00a0paramilitares \u00a0no fueron tan imparciales e inactivas pol\u00edticamente, como \u00e9l lo \u00a0dijo. \u00a0\u00a0<\/p>\n<p>Igual situaci\u00f3n se refleja en las elecciones \u00a02006, \u00a0donde \u00a0el \u00a0procesado \u00a0baj\u00f3 \u00a0sus \u00a0cifras \u00a0electorales, \u00a0si \u00a0bien no en la \u00a0proporci\u00f3n \u00a0 de \u00a0 incremento \u00a0reflejada \u00a0en \u00a0el \u00a0periodo \u00a0acabado \u00a0de \u00a0analizar \u00a0-1998-2002-, \u00a0s\u00ed \u00a0en \u00a0una \u00a0representativa \u00a0en \u00a0tanto \u00a0su \u00a0caudal \u00a0electoral \u00a0decreci\u00f3 \u00a0de \u00a058.506 a 51.955 \u00a0votos39. \u00a0\u00a0<\/p>\n<p>Acerca \u00a0de \u00a0estos \u00a0resultados \u00a0electorales, \u00a0GARC\u00cdA \u00a0ROMERO \u00a0trat\u00f3 \u00a0de \u00a0explicarlos \u00a0acudiendo a una comparaci\u00f3n entre los \u00a0guarismos \u00a0 de \u00a0 las \u00a0elecciones \u00a01998, \u00a02002, \u00a0200640, \u00a0a \u00a0fin de acreditar que en \u00a0su \u00a0consecuci\u00f3n \u00a0no \u00a0cont\u00f3 \u00a0con el concurso de aquella agrupaci\u00f3n ilegal. Por \u00a0ejemplo, \u00a0hizo \u00a0\u00e9nfasis \u00a0en c\u00f3mo los candidatos a la C\u00e1mara de Representantes \u00a0que \u00a0acompa\u00f1aron sus listas obtuvieron en el consolidado general m\u00e1s votos que \u00a0\u00e9l \u00a0 y \u00a0que \u00a0a \u00a0ellos \u00a0no \u00a0se \u00a0les \u00a0cuestion\u00f3 \u00a0penalmente \u00a0esa \u00a0circunstancia. \u00a0\u00a0<\/p>\n<p>Evidentemente, \u00a0 esa \u00a0situaci\u00f3n \u00a0tiene \u00a0una \u00a0sencilla \u00a0explicaci\u00f3n, \u00a0y \u00a0es \u00a0que como a la C\u00e1mara de \u00a0Representantes \u00a0 se \u00a0 aspiraba \u00a0 (y \u00a0 a\u00fan \u00a0hoy \u00a0ocurre) \u00a0por \u00a0circunscripciones \u00a0territoriales, \u00a0normalmente \u00a0los \u00a0candidatos a esa corporaci\u00f3n deben obtener un \u00a0importante \u00a0guarismo \u00a0electoral dentro del departamento para poder superar a los \u00a0dem\u00e1s \u00a0candidatos, \u00a0cosa \u00a0que \u00a0no \u00a0necesariamente \u00a0ocurre \u00a0en las elecciones al \u00a0Senado \u00a0de \u00a0la \u00a0Rep\u00fablica, donde debido a la existencia de una circunscripci\u00f3n \u00a0nacional, \u00a0el \u00a0aspirante \u00a0puede \u00a0obtener \u00a0votos \u00a0v\u00e1lidos \u00a0en cualquier zona del \u00a0pa\u00eds. \u00a0\u00a0<\/p>\n<p>La \u00a0\u00fanica \u00a0conclusi\u00f3n \u00a0razonable, \u00a0y \u00a0que \u00a0adem\u00e1s \u00a0concuerda \u00a0con \u00a0las \u00a0dem\u00e1s \u00a0pruebas \u00a0analizadas, apunta a demostrar la \u00a0s\u00f3lida\u00a0 \u00a0relaci\u00f3n que tuvo GARC\u00cdA ROMERO con el grupo marginal en Sucre, \u00a0la \u00a0 cual \u00a0para \u00a0el \u00a02002 \u00a0se \u00a0vio \u00a0reflejada \u00a0en \u00a0sus \u00a0resultados \u00a0electorales. \u00a0\u00a0<\/p>\n<p>Con base en el an\u00e1lisis probatorio plasmados \u00a0en \u00a0precedencia, \u00a0encuentra \u00a0la \u00a0Corte \u00a0demostrado en grado de certeza que el ex \u00a0Senador \u00a0\u00c1LVARO \u00a0ALFONSO GARC\u00cdA ROMERO organiz\u00f3 y prest\u00f3 su concurso para la \u00a0financiaci\u00f3n \u00a0de \u00a0grupos \u00a0armados al margen de la ley, raz\u00f3n por la cual ser\u00e1 \u00a0declarado \u00a0autor \u00a0del \u00a0delito de concierto para delinquir agravado, de que trata \u00a0el inciso 3\u00b0 del art\u00edculo 340 del C\u00f3digo Penal. \u00a0\u00a0<\/p>\n<p>2. LA MASACRE DE MACAYEPO \u00a0<\/p>\n<p>Como se dej\u00f3 precisado en la resoluci\u00f3n de \u00a0acusaci\u00f3n \u00a0que \u00a0esta \u00a0Corporaci\u00f3n \u00a0profiri\u00f3 \u00a0en \u00a0contra del ex Senador ALVARO \u00a0GARC\u00cdA \u00a0ROMERO, \u00a0a \u00e9ste se le reprocha su participaci\u00f3n, como consecuencia de \u00a0sus \u00a0v\u00ednculos \u00a0con grupos paramilitares, en los m\u00faltiples homicidios cometidos \u00a0por \u00a0miembros \u00a0de \u00a0esa organizaci\u00f3n armada ilegal comandados por alias Cadena y \u00a0alias \u00a0Juancho \u00a0Dique, \u00a0consumados \u00a0entre \u00a0el \u00a09 \u00a0y el 16 de octubre de 2000, en \u00a0distintos \u00a0 corregimientos \u00a0 de \u00a0 los \u00a0Montes \u00a0de \u00a0Mar\u00eda, \u00a0entre \u00a0ellos \u00a0el \u00a0de \u00a0Macayepo. \u00a0\u00a0<\/p>\n<p>En \u00a0efecto, \u00a0aunque esa toma paramilitar fue \u00a0difundida \u00a0a la opini\u00f3n p\u00fablica como \u201cmasacre de Macayepo\u201d, de acuerdo con \u00a0las \u00a0investigaciones \u00a0penal \u00a0y \u00a0disciplinaria \u00a0adelantadas \u00a0por \u00a0la \u00a0Fiscal\u00eda y \u00a0Procuradur\u00eda, \u00a0tra\u00eddas \u00a0al proceso como prueba trasladada, se tiene claramente \u00a0documentado \u00a0que la misma no s\u00f3lo comprendi\u00f3 aquel corregimiento, sino adem\u00e1s \u00a0los \u00a0de \u00a0La \u00a0Palma, El Lim\u00f3n, El Floral y Ca\u00f1as Fr\u00edas, entre otros, lugares a \u00a0donde \u00a0llegaron \u00a0distintos contingentes del grupo paramilitar que avanzaba hacia \u00a0la parte alta de los Montes de Mar\u00eda. \u00a0\u00a0<\/p>\n<p>Asimismo, \u00a0se \u00a0sabe \u00a0que la incursi\u00f3n no se \u00a0verific\u00f3 \u00a0en \u00a0un \u00a0s\u00f3lo acto. Por el contrario se prolong\u00f3 por espacio de ocho \u00a0d\u00edas, \u00a0 \u00a0aproximadamente, \u00a0 \u00a0present\u00e1ndose \u00a0 \u00a0en \u00a0 su \u00a0 desarrollo \u00a0 distintos \u00a0enfrentamientos \u00a0entre \u00a0las \u00a0fuerzas \u00a0paramilitares \u00a0correspondientes \u00a0al bloque \u00a0\u201cH\u00e9roes \u00a0de \u00a0los \u00a0Montes \u00a0de Mar\u00eda\u201d y grupos subversivos con asiento en la \u00a0regi\u00f3n; \u00a0asimismo, \u00a0los \u00a0paramilitares \u00a0a \u00a0su \u00a0paso fueron incursionando en las \u00a0veredas \u00a0ubicadas \u00a0en \u00a0su \u00a0camino, \u00a0dejando \u00a0como saldo las muertes violentas de \u00a0Maximiliano \u00a0 Tapias, \u00a0 Manuel \u00a0 de \u00a0 Jes\u00fas \u00a0 Julio \u00a0 Guti\u00e9rrez \u00a0 \u2013sepultado \u00a0 como \u00a0 Manuel \u00a0De \u00a0Jes\u00fas \u00a0Palacios \u00a0 \u00a0Mel\u00e9ndez\u2013, \u00a0Orlando \u00a0Rafael \u00a0Oviedo \u00a0Moguea, \u00a0Alcibiades \u00a0Mendoza, Hugo Adolfo D\u00edaz D\u00edaz y \u00a0Juan Manuel Feria \u00c1lvarez, pobladores de la regi\u00f3n. \u00a0\u00a0<\/p>\n<p>Aproximarse a la realidad de lo que ocurri\u00f3 \u00a0en \u00a0el \u00a0terreno, \u00a0lo \u00a0permiten \u00a0varias declaraciones aportadas por v\u00edctimas del \u00a0desplazamiento \u00a0forzado \u00a0sufrido al paso de las tropas irregulares por Macayepo, \u00a0correspondientes \u00a0 \u00a0 \u00a0 a\u00a0 \u00a0 \u00a0 \u00a0Miguel \u00a0E. \u00a0Rivera \u00a0Teher\u00e1n, Jos\u00e9 G. Baquero Arroyo, Cesar Puentes \u00a0Barbosa, \u00a0Augusto \u00a0Mercado \u00a0L\u00f3pez, \u00a0Belisario \u00a0Rivera \u00a0Teher\u00e1n, \u00a0Manuel \u00a0Cesar \u00a0Palacios \u00a0Mel\u00e9ndez, \u00a0Enenis \u00a0Mu\u00f1oz C\u00e1rdenas, Nidia Isabel Torres Ortega, Luis \u00a0M. \u00a0Jim\u00e9nez \u00a0Hern\u00e1ndez, \u00a0Francia \u00a0Villegas, \u00a0Felix \u00a0R. \u00a0Paternina, \u00a0Miguel \u00a0A. \u00a0Vel\u00e1squez \u00a0Hern\u00e1ndez, \u00a0Eder \u00a0P\u00e9rez Parra, Luis A Rodr\u00edguez Acosta, Sandra M. \u00a0Oviedo \u00a0 Gonz\u00e1lez, \u00a0 Iv\u00e1n \u00a0Jos\u00e9 \u00a0Torres \u00a0Navarro, \u00a0habitantes \u00a0de \u00a0diferentes \u00a0corregimientos, \u00a0cuyos \u00a0dichos \u00a0permiten a la Sala puntualizar adecuadamente los \u00a0sitios \u00a0por donde fueron avanzando los miembros de las autodefensas al escenario \u00a0de \u00a0la \u00a0masacre, \u00a0complementadas \u00a0en \u00a0lo pertinente por la del paramilitar alias \u00a0Juancho \u00a0Dique41, cuyo recorrido entonces puede sintetizarse as\u00ed: \u00a0\u00a0<\/p>\n<p>\u00a0 \u00a0\u00a0<\/p>\n<p>* Entre \u00a0el \u00a09 \u00a0y \u00a010 \u00a0de octubre la tropa irregular hizo presencia en \u00a0\u201cLa Palma\u201d. \u00a0\u00a0<\/p>\n<p>* Para \u00a0el \u00a011 \u00a0permaneci\u00f3 \u00a0en \u00a0\u201cLa Palma\u201d y otro grupo arrib\u00f3 a \u00a0\u201cEl Algod\u00f3n\u201d. \u00a0\u00a0<\/p>\n<p>* El \u00a013 de octubre ingresan a \u201cLos Deseos\u201d. \u00a0\u00a0<\/p>\n<p>* 14 \u00a0y \u00a015 \u00a0siguientes \u00a0nuevamente \u00a0se \u00a0registran \u00a0combates \u00a0en \u201cLa Palma\u201d, \u201cEl \u00a0Floral\u201d \u00a0y \u00a0\u201cLos \u00a0Deseos\u201d, \u00a0con \u00a0un \u00a0saldo de cinco pobladores asesinados. \u00a0\u00a0<\/p>\n<p>* En \u00a0las \u00a0mismas \u00a0fechas \u00a0-14 \u00a0y 15 de octubre de 2000- los armados ilegales tambi\u00e9n \u00a0incursionaron \u00a0en \u201cEl Lim\u00f3n\u201d. Los pobladores de ese sector informaron c\u00f3mo \u00a0el paso de las AUC dej\u00f3\u00a0 tres de sus habitantes muertos. \u00a0\u00a0<\/p>\n<p>* Tambi\u00e9n \u00a0el \u00a015 \u00a0del mismo mes y a\u00f1o, se da cuenta de la presencia \u00a0AUC \u00a0en \u00a0\u201cMacayepo\u201d, \u00a0corregimiento \u00a0en \u00a0el \u00a0cual \u00a0se verific\u00f3 un homicidio \u00a0m\u00e1s.\u00a0 \u00a0\u00a0<\/p>\n<p>* Finalmente, \u00a0el \u00a016 \u00a0y \u00a017 \u00a0de \u00a0octubre \u00a0de \u00a02000 las AUC llegaron e \u00a0hicieron presencia en \u201cEl Floral\u201d. \u00a0 \u00a0\u00a0<\/p>\n<p>Es de aclarar que aun cuando estas versiones \u00a0refieren \u00a0la \u00a0existencia \u00a0de \u00a0m\u00e1s \u00a0homicidios \u00a0de \u00a0los realmente acaecidos, tal \u00a0inconsistencia \u00a0es apenas explicable por el n\u00famero de personas desplazadas cuyo \u00a0paradero \u00a0para \u00a0ese \u00a0entonces \u00a0se \u00a0ignoraba y que en muchos casos se interpret\u00f3 \u00a0como un asesinato m\u00e1s. \u00a0\u00a0<\/p>\n<p>En \u00a0lo \u00a0que \u00a0interesa \u00a0a \u00a0este \u00a0proceso, la \u00a0vinculaci\u00f3n \u00a0del \u00a0acusado \u00a0con \u00a0el \u00a0anterior \u00a0acontecer \u00a0delictivo \u00a0se \u00a0finc\u00f3, \u00a0inicialmente, \u00a0en \u00a0la \u00a0conversaci\u00f3n \u00a0telef\u00f3nica monitoreada por la Secci\u00f3n de \u00a0Inteligencia \u00a0del Departamento de Polic\u00eda de Sucre captada como \u201cse\u00f1al \u00a0 incidental\u201d, \u00a0 en \u00a0 la \u00a0 cual \u00a0participaron \u00a0el ganadero Joaqu\u00edn Garc\u00eda y el entonces Senador GARC\u00cdA ROMERO, \u00a0haciendo \u00a0referencia \u00a0cifrada a la incursi\u00f3n paramilitar que se preparaba en el \u00a0sector \u00a0conocido como Macayepo, informaci\u00f3n comunicada por\u00a0 el ganadero al \u00a0procesado y que en efecto se verific\u00f3 d\u00edas despu\u00e9s. \u00a0\u00a0<\/p>\n<p>Esa \u00a0 evidencia, \u00a0 de \u00a0 cuya \u00a0 legalidad, \u00a0autenticidad \u00a0y contenido se ocupar\u00e1 luego la Sala, aparece como un elemento de \u00a0juicio \u00a0que \u00a0aunado \u00a0a \u00a0otro, no menos importante, como es que los homicidios se \u00a0produjeron \u00a0por \u00a0el \u00a0accionar de la estructura paramilitar en cuya organizaci\u00f3n \u00a0intervino \u00a0el \u00a0procesado, \u00a0permite atribuible responsabilidad a t\u00edtulo de autor \u00a0mediato. \u00a0\u00a0<\/p>\n<p>En \u00a0efecto, \u00a0como \u00a0ya \u00a0ha tenido ocasi\u00f3n de \u00a0referirlo \u00a0 \u00a0 \u00a0 \u00a0 \u00a0 \u00a0 la \u00a0 \u00a0 \u00a0 \u00a0 \u00a0 \u00a0 Corte42, \u00a0el \u00a0aforado \u00a0estaba \u00a0en la \u00a0c\u00fapula \u00a0de \u00a0una estructura criminal integrada por un n\u00famero plural de personas \u00a0articuladas \u00a0de \u00a0manera \u00a0jer\u00e1rquica, \u00a0quienes \u00a0mediante \u00a0divisi\u00f3n \u00a0de tareas y \u00a0concurrencia \u00a0de \u00a0aportes -los cuales pueden consistir \u00a0en \u00a0\u00f3rdenes \u00a0en \u00a0secuencia y descendentes-, realizaron \u00a0conductas \u00a0punibles, \u00a0fen\u00f3meno \u00a0que \u00a0es \u00a0factible \u00a0comprenderlo a trav\u00e9s de la \u00a0met\u00e1fora \u00a0 \u00a0 \u00a0 \u00a0 de \u00a0 \u00a0 \u00a0 \u00a0 la \u00a0 \u00a0 \u00a0 \u00a0 Cadena43. \u00a0\u00a0<\/p>\n<p>Esa \u00a0soluci\u00f3n \u00a0frente \u00a0al \u00a0fen\u00f3meno \u00a0de la \u00a0intervenci\u00f3n \u00a0de \u00a0m\u00faltiples \u00a0sujetos \u00a0en la acci\u00f3n criminal se aproxima a las \u00a0respuestas \u00a0 brindadas \u00a0 por \u00a0 la \u00a0 Corte \u00a0 en \u00a0 otros \u00a0 asuntos \u00a0conocidos \u00a0con \u00a0anterioridad44 \u00a0 \u00a0y \u00a0 \u00a0resulta \u00a0 \u00a0cercana \u00a0 \u00a0a \u00a0 expresiones \u00a0 recientes \u00a0 de \u00a0 la \u00a0doctrina45 \u00a0 \u00a0 \u00a0 y \u00a0 \u00a0 \u00a0la \u00a0 \u00a0 \u00a0jurisprudencia46 \u00a0 for\u00e1neas \u00a0 aplicadas \u00a0 a \u00a0fen\u00f3menos similares. \u00a0\u00a0<\/p>\n<p>La \u00a0Sala ha precisado que cuando se trata de \u00a0delitos \u00a0cometidos \u00a0por \u00a0grupos paramilitares la responsabilidad se determinar\u00e1 \u00a0de acuerdo con la prueba y podr\u00e1 declararse, \u00a0\u00a0<\/p>\n<p>\u201c\u2026 \u00a0a \u00a0t\u00edtulo \u00a0de \u00a0autor47 \u00a0 o \u00a0 de \u00a0part\u00edcipe48 \u00a0 \u00a0seg\u00fan \u00a0 \u00a0las \u00a0 particularidades \u00a0 de \u00a0 cada \u00a0 caso49, supuestos \u00a0que \u00a0en \u00a0todo \u00a0caso no impiden la imputaci\u00f3n del concierto para delinquir y los \u00a0delitos ejecutados en desarrollo de lo acordado.\u201d \u00a0\u00a0<\/p>\n<p>En \u00a0la doctrina nacional se ha discutido la \u00a0denominaci\u00f3n \u00a0jur\u00eddica \u00a0que \u00a0deben \u00a0recibir las personas que participan de una \u00a0organizaci\u00f3n \u00a0criminal, como es el caso de las mafias de los narcotraficantes y \u00a0los \u00a0 aparatos \u00a0 de \u00a0 poder \u00a0 organizados \u00a0 y \u00a0 dirigidos \u00a0por \u00a0paramilitares \u00a0y \u00a0organizaciones guerrilleras. \u00a0\u00a0<\/p>\n<p>Los \u00a0comentaristas \u00a0proclaman \u00a0que \u00a0dichos \u00a0individuos \u00a0estrictamente \u00a0no \u00a0son \u00a0coautores \u00a0ni \u00a0inductores \u00a0y proponen que su \u00a0responsabilidad \u00a0se \u00a0edifique \u00a0a partir de la autor\u00eda mediata, teni\u00e9ndose como \u00a0fundamento \u00a0de \u00a0dicha \u00a0responsabilidad \u00a0el \u00a0control \u00a0o \u00a0influencia \u00a0que sobre la \u00a0organizaci\u00f3n \u00a0criminal \u00a0ejercieron \u00a0los \u00a0superiores, de modo que los ejecutores \u00a0son \u00a0piezas \u00a0an\u00f3nimas \u00a0y fungibles que realizan directamente la acci\u00f3n punible \u00a0sin que siquiera conozcan a los jerarcas que ordenan el crimen. \u00a0\u00a0<\/p>\n<p>No obstante, como en la autor\u00eda mediata se \u00a0entiende \u00a0 que \u00a0 el \u00a0 ejecutor \u00a0 material \u00a0 es \u00a0 un \u00a0 mero \u00a0 instrumento \u00a0y \u00a0tal \u00a0conceptualizaci\u00f3n \u00a0no \u00a0se corresponde con la que deber\u00eda aplicarse trat\u00e1ndose \u00a0de \u00a0aparatos \u00a0de \u00a0poder \u00a0organizados, \u00a0se \u00a0aboga \u00a0por la aplicaci\u00f3n de aqu\u00e9lla \u00a0con \u00a0instrumento responsable. \u00a0\u00a0<\/p>\n<p>En esa direcci\u00f3n, el debate doctrinal y los \u00a0desarrollos \u00a0 de \u00a0la \u00a0jurisprudencia \u00a0for\u00e1nea, \u00a0unidos \u00a0a \u00a0la \u00a0mejor \u00a0soluci\u00f3n \u00a0pol\u00edtico-criminal \u00a0del \u00a0problema \u00a0jur\u00eddico, \u00a0llevan \u00a0a \u00a0la \u00a0Corte \u00a0a variar su \u00a0jurisprudencia \u00a0 en \u00a0 punto \u00a0a \u00a0que \u00a0la \u00a0autor\u00eda \u00a0mediata \u00a0s\u00f3lo \u00a0se \u00a0presenta, \u00a0\u00a0<\/p>\n<p>\u201c\u2026 \u00a0cuando \u00a0una \u00a0persona, \u00a0sin \u00a0pacto \u00a0t\u00e1cito \u00a0o \u00a0expreso, \u00a0utiliza a otra como simple instrumento para que realice el \u00a0hecho \u00a0 objetivamente \u00a0 t\u00edpico. \u00a0 El \u00a0fen\u00f3meno \u00a0ocurre, \u00a0entonces, \u00a0cuando \u00a0el \u00a0\u2018hombre \u00a0 \u00a0 \u00a0de \u00a0atr\u00e1s\u2019 \u00a0es \u00a0el \u00a0\u00fanico \u00a0responsable, \u00a0porque \u00a0el \u00a0instrumentalizado \u00a0no \u00a0realiza \u00a0conducta, \u00a0o despliega \u00a0conducta \u00a0que \u00a0no \u00a0es \u00a0t\u00edpica, \u00a0u \u00a0obra \u00a0en \u00a0concurrencia \u00a0de \u00a0una causal de no \u00a0responsabilidad \u00a0 -excluyente \u00a0 de \u00a0antijuridicidad \u00a0o \u00a0de \u00a0subjetividad- \u00a0o \u00a0es \u00a0inimputable\u201d50. \u00a0\u00a0<\/p>\n<p>Ciertamente, \u00a0cuando \u00a0se \u00a0est\u00e1 \u00a0ante \u00a0el \u00a0fen\u00f3meno \u00a0 delincuencial \u00a0 derivado \u00a0 de \u00a0 estructuras \u00a0 o \u00a0aparatos \u00a0de \u00a0poder \u00a0organizados51, \u00a0los \u00a0delitos \u00a0ejecutados \u00a0son \u00a0imputables \u00a0tanto a sus dirigentes \u00a0-gestores, \u00a0patrocinadores, \u00a0comandantes- \u00a0a \u00a0t\u00edtulo \u00a0de \u00a0autores \u00a0mediatos, \u00a0a \u00a0sus coordinadores en cuanto \u00a0dominan \u00a0la \u00a0funci\u00f3n encargada -comandantes, jefes de \u00a0grupo- \u00a0a \u00a0t\u00edtulo \u00a0de \u00a0coautores; \u00a0y \u00a0a \u00a0los directos \u00a0ejecutores \u00a0 \u00a0o \u00a0 subordinados \u00a0 -soldados, \u00a0 tropa, \u00a0patrulleros, \u00a0guerrilleros \u00a0o milicianos-, pues toda la \u00a0cadena \u00a0act\u00faa con verdadero conocimiento y dominio del hecho y mal podr\u00edan ser \u00a0amparados \u00a0algunos \u00a0de \u00a0ellos \u00a0con \u00a0una \u00a0posici\u00f3n \u00a0conceptual \u00a0que \u00a0conlleve la \u00a0impunidad. \u00a0\u00a0<\/p>\n<p>En \u00a0estos \u00a0supuestos \u00a0la criminalidad puede \u00a0incubarse \u00a0dentro \u00a0de \u00a0aparatos \u00a0estatales \u00a0 \u00a0 -casos \u00a0 \u00a0EICHMANN \u00a0 \u00a0-funcionario \u00a0administrativo \u00a0nazi \u00a0encargado \u00a0de \u00a0ubicar, perseguir, seleccionar y capturar a \u00a0los \u00a0jud\u00edos \u00a0que \u00a0posteriormente \u00a0eran \u00a0llevados \u00a0a \u00a0los campos de exterminio-, \u00a0Juntas \u00a0Militares que gobernaron Argentina entre 1976 y 1983, y Consejo Nacional \u00a0de \u00a0Defensa \u00a0de \u00a0la antigua Rep\u00fablica Democr\u00e1tica Alemana -disparos en el muro \u00a0de \u00a0Berl\u00edn- o en estructuras \u00a0propiamente \u00a0 \u00a0 \u00a0delincuenciales \u00a0 \u00a0 -caso \u00a0 de \u00a0 la \u00a0c\u00fapula \u00a0de \u00a0Sendero \u00a0Luminoso \u00a0en \u00a0la \u00a0masacre \u00a0de \u00a0Lucanamarca \u00a0-un \u00a0grupo \u00a0de \u00a0hombres \u00a0de dicha banda asesin\u00f3 a 69 campesinos en \u00a0Santiago \u00a0 \u00a0 \u00a0de \u00a0 \u00a0 \u00a0Lucanamarca, \u00a0 \u00a0 \u00a0regi\u00f3n \u00a0 \u00a0 \u00a0de \u00a0 \u00a0 Ayacucho-52. \u00a0\u00a0<\/p>\n<p>La \u00a0Corte destaca que si bien GARC\u00cdA ROMERO \u00a0fue \u00a0acusado como determinador \u00a0de \u00a0los \u00a0delitos \u00a0de \u00a0homicidio \u00a0ocurridos \u00a0durante \u00a0la \u00a0denominada masacre, los \u00a0elementos \u00a0 ontol\u00f3gicos \u00a0de \u00a0la \u00a0conducta \u00a0desplegada, \u00a0resumidos \u00a0supra, \u00a0permiten establecer que se trat\u00f3 \u00a0de \u00a0 una \u00a0 acci\u00f3n \u00a0 desplegada \u00a0 dentro \u00a0 del \u00a0 \u00e1mbito \u00a0 de \u00a0 la \u00a0autor\u00eda \u00a0mediata, \u00a0situaci\u00f3n que podr\u00eda \u00a0llevar \u00a0a \u00a0que se plantee un debate sobre el principio de consonancia y el apego \u00a0que \u00a0debe \u00a0tener \u00a0el \u00a0fallador \u00a0respecto \u00a0de \u00a0los \u00a0t\u00e9rminos \u00a0de \u00a0la acusaci\u00f3n. \u00a0\u00a0<\/p>\n<p>En relaci\u00f3n con el principio de congruencia \u00a0es criterio reiterado que: \u00a0\u00a0<\/p>\n<p>\u201c\u2026 \u00a0En \u00a0la \u00a0sistem\u00e1tica \u00a0de la Ley 600 de 2000, en cuyo imperio se adelant\u00f3 el proceso, la \u00a0Sala \u00a0ha reiterado que la congruencia como garant\u00eda y postulado estructural del \u00a0proceso, \u00a0implica \u00a0que \u00a0la sentencia debe guardar armon\u00eda con la resoluci\u00f3n de \u00a0acusaci\u00f3n \u00a0o \u00a0el \u00a0acta \u00a0de \u00a0formulaci\u00f3n \u00a0de \u00a0cargos, en los aspectos personal, \u00a0f\u00e1ctico \u00a0y \u00a0jur\u00eddico. \u00a0En \u00a0el \u00a0primero, debe haber identidad entre los sujetos \u00a0acusados \u00a0y los indicados en el fallo; en el segundo, identidad entre los hechos \u00a0y \u00a0circunstancias \u00a0plasmadas en la acusaci\u00f3n y los fundamentos de la sentencia; \u00a0y, \u00a0en \u00a0el \u00a0tercero, correspondencia entre la calificaci\u00f3n jur\u00eddica dada a los \u00a0hechos \u00a0 en \u00a0 la \u00a0 acusaci\u00f3n \u00a0y \u00a0la \u00a0consignada \u00a0en \u00a0el \u00a0fallo\u2026 \u00a0La \u00a0congruencia \u00a0personal \u00a0y f\u00e1ctica es \u00a0absoluta \u00a0y \u00a0la \u00a0jur\u00eddica es relativa porque el juez \u00a0puede \u00a0condenar por una conducta punible diferente a la imputada en el pliego de \u00a0cargos, siempre y cuando no \u00a0agrave \u00a0 la \u00a0 situaci\u00f3n \u00a0 del \u00a0 procesado \u00a0 con \u00a0 una \u00a0 pena \u00a0mayor.\u201d53 \u00a0\u00a0<\/p>\n<p>En \u00a0todo caso, la modificaci\u00f3n que ahora se \u00a0hace \u00a0en \u00a0relaci\u00f3n \u00a0con \u00a0la \u00a0forma de participaci\u00f3n en los hechos por parte de \u00a0GARC\u00cdA \u00a0 \u00a0ROMERO \u00a0 \u00a0-de \u00a0 determinador \u00a0 a \u00a0 autor \u00a0mediato-, no puede ser considerada como violatoria del \u00a0principio \u00a0de \u00a0congruencia \u00a0porque \u00a0no \u00a0se \u00a0agrava \u00a0la \u00a0situaci\u00f3n \u00a0del \u00a0procesado en tanto la pena que se fija \u00a0legalmente \u00a0para \u00a0tales \u00a0formas de ejecuci\u00f3n de la conducta punible aparejan la \u00a0misma \u00a0consecuencia \u00a0punitiva, \u00a0cuesti\u00f3n que desde anta\u00f1o ya ha sido estudiada \u00a0por \u00a0la \u00a0Sala54. \u00a0\u00a0<\/p>\n<p>Partiendo \u00a0del anterior marco de referencia, \u00a0debe \u00a0precisarse \u00a0que \u00a0la \u00a0grabaci\u00f3n de la cual se desprendi\u00f3 el llamamiento a \u00a0juicio \u00a0de \u00a0GARC\u00cdA \u00a0ROMERO \u00a0por \u00a0los \u00a0homicidios \u00a0acaecidos \u00a0en \u00a0la \u00a0incursi\u00f3n \u00a0paramilitar \u00a0ya \u00a0relatada, constituye un elemento de juicio concreto que permite \u00a0entender \u00a0su \u00a0previo \u00a0conocimiento \u00a0de \u00a0la \u00a0incursi\u00f3n \u00a0y \u00a0de qu\u00e9 manera, en su \u00a0condici\u00f3n \u00a0de \u00a0organizador \u00a0del \u00a0grupo, \u00a0convino \u00a0con su ejecuci\u00f3n55. \u00a0\u00a0<\/p>\n<p>Sobre \u00a0tal \u00a0grabaci\u00f3n, \u00a0varios \u00a0fueron \u00a0los \u00a0reparos \u00a0 planteados \u00a0por \u00a0la \u00a0defensa, \u00a0con \u00a0miras \u00a0a \u00a0atacar \u00a0su \u00a0legalidad \u00a0y \u00a0autenticidad, \u00a0 argument\u00e1ndose \u00a0que \u00a0esa \u00a0conversaci\u00f3n \u00a0fue \u00a0producto \u00a0de \u00a0una \u00a0il\u00edcita \u00a0interceptaci\u00f3n, \u00a0como tambi\u00e9n que es t\u00e9cnicamente imposible haberla \u00a0captado \u00a0accidentalmente a trav\u00e9s de la frecuencia 843,910 MHz, como lo sostuvo \u00a0el Comandante del Departamento de Polic\u00eda de Sucre. \u00a0\u00a0<\/p>\n<p>Asimismo, \u00a0la defensa dirigi\u00f3 sus esfuerzos \u00a0argumentativos \u00a0a \u00a0demostrar, \u00a0mediante prueba pericial practicada en el juicio, \u00a0la \u00a0falta de autenticidad del casete que conten\u00eda el di\u00e1logo, como tambi\u00e9n, a \u00a0demostrar \u00a0que \u00a0la \u00a0conversaci\u00f3n \u00a0presentada \u00a0en un mismo contexto temporal, en \u00a0realidad \u00a0conten\u00eda \u00a0distintos \u00a0di\u00e1logos \u00a0entre sus interlocutores acaecidos en \u00a0diferentes \u00a0 fechas,\u00a0 \u00a0para \u00a0sostener \u00a0con \u00a0base \u00a0en \u00a0ello \u00a0que \u00a0\u00e9sta \u00a0fue \u00a0editada.\u00a0\u00a0\u00a0\u00a0\u00a0 \u00a0\u00a0<\/p>\n<p>En \u00a0r\u00e9plica \u00a0a \u00a0los \u00a0argumentos defensivos, \u00a0n\u00facleo \u00a0central \u00a0del \u00a0debate acaecido en el juicio, bien est\u00e1 precisar que las \u00a0glosas \u00a0o \u00a0bien \u00a0no \u00a0lograron demostraci\u00f3n, o simplemente resultan irrelevantes \u00a0frente a los cargos que enfrenta el procesado. \u00a0\u00a0<\/p>\n<p>En \u00a0esa \u00a0direcci\u00f3n, \u00a0lo \u00a0primero \u00a0que \u00a0debe \u00a0destacarse \u00a0desde \u00a0el \u00a0punto \u00a0de \u00a0vista \u00a0eminentemente \u00a0conceptual, \u00a0es \u00a0que \u00a0la \u00a0legalidad \u00a0de la grabaci\u00f3n no se halla en entredicho, pues como lo explic\u00f3 con \u00a0suficiencia \u00a0la \u00a0Sala \u00a0en la resoluci\u00f3n de acusaci\u00f3n, la polic\u00eda nacional por \u00a0intermedio \u00a0de su Sipol, en desarrollo de las labores rutinarias de rastreos del \u00a0llamado \u00a0 espectro \u00a0 electromagn\u00e9tico \u00a0que \u00a0lleva \u00a0a \u00a0cabo \u00a0como \u00a0organismo \u00a0de \u00a0inteligencia, \u00a0estaba \u00a0autorizada \u00a0para \u00a0captar \u00a0aquella conversaci\u00f3n. As\u00ed las \u00a0cosas, \u00a0se mantiene inalterado el razonamiento que frente al tema se expres\u00f3 en \u00a0esa decisi\u00f3n, cuando se sostuvo: \u00a0\u00a0<\/p>\n<p>\u201c\u2026Si \u00a0las \u00a0captaciones incidentales de \u00a0comunicaciones \u00a0en \u00a0las \u00a0que se revelen circunstancias que signifiquen un riesgo \u00a0para \u00a0la \u00a0seguridad \u00a0ciudadana \u00a0es \u00a0una \u00a0actividad \u00a0l\u00edcita \u00a0de \u00a0la inteligencia \u00a0estatal, \u00a0el \u00a0resultado \u00a0de \u00a0ella, \u00a0esto \u00a0es, \u00a0el \u00a0medio f\u00edsico que contenga la \u00a0informaci\u00f3n \u00a0y \u00a0su \u00a0an\u00e1lisis, no puede considerarse il\u00edcito desde el punto de \u00a0vista \u00a0 \u00a0 \u00a0 \u00a0 \u00a0 \u00a0 judicial\u201d \u00a0 \u00a0 \u00a0 \u00a0 \u00a0 \u00a056 \u00a0\u00a0<\/p>\n<p>En \u00a0 cuanto \u00a0a \u00a0la \u00a0alegada \u00a0imposibilidad \u00a0\u2018t\u00e9cnica\u2019 \u00a0de \u00a0obtener \u00a0la \u00a0grabaci\u00f3n \u00a0en \u00a0la \u00a0frecuencia \u00a0843,910 \u00a0MHz, tema ampliamente debatido en el juicio y que ocup\u00f3 la \u00a0intervenci\u00f3n \u00a0 de \u00a0 expertos \u00a0 en \u00a0manejo \u00a0de \u00a0equipos \u00a0para \u00a0interceptaciones, \u00a0ingenieros \u00a0ac\u00fasticos \u00a0y \u00a0de \u00a0comunicaciones \u00a0del \u00a0Ministerio \u00a0de ese ramo, las \u00a0conclusiones a las cuales se lleg\u00f3 pueden sintetizarse as\u00ed: \u00a0\u00a0<\/p>\n<p>\u00a0 \u00a0\u00a0<\/p>\n<p>* El \u00a0Ministerio \u00a0de \u00a0Comunicaciones certific\u00f3 que a la empresa Movistar \u2013para \u00a0la \u00e9poca denominada Celum\u00f3vil \u00a0y \u00a0 luego \u00a0Bellsouth\u2013 \u00a0le \u00a0fueron \u00a0asignados \u00a0varios \u00a0rangos de frecuencias, dentro de ellos el 843,910 Mz. \u00a0 \u00a0\u00a0<\/p>\n<p>\u00a0 \u00a0\u00a0<\/p>\n<p>* Para \u00a0el \u00a06 de octubre de 2000, esa frecuencia se hallaba adjudicada \u00a0a \u00a0 la \u00a0 ciudad \u00a0de \u00a0Sincelejo, \u00a0ten\u00eda \u00a0caracter\u00edsticas \u00a0duales \u00a0-anal\u00f3gica \u00a0y digital-, m\u00e1s no se hallaba \u00a0en \u00a0 uso, \u00a0 como \u00a0 as\u00ed \u00a0 se \u00a0dej\u00f3 \u00a0expresado \u00a0en \u00a0el \u00a0reporte \u00a0de \u00a0la \u00a0empresa \u00a0Movistar. \u00a0 \u00a0\u00a0<\/p>\n<p>\u00a0 \u00a0\u00a0<\/p>\n<p>* Pese \u00a0a \u00a0lo \u00a0anterior, \u00a0el \u00a0\u00fanico perito en interceptaciones que se \u00a0llev\u00f3 \u00a0a \u00a0la \u00a0vista \u00a0p\u00fablica, funcionario del CTI con experiencia en ese campo \u00a0desde \u00a01987, \u00a0explic\u00f3 que con independencia de que la frecuencia estuviera o no \u00a0en \u00a0uso, el radio utilizado para la interceptaci\u00f3n, marca ICOM IC-R1, ten\u00eda la \u00a0capacidad \u00a0de \u00a0realizar \u00a0el \u00a0rastreo \u00a0de \u00a0la \u00a0llamada, \u00a0toda vez que ese tipo de \u00a0aparatos \u00a0de \u00a0comunicaci\u00f3n \u00a0permiten \u00a0la \u00a0apertura de sus bandas, procedimiento \u00a0acostumbrado \u00a0 por \u00a0 los \u00a0 organismo \u00a0 de \u00a0 inteligencia \u00a0en \u00a0desarrollo \u00a0de \u00a0su \u00a0rol. \u00a0 \u00a0\u00a0<\/p>\n<p>Asimismo, dio a conocer este experto que las \u00a0frecuencias \u00a0no \u00a0son \u00a0exactas, \u00a0por \u00a0manera que el radio ICOM IC-R1, dotado como \u00a0est\u00e1 \u00a0de un dial semejante a los que se usan para sintonizar las emisoras en un \u00a0radio \u00a0 tradicional, \u00a0 perfectamente \u00a0 pudo \u00a0captar \u00a0la \u00a0conversaci\u00f3n \u00a0por \u00a0una \u00a0frecuencia \u00a0no \u00a0correspondiente \u00a0al \u00a0n\u00famero \u00a0exacto \u00a0al \u00a0cual se refiri\u00f3 en su \u00a0momento el informe de la Sipol. \u00a0\u00a0<\/p>\n<p>Finalmente, la intervenci\u00f3n de este experto \u00a0permiti\u00f3 \u00a0extraer una tercera conclusi\u00f3n, derivada de la anterior, consistente \u00a0en \u00a0que perfectamente pudo ocurrir que la conversaci\u00f3n hubiese sido captada aun \u00a0por un canal o frecuencia no habilitada.\u00a0\u00a0 \u00a0\u00a0<\/p>\n<p>Y \u00a0si bien en la etapa probatoria del juicio \u00a0fueron \u00a0interrogados \u00a0y \u00a0se \u00a0aport\u00f3 \u00a0el \u00a0conocimiento de otros dos peritos para \u00a0dilucidar \u00a0las \u00a0dudas \u00a0planteadas por la defensa, sin que todos ellos llegaran a \u00a0conclusiones \u00a0un\u00edvocas, \u00a0debe \u00a0la \u00a0Corte precisar que s\u00f3lo el perteneciente al \u00a0Cuerpo \u00a0T\u00e9cnico \u00a0de \u00a0Investigaciones \u00a0de \u00a0la \u00a0Fiscal\u00eda \u00a0General de la Naci\u00f3n, \u00a0acredit\u00f3 \u00a0la \u00a0condici\u00f3n \u00a0de \u00a0experto \u00a0en interceptaciones, especialidad que en \u00a0\u00faltimas \u00a0era \u00a0la \u00a0llamada \u00a0a \u00a0consultarse \u00a0pericialmente \u00a0para brindar claridad \u00a0acerca \u00a0de \u00a0la posibilidad de efectuar o no el rastreo de la comunicaci\u00f3n en la \u00a0forma narrada por la Sipol. \u00a0\u00a0<\/p>\n<p>Opuestamente, \u00a0se \u00a0evidencia \u00a0que \u00a0en \u00a0ese \u00a0espec\u00edfico \u00a0campo \u00a0del \u00a0conocimiento experto, los aportes de los otros peritos, \u00a0ingenieros \u00a0del \u00a0Ministerio \u00a0de \u00a0Comunicaciones y de la empresa Movistar, fueron \u00a0m\u00e1s \u00a0reflexiones \u00a0obtenidas \u00a0de \u00a0la lectura del manual con las especificaciones \u00a0t\u00e9cnicas \u00a0del \u00a0radio \u00a0ICOM \u00a0IC-R1, \u00a0pero \u00a0nunca \u00a0tuvieron \u00a0como \u00a0fuente \u00a0de \u00a0su \u00a0conocimiento \u00a0la \u00a0ciencia, \u00a0ni \u00a0la \u00a0experiencia \u00a0de \u00a0campo, ni el desempe\u00f1o por \u00a0largos \u00a0a\u00f1os de aquella t\u00e9cnica, factores que en \u00faltimas le confieren valor a \u00a0la \u00a0actividad \u00a0pericial, \u00a0experta, t\u00e9cnica y especializada, cuando es requerida \u00a0por la justicia. \u00a0\u00a0<\/p>\n<p>Luego, \u00a0por conocimientos espec\u00edficos sobre \u00a0el \u00a0tema, \u00a0la \u00a0Corte \u00a0encuentra \u00a0que debe acoger las conclusiones del perito del \u00a0CTI, \u00a0 quien \u00a0 acredit\u00f3 \u00a0 poseer \u00a0 20 \u00a0a\u00f1os \u00a0de \u00a0experiencia \u00a0desempe\u00f1\u00e1ndose \u00a0t\u00e9cnicamente \u00a0en el \u00e1rea de la interceptaci\u00f3n y el monitoreo de frecuencias y \u00a0comunicaciones con toda clase de equipos y tecnolog\u00edas. \u00a0\u00a0<\/p>\n<p>En \u00a0suma, \u00a0qued\u00f3 \u00a0demostrado \u00a0a trav\u00e9s del \u00a0concepto \u00a0de \u00a0este \u00a0experto \u00a0que \u00a0no medi\u00f3 la pretendida imposibilidad t\u00e9cnica \u00a0para \u00a0 efectuar \u00a0 la \u00a0 grabaci\u00f3n \u00a0 de \u00a0aquella \u00a0conversaci\u00f3n, \u00a0a \u00a0trav\u00e9s \u00a0del \u00a0procedimiento de rastreo accidental referido por la Sipol. \u00a0\u00a0<\/p>\n<p>Por lo que hace a los hipot\u00e9ticos problemas \u00a0de \u00a0autenticidad \u00a0del \u00a0casete\u00a0 \u00a0contentivo del di\u00e1logo entre el ex Senador \u00a0ALVARO \u00a0GARC\u00cdA \u00a0ROMERO y el ganadero Joaqu\u00edn Garc\u00eda, que ocuparon buena parte \u00a0de \u00a0los \u00a0esfuerzos \u00a0probatorios \u00a0impulsados \u00a0por \u00a0la \u00a0defensa \u00a0en \u00a0el \u00a0juicio y, \u00a0posteriormente, \u00a0en sus alegaciones finales, baste mencionar que su autenticidad \u00a0la \u00a0 \u00a0refrend\u00f3 \u00a0 el \u00a0 propio \u00a0 acusado, \u00a0 no \u00a0 s\u00f3lo \u00a0 ante \u00a0 los \u00a0 medios \u00a0 de \u00a0comunicaci\u00f3n57, \u00a0 sino \u00a0tambi\u00e9n \u00a0en \u00a0las \u00a0versiones \u00a0por \u00a0\u00e9l \u00a0ofrecidas \u00a0en \u00a0las \u00a0investigaciones \u00a0 \u00a0 \u00a0 \u00a0 \u00a0 \u00a0 \u00a0 \u00a0 penal58 \u00a0y disciplinaria59 \u00a0seguidas en \u00a0su \u00a0contra, \u00a0cuando reconoci\u00f3 haber sostenido dicha charla. Igualmente, el otro \u00a0interlocutor, \u00a0 \u00a0 Joaqu\u00edn \u00a0 \u00a0 Garc\u00eda, \u00a0 \u00a0 hizo \u00a0 \u00a0 lo \u00a0 \u00a0 propio \u00a0 \u00a0ante \u00a0 \u00a0la \u00a0Procuradur\u00eda60, \u00a0admitiendo \u00a0su intervenci\u00f3n en el di\u00e1logo telef\u00f3nico. Incluso, \u00a0cada \u00a0uno \u00a0explic\u00f3 las frases usadas, el motivo de la llamada y los favores que \u00a0en \u00a0ella \u00a0se \u00a0mencionan, versiones desde luego matizadas en cuanto al sentido de \u00a0sus expresiones y los temas a los cuales se refer\u00edan. \u00a0\u00a0<\/p>\n<p>Tal \u00a0conducta \u00a0procesal \u00a0le otorga car\u00e1cter \u00a0aut\u00e9ntico \u00a0a \u00a0la \u00a0conversaci\u00f3n contenida en el casete pues \u00e9sta, a la postre, \u00a0no \u00a0es \u00a0m\u00e1s \u00a0que \u00a0un \u00a0documento \u00a0privado \u00a0cuya \u00a0autenticidad \u00a0se logra mediante \u00a0reconocimiento \u00a0de \u00a0sus \u00a0intervinientes\u00a0 \u00a0al \u00a0tenor \u00a0de lo prescrito por el \u00a0art\u00edculo \u00a0262 \u00a0de \u00a0la \u00a0Ley \u00a0600 \u00a0de \u00a02000, en armon\u00eda con el art\u00edculo 426 del \u00a0C\u00f3digo \u00a0de Procedimiento Civil &#8211; aplicable por virtud \u00a0del \u00a0 \u00a0principio \u00a0 \u00a0de \u00a0 integraci\u00f3n- \u00a0 61 \u00a0\u00a0<\/p>\n<p>. \u00a0<\/p>\n<p>De \u00a0otra \u00a0parte, \u00a0se \u00a0torna \u00a0inaceptable que \u00a0apartes \u00a0de \u00a0la \u00a0conversaci\u00f3n \u00a0se hubiesen registrado antes o despu\u00e9s del 6 de \u00a0octubre \u00a0de \u00a02000. \u00a0La celeridad con la que actu\u00f3 la Sipol de Sucre, remitiendo \u00a0el \u00a07 de octubre la trascripci\u00f3n del di\u00e1logo al coronel Alonso Arango Salazar, \u00a0mediante \u00a0oficio \u00a01902 \u00a0suscrito \u00a0por \u00a0el \u00a0Teniente \u00a0Coronel Rodolfo B. Palomino \u00a0L\u00f3pez62, desvirt\u00faa tal aserto. \u00a0\u00a0<\/p>\n<p>No media en la actuaci\u00f3n elemento de juicio \u00a0alguno \u00a0que \u00a0permita \u00a0siquiera \u00a0presumir que existi\u00f3 la oportunidad de hacer un \u00a0montaje, \u00a0como \u00a0lo pretende la defensa, cuando para ello se requer\u00eda adem\u00e1s de \u00a0una \u00a0 motivaci\u00f3n \u00a0 dolosa \u00a0 -que \u00a0no \u00a0se \u00a0ve \u00a0en \u00a0el \u00a0expediente- \u00a0 tambi\u00e9n \u00a0 de \u00a0 tiempo \u00a0 y \u00a0de \u00a0equipos \u00a0necesarios. \u00a0En \u00a0este \u00a0punto \u00a0vale \u00a0la \u00a0pena recordar lo expuesto por El coronel \u00a0Palomino \u00a0Bautista \u00a0ante \u00a0la \u00a0Procuradur\u00eda, \u00a0en \u00a0el sentido de que en Sincelejo \u00a0ten\u00edan \u00a0 una \u00a0 modesta \u00a0 sala \u00a0de \u00a0interceptaciones63. \u00a0Tambi\u00e9n \u00a0qued\u00f3 claro con \u00a0las \u00a0declaraciones \u00a0de \u00a0Tovar \u00a0Pulido \u00a0jefe \u00a0de \u00a0la \u00a0Sijin\u00a0 \u00a0y varias veces \u00a0encargado \u00a0 \u00a0de \u00a0 \u00a0la \u00a0 \u00a0jefatura \u00a0 de \u00a0 la \u00a0 Sipol64y \u00a0 \u00a0el \u00a0 \u00a0mismo \u00a0 teniente \u00a0coronel\u00a0 \u00a0Palomino que no contaban con archivo de casetes como para deducir \u00a0que \u00a0utilizaron en la interceptaci\u00f3n uno que conten\u00eda otra conversaci\u00f3n entre \u00a0los \u00a0 GARC\u00cdA, \u00a0 tesis \u00a0tambi\u00e9n \u00a0planteada \u00a0por \u00a0la \u00a0defensa.\u00a0\u00a0\u00a0 \u00a0\u00a0<\/p>\n<p>Adem\u00e1s, \u00a0no ser\u00eda coherente ni l\u00f3gico que \u00a0si \u00a0ya \u00a0se \u00a0hab\u00eda \u00a0enviado \u00a0copia \u00a0del \u00a0casete \u00a0y \u00a0de \u00a0la \u00a0trascripci\u00f3n \u00a0de la \u00a0conversaci\u00f3n \u00a0al \u00a0comando \u00a0de \u00a0inteligencia, \u00a0quedarse en la Sipol de Sincelejo \u00a0para \u00a0 manipularlo \u00a0 y \u00a0 adulterar \u00a0 su \u00a0contenido, \u00a0como \u00a0novel\u00edsticamente \u00a0se \u00a0sugiere. \u00a0\u00a0<\/p>\n<p>Pero si lo anterior fuera poco para descartar \u00a0la \u00a0pretendida \u00a0adulteraci\u00f3n, \u00a0recu\u00e9rdese que a Sergio Tovar Pulido se le hizo \u00a0entrega \u00a0del \u00a0original \u00a0de \u00a0ese \u00a0casete \u00a0y \u00a0fue \u00a0\u00e9l \u00a0quien \u00a0sac\u00f3 varias copias \u00a0-entre \u00a0ellas \u00a0para \u00a0entregarlas a dos fiscales de la \u00a0Unidad \u00a0Nacional \u00a0de Derechos Humanos de la Fiscal\u00eda-, \u00a0conserv\u00e1ndolo \u00a0bajo \u00a0su \u00a0custodia \u00a0hasta la fecha en que lo entreg\u00f3 a la Corte \u00a0-a\u00f1o 2007-. \u00a0\u00a0<\/p>\n<p>La celeridad con la que se remiti\u00f3 el oficio \u00a0con \u00a0el \u00a0informe \u00a0y \u00a0la \u00a0trascripci\u00f3n \u00a0del \u00a0casete, \u00a0denota \u00a0a \u00a0las \u00a0claras \u00a0la \u00a0trascendencia \u00a0otorgada \u00a0a \u00a0esa pl\u00e1tica y la urgencia de recibir instrucciones, \u00a0lo \u00a0que \u00a0resulta \u00a0francamente \u00a0incompatible \u00a0con la hip\u00f3tesis de tratarse de un \u00a0\u2018montaje\u2019 \u00a0 \u00a0 \u00a0 \u00a0 o \u00a0 \u00a0 \u00a0 \u00a0 \u2018edici\u00f3n\u2019.\u00a0 \u00a0\u00a0<\/p>\n<p>Otro aspecto argumentado por la defensa para \u00a0presumir \u00a0la \u00a0no \u00a0autenticidad \u00a0de \u00a0la \u00a0conversaci\u00f3n \u00a0es \u00a0la \u00a0supuesta falta de \u00a0coherencia \u00a0entre \u00a0los \u00a0temas \u00a0que \u00a0all\u00ed se escuchan. A efectos de aclarar este \u00a0t\u00f3pico, \u00a0debe retomarse la explicaci\u00f3n brindada por el perito del CTI relativa \u00a0a \u00a0que \u00a0en \u00a0ocasiones \u00a0se puede captar toda la conversaci\u00f3n y otras veces s\u00f3lo \u00a0algunos \u00a0de sus apartes, aspecto inherente a las condiciones t\u00e9cnicas y a otros \u00a0imponderables \u00a0de \u00a0la \u00a0tecnolog\u00eda \u00a0utilizada \u00a0para \u00a0ese \u00a0momento \u00a0-a\u00f1o \u00a0 2000-, \u00a0aserto \u00a0pericial \u00a0de \u00a0suma \u00a0importancia \u00a0para comprender mejor el motivo de la ruptura en la secuencia de un \u00a0mismo \u00a0 di\u00e1logo. \u00a0 Adem\u00e1s, \u00a0 la \u00a0experiencia \u00a0cotidiana \u00a0ense\u00f1a \u00a0que \u00a0en \u00a0una \u00a0conversaci\u00f3n \u00a0se pueden abordar varios temas, y en el presente caso, este hecho \u00a0se \u00a0observa \u00a0al \u00a0leer \u00a0el \u00a0escrito \u00a0de \u00a0la trascripci\u00f3n o al escuchar el audio. \u00a0\u00a0<\/p>\n<p>En \u00a0consecuencia, \u00a0a \u00a0la \u00a0Sala \u00a0no le asiste \u00a0ninguna \u00a0duda \u00a0sobre \u00a0la \u00a0fecha \u00a0de \u00a0la \u00a0grabaci\u00f3n, \u00a0que \u00a0fue \u00a0la efectivamente \u00a0consignada \u00a0 en \u00a0el \u00a0informe \u00a0de \u00a0inteligencia \u00a0de \u00a0la \u00a0Sipol, \u00a0aspecto \u00a0adem\u00e1s \u00a0confrontado \u00a0con \u00a0las \u00a0varias \u00a0declaraciones \u00a0rendidas \u00a0por \u00a0el Teniente Coronel \u00a0Palomino \u00a0-en \u00a0la \u00a0Corte, \u00a0en la Procuradur\u00eda, en la \u00a0Unidad \u00a0de \u00a0Derechos Humanos- y las tambi\u00e9n m\u00faltiples \u00a0versiones \u00a0juradas \u00a0de \u00a0Sergio Tovar Pulido, todo lo cual permite reconstruir el \u00a0procedimiento \u00a0 realizado \u00a0 el \u00a06 \u00a0de \u00a0octubre \u00a0de \u00a02000 \u00a0por \u00a0el \u00a0organismo \u00a0de \u00a0inteligencia. \u00a0\u00a0<\/p>\n<p>As\u00ed las cosas, conforme al anuncio hecho en \u00a0precedencia, \u00a0puede \u00a0la \u00a0Sala \u00a0concluir en grado de certeza que en el proceso se \u00a0estableci\u00f3 \u00a0la \u00a0autenticidad \u00a0del \u00a0contenido \u00a0del \u00a0di\u00e1logo \u00a0y de la grabaci\u00f3n \u00a0misma, \u00a0as\u00ed \u00a0las \u00a0experticias \u00a0ac\u00fasticas \u00a0no arrojaran resultados positivos en \u00a0este aspecto. \u00a0\u00a0<\/p>\n<p>En suma, los reparos de la defensa acerca de \u00a0la \u00a0legalidad y autenticidad de la conversaci\u00f3n no est\u00e1n llamados a prosperar, \u00a0resultando \u00a0evidente que su contenido, contrastado con otras pruebas obrantes en \u00a0el \u00a0 proceso, \u00a0 particularmente \u00a0las \u00a0comunicaciones \u00a0entre \u00a0la \u00a0Polic\u00eda \u00a0y \u00a0la \u00a0Infanter\u00eda \u00a0de \u00a0Marina, \u00a0los movimientos de tropas descritos en el anexo 32 del \u00a0cuaderno \u00a0de \u00a0la \u00a0Procuradur\u00eda y las diversas declaraciones relacionadas con el \u00a0tema \u00a0de \u00a0Macayepo, \u00a0denotan \u00a0c\u00f3mo \u00a0lo \u00a0comunicado all\u00ed por Joaqu\u00edn Garc\u00eda a \u00a0ALVARO \u00a0GARC\u00cdA \u00a0ROMERO, \u00a0no fue otra cosa que el avance de la tropa paramilitar \u00a0hacia Macayepo. En tal sentido, el di\u00e1logo inicia as\u00ed: \u00a0\u00a0<\/p>\n<p>\u201c&#8230; \u00a0 \u00a0 \u00a0 \u00c1lvaro \u00a0 \u00a0 \u00a0 \u00a0 \u00a0 \u00a0Garc\u00eda: \u00a0Ah, \u00a0mira, \u00a0eso \u00a0s\u00ed puedo hacer lo siguiente, Joaco: yo me \u00a0puedo \u00a0ir \u00a0ma\u00f1ana a las ocho a la brigada y puedo pedirle incluso al gobernador \u00a0que me colabore para eso, oye. \u00a0\u00a0<\/p>\n<p>Joaqu\u00edn Garc\u00eda: \u00a0O \u00a0 sea, \u00a0la \u00a0idea\u2026 \u00a0yo \u00a0no \u00a0s\u00e9 \u00a0si \u00a0Nule \u00a0ha \u00a0hablado \u00a0contigo \u00a0-pausa-, \u00a0pero \u00a0lo \u00a0que \u00a0pasa es que Nule \u00a0quiere \u00a0meter \u00a0la \u00a0tropa \u00a0a \u00a0la finca y la idea no es meter la tropa a la finca, \u00a0la idea es meter la tropa por la parte de atr\u00e1s, que \u00a0es \u00a0por \u00a0donde \u00a0sacan \u00a0el ganado, que es por los lados \u00a0del \u00a0 Aguacate, \u00a0 por \u00a0 el \u00a0 lado \u00a0 de \u00a0 Pajonalito, \u00a0por \u00a0esos \u00a0sectores, \u00a0\u00bfme \u00a0entiendes? \u00a0\u00a0<\/p>\n<p>\u00c1lvaro Garc\u00eda: \u00a0Yo \u00a0considero \u00a0que \u00a0esa decisi\u00f3n es una decisi\u00f3n que no es f\u00e1cil tomarla hoy, \u00a0pero es f\u00e1cil tomarla en diez d\u00edas. \u00a0\u00a0<\/p>\n<p>Joaqu\u00edn Garc\u00eda: \u00a0Bueno, \u00a0la \u00a0verdad \u00a0lo que interesa es que la tropa la \u00a0metan \u00a0pa\u00b4 \u00a0all\u00e1, \u00a0no \u00a0es \u00a0que \u00a0la \u00a0est\u00e9n \u00a0metiendo \u00a0dos \u00a0d\u00edas \u00a0y la saquen pa\u00b4 ac\u00e1 afuera. \u00a0\u00a0<\/p>\n<p>\u00c1lvaro Garc\u00eda: \u00a0Esa propuesta la puede hacer el gobernador, \u00bfoyes? \u00a0\u00a0<\/p>\n<p>Joaqu\u00edn Garc\u00eda: \u00a0Ojal\u00e1 \u00a0 \u00a0me \u00a0 \u00a0ayudes \u00a0 t\u00fa \u00a0 en \u00a0 eso, viejo, porque es que&#8230; \u00a0\u00a0<\/p>\n<p>\u00c1lvaro Garc\u00eda: \u00a0Eso \u00a0dalo \u00a0por \u00a0un \u00a0hecho, \u00a0yo \u00a0ma\u00f1ana \u00a0estoy con el \u00a0coronel\u201d (\u2026). \u00a0\u00a0<\/p>\n<p>\u201cJoaqu\u00edn \u00a0Garc\u00eda: \u2026estos m\u00edos y me dicen que, ellos siempre \u00a0con \u00a0la \u00a0disculpa de los manes esos verdes, yo no se ese man verde, ser\u00e1 que no \u00a0hay forma de tocarlo como para que se abra pa&#8230; \u00a0\u00a0<\/p>\n<p>\u00c1lvaro \u00a0 \u00a0 Garc\u00eda: \u00a0 \u00a0de todas maneras ese man se va dentro de un mes. \u00a0\u00a0<\/p>\n<p>Joaqu\u00edn \u00a0 \u00a0Garc\u00eda: \u00a0 \u00a0yo \u00a0le \u00a0estoy \u00a0diciendo \u00a0que den un nombre para ver a quien se pone \u00a0all\u00ed, pa que. \u00a0\u00a0<\/p>\n<p>\u00c1lvaro \u00a0 \u00a0 Garc\u00eda: \u00a0 \u00a0yo le dije a \u00e9l. \u00a0\u00a0<\/p>\n<p>Joaqu\u00edn Garc\u00eda: \u00a0No \u00a0pa\u00b4 \u00a0que \u00a0ayude. \u00a0Yo \u00a0le \u00a0dije: \u00a0\u2018Mira, \u00a0nosotros \u00a0no \u00a0necesitamos \u00a0aqu\u00ed un tipo que nos ayude, pero \u00a0s\u00ed \u00a0que no joda, o sea, que se haga el loco, para ver \u00a0si \u00a0 \u00a0esta \u00a0 gente \u00a0 funciona, \u00a0 porque \u00a0 ellos \u00a0 y\u00b4que \u00a0 van \u00a0 para \u00a0 Macayepo \u00a0ma\u00f1ana. \u00a0 (resalta \u00a0 la \u00a0Sala) \u00a0\u00a0<\/p>\n<p>\u00c1lvaro \u00a0Garcia: \u00a0T\u00fa sabes que se lo he dicho\u201d. \u00a0\u00a0<\/p>\n<p>Para \u00a0la \u00a0Corte \u00a0las \u00a0frases \u00a0del \u00a0di\u00e1logo \u00a0relativas \u00a0a \u00a0la \u00a0gesti\u00f3n \u00a0que \u00a0el \u00a0ex Senador iba a realizar al d\u00eda siguiente \u00a0\u201ccon \u00a0el \u00a0coronel\u201d, sin \u00a0duda \u00a0hacen \u00a0referencia \u00a0al \u00a0pedido \u00a0para lograr el movimiento de las tropas del \u00a0Ej\u00e9rcito \u00a0Nacional, \u00a0en orden a despejar la zona por la que incursionar\u00edan los \u00a0paramilitares \u00a0mencionada \u00a0al \u00a0final \u00a0del \u00a0di\u00e1logo, \u00a0pues \u00a0v\u00e9ase c\u00f3mo ante la \u00a0solicitud \u00a0de \u00a0Joaqu\u00edn \u00a0Garc\u00eda \u00a0para que se ubicara aqu\u00e9lla en un espec\u00edfico \u00a0lugar \u00a0y \u00a0la \u00a0respuesta \u00a0de \u00a0GARC\u00cdA \u00a0ROMERO \u00a0sobre \u00a0la \u00a0dificultad inmediata de \u00a0hacerlo, \u00a0el \u00a0primero le precisa que lo importante es que permanezca en un sitio \u00a0fijo, \u00a0 que \u00a0 no \u00a0 las \u00a0 est\u00e9n \u00a0 sacando \u00a0\u201cen \u00a0dos \u00a0d\u00edas\u201d. \u00a0\u00a0<\/p>\n<p>Importa \u00a0destacar \u00a0que el \u00fanico coronel con \u00a0posibilidad \u00a0de \u00a0mando \u00a0en \u00a0la \u00a0brigada \u00a0para el momento en que Joaqu\u00edn Garc\u00eda \u00a0pidi\u00f3 \u00a0a \u00a0su \u00a0contertulio \u00a0\u00c1LVARO \u00a0GARC\u00cdA \u00a0interceder \u00a0a \u00a0fin \u00a0de \u00a0lograr \u00a0el \u00a0movimiento \u00a0de \u00a0la \u00a0tropa \u00a0era \u00a0Hernando \u00a0Alfonso Jama Arjona,\u00a0 a quien por \u00a0fuerza de tal circunstancia debi\u00f3 visitar GARC\u00cdA ROMERO. \u00a0\u00a0<\/p>\n<p>A \u00a0esa conclusi\u00f3n se llega por cuanto s\u00f3lo \u00a0\u00e9l \u00a0ostentaba \u00a0adem\u00e1s \u00a0del \u00a0rango \u00a0militar mencionado en la charla por \u00c1LVARO \u00a0GARC\u00cdA, \u00a0la \u00a0capacidad \u00a0de \u00a0definir \u00a0la \u00a0ubicaci\u00f3n \u00a0estrat\u00e9gica de los grupos \u00a0castrenses \u00a0por \u00a0entonces \u00a0bajo \u00a0su \u00a0mando, \u00a0la cual se refuerza al acudir a las \u00a0declaraciones \u00a0del Brigadier General Alonso Arango Salazar, del Teniente Coronel \u00a0Rodolfo \u00a0Palomino y de quienes declararon como subalternos de Jama Arjona, todos \u00a0los \u00a0cuales \u00a0dejaron \u00a0expresamente consignados sus rangos, nombres de los grupos \u00a0que \u00a0 dirigieron \u00a0 para \u00a0la \u00a0\u00e9poca \u00a0de \u00a0la \u00a0Masacre \u00a0y \u00a0los \u00a0sitios \u00a0por \u00a0donde \u00a0transitaron.\u00a0\u00a0\u00a0\u00a0\u00a0\u00a0\u00a0 \u00a0\u00a0<\/p>\n<p>A este respecto, no puede olvidarse c\u00f3mo en \u00a0el \u00a0proceso \u00a0existe \u00a0una \u00a0evidencia \u00a0clara acerca de la influencia que estaba en \u00a0capacidad \u00a0de \u00a0ejercer \u00a0GARC\u00cdA \u00a0ROMERO \u00a0sobre \u00a0las \u00a0autoridades \u00a0castrenses con \u00a0asiento \u00a0en \u00a0la regi\u00f3n, aspecto que aporta sentido a la conversaci\u00f3n que viene \u00a0de ser mencionada. \u00a0\u00a0<\/p>\n<p>En efecto, como lo revel\u00f3 Orlando Rodr\u00edguez \u00a0Mart\u00ednez \u00a0 \u00a0 \u00a0 en \u00a0 \u00a0 \u00a0 la \u00a0 \u00a0 \u00a0 declaraci\u00f3n65 ya citada en este fallo, \u00e9l \u00a0conoci\u00f3 \u00a0directamente \u00a0de \u00a0qu\u00e9 manera Joaqu\u00edn Garc\u00eda se ufanaba del manejo y \u00a0control \u00a0que ejerc\u00eda sobre el ex Senador, quien a petici\u00f3n suya desplegaba sus \u00a0influencias \u00a0en la Armada Nacional, revelaci\u00f3n de gran trascendencia en punto a \u00a0la interpretaci\u00f3n de la conversaci\u00f3n captada por la Sipol. \u00a0\u00a0<\/p>\n<p>Ello \u00a0tambi\u00e9n \u00a0explica \u00a0que \u00a0GARC\u00cdA ROMERO \u00a0conociera \u00a0sobre el movimiento que pr\u00f3ximamente iba a darse en el Comando de la \u00a0Polic\u00eda \u00a0de \u00a0Sucre, \u00a0aspecto \u00a0referido \u00a0por Joaqu\u00edn Garc\u00eda quien, hablando de \u00a0\u201clos \u00a0manes de verde\u201d le \u00a0reiter\u00f3 \u00a0la \u00a0necesidad \u00a0de \u00a0tener \u00a0all\u00ed \u00a0una persona que aunque no ayudara, al \u00a0menos \u00a0 \u00a0\u201cse \u00a0 \u00a0hiciera \u00a0 \u00a0el \u00a0 \u00a0loco\u201d, \u00a0lo que aunado a las quejas de \u201clos \u00a0suyos\u201d, \u00a0revela a las claras c\u00f3mo ambos conversaban \u00a0de \u00a0la \u00a0mejor \u00a0forma \u00a0de \u00a0hacer \u00a0operativo al grupo irregular al servicio de los \u00a0ganaderos. \u00a0\u00a0<\/p>\n<p>Precisamente, el contexto de la conversaci\u00f3n \u00a0permite \u00a0apreciar \u00a0de \u00a0qu\u00e9 \u00a0manera \u00a0al \u00a0final \u00a0de \u00a0la \u00a0charla GARC\u00cdA ROMERO es \u00a0informado \u00a0por \u00a0Joaqu\u00edn \u00a0Garc\u00eda \u00a0sobre \u00a0el \u00a0movimiento \u00a0del grupo ilegal hacia \u00a0Macayepo, \u00a0tema \u00a0que no motiv\u00f3 ninguna reacci\u00f3n de su parte en orden a impedir \u00a0el \u00a0previsible resultado de aquella operaci\u00f3n, demostrando con ello una actitud \u00a0calificable \u00a0como \u00a0de \u00a0tolerancia aprobatoria de lo que estaba por suceder, pues \u00a0al \u00a0fin \u00a0y \u00a0al \u00a0cabo \u00a0hab\u00eda \u00a0sido \u00a0uno \u00a0de \u00a0los \u00a0gestores \u00a0del \u00a0grupo criminal. \u00a0\u00a0<\/p>\n<p>Por \u00a0manera \u00a0que, concatenando los medios de \u00a0convicci\u00f3n \u00a0que \u00a0revelan \u00a0en \u00a0grado \u00a0de \u00a0certeza la condici\u00f3n del procesado de \u00a0fundador \u00a0y auxiliador de los grupos de autodefensas con presencia permanente en \u00a0el \u00a0departamento \u00a0de Sucre para esa \u00e9poca, los lazos que estrech\u00f3 con Joaqu\u00edn \u00a0Garc\u00eda \u00a0y sus cercanas relaciones con \u2018Cadena\u2019, \u00a0\u00fanico \u00a0comandante \u00a0de \u00a0la \u00a0regi\u00f3n \u00a0y \u00a0quien \u00a0en \u00a0definitiva \u00a0como \u00a0parte de la \u00a0organizaci\u00f3n \u00a0delictiva \u00a0ten\u00eda \u00a0toda la informaci\u00f3n respecto de los planes de \u00a0su \u00a0grupo, \u00a0no \u00a0queda \u00a0duda \u00a0a \u00a0trav\u00e9s \u00a0de aquella comunicaci\u00f3n grabada por la \u00a0Sipol, \u00a0que \u00a0el procesado conoci\u00f3 y comparti\u00f3 la ofensiva paramilitar hacia la \u00a0zona \u00a0alta \u00a0de los Montes de Mar\u00eda, donde se desarrollaron los hechos de sangre \u00a0conocidos \u00a0como \u2018Masacre de \u00a0Macayepo\u2019. \u00a0\u00a0<\/p>\n<p>Ciertamente, \u00a0si \u00a0al \u00a0compromiso \u00a0de GARC\u00cdA \u00a0ROMERO \u00a0para ir a la Brigada e incluso acudir al Gobernador para esa gesti\u00f3n al \u00a0d\u00eda \u00a0siguiente \u00a0de \u00a0esa \u00a0charla, es decir el 7 de octubre de 2000, se agrega la \u00a0nula \u00a0respuesta \u00a0de la Primera Brigada de Infanter\u00eda de Marina con presencia en \u00a0la \u00a0zona, \u00a0en \u00a0orden \u00a0a detener la incursi\u00f3n paramilitar, pese a los constantes \u00a0informes \u00a0remitidos por el Teniente Coronel Rodolfo Palomino, se vislumbra c\u00f3mo \u00a0fue \u00a0efectiva la gesti\u00f3n del ex Senador, a m\u00e1s de revelarse su aceptaci\u00f3n del \u00a0plan desarrollado. \u00a0\u00a0<\/p>\n<p>En tal sentido, precis\u00f3 el coronel Palomino \u00a0que \u00a0desde \u00a0el \u00a028 de septiembre del 2000 se hab\u00eda conocido del inconformismo y \u00a0preocupaci\u00f3n \u00a0 de \u00a0algunos \u00a0propietarios \u00a0de \u00a0fincas \u00a0con \u00a0la \u00a0acci\u00f3n \u00a0de \u00a0los \u00a0subversivos \u00a0y \u00a0que \u00a0podr\u00edan estar realizando contactos con grupos al margen de \u00a0la \u00a0ley con el prop\u00f3sito de recuperar territorio afectado por la acci\u00f3n de las \u00a0Farc, informaci\u00f3n que comunic\u00f3 al comando central. \u00a0\u00a0<\/p>\n<p>Acerca \u00a0 del \u00a0mismo \u00a0t\u00f3pico \u00a0tambi\u00e9n \u00a0se \u00a0pronunci\u00f3 \u00a0el Brigadier General Alonso Arango Salazar, director de Inteligencia \u00a0de \u00a0la \u00a0Polic\u00eda \u00a0Nacional \u00a0para el mes de octubre de 2000, advirtiendo c\u00f3mo se \u00a0tuvo \u00a0informaci\u00f3n \u00a0oportuna \u00a0de \u00a0que \u00a0las autodefensas campesinas de C\u00f3rdoba y \u00a0Urab\u00e1, \u00a0ante \u00a0los \u00a0reclamos \u00a0de \u00a0algunos \u00a0propietarios \u00a0de \u00a0fincas \u00a0y haciendas \u00a0afectadas \u00a0por ataques subversivos, ven\u00edan preparando una maniobra de respuesta \u00a0denominada \u00a0\u201cRecuperaci\u00f3n \u00a0de \u00a0los \u00a0Montes \u00a0de \u00a0Mar\u00eda\u201d, \u00a0que hac\u00eda prever \u00a0asesinatos \u00a0de \u00a0colaboradores \u00a0y \u00a0simpatizantes \u00a0de \u00a0la \u00a0subversi\u00f3n, \u00a0ataques a \u00a0campamentos \u00a0m\u00f3viles, \u00a0y \u00a0adem\u00e1s, \u00a0que \u00a0para dicha acci\u00f3n ven\u00edan desplazando \u00a0personal \u00a0de \u00a0otros \u00a0grupos \u00a0de \u00a0autodefensas \u00a0con \u00a0el\u00a0 \u00a0fin de aumentar el \u00a0personal \u00a0y \u00a0poder \u00a0ingresar \u00a0a \u00a0la \u00a0zona en condiciones de igualdad frente a la \u00a0guerrilla, tendi\u00e9ndoles un cerco. \u00a0\u00a0<\/p>\n<p>Igualmente, \u00a0con \u00a0miras \u00a0a detener el ataque \u00a0paramilitar \u00a0que \u00a0se \u00a0cern\u00eda \u00a0contra \u00a0los \u00a0pobladores \u00a0de \u00a0la zona, no en pocas \u00a0ocasiones \u00a0calificados \u00a0de \u00a0auxiliadores \u00a0de \u00a0la \u00a0guerrilla, \u00a0el Coronel Rodolfo \u00a0Palomino \u00a0remiti\u00f3 \u00a0el 7 de octubre de 2000 al Director Nacional de Inteligencia \u00a0de \u00a0esa \u00a0instituci\u00f3n \u00a0Alonso \u00a0Arango \u00a0Salazar la grabaci\u00f3n de la conversaci\u00f3n \u00a0telef\u00f3nica ya mencionada. \u00a0\u00a0<\/p>\n<p>Para \u00a0el \u00a011 \u00a0de octubre siguiente el mismo \u00a0oficial \u00a0de \u00a0la \u00a0polic\u00eda comunic\u00f3 lo propio al Coronel Jama Arjona, comandante \u00a0(e) \u00a0de la Primera Brigada de Infanter\u00eda de Marina, haci\u00e9ndole saber sobre los \u00a0posibles \u00a0enfrentamientos \u00a0entre \u00a0organizaciones \u00a0al \u00a0margen de la ley cerca del \u00a0municipio \u00a0 de \u00a0San \u00a0Onofre \u00a0y \u00a0puntualizando \u00a0que \u00a0en \u00a0la \u00a0vereda \u00a0\u2018La \u00a0 \u00a0 \u00a0 \u00a0 \u00a0Lucha\u2019, \u00a0detr\u00e1s \u00a0de \u00a0la \u00a0finca \u2018La \u00a0 \u00a0 \u00a0 Comandancia\u2019, \u00a0se \u00a0hab\u00edan escuchado explosiones y \u00a0ametrallamientos, \u00a0 avist\u00e1ndose \u00a0 adem\u00e1s \u00a0 un \u00a0 helic\u00f3ptero \u00a0desconocido \u00a0que \u00a0sobrevol\u00f3 \u00a0el \u00a0\u00e1rea. Agregaba en la comunicaci\u00f3n que a aquellas informaciones \u00a0se \u00a0sumaban \u00a0a las ya existentes de desplazamiento de 70 familias de la zona Las \u00a0Fr\u00edas, en la misma jurisdicci\u00f3n. \u00a0\u00a0<\/p>\n<p>Toda esa informaci\u00f3n resulta reveladora, en \u00a0tanto \u00a0coincide \u00a0con \u00a0el \u00a0contexto \u00a0mismo \u00a0del \u00a0di\u00e1logo \u00a0grabado entre Joaqu\u00edn \u00a0Garc\u00eda \u00a0y \u00a0\u00c1LVARO \u00a0GARC\u00cdA, \u00a0pues \u00a0de all\u00ed se extrae la referencia velada del \u00a0primero \u00a0acerca \u00a0de \u00a0la \u00a0estrategia que se fraguaba para detener las acciones de \u00a0abigeato, \u00a0tema \u00a0por \u00a0supuesto \u00a0del inter\u00e9s de los ganaderos de la regi\u00f3n. Aun \u00a0m\u00e1s, \u00a0es \u00a0preciso \u00a0recordar \u00a0c\u00f3mo \u00a0la \u00a0alianza entre ganaderos y paramilitares \u00a0estuvo \u00a0motivada, \u00a0de parte de los primeros, en la pretensi\u00f3n de contar con una \u00a0fuerza \u00a0 privada \u00a0 que \u00a0 \u201cdefendiera\u201d \u00a0 sus \u00a0 haciendas, \u00a0mas \u00a0el \u00a0curso \u00a0de \u00a0acontecimientos \u00a0en \u00a0la zona de Macayepo pone al descubierto que sus acciones en \u00a0lugar \u00a0de \u00a0defensivas \u00a0eran \u00a0claramente \u00a0ofensivas, \u00a0motivo \u00a0por \u00a0el \u00a0cual dicha \u00a0operaci\u00f3n \u00a0 tuvo \u00a0 por \u00a0objeto \u00a0\u201crecuperar\u201d \u00a0el \u00a0terreno \u00a0que \u00a0consideraban \u00a0conquistado por la subversi\u00f3n. \u00a0\u00a0<\/p>\n<p>Y \u00a0v\u00e9ase \u00a0c\u00f3mo, \u00a0a pesar de todas aquellas \u00a0alertas \u00a0dadas \u00a0por el Comando de la Polic\u00eda de Sucre, el entonces encargado de \u00a0la \u00a0Primera \u00a0Brigada \u00a0de \u00a0Infanter\u00eda \u00a0de Marina Coronel Jama Arjona66, dirigi\u00f3 en \u00a0los \u00a0d\u00edas \u00a0siguientes \u00a0los \u00a0grupos \u00a0a \u00a0su \u00a0cargo hacia lugares distintos de los \u00a0ocupados \u00a0por los ilegales, denotando a las claras que GARC\u00cdA ROMERO cumpli\u00f3 a \u00a0cabalidad \u00a0con \u00a0su \u00a0gesti\u00f3n llamada a posibilitar el avance de las autodefensas \u00a0hacia las zonas por ocupar, sin tropiezo alguno. \u00a0\u00a0<\/p>\n<p>En \u00a0efecto, \u00a0se destaca de los testimonios y \u00a0documentos \u00a0 que \u00a0 reposan \u00a0 en \u00a0el \u00a0cuaderno \u00a0de \u00a0la \u00a0Procuradur\u00eda67, c\u00f3mo para \u00a0la \u00a0\u00e9poca de los hechos el personal de infanter\u00eda que estuvo m\u00e1s cerca de los \u00a0corregimientos \u00a0aleda\u00f1os \u00a0a \u00a0Macayepo, fue desplazado para realizar operaciones \u00a0en \u00a0otros \u00a0lugares, \u00a0precisamente \u00a0en \u00a0las \u00a0fechas en las cuales se verific\u00f3 la \u00a0incursi\u00f3n paramilitar. \u00a0\u00a0<\/p>\n<p>As\u00ed \u00a0sucedi\u00f3 \u00a0con el grupo contraguerrilla \u00a0Orca, \u00a0que estaba ubicado en Pajonal desde el 8 de octubre, pero se le \u00a0orden\u00f3 \u00a0moverse \u00a0el \u00a09 siguiente hacia \u00a0Floresta, a donde llegaron el \u00a010; \u00a0el \u00a011 \u00a0a Corozal, el 12 a Abajo Grande y al mediod\u00eda del 12 de octubre se \u00a0quedaron \u00a0en Hobo. Todos estos sectores est\u00e1n ubicados \u00a0m\u00e1s \u00a0hacia \u00a0el sur de La Palma y Macayepo, muy a pesar \u00a0de \u00a0que \u00a0Jama Arjona ten\u00eda informaci\u00f3n clara de lo que estaba por suceder y lo \u00a0que \u00a0ya\u00a0 \u00a0pasaba \u00a0en \u00a0La \u00a0Palma; sin embargo, se reitera, alej\u00f3 las tropas \u00a0hacia el sur en vez de replegarlas al norte. \u00a0\u00a0<\/p>\n<p>Igual \u00a0 \u00a0ocurri\u00f3 \u00a0 con \u00a0 el \u00a0 Batall\u00f3n \u00a0Contraguerilla \u00a0No. \u00a031, \u00a0al \u00a0que \u00a0se \u00a0le \u00a0dio \u00a0la \u00a0orden de operaciones llamada \u00a0Destructor \u00a0el \u00a011 \u00a0de \u00a0octubre \u00a0de \u00a02000, \u00a0debiendo \u00a0desarrollar operaciones en \u00a0Algarrobal, \u00a0 \u00a0Hobo, \u00a0 La \u00a0Esperanza, \u00a0Arroyo, \u00a0El \u00a0Burro, circunscripci\u00f3n territorial del municipio de El \u00a0Carmen \u00a0de \u00a0Bol\u00edvar. \u00a0Estas operaciones duraron cuatro d\u00edas, del 11 al 14 y el \u00a015 \u00a0se replegaron. Hobo era el punto m\u00e1s cercano hacia La Palma. Sin embargo en \u00a0la \u00a0Brigada, \u00a0a \u00a0pesar \u00a0de \u00a0tener \u00a0informaci\u00f3n \u00a0ya certera que proven\u00eda de los \u00a0desplazados, \u00a0nada \u00a0se \u00a0hizo; \u00a0siempre \u00a0en \u00a0el \u00a0\u00e1rea \u00a0las tropas fueron movidas \u00a0pr\u00e1cticamente en sentido contrario.\u00a0 \u00a0\u00a0<\/p>\n<p>Paralelamente, \u00a0el \u00a0Coronel Jama Arjona a lo \u00a0sumo \u00a0adopt\u00f3 \u00a0dos \u00a0acciones \u00a0en \u00a0relaci\u00f3n \u00a0con \u00a0las \u00a0graves informaciones a su \u00a0disposici\u00f3n. \u00a0La \u00a0primera, \u00a0mencionada en su comunicaci\u00f3n del 16 de octubre de \u00a02000, cuando se\u00f1al\u00f3 a la Sipol: \u00a0\u00a0<\/p>\n<p>\u201cMe \u00a0permito \u00a0informar \u00a0que este Comando \u00a0actualmente \u00a0tiene \u00a0dos Batallones de Contraguerrilla adelantando operaciones de \u00a0inteligencia \u00a0 \u00a0de \u00a0 \u00a0combate \u00a0 \u00a0en \u00a0 \u00a0la \u00a0 \u00a0zona68, \u00a0con el fin de confirmar o \u00a0desvirtuar \u00a0 \u00a0 \u00a0 \u00a0 la \u00a0 \u00a0 \u00a0 \u00a0informaci\u00f3n\u201d.69 \u00a0\u00a0<\/p>\n<p>No \u00a0obstante, \u00a0como ya se ha mencionado, los \u00a0dos \u00a0batallones \u00a0de \u00a0contraguerrilla fueron alejados por orden suya del lugar de \u00a0la \u00a0masacre, \u00a0aspecto \u00a0coincidente con el \u201cfavor\u201d referido en el marco de la \u00a0conversaci\u00f3n \u00a0entre \u00a0Joaqu\u00edn \u00a0Garc\u00eda \u00a0y \u00a0el \u00a0procesado, a lo cual es menester \u00a0agregar \u00a0que \u00a0frente a la informaci\u00f3n que se le hab\u00eda suministrado, resulta un \u00a0contrasentido \u00a0que \u00a0s\u00f3lo \u00a0dispusiera \u00a0\u201clabores de inteligencia\u201d en la zona, \u00a0insuficientes \u00a0 a \u00a0 todas \u00a0luces \u00a0para \u00a0repeler \u00a0la \u00a0incursi\u00f3n \u00a0paramilitar \u00a0en \u00a0curso. \u00a0\u00a0<\/p>\n<p>Como naturalmente se entiende, la gravedad de \u00a0los \u00a0hechos \u00a0reportados, \u00a0incluso \u00a0su \u00a0notoriedad \u00a0en \u00a0la \u00a0regi\u00f3n \u00a0en cuanto lo \u00a0comunicado \u00a0era \u00a0ni m\u00e1s ni menos que el desplazamiento de setenta familias, mal \u00a0pod\u00eda \u00a0provocar \u00a0tan \u00a0pobre \u00a0respuesta, \u00a0a \u00a0menos, \u00a0claro est\u00e1, que mediara un \u00a0compromiso \u00a0con \u00a0los \u00a0auspiciadores \u00a0de la incursi\u00f3n paramilitar, siendo en ese \u00a0preciso \u00a0escenario en donde se enmarcan las gestiones que pod\u00eda atender GARC\u00cdA \u00a0ROMERO dadas sus influencias. \u00a0\u00a0<\/p>\n<p>La otra \u201cacci\u00f3n\u201d que adopt\u00f3 el Coronel \u00a0Jama \u00a0Arjona \u00a0correspondi\u00f3 \u00a0a \u00a0la \u00a0orden de operaciones No.33, parad\u00f3jicamente \u00a0denominada \u00a0\u201cTRANQUILIDAD\u201d, \u00a0emitida el 17 de octubre de 2000 con destino al \u00a0Batall\u00f3n \u00a0de \u00a0Fusileros \u00a0de \u00a0Infanter\u00eda \u00a0de Marina No. 5, para la ocupaci\u00f3n y \u00a0registro \u00a0en el \u00e1rea general del corregimiento de Macayepo, sectores El Lim\u00f3n, \u00a0El \u00a0Pavo, \u00a0Floralito, \u00a0El \u00a0Floral \u00a0y La Ca\u00f1ada -entre \u00a0Macayepo \u00a0y L\u00e1zaro-, con el fin de ubicar y capturar a \u00a0grupos \u00a0ilegales \u00a0de autodefensas que delinquen en el \u00e1rea, es decir, cuando ya \u00a0los hechos de sangre se hab\u00edan consumado.\u00a0 \u00a0\u00a0<\/p>\n<p>En \u00a0suma, encuentra la Sala que el contenido \u00a0de \u00a0la conversaci\u00f3n, aunado a la informaci\u00f3n que all\u00ed se le suministr\u00f3 y las \u00a0gestiones \u00a0que \u00a0le \u00a0fueron \u00a0encomendadas \u00a0a \u00a0GARC\u00cdA \u00a0ROMERO, \u00a0como \u00a0el \u00a0decurso \u00a0posterior \u00a0de \u00a0los \u00a0acontecimientos, resultan claramente indicativos de c\u00f3mo el \u00a0procesado \u00a0no s\u00f3lo organiz\u00f3 el grupo de autodefensas autor de la masacre, sino \u00a0que \u00a0adem\u00e1s \u00a0desarroll\u00f3 \u00a0comportamientos \u00a0propios de un miembro de ese tipo de \u00a0agrupaciones \u00a0armadas \u00a0ilegales, \u00a0todo \u00a0lo cual permite reprocharle a t\u00edtulo de \u00a0autor \u00a0mediato \u00a0los \u00a0m\u00faltiples \u00a0homicidios \u00a0acaecidos \u00a0en \u00a0desarrollo \u00a0de dicha \u00a0incursi\u00f3n paramilitar. \u00a0\u00a0<\/p>\n<p>Recapitulando, \u00a0han \u00a0quedado demostrados los \u00a0siguientes supuestos: \u00a0\u00a0<\/p>\n<p>\u00a0 \u00a0\u00a0<\/p>\n<p>* Los \u00a0grupos \u00a0paramilitares \u00a0denominados \u00a0Frente \u00a0La \u00a0Mojana y Bloque \u00a0H\u00e9roes \u00a0de \u00a0los \u00a0Montes \u00a0de \u00a0Mar\u00eda \u00a0que \u00a0operaron en el Departamento de Sucre, \u00a0constituyeron \u00a0aparatos \u00a0organizados \u00a0de \u00a0poder \u00a0cuya \u00a0existencia \u00a0es \u00a0un \u00a0hecho \u00a0notorio70. \u00a0 \u00a0\u00a0<\/p>\n<p>\u00a0 \u00a0\u00a0<\/p>\n<p>* La \u00a0estrategia \u00a0del \u00a0grupo \u00a0estaba \u00a0enfocada \u00a0al \u00a0dominio \u00a0militar de territorios y, \u00a0posteriormente, \u00a0al \u00a0apoderamiento del aparato estatal que les llev\u00f3 a impulsar \u00a0candidatos \u00a0a \u00a0las corporaciones de elecci\u00f3n ciudadana, para obtener el control \u00a0de \u00a0las \u00a0instancias del poder p\u00fablico. Igualmente, les anim\u00f3 la defensa de los \u00a0empresarios \u00a0y \u00a0ganaderos \u00a0de \u00a0la regi\u00f3n, tarea en la cual el exterminio de las \u00a0personas \u00a0que calificaban como \u201ccolaboradoras de la guerrilla\u201d les permit\u00eda \u00a0cumplir \u00a0el \u00a0primer \u00a0prop\u00f3sito, \u00a0actividad \u00a0que \u00a0de paso tambi\u00e9n facilitaba el \u00a0apoderamiento \u00a0de \u00a0las \u00a0tierras \u00a0abandonadas \u00a0por \u00a0todos \u00a0los\u00a0 \u00a0desplazados \u00a0forzosos, \u00a0 acosados \u00a0 por \u00a0 la \u00a0 situaci\u00f3n \u00a0 de \u00a0 terror \u00a0implantado \u00a0por \u00a0los \u00a0paramilitares. \u00a0 \u00a0\u00a0<\/p>\n<p>\u00a0 \u00a0\u00a0<\/p>\n<p>* El \u00a0procesado \u00a0controlaba \u00a0\u201cdesde \u00a0arriba\u201d \u00a0el aparato de poder, compartiendo el \u00a0mando \u00a0con \u00a0los jefes militares que ejecutaban en el terreno el plan de dominio. \u00a0Los \u00a0grupos \u00a0paramilitares \u00a0son \u00a0estructuras \u00a0organizadas \u00a0de manera vertical en \u00a0donde \u00a0existe \u00a0compartimentaci\u00f3n y las jerarqu\u00edas superiores trazan los planes \u00a0generales \u00a0de \u00a0acci\u00f3n \u00a0y \u00a0un amplio grupo de subalternos est\u00e1 presto a cumplir \u00a0dichas \u00a0 \u00a0 \u00a0 \u00a0 \u00a0 \u00a0 \u00a0 \u00a0 \u00a0directrices71. \u00a0 \u00a0\u00a0<\/p>\n<p>\u00a0 \u00a0\u00a0<\/p>\n<p>* La \u00a0\u201cmasacre \u00a0 de \u00a0Macayepo\u201d \u00a0fue \u00a0una \u00a0acci\u00f3n \u00a0ejecutada \u00a0dentro \u00a0del \u00a0decurso \u00a0\u201cnormal\u201d \u00a0de \u00a0actividades \u00a0de \u00a0la \u00a0agrupaci\u00f3n \u00a0paramilitar \u00a0\u201cBloque \u00a0H\u00e9roes \u00a0de \u00a0Montes de Mar\u00eda\u201d que conform\u00f3, apoy\u00f3 y \u00a0asesor\u00f3 \u00a0el \u00a0acusado. \u00a0La \u00a0demostrada \u00a0existencia \u00a0de \u00a0sesiones \u00a0con \u00a0los jefes \u00a0militares \u00a0de la banda y los di\u00e1logos cifrados son muestra de c\u00f3mo se dinamiza \u00a0el \u00a0 perfeccionamiento \u00a0de \u00a0una \u00a0orden \u00a0dentro \u00a0de \u00a0las \u00a0organizaciones \u00a0armadas \u00a0ilegales72. \u00a0 \u00a0\u00a0<\/p>\n<p>\u00a0 \u00a0\u00a0<\/p>\n<p>* Los \u00a0ejecutores \u00a0materiales \u00a0de las acciones homicidas eran miembros \u00a0de \u00a0la \u00a0misma \u00a0organizaci\u00f3n \u00a0armada \u00a0ilegal, aun sin tener relaci\u00f3n directa ni \u00a0inmediata con el procesado. \u00a0 \u00a0\u00a0<\/p>\n<p>Finalmente, \u00a0 como \u00a0 qued\u00f3 \u00a0 plenamente \u00a0establecido \u00a0en la fase probatoria del juicio que los hermanos F\u00e9lix y Laureano \u00a0Paternina \u00a0Rodr\u00edguez, Armando Batista Arroyo, Ezequiel Jaraba\u00a0 y su esposa \u00a0Juana \u00a0Mar\u00eda \u00a0Hern\u00e1ndez \u00a0Torres, no fallecieron en los hechos de la masacre de \u00a0Macayepo, \u00a0se \u00a0debe \u00a0declarar \u00a0la \u00a0inexistencia \u00a0de \u00a0la \u00a0conducta imputada en la \u00a0acusaci\u00f3n respecto de estos ciudadanos.\u00a0 \u00a0\u00a0<\/p>\n<p>3. PECULADO POR APROPIACI\u00d3N \u00a0<\/p>\n<p>El cargo que pesa en su contra por el delito \u00a0contra \u00a0los \u00a0recursos \u00a0p\u00fablicos \u00a0tiene \u00a0que \u00a0ver \u00a0con \u00a0aquel \u00a0contexto y ser\u00eda \u00a0indicativo \u00a0de \u00a0su \u00a0voluntad dolosa de fomentar, desde su posici\u00f3n de poder, la \u00a0llegada \u00a0de \u00a0dineros \u00a0del \u00a0Estado \u00a0para el financiamiento del grupo paramilitar \u00a0de \u00a0la \u00a0Mojana \u00a0en \u00a0su etapa \u00a0inicial. \u00a0\u00a0<\/p>\n<p>Recu\u00e9rdese \u00a0que \u00a0Jairo \u00a0Castillo \u00a0Peralta \u00a0empez\u00f3 \u00a0a \u00a0referirse \u00a0a \u00a0la \u00a0existencia \u00a0de \u00a0v\u00ednculos entre algunos pol\u00edticos \u00a0importantes \u00a0de \u00a0Sucre y el paramilitarismo en la denuncia que formul\u00f3 el 21 de \u00a0enero \u00a0de 2001 -tras el atentado contra su vida de que \u00a0fue \u00a0v\u00edctima \u00a0el 24 de octubre de 2000- ante la fiscal \u00a0especializada \u00a0 \u00a0 \u00a0 \u00a0 Yolanda \u00a0 \u00a0 \u00a0 \u00a0Paternina73, \u00a0quien \u00a0a \u00a0diferencia \u00a0del \u00a0aludido \u00a0testigo no sobrevivi\u00f3 al ataque a bala que unos sicarios le hicieron a \u00a0la \u00a0entrada \u00a0de \u00a0su casa en la capital de ese departamento, hacia las ocho de la \u00a0noche del 29 de agosto de 2001. \u00a0\u00a0<\/p>\n<p>En esa oportunidad el testigo se refiri\u00f3 a \u00a0una \u00a0reuni\u00f3n \u00a0realizada \u00a0en \u00a0el \u00a0restaurante \u00a0Carb\u00f3n de Palo en Sincelejo, que \u00a0habr\u00eda \u00a0tenido \u00a0lugar \u00a0en \u00a01997 \u00a0o \u00a01998, a la cual \u00e9l asisti\u00f3 y en la que se \u00a0acord\u00f3 \u00a0conformar, para adicionarlo a las estructuras \u00a0paramilitares \u00a0de \u00a0esa zona del pa\u00eds, un grupo armado \u00a0ilegal \u00a0en \u00a0La \u00a0Mojana \u00a0habl\u00e1ndose de la cantidad de dinero que requer\u00edan para \u00a0ello y cu\u00e1l o cu\u00e1les podr\u00edan ser sus fuentes de financiaci\u00f3n. \u00a0\u00a0<\/p>\n<p>Los concurrentes a la reuni\u00f3n, seg\u00fan dijo \u00a0en \u00a0esa \u00a0declaraci\u00f3n \u00a0y \u00a0tambi\u00e9n \u00a0en \u00a0la del 29 de marzo siguiente74 \u00a0 ante \u00a0la \u00a0Fiscal\u00eda, \u00a0fueron \u00a0-entre \u00a0otros- \u00a0los \u00a0hermanos \u00a0Pedraza; \u00a0Joaqu\u00edn Garcia; el \u00a0exalcalde \u00a0del \u00a0municipio \u00a0de \u00a0Sucre, \u00a0Miguel \u00a0Navarro; \u00a0el alcalde de esa misma \u00a0poblaci\u00f3n, \u00a0\u00c1ngel \u00a0Villarreal; \u00a0el \u00a0alcalde \u00a0de \u00a0San \u00a0Carlos, y el director de \u00a0Dassalud Sucre, SalvadorArana Sus. \u00a0\u00a0<\/p>\n<p>Luego \u00a0 de \u00a0 reafirmar \u00a0 en \u00a0esa \u00a0segunda \u00a0intervenci\u00f3n \u00a0procesal \u00a0que \u00a0Arana \u00a0Sus \u00a0propuso \u00a0conformar en Sucre (Sucre) un \u00a0grupo \u00a0armado que les perteneciera, en lugar de seguir pagando por el control de \u00a0ese \u00a0municipio \u00a060 \u00a0millones \u00a0de \u00a0pesos \u00a0a grupos de autodefensas ya existentes, \u00a0precis\u00f3 Castillo Peralta: \u00a0\u00a0<\/p>\n<p>\u201cAcordaron dar 60 millones de pesos para \u00a0dotar \u00a0a quince o doce muchachos bien dotados con uniformes, morrales y fusiles, \u00a0para \u00a0conformar \u00a0un \u00a0grupo de autodefensas; hasta a m\u00ed me propusieron que si yo \u00a0pod\u00eda \u00a0manejarles \u00a0la parte militar, yo les dije que no porque era muy conocido \u00a0en \u00a0la \u00a0regi\u00f3n \u00a0y \u00a0que \u00a0no quer\u00eda tener problemas, eso me lo propuso el doctor \u00a0ARANA; \u00a0entonces JOAQU\u00cdN GARC\u00cdA le pregunt\u00f3 a ARANA que de d\u00f3nde iba a sacar \u00a0la \u00a0plata,\u00a0 \u00a0y \u00a0\u00e9ste \u00a0le \u00a0contest\u00f3 \u00a0que como el alcalde estaba ah\u00ed y era \u00a0nuestro, \u00a0\u00e9l \u00a0les iba a colaborar con eso. Ah\u00ed fue que empezaron los contratos \u00a0y \u00a0a \u00a0mandar \u00a0plata, \u00a0y \u00a0como \u00a0constancia de eso tengo \u00a0una \u00a0copia \u00a0de \u00a0un \u00a0cheque \u00a0por valor de $17.281.393, \u00a0perteneciente \u00a0a \u00a0la \u00a0cuenta \u00a0del \u00a0ingeniero \u00a0OCTAVIO \u00a0OTERO, \u00a0y \u00a0la \u00a0esposa del \u00a0ingeniero; \u00a0el \u00a0gir\u00f3 el cheque, me lo dio y yo lo cobr\u00e9, entonces llegaron los \u00a0se\u00f1ores \u00a0PEDRAZA \u00a0al \u00a0parqueadero (Almirante Padilla) y se llevaron la plata, y \u00a0ahora \u00a0 \u00a0en \u00a0 \u00a0la \u00a0 actualidad \u00a0 est\u00e1 \u00a0 operando \u00a0 el \u00a0 mismo \u00a0 grupo \u00a0 en \u00a0 La \u00a0Mojana\u201d. \u00a0\u00a0<\/p>\n<p>La \u00a0Fiscal\u00eda \u00a0General \u00a0de la Naci\u00f3n tom\u00f3 \u00a0inmediato \u00a0inter\u00e9s \u00a0por \u00a0el \u00a0asunto \u00a0y \u00a0comenz\u00f3 \u00a0por \u00a0determinar \u00a0que \u00a0el 4 de \u00a0noviembre \u00a0de \u00a01998, en el municipio de Sucre (Sucre), se suscribi\u00f3 el contrato \u00a0de \u00a0obra \u00a018A entre el alcalde de ese lugar, \u00c1ngel Daniel Villarreal Barrag\u00e1n, \u00a0y \u00a0el ingeniero civil Octavio Segundo Otero Porras. El objeto contractual fue la \u00a0construcci\u00f3n, \u00a0en \u00a090 \u00a0d\u00edas, \u00a0de \u00a0un \u201cterrapl\u00e9n con pr\u00e9stamo lateral\u201d de \u00a08.695 \u00a0metros \u00a0c\u00fabicos en el \u00a0corregimiento \u00a0 \u00a0de \u00a0 Guaripa \u00a0 y \u00a0 el \u00a0 precio \u00a0 pactado \u00a0 fue \u00a0 la \u00a0 suma \u00a0 de \u00a0$49.996.250. \u00a0\u00a0<\/p>\n<p>Copia \u00a0 del \u00a0contrato \u00a0y \u00a0de \u00a0los \u00a0dem\u00e1s \u00a0documentos \u00a0relacionados \u00a0con el proceso de contrataci\u00f3n fueron aportados en la \u00a0inspecci\u00f3n \u00a0judicial \u00a0que llev\u00f3 a cabo el fiscal sexto local de esa poblaci\u00f3n \u00a0el \u00a017 \u00a0de \u00a0abril de 2002 en las respectivas oficinas municipales, en desarrollo \u00a0de \u00a0una \u00a0comisi\u00f3n \u00a0dispuesta \u00a0por \u00a0el \u00a0Fiscal \u00a0General \u00a0de \u00a0la \u00a0Naci\u00f3n \u00a0en \u00a0la \u00a0investigaci\u00f3n \u00a0preliminar \u00a0que \u00a0segu\u00eda contra el entonces gobernador de Sucre, \u00a0Salvador Arana Sus. \u00a0\u00a0<\/p>\n<p>Tales \u00a0documentos \u00a0obran \u00a0en \u00a0el \u00a0presente \u00a0proceso75 \u00a0en \u00a0consideraci\u00f3n a que ese expediente, iniciado como se dijo por \u00a0la \u00a0denuncia \u00a0formulada \u00a0el \u00a021 \u00a0de \u00a0enero \u00a0de 2001 por Castillo Peralta ante la \u00a0fiscal \u00a0 \u00a0especializada \u00a0 \u00a0Yolanda \u00a0 \u00a0Paternina, \u00a0 \u00a0fue \u00a0 \u00a0trasladado \u00a0 \u00a0en \u00a0 su \u00a0totalidad76. \u00a0\u00a0<\/p>\n<p>Se constat\u00f3 all\u00ed que el 9 de noviembre de \u00a01998, \u00a0como anticipo del contrato, el municipio de Sucre le gir\u00f3 al contratista \u00a0Otero \u00a0Porras un cheque del Banco Popular por la suma de $23.248.25777, \u00a0suma de la \u00a0cual \u00a0le \u00a0entregaron \u00a0a \u00a0Castillo \u00a0la cantidad de $17.281.393 el 12 de noviembre \u00a0siguiente, \u00a0 a \u00a0 trav\u00e9s \u00a0 de \u00a0un \u00a0cheque \u00a0del \u00a0Banco \u00a0Cooperativo \u00a0de \u00a0Colombia \u00a0\u2013sucursal \u00a0Sincelejo\u2014, que \u00e9ste hizo \u00a0efectivo \u00a0 \u00a0 \u00a0 \u00a0 \u00a0 por \u00a0 \u00a0 \u00a0 \u00a0 \u00a0 ventanilla78 \u00a0al \u00a0otro \u00a0d\u00eda. \u00a0El t\u00edtulo \u00a0valor \u00a0se \u00a0lo \u00a0gir\u00f3 \u00a0a \u00a0Castillo \u00a0Peralta \u00a0la \u00a0se\u00f1ora \u00a0Beatriz \u00a0Lorena \u00a0V\u00e9lez \u00a0Henao. \u00a0\u00a0<\/p>\n<p>Las \u00a0explicaciones \u00a0solicitadas por el ente \u00a0investigador \u00a0pronto comenzaron a develar c\u00f3mo aqu\u00e9l hab\u00eda contado la verdad. \u00a0El \u00a0 \u00a0 \u00a012 \u00a0 \u00a0 \u00a0de \u00a0 \u00a0 \u00a0diciembre \u00a0 \u00a0 de \u00a0 \u00a0 200179, el contratista Otero Porras \u00a0manifest\u00f3 \u00a0que \u00a0hab\u00eda \u00a0subcontratado la construcci\u00f3n del terrapl\u00e9n con Jairo \u00a0Castillo \u00a0Peralta \u00a0y \u00a0que \u00a0esa \u00a0fue \u00a0la \u00a0raz\u00f3n por la cual le adelant\u00f3 la suma \u00a0contenida \u00a0en \u00a0el \u00a0cheque, \u00a0pero \u00a0que \u00a0todo \u00a0result\u00f3 \u00a0ser \u00a0una \u00a0estafa, pues el \u00a0pretendido subcontratista nunca llev\u00f3 a cabo la obra. \u00a0\u00a0<\/p>\n<p>En \u00a0un \u00a0evidente \u00a0af\u00e1n \u00a0por \u00a0justificar la \u00a0situaci\u00f3n \u00a0y \u00a0hacer \u00a0creer \u00a0que \u00a0no \u00a0pudo \u00a0recuperar \u00a0el dinero, el contratista \u00a0acudi\u00f3 \u00a0a \u00a0la \u00a0coartada \u00a0de \u00a0manifestar que fue objeto de amenazas por parte de \u00a0Jairo Castillo, asegurando: \u00a0\u00a0<\/p>\n<p>\u201cEste \u00a0se\u00f1or \u00a0PITIRRI \u00a0o \u00a0CASTILLO \u00a0me \u00a0estaf\u00f3 \u00a0a \u00a0m\u00ed. \u00a0Yo \u00a0me lo encontr\u00e9 de casualidad; \u00e9l andaba en una camioneta \u00a0Ranger, \u00a0yo \u00a0iba saliendo del Banco Cafetero aqu\u00ed en Sincelejo y le dije que me \u00a0hab\u00eda \u00a0incumplido \u00a0y \u00a0que me devolviera el dinero, que yo ten\u00eda una constancia \u00a0del \u00a0cheque \u00a0que \u00a0le \u00a0hab\u00eda entregado, que casi me perjudica profesionalmente y \u00a0ahora \u00a0me \u00a0perjudicaba \u00a0econ\u00f3micamente, \u00a0pero \u00a0\u00e9l me respondi\u00f3 que dejara las \u00a0cosas \u00a0quietas, \u00a0que \u00a0averiguara qui\u00e9n era \u00e9l, porque si segu\u00eda molest\u00e1ndolo \u00a0me \u00a0pod\u00eda \u00a0pasar \u00a0algo. \u00a0Esto lo coment\u00e9 en la casa y prevalece en nosotros la \u00a0vida \u00a0 \u00a0sobre \u00a0 \u00a0la \u00a0 \u00a0cuesti\u00f3n \u00a0 \u00a0econ\u00f3mica\u202680\u201d. \u00a0\u00a0<\/p>\n<p>Como el contratista ten\u00eda que justificar el \u00a0hecho \u00a0 \u2013por \u00a0s\u00ed \u00a0solo \u00a0cuestionable \u00a0y \u00a0extra\u00f1o\u2013 \u00a0de \u00a0haber \u00a0\u201csubcontratado\u201d \u00a0la \u00a0ejecuci\u00f3n \u00a0de \u00a0la \u00a0obra \u00a0con \u00a0quien \u00a0le era \u00a0pr\u00e1cticamente \u00a0un \u00a0desconocido, \u00a0dentro \u00a0de \u00a0la \u00a0investigaci\u00f3n \u00a0que segu\u00eda al \u00a0exgobernador \u00a0Arana \u00a0Sus, \u00a0arguy\u00f3 \u00a0en \u00a0declaraci\u00f3n \u00a0que, \u00a0una \u00a0vez suscrito el \u00a0contrato, \u00a0Castillo \u00a0Peralta, \u00a0a quien no conoc\u00eda por entonces, lo contact\u00f3 en \u00a0su \u00a0oficina \u201ccomo tres o cuatro veces\u201d y le ofreci\u00f3 hacer la obra p\u00fablica. \u00a0\u00a0<\/p>\n<p>Asever\u00f3 entonces el se\u00f1or Otero Porras que \u00a0ante \u00a0la \u00a0insistencia \u00a0de \u00a0Pitirri \u00a0procedi\u00f3 a pedir referencias de \u00e9l, una de \u00a0ellas \u00a0al \u00a0alcalde \u00a0Villarreal \u00a0Barrag\u00e1n, quien le dijo \u201cque el se\u00f1or ten\u00eda \u00a0maquinaria \u00a0 y \u00a0 que \u00a0 administraba \u00a0 maquinaria \u00a0 en \u00a0 la \u00a0 zona\u201d81 \u00a0 \u00a0donde \u00a0tendr\u00eda \u00a0lugar \u00a0la \u00a0construcci\u00f3n del terrapl\u00e9n, por lo que acordaron entonces \u00a0la \u00a0 realizaci\u00f3n \u00a0de \u00a0\u00e9sta \u00a0en \u00a030 \u00a0d\u00edas \u00a0por \u00a0la \u00a0suma \u00a0de \u00a0$36.000.000, \u00a0lo \u00a0subcontrat\u00f3 \u00a0y le entreg\u00f3 como adelanto el cheque de $17.281.393 girado por su \u00a0esposa. \u00a0\u00a0<\/p>\n<p>Asegurando \u00a0que \u00a0el presunto subcontratista \u00a0hab\u00eda \u00a0incumplido, \u00a0dijo \u00a0que \u00a0le \u00a0reclam\u00f3 \u00a0un \u00a0d\u00eda \u00a0que \u00a0se lo encontr\u00f3 por \u00a0casualidad \u00a0saliendo del Banco Cafetero en Sincelejo y la respuesta que recibi\u00f3 \u00a0fue una amenaza y que por eso resolvi\u00f3 dejar las cosas as\u00ed: \u00a0\u00a0<\/p>\n<p>\u201cMe estaf\u00f3 y me chantaje\u00f3, denunciarlo \u00a0no \u00a0quise \u00a0porque \u00a0prevalece \u00a0nuevamente \u00a0la \u00a0tranquilidad \u00a0de \u00a0la familia y por \u00a0informaci\u00f3n \u00a0se dec\u00eda que ese se\u00f1or estaba al margen de la ley, se dec\u00eda que \u00a0es \u00a0informante \u00a0de \u00a0los \u00a0paramilitares \u00a0o \u00a0de \u00a0la \u00a0guerrilla, \u00a0no \u00a0s\u00e9, no tengo \u00a0intereses \u00a0econ\u00f3micos \u00a0en \u00a0Sucre \u00a0para \u00a0tener \u00a0ning\u00fan nexo con ese se\u00f1or para \u00a0saber si era paramilitar o guerrillero\u201d. \u00a0\u00a0<\/p>\n<p>Como \u00a0correspond\u00eda, \u00a0la Fiscal\u00eda llam\u00f3 a \u00a0declarar \u00a0al \u00a0alcalde \u00a0\u00c1ngel \u00a0Daniel \u00a0Villarreal \u00a0Barrag\u00e1n, \u00a0diligencia que se \u00a0llev\u00f3 \u00a0a \u00a0cabo \u00a0el \u00a0mismo \u00a0d\u00eda \u00a0que \u00a0la del contratista Otero Porras, y aunque \u00a0confirm\u00f3 \u00a0que \u00e9ste lo llam\u00f3 para preguntarle sobre Jairo Castillo Peralta, no \u00a0refiri\u00f3 \u00a0que \u00a0le \u00a0hubiera dicho que aqu\u00e9l tuviera maquinaria, en el sentido de \u00a0que \u00a0fuera \u00a0due\u00f1o \u00a0de \u00a0ella, \u00a0como \u00a0se \u00a0deduce \u00a0del \u00a0siguiente \u00a0pasaje \u00a0de \u00a0esa \u00a0declaraci\u00f3n: \u00a0\u00a0<\/p>\n<p>\u201c\u2026 recuerdo que el se\u00f1or OCTAVIO OTERO \u00a0me \u00a0llam\u00f3 \u00a0para preguntarme si yo conoc\u00eda al se\u00f1or PITIRRI y si sab\u00eda si \u00e9l \u00a0ten\u00eda \u00a0maquinaria; \u00a0yo \u00a0recuerdo que le dije que cuando estaba en La Mojana \u00e9l \u00a0administraba \u00a0maquinaria \u00a0del se\u00f1or MARCOS JANNEL y no sab\u00eda si a\u00fan trabajaba \u00a0en \u00a0eso, \u00a0y \u00a0me pregunt\u00f3 si lo conoc\u00eda y yo le dije que conoc\u00eda al pap\u00e1, que \u00a0ten\u00eda \u00a0 \u00a0 \u00a0 finca \u00a0 \u00a0 \u00a0 en \u00a0 \u00a0 \u00a0La \u00a0 \u00a0 \u00a0Mojana82\u201d. \u00a0\u00a0<\/p>\n<p>A \u00a0la \u00a0Corte, \u00a0sobre \u00a0el \u00a0mismo particular, \u00a0Villarreal Barrag\u00e1n le dijo bajo juramento el 24 de enero de 2007: \u00a0\u00a0<\/p>\n<p>\u201cEl \u00a0contratista OCTAVIO OTERO me llam\u00f3 \u00a0en \u00a0esa \u00a0ocasi\u00f3n \u00a0para preguntarme si yo conoc\u00eda al PITIRRI y si sab\u00eda si \u00e9l \u00a0ten\u00eda \u00a0maquinaria, \u00a0le \u00a0manifest\u00e9 que al PITIRRI lo conoc\u00ed en el municipio de \u00a0Sucre \u00a0y \u00a0que no sab\u00eda si ten\u00eda maquinaria, simplemente ten\u00eda conocimiento de \u00a0que \u00a0le \u00a0hab\u00eda \u00a0administrado o le estaba administrando una maquinaria al se\u00f1or \u00a0MARCO \u00a0JANNE, \u00a0reconocido \u00a0agricultor \u00a0de la regi\u00f3n de La Mojana y que despu\u00e9s \u00a0JANNE \u00a0se \u00a0vino \u00a0para \u00a0la \u00a0ciudad \u00a0de \u00a0Sincelejo, \u00a0no \u00a0s\u00e9 si \u00e9l en ese momento \u00a0todav\u00eda \u00a0segu\u00eda \u00a0administrando \u00a0la \u00a0maquinaria \u00a0y \u00a0fue \u00a0los \u00a0datos que le di a \u00a0OCTAVIO \u00a0OTERO83\u201d. \u00a0\u00a0<\/p>\n<p>N\u00f3tese \u00a0entonces \u00a0que, adem\u00e1s de la forma \u00a0sospechosa \u00a0y \u00a0dejada \u00a0al \u00a0azar \u00a0como supuestamente Octavio Otero pr\u00e1cticamente \u00a0habr\u00eda \u00a0\u201ccedido\u201d \u00a0el \u00a0contrato \u00a0del \u00a0terrapl\u00e9n, \u00a0del \u00a0dicho del alcalde se \u00a0deriva \u00a0que nunca le confirm\u00f3 que Pitirri tuviera o administrara maquinaria, ni \u00a0mucho \u00a0menos \u00a0que la tuviera en la zona de la obra, como intent\u00f3 hacer creer el \u00a0contratista para justificarse ante la Fiscal\u00eda. \u00a0\u00a0<\/p>\n<p>Ahora, \u00a0como \u00a0lo hall\u00f3 l\u00f3gico la Corte al \u00a0momento de convocar a juicio al ac\u00e1 procesado: \u00a0\u00a0<\/p>\n<p>\u201cDe ser verdad que OTERO PORRAS llam\u00f3 al \u00a0alcalde \u00a0contratante \u00a0para \u00a0preguntarle por CASTILLO PERALTA, es l\u00f3gico deducir \u00a0que \u00a0le comunic\u00f3 que lo pensaba subcontratar e igual que le ten\u00eda confianza al \u00a0juicio \u00a0del \u00a0funcionario sobre la persona a referenciar. Y si se tiene en cuenta \u00a0que \u00a0en \u00a0la \u00a0declaraci\u00f3n \u00a0dada por VILLARREAL BARRAG\u00c1N a la Fiscal\u00eda en 2001, \u00a0mencion\u00f3 \u00a0que \u00a0a \u00a0PITIRRI \u00a0lo \u00a0conoci\u00f3 \u00a0en \u00a0la \u00a0d\u00e9cada \u00a0de los OCHENTA cuando \u00a0trabajaba \u00a0\u2018con un se\u00f1or \u00a0MARCOS \u00a0 \u00a0 JANNE, \u00a0 \u00a0 atendi\u00e9ndole \u00a0 \u00a0 cultivos \u00a0 \u00a0 y \u00a0 \u00a0maquinaria\u2019 \u00a0y \u00a0que \u00a0desde \u00a0hac\u00eda \u00a0\u2018bastante\u2019 \u00a0tiempo \u00a0se \u00a0hab\u00eda \u00a0retirado \u00a0de la \u00a0regi\u00f3n, \u00a0es \u00a0apenas \u00a0natural \u00a0inferir, \u00a0en especial cuando el consultado era el \u00a0propio \u00a0contratante, \u00a0que le transmiti\u00f3 dicha informaci\u00f3n al contratista y que \u00a0en \u00a0esas \u00a0circunstancias \u00a0a \u00a0nadie \u00a0se \u00a0le \u00a0habr\u00eda ocurrido, y mucho menos a un \u00a0negociante \u00a0experimentado \u00a0como OTERO PORRAS, pactar con un desconocido respecto \u00a0del \u00a0cual \u00a0ni \u00a0siquiera \u00a0sab\u00eda que tuviera a su disposici\u00f3n la infraestructura \u00a0necesaria \u00a0para \u00a0construir \u00a0el \u00a0terrapl\u00e9n. Sobre todo en las condiciones en que \u00a0sostuvo \u00a0que \u00a0lo \u00a0hizo, \u00a0s\u00f3lo \u00a0comprensibles \u00a0como \u00a0producto \u00a0de \u00a0una \u00a0candidez \u00a0dram\u00e1tica, \u00a0de \u00a0la \u00a0que \u00a0no \u00a0era \u00a0poseedor \u00a0el \u00a0ingeniero, \u00a0o \u00a0de una impostura \u00a0descarada, \u00a0que \u00a0todo indica que asumi\u00f3 para protegerse e igual a varios amigos \u00a0suyos \u00a0que \u00a0determinaron \u00a0que \u00a0una \u00a0parte \u00a0importante \u00a0del \u00a0valor \u00a0del \u00a0contrato \u00a0\u2013la \u00a0 \u00a0entregada \u00a0 a \u00a0CASTILLO\u2013 \u00a0formara parte \u00a0de \u00a0los recursos que emplear\u00edan en la creaci\u00f3n de un grupo armado ilegal en la \u00a0regi\u00f3n de La Mojana\u201d. \u00a0\u00a0<\/p>\n<p>Lo \u00a0que \u00a0f\u00e1cilmente \u00a0se \u00a0deduce \u00a0es que en \u00a0aquella \u00a0\u00e9poca, en un municipio tan apartado y en las condiciones de casi total \u00a0hegemon\u00eda \u00a0paramilitar \u00a0que \u00a0all\u00ed \u00a0exist\u00edan, \u00a0nadie \u00a0pens\u00f3 que m\u00e1s adelante \u00a0alguien \u00a0 \u00a0ir\u00eda \u00a0 \u00a0a \u00a0 \u00a0revelar \u00a0 \u00a0-con \u00a0 soportes \u00a0documentales- \u00a0la \u00a0forma \u00a0descarada \u00a0como \u00a0le \u00a0fueron \u00a0desviados \u00a0esos \u00a0recursos al grupo ilegal a trav\u00e9s de Castillo Peralta, persona \u00a0que \u00a0seg\u00fan \u00a0lo \u00a0advirti\u00f3 \u00a0en su postrera declaraci\u00f3n el mismo contratista, se \u00a0sab\u00eda que ten\u00eda v\u00ednculos con el grupo ilegal. \u00a0\u00a0<\/p>\n<p>Otro \u00a0aspecto \u00a0que \u00a0dej\u00f3 \u00a0muy maltrecha la \u00a0coartada \u00a0del \u00a0contratista \u00a0en \u00a0torno \u00a0a \u00a0que \u00a0prefiri\u00f3 perder aquel dinero que \u00a0denunciar \u00a0las \u00a0supuestas \u00a0amenazas del pretendido \u201csubcontratista\u201d, provino \u00a0de \u00a0la \u00a0propia \u00a0esposa \u00a0del \u00a0se\u00f1or \u00a0Otero \u00a0Porras, \u00a0do\u00f1a Beatriz Helena V\u00e9lez \u00a0Henao. \u00a0\u00a0<\/p>\n<p>La referida dama, en su declaraci\u00f3n del 15 \u00a0de \u00a0abril \u00a0de \u00a02002, \u00a0explic\u00f3 \u00a0que \u00a0ella \u00a0le \u00a0manejaba las cuentas a su esposo, \u00a0Octavio \u00a0Otero \u00a0Porras, \u00a0pero \u00a0que \u00a0en \u00a0relaci\u00f3n \u00a0con \u00a0el cheque girado a Jairo \u00a0Castillo \u00a0Peralta, \u00a0no \u00a0conoc\u00eda \u00a0al \u00a0beneficiario \u00a0del \u00a0t\u00edtulo valor ni hab\u00eda \u00a0tenido \u00a0ning\u00fan \u00a0negocio \u00a0con \u00a0\u00e9l \u00a0y \u00a0que, por consiguiente, no pod\u00eda precisar \u00a0nada, \u00a0porque \u00a0no \u00a0recordaba, \u00a0sobre \u00a0ese \u00a0desembolso84. \u00a0\u00a0<\/p>\n<p>La se\u00f1ora V\u00e9lez Henao sostuvo lo anterior \u00a0a \u00a0pesar \u00a0de\u00a0\u00a0 \u00a0que \u00a0su \u00a0c\u00f3nyuge \u00a0ya \u00a0hab\u00eda declarado sobre la misma \u00a0materia, \u00a0mencionando \u00a0el tema de la supuesta defraudaci\u00f3n y amenazas por parte \u00a0del \u00a0supuesto \u00a0subcontratista. \u00a0El \u00a0an\u00e1lisis \u00a0desprevenido \u00a0de \u00a0lo \u00a0hasta aqu\u00ed \u00a0relacionado \u00a0pone \u00a0al \u00a0descubierto \u00a0una \u00a0seria \u00a0inconsistencia \u00a0testimonial: \u00a0es \u00a0entendible, \u00a0como en su momento lo relacion\u00f3 la Corte, que la deponente Beatriz \u00a0V\u00e9lez \u00a0 dentro \u00a0 del \u00a0 rol \u00a0ordinario \u00a0de \u00a0los \u00a0negocios \u00a0como \u00a0compa\u00f1era \u00a0del \u00a0contratista, \u00a0girara \u00a0cheques para pagar operarios, materiales e incluso cuentas \u00a0asociadas \u00a0probablemente \u00a0a \u00a0subcontrataciones \u00a0de obras p\u00fablicas o de parte de \u00a0ellas \u00a0y \u00a0as\u00ed \u00a0se \u00a0explicar\u00eda sin dificultad que ante la solicitud judicial de \u00a0informaci\u00f3n no tuviera recordaci\u00f3n por ninguno en particular. \u00a0\u00a0<\/p>\n<p>No obstante, un giro de tan inusual cuant\u00eda \u00a0(84,79 \u00a0salarios m\u00ednimos legales mensuales de la \u00e9poca), que comprometi\u00f3 casi \u00a0el \u00a080% del valor del anticipo recibido del municipio de Sucre para construir el \u00a0terrapl\u00e9n \u00a0y que, proporcionalmente, significaba cerca de una tercera parte del \u00a0global \u00a0del precio del contrato, no hay raz\u00f3n para creer en el \u201colvido\u201d que \u00a0pregon\u00f3 \u00a0la \u00a0declarante, y mucho menos si precisamente esa cantidad constituy\u00f3 \u00a0un \u00a0pretendido \u00a0desfalco \u00a0o \u00a0estafa \u00a0y \u00a0luego \u00a0una amenaza contra su esposo, que \u00a0pr\u00e1cticamente \u00a0generar\u00eda \u00a0incumplir \u00a0con el contrato, comprometer el prestigio \u00a0del \u00a0contratista \u00a0y, \u00a0de \u00a0paso, \u00a0resentir \u00a0su \u00a0patrimonio en esa no despreciable \u00a0cantidad. \u00a0\u00a0<\/p>\n<p>La deliberada omisi\u00f3n de informaci\u00f3n de la \u00a0se\u00f1ora \u00a0V\u00e9lez \u00a0Henao \u00a0ante \u00a0las \u00a0autoridades \u00a0se explica a\u00fan menos cuando del \u00a0dicho \u00a0de \u00a0su \u00a0esposo \u00a0se establece que Pitirri lo amenaz\u00f3 con hacerle da\u00f1o si \u00a0denunciaba, \u00a0 situaci\u00f3n \u00a0que \u00a0Villarreal \u00a0Barrag\u00e1n \u00a0reconoci\u00f3 \u00a0haber \u00a0tratado \u00a0\u201cfamiliarmente\u201d. \u00a0\u00a0<\/p>\n<p>Si Otero Porras hubiera dicho la verdad, no \u00a0se \u00a0explica \u00a0la Corte que su c\u00f3nyuge y giradora del cheque careciera de memoria \u00a0sobre \u00a0semejante \u00a0hecho. \u00a0Si \u00a0en \u00a0realidad \u00a0hubieran \u00a0sido \u00a0estafados, \u00a0si quien \u00a0cometi\u00f3 \u00a0el \u00a0delito \u00a0adem\u00e1s \u00a0amenaz\u00f3 \u00a0de \u00a0muerte \u00a0a \u00a0su \u00a0marido \u00a0y \u00a0si \u00a0\u00e9ste \u00a0recientemente \u00a0hab\u00eda \u00a0concurrido \u00a0ante \u00a0un \u00a0fiscal \u00a0a \u00a0testificar alrededor del \u00a0asunto, \u00a0lo \u00a0comprensible y sensato habr\u00eda sido que ella hablara de esos hechos \u00a0ante \u00a0la autoridad que indagaba, los que acorde con las reglas de la experiencia \u00a0deb\u00eda\u00a0 \u00a0tener \u00a0muy \u00a0presentes, \u00a0y \u00a0no \u00a0que \u00a0limitara \u00a0sus \u00a0explicaciones a \u00a0se\u00f1alar \u00a0simplemente \u00a0que \u00a0emit\u00eda \u00a0los cheques que le ordenaba su esposo y que \u00a0como eran muchos no se acordaba de ninguno. \u00a0\u00a0<\/p>\n<p>Seg\u00fan \u00a0esa \u00a0l\u00f3gica, \u00a0puede llegarse a una \u00a0conclusi\u00f3n \u00a0que \u00a0favorece, \u00a0de \u00a0nuevo, \u00a0la \u00a0versi\u00f3n \u00a0de Pitirri y es que aquel \u00a0dinero \u00a0efectivamente \u00a0era \u00a0la partida preacordada como contribuci\u00f3n econ\u00f3mica \u00a0inicial \u00a0para \u00a0la \u00a0conformaci\u00f3n \u00a0de \u00a0un \u00a0grupo \u00a0de \u00a0paramilitares, conseguida a \u00a0trav\u00e9s \u00a0de \u00a0un contrato municipal -recu\u00e9rdese que en \u00a0su \u00a0declaraci\u00f3n, \u00a0Pitirri \u00a0dijo \u00a0que \u00a0el alcalde en ejercicio de Sucre tambi\u00e9n \u00a0hab\u00eda \u00a0asistido \u00a0a \u00a0esa \u00a0reuni\u00f3n- \u00a0y \u00a0que \u00a0ya \u00a0en el \u00a0transcurso \u00a0de \u00a0la \u00a0investigaci\u00f3n, \u00a0la \u00a0esposa \u00a0del \u00a0contratista \u00a0OTERO \u00a0PORRAS \u00a0decidiera \u00a0no \u00a0apoyar con su dicho la inveros\u00edmil explicaci\u00f3n que \u00e9ste le dio \u00a0a \u00a0la \u00a0autoridad, prefiriendo manifestar que no recordaba ni conoc\u00eda a Pitirri, \u00a0ni \u00a0 tampoco \u00a0 identificar \u00a0el \u00a0origen \u00a0de \u00a0la \u00a0transacci\u00f3n \u00a0cuyo \u00a0cheque \u00a0ella \u00a0gir\u00f3. \u00a0\u00a0<\/p>\n<p>Otro \u00a0aspecto \u00a0que \u00a0contribuye \u00a0sin duda al \u00a0convencimiento \u00a0 de \u00a0haberse \u00a0tratado \u00a0de \u00a0un \u00a0desv\u00edo \u00a0de \u00a0recursos \u00a0hacia \u00a0los \u00a0paramilitares \u00a0es \u00a0que \u00a0contra toda l\u00f3gica y regla de experiencia, se trat\u00f3 de \u00a0un \u00a0negocio \u00a0sin documentos soporte. A s\u00f3lo tres d\u00edas de recibir del municipio \u00a0de \u00a0Sucre \u00a0el \u00a050% \u00a0del \u00a0precio \u00a0del \u00a0contrato \u00a0-$23.248.257-, \u00a0le \u00a0gir\u00f3 \u00a0a \u00a0un \u00a0desconocido \u00a0&#8211; \u00a0cuya \u00a0solicitud \u00a0de \u201creferencias\u201d \u00a0result\u00f3 \u00a0 parte \u00a0 de \u00a0 una \u00a0farragosa \u00a0versi\u00f3n- \u00a0los \u00a0$17.281.393, \u00a0sin \u00a0siquiera \u00a0producir \u00a0un \u00a0recibo \u00a0o \u00a0cualquier \u00a0constancia \u00a0que \u00a0sirviera \u00a0para \u00a0demostrar ante cualquier requerimiento, o ante el supervisor del \u00a0contrato, la causa del desembolso. \u00a0\u00a0<\/p>\n<p>Una \u00a0conducta \u00a0bastante \u00a0reveladora, porque \u00a0as\u00ed \u00a0no \u00a0suceden \u00a0habitualmente \u00a0las cosas seg\u00fan lo ense\u00f1a la experiencia, la \u00a0cual \u00a0a la postre lo \u00fanico que consigue es transmitirle fuerza a la versi\u00f3n de \u00a0Castillo \u00a0Peralta, \u00a0si \u00a0se \u00a0tiene \u00a0en \u00a0cuenta \u00a0que \u00a0se encuentra fundamentada en \u00a0circunstancias \u00a0objetivamente \u00a0comprobadas, \u00a0que \u00a0encajan \u00a0sin \u00a0dificultad y que \u00a0logran dar una explicaci\u00f3n satisfactoria de lo sucedido. \u00a0\u00a0<\/p>\n<p>As\u00ed, \u00a0por \u00a0ejemplo, \u00a0el \u00a0documento \u00a0que le \u00a0entreg\u00f3 \u00a0Otero \u00a0Porras con el cheque y que \u201cPitirri\u201d aport\u00f3 en copia en la \u00a0declaraci\u00f3n \u00a0que \u00a0rindi\u00f3 \u00a0el 17 de octubre de 2001 ante la Unidad de Fiscal\u00eda \u00a0ante \u00a0la \u00a0Corte85, \u00a0se \u00a0titula \u00a0\u201cRelaci\u00f3n \u00a0de \u00a0gastos \u00a0contrato terrapl\u00e9n Sucre &#8211; \u00a0Sucre\u201d y presenta el siguiente contenido: \u00a0\u00a0<\/p>\n<p>Consignaci\u00f3n \u00a0\u00a0 \u00a0\u00a0 \u00a0\u00a0 \u00a0\u00a0 \u00a0\u00a0 \u00a0\u00a0 \u00a0 \u00a0\u00a0 \u00a0 \u00a0 \u00a0 \u00a0 \u00a0\u00a0 \u00a0\u00a0 \u00a0\u00a0 \u00a0\u00a0 \u00a0\u00a0 \u00a0\u00a0 \u00a0\u00a0 \u00a0\u00a0 \u00a0 \u00a0\u00a0 \u00a0 \u00a0 \u00a0 \u00a0 \u00a0 \u00a0 \u00a0 \u00a0 \u00a0\u00a0 \u00a0 \u00a0 \u00a0 \u00a0 \u00a0\u00a0 \u00a0\u00a023.248.257 \u00a0\u00a0<\/p>\n<p>Gastos de legalizaci\u00f3n \u00a0<\/p>\n<p>1. \u00a0Publicaci\u00f3n \u00a0\u00a0 \u00a0\u00a0 \u00a0\u00a0 \u00a0\u00a0 \u00a0\u00a0 \u00a0\u00a0 \u00a0 \u00a0\u00a0 \u00a0 \u00a0 \u00a0 \u00a0 \u00a0\u00a0 \u00a0\u00a0 \u00a0 \u00a0 \u00a0 \u00a0\u00a0 \u00a0 \u00a0 \u00a0 \u00a0\u00a0 \u00a0 \u00a0 \u00a0 \u00a0\u00a0 \u00a0 \u00a0 \u00a0 \u00a0\u00a0\u00a0\u00a0 \u00a0 \u00a0 \u00a0 \u00a0 \u00a0\u00a0 \u00a0 \u00a0 \u00a0 \u00a0 \u00a0\u00a0 \u00a0\u00a0 \u00a0 \u00a0 \u00a0 \u00a0\u00a0 \u00a0 \u00a0 \u00a0 \u00a0\u00a0 \u00a0 \u00a0 \u00a0 \u00a0\u00a0 \u00a0 \u00a0 \u00a0 \u00a0\u00a0\u00a0\u00a0\u00a0 321.300 \u00a0\u00a0<\/p>\n<p>2. P\u00f3liza \u00a0 \u00a0\u00a0 \u00a0 \u00a0\u00a0 \u00a0 \u00a0 \u00a0 \u00a0 \u00a0 \u00a0 \u00a0 \u00a0 \u00a0\u00a0 \u00a0 \u00a0 \u00a0 \u00a0 \u00a0\u00a0 \u00a0\u00a0 \u00a0\u00a0 \u00a0\u00a0 \u00a0\u00a0 \u00a0\u00a0 \u00a0\u00a0 \u00a0\u00a0 \u00a0\u00a0 \u00a0\u00a0\u00a0\u00a0\u00a0 \u00a0 \u00a0 \u00a0\u00a0 \u00a0\u00a0 \u00a0\u00a0 \u00a0\u00a0 \u00a0\u00a0 \u00a0 \u00a0\u00a0 \u00a0 \u00a0 \u00a0 \u00a0 \u00a0 \u00a0 \u00a0 \u00a0 \u00a0\u00a0\u00a0\u00a0\u00a0\u00a0 245.564 \u00a0\u00a0<\/p>\n<p>3. \u00a0 \u00a0 \u00a0Transporte \u00a0 \u00a0 Sucre \u00a0 \u00a0 &#8211; \u00a0Publicaci\u00f3n \u00a0\u00a0 \u00a0 \u00a0 \u00a0 \u00a0\u00a0 \u00a0\u00a0 \u00a0\u00a0 \u00a0\u00a0 \u00a0\u00a0 \u00a0\u00a0 \u00a0 \u00a0\u00a0 \u00a0 \u00a0 \u00a0 \u00a0 \u00a0 \u00a0 \u00a0 \u00a0 \u00a0\u00a0\u00a0\u00a0\u00a0\u00a0\u00a0\u00a0 \u00a050.000 \u00a0\u00a0<\/p>\n<p>4. \u00a0 \u00a0Transporte \u00a0 \u00a0Sucre \u00a0 &#8211; \u00a0 buscar \u00a0cheque \u00a0 \u00a0 \u00a0 \u00a0 \u00a0\u00a0 \u00a0\u00a0 \u00a0\u00a0 \u00a0\u00a0 \u00a0\u00a0 \u00a0\u00a0 \u00a0\u00a0 \u00a0\u00a0 \u00a0 \u00a0 \u00a0 \u00a0 \u00a0 \u00a0 \u00a0 \u00a0 \u00a0 \u00a0 \u00a0 \u00a0 \u00a0 \u00a0 \u00a0 \u00a0 \u00a0 \u00a0 \u00a0 \u00a0 \u00a0 \u00a0 \u00a0 \u00a0 \u00a0 \u00a0\u00a0\u00a0\u00a0\u00a0\u00a0\u00a0 50.000 \u00a0\u00a0<\/p>\n<p>5. \u00a0Impuestos \u00a0\u00a0 \u00a0\u00a0 \u00a0\u00a0 \u00a0\u00a0 \u00a0\u00a0 \u00a0\u00a0 \u00a0 \u00a0\u00a0 \u00a0 \u00a0 \u00a0 \u00a0 \u00a0\u00a0 \u00a0\u00a0 \u00a0\u00a0 \u00a0\u00a0 \u00a0\u00a0 \u00a0\u00a0 \u00a0\u00a0 \u00a0\u00a0 \u00a0 \u00a0\u00a0 \u00a0 \u00a0 \u00a0 \u00a0 \u00a0 \u00a0 \u00a0 \u00a0 \u00a0\u00a0 \u00a0 \u00a0 \u00a0 \u00a0 \u00a0\u00a0 \u00a0\u00a0\u00a0\u00a0\u00a0\u00a0 300.000 \u00a0\u00a0<\/p>\n<p>\u00a0 \u00a0\u00a0 \u00a0 \u00a0 \u00a0\u00a0 \u00a0\u00a0 \u00a0\u00a0 \u00a0\u00a0 \u00a0\u00a0 \u00a0\u00a0 \u00a0 \u00a0\u00a0 \u00a0 \u00a0 \u00a0 \u00a0 \u00a0 \u00a0 \u00a0 \u00a0 \u00a0\u00a0 \u00a0 \u00a0 \u00a0 \u00a0 \u00a0\u00a0 \u00a0\u00a0 \u00a0\u00a0 \u00a0\u00a0 \u00a0\u00a0 \u00a0\u00a0 \u00a0\u00a0 \u00a0\u00a0 \u00a0 \u00a0\u00a0 \u00a0 \u00a0 \u00a0 \u00a0 \u00a0 \u00a0 \u00a0 \u00a0 \u00a0\u00a0 \u00a0 \u00a0 \u00a0 \u00a0 \u00a0\u00a0 \u00a0\u00a0\u00a0\u00a0\u00a0\u00a0 966.864 \u00a0\u00a0<\/p>\n<p>Comisi\u00f3n \u00a0 \u00a0\u00a0 \u00a0 \u00a0\u00a0 \u00a0 \u00a0 \u00a0 \u00a0 \u00a0 \u00a0 \u00a0 \u00a0 \u00a0\u00a0 \u00a0 \u00a0 \u00a0 \u00a0 \u00a0\u00a0 \u00a0\u00a0 \u00a0\u00a0 \u00a0\u00a0 \u00a0\u00a0 \u00a0\u00a0 \u00a0\u00a0 \u00a0\u00a0 \u00a0 \u00a0\u00a0 \u00a0 \u00a0 \u00a0 \u00a0 \u00a0 \u00a0 \u00a0 \u00a0 \u00a0\u00a0 \u00a0 \u00a0 \u00a0 \u00a0 \u00a0\u00a0 \u00a0\u00a0 \u00a0 \u00a0 \u00a0 \u00a0 \u00a0\u00a0 \u00a0\u00a0\u00a0 \u00a05.000.000 \u00a0\u00a0<\/p>\n<p>\u00a0 \u00a0\u00a0 \u00a0 \u00a0 \u00a0\u00a0 \u00a0\u00a0 \u00a0\u00a0 \u00a0\u00a0 \u00a0\u00a0 \u00a0\u00a0 \u00a0 \u00a0\u00a0 \u00a0 \u00a0 \u00a0 \u00a0 \u00a0 \u00a0 \u00a0 \u00a0 \u00a0\u00a0 \u00a0 \u00a0 \u00a0 \u00a0 \u00a0\u00a0 \u00a0\u00a0 \u00a0\u00a0 \u00a0\u00a0 \u00a0\u00a0 \u00a0\u00a0 \u00a0\u00a0 \u00a0\u00a0 \u00a0 \u00a0\u00a0 \u00a0 \u00a0 \u00a0 \u00a0 \u00a0 \u00a0 \u00a0 \u00a0 \u00a0\u00a0 \u00a0 \u00a0 \u00a0 \u00a0 \u00a0\u00a0 \u00a0\u00a0\u00a0 5.966..864 \u00a0\u00a0<\/p>\n<p>Total \u00a0a \u00a0pagar \u00a0\u00a0 \u00a0\u00a0 \u00a0\u00a0 \u00a0\u00a0 \u00a0\u00a0 \u00a0\u00a0 \u00a0 \u00a0\u00a0 \u00a0 \u00a0 \u00a0 \u00a0 \u00a0\u00a0 \u00a0\u00a0 \u00a0\u00a0 \u00a0\u00a0 \u00a0\u00a0 \u00a0\u00a0 \u00a0\u00a0 \u00a0\u00a0 \u00a0 \u00a0\u00a0 \u00a0 \u00a0 \u00a0 \u00a0 \u00a0 \u00a0 \u00a0 \u00a0 \u00a0\u00a0 \u00a0 \u00a0 \u00a0 \u00a0 \u00a0\u00a0 \u00a0\u00a017.281.393 \u00a0\u00a0<\/p>\n<p>Otero \u00a0no tuvo otra alternativa que admitir \u00a0al \u00a0instructor \u00a0que \u00a0le \u00a0entreg\u00f3 ese papel a Castillo Peralta, pero de nuevo su \u00a0explicaci\u00f3n \u00a0se \u00a0torna poco cre\u00edble frente a la magnitud de la evidencia, pues \u00a0asegur\u00f3 \u00a0que \u00a0era para demostrarle a Castillo Peralta los descuentos hechos por \u00a0la \u00a0administraci\u00f3n y as\u00ed poder negociar el precio de la construcci\u00f3n, lo cual \u00a0es \u00a0absurdo \u00a0si \u00a0se \u00a0tiene \u00a0en cuenta que si en efecto se hubiera tratado de una \u00a0subcontrataci\u00f3n, \u00a0Otero \u00a0no \u00a0ten\u00eda \u00a0por \u00a0qu\u00e9 \u00a0ofrecer \u00a0esas \u00a0justificaciones. \u00a0\u00a0<\/p>\n<p>Sin \u00a0duda, \u00a0en \u00a0este \u00a0caso \u00a0el \u00a0contratista \u00a0previamente \u00a0hab\u00eda \u00a0conocido \u00a0la \u00a0destinaci\u00f3n \u00a0de \u00a0los \u00a0recursos p\u00fablicos que \u00a0compon\u00edan \u00a0ese \u00a0anticipo, y aun as\u00ed prest\u00f3 su nombre y su concurso para dicho \u00a0il\u00edcito, \u00a0situaci\u00f3n \u00a0revelada \u00a0despu\u00e9s por Pitirri, entregando como prueba el \u00a0cheque \u00a0del \u00a0valor del anticipo y el documento que conten\u00eda el descuento de los \u00a0gastos \u00a0de \u00a0legalizaci\u00f3n \u00a0y \u00a0transporte \u00a0que \u00a0se \u00a0debieron \u00a0sufragar, \u00a0restando \u00a0igualmente \u00a0una \u00a0comisi\u00f3n \u00a0de \u00a0$5.000.000, \u00a0que \u00a0seg\u00fan \u00a0anot\u00f3 Pitirri, se los \u00a0qued\u00f3 el ingeniero contratista. \u00a0\u00a0<\/p>\n<p>Para \u00a0efectos \u00a0del \u00a0compromiso \u00a0que \u00a0en los \u00a0hechos \u00a0le cabe al entonces senador GARC\u00cdA ROIMERO, se tiene que el 6 de agosto \u00a0de \u00a0 2001 \u00a0ante \u00a0funcionarios \u00a0de \u00a0la \u00a0Direcci\u00f3n \u00a0Nacional \u00a0de \u00a0Investigaciones \u00a0Especiales \u00a0de \u00a0la \u00a0Procuradur\u00eda \u00a0General \u00a0de \u00a0la \u00a0Naci\u00f3n, Castillo Peralta se \u00a0refiri\u00f3 \u00a0m\u00e1s \u00a0en \u00a0detalle \u00a0al \u00a0mismo hecho, y lo sostuvo en lo fundamental. En \u00a0aquella \u00a0declaraci\u00f3n \u00a0record\u00f3 \u00a0que en la reuni\u00f3n de Carb\u00f3n de Palo, sobre la \u00a0financiaci\u00f3n \u00a0del \u00a0grupo \u00a0paramilitar, \u00a0acordaron \u00a0que \u00a0\u00c1LVARO \u00a0GARC\u00cdA pod\u00eda \u00a0conseguir \u00a0 los \u00a0 contratos \u00a0 necesarios \u00a0 con \u00a0 el \u00a0gobernador \u00a0\u201cpara \u00a0mandarlos \u00a0al municipio de Sucre\u201d; \u00a0que \u00a0luego \u00a0Salvador \u00a0Arana \u00a0y \u00c1LVARO GARC\u00cdA consiguieron $32.000.000 para ese \u00a0fin, \u00a0que \u00a0hicieron \u00a0llegar \u00a0en \u00a0varias \u00a0partidas \u00a0a su parqueadero, tal como lo \u00a0ten\u00edan \u00a0previsto, \u00a0y \u00a0que \u00a0con \u00a0posterioridad \u00a0Octavio \u00a0Otero, seg\u00fan se hab\u00eda \u00a0convenido \u00a0con \u00a0Arana \u00a0y \u00a0con \u00a0el alcalde Villarreal en un encuentro en el mismo \u00a0restaurante, \u00a0en \u00a0el \u00a0cual tambi\u00e9n estuvo presente Castillo, recibi\u00f3 el cheque \u00a0de \u00a0 \u00a0 \u00a0 \u00a0 \u00a0 \u00a0 los \u00a0 \u00a0 \u00a0 \u00a0 \u00a0 \u00a0 $17.281.39386 . \u00a0\u00a0<\/p>\n<p>Hay \u00a0que \u00a0reafirmar \u00a0que \u00a0esa deducci\u00f3n de \u00a0responsabilidad \u00a0es \u00a0procedente, \u00a0as\u00ed el congresista no haya asistido a ninguna \u00a0de \u00a0las \u00a0reuniones \u00a0que \u00a0se \u00a0celebraron \u00a0con \u00a0miras a la conformaci\u00f3n del grupo \u00a0armado \u00a0ilegal \u00a0en \u00a0La Mojana y espec\u00edficamente a la del restaurante Carb\u00f3n de \u00a0Palo, \u00a0pues adem\u00e1s del se\u00f1alamiento que se le ha hecho como auspiciador de las \u00a0autodefensas, \u00a0usando \u00a0para \u00a0ello \u00a0su investidura y relaciones, en este episodio \u00a0concreto, \u00a0la \u00a0fuerza \u00a0de \u00a0los acontecimientos demostrados, se puede inferir que \u00a0m\u00e1s \u00a0all\u00e1 \u00a0de si se concret\u00f3 o no en una ocasional o determinada reuni\u00f3n, la \u00a0labor \u00a0que \u00a0desarroll\u00f3 \u00a0GARC\u00cdA \u00a0ROMERO \u00a0-junto \u00a0con \u00a0Salvador \u00a0 Arana \u00a0 y \u00a0 \u00c1ngel \u00a0 Villarreal, \u00a0 seg\u00fan \u00a0 se \u00a0ha \u00a0dicho- \u00a0fue \u00a0buscar \u00a0los \u00a0recursos \u00a0a trav\u00e9s del erario, y en este caso, \u00a0fieles \u00a0a \u00a0tal \u00a0prop\u00f3sito criminal, convinieron la forma, las condiciones y los \u00a0t\u00e9rminos \u00a0en \u00a0que \u00a0se ejecutar\u00eda la contrataci\u00f3n del terrapl\u00e9n con el fin de \u00a0que \u00a0 los \u00a0dineros \u00a0p\u00fablicos \u00a0se \u00a0desviaran \u00a0hacia \u00a0la \u00a0agrupaci\u00f3n \u00a0irregular, \u00a0utilizando \u00a0 en \u00a0 realidad \u00a0 el \u00a0 objeto \u00a0 contractual \u00a0 como \u00a0 una \u00a0 suerte \u00a0de \u00a0fachada. \u00a0\u00a0<\/p>\n<p>Si \u00a0se \u00a0demostr\u00f3 \u00a0que \u00a0el \u00a0senador GARC\u00cdA \u00a0ROMERO \u00a0fue \u00a0parte \u00a0del colectivo que determin\u00f3 la creaci\u00f3n de la cuadrilla de \u00a0delincuentes \u00a0 -como \u00a0 se \u00a0concluy\u00f3 \u00a0en \u00a0el \u00a0primer \u00a0cap\u00edtulo \u00a0de \u00a0esta \u00a0providencia- y si envi\u00f3 junto con \u00a0Arana \u00a0Sus \u00a0$32.000.000 \u00a0con \u00a0esa \u00a0finalidad \u00a0al \u00a0parqueadero \u00a0Almirante Padilla \u00a0-conforme \u00a0lo \u00a0sostuvo \u00a0Castillo Peralta-, \u00a0es \u00a0claro \u00a0que \u00a0el \u00a0ac\u00e1 \u00a0enjuiciado \u00a0formaba \u00a0parte \u00a0del acuerdo \u00a0criminal \u00a0y que la decisi\u00f3n de obtener una porci\u00f3n del dinero que se requer\u00eda \u00a0del \u00a0contrato \u00a0del \u00a0terrapl\u00e9n lo implica penalmente como determinador e igual a \u00a0los \u00a0 dem\u00e1s \u00a0del \u00a0grupo \u00a0que, \u00a0en \u00a0presencia \u00a0del \u00a0alcalde \u00a0de \u00a0Sucre \u00a0(Sucre), \u00a0establecieron \u00a0que \u00a0esa \u00a0ser\u00eda \u00a0una \u00a0de las fuentes para conseguir los recursos \u00a0necesarios que se destinar\u00edan al protervo objetivo. \u00a0\u00a0<\/p>\n<p>No \u00a0se \u00a0concluye que GARC\u00cdA ROMERO se haya \u00a0apropiado \u00a0de \u00a0los \u00a0recursos, \u00a0pues \u00a0ver\u00eddico \u00a0resulta \u00a0que no tuvo contacto ni \u00a0jam\u00e1s \u00a0ostent\u00f3 \u00a0la disposici\u00f3n funcional con \u00e9stos. A pesar de su calidad de \u00a0servidor \u00a0p\u00fablico, \u00a0frente \u00a0a \u00a0los \u00a0recursos objeto de desv\u00edo era un verdadero \u00a0extraneus \u00a0por \u00a0no \u00a0existir \u00a0relaci\u00f3n \u00a0alguna \u00a0funcional \u00a0entre su cargo o posici\u00f3n y el deber de custodia, \u00a0tenencia, \u00a0cuidado \u00a0o \u00a0administraci\u00f3n de los mismos. La soluci\u00f3n jur\u00eddica que \u00a0se \u00a0impone -como se dijo- es imputarle el peculado por apropiaci\u00f3n a t\u00edtulo de \u00a0determinador, \u00a0 \u00a0figura \u00a0dogm\u00e1tica \u00a0sobre \u00a0el \u00a0nivel \u00a0de \u00a0intervenci\u00f3n \u00a0criminal \u00a0en \u00a0un \u00a0hecho \u00a0que es \u00a0plenamente compatible. \u00a0\u00a0<\/p>\n<p>Esa conducta, cuya cuant\u00eda equival\u00eda para \u00a0cuando \u00a0se cometi\u00f3 el hecho a 84,79 salarios m\u00ednimos legales mensuales, estaba \u00a0descrita \u00a0en el art\u00edculo 133 del C\u00f3digo Penal de 1980, vigente para la \u00e9poca, \u00a0con \u00a0la modificaci\u00f3n introducida por el art\u00edculo 19 de la ley 190 de 1995 y se \u00a0encontraba \u00a0sancionada \u00a0con \u00a0pena \u00a0de \u00a0prisi\u00f3n de 6 a 15 a\u00f1os, al igual que lo \u00a0estaba \u00a0en \u00a0el art\u00edculo 397 de la Ley 599 de 2000, antes del aumento general de \u00a0penas dispuesto en el art\u00edculo 14 de la Ley 890 de 2004. \u00a0\u00a0<\/p>\n<p>4.\u00a0 \u00a0 DEL \u00a0 HOMICIDIO \u00a0 DE \u00a0GEORGINA \u00a0NARV\u00c1EZ\u00a0 WILCHES \u00a0\u00a0<\/p>\n<p>El \u00faltimo cargo efectuado en la acusaci\u00f3n \u00a0en \u00a0contra \u00a0del \u00a0ex \u00a0Senador \u00a0GARC\u00cdA ROMERO, hace referencia al homicidio de la \u00a0empleada \u00a0del \u00a0municipio \u00a0de \u00a0San \u00a0Onofre, \u00a0ocurrido el 19 de noviembre de 1997, \u00a0cuyos antecedentes relevantes son los siguientes: \u00a0\u00a0<\/p>\n<p>En \u00a0las elecciones para gobernador de Sucre \u00a0celebradas \u00a0el \u00a026 \u00a0de \u00a0octubre \u00a0de 1997, las candidaturas enfrentadas con mayor \u00a0opci\u00f3n \u00a0fueron \u00a0las \u00a0de \u00a0Eric \u00a0Morris \u00a0Taboada \u00a0Y \u00a0\u00c9dgar \u00a0Mart\u00ednez Romero. El \u00a0resultado \u00a0parcial, escrutado el 85% de las mesas, le daba una ligera ventaja al \u00a0\u00faltimo, \u00a0seg\u00fan \u00a0lo \u00a0registr\u00f3 \u00a0al \u00a0d\u00eda \u00a0siguiente \u00a0el peri\u00f3dico El \u00a0Meridiano \u00a0de \u00a0Sucre, el cual precis\u00f3 \u00a0que \u00a0desde \u00a0los \u00a0primeros boletines oficiales de la Registradur\u00eda, Mart\u00ednez se \u00a0perfilaba \u00a0como \u00a0ganador, \u00a0pero \u00a0en \u00a0los \u00a0siguientes boletines, conocidos \u201cmuy \u00a0tard\u00edamente \u00a0sin \u00a0justificaci\u00f3n clara\u201d, la ventaja de 4.000 votos que hab\u00eda \u00a0logrado \u00a0 \u00a0se \u00a0 \u00a0redujo \u00a0 \u00a0dr\u00e1sticamente \u00a0 a \u00a0 80087. \u00a0\u00a0<\/p>\n<p>En \u00a0la \u00a0nota \u00a0period\u00edstica publicada en el \u00a0mismo \u00a0 diario \u00a0 el \u00a0 28 \u00a0 de \u00a0 octubre \u00a0 con \u00a0 el \u00a0t\u00edtulo \u00a0\u201cEl \u00a0mago \u00a0de \u00a0la \u00a0Registradur\u00eda\u201d, se informa lo siguiente: \u00a0\u00a0<\/p>\n<p>\u201cEl \u00a0 domingo \u00a0 pasado, \u00a0 y \u00a0ante \u00a0los \u00a0periodistas \u00a0que \u00a0se \u00a0encontraban \u00a0cubriendo las elecciones en la sala de prensa \u00a0del \u00a0centro \u00a0de \u00a0c\u00f3mputo, \u00a0el \u00a0senador \u00a0\u00c1LVARO GARC\u00cdA ROMERO se autoproclam\u00f3 \u00a0\u2018el \u00a0 mago \u00a0 de \u00a0 la \u00a0Registradur\u00eda\u2019, \u00a0 sin \u00a0explicar \u00a0las razones de su afirmaci\u00f3n. Acto seguido, el congresista insult\u00f3 y \u00a0maltrat\u00f3 \u00a0 \u00a0 \u00a0de \u00a0 \u00a0 \u00a0palabra \u00a0 \u00a0 \u00a0injustamente \u00a0 \u00a0 \u00a0a \u00a0 \u00a0 tres \u00a0 \u00a0 reconocidas \u00a0periodistas\u2026\u201d88. \u00a0\u00a0<\/p>\n<p>Al \u00a0incidente \u00a0se \u00a0habr\u00eda de referir Jairo \u00a0Castillo \u00a0Peralta en su declaraci\u00f3n del 6 de agosto del 2001, en los siguientes \u00a0t\u00e9rminos: \u00a0\u00a0<\/p>\n<p>\u201c\u2026 \u00a0en \u00a0la \u00a0noche \u00a0se \u00a0coment\u00f3 \u00a0en la \u00a0Registradur\u00eda \u00a0que \u00a0hab\u00eda \u00a0ganado \u00a0\u00c9dgar \u00a0Mart\u00ednez, \u00a0su \u00a0contrario, y lleg\u00f3 \u00a0\u00c1LVARO \u00a0GARC\u00cdA \u00a0y \u00a0dijo p\u00fablicamente que \u00e9l era el mago, que iba a demostrar \u00a0que \u00a0iba a ganar MORRIS, y se meti\u00f3 a la Registradur\u00eda y no s\u00e9 qu\u00e9 problemas \u00a0tuvo \u00a0que \u00a0esa \u00a0misma \u00a0noche \u00a0le \u00a0quitaron \u00a0la \u00a0protecci\u00f3n \u00a0del \u00a0DAS \u00a0y \u00a0de \u00a0la \u00a0Polic\u00eda\u201d89. \u00a0\u00a0<\/p>\n<p>Esto \u00a0\u00faltimo \u00a0aparece \u00a0acreditado \u00a0con \u00a0la \u00a0minuta \u00a0de \u00a0control \u00a0de \u00a0prestaci\u00f3n \u00a0del \u00a0servicio \u00a0por \u00a0parte \u00a0de \u00a0la Polic\u00eda \u00a0Nacional, en la que se dejaron las siguientes constancias: \u00a0\u00a0<\/p>\n<p>\u201c27-10-97. 08:00. Anotaci\u00f3n. A esta hora \u00a0el \u00a0agente Ochoa Arenas H. se retira del servicio de escolta del senador Garc\u00eda \u00a0por \u00a0orden \u00a0Cdo. \u00a0Dpt. \u00a0por \u00a0intermedio del Sub. Povis hasta nueva orden S\/N\u201d. \u00a0\u00a0<\/p>\n<p>\u201c27-10-97. 08:30 Anotaci\u00f3n. A esta hora \u00a0dejo \u00a0constancia \u00a0que \u00a0me encuentro disponible en las instalaciones del Comando, \u00a0ya \u00a0que el servicio de escolta del senador Garc\u00eda fue retirado por orden de J-1 \u00a0(aparece \u00a0 \u00a0una \u00a0 \u00a0firma \u00a0 \u00a0ilegible) \u00a0 \u00a030414\u201d90. \u00a0\u00a0<\/p>\n<p>Justamente \u00a0por \u00a0esta \u00a0raz\u00f3n -agreg\u00f3 \u00a0 el \u00a0 testigo \u00a0 en \u00a0 su \u00a0 versi\u00f3n \u00a0del \u00a04 \u00a0de \u00a0septiembre \u00a0siguiente-, \u00a0fue \u00a0afanosamente \u00a0llamado \u00a0por \u00a0Joaqu\u00edn \u00a0Garc\u00eda, \u00a0orden\u00e1ndole \u00a0que \u00a0le \u00a0brindara seguridad al senador GARC\u00cdA ROMERO, a \u00a0cuya \u00a0residencia \u00a0en \u00a0el barrio Venecia de Sincelejo efectivamente lleg\u00f3, lugar \u00a0en \u00a0donde \u00a0escuch\u00f3 \u00a0a \u00a0GARC\u00cdA \u00a0hablando \u00a0en torno a que se deb\u00eda dar muerte a \u00a0GEORGINA \u00a0NARV\u00c1EZ \u00a0WILCHES, \u00a0por entonces secretaria de Planeaci\u00f3n Municipal y \u00a0coordinadora \u00a0del \u00a0Banco \u00a0de \u00a0Proyectos de San Onofre91. \u00a0\u00a0<\/p>\n<p>Se \u00a0estableci\u00f3 que Narv\u00e1ez Wilches, quien \u00a0no \u00a0 cumpl\u00eda \u00a0ninguna \u00a0funci\u00f3n \u00a0oficial \u00a0en \u00a0los comicios, fue simplemente testigo de mesa, al finalizar la \u00a0jornada \u00a0electoral \u00a0y por considerar que los resultados se estaban adulterando a \u00a0favor \u00a0de Morris Taboada, tom\u00f3 subrepticiamente de la mesa #1 del corregimiento \u00a0Labarc\u00e9 \u00a0del \u00a0mismo \u00a0municipio un formulario E 14 con tachaduras en el total de \u00a0votos \u00a0de ese candidato y en el de sufragios nulos y lo remiti\u00f3 an\u00f3nimamente a \u00a0la \u00a0campa\u00f1a de Mart\u00ednez Romero, de quien era amiga y simpatizante, conforme lo \u00a0admiti\u00f3 \u00a0\u00e9ste \u00a0en \u00a0sus \u00a0declaraciones ante la Fiscal\u00eda y la Corte92. \u00a0\u00a0<\/p>\n<p>Un \u00a0grupo de circunstancias son indicativas \u00a0de \u00a0 que, \u00a0 en \u00a0 efecto, \u00a0 ello \u00a0 sucedi\u00f3, \u00a0 como \u00a0 lo \u00a0 asegur\u00f3 \u00a0el \u00a0referido \u00a0testigo: \u00a0\u00a0<\/p>\n<p>\u00a0 \u00a0\u00a0<\/p>\n<p>* El \u00a0delegado \u00a0de \u00a0la \u00a0Registradur\u00eda \u00a0Municipal \u00a0de \u00a0San \u00a0Onofre \u00a0denunci\u00f3 \u00a0el 4 de \u00a0noviembre \u00a0de 1997 a Georgina Narv\u00e1ez ante la Fiscal\u00eda por la sustracci\u00f3n del \u00a0documento. \u00a0 \u00a0\u00a0<\/p>\n<p>\u00a0 \u00a0\u00a0<\/p>\n<p>* El \u00a0doctor \u00a0Mart\u00ednez \u00a0Romero, \u00a0al \u00a0resultar \u00a0perdedor en la elecci\u00f3n, impugn\u00f3 los \u00a0resultados \u00a0de \u00a0San \u00a0Onofre. \u00a0Una \u00a0de \u00a0las \u00a0razones en las cuales fundament\u00f3 su \u00a0reclamaci\u00f3n \u00a0estuvo \u00a0vinculada \u00a0a la posible adulteraci\u00f3n del documento que le \u00a0envi\u00f3 precisamente la se\u00f1ora Narv\u00e1ez Wilches. \u00a0 \u00a0\u00a0<\/p>\n<p>\u00a0 \u00a0\u00a0<\/p>\n<p>* La \u00a0misma \u00a0servidora \u00a0le \u00a0coment\u00f3 telef\u00f3nicamente a Mart\u00ednez Romero que si ganaba \u00a0\u201cel \u00a0 \u00a0pleito\u201d \u00a0 \u00a0su \u00a0 vida \u00a0 corr\u00eda \u00a0 peligro93. \u00a0 \u00a0\u00a0<\/p>\n<p>La \u00a0suerte de la mujer, sin embargo, pese a \u00a0que \u00a0la \u00a0controversia para ese momento no se hab\u00eda planteado formalmente, a que \u00a0los \u00a0delegados regionales del Consejo Nacional Electoral la declararon infundada \u00a0el \u00a0 3 \u00a0 de \u00a0 noviembre \u00a0 de \u00a0 1997 \u00a0y \u00a0a \u00a0que \u00a0el \u00a0reclamante, \u00a0al \u00a0apelar \u00a0esa \u00a0resoluci\u00f3n94, \u00a0renunci\u00f3 \u00a0a la objeci\u00f3n del documento, qued\u00f3 decidida desde la \u00a0ma\u00f1ana \u00a0siguiente \u00a0al d\u00eda de la contienda electoral, cuando se dio la orden de \u00a0matarla \u00a0por \u00a0considerar \u00a0quienes \u00a0lo \u00a0hicieron, \u00a0entre ellos el senador \u00c1LVARO \u00a0GARC\u00cdA \u00a0ROMERO, \u00a0que \u00a0pon\u00eda en riesgo la elecci\u00f3n de Eric Morris Taboada como \u00a0mandatario departamental de Sucre. \u00a0\u00a0<\/p>\n<p>Ese 27 de octubre de 1997, en efecto, seg\u00fan \u00a0la \u00a0declaraci\u00f3n \u00a0que \u00a0Castillo \u00a0Peralta \u00a0rindi\u00f3 \u00a0el \u00a04 \u00a0de septiembre de 2001, \u00a0encontr\u00e1ndose \u00a0 en \u00a0la \u00a0vivienda \u00a0del \u00a0congresista \u00a0en \u00a0el \u00a0barrio \u00a0Venecia \u00a0de \u00a0Sincelejo, \u00a0\u00e9ste \u00a0y \u00a0Salvador \u00a0Arana \u00a0le \u00a0dijeron \u00a0a \u00a0Joaqu\u00edn Garc\u00eda que para \u00a0procurar la gobernaci\u00f3n a Morris Taboada \u00a0\u00a0<\/p>\n<p>\u201cla \u00fanica esperanza era San Onofre, que \u00a0no \u00a0hab\u00edan \u00a0recontado \u00a0bien \u00a0(\u2026) que la soluci\u00f3n era matar a la muchacha que \u00a0ten\u00eda \u00a0la \u00a0cuenta \u00a0de \u00a0los \u00a0votos \u00a0de \u00a0San \u00a0Onofre, entonces \u00c1LVARO y ARANA le \u00a0dijeron \u00a0que \u00a0hab\u00eda \u00a0que \u00a0dar \u00a0diez \u00a0millones de pesos a los patrulleros de San \u00a0Onofre, \u00a0o \u00a0sea \u00a0los \u00a0paramilitares \u00a0que \u00a0operan \u00a0en \u00a0las zonas urbanas para que \u00a0mataran \u00a0a \u00a0la \u00a0muchacha cuanto antes; inmediatamente Joaqu\u00edn llam\u00f3 a SALOM\u00d3N \u00a0FERIS, \u00a0que \u00a0manejaba \u00a0la \u00a0parte \u00a0militar, \u00a0para \u00a0que se pusiera en contacto con \u00a0DANILO, \u00a0que \u00a0estaba \u00a0en \u00a0San \u00a0Onofre, \u00a0y \u00a0le dijera que hab\u00eda diez millones de \u00a0pesos, \u00a0 que \u00a0 \u00e9l \u00a0 respond\u00eda \u00a0 por \u00a0\u00c1LVARO. \u00a0D\u00edas \u00a0despu\u00e9s \u00a0mataron \u00a0a \u00a0la \u00a0muchacha\u201d95. \u00a0\u00a0<\/p>\n<p>El \u00a0designio criminal se materializ\u00f3 el 19 \u00a0de \u00a0noviembre \u00a0de \u00a01997, \u00a0cuando \u00a0Georgina Narv\u00e1ez fue abaleada al frente de su \u00a0casa \u00a0por \u00a0dos \u00a0sujetos \u00a0que \u00a0se desplazaban en una motocicleta y a quienes ella \u00a0alcanz\u00f3 \u00a0a reconocer como paramilitares mientras se le aproximaban, conforme lo \u00a0record\u00f3 \u00a0en \u00a0declaraci\u00f3n \u00a0su \u00a0hermano \u00a0Jos\u00e9 \u00a0De \u00a0La Cruz Narv\u00e1ez96, \u00a0con \u00a0quien \u00a0conversaba \u00a0en \u00a0ese \u00a0momento, \u00a0al \u00a0igual \u00a0que \u00a0los educadores Mafaldo Teher\u00e1n Y \u00a0Adelmo Blanco Espinosa. \u00a0\u00a0<\/p>\n<p>El m\u00e9dico legista que realiz\u00f3 la autopsia \u00a0dictamin\u00f3 \u00a0como \u00a0causa \u00a0de \u00a0la muerte \u201cshock hipovol\u00e9mico por neumot\u00f3rax de \u00a0aproximadamente \u00a02.000 \u00a0cc, debido a lesiones de vasos intercostales y estallido \u00a0de \u00a0bazo\u201d, \u00a0estando \u00a0en consecuencia acreditada la materialidad de la conducta \u00a0contra la vida. \u00a0\u00a0<\/p>\n<p>Por \u00a0 los \u00a0anteriores \u00a0hechos \u00a0se \u00a0inici\u00f3 \u00a0investigaci\u00f3n \u00a0penal \u00a0contra \u00a0Hernando \u00a0Contreras, \u00a0escolta \u00a0del alcalde de San \u00a0Onofre, \u00a0quien \u00a0fue \u00a0se\u00f1alado como part\u00edcipe en el homicidio, persona que a la \u00a0postre \u00a0fue \u00a0favorecida \u00a0con preclusi\u00f3n de la investigaci\u00f3n el 31 de agosto de \u00a01999. \u00a0\u00a0<\/p>\n<p>A la Corte le resulta cre\u00edble lo dicho por \u00a0Castillo \u00a0 Peralta, \u00a0 como \u00a0ya \u00a0ha \u00a0tenido \u00a0oportunidad \u00a0de \u00a0afirmarlo \u00a0en \u00a0esta \u00a0providencia \u00a0y \u00a0no \u00a0decrece \u00a0la misma por el hecho de que en la declaraci\u00f3n que \u00a0rindi\u00f3 \u00a0en \u00a0Montreal haya introducido algunas modificaciones al escenario en el \u00a0que \u00a0manifest\u00f3 \u00a0haber \u00a0escuchado \u00a0a \u00a0\u00c1LVARO \u00a0GARC\u00cdA ROMERO decirle a Joaqu\u00edn \u00a0Garc\u00eda que Georgina Narv\u00e1ez deb\u00eda ser eliminada. \u00a0\u00a0<\/p>\n<p>En \u00a0Montreal \u00a0ese \u00a0declarante \u00a0modific\u00f3 el \u00a0contexto \u00a0en \u00a0el \u00a0cual escuch\u00f3 la decisi\u00f3n criminal, al mencionar que la misma \u00a0no \u00a0fue \u00a0en \u00a0una \u00a0reuni\u00f3n sino que \u00c1LVARO GARC\u00cdA la emiti\u00f3 v\u00eda telef\u00f3nica, \u00a0eso \u00a0 no \u00a0hace \u00a0gran \u00a0diferencia \u00a0debido \u00a0al \u00a0paso \u00a0de \u00a0los \u00a0a\u00f1os \u00a0que \u00a0hab\u00edan \u00a0transcurrido \u00a0desde \u00a0el \u00a0momento \u00a0del hecho y la declaraci\u00f3n que hizo desde esa \u00a0ciudad. \u00a0No \u00a0todas \u00a0las \u00a0personas guardan en su memoria la representaci\u00f3n de un \u00a0hecho \u00a0y \u00a0sus \u00a0detalles \u00a0de \u00a0la manera objetivamente exacta como sucedi\u00f3. Basta \u00a0hacer \u00a0el \u00a0ejercicio, \u00a0incluso \u00a0en \u00a0un \u00a0mismo \u00a0d\u00eda \u00a0y sucesivamente, de poner a \u00a0alguien \u00a0a \u00a0contar \u00a0un acontecimiento que acaba de presenciar para comprobar que \u00a0va \u00a0nutriendo \u00a0el \u00a0relato \u00a0de nuevos detalles, suprimiendo deliberadamente otros \u00a0por \u00a0creerlos \u00a0o \u00a0hallarlos \u00a0intrascendentes, olvidando algunos que mencion\u00f3 al \u00a0comienzo \u00a0y \u00a0que \u00a0va \u00a0agregando puntos de vista e interpretaciones. Al final, el \u00a0\u00faltimo \u00a0 relato \u00a0 ser\u00e1 \u00a0 significativamente \u00a0 distinto \u00a0del \u00a0inicial \u00a0y \u00a0s\u00f3lo \u00a0permanecer\u00e1 fijo el \u201checho\u201d y no los \u201cdetalles\u201d. \u00a0\u00a0<\/p>\n<p>Es cierto, como lo precis\u00f3 el defensor del \u00a0ex \u00a0Senador \u00a0que en 2001 Castillo refiri\u00f3 que de manera personal GARC\u00cdA ROMERO \u00a0dio \u00a0la \u00a0orden \u00a0de \u00a0muerte en presencia de Salvador Arana, Joaqu\u00edn Garc\u00eda y el \u00a0mismo \u00a0testigo, \u00a0mientras \u00a0que en su declaraci\u00f3n de Canad\u00e1, al volver sobre el \u00a0tema \u00a0se\u00f1al\u00f3 \u00a0que \u00a0telef\u00f3nicamente GARC\u00cdA ROMERO le hizo el pedido de aqu\u00e9l \u00a0hecho de sangre al ganadero. \u00a0\u00a0<\/p>\n<p>No \u00a0comparte \u00a0la Sala, sin embargo, que esa \u00a0variaci\u00f3n \u00a0en \u00a0el \u00a0relato \u00a0acredite que el declarante es mentiroso. Cuando algo \u00a0as\u00ed \u00a0pasa, \u00a0no se discute, es mayor la cautela en la cr\u00edtica sobre el medio de \u00a0prueba, \u00a0lo \u00a0cual \u00a0no \u00a0lleva a tacharlo de mendaz de entrada por la presencia de \u00a0aquellas \u00a0divergencias \u00a0circunstanciales \u00a0de \u00a0los \u00a0relatos. \u00a0En este caso, ha de \u00a0tenerse \u00a0en \u00a0cuenta \u00a0que\u00a0 Castillo Peralta rindi\u00f3 alrededor de cincuenta o \u00a0m\u00e1s \u00a0declaraciones \u00a0sobre \u00a0diferentes temas y ante variadas autoridades, unidas \u00a0estas \u00a0circunstancias al transcurso del tiempo -hechos \u00a0de 1997 se retomaron en el 2007-. \u00a0\u00a0<\/p>\n<p>Por \u00a0el \u00a0contrario,\u00a0 puede suceder que \u00a0cuando \u00a0se \u00a0inventa \u00a0una \u00a0historia \u00a0para implicar a una persona en un delito, la \u00a0espontaneidad \u00a0 desaparezca \u00a0 para \u00a0 darle \u00a0 paso \u00a0 al \u00a0c\u00e1lculo \u00a0propio \u00a0de \u00a0la \u00a0maquinaci\u00f3n, \u00a0y \u00a0que \u00a0en \u00a0esa \u00a0medida los ejes del relato los mantenga fijos el \u00a0testigo \u00a0 entre \u00a0 una \u00a0 narraci\u00f3n \u00a0 y \u00a0 otra \u00a0para \u00a0no \u00a0generar \u00a0suspicacias \u00a0o \u00a0incredulidades. \u00a0En \u00a0la \u00a0situaci\u00f3n \u00a0contraria, \u00a0es \u00a0decir, \u00a0de quien cuenta sus \u00a0percepciones \u00a0con \u00a0honradez, es posible -y lo constata \u00a0la \u00a0experiencia- \u00a0que precisamente como producto de su \u00a0espontaneidad \u00a0y \u00a0de \u00a0la \u00a0vivencia \u00a0misma, \u00a0que \u00a0de \u00a0suyo implica sentimientos y \u00a0valores, \u00a0introduzca \u00a0modificaciones \u00a0de un relato a otro conservando indemne el \u00a0hecho \u00a0central \u00a0de su dicho, que es lo que a juicio de la Corte aconteci\u00f3 en el \u00a0evento objeto de examen. \u00a0\u00a0<\/p>\n<p>Castillo \u00a0Peralta,\u00a0 \u00a0si \u00a0bien posee el \u00a0rasgo \u00a0evidente \u00a0de ser un testigo con mentalidad dispersa, eso no lo hace menos \u00a0confiable. \u00a0Desde \u00a0su \u00a0posici\u00f3n \u00a0de persona cercana al paramilitarismo en Sucre \u00a0durante \u00a0a\u00f1os, \u00a0tuvo \u00a0la \u00a0oportunidad \u00a0de interactuar con muchos individuos, de \u00a0estar \u00a0en \u00a0diferentes \u00a0lugares \u00a0y de acceder a informaci\u00f3n considerable que fue \u00a0entregando a las autoridades paulatinamente. \u00a0\u00a0<\/p>\n<p>Hay \u00a0que \u00a0inferir \u00a0que \u00a0precisamente por el \u00a0despliegue \u00a0de \u00a0acciones ilegales casi diarias, en donde se halla adem\u00e1s de por \u00a0medio \u00a0la \u00a0tensi\u00f3n \u00a0natural \u00a0de \u00a0estar \u00a0actuando \u00a0desde la ilegalidad y bajo el \u00a0inminente \u00a0accionar \u00a0de \u00a0la \u00a0autoridad, la actividad delictiva en estos casos se \u00a0encuentra \u00a0 acompa\u00f1ada \u00a0 ordinariamente \u00a0 de \u00a0una \u00a0diversidad \u00a0de \u00a0situaciones, \u00a0\u00f3rdenes, \u00a0 informaciones, \u00a0 comunicaciones, \u00a0 contra\u00f3rdenes, \u00a0desplazamientos, \u00a0seguimientos, \u00a0vigilancias, \u00a0custodias, \u00a0prevenciones, \u00a0etc., que hacen que unos \u00a0sucesos \u00a0 que \u00a0 en \u00a0 otras \u00a0condiciones \u00a0o \u00a0para \u00a0un \u00a0ciudadano \u00a0normal \u00a0ser\u00edan \u00a0extraordinarios \u00a0o \u00a0inusuales, \u00a0para \u00a0los \u00a0miembros \u00a0del \u00a0grupo \u00a0ilegal sean tan \u00a0rutinarios \u00a0y \u00a0por su n\u00famero f\u00e1cilmente puedan llegar a confundirse, olvidarse \u00a0o \u00a0mezclarse. Esas razones hacen que, sin perjuicio de tomar las previsiones del \u00a0caso, \u00a0la \u00a0cr\u00edtica \u00a0del \u00a0testimonio \u00a0sea \u00a0benevolente \u00a0con tales diferencias no \u00a0sustanciales de aquellos relatos. \u00a0\u00a0<\/p>\n<p>En el caso de este testigo, hay que recordar \u00a0adem\u00e1s \u00a0que \u00a0su \u00a0actitud \u00a0de \u00a0denuncia permanente sobre las arbitrariedades del \u00a0poder \u00a0armado \u00a0ilegal, \u00a0de \u00a0su \u00a0conformaci\u00f3n, \u00a0de \u00a0la forma de su financiaci\u00f3n \u00a0y\u00a0 \u00a0de \u00a0sus \u00a0v\u00ednculos \u00a0con \u00a0miembros sobresalientes de la pol\u00edtica en ese \u00a0departamento \u00a0y \u00a0con \u00a0servidores \u00a0p\u00fablicos \u00a0de \u00a0diferentes \u00a0niveles \u00a0-incluidos \u00a0algunos \u00a0de la fuerza p\u00fablica-, plasmada en numerosas declaraciones en procesos \u00a0penales \u00a0y \u00a0disciplinarios, \u00a0conllev\u00f3 a que se le brindara protecci\u00f3n oficial, \u00a0como \u00a0tambi\u00e9n a que le fueran ofrecidas millonarias sumas de dinero a cambio de \u00a0su \u00a0retractaci\u00f3n, \u00a0convirti\u00e9ndolo \u00a0en \u00a0blanco \u00a0de sus antiguos amigos, quienes \u00a0efectivamente intentaron matarlo. \u00a0\u00a0<\/p>\n<p>Ni siquiera en el exilio, a donde finalmente \u00a0fue \u00a0conducido \u00a0luego \u00a0de recrudecer en sus denuncias tras el atentado contra su \u00a0vida, \u00a0se \u00a0desisti\u00f3 \u00a0de \u00a0la \u00a0idea \u00a0del \u00a0soborno, \u00a0como qued\u00f3 demostrado con la \u00a0circunstancia \u00a0de \u00a0hab\u00e9rsele \u00a0remitido antes de su declaraci\u00f3n en Montreal las \u00a0preguntas \u00a0que le formular\u00eda el defensor del representante Eric Morris Taboada, \u00a0con \u00a0las \u00a0respuestas que se le ped\u00eda hacer a favor del congresista, a cambio de \u00a0comprarle su antigua casa de la ciudad de Sincelejo. \u00a0\u00a0<\/p>\n<p>Dada la gravedad de esos hechos, la Corte en \u00a0su \u00a0debida \u00a0oportunidad \u00a0expidi\u00f3 \u00a0copia \u00a0a la Fiscal\u00eda para que se iniciara la \u00a0correspondiente \u00a0investigaci\u00f3n \u00a0penal \u00a0en \u00a0contra \u00a0los \u00a0defensores \u00a0principal y \u00a0suplente97 \u00a0del \u00a0congresista. \u00a0Como \u00a0a \u00a0la fecha se desconoce la suerte de tal \u00a0actuaci\u00f3n, \u00a0se \u00a0oficiar\u00e1 \u00a0a \u00a0esa \u00a0entidad \u00a0para \u00a0que, \u00a0de no haberlo efectuado \u00a0oportunamente, \u00a0 le \u00a0 imprima \u00a0 el \u00a0correspondiente \u00a0tr\u00e1mite \u00a0a \u00a0dicha \u00a0noticia \u00a0criminal. \u00a0\u00a0<\/p>\n<p>Analizada \u00a0en \u00a0conjunto \u00a0toda \u00a0la \u00a0historia \u00a0personal \u00a0de \u00a0Castillo \u00a0Peralta \u00a0y \u00a0lo que signific\u00f3 volverse informante de las \u00a0autoridades, \u00a0queda \u00a0claro \u00a0que\u00a0 \u00a0no \u00a0es un mit\u00f3mano, como lo quiere hacer \u00a0aparecer \u00a0la \u00a0defensa. \u00a0Suministr\u00f3 \u00a0densa informaci\u00f3n, de la cual se derivaron \u00a0operaciones \u00a0 exitosas \u00a0 de \u00a0 la \u00a0 Polic\u00eda \u00a0 y \u00a0 de \u00a0 la \u00a0Fiscal\u00eda \u00a0contra \u00a0el \u00a0paramilitarismo; \u00a0es \u00a0m\u00e1s, varios miembros de esas instituciones que declararon \u00a0en \u00a0 el \u00a0 proceso \u00a0 \u2013como \u00a0Juli\u00e1n \u00a0 \u00a0 Cris\u00f3stomo \u00a0 \u00a0Caballero\u2013 \u00a0lo \u00a0calificaron \u00a0de buen colaborador, y nunca ha surgido raz\u00f3n de \u00a0ninguna \u00a0especie que lleve a pensar que de manera gratuita\u00a0 o arbitraria ha \u00a0involucrado \u00a0a \u00a0personas \u00a0en cr\u00edmenes que no cometieron. Por tanto, que no haya \u00a0incluido \u00a0a determinados protagonistas o hechos desde un comienzo, o que hubiera \u00a0modificado \u00a0circunstancias en sus distintos relatos, como el escenario existente \u00a0cuando \u00a0escuch\u00f3 al senador \u00c1LVARO GARC\u00cdA ROMERO ordenar la muerte de Georgina \u00a0Narv\u00e1ez, no son motivos suficientes para su descalificaci\u00f3n. \u00a0\u00a0<\/p>\n<p>La \u00a0Corte \u00a0entiende \u00a0adem\u00e1s, \u00a0porque \u00a0lo \u00a0percibi\u00f3 \u00a0 directamente, \u00a0 que \u00a0 se \u00a0trata \u00a0de \u00a0una \u00a0persona \u00a0que \u00a0no \u00a0responde \u00a0puntualmente, \u00a0como \u00a0lo har\u00eda un matem\u00e1tico, sino que va de un tema a otro con \u00a0la \u00a0misma facilidad que abandona una narraci\u00f3n al ser interrumpido para pedirle \u00a0la \u00a0aclaraci\u00f3n \u00a0de un detalle, y todo eso con una rapidez que no le deja tiempo \u00a0para \u00a0reflexionar \u00a0sobre \u00a0las \u00a0preguntas \u00a0y sistematizar sus respuestas. Es, por \u00a0todo \u00a0 eso, \u00a0 un \u00a0 testigo \u00a0 expresivo, \u00a0 franco \u00a0 y \u00a0 directo; \u00a0no \u00a0cerebral \u00a0y \u00a0artificioso. \u00a0\u00a0<\/p>\n<p>No \u00a0hay razones para creer que este testigo \u00a0hubiera \u00a0querido \u00a0sorprender \u00a0la buena fe de la justicia, ni tampoco que hubiera \u00a0procedido \u00a0por \u00a0antipat\u00edas personales. De hecho, en muchas ocasiones se\u00f1al\u00f3 a \u00a0Joaqu\u00edn \u00a0Garc\u00eda \u00a0como \u00a0mecenas \u00a0del paramilitarismo, pese a que aquel ganadero \u00a0fue \u00a0su patrono, sin contarse con alguna noticia sobre inconvenientes de ning\u00fan \u00a0tipo \u00a0 surgidos \u00a0entre \u00a0ellos. \u00a0Es \u00a0un \u00a0hecho, \u00a0que \u00a0la \u00a0Corte \u00a0viene \u00a0aceptando \u00a0pac\u00edficamente, \u00a0que \u00a0el \u00a0testimonio \u00a0de \u00a0un \u00a0miembro \u00a0o \u00a0exmiembro \u00a0de un grupo \u00a0irregular \u00a0sirve \u00a0para \u00a0aclararle a la justicia los hechos ocurridos\u00a0 en el \u00a0interior del grupo que haya podido evidenciar o conocer. \u00a0\u00a0<\/p>\n<p>Castillo \u00a0es un hombre sencillo, con pasado \u00a0delictivo \u00a0en \u00a0las \u00a0autodefensas \u00a0de Sucre; desde que se decidi\u00f3 a denunciar el \u00a0tema \u00a0del \u00a0paramilitarismo en ese departamento adquiri\u00f3 el h\u00e1bito de hacer que \u00a0su \u00a0mujer \u2013quien obra como \u00a0su \u00a0amanuense \u00a0porque \u00a0\u00e9l \u00a0es \u00a0iletrado- le escribiera \u00a0cada \u00a0cosa \u00a0importante relacionada con ese particular actuar, documentando en lo \u00a0posible \u00a0cada \u00a0hecho \u00a0para \u00a0que \u00a0se \u00a0le \u00a0crea, \u00a0como tambi\u00e9n para ayudarle a la \u00a0memoria. \u00a0Gracias a esa precauci\u00f3n, pero b\u00e1sicamente a que su dicho cuenta con \u00a0el \u00a0respaldo \u00a0de \u00a0otros medios probatorios y circunstancias, es por lo que se le \u00a0ha \u00a0 \u00a0otorgado \u00a0 \u00a0credibilidad \u00a0 \u00a0en \u00a0 \u00a0general, \u00a0 no \u00a0 exenta \u00a0 por \u00a0 ello \u00a0 de \u00a0verificaciones. \u00a0\u00a0<\/p>\n<p>Hay \u00a0que \u00a0se\u00f1alar \u00a0que \u00a0en \u00a0realidad no se \u00a0evidencia \u00a0la \u00a0existencia \u00a0de \u00a0una \u00a0verdad procesal que Castillo Peralta hubiese \u00a0querido \u00a0distorsionar, \u00a0pues \u00a0como \u00a0se \u00a0ha \u00a0venido \u00a0rese\u00f1ando, otras pruebas en \u00a0especial \u00a0de orden testimonial apuntan hacia la efectiva militancia, pertenencia \u00a0de \u00a0GARC\u00cdA \u00a0ROMERO \u00a0en \u00a0el \u00a0grupo \u00a0irregular. \u00a0Por \u00a0esa \u00a0raz\u00f3n, en la presente \u00a0ocasi\u00f3n \u00a0de \u00a0nuevo la Corte juzga confiable su dicho en el se\u00f1alamiento que le \u00a0hizo \u00a0 al \u00a0 senador \u00a0 de \u00a0 haber \u00a0 participado \u00a0 en \u00a0 el \u00a0 homicidio \u00a0objeto \u00a0de \u00a0examen. \u00a0\u00a0<\/p>\n<p>Si \u00a0bien \u00a0se evidencia que Jos\u00e9 de la Cruz \u00a0Narv\u00e1ez, \u00a0hermano \u00a0de \u00a0la \u00a0occisa \u00a0y ex diputado a la Asamblea de Sucre, Nelson \u00a0Stamp \u00a0Berr\u00edo, \u00a0se\u00f1alaron \u00a0como presunto m\u00f3vil del homicidio uno distinto del \u00a0expresado \u00a0por\u00a0 \u00a0Castillo \u00a0Peralta \u00a0alias Pitirri, la ausencia de relaci\u00f3n \u00a0entre \u00a0esas \u00a0atestaciones \u00a0y otras circunstancias probadas en la actuaci\u00f3n hace \u00a0que la Corte deseche tales afirmaciones. \u00a0\u00a0<\/p>\n<p>Tampoco \u00a0puede \u00a0tenerse como una situaci\u00f3n \u00a0que \u00a0descarte \u00a0el \u00e1nimo homicida que se le atribuye al controvertido senador el \u00a0hecho \u00a0de \u00a0que \u00a0la \u00a0informaci\u00f3n \u00a0que Georgina Narv\u00e1ez le remiti\u00f3 al candidato \u00a0\u00c9dgar \u00a0Mart\u00ednez \u00a0Romero, \u00a0no \u00a0hubiera a la postre tenido relevancia mayor para \u00a0acreditar el fraude electoral que aqu\u00e9lla quiso denunciar. \u00a0\u00a0<\/p>\n<p>Como \u00a0 lo \u00a0 resalt\u00f3 \u00a0 la \u00a0 Sala \u00a0 en \u00a0el \u00a0calificatorio\u2026 \u00a0\u201cLa \u00a0insignificancia \u00a0del \u00a0motivo \u00a0aparece \u00a0como \u00a0juicio posterior al instante mismo de la determinaci\u00f3n de matar, \u00a0adoptada \u00a0en \u00a0la agitaci\u00f3n de las horas siguientes al cierre de las votaciones, \u00a0cuando \u00a0la \u00a0elecci\u00f3n \u00a0no \u00a0se \u00a0hab\u00eda \u00a0definido \u00a0y los resultados de San Onofre, \u00a0puestos \u00a0en \u00a0duda por el atrevimiento de Georgina Narv\u00e1ez, pon\u00edan en riesgo el \u00a0triunfo \u00a0del \u00a0candidato \u00a0que \u00a0persegu\u00eda \u00a0el \u00a0senador \u00c1LVARO GARC\u00cdA ROMERO con \u00a0ah\u00ednco \u00a0 insensato, \u00a0 si \u00a0se \u00a0tienen \u00a0en \u00a0cuenta \u00a0los \u00a0hechos \u00a0bochornosos \u00a0que \u00a0protagoniz\u00f3 \u00a0p\u00fablicamente \u00a0frente \u00a0a \u00a0la \u00a0Registradur\u00eda \u00a0de Sincelejo y a los \u00a0cuales se hizo referencia\u201d. \u00a0\u00a0<\/p>\n<p>Un \u00a0hecho \u00a0objetivo \u00a0y ostensible, hasta el \u00a0punto \u00a0de \u00a0que \u00a0mereci\u00f3 \u00a0titulares \u00a0en \u00a0la \u00a0prensa regional, fue la exhibici\u00f3n \u00a0p\u00fablica \u00a0de \u00a0su \u00a0poder corruptor, que con la impertinencia propia del estado de \u00a0alicoramiento \u00a0hizo \u00a0GARC\u00cdA \u00a0ROMERO \u00a0al \u00a0penetrar \u00a0a la Registradur\u00eda en pleno \u00a0conteo \u00a0de \u00a0votos \u00a0y \u00a0anunciar que, a la manera de un \u201cmago\u201d, pod\u00eda cambiar \u00a0los \u00a0resultados \u00a0para \u00a0lograr \u00a0el \u00a0triunfo de su entenado pol\u00edtico Eric Morris. \u00a0\u00a0<\/p>\n<p>Si \u00a0 a \u00a0 semejante \u00a0desafuero \u00a0lleg\u00f3 \u00a0el \u00a0congresista \u00a0para \u00a0finalmente \u00a0hacer \u00a0p\u00fablico algo que la comunidad de Sucre ya \u00a0sab\u00eda, \u00a0qu\u00e9 \u00a0pensar \u00a0cuando \u00a0estando \u00a0en \u00a0sano juicio conoci\u00f3 que la sencilla \u00a0secretaria \u00a0de \u00a0Planeaci\u00f3n \u00a0de \u00a0San \u00a0Onofre, \u00a0con \u00a0una \u00a0informaci\u00f3n apoyada en \u00a0documentos \u00a0 electorales \u00a0 remitida \u00a0al \u00a0candidato \u00a0rival, \u00a0estaba \u00a0poniendo \u00a0en \u00a0entredicho \u00a0 el \u00a0 triunfo \u00a0 de \u00a0 Eric \u00a0 Morris \u00a0y \u00a0probablemente \u00a0generando \u00a0una \u00a0investigaci\u00f3n \u00a0oficial \u00a0sobre los resultados. En una regi\u00f3n que GARC\u00cdA ROMERO \u00a0consideraba \u00a0su \u00a0feudo, \u00a0y \u00a0teniendo \u00a0adem\u00e1s \u00a0a \u00a0su \u00a0disposici\u00f3n \u00a0a \u00a0los \u00a0paramilitares, \u00a0esa \u00a0osad\u00eda \u00a0le \u00a0result\u00f3 intolerable. \u00a0\u00a0<\/p>\n<p>No en otro contexto puede entenderse que la \u00a0infortunada \u00a0mujer \u00a0le \u00a0hubiera \u00a0dicho \u00a0telef\u00f3nicamente \u00a0al candidato Mart\u00ednez \u00a0Romero \u00a0que \u00a0si \u00a0la \u00a0impugnaci\u00f3n de los resultados en San Onofre prosperaba, la \u00a0vida \u00a0de \u00a0ella \u00a0corr\u00eda \u00a0peligro. \u00a0Georgina \u00a0Narv\u00e1ez \u00a0supo \u00a0siempre a lo que se \u00a0expon\u00eda y presinti\u00f3 su muerte. \u00a0\u00a0<\/p>\n<p>Agotada la fase del juicio, no se allegaron \u00a0ni \u00a0produjeron \u00a0medios de prueba capaces de enervar la conclusi\u00f3n de la Sala al \u00a0momento \u00a0de llamar a juicio al exsenador GARC\u00cdA ROMERO. En aquella oportunidad, \u00a0adem\u00e1s, se esboz\u00f3 otra conclusi\u00f3n que permanece inalterada: \u00a0\u00a0<\/p>\n<p>\u201cEl \u00a0hecho \u00a0de \u00a0que \u00a0para \u00a0la \u00a0fecha \u00a0de \u00a0ejecuci\u00f3n \u00a0del \u00a0homicidio \u00a0ya \u00a0Georgina \u00a0Narv\u00e1ez \u00a0hubiera suministrado toda la \u00a0informaci\u00f3n \u00a0de \u00a0que dispon\u00eda sobre posibles irregularidades electorales en su \u00a0municipio, \u00a0por \u00a0otra \u00a0parte,\u00a0 \u00a0no \u00a0desvirt\u00faa \u00a0la imputaci\u00f3n hecha por el \u00a0testigo \u00a0al \u00a0senador, bajo la consideraci\u00f3n de que carec\u00eda para ese momento de \u00a0importancia \u00a0 y \u00a0 que, \u00a0 entonces, \u00a0 \u2018nada \u00a0 \u00a0 \u00a0 \u00a0en \u00a0 \u00a0 \u00a0 \u00a0concreto \u00a0 \u00a0 \u00a0 \u00a0se \u00a0 \u00a0 \u00a0 obten\u00eda\u2019 con matarla\u201d. \u00a0\u00a0<\/p>\n<p>(\u2026) \u00a0<\/p>\n<p>\u201cUna situaci\u00f3n como esa, adicionalmente, \u00a0no \u00a0deja \u00a0el \u00a0delito sin motivo, que fue la venganza y estuvo presente desde que \u00a0se \u00a0produjo \u00a0la \u00a0orden criminal, as\u00ed en medio de la confusi\u00f3n existente cuando \u00a0se \u00a0profiri\u00f3 \u00a0igual \u00a0se pensara en la medida como modo de asegurar la elecci\u00f3n \u00a0del doctor Eric Morris Taboada\u201d. \u00a0\u00a0<\/p>\n<p>Que \u00a0el \u00a0m\u00f3vil \u00a0del \u00a0hecho \u00a0tuvo relaci\u00f3n \u00a0directa \u00a0con \u00a0el asunto electoral, lo denot\u00f3 adem\u00e1s Castillo Peralta al narrar \u00a0lo \u00a0que escuch\u00f3 en la residencia de GARC\u00cdA ROMERO, seg\u00fan lo cual, conocida la \u00a0impugnaci\u00f3n \u00a0de resultados presentada oficialmente por el candidato perdedor, y \u00a0ante \u00a0 la \u00a0 inminencia \u00a0del \u00a0reconteo \u00a0de \u00a0los \u00a0votos \u00a0de \u00a0aquel \u00a0municipio, \u00a0la \u00a0\u201csoluci\u00f3n \u00a0era \u00a0matar \u00a0a la muchacha que ten\u00eda la cuenta de los votos de San \u00a0Onofre\u201d98. \u00a0\u00a0<\/p>\n<p>Lo \u00a0anterior permite entender, adem\u00e1s, que \u00a0el \u00a0homicidio \u00a0de \u00a0la se\u00f1ora Narv\u00e1ez, m\u00e1s que un castigo por la osad\u00eda misma \u00a0de \u00a0cuestionar \u00a0los \u00a0resultados preordenados por GARC\u00cdA ROMERO, constituy\u00f3 una \u00a0forma \u00a0de \u00a0silenciar \u00a0definitivamente \u00a0a aquella funcionaria, por creer que ella \u00a0conservaba \u00a0en \u00a0su \u00a0poder o que ten\u00eda en su conocimiento la cuenta exacta o los \u00a0guarismos \u00a0que \u00a0pudiesen \u00a0comprobar el fraude. Este \u00faltimo era un riesgo que ni \u00a0GARC\u00cdA \u00a0ROMERO \u00a0ni \u00a0quienes ten\u00edan amarrado el poder pol\u00edtico pod\u00edan correr, \u00a0porque \u00a0 de \u00a0 por \u00a0medio \u00a0estaba \u00a0el \u00a0m\u00e1s \u00a0anhelado \u00a0bot\u00edn \u00a0para \u00a0el \u00a0designio \u00a0paramilitar: la gobernaci\u00f3n. \u00a0\u00a0<\/p>\n<p>No \u00a0 resulta \u00a0 entonces \u00a0 extra\u00f1o, \u00a0 ni \u00a0contradictorio, \u00a0que \u00a0alias \u00a0Pitirri \u00a0hubiese \u00a0escuchado \u00a0aquel \u00a0d\u00eda \u00a0que \u00a0para \u00a0ejecutar \u00a0 el \u00a0 homicidio \u00a0de \u00a0aquella \u00a0muchacha \u00a0acordaran \u00a0sus \u00a0determinadores \u00a0comunicarse \u00a0con el responsable del ala sicarial del grupo paramilitar que all\u00ed \u00a0permanec\u00eda, \u00a0direccionando \u00a0la \u00a0orden \u00a0a \u00a0trav\u00e9s de Salom\u00f3n Feris hacia alias \u00a0Danilo, \u00a0precisamente \u00a0el comandante urbano de San Onofre, a quien adem\u00e1s, dada \u00a0la \u00a0premura, \u00a0le \u00a0fue \u00a0ofrecido \u00a0un \u00a0\u201cest\u00edmulo\u201d \u00a0de diez millones de pesos, \u00a0ejecut\u00e1ndose poco despu\u00e9s el crimen. \u00a0\u00a0<\/p>\n<p>Es \u00a0evidente \u00a0en \u00a0este \u00a0caso, respecto a la \u00a0prueba \u00a0testimonial, \u00a0que \u00a0es \u00a0el dicho de Castillo Peralta el que compromete la \u00a0responsabilidad \u00a0penal \u00a0de \u00a0GARC\u00cdA \u00a0ROMERO \u00a0en el presente hecho. Debe la Corte \u00a0reafirmar \u00a0que de conformidad con la normativa probatoria penal, nada se opone a \u00a0que \u00a0 sea \u00a0 un \u00a0 s\u00f3lo \u00a0 testimonio \u00a0 el \u00a0que \u00a0resulte \u00a0relevante \u00a0para \u00a0definir \u00a0responsabilidad. \u00a0Las \u00a0reglas \u00a0de \u00a0la sana cr\u00edtica lo que obligan es a que, tal \u00a0como \u00a0se \u00a0ha \u00a0hecho \u00a0en \u00a0esta ocasi\u00f3n, ese dicho sea contrastado con los dem\u00e1s \u00a0medios \u00a0de \u00a0prueba, \u00a0entre \u00a0los \u00a0que se cuentan los indicios. No es un asunto de \u00a0cantidad \u00a0sino \u00a0de calidad en el testimonio, por lo que bien se ha dicho que los \u00a0testimonios no se cuentan sino que se sopesan.\u00a0 \u00a0\u00a0<\/p>\n<p>As\u00ed \u00a0las \u00a0cosas, la Corte encuentra m\u00e9rito \u00a0para \u00a0condenar \u00a0al \u00a0senador \u00a0\u00c1LVARO \u00a0GARC\u00cdA \u00a0ROMERO en calidad de determinador \u00a0del \u00a0homicidio \u00a0de \u00a0que fue \u00a0v\u00edctima \u00a0la \u00a0se\u00f1ora \u00a0GEORGINA \u00a0NARV\u00c1EZ WILCHES, pues tal como se demostr\u00f3 en \u00a0precedencia \u00a0a \u00a0trav\u00e9s \u00a0del an\u00e1lisis de la prueba de cargo, la idea criminal y \u00a0posteriormente la orden para su ejecuci\u00f3n fue dada por \u00e9l. \u00a0\u00a0<\/p>\n<p>Tal conducta est\u00e1 tipificada en el art\u00edculo \u00a0103 \u00a0del \u00a0C\u00f3digo Penal de 2000 con sanci\u00f3n de prisi\u00f3n entre 13 y 25 a\u00f1os, la \u00a0cual \u00a0resulta \u00a0aplicable por favorabilidad, ya que la que reg\u00eda para el momento \u00a0de \u00a0los \u00a0hechos, \u00a0el \u00a0art\u00edculo \u00a0323 \u00a0del \u00a0C\u00f3digo \u00a0Penal \u00a0de \u00a01980 \u2013con \u00a0 el \u00a0 aumento \u00a0 de \u00a0 punibilidad \u00a0introducido \u00a0por \u00a0la \u00a0Ley \u00a040 \u00a0de \u00a01993\u2013, \u00a0 \u00a0establec\u00eda \u00a0 \u00a0como \u00a0 \u00a0pena \u00a0 \u00a0entre \u00a0 25 \u00a0 y \u00a0 40 \u00a0 a\u00f1os \u00a0 de \u00a0prisi\u00f3n. \u00a0\u00a0<\/p>\n<p>Tal \u00a0 como \u00a0 se \u00a0dej\u00f3 \u00a0analizado \u00a0en \u00a0la \u00a0providencia \u00a0de \u00a0llamamiento \u00a0a \u00a0juicio, \u00a0el \u00a0homicidio no fue perpetrado con la \u00a0consideraci\u00f3n \u00a0de que la v\u00edctima era servidora p\u00fablica, por lo que no cabr\u00eda \u00a0imputar \u00a0la \u00a0causal \u00a0octava del art\u00edculo 324 del C\u00f3digo Penal de 1980. Como lo \u00a0aclar\u00f3 \u00a0el \u00a0art\u00edculo \u00a0104-9 \u00a0del C\u00f3digo Penal de 2000, acogiendo la reiterada \u00a0interpretaci\u00f3n \u00a0jurisprudencial \u00a0sobre \u00a0el \u00a0particular, \u00a0el homicidio se agrava \u00a0cuando \u00a0se \u00a0cometa \u00a0en \u00a0persona \u00a0que \u00a0tenga \u00a0la condici\u00f3n de servidor p\u00fablico, \u00a0siempre y cuando la conducta se realice en raz\u00f3n de ello. \u00a0\u00a0<\/p>\n<p>DOSIFICACI\u00d3N DE LA PENA: \u00a0<\/p>\n<p>Como \u00a0resultado \u00a0de las conclusiones a las \u00a0cuales \u00a0arrib\u00f3 \u00a0la \u00a0Sala \u00a0en cap\u00edtulos precedentes de esta decisi\u00f3n, se le ha \u00a0declarado \u00a0responsable \u00a0penalmente \u00a0a \u00a0\u00c1LVARO \u00a0GARC\u00cdA ROMERO de los siguientes \u00a0delitos: \u00a0\u00a0<\/p>\n<p>1. \u00a0Autor \u00a0del \u00a0concierto \u00a0para delinquir agravado descrita en el art\u00edculo 340 inciso 3\u00ba de la \u00a0Ley \u00a0599 \u00a0de \u00a02000. La sanci\u00f3n oscila entre nueve (9) a dieciocho (18) a\u00f1os de \u00a0prisi\u00f3n \u00a0y \u00a0multa \u00a0de \u00a0dos \u00a0mil (2.000) a veinte mil (20.000) salarios m\u00ednimos \u00a0legales vigentes. \u00a0\u00a0<\/p>\n<p>2. \u00a0Autor mediato \u00a0de \u00a0homicidio \u00a0en concurso homog\u00e9neo y sucesivo, conocido bajo la denominaci\u00f3n \u00a0de \u00a0 \u00a0 \u00a0 \u201cMasacre \u00a0 \u00a0 \u00a0 de \u00a0 \u00a0 \u00a0 Macayepo\u201d99, \u00a0 \u00a0 \u00a0 \u00a0tipificado \u00a0 en \u00a0 los \u00a0 art\u00edculos \u00a0 103 \u00a0 y \u00a0 104-7 \u00a0 -por \u00a0la indefensi\u00f3n de las v\u00edctimas- del \u00a0C\u00f3digo \u00a0Penal \u00a0de 2000, cuya punibilidad es de veinticinco (25) a cuarenta (40) \u00a0a\u00f1os de prisi\u00f3n. \u00a0\u00a0<\/p>\n<p>3. Determinador del \u00a0delito \u00a0 de \u00a0 peculado \u00a0 por \u00a0apropiaci\u00f3n \u00a0cometido \u00a0en \u00a01.997, \u00a0por \u00a0valor \u00a0de \u00a0$17.281.393, \u00a0que \u00a0para la \u00e9poca representaban 100,47 salarios m\u00ednimos legales \u00a0mensuales \u00a0vigentes, \u00a0tambi\u00e9n \u00a0resulta \u00a0aplicable \u00a0por \u00a0favorabilidad \u00a0la \u00a0pena \u00a0prevista \u00a0por \u00a0el \u00a0art\u00edculo \u00a0133 \u00a0del C\u00f3digo Penal de 1980 &#8211; modificado por el \u00a0art\u00edculo \u00a019 \u00a0de \u00a0la \u00a0Ley 190 de 1995 \u2013 \u00a0de seis (6) a quince (15) a\u00f1os de prisi\u00f3n y multa equivalente al \u00a0valor \u00a0de lo apropiado e interdicci\u00f3n de derechos y funciones p\u00fablicas de seis \u00a0(6) \u00a0a quince (15) a\u00f1os, en lugar de la contenida en el art\u00edculo 397 de la Ley \u00a0599 de 2000. \u00a0\u00a0<\/p>\n<p>4. Determinador del \u00a0homicidio \u00a0simple \u00a0de \u00a0que \u00a0fue v\u00edctima GEORGINA NARV\u00c1EZ el 19 de noviembre de \u00a01997, \u00a0se \u00a0aplicar\u00e1 \u00a0el \u00a0art\u00edculo \u00a0103 \u00a0del \u00a0C\u00f3digo \u00a0Penal \u00a0de \u00a02000, el cual \u00a0establece \u00a0pena \u00a0de trece (13) a veinticinco (25) a\u00f1os, en lugar de los 25 a 40 \u00a0a\u00f1os \u00a0previstos \u00a0por el art\u00edculo 323 del C\u00f3digo Penal de 1980, modificado por \u00a0el \u00a0 art\u00edculo \u00a0 29 \u00a0 de \u00a0 la \u00a0Ley \u00a040 \u00a0de \u00a01993, \u00a0atendiendo \u00a0el \u00a0principio \u00a0de \u00a0favorabilidad. \u00a0\u00a0<\/p>\n<p>Vistas las distintas penas correspondientes \u00a0a \u00a0las conductas por las que se juzg\u00f3 al procesado y teniendo en cuenta que son \u00a0m\u00e1s \u00a0favorables los criterios de dosimetr\u00eda penal consagrados en la Ley 599 de \u00a02000, \u00a0se \u00a0proceder\u00e1 \u00a0a \u00a0graduar \u00a0la \u00a0pena \u00a0de \u00a0prisi\u00f3n, \u00a0la \u00a0de multa y la de \u00a0interdicci\u00f3n \u00a0de \u00a0derechos \u00a0y \u00a0funciones \u00a0p\u00fablicas \u00a0a \u00a0trav\u00e9s \u00a0del sistema de \u00a0cuartos, \u00a0partiendo \u00a0de \u00a0la \u00a0que \u00a0le \u00a0corresponde \u00a0al \u00a0delito \u00a0m\u00e1s \u00a0grave, para \u00a0aumentarla \u00a0 hasta \u00a0 en \u00a0 otro \u00a0 tanto \u00a0 seg\u00fan \u00a0los lineamientos del art\u00edculo 31 ibidem, y,\u00a0 siguiendo \u00a0las \u00a0reglas \u00a0de \u00a0la \u00a0tasaci\u00f3n \u00a0para \u00a0el caso de concurso de conductas punibles. \u00a0\u00a0<\/p>\n<p>1. PENA DE PRISI\u00d3N: \u00a0<\/p>\n<p>La pena \u00a0se \u00a0tasar\u00e1 dentro de los extremos \u00a0punitivos \u00a0consagrados \u00a0para \u00a0el \u00a0delito de homicidio \u00a0agravado, \u00a0por \u00a0contemplar \u00a0la sanci\u00f3n m\u00e1s severa, esto es, veinticinco (25) a \u00a0cuarenta (40) a\u00f1os de prisi\u00f3n. \u00a0\u00a0<\/p>\n<p>Partiendo de los extremos punitivos m\u00ednimo y \u00a0m\u00e1ximo \u00a0establecidos \u00a0para \u00a0el \u00a0delito \u00a0de \u00a0homicidio \u00a0agravado, corresponde en \u00a0primer \u00a0t\u00e9rmino \u00a0establecer \u00a0los \u00a0cuartos \u00a0de movilidad en los cuales habr\u00e1 de \u00a0fijarse la pena de prisi\u00f3n por este delito. \u00a0\u00a0<\/p>\n<p>Los \u00a0cuartos de movilidad se conforman as\u00ed: \u00a0(i) \u00a0 \u00a0 cuarto \u00a0m\u00ednimo, \u00a0de \u00a0veinticinco \u00a0(25) \u00a0a \u00a0veintiocho \u00a0 \u00a0 \u00a0(28) \u00a0 \u00a0 \u00a0a\u00f1os, \u00a0 \u00a0 \u00a0nueve \u00a0 \u00a0 \u00a0(9) \u00a0 \u00a0 meses; \u00a0 \u00a0 (ii) \u00a0los cuartos \u00a0medios \u00a0de \u00a0veintiocho (28) a\u00f1os, nueve (9) meses, un \u00a0(1) \u00a0d\u00eda \u00a0a \u00a0treinta \u00a0y \u00a0seis \u00a0(36) \u00a0a\u00f1os, \u00a0tres \u00a0(3) \u00a0meses; \u00a0y \u00a0(iii) \u00a0el cuarto m\u00e1ximo de\u00a0 treinta y \u00a0seis (36) a\u00f1os, tres (3) meses un (1) d\u00eda a cuarenta (40) a\u00f1os. \u00a0\u00a0<\/p>\n<p>Como \u00a0en \u00a0la \u00a0acusaci\u00f3n \u00a0fue \u00a0deducida \u00a0la \u00a0circunstancias \u00a0de \u00a0mayor punibilidad consagrada en el art\u00edculo 58, numeral 9\u00b0 \u00a0del \u00a0C\u00f3digo \u00a0Penal, \u00a0relativa \u00a0a \u00a0la \u00a0posici\u00f3n \u00a0distinguida \u00a0ostentada \u00a0por el \u00a0procesado100 \u00a0y, \u00a0a \u00a0su \u00a0turno, \u00a0concurre una de menor punibilidad relativa a la \u00a0carencia \u00a0 de \u00a0antecedentes \u00a0penales \u00a0\u2013art\u00edculo \u00a0 \u00a055, \u00a0 \u00a0numeral \u00a0 \u00a01\u00b0, \u00a0 \u00a0C\u00f3digo \u00a0 Penal-, \u00a0corresponde \u00a0fijar \u00a0la pena de prisi\u00f3n \u00a0dentro \u00a0de \u00a0los \u00a0l\u00edmites \u00a0de \u00a0los \u00a0cuartos \u00a0medios, esto es, de veintiocho (28) \u00a0a\u00f1os, \u00a0nueve \u00a0(9) meses, un (1) d\u00eda hasta treinta a treinta y seis (36) a\u00f1os, \u00a0tres (3) meses. \u00a0\u00a0<\/p>\n<p>Partiendo de dicho \u00e1mbito de punibilidad y \u00a0de \u00a0 cara \u00a0 a \u00a0los \u00a0criterios \u00a0para \u00a0la \u00a0determinaci\u00f3n \u00a0final \u00a0de \u00a0la \u00a0pena \u00a0de \u00a0prisi\u00f3n101, \u00a0debe \u00a0tomarse en consideraci\u00f3n que el procesado, como miembro de \u00a0la \u00a0organizaci\u00f3n \u00a0armada ilegal que ayud\u00f3 a conformar y financi\u00f3, conoci\u00f3 de \u00a0la \u00a0incursi\u00f3n \u00a0paramilitar \u00a0hacia \u00a0Macayepo \u00a0d\u00edas antes que \u00e9sta se llevase a \u00a0cabo \u00a0 y, \u00a0 de \u00a0 manera \u00a0 consciente \u00a0 y \u00a0voluntaria \u00a0advirti\u00f3 \u00a0y \u00a0acept\u00f3 \u00a0sus \u00a0consecuencias, denotando una mayor intensidad del dolo. \u00a0\u00a0<\/p>\n<p>Lo anterior, de cara a la posici\u00f3n ocupada \u00a0por \u00a0el \u00a0procesado \u00a0en la sociedad, en su condici\u00f3n de representante del pueblo \u00a0sucre\u00f1o \u00a0ante \u00a0el legislativo, cuyo compromiso a no dudarlo era el de dar aviso \u00a0a \u00a0las \u00a0autoridades \u00a0de \u00a0esa \u00a0incursi\u00f3n \u00a0paramilitar \u00a0que \u00a0a la postre no s\u00f3lo \u00a0toler\u00f3 \u00a0sino \u00a0auspici\u00f3 dado el apoyo que\u00a0 brindaba al grupo armado ilegal \u00a0de \u00a0tiempo \u00a0atr\u00e1s. \u00a0Su \u00a0actuar \u00a0comporta \u00a0la \u00a0necesidad \u00a0de fijar la pena en el \u00a0promedio \u00a0establecido para los cuartos medios, esto es treinta y dos (32) a\u00f1os, \u00a0seis \u00a0(6) \u00a0meses \u00a0de \u00a0prisi\u00f3n, \u00a0en \u00a0orden \u00a0a \u00a0la \u00a0realizaci\u00f3n de sus fines, en \u00a0especial el relacionado con la prevenci\u00f3n general. \u00a0\u00a0<\/p>\n<p>A su turno, como en el presente caso la pena \u00a0se \u00a0encuentra afectada en virtud del concurso homog\u00e9neo de homicidios agravados \u00a0y \u00a0simple, \u00a0heterog\u00e9neo \u00a0con \u00a0las \u00a0conductas \u00a0punibles \u00a0de\u00a0 concierto para \u00a0delinquir \u00a0agravado \u00a0y \u00a0peculado \u00a0por \u00a0apropiaci\u00f3n, que en forma m\u00faltiple y de \u00a0manera \u00a0 \u00a0grave \u00a0 \u00a0vulneraron \u00a0 \u00a0diversos \u00a0 \u00a0bienes \u00a0 \u00a0jur\u00eddicos \u00a0 \u2013la \u00a0 \u00a0vida, \u00a0 \u00a0la \u00a0 \u00a0seguridad \u00a0 \u00a0y \u00a0administraci\u00f3n \u00a0 p\u00fablicas- \u00a0 se \u00a0impone \u00a0 incrementar \u00a0la \u00a0pena \u00a0b\u00e1sica \u00a0atr\u00e1s \u00a0referida \u00a0en \u00a0cinco (5) a\u00f1os por los restantes atentados contra la vida; un (1) \u00a0a\u00f1o \u00a0y \u00a0seis (6) meses por el punible de concierto para delinquir agravado y un \u00a0(1) \u00a0a\u00f1o \u00a0por \u00a0el \u00a0peculado, \u00a0para un total de cuarenta (40) a\u00f1os de prisi\u00f3n, \u00a0m\u00e1ximo \u00a0permitido \u00a0en \u00a0el \u00a0pa\u00eds \u00a0en \u00a0los \u00a0t\u00e9rminos \u00a0de \u00a0la legislaci\u00f3n penal \u00a0aplicable por favorabilidad. \u00a0\u00a0<\/p>\n<p>2. PENA DE MULTA: \u00a0<\/p>\n<p>La referida sanci\u00f3n penal pecuniaria, s\u00f3lo \u00a0aparece \u00a0prevista \u00a0como \u00a0pena \u00a0principal \u00a0para \u00a0los \u00a0delitos \u00a0de \u00a0concierto para \u00a0delinquir \u00a0agravado, oscilando \u00a0entre \u00a0dos mil (2.000) y veinte mil (20.000) salarios m\u00ednimos legales mensuales \u00a0vigentes \u00a0y \u00a0para el peculado por apropiaci\u00f3n, en donde corresponder\u00e1 al valor \u00a0de lo apropiado. \u00a0\u00a0<\/p>\n<p>En \u00a0tal \u00a0medida, atendiendo los par\u00e1metros \u00a0del \u00a0art\u00edculo \u00a039, numeral 4\u00b0 del estatuto penal sustantivo, corresponde tasar \u00a0la \u00a0correspondiente \u00a0a \u00a0cada delito y luego proceder a su sumatoria, sin que, en \u00a0todo \u00a0caso, \u00a0pueda \u00a0ser \u00a0superior \u00a0a \u00a0cincuenta \u00a0mil \u00a0(50.000) salarios m\u00ednimos \u00a0legales mensuales, as\u00ed: \u00a0\u00a0<\/p>\n<p>2.1. \u00a0 \u00a0Concierto \u00a0 \u00a0para \u00a0 \u00a0delinquir \u00a0agravado \u00a0\u00a0<\/p>\n<p>Como ya se dijo, ante la concurrencia de una \u00a0causal \u00a0de \u00a0mayor \u00a0punibilidad \u00a0-art\u00edculo \u00a058-9 \u00a0del \u00a0C\u00f3digo \u00a0Penal referida a la \u00a0posici\u00f3n \u00a0 distinguida \u00a0 del \u00a0 procesado \u00a0 dentro \u00a0de \u00a0la \u00a0sociedad-, \u00a0am\u00e9n \u00a0de \u00a0concurrir \u00a0la \u00a0de \u00a0menor \u00a0punibilidad \u00a0relativa \u00a0a la \u00a0carencia \u00a0 \u00a0de \u00a0 \u00a0antecedentes \u00a0 \u00a0-art\u00edculo \u00a0 55-1 \u00a0ibidem-, \u00a0para \u00a0efectos \u00a0de \u00a0tasar \u00a0la \u00a0pena \u00a0han \u00a0de \u00a0atenderse \u00a0los \u00a0cuartos \u00a0medios, en concordancia con lo previsto en el art\u00edculo \u00a061 \u00a0inciso \u00a0segundo \u00a0de \u00a0la \u00a0Ley \u00a0599 \u00a0de \u00a02000 y tomando en cuenta \u201c\u2026 \u00a0el \u00a0da\u00f1o \u00a0causado \u00a0con la infracci\u00f3n, la intensidad de la \u00a0culpabilidad, \u00a0el \u00a0valor \u00a0del \u00a0objeto del delito o el beneficio reportado por el \u00a0mismo, \u00a0la \u00a0situaci\u00f3n \u00a0econ\u00f3mica \u00a0del \u00a0condenado, \u00a0deducida \u00a0de su patrimonio, \u00a0ingresos, \u00a0obligaciones \u00a0y \u00a0cargas \u00a0familiares, \u00a0y las dem\u00e1s circunstancias que \u00a0indiquen \u00a0su \u00a0posibilidad \u00a0de \u00a0pagar\u201d -art\u00edculo 39-3 \u00a0del C\u00f3digo Penal-. \u00a0\u00a0<\/p>\n<p>A \u00a0este \u00a0respecto, \u00a0la \u00a0Corte \u00a0estima \u00a0que \u00a0concurren \u00a0varias \u00a0circunstancias \u00a0que \u00a0influyen \u00a0en \u00a0la \u00a0determinaci\u00f3n de esta \u00a0sanci\u00f3n, a saber: \u00a0\u00a0<\/p>\n<p>\u00a0 \u00a0\u00a0<\/p>\n<p>* Como \u00a0ya \u00a0se \u00a0dijo, el concierto para delinquir agravado por el cual \u00a0se \u00a0procede \u00a0es \u00a0de \u00a0extrema \u00a0gravedad \u00a0y \u00a0lesion\u00f3 seriamente el bien jur\u00eddico \u00a0tutelado \u00a0de \u00a0la \u00a0seguridad \u00a0p\u00fablica, cuando su autor escogido por voto popular \u00a0debiendo \u00a0 procurar \u00a0 toda \u00a0 su \u00a0 actividad \u00a0como \u00a0servidor \u00a0p\u00fablico \u00a0hacia \u00a0la \u00a0protecci\u00f3n, \u00a0respeto \u00a0de las leyes, y salvaguarda de la institucionalidad, puso \u00a0en \u00a0real \u00a0peligro \u00a0a \u00a0los \u00a0coasociados \u00a0e \u00a0instituciones \u00a0del \u00a0Estado, \u00a0con \u00a0esa \u00a0connivencia \u00a0hacia \u00a0el \u00a0grupo irregular, quienes adem\u00e1s ten\u00edan como uno de sus \u00a0objetivos \u00a0la \u00a0infiltraci\u00f3n \u00a0de \u00a0las \u00a0instituciones \u00a0para \u00a0controlar \u00a0el \u00a0poder \u00a0pol\u00edtico \u00a0y \u00a0financiero.\u00a0 \u00a0Los \u00a0delitos contra la seguridad p\u00fablica crean \u00a0situaciones \u00a0de peligro frente a otros bienes jur\u00eddicos que por ley corresponde \u00a0al Estado su protecci\u00f3n.\u00a0\u00a0\u00a0\u00a0\u00a0\u00a0 \u00a0 \u00a0\u00a0<\/p>\n<p>\u00a0 \u00a0\u00a0<\/p>\n<p>* Seg\u00fan \u00a0 las \u00a0constancias \u00a0procesales, \u00a0el \u00a0condenado \u00a0derivaba \u00a0sus \u00a0ingresos \u00a0del \u00a0salario \u00a0devengado \u00a0como \u00a0congresista, ten\u00eda participaci\u00f3n como \u00a0accionista \u00a0en \u00a0las empresas tabacaleras de la familia que se liquidaron, por lo \u00a0que \u00a0su \u00a0resultado \u00a0y \u00a0los \u00a0bienes \u00a0heredados a la muerte de su progenitor deben \u00a0constituir \u00a0 su \u00a0 patrimonio, \u00a0de \u00a0manera \u00a0que \u00a0puede \u00a0afirmarse, \u00a0sin \u00a0lugar \u00a0a \u00a0equ\u00edvocos, \u00a0que \u00a0cuenta \u00a0con \u00a0un \u00a0nivel de ingresos holgado frente a sus cargas \u00a0familiares, \u00a0como \u00a0quiera \u00a0que \u00a0\u00e9stas se reducen a la manutenci\u00f3n de su hogar, \u00a0conformado \u00fanicamente por su esposa e hija. \u00a0 \u00a0\u00a0<\/p>\n<p>\u00a0 \u00a0\u00a0<\/p>\n<p>* No \u00a0se \u00a0tiene noticia probada en el plenario de alg\u00fan nivel de endeudamiento actual \u00a0del condenado. \u00a0 \u00a0\u00a0<\/p>\n<p>Por lo anterior, conjugados dichos factores, \u00a0se \u00a0le \u00a0impondr\u00e1 \u00a0multa \u00a0en \u00a0cuant\u00eda \u00a0de \u00a0diez \u00a0mil (10.000) salarios m\u00ednimos \u00a0legales mensuales vigentes. \u00a0\u00a0<\/p>\n<p>2.2. El peculado por apropiaci\u00f3n \u00a0<\/p>\n<p>Como \u00a0se \u00a0dej\u00f3 \u00a0referido en precedencia, la \u00a0suma \u00a0total \u00a0de \u00a0lo \u00a0apropiado \u00a0fue \u00a0de \u00a0$17.281.393, \u00a0correspondientes \u00a0a \u00a0100,47 \u00a0salarios m\u00ednimos legales \u00a0mensuales \u00a0vigentes, \u00a0monto \u00a0que \u00a0ser\u00e1 \u00a0el \u00a0que \u00a0se imponga como multa por esta \u00a0conducta punible. \u00a0\u00a0<\/p>\n<p>2.3. Cuant\u00eda final de la multa. \u00a0\u00a0<\/p>\n<p>Adicionadas las cuant\u00edas arriba se\u00f1aladas, \u00a0tal \u00a0como \u00a0lo \u00a0precept\u00faa el art\u00edculo 39-4 del C\u00f3digo Penal, la multa ser\u00e1 de \u00a010.100,47 \u00a0salarios \u00a0m\u00ednimos \u00a0legales vigentes, importe que deber\u00e1 cancelar el \u00a0condenado \u00a0en favor del Consejo Superior de la Judicatura dentro de los seis (6) \u00a0meses \u00a0siguientes \u00a0a \u00a0la ejecutoria de este fallo. El plazo se estipul\u00f3 de esta \u00a0forma \u00a0atendiendo \u00a0las actuales circunstancias de su reclusi\u00f3n intramural desde \u00a0el a\u00f1o 2007.\u00a0\u00a0 \u00a0\u00a0<\/p>\n<p>3. \u00a0INTERDICCI\u00d3N \u00a0DE \u00a0DERECHOS Y FUNCIONES \u00a0P\u00daBLICAS \u00a0\u00a0<\/p>\n<p>De \u00a0manera \u00a0preliminar \u00a0se observa que esta \u00a0sanci\u00f3n \u00a0s\u00f3lo \u00a0acompa\u00f1a \u00a0los \u00a0delitos \u00a0concursantes \u00a0de \u00a0homicidio \u00a0simple \u00a0y \u00a0agravado \u00a0y \u00a0el \u00a0de \u00a0concierto \u00a0para \u00a0delinquir en calidad de pena accesoria, en \u00a0cambio, \u00a0 respecto \u00a0 del \u00a0peculado \u00a0por \u00a0apropiaci\u00f3n \u00a0fue \u00a0prevista \u00a0como \u00a0pena \u00a0principal, \u00a0tanto \u00a0en \u00a0el \u00a0art\u00edculo 133 del decreto Ley 100 de 1980, como en el \u00a0actual art\u00edculo 397 de la Ley 599 de 2000. \u00a0\u00a0<\/p>\n<p>En \u00a0tal \u00a0medida, ante la concurrencia de un \u00a0il\u00edcito \u00a0que \u00a0contempla \u00a0esta \u00a0sanci\u00f3n \u00a0como \u00a0principal \u00a0y no como simplemente \u00a0accesoria, \u00a0 corresponde \u00a0 su \u00a0tasaci\u00f3n \u00a0acudiendo \u00a0a \u00a0los \u00a0l\u00edmites \u00a0punitivos \u00a0consagrados \u00a0en \u00a0la \u00a0descripci\u00f3n legal del delito de peculado por apropiaci\u00f3n, \u00a0por el cual se procede. \u00a0\u00a0<\/p>\n<p>En \u00a0esa \u00a0direcci\u00f3n, establece el art\u00edculo \u00a0133 \u00a0del Decreto Ley de 1980, con las modificaciones introducidas por la Ley 190 \u00a0de \u00a01995, \u00a0que \u00a0en caso de peculado el servidor p\u00fablico ser\u00e1 inhabilitado para \u00a0ejercer \u00a0derechos \u00a0y \u00a0desempe\u00f1ar cargos p\u00fablicos por un t\u00e9rmino de seis (6) a \u00a0quince (15) a\u00f1os. \u00a0\u00a0<\/p>\n<p>Los criterios para la dosificaci\u00f3n de esta \u00a0pena \u00a0ser\u00e1n los mismos referidos con antelaci\u00f3n, de tal manera que corresponde \u00a0dosificar \u00a0esta \u00a0sanci\u00f3n dentro de los l\u00edmites de los cuartos medios, esto es, \u00a0de \u00a0ocho \u00a0(8) a\u00f1os, tres (3) meses y un (1) d\u00eda a hasta doce (12) a\u00f1os, nueve \u00a0(9) meses.\u00a0\u00a0\u00a0\u00a0\u00a0\u00a0 \u00a0\u00a0<\/p>\n<p>A \u00a0partir \u00a0de \u00a0este \u00e1mbito de punibilidad, \u00a0para \u00a0establecer \u00a0la \u00a0inhabilitaci\u00f3n \u00a0no \u00a0puede \u00a0dejar \u00a0de \u00a0considerarse que el \u00a0procesado \u00a0fue \u00a0uno \u00a0de \u00a0los gestores en la consolidaci\u00f3n de los grupos armados \u00a0ilegales \u00a0 en \u00a0 su \u00a0departamento; \u00a0adem\u00e1s, \u00a0les \u00a0brind\u00f3 \u00a0apoyo \u00a0constante \u00a0por \u00a0diferentes \u00a0medios \u00a0en \u00a0calidad de Senador de la Rep\u00fablica durante los a\u00f1os de \u00a0permanencia \u00a0 del \u00a0 grupo \u00a0 en \u00a0el \u00a0departamento, \u00a0gestiones \u00a0que \u00a0por \u00a0supuesto \u00a0obedecieron \u00a0a \u00a0intereses \u00a0mutuos, \u00a0entre \u00a0otros, \u00a0asegurar \u00a0su poder pol\u00edtico, \u00a0convirti\u00e9ndose \u00a0en \u00a0una persona importante para el desarrollo de las pol\u00edticas \u00a0de las autodefensas y as\u00ed, en parte de la estructura. \u00a0\u00a0<\/p>\n<p>Tal \u00a0compromiso \u00a0lo \u00a0vincula hoy como autor \u00a0mediato \u00a0 de \u00a0 los \u00a0 homicidios \u00a0 ocurridos \u00a0en \u00a0Macayepo, \u00a0hechos \u00a0lamentables, \u00a0reprochables \u00a0a \u00a0cualquier \u00a0ciudadano \u00a0pero, a\u00fan m\u00e1s, al se\u00f1or GARC\u00cdA ROMERO \u00a0quien \u00a0era \u00a0representante \u00a0del pueblo, gestor de leyes que deb\u00eda impulsar desde \u00a0el \u00a0Congreso \u00a0para \u00a0la \u00a0protecci\u00f3n de sus coterr\u00e1neos y del pa\u00eds, se reprocha \u00a0hoy, \u00a0que \u00a0su \u00a0actuar \u00a0fue contrario a todo mandato legal. De manera conciente y \u00a0voluntaria \u00a0puso \u00a0al \u00a0servicio de las autodefensas su poder pol\u00edtico, cuando le \u00a0era exigible brindarlo a los ciudadanos de bien.\u00a0 \u00a0\u00a0<\/p>\n<p>Por esta raz\u00f3n, mereciendo un mayor juicio \u00a0de \u00a0reproche, \u00a0se \u00a0le \u00a0impondr\u00e1 \u00a0la \u00a0pena \u00a0promedio \u00a0establecida en los cuartos \u00a0medios, \u00a0esto \u00a0es,\u00a0 \u00a0diez \u00a0(10) \u00a0a\u00f1os y seis (6) meses. Como adem\u00e1s se le \u00a0responsabiliz\u00f3 \u00a0por otras conductas punibles se incrementar\u00e1 la sanci\u00f3n antes \u00a0referida \u00a0en \u00a0cinco \u00a0(5) \u00a0a\u00f1os por los restantes homicidios agravados, tres (3) \u00a0a\u00f1os \u00a0por \u00a0el \u00a0homicidio simple y dos (2) a\u00f1os por el concierto para delinquir \u00a0agravado \u00a0para \u00a0un \u00a0total \u00a0de \u00a0veinte \u00a0(20) a\u00f1os de interdicci\u00f3n de derechos y \u00a0funciones \u00a0p\u00fablicas, \u00a0sin \u00a0perjuicio de la inhabilidad intemporal del art\u00edculo \u00a0122 \u00a0 \u00a0 \u00a0 \u00a0 \u00a0 \u00a0 \u00a0 \u00a0 \u00a0 \u00a0 \u00a0 de \u00a0 \u00a0 \u00a0 \u00a0 \u00a0 \u00a0 \u00a0 \u00a0 \u00a0 \u00a0 \u00a0 la \u00a0 \u00a0 \u00a0 \u00a0 \u00a0 \u00a0 \u00a0 \u00a0 \u00a0 \u00a0 \u00a0Carta \u00a0Pol\u00edtica.\u00a0\u00a0\u00a0\u00a0\u00a0\u00a0\u00a0\u00a0\u00a0\u00a0\u00a0\u00a0\u00a0\u00a0\u00a0\u00a0\u00a0\u00a0\u00a0\u00a0\u00a0\u00a0\u00a0\u00a0\u00a0\u00a0\u00a0\u00a0\u00a0\u00a0\u00a0\u00a0 \u00a0\u00a0<\/p>\n<p>LAS \u00a0 \u00a0CONSECUENCIAS \u00a0 \u00a0CIVILES \u00a0 \u00a0DEL \u00a0FALLO \u00a0\u00a0<\/p>\n<p>Finalmente, \u00a0no se \u00a0condenar\u00e1 \u00a0al procesado al pago de perjuicios de orden \u00a0civil, como quiera que no se demostraron en el proceso. \u00a0\u00a0<\/p>\n<p>MECANISMOS \u00a0SUSTITUTIVOS \u00a0DE \u00a0LA \u00a0PENA \u00a0DE \u00a0PRISI\u00d3N \u00a0\u00a0<\/p>\n<p>Como \u00a0 la \u00a0pena \u00a0principal \u00a0impuesta \u00a0al \u00a0sentenciado \u00a0supera \u00a0ampliamente \u00a0los \u00a0tres a\u00f1os de prisi\u00f3n, se declarar\u00e1 que \u00a0\u00e9ste \u00a0no \u00a0tiene \u00a0derecho \u00a0a \u00a0la \u00a0suspensi\u00f3n condicional de la ejecuci\u00f3n de la \u00a0pena, consagrada por el art\u00edculo 63 de la Ley 599 de 2000. \u00a0\u00a0<\/p>\n<p>A \u00a0su vez, en torno a la procedencia de la \u00a0prisi\u00f3n \u00a0domiciliaria, \u00a0bien est\u00e1 precisar que de conformidad con el art\u00edculo \u00a038 \u00a0del \u00a0C\u00f3digo \u00a0Penal, \u00e9sta procede cuando el delito o delitos por los cuales \u00a0es \u00a0declarado \u00a0penalmente \u00a0responsable \u00a0el \u00a0procesado tiene consagrada pena cuyo \u00a0m\u00ednimo \u00a0sea \u00a0igual o inferior a cinco a\u00f1os de prisi\u00f3n y siempre que, adem\u00e1s, \u00a0el \u00a0desempe\u00f1o \u00a0personal, \u00a0laboral, familiar o social del sentenciado permita el \u00a0pron\u00f3stico \u00a0serio, \u00a0fundado \u00a0y \u00a0motivado, \u00a0en el sentido de ausencia de peligro \u00a0para la comunidad y de garant\u00eda de cumplimiento de la pena. \u00a0\u00a0<\/p>\n<p>En \u00a0el \u00a0presente \u00a0caso, \u00a0por \u00a0el \u00a0factor \u00a0objetivo, \u00a0no \u00a0hay \u00a0lugar \u00a0a \u00a0sustituir la prisi\u00f3n intramural por domiciliaria, \u00a0habida \u00a0cuenta \u00a0de \u00a0que uno de los delitos por los cuales se profiere este fallo \u00a0de \u00a0condena, \u00a0el \u00a0homicidio \u00a0agravado, \u00a0apareja \u00a0una \u00a0pena \u00a0cuyo \u00a0m\u00ednimo \u00a0es de \u00a0veinticinco \u00a0(25) \u00a0a\u00f1os \u00a0de \u00a0prisi\u00f3n, aspecto que releva a la Sala de efectuar \u00a0cualquier \u00a0an\u00e1lisis \u00a0en \u00a0torno a la concurrencia o no del ingrediente subjetivo \u00a0del instituto jur\u00eddico en menci\u00f3n. \u00a0\u00a0<\/p>\n<p>CUESTI\u00d3N FINAL \u00a0<\/p>\n<p>1. El examen de las \u00a0piezas \u00a0procesales \u00a0que \u00a0componen \u00a0estas \u00a0diligencias \u00a0permite advertir c\u00f3mo la \u00a0incursi\u00f3n \u00a0paramilitar \u00a0ocurrida \u00a0entre \u00a0el \u00a09 y el 16 de octubre de 2000 en la \u00a0regi\u00f3n \u00a0de \u00a0los \u00a0Montes de Mar\u00eda, no s\u00f3lo dej\u00f3 como saldo los homicidios por \u00a0los \u00a0cuales \u00a0se \u00a0ha \u00a0declarado \u00a0penalmente responsable al procesado a t\u00edtulo de \u00a0autor mediato. \u00a0\u00a0<\/p>\n<p>Tales \u00a0hechos \u00a0tambi\u00e9n \u00a0involucraron, \u00a0de \u00a0manera \u00a0grave, \u00a0el desplazamiento forzado de un n\u00famero considerable de familias \u00a0de \u00a0esa regi\u00f3n, conducta que para la \u00e9poca de los hechos se hallaba tipificada \u00a0como \u00a0delito, pues como se recordar\u00e1 fue incorporada a la legislaci\u00f3n nacional \u00a0a \u00a0trav\u00e9s \u00a0de \u00a0la \u00a0Ley \u00a0589 \u00a0de \u00a02000 \u00a0que \u00a0entr\u00f3 \u00a0a \u00a0regir \u00a0el \u00a07 de julio de \u00a02000102. \u00a0\u00a0<\/p>\n<p>Por \u00a0ello, \u00a0se \u00a0expedir\u00e1 \u00a0copia \u00a0de \u00a0esta \u00a0decisi\u00f3n \u00a0para \u00a0que \u00a0esta Corporaci\u00f3n inicie la correspondiente investigaci\u00f3n \u00a0en \u00a0 contra \u00a0 del \u00a0 ex \u00a0 Senador \u00a0 \u00c1LVARO \u00a0ALFONSO \u00a0GARC\u00cdA \u00a0ROMERO \u00a0por \u00a0dicha \u00a0conducta. \u00a0\u00a0<\/p>\n<p>2. \u00a0En torno a ese \u00a0mismo \u00a0acontecer \u00a0delictivo, \u00a0conocido \u00a0como masacre de Macayepo, se compulsar\u00e1 \u00a0copia \u00a0de \u00a0esta sentencia con destino a la Fiscal\u00eda General de la Naci\u00f3n, para \u00a0que \u00a0 en \u00a0 el \u00a0marco \u00a0del \u00a0proceso \u00a0que \u00a0adelanta \u00a0por \u00a0esos \u00a0hechos103, \u00a0investigue \u00a0la \u00a0probable \u00a0participaci\u00f3n \u00a0del \u00a0entonces Coronel Hernando Alfonso \u00a0Jama \u00a0Arjona, \u00a0pues \u00a0como \u00a0se \u00a0rese\u00f1\u00f3 \u00a0en \u00a0la \u00a0parte \u00a0motiva, en su calidad de \u00a0Comandante \u00a0(e) de la Primera Brigada de Infanter\u00eda de Marina con asiento en la \u00a0zona, \u00a0pudo \u00a0facilitar \u00a0la \u00a0incursi\u00f3n paramilitar mediante el desplazamiento de \u00a0las \u00a0tropas \u00a0hacia \u00a0otros sectores de la regi\u00f3n, pese a contar con informaci\u00f3n \u00a0oportuna \u00a0y \u00a0confiable \u00a0a trav\u00e9s de la cual se le avis\u00f3 del plan criminal y de \u00a0su desarrollo. \u00a0\u00a0<\/p>\n<p>Igualmente, \u00a0se \u00a0oficiar\u00e1 \u00a0a \u00a0la Fiscal\u00eda \u00a0General \u00a0de \u00a0la \u00a0Naci\u00f3n \u00a0a \u00a0fin \u00a0de \u00a0que, en el marco de su competencia y de no \u00a0haberlo \u00a0hecho ya, extienda sus indagaciones al delito de desplazamiento forzado \u00a0y a todos los probables part\u00edcipes de la misma. \u00a0\u00a0<\/p>\n<p>Tambi\u00e9n \u00a0se le oficiar\u00e1 al Fiscal General \u00a0de \u00a0la \u00a0Naci\u00f3n, \u00a0con \u00a0el \u00a0fin de que disponga lo pertinente para que se imprima \u00a0celeridad \u00a0a \u00a0la \u00a0investigaci\u00f3n \u00a0dispuesta \u00a0por \u00a0esta \u00a0entidad en contra de los \u00a0defensores \u00a0 \u00a0 \u00a0 principal \u00a0 \u00a0 \u00a0 y \u00a0 \u00a0 \u00a0suplente104 \u00a0del \u00a0ex \u00a0congresista Eric \u00a0Morris Taboada, por el presunto delito de corrupci\u00f3n de testigo. \u00a0\u00a0<\/p>\n<p>3. \u00a0Tal \u00a0como \u00a0se \u00a0expres\u00f3 \u00a0en \u00a0la parte motiva de este prove\u00eddo la Sala oficiar\u00e1 a la Fiscal\u00eda \u00a0General \u00a0de \u00a0la \u00a0Naci\u00f3n \u00a0a \u00a0fin \u00a0de que investigue a los se\u00f1ores \u00c9der Pedraza \u00a0Pe\u00f1a, \u00a0alias \u00a0\u201cRam\u00f3n \u00a0Mojana\u201d, \u00a0Sadys \u00a0Enrique R\u00edos P\u00e9rez, Samir Antonio \u00a0Otero \u00a0De La Ossa, alias \u201cComputador\u201d y Jairo Alberto Verbel Villadiego, por \u00a0el posible delito de falso testimonio. \u00a0\u00a0<\/p>\n<p>En cumplimiento de lo anterior se ordenar\u00e1, \u00a0con \u00a0 destino \u00a0 a \u00a0 la \u00a0referida \u00a0entidad, \u00a0la \u00a0expedici\u00f3n \u00a0de \u00a0copias \u00a0de \u00a0las \u00a0declaraciones \u00a0rendidas por \u00a0aqu\u00e9llos \u00a0en \u00a0esta actuaci\u00f3n, como de esta decisi\u00f3n. \u00a0\u00a0<\/p>\n<p>En \u00a0m\u00e9rito de lo expuesto, la CORTE \u00a0SUPREMA \u00a0DE \u00a0JUSTICIA, \u00a0SALA \u00a0DE \u00a0CASACI\u00d3N PENAL, \u00a0administrando justicia en nombre de la rep\u00fablica y por autoridad \u00a0de la ley, \u00a0\u00a0<\/p>\n<p>RESUELVE: \u00a0<\/p>\n<p>PRIMERO: \u00a0 \u00a0 DECLARAR \u00a0 \u00a0penalmente \u00a0responsable \u00a0a \u00a0\u00c1LVARO\u00a0 ALFONSO GARC\u00cdA ROMERO, de \u00a0condiciones civiles y personales conocidas en autos, como: \u00a0\u00a0<\/p>\n<p>Autor del concierto \u00a0para \u00a0delinquir \u00a0agravado, descrito en el inciso 3\u00ba\u00a0 del art\u00edculo 340 del \u00a0C\u00f3digo Penal de 2000. \u00a0\u00a0<\/p>\n<p>Autor \u00a0 mediato \u00a0de\u00a0 \u00a0los homicidios agravados por la indefensi\u00f3n de las v\u00edctimas, Andr\u00e9s \u00a0Alberto \u00a0\u00c1lvarez \u00a0Palacios, \u00a0L\u00edderes \u00a0Rafael \u00a0Tapias Ter\u00e1n -sepultado bajo el \u00a0nombre \u00a0de \u00a0su \u00a0hijo \u00a0Maximiliano \u00a0Tapias-, \u00a0Manuel \u00a0De \u00a0Jes\u00fas Julio Guti\u00e9rrez \u00a0-sepultado \u00a0como \u00a0Manuel \u00a0De \u00a0Jes\u00fas \u00a0Palacios Mel\u00e9ndez-, Orlando Rafael Oviedo \u00a0Moguea, \u00a0Alcibiades \u00a0Mendoza, \u00a0Hugo \u00a0Adolfo \u00a0D\u00edaz \u00a0D\u00edaz \u00a0y \u00a0Juan \u00a0Manuel Feria \u00a0\u00c1lvarez, \u00a0previsto \u00a0en \u00a0los \u00a0art\u00edculos \u00a0103 \u00a0y \u00a0104-7 \u00a0del \u00a0C\u00f3digo \u00a0Penal \u00a0de \u00a02000. \u00a0\u00a0<\/p>\n<p>Determinador \u00a0del \u00a0peculado \u00a0por \u00a0apropiaci\u00f3n \u00a0previsto \u00a0en \u00a0el art\u00edculo 133 del C\u00f3digo Penal de \u00a01980, modificado por el art\u00edculo 19 de la Ley 190 de 1995. \u00a0\u00a0<\/p>\n<p>Determinador \u00a0del \u00a0homicidio \u00a0simple \u00a0en \u00a0la \u00a0persona de Georgina Narv\u00e1ez Wilches, de que trata el \u00a0art\u00edculo 103 del C\u00f3digo Penal de 2000. \u00a0\u00a0<\/p>\n<p>SEGUNDO: CONDENAR a \u00a0\u00c1LVARO \u00a0ALFONSO \u00a0GARC\u00cdA \u00a0ROMERO \u00a0a \u00a0cuarenta (40) a\u00f1os de prisi\u00f3n, multa por \u00a0valor \u00a0de \u00a010.100,47 \u00a0salarios \u00a0m\u00ednimos \u00a0legales \u00a0vigentes \u00a0e \u00a0interdicci\u00f3n de \u00a0derechos \u00a0y funciones p\u00fablicas por un lapso de quince (15) a\u00f1os, sin perjuicio \u00a0de lo previsto en el art\u00edculo 122 de la Constituci\u00f3n Pol\u00edtica. \u00a0\u00a0<\/p>\n<p>La \u00a0multa \u00a0deber\u00e1 \u00a0cancelarse a \u00a0\u00f3rdenes \u00a0del \u00a0Consejo \u00a0Superior de la Judicatura, dentro de los \u00a0seis \u00a0(6) \u00a0meses \u00a0siguientes \u00a0a \u00a0la \u00a0ejecutoria de este fallo, para lo cual, por \u00a0conducto \u00a0de \u00a0la \u00a0secretar\u00eda \u00a0de \u00a0la Sala, se remitir\u00e1 copia del mismo a dicha \u00a0Corporaci\u00f3n. \u00a0\u00a0<\/p>\n<p>TERCERO: ABSOLVER a \u00a0\u00c1LVARO \u00a0ALFONSO \u00a0GARC\u00cdA \u00a0ROMERO \u00a0de \u00a0la \u00a0acusaci\u00f3n \u00a0que se le hiciera por los \u00a0homicidios \u00a0agravados de F\u00e9lix y Laureano Paternina Rodr\u00edguez, Armando Batista \u00a0Arroyo, \u00a0Ezequiel \u00a0Jaraba \u00a0y \u00a0su \u00a0esposa \u00a0Juana \u00a0Mar\u00eda \u00a0Hern\u00e1ndez \u00a0Torres, por \u00a0inexistencia de la conducta. \u00a0\u00a0<\/p>\n<p>CUARTO: \u00a0 \u00a0 DECLARAR \u00a0 \u00a0 que \u00a0el sentenciado no se hace acreedor a la suspensi\u00f3n condicional \u00a0de \u00a0la \u00a0ejecuci\u00f3n \u00a0de \u00a0la \u00a0pena, \u00a0ni \u00a0a \u00a0la prisi\u00f3n domiciliaria, conforme los \u00a0razonamientos expuestos en precedencia. \u00a0\u00a0<\/p>\n<p>QUINTO: \u00a0 \u00a0 \u00a0 \u00a0 ABSTENERSE \u00a0de condenar a GARC\u00cdA ROMERO \u00a0al pago de perjuicios. \u00a0\u00a0<\/p>\n<p>SEXTO: \u00a0COMPULSAR \u00a0las copias penales anunciadas. \u00a0\u00a0<\/p>\n<p>\u00a0 \u00a0<\/p>\n<p>S\u00c9PTIMO: \u00a0 \u00a0 LIBRAR, \u00a0 \u00a0por \u00a0la \u00a0secretar\u00eda \u00a0de \u00a0la Sala, las comunicaciones de rigor a las \u00a0autoridades \u00a0competentes, \u00a0conforme \u00a0lo normado por el art\u00edculo 472 de la\u00a0 \u00a0Ley 600 de 2000. \u00a0\u00a0<\/p>\n<p>Contra \u00a0 esta \u00a0 sentencia \u00a0 no \u00a0 procede \u00a0recurso \u00a0\u00a0<\/p>\n<p>Notif\u00edquese y c\u00famplase. \u00a0<\/p>\n<p>MAR\u00cdA \u00a0 DEL \u00a0 ROSARIO \u00a0 GONZ\u00c1LEZ \u00a0 DE \u00a0LEMOS \u00a0\u00a0<\/p>\n<p>JOS\u00c9 \u00a0 \u00a0 \u00a0 LEONIDAS \u00a0 \u00a0 \u00a0 BUSTOS \u00a0MART\u00cdNEZ\u00a0\u00a0\u00a0 \u00a0 \u00a0\u00a0 \u00a0\u00a0 \u00a0\u00a0 \u00a0\u00a0 \u00a0 \u00a0 \u00a0 \u00a0 \u00a0\u00a0 \u00a0\u00a0 SIGIFREDO ESPINOSA P\u00c9REZ \u00a0\u00a0<\/p>\n<p>ALFREDO \u00a0 \u00a0 \u00a0 \u00a0 \u00a0 G\u00d3MEZ \u00a0QUINTERO\u00a0\u00a0\u00a0\u00a0\u00a0\u00a0\u00a0\u00a0\u00a0\u00a0\u00a0\u00a0\u00a0\u00a0\u00a0\u00a0\u00a0\u00a0\u00a0 \u00a0 \u00a0 \u00a0\u00a0 \u00a0 \u00a0\u00a0 \u00a0 \u00a0\u00a0 \u00a0 \u00a0 \u00a0\u00a0 \u00a0\u00a0 \u00a0\u00a0 \u00a0AUGUSTO J. \u00a0IB\u00c1\u00d1EZ GUZM\u00c1N \u00a0\u00a0<\/p>\n<p>JORGE \u00a0LUIS \u00a0QUINTERO MILAN\u00c9S \u00a0 \u00a0 \u00a0 \u00a0\u00a0 \u00a0 \u00a0 \u00a0 \u00a0\u00a0 \u00a0 \u00a0 \u00a0 \u00a0\u00a0 \u00a0 \u00a0 \u00a0 \u00a0\u00a0\u00a0\u00a0\u00a0\u00a0\u00a0\u00a0\u00a0\u00a0\u00a0\u00a0\u00a0\u00a0\u00a0 \u00a0 \u00a0 \u00a0\u00a0 \u00a0 \u00a0\u00a0 \u00a0 \u00a0\u00a0 \u00a0 \u00a0\u00a0\u00a0\u00a0\u00a0 \u00a0 \u00a0 \u00a0 \u00a0 \u00a0 \u00a0 \u00a0 YESID \u00a0 \u00a0 \u00a0 \u00a0 \u00a0 \u00a0 \u00a0 RAM\u00cdREZ \u00a0BASTIDAS\u00a0\u00a0\u00a0\u00a0\u00a0\u00a0\u00a0\u00a0\u00a0\u00a0\u00a0\u00a0\u00a0\u00a0\u00a0\u00a0\u00a0\u00a0\u00a0\u00a0\u00a0\u00a0\u00a0\u00a0\u00a0\u00a0\u00a0\u00a0\u00a0\u00a0\u00a0\u00a0 \u00a0\u00a0<\/p>\n<p>\u00a0 \u00a0\u00a0 \u00a0 \u00a0Aclaraci\u00f3n de voto \u00a0\u00a0<\/p>\n<p>JULIO \u00a0 \u00a0 \u00a0 ENRIQUE \u00a0 \u00a0 \u00a0 SOCHA \u00a0SALAMANCA\u00a0\u00a0\u00a0\u00a0\u00a0\u00a0\u00a0\u00a0\u00a0\u00a0\u00a0\u00a0\u00a0\u00a0\u00a0\u00a0\u00a0\u00a0\u00a0\u00a0\u00a0\u00a0\u00a0\u00a0\u00a0\u00a0\u00a0\u00a0\u00a0\u00a0\u00a0\u00a0 \u00a0JAVIER ZAPATA ORTIZ \u00a0\u00a0<\/p>\n<p>Aclaraci\u00f3n de voto \u00a0<\/p>\n<p>TERESA RUIZ N\u00da\u00d1EZ \u00a0<\/p>\n<p>Secretaria \u00a0 \u00a0<\/p>\n<p>1 Cfr. \u00a0Testimonio \u00a0de \u00a0Salvatore \u00a0Mancuso \u00a0del \u00a030-01-2008, \u00a0cd \u00a0No.17 \u00a0minutos 10:34 a \u00a01:40:58,\u00a0 \u00a0donde adem\u00e1s explic\u00f3 que tales grupos contaban con el auspicio \u00a0de \u00a0Carlos Casta\u00f1o Gil; que al frente del de la zonas norte y centro se hallaba \u00a0el \u00a0sujeto \u00a0conocido con el alias de Maicol; en San Onofre hab\u00eda otro, al mando \u00a0de \u00a0alias \u00a0Negro \u00a0Ricardo, \u00a0ex \u00a0comandante \u00a0del EPL desmovilizado; en el sur del \u00a0departamento, \u00a0provincia de La Mojana (municipios de Guaranda, Majagual y Sucre) \u00a0se \u00a0hallaba \u00a0el \u00a0de \u00a0\u00c9der \u00a0Pedraza Pe\u00f1a, alias \u201cRam\u00f3n Mojana\u201d; igualmente \u00a0coexist\u00edan \u00a0las estructuras ilegales de Salom\u00f3n Feris Chadid, alias \u201c08\u201d y \u00a0de \u00a0Javier \u00a0Piedrah\u00edta \u00a0(due\u00f1o \u00a0de \u00a0una \u00a0Convivir), \u00a0agrupaci\u00f3n \u00faltima donde \u00a0laboraron \u00a0 en \u00a0 calidad \u00a0 de \u00a0 subalternos \u00a0 Rodrigo \u00a0 Mercado \u00a0Peluffo, \u00a0alias \u00a0\u201cCadena\u201d, \u00a0 \u00a0y \u00a0 Uber \u00a0 Enrique \u00a0 B\u00e1nquez \u00a0 Mart\u00ednez, \u00a0 alias \u00a0 \u201cJuancho \u00a0Dique\u201d. \u00a0\u00a0<\/p>\n<p>2 Cfr. \u00a0Versi\u00f3n \u00a0del \u00a030-01-2008 \u00a0en \u00a0el\u00a0 juicio, cd No.17 minutos 16:52 a 26:20 y \u00a01:27:30 \u00a0a \u00a01:30:00\u00a0 \u00a0SALVATORE \u00a0MANCUSO, \u00a0quien \u00a0hizo \u00a0referencia \u00a0a \u00a0esta \u00a0reuni\u00f3n \u00a0como \u00a0una \u00a0de \u00a0los \u00a0momentos \u00a0claves en la conformaci\u00f3n de los grupos \u00a0paramilitares \u00a0\u00a0<\/p>\n<p>3 Como \u00a0as\u00ed \u00a0lo \u00a0sostuvo \u00a0en \u00a0diferentes \u00a0declaraciones \u00a0Jairo \u00a0Castillo Peralta, alias \u00a0Pitirri \u00a0\u00a0<\/p>\n<p>4 Cfr. \u00a0Versi\u00f3n \u00a0del \u00a030-01-2008 \u00a0en \u00a0el\u00a0 juicio, cd No.17 minutos 10:34 a 1:40:58 \u00a0SALVATORE \u00a0MANCUSO. \u00a0Debe \u00a0recordarse \u00a0que el Departamento de Sucre se divide en \u00a0cinco \u00a0provincias: La Mojana, cuyos municipios destacados son Guaranda, Majagual \u00a0y \u00a0Sucre. \u00a0B) Montes de Mar\u00eda, algunos de cuyos municipios son Chal\u00e1, Colos\u00f3, \u00a0Morroa, \u00a0Ovejas \u00a0(de \u00a0donde es oriundo el acusado) y Sincelejo. C) Morrosquillo, \u00a0cuyos \u00a0municipios \u00a0m\u00e1s \u00a0conocidos \u00a0son \u00a0Cove\u00f1as, \u00a0Palmito, \u00a0San \u00a0Onofre, Tol\u00fa \u00a0(Santiago \u00a0de \u00a0Tol\u00fa) \u00a0y \u00a0Toluviejo. \u00a0D) \u00a0Sabanas, \u00a0que cobija los municipios de \u00a0Buenavista, \u00a0Corozal, \u00a0El \u00a0Roble, \u00a0Galeras, \u00a0Los Palmitos, Sampu\u00e9s, San Juan de \u00a0Betulia, \u00a0San \u00a0Pedro y Sinc\u00e9.\u00a0 E) san Jorge, cuyos municipios son Caimito, \u00a0La \u00a0Uni\u00f3n, \u00a0San \u00a0Benito \u00a0Abad \u00a0y \u00a0San \u00a0Marcos. Cfr. P\u00e1gina web del Banco de la \u00a0Rep\u00fablica. \u00a0\u00a0<\/p>\n<p>5\u00a0 \u00a0Folio 97\/c. o. 6. \u00a0\u00a0<\/p>\n<p>6\u00a0 \u00a0Folio 28\/c. o. 8. \u00a0\u00a0<\/p>\n<p>7 \u00a0. \u00a0Folio 41\/c.o. 2. \u00a0\u00a0<\/p>\n<p>8 Folio \u00a01, c.o. 6. \u00a0\u00a0<\/p>\n<p>9 \u00a0Radicado 27032 \u00a0\u00a0<\/p>\n<p>10 Cfr. \u00a0providencia del 14 de mayo de 2007, radicado 26.942. \u00a0\u00a0<\/p>\n<p>11 \u00a0. \u00a0Folios 179 cuaderno anexo 35 y 197 cuaderno anexo 12. \u00a0\u00a0<\/p>\n<p>12 \u00a0. \u00a0Folio 179. anexo 35 \u00a0\u00a0<\/p>\n<p>13 \u00a0Folio 129 y s.s., anexo 2 \u00a0\u00a0<\/p>\n<p>14 \u00a0Correos \u00a0entregados \u00a0por \u00a0Castillo \u00a0Peralta \u00a0en \u00a0el \u00a0curso de su declaraci\u00f3n en \u00a0Montreal, Canad\u00e1. Folio 190 y s.s.\/c.o. 14. \u00a0\u00a0<\/p>\n<p>15 As\u00ed \u00a0se \u00a0desprende \u00a0de \u00a0las \u00a0versiones \u00a0suministradas \u00a0por \u00a0jefes \u00a0paramilitares como \u00a0Salvatore \u00a0Mancuso \u00a0o \u00a0Rodrigo Tovar Pupo, relativas al poder que lleg\u00f3 a tener \u00a0la \u00a0organizaci\u00f3n \u00a0paramilitar \u00a0y \u00a0la influencia que ejerci\u00f3 en los territorios \u00a0donde hizo presencia. \u00a0\u00a0<\/p>\n<p>16 \u00a0Testimonio \u00a0de \u00a0Salvatore \u00a0Mancuso \u00a0ante \u00a0la \u00a0Corte el 16 de mayo de 2007, 12:01 \u00a0horas \u00a0y \u00a0declaraci\u00f3n \u00a0de \u00a0alias \u00a0DIEGO \u00a0VECINO en juicio, el 3 de diciembre de \u00a02007, cd\u00a0 No.8.\u00a0\u00a0\u00a0 \u00a0\u00a0<\/p>\n<p>17 \u00a0Jorge \u00a0Anaya \u00a0ex gobernador departamento de\u00a0 Sucre\u00a0 per\u00edodo 2004-2007 \u00a0se \u00a0 acogi\u00f3 \u00a0 a \u00a0sentencia \u00a0anticipada \u00a0ante \u00a0la \u00a0Corte \u00a0Suprema \u00a0de \u00a0Justicia, \u00a0profiri\u00e9ndose \u00a0la \u00a0respectiva sentencia condenatoria de siete (7) a\u00f1os y cinco \u00a0meses \u00a0 \u00a0 \u00a0de \u00a0 \u00a0 \u00a0prisi\u00f3n \u00a0 \u00a0 e \u00a0 \u00a0 inhabilidad \u00a0para\u00a0 \u00a0el \u00a0ejercer \u00a0cargos p\u00fablicos por el mismo \u00a0t\u00e9rmino. \u00a0\u00a0<\/p>\n<p>18 As\u00ed \u00a0est\u00e1 \u00a0consignado \u00a0en \u00a0el \u00a0informe \u00a0de \u00a0Polic\u00eda \u00a0Judicial \u00a0que obra a folio 79, \u00a0C.19. \u00a0\u00a0<\/p>\n<p>19 \u00a0Samir \u00a0Antonio \u00a0Otero \u00a0De \u00a0la \u00a0Ossa \u00a0en la entrevista en la Sij\u00edn, aunque en el \u00a0juicio \u00a0se \u00a0retract\u00f3, \u00a0declaraci\u00f3n \u00a0del \u00a08-01-2008 \u00a0cd \u00a0No.14, \u00a0minuto21:28 \u00a0a \u00a022:55.\u00a0 \u00a0\u00a0<\/p>\n<p>20 \u00a0Folio 79, C.19. \u00a0\u00a0<\/p>\n<p>21 \u00a0Samir \u00a0Antonio \u00a0Otero \u00a0De \u00a0la \u00a0Ossa alias Computador, declaraci\u00f3n en juicio del \u00a08-01-2008 cd No.14\u00a0 minuto 11:30 a 1:24:46. \u00a0\u00a0<\/p>\n<p>22 Hoy \u00a0d\u00eda condenados por concierto para delinquir agravado \u00a0\u00a0<\/p>\n<p>23 \u00a0Sadys \u00a0Enrique \u00a0R\u00edos \u00a0P\u00e9rez, \u00a0declaraciones \u00a0del \u00a022 \u00a0y \u00a023 de febrero y 29 de \u00a0noviembre \u00a0de \u00a02006 ante la Unidad de D.H de la Fiscal\u00eda General de la Naci\u00f3n. \u00a0En \u00a0el \u00a0juicio \u00a0se traslad\u00f3 al cd No.44 una de declaraci\u00f3n que rindiera dentro \u00a0del \u00a0juicio de Salvador Arana Sus el 10 de noviembre de 2008 ante el Juzgado 1\u00ba \u00a0Especializado, \u00a0 \u00a0en \u00a0 \u00a0el \u00a0 cual \u00a0 se \u00a0 retract\u00f3 \u00a0 de \u00a0 lo \u00a0 dicho \u00a0 ante \u00a0 la \u00a0Fiscal\u00eda. \u00a0\u00a0<\/p>\n<p>24 \u00a0Folio 69, cuaderno original 14 \u00a0\u00a0<\/p>\n<p>25 \u00a0Jairo \u00a0Alberto \u00a0Verbel \u00a0Villadiego \u00a0alias \u00a0Mono \u00a0Loco, declaraci\u00f3n en juicio cd \u00a0No.11 minuto10:50 a 1:23:45. \u00a0\u00a0<\/p>\n<p>26 \u00a0folio 205 de C12 \u00a0\u00a0<\/p>\n<p>27 \u00a0Todos condenados con ocasi\u00f3n de dicho cargo \u00a0\u00a0<\/p>\n<p>28 \u00a0Edgar \u00a0Ignacio \u00a0Fierro \u00a0Fl\u00f3rez declaraci\u00f3n en Juicio, cd No.10, \u00a0minutos \u00a020:59 \u00a0a \u00a01:01:22. \u00a0Aclar\u00f3 \u00a0que \u00a0se \u00a0identific\u00f3 \u00a0en \u00a0la reuni\u00f3n como \u00a0Comandante \u00a0Manuel porque en el Movimiento Social Por la Paz no quer\u00eda aparecer \u00a0como \u00a0Manuel como Don Antonio o Isaac, como era otro departamento decidi\u00f3 tener \u00a0otro \u00a0alias. \u00a0Reconoci\u00f3 \u00a0su \u00a0voz \u00a0en las grabaciones incautadas. Minuto 34:31 a \u00a035:10 \u00a0\u00a0<\/p>\n<p>29 \u00a0minuto 1:01:22 \u00a0\u00a0<\/p>\n<p>30 \u00a0Trascripci\u00f3n del audio No.2 Habla Gonzalo 1:00:39 \u00a0\u00a0<\/p>\n<p>31 \u00a0Trascripci\u00f3n del audio No.2 minuto 1:32:43 \u00a0\u00a0<\/p>\n<p>32 \u00a0Transcripci\u00f3n del audioNo.3, minuto 19:50 \u00a0\u00a0<\/p>\n<p>33 \u00a020:26 \u00a0\u00a0<\/p>\n<p>34 \u00a0Folios 15, 21 al 23, anexo 33. \u00a0\u00a0<\/p>\n<p>35 As\u00ed \u00a0lo \u00a0hizo saber Salvatore Mancuso desde su propia intervenci\u00f3n en el Congreso de \u00a0la \u00a0Rep\u00fablica \u00a0y luego en sus distintas intervenciones tanto en Justicia y Paz, \u00a0como \u00a0en \u00a0los \u00a0procesos \u00a0adelantados \u00a0por la Corte con ocasi\u00f3n de los v\u00ednculos \u00a0entre congresistas y paramilitares. \u00a0\u00a0<\/p>\n<p>36 \u00a0Declaraci\u00f3n \u00a0de CLAUDIA NAYIBE L\u00d3PEZ HERN\u00c1NDEZ, analista pol\u00edtica. c.c..No.6 \u00a0del radicado 32805. \u00a0\u00a0<\/p>\n<p>37 \u00a0Declaraci\u00f3n \u00a0en \u00a0Juicio \u00a0de \u00a0EDER PEDRAZA PE\u00d1A alias RAM\u00d3N MOJANA, c.d. No.12 \u00a0del minuto 1:10:00 al 2:23:22 \u00a0\u00a0<\/p>\n<p>38 Se \u00a0refiere la Corte al efectuado por Claudia Nayibe L\u00f3pez \u00a0\u00a0<\/p>\n<p>39 \u00a0Pagina web registradurianacionaldelestadocivil.gov.co \u00a0\u00a0<\/p>\n<p>40 \u00a0Intervenci\u00f3n en juicio de ALVARO GARC\u00cdA ROMERO, cd No.51 \u00a0\u00a0<\/p>\n<p>41 \u00a0Folios \u00a0194 a 198 c. anexo 32 y Declaraci\u00f3n en el juicio de alias Juancho Dique \u00a0Minuto 1:00:58 y ss \u00a0\u00a0<\/p>\n<p>42 \u00a0Corte \u00a0Suprema de Justicia, Sala de Casaci\u00f3n Penal, sentencia de casaci\u00f3n de 2 \u00a0de septiembre de 2009, radicaci\u00f3n 29221. \u00a0\u00a0<\/p>\n<p>43 \u00a0Ib\u00eddem. \u00a0\u00a0<\/p>\n<p>44 \u00a0Corte \u00a0Suprema \u00a0de Justicia, Sala de Casaci\u00f3n Penal, sentencias de casaci\u00f3n de \u00a07 \u00a0de \u00a0marzo de 2007, radicaci\u00f3n 23825 (Caso de la Masacre de Machuca); y de 12 \u00a0de septiembre de 2007, radicaci\u00f3n 24448 (Masacre de La Gabarra). \u00a0\u00a0<\/p>\n<p>45 \u00a0H\u00e9ctor \u00a0Ol\u00e1solo, \u00abReflexiones sobre la doctrina de la empresa criminal com\u00fan \u00a0en \u00a0derecho \u00a0penal internacional\u00bb, Barcelona, Indret -Revista para el An\u00e1lisis \u00a0del \u00a0Derecho, \u00a0Universidad \u00a0Pompeu \u00a0Fabra, \u00a0julio de 2009, quien advierte que la \u00a0primera \u00a0 jurisprudencia \u00a0 de \u00a0 la \u00a0 Corte \u00a0Penal \u00a0Internacional \u00a0en \u00a0los \u00a0casos \u00a0Lubanga-Katanga \u00a0y \u00a0Ngudjolo, el art\u00edculo 25 (3) del Estatuto de Roma (ER): (i) \u00a0acoje \u00a0la \u00a0teor\u00eda \u00a0del \u00a0dominio \u00a0del hecho como criterio b\u00e1sico de distinci\u00f3n \u00a0entre \u00a0autor\u00eda \u00a0y \u00a0participaci\u00f3n; y (ii) configura la forma de responsabilidad \u00a0individual \u00a0que \u00a0m\u00e1s \u00a0parece \u00a0asemejarse \u00a0a \u00a0la doctrina de la empresa criminal \u00a0conjunta \u00a0(ECC) \u00a0de \u00a0las \u00a0recogidas en el art. 25 del ER (aquella prevista en el \u00a0p\u00e1rrafo \u00a0(3)(d) \u00a0del \u00a0art. \u00a025 \u00a0del ER) como una forma residual de complicidad. \u00a0V\u00e9ase \u00a0 tambi\u00e9n, \u00a0Silvana \u00a0Bacigalupo \u00a0Saggese, \u00a0La \u00a0responsabilidad \u00a0penal \u00a0de \u00a0las \u00a0personas \u00a0jur\u00eddicas, \u00a0Barcelona, Editorial Bosch, 1998, p. 35 y ss. \u00a0\u00a0<\/p>\n<p>46 \u00a0V\u00e9ase \u00a0 sentencia \u00a0 contra \u00a0 Alberto \u00a0Fujimori \u00a0donde: \u00a0(i) \u00a0para \u00a0atribuir \u00a0la \u00a0realizaci\u00f3n \u00a0de \u00a0un hecho delictivo por dominio de organizaci\u00f3n no se necesita \u00a0probar \u00a0el \u00a0dominio del hecho concreto, esto es, el control del curso causal del \u00a0delito \u00a0cometido \u00a0(por \u00a0ejemplo \u00a0el \u00a0control \u00a0directo \u00a0sobre el desplazamiento o \u00a0desaparici\u00f3n \u00a0forzada \u00a0de personas), sino demostrar el control de la fuente del \u00a0riesgo, \u00a0es \u00a0decir, \u00a0el \u00a0aparato \u00a0de \u00a0poder; (ii) no se necesita probar la orden \u00a0directa \u00a0de \u00a0cometer los delitos concretos, dado que quien est\u00e1 en la cabeza de \u00a0la \u00a0cadena \u00a0tambi\u00e9n \u00a0puede ser imputado por la omisi\u00f3n de controlar el aparato \u00a0de \u00a0poder \u00a0pudiendo \u00a0y debiendo hacerlo. Y, (iii) tampoco se necesita probar que \u00a0el \u00a0hombre \u00a0de \u00a0atr\u00e1s quiso que los actos il\u00edcitos se realizaran, porque basta \u00a0con \u00a0demostrar \u00a0que \u00a0el \u00a0dirigente conoc\u00eda el aparato de poder organizado y sus \u00a0actividades \u00a0il\u00edcitas y decidi\u00f3 que continuara con ellas (V\u00e9ase Corte Suprema \u00a0de \u00a0la \u00a0Rep\u00fablica \u00a0de \u00a0Per\u00fa, \u00a0Sala \u00a0Penal Especial, expediente N\u00b0 AV 19-2001, \u00a0sentencia \u00a0de 7 de abril de 2009, hechos de Barrios Altos, La Cantuta y s\u00f3tanos \u00a0SIE). \u00a0Los \u00a0anteriores \u00a0fundamentos \u00a0fueron \u00a0confirmados \u00a0en el fallo de segunda \u00a0instancia \u00a0(Ver \u00a0Corte \u00a0Suprema \u00a0de \u00a0la \u00a0Rep\u00fablica de Per\u00fa, Sala Primera Penal \u00a0Transitoria, \u00a0expediente \u00a0N\u00b0 \u00a0AV \u00a019-01-2009, \u00a0sentencia \u00a0de 30 de diciembre de \u00a02009). \u00a0\u00a0<\/p>\n<p>47 En \u00a0el \u00a0 proceso \u00a0adelantado \u00a0contra \u00a0los \u00a0miembros \u00a0de \u00a0las \u00a0Juntas \u00a0Militares \u00a0que \u00a0gobernaron \u00a0a \u00a0Argentina \u00a0(1976-1983), \u00a0el \u00a0fiscal Trassera y la C\u00e1mara Federal \u00a0imputaron \u00a0autor\u00eda \u00a0mediata \u00a0con instrumento fungible pero responsable (Teor\u00eda \u00a0de \u00a0Roxin \u00a0y \u00a0Bacigalupo), \u00a0pero \u00a0la \u00a0Corte \u00a0Suprema \u00a0de la Naci\u00f3n conden\u00f3 por \u00a0coautor\u00eda \u00a0(Teor\u00eda \u00a0de Jakobs). En Chile, se aplic\u00f3 la primera teor\u00eda contra \u00a0los \u00a0militares \u00a0y \u00a0los Directores de la DINA, y contra Pinochet el encausamiento \u00a0fue \u00a0por \u00a0comisi\u00f3n \u00a0por \u00a0omisi\u00f3n \u00a0al \u00a0tener calidad de garante. Y en Per\u00fa, se \u00a0aplic\u00f3 \u00a0por \u00a0primera vez la propuesta de Roxin en la causa adelantada contra la \u00a0c\u00fapula \u00a0de \u00a0Sendero Luminoso por los hechos de la masacre de Lucanamarca y m\u00e1s \u00a0adelante \u00a0-como \u00a0ya \u00a0se \u00a0anot\u00f3- \u00a0en la sentencia dictada contra el expresidente \u00a0Alberto Fujimori. \u00a0\u00a0<\/p>\n<p>48 En \u00a0la \u00a0doctrina \u00a0desarrollada \u00a0por \u00a0Gimbernat \u00a0se \u00a0considera \u00a0que \u00a0en los cr\u00edmenes \u00a0cometidos \u00a0por una banda ser\u00e1n inductores quienes dan las \u00f3rdenes, autores los \u00a0ejecutores del hecho y c\u00f3mplices los que transmiten el mandato. \u00a0\u00a0<\/p>\n<p>49 \u00a0Fernando \u00a0Vel\u00e1squez \u00a0Vel\u00e1squez, \u00a0\u00abLa \u00a0concurrencia de personas en el delito y \u00a0los \u00a0aparatos organizados de poder. A prop\u00f3sito de los cr\u00edmenes realizados por \u00a0las \u00a0estructuras \u00a0criminales de los paramilitares colombianos\u00bb, fotocopias, sin \u00a0fecha, \u00a0p. \u00a035. \u00a0Es \u00a0posible \u00a0que \u00a0respecto \u00a0de \u00a0los miembros de la autoridad se \u00a0edifique \u00a0responsabilidad \u00a0penal \u00a0a \u00a0partir \u00a0de la denominada omisi\u00f3n impropia, \u00a0como \u00a0ocurri\u00f3 \u00a0en \u00a0las \u00a0masacres \u00a0de \u00a0Tib\u00fa (Corte Suprema de Justicia, Sala de \u00a0Casaci\u00f3n \u00a0Penal, sentencia de casaci\u00f3n de 14 de noviembre de 2007, radicaci\u00f3n \u00a028017) \u00a0y \u00a0Mapirip\u00e1n \u00a0(Corte \u00a0Suprema \u00a0de \u00a0Justicia, \u00a0Sala \u00a0de Casaci\u00f3n Penal, \u00a0sentencia \u00a0de \u00a0casaci\u00f3n \u00a0de \u00a026 \u00a0de \u00a0abril \u00a0de \u00a02007, radicaci\u00f3n 25889 y Corte \u00a0Constitucional, \u00a0sentencia \u00a0SU-1184\/01), \u00a0oportunidades en las que se consider\u00f3 \u00a0que \u00a0los miembros de la Fuerza P\u00fablica ten\u00edan posici\u00f3n de garante respecto de \u00a0los \u00a0bienes jur\u00eddicos de la poblaci\u00f3n civil y, con ello, responsabilidad penal \u00a0en la modalidad de comisi\u00f3n por omisi\u00f3n. \u00a0\u00a0<\/p>\n<p>50 Por \u00a0ejemplo, \u00a0Corte \u00a0Suprema \u00a0de \u00a0Justicia, \u00a0Sala \u00a0de \u00a0Casaci\u00f3n Penal, sentencia de \u00a0\u00fanica \u00a0instancia \u00a0de \u00a029 de septiembre de 2003, radicaci\u00f3n 19734, reiterada en \u00a0auto de \u00fanica instancia de 10 de junio de 2008, radicaci\u00f3n 29268. \u00a0\u00a0<\/p>\n<p>51 \u00a0Tambi\u00e9n \u00a0 referenciada \u00a0 como \u00a0\u201cdominio \u00a0del \u00a0hecho \u00a0a \u00a0trav\u00e9s \u00a0de \u00a0aparatos \u00a0organizados \u00a0de \u00a0poder\u201d, \u00a0\u201cautor\u00eda \u00a0a \u00a0trav\u00e9s \u00a0del \u00a0poder \u00a0de \u00a0mando\u201d \u00a0y \u00a0\u201cautor\u00eda por dominio de la organizaci\u00f3n\u201d, entre otros. \u00a0\u00a0<\/p>\n<p>52 \u00a0Claus \u00a0Roxin, \u00a0impulsor \u00a0de esta modalidad de autor\u00eda mediata, precisa que ella \u00a0se \u00a0puede \u00a0presentar tanto en delitos cometidos por \u00f3rganos del Estado como por \u00a0la \u00a0criminalidad \u00a0organizada \u00a0no estatal, m\u00e1s excluye los casos de criminalidad \u00a0empresarial \u00a0(La \u00a0autor\u00eda \u00a0mediata por dominio en la \u00a0organizaci\u00f3n, en Problemas \u00a0actuales \u00a0de \u00a0dogm\u00e1tica \u00a0penal, \u00a0Lima, Ara Editores, \u00a02004, p. 238. \u00a0\u00a0<\/p>\n<p>53 Por \u00a0ejemplo, \u00a0Corte \u00a0Suprema \u00a0de Justicia, Sala de Casaci\u00f3n Penal, auto de 30 junio \u00a0de \u00a02004, \u00a0radicaci\u00f3n \u00a020965, \u00a0reiterado \u00a0en \u00a0auto \u00a0de \u00a020 \u00a0de febrero de 2008, \u00a0radicaci\u00f3n 28954. Negrillas agregadas \u00a0\u00a0<\/p>\n<p>54 \u00a0V\u00e9ase \u00a0Corte \u00a0Suprema \u00a0de \u00a0Justicia, \u00a0Sala \u00a0de \u00a0Casaci\u00f3n \u00a0Penal, \u00a0sentencia de \u00a0casaci\u00f3n \u00a0de \u00a015 \u00a0de junio de 2000, radicaci\u00f3n 12372. As\u00ed mismo, sentencia de \u00a0casaci\u00f3n de 12 de marzo de 2008, radicaci\u00f3n 28158. \u00a0\u00a0<\/p>\n<p>55 En \u00a0este \u00a0sentido, \u00a0ya \u00a0en \u00a0la \u00a0sentencia \u00a0del \u00a016 \u00a0de mayo de 2008, radicado 26470, \u00a0proferida \u00a0 contra \u00a0 otro \u00a0 congresista \u00a0 por \u00a0 efectuar \u00a0 alianzas \u00a0con \u00a0grupos \u00a0paramilitares \u00a0de \u00a0car\u00e1cter electoral, la Corte precis\u00f3 c\u00f3mo a ra\u00edz de tales \u00a0acuerdos \u00a0\u00e9ste \u00a0ingres\u00f3 \u00a0en \u00a0la \u00a0esfera \u00a0de \u00a0un aparato de poder que requer\u00eda \u00a0consolidar \u00a0su \u00a0pol\u00edtica \u00a0de \u00a0penetraci\u00f3n \u00a0de \u00a0lo p\u00fablico, si\u00e9ndole entonces \u00a0imputables \u00a0las \u00a0conductas \u00a0ligadas \u00a0a \u00a0ese \u00a0prop\u00f3sito, no as\u00ed los excesos del \u00a0grupo \u00a0armado posteriores a las elecciones y reflejadas en varios homicidios, ya \u00a0que \u00a0para \u00a0eso \u00a0se tendr\u00eda que demostrar que el plan de autor comprend\u00eda otras \u00a0manifestaciones \u00a0de \u00a0violencia \u00a0que \u00a0no se le atribuyeron por ausencia de prueba \u00a0que lo vinculara a las mismas. \u00a0\u00a0<\/p>\n<p>56 \u00a0Acusaci\u00f3n \u00a0del \u00a010 \u00a0de julio de 2007 de esta Corporaci\u00f3n en el radicado 32805. \u00a0\u00a0<\/p>\n<p>57 En \u00a0art\u00edculo \u00a0period\u00edstico \u00a0de la revista Semana, \u00c1LVARO GARC\u00cdA manifest\u00f3 haber \u00a0sostenido \u00a0la charla con JOAQU\u00cdN GARC\u00cdA donde \u00e9ste \u00faltimo le solicit\u00f3 ayuda \u00a0para \u00a0recuperar \u00a0un \u00a0ganado \u00a0hurtado \u00a0por \u00a0la \u00a0guerrilla, hechos que ciertamente \u00a0ven\u00edan \u00a0sucediendo \u00a0de \u00a0a\u00f1os \u00a0atr\u00e1s; incluso se conoci\u00f3 que en desarrollo de \u00a0esa \u00a0pr\u00e1ctica subversiva, se dinamit\u00f3 una de las fincas de propiedad de MIGUEL \u00a0NULE \u00a0AM\u00cdN, \u00a0luego \u00a0de \u00a0propiedad \u00a0de \u00a0la esposa de JOAQU\u00cdN GARC\u00cdA. Asimismo, \u00a0explic\u00f3 \u00a0el \u00a0ex \u00a0Congresista \u00a0que \u00a0en \u00a0relaci\u00f3n \u00a0con \u00a0los \u00a0hechos \u00a0posteriores \u00a0conocidos \u00a0como \u00a0la masacre de Macayepo los t\u00e9rminos de la conversaci\u00f3n fueron \u00a0\u201csimples coincidencias \u00a0\u00a0<\/p>\n<p>58 \u00a0Folios 130 y 132, anexo 32. \u00a0\u00a0<\/p>\n<p>59 \u00a0Folios 175, 176 y 180, anexo 32. \u00a0\u00a0<\/p>\n<p>60 \u00a0Folios 166 a 174, anexo 32. \u00a0\u00a0<\/p>\n<p>61 \u00a0Ultimo \u00a0 que \u00a0se\u00f1ala \u00a0entre \u00a0varios \u00a0m\u00e9todos \u00a0para \u00a0establecer \u00a0 la \u00a0 autenticidad \u00a0 e \u00a0identificaci\u00f3n \u00a0del \u00a0documento, \u00a0el \u00a0\u201c\u2026 \u00a0Reconocimiento \u00a0de \u00a0la \u00a0persona que lo ha elaborado, manuscrito, mecanografiado, \u00a0impreso, firmado o producido\u201d. \u00a0\u00a0<\/p>\n<p>62 \u00a0Folios 152 a 167, anexo\u00a0 32, y folios 19 a 31 c., copias 2. \u00a0\u00a0<\/p>\n<p>63 \u00a0Folio 105 c., copias 1. \u00a0\u00a0<\/p>\n<p>64 \u00a0Folios \u00a094 y 97, anexo 32, y folio 19 c., copias 13. , Tovar Pulido encargado de \u00a0la SIPOL\u00a0 en 1999 y hasta mediados de 2000. \u00a0\u00a0<\/p>\n<p>65 \u00a0folio 205 de C12 \u00a0\u00a0<\/p>\n<p>66 \u00a0Folios \u00a070 \u00a0a \u00a084 c.c 13 declaraci\u00f3n del Brigadier RODRIGO QUI\u00d1ONES C\u00c1RDENAS, \u00a0quien \u00a0lo \u00a0reemplaz\u00f3 \u00a0por espacio de tres meses en la comandancia de la Brigada \u00a0fue \u00a0JAMA \u00a0ARJONA \u00a0para entonces con el grado de Coronel. De tal suerte que para \u00a0la \u00a0fecha \u00a0de \u00a0los \u00a0hechos \u00a0de \u00a0Macayepo \u00a0se \u00a0encontraba \u00a0a \u00a0cargo \u00a0JAMA ARJONA. \u00a0\u00a0<\/p>\n<p>67 \u00a0(anexo No.32) \u00a0\u00a0<\/p>\n<p>68 \u00a0Concepto \u00a0que \u00a0alude \u00a0en el argot militar al env\u00edo de algunas unidades al sitio \u00a0que \u00a0se \u00a0se\u00f1ala \u00a0en \u00a0el \u00a0informe,\u00a0 para que interroguen a los pobladores a \u00a0cerca \u00a0del \u00a0suceso \u00a0e \u00a0igualmente \u00a0registren \u00a0la \u00a0zona \u00a0afectada \u00a0para tratar de \u00a0encontrar \u00a0 evidencias \u00a0 indicativas \u00a0 de \u00a0un \u00a0combate, \u00a0o \u00a0de \u00a0paso \u00a0de \u00a0tropas \u00a0enemigas \u00a0\u00a0<\/p>\n<p>69 \u00a0Oficio No. 0913 del 16 de octubre de 2000 \u00a0\u00a0<\/p>\n<p>70 La \u00a0Sala \u00a0ha \u00a0se\u00f1alado \u00a0que: \u00a0\u201cLas evidencias hist\u00f3ricas y probatorias que ahora \u00a0hacen \u00a0parte \u00a0de \u00a0los \u00a0hechos \u00a0notorios, revelan de manera incontrastable que el \u00a0gran \u00a0alcance \u00a0estaba \u00a0dado \u00a0en apoderarse del Estado en su conjunto mediante la \u00a0imposici\u00f3n \u00a0y nombramiento de candidatos a diversos cargos p\u00fablicos de la m\u00e1s \u00a0alta \u00a0jerarqu\u00eda, \u00a0valga \u00a0decir, \u00a0financiar, \u00a0apoyar, \u00a0controlar, las elecciones \u00a0populares \u00a0en los municipios, departamentos, a nivel nacional, prop\u00f3sito que se \u00a0puso \u00a0a \u00a0andar a trav\u00e9s de los diferentes pactos delictuosos que se firmaron de \u00a0manera \u00a0distribuida \u00a0a \u00a0lo \u00a0largo \u00a0y \u00a0ancho \u00a0del \u00a0territorio colombiano\u201d. Y se \u00a0agreg\u00f3 \u00a0que \u00a0todo ello ocurr\u00eda dentro de un plan dirigido a la \u201crefundaci\u00f3n \u00a0de \u00a0la \u00a0patria, \u00a0de \u00a0destrucci\u00f3n \u00a0y construcci\u00f3n de un para-estado mafioso\u201d. \u00a0Cfr. \u00a0Corte \u00a0Suprema \u00a0de \u00a0Justicia, \u00a0Sala \u00a0de \u00a0Casaci\u00f3n \u00a0Penal, \u00a0auto \u00a0de 18 de \u00a0noviembre de 2009, radicaci\u00f3n 28540. \u00a0\u00a0<\/p>\n<p>71 Los \u00a0paramilitares \u00a0que \u00a0ejecutaron acciones delictivas en el Departamento de Sucre y \u00a0que \u00a0se \u00a0acogieron \u00a0al \u00a0proceso \u00a0de \u00a0desmovilizaci\u00f3n \u00a0pactado entre el Gobierno \u00a0Nacional suman varios cientos de hombres. \u00a0\u00a0<\/p>\n<p>72 La \u00a0jurisprudencia \u00a0for\u00e1nea \u00a0tiene \u00a0definido \u00a0que \u00a0las \u00a0\u00f3rdenes \u00a0que \u00a0se dan en el \u00a0\u00e1mbito \u00a0de \u00a0estructuras \u00a0de \u00a0poder organizado no se registran en disposici\u00f3n o \u00a0documento \u00a0(Corte \u00a0Suprema \u00a0de \u00a0la \u00a0Rep\u00fablica \u00a0de \u00a0Per\u00fa, \u00a0Sala Penal Especial, \u00a0expediente \u00a0 N\u00b0 \u00a0 AV \u00a0 19-2001, \u00a0 sentencia \u00a0 de \u00a0 7 \u00a0 de \u00a0abril \u00a0de \u00a02009, \u00a0p. \u00a0639). \u00a0\u00a0<\/p>\n<p>73 \u00a0Folio 5\/c., anexo 1. \u00a0\u00a0<\/p>\n<p>74 \u00a0Folio 179\/c., anexo 35. \u00a0\u00a0<\/p>\n<p>75\u00a0 Folios 241 y ss.\/c., anexo 3. \u00a0\u00a0<\/p>\n<p>76 En \u00a0cinco \u00a0cuadernos \u00a0originales \u00a0y cuatro anexos. En el proceso de la Corte son los \u00a0primeros nueve cuadernos anexos. \u00a0\u00a0<\/p>\n<p>77\u00a0 Folio 271\/c., anexo 3. \u00a0\u00a0<\/p>\n<p>78\u00a0 Folio 266\/c., anexo 2 y folio 137\/c., anexo 1. \u00a0\u00a0<\/p>\n<p>79\u00a0 Folio 288\/c., anexo 2. \u00a0\u00a0<\/p>\n<p>80\u00a0 Folio 290\/c., anexo 2. \u00a0\u00a0<\/p>\n<p>81\u00a0 Folio 289\/c., anexo 2. \u00a0\u00a0<\/p>\n<p>82 \u00a0Folio 272\/c., anexo 2. \u00a0\u00a0<\/p>\n<p>83 \u00a0Folio 269\/c.o. 9. \u00a0\u00a0<\/p>\n<p>84\u00a0 \u00a0Folio \u00a0216\/c., \u00a0anexo 3. Se escribi\u00f3 en el acta como fecha \u00a0de \u00a0la \u00a0diligencia \u00a0el 15 de octubre de 2002, pero se colige que se trat\u00f3 de un \u00a0error, \u00a0en \u00a0consideraci\u00f3n \u00a0a \u00a0que \u00a0el \u00a0auto \u00a0a trav\u00e9s del cual la program\u00f3 el \u00a0fiscal \u00a0comisionado \u00a0es \u00a0del \u00a05 \u00a0de \u00a0abril \u00a0y \u00a0all\u00ed \u00a0se \u00a0fij\u00f3 \u00a0como \u00a0fecha \u00a0de \u00a0realizaci\u00f3n de la prueba el 15 de abril siguiente. \u00a0\u00a0<\/p>\n<p>85 \u00a0folio 151 del c., anexo 1 \u00a0\u00a0<\/p>\n<p>86\u00a0 Folio 229\/c., anexo 32. \u00a0\u00a0<\/p>\n<p>87 \u00a0Folio 344 c.o., 10. \u00a0\u00a0<\/p>\n<p>88 \u00a0Folio 343\/c.o.,10. \u00a0\u00a0<\/p>\n<p>89 \u00a0Folio 116\/c, anexo 35. \u00a0\u00a0<\/p>\n<p>90 \u00a0Folio 142\/c.o., 12. \u00a0\u00a0<\/p>\n<p>91 \u00a0Folios 7 y 9\/c.o. 7 del proceso 2000-001 JPCE Sincelejo. \u00a0\u00a0<\/p>\n<p>92 \u00a0Folios 155 y 233\/c.o. 12. \u00a0\u00a0<\/p>\n<p>93\u00a0 \u00a0 \u00a0Folio \u00a0 \u00a033\/c.o. \u00a0 \u00a012 \u00a0 \u00a0del \u00a0 \u00a0proceso \u00a0 2000-01 \u00a0 JPCE \u00a0Sincelejo. \u00a0\u00a0<\/p>\n<p>94 El \u00a0Consejo \u00a0Nacional Electoral, mediante Acuerdo 10 de diciembre 10 de 1997, hall\u00f3 \u00a0infundada \u00a0la \u00a0pretensi\u00f3n \u00a0y \u00a0declar\u00f3 elegido Gobernador al doctor ERIC MORRIS \u00a0TABOADA (fl. 161\/c.o. 9). \u00a0\u00a0<\/p>\n<p>95Folio \u00a02 c.a. 32 \u00a0\u00a0<\/p>\n<p>96 \u00a0Folio 196 c.o. 12. \u00a0\u00a0<\/p>\n<p>97 \u00a0Doctores Dar\u00edo Bazzani Andrade y Hason Alexander Montoya \u00a0\u00a0<\/p>\n<p>98 \u00a0Folio 2\/c.a. 32. \u00a0\u00a0<\/p>\n<p>99 \u00a0Hechos \u00a0en \u00a0los \u00a0cuales \u00a0perdieron \u00a0la \u00a0vida \u00a0ANDR\u00c9S \u00a0ALBERTO \u00a0\u00c1LVAREZ \u00a0PALACIOS, \u00a0L\u00cdDERES \u00a0RAFAEL \u00a0TAPIAS TER\u00c1N -sepultado bajo el \u00a0nombre \u00a0de \u00a0su \u00a0hijo \u00a0MAXIMILIANO \u00a0TAPIAS-, \u00a0MANUEL \u00a0DE \u00a0JES\u00daS JULIO GUTI\u00c9RREZ \u00a0-sepultado \u00a0como \u00a0MANUEL \u00a0DE \u00a0JES\u00daS \u00a0PALACIOS MEL\u00c9NDEZ-, ORLANDO RAFAEL OVIEDO \u00a0MOGUEA, \u00a0ALCIBIADES \u00a0MENDOZA, \u00a0HUGO \u00a0ADOLFO \u00a0D\u00cdAZ \u00a0D\u00cdAZ \u00a0y \u00a0JUAN \u00a0MANUEL FERIA \u00a0\u00c1LVAREZ. \u00a0\u00a0<\/p>\n<p>100 \u00a0Folio \u00a0158, \u00a0acusaci\u00f3n del 10 de julio de 2007 proferida por esta Corporaci\u00f3n, \u00a0contra el aqu\u00ed procesado. \u00a0\u00a0<\/p>\n<p>101 \u00a0referidos \u00a0a la mayor o menor gravedad de la conducta, el da\u00f1o real o potencial \u00a0creado, \u00a0la \u00a0naturaleza \u00a0de \u00a0las \u00a0causales \u00a0de \u00a0agravaci\u00f3n \u00a0o \u00a0atenuaci\u00f3n, \u00a0la \u00a0intensidad \u00a0del \u00a0dolo, necesidad de la pena y funci\u00f3n que ella ha de cumplir en \u00a0el caso concreto \u00a0\u00a0<\/p>\n<p>102 \u00a0fecha de su publicaci\u00f3n en el diario oficial \u00a0\u00a0<\/p>\n<p>103 \u00a0Radicaci\u00f3n \u00a0 905 \u00a0 de \u00a0 la \u00a0Unidad \u00a0Nacional \u00a0de \u00a0Derechos \u00a0Humanos \u00a0y \u00a0Derecho \u00a0Internacional Humanitario \u00a0\u00a0<\/p>\n<p>104 \u00a0Doctores Dar\u00edo Bazzani Andrade y Hason Alexander Montoya \u00a0 \u00a0\u00a0<\/p>\n<p><\/p>\n","protected":false},"excerpt":{"rendered":"<p>\u00a0 \u00a0 \u00a0\u00a0 Proceso n\u00b0 32805 \u00a0 CORTE SUPREMA DE JUSTICIA \u00a0 SALA DE CASACI\u00d3N PENAL \u00a0 Aprobado acta No. 56 \u00a0 Bogot\u00e1, \u00a0D. \u00a0C.,\u00a0 \u00a0veintitr\u00e9s (23) de \u00a0febrero \u00a0 \u00a0 \u00a0 \u00a0 \u00a0 \u00a0 \u00a0 \u00a0de \u00a0 \u00a0 \u00a0 \u00a0 \u00a0 \u00a0 \u00a0 dos \u00a0 \u00a0 \u00a0 \u00a0 \u00a0 \u00a0 \u00a0 mil \u00a0 \u00a0 [&hellip;]<\/p>\n","protected":false},"author":1,"featured_media":0,"comment_status":"open","ping_status":"open","sticky":false,"template":"","format":"standard","meta":{"footnotes":""},"categories":[18],"tags":[],"class_list":["post-20448","post","type-post","status-publish","format-standard","hentry","category-18"],"_links":{"self":[{"href":"https:\/\/dmsjuridica.com\/buscador_20179478954\/salapenalcronologico20230723\/wp-json\/wp\/v2\/posts\/20448","targetHints":{"allow":["GET"]}}],"collection":[{"href":"https:\/\/dmsjuridica.com\/buscador_20179478954\/salapenalcronologico20230723\/wp-json\/wp\/v2\/posts"}],"about":[{"href":"https:\/\/dmsjuridica.com\/buscador_20179478954\/salapenalcronologico20230723\/wp-json\/wp\/v2\/types\/post"}],"author":[{"embeddable":true,"href":"https:\/\/dmsjuridica.com\/buscador_20179478954\/salapenalcronologico20230723\/wp-json\/wp\/v2\/users\/1"}],"replies":[{"embeddable":true,"href":"https:\/\/dmsjuridica.com\/buscador_20179478954\/salapenalcronologico20230723\/wp-json\/wp\/v2\/comments?post=20448"}],"version-history":[{"count":0,"href":"https:\/\/dmsjuridica.com\/buscador_20179478954\/salapenalcronologico20230723\/wp-json\/wp\/v2\/posts\/20448\/revisions"}],"wp:attachment":[{"href":"https:\/\/dmsjuridica.com\/buscador_20179478954\/salapenalcronologico20230723\/wp-json\/wp\/v2\/media?parent=20448"}],"wp:term":[{"taxonomy":"category","embeddable":true,"href":"https:\/\/dmsjuridica.com\/buscador_20179478954\/salapenalcronologico20230723\/wp-json\/wp\/v2\/categories?post=20448"},{"taxonomy":"post_tag","embeddable":true,"href":"https:\/\/dmsjuridica.com\/buscador_20179478954\/salapenalcronologico20230723\/wp-json\/wp\/v2\/tags?post=20448"}],"curies":[{"name":"wp","href":"https:\/\/api.w.org\/{rel}","templated":true}]}}