{"id":20415,"date":"2023-09-11T22:54:05","date_gmt":"2023-09-11T22:54:05","guid":{"rendered":"https:\/\/dmsjuridica.com\/buscador_20179478954\/salapenalcronologico20230723\/2023\/09\/11\/3271205-05-10\/"},"modified":"2023-09-11T22:54:05","modified_gmt":"2023-09-11T22:54:05","slug":"3271205-05-10","status":"publish","type":"post","link":"https:\/\/dmsjuridica.com\/buscador_20179478954\/salapenalcronologico20230723\/2023\/09\/11\/3271205-05-10\/","title":{"rendered":"32712(05-05-10)"},"content":{"rendered":"\n<p>\u00a0 \u00a0 \u00a0\u00a0<\/p>\n<p>Proceso n.\u00ba 32712 \u00a0<\/p>\n<p>CORTE SUPREMA DE JUSTICIA \u00a0<\/p>\n<p>SALA DE CASACI\u00d3N PENAL \u00a0<\/p>\n<p>Aprobado Acta No. 137 \u00a0<\/p>\n<p>Bogot\u00e1 \u00a0D. C., cinco (05) de mayo de dos mil \u00a0diez (2010). \u00a0\u00a0<\/p>\n<p>VISTOS \u00a0<\/p>\n<p>\u00a0 \u00a0\u00a0 \u00a0\u00a0 \u00a0\u00a0La \u00a0Sala procede a dictar sentencia dentro del proceso adelantado al \u00a0doctor \u00a0 \u00a0 HERNANDO \u00a0 \u00a0MOLINA \u00a0 \u00a0ARA\u00daJO, \u00a0quien \u00a0ha \u00a0sido \u00a0acusado \u00a0del \u00a0delito de concierto para delinquir \u00a0agravado \u00a0 previsto \u00a0 en \u00a0 el \u00a0 inciso \u00a0 2\u00ba \u00a0 del \u00a0art\u00edculo \u00a0340 \u00a0del \u00a0C\u00f3digo \u00a0Penal. \u00a0\u00a0<\/p>\n<p>HECHOS Y ACTUACI\u00d3N PROCESAL \u00a0<\/p>\n<p>\u00a0 \u00a0\u00a0 \u00a0\u00a0 \u00a0\u00a0En \u00a0el \u00a0departamento \u00a0de \u00a0Cesar \u00a0a finales de la d\u00e9cada del 90, las \u00a0autodefensas \u00a0agrupadas \u00a0en \u00a0torno \u00a0al \u00a0bloque \u00a0Norte \u00a0liderado por \u201cJorge \u00a0 \u00a0 \u00a0 Cuarenta\u201d \u00a0 \u00a0hab\u00edan \u00a0 impuesto \u00a0 su \u00a0 dominio \u00a0territorial \u00a0y \u00a0militar, \u00a0desplazando del mismo a las organizaciones subversivas \u00a0que \u00a0a\u00f1os \u00a0atr\u00e1s \u00a0se \u00a0encontraban \u00a0asentadas \u00a0en \u00a0esa \u00a0regi\u00f3n. \u00a0Asumido dicho \u00a0control, \u00a0el \u00a0grupo \u00a0armado \u00a0ilegal \u00a0paulatinamente \u00a0empieza a intervenir en los \u00a0procesos \u00a0pol\u00edticos \u00a0y electorales, imponiendo a las comunidades los candidatos \u00a0o \u00a0determinando, \u00a0en \u00a0algunos \u00a0casos, \u00a0los \u00a0movimientos \u00a0pol\u00edticos \u00a0que pod\u00edan \u00a0presentar \u00a0sus \u00a0candidaturas \u00a0a los cargos o corporaciones de elecci\u00f3n popular. \u00a0Tal \u00a0como ocurri\u00f3 en las elecciones para Congreso de la Rep\u00fablica de 2002, las \u00a0autodefensas \u00a0no \u00a0fueron \u00a0ajenas al debate\u00a0 electoral de 2003 en el cual se \u00a0eligi\u00f3 \u00a0Gobernador \u00a0del \u00a0departamento, \u00a0al \u00a0acordar \u00a0con el doctor HERNANDO \u00a0 MOLINA \u00a0ARA\u00daJO \u00a0su \u00a0 \u00a0 \u00a0 candidatura \u00a0 \u00a0 \u00a0\u201c\u00fanica\u201d \u00a0a \u00a0ese \u00a0cargo \u00a0y \u00a0asegurar \u00a0as\u00ed \u00a0su \u00a0participaci\u00f3n \u00a0en \u00a0las \u00a0decisiones \u00a0de \u00a0la \u00a0administraci\u00f3n \u00a0departamental \u00a0del \u00a0Cesar. \u00a0\u00a0<\/p>\n<p>El \u00a0Fiscal \u00a0General \u00a0de la Naci\u00f3n dispuso la \u00a0apertura \u00a0de \u00a0instrucci\u00f3n \u00a0contra \u00a0el \u00a0doctor \u00a0MOLINA \u00a0ARA\u00daJO1 \u00a0por \u00a0su posible incursi\u00f3n en delitos de \u00a0concierto \u00a0 para \u00a0 delinquir \u00a0 y \u00a0 delitos \u00a0 contra \u00a0la \u00a0vida \u00a0y \u00a0la \u00a0integridad \u00a0personal, \u00a0a \u00a0partir \u00a0de \u00a0denuncias \u00a0an\u00f3nimas bajo el \u00a0nombre \u00a0 de \u00a0 Juan \u00a0 Guillermo \u00a0 Rodr\u00edguez \u00a0G\u00f3mez2, \u00a0en \u00a0una \u00a0de \u00a0las \u00a0cuales \u00a0se \u00a0se\u00f1ala \u00a0que \u00a0\u201csali\u00f3 del \u00a0monte \u00a0para \u00a0ser gobernador\u201d \u00a0y \u00a0 \u00a0 se \u00a0 \u00a0 le \u00a0 \u00a0 acusa \u00a0 \u00a0 de \u00a0 \u00a0 \u201cparamilitar \u00a0disfrazado de pol\u00edtico, que lo \u00fanico que ha hecho es \u00a0asesinar, \u00a0entre \u00a0otras \u00a0a los miembros de la familia Arias, en Valledupar; y se \u00a0le \u00a0endilga \u00a0el \u00a0asesinato \u00a0de \u00a0un \u00a0l\u00edder \u00a0kankuamo \u00a0de \u00a0la regi\u00f3n\u201d. \u00a0\u00a0<\/p>\n<p>El \u00a0 16 \u00a0 de \u00a0 mayo \u00a0 de \u00a020073, \u00a0el \u00a0Fiscal \u00a0General \u00a0halla \u00a0suficientes \u00a0m\u00e9ritos para imponer medida de aseguramiento en la \u00a0modalidad \u00a0de \u00a0detenci\u00f3n \u00a0preventiva \u00a0sin beneficio de excarcelaci\u00f3n al doctor \u00a0MOLINA \u00a0ARA\u00daJO, \u00a0precisando \u00a0que \u00a0la imputaci\u00f3n se contrae \u00fanicamente al delito de concierto para delinquir \u00a0agravado. \u00a0\u00a0<\/p>\n<p>Despu\u00e9s de negar la revocatoria de la medida \u00a0de \u00a0 aseguramiento \u00a0 solicitada \u00a0 por \u00a0 la \u00a0defensa4, \u00a0 el \u00a0 Fiscal \u00a0Delegado \u00a0por \u00a0designaci\u00f3n \u00a0especial \u00a0ante \u00a0la renuncia al cargo del aforado dispone cerrar la \u00a0investigaci\u00f3n \u00a0y al calificarla profiere resoluci\u00f3n de acusaci\u00f3n por\u00a0 el \u00a0delito \u00a0 de \u00a0concierto \u00a0para \u00a0promover, \u00a0organizar \u00a0y \u00a0armar \u00a0grupos \u00a0armados al margen de la ley previsto en \u00a0el \u00a0inciso \u00a02 \u00a0del \u00a0art\u00edculo \u00a0340 del C\u00f3digo Penal5. \u00a0El \u00a0Vice \u00a0Fiscal confirma la \u00a0acusaci\u00f3n, \u00a0al \u00a0resolver \u00a0el \u00a0recurso de apelaci\u00f3n interpuesto por el defensor \u00a0del procesado. \u00a0\u00a0<\/p>\n<p>El \u00a0conocimiento \u00a0del \u00a0juicio corresponde al \u00a0Juez \u00a0Sexto \u00a0Penal \u00a0del \u00a0Circuito \u00a0Especializado, \u00a0que luego de llevar a cabo la \u00a0audiencia \u00a0preparatoria, \u00a0da \u00a0inicio a la de juzgamiento el 1\u00ba de septiembre de \u00a020086 \u00a0y \u00a0hall\u00e1ndose \u00a0el \u00a0proceso para sentencia, lo remite a esta Corte \u00a0con fundamento en la decisi\u00f3n del 1\u00ba de septiembre de 2009. \u00a0\u00a0<\/p>\n<p>IDENTIFICACI\u00d3N DEL PROCESADO \u00a0<\/p>\n<p>HERNANDO \u00a0MOLINA\u00a0 \u00a0ARA\u00daJO\u00a0 \u00a0es \u00a0hijo \u00a0de \u00a0Hernando y Consuelo, naci\u00f3 el 28 de agosto de \u00a01961 \u00a0en \u00a0Valledupar, \u00a0se \u00a0identifica \u00a0con \u00a0la \u00a0c\u00e9dula \u00a0de \u00a0ciudadan\u00eda n\u00famero \u00a077.012.832 \u00a0de \u00a0Valledupar, \u00a0se \u00a0encuentra casado con Catalina Carvajal Riveiro, \u00a0tiene cuatro (4) hijos y adelanta estudios de derecho. \u00a0\u00a0<\/p>\n<p>DE LA AUDIENCIA P\u00daBLICA \u00a0<\/p>\n<p>\u00a0 \u00a0\u00a0 \u00a0\u00a0 \u00a0\u00a01. INTERROGATORIO A HERNANDO MOLINA ARA\u00daJO \u00a0\u00a0<\/p>\n<p>Al igual que en la indagatoria, MOLINA \u00a0ARA\u00daJO \u00a0insiste \u00a0en su inocencia. \u00a0Se\u00f1ala \u00a0que \u00a0desde 1999 hasta el 6 de enero de 2003 permaneci\u00f3 fuera del pa\u00eds \u00a0en \u00a0misi\u00f3n \u00a0diplom\u00e1tica \u00a0en \u00a0Guatemala, \u00a0Costa \u00a0Rica \u00a0y Panam\u00e1, la cual no le \u00a0impidi\u00f3 \u00a0tener conocimiento de las actividades en el Cesar de grupos armados al \u00a0margen de la ley. \u00a0\u00a0<\/p>\n<p>Refiere \u00a0 que \u00a0 su \u00a0 hermano \u00a0Rodolfo \u00a0fue \u00a0secuestrado \u00a0 por \u00a0 la \u00a0guerrilla \u00a0porque \u00a0su \u00a0padre \u00a0se \u00a0neg\u00f3 \u00a0a \u00a0colaborarles \u00a0econ\u00f3micamente \u00a0y \u00a0liberado \u00a0despu\u00e9s de cancelar la suma de dinero exigida por \u00a0la \u00a0subversi\u00f3n, \u00a0que \u00a0en enero destruye una finca suya. Dice que al encontrarse \u00a0en \u00a0 medio \u00a0 de \u00a0 dos \u00a0 fuegos, \u00a0guerrilla \u00a0y \u00a0autodefensas, \u00a0decide \u00a0salir \u00a0del \u00a0pa\u00eds. \u00a0\u00a0<\/p>\n<p>Respecto \u00a0de \u00a0su actividad pol\u00edtica, indica \u00a0que \u00a0en \u00a01992 \u00a0fue elegido concejal de Valledupar con la m\u00e1s alta votaci\u00f3n que \u00a0candidato \u00a0alguno \u00a0haya conseguido para llegar a esa Corporaci\u00f3n y que en 1997, \u00a0participa \u00a0como coordinador general de la campa\u00f1a de Consuelo Ara\u00fajo Noguera a \u00a0la \u00a0Gobernaci\u00f3n \u00a0que \u00a0enfrenta \u00a0al grupo pol\u00edtico Golpe de los Gnecco Cerchar, \u00a0contradictores naturales de ella. \u00a0\u00a0<\/p>\n<p>En \u00a0relaci\u00f3n con su aspiraci\u00f3n pol\u00edtica a \u00a0la \u00a0Gobernaci\u00f3n, \u00a0recuerda que con ocasi\u00f3n de la tr\u00e1gica muerte de su se\u00f1ora \u00a0madre \u00a0 \u00a0 \u00a0 -Consuelo \u00a0 \u00a0 \u00a0Ara\u00fajo \u00a0 \u00a0 \u00a0Noguera7-, \u00a0el pueblo por el afecto que \u00a0sent\u00eda \u00a0hacia \u00a0ella \u00a0pide \u00a0que \u00a0alguien recoja sus banderas. Por esa raz\u00f3n, le \u00a0escriben \u00a0al \u00a0Consulado \u00a0para que prestara \u00a0su \u00a0nombre \u00a0a Valledupar y continuara con el proyecto pol\u00edtico de \u00a0\u201clos \u00a0 \u00a0 \u00a0buenos \u00a0tiempos\u201d. En enero de 2003, \u00a0al \u00a0regresar \u00a0al \u00a0pa\u00eds \u00a0promueve \u00a0reuniones \u00a0con \u00a0asociaciones \u00a0campesinas y en \u00a0Aguachica \u00a0se \u00a0le propone por primera vez ser candidato a ese cargo de elecci\u00f3n \u00a0popular, \u00a0dada \u00a0la \u00a0imagen \u00a0de \u00a0su madre, el rechazo a los malos gobiernos y los \u00a0problemas \u00a0de \u00a0orden \u00a0p\u00fablico, candidatura en la cual no hab\u00eda pensado, porque \u00a0en \u00a0noviembre \u00a0de \u00a02002 \u00a0algunos \u00a0sectores \u00a0pol\u00edticos \u00a0lo \u00a0mencionaban \u00a0para la \u00a0alcald\u00eda de Valledupar. \u00a0\u00a0<\/p>\n<p>Su campa\u00f1a la inicia a finales de febrero de \u00a02003, \u00a0cuando empieza a recorrer el departamento y a hablar con amigos, l\u00edderes \u00a0comunitarios, \u00a0dirigentes \u00a0comunales, de los profesores, de los estudiantes y de \u00a0los \u00a0gremios. \u00a0Pide \u00a0al \u00a0partido \u00a0liberal que lo acompa\u00f1e en esa gesta y en las \u00a0tertulias pol\u00edticas comienza a hablarse de otros nombres. \u00a0\u00a0<\/p>\n<p>Abraham \u00a0Romero \u00a0es propuesto candidato a la \u00a0culminaci\u00f3n \u00a0del \u00a0festival vallenato y en junio se oye hablar de la aspiraci\u00f3n \u00a0de \u00a0Cristian \u00a0Moreno. Sin embargo, en una reuni\u00f3n con la direcci\u00f3n del partido \u00a0Liberal \u00a0llevada \u00a0a \u00a0cabo \u00a0en \u00a0Valledupar, \u00a0Romero \u00a0aduce \u00a0falta \u00a0de garant\u00edas, \u00a0denuncia \u00a0el \u00a0nepotismo \u00a0y \u00a0renuncia \u00a0d\u00edas \u00a0despu\u00e9s \u00a0a la consulta interna del \u00a0partido, por lo cual su nombre es aclamado como candidato \u00fanico. \u00a0\u00a0<\/p>\n<p>Advierte \u00a0 que \u00a0 el \u00a0 \u00faltimo \u00a0 d\u00eda \u00a0 de \u00a0inscripciones, \u00a0 Cristian \u00a0Moreno \u00a0no \u00a0inscribe \u00a0su \u00a0nombre \u00a0alegando \u00a0falta \u00a0de \u00a0garant\u00edas. \u00a0 Ambos \u00a0 -Romero \u00a0y \u00a0Moreno- \u00a0publican \u00a0un \u00a0manifiesto \u00a0ideol\u00f3gico \u00a0exponiendo \u00a0las \u00a0razones \u00a0por \u00a0las \u00a0cuales se oponen a su aspiraci\u00f3n. Recibe el \u00a0apoyo \u00a0 \u00a0del \u00a0 MRL, \u00a0 del \u00a0MIR, movimiento fundado por \u00a0el \u00a0 \u00a0padre \u00a0 \u00a0de \u00a0 Moreno, \u00a0 del \u00a0 MOIR, \u00a0del \u00a0MIPOL y \u00a0del FAL. \u00a0\u00a0<\/p>\n<p>Consolidada \u00a0la \u00a0candidatura \u00a0se enfrenta al \u00a0debate, \u00a0a \u00a0los \u00a0pasquines \u00a0y \u00a0a \u00a0la \u00a0campa\u00f1a \u00a0de \u00a0descr\u00e9dito de su nombre. Su \u00a0posici\u00f3n \u00a0frente \u00a0a los grupos armados ilegales siempre fue abierta, les pidi\u00f3 \u00a0acogerse \u00a0al \u00a0proceso \u00a0de \u00a0paz o de lo contrario someterse al imperio de la ley. \u00a0Piedad \u00a0C\u00f3rdoba \u00a0lo \u00a0acompa\u00f1a a muchos actos p\u00fablicos en los que se atacaba a \u00a0los violentos. \u00a0\u00a0<\/p>\n<p>Luego, \u00a0 muestra \u00a0 fotograf\u00edas \u00a0 de \u00a0 las \u00a0manifestaciones \u00a0p\u00fablicas \u00a0de \u00a0su \u00a0campa\u00f1a, en las cuales se puede observar la \u00a0participaci\u00f3n\u00a0 \u00a0 y \u00a0presencia \u00a0de \u00a0la \u00a0fuerza \u00a0p\u00fablica \u00a0que \u00a0le \u00a0prestaba \u00a0seguridad, \u00a0en \u00a0especial \u00a0las relacionadas con la marcha contra los violentos en \u00a0Tamalameque \u00a0y una en la que aparece su cr\u00edtico Jaime Gnecco. Se pregunta c\u00f3mo \u00a0es \u00a0que \u00a0Cristian \u00a0Moreno \u00a0aparezca trabajando en la estructuraci\u00f3n del plan de \u00a0desarrollo del departamento de Cesar. \u00a0\u00a0<\/p>\n<p>Asevera \u00a0que \u00a0en las 148 horas de grabaci\u00f3n \u00a0que \u00a0registran \u00a0sus \u00a0discursos \u00a0sin \u00a0editar, \u00a0se \u00a0puede constatar que los grupos \u00a0armados \u00a0ilegales fueron ajenos a su campa\u00f1a nacida de la expresi\u00f3n popular de \u00a0Cesar; \u00a0manifiesta \u00a0que \u00a0al \u00a0acto pol\u00edtico de Chimichagua del 12 de octubre con \u00a0presencia \u00a0de \u00a0la \u00a0fuerza \u00a0p\u00fablica \u00a0la \u00a0gente \u00a0asisti\u00f3 \u00a0libremente, sin que se \u00a0hubiera \u00a0reunido \u00a0con \u00a0ilegales. \u00a0Refiere el incidente de Pailitas en una caseta \u00a0p\u00fablica, \u00a0puesto \u00a0en \u00a0conocimiento \u00a0de las autoridades, en el cual \u201cHarold\u201d, \u00a0jefe paramilitar de la zona, le hace \u00a0saber que nada ten\u00eda que buscar por all\u00e1. \u00a0\u00a0<\/p>\n<p>Una \u00a0vez \u00a0elegido \u00a0a \u00a0la \u00a0Gobernaci\u00f3n \u00a0se \u00a0involucra \u00a0en el proceso de paz por ser una propuesta de su de campa\u00f1a, sin que \u00a0jam\u00e1s \u00a0asistiera \u00a0a \u00a0ninguna \u00a0reuni\u00f3n \u00a0con actores armados distintas a las que \u00a0sostuvo dentro de dicho proceso. \u00a0\u00a0<\/p>\n<p>Manifiesta \u00a0que \u00a0habl\u00f3 \u00a0con \u00a0\u201cJorge \u00a0 \u00a0 \u00a0 Cuarenta\u201d \u00a0en \u00a0el \u00a0cuartel \u00a0de \u00a0la \u00a0polic\u00eda por \u00a0solicitud \u00a0de \u00a0Ana Carolina, con el prop\u00f3sito de disuadirlo de su intenci\u00f3n de \u00a0retirarse \u00a0del \u00a0proceso de paz y pedirle que no desaprovechara la oportunidad de \u00a0reincorporarse \u00a0a \u00a0la \u00a0sociedad \u00a0civil. \u00a0Reitera \u00a0que en la campa\u00f1a no recibi\u00f3 \u00a0ofrecimiento \u00a0 \u00a0 o \u00a0 \u00a0ayuda \u00a0 \u00a0de \u00a0 \u00a0\u201cJorge \u00a0 \u00a0 \u00a0 \u00a0Cuarenta\u201d, \u00a0tampoco \u00a0conoce \u00a0de denuncias ante las autoridades judiciales, en \u00a0las \u00a0cuales \u00a0los \u00a0candidatos \u00a0expresaran \u00a0que \u00a0su renuncia a su aspiraci\u00f3n tuvo \u00a0origen \u00a0en \u00a0presiones de los grupos armados ilegales, ni ellos le dieron ninguna \u00a0explicaci\u00f3n. \u00a0\u00a0<\/p>\n<p>De \u00a0\u201cBoliche\u201d \u00a0\u00fanicamente \u00a0sabe \u00a0que \u00a0es miembro de una familia reconocida en Valledupar, pero \u00a0no \u00a0tiene \u00a0ninguna \u00a0relaci\u00f3n \u00a0con \u00e9l. Durante su campa\u00f1a a la gobernaci\u00f3n no \u00a0conoc\u00eda \u00a0de \u00a0sus \u00a0actividades \u00a0ni \u00a0de los v\u00ednculos que ten\u00eda con \u201cJorge \u00a0 \u00a0 \u00a0 Cuarenta\u201d y Salvatore Mancuso. \u00a0\u00a0<\/p>\n<p>Expresa \u00a0que \u00a0jam\u00e1s \u00a0tuvo \u00a0diferencias \u00a0o \u00a0altercados \u00a0con \u00a0Luz \u00a0Marina \u00a0Gnecco, \u00a0raz\u00f3n \u00a0por \u00a0la \u00a0cual \u00a0le \u00a0extra\u00f1\u00f3 \u00a0las \u00a0acusaciones \u00a0hechas en su contra; adem\u00e1s, grab\u00f3 la conversaci\u00f3n sostenida con \u00a0\u201cBoliche\u201d \u00a0 y \u00a0Luz \u00a0Marina \u00a0sin \u00a0que \u00a0ellos \u00a0lo \u00a0supieran, \u00a0temiendo que faltaran a la verdad si los enteraba de ello. Insiste en \u00a0que \u00a0no \u00a0existe prueba que lo se\u00f1ale de haber sido beneficiado con las acciones \u00a0del \u00a0paramilitarismo, \u00a0de \u00a0modo que se trat\u00f3 de un complot para deslegitimar su \u00a0campa\u00f1a. \u00a0\u00a0<\/p>\n<p>Los disparos de arma de fuego contra la casa \u00a0de \u00a0Sonia Moscote ocurrieron despu\u00e9s de la renuncia de Abraham Romero; luego de \u00a0ese \u00a0 suceso, \u00a0 ambos \u00a0 le \u00a0manifestaron \u00a0a \u00a0los \u00a0medios \u00a0de \u00a0comunicaci\u00f3n \u00a0que \u00a0MOLINA \u00a0ARA\u00daJO \u00a0no \u00a0ten\u00eda \u00a0ninguna responsabilidad en el mismo. \u00a0\u00a0<\/p>\n<p>Durante el ejercicio del cargo no se sinti\u00f3 \u00a0presionado \u00a0ni \u00a0lo \u00a0fue, como tampoco grupo armado ilegal tuvo participaci\u00f3n en \u00a0su \u00a0administraci\u00f3n. \u00a0Ni \u00a0antes \u00a0ni \u00a0durante \u00a0su gobierno hubo posiciones que se \u00a0relacionaran \u00a0con \u00a0esos \u00a0grupos. \u00a0Incluso \u00a0denunci\u00f3 \u00a0la extorsi\u00f3n a la cual el \u00a0grupo \u00a0 \u00a0de \u00a0 \u00a0\u201cJorge \u00a0Cuarenta\u201d ven\u00eda sometiendo \u00a0a \u00a0un \u00a0contratista en Valledupar. No tiene conocimiento de quejas o denuncias de \u00a0funcionarios \u00a0acerca \u00a0de \u00a0la injerencia de las autodefensas en sus funciones. Lo \u00a0que \u00a0exist\u00eda \u00a0era \u00a0un \u00a0poder\u00edo \u00a0militar, pero en cuanto al gobierno y la parte \u00a0p\u00fablica no. \u00a0\u00a0<\/p>\n<p>El \u00a0voto \u00a0en \u00a0blanco \u00a0promocionado de manera \u00a0abierta \u00a0es \u00a0una \u00a0opci\u00f3n \u00a0v\u00e1lida \u00a0introducida \u00a0por la reforma pol\u00edtica de ese \u00a0a\u00f1o. \u00a0En \u00a0el \u00a02003 \u00a0en \u00a0Antioquia \u00a0hubo \u00a087.500 \u00a0votos en blanco, en Atl\u00e1ntico \u00a046.000, \u00a0en \u00a0Cundinamarca \u00a042.600 \u00a0y \u00a0en \u00a0Bogot\u00e1 para Concejo Distrital 216.000 \u00a0votos; \u00a0es \u00a0una forma de expresi\u00f3n democr\u00e1tica. \u00c9l no es indicativo de que su \u00a0campa\u00f1a fuera apoyada por las autodefensas. \u00a0\u00a0<\/p>\n<p>Las candidaturas \u00fanicas no fueron exclusivas \u00a0de \u00a0 \u00a0Cesar, \u00a0 \u00a0las \u00a0 \u00a0cuales \u00a0 \u00a0tampoco \u00a0 est\u00e1n \u00a0 prohibidas \u00a0 en \u00a0 el \u00a0 orden \u00a0jur\u00eddico. \u00a0\u00a0<\/p>\n<p>En \u00a0los \u00a0consejos de seguridad se discut\u00edan \u00a0todos \u00a0los \u00a0temas \u00a0concernientes \u00a0a \u00a0la \u00a0seguridad de los candidatos, como puede \u00a0verse \u00a0 en \u00a0 las \u00a0 actas \u00a0que \u00a0hacen \u00a0parte \u00a0del \u00a0proceso. \u00a0Todos \u00a0contaban \u00a0con \u00a0seguridad. \u00a0\u00a0<\/p>\n<p>2. ALEGACIONES \u00a0<\/p>\n<p>2.1 \u00a0De \u00a0la \u00a0Fiscal\u00eda \u00a0Delegada \u00a0ante \u00a0la \u00a0Corte. \u00a0\u00a0<\/p>\n<p>Despu\u00e9s \u00a0de \u00a0explicar \u00a0el \u00a0origen \u00a0de \u00a0la \u00a0investigaci\u00f3n, \u00a0se \u00a0refiere \u00a0al \u00a0tr\u00e1mite de la instrucci\u00f3n y se detiene en la \u00a0resoluci\u00f3n \u00a0de \u00a0acusaci\u00f3n \u00a0de \u00a0enero \u00a010 \u00a0de \u00a02008. \u00a0Da \u00a0lectura \u00a0a los hechos \u00a0consignados \u00a0en \u00a0ella sustentados en la manifestaci\u00f3n del an\u00f3nimo \u201cAmigo \u00a0 \u00a0 del \u00a0 \u00a0 Cesar\u201d. Advierte que el proceso se fundamenta \u00a0en \u00a0prueba \u00a0documental, \u00a0testimonial \u00a0e \u00a0indiciaria, \u00a0como de manera acertada lo \u00a0dijera la 2\u00aa instancia. \u00a0\u00a0<\/p>\n<p>Expresa \u00a0que \u00a0la \u00a0aspiraci\u00f3n \u00a0de \u00a0Cristian \u00a0Hernando \u00a0Moreno Panezo a la Gobernaci\u00f3n sustentada en la historia pol\u00edtica de \u00a0su \u00a0padre, \u00a0fue \u00a0truncada \u00a0por la intervenci\u00f3n de los paramilitares al mando de \u00a0\u201cJorge \u00a0Cuarenta\u201d, \u00a0\u201cTolemaida\u201d, \u00a0 \u00a0 \u00a0 \u00a0 \u00a0 \u00a0 \u00a0\u201cOmega\u201d \u00a0 \u00a0 \u00a0 \u00a0 y \u00a0 \u00a0 \u00a0 \u00a0 \u201cTreinta \u00a0 \u00a0 y \u00a0 \u00a0 Nueve\u201d, \u00a0cuya \u00a0presencia \u00a0era \u00a0notoria \u00a0en la \u00a0mayor\u00eda \u00a0 de \u00a0 los \u00a0 municipios \u00a0 de \u00a0Cesar, \u00a0seg\u00fan \u00a0el \u00a0mismo \u00a0Rodrigo \u00a0Tovar \u00a0Pupo. \u00a0\u00a0<\/p>\n<p>Las \u00a0manifestaciones \u00a0de \u00a0Moreno Panezo a la \u00a0Corte \u00a0sobre \u00a0los \u00a0motivos \u00a0de su renuncia a la candidatura a la Gobernaci\u00f3n de \u00a0Cesar, \u00a0 \u00a0deben \u00a0 \u00a0creerse \u00a0 \u00a0por \u00a0 \u00a0estar \u00a0 \u00a0respaldadas \u00a0 \u00a0por \u00a0 \u00a0\u201cJorge \u00a0 \u00a0 \u00a0 Cuarenta\u201d. \u00a0Refiere \u00a0que \u00a0las \u00a0amenazas a Moreno \u00a0Panezo, \u00a0la \u00a0sustracci\u00f3n de los formularios a sus l\u00edderes, las advertencias de \u00a0alias \u00a0\u201cChorizo\u201d, \u00a0la \u00a0reuni\u00f3n \u00a0de \u00a0Chimichagua \u00a0y \u00a0el \u00a0mensaje \u00a0 \u00a0de \u00a0 \u00a0\u201cJorge \u00a0Cuarenta\u201d, \u00a0ratificado por \u00a0De \u00a0Hoyos \u00a0Guti\u00e9rrez, son cre\u00edbles porque provienen de las personas que fueron \u00a0protagonistas de esos hechos. \u00a0\u00a0<\/p>\n<p>La \u00a0veracidad, \u00a0uniprocedencia, coherencia y \u00a0l\u00f3gica \u00a0de \u00a0la versi\u00f3n de Moreno Panezo, se deriva de su afirmaci\u00f3n seg\u00fan la \u00a0cual \u00a0no \u00a0le \u00a0consta \u00a0que \u00a0MOLINA \u00a0ARA\u00daJO \u00a0se \u00a0presentara \u00a0como paramilitar. Por ella se llega a la evidencia \u00a0de \u00a0los \u00a0hechos \u00a0narrados \u00a0por \u00a0el \u00a0testigo y su declaraci\u00f3n se convierte en un \u00a0hecho \u00a0 indicador. \u00a0 La \u00a0 candidatura \u00a0\u00fanica \u00a0es \u00a0el \u00a0hecho \u00a0indicante \u00a0de \u00a0las \u00a0presiones. \u00a0\u00a0<\/p>\n<p>El testigo Palacio Ni\u00f1o reitera lo dicho por \u00a0Moreno \u00a0Panezo \u00a0acerca \u00a0del \u00a0influjo \u00a0y \u00a0sometimiento \u00a0paramilitar que vivi\u00f3 su \u00a0regi\u00f3n. \u00a0Por \u00a0eso, \u00a0la \u00a0menci\u00f3n \u00a0de \u00a0\u201cJimmy\u201d \u00a0por \u00a0\u00e9l, \u00a0 ratifica \u00a0 el \u00a0dicho \u00a0De \u00a0Hoyos \u00a0Guti\u00e9rrez. \u00a0La \u00a0candidatura \u00a0\u00fanica \u00a0de \u00a0MOLINA \u00a0ARA\u00daJO obedece a las \u00a0renuncias \u00a0de \u00a0Moreno \u00a0Panezo y de Abraham Romero y no a un consenso. \u00a0\u00a0<\/p>\n<p>Critica \u00a0al coronel Velandia por afirmar que \u00a0se \u00a0pod\u00eda \u00a0hacer \u00a0pol\u00edtica, \u00a0desconociendo \u00a0el \u00a0atentado \u00a0en \u00a0la casa de Sonia \u00a0Moscote, \u00a0que \u00a0la \u00a0oblig\u00f3 junto con Romero a asilarse en Canad\u00e1 y el secuestro \u00a0en Chimichagua de un hermano de uno de los candidatos. \u00a0\u00a0<\/p>\n<p>Considera \u00a0importante la declaraci\u00f3n de Luz \u00a0Marina \u00a0Gnecco, \u00a0que \u00a0adem\u00e1s \u00a0de \u00a0ser \u00a0hija \u00a0de \u00a0un \u00a0gran \u00a0hombre no es ninguna \u00a0aparecida \u00a0 \u00a0 en \u00a0 \u00a0 el \u00a0 \u00a0 departamento. \u00a0 \u00a0 Es \u00a0 \u00a0 prima \u00a0 \u00a0de \u00a0 \u00a0\u201cBoliche\u201d \u00a0y \u00a0dice que al procesado se le conoce \u00a0como \u00a0comandante \u201cTreinta y \u00a0Cinco\u201d \u00a0 o \u00a0\u201cMech\u00f3n\u201d, \u00a0aun \u00a0cuando mucho de lo que se habla \u00a0son \u00a0rumores. \u00a0Su \u00a0pap\u00e1 \u00a0adem\u00e1s \u00a0de \u00a0contradictor \u00a0permanente \u00a0de MOLINA \u00a0ARA\u00daJO \u00a0lider\u00f3 \u00a0la \u00a0campa\u00f1a del \u00a0voto \u00a0en \u00a0blanco \u00a0e \u00a0invit\u00f3 \u00a0a \u00a0Moreno y Romero a que lo promovieran en todo el \u00a0departamento. \u00a0\u00a0<\/p>\n<p>Resta importancia probatoria a la grabaci\u00f3n \u00a0subrepticia \u00a0que \u00a0hiciera \u00a0MOLINA \u00a0ARA\u00daJO, \u00a0insistiendo \u00a0en \u00a0que \u00a0\u00e9ste \u00a0no \u00a0era \u00a0v\u00edctima \u00a0de un delito. Sin \u00a0embargo, \u00a0manifiesta que en ella el procesado quiso desviar la responsabilidad a \u00a0otras \u00a0personas \u00a0y \u00a0pregunta \u00a0cu\u00e1l \u00a0era el inter\u00e9s para que el abogado fuera a \u00a0hablar \u00a0con \u00e9l y qu\u00e9 era lo que se quer\u00eda arreglar. Expresa que tiene derecho \u00a0a \u00a0sospechar de la prueba y que el procesado pretend\u00eda con ella que \u00a0 \u00a0 \u00a0 \u00a0 \u00a0 \u00a0 \u00a0\u201cBoliche\u201d y Luz \u00a0Marina dijeran lo que \u00e9l quer\u00eda. \u00a0\u00a0<\/p>\n<p>Jaime \u00a0 Rafael \u00a0Gnecco \u00a0Hern\u00e1ndez \u00a0es \u00a0un \u00a0declarante \u00a0que \u00a0por \u00a0sus \u00a0condiciones \u00a0personales no tiene razones para mentir, \u00a0cuando \u00a0 \u00a0 sostiene \u00a0 \u00a0que \u00a0 \u00a0la \u00a0 \u00a0candidatura \u00a0 \u00a0\u00fanica \u00a0 \u00a0fue \u00a0 \u00a0\u201cfruto \u00a0de \u00a0un \u00a0acuerdo clandestino del \u00a0que \u00a0nadie\u201d se entera y no \u00a0de \u00a0un \u00a0consenso \u00a0pol\u00edtico. \u00a0De \u00a0Hoyos \u00a0Guti\u00e9rrez habla de las reuniones a las \u00a0cuales \u00a0tambi\u00e9n \u00a0se \u00a0refiere \u00a0el \u00a0testigo, \u00a0luego \u00a0en su dicho hay coherencia y \u00a0verdad. \u00a0\u00a0<\/p>\n<p>Con \u00a0 \u00a0la \u00a0 versi\u00f3n \u00a0 de \u00a0 \u201cJorge \u00a0 \u00a0 \u00a0 Cuarenta\u201d \u00a0ante \u00a0la Corte, no puede establecerse \u00a0que \u00a0 \u00a0 Moreno \u00a0 \u00a0 Panezo \u00a0 \u00a0 y \u00a0 \u00a0 Romero \u00a0 \u00a0al \u00a0 \u00a0igual \u00a0 \u00a0que \u00a0 \u00a0MOLINA \u00a0 \u00a0 \u00a0 \u00a0 \u00a0 \u00a0 ARA\u00daJO \u00a0pudieran \u00a0libremente \u00a0ejercer \u00a0su \u00a0actividad \u00a0pol\u00edtica, \u00a0cuando \u00a0a \u00a0Juana \u00a0Ram\u00edrez \u00a0se \u00a0le \u00a0impuso renunciar a su \u00a0candidatura \u00a0a \u00a0la C\u00e1mara. La foto del acusado reunido con los paramilitares no \u00a0la vamos a encontrar, pero si la realidad de lo que suced\u00eda. \u00a0\u00a0<\/p>\n<p>Dice \u00a0que \u00a0el \u00a0testimonio \u00a0de \u00a0Julio Enrique \u00a0Blanco \u00a0Nobles \u00a0no \u00a0es \u00a0cre\u00edble, \u00a0porque \u00a0asegura que acompa\u00f1\u00f3 sin presi\u00f3n a \u00a0MOLINA \u00a0ARA\u00daJO \u00a0no obstante \u00a0que \u00a0en principio renuncia a su aspiraci\u00f3n a la alcald\u00eda de Chimichagua por el \u00a0secuestro \u00a0de su hermano y luego los paramilitares le permitan ser candidato. La \u00a0versi\u00f3n \u00a0de \u00a0Edwin \u00a0Alonso Quintero, es bien particular porque aventura juicios \u00a0por los que no se le pregunt\u00f3. \u00a0\u00a0<\/p>\n<p>El \u00a0 \u00a0testimonio \u00a0 \u00a0de \u00a0 \u00a0\u201cJorge \u00a0 \u00a0 \u00a0 Cuarenta\u201d \u00a0 ante \u00a0 la \u00a0 Fiscal\u00eda \u00a0es \u00a0de \u00a0suma \u00a0trascendencia, \u00a0porque \u00a0en su condici\u00f3n de comandante del bloque Norte reconoce \u00a0el \u00a0dominio pol\u00edtico, social, econ\u00f3mico y religioso de su grupo, como el papel \u00a0que \u00a0cumpl\u00edan \u00a0los \u00a0acumulados solidarios comunitarios. La libertad con la cual \u00a0se \u00a0mov\u00eda \u00a0el \u00a0procesado \u00a0tiene \u00a0explicaci\u00f3n \u00a0\u00fanicamente \u00a0en \u00a0la asunci\u00f3n de \u00a0compromisos \u00a0con \u00a0esos \u00a0acumulados. \u00a0Su \u00a0declaraci\u00f3n \u00a0es \u00a0vinculante \u00a0cuando se \u00a0refiere \u00a0 \u00a0 \u00a0 \u00a0 \u00a0 a \u00a0 \u00a0 \u00a0 \u00a0 \u00a0 \u201cBoliche\u201d, \u00a0habla \u00a0de \u00a0los problemas de \u00e9ste con Casta\u00f1o y de la relaci\u00f3n que mantuvo con \u00a0\u201cMancuso\u201d. \u00a0\u00a0<\/p>\n<p>La \u00a0declaraci\u00f3n \u00a0de \u00a0Jorge \u00a0Luis Hern\u00e1ndez \u00a0Villaz\u00f3n \u00a0 \u00a0 \u00a0 \u00a0 alias \u00a0 \u00a0 \u00a0 \u00a0 \u201cBoliche\u201d \u00a0es \u00a0prueba \u00a0directa \u00a0que compromete al procesado, as\u00ed como es v\u00e1lido su testimonio \u00a0en \u00a0los t\u00e9rminos del art\u00edculo 147 de la ley 600. Aunque quienes lo cuidaban no \u00a0lo \u00a0dejaron \u00a0declarar \u00a0todo \u00a0lo \u00a0que \u00a0sab\u00eda, \u00a0es \u00a0un narcotraficante que ten\u00eda \u00a0relaci\u00f3n directa con los jefes paramilitares. \u00a0\u00a0<\/p>\n<p>Y \u00a0con\u00a0 \u00a0la declaraci\u00f3n de Luis Ram\u00f3n \u00a0Guerra \u00a0Orozco, quien renuncia en 2002 a la gerencia del hospital, se muestra la \u00a0intervenci\u00f3n \u00a0 \u00a0de \u00a0 \u00a0las \u00a0 \u00a0AUC \u00a0 \u00a0en \u00a0 \u00a0las \u00a0 \u00a0distintas \u00a0 \u00a0actividades \u00a0 del \u00a0departamento. \u00a0\u00a0<\/p>\n<p>Las \u00a0 anteriores \u00a0 declaraciones \u00a0son \u00a0las \u00a0relevantes. \u00a0La \u00a0prueba \u00a0documental \u00a0est\u00e1 constituida por los resultados de los \u00a0escrutinios, \u00a0cuya \u00a0lectura \u00a0del voto en blanco no es otra que la manifestaci\u00f3n \u00a0del \u00a0pueblo \u00a0en \u00a0contra \u00a0del \u00a0procesado, \u00a0entre otras razones por la candidatura \u00a0\u00fanica, \u00a0incluso aquella que se\u00f1ala su respaldo por los paramilitares. Adem\u00e1s, \u00a0el \u00a0cuadro \u00a0cl\u00ednico de Luz Marina no descalifica su lucidez mental. Los motivos \u00a0aducidos \u00a0por \u00a0los \u00a0esposos \u00a0Moreno Moscote para no declarar, son los mismos por \u00a0los cuales debieron asilarse. \u00a0\u00a0<\/p>\n<p>En \u00a0torno \u00a0al bien jur\u00eddico de la seguridad \u00a0p\u00fablica \u00a0cita doctrina nacional y lee parcialmente un fallo de esta Corte, para \u00a0decir \u00a0que \u00a0la \u00a0situaci\u00f3n \u00a0particular \u00a0en \u00a0este \u00a0caso \u00a0se \u00a0trata \u00a0de relaciones \u00a0espurias, \u00a0 c\u00ednicas \u00a0que \u00a0se \u00a0dieron \u00a0dentro \u00a0de \u00a0la \u00a0clandestinidad, \u00a0que \u00a0son \u00a0precisamente contrarias a la seguridad p\u00fablica. \u00a0\u00a0<\/p>\n<p>Manifiesta \u00a0tener dudas acerca de la validez \u00a0de \u00a0las \u00a01.544 \u00a0declaraciones \u00a0extra \u00a0procesales \u00a0incorporadas \u00a0a la actuaci\u00f3n, \u00a0porque \u00a0se \u00a0desconocen \u00a0los \u00a0principios \u00a0de \u00a0la inmediaci\u00f3n y la contradicci\u00f3n \u00a0probatoria, \u00a0pese a lo cual observa que son calcadas y literales, pues tienen la \u00a0misma \u00a0pregunta \u00a0y la misma respuesta, sin que pueda constatarse la veracidad de \u00a0su \u00a0contenido. \u00a0Por \u00a0su \u00a0falta \u00a0de \u00a0espontaneidad \u00a0carecen \u00a0de valor probatorio, \u00a0mientras \u00a0que \u00a0la \u00a0investigaci\u00f3n \u00a0no \u00a0constituye \u00a0un \u00a0juicio \u00a0a \u00a0su programa de \u00a0gobierno. \u00a0\u00a0<\/p>\n<p>Estima cre\u00edbles las afirmaciones de Augusto \u00a0Guillermo \u00a0De \u00a0Hoyos Guti\u00e9rrez, contra qui\u00e9n se han dicho muchas cosas pero no \u00a0es \u00a0cualquier \u00a0testigo. Como escolta de \u201cJorge \u00a0 \u00a0 \u00a0 \u00a0Cuarenta\u201d \u00a0 \u00a0 \u00a0 y \u00a0 \u00a0 \u00a0 de \u00a0 \u00a0 \u00a0\u201cJimmy\u201d, \u00a0acredita \u00a0las \u00a0reuniones \u00a0de MOLINA ARA\u00daJO \u00a0con \u00a0aqu\u00e9l. \u00a0A \u00a0pesar \u00a0de \u00a0la \u00a0presi\u00f3n \u00a0tuvo el valor civil para \u00a0declarar, \u00a0de \u00a0modo \u00a0que no entiende que asuma riesgos para decir mentiras en la \u00a0audiencia. \u00a0La \u00a0defensa \u00a0puede \u00a0desconfiar \u00a0de \u00a0su versi\u00f3n, pero todo lo que ha \u00a0dicho es posible. \u00a0\u00a0<\/p>\n<p>La retractaci\u00f3n carece de entidad, alcance \u00a0y \u00a0trascendencia \u00a0para \u00a0dejar \u00a0de \u00a0lado su primera declaraci\u00f3n; la raz\u00f3n de la \u00a0misma \u00a0-incumplimiento \u00a0de \u00a0la fiscal\u00eda- no demerita su testimonio que coincide \u00a0con \u00a0la \u00a0dem\u00e1s \u00a0prueba \u00a0testimonial. \u00bfPor qu\u00e9 ante juez de instrucci\u00f3n penal \u00a0militar \u00a0y \u00a0no \u00a0ante \u00a0uno ordinario? Duda de la transparencia y legalidad de esa \u00a0diligencia, \u00a0en la cual se refiere tangencialmente al procesado. Entiende que la \u00a0misma \u00a0fue \u00a0con \u00a0dinero \u00a0que \u00a0invirti\u00f3 \u00a0en \u00a0inmuebles; \u00a0luego \u00a0ella no le resta \u00a0credibilidad a su testimonio. \u00a0\u00a0<\/p>\n<p>Descalifica los testimonios de Guerra, Ciro \u00a0Antonio \u00a0Rinc\u00f3n \u00a0-periodista-, \u00a0Acosta,\u00a0 \u00a0Barrera, \u00a0del \u00a0jefe del Das, del \u00a0General \u00a0P\u00e1ez, \u00a0del coronel Espitia y de Barrera, y el del sacerdote porque los \u00a0hechos probados son contrarios a sus manifestaciones. \u00a0\u00a0<\/p>\n<p>Se \u00a0refiere \u00a0al \u00a0delito \u00a0y a la adecuaci\u00f3n \u00a0t\u00edpica \u00a0del \u00a0inciso \u00a02\u00ba \u00a0del \u00a0art\u00edculo 340; por tanto, tal como se dijo en la \u00a0acusaci\u00f3n, \u00a0 \u00a0la \u00a0 \u00a0prueba \u00a0 \u00a0indica \u00a0 \u00a0que \u00a0 MOLINA \u00a0ARA\u00daJO \u00a0es \u00a0autor \u00a0de \u00a0ese \u00a0delito en la modalidad de \u00a0promover \u00a0y organizar grupos armados ilegales, no as\u00ed en la de armar. Encuentra \u00a0que \u00a0los \u00a0requisitos \u00a0del \u00a0art\u00edculo \u00a0232 \u00a0se satisfacen, pues hay certeza de la \u00a0existencia \u00a0del \u00a0hecho y de la responsabilidad del acusado, por lo cual solicita \u00a0sentencia condenatoria. \u00a0\u00a0<\/p>\n<p>2.2 Del Ministerio P\u00fablico. \u00a0<\/p>\n<p>\u00a0 \u00a0\u00a0 \u00a0\u00a0 \u00a0\u00a0Despu\u00e9s \u00a0de \u00a0relacionar \u00a0la \u00a0prueba \u00a0testimonial \u00a0que \u00a0sirvi\u00f3 a la \u00a0Fiscal\u00eda \u00a0para \u00a0formular \u00a0la \u00a0acusaci\u00f3n, \u00a0considera \u00a0que \u00a0lo relevante son las \u00a0elecciones \u00a0que \u00a0constituyeron \u00a0el florero de Llorente, las cuales se han tenido \u00a0como \u00a0hito \u00a0en \u00a0esta investigaci\u00f3n y en las decisiones de la fiscal\u00eda, como la \u00a0que se espera del juzgador. \u00a0\u00a0<\/p>\n<p>Expresa \u00a0que \u00a0Moreno \u00a0Panezo \u00a0fue \u00a0v\u00edctima \u00a0directa \u00a0del actuar irregular del grupo armado ilegal, pues era un hecho notorio \u00a0y \u00a0un \u00a0rumor \u00a0p\u00fablico \u00a0que \u00a0su derecho constitucional a elegir y ser elegido le \u00a0hab\u00eda sido coartado, como tambi\u00e9n le ocurri\u00f3 a Abraham Romero. \u00a0\u00a0<\/p>\n<p>Los testimonios de Juana Ram\u00edrez y \u00c1lvaro \u00a0Ara\u00fajo \u00a0ratifican \u00a0la \u00a0versi\u00f3n \u00a0de \u00a0Moreno \u00a0Panezo, cuando el jefe paramilitar \u00a0\u201cJorge \u00a0Cuarenta\u201d exige la renuncia \u00a0de \u00a0ella, \u00a0la \u00a0cual muestra el modus operandi del grupo armado ilegal no solo en \u00a0el \u00a0departamento \u00a0del \u00a0Cesar, \u00a0donde controlaba el 70% de su territorio, sino en \u00a0otras regiones del pa\u00eds. \u00a0\u00a0<\/p>\n<p>En \u00a0la \u00a0misma \u00a0versi\u00f3n \u00a0de \u00a0Tovar Pupo hay \u00a0prueba \u00a0de \u00a0ello, \u00a0cuando \u00a0al \u00a0referirse \u00a0al \u00a0papel de las autodefensas y de los \u00a0acumulados \u00a0solidarios \u00a0comunitarios, se\u00f1ala que los pol\u00edticos para moverse en \u00a0la \u00a0regi\u00f3n \u00a0deb\u00edan \u00a0sentarse \u00a0con la dirigencia pol\u00edtica representada en esos \u00a0acumulados para convenir compromisos reales con ellos. \u00a0\u00a0<\/p>\n<p>Considera \u00a0que \u00a0la \u00a0declaraci\u00f3n \u00a0de \u00a0Julio \u00a0Enrique \u00a0Blanco Nobles carece de valor probatorio, porque si dijo que fue objeto \u00a0de \u00a0presiones, que las autodefensas secuestraron a un hermano suyo, que renuncia \u00a0a \u00a0la \u00a0candidatura a la alcald\u00eda por exigencias de las mismas y que la presi\u00f3n \u00a0de \u00a0la \u00a0comunidad \u00a0es \u00a0la \u00a0que \u00a0finalmente \u00a0le \u00a0permite \u00a0participar en el debate \u00a0electoral \u00a0y \u00a0ser \u00a0elegido, no puede negar la intervenci\u00f3n de los paramilitares \u00a0en las elecciones de octubre de 2003. \u00a0\u00a0<\/p>\n<p>El \u00a0dicho \u00a0de \u00a0Quintero \u00a0a \u00a0su \u00a0juicio \u00a0es \u00a0inveros\u00edmil, \u00a0pues \u00a0si \u00a0la \u00a0versi\u00f3n \u00a0de \u00a0Cristian \u00a0hubiera correspondido a una \u00a0estrategia \u00a0suya, no la habr\u00eda confesado a alguien que ni siquiera era amigo de \u00a0sus \u00a0entra\u00f1as, \u00a0siendo \u00a0contrario \u00a0a \u00a0la \u00a0l\u00f3gica descalificar el testimonio de \u00a0Moreno Panezo con lo dicho por ese testigo. \u00a0\u00a0<\/p>\n<p>Advierte el compromiso de Luz Marina con la \u00a0verdad \u00a0cuando \u00a0reitera \u00a0su \u00a0versi\u00f3n \u00a0en \u00a0el \u00a0di\u00e1logo \u00a0triangular, al cual fue \u00a0invitada. \u00a0No \u00a0encuentra \u00a0motivos de descr\u00e9dito, como tampoco debilita el valor \u00a0probatorio \u00a0de \u00a0su \u00a0declaraci\u00f3n \u00a0las \u00a0depresiones \u00a0o \u00a0su \u00a0internamiento \u00a0en una \u00a0cl\u00ednica, en raz\u00f3n de ellas. \u00a0\u00a0<\/p>\n<p>Los documentos tra\u00eddos por la defensa -m\u00e1s \u00a0de \u00a0mil- son de car\u00e1cter extra procesal y carecen de valor probatorio, debido a \u00a0que \u00a0corresponden \u00a0a \u00a0formatos \u00a0previamente \u00a0elaborados y con su apreciaci\u00f3n se \u00a0viola el principio de contradicci\u00f3n. \u00a0\u00a0<\/p>\n<p>Reprocha \u00a0al general P\u00e1ez que desconociera \u00a0las \u00a0amenazas, \u00a0a \u00a0pesar \u00a0de \u00a0haber \u00a0sido \u00a0comandante \u00a0de la polic\u00eda, pues como \u00a0garante \u00a0 de \u00a0 derechos \u00a0de \u00a0los \u00a0ciudadanos \u00a0en \u00a0cumplimiento \u00a0de \u00a0su \u00a0funci\u00f3n \u00a0constitucional \u00a0 y \u00a0 legal, \u00a0 al \u00a0tener \u00a0bajo \u00a0su \u00a0mando \u00a0a \u00a0los \u00a0organismos \u00a0de \u00a0inteligencia, deb\u00eda conocer las mismas. \u00a0\u00a0<\/p>\n<p>La \u00a0declaraci\u00f3n \u00a0de \u00a0Jorge Luis Hern\u00e1ndez \u00a0Villaz\u00f3n \u00a0merece \u00a0plena \u00a0credibilidad en cuanto a lo que dice en su testimonio, \u00a0sin que la ausencia de firma afecte su validez. \u00a0\u00a0<\/p>\n<p>La versi\u00f3n de De Hoyos Guti\u00e9rrez tambi\u00e9n \u00a0es \u00a0cre\u00edble, debido a la claridad y precisi\u00f3n de sus manifestaciones como a su \u00a0actitud \u00a0de \u00a0revelar \u00a0los \u00a0hechos \u00a0en \u00a0presencia \u00a0de \u00a0los \u00a0intervinientes \u00a0y del \u00a0p\u00fablico. \u00a0La retractaci\u00f3n debe valorarse en el contexto en que se da, mientras \u00a0que \u00a0las \u00a0lagunas \u00a0en \u00a0fechas y lugares resultan comprensibles por el transcurso \u00a0del tiempo. \u00a0\u00a0<\/p>\n<p>Con \u00a0la \u00a0prueba \u00a0del proceso no es dif\u00edcil \u00a0se\u00f1alar \u00a0que \u00a0los \u00a0grupos \u00a0armados \u00a0ilegales \u00a0exist\u00edan \u00a0en \u00a0el \u00a0Cesar, \u00a0que la \u00a0candidatura \u00a0\u00fanica en un departamento azotado por las autodefensas fue impuesta \u00a0por \u00a0ellas \u00a0y \u00a0corresponde a un acuerdo para lograr el posicionamiento pol\u00edtico \u00a0de \u00a0la \u00a0organizaci\u00f3n \u00a0al \u00a0margen \u00a0de \u00a0la \u00a0ley, \u00a0con \u00a0lo \u00a0que \u00a0se \u00a0estructura el \u00a0comportamiento descrito en el art\u00edculo 340 del C\u00f3digo Penal. \u00a0\u00a0<\/p>\n<p>La \u00a0aceptaci\u00f3n \u00a0de la candidatura \u00fanica y \u00a0las \u00a0 \u00a0reuniones \u00a0 \u00a0de \u00a0 MOLINA \u00a0 ARA\u00daJO \u00a0antes \u00a0de \u00a0las \u00a0elecciones \u00a0con el jefe \u00a0paramilitar \u00a0 \u00a0\u201cJorge \u00a0Cuarenta\u201d, \u00a0 \u00a0es \u00a0 \u00a0un \u00a0comportamiento \u00a0que \u00a0se \u00a0ajusta a la promoci\u00f3n de una organizaci\u00f3n que buscaba \u00a0el poder pol\u00edtico en el departamento. \u00a0\u00a0<\/p>\n<p>Las anteriores razones lo llevan a compartir \u00a0la \u00a0petici\u00f3n \u00a0de \u00a0la \u00a0Fiscal\u00eda, \u00a0en \u00a0cuanto \u00a0a \u00a0la \u00a0existencia \u00a0de \u00a0prueba que \u00a0compromete \u00a0 la \u00a0 responsabilidad \u00a0del \u00a0doctor \u00a0MOLINA \u00a0ARA\u00daJO \u00a0en \u00a0el \u00a0tipo penal imputado, pues promovi\u00f3 y \u00a0permiti\u00f3 \u00a0una \u00a0mejor \u00a0organizaci\u00f3n \u00a0del \u00a0grupo \u00a0ilegal. \u00a0Avala la petici\u00f3n de \u00a0compulsaci\u00f3n \u00a0de \u00a0copias para que se investigue el comportamiento del que diera \u00a0cuenta \u00a0De \u00a0Hoyos Guti\u00e9rrez y a los funcionarios que propiciaron la p\u00e9rdida de \u00a0los casettes entregados por la defensa. \u00a0\u00a0<\/p>\n<p>\u00a0 \u00a0\u00a0 \u00a0\u00a0 \u00a0\u00a02.3 Del Vocero. \u00a0\u00a0<\/p>\n<p>En \u00a0su \u00a0criterio, \u00a0la Fiscal\u00eda sostiene la \u00a0acusaci\u00f3n \u00a0en \u00a0un testimonio y bajo el principio de la permanencia de la prueba \u00a0propio \u00a0del \u00a0sistema \u00a0inquisitivo, en el juicio se limit\u00f3 a presentar a Augusto \u00a0Guillermo De Hoyos Guti\u00e9rrez. \u00a0\u00a0<\/p>\n<p>Sin \u00a0 embargo, \u00a0 este \u00a0 testigo \u00a0arma \u00a0un \u00a0show \u00a0en lugar de avalar la \u00a0acusaci\u00f3n, \u00a0luego \u00a0se retracta como es su costumbre, justificando su actitud en \u00a0una \u00a0supuesta \u00a0coacci\u00f3n \u00a0y \u00a0ofrecimiento \u00a0de \u00a0dinero, de modo que finalmente su \u00a0declaraci\u00f3n se torna incierta. \u00a0\u00a0<\/p>\n<p>Su \u00a0versi\u00f3n es contradictoria, como cuando \u00a0habla \u00a0 \u00a0 de \u00a0 \u00a0 reuniones \u00a0 \u00a0 de \u00a0 \u00a0\u201cJorge \u00a0 \u00a0 \u00a0 \u00a0Cuarenta\u201d \u00a0con \u00a0el doctor MOLINA ARA\u00daJO, \u00a0en \u00a0fechas \u00a0en \u00a0que \u00a0\u00e9ste \u00a0se \u00a0encontraba \u00a0fuera \u00a0del \u00a0pa\u00eds. La \u00a0descripci\u00f3n \u00a0f\u00edsica \u00a0que \u00a0hace en la audiencia p\u00fablica, tambi\u00e9n se aparta de \u00a0las caracter\u00edsticas particulares del procesado. \u00a0\u00a0<\/p>\n<p>Este \u00a0es \u00a0un \u00a0personaje \u00a0funesto \u00a0para \u00a0la \u00a0administraci\u00f3n \u00a0de justicia al cual no puede otorg\u00e1rsele ninguna credibilidad, \u00a0porque no se sabe cuando est\u00e1 diciendo la verdad. \u00a0\u00a0<\/p>\n<p>El \u00a0voto \u00a0en \u00a0blanco \u00a0no \u00a0es \u00a0un indicio de \u00a0responsabilidad \u00a0y \u00a0la Fiscal\u00eda tampoco encontr\u00f3 actos que afectaran el debate \u00a0electoral. \u00a0\u00a0<\/p>\n<p>La \u00a0 Fiscal\u00eda \u00a0 luego \u00a0de \u00a0utilizar \u00a0las \u00a0grabaciones \u00a0cuestiona \u00a0su \u00a0legalidad, \u00a0cuando \u00a0lo que ha debido es pedir que se \u00a0escuchara \u00a0 \u00a0 \u00a0 a \u00a0 \u00a0 \u00a0 alias \u00a0 \u00a0 \u00a0\u201cBoliche\u201d \u00a0y a \u00a0Luz Marina Gnecco. \u00a0\u00a0<\/p>\n<p>El \u00a0proceso \u00a0se \u00a0inicia \u00a0con \u00a0fundamento en \u00a0an\u00f3nimos \u00a0 o \u00a0 suplantaci\u00f3n \u00a0 de \u00a0 personas \u00a0 y \u00a0en \u00a0documentos \u00a0de \u00a0car\u00e1cter \u00a0investigativo \u00a0que \u00a0contienen \u00a0acusaciones falsas, como la Fiscal\u00eda tuviera que \u00a0reconocerlo \u00a0en el caso de la muerte de miembros de la familia Arias de la etnia \u00a0Kankuamo. \u00a0\u00a0<\/p>\n<p>Los \u00a0temas importantes como las elecciones, \u00a0la \u00a0 \u00a0 \u00a0 \u00a0 \u00a0candidatura \u00a0 \u00a0 \u00a0 \u00a0 \u201c\u00fanica\u201d, \u00a0el \u00a0voto \u00a0 en \u00a0blanco, \u00a0la \u00a0influencia \u00a0paramilitar, \u00a0la \u00a0amistad \u00a0con \u00a0\u201cJorge \u00a0 \u00a0 \u00a0 Cuarenta\u201d \u00a0y \u00a0la reuni\u00f3n en Chimichagua, fueron \u00a0temas que la Fiscal\u00eda no debati\u00f3 en la audiencia p\u00fablica. \u00a0\u00a0<\/p>\n<p>La \u00a0 \u00a0 candidatura \u00a0 \u00a0 \u201c\u00fanica\u201d \u00a0se \u00a0explica \u00a0en \u00a0la \u00a0uni\u00f3n \u00a0de \u00a0los \u00a0partidos, \u00a0el \u00a0trabajo \u00a0temprano, \u00a0el \u00a0voto \u00a0funerario \u00a0y la falta de candidatos \u00a0visibles. \u00a0Fue \u00a0una candidatura un\u00e1nime avalada por los testigos que declararon \u00a0en \u00a0el \u00a0juicio, \u00a0apoyada \u00a0por \u00a0casi todos los partidos y movimientos pol\u00edticos, \u00a0incluso \u00a0los miembros del MIR \u00a0y amigos de Cristian Moreno Panezo. \u00a0\u00a0<\/p>\n<p>Su \u00a0 campa\u00f1a \u00a0 iniciada \u00a0con \u00a0suficiente \u00a0antelaci\u00f3n \u00a0-diciembre \u00a0de \u00a02002-, \u00a0el \u00a0voto funerario derivado de la muerte de \u00a0Consuelo \u00a0 Ara\u00fajo \u00a0 -su \u00a0 madre- \u00a0y \u00a0el \u00a0lema \u00a0para \u00a0que \u00a0vuelvan \u00a0\u201clos \u00a0 \u00a0buenos \u00a0 \u00a0tiempos\u201d, \u00a0dejaron \u00a0sin \u00a0opci\u00f3n \u00a0a \u00a0los dem\u00e1s \u00a0candidatos \u00a0como \u00a0lo \u00a0muestran \u00a0las \u00a0encuestas \u00a0de \u00a0la \u00a0\u00e9poca sobre favoritismo \u00a0pol\u00edtico. \u00a0\u00a0<\/p>\n<p>Se \u00a0 ten\u00eda \u00a0 certeza \u00a0 del \u00a0 triunfo \u00a0de \u00a0MOLINA \u00a0ARA\u00daJO sobre \u00a0el \u00a0voto \u00a0en blanco; mientras que Abraham Romero no participa \u00a0de \u00a0la \u00a0consulta \u00a0interna \u00a0del \u00a0partido \u00a0Liberal por falta de garant\u00edas, Moreno \u00a0Panezo renuncia a su aspiraci\u00f3n por falta de opci\u00f3n. \u00a0\u00a0<\/p>\n<p>Critica a la Fiscal\u00eda porque \u00fanicamente le \u00a0sirven \u00a0los \u00a0testigos \u00a0que dicen lo que a ella le interesa y deja de exponer los \u00a0criterios \u00a0que \u00a0le \u00a0permiten \u00a0descalificar \u00a0por \u00a0mentirosos \u00a0a \u00a0los testigos que \u00a0favorecen \u00a0 la \u00a0 situaci\u00f3n \u00a0 jur\u00eddica \u00a0 de \u00a0 MOLINA \u00a0ARA\u00daJO, \u00a0 \u00a0sin \u00a0 \u00a0 percatarse \u00a0 \u00a0 que \u00a0 \u00a0Moreno \u00a0 \u00a0Panezo \u00a0 \u00a0ni \u00a0 \u00a0\u201cJorge \u00a0 \u00a0 \u00a0 Cuarenta\u201d lo acusan. \u00a0\u00a0<\/p>\n<p>El hist\u00f3rico resultado del voto en blanco, \u00a070 \u00a0 mil \u00a0 votos, \u00a0 legitima \u00a0la \u00a0campa\u00f1a \u00a0de \u00a0MOLINA \u00a0ARA\u00daJO; incluso Moreno Panezo hizo pedagog\u00eda por esa \u00a0opci\u00f3n \u00a0democr\u00e1tica \u00a0y tambi\u00e9n pudo hacer pol\u00edtica, a pesar de la existencia \u00a0de \u00a0los \u00a0grupos \u00a0armados \u00a0ilegales, \u00a0lo \u00a0que demuestra que las elecciones fueron \u00a0libres. \u00a0\u00a0<\/p>\n<p>No se puede penalizar ni calificar de grave \u00a0la \u00a0 amistad \u00a0 del \u00a0 procesado \u00a0 con \u00a0 Tovar \u00a0 Pupo \u00a0 y \u00a0 no \u00a0 con \u00a0\u201cJorge \u00a0 \u00a0 \u00a0 Cuarenta\u201d. \u00a0La \u00a0versi\u00f3n del jefe paramilitar no \u00a0contiene \u00a0mensajes \u00a0subliminales \u00a0y \u00a0debe d\u00e1rsele el sentido que ella tiene, de \u00a0modo \u00a0que \u00a0el \u00a0hecho \u00a0de \u00a0hablar con los acumulados solidarios comunitarios como \u00a0ten\u00eda \u00a0que \u00a0hacerlo \u00a0en \u00a0raz\u00f3n de la campa\u00f1a, no significa que haya llegado a \u00a0acuerdos o compromisos con las autodefensas. \u00a0\u00a0<\/p>\n<p>Cuestiona \u00a0que \u00a0se hayan tra\u00eddo hechos del \u00a02001 \u00a0y \u00a02002 \u00a0para \u00a0sustentar \u00a0la \u00a0acusaci\u00f3n \u00a0y reitera que como en el 2003 se \u00a0hab\u00eda \u00a0iniciado \u00a0el \u00a0proceso \u00a0de \u00a0paz \u00a0con \u00a0las \u00a0autodefensas, \u00a0se pod\u00eda hacer \u00a0pol\u00edtica. \u00a0Si \u00a0la \u00a0sola \u00a0influencia \u00a0paramilitar \u00a0es suficiente para imputar el \u00a0cargo, \u00a0todos \u00a0tienen \u00a0que \u00a0irse \u00a0para \u00a0la \u00a0c\u00e1rcel, \u00a0pues \u00a0en el proceso no hay \u00a0testigos \u00a0que \u00a0digan \u00a0que \u00a0MOLINA \u00a0ARA\u00daJO \u00a0 busc\u00f3 \u00a0 el \u00a0apoyo \u00a0de \u00a0\u201cJorge \u00a0 \u00a0 \u00a0 \u00a0Cuarenta\u201d. \u00a0\u00a0<\/p>\n<p>En \u00a0la \u00a0diligencia \u00a0con \u00a0alias \u201cBoliche\u201d \u00a0fueron \u00a0leales \u00a0con \u00a0la Fiscal\u00eda, de \u00a0manera \u00a0que \u00a0ahora \u00a0no \u00a0se puede poner en duda esa actuaci\u00f3n. A pesar de que el \u00a0interrogatorio \u00a0finalmente \u00a0no \u00a0se \u00a0pudo llevar a cabo, se pretende tenerlo como \u00a0prueba \u00a0suficiente \u00a0cuando \u00a0es \u00a0un \u00a0testimonio \u00a0de \u00a0contenido \u00a0indeterminado sin \u00a0ning\u00fan valor probatorio. \u00a0\u00a0<\/p>\n<p>Las \u00a0grabaciones \u00a0hechas \u00a0por \u00a0MOLINA \u00a0ARA\u00daJO \u00a0son legales porque estaba \u00a0siendo \u00a0v\u00edctima \u00a0de una acusaci\u00f3n. En ellas se habla que Luz Marina acostumbra \u00a0a \u00a0 \u00a0mentir. \u00a0 Desde \u00a0 2001 \u00a0 alias \u00a0 \u201cBoliche\u201d \u00a0se \u00a0encuentra \u00a0en \u00a0los \u00a0Estados \u00a0Unidos, \u00a0por lo tanto no ten\u00eda elementos de juicio \u00a0para decir lo que dijo. \u00a0\u00a0<\/p>\n<p>La \u00a0imputaci\u00f3n \u00a0obedece \u00a0al \u00a0inter\u00e9s \u00a0de \u00a0familias \u00a0 de \u00a0 Valledupar \u00a0por \u00a0perjudicar \u00a0a \u00a0MOLINA \u00a0ARA\u00daJO; \u00a0la reuni\u00f3n de Chimichagua tuvo un car\u00e1cter \u00a0pol\u00edtico, \u00a0 pudiendo \u00a0 haber \u00a0estado \u00a0en \u00a0ella \u00a0miembros \u00a0de \u00a0las \u00a0autodefensas \u00a0camuflados \u00a0entre \u00a0los asistentes; y, en definitiva el caso de Julio Nobles nada \u00a0tiene que ver con este proceso. \u00a0\u00a0<\/p>\n<p>Ninguno \u00a0de los hechos denunciados mediante \u00a0an\u00f3nimos \u00a0han \u00a0sido \u00a0probados y en la audiencia ha quedado demostrado c\u00f3mo fue \u00a0la \u00a0 \u00a0campa\u00f1a \u00a0 \u00a0de \u00a0 \u00a0MOLINA \u00a0 ARA\u00daJO, \u00a0su \u00a0triunfo, la falta de opci\u00f3n de Moreno Panezo, la ausencia de \u00a0amenazas, \u00a0la \u00a0campa\u00f1a \u00a0libre \u00a0a \u00a0favor del voto en blanco, la presencia de los \u00a0paramilitares \u00a0pero \u00a0no su injerencia y la falta de credibilidad de los testigos \u00a0de \u00a0cargo. \u00a0En \u00a0este \u00a0sentido \u00a0debe \u00a0prevalecer \u00a0la presunci\u00f3n de inocencia que \u00a0ampara al ex Gobernador mencionado. \u00a0\u00a0<\/p>\n<p>2.4 De la Defensa T\u00e9cnica. \u00a0<\/p>\n<p>A \u00a0partir \u00a0de una an\u00e9cdota explica en qu\u00e9 \u00a0consiste \u00a0la \u00a0etapa \u00a0del juicio y manifiesta que todo lo que diga lo sustenta en \u00a0pruebas \u00a0que \u00a0hacen \u00a0parte de la actuaci\u00f3n. Como no es su parecer ni tampoco lo \u00a0que \u00a0cree, no puede predicar la duda sino la certeza de la absoluta inocencia de \u00a0HERNANDO \u00a0 \u00a0 \u00a0 \u00a0MOLINA \u00a0 \u00a0 \u00a0 ARA\u00daJO. \u00a0\u00a0<\/p>\n<p>La \u00a0Fiscal\u00eda \u00a0infiere \u00a0que \u00a0MOLINA \u00a0 \u00a0 \u00a0 \u00a0 \u00a0 \u00a0 ARA\u00daJO \u00a0 debi\u00f3 \u00a0 contar \u00a0con \u00a0el \u00a0apoyo \u00a0paramilitar \u00a0del \u00a0hecho \u00a0de \u00a0estar probada su presencia y su intervenci\u00f3n en la \u00a0actividad pol\u00edtica del departamento. \u00a0\u00a0<\/p>\n<p>Pero \u00a0 \u00a0 \u00a0seg\u00fan \u00a0 \u00a0 \u00a0\u201cJorge \u00a0 \u00a0 \u00a0 Cuarenta\u201d, \u00a0la intervenci\u00f3n en pol\u00edtica de las \u00a0autodefensas \u00a0consist\u00eda \u00a0en \u00a0preparar a los acumulados solidarios comunitarios, \u00a0dentro \u00a0de \u00a0los \u00a0cuales \u00a0era \u00a0posible \u00a0encontrar infiltrados de la organizaci\u00f3n \u00a0armada \u00a0ilegal. \u00a0Incluso \u00a0a \u00a0los \u00a0folios 19 y 23 de la acusaci\u00f3n, el Vicefiscal \u00a0corrige \u00a0 al \u00a0Delegado \u00a0cuando \u00a0aclara \u00a0a \u00a0qui\u00e9nes \u00a0se \u00a0denominaban \u00a0acumulados \u00a0solidarios. \u00a0\u00a0<\/p>\n<p>De la prueba de cargo se\u00f1ala que los amigos \u00a0de \u00a0Moreno \u00a0Panezo \u00a0lo \u00a0tienen \u00a0por \u00a0mentiroso; \u00a0que los Gnecco siempre han sido \u00a0opositores \u00a0de \u00a0la \u00a0familia \u00a0de \u00a0su \u00a0cliente; \u00a0que \u00a0Palacio \u00a0Ni\u00f1o milit\u00f3 en la \u00a0izquierda \u00a0y \u00a0que \u00a0la \u00a0versi\u00f3n \u00a0de \u00a0De \u00a0Hoyos Guti\u00e9rrez, lo exime de cualquier \u00a0comentario. \u00a0\u00a0<\/p>\n<p>Los \u00a0testigos \u00a0tra\u00eddos por la defensa como \u00a0por \u00a0la \u00a0Fiscal\u00eda, \u00a0coinciden \u00a0en \u00a0que \u00a0los \u00a0paramilitares \u00a0en \u00a0el 2003 hac\u00edan \u00a0presencia \u00a0en \u00a0el \u00a0Cesar, \u00a0pero \u00a0asimismo todos admiten que pudieron ejercer sus \u00a0actividades \u00a0 respectivas \u00a0 sin \u00a0ning\u00fan \u00a0problema, \u00a0incluso \u00a0la \u00a0pol\u00edtica; \u00a0su \u00a0actividad \u00a0se limitaba a la extorsi\u00f3n y a lo militar seg\u00fan Moreno Panezo. Esta \u00a0aparente \u00a0contradicci\u00f3n \u00a0se explica porque las afirmaciones son distintas. Cita \u00a0los \u00a0apartes \u00a0de \u00a0los \u00a0testigos \u00a0que \u00a0se \u00a0refieren \u00a0a ese hecho espec\u00edfico. Con \u00a0fundamento \u00a0 en \u00a0ello, \u00a0distingue \u00a0la \u00a0presencia \u00a0paramilitar \u00a0de \u00a0la \u00a0actividad \u00a0pol\u00edtica, \u00a0 \u00a0cuyo \u00a0 \u00a0ejercicio \u00a0 no \u00a0 requer\u00eda \u00a0 la \u00a0 autorizaci\u00f3n \u00a0 de \u00a0 los \u00a0paramilitares. \u00a0\u00a0<\/p>\n<p>La \u00a0Fiscal\u00eda \u00a0acude \u00a0a otros procesos para \u00a0probar \u00a0que \u00a0las autodefensas interven\u00edan en la pol\u00edtica, pero los testigos se \u00a0refieren \u00a0al \u00a0debate \u00a0electoral \u00a0de \u00a02002; \u00a0as\u00ed, \u00a0prueba \u00a0con Juana Ram\u00edrez la \u00a0intervenci\u00f3n \u00a0en \u00a0pol\u00edtica \u00a0de \u00a0las \u00a0AUC \u00a0en \u00a0el \u00a02003. \u00a0De \u00a0la presencia paramilitar no se puede inferir su \u00a0influencia \u00a0en los procesos pol\u00edticos; pues en torno del paramilitarismo se han \u00a0tejido \u00a0muchos \u00a0mitos, \u00a0de \u00a0ah\u00ed \u00a0que en el conflicto la primera v\u00edctima sea la \u00a0verdad. \u00a0\u00a0<\/p>\n<p>El hecho probado es la presencia paramilitar \u00a0pero \u00a0no \u00a0la participaci\u00f3n de ellos en todas las actividades de Cesar, conforme \u00a0se \u00a0establece \u00a0con los testigos que declararon en la audiencia p\u00fablica. Como la \u00a0Fiscal\u00eda \u00a0les \u00a0neg\u00f3 \u00a0las \u00a0pruebas, trajeron las declaraciones extra procesales \u00a0que \u00a0son \u00a0uniformes porque lo dicho en ellas es la \u00fanica verdad. Solo De Hoyos, \u00a0Moreno Panezo y Luis Iseda afirman lo contrario. \u00a0\u00a0<\/p>\n<p>La \u00a0presencia \u00a0de l\u00edderes en algunos actos \u00a0pol\u00edticos \u00a0-como \u00a0Piedad \u00a0C\u00f3rdoba- demuestra que se pod\u00eda hacer pol\u00edtica. En \u00a0esas condiciones, el hecho indicador no est\u00e1 probado. \u00a0\u00a0<\/p>\n<p>\u00bfCont\u00f3 \u00a0HERNANDO \u00a0MOLINA \u00a0ARA\u00daJO \u00a0con \u00a0permiso de las autodefensas para \u00a0hacer \u00a0pol\u00edtica? \u00a0La \u00a0estructura \u00a0del \u00a0indicio \u00a0cae, \u00a0pues \u00a0salvo \u00a0los testigos \u00a0anteriormente \u00a0mencionados, los dem\u00e1s pudieron hacer campa\u00f1a e incluso quienes \u00a0adelantaron \u00a0la \u00a0del \u00a0voto \u00a0en \u00a0blanco. \u00a0Est\u00e1 \u00a0probado \u00a0que \u00a0se \u00a0pod\u00eda ejercer \u00a0cualquier \u00a0actividad \u00a0a pesar de la presencia paramilitar, lo cual constituye un \u00a0contra indicio. \u00a0\u00a0<\/p>\n<p>M\u00edrese \u00a0que los dos periodistas -Rinc\u00f3n y \u00a0Gnecco- \u00a0pueden \u00a0ejercer \u00a0su \u00a0profesi\u00f3n, \u00a0a \u00a0pesar \u00a0de \u00a0estar \u00a0en \u00a0contra de la \u00a0candidatura \u00a0 \u00a0 \u00a0 \u00a0 de \u00a0 \u00a0 \u00a0 \u00a0 MOLINA \u00a0 \u00a0 \u00a0 \u00a0 \u00a0 ARA\u00daJO. \u00a0\u00a0<\/p>\n<p>La \u00a0 Fiscal\u00eda \u00a0puede \u00a0sostener \u00a0que \u00a0los \u00a0candidatos, \u00a0incluidos \u00a0Moreno \u00a0Panezo y Romero, no tuvieron libertad para hacer \u00a0proselitismo? \u00a0Por \u00a0qu\u00e9 s\u00ed para hacerlo por el voto en blanco? Si en todos los \u00a0municipios \u00a0lo \u00a0hubo, \u00a0cu\u00e1l \u00a0campa\u00f1a \u00a0silenciosa \u00a0o \u00a0cu\u00e1l \u00a0concentraci\u00f3n \u00a0en \u00a0Valledupar? \u00a0 Puede \u00a0 sostenerse \u00a0 entonces \u00a0que \u00a0ten\u00edan \u00a0el \u00a0auspicio \u00a0de \u00a0las \u00a0autodefensas \u00a0para \u00a0adelantar \u00a0la \u00a0campa\u00f1a en blanco? Esto indica conforme a la \u00a0l\u00f3gica \u00a0y \u00a0a \u00a0las \u00a0reglas \u00a0de la experiencia, que no se necesitaba permiso para \u00a0hacer pol\u00edtica. \u00a0\u00a0<\/p>\n<p>Las \u00a0razones \u00a0de \u00a0las renuncias de Moreno y \u00a0Romero \u00a0fueron otras; quienes tienen aspiraciones electorales suelen hacerlo, de \u00a0ah\u00ed \u00a0que \u00a0Moreno \u00a0Panezo haya capitalizado su retiro victimiz\u00e1ndose. Como as\u00ed \u00a0que son amenazados cuando han renunciado. \u00a0\u00a0<\/p>\n<p>Los hechos de los an\u00f3nimos no son ciertos. \u00a0Las \u00a0amenazas \u00a0son \u00a0elucubraciones de la Fiscal\u00eda. El \u00fanico testigo directo de \u00a0las \u00a0amenazas \u00a0es \u00a0el \u00a0propio \u00a0Moreno \u00a0Panezo, que dice que no le consta que los \u00a0paramilitares \u00a0hayan \u00a0acogido \u00a0la candidatura de MOLINA \u00a0ARA\u00daJO. \u00a0De \u00a0otro \u00a0lado, a Edwin Quintero le confes\u00f3 \u00a0que \u00a0 las \u00a0 amenazas \u00a0eran \u00a0falsas \u00a0y \u00a0obedec\u00edan \u00a0a \u00a0una \u00a0estrategia \u00a0pol\u00edtica \u00a0suya. \u00a0\u00a0<\/p>\n<p>Los mejores amigos de Moreno Panezo dijeron \u00a0que \u00a0no \u00a0existieron \u00a0las \u00a0amenazas. \u00a0Y \u00a0si \u00a0existieron no fueron de MOLINA \u00a0 ARA\u00daJO. \u00a0 \u00bfPor \u00a0 qu\u00e9 \u00a0no \u00a0las \u00a0denunci\u00f3 \u00a0o \u00a0las \u00a0hizo \u00a0p\u00fablicas?\u00a0 \u00a0\u00bfPor \u00a0qu\u00e9 \u00a0las \u00a0toma \u00a0como \u00a0lema de \u00a0campa\u00f1a? \u00a0\u00a0<\/p>\n<p>Las razones de la renuncia de Moreno Panezo \u00a0y \u00a0de \u00a0Abraham \u00a0Romero \u00a0son otras y estos son los responsables de la candidatura \u00a0\u201c\u00fanica\u201d \u00a0de \u00a0MOLINA \u00a0ARA\u00daJO. \u00a0Seg\u00fan los testigos, el primero no ten\u00eda la \u00a0opci\u00f3n \u00a0de \u00a0ser \u00a0contado \u00a0y \u00a0carec\u00eda \u00a0de recursos econ\u00f3micos; y al segundo el \u00a0partido \u00a0Liberal no le facilit\u00f3 medios o le dio las garant\u00edas para competir en \u00a0sana lid con el acusado. \u00a0\u00a0<\/p>\n<p>Adem\u00e1s, \u00a0el \u00a0atentado contra Sonia Moscote \u00a0ocurri\u00f3 \u00a0tiempo despu\u00e9s de la renuncia de Abraham Romero y seg\u00fan \u201cJorge \u00a0 \u00a0 \u00a0 Cuarenta\u201d su autor fue un hermano de ella, quien \u00a0lo ejecut\u00f3 con el prop\u00f3sito de propiciar su exilio. \u00a0\u00a0<\/p>\n<p>Los dos sondeos de opini\u00f3n entregados en la \u00a0indagatoria, \u00a0son \u00a0iguales \u00a0a los resultados de 2003 con una peque\u00f1a diferencia \u00a0en \u00a0el \u00a0voto \u00a0de \u00a0blanco; \u00a0luego \u00a0esas \u00a0encuestas \u00a0muestran que la votaci\u00f3n fue \u00a0libre. \u00a0\u00a0<\/p>\n<p>As\u00ed mismo, MOLINA \u00a0ARA\u00daJO no necesitaba del apoyo de las autodefensas ni \u00a0de \u00a0la \u00a0renuncia \u00a0de \u00a0los \u00a0otros \u00a0dos \u00a0aspirantes, \u00a0pues \u00a0los \u00a0votos \u00a0funerarios \u00a0-solidaridad \u00a0 \u00a0con \u00a0 \u00a0su \u00a0 \u00a0madre- \u00a0 \u00a0y \u00a0 \u00a0la \u00a0 \u00a0identidad \u00a0 \u00a0de \u00a0 slogan \u00a0de \u00a0las campa\u00f1as de madre e hijo \u00a0eran \u00a0suficientes \u00a0para su elecci\u00f3n. Por lo dem\u00e1s, al \u00fanico que benefici\u00f3 la \u00a0renuncia fue al mismo Moreno Panezo, quien hoy es gobernador. \u00a0\u00a0<\/p>\n<p>El \u00a0voto \u00a0en \u00a0blanco \u00a0y \u00a0los \u00a0tarjetones no \u00a0marcados \u00a0no \u00a0son \u00a0indicios \u00a0de \u00a0ilegalidad de la candidatura, porque quienes se \u00a0decidieron \u00a0por \u00a0la \u00a0primera \u00a0opci\u00f3n \u00a0actuaron \u00a0por \u00a0razones \u00a0distintas \u00a0a \u00a0las \u00a0se\u00f1aladas \u00a0 por \u00a0 la \u00a0 Fiscal\u00eda; \u00a0 al \u00a0contrario \u00a0fue \u00a0ejemplo \u00a0del \u00a0ejercicio \u00a0democr\u00e1tico \u00a0que acompa\u00f1\u00f3 a las elecciones, de la oposici\u00f3n a un candidato y \u00a0a \u00a0 su \u00a0 programa. \u00a0 En \u00a0esas \u00a0condiciones, \u00a0el \u00a0voto \u00a0en \u00a0blanco \u00a0deja \u00a0de \u00a0ser \u00a0indicio. \u00a0\u00a0<\/p>\n<p>La circunstancia que la familia MOLINA \u00a0 ARA\u00daJO \u00a0 pudiese \u00a0 haber \u00a0 sido \u00a0favorecida, \u00a0como muchas otras en el Cesar, con las acciones adelantadas por las \u00a0autodefensas \u00a0y \u00a0la \u00a0entrevista \u00a0que \u00a0en \u00a0el \u00a02006 \u00a0el \u00a0acusado \u00a0sostuviera \u00a0con \u00a0\u201cJorge \u00a0Cuarenta\u201d \u00a0en la c\u00e1rcel a \u00a0solicitud \u00a0de \u00a0Ana Carolina V\u00e9lez para disuadirlo de su intenci\u00f3n de abandonar \u00a0el \u00a0proceso de paz, no configuran el delito que se le imputa al procesado ni son \u00a0actos \u00a0demostrativos \u00a0de \u00a0que la amistad a\u00fan une a ambos en prop\u00f3sitos, aunque \u00a0estos sean ilegales. \u00a0\u00a0<\/p>\n<p>La prueba no demuestra cu\u00e1les son los actos \u00a0de \u00a0promoci\u00f3n \u00a0que estructuran la conducta t\u00edpica; en el proceso no hay hechos \u00a0que \u00a0demuestren que hubo reciprocidad o contra prestaci\u00f3n como consecuencia del \u00a0acuerdo con las autodefensas. \u00a0\u00a0<\/p>\n<p>Quienes \u00a0 asistieron \u00a0a \u00a0la \u00a0reuni\u00f3n \u00a0de \u00a0Chimichagua \u00a0que \u00a0Moreno Panezo refiere en su testimonio, niegan que la misma se \u00a0hubiera \u00a0llevado \u00a0a \u00a0cabo \u00a0y \u00a0la libertad del hermano de Julio Blanco Nobles fue \u00a0posible \u00a0por \u00a0la \u00a0exigencia \u00a0de \u00a0la \u00a0comunidad \u00a0y no consecuencia del apoyo a la \u00a0candidatura \u00a0 \u00a0 de \u00a0 \u00a0 MOLINA \u00a0 \u00a0ARA\u00daJO. \u00a0\u00a0<\/p>\n<p>En la valoraci\u00f3n del testimonio de Palacio \u00a0Ni\u00f1o \u00a0debe \u00a0tenerse \u00a0en \u00a0cuenta \u00a0lo \u00a0dicho \u00a0por Ochoa Qui\u00f1\u00f3nez y \u201cJorge \u00a0 \u00a0 \u00a0 Cuarenta\u201d \u00a0acerca de sus probables v\u00ednculos con \u00a0los \u00a0rebeldes, \u00a0y su afirmaci\u00f3n seg\u00fan la cual no le consta la actividad ilegal \u00a0de \u00a0 MOLINA \u00a0ARA\u00daJO \u00a0o \u00a0que \u00a0incidiera en la renuncia de los dem\u00e1s candidatos. \u00a0\u00a0<\/p>\n<p>La \u00a0grabaci\u00f3n \u00a0de la conversi\u00f3n sostenida \u00a0por \u00a0MOLINA ARA\u00daJO con Jorge \u00a0Lu\u00eds \u00a0y \u00a0Luz \u00a0Marina, \u00a0muestra \u00a0que \u00a0detr\u00e1s \u00a0de \u00a0la \u00a0acusaci\u00f3n \u00a0podr\u00eda haber \u00a0intereses \u00a0pol\u00edticos, \u00a0los \u00a0cuales \u00a0se develan en la pretensi\u00f3n de ternar a un \u00a0hijo \u00a0de \u00a0Cielo \u00a0y \u00a0Jaime \u00a0Gnecco, \u00a0a la suspensi\u00f3n o salida del Gobernador. En \u00a0ella, \u00a0aquellos \u00a0le \u00a0dicen que no tienen nada contra \u00e9l, que manifest\u00f3 que era \u00a0paramilitar \u00a0 por \u00a0rabia \u00a0ante \u00a0los \u00a0ataques \u00a0a \u00a0su \u00a0hermana, \u00a0de \u00a0modo \u00a0que \u00a0la \u00a0credibilidad \u00a0de \u00a0sus \u00a0versiones est\u00e1 en entre dicho, sin que entienda por qu\u00e9 \u00a0se califica de particular el testimonio del hermano de Jorge Lu\u00eds. \u00a0\u00a0<\/p>\n<p>Se\u00f1ala \u00a0que la Corte el 21 de noviembre de \u00a02002 \u00a0reconoci\u00f3 \u00a0que \u00a0una \u00a0grabaci\u00f3n \u00a0de \u00a0tal \u00a0naturaleza es legal y con mayor \u00a0raz\u00f3n \u00a0si \u00a0es \u00a0prueba de un delito. Su aporte al proceso fue l\u00edcito y por ello \u00a0debe \u00a0ser \u00a0valorada, \u00a0pues finalmente lo que interesa es lo que espont\u00e1neamente \u00a0dijeron \u00a0 \u00a0 \u00a0 \u00a0 \u00a0alias \u00a0 \u00a0 \u00a0 \u00a0 \u00a0\u201cBoliche\u201d y Luz \u00a0Marina, \u00a0as\u00ed \u00a0MOLINA ARA\u00daJO \u00a0se hubiera preparado para la misma. \u00a0\u00a0<\/p>\n<p>Adem\u00e1s, \u00a0el \u00a0testimonio \u00a0de \u00a0Luz Marina se \u00a0halla \u00a0desvirtuado \u00a0por \u00a0Lu\u00eds Guerra y el mismo Jorge Lu\u00eds le reprocha el tema \u00a0de \u00a0 los \u00a0 helic\u00f3pteros. \u00a0 De \u00a0 otro \u00a0 lado, \u00a0 MOLINA \u00a0ARA\u00daJO \u00a0nada \u00a0tuvo \u00a0que \u00a0ver \u00a0con \u00a0el nombramiento de \u00a0Guerra en el hospital y para el 2002 se encontraba fuera del pa\u00eds. \u00a0\u00a0<\/p>\n<p>El \u00a0testigo \u00a0De \u00a0Hoyos Guti\u00e9rrez carece de \u00a0toda \u00a0credibilidad, \u00a0porque \u00a0cuando \u00a0se \u00a0supon\u00eda que iba hablar de las finanzas \u00a0resulta \u00a0hablando \u00a0de \u00a0otros \u00a0temas \u00a0que \u00a0le \u00a0sirven \u00a0a la acusaci\u00f3n. Despu\u00e9s, \u00a0aparece \u00a0retract\u00e1ndose en un juzgado militar de esa versi\u00f3n, pero regresa a la \u00a0audiencia \u00a0para \u00a0retractarse \u00a0de \u00a0la retractaci\u00f3n que seg\u00fan \u00e9l le fue pagada. \u00a0Considera \u00a0 que \u00a0 quien \u00a0 testifica \u00a0al \u00a0vaiv\u00e9n \u00a0de \u00a0prebendas \u00a0es \u00a0un \u00a0testigo \u00a0sospechoso. \u00a0\u00a0<\/p>\n<p>A ninguno de los testigos, salvo a De Hoyos, \u00a0les \u00a0consta que la campa\u00f1a hubiera sido ilegal. Es imposible conocer resultados \u00a0parciales \u00a0a \u00a0las \u00a0dos \u00a0de \u00a0la \u00a0tarde \u00a0como \u00a0\u00e9l lo afirma. Dijo que en los tres \u00a0primeros \u00a0 \u00a0meses \u00a0 \u00a0de \u00a0 \u00a02001 \u00a0 \u00a0vio \u00a0 \u00a0a \u00a0 \u00a0MOLINA \u00a0ARA\u00daJO \u00a0 \u00a0 \u00a0 reunido \u00a0 \u00a0 \u00a0 con \u00a0 \u00a0 \u00a0\u201cJorge \u00a0 \u00a0 \u00a0 Cuarenta\u201d, \u00a0sin \u00a0percatarse \u00a0que \u00a0en ese a\u00f1o se \u00a0hallaba \u00a0en otro pa\u00eds en calidad de diplom\u00e1tico. Despu\u00e9s dice que fue escolta \u00a0de \u00a0 \u201cJimmy\u201d, \u00a0pero \u00a0obs\u00e9rvese \u00a0que \u00a0en el 2002 el \u00a0ej\u00e9rcito \u00a0nacional \u00a0lo desvincula por f\u00e1rmaco dependencia. Tampoco es cre\u00edble \u00a0que \u00a0al mes de su ingreso a las autodefensas entrara a hacer parte del anillo de \u00a0seguridad \u00a0 de \u00a0 \u201cJorge \u00a0Cuarenta\u201d. \u00a0\u00a0<\/p>\n<p>Es \u00a0 un \u00a0 testigo \u00a0 que \u00a0 cambia \u00a0 fechas \u00a0constantemente \u00a0 \u00a0y \u00a0 \u00a0de \u00a0 nombres, \u00a0 como \u00a0 cuando \u00a0 dice \u00a0 que \u00a0 \u201cJorge \u00a0 \u00a0 \u00a0 Cuarenta\u201d \u00a0amenaz\u00f3 \u00a0a \u00a0Moreno Panezo pero luego \u00a0indica \u00a0 \u00a0 \u00a0 \u00a0que \u00a0 \u00a0 \u00a0 fue \u00a0 \u00a0 \u00a0 \u201cJimmy\u201d, \u00a0lo \u00a0cual \u00a0no \u00a0es \u00a0cierto. \u00a0El posible fraude al tener conocimiento de los resultados \u00a0parciales \u00a0tampoco \u00a0es \u00a0cierto. Recu\u00e9rdese que para esa \u00e9poca era dependiente. \u00a0Se \u00a0 contradice \u00a0 pues \u00a0 aqu\u00ed \u00a0 afirma \u00a0 que \u00a0 MOLINA \u00a0ARA\u00daJO \u00a0no \u00a0contribuy\u00f3 \u00a0con \u00a0las \u00a0finanzas. \u00a0En \u00a0la \u00a0descripci\u00f3n \u00a0f\u00edsica \u00a0del procesado no acierta. De principio a fin su relato es \u00a0incoherente. \u00a0 Cuando \u00a0 se \u00a0le \u00a0confronta \u00a0modifica \u00a0los \u00a0hechos \u00a0y \u00a0cambia \u00a0las \u00a0imputaciones. \u00a0\u00a0<\/p>\n<p>En \u00a0el \u00a0proceso\u00a0 \u00a0hay \u00a016 \u00a0versiones \u00a0distintas \u00a0del se\u00f1or De Hoyos. En ellas trastoca n\u00famero de c\u00e9dula, direcci\u00f3n \u00a0de \u00a0 residencia, \u00a0 cambia \u00a0 su \u00a0 versi\u00f3n \u00a0 de \u00a0c\u00f3mo \u00a0conoci\u00f3 \u00a0a \u00a0\u201cJimmy\u201d \u00a0y se\u00f1ala distintos motivos acerca de \u00a0su vinculaci\u00f3n a las autodefensas, entre otras. \u00a0\u00a0<\/p>\n<p>Su \u00a0hermana \u00a0habla \u00a0de \u00a0su \u00a0costumbre \u00a0de \u00a0involucrar \u00a0a \u00a0gente \u00a0para \u00a0sacar \u00a0lucro \u00a0de \u00a0ello. \u00a0Su \u00a0modo \u00a0de \u00a0ser \u00a0son \u00a0las \u00a0declaraciones, \u00a0 solicitar \u00a0 plata \u00a0 a \u00a0los \u00a0abogados, \u00a0formular \u00a0acusaciones \u00a0y \u00a0retractarse \u00a0de \u00a0ellas \u00a0dependiendo \u00a0de \u00a0las \u00a0necesidades \u00a0para \u00a0adquirir \u00a0droga \u00a0conforme lo dijo su consangu\u00ednea. \u00a0\u00a0<\/p>\n<p>Finalmente se refiere nuevamente a lo dicho \u00a0por \u00a0los \u00a0testigos \u00a0para afirmar la ajeneidad de su representado con los hechos, \u00a0insistir \u00a0en \u00a0que \u00a0no \u00a0est\u00e1 \u00a0probada la intervenci\u00f3n de las autodefensas en la \u00a0actividad \u00a0pol\u00edtica \u00a0del \u00a0Cesar. \u00a0Cu\u00e1l es entonces, la prueba que relaciona al \u00a0procesado con los paramilitares. \u00a0\u00a0<\/p>\n<p>En \u00a0su \u00a0conjunto \u00a0la \u00a0prueba \u00a0demuestra que \u00a0HERNANDO MOLINA ARA\u00daJO no es \u00a0responsable \u00a0de los hechos imputados, fue el poder omn\u00edmodo de la Fiscal\u00eda que \u00a0lo \u00a0priv\u00f3 \u00a0de \u00a0la \u00a0libertad \u00a0neg\u00e1ndole \u00a0el derecho a estar con su familia. Por \u00a0suerte \u00a0hay \u00a0juicio \u00a0y \u00a0a\u00fan hay jueces en Colombia para esperar un fallo, en el \u00a0cual se reconozca su inocencia. \u00a0\u00a0<\/p>\n<p>CONSIDERACIONES \u00a0<\/p>\n<p>\u00a0 \u00a0\u00a0<\/p>\n<p>1. Competencia. \u00a0 \u00a0\u00a0<\/p>\n<p>Con fundamento en la certificaci\u00f3n expedida \u00a0por \u00a0la \u00a0Coordinadora de Gesti\u00f3n Humana de la Gobernaci\u00f3n de Cesar, el acta de \u00a0posesi\u00f3n \u00a0de \u00a0HERNANDO \u00a0MOLINA \u00a0ARA\u00daJO \u00a0y \u00a0la \u00a0declaraci\u00f3n \u00a0del \u00a0Consejo Nacional Electoral de su elecci\u00f3n \u00a0popular \u00a0 \u00a0 \u00a0 \u00a0 para \u00a0 \u00a0 \u00a0 \u00a0 ese \u00a0 \u00a0 \u00a0 \u00a0cargo8, se establece la calidad foral \u00a0que \u00a0el \u00a0acusado ten\u00eda para \u00e9poca en que se inici\u00f3 la investigaci\u00f3n, la cual \u00a0pese \u00a0a \u00a0su \u00a0renuncia a ese cargo le otorga competencia a esta Corte para dictar \u00a0el fallo que en derecho corresponda. \u00a0\u00a0<\/p>\n<p>La competencia en este proceso, se encuentra \u00a0definida \u00a0desde \u00a0el momento en que fueron decididas negativamente las peticiones \u00a0y \u00a0los recursos del Ministerio P\u00fablico y de la defensa, conforme con las cuales \u00a0se \u00a0ped\u00eda \u00a0declarar \u00a0nulo el auto que dispuso avocar su conocimiento, aduciendo \u00a0el \u00a0primero \u00a0una \u00a0equivocada interpretaci\u00f3n del par\u00e1grafo del art\u00edculo 235 de \u00a0la \u00a0Carta Pol\u00edtica y el segundo una aplicaci\u00f3n retroactiva indebida del cambio \u00a0jurisprudencial. \u00a0\u00a0<\/p>\n<p>De modo, que simplemente se reitera lo dicho \u00a0en \u00a0 la \u00a0 decisi\u00f3n \u00a0 del \u00a0 1\u00ba \u00a0 de \u00a0 septiembre \u00a0 de \u00a02009, \u00a0conforme \u00a0con \u00a0la \u00a0cual: \u00a0\u00a0<\/p>\n<p>\u201c[R]especto de \u00a0\u2018delitos \u00a0propios\u2019 \u00a0 el \u00a0 fuero \u00a0congresional \u00a0se \u00a0mantiene \u00a0en \u00a0cuanto \u00a0se \u00a0trate \u00a0de \u00a0conductas \u00a0inherentes \u00a0al \u00a0ejercicio \u00a0de \u00a0la funci\u00f3n p\u00fablica que corresponde a senadores y representantes \u00a0(art\u00edculos \u00a0150 \u00a0y \u00a0ss. \u00a0De \u00a0la Carta Pol\u00edtica), pero a la par de ello se debe \u00a0acudir \u00a0al \u00a0referido par\u00e1grafo del art\u00edculo 235 de la Constituci\u00f3n, cuando no \u00a0se \u00a0 trata \u00a0 espec\u00edficamente \u00a0 de \u00a0 \u2018delitos \u00a0 \u00a0 \u00a0 propios\u2019, \u00a0 sino \u00a0 de \u00a0punibles \u00a0\u2018que \u00a0tengan \u00a0relaci\u00f3n \u00a0con las funciones desempe\u00f1adas\u2019 por los congresistas, siempre que de \u00a0su \u00a0 contexto \u00a0 se \u00a0 advierta \u00a0 el \u00a0 v\u00ednculo \u00a0 con \u00a0 la \u00a0 funci\u00f3n \u00a0propia \u00a0del \u00a0Congreso.\u201d9 \u00a0\u00a0<\/p>\n<p>Adem\u00e1s, \u00a0se \u00a0admite \u00a0la eventualidad de la \u00a0comisi\u00f3n \u00a0de \u00a0la \u00a0conducta antes de la asunci\u00f3n del cargo, como corresponde en \u00a0este \u00a0caso, \u00a0pues \u00a0el \u00a0criterio \u00a0jurisprudencial \u00a0aplica \u00a0para \u00a0los \u00a0aforados en \u00a0general, \u00a0bajo \u00a0el \u00a0entendido \u00a0que cuando se accede al poder con la ayuda de las \u00a0organizaciones \u00a0armadas \u00a0ilegales, \u00a0se \u00a0asume, sin vacilaci\u00f3n, el compromiso de \u00a0poner \u00a0a \u00a0su servicio las funciones propias de su cargo. Se dijo entonces que el \u00a0par\u00e1grafo tampoco \u00a0\u00a0<\/p>\n<p>\u201cestablece que \u00a0las \u00a0conductas \u00a0a \u00a0trav\u00e9s \u00a0de las cuales se dota de competencia a la Corte sean \u00a0realizadas \u00a0 \u00a0 \u00a0 \u00a0 \u00a0 \u00a0 \u00a0 \u201cdurante\u201d el \u00a0desempe\u00f1o \u00a0 \u00a0 como \u00a0 \u00a0congresista \u00a0 \u00a0sino \u00a0 \u00a0simplemente \u00a0 \u00a0que \u00a0 \u00a0\u201ctengan \u00a0relaci\u00f3n \u00a0con \u00a0las funciones \u00a0desempe\u00f1adas\u201d, \u00a0de \u00a0tal \u00a0suerte \u00a0que \u00a0resulta \u00a0factible \u00a0que \u00a0el \u00a0comportamiento \u00a0o \u00a0iter \u00a0criminal pueda \u00a0iniciarse \u00a0antes de acceder a la curul y consumarse o agotarse con posterioridad \u00a0a \u00a0la \u00a0dejaci\u00f3n \u00a0del cargo, sin que por ello se pierda la condici\u00f3n de aforado \u00a0para \u00a0efectos \u00a0penales.\u201d10 \u00a0\u00a0<\/p>\n<p>2. \u00a0 El \u00a0 delito \u00a0 de \u00a0 concierto \u00a0 para \u00a0delinquir. \u00a0\u00a0<\/p>\n<p>Se ha dicho que el inciso 2\u00ba del art\u00edculo \u00a0340 \u00a0 del \u00a0C\u00f3digo \u00a0Penal \u00a0prev\u00e9 \u00a0la \u00a0modalidad \u00a0agravada \u00a0del \u00a0concierto \u00a0para \u00a0delinquir, \u00a0la \u00a0cual \u00a0es espec\u00edfica en tanto el acuerdo es para cometer delitos \u00a0determinados \u00a0y \u00a0no \u00a0indeterminados. \u00a0En \u00a0este \u00a0caso, \u00a0la conducta se contrae al \u00a0concierto \u00a0para \u00a0promover \u00a0y \u00a0organizar \u00a0grupos \u00a0armados \u00a0al \u00a0margen \u00a0de la ley, \u00a0conforme \u00a0a \u00a0la \u00a0imputaci\u00f3n \u00a0hecha \u00a0al \u00a0doctor \u00a0MOLINA \u00a0ARA\u00daJO en la acusaci\u00f3n. \u00a0\u00a0<\/p>\n<p>Ahora \u00a0bien, \u00a0no \u00a0se \u00a0puede confundir dicho \u00a0comportamiento \u00a0con \u00a0la \u00a0promoci\u00f3n efectiva prevista en el inciso 3\u00ba del mismo \u00a0tipo \u00a0penal, pues esta \u00faltima demanda obviamente actos de mayor entidad que van \u00a0m\u00e1s \u00a0all\u00e1 \u00a0de \u00a0la \u00a0simple \u00a0promoci\u00f3n, \u00a0porque \u00a0en \u00a0la \u00a0escala \u00a0progresiva \u00a0de \u00a0protecci\u00f3n \u00a0de los bienes jur\u00eddicos el mayor desvalor de la conducta impone un \u00a0juicio \u00a0de exigibilidad personal y social mucho m\u00e1s riguroso que para los casos \u00a0del inciso 2\u00ba. \u00a0\u00a0<\/p>\n<p>Por \u00a0 eso, \u00a0la \u00a0Sala \u00a0en \u00a0torno \u00a0al \u00a0tema \u00a0espec\u00edfico \u00a0propuesto \u00a0por \u00a0la defensa en relaci\u00f3n con la manifestaci\u00f3n de la \u00a0conducta \u00a0del concierto para promover grupos armados al margen de la ley, cuando \u00a0la \u00a0misma \u00a0es \u00a0consecuencia \u00a0de \u00a0acuerdos o apoyos entre aforados e ilegales, ha \u00a0sostenido que: \u00a0\u00a0<\/p>\n<p>\u201cTeniendo \u00a0en \u00a0cuenta \u00a0lo \u00a0anterior \u00a0y \u00a0lo \u00a0que \u00a0de ordinario sucede en aparatos organizados de \u00a0poder \u00a0-todo \u00a0para no desconocer el bien jur\u00eddico, el sentido del tipo penal, o \u00a0los \u00a0 \u00a0 \u00a0contenidos \u00a0 \u00a0 \u00a0de \u00a0 \u00a0 \u00a0la \u00a0 \u00a0 conducta11-, el aporte del pol\u00edtico a \u00a0la \u00a0causa \u00a0paramilitar \u00a0cuando \u00a0coloca \u00a0la \u00a0funci\u00f3n p\u00fablica a su servicio debe \u00a0mirarse \u00a0no \u00a0tanto \u00a0en \u00a0la creaci\u00f3n de disfunciones institucionales\u00a0 -que, \u00a0claro, \u00a0le \u00a0agregan \u00a0mayor \u00a0gravedad \u00a0al injusto-, sino en la medida que con esa \u00a0contribuci\u00f3n \u00a0se incrementa el riesgo contra la seguridad p\u00fablica al potenciar \u00a0la \u00a0acci\u00f3n del grupo ilegal, como puede ocurrir cuando por la influencia de las \u00a0autodefensas \u00a0se \u00a0crean \u00a0condiciones \u00a0materiales \u00a0mediante inversi\u00f3n estatal en \u00a0lugares \u00a0 donde \u00a0 la \u00a0 acci\u00f3n \u00a0 del \u00a0paramilitarismo \u00a0es \u00a0evidente.\u201d \u00a0\u00a0<\/p>\n<p>Conforme \u00a0con \u00a0lo \u00a0dicho, \u00a0la \u00a0conducta del \u00a0doctor \u00a0 MOLINA \u00a0ARA\u00daJO \u00a0se \u00a0ajusta \u00a0al \u00a0tipo \u00a0penal del concierto para delinquir agravado en la modalidad de \u00a0promover grupos armados al margen de la ley. \u00a0\u00a0<\/p>\n<p>3. \u00a0De \u00a0la \u00a0responsabilidad \u00a0penal del doctor \u00a0HERNANDO MOLINA ARA\u00daJO. \u00a0\u00a0<\/p>\n<p>3.1 \u00a0 La \u00a0 presencia \u00a0 paramilitar \u00a0 en \u00a0el \u00a0departamento de Cesar. \u00a0\u00a0<\/p>\n<p>En la d\u00e9cada del 80 el departamento del Cesar \u00a0fue \u00a0sometido \u00a0de \u00a0manera \u00a0progresiva \u00a0por la guerrilla. Las acciones criminales \u00a0llevadas \u00a0a cabo por las agrupaciones subversivas ELN\u00a0 y FARC, causaron una \u00a0tragedia \u00a0humana \u00a0por \u00a0las \u00a0innumerables \u00a0muertes \u00a0y v\u00edctimas del secuestro, la \u00a0extorsi\u00f3n \u00a0y el chantaje que dejaron a su alrededor. A mediados de los 90, ante \u00a0la \u00a0ausencia \u00a0o incapacidad de las fuerzas armadas del Estado para combatirlas y \u00a0para \u00a0contrarrestar \u00a0el \u00a0poder \u00a0que \u00a0ejerc\u00edan \u00a0en \u00a0gran parte de su territorio, \u00a0empiezan \u00a0 \u00a0a \u00a0 \u00a0surgir \u00a0 \u00a0estructuras \u00a0 locales \u00a0 de \u00a0 autodefensas12 que adem\u00e1s \u00a0de \u00a0 brindar \u00a0 seguridad \u00a0 y \u00a0protecci\u00f3n, \u00a0pasan \u00a0a \u00a0confrontar \u00a0a \u00a0los \u00a0grupos \u00a0delincuenciales \u00a0asentados \u00a0en \u00a0su regi\u00f3n, acciones que son bien vistas por las \u00a0comunidades. \u00a0\u00a0<\/p>\n<p>En \u00a0esa direcci\u00f3n es que el jefe paramilitar \u00a0\u201cJorge \u00a0Cuarenta\u201d \u00a0justific\u00f3 \u00a0la \u00a0presencia \u00a0y el actuar de las autodefensas, no solo en el Cesar sino tambi\u00e9n en \u00a0otras \u00a0regiones \u00a0del \u00a0pa\u00eds, \u00a0al \u00a0manifestar \u00a0que ante el abandono al que fueron \u00a0sometidos \u00a0por \u00a0el Estado Social de Derecho, decidieron levantarse en armas para \u00a0enfrentar \u00a0y derrocar a los denominados \u201cestados \u00a0 \u00a0 subversivos\u201d \u00a0que \u00a0se \u00a0hab\u00edan apoderado del departamento, lo que m\u00e1s tarde les \u00a0permiti\u00f3 \u00a0 \u00a0a \u00a0 \u00a0los \u00a0 \u00a0grupos \u00a0 \u00a0armados \u00a0 \u00a0ilegales \u00a0 \u00a0ejercer \u00a0 \u201csoberan\u00eda\u201d \u00a0en \u00a0los \u00a0territorios que pasaron a su \u00a0control y detentar el monopolio de las armas. \u00a0\u00a0<\/p>\n<p>Esto \u00a0es \u00a0que \u00a0con \u00a0el tiempo las estructuras \u00a0paramilitares \u00a0se \u00a0transformaron \u00a0en \u00a0verdaderos ej\u00e9rcitos privados que bajo el \u00a0mando \u00a0del \u00a0mencionado \u00a0comandante \u00a0y \u00a0de \u00a0sus \u00a0lugartenientes \u00a0m\u00e1s reconocidos \u00a0\u201cTolemaida\u201d, \u00a0 \u00a0 \u00a0 \u00a0 \u00a0 \u00a0 \u00a0\u201cOmega\u201d \u00a0 \u00a0 \u00a0 \u00a0 y \u00a0 \u00a0 \u00a0 \u00a0 \u201cTreinta \u00a0 \u00a0 y \u00a0 \u00a0 Nueve\u201d, \u00a0deciden \u00a0intervenir \u00a0en \u00a0otros \u00a0\u00e1mbitos \u00a0de \u00a0la vida de las comunidades en donde hab\u00edan \u00a0alcanzado \u00a0el \u00a0control \u00a0territorial \u00a0y militar. Lo pol\u00edtico, lo econ\u00f3mico y lo \u00a0social, \u00a0pasan \u00a0a \u00a0ser \u00a0temas \u00a0de \u00a0su \u00a0inter\u00e9s \u00a0que \u00a0tratan \u00a0con los acumulados \u00a0solidarios \u00a0 \u00a0 \u00a0 \u00a0 \u00a0 \u00a0 \u00a0 \u00a0comunitarios13, \u00a0quienes \u00a0son \u00a0obligados \u00a0a \u00a0asistir \u00a0a \u00a0los \u00a0talleres \u00a0organizados \u00a0por \u00a0las autodefensas con el prop\u00f3sito, \u00a0seg\u00fan \u00a0el \u00a0mismo \u00a0\u201cJorge \u00a0Cuarenta\u201d, \u00a0de \u00a0fortalecer \u00a0la \u00a0democracia, \u00a0la \u00a0econom\u00eda \u00a0y propender por el \u00a0desarrollo de la regi\u00f3n. \u00a0\u00a0<\/p>\n<p>Con \u00a0esta \u00a0finalidad, \u00a0los \u00a0grupos \u00a0armados \u00a0ilegales \u00a0aglutinados \u00a0en \u00a0torno \u00a0al \u00a0Bloque Norte con notoria influencia en los \u00a0departamentos \u00a0del Cesar y de Magdalena, se proponen alcanzar el poder pol\u00edtico \u00a0en \u00a0esas \u00a0regiones interviniendo en los procesos electorales del orden nacional, \u00a0regional \u00a0y \u00a0local, \u00a0mediante \u00a0la \u00a0imposici\u00f3n o el veto a movimientos, l\u00edderes \u00a0pol\u00edticos \u00a0y \u00a0candidatos \u00a0a \u00a0corporaciones \u00a0p\u00fablicas \u00a0o \u00a0cargos \u00a0de \u00a0elecci\u00f3n \u00a0popular. \u00a0\u00a0<\/p>\n<p>La \u00a0presencia \u00a0paramilitar \u00a0fue \u00a0una realidad \u00a0inocultable \u00a0para \u00a0los habitantes del Cesar hasta marzo de 2006 cuando el bloque \u00a0Norte \u00a0se \u00a0desmoviliza, \u00a0de \u00a0modo \u00a0que cualquier discusi\u00f3n que ponga en duda su \u00a0existencia \u00a0e \u00a0influencia en ese departamento, desconoce la prueba sobre la cual \u00a0se sustenta tal afirmaci\u00f3n. \u00a0\u00a0<\/p>\n<p>3.2 La participaci\u00f3n de las autodefensas en \u00a0la actividad pol\u00edtica del departamento de Cesar. \u00a0\u00a0<\/p>\n<p>La \u00a0participaci\u00f3n \u00a0en pol\u00edtica del bloque \u00a0Norte \u00a0de \u00a0las \u00a0autodefensas fue un prop\u00f3sito que siempre orient\u00f3 la actividad \u00a0del\u00a0 \u00a0 \u00a0 jefe \u00a0 \u00a0paramilitar \u00a0 \u00a0\u201cJorge \u00a0 \u00a0 \u00a0 \u00a0Cuarenta\u201d. \u00a0Esta \u00a0es \u00a0una \u00a0de \u00a0las \u00a0razones \u00a0por \u00a0las cuales, en los talleres \u00a0pol\u00edticos \u00a0organizados \u00a0y orientados por la organizaci\u00f3n armada ilegal bajo su \u00a0mando, \u00a0buscara \u00a0la \u00a0formaci\u00f3n \u00a0de l\u00edderes que ideol\u00f3gicamente defendieran el \u00a0objetivo \u00a0primordial de las autodefensas y propiciara la gestaci\u00f3n de una clase \u00a0pol\u00edtica \u00a0 \u00a0 \u00a0que \u00a0 \u00a0 \u00a0representara \u00a0 \u00a0 a \u00a0 \u00a0 los \u00a0 \u00a0 acumulados \u00a0 \u00a0 solidarios \u00a0comunitarios. \u00a0\u00a0<\/p>\n<p>A \u00a0 partir \u00a0de \u00a0las \u00a0manifestaciones \u00a0del \u00a0comandante \u00a0paramilitar, \u00a0la \u00a0defensa se\u00f1ala que la participaci\u00f3n en pol\u00edtica \u00a0de \u00a0las \u00a0autodefensas \u00a0se \u00a0circunscribi\u00f3 \u00a0a la formaci\u00f3n y preparaci\u00f3n de los \u00a0llamados \u00a0acumulados solidarios comunitarios, de manera que eran las comunidades \u00a0las \u00a0que tomaban las decisiones pol\u00edticas de acuerdo con los acumulados que las \u00a0representaban. \u00a0\u00a0<\/p>\n<p>Tal conclusi\u00f3n se aparta de lo que muestra \u00a0la \u00a0prueba. \u00a0En \u00a0efecto, \u00a0la \u00a0intervenci\u00f3n \u00a0del \u00a0bloque \u00a0Norte \u00a0en la actividad \u00a0pol\u00edtica \u00a0del \u00a0departamento \u00a0de \u00a0Cesar \u00a0no se da en los t\u00e9rminos sugeridos por \u00a0\u201cJorge \u00a0Cuarenta\u201d, \u00a0de acuerdo con \u00a0los \u00a0cuales \u00a0la \u00a0organizaci\u00f3n \u00a0ilegal \u00a0dirigida \u00a0por \u00a0\u00e9l era una fuerza armada \u00a0respetuosa \u00a0de \u00a0las \u00a0decisiones \u00a0que \u00a0tanto \u00a0en \u00a0materia \u00a0pol\u00edtica \u00a0como social \u00a0acordaran \u00a0los \u00a0acumulados \u00a0solidarios \u00a0comunitarios, sino mediante actos que de \u00a0acuerdo \u00a0con \u00a0lo \u00a0dicho \u00a0por \u00a0Alfonso \u00a0Palacio Ni\u00f1o14 \u00a0\u00a0<\/p>\n<p>\u201cse comenzaron \u00a0a \u00a0reflejar \u00a0[en] \u00a0acciones \u00a0de \u00a0intimidaci\u00f3n \u00a0hacia \u00a0candidatos, \u00a0personas que \u00a0estaban \u00a0en \u00a0el \u00a0ambiente \u00a0pol\u00edtico, \u00a0es \u00a0decir, logro interpretar que ellos su \u00a0estrategia \u00a0si \u00a0fue \u00a0inicialmente \u00a0de \u00a0intimidaci\u00f3n \u00a0por \u00a0la presencia militar, \u00a0comenzaron \u00a0a \u00a0apropiarse \u00a0de \u00a0los \u00a0procesos pol\u00edticos desde las localidades de \u00a0municipios \u00a0que \u00a0al \u00a0hacer \u00a0la \u00a0sumatoria \u00a0desde \u00a0luego \u00a0generar\u00eda la toma y la \u00a0dominaci\u00f3n \u00a0pol\u00edtica \u00a0del \u00a0departamento del Cesar, de qui\u00e9nes como l\u00edderes o \u00a0dirigentes \u00a0pol\u00edticos \u00a0o \u00a0sociales \u00a0sea \u00a0por \u00a0efecto \u00a0de \u00a0la intimidaci\u00f3n o la \u00a0complicidad \u00a0directa con los paramilitares, facilitaron el control y dominaci\u00f3n \u00a0de \u00a0 \u00a0alcald\u00edas, \u00a0 \u00a0concejos, \u00a0 espacios \u00a0 en \u00a0 el \u00a0 Congreso \u00a0 en \u00a0 diferentes \u00a0elecciones\u201d 15. \u00a0\u00a0<\/p>\n<p>Una \u00a0muestra \u00a0de \u00a0esa \u00a0intromisi\u00f3n \u00a0en las \u00a0condiciones \u00a0citadas por el testigo se da en el caso de Juana Ram\u00edrez Bautista, \u00a0cuando \u00a0en \u00a0enero \u00a0de \u00a02002 \u00a0el \u00a0mismo \u00a0\u201cJorge \u00a0 \u00a0 \u00a0 \u00a0Cuarenta\u201d \u00a0le hace saber que el Movimiento de Renovaci\u00f3n Liberal MRL ha sido \u00a0vetado \u00a0por \u00a0supuestos \u00a0actos \u00a0de \u00a0corrupci\u00f3n, \u00a0cometidos \u00a0por \u00a0quienes \u00a0en \u00a0su \u00a0representaci\u00f3n \u00a0 \u00a0hab\u00edan \u00a0 \u00a0regido \u00a0 \u00a0los \u00a0 \u00a0destinos \u00a0 \u00a0de \u00a0 la \u00a0 ciudad \u00a0 de \u00a0Valledupar. \u00a0\u00a0<\/p>\n<p>Por \u00a0 ello \u00a0 Juana \u00a0 Bautista \u00a0 Ram\u00edrez, \u00a0refiri\u00e9ndose \u00a0al \u00a0jefe \u00a0del grupo armado ilegal, declarar\u00eda a\u00f1os despu\u00e9s sin \u00a0reponerse \u00a0a\u00fan \u00a0de \u00a0la \u00a0decisi\u00f3n \u00a0arbitraria \u00a0que en esa \u00e9poca acab\u00f3 con sus \u00a0ilusiones \u00a0 \u00a0 pol\u00edticas, \u00a0 \u00a0que \u00a0 \u00a0\u201cel \u00a0me \u00a0dijo \u00a0que no pod\u00eda aspirar a la C\u00e1mara a pesar de que \u00e9l \u00a0consideraba \u00a0que \u00a0yo \u00a0ten\u00eda \u00a0las condiciones porque yo representaba al MRL y el \u00a0MRL \u00a0 \u00a0no \u00a0 \u00a0iba \u00a0 a \u00a0 tener \u00a0 c\u00e1mara\u201d \u00a0 \u00a0 \u00a0 \u00a0 \u00a0 \u00a0 \u00a0 \u00a0 \u00a0 \u00a016. \u00a0\u00a0<\/p>\n<p>Adem\u00e1s, \u00a0la \u00a0renuncia \u00a0de \u00a0la \u00a0dirigente \u00a0pol\u00edtica \u00a0a su aspiraci\u00f3n por ocupar una curul en la C\u00e1mara de Representantes \u00a0fue \u00a0compelida \u00a0mediante el secuestro de V\u00edctor Ochoa Daza, acto con el cual se \u00a0buscaba \u00a0\u201cunos cambios que \u00a0hab\u00edan \u00a0presionado \u00a0las \u00a0autodefensas \u00a0y \u00a0que \u00a0si \u00a0no se daban me mataban, unos \u00a0cambios \u00a0de \u00a0JUANITA \u00a0que subiera al segundo rengl\u00f3n del doctor \u00c1LVARO ARA\u00daJO \u00a0CASTRO \u00a0y \u00a0que \u00a0\u00c1LVARO \u00a0MOR\u00d3N hab\u00eda que apoyarlo y que le pusi\u00e9ramos segundo \u00a0rengl\u00f3n \u00a0del \u00a0grupo pol\u00edtico y en efecto sucedi\u00f3, le pregunt\u00e9 por el concejo \u00a0me \u00a0dijo que hab\u00eda presi\u00f3n de las autodefensas y que ten\u00eda que renunciar a la \u00a0mesa \u00a0 \u00a0 directiva \u00a0 \u00a0 de \u00a0 \u00a0ese \u00a0 \u00a0momento \u00a0 \u00a0e \u00a0 \u00a0instalar \u00a0 \u00a0otra\u201d17. \u00a0\u00a0<\/p>\n<p>Desde \u00a0luego \u00a0este \u00a0caso \u00a0que \u00a0se encuentra \u00a0documentado \u00a0en \u00a0el \u00a0proceso \u00a0con \u00a0prueba \u00a0trasladada \u00a0de \u00a0otra \u00a0actuaci\u00f3n \u00a0con \u00a0observancia \u00a0de \u00a0lo \u00a0previsto \u00a0en el art\u00edculo 239 de la ley 600 de 2000, guarda \u00a0relaci\u00f3n \u00a0con \u00a0las \u00a0elecciones \u00a0para Congreso de la Rep\u00fablica de 2002, pero no \u00a0fue \u00a0el \u00a0primero \u00a0ni \u00a0tampoco el \u00faltimo demostrativo de la intervenci\u00f3n de los \u00a0paramilitares en los procesos electorales del Cesar. \u00a0\u00a0<\/p>\n<p>\u00a0 \u00a0\u00a0 \u00a0\u00a0 \u00a0\u00a0Por \u00a0lo \u00a0dem\u00e1s, \u00a0con \u00a0\u00e9l se determina la participaci\u00f3n del bloque \u00a0Norte \u00a0de \u00a0las \u00a0autodefensas \u00a0en \u00a0los \u00a0procesos \u00a0pol\u00edticos, \u00a0en \u00a0cuanto que era \u00a0\u201cJorge \u00a0Cuarenta\u201d \u00a0mediante \u00a0actos \u00a0como \u00a0el \u00a0citado \u00a0y \u00a0no \u00a0los acumulados solidarios comunitarios, quien dispon\u00eda \u00a0qu\u00e9 \u00a0movimiento \u00a0pol\u00edtico pod\u00eda presentar listas a una Corporaci\u00f3n y cu\u00e1les \u00a0dirigentes \u00a0partidistas \u00a0deb\u00edan \u00a0hacer parte de las mismas y cu\u00e1les ocupar los \u00a0renglones se\u00f1alados por \u00e9l. \u00a0\u00a0<\/p>\n<p>Ciertamente este hecho no constituye prueba \u00a0incriminatoria \u00a0 \u00a0 contra \u00a0 \u00a0 el \u00a0 \u00a0doctor \u00a0 \u00a0MOLINA \u00a0ARA\u00daJO, \u00a0pero \u00a0si \u00a0deja \u00a0en \u00a0evidencia \u00a0que \u00a0eran las \u00a0autodefensas \u00a0quienes \u00a0participaban \u00a0activamente \u00a0en los procesos pol\u00edticos del \u00a0Cesar \u00a0y no los acumulados solidarios comunitarios, intervenci\u00f3n que no culmina \u00a0con \u00a0esas \u00a0elecciones \u00a0sino \u00a0que \u00a0se \u00a0extiende al debate electoral de octubre de \u00a02003, \u00a0 en \u00a0 el \u00a0 cual \u00a0 se \u00a0eleg\u00edan \u00a0autoridades \u00a0y \u00a0corporaciones \u00a0locales \u00a0y \u00a0regionales. \u00a0\u00a0<\/p>\n<p>Por \u00a0eso, \u00a0aun \u00a0cuando \u00a0para \u00a0esa \u00e9poca el \u00a0Gobierno \u00a0Nacional \u00a0buscaba \u00a0la \u00a0desmovilizaci\u00f3n \u00a0de las autodefensas y con sus \u00a0l\u00edderes \u00a0iniciaba \u00a0acercamientos \u00a0para \u00a0un \u00a0proceso \u00a0de \u00a0paz, \u00a0el \u00a0bloque Norte \u00a0dirigido \u00a0 por \u00a0 \u201cJorge \u00a0Cuarenta\u201d \u00a0manten\u00eda \u00a0su \u00a0presencia \u00a0en \u00a0el \u00a0Cesar \u00a0e \u00a0interven\u00eda \u00a0en \u00a0las \u00a0elecciones \u00a0regionales de ese \u00a0a\u00f1o. \u00a0\u00a0<\/p>\n<p>De \u00a0ella da cuenta Alfonso Palacio Ni\u00f1o al \u00a0explicar que: \u00a0\u00a0<\/p>\n<p>\u201ctoda \u00a0esta \u00a0estructura \u00a0pol\u00edtica \u00a0y violenta de los paramilitares fue generando desde luego \u00a0los \u00a0espacios \u00a0pol\u00edticos \u00a0locales \u00a0de \u00a0candidatos \u00a0a \u00a0alcald\u00eda o alcaldes, que \u00a0fueron \u00a0sometidos \u00a0a \u00a0los intereses de estos violentos, si desde lo local se fue \u00a0generando \u00a0la \u00a0ocupaci\u00f3n \u00a0pol\u00edtica \u00a0de \u00a0los \u00a0municipios, \u00a0es \u00a0l\u00f3gico \u00a0que \u00a0la \u00a0sumatoria \u00a0 de \u00a0 estos \u00a0 reflejan \u00a0la \u00a0gran \u00a0influencia \u00a0y \u00a0dominaci\u00f3n \u00a0de \u00a0los \u00a0paramilitares \u00a0en el Cesar, hecho que pudimos tambi\u00e9n apreciar en el proceso de \u00a0las \u00a0elecciones \u00a0a \u00a0Gobernaci\u00f3n, \u00a0en las elecciones del a\u00f1o 2003, cuando es de \u00a0conocimiento \u00a0de \u00a0los pobladores en general que los candidatos CRISTIAN MORENO y \u00a0ABRAHAM \u00a0ROMERO \u00a0quienes \u00a0eran \u00a0aspirantes \u00a0a la gobernaci\u00f3n fueron obligados a \u00a0renunciar, \u00a0quedando \u00a0\u00fanicamente \u00a0quien \u00a0hoy \u00a0actualmente \u00a0es el Gobernador del \u00a0Cesar \u00a0el doctor HERNANDO MOLINA, raz\u00f3n esta que en medio de la intimidaci\u00f3n y \u00a0la \u00a0rabia, \u00a0la \u00a0impotencia de los electores se gener\u00f3 de manera muy silenciosa, \u00a0el \u00a0 promover \u00a0 el \u00a0 voto \u00a0en \u00a0blanco.\u201d18 \u00a0\u00a0<\/p>\n<p>As\u00ed \u00a0mismo, Julio Blanco Nobles, candidato \u00a0en esa campa\u00f1a a la alcald\u00eda de Chimichagua, manifiesta que: \u00a0\u00a0<\/p>\n<p>\u201cnos \u00a0vimos \u00a0sometidos \u00a0por \u00a0la \u00a0presencia \u00a0de \u00a0actores \u00a0armados \u00a0al \u00a0margen \u00a0de la ley en el \u00a0municipio, \u00a0creando \u00a0un \u00a0ambiente \u00a0de \u00a0incertidumbre \u00a0e inconformismo por cuanto \u00a0empezaron \u00a0a \u00a0intimidar y a exigir que solamente dos personas podr\u00edan aspirar a \u00a0ser \u00a0candidatos\u2026 En el mes \u00a0de \u00a0agosto \u00a0del \u00a0mismo a\u00f1o, mi hermano NORBERTO VILLALOBOS NOBLES, fue retenido \u00a0por \u00a0los \u00a0paramilitares que operaban en esa zona de Chimichagua y El Banco, para \u00a0exigirme \u00a0a \u00a0m\u00ed \u00a0que \u00a0retirara mi candidatura. En vista de este secuestro, y en \u00a0aras \u00a0de \u00a0proteger \u00a0la \u00a0vida \u00a0de \u00a0mi \u00a0hermano \u00a0env\u00ede \u00a0mi \u00a0renuncia por fax a la \u00a0Registradur\u00eda \u00a0 \u00a0 \u00a0 \u00a0 Nacional\u201d19. \u00a0\u00a0<\/p>\n<p>Blanco Nobles finalmente fue elegido alcalde \u00a0del \u00a0municipio \u00a0de \u00a0Chimichagua, \u00a0dado \u00a0que \u00a0su \u00a0candidatura se acord\u00f3 el 12 de \u00a0octubre \u00a0 de \u00a0 2003, \u00a0 seg\u00fan \u00a0 tuvo \u00a0 conocimiento \u00a0 Moreno \u00a0 Panezo, \u00a0 en \u00a0 la \u00a0reuni\u00f3n20 \u00a0llevada a cabo en la finca La Guajira con la participaci\u00f3n de los \u00a0paramilitares \u00a0 \u00a0 \u00a0 \u00a0 \u00a0 \u00a0 \u00a0\u201cRub\u00e9n\u201d, \u00a0\u201cRafael\u201d \u00a0 \u00a0 \u00a0 \u00a0 y \u00a0 \u00a0 \u00a0 \u00a0 \u201cOmega\u201d, \u00a0de HERNANDO \u00a0MOLINA \u00a0ARA\u00daJO y de otros dirigentes pol\u00edticos de la \u00a0regi\u00f3n21. \u00a0\u00a0<\/p>\n<p>Este \u00a0hecho \u00a0al \u00a0que \u00a0tambi\u00e9n \u00a0se \u00a0refiere \u00a0Antonio \u00a0 \u00a0 \u00a0 Efra\u00edn \u00a0 \u00a0 \u00a0Armenta \u00a0 \u00a0 \u00a0Maestre22, \u00a0candidato \u00a0que \u00a0declina \u00a0a \u00a0favor \u00a0de \u00a0Blanco \u00a0Nobles a\u00fan cuando niega que haya sido una decisi\u00f3n impuesta \u00a0por \u00a0las \u00a0autodefensas, \u00a0demuestra \u00a0la \u00a0intervenci\u00f3n \u00a0del paramilitarismo en el \u00a0debate \u00a0electoral \u00a0de \u00a0octubre \u00a0de \u00a02003. Por lo dem\u00e1s, tal situaci\u00f3n deja sin \u00a0fundamento \u00a0los \u00a0alegatos \u00a0del \u00a0defensor, \u00a0quien \u00a0de \u00a0manera habilidosa pretende \u00a0acreditar \u00a0que \u00a0la \u00a0referida \u00a0intrusi\u00f3n \u00a0de las autodefensas en los comicios se \u00a0verific\u00f3 \u00a0en \u00a0el \u00a0caso \u00a0de \u00a0Juana Ram\u00edrez, el cual ocurri\u00f3 no en la anualidad \u00a0aludida sino en la anterior (2002). \u00a0\u00a0<\/p>\n<p>As\u00ed \u00a0 las \u00a0 cosas, \u00a0 la \u00a0influencia \u00a0del \u00a0paramilitarismo \u00a0en \u00a0los \u00a0debates \u00a0electorales en ese departamento se infiere de \u00a0los \u00a0dos \u00a0casos \u00a0citados\u00a0 \u00a0y \u00a0no \u00a0s\u00f3lo \u00a0de \u00a0su \u00a0comprobada presencia en la \u00a0regi\u00f3n, \u00a0 de \u00a0 modo \u00a0 que \u00a0 la \u00a0 misma \u00a0 no \u00a0 corresponde \u00a0 a \u00a0un \u00a0\u201cmito\u201d tejido en torno a dicho fen\u00f3meno sino \u00a0a una realidad incontrastable de la vida pol\u00edtica del Cesar. \u00a0\u00a0<\/p>\n<p>3.3 La candidatura \u00fanica de HERNANDO MOLINA \u00a0ARA\u00daJO a la Gobernaci\u00f3n del Cesar. \u00a0\u00a0<\/p>\n<p>En \u00a0la \u00a0campa\u00f1a \u00a0para \u00a0las \u00a0elecciones \u00a0de \u00a0octubre \u00a026 \u00a0de \u00a02003, \u00a0en \u00a0el \u00a0departamento \u00a0del \u00a0Cesar \u00a0hicieron p\u00fablicas sus \u00a0aspiraciones \u00a0al \u00a0cargo \u00a0de \u00a0Gobernador HERNANDO MOLINA \u00a0ARA\u00daJO, \u00a0Cristian \u00a0Moreno \u00a0Panezo \u00a0y \u00a0Abraham Romero; sin embargo, de los tres \u00fanicamente se inscribi\u00f3 el \u00a0primero, \u00a0mientras \u00a0que \u00a0los \u00a0dos \u00a0\u00faltimos \u00a0no \u00a0lo \u00a0har\u00edan \u00a0aduciendo falta de \u00a0garant\u00edas. \u00a0\u00a0<\/p>\n<p>Los \u00a0 Delegados \u00a0 Departamentales \u00a0 del \u00a0Registrador \u00a0 Nacional \u00a0 del \u00a0 Estado \u00a0 Civil \u00a0 certificaron \u00a0 que \u00a0\u201ccon \u00a0 ocasi\u00f3n \u00a0 de \u00a0 las \u00a0elecciones \u00a0celebradas \u00a0el \u00a026 \u00a0de \u00a0octubre \u00a0de 2003, en esta Delegaci\u00f3n se inscribi\u00f3 como \u00a0candidato \u00a0a la Gobernaci\u00f3n del Cesar, el se\u00f1or HERNANDO MOLINA ARA\u00daJO por el \u00a0Partido \u00a0 Liberal \u00a0 Colombiano. \u00a0Igualmente, \u00a0le \u00a0informamos \u00a0que \u00a0ning\u00fan \u00a0otro \u00a0ciudadano \u00a0 se \u00a0 inscribi\u00f3 \u00a0 como \u00a0 candidato \u00a0 para \u00a0 ese \u00a0 cargo.\u201d23. \u00a0\u00a0<\/p>\n<p>Ahora bien, Cristian Hernando Moreno Panezo \u00a0relata que su aspiraci\u00f3n a la Gobernaci\u00f3n de Cesar surge \u00a0\u00a0<\/p>\n<p>\u201cDesde \u00a0principios \u00a0de \u00a0ese \u00a0a\u00f1o \u00a0y \u00a0mientras \u00a0desarrollaba \u00a0actividades \u00a0como director \u00a0ejecutivo \u00a0de \u00a0la \u00a0asociaci\u00f3n de municipios del sur del Cesar, tuve oportunidad \u00a0de \u00a0evidenciar la precaria identidad que para entonces generaba en el electorado \u00a0cesarense \u00a0la aspiraci\u00f3n del aspirante de entonces HERNANDO MOLINA ARA\u00daJO, con \u00a0ocasi\u00f3n \u00a0de \u00a0distintos \u00a0eventos \u00a0y \u00a0la \u00a0ocurrencia \u00a0de visitas y encuentros que \u00a0cotidianamente \u00a0sosten\u00eda \u00a0con \u00a0dirigentes \u00a0pol\u00edticos \u00a0y \u00a0sociales \u00a0del sur del \u00a0Cesar, \u00a0encontr\u00e9 \u00a0un espacio que permit\u00eda plantear una candidatura alternativa \u00a0a \u00a0la \u00a0gobernaci\u00f3n, la que personalmente decid\u00ed proponer en mi nombre desde el \u00a0mes \u00a0de \u00a0marzo \u00a0o \u00a0abril \u00a0de \u00a0ese \u00a02003\u201d24. \u00a0\u00a0<\/p>\n<p>Agrega que la misma encuentra resistencia en \u00a0el \u00a0 paramilitarismo, \u00a0 porque \u00a0 algunos \u00a0 miembros \u00a0del \u00a0bloque \u00a0Norte \u00a0de \u00a0las \u00a0autodefensas le hacen saber en \u00a0\u00a0<\/p>\n<p>\u201cEl desarrollo \u00a0del \u00a0proceso \u00a0proselitista, y a medida que avanzaba los meses de abril y mayo de \u00a0ese \u00a0a\u00f1o \u00a02003, \u00a0fui \u00a0desarrollando \u00a0acciones \u00a0en distintas cabeceras urbanas y \u00a0centros \u00a0rurales \u00a0donde \u00a0encontr\u00e9 la presencia directa de actores paramilitares \u00a0quienes \u00a0categ\u00f3ricamente \u00a0me \u00a0se\u00f1alaron que no ten\u00eda permiso para actuar como \u00a0candidato, \u00a0que \u00a0no \u00a0me \u00a0era permitido desarrollar acciones propias de campa\u00f1a, \u00a0por \u00a0cuanto \u00a0mi \u00a0candidatura no ten\u00eda aval de esa organizaci\u00f3n al margen de la \u00a0ley.\u201d25 \u00a0\u00a0<\/p>\n<p>En \u00a0raz\u00f3n \u00a0de \u00a0esas circunstancias, Moreno \u00a0Panezo \u00a0acude \u00a0al \u00a0mecanismo \u00a0de \u00a0recolecci\u00f3n de firmas para que fuera la misma \u00a0comunidad \u00a0quien \u00a0lo \u00a0respaldara \u00a0en \u00a0su \u00a0prop\u00f3sito \u00a0de \u00a0ser candidato, el cual \u00a0tambi\u00e9n es impedido por las autodefensas cuando \u00a0\u00a0<\/p>\n<p>\u201cEn desarrollo \u00a0del \u00a0proceso \u00a0de \u00a0recaudo \u00a0de \u00a0firmas que acompa\u00f1aba y animaba en los distintos \u00a0municipios \u00a0fui \u00a0enterado \u00a0y \u00a0en detalle por quienes lideraban mi campa\u00f1a en el \u00a0municipio \u00a0de Astrea y la Gloria que los jefes paramilitares de esos territorios \u00a0vetaban \u00a0mi \u00a0nombre \u00a0y prohib\u00edan que se recaudaran las firmas correspondientes. \u00a0Incluso \u00a0le \u00a0fueron \u00a0sustra\u00eddos \u00a0de \u00a0manera \u00a0violenta los formatos que para ese \u00a0particular \u00a0 \u00a0 dispon\u00edan \u00a0 \u00a0sendos \u00a0 \u00a0equipos\u00a0 \u00a0 \u00a0que \u00a0 \u00a0adelantaban \u00a0 \u00a0el \u00a0trabajo\u201d26. \u00a0\u00a0<\/p>\n<p>Vetada \u00a0 su \u00a0 candidatura, \u00a0el \u00a0dirigente \u00a0pol\u00edtico decide retirarse de la contienda pol\u00edtica \u00a0\u00a0<\/p>\n<p>\u201cEn atenci\u00f3n a \u00a0ese \u00a0conjunto de circunstancias y cuando result\u00f3 categ\u00f3rico la acci\u00f3n directa \u00a0del \u00a0estamento \u00a0paramilitar \u00a0contra mi aspiraci\u00f3n, me vi obligado a dar un paso \u00a0al \u00a0lado, \u00a0habiendo \u00a0compartido \u00a0esta \u00a0circunstancia \u00a0con distintos candidatos a \u00a0alcald\u00edas \u00a0y \u00a0a \u00a0corporaciones \u00a0p\u00fablicas \u00a0que \u00a0en \u00a0distintos municipios fueron \u00a0obligados \u00a0 \u00a0de \u00a0 \u00a0manera \u00a0 \u00a0violenta \u00a0 \u00a0a \u00a0 \u00a0apartarse \u00a0 \u00a0de \u00a0 sus \u00a0 leg\u00edtimos \u00a0prop\u00f3sitos\u201d27. \u00a0\u00a0<\/p>\n<p>Por \u00a0eso, \u00a0en los primeros d\u00edas del mes de \u00a0agosto de 2003 se abstiene de inscribir su candidatura, dado que \u00a0\u00a0<\/p>\n<p>\u201c\u2026 \u00a0 los \u00a0factores \u00a0objetivos \u00a0que \u00a0impuso \u00a0el \u00a0fen\u00f3meno \u00a0paramilitar \u00a0en el departamento \u00a0hicieron \u00a0imposible \u00a0protocolizar \u00a0mi \u00a0candidatura \u00a0a \u00a0partir de la inscripci\u00f3n \u00a0correspondiente.\u201d28 \u00a0\u00a0<\/p>\n<p>Por su parte, a principios del mes de abril \u00a0Abraham \u00a0Romero \u00a0anuncia \u00a0su \u00a0aspiraci\u00f3n \u00a0tambi\u00e9n \u00a0a \u00a0ese \u00a0cargo \u00a0de elecci\u00f3n \u00a0popular, \u00a0pero finalmente no se somete a la consulta interna del partido Liberal \u00a0aduciendo \u00a0falta \u00a0de \u00a0garant\u00edas \u00a0ni tampoco se inscribe como candidato ante las \u00a0autoridades electorales. \u00a0\u00a0<\/p>\n<p>En tanto, HERNANDO \u00a0MOLINA \u00a0ARA\u00daJO adelanta su campa\u00f1a a la Gobernaci\u00f3n \u00a0iniciada \u00a0en \u00a0febrero \u00a0de 2003 sin ning\u00fan tropiezo, salvo el incidente que dice \u00a0haber \u00a0tenido \u00a0en una caseta p\u00fablica de Pailitas, cuando un individuo en estado \u00a0de \u00a0embriaguez que se encontraba all\u00ed le dijo que no ten\u00eda nada que buscar por \u00a0all\u00e1, \u00a0del \u00a0que \u00a0tiempo \u00a0despu\u00e9s \u00a0vino \u00a0a saber que se trataba del paramilitar \u00a0\u201cHarold\u201d. \u00a0\u00a0<\/p>\n<p>Sin embargo, para la defensa la candidatura \u00a0\u00fanica \u00a0 a \u00a0 la \u00a0 Gobernaci\u00f3n \u00a0 de \u00a0 HERNANDO \u00a0MOLINA \u00a0ARA\u00daJO, \u00a0se \u00a0explica en la decisi\u00f3n de los otros dos \u00a0aspirantes \u00a0de \u00a0no \u00a0inscribir su nombre, por razones que seg\u00fan ella nada tienen \u00a0que \u00a0ver \u00a0con el fen\u00f3meno paramilitar y mucho menos con la intervenci\u00f3n de las \u00a0autodefensas \u00a0 \u00a0en \u00a0 \u00a0los \u00a0 \u00a0procesos \u00a0 \u00a0electorales \u00a0 \u00a0del \u00a0 departamento \u00a0 del \u00a0Cesar. \u00a0\u00a0<\/p>\n<p>Tal \u00a0tesis la reafirma con lo declarado por \u00a0los \u00a0 \u00a0 \u00a0 testigos \u00a0 \u00a0 \u00a0 en \u00a0 \u00a0 \u00a0el \u00a0 \u00a0 \u00a0juicio29, \u00a0 quienes \u00a0 coinciden \u00a0 en \u00a0se\u00f1alar \u00a0que \u00a0a \u00a0pesar \u00a0de la presencia paramilitar pudieron hacer campa\u00f1a sin \u00a0presiones \u00a0como \u00a0tambi\u00e9n \u00a0la \u00a0hicieron \u00a0los \u00a0promotores \u00a0del \u00a0voto \u00a0en \u00a0blanco, \u00a0atribuyendo \u00a0la \u00a0renuncia de Moreno Panezo, entre otras causas, a su indecisi\u00f3n \u00a0en \u00a0adelantar \u00a0la \u00a0campa\u00f1a \u00a0a \u00a0la \u00a0Gobernaci\u00f3n, \u00a0al tard\u00edo conocimiento de su \u00a0aspiraci\u00f3n \u00a0 por \u00a0 parte \u00a0 de \u00a0 los \u00a0 l\u00edderes \u00a0 pol\u00edticos \u00a0 del \u00a0MIR, \u00a0movimiento pol\u00edtico fundado por su \u00a0padre, \u00a0la \u00a0mayor\u00eda \u00a0de \u00a0ellos comprometidos con la candidatura de MOLINA \u00a0ARA\u00daJO, \u00a0y \u00a0a \u00a0la \u00a0falta \u00a0de \u00a0una \u00a0estructura para su campa\u00f1a. \u00a0\u00a0<\/p>\n<p>A \u00a0ellas \u00a0agrega \u00a0la \u00a0falta \u00a0de \u00a0opciones \u00a0pol\u00edticas \u00a0 de \u00a0los \u00a0otros \u00a0candidatos, \u00a0porque \u00a0la \u00a0campa\u00f1a \u00a0de \u00a0MOLINA \u00a0ARA\u00daJO \u00a0se \u00a0beneficia del trabajo \u00a0pol\u00edtico \u00a0de \u00a0Consuelo \u00a0Ara\u00fajo \u00a0Noguera con el relanzamiento de la campa\u00f1a de \u00a0\u201clos \u00a0 \u00a0 \u00a0buenos \u00a0tiempos\u201d, \u00a0propuesta \u00a0por \u00a0ella \u00a0al electorado cuando fue candidata a la Gobernaci\u00f3n y de los acuerdos sin \u00a0car\u00e1cter \u00a0program\u00e1tico \u00a0alcanzados \u00a0con \u00a0las \u00a0distintas fuerzas pol\u00edticas del \u00a0Cesar. \u00a0\u00a0<\/p>\n<p>As\u00ed \u00a0mismo, \u00a0la \u00a0campa\u00f1a \u00a0para \u00a0que \u00a0el \u00a0electorado \u00a0votara \u00a0en \u00a0blanco, \u00a0el \u00a0aval \u00a0otorgado \u00a0por \u00a0el \u00a0partido \u00a0Liberal a \u00a0HERNANDO \u00a0MOLINA \u00a0ARA\u00daJO, la \u00a0presencia \u00a0de \u00a0l\u00edderes \u00a0pol\u00edticos \u00a0nacionales \u00a0en \u00a0los \u00a0actos \u00a0p\u00fablicos de su \u00a0campa\u00f1a \u00a0 y \u00a0 el \u00a0libre \u00a0ejercicio \u00a0para \u00a0hacer \u00a0pol\u00edtica, \u00a0muestran \u00a0que \u00a0las \u00a0autodefensas \u00a0se \u00a0mantuvieron \u00a0al \u00a0margen \u00a0del \u00a0debate \u00a0electoral \u00a0ni fueron los \u00a0art\u00edfices \u00a0 \u00a0de \u00a0 su \u00a0 candidatura \u00a0 \u201c\u00fanica\u201d. \u00a0\u00a0<\/p>\n<p>Concluye \u00a0que \u00a0la \u00a0candidatura \u201c\u00fanica\u201d \u00a0de \u00a0MOLINA \u00a0ARA\u00daJO \u00a0obedece a la din\u00e1mica propia de los procesos \u00a0electorales, \u00a0mientras \u00a0insiste \u00a0en \u00a0que \u00a0las \u00a0autodefensas ejerc\u00edan un control \u00a0meramente \u00a0militar \u00a0porque \u00a0los \u00a0acumulados \u00a0solidarios \u00a0comunitarios \u00a0eran \u00a0los \u00a0encargados \u00a0de \u00a0la \u00a0pol\u00edtica \u00a0y que el paramilitarismo intervino \u00fanicamente en \u00a0las elecciones para Congreso de la Rep\u00fablica de 2002. \u00a0\u00a0<\/p>\n<p>Contrario a los anteriores planteamientos de \u00a0la \u00a0 \u00a0 defensa, \u00a0 \u00a0la \u00a0 \u00a0candidatura \u00a0 \u00a0de \u00a0 \u00a0MOLINA \u00a0ARA\u00daJO \u00a0 constituye \u00a0 el \u00a0 acto \u00a0de \u00a0promoci\u00f3n \u00a0del \u00a0paramilitarismo \u00a0que \u00a0se le reprocha, en la medida que la misma es resultado del \u00a0acuerdo \u00a0y \u00a0el \u00a0apoyo \u00a0con \u00a0que el bloque Norte de las autodefensas liderado por \u00a0\u201cJorge \u00a0Cuarenta\u201d \u00a0logra que fuera \u00a0\u201c\u00fanica\u201d \u00a0 \u00a0para \u00a0asegurar \u00a0su \u00a0elecci\u00f3n, con el prop\u00f3sito de tener el \u00a0poder \u00a0pol\u00edtico \u00a0y \u00a0por esa v\u00eda acceder a la administraci\u00f3n departamental del \u00a0Cesar. \u00a0\u00a0<\/p>\n<p>En \u00a0principio, \u00a0no \u00a0se \u00a0descalifican \u00a0las \u00a0aspiraciones \u00a0 \u00a0pol\u00edticas \u00a0 \u00a0de \u00a0 \u00a0HERNANDO \u00a0 MOLINA \u00a0ARA\u00daJO \u00a0porque \u00a0provengan \u00a0de \u00a0la \u00a0tradici\u00f3n \u00a0de \u00a0su \u00a0familia, \u00a0en \u00a0especial \u00a0del \u00a0capital \u00a0pol\u00edtico \u00a0dejado por su madre -la defensa \u00a0habla \u00a0de \u00a0voto \u00a0funerario-, \u00a0como \u00a0tampoco \u00a0el respaldo que su campa\u00f1a hubiera \u00a0recibido \u00a0de \u00a0distintos \u00a0partidos \u00a0o \u00a0grupos \u00a0pol\u00edticos \u00a0del \u00a0Cesar; \u00a0lo que se \u00a0cuestiona \u00a0 \u00a0 es \u00a0 \u00a0 el \u00a0 \u00a0 origen \u00a0 \u00a0 de \u00a0 \u00a0 una \u00a0 \u00a0candidatura \u00a0 \u00a0\u201c\u00fanica\u201d \u00a0 que \u00a0surge \u00a0de \u00a0los \u00a0intereses \u00a0del \u00a0paramilitarismo \u00a0 que \u00a0ejerc\u00eda \u00a0control \u00a0militar, \u00a0pol\u00edtico \u00a0y \u00a0social \u00a0en \u00a0el \u00a0departamento \u00a0y \u00a0no \u00a0de \u00a0los \u00a0acuerdos \u00a0o \u00a0consensos \u00a0partidistas como se quiere \u00a0mostrar. \u00a0\u00a0<\/p>\n<p>Adem\u00e1s, la propuesta defensiva se sustenta \u00a0en \u00a0una \u00a0visi\u00f3n \u00a0descontextualizada \u00a0de \u00a0la \u00a0prueba \u00a0y \u00a0con \u00a0lo que con ella se \u00a0pretende \u00a0demostrar; \u00a0en el particular modo de cuestionar el valor probatorio de \u00a0los \u00a0testimonios de Cristian Moreno y Alfonso Palacio Ni\u00f1o; y en una equivocada \u00a0interpretaci\u00f3n \u00a0del \u00a0problema \u00a0jur\u00eddico que debe ser resuelto en el tema de la \u00a0candidatura \u00a0 \u00a0 \u00a0 \u00a0 \u00a0 \u00a0 \u00a0 \u201c\u00fanica\u201d. \u00a0\u00a0<\/p>\n<p>La \u00a0afirmaci\u00f3n \u00a0conforme \u00a0a \u00a0la \u00a0cual \u00a0la \u00a0candidatura \u00a0 \u00a0 \u00a0 \u00a0 \u00a0 \u00a0 \u00a0 \u201c\u00fanica\u201d \u00a0de \u00a0MOLINA \u00a0ARA\u00daJO fue fruto del \u00a0acuerdo \u00a0 con \u00a0las \u00a0autodefensas \u00a0-lo \u00a0que \u00a0constituye \u00a0el \u00a0acto \u00a0de \u00a0promoci\u00f3n \u00a0reprochable \u00a0penalmente \u00a0en \u00a0el \u00a0inciso 2\u00ba del art\u00edculo 340 del C\u00f3digo Penal- \u00a0dial\u00e9cticamente \u00a0es correcta, aunque el debate electoral se haya adelantado sin \u00a0problemas \u00a0de \u00a0orden \u00a0p\u00fablico, \u00a0la \u00a0comunidad \u00a0hubiese \u00a0podido \u00a0participar \u00a0sin \u00a0presiones \u00a0de \u00a0ninguna \u00a0naturaleza \u00a0o \u00a0votado \u00a0por una opci\u00f3n distinta -el voto \u00a0blanco- \u00a0 \u00a0a \u00a0 la \u00a0 del \u00a0 bloque \u00a0 Norte \u00a0 bajo \u00a0 el \u00a0 mando \u00a0 de \u00a0 \u201cJorge \u00a0 \u00a0 \u00a0 Cuarenta\u201d. \u00a0\u00a0<\/p>\n<p>La \u00a0 \u00a0 candidatura \u00a0 \u00a0 \u201c\u00fanica\u201d \u00a0de \u00a0HERNANDO \u00a0MOLINA \u00a0ARA\u00daJO \u00a0a la Gobernaci\u00f3n del departamento de \u00a0Cesar \u00a0en \u00a0octubre de 2003, no puede ser vista como resultado de la din\u00e1mica de \u00a0los procesos electorales. \u00a0\u00a0<\/p>\n<p>En \u00a0precedencia \u00a0qued\u00f3 \u00a0visto, \u00a0que \u00a0las \u00a0autodefensas \u00a0interven\u00edan \u00a0en \u00a0las \u00a0decisiones pol\u00edticas con incidencia en los \u00a0procesos \u00a0 electorales \u00a0 contrariamente \u00a0 a \u00a0 lo \u00a0manifestado \u00a0por \u00a0\u201cJorge \u00a0 \u00a0 \u00a0 Cuarenta\u201d, quien traslada ese tipo de decisiones \u00a0a \u00a0los acumulados solidarios comunitarios. De este modo, eran los l\u00edderes de la \u00a0comunidad \u00a0 los \u00a0 encargados \u00a0de \u00a0adoptarlas \u00a0y \u00a0socializarlas \u00a0al \u00a0interior \u00a0de \u00a0ellas. \u00a0\u00a0<\/p>\n<p>La \u00a0orden que personalmente le impartiera a \u00a0Juana \u00a0Ram\u00edrez \u00a0Bautista \u00a0para \u00a0que \u00a0se \u00a0inscribiera \u00a0a \u00a0otra \u00a0Corporaci\u00f3n \u00a0de \u00a0elecci\u00f3n \u00a0contraria \u00a0a \u00a0sus \u00a0aspiraciones \u00a0y \u00a0el \u00a0veto \u00a0impuesto \u00a0al MRL en las \u00a0elecciones \u00a0 al \u00a0Congreso \u00a0de \u00a0de \u00a0la \u00a0Rep\u00fablica \u00a0de \u00a02002, \u00a0demuestra \u00a0que \u00a0la \u00a0organizaci\u00f3n \u00a0armada \u00a0ilegal \u00a0quer\u00eda \u00a0el poder pol\u00edtico y con esa intenci\u00f3n, \u00a0sus \u00a0l\u00edderes \u00a0eran \u00a0quienes tomaban las decisiones acerca de las candidaturas y \u00a0de \u00a0 los \u00a0movimientos \u00a0que \u00a0hab\u00eda \u00a0que \u00a0respaldar \u00a0en \u00a0los \u00a0distintos \u00a0procesos \u00a0electorales. \u00a0\u00a0<\/p>\n<p>Las elecciones regionales de octubre de 2003 \u00a0-se \u00a0reitera- \u00a0no \u00a0fueron \u00a0ajenas \u00a0a la participaci\u00f3n del bloque Norte, la cual \u00a0queda \u00a0al \u00a0descubierto \u00a0con \u00a0el \u00a0veto \u00a0a dos de los candidatos a la alcald\u00eda de \u00a0Chimichagua \u00a0y \u00a0el \u00a0secuestro \u00a0en agosto de ese a\u00f1o del hermano de Julio Blanco \u00a0Nobles, \u00a0con \u00a0el \u00a0prop\u00f3sito \u00a0de \u00a0erigir \u00a0tambi\u00e9n \u00a0una candidatura \u201c\u00fanica\u201d en ese municipio. \u00a0\u00a0<\/p>\n<p>As\u00ed \u00a0las \u00a0cosas, \u00a0la \u00a0renuncia de Cristian \u00a0Moreno \u00a0Panezo \u00a0a su aspiraci\u00f3n a la Gobernaci\u00f3n de Cesar en las elecciones de \u00a0ese \u00a0a\u00f1o, \u00a0tiene el mismo origen a partir de la nueva estrategia que les dar\u00eda \u00a0resultado, \u00a0en \u00a0cuanto \u00a0que la intimidaci\u00f3n o la presi\u00f3n ser\u00eda ejercida sobre \u00a0los \u00a0 \u00a0 \u00a0candidatos \u00a0 \u00a0 \u00a0para \u00a0 \u00a0 \u00a0propiciar \u00a0 \u00a0 \u00a0candidaturas \u00a0 \u00a0 \u00a0\u201c\u00fanicas\u201d \u00a0 y \u00a0 no \u00a0sobre \u00a0la \u00a0poblaci\u00f3n. \u00a0Las \u00a0consecuencias \u00a0de \u00a0una \u00a0estrategia \u00a0de tal naturaleza eran obvias, porque de ese \u00a0modo \u00a0se \u00a0evitaba \u00a0que \u00a0el \u00a0electorado contara con otras alternativas pol\u00edticas \u00a0distintas a las impuestas por el paramilitarismo. \u00a0\u00a0<\/p>\n<p>Esta \u00a0es \u00a0la raz\u00f3n fundamental por la cual \u00a0los \u00a0testigos \u00a0han declarado que la campa\u00f1a y las elecciones fueron libres, que \u00a0no \u00a0conocieron \u00a0de \u00a0actos \u00a0de \u00a0violencia \u00a0contra la poblaci\u00f3n y que votaron con \u00a0independencia \u00a0como \u00a0lo \u00a0demuestra \u00a0el \u00a0voto \u00a0en \u00a0blanco. Una estrategia como la \u00a0descrita \u00a0facilitaba \u00a0la \u00a0participaci\u00f3n \u00a0de las autodefensas, en cuanto que las \u00a0amenazas \u00a0o intimidaciones las ejerc\u00edan sobre un n\u00famero reducido y determinado \u00a0de \u00a0personas \u00a0-candidatos- y les permit\u00eda, sin mayores traumatismos, garantizar \u00a0la elecci\u00f3n de los comprometidos con ellas. \u00a0\u00a0<\/p>\n<p>De ah\u00ed, que sean vanos los esfuerzos de la \u00a0defensa \u00a0-en \u00a0el \u00a0proceso \u00a0y \u00a0especialmente \u00a0en \u00a0el juicio- por demostrar que el \u00a0proceso \u00a0electoral y en particular las elecciones de 2003 se llevaron a cabo sin \u00a0problemas \u00a0de \u00a0orden \u00a0p\u00fablico \u00a0como \u00a0lo declaran las autoridades militares, sin \u00a0percatarse \u00a0que \u00a0el \u00a0problema \u00a0estaba \u00a0relacionado \u00a0con \u00a0la \u00a0falta \u00a0de \u00a0opciones \u00a0electorales \u00a0por \u00a0decisi\u00f3n \u00a0de las autodefensas a trav\u00e9s de imposici\u00f3n de las \u00a0candidaturas \u00a0 \u00a0 \u00a0 \u00a0 \u00a0 \u00a0 \u00a0 \u201c\u00fanicas\u201d. \u00a0\u00a0<\/p>\n<p>En este sentido, rep\u00e1rese que al referirse \u00a0a \u00a0la \u00a0toma \u00a0paulatina \u00a0de los procesos pol\u00edticos por las autodefensas, Alfonso \u00a0Palacio \u00a0 \u00a0 Ni\u00f1o \u00a0 \u00a0 habla \u00a0 \u00a0de \u00a0 \u00a0\u201cacciones \u00a0de \u00a0intimidaci\u00f3n \u00a0hacia candidatos, personas que estaban \u00a0en \u00a0el \u00a0ambiente pol\u00edtico,\u201d \u00a0y no contra las comunidades o sufragantes. \u00a0\u00a0<\/p>\n<p>Luego, lo que las autodefensas le impiden a \u00a0Moreno \u00a0Panezo no es el ejercicio de la pol\u00edtica sino el derecho a ser elegido, \u00a0esto \u00a0es \u00a0a \u00a0presentarse \u00a0como \u00a0candidato. \u00a0Ello \u00a0explica \u00a0que \u00a0la renuncia a su \u00a0aspiraci\u00f3n \u00a0a \u00a0la \u00a0Gobernaci\u00f3n \u00a0y \u00a0la \u00a0participaci\u00f3n \u00a0al \u00a0mismo \u00a0tiempo en la \u00a0campa\u00f1a \u00a0por \u00a0el \u00a0voto en blanco sea una contradicci\u00f3n aparente, que para nada \u00a0incide en el valor probatorio que tiene su testimonio. \u00a0\u00a0<\/p>\n<p>Por lo anterior, la Sala no puede compartir \u00a0la \u00a0conclusi\u00f3n \u00a0de \u00a0la \u00a0defensa \u00a0apoyada \u00a0en \u00a0la \u00a0prueba testimonial tra\u00edda al \u00a0juicio, \u00a0de \u00a0acuerdo con la cual las autodefensas no intervinieron en el proceso \u00a0electoral \u00a0 \u00a0de \u00a0 \u00a02003 \u00a0 \u00a0ni \u00a0 \u00a0propiciaron \u00a0 \u00a0la \u00a0 \u00a0candidatura \u00a0 \u201c\u00fanica\u201d \u00a0 \u00a0 de \u00a0HERNANDO \u00a0 \u00a0 \u00a0 \u00a0MOLINA \u00a0 \u00a0 \u00a0 ARA\u00daJO. \u00a0\u00a0<\/p>\n<p>Adem\u00e1s, \u00a0para \u00a0probar \u00a0que \u00a0la candidatura \u00a0\u201c\u00fanica\u201d \u00a0de \u00a0MOLINA \u00a0ARA\u00daJO \u00a0fue \u00a0producto \u00a0del consenso y de los acuerdos \u00a0pol\u00edticos \u00a0con \u00a0la mayor\u00eda de las fuerzas pol\u00edticas del departamento en torno \u00a0al \u00a0ideario \u00a0y \u00a0capital \u00a0pol\u00edtico \u00a0de \u00a0\u201cLa \u00a0 \u00a0 \u00a0 \u00a0 \u00a0Cacica\u201d\u00a0 \u00a0y \u00a0jam\u00e1s \u00a0de \u00a0pactos \u00a0con \u00a0las autodefensas de \u201cJorge \u00a0 \u00a0 \u00a0 Cuarenta\u201d, \u00a0 descalifica \u00a0 los \u00a0testimonios \u00a0de \u00a0Cristian Moreno Panezo y Alfonso Palacio Ni\u00f1o. \u00a0\u00a0<\/p>\n<p>Cuestiona \u00a0la credibilidad de Moreno Panezo \u00a0porque \u00a0en \u00a0esa \u00a0\u00e9poca \u00a0no \u00a0hiciera \u00a0p\u00fablicas \u00a0las \u00a0amenazas que le impidieron \u00a0inscribir \u00a0su \u00a0candidatura \u00a0o \u00a0dejara \u00a0de \u00a0denunciarlas a las autoridades, o por \u00a0ocultos \u00a0intereses pol\u00edticos que a\u00f1os m\u00e1s tarde le permitir\u00edan ser elegido a \u00a0la gobernaci\u00f3n del Cesar. \u00a0\u00a0<\/p>\n<p>Las \u00a0realidades \u00a0del \u00a0dominio \u00a0paramilitar \u00a0impon\u00edan \u00a0otras \u00a0normas \u00a0de \u00a0comportamiento \u00a0distintas \u00a0a \u00a0las \u00a0exigidas por la \u00a0defensa \u00a0a \u00a0Moreno \u00a0Panezo \u00a0para \u00a0creerle. \u00a0Recu\u00e9rdese \u00a0que \u00a0ante \u00a0los actos de \u00a0violencia \u00a0indiscriminada \u00a0para \u00a0desplazar \u00a0a \u00a0la subversi\u00f3n, asumir el control \u00a0territorial, \u00a0militar \u00a0y alcanzar el poder pol\u00edtico mediante la intimidaci\u00f3n a \u00a0los \u00a0candidatos \u00a0y \u00a0dirigentes \u00a0partidistas, \u00a0en \u00a0esa \u00a0regi\u00f3n como en otras del \u00a0pa\u00eds, \u00a0no se denunciaban ante las autoridades los actos que afectaban el normal \u00a0desarrollo \u00a0 \u00a0 de \u00a0 \u00a0 las \u00a0 \u00a0 actividades \u00a0 \u00a0pol\u00edticas, \u00a0 \u00a0incluso \u00a0 \u00a0de \u00a0 \u00a0las \u00a0cotidianas. \u00a0\u00a0<\/p>\n<p>Basta \u00a0con \u00a0se\u00f1alar \u00a0los \u00a0casos \u00a0de \u00a0Juana \u00a0Ram\u00edrez \u00a0Bautista, \u00a0que solo en el 2007 hizo p\u00fablicos los hechos que afectaron \u00a0su \u00a0candidatura \u00a0a \u00a0la \u00a0C\u00e1mara \u00a0de \u00a0Representantes en el 2002, y de Luis Ram\u00f3n \u00a0Guerra \u00a0Orozco30 \u00a0director del Hospital Rosario Pumarejo, que hasta ahora cuenta que \u00a0en \u00a0abril \u00a0o \u00a0mayo \u00a0de \u00a02002 \u00a0renuncia \u00a0a \u00a0ese \u00a0cargo \u00a0\u201cporque un grupo ilegal me \u00a0hizo \u00a0subir, \u00a0pienso \u00a0que \u00a0son las autodefensas, me hicieron subir a donde ellos \u00a0ten\u00edan \u00a0su \u00a0centro \u00a0de \u00a0operaci\u00f3n, \u00a0y me presionaban para que yo les diera una \u00a0suma \u00a0alta \u00a0de dinero, suma que l\u00f3gicamente yo no pod\u00eda dar, primero porque yo \u00a0no \u00a0ten\u00eda \u00a0plata, \u00a0segundo porque si les daba plata era convertirme en apoyador \u00a0de ellos\u201d. \u00a0\u00a0<\/p>\n<p>El \u00a0 que \u00a0no \u00a0haya \u00a0hecho \u00a0p\u00fablicas \u00a0las \u00a0verdaderas \u00a0razones \u00a0por \u00a0las cuales no inscrib\u00eda su candidatura, no desvirt\u00faa \u00a0la \u00a0existencia de las mismas ni tampoco le resta valor probatorio a una versi\u00f3n \u00a0que \u00a0por ser coherente, razonable e imparcial con la situaci\u00f3n que se viv\u00eda en \u00a0el \u00a0departamento del Cesar, se presenta confiable para la Sala y le merece total \u00a0credibilidad \u00a0en cuanto a su contenido y a lo que refiere, esto es, la presencia \u00a0paramilitar, \u00a0la \u00a0intervenci\u00f3n en los procesos electorales, la decisi\u00f3n de las \u00a0autodefensas \u00a0de \u00a0prohibir su candidatura y la idea de impulsar la campa\u00f1a para \u00a0votar en blanco por el veto impuesto. \u00a0\u00a0<\/p>\n<p>De ah\u00ed que no merezca ninguna atenci\u00f3n lo \u00a0dicho \u00a0 \u00a0por \u00a0 Edwin \u00a0 Alonso \u00a0 Quintero \u00a0 Riveira31, \u00a0cuando \u00a0manifiesta \u00a0que la \u00a0renuncia \u00a0fue una estrategia pol\u00edtica confesada a \u00e9l por Moreno Panezo. No por \u00a0solitaria \u00a0sino \u00a0porque racionalmente carece de sentido, ya que en los c\u00edrculos \u00a0pol\u00edticos \u00a0corr\u00eda \u00a0el \u00a0rumor que la misma ten\u00eda origen en las amenazas contra \u00a0su \u00a0vida \u00a0y \u00a0la \u00a0de \u00a0su \u00a0familia, y esta es la raz\u00f3n que supuestamente lleva al \u00a0testigo a preguntarle sobre la veracidad del mismo. \u00a0\u00a0<\/p>\n<p>Por lo dem\u00e1s, hubo candidatos a alcald\u00edas \u00a0a \u00a0quienes \u00a0se \u00a0les pidi\u00f3 renunciar a sus candidaturas, caso de Chimichagua, de \u00a0tal \u00a0modo \u00a0que \u00a0la \u00a0versi\u00f3n \u00a0de \u00a0Moreno \u00a0Panezo no es imaginada ni fruto de una \u00a0perversa \u00a0decisi\u00f3n maquiav\u00e9lica para obtener r\u00e9ditos pol\u00edticos en el futuro, \u00a0pues \u00a0encuentra \u00a0respaldo \u00a0procesal \u00a0en \u00a0un \u00a0hecho que se quiere desconocer o se \u00a0pretende \u00a0 \u00a0ignorar \u00a0 \u00a0para \u00a0 \u00a0favorecer \u00a0 \u00a0la \u00a0 \u00a0situaci\u00f3n \u00a0 de \u00a0 MOLINA ARA\u00daJO. \u00a0\u00a0<\/p>\n<p>La \u00a0Sala \u00a0se \u00a0aparta \u00a0de \u00a0la Fiscal\u00eda y el \u00a0Ministerio \u00a0P\u00fablico \u00a0en \u00a0la \u00a0valoraci\u00f3n \u00a0probatoria \u00a0del \u00a0testimonio de Blanco \u00a0Nobles, \u00a0al \u00a0que \u00a0no \u00a0le otorgan credibilidad \u00fanicamente porque\u00a0 negara la \u00a0reuni\u00f3n \u00a0del \u00a012 \u00a0de \u00a0octubre \u00a0en \u00a0la \u00a0cual \u00a0se \u00a0concret\u00f3 \u00a0de manera formal su \u00a0candidatura \u00a0 \u00a0 \u00a0 \u00a0 \u00a0 \u00a0 \u00a0 \u201c\u00fanica\u201d \u00a0a la alcald\u00eda de Chimichagua, bajo el supuesto de que \u00a0su \u00a0popularidad \u00a0habr\u00eda \u00a0llevado \u00a0a \u00a0Antonio \u00a0Efra\u00edn \u00a0Armenta \u00a0a \u00a0declinar \u00a0su \u00a0aspiraci\u00f3n, \u00a0 \u00a0 por \u00a0 \u00a0ser \u00a0 \u00a0un \u00a0 \u00a0\u201cconvenio\u201d \u00a0de \u00a0los dos. \u00a0\u00a0<\/p>\n<p>Con ello, desconocen que Julio Blanco Nobles \u00a0reconoce \u00a0el \u00a0dominio \u00a0paramilitar \u00a0en su municipio que condujo a la renuncia de \u00a0dos \u00a0de \u00a0los \u00a0aspirantes \u00a0y \u00a0luego \u00a0a \u00a0la \u00a0candidatura \u00a0suya, \u00a0presionada con el \u00a0secuestro \u00a0de \u00a0uno \u00a0de sus hermanos. Que hubiera callado o negado la reuni\u00f3n se \u00a0explica \u00a0en \u00a0el \u00a0derecho \u00a0constitucional y legal a no auto incriminarse, pues el \u00a0reconocimiento \u00a0de \u00a0las \u00a0circunstancias \u00a0tal \u00a0como \u00a0fueron \u00a0narradas \u00a0por Moreno \u00a0Panezo, \u00a0hubieran dado origen de inmediato a una averiguaci\u00f3n penal que si a la \u00a0fecha \u00a0 no \u00a0se \u00a0ha \u00a0iniciado, \u00a0se \u00a0dispondr\u00e1 \u00a0en \u00a0esta \u00a0sentencia \u00a0mediante \u00a0la \u00a0compulsaci\u00f3n de las copias pertinentes. \u00a0\u00a0<\/p>\n<p>De \u00a0otro \u00a0lado, \u00a0que la renuncia de Abraham \u00a0Romero \u00a0no \u00a0haya \u00a0sido \u00a0consecuencia \u00a0directa \u00a0de \u00a0esa \u00a0intervenci\u00f3n sino de un \u00a0proceso \u00a0de \u00a0consulta \u00a0interna dentro del partido Liberal al que no se present\u00f3 \u00a0aduciendo \u00a0 \u00a0 \u00a0 falta \u00a0 \u00a0 \u00a0 de \u00a0 \u00a0 \u00a0 garant\u00edas32, o que el atentado a la casa \u00a0de \u00a0su \u00a0compa\u00f1era \u00a0Sonia \u00a0Moscote \u00a0se \u00a0hubiera producido con posterioridad a la \u00a0decisi\u00f3n \u00a0de \u00a0Romero, \u00a0para \u00a0nada \u00a0cambia \u00a0los \u00a0hechos \u00a0que \u00a0dieron origen a un \u00a0candidato \u00a0 \u00a0 \u00a0 \u00a0 \u00a0 \u00a0 \u00a0 \u00a0\u201c\u00fanico\u201d \u00a0no \u00a0s\u00f3lo \u00a0dentro \u00a0de \u00a0esa \u00a0organizaci\u00f3n \u00a0partidista \u00a0sino \u00a0tambi\u00e9n \u00a0en el proceso \u00a0electoral \u00a0que \u00a0culmina \u00a0con \u00a0la \u00a0elecci\u00f3n \u00a0de \u00a0MOLINA \u00a0ARA\u00daJO. \u00a0\u00a0<\/p>\n<p>A \u00a0la Direcci\u00f3n Nacional liberal le llam\u00f3 \u00a0la \u00a0 atenci\u00f3n \u00a0 de \u00a0 la \u00a0candidatura \u00a0\u201c\u00fanica\u201d \u00a0de \u00a0MOLINA \u00a0ARA\u00daJO, a la cual se \u00a0refiere Joaqu\u00edn Jos\u00e9 Vives P\u00e9rez en los siguientes t\u00e9rminos: \u00a0\u00a0<\/p>\n<p>\u201cRecuerdo algo \u00a0sobre \u00a0el \u00a0retiro \u00a0de \u00a0un \u00a0aspirante \u00a0de \u00a0apellido Romero. No valor\u00f3 a fondo la \u00a0Direcci\u00f3n \u00a0como \u00a0cuerpo \u00a0colegiado \u00a0la \u00a0situaci\u00f3n \u00a0de la candidatura \u00fanica de \u00a0MOLINA \u00a0ARA\u00daJO, \u00a0pero \u00a0si \u00a0nos \u00a0pareci\u00f3 \u00a0una \u00a0situaci\u00f3n \u00a0at\u00edpica. Si bien la \u00a0relacionamos \u00a0con \u00a0las \u00a0alteraciones \u00a0de \u00a0orden p\u00fablico de ese departamento con \u00a0fuerte \u00a0presencia guerrillera y de AUC, no relacionamos que el Candidato Liberal \u00a0tuviese \u00a0 ning\u00fan \u00a0 tipo \u00a0 de \u00a0 relaci\u00f3n \u00a0 con \u00a0 alguno \u00a0de \u00a0ellos.\u201d33 \u00a0\u00a0<\/p>\n<p>Finalmente, recu\u00e9rdese que Cristian Moreno \u00a0le \u00a0pidi\u00f3 \u00a0a \u00a0Abraham \u00a0que \u00a0en \u00a0la \u00a0reuni\u00f3n \u00a0con los dirigentes nacionales del \u00a0partido \u00a0 Liberal \u00a0hiciera \u00a0p\u00fablicas \u00a0las \u00a0condiciones \u00a0de \u00a0su \u00a0campa\u00f1a, \u00a0pero \u00a0aqu\u00e9l \u00a0\u00a0<\/p>\n<p>\u201colvid\u00f3 \u00a0mi \u00a0solicitud \u00a0y se concentr\u00f3 solo en llamar la atenci\u00f3n de los desequilibrios que \u00a0el \u00a0partido \u00a0liberal mostraba ante la presencia de dos precandidaturas y adem\u00e1s \u00a0a \u00a0exhortar \u00a0al \u00a0Procurador \u00a0General \u00a0de \u00a0la \u00a0Naci\u00f3n \u00a0en \u00a0el \u00a0sentido de que se \u00a0pronunciara \u00a0sobre \u00a0el \u00a0alcance \u00a0y \u00a0la \u00a0situaci\u00f3n \u00a0que ten\u00eda, el que el se\u00f1or \u00a0MOLINA \u00a0ARA\u00daJO \u00a0con \u00a0quien tiene v\u00ednculos familiares pudiera eventualmente ser \u00a0candidato\u201d. \u00a0\u00a0<\/p>\n<p>En cuanto a las cr\u00edticas que se hacen a la \u00a0versi\u00f3n \u00a0de Alfonso Palacio Ni\u00f1o, de quien Javier Ernesto Ochoa Qui\u00f1ones dijo \u00a0era \u00a0 \u00a0 \u00a0amigo \u00a0 \u00a0 de \u00a0 \u00a0 alias \u00a0 \u00a0 \u201cTolemaida\u201d \u00a0y \u00a0cercano \u00a0 \u00a0al \u00a0 \u00a0ELN34, \u00a0se \u00a0pasa \u00a0por \u00a0alto que en \u00a0materia \u00a0de \u00a0apreciaci\u00f3n \u00a0de \u00a0la \u00a0prueba \u00a0testimonial \u00a0y con observancia de las \u00a0reglas \u00a0de \u00a0la sana cr\u00edtica, adem\u00e1s de la personalidad deben tenerse en cuenta \u00a0el \u00a0contenido \u00a0de \u00a0la \u00a0declaraci\u00f3n, \u00a0la \u00a0naturaleza \u00a0del objeto percibido y las \u00a0circunstancias \u00a0de tiempo, modo y lugar en que percibi\u00f3 los hechos, de modo tal \u00a0que \u00a0el \u00a0cuestionamiento \u00a0por \u00a0ese s\u00f3lo hecho resulta insuficiente para negarle \u00a0valor probatorio. \u00a0\u00a0<\/p>\n<p>De \u00a0otro lado, el testigo se ha referido al \u00a0hecho \u00a0probado \u00a0de \u00a0la \u00a0intervenci\u00f3n \u00a0de \u00a0las \u00a0autodefensas en la pol\u00edtica del \u00a0departamento, \u00a0mostrando \u00a0una \u00a0imparcialidad \u00a0frente \u00a0al \u00a0momento pol\u00edtico y lo \u00a0declarado, \u00a0pues \u00a0frente \u00a0a la insistencia de la defensa porque concretara si el \u00a0doctor \u00a0 \u00a0 \u00a0 MOLINA \u00a0 \u00a0 \u00a0ARA\u00daJO \u00a0 \u00a0 \u00a0incidi\u00f3 \u00a0directamente \u00a0en la renuncia de Moreno Panezo se limit\u00f3 a \u00a0responder que: \u00a0\u00a0<\/p>\n<p>\u201che dicho que \u00a0los \u00a0paramilitares actuaban y actuaron\u00a0 presionando de manera directa ellos \u00a0como \u00a0grupo \u00a0delincuencial armado, a electores y habitantes, si bien es cierto y \u00a0es \u00a0claro que el accionar de estos grupos beneficia a alguien pol\u00edticamente, no \u00a0puedo \u00a0 decir \u00a0 o \u00a0 afirmar \u00a0que \u00a0candidato \u00a0alguno \u00a0lo \u00a0haya \u00a0hecho \u00a0de \u00a0manera \u00a0directa\u201d35. \u00a0\u00a0<\/p>\n<p>Y \u00a0si \u00a0bien \u00a0es cierto, que a la Direcci\u00f3n \u00a0Liberal \u00a0Nacional \u00a0no lleg\u00f3 en su oportunidad ninguna denuncia de v\u00ednculos del \u00a0doctor \u00a0MOLINA \u00a0ARA\u00daJO \u00a0con \u00a0organizaciones \u00a0armadas \u00a0ilegales, \u00a0esta circunstancia no revela su ajenidad con \u00a0los \u00a0hechos, \u00a0como \u00a0tampoco \u00a0el \u00a0aval \u00a0otorgado \u00a0por \u00a0el \u00a0partido constitu\u00eda un \u00a0blindaje36 \u00a0para \u00a0una \u00a0alianza \u00a0ilegal \u00a0como \u00a0la \u00a0que \u00a0se \u00a0cuestiona \u00a0en \u00a0este \u00a0proceso. \u00a0\u00a0<\/p>\n<p>Ahora bien, la campa\u00f1a abierta por el voto \u00a0en \u00a0 \u00a0blanco \u00a0 \u00a0propiciada \u00a0 por \u00a0 algunos \u00a0 dirigentes \u00a0 pol\u00edticos37 \u00a0 \u00a0para \u00a0oponerse \u00a0 \u00a0a \u00a0 \u00a0la \u00a0 \u00a0candidatura \u00a0 \u00a0\u201c\u00fanica\u201d \u00a0de \u00a0MOLINA \u00a0ARA\u00daJO, \u00a0adem\u00e1s de \u00a0mostrar \u00a0que \u00a0hubo libertad en los comicios como lo insiste la defensa, tambi\u00e9n \u00a0evidencia \u00a0que \u00a0la \u00a0presi\u00f3n y la intimidaci\u00f3n -lo m\u00e1s importante- se ejerci\u00f3 \u00a0contra \u00a0los \u00a0candidatos \u00a0o \u00a0dirigentes pol\u00edticos seg\u00fan lo que se ha dicho y no \u00a0contra la poblaci\u00f3n del Cesar. \u00a0\u00a0<\/p>\n<p>De \u00a0ah\u00ed, \u00a0que \u00a0independientemente \u00a0de \u00a0las \u00a0razones \u00a0 que \u00a0finalmente \u00a0hayan \u00a0motivado \u00a0a \u00a071.085 \u00a0sufragantes \u00a0a \u00a0votar \u00a0en \u00a0blanco38, \u00a0lo \u00a0cierto \u00a0es que a los aspirantes fue a quienes se les impidi\u00f3 \u00a0ser \u00a0candidatos, \u00a0de \u00a0modo \u00a0tal \u00a0que \u00a0ante la falta de opciones electorales y no \u00a0pol\u00edticas, \u00a0 el \u00a0 beneficiado \u00a0 no \u00a0 fue \u00a0 otro \u00a0 que \u00a0 el \u00a0mismo \u00a0MOLINA \u00a0ARA\u00daJO \u00a0no por circunstancias del \u00a0azar sino como resultado de su compromiso con las autodefensas. \u00a0\u00a0<\/p>\n<p>Por \u00a0lo \u00a0dem\u00e1s, Cristian Moreno Panezo fue \u00a0obligado \u00a0a \u00a0retirarse \u00a0del \u00a0proceso electoral con lo cual se neg\u00f3 su derecho a \u00a0ser \u00a0candidato \u00a0y \u00a0a \u00a0los \u00a0sufragantes el de elegirlo o votar por \u00e9l; luego del \u00a0hecho \u00a0que \u00a0la \u00a0poblaci\u00f3n no fuera presionada a votar por determinado candidato \u00a0no \u00a0se \u00a0infiere \u00a0que \u00a0las \u00a0autodefensas \u00a0hubiesen \u00a0sido \u00a0ajenas a la candidatura \u00a0\u201c\u00fanica\u201d \u00a0de \u00a0MOLINA \u00a0ARA\u00daJO. \u00a0\u00a0<\/p>\n<p>La \u00a0defensa \u00a0le atribuye a las encuestas un \u00a0alcance \u00a0que \u00a0no \u00a0tienen, \u00a0cuando \u00a0se \u00a0vale de ellas para afirmar que las mismas \u00a0demuestran \u00a0que \u00a0las \u00a0elecciones fueron libres, olvidando que lo que muestran es \u00a0una \u00a0intenci\u00f3n \u00a0de \u00a0quienes participaron en las mismas, una opini\u00f3n que en s\u00ed \u00a0misma es aleatoria y nada m\u00e1s. \u00a0\u00a0<\/p>\n<p>Finalmente, \u00a0por regla general los acuerdos \u00a0con \u00a0los \u00a0grupos \u00a0ilegales son ocultos y resulta dif\u00edcil por no decir imposible \u00a0obtener \u00a0prueba que los pueda documentar, pues quienes hacen parte de los mismos \u00a0buscan \u00a0que \u00a0se \u00a0mantengan \u00a0clandestinos \u00a0y \u00a0la \u00a0opini\u00f3n p\u00fablica no conozca de \u00a0ellos, \u00a0pero \u00a0esa dificultad en obtener prueba directa derivada de la naturaleza \u00a0del \u00a0concierto \u00a0no \u00a0impide \u00a0que \u00a0por v\u00eda de inferencia se d\u00e9 por demostrada su \u00a0existencia. \u00a0\u00a0<\/p>\n<p>Sin \u00a0 equivocaci\u00f3n, \u00a0 la \u00a0 candidatura \u00a0\u201c\u00fanica\u201d \u00a0 \u00a0 del \u00a0 \u00a0 doctor \u00a0 \u00a0 MOLINA \u00a0ARA\u00daJO \u00a0y su posterior elecci\u00f3n a \u00a0la \u00a0Gobernaci\u00f3n del Cesar no fue el resultado de consensos partidistas o de una \u00a0expresi\u00f3n \u00a0democr\u00e1tica, \u00a0sino \u00a0una \u00a0decisi\u00f3n \u00a0originada \u00a0en \u00a0los \u00a0acuerdos \u00a0y \u00a0compromisos \u00a0con \u00a0el \u00a0bloque Norte de las autodefensas liderado por \u201cJorge \u00a0 \u00a0 \u00a0 Cuarenta\u201d, \u00a0que \u00a0se \u00a0evidencia \u00a0con \u00a0el obligado \u00a0retiro \u00a0de \u00a0la aspiraci\u00f3n de Cristian Moreno a ese cargo de elecci\u00f3n popular y \u00a0los \u00a0hechos \u00a0de \u00a0Chimichagua, \u00a0cuya \u00a0importancia \u00a0probatoria \u00a0niega la defensa a \u00a0partir de sus propios intereses. \u00a0\u00a0<\/p>\n<p>A \u00a0HERNANDO MOLINA \u00a0ARA\u00daJO \u00a0tambi\u00e9n \u00a0se \u00a0le \u00a0atribuye \u00a0ser miembro de la \u00a0organizaci\u00f3n \u00a0paramilitar dirigida por \u201cJorge \u00a0 \u00a0 \u00a0 \u00a0Cuarenta\u201d, \u00a0de \u00a0acuerdo con una cantidad de escritos an\u00f3nimos que desde 2002 \u00a0han \u00a0sido \u00a0dirigidos \u00a0a distintas autoridades bajo los nombres de Juan Guillermo \u00a0Rodr\u00edguez \u00a0 \u00a0 \u00a0 \u00a0 \u00a0 \u00a0 \u00a0 \u00a0 \u00a0 G\u00f3mez39 \u00a0 \u00a0 \u00a0 \u00a0 Catalina \u00a0 \u00a0 \u00a0 Acevedo \u00a0 \u00a0 \u00a0Moncada40, \u00a0 \u00a0 Alfonso \u00a0 \u00a0 D\u00e1vila \u00a0Gonz\u00e1lez41, \u00a0 \u00a0 \u00a0 Ana \u00a0 \u00a0 \u00a0 Mora \u00a0 \u00a0 \u00a0 Arias42, \u00a0 \u00a0 Alicia \u00a0 \u00a0 Gordillo \u00a0P\u00e9rez43, \u00a0Juan \u00a0Jos\u00e9 \u00a0Toloza Santos, Humberto Porto Ariza y Blanca Badillo \u00a0Ca\u00f1as44. \u00a0\u00a0<\/p>\n<p>Se \u00a0 dice \u00a0 en \u00a0 ellos \u00a0que \u00a0\u201cHERNANDO \u00a0 \u00a0 \u00a0MOLINA \u00a0 \u00a0se \u00a0 \u00a0salio \u00a0 \u00a0del \u00a0 monte \u00a0 para \u00a0 ser \u00a0 gobernador\u2026 \u00a0es \u00a0un \u00a0paramilitar \u00a0disfrazado \u00a0de \u00a0pol\u00edtico\u201d; \u00a0\u201c\u2026 hacia \u00a0parte \u00a0de \u00a0las \u00a0AUC; \u00a0portaba \u00a0arma, \u00a0uniforme \u00a0y era conocido como \u201cComandante \u00a0 \u00a0 Mech\u00f3n\u201d \u00a0dentro \u00a0de \u00a0la \u00a0organizaci\u00f3n; luego \u00a0sali\u00f3 \u00a0de \u00a0las \u00a0filas \u00a0por \u00a0ordenes \u00a0de \u00a0su \u00a0madre \u00a0la desaparecida ex ministra \u00a0Consuelo \u00a0 \u00a0 \u00a0 Ara\u00fajo \u00a0 \u00a0 \u00a0Noguera\u201d45. \u00a0\u00a0<\/p>\n<p>En \u00a0relaci\u00f3n \u00a0con esa precisa imputaci\u00f3n, \u00a0como \u00a0prueba \u00a0de \u00a0cargo \u00a0fueron \u00a0escuchados \u00a0Luz \u00a0Marina \u00a0Gnecco Pla46, Jorge Luis \u00a0Hern\u00e1ndez \u00a0 \u00a0 Villaz\u00f3n \u00a0 \u00a0alias \u00a0 \u00a0\u201cBoliche\u201d \u00a0y \u00a0Augusto Guillermo De Hoyos Guti\u00e9rrez. \u00a0\u00a0<\/p>\n<p>La \u00a0Sala encuentra que la prueba en torno a \u00a0ella \u00a0es \u00a0precaria, \u00a0por \u00a0varias \u00a0razones. \u00a0Los \u00a0hechos referidos por Luz Marina \u00a0Gnecco \u00a0guardan \u00a0relaci\u00f3n \u00a0con \u00a0su \u00a0secuestro \u00a0ocurrido \u00a0en \u00a0Curuman\u00ed \u00a0el 6 de \u00a0diciembre \u00a0de \u00a02006, \u00a0en \u00a0el \u00a0cual \u00a0sus \u00a0autores habr\u00edan utilizado un veh\u00edculo \u00a0adscrito \u00a0a \u00a0la \u00a0Gobernaci\u00f3n \u00a0de \u00a0Cesar \u00a0para \u00a0movilizarla, \u00a0lo \u00a0cual seg\u00fan el \u00a0Subintendente \u00a0Jorge \u00a0Eli\u00e9cer \u00a0Bravo \u00a0L\u00f3pez \u00a0no ha sido confirmado47. \u00a0\u00a0<\/p>\n<p>Adem\u00e1s es una testigo de o\u00eddas, ya que la \u00a0fuente \u00a0de \u00a0su \u00a0conocimiento \u00a0acerca \u00a0de los probables v\u00ednculos de MOLINA \u00a0 ARA\u00daJO \u00a0 con \u00a0las \u00a0autodefensas \u00a0proviene \u00a0de \u00a0terceros \u00a0que la desmienten, como es el caso de Luis Ram\u00f3n Guerra \u00a0Orozco \u00a0que \u00a0niega haberlo visto en el lugar al que tuvo que ir a hablar con las \u00a0paramilitares48 \u00a0y \u00a0porque \u00a0para \u00a0esa \u00a0fecha -abril o mayo de 2002- el procesado se \u00a0encontraba fuera del pa\u00eds. \u00a0\u00a0<\/p>\n<p>Igualmente \u00a0Jorge Luis Hern\u00e1ndez Villaz\u00f3n \u00a0tampoco \u00a0confirma \u00a0la \u00a0versi\u00f3n \u00a0de la Gnecco Pla, acerca del supuesto env\u00edo de \u00a0unos \u00a0 dineros \u00a0 de \u00a0 los \u00a0 paramilitares \u00a0 a \u00a0 MOLINA \u00a0ARA\u00daJO, \u00a0 para \u00a0 \u00a0por \u00a0 \u00a0su \u00a0 intermedio \u00a0 y \u00a0 por \u00a0 orden \u00a0 de \u00a0 \u201cJorge \u00a0 \u00a0 \u00a0 Cuarenta\u201d \u00a0comprar unos helic\u00f3pteros robados en \u00a0el vecino pa\u00eds de Panam\u00e1. \u00a0\u00a0<\/p>\n<p>Por \u00a0 su \u00a0parte, \u00a0Jorge \u00a0Luis \u00a0Hern\u00e1ndez \u00a0Villaz\u00f3n49 \u00a0protegido \u00a0por \u00a0las autoridades norteamericanas, en la accidentada \u00a0diligencia \u00a0de \u00a0Miami \u00a0tild\u00f3 \u00a0de \u00a0paramilitar a MOLINA \u00a0ARA\u00daJO \u00a0 e \u00a0 incluso \u00a0 conforme \u00a0 al \u00a0 acta \u00a0 de \u00a0la \u00a0misma50, \u00a0le \u00a0manifest\u00f3 al abogado del acusado que estaba defendiendo a un \u00a0paramilitar; \u00a0 sin \u00a0 embargo, \u00a0 estas \u00a0 manifestaciones \u00a0 generales \u00a0 no \u00a0fueron \u00a0acompa\u00f1adas \u00a0de \u00a0ning\u00fan elemento de juicio, del cual pueda inferirse la raz\u00f3n \u00a0de su dicho. \u00a0\u00a0<\/p>\n<p>Aunque \u00a0 Hern\u00e1ndez \u00a0 Villaz\u00f3n \u00a0 alias \u00a0\u201cBoliche\u201d \u00a0tuvo \u00a0tratos \u00a0con Salvatore Mancuso y \u00a0fue \u00a0protegido \u00a0por \u00a0\u201cJorge \u00a0Cuarenta\u201d, cuando aqu\u00e9l lo \u00a0buscaba \u00a0 para \u00a0 arreglar \u00a0 algunas \u00a0 cuentas \u00a0 por \u00a0 dineros \u00a0provenientes \u00a0del \u00a0narcotr\u00e1fico, \u00a0 \u00a0en \u00a0 la \u00a0 grabaci\u00f3n \u00a0 que \u00a0 MOLINA \u00a0ARA\u00daJO \u00a0aport\u00f3 al proceso, en la cual conversan \u00e9l, \u00a0Luz \u00a0 \u00a0 \u00a0Marina \u00a0 \u00a0 y \u00a0 \u00a0 alias \u00a0 \u00a0 \u201cBoliche\u201d, \u00a0\u00e9ste \u00a0niega \u00a0que \u00a0tuviesen \u00a0alguna \u00a0relaci\u00f3n \u00a0o que conociera de sus probables \u00a0v\u00ednculos \u00a0 con \u00a0 \u201cJorge \u00a0Cuarenta\u201d. \u00a0\u00a0<\/p>\n<p>Adicionalmente \u00a0 \u00a0alias \u00a0 \u00a0\u201cBoliche\u201d hace parte del programa de protecci\u00f3n \u00a0a \u00a0testigos \u00a0en \u00a0los Estados Unidos desde el 2001, \u00e9poca para la cual seg\u00fan el \u00a0proceso \u00a0MOLINA \u00a0ARA\u00daJO \u00a0se \u00a0encontraba \u00a0fuera \u00a0del \u00a0pa\u00eds \u00a0en \u00a0el servicio diplom\u00e1tico, de modo que es poco \u00a0probable \u00a0 o \u00a0por \u00a0lo \u00a0menos \u00a0dudoso \u00a0que \u00a0Hern\u00e1ndez \u00a0Villaz\u00f3n \u00a0conociese \u00a0sus \u00a0actividades, \u00a0pues \u00a0ning\u00fan v\u00ednculo los un\u00eda distinto al de ser ambos oriundos \u00a0de Valledupar. \u00a0\u00a0<\/p>\n<p>Al \u00a0juicio \u00a0se \u00a0aport\u00f3 \u00a0la declaraci\u00f3n de \u00a0Augusto \u00a0 \u00a0Guillermo \u00a0 \u00a0de \u00a0 \u00a0Hoyos \u00a0 \u00a0Guti\u00e9rrez51, \u00a0en \u00a0la \u00a0cual \u00a0se\u00f1ala \u00a0que \u00a0MOLINA ARA\u00daJO era una de las \u00a0personas \u00a0 \u00a0 que \u00a0 \u00a0hac\u00eda \u00a0 \u00a0parte \u00a0 \u00a0de \u00a0 \u00a0la \u00a0 \u00a0organizaci\u00f3n \u00a0 \u00a0\u201cen \u00a0las \u00a0finanzas \u00a0y apoyo\u201d. \u00a0\u00a0<\/p>\n<p>No es nuevo el comportamiento del testigo De \u00a0Hoyos \u00a0Guti\u00e9rrez de modificar su versi\u00f3n ofrecida en la audiencia p\u00fablica, en \u00a0la \u00a0 cual \u00a0 sostuvo \u00a0 que \u00a0MOLINA \u00a0ARA\u00daJO \u00a0despu\u00e9s \u00a0de \u00a0elegido \u00a0se \u00a0reun\u00eda con frecuencia con \u201cJorge \u00a0 \u00a0 \u00a0 Cuarenta\u201d \u00a0y \u00a0que \u00a0en compa\u00f1\u00eda de \u201cJimmy\u201d \u00a0 \u00a0 fue \u00a0 \u00a0a \u00a0 \u00a0buscarlo \u00a0 \u00a0a \u00a0 \u00a0la \u00a0Gobernaci\u00f3n52. \u00a0\u00a0<\/p>\n<p>Y \u00a0si \u00a0bien \u00a0la Sala ha sostenido de tiempo \u00a0atr\u00e1s \u00a0que \u00a0frente \u00a0a \u00a0la \u00a0retractaci\u00f3n \u00a0del \u00a0testigo se impone determinar los \u00a0motivos \u00a0que \u00a0dieron \u00a0lugar a ella, con el prop\u00f3sito de establecer cu\u00e1l de las \u00a0dos \u00a0versiones \u00a0resulta \u00a0atendible, \u00a0tal \u00a0tesis no aplica en este caso porque su \u00a0declaraci\u00f3n \u00a0no \u00a0resulta \u00a0atendible \u00a0por \u00a0las \u00a0contradicciones \u00a0que encierra en \u00a0aspectos sustanciales. \u00a0\u00a0<\/p>\n<p>Ha sido costumbre y norma de comportamiento \u00a0del \u00a0testigo retractarse de las declaraciones judiciales que ha rendido en otros \u00a0procesos53, \u00a0como \u00a0puede apreciarse en lo manifestado inicialmente a la Fiscal \u00a07 de la Unidad Uri de Valledupar al pedir la condena de: \u00a0\u00a0<\/p>\n<p>\u201cLUIS OMAR por \u00a0que \u00a0ese \u00a0es \u00a0un \u00a0miembro \u00a0de \u00a0autodefensas \u00a0segundo \u00a0comandante \u00a0que le sigue a \u00a0\u201cJIMMY\u201d \u00a0al \u00a0mando y en varias oportunidades \u00a0me \u00a0 manifest\u00f3 \u00a0 que \u00a0 me \u00a0 uniera \u00a0 al \u00a0 grupo \u00a0 pero \u00a0 me \u00a0negu\u00e9\u201d54. \u00a0\u00a0<\/p>\n<p>Luego, \u00a0 en \u00a0 escrito \u00a0dirigido \u00a0en \u00a0esta \u00a0oportunidad \u00a0a \u00a0la \u00a0Fiscal \u00a0S\u00e9ptima Especializada que conoc\u00eda de la actuaci\u00f3n \u00a0expresa que: \u00a0\u00a0<\/p>\n<p>\u201cen \u00a0varias \u00a0oportunidades \u00a0he \u00a0llegado \u00a0hasta su oficina en forma voluntaria para declarar y \u00a0no \u00a0he \u00a0sido \u00a0atendido, porque quiero aclarar que inducido por la polic\u00eda y con \u00a0la \u00a0promesa de darme dinero y hacer parte del programa de protecci\u00f3n de testigo \u00a0de \u00a0la \u00a0fiscal\u00eda, \u00a0declar\u00e9 que el se\u00f1or LUIS OMAR QUINTERO hacia parte de las \u00a0autodefensas \u00a0y \u00a0que \u00a0era \u00a0quien \u00a0comet\u00eda homicidios por orden de ese grupo, lo \u00a0cual \u00a0 \u00a0 es \u00a0 \u00a0 totalmente \u00a0 \u00a0 falso\u201d55. \u00a0\u00a0<\/p>\n<p>En esa oportunidad como en este proceso, las \u00a0razones \u00a0aducidas \u00a0para \u00a0la \u00a0retractaci\u00f3n siempre han sido las mismas. Pero con \u00a0independencia \u00a0de \u00a0su \u00a0seriedad \u00a0o \u00a0no, \u00a0se advierte que por el objeto al que se \u00a0refiere \u00a0la declaraci\u00f3n su testimonio no merece credibilidad, porque los hechos \u00a0que \u00a0narra \u00a0relacionados \u00a0con \u00a0lo \u00a0ocurrido el d\u00eda de las elecciones no guardan \u00a0ninguna \u00a0l\u00f3gica, \u00a0al \u00a0hablar de un supuesto escrutinio parcial hacia las dos de \u00a0la \u00a0tarde \u00a0que \u00a0le \u00a0habr\u00eda permitido a \u201cJorge \u00a0 \u00a0 \u00a0 \u00a0Cuarenta\u201d \u00a0enterarse \u00a0que el voto en blanco iba ganando y adoptar las medidas \u00a0para \u00a0 \u00a0 garantizar \u00a0 \u00a0el \u00a0 \u00a0triunfo \u00a0 \u00a0de \u00a0 \u00a0MOLINA \u00a0ARA\u00daJO. \u00a0\u00a0<\/p>\n<p>Lo mismo ocurre con las supuestas reuniones \u00a0de\u00a0 \u00a0 \u00a0 \u00a0MOLINA \u00a0ARA\u00daJO \u00a0con el jefe paramilitar en el 2001, a\u00f1o para \u00a0el \u00a0cual el procesado se encontraba fuera del pa\u00eds, o las acaecidas en enero de \u00a02004 \u00a0despu\u00e9s \u00a0de \u00a0su \u00a0elecci\u00f3n, \u00a0cuando \u00a0la descripci\u00f3n f\u00edsica hecha por De \u00a0Hoyos \u00a0 Guti\u00e9rrez \u00a0 no \u00a0 coincide \u00a0 con \u00a0las \u00a0caracter\u00edsticas \u00a0personales \u00a0del \u00a0mencionado, \u00a0de \u00a0modo \u00a0tal \u00a0que \u00a0es posible concluir que el testigo no conociera \u00a0personalmente al acusado. \u00a0\u00a0<\/p>\n<p>En punto a la apreciaci\u00f3n y al valor de la \u00a0prueba \u00a0testimonial, \u00a0resulta \u00a0insuficiente \u00a0la menci\u00f3n de un nombre o un alias \u00a0para \u00a0con \u00a0fundamento \u00a0en \u00a0\u00e9l \u00a0establecer \u00a0su veracidad, pues la Fiscal\u00eda y el \u00a0Ministerio \u00a0P\u00fablico \u00a0consideran \u00a0cre\u00edble \u00a0la versi\u00f3n a pesar de las numerosas \u00a0contradicciones \u00a0 que \u00a0 contiene, \u00a0 por \u00a0el \u00a0hecho \u00a0De \u00a0Hoyos \u00a0Guti\u00e9rrez \u00a0haber \u00a0manifestado \u00a0 \u00a0que \u00a0 \u00a0estuvo \u00a0 \u00a0bajo \u00a0 \u00a0el \u00a0 \u00a0mando \u00a0 \u00a0de \u00a0 alias \u00a0 \u201cJimmy\u201d, \u00a0persona \u00a0que \u00a0tambi\u00e9n es mencionada \u00a0por Palacio Ni\u00f1o. \u00a0\u00a0<\/p>\n<p>En esas condiciones, el \u00fanico cargo por el \u00a0cual \u00a0habr\u00e1 \u00a0de \u00a0responder penalmente el doctor MOLINA \u00a0ARA\u00daJO se contrae al de promocionar grupos armados al \u00a0margen de la ley conforme se ha dicho. \u00a0\u00a0<\/p>\n<p>Adem\u00e1s, como quiera que la Sala tampoco le \u00a0da \u00a0credibilidad al dicho de Augusto Guillermo De Hoyos Guti\u00e9rrez, en relaci\u00f3n \u00a0con \u00a0el \u00a0supuesto \u00a0motivo que lo llev\u00f3 a retractarse ante un juez penal militar \u00a0de \u00a0la \u00a0versi\u00f3n \u00a0rendida \u00a0en \u00a0este \u00a0juicio, espec\u00edficamente, el ofrecimiento y \u00a0recepci\u00f3n \u00a0de \u00a0una \u00a0suma \u00a0de dinero para que desdibujara los se\u00f1alamientos que \u00a0concret\u00f3 \u00a0inicialmente \u00a0respecto \u00a0del \u00a0aqu\u00ed \u00a0acusado, \u00a0resulta \u00a0innecesaria la \u00a0compulsaci\u00f3n \u00a0de \u00a0copias \u00a0solicitada \u00a0por la Fiscal\u00eda y el Ministerio P\u00fablico \u00a0para \u00a0que \u00a0se \u00a0investigue \u00a0a \u00a0los \u00a0profesionales \u00a0del derecho que, conforme a lo \u00a0informado \u00a0 \u00a0por \u00a0 \u00a0el \u00a0 \u00a0ciudadano \u00a0 \u00a0mencionado, \u00a0 concretaron \u00a0 tal \u00a0 promesa \u00a0remuneratoria. \u00a0\u00a0<\/p>\n<p>De \u00a0manera consecuente, como es posible que \u00a0De \u00a0Hoyos \u00a0Guti\u00e9rrez hubiere faltado a la verdad en su segunda salida procesal, \u00a0necesario \u00a0se \u00a0ofrece \u00a0que \u00a0se disponga lo pertinente para que se investigue tal \u00a0conducta. \u00a0\u00a0<\/p>\n<p>4. Sentido de la decisi\u00f3n. \u00a0<\/p>\n<p>Para adoptar la decisi\u00f3n, la Sala tiene en \u00a0cuenta \u00a0las previsiones del art\u00edculo 232 de la ley 600 de 2000 conforme con las \u00a0cuales \u00a0\u201cToda providencia \u00a0debe \u00a0fundarse \u00a0en \u00a0pruebas \u00a0legal, \u00a0regular \u00a0y \u00a0oportunamente \u00a0allegadas \u00a0a \u00a0la \u00a0actuaci\u00f3n,\u201d \u00a0 y \u00a0 que \u00a0\u201cNo \u00a0se \u00a0podr\u00e1 \u00a0dictar \u00a0sentencia \u00a0condenatoria \u00a0sin \u00a0que \u00a0obre \u00a0en \u00a0el proceso prueba que conduzca a la \u00a0certeza \u00a0 \u00a0de \u00a0 \u00a0la \u00a0 \u00a0conducta \u00a0 \u00a0punible \u00a0 y \u00a0 de \u00a0 la \u00a0 responsabilidad \u00a0 del \u00a0procesado.\u201d. \u00a0\u00a0<\/p>\n<p>De \u00a0acuerdo \u00a0con \u00a0la norma citada, para que \u00a0pueda \u00a0proferirse un fallo de tal naturaleza se requiere no solo que la conducta \u00a0punible \u00a0por la cual se ha formulado acusaci\u00f3n se encuentre probada en grado de \u00a0certeza sino tambi\u00e9n la responsabilidad del enjuiciado. \u00a0\u00a0<\/p>\n<p>Por \u00a0lo dicho se concluye, con certeza, que \u00a0el \u00a0 doctor \u00a0 HERNANDO \u00a0 MOLINA \u00a0 ARA\u00daJO \u00a0se \u00a0concert\u00f3 \u00a0con \u00a0la \u00a0finalidad \u00a0de \u00a0promover un grupo armado al \u00a0margen \u00a0 \u00a0 de \u00a0 \u00a0 la \u00a0 \u00a0ley, \u00a0 \u00a0pues \u00a0 \u00a0con \u00a0 \u00a0su \u00a0 \u00a0candidatura \u00a0 \u00a0\u201c\u00fanica\u201d \u00a0a la Gobernaci\u00f3n de Cesar en octubre \u00a0de \u00a02003 \u00a0logr\u00f3 \u00a0el \u00a0posicionamiento del proyecto pol\u00edtico del bloque Norte de \u00a0las \u00a0autodefensas \u00a0con \u00a0la \u00a0asunci\u00f3n del cargo de Gobernador mediante elecci\u00f3n \u00a0popular, \u00a0conforme \u00a0ha \u00a0quedado demostrado en esta sentencia. As\u00ed las cosas, se \u00a0proferir\u00e1 \u00a0fallo \u00a0de \u00a0condena \u00a0como autor responsable de la conducta punible de \u00a0promover organizaciones armadas al margen de la ley. \u00a0\u00a0<\/p>\n<p>5. De la Punibilidad. \u00a0<\/p>\n<p>La \u00a0formulaci\u00f3n original del art\u00edculo 340 \u00a0inciso \u00a02\u00ba \u00a0de \u00a0la \u00a0Ley \u00a0599 \u00a0de \u00a02000, aplicable a la situaci\u00f3n jur\u00eddica del \u00a0doctor \u00a0MOLINA ARA\u00daJO, prev\u00e9 \u00a0una \u00a0pena \u00a0de \u00a0seis (6) a doce (12) a\u00f1os de prisi\u00f3n y multa de dos mil (2.000) \u00a0hasta \u00a0 veinte \u00a0mil \u00a0(20.000) \u00a0salarios \u00a0m\u00ednimos \u00a0legales \u00a0mensuales \u00a0vigentes. \u00a0\u00a0<\/p>\n<p>En \u00a0aras de especificar la sanci\u00f3n penal a \u00a0imponer \u00a0al \u00a0acusado, \u00a0deben \u00a0tenerse en cuenta los par\u00e1metros se\u00f1alados en el \u00a0art\u00edculo \u00a061 \u00a0del C\u00f3digo Penal relacionados con la naturaleza y gravedad de la \u00a0conducta, \u00a0como categor\u00edas que expresan la antijuridicidad del comportamiento y \u00a0la \u00a0dimensi\u00f3n \u00a0del \u00a0injusto, \u00a0necesarias \u00a0en \u00a0orden \u00a0a \u00a0brindar \u00a0una \u00a0respuesta \u00a0proporcional a la agresi\u00f3n causada. \u00a0\u00a0<\/p>\n<p>\u00a0 \u00a0\u00a0 \u00a0\u00a0 \u00a0\u00a0En \u00a0atenci\u00f3n \u00a0a que en la resoluci\u00f3n de acusaci\u00f3n no se dedujeron \u00a0agravantes \u00a0de \u00a0ninguna \u00a0naturaleza, \u00a0la \u00a0pena \u00a0a \u00a0imponer \u00a0oscilar\u00e1 \u00a0entre los \u00a0par\u00e1metros \u00a0de los setenta y dos (72) a los noventa (90) meses de prisi\u00f3n, que \u00a0corresponden a los l\u00edmites del primer cuarto punitivo. \u00a0\u00a0<\/p>\n<p>En este punto, necesario se ofrece precisar \u00a0que \u00a0si \u00a0bien \u00a0en \u00a0las \u00a0providencias \u00a0por cuyo medio se analiz\u00f3 el asunto de la \u00a0libertad \u00a0provisional \u00a0del \u00a0acusado, \u00a0se \u00a0se\u00f1al\u00f3 \u00a0que, \u00a0en \u00a0caso \u00a0de sentencia \u00a0condenatoria, \u00a0la sanci\u00f3n corporal que eventualmente se le impondr\u00eda ser\u00eda la \u00a0m\u00ednima \u00a0prevista \u00a0en \u00a0el inciso 2\u00ba del art\u00edculo 340 del C\u00f3digo Penal para el \u00a0delito \u00a0de \u00a0concierto \u00a0para \u00a0delinquir \u00a0agravado \u00a0en la modalidad de promover un \u00a0grupo \u00a0armado ilegal, vale decir, seis (6) a\u00f1os o, lo que es lo mismo setenta y \u00a0dos \u00a0(72) meses de prisi\u00f3n, tal criterio contaba con plena vigencia en el marco \u00a0de \u00a0dicho \u00a0estudio, \u00a0con \u00a0un \u00a0car\u00e1cter \u00a0hipot\u00e9tico y \u00a0provisional. Ahora, el ejercicio de individualizaci\u00f3n \u00a0de \u00a0 la \u00a0 sanci\u00f3n \u00a0 tiene \u00a0una \u00a0propensi\u00f3n \u00a0real \u00a0y \u00a0definitiva \u00a0que \u00a0no puede encontrarse atada, en medida \u00a0alguna, al referido razonamiento. \u00a0\u00a0<\/p>\n<p>Planteado \u00a0de otra forma, el estudio que en \u00a0su \u00a0momento \u00a0se \u00a0efectu\u00f3 en torno al factor objetivo requerido para conceder la \u00a0libertad \u00a0provisional, \u00a0conforme a la causal segunda del art\u00edculo 365 de la Ley \u00a0600 \u00a0de \u00a02000, \u00a0no \u00a0vincula \u00a0el \u00a0criterio de la Corte en el marco del proceso de \u00a0precisi\u00f3n \u00a0de \u00a0la \u00a0sanci\u00f3n \u00a0principal, \u00a0en \u00a0tanto aqu\u00e9l se desprendi\u00f3 de una \u00a0contingencia y no de una certeza. \u00a0\u00a0<\/p>\n<p>As\u00ed \u00a0las cosas, la Sala, ubic\u00e1ndose en el \u00a0\u00e1mbito \u00a0referido \u00a0y \u00a0consultando \u00a0la \u00a0norma que viene de mencionarse (art\u00edculo \u00a061), \u00a0estima \u00a0que \u00a0la pena a imponer ser\u00e1 el m\u00e1ximo establecido para el cuarto \u00a0m\u00ednimo, \u00a0 es \u00a0 decir, \u00a0 NOVENTA \u00a0 (90) \u00a0 MESES \u00a0 DE \u00a0PRISI\u00d3N, \u00a0monto \u00a0que se compadece con la gravedad del \u00a0comportamiento \u00a0en \u00a0concreto, no s\u00f3lo por su expresi\u00f3n objetiva, sino tambi\u00e9n \u00a0por \u00a0la \u00a0intensidad \u00a0del \u00a0dolo \u00a0que \u00a0se \u00a0manifiesta \u00a0en \u00a0el hecho consistente en \u00a0concertarse, \u00a0de \u00a0manera \u00a0voluntaria, \u00a0en \u00a0la \u00a0promoci\u00f3n \u00a0de grupos armados que \u00a0operan \u00a0en \u00a0la \u00a0ilegalidad \u00a0y, \u00a0por \u00a0ende, \u00a0al \u00a0margen \u00a0de la institucionalidad. \u00a0\u00a0<\/p>\n<p>No se pierda de vista el da\u00f1o generado por \u00a0el \u00a0comportamiento \u00a0desplegado \u00a0por \u00a0el \u00a0acusado, \u00a0quien, defraudando el voto de \u00a0confianza \u00a0colectivo \u00a0y, en consecuencia, la dignidad de su cargo de Gobernador, \u00a0decidi\u00f3 promover grupos paramilitares. \u00a0\u00a0<\/p>\n<p>Adem\u00e1s, \u00a0resulta \u00a0incuestionable \u00a0que \u00a0la \u00a0trascendencia \u00a0 y \u00a0la \u00a0connotaci\u00f3n \u00a0de \u00a0la \u00a0conducta \u00a0descrita, \u00a0as\u00ed \u00a0como \u00a0la \u00a0repercusi\u00f3n \u00a0nacional \u00a0e \u00a0internacional \u00a0de \u00a0la \u00a0misma, han generado un impacto \u00a0desestabilizador \u00a0al \u00a0interior de las instituciones leg\u00edtimamente constituidas, \u00a0especialmente, \u00a0en \u00a0las \u00a0administraciones \u00a0seccionales. \u00a0Por \u00a0lo \u00a0dem\u00e1s, \u00a0tales \u00a0factores \u00a0 se \u00a0 concretan \u00a0 en \u00a0 el \u00a0 desprestigio \u00a0 del \u00a0 sistema \u00a0democr\u00e1tico \u00a0nacional.\u00a0 \u00a0\u00a0<\/p>\n<p>Por \u00a0otro \u00a0lado, es preciso se\u00f1alar que el \u00a0proceder \u00a0al \u00a0que se ha hecho referencia no s\u00f3lo lesion\u00f3 de manera efectiva el \u00a0bien \u00a0jur\u00eddico \u00a0tutelado, \u00a0cual es, la seguridad de la comunidad, sino tambi\u00e9n \u00a0se \u00a0puede \u00a0sostener \u00a0que \u00a0contribuy\u00f3 \u00a0con \u00a0el \u00a0acrecentamiento \u00a0del \u00a0estado \u00a0de \u00a0violencia \u00a0generalizado \u00a0en \u00a0el que se encuentra incursa nuestra sociedad y, por \u00a0ende, \u00a0al \u00a0rezago \u00a0general \u00a0de \u00a0tipo \u00a0estructural \u00a0en el que contin\u00faa sumido el \u00a0conglomerado local, regional y nacional.\u00a0\u00a0 \u00a0\u00a0<\/p>\n<p>Todo \u00a0lo que viene de referirse implica una \u00a0mayor \u00a0 reprochabilidad \u00a0y \u00a0determina \u00a0la \u00a0imposici\u00f3n, \u00a0en \u00a0el \u00a0\u00e1mbito \u00a0de \u00a0la \u00a0discrecionalidad \u00a0racional, \u00a0de \u00a0la \u00a0pena privativa de la libertad prevista como \u00a0m\u00e1xima para el cuarto m\u00ednimo. \u00a0\u00a0<\/p>\n<p>\u00a0 \u00a0\u00a0 \u00a0\u00a0 \u00a0\u00a0En \u00a0raz\u00f3n \u00a0de \u00a0dichas \u00a0circunstancias \u00a0y para preservar la igualdad \u00a0punitiva, \u00a0la \u00a0multa \u00a0que se impondr\u00e1 al doctor MOLINA \u00a0ARA\u00daJO \u00a0 \u00a0 \u00a0corresponder\u00e1 \u00a0 \u00a0 a \u00a0 \u00a0 SEIS \u00a0MIL \u00a0QUINIENTOS \u00a0(6.500) \u00a0SALARIOS M\u00cdNIMOS LEGALES MENSUALES \u00a0VIGENTES. \u00a0\u00a0<\/p>\n<p>\u00a0 \u00a0 \u00a0 \u00a0 \u00a0<\/p>\n<p>Asimismo, en los t\u00e9rminos del art\u00edculo 52 \u00a0del \u00a0C\u00f3digo \u00a0Penal, \u00a0la \u00a0Sala \u00a0le \u00a0impondr\u00e1 \u00a0al \u00a0acusado \u00a0la pena accesoria de \u00a0inhabilitaci\u00f3n \u00a0para \u00a0el \u00a0ejercicio \u00a0de \u00a0derechos \u00a0y funciones p\u00fablicas por un \u00a0tiempo igual al de la pena principal. \u00a0\u00a0<\/p>\n<p>De \u00a0acuerdo con lo previsto en el art\u00edculo \u00a056 \u00a0del \u00a0C\u00f3digo \u00a0de \u00a0Procedimiento \u00a0Penal \u00a0aplicable, no hay lugar a condena en \u00a0perjuicios \u00a0en raz\u00f3n de no haberse probado la causaci\u00f3n de da\u00f1os materiales y \u00a0morales con la conducta que se le reprocha penalmente. \u00a0\u00a0<\/p>\n<p>\u00a0 \u00a0\u00a0 \u00a0\u00a0 \u00a0Por \u00a0otro \u00a0lado, \u00a0como \u00a0al \u00a0doctor \u00a0MOLINA \u00a0ARA\u00daJO \u00a0se \u00a0le \u00a0concedi\u00f3 la libertad provisional por \u00a0haber \u00a0 cumplido \u00a0con \u00a0los \u00a0requisitos \u00a0exigidos \u00a0para \u00a0obtener \u00a0la \u00a0liberaci\u00f3n \u00a0condicional56, \u00a0se \u00a0insiste, \u00a0concretada \u00a0la \u00a0tasaci\u00f3n \u00a0definitiva \u00a0y, por ende, \u00a0modificado \u00a0sustancialmente \u00a0el par\u00e1metro impersonal, es preciso que se revoque \u00a0dicha determinaci\u00f3n. \u00a0\u00a0<\/p>\n<p>\u00a0 \u00a0\u00a0 \u00a0\u00a0 \u00a0Finalmente, \u00a0 se \u00a0 advierte \u00a0que \u00a0no \u00a0hay \u00a0lugar \u00a0a \u00a0la \u00a0suspensi\u00f3n \u00a0condicional \u00a0de \u00a0la \u00a0ejecuci\u00f3n \u00a0de \u00a0la \u00a0sanci\u00f3n \u00a0ni \u00a0a \u00a0su sustituci\u00f3n por la \u00a0prisi\u00f3n \u00a0domiciliaria. \u00a0En \u00a0ambos \u00a0casos \u00a0por \u00a0impedirlo un requisito objetivo. \u00a0\u00a0<\/p>\n<p>En \u00a0efecto, \u00a0en \u00a0el \u00a0primero, porque la ley \u00a0s\u00f3lo \u00a0autoriza \u00a0el subrogado frente a penas de prisi\u00f3n impuestas no superiores \u00a0a \u00a03 \u00a0a\u00f1os \u00a0y, \u00a0en \u00a0el segundo, porque s\u00f3lo es viable la consideraci\u00f3n de tal \u00a0reemplazo \u00a0cuando \u00a0la \u00a0sanci\u00f3n m\u00ednima prevista en la ley para el delito objeto \u00a0de \u00a0condena \u00a0sea \u00a0de \u00a05 a\u00f1os o menos, seg\u00fan los par\u00e1metros definitivos en los \u00a0art\u00edculos 38 y 63 del C\u00f3digo Penal. \u00a0\u00a0<\/p>\n<p>\u00a0 \u00a0\u00a0 \u00a0\u00a0 \u00a06. Otras determinaciones. \u00a0\u00a0<\/p>\n<p>6.1. \u00a0La \u00a0Sala, \u00a0identific\u00e1ndose \u00a0 desde \u00a0 el \u00a0 punto \u00a0de \u00a0vista \u00a0argumentativo \u00a0con \u00a0expresiones \u00a0recientes \u00a0de la doctrina57 \u00a0 \u00a0 \u00a0 \u00a0 y \u00a0 \u00a0 \u00a0 \u00a0 la \u00a0jurisprudencia58 \u00a0 \u00a0 for\u00e1neas, \u00a0ha contado con la opci\u00f3n real de precisar, en eventos similares \u00a0al \u00a0 \u00a0 que \u00a0 \u00a0 ahora \u00a0 \u00a0 ocupa \u00a0 \u00a0su \u00a0 \u00a0atenci\u00f3n59, \u00a0que cuando el aforado hace \u00a0parte \u00a0de \u00a0una \u00a0estructura \u00a0delincuencial \u00a0integrada \u00a0por \u00a0un \u00a0n\u00famero plural de \u00a0personas \u00a0articuladas \u00a0jer\u00e1rquica y subordinadamente, quienes mediante \u00f3rdenes \u00a0en \u00a0secuencia \u00a0y \u00a0descendentes, \u00a0divisi\u00f3n \u00a0de \u00a0tareas y concurrencia de aportes \u00a0ejecutan \u00a0 \u00a0 \u00a0 \u00a0comportamientos \u00a0 \u00a0 \u00a0 punibles60, \u00a0debe \u00a0responder penalmente \u00a0por \u00a0el \u00a0conjunto \u00a0de cr\u00edmenes que se le atribuyen a los comandantes o jefes de \u00a0los \u00a0bloques, \u00a0frentes \u00a0o \u00a0unidades \u00a0que \u00a0conformaban \u00a0la \u00a0asociaci\u00f3n criminal, \u00a0incluyendo \u00a0 los \u00a0 denominados \u00a0 de \u00a0 \u201clesa \u00a0 \u00a0 \u00a0 humanidad\u201d. \u00a0\u00a0<\/p>\n<p>As\u00ed se refiri\u00f3 en el marco de la sentencia \u00a0proferida el 3 de diciembre de 2009, en el radicado 32672: \u00a0\u00a0<\/p>\n<p>\u201cNo cabe duda \u00a0que \u00a0quienes \u00a0fung\u00edan \u00a0como \u00a0voceros \u00a0pol\u00edticos \u00a0legalmente \u00a0reconocidos, \u00a0que \u00a0inclusive \u00a0escalaron \u00a0posici\u00f3n dirigente, realmente hac\u00edan parte de la c\u00fapula \u00a0de \u00a0los \u00a0grupos \u00a0paramilitares \u00a0y \u00a0en tal condici\u00f3n integraban el directorio de \u00a0mando \u00a0que \u00a0dise\u00f1aba, planificaba, proyectaba, forjaba e impulsaba las acciones \u00a0que \u00a0deb\u00eda \u00a0desarrollar \u00a0la \u00a0empresa criminal en aras de consolidar su avance y \u00a0obtener m\u00e1s r\u00e9ditos dentro del plan dise\u00f1ado. \u00a0\u00a0<\/p>\n<p>El pol\u00edtico en su condici\u00f3n de miembro de \u00a0la \u00a0organizaci\u00f3n \u00a0criminal \u00a0impulsaba \u00a0no \u00a0s\u00f3lo \u00a0a \u00a0obtener la permanencia del \u00a0irregular \u00a0grupo \u00a0sino \u00a0que pretend\u00eda ejercer en espacios o crear los mismos en \u00a0procura \u00a0de resultar funcionales a la empresa delictiva, en pro de la estrategia \u00a0del \u00a0crimen constituy\u00e9ndose en un paso m\u00e1s en el proceso de la toma mafiosa de \u00a0todos los poderes e instancias de decisi\u00f3n del Estado. \u00a0\u00a0<\/p>\n<p>En \u00a0ese entorno se puede afirmar que en la \u00a0estructura \u00a0de \u00a0los \u00a0grupos \u00a0paramilitares \u00a0se \u00a0ha \u00a0constatado \u00a0que \u00a0se \u00a0dan los \u00a0siguientes elementos: \u00a0\u00a0<\/p>\n<p>1). \u00a0 Existencia \u00a0de \u00a0una \u00a0organizaci\u00f3n \u00a0integrada \u00a0por una pluralidad de personas sustituibles antes o durante el evento \u00a0criminal \u00a0las \u00a0cuales \u00a0mantienen \u00a0una \u00a0relaci\u00f3n jer\u00e1rquica con sus superiores. \u00a0Aquellas \u00a0personas \u00a0pueden \u00a0o \u00a0no tener cierta predisposici\u00f3n a la comisi\u00f3n de \u00a0delitos; \u00a0\u00a0<\/p>\n<p>2). \u00a0Control (dominio) de la organizaci\u00f3n \u00a0por \u00a0parte \u00a0del \u00a0hombre \u00a0de \u00a0atr\u00e1s \u00a0y \u00a0a \u00a0trav\u00e9s \u00a0de \u00a0ella \u00a0de sus integrantes \u00a0sustituibles. \u00a0Dicho \u00a0control \u00a0puede \u00a0manifestarse bajo distintas modalidades: a \u00a0trav\u00e9s \u00a0de \u00a0la \u00a0creaci\u00f3n de la organizaci\u00f3n, el no control del mismo pudiendo \u00a0hacerlo \u00a0dada \u00a0su \u00a0posici\u00f3n \u00a0o \u00a0a trav\u00e9s del impulso sostenido de la misma con \u00a0medidas \u00a0dirigidas \u00a0a \u00a0autorizar \u00a0sus \u00a0actuaciones \u00a0il\u00edcitas. \u00a0En \u00a0todos \u00a0estos \u00a0supuestos \u00a0se \u00a0evidencia, \u00a0por parte del hombre de atr\u00e1s, un dominio del riesgo \u00a0(que es el aparato de poder) de producci\u00f3n de actos il\u00edcitos; y, \u00a0\u00a0<\/p>\n<p>3). \u00a0Conocimiento \u00a0de \u00a0la \u00a0organizaci\u00f3n o \u00a0aparato \u00a0de \u00a0poder \u00a0y \u00a0decisi\u00f3n \u00a0de \u00a0que \u00a0sus \u00a0miembros \u00a0ejecuten \u00a0o contin\u00faen \u00a0ejecutando \u00a0 \u00a0 \u00a0hechos \u00a0 \u00a0 il\u00edcitos \u00a0 \u00a0 penales61.\u201d \u00a0\u00a0<\/p>\n<p>De \u00a0manera \u00a0que \u00a0en \u00a0el \u00a0asunto \u00a0objeto \u00a0de \u00a0an\u00e1lisis \u00a0es \u00a0preciso \u00a0que \u00a0se \u00a0compulsen \u00a0copias \u00a0para \u00a0que \u00a0se \u00a0investigue la \u00a0ocurrencia \u00a0de \u00a0acontecimientos que en ejercicio del designio criminal inherente \u00a0a \u00a0la \u00a0organizaci\u00f3n \u00a0a \u00a0la \u00a0cual pertenec\u00eda HERNANDO \u00a0MOLINA \u00a0 ARA\u00daJO, \u00a0fueron \u00a0llevados \u00a0a \u00a0cabo \u00a0por \u00a0el \u00a0mencionado \u00a0y \u00a0se \u00a0determine, \u00a0en \u00a0el \u00a0escenario \u00a0natural, \u00a0su eventual grado de \u00a0responsabilidad. \u00a0\u00a0<\/p>\n<p>\u00a0 \u00a0 \u00a0 \u00a0 \u00a0<\/p>\n<p>6.2. Cambiando de \u00a0\u00f3ptica, \u00a0la \u00a0Corte \u00a0dispone \u00a0que \u00a0se \u00a0compulsen copias de las piezas procesales \u00a0pertinentes, \u00a0con el objeto de que la Fiscal\u00eda General de la Naci\u00f3n investigue \u00a0la \u00a0conducta \u00a0en que pudo haber incurrido Julio Enrique Blanco Nobles, en raz\u00f3n \u00a0a \u00a0los \u00a0hechos \u00a0ocurridos \u00a0el \u00a012 \u00a0de \u00a0octubre \u00a0de \u00a02003 \u00a0que \u00a0dieron lugar a su \u00a0candidatura \u00a0 \u00a0y \u00a0 posterior \u00a0 elecci\u00f3n \u00a0 como \u00a0 alcalde \u00a0 del \u00a0 municipio \u00a0 de \u00a0Chimichagua. \u00a0\u00a0<\/p>\n<p>\u00a0 \u00a0\u00a0 \u00a0\u00a0 \u00a0Por \u00a0lo \u00a0expuesto, \u00a0la \u00a0Corte \u00a0Suprema \u00a0de \u00a0Justicia, \u00a0Sala de Casaci\u00f3n \u00a0Penal, \u00a0 administrando \u00a0 justicia \u00a0en \u00a0nombre \u00a0de \u00a0la \u00a0Rep\u00fablica y por autoridad de la ley, \u00a0\u00a0<\/p>\n<p>Resuelve: \u00a0<\/p>\n<p>\u00a0 \u00a0\u00a0 \u00a0\u00a0 \u00a0Primero.- \u00a0 \u00a0 Condenar \u00a0 \u00a0 a \u00a0 \u00a0HERNANDO \u00a0 \u00a0MOLINA \u00a0 ARA\u00daJO, \u00a0 cuyas \u00a0anotaciones \u00a0personales \u00a0y civiles se encuentran citadas en esta sentencia, a la \u00a0pena \u00a0de \u00a0NOVENTA \u00a0(90) MESES DE PRISI\u00d3N y \u00a0multa \u00a0de \u00a0SEIS MIL QUINIENTOS (6.500) \u00a0SALARIOS \u00a0 \u00a0 \u00a0 M\u00cdNIMOS \u00a0 \u00a0 \u00a0 LEGALES \u00a0 \u00a0 \u00a0 MENSUALES \u00a0 \u00a0 \u00a0 VIGENTES, como autor del delito de concierto para \u00a0promover \u00a0grupos \u00a0armados \u00a0al \u00a0margen \u00a0de \u00a0la \u00a0ley de que trata el art\u00edculo 340 \u00a0inciso 2\u00b0 de la Ley 599 de 2000. \u00a0\u00a0<\/p>\n<p>\u00a0 \u00a0 \u00a0 \u00a0 \u00a0<\/p>\n<p>Segundo.- \u00a0Imponer al doctor \u00a0MOLINA \u00a0ARA\u00daJO \u00a0la \u00a0pena \u00a0accesoria \u00a0de \u00a0inhabilitaci\u00f3n \u00a0de \u00a0derechos \u00a0y \u00a0funciones \u00a0p\u00fablicas \u00a0por \u00a0un \u00a0tiempo igual al \u00a0se\u00f1alado para la pena privativa de la libertad. \u00a0\u00a0<\/p>\n<p>\u00a0 \u00a0\u00a0 \u00a0\u00a0 \u00a0Tercero.- \u00a0 \u00a0Declarar \u00a0 \u00a0que \u00a0no \u00a0hay \u00a0lugar \u00a0a condena por el pago de \u00a0da\u00f1os y perjuicios. \u00a0\u00a0<\/p>\n<p>Cuarto.- Precisar \u00a0que \u00a0la \u00a0condena \u00a0de ejecuci\u00f3n condicional ni la prisi\u00f3n domiciliaria resultan \u00a0procedentes. \u00a0\u00a0<\/p>\n<p>\u00a0 \u00a0 \u00a0 \u00a0 \u00a0<\/p>\n<p>Quinto.- Revocar la \u00a0libertad \u00a0 provisional \u00a0 otorgada \u00a0 al \u00a0doctor \u00a0MOLINA \u00a0ARA\u00daJO. \u00a0\u00a0<\/p>\n<p>Sexto.- \u00a0 En \u00a0consecuencia, \u00a0l\u00edbrese \u00a0la \u00a0orden \u00a0de \u00a0captura \u00a0correspondiente \u00a0ante \u00a0la \u00a0Direcci\u00f3n del Cuerpo T\u00e9cnico de \u00a0Investigaciones. \u00a0\u00a0<\/p>\n<p>S\u00e9ptimo.- \u00a0 \u00a0 Compulsar \u00a0copias \u00a0de \u00a0las \u00a0piezas \u00a0procesales \u00a0pertinentes ante la Fiscal\u00eda \u00a0General \u00a0de \u00a0la \u00a0Naci\u00f3n, \u00a0para \u00a0que se investiguen las conductas penales en que \u00a0pudieron \u00a0haber \u00a0incurrido \u00a0Julio \u00a0Enrique \u00a0Blanco Nobles y Augusto Guillermo De \u00a0Hoyos Guti\u00e9rrez, conforme a la motivaci\u00f3n de esta sentencia. \u00a0\u00a0<\/p>\n<p>Octavo.- \u00a0Compulsar \u00a0copias \u00a0de \u00a0lo \u00a0actuado \u00a0para \u00a0que \u00a0se \u00a0investigue \u00a0a \u00a0HERNANDO MOLINA \u00a0ARA\u00daJO \u00a0 por \u00a0 los \u00a0 delitos \u00a0 atribuidos \u00a0al \u00a0grupo \u00a0paramilitar \u00a0 del \u00a0 que \u00a0hac\u00eda \u00a0parte, \u00a0incluyendo \u00a0aqu\u00e9llos \u00a0de \u00a0\u201clesa \u00a0 \u00a0 \u00a0 humanidad\u201d. \u00a0\u00a0<\/p>\n<p>L\u00edbrense \u00a0las \u00a0comunicaciones \u00a0sobre \u00a0esta \u00a0sentencia a las autoridades correspondientes. \u00a0\u00a0<\/p>\n<p>\u00a0\u00a0\u00a0\u00a0\u00a0\u00a0\u00a0\u00a0\u00a0\u00a0\u00a0\u00a0\u00a0\u00a0\u00a0\u00a0 \u00a0C\u00d3PIESE, \u00a0 NOTIF\u00cdQUESE \u00a0Y \u00a0C\u00daMPLASE \u00a0\u00a0<\/p>\n<p>\u00a0\u00a0\u00a0\u00a0\u00a0\u00a0\u00a0\u00a0\u00a0\u00a0\u00a0\u00a0\u00a0 \u00a0MAR\u00cdA DEL ROSARIO GONZ\u00c1LEZ DE LEMOS \u00a0\u00a0<\/p>\n<p>JOS\u00c9 \u00a0 \u00a0 \u00a0 LEONIDAS \u00a0 \u00a0 \u00a0 BUSTOS \u00a0MART\u00cdNEZ\u00a0\u00a0\u00a0\u00a0\u00a0\u00a0\u00a0\u00a0\u00a0\u00a0\u00a0\u00a0\u00a0\u00a0\u00a0\u00a0\u00a0\u00a0\u00a0\u00a0\u00a0\u00a0\u00a0\u00a0\u00a0\u00a0\u00a0\u00a0\u00a0\u00a0\u00a0\u00a0 \u00a0SIGIFREDO ESPINOSA P\u00c9REZ \u00a0\u00a0<\/p>\n<p>ALFREDO \u00a0 \u00a0 \u00a0 \u00a0 \u00a0 G\u00d3MEZ \u00a0QUINTERO\u00a0\u00a0\u00a0\u00a0\u00a0\u00a0\u00a0\u00a0\u00a0\u00a0\u00a0\u00a0\u00a0\u00a0\u00a0\u00a0\u00a0\u00a0\u00a0\u00a0\u00a0\u00a0\u00a0\u00a0\u00a0\u00a0\u00a0\u00a0\u00a0\u00a0\u00a0\u00a0\u00a0\u00a0\u00a0\u00a0\u00a0\u00a0\u00a0\u00a0\u00a0\u00a0\u00a0\u00a0 \u00a0AUGUSTO \u00a0J. \u00a0IBA\u00d1EZ \u00a0GUZM\u00c1N \u00a0\u00a0 \u00a0\u00a0 \u00a0\u00a0 \u00a0\u00a0\u00a0\u00a0\u00a0\u00a0\u00a0\u00a0\u00a0\u00a0\u00a0\u00a0\u00a0\u00a0\u00a0\u00a0\u00a0\u00a0\u00a0\u00a0\u00a0\u00a0\u00a0\u00a0\u00a0\u00a0 \u00a0\u00a0<\/p>\n<p>JORGE \u00a0 \u00a0 \u00a0 \u00a0LUIS \u00a0 \u00a0 \u00a0 QUINTERO \u00a0MILAN\u00c9S\u00a0\u00a0\u00a0\u00a0\u00a0\u00a0\u00a0\u00a0\u00a0\u00a0\u00a0\u00a0\u00a0\u00a0\u00a0\u00a0\u00a0\u00a0\u00a0\u00a0\u00a0\u00a0\u00a0\u00a0\u00a0\u00a0\u00a0\u00a0\u00a0\u00a0\u00a0\u00a0\u00a0\u00a0\u00a0\u00a0\u00a0\u00a0\u00a0\u00a0\u00a0\u00a0 \u00a0YESID \u00a0 \u00a0RAM\u00cdREZ \u00a0 \u00a0BASTIDAS\u00a0\u00a0\u00a0\u00a0\u00a0\u00a0 \u00a0 \u00a0 \u00a0 \u00a0 \u00a0 \u00a0 \u00a0 \u00a0 \u00a0 \u00a0\u00a0 \u00a0 \u00a0 \u00a0 \u00a0\u00a0 \u00a0 \u00a0 \u00a0 \u00a0\u00a0\u00a0\u00a0\u00a0\u00a0\u00a0\u00a0\u00a0\u00a0\u00a0\u00a0\u00a0\u00a0\u00a0\u00a0\u00a0\u00a0\u00a0\u00a0\u00a0\u00a0\u00a0\u00a0\u00a0\u00a0\u00a0\u00a0\u00a0\u00a0\u00a0\u00a0\u00a0\u00a0\u00a0\u00a0\u00a0\u00a0\u00a0\u00a0 \u00a0\u00a0<\/p>\n<p>JULIO \u00a0 \u00a0 \u00a0 \u00a0ENRIQUE \u00a0 \u00a0 \u00a0 SOCHA \u00a0SALAMANCA\u00a0\u00a0\u00a0\u00a0\u00a0\u00a0\u00a0\u00a0\u00a0\u00a0\u00a0\u00a0\u00a0\u00a0\u00a0\u00a0\u00a0\u00a0\u00a0\u00a0\u00a0\u00a0\u00a0\u00a0\u00a0\u00a0\u00a0\u00a0\u00a0\u00a0\u00a0\u00a0\u00a0\u00a0\u00a0\u00a0\u00a0\u00a0\u00a0\u00a0\u00a0\u00a0 \u00a0JAVIER ZAPATA ORTIZ \u00a0\u00a0<\/p>\n<p>TERESA RUIZ N\u00da\u00d1EZ \u00a0<\/p>\n<p>Secretaria\u00a0\u00a0\u00a0\u00a0\u00a0\u00a0\u00a0\u00a0\u00a0\u00a0\u00a0\u00a0\u00a0\u00a0\u00a0\u00a0\u00a0\u00a0\u00a0\u00a0\u00a0\u00a0\u00a0\u00a0\u00a0\u00a0\u00a0\u00a0 \u00a0 \u00a0\u00a0<\/p>\n<p>1 \u00a0Febrero 15 de 2007, Fiscal General de la Naci\u00f3n; fl. 14 cdno 1. \u00a0\u00a0<\/p>\n<p>2 \u00a0Dirigida \u00a0al Procurador General de la Naci\u00f3n con fecha diciembre 2 de 2004; fl. \u00a03 cdno 1. \u00a0\u00a0<\/p>\n<p>3 \u00a0Folios 164 y siguientes, cdno 3. \u00a0\u00a0<\/p>\n<p>4 \u00a0Octubre 22 de 2007, folio 200 y siguientes, cdno. 7. \u00a0\u00a0<\/p>\n<p>5 \u00a0Folios 1 a 67, cdno 10. \u00a0\u00a0<\/p>\n<p>6 Folio \u00a0210, cdno 11. \u00a0\u00a0<\/p>\n<p>7 Fue \u00a0secuestrada \u00a0 en \u00a0 el \u00a0 2002 \u00a0 en \u00a0 Patillal \u00a0y \u00a0muere \u00a0durante \u00a0el \u00a0intento \u00a0de \u00a0rescate. \u00a0\u00a0<\/p>\n<p>8 Fls. \u00a0173, 174 y 175; cdno original 1. \u00a0\u00a0<\/p>\n<p>9 Auto \u00a0\u00fanica instancia, septiembre 1\u00ba de 2009; radicaci\u00f3n 31.653. \u00a0\u00a0<\/p>\n<p>10 Auto \u00a0\u00fanica instancia, septiembre 1\u00ba de 2009, radicado 31653. \u00a0\u00a0<\/p>\n<p>11 \u00a0Recu\u00e9rdese \u00a0que \u00a0Welzel \u00a0consideraba que las estructuras l\u00f3gico \u00a0objetivas \u00a0constitu\u00edan \u00a0un l\u00edmite al poder de configuraci\u00f3n de legislador. En \u00a0consecuencia, \u00a0el \u00a0legislador \u00a0no \u00a0crea \u00a0las conductas sino que las extrae de la \u00a0vida \u00a0social. Por lo tanto, desde ese mismo punto de vista, que el juez no puede \u00a0desconocer el sentido ni el contenido de las conductas. \u00a0\u00a0<\/p>\n<p>12 \u00a0Ejemplo \u00a0de \u00a0ello la constituyen las llamadas autodefensas del sur de Cesar o de \u00a0Juancho \u00a0Prada, \u00a0cuyo \u00a0centro \u00a0de operaciones lo constituy\u00f3 el municipio de San \u00a0Mart\u00edn. \u00a0\u00a0<\/p>\n<p>13 \u00a0Seg\u00fan \u00a0Jorge Cuarenta los acumulados solidarios comunitarios estaban integrados \u00a0por \u00a0l\u00edderes \u00a0pol\u00edticos, \u00a0econ\u00f3micos, sociales, gremiales, campesinos y gente \u00a0del com\u00fan. \u00a0\u00a0<\/p>\n<p>14 Ex \u00a0trabajador \u00a0de \u00a0la \u00a0empresa Carbones de Colombia y actual alcalde de la Jagua de \u00a0Ibirico. \u00a0\u00a0<\/p>\n<p>15 \u00a0Declaraci\u00f3n \u00a0rendida \u00a0el \u00a02 \u00a0de \u00a0febrero \u00a0de \u00a02007 \u00a0ante \u00a0la \u00a0Corte \u00a0Suprema de \u00a0Justicia\u00a0 \u00a0dentro \u00a0de \u00a0la radicaci\u00f3n 26118 y trasladada a este proceso, fl \u00a091v cdno 1. \u00a0\u00a0<\/p>\n<p>16 \u00a0Declaraci\u00f3n \u00a0rendida \u00a0el \u00a017 \u00a0de \u00a0enero \u00a0de \u00a02007 \u00a0dentro \u00a0del radicado 26470 y \u00a0trasladada a este proceso; fl. 255,\u00a0 cdno original 1. \u00a0\u00a0<\/p>\n<p>17 \u00a0Declaraci\u00f3n \u00a0rendida \u00a0el \u00a016 \u00a0de \u00a0enero \u00a0de \u00a02007 \u00a0dentro \u00a0del radicado 26470 y \u00a0trasladada a este proceso; fl. 221, cdno original 1. \u00a0\u00a0<\/p>\n<p>18 \u00a0Declaraci\u00f3n \u00a0rendida \u00a0ante la Corte Suprema de Justicia el 2 de febrero de 2007 \u00a0dentro \u00a0del \u00a0radicado \u00a026118 \u00a0y trasladada a este proceso; fl. 93, cdno original \u00a01. \u00a0\u00a0<\/p>\n<p>19 \u00a0Declaraci\u00f3n extra proceso, abril 13 de 2007; fl. 287, cdno 3. \u00a0\u00a0<\/p>\n<p>20 En \u00a0su \u00a0declaraci\u00f3n \u00a0del \u00a016 \u00a0de \u00a0julio \u00a0de 2007, Blanco Nobles desmiente que dicha \u00a0reuni\u00f3n \u00a0 se \u00a0 hubiera \u00a0 celebrado \u00a0en \u00a0los \u00a0t\u00e9rminos \u00a0declarados \u00a0por \u00a0Moreno \u00a0Panezo. \u00a0\u00a0<\/p>\n<p>21 \u00a0Declaraci\u00f3n de Cristian Moreno; fl. 220, cdno 2. \u00a0\u00a0<\/p>\n<p>22 \u00a0Declaraci\u00f3n \u00a0 en \u00a0 audiencia \u00a0 p\u00fablica, \u00a0octubre \u00a029 \u00a0de \u00a02088, \u00a0audio \u00a012 \u00a0cd \u00a03. \u00a0\u00a0<\/p>\n<p>23 DDC \u00a0\u2013 00371 de febrero 21 de \u00a02007; fl. 117, cdno 2. \u00a0\u00a0<\/p>\n<p>24 \u00a0Declaraci\u00f3n \u00a0rendida \u00a0el \u00a028 \u00a0de \u00a0marzo de 2007 a la Fiscal\u00eda Delegada ante la \u00a0Corte Suprema de Justicia; fl. 215 y ss cdno 2. \u00a0\u00a0<\/p>\n<p>25 \u00a0Declaraci\u00f3n \u00a0rendida \u00a0el \u00a06 \u00a0de febrero de 2007 en la Corte Suprema de Justicia \u00a0dentro \u00a0 del \u00a0 radicado \u00a026470 \u00a0y \u00a0trasladada \u00a0a \u00a0este \u00a0proceso; \u00a0fl. \u00a083, \u00a0cdno \u00a01. \u00a0\u00a0<\/p>\n<p>26 \u00a0Ib\u00edd., fl. 83v cdno 1. \u00a0\u00a0<\/p>\n<p>27 \u00a0Ib\u00edd., fl 84 cdno 1. \u00a0\u00a0<\/p>\n<p>28 \u00a0Declaraci\u00f3n de marzo 28 de 2007; fl. 216, cdno 2. \u00a0\u00a0<\/p>\n<p>29 \u00a0Declaraciones \u00a0de \u00a0Primo \u00a0Le\u00f3n \u00a0Monta\u00f1o Zuleta, Ciro Antonio Rinc\u00f3n Quintero, \u00a0Jos\u00e9 \u00a0Concepci\u00f3n \u00a0Meneses \u00a0Barrera, \u00a0Rodrigo \u00a0Antonio R\u00edos Uribe y Jorge Luis \u00a0Acosta Felizola. \u00a0\u00a0<\/p>\n<p>30 \u00a0Declaraci\u00f3n de mayo 16 de 2007; fl. 126, cdno 3. \u00a0\u00a0<\/p>\n<p>31 \u00a0Declaraci\u00f3n de julio 16 de 2007; fl. 241 cdno 6. \u00a0\u00a0<\/p>\n<p>32 \u00a0Declaraci\u00f3n \u00a0de \u00a0Ram\u00f3n \u00a0Ballesteros \u00a0Prieto, \u00a0octubre 29 de 2007, audio 12, cd \u00a03. \u00a0\u00a0<\/p>\n<p>33 \u00a0Declaraci\u00f3n \u00a0por \u00a0certificaci\u00f3n \u00a0jurada, \u00a0enero \u00a018 \u00a0de \u00a02008; \u00a0fl. \u00a0278, cdno \u00a012. \u00a0\u00a0<\/p>\n<p>34 \u00a0Declaraci\u00f3n de agosto 23 de 2007; folio 40, cdno 7. \u00a0\u00a0<\/p>\n<p>35 \u00a0Alfonso Palacio Ni\u00f1o, mayo 15 de 2007; fl. 116 cdno 3. \u00a0\u00a0<\/p>\n<p>36 \u00a0Ram\u00f3n Ballesteros Prieto, declaraci\u00f3n de octubre 29 de 2003, cd 3 \u00a0\u00a0<\/p>\n<p>37 \u00a0Jaime \u00a0Rafael \u00a0Gnecco \u00a0Hern\u00e1ndez, \u00a0marzo \u00a02 \u00a0de \u00a02007; \u00a0folios \u00a0189 a 196, cdno \u00a01. \u00a0\u00a0<\/p>\n<p>38 \u00a0Acta \u00a0 parcial \u00a0 de \u00a0 escrutinios \u00a0 departamentales; \u00a0 fl. \u00a0139, \u00a0cdno \u00a0original \u00a01. \u00a0\u00a0<\/p>\n<p>39 \u00a0Escrito \u00a0dirigido al Procurador General de la Naci\u00f3n el 2 de diciembre de 2004. \u00a0Pide \u00a0que \u00a0se \u00a0investigue, entre otros, a Molina Ara\u00fajo porque en Cesar se dice \u00a0que \u00a0\u201csali\u00f3 \u00a0del \u00a0monte \u00a0para \u00a0ser \u00a0gobernador\u201d y \u00a0que \u00a0\u201ces \u00a0un paramilitar \u00a0disfrazado \u00a0de pol\u00edtico\u201d; \u00a0folio 3, cdno 1. \u00a0\u00a0<\/p>\n<p>40 \u00a0Manifiesta \u00a0no \u00a0haber \u00a0presentado \u00a0la denuncia de octubre 23 de 2002; folio 51 y \u00a0ss, cdno 7. \u00a0\u00a0<\/p>\n<p>41 \u00a0Abril \u00a026 \u00a0de 2003; folio 120, cdno 5. Seg\u00fan informe 2962 del CTI, esta persona \u00a0se \u00a0identifica \u00a0con \u00a0el \u00a0cupo \u00a0num\u00e9rico \u00a012.536.909 \u00a0asignado \u00a0a Rafael Antonio \u00a0Bola\u00f1o Guerrero ex Gobernador de Cesar; folio 135, cdno 5. \u00a0\u00a0<\/p>\n<p>42 \u00a0Julio 12 de 2003; folio 10 y ss, cdno anexo 1. \u00a0\u00a0<\/p>\n<p>43 \u00a0Julio 18 de 2003, folio 3 y ss, cdno anexo 1. \u00a0\u00a0<\/p>\n<p>44 \u00a0Informe \u00a0polic\u00eda \u00a0judicial \u00a0de \u00a021 \u00a0de \u00a0marzo \u00a0de \u00a02007; \u00a0folio \u00a0228, \u00a0cdno \u00a02. \u00a0\u00a0<\/p>\n<p>45 \u00a0Escrito \u00a0a \u00a0nombre \u00a0de \u00a0Carlos Humberto Cruz Valdez de octubre 13 de 2006; folio \u00a0109, cdno 2. \u00a0\u00a0<\/p>\n<p>46 La \u00a0declarante \u00a0el \u00a023 \u00a0de \u00a0enero \u00a0de \u00a02007 \u00a0contact\u00f3 \u00a0a un funcionario de polic\u00eda \u00a0judicial, \u00a0raz\u00f3n por la cual se dispuso o\u00edrla en este proceso; folio 149, cdno \u00a0original 1. \u00a0\u00a0<\/p>\n<p>47 \u00a0Informe \u00a0226 \u00a0de \u00a0abril \u00a026 \u00a0de \u00a02007: \u201cno \u00a0 han \u00a0surgido \u00a0elementos \u00a0materiales \u00a0probatorios \u00a0y \u00a0evidencia \u00a0f\u00edsica, \u00a0que \u00a0permitan \u00a0establecer \u00a0que \u00a0el \u00a0veh\u00edculo \u00a0marca Toyota, de placas \u00a0OXV-116, \u00a0 color \u00a0Rojo, \u00a0de \u00a0propiedad \u00a0de \u00a0la \u00a0Gobernaci\u00f3n \u00a0del \u00a0Cesar, \u00a0est\u00e9 \u00a0involucrado \u00a0en \u00a0el \u00a0presunto plagio de la se\u00f1ora LUZ MARINA GNECCO\u201d; \u00a0folio 63, cdno 3. \u00a0\u00a0<\/p>\n<p>48 \u00a0Declaraci\u00f3n de mayo 16 de 2007; folio 127, cdno 3. \u00a0\u00a0<\/p>\n<p>49 \u00a0Diligencia \u00a0llevada \u00a0a \u00a0cabo \u00a0en \u00a0Miami \u00a0el \u00a09 \u00a0de \u00a0mayo de 2007; folio 72, cdno \u00a03. \u00a0\u00a0<\/p>\n<p>50 \u00a0Ib\u00edd.; folio 73, cdno 3. \u00a0\u00a0<\/p>\n<p>51 \u00a0Escolta \u00a0 \u00a0personal \u00a0 \u00a0de \u00a0 \u00a0alias \u00a0 \u201cJimmy\u201d \u00a0comandante \u00a0de \u00a0las \u00a0milicias urbanas de Valledupar, declaraci\u00f3n 23 de abril de \u00a02008; folio 27, cdno 11. \u00a0\u00a0<\/p>\n<p>52 \u00a0Sesi\u00f3n de septiembre 2 de 2008, audio 7 cd 2. \u00a0\u00a0<\/p>\n<p>53 \u00a0Liliana \u00a0Esther \u00a0Padilla, \u00a0al \u00a0parecer \u00a0hermana \u00a0de \u00a0De \u00a0Hoyos \u00a0asegura que este \u00a0usualmente \u00a0involucra gente en casos penales para lucrarse con esa conducta, que \u00a0es \u00a0drogadicto y que por esa raz\u00f3n el ej\u00e9rcito lo dio de baja; declaraci\u00f3n de \u00a0julio \u00a011 \u00a0de \u00a02005; folio 31, cdno 12. La drogadicci\u00f3n origin\u00f3 que fuera dado \u00a0de baja del ej\u00e9rcito nacional en el 2002; folios 34, 35, cdno 12. \u00a0\u00a0<\/p>\n<p>54 \u00a0Copia de la declaraci\u00f3n febrero 9 de 2005; folio 29, cdno 12. \u00a0\u00a0<\/p>\n<p>55 \u00a0Copia del escrito; fl. 30, cdno 12. \u00a0\u00a0<\/p>\n<p>56 \u00a0Auto \u00fanica instancia, 21 de enero de 2009. \u00a0\u00a0<\/p>\n<p>57 \u00a0H\u00e9ctor \u00a0 \u00a0 \u00a0 \u00a0Ol\u00e1solo, \u00a0 \u00a0 \u00a0 \u00a0\u201cReflexiones \u00a0sobre \u00a0la \u00a0doctrina \u00a0de \u00a0la empresa criminal com\u00fan en \u00a0derecho \u00a0 \u00a0 penal \u00a0 \u00a0 internacional\u201d, \u00a0Barcelona, \u00a0Indret \u00a0&#8211; \u00a0Revista \u00a0para \u00a0el \u00a0An\u00e1lisis del Derecho, \u00a0Universidad \u00a0 Pompeu \u00a0 Fabra, \u00a0 julio \u00a0 de \u00a02009; \u00a0Silvana \u00a0Bacigalupo \u00a0Saggese, \u00a0\u201cLa responsabilidad penal \u00a0de \u00a0 \u00a0 las \u00a0 \u00a0personas \u00a0 \u00a0jur\u00eddicas\u201d, Barcelona, Editorial Bosch, 1998, p. 35 y ss. \u00a0\u00a0<\/p>\n<p>58 \u00a0Corte \u00a0Suprema de la Rep\u00fablica de Per\u00fa, Sala Penal Especial, expediente N\u00b0 AV \u00a019-2001, \u00a0sentencia de 7 de abril de 2009, hechos de Barrios Altos, La Cantuta y \u00a0s\u00f3tanos SIE. \u00a0\u00a0<\/p>\n<p>59 \u00a0Sentencia del 3 de diciembre de 2009, radicado 32672. \u00a0\u00a0<\/p>\n<p>60 \u00a0Sentencias \u00a0de \u00a0casaci\u00f3n \u00a0del 7 de marzo de 2007, radicaci\u00f3n 23825 (caso de la \u00a0Masacre \u00a0de Machuca); y del 12 de septiembre de 2007, radicaci\u00f3n 24448 (Masacre \u00a0de La Gabarra). \u00a0\u00a0<\/p>\n<p>61 \u00a0Iv\u00e1n \u00a0 Montoya \u00a0 Vivanco, \u00a0 \u00abLa \u00a0 autor\u00eda \u00a0 mediata\u00a0 \u00a0 por \u00a0 dominio \u00a0de \u00a0organizaci\u00f3n: \u00a0 \u00a0 \u00a0 \u00a0a \u00a0 \u00a0 \u00a0 \u00a0prop\u00f3sito \u00a0 \u00a0 \u00a0 del \u00a0 \u00a0 \u00a0 caso \u00a0 \u00a0 \u00a0 Fujimori\u00bb, \u00a0http:\/blog.pucp.edu.pe\/item\/27749 \u00a0(17-11-2009). \u00a0La expresi\u00f3n te\u00f3rica alemana \u00a0mayoritaria \u00a0demanda: \u00a0(i) \u00a0autor\u00eda \u00a0mediata \u00a0como dominio de la organizaci\u00f3n; \u00a0(ii) \u00a0la \u00a0fungibilidad \u00a0en el\u00a0 marco del dominio de la organizaci\u00f3n; (iii) \u00a0la \u00a0necesidad \u00a0del \u00a0apartamento \u00a0del \u00a0Derecho \u00a0del \u00a0aparato \u00a0de \u00a0poder; \u00a0(iv) la \u00a0disponibilidad \u00a0hacia \u00a0el hecho espec\u00edfica de la organizaci\u00f3n; (v) el poder de \u00a0imposici\u00f3n \u00a0de \u00a0los \u00a0hombres de atr\u00e1s como soporte fundamental del dominio del \u00a0hecho; \u00a0y, \u00a0(vi) \u00a0el \u00a0dominio del resultado. Claus Roxin, La teor\u00eda del delito, \u00a0Lima, Editorial Jur\u00eddica Grijley, 2007, p. 513-534. \u00a0 \u00a0\u00a0<\/p>\n<p><\/p>\n","protected":false},"excerpt":{"rendered":"<p>\u00a0 \u00a0 \u00a0\u00a0 Proceso n.\u00ba 32712 \u00a0 CORTE SUPREMA DE JUSTICIA \u00a0 SALA DE CASACI\u00d3N PENAL \u00a0 Aprobado Acta No. 137 \u00a0 Bogot\u00e1 \u00a0D. C., cinco (05) de mayo de dos mil \u00a0diez (2010). \u00a0\u00a0 VISTOS \u00a0 \u00a0 \u00a0\u00a0 \u00a0\u00a0 \u00a0\u00a0La \u00a0Sala procede a dictar sentencia dentro del proceso adelantado al \u00a0doctor \u00a0 \u00a0 HERNANDO [&hellip;]<\/p>\n","protected":false},"author":1,"featured_media":0,"comment_status":"open","ping_status":"open","sticky":false,"template":"","format":"standard","meta":{"footnotes":""},"categories":[18],"tags":[],"class_list":["post-20415","post","type-post","status-publish","format-standard","hentry","category-18"],"_links":{"self":[{"href":"https:\/\/dmsjuridica.com\/buscador_20179478954\/salapenalcronologico20230723\/wp-json\/wp\/v2\/posts\/20415","targetHints":{"allow":["GET"]}}],"collection":[{"href":"https:\/\/dmsjuridica.com\/buscador_20179478954\/salapenalcronologico20230723\/wp-json\/wp\/v2\/posts"}],"about":[{"href":"https:\/\/dmsjuridica.com\/buscador_20179478954\/salapenalcronologico20230723\/wp-json\/wp\/v2\/types\/post"}],"author":[{"embeddable":true,"href":"https:\/\/dmsjuridica.com\/buscador_20179478954\/salapenalcronologico20230723\/wp-json\/wp\/v2\/users\/1"}],"replies":[{"embeddable":true,"href":"https:\/\/dmsjuridica.com\/buscador_20179478954\/salapenalcronologico20230723\/wp-json\/wp\/v2\/comments?post=20415"}],"version-history":[{"count":0,"href":"https:\/\/dmsjuridica.com\/buscador_20179478954\/salapenalcronologico20230723\/wp-json\/wp\/v2\/posts\/20415\/revisions"}],"wp:attachment":[{"href":"https:\/\/dmsjuridica.com\/buscador_20179478954\/salapenalcronologico20230723\/wp-json\/wp\/v2\/media?parent=20415"}],"wp:term":[{"taxonomy":"category","embeddable":true,"href":"https:\/\/dmsjuridica.com\/buscador_20179478954\/salapenalcronologico20230723\/wp-json\/wp\/v2\/categories?post=20415"},{"taxonomy":"post_tag","embeddable":true,"href":"https:\/\/dmsjuridica.com\/buscador_20179478954\/salapenalcronologico20230723\/wp-json\/wp\/v2\/tags?post=20415"}],"curies":[{"name":"wp","href":"https:\/\/api.w.org\/{rel}","templated":true}]}}