{"id":20363,"date":"2023-09-11T22:52:55","date_gmt":"2023-09-11T22:52:55","guid":{"rendered":"https:\/\/dmsjuridica.com\/buscador_20179478954\/salapenalcronologico20230723\/2023\/09\/11\/3248517-02-10\/"},"modified":"2023-09-11T22:52:55","modified_gmt":"2023-09-11T22:52:55","slug":"3248517-02-10","status":"publish","type":"post","link":"https:\/\/dmsjuridica.com\/buscador_20179478954\/salapenalcronologico20230723\/2023\/09\/11\/3248517-02-10\/","title":{"rendered":"32485(17-02-10)"},"content":{"rendered":"\n<p>\u00a0 \u00a0 Proceso n.\u00b0 32485 \u00a0<\/p>\n<p>CORTE SUPREMA DE JUSTICIA \u00a0<\/p>\n<p>SALA DE CASACION PENAL \u00a0<\/p>\n<p>Magistrado \u00a0Ponente \u00a0\u00a0<\/p>\n<p>Dr. \u00a0JOS\u00c9 \u00a0 \u00a0 \u00a0 \u00a0 \u00a0 LEONIDAS \u00a0 \u00a0 \u00a0 \u00a0 \u00a0BUSTOS \u00a0MART\u00cdNEZ \u00a0\u00a0<\/p>\n<p>Aprobado acta n\u00famero 48 \u00a0<\/p>\n<p>Bogot\u00e1 D.C., diecisiete de febrero de dos mil \u00a0diez. \u00a0\u00a0<\/p>\n<p>La \u00a0Sala \u00a0resuelve sobre el desistimiento del \u00a0recurso \u00a0 \u00a0de \u00a0 \u00a0casaci\u00f3n \u00a0 \u00a0presentado \u00a0 \u00a0por \u00a0 \u00a0el \u00a0 procesado \u00a0 Ricardo \u00a0Lozano \u00a0Prada, \u00a0coadyuvado por su \u00a0defensor. \u00a0\u00a0<\/p>\n<p>ANTECEDENTES \u00a0 \u00a0Y \u00a0CONSIDERACIONES \u00a0\u00a0<\/p>\n<p>El \u00a0Juzgado \u00a09\u00ba \u00a0Penal \u00a0del \u00a0Circuito \u00a0con \u00a0funciones \u00a0de \u00a0conocimiento de Bucaramanga mediante sentencia del 17 de marzo de \u00a02009, \u00a0conden\u00f3 \u00a0a \u00a0Ricardo \u00a0Lozano \u00a0Prada \u00a0a \u00a0la \u00a0pena \u00a0de 86 meses y 19 d\u00edas de prisi\u00f3n por los delitos de \u00a0hurto \u00a0calificado \u00a0agravado \u00a0y \u00a0porte \u00a0ilegal \u00a0de \u00a0armas \u00a0de \u00a0fuego \u00a0de \u00a0defensa \u00a0personal. \u00a0\u00a0<\/p>\n<p>El Tribunal Superior del Distrito Judicial de \u00a0esa \u00a0ciudad \u00a0confirm\u00f3 \u00a0la \u00a0decisi\u00f3n anterior mediante sentencia del 14 de mayo \u00a0siguiente, \u00a0la cual fue impugnada con el recurso extraordinario de casaci\u00f3n por \u00a0el defensor del acusado. \u00a0\u00a0<\/p>\n<p>La \u00a0actuaci\u00f3n \u00a0se \u00a0remiti\u00f3 \u00a0a \u00a0la \u00a0Sala \u00a0de \u00a0Casaci\u00f3n \u00a0Penal \u00a0de \u00a0la \u00a0Corte \u00a0Suprema \u00a0de \u00a0Justicia, \u00a0para \u00a0conocer del medio \u00a0extraordinario de impugnaci\u00f3n aludido. \u00a0\u00a0<\/p>\n<p>Con \u00a0memorial allegado a la secretar\u00eda de la \u00a0Sala \u00a0 \u00a0el \u00a0 \u00a0procesado \u00a0 \u00a0Lozano \u00a0 Prada \u00a0manifest\u00f3 \u00a0que \u00a0desist\u00eda del recurso, solicitud que coadyuv\u00f3 su \u00a0defensor luego de requerirlo con esa finalidad. \u00a0\u00a0<\/p>\n<p>Por \u00a0ser \u00a0procedente \u00a0la \u00a0Sala \u00a0aceptar\u00e1 \u00a0el \u00a0desistimiento \u00a0del \u00a0recurso \u00a0de casaci\u00f3n presentado por el procesado referido y \u00a0su \u00a0apoderado, \u00a0de acuerdo con lo establecido en el art\u00edculo 199 del C\u00f3digo de \u00a0Procedimiento \u00a0 \u00a0Penal \u00a0 \u00a0(L. \u00a0 \u00a0906\/04), \u00a0de \u00a0conformidad \u00a0con \u00a0el cual \u201cPodr\u00e1 desistirse del recurso de \u00a0casaci\u00f3n \u00a0 y \u00a0 de \u00a0 la \u00a0 acci\u00f3n \u00a0 de \u00a0revisi\u00f3n \u00a0antes \u00a0de \u00a0que \u00a0la \u00a0Sala \u00a0las \u00a0decida.\u201d \u00a0\u00a0<\/p>\n<p>En \u00a0m\u00e9rito \u00a0de \u00a0lo \u00a0expuesto, \u00a0la \u00a0 \u00a0Corte \u00a0 \u00a0Suprema \u00a0 de \u00a0 Justicia, \u00a0 en \u00a0 Sala \u00a0 de \u00a0 Casaci\u00f3n \u00a0Penal, \u00a0\u00a0<\/p>\n<p>RESUELVE \u00a0<\/p>\n<p>Aceptar \u00a0 el \u00a0 desistimiento \u00a0 del \u00a0recurso \u00a0extraordinario \u00a0 de \u00a0 casaci\u00f3n \u00a0 presentado \u00a0 por \u00a0 el \u00a0procesado \u00a0Ricardo \u00a0Lozano \u00a0Prada, \u00a0coadyuvado por su \u00a0defensor. \u00a0\u00a0<\/p>\n<p>Notif\u00edquese y c\u00famplase. \u00a0<\/p>\n<p>MAR\u00cdA \u00a0 \u00a0DEL \u00a0 ROSARIO \u00a0 GONZ\u00c1LEZ \u00a0 DE \u00a0LEMOS \u00a0\u00a0<\/p>\n<p>JOS\u00c9 \u00a0 \u00a0 \u00a0 LEONIDAS \u00a0 \u00a0 \u00a0 BUSTOS \u00a0MART\u00cdNEZ\u00a0\u00a0\u00a0 SIGIFREDO ESPINOSA P\u00c9REZ \u00a0\u00a0<\/p>\n<p>ALFREDO \u00a0 \u00a0 \u00a0 \u00a0 \u00a0 G\u00d3MEZ \u00a0QUINTERO\u00a0\u00a0\u00a0\u00a0\u00a0\u00a0\u00a0\u00a0\u00a0\u00a0\u00a0\u00a0\u00a0\u00a0\u00a0\u00a0\u00a0\u00a0 \u00a0AUGUSTO J. IB\u00c1\u00d1EZ GUZM\u00c1N \u00a0\u00a0<\/p>\n<p>JORGE \u00a0 \u00a0 \u00a0 LUIS \u00a0 \u00a0 \u00a0 QUINTERO \u00a0MILAN\u00c9S\u00a0\u00a0\u00a0\u00a0\u00a0\u00a0\u00a0\u00a0\u00a0\u00a0\u00a0 \u00a0YESID RAM\u00cdREZ BASTIDAS \u00a0\u00a0<\/p>\n<p>Permiso \u00a0<\/p>\n<p>JULIO \u00a0 \u00a0 \u00a0 ENRIQUE \u00a0 \u00a0 \u00a0 SOCHA \u00a0SALAMANCA\u00a0\u00a0\u00a0\u00a0\u00a0 JAVIER ZAPATA ORTIZ \u00a0\u00a0<\/p>\n<p>TERESA RUIZ N\u00da\u00d1EZ \u00a0<\/p>\n<p>Secretaria \u00a0 \u00a0<\/p>\n<p><\/p>\n","protected":false},"excerpt":{"rendered":"<p>\u00a0 \u00a0 Proceso n.\u00b0 32485 \u00a0 CORTE SUPREMA DE JUSTICIA \u00a0 SALA DE CASACION PENAL \u00a0 Magistrado \u00a0Ponente \u00a0\u00a0 Dr. \u00a0JOS\u00c9 \u00a0 \u00a0 \u00a0 \u00a0 \u00a0 LEONIDAS \u00a0 \u00a0 \u00a0 \u00a0 \u00a0BUSTOS \u00a0MART\u00cdNEZ \u00a0\u00a0 Aprobado acta n\u00famero 48 \u00a0 Bogot\u00e1 D.C., diecisiete de febrero de dos mil \u00a0diez. \u00a0\u00a0 La \u00a0Sala \u00a0resuelve sobre el desistimiento [&hellip;]<\/p>\n","protected":false},"author":1,"featured_media":0,"comment_status":"open","ping_status":"open","sticky":false,"template":"","format":"standard","meta":{"footnotes":""},"categories":[18],"tags":[],"class_list":["post-20363","post","type-post","status-publish","format-standard","hentry","category-18"],"_links":{"self":[{"href":"https:\/\/dmsjuridica.com\/buscador_20179478954\/salapenalcronologico20230723\/wp-json\/wp\/v2\/posts\/20363","targetHints":{"allow":["GET"]}}],"collection":[{"href":"https:\/\/dmsjuridica.com\/buscador_20179478954\/salapenalcronologico20230723\/wp-json\/wp\/v2\/posts"}],"about":[{"href":"https:\/\/dmsjuridica.com\/buscador_20179478954\/salapenalcronologico20230723\/wp-json\/wp\/v2\/types\/post"}],"author":[{"embeddable":true,"href":"https:\/\/dmsjuridica.com\/buscador_20179478954\/salapenalcronologico20230723\/wp-json\/wp\/v2\/users\/1"}],"replies":[{"embeddable":true,"href":"https:\/\/dmsjuridica.com\/buscador_20179478954\/salapenalcronologico20230723\/wp-json\/wp\/v2\/comments?post=20363"}],"version-history":[{"count":0,"href":"https:\/\/dmsjuridica.com\/buscador_20179478954\/salapenalcronologico20230723\/wp-json\/wp\/v2\/posts\/20363\/revisions"}],"wp:attachment":[{"href":"https:\/\/dmsjuridica.com\/buscador_20179478954\/salapenalcronologico20230723\/wp-json\/wp\/v2\/media?parent=20363"}],"wp:term":[{"taxonomy":"category","embeddable":true,"href":"https:\/\/dmsjuridica.com\/buscador_20179478954\/salapenalcronologico20230723\/wp-json\/wp\/v2\/categories?post=20363"},{"taxonomy":"post_tag","embeddable":true,"href":"https:\/\/dmsjuridica.com\/buscador_20179478954\/salapenalcronologico20230723\/wp-json\/wp\/v2\/tags?post=20363"}],"curies":[{"name":"wp","href":"https:\/\/api.w.org\/{rel}","templated":true}]}}