{"id":20252,"date":"2023-09-11T22:52:48","date_gmt":"2023-09-11T22:52:48","guid":{"rendered":"https:\/\/dmsjuridica.com\/buscador_20179478954\/salapenalcronologico20230723\/2023\/09\/11\/3154507-04-10\/"},"modified":"2023-09-11T22:52:48","modified_gmt":"2023-09-11T22:52:48","slug":"3154507-04-10","status":"publish","type":"post","link":"https:\/\/dmsjuridica.com\/buscador_20179478954\/salapenalcronologico20230723\/2023\/09\/11\/3154507-04-10\/","title":{"rendered":"31545(07-04-10)"},"content":{"rendered":"\n<p>\u00a0 \u00a0 Proceso n.\u00b0 31545 \u00a0<\/p>\n<p>CORTE SUPREMA DE JUSTICIA \u00a0<\/p>\n<p>SALA DE CASACI\u00d3N PENAL \u00a0<\/p>\n<p>Magistrado Ponente: \u00a0<\/p>\n<p>JORGE LUIS QUINTERO MILAN\u00c9S \u00a0<\/p>\n<p>Aprobado acta N\u00b0 098 \u00a0<\/p>\n<p>Bogot\u00e1, D. C., siete (7) de abril de dos mil \u00a0diez (2010) \u00a0\u00a0<\/p>\n<p>V I S T O S \u00a0<\/p>\n<p>La Corte decide el desistimiento del recurso \u00a0de \u00a0casaci\u00f3n \u00a0presentado \u00a0por \u00a0los procesados JONATHAN \u00a0FABI\u00c1N \u00a0 \u00a0RODR\u00cdGUEZ \u00a0 \u00a0OROZCO \u00a0 \u00a0y \u00a0 \u00a0JUAN \u00a0 \u00a0CARLOS \u00a0 MANUEL \u00a0 N\u00da\u00d1EZ \u00a0 VERA, \u00a0coadyuvados por su defensora. \u00a0\u00a0<\/p>\n<p>ANTECEDENTES\u00a0 \u00a0 \u00a0 \u00a0 \u00a0 Y \u00a0CONSIDERACIONES \u00a0\u00a0<\/p>\n<p>1.\u00a0 \u00a0El \u00a0Juzgado \u00a0Tercero \u00a0Penal \u00a0del \u00a0Circuito \u00a0con Funciones de Conocimiento de C\u00facuta, mediante sentencia del 25 de \u00a0agosto \u00a0de \u00a02008, \u00a0conden\u00f3 \u00a0a \u00a0los \u00a0acusados \u00a0Jonathan \u00a0Fabi\u00e1n \u00a0 \u00a0Rodr\u00edguez \u00a0 \u00a0Orozco \u00a0 \u00a0y \u00a0 \u00a0Juan \u00a0Carlos \u00a0Manuel N\u00fa\u00f1ez Vera a la pena \u00a0principal \u00a0de \u00a074.5 \u00a0meses \u00a0de \u00a0prisi\u00f3n, como coautores de los delitos de hurto \u00a0calificado \u00a0y \u00a0agravado \u00a0y \u00a0fabricaci\u00f3n, \u00a0tr\u00e1fico \u00a0y porte de armas de fuego o \u00a0municiones. \u00a0\u00a0<\/p>\n<p>Apelado \u00a0el \u00a0fallo \u00a0por \u00a0los procesados y su \u00a0defensora, el Tribunal Superior de \u00a0\u00a0<\/p>\n<p>C\u00facuta, \u00a0el 30 de octubre de dicho a\u00f1o, lo \u00a0modific\u00f3 \u00a0en \u00a0el \u00a0sentido \u00a0de condenar a los acusados a la pena principal de 62 \u00a0meses y 21 d\u00edas de prisi\u00f3n. En lo dem\u00e1s lo confirm\u00f3. \u00a0\u00a0<\/p>\n<p>Contra \u00a0 esta \u00a0determinaci\u00f3n, \u00a0la \u00a0citada \u00a0profesional del derecho interpuso recurso de casaci\u00f3n. \u00a0\u00a0<\/p>\n<p>2.\u00a0 \u00a0Ahora \u00a0\u00faltimo, \u00a0los \u00a0procesados \u00a0Jonathan \u00a0 Fabi\u00e1n \u00a0 Rodr\u00edguez \u00a0 Orozco \u00a0 y \u00a0 Juan \u00a0Carlos \u00a0Manuel \u00a0N\u00fa\u00f1ez \u00a0Vera \u00a0y su defensora, mediante escrito que hicieron llegar a \u00a0esta \u00a0 \u00a0 Corporaci\u00f3n, \u00a0 \u00a0 manifestaron \u00a0 \u00a0 su \u00a0 \u00a0 deseo \u00a0 \u00a0 de \u00a0 \u00a0 desistir \u00a0 del \u00a0 recurso \u00a0 de \u00a0 casaci\u00f3n \u00a0interpuesto por su apoderada. \u00a0\u00a0<\/p>\n<p>Al \u00a0momento \u00a0de \u00a0presentarse \u00a0la \u00a0mencionada \u00a0petici\u00f3n, \u00a0el \u00a0proceso \u00a0se \u00a0encontraba \u00a0pendiente \u00a0para \u00a0pronunciarse \u00a0sobre la \u00a0admisi\u00f3n \u00a0de \u00a0la \u00a0demanda; sin embargo, se dar\u00e1 prelaci\u00f3n a la manifestaci\u00f3n \u00a0de voluntad expresada por los procesados. \u00a0\u00a0<\/p>\n<p>Por \u00a0consiguiente, \u00a0la \u00a0Corte \u00a0acceder\u00e1 \u00a0al \u00a0desistimiento \u00a0 del \u00a0recurso \u00a0de \u00a0casaci\u00f3n \u00a0presentado \u00a0por \u00a0los \u00a0condenados \u00a0y \u00a0coadyuvado \u00a0por \u00a0su defensora, de acuerdo con lo establecido en el art\u00edculo 199 \u00a0del \u00a0C\u00f3digo \u00a0de \u00a0Procedimiento \u00a0Penal \u00a0(Ley \u00a0906 \u00a0de \u00a02004), seg\u00fan el cual, se \u00a0\u201cpodr\u00e1 \u00a0 desistir \u00a0del \u00a0recurso \u00a0de \u00a0casaci\u00f3n \u00a0y \u00a0de \u00a0la \u00a0acci\u00f3n de revisi\u00f3n antes de que la Sala las \u00a0decida\u201d. \u00a0\u00a0<\/p>\n<p>En \u00a0m\u00e9rito \u00a0de lo expuesto, la CORTE \u00a0SUPREMA \u00a0DE \u00a0JUSTICIA, SALA DE CASACI\u00d3N PENAL, \u00a0\u00a0<\/p>\n<p>R E S U E L V E \u00a0<\/p>\n<p>ACEPTAR \u00a0 \u00a0el \u00a0desistimiento \u00a0del \u00a0recurso \u00a0extraordinario \u00a0de \u00a0casaci\u00f3n \u00a0presentado \u00a0por \u00a0los \u00a0procesados \u00a0 \u00a0 \u00a0JONATHAN \u00a0 \u00a0 FABI\u00c1N \u00a0 \u00a0 RODR\u00cdGUEZ \u00a0OROZCO \u00a0y \u00a0JUAN CARLOS MANUEL \u00a0N\u00da\u00d1EZ \u00a0 \u00a0VERA, \u00a0 coadyuvado \u00a0 por \u00a0 su \u00a0 defensora. \u00a0\u00a0<\/p>\n<p>Rem\u00edtase el expediente al Tribunal Superior \u00a0de C\u00facuta. \u00a0\u00a0<\/p>\n<p>C\u00f3piese, \u00a0 \u00a0 \u00a0notif\u00edquese \u00a0 \u00a0 \u00a0y \u00a0c\u00famplase. \u00a0\u00a0<\/p>\n<p>MAR\u00cdA \u00a0 DEL \u00a0 ROSARIO \u00a0 GONZ\u00c1LEZ \u00a0 DE \u00a0LEMOS \u00a0\u00a0<\/p>\n<p>JOS\u00c9 LEONIDAS BUSTOS MART\u00cdNEZ \u00a0\u00a0 \u00a0\u00a0 \u00a0\u00a0 \u00a0\u00a0 \u00a0\u00a0 \u00a0\u00a0 \u00a0 \u00a0 \u00a0 \u00a0 \u00a0 \u00a0SIGIFREDO \u00a0 \u00a0 ESPINOSA \u00a0P\u00c9REZ \u00a0\u00a0<\/p>\n<p>ALFREDO \u00a0 G\u00d3MEZ \u00a0 QUINTERO \u00a0\u00a0 \u00a0\u00a0 \u00a0\u00a0 \u00a0\u00a0 \u00a0\u00a0 \u00a0\u00a0 \u00a0 \u00a0\u00a0 \u00a0 \u00a0 \u00a0 \u00a0 \u00a0 \u00a0 \u00a0 \u00a0 \u00a0\u00a0AUGUSTO J. IBA\u00d1EZ GUZM\u00c1N \u00a0\u00a0<\/p>\n<p>JORGE \u00a0LUIS \u00a0QUINTERO \u00a0MILAN\u00c9S \u00a0\u00a0 \u00a0\u00a0 \u00a0\u00a0 \u00a0\u00a0 \u00a0\u00a0 \u00a0\u00a0 \u00a0 \u00a0 \u00a0\u00a0 \u00a0 \u00a0 \u00a0\u00a0YESID \u00a0 \u00a0 \u00a0RAM\u00cdREZ \u00a0BASTIDAS \u00a0 \u00a0 \u00a0 \u00a0 \u00a0\u00a0<\/p>\n<p>JULIO \u00a0ENRIQUE \u00a0SOCHA SALAMANCA \u00a0\u00a0 \u00a0\u00a0 \u00a0\u00a0 \u00a0\u00a0 \u00a0\u00a0 \u00a0\u00a0 \u00a0 \u00a0 \u00a0 \u00a0 \u00a0 \u00a0JAVIER\u00a0 \u00a0 \u00a0ZAPATA \u00a0ORTIZ \u00a0\u00a0<\/p>\n<p>\u00a0 \u00a0\u00a0 \u00a0\u00a0 \u00a0 \u00a0\u00a0 \u00a0\u00a0 \u00a0\u00a0 \u00a0\u00a0 \u00a0\u00a0 \u00a0\u00a0 \u00a0 \u00a0\u00a0 \u00a0 \u00a0 \u00a0 \u00a0 \u00a0 \u00a0 \u00a0 \u00a0 \u00a0\u00a0 \u00a0 \u00a0 \u00a0 \u00a0 \u00a0\u00a0 \u00a0\u00a0 \u00a0\u00a0 \u00a0\u00a0 \u00a0\u00a0 \u00a0\u00a0 \u00a0\u00a0 \u00a0\u00a0 \u00a0 \u00a0\u00a0 \u00a0 \u00a0 \u00a0 \u00a0 \u00a0 \u00a0 \u00a0 \u00a0 \u00a0\u00a0 \u00a0 \u00a0 \u00a0 \u00a0 \u00a0\u00a0 \u00a0\u00a0 \u00a0 \u00a0 \u00a0 \u00a0 \u00a0\u00a0<\/p>\n<p>TERESA RUIZ N\u00da\u00d1EZ \u00a0<\/p>\n<p>\u00a0\u00a0\u00a0 Secretaria \u00a0<\/p>\n<p>\u00a0 \u00a0\u00a0<\/p>\n<p><\/p>\n","protected":false},"excerpt":{"rendered":"<p>\u00a0 \u00a0 Proceso n.\u00b0 31545 \u00a0 CORTE SUPREMA DE JUSTICIA \u00a0 SALA DE CASACI\u00d3N PENAL \u00a0 Magistrado Ponente: \u00a0 JORGE LUIS QUINTERO MILAN\u00c9S \u00a0 Aprobado acta N\u00b0 098 \u00a0 Bogot\u00e1, D. C., siete (7) de abril de dos mil \u00a0diez (2010) \u00a0\u00a0 V I S T O S \u00a0 La Corte decide el desistimiento del [&hellip;]<\/p>\n","protected":false},"author":1,"featured_media":0,"comment_status":"open","ping_status":"open","sticky":false,"template":"","format":"standard","meta":{"footnotes":""},"categories":[18],"tags":[],"class_list":["post-20252","post","type-post","status-publish","format-standard","hentry","category-18"],"_links":{"self":[{"href":"https:\/\/dmsjuridica.com\/buscador_20179478954\/salapenalcronologico20230723\/wp-json\/wp\/v2\/posts\/20252","targetHints":{"allow":["GET"]}}],"collection":[{"href":"https:\/\/dmsjuridica.com\/buscador_20179478954\/salapenalcronologico20230723\/wp-json\/wp\/v2\/posts"}],"about":[{"href":"https:\/\/dmsjuridica.com\/buscador_20179478954\/salapenalcronologico20230723\/wp-json\/wp\/v2\/types\/post"}],"author":[{"embeddable":true,"href":"https:\/\/dmsjuridica.com\/buscador_20179478954\/salapenalcronologico20230723\/wp-json\/wp\/v2\/users\/1"}],"replies":[{"embeddable":true,"href":"https:\/\/dmsjuridica.com\/buscador_20179478954\/salapenalcronologico20230723\/wp-json\/wp\/v2\/comments?post=20252"}],"version-history":[{"count":0,"href":"https:\/\/dmsjuridica.com\/buscador_20179478954\/salapenalcronologico20230723\/wp-json\/wp\/v2\/posts\/20252\/revisions"}],"wp:attachment":[{"href":"https:\/\/dmsjuridica.com\/buscador_20179478954\/salapenalcronologico20230723\/wp-json\/wp\/v2\/media?parent=20252"}],"wp:term":[{"taxonomy":"category","embeddable":true,"href":"https:\/\/dmsjuridica.com\/buscador_20179478954\/salapenalcronologico20230723\/wp-json\/wp\/v2\/categories?post=20252"},{"taxonomy":"post_tag","embeddable":true,"href":"https:\/\/dmsjuridica.com\/buscador_20179478954\/salapenalcronologico20230723\/wp-json\/wp\/v2\/tags?post=20252"}],"curies":[{"name":"wp","href":"https:\/\/api.w.org\/{rel}","templated":true}]}}