{"id":20223,"date":"2023-09-11T22:52:46","date_gmt":"2023-09-11T22:52:46","guid":{"rendered":"https:\/\/dmsjuridica.com\/buscador_20179478954\/salapenalcronologico20230723\/2023\/09\/11\/3106925-08-10\/"},"modified":"2023-09-11T22:52:46","modified_gmt":"2023-09-11T22:52:46","slug":"3106925-08-10","status":"publish","type":"post","link":"https:\/\/dmsjuridica.com\/buscador_20179478954\/salapenalcronologico20230723\/2023\/09\/11\/3106925-08-10\/","title":{"rendered":"31069(25-08-10)"},"content":{"rendered":"\n<p>\u00a0 \u00a0 Proceso n.\u00ba 31069 \u00a0<\/p>\n<p>CORTE SUPREMA DE JUSTICIA \u00a0<\/p>\n<p>SALA DE CASACI\u00d3N PENAL \u00a0<\/p>\n<p>MAGISTRADO PONENTE \u00a0<\/p>\n<p>AUGUSTO J. IB\u00c1\u00d1EZ GUZM\u00c1N \u00a0<\/p>\n<p>Aprobado: Acta No. 267 \u00a0<\/p>\n<p>Bogot\u00e1, D. C., veinticinco (25) de agosto de \u00a0dos mil diez (2010). \u00a0\u00a0<\/p>\n<p>MOTIVO DE LA DECISI\u00d3N \u00a0<\/p>\n<p>La Corte, de conformidad con lo dispuesto en \u00a0el \u00a0art\u00edculo 412 de la Ley 600 de 2000, procede a aclarar el fallo proferido el \u00a03 \u00a0de \u00a0marzo \u00a0del \u00a0a\u00f1o \u00a0en \u00a0curso, \u00a0mediante el cual se conden\u00f3 a Carlos \u00a0Alberto \u00a0Palacios \u00a0Palacio, \u00a0en su \u00a0condici\u00f3n \u00a0 de \u00a0 ex \u00a0 Gobernador \u00a0del \u00a0Departamento \u00a0del \u00a0Putumayo. \u00a0\u00a0<\/p>\n<p>CONSIDERACIONES \u00a0<\/p>\n<p>1. \u00a0El \u00a02 \u00a0de \u00a0diciembre \u00a0de\u00a0 \u00a02008, el \u00a0Despacho \u00a0del \u00a0Se\u00f1or \u00a0Fiscal \u00a0General \u00a0de \u00a0la Naci\u00f3n, profiri\u00f3 resoluci\u00f3n de \u00a0acusaci\u00f3n \u00a0en \u00a0contra \u00a0de \u00a0Carlos Alberto Palacios Palacio, a quien previamente \u00a0identific\u00f3 \u00a0con \u00a0la \u00a0c\u00e9dula \u00a0de \u00a0ciudadan\u00eda \u00a0n\u00famero 18.523.398 del Valle del \u00a0Guamuez, \u00a0hijo \u00a0de Miguel Antonio Palacios Moncayo y Rosal\u00eda Palacios Ordo\u00f1ez, \u00a0nacido \u00a0en \u00a0Mocoa \u00a0el \u00a011 \u00a0de \u00a0febrero \u00a0de \u00a01963, \u00a0en \u00a0uni\u00f3n libre con Carolina \u00a0Gonz\u00e1lez \u00a0Vivas, \u00a0padre \u00a0de 3 hijos, fil\u00f3sofo de la Universidad Santo Tom\u00e1s y \u00a0Te\u00f3logo de la Universidad Javeriana. \u00a0\u00a0<\/p>\n<p>2.\u00a0 \u00a0Mediante \u00a0fallo \u00a0del 3 de marzo de \u00a02010, \u00a0la \u00a0Sala \u00a0profiri\u00f3 \u00a0sentencia \u00a0condenatoria \u00a0en \u00a0contra \u00a0de Carlos \u00a0 \u00a0Alberto \u00a0 \u00a0Palacios \u00a0 \u00a0Palacio, \u00a0identificado \u00a0con \u00a0la \u00a0c\u00e9dula \u00a0de \u00a0ciudadan\u00eda n\u00famero 18.523.398 del Valle del \u00a0Guamuez, \u00a0por lo que la Secretar\u00eda dispuso la remisi\u00f3n de las comunicaciones a \u00a0las autoridades de ley. \u00a0\u00a0<\/p>\n<p>3.\u00a0 \u00a0A \u00a0trav\u00e9s \u00a0de sendos informes, el \u00a0Departamento \u00a0Administrativo de Seguridad, DAS, y la Registradur\u00eda Nacional del \u00a0Estado \u00a0Civil, \u00a0solicitan \u00a0a la Sala efectuar las correcciones respectivas, toda \u00a0vez \u00a0que \u00a0el \u00a0cupo \u00a0num\u00e9rico \u00a018.523.398 no le pertenece al se\u00f1or Carlos Alberto Palacios Palacio. \u00a0\u00a0<\/p>\n<p>Verificada \u00a0tal \u00a0informaci\u00f3n, \u00a0se tiene que \u00a0concurri\u00f3 \u00a0un \u00a0lapsus calami \u00a0por \u00a0parte \u00a0del Se\u00f1or Fiscal General de la Naci\u00f3n\u00a0 al momento de escribir \u00a0el \u00a0n\u00famero \u00a0de la c\u00e9dula del se\u00f1or Palacios Palacio, \u00a0como \u00a0que \u00a0el correcto es 18.152.398 expedida en Valle \u00a0del Guamu\u00e9z. \u00a0\u00a0<\/p>\n<p>4.\u00a0 \u00a0 Advertida \u00a0 la \u00a0 inconsistencia \u00a0num\u00e9rica, \u00a0es procedente aclarar la sentencia emanada de esta Corporaci\u00f3n, con \u00a0el \u00a0 \u00fanico \u00a0 fin \u00a0 de \u00a0 corregir \u00a0el \u00a0n\u00famero \u00a0de \u00a0la \u00a0c\u00e9dula \u00a0de \u00a0ciudadan\u00eda \u00a0correspondiente \u00a0 al \u00a0 se\u00f1or\u00a0 \u00a0 Carlos \u00a0Alberto \u00a0Palacios \u00a0Palacio, seg\u00fan lo previene el art\u00edculo 412 \u00a0de la Ley 600 de 2000. \u00a0\u00a0<\/p>\n<p>En \u00a0virtud \u00a0de \u00a0lo \u00a0expuesto, \u00a0la \u00a0Sala \u00a0de \u00a0Casaci\u00f3n Penal de la Corte Suprema de Justicia, \u00a0\u00a0<\/p>\n<p>RESUELVE \u00a0<\/p>\n<p>\u00a0 \u00a0 \u00a0 \u00a0 \u00a0<\/p>\n<p>Aclarar el fallo de \u00a0fecha \u00a03 \u00a0de \u00a0marzo de 2010, en el sentido de indicar que el n\u00famero correcto de \u00a0la \u00a0 \u00a0c\u00e9dula \u00a0 \u00a0de \u00a0 ciudadan\u00eda \u00a0 correspondiente \u00a0 al \u00a0 se\u00f1or \u00a0 Carlos \u00a0Alberto \u00a0Palacios Palacio,\u00a0 es \u00a018.152.398 \u00a0 expedida \u00a0en \u00a0Valle \u00a0del \u00a0Guamu\u00e9z. \u00a0L\u00edbrense \u00a0las \u00a0comunicaciones \u00a0respectivas. \u00a0\u00a0<\/p>\n<p>Notif\u00edquese y c\u00famplase. \u00a0<\/p>\n<p>MAR\u00cdA \u00a0 \u00a0DEL \u00a0 ROSARIO \u00a0 GONZ\u00c1LEZ \u00a0 DE \u00a0LEMOS \u00a0\u00a0<\/p>\n<p>JOS\u00c9 \u00a0LEONIDAS \u00a0BUSTOS MART\u00cdNEZ \u00a0\u00a0<\/p>\n<p>\u00a0\u00a0 \u00a0 \u00a0 \u00a0 \u00a0 \u00a0<\/p>\n<p>SIGIFREDO ESPINOSA \u00a0P\u00c9REZ \u00a0<\/p>\n<p>ALFREDO \u00a0G\u00d3MEZ \u00a0QUINTERO \u00a0\u00a0 \u00a0 \u00a0 \u00a0 \u00a0 \u00a0<\/p>\n<p>AUGUSTO J. IB\u00c1\u00d1EZ \u00a0GUZM\u00c1N \u00a0<\/p>\n<p>JORGE LUIS QUINTERO \u00a0MILAN\u00c9S \u00a0\u00a0<\/p>\n<p>\u00a0\u00a0 \u00a0 \u00a0 \u00a0 \u00a0 \u00a0<\/p>\n<p>YESID \u00a0RAM\u00cdREZ \u00a0BASTIDAS \u00a0<\/p>\n<p>JULIO ENRIQUE SOCHA \u00a0SALAMANCA \u00a0\u00a0 \u00a0 \u00a0 \u00a0 \u00a0 \u00a0<\/p>\n<p>JAVIER \u00a0ZAPATA \u00a0ORTIZ \u00a0<\/p>\n<p>TERESA RUIZ N\u00da\u00d1EZ \u00a0<\/p>\n<p>Secretaria \u00a0<\/p>\n<p>\u00a0 \u00a0\u00a0<\/p>\n<p><\/p>\n","protected":false},"excerpt":{"rendered":"<p>\u00a0 \u00a0 Proceso n.\u00ba 31069 \u00a0 CORTE SUPREMA DE JUSTICIA \u00a0 SALA DE CASACI\u00d3N PENAL \u00a0 MAGISTRADO PONENTE \u00a0 AUGUSTO J. IB\u00c1\u00d1EZ GUZM\u00c1N \u00a0 Aprobado: Acta No. 267 \u00a0 Bogot\u00e1, D. C., veinticinco (25) de agosto de \u00a0dos mil diez (2010). \u00a0\u00a0 MOTIVO DE LA DECISI\u00d3N \u00a0 La Corte, de conformidad con lo dispuesto en [&hellip;]<\/p>\n","protected":false},"author":1,"featured_media":0,"comment_status":"open","ping_status":"open","sticky":false,"template":"","format":"standard","meta":{"footnotes":""},"categories":[18],"tags":[],"class_list":["post-20223","post","type-post","status-publish","format-standard","hentry","category-18"],"_links":{"self":[{"href":"https:\/\/dmsjuridica.com\/buscador_20179478954\/salapenalcronologico20230723\/wp-json\/wp\/v2\/posts\/20223","targetHints":{"allow":["GET"]}}],"collection":[{"href":"https:\/\/dmsjuridica.com\/buscador_20179478954\/salapenalcronologico20230723\/wp-json\/wp\/v2\/posts"}],"about":[{"href":"https:\/\/dmsjuridica.com\/buscador_20179478954\/salapenalcronologico20230723\/wp-json\/wp\/v2\/types\/post"}],"author":[{"embeddable":true,"href":"https:\/\/dmsjuridica.com\/buscador_20179478954\/salapenalcronologico20230723\/wp-json\/wp\/v2\/users\/1"}],"replies":[{"embeddable":true,"href":"https:\/\/dmsjuridica.com\/buscador_20179478954\/salapenalcronologico20230723\/wp-json\/wp\/v2\/comments?post=20223"}],"version-history":[{"count":0,"href":"https:\/\/dmsjuridica.com\/buscador_20179478954\/salapenalcronologico20230723\/wp-json\/wp\/v2\/posts\/20223\/revisions"}],"wp:attachment":[{"href":"https:\/\/dmsjuridica.com\/buscador_20179478954\/salapenalcronologico20230723\/wp-json\/wp\/v2\/media?parent=20223"}],"wp:term":[{"taxonomy":"category","embeddable":true,"href":"https:\/\/dmsjuridica.com\/buscador_20179478954\/salapenalcronologico20230723\/wp-json\/wp\/v2\/categories?post=20223"},{"taxonomy":"post_tag","embeddable":true,"href":"https:\/\/dmsjuridica.com\/buscador_20179478954\/salapenalcronologico20230723\/wp-json\/wp\/v2\/tags?post=20223"}],"curies":[{"name":"wp","href":"https:\/\/api.w.org\/{rel}","templated":true}]}}