{"id":20175,"date":"2023-09-11T22:52:44","date_gmt":"2023-09-11T22:52:44","guid":{"rendered":"https:\/\/dmsjuridica.com\/buscador_20179478954\/salapenalcronologico20230723\/2023\/09\/11\/3012614-12-10\/"},"modified":"2023-09-11T22:52:44","modified_gmt":"2023-09-11T22:52:44","slug":"3012614-12-10","status":"publish","type":"post","link":"https:\/\/dmsjuridica.com\/buscador_20179478954\/salapenalcronologico20230723\/2023\/09\/11\/3012614-12-10\/","title":{"rendered":"30126(14-12-10)"},"content":{"rendered":"\n<p>\u00a0 \u00a0 Proceso n.\u00ba 30126 \u00a0<\/p>\n<p>CORTE SUPREMA DE JUSTICIA \u00a0<\/p>\n<p>SALA DE CASACI\u00d3N PENAL \u00a0<\/p>\n<p>Aprobado Acta No. 419 \u00a0<\/p>\n<p>Bogot\u00e1, \u00a0 D.C., \u00a0 14 \u00a0 de \u00a0 diciembre \u00a0 de \u00a02010 \u00a0\u00a0<\/p>\n<p>VISTOS \u00a0<\/p>\n<p>Procede la Sala a dictar sentencia anticipada \u00a0dentro \u00a0del \u00a0proceso \u00a0adelantado \u00a0contra RAM\u00d3N ANTONIO \u00a0VALENCIA \u00a0DUQUE, quien en su calidad de ex congresista \u00a0acept\u00f3 cargos por el delito de Concierto para Delinquir Agravado. \u00a0\u00a0<\/p>\n<p>HECHOS \u00a0<\/p>\n<p>\u00c9VER \u00a0VELOZA \u00a0GARC\u00cdA, \u00a0alias \u00a0\u201cHH\u201d, en \u00a0versi\u00f3n \u00a0que \u00a0rindi\u00f3 \u00a0el \u00a09 \u00a0de junio de 2008 ante una fiscal delegada para la \u00a0justicia \u00a0y \u00a0la \u00a0paz, \u00a0afirm\u00f3 \u00a0que \u00a0ANTONIO \u00a0VALENCIA \u00a0DUQUE \u00a0fue \u00a0apoyado en sus aspiraciones pol\u00edticas por \u00a0el \u00a0 Bloque \u00a0 \u00c9lmer \u00a0C\u00e1rdenas \u00a0que \u00a0comandaba \u00a0FREDY \u00a0REND\u00d3N \u00a0HERRERA, \u00a0alias \u00a0\u201cAlem\u00e1n\u201d. \u00a0Como \u00a0respaldo \u00a0de \u00a0sus \u00a0afirmaciones \u00a0aport\u00f3 \u00a0un \u00a0ejemplar del \u00a0peri\u00f3dico \u00a0El \u00a0Heraldo \u00a0de \u00a0Urab\u00e1, \u00a0de amplia circulaci\u00f3n en la regi\u00f3n donde \u00a0operaba \u00a0 ese \u00a0 grupo, \u00a0 en \u00a0 el \u00a0cual \u00a0aparecen \u00a0referencias \u00a0sobre \u00a0ASOCOM\u00daN, \u00a0organizaci\u00f3n \u00a0liderada \u00a0por el hermano del \u201cAlem\u00e1n\u201d -GERM\u00c1N MONSALVE-, de \u00a0la \u00a0 que \u00a0 fue \u00a0 asesor \u00a0el \u00a0ex \u00a0congresista \u00a0VALENCIA \u00a0DUQUE \u00a0y \u00a0fotocopia \u00a0de \u00a0la \u00a0carta enviada por BENIGNO \u00a0ANTONIO \u00a0 GIL \u00a0 VALENCIA \u00a0 -l\u00edder \u00a0del \u00a0municipio \u00a0de \u00a0Carepa- \u00a0a \u00a0RAM\u00d3N \u00a0ANTONIO \u00a0VALENCIA DUQUE, en la cual \u00a0aqu\u00e9l \u00a0le \u00a0cobra \u00a0una \u00a0suma \u00a0de \u00a0dinero\u00a0 invertida con ocasi\u00f3n del debate \u00a0electoral \u00a0que lo tuvo como candidato al Senado de la Rep\u00fablica y le expresa su \u00a0malestar \u00a0con la informaci\u00f3n recibida en torno a la fallida financiaci\u00f3n de la \u00a0campa\u00f1a \u00a0de \u00a0parte \u00a0del \u201cAlem\u00e1n\u201d y \u201cMono Veloza\u201d, quienes, al parecer, \u00a0no enviaron los recursos prometidos. \u00a0\u00a0<\/p>\n<p>IDENTIFICACI\u00d3N DEL PROCESADO \u00a0<\/p>\n<p>RAM\u00d3N \u00a0ANTONIO VALENCIA DUQUE, naci\u00f3 \u00a0en \u00a0Marinilla, \u00a0Antioquia, \u00a0el 28 de agosto de 1947, hijo de \u00a0Valent\u00edn \u00a0y \u00a0Teresa, \u00a0identificado con la c\u00e9dula de ciudadan\u00eda No. 15.315.564 \u00a0de Yarumal, casado, padre de tres hijos y abogado de profesi\u00f3n. \u00a0\u00a0<\/p>\n<p>ACTUACION PROCESAL \u00a0<\/p>\n<p>\u00a0 \u00a0\u00a0<\/p>\n<p>* El \u00a04 \u00a0de julio de 2008, con fundamento en la informaci\u00f3n remitida por la Fiscal 17 \u00a0Delegada \u00a0ante el Tribunal Superior, Unidad Nacional de Justicia y Paz, la Corte \u00a0dispuso \u00a0iniciar la investigaci\u00f3n previa y la pr\u00e1ctica de pruebas orientadas a \u00a0la \u00a0determinaci\u00f3n \u00a0de \u00a0los \u00a0hechos \u00a0delictivos \u00a0puestos \u00a0en \u00a0conocimiento de la \u00a0Corporaci\u00f3n. \u00a0 \u00a0\u00a0<\/p>\n<p>\u00a0 \u00a0\u00a0<\/p>\n<p>* El \u00a0Secretario \u00a0General \u00a0del Senado de la Rep\u00fablica, mediante oficio de 23 de abril \u00a0de \u00a0 \u00a0 20091, \u00a0inform\u00f3 que mediante Resoluci\u00f3n de Mesa Directiva No. 165 de 22 \u00a0de \u00a0abril de 2009, le hab\u00edan aceptado la renuncia a la investidura como Senador \u00a0a \u00a0 \u00a0RAM\u00d3N \u00a0 ANTONIO \u00a0 VALENCIA \u00a0 DUQUE, \u00a0 lo \u00a0 cual \u00a0 produjo \u00a0 que \u00a0la \u00a0Corte2 \u00a0ordenara \u00a0el \u00a0env\u00edo \u00a0de \u00a0la \u00a0actuaci\u00f3n \u00a0a \u00a0la \u00a0Fiscal\u00eda \u00a0General \u00a0de \u00a0la \u00a0Naci\u00f3n \u00a0para \u00a0que \u00a0continuara su \u00a0tr\u00e1mite, \u00a0dado \u00a0que \u00a0la \u00a0conducta \u00a0punible \u00a0imputada no ten\u00eda relaci\u00f3n con la \u00a0funci\u00f3n \u00a0 congresional, \u00a0 seg\u00fan \u00a0 el \u00a0criterio \u00a0jurisprudencial \u00a0por \u00a0entonces \u00a0vigente. \u00a0 \u00a0\u00a0<\/p>\n<p>\u00a0 \u00a0\u00a0<\/p>\n<p>* La \u00a0Fiscal\u00eda \u00a0General de la Naci\u00f3n, mediante resoluci\u00f3n del 27 de agosto de 2009, \u00a0avoc\u00f33 \u00a0el \u00a0conocimiento \u00a0y \u00a0dispuso \u00a0recibirle \u00a0versi\u00f3n \u00a0al imputado, de \u00a0conformidad \u00a0con \u00a0lo \u00a0previsto \u00a0en el art\u00edculo 325 del C\u00f3digo de Procedimiento \u00a0Penal, \u00a0diligencia practicada el 31 de agosto de 20094. \u00a0 \u00a0\u00a0<\/p>\n<p>\u00a0 \u00a0\u00a0<\/p>\n<p>* El \u00a018 \u00a0de septiembre de 2009, a prop\u00f3sito de la decisi\u00f3n proferida por la Sala el \u00a01\u00ba \u00a0de \u00a0septiembre \u00a0del \u00a02009 \u00a0dentro del proceso radicado 31.653, reiterada el \u00a0d\u00eda \u00a015 \u00a0siguiente, \u00a0la \u00a0Fiscal\u00eda \u00a0decidi\u00f3\u00a0 \u00a0devolver \u00a0el \u00a0asunto a esta \u00a0Corporaci\u00f3n, \u00a0para \u00a0que \u00a0se evaluara la posibilidad de reasumir el conocimiento \u00a0de la investigaci\u00f3n. \u00a0 \u00a0\u00a0<\/p>\n<p>\u00a0 \u00a0\u00a0<\/p>\n<p>* En \u00a0auto \u00a0de \u00a024 \u00a0de \u00a0febrero \u00a0de \u00a02010, la Sala decidi\u00f3 asumir la competencia para \u00a0conocer \u00a0 de \u00a0 la \u00a0 investigaci\u00f3n \u00a0 contra \u00a0 el \u00a0 ex \u00a0congresista \u00a0RAM\u00d3N \u00a0ANTONIO \u00a0VALENCIA DUQUE, pese a que \u00a0ya \u00a0no \u00a0ostentaba5 \u00a0esa \u00a0condici\u00f3n, \u00a0como quiera que la conducta endilgada ten\u00eda una \u00a0relaci\u00f3n de imputaci\u00f3n concreta con la funci\u00f3n cumplida. \u00a0 \u00a0\u00a0<\/p>\n<p>\u00a0 \u00a0\u00a0<\/p>\n<p>* El \u00a029 \u00a0de \u00a0abril \u00a0de \u00a02010 la Corporaci\u00f3n orden\u00f3 la apertura de instrucci\u00f3n y la \u00a0captura \u00a0del \u00a0ex \u00a0congresista \u00a0para ser escuchado en indagatoria, diligencia que \u00a0tuvo \u00a0ocurrencia \u00a0entre \u00a0los \u00a0d\u00edas 30 de abril y 4 de mayo, en desarrollo de la \u00a0cual se le imput\u00f3 el delito de concierto para delinquir agravado. \u00a0 \u00a0\u00a0<\/p>\n<p>\u00a0 \u00a0\u00a0<\/p>\n<p>* El \u00a011 \u00a0de \u00a0mayo \u00a0de \u00a02010 \u00a0se \u00a0defini\u00f3 \u00a0la \u00a0situaci\u00f3n \u00a0jur\u00eddica \u00a0a \u00a0VALENCIA \u00a0DUQUE \u00a0y, \u00a0como consecuencia, se \u00a0decret\u00f3 \u00a0la \u00a0detenci\u00f3n \u00a0preventiva \u00a0sin \u00a0derecho \u00a0a \u00a0libertad provisional como \u00a0presunto \u00a0autor \u00a0del delito de concierto para delinquir agravado, previsto en el \u00a0inciso 2\u00b0 del art\u00edculo 340 de la Ley 599 de 2000. \u00a0 \u00a0\u00a0<\/p>\n<p>\u00a0 \u00a0\u00a0<\/p>\n<p>* El \u00a03 \u00a0de \u00a0noviembre \u00a0de \u00a02010 la Sala declar\u00f3 el cierre de la investigaci\u00f3n, como \u00a0quiera \u00a0que se hab\u00eda recaudado la prueba necesaria para calificar el m\u00e9rito de \u00a0instrucci\u00f3n. \u00a0 \u00a0\u00a0<\/p>\n<p>\u00a0 \u00a0\u00a0<\/p>\n<p>* El \u00a05 \u00a0de \u00a0noviembre \u00a0de \u00a02010, \u00a0antes \u00a0de alcanzar ejecutoria este \u00faltimo auto, el \u00a0procesado \u00a0y \u00a0su \u00a0defensor \u00a0solicitaron \u00a0la adecuaci\u00f3n del procedimiento con el \u00a0prop\u00f3sito \u00a0de \u00a0acogerse al instituto de sentencia anticipada. Por tal motivo en \u00a0auto \u00a0del\u00a0 \u00a018 \u00a0de \u00a0noviembre \u00a0de \u00a02010 \u00a0se \u00a0se\u00f1al\u00f3 \u00a0fecha \u00a0para celebrar \u00a0audiencia de formulaci\u00f3n de cargos. \u00a0 \u00a0\u00a0<\/p>\n<p>\u00a0 \u00a0\u00a0<\/p>\n<p>* En \u00a0el \u00a0curso de esa diligencia, el 25 de noviembre de 2010, el procesado acept\u00f3 la \u00a0imputaci\u00f3n \u00a0f\u00e1ctica \u00a0y jur\u00eddica que hizo la Sala, a t\u00edtulo de concierto para \u00a0delinquir \u00a0agravado, \u00a0consagrado \u00a0en \u00a0el inciso 2\u00ba. del art\u00edculo 340 de la Ley \u00a0599 \u00a0 de \u00a0 20006. \u00a0 \u00a0\u00a0<\/p>\n<p>CONSIDERACIONES DE LA SALA \u00a0<\/p>\n<p>1. \u00a0\u00a0 \u00a0\u00a0 \u00a0 \u00a0Competencia \u00a0\u00a0<\/p>\n<p>De \u00a0conformidad \u00a0con \u00a0lo \u00a0dispuesto \u00a0en \u00a0la \u00a0Constituci\u00f3n \u00a0Pol\u00edtica, art\u00edculo 235-3, la Sala es competente para adoptar la \u00a0respectiva \u00a0decisi\u00f3n \u00a0as\u00ed \u00a0RAM\u00d3N \u00a0ANTONIO \u00a0VALENCIA \u00a0DUQUE no ostente la calidad de congresista, por cuanto \u00a0la \u00a0conducta \u00a0investigada \u00a0tiene \u00a0una \u00a0relaci\u00f3n \u00a0de imputaci\u00f3n concreta con la \u00a0funci\u00f3n \u00a0realizada, \u00a0como \u00a0qued\u00f3 \u00a0definido en auto de 24 de febrero de 2010, a \u00a0trav\u00e9s \u00a0 \u00a0de \u00a0 \u00a0la \u00a0 \u00a0cual \u00a0 \u00a0la \u00a0 \u00a0Corte \u00a0 reasumi\u00f3 \u00a0 el \u00a0 conocimiento \u00a0 del \u00a0diligencias. \u00a0\u00a0<\/p>\n<p>Adem\u00e1s, se trata de una actuaci\u00f3n de \u00fanica \u00a0instancia, \u00a0cuyo tr\u00e1mite integral le compete a esta Corporaci\u00f3n y en relaci\u00f3n \u00a0con \u00a0el \u00a0cual, de conformidad con lo dispuesto en el par\u00e1grafo del art\u00edculo 40 \u00a0de \u00a0 la \u00a0 Ley \u00a0 600 \u00a0 de \u00a0 2000, \u00a0es \u00a0aplicable \u00a0el \u00a0tr\u00e1mite \u00a0de \u00a0la \u00a0sentencia \u00a0anticipada. \u00a0\u00a0<\/p>\n<p>2. \u00a0La Sentencia Anticipada \u00a0\u00a0<\/p>\n<p>Sobre \u00a0la figura de la sentencia anticipada, \u00a0la \u00a0Corte \u00a0Constitucional \u00a0en \u00a0sentencia \u00a0SU \u00a0&#8211; 1300 del 6 de diciembre de 2001, \u00a0sostuvo \u00a0que \u00a0la \u00a0aceptaci\u00f3n \u00a0de \u00a0cargos \u00a0constituye \u00a0una confesi\u00f3n simple que \u00a0supone \u00a0 \u00a0 renuncias \u00a0 \u00a0 mutuas \u00a0 \u00a0 \u2013Estado\/Procesado-, \u00a0ya \u00a0que \u00a0mientras \u00a0el Estado deja de ejercer sus \u00a0poderes \u00a0de \u00a0investigaci\u00f3n, \u00a0el \u00a0procesado renuncia al agotamiento del tr\u00e1mite \u00a0normal \u00a0del proceso, as\u00ed como a controvertir la acusaci\u00f3n y las pruebas en que \u00a0se funda. \u00a0\u00a0<\/p>\n<p>No \u00a0obstante, no se trata de una aceptaci\u00f3n \u00a0de \u00a0responsabilidad \u00a0en \u00a0abstracto, ya que debe estar sustentada en elementos de \u00a0juicio \u00a0que \u00a0avalen, \u00a0en \u00a0grado de certeza, la existencia del hecho punible y la \u00a0responsabilidad \u00a0 del \u00a0 sindicado, \u00a0 como \u00a0pilares \u00a0fundamentales \u00a0de \u00a0un \u00a0fallo \u00a0condenatorio \u00a0 y \u00a0 de \u00a0la \u00a0conformidad \u00a0que \u00a0sobre \u00a0tales \u00a0aspectos \u00a0implica \u00a0la \u00a0aceptaci\u00f3n \u00a0 \u00a0 \u00a0 \u00a0 \u00a0 \u00a0de \u00a0 \u00a0 \u00a0 \u00a0 \u00a0 \u00a0cargos7. \u00a0\u00a0<\/p>\n<p>Dentro del presente asunto, el procesado fue \u00a0cabalmente \u00a0 informado \u00a0 de \u00a0 la \u00a0 naturaleza \u00a0 jur\u00eddica \u00a0 del \u00a0instituto, \u00a0las \u00a0consecuencias \u00a0de \u00a0la \u00a0aceptaci\u00f3n \u00a0incondicional \u00a0de \u00a0cargos, \u00a0los \u00a0derechos \u00a0y \u00a0garant\u00edas \u00a0en \u00a0concreto \u00a0a \u00a0los \u00a0que \u00a0renunciaba \u00a0y \u00a0las \u00a0limitaciones que ello \u00a0encarnaba \u00a0sobre \u00a0el \u00a0derecho \u00a0de \u00a0impugnaci\u00f3n, \u00a0frente \u00a0a lo cual expresamente \u00a0reiter\u00f3 \u00a0su \u00a0voluntad \u00a0de acogerse al mecanismo de terminaci\u00f3n extraordinaria. \u00a0Es \u00a0decir, \u00a0se cumpli\u00f3 con un acto procesal acorde con el cat\u00e1logo de derechos \u00a0y \u00a0garant\u00edas \u00a0inherentes \u00a0a \u00a0los \u00a0procesados, \u00a0en \u00a0el \u00a0cual \u00a0la Corporaci\u00f3n le \u00a0formul\u00f3 \u00a0 \u00a0el \u00a0 \u00a0reproche \u00a0 penal, \u00a0 desde \u00a0 sus \u00a0 perspectivas \u00a0 f\u00e1cticas \u00a0 y \u00a0jur\u00eddicas. \u00a0\u00a0<\/p>\n<p>3. De los Cargos: \u00a0<\/p>\n<p>La \u00a0 Sala \u00a0 le \u00a0 reproch\u00f3 \u00a0 al \u00a0procesado \u00a0RAM\u00d3N ANTONIO VALENCIA DUQUE \u00a0el \u00a0 haberse \u00a0concertado \u00a0con \u00a0miembros \u00a0del \u00a0Bloque \u00a0\u00c9lmer \u00a0C\u00e1rdenas \u00a0de \u00a0las \u00a0autodefensas \u00a0 que \u00a0operaban \u00a0en \u00a0la \u00a0regi\u00f3n \u00a0de \u00a0Urab\u00e1 \u00a0del \u00a0departamento \u00a0de \u00a0Antioquia, \u00a0para \u00a0obtener \u00a0beneficios \u00a0de \u00a0\u00edndole \u00a0electoral \u00a0y econ\u00f3mico, los \u00a0cuales \u00a0se \u00a0materializaron en la elecci\u00f3n de alcaldes en el a\u00f1o 2003 y aquella \u00a0que \u00a0le \u00a0permiti\u00f3 \u00a0ser \u00a0candidato \u00a0al \u00a0Senado de la Rep\u00fablica en el a\u00f1o 2006, \u00a0comportamiento \u00a0que encontr\u00f3 adecuaci\u00f3n t\u00edpica en el delito de concierto para \u00a0delinquir \u00a0agravado, descrito en el Libro 2\u00ba, T\u00edtulo XII, art\u00edculo 340 inciso \u00a02\u00ba \u00a0del \u00a0C\u00f3digo Penal, modificado por el art\u00edculo 8\u00ba. de la Ley 733 de 2002. \u00a0Espec\u00edficamente, \u00a0en \u00a0la \u00a0audiencia se le plante\u00f3 la censura en las siguientes \u00a0circunstancias f\u00e1cticas y probatorias: \u00a0\u00a0<\/p>\n<p>\u201cLos \u00a0hechos \u00a0que \u00a0se \u00a0le \u00a0atribuyen \u00a0a \u00a0VALENCIA \u00a0DUQUE tienen como \u00a0antecedente \u00a0las \u00a0afirmaciones \u00a0realizadas \u00a0por \u00a0el se\u00f1or \u00c9VER VELOZA GARC\u00cdA, \u00a0alias \u00a0\u201cHH\u201d, \u00a0quien en versi\u00f3n rendida el 9 de junio de 2008 ante un fiscal \u00a0delegado \u00a0 \u00a0para \u00a0 \u00a0la \u00a0 \u00a0justicia \u00a0 y \u00a0 la \u00a0 paz \u00a0 afirm\u00f3 \u00a0 que \u00a0 ANTONIO \u00a0VALENCIA \u00a0DUQUE \u00a0fue apoyado en \u00a0sus \u00a0aspiraciones \u00a0pol\u00edticas por el Bloque \u00c9lmer C\u00e1rdenas que comandaba FREDY \u00a0REND\u00d3N \u00a0HERRERA, \u00a0alias \u00a0\u201cAlem\u00e1n\u201d. Para el efecto: (i) Aport\u00f3 un ejemplar \u00a0de \u00a0un \u00a0peri\u00f3dico \u00a0de \u00a0circulaci\u00f3n \u00a0en \u00a0la regi\u00f3n donde operaba ese grupo, El \u00a0Heraldo \u00a0de Urab\u00e1, en el que se insert\u00f3 una noticia relacionada con \u201cGerm\u00e1n \u00a0Monsalve\u201d, \u00a0hermano \u00a0de \u00a0\u201cAlem\u00e1n\u201d, \u00a0dirigente \u00a0de una asociaci\u00f3n comunal \u00a0denominada \u00a0ASOCOM\u00daN \u00a0a \u00a0la \u00a0que \u00a0el \u00a0doctor VALENCIA \u00a0prestaba \u00a0sus \u00a0servicios \u00a0como \u00a0asesor. (ii) Entreg\u00f3 \u00a0copia \u00a0de \u00a0una \u00a0carta \u00a0fechada 21 de diciembre de 2007 que le dirigi\u00f3 al doctor \u00a0VALENCIA \u00a0DUQUE \u00a0el se\u00f1or \u00a0Benigno \u00a0Antonio \u00a0Gil \u00a0Valencia, \u00a0que \u00a0se \u00a0refiere \u00a0a \u00a0\u201ccuentas pendientes por \u00a0cobrar\u201d, \u00a0dinero \u00a0que seg\u00fan \u00e9ste aqu\u00e9l le adeudaba por gastos realizados en \u00a0la \u00a0campa\u00f1a \u00a0al Senado de la Rep\u00fablica del a\u00f1o anterior, expresando sus dudas \u00a0sobre \u00a0si la financiaci\u00f3n de la misma hab\u00eda sido prometida por los comandantes \u00a0paramilitares de la zona.\u201d \u00a0\u00a0<\/p>\n<p>Adem\u00e1s, se conoci\u00f3, a instancias de \u00c9VER \u00a0VELOZA, \u00a0 \u00a0que \u00a0 \u00a0ANTONIO \u00a0 VALENCIA \u00a0 fue \u00a0a \u00a0visitarlo \u00a0a \u00a0su \u00a0oficina de desmovilizado que ten\u00eda en el \u00a0municipio \u00a0de Turbo a principios del 2005, acompa\u00f1ado por Plutarco P\u00e9rez y por \u00a0C\u00e9sar \u00a0 Andrade \u00a0 \u2013el \u00a0\u00faltimo \u00a0de \u00a0los \u00a0cuatro \u00a0representantes \u00a0a \u00a0la \u00a0C\u00e1mara elegidos en 2002 por el \u00a0Movimiento \u00a0Regional por un Urab\u00e1 Grande, Unido y en Paz- para decirle que iban \u00a0de \u00a0parte \u00a0de \u201cDon Germ\u00e1n\u201d, el hermano del \u201cAlem\u00e1n\u201d, para que apoyaran \u00a0a \u00a0ANTONIO \u00a0VALENCIA en la \u00a0regi\u00f3n \u00a0de Urab\u00e1 ya que ellos lo estaban apoyando, aspecto que concret\u00f3 en la \u00a0ampliaci\u00f3n \u00a0de \u00a0declaraci\u00f3n cuando dijo que quien le pidi\u00f3 de parte de \u201cDon \u00a0Germ\u00e1n\u201d \u00a0que \u00a0le ayudara en las elecciones, fue el propio doctor VALENCIA; \u00a0agregando \u00a0que la invocaci\u00f3n \u00a0de \u00a0\u201cDon Germ\u00e1n\u201d se hac\u00eda porque \u00e9ste era muy cercano a los Casta\u00f1o, con \u00a0mucha \u00a0injerencia \u00a0en \u00a0las \u00a0decisiones \u00a0de \u00a0los \u00a0Casta\u00f1o, \u00a0una \u00a0persona que era \u00a0escuchada y respetada en las autodefensas. \u00a0\u00a0<\/p>\n<p>El \u00a0 propio \u00a0 \u00c9VER \u00a0VELOZA \u00a0GARC\u00cdA, \u00a0en \u00a0ampliaci\u00f3n \u00a0de \u00a0declaraci\u00f3n \u00a0rendida \u00a0el \u00a026 \u00a0de noviembre de 2008, reitera la \u00a0cercan\u00eda \u00a0de \u00a0la \u00a0Asociaci\u00f3n \u00a0Comunitaria \u00a0del \u00a0Norte \u00a0de \u00a0Urab\u00e1 \u00a0y Occidente \u00a0Cordob\u00e9s \u00a0 \u2013ASOCOM\u00daN-, \u00a0liderada \u00a0como \u00a0se \u00a0ha \u00a0dicho \u00a0por \u00a0\u201cGerm\u00e1n \u00a0Monsalve\u201d, con los comandantes \u00a0paramilitares, \u00a0cuando \u00a0sostiene \u00a0que \u201cDon Germ\u00e1n\u201d asisti\u00f3 a reuniones con \u00a0los \u00a0hermanos \u00a0Vicente \u00a0y Carlos Casta\u00f1o Gil, de quienes era muy cercano, y que \u00a0concurr\u00eda \u00a0a \u00a0conferencias \u00a0nacionales de autodefensas.\u00a0 Incluso, frente a \u00a0la \u00a0 relaci\u00f3n \u00a0 de \u00a0 ANTONIO \u00a0 VALENCIA \u00a0con ASOCOM\u00daN \u00a0y \u00a0con \u201cGerm\u00e1n Monsalve\u201d, \u00c9VER VELOZA asegur\u00f3 que aqu\u00e9l fue asesor de la \u00a0agremiaci\u00f3n entre los a\u00f1os 2002 y 2004. \u00a0\u00a0<\/p>\n<p>Adicionalmente, en torno a este particular, \u00a0se \u00a0tiene \u00a0acreditado \u00a0que \u00a0ASOCOM\u00daN, \u00a0liderada \u00a0por \u00a0quien \u00a0se \u00a0conoci\u00f3 \u00a0como \u00a0\u201cGerm\u00e1n \u00a0Monsalve\u201d \u00a0pero \u00a0que \u00a0en \u00a0realidad era JOHN JAIRO REND\u00d3N HERRERA, \u00a0hermano \u00a0 del \u00a0 comandante \u00a0 \u201cAlem\u00e1n\u201d, \u00a0 administr\u00f3 \u00a0 los \u00a0 proyectos \u00a0 de \u00a0erradicaci\u00f3n \u00a0de \u00a0cultivos \u00a0impulsados \u00a0por \u00a0el Bloque \u00c9lmer C\u00e1rdenas, en sus \u00a0\u00e1reas \u00a0de \u00a0influencia que emplear\u00eda a los desmovilizados, el cual se concret\u00f3 \u00a0en \u00a0el \u00a0Programa \u00a0Familias Guardabosques que naci\u00f3 en el a\u00f1o 2003; proyecto en \u00a0torno \u00a0al \u00a0cual el inter\u00e9s del entonces Representante a la C\u00e1mara VALENCIA \u00a0DUQUE \u00a0fue \u00a0evidente, al punto \u00a0que \u00a0 acompa\u00f1\u00f3 \u00a0 delegaciones \u00a0 a \u00a0reuniones \u00a0con \u00a0altos \u00a0funcionarios \u00a0de \u00a0la \u00a0Presidencia \u00a0de \u00a0la Rep\u00fablica, uno de cuyos desplazamientos de los l\u00edderes fue \u00a0financiado por el propio \u201cAlem\u00e1n\u201d. \u00a0\u00a0<\/p>\n<p>De \u00a0otra \u00a0parte, \u00a0con \u00a0fundamento \u00a0en \u00a0las \u00a0declaraciones \u00a0ofrecidas por FREDY REND\u00d3N HERRERA, surge que: (i) Efectivamente \u00a0\u00e9ste \u00a0se \u00a0reuni\u00f3 \u00a0con \u00a0VALENCIA DUQUE. (ii)\u00a0 \u00a0 \u00a0 \u00a0 \u00a0 \u00a0Solicit\u00f3 \u00a0 \u00a0y \u00a0 \u00a0obtuvo \u00a0 del \u00a0 comandante \u00a0 del \u00a0 Bloque \u00a0 \u00c9lmer \u00a0C\u00e1rdenas \u00a0apoyo \u00a0en \u00a0sus \u00a0aspiraciones \u00a0pol\u00edticas \u00a0y \u00a0la \u00a0del \u00a0candidato \u00a0a la alcald\u00eda de Turbo y (iii) \u00a0Cruzaron \u00a0mensajes \u00a0por \u00a0correo \u00a0electr\u00f3nico; \u00a0aspectos que espec\u00edficamente se \u00a0materializaron en que: \u00a0\u00a0<\/p>\n<p>\u00a0 \u00a0\u00a0<\/p>\n<p>* A \u00a0petici\u00f3n \u00a0 \u00a0 de \u00a0 \u00a0 \u201cRodrigo \u00a0 \u00a0Doblecero\u201d \u00a0 \u00a0recibi\u00f3 \u00a0 \u00a0a \u00a0 \u00a0VALENCIA \u00a0 DUQUE \u00a0 la \u00a0primera \u00a0vez \u00a0en \u00a0Arboletes \u00a0y \u00a0hablaron \u00a0por espacio de una hora sobre el proceso de negociaci\u00f3n \u00a0que \u00a0se \u00a0adelantaba \u00a0y le manifest\u00f3 que se estaba vinculando a la zona en temas \u00a0pol\u00edticos. \u00a0 \u00a0\u00a0<\/p>\n<p>\u00a0 \u00a0\u00a0<\/p>\n<p>* Posteriormente, \u00a0 \u00a0 \u00a0 \u00a0 \u00a0VALENCIA \u00a0DUQUE \u00a0fue llevado por el se\u00f1or Plutarco P\u00e9rez para \u00a0hablar \u00a0concretamente de pol\u00edtica y le pidieron apoyo \u201cecon\u00f3mico y dem\u00e1s\u201d \u00a0para \u00a0la \u00a0campa\u00f1a a la alcald\u00eda de Turbo de 2003; colaboraci\u00f3n econ\u00f3mica que \u00a0s\u00f3lo \u00a0\u201cse \u00a0concret\u00f3 \u00a0a \u00a0medias\u201d \u00a0porque \u00a0los \u00a0recursos \u00a0para \u00e9l no fueron \u00a0autorizados, \u00a0pero se apoy\u00f3 su proyecto pol\u00edtico y los candidatos de su equipo \u00a0ayudados \u00a0por \u00a0ellos \u00a0finalmente \u00a0se \u00a0convirtieron \u00a0en \u00a0respaldo \u00a0para el doctor \u00a0VALENCIA cuando \u00e9ste quiso \u00a0aspirar al Congreso. \u00a0 \u00a0\u00a0<\/p>\n<p>\u00a0 \u00a0\u00a0<\/p>\n<p>* Entre \u00a0\u00e9l \u00a0y \u00a0RAM\u00d3N \u00a0ANTONIO \u00a0VALENCIA \u00a0DUQUE, \u00a0 existieron \u00a0 comunicaciones \u00a0electr\u00f3nicas, \u00a0documentadas \u00a0dentro del expediente a trav\u00e9s de la copia de un e-mail entregado \u00a0por \u00a0el \u00a0propio \u00a0comandante paramilitar, enviado el 6 de marzo de 2006, en donde \u00a0ANTONIO \u00a0VALENCIA, desde el \u00a0correo \u00a0 \u00a0 \u00a0 \u00a0 \u00a0 \u00a0 \u00a0 \u00a0 \u00a0 \u00a0 \u00a0 \u00a0 \u00a0 antoniovalencia@hotmail.com, \u00a0 le \u00a0informa \u00a0a \u00a0FREDY \u00a0REND\u00d3N \u00a0HERRERA, \u00a0al \u00a0correo \u00a0ninoska@hotmail.com, \u00a0el \u00a0avance de la campa\u00f1a pol\u00edtica al Congreso de la Rep\u00fablica \u00a0del \u00a0a\u00f1o \u00a02006, \u00a0la \u00a0evoluci\u00f3n \u00a0electoral \u00a0de \u00a0ALBERTO \u00a0JIM\u00c9NEZ. \u00a0Tambi\u00e9n le \u00a0agradece \u00a0el \u00a0apoyo log\u00edstico que le ha dado y le solicita un \u00faltimo esfuerzo, \u00a0con \u00a0un \u00a0apoyo econ\u00f3mico en efectivo para el d\u00eda de elecciones de al menos 100 \u00a0millones \u00a0de \u00a0pesos; \u00a0recursos \u00a0econ\u00f3micos \u00a0que \u00a0no \u00a0se entregaron.\u201d. \u00a0 \u00a0\u00a0<\/p>\n<p>Formulados \u00a0los cargos el procesado expres\u00f3 \u00a0su \u00a0aceptaci\u00f3n, decisi\u00f3n que para la Sala resulta v\u00e1lida en la medida que fue \u00a0el \u00a0producto \u00a0de \u00a0un \u00a0acto \u00a0libre, \u00a0voluntario, \u00a0incondicional \u00a0e \u00a0informado. En \u00a0consecuencia, \u00a0se \u00a0impone \u00a0la \u00a0constataci\u00f3n \u00a0de \u00a0la \u00a0prueba \u00a0indicativa \u00a0de \u00a0la \u00a0comisi\u00f3n \u00a0del \u00a0delito, \u00a0como presupuesto necesario y adicional para la emisi\u00f3n \u00a0de una sentencia condenatoria. \u00a0\u00a0<\/p>\n<p>4. De la prueba de cargo: \u00a0<\/p>\n<p>Sin \u00a0duda, \u00a0las \u00a0actividades \u00a0investigativas \u00a0permitieron \u00a0acceder \u00a0a prueba suficiente y calificada para predicar con certeza \u00a0la \u00a0realizaci\u00f3n \u00a0del \u00a0comportamiento \u00a0il\u00edcito \u00a0y \u00a0la \u00a0responsabilidad \u00a0del \u00a0ex \u00a0congresista, \u00a0en \u00a0los \u00a0t\u00e9rminos \u00a0voluntariamente \u00a0aceptados por \u00e9l. Para tales \u00a0efectos, \u00a0resulta \u00a0pertinente \u00a0realizar \u00a0un esbozo y an\u00e1lisis sobre el referido \u00a0material probatorio. \u00a0\u00a0<\/p>\n<p>4.1 \u00a0Declaraciones \u00a0de \u00c9VER VELOZA GARC\u00cdA, \u00a0alias \u201cHH\u201d: \u00a0\u00a0<\/p>\n<p>Fueron m\u00faltiples las apariciones procesales \u00a0del \u00a0 comandante \u00a0 del \u00a0Bloque \u00a0Bananero \u00a0de \u00a0las \u00a0Autodefensas, \u00a0en \u00a0donde \u00a0fue \u00a0inequ\u00edvoco \u00a0 en \u00a0 los \u00a0se\u00f1alamientos \u00a0contra \u00a0RAM\u00d3N \u00a0ANTONIO \u00a0VALENCIA \u00a0DUQUE como beneficiario de apoyos de \u00a0la \u00a0 organizaci\u00f3n \u00a0 armada \u00a0 liderada \u00a0 por \u00a0 FREDY \u00a0 REND\u00d3N \u00a0 HERRERA, \u00a0alias \u00a0\u201cAlem\u00e1n\u201d. \u00a0\u00a0<\/p>\n<p>4.1.1 Inicialmente, \u00a0como \u00a0se \u00a0ha \u00a0dicho, en versi\u00f3n libre recibida dentro del proceso de justicia y \u00a0paz, \u00a0 \u00a0 el \u00a0 \u00a0 9 \u00a0 \u00a0 de \u00a0 \u00a0 junio \u00a0 \u00a0 de \u00a0 \u00a0 20088, \u00a0 \u00a0 \u00a0 \u00a0espec\u00edficamente \u00a0afirm\u00f3: \u00a0\u00a0<\/p>\n<p>\u201cTAMBIEN \u00a0TENGO \u00a0CONOCIMIENTO \u00a0DE \u00a0QUE EL \u00a0SE\u00d1OR \u00a0ANTONIO \u00a0VALENCIA \u00a0DUQUE, \u00a0SENADOR DE LA REP\u00daBLICA ERA TAMBI\u00c9N APOYADO \u00a0POR \u00a0LA \u00a0GENTE \u00a0DEL \u00a0\u00c9LMER \u00a0C\u00c1RDENAS \u00a0DE URABA, MUY CERCANO AL ALEM\u00c1N, FUE DE \u00a0ASOCOM\u00daN, SE APOY\u00d3 POR PARTE DEL BLOQUE \u00c9LMER C\u00c1RDENAS\u201d. \u00a0\u00a0<\/p>\n<p>Adem\u00e1s, \u00a0para \u00a0respaldar \u00a0las \u00a0imputaciones \u00a0aport\u00f3 \u00a0un \u00a0ejemplar \u00a0del \u00a0peri\u00f3dico \u00a0El \u00a0Heraldo \u00a0de \u00a0Urab\u00e1, \u00a0en \u00a0el cual se \u00a0advierten \u00a0referencias \u00a0sobre \u00a0el \u00a0congresista \u00a0como \u00a0asesor \u00a0de \u00a0la asociaci\u00f3n \u00a0comunal \u00a0 \u00a0 \u00a0 \u00a0 \u00a0denominada \u00a0 \u00a0 \u00a0 \u00a0 ASOCOM\u00daN9, \u00a0 organizaci\u00f3n \u00a0 que \u00a0 era \u00a0liderada \u00a0por el hermano de FREDY REND\u00d3N, alias \u201cAlem\u00e1n\u201d, al cual conoci\u00f3 \u00a0bajo \u00a0 los \u00a0alias \u00a0de \u00a0\u201cGerm\u00e1n \u00a0Monsalve\u201d, \u00a0\u201cJota\u201d \u00a0o \u00a0\u201cel \u00a0Primo\u201d. \u00a0Igualmente \u00a0hizo \u00a0entrega \u00a0de \u00a0copia \u00a0de \u00a0la \u00a0carta, \u00a0fechada 21 de diciembre de \u00a0200710, \u00a0que \u00a0el \u00a0se\u00f1or \u00a0BENIGNO \u00a0ANTONIO \u00a0GIL, \u00a0l\u00edder \u00a0del municipio de \u00a0Carepa, \u00a0le \u00a0envi\u00f3 \u00a0a \u00a0VALENCIA \u00a0DUQUE, \u00a0en \u00a0donde \u00a0aqu\u00e9l \u00a0le \u00a0reclama por unos dineros que presuntamente le \u00a0adeudaba \u00a0con \u00a0ocasi\u00f3n \u00a0de la campa\u00f1a electoral del a\u00f1o 2006 y le expresa, de \u00a0acuerdo \u00a0con \u00a0la \u00a0informaci\u00f3n \u00a0disponible, \u00a0que \u00a0el \u00a0impago de las obligaciones \u00a0estar\u00eda \u00a0originado \u00a0en \u00a0que alias \u201cAlem\u00e1n\u201d y \u201cMono Veloza\u201d, no hab\u00edan \u00a0mandado los recursos. \u00a0\u00a0<\/p>\n<p>4.1.2 \u00a0Posteriormente, \u00a0 \u00a0en \u00a0 la \u00a0 diligencia \u00a0 recibida \u00a0 por \u00a0 la \u00a0 Sala11, \u00a0al momento \u00a0de \u00a0referirse \u00a0a \u00a0los \u00a0v\u00ednculos entre clase pol\u00edtica y autodefensas, mencion\u00f3 \u00a0los \u00a0apoyos \u00a0que \u00a0la organizaci\u00f3n le dio al se\u00f1or ALBERTO JIM\u00c9NEZ, integrante \u00a0de \u00a0las autodefensas, quien se lanz\u00f3 a la C\u00e1mara de Representantes con el aval \u00a0del \u00a0 \u00a0entonces \u00a0 \u00a0candidato \u00a0 al \u00a0 senado \u00a0 VALENCIA \u00a0DUQUE12; \u00a0debido a la relaci\u00f3n que ambos ten\u00edan con ASOCOM\u00daN13, \u00a0de la cual \u00a0el \u00a0primero \u00a0fue \u00a0l\u00edder \u00a0y \u00a0el \u00a0segundo \u00a0asesor\u00a0 \u00a0entre \u00a0los \u00a0a\u00f1os 2002 y \u00a0200414. \u00a0\u00a0<\/p>\n<p>Insiste \u00a0en las referencias sobre ASOCOM\u00daN, \u00a0para \u00a0definirla \u00a0como \u00a0una asociaci\u00f3n de juntas de acci\u00f3n comunal liderada por \u00a0el \u00a0Bloque \u00a0\u00c9lmer \u00a0C\u00e1rdenas, especialmente por \u201cGerm\u00e1n Monsalve\u201d, hermano \u00a0del \u00a0\u201cAlem\u00e1n\u201d, \u00a0por \u00a0cuya \u00a0v\u00eda \u00a0se quiso controlar el Proyecto de Familias \u00a0Guardabosques \u00a0para \u00a0la erradicaci\u00f3n manual de cultivos il\u00edcitos y se apoy\u00f3 a \u00a0VALENCIA DUQUE. \u00a0\u00a0<\/p>\n<p>Igualmente, agreg\u00f3 que cuando \u00e9l ya estaba \u00a0desmovilizado, \u00a0a \u00a0prop\u00f3sito \u00a0de \u00a0la \u00a0carta \u00a0enviada por BENIGNO ANTONIO GIL, a \u00a0principios \u00a0 \u00a0del \u00a0 a\u00f1o \u00a0 2005, \u00a0 ANTONIO \u00a0 VALENCIA \u00a0fue a visitarlo a su oficina en el municipio de Turbo, \u00a0acompa\u00f1ado \u00a0 \u00a0por \u00a0 \u00a0PLUTARCO \u00a0 \u00a0P\u00c9REZ \u00a0 \u00a0y \u00a0 \u00a0C\u00c9SAR \u00a0 ANDRADE \u00a0 \u2013Representante \u00a0a la C\u00e1mara-, en donde \u00a0adujo \u00a0que \u00a0iba \u00a0de \u00a0parte \u00a0de \u00a0\u201cdon \u00a0Germ\u00e1n\u201d, \u00a0el \u00a0hermano \u00a0del comandante \u00a0\u201cAlem\u00e1n\u201d, \u00a0y \u00a0solicit\u00f3 \u00a0el \u00a0respaldo \u00a0en \u00a0la \u00a0regi\u00f3n \u00a0de \u00a0Urab\u00e1 \u00a0para la \u00a0candidatura \u00a0 al \u00a0 Senado \u00a0 de \u00a0 la \u00a0 Rep\u00fablica, \u00a0 ya \u00a0que \u00a0ellos \u00a0\u2013los \u00a0 REND\u00d3N \u00a0 HERRERA- \u00a0lo \u00a0estaban \u00a0apoyando \u00a0 \u00a0 \u00a0 \u00a0 y, \u00a0 \u00a0 \u00a0 \u00a0 al \u00a0 \u00a0 \u00a0 \u00a0 parecer15 no era suficiente el soporte \u00a0del Bloque \u00c9lmer C\u00e1rdenas. \u00a0\u00a0<\/p>\n<p>En \u00a0torno \u00a0a \u00a0los \u00a0nexos \u00a0de \u00a0ANTONIO \u00a0 \u00a0VALENCIA \u00a0 \u00a0DUQUE \u00a0 con \u00a0 las \u00a0autodefensas, \u00a0\u201cHH\u201d \u00a0cree \u00a0que \u00a0datan \u00a0aproximadamente del a\u00f1o 2002, por la \u00a0relaci\u00f3n \u00a0 con \u00a0 \u201cdon \u00a0 Germ\u00e1n\u201d \u00a0 16 y \u00a0ASOCOM\u00daN, \u00a0como \u00a0asesor, adem\u00e1s que los apoyos se habr\u00edan dado \u00a0en \u00a0la zona de influencia del Bloque \u00c9lmer C\u00e1rdenas17 \u00a0o \u00a0en \u00a0alguna \u00a0distinta \u00a0a \u00a0trav\u00e9s de ASOCOM\u00daN. \u00a0\u00a0<\/p>\n<p>Cuestionado \u00a0por \u00a0la defensa, enf\u00e1ticamente \u00a0sostuvo \u00a0que \u00a0le \u00a0consta \u00a0las \u00a0relaciones \u00a0de \u00a0VALENCIA \u00a0DUQUE con el Bloque \u00c9lmer C\u00e1rdenas, porque hac\u00eda un \u00a0trabajo \u00a0con \u00a0ASOCOM\u00daN \u00a0y laboraba con \u201cGerm\u00e1n Monsalve\u201d; am\u00e9n de haberse \u00a0reunido \u00a0 con \u00a0 \u00e9l \u00a0 en \u00a0 las \u00a0 circunstancias \u00a0 de \u00a0 tiempo, \u00a0 modo \u00a0 y \u00a0lugar \u00a0relatadas. \u00a0\u00a0<\/p>\n<p>4.1.3 Finalmente, en \u00a0la \u00a0 \u00a0 ampliaci\u00f3n \u00a0 \u00a0 de \u00a0 \u00a0 la \u00a0 \u00a0 declaraci\u00f3n18, \u00a0 adem\u00e1s \u00a0 de \u00a0 reiterar \u00a0aspectos \u00a0desarrollados \u00a0en pret\u00e9rita oportunidad, precis\u00f3 que: (i) La idea de \u00a0ASOCOM\u00daN \u00a0fue \u00a0de \u00a0\u201cdon Germ\u00e1n\u201d y \u00e9ste manejaba la organizaci\u00f3n, lo cual \u00a0supo \u00a0porque estuvo en reuniones con los hermanos CASTA\u00d1O, en donde \u00e9l hablaba \u00a0de \u00a0ASOCOM\u00daN. \u00a0(ii) Siempre escuch\u00f3 y sinti\u00f3 que la cercan\u00eda de RAM\u00d3N \u00a0ANTONIO \u00a0VALENCIA \u00a0era \u00a0con \u201cdon \u00a0Germ\u00e1n\u201d \u00a0y \u00a0no \u00a0con \u00a0el \u00a0\u201cAlem\u00e1n\u201d, \u00a0al \u00a0punto \u00a0que \u00a0en reuniones con los \u00a0CASTA\u00d1O \u00a0\u00e9ste \u00a0mencion\u00f3 \u00a0su \u00a0amistad \u00a0con \u00a0VALENCIA \u00a0DUQUE \u00a0y que lo asesoraba en el trabajo comunitario de \u00a0ASOCOM\u00daN. \u00a0\u00a0<\/p>\n<p>Es decir, \u00c9VER VELOZA plante\u00f3 la existencia \u00a0de \u00a0v\u00ednculos punibles entre VALENCIA DUQUE\u00a0 \u00a0y el Bloque \u00c9lmer C\u00e1rdenas, a partir de la relaci\u00f3n entre \u00a0el \u00a0ex \u00a0congresista y \u201cGerm\u00e1n Monsalve\u201d, hermano del \u201cAlem\u00e1n\u201d, la cual \u00a0se \u00a0deduce \u00a0de: \u00a0(i) \u00a0Los \u00a0aportes \u00a0rec\u00edprocos \u00a0a \u00a0la organizaci\u00f3n comunitaria \u00a0ASOCOM\u00daN, \u00a0para \u00a0incidir \u00a0en el manejo de temas sociales y comunitarios como el \u00a0Programa \u00a0Familias \u00a0Guardabosques \u00a0para la erradicaci\u00f3n de cultivos il\u00edcitos y \u00a0(ii) \u00a0Los \u00a0apoyos \u00a0pol\u00edticos \u00a0que \u00a0le \u00a0ofreci\u00f3 \u00a0el \u00a0Bloque \u00a0\u00c9lmer C\u00e1rdenas a \u00a0VALENCIA \u00a0 DUQUE \u00a0 y \u00a0 sus \u00a0candidatos, \u00a0en \u00a0su \u00a0zona \u00a0de \u00a0influencia \u00a0o \u00a0propiciando apoyos fuera de ella a \u00a0trav\u00e9s de ASOCOM\u00daN. \u00a0\u00a0<\/p>\n<p>Lo cierto es que las imputaciones realizadas \u00a0por\u00a0 \u00a0VELOZA \u00a0GARC\u00cdA \u00a0no \u00a0quedaron \u00a0hu\u00e9rfanas de respaldo probatorio y ex \u00a0post \u00a0terminaron \u00a0soportadas \u00a0con \u00a0prueba documental y testimonial que, vista en \u00a0conjunto, \u00a0en \u00a0verdad \u00a0es \u00a0demostrativa de la relaci\u00f3n il\u00edcita de VALENCIA \u00a0 DUQUE \u00a0 con \u00a0el \u00a0Bloque \u00a0\u00c9lmer \u00a0C\u00e1rdenas. \u00a0\u00a0<\/p>\n<p>En \u00a0trat\u00e1ndose de las referencias que \u00c9VER \u00a0VELOZA \u00a0hizo \u00a0sobre \u00a0ASOCOM\u00daN \u00a0-Asociaci\u00f3n \u00a0Comunitaria \u00a0del norte de Urab\u00e1 y \u00a0Occidente \u00a0C\u00f3rdoba-, \u00a0como asociaci\u00f3n vinculada con el Bloque \u00c9lmer C\u00e1rdenas \u00a0para \u00a0el \u00a0manejo \u00a0de \u00a0proyectos comunitarios, de la cual fue asesor RAM\u00d3N \u00a0ANTONIO \u00a0VALENCIA \u00a0DUQUE, \u00a0la Sala \u00a0encuentra \u00a0que la investigaci\u00f3n logr\u00f3 acceder a documentaci\u00f3n perteneciente a \u00a0la \u00a0organizaci\u00f3n \u00a0que \u00a0termin\u00f3 \u00a0confirmando \u00a0dicha \u00a0hip\u00f3tesis, \u00a0al punto que: \u00a0\u00a0<\/p>\n<p>\u00a0 \u00a0\u00a0<\/p>\n<p>* En \u00a0el \u00a0Acta \u00a0No. 001 de la Asamblea General Ordinaria de ASOCOM\u00daN, celebrada el 23 \u00a0de \u00a0marzo \u00a0de 2002, en Arenas Monas, presidida por ARNULFO PADILLA, se registr\u00f3 \u00a0la \u00a0intervenci\u00f3n \u00a0del \u00a0se\u00f1or \u201cGerm\u00e1n Monsalve\u201d en cumplimiento de la cual \u00a0rindi\u00f3 \u00a0un \u00a0amplio \u00a0informe en torno a la construcci\u00f3n de nuevos objetivos por \u00a0parte \u00a0de \u00a0la \u00a0organizaci\u00f3n \u00a0y \u00a0la necesidad de implantar un modelo regional de \u00a0econom\u00eda \u00a0 \u00a0agraria, \u00a0 \u00a0con \u00a0 \u00a0proyectos \u00a0 forestales \u00a0 productivos19. \u00a0 \u00a0\u00a0<\/p>\n<p>\u00a0 \u00a0\u00a0<\/p>\n<p>* De \u00a0acuerdo \u00a0con \u00a0los \u00a0registros \u00a0que \u00a0aparecen \u00a0en \u00a0el \u00a0Acta No. 009 de la Asamblea \u00a0General \u00a0Ordinaria \u00a0de \u00a0ASOCOM\u00daN, \u00a0celebrada el 8 de marzo de 2003, pocos d\u00edas \u00a0despu\u00e9s \u00a0de \u00a0la \u00a0constituci\u00f3n, \u00a0\u201cGerm\u00e1n \u00a0Monsalve\u201d, \u00a0intervino \u00a0en ella y \u00a0realiz\u00f3 un recuento sobre el nacimiento de la asociaci\u00f3n. \u00a0 \u00a0\u00a0<\/p>\n<p>\u00a0 \u00a0\u00a0<\/p>\n<p>* En \u00a0el \u00a0Acta \u00a0No. \u00a0001 \u00a0de \u00a03 \u00a0de \u00a0mayo \u00a0de 2003, aparece el registro de la reuni\u00f3n \u00a0celebrada \u00a0por ASOCOM\u00daN en la Vereda Isa\u00edas Tulapa del municipio de Turbo, con \u00a0la \u00a0presencia \u00a0de \u00a0\u201cGerm\u00e1n \u00a0Monsalve\u201d, \u00a0como \u00a0l\u00edder \u00a0de \u00a0la \u00a0asociaci\u00f3n y \u00a0responsable \u00a0de hacer en ese escenario una presentaci\u00f3n del organismo, en donde \u00a0dijo, \u00a0\u201c\u2026vamos a acompa\u00f1arlos dentro del proceso, \u00a0con \u00a0los \u00a0amigos aqu\u00ed presentes, somos garantes de los acuerdos, las propuestas \u00a0y \u00a0todo \u00a0lo \u00a0que \u00a0sea necesario para llevar a feliz t\u00e9rmino el proceso, mejorar \u00a0las \u00a0condiciones \u00a0de \u00a0vida \u00a0de \u00a0todas las gentes de la regi\u00f3n especialmente los \u00a0cultivadores \u00a0 \u00a0 \u00a0 \u00a0 \u00a0de \u00a0 \u00a0 \u00a0 \u00a0 \u00a0coca\u2026\u201d20 \u00a0 \u00a0\u00a0<\/p>\n<p>Es decir, los registros documentales permiten \u00a0afirmar \u00a0que \u00a0\u201cGerm\u00e1n \u00a0Monsalve\u201d, hermano de \u201cAlem\u00e1n\u201d, estuvo presente \u00a0desde \u00a0la g\u00e9nesis de ASOCOM\u00daN, cumpl\u00eda un rol destacado y ejerc\u00eda influencia \u00a0sobre \u00a0la \u00a0organizaci\u00f3n, \u00a0al punto que estaba impulsando la idea del comandante \u00a0del \u00a0Bloque \u00a0\u00c9lmer \u00a0C\u00e1denas \u00a0de \u00a0participar \u00a0en \u00a0proyectos forestales que a la \u00a0postre \u00a0 se \u00a0 convirtieron \u00a0 en \u00a0 realidad \u00a0 a \u00a0trav\u00e9s \u00a0del \u00a0Programa \u00a0Familias \u00a0Guardabosques. \u00a0\u00a0<\/p>\n<p>\u00a0 \u00a0\u00a0<\/p>\n<p>* En \u00a0el \u00a0Acta \u00a0No. \u00a0013 \u00a0de la Asamblea General, celebrada el 31 de julio de 2003, se \u00a0registr\u00f3 \u00a0la \u00a0asistencia \u00a0de \u201cGerm\u00e1n Monsalve\u201d y la intervenci\u00f3n que hizo \u00a0para \u00a0presentar \u00a0un \u00a0informe \u00a0detallado \u00a0del \u00a0\u201cFORO \u00a0INSTITUCIONAL \u00a0 NECOCL\u00cd, \u00a0 JULIO \u00a0 12 \u00a0 DE \u00a0 2003\u201d, \u00a0recordando \u00a0que \u00a0la \u00a0iniciativa \u00a0naci\u00f3 \u00a0de \u00a0una \u00a0propuesta \u00a0de \u00a0ASOCOM\u00daN a las \u00a0comunidades \u00a0afectadas \u00a0por \u00a0cultivos \u00a0il\u00edcitos \u00a0en \u00a0la \u00a0zona de Tulapas de los \u00a0municipios \u00a0de \u00a0San \u00a0Pedro \u00a0de \u00a0Urab\u00e1, Necocl\u00ed y Turbo, para lo cual se hab\u00eda \u00a0contactado \u00a0 con \u00a0 la \u00a0empresa \u00a0Estrategias \u00a0y \u00a0Desarrollo \u00a0Limitada21. \u00a0 En \u00a0 el \u00a0documento \u00a0anexo \u00a0sobre el foro institucional, aparece el nombre de las personas \u00a0que \u00a0participaron \u00a0en \u00a0el evento por parte esa la empresa y el de quienes fueron \u00a0como \u00a0 invitadas \u00a0 para \u00a0 apoyo \u00a0 log\u00edstico \u00a0 en \u00a0donde \u00a0aparecen \u00a0ANTONIO \u00a0 \u00a0VALENCIA \u00a0 DUQUE \u00a0 y \u00a0 EDIGSON \u00a0P\u00c9REZ22. \u00a0 \u00a0\u00a0<\/p>\n<p>En \u00a0 consecuencia, \u00a0el \u00a0contenido \u00a0de \u00a0las \u00a0referidas \u00a0actas informan que: (i) La iniciativa de incorporar a las comunidades \u00a0de \u00a0Urab\u00e1 \u00a0en \u00a0el \u00a0componente social del Programa Familia Guardabosques para la \u00a0erradicaci\u00f3n \u00a0de \u00a0cultivos \u00a0il\u00edcitos \u00a0fue \u00a0de \u00a0ASOCOM\u00daN, \u00a0con el liderazgo de \u00a0\u201cGerm\u00e1n \u00a0Monsalve\u201d \u00a0desde \u00a0el \u00a0a\u00f1o 2002. (ii) Desde que se\u00a0 gest\u00f3 el \u00a0proyecto, \u00a0 mucho \u00a0 antes \u00a0 de \u00a0 los \u00a0procesos \u00a0de \u00a0contrataci\u00f3n, \u00a0RAM\u00d3N \u00a0ANTONIO \u00a0VALENCIA estaba vinculado \u00a0al \u00a0mismo, \u00a0al punto que su nombre result\u00f3 relacionado como invitado para apoyo \u00a0log\u00edstico. \u00a0Adem\u00e1s, \u00a0no \u00a0es \u00a0menos \u00a0llamativo que se mencione la intervenci\u00f3n \u00a0activa \u00a0de \u00a0la \u00a0empresa \u00a0Estrategias \u00a0y \u00a0Desarrollo, \u00a0la \u00a0cual \u00a0tuvo \u00a0relaciones \u00a0estrechas \u00a0con \u00a0el \u00a0referido \u00a0congresista, \u00a0al \u00a0punto que en su sede contaba con \u00a0oficina. \u00a0\u00a0<\/p>\n<p>Incluso, \u00a0 FREDY \u00a0 REND\u00d3N \u00a0 HERRERA \u00a0 en \u00a0declaraci\u00f3n \u00a0del \u00a022 \u00a0de \u00a0abril \u00a0de \u00a02009, acepta que ASOCOM\u00daN naci\u00f3 como una \u00a0asociaci\u00f3n \u00a0campesina \u00a0a \u00a0partir \u00a0del \u00a0proceso \u00a0impulsado \u00a0por el Bloque \u00c9lmer \u00a0C\u00e1rdenas \u00a0 de \u00a0 erradicar \u00a0 manualmente \u00a0 los \u00a0 cultivos \u00a0il\u00edcitos23. \u00a0Igualmente \u00a0reconoce \u00a0 que \u00a0su \u00a0hermano, \u00a0conocido \u00a0como \u00a0\u201cGerm\u00e1n \u00a0Monsalve\u201d, \u00a0trabaj\u00f3 \u00a0abiertamente \u00a0en \u00a0la \u00a0labor \u00a0comunitaria \u00a0y mancomunadamente con los l\u00edderes de \u00a0dicha \u00a0asociaci\u00f3n, \u00a0dentro \u00a0de \u00a0los \u00a0cuales \u00a0jugaba un papel importante ALBERTO \u00a0JIM\u00c9NEZ. \u00a0\u00a0<\/p>\n<p>De otra parte, la relevancia procesal de las \u00a0menciones \u00a0 que \u00a0 se \u00a0 hacen \u00a0 de \u00a0ALBERTO \u00a0JIM\u00c9NEZ, \u00a0asociado \u00a0a \u00a0RAM\u00d3N \u00a0ANTONIO \u00a0VALENCIA DUQUE, radican en \u00a0que \u00a0se \u00a0trata \u00a0de un l\u00edder campesino de la regi\u00f3n de Turbo y Necocl\u00ed, que de \u00a0la \u00a0mano \u00a0de \u00a0las \u00a0autodefensas intervino en el fortalecimiento de las juntas de \u00a0acci\u00f3n \u00a0comunal, \u00a0particip\u00f3 \u00a0en \u00a0los \u00a0procesos \u00a0sociales \u00a0y \u00a0contractuales \u00a0de \u00a0ASOCOM\u00daN, \u00a0como \u00a0en \u00a0el \u00a0tema \u00a0de \u00a0Familias \u00a0Guardabosques, \u00a0y \u00a0termin\u00f3 siendo \u00a0candidato \u00a0a \u00a0la \u00a0C\u00e1mara \u00a0de Representantes como f\u00f3rmula\u00a0 de VALENCIA \u00a0 DUQUE, \u00a0 avalado \u00a0 por \u00a0Equipo \u00a0Colombia. \u00a0Es \u00a0decir, lo que parecieran positivas coincidencias entre JIM\u00c9NEZ y \u00a0VALENCIA \u00a0DUQUE, en proyectos \u00a0puntuales, \u00a0no es cosa distinta que el natural resultado de quienes comparten un \u00a0prop\u00f3sito \u00a0 \u00a0 delictivo,\u00a0 \u00a0 \u00a0 al \u00a0 \u00a0servicio \u00a0 \u00a0de \u00a0 \u00a0organizaciones \u00a0 \u00a0de \u00a0autodefensas. \u00a0\u00a0<\/p>\n<p>En ese sentido no son inocuas las referencias \u00a0que \u00a0sobre \u00a0\u00e9l hace \u201cHH\u201d en las distintas exposiciones, ni tampoco aquellas \u00a0provenientes \u00a0de \u00a0FREDY \u00a0REND\u00d3N \u00a0HERRERA, \u00a0entre otros, ya que partiendo de las \u00a0premisas \u00a0expuestas \u00a0se \u00a0comprende por qu\u00e9: (i) Los comandantes de autodefensas \u00a0lo \u00a0han \u00a0se\u00f1alado como parte del proyecto pol\u00edtico del Bloque \u00c9lmer C\u00e1rdenas \u00a0junto \u00a0a \u00a0VALENCIA DUQUE. (ii) \u00a0El \u00a0\u201cAlem\u00e1n\u201d, \u00a0al \u00a0refirse \u00a0a \u00a0los \u00a0apoyos \u00a0pol\u00edticos y econ\u00f3micos que le \u00a0dieron \u00a0 al \u00a0 procesado \u00a0 VALENCIA \u00a0DUQUE, \u00a0los \u00a0asocia \u00a0con el apoyo espec\u00edfico que le entregaron al l\u00edder \u00a0ALBERTO \u00a0JIM\u00c9NEZ. \u00a0(iii) \u00a0VALENCIA DUQUE, \u00a0en \u00a0un \u00a0e-mail \u00a0enviado \u00a0al \u00a0comandante \u201cAlem\u00e1n\u201d, reporta los \u00a0avances \u00a0y \u00a0logros de ALBERTO JIM\u00c9NEZ en el proyecto pol\u00edtico conjunto para el \u00a0Urab\u00e1. \u00a0\u00a0<\/p>\n<p>En \u00a0suma, el examen de la prueba testimonial \u00a0no \u00a0 s\u00f3lo \u00a0permite \u00a0realizar \u00a0un \u00a0reproche \u00a0directo \u00a0sobre \u00a0la \u00a0connivencia \u00a0de \u00a0VALENCIA \u00a0DUQUE con el Bloque \u00a0\u00c9lmer \u00a0C\u00e1rdenas, sino que admite la construcci\u00f3n indiciaria a partir de tales \u00a0hechos \u00a0indicadores \u00a0probados \u00a0para \u00a0inferir \u00a0el compromiso penal de \u00e9ste, como \u00a0autor del injusto de concierto para delinquir agravado. \u00a0\u00a0<\/p>\n<p>Por razones metodol\u00f3gicas, el componente de \u00a0los \u00a0apoyos pol\u00edticos del Bloque \u00c9lmer C\u00e1rdenas se desarrollar\u00e1 en ac\u00e1pites \u00a0posteriores \u00a0de \u00a0la \u00a0providencia, \u00a0como quiera que ello demanda la referencia de \u00a0prueba testimonial que a\u00fan no ha sido abordada. \u00a0\u00a0<\/p>\n<p>\u00a0 \u00a0 \u00a0<\/p>\n<p>1. Declaraciones \u00a0de \u00a0FREDY \u00a0REND\u00d3N HERRERA, \u00a0alias \u201cAlem\u00e1n\u201d. \u00a0 \u00a0\u00a0<\/p>\n<p>En \u00a0t\u00e9rminos generales las declaraciones de \u00a0este \u00a0comandante de autodefensas ratifica los v\u00ednculos punibles de RAM\u00d3N \u00a0 ANTONIO \u00a0 VALENCIA \u00a0 DUQUE \u00a0 con \u00a0integrantes \u00a0del Bloque \u00c9lmer C\u00e1rdenas, los cuales surgieron y se consolidaron \u00a0con \u00a0ocasi\u00f3n \u00a0de \u00a0los \u00a0debates electorales celebrados en los a\u00f1os 2003 y 2006, \u00a0como \u00a0nueva \u00a0expresi\u00f3n \u00a0del proyecto pol\u00edtico regional en que estuvo empe\u00f1ado \u00a0el comandante FREDY REND\u00d3N HERRERA, desde pret\u00e9ritos momentos. \u00a0\u00a0<\/p>\n<p>Para poner en contexto social y pol\u00edtico las \u00a0atestaciones \u00a0del \u00a0comandante \u00a0\u201cAlem\u00e1n\u201d, \u00a0resulta \u00a0oportuno referir algunos \u00a0momentos \u00a0de \u00a0la \u00a0diligencia \u00a0ofrecida \u00a0el 22 de abril de 2009, en donde, grosso \u00a0modo, record\u00f3: \u00a0\u00a0<\/p>\n<p>Para \u00a0hablar \u00a0del \u00a0tema \u00a0de \u00a0la \u00a0injerencia \u00a0electoral \u00a0de \u00a0la organizaci\u00f3n armada en los procesos pol\u00edticos celebrados con \u00a0posterioridad \u00a0al \u00a0a\u00f1o \u00a02002, \u00a0inicia recordando que desde el a\u00f1o 1999 hubo el \u00a0inter\u00e9s \u00a0de \u00a0la \u00a0organizaci\u00f3n \u00a0armada \u00a0por trabajar con los l\u00edderes comunales \u00a0para \u00a0mejorar \u00a0las \u00a0condiciones de vida de las comunidades y de all\u00ed surgi\u00f3 la \u00a0inquietud \u00a0de \u00a0interactuar \u00a0con \u00a0algunas \u00a0administraciones \u00a0municipales. En esas \u00a0condiciones \u00a0apoyaron la legalizaci\u00f3n de las juntas de acci\u00f3n comunal, en cuyo \u00a0seno \u00a0surgieron l\u00edderes que les permiti\u00f3 pensar en representaciones pol\u00edticas \u00a0en los municipios y departamento. \u00a0\u00a0<\/p>\n<p>Producto \u00a0de \u00a0ello, \u00a0en la regi\u00f3n de Urab\u00e1 \u00a0lanzan \u00a0el \u00a0\u201cProyecto \u00a0Pol\u00edtico \u00a0por una Urab\u00e1 Grande, Unida y en Paz\u201d, el \u00a0cual \u00a0una vez estructurado les facilit\u00f3 elegir una lista \u00fanica multipardista a \u00a0la \u00a0C\u00e1mara \u00a0de \u00a0Representantes, \u00a0de \u00a0la que hicieron parte MANUEL DAR\u00cdO \u00c1VILA \u00a0PERALTA \u00a0\u2013Norte \u00a0Urab\u00e1-, \u00a0JES\u00daS \u00a0 \u00a0 \u00a0ENRIQUE \u00a0 \u00a0 \u00a0DUVAL \u00a0 \u00a0 \u2013EPL-, \u00a0 ETANISLAO \u00a0ORTIZ \u00a0\u2013Turbo- \u00a0y C\u00c9SAR ANDRADE, con el aval de Cambio Radical, en la lista \u00a0del \u00a0Senador \u00a0RUB\u00c9N \u00a0DAR\u00cdO QUINTERO, los cuales asistieron al Congreso un a\u00f1o \u00a0cada \u00a0 \u00a0 \u00a0uno, \u00a0 \u00a0 \u00a0entre \u00a0 \u00a0 2002 \u00a0 \u00a0 y \u00a0 \u00a0 200624. \u00a0\u00a0<\/p>\n<p>Ese \u00a0proceso \u00a0pol\u00edtico \u00a0provoc\u00f3 que en las \u00a0elecciones \u00a0del \u00a0a\u00f1o 2003 la organizaci\u00f3n de autodefensas le diera un respaldo \u00a0total, \u00a0al punto que el \u201cAlem\u00e1n\u201d se reuni\u00f3 con los l\u00edderes de Urab\u00e1 para \u00a0concertar \u00a0 el \u00a0apoyo \u00a0al \u00a0candidato \u00a0a \u00a0la \u00a0gobernaci\u00f3n \u00a0del \u00a0departamento \u00a0de \u00a0Antioquia; \u00a0adem\u00e1s, \u00a0el \u00a0Bloque \u00a0\u00c9lmer \u00a0C\u00e1rdenas, \u00a0como tal, decidi\u00f3 brindar \u00a0apoyos \u00a0puntuales \u00a0a \u00a0los \u00a0candidatos \u00a0a \u00a0las \u00a0alcald\u00edas \u00a0de \u00a0Turbo, \u00a0Necocl\u00ed, \u00a0Arboletes, \u00a0San \u00a0Pedro \u00a0de \u00a0Urab\u00e1 y San Juan. -a trav\u00e9s de sus PDS25, \u00a0 \u00a0con \u00a0log\u00edstica, \u00a0financiaci\u00f3n \u00a0de \u00a0transporte, \u00a0organizaci\u00f3n \u00a0de reuniones, etc.-; \u00a0momento \u00a0hist\u00f3rico \u00a0y \u00a0pol\u00edtico \u00a0en el cual, seg\u00fan recuerda el \u201cAlem\u00e1n\u201d, \u00a0apareci\u00f3 \u00a0en \u00a0la \u00a0zona \u00a0el \u00a0congresista RAM\u00d3N ANTONIO \u00a0VALENCIA \u00a0DUQUE de la mano de PLUTARCO P\u00c9REZ, WILLIAM \u00a0PALACIO \u00a0y \u00a0ALBERTO \u00a0JIM\u00c9NEZ, \u00a0l\u00edderes \u00a0de \u00a0Turbo y amigos de la organizaci\u00f3n \u00a0armada. \u00a0\u00a0<\/p>\n<p>Pues \u00a0 bien, \u00a0 puestas \u00a0 en \u00a0contexto \u00a0las \u00a0declaraciones \u00a0de \u00a0FREDY \u00a0REND\u00d3N \u00a0HERRERA, \u00a0nos ocuparemos de examinar aquellos \u00a0apartes \u00a0que \u00a0resultan \u00a0significativos \u00a0para \u00a0el \u00a0objeto \u00a0de investigaci\u00f3n y la \u00a0deducci\u00f3n \u00a0de \u00a0la \u00a0responsabilidad \u00a0penal \u00a0de VALENCIA \u00a0DUQUE: \u00a0\u00a0<\/p>\n<p>\u00a0 \u00a0 \u00a0<\/p>\n<p>1. Inicialmente, \u00a0en \u00a0la \u00a0declaraci\u00f3n del 14 de abril de 2009, surtida \u00a0dentro \u00a0del \u00a0radicado \u00a026.625, \u00a0mencion\u00f3 la relaci\u00f3n que tuvo con RAM\u00d3N \u00a0ANTONIO \u00a0VALENCIA \u00a0DUQUE \u00a0como \u00a0la \u00a0persona \u00a0con \u00a0quien \u00a0se \u00a0reuni\u00f3 \u00a0por intermedio de PLUTARCO P\u00c9REZ, le entreg\u00f3 \u00a0apoyos\u00a0 \u00a0e \u00a0incluso tuvo comunicaci\u00f3n electr\u00f3nica al final de la campa\u00f1a \u00a0del \u00a0 \u00a0a\u00f1o \u00a0 \u00a02006, \u00a0 \u00a0cuando \u00a0 \u00a0en \u00a0 \u00a0un \u00a0 e-mail26 \u00a0le \u00a0solicit\u00f3 \u00a0100 \u00a0o \u00a0200 \u00a0millones de pesos. \u00a0 \u00a0\u00a0<\/p>\n<p>\u00a0 \u00a0 \u00a0<\/p>\n<p>1. Una \u00a0vez trasladada la diligencia al radicado que tramitaba la Corte \u00a0contra \u00a0VALENCIA \u00a0DUQUE, \u00a0se \u00a0orden\u00f3 \u00a0escucharlo \u00a0en declaraci\u00f3n, exposici\u00f3n que se recibi\u00f3 el 22 de abril \u00a0de \u00a02009, \u00a0dentro \u00a0de la cual ampli\u00f3 la imputaci\u00f3n y precis\u00f3 la relaci\u00f3n del \u00a0ex \u00a0congresista \u00a0con \u00a0la \u00a0organizaci\u00f3n \u00a0armada \u00a0a \u00a0partir \u00a0de tres momentos que \u00a0cronol\u00f3gicamente se concretan en: \u00a0 \u00a0\u00a0<\/p>\n<p>\u00a0 \u00a0\u00a0<\/p>\n<p>* La \u00a0reuni\u00f3n en Arboletes: \u00a0 \u00a0\u00a0<\/p>\n<p>De acuerdo con el \u201cAlem\u00e1n\u201d, a petici\u00f3n \u00a0de \u00a0MAURICIO \u00a0FERN\u00c1NDEZ \u00a0o \u00a0\u201cRodrigo \u00a0Doblecero\u201d, comandante militar de las \u00a0ACCU, \u00a0 \u00a0recibi\u00f3 \u00a0 \u00a0a \u00a0 VALENCIA \u00a0 DUQUE \u00a0 la \u00a0primera \u00a0vez \u00a0en \u00a0zona \u00a0rural \u00a0del \u00a0municipio \u00a0de \u00a0Arboletes, \u00a0aproximadamente \u00a0 en \u00a0 el \u00a0 a\u00f1o \u00a0 2000 \u00a0 en \u00a0 la \u00a0finca \u00a0Casablanca27, hablaron por \u00a0espacio \u00a0de \u00a0una \u00a0hora sobre el proceso de negociaci\u00f3n que se estaba gestando y \u00a0\u00e9ste \u00a0le \u00a0manifest\u00f3 que se estaba vinculando a la zona en temas pol\u00edticos, lo \u00a0que efectivamente sucedi\u00f3 posteriormente. \u00a0\u00a0<\/p>\n<p>Es decir, entiende la Sala que el sentido de \u00a0esta \u00a0referencia \u00a0por \u00a0parte \u00a0del \u00a0declarante \u00a0es \u00a0dejar \u00a0en evidencia que el ex \u00a0congresista \u00a0desde \u00a0\u00e9poca \u00a0anterior al encuentro era conocido por el comandante \u00a0\u201cRodrigo \u00a0Doblecero\u201d, \u00a0con \u00a0un \u00a0nivel \u00a0de \u00a0relaci\u00f3n \u00a0tal \u00a0que \u00a0le permiti\u00f3 \u00a0contactarlo \u00a0con \u00a0el \u00a0comandante del Bloque \u00c9lmer C\u00e1rdenas, para ambientar sus \u00a0aspiraciones pol\u00edticas en la zona. \u00a0\u00a0<\/p>\n<p>\u00a0 \u00a0\u00a0<\/p>\n<p>* La \u00a0reuni\u00f3n en la Virgen del Cobre: \u00a0 \u00a0\u00a0<\/p>\n<p>Seg\u00fan \u00a0 el \u00a0 testigo, \u00a0con \u00a0posterioridad \u00a0VALENCIA \u00a0DUQUE \u00a0fue llevado \u00a0por \u00a0PLUTARCO P\u00c9REZ a la finca Virgen del Cobre para hablar concretamente de la \u00a0campa\u00f1a \u00a0del a\u00f1o 2003 y de los apoyos que estaban pidiendo para el candidato a \u00a0la \u00a0alcald\u00eda \u00a0de \u00a0Turbo; \u00a0colaboraci\u00f3n \u00a0econ\u00f3mica que s\u00f3lo \u201cse concret\u00f3 a \u00a0medias\u201d \u00a0 dado \u00a0que \u00a0CARLOS \u00a0CORREA, \u00a0financiero \u00a0del \u00a0bloque, \u00a0no \u00a0consider\u00f3 \u00a0pertinente \u00a0darle \u00a0recursos a una persona que estaba llegando a la zona; m\u00e1xime \u00a0si \u00a0era amigo de \u201cRodrigo Doblecero\u201d, con \u00a0el \u00a0que no ten\u00edan la mejor relaci\u00f3n. Sin embargo se apoy\u00f3 su \u00a0proyecto \u00a0pol\u00edtico \u00a0y los candidatos de su equipo ayudados por la organizaci\u00f3n \u00a0finalmente \u00a0se \u00a0convirtieron \u00a0en respaldo para VALENCIA \u00a0cuando \u00a0 \u00e9ste \u00a0 aspir\u00f3 \u00a0 al \u00a0 Congreso28. \u00a0\u00a0<\/p>\n<p>En \u00a0 \u00a0ese \u00a0 \u00a0encuentro \u00a0 \u00a0VALENCIA \u00a0DUQUE le pidi\u00f3 al \u201cAlem\u00e1n\u201d \u00a0su \u00a0correo \u00a0electr\u00f3nico y all\u00ed le hizo algunas peticiones de apoyo econ\u00f3mico, \u00a0como tambi\u00e9n lo hizo PLUTARCO P\u00c9REZ. \u00a0\u00a0<\/p>\n<p>\u00a0 \u00a0\u00a0<\/p>\n<p>* El \u00a0correo electr\u00f3nico: \u00a0 \u00a0\u00a0<\/p>\n<p>Recuerda el declarante que pocos d\u00edas antes \u00a0de \u00a0las \u00a0elecciones \u00a0para \u00a0Congreso de la Rep\u00fablica del a\u00f1o 2006, RAM\u00d3N \u00a0ANTONIO VALENCIA DUQUE le envi\u00f3 un \u00a0correo electr\u00f3nico, cuyo texto es del siguiente tenor: \u00a0\u00a0<\/p>\n<p>\u201cDe: \u00a0\u00a0 \u00a0\u00a0 \u00a0 \u00a0\u00a0 \u00a0 \u00a0 \u00a0 \u00a0 \u00a0 \u00a0 \u00a0 \u00a0 \u00a0\u00a0Antonio \u00a0 Valencia \u00a0 antoniovalenciad@hotmail.com \u00a0\u00a0<\/p>\n<p>Enviado el: \u00a0 \u00a0\u00a0 \u00a0 \u00a0\u00a0 \u00a0 \u00a0 \u00a0 \u00a0 \u00a0 \u00a0 \u00a0 \u00a0 \u00a0\u00a0Lunes, 06 de Marzo de 2006 4:44:31 \u00a0\u00a0<\/p>\n<p>Para: \u00a0\u00a0 \u00a0\u00a0 \u00a0 \u00a0\u00a0 \u00a0 \u00a0 \u00a0 \u00a0 \u00a0 \u00a0 \u00a0 \u00a0 \u00a0\u00a0ninoska4@hotmail.com \u00a0\u00a0<\/p>\n<p>Asunto: \u00a0\u00a0 \u00a0\u00a0 \u00a0 \u00a0\u00a0 \u00a0 \u00a0 \u00a0 \u00a0 \u00a0 \u00a0 \u00a0 \u00a0 \u00a0\u00a0Cordial Saludo \u00a0\u00a0<\/p>\n<p>Cordialisimo \u00a0saludo. \u00a0Avanzamos \u00a0con mucho \u00a0\u00e9xito \u00a0en la campa\u00f1a pol\u00edtica que nos elegir\u00e1 como Representante a la Camara \u00a0y \u00a0Senador \u00a0de la Republica para representar en el Congreso a la gran regi\u00f3n de \u00a0Uraba. \u00a0\u00a0<\/p>\n<p>Muy fuerte vemos la campa\u00f1a de Alberto. La \u00a0de \u00a0Senado \u00a0ha recogido un gran apoyo en las regiones del oriente y occidente de \u00a0Antioquia, \u00a0Valle \u00a0de \u00a0Aburra \u00a0y \u00a0unos \u00a0apoyos \u00a0muy importantes en Bogota, Cali, \u00a0Amazonas, Putumayo y Choco. \u00a0\u00a0<\/p>\n<p>Estoy \u00a0agradeciendo \u00a0inmensamente el apoyo \u00a0log\u00edstico \u00a0que \u00a0me \u00a0han \u00a0dado. \u00a0No \u00a0obstante requiero un ultimo esfuerzo con un \u00a0apoyo \u00a0econ\u00f3mico en efectivo para el dia de elecciones que cuesta cerca de $250 \u00a0millones. \u00a0Le \u00a0ruego \u00a0de \u00a0ser \u00a0posible, \u00a0al \u00a0menos \u00a0$100 millones, asi sea en un \u00a0prestamo que puedo garantizarle su pago en al menos un a\u00f1o. \u00a0\u00a0<\/p>\n<p>Mi \u00a0disposicion \u00a0para servir los intereses \u00a0del pais y particularmente la region de Uraba sera siempre plena. \u00a0\u00a0<\/p>\n<p>Con \u00a0 \u00a0mi \u00a0 \u00a0reiterado \u00a0 \u00a0saludo, \u00a0 un \u00a0abrazo. \u00a0\u00a0<\/p>\n<p>Antonio Valencia \u00a0<\/p>\n<p>Candidato &amp; 13 Senado \u00a0<\/p>\n<p>Equipo \u00a0 \u00a0 Colombia\u201d29 \u00a0\u00a0<\/p>\n<p>. \u00a0<\/p>\n<p>En esa diligencia, al momento de analizar el \u00a0texto \u00a0del \u00a0correo, \u00a0el \u00a0\u201cAlem\u00e1n\u201d \u00a0sostuvo \u00a0que \u00a0el dinero solicitado en el \u00a0e-mail \u00a0no se entreg\u00f3 y el apoyo log\u00edstico del que all\u00ed se habla se deduce de \u00a0aqu\u00e9l \u00a0que \u00a0le \u00a0dieron \u00a0a los candidatos a las alcald\u00edas, los cuales, en otros \u00a0apartes \u00a0de \u00a0su \u00a0declaraci\u00f3n, \u00a0los \u00a0limita \u00a0a \u00a0temas de transporte y log\u00edstica \u00a0electoral. \u00a0\u00a0<\/p>\n<p>Pues \u00a0bien, \u00a0la \u00a0Sala \u00a0encuentra \u00a0que \u00a0el \u00a0documento \u00a0aportado \u00a0por \u00a0el \u00a0\u201cAlem\u00e1n\u201d, en la declaraci\u00f3n rendida el 22 de \u00a0abril \u00a0de \u00a02009, \u00a0resulta \u00a0significativo \u00a0y \u00a0elocuente \u00a0al momento de valorar el \u00a0compromiso \u00a0de \u00a0VALENCIA DUQUE \u00a0con \u00a0la \u00a0organizaci\u00f3n \u00a0armada al margen de la ley que oper\u00f3 bajo el r\u00f3tulo de \u00a0Bloque \u00a0\u00c9lmer \u00a0C\u00e1rdenas, \u00a0ya \u00a0que de su texto se infiere: (i) La existencia de \u00a0una \u00a0relaci\u00f3n \u00a0anterior \u00a0del ex congresista con el comandante del Bloque \u00c9lmer \u00a0C\u00e1rdenas, \u00a0al \u00a0punto \u00a0que le hace un balance de los desarrollos de la campa\u00f1a. \u00a0(ii) \u00a0La \u00a0presencia \u00a0de \u00a0un \u00a0proyecto \u00a0pol\u00edtico \u00a0com\u00fan \u00a0para representar en el \u00a0Congreso \u00a0la regi\u00f3n de Urab\u00e1 y los intereses del grupo armado, cuya f\u00f3rmula a \u00a0la \u00a0C\u00e1mara era ALBERTO JIM\u00c9NEZ, quien seg\u00fan FREDY REND\u00d3N HERRERA30 \u00a0fue apoyado \u00a0por \u00a0 la \u00a0 organizaci\u00f3n \u00a0 y \u00a0represent\u00f3 \u00a0ventajas \u00a0pol\u00edticas \u00a0importantes \u00a0al \u00a0procesado. \u00a0(iii) \u00a0La \u00a0preexistencia \u00a0de unos apoyos reales y materiales por los \u00a0que \u00a0se \u00a0expresaba \u00a0gratitud. \u00a0(iv) \u00a0La necesidad de un \u00a0\u00faltimo \u00a0apoyo \u00a0econ\u00f3mico, frente a la inminencia del \u00a0d\u00eda de elecciones. \u00a0\u00a0<\/p>\n<p>Este \u00a0aspecto \u00a0fue \u00a0objeto \u00a0de \u00a0actividades \u00a0investigativas \u00a0por parte de la Sala, al punto que se le recibi\u00f3 declaraci\u00f3n a \u00a0un \u00a0grupo de personas que trabajaron en las sedes de la campa\u00f1a al Senado de la \u00a0Rep\u00fablica \u00a0 de \u00a0RAM\u00d3N \u00a0ANTONIO \u00a0VALENCIA \u00a0en \u00a0la \u00a0ciudad \u00a0de \u00a0Medell\u00edn. Sin embargo, ni CLARA LUZ RESTREPO, \u00a0SERGIO \u00a0ESTARITA, \u00a0FABIOLA \u00a0MONTES, MAR\u00cdA TERESA SALAZAR, JORGE IV\u00c1N RESTREPO, \u00a0WILLIAM \u00a0OSPINA, \u00a0JOHN JAIME MONCADA, JAIME HERNANDO JARAMILLO, pudieron dar una \u00a0explicaci\u00f3n \u00a0diversa \u00a0a \u00a0la \u00a0asumida \u00a0dentro \u00a0del \u00a0proceso, \u00a0a \u00a0partir \u00a0de \u00a0las \u00a0declaraciones de FREDY REND\u00d3N HERRERA y HUMBERTO ATEHORT\u00daA. \u00a0\u00a0<\/p>\n<p>\u00a0 \u00a0 \u00a0<\/p>\n<p>1. Finalmente, \u00a0el \u00a0\u201cAlem\u00e1n\u201d \u00a0ampli\u00f3 \u00a0la \u00a0declaraci\u00f3n el 1\u00ba. de \u00a0octubre \u00a0de \u00a02010 \u00a0y \u00a0all\u00ed \u00a0no \u00a0s\u00f3lo reiter\u00f3 el n\u00facleo de imputaci\u00f3n contra \u00a0RAM\u00d3N ANTONIO VALENCIA, sino \u00a0que detalladamente agreg\u00f3: \u00a0 \u00a0\u00a0<\/p>\n<p>\u00a0 \u00a0\u00a0<\/p>\n<p>* Sobre la reuni\u00f3n en la Virgen del Cobre: \u00a0 \u00a0\u00a0<\/p>\n<p>Reconoce que en ese\u00a0 encuentro hablaron \u00a0de \u00a0erradicaci\u00f3n \u00a0de \u00a0cultivos y proyectos que el gobierno estaba implementando \u00a0en \u00a0 la \u00a0 zona. \u00a0 Por \u00a0 ello, \u00a0 conversaron \u00a0 sobre \u00a0 el \u00a0 tema \u00a0de \u00a0\u201cFamilias \u00a0Guardabosques\u201d. \u00a0\u00a0<\/p>\n<p>Advierte \u00a0que all\u00ed le coment\u00f331 \u00a0 todo \u00a0lo \u00a0relacionado \u00a0con \u00a0el proyecto pol\u00edtico de la organizaci\u00f3n armada y le censur\u00f3 \u00a0que \u00a0los \u00a0pol\u00edticos \u00a0se \u00a0aprovechaban en \u00e9poca electoral para sacar los votos. \u00a0Incluso \u00a0hablaron \u00a0de \u00a0las \u00a0posibilidades que ten\u00eda Equipo Colombia en la zona, \u00a0dado \u00a0que \u00a0contaban \u00a0con \u00a0l\u00edderes tan importantes como WILLIAM PALACIO, ALBERTO \u00a0JIM\u00c9NEZ, \u00a0PLUTARCO \u00a0P\u00c9REZ, \u00a0BENJAM\u00cdN D\u00cdAZ, ROBERTO MART\u00cdNEZ, entre otros, a \u00a0prop\u00f3sito \u00a0 \u00a0 de \u00a0 \u00a0 los \u00a0 \u00a0 cuales \u00a0 \u00a0 precis\u00f332: \u00a0(i) \u00a0WILLIAM \u00a0PALACIO, fue \u00a0gerente \u00a0del \u00a0hospital \u00a0de \u00a0Turbo y all\u00ed la organizaci\u00f3n armada le mandaba los \u00a0enfermos \u00a0 para \u00a0que \u00a0fueran \u00a0atendidos. \u00a0Adem\u00e1s, \u00a0recibi\u00f3 \u00a0apoyo \u00a0cuando \u00a0fue \u00a0candidato \u00a0a \u00a0la \u00a0alcald\u00eda de Turbo en el a\u00f1o 2003. (ii) ALBERTO JIM\u00c9NEZ, era \u00a0un \u00a0l\u00edder \u00a0pol\u00edtico \u00a0importante \u00a0de la zona de San Jos\u00e9 de Mulatos, le dieron \u00a0apoyo \u00a0en \u00a0sus \u00a0aspiraciones a la alcald\u00eda y cuando fue candidato a la C\u00e1mara, \u00a0como \u00a0 \u00a0f\u00f3rmula \u00a0 \u00a0de \u00a0 VALENCIA \u00a0 DUQUE. \u00a0\u00a0<\/p>\n<p>Tambi\u00e9n \u00a0indic\u00f3 \u00a0que \u00a0en \u00a0esa \u00a0reuni\u00f3n, \u00a0adem\u00e1s \u00a0de las pretensiones electorales, hubo solicitudes de apoyo econ\u00f3mico y \u00a0financiero33, \u00a0cuando \u00a0deprec\u00f3 \u00a0el \u00a0respaldo \u00a0en \u00a0todas \u00a0esas campa\u00f1as, porque \u00a0costaban \u00a0 mucho, \u00a0 lo \u00a0 cual \u00a0 volvi\u00f3 \u00a0 a \u00a0repetir \u00a0por \u00a0escrito \u00a0\u2013en la campa\u00f1a de 2006-, sin resultado \u00a0positivo, \u00a0entre \u00a0otras \u00a0razones, \u00a0porque ellos ya ven\u00edan apoyando al candidato \u00a0que ten\u00eda para la C\u00e1mara de Representantes -ALBERTO JIM\u00c9NEZ-. \u00a0\u00a0<\/p>\n<p>\u00a0 \u00a0\u00a0<\/p>\n<p>* Equipo pol\u00edtico de VALENCIA DUQUE: \u00a0 \u00a0\u00a0<\/p>\n<p>Dentro \u00a0del \u00a0equipo \u00a0pol\u00edtico \u00a0del \u00a0doctor \u00a0VALENCIA \u00a0DUQUE en el Urab\u00e1, \u00a0reconoce34 \u00a0a \u00a0WILLIAM \u00a0PALACIO, \u00a0PLUTARCO \u00a0P\u00c9REZ, ROBERTO MART\u00cdNEZ, ALBERTO \u00a0JIM\u00c9NEZ, JAIRO BANQUET y BENJAM\u00cdN D\u00cdAZ. \u00a0\u00a0<\/p>\n<p>En \u00a0 \u00a0suma, \u00a0 FREDY \u00a0 REND\u00d3N \u00a0 HERRERA \u00a0sintetiza35 \u00a0 las \u00a0 pretensiones \u00a0de \u00a0RAM\u00d3N \u00a0ANTONIO \u00a0VALENCIA \u00a0DUQUE, \u00a0para \u00a0el \u00a0proceso pol\u00edtico del a\u00f1o \u00a02003, \u00a0en \u00a0captar \u00a0votos para su partido y para \u00e9l en sus aspiraciones futuras, \u00a0pero tambi\u00e9n percibir recursos para esas campa\u00f1as. \u00a0\u00a0<\/p>\n<p>En lo esencial, REND\u00d3N HERRERA ratifica las \u00a0imputaciones \u00a0que \u00a0en \u00a0pret\u00e9rita \u00a0oportunidad \u00a0hab\u00eda \u00a0realizado \u00a0\u00c9VER \u00a0VELOZA \u00a0GARC\u00cdA, \u00a0sobre los nexos de VALENCIA DUQUE \u00a0con \u00a0las \u00a0estructuras \u00a0de autodefensas que operaron en el Urab\u00e1 y \u00a0los \u00a0apoyos \u00a0pol\u00edticos \u00a0o \u00a0econ\u00f3micos \u00a0que \u00a0espec\u00edficamente le hab\u00eda dado el \u00a0Bloque \u00a0\u00c9lmer \u00a0C\u00e1rdenas. \u00a0Pero \u00a0adem\u00e1s, miradas en conjunto las declaraciones \u00a0del \u00a0\u201cAlem\u00e1n\u201d, \u00a0la Sala advierte que dicha hip\u00f3tesis adquiere mayor fuerza \u00a0cuando \u00a0se \u00a0realiza \u00a0un \u00a0examen \u00a0ex \u00a0post \u00a0de \u00a0la \u00a0situaci\u00f3n \u00a0y \u00a0se constata la \u00a0existencia\u00a0 \u00a0de \u00a0hechos \u00a0que \u00a0se valoran como la consecuencia de la punible \u00a0alianza: \u00a0\u00a0<\/p>\n<p>\u00a0 \u00a0\u00a0<\/p>\n<p>* El \u00a0texto \u00a0del \u00a0e-mail, \u00a0del \u00a0cual, \u00a0como \u00a0ya \u00a0qued\u00f3 \u00a0desarrollado, \u00a0se \u00a0deduce \u00a0la \u00a0existencia \u00a0y \u00a0naturaleza \u00a0de \u00a0los acuerdos, el cumplimiento de los mismos y los \u00a0progresos pol\u00edticos que produjeron. \u00a0 \u00a0\u00a0<\/p>\n<p>\u00a0 \u00a0\u00a0<\/p>\n<p>* Los \u00a0resultados \u00a0 \u00a0electorales \u00a0 \u00a0de \u00a0 \u00a0RAM\u00d3N \u00a0 \u00a0ANTONIO \u00a0VALENCIA en el a\u00f1o 2006 frente al 2002, en municipios \u00a0del \u00a0Urab\u00e1 \u00a0antioque\u00f1o \u00a0en \u00a0donde \u00a0personalmente aval\u00f3, como Equipo Colombia, \u00a0candidatos \u00a0que \u00a0contaban \u00a0con \u00a0el apoyo del Bloque \u00c9lmer C\u00e1rdenas, tales como \u00a0BENJAM\u00cdN \u00a0 \u00a0 \u00a0EDUARDO \u00a0 \u00a0 \u00a0D\u00cdAZ \u00a0 \u00a0 RODR\u00cdGUEZ36, \u00a0 alcalde \u00a0 de \u00a0 Necocl\u00ed, \u00a0WILLIAM \u00a0 \u00a0 \u00a0 \u00a0 \u00a0 PALACIO \u00a0 \u00a0 \u00a0 \u00a0 \u00a0VALENCIA37, \u00a0alcalde \u00a0de \u00a0Turbo, y OMAR \u00a0ELI\u00c9CER \u00a0 \u00a0 \u00a0 \u00a0 \u00a0 MANRIQUE \u00a0 \u00a0 \u00a0 \u00a0 \u00a0URUETA38 \u00a0alcalde \u00a0de \u00a0San \u00a0Pedro \u00a0de \u00a0Urab\u00e1, \u00a0 \u00a0 en \u00a0 \u00a0 cuyos \u00a0 \u00a0 casos \u00a0 \u00a0 los \u00a0 \u00a0 guarismos \u00a0 \u00a0muestran: \u00a0 \u00a0\u00a0<\/p>\n<p>Municipio \u00a0\u00a0 \u00a0 \u00a0 \u00a0 \u00a0 \u00a0<\/p>\n<p>Elecciones \u00a02002 \u00a0\u00a0 \u00a0 \u00a0 \u00a0 \u00a0 \u00a0<\/p>\n<p>Elecciones \u00a02006 \u00a0\u00a0 \u00a0 \u00a0 \u00a0 \u00a0 \u00a0<\/p>\n<p>Incremento \u00a0\u00a0<\/p>\n<p>% \u00a0<\/p>\n<p>Necocl\u00ed \u00a0\u00a0 \u00a0 \u00a0 \u00a0 \u00a0 \u00a0<\/p>\n<p>2539 \u00a0\u00a0 \u00a0 \u00a0 \u00a0 \u00a0 \u00a0<\/p>\n<p>57940 \u00a0\u00a0 \u00a0 \u00a0 \u00a0 \u00a0 \u00a0<\/p>\n<p>2316% \u00a0<\/p>\n<p>Turbo \u00a0\u00a0 \u00a0 \u00a0 \u00a0 \u00a0 \u00a0<\/p>\n<p>14841 \u00a0\u00a0 \u00a0 \u00a0 \u00a0 \u00a0 \u00a0<\/p>\n<p>263242 \u00a0\u00a0 \u00a0 \u00a0 \u00a0 \u00a0 \u00a0<\/p>\n<p>1778% \u00a0<\/p>\n<p>San \u00a0 Pedro \u00a0 de \u00a0Urab\u00e1 \u00a0\u00a0 \u00a0 \u00a0 \u00a0 \u00a0 \u00a0<\/p>\n<p>1943 \u00a0\u00a0 \u00a0 \u00a0 \u00a0 \u00a0 \u00a0<\/p>\n<p>56544 \u00a0\u00a0 \u00a0 \u00a0 \u00a0 \u00a0 \u00a0<\/p>\n<p>2973% \u00a0<\/p>\n<p>Total Votos \u00a0\u00a0 \u00a0 \u00a0 \u00a0 \u00a0 \u00a0<\/p>\n<p>192 \u00a0\u00a0 \u00a0 \u00a0 \u00a0 \u00a0 \u00a0<\/p>\n<p>3776 \u00a0\u00a0 \u00a0 \u00a0 \u00a0 \u00a0 \u00a0<\/p>\n<p>1966% \u00a0<\/p>\n<p>\u00a0 \u00a0\u00a0<\/p>\n<p>* La \u00a0inclusi\u00f3n \u00a0de ALBERTO JIM\u00c9NEZ, l\u00edder del municipio de Turbo, como su f\u00f3rmula \u00a0a \u00a0la \u00a0C\u00e1mara \u00a0de \u00a0Representantes, \u00a0lo cual garantizaba la participaci\u00f3n de la \u00a0organizaci\u00f3n \u00a0armada \u00a0en \u00a0la \u00a0consolidaci\u00f3n \u00a0de \u00a0las \u00a0pol\u00edticas \u00a0regionales y \u00a0conducci\u00f3n de potenciales electorales. \u00a0 \u00a0\u00a0<\/p>\n<p>\u00a0 \u00a0\u00a0<\/p>\n<p>* La \u00a0participaci\u00f3n \u00a0 activa \u00a0 y \u00a0 decidida \u00a0 de \u00a0 VALENCIA \u00a0DUQUE \u00a0en \u00a0proyectos \u00a0sociales \u00a0cuya iniciativa hab\u00eda \u00a0sido \u00a0del \u00a0comandante \u00a0\u201cAlem\u00e1n\u201d y en los que estaba comprometido el hermano \u00a0de \u00a0\u00e9ste \u00a0-\u201cGerm\u00e1n \u00a0Monsalve\u201d-, \u00a0a \u00a0trav\u00e9s \u00a0de \u00a0ASOCOM\u00daN \u00a0y del Programa \u00a0Familias Guardabosques. \u00a0 \u00a0\u00a0<\/p>\n<p>Esas \u00a0acciones \u00a0vistas individualmente y en \u00a0conjunto \u00a0son \u00a0aspectos que informan de la relaci\u00f3n il\u00edcita del ex congresista \u00a0y \u00a0los \u00a0miembros \u00a0de \u00a0la \u00a0organizaci\u00f3n \u00a0armada, \u00a0por \u00a0cuya \u00a0v\u00eda \u00a0se infiere la \u00a0existencia \u00a0de \u00a0acuerdos \u00a0orientados a los mezquinos beneficios personales de un \u00a0candidato \u00a0y al prop\u00f3sito de los violentos por lograr un posicionamiento social \u00a0y pol\u00edtico, como estrategia de acceder clandestinamente al poder. \u00a0\u00a0<\/p>\n<p>\u00a0 \u00a0 \u00a0<\/p>\n<p>1. Declaraci\u00f3n \u00a0 de \u00a0 HUMBERTO \u00a0 ATEHORT\u00daA \u00a0SALINAS, alias \u201cJuan Diego\u201d. \u00a0 \u00a0\u00a0<\/p>\n<p>La \u00a0aparici\u00f3n \u00a0de \u00a0HUMBERTO ATEHORTUA como \u00a0testigo \u00a0dentro \u00a0de \u00a0estas diligencias obedeci\u00f3 a la referencia que de \u00e9l hizo \u00a0FREDY \u00a0REND\u00d3N \u00a0HERRERA, \u00a0en la declaraci\u00f3n del 22 de abril de 2009, como quien \u00a0pod\u00eda \u00a0tener \u00a0informaci\u00f3n \u00a0sobre \u00a0el \u00a0tema \u00a0investigado, \u00a0dada \u00a0la confianza y \u00a0cercan\u00eda \u00a0que \u00a0tuvo con \u00e9l durante el tiempo de militancia en el Bloque \u00c9lmer \u00a0C\u00e1rdenas. \u00a0\u00a0<\/p>\n<p>Su \u00a0declaraci\u00f3n45 \u00a0resulta \u00a0coincidente con la \u00a0versi\u00f3n \u00a0de \u00a0FREDY REND\u00d3N HERRERA e incluso termina aportando nuevos elementos \u00a0de \u00a0juicio\u00a0 \u00a0en aspectos esenciales que tienen que ver con las imputaciones \u00a0contra \u00a0 \u00a0 RAM\u00d3N \u00a0 \u00a0ANTONIO \u00a0 \u00a0VALENCIA. \u00a0Por \u00a0la \u00a0claridad \u00a0y solvencia en el relato, coincidencia con los \u00a0hechos \u00a0 probados, \u00a0 convergencia \u00a0 con \u00a0 otros \u00a0 testigos \u00a0y \u00a0posibilidades \u00a0de \u00a0percepci\u00f3n, \u00a0por \u00a0el rol que cumpli\u00f3 junto al \u201cAlem\u00e1n\u201d entre el a\u00f1o 2001 \u00a0y \u00a0 12 \u00a0 de \u00a0 abril \u00a0 de \u00a0 2006- \u00a0el \u00a0testimonio \u00a0se \u00a0valora \u00a0como \u00a0confiable \u00a0y \u00a0cre\u00edble. \u00a0\u00a0<\/p>\n<p>De \u00a0sus afirmaciones cabe rese\u00f1ar aquellas \u00a0que \u00a0guardan \u00a0\u00edntima \u00a0relaci\u00f3n con el prop\u00f3sito investigativo, que tienen que \u00a0ver con los siguientes aspectos: \u00a0\u00a0<\/p>\n<p>\u00a0 \u00a0\u00a0<\/p>\n<p>* Record\u00f3 \u00a0 la \u00a0 realizaci\u00f3n \u00a0 de \u00a0 m\u00faltiples \u00a0reuniones \u00a0entre \u00a0el \u00a0comandante \u00a0FREDY \u00a0REND\u00d3N \u00a0HERRERA \u00a0con \u00a0la \u00a0clase \u00a0pol\u00edtica, a prop\u00f3sito del \u00a0proceso \u00a0 \u00a0 \u00a0electoral \u00a0 \u00a0 \u00a0del \u00a0 \u00a0 a\u00f1o \u00a0 \u00a0 200346, \u00a0 dentro \u00a0 de \u00a0las \u00a0cuales \u00a0concret\u00f3 \u00a0 aquella \u00a0 con \u00a0 RAM\u00d3N \u00a0ANTONIO \u00a0VALENCIA \u00a0DUQUE, \u00a0 entre \u00a0otras \u00a0razones, \u00a0porque \u00a0\u00e9l \u00a0fue \u00a0el \u00a0encargado \u00a0de \u00a0la \u00a0log\u00edstica \u00a0de \u00a0la \u00a0misma, \u00a0para \u00a0que \u00a0el \u00a0encuentro \u00a0tuviera \u00a0realizaci\u00f3n \u00a0en \u00a0la \u00a0finca \u00a0la \u00a0Virgen del Cobre, del municipio de Necocl\u00ed, en \u00a0\u00e9poca que no logra precisar. \u00a0 \u00a0\u00a0<\/p>\n<p>Con posterioridad el comandante \u201cAlem\u00e1n\u201d \u00a0le \u00a0explic\u00f3 \u00a0que \u00a0el \u00a0proyecto \u00a0pol\u00edtico por una Urab\u00e1 Grande estaba trayendo \u00a0muchas \u00a0 personalidades, \u00a0 para \u00a0 congratularse \u00a0 con \u00a0 \u00e9l \u00a0 y \u00a0recibir \u00a0apoyo, \u00a0mencion\u00e1ndole \u00a0que RAM\u00d3N ANTONIO VALENCIA \u00a0lo \u00a0que quer\u00eda era tener una cercan\u00eda con el comandante y que se \u00a0le respaldara con votaci\u00f3n y recursos econ\u00f3micos. \u00a0\u00a0<\/p>\n<p>En su relato no deja espacio para dubitaci\u00f3n \u00a0alguna \u00a0sobre \u00a0la presencia en dicho lugar de RAM\u00d3N A. \u00a0VALENCIA, \u00a0al \u00a0punto \u00a0que \u00a0posteriormente47 \u00a0con acierto \u00a0lo \u00a0describe como un se\u00f1or blanco, de gafas, cabello de medio lado, mayor de 40 \u00a0a\u00f1os, \u00a0de \u00a0estatura \u00a0mediana, \u00a0que \u00a0llevaba \u00a0ese \u00a0d\u00eda \u00a0una camisa manga corta. \u00a0Incluso, \u00a0como \u00a0respaldo \u00a0de \u00a0sus \u00a0se\u00f1alamientos \u00a0refiere la existencia de otro \u00a0testigo \u00a0que \u00a0responde \u00a0al \u00a0nombre \u00a0de \u00a0CARLOS JAVIER NIEVES P\u00c9REZ, alias \u201cel \u00a0M\u00e9dico\u201d, \u00a0dado \u00a0que se trataba de quien le colaboraba en la log\u00edstica de las \u00a0reuniones \u00a0 y \u00a0 que \u00a0 tambi\u00e9n \u00a0 pudo \u00a0percibir \u00a0la \u00a0presencia \u00a0de \u00a0RAM\u00d3N \u00a0ANTONIO \u00a0VALENCIA DUQUE\u00a0 en el \u00a0sitio. \u00a0\u00a0<\/p>\n<p>\u00a0 \u00a0\u00a0<\/p>\n<p>* A \u00a0prop\u00f3sito \u00a0 \u00a0del \u00a0 apoyo \u00a0 financiero \u00a0 que \u00a0 solicit\u00f3, \u00a0 recuerda48 \u00a0 que \u00a0fue \u00a0receptor \u00a0de un e-mail enviado por el congresista al comandante \u201cAlem\u00e1n\u201d en \u00a0donde \u00a0le \u00a0ped\u00eda 200 millones de pesos como apoyo a la campa\u00f1a. Explica que se \u00a0enter\u00f3 \u00a0del texto del mismo ya que dentro de sus funciones estaba revisarle los \u00a0correos \u00a0 electr\u00f3nicos \u00a0al \u00a0comandante \u00a0\u201cAlem\u00e1n\u201d \u00a0e \u00a0imprimirle \u00a0los \u00a0m\u00e1s \u00a0importantes, \u00a0 actividad \u00a0 que \u00a0 en \u00a0este \u00a0caso \u00a0concluy\u00f3 \u00a0cuando \u00a0le \u00a0entreg\u00f3 \u00a0personalmente \u00a0el \u00a0texto \u00a0al \u00a0comandante,\u00a0 \u00a0por \u00a0tratarse \u00a0de \u00a0un remitente \u00a0considerado como una personalidad pol\u00edtica. \u00a0 \u00a0\u00a0<\/p>\n<p>Cuando \u00a0en \u00a0la \u00a0diligencia \u00a0se \u00a0le \u00a0puso \u00a0a \u00a0disposici\u00f3n \u00a0el \u00a0texto \u00a0del \u00a0e -mail, obrante a folio 223 del cuaderno original \u00a0n\u00famero \u00a0 \u00a0 \u00a0 \u00a0 \u00a0 \u00a0 1, \u00a0 \u00a0 \u00a0 \u00a0 \u00a0 \u00a0 acept\u00f349 \u00a0 \u00a0que \u00a0 \u00a0es \u00a0 un \u00a0 correo \u00a0electr\u00f3nico \u00a0de \u00a0MSN Hotmail en donde aparece el correo personal del comandante \u00a0\u201cAlem\u00e1n\u201d, \u00a0 \u00a0 \u00a0 \u00a0 \u00a0 \u00a0 \u00a0 \u00a0 \u00a0 \u00a0 \u00a0 ninoska4@hotmail.com, \u00a0el \u00a0cual \u00a0no se le suministraba a todo el mundo sino a las personas cercanas que \u00a0\u00e9l quer\u00eda. \u00a0\u00a0<\/p>\n<p>Asimismo, aclar\u00f3 que cuando all\u00ed se habla \u00a0de \u00a0ALBERTO, se trata de ALBERTO JIM\u00c9NEZ, l\u00edder de Turbo y Necocl\u00ed, cercano a \u00a0la \u00a0comandancia, \u00a0quien \u00a0se inici\u00f3 en la campa\u00f1a de la alcald\u00eda de Turbo y se \u00a0le \u00a0apoy\u00f3, \u00a0econ\u00f3mica \u00a0y \u00a0pol\u00edticamente con activos sociales y pol\u00edticos del \u00a0Bloque \u00a0para \u00a0la \u00a0campa\u00f1a a la C\u00e1mara de Representantes, en donde aspiraba con \u00a0ANTONIO \u00a0VALENCIA al Senado. \u00a0\u00a0<\/p>\n<p>\u00a0 \u00a0\u00a0<\/p>\n<p>* De \u00a0otra \u00a0parte, \u00a0frente \u00a0a \u00a0las \u00a0publicaciones \u00a0de prensa de la \u00e9poca \u2013proceso \u00a0electoral \u00a0del a\u00f1o 2006-, en \u00a0donde \u00a0 aparece \u00a0 publicidad \u00a0pol\u00edtica, \u00a0reconoci\u00f350 \u00a0la de ALBERTO JIM\u00c9NEZ como \u00a0candidato \u00a0a \u00a0la C\u00e1mara y consciente en que se trata de la misma publicidad que \u00a0en \u00a0 aquella \u00a0 \u00e9poca \u00a0 promocionaba \u00a0la \u00a0campa\u00f1a \u00a0en \u00a0f\u00f3rmula \u00a0al \u00a0Senado \u00a0de \u00a0ANTONIO \u00a0 \u00a0 \u00a0 \u00a0 \u00a0 \u00a0 \u00a0VALENCIA. \u00a0 \u00a0\u00a0<\/p>\n<p>\u00a0 \u00a0\u00a0<\/p>\n<p>* Al \u00a0momento \u00a0de \u00a0abordar el tema de los l\u00edderes de ANTONIO \u00a0VALENCIA \u00a0 \u00a0en \u00a0 la \u00a0 zona \u00a0 de \u00a0 Urab\u00e151 \u00a0refiere \u00a0el \u00a0nombre \u00a0de BENJAM\u00cdN D\u00cdAZ, alcalde elegido en Necocl\u00ed con el apoyo del Bloque. \u00a0Pero \u00a0al \u00a0ser \u00a0interrogado \u00a0por el nombre de unos candidatos avalados por Equipo \u00a0Colombia, \u00a0 \u00a0por \u00a0 \u00a0conducto \u00a0 \u00a0de \u00a0 RAM\u00d3N \u00a0 ANTONIO \u00a0VALENCIA, \u00a0a \u00a0las \u00a0alcald\u00edas de ciertos municipios de \u00a0Urab\u00e1 \u00a0en \u00a0el \u00a0a\u00f1o 2003, precis\u00f3: (i) ROBERTO MART\u00cdNEZ, l\u00edder de Urab\u00e1 que \u00a0fue \u00a0apoyado \u00a0por \u00a0la \u00a0organizaci\u00f3n \u00a0armada \u00a0econ\u00f3micamente \u00a0y \u00a0candidato a la \u00a0alcald\u00eda \u00a0de \u00a0San \u00a0Juan \u00a0de \u00a0Urab\u00e1. \u00a0(ii) \u00a0OMAR \u00a0ELI\u00c9CER MANRIQUE URUETA, fue \u00a0alcalde \u00a0de \u00a0San \u00a0Pedro de Urab\u00e1 apoyado por el comandante \u201cAlem\u00e1n\u201d. (iii) \u00a0WILLIAM \u00a0PALACIO \u00a0VALENCIA, \u00a0ex \u00a0alcalde \u00a0de \u00a0Turbo, \u00a0cercano \u00a0al \u201cAlem\u00e1n\u201d, \u00a0apoyado econ\u00f3micamente en la campa\u00f1a a la alcald\u00eda. \u00a0 \u00a0\u00a0<\/p>\n<p>Aunque las referencias testimoniales hablan \u00a0por \u00a0s\u00ed \u00a0mismas, \u00a0la \u00a0Sala \u00a0encuentra \u00a0tres \u00a0aspectos \u00a0que merecen comentario y \u00a0desarrollo, \u00a0no \u00a0s\u00f3lo \u00a0por la importancia que representan dentro de este asunto \u00a0sino \u00a0porque, \u00a0adem\u00e1s, \u00a0consolidan \u00a0el \u00a0juicio \u00a0de reproche contra RAM\u00d3N \u00a0 \u00a0 \u00a0 \u00a0ANTONIO \u00a0 \u00a0 \u00a0 VALENCIA. \u00a0Veamos: \u00a0\u00a0<\/p>\n<p>\u00a0 \u00a0\u00a0<\/p>\n<p>* El \u00a0pasaje \u00a0relatado sobre la reuni\u00f3n de la Virgen del Cobre, lo erige como testigo \u00a0directo \u00a0y \u00a0de \u00a0excepci\u00f3n \u00a0que \u00a0consolida \u00a0la \u00a0prueba de la existencia de dicho \u00a0momento, \u00a0en \u00a0donde, \u00a0de o\u00eddas, se deduce el surgimiento de verdaderos acuerdos \u00a0entre \u00a0el ex congresista y el comandante del Bloque \u00c9lmer C\u00e1rdenas, orientados \u00a0a \u00a0consolidar \u00a0apoyos \u00a0pol\u00edticos y financieros en la zona de influencia de este \u00a0grupo de autodefensas. \u00a0 \u00a0\u00a0<\/p>\n<p>\u00a0 \u00a0\u00a0<\/p>\n<p>* En \u00a0torno \u00a0al \u00a0e-mail \u00a0tantas veces mencionado que fuera entregado por FREDY REND\u00d3N \u00a0HERRERA, \u00a0la \u00a0versi\u00f3n \u00a0de \u00a0HUMBERTO \u00a0ATEHORT\u00daA \u00a0no \u00a0s\u00f3lo \u00a0confirma \u00a0lo que en \u00a0pret\u00e9ritas \u00a0diligencias hab\u00eda manifestado el \u201cAlem\u00e1n\u201d, sino que, adem\u00e1s, \u00a0introduce \u00a0 nuevos \u00a0 elementos \u00a0 de \u00a0 an\u00e1lisis \u00a0originados \u00a0en \u00a0quien \u00a0tuvo \u00a0la \u00a0responsabilidad \u00a0de \u00a0recibir el mensaje, analizarlo y transmitirlo al comandante \u00a0del \u00a0Bloque. N\u00f3tese c\u00f3mo recuerda las circunstancias de modo y lugar en que lo \u00a0recibi\u00f3, \u00a0la \u00a0naturaleza \u00a0especial \u00a0del correo en que ingres\u00f3 el mensaje y las \u00a0valoraciones \u00a0que \u00a0del \u00a0remitente \u00a0debi\u00f3 \u00a0hacer para adoptar su proceder, entre \u00a0otros aspectos. \u00a0 \u00a0\u00a0<\/p>\n<p>\u00a0 \u00a0\u00a0<\/p>\n<p>* Finalmente, \u00a0las \u00a0referencias en torno a candidatos a las alcald\u00edas \u00a0avalados \u00a0por \u00a0VALENCIA DUQUE, \u00a0que \u00a0fueron apoyados por el comandante \u201cAlem\u00e1n\u201d, contribuyen eficazmente al \u00a0cabal \u00a0entendimiento \u00a0del \u00a0entramado \u00a0delictivo, \u00a0en la medida que permite fijar \u00a0hechos, \u00a0deducir \u00a0conexiones \u00a0y \u00a0encontrar \u00a0explicaciones de comportamientos que \u00a0parecieran aislados. \u00a0 \u00a0\u00a0<\/p>\n<p>Cuando\u00a0 estas afirmaciones se miran en \u00a0el \u00a0conjunto \u00a0de \u00a0las \u00a0pruebas, especialmente las declaraciones de FREDY REND\u00d3N \u00a0HERRERA, \u00a0aparecen \u00a0situaciones \u00a0elocuentes \u00a0que informan del prop\u00f3sito que los \u00a0un\u00eda y la relaci\u00f3n con la organizaci\u00f3n armada. \u00a0\u00a0<\/p>\n<p>El \u00a0 \u00a0que \u00a0 BENJAM\u00cdN \u00a0 EDUARDO \u00a0 D\u00cdAZ \u00a0RODR\u00cdGUEZ52, \u00a0 alcalde \u00a0 de \u00a0 Necocl\u00ed, \u00a0WILLIAM \u00a0PALACIO \u00a0VALENCIA53, alcalde de \u00a0Turbo, \u00a0 \u00a0y \u00a0 \u00a0OMAR \u00a0 ELI\u00c9CER \u00a0 MANRIQUE \u00a0 URUETA54 \u00a0alcalde \u00a0de \u00a0San \u00a0Pedro \u00a0de \u00a0Urab\u00e1, \u00a0hayan \u00a0sido \u00a0apoyados \u00a0por \u00a0el \u00a0Bloque \u00a0\u00c9lmer C\u00e1rdenas y avalados por \u00a0RAM\u00d3N ANTONIO VALENCIA DUQUE \u00a0en \u00a0sus aspiraciones pol\u00edticas del a\u00f1o 2003, es un acto complejo que se valora \u00a0como \u00a0una manifestaci\u00f3n de los acuerdos entre el congresista y la organizaci\u00f3n \u00a0armada. \u00a0Igualmente \u00a0explica \u00a0por \u00a0qu\u00e9 \u00a0posteriormente \u00a0el \u00a0congresista tuvo un \u00a0inmenso \u00a0crecimiento \u00a0electoral \u00a0en \u00a0esas \u00a0localidades \u00a0y \u00a0el \u00a0Programa Familias \u00a0Guardabosques, \u00a0para \u00a0la \u00a0erradicaci\u00f3n de los cultivos il\u00edcitos, los tuvo como \u00a0municipios beneficiarios del mismo. \u00a0\u00a0<\/p>\n<p>Por \u00a0ello, no tiene explicaci\u00f3n en el azar \u00a0que \u00a0el \u00a0congresista \u00a0desde \u00a0la \u00a0institucionalidad \u00a0y \u00a0el \u201cAlem\u00e1n\u201d desde la \u00a0ilegalidad \u00a0hayan \u00a0tenido \u00a0identidad de prop\u00f3sito y posteriormente de decisi\u00f3n \u00a0en \u00a0orientar \u00a0las \u00a0acciones \u00a0sociales \u00a0a \u00a0los \u00a0mismos \u00a0municipios, prevalidos de \u00a0id\u00e9nticos \u00a0canales \u00a0comunitarios \u00a0e \u00a0institucionales. \u00a0Por el contrario, lo que \u00a0propicia \u00a0tantas \u00a0convergencias \u00a0entre \u00a0ellos \u00a0fue \u00a0la existencia previa de unos \u00a0acuerdos punibles que implicaban tales componentes. \u00a0\u00a0<\/p>\n<p>Como as\u00ed se valora la situaci\u00f3n f\u00e1ctica, \u00a0la \u00a0Sala debe rechazar cualquier intento por considerar la labor de RAM\u00d3N \u00a0 \u00a0ANTONIO \u00a0 \u00a0VALENCIA \u00a0 con \u00a0 las \u00a0comunidades \u00a0como \u00a0raz\u00f3n \u00a0suficiente \u00a0y \u00a0leg\u00edtima \u00a0que explica las situaciones \u00a0at\u00edpicas \u00a0referidas, \u00a0ya \u00a0que \u00a0no \u00a0puede \u00a0perderse \u00a0de \u00a0vista \u00a0el origen de las \u00a0acciones, \u00a0la \u00a0relaci\u00f3n \u00a0de \u00a0la \u00a0actividad \u00a0con \u00a0el \u00a0grupo \u00a0armado e incluso la \u00a0motivaci\u00f3n \u00a0del \u00a0entonces \u00a0congresista. \u00a0Cuando \u00a0se \u00a0pacta \u00a0y \u00a0acuerda \u00a0con los \u00a0violentos \u00a0no \u00a0s\u00f3lo \u00a0se promueve la organizaci\u00f3n armada, sino que por esa v\u00eda \u00a0se \u00a0desnaturaliza \u00a0la funci\u00f3n y se termina colocando al servicio de personas al \u00a0margen \u00a0de la ley la condici\u00f3n de servidor p\u00fablico, as\u00ed objetivamente se crea \u00a0que se trata de acciones que conllevan beneficio com\u00fan. \u00a0\u00a0<\/p>\n<p>\u00a0 \u00a0 \u00a0<\/p>\n<p>1. Declaraci\u00f3n \u00a0 \u00a0de \u00a0 \u00a0MAR\u00cdA \u00a0 \u00a0HORTENSIA \u00a0CASTRO HERN\u00c1NDEZ: \u00a0 \u00a0\u00a0<\/p>\n<p>Esta \u00a0ciudadana, \u00a0periodista \u00a0de profesi\u00f3n, \u00a0declar\u00f3 \u00a0el \u00a013 \u00a0de \u00a0noviembre \u00a0de \u00a02008 \u00a0y \u00a0a \u00a0lo largo de su exposici\u00f3n pudo \u00a0recordar \u00a0aspectos \u00a0relacionados \u00a0con \u00a0ASOCOM\u00daN, \u00a0la influencia que sobre dicha \u00a0organizaci\u00f3n \u00a0ten\u00eda \u00a0el \u00a0Bloque \u00a0\u00c9lmer \u00a0C\u00e1rdenas, \u00a0a trav\u00e9s del hermano del \u00a0\u201cAlem\u00e1n\u201d \u00a0 y \u00a0 la \u00a0relaci\u00f3n \u00a0de \u00a0RAM\u00d3N \u00a0ANTONIO \u00a0VALENCIA \u00a0en dicha asociaci\u00f3n. En t\u00e9rminos generales \u00a0se\u00f1al\u00f3: \u00a0\u00a0<\/p>\n<p>\u00a0 \u00a0\u00a0<\/p>\n<p>* De \u00a0o\u00eddas \u00a0comenta \u00a0que \u00a0ASOCOM\u00daN se hab\u00eda creado por el Bloque \u00c9lmer C\u00e1rdenas, \u00a0al \u00a0mando \u00a0del \u00a0\u201cAlem\u00e1n\u201d, \u00a0quien \u00a0ten\u00eda \u00a0sembrados de coca, para erradicar \u00a0cultivos \u00a0il\u00edcitos \u00a0y \u00a0auxiliar \u00a0a \u00a0la \u00a0gente \u00a0que \u00a0trabajaba en esa actividad, \u00a0incorpor\u00e1ndolos al Programa Familia Guardabosques. \u00a0 \u00a0\u00a0<\/p>\n<p>\u00a0 \u00a0\u00a0<\/p>\n<p>* En \u00a0abril \u00a0de \u00a02004\u00a0 \u00a0se \u00a0enter\u00f3 \u00a0de \u00a0una reuni\u00f3n clandestina realizada en la \u00a0Virgen \u00a0del \u00a0Cobre, liderada por \u201cdon Germ\u00e1n\u201d, hermano del \u201cAlem\u00e1n\u201d, a \u00a0la \u00a0cual \u00a0asisti\u00f3 \u00a0el \u00a0alcalde \u00a0de \u00a0Apartad\u00f3, \u00a0WILLIAM PALACIO de Turbo, JAIRO \u00a0BANQUET, etc. \u00a0 \u00a0\u00a0<\/p>\n<p>\u00a0 \u00a0\u00a0<\/p>\n<p>* El \u00a030 \u00a0de \u00a0agosto \u00a0de \u00a02004, \u00a0en \u00a0una \u00a0reuni\u00f3n de ASOCOMUN conoci\u00f3 a RAM\u00d3N \u00a0ANTONIO \u00a0VALENCIA en la Casa de la \u00a0Cultura \u00a0de \u00a0Mutat\u00e1, \u00a0con \u00a0la asistencia de alcaldes de la regi\u00f3n, en donde le \u00a0llam\u00f3 \u00a0la atenci\u00f3n: (i) Le pareci\u00f3 extra\u00f1a la amabilidad de los alcaldes con \u00a0\u201cdon \u00a0Germ\u00e1n\u201d. \u00a0(ii) \u00a0La \u00a0reuni\u00f3n la presid\u00eda WILLIAM PALACIO, alcalde de \u00a0Turbo \u00a0y \u00a0Secretario \u00a0V\u00cdCTOR \u00a0HUGO PACHECO, alcalde de Chigorod\u00f3. (iii) Cuando \u00a0ingres\u00f3 \u00a0al \u00a0sal\u00f3n \u00a0encontr\u00f3 \u00a0una cantidad de pendones alusivos a ASOCOM\u00daN y \u00a0advirti\u00f3 \u00a0que \u00a0pese a ser una reuni\u00f3n de alcaldes los que mandaban eran los de \u00a0dicha \u00a0asociaci\u00f3n. \u00a0(iv)\u00a0 \u00a0El \u00a0se\u00f1or \u00a0ARNULFO \u00a0PADILLA, \u00a0quien \u00a0fuera \u00a0el \u00a0Presidente \u00a0de \u00a0ASOCOM\u00daN \u00a0le \u00a0prohibi\u00f3 tomar fotograf\u00edas, lo cual origin\u00f3 su \u00a0protesta \u00a0p\u00fablica. \u00a0(v) \u00a0All\u00ed \u00a0hizo \u00a0uso de la palabra \u201cGerm\u00e1n Monsalve\u201d, \u00a0empez\u00f3 \u00a0hablando \u00a0de \u00a0Dios y lo que percibi\u00f3 fue que buscaban que los alcaldes \u00a0del \u00a0 \u00a0eje \u00a0 \u00a0bananero \u00a0 \u00a0contrataran \u00a0 \u00a0con \u00a0 \u00a0ASOCOMUN. \u00a0 \u00a0(vi) \u00a0 ANTONIO \u00a0VALENCIA se encontraba en el sitio \u00a0y \u00a0 se \u00a0 present\u00f3 \u00a0 como \u00a0 asesor \u00a0 de \u00a0 ASOCOM\u00daN55, \u00a0sin \u00a0que \u00a0le conste si eso \u00a0era \u00a0cierto. (vii) Identific\u00f3 como l\u00edderes de ASOCOM\u00daN a los se\u00f1ores ARNULFO \u00a0PADILLA, \u201cGerm\u00e1n Monsalve\u201d y EVELIO ESCOBAR. \u00a0 \u00a0\u00a0<\/p>\n<p>\u00a0 \u00a0\u00a0<\/p>\n<p>* En \u00a0la \u00a0aludida reuni\u00f3n de Mutat\u00e1 estuvieron presentes, entre otros, los alcaldes: \u00a0(i) \u00a0LEONARDO \u00a0PEREA \u00a0de Mutat\u00e1, (ii) V\u00cdCTOR HUGO PACHECO de Chigorod\u00f3. (iii) \u00a0WILLIAM \u00a0ORTIZ \u00a0PALACIO de Carepta (iv) JOS\u00c9 BANGUERO de Apartad\u00f3. (v) WILLIAM \u00a0PALACIO \u00a0de \u00a0Turbo. \u00a0(vi) BENJAM\u00cdN D\u00cdAZ RAMOS de Necocl\u00ed. (vii) OMAR MANRIQUE \u00a0de San Pedro de Urab\u00e1. (viii) WILLIAM SALEME de Arboletes. \u00a0 \u00a0\u00a0<\/p>\n<p>\u00a0 \u00a0\u00a0<\/p>\n<p>* JAIRO \u00a0BEDOYA \u00a0HOYOS \u00a0le \u00a0cont\u00f3 \u00a0que en la campa\u00f1a a la C\u00e1mara de \u00a0ALBERTO \u00a0JIM\u00c9NEZ hubo un asado en la Virgen del Cobre, para la cual se dijo que \u00a0la \u00a0log\u00edstica \u00a0la \u00a0hab\u00eda \u00a0dado \u00a0ELKIN, \u00a0alias \u00a0\u201cel\u00a0 \u00a0Indio\u201d, presunto \u00a0financiero \u00a0de \u00a0las \u00a0AUC, \u00a0en \u00a0donde \u00a0estuvo \u00a0presente \u00a0poco tiempo ANTONIO \u00a0 \u00a0 \u00a0 \u00a0 \u00a0 \u00a0 \u00a0VALENCIA56 \u00a0 y \u00a0 JAIRO \u00a0BANQUET, \u00a0cuyo \u00a0objetivo \u00a0cree \u00a0era \u00a0sensibilizar a la gente para apoyar la f\u00f3rmula de Senado y \u00a0C\u00e1mara. \u00a0 \u00a0\u00a0<\/p>\n<p>\u00a0 \u00a0\u00a0<\/p>\n<p>* Sobre \u00a0el proyecto pol\u00edtico de Urab\u00e1, superado el proceso del a\u00f1o \u00a02002 \u00a0que \u00a0permiti\u00f3 \u00a0elegir \u00a0a los denominados \u201cCuatrillizos\u201d, recuerda una \u00a0reuni\u00f3n \u00a0 aproximadamente \u00a0 en \u00a0noviembre \u00a0del \u00a0a\u00f1o \u00a02005 \u00a0con \u00a0el \u00a0comandante \u00a0\u201cAlem\u00e1n\u201d, \u00a0 quien \u00a0 expres\u00f3 \u00a0 el \u00a0 inter\u00e9s \u00a0 de \u00a0continuar \u00a0teniendo \u00a0una \u00a0representaci\u00f3n en Urab\u00e1. \u00a0 \u00a0\u00a0<\/p>\n<p>\u00a0 \u00a0\u00a0<\/p>\n<p>* Como \u00a0elemento \u00a0documental \u00a0que \u00a0respalda \u00a0las \u00a0afirmaciones \u00a0de \u00a0la \u00a0testigo, \u00a0la \u00a0Corte obtuvo copia de algunos ejemplares del peri\u00f3dico El Heraldo \u00a0de \u00a0Urab\u00e1, en los que gran parte de su dicho fue documentada en esa \u00e9poca y no \u00a0son \u00a0argumentos \u00a0nuevos o invenciones a posteriori de la testigo. Con el Informe \u00a0No. \u00a0 0312 \u00a0 del \u00a0 27 \u00a0 de \u00a0 septiembre \u00a0 de \u00a0 201057, se incorpor\u00f3: \u00a0 \u00a0\u00a0<\/p>\n<p>\u00a0 \u00a0 \u00a0<\/p>\n<p>i. Ejemplar \u00a0del diario El Heraldo de Urab\u00e1, edici\u00f3n No. 295 de marzo \u00a0de \u00a02006, \u00a0en \u00a0el \u00a0cual \u00a0aparece \u00a0en \u00a0la \u00a0secci\u00f3n B, p\u00e1gina 1, parte inferior, \u00a0publicidad \u00a0pol\u00edtica \u00a0de \u00a0ALBERTO \u00a0JIM\u00c9NEZ \u00a0como \u00a0candidato \u00a0a \u00a0la \u00a0C\u00e1mara en \u00a0f\u00f3rmula \u00a0 con \u00a0 RAM\u00d3N \u00a0ANTONIO \u00a0VALENCIA, \u00a0 \u00a0 \u00a0 \u00a0 \u00a0 al \u00a0 \u00a0 \u00a0 \u00a0 \u00a0 Senado58. \u00a0 \u00a0\u00a0<\/p>\n<p>\u00a0 \u00a0 \u00a0<\/p>\n<p>i. Ejemplar \u00a0del \u00a0diario \u00a0El \u00a0Heraldo \u00a0de \u00a0Urab\u00e1, \u00a0edici\u00f3n No. 288 de \u00a0diciembre \u00a0de \u00a02004, \u00a0en el cual, en la p\u00e1gina 7, registra el art\u00edculo escrito \u00a0por \u00a0MAR\u00cdA \u00a0HORTENSIA CASTRO HERN\u00c1NDEZ, documenta el tema de la asociaci\u00f3n de \u00a0municipios \u00a0de \u00a0Urab\u00e1, se hace una rese\u00f1a sobre ASOCOMUN y el rol de asesor de \u00a0RAM\u00d3N \u00a0ANTONIO \u00a0VALENCIA en \u00a0esa \u00a0 \u00a0organizaci\u00f3n \u00a0 comunitaria, \u00a0 incluyendo \u00a0 una \u00a0 fotograf\u00eda \u00a0 para \u00a0 el \u00a0efecto59. \u00a0 \u00a0\u00a0<\/p>\n<p>A \u00a0partir de las referencias testimoniales y \u00a0documentales, \u00a0originadas en MAR\u00cdA HORTENSIA, una vez m\u00e1s, por v\u00eda indirecta, \u00a0se \u00a0 confirma \u00a0la \u00a0relaci\u00f3n \u00a0existente \u00a0entre \u00a0RAM\u00d3N \u00a0ANTONIO \u00a0 VALENCIA \u00a0 y \u00a0ASOCOM\u00daN, \u00a0como \u00a0instrumento \u00a0liderado \u00a0por \u00a0\u201cGerm\u00e1n \u00a0Monsalve\u201d \u00a0al servicio del Bloque \u00c9lmer C\u00e1rdenas, \u00a0para \u00a0manejar \u00a0proyectos \u00a0sociales en los que ten\u00edan inter\u00e9s las autodefensas, \u00a0ya \u00a0que \u00a0espec\u00edficamente \u00a0en la diligencia queda al descubierto el prop\u00f3sito e \u00a0influencia \u00a0 del \u00a0Bloque \u00a0\u00c9lmer \u00a0C\u00e1rdenas \u00a0en \u00a0manejar \u00a0el \u00a0Programa \u00a0Familias \u00a0Guardabosques \u00a0a trav\u00e9s de ASOCOM\u00daN, con la asesor\u00eda y apoyo institucional de \u00a0RAM\u00d3N \u00a0 \u00a0ANTONIO \u00a0 \u00a0VALENCIA \u00a0 DUQUE \u00a0 y la ascendencia de \u201cGerm\u00e1n Monsalve\u201d. \u00a0\u00a0<\/p>\n<p>Adem\u00e1s, \u00a0con \u00a0su \u00a0dicho \u00a0se \u00a0ratifica \u00a0la \u00a0presencia \u00a0en \u00a0la \u00a0reuni\u00f3n \u00a0de \u00a0Mutat\u00e1 \u00a0de \u00a0los \u00a0alcaldes de los municipios de \u00a0Necocl\u00ed, \u00a0Turbo \u00a0y \u00a0San \u00a0Pedro de Urab\u00e1, los cuales, como se dijo en ac\u00e1pites \u00a0anteriores, \u00a0estar\u00edan \u00a0asistiendo con inter\u00e9s similar al que convoc\u00f3 a RAM\u00d3N \u00a0ANTONIO VALENCIA DUQUE. \u00a0\u00a0<\/p>\n<p>Finalmente, \u00a0la declaraci\u00f3n de HORTENSIA se \u00a0compadece \u00a0con \u00a0lo \u00a0declarado \u00a0por \u00a0\u00c9VER VELOZA en la versi\u00f3n libre rendida en \u00a0justicia \u00a0 \u00a0 y \u00a0 \u00a0 paz, \u00a0 \u00a0en \u00a0 \u00a0donde \u00a0 \u00a0entreg\u00f360 \u00a0copia \u00a0de \u00a0la p\u00e1gina 7 del \u00a0diario \u00a0El \u00a0Heraldo \u00a0de \u00a0Urab\u00e1, \u00a0en \u00a0la \u00a0cual aparece el art\u00edculo suscrito por \u00a0MAR\u00cdA \u00a0HORTENSIA CASTRO HERN\u00c1NDEZ, en donde realiza un an\u00e1lisis sobre MAD\u00da y \u00a0ASOCOM\u00daN \u00a0y \u00a0se \u00a0presenta \u00a0la \u00a0fotograf\u00eda \u00a0de \u00a0RAM\u00d3N \u00a0ANTONIO \u00a0 VALENCIA \u00a0 DUQUE \u00a0 como \u00a0 asesor \u00a0de \u00a0dicha \u00a0organizaci\u00f3n comunal. \u00a0\u00a0<\/p>\n<p>\u00a0 \u00a0 \u00a0<\/p>\n<p>1. Declaraci\u00f3n \u00a0 \u00a0de \u00a0 \u00a0GLORIA \u00a0 \u00a0PATRICIA \u00a0CASTRILL\u00d3N ARIAS: \u00a0 \u00a0\u00a0<\/p>\n<p>Como \u00a0funcionaria \u00a0de \u00a0la \u00a0Universidad \u00a0de \u00a0Manizales \u00a0fue \u00a0coordinadora general del componente social del Programa Familias \u00a0Guardabosques, \u00a0que \u00a0adjudic\u00f3 \u00a0el \u00a0Gobierno \u00a0Nacional \u00a0a la uni\u00f3n temporal con \u00a0ASOCOM\u00daN, \u00a0la \u00a0cual \u00a0fue \u00a0posible \u00a0por \u00a0la \u00a0intervenci\u00f3n \u00a0de \u00a0EDIGSON \u00a0P\u00c9REZ, \u00a0propietario \u00a0de \u00a0la \u00a0empresa Estrategias y Desarrollo, en la cual ten\u00eda oficina \u00a0asignada \u00a0RAM\u00d3N A. VALENCIA, \u00a0quien \u00a0 \u00a0 \u00a0 \u00a0 \u00a0 \u00a0 le \u00a0 \u00a0 \u00a0 \u00a0 \u00a0 \u00a0 plante\u00f361, \u00a0en \u00a0febrero \u00a0de \u00a02004, \u00a0la \u00a0posibilidad \u00a0de \u00a0vincular \u00a0a \u00a0la \u00a0universidad \u00a0con \u00a0ASOCOM\u00daN, dado que \u00e9sta no \u00a0ten\u00eda \u00a0capacidad \u00a0t\u00e9cnica \u00a0para \u00a0desarrollar \u00a0el proyecto en los municipios de \u00a0Turbo \u00a0y \u00a0Necocl\u00ed.\u00a0 \u00a0Para \u00a0el efecto EDIGSON P\u00c9REZ visit\u00f3 la universidad \u00a0con \u00a0ARNULFO \u00a0PADILLA \u00a0y EVELIO ESCOBAR, directivos de ASOCOM\u00daN, a partir de lo \u00a0cual \u00a0se \u00a0hizo la uni\u00f3n temporal y en desarrollo del mismo, entre junio de 2004 \u00a0a \u00a0diciembre \u00a0de \u00a02006, \u00a0ALBERTO \u00a0JIM\u00c9NEZ \u00a0aparece \u00a0como \u00a0coordinador local del \u00a0contrato. \u00a0\u00a0<\/p>\n<p>En su exposici\u00f3n, record\u00f3 haber visto en el \u00a0Urab\u00e1 \u00a0 \u00a0a \u00a0 RAM\u00d3N \u00a0 ANTONIO \u00a0 VALENCIA, \u00a0en \u00a0cumplimiento de una reuni\u00f3n que se celebr\u00f3 para mostrarle a \u00a0la \u00a0 \u00a0 uni\u00f3n \u00a0 \u00a0 de \u00a0 \u00a0municipios \u00a0 \u00a0de \u00a0 \u00a0Urab\u00e162 \u00a0 \u00a0 \u00a0 \u00a0 \u2013MAD\u00da-, \u00a0una \u00a0experiencia \u00a0exitosa \u00a0de \u00a0otra \u00a0 \u00a0 \u00a0 \u00a0organizaci\u00f3n \u00a0 \u00a0 \u00a0 \u00a0\u2013MASORA, \u00a0 Asociaci\u00f3n \u00a0 de \u00a0 Municipios \u00a0 del \u00a0 Oriente-. \u00a0 En \u00a0 esa \u00a0reuni\u00f3n63 \u00a0habl\u00f3 \u00a0\u201cGerm\u00e1n Monsalve\u201d, persona64 \u00a0 que \u00a0 en \u00a0trat\u00e1ndose \u00a0de \u00a0Familias \u00a0Guardabosques \u00a0acondicion\u00f3, \u00a0como \u00a0hacendado, la sede en Pueblo Nuevo \u00a0para \u00a0que \u00a0los \u00a0acompa\u00f1amientos tuvieran un lugar en donde pudieran hacer todas \u00a0las \u00a0reuniones \u00a0del \u00a0programa, \u00a0algunas \u00a0de las cuales cont\u00f3 con su asistencia. \u00a0\u00a0<\/p>\n<p>De este testimonio surgen nuevos indicios que \u00a0vinculan \u00a0 a \u00a0 RAM\u00d3N \u00a0 ANTONIO \u00a0VALENCIA \u00a0con \u00a0\u201cGerm\u00e1n \u00a0Monsalve\u201d \u00a0y los proyectos por \u00e9l liderados en \u00a0representaci\u00f3n \u00a0del \u00a0Bloque \u00a0\u00c9lmer \u00a0C\u00e1rdenas, \u00a0ya \u00a0que \u00a0no \u00a0es casual que sea \u00a0precisamente \u00a0quien \u00a0fuera \u00a0su compa\u00f1ero de oficina en la Empresa Estrategias y \u00a0Desarrollo, \u00a0EDIGSON \u00a0P\u00c9REZ, \u00a0quien \u00a0resulte \u00a0gestionando la consecuci\u00f3n de un \u00a0socio \u00a0estrat\u00e9gico \u00a0para \u00a0formar \u00a0una \u00a0uni\u00f3n \u00a0temporal \u00a0que pueda ejecutar con \u00a0ASOCOM\u00daN \u00a0el \u00a0programa \u00a0Familia \u00a0Guardabosques. \u00a0Adem\u00e1s, la referencia de este \u00a0ciudadano \u00a0no \u00a0es \u00a0aislada dentro de la investigaci\u00f3n ya que cuando se examinan \u00a0los \u00a0documentos \u00a0que sobre dicha asociaci\u00f3n existen en el expediente, su nombre \u00a0aparece, \u00a0junto al de RAM\u00d3N ANTONIO VALENCIA, asistiendo el 12 de julio de 2005 \u00a0al \u00a0Foro \u00a0realizado \u00a0en el muncipio de Necocl\u00ed con la participaci\u00f3n de Acci\u00f3n \u00a0Social \u00a0de \u00a0la \u00a0Presidencia \u00a0de \u00a0la \u00a0Rep\u00fablica, \u00a0como \u00a0encargados \u00a0de \u00a0aspectos \u00a0log\u00edsticos en representaci\u00f3n de ASOCOM\u00daN. \u00a0\u00a0<\/p>\n<p>\u00a0 \u00a0 \u00a0<\/p>\n<p>1. Declaraci\u00f3n \u00a0 \u00a0 \u00a0 \u00a0de \u00a0 \u00a0 \u00a0 \u00a0SANDRA \u00a0SU\u00c1REZ: \u00a0 \u00a0\u00a0<\/p>\n<p>La entonces Alta Consejera Presidencial para \u00a0el \u00a0 Plan \u00a0 Colombia, \u00a0 encargada \u00a0 desde \u00a0su \u00a0Despacho \u00a0del \u00a0Programa \u00a0Familias \u00a0Guardabosques, \u00a0compareci\u00f3 \u00a0a \u00a0la \u00a0Corte y en la diligencia practicada el 10 de \u00a0octubre de 2008, en t\u00e9rminos generales, sostuvo: \u00a0\u00a0<\/p>\n<p>\u00a0 \u00a0\u00a0<\/p>\n<p>* La \u00a0inclusi\u00f3n \u00a0del \u00a0Urab\u00e1 \u00a0al Programa Familia Guardabosques, en los municipios de \u00a0Necocl\u00ed \u00a0 \u00a0y \u00a0 \u00a0Turbo, \u00a0 \u00a0fue \u00a0 \u00a0iniciativa \u00a0 \u00a0del \u00a0 congresista \u00a0 RAM\u00d3N \u00a0ANTONIO \u00a0VALENCIA, quien gestion\u00f3 \u00a0una \u00a0audiencia \u00a0en \u00a0la \u00a0Consejer\u00eda \u00a0Presidencial \u00a0para \u00a0el \u00a0Plan Colombia, para \u00a0asistir \u00a0con \u00a0los \u00a0l\u00edderes \u00a0de \u00a0las comunidades y postularse como destinatarios \u00a0voluntarios \u00a0de \u00a0la erradicaci\u00f3n de cultivos il\u00edcitos, proceso que se cumpli\u00f3 \u00a0entre enero y octubre del a\u00f1o 2003. \u00a0 \u00a0\u00a0<\/p>\n<p>\u00a0 \u00a0\u00a0<\/p>\n<p>* El \u00a0entonces \u00a0Representante \u00a0a \u00a0la \u00a0C\u00e1mara, RAM\u00d3N ANTONIO \u00a0VALENCIA\u00a0 \u00a0mostr\u00f3 inter\u00e9s en el acompa\u00f1amiento \u00a0social \u00a0del \u00a0programa, \u00a0al punto que concurri\u00f3 a las reuniones celebradas en la \u00a0Casa \u00a0de \u00a0Nari\u00f1o \u00a0con \u00a0miembros \u00a0de la comunidad y aquellas institucionales que \u00a0tuvieron \u00a0ocurrencia \u00a0en \u00a0la \u00a0zona. \u00a0No \u00a0obstante, \u00a0la \u00a0testigo no puede aportar \u00a0informaci\u00f3n \u00a0adicional \u00a0dado \u00a0que no continu\u00f3 desempe\u00f1ando el cargo cuando se \u00a0materializ\u00f3 \u00a0el \u00a0proceso \u00a0de \u00a0ejecuci\u00f3n \u00a0del \u00a0proyecto \u00a0y \u00a0se \u00a0cumplieron \u00a0los \u00a0procedimientos administrativos de contrataci\u00f3n. \u00a0 \u00a0\u00a0<\/p>\n<p>El \u00a0valor \u00a0de este testimonio es que deja en \u00a0evidencia \u00a0 \u00a0que \u00a0 \u00a0VALENCIA \u00a0 DUQUE, \u00a0 desde \u00a0su \u00a0rol \u00a0institucional, tuvo \u00a0la iniciativa ante la Alta Consejera Presidencial para el Plan \u00a0Colombia \u00a0de \u00a0gestionar \u00a0la \u00a0inclusi\u00f3n en el Programa Familias Guardabosques de \u00a0ciertos \u00a0municipios \u00a0del Urab\u00e1 antioque\u00f1o, al punto que fue quien gestion\u00f3 la \u00a0cita para los l\u00edderes de la zona ante su despacho. \u00a0\u00a0<\/p>\n<p>Esta \u00a0referencia, \u00a0que \u00a0aisladamente podr\u00eda \u00a0verse \u00a0como \u00a0el simple cumplimiento del rol funcional como congresista, adquiere \u00a0relevancia \u00a0cuando \u00a0se mira en el contexto probatorio, ya que por v\u00eda indirecta \u00a0informa \u00a0de \u00a0la \u00a0relaci\u00f3n \u00a0existente \u00a0entre \u00a0VALENCIA \u00a0DUQUE \u00a0 \u00a0 y \u00a0 \u00a0el \u00a0 \u00a0Bloque \u00a0 \u00a0\u00c9lmer \u00a0 \u00a0C\u00e1rdenas. \u00a0Veamos: \u00a0\u00a0<\/p>\n<p>\u00a0 \u00a0 \u00a0<\/p>\n<p>1. En \u00a0la \u00a0g\u00e9nesis \u00a0del \u00a0Programa \u00a0Familias Guardabosques para Urab\u00e1, \u00a0existen \u00a0lugares \u00a0comunes que vinculan a RAM\u00d3N ANTONIO \u00a0VALENCIA \u00a0DUQUE con FREDY REND\u00d3N HERRERA, en la medida \u00a0que \u00a0mientras \u00e9ste, en la declaraci\u00f3n del 1 de octubre de 2010, se adjudica la \u00a0idea \u00a0de acceder al programa y haber financiado el desplazamiento a la ciudad de \u00a0Bogot\u00e1 \u00a0de \u00a0los \u00a0l\u00edderes \u00a0comunales, \u00a0aqu\u00e9l, \u00a0de manera concomitante, aparece \u00a0realizando \u00a0gestiones \u00a0para acceder a una cita en las instancias gubernamentales \u00a0competentes, \u00a0a \u00a0la cual finalmente concurre con los l\u00edderes financiados por el \u00a0\u201cAlem\u00e1n\u201d. \u00a0 \u00a0\u00a0<\/p>\n<p>\u00a0 \u00a0 \u00a0<\/p>\n<p>1. La \u00a0intervenci\u00f3n en esta materia de RAM\u00d3N \u00a0ANTONIO \u00a0VALENCIA \u00a0no se limit\u00f3 a facilitar el acceso \u00a0de \u00a0las comunidades a las instancias gubernamentales, sino que se prolong\u00f3 a lo \u00a0largo \u00a0de \u00a0su \u00a0configuraci\u00f3n \u00a0y ejecuci\u00f3n, proceso en donde resulta asociado a \u00a0organizaciones \u00a0y \u00a0personas \u00a0vinculadas \u00a0con el Bloque \u00c9lmer C\u00e1rdenas, ya como \u00a0asesor \u00a0 de \u00a0 las \u00a0 mismas \u00a0 o \u00a0 compartiendo \u00a0escenarios \u00a0con \u00a0miembros \u00a0de \u00a0la \u00a0organizaci\u00f3n. \u00a0 \u00a0\u00a0<\/p>\n<p>\u00a0 \u00a0 \u00a0<\/p>\n<p>1. En \u00a0suma, \u00a0tuvo \u00a0una \u00a0relaci\u00f3n \u00a0estrecha \u00a0con \u00a0el Programa Familias \u00a0Guardabosques \u00a0y \u00a0las \u00a0comunidades \u00a0vinculadas al mismo,\u00a0 que trasciende lo \u00a0accidental o fortuito. \u00a0 \u00a0\u00a0<\/p>\n<p>Incluso \u00a0en \u00a0el \u00a0expediente obra65 \u00a0documentaci\u00f3n \u00a0de \u00a0origen en la propia testigo, la cual estar\u00eda ratificando la \u00a0activa \u00a0 \u00a0 participaci\u00f3n \u00a0 \u00a0de \u00a0 \u00a0RAM\u00d3N \u00a0 \u00a0ANTONIO \u00a0VALENCIA \u00a0en \u00a0la \u00a0ejecuci\u00f3n del componente social del \u00a0Programa \u00a0Familias \u00a0Guardabosques. Evidencia de ello es el folio 11 del cuaderno \u00a0anexo \u00a0No. \u00a05, \u00a0en \u00a0el cual aparece la constancia expedida el 9 de septiembre de \u00a02002 \u00a0por \u00a0la \u00a0Alta Consejera Presidencial, en donde certifica que evidentemente \u00a0ANTONIO \u00a0VALENCIA \u00a0estuvo en \u00a0una \u00a0reuni\u00f3n oficial con personas del Urab\u00e1, incluido el se\u00f1or EDIGSON P\u00c9REZ \u00a0BEDOYA. \u00a0Tambi\u00e9n \u00a0aparece la comunicaci\u00f3n enviada por la referida funcionaria, \u00a0dirigida \u00a0al \u00a0congresista, en donde le notifica sobre la realizaci\u00f3n de un Foro \u00a0sobre \u00a0el Programa Familias Guardabosques, el 12 de julio de 2003, en la Casa de \u00a0la \u00a0 \u00a0Cultura \u00a0 \u00a0del \u00a0 \u00a0Municipio \u00a0 \u00a0de \u00a0 \u00a0Necocl\u00ed66. \u00a0\u00a0<\/p>\n<p>As\u00ed las cosas, cuando se mira en conjunto la \u00a0prueba \u00a0analizada, \u00a0la \u00a0Sala \u00a0encuentra que ella es convergente y contundente en \u00a0probar \u00a0la \u00a0relaci\u00f3n \u00a0existente \u00a0entre \u00a0RAM\u00d3N ANTONIO \u00a0VALENCIA \u00a0DUQUE \u00a0y grupos de autodefensas que operaban \u00a0en \u00a0el \u00a0Urab\u00e1 \u00a0antioque\u00f1o, a quienes con su actuar los reconoci\u00f3 y promovi\u00f3, \u00a0les \u00a0 prodig\u00f3 \u00a0 un \u00a0afianzamiento \u00a0regional \u00a0de \u00a0perturbadoras \u00a0incidencias \u00a0en \u00a0t\u00e9rminos de libertades p\u00fablicas en un n\u00facleo social. \u00a0\u00a0<\/p>\n<p>En \u00a0s\u00edntesis, las circunstancias f\u00e1cticas, \u00a0probatorias \u00a0y \u00a0jur\u00eddicas \u00a0esbozadas como fundamentos de la presente sentencia, \u00a0revelan \u00a0 el \u00a0 pacto \u00a0entre \u00a0RAM\u00d3N \u00a0ANTONIO \u00a0VALENCIA \u00a0DUQUE \u00a0y \u00a0el \u00a0comandante \u00a0del Bloque \u00c9lmer C\u00e1rdenas, \u00a0FREDY \u00a0REND\u00d3N \u00a0HERRERA, \u00a0lo \u00a0cual \u00a0torna \u00a0leg\u00edtima \u00a0la \u00a0condena \u00a0contra \u00a0el ex \u00a0congresista por el cargo aceptado. \u00a0\u00a0<\/p>\n<p>5. \u00a0La conducta punible. \u00a0\u00a0<\/p>\n<p>La \u00a0conducta que se le imput\u00f3 al procesado \u00a0RAM\u00d3N ANTONIO VALENCIA DUQUE \u00a0es \u00a0la \u00a0de autor del delito de concierto para delinquir agravado, descrito en el \u00a0Libro \u00a02\u00ba, \u00a0T\u00edtulo XII, art\u00edculo 340 inciso 2\u00ba del C\u00f3digo Penal, modificado \u00a0por \u00a0el \u00a0art\u00edculo \u00a08\u00ba. \u00a0de \u00a0la \u00a0Ley \u00a0733 \u00a0de \u00a02002, al haberse concertado para \u00a0promover \u00a0 un \u00a0 grupo \u00a0 armado \u00a0al \u00a0margen \u00a0de \u00a0la \u00a0ley, \u00a0cuyo \u00a0texto \u00a0normativo \u00a0se\u00f1ala: \u00a0\u00a0<\/p>\n<p>\u201cArt\u00edculo \u00a0340. \u00a0Concierto \u00a0para \u00a0delinquir. Modificado L.733 de \u00a02002. \u00a0Cuando \u00a0varias personas se concierten con el fin de cometer delitos, cada \u00a0una \u00a0de \u00a0ellas ser\u00e1 penadas, por esas sola conducta, con prisi\u00f3n de tres (3) a \u00a0seis (6) a\u00f1os. \u00a0\u00a0<\/p>\n<p>\u201cCuando \u00a0el \u00a0concierto \u00a0sea para cometer \u00a0delitos \u00a0 \u00a0de \u00a0 genocidio, \u00a0 desaparici\u00f3n \u00a0 forzada \u00a0 de \u00a0 personas, \u00a0 tortura, \u00a0desplazamiento \u00a0forzado, \u00a0homicidio, \u00a0terrorismo, \u00a0tr\u00e1fico \u00a0de drogas t\u00f3xicas, \u00a0estupefacientes \u00a0o \u00a0sustancias \u00a0sicotr\u00f3picas, \u00a0secuestro, \u00a0secuestro extorsivo, \u00a0extorsi\u00f3n, \u00a0enriquecimiento \u00a0il\u00edcito, \u00a0lavado \u00a0de \u00a0activos \u00a0o \u00a0testaferrato \u00a0y \u00a0conexos, \u00a0o para organizar, promover, armar o financiar grupos armados al margen \u00a0de \u00a0la \u00a0ley, \u00a0la pena ser\u00e1 de prisi\u00f3n de seis (6) a doce (12) a\u00f1os y multa de \u00a0dos \u00a0mil \u00a0(2.000) \u00a0hasta veinte mil (20.000) salarios m\u00ednimos legales mensuales \u00a0vigentes. \u00a0\u00a0<\/p>\n<p>\u201cLa \u00a0pena \u00a0privativa \u00a0de \u00a0la libertad se \u00a0aumentar\u00e1 \u00a0en \u00a0la \u00a0mitad \u00a0para quienes organicen, fomenten, promuevan, dirijan, \u00a0encabecen, \u00a0constituyan \u00a0o \u00a0financien \u00a0el \u00a0concierto \u00a0para delinquir\u201d. \u00a0\u00a0<\/p>\n<p>6. Individualizaci\u00f3n de la pena. \u00a0<\/p>\n<p>El \u00a0delito \u00a0de \u00a0concierto \u00a0para \u00a0delinquir \u00a0agravado, \u00a0para promover grupos armados ilegales, previsto en el inciso 2\u00ba. del \u00a0art\u00edculo \u00a0340 de la Ley 599 de 2000, tiene prevista una pena de prisi\u00f3n de 6 a \u00a012 \u00a0a\u00f1os, \u00a0o \u00a0lo \u00a0que \u00a0es \u00a0igual de 72 a 144 meses, y de multa que oscila entre \u00a02.000 y 20.000 salarios m\u00ednimos legales mensuales. \u00a0\u00a0<\/p>\n<p>Acorde con los procedimientos establecidos \u00a0en \u00a0los \u00a0art\u00edculos \u00a060 y 61 de la Ley 599 de 2000, el rango general punitivo se \u00a0divide \u00a0en \u00a0cuartos; \u00a0procedimiento que permite fijarlos de la siguiente manera: \u00a0(i) \u00a0Primer \u00a0cuarto: Prisi\u00f3n \u00a0entre \u00a072 \u00a0y \u00a090 \u00a0meses. \u00a0Multa \u00a0de \u00a02.000 \u00a0a 6.500 s.m.l.m.v. (ii) Segundo \u00a0cuarto: Prisi\u00f3n entre 90 meses, 1 \u00a0d\u00eda \u00a0y \u00a0108 \u00a0meses. \u00a0Multa \u00a0de \u00a06.500 \u00a0a \u00a010.750 \u00a0s.m.l.m.v. (iii) Tercer \u00a0cuarto: \u00a0Entre 108 meses, 1 d\u00eda y \u00a0126 \u00a0 meses. \u00a0 Multa \u00a0 de \u00a0 10.750 \u00a0 a \u00a0 15.000 \u00a0 s.m.l.m.v. \u00a0(iv) \u00a0\u00daltimo \u00a0cuarto: \u00a0Entre 126 meses,\u00a0 1 \u00a0d\u00eda y 144 meses. Multa de 15.000 a 20.000 s.m.l.m.v \u00a0\u00a0<\/p>\n<p>Como \u00a0en \u00a0el \u00a0auto \u00a0a \u00a0trav\u00e9s \u00a0del \u00a0cual se \u00a0resolvi\u00f3 \u00a0situaci\u00f3n \u00a0jur\u00eddica ni en la audiencia de formulaci\u00f3n de cargos se \u00a0endilgaron \u00a0agravantes \u00a0o \u00a0atenuantes \u00a0gen\u00e9ricos, \u00a0en \u00a0principio, el \u00e1mbito de \u00a0movilidad \u00a0punitivo \u00a0se \u00a0ubica \u00a0dentro del primer cuarto, es decir entre 72 y 90 \u00a0meses \u00a0de \u00a0prisi\u00f3n y 2.000 a 6.500 salarios m\u00ednimos legales mensuales vigentes \u00a0y \u00a0 dentro \u00a0 de \u00a0 \u00e9l \u00a0 se \u00a0 impondr\u00e1 \u00a090 \u00a0meses \u00a0de \u00a0prisi\u00f3n \u00a0y \u00a06.500 \u00a0salarios \u00a0m\u00ednimos \u00a0legales \u00a0mensuales \u00a0de \u00a0multa, \u00a0atendiendo \u00a0la \u00a0gravedad \u00a0de \u00a0la \u00a0conducta \u00a0imputada, la naturaleza del bien jur\u00eddico lesionado \u00a0\u2013seguridad p\u00fablica-, por \u00a0cuya \u00a0v\u00eda se afectaron caros intereses colectivos y se interfiri\u00f3 en el normal \u00a0desarrollo \u00a0de los sistemas democr\u00e1ticos, con lo cual se defraud\u00f3 expectativas \u00a0leg\u00edtimas \u00a0de \u00a0los \u00a0asociados \u00a0en \u00a0quienes los han representado en la actividad \u00a0legislativa. \u00a0\u00a0<\/p>\n<p>No \u00a0obstante, \u00a0como \u00a0quiera que RAM\u00d3N \u00a0ANTONIO VALENCIA DUQUE se acogi\u00f3 a \u00a0la \u00a0figura \u00a0de \u00a0sentencia \u00a0anticipada, procede una reducci\u00f3n de pena que oscila \u00a0entre \u00a0una \u00a0tercera \u00a0parte \u00a0y \u00a0un \u00a0d\u00eda \u00a0a la mitad, en virtud de la aplicaci\u00f3n \u00a0favorable \u00a0del \u00a0art\u00edculo \u00a0351 \u00a0de \u00a0la \u00a0Ley 906 de 2004, acorde con la posici\u00f3n \u00a0mayoritaria \u00a0 \u00a0 \u00a0 \u00a0 de \u00a0 \u00a0 \u00a0 \u00a0 la \u00a0 \u00a0 \u00a0 \u00a0 Sala67, \u00a0 por \u00a0 tratarse \u00a0 de \u00a0una \u00a0disposici\u00f3n \u00a0de \u00a0car\u00e1cter \u00a0sustancial \u00a0que \u00a0regula una situaci\u00f3n similar a la \u00a0contenida \u00a0en \u00a0la Ley 600 de 2000, m\u00e1s benigna al procesado y que no representa \u00a0un instituto novedoso de imposible analog\u00eda. \u00a0\u00a0<\/p>\n<p>En suma, la Sala \u00a0estima \u00a0 \u00a0pertinente \u00a0 \u00a0otorgar \u00a0 \u00a0a \u00a0 RAM\u00d3N \u00a0ANTONIO VALENCIA DUQUE el m\u00e1ximo \u00a0de \u00a0reducci\u00f3n \u00a0permitido por la ley, equivalente al cincuenta por ciento (50%), \u00a0en \u00a0 \u00a0la \u00a0 \u00a0medida \u00a0 \u00a0que \u00a0 \u00a0con \u00a0 su \u00a0 aceptaci\u00f3n \u00a0de cargos, en momento previo \u00a0a \u00a0 \u00a0la \u00a0 \u00a0calificaci\u00f3n \u00a0 \u00a0del \u00a0 \u00a0m\u00e9rito \u00a0 \u00a0de \u00a0 la \u00a0 instrucci\u00f3n, \u00a0 \u00a0 \u00a0 \u00a0 le \u00a0 \u00a0 \u00a0 \u00a0 evit\u00f3 \u00a0a \u00a0la \u00a0judicatura \u00a0 \u00a0 \u00a0 \u00a0 \u00a0 \u00a0 \u00a0 agotar \u00a0 \u00a0\u00edntegramente \u00a0 \u00a0la \u00a0 actuaci\u00f3n \u00a0procesal \u00a0y, \u00a0por \u00a0ende, \u00a0destinar \u00a0recursos humanos, \u00a0t\u00e9cnicos \u00a0y operativos en las fases del procedimiento \u00a0que \u00a0 a\u00fan \u00a0deb\u00edan \u00a0cumplirse. \u00a0Adem\u00e1s, \u00a0estima \u00a0la \u00a0Corporaci\u00f3n \u00a0que \u00a0la \u00a0aceptaci\u00f3n incondicional de cargos constituye un acto de \u00a0contrici\u00f3n, \u00a0que \u00a0en t\u00e9rminos sociales invita a la reflexi\u00f3n, contribuye a la \u00a0reconstrucci\u00f3n \u00a0de \u00a0la \u00a0verdad \u00a0sobre \u00a0este \u00a0deplorable fen\u00f3meno delincuencial y \u00a0previene \u00a0a \u00a0los \u00a0asociados sobre las consecuencias jur\u00eddicas de cohonestar con \u00a0similares \u00a0tipolog\u00edas \u00a0de \u00a0delincuencia organizada. \u00a0\u00a0<\/p>\n<p>En estas condiciones, luego de aplicadas las \u00a0reducciones \u00a0pertinentes, \u00a0equivalentes \u00a0al \u00a050%, \u00a0la pena privativa de libertad \u00a0definitiva \u00a0 \u00a0 de \u00a0 \u00a0 RAM\u00d3N \u00a0 \u00a0ANTONIO \u00a0 \u00a0VALENCIA \u00a0DUQUE \u00a0 \u00a0 \u00a0 \u00a0ser\u00e1 \u00a0 \u00a0 \u00a0 \u00a0de \u00a0 \u00a0 \u00a0 \u00a0cuarenta \u00a0 \u00a0y \u00a0cinco \u00a0 (45) \u00a0 meses \u00a0 de \u00a0prisi\u00f3n \u00a0y multa de tres mil \u00a0doscientos \u00a0 \u00a0cincuenta \u00a0 \u00a0(3.250) \u00a0 \u00a0salarios \u00a0 \u00a0m\u00ednimos \u00a0 legales \u00a0 mensuales \u00a0vigentes. \u00a0\u00a0<\/p>\n<p>Finalmente, \u00a0 de \u00a0 conformidad \u00a0 con \u00a0 lo \u00a0establecido \u00a0en \u00a0el art\u00edculo 52 del C\u00f3digo Penal, la Sala condenar\u00e1 al doctor \u00a0RAM\u00d3N \u00a0 \u00a0ANTONIO \u00a0 \u00a0VALENCIA \u00a0 DUQUE \u00a0 a \u00a0la \u00a0pena \u00a0accesoria \u00a0de \u00a0inhabilitaci\u00f3n \u00a0para \u00a0el \u00a0ejercicio \u00a0de \u00a0derechos \u00a0y \u00a0funciones p\u00fablicas, por un tiempo igual al de la pena privativa de \u00a0la libertad impuesta. \u00a0\u00a0<\/p>\n<p>7. \u00a0 \u00a0La \u00a0 \u00a0condena \u00a0 \u00a0de \u00a0 \u00a0ejecuci\u00f3n \u00a0condicional \u00a0\u00a0<\/p>\n<p>El \u00a0factor objetivo exigido en el art\u00edculo \u00a063 \u00a0del \u00a0C\u00f3digo Penal no se \u00a0cumple \u00a0en \u00a0este \u00a0caso, dado \u00a0que\u00a0 \u00a0el \u00a0monto de la pena a imponer supera los tres (3) a\u00f1os de prisi\u00f3n, \u00a0circunstancia \u00a0 que \u00a0 torna \u00a0innecesario \u00a0entrar \u00a0en \u00a0el \u00a0an\u00e1lisis \u00a0del \u00a0factor \u00a0subjetivo. \u00a0\u00a0<\/p>\n<p>6. \u00a0La \u00a0prisi\u00f3n \u00a0domiciliaria. \u00a0\u00a0<\/p>\n<p>La \u00a0prisi\u00f3n domiciliaria est\u00e1 concebida en \u00a0el \u00a0art\u00edculo \u00a038 \u00a0de \u00a0la \u00a0Ley \u00a0599 \u00a0de 2000 como un mecanismo sustitutivo de la \u00a0prisi\u00f3n, \u00a0para \u00a0cuya \u00a0concesi\u00f3n \u00a0entran \u00a0en \u00a0juego \u00a0y \u00a0tensi\u00f3n \u00a0exigencias de \u00a0car\u00e1cter \u00a0 objetivo, \u00a0relacionadas \u00a0con \u00a0el \u00a0quantum \u00a0de \u00a0pena \u00a0prevista para el delito, como subjetivo, que \u00a0tiene que ver con el destinatario de la sanci\u00f3n penal. \u00a0\u00a0<\/p>\n<p>En \u00a0el \u00a0caso \u00a0sub \u00a0examine, \u00a0la \u00a0 pena\u00a0 \u00a0 m\u00ednima \u00a0 prevista \u00a0 en \u00a0la \u00a0ley \u00a0para \u00a0el \u00a0delito \u00a0de \u00a0 \u00a0 concierto \u00a0 \u00a0 para \u00a0 \u00a0delinquir, \u00a0en \u00a0su modalidad agravada, \u00a0 \u00a0es \u00a0 \u00a0de \u00a0 \u00a0seis \u00a0 \u00a0(6) \u00a0a\u00f1os \u00a0 \u00a0de \u00a0 prisi\u00f3n, \u00a0circunstancia \u00a0 que \u00a0 de \u00a0 entrada \u00a0 impide \u00a0el \u00a0otorgamiento \u00a0del \u00a0subrogado \u00a0sugerido \u00a0por \u00a0parte \u00a0de \u00a0la \u00a0defensa \u00a0t\u00e9cnica de RAM\u00d3N \u00a0ANTONIO \u00a0 VALENCIA \u00a0 DUQUE, \u00a0 en \u00a0 la \u00a0audiencia \u00a0de \u00a0formulaci\u00f3n de cargos. \u00a0\u00a0<\/p>\n<p>Esa \u00a0sola \u00a0raz\u00f3n \u00a0le permitir\u00eda a la Sala \u00a0eximirse \u00a0de \u00a0realizar \u00a0consideraciones \u00a0adicionales en torno al otorgamiento de \u00a0beneficio. \u00a0Sin \u00a0embargo, \u00a0sea esta\u00a0 la oportunidad para se\u00f1alar que desde \u00a0la \u00a0 visi\u00f3n \u00a0 subjetiva \u00a0del \u00a0 \u00a0comportamiento \u00a0 \u00a0reprochado, \u00a0 la \u00a0 Corporaci\u00f3n \u00a0entiende \u00a0improcedente \u00a0dicha \u00a0prerrogativa \u00a0por \u00a0considerar \u00a0que \u00a0se \u00a0est\u00e1 \u00a0en presencia de \u00a0 \u00a0una \u00a0conducta \u00a0 \u00a0 grave, \u00a0perpetrada \u00a0en \u00a0circunstancias \u00a0modales \u00a0 que \u00a0 aunque \u00a0solapadas \u00a0 \u00a0 \u00a0 \u00a0 representaron \u00a0 un \u00a0 peligro \u00a0 permanente \u00a0 y \u00a0agobiante \u00a0para \u00a0grandes \u00a0n\u00facleos \u00a0sociales, \u00a0que \u00a0vieron \u00a0restringido \u00a0el \u00a0ejercicio \u00a0de \u00a0las libertades \u00a0p\u00fablicas, \u00a0 afectados \u00a0 los \u00a0 mecanismos \u00a0 \u00a0 \u00a0 \u00a0de \u00a0 \u00a0 \u00a0 participaci\u00f3n \u00a0democr\u00e1tica, \u00a0 desde \u00a0organizaciones \u00a0 criminales \u00a0promovidas \u00a0por \u00a0servidores \u00a0p\u00fablicos. \u00a0 \u00a0 \u00a0 \u00a0Ello \u00a0 \u00a0 \u00a0 \u00a0fue \u00a0 \u00a0 lo \u00a0 \u00a0 que, \u00a0 \u00a0desde \u00a0la \u00a0valoraci\u00f3n \u00a0 \u00a0 \u00a0ex \u00a0 \u00a0 \u00a0ante \u00a0 \u00a0 del \u00a0 \u00a0 comportamiento, \u00a0 \u00a0 permiti\u00f3 \u00a0realizar \u00a0la \u00a0afirmaci\u00f3n \u00a0de \u00a0la \u00a0peligrosidad \u00a0de \u00a0VALENCIA DUQUE para privarlo de la \u00a0libertad \u00a0 en \u00a0fase \u00a0de \u00a0instrucci\u00f3n, \u00a0decisi\u00f3n \u00a0en \u00a0donde expresamente se le \u00a0record\u00f368: \u00a0\u00a0<\/p>\n<p>\u201cPara \u00a0 ser \u00a0 consecuente \u00a0 con \u00a0 las \u00a0definiciones \u00a0de \u00a0un derecho penal orientado a sus consecuencias dise\u00f1ado sobre \u00a0la \u00a0idea \u00a0de \u00a0protecci\u00f3n a bienes jur\u00eddicos fundamentales, el art\u00edculo 310 de \u00a0la \u00a0ley \u00a0906 \u00a0de \u00a02004 dispone que es esencial el an\u00e1lisis de la gravedad de la \u00a0conducta \u00a0para \u00a0verificar \u00a0el \u00a0peligro \u00a0sobre \u00a0la \u00a0comunidad. \u00a0Por \u00a0lo tanto, la \u00a0simetr\u00eda \u00a0entre \u00a0pena \u00a0y conducta es un buen criterio para explicar la gravedad \u00a0de \u00a0la \u00a0misma, debido a que considerando distintas modalidades de afecci\u00f3n a la \u00a0seguridad \u00a0p\u00fablica, \u00a0el \u00a0legislador \u00a0estim\u00f3 \u00a0al definir el delito de concierto \u00a0para \u00a0delinquir \u00a0que \u00a0la \u00a0lesividad \u00a0se magnifica por el riesgo que implican los \u00a0acuerdos \u00a0que \u00a0se \u00a0dirigen\u00a0 \u00a0a \u00a0promocionar \u00a0grupos armados al margen de la \u00a0ley. \u00a0\u00a0<\/p>\n<p>En \u00a0 efecto, \u00a0 adem\u00e1s \u00a0de \u00a0la \u00a0gravedad \u00a0intr\u00ednseca \u00a0del \u00a0comportamiento \u00a0que \u00a0se \u00a0refleja \u00a0en \u00a0la respuesta punitiva en \u00a0abstracto, \u00a0en \u00a0concreto \u00a0la \u00a0conducta que se imputa a los procesados refleja un \u00a0convenio \u00a0con una organizaci\u00f3n criminal cuya vocaci\u00f3n perturbadora no est\u00e1 en \u00a0discusi\u00f3n, \u00a0lo \u00a0que \u00a0hace \u00a0que \u00a0el \u00a0riesgo \u00a0para \u00a0la \u00a0comunidad sea mayor al de \u00a0quienes, \u00a0 sin \u00a0ocultar \u00a0su \u00a0gravedad, \u00a0en \u00a0el \u00a0primer \u00a0nivel \u00a0de \u00a0la \u00a0tipicidad \u00a0\u2018simplemente\u2019 acuerdan cometer delitos, seg\u00fan la \u00a0escala \u00a0 estimativa \u00a0del \u00a0injusto \u00a0que \u00a0define \u00a0el \u00a0art\u00edculo \u00a0340 \u00a0del \u00a0c\u00f3digo \u00a0penal. \u00a0\u00a0<\/p>\n<p>En similar sentido, guardando la coherencia \u00a0propia \u00a0del \u00a0sistema, \u00a0el numeral 1 del art\u00edculo 310 de la ley 906 de 2004, que \u00a0sienta \u00a0las \u00a0bases \u00a0conceptuales \u00a0para \u00a0verificar \u00a0el peligro sobre la comunidad \u00a0atendiendo \u00a0la \u00a0gravedad \u00a0de \u00a0la conducta, permite igualmente destacar la manera \u00a0como \u00a0el \u00a0riesgo para el bien jur\u00eddico se incrementa, como ahora ocurre, cuando \u00a0de \u00a0 por \u00a0 medio \u00a0 est\u00e1 \u00a0 la \u00a0vinculaci\u00f3n \u00a0con \u00a0una \u00a0organizaci\u00f3n \u00a0ilegal.\u201d \u00a069 \u00a0\u00a0<\/p>\n<p>9. Indemnizaci\u00f3n de perjuicios \u00a0<\/p>\n<p>No \u00a0hay \u00a0lugar \u00a0a \u00a0la \u00a0condena \u00a0por \u00a0da\u00f1os \u00a0materiales \u00a0y \u00a0morales \u00a0ocasionados con el hecho punible, en la medida que no se \u00a0advierte que su causaci\u00f3n se haya cuantificado. \u00a0\u00a0<\/p>\n<p>10. Otras decisiones \u00a0<\/p>\n<p>\u00a0 \u00a0\u00a0<\/p>\n<p>* La \u00a0Sala \u00a0ha \u00a0sostenido \u00a0que la Ley 906 de 2004 asigna a los jueces de ejecuci\u00f3n de \u00a0penas \u00a0y \u00a0medidas \u00a0de \u00a0seguridad \u00a0la \u00a0competencia \u00a0para \u00a0conocer \u00a0de \u00a0la fase de \u00a0ejecuci\u00f3n \u00a0del \u00a0fallo \u00a0cuando \u00a0se \u00a0trate \u00a0de \u00a0condenados \u00a0que \u00a0gozan \u00a0de \u00a0fuero \u00a0constitucional \u00a0y \u00a0que, \u00a0la \u00a0segunda instancia corresponde al respectivo juez de \u00a0conocimiento70.\u00a0 \u00a0Se dispondr\u00e1 entonces remitir el proceso al reparto de los \u00a0Juzgados \u00a0 \u00a0 de \u00a0 \u00a0 Ejecuci\u00f3n \u00a0 \u00a0de \u00a0 \u00a0Penas \u00a0 \u00a0y \u00a0 \u00a0Medidas \u00a0 \u00a0de \u00a0 \u00a0Seguridad \u00a0correspondiente. \u00a0 \u00a0\u00a0<\/p>\n<p>\u00a0 \u00a0\u00a0<\/p>\n<p>* Como \u00a0quiera que dentro de la prueba testimonial surgen imputaciones \u00a0contra \u00a0personas \u00a0vinculadas \u00a0con \u00a0la \u00a0organizaci\u00f3n comunitaria ASOCOM\u00daN o que \u00a0fueron \u00a0elegidas \u00a0como alcaldes de algunos municipios del Urab\u00e1 antioque\u00f1o, la \u00a0Sala \u00a0ordena \u00a0compulsar \u00a0copias \u00a0de las declaraciones rendidas por FREDY REND\u00d3N \u00a0HERRERA \u00a0y \u00a0HUMBERTO \u00a0ATEHORT\u00daA, \u00a0para \u00a0que \u00a0la Fiscal\u00eda General de la Naci\u00f3n \u00a0disponga lo que resulte procedente. \u00a0 \u00a0\u00a0<\/p>\n<p>\u00a0 \u00a0\u00a0<\/p>\n<p>* Aunque \u00a0ha \u00a0sido \u00a0posici\u00f3n \u00a0de la Sala disponer la compulsaci\u00f3n de \u00a0copias \u00a0para \u00a0que \u00a0en \u00a0procedimiento \u00a0independiente \u00a0se \u00a0investigue \u00a0la presunta \u00a0responsabilidad \u00a0del \u00a0condenado en hechos en los cuales la organizaci\u00f3n armada, \u00a0en \u00a0ejercicio \u00a0del \u00a0plan \u00a0criminal de la estructura de la que hac\u00eda parte, haya \u00a0realizado \u00a0ataques \u00a0a la dignidad humana y a la vida, en este caso en particular \u00a0se \u00a0abstendr\u00e1 \u00a0de \u00a0hacerlo, \u00a0como \u00a0quiera que no ha surgido indicio que sugiera \u00a0dicha \u00a0posibilidad \u00a0y, por el contrario, lo que se ha conocido a lo largo de las \u00a0fases \u00a0 \u00a0del \u00a0 \u00a0proceso, \u00a0 por \u00a0 voces \u00a0 de \u00a0 los \u00a0 propios \u00a0 miembros \u00a0 de \u00a0 la \u00a0organizaci\u00f3n71 \u00a0\u00a0<\/p>\n<p>* , \u00a0es \u00a0que \u00a0se \u00a0trat\u00f3 \u00a0de \u00a0pactos \u00a0orientados \u00a0exclusivamente \u00a0a \u00a0obtener ventajas \u00a0electorales \u00a0y \u00a0provechos \u00a0econ\u00f3micos, materializados desde el componente socio \u00a0pol\u00edtico del Bloque \u00c9lmer C\u00e1rdenas. \u00a0 \u00a0\u00a0<\/p>\n<p>En \u00a0m\u00e9rito \u00a0de lo expuesto, la CORTE \u00a0SUPREMA \u00a0DE \u00a0JUSTICIA, \u00a0SALA \u00a0DE \u00a0CASACI\u00d3N PENAL, \u00a0administrando justicia en nombre de la Rep\u00fablica y por autoridad \u00a0de la Ley, \u00a0\u00a0<\/p>\n<p>R E S U E L V E: \u00a0<\/p>\n<p>PRIMERO.- \u00a0\u00a0 \u00a0\u00a0 \u00a0\u00a0 \u00a0\u00a0DECLARAR \u00a0penalmente \u00a0 responsable \u00a0a \u00a0RAM\u00d3N \u00a0 \u00a0 ANTONIO \u00a0 \u00a0VALENCIA \u00a0 \u00a0DUQUE, \u00a0 de \u00a0 condiciones \u00a0 personales \u00a0y \u00a0civiles \u00a0consignadas \u00a0en \u00a0esta \u00a0providencia, \u00a0 en \u00a0 calidad \u00a0de \u00a0autor \u00a0responsable \u00a0del \u00a0delito \u00a0de \u00a0concierto \u00a0para \u00a0promover \u00a0grupos \u00a0armados \u00a0al margen de la ley, \u00a0previstos \u00a0 en \u00a0 el \u00a0 inciso \u00a02\u00ba\u00a0 \u00a0del \u00a0art\u00edculo \u00a0340 de la Ley 599 de \u00a02000, \u00a0 por \u00a0 el \u00a0 cual \u00a0 se \u00a0le \u00a0formul\u00f3 \u00a0y \u00a0acept\u00f3 \u00a0cargos. \u00a0\u00a0<\/p>\n<p>SEGUNDO.-\u00a0 \u00a0CONDENAR \u00a0 a \u00a0RAM\u00d3N \u00a0ANTONIO \u00a0VALENCIA \u00a0DUQUE a la pena \u00a0principal \u00a0de \u00a0cuarenta y cinco (45) meses de prisi\u00f3n e inhabilitaci\u00f3n para el \u00a0ejercicio \u00a0de \u00a0derechos \u00a0y funciones p\u00fablicas durante el mismo t\u00e9rmino y multa \u00a0de \u00a0tres \u00a0mil \u00a0doscientos \u00a0cincuenta (3.250) salarios m\u00ednimos legales mensuales \u00a0vigentes \u00a0para \u00a0el \u00a0momento \u00a0de \u00a0la \u00a0comisi\u00f3n \u00a0del \u00a0hecho, \u00a0a \u00a0favor del Tesoro \u00a0Nacional. \u00a0\u00a0<\/p>\n<p>TERCERO.- \u00a0\u00a0 \u00a0\u00a0 \u00a0\u00a0 \u00a0\u00a0NEGAR a \u00a0RAM\u00d3N ANTONIO VALENCIA DUQUE \u00a0la suspensi\u00f3n condicional de la ejecuci\u00f3n de la pena. \u00a0\u00a0<\/p>\n<p>CUARTO.-\u00a0 \u00a0NEGAR \u00a0 a \u00a0 RAM\u00d3N \u00a0ANTONIO \u00a0VALENCIA \u00a0DUQE la prisi\u00f3n \u00a0domiciliaria, \u00a0 por \u00a0 las \u00a0 razones \u00a0 expuestas \u00a0en \u00a0la \u00a0parte \u00a0motiva \u00a0de \u00a0esta \u00a0sentencia. \u00a0\u00a0<\/p>\n<p>QUINTO.-\u00a0 \u00a0DECLARAR \u00a0que no hay lugar a \u00a0la condena en perjuicios. \u00a0\u00a0<\/p>\n<p>SEXTO.- \u00a0 \u00a0 \u00a0 \u00a0COMPULSAR \u00a0las copias referidas \u00a0 en \u00a0 la \u00a0parte \u00a0motiva \u00a0de \u00a0la \u00a0sentencia. \u00a0\u00a0<\/p>\n<p>S\u00c9PTIMO.- \u00a0En \u00a0firme \u00a0esta providencia, rem\u00edtase la actuaci\u00f3n \u00a0al \u00a0Juzgado \u00a0de Ejecuci\u00f3n de Penas y Medidas de Seguridad que corresponda, para \u00a0lo de su cargo. \u00a0\u00a0<\/p>\n<p>OCTAVO.- \u00a0 La \u00a0Secretar\u00eda \u00a0de \u00a0la \u00a0Sala \u00a0enviar\u00e1 \u00a0las \u00a0copias \u00a0del \u00a0fallo \u00a0a las que alude el \u00a0art\u00edculo 472 del C. de P. Penal. \u00a0\u00a0<\/p>\n<p>Contra \u00a0esta \u00a0sentencia \u00a0no procede recurso \u00a0alguno. \u00a0\u00a0<\/p>\n<p>C\u00f3piese, \u00a0 \u00a0 \u00a0notif\u00edquese \u00a0 \u00a0 \u00a0y \u00a0c\u00famplase. \u00a0\u00a0<\/p>\n<p>MAR\u00cdA \u00a0 \u00a0DEL \u00a0 ROSARIO \u00a0 GONZ\u00c1LEZ \u00a0 DE \u00a0LEMOS \u00a0\u00a0<\/p>\n<p>JOS\u00c9 \u00a0 \u00a0LEONIDAS \u00a0 BUSTOS \u00a0 MART\u00cdNEZ \u00a0 \u00a0 \u00a0\u00a0 \u00a0 \u00a0\u00a0 \u00a0 \u00a0\u00a0 \u00a0 \u00a0 \u00a0\u00a0 \u00a0\u00a0 \u00a0\u00a0 \u00a0\u00a0SIGIFREDO \u00a0ESPINOSA P\u00c9REZ \u00a0\u00a0<\/p>\n<p>\u00a0\u00a0\u00a0\u00a0\u00a0\u00a0\u00a0\u00a0\u00a0\u00a0\u00a0\u00a0\u00a0\u00a0\u00a0\u00a0\u00a0\u00a0\u00a0\u00a0\u00a0\u00a0\u00a0\u00a0\u00a0\u00a0\u00a0\u00a0\u00a0\u00a0\u00a0\u00a0\u00a0\u00a0\u00a0\u00a0\u00a0\u00a0\u00a0\u00a0\u00a0\u00a0\u00a0\u00a0\u00a0\u00a0\u00a0\u00a0\u00a0\u00a0\u00a0\u00a0\u00a0\u00a0\u00a0\u00a0\u00a0\u00a0\u00a0\u00a0\u00a0\u00a0\u00a0\u00a0\u00a0\u00a0\u00a0\u00a0\u00a0\u00a0\u00a0\u00a0\u00a0\u00a0\u00a0\u00a0\u00a0\u00a0\u00a0\u00a0\u00a0\u00a0\u00a0\u00a0\u00a0\u00a0\u00a0\u00a0\u00a0\u00a0\u00a0\u00a0 \u00a0\u00a0<\/p>\n<p>ALFREDO \u00a0 \u00a0 \u00a0 \u00a0 \u00a0 G\u00d3MEZ \u00a0QUINTERO\u00a0\u00a0\u00a0\u00a0\u00a0 \u00a0 \u00a0 \u00a0 \u00a0\u00a0 \u00a0 \u00a0\u00a0\u00a0\u00a0\u00a0\u00a0\u00a0\u00a0 \u00a0 \u00a0 \u00a0\u00a0 \u00a0 \u00a0\u00a0 \u00a0 \u00a0\u00a0 \u00a0 \u00a0 \u00a0\u00a0 \u00a0\u00a0 \u00a0\u00a0 \u00a0AUGUSTO J. \u00a0IB\u00c1\u00d1EZ GUZM\u00c1N \u00a0\u00a0<\/p>\n<p>\u00a0\u00a0\u00a0\u00a0\u00a0\u00a0\u00a0\u00a0\u00a0\u00a0\u00a0\u00a0\u00a0\u00a0\u00a0\u00a0\u00a0 \u00a0\u00a0<\/p>\n<p>JORGE \u00a0LUIS \u00a0QUINTERO MILAN\u00c9S \u00a0\u00a0 \u00a0\u00a0 \u00a0\u00a0 \u00a0\u00a0 \u00a0\u00a0 \u00a0\u00a0 \u00a0 \u00a0\u00a0 \u00a0 \u00a0 \u00a0 \u00a0 \u00a0 \u00a0 \u00a0 \u00a0 \u00a0\u00a0JULIO E. SOCHA SALAMANCA \u00a0\u00a0<\/p>\n<p>JAVIER ZAPATA ORTIZ \u00a0<\/p>\n<p>TERESA RUIZ N\u00da\u00d1EZ \u00a0<\/p>\n<p>Secretaria \u00a0 \u00a0<\/p>\n<p>1 \u00a0Cuaderno No. 1, folio 225 a 228 \u00a0\u00a0<\/p>\n<p>2 Auto \u00a0de 27 de abril de 2009. \u00a0\u00a0<\/p>\n<p>3 \u00a0Cuaderno No. 2, folio 16 \u00a0\u00a0<\/p>\n<p>4 \u00a0Cuaderno No. 2, folio 22 \u00a0\u00a0<\/p>\n<p>5 \u00a0Cuaderno No. 3, folio 13 \u00a0\u00a0<\/p>\n<p>6 \u00a0Cuaderno \u00a0No. \u00a06, \u00a0folio \u00a073 \u00a0y \u00a0s. \u00a0s \u00a0&#8211; \u00a0Acta de formulaci\u00f3n y aceptaci\u00f3n de \u00a0cargos,. \u00a0\u00a0<\/p>\n<p>7 \u00a0Sentencia C-425 de 1996 \u00a0\u00a0<\/p>\n<p>8 \u00a0Cuaderno No.1, folio 1 y s. s. \u00a0\u00a0<\/p>\n<p>9 \u00a0Cuaderno No. 1, folio 9 \u00a0\u00a0<\/p>\n<p>10 \u00a0Cuaderno No. 1, folio 7 y s.s. \u00a0\u00a0<\/p>\n<p>11 \u00a0Declaraci\u00f3n de 14 de julio de 2008. \u00a0\u00a0<\/p>\n<p>12 \u00a0Declaraci\u00f3n de 14 de julio de 2008, minuto18:00 \u00a0\u00a0<\/p>\n<p>13 \u00a0Asociaci\u00f3n Comunitaria del Norte de Urab\u00e1 y Occidente Cordob\u00e9s. \u00a0\u00a0<\/p>\n<p>14 \u00a0Declaraci\u00f3n del 014 de julio de 2008, minuto 19:29 \u00a0\u00a0<\/p>\n<p>15 \u00a0Declaraci\u00f3n de 25 de agosto de 2008, minuto 15:15 \u00a0\u00a0<\/p>\n<p>16 \u00a0Declaraci\u00f3n de 14 de julio de 2008, minuto 29:00 \u00a0\u00a0<\/p>\n<p>17 \u00a0Municipios \u00a0de \u00a0Necocl\u00ed, \u00a0Arboletes, \u00a0San \u00a0Pedro \u00a0de Urab\u00e1, San Juan, parte de \u00a0Turbo, \u00a0Mutata, \u00a0Chigorod\u00f3. \u00a0-declaraci\u00f3n \u00a0de \u00a014 \u00a0de \u00a0julio \u00a0de \u00a02008, minuto \u00a031:10 \u00a0\u00a0<\/p>\n<p>18 \u00a0Declaraci\u00f3n de 26 de noviembre de 2008. \u00a0\u00a0<\/p>\n<p>19 \u00a0Cuaderno Anexo No. 2, folio 53 \u00a0\u00a0<\/p>\n<p>20 \u00a0Cuaderno Anexo No. 2, a folio 131 \u00a0\u00a0<\/p>\n<p>21 \u00a0Cuaderno Anexo No. 2, folio 53 \u00a0\u00a0<\/p>\n<p>22 \u00a0Cuaderno Anexo No. 2, folio 88 \u00a0\u00a0<\/p>\n<p>23 \u00a0Minuto 48:24 \u00a0\u00a0<\/p>\n<p>24 \u00a0Grupo de los \u201cCuatrillizos\u201d \u00a0\u00a0<\/p>\n<p>25 \u00a0Promotores de Desarrollo Social. \u00a0\u00a0<\/p>\n<p>26 \u00a0Minuto \u00a016:25 \u00a0\u2013 Segunda \u00a0parte. \u00a0\u00a0<\/p>\n<p>27 \u00a0Declaraci\u00f3n de 22 de abril de 2009, minuto 1:21:22 \u00a0\u00a0<\/p>\n<p>28 Ib. \u00a0minuto 35:43. \u00a0\u00a0<\/p>\n<p>29 \u00a0Cuaderno No. 1, folio 223, \u00a0\u00a0<\/p>\n<p>30 \u00a0Minuto 1:43:08 \u00a0\u00a0<\/p>\n<p>31 \u00a0Minuto 55:24 \u00a0\u00a0<\/p>\n<p>32 \u00a0Minuto 1:04:25 \u00a0\u00a0<\/p>\n<p>33 \u00a0Minuto 1:00:20 \u00a0\u00a0<\/p>\n<p>34 \u00a0Minuto 1:30:05 \u00a0\u00a0<\/p>\n<p>35 \u00a0Minuto 56:00 \u00a0\u00a0<\/p>\n<p>36 \u00a0Cuaderno No.4, folio 219 \u00a0\u00a0<\/p>\n<p>37 \u00a0Cuaderno No.4, folio 237 \u00a0\u00a0<\/p>\n<p>38 \u00a0Cuaderno No.4, folio 227 \u00a0\u00a0<\/p>\n<p>39 \u00a0Cuaderno anexo 5, folio 8 \u00a0\u00a0<\/p>\n<p>40 \u00a0Cuaderno anexo 5, folio 105 \u00a0\u00a0<\/p>\n<p>41 \u00a0Cuaderno anexo 5, folio 8 \u00a0\u00a0<\/p>\n<p>42 \u00a0Cuaderno anexo 5, folio 107 \u00a0\u00a0<\/p>\n<p>43 \u00a0Cuaderno anexo 5, folio 8 \u00a0\u00a0<\/p>\n<p>44 \u00a0Cuaderno anexo 5, folio 106 \u00a0\u00a0<\/p>\n<p>45 \u00a028 de octubre de 2010. \u00a0\u00a0<\/p>\n<p>46 \u00a0Minuto 17:15 \u00a0\u00a0<\/p>\n<p>47 \u00a0Minuto 53:13 \u00a0\u00a0<\/p>\n<p>48 \u00a0Minuto 27:30 \u00a0\u00a0<\/p>\n<p>49 \u00a0Minuto 33:33 \u00a0\u00a0<\/p>\n<p>50 \u00a0Minuto 1:15:58 \u00a0\u00a0<\/p>\n<p>51 \u00a0Minuto 40:25 \u00a0\u00a0<\/p>\n<p>52 \u00a0Cuaderno No.4, folio 219 \u00a0\u00a0<\/p>\n<p>53 \u00a0Cuaderno No.4, folio 237 \u00a0\u00a0<\/p>\n<p>54 \u00a0Cuaderno No.4, folio 227 \u00a0\u00a0<\/p>\n<p>55 \u00a0Minuto 37:04 \u00a0\u00a0<\/p>\n<p>56 \u00a0Minuto 39:22 \u00a0\u00a0<\/p>\n<p>57 \u00a0Cuaderno No. 6, folio 111 y s. s. \u00a0\u00a0<\/p>\n<p>58 \u00a0Cuaderno No. 6, folio 285. \u00a0\u00a0<\/p>\n<p>59 \u00a0Cuaderno No. 6, folio 287 \u00a0\u00a0<\/p>\n<p>60 \u00a0Cuaderno No. 1, folio 9 \u00a0\u00a0<\/p>\n<p>61 \u00a0Minuto 59:00 \u00a0\u00a0<\/p>\n<p>62 \u00a0Minuto 52:20 \u00a0\u00a0<\/p>\n<p>63 \u00a0Minuto 1:38:10 \u00a0\u00a0<\/p>\n<p>64 \u00a0Minuto 1:28:41 \u00a0\u00a0<\/p>\n<p>65 \u00a0Cuaderno anexo 5. \u00a0\u00a0<\/p>\n<p>66 \u00a0Cuaderno anexo 5, folio 12 \u00a0\u00a0<\/p>\n<p>67 \u00a0Radicado \u00a0No. \u00a025306, \u00a0sentencia \u00a0de \u00a0abril \u00a08 \u00a0de \u00a02008 \u00a0y \u00a0radicado No. 25304, \u00a0sentencia de abril 16 del mismo a\u00f1o. \u00a0\u00a0<\/p>\n<p>68 \u00a0Radicado 30.126, auto de 11 de mayo de 2010. \u00a0\u00a0<\/p>\n<p>69 C. \u00a0S. de J., Sala Penal, auto de agosto 2 de 2007, radicado 27.195. \u00a0\u00a0<\/p>\n<p>70 \u00a0\u00danica Instancia 31-01-06. Radicado No. 6989. \u00a0\u00a0<\/p>\n<p>71 \u00a0Declaraci\u00f3n \u00a0de \u00a0Fredy \u00a0Rend\u00f3n \u00a0Herrera, \u00a01\u00ba. \u00a0de \u00a0octubre de 2010. \u00a0\u00a0<\/p>\n<p>\u00a0\u00a0\u00a0 Declaraci\u00f3n de Humberto \u00a0Atehortua, 28 de octubre de 2010 \u00a0 \u00a0\u00a0<\/p>\n<p><\/p>\n","protected":false},"excerpt":{"rendered":"<p>\u00a0 \u00a0 Proceso n.\u00ba 30126 \u00a0 CORTE SUPREMA DE JUSTICIA \u00a0 SALA DE CASACI\u00d3N PENAL \u00a0 Aprobado Acta No. 419 \u00a0 Bogot\u00e1, \u00a0 D.C., \u00a0 14 \u00a0 de \u00a0 diciembre \u00a0 de \u00a02010 \u00a0\u00a0 VISTOS \u00a0 Procede la Sala a dictar sentencia anticipada \u00a0dentro \u00a0del \u00a0proceso \u00a0adelantado \u00a0contra RAM\u00d3N ANTONIO \u00a0VALENCIA \u00a0DUQUE, quien en su [&hellip;]<\/p>\n","protected":false},"author":1,"featured_media":0,"comment_status":"open","ping_status":"open","sticky":false,"template":"","format":"standard","meta":{"footnotes":""},"categories":[18],"tags":[],"class_list":["post-20175","post","type-post","status-publish","format-standard","hentry","category-18"],"_links":{"self":[{"href":"https:\/\/dmsjuridica.com\/buscador_20179478954\/salapenalcronologico20230723\/wp-json\/wp\/v2\/posts\/20175","targetHints":{"allow":["GET"]}}],"collection":[{"href":"https:\/\/dmsjuridica.com\/buscador_20179478954\/salapenalcronologico20230723\/wp-json\/wp\/v2\/posts"}],"about":[{"href":"https:\/\/dmsjuridica.com\/buscador_20179478954\/salapenalcronologico20230723\/wp-json\/wp\/v2\/types\/post"}],"author":[{"embeddable":true,"href":"https:\/\/dmsjuridica.com\/buscador_20179478954\/salapenalcronologico20230723\/wp-json\/wp\/v2\/users\/1"}],"replies":[{"embeddable":true,"href":"https:\/\/dmsjuridica.com\/buscador_20179478954\/salapenalcronologico20230723\/wp-json\/wp\/v2\/comments?post=20175"}],"version-history":[{"count":0,"href":"https:\/\/dmsjuridica.com\/buscador_20179478954\/salapenalcronologico20230723\/wp-json\/wp\/v2\/posts\/20175\/revisions"}],"wp:attachment":[{"href":"https:\/\/dmsjuridica.com\/buscador_20179478954\/salapenalcronologico20230723\/wp-json\/wp\/v2\/media?parent=20175"}],"wp:term":[{"taxonomy":"category","embeddable":true,"href":"https:\/\/dmsjuridica.com\/buscador_20179478954\/salapenalcronologico20230723\/wp-json\/wp\/v2\/categories?post=20175"},{"taxonomy":"post_tag","embeddable":true,"href":"https:\/\/dmsjuridica.com\/buscador_20179478954\/salapenalcronologico20230723\/wp-json\/wp\/v2\/tags?post=20175"}],"curies":[{"name":"wp","href":"https:\/\/api.w.org\/{rel}","templated":true}]}}