{"id":20147,"date":"2023-09-11T22:52:42","date_gmt":"2023-09-11T22:52:42","guid":{"rendered":"https:\/\/dmsjuridica.com\/buscador_20179478954\/salapenalcronologico20230723\/2023\/09\/11\/2963229-09-10\/"},"modified":"2023-09-11T22:52:42","modified_gmt":"2023-09-11T22:52:42","slug":"2963229-09-10","status":"publish","type":"post","link":"https:\/\/dmsjuridica.com\/buscador_20179478954\/salapenalcronologico20230723\/2023\/09\/11\/2963229-09-10\/","title":{"rendered":"29632(29-09-10)"},"content":{"rendered":"\n<p>\u00a0 \u00a0 Proceso \u00a0 n.\u00ba \u00a029632 \u00a0\u00a0<\/p>\n<p>CORTE SUPREMA DE JUSTICIA \u00a0<\/p>\n<p>SALA \u00a0DE CASACI\u00d3N \u00a0PENAL \u00a0\u00a0<\/p>\n<p>Aprobado \u00a0acta No. \u00a0315 \u00a0\u00a0<\/p>\n<p>\u00a0 \u00a0\u00a0 \u00a0\u00a0 \u00a0\u00a0 \u00a0 \u00a0 \u00a0 \u00a0\u00a0 \u00a0 \u00a0 \u00a0 \u00a0\u00a0 \u00a0 \u00a0 \u00a0 \u00a0\u00a0 \u00a0 \u00a0 \u00a0 \u00a0Bogot\u00e1, \u00a0 \u00a0D. \u00a0 \u00a0C., \u00a0 \u00a0veintinueve (29) de septiembre de dos mil diez (2010) \u00a0\u00a0<\/p>\n<p>VISTOS \u00a0<\/p>\n<p>\u00a0 \u00a0\u00a0 \u00a0\u00a0 \u00a0\u00a0 \u00a0Agotada \u00a0la \u00a0audiencia p\u00fablica en este \u00a0caso \u00a0 \u00a0adelantado \u00a0 \u00a0contra \u00a0 \u00a0el \u00a0 \u00a0ex \u00a0 \u00a0Senador \u00a0Carlos \u00a0 Armando \u00a0Garc\u00eda \u00a0Orjuela \u00a0por \u00a0el \u00a0delito \u00a0de concierto para delinquir \u00a0agravado, \u00a0 \u00a0la \u00a0 \u00a0Corte \u00a0profiere\u00a0 la sentencia que en derecho corresponde. \u00a0\u00a0<\/p>\n<p>HECHOS \u00a0<\/p>\n<p>\u00a0 \u00a0 \u00a0 \u00a0 \u00a0<\/p>\n<p>\u00a0 \u00a0\u00a0 \u00a0\u00a0 \u00a0\u00a0La \u00a0 Sala \u00a0 al \u00a0 resolver \u00a0la \u00a0 \u00a0 situaci\u00f3n \u00a0 \u00a0jur\u00eddica \u00a0al \u00a0hoy \u00a0acusado \u00a0los \u00a0resumi\u00f3 del \u00a0siguiente modo: \u00a0\u00a0<\/p>\n<p>Como \u00a0sucedi\u00f3 en \u00a0diferentes \u00a0 \u00a0 regiones \u00a0 \u00a0del \u00a0 \u00a0pa\u00eds, \u00a0por \u00a0la \u00a0escalada expansionista de grupos armados ilegales, las \u00a0Autodefensas \u00a0Unidas \u00a0de \u00a0Colombia decidieron hacer presencia en el departamento \u00a0del \u00a0Tolima a trav\u00e9s del bloque del mismo nombre cuyo \u00a0poder, \u00a0seg\u00fan \u00a0lo \u00a0aducido \u00a0por \u00a0varios integrantes \u00a0 \u00a0 \u00a0 \u00a0 de \u00a0 \u00a0 \u00a0 \u00a0esa \u00a0organizaci\u00f3n, \u00a0fue \u00a0especialmente evidente en el sur \u00a0del \u00a0departamento durante los a\u00f1os 2001 a \u00a02003, donde sometieron a la poblaci\u00f3n, \u00a0cuidaron \u00a0para \u00a0s\u00ed \u00a0y para otros los corredores y el \u00a0negocio \u00a0 del \u00a0 narcotr\u00e1fico \u00a0e \u00a0influyeron \u00a0en \u00a0los \u00a0procesos \u00a0pol\u00edticos \u00a0 y \u00a0 sociales \u00a0 de \u00a0 la \u00a0regi\u00f3n. \u00a0\u00a0<\/p>\n<p>Fue tanta la influencia del grupo ilegal que, \u00a0como \u00a0 lo \u00a0 aseguran \u00a0algunos \u00a0de \u00a0sus \u00a0miembros, \u00a0el \u00a0entonces \u00a0l\u00edder \u00a0 \u00a0de \u00a0 \u00a0la \u00a0 organizaci\u00f3n \u00a0 alias \u00a0\u201cEl\u00edas\u201d \u00a0 celebr\u00f3 \u00a0reuniones \u00a0con \u00a0importantes \u00a0pol\u00edticos \u00a0de \u00a0la regi\u00f3n, \u00a0entre \u00a0los cuales se ha citado al senador Garc\u00eda \u00a0 \u00a0 Orjuela \u00a0 \u00a0 como \u00a0 \u00a0 \u00a0asistente \u00a0 \u00a0 a \u00a0dos \u00a0de \u00a0ellas \u00a0ocurridas \u00a0en \u00a0inmediaciones del municipio de El \u00a0Guamo \u00a0 \u00a0en \u00a0 \u00a0el \u00a0 a\u00f1o \u00a0 2001, \u00a0 en \u00a0 las \u00a0 cuales \u00a0habr\u00edan acordado un apoyo mutuo. \u00a0\u00a0<\/p>\n<p>IDENTIFICACI\u00d3N DEL \u00a0ACUSADO \u00a0\u00a0<\/p>\n<p>Carlos \u00a0 \u00a0Armando \u00a0 \u00a0Garc\u00eda \u00a0 \u00a0 \u00a0Orjuela, \u00a0 \u00a0 \u00a0natural \u00a0 \u00a0 \u00a0de \u00a0Icononzo \u00a0(Tolima), \u00a0naci\u00f3 \u00a0el \u00a05 de julio de 1949, 60 a\u00f1os de edad, identificado \u00a0con \u00a0 \u00a0la \u00a0 \u00a0c\u00e9dula \u00a0 \u00a0de \u00a0 ciudadan\u00eda \u00a0 \u00a0 \u00a0n\u00famero \u00a0 \u00a0 19.079.760 \u00a0 \u00a0 de \u00a0Bogot\u00e1 \u00a0 \u00a0 D.C., \u00a0 \u00a0 hijo \u00a0 \u00a0 de \u00a0 \u00a0 Margarita \u00a0Orjuela de Garc\u00eda \u00a0 y \u00a0Jorge \u00a0Enrique \u00a0Garc\u00eda \u00a0 \u00a0 Cubillos, \u00a0 \u00a0 m\u00e9dico de profesi\u00f3n \u00a0\u00a0<\/p>\n<p>ACTUACI\u00d3N PROCESAL \u00a0\u00a0<\/p>\n<p>\u00a0 \u00a0\u00a0 \u00a0\u00a0 \u00a01. \u00a0 Con \u00a0fundamento \u00a0en \u00a0las \u00a0copias que la Corte \u00a0orden\u00f3 expedir dentro del \u00a0radicado No. 23.779 que se adelant\u00f3 \u00a0contra \u00a0 \u00a0 el\u00a0 \u00a0Representante \u00a0 \u00a0 \u00a0a \u00a0 \u00a0 \u00a0la \u00a0 \u00a0 C\u00e1mara \u00a0 \u00a0 \u00a0 \u00a0Pompilio \u00a0 \u00a0 Avenda\u00f1o \u00a0 \u00a0Lopera, \u00a0el \u00a017 \u00a0de abril de 2008, dispuso la \u00a0apertura \u00a0de \u00a0investigaci\u00f3n \u00a0previa \u00a0contra \u00a0el \u00a0ex \u00a0Senador \u00a0Carlos \u00a0Armando \u00a0Garc\u00eda \u00a0 Orjuela \u00a0 en \u00a0diligencias \u00a0 que \u00a0 se \u00a0radicaron \u00a0bajo \u00a0el \u00a0n\u00famero \u00a029.632. \u00a0\u00a0<\/p>\n<p>\u00a0 \u00a0 \u00a0 \u00a0 \u00a0<\/p>\n<p>2. El 24 de julio del mismo a\u00f1o, \u00a0 con \u00a0fundamento \u00a0en \u00a0las \u00a0pruebas \u00a0practicadas \u00a0en \u00a0 \u00a0la \u00a0 \u00a0averiguaci\u00f3n \u00a0 preliminar, \u00a0 decret\u00f3 \u00a0la apertura de instrucci\u00f3n contra el \u00a0doctor \u00a0 \u00a0 Carlos \u00a0 \u00a0Armando \u00a0 \u00a0Garc\u00eda \u00a0Orjuela \u00a0por \u00a0el presunto delito de \u00a0concierto \u00a0para \u00a0delinquir \u00a0agravado \u00a0descrito en el \u00a0art\u00edculo 340, inciso 2\u00ba \u00a0de la Ley 599 de 2000. \u00a0\u00a0<\/p>\n<p>\u00a0 \u00a0\u00a0 \u00a0\u00a0 \u00a03. \u00a0Vinculado \u00a0por \u00a0medio \u00a0de \u00a0indagatoria, \u00a0la \u00a0Corte \u00a0le resolvi\u00f3 la situaci\u00f3n \u00a0 \u00a0 \u00a0jur\u00eddica \u00a0 \u00a0 \u00a0el \u00a0 \u00a011 \u00a0 \u00a0de \u00a0 agosto \u00a0 de \u00a0 2008, \u00a0imponi\u00e9ndole \u00a0medida de \u00a0aseguramiento \u00a0de detenci\u00f3n preventiva sin derecho a \u00a0la \u00a0libertad \u00a0provisional \u00a0por el aludido delito. \u00a0\u00a0<\/p>\n<p>\u00a0 \u00a0\u00a0 \u00a0\u00a0 \u00a04. \u00a0El 17 de septiembre del mismo a\u00f1o, \u00a0previa \u00a0 renuncia \u00a0 del \u00a0 doctor \u00a0 Carlos \u00a0 Armando \u00a0Garc\u00eda \u00a0Orjuela \u00a0a \u00a0su \u00a0curul, \u00a0aceptada \u00a0por la \u00a0Mesa \u00a0Directiva del Senado \u00a0mediante \u00a0resoluci\u00f3n \u00a0No. \u00a0020 \u00a0de \u00a020 de agosto de \u00a02008, \u00a0 \u00a0la \u00a0 \u00a0Corte \u00a0acorde \u00a0con la tesis jurisprudencial vigente \u00a0 \u00a0para \u00a0 \u00a0ese \u00a0 \u00a0entonces, \u00a0 se \u00a0declar\u00f3 \u00a0incompetente \u00a0para continuar conociendo la \u00a0investigaci\u00f3n \u00a0y orden\u00f3 \u00a0remitir \u00a0 \u00a0 la \u00a0 \u00a0 actuaci\u00f3n \u00a0 \u00a0a \u00a0 \u00a0la \u00a0 \u00a0Fiscal\u00eda \u00a0 \u00a0General \u00a0 de \u00a0 la \u00a0Naci\u00f3n \u00a0para \u00a0que \u00a0continuara con el tr\u00e1mite \u00a0respectivo. \u00a0\u00a0<\/p>\n<p>\u00a0 \u00a0\u00a0 \u00a0\u00a0 \u00a05. \u00a0 \u00a0El \u00a0 Fiscal \u00a0 General \u00a0 de \u00a0 la \u00a0Naci\u00f3n, \u00a0 \u00a0mediante \u00a0resoluci\u00f3n \u00a0No. 0-5672 de 22 de septiembre de 2008, \u00a0asign\u00f3 \u00a0 \u00a0 \u00a0el \u00a0 \u00a0 \u00a0conocimiento \u00a0 \u00a0 \u00a0de \u00a0 \u00a0 la \u00a0instrucci\u00f3n al Fiscal Octavo Delegado ante la Corte \u00a0Suprema \u00a0de \u00a0Justicia, \u00a0quien \u00a0el 12 de diciembre de \u00a02008 \u00a0 \u00a0 consider\u00f3 \u00a0perfeccionada \u00a0 \u00a0 la \u00a0 \u00a0 investigaci\u00f3n \u00a0por \u00a0lo \u00a0cual \u00a0orden\u00f3 su clausura \u00a0y, \u00a0mediante \u00a0resoluci\u00f3n \u00a0de \u00a0 25 \u00a0 de \u00a0 febrero \u00a0 de \u00a0 2009, \u00a0 calific\u00f3 \u00a0el \u00a0m\u00e9rito \u00a0 \u00a0 \u00a0 del \u00a0 \u00a0 \u00a0sumario \u00a0 \u00a0 \u00a0profiriendo \u00a0resoluci\u00f3n de acusaci\u00f3n \u00a0contra \u00a0el \u00a0doctor \u00a0Carlos Armando Garc\u00eda \u00a0 \u00a0 \u00a0 Orjuela \u00a0 \u00a0 \u00a0por \u00a0 \u00a0el \u00a0 \u00a0delito \u00a0 \u00a0por \u00a0 \u00a0el \u00a0 \u00a0cual \u00a0 \u00a0la \u00a0 Corte\u00a0 \u00a0 \u00a0 \u00a0 \u00a0le \u00a0 \u00a0 \u00a0 \u00a0resolvi\u00f3 \u00a0situaci\u00f3n \u00a0 \u00a0 \u00a0 \u00a0 \u00a0 \u00a0 jur\u00eddica. \u00a0\u00a0<\/p>\n<p>\u00a0 \u00a0\u00a0 \u00a0\u00a0 \u00a06. \u00a0La \u00a0defensa \u00a0recurri\u00f3 \u00a0la \u00a0anterior \u00a0decisi\u00f3n y \u00a0 el \u00a0 Vicefiscal \u00a0 General \u00a0 de \u00a0 la \u00a0Naci\u00f3n, \u00a0 en \u00a0segunda \u00a0instancia, \u00a0a \u00a0trav\u00e9s de \u00a0resoluci\u00f3n \u00a0 de \u00a014 \u00a0de \u00a0septiembre \u00a0de \u00a02009, \u00a0le \u00a0imparti\u00f3 \u00a0 \u00a0 \u00a0 \u00a0 \u00a0confirmaci\u00f3n. \u00a0\u00a0<\/p>\n<p>\u00a0 \u00a0\u00a0 \u00a0\u00a0 \u00a07. \u00a0El \u00a017 \u00a0de \u00a0septiembre de 2009, la \u00a0Unidad \u00a0 de \u00a0Fiscal\u00edas \u00a0Delegadas \u00a0ante \u00a0la corte Suprema de Justicia, envi\u00f3 \u00a0la \u00a0 actuaci\u00f3n \u00a0 por \u00a0 competencia \u00a0 a \u00a0 la \u00a0Corte \u00a0Suprema de Justicia, reasumiendo el conocimiento del \u00a0asunto \u00a0mediante \u00a0auto \u00a0de \u00a01\u00ba de octubre del mismo \u00a0a\u00f1o. \u00a0\u00a0<\/p>\n<p>\u00a0 \u00a0\u00a0 \u00a0\u00a0 \u00a08. \u00a0El \u00a0Ministerio P\u00fablico \u00a0 \u00a0y \u00a0 el \u00a0 defensor, \u00a0 dentro \u00a0 del \u00a0t\u00e9rmino \u00a0 \u00a0previsto \u00a0 en \u00a0 el \u00a0 art\u00edculo \u00a0400 \u00a0de \u00a0la \u00a0Ley \u00a0600 \u00a0de 2000, presentaron sendos \u00a0 \u00a0 \u00a0 \u00a0 \u00a0 \u00a0 escritos \u00a0 \u00a0 \u00a0 \u00a0 \u00a0pidi\u00e9ndole \u00a0a la Corte se \u00a0 \u00a0declarara \u00a0 \u00a0incompetente \u00a0 para \u00a0continuar \u00a0 \u00a0 con \u00a0 \u00a0 la \u00a0 \u00a0actuaci\u00f3n, \u00a0 \u00a0 los \u00a0 \u00a0cuales \u00a0 \u00a0fueron \u00a0 \u00a0 \u00a0 resueltos \u00a0 \u00a0 \u00a0 \u00a0 \u00a0adversamente \u00a0mediante \u00a0auto \u00a0de \u00a018 \u00a0de \u00a0noviembre \u00a0del \u00a0a\u00f1o \u00a0anterior, \u00a0el \u00a0cual \u00a0fue \u00a0recurrido \u00a0horizontalmente y confirmado con auto de 18 de diciembre siguiente. \u00a0\u00a0<\/p>\n<p>INTERVENCI\u00d3N \u00a0 \u00a0 \u00a0 DE \u00a0 \u00a0 \u00a0 LOS \u00a0 \u00a0 \u00a0SUJETOS \u00a0PROCESALES \u00a0\u00a0<\/p>\n<p>\u00a0 \u00a0\u00a0<\/p>\n<p>1. La Procuradur\u00eda \u00a0 \u00a0\u00a0<\/p>\n<p>En desarrollo de la audiencia p\u00fablica \u00a0 \u00a0 \u00a0 pidi\u00f3 \u00a0 a \u00a0la \u00a0Corte \u00a0absolver \u00a0al \u00a0acusado \u00a0Carlos \u00a0Armando \u00a0Garc\u00eda \u00a0Orjuela \u00a0del \u00a0cargo \u00a0de \u00a0concierto \u00a0para \u00a0delinquir \u00a0agravado, \u00a0por haber orientado su conducta, seg\u00fan la \u00a0resoluci\u00f3n \u00a0 \u00a0 \u00a0 de \u00a0 \u00a0 \u00a0acusaci\u00f3n, \u00a0a \u00a0la \u00a0promoci\u00f3n de grupos armados \u00a0ilegales. \u00a0\u00a0<\/p>\n<p>Para sustentar su \u00a0solicitud, \u00a0precis\u00f3 que \u00a0el \u00a0problema jur\u00eddico en \u00a0este \u00a0 asunto \u00a0 se \u00a0circunscribe \u00a0a \u00a0determinar \u00a0(i) \u00a0si \u00a0existi\u00f3 \u00a0la \u00a0organizaci\u00f3n \u00a0criminal \u00a0que \u00a0se \u00a0afirma \u00a0 \u00a0promovi\u00f3 \u00a0 \u00a0el \u00a0 acusado \u00a0 Carlos \u00a0 \u00a0 \u00a0 Armando \u00a0 \u00a0 \u00a0 Garc\u00eda \u00a0Orjuela; (ii) \u00a0si \u00a0hubo \u00a0acuerdo \u00a0entre \u00a0el congresista y los miembros de dicha \u00a0organizaci\u00f3n \u00a0 \u00a0 \u00a0 criminal \u00a0 \u00a0 \u00a0 para \u00a0la \u00a0promoci\u00f3n de \u00e9sta \u00a0 \u00a0 \u00a0y, \u00a0 \u00a0 \u00a0(iii) \u00a0si \u00a0se \u00a0actualizan \u00a0las \u00a0expectativas \u00a0probatorias \u00a0a las que se \u00a0refieren \u00a0 \u00a0 \u00a0los \u00a0art\u00edculos \u00a02 \u00a0y \u00a0332\u00a0 \u00a0de \u00a0la \u00a0Ley \u00a0600 \u00a0de \u00a02000, para condenar al acusado como autor del delito de \u00a0concierto \u00a0 para \u00a0 delinquir \u00a0 agravado, \u00a0 esto \u00a0 es, \u00a0 acreditaci\u00f3n \u00a0 \u00a0 plena \u00a0 \u00a0 tanto \u00a0 \u00a0 de \u00a0 \u00a0 la \u00a0existencia de la conducta \u00a0punible materia de juzgamiento como de su responsabilidad. \u00a0\u00a0<\/p>\n<p>As\u00ed, rememora, \u00a0de \u00a0 acuerdo \u00a0 con \u00a0 la \u00a0 rese\u00f1a \u00a0 f\u00e1ctica, \u00a0que \u00a0para la realizaci\u00f3n de la \u00a0conducta \u00a0 \u00a0 \u00a0 punible \u00a0 \u00a0 \u00a0se \u00a0 \u00a0 \u00a0efectuaron \u00a0 \u00a0 \u00a0 \u00a0 dos \u00a0 reuniones, \u00a0 la \u00a0primera \u00a0en \u00a0el \u00a0Rancho \u00a0JC \u00a0de \u00a0 propiedad \u00a0 de \u00a0 la \u00a0 actriz \u00a0de \u00a0televisi\u00f3n \u00a0 Margarita \u00a0Rosa \u00a0 de \u00a0Francisco, \u00a0ubicada \u00a0en \u00a0zona \u00a0rural \u00a0del \u00a0municipio \u00a0del \u00a0Guamo \u00a0y la cual, seg\u00fan los testigos \u00a0de \u00a0 \u00a0cargo, \u00a0 \u00a0tuvo \u00a0 \u00a0realizaci\u00f3n \u00a0 en \u00a0octubre \u00a02001 \u00a0y \u00a0una \u00a0segunda \u00a0y \u00a0\u00faltima, \u00a0cumplida por el mes de diciembre del mismo \u00a0a\u00f1o, \u00a0 \u00a0 \u00a0en \u00a0 \u00a0 \u00a0un \u00a0 \u00a0 kiosco \u00a0 \u00a0o \u00a0 \u00a0caseta \u00a0 ubicada \u00a0 en \u00a0la \u00a0 \u00a0 \u00a0 \u00a0vereda \u00a0 \u00a0 \u00a0 \u00a0La \u00a0 \u00a0 \u00a0 Chamba \u00a0 \u00a0 \u00a0 de \u00a0 \u00a0 \u00a0la \u00a0 \u00a0 \u00a0misma \u00a0comprensi\u00f3n \u00a0 \u00a0 \u00a0 \u00a0 territorial, \u00a0 \u00a0 en \u00a0 \u00a0 las \u00a0 \u00a0que, \u00a0seg\u00fan \u00a0los \u00a0testigos de cargo, se \u00a0realizaron \u00a0pactos \u00a0entre el pol\u00edtico y los miembros \u00a0de la estructura paramilitar. \u00a0\u00a0<\/p>\n<p>Manifiesta \u00a0 \u00a0 que \u00a0 \u00a0 la \u00a0 \u00a0 prueba \u00a0incriminatoria \u00a0que \u00a0se \u00a0esgrime \u00a0en \u00a0desmedro \u00a0del \u00a0acusado, b\u00e1sicamente \u00a0 se \u00a0 contrae \u00a0 a \u00a0 los \u00a0 testimonios \u00a0de \u00a0Ricaurte \u00a0 Soria \u00a0Ortiz, \u00a0John \u00a0Jairo \u00a0Silva \u00a0rinc\u00f3n, \u00a0al\u00edas \u00a0\u201cEl \u00a0 \u00a0Soldado\u201d, \u00a0Jos\u00e9 \u00a0 \u00a0 Albeiro \u00a0Garc\u00eda, \u00a0 \u00a0 alias \u00a0\u201cEl \u00a0 \u00a0Teniente\u201d, \u00a0Edwin \u00a0 \u00a0 Armando \u00a0 \u00a0Carvajal \u00a0 \u00a0Rodas, \u00a0 alias \u00a0\u201cCaresapo\u201d, \u00a0y \u00a0de \u00a0alguna \u00a0manera, la \u00a0 \u00a0 \u00a0versi\u00f3n \u00a0 \u00a0 de \u00a0Agust\u00edn \u00a0de \u00a0 Jes\u00fas \u00a0 S\u00e1nchez \u00a0Mej\u00eda, \u00a0 \u00a0 alias \u00a0\u201cPol\u00edtico \u00a0Chiquito\u201d, \u00a0confesos \u00a0integrantes de la estructura \u00a0paramilitar \u00a0 de \u00a0 las \u00a0 denominadas \u00a0 Autodefensas \u00a0Unidas \u00a0 \u00a0de \u00a0 \u00a0Colombia, \u00a0 \u00a0lideradas \u00a0 \u00a0 \u00a0 \u00a0por \u00a0 \u00a0 \u00a0 \u00a0Carlos \u00a0 \u00a0Casta\u00f1o \u00a0 Gil. \u00a0\u00a0<\/p>\n<p>Los \u00a0 cuatro \u00a0primeros, \u00a0miembros \u00a0del \u00a0bloque \u00a0 Tolima \u00a0 que \u00a0hizo \u00a0 \u00a0 \u00a0presencia \u00a0 \u00a0 \u00a0e \u00a0 \u00a0 influy\u00f3 \u00a0en la \u00a0zona \u00a0 \u00a0 \u00a0 \u00a0sur \u00a0 \u00a0 \u00a0 \u00a0del \u00a0 \u00a0 \u00a0 \u00a0Departamento \u00a0 \u00a0 \u00a0 del \u00a0 \u00a0 \u00a0mismo \u00a0nombre, \u00a0 \u00a0imputan \u00a0 \u00a0al \u00a0 \u00a0senador \u00a0 Carlos \u00a0 \u00a0 \u00a0 Armando \u00a0 \u00a0 Garc\u00eda \u00a0 \u00a0Orjuela \u00a0haber \u00a0efectuado \u00a0pactos \u00a0con \u00a0alias \u00a0El\u00edas, \u00a0 quien \u00a0fung\u00eda \u00a0 \u00a0 como \u00a0l\u00edder \u00a0 \u00a0del \u00a0 \u00a0bloque \u00a0 \u00a0mencionado, \u00a0 para \u00a0 la \u00a0 \u00e9poca \u00a0 del \u00a0 a\u00f1o \u00a02001 \u00a0 \u00a0 \u00a0 y \u00a0 \u00a0 \u00a0principios \u00a0 \u00a0 \u00a0del 2002. \u00a0\u00a0<\/p>\n<p>Afirm\u00f3 \u00a0que \u00a0constituye \u00a0elemento \u00a0cardinal \u00a0de \u00a0la \u00a0acusaci\u00f3n el \u00a0testimonio \u00a0 de \u00a0 Ricaurte \u00a0Soria \u00a0Ortiz \u00a0quien en sus plurales apariciones procesales, en este y en otros \u00a0procesos, \u00a0 algunos \u00a0de \u00a0los \u00a0cuales \u00a0fueron \u00a0incorporados \u00a0por \u00a0v\u00eda \u00a0de \u00a0la \u00a0prueba \u00a0trasladada \u00a0a \u00a0este \u00a0asunto, \u00a0 evoca \u00a0 las \u00a0 circunstancias \u00a0 en \u00a0que \u00a0el \u00a0denominado \u00a0bloque \u00a0Tolima \u00a0hizo \u00a0 irrupci\u00f3n \u00a0 en \u00a0jurisdicci\u00f3n \u00a0 \u00a0 \u00a0 \u00a0del \u00a0 \u00a0 \u00a0 \u00a0Municipio \u00a0 del \u00a0 Guamo \u00a0y \u00a0 en \u00a0 sus \u00a0 zonas \u00a0 aleda\u00f1as, \u00a0 en \u00a0afirmaci\u00f3n \u00a0 \u00a0que \u00a0 \u00a0encaja \u00a0 \u00a0sim\u00e9tricamente \u00a0 con \u00a0las \u00a0versiones \u00a0que \u00a0acerca \u00a0del \u00a0mismo \u00a0momento \u00a0hist\u00f3rico \u00a0 \u00a0relataron \u00a0 \u00a0los \u00a0 dem\u00e1s \u00a0 miembros \u00a0 del \u00a0 grupo \u00a0 armado \u00a0 que \u00a0 han \u00a0declarado \u00a0en \u00a0el \u00a0proceso. \u00a0\u00a0<\/p>\n<p>Estos elementos \u00a0testimoniales \u00a0de \u00a0conjunto \u00a0ponen de manifiesto como \u00a0realidad \u00a0irrefutable \u00a0la \u00a0presencia real y efectiva \u00a0de la facci\u00f3n \u00a0irregular \u00a0en \u00a0la zona del \u00a0 \u00a0 \u00a0 \u00a0 \u00a0 \u00a0 Municipio \u00a0 \u00a0 \u00a0del \u00a0 \u00a0 Guamo \u00a0 \u00a0 \u00a0 \u00a0y \u00a0 \u00a0 \u00a0 dem\u00e1s \u00a0 \u00a0 poblaciones \u00a0adyacentes, \u00a0en inferencia que responde positivamente el primero \u00a0de \u00a0 los \u00a0 interrogantes \u00a0planteados, \u00a0esto \u00a0es, \u00a0la \u00a0acreditaci\u00f3n de presencia\u00a0 activa de \u00a0 \u00a0 \u00a0 \u00a0la \u00a0 \u00a0 \u00a0 \u00a0organizaci\u00f3n \u00a0criminal \u00a0a \u00a0la \u00a0que se reputa se pleg\u00f3 \u00a0 \u00a0 el \u00a0 \u00a0 senador \u00a0 \u00a0Garc\u00eda \u00a0 \u00a0 \u00a0 Orjuela, \u00a0 en \u00a0la \u00a0zona \u00a0sur del Departamento \u00a0del \u00a0 \u00a0Tolima \u00a0 \u00a0para \u00a0 \u00a0la \u00a0 \u00e9poca \u00a0 del \u00a0a\u00f1o \u00a02001 y comienzos de 2002. \u00a0\u00a0<\/p>\n<p>En \u00a0aras \u00a0de \u00a0potencializar \u00a0la \u00a0tesis \u00a0de \u00a0realizaci\u00f3n \u00a0de \u00a0las \u00a0referidas reuniones y sobre \u00a0esa \u00a0 base \u00a0acreditar \u00a0la \u00a0materializaci\u00f3n \u00a0de \u00a0los \u00a0acuerdos \u00a0 \u00a0 \u00a0que \u00a0 \u00a0 se \u00a0 \u00a0 pregonan \u00a0 \u00a0 en \u00a0 \u00a0 cabeza \u00a0 \u00a0 del \u00a0 \u00a0 acusado, \u00a0 \u00a0 \u00a0 \u00a0 \u00a0se\u00f1ala, \u00a0 \u00a0 \u00a0 \u00a0 \u00a0 \u00a0 columna \u00a0fundamental \u00a0de \u00a0la \u00a0 \u00a0 \u00a0 \u00a0afirmaci\u00f3n \u00a0 \u00a0la \u00a0constituye \u00a0 el \u00a0 testimonio \u00a0 de \u00a0 Ricaurte \u00a0Soria \u00a0Ortiz \u00a0en \u00a0cuanto \u00a0manifiesta o da raz\u00f3n \u00a0de \u00a0la \u00a0realizaci\u00f3n de las \u00a0 dos \u00a0 reuniones \u00a0 a \u00a0las \u00a0cuales \u00a0se \u00a0hace \u00a0alusi\u00f3n. En \u00a0efecto, \u00a0a \u00a0partir \u00a0de \u00a0la \u00a0declaraci\u00f3n \u00a0 \u00a0 del \u00a0 \u00a03 \u00a0 \u00a0de \u00a0 \u00a0abril \u00a0 \u00a0 \u00a0 \u00a0 2008, \u00a0 cuando \u00a0 por \u00a0 primera \u00a0vez \u00a0hace \u00a0referencia \u00a0a \u00a0la \u00a0supuesta intervenci\u00f3n del senador \u00a0Garc\u00eda \u00a0Orjuela, \u00a0precisa \u00a0que \u00a0sabe \u00a0de \u00a0dos \u00a0reuniones que \u00a0tuvieron \u00a0como protagonistas a alias El\u00edas, \u00a0l\u00edder \u00a0del \u00a0bloque \u00a0Tolima, \u00a0y \u00a0al \u00a0doctor \u00a0Carlos \u00a0Armando \u00a0Garc\u00eda \u00a0 \u00a0Orjuela, \u00a0sin \u00a0 \u00a0 que, \u00a0 \u00a0 por \u00a0 \u00a0 lo \u00a0 \u00a0 menos, \u00a0en lo que hace relaci\u00f3n \u00a0 con \u00a0 la \u00a0 primera \u00a0 reuni\u00f3n, \u00a0la \u00a0del \u00a0 \u00a0Rancho \u00a0 \u00a0 \u00a0 \u00a0 \u00a0 JC, ocurrida por el mes octubre 2001, de \u00a0cuenta \u00a0 cierta \u00a0 o \u00a0 fidedigna \u00a0 del \u00a0 contenido \u00a0de \u00a0los \u00a0acuerdos \u00a0a \u00a0que \u00a0el \u00a0pol\u00edtico \u00a0 y \u00a0 paramilitar \u00a0 arribaron \u00a0 en \u00a0 esa \u00a0oportunidad, \u00a0 \u00a0 como \u00a0 \u00a0 demostraci\u00f3n \u00a0de \u00a0ese \u00a0compromiso torcido de doble \u00a0v\u00eda \u00a0que \u00a0se \u00a0 \u00a0le \u00a0 enrostr\u00f3 \u00a0 en \u00a0 \u00a0 \u00a0 la \u00a0 \u00a0 \u00a0resoluci\u00f3n \u00a0 \u00a0 \u00a0de \u00a0acusaci\u00f3n. \u00a0\u00a0<\/p>\n<p>Lo \u00a0rescatable \u00a0del \u00a0aludido testimonio, \u00a0al \u00a0 margen \u00a0de \u00a0que \u00a0el \u00a0testigo \u00a0en \u00a0relaci\u00f3n \u00a0con \u00a0la \u00a0reuni\u00f3n \u00a0 de \u00a0octubre \u00a0de \u00a02001, \u00a0 \u00a0 no \u00a0 \u00a0 dio \u00a0 \u00a0raz\u00f3n \u00a0 \u00a0acerca \u00a0 \u00a0del \u00a0 \u00a0contenido \u00a0 de \u00a0 las \u00a0 conversaciones \u00a0en \u00a0los \u00a0acuerdos m\u00ednimos a que \u00a0pudieran \u00a0haber \u00a0llegado el doctor Garc\u00eda \u00a0 Orjuela \u00a0 y \u00a0 alias \u00a0El\u00edas \u00a0en \u00a0el \u00a0Rancho JC del Guamo, \u00a0es \u00a0que de alguna manera fija temporalmente el encuentro en cuesti\u00f3n, \u00a0como \u00a0que \u00a0precisa \u00a0que \u00a0 \u00a0tuvo \u00a0 lugar \u00a0 en \u00a0 ese \u00a0 mes \u00a0 y \u00a0a\u00f1o, \u00a0 coincidiendo \u00a0 con \u00a0lo \u00a0afirmado \u00a0por \u00a0John Jairo Silva Rinc\u00f3n, \u00a0alias \u00a0 \u00a0 El \u00a0 \u00a0 Soldado, \u00a0 \u00a0 y \u00a0 \u00a0 Jos\u00e9 \u00a0 Albeiro \u00a0 Garc\u00eda, \u00a0alias \u00a0El \u00a0Teniente, \u00a0quienes, \u00a0al \u00a0igual que \u00e9l, \u00a0sostienen \u00a0 \u00a0haber \u00a0 presenciado \u00a0 el \u00a0 encuentro \u00a0 del \u00a0 Senador \u00a0 Garc\u00eda \u00a0 \u00a0 \u00a0 Orjuela \u00a0 \u00a0 y \u00a0 \u00a0 alias \u00a0 \u00a0El\u00edas \u00a0en \u00a0el \u00a0Rancho \u00a0JC \u00a0del Guamo, en \u00a0la \u00a0 \u00a0 \u00a0 \u00a0 \u00a0referida \u00a0 \u00a0 \u00a0 \u00a0 \u00a0\u00e9poca. \u00a0\u00a0<\/p>\n<p>En relaci\u00f3n con \u00a0la \u00a0reuni\u00f3n presuntamente efectuada en la vereda La \u00a0Chamba, \u00a0 expres\u00f3 \u00a0que \u00a0Ricaurte \u00a0Soria \u00a0Ortiz, \u00a0John \u00a0 \u00a0 \u00a0Jairo \u00a0 \u00a0 Silva \u00a0 \u00a0 Rinc\u00f3n \u00a0 \u00a0 \u00a0 \u00a0 y \u00a0 \u00a0 \u00a0 \u00a0Jos\u00e9 \u00a0 Albeiro \u00a0 Garc\u00eda \u00a0 \u00a0dan \u00a0 cuenta \u00a0 de \u00a0 la \u00a0 misma, \u00a0sum\u00e1ndose \u00a0 \u00a0 \u00a0la \u00a0 \u00a0 \u00a0declaraci\u00f3n \u00a0de \u00a0Edwin \u00a0Hernando Carvajal Rodas, \u00a0en \u00a0cuanto \u00a0aseguran \u00a0se \u00a0llev\u00f3 \u00a0a cabo a finales \u00a0del \u00a0 a\u00f1o 2001, exactamente en el mes de diciembre. \u00a0\u00a0<\/p>\n<p>Sin \u00a0embargo, \u00a0esa \u00a0definici\u00f3n \u00a0temporal \u00a0que \u00a0los \u00a0testigos \u00a0de \u00a0cargo \u00a0hacen de las reuniones \u00a0encuentra \u00a0contradicci\u00f3n \u00a0con \u00a0la prueba documental \u00a0aportada \u00a0por la defensa y la declaraci\u00f3n \u00a0 \u00a0 \u00a0de \u00a0 \u00a0 \u00a0Agust\u00edn \u00a0 \u00a0de \u00a0 \u00a0Jes\u00fas \u00a0 \u00a0S\u00e1nchez \u00a0 \u00a0 \u00a0Mej\u00eda, \u00a0 \u00a0 alias \u00a0 \u00a0 \u00a0 \u00a0 \u00a0 \u201cPol\u00edtico \u00a0Chiquito\u201d, a quien Ricaurte \u00a0 Soria \u00a0Ortiz, \u00a0John \u00a0Jairo \u00a0Silva Rinc\u00f3n, \u00a0 Jos\u00e9 \u00a0Albeiro \u00a0Garc\u00eda\u00a0 y \u00a0Edwin \u00a0 Hernando \u00a0 Carvajal \u00a0 Rodas \u00a0 se \u00a0refieren \u00a0como \u00a0participante \u00a0activo \u00a0junto \u00a0con \u00a0El\u00edas, \u00a0en \u00a0representaci\u00f3n de la \u00a0cofrad\u00eda \u00a0criminal \u00a0que \u00a0lideraba \u00a0Carlos Casta\u00f1o \u00a0Gil, \u00a0 \u00a0en \u00a0la \u00a0postrera \u00a0reuni\u00f3n de la vereda \u00a0La Chamba. \u00a0\u00a0<\/p>\n<p>Retomando el tema de la reuni\u00f3n \u00a0 de \u00a0 octubre \u00a0 de \u00a0 2001 \u00a0 en \u00a0 el \u00a0Rancho \u00a0 \u00a0 \u00a0JC, \u00a0destac\u00f3 \u00a0que \u00a0Ricaurte \u00a0Soria \u00a0Ortiz \u00a0manifest\u00f3 \u00a0que \u00a0arrib\u00f3 \u00a0al lugar a \u00a0entregar \u00a0 \u00a0 unas \u00a0 \u00a0 cuentas \u00a0 \u00a0y \u00a0 \u00a0un \u00a0 \u00a0dinero \u00a0enter\u00e1ndose \u00a0 \u00a0 de \u00a0 \u00a0 la \u00a0 \u00a0reuni\u00f3n \u00a0que \u00a0presuntamente \u00a0sosten\u00eda alias \u00a0El\u00edas \u00a0con \u00a0el \u00a0ex \u00a0Senador \u00a0Carlos Armando \u00a0Garc\u00eda \u00a0 Orjuela, \u00a0sin \u00a0establecer \u00a0el \u00a0contenido \u00a0de \u00a0la misma, \u00a0en igual \u00a0sentido \u00a0 \u00a0 \u00a0 \u00a0 \u00a0 \u00a0 \u00a0 \u00a0 resalt\u00f3 \u00a0 \u00a0 \u00a0 \u00a0 \u00a0las \u00a0 \u00a0 \u00a0 \u00a0 declaraciones \u00a0 \u00a0 \u00a0 de \u00a0 \u00a0 \u00a0John \u00a0Jairo \u00a0Silva \u00a0Rinc\u00f3n \u00a0y \u00a0Jos\u00e9 \u00a0Albeiro \u00a0 \u00a0 \u00a0 \u00a0 \u00a0 \u00a0 \u00a0Garc\u00eda, \u00a0 \u00a0 \u00a0 \u00a0 \u00a0 \u00a0 quienes \u00a0no \u00a0dan \u00a0 \u00a0 \u00a0ninguna \u00a0raz\u00f3n\u00a0 \u00a0acerca \u00a0de \u00a0los \u00a0acuerdos a los que aquellos llegaron, pues solamente prestaron servicios de \u00a0seguridad. \u00a0\u00a0<\/p>\n<p>Colige \u00a0que \u00a0un \u00a0com\u00fan \u00a0 \u00a0denominador \u00a0 \u00a0en \u00a0 \u00a0el \u00a0 \u00a0referido \u00a0 tr\u00edo \u00a0 de \u00a0 testigos \u00a0 lo \u00a0constituye \u00a0la \u00a0mera \u00a0afirmaci\u00f3n de la presencia del \u00a0ex \u00a0 \u00a0 Senador \u00a0 \u00a0 reunido \u00a0 \u00a0con \u00a0 \u00a0El\u00edas \u00a0en \u00a0el \u00a0Rancho JC, pero nada \u00a0saben \u00a0 en \u00a0 relaci\u00f3n \u00a0 con \u00a0el \u00a0contenido \u00a0de \u00a0la \u00a0conversaci\u00f3n, \u00a0 \u00a0 \u00a0 \u00a0 \u00a0 \u00a0 raz\u00f3n \u00a0 por \u00a0 la \u00a0 cual \u00a0 \u00a0no \u00a0 \u00a0pueden \u00a0 contar \u00a0 nada \u00a0 acerca \u00a0 de \u00a0 los \u00a0 compromisos \u00a0 que \u00a0 se\u00f1alan \u00a0hubo \u00a0de \u00a0 doble \u00a0v\u00eda, \u00a0ni \u00a0siquiera \u00a0de \u00a0o\u00eddas \u00a0se \u00a0enteraron \u00a0de \u00a0lo que all\u00ed se \u00a0habl\u00f3 \u00a0 \u00a0 o \u00a0 \u00a0se \u00a0acord\u00f3, \u00a0 \u00a0 \u00a0como \u00a0 \u00a0 \u00a0para \u00a0 \u00a0 \u00a0colegir, \u00a0 \u00a0 \u00a0 a \u00a0 \u00a0 \u00a0partir \u00a0 \u00a0 \u00a0de \u00a0 \u00a0 \u00a0esa \u00a0 \u00a0 \u00a0base, \u00a0cu\u00e1l la \u00a0expresi\u00f3n \u00a0comportamental \u00a0de promoci\u00f3n \u00a0 de \u00a0 la \u00a0 estructura \u00a0ilegal \u00a0armada \u00a0que \u00a0asumi\u00f3 \u00a0 el \u00a0 congresista, \u00a0que \u00a0es \u00a0al \u00a0fin \u00a0y \u00a0al \u00a0cabo la hip\u00f3tesis \u00a0de mera conducta que reprime el legislador. \u00a0\u00a0<\/p>\n<p>Esa \u00a0ausencia de \u00a0demostraci\u00f3n \u00a0 \u00a0 del \u00a0 \u00a0contenido \u00a0 \u00a0de \u00a0 \u00a0tales \u00a0reuniones, difusa a pesar \u00a0de \u00a0 la \u00a0 delimitaci\u00f3n \u00a0temporal \u00a0 \u00a0 \u00a0 \u00a0 que \u00a0 \u00a0 \u00a0 \u00a0 hacen \u00a0 en \u00a0 el \u00a0 sentido \u00a0 de \u00a0que \u00a0tuvo \u00a0lugar \u00a0por \u00a0el \u00a0mes \u00a0de \u00a0octubre \u00a0 de \u00a0 2001, \u00a0impone \u00a0la \u00a0confrontaci\u00f3n \u00a0de \u00a0tal \u00a0 \u00a0afirmaci\u00f3n \u00a0 con \u00a0 la \u00a0 prueba \u00a0 de \u00a0dem\u00e9rito que postul\u00f3 la \u00a0defensa, \u00a0 y \u00a0 que \u00a0en \u00a0un \u00a0ejercicio \u00a0literalmente \u00a0\u201cdiab\u00f3lico\u201d \u00a0 \u00a0 de \u00a0 \u00a0 b\u00fasqueda \u00a0de \u00a0la \u00a0prueba para controvertir la imputaci\u00f3n, \u00a0 \u00a0 \u00a0 oblig\u00f3 \u00a0 \u00a0 \u00a0a \u00a0 \u00a0 la \u00a0 \u00a0defensa \u00a0 \u00a0material \u00a0 \u00a0y \u00a0t\u00e9cnica, \u00a0a \u00a0ejercer \u00a0todo \u00a0un desarrollo de prueba \u00a0testimonial \u00a0 \u00a0y \u00a0 \u00a0documental \u00a0 que \u00a0 b\u00e1sicamente \u00a0apunt\u00f3 \u00a0 a \u00a0 demostrar \u00a0 todos \u00a0 los \u00a0desplazamientos, \u00a0todas \u00a0las actividades protocolarias oficiales y \u00a0particulares \u00a0 \u00a0 \u00a0 que \u00a0 \u00a0 \u00a0se \u00a0 \u00a0 \u00a0desarrollaron \u00a0 \u00a0 \u00a0durante \u00a0 \u00a0 \u00a0el per\u00edodo \u00a0que \u00a0 \u00a0 \u00a0el \u00a0 \u00a0 \u00a0Senador \u00a0 \u00a0 \u00a0Garc\u00eda \u00a0Orjuela \u00a0se \u00a0desempe\u00f1\u00f3 \u00a0como presidente del Congreso, julio \u00a0de \u00a0 \u00a0 2001 \u00a0 \u00a0a \u00a0 \u00a0julio \u00a0 \u00a0de \u00a0 \u00a02002, \u00a0desvirtuando \u00a0las \u00a0afirmaciones de \u00a0los \u00a0testigos \u00a0de \u00a0cargo \u00a0en \u00a0el sentido de no haber \u00a0asistido \u00a0 o \u00a0 no \u00a0 haber \u00a0estado \u00a0en \u00a0capacidad \u00a0material \u00a0de \u00a0asistir \u00a0a \u00a0esos \u00a0encuentros. \u00a0\u00a0<\/p>\n<p>Consider\u00f3 \u00a0que \u00a0el \u00a0ejercicio \u00a0de \u00a0la defensa \u00a0cumpli\u00f3 \u00a0 \u00a0 \u00a0su \u00a0 \u00a0 \u00a0cometido \u00a0 \u00a0 \u00a0desvertebrando \u00a0en \u00a0grado \u00a0superlativo \u00a0lo \u00a0 \u00a0 afirmado \u00a0 \u00a0 por \u00a0 \u00a0 los \u00a0 \u00a0 desmovilizados \u00a0del \u00a0bloque Tolima que \u00a0declararon \u00a0 \u00a0 \u00a0en \u00a0 \u00a0 \u00a0este \u00a0 \u00a0 \u00a0asunto; \u00a0 \u00a0 \u00a0sin \u00a0 \u00a0 embargo, \u00a0 \u00a0 repas\u00f3 \u00a0que para el momento en que se \u00a0calific\u00f3 \u00a0 el \u00a0m\u00e9rito \u00a0sumarial \u00a0procesalmente \u00a0la \u00a0prueba \u00a0era \u00a0 \u00a0 \u00a0suficiente \u00a0 \u00a0 \u00a0para \u00a0 \u00a0 \u00a0esa \u00a0 \u00a0 \u00a0determinaci\u00f3n, en consecuencia, ahora, solicita se \u00a0resuelva \u00a0 la \u00a0duda \u00a0a \u00a0favor \u00a0del \u00a0procesado \u00a0y \u00a0se \u00a0absuelva. \u00a0\u00a0<\/p>\n<p>\u00a0 \u00a0\u00a0<\/p>\n<p>1. El procesado \u00a0 \u00a0\u00a0<\/p>\n<p>Hizo \u00a0referencia a seis aspectos orientados \u00a0al \u00a0reconocimiento \u00a0de \u00a0su \u00a0inocencia 1. Su elecci\u00f3n \u00a0como \u00a0 \u00a0 \u00a0Presidente \u00a0 \u00a0 \u00a0del \u00a0 \u00a0 \u00a0Congreso, \u00a0hecho que cambi\u00f3 su vida. 2. \u00a0Composici\u00f3n \u00a0y \u00a0funcionamiento \u00a0de \u00a0su \u00a0esquema \u00a0de \u00a0seguridad. \u00a0 3. \u00a0 La \u00a0agenda \u00a0que realiz\u00f3 como \u00a0Presidente \u00a0del Senado. 4. \u00a0Cr\u00edtica \u00a0a \u00a0los \u00a0testimonios \u00a0de \u00a0cargo. \u00a0 \u00a0 \u00a0 5. \u00a0 \u00a0 \u00a0 An\u00e1lisis \u00a0electoral \u00a0teniendo \u00a0en \u00a0cuenta \u00a0que \u00a0se \u00a0ha afirmado en la \u00a0acusaci\u00f3n \u00a0fue \u00a0uno \u00a0de \u00a0los motivos para hacer los \u00a0acuerdos \u00a0con \u00a0el \u00a0grupo \u00a0armado ilegal, \u00a0 y \u00a0 6. \u00a0 Lo \u00a0 que \u00a0ha \u00a0sido, \u00a0es \u00a0y \u00a0ser\u00e1 su pensamiento. \u00a0\u00a0<\/p>\n<p>En relaci\u00f3n con \u00a0el \u00a0primer \u00a0aspecto, coment\u00f3 que desde el 7 de julio \u00a0de \u00a02001, \u00a0cuando fue postulado como candidato \u00fanico \u00a0a \u00a0la \u00a0Presidencia del Senado de la Rep\u00fablica, \u00a0 se \u00a0 le \u00a0asign\u00f3 \u00a0un \u00a0esquema de seguridad estricto, el \u00a0cual \u00a0 \u00a0 \u00a0 \u00a0se \u00a0 \u00a0 \u00a0 \u00a0le \u00a0 \u00a0 \u00a0 \u00a0reforz\u00f3 \u00a0el \u00a0d\u00eda \u00a0de \u00a0su \u00a0posesi\u00f3n, \u00a0con \u00a0 un \u00a0 agente \u00a0 de \u00a0la \u00a0Polic\u00eda en la puerta \u00a0de \u00a0su \u00a0casa, que anotaba \u00a0en \u00a0un libro las salidas y \u00a0llegadas \u00a0as\u00ed \u00a0como las \u00a0novedades. \u00a0 \u00a0Hecho \u00a0 que \u00a0 cambi\u00f3 \u00a0 su \u00a0vida \u00a0en cuanto perdi\u00f3 \u00a0 privacidad, \u00a0 pues \u00a0era \u00a0 imposible \u00a0 desprenderse \u00a0 de \u00a0 esa \u00a0 vigilancia \u00a0 aunque lo quisiera. \u00a0\u00a0<\/p>\n<p>A \u00a0partir \u00a0de \u00a0ese \u00a0momento \u00a0comenzaron \u00a0a \u00a0desarrollarse \u00a0actos p\u00fablicos de reconocimiento a la \u00a0persona, \u00a0efectuados \u00a0por \u00a0sus \u00a0paisanos y colegas, como lo ilustr\u00f3 \u00a0con \u00a0las \u00a0diapositivas \u00a0que present\u00f3 \u00a0durante \u00a0 su \u00a0 intervenci\u00f3n \u00a0en \u00a0donde \u00a0aparece \u00a0en \u00a0varios \u00a0 \u00a0 \u00a0actos \u00a0p\u00fablicos \u00a0 \u00a0efectuados \u00a0 en \u00a0 los \u00a0 Municipios \u00a0de \u00a0Ortega, Coyaima, Cajamarca, Chaparral, entre otros, \u00a0acompa\u00f1ado de su esquema de seguridad. \u00a0\u00a0<\/p>\n<p>En \u00a0 la \u00a0 misma \u00a0presentaci\u00f3n \u00a0 \u00a0mostr\u00f3 \u00a0 fotograf\u00edas \u00a0que \u00a0publicitaban \u00a0sus \u00a0visitas \u00a0a las diferentes poblaciones, \u00a0porque \u00a0 como \u00a0 lo \u00a0 dijo \u00a0el \u00a0doctor \u00a0Hernando \u00a0 \u00a0Hern\u00e1ndez \u00a0 Quintero, \u00a0hab\u00eda \u00a0 \u00a0un \u00a0 equipo \u00a0encargado \u00a0de \u00a0promocionar su presencia y visita para \u00a0que \u00a0no \u00a0pasara \u00a0desapercibido, y adem\u00e1s \u00a0 \u00a0 \u00a0lo \u00a0 \u00a0 precis\u00f3 \u00a0 \u00a0el \u00a0 \u00a0doctor \u00a0 \u00a0Julio \u00a0Baham\u00f3n, \u00a0la \u00a0 pol\u00edtica \u00a0 se \u00a0hace \u00a0para \u00a0que \u00a0la \u00a0gente \u00a0se \u00a0d\u00e9 cuenta. \u00a0\u00a0<\/p>\n<p>Mostr\u00f3 \u00a0 la \u00a0reuni\u00f3n \u00a0en \u00a0el \u00a0Club \u00a0Social \u00a0de \u00a0Purificaci\u00f3n, el 4 de\u00a0 noviembre de \u00a02001, \u00a0Municipio en donde se reunieron los liberales \u00a0para \u00a0apoyarlo, \u00a0destacando que en la gira de ese fin \u00a0de \u00a0 semana \u00a0 estuvo \u00a0 acompa\u00f1ado \u00a0por su familia. \u00a0\u00a0<\/p>\n<p>Agrup\u00f3 \u00a0los \u00a0 \u00a0 \u00a0viajes \u00a0 \u00a0 \u00a0en \u00a0 \u00a0 \u00a0helic\u00f3ptero \u00a0 \u00a0 as\u00ed: \u00a0 \u00a0 dos \u00a0 \u00a0 en \u00a0 \u00a0octubre, \u00a0 \u00a0dos \u00a0 en \u00a0noviembre \u00a0 \u00a0y \u00a0 \u00a0uno \u00a0 en \u00a0 diciembre \u00a0 de \u00a0 2001, \u00a0utilizando \u00a0siempre \u00a0los \u00a0servicios de la empresa Helicol. \u00a0\u00a0<\/p>\n<p>Expres\u00f3 \u00a0que \u00a0 \u00a0para \u00a0 \u00a0sus \u00a0 \u00a0desplazamientos \u00a0 \u00a0 \u00a0 el \u00a0 \u00a0 \u00a0 equipo \u00a0 \u00a0 \u00a0 de \u00a0 \u00a0 \u00a0 seguridad \u00a0 \u00a0 \u00a0 enviaba \u00a0 un \u00a0poligrama \u00a0a \u00a0 la \u00a0polic\u00eda \u00a0local, \u00a0anunciando \u00a0el \u00a0 vuelo \u00a0 y \u00a0 pidiendo \u00a0 reforzar \u00a0la seguridad en lugar. \u00a0\u00a0<\/p>\n<p>Insisti\u00f3 en que \u00a0solamente \u00a0 \u00a0 viaj\u00f3 \u00a0 \u00a0en \u00a0 \u00a0helic\u00f3ptero \u00a0de \u00a0Helicol y en una oportunidad con el doctor Gustavo \u00a0 \u00a0Canal \u00a0 \u00a0Mora, \u00a0 \u00a0 Ministro \u00a0 \u00a0de \u00a0 \u00a0Transporte \u00a0 de \u00a0ese \u00a0entonces. \u00a0En \u00a0tal \u00a0sentido, \u00a0trajo \u00a0 \u00a0 a \u00a0 \u00a0 colaci\u00f3n \u00a0las \u00a0certificaciones \u00a0expedidas por Aeroejecutivos \u00a0 \u00a0de \u00a0 Medell\u00edn, \u00a0 Vertical \u00a0 de \u00a0Aviaci\u00f3n, \u00a0Escatec Ltda de Cali, Sisval de que por \u00a0la \u00a0\u00e9poca del a\u00f1o 2001 \u00a0no \u00a0 contrataron \u00a0ning\u00fan \u00a0servicio \u00a0de \u00a0transporte \u00a0a\u00e9reo \u00a0 \u00a0 \u00a0 \u00a0 \u00a0con \u00a0 \u00a0 \u00a0 \u00a0 \u00a0\u00e9l. \u00a0\u00a0<\/p>\n<p>Trajo \u00a0 \u00a0 a \u00a0 \u00a0 colaci\u00f3n \u00a0que el Fiscal en la resoluci\u00f3n de \u00a0acusaci\u00f3n \u00a0 \u00a0lo \u00a0cuestion\u00f3 \u00a0por \u00a0las \u00a0actividades \u00a0del 30 \u00a0de \u00a0septiembre de 2001, porque el \u00a0poligrama \u00a0 \u00a0 enviado \u00a0 \u00a0 el \u00a0 \u00a0 d\u00eda \u00a0 \u00a0 \u00a0 \u00a0anterior, \u00a0avisaba \u00a0que \u00a0el \u00a0viaje \u00a0a \u00a0Ibagu\u00e9 \u00a0ser\u00eda \u00a0 \u00a0a \u00a0 \u00a0las \u00a0 18:00 \u00a0 horas \u00a0 en \u00a0un \u00a0vuelo \u00a0de \u00a0la \u00a0empresa Aires, \u00a0al \u00a0 \u00a0 \u00a0punto \u00a0que, \u00a0expres\u00f3 \u00a0 en \u00a0 el \u00a0 aludido \u00a0 prove\u00eddo, \u00a0 \u00a0 no \u00a0 \u00a0entend\u00eda \u00a0c\u00f3mo \u00a0pudo \u00a0desplazarse \u00a0a esa ciudad cuando se encontraba \u00a0gozando \u00a0de \u00a0permiso \u00a0autorizado por el Senado de la \u00a0Rep\u00fablica para viajar \u00a0a \u00a0los \u00a0Estados \u00a0Unidos \u00a0de \u00a0Am\u00e9rica \u00a0y, a la vez, \u00a0estar \u00a0 cumpliendo \u00a0una \u00a0importante agenda con \u00a0ocasi\u00f3n \u00a0de la visita a Colombia del Presidente de \u00a0la C\u00e1mara de Diputados \u00a0de \u00a0Italia, salvo que en el entonces presidente del \u00a0Senado estuviera presente el don de la ubicuidad. \u00a0\u00a0<\/p>\n<p>Sin embargo, el registro de viajes del DAS \u00a0certific\u00f3 \u00a0 \u00a0que \u00a0\u00e9l \u00a0 ingres\u00f3 \u00a0 al \u00a0pa\u00eds \u00a0el \u00a029 \u00a0de \u00a0septiembre de 2001, es decir, un \u00a0d\u00eda \u00a0 antes \u00a0de \u00a0culminar \u00a0el \u00a0permiso \u00a0concedido \u00a0por \u00a0la \u00a0Mesa \u00a0Directiva \u00a0del \u00a0Senado, motivo \u00a0 \u00a0 \u00a0por \u00a0 \u00a0 el \u00a0 \u00a0cual \u00a0 \u00a0pudo \u00a0 \u00a0asistir \u00a0 \u00a0a \u00a0todas \u00a0las actividades \u00a0programadas \u00a0 \u00a0 para \u00a0 \u00a0 el \u00a0 \u00a0d\u00eda \u00a0 \u00a0siguiente. \u00a0As\u00ed, \u00a0el almuerzo en el restaurante La Fragata con \u00a0el \u00a0 \u00a0 Presidente \u00a0 \u00a0 de \u00a0 \u00a0la \u00a0 \u00a0C\u00e1mara \u00a0de \u00a0Diputados \u00a0de \u00a0Italia \u00a0se \u00a0llev\u00f3 \u00a0 a \u00a0 cabo \u00a0 a \u00a0la \u00a01:00 \u00a0p.m., \u00a0 antes \u00a0 de \u00a0 viajar \u00a0 a \u00a0 la \u00a0 ciudad \u00a0de \u00a0Ibagu\u00e9 \u00a0a \u00a0las \u00a06:00 \u00a0p.m., \u00a0para asistir a los actos del 1\u00ba \u00a0de \u00a0octubre. \u00a0\u00a0<\/p>\n<p>Se \u00a0quej\u00f3 de \u00a0que \u00a0 el \u00a0 Fiscal \u00a0 tambi\u00e9n \u00a0manifest\u00f3 \u00a0 en \u00a0 la \u00a0acusaci\u00f3n \u00a0que \u00a0es \u00a0un \u00a0misterio \u00a0las \u00a0actividades del 23 de diciembre de \u00a02001, \u00a0 frente \u00a0 a \u00a0 lo \u00a0 cual \u00a0 responde \u00a0que \u00a0ese \u00a0d\u00eda viaj\u00f3 a la ciudad \u00a0de \u00a0Cartagena \u00a0para el per\u00edodo de navidad, en donde \u00a0recibi\u00f3 \u00a0a \u00a0su \u00a0esposa y a sus dos hijos, tal como \u00a0aparece \u00a0 \u00a0 \u00a0demostrado \u00a0 \u00a0 \u00a0en \u00a0 \u00a0 el \u00a0 \u00a0 expediente \u00a0 \u00a0 con \u00a0 \u00a0 los \u00a0sellos \u00a0de \u00a0los pasaportes. En el \u00a0mismo \u00a0sentido, destac\u00f3 \u00a0que \u00a0 \u00a0el \u00a0 \u00a0Mayor \u00a0 \u00a0Israel \u00a0 Robayo \u00a0 \u00a0y \u00a0 \u00a0el \u00a0 agente \u00a0 Fernando \u00a0Arenas hicieron la avanzada \u00a0de \u00a0 la \u00a0seguridad \u00a0a \u00a0Cartagena, \u00a0mientras \u00a0el \u00a0resto \u00a0del \u00a0esquema \u00a0protectivo \u00a0permaneci\u00f3 \u00a0 \u00a0en \u00a0Bogot\u00e1 \u00a0 \u00a0 \u00a0 \u00a0 \u00a0 \u00a0acompa\u00f1\u00e1ndolo. \u00a0 \u00a0Se \u00a0 \u00a0agreg\u00f3 \u00a0 \u00a0a \u00a0 \u00a0lo \u00a0anterior \u00a0 \u00a0 \u00a0el \u00a0 \u00a0 documento \u00a0 \u00a0 oficial \u00a0a \u00a0trav\u00e9s \u00a0del \u00a0cual se le \u00a0asign\u00f3 al agente \u00a0 \u00a0 \u00a0 \u00a0 \u00a0Gustavo \u00a0Vargas \u00a0por parte \u00a0 \u00a0de \u00a0 la \u00a0 Polic\u00eda \u00a0 \u00a0 \u00a0Nacional \u00a0 \u00a0 \u00a0para \u00a0 \u00a0 su \u00a0protecci\u00f3n \u00a0 en \u00a0la \u00a0ciudad \u00a0caribe\u00f1a, \u00a0como \u00a0lo \u00a0muestra en el \u00a0 \u00a0 \u00a0 \u00a0consecutivo \u00a0 \u00a0 \u00a0 \u00a0de \u00a0 \u00a0 \u00a0 la \u00a0 \u00a0 \u00a0 agenda, \u00a0 \u00a0 \u00a0los \u00a0 \u00a0 \u00a0d\u00edas 24 a 28 del aludido mes. \u00a0\u00a0<\/p>\n<p>En \u00a0consecuencia, \u00a0tampoco hay motivo para \u00a0que \u00a0 \u00a0 \u00a0 \u00a0 \u00a0la \u00a0 \u00a0 \u00a0 \u00a0 Fiscal\u00eda \u00a0 \u00a0hubiese \u00a0 \u00a0cuestionado \u00a0 \u00a0los \u00a0vi\u00e1ticos \u00a0 \u00a0 pagados \u00a0 \u00a0 al \u00a0 \u00a0entonces \u00a0 Mayor \u00a0 Robayo \u00a0por \u00a0 los \u00a0d\u00edas \u00a019, \u00a020 \u00a0y \u00a021 \u00a0de \u00a0diciembre \u00a0de 2001 en la \u00a0ciudad \u00a0 \u00a0 de \u00a0 \u00a0 Cartagena \u00a0 \u00a0 a \u00a0 \u00a0d\u00f3nde \u00a0 \u00a0se \u00a0traslad\u00f3 en avanzada de la seguridad. \u00a0\u00a0<\/p>\n<p>As\u00ed mismo en \u00a0el \u00a0 \u00a0folio \u00a0 \u00a099 \u00a0 del \u00a0 anexo \u00a0 20, \u00a0 est\u00e1 \u00a0 la \u00a0relaci\u00f3n \u00a0 \u00a0 \u00a0de \u00a0 \u00a0 \u00a0los \u00a0 \u00a0 vi\u00e1ticos \u00a0 \u00a0de \u00a0 los \u00a0 d\u00edas \u00a01, \u00a02, \u00a014, \u00a015 y 16 de diciembre \u00a0por \u00a0 \u00a0 viajes \u00a0 \u00a0 al \u00a0 \u00a0 Tolima \u00a0 \u00a0sin \u00a0 \u00a0 que \u00a0 \u00a0 obren \u00a0los \u00a0mencionados \u00a0por \u00a0el Fiscal 8 Delegado ante la Corte en el \u00a0folio \u00a0 \u00a0176 \u00a0 \u00a0del \u00a0 \u00a0cuaderno \u00a0 \u00a0de la acusaci\u00f3n. \u00a0\u00a0<\/p>\n<p>\u00a0 \u00a0\u00a0 \u00a0 \u00a0Finalmente, \u00a0 luego \u00a0de \u00a0hacer \u00a0una \u00a0juiciosa \u00a0 cr\u00edtica \u00a0a \u00a0los \u00a0testimonios \u00a0de \u00a0cargo \u00a0destacando \u00a0 las \u00a0 contradicciones \u00a0en \u00a0las \u00a0cuales \u00a0incurren \u00a0 \u00a0unos \u00a0 \u00a0y \u00a0 \u00a0otros \u00a0 \u00a0debilitando \u00a0 el \u00a0m\u00e9rito \u00a0 suasorio \u00a0 que \u00a0les \u00a0otorg\u00f3 \u00a0 \u00a0 \u00a0la \u00a0 \u00a0 Fiscal\u00eda \u00a0 en \u00a0 la \u00a0resoluci\u00f3n \u00a0de \u00a0acusaci\u00f3n, \u00a0se\u00f1al\u00f3 \u00a0cu\u00e1l \u00a0 \u00a0ha \u00a0 \u00a0sido \u00a0 \u00a0su \u00a0 \u00a0posici\u00f3n \u00a0 pol\u00edtica \u00a0frente \u00a0al \u00a0conflicto \u00a0interno \u00a0que vive el pa\u00eds, pues para \u00e9l \u00a0a \u00a0los \u00a0paramilitares \u00a0no \u00a0se \u00a0les \u00a0puede aplicar el \u00a0 \u00a0 delito \u00a0 \u00a0 pol\u00edtico \u00a0 \u00a0de \u00a0sedici\u00f3n \u00a0porque \u00a0ellos no se sublevaron contra el \u00a0Estado \u00a0 \u00a0sino \u00a0 \u00a0que \u00a0 defendieron \u00a0 su \u00a0 statuto \u00a0quo, \u00a0 as\u00ed \u00a0 mismo \u00a0asegur\u00f3 que la paz se \u00a0logra \u00a0con \u00a0reformas estructurales que deben incluir \u00a0a \u00a0todos \u00a0los \u00a0sectores \u00a0de la poblaci\u00f3n. \u00a0\u00a0<\/p>\n<p>3. \u00a0 El \u00a0defensor. \u00a0\u00a0<\/p>\n<p>Hizo \u00a0referencia \u00a0 \u00a0 \u00a0 \u00a0a \u00a0 \u00a0 \u00a0 los \u00a0 \u00a0 \u00a0 siguientes \u00a0 \u00a0 \u00a0 aspectos \u00a0 \u00a0 \u00a0 (i) \u00a0 \u00a0 \u00a0la \u00a0 \u00a0 \u00a0l\u00ednea \u00a0 \u00a0jurisprudencial \u00a0 \u00a0de \u00a0 \u00a0la \u00a0 \u00a0Corte \u00a0 Suprema \u00a0de \u00a0Justicia \u00a0en \u00a0relaci\u00f3n con el \u00a0delito \u00a0 de \u00a0 concierto \u00a0 para \u00a0 delinquir, \u00a0 (ii) \u00a0critic\u00f3 \u00a0 \u00a0 la \u00a0resoluci\u00f3n \u00a0 \u00a0 \u00a0de \u00a0 \u00a0 \u00a0acusaci\u00f3n, \u00a0tanto \u00a0de \u00a0primera \u00a0como \u00a0de segunda instancia, realzando las \u00a0contradicciones \u00a0que cada una ostenta, (iii) \u00a0 \u00a0 \u00a0 plante\u00f3 \u00a0que \u00a0en \u00a0este \u00a0caso \u00a0se configura la atipicidad por ausencia de \u00a0conducta, \u00a0 \u00a0 \u00a0 \u00a0 \u00a0(iv) \u00a0 \u00a0 \u00a0 \u00a0 critic\u00f3 \u00a0los \u00a0testimonios \u00a0de cargo \u00a0los \u00a0 cuales \u00a0 debido \u00a0 a \u00a0 sus \u00a0 contradicciones, \u00a0afirm\u00f3, \u00a0no \u00a0merecen \u00a0credibilidad \u00a0y (v) \u00a0 \u00a0como \u00a0 corolario, \u00a0 \u00a0 \u00a0 \u00a0 \u00a0 \u00a0solicit\u00f3 \u00a0se \u00a0absuelva \u00a0al procesado \u00a0por \u00a0 \u00a0inexistencia \u00a0 \u00a0de \u00a0 \u00a0la \u00a0 \u00a0conducta \u00a0 punible \u00a0 que \u00a0 se \u00a0 le atribuy\u00f3. \u00a0\u00a0<\/p>\n<p>I. De acuerdo \u00a0con \u00a0la \u00a0jurisprudencia de la Sala, se\u00f1al\u00f3, \u00a0 hay \u00a0tres \u00a0dimensiones \u00a0del \u00a0concierto \u00a0para \u00a0delinquir \u00a0agravado, la ideol\u00f3gica \u00a0caracterizada \u00a0 por \u00a0 la \u00a0 firma \u00a0de \u00a0acuerdos \u00a0que \u00a0contienen \u00a0pactos \u00a0que \u00a0consolidan \u00a0activamente \u00a0la \u00a0presencia \u00a0paramilitar. \u00a0La \u00a0econ\u00f3mica, \u00a0 cuando \u00a0 se \u00a0 entregan \u00a0 dineros \u00a0 o \u00a0la \u00a0 \u00a0promesa \u00a0 de \u00a0entregarlos; \u00a0y \u00a0la \u00a0pol\u00edtica conforme con la cual \u00a0los \u00a0aspirantes \u00a0a corporaciones p\u00fablicas buscan la \u00a0promoci\u00f3n \u00a0 \u00a0 \u00a0ilegal \u00a0 \u00a0 \u00a0de \u00a0 \u00a0 sus \u00a0candidaturas \u00a0consolidando \u00a0sus \u00a0aspiraciones \u00a0mientras \u00a0los \u00a0paramilitares \u00a0colocan \u00a0la \u00a0funci\u00f3n p\u00fablica a su servicio. \u00a0\u00a0<\/p>\n<p>Dentro \u00a0 \u00a0de \u00a0 \u00a0esta \u00a0 \u00faltima \u00a0 se \u00a0 encuentran \u00a0 ocho \u00a0 comportamientos \u00a0que \u00a0llenan \u00a0de \u00a0contenido \u00a0ese \u00a0verbo \u00a0promover: \u00a0\u00a0<\/p>\n<p>1. \u00a0Firmar \u00a0o \u00a0suscribir \u00a0acuerdos \u00a0que \u00a0contengan \u00a0 pactos \u00a0 de \u00a0 naturaleza \u00a0ideol\u00f3gica, \u00a0 que \u00a0 consolidan \u00a0 activamente \u00a0 la \u00a0 influencia \u00a0 del \u00a0grupo \u00a0ilegal. \u00a0\u00a0<\/p>\n<p>2. \u00a0La entrega de dineros o la promesa de \u00a0entregarlos. \u00a0\u00a0<\/p>\n<p>3. \u00a0 \u00a0 \u00a0La\u00a0 \u00a0 \u00a0 influencia \u00a0 \u00a0significativa \u00a0 o \u00a0 control \u00a0 paramilitar \u00a0 de \u00a0 la \u00a0regi\u00f3n, \u00a0 que \u00a0 en \u00a0 el \u00a0 caso \u00a0 bajo \u00a0examen \u00a0no \u00a0ten\u00eda \u00a0 el \u00a0 bloque \u00a0Tolima, \u00a0porque para el a\u00f1o 2001 apenas contaba con \u00a0treinta \u00a0hombres, \u00a0estaba \u00a0en proceso de formaci\u00f3n, \u00a0luego \u00a0 no \u00a0pod\u00eda \u00a0ejercer \u00a0pleno \u00a0dominio \u00a0en \u00a0el \u00a0Departamento \u00a0 \u00a0 del \u00a0 \u00a0 Tolima, \u00a0 \u00a0 como \u00a0 \u00a0 lo \u00a0afirm\u00f3 \u00a0 indiscriminadamente \u00a0 la \u00a0 Fiscal\u00eda \u00a0en \u00a0 \u00a0la \u00a0 \u00a0resoluci\u00f3n \u00a0 de \u00a0 acusaci\u00f3n. \u00a0\u00a0<\/p>\n<p>4. \u00a0 \u00a0Haber \u00a0 existido \u00a0 candidaturas \u00a0\u00fanicas \u00a0 para \u00a0 cargos \u00a0 de \u00a0elecci\u00f3n \u00a0 \u00a0popular. \u00a0 \u00a0Sin \u00a0 \u00a0que \u00a0 \u00e9ste \u00a0fen\u00f3meno \u00a0se hubiese presentado, luego se trata de \u00a0un \u00a0elemento \u00a0que debe servir como argumento a favor \u00a0en \u00a0cuanto corresponde a un indicio de descargo y no \u00a0de cargo. \u00a0\u00a0<\/p>\n<p>5. Ejercer por \u00a0parte \u00a0 del \u00a0 grupo \u00a0 paramilitar \u00a0 el \u00a0 control \u00a0 de \u00a0 la \u00a0votaci\u00f3n y del electorado. \u00a0\u00a0<\/p>\n<p>6. \u00a0 La \u00a0 existencia \u00a0 de \u00a0 una \u00a0 estructura \u00a0 de \u00a0 distritos \u00a0 electorales \u00a0 ilegales \u00a0 o \u00a0sectorizaci\u00f3n electoral en las zonas de influencia \u00a0que favorecieron a sus candidatos \u00a0\u00a0<\/p>\n<p>El \u00a0 \u00a0 \u00a0testigo \u00a0 \u00a0 \u00a0Jos\u00e9 \u00a0Albeiro \u00a0 Garc\u00eda \u00a0se \u00a0contradice, \u00a0 teniendo \u00a0en \u00a0cuenta \u00a0que \u00a0 en \u00a0 el \u00a0proceso \u00a028.779 \u00a0asever\u00f3 que solamente apoyaban \u00a0a \u00a0 \u00a0 \u00a0 \u00a0Pompilio \u00a0 \u00a0 \u00a0 \u00a0Avenda\u00f1o; \u00a0empero, \u00a0ahora dice que apoyaron \u00a0al \u00a0 doctor \u00a0 Garc\u00eda \u00a0Orjuela. \u00a0\u00a0<\/p>\n<p>7. Producir un \u00a0incremento \u00a0 significativo \u00a0 en \u00a0 las \u00a0 votaciones. \u00a0 En \u00a0 este \u00a0 caso, \u00a0la \u00a0tendencia \u00a0de \u00a0votaci\u00f3n de \u00a0Carlos \u00a0Armando Garc\u00eda \u00a0Orjuela \u00a0tuvo \u00a0un decrecimiento importante desde el \u00a0a\u00f1o \u00a0 \u00a0 98 \u00a0 \u00a0 hasta \u00a0 \u00a0 2006, \u00a0 \u00a0argumento \u00a0 \u00a0 que \u00a0 \u00a0 debe \u00a0 \u00a0 ser \u00a0 \u00a0utilizado,\u00a0 \u00a0 \u00a0 \u00a0 en \u00a0 \u00a0 \u00a0 criterio \u00a0 \u00a0 \u00a0de \u00a0 \u00a0 \u00a0la \u00a0 \u00a0 \u00a0defensa, \u00a0como indicio de descargo, pues no \u00a0hubo incremento de las votaciones. \u00a0\u00a0<\/p>\n<p>8. Dificultad \u00a0acreditada \u00a0 de \u00a0 seguridad \u00a0 para \u00a0 el \u00a0 ejercicio \u00a0 de \u00a0 la \u00a0pol\u00edtica \u00a0 en \u00a0zonas \u00a0de \u00a0influencia \u00a0paramilitar, \u00a0elemento \u00a0que \u00a0no \u00a0concurre \u00a0en \u00a0este caso, \u00a0en \u00a0donde \u00a0los \u00a0testigos \u00a0tratan \u00a0de \u00a0inducir \u00a0en \u00a0error \u00a0a la Corte, \u00a0porque \u00a0tienen inter\u00e9s dentro del \u00a0proceso, \u00a0para ganar beneficios, los testimonios son \u00a0sospechosos \u00a0por \u00a0la \u00a0calidad \u00a0moral \u00a0de \u00a0los testigos y deben ser abordados con \u00a0recelo, \u00a0y \u00a0los cuatro testimonios \u00a0 \u00a0pugnan \u00a0 \u00a0con \u00a0 \u00a0lo \u00a0 \u00a0dicho \u00a0 \u00a0por \u00a0 \u00a0el \u00a0 \u00a0Presidente \u00a0 \u00a0 \u00a0Andr\u00e9s \u00a0 \u00a0 Pastrana \u00a0 \u00a0Arango, \u00a0 \u00a0el \u00a0 \u00a0doctor \u00a0 Germ\u00e1n \u00a0Vargas \u00a0Lleras \u00a0 \u00a0y\u00a0 \u00a0 \u00a0el \u00a0 \u00a0General \u00a0 Luis \u00a0Ernesto \u00a0 \u00a0Gilibert \u00a0Vargas. \u00a0\u00a0<\/p>\n<p>9. \u00a0 La \u00a0 existencia \u00a0 de \u00a0un \u00a0precedente jurisprudencial que \u00a0declare \u00a0 la \u00a0 comandancia \u00a0 e \u00a0influencia \u00a0de \u00a0los \u00a0testigos \u00a0de \u00a0cargo \u00a0en \u00a0la \u00a0regi\u00f3n \u00a0en \u00a0la \u00a0que se desarrolla el caso. En este \u00a0asunto, \u00a0tres \u00a0de \u00a0los \u00a0testigos \u00a0tienen \u00a0una empresa criminal montada desde \u00a0las \u00a0 \u00a0c\u00e1rceles, \u00a0 desde \u00a0 donde \u00a0 extorsionaban \u00a0pol\u00edticos a cambio de no involucrarlos en procesos \u00a0por paramilitarismo. \u00a0\u00a0<\/p>\n<p>10. \u00a0 \u00a0 \u00a0 \u00a0 \u00a0La \u00a0influencia \u00a0paramilitar \u00a0en \u00a0las \u00a0estructuras \u00a0 pol\u00edticas \u00a0regionales \u00a0y \u00a0 \u00a0 \u00a0la \u00a0 \u00a0 relaci\u00f3n \u00a0 \u00a0 \u00a0 del \u00a0 \u00a0 \u00a0procesado \u00a0 \u00a0 \u00a0con \u00a0 \u00a0 \u00a0dichas \u00a0 \u00a0 \u00a0estructuras. \u00a0 \u00a0 \u00a0 \u00a0 \u00a0 Al \u00a0 \u00a0 \u00a0 \u00a0 \u00a0respecto \u00a0 \u00a0 \u00a0 \u00a0 \u00a0asegur\u00f3 que con cuarenta hombres no \u00a0se \u00a0 \u00a0 \u00a0 pod\u00edan \u00a0 \u00a0 \u00a0dominar \u00a0 \u00a0 \u00a0230.000 \u00a0 \u00a0kil\u00f3metros \u00a0 cuadrados. \u00a0La \u00a0 \u00a0 \u00a0 \u00a0 \u00a0 \u00a0 \u00a0 Fiscal\u00eda nunca pudo probar dicho dominio en \u00a0la \u00a0regi\u00f3n, todos los testigos de cargo afirman lo \u00a0contrario. \u00a0\u00a0<\/p>\n<p>Los \u00a0testigos \u00a0que \u00a0incriminan \u00a0al \u00a0procesado han querido mantener \u00a0un \u00a0 mismo \u00a0 hilo \u00a0 de \u00a0 argumentaci\u00f3n, \u00a0 \u00a0pero \u00a0 han \u00a0 mostrado \u00a0 incongruencias \u00a0 intr\u00ednsecas \u00a0en el testimonio. \u00a0\u00a0<\/p>\n<p>Y \u00a0 \u00a0 \u00a0 \u00a0 \u00a0remont\u00e1ndose al aval otorgado por el \u00a0procesado \u00a0 a \u00a0 Julio \u00a0Correcha \u00a0 Sarta, \u00a0ex \u00a0Alcalde \u00a0 \u00a0 \u00a0 \u00a0 \u00a0 de \u00a0 \u00a0 \u00a0 \u00a0 \u00a0Purificaci\u00f3n, \u00a0 \u00a0 \u00a0expres\u00f3 \u00a0que para la \u00e9poca \u00a0 en \u00a0 que \u00a0 fue \u00a0 electo \u00a0 los \u00a0 avales \u00a0 se \u00a0 pod\u00edan \u00a0 \u00a0obtener \u00a0 \u00a0por \u00a0 varios \u00a0movimientos \u00a0a \u00a0la \u00a0vez, \u00a0siendo en todo caso lo cierto que tal mandatario local \u00a0fue condenado por FARC-pol\u00edtica \u00a0\u00a0<\/p>\n<p>II. \u00a0En \u00a0la \u00a0resoluci\u00f3n \u00a0 \u00a0 \u00a0de \u00a0 \u00a0 \u00a0acusaci\u00f3n, \u00a0los \u00a0funcionarios \u00a0de \u00a0primero \u00a0y \u00a0segundo \u00a0grado incurrieron \u00a0en \u00a0 contradicciones \u00a0protuberantes \u00a0 \u00a0en \u00a0 la \u00a0 valoraci\u00f3n \u00a0de \u00a0la \u00a0prueba, \u00a0al \u00a0punto \u00a0que se \u00a0invirti\u00f3 \u00a0 la \u00a0 carga \u00a0de \u00a0la \u00a0misma \u00a0 \u00a0 \u00a0 porque \u00a0se \u00a0dio \u00a0credibilidad \u00a0a \u00a0los \u00a0testimonios \u00a0de \u00a0cargo \u00a0a \u00a0pesar \u00a0de \u00a0los \u00a0desaguisados en que incurrieron. \u00a0\u00a0<\/p>\n<p>III. \u00a0 Las \u00a0reuniones \u00a0 \u00a0 \u00a0nunca \u00a0 \u00a0 \u00a0sucedieron. \u00a0 \u00a0 Los \u00a0 \u00a0testigos \u00a0 \u00a0dan \u00a0 \u00a0versiones \u00a0 \u00a0distintas \u00a0 de \u00a0 los \u00a0 hechos. \u00a0 La \u00a0 defensa \u00a0 ha \u00a0 sido \u00a0coherente \u00a0con \u00a0los \u00a0dem\u00e1s defensores \u00a0que han conocido del proceso, el cruce de fechas de \u00a0la \u00a0agenda \u00a0del \u00a0Senador \u00a0no \u00a0coincide \u00a0con \u00a0las versiones de los testigos, en \u00a0tal \u00a0sentido afirm\u00f3 es importante rescatar el valor \u00a0probatorio \u00a0 de \u00a0 la \u00a0 agenda \u00a0 del \u00a0 doctor \u00a0 \u00a0 \u00a0 Garc\u00eda Orjuela en el juicio. \u00a0\u00a0<\/p>\n<p>IV. \u00a0 Las \u00a0preguntas \u00a0efectuadas \u00a0en la fase de la instrucci\u00f3n \u00a0a \u00a0 los \u00a0 testigos \u00a0 de \u00a0 cargo \u00a0 son \u00a0 sugestivas, \u00a0adem\u00e1s \u00a0 de \u00a0 que \u00a0 ellos \u00a0intentaron \u00a0posicionarse \u00a0como \u00a0comandantes \u00a0y \u00a0altos \u00a0mandos \u00a0dentro de la \u00a0estructura \u00a0paramilitar tratando de mostrar dominio \u00a0absoluto \u00a0en \u00a0el Departamento el Tolima para el a\u00f1o \u00a02001, con la finalidad \u00a0de obtener beneficios judiciales. \u00a0\u00a0<\/p>\n<p>Pidi\u00f3 \u00a0descartar \u00a0el \u00a0video \u00a0de Noticias Uno como prueba por ser contradictorio con los \u00a0testimonios \u00a0del \u00a0proceso, \u00a0o \u00a0que \u00a0por lo menos se \u00a0controvierta \u00a0 con \u00a0 las \u00a0 dem\u00e1s \u00a0 declaraciones. \u00a0\u00a0<\/p>\n<p>La \u00a0 \u00a0 \u00a0 Fiscal\u00eda \u00a0 \u00a0 \u00a0 argument\u00f3 \u00a0 \u00a0 que \u00a0 \u00a0 el \u00a0 \u00a0 Senador \u00a0nunca \u00a0se \u00a0opuso a la ley de justicia y paz circunstancia \u00a0que \u00a0tuvo en cuenta en \u00a0contra \u00a0de \u00a0su procurado, en consecuencia para demostrar su posici\u00f3n \u00a0 \u00a0 al \u00a0 \u00a0 respecto \u00a0 \u00a0trae \u00a0 \u00a0a \u00a0colaci\u00f3n \u00a0el \u00a0discurso \u00a0que pronunci\u00f3 \u00a0el 20 de octubre de 2001 en el Municipio de Coyaima, en el cual \u00a0asegur\u00f3 \u00a0que \u00a0la \u00a0paz \u00a0se \u00a0hace \u00a0con programas, se \u00a0construye \u00a0con \u00a0trabajo, \u00a0los \u00a0debates \u00a0se hacen con palabras, jam\u00e1s con las armas. \u00a0\u00a0<\/p>\n<p>V. \u00a0 En \u00a0conclusi\u00f3n \u00a0 de \u00a0 lo \u00a0expuesto, \u00a0solicit\u00f3 se \u00a0profiera \u00a0 a \u00a0 favor \u00a0 del \u00a0doctor \u00a0Carlos \u00a0Armando \u00a0Garc\u00eda \u00a0 \u00a0Orjuela \u00a0sentencia \u00a0 absolutoria \u00a0 por \u00a0 ausencia \u00a0 de \u00a0conducta, \u00a0porque \u00a0\u00e9ste \u00a0nunca \u00a0asisti\u00f3 a las reuniones \u00a0referidas por los testigos de cargo. \u00a0\u00a0<\/p>\n<p>CONSIDERACIONES \u00a0\u00a0<\/p>\n<p>\u00a0 \u00a0\u00a0 \u00a0 \u00a0En \u00a0 orden \u00a0a \u00a0resolver \u00a0lo \u00a0que \u00a0en \u00a0derecho \u00a0 corresponde \u00a0en \u00a0este \u00a0asunto, \u00a0la \u00a0Corte \u00a0nuevamente \u00a0 \u00a0 \u00a0 har\u00e1 \u00a0 \u00a0 \u00a0referencia \u00a0 \u00a0 \u00a0 a \u00a0 \u00a0 \u00a0(i) \u00a0la \u00a0competencia, \u00a0(ii)\u00a0 \u00a0la configuraci\u00f3n \u00a0del \u00a0delito \u00a0 \u00a0 de \u00a0 \u00a0concierto \u00a0 \u00a0para \u00a0 \u00a0delinquir \u00a0 \u00a0agravado \u00a0 \u00a0y \u00a0 \u00a0(iii) \u00a0 la \u00a0 situaci\u00f3n \u00a0jur\u00eddica del doctor Carlos \u00a0 Armando \u00a0 Garc\u00eda \u00a0Orjuela \u00a0en relaci\u00f3n \u00a0 \u00a0 \u00a0 con \u00a0 \u00a0 \u00a0las \u00a0 \u00a0 \u00a0exigencias \u00a0 \u00a0 del \u00a0 \u00a0 art\u00edculo \u00a0 \u00a0 232 \u00a0 \u00a0 del \u00a0C\u00f3digo de Procedimiento Penal. \u00a0\u00a0<\/p>\n<p>1. \u00a0 La \u00a0Competencia \u00a0\u00a0<\/p>\n<p>Aunque el tema se encuentra suficientemente \u00a0dilucidado \u00a0 en \u00a0 este \u00a0 asunto, \u00a0 se \u00a0 reitera \u00a0 que \u00a0 con \u00a0fundamento \u00a0en \u00a0los \u00a0art\u00edculos \u00a0 \u00a0180 \u00a0 \u00a0y \u00a0 \u00a0235 \u00a0 de \u00a0 la \u00a0 \u00a0 \u00a0Constituci\u00f3n \u00a0 \u00a0 \u00a0 \u00a0 Pol\u00edtica \u00a0y \u00a075, \u00a0numeral \u00a07 de la Ley 600 de \u00a02000, \u00a0 la \u00a0 Sala \u00a0de \u00a0Casaci\u00f3n \u00a0Penal conoce de los procesos penales que \u00a0se \u00a0 adelanten \u00a0 contra \u00a0 congresistas, \u00a0 \u00a0tanto \u00a0 de \u00a0 la \u00a0 fase \u00a0 de \u00a0 la \u00a0 investigaci\u00f3n \u00a0como la del juicio, siempre que la conducta punible que se les \u00a0atribuya \u00a0tenga relaci\u00f3n con su funci\u00f3n. \u00a0\u00a0<\/p>\n<p>En \u00a0este \u00a0sentido, la Sala en decisi\u00f3n \u00a0 \u00a0 \u00a0 \u00a0de \u00a0 1\u00ba \u00a0de \u00a0septiembre \u00a0de \u00a02009, \u00a0vari\u00f3 \u00a0su \u00a0posici\u00f3n \u00a0jurisprudencial \u00a0conforme \u00a0con la cual sosten\u00eda que \u00a0perd\u00eda competencia para investigar y juzgar cuando \u00a0el \u00a0 \u00a0 congresista \u00a0abandonaba \u00a0 su \u00a0 curul \u00a0 por \u00a0 renuncia \u00a0 o \u00a0 vencimiento \u00a0 del \u00a0per\u00edodo \u00a0 \u00a0 \u00a0 \u00a0constitucional, \u00a0en \u00a0 \u00a0tal \u00a0 sentido \u00a0precis\u00f3: \u00a0\u00a0<\/p>\n<p>Ciertamente, \u00a0 \u00a0respecto \u00a0 \u00a0de \u00a0 \u00a0los \u00a0\u201cdelitos \u00a0propios\u201d \u00a0el \u00a0fuero \u00a0congresional \u00a0se mantiene en cuanto se trate de conducta inherente al \u00a0ejercicio \u00a0 \u00a0de \u00a0 \u00a0la \u00a0 funci\u00f3n \u00a0 p\u00fablica \u00a0 \u00a0que \u00a0 \u00a0corresponde \u00a0 \u00a0a \u00a0 senadores \u00a0 y \u00a0 representantes \u00a0(art\u00edculo 150 y ss. de \u00a0la \u00a0 \u00a0 \u00a0 \u00a0 \u00a0Carta \u00a0 \u00a0 \u00a0 \u00a0 Pol\u00edtica), pero a la par de ello se debe \u00a0acudir \u00a0 \u00a0al \u00a0 \u00a0referido\u00a0 \u00a0 \u00a0par\u00e1grafo \u00a0 del \u00a0art\u00edculo \u00a0235 \u00a0de \u00a0la \u00a0Constituci\u00f3n cuando no \u00a0se \u00a0 trata \u00a0 de \u00a0\u201cdelitos \u00a0propios\u201d, \u00a0sino \u00a0de \u00a0punibles \u00a0\u201cque tengan \u00a0relaci\u00f3n \u00a0con \u00a0las funciones desempe\u00f1adas\u201d \u00a0por \u00a0los \u00a0congresistas, siempre que de su contexto \u00a0se \u00a0advierta \u00a0el v\u00ednculo con la funci\u00f3n \u00a0 \u00a0 p\u00fablica \u00a0 \u00a0 propia \u00a0 \u00a0 del \u00a0Congreso. \u00a0\u00a0<\/p>\n<p>La \u00a0relaci\u00f3n \u00a0del \u00a0 delito \u00a0 con \u00a0 la \u00a0 funci\u00f3n \u00a0p\u00fablica \u00a0tiene lugar cuando se realiza por cuenta del servicio, con \u00a0ocasi\u00f3n \u00a0del \u00a0mismo \u00a0o \u00a0en \u00a0ejercicio de funciones \u00a0inherentes al cargo; esto es, que la conducta tenga \u00a0origen \u00a0en la actividad congresional, o que sea necesaria consecuencia, o que el \u00a0ejercicio \u00a0de \u00a0las \u00a0funciones \u00a0propias \u00a0del congresista se constituya en medio y \u00a0oportunidad \u00a0propicia \u00a0para\u00a0 \u00a0la ejecuci\u00f3n del \u00a0punible, \u00a0 o \u00a0 que \u00a0represente un desviado o abusivo ejercicio de funciones. \u00a0\u00a0<\/p>\n<p>Tal \u00a0es \u00a0el \u00a0caso \u00a0de \u00a0los \u00a0congresista a \u00a0quienes \u00a0se \u00a0les imputa la conducta de concierto para delinquir agravado por sus \u00a0eventuales \u00a0 v\u00ednculos \u00a0 con \u00a0 miembros \u00a0 de \u00a0 las \u00a0autodefensas cuando ya \u00a0ocupaban \u00a0una \u00a0curul en el Congreso de la \u00a0 \u00a0 \u00a0 Rep\u00fablica, \u00a0proceder \u00a0que si bien no es propio de sus funciones, en cuanto \u00a0reunirse \u00a0 \u00a0con \u00a0 \u00a0delincuentes \u00a0 \u00a0para \u00a0 \u00a0orquestar \u00a0 la \u00a0 comisi\u00f3n \u00a0de \u00a0delitos \u00a0no \u00a0es \u00a0ni podr\u00e1 ser \u00a0inherente \u00a0 \u00a0 \u00a0al \u00a0 \u00a0 \u00e1mbito \u00a0 \u00a0 funcional \u00a0 de \u00a0 dicha \u00a0 Corporaci\u00f3n, \u00a0s\u00ed \u00a0pone \u00a0de presente, \u00a0de \u00a0un \u00a0lado, que posiblemente hac\u00eda parte de dicha \u00a0organizaci\u00f3n \u00a0 criminal, \u00a0 y \u00a0 de \u00a0otro, \u00a0que \u00a0de \u00a0conformidad \u00a0con \u00a0la \u00a0forma en que operaba la misma, se trataba presuntamente de \u00a0un \u00a0miembro \u00a0calificado\u00a0 \u00a0de \u00a0la \u00a0misma \u00a0a \u00a0quien \u00a0correspond\u00eda \u00a0 \u00a0 \u00a0 aportar \u00a0 \u00a0 \u00a0 dentro \u00a0 \u00a0 \u00a0 de \u00a0 \u00a0 \u00a0su \u00a0 \u00a0 \u00a0\u00e1mbito \u00a0 \u00a0 \u00a0 \u00a0 \u00a0funcional. \u00a0\u00a0<\/p>\n<p>El \u00a0 anterior \u00a0 aserto \u00a0cobra \u00a0especial \u00a0val\u00eda si se tiene en cuenta que de conformidad con \u00a0las \u00a0reglas \u00a0de \u00a0la \u00a0experiencia, \u00a0en \u00a0una \u00a0empresa \u00a0delictiva \u00a0dada \u00a0cada quien aporta aquello de lo que \u00a0tiene. \u00a0 \u00a0 \u00a0As\u00ed \u00a0 \u00a0 \u00a0pues, \u00a0 \u00a0 \u00a0el \u00a0 \u00a0 sicario \u00a0contribuir\u00e1 \u00a0con \u00a0la \u00a0muerte material de \u00a0personas; \u00a0el \u00a0experto \u00a0en \u00a0explosivos \u00a0colocar\u00e1 \u00a0y \u00a0activar\u00e1 artefactos de acuerdo \u00a0con \u00a0 los \u00a0 planes \u00a0 de \u00a0 la \u00a0 organizaci\u00f3n; \u00a0los \u00a0ide\u00f3logos \u00a0 y \u00a0 directores \u00a0 trazar\u00e1n \u00a0las \u00a0directrices \u00a0para \u00a0conseguir los objetivos del grupo; los \u00a0infiltrados \u00a0 en \u00a0 la \u00a0 fuerza \u00a0p\u00fablica \u00a0y \u00a0en \u00a0la \u00a0administraci\u00f3n \u00a0 \u00a0 \u00a0de \u00a0 \u00a0 justicia \u00a0advertir\u00e1n \u00a0 \u00a0sobre \u00a0 \u00a0futuros \u00a0 \u00a0operativos \u00a0 y \u00a0tr\u00e1mites \u00a0 \u00a0 o \u00a0procurar\u00e1n \u00a0la \u00a0impunidad \u00a0de \u00a0las \u00a0conductas \u00a0que \u00a0lleguen a su conocimiento en los estrados judiciales. \u00a0\u00a0<\/p>\n<p>A \u00a0su \u00a0vez, el papel de un congresista en \u00a0las \u00a0citadas \u00a0organizaciones armadas al margen de la \u00a0ley, \u00a0cuyo \u00a0objetivo \u00a0era \u00a0el \u00a0de \u00a0acceder \u00a0al \u00a0poder \u00a0por medios no ortodoxos e \u00a0ilegales \u00a0ajenos \u00a0a \u00a0los \u00a0canales \u00a0democr\u00e1ticos, no \u00a0pod\u00eda \u00a0ser \u00a0diverso \u00a0al \u00a0de \u00a0poner al servicio del \u00a0grupo \u00a0ilegal \u00a0el \u00a0andamiaje \u00a0de \u00a0sus \u00a0funciones \u00a0como \u00a0Senador \u00a0de la \u00a0 \u00a0 \u00a0Rep\u00fablica; \u00a0 \u00a0 entonces \u00a0ingenuo \u00a0 \u00a0pensar \u00a0solamente \u00a0 en \u00a0 asistencia \u00a0aleatoria \u00a0a \u00a0las \u00a0reuniones, \u00a0o en calidad de simple y llano espectador o \u00a0bien \u00a0 \u00a0 porque \u00a0 \u00a0 los \u00a0 \u00a0delincuentes \u00a0 \u00a0lo \u00a0 \u00a0consideraban \u00a0 \u00a0\u201cimportante\u201d\u00a0 \u00a0 \u00a0para \u00a0 \u00a0la \u00a0sociedad.1 \u00a0\u00a0<\/p>\n<p>\u00a0 \u00a0\u00a0 \u00a0 \u00a0En \u00a0 consecuencia, \u00a0 la \u00a0 Corte \u00a0el \u00a01\u00ba \u00a0de \u00a0octubre \u00a0de \u00a02009, \u00a0reasumi\u00f3 \u00a0la \u00a0competencia \u00a0en \u00a0este \u00a0proceso \u00a0adelantado \u00a0contra Carlos Armando Garc\u00eda \u00a0 \u00a0 \u00a0Orjuela \u00a0 \u00a0 \u00a0y \u00a0 aunque \u00a0la \u00a0decisi\u00f3n \u00a0no \u00a0fue \u00a0recurrida \u00a0por \u00a0v\u00eda del \u00a0recurso \u00a0 horizontal, \u00a0ulteriormente \u00a0ratific\u00f3 \u00a0su \u00a0posici\u00f3n \u00a0 al \u00a0 resolver \u00a0sendas \u00a0solicitudes \u00a0de \u00a0nulidad2 \u00a0 \u00a0 presentadas \u00a0 \u00a0 por \u00a0 \u00a0 el \u00a0 \u00a0 Ministerio \u00a0 \u00a0P\u00fablico \u00a0y \u00a0el \u00a0defensor \u00a0dentro \u00a0del \u00a0t\u00e9rmino \u00a0se\u00f1alado en \u00a0el \u00a0 art\u00edculo \u00a0 400 \u00a0 de \u00a0la \u00a0Ley \u00a0600 \u00a0de \u00a02000, \u00a0determinando: \u00a0\u00a0<\/p>\n<p>Dicho \u00a0escenario \u00a0permite evaluar el nexo \u00a0exigido \u00a0por \u00a0el \u00a0mandato \u00a0constitucional, \u00a0entre \u00a0los \u00a0delitos \u00a0imputados \u00a0y su \u00a0relaci\u00f3n \u00a0con \u00a0las funciones desempe\u00f1adas \u00a0por el congresista, permitiendo \u00a0ello, \u00a0de \u00a0acuerdo \u00a0con la posici\u00f3n jurisprudencial \u00a0referida, \u00a0que se mantenga la competencia de la Sala \u00a0para \u00a0 conocer \u00a0 de \u00a0la \u00a0actuaci\u00f3n, \u00a0no \u00a0obstante, \u00a0Garc\u00eda \u00a0 Orjuela, \u00a0hubiese cesado en sus funciones. \u00a0\u00a0<\/p>\n<p>En \u00a0 otras \u00a0 palabras, \u00a0 lo \u00a0 que \u00a0para \u00a0el \u00a0 \u00a0 \u00a0caso \u00a0 \u00a0 \u00a0debe \u00a0 \u00a0 \u00a0evaluarse como en efecto se ha hecho es que \u00a0la \u00a0 \u00a0conducta \u00a0 \u00a0atribuida \u00a0 \u00a0a \u00a0 \u00e9l\u00a0 \u00a0tenga relaci\u00f3n, vale decir, \u00a0se \u00a0 hubiese \u00a0 materializado \u00a0en \u00a0unos \u00a0entornos\u00a0 \u00a0de \u00a0conexi\u00f3n, \u00a0enlace, \u00a0correspondencia o efectos reflejos con las funciones \u00a0p\u00fablicas \u00a0desempe\u00f1adas. \u00a0La \u00a0finalidad \u00a0paramilitar \u00a0de \u00a0refundar \u00a0la \u00a0patria \u00a0fue \u00a0un \u00a0proyecto \u00a0pol\u00edtico- \u00a0 criminal \u00a0 al \u00a0 que \u00a0 se \u00a0concertaron \u00a0servidores \u00a0p\u00fablicos \u00a0que \u00a0pusieron al servicio el \u00a0cargo \u00a0 que \u00a0 ostentaban \u00a0y \u00a0la \u00a0funcionalidad \u00a0del \u00a0mismo. \u00a0\u00a0<\/p>\n<p>Por tanto, para el caso no se trata de una \u00a0mirada \u00a0restrictiva en la que tan solo tenga cabida \u00a0de \u00a0manera exclusiva y excluyente de los delitos denominados propios funcionales \u00a0con \u00a0sujeto \u00a0activo \u00a0cualificado \u00a0como \u00a0requerimiento \u00a0esencial \u00a0e indispensable \u00a0porque \u00a0 \u00a0esa \u00a0 no \u00a0 es \u00a0 la \u00a0 lectura \u00a0 que \u00a0 resulta \u00a0 del \u00a0 par\u00e1grafo \u00a0 \u00a0 constitucional del art\u00edculo 235. \u00a0\u00a0<\/p>\n<p>2. \u00a0 \u00a0La \u00a0 \u00a0configuraci\u00f3n del delito de concierto para delinquir. \u00a0\u00a0<\/p>\n<p>\u00a0 \u00a0\u00a0 \u00a0 \u00a0Partiendo \u00a0 \u00a0de \u00a0 los \u00a0 precedentes \u00a0 jurisprudenciales \u00a0 de \u00a0 la \u00a0Sala \u00a0en \u00a0los cuales se ha precisado que el tipo de \u00a0injusto \u00a0 se \u00a0 define \u00a0 como \u00a0 \u201cel \u00a0conjunto \u00a0de \u00a0caracter\u00edsticas \u00a0 \u00a0que \u00a0 \u00a0fundamentan \u00a0 \u00a0 la \u00a0 \u00a0 antijuridicidad \u00a0 \u00a0 de \u00a0 \u00a0 la \u00a0 \u00a0acci\u00f3n\u201d \u00a03, \u00a0 \u00a0el \u00a0 an\u00e1lisis \u00a0del \u00a0contenido \u00a0de \u00a0la conducta no puede hacerse por fuera \u00a0del \u00a0bien \u00a0jur\u00eddico de la seguridad p\u00fablica, \u00a0que \u00a0es, \u00a0seg\u00fan se ha dicho, \u00a0una \u00a0 \u00a0 relaci\u00f3n \u00a0 \u00a0social \u00a0 \u00a0din\u00e1mica \u00a0 \u00a0 \u00a0que \u00a0 \u00a0 \u00a0antes \u00a0 \u00a0 \u00a0de \u00a0 \u00a0 la \u00a0 \u00a0 sola \u00a0 \u00a0 conservaci\u00f3n \u00a0 del \u00a0 statu \u00a0 \u00a0 \u00a0 \u00a0 quo, \u00a0como \u00a0se \u00a0utilizaba \u00a0en el Estado \u00a0demoliberal, \u00a0pretende \u00a0garantizar \u00a0condiciones \u00a0m\u00ednimas para el ejercicio \u00a0de los derechos humanos. \u00a0\u00a0<\/p>\n<p>Teniendo en cuenta que la Sala \u00a0recientemente \u00a0precis\u00f3 que el tipo \u00a0de \u00a0 injusto \u00a0 se \u00a0 define \u00a0 como \u00a0 \u201cel \u00a0conjunto \u00a0de caracter\u00edsticas que \u00a0fundamentan \u00a0 \u00a0la \u00a0 \u00a0antijuridicidad \u00a0 \u00a0de \u00a0 \u00a0una \u00a0acci\u00f3n\u201d4, \u00a0 el \u00a0an\u00e1lisis \u00a0del \u00a0contenido \u00a0de \u00a0la conducta no puede \u00a0hacerse \u00a0 por \u00a0 fuera \u00a0del \u00a0bien \u00a0jur\u00eddico \u00a0de \u00a0la \u00a0seguridad \u00a0 p\u00fablica, \u00a0que \u00a0es, \u00a0seg\u00fan \u00a0se \u00a0ha dicho, una relaci\u00f3n social \u00a0din\u00e1mica \u00a0 \u00a0 que \u00a0 \u00a0 antes \u00a0 \u00a0que \u00a0 \u00a0la \u00a0 \u00a0sola \u00a0conservaci\u00f3n \u00a0 \u00a0 \u00a0 \u00a0del \u00a0 \u00a0 \u00a0 \u00a0statuo \u00a0 \u00a0 \u00a0 \u00a0quo, \u00a0tal \u00a0como \u00a0se utilizaba en el lenguaje del Estado demoliberal, \u00a0pretende \u00a0garantizar condiciones materiales m\u00ednimas \u00a0para \u00a0 \u00a0 el \u00a0 \u00a0ejercicio \u00a0 \u00a0de \u00a0 \u00a0los \u00a0 \u00a0derechos \u00a0humanos. \u00a0\u00a0<\/p>\n<p>En \u00a0 \u00a0este \u00a0 \u00a0sentido \u00a0 la \u00a0 doctrina \u00a0precisa: \u00a0\u00a0<\/p>\n<p>El \u00a0problema que toda cultura, sociedad o \u00a0Estado \u00a0debe \u00a0resolver es trazar los l\u00edmites, \u00a0dentro \u00a0de los cu\u00e1les el ser \u00a0humano \u00a0 \u00a0puede \u00a0 \u00a0ejercer \u00a0 \u00a0esa \u00a0 \u00a0libertad. \u00a0 Esta \u00a0 delimitaci\u00f3n \u00a0de \u00a0los \u00a0m\u00e1rgenes, dentro de los \u00a0cuales \u00a0se \u00a0permite \u00a0el libre desarrollo de la personalidad y el ejercicio de la \u00a0libertad \u00a0por \u00a0parte \u00a0de \u00a0los \u00a0individuos, \u00a0 \u00a0se \u00a0 \u00a0llama \u00a0 \u2018seguridad\u2019. \u00a0Esta no es m\u00e1s que la expectativa \u00a0que \u00a0podemos \u00a0razonablemente \u00a0tener de que no vamos a ser expuestos a peligros o \u00a0ataques \u00a0en \u00a0nuestros \u00a0bienes \u00a0jur\u00eddicos \u00a0por \u00a0parte \u00a0de \u00a0otras personas.5 \u00a0\u00a0<\/p>\n<p>De ah\u00ed que la \u00a0jurisprudencia \u00a0 de \u00a0 la \u00a0Sala \u00a0tambi\u00e9n \u00a0 \u00a0 \u00a0 ha \u00a0 \u00a0 \u00a0se\u00f1alado \u00a0 \u00a0 que \u00a0 \u00a0algunos \u00a0 \u00a0actos \u00a0aparentemente \u00a0neutrales \u00a0explican \u00a0otros \u00a0que \u00a0s\u00ed \u00a0tienen \u00a0relevancia t\u00edpica y por eso algunos sucesos \u00a0en \u00a0principio \u00a0inocuos \u00a0terminan perfilando el sentido de una conducta relevante \u00a0para \u00a0 el \u00a0 derecho \u00a0 penal. \u00a0 En \u00a0 ese \u00a0sentido \u00a0se \u00a0debe \u00a0convenir \u00a0en que conversar con un paramilitar no necesariamente significa \u00a0desde \u00a0el \u00a0punto \u00a0de \u00a0vista \u00a0penal \u00a0que \u00a0ese hecho configure un delito, pero ese \u00a0acontecimiento \u00a0 \u00a0unido \u00a0 \u00a0a \u00a0 otros \u00a0 elementos \u00a0 de \u00a0 juicio \u00a0 s\u00ed \u00a0 \u00a0puede \u00a0 \u00a0interpretarse \u00a0 como \u00a0 un \u00a0 indicio \u00a0 de \u00a0 un \u00a0 acto \u00a0ilegal6, por eso, \u00a0\u00a0<\/p>\n<p>La \u00a0 \u00a0 \u00a0 \u00a0 \u00a0conglobaci\u00f3n \u00a0 como \u00a0 operaci\u00f3n \u00a0 determinante \u00a0de \u00a0la lesividad es una \u00a0funci\u00f3n \u00a0 claramente \u00a0normativa, \u00a0 \u00a0es \u00a0 decir \u00a0 que \u00a0 un \u00a0 pragma \u00a0 es \u00a0t\u00edpico no s\u00f3lo cuando \u00a0re\u00fane \u00a0los caracteres particulares exigidos por el \u00a0respectivo \u00a0 \u00a0 \u00a0tipo \u00a0 \u00a0 \u00a0sistem\u00e1tico, \u00a0 \u00a0 sino \u00a0tambi\u00e9n \u00a0 \u00a0cuando \u00a0 \u00a0es \u00a0 \u00a0antinormativo \u00a0(o \u00a0sea, \u00a0cuando \u00a0viola la norma que se deduce del tipo) y \u00a0con \u00a0ello lesiona un bien jur\u00eddico. Pero el alcance \u00a0prohibitivo \u00a0de \u00a0esa \u00a0norma \u00a0no \u00a0emerge \u00a0s\u00f3lo de su \u00a0consideraci\u00f3n \u00a0tal \u00a0como \u00a0se \u00a0la \u00a0deduce \u00a0del tipo \u00a0sistem\u00e1tico, \u00a0 \u00a0 \u00a0sino \u00a0 \u00a0 tambi\u00e9n \u00a0 \u00a0 de \u00a0 \u00a0 que \u00a0 \u00a0 forma \u00a0 \u00a0 parte \u00a0 \u00a0 de \u00a0 \u00a0un \u00a0 \u00a0universo \u00a0de \u00a0normas \u00a0prohibitivas y \u00a0preceptivas \u00a0que \u00a0deben \u00a0ser \u00a0consideradas como un orden normativo. El principio \u00a0republicano \u00a0exige \u00a0que \u00a0las sentencias respeten el principio de coherencia o no \u00a0contradicci\u00f3n, \u00a0y \u00a0para \u00a0ello \u00a0deben \u00a0elaborar \u00a0el \u00a0material \u00a0 \u00a0 legal \u00a0 \u00a0 -y \u00a0 \u00a0las \u00a0 \u00a0normas \u00a0que de \u00e9l se deducen- como un \u00a0orden \u00a0o \u00a0todo \u00a0coherente, \u00a0en \u00a0el que juegan otras normas penales y no penales, \u00a0como \u00a0 tambi\u00e9n \u00a0 las \u00a0normas \u00a0constitucionales \u00a0e \u00a0internacionales. \u00a0De \u00a0ese \u00a0universo de normas surge el alcance prohibitivo de la \u00a0norma \u00a0 \u00a0 \u00a0particular. \u00a0 \u00a0 Sin \u00a0 \u00a0 proceder \u00a0a \u00a0la deducci\u00f3n de la norma \u00a0y \u00a0a \u00a0su \u00a0conglobaci\u00f3n \u00a0en \u00a0el \u00a0orden normativo es \u00a0imposible \u00a0determinar \u00a0si la acci\u00f3n que forma parte \u00a0del \u00a0pragma t\u00edpico afecta un bien jur\u00eddico, \u00a0 esto \u00a0 es, \u00a0si \u00a0es \u00a0o \u00a0no \u00a0lesiva \u00a0a \u00a0la \u00a0luz \u00a0del \u00a0orden \u00a0normativo.7 \u00a0\u00a0<\/p>\n<p>\u00a0 \u00a0\u00a0 \u00a0 \u00a0Teniendo \u00a0en \u00a0cuenta lo anterior y lo \u00a0que \u00a0 de \u00a0 ordinario \u00a0sucede \u00a0en \u00a0aparatos \u00a0organizados \u00a0de \u00a0poder \u00a0\u2013 \u00a0todo para no desconocer el bien \u00a0jur\u00eddico, \u00a0el \u00a0sentido \u00a0del \u00a0tipo \u00a0penal, \u00a0o \u00a0los \u00a0contenidos \u00a0 \u00a0 \u00a0 \u00a0de \u00a0 \u00a0 \u00a0 la \u00a0 \u00a0 \u00a0 conducta8 \u00a0 \u00a0 \u00a0 \u00a0 \u2013, el aporte del pol\u00edtico \u00a0a la causa paramilitar cuando coloca la funci\u00f3n \u00a0 \u00a0 \u00a0p\u00fablica \u00a0 \u00a0 a \u00a0su \u00a0servicio \u00a0debe mirarse no tanto en la creaci\u00f3n \u00a0de \u00a0disfunciones \u00a0institucionales, \u00a0sino \u00a0en la medida que esa \u00a0contribuci\u00f3n \u00a0 incrementa \u00a0el \u00a0riesgo \u00a0contra \u00a0la \u00a0seguridad \u00a0 \u00a0 p\u00fablica \u00a0 \u00a0 al \u00a0 \u00a0potenciar \u00a0 \u00a0la \u00a0acci\u00f3n del grupo ilegal, como puede ocurrir cuando \u00a0por \u00a0la \u00a0influencia de \u00a0las \u00a0 \u00a0autodefensas \u00a0 \u00a0se \u00a0 \u00a0generan \u00a0 \u00a0condiciones \u00a0 materiales \u00a0 mediante \u00a0 la \u00a0inversi\u00f3n \u00a0 \u00a0estatal \u00a0 en \u00a0 lugares \u00a0 donde \u00a0 la \u00a0acci\u00f3n \u00a0 \u00a0 \u00a0 del \u00a0 \u00a0 \u00a0paramilitarismo \u00a0 \u00a0 \u00a0es \u00a0evidente. \u00a0\u00a0<\/p>\n<p>\u00a0 \u00a0\u00a0 \u00a0 \u00a0La \u00a0 \u00a0 \u00a0distorsi\u00f3n \u00a0 \u00a0 de \u00a0 \u00a0 la \u00a0funci\u00f3n \u00a0 estatal, \u00a0 cuando \u00a0 eso \u00a0 sucede, \u00a0es \u00a0la \u00a0prueba \u00a0del \u00a0acuerdo, \u00a0as\u00ed \u00a0 como \u00a0 en \u00a0 el \u00a0 concierto \u00a0 simple, \u00a0 \u00a0los \u00a0 \u00a0delitos \u00a0 \u00a0ejecutados \u00a0 \u00a0en \u00a0 funci\u00f3n \u00a0del \u00a0acuerdo son la manifestaci\u00f3n \u00a0del \u00a0 consenso \u00a0 ilegal.\u00a0 \u00a0 En \u00a0 el \u00a0 primer \u00a0evento, \u00a0si \u00a0la \u00a0desviaci\u00f3n \u00a0de \u00a0la \u00a0funci\u00f3n estatal implica la \u00a0consumaci\u00f3n de un injusto, concursar\u00e1 \u00a0con \u00a0el \u00a0concierto \u00a0para \u00a0delinquir \u00a0agravado, as\u00ed \u00a0como \u00a0los delitos comunes lo hacen \u00a0con el delito de concierto para delinquir simple. \u00a0\u00a0<\/p>\n<p>En \u00a0 este \u00a0 sentido, \u00a0 la \u00a0Corte \u00a0 \u00a0 \u00a0 tambi\u00e9n \u00a0ha se\u00f1alado que como consecuencia \u00a0del \u00a0 acuerdo \u00a0 de \u00a0 voluntades \u00a0 para \u00a0 cometer \u00a0delitos \u00a0pueden \u00a0surgir \u00a0otros \u00a0il\u00edcitos, \u00a0 sin \u00a0que \u00a0por \u00a0el \u00a0hecho \u00a0de \u00a0que \u00a0se \u00a0sancione \u00a0 \u00a0 \u00a0 \u00a0 \u00a0 \u00a0 \u00a0 aquel \u00a0 convenio \u00a0 orientado \u00a0 a \u00a0 la \u00a0realizaci\u00f3n \u00a0de \u00a0otros \u00a0tipos de injusto, el pacto \u00a0para \u00a0promover \u00a0grupos \u00a0armados \u00a0al margen de la ley, signifique se prescinda de \u00a0exigir \u00a0un \u00a0m\u00ednimo desvalor de peligro considerado \u00a0ex \u00a0ante, \u00a0sobre \u00a0todo \u00a0frente \u00a0 al \u00a0derecho \u00a0penal \u00a0patrio \u00a0que \u00a0funda \u00a0la \u00a0lesividad \u00a0 de \u00a0 la \u00a0 acci\u00f3n \u00a0 en \u00a0 la \u00a0 efectiva \u00a0lesi\u00f3n \u00a0 \u00a0o \u00a0 puesta \u00a0 en \u00a0 peligro \u00a0 del \u00a0 bien \u00a0jur\u00eddico9. \u00a0\u00a0<\/p>\n<p>La \u00a0Sala, por \u00a0tanto, \u00a0 examinar\u00e1 \u00a0 si \u00a0el \u00a0doctor \u00a0Carlos \u00a0 \u00a0 \u00a0Armando \u00a0 \u00a0 \u00a0Garc\u00eda \u00a0Orjuela \u00a0 \u00a0 \u00a0se \u00a0concert\u00f3 \u00a0con \u00a0grupos \u00a0ilegales para promoverlos o \u00a0financiarlos, \u00a0creando \u00a0o \u00a0incrementando \u00a0un riesgo \u00a0contra la seguridad p\u00fablica. \u00a0\u00a0<\/p>\n<p>\u00a0 \u00a0\u00a0<\/p>\n<p>1. La \u00a0 situaci\u00f3n \u00a0 jur\u00eddica del procesado. \u00a0 \u00a0\u00a0<\/p>\n<p>El \u00a0art\u00edculo \u00a0232 de la ley 600 de 2000, dispone: \u00a0\u00a0<\/p>\n<p>Toda providencia debe fundarse en pruebas \u00a0legal, \u00a0 \u00a0regular \u00a0 \u00a0y \u00a0 \u00a0oportunamente \u00a0 \u00a0allegadas \u00a0 al \u00a0 proceso, \u00a0 \u00a0 \u00a0y \u00a0 \u00a0 que \u00a0 \u00a0 no \u00a0 \u00a0se \u00a0 \u00a0podr\u00e1 \u00a0 dictar \u00a0sentencia condenatoria sin que obre en el proceso prueba que \u00a0conduzca \u00a0 a \u00a0 la \u00a0 certeza \u00a0 de \u00a0 la \u00a0 conducta \u00a0punible \u00a0y \u00a0de \u00a0la responsabilidad del procesado. \u00a0\u00a0<\/p>\n<p>En \u00a0orden a determinar si en el caso bajo \u00a0examen \u00a0se \u00a0satisfacen \u00a0las \u00a0hip\u00f3tesis exigidas en \u00a0esta \u00a0disposici\u00f3n \u00a0se \u00a0analizar\u00e1n \u00a0 los \u00a0 testimonios \u00a0 de \u00a0Ricaurte \u00a0 \u00a0Soria \u00a0 \u00a0Ortiz, \u00a0 alias \u00a0\u201cOrlando\u201d, \u00a0Jos\u00e9 \u00a0 \u00a0Albeiro \u00a0Garc\u00eda, \u00a0 \u00a0alias \u00a0\u201cEl \u00a0 Teniente\u201d, \u00a0Jhon \u00a0 \u00a0 Jairo \u00a0 \u00a0 Silva \u00a0 \u00a0 Rinc\u00f3n, alias \u00a0\u201cEl \u00a0 Soldado\u201d, \u00a0Edwin \u00a0 \u00a0Hernando \u00a0 \u00a0Carvajal \u00a0 Rodas, \u00a0 \u00a0 alias \u00a0 \u00a0 \u201cW\u00e1lter\u201d \u00a0y \u00a0 \u00a0\u201cCaresapo\u201d, \u00a0quienes \u00a0afirmaron \u00a0que \u00a0el ex Senador Carlos \u00a0Armando \u00a0Garc\u00eda \u00a0Orjuela \u00a0estuvo \u00a0en dos reuniones \u00a0con \u00a0\u201cEl\u00edas\u201d, \u00a0comandante \u00a0del \u00a0bloque \u00a0Tolima de las autodefensas, \u00a0la \u00a0 primera \u00a0 en \u00a0el \u00a0Rancho \u00a0 \u00a0 \u00a0 \u00a0 JC, \u00a0 \u00a0 \u00a0 \u00a0 ubicado \u00a0 \u00a0en \u00a0 \u00a0la \u00a0 \u00a0v\u00eda \u00a0que \u00a0comunica \u00a0los \u00a0Municipios del \u00a0Guamo \u00a0y \u00a0Ortega, \u00a0Tolima, \u00a0y \u00a0otra posterior en la vereda La Chamba, \u00a0localizada \u00a0en \u00a0jurisdicci\u00f3n del \u00a0Guamo, \u00a0 \u00a0as\u00ed \u00a0 \u00a0como \u00a0 \u00a0el \u00a0 \u00a0de \u00a0 Agust\u00edn \u00a0 \u00a0de \u00a0 Jes\u00fas \u00a0 \u00a0S\u00e1nchez \u00a0 \u00a0Mej\u00eda, alias \u00a0\u201cOscar\u201d\u00a0 \u00a0y \u00a0\u201cPol\u00edtico \u00a0Chiquito\u201d, \u00a0 \u00a0 \u00a0 \u00a0quien \u00a0 \u00a0 \u00a0 asegur\u00f3 \u00a0 \u00a0 que \u00a0 \u00a0\u00e9ste \u00a0le \u00a0present\u00f3 \u00a0al Senador \u00a0 \u00a0en \u00a0 \u00a0la \u00a0 vereda \u00a0 \u201cLa \u00a0Cachamba\u201d \u00a0 o \u00a0los \u00a0Lagos. \u00a0\u00a0<\/p>\n<p>Por \u00a0 razones \u00a0 de \u00a0 m\u00e9todo, \u00a0lo \u00a0concerniente a cada una de \u00a0las \u00a0 \u00a0 \u00a0reuniones \u00a0 \u00a0 \u00a0se \u00a0 \u00a0 abordar\u00e1 \u00a0 \u00a0 por \u00a0separado. \u00a0\u00a0<\/p>\n<p>3.1 \u00a0Reuni\u00f3n \u00a0en \u00a0 \u00a0 \u00a0 el \u00a0Rancho JC. \u00a0\u00a0<\/p>\n<p>En \u00a0relaci\u00f3n \u00a0con \u00a0 \u00a0 \u00a0 esta \u00a0 \u00a0 \u00a0 reuni\u00f3n \u00a0 \u00a0 \u00a0Ricaurte \u00a0Soria \u00a0Ortiz, John \u00a0Jairo Silva Rinc\u00f3n \u00a0y Jos\u00e9 \u00a0Albeiro \u00a0 \u00a0 \u00a0 \u00a0 Garc\u00eda \u00a0 \u00a0 \u00a0 \u00a0 manifestaron \u00a0que tuvo lugar en el mes de octubre \u00a0de \u00a0 2001, \u00a0 hacia \u00a0 las \u00a0once \u00a0de \u00a0la \u00a0 \u00a0 \u00a0 \u00a0 ma\u00f1ana, \u00a0 \u00a0 pero \u00a0 \u00a0no \u00a0 \u00a0recuerdan \u00a0 \u00a0el \u00a0d\u00eda en que se llev\u00f3 a \u00a0cabo; aseguraron fue en \u00a0el \u00a0 \u00a0 \u00a0 \u00a0 \u00a0 Rancho \u00a0 \u00a0 \u00a0 \u00a0 \u00a0JC, \u00a0 \u00a0propiedad \u00a0 \u00a0de \u00a0 la \u00a0 actriz \u00a0Margarita \u00a0 Rosa \u00a0 de \u00a0 Francisco, \u00a0 ubicado \u00a0 en \u00a0 la \u00a0 v\u00eda \u00a0que \u00a0comunica \u00a0los \u00a0municipios de \u00a0Guamo y Ortega. \u00a0\u00a0<\/p>\n<p>Al \u00a0respecto, \u00a0el \u00a0 primero \u00a0 de \u00a0 los \u00a0mencionados \u00a0cont\u00f3 \u00a0 \u00a0que \u00a0 \u00a0lleg\u00f3 \u00a0 al \u00a0citado \u00a0lugar \u00a0y \u00a0habl\u00f3 \u00a0con \u00a0El\u00edas \u00a0 por \u00a0 lapso \u00a0 aproximado \u00a0 de \u00a0 15 \u00a0 minutos \u00a0 sobre \u00a0 asuntos \u00a0personales \u00a0 y \u00a0 seguidamente \u00a0 sali\u00f3 \u00a0 \u00a0 hacia \u00a0 \u00a0el \u00a0 \u00a0Municipio \u00a0de Prado en donde ten\u00eda su \u00a0base \u00a0 \u00a0 \u00a0 de \u00a0operaciones10. \u00a0Se \u00a0percat\u00f3 \u00a0que \u00a0el \u00a0ex Senador \u00a0Carlos \u00a0Armando Garc\u00eda \u00a0Orjuela, \u00a0conocido como \u00a0un \u00a0 \u00a0pol\u00edtico \u00a0 \u00a0natural \u00a0 \u00a0del \u00a0 \u00a0Municipio \u00a0de \u00a0Icononzo, \u00a0 se \u00a0encontraba \u00a0all\u00ed, \u00a0 \u00a0 \u00a0quien, \u00a0 \u00a0 \u00a0seg\u00fan \u00a0 \u00a0 le \u00a0manifest\u00f3 uno de los escoltas de aqu\u00e9l, \u00a0lleg\u00f3 en un helic\u00f3ptero \u00a0 \u00a0 \u00a0 que \u00a0 \u00a0 \u00a0estaba \u00a0 \u00a0 \u00a0parado \u00a0 \u00a0 \u00a0en \u00a0 \u00a0 \u00a0el \u00a0 \u00a0 \u00a0 \u00a0 lugar11; \u00a0sin \u00a0embargo, \u00a0dijo \u00a0 \u00a0 que \u00a0 \u00a0all\u00ed \u00a0 \u00a0se \u00a0 \u00a0encontraban \u00a0 otros \u00a0 comandantes \u00a0 como \u00a0 \u201cSoldado\u201d \u00a0 \u00a0y \u00a0 \u00a0\u201cTeniente\u201d, \u00a0 \u00a0 \u00a0 \u00a0 \u00a0circunstancias \u00a0 \u00a0 \u00a0 \u00a0 que \u00a0 \u00a0 \u00a0 \u00a0 ratific\u00f3 \u00a0en \u00a0la \u00a0declaraci\u00f3n \u00a0 que \u00a0 rindi\u00f3 \u00a0en \u00a0la \u00a0audiencia \u00a0de \u00a0 \u00a0juzamiento, \u00a0precisando \u00a0 \u00a0que \u00a0 \u00a0no \u00a0 \u00a0particip\u00f3 \u00a0 \u00a0en \u00a0 \u00a0la \u00a0reuni\u00f3n12. \u00a0\u00a0<\/p>\n<p>Por \u00a0 \u00a0su \u00a0 \u00a0parte, \u00a0 \u00a0John \u00a0 \u00a0 Jairo \u00a0 \u00a0Silva \u00a0 \u00a0Rinc\u00f3n \u00a0en declaraci\u00f3n de 4 de \u00a0abril \u00a0de 2008, afirm\u00f3 que en el mes de \u00a0octubre \u00a0de \u00a02001, \u00a0en \u00a0una \u00a0finca \u00a0que \u00a0se \u00a0localiza \u00a0entre la \u00a0v\u00eda \u00a0Guamo-Ortega, \u00a0en el Departamento del Tolima, \u00a0se \u00a0 \u00a0 \u00a0 \u00a0 \u00a0 reuni\u00f3 \u00a0 \u00a0 \u00a0 \u00a0 \u00a0El\u00edas \u00a0y \u00a0Carlos \u00a0Armando Garc\u00eda \u00a0Orjuela, \u00a0oportunidad en la que estaban Ricaurte \u00a0 \u00a0Soria \u00a0 \u00a0Ortiz \u00a0 y \u00a0 el \u00a0\u201cTeniente\u201d \u00a0[Jos\u00e9 \u00a0 \u00a0Albeiro \u00a0Garc\u00eda \u00a0 Zambrano], \u00a0pero \u00a0no \u00a0sabe de que hablaron porque \u00e9l \u00a0estaba \u00a0 \u00a0 encargado \u00a0 \u00a0 de \u00a0 \u00a0 la \u00a0 \u00a0seguridad13. \u00a0\u00a0<\/p>\n<p>En \u00a0 \u00a0 \u00a0ampliaci\u00f3n \u00a0de \u00a0declaraci\u00f3n de 23 de abril de \u00a02008, \u00a0 insisti\u00f3 \u00a0en \u00a0que \u00a0la \u00a0reuni\u00f3n \u00a0 \u00a0se \u00a0 efectu\u00f3 \u00a0 en \u00a0octubre \u00a0de \u00a02001, \u00a0y \u00a0el \u00a012 de mayo del mismo a\u00f1o, \u00a0en \u00a0otra \u00a0ampliaci\u00f3n \u00a0 de \u00a0 su \u00a0versi\u00f3n, \u00a0dijo \u00a0 \u00a0 que \u00a0 \u00a0 no \u00a0 \u00a0le \u00a0 \u00a0hizo \u00a0campa\u00f1a \u00a0 a \u00a0 Carlos \u00a0Armando \u00a0Garc\u00eda Orjuela \u00a0pero \u00a0que \u00a0s\u00ed \u00a0lo \u00a0vio \u00a0reunido \u00a0con \u00a0El\u00edas, \u00a0en \u00a0 el \u00a0 lugar \u00a0 y \u00a0 oportunidad \u00a0 ya \u00a0referidos14. \u00a0 \u00a0En \u00a0 la \u00a0 audiencia \u00a0insisti\u00f3 \u00a0 \u00a0 \u00a0 en \u00a0 \u00a0 \u00a0 que \u00a0 \u00a0 \u00a0a \u00a0 \u00a0 la \u00a0 \u00a0 reuni\u00f3n \u00a0 de \u00a0 octubre \u00a0 de \u00a0 2001, \u00a0 que \u00a0dur\u00f3 \u00a0 aproximadamente \u00a0 una \u00a0 hora, \u00a0El\u00edas, \u00a0Ricaurte \u00a0 \u00a0 Soria \u00a0 \u00a0Ortiz, \u00a0 \u00a0Jos\u00e9 \u00a0 Albeiro \u00a0 Garc\u00eda \u00a0 y \u00a0\u00e9l llegaron desde la nueve de la \u00a0ma\u00f1ana \u00a0y \u00a0se \u00a0retiraron \u00a0a \u00a0las \u00a0doce o una de la \u00a0tarde, \u00a0despu\u00e9s de que \u00a0termin\u00f315. \u00a0\u00a0<\/p>\n<p>Al \u00a0 \u00a0 paso \u00a0 \u00a0que \u00a0 \u00a0Jos\u00e9 \u00a0 Albeiro \u00a0Garc\u00eda \u00a0Zambrano, \u00a0alias \u00a0\u201cTeniente\u201d, \u00a0 \u00a0manifest\u00f3 \u00a0 \u00a0que \u00a0 sabe \u00a0 de \u00a0la \u00a0 \u00a0reuni\u00f3n \u00a0 en \u00a0el \u00a0 \u00a0 \u00a0Rancho \u00a0JC \u00a0entre El\u00edas \u00a0y \u00a0 el \u00a0 \u00a0ex \u00a0 Senador \u00a0 Carlos \u00a0 Armando \u00a0Garc\u00eda \u00a0 \u00a0Orjuela, \u00a0para \u00a0los \u00a0 d\u00edas \u00a0 de \u00a0 campa\u00f1a, \u00a0en \u00a0la \u00a0cual tambi\u00e9n \u00a0 \u00a0 \u00a0 particip\u00f3 \u00a0 \u00a0 \u00a0personal \u00a0civil; \u00a0 \u00a0que \u00a0 el \u00a0parlamentario \u00a0 lleg\u00f3 \u00a0en \u00a0un \u00a0helic\u00f3ptero \u00a0 \u00a0 de \u00a0 \u00a0color \u00a0 \u00a0blanco.16 \u00a0 \u00a0 \u00a0As\u00ed \u00a0 \u00a0mismo, \u00a0 \u00a0se \u00a0 \u00a0enter\u00f3 \u00a0 \u00a0que \u00a0hab\u00eda \u00a0 \u00a0 ido \u00a0 \u00a0 el \u00a0 \u00a0 doctor \u00a0 \u00a0Garc\u00eda \u00a0 \u00a0 \u00a0Orjuela \u00a0 \u00a0porque \u00a0 \u00a0al \u00a0 \u00a0terminar \u00a0 \u00a0la \u00a0reuni\u00f3n \u00a0 \u00a0 \u00a0 \u00a0 \u00a0 \u00a0 \u00a0 \u00a0El\u00edas \u00a0 \u00a0 \u00a0 \u00a0 \u00a0le \u00a0 coment\u00f3 \u00a0de \u00a0qui\u00e9n \u00a0 \u00a0 \u00a0 \u00a0 se \u00a0 \u00a0 \u00a0 \u00a0 trataba17. \u00a0 \u00a0 \u00a0 En \u00a0 \u00a0 \u00a0 esa \u00a0 \u00a0 \u00a0 oportunidad \u00a0 \u00a0 le \u00a0 \u00a0 prestaron \u00a0 \u00a0seguridad \u00a0 \u00a0a \u00a0 \u00a0El\u00edas, \u00a0Chirrimple, \u00a0 \u00a0Soldado, \u00a0 \u00a0Soria \u00a0 \u00a0y Daniel \u00a0o \u00a0 \u00a0 \u00a0Arturo18. \u00a0\u00a0<\/p>\n<p>Asegur\u00f3 que \u00a0El\u00edas \u00a0no \u00a0necesitaba \u00a0concretar \u00a0con \u00a0ellos la colaboraci\u00f3n \u00a0 que \u00a0 hab\u00eda \u00a0que \u00a0brindarle \u00a0al \u00a0Senador, \u00a0 \u00a0 \u00a0 \u00a0 pues, \u00a0 \u00a0 \u00a0 \u00a0 \u201cuno \u00a0 \u00a0no \u00a0 es \u00a0 un \u00a0 \u00a0 \u00a0 ni\u00f1o \u00a0 \u00a0 \u00a0 para \u00a0 \u00a0 \u00a0no \u00a0entender\u201d: que no le \u00a0fueran \u00a0 \u00a0a \u00a0 \u00a0tumbar \u00a0 \u00a0las \u00a0 vallas, \u00a0 afiches, \u00a0pasacalles; \u00a0 \u00a0que \u00a0 \u00a0le \u00a0 \u00a0permitieran \u00a0 \u00a0hacer \u00a0proselitismo. \u00a0\u00a0<\/p>\n<p>De \u00a0otra \u00a0parte, \u00a0coment\u00f3 \u00a0que \u00a0a \u00a0un \u00a0acto \u00a0pol\u00edtico que se \u00a0efectu\u00f3 \u00a0 \u00a0 \u00a0en \u00a0 \u00a0 \u00a0el \u00a0 \u00a0 \u00a0municipio \u00a0 \u00a0 \u00a0de \u00a0Purificaci\u00f3n, \u00a0 Tolima, \u00a0 el \u00a0 ex \u00a0Senador \u00a0lleg\u00f3 en helic\u00f3ptero, \u00a0 ante \u00a0 lo \u00a0 cual \u00a0 \u00e9l \u00a0se \u00a0comunic\u00f3 \u00a0 \u00a0 \u00a0 \u00a0 \u00a0con \u00a0 \u00a0 \u00a0 \u00a0 El\u00edas, \u00a0 \u00a0 \u00a0 \u00a0 quien le \u00a0dijo \u00a0 \u00a0 \u00a0que \u00a0 \u00a0 \u00a0lo \u00a0 \u00a0 dejara \u00a0 \u00a0 aterrizar19, \u00a0momento \u00a0a \u00a0partir \u00a0del \u00a0cual \u00a0entendi\u00f3 \u00a0que \u00a0desde \u00a0la reuni\u00f3n \u00a0 \u00a0 \u00a0del \u00a0 \u00a0 Rancho \u00a0 JC \u00a0 hubo \u00a0acuerdos, \u00a0que \u00a0ten\u00eda \u00a0permiso \u00a0 \u00a0 \u00a0 \u00a0 para \u00a0 \u00a0 \u00a0 \u00a0 hacer \u00a0 \u00a0 \u00a0 \u00a0 proselitismo \u00a0 \u00a0 \u00a0 \u00a0pol\u00edtico. \u00a0\u00a0<\/p>\n<p>En \u00a0 \u00a0 \u00a0la \u00a0 \u00a0 audiencia \u00a0 de \u00a0 juzgamiento \u00a0 manifest\u00f3 \u00a0que \u00a0todos \u00a0los \u00a0que \u00a0llegaron \u00a0 \u00a0a \u00a0 \u00a0la \u00a0 \u00a0reuni\u00f3n \u00a0 \u00a0del \u00a0 \u00a0 \u00a0 \u00a0 \u00a0 \u00a0Rancho \u00a0JC \u00a0se \u00a0retiraron \u00a0al \u00a0mismo \u00a0tiempo, \u00a0despu\u00e9s \u00a0de \u00a0haber \u00a0estado \u00a0en \u00a0el \u00a0lugar \u00a0aproximadamente \u00a0cuarenta \u00a0minutos, porque se trat\u00f3 \u00a0de una reuni\u00f3n corta. \u00a0\u00a0<\/p>\n<p>Igualmente, \u00a0que \u00a0por \u00a0el \u00a0mes \u00a0de \u00a0octubre de 2001, El\u00edas \u00a0 \u00a0 \u00a0 \u00a0 \u00a0le \u00a0dijo \u00a0que \u00a0dejar\u00edan \u00a0las \u00a0cosas \u00a0as\u00ed \u00a0 \u00a0[no \u00a0 \u00a0iban \u00a0 a \u00a0 hacer \u00a0 m\u00e1s \u00a0 \u00a0acciones \u00a0 militares] \u00a0 y \u00a0 que \u00a0 se \u00a0 dedicar\u00edan \u00a0a \u00a0buscar \u00a0a \u00a0los \u00a0pol\u00edticos que \u00a0tuvieran \u00a0seguras \u00a0las \u00a0elecciones, \u00a0proposici\u00f3n \u00a0a la cual \u00e9l \u00a0 \u00a0 respondi\u00f3 \u00a0 \u00a0que \u00a0 \u00a0estaba \u00a0\u201cpareja \u00a0la \u00a0pelea\u201d \u00a0electoral; \u00a0 \u00a0 \u00a0 sin \u00a0 \u00a0 \u00a0 embargo, \u00a0 \u00a0 \u00a0 \u00a0 \u00a0 \u00a0El\u00edas \u00a0le \u00a0dijo \u00a0que hab\u00eda que buscarlos. As\u00ed, \u00a0pas\u00f3 \u00a0un \u00a0tiempo \u00a0y comenzaron a \u00a0llevar \u00a0a \u00a0los alcaldes entrantes y salientes de los \u00a0Municipios \u00a0 \u00a0 \u00a0de \u00a0 \u00a0 \u00a0Coyaima, \u00a0 \u00a0 Natagaima, \u00a0Purificaci\u00f3n, \u00a0 \u00a0 Prado, \u00a0 \u00a0Salda\u00f1a, \u00a0 Guamo, \u00a0 San \u00a0 Luis \u00a0 y \u00a0 a \u00a0los \u00a0que \u00a0no \u00a0pod\u00edan \u00a0 conseguir, \u00a0 con \u00a0 ayuda \u00a0 del \u00a0Gobernador \u00a0 \u00a0los \u00a0hac\u00edan llegar. \u00a0\u00a0<\/p>\n<p>Terminadas \u00a0 las \u00a0 reuniones \u00a0con \u00a0los \u00a0mandatarios \u00a0 locales \u00a0 orientaron \u00a0 su \u00a0 gesti\u00f3n \u00a0hacia los Senadores de \u00a0la \u00a0 Rep\u00fablica \u00a0 y \u00a0Representantes \u00a0 \u00a0 \u00a0a \u00a0 \u00a0 la \u00a0 \u00a0 C\u00e1mara, \u00a0 empero, \u00a0 era \u00a0 una \u00a0 tarea \u00a0dif\u00edcil \u00a0 de \u00a0 llevar \u00a0 a \u00a0 cabo, \u00a0al \u00a0punto \u00a0que \u00a0El\u00edas \u00a0 \u00a0un \u00a0 \u00a0d\u00eda, \u00a0 \u00a0despu\u00e9s \u00a0 de \u00a0 terminar \u00a0una \u00a0llamada \u00a0telef\u00f3nica, manifest\u00f3 \u00a0que \u00a0ning\u00fan \u00a0pol\u00edtico \u00a0pod\u00eda \u00a0hacer \u00a0proselitismo \u00a0en el Departamento del \u00a0Tolima \u00a0 \u00a0sin \u00a0 su \u00a0 permiso. \u00a0 En \u00a0 esas \u00a0 circunstancias, \u00a0 asegur\u00f3 \u00a0que \u00a0al \u00a0preguntarle \u00a0 al \u00a0financiero \u00a0del \u00a0bloque \u00a0qu\u00e9 \u00a0sab\u00eda \u00a0 \u00a0 \u00a0 del \u00a0 \u00a0 \u00a0doctor \u00a0 \u00a0 \u00a0Carlos \u00a0 \u00a0 \u00a0 Garc\u00eda20 \u00a0y \u00a0 \u00a0del \u00a0 \u00a0doctor \u00a0G\u00f3mez \u00a0Gallo, \u00a0le \u00a0contest\u00f3 \u00a0\u201cque \u00a0eso \u00a0ya estaba \u00a0cuadrado\u201d. \u00a0\u00a0<\/p>\n<p>\u00a0 \u00a0\u00a0 \u00a0 \u00a0Las \u00a0anteriores \u00a0versiones \u00a0son las que comprometen al ex Senador \u00a0Carlos \u00a0Armando Garc\u00eda \u00a0Orjuela \u00a0en \u00a0cuanto \u00a0afirman \u00a0hizo \u00a0un pacto con el \u00a0comandante \u00a0 del \u00a0 bloque \u00a0 Tolima \u00a0 de \u00a0las \u00a0autodefensas, \u00a0como \u00a0una \u00a0estrategia \u00a0pol\u00edtica con la cual \u00a0se \u00a0 \u00a0 \u00a0fortalec\u00eda \u00a0 \u00a0 la \u00a0 \u00a0 presencia \u00a0 \u00a0 \u00a0paramilitar \u00a0 \u00a0 en \u00a0 \u00a0 el \u00a0 \u00a0 aludido \u00a0 \u00a0 Departamento \u00a0 y \u00a0 le \u00a0 permit\u00eda \u00a0a \u00a0\u00e9l \u00a0realizar \u00a0la \u00a0actividad \u00a0proselitista, \u00a0aunque \u00a0ninguno \u00a0de \u00a0los \u00a0testigos \u00a0refiere \u00a0que \u00a0como consecuencia del aludido acuerdo, \u00a0hubiera \u00a0 \u00a0recibido \u00a0 \u00a0orden \u00a0 \u00a0de \u00a0 El\u00edas \u00a0 \u00a0 \u00a0 \u00a0 \u00a0de \u00a0sugerir \u00a0a la poblaci\u00f3n sufragar \u00a0por \u00a0el \u00a0ex \u00a0parlamentario o constre\u00f1irla de manera \u00a0manifiesta \u00a0para \u00a0que as\u00ed actuara en las elecciones \u00a0de 10 de marzo de 2002. \u00a0\u00a0<\/p>\n<p>Una \u00a0y otra \u00a0versi\u00f3n \u00a0son \u00a0contradictorias en el detalle de las \u00a0circunstancias \u00a0 \u00a0de \u00a0 \u00a0su \u00a0 actuaci\u00f3n \u00a0 \u00a0en \u00a0 la \u00a0 reuni\u00f3n21, \u00a0coincidiendo \u00a0 \u00a0s\u00f3lo \u00a0 \u00a0en \u00a0 la \u00a0 \u00e9poca. \u00a0En \u00a0efecto, \u00a0mientras Ricaurte \u00a0Soria \u00a0Ortiz afirm\u00f3 que \u00a0su \u00a0 \u00a0 presencia \u00a0 \u00a0fue \u00a0 \u00a0contingente \u00a0 \u00a0porque \u00a0lleg\u00f3 \u00a0cuando \u00a0se \u00a0desarrollaba \u00a0el \u00a0encuentro \u00a0a \u00a0entregarle \u00a0 \u00a0unas \u00a0 cuentas \u00a0 y \u00a0 un \u00a0 dinero \u00a0 al \u00a0 comandante \u00a0 del \u00a0 bloque, \u00a0demor\u00e1ndose \u00a0aproximadamente \u00a0quince \u00a0minutos, \u00a0John Jairo Silva \u00a0Rinc\u00f3n \u00a0 \u00a0 \u00a0 \u00a0 \u00a0 \u00a0 \u00a0 \u00a0 asever\u00f3 \u00a0 que \u00a0 aqu\u00e9l \u00a0 \u00a0 \u00a0particip\u00f3 \u00a0 \u00a0 \u00a0en \u00a0 \u00a0 la \u00a0reuni\u00f3n \u00a0 y, \u00a0 m\u00e1s \u00a0a\u00fan, que llegaron todos antes de la hora en que se \u00a0llev\u00f3 \u00a0a \u00a0cabo \u00a0y \u00a0se \u00a0fueron \u00a0despu\u00e9s \u00a0 \u00a0 \u00a0de \u00a0 \u00a0 \u00a0que \u00a0 \u00a0 \u00a0termin\u00f3, \u00a0sentido mismo en el que \u00a0depuso \u00a0Jos\u00e9 \u00a0Albeiro \u00a0Garc\u00eda \u00a0 Zambrano, \u00a0pero \u00a0 ubicando \u00a0 \u00a0a \u00a0 \u00a0Sor\u00eda \u00a0Ortiz \u00a0como parte de la seguridad \u00a0de El\u00edas. \u00a0\u00a0<\/p>\n<p>Se \u00a0agrega \u00a0a \u00a0lo anterior que la prueba \u00a0obrante \u00a0establece que \u00a0el \u00a0procesado \u00a0para \u00a0el \u00a020 \u00a0y \u00a021 \u00a0de \u00a0octubre \u00a0de \u00a02001 \u00a0 contrat\u00f3 \u00a0los \u00a0servicios \u00a0de \u00a0Helicol \u00a0para \u00a0viajar en helic\u00f3ptero \u00a0dentro \u00a0del Departamento del Tolima participando en \u00a0actos \u00a0p\u00fablicos \u00a0en \u00a0los Municipios de Chaparral y \u00a0Coyaima \u00a0el \u00a0primer \u00a0d\u00eda, en los cuales, acorde con \u00a0las \u00a0 fotograf\u00edas \u00a0aportadas \u00a0al \u00a0proceso, \u00a0estuvo \u00a0acompa\u00f1ado del esquema de seguridad protectivo que \u00a0por \u00a0 \u00a0 \u00a0 esa \u00a0 \u00a0 \u00a0 \u00e9poca \u00a0 \u00a0 \u00a0ten\u00eda \u00a0 \u00a0asignado \u00a0 por \u00a0 parte \u00a0 de \u00a0la \u00a0 \u00a0 Polic\u00eda \u00a0Nacional; \u00a0 \u00a0as\u00ed \u00a0mismo, \u00a0que \u00a0la \u00a0aeronave contratada de \u00a0 \u00a0 \u00a0 matr\u00edcula \u00a0 \u00a0 \u00a0HK-3581, \u00a0seg\u00fan \u00a0 \u00a0el \u00a0 \u00a0informe \u00a0 \u00a0de \u00a0 vuelo22, \u00a0parti\u00f3 \u00a0de \u00a0la base de Neiva a Salda\u00f1a \u00a0llegando \u00a0a \u00a0las \u00a010:30 \u00a0horas e iniciando el desplazamiento a \u00a0Chaparral \u00a0 a \u00a0 donde \u00a0 lleg\u00f3 \u00a0 a \u00a0 los \u00a0 18 \u00a0minutos \u00a0de \u00a0vuelo, \u00a0lugar \u00a0del \u00a0que \u00a0sali\u00f3 \u00a0 a \u00a0 las \u00a0 16:30 \u00a0 horas \u00a0 con \u00a0 destino \u00a0a \u00a0Coyaima \u00a0en \u00a0donde \u00a0aterriz\u00f3 \u00a0a \u00a0las 16:42 y finalmente, a \u00a0 las \u00a0 17:10 \u00a0 reanud\u00f3 \u00a0el \u00a0vuelo \u00a0hacia \u00a0Ibagu\u00e9, a donde \u00a0lleg\u00f3 a las 17:34 horas. \u00a0\u00a0<\/p>\n<p>\u00a0 \u00a0\u00a0 \u00a0 \u00a0Al \u00a0d\u00eda siguiente, 21 de octubre de \u00a02001, \u00a0 \u00a0el \u00a0 doctor \u00a0Garc\u00eda \u00a0Orjuela \u00a0fue \u00a0recogido \u00a0por \u00a0la \u00a0aeronave \u00a0en \u00a0el \u00a0helipuerto \u00a0del Hotel Altamira de Ibagu\u00e9 \u00a0 \u00a0 \u00a0 \u00a0a \u00a0 \u00a0 \u00a0 \u00a0las \u00a0 \u00a0 \u00a0 \u00a08:03 \u00a0 \u00a0 \u00a0 horas, \u00a0 \u00a0 \u00a0 decol\u00f3 \u00a0con \u00a0destino al Municipio de \u00a0Cajamarca, \u00a0 \u00a0 al \u00a0 \u00a0 cual \u00a0 \u00a0 lleg\u00f3 \u00a0a \u00a0las \u00a08:49 \u00a0horas \u00a0y \u00a0 \u00a0 \u00a0 \u00a0 retorn\u00f3 \u00a0a \u00a0la \u00a0capital \u00a0tolimense \u00a0a \u00a0las \u00a015:12 \u00a0horas, de \u00a0 \u00a0 donde \u00a0 \u00a0despeg\u00f3 \u00a0nuevamente \u00a0a \u00a0las 15:30 horas con \u00a0destino \u00a0al \u00a0Municipio \u00a0de Espinal a donde arrib\u00f3 a \u00a0las \u00a015:48 \u00a0horas, \u00a0y \u00a0seguidamente \u00a0el helic\u00f3ptero \u00a0alz\u00f3 \u00a0vuelo \u00a0hac\u00eda su \u00a0base de Neiva, Huila, sin pasajeros. \u00a0\u00a0<\/p>\n<p>Ese d\u00eda, en \u00a0Cajamarca, \u00a0 \u00a0sus \u00a0actividades \u00a0demoraron \u00a0hasta \u00a0las tres de la tarde, \u00a0hecho \u00a0acreditado \u00a0en \u00a0el \u00a0proceso \u00a0documentalmente y confirmado en la audiencia \u00a0de \u00a0juzgamiento por los \u00a0testigos \u00a0 \u00a0Plinio \u00a0 Valencia \u00a0 Var\u00f3n23, \u00a0 \u00a0 \u00a0 \u00c1lvaro \u00a0 \u00a0 \u00a0 Ram\u00edrez \u00a0 \u00a0 Parra \u00a0 \u00a0y \u00a0 \u00a0Nohora \u00a0Judith \u00a0Patricia \u00a0Ram\u00edrez de \u00a0Bonilla24, \u00a0 \u00a0quienes \u00a0 \u00a0dieron \u00a0 \u00a0cuenta \u00a0 \u00a0acerca \u00a0 \u00a0de \u00a0 \u00a0su \u00a0 \u00a0desarrollo, \u00a0 \u00a0agregando \u00a0el \u00a0segundo \u00a0de \u00a0los mencionados, que viaj\u00f3 \u00a0 con \u00a0 el \u00a0 ex \u00a0 Senador \u00a0 en \u00a0 un \u00a0helic\u00f3ptero \u00a0que \u00a0los \u00a0recogi\u00f3 \u00a0 \u00a0 en \u00a0 \u00a0el \u00a0 \u00a0Hotel \u00a0 \u00a0Altamira \u00a0 \u00a0de \u00a0Ibagu\u00e9. \u00a0\u00a0<\/p>\n<p>Y \u00a0 \u00a0 en \u00a0 \u00a0 relaci\u00f3n \u00a0con \u00a0los \u00a0dem\u00e1s \u00a0d\u00edas \u00a0 del \u00a0 mes \u00a0de \u00a0octubre \u00a0el \u00a0procesado \u00a0acredit\u00f3 \u00a0uno \u00a0a \u00a0uno, \u00a0documental y testimonialmente con las \u00a0personas \u00a0con \u00a0las que cumpli\u00f3 los \u00a0diferentes \u00a0 \u00a0 eventos, \u00a0 \u00a0 las \u00a0 \u00a0actividades \u00a0 \u00a0que \u00a0 \u00a0desarroll\u00f3. \u00a0 \u00a0As\u00ed, \u00a0 \u00a0por \u00a0 \u00a0ejemplo, \u00a0 el \u00a01\u00ba \u00a0 asisti\u00f3 \u00a0 al \u00a0auditorio \u00a0 \u00a0 \u00a0 de \u00a0 \u00a0 \u00a0la \u00a0 \u00a0 \u00a0C\u00e1mara \u00a0 \u00a0 \u00a0de \u00a0 \u00a0 Comercio \u00a0 \u00a0 de \u00a0Ibagu\u00e9 \u00a0a un homenaje que le rindieron los gremios \u00a0econ\u00f3micos, \u00a0 hecho \u00a0 ratificado \u00a0por \u00a0el \u00a0doctor \u00a0Leonidas \u00a0L\u00f3pez \u00a0 \u00a0Herr\u00e1n, \u00a0en \u00a0 la \u00a0 audiencia25. \u00a0\u00a0<\/p>\n<p>El \u00a0 \u00a0 \u00a0doctor \u00a0 \u00a0 \u00a0Alberto \u00a0 \u00a0 \u00a0Gonz\u00e1lez \u00a0 \u00a0 Murcia \u00a0record\u00f3 \u00a0un \u00a0homenaje \u00a0que \u00a0le \u00a0hicieron \u00a0al \u00a0ex \u00a0parlamentario \u00a0en el Conservatorio de M\u00fasica \u00a0 \u00a0 \u00a0 \u00a0del \u00a0 \u00a0 \u00a0 \u00a0Tolima26. \u00a0\u00a0<\/p>\n<p>A \u00a0su \u00a0vez, \u00a0el \u00a0 doctor \u00a0 Edgardo \u00a0Jos\u00e9 \u00a0 \u00a0 \u00a0 \u00a0Maya \u00a0 \u00a0 \u00a0 \u00a0Villaz\u00f3n, \u00a0 ex \u00a0 Procurador \u00a0 General \u00a0 de \u00a0la \u00a0 \u00a0 Naci\u00f3n, \u00a0manifest\u00f3 \u00a0 que \u00a0el \u00a0doctor \u00a0 \u00a0Carlos \u00a0 \u00a0Armando \u00a0 \u00a0Garc\u00eda \u00a0Orjuela \u00a0estuvo \u00a0presente \u00a0en \u00a0el \u00a0funeral \u00a0 \u00a0 de \u00a0 \u00a0 Consuelo \u00a0 \u00a0Ara\u00fajo \u00a0Noguera, \u00a0su \u00a0esposa27, \u00a0y \u00a0que posteriormente, en el hall \u00a0del \u00a0 \u00a0Edificio \u00a0 Nuevo \u00a0 del \u00a0 Congreso \u00a0 de \u00a0 la \u00a0Rep\u00fablica, le hicieron \u00a0un \u00a0homenaje p\u00f3stumo, se refiere al 25 de \u00a0octubre \u00a0del aludido a\u00f1o, cuando \u00a0se \u00a0 \u00a0ley\u00f3 \u00a0 \u201cLa \u00a0Oraci\u00f3n \u00a0 \u00a0 por \u00a0 \u00a0la \u00a0 \u00a0Paz\u201d \u00a0 \u00a0 \u00a0 \u00a0 \u00a0 concebida \u00a0 por \u00a0 el \u00a0 escritor \u00a0 \u00a0 \u00a0 \u00a0 William \u00a0 \u00a0 \u00a0Ospina, \u00a0 \u00a0quien \u00a0 \u00a0ratific\u00f3 \u00a0 \u00a0 tal \u00a0 \u00a0 hecho \u00a0 \u00a0y \u00a0 \u00a0adem\u00e1s \u00a0record\u00f3 \u00a0 que \u00a0 previamente \u00a0 a \u00a0 su \u00a0lectura \u00a0se \u00a0reuni\u00f3 \u00a0con \u00a0 \u00a0el \u00a0 \u00a0acusado \u00a0 \u00a0los \u00a0 \u00a0 \u00a0 \u00a0 \u00a0d\u00edas \u00a017 \u00a0y \u00a024 \u00a0de \u00a0los \u00a0mismos mes y \u00a0a\u00f1o, \u00a0 \u00a0 \u00a0 \u00a0 \u00a0 \u00a0 \u00a0acompa\u00f1ado \u00a0 \u00a0del \u00a0 doctor \u00a0 Camilo \u00a0 \u00a0Gonz\u00e1lez, \u00a0 oportunidades \u00a0 \u00a0 \u00a0en \u00a0las \u00a0cuales \u00a0se tomaron el tiempo necesario para hablar de la \u00a0paz \u00a0 \u00a0 \u00a0 \u00a0 \u00a0 \u00a0 en \u00a0 \u00a0 \u00a0 \u00a0 \u00a0 \u00a0 Colombia28. \u00a0\u00a0<\/p>\n<p>As\u00ed mismo, \u00a0se \u00a0 destaca \u00a0 de \u00a0 la \u00a0 prueba \u00a0 recopilada \u00a0 que \u00a0adem\u00e1s \u00a0 \u00a0 los \u00a0d\u00edas 20 y 21 de octubre, el procesado estuvo \u00a0 \u00a0 \u00a0 \u00a0 \u00a0en \u00a0 \u00a0 otros \u00a0 \u00a0actos \u00a0en el Departamento del Tolima, para \u00a0los \u00a0 \u00a0cuales \u00a0 \u00a0no \u00a0 \u00a0utiliz\u00f3 \u00a0 transporte \u00a0 en \u00a0helic\u00f3ptero, \u00a0sin que \u00a0tal \u00a0 \u00a0 \u00a0circunstancia \u00a0 \u00a0 \u00a0advierta novedad debido a que procesalmente \u00a0Helicol \u00a0 \u00a0 certific\u00f3 \u00a0 \u00a0los \u00a0 \u00a0d\u00edas \u00a0 que \u00a0fue \u00a0contratada \u00a0y \u00a0no \u00a0se \u00a0demostr\u00f3 \u00a0 \u00a0que \u00a0 hubiese \u00a0 acordado \u00a0el \u00a0servicio \u00a0con otra empresa para \u00a0su \u00a0 \u00a0movilizaci\u00f3n, \u00a0 como \u00a0 ocurri\u00f3 \u00a0 el \u00a0 viernes \u00a0 5 \u00a0 de \u00a0 octubre \u00a0cuando \u00a0inaugur\u00f3 \u00a0la sede pol\u00edtica en el marco de la \u00a0Plaza \u00a0de \u00a0Bol\u00edvar de \u00a0Ibagu\u00e9, \u00a0 \u00a0 asistiendo \u00a0 \u00a0al \u00a0 \u00a0d\u00eda \u00a0siguiente, \u00a0en horas de la ma\u00f1ana \u00a0a \u00a0 la \u00a0 Convenci\u00f3n \u00a0Liberal \u00a0 Departamental \u00a0 del \u00a0 Tolima \u00a0y \u00a0en \u00a0la tarde a la apertura de la \u00a0sede \u00a0 \u00a0de \u00a0 la \u00a0 Nueva \u00a0 Fuerza \u00a0 C\u00edvica \u00a0 \u00a0 \u00a0 Liberal, \u00a0 \u00a0y \u00a0 el \u00a0 domingo \u00a0 7 \u00a0 al \u00a0 Municipio \u00a0 de \u00a0 Fresno, \u00a0 a \u00a0 la \u00a0posesi\u00f3n \u00a0 \u00a0 \u00a0del \u00a0 \u00a0 alcalde \u00a0 \u00a0 Mario \u00a0Casta\u00f1o \u00a0Herrera29. \u00a0\u00a0<\/p>\n<p>Los d\u00edas 1, \u00a03 \u00a0y \u00a04 \u00a0de \u00a0noviembre \u00a0de \u00a02001, \u00a0nuevamente el ex \u00a0Senador \u00a0 \u00a0 viaj\u00f3 \u00a0 \u00a0 en \u00a0 \u00a0helic\u00f3ptero \u00a0al Departamento del Tolima, el \u00a0primer \u00a0 \u00a0 \u00a0 d\u00eda \u00a0 \u00a0 \u00a0 lo \u00a0 \u00a0 \u00a0 hizo \u00a0en \u00a0una aeronave del Ministerio \u00a0de \u00a0Transporte acompa\u00f1ando al Ministro Gustavo \u00a0Canal \u00a0Mora \u00a0con destino al \u00a0Municipio \u00a0 \u00a0de \u00a0 \u00a0Icononzo. \u00a0 \u00a0El \u00a0 \u00a0segundo, \u00a0 \u00a0viaj\u00f3 \u00a0 en \u00a0un \u00a0aparato \u00a0de \u00a0Helicol \u00a0con \u00a0su \u00a0 esposa \u00a0 e \u00a0hija, \u00a0quienes \u00a0hab\u00edan \u00a0 \u00a0 \u00a0llegado \u00a0 \u00a0 \u00a0el \u00a0 \u00a0 \u00a0d\u00eda \u00a0anterior\u00a0 \u00a0 al \u00a0pa\u00eds, \u00a0cubriendo \u00a0la \u00a0ruta \u00a0 \u00a0 \u00a0 Apulo-Su\u00e1rez, \u00a0 \u00a0 \u00a0Su\u00e1rez-L\u00edbano, \u00a0 \u00a0 \u00a0 L\u00edbano-Mariquita. \u00a0 \u00a0 \u00a0 \u00a0 El \u00a0tercero \u00a0hizo \u00a0 \u00a0el \u00a0 recorrido \u00a0Mariquita-Coello, \u00a0Coello-Guamo, Guamo-Purificaci\u00f3n, \u00a0partiendo la aeronave a las 16:30 horas con destino a su base \u00a0de Neiva, Huila, sin pasajeros. \u00a0\u00a0<\/p>\n<p>Luego \u00a0el \u00a0cumplimiento \u00a0de la agenda \u00a0del \u00a0 procesado \u00a0 y \u00a0 las \u00a0pruebas \u00a0documentales \u00a0y \u00a0testimoniales \u00a0 \u00a0 \u00a0 \u00a0 \u00a0acompa\u00f1adas \u00a0 \u00a0durante \u00a0 \u00a0la \u00a0 \u00a0fase \u00a0 de \u00a0 la \u00a0 investigaci\u00f3n \u00a0 y \u00a0el \u00a0juicio \u00a0son \u00a0indicativas \u00a0que \u00a0la \u00a0reuni\u00f3n del \u00a0Rancho \u00a0 \u00a0JC \u00a0 \u00a0no \u00a0 \u00a0se \u00a0 \u00a0verific\u00f3 \u00a0 \u00a0 en \u00a0 \u00a0 la \u00a0 \u00a0 \u00e9poca \u00a0 \u00a0 \u00a0indicada \u00a0 \u00a0 \u00a0por \u00a0 \u00a0 los \u00a0 \u00a0 testigos \u00a0 \u00a0 Ricaurte \u00a0 \u00a0 \u00a0Soria \u00a0 \u00a0 \u00a0Ortiz, \u00a0Jos\u00e9 \u00a0Albeiro \u00a0Garc\u00eda \u00a0Zambrano \u00a0y \u00a0John Jairo \u00a0Silva \u00a0Rinc\u00f3n, quienes \u00a0incurrieron \u00a0en contradicciones acerca de la \u00a0forma \u00a0 como \u00a0 sucedi\u00f3 \u00a0el \u00a0encuentro, \u00a0 adem\u00e1s \u00a0de \u00a0las \u00a0apreciaciones \u00a0subjetivas \u00a0 \u00a0 \u00a0 del \u00a0 \u00a0 \u00a0 segundo, \u00a0 \u00a0 \u00a0 \u00a0 \u00a0 \u00a0cimentadas \u00a0en \u00a0juicios \u00a0de valor acerca de por \u00a0qu\u00e9 \u00a0 \u00a0 \u00a0 \u00a0 \u00a0 \u00a0 \u00a0 \u00a0 \u00a0entendi\u00f3 \u00a0 \u00a0 \u00a0 \u00a0que \u00a0 \u00a0 el \u00a0 \u00a0ex \u00a0 \u00a0Senador \u00a0y \u00a0El\u00edas \u00a0hab\u00edan \u00a0hecho \u00a0 acuerdos, \u00a0 frente \u00a0 a \u00a0 lo \u00a0 cual, \u00a0 \u00a0 la \u00a0 \u00a0 Sala, \u00a0como \u00a0lo \u00a0 \u00a0rememor\u00f3 \u00a0 \u00a0en \u00a0 el \u00a0 radicado \u00a0 \u00a0 \u00a0 \u00a0 \u00a0 \u00a028.779, \u00a0adelantada \u00a0por \u00a0hechos \u00a0similares \u00a0contra \u00a0el \u00a0ex \u00a0Representante a la \u00a0 \u00a0 \u00a0C\u00e1mara \u00a0 \u00a0 Pompilio \u00a0 \u00a0 Avenda\u00f1o \u00a0 \u00a0 \u00a0 \u00a0 L\u00f3pera, \u00a0 \u00a0ha \u00a0 \u00a0considerado: \u00a0\u00a0<\/p>\n<p>[s]i \u00a0en \u00a0materia \u00a0 \u00a0de \u00a0 \u00a0razonamiento \u00a0 \u00a0pr\u00e1ctico, \u00a0 \u00a0parecer\u00eda \u00a0 inadmisible \u00a0atribuir \u00a0 verdad \u00a0 o \u00a0correcci\u00f3n \u00a0a \u00a0los \u00a0juicios \u00a0valorativos,\u201d30 \u00a0 \u00a0 \u00a0 \u00a0con \u00a0mayor \u00a0veras \u00a0ser\u00e1 inaceptable \u00a0que \u00a0sea el testigo quien supla esos juicios que le corresponde asumir al juez o \u00a0que \u00a0 la \u00a0 sana \u00a0 cr\u00edtica \u00a0 como \u00a0m\u00e9todo \u00a0 de \u00a0 apreciaci\u00f3n \u00a0racional de las pruebas se conf\u00ede \u00a0a \u00a0la \u00a0ciencia \u00a0del \u00a0testigo \u00a0y \u00a0no \u00a0al \u00a0administrador \u00a0de justicia.31 \u00a0\u00a0<\/p>\n<p>\u00a0 \u00a0\u00a0 \u00a0 \u00a0La \u00a0inferencia \u00a0de \u00a0Garc\u00eda \u00a0Zambrano \u00a0 acerca \u00a0de \u00a0los \u00a0acuerdos \u00a0est\u00e1 \u00a0cimentada \u00a0 \u00a0 en \u00a0 \u00a0su \u00a0 \u00a0imaginaci\u00f3n, \u00a0 \u00a0 pues \u00a0 \u00a0 no \u00a0 \u00a0describe \u00a0 \u00a0 en \u00a0 \u00a0qu\u00e9 \u00a0 \u00a0 \u00a0 \u00a0 \u00a0consistieron, \u00a0 \u00a0 ni \u00a0 \u00a0 cu\u00e1l \u00a0 \u00a0 la \u00a0actuaci\u00f3n \u00a0 \u00a0 que \u00a0 \u00a0 en \u00a0 \u00a0desarrollo \u00a0 \u00a0de \u00a0 \u00a0ellos \u00a0 \u00a0deb\u00edan \u00a0 \u00a0 \u00a0 \u00a0 \u00a0 \u00a0realizar\u00a0 \u00a0los \u00a0integrantes del \u00a0Bloque \u00a0 Tolima \u00a0 en \u00a0 el \u00a0 proceso \u00a0electoral \u00a0de \u00a02002, \u00a0 tampoco \u00a0 lo \u00a0 hacen \u00a0 los \u00a0 dem\u00e1s \u00a0 \u00a0 \u00a0 \u00a0 \u00a0desmovilizados \u00a0de \u00a0la misma facci\u00f3n \u00a0ilegal \u00a0 que \u00a0 han \u00a0declarado, \u00a0 quienes \u00a0simplemente \u00a0 se \u00a0 remiten \u00a0al \u00a0presunto \u00a0encuentro \u00a0entre \u00a0el ex Senador y \u00a0el \u00a0 \u00a0 \u00a0 \u00a0 \u00a0comandante \u00a0 \u00a0 \u00a0 \u00a0 El\u00edas \u00a0en \u00a0 \u00a0el \u00a0 \u00a0Rancho \u00a0JC. \u00a0\u00a0<\/p>\n<p>\u00a0 \u00a0\u00a0 \u00a0 \u00a0Mas \u00a0a\u00fan, \u00a0no se puede omitir comentar que no corresponde a \u00a0la \u00a0 din\u00e1mica \u00a0 propia \u00a0 de \u00a0los \u00a0grupos \u00a0armados \u00a0ilegales de autodefensa \u00a0que \u00a0su \u00a0comandante \u00a0realice acuerdos con pol\u00edticos \u00a0sin \u00a0 \u00a0 tener \u00a0 \u00a0 ninguna \u00a0 \u00a0repercusi\u00f3n \u00a0 en \u00a0 la \u00a0 tropa \u00a0 \u00a0bajo \u00a0 \u00a0su \u00a0 \u00a0mando, \u00a0 \u00a0la \u00a0 experiencia \u00a0 ense\u00f1a \u00a0 \u00a0 \u00a0que \u00a0 \u00a0 \u00a0como \u00a0consecuencia \u00a0directa de los mismos \u00a0la \u00a0orden \u00a0desciende \u00a0a cada una de sus unidades para que enfoque su accionar en \u00a0el \u00a0 sentido \u00a0 querido, \u00a0 pero \u00a0 aqu\u00ed, \u00a0 seg\u00fan \u00a0 se \u00a0 desprende \u00a0de \u00a0lo \u00a0afirmado \u00a0 \u00a0 por \u00a0 \u00a0 los \u00a0 \u00a0 desmovilizados \u00a0 \u00a0 \u00a0 \u00a0de \u00a0 \u00a0 \u00a0 \u00a0bloque \u00a0 \u00a0 \u00a0 \u00a0Tolima, \u00a0 \u00a0 \u00a0 El\u00edas \u00a0 \u00a0 \u00a0 \u00a0 \u00a0nunca \u00a0 \u00a0 \u00a0socializ\u00f3 \u00a0 los \u00a0 t\u00e9rminos \u00a0del \u00a0concierto, \u00a0simplemente \u00a0ellos \u00a0lo \u00a0dedujeron \u00a0 \u00a0de \u00a0 la \u00a0existencia \u00a0 \u00a0 de \u00a0 \u00a0 una \u00a0 \u00a0 reuni\u00f3n \u00a0que, \u00a0como \u00a0se \u00a0ha \u00a0visto, no \u00a0tuvo \u00a0 \u00a0 cabida \u00a0 \u00a0 en \u00a0 \u00a0 la \u00a0 \u00a0 \u00e9poca \u00a0 \u00a0 que \u00a0refirieron. \u00a0\u00a0<\/p>\n<p>En \u00a0 \u00a0este \u00a0 sentido, \u00a0 en \u00a0 \u00a0la \u00a0 \u00a0resoluci\u00f3n \u00a0 \u00a0de \u00a0 la \u00a0acusaci\u00f3n \u00a0 \u00a0 la \u00a0Fiscal\u00eda \u00a0consider\u00f3 que el acuerdo se manifest\u00f3 \u00a0 \u00a0 \u00a0en \u00a0 \u00a0 \u00a0apoyo \u00a0 \u00a0 electoral \u00a0 \u00a0 a \u00a0 \u00a0 la \u00a0 \u00a0 campa\u00f1a \u00a0de \u00a0 \u00a0 Carlos \u00a0 \u00a0 Armando \u00a0 \u00a0 Garc\u00eda \u00a0Orjuela \u00a0para \u00a0las \u00a0elecciones de \u00a02002; \u00a0 as\u00ed, \u00a0 la \u00a0 segunda \u00a0instancia \u00a0en \u00a0la \u00a0 \u00a0 Fiscal\u00eda \u00a0analiz\u00f3 \u00a0la \u00a0 votaci\u00f3n \u00a0que \u00a0obtuvo \u00a0en \u00a0los \u00a0diferentes \u00a0 municipios \u00a0 del \u00a0Departamento \u00a0 \u00a0del \u00a0 \u00a0Tolima, \u00a0 concluyendo \u00a0que \u00a0en \u00a0algunos \u00a0la \u00a0redujo \u00a0 \u00a0 y \u00a0 \u00a0en \u00a0otros, \u00a0de \u00a0influencia \u00a0paramilitar, \u00a0la aument\u00f3, \u00a0 incluso \u00a0 la \u00a0duplic\u00f3, como \u00a0sucedi\u00f3 \u00a0 \u00a0en \u00a0 Coyaima, \u00a0 Chaparral, \u00a0 Espinal, \u00a0L\u00edbano, \u00a0Natagaima, \u00a0Purificaci\u00f3n \u00a0y \u00a0San \u00a0Antonio. \u00a0\u00a0<\/p>\n<p>Esa \u00a0 \u00a0 inferencia, \u00a0 \u00a0 como \u00a0 \u00a0lo \u00a0destac\u00f3 \u00a0 \u00a0 \u00a0 \u00a0 \u00a0la \u00a0 \u00a0 \u00a0 \u00a0 defensa, \u00a0es \u00a0fruto \u00a0del \u00a0an\u00e1lisis \u00a0parcial de los \u00a0resultados \u00a0electorales, \u00a0el cual \u00a0no \u00a0 consider\u00f3 \u00a0 los \u00a0obtenidos \u00a0 \u00a0 \u00a0 por \u00a0 \u00a0 \u00a0diferentes \u00a0 candidatos \u00a0 como \u00a0 Luis \u00a0Humberto G\u00f3mez Gallo, Mauricio \u00a0Jaramillo y \u00a0Germ\u00e1n \u00a0Vargas \u00a0 \u00a0 \u00a0 \u00a0 \u00a0 \u00a0 \u00a0Lleras, \u00a0 \u00a0 \u00a0 \u00a0 \u00a0 \u00a0as\u00ed \u00a0 como \u00a0 el \u00a0 apoyo \u00a0 \u00a0 \u00a0 \u00a0que \u00a0 \u00a0 \u00a0 consigui\u00f3 \u00a0 \u00a0 \u00a0 de \u00a0 \u00a0 \u00a0 \u00a0 \u00a0 \u00a0las dem\u00e1s \u00a0personas que integraban \u00a0la \u00a0 \u00a0 lista \u00a0 \u00a0y \u00a0de \u00a0los dos \u00a0candidatos \u00a0a \u00a0la \u00a0C\u00e1mara \u00a0de \u00a0Representantes que apoyaban \u00a0la \u00a0campa\u00f1a \u00a0al Senado \u00a0del procesado. \u00a0\u00a0<\/p>\n<p>Al \u00a0 \u00a0 respecto, \u00a0 \u00a0 se \u00a0 \u00a0 \u00a0encuentra \u00a0 \u00a0 demostrado \u00a0que, por ejemplo, en el \u00a0Municipio \u00a0 \u00a0 \u00a0de \u00a0 \u00a0 \u00a0Purificaci\u00f3n \u00a0 el \u00a0 doctor \u00a0 Garc\u00eda \u00a0 \u00a0 Orjuela \u00a0 \u00a0ten\u00eda \u00a0 el \u00a0 respaldo \u00a0de \u00a0la \u00a0entonces \u00a0Representante \u00a0 \u00a0 \u00a0a \u00a0 \u00a0 \u00a0la \u00a0 \u00a0 C\u00e1mara \u00a0 \u00a0 \u00a0 \u00a0 \u00a0 Jasbleidy \u00a0Nemoc\u00f3n \u00a0Yazo \u00a0 \u00a0 \u00a0y \u00a0 \u00a0 \u00a0su \u00a0 \u00a0 esposo \u00a0 \u00a0 Ricardo \u00a0 \u00a0 \u00a0Guarnizo, \u00a0ella \u00a0aspiraba \u00a0al \u00a0Senado \u00a0en el \u00a0sexto \u00a0 rengl\u00f3n \u00a0 de \u00a0 la \u00a0lista \u00a0encabezada \u00a0por \u00a0aqu\u00e9l, \u00a0quien \u00a0 \u00a0 desarroll\u00f3 \u00a0 actividad \u00a0 pol\u00edtica \u00a0en \u00a0dicha \u00a0localidad, \u00a0 \u00a0 \u00a0 como \u00a0 \u00a0 \u00a0 se \u00a0 \u00a0 \u00a0 desprende \u00a0 \u00a0 \u00a0de \u00a0 \u00a0 \u00a0la \u00a0 \u00a0 \u00a0declaraci\u00f3n \u00a0 \u00a0de \u00a0 \u00a0Jos\u00e9 \u00a0 Albeiro \u00a0Garc\u00eda \u00a0Zambrano \u00a0en \u00a0cuanto coment\u00f3 \u00a0 \u00a0 \u00a0a \u00a0 \u00a0 El\u00edas \u00a0que \u00a0el \u00a0ex Senador iba a realizar un acto pol\u00edtico \u00a0all\u00ed, \u00a0para \u00a0el \u00a0cual \u00a0d\u00edas \u00a0 \u00a0 \u00a0antes \u00a0 \u00a0 \u00a0el \u00a0 \u00a0 \u00a0Ej\u00e9rcito \u00a0 \u00a0 \u00a0 Nacional \u00a0 \u00a0 \u00a0 estaba \u00a0 \u00a0 \u00a0haciendo \u00a0 \u00a0 \u00a0labores \u00a0 de \u00a0 registro \u00a0 y \u00a0control \u00a0y \u00a0que el d\u00eda \u00a0 \u00a0 \u00a0 \u00a0fijado, \u00a0el \u00a0congresista \u00a0lleg\u00f3 \u00a0en \u00a0helic\u00f3ptero \u00a0 \u00a0y \u00a0aqu\u00e9l \u00a0 \u00a0le \u00a0 dijo \u00a0que \u00a0 le \u00a0 prestara \u00a0colaboraci\u00f3n, la cual \u00a0limit\u00f3 \u00a0a \u00a0 \u00a0retirar \u00a0 los \u00a0 urbanos \u00a0 de \u00a0 las \u00a0 autodefensas32 \u00a0\u00a0<\/p>\n<p>. \u00a0<\/p>\n<p>La \u00a0 \u00a0 participaci\u00f3n \u00a0 de \u00a0 pol\u00edticos \u00a0locales \u00a0en \u00a0la \u00a0campa\u00f1a \u00a0 del \u00a0 ex \u00a0 parlamentario \u00a0 constituye \u00a0 \u00a0 una \u00a0 \u00a0explicaci\u00f3n \u00a0razonable \u00a0 acerca \u00a0 de \u00a0 la \u00a0votaci\u00f3n \u00a0 que \u00a0 obtuvo \u00a0 en \u00a0el \u00a0Departamento \u00a0del \u00a0Tolima, aunque \u00a0otros \u00a0 pol\u00edticos \u00a0que \u00a0no \u00a0son \u00a0oriundos \u00a0de \u00a0la \u00a0regi\u00f3n \u00a0 \u00a0tambi\u00e9n \u00a0poseyeron \u00a0 \u00a0una \u00a0votaci\u00f3n \u00a0importante y \u00a0no \u00a0sufrieron tropiezo \u00a0alguno \u00a0 con \u00a0 los \u00a0 grupos \u00a0armados \u00a0ilegales \u00a0durante \u00a0la \u00a0campa\u00f1a \u00a0para \u00a0las \u00a0elecciones \u00a0del \u00a010 de \u00a0marzo \u00a0 \u00a0 2002, \u00a0como \u00a0 es \u00a0 el \u00a0caso \u00a0de \u00a0 \u00a0los \u00a0 \u00a0 \u00a0 \u00a0 doctores \u00a0 \u00a0 \u00a0 \u00a0 \u00a0 \u00a0Germ\u00e1n \u00a0Vargas \u00a0Lleras33 \u00a0y \u00a0 \u00a0Luis \u00a0 Alfredo \u00a0Ramos. \u00a0\u00a0<\/p>\n<p>Situaci\u00f3n \u00a0similar \u00a0se \u00a0observa \u00a0en \u00a0el \u00a0Municipio \u00a0de Chaparral \u00a0en \u00a0 donde \u00a0 el \u00a0doctor \u00a0Vargas \u00a0Lleras \u00a0 \u00a0 \u00a0 logr\u00f3 \u00a0 \u00a0 \u00a01.354 \u00a0 \u00a0 votos, \u00a0 \u00a0 521 \u00a0votos \u00a0menos que \u00e9l \u00a0 \u00a0 doctor \u00a0 \u00a0Garc\u00eda \u00a0 \u00a0 \u00a0Orjuela, \u00a0 \u00a0 y \u00a0 \u00a0sumada \u00a0 toda \u00a0 la \u00a0 \u00a0 \u00a0 \u00a0votaci\u00f3n, \u00a0 \u00a0arroja \u00a0 \u00a0un \u00a0 \u00a0guarismo \u00a0 de \u00a09.895, \u00a0 \u00a0 del \u00a0cual \u00a0\u00e9ste \u00a0obtuvo \u00a0el \u00a018.77% \u00a0del \u00a0total \u00a0de \u00a0sufragantes, \u00a0 \u00a0 \u00a0correspondiendo \u00a0a \u00a0la \u00a0mayor \u00a0votaci\u00f3n, \u00a0sin que ello refleje presencia \u00a0 \u00a0 \u00a0 \u00a0y \u00a0 poder \u00a0hegem\u00f3nico \u00a0de \u00a0un \u00a0grupo \u00a0paramilitar \u00a0 \u00a0reducido \u00a0 \u00a0y \u00a0 \u00a0en \u00a0 proceso \u00a0 de \u00a0reorganizaci\u00f3n, \u00a0 \u00a0 \u00a0 \u00a0 \u00a0 \u00a0como \u00a0 \u00a0 \u00a0 \u00a0 \u00a0 relat\u00f3 \u00a0Agust\u00edn \u00a0 \u00a0 de \u00a0Jes\u00fas \u00a0 \u00a0S\u00e1nchez \u00a0Mej\u00eda \u00a0 \u00a0 cuando \u00a0cont\u00f3 \u00a0 \u00a0 que \u00a0lleg\u00f3 \u00a0 \u00a0a \u00a0 \u00a0comienzos \u00a0 del \u00a0 2001 \u00a0 \u00a0a \u00a0 \u00a0realizar \u00a0 \u00a0la \u00a0tarea \u00a0de \u00a0restauraci\u00f3n de la \u00a0facci\u00f3n \u00a0 ilegal34. \u00a0\u00a0<\/p>\n<p>\u00a0 \u00a0 \u00a0<\/p>\n<p>1. \u00a0\u00a0<\/p>\n<p>2. 3.2 \u00a0 \u00a0 Reuni\u00f3n \u00a0 \u00a0 \u00a0 \u00a0en la vereda La Chamba \u00a0 \u00a0\u00a0<\/p>\n<p>Contrario \u00a0 a \u00a0lo \u00a0que \u00a0sucede \u00a0con \u00a0la \u00a0presunta \u00a0reuni\u00f3n del \u00a0Rancho \u00a0 \u00a0JC, \u00a0 \u00a0en \u00a0 \u00a0esta \u00a0 \u00a0ocurren \u00a0 factores \u00a0 de \u00a0tiempo \u00a0con \u00a0fundamento \u00a0en \u00a0los \u00a0cuales, \u00a0en \u00a0principio, \u00a0se \u00a0podr\u00eda afirmar que tuvo ocurrencia \u00a0entre \u00a0el 12 y el 15 de \u00a0julio de 2001. \u00a0\u00a0<\/p>\n<p>En \u00a0 \u00a0este \u00a0 sentido, \u00a0 Edwin \u00a0 \u00a0 \u00a0 Hernando \u00a0 \u00a0 \u00a0 Carvajal \u00a0 \u00a0 \u00a0 Rodas \u00a0 \u00a0 \u00a0afirm\u00f3 \u00a0 \u00a0 \u00a0 \u00a0 que \u00a0del 25 de abril al 7 de diciembre del citado a\u00f1o \u00a0 \u00a0estuvo \u00a0 \u00a0privado \u00a0 \u00a0de \u00a0 \u00a0la \u00a0libertad, \u00a0 \u00a0 \u00a0 \u00a0 \u00a0 \u00a0 porque, \u00a0en la \u00a0\u00faltima \u00a0fecha, \u00a0 \u00a0 \u00a0se \u00a0fug\u00f3 \u00a0 \u00a0del \u00a0 \u00a0Instituto \u00a0 \u00a0Polit\u00e9cnico \u00a0 Luis\u00a0 \u00a0 A. \u00a0 Rengifo35 \u00a0 \u00a0 en \u00a0 \u00a0 donde \u00a0 \u00a0se \u00a0encontraba \u00a0 privado \u00a0de \u00a0la \u00a0libertad \u00a0por \u00a0concierto \u00a0para \u00a0delinquir, homicidio agravado, secuestro, \u00a0entre \u00a0 \u00a0otros \u00a0 delitos, \u00a0 reintegr\u00e1ndose \u00a0a \u00a0la \u00a0actividad ilegal \u00a0 \u00a0en \u00a0 \u00a0el \u00a0 corregimiento \u00a0Pacand\u00e9 \u00a0del \u00a0Municipio \u00a0de \u00a0San \u00a0Luis, \u00a0en donde fue recogido \u00a0 \u00a0 \u00a0nuevamente \u00a0 \u00a0 por el grupo de autodefensa. \u00a0\u00a0<\/p>\n<p>Pero \u00a0 \u00a0 \u00a0 \u00a0 documentalmente \u00a0 est\u00e1 \u00a0demostrado que el ex Senador Carlos \u00a0Armando \u00a0 \u00a0 \u00a0 Garc\u00eda \u00a0 \u00a0 \u00a0Orjuela, \u00a0del 7 \u00a0al \u00a0 11 \u00a0de \u00a0diciembre \u00a0de \u00a02001, \u00a0viaj\u00f3 \u00a0 a \u00a0los \u00a0 \u00a0 Estados \u00a0 \u00a0 Unidos \u00a0 \u00a0de \u00a0 \u00a0Norteam\u00e9rica \u00a0 de \u00a0 acuerdo \u00a0 con \u00a0 el \u00a0 permiso \u00a0 concedido \u00a0 por \u00a0 la \u00a0Mesa \u00a0Directiva \u00a0 del \u00a0Senado \u00a0de \u00a0la \u00a0Rep\u00fablica36, \u00a0 cuya \u00a0 salida \u00a0 y \u00a0 entrada \u00a0 al \u00a0pa\u00eds \u00a0esta \u00a0certificada \u00a0por el Departamento \u00a0Administrativo \u00a0 \u00a0 \u00a0de \u00a0 \u00a0 \u00a0Seguridad, \u00a0 \u00a0 DAS37. \u00a0\u00a0<\/p>\n<p>As\u00ed mismo, \u00a0los \u00a0actos \u00a0que cumpli\u00f3 \u00a0con \u00a0posterioridad \u00a0a su regreso, es decir, entre el \u00a011\u00a0 \u00a0 y \u00a0 el \u00a0 15 \u00a0 de \u00a0diciembre \u00a0 \u00a0 se \u00a0 \u00a0 encuentran \u00a0 \u00a0debidamente \u00a0 \u00a0documentados \u00a0en \u00a0el \u00a0expediente, \u00a0desechando \u00a0con \u00a0ellos \u00a0la posibilidad que \u00a0durante \u00a0 \u00a0 \u00a0 \u00a0 esos \u00a0 \u00a0 \u00a0 \u00a0 d\u00edas \u00a0 se \u00a0 hubiese \u00a0reunido \u00a0con \u00a0el \u00a0Comandante \u00a0 \u00a0 \u00a0 \u00a0 \u00a0 \u00a0 \u00a0El\u00edas \u00a0en \u00a0la \u00a0vereda \u00a0La \u00a0Chamba \u00a0 \u00a0 del \u00a0 \u00a0 Municipio \u00a0 \u00a0 \u00a0 \u00a0del Guamo. \u00a0\u00a0<\/p>\n<p>En relaci\u00f3n \u00a0con \u00a0el 15 de diciembre de 2001, aparece un informe \u00a0de \u00a0vuelo \u00a0de \u00a0la \u00a0empresa Helicol cuyo recorrido se \u00a0concentr\u00f3 \u00a0 en \u00a0 el \u00a0Departamento \u00a0de \u00a0Huila \u00a0acompa\u00f1ado de Julio \u00a0 \u00a0 \u00a0 Baham\u00f3n \u00a0 Vanegas \u00a0 y \u00a0el \u00a0entonces \u00a0Mayor \u00a0Israel \u00a0 \u00a0Robayo, \u00a0con \u00a0 el \u00a0itinerario \u00a0Neiva-Pitalito, \u00a0 \u00a0 \u00a0 \u00a0Pitalito-Campoalegre, \u00a0 \u00a0 \u00a0 Campoaelgre-Neiva. \u00a0\u00a0<\/p>\n<p>Y \u00a0 \u00a0 en \u00a0 \u00a0los \u00a0 \u00a0d\u00edas \u00a0 \u00a0siguientes \u00a0 \u00a0resultaba \u00a0 \u00a0un \u00a0 imposible \u00a0 f\u00e1ctico \u00a0 \u00a0llevar \u00a0 \u00a0a \u00a0 \u00a0cabo \u00a0 la \u00a0 aludida \u00a0 reuni\u00f3n \u00a0 \u00a0 \u00a0 en \u00a0 \u00a0 \u00a0 la \u00a0 \u00a0 \u00a0 vereda \u00a0 \u00a0 \u00a0 La \u00a0 \u00a0 \u00a0Chamba\u00a0 \u00a0 porque \u00a0 a \u00a0pesar \u00a0de \u00a0que \u00a0El\u00edas \u00a0le \u00a0 \u00a0 \u00a0 manifest\u00f3 \u00a0a Jos\u00e9 \u00a0Albeiro \u00a0 \u00a0 \u00a0 Garc\u00eda \u00a0 \u00a0 \u00a0 Zambrano \u00a0 meses \u00a0antes \u00a0de \u00a0que \u00a0por \u00a0ese \u00a0a\u00f1o \u00a0 \u00a0dejar\u00edan \u00a0as\u00ed \u00a0y\u00a0 \u00a0s\u00f3lo se \u00a0dedicar\u00edan \u00a0 \u00a0a \u00a0 \u00a0entrar \u00a0 en \u00a0 contactos \u00a0 con \u00a0pol\u00edticos, el 16 de diciembre el grupo \u00a0paramilitar \u00a0estaba \u00a0al \u00a0mando \u00a0de \u00a0Ricaurte \u00a0Soria Ortiz38, \u00a0 \u00a0 \u00a0 quien \u00a0 \u00a0 \u00a0 \u00a0 \u00a0comand\u00f3 las operaciones de Montoso, \u00a0Montefr\u00edo \u00a0y \u00a0 \u00a0 \u00a0Paso \u00a0 \u00a0 \u00a0de \u00a0 \u00a0 \u00a0la \u00a0 \u00a0 Barca, \u00a0para \u00a0esa \u00a0fecha, \u00a0seg\u00fan \u00a0 \u00a0 \u00a0 \u00a0 \u00e9l, \u00a0 \u00a0 \u00a0 \u00a0 \u00a0 \u00a0El\u00edas y \u00a0Arturo \u00a0se \u00a0 \u00a0 \u00a0 fueron \u00a0 \u00a0 \u00a0 de \u00a0 \u00a0 \u00a0 vacaciones, \u00a0 \u00a0 \u00a0luego: \u00a0 \u00a0 \u00a0 \u00a0 \u00a0 \u00a0\u00bfcon \u00a0 \u00a0 \u00a0 \u00a0qui\u00e9n \u00a0 \u00a0 \u00a0iba \u00a0 \u00a0 \u00a0a \u00a0 \u00a0 \u00a0concertarse \u00a0 \u00a0 \u00a0el \u00a0 \u00a0 \u00a0pol\u00edtico? \u00a0\u00a0<\/p>\n<p>No \u00a0 \u00a0 obstante,\u00a0 \u00a0 Agust\u00edn \u00a0 de \u00a0Jes\u00fas \u00a0 \u00a0S\u00e1nchez \u00a0 \u00a0Mej\u00eda, alias \u00a0\u201c\u00d3scar\u201d \u00a0 \u00a0 \u00a0 y \u00a0 \u00a0 \u00a0 \u201cPol\u00edtico \u00a0 \u00a0 \u00a0 \u00a0 \u00a0 Chiquito\u201d, \u00a0manifest\u00f3 \u00a0 en \u00a0 la \u00a0 audiencia \u00a0 que \u00a0 en \u00a0 una \u00a0reuni\u00f3n \u00a0 \u00a0 \u00a0 \u00a0 \u00a0 \u00a0 \u00a0 \u00a0llevada \u00a0 \u00a0 \u00a0 \u00a0 a \u00a0 cabo \u00a0 en \u00a0 la \u00a0 vereda \u00a0 \u201cLa \u00a0Cachamba\u201d \u00a0o \u00a0en los \u00a0Lagos, \u00a0reci\u00e9n nombrado \u00a0El\u00edas \u00a0 \u00a0 \u00a0 \u00a0como \u00a0 \u00a0 \u00a0 \u00a0comandante \u00a0 \u00a0 \u00a0 del \u00a0 \u00a0 \u00a0 Bloque, \u00a0 \u00a0 le \u00a0 \u00a0present\u00f3 \u00a0 \u00a0al \u00a0 \u00a0doctor \u00a0 Carlos \u00a0 Armando \u00a0Garc\u00eda Orjuela\u00a0 y \u00a0a \u00a0 \u00a0 \u00a0 los \u00a0 \u00a0 \u00a0 Alcaldes \u00a0 \u00a0 \u00a0del \u00a0Guamo \u00a0y San Luis39 \u00a0\u00a0<\/p>\n<p>, y posteriormente ante el requerimiento \u00a0que \u00a0le \u00a0hizo la Corte para que presentara la agenda \u00a0en \u00a0 \u00a0 \u00a0 \u00a0 \u00a0 \u00a0donde \u00a0 \u00a0 \u00a0 \u00a0 \u00a0 ten\u00eda \u00a0 \u00a0 \u00a0 \u00a0anotada \u00a0 \u00a0la \u00a0 \u00a0fecha \u00a0 \u00a0de \u00a0la \u00a0reuni\u00f3n, \u00a0 \u00a0 \u00a0 \u00a0 \u00a0 \u00a0present\u00f3 \u00a0 \u00a0 \u00a0 una \u00a0 \u00a0 \u00a0 de \u00a0fabricaci\u00f3n \u00a0artesanal \u00a0con una \u00a0anotaci\u00f3n \u00a0 \u00a0en \u00a0 \u00a0la \u00a0 \u00a0cual \u00a0 \u00a0se \u00a0registra \u00a0que \u00a0el 1\u00ba de febrero de \u00a02001 \u00a0se \u00a0llev\u00f3 a cabo \u00a0la \u00a0 \u00a0 \u00a0 aludida \u00a0 \u00a0 \u00a0presentaci\u00f3n, \u00a0 \u00a0 \u00a0 nota\u00a0 \u00a0 sobre \u00a0 la \u00a0 cual \u00a0 se \u00a0 realiz\u00f3 \u00a0estudio \u00a0 \u00a0 \u00a0 \u00a0 \u00a0 \u00a0 documentol\u00f3gico, \u00a0 \u00a0grafol\u00f3gico \u00a0y se fij\u00f3 fotogr\u00e1ficamente \u00a0por \u00a0expertos \u00a0del \u00a0C.T.I. \u00a0de \u00a0la \u00a0Fiscal\u00eda, \u00a0y \u00a0aunque \u00a0 \u00a0 \u00a0no \u00a0 \u00a0 \u00a0se \u00a0 \u00a0 \u00a0pudo \u00a0 \u00a0 \u00a0establecer \u00a0 \u00a0 \u00a0su \u00a0 \u00a0 antig\u00fcedad, \u00a0 \u00a0 \u00a0 \u00a0 s\u00ed \u00a0 \u00a0 la \u00a0 \u00a0 uniprocedencia \u00a0 \u00a0 de \u00a0 \u00a0 la \u00a0 \u00a0anotaci\u00f3n. \u00a0\u00a0<\/p>\n<p>En \u00a0 la \u00a0p\u00e1gina \u00a0 \u00a0en \u00a0 \u00a0donde \u00a0 \u00a0aparece \u00a0 \u00a0la \u00a0nota \u00a0hay \u00a0otras \u00a0que crean duda \u00a0acerca \u00a0de la \u00e9poca en \u00a0la \u00a0 \u00a0 cual \u00a0 \u00a0 se \u00a0 \u00a0 registr\u00f3, \u00a0 \u00a0porque \u00a0en \u00a0el \u00a0anverso \u00a0como \u00a0en el \u00a0reverso \u00a0 \u00a0 \u00a0aparecen \u00a0 \u00a0 inscritos \u00a0 n\u00fameros \u00a0 de \u00a0tel\u00e9fonos \u00a0 \u00a0 \u00a0 m\u00f3viles \u00a0que \u00a0comienzan \u00a0con \u00a0las \u00a0series \u00a0300 \u00a0y 311, autorizadas mucho \u00a0tiempo \u00a0despu\u00e9s por la \u00a0Comisi\u00f3n \u00a0 \u00a0 \u00a0de \u00a0 \u00a0 \u00a0Regulaci\u00f3n \u00a0 \u00a0 de \u00a0Telecomunicaciones, \u00a0 \u00a0 \u00a0como \u00a0 \u00a0 \u00a0lo \u00a0 \u00a0 \u00a0 \u00a0demostr\u00f3 \u00a0la \u00a0defensa \u00a0en el debate p\u00fablico, \u00a0circunstancia \u00a0que \u00a0crea \u00a0duda acerca de su fecha de \u00a0elaboraci\u00f3n \u00a0 y \u00a0 la \u00a0veracidad \u00a0 de \u00a0 su \u00a0contenido. \u00a0\u00a0<\/p>\n<p>Adem\u00e1s de la \u00a0indicada \u00a0 \u00a0nota, \u00a0tambi\u00e9n se observa que \u00a0el \u00a0declarante adujo que \u00a0los \u00a0 \u00a0 \u00a0 testigos \u00a0 \u00a0 \u00a0 de \u00a0 \u00a0 \u00a0 cargo, \u00a0 \u00a0 \u00a0 es \u00a0 \u00a0 \u00a0 decir, \u00a0 \u00a0 \u00a0Ricaurte \u00a0 \u00a0 \u00a0 \u00a0 Soria \u00a0 Ortiz, \u00a0 Jhon \u00a0Jairo \u00a0Silva \u00a0Rinc\u00f3n, \u00a0Jos\u00e9 Albeiro \u00a0Garc\u00eda \u00a0 Zambrano \u00a0y \u00a0Edwin \u00a0 \u00a0Hernando \u00a0 \u00a0Carvajal \u00a0 Rodas \u00a0 no \u00a0estaban \u00a0en \u00a0el \u00a0momento \u00a0que \u00a0El\u00edas \u00a0le \u00a0 \u00a0 \u00a0present\u00f3 \u00a0 \u00a0 \u00a0al \u00a0 \u00a0 ex \u00a0Congresista40 \u00a0\u00a0<\/p>\n<p>, \u00a0 contradiciendo \u00a0 a \u00a0 Ricaurte \u00a0 \u00a0Soria \u00a0 \u00a0Ortiz, \u00a0 quien \u00a0manifest\u00f3 que asisti\u00f3 \u00a0a \u00a0 \u00a0la \u00a0 \u00a0reuni\u00f3n \u00a0 \u00a0y \u00a0 \u00a0fue \u00a0 testigo \u00a0 \u00a0 \u00a0 \u00a0 \u00a0 del \u00a0 \u00a0 \u00a0 compromiso \u00a0 del \u00a0doctor \u00a0 \u00a0Carlos \u00a0 \u00a0Armando \u00a0 \u00a0Garc\u00eda \u00a0 \u00a0 \u00a0Orjuela \u00a0 \u00a0 \u00a0de \u00a0 \u00a0 \u00a0 \u00a0 lograr \u00a0 \u00a0 \u00a0 \u00a0 la \u00a0pavimentaci\u00f3n \u00a0de \u00a0la \u00a0v\u00eda \u00a0 \u00a0que \u00a0 \u00a0comunica \u00a0 la \u00a0 vereda \u00a0La \u00a0Chamba \u00a0con \u00a0el \u00a0Municipio del \u00a0Guamo \u00a0 \u00a0 y \u00a0 \u00a0 desarrollar \u00a0 \u00a0 proyectos \u00a0 \u00a0 de \u00a0inversi\u00f3n \u00a0para el Departamento del Tolima, porque \u00a0de \u00a0ellos, \u00a0a \u00a0trav\u00e9s \u00a0de \u00a0los \u00a0contratistas, \u00a0obtendr\u00edan \u00a0una \u00a0parte \u00a0para \u00a0 \u00a0financiar \u00a0 las \u00a0 autodefensas, \u00a0 a \u00a0 cambio \u00a0 de \u00a0 lo \u00a0 cual \u00a0lo \u00a0dejar\u00edan \u00a0 \u00a0 \u00a0 hacer \u00a0 \u00a0 \u00a0 pol\u00edtica. \u00a0\u00a0<\/p>\n<p>Las \u00a0 contradicciones \u00a0que \u00a0 \u00a0 \u00a0 se \u00a0 \u00a0 \u00a0presentan \u00a0 \u00a0 \u00a0 \u00a0entre \u00a0uno \u00a0y \u00a0otro \u00a0testimonio, no pueden superarse con \u00a0otros \u00a0medios \u00a0de \u00a0prueba, \u00a0al \u00a0contrario se aumenta \u00a0la \u00a0divergencia \u00a0de \u00a0unos \u00a0con \u00a0otros. \u00a0En este sentido, por \u00a0ejemplo, \u00a0 \u00a0 \u00a0Soria \u00a0 \u00a0 \u00a0Ortiz \u00a0 \u00a0 afirm\u00f3 \u00a0 \u00a0 \u00a0que \u00a0 \u00a0 una \u00a0 \u00a0 vez \u00a0culmin\u00f3 \u00a0la \u00a0reuni\u00f3n, \u00a0que \u00a0 \u00a0se \u00a0 \u00a0extendi\u00f3 \u00a0 \u00a0desde \u00a0 \u00a0las \u00a0 \u00a0once \u00a0 \u00a0la \u00a0 ma\u00f1ana \u00a0 hasta \u00a0 las \u00a0 cuatro \u00a0 o \u00a0 cinco \u00a0de \u00a0la \u00a0tarde, \u00a0 \u00a0 \u00a0 \u00a0 \u00a0 \u00a0pag\u00f3 \u00a0 una \u00a0 cuenta \u00a0 de \u00a0 \u00a0 \u00a0 \u00a0cuatro \u00a0 \u00a0 \u00a0 \u00a0millones \u00a0 \u00a0 \u00a0 de \u00a0 \u00a0 \u00a0 pesos; \u00a0sin \u00a0embargo, \u00a0Marco Antonio \u00a0Su\u00e1rez \u00a0 \u00a0 \u00a0 \u00a0 \u00a0 \u00a0 \u00a0Avil\u00e9s \u00a0 \u00a0 \u00a0 \u00a0 \u00a0 \u00a0dijo \u00a0haber \u00a0estado \u00a0en \u00a0 \u00a0 \u00a0una \u00a0 \u00a0 reuni\u00f3n \u00a0 \u00a0con \u00a0 \u00a0el \u00a0 Senador \u00a0 que \u00a0 no \u00a0demor\u00f3 \u00a0 \u00a0mucho, \u00a0 \u00a0y \u00a0 \u00a0pagado \u00a0 \u00a0la\u00a0 \u00a0cuenta \u00a0con \u00a0Luis \u00a0 \u00a0 \u00a0 \u00a0 \u00a0 \u00a0 Valdez41 \u00a0 \u00a0 \u00a0 \u00a0y Wilson \u00a0Hommes \u00a0 \u00a0Betancur, \u00a0 \u00a0habitante \u00a0 \u00a0la \u00a0 referida \u00a0vereda \u00a0y \u00a0due\u00f1o de un \u00a0establecimiento \u00a0 \u00a0 \u00a0 de \u00a0 \u00a0 \u00a0 tienda-cantina, \u00a0asegur\u00f3 \u00a0que \u00a0nunca \u00a0a \u00a0hecho \u00a0 \u00a0una \u00a0 venta \u00a0 de \u00a0 cuatro \u00a0 millones \u00a0 de \u00a0pesos. \u00a0\u00a0<\/p>\n<p>Adem\u00e1s, \u00a0Edwin \u00a0 \u00a0Hernando \u00a0 \u00a0Carvajal \u00a0 Rodas, \u00a0 \u00a0 \u00a0 \u00a0 \u00a0 \u00a0expres\u00f3 \u00a0que \u00a0estuvo \u00a0en \u00a0 \u00a0 la \u00a0 \u00a0 reuni\u00f3n \u00a0 \u00a0de \u00a0 \u00a0La \u00a0Chamba \u00a0prestando \u00a0seguridad \u00a0pero \u00a0que \u00a0no \u00a0vio al \u00a0procesado, \u00a0que \u00a0fue el \u00a0\u201cSoldado\u201d \u00a0[John \u00a0Jairo \u00a0Silva \u00a0rinc\u00f3n] \u00a0quien \u00a0 le \u00a0 coment\u00f3 \u00a0sobre \u00a0 la \u00a0presencia \u00a0del \u00a0 doctor \u00a0 Carlos \u00a0Armando \u00a0 \u00a0 \u00a0 \u00a0 \u00a0 \u00a0 \u00a0 \u00a0 Garc\u00eda \u00a0Orjuela, \u00e9l \u00a0\u00fanicamente \u00a0vio \u00a0a \u00a0Manuel \u00a0 \u00a0Bernate, \u00a0 \u00a0antes \u00a0 \u00a0y \u00a0 \u00a0despu\u00e9s \u00a0 \u00a0 del \u00a0 \u00a0encuentro. \u00a0\u00a0<\/p>\n<p>En \u00a0consecuencia, \u00a0a \u00a0pesar de que en el \u00a0caso \u00a0bajo \u00a0examen \u00a0la \u00a0presencia \u00a0en \u00a0el \u00a0Departamento del Tolima del bloque de \u00a0autodefensas \u00a0 \u00a0 que \u00a0 \u00a0 llev\u00f3 \u00a0 \u00a0 el \u00a0mismo \u00a0nombre, \u00a0es \u00a0un hecho incontrastable, confirmado en la \u00a0audiencia \u00a0 \u00a0por \u00a0 \u00a0Fernando \u00a0 \u00a0Antonio \u00a0 \u00a0Vargas \u00a0Quemba, quien, asegur\u00f3 \u00a0que \u00a0 \u00a0 en \u00a0 \u00a0una \u00a0oportunidad, \u00a0 por \u00a0solicitud \u00a0 \u00a0 \u00a0 \u00a0 de \u00a0 \u00a0 \u00a0 \u00a0 El\u00edas, fue \u00a0llevado \u00a0 a \u00a0 una \u00a0 finca \u00a0 en \u00a0 donde \u00a0 \u00e9ste \u00a0se \u00a0encontraba \u00a0acompa\u00f1ado \u00a0de \u00a0 \u00a0personal \u00a0 \u00a0civil \u00a0 \u00a0y \u00a0 \u00a0uniformado, \u00a0 \u00a0la \u00a0participaci\u00f3n \u00a0del \u00a0procesado \u00a0en \u00a0las \u00a0reuniones \u00a0del \u00a0Rancho \u00a0JC y la vereda La Chamba, mencionadas \u00a0 \u00a0 por \u00a0 \u00a0 los \u00a0 \u00a0testigos \u00a0 \u00a0de \u00a0 \u00a0cargo, \u00a0es \u00a0un \u00a0hecho \u00a0dudoso \u00a0 en \u00a0 cuanto \u00a0 sus \u00a0versiones \u00a0no \u00a0coinciden \u00a0en \u00a0el \u00a0detalle \u00a0de \u00a0las \u00a0circunstancias \u00a0que \u00a0permitir\u00edan \u00a0 \u00a0establecer \u00a0 \u00a0su \u00a0 presencia, \u00a0adem\u00e1s, \u00a0no \u00a0dan noticia sobre el supuesto acuerdo \u00a0de \u00a0doble \u00a0v\u00eda \u00a0efectuado entre el l\u00edder \u00a0 \u00a0 \u00a0 \u00a0paramilitar \u00a0 \u00a0 \u00a0 \u00a0y \u00a0 \u00a0 \u00a0 \u00a0el \u00a0 \u00a0 \u00a0 pol\u00edtico \u00a0 \u00a0 \u00a0 \u00a0porque \u00a0 \u00a0 \u00a0 solamente, \u00a0 \u00a0 \u00a0 a \u00a0 \u00a0 \u00a0partir \u00a0 \u00a0 \u00a0de \u00a0 \u00a0 \u00a0las \u00a0supuestas reuniones, ellos infieren existi\u00f3. \u00a0\u00a0<\/p>\n<p>4. Como se ha \u00a0indicado, \u00a0el \u00a0art\u00edculo \u00a0232 \u00a0del \u00a0c\u00f3digo \u00a0de \u00a0procedimiento penal, exige \u00a0que \u00a0 est\u00e9 \u00a0 probado, \u00a0 en \u00a0primer \u00a0lugar \u00a0y \u00a0con \u00a0certeza, \u00a0la \u00a0conducta \u00a0punible, \u00a0es \u00a0decir, \u00a0un \u00a0comportamiento valorado como injusto por el derecho, y \u00a0la \u00a0responsabilidad del procesado, pero \u00a0 \u00a0 \u00a0en \u00a0 \u00a0 \u00a0el \u00a0 \u00a0 \u00a0caso \u00a0 \u00a0 \u00a0bajo \u00a0 \u00a0 \u00a0examen \u00a0 \u00a0 la \u00a0 \u00a0 \u00a0prueba \u00a0 \u00a0 \u00a0no \u00a0 conduce \u00a0 a \u00a0 la \u00a0certeza \u00a0 \u00a0 \u00a0de \u00a0 \u00a0 \u00a0la \u00a0celebraci\u00f3n \u00a0de \u00a0las susodichas \u00a0reuniones \u00a0entre \u00a0el \u00a0ex congresista y las autodefensas y por consiguiente de un \u00a0acuerdo \u00a0con \u00a0fines \u00a0electorales, \u00a0que \u00a0es \u00a0lo \u00a0que \u00a0concretamente constituye el \u00a0n\u00facleo \u00a0 \u00a0 de \u00a0 \u00a0 la \u00a0 \u00a0 acusaci\u00f3n. \u00a0\u00a0<\/p>\n<p>En \u00a0fin: de \u00a0acuerdo \u00a0 \u00a0con \u00a0 \u00a0la \u00a0 \u00a0teor\u00eda \u00a0 del \u00a0 conocimiento \u00a0 y \u00a0 los \u00a0 grados \u00a0 de \u00a0aproximaci\u00f3n \u00a0racional \u00a0a \u00a0la \u00a0verdad \u00a0que \u00a0cada \u00a0momento procesal exige, la \u00a0acusaci\u00f3n, \u00a0como \u00a0lo \u00a0advirti\u00f3 \u00a0 \u00a0el \u00a0 \u00a0Delegado \u00a0 \u00a0de \u00a0 \u00a0la \u00a0 \u00a0 \u00a0Procuradur\u00eda \u00a0 en \u00a0 su \u00a0exposici\u00f3n, \u00a0 \u00a0 se \u00a0 \u00a0ofrec\u00eda \u00a0 \u00a0como \u00a0 \u00a0una \u00a0opci\u00f3n \u00a0plausible, sobre todo porque su fundamento \u00a0radicaba \u00a0 \u00a0en \u00a0 la \u00a0probabilidad, \u00a0m\u00e1s no \u00a0as\u00ed \u00a0 \u00a0 existe \u00a0m\u00e9rito \u00a0 probatorio \u00a0 para \u00a0 emitir \u00a0una \u00a0 \u00a0 sentencia \u00a0 \u00a0 de \u00a0 \u00a0 condena, \u00a0 \u00a0en \u00a0 \u00a0la \u00a0 \u00a0cual \u00a0 \u00a0 al \u00a0 \u00a0 definirse \u00a0 \u00a0 la \u00a0tensi\u00f3n \u00a0entre \u00a0la \u00a0necesidad \u00a0de \u00a0justicia \u00a0y los \u00a0derechos \u00a0del \u00a0procesado, \u00a0exige \u00a0certeza \u00a0de \u00a0la responsabilidad, la cual no se \u00a0encuentra demostrada en \u00a0el \u00a0sub examine por las \u00a0dudas \u00a0que \u00a0ofrecen \u00a0los \u00a0testimonios \u00a0de cargo como \u00a0atr\u00e1s \u00a0 \u00a0se \u00a0 \u00a0puso \u00a0 en \u00a0 evidencia. \u00a0\u00a0<\/p>\n<p>Lo \u00a0 \u00a0 \u00a0 \u00a0 \u00a0anterior \u00a0 \u00a0 compele \u00a0 \u00a0 a \u00a0 \u00a0dar \u00a0aplicaci\u00f3n \u00a0 \u00a0 el \u00a0 \u00a0 apotegma \u00a0 \u00a0 in \u00a0 \u00a0dubio \u00a0 \u00a0pro \u00a0 \u00a0reo, \u00a0resolviendo \u00a0 \u00a0 \u00a0la \u00a0 \u00a0 \u00a0duda \u00a0 \u00a0 \u00a0a \u00a0 \u00a0 favor \u00a0 \u00a0 del \u00a0 \u00a0 procesado, \u00a0como \u00a0expresamente \u00a0lo \u00a0ordena el \u00a0inciso \u00a0 \u00a02\u00ba \u00a0 del \u00a0art\u00edculo 7\u00ba de la ley \u00a0600 de 2000. \u00a0\u00a0<\/p>\n<p>En \u00a0consecuencia, \u00a0de \u00a0acuerdo \u00a0con \u00a0el \u00a0parecer \u00a0 \u00a0 del \u00a0 \u00a0 Ministerio \u00a0 \u00a0 P\u00fablico \u00a0 \u00a0y \u00a0parcialmente \u00a0 \u00a0(por \u00a0 \u00a0la \u00a0 \u00a0fuente \u00a0 \u00a0de \u00a0 \u00a0la \u00a0decisi\u00f3n) \u00a0con \u00a0los \u00a0argumentos \u00a0 \u00a0de \u00a0 \u00a0la \u00a0 \u00a0defensa, \u00a0 \u00a0la \u00a0 \u00a0Corte \u00a0absolver\u00e1 \u00a0al \u00a0doctor \u00a0Carlos \u00a0 \u00a0Armando \u00a0 \u00a0Garc\u00eda \u00a0 Orjuela \u00a0 del \u00a0cargo \u00a0 que \u00a0le \u00a0fue \u00a0formulado \u00a0 \u00a0 \u00a0en \u00a0 \u00a0 \u00a0la \u00a0 \u00a0 resoluci\u00f3n \u00a0 \u00a0 de \u00a0acusaci\u00f3n. \u00a0Por lo mismo, se ordenar\u00e1 \u00a0 \u00a0su \u00a0 \u00a0libertad \u00a0 inmediata \u00a0 e \u00a0incondicional, \u00a0 \u00a0 \u00a0 \u00a0librando \u00a0 \u00a0 \u00a0 la \u00a0 \u00a0 \u00a0 correspondiente \u00a0 \u00a0 \u00a0 orden de libertad. \u00a0\u00a0<\/p>\n<p>\u00a0 \u00a0 \u00a0 \u00a0 \u00a0<\/p>\n<p>\u00a0 \u00a0\u00a0 \u00a0 \u00a0De \u00a0 otro \u00a0extremo: \u00a0se \u00a0compulsaran \u00a0copias \u00a0de \u00a0las \u00a0declaraciones \u00a0de \u00a0Ricaurte \u00a0Soria \u00a0Ortiz, \u00a0Jos\u00e9 \u00a0Albeiro \u00a0Garc\u00eda \u00a0 \u00a0 Zambrano, \u00a0 \u00a0 Jhon \u00a0 \u00a0Jairo \u00a0 \u00a0Silva \u00a0Rinc\u00f3n \u00a0y \u00a0Edwin \u00a0Hernando Carvajal Rodas para \u00a0hagan \u00a0 parte \u00a0de \u00a0las \u00a0investigaciones \u00a0que \u00a0est\u00e9 \u00a0adelantando \u00a0 \u00a0 \u00a0 la \u00a0 \u00a0 \u00a0Fiscal\u00eda \u00a0General \u00a0de \u00a0la Naci\u00f3n \u00a0 o \u00a0en \u00a0su \u00a0defecto \u00a0inicie \u00a0las \u00a0respectivas \u00a0 diligencias, \u00a0 en \u00a0 contra \u00a0 de \u00a0los \u00a0oficiales \u00a0y suboficiales de los Batallones Caicedo \u00a0y \u00a0Rook \u00a0del \u00a0Ej\u00e9rcito \u00a0Nacional \u00a0y \u00a0oficiales \u00a0de \u00a0la \u00a0Polic\u00eda \u00a0Nacional \u00a0que, \u00a0acorde \u00a0con \u00a0lo \u00a0testimoniado \u00a0 \u00a0 \u00a0 por \u00a0 \u00a0 \u00a0 aqu\u00e9llos, \u00a0 \u00a0 \u00a0 promovieron \u00a0 \u00a0 \u00a0 y \u00a0facilitaron \u00a0el \u00a0accionar \u00a0del bloque Tolima de las \u00a0autodefensas, \u00a0 \u00a0 y\u00a0 \u00a0 \u00a0 para \u00a0 \u00a0 que \u00a0 \u00a0se \u00a0investigue \u00a0la conducta delictiva en que pudo haber \u00a0incurrido \u00a0 \u00a0 \u00a0Fernando \u00a0 \u00a0 \u00a0Antonio \u00a0 \u00a0 Vargas \u00a0Quemba, \u00a0para cuyo fin \u00a0tambi\u00e9n \u00a0se \u00a0expedir\u00e1 \u00a0copia \u00a0de la declaraci\u00f3n rendida por \u00e9l en la audiencia. \u00a0\u00a0<\/p>\n<p>\u00a0 \u00a0\u00a0 \u00a0 \u00a0A \u00a0m\u00e9rito de lo expuesto, \u00a0 \u00a0 \u00a0 \u00a0 \u00a0 \u00a0la \u00a0 \u00a0 \u00a0Corte \u00a0 \u00a0 \u00a0Suprema \u00a0 \u00a0 de \u00a0Justicia, \u00a0 \u00a0 Sala \u00a0 \u00a0de \u00a0 \u00a0Casaci\u00f3n \u00a0Penal, \u00a0administrando justicia en \u00a0nombre \u00a0de la Rep\u00fablica \u00a0de Colombia y por autoridad de la ley, \u00a0\u00a0<\/p>\n<p>RESUELVE \u00a0<\/p>\n<p>\u00a0 \u00a0\u00a0 \u00a0 \u00a01\u00ba. \u00a0 \u00a0 \u00a0 \u00a0 \u00a0 Absolver, \u00a0 \u00a0 \u00a0por \u00a0 \u00a0 \u00a0duda, \u00a0 \u00a0 al \u00a0 \u00a0doctor \u00a0 \u00a0Carlos \u00a0 \u00a0 \u00a0Armando \u00a0 \u00a0 \u00a0Garc\u00eda \u00a0Orjuela, \u00a0 \u00a0 del \u00a0cargo \u00a0 que \u00a0 le \u00a0fue \u00a0imputado \u00a0 \u00a0 en \u00a0 \u00a0 la \u00a0 \u00a0resoluci\u00f3n \u00a0 acusatoria \u00a0 por \u00a0 la \u00a0Fiscal\u00eda General de la \u00a0 \u00a0 \u00a0 \u00a0 Naci\u00f3n. \u00a0En consecuencia se ordena su libertad inmediata e incondicional. \u00a0 \u00a0 L\u00edbrese \u00a0 \u00a0la \u00a0orden correspondiente. \u00a0\u00a0<\/p>\n<p>\u00a0 \u00a0\u00a0 \u00a0 \u00a02\u00ba. \u00a0 \u00a0 \u00a0 \u00a0 \u00a0 Expedir \u00a0 \u00a0 \u00a0 \u00a0 las copias anotadas. \u00a0\u00a0<\/p>\n<p>Notif\u00edquese y \u00a0C\u00famplase \u00a0\u00a0<\/p>\n<p>MAR\u00cdA \u00a0DEL \u00a0ROSARIO \u00a0 \u00a0 \u00a0GONZ\u00c1LEZ \u00a0 \u00a0 DE \u00a0 \u00a0 LEMUS \u00a0\u00a0<\/p>\n<p>JOS\u00c9 \u00a0LEONIDAS \u00a0 \u00a0BUSTOS \u00a0 \u00a0MART\u00cdNEZ\u00a0\u00a0\u00a0 \u00a0SIGIFREDO ESPINOSA P\u00c9REZ \u00a0\u00a0<\/p>\n<p>\u00a0\u00a0\u00a0\u00a0\u00a0\u00a0\u00a0\u00a0\u00a0 \u00a0Comisi\u00f3n de servicio \u00a0\u00a0<\/p>\n<p>ALFREDO \u00a0 \u00a0 \u00a0 G\u00d3MEZ \u00a0QUINTERO \u00a0\u00a0 \u00a0\u00a0 \u00a0 \u00a0\u00a0 \u00a0\u00a0 \u00a0\u00a0 \u00a0\u00a0 \u00a0\u00a0 \u00a0\u00a0 \u00a0\u00a0 \u00a0 \u00a0AUGUSTO \u00a0IB\u00c1\u00d1EZ \u00a0 \u00a0 \u00a0 \u00a0 \u00a0 \u00a0 GUZM\u00c1N \u00a0\u00a0<\/p>\n<p>\u00a0\u00a0\u00a0\u00a0\u00a0\u00a0\u00a0\u00a0\u00a0\u00a0\u00a0\u00a0 \u00a0Comisi\u00f3n de servicio \u00a0\u00a0<\/p>\n<p>JORGE \u00a0LUIS QUINTERO MILAN\u00c9S \u00a0 \u00a0 \u00a0 \u00a0\u00a0 \u00a0\u00a0 \u00a0\u00a0 \u00a0 \u00a0 \u00a0 \u00a0\u00a0YESID \u00a0RAM\u00cdREZ \u00a0BASTIDAS \u00a0\u00a0<\/p>\n<p>JULIO ENRIQUE SOCHA SALAMANCA \u00a0\u00a0 \u00a0\u00a0 \u00a0\u00a0 \u00a0JAVIER \u00a0ZAPATA ORTIZ \u00a0\u00a0<\/p>\n<p>TERESA \u00a0 \u00a0RUIZ \u00a0 \u00a0N\u00da\u00d1EZ \u00a0\u00a0<\/p>\n<p>Secretaria \u00a0<\/p>\n<p>\u00a0 \u00a0\u00a0<\/p>\n<p>1 \u00a0Corte \u00a0 Suprema \u00a0 de \u00a0 Justicia, \u00a0 Sala \u00a0 de \u00a0 Casaci\u00f3n \u00a0 Penal, \u00a0 auto radicaci\u00f3n 31.653 \u00a0\u00a0<\/p>\n<p>2 \u00a0Corte \u00a0 Suprema \u00a0 de \u00a0 Justicia, \u00a0 Sala \u00a0 de \u00a0 Casaci\u00f3n \u00a0 Penal, \u00a0 auto \u00a0de \u00a018 \u00a0de \u00a0noviembre de 2009, \u00a0radicaci\u00f3n \u00a029.632, el cual recurrido por v\u00eda de reposici\u00f3n fue mantenido por \u00a0la Sala mediante providencia de 18 de diciembre de 2009. \u00a0\u00a0<\/p>\n<p>3 \u00a0Cfr, \u00a0 \u00a0 \u00a0Corte \u00a0 \u00a0 Suprema \u00a0 \u00a0 de \u00a0 \u00a0 Justicia, \u00a0sentencia \u00a0del \u00a01 \u00a0de \u00a0octubre \u00a0de \u00a02009, \u00a0radicado \u00a029.110. \u00a0\u00a0<\/p>\n<p>4 \u00a0Cfr, \u00a0 \u00a0 \u00a0 \u00a0 Corte \u00a0 \u00a0 \u00a0 \u00a0Suprema \u00a0 \u00a0 \u00a0 \u00a0de \u00a0 \u00a0 \u00a0 \u00a0Justicia, \u00a0 \u00a0 \u00a0 \u00a0sentencia \u00a0del 1 de octubre de 2009, \u00a0radicado 29.110. \u00a0\u00a0<\/p>\n<p>5 \u00a0Francisco \u00a0Mu\u00f1oz \u00a0Conde. \u00a0El \u00a0nuevo \u00a0derecho penal \u00a0autoritario, \u00a0 en \u00a0El \u00a0derecho \u00a0 \u00a0penal \u00a0 \u00a0ante \u00a0 la \u00a0 globalizaci\u00f3n \u00a0 y \u00a0 el \u00a0 terrorismo, Madrid, Tirant lo blanch, p\u00e1gina 164. \u00a0\u00a0<\/p>\n<p>6 \u00a0Cfr. \u00a0 Corte \u00a0 Suprema \u00a0de \u00a0Justicia, \u00a0Sala \u00a0de \u00a0Casaci\u00f3n \u00a0Penal, \u00a0sentencia \u00a0de \u00fanica instancia de 25 \u00a0de noviembre de 2008, Radicaci\u00f3n No. 26.942 \u00a0\u00a0<\/p>\n<p>7 \u00a0Eugenio \u00a0Ra\u00fal \u00a0Zafaroni, \u00a0Alejandro \u00a0Alagia \u00a0y \u00a0Alejandro \u00a0Slokar, Derecho \u00a0 Penal, \u00a0 Parte \u00a0 General, \u00a0Segunda \u00a0 Edici\u00f3n, \u00a0 Sociedad \u00a0 An\u00f3nima \u00a0 Editora, \u00a0 Comercial, \u00a0Industrial \u00a0y \u00a0Financiera. 2002, p\u00e1gina. 485 \u00a0\u00a0<\/p>\n<p>8 \u00a0Recu\u00e9rdese \u00a0que \u00a0Welzel \u00a0consideraba \u00a0que \u00a0las \u00a0estructuras \u00a0l\u00f3gico \u00a0objetivas \u00a0constitu\u00edan \u00a0 un \u00a0 l\u00edmite \u00a0 al \u00a0poder \u00a0de \u00a0configuraci\u00f3n \u00a0de \u00a0legislador. \u00a0En \u00a0consecuencia, \u00a0el \u00a0legislador \u00a0no \u00a0crea \u00a0las conductas sino que las extrae de la \u00a0vida \u00a0social. \u00a0Por \u00a0lo \u00a0tanto, \u00a0desde ese mismo punto de vista, el juez no puede \u00a0desconocer el sentido ni el contenido de las conductas. \u00a0\u00a0<\/p>\n<p>9 \u00a0Corte \u00a0 Suprema \u00a0 de \u00a0 Justicia, \u00a0 Sala \u00a0 de \u00a0 Casaci\u00f3n \u00a0 Penal, \u00a0 sentencia de 9 de diciembre de 2009, \u00a0radicaci\u00f3n No. 28779. \u00a0\u00a0<\/p>\n<p>10 \u00a0Audio \u00a0No. \u00a01 \u00a0ampliaci\u00f3n \u00a0de \u00a0declaraci\u00f3n \u00a0de11 \u00a0de \u00a0junio \u00a0de \u00a02007, r\u00e9cord \u00a03:31. \u00a0\u00a0<\/p>\n<p>11 \u00a0Ib\u00eddem, r\u00e9cord 5:27 \u00a0\u00a0<\/p>\n<p>12 \u00a0Sesi\u00f3n de 7 de julio de 2010, r\u00e9cord 20:12 \u00a0\u00a0<\/p>\n<p>13 \u00a0Declaraci\u00f3n de 4 de abril de 2008, r\u00e9cord 5:10 \u00a0\u00a0<\/p>\n<p>14 \u00a0Declaraci\u00f3n de 12 de mayo de 2008, r\u00e9cord 29:01 \u00a0\u00a0<\/p>\n<p>15 \u00a0Sesi\u00f3n de 9 de julio de 2010, r\u00e9cord 22:27 \u00a0\u00a0<\/p>\n<p>16 \u00a0Declaraci\u00f3n de 23 de abril de 2008, r\u00e9cord 2:17 \u00a0\u00a0<\/p>\n<p>17 \u00a0Ib\u00eddem 5:50 \u00a0\u00a0<\/p>\n<p>18 \u00a0Ib\u00eddem 11:23 \u00a0\u00a0<\/p>\n<p>19 \u00a0Declaraci\u00f3n de 12 de mayo de 2008, 34:00 \u00a0\u00a0<\/p>\n<p>20 \u00a0Sesi\u00f3n \u00a0 de \u00a0 audiencia \u00a0 de \u00a0 7 \u00a0de \u00a0julio \u00a0de \u00a02010, \u00a0audio \u00a0No. \u00a02, \u00a0r\u00e9cord \u00a050:10 \u00a0\u00a0<\/p>\n<p>21 \u00a0Giovanni \u00a0Brichetti, \u00a0La \u00a0evidencia \u00a0en \u00a0el derecho \u00a0procesal \u00a0penal, \u00a0traducci\u00f3n \u00a0de \u00a0Santiago Sent\u00eds \u00a0Melendo \u00a0Ediciones \u00a0Jur\u00eddicas \u00a0Europa Am\u00e9rica, Buenos Aires, 1973, p\u00e1gina 10. \u00a0\u201c[l]os \u00a0varios \u00a0elementos \u00a0probatorios \u00a0no \u00a0son m\u00e1s que \u201cdisiecta membra\u201d \u00a0[miembros \u00a0esparcidos], \u00a0en espera de la sucesiva sistematizaci\u00f3n, que consiste \u00a0en \u00a0un \u00a0cierto orden, en una cierta s\u00edntesis, en fuerza de la cual se afirma la \u00a0legitimidad \u00a0de su conexi\u00f3n. Sin conexi\u00f3n, todas las inducciones, en las cosas \u00a0de \u00a0hecho, \u00a0ser\u00edan \u00a0precarias. \u00a0Decimos \u201cconexi\u00f3n\u201d y no \u201cconjunci\u00f3n\u201d, \u00a0porque \u00a0los \u00a0diversos \u00a0datos \u00a0probatorios \u00a0no \u00a0deben \u00a0estar \u00a0solamente \u00a0el uno a \u00a0continuaci\u00f3n \u00a0del otro sino unidos por un v\u00ednculo necesario de causa a efecto, \u00a0por \u00a0un \u00a0Nexus, en forma \u00a0de \u00a0no \u00a0poderse admitir uno de ellos sin admitir los otros. Por eso la prueba es \u00a0un \u00a0\u201csistema de orden\u201d; no siendo el orden otra cosa que la disposici\u00f3n, el \u00a0acuerdo \u00a0la \u00a0armon\u00eda \u00a0entre \u00a0las \u00a0varias \u00a0partes \u00a0de \u00a0un \u00a0todo, \u00a0en vista de la \u00a0obtenci\u00f3n de un fin\u201d. \u00a0\u00a0<\/p>\n<p>22 \u00a0Folio 61 c. anexo 3. \u00a0\u00a0<\/p>\n<p>23 \u00a0Sesi\u00f3n de 15 de julio de 2010. \u00a0\u00a0<\/p>\n<p>24 \u00a0Sesi\u00f3n de 9 de agosto de 2010. \u00a0\u00a0<\/p>\n<p>25 \u00a0Audiencia \u00a0p\u00fablica, \u00a0sesi\u00f3n \u00a0de \u00a022 \u00a0de julio de 2010, manifest\u00f3: \u00a0 \u201cS\u00ed, \u00a0el \u00a0Comit\u00e9 \u00a0de \u00a0Gremios \u00a0Econ\u00f3micos \u00a0del \u00a0Tolima \u00a0tuvo \u00a0una \u00a0relaci\u00f3n \u00a0muy \u00a0institucional con el doctor \u00a0Carlos \u00a0Garc\u00eda \u00a0Orjuela, \u00e9l como parlamentario y nosotros como una entidad que \u00a0trabaja \u00a0en \u00a0pro \u00a0del desarrollo del Departamento. En varias ocasiones puntuales \u00a0estuvimos \u00a0con \u00a0\u00e9l, \u00a0despu\u00e9s \u00a0de \u00a0que fue nombrado Presidente del Congreso, el \u00a0Comit\u00e9 \u00a0de \u00a0Gremios Econ\u00f3micos tuvo una sesi\u00f3n muy especial de reconocimiento \u00a0al \u00a0doctor \u00a0Carlos \u00a0Garc\u00eda, esa sesi\u00f3n se realiz\u00f3 en la C\u00e1mara de Comercio y \u00a0fue \u00a0una \u00a0ocasi\u00f3n \u00a0para \u00a0reconocer \u00a0su \u00a0desenvolvimiento \u00a0pero \u00a0ante \u00a0todo para \u00a0presentarle \u00a0una agenda de proyectos que el departamento y el Comit\u00e9 de Gremios \u00a0con \u00a0otras asociaciones ven\u00eda elaborando como aspiraciones del Tolima frente al \u00a0Gobierno \u00a0Nacional. \u00a0Posteriormente, \u00a0yo creo que ha habido varias reuniones con \u00a0\u00e9l, \u00a0 m\u00e1s \u00a0 de \u00a0 tr\u00e1mite, \u00a0 de \u00a0 gesti\u00f3n, \u00a0 de \u00a0apoyo \u00a0al \u00a0departamento \u00a0del \u00a0Tolima.\u201d \u00a0\u00a0<\/p>\n<p>26 \u00a0Audiencia p\u00fablica, sesi\u00f3n de 15 de julio de 2010 \u00a0\u00a0<\/p>\n<p>27 \u00a0Ib\u00eddem, r\u00e9cord 1:55:11 \u00a0\u00a0<\/p>\n<p>28 \u00a0Audiencia p\u00fablica, sesi\u00f3n de 10 de agosto de 2010 \u00a0\u00a0<\/p>\n<p>29 \u00a0Sobre \u00a0este \u00a0hecho \u00a0declar\u00f3 \u00a0en \u00a0la \u00a0audiencia \u00a0Hernando \u00a0D\u00edaz Carvajal, quien \u00a0censur\u00f3 \u00a0la presencia del doctor Carlos Armando Garc\u00eda Orjuela en la posesi\u00f3n \u00a0de \u00a0un alcalde que fue elegido con la presi\u00f3n paramilitar del frente Omar Isaza \u00a0de \u00a0las autodefensas. Sesi\u00f3n de 15 de julio de 2010. En el mismo sentido, obran \u00a0copias de recortes de prensa que registran el hecho. \u00a0\u00a0<\/p>\n<p>30 \u00a0Cita \u00a0de \u00a0Kant, \u00a0Rodolfo \u00a0Arango, \u00a0\u00bfHay respuestas \u00a0correctas \u00a0en \u00a0el \u00a0derecho?\u00a0 \u00a0Siglo del Hombre \u00a0editores. \u00a0Bogot\u00e1.\u00a0 \u00a0De \u00a0igual \u00a0manera, \u00a0Ferrajoli: \u00a0\u201cVerificabilidad \u00a0y \u00a0verificaci\u00f3n \u00a0de las motivaciones, como he demostrado en la primera parte, son, \u00a0por \u00a0otro \u00a0lado, \u00a0las \u00a0condiciones \u00a0constitutivas \u00a0de la estricta legalidad y la \u00a0estricta \u00a0 jurisdiccionalidad \u00a0de \u00a0las \u00a0decisiones \u00a0judiciales.\u201d \u00a0Derecho \u00a0y raz\u00f3n. El Juicio, c\u00f3mo y \u00a0cu\u00e1ndo juzgar, p\u00e1ginas 543 y 544. \u00a0\u00a0<\/p>\n<p>31Cortes \u00a0 \u00a0 \u00a0 \u00a0Suprema \u00a0 \u00a0 \u00a0 de \u00a0 \u00a0 \u00a0 Justicia, \u00a0 \u00a0 \u00a0 sentencia \u00a0de \u00fanica instancia del 1 \u00a0de octubre de 2009, radicado 29.110. \u00a0\u00a0<\/p>\n<p>32 \u00a0En \u00a0la \u00a0audiencia \u00a0p\u00fablica, \u00a0en \u00a0la \u00a0sesi\u00f3n \u00a0de \u00a07 de julio de 2010, expres\u00f3: \u00a0\u201cCuando \u00a0un \u00a0jueves \u00a0viernes \u00a0me \u00a0llega \u00a0una \u00a0compa\u00f1\u00eda del Ej\u00e9rcito all\u00e1 a \u00a0Purificaci\u00f3n, \u00a0le \u00a0pregunto \u00a0yo al urbano \u00bfqu\u00e9 paso? \u00bfQu\u00e9 hace el ej\u00e9rcito \u00a0ah\u00ed?, \u00a0me \u00a0dice \u00a0no \u00a0s\u00e9 \u00a0voy \u00a0a averiguar, \u00e9l me dijo que hab\u00eda una reuni\u00f3n \u00a0pol\u00edtica \u00a0el \u00a0fin \u00a0de \u00a0semana, \u00a0el domingo, entonces est\u00e1n haciendo registro y \u00a0control, \u00a0le \u00a0dije \u00a0que \u00a0me \u00a0averiguara qu\u00e9 pol\u00edtico era, era el Doctor Carlos \u00a0Garc\u00eda. \u00a0En \u00a0el transcurso de esa semana [de jueves \u00a0a \u00a0domingo] yo viaj\u00e9 a San Luis y me encontr\u00e9 con \u00a0El\u00edas, \u00a0me \u00a0pregunt\u00f3 sobre las novedades, le dije todo bien, por ah\u00ed est\u00e1 el \u00a0Ej\u00e9rcito, \u00a0y \u00a0le \u00a0dije que ten\u00eda una inquietud, me dijo cu\u00e1l, le dije hay una \u00a0reuni\u00f3n \u00a0pol\u00edtica \u00a0el \u00a0domingo \u00a0en \u00a0Purificaci\u00f3n \u00a0del \u00a0Doctor \u00a0Carlos Garc\u00eda \u00a0Orjuela, \u00a0me \u00a0dijo \u00a0colab\u00f3rele, \u00a0entonces \u00a0retir\u00e9 los urbanos para que pudiera \u00a0hacer \u00a0la \u00a0reuni\u00f3n, \u00a0o sea usted dice, no lo vio, pero la t\u00e1ctica de guerra de \u00a0guerrillas \u00a0no \u00a0se \u00a0pregunta \u00a0nada, \u00a0son \u00a0\u00f3rdenes \u00a0muy precisas y concisas y de \u00a0malicia, \u00a0por \u00a0ese \u00a0hecho \u00a0cuando \u00a0\u00e9l \u00a0me \u00a0dice \u00a0colab\u00f3rele, \u00a0yo \u00a0no \u00a0debo \u00a0ni \u00a0preguntarle \u00a0\u00bfle \u00a0pago? \u00a0\u00bfnos \u00a0pago? \u00a0\u00bfo \u00a0tiene \u00a0compromisos con nosotros? Ya \u00a0entiendo \u00a0que \u00a0 \u00a0tiene \u00a0 \u00a0permiso \u00a0 \u00a0para \u00a0 \u00a0hacer \u00a0 \u00a0pol\u00edtica \u00a0 \u00a0en \u00a0 \u00a0el \u00a0departamento.\u201d \u00a0\u00a0<\/p>\n<p>33 \u00a0En \u00a0la audiencia, en sesi\u00f3n de 22 de julio de 2010,\u00a0 dijo: \u201cBueno lo que \u00a0era \u00a0muy \u00a0presente \u00a0era \u00a0la \u00a0presencia \u00a0de \u00a0las \u00a0FARC, \u00a0en \u00a0algunos \u00a0lugares del \u00a0territorio \u00a0del \u00a0Tolima \u00a0eran corredores de paso de la guerrilla en ese momento, \u00a0yo \u00a0mismo \u00a0lo \u00a0denunci\u00e9 pocos meses antes en debates que promov\u00ed sobre la zona \u00a0de \u00a0distensi\u00f3n, \u00a0como \u00a0en Chaparral por ejemplo hab\u00eda una enorme presencia que \u00a0alteraba \u00a0el \u00a0orden \u00a0p\u00fablico, \u00a0a\u00fan \u00a0hoy \u00a0hay \u00a0lugares \u00a0del Tolima que implican \u00a0riesgos para adelantar la actividad proselitista\u201d. \u00a0\u00a0<\/p>\n<p>Y \u00a0m\u00e1s \u00a0adelante, \u00a0interrogado sobre lo \u00a0afirmado \u00a0por \u00a0los \u00a0testigos \u00a0de \u00a0cargo \u00a0acerca de la hegemon\u00eda que ejerc\u00eda el \u00a0bloque \u00a0Tolima en el Departamento del mismo nombre, respondi\u00f3 categ\u00f3ricamente: \u00a0\u201cNo, \u00a0 y \u00a0 no \u00a0 resulta \u00a0 cierto \u00a0 (min. \u00a0 56:47) \u00a0aqu\u00ed \u00a0 he \u00a0 se\u00f1alado \u00a0 que \u00a0hab\u00eda \u00a0lugares \u00a0del \u00a0Departamento \u00a0del \u00a0Tolima \u00a0sometidos \u00a0a un alto riesgo pero no era el caso de la \u00a0generalidad del Departamento.\u201d \u00a0\u00a0<\/p>\n<p>34 \u00a0En \u00a0la \u00a0audiencia, \u00a0en \u00a0sesi\u00f3n \u00a0de 9 de julio de 2010, manifest\u00f3 lo siguiente, \u00a0r\u00e9cord\u00a0 \u00a001:28:59: \u00a0\u201cPROCURADOR: Usted nos ha referido en esta audiencia \u00a0que \u00a0unos \u00a0de \u00a0las \u00a0gestiones \u00a0que \u00a0cumpli\u00f3 en la reorganizaci\u00f3n que le hab\u00eda \u00a0encomendado \u00a0Casta\u00f1o \u00a0fue la de nombrar a El\u00edas y Arturo como comandantes cada \u00a0uno \u00a0en \u00a0su \u00a0\u00e1rea \u00a0del Bloque y relevar a alias V\u00edctor que era quien hasta ese \u00a0momento \u00a0 \u00a0comandaba \u00a0 \u00a0esa \u00a0 \u00a0facci\u00f3n. \u00a0 \u00bfQu\u00e9 \u00a0 ocurri\u00f3\u00a0 \u00a0 con \u00a0 alias \u00a0V\u00edctor? \u00a0\u00a0<\/p>\n<p>TESTIGO: Era relevar a V\u00edctor porque la \u00a0organizaci\u00f3n \u00a0de \u00a0las autodefensas ven\u00eda en su desarrollo en fortalecimiento y \u00a0crecimiento, \u00a0\u00e9l \u00a0era \u00a0un \u00a0campesino \u00a0si \u00a0no \u00a0estoy \u00a0mal \u00a0de la parte arriba de \u00a0Salda\u00f1a, \u00a0no ten\u00eda experiencia en cuanto al manejo de tropa, ni de armamento y \u00a0tampoco \u00a0ten\u00eda \u00a0conocimiento \u00a0de \u00a0c\u00f3mo \u00a0manejar un frente, porque iba a ser un \u00a0frente, el ven\u00eda manejando era una o dos escuadras \u00a0con \u00a0pistola, metra, changones, entonces para lo que quer\u00edamos como autodefensa \u00a0ya \u00a0\u00e9l \u00a0no \u00a0ten\u00eda \u00a0la \u00a0capacidad, por lo cual le di el relevo que le di con el \u00a0comandante El\u00edas\u201d \u00a0\u00a0<\/p>\n<p>35 \u00a0El \u00a0aludido \u00a0Instituto \u00a0comunic\u00f3 \u00a0a \u00a0la Fiscal\u00eda Octava Delegada ante la Corte \u00a0Suprema \u00a0de \u00a0Justicia: \u00a0\u201cEdwin Hernando Carvajal Rodas, ingres\u00f3 el 08 de Mayo \u00a0de \u00a0 2001 \u00a0 mediante \u00a0oficio \u00a0No. \u00a04\/0450UFE.S62.094T \u00a0de \u00a0la \u00a0Fiscal\u00eda \u00a0Cuarta \u00a0Especializada \u00a0por el delito de Paramilitarismo, Homicidio Agravado, Secuestro y \u00a0otros, \u00a0quedando a disposici\u00f3n del Juzgado Segundo de Menores. 2. El d\u00eda 07 de \u00a0Diciembre \u00a0 \u00a0de \u00a0 \u00a02001 \u00a0 Edwin \u00a0 Hernando \u00a0 Carvajal \u00a0 Rodas \u00a0 se \u00a0 evade \u00a0 del \u00a0instituto\u201d. \u00a0\u00a0<\/p>\n<p>36 \u00a0Folios 95 y 96 del c. anexo 12 \u00a0\u00a0<\/p>\n<p>37 \u00a0Folio 179 c.o. 2 \u00a0\u00a0<\/p>\n<p>38 \u00a0En \u00a0la \u00a0audiencia \u00a0p\u00fablica, \u00a0en la sesi\u00f3n de 7 de \u00a0julio \u00a0de \u00a02010, \u00a0manifest\u00f3: \u00a0\u201cA \u00a0finales de a\u00f1o el Comandante del Bloque el \u00a0Comandante \u00a0El\u00edas \u00a0y \u00a0el \u00a0Comandante \u00a0Arturo, ellos se fueron de vacaciones, yo \u00a0quedo \u00a0al \u00a0mando del Bloque y asumo todas las operaciones del Bloque, est\u00e1n las \u00a0operaciones \u00a0de \u00a0Montefr\u00edo, \u00a0la \u00a0operaci\u00f3n \u00a0de Montoso que fue el 16 \u00a0 de \u00a0 Diciembre \u00a0 de \u00a0 2001, \u00a0la \u00a0operaci\u00f3n \u00a0donde \u00a0me \u00a0dan de baja mi seguridad en el Paso de la Barca que muere \u00a0el \u00a0segundo al mando, el 6 de enero de 2002 fue capturado un miembro de las AUC, \u00a0me matan a mi esposa en Natagaima&#8230;\u201d \u00a0\u00a0<\/p>\n<p>39 \u00a0Sesi\u00f3n \u00a0de 9 de julio de 2010 \u201cEl difunto El\u00edas que en ese entonces acaba de \u00a0nombrarlo \u00a0como \u00a0comandante \u00a0me dice que me iba a presentar varias personas, que \u00a0si \u00a0yo \u00a0desear\u00eda \u00a0conocerlos, y me los present\u00f3 de las cuales doy fe aqu\u00ed que \u00a0aparte \u00a0de \u00a0conocerlo, \u00a0saludarlo, no tuve otra relaci\u00f3n con \u00e9l ni \u00e9l conmigo \u00a0(min. \u00a001:15:21). Es de \u00a0ah\u00ed \u00a0que \u00a0otras \u00a0personas \u00a0que \u00a0no me recuerdo el nombre, el actual alcalde del \u00a0Guamo \u00a0y \u00a0de \u00a0San Luis, tuve la oportunidad tambi\u00e9n de conocerlos y reitero, no \u00a0tuve \u00a0otra \u00a0relaci\u00f3n \u00a0o \u00a0mentir\u00eda \u00a0yo si sostuvimos alguna reuni\u00f3n para hacer \u00a0alg\u00fan \u00a0acuerdo \u00a0o \u00a0para \u00a0hablar \u00a0algo \u00a0al respecto de lo que tuviera que ver el \u00a0cargo de ellos con la funci\u00f3n m\u00eda con la funci\u00f3n de AUC.\u201d \u00a0\u00a0<\/p>\n<p>40\u00a0 \u00a0En \u00a0efecto, \u00a0cuando \u00a0el Procurador le pregunto: \u201cAparte \u00a0del \u00a0comandante \u00a0El\u00edas \u00a0por \u00a0parte \u00a0de \u00a0la organizaci\u00f3n de la que usted hac\u00eda \u00a0parte \u00a0\u00bfhab\u00eda \u00a0alguien \u00a0m\u00e1s ah\u00ed en ese acto de presentaci\u00f3n?\u201d Respondi\u00f3: \u00a0\u201cNo \u00a0s\u00e9 \u00a0si \u00a0ser\u00e1 antes de responder esa pregunta, ya ac\u00e1 han venido varios \u00a0compa\u00f1eros \u00a0 \u00a0pero \u00a0 \u00a0s\u00f3lo \u00a0 \u00a0le \u00a0 \u00a0soy \u00a0 sincero \u00a0 a \u00a0 ustedes \u00a0 aqu\u00ed \u00a0a esta hora que la \u00fanica persona que estuvo all\u00ed conmigo \u00a0fue \u00a0el \u00a0comandante \u00a0El\u00edas \u00a0y \u00a0el comandante Arturo \u00a0(r\u00e9cord \u00a001:21:41) \u00a0quien yo lo hab\u00eda tra\u00eddo tambi\u00e9n aqu\u00ed de Urab\u00e1 y quien \u00a0cumpli\u00f3 \u00a0la funci\u00f3n de comandante militar segundo al mando del difunto El\u00edas, \u00a0de \u00a0las dem\u00e1s personas, o\u00a0 m\u00e1s personas, diferentes al comandante El\u00edas, \u00a0ya fallecido, saben de esto\u201d. \u00a0\u00a0<\/p>\n<p>41 \u00a0Folio 77, cuaderno original 2, anexo 19. \u00a0 \u00a0\u00a0<\/p>\n<p><\/p>\n","protected":false},"excerpt":{"rendered":"<p>\u00a0 \u00a0 Proceso \u00a0 n.\u00ba \u00a029632 \u00a0\u00a0 CORTE SUPREMA DE JUSTICIA \u00a0 SALA \u00a0DE CASACI\u00d3N \u00a0PENAL \u00a0\u00a0 Aprobado \u00a0acta No. \u00a0315 \u00a0\u00a0 \u00a0 \u00a0\u00a0 \u00a0\u00a0 \u00a0\u00a0 \u00a0 \u00a0 \u00a0 \u00a0\u00a0 \u00a0 \u00a0 \u00a0 \u00a0\u00a0 \u00a0 \u00a0 \u00a0 \u00a0\u00a0 \u00a0 \u00a0 \u00a0 \u00a0Bogot\u00e1, \u00a0 \u00a0D. \u00a0 \u00a0C., \u00a0 \u00a0veintinueve (29) de septiembre de dos mil diez [&hellip;]<\/p>\n","protected":false},"author":1,"featured_media":0,"comment_status":"open","ping_status":"open","sticky":false,"template":"","format":"standard","meta":{"footnotes":""},"categories":[18],"tags":[],"class_list":["post-20147","post","type-post","status-publish","format-standard","hentry","category-18"],"_links":{"self":[{"href":"https:\/\/dmsjuridica.com\/buscador_20179478954\/salapenalcronologico20230723\/wp-json\/wp\/v2\/posts\/20147","targetHints":{"allow":["GET"]}}],"collection":[{"href":"https:\/\/dmsjuridica.com\/buscador_20179478954\/salapenalcronologico20230723\/wp-json\/wp\/v2\/posts"}],"about":[{"href":"https:\/\/dmsjuridica.com\/buscador_20179478954\/salapenalcronologico20230723\/wp-json\/wp\/v2\/types\/post"}],"author":[{"embeddable":true,"href":"https:\/\/dmsjuridica.com\/buscador_20179478954\/salapenalcronologico20230723\/wp-json\/wp\/v2\/users\/1"}],"replies":[{"embeddable":true,"href":"https:\/\/dmsjuridica.com\/buscador_20179478954\/salapenalcronologico20230723\/wp-json\/wp\/v2\/comments?post=20147"}],"version-history":[{"count":0,"href":"https:\/\/dmsjuridica.com\/buscador_20179478954\/salapenalcronologico20230723\/wp-json\/wp\/v2\/posts\/20147\/revisions"}],"wp:attachment":[{"href":"https:\/\/dmsjuridica.com\/buscador_20179478954\/salapenalcronologico20230723\/wp-json\/wp\/v2\/media?parent=20147"}],"wp:term":[{"taxonomy":"category","embeddable":true,"href":"https:\/\/dmsjuridica.com\/buscador_20179478954\/salapenalcronologico20230723\/wp-json\/wp\/v2\/categories?post=20147"},{"taxonomy":"post_tag","embeddable":true,"href":"https:\/\/dmsjuridica.com\/buscador_20179478954\/salapenalcronologico20230723\/wp-json\/wp\/v2\/tags?post=20147"}],"curies":[{"name":"wp","href":"https:\/\/api.w.org\/{rel}","templated":true}]}}