{"id":20104,"date":"2023-09-11T22:52:40","date_gmt":"2023-09-11T22:52:40","guid":{"rendered":"https:\/\/dmsjuridica.com\/buscador_20179478954\/salapenalcronologico20230723\/2023\/09\/11\/2703218-03-10\/"},"modified":"2023-09-11T22:52:40","modified_gmt":"2023-09-11T22:52:40","slug":"2703218-03-10","status":"publish","type":"post","link":"https:\/\/dmsjuridica.com\/buscador_20179478954\/salapenalcronologico20230723\/2023\/09\/11\/2703218-03-10\/","title":{"rendered":"27032(18-03-10)"},"content":{"rendered":"\n<p>\u00a0 \u00a0 \u00a0\u00a0<\/p>\n<p>Proceso n.\u00b0 27032 \u00a0<\/p>\n<p>CORTE SUPREMA DE JUSTICIA \u00a0<\/p>\n<p>SALA DE CASACI\u00d3N PENAL \u00a0<\/p>\n<p>Aprobado acta No. 84 \u00a0<\/p>\n<p>Bogot\u00e1, \u00a0D. \u00a0C., dieciocho (18) de marzo de \u00a0dos mil diez (2010).- \u00a0\u00a0<\/p>\n<p>A S U N T O \u00a0<\/p>\n<p>\u00a0 \u00a0\u00a0 \u00a0\u00a0 \u00a0\u00a0Luego \u00a0de \u00a0celebrada \u00a0la \u00a0diligencia \u00a0de \u00a0audiencia \u00a0p\u00fablica,\u00a0 \u00a0corresponde \u00a0a \u00a0la Corte dictar sentencia dentro del juicio adelantado contra el \u00a0ex \u00a0 senador \u00a0 \u00c1lvaro \u00a0 Ara\u00fajo \u00a0 Castro. \u00a0\u00a0<\/p>\n<p>HECHOS \u00a0<\/p>\n<p>\u00a0 \u00a0\u00a0 \u00a0\u00a0 \u00a0\u00a0El \u00a0fallo tiene como fundamento los cargos elevados en contra del ex \u00a0congresista \u00a0por \u00a0haberse \u00a0aliado \u00a0con \u00a0el \u00a0bloque \u00a0norte \u00a0de \u00a0las \u00a0autodefensas \u00a0campesinas \u00a0 de \u00a0C\u00f3rdoba \u00a0y \u00a0Urab\u00e1 \u00a0\u2013 \u00a0ACCU \u00a0&#8211; \u00a0comandadas \u00a0por \u00a0Rodrigo \u00a0Tovar \u00a0Pupo, alias \u201cJorge \u00a0 \u00a0 \u00a0 \u00a0 \u00a040\u201d, \u00a0 \u00a0para \u00a0 \u00a0obtener \u00a0 \u00a0\u2013 \u00a0como en efecto lo logr\u00f3 &#8211; una curul \u00a0del \u00a0 \u00a0Senado \u00a0 de \u00a0 la \u00a0 Rep\u00fablica \u00a0 para \u00a0 el \u00a0 periodo \u00a0 2002 \u00a0 \u2013 2006. \u00a0\u00a0<\/p>\n<p>En \u00a0aquel \u00a0entonces \u00a0la organizaci\u00f3n armada \u00a0ilegal \u00a0desarrollaba \u00a0un proyecto pol\u00edtico que ten\u00eda como finalidad posicionar \u00a0a \u00a0sus miembros en todos los niveles de la administraci\u00f3n, incluidos los cargos \u00a0de \u00a0elecci\u00f3n \u00a0popular, con el \u00e1nimo de expandir su \u00e1rea de influencia y tener \u00a0voceros \u00a0 \u00a0en \u00a0 \u00a0los \u00a0 altos \u00a0 cargos \u00a0 con \u00a0 poder \u00a0 de \u00a0 decisi\u00f3n \u00a0 a \u00a0 nivel \u00a0nacional. \u00a0\u00a0<\/p>\n<p>Tarea \u00a0que cumplen luego de su asentamiento, \u00a0entre \u00a0otras \u00a0regiones \u00a0del \u00a0norte \u00a0del \u00a0pa\u00eds, en los departamentos del Cesar y \u00a0Magdalena \u00a0por \u00a0la \u00a0d\u00e9cada \u00a0de \u00a0los \u00a0a\u00f1os 90, cuando militarmente aparecen las \u00a0estructuras \u00a0de \u00a0autodefensas \u00a0encargadas \u00a0de \u00a0contrarrestar \u00a0las acciones de la \u00a0guerrilla \u00a0que con antelaci\u00f3n ten\u00edan controladas las instituciones p\u00fablicas y \u00a0privadas \u00a0de \u00a0la \u00a0zona, \u00a0hasta lograr su afianzamiento hacia finales del periodo \u00a0aludido, \u00a0\u00e9poca \u00a0en \u00a0la \u00a0cual \u00a0se \u00a0evidencia \u00a0la \u00a0presencia y el control de los \u00a0paramilitares \u00a0 en \u00a0 diferentes \u00a0municipios \u00a0de \u00a0la \u00a0regi\u00f3n \u00a0a \u00a0trav\u00e9s \u00a0de \u00a0la \u00a0intimidaci\u00f3n \u00a0armada de sus habitantes, copando as\u00ed los sectores econ\u00f3micos y \u00a0sociales de la misma. \u00a0\u00a0<\/p>\n<p>A partir de entonces, seg\u00fan lo sostenido por \u00a0el \u00a0propio \u00a0jefe \u00a0de \u00a0la \u00a0organizaci\u00f3n, \u00a0Tovar \u00a0Pupo, \u00a0resuelven intervenir los \u00a0programas \u00a0de \u00a0gobierno, los\u00a0 proyectos de infraestructura y erradicar a la \u00a0guerrilla, \u00a0con \u00a0lo \u00a0cual \u00a0se \u00a0permiti\u00f3 recuperar el espacio pol\u00edtico perdido, \u00a0entre \u00a0otros, por la familia Ara\u00fajo, mediante la distribuci\u00f3n y asignaci\u00f3n de \u00a0\u00e1reas \u00a0de \u00a0marcada influencia de las autodefensas, a determinados aspirantes al \u00a0Congreso \u00a0de \u00a0la \u00a0Rep\u00fablica \u00a0en \u00a0aquellas \u00a0elecciones, \u00a0donde \u00a0se conmin\u00f3 a la \u00a0poblaci\u00f3n \u00a0para \u00a0que \u00a0respaldara \u00a0se\u00f1alados \u00a0candidatos \u00a0y hasta se fragu\u00f3 la \u00a0alteraci\u00f3n \u00a0de \u00a0los \u00a0resultados \u00a0de \u00a0la votaci\u00f3n a fin de asegurar su triunfo, \u00a0como\u00a0 \u00a0 aconteci\u00f3 \u00a0 con \u00a0 el \u00a0 doctor \u00a0 Ara\u00fajo \u00a0Castro. \u00a0\u00a0<\/p>\n<p>FILIACI\u00d3N DEL ACUSADO \u00a0<\/p>\n<p>\u00c1LVARO \u00a0 \u00a0ARA\u00daJO \u00a0 CASTRO \u00a0se identifica con la c\u00e9dula de ciudadan\u00eda n\u00famero 80.411.143 de \u00a0Bogot\u00e1, \u00a0naci\u00f3 \u00a0en \u00a0Valledupar \u00a0el 7 de noviembre de 1966, casado, economista, \u00a0miembro \u00a0del \u00a0Congreso \u00a0de \u00a0la \u00a0Rep\u00fablica \u00a0de 1994 a 2007 cuando renunci\u00f3 a su \u00a0curul en el Senado. \u00a0\u00a0<\/p>\n<p>ACTUACI\u00d3N PROCESAL \u00a0<\/p>\n<p>Con prove\u00eddo del 28 de noviembre de 2006, la \u00a0Sala \u00a0dio \u00a0inicio \u00a0a \u00a0la \u00a0investigaci\u00f3n \u00a0y vincul\u00f31, \u00a0entre otros congresistas, al \u00a0senador \u00a0 \u00a0 \u00c1lvaro \u00a0 \u00a0Ara\u00fajo \u00a0 \u00a0Castro, \u00a0a \u00a0quien \u00a0se \u00a0le \u00a0impuso \u00a0medida \u00a0de \u00a0aseguramiento de detenci\u00f3n \u00a0preventiva \u00a0sin \u00a0excarcelaci\u00f3n, \u00a0por \u00a0los delitos de concierto para delinquir y \u00a0secuestro \u00a0 extorsivo, \u00a0 agravados, \u00a0 mediante \u00a0 auto \u00a0 del \u00a015 \u00a0de \u00a0febrero \u00a0de \u00a020072; \u00a0posteriormente, \u00a0en \u00a0ampliaci\u00f3n \u00a0de indagatoria rendida el 20 de \u00a0marzo \u00a0del \u00a0mismo \u00a0a\u00f1o, \u00a0se \u00a0le \u00a0imput\u00f3 la posible comisi\u00f3n de los delitos de \u00a0constre\u00f1imiento \u00a0 al \u00a0 sufragante \u00a0y \u00a0alteraci\u00f3n \u00a0de \u00a0resultados \u00a0electorales, \u00a0acontecidos \u00a0durante \u00a0las \u00a0elecciones \u00a0para Congreso en el a\u00f1o 20023, \u00a0 que \u00a0 no \u00a0amerit\u00f3 \u00a0resolver \u00a0situaci\u00f3n \u00a0jur\u00eddica, acorde con lo expuesto en auto del 16 \u00a0de \u00a0 \u00a0 \u00a0 \u00a0 \u00a0abril \u00a0 \u00a0 \u00a0 \u00a0 \u00a0de \u00a0 \u00a0 \u00a0 \u00a0 \u00a020074 . \u00a0\u00a0<\/p>\n<p>En \u00a0el \u00a0curso \u00a0de \u00a0la instrucci\u00f3n el doctor \u00a0Ara\u00fajo \u00a0 Castro \u00a0present\u00f3 \u00a0renuncia \u00a0a \u00a0su \u00a0investidura, \u00a0la cual le fue aceptada por la Mesa Directiva del \u00a0Senado \u00a0mediante \u00a0resoluci\u00f3n \u00a0No. \u00a0130 \u00a0del \u00a028 \u00a0de \u00a0marzo \u00a0de 20075, motivo por el \u00a0cual \u00a0la \u00a0Sala \u00a0orden\u00f3 remitir lo actuado a la Fiscal\u00eda General de la Naci\u00f3n, \u00a0mediante \u00a0auto \u00a0del \u00a0dieciocho (18) de abril de 20076, \u00a0 bajo \u00a0 la \u00a0 consideraci\u00f3n \u00a0mayoritaria \u00a0de que el delito por el cual se proced\u00eda no guardaba relaci\u00f3n con \u00a0las \u00a0funciones \u00a0congresionales \u00a0del \u00a0procesado \u00a0y, \u00a0dada \u00a0la renuncia que hab\u00eda \u00a0presentado \u00a0y \u00a0aceptado \u00a0el Senado de la Rep\u00fablica, perd\u00eda su calidad foral y, \u00a0por \u00a0 \u00a0ende, \u00a0 la \u00a0 Corte, \u00a0 su \u00a0 competencia \u00a0 para \u00a0 seguir \u00a0 conociendo \u00a0 del \u00a0proceso.7 \u00a0\u00a0<\/p>\n<p>Fue as\u00ed como la Fiscal\u00eda Once Delegada ante \u00a0esta \u00a0 \u00a0Colegiatura \u00a0 asumi\u00f3 \u00a0 la \u00a0 instrucci\u00f3n \u00a0 del \u00a0 sumario \u00a0 \u2013 \u00a0por \u00a0virtud de la\u00a0 designaci\u00f3n \u00a0que \u00a0 hiciera \u00a0el \u00a0Fiscal \u00a0General \u00a0de \u00a0la \u00a0Naci\u00f3n8 \u00a0 -, \u00a0clausur\u00f3 \u00a0el \u00a0mismo \u00a0y \u00a0mediante \u00a0resoluci\u00f3n del veintid\u00f3s (22) de agosto de 2007, acus\u00f3 al procesado \u00a0como \u00a0presunto \u00a0autor del delito de concierto para delinquir agravado (art\u00edculo \u00a0340 \u00a0inciso \u00a02\u00ba \u00a0de la Ley 599 de 2000), y coautor de los punibles de secuestro \u00a0extorsivo \u00a0agravado \u00a0y \u00a0constre\u00f1imiento \u00a0al \u00a0sufragante (art\u00edculos 169 y 170 &#8211; \u00a0numerales \u00a02,5,7 \u00a0y \u00a09 \u00a0\u2013 y \u00a0387 \u00a0ib\u00eddem), con las circunstancias gen\u00e9ricas de agravaci\u00f3n previstas en los \u00a0numerales \u00a02 \u00a0y \u00a09 del art\u00edculo 58 \u00eddem y la de menor punibilidad de que trata \u00a0en \u00a0 \u00a0numeral \u00a0 1 \u00a0 del \u00a0 art\u00edculo \u00a0 55 \u00a0 ejusdem9. \u00a0\u00a0<\/p>\n<p>Ante la apelaci\u00f3n interpuesta por la defensa \u00a0y \u00a0el \u00a0representante \u00a0del \u00a0Ministerio \u00a0P\u00fablico \u00a0contra \u00a0dicha \u00a0resoluci\u00f3n, \u00a0el \u00a0Vicefiscal \u00a0General \u00a0de \u00a0la \u00a0Naci\u00f3n \u00a0\u2013 \u00a0tambi\u00e9n \u00a0designado para actuar en segunda instancia por el se\u00f1or \u00a0Fiscal \u00a0General10 \u00a0-, mediante prove\u00eddo del dieciocho (18) de enero de 2008 decret\u00f3 \u00a0la \u00a0nulidad \u00a0parcial \u00a0de \u00a0lo \u00a0actuado \u00a0contra \u00a0Ara\u00fajo \u00a0Castro, \u00a0a \u00a0partir del cierre de la investigaci\u00f3n, en \u00a0lo \u00a0que \u00a0se \u00a0refiere \u00a0a la imputaci\u00f3n que se le hizo como coautor del delito de \u00a0secuestro \u00a0extorsivo \u00a0agravado, \u00a0dejando \u00a0a \u00a0salvo las pruebas practicadas, y en \u00a0consecuencia, \u00a0dispuso que la Unidad Nacional de Fiscal\u00eda contra el secuestro y \u00a0la \u00a0extorsi\u00f3n \u00a0tramitara \u00a0lo \u00a0correspondiente \u00a0por \u00a0la \u00a0misma \u00a0cuerda \u00a0procesal \u00a0adelantada \u00a0contra \u00a0\u00c1lvaro \u00a0Ara\u00fajo \u00a0Noguera \u00a0por \u00a0el \u00a0delito \u00a0en \u00a0menci\u00f3n, \u00a0y \u00a0confirm\u00f3 \u00a0en \u00a0lo \u00a0dem\u00e1s \u00a0la acusaci\u00f3n cuestionada11, \u00a0 quedando \u00a0 en \u00a0firme \u00a0la \u00a0decisi\u00f3n \u00a0 \u00a0al \u00a0 \u00a0momento \u00a0 \u00a0de \u00a0 \u00a0ser \u00a0 suscrita12.\u00a0 \u00a0\u00a0<\/p>\n<p>Inicialmente \u00a0la \u00a0etapa \u00a0del \u00a0juzgamiento se \u00a0avoc\u00f3 \u00a0por el Juzgado Penal del Circuito Especializado de Valledupar, pero ante \u00a0solicitud \u00a0de \u00a0cambio \u00a0de \u00a0radicaci\u00f3n elevada por la Fiscal\u00eda de conocimiento, \u00a0mediante \u00a0providencia \u00a0del \u00a020 \u00a0de \u00a0febrero \u00a0de \u00a02008 la Sala orden\u00f3 radicar el \u00a0proceso \u00a0en \u00a0los \u00a0Juzgados \u00a0Penales del Circuito Especializado de esta ciudad, y \u00a0por \u00a0reparto \u00a0le \u00a0correspondi\u00f3 \u00a0conocer \u00a0al \u00a0quinto; despacho que adelant\u00f3 las \u00a0audiencias \u00a0 preparatoria \u00a0 y \u00a0 p\u00fablica, \u00a0 culminando \u00a0 esta \u00a0 \u00faltima \u00a0con \u00a0la \u00a0intervenci\u00f3n \u00a0de \u00a0todos \u00a0los \u00a0sujetos \u00a0procesales en sesi\u00f3n del 22 de julio de \u00a02009 \u00a0y, \u00a0con providencia del 7 de septiembre pasado, orden\u00f3 remitir lo actuado \u00a0a \u00a0esta \u00a0Corporaci\u00f3n, \u00a0con \u00a0fundamento en su auto del 2 de septiembre anterior, \u00a0atendiendo \u00a0el cambio jurisprudencial advertido por la Sala sobre su competencia \u00a0para \u00a0 \u00a0 \u00a0 conocer \u00a0 \u00a0 \u00a0 de \u00a0 \u00a0 \u00a0 la \u00a0 \u00a0 \u00a0causa13. \u00a0\u00a0<\/p>\n<p>Con providencia del quince (15) de septiembre \u00a0pasado, \u00a0la \u00a0Sala \u00a0reasumi\u00f3 el conocimiento del proceso, atendido el estado del \u00a0mismo, \u00a0lo que hab\u00eda advertido mediante prove\u00eddo del primero (1) de septiembre \u00a0anterior \u00a0\u2013 radicado 31.653 \u00a0\u2013 \u00a0y \u00a0los cargos elevados \u00a0contra \u00a0Ara\u00fajo \u00a0Castro en la \u00a0resoluci\u00f3n \u00a0de \u00a0acusaci\u00f3n, esto es, el haberse concertado con las autodefensas \u00a0\u2013 quienes conminaron a la \u00a0poblaci\u00f3n \u00a0a respaldar a ciertos candidatos y hasta fraguaron la alteraci\u00f3n de \u00a0resultados \u00a0 electorales \u00a0 para \u00a0asegurar \u00a0su \u00a0victoria \u00a0-, \u00a0en \u00a0su \u00a0calidad \u00a0de \u00a0Representante \u00a0a \u00a0la C\u00e1mara y para lograr su continuidad en el Congreso, con el \u00a0prop\u00f3sito \u00a0de obtener una curul en el Senado para el periodo 2002-2006, lo cual \u00a0traduce \u00a0el \u00a0v\u00ednculo \u00a0entre \u00a0la \u00a0funci\u00f3n \u00a0como \u00a0congresista \u00a0del acusado y los \u00a0delitos \u00a0atribuidos, \u00a0aspecto \u00a0que \u00a0de \u00a0conformidad \u00a0con \u00a0lo \u00a0se\u00f1alado \u00a0por \u00a0el \u00a0art\u00edculo \u00a0235.3 de la Carta Pol\u00edtica determina la competencia de la Corte para \u00a0conocer del asunto, tema sobre el cual se volver\u00e1 m\u00e1s adelante. \u00a0\u00a0<\/p>\n<p>ALEGATOS DE LOS SUJETOS PROCESALES \u00a0<\/p>\n<p>En \u00a0la \u00a0diligencia \u00a0de \u00a0audiencia \u00a0p\u00fablica \u00a0realizada \u00a0por \u00a0el \u00a0Juzgado \u00a0Quinto \u00a0Penal \u00a0del \u00a0Circuito \u00a0Especializado de esta \u00a0ciudad, \u00a0 como \u00a0 ya \u00a0 se \u00a0 se\u00f1al\u00f3, \u00a0 los \u00a0sujetos \u00a0procesales \u00a0sostuvieron \u00a0lo \u00a0siguiente: \u00a0\u00a0<\/p>\n<p>a.- La Fiscal\u00eda. \u00a0<\/p>\n<p>Dada la convicci\u00f3n a la que arrib\u00f3 respecto \u00a0de \u00a0las \u00a0conductas \u00a0punibles \u00a0por \u00a0las \u00a0cuales \u00a0fue \u00a0acusado \u00a0el \u00a0ex congresista \u00a0\u2013 concierto para delinquir \u00a0agravado \u00a0y \u00a0constre\u00f1imiento \u00a0al \u00a0sufragante &#8211; y su responsabilidad, de acuerdo \u00a0con \u00a0los medios de prueba allegados y examinados conforme a los postulados de la \u00a0l\u00f3gica, \u00a0 la \u00a0 ciencia \u00a0 y \u00a0 las \u00a0m\u00e1ximas \u00a0de \u00a0la \u00a0experiencia, \u00a0solicit\u00f3 \u00a0el \u00a0proferimiento \u00a0de \u00a0una \u00a0sentencia \u00a0condenatoria \u00a0en \u00a0su \u00a0contra, con base en los \u00a0siguientes argumentos: \u00a0\u00a0<\/p>\n<p>1.- \u00a0 Al \u00a0 procesado \u00a0 se \u00a0 le \u00a0juzga \u00a0por \u00a0constre\u00f1imiento \u00a0al \u00a0sufragante \u00a0y por haberse concertado con los cabecillas de \u00a0una \u00a0organizaci\u00f3n militar, irregular e ilegal denominada autodefensas unidas de \u00a0Colombia \u00a0\u2013 \u00a0AUC \u00a0-, \u00a0con \u00a0estructura \u00a0de \u00a0bloques \u00a0y \u00a0direcci\u00f3n piramidal y vertical de mando nacional, a \u00a0cuya \u00a0cabeza \u00a0estaba \u00a0un \u00a0estado mayor con un comandante m\u00e1ximo, desde donde se \u00a0impart\u00edan \u00a0\u00f3rdenes y directrices, del cual hizo parte el conocido bloque norte \u00a0a \u00a0cargo \u00a0de \u00a0Rodrigo Tovar Pupo alias \u201cJorge \u00a040\u201d, con \u00a0presencia \u00a0en \u00a0los \u00a0departamentos \u00a0del \u00a0Cesar, \u00a0Magdalena, Guajira y Atl\u00e1ntico, \u00a0acorde \u00a0con \u00a0lo \u00a0reconocido \u00a0en \u00a0publicaciones y medios de prensa por diferentes \u00a0jefes y ex jefes de tales bloques. \u00a0\u00a0<\/p>\n<p>Organizaci\u00f3n \u00a0que \u00a0no s\u00f3lo persegu\u00eda a la \u00a0guerrilla \u00a0 sino \u00a0 que \u00a0pretend\u00eda \u00a0copar \u00a0pol\u00edticamente \u00a0las \u00a0regiones \u00a0de \u00a0su \u00a0injerencia, \u00a0seg\u00fan \u00a0lo \u00a0expresado \u00a0por \u00a0sus m\u00e1ximos dirigentes a los medios de \u00a0comunicaci\u00f3n \u00a0y \u00a0lo destacado en las diferentes investigaciones adelantadas por \u00a0la \u00a0Corte \u00a0Suprema \u00a0de Justicia y la Fiscal\u00eda General de la Naci\u00f3n, reflejando \u00a0ello \u00a0la \u00a0relaci\u00f3n \u00a0estrecha \u00a0entre \u00a0los \u00a0l\u00edderes \u00a0pol\u00edticos de las distintas \u00a0regiones y los cabecillas de la AUC donde \u00e9stas hac\u00edan presencia. \u00a0\u00a0<\/p>\n<p>Dentro del proceso se acredita la condici\u00f3n \u00a0de \u00a0 l\u00edder \u00a0pol\u00edtico \u00a0del \u00a0departamento \u00a0del \u00a0Cesar \u00a0del \u00a0doctor \u00a0Ara\u00fajo \u00a0Castro y \u00a0su \u00a0calidad \u00a0de \u00a0senador \u00a0de \u00a0la Rep\u00fablica durante el \u00a0periodo \u00a0constitucional \u00a02002-2006, \u00a0como tambi\u00e9n la presencia del bloque norte \u00a0de \u00a0 las \u00a0 AUC, \u00a0 al \u00a0 mando \u00a0 de \u00a0 Rodrigo \u00a0 Tovar \u00a0 Pupo \u00a0 alias \u00a0\u201cJorge \u00a0 \u00a0 \u00a0 \u00a0 \u00a040\u201d \u00a0 en \u00a0 dicho \u00a0departamento, \u00a0con \u00a0la \u00a0pretensi\u00f3n \u00a0de \u00a0controlar los espacios de la vida regional, logrando finalmente \u00a0incidir \u00a0en \u00a0la representaci\u00f3n popular de entidades nacionales como el Congreso \u00a0de \u00a0la \u00a0Rep\u00fablica, \u00a0mediante \u00a0la sectorizaci\u00f3n del departamento y brindando el \u00a0respaldo \u00a0necesario \u00a0a \u00a0los candidatos que en las elecciones de marzo 10 de 2002 \u00a0aspiraban \u00a0a \u00a0integrar \u00a0esa Corporaci\u00f3n, a trav\u00e9s de diversos medios, incluida \u00a0la violencia f\u00edsica y la intimidaci\u00f3n. \u00a0\u00a0<\/p>\n<p>En \u00a0desarrollo \u00a0de \u00a0los \u00a0acuerdos celebrados \u00a0entre \u00a0los \u00a0l\u00edderes \u00a0de las AUC para la consecuci\u00f3n de sus fines, el Cesar fue \u00a0dividido \u00a0en \u00a0tres \u00a0regiones: \u00a01) \u00a0la constituida por los denominados municipios \u00a0mineros, \u00a0que \u00a0se \u00a0asign\u00f3 al doctor Mauricio Pimiento Barrera; 2) la conformada \u00a0por \u00a0los municipios del sur, adscrita al doctor Ara\u00fajo \u00a0Castro, \u00a0 \u00a0 y, \u00a0 \u00a0 3) \u00a0 \u00a0 la \u00a0 \u00a0 de \u00a0 \u00a0\u201ccielos \u00a0 \u00a0 \u00a0 abiertos\u201d \u00a0 correspondiente \u00a0 a \u00a0Valledupar \u00a0y \u00a0municipios \u00a0circunvecinos. Situaci\u00f3n que benefici\u00f3 al acusado, quien la apoy\u00f3 \u00a0y acept\u00f3 adelantando su campa\u00f1a electoral en aquella \u00e9poca. \u00a0\u00a0<\/p>\n<p>2.- \u00a0La \u00a0prueba \u00a0que sirvi\u00f3 de base para la \u00a0formulaci\u00f3n \u00a0de \u00a0la \u00a0acusaci\u00f3n adquiri\u00f3 solidez con los medios de convicci\u00f3n \u00a0allegados \u00a0a \u00a0lo largo del juicio, no s\u00f3lo para reiterar lo expuesto en aquella \u00a0decisi\u00f3n \u00a0 sino \u00a0 para \u00a0 predicar \u00a0 la \u00a0 certeza \u00a0 de \u00a0la \u00a0responsabilidad \u00a0del \u00a0acusado. \u00a0\u00a0<\/p>\n<p>La \u00a0 \u00a0 relaci\u00f3n \u00a0 \u00a0de \u00a0 \u00a0Ara\u00fajo \u00a0Castro con el bloque norte de las \u00a0AUC, \u00a0y \u00a0en \u00a0particular \u00a0con \u00a0el \u00a0cabecilla \u00a0Jorge Tovar Pupo alias \u201cJorge \u00a0 \u00a0 \u00a0 \u00a0 \u00a040\u201d, surge evidente si se tiene en cuenta \u00a0que \u00a0en \u00a0el \u00a0Cesar, \u00a0donde \u00a0aquel \u00a0grupo \u00a0ejerc\u00eda \u00a0marcada \u00a0influencia, ning\u00fan \u00a0pol\u00edtico \u00a0pod\u00eda \u00a0adelantar campa\u00f1a sin el aval de esa organizaci\u00f3n criminal, \u00a0seg\u00fan \u00a0se \u00a0deduce \u00a0de la declaraci\u00f3n rendida por Salvatore Mancuso G\u00f3mez ante \u00a0la \u00a0Corte \u00a0(radicado \u00a026.625), \u00a0y \u00a0de \u00a0lo \u00a0se\u00f1alado \u00a0por \u00a0el mismo \u201cJorge \u00a0 \u00a0 \u00a0 \u00a0 \u00a040\u201d \u00a0cuando asegur\u00f3 que la organizaci\u00f3n \u00a0reemplaz\u00f3 \u00a0al Estado en sus funciones \u2013 \u00a0ejecutiva, \u00a0legislativa \u00a0y \u00a0judicial \u00a0-; \u00a0por lo que si el acusado \u00a0pretend\u00eda \u00a0 hacer \u00a0 proselitismo \u00a0 pol\u00edtico \u00a0 en \u00a0 esa \u00a0 secci\u00f3n \u00a0del \u00a0pa\u00eds, \u00a0necesariamente \u00a0deb\u00eda \u00a0contar \u00a0con la bendici\u00f3n de las AUC, pese a que soslaye \u00a0su \u00a0relaci\u00f3n \u00a0con \u00a0aquellos \u00a0al mencionar en su injurada que apenas conoc\u00eda de \u00a0Rodrigo \u00a0Tovar \u00a0Pupo porque la casa de sus padres en Valledupar quedaba cerca de \u00a0la \u00a0de \u00a0los \u00a0suyos, \u00a0que \u00a0el \u00a0encuentro \u00a0m\u00e1s \u00a0reciente \u00a0con \u00e9ste fue cuando lo \u00a0invit\u00f3, \u00a0al \u00a0igual \u00a0que \u00a0a \u00a0otras personalidades del Cesar, a una conversaci\u00f3n \u00a0relacionada \u00a0con \u00a0el \u00a0proceso \u00a0de \u00a0desmovilizaci\u00f3n \u00a0y para dar testimonio de su \u00a0compromiso, \u00a0am\u00e9n de haber asistido a otra reuni\u00f3n con el mismo paramilitar en \u00a0la \u00a0cual \u00a0trataron \u00a0temas \u00a0relacionados \u00a0con \u00a0su \u00a0seguridad, \u00a0cuando en realidad \u00a0\u201cfuertes lazos lo un\u00edan a \u00a0ellos\u201d (sic). \u00a0\u00a0<\/p>\n<p>La \u00a0 trasformaci\u00f3n \u00a0sustancial \u00a0del \u00a0mapa \u00a0pol\u00edtico \u00a0del \u00a0departamento en la cual hab\u00eda un inter\u00e9s manifiesto, iba de la \u00a0mano \u00a0con \u00a0el \u00a0ej\u00e9rcito \u00a0irregular \u00a0conformado \u00a0por \u00a0las \u00a0fuerzas paramilitares \u00a0interesadas \u00a0en \u00a0doblegar \u00a0las instituciones municipales y departamentales antes \u00a0que \u00a0respetar \u00a0los \u00a0derechos \u00a0de \u00a0los \u00a0coasociados, sobre lo cual dan testimonio \u00a0Alfonso \u00a0Palacio \u00a0Ni\u00f1o, Orfilia y Janeth Arias Angarita, Rafael Garc\u00eda Torres, \u00a0Jaime \u00a0Alberto \u00a0Charris, \u00a0Luis \u00a0Eduardo \u00a0Rocha \u00a0Lemus \u00a0y \u00a0V\u00edctor Eli\u00e9cer Ochoa \u00a0Quintana, entre otros. \u00a0\u00a0<\/p>\n<p>Los \u00a0resultados de las elecciones de 2002 al \u00a0Congreso \u00a0de \u00a0la \u00a0Rep\u00fablica, \u00a0que \u00a0en \u00a0condiciones \u00a0de regularidad democr\u00e1tica \u00a0podr\u00edan \u00a0tener explicaciones satisfactorias como las reiteradas por el acusado, \u00a0analizados \u00a0en \u00a0el \u00a0escenario \u00a0en \u00a0que \u00a0se \u00a0produjeron y en el cual era actor de \u00a0primer \u00a0 \u00a0 orden \u00a0 \u00a0 del \u00a0 \u00a0 grupo \u00a0 \u00a0 armado \u00a0 \u00a0liderado \u00a0 \u00a0por \u00a0 \u00a0\u201cJorge \u00a0 \u00a0 \u00a0 \u00a0 \u00a040\u201d, \u00a0revela \u00a0que \u00a0fueron consecuencia de \u00a0una \u00a0alianza \u00a0entre las AUC y la clase pol\u00edtica para dividir la votaci\u00f3n entre \u00a0los \u00a0aspirantes \u00a0al \u00a0Senado \u00a0con \u00a0sus \u00a0respectivas \u00a0f\u00f3rmulas \u00a0a \u00a0la \u00a0C\u00e1mara de \u00a0Representantes, a fin de asegurar la obtenci\u00f3n de esas curules. \u00a0\u00a0<\/p>\n<p>Es as\u00ed como en la zona sur, desde Curuman\u00ed \u00a0hasta \u00a0 \u00a0 San \u00a0 \u00a0Alberto, \u00a0 \u00a0el \u00a0 \u00a0doctor \u00a0 \u00a0Ara\u00fajo \u00a0Castro obtuvo 19.766 votos mientras el doctor Pimiento \u00a0Barrera \u00a03.002, \u00a0y \u00a0en \u00a0la \u00a0zona noroccidental, desde El Copey hasta Chimichagua \u00a0\u2013 \u00a0 \u00a0municipios \u00a0 del \u00a0denominado \u00a0G-8 \u00a0-, \u00a021.012 \u00a0votos \u00a0a \u00a0favor \u00a0de \u00a0Pimiento \u00a0Barrera y 2.260 para \u00a0Ara\u00fajo \u00a0Castro, \u00a0hecha \u00a0la \u00a0comparaci\u00f3n \u00a0entre \u00a0las dos m\u00e1s altas votaciones al Senado en el departamento, \u00a0lo \u00a0cual \u00a0permite \u00a0advertir la calculada parcelaci\u00f3n a favor de los candidatos, \u00a0con \u00a0 \u00a0la \u00a0 \u00a0activa \u00a0 \u00a0participaci\u00f3n \u00a0 de \u00a0 la \u00a0 aludida \u00a0 agrupaci\u00f3n \u00a0 armada \u00a0ilegal. \u00a0\u00a0<\/p>\n<p>Adem\u00e1s, resulta significativo y demostrativo \u00a0de \u00a0los acontecimientos materia del proceso y de la responsabilidad del acusado, \u00a0el \u00a0secuestro de V\u00edctor Ochoa Daza por el cual se vincul\u00f3 procesalmente, pues, \u00a0como \u00a0subyace de la prueba, tal suceso tuvo car\u00e1cter pol\u00edtico y econ\u00f3mico; el \u00a0primero \u00a0 \u00a0concertado \u00a0 \u00a0entre \u00a0 \u00a0las \u00a0 \u00a0AUC \u00a0 \u00a0al \u00a0 \u00a0mando \u00a0 \u00a0de \u00a0 \u201cJorge \u00a0 \u00a0 \u00a0 \u00a0 \u00a040\u201d \u00a0y \u00a0los \u00a0doctores \u00a0Ara\u00fajo \u00a0Noguera y \u00a0Ara\u00fajo \u00a0Castro \u00a0para que la \u00a0se\u00f1ora \u00a0Juana \u00a0Bautista \u00a0Ram\u00edrez \u00a0de Ara\u00fajo desistiera de su aspiraci\u00f3n a la \u00a0C\u00e1mara \u00a0 \u00a0 de \u00a0 \u00a0Representantes \u00a0 \u00a0\u2013 \u00a0promovida \u00a0por \u00a0el \u00a0secuestrado, \u00a0quien \u00a0no acept\u00f3 ser el segundo \u00a0rengl\u00f3n \u00a0al \u00a0Senado en la lista encabezada por el \u00faltimo y obligarla a aceptar \u00a0ese \u00a0lugar, \u00a0a \u00a0fin \u00a0de no perder el apoyo del movimiento MRL que ostentaba gran \u00a0potencial \u00a0electoral \u00a0en \u00a0Valledupar y\u00a0 municipios colindantes, cuyo l\u00edder \u00a0era \u00a0V\u00edctor \u00a0Ochoa \u00a0y la mencionada se\u00f1ora uno de sus miembros representativos \u00a0-, \u00a0 dada \u00a0 la \u00a0 exigencia \u00a0 que \u00a0 en \u00a0 tal \u00a0 sentido \u00a0le \u00a0hiciera \u00a0\u201cJorge \u00a0 \u00a0 \u00a0 \u00a0 \u00a040\u201d \u00a0 con \u00a0lo \u00a0cual \u00a0se \u00a0garantizaba \u00a0la \u00a0victoria de aqu\u00e9l al Senado, como en efecto aconteci\u00f3. \u00a0\u00a0<\/p>\n<p>Y \u00a0si \u00a0el procesado no estaba de acuerdo con \u00a0los \u00a0paramilitares \u00a0y \u00a0su \u00a0forma de proceder, su versi\u00f3n en el sentido de haber \u00a0aceptado \u00a0que Juana Ram\u00edrez fuera incluida como su segundo rengl\u00f3n en la lista \u00a0que \u00a0conformaba \u00a0virtud \u00a0del \u00a0acuerdo pol\u00edtico celebrado de anta\u00f1o con el MRL, \u00a0resulta \u00a0ser \u00a0una explicaci\u00f3n simplista, carente de fundamento y contraria a la \u00a0verdad, \u00a0que \u00a0ha \u00a0servido \u00a0como \u00a0distractor \u00a0para \u00a0desviar \u00a0la \u00a0atenci\u00f3n \u00a0de la \u00a0justicia, \u00a0al \u00a0igual que cuando afirma haber sido v\u00edctima de un atentado de los \u00a0paramilitares, \u00a0el \u00a0cual \u00a0no denunci\u00f3 por tratarse de rumores, seg\u00fan \u00e9l mismo \u00a0lo sostiene. \u00a0\u00a0<\/p>\n<p>La \u00a0 se\u00f1ora \u00a0Juana \u00a0Ram\u00edrez \u00a0de \u00a0Ara\u00fajo \u00a0contradice \u00a0y descalifica al procesado y a su padre, al aducir que jam\u00e1s pidi\u00f3 \u00a0al \u00a0 \u00faltimo \u00a0 acompa\u00f1arla \u00a0 al \u00a0 encuentro \u00a0 que \u00a0 sostuvo \u00a0 con \u00a0\u201cJorge \u00a0 \u00a0 \u00a0 \u00a0 \u00a040\u201d donde \u00e9ste le solicit\u00f3 abandonar su \u00a0aspiraci\u00f3n \u00a0a \u00a0la \u00a0C\u00e1mara y ocupar el segundo rengl\u00f3n de la lista del acusado \u00a0al \u00a0Senado \u00a0y \u00a0que no conoc\u00eda del acuerdo referido por Ara\u00fajo Noguera, el cual \u00a0carece \u00a0de \u00a0su firma (fls. 52-55 c. o. 16); testimonio objetivo, directo, claro, \u00a0coherente \u00a0y \u00a0sincero \u00a0del \u00a0cual \u00a0aflora \u00a0el manejo pol\u00edtico y electoral de los \u00a0paramilitares \u00a0en \u00a0aquella \u00a0\u00e9poca, \u00a0su \u00a0relaci\u00f3n con los doctores Ara\u00fajo y el \u00a0convenio con el acusado para sacar avante su aspiraci\u00f3n al Senado. \u00a0\u00a0<\/p>\n<p>De \u00a0otro lado, las declaraciones de Orfila y \u00a0Janeth \u00a0Arias Angarita, Alfonso Palacio Ni\u00f1o y Rafael Garc\u00eda Torres demuestran \u00a0la \u00a0 relaci\u00f3n \u00a0 entre \u00a0 los \u00a0 paramilitares \u00a0 bajo \u00a0el \u00a0mando \u00a0de \u00a0\u201cJorge \u00a0 \u00a0 \u00a0 \u00a0 \u00a040\u201d \u00a0y \u00a0los \u00a0doctores Ara\u00fajo, y la forma \u00a0como \u00a0esa connivencia manipul\u00f3 el proceso electoral del Cesar en las elecciones \u00a0de \u00a02002 \u00a0sin \u00a0importar que se vulneraran derechos y bienes jur\u00eddicos de muchas \u00a0personas \u00a0 con \u00a0 tal \u00a0 de \u00a0 asegurar \u00a0 el \u00a0triunfo \u00a0del \u00a0candidato \u00a0Ara\u00fajo \u00a0Castro, \u00a0tal \u00a0y \u00a0como \u00a0lo pone de \u00a0presente \u00a0el \u00a0an\u00e1lisis que de las mismas se plasm\u00f3 en la acusaci\u00f3n sin que al \u00a0momento \u00a0 \u00a0 de \u00a0 \u00a0adelantarse \u00a0 \u00a0la \u00a0 \u00a0audiencia \u00a0 \u00a0p\u00fablica \u00a0 \u00a0hubieran \u00a0 \u00a0sido \u00a0demeritadas. \u00a0\u00a0<\/p>\n<p>Asimismo \u00a0V\u00edctor Ochoa Daza y V\u00edctor Ochoa \u00a0Quintana \u00a0contribuyen \u00a0a \u00a0demostrar \u00a0la \u00a0real \u00a0ocurrencia \u00a0de \u00a0los \u00a0hechos \u00a0y la \u00a0responsabilidad \u00a0del \u00a0acusado, \u00a0pues \u00a0el \u00a0primero \u00a0ha puesto de presente que por \u00a0todos \u00a0los medios se trat\u00f3 de intimidar a los testigos de cargo, no obstante lo \u00a0cual \u00a0relat\u00f3 \u00a0que \u00a0su secuestro se produjo pocos d\u00edas despu\u00e9s de que declin\u00f3 \u00a0el \u00a0ofrecimiento \u00a0de \u00a0ser segundo rengl\u00f3n en la lista al Senado de Ara\u00fajo \u00a0Castro, \u00a0hecho por su padre, y de \u00a0haber \u00a0proclamado \u00a0la \u00a0candidatura \u00a0de \u00a0Juana \u00a0Bautista \u00a0Ram\u00edrez \u00a0a la C\u00e1mara; \u00a0enter\u00e1ndose \u00a0 por \u00a0 los \u00a0medios \u00a0de \u00a0comunicaci\u00f3n, \u00a0cuando \u00a0se \u00a0encontraba \u00a0en \u00a0cautiverio, \u00a0que \u00a0la mesa directiva del Concejo de Valledupar se hab\u00eda cambiado \u00a0y \u00a0 Juana \u00a0 Ram\u00edrez \u00a0 hab\u00eda \u00a0 sido \u00a0 incluida \u00a0en \u00a0la \u00a0lista \u00a0de \u00a0Ara\u00fajo \u00a0 Castro \u00a0al \u00a0Senado, \u00a0lo \u00a0que \u00a0le \u00a0result\u00f3 \u00a0extra\u00f1o \u00a0e \u00a0inexplicable, \u00a0y una vez liberado supo por sus familiares \u00a0que \u00a0como \u00a0condici\u00f3n para ello Juana Ram\u00edrez debi\u00f3 renunciar a su aspiraci\u00f3n \u00a0a \u00a0la \u00a0C\u00e1mara \u00a0y \u00a0aceptar \u00a0su inclusi\u00f3n en la mencionada lista; aduciendo, por \u00a0otra \u00a0parte, que las AUC le exigieron no participar en pol\u00edtica ni hablar sobre \u00a0las \u00a0causas \u00a0de \u00a0su secuestro y responsables del mismo, haciendo claridad en que \u00a0los \u00a0doctores \u00a0Ara\u00fajo \u00a0buscaron \u00a0el apoyo del MRL y la aceptaci\u00f3n suya o de la \u00a0doctora \u00a0Juana \u00a0Ram\u00edrez para ocupar un lugar en la lista al Senado tantas veces \u00a0aludida por la fortaleza electoral del grupo pol\u00edtico. \u00a0\u00a0<\/p>\n<p>El \u00a0segundo, quien afront\u00f3 en su momento el \u00a0proceso \u00a0de \u00a0liberaci\u00f3n \u00a0del \u00a0primero \u00a0&#8211; \u00a0su \u00a0padre \u00a0-, \u00a0dio \u00a0a \u00a0conocer que en \u00a0desarrollo \u00a0de \u00a0las \u00a0gestiones emprendidas con tal objetivo se reuni\u00f3 con alias \u00a0\u201c39\u201d, \u00a0quien \u00a0lo \u00a0previno en el sentido de \u00a0que \u00a0Juana Ram\u00edrez deb\u00eda renunciar a su aspiraci\u00f3n a la C\u00e1mara, lo mismo que \u00a0la \u00a0 Mesa \u00a0Directiva \u00a0del \u00a0Concejo \u00a0de \u00a0Valledupar, \u00a0y \u00a0luego \u00a0le \u00a0se\u00f1al\u00f3 \u00a0que \u00a0\u201cJorge \u00a0 40\u201d hab\u00eda dispuesto que se reunieran con \u00a0\u00c1lvaro \u00a0Ara\u00fajo \u00a0Noguera, \u00a0quien ten\u00eda instrucciones sobre el manejo del apoyo \u00a0que \u00a0deb\u00eda \u00a0brindarse a los aspirantes al Congreso de la Rep\u00fablica, para\u00a0 \u00a0m\u00e1s \u00a0 \u00a0 \u00a0tarde \u00a0 \u00a0 anunciarle \u00a0 \u00a0 \u201cJorge \u00a040\u201d, por \u00a0tel\u00e9fono, \u00a0que para salvar la vida de su padre deb\u00eda apoyar a \u00c1lvaro Mor\u00f3n y \u00a0a \u00a0Ara\u00fajo; versi\u00f3n inicial \u00a0que \u00a0no \u00a0puede \u00a0desatenderse, \u00a0as\u00ed en la fase del juicio, por circunstancias no \u00a0muy \u00a0claras, haya se\u00f1alado que los doctores Ara\u00fajo no estaban implicados en el \u00a0secuestro \u00a0 de \u00a0su \u00a0padre, \u00a0pues \u00a0su \u00a0postura \u00a0primigenia \u00a0cuenta \u00a0con \u00a0respaldo \u00a0probatorio, \u00a0am\u00e9n \u00a0de \u00a0que el propio testigo advierte sobre la verdad de lo que \u00a0inicialmente \u00a0 hab\u00eda \u00a0 expuesto, \u00a0 el \u00a0\u00e1nimo \u00a0de \u00a0no \u00a0contradecir \u00a0ello \u00a0y \u00a0su \u00a0consideraci\u00f3n \u00a0 sobre \u00a0 la \u00a0 presunta \u00a0 relaci\u00f3n \u00a0 de \u00a0 los \u00a0Ara\u00fajo \u00a0con \u00a0los \u00a0paramilitares, \u00a0 \u00a0lo \u00a0 cual \u00a0 permite \u00a0 avistar \u00a0 el \u00a0 conflicto \u00a0 interno \u00a0 del \u00a0deponente. \u00a0\u00a0<\/p>\n<p>\u00a0 \u00a0<\/p>\n<p>Dioselina Ram\u00edrez Osorio, por su parte, como \u00a0concejal \u00a0del municipio de San Mart\u00edn \u2013 \u00a0sur \u00a0del \u00a0Cesar \u00a0-, relat\u00f3 haber sido convocada &#8211; junto con otros \u00a0dirigentes \u00a0pol\u00edticos \u00a0de \u00a0la \u00a0regi\u00f3n \u00a0&#8211; \u00a0por \u00a0el \u00a0cabecilla de las AUC Alirio \u00a0Trujillo \u00a0 \u00a0 S\u00e1nchez, \u00a0 \u00a0 alias \u00a0 \u00a0\u201cChorizo\u201d, \u00a0a \u00a0una \u00a0reuni\u00f3n en la finca de Martiniano Prada, hermano del jefe paramilitar Juan \u00a0Francisco \u00a0 \u00a0 Prada, \u00a0 \u00a0 alias \u00a0 \u00a0 \u201cJuancho \u00a0 \u00a0 \u00a0 \u00a0Prada\u201d, \u00a0 \u00a0 donde \u00a0 \u00a0alias \u00a0 \u00a0\u201cOmega\u201d \u00a0les \u00a0hizo \u00a0 saber \u00a0que \u00a0\u201cJorge \u00a040\u201d \u00a0hab\u00eda dado la orden \u00a0de \u00a0 apoyar \u00a0 electoralmente \u00a0 al \u00a0 candidato \u00a0\u00c1raujo \u00a0Castro, \u00a0quien \u00a0les fue presentado, aun cuando se\u00f1ala \u00a0que \u00a0no \u00a0acat\u00f3 \u00a0la propuesta por compromisos adquiridos con antelaci\u00f3n, porque \u00a0no \u00a0hubo \u00a0empat\u00eda \u00a0con \u00a0el \u00a0candidato, \u00a0quien ni siquiera present\u00f3 su proyecto \u00a0pol\u00edtico, \u00a0y \u00a0porque sus convicciones democr\u00e1ticas se lo imped\u00edan, lo cual le \u00a0cost\u00f3 \u00a0amenazas \u00a0y \u00a0su salida de la regi\u00f3n al punto de ingresar al programa de \u00a0protecci\u00f3n a testigos de la Fiscal\u00eda. \u00a0\u00a0<\/p>\n<p>Deponente \u00a0que \u00a0de manera clara, enf\u00e1tica y \u00a0objetiva, \u00a0 de \u00a0 frente \u00a0al \u00a0procesado \u00a0en \u00a0la \u00a0audiencia \u00a0p\u00fablica \u00a0mantuvo \u00a0su \u00a0sindicaci\u00f3n \u00a0acerca de la relaci\u00f3n de \u00e9ste con el bloque norte de las AUC, lo \u00a0que \u00a0constituye prueba apta y demostrativa del concierto para delinquir agravado \u00a0atribuido \u00a0al \u00a0acusado, \u00a0pese \u00a0a \u00a0hallarse \u00a0vinculada a una investigaci\u00f3n penal \u00a0distinta \u00a0al \u00a0asunto de que aqu\u00ed se trata, en tanto su versi\u00f3n es veros\u00edmil y \u00a0se halla respaldada por otros medios de prueba. \u00a0\u00a0<\/p>\n<p>Agrega \u00a0 a \u00a0 lo \u00a0 anterior \u00a0el \u00a0denominado \u00a0\u201cCONVENIO \u00a0POLITICO PARA \u00a0EL \u00a0DEBATE \u00a0ELECTORAL \u00a0DE \u00a0EL \u00a0DIA \u00a010 DE MARZO DEL A\u00d1O 2002, EN LA ELECCION DE \u00a0CAMARA \u00a0 \u00a0DE \u00a0 \u00a0REPRESENTANTES \u00a0 \u00a0Y \u00a0 \u00a0SENADO \u00a0 \u00a0DE \u00a0 LA \u00a0 REPUBLICA\u201d, \u00a0suscrito \u00a0por \u00a0Dieb \u00a0Maloof, \u00a0Jorge \u00a0Castro, \u00a0Jos\u00e9 \u00a0Gamarra \u00a0Sierra, Gustavo Orozco, Ram\u00f3n Prieto Jure, Manuel Meza \u00a0Gamarra, \u00a0Martha \u00a0Miranda, \u00a0Franklin \u00a0Lozano, \u00a0Daniel \u00a0Solano, \u00a0Arnulfo \u00a0Borjas, \u00a0Fernando \u00a0 Orozco, \u00a0 Carmen \u00a0 Castro, \u00a0 Jorge \u00a0Vega \u00a0Barrios, \u00a0Fernando \u00a0Mozo \u00a0y \u00a0\u201cJorge \u00a0 40\u201d, \u00a0con el cual se evidencia la mentira \u00a0en \u00a0 que \u00a0 \u00e9ste \u00a0incurre, \u00a0quien \u00a0pese \u00a0a \u00a0ello \u00a0refiri\u00f3 \u00a0el \u00a0dominio \u00a0de \u00a0los \u00a0paramilitares \u00a0en \u00a0el \u00a0Cesar al punto de haber sustituido al Estado en todos sus \u00a0\u00f3rdenes. \u00a0\u00a0<\/p>\n<p>Concluye \u00a0que \u00a0la prueba acredita la alianza \u00a0previa \u00a0 \u00a0a \u00a0 las \u00a0 elecciones \u00a0 de \u00a0 2002, \u00a0 entre \u00a0 el \u00a0 doctor \u00a0 Ara\u00fajo \u00a0Castro \u00a0y \u00a0las \u00a0autodefensas \u00a0del \u00a0bloque \u00a0 norte \u00a0 comandadas \u00a0 por \u00a0 Rodrigo \u00a0 Tovar \u00a0 Pupo \u00a0 alias \u00a0\u201cJorge \u00a0 \u00a0 \u00a0 \u00a0 \u00a040\u201d, \u00a0vinculada \u00a0a \u00a0la \u00a0expansi\u00f3n que en \u00a0todos \u00a0los \u00a0\u00f3rdenes \u00a0y especialmente en el de penetraci\u00f3n del poder pol\u00edtico, \u00a0ven\u00eda \u00a0 \u00a0 \u00a0 \u00a0 desarrollando \u00a0 \u00a0 \u00a0 \u00a0esa \u00a0 \u00a0 \u00a0 \u00a0organizaci\u00f3n \u00a0 \u00a0 \u00a0 \u00a0\u2013 \u00a0cuyo \u00a0control en la regi\u00f3n hasta el \u00a0mismo \u00a0 \u00a0 \u00a0\u201cJorge \u00a040\u201d \u00a0 lo \u00a0afirma, \u00a0como \u00a0tambi\u00e9n \u00a0lo \u00a0hicieron Alfonso Palacio Ni\u00f1o, Luis Alberto Monsalvo Gnecco y Ana \u00a0Emilse \u00a0Jaimes \u00a0Ardila \u00a0-, \u00a0de \u00a0lo \u00a0cual \u00a0result\u00f3 beneficiado el acusado, quien \u00a0ejerci\u00f3 \u00a0libremente \u00a0proselitismo \u00a0para \u00a0obtener \u00a0una \u00a0gran \u00a0votaci\u00f3n \u00a0en \u00a0los \u00a0municipios \u00a0que \u00a0previamente \u00a0las autodefensas le asignaron, donde realizaron el \u00a0trabajo \u00a0 \u00a0 \u00a0 intimidatorio \u00a0 \u00a0 \u00a0 sobre \u00a0 \u00a0 \u00a0la \u00a0 \u00a0 \u00a0comunidad \u00a0 \u00a0 \u00a0\u2013 \u00a0 impidiendo \u00a0 que \u00a0 votara \u00a0por \u00a0el \u00a0candidato \u00a0de \u00a0su \u00a0preferencia \u00a0&#8211; \u00a0para \u00a0asegurar \u00a0el \u00a0resultado \u00a0electoral \u00a0del \u00a0aspirante \u00a0al \u00a0Senado \u00a0de \u00a0la \u00a0Rep\u00fablica \u00a0y \u00a0entonces \u00a0miembro de la C\u00e1mara de \u00a0Representantes. \u00a0\u00a0<\/p>\n<p>Con \u00a0base en la certeza que brinda el caudal \u00a0probatorio \u00a0acerca \u00a0de \u00a0la incursi\u00f3n del procesado en el concurso de delitos de \u00a0concierto \u00a0para delinquir agravado y constre\u00f1imiento al elector (art\u00edculos 340 \u00a0inciso \u00a02 \u00a0y \u00a0387 del C\u00f3digo Penal), am\u00e9n de que por hechos similares han sido \u00a0condenados \u00a0otros \u00a0l\u00edderes \u00a0pol\u00edticos \u00a0de \u00a0la \u00a0costa \u00a0caribe, \u00a0como \u00a0el doctor \u00a0Mauricio \u00a0Pimiento \u00a0Barrera, \u00a0solicita \u00a0que \u00a0se \u00a0dicte sentencia condenatoria en \u00a0contra \u00a0del \u00a0doctor \u00a0\u00c1lvaro Ara\u00fajo Castro. \u00a0\u00a0<\/p>\n<p>\u00a0 \u00a0\u00a0 \u00a0\u00a0 \u00a0 \u00a0b.- \u00a0El \u00a0representante \u00a0del \u00a0Ministerio \u00a0P\u00fablico.- \u00a0\u00a0<\/p>\n<p>El \u00a0 Procurador \u00a0 Delegado \u00a0 solicit\u00f3 \u00a0la \u00a0absoluci\u00f3n \u00a0del \u00a0ex \u00a0congresista \u00a0por \u00a0existir \u00a0dudas \u00a0razonables e insalvables \u00a0respecto \u00a0de \u00a0los \u00a0cargos \u00a0formulados \u00a0en \u00a0su \u00a0contra, \u00a0pues que no se demostr\u00f3 \u00a0acuerdo \u00a0alguno \u00a0entre \u00a0el \u00a0acusado, \u00a0\u201cJuancho \u00a0 \u00a0 \u00a0 \u00a0Prada\u201d, \u00a0Rodrigo \u00a0Tovar \u00a0alias \u00a0\u201cJorge \u00a040\u201d y\/o \u00a0el \u00a0comandante \u00a0del \u00a0bloque \u00a0central Bol\u00edvar de las autodefensas para apoyar al \u00a0primero \u00a0en \u00a0el \u00a0sur \u00a0del \u00a0Cesar \u00a0y, \u00a0mucho \u00a0menos se demostr\u00f3 un acuerdo entre \u00a0\u201cJorge \u00a0 40\u201d \u00a0y el ex congresista para desterrar y \u00a0asesinar \u00a0a \u00a0los \u00a0l\u00edderes \u00a0que lo respaldaban pol\u00edticamente; lo cual sustent\u00f3 \u00a0como sigue: \u00a0\u00a0<\/p>\n<p>1.- \u00a0Critica la posici\u00f3n de la Fiscal\u00eda en \u00a0el \u00a0sentido \u00a0de \u00a0acoger \u00a0la \u00a0idea \u00a0de \u00a0la unidad inescindible entre el pliego de \u00a0cargos \u00a0y \u00a0los alegatos conclusivos referidos en la audiencia p\u00fablica, dado que \u00a0ello \u00a0conducir\u00eda a admitir que con lo requerido para formular acusaci\u00f3n ser\u00eda \u00a0suficiente \u00a0para \u00a0condenar, \u00a0cuando lo cierto, desde el \u00e1mbito procesal, es que \u00a0la \u00a0 prueba \u00a0para \u00a0dictar \u00a0condena \u00a0es \u00a0m\u00e1s \u00a0exigente \u00a0que \u00a0la \u00a0necesaria \u00a0para \u00a0residenciar \u00a0en \u00a0juicio \u00a0criminal; \u00a0motivo \u00a0por \u00a0el \u00a0cual \u00a0resulta indispensable \u00a0examinar \u00a0la \u00a0prueba practicada en el juicio para despejar si lo afirmado por la \u00a0Fiscal\u00eda \u00a0es v\u00e1lido &#8211; al argumentar que a igual raz\u00f3n de hecho corresponde la \u00a0misma \u00a0conclusi\u00f3n \u00a0de \u00a0derecho \u00a0-, concerniente al tratamiento dispensado en el \u00a0caso de Mauricio Pimiento Barrera. \u00a0\u00a0<\/p>\n<p>Del \u00a0an\u00e1lisis \u00a0que \u00a0hace \u00a0de \u00a0la sentencia \u00a0proferida \u00a0por \u00a0la \u00a0Corte \u00a0contra \u00a0el \u00a0\u00faltimo, \u00a0encuentra que la situaci\u00f3n del \u00a0doctor \u00a0Pimiento \u00a0Barrera \u00a0no \u00a0es \u00a0la \u00a0misma \u00a0que \u00a0la \u00a0del \u00a0doctor \u00a0Ara\u00fajo \u00a0Castro, \u00a0pues \u00a0se \u00a0ha \u00a0dicho \u00a0que \u00a0aqu\u00e9l \u00a0obtuvo \u00a0favorecimiento \u00a0del \u00a0bloque norte de las autodefensas, porque se \u00a0concert\u00f3 \u00a0 \u00a0 \u00a0con \u00a0 \u00a0 \u00a0Rodrigo \u00a0 \u00a0 \u00a0Tovar \u00a0 \u00a0 \u00a0Pupo \u00a0 \u00a0 \u00a0alias \u00a0 \u00a0 \u201cJorge \u00a0 \u00a0 \u00a0 \u00a0 \u00a040\u201d, \u00a0su \u00a0comandante, quien efectivamente \u00a0ejerc\u00eda \u00a0hegemon\u00eda \u00a0en \u00a0esa \u00a0regi\u00f3n \u00a0del \u00a0departamento \u00a0del \u00a0Cesar, \u00a0donde la \u00a0votaci\u00f3n \u00a0fue favorable al pol\u00edtico, y se cont\u00f3 con elementos de prueba tales \u00a0como \u00a0grabaciones, \u00a0documentos \u00a0y \u00a0armas \u00a0que fueron incautadas, nada de lo cual \u00a0ocurre en estas diligencias. \u00a0\u00a0<\/p>\n<p>2.- \u00a0La \u00a0situaci\u00f3n del doctor Ara\u00fajo \u00a0Castro \u00a0es \u00a0bien \u00a0diferente\u00a0 \u00a0toda \u00a0vez \u00a0que \u00a0se \u00a0le \u00a0imputa \u00a0una \u00a0concertaci\u00f3n \u00a0con \u00a0el \u00a0bloque norte de las \u00a0autodefensas \u00a0 al \u00a0 mando \u00a0de \u00a0alias \u00a0\u201cJorge \u00a0 40\u201d, \u00a0producto \u00a0 \u00a0de \u00a0 la \u00a0 cual \u00a0 habr\u00eda \u00a0 obtenido \u00a0 una \u00a0 votaci\u00f3n \u00a0 \u201cat\u00edpica\u201d \u00a0al \u00a0sur del departamento, de acuerdo \u00a0con \u00a0la distribuci\u00f3n electoral realizada por las autodefensas, cuando lo cierto \u00a0es \u00a0que \u00a0dicha repartici\u00f3n fue descartada por Rodrigo Tovar Pupo, quien para el \u00a0a\u00f1o \u00a02002 \u00a0no ejerc\u00eda mando en la zona citada, es m\u00e1s, seg\u00fan lo evidencia el \u00a0proceso, \u00a0en \u00a0el Cesar operaban m\u00ednimo tres frentes de las autodefensas bajo la \u00a0directriz \u00a0de \u00a0diferentes comandantes aut\u00f3nomos: (i) el bloque central Bolivar, \u00a0(ii) \u00a0el bloque norte y (iii) el bloque sur; los cuales tuvieron enfrentamientos \u00a0debido \u00a0 al \u00a0 \u00e1nimo \u00a0 expansionista \u00a0 de \u00a0 Rodrigo \u00a0 Tovar \u00a0 Pupo \u00a0\u2013 \u00a0aspecto \u00a0del \u00a0que \u00a0no \u00a0se \u00a0ocup\u00f3 la \u00a0Fiscal\u00eda \u00a0-, \u00a0por \u00a0lo \u00a0que necesariamente ten\u00eda que demostrarse una alianza de \u00a0los \u00a0 tres \u00a0 comandantes \u00a0 de \u00a0 aquellos \u00a0bloques \u00a0con \u00a0el \u00a0doctor \u00a0\u00c1lvaro \u00a0Ara\u00fajo y, como ello no ocurri\u00f3, \u00a0el \u00a0concierto \u00a0para \u00a0delinquir se desdibuja, porque no podr\u00eda sostenerse que la \u00a0acusaci\u00f3n \u00a0es \u00a0gen\u00e9rica en el sentido de haberse imputado la concertaci\u00f3n con \u00a0las \u00a0 autodefensas \u00a0 \u201cen \u00a0abstracto\u201d, \u00a0pues \u00a0ello \u00a0desatender\u00eda \u00a0la \u00a0consonancia \u00a0que \u00a0debe \u00a0haber \u00a0entre \u00a0acusaci\u00f3n y sentencia, \u00a0adem\u00e1s \u00a0de \u00a0que \u00a0tanto \u00a0en \u00a0la \u00a0acusaci\u00f3n \u00a0como \u00a0en \u00a0el alegato conclusivo, la \u00a0Fiscal\u00eda \u00a0 \u00a0 \u00a0habl\u00f3 \u00a0 \u00a0 \u00a0de \u00a0 \u00a0 una \u00a0 \u00a0 concertaci\u00f3n \u00a0 \u00a0 con \u00a0 \u00a0 \u201cJorge \u00a0 \u00a0 \u00a0 \u00a0 \u00a040\u201d. \u00a0\u00a0<\/p>\n<p>De \u00a0otro \u00a0lado, \u00a0no \u00a0puede \u00a0desconocerse la \u00a0presencia \u00a0pol\u00edtica \u00a0de la familia Ara\u00fajo \u00a0por \u00a0m\u00e1s \u00a0de \u00a0cien \u00a0a\u00f1os en la regi\u00f3n, las campa\u00f1as y a\u00f1os de \u00a0trabajo \u00a0del \u00a0acusado \u00a0en el departamento, los convenios con otros movimientos o \u00a0coaliciones \u00a0legales, \u00a0el \u00a0incremento paulatino de su votaci\u00f3n en cada periodo, \u00a0lo \u00a0cual \u00a0permit\u00eda hacer un an\u00e1lisis hist\u00f3rico de sus votaciones \u2013 \u00a0 que \u00a0 la \u00a0Fiscal\u00eda \u00a0obvi\u00f3 \u00a0&#8211; \u00a0ni \u00a0\u201cel \u00a0 querer \u00a0 de \u00a0 un \u00a0pueblo\u201d, \u00a0tal \u00a0y \u00a0como lo \u00a0evidenciaron \u00a0 \u00a0 los \u00a0 \u00a0 testigos \u00a0 \u00a0 tra\u00eddos \u00a0 \u00a0 al \u00a0 \u00a0 juicio \u00a0 \u00a0\u2013 alcaldes y concejales &#8211; que dieron fe \u00a0de \u00a0las \u00a0obras\u00a0 \u00a0ejecutadas \u00a0y \u00a0de \u00a0la \u00a0presencia \u00a0del \u00a0doctor Ara\u00fajo \u00a0Castro en los municipios, todo lo \u00a0cual \u00a0permite \u00a0advertir \u00a0que \u00a0no \u00a0hubo \u201catipicidad\u201d en \u00a0los \u00a0resultados \u00a0de \u00a0las \u00a0votaciones \u00a0del \u00a0sur \u00a0del departamento, adem\u00e1s de que \u00a0tendr\u00eda \u00a0que \u00a0haberse \u00a0demostrado \u00a0que a los candidatos de izquierda y a los de \u00a0otras \u00a0alianzas, \u00a0no \u00a0se \u00a0les \u00a0permiti\u00f3 \u00a0hacer \u00a0proselitismo, \u00a0lo \u00a0cual \u00a0no \u00a0se \u00a0acredit\u00f3.\u00a0 \u00a0\u00a0<\/p>\n<p>El \u00a0alto \u00a0resultado electoral que obtuvo no \u00a0puede \u00a0equivaler \u00a0a \u00a0un acuerdo con las autodefensas, como se plantea, porque en \u00a0tal \u00a0caso \u00a0se \u00a0entroniza a manera de axioma lo que en realidad es una inferencia \u00a0cuyo \u00a0supuesto \u00a0ser\u00eda \u00a0que \u00a0el acusado no trabaj\u00f3 la zona, era desconocido, no \u00a0ten\u00eda \u00a0el \u00a0respaldo \u00a0de \u00a0l\u00edderes \u00a0de \u00a0la \u00a0regi\u00f3n \u00a0ni \u00a0asociaci\u00f3n \u00a0con \u00a0otros \u00a0movimientos, \u00a0cuando todo ello, aunado al hecho de que era oriundo del lugar, se \u00a0cumple en el caso concreto. \u00a0\u00a0<\/p>\n<p>3.- La acusaci\u00f3n formulada por la comisi\u00f3n \u00a0del \u00a0delito \u00a0de \u00a0concierto para delinquir agravado se asienta en la celebraci\u00f3n \u00a0de \u00a0un \u00a0pacto \u00a0del \u00a0doctor \u00a0Ara\u00fajo Castro \u00a0 \u00a0con \u00a0 \u00a0los \u00a0 \u00a0paramilitares \u00a0 \u00a0comandados \u00a0 \u00a0por \u00a0 \u00a0\u201cJorge \u00a0 \u00a0 \u00a0 \u00a0 \u00a040\u201d \u00a0 y \u00a0 se \u00a0fundamenta \u00a0en \u00a0que \u00a0dicha \u00a0organizaci\u00f3n \u00a0de \u00a0car\u00e1cter permanente ten\u00eda presencia en la zona \u2013 \u00a0circunstancia \u00a0puesta de presente en \u00a0el \u00a0proceso \u00a0-, \u00a0lo \u00a0cual \u00a0no \u00a0prueba \u00a0el \u00a0concierto \u00a0ni \u00a0la alianza, resultando \u00a0desafortunado \u00a0que \u00a0la \u00a0Fiscal\u00eda \u00a0concluya \u00a0que \u00a0por \u00a0haber \u00a0ocurrido \u00a0en otras \u00a0regiones \u00a0 \u00a0similar \u00a0 \u00a0situaci\u00f3n \u00a0 \u00a0\u2013 \u00a0pactos \u00a0de \u00a0Ralito \u00a0y \u00a0Magdalena -, lo mismo ocurri\u00f3 en el Cesar, \u00a0porque \u00a0darle \u00a0ese \u00a0car\u00e1cter extensivo a la apreciaci\u00f3n de las pruebas vulnera \u00a0las reglas de la sana cr\u00edtica. \u00a0\u00a0<\/p>\n<p>El \u00a0constre\u00f1imiento \u00a0al \u00a0elector, \u00a0por \u00a0su \u00a0parte, \u00a0 \u00a0se \u00a0 \u00a0imputa \u00a0 \u00a0porque \u00a0 \u00a0siendo \u00a0 \u00a0Ara\u00fajo \u00a0Castro \u00a0Representante \u00a0a la C\u00e1mara y quien pretend\u00eda \u00a0ocupar \u00a0una \u00a0curul \u00a0en el Senado 2002, promocion\u00f3 el grupo armado ilegal que, a \u00a0su \u00a0vez, \u00a0ejerci\u00f3 todo tipo de presi\u00f3n y constre\u00f1imiento para imponer el voto \u00a0a \u00a0su \u00a0favor \u00a0en \u00a0algunas regiones del Cesar durante aquellas elecciones, por lo \u00a0que \u00a0habr\u00eda \u00a0aportado \u00a0para \u00a0dicho prop\u00f3sito mancomunado con las autodefensas; \u00a0sin \u00a0 \u00a0embargo, \u00a0 \u00a0lo \u00a0 \u00a0demostrado \u00a0 \u00a0es \u00a0 \u00a0que \u00a0 \u00a0el \u00a0 \u00a0doctor \u00a0 \u00a0Ara\u00fajo \u00a0 incentiv\u00f3 \u00a0 a \u00a0 los \u00a0 l\u00edderes \u00a0pol\u00edticos \u00a0 de \u00a0 la \u00a0 zona \u00a0 para \u00a0 que \u00a0 apoyaran \u00a0 su \u00a0campa\u00f1a \u00a0\u2013 \u00a0de \u00a0quienes \u00a0se \u00a0aduce \u00a0que tambi\u00e9n \u00a0fueron \u00a0instruidos \u00a0en el sentido de apoyar a Mauricio Pimiento, de acuerdo a la \u00a0divisi\u00f3n \u00a0territorial \u00a0impuesta \u00a0por \u00a0\u201cJorge \u00a040\u201d -, \u00a0algunos \u00a0de los cuales fueron asesinados y desterrados por esa causa, raz\u00f3n por \u00a0la \u00a0cual tendr\u00eda que aparecer demostrado que la alianza consisti\u00f3 en que no se \u00a0votara \u00a0 por \u00a0 Pimiento \u00a0 en \u00a0 la \u00a0zona \u00a0que \u00a0le \u00a0correspond\u00eda \u00a0a \u00a0Ara\u00fajo \u00a0 \u00a0 \u00a0 \u00a0 \u00a0(sur \u00a0 \u00a0 \u00a0 \u00a0 \u00a0del \u00a0departamento). \u00a0\u00a0<\/p>\n<p>Subraya que el testimonio de Alfonso Palacio \u00a0Ni\u00f1o, \u00a0quien \u00a0da cuenta de las amenazas y el control de los paramilitares sobre \u00a0el \u00a0departamento \u00a0del \u00a0Cesar \u00a0durante \u00a0el proceso electoral de 2002 \u2013 \u00a0sobre \u00a0lo \u00a0cual es controvertido por \u00a0Juan \u00a0Alberto \u00a0Hern\u00e1ndez \u00a0Sierra \u00a0y \u00a0Parmenio \u00a0Salazar \u00a0\u00c1vila \u00a0-, cambiando la \u00a0orientaci\u00f3n \u00a0pol\u00edtica \u00a0que \u00a0ten\u00edan \u00a0los \u00a0habitantes de algunas regiones, como \u00a0ocurri\u00f3 \u00a0en \u00a0el \u00a0municipio \u00a0de \u00a0La \u00a0Jagua \u00a0de Ibirico donde predeterminaron que \u00a0deb\u00eda \u00a0votarse \u00a0a \u00a0favor \u00a0de \u00a0Jorge \u00a0Ram\u00edrez Urbina a la C\u00e1mara y de Mauricio \u00a0Pimiento \u00a0 al \u00a0 Senado, \u00a0 y \u00a0 que \u00a0 estaba \u00a0 vedado \u00a0 votar \u00a0 por \u00a0 \u00c1lvaro \u00a0Ara\u00fajo, serv\u00eda de sustento para \u00a0condenar \u00a0a \u00a0aqu\u00e9llos \u00a0\u2013 \u00a0como \u00a0lo \u00a0hizo \u00a0la \u00a0Corte -, pero no puede convertirse dentro de este proceso en \u00a0prueba \u00a0de cargo simplemente porque el declarante afirme que en otros municipios \u00a0las \u00a0autodefensas \u00a0han \u00a0podido \u00a0se\u00f1alar \u00a0que \u00a0deb\u00eda \u00a0apoyarse \u00a0a \u00a0Ara\u00fajo y no a Pimiento. \u00a0\u00a0<\/p>\n<p>Menos cuando Hermides Garc\u00eda y Jorge Arias \u00a0son \u00a0 \u00a0asesinados \u00a0 \u00a0por \u00a0 \u00a0apoyar \u00a0 la \u00a0 campa\u00f1a \u00a0 del \u00a0 doctor \u00a0 Ara\u00fajo \u00a0 Castro, \u00a0 raz\u00f3n \u00a0por \u00a0la \u00a0cual \u00a0tambi\u00e9n \u00a0fueron \u00a0amenazados \u00a0por \u00a0las AUC los profesores Luis Guillermo Olivo y \u00a0Roberto \u00a0Soto \u00a0G\u00e1mez, \u00a0quienes \u00a0hac\u00edan \u00a0proselitismo a su favor en La Jagua de \u00a0Ibirico \u00a0 \u2013 \u00a0animados \u00a0por \u00a0\u00e9l -, adem\u00e1s de que el testigo Jos\u00e9 Luis Laborde \u00a0G\u00f3mez \u00a0afirma \u00a0que \u00a0su \u00a0padre \u00a0fue \u00a0asesinado \u00a0por \u00a0haber \u00a0votado por el doctor \u00a0Ara\u00fajo \u00a0Castro \u00a0y no por no \u00a0apoyar \u00a0a \u00a0Pimiento; \u00a0circunstancias que permiten colegir que el acusado habr\u00eda \u00a0desconocido \u00a0los supuestos acuerdos celebrados con la organizaci\u00f3n, a menos que \u00a0se \u00a0admita que \u00e9stos se hicieron entre los paramilitares, Jorge Ram\u00edrez Urbina \u00a0y \u00a0Mauricio \u00a0Pimiento, mientras que Ara\u00fajo \u00a0 \u201chizo \u00a0su \u00a0campa\u00f1a \u00a0 \u00a0 como \u00a0 \u00a0mejor \u00a0 \u00a0crey\u00f3\u201d. \u00a0\u00a0<\/p>\n<p>Esta \u00a0 hip\u00f3tesis \u00a0no \u00a0puede \u00a0descartarse \u00a0inopinadamente, \u00a0como \u00a0tampoco \u00a0el que haya podido existir la concertaci\u00f3n pero \u00a0para \u00a0minimizar \u00a0o \u00a0neutralizar \u00a0al \u00a0acusado \u00a0por \u00a0pertenecer \u00a0a una familia que \u00a0siempre \u00a0ha \u00a0ejercido \u00a0dominio \u00a0pol\u00edtico en la regi\u00f3n, motivo por el cual pudo \u00a0existir \u00a0animadversi\u00f3n \u00a0en \u00a0su \u00a0contra por parte de las autodefensas, y como no \u00a0puede \u00a0 desecharse \u00a0 ninguna \u00a0 de \u00a0 ellas, \u00a0 surge \u00a0 la \u00a0duda \u00a0que \u00a0favorece \u00a0al \u00a0acusado. \u00a0\u00a0<\/p>\n<p>Seg\u00fan \u00a0 \u00a0Soto \u00a0 \u00a0G\u00e1mez \u00a0 \u201cel \u00a0n\u00famero \u00a0de \u00a0votos \u00a0que sacara el \u00a0doctor \u00a0Ara\u00fajo, \u00a0era el n\u00famero de muertos que pon\u00eda la poblaci\u00f3n\u201d, \u00a0lo \u00a0cual \u00a0es \u00a0tomado como prueba de \u00a0cargo \u00a0en la acusaci\u00f3n porque ello demostrar\u00eda que en zona distinta a La Jagua \u00a0de \u00a0Ibirico \u00a0s\u00ed \u00a0lo \u00a0apoyar\u00edan las AUC, pero no se prob\u00f3 que en ese municipio \u00a0s\u00f3lo \u00a0 pod\u00eda \u00a0votarse \u00a0por \u00a0Mauricio \u00a0Pimiento \u00a0ni \u00a0que \u00a0en \u00a0otros \u00a0municipios \u00a0\u00fanicamente \u00a0pod\u00eda \u00a0sufragarse por Ara\u00fajo. \u00a0\u00a0<\/p>\n<p>De \u00a0otra \u00a0parte, \u00a0Rafael \u00a0Garc\u00eda \u00a0Torres \u00a0asegur\u00f3 \u00a0que \u00a0Enrique \u00a0Osorio \u00a0de \u00a0la \u00a0Rosa \u00a0le \u00a0manifest\u00f3 \u00a0haber conocido del \u00a0favorecimiento \u00a0de \u00a0las autodefensas a la campa\u00f1a de Jos\u00e9 Gamarra en 2002 y de \u00a0la \u00a0orden emitida en el sentido de que ning\u00fan candidato deb\u00eda hacer campa\u00f1a o \u00a0proselitismo \u00a0en \u00a0la \u00a0zona asignada a otro aspirante, comentario relacionado con \u00a0el \u00a0departamento del Magdalena, pero de acuerdo con la acusaci\u00f3n pod\u00eda hacerse \u00a0extensivo \u00a0 al \u00a0Cesar, \u00a0no \u00a0obstante \u00a0que \u00a0Osorio \u00a0de \u00a0la \u00a0Rosa \u00a0desminti\u00f3 \u00a0tal \u00a0afirmaci\u00f3n, \u00a0pues \u00a0para \u00a0la \u00a0Fiscal\u00eda \u00a0ello se explica porque de confirmar que \u00a0\u201cJorge \u00a0 40\u201d habr\u00eda pretendido idear un plan para \u00a0garantizar \u00a0 las \u00a0 votaciones \u00a0 de \u00a0cada \u00a0uno \u00a0de \u00a0los \u00a0candidatos \u00a0\u201cllevar\u00eda \u00a0las \u00a0de \u00a0perder\u201d, \u00a0am\u00e9n de que si bien en el caso del \u00a0Cesar \u00a0no hubo ning\u00fan documento de similares caracter\u00edsticas al que se aport\u00f3 \u00a0en \u00a0 el \u00a0 proceso \u00a0 de \u00a0 Mauricio \u00a0 Pimiento, \u00a0 como \u00a0ese \u00a0era \u00a0el \u00a0\u201cmodus \u00a0 \u00a0 \u00a0 operandi\u201d \u00a0de \u00a0las \u00a0AUC, \u00a0ha \u00a0debido ocurrir lo \u00a0mismo \u00a0que \u00a0en \u00a0el \u00a0Magdalena \u00a0dada \u00a0la clara intenci\u00f3n de los paramilitares de \u00a0obtener poder a nivel nacional. \u00a0\u00a0<\/p>\n<p>Razonamiento \u00a0que \u00a0desconoce \u00a0el \u00a0principio \u00a0universal \u00a0de la necesidad de la prueba, pues lo que se hace es suponer la misma \u00a0y, \u00a0de \u00a0ser \u00a0as\u00ed, \u00a0habr\u00eda \u00a0que \u00a0investigar \u00a0y \u00a0condenar a todos los aspirantes \u00a0electos \u00a0 \u00a0en \u00a0 las \u00a0 zonas \u00a0 del \u00a0 pa\u00eds \u00a0 donde \u00a0 las \u00a0 autodefensas \u00a0 ten\u00edan \u00a0influencia. \u00a0\u00a0<\/p>\n<p>Por otro lado, Rafael Garc\u00eda fue desmentido \u00a0en \u00a0otros \u00a0relatos que hizo, como en lo relacionado con la vinculaci\u00f3n de Jos\u00e9 \u00a0Morillo \u00a0a \u00a0la \u00a0Registradur\u00eda \u00a0Nacional \u00a0del Estado Civil y el manejo que se le \u00a0dar\u00eda \u00a0 \u00a0a \u00a0 \u00a0un \u00a0 \u00a0contrato \u00a0 \u00a0de \u00a0 \u00a0cedulaci\u00f3n, \u00a0 pues \u00a0 \u00e9ste \u00a0 neg\u00f3 \u00a0 sus \u00a0aseveraciones. \u00a0\u00a0<\/p>\n<p>Jaime Alberto P\u00e9rez Charrys, por su parte, \u00a0dijo \u00a0haber escuchado que el doctor Ara\u00fajo \u00a0pertenec\u00eda \u00a0al \u00a0ala \u00a0pol\u00edtica \u00a0de las AUC, pero que nunca estuvo \u00a0presente \u00a0en \u00a0reuniones \u00a0con \u00a0\u00e9l \u00a0o \u00a0haciendo \u00a0acuerdos, \u00a0y entonces se toma lo \u00a0primero \u00a0para \u00a0tenerlo \u00a0como \u00a0prueba \u00a0de \u00a0cargo \u00a0a \u00a0pesar \u00a0de que no suministr\u00f3 \u00a0detalles \u00a0como \u00a0de \u00a0qui\u00e9n \u00a0oy\u00f3 \u00a0ese \u00a0comentario, \u00a0d\u00f3nde \u00a0y cu\u00e1ndo; ahora, al \u00a0se\u00f1alar \u00a0que \u00a0tambi\u00e9n escuch\u00f3 que se estaba planeando un mapa pol\u00edtico en la \u00a0costa \u00a0y que se nombr\u00f3 a varios senadores porque se estaba tratando de armar el \u00a0proceso \u00a0de \u00a0paz, \u00a0fluye \u00a0que \u00a0la \u00a0menci\u00f3n \u00a0de Ara\u00fajo \u00a0pod\u00eda \u00a0estar \u00a0relacionada con el la desmovilizaci\u00f3n, \u00a0situaci\u00f3n \u00a0en \u00a0la cual \u00e9ste admite haber estado presente para consolidar aquel \u00a0proceso, como en efecto aconteci\u00f3. \u00a0\u00a0<\/p>\n<p>En \u00a0cuanto al tema del atentado del que fue \u00a0v\u00edctima \u00a0Ara\u00fajo \u00a0Castro por \u00a0parte \u00a0de \u00a0las autodefensas, a \u00a0pesar \u00a0 de \u00a0 que \u00a0 Rodith \u00a0Trespalacios \u00a0y \u00a0\u00c9dgar \u00a0Arce \u00a0Garc\u00eda \u00a0lo \u00a0confirman \u00a0\u2013 lo cual no sucedi\u00f3 con \u00a0Sergio \u00a0Ara\u00fajo \u00a0-, \u00a0ello lo entiende la Fiscal\u00eda de primera instancia como una \u00a0coartada \u00a0de \u00a0aqu\u00e9l para demostrar su enemistad con los paramilitares, mientras \u00a0que \u00a0el \u00a0Vicefiscal, \u00a0al \u00a0confirmar \u00a0la \u00a0acusaci\u00f3n, \u00a0admite \u00a0la \u00a0ocurrencia del \u00a0atentado \u00a0en \u00a0el \u00a02000, pero advierte que siendo cambiantes las relaciones, bien \u00a0ha \u00a0 podido \u00a0 haber \u00a0 acuerdos \u00a0 entre \u00a0 el \u00a0 acusado \u00a0y \u00a0las \u00a0AUC \u00a0despu\u00e9s \u00a0de \u00a0ello. \u00a0\u00a0<\/p>\n<p>Ahora, \u00a0como \u00a0la Fiscal\u00eda hizo alusi\u00f3n al \u00a0secuestro \u00a0de \u00a0V\u00edctor Ochoa Daza como elemento demostrativo de la alianza entre \u00a0Ara\u00fajo \u00a0Castro \u00a0y \u00a0Rodrigo \u00a0Tovar \u00a0Pupo \u00a0alias \u00a0\u201cJorge \u00a040\u201d, el Procurador asevera \u00a0que \u00a0cuando \u00a0Juana \u00a0Bautista \u00a0Ram\u00edrez se refiere a lo que convers\u00f3 a solas con \u00a0\u201cJorge \u00a0 40\u201d \u00a0 \u00a0 \u00a0 \u00a0 \u00a0 \u00a0 \u00a0\u2013 \u00a0porque su esposo y el doctor Ara\u00fajo \u00a0Noguera \u00a0se \u00a0encontraban a prudente distancia, mientras que el acusado no estaba \u00a0en \u00a0el lugar -, dijo que \u00e9ste le pidi\u00f3 renunciar a su aspiraci\u00f3n a la C\u00e1mara \u00a0pero \u00a0nunca \u00a0le \u00a0exigi\u00f3 \u00a0figurar \u00a0como \u00a0segundo \u00a0rengl\u00f3n en la lista al Senado \u00a0encabezada \u00a0por \u00a0Ara\u00fajo, pues \u00a0que tan solo le dijo que deb\u00eda seguir participando en pol\u00edtica. \u00a0\u00a0<\/p>\n<p>Que \u00a0ella \u00a0se \u00a0inclin\u00f3 \u00a0por \u00a0lo \u00faltimo en \u00a0raz\u00f3n \u00a0de \u00a0que Ara\u00fajo Castro \u00a0era \u00a0el \u00a0candidato \u00a0de \u00a0la \u00a0coalici\u00f3n \u00a0que de tiempo atr\u00e1s hab\u00eda celebrado el \u00a0Movimiento \u00a0Revolucionario \u00a0Liberal \u00a0(MRL) al cual pertenec\u00eda, como tambi\u00e9n lo \u00a0hac\u00eda \u00a0V\u00edctor \u00a0Ochoa \u00a0Daza \u00a0&#8211; \u00a0quien \u00a0hab\u00eda \u00a0sido \u00a0secuestrado y se le hab\u00eda \u00a0ofrecido \u00a0 dicha \u00a0posici\u00f3n \u00a0en \u00a0ese \u00a0listado \u00a0-, \u00a0el \u00a0grupo \u00a0ALAS \u00a0\u2013 \u00a0 del \u00a0que \u00a0era \u00a0parte \u00a0Ara\u00fajo &#8211; y el grupo GOLPE, producto de la \u00a0cual \u00a0se \u00a0hab\u00eda convenido que el segundo rengl\u00f3n ser\u00eda ocupado por un miembro \u00a0del \u00a0MRL \u00a0\u2013 \u00a0como as\u00ed lo \u00a0se\u00f1alaron \u00a0los \u00a0dem\u00e1s \u00a0testigos \u00a0de ese grupo pol\u00edtico -, quien trabajar\u00eda a \u00a0favor del candidato de la coalici\u00f3n. \u00a0\u00a0<\/p>\n<p>Entonces, \u00a0es \u00a0la misma doctora Juana quien \u00a0desmiente \u00a0a \u00a0V\u00edctor \u00a0Eli\u00e9cer \u00a0Ochoa \u00a0Quintana, \u00a0hijo \u00a0del \u00a0secuestrado, en su \u00a0afirmaci\u00f3n \u00a0 \u00a0relativa \u00a0 \u00a0a \u00a0 que \u00a0 \u201cJorge \u00a040\u201d le \u00a0habr\u00eda \u00a0exigido \u00a0inscribirse \u00a0en \u00a0el \u00a0segundo \u00a0rengl\u00f3n \u00a0de \u00a0la lista al Senado \u00a0encabezada \u00a0 \u00a0 por \u00a0 \u00a0 Ara\u00fajo \u00a0 \u00a0Castro, \u00a0como \u00a0tambi\u00e9n lo hace Carlos Rafael Ara\u00fajo Castillo &#8211; esposo de \u00a0la \u00a0anterior \u00a0&#8211; y Johny P\u00e9rez O\u00f1ate, quien asegura que luego del encuentro con \u00a0\u201cJorge \u00a0 40\u201d, Juana, su esposo y el doctor Ara\u00fajo \u00a0Noguera \u00a0llegaron \u00a0hasta \u00a0la \u00a0cafeter\u00eda \u00a0del DAS, donde la primera expres\u00f3 que \u00a0\u201c40\u201d \u00a0le \u00a0hab\u00eda dicho que el secuestro de \u00a0V\u00edctor \u00a0Ochoa \u00a0Daza obedec\u00eda a un juicio pol\u00edtico que se adelantaba contra el \u00a0MRL, \u00a0mostr\u00e1ndose \u00a0molesta \u00a0e \u00a0indignada, \u00a0raz\u00f3n \u00a0por \u00a0la \u00a0cual le dijeron que \u00a0pensara \u00a0 \u00a0en \u00a0 \u00a0una \u00a0 suplencia \u00a0 como \u00a0 segundo \u00a0 rengl\u00f3n \u00a0 de \u00a0 Ara\u00fajo, \u00a0lo \u00a0que \u00a0en \u00a0principio rechaz\u00f3, \u00a0pero \u00a0 que \u00a0 los \u00a0 miembros \u00a0 del \u00a0 movimiento \u00a0 la \u00a0 convencieron \u00a0\u2013 \u00a0 como \u00a0 as\u00ed \u00a0lo \u00a0se\u00f1alaron \u00a0Pedro \u00a0Norberto \u00a0Castro \u00a0Ara\u00fajo \u00a0y Yalile P\u00e9rez -, sin que en ello ninguna injerencia \u00a0tuvieran \u00a0 los \u00a0doctores \u00a0Ara\u00fajo \u00a0Noguera \u00a0y \u00a0Ara\u00fajo \u00a0Castro. \u00a0\u00a0<\/p>\n<p>No \u00a0es \u00a0cierto \u00a0lo \u00a0informado \u00a0por \u00a0El\u00edas \u00a0Guillermo \u00a0Ochoa \u00a0Daza \u00a0en \u00a0la \u00a0carta \u00a0que \u00a0dirigi\u00f3 \u00a0al \u00a0Vicepresidente \u00a0de \u00a0la \u00a0Rep\u00fablica, \u00a0en el sentido de que Ara\u00fajo Noguera le hubiera notificado, una vez \u00a0secuestrado \u00a0su \u00a0hermano \u00a0V\u00edctor, \u00a0que \u00a0la \u00fanica condici\u00f3n para garantizar su \u00a0vida \u00a0era \u00a0que \u00a0Juana \u00a0Ram\u00edrez \u00a0renunciara \u00a0a \u00a0su \u00a0candidatura \u00a0a la C\u00e1mara de \u00a0Representantes \u00a0 y \u00a0respaldara \u00a0la \u00a0lista \u00a0de \u00a0Ara\u00fajo \u00a0Castro \u00a0al \u00a0Senado, \u00a0pues \u00a0en declaraci\u00f3n que rindi\u00f3 \u00a0ante \u00a0la \u00a0Procuradur\u00eda el 8 de noviembre de 2002, afirm\u00f3 que cuando su hermano \u00a0estuvo \u00a0secuestrado a principios de ese a\u00f1o, se dijo que un grupo de concejales \u00a0se \u00a0hab\u00eda \u00a0reunido \u00a0con \u00a0las \u00a0autodefensas \u00a0y \u00a0como resultado de dicha reuni\u00f3n \u00a0surgi\u00f3 \u00a0el \u00a0secuestro \u00a0para \u00a0evitar \u00a0que \u00a0V\u00edctor \u00a0participara \u00a0en \u00a0el \u00a0proceso \u00a0electoral; \u00a0no \u00a0tendr\u00eda raz\u00f3n de ser que se le hubiera secuestrado por las AUC \u00a0con \u00a0el \u00a0benepl\u00e1cito \u00a0de \u00a0Ara\u00fajo \u00a0Castro, \u00a0pese \u00a0a \u00a0hab\u00e9rsele \u00a0ofrecido \u00a0el segundo rengl\u00f3n en su lista al \u00a0Senado \u00a0y \u00a0que \u00a0para \u00a0cuando \u00a0ocurri\u00f3 \u00a0la retenci\u00f3n ya hubiera declinado hacer \u00a0proselitismo. \u00a0\u00a0<\/p>\n<p>Es \u00a0m\u00e1s, \u00a0en \u00a0declaraci\u00f3n \u00a0rendida por el \u00a0mismo \u00a0El\u00edas \u00a0Ochoa \u00a0el \u00a04 \u00a0de \u00a0octubre \u00a0de 2007 no se\u00f1al\u00f3 directamente a los \u00a0doctores \u00a0Ara\u00fajo Noguera y Ara\u00fajo Castro como \u00a0implicados \u00a0en \u00a0el secuestro\u00a0 de su hermano realizado por \u00a0las \u00a0autodefensas, \u00a0por no tener pruebas de ello, y adujo que lo informado en la \u00a0carta \u00a0que \u00a0dirigi\u00f3 \u00a0al \u00a0Vicepresidente \u00a0se origin\u00f3 en las manifestaciones que \u00a0a\u00f1os \u00a0atr\u00e1s \u00a0le \u00a0hiciera el doctor Rodolfo D\u00edaz Meneses &#8211; quien fue asesinado \u00a0por \u00a0las \u00a0AUC \u00a0-, en el sentido de que Rodrigo Tovar le insinu\u00f3 que los Ara\u00fajo \u00a0habr\u00edan \u00a0intervenido \u00a0en el secuestro de V\u00edctor, lo cual no crey\u00f3 porque para \u00a0entonces \u00a0 las \u00a0 relaciones \u00a0 entre \u00a0 \u201cJorge \u00a040\u201d \u00a0y \u00a0Ara\u00fajo \u00a0 Castro \u00a0eran \u00a0de \u00a0animadversi\u00f3n, \u00a0 \u00a0dado \u00a0 \u00a0lo \u00a0 \u00a0acontecido \u00a0 en \u00a0 el \u00a0 batall\u00f3n \u00a0 \u201cLa \u00a0 \u00a0 \u00a0 \u00a0 \u00a0 Popa\u201d \u00a0 donde \u00a0 p\u00fablicamente \u00a0y \u00a0ante \u00a0el \u00a0Presidente \u00a0de \u00a0la \u00a0Rep\u00fablica, \u00a0\u00e9ste \u00a0dijo que exist\u00eda ingobernabilidad en la \u00a0regi\u00f3n, \u00a0lo \u00a0que \u00a0motiv\u00f3 \u00a0una \u00a0reacci\u00f3n del primer Mandatario exigiendo a las \u00a0autoridades \u00a0recuperar \u00a0la gobernabilidad del Cesar, todo lo cual le hizo pensar \u00a0al \u00a0testigo \u00a0que \u00a0las imputaciones contra los Ara\u00fajo podr\u00edan estar fincadas en \u00a0una \u00a0 venganza \u00a0 de \u00a0 las \u00a0 autodefensas \u00a0ante \u00a0la \u00a0manifestaci\u00f3n \u00a0p\u00fablica \u00a0ya \u00a0citada. \u00a0\u00a0<\/p>\n<p>Pero a\u00f1os despu\u00e9s, ante la revocatoria del \u00a0nombramiento \u00a0 \u00a0de \u00a0 \u00a0su \u00a0 \u00a0se\u00f1ora \u00a0 \u00a0en \u00a0 \u00a0el \u00a0 Consulado \u00a0 de \u00a0 Colombia \u00a0 en \u00a0Barquisimeto-Venezuela \u00a0y \u00a0su \u00a0salida \u00a0del \u00a0mismo, \u00a0previa \u00a0intervenci\u00f3n \u00a0de la \u00a0doctora \u00a0 Mar\u00eda \u00a0 Consuelo \u00a0Ara\u00fajo \u00a0\u2013 \u00a0hermana del acusado y Canciller de la Rep\u00fablica en ese momento -, \u00a0se \u00a0siente perseguido pol\u00edticamente por la familia Ara\u00fajo, decide creer lo que \u00a0le \u00a0hab\u00eda dicho D\u00edaz Meneses y elabora, ofuscado, el escrito enterando de ello \u00a0al \u00a0Vicepresidente, \u00a0circunstancias \u00a0que \u00a0para el Ministerio P\u00fablico conducen a \u00a0restarle credibilidad a la mencionada misiva. \u00a0\u00a0<\/p>\n<p>Tampoco es cre\u00edble la declaraci\u00f3n inicial \u00a0de \u00a0V\u00edctor \u00a0Eli\u00e9cer \u00a0Ochoa \u00a0Quintana, hijo del secuestrado V\u00edctor Ochoa Daza, \u00a0porque \u00a0sus \u00a0afirmaciones \u00a0se han desmoronado, pues su atestaci\u00f3n en el sentido \u00a0de \u00a0 \u00a0 que \u00a0 \u00a0 \u201cJorge \u00a040\u201d \u00a0le \u00a0habr\u00eda \u00a0dicho a \u00a0Juana \u00a0 Ram\u00edrez \u00a0que \u00a0si \u00a0era \u00a0segundo \u00a0rengl\u00f3n \u00a0en \u00a0la \u00a0lista \u00a0al \u00a0Senado \u00a0de \u00a0Ara\u00fajo \u00a0le \u00a0garantizaba \u00a0no \u00a0matar \u00a0a \u00a0V\u00edctor, fue controvertida por ella misma y, el hecho de haber hablado \u00a0por \u00a0tel\u00e9fono con Rodrigo Tovar, quien le advirti\u00f3 que respetar\u00edan la vida de \u00a0su \u00a0 padre \u00a0 si \u00a0 Juana \u00a0 Ram\u00edrez \u00a0 era \u00a0 segundo \u00a0 rengl\u00f3n \u00a0 de \u00a0\u201cAlvarito\u201d, \u00a0resulta \u00a0endeble \u00a0dado lo sostenido \u00a0por \u00a0el \u00a0mismo \u00a0en el sentido de que la llamada no la realiz\u00f3 directamente sino \u00a0que \u00a0 \u00a0la \u00a0 hizo \u00a0 el \u00a0 comandante \u00a0 \u201c39\u201d, \u00a0por \u00a0lo \u00a0que \u00a0no \u00a0pudo \u00a0establecer \u00a0que \u00a0su \u00a0interlocutor \u00a0fuera en realidad \u201cJorge \u00a0 \u00a0 \u00a0 \u00a0 \u00a040\u201d; \u00a0mientras \u00a0que \u00a0seg\u00fan V\u00edctor Ochoa \u00a0Daza, \u00a0supo \u00a0que \u00a0para \u00a0salvar su vida \u201cJorge \u00a040\u201d le \u00a0habr\u00eda \u00a0exigido \u00a0a Juana Ram\u00edrez renunciar a su aspiraci\u00f3n y apoyar al doctor \u00a0Mor\u00f3n \u00a0a \u00a0la C\u00e1mara, y sobre la participaci\u00f3n de los doctores Ara\u00fajo Noguera \u00a0y \u00a0 Ara\u00fajo \u00a0Castro \u00a0en \u00a0su \u00a0secuestro, \u00a0 dijo \u00a0 no \u00a0 haberlos \u00a0 se\u00f1alado \u00a0 nunca. \u00a0\u00a0<\/p>\n<p>De otra parte, en el cuadro de votaciones de \u00a0los \u00a0municipios \u00a0presuntamente \u00a0asignados \u00a0por \u00a0las \u00a0autodefensas a Ara\u00fajo \u00a0Castro \u00a0y su f\u00f3rmula a la C\u00e1mara \u00a0de \u00a0Representantes \u00a0en \u00a0las \u00a0elecciones \u00a0de 2002, de cuyo an\u00e1lisis la Fiscal\u00eda \u00a0pretende \u00a0demostrar que efectivamente hubo influencia de las autodefensas en esa \u00a0elecci\u00f3n \u00a0 \u2013 \u00a0por \u00a0una \u00a0presunta \u00a0atipicidad de las votaciones que no fue base de la sentencia proferida \u00a0por \u00a0la \u00a0Corte en el caso de Pimiento -, no se hace un estudio comparativo de la \u00a0totalidad \u00a0de \u00a0los \u00a0municipios del Cesar ni de todas las campa\u00f1as pol\u00edticas en \u00a0las \u00a0 que \u00a0 result\u00f3 \u00a0electo \u00a0el \u00a0acusado, \u00a0y \u00a0menos \u00a0de \u00a0todos \u00a0los \u00a0candidatos \u00a0enfrentados, \u00a0lo \u00a0cual \u00a0resultaba \u00a0necesario \u00a0para \u00a0evaluar \u00a0si exist\u00eda o no la \u00a0atipicidad \u00a0de \u00a0las votaciones esgrimida, porque no puede condenarse con base en \u00a0cuadros \u00a0estad\u00edsticos \u00a0incompletos que vulneran el principio de necesidad de la \u00a0prueba \u00a0y \u00a0la \u00a0estricta \u00a0jurisdiccionalidad \u00a0que \u00a0exige, \u00a0para \u00a0la validez de la \u00a0decisi\u00f3n, la veracidad de la motivaci\u00f3n de la misma. \u00a0\u00a0<\/p>\n<p>Es \u00a0 que \u00a0 a \u00a0 pesar \u00a0de \u00a0se\u00f1alarse \u00a0que \u00a0Ara\u00fajo \u00a0 increment\u00f3 \u00a0 su \u00a0votaci\u00f3n \u00a0en \u00a02002 respecto de los votos que obtuvo en 1998 en Tamalameque, San \u00a0Mart\u00edn, \u00a0Gamarra, La Paz, Pailitas, Gonz\u00e1lez, La Gloria, San Alberto y Pelaya, \u00a0lo \u00a0cierto \u00a0es \u00a0que \u00a0en La Paz y Pelaya disminuy\u00f3, y en Pueblo Bello, municipio \u00a0presuntamente \u00a0asignado \u00a0por \u00a0las AUC a Mauricio Pimiento Barrera, aqu\u00e9l obtuvo \u00a0m\u00e1s \u00a0de \u00a0dos centenares de votos, sobre lo cual ninguna explicaci\u00f3n se dio por \u00a0la \u00a0Fiscal\u00eda, \u00a0como \u00a0tampoco se explica la raz\u00f3n por la cual en las elecciones \u00a0de \u00a0 2006 \u00a0acrecent\u00f3 \u00a0su \u00a0votaci\u00f3n, \u00a0si \u00a0para \u00a0entonces \u00a0las \u00a0AUC \u00a0se \u00a0hab\u00edan \u00a0desmovilizado \u00a0as\u00ed fuera parcialmente \u2013 \u00a0como \u00a0\u201cJorge \u00a040\u201d lo asegura al expresar \u00a0que \u00a0las estructuras armadas (que eran las que ejerc\u00edan presi\u00f3n), parte de las \u00a0milicias \u00a0y un poco menos de los acumulados solidarios lo hicieron -, adem\u00e1s de \u00a0que \u00a0la tesis de la instructora sobre el incremento de los votos en blanco y los \u00a0nulos \u00a0por \u00a0la \u00a0presi\u00f3n \u00a0paramilitar \u00a0es \u00a0controvertida \u00a0con la realidad de los \u00a0resultados electorales que muestran una disminuci\u00f3n de los mismos. \u00a0\u00a0<\/p>\n<p>Ahora, \u00a0la \u00a0explicaci\u00f3n \u00a0de \u00a0Ara\u00fajo \u00a0 \u00a0 \u00a0 \u00a0 \u00a0 \u00a0Castro es que la influencia paramilitar en \u00a0los \u00a0municipios \u00a0del \u00a0norte \u00a0del \u00a0Cesar, \u00a0donde \u00a0respaldaban \u00a0a \u00a0otro candidato, \u00a0disminuy\u00f3 \u00a0su \u00a0votaci\u00f3n, \u00a0mientras \u00a0que \u00a0para la Fiscal\u00eda y Claudia L\u00f3pez la \u00a0votaci\u00f3n \u00a0favorable \u00a0que \u00a0obtuvo \u00a0en \u00a0el \u00a0sur \u00a0del \u00a0departamento obedeci\u00f3 a su \u00a0alianza \u00a0con las autodefensas, por lo que siendo plausibles ambas opciones, para \u00a0decidirse \u00a0por \u00a0la segunda resultaba indispensable demostrar la asociaci\u00f3n y no \u00a0simplemente \u00a0afirmar, \u00a0como \u00a0se \u00a0hace por la instructora, que la \u00fanica forma en \u00a0que \u00a0 aqu\u00e9l \u00a0 pudo \u00a0 llegar \u00a0al \u00a0Senado \u00a0en \u00a02002 \u00a0fue \u00a0siendo \u00a0aliado \u00a0de \u00a0los \u00a0paramilitares, \u00a0porque \u00a0s\u00f3lo \u00a0de \u00a0esa manera se pod\u00eda hacer proselitismo en la \u00a0zona; \u00a0proposici\u00f3n \u00a0con \u00a0la \u00a0cual \u00a0tambi\u00e9n \u00a0ser\u00eda \u00a0coautor de los homicidios, \u00a0destierros \u00a0y \u00a0amenazas \u00a0que \u00a0el \u00a0grupo \u00a0armado \u00a0ilegal \u00a0cometi\u00f3 \u00a0inclusive \u00a0en \u00a0municipios \u00a0asignados \u00a0por \u00e9ste a otro candidato y contra partidarios del mismo \u00a0Ara\u00fajo, \u00a0ya \u00a0que \u00a0habr\u00eda \u00a0consentido \u00a0y \u00a0admitido \u00a0los \u00a0procedimientos que permitieron la obtenci\u00f3n de la \u00a0finalidad \u00a0que \u00a0se \u00a0propuso \u00a0la \u00a0organizaci\u00f3n, haci\u00e9ndose merecedor a que como \u00a0coautor \u00a0 impropio \u00a0 se \u00a0 le \u00a0 endilgue \u00a0 el \u00a0 punible \u00a0de \u00a0constre\u00f1imiento \u00a0al \u00a0sufragante. \u00a0\u00a0<\/p>\n<p>2.- Respecto del pliego de cargos de segundo \u00a0grado, \u00a0el \u00a0Procurador afirma que con la ruptura de la unidad procesal decretada \u00a0por \u00a0el \u00a0Vicefiscal \u00a0General \u00a0de \u00a0la \u00a0Naci\u00f3n, \u00a0se excluy\u00f3 la valoraci\u00f3n de la \u00a0prueba \u00a0del \u00a0secuestro \u00a0y, \u00a0si \u00a0bien \u00a0se reconoce la postura p\u00fablica del doctor \u00a0Ara\u00fajo \u00a0Castro en relaci\u00f3n \u00a0con \u00a0el paramilitarismo, dada la denuncia que hizo acerca de la ingobernabilidad \u00a0del \u00a0Cesar por la presencia de esos grupos en el departamento ante el Presidente \u00a0de \u00a0la \u00a0Rep\u00fablica \u00a0\u2013 como \u00a0\u00e9ste \u00a0lo \u00a0certific\u00f3, \u00a0al \u00a0igual \u00a0que \u00a0la Ministra de Defensa de entonces -, se \u00a0considera \u00a0ello \u00a0como una coartada defensiva y una manera de alcanzar notoriedad \u00a0\u2013 \u00a0pese \u00a0a \u00a0que \u00a0con ello \u00a0arriesgaba \u00a0su \u00a0vida \u00a0y la de su familia, lo cual atenta contra las reglas de la \u00a0experiencia \u00a0&#8211; que no desvirt\u00faa el acuerdo con esa organizaci\u00f3n, rest\u00e1ndosele \u00a0importancia \u00a0al \u00a0igual \u00a0que \u00a0al hecho de haber sido declarado objetivo militar y \u00a0v\u00edctima de un atentado. \u00a0\u00a0<\/p>\n<p>Pero \u00a0lo cierto es que esa alianza no est\u00e1 \u00a0probada \u00a0ni \u00a0siquiera \u00a0indiciariamente, porque en sana cr\u00edtica aquella denuncia \u00a0que \u00a0p\u00fablicamente \u00a0hizo \u00a0el \u00a0acusado \u00a0le \u00a0gener\u00f3 \u00a0el \u00a0disgusto de \u201cJorge \u00a0 \u00a0 \u00a0 \u00a0 \u00a040\u201d, \u00a0como \u00a0lo \u00a0confirman \u00a0ellos \u00a0mismos, \u00a0Eleonora \u00a0Pineda, Sergio Ara\u00fajo Castro y V\u00edctor Ochoa Quintana, quien advierte \u00a0que \u00a0cuando \u00a0esto \u00a0ocurri\u00f3 \u00a0fue \u00a0que \u00a0\u201cJorge \u00a0 40\u201d \u00a0decidi\u00f3 \u00a0se\u00f1alar \u00a0a \u00a0los \u00a0Ara\u00fajo \u00a0como \u00a0intervinientes \u00a0en el secuestro de su \u00a0padre, \u00a0raz\u00f3n por la cual El\u00edas Ochoa dijo no haber cre\u00eddo tal afirmaci\u00f3n en \u00a0principio, explicando ello su retractaci\u00f3n. \u00a0\u00a0<\/p>\n<p>Y \u00a0en \u00a0cuanto \u00a0al \u00a0atentado, \u00a0que se admite \u00a0ocurrido \u00a0en \u00a0el \u00a0a\u00f1o 2000, se se\u00f1ala que como los delincuentes nunca hicieron \u00a0expreso \u00a0el \u00a0prop\u00f3sito \u00a0concreto \u00a0de \u00a0su \u00a0acci\u00f3n, \u00a0no existe comprobaci\u00f3n del \u00a0hecho, \u00a0como \u00a0si \u00a0lo \u00a0anterior impidiera demostrar un atentado; am\u00e9n de que los \u00a0testigos \u00a0del \u00a0hecho \u00a0afirman: \u00a0uno \u00a0que \u00a0aquellos \u00a0preguntaban por Ara\u00fajo \u00a0 \u00a0 \u00a0 \u00a0 \u00a0 \u00a0\u2013 \u00a0Rodith Trespalacios -, y el otro que \u00a0por \u00a0un \u00a0pol\u00edtico \u00a0\u2013 Edgar \u00a0Arce \u00a0-, \u00a0por \u00a0lo \u00a0que \u00a0si \u00a0bien \u00a0no podr\u00eda dilucidarse, por su ambig\u00fcedad, el \u00a0m\u00f3vil \u00a0del ataque armado, tampoco pueden descartarse las versiones tomando como \u00a0veros\u00edmil la hip\u00f3tesis contraria al acusado. \u00a0\u00a0<\/p>\n<p>Es \u00a0m\u00e1s, \u00a0se asegura que en el remot\u00edsimo \u00a0caso \u00a0de \u00a0que \u00a0el suceso hubiera acaecido en la forma relatada por el procesado, \u00a0ello \u00a0no desvirt\u00faa las alianzas posteriores entre \u00e9ste y las autodefensas, por \u00a0ser \u00a0las \u00a0relaciones \u00a0entre las personas cambiantes y dada la consolidaci\u00f3n del \u00a0fen\u00f3meno \u00a0paramilitar \u00a0en \u00a0el \u00a0Cesar, \u00a0como \u00a0\u00fanico \u00a0medio \u00a0a \u00a0trav\u00e9s del cual \u00a0Ara\u00fajo \u00a0 Castro \u00a0 habr\u00eda \u00a0llegado \u00a0al \u00a0Senado, \u00a0con \u00a0lo \u00a0cual \u00a0tendr\u00eda \u00a0que haberse demostrado que era un \u00a0personaje \u00a0 sin \u00a0 representatividad \u00a0y \u00a0sin \u00a0fuerza \u00a0pol\u00edtica \u00a0en \u00a0la \u00a0regi\u00f3n, \u00a0resultando \u00a0inanes \u00a0al respecto todos los testimonios allegados en el juicio que \u00a0dan \u00a0cuenta \u00a0de \u00a0las \u00a0obras \u00a0ejecutadas \u00a0y \u00a0promovidas \u00a0por \u00a0\u00e9l, \u00a0sus \u00a0alianzas \u00a0estrat\u00e9gicas, el respaldo y el afecto que le ten\u00edan en la zona. \u00a0\u00a0<\/p>\n<p>Cuando \u00a0la \u00a0Corte dio plena credibilidad al \u00a0testimonio \u00a0de \u00a0Alfonso \u00a0Palacio Ni\u00f1o, no exist\u00edan pruebas que lo desmintieran \u00a0respecto \u00a0de \u00a0que los resultados electorales de Ara\u00fajo \u00a0Castro \u00a0son \u00a0producto \u00a0del \u00a0apoyo de las autodefensas, \u00a0pero \u00a0ahora \u00a0se \u00a0cuenta \u00a0con las declaraciones de cuatro aspirantes a la C\u00e1mara \u00a0que \u00a0le \u00a0colaboraron \u00a0como \u00a0son \u00a0las \u00a0de \u00a0los doctores Monsalvo, Gnneco, \u00c1lvaro \u00a0Mor\u00f3n \u00a0y \u00a0Cristian \u00a0Moreno, \u00a0quienes as\u00ed lo confirman, pese a lo cual se aduce \u00a0por \u00a0la \u00a0Fiscal\u00eda \u00a0que \u00a0la \u00a0explicaci\u00f3n \u00a0m\u00e1s \u00a0admisible para dar cuenta de la \u00a0at\u00edpica \u00a0 votaci\u00f3n \u00a0 alcanzada \u00a0 por \u00a0 al \u00a0 acusado \u00a0 durante \u00a0las \u00a0elecciones \u00a0parlamentarias \u00a0de \u00a02002, \u00a0es el acuerdo realizado con las AUC para distribuirse \u00a0el \u00a0potencial electoral en los municipios del Cesar, cuando una condena no puede \u00a0sustentarse \u00a0 en \u00a0 la \u00a0 explicaci\u00f3n \u00a0 m\u00e1s \u00a0 admisible \u00a0sino \u00a0en \u00a0lo \u00a0realmente \u00a0demostrado. \u00a0\u00a0<\/p>\n<p>Al \u00a0se\u00f1alarse \u00a0que \u00a0la \u00a0concertaci\u00f3n \u00a0de \u00a0distritos \u00a0electorales constituy\u00f3 la estrategia id\u00f3nea para asegurar el caudal \u00a0electoral \u00a0que \u00a0en \u00a0anteriores \u00a0elecciones la familia Ara\u00fajo hab\u00eda alcanzado a \u00a0trav\u00e9s \u00a0de \u00a0su \u00a0maquinaria \u00a0pol\u00edtica, \u00a0se \u00a0reconoce un caudal de votos que esa \u00a0familia \u00a0tra\u00eda \u00a0y, \u00a0entonces, \u00a0tendr\u00eda \u00a0que demostrarse que lo iba a perder en \u00a02002 \u00a0por \u00a0el \u00a0riesgo \u00a0que \u00a0representaban \u00a0las \u00a0autodefensas, \u00a0al \u00a0punto \u00a0de ser \u00a0necesario \u00a0un \u00a0acuerdo con su amigo Rodrigo Tovar para que ayudara al acusado y, \u00a0en \u00a0tal \u00a0caso, \u00a0el \u00a0haber \u00a0alcanzado \u00a0una \u00a0votaci\u00f3n \u00a0similar \u00a0a \u00a0la \u00a0lograda en \u00a0elecciones \u00a0pasadas \u00a0indicar\u00eda \u00a0que \u00a0los \u00a0grupos paramilitares consintieron sus \u00a0pretensiones electorales y no la existencia de una alianza. \u00a0\u00a0<\/p>\n<p>Pero \u00a0si \u00a0en el proceso se encuentran otras \u00a0explicaciones \u00a0 respecto \u00a0 de \u00a0 la \u00a0votaci\u00f3n \u00a0obtenida \u00a0por \u00a0el \u00a0procesado, \u00a0el \u00a0planteamiento \u00a0de \u00a0la Fiscal\u00eda decae, siendo que para \u00e9sta lo se\u00f1alado por el \u00a0acusado \u00a0sobre \u00a0el \u00a0tema \u00a0no \u00a0era \u00a0de \u00a0peso, \u00a0por \u00a0lo que entiende el Ministerio \u00a0P\u00fablico \u00a0que \u00a0para \u00a0ese \u00a0momento \u00a0no se contaba con pruebas de suma importancia \u00a0allegadas \u00a0en \u00a0el juicio como los testimonios de alcaldes y concejales de varios \u00a0periodos \u00a0y municipios, como por ejemplo los de Olga Rojas Trespalacios, Antonio \u00a0Mar\u00eda \u00a0Ara\u00fajo Calder\u00f3n, Alonso Abuabara Noriega, Cesar Augusto Osorio Lozano, \u00a0Jes\u00fas \u00a0Javier \u00a0Su\u00e1rez \u00a0Moscote, \u00a0Raymundo Moreno Fajardo, Julio Enrique Blanco \u00a0Nobles, \u00a0Manuel \u00c1ngel Osorio Lemus, James Enrique Romero S\u00e1nchez, Ever Antonio \u00a0Santana \u00a0 Torres, \u00a0 Javier \u00a0 Enrique \u00a0Guevara \u00a0Monsalve, \u00a0Luis \u00a0Dorian \u00a0Quintero \u00a0Ballesteros, \u00a0Consuelo \u00a0Arzuaga \u00a0Arredondo, \u00a0Eduardo \u00a0Solano \u00a0Forero, Jorge Luis \u00a0Acosta \u00a0Felizola, \u00a0quienes expresamente hacen alusi\u00f3n al respaldo que le dieron \u00a0al \u00a0doctor \u00a0Ara\u00fajo Castro en \u00a0las \u00a0elecciones \u00a0tantas \u00a0veces \u00a0mencionadas, \u00a0quien \u00a0fue \u00a0apoyado \u00a0por \u00a0diversos \u00a0l\u00edderes \u00a0y grupos pol\u00edticos de diferentes municipios por su gesti\u00f3n pol\u00edtica \u00a0y \u00a0las \u00a0diferentes \u00a0obras \u00a0por \u00a0\u00e9l \u00a0promovidas, \u00a0gestionadas \u00a0o ejecutadas &#8211; en \u00a0especial \u00a0haciendo \u00a0referencia \u00a0a \u00a0la \u00a0instalaci\u00f3n del gas natural domiciliario \u00a0subsidiado \u00a0para \u00a0familias \u00a0de \u00a0estrato uno y dos -, adem\u00e1s de advertir que por \u00a0esa \u00a0\u00e9poca \u00a0ninguna \u00a0injerencia \u00a0o \u00a0presi\u00f3n ejercieron las autodefensas en las \u00a0elecciones, \u00a0niegan \u00a0v\u00ednculos \u00a0entre \u00a0el \u00a0acusado y esos grupos, y tambi\u00e9n, la \u00a0presunta \u00a0divisi\u00f3n \u00a0del \u00a0departamento en distritos electorales por parte de los \u00a0paramilitares.\u00a0\u00a0\u00a0\u00a0 \u00a0\u00a0<\/p>\n<p>Ahora, \u00a0sobre \u00a0la \u00a0versi\u00f3n \u00a0de \u00a0Dioselina \u00a0Ram\u00edrez, \u00a0se\u00f1ala \u00a0el \u00a0Procurador \u00a0c\u00f3mo \u00a0\u00e9sta \u00a0declara \u00a0ante \u00a0la Corte que el \u00a0comandante \u00a0 \u00a0 \u00a0 \u00a0 \u00a0 \u00a0 \u00a0 \u201cOmega\u201d \u00a0en La \u00a0Palestina, \u00a0p\u00fablicamente \u00a0&#8211; \u00a0ante \u00a0unas \u00a0300 \u00a0personas -, les exigi\u00f3 apoyar un \u00a0grupo \u00a0 de \u00a0 candidatos \u00a0 dentro \u00a0 de \u00a0 los \u00a0 cuales \u00a0mencion\u00f3 \u00a0a \u00a0Ara\u00fajo \u00a0Castro; \u00a0luego \u00a0declara \u00a0ante \u00a0la \u00a0Fiscal\u00eda \u00a0 \u00a0 instructora \u00a0 \u00a0 y \u00a0 \u00a0 asegura \u00a0 \u00a0 que \u00a0 \u00a0no \u00a0 \u00a0fue \u00a0 \u00a0\u201cOmega\u201d \u00a0 sino \u00a0el \u00a0comandante \u00a0\u201cChorizo\u201d quien hizo la exigencia, pero ante la \u00a0Fiscal\u00eda \u00a0 \u00a026 \u00a0 manifiesta \u00a0 que \u00a0 \u201cChorizo\u201d se lo \u00a0dijo \u00a0al \u00a0o\u00eddo \u00a0y no p\u00fablicamente; siendo que, por otro lado, sobre la vida de \u00a0relaci\u00f3n \u00a0que \u00a0adujo \u00a0haber \u00a0tenido \u00a0fue \u00a0controvertida, pues ni estudi\u00f3 en la \u00a0escuela \u00a0que \u00a0dijo \u00a0ni labor\u00f3 en el hospital advertido, am\u00e9n de que reconoci\u00f3 \u00a0su \u00a0animadversi\u00f3n \u00a0por \u00a0el \u00a0acusado y result\u00f3 condenada por homicidio, todo lo \u00a0cual \u00a0permite \u00a0colegir que minti\u00f3, dado su inter\u00e9s por obtener protecci\u00f3n, lo \u00a0que impide darle credibilidad. \u00a0\u00a0<\/p>\n<p>Reconoce \u00a0la \u00a0expansi\u00f3n \u00a0del \u00a0dominio \u00a0de \u00a0\u201cJorge \u00a0 40\u201d \u00a0en \u00a0la \u00a0zona, \u00a0pero a partir de 2004 \u00a0cuando \u00a0 se \u00a0 dieron \u00a0los \u00a0enfrentamientos \u00a0entre \u00a0el \u00a0bloque \u00a0sur \u00a0\u2013 \u00a0 \u00a0comandado \u00a0 \u00a0por \u00a0 \u00a0\u201cJuancho \u00a0 \u00a0 \u00a0 \u00a0Prada\u201d, \u00a0seg\u00fan \u00a0la \u00a0propia \u00a0Dioselina \u00a0&#8211; el \u00a0bloque central Bol\u00edvar y el bloque norte. \u00a0\u00a0<\/p>\n<p>As\u00ed, concluye que del examen conjunto de la \u00a0prueba \u00a0surgen \u00a0dudas \u00a0insalvables \u00a0que \u00a0no \u00a0permiten \u00a0solicitar condena sino la \u00a0absoluci\u00f3n \u00a0 \u00a0a \u00a0 \u00a0favor \u00a0 \u00a0del \u00a0 \u00a0doctor \u00a0 \u00a0Ara\u00fajo \u00a0Castro, \u00a0por los delitos por los que fue acusado, dado \u00a0que no se acredit\u00f3 el grado de convicci\u00f3n que exige la primera. \u00a0\u00a0<\/p>\n<p>c.- \u00a0 El \u00a0 ex \u00a0 senador \u00a0\u00c1lvaro \u00a0Ara\u00fajo \u00a0Castro.- \u00a0\u00a0<\/p>\n<p>Afirma \u00a0que \u00a0estando \u00a0acusado por concierto \u00a0para \u00a0delinquir \u00a0y \u00a0constre\u00f1imiento \u00a0al \u00a0elector, \u00a0ha debido demostrarse que se \u00a0concert\u00f3, \u00a0reuni\u00f3 \u00a0o \u00a0puso \u00a0de \u00a0acuerdo \u00a0con \u00a0las \u00a0autodefensas \u00a0&#8211; sin que con \u00a0precisi\u00f3n \u00a0se haya se\u00f1alado con cu\u00e1l grupo lo hizo -, lo que se asienta en un \u00a0hecho \u00a0incontrovertible \u00a0que \u00a0\u00e9l \u00a0mismo \u00a0ha \u00a0sostenido \u00a0y \u00a0atacado, \u00a0como es la \u00a0presencia \u00a0de \u00a0esa organizaci\u00f3n en el Cesar, pero sin que dentro del proceso se \u00a0haya \u00a0probado \u00a0acuerdo \u00a0alguno \u00a0celebrado \u00a0con \u00a0ella; y tampoco se demostr\u00f3 que \u00a0fuera \u00a0de \u00a0su \u00a0inter\u00e9s \u00a0hacerlo, \u00a0para \u00a0su \u00a0beneficio, \u00a0o \u00a0con la intenci\u00f3n de \u00a0constre\u00f1ir a los electores. \u00a0\u00a0<\/p>\n<p>Y \u00a0es que no pod\u00eda tener inter\u00e9s en hacer \u00a0esos \u00a0acuerdos \u00a0porque para cuando se supone que los hizo, ya era reconocido por \u00a0las \u00a0actuaciones \u00a0que hab\u00eda realizado en televisi\u00f3n y por su trabajo pol\u00edtico \u00a0desde \u00a0 los \u00a026 \u00a0a\u00f1os \u00a0\u2013 \u00a0siendo \u00a0elegido \u00a0dos \u00a0veces \u00a0a \u00a0la \u00a0C\u00e1mara \u00a0de Representantes en 1994 y 1998, y \u00a0gestor \u00a0de la creaci\u00f3n del movimiento Alas -, por la tradici\u00f3n pol\u00edtica de su \u00a0familia \u00a0y \u00a0su \u00a0v\u00ednculo \u00a0con \u00a0la \u00a0sociedad \u00a0en donde han vivido por m\u00e1s de 200 \u00a0a\u00f1os, \u00a0desempe\u00f1ando \u00a0un \u00a0papel \u00a0honroso, \u00a0decente \u00a0y \u00a0legal \u00a0que \u00a0no \u00a0querr\u00eda \u00a0mancillar \u00a0como \u00a0cualquier \u00a0delincuente, \u00a0\u00bfc\u00f3mo entonces creer que hizo pactos \u00a0con \u00a0las \u00a0autodefensas \u00a0cuando \u00a0se \u00a0ha \u00a0movido \u00a0en una tradici\u00f3n democr\u00e1tica y \u00a0liberal?. \u00a0\u00a0<\/p>\n<p>Prueba \u00a0de \u00a0que \u00a0no \u00a0le \u00a0interesaban \u00a0esos \u00a0acuerdos \u00a0con \u00a0los \u00a0paramilitares \u00a0son \u00a0las \u00a0votaciones \u00a0que \u00a0ha obtenido en sus \u00a0campa\u00f1as \u00a0electorales \u00a0desde \u00a01994, \u00a0las cuales han tenido un incremento del 2% \u00a0entre \u00a0una \u00a0elecci\u00f3n \u00a0y \u00a0otra, en doce a\u00f1os de trabajo; por otro lado, su t\u00eda \u00a0Consuelo \u00a0Ara\u00fajo fue en vida su referente moral y de buenas costumbres, lo cual \u00a0se \u00a0multiplic\u00f3 \u00a0una \u00a0vez sacrificada como m\u00e1rtir, hecho acontecido cinco meses \u00a0antes de su elecci\u00f3n en 2002. \u00a0\u00a0<\/p>\n<p>Adem\u00e1s, para esa elecci\u00f3n hab\u00eda celebrado \u00a0un \u00a0acuerdo \u00a0con \u00a0los \u00a0grupos pol\u00edticos que representaban el 80% de las fuerzas \u00a0electorales \u00a0 \u00a0del \u00a0 \u00a0Cesar \u00a0 \u00a0&#8211; \u00a0 \u00a0movimientos \u00a0 MRL \u00a0 y \u00a0 GOLPE \u00a0 \u2013 \u00a0que \u00a0junto \u00a0con el suyo \u2013 \u00a0ALAS \u00a0-, \u00a0representaban \u00a0el 100% del \u00a0partido \u00a0liberal, lo cual est\u00e1 documentalmente demostrado con las firmas de los \u00a0l\u00edderes \u00a0de \u00a0los \u00a0tres movimientos, cuyo compromiso era que el \u00fanico candidato \u00a0al \u00a0Senado \u00a0ser\u00eda \u00a0presentado \u00a0por \u00a0el \u00a0movimiento \u00a0ALAS \u00a0y \u00a0que \u00a0los otros dos \u00a0movimientos \u00a0llevaran un candidato a la C\u00e1mara, adem\u00e1s de presentar candidatos \u00a0a \u00a0la \u00a0alcald\u00eda \u00a0de \u00a0Valledupar \u00a0y \u00a0a la gobernaci\u00f3n del Cesar, lo cual ser\u00eda \u00a0apoyado \u00a0por \u00a0todos; \u00a0con \u00a0esa \u00a0alianza \u00a0tan fortalecida y s\u00f3lida no necesitaba \u00a0acordar \u00a0con \u00a0las \u00a0autodefensas, \u00a0am\u00e9n \u00a0de que al pacto anterior se sum\u00f3, m\u00e1s \u00a0tarde, la mitad de los conservadores. \u00a0\u00a0<\/p>\n<p>Uno \u00a0 de \u00a0los \u00a0criterios \u00a0utilizados \u00a0por \u00a0polit\u00f3logos, \u00a0la \u00a0Corte \u00a0y \u00a0la \u00a0Fiscal\u00eda \u00a0para \u00a0demostrar \u00a0v\u00ednculos \u00a0con \u00a0los \u00a0paramilitares \u00a0es \u00a0de la simetr\u00eda electoral, el cual refiere que los candidatos \u00a0a \u00a0C\u00e1mara \u00a0y \u00a0Senado \u00a0obtienen \u00a0el mismo resultado en votos, pero en su caso no \u00a0hubo \u00a0dicha simetr\u00eda con ninguno de los candidatos a la C\u00e1mara que lo apoyaron \u00a0\u2013 \u00a0 doctores \u00a0Monsalvo, \u00a0Dur\u00e1n \u00a0y \u00a0Mor\u00f3n \u00a0-, \u00a0no \u00a0hay \u00a0concordancia \u00a0de \u00a0votos \u00a0en ninguno de los nueve \u00a0municipios \u00a0se\u00f1alados \u00a0en \u00a0la \u00a0acusaci\u00f3n como aquellos que las autodefensas le \u00a0habr\u00edan asignado y por cuya votaci\u00f3n\u00a0 se le cuestiona. \u00a0\u00a0<\/p>\n<p>Los acuerdos con las autodefensas para salir \u00a0elegido \u00a0los \u00a0celebran \u00a0quienes \u00a0no tienen ninguna posibilidad de hacerlo por la \u00a0v\u00eda \u00a0legal \u00a0y \u00a0honesta, \u00a0caso \u00a0contrario al suyo, pues seg\u00fan las encuestas del \u00a0Centro \u00a0Nacional de Consultor\u00eda, en el a\u00f1o 2002 contaba una intenci\u00f3n de voto \u00a0del \u00a048%, \u00a0mientras \u00a0en \u00a0el \u00a02006 \u00a0fue del 42%, con semejante caudal de votos no \u00a0ten\u00eda \u00a0ning\u00fan \u00a0inter\u00e9s de hacer esos acuerdos, no ten\u00eda que acudir al fraude \u00a0con \u00a0una \u00a0prueba como esta, am\u00e9n de que con los sufragios que obtuvo en 2002 en \u00a0el \u00a0resto \u00a0del \u00a0pa\u00eds, \u00a0sin \u00a0contar los de los 9 municipios cuestionados, sal\u00eda \u00a0elegido \u00a0senador, pese a que le dej\u00f3 un sinsabor no haber logrado una votaci\u00f3n \u00a0superior \u00a0en el Cesar, donde hac\u00eda cuentas de aproximadamente 80 mil votos a su \u00a0favor. \u00a0\u00a0<\/p>\n<p>Por otro lado, en aquella \u00e9poca fue jefe de \u00a0la \u00a0campa\u00f1a \u00a0a \u00a0la \u00a0Presidencia \u00a0de \u00a0la \u00a0Rep\u00fablica \u00a0&#8211; \u00a0en \u00a0la \u00a0costa caribe -, \u00a0adelantada \u00a0por \u00a0el doctor Horacio Serpa, quien ha enfrentado y denunciado a los \u00a0paramilitares, \u00a0por \u00a0lo \u00a0que \u00a0a \u00a0nadie \u00a0se le puede ocurrir que quien lo apoyaba \u00a0fuera \u00a0a \u00a0estar \u00a0en \u00a0complicidad \u00a0con \u00a0autodefensas, \u00a0pues eso no tiene sentido. \u00a0Qui\u00e9n, \u00a0con \u00a0un \u00a0fraude \u00a0preestablecido \u00a0con \u00a0los \u00a0paramilitares se va aponer a \u00a0elaborar \u00a0 una \u00a0 campa\u00f1a \u00a0 publicitaria \u00a0 en \u00a0 la \u00a0 cual \u00a0 gasta \u00a0 millones \u00a0de \u00a0pesos. \u00a0\u00a0<\/p>\n<p>Aquellas \u00a0personas \u00a0a \u00a0quienes \u00a0se \u00a0les \u00a0ha \u00a0probado \u00a0v\u00ednculos \u00a0con \u00a0paramilitares, \u00a0aparecen \u00a0en \u00a0el \u00a0listado \u00a0de senadores \u00a0electos, \u00a0del \u00a0puesto \u00a030 para abajo, porque los paramilitares tienen influencia \u00a0sobre \u00a0zonas \u00a0rurales \u00a0donde \u00a0hay \u00a0baja \u00a0poblaci\u00f3n electoral y no en los centro \u00a0urbanos \u00a0donde \u00a0hacen \u00a0su \u00a0gesti\u00f3n \u00a0los \u00a0primeros \u00a0electos, \u00a0como \u00a0es \u00a0su caso. \u00a0\u00a0<\/p>\n<p>\u00a0 \u00a0\u00a0 \u00a0\u00a0 \u00a0En \u00a0este \u00a0caso \u00a0se \u00a0desconoce \u00a0su presunci\u00f3n de inocencia porque ha \u00a0tenido \u00a0que \u00a0probar \u00a0que \u00a0no tuvo v\u00ednculos con los paramilitares, sin que se le \u00a0haya \u00a0precisado \u00a0con \u00a0qui\u00e9n \u00a0se \u00a0le acusa de haber hecho acuerdos, cuando en el \u00a0Cesar \u00a0 hab\u00edan \u00a0dos \u00a0organizaciones \u00a0de \u00a0autodefensas \u00a0diferentes, \u00a0una \u00a0en \u00a0el \u00a0nor-occidente\u00a0 \u00a0 \u00a0 \u00a0 \u00a0 \u00a0 \u201ccontrolada\u201d \u00a0por \u00a0\u201cJorge 40\u201d \u00a0 &#8211; \u00a0 bloque \u00a0 norte \u00a0 \u2013, \u00a0con \u00a04700 hombres, y otra en el sur \u00a0donde \u00a0 \u00a0 \u00a0 \u00a0 \u00a0hac\u00eda \u00a0 \u00a0 \u00a0 \u00a0 \u00a0\u201cpresencia\u201d el \u00a0frente \u00a0 \u201cJulio \u00a0C\u00e9sar \u00a0Peinado\u201d liderado por Juan \u00a0Francisco \u00a0 \u00a0 Prada, \u00a0 \u00a0 alias \u00a0 \u00a0 \u201cJuancho \u00a0 \u00a0 \u00a0 \u00a0Prada\u201d, \u00a0con 261 hombres, como lo destacan la Oficina del Alto Comisionado \u00a0y \u00a0la \u00a0Fiscal\u00eda; existiendo un margen de separaci\u00f3n entre un frente y otro que \u00a0pod\u00eda ser de 70 u 80 kil\u00f3metros. \u00a0\u00a0<\/p>\n<p>\u00a0 \u00a0\u00a0 \u00a0\u00a0 \u00a0En \u00a0 los \u00a0 9 \u00a0 municipios \u00a0 donde \u00a0 se \u00a0 supone \u00a0 que \u00a0 \u201cJorge \u00a0 \u00a0 \u00a0 \u00a0 \u00a040\u201d le puso votos, ni hac\u00eda presencia ni \u00a0controlaba \u00a0la \u00a0zona, seg\u00fan\u00a0 la misma Fiscal\u00eda lo manifiesta; adem\u00e1s, se \u00a0ha \u00a0dicho \u00a0que las autodefensas ten\u00edan como mando \u00fanico el estado mayor a cuya \u00a0cabeza \u00a0estaba \u00a0Carlos \u00a0Casta\u00f1o y que \u201cJorge \u00a0 40\u201d \u00a0form\u00f3 \u00a0parte \u00a0del \u00a0mismo a partir de 2005, siendo que \u00e9ste afirma que en enero \u00a0de \u00a02002 \u00a0era \u00a0el \u00a0segundo \u00a0del \u00a0bloque \u00a0norte y comandante en el Cesar. \u00bfC\u00f3mo \u00a0entonces \u00a0pod\u00eda \u00a0ponerle \u00a0la \u00a0votaci\u00f3n \u00a0en \u00a0esos nueve municipios si no hac\u00eda \u00a0presencia \u00a0ni era el jefe del bloque para cuando se adelantaron las elecciones?. \u00a0\u00a0<\/p>\n<p>\u201cJuancho \u00a0Prada\u201d \u00a0confirma, \u00a0en \u00a0la \u00a0declaraci\u00f3n \u00a0rendida \u00a0dentro \u00a0del \u00a0proceso preclu\u00eddo por la Fiscal\u00eda y que se \u00a0adelant\u00f3 \u00a0contra \u00a0Miguel \u00a0Dur\u00e1n \u00a0G\u00e9lvis \u00a0&#8211; \u00a0por ser su pareja a la C\u00e1mara en \u00a02002, \u00a0por \u00a0lo \u00a0que se le imput\u00f3 tambi\u00e9n el concierto para delinquir -, que su \u00a0zona \u00a0de \u00a0influencia \u00a0era \u00a0el \u00a0sur del departamento del Cesar; que desde un a\u00f1o \u00a0antes \u00a0de \u00a0las \u00a0elecciones \u00a0estaba preso y que en 2004 el frente de autodefensas \u00a0que \u00a0 \u00a0 comandaba \u00a0 \u00a0 se \u00a0 \u00a0uni\u00f3 \u00a0 \u00a0al \u00a0 \u00a0bloque \u00a0 \u00a0norte \u00a0 \u00a0de \u00a0 \u00a0\u201cJorge \u00a0 \u00a0 \u00a0 \u00a0 \u00a040\u201d, \u00a0es decir, dos a\u00f1os despu\u00e9s de las \u00a0elecciones, \u00a0con \u00a0el \u00a0agregado \u00a0de \u00a0ser \u00a0un \u00a0campesino \u00a0de \u00a0pocos \u00a0estudios \u00a0que \u00a0despreciaba \u00a0la \u00a0pol\u00edtica, \u00a0con \u00a0un \u00a0perfil \u00a0muy diferente a Rodrigo Tovar Pupo \u00a0quien \u00a0ten\u00eda \u00a0\u00ednfulas de pol\u00edtico y con los hombres que ten\u00eda s\u00ed controlaba \u00a0la \u00a0zona de su injerencia al norte, todo lo cual permite advertir las diferencia \u00a0claras \u00a0 \u00a0entre \u00a0 uno \u00a0 y \u00a0 otro, \u00a0 siendo \u00a0 que \u00a0 donde \u00a0 estaba \u00a0 \u201cJorge \u00a0 \u00a0 \u00a0 \u00a0 \u00a040\u201d \u00a0no \u00a0aparecieron \u00a0votos a su favor en \u00a02002, \u00a0por \u00a0lo \u00a0que si la concertaci\u00f3n imputada fue con \u00e9ste, la misma habr\u00eda \u00a0resultado \u00a0est\u00e9ril y, por tanto, no puede afirmarse &#8211; como lo hace la Fiscal\u00eda \u00a0&#8211; \u00a0que su caso sea el mismo del otro candidato del Cesar, sin que con ninguno de \u00a0los dos grupos armados ilegales haya hecho acuerdos. \u00a0\u00a0<\/p>\n<p>\u00a0 \u00a0\u00a0 \u00a0\u00a0 \u00a0As\u00ed, \u00a0se \u00a0han \u00a0evaporado \u00a0los indicios a partir de los cuales se le \u00a0acusa, \u00a0quedando como \u00fanico sustento decir que, como se hizo elegir senador, es \u00a0paramilitar, \u00a0lo \u00a0cual \u00a0resulta \u00a0injusto \u00a0con \u00a0su \u00a0regi\u00f3n porque equivaldr\u00eda a \u00a0se\u00f1alar \u00a0que el azote del paramilitarismo los convirti\u00f3 en paramilitares, dado \u00a0que \u00a0para la Fiscal\u00eda la tipicidad del concierto la encuentra en los resultados \u00a0electorales, \u00a0como \u00a0si \u00a0hacerse elegir fuera un delito, cuando en realidad es la \u00a0esencia de la democracia. \u00a0\u00a0<\/p>\n<p>De \u00a0acuerdo \u00a0con \u00a0el \u00a0polit\u00f3logo \u00a0Rodrigo \u00a0Lozada, \u00a0donde \u00a0los \u00a0paramilitares \u00a0hac\u00edan presencia, hab\u00eda tres opciones: (1) \u00a0coaccionar, \u00a0hacer \u00a0fraude electoral y excluir a la fuerza rivales; (2) apoyar a \u00a0un \u00a0candidato \u00a0y \u00a0tolerar \u00a0a \u00a0los rivales, y (3) les eran indiferentes. La Corte \u00a0demostr\u00f3 \u00a0que \u00a0en \u00a0el Cesar apoyaban a un candidato diferente y que a \u00e9l no lo \u00a0toleraban, \u00a0de \u00a0acuerdo con la declaraci\u00f3n de Yenis Gullo, quien adujo c\u00f3mo el \u00a0pramilitar \u00a0 \u00a0 \u00a0 \u00a0 alias \u00a0 \u00a0 \u00a0 \u00a0\u201cDanilo\u201d \u00a0le \u00a0manifest\u00f3, \u00a0siendo \u00a0ella \u00a0registradora en el municipio de Astrea, que por orden \u00a0de \u00a0\u201cJorge 40\u201d \u00a0ten\u00eda que hacer un fraude y que las \u00a0autodefensas \u00a0ten\u00edan \u00a0la \u00a0determinaci\u00f3n \u00a0de \u00a0no \u00a0permitir \u00a0que \u00a0los pol\u00edticos \u00a0tradicionales \u00a0del \u00a0Cesar \u00a0volvieran a ocupar los espacios y que impedir\u00edan que \u00a0\u00c1lvaro \u00a0 Ara\u00fajo \u00a0 Castro \u00a0volviera \u00a0 \u00a0 al \u00a0 \u00a0 Congreso \u00a0 \u00a0 por \u00a0 \u00a0 representar \u00a0 \u00a0 a \u00a0 \u00a0 los \u00a0 \u00a0pol\u00edticos \u00a0tradicionales. \u00a0\u00a0<\/p>\n<p>Tambi\u00e9n \u00a0 se\u00f1ala \u00a0 en \u00a0 su \u00a0estudio \u00a0el \u00a0polit\u00f3logo \u00a0mencionado \u00a0&#8211; \u00a0contratado por la ONU para ello -, que es sospechosa \u00a0una \u00a0votaci\u00f3n \u00a0del \u00a075% \u00a0&#8211; \u00a0no la del 30% que la periodista Claudia L\u00f3pez cita \u00a0para \u00a0hacerlo \u00a0incurrir \u00a0en \u00a0delito, lo cual es adoptado por la Fiscal\u00eda -; que \u00a0las \u00a0autodefensas \u00a0favorecieron \u00a0a \u00a0candidatos \u00a0que acompa\u00f1aban a \u00c1lvaro Uribe \u00a0V\u00e9lez \u00a0en \u00a0su \u00a0campa\u00f1a a la Presidencia, porque esperaban una negociaci\u00f3n con \u00a0su \u00a0gobierno, \u00a0cuando \u00a0en \u00a0su \u00a0caso \u00a0apoy\u00f3 \u00a0fue \u00a0a Horacio Serpa, por lo que no \u00a0existen \u00a0indicios \u00a0que \u00a0lo comprometan con los delitos imputados; y tampoco cabe \u00a0dentro \u00a0de \u00a0la \u00a0hip\u00f3tesis \u00a0de \u00a0parejas \u00a0conformadas \u00a0con \u00a0candidatos \u00a0del mismo \u00a0partido, \u00a0pues \u00a0su \u00a0caso \u00a0y \u00a0el \u00a0de \u00a0Dur\u00e1n \u00a0G\u00e9lvis es el que m\u00e1s se aparta de \u00a0ella. \u00a0\u00a0<\/p>\n<p>\u00a0 \u00a0\u00a0 \u00a0\u00a0 \u00a0La \u00a0tesis \u00a0endeble \u00a0de \u00a0que \u00a0un \u00a0candidato \u00a0es \u00a0sospechoso por haber \u00a0obtenido \u00a0el 30% de la votaci\u00f3n, o que \u00e9sta es at\u00edpica por ese solo hecho, se \u00a0derrumba \u00a0si \u00a0se \u00a0tiene \u00a0en cuenta que en las elecciones de 2002, en m\u00e1s de 700 \u00a0municipios \u00a0del \u00a0pa\u00eds, \u00a0un \u00a0candidato \u00a0obtuvo \u00a0una votaci\u00f3n del 30%; 76 de los \u00a0senadores \u00a0elegidos \u00a0obtuvieron \u00a0m\u00e1s \u00a0del \u00a030% \u00a0de votos en un municipio;\u00a0 \u00a0entre \u00a01978 \u00a0y \u00a01998 \u00a0hubo \u00a014 elecciones entre Senado y C\u00e1mara, y en el 47% de \u00a0ellas \u00a0en el Cesar, se obtuvieron votaciones para un solo candidato con m\u00e1s del \u00a030%; \u00a0las \u00a0votaciones de Senado con circunscripci\u00f3n nacional entre 1991 y 1998, \u00a0en \u00a0un \u00a034% \u00a0en \u00a0el \u00a0Cesar hubo un candidato con m\u00e1s del 30% de votos; en los 9 \u00a0municipios \u00a0por los que se le acusa, entre 1978 y 1998 hubo un 62% de votaciones \u00a0en \u00a0las \u00a0que \u00a0un \u00a0solo \u00a0candidato \u00a0obtuvo m\u00e1s del 30% y, considerando solamente \u00a0votaciones \u00a0entre \u00a01991 a 1998 en esos 9 municipios, en el 48% de las elecciones \u00a0un candidato obtuvo el 30% de la votaci\u00f3n. \u00a0\u00a0<\/p>\n<p>\u00a0 \u00a0\u00a0 \u00a0\u00a0 \u00a0En \u00a0su caso, obtuvo una votaci\u00f3n superior al 30% de la votaci\u00f3n en \u00a0un \u00a0solo \u00a0municipio \u00a0as\u00ed: \u00a0en \u00a0las \u00a0elecciones \u00a0a \u00a0la \u00a0C\u00e1mara \u00a0de \u00a01994, \u00a0en 3 \u00a0municipios; \u00a0en 1998 subi\u00f3 a 4, en 2002 a 9 &#8211; contando con la alianza celebrada \u00a0con \u00a0grupos \u00a0pol\u00edticos \u00a0que \u00a0sacaron \u00a0avante \u00a0el \u00a0alcalde \u00a0de \u00a0Valledupar \u00a0y el \u00a0gobernador del Cesar &#8211; y en 2006 a 17 municipios. \u00a0\u00a0<\/p>\n<p>Con \u00a0ello \u00a0considera \u00a0demostrado \u00a0que no es \u00a0at\u00edpico \u00a0ni \u00a0un \u00a0indicio de delito que un candidato obtenga el 30% de los votos \u00a0en \u00a0 \u00a0 un \u00a0 \u00a0 municipio \u00a0 \u00a0 como \u00a0 \u00a0 para \u00a0 \u00a0 se\u00f1alarlo \u00a0 \u00a0 de \u00a0 \u00a0 \u201cparaco\u201d \u00a0y \u00a0delincuente, y por ende, no es un \u00a0par\u00e1metro \u00a0serio \u00a0para \u00a0que \u00a0la \u00a0Fiscal\u00eda \u00a0solicite \u00a0su condena, m\u00e1s bien ese \u00a0resultado es recurrente, es la costumbre electoral. \u00a0\u00a0<\/p>\n<p>\u00a0 \u00a0\u00a0 \u00a0\u00a0 \u00a0Ahora, \u00a0si \u00a0la \u00a0tesis \u00a0es \u00a0que \u00a0las \u00a0autodefensas \u00a0intimidaron a los \u00a0electores \u00a0para \u00a0que \u00a0votaran \u00a0a \u00a0su \u00a0favor en los 9 municipios cuestionados, la \u00a0abstenci\u00f3n \u00a0 electoral \u00a0 que \u00a0 los \u00a0mismos \u00a0reflejan \u00a0desde \u00a01994 \u00a0\u2013 \u00a0de \u00a0un \u00a050% \u00a0a \u00a0un \u00a060% \u00a0-, \u00a0es \u00a0la \u00a0ant\u00edtesis del constre\u00f1imiento. \u00a0\u00a0<\/p>\n<p>Por otro lado, hizo un an\u00e1lisis, municipio \u00a0por \u00a0 \u00a0municipio \u00a0 \u00a0\u2013 \u00a0Valledupar, \u00a0La \u00a0Paz, \u00a0Pelaya, \u00a0Pailitas, \u00a0La \u00a0Gloria, Gamarra, San Alberto, San \u00a0Mart\u00edn, \u00a0Tamalameque, \u00a0Gonz\u00e1lez, \u00a0Aguachica, \u00a0Codazzi, \u00a0Manaure \u00a0y La Jagua de \u00a0Ib\u00e9rico \u00a0-, \u00a0mediante \u00a0el \u00a0cual explica las razones por las cuales obtuvo all\u00ed \u00a0sus \u00a0votos \u00a0gracias al apoyo de los l\u00edderes, concejales y alcaldes que menciona \u00a0de \u00a0cada uno de ellos y a su gesti\u00f3n permanente en las entidades territoriales; \u00a0a \u00a0 las \u00a0inversiones \u00a0y \u00a0obras \u00a0ejecutadas \u00a0con \u00a0su \u00a0intervenci\u00f3n \u00a0\u2013 \u00a0 entre \u00a0 las \u00a0 que \u00a0 sobresale \u00a0 la \u00a0instalaci\u00f3n \u00a0del \u00a0gas \u00a0domiciliario \u00a0\u2013, \u00a0y \u00a0hace \u00a0alusi\u00f3n a los testimonios rendidos por algunas personas \u00a0de \u00a0 esas \u00a0 municipalidades \u00a0 con \u00a0 los \u00a0cuales \u00a0se \u00a0descarta \u00a0que \u00a0\u201cJorge \u00a0 \u00a0 \u00a0 \u00a0 \u00a040\u201d \u00a0le \u00a0haya \u00a0asignado el sur del Cesar, \u00a0porque \u00a0ni \u00a0siquiera \u00a0escucharon \u00a0lo \u00a0de la divisi\u00f3n del departamento con fines \u00a0electorales \u00a0que \u00a0habr\u00edan \u00a0dispuesto \u00a0las \u00a0autodefensas, \u00a0adem\u00e1s \u00a0de \u00a0que \u00a0las \u00a0elecciones \u00a0eran \u00a0vigiladas \u00a0por \u00a0organismos \u00a0estatales; que su votaci\u00f3n no fue \u00a0sospechosa; \u00a0que \u00a0los \u00a0paramilitares \u00a0no \u00a0constri\u00f1eron \u00a0a su favor, pues por el \u00a0contrario, \u00a0persiguieron \u00a0y \u00a0mataron a varios de sus copartidarios y amigos; que \u00a0antes \u00a0que \u00a0hacer \u00a0acuerdos \u00a0con \u00a0esa organizaci\u00f3n la recriminaba, y en el a\u00f1o \u00a02002 \u00a0apoy\u00f3 a Horacio Serpa para la Presidencia, lo cual es corroborado con las \u00a0declaraciones \u00a0del \u00a0doctor \u00a0\u00c1lvaro \u00a0Uribe \u00a0V\u00e9lez, Rodrigo Tovar Pupo, Cristian \u00a0Moreno Panezo, Eleonora Pineda y Luis Ernesto Mej\u00eda. \u00a0\u00a0<\/p>\n<p>Advierte c\u00f3mo, contrario a lo se\u00f1alado en \u00a0la \u00a0resoluci\u00f3n de acusaci\u00f3n, antes y despu\u00e9s de su elecci\u00f3n en el a\u00f1o 2002, \u00a0hizo \u00a0denuncias \u00a0en \u00a0contra \u00a0de \u00a0los \u00a0paramilitares \u00a0&#8211; \u00a0por su incidencia en las \u00a0administraciones \u00a0locales \u00a0y \u00a0departamental \u00a0del \u00a0Cesar &#8211; en plaza p\u00fablica y en \u00a0privado \u00a0 \u2013 \u00a0Consejo \u00a0de \u00a0Seguridad \u00a0-, \u00a0a \u00a0consecuencia \u00a0de las cuales, en un mes fueron abatidos por las \u00a0fuerzas \u00a0del \u00a0orden \u00a018 \u00a0miembros de esos grupos, entre otros alias \u201cDanilo\u201d, autor del secuestro de V\u00edctor Ochoa \u00a0Daza \u00a0y quien de acuerdo con la declaraci\u00f3n de Yenis Gullo, le se\u00f1al\u00f3 que \u00e9l \u00a0no \u00a0pod\u00eda \u00a0ser \u00a0elegido; \u00a0adem\u00e1s de haber sido el \u00fanico senador que present\u00f3 \u00a0una \u00a0propuesta \u00a0alternativa \u00a0en \u00a0el Congreso, previa la aprobaci\u00f3n de la Ley de \u00a0justicia \u00a0y \u00a0paz, a fin de que la desmovilizaci\u00f3n de los paramilitares no fuera \u00a0solamente \u00a0militar \u00a0sino \u00a0tambi\u00e9n \u00a0econ\u00f3mica, \u00a0con \u00a0el \u00a0objeto \u00a0de que con los \u00a0recursos \u00a0obtenidos \u00a0se \u00a0financiara a las v\u00edctimas, todo lo cual le generaba la \u00a0antipat\u00eda \u00a0de \u00a0esa \u00a0organizaci\u00f3n \u00a0que, \u00a0como \u00a0ya dijo, lo persigui\u00f3, intent\u00f3 \u00a0matarlo, lo intimid\u00f3 al igual que a sus amigos y copartidarios. \u00a0\u00a0<\/p>\n<p>Se\u00f1ala \u00a0que \u00a0Dioselina \u00a0Ram\u00edrez Osorio ha \u00a0mentido \u00a0 en \u00a0 las \u00a0 declaraciones \u00a0 que \u00a0reposan \u00a0en \u00a0el \u00a0proceso \u00a0\u2013 \u00a0incluidas \u00a0las que se trasladaron de \u00a0otras \u00a0investigaciones \u00a0-, \u00a0porque se pudo establecer que no es enfermera, no ha \u00a0laborado \u00a0con el Instituto de Medicina Legal ni con el Hospital \u00c1lvaro Ram\u00edrez \u00a0de \u00a0San \u00a0Mart\u00edn, como lo se\u00f1ala contradictoriamente en sus salidas procesales; \u00a0dio \u00a0fechas \u00a0diferentes \u00a0en \u00a0cada \u00a0relato acerca de la reuni\u00f3n que refiri\u00f3 con \u00a0\u201cErnesto B\u00e1ez\u201d; \u00a0relat\u00f3 lo supuestamente acontecido \u00a0en \u00a0la reuni\u00f3n celebrada en la finca de Martiniano Prada en forma diversa\u00a0 \u00a0&#8211; \u00a0cada \u00a0vez \u00a0que \u00a0sobre la misma se le interrog\u00f3 &#8211; y acerca del lugar donde le \u00a0presentaron \u00a0al \u00a0acusado, \u00a0adem\u00e1s \u00a0de \u00a0ratificar \u00a0que \u00a0Martiniano \u00a0\u2013 \u00a0 a \u00a0 quien \u00a0no \u00a0le \u00a0figura \u00a0ning\u00fan \u00a0antecedente \u00a0&#8211; no es paramilitar, pero afirm\u00f3 que era el encargado de organizar \u00a0su \u00a0campa\u00f1a, \u00a0siendo \u00a0que \u00a0de acuerdo con certificaciones de la Registradur\u00eda, \u00a0\u00e9ste \u00a0no \u00a0vot\u00f3 \u00a0en \u00a0las \u00a0elecciones \u00a0cuestionadas, \u00a0lo \u00a0cual indicar\u00eda que su \u00a0\u201cjefe \u00a0 \u00a0 \u00a0 de \u00a0campa\u00f1a\u201d \u00a0no \u00a0sufrag\u00f3 &#8211; \u00a0situaci\u00f3n \u00a0il\u00f3gica \u00a0que \u00a0el propio Martiniano contradijo -, y que en el evento \u00a0de \u00a0haberse \u00a0reunido con \u00e9l, no lo habr\u00eda hecho con un paramilitar, pese a que \u00a0la reuni\u00f3n se\u00f1alada nunca se dio. \u00a0\u00a0<\/p>\n<p>\u00a0 \u00a0\u00a0 \u00a0\u00a0 \u00a0De \u00a0otra parte, Dioselina asegura que en la reuni\u00f3n de Palestina no \u00a0lo \u00a0vio, \u00a0pero \u00a0miente \u00a0al \u00a0referirse \u00a0a ella porque en una oportunidad dice que \u00a0all\u00ed \u00a0estuvieron \u00a0300 personas y, en otra, se\u00f1ala que 70; en la primera afirma \u00a0que \u00a0se \u00a0encontraban \u201cJorge \u00a040\u201d \u00a0con \u00a0Alfredo Cuello, \u00a0Miguel \u00a0Dur\u00e1n \u00a0y \u00a0\u00c1lvaro Mor\u00f3n, mientras en la siguiente, que s\u00f3lo vio a los \u00a0dos \u00a0 \u00a0 primeros; \u00a0 \u00a0 asever\u00f3 \u00a0 \u00a0 inicialmente \u00a0 \u00a0 que \u00a0 \u00a0alias \u00a0 \u00a0\u201cOmega\u201d \u00a0vocifer\u00f3 \u00a0p\u00fablicamente \u00a0que hab\u00eda \u00a0que \u00a0 \u00a0votar \u00a0 por \u00a0 Ara\u00fajo \u00a0 Castro, \u00a0 y \u00a0luego \u00a0adujo que lo hab\u00eda dicho al o\u00eddo; de Samuel Dur\u00e1n\u00a0 \u00a0dijo \u00a0que pertenec\u00eda a las AUC, pero luego se\u00f1ala que su relaci\u00f3n con \u00e9l fue \u00a0lejana \u00a0y, m\u00e1s tarde, que no lo conoce; sobre la muerte de Nohora Mantilla dijo \u00a0inicialmente \u00a0que hab\u00eda llegado al hospital para que le hicieran una ces\u00e1rea y \u00a0que \u00a0su \u00a0padre \u00a0era \u00a0un \u00a0paramilitar, cuando ha demostrado que no trabaj\u00f3 en el \u00a0hospital, \u00a0que ella le practic\u00f3 una episiotom\u00eda y la mat\u00f3 y, en caso de haber \u00a0sido \u00a0hija de un paramilitar, \u00bfc\u00f3mo entonces se explica que \u00e9stos no hubieran \u00a0hecho nada en su contra?. La explicaci\u00f3n es que miente. \u00a0\u00a0<\/p>\n<p>En \u00a0una \u00a0declaraci\u00f3n dice que \u201cJuancho \u00a0 \u00a0 \u00a0 \u00a0Prada\u201d \u00a0 mandaba \u00a0 en \u00a0 el \u00a0sur \u00a0y \u00a0que \u00a0su \u00a0subalterno, \u00a0 \u00a0 \u00a0 \u00a0alias \u00a0 \u00a0 \u00a0 \u00a0\u201cChorizo\u201d, \u00a0organizaba \u00a0 la \u00a0pol\u00edtica, \u00a0pero \u00a0ya \u00a0se \u00a0ha \u00a0establecido \u00a0que \u00a0el \u00a0primero \u00a0no \u00a0interven\u00eda \u00a0en \u00a0pol\u00edtica \u00a0y \u00a0lo \u00a0corrobora \u00a0cuando \u00a0asegura \u00a0que \u00a0nunca \u00a0fue a \u00a0reuniones \u00a0 de \u00a0 esa \u00a0 \u00edndole \u00a0 con \u00a0\u201cJuancho \u00a0 \u00a0 \u00a0 \u00a0Prada\u201d; \u00a0en \u00a0una \u00a0declaraci\u00f3n dice que ella representaba la oposici\u00f3n de \u00a0los \u00a0paramilitares \u00a0y que el candidato de \u00e9stos era Jos\u00e9 Alides Romero y luego \u00a0asevera \u00a0que los paras no ten\u00edan candidato; relata que primero fue a la Corte a \u00a0declarar \u00a0y \u00a0que \u00a0de all\u00ed la llevaron al programa de protecci\u00f3n de testigos de \u00a0la \u00a0Fiscal\u00eda, \u00a0y \u00a0despu\u00e9s \u00a0afirma \u00a0que \u00a0fue \u00a0al contrario; asegura que sinti\u00f3 \u00a0antipat\u00eda \u00a0 por \u00a0\u00c1lvaro \u00a0Ara\u00fajo \u00a0Castro \u00a0cuando \u00a0por \u00a0primera \u00a0vez se entrevistaron, pero que para entonces \u00a0todav\u00eda \u00a0las \u00a0autodefensas no lo hab\u00edan impuesto, y al sentirse descubierta en \u00a0su \u00a0 \u00a0mentira, \u00a0 \u00a0dice \u00a0 \u00a0que \u00a0 \u00a0la \u00a0 \u00a0antipat\u00eda \u00a0 provino \u00a0 del \u00a0 \u201ctonito\u201d en que le hablo. \u00a0\u00a0<\/p>\n<p>Todo lo anterior refleja que se trata de una \u00a0testigo \u00a0mentirosa, \u00a0que \u00a0dio \u00a0un \u00a0giro a la acusaci\u00f3n que se le hiciera, en el \u00a0sentido \u00a0de \u00a0haber \u00a0hecho acuerdos con \u201cJorge \u00a0 40\u201d, \u00a0producto \u00a0de \u00a0los \u00a0cuales \u00a0habr\u00eda\u00a0 \u00a0sido \u00a0favorecido, \u00a0al \u00a0se\u00f1alar que su \u00a0benefactor \u00a0 \u00a0 hab\u00eda \u00a0 \u00a0 sido \u00a0 \u00a0 \u201cJuancho \u00a0Prada\u201d \u00a0-, \u00a0declarante \u00a0que \u00a0fue \u00a0descalificada \u00a0por \u00a0la \u00a0Fiscal\u00eda \u00a026 \u00a0al \u00a0precluir la \u00a0investigaci\u00f3n \u00a0que \u00a0adelantaba \u00a0contra \u00a0Miguel Dur\u00e1n G\u00e9lvis, adem\u00e1s de haber \u00a0demostrado \u00a0que el concierto imputado no se dio con ninguno de ellos, por lo que \u00a0solicita no brindarle credibilidad. \u00a0\u00a0<\/p>\n<p>Recrimina que la Fiscal\u00eda 11 Delegada haya \u00a0resuelto \u00a0llamarlo a juicio, pues contrario a lo que se afirma en la acusaci\u00f3n, \u00a0dentro \u00a0del \u00a0proceso exist\u00eda la prueba que se\u00f1alaba: (i) que el mapa pol\u00edtico \u00a0de \u00a0los municipios del Cesar no se transform\u00f3 sustancialmente en las elecciones \u00a0de \u00a02002; (ii) que Alfonso Palacio Ni\u00f1o no es testigo directo de sus relaciones \u00a0con \u00a0las \u00a0autodefensas; \u00a0(iii) \u00a0que \u00a0los \u00a0testimonios \u00a0de Orfilia y\u00a0 Janeth \u00a0Arias, \u00a0Rodrigo \u00a0Soto, \u00a0Luis \u00a0Guillermo \u00a0Olivo y Hermides Rangel no lo inculpan, \u00a0seg\u00fan \u00a0el \u00a0an\u00e1lisis \u00a0que \u00a0ha \u00a0hecho \u00a0de \u00a0los \u00a0mismos; (iv) que resulta ser una \u00a0especulaci\u00f3n \u00a0aseverar \u00a0que \u00a0lo \u00a0ocurrido \u00a0en \u00a0el \u00a0departamento \u00a0del \u00a0Magdalena \u00a0tambi\u00e9n \u00a0sucedi\u00f3 \u00a0en \u00a0el \u00a0Cesar, por cuanto no se alleg\u00f3 documento similar al \u00a0del \u00a0 llamado \u00a0\u201cPacto \u00a0de \u00a0Pivijay\u201d \u00a0 que \u00a0 haya \u00a0suscrito, \u00a0no \u00a0obstante \u00a0lo \u00a0cual se utiliza \u00e9ste para incriminarlo; (v) que el \u00a0atentado \u00a0en \u00a0su contra s\u00ed ocurri\u00f3, como lo admite el Vicefiscal General de la \u00a0Naci\u00f3n \u00a0al \u00a0resolver \u00a0la \u00a0apelaci\u00f3n de la acusaci\u00f3n; (vi) que para finales de \u00a0noviembre \u00a0de \u00a02001 se encontraba en los Estados Unidos de Norteam\u00e9rica, por lo \u00a0que \u00a0no \u00a0pod\u00eda haber asistido a una reuni\u00f3n con las autodefensas en el sur del \u00a0Cesar; \u00a0(vii) \u00a0que \u00a0en \u00a0el \u00a0Cesar \u00a0solo \u00a0se \u00a0anularon \u00a04 \u00a0mesas \u00a0de votaci\u00f3n de \u00a0Aguachica, \u00a0Copey \u00a0y \u00a0Valledupar \u00a04 mesas, por lo que resulta desatinado afirmar \u00a0que \u00a0en \u00a0la \u00a0mayor\u00eda \u00a0de \u00a0los \u00a0corregimientos del Cesar los paramilitares hayan \u00a0acudido \u00a0a \u00a0cada \u00a0mesa \u00a0de \u00a0votaci\u00f3n a constre\u00f1ir a los electores, am\u00e9n de lo \u00a0advertido \u00a0sobre \u00a0el \u00a0fen\u00f3meno \u00a0abstencionista; \u00a0(viii) \u00a0que \u00a0la \u00a0doctora Juana \u00a0Ram\u00edrez \u00a0 no \u00a0 era \u00a0 un \u00a0 portento \u00a0 electoral \u00a0 y \u00a0 que \u00a0 nunca \u00a0 \u201cJorge \u00a0 \u00a0 \u00a0 \u00a0 \u00a040\u201d \u00a0le \u00a0exigi\u00f3 \u00a0ingresar \u00a0a su lista al \u00a0Senado 2002. \u00a0\u00a0<\/p>\n<p>Adem\u00e1s, para cuando se califica el proceso \u00a0tambi\u00e9n \u00a0se \u00a0contaba \u00a0con \u00a0la \u00a0prueba \u00a0que \u00a0descartaba \u00a0su participaci\u00f3n en el \u00a0secuestro \u00a0de \u00a0V\u00edctor \u00a0Ochoa \u00a0Daza, \u00a0por lo que jam\u00e1s ha debido producirse una \u00a0acusaci\u00f3n \u00a0en \u00a0su contra y, adem\u00e1s la Fiscal\u00eda no cumpli\u00f3 con la obligaci\u00f3n \u00a0que \u00a0le \u00a0impone \u00a0la Constituci\u00f3n y la ley de investigar tanto lo favorable como \u00a0lo desfavorable. \u00a0\u00a0<\/p>\n<p>De \u00a0 otro \u00a0lado, \u00a0refuta \u00a0los \u00a0argumentos \u00a0presentados \u00a0por el fiscal que intervino en la audiencia p\u00fablica para solicitar \u00a0su \u00a0 condena, \u00a0 pues \u00a0 que \u00a0 con \u00a0 el \u00a0 an\u00e1lisis \u00a0que \u00a0hizo \u00a0de \u00a0la \u00a0prueba \u00a0ha \u00a0demostrado: \u00a0\u00a0<\/p>\n<p>a.) \u00a0que \u00a0no hubo constre\u00f1imiento &#8211; con el \u00a0an\u00e1lisis realizado sobre la abstenci\u00f3n -; \u00a0\u00a0<\/p>\n<p>b.) \u00a0que \u00a0Juana \u00a0Ram\u00edrez \u00a0no \u00a0fue obligada \u00a0por\u00a0 \u00a0 \u00a0 \u201cJorge \u00a040\u201d\u00a0 \u00a0a \u00a0ser segundo \u00a0rengl\u00f3n \u00a0en \u00a0su \u00a0lista \u00a0al \u00a0Senado \u00a02002 &#8211; seg\u00fan lo admite ella misma, \u00c1lvaro \u00a0Ara\u00fajo \u00a0Noguera, Yalile P\u00e9rez O\u00f1ate, V\u00edctor Ochoa Quintana, William Herrera, \u00a0Jos\u00e9 \u00a0Rosado \u00a0y \u00a0Carmen \u00a0Alicia \u00a0Rivera, \u00a0y \u00a0de acuerdo con lo que sostienen la \u00a0Procuradur\u00eda \u00a0y \u00a0la \u00a0Fiscal \u00a029 \u00a0en \u00a0la decisi\u00f3n mediante la cual precluy\u00f3 la \u00a0investigaci\u00f3n por el secuestro de V\u00edctor Ochoa Daza -; \u00a0\u00a0<\/p>\n<p>c.) \u00a0 \u00a0 \u00a0 que \u00a0 \u00a0 \u00a0 \u201cJorge \u00a0 \u00a0 \u00a0 \u00a0 \u00a040\u201d \u00a0hizo \u00a0parte \u00a0del estado mayor de las \u00a0autodefensas \u00a0s\u00f3lo \u00a0a \u00a0partir \u00a0del \u00a0a\u00f1o \u00a02005 \u00a0cuando se desmoviliza Salvatore \u00a0Mancuso, como lo se\u00f1ala el primero en su declaraci\u00f3n; \u00a0\u00a0<\/p>\n<p>d.) que no es cierto que existan evidencias \u00a0procesales \u00a0sobre \u00a0relaciones \u00a0suyas \u00a0con \u00a0el \u00a0bloque \u00a0norte \u00a0y\/o \u00a0su comandante \u00a0\u2013 lo cual no puede surgir \u00a0de \u00a0la vecindad de sus casas paternas en Valledupar -, como tampoco lo es que el \u00a0departamento \u00a0 del \u00a0Cesar \u00a0se \u00a0haya \u00a0dividido \u00a0por \u00a0los \u00a0paramilitares \u00a0en \u00a0tres \u00a0regiones\u00a0 \u00a0&#8211; \u00a0acorde \u00a0con \u00a0la \u00a0prueba \u00a0testimonial -, ni que los pol\u00edticos \u00a0pudieran \u00a0adelantar campa\u00f1a electoral s\u00f3lo si contaban con el aval de las AUC, \u00a0ya \u00a0que \u00a0jam\u00e1s \u00a0les \u00a0pidi\u00f3 \u00a0permiso \u00a0para \u00a0hacerlo, \u00a0y mucho menos que el mapa \u00a0pol\u00edtico \u00a0de \u00a0la \u00a0regi\u00f3n \u00a0se \u00a0haya \u00a0transformado &#8211; pues desde 1994 los actores \u00a0pol\u00edticos \u00a0han \u00a0sido \u00a0los \u00a0mismos \u00a0-, o que lo ocurrido en el nor-occidente del \u00a0Cesar haya sido igual a lo acontecido en su caso; \u00a0\u00a0<\/p>\n<p>e.) que los resultados electorales no pueden \u00a0utilizarse \u00a0como \u00a0un \u00a0hecho que demuestre la concertaci\u00f3n con las autodefensas, \u00a0cuando \u00a0la \u00a0Constituci\u00f3n \u00a0dice \u00a0que \u00a0en \u00a0el \u00a0pueblo \u00a0radica \u00a0el poder y ello se \u00a0manifiesta a trav\u00e9s del voto; \u00a0\u00a0<\/p>\n<p>f.) \u00a0que \u00a0el atentado en su contra existi\u00f3 \u00a0\u2013 \u00a0por \u00a0lo \u00a0que \u00a0no puede \u00a0catalogarse \u00a0de \u00a0sofisma \u00a0de \u00a0distracci\u00f3n \u00a0-, \u00a0tal y como lo reconoce el propio \u00a0Vicefiscal \u00a0General \u00a0de \u00a0la \u00a0Naci\u00f3n \u00a0en la decisi\u00f3n mediante la cual confirm\u00f3 \u00a0parcialmente la acusaci\u00f3n; \u00a0\u00a0<\/p>\n<p>g.) \u00a0que \u00a0no puede d\u00e1rsele credibilidad al \u00a0testimonio \u00a0rendido \u00a0por \u00a0Dioselina, \u00a0cuando advierte sobre relaciones suyas con \u00a0las AUC, por ser mentirosa y err\u00e1tica; \u00a0\u00a0<\/p>\n<p>h.) \u00a0que \u00a0a \u00a0la \u00a0declaraci\u00f3n de Ana Emilce \u00a0Jaimes \u00a0Ardila \u00a0se le dio un sentido contrario, al interpretarse como prueba que \u00a0demuestra \u00a0la injerencia de los paramilitares, cuando ella afirm\u00f3 que su esposo \u00a0nunca \u00a0 le \u00a0 dijo \u00a0 que \u00a0 lo \u00a0 hubieran \u00a0 amenazado \u00a0por \u00a0aspirar \u00a0a \u00a0votar \u00a0por \u00a0\u00e9l. \u00a0\u00a0<\/p>\n<p>\u00a0 \u00a0\u00a0 \u00a0\u00a0 \u00a0Por \u00a0\u00faltimo, controvierte las que considera razones b\u00e1sicas en las \u00a0que \u00a0se \u00a0apoya la petici\u00f3n de condena que solicita la Fiscal\u00eda, porque: (1) la \u00a0investigaci\u00f3n \u00a0adelantada \u00a0por \u00a0el \u00a0secuestro \u00a0de \u00a0V\u00edctor \u00a0Ochoa Daza &#8211; que de \u00a0acuerdo \u00a0con \u00a0la \u00a0Corte \u00a0resultaba \u00a0inescindible con el concierto para delinquir \u00a0agravado \u00a0imputado \u00a0-, ha sido precluida por la Fiscal\u00eda 26, advirtiendo que la \u00a0retenci\u00f3n \u00a0de \u00a0Juana \u00a0Ram\u00edrez \u00a0decidida \u00a0por bloque norte de las AUC tuvo como \u00a0m\u00f3vil \u00a0configurar \u00a0la \u00a0aspiraci\u00f3n \u00a0de \u00a0Jorge \u00a0Ram\u00edrez \u00a0Urbina a la C\u00e1mara de \u00a0Representantes, \u00a0como \u00a0\u00e9ste \u00a0lo \u00a0admiti\u00f3 al acogerse a sentencia anticipada y; \u00a0(2) \u00a0el \u00a0documento \u00a0conocido como Pacto de Pivijay no puede ser considerado como \u00a0prueba \u00a0que \u00a0demuestre \u00a0su \u00a0incursi\u00f3n \u00a0en el delito de concierto para delinquir \u00a0agravado, \u00a0ya que no lo suscribi\u00f3 ni all\u00ed aparece su nombre y se relaciona con \u00a0municipios \u00a0 \u00a0 \u00a0donde \u00a0 \u00a0 \u00a0fue \u00a0 \u00a0 \u201cdesfalcado\u201d \u00a0electoralmente \u00a0en el Cesar en 2002, constituy\u00e9ndose en prueba que sustent\u00f3 la \u00a0condena \u00a0proferida \u00a0por la Corte en contra del doctor Mauricio Pimiento Barrera, \u00a0quien \u00a0fue \u00a0vinculado \u00a0por \u00a0lo \u00a0acontecido \u00a0en el norte del Cesar, circunstancia \u00a0diferente \u00a0a \u00a0lo \u00a0ocurrido \u00a0en \u00a0su \u00a0caso, \u00a0pues \u00a0en \u00a0esa condena se utiliza como \u00a0argumento \u00a0aplastante \u00a0la \u00a0reducci\u00f3n de la votaci\u00f3n de Pimiento en el Cesar en \u00a0el \u00a02006 \u2013 el cual no le es \u00a0aplicable \u00a0porque \u00a0en \u00a0las \u00a0elecciones \u00a0del \u00a02006 \u00a0su \u00a0votaci\u00f3n \u00a0se increment\u00f3 \u00a0\u2013, \u00a0adem\u00e1s de que en las \u00a0llamadas \u00a0interceptadas \u00a0por \u00a0la Fiscal\u00eda su nombre solamente est\u00e1 relacionado \u00a0en \u00a0una de ellas en la que se sugiere no votar por \u00e9l en Valledupar, con lo que \u00a0se convierte en prueba a su favor. \u00a0\u00a0<\/p>\n<p>\u00a0 \u00a0\u00a0 \u00a0\u00a0 \u00a0Con \u00a0fundamento \u00a0en \u00a0ello, \u00a0solicit\u00f3 \u00a0la \u00a0absoluci\u00f3n \u00a0por aparecer \u00a0probada su inocencia. \u00a0\u00a0<\/p>\n<p>c. La defensa t\u00e9cnica.- \u00a0<\/p>\n<p>Advierte \u00a0 que \u00a0 al \u00a0doctor \u00a0Ara\u00fajo \u00a0Castro se le juzga por los delitos \u00a0de \u00a0concierto \u00a0para \u00a0delinquir \u00a0y \u00a0constre\u00f1imiento \u00a0al \u00a0elector \u00a0acorde \u00a0con la \u00a0resoluci\u00f3n \u00a0de \u00a0acusaci\u00f3n \u00a0proferida \u00a0en su contra en segunda instancia por el \u00a0Vicefiscal \u00a0General \u00a0de \u00a0la \u00a0Naci\u00f3n \u00a0\u2013 \u00a018 \u00a0de \u00a0enero \u00a0de 2008 &#8211; y, en consecuencia, los hechos analizados \u00a0por \u00a0la \u00a0Fiscal\u00eda \u00a0en \u00a0su \u00a0intervenci\u00f3n \u00a0no \u00a0corresponden a aquellos sino a la \u00a0\u201camalgama \u00a0 de \u00a0hechos \u00a0imputados \u00a0 \u00a0 por \u00a0 \u00a0 la \u00a0 \u00a0 Fiscal\u00eda \u00a0 \u00a0de \u00a0 \u00a0primera \u00a0 \u00a0instancia\u201d, \u00a0por \u00a0lo \u00a0que \u00a0se \u00a0impon\u00eda pedir la \u00a0absoluci\u00f3n, \u00a0tal y como lo hizo el representante del Ministerio P\u00fablico.\u00a0 \u00a0\u00a0<\/p>\n<p>Sin \u00a0 embargo, \u00a0 ante \u00a0 la \u00a0 \u201campliada\u201d petici\u00f3n de condena debe referirse a \u00a0esos \u00a0hechos \u00a0conexos, \u00a0demostrativos \u00a0de que en el proceso no existe prueba del \u00a0concierto ni del constre\u00f1imiento. \u00a0\u00a0<\/p>\n<p>En \u00a0principio \u00a0se \u00a0desconocen \u00a0los \u00a0hechos \u00a0t\u00edpicamente \u00a0delictivos \u00a0que \u00a0se \u00a0imputaban \u00a0al \u00a0senador, \u00a0pues cuando la Corte \u00a0decide \u00a0abrir \u00a0la investigaci\u00f3n en su contra, mediante auto del 28 de noviembre \u00a0de \u00a0 2006, \u00a0tan \u00a0solo \u00a0adujo \u00a0haber \u00a0encontrado \u00a0pruebas \u00a0que \u00a0compromet\u00edan \u00a0su \u00a0responsabilidad \u00a0en el delito de concierto para delinquir agravado, sin se\u00f1alar \u00a0los \u00a0 hechos \u00a0 referidos \u00a0al \u00a0mismo, \u00a0\u201cinvolucrando, \u00a0 indistinta \u00a0 y \u00a0gen\u00e9ricamente \u00a0la \u00a0situaci\u00f3n \u00a0del \u00a0Magdalena \u00a0 \u00a0con \u00a0 \u00a0la \u00a0 \u00a0del \u00a0 Cesar\u201d \u00a0y, \u00a0al \u00a0ser \u00a0indagado, \u00a0inicialmente \u00a0se dijo que lo ser\u00eda por el \u00a0concierto, \u00a0pero \u00a0en \u00a0diferentes ampliaciones de injurada se se\u00f1al\u00f3 que lo era \u00a0como \u00a0determinador de un secuestro extorsivo agravado y, m\u00e1s tarde, que por los \u00a0delitos \u00a0que \u00a0habr\u00edan tenido ocurrencia durante las elecciones para el Congreso \u00a0en \u00a0el \u00a0a\u00f1o 2002, en particular los definidos en los art\u00edculos 387 y 394 de la \u00a0ley 599 de 2000. \u00a0\u00a0<\/p>\n<p>Ya \u00a0cuando \u00a0se \u00a0le \u00a0impuso \u00a0la \u00a0detenci\u00f3n \u00a0preventiva \u00a0 \u00a0 \u00a0como\u00a0 \u00a0 \u00a0 \u00a0medida \u00a0 \u00a0 de \u00a0 \u00a0 aseguramiento \u00a0 \u00a0 \u2013 \u00a015 \u00a0de \u00a0febrero \u00a0de 2007 -, la Corte \u00a0\u201cdedujo \u00a0 un \u00a0presunto \u00a0acuerdo \u00a0entre \u00a0mi \u00a0defendido \u00a0y el frente de las AUC comandado por \u201cJorge \u00a0 \u00a0 \u00a0 \u00a0 \u00a040\u201d, \u00a0 Rodrigo \u00a0Tovar \u00a0Pupo, \u00a0para \u00a0que \u00a0mediante \u00a0procederes \u00a0intimidatorios ilegales a los habitantes de precisos\u00a0 \u00a0municipios \u00a0del Cesar, obtuviera la votaci\u00f3n necesaria para ser elegido Senador \u00a0de \u00a0la \u00a0Rep\u00fablica \u00a0para el periodo comprendido entre el 2002 y 2006\u201d, \u00a0haci\u00e9ndose \u00a0inferir \u00a0el \u00a0supuesto \u00a0acuerdo \u00a0 y \u00a0 la \u00a0 delincuencia \u00a0 electoral \u00a0 del \u00a0secuestro \u00a0de \u00a0V\u00edctor \u00a0Ochoa \u00a0Daza. \u00a0\u00a0<\/p>\n<p>Se \u00a0practicaban pruebas para esclarecer los \u00a0hechos \u00a0relacionados \u00a0con \u00a0el Magdalena y el norte del Cesar respecto de lo cual \u00a0nada \u00a0ten\u00eda \u00a0que \u00a0ver \u00a0su \u00a0defendido, \u00a0sin \u00a0acceder \u00a0a \u00a0la pr\u00e1ctica de las que \u00a0solicitaba, \u00a0raz\u00f3n\u00a0 \u00a0basilar \u00a0para la renuncia de la curul a fin de que su \u00a0investigaci\u00f3n \u00a0se \u00a0separara \u00a0de \u00a0las dem\u00e1s, no buscando un juez apropiado sino \u00a0aquel \u00a0que \u00a0entendiera el problema f\u00e1ctico que se presentaba y, sin embargo, la \u00a0Fiscal\u00eda \u00a0 consider\u00f3 \u00a0 superfluas \u00a0 e \u00a0 innecesarias \u00a0 las \u00a0 variadas \u00a0pruebas \u00a0peticionadas \u00a0y, \u00a0en \u00a0su \u00a0lugar, cerr\u00f3 la investigaci\u00f3n y calific\u00f3 tomando en \u00a0contra \u00a0del \u00a0procesado \u00a0la prueba que en realidad lo favorec\u00eda, mientras que la \u00a0Comisi\u00f3n \u00a0de Fiscales designados para investigar la conducta del doctor \u00c1lvaro \u00a0Ara\u00fajo \u00a0Noguera \u00a0ordenaba \u00a0adelantar \u00a0esas mismas pruebas que en su mayor\u00eda se \u00a0han \u00a0trasladado \u00a0y \u00a0practicado en el juicio, tendientes a demostrar el origen de \u00a0la \u00a0votaci\u00f3n \u00a0del \u00a0doctor \u00a0Ara\u00fajo Castro para las elecciones de 2002. \u00a0\u00a0<\/p>\n<p>Es por eso que probatoriamente el proceso ha \u00a0cambiado \u00a0y \u00a0los \u00a0hechos en los que se funda la petici\u00f3n de condena que hace la \u00a0Fiscal\u00eda \u00a0est\u00e1n \u00a0superados, \u00a0con \u00a0mayor \u00a0raz\u00f3n \u00a0si \u00a0se tiene en cuenta que la \u00a0Fiscal\u00eda \u00a026 \u00a0UNAT \u00a0precluy\u00f3 \u00a0la \u00a0investigaci\u00f3n \u00a0que adelantaba contra Miguel \u00a0\u00c1ngel \u00a0Dur\u00e1n G\u00e9lvis por concierto para delinquir, la cual ha debido cobijar a \u00a0los \u00a0doctores \u00a0Araujo \u00a0por tratarse de los mismos hechos y, adem\u00e1s, lo afirmado \u00a0siempre \u00a0ha sido que, de acuerdo con la estrategia paramilitar, la colaboraci\u00f3n \u00a0lo \u00a0era \u00a0para \u00a0la \u00a0dupla \u00a0Senado-C\u00e1mara, que aqu\u00ed correspond\u00eda a Ara\u00fajo-Dur\u00e1n, \u00a0y se ha dilucidado que la \u00a0prueba \u00a0aportada \u00a0para \u00a0la \u00a0demostraci\u00f3n \u00a0de la intervenci\u00f3n paramilitar en el \u00a0departamento \u00a0del \u00a0Magdalena \u00a0y en el norte del Cesar, no era la misma requerida \u00a0para inferir que hab\u00eda sucedido lo mismo en el sur del Cesar. \u00a0\u00a0<\/p>\n<p>Es \u00a0luego de iniciada la investigaci\u00f3n que \u00a0aparece, \u00a0como \u00a0prueba de salvaci\u00f3n que justifica su apertura, una publicaci\u00f3n \u00a0period\u00edstica \u00a0en \u00a0la \u00a0que \u00a0Cristian Moreno Panezo &#8211; candidato a la gobernaci\u00f3n \u00a0del \u00a0Cesar \u00a02003 \u00a0&#8211; \u00a0se \u00a0refiere \u00a0al fen\u00f3meno paramilitar en el Cesar, quien al \u00a0declarar \u00a0se \u00a0limita \u00a0a plasmar sus valoraciones sobre el conflicto desarrollado \u00a0en \u00a0ese \u00a0regi\u00f3n pese a que para entonces su domicilio lo ten\u00eda en esta ciudad, \u00a0raz\u00f3n \u00a0por \u00a0la cual dijo no conocer acerca de la presunta divisi\u00f3n territorial \u00a0que \u00a0habr\u00edan hecho las AUC en el Cesar para apoyar las aspiraciones al Congreso \u00a0de \u00a0 los \u00a0 doctores \u00a0 Mauricio \u00a0 Pimiento \u00a0 y \u00a0\u00c1lvaro \u00a0Araujo \u00a0 Castro; \u00a0 \u00a0adujo \u00a0 \u00a0que \u00a0 \u00a0a \u00a0 \u201cJorge \u00a040\u201d y su \u00a0organizaci\u00f3n \u00a0se les sindic\u00f3 del secuestro de V\u00edctor Ochoa Daza, pero no supo \u00a0sobre \u00a0los \u00a0alcances \u00a0del \u00a0mismo \u00a0y, sobre la inclusi\u00f3n de Juana Ram\u00edrez en la \u00a0lista \u00a0 \u00a0del \u00a0 \u00a0doctor \u00a0 Ara\u00fajo \u00a0 Castro, \u00a0adem\u00e1s \u00a0de \u00a0reconocer \u00a0sus capacidades, se\u00f1al\u00f3 que obedeci\u00f3 a \u00a0los \u00a0acuerdos pol\u00edticos celebrados entre los movimientos Golpe, MRL y Alas, sin \u00a0que conociera de injerencia paramilitar en ello. \u00a0\u00a0<\/p>\n<p>Testigo \u00a0al que la Corte da credibilidad en \u00a0cuanto \u00a0al \u00a0an\u00e1lisis sociopol\u00edtico que hace del paramilitarismo, pero no en lo \u00a0que \u00a0refiri\u00f3 \u00a0acerca \u00a0de la transparencia del comportamiento pol\u00edtico y social \u00a0del \u00a0acusado, \u00a0las \u00a0razones \u00a0por \u00a0las \u00a0que considera obtuvo su elecci\u00f3n para el \u00a0senado \u00a02002 \u00a0y su desconocimiento respecto de eventuales v\u00ednculos de \u00e9ste con \u00a0los \u00a0paramilitares \u00a0o \u00a0que \u00a0los \u00a0mismos \u00a0hayan \u00a0presionado de alguna forma a los \u00a0votantes para que sufragaran a su favor en esa gesta electoral. \u00a0\u00a0<\/p>\n<p>A \u00a0lo anterior se agrega lo que expres\u00f3 en \u00a0la \u00a0declaraci\u00f3n que rindi\u00f3 dentro de la investigaci\u00f3n adelantada en contra de \u00a0Miguel \u00a0Dur\u00e1n \u00a0G\u00e9lvis \u00a0donde \u00a0explica \u00a0las \u00a0alianzas \u00a0pol\u00edticas celebradas en \u00a0procura \u00a0 \u00a0de \u00a0 \u00a0la \u00a0 \u00a0curul \u00a0 del \u00a0 doctor \u00a0 Ara\u00fajo \u00a0Castro \u00a0y \u00a0el \u00a0desenvolvimiento \u00a0y \u00a0desempe\u00f1o \u00a0de los \u00a0grupos \u00a0 \u00a0de \u00a0 \u00a0autodefensas \u00a0 \u00a0que \u00a0 \u00a0azotaban \u00a0 \u00a0la \u00a0 \u00a0regi\u00f3n \u00a0 \u00a0\u2013en \u00a0el Magdalena,\u00a0 norte y centro \u00a0del \u00a0Cesar \u00a0el \u00a0bloque \u00a0comandado \u00a0por \u201cJorge \u00a0 40\u201d, \u00a0mientras \u00a0en \u00a0el \u00a0sur \u00a0de este departamento operaban las autodefensas de Juancho \u00a0Prada \u00a0en \u00a0forma \u00a0aut\u00f3noma \u00a0-, lo cual demuestra que no se produjo la comentada \u00a0sectorizaci\u00f3n \u00a0del \u00a0mismo \u00a0por \u00a0parte \u00a0de \u00a0los \u00a0paramilitares, \u00a0referida por la \u00a0periodista \u00a0Claudia \u00a0L\u00f3pez y que, m\u00e1s bien, el acusado result\u00f3 afectado en su \u00a0votaci\u00f3n \u00a0 al \u00a0 norte \u00a0 del \u00a0 departamento, \u00a0 precisamente \u00a0por \u00a0la \u00a0influencia \u00a0paramilitar. \u00a0\u00a0<\/p>\n<p>La \u00a0 valoraci\u00f3n \u00a0 parcial \u00a0 del \u00a0aludido \u00a0testimonio \u00a0se \u00a0explica \u00a0porque \u00a0para entonces emerge como testigo voluntario el \u00a0se\u00f1or \u00a0Alfonso \u00a0Palacio \u00a0Ni\u00f1o, \u00a0quien \u00a0abona \u00a0el \u00a0terreno para darle fuerza al \u00a0estudio \u00a0 realizado \u00a0 por \u00a0 la \u00a0Corporaci\u00f3n \u00a0Arco \u00a0Iris, \u00a0al \u00a0hacer \u00a0su \u00a0relato \u00a0sociopol\u00edtico \u00a0del \u00a0Cesar, \u00a0reconociendo \u00a0no \u00a0constarle \u00a0que \u00a0el procesado haya \u00a0pertenecido, \u00a0 colaborado \u00a0 o \u00a0 haya \u00a0 sido \u00a0apoyado \u00a0por \u00a0los \u00a0paramilitares \u00a0y \u00a0espec\u00edficamente \u00a0 \u00a0 por \u00a0 \u00a0 el \u00a0 \u00a0 boque \u00a0 \u00a0 comandado \u00a0 \u00a0 por \u00a0 \u00a0 \u201cJorge \u00a0 \u00a0 \u00a0 \u00a0 \u00a040\u201d. \u00a0\u00a0<\/p>\n<p>Pese \u00a0a \u00a0lo \u00a0anterior \u00a0son, Moreno Panezo y \u00a0Palacio \u00a0Ni\u00f1o, \u00a0en \u00a0el \u00a0inicial criterio de la Corte, los que sientan las bases \u00a0para \u00a0adelantar \u00a0la \u00a0investigaci\u00f3n, \u00a0pero \u00a0dicho \u00a0criterio \u00a0no puede permanecer \u00a0inmutable \u00a0frente \u00a0a \u00a0la din\u00e1mica probatoria que ha enriquecido cada una de las \u00a0investigaciones \u00a0en \u00a0esa \u00e9poca tratadas en conjunto, ya que fue bajo la censura \u00a0que \u00a0en \u00a0principio se hiciera de quienes obtuvieron una curul al Congreso en las \u00a0elecciones \u00a0de \u00a02002, \u00a0por \u00a0los departamentos del Magdalena, Cesar, Atl\u00e1ntico y \u00a0Sucre, \u00a0seg\u00fan \u00a0esos \u00a0testigos \u00a0y \u00a0los medios de comunicaci\u00f3n, que tal hecho se \u00a0convierte \u00a0en \u00a0el \u00a0sustento indicador m\u00e1s importante y grave para poner en tela \u00a0de \u00a0juicio \u00a0su \u00a0triunfo \u00a0y, \u00a0en el caso del acusado, el \u00fanico hecho que sirvi\u00f3 \u00a0como \u00a0hipot\u00e9tico \u00a0apoyo para involucrarlo en la investigaci\u00f3n, no obstante que \u00a0a \u00a0los \u00a0testigos \u00a0nada \u00a0les consta y simplemente se limitan a interpretar lo que \u00a0consideran \u00a0pudo \u00a0pasar \u00a0en \u00a0el \u00a0Cesar, \u00a0como \u00a0lo \u00a0hizo Palacio Ni\u00f1o posando de \u00a0historiador, \u00a0soci\u00f3logo, \u00a0polit\u00f3logo y analista; conclusiones que de acuerdo a \u00a0la \u00a0doctrina probatoria est\u00e1 vedado hacer a los testigos y sobre las cuales, al \u00a0ser \u00a0 interrogado \u00a0 por \u00a0 los \u00a0defensores, \u00a0se \u00a0develaron \u00a0las \u00a0contradicciones, \u00a0imprecisiones \u00a0y \u00a0generalidades en que incurri\u00f3 respecto de otras declaraciones \u00a0de \u00a0testigos \u00a0presenciales, \u00a0desapareciendo \u00a0as\u00ed \u00a0la se\u00f1alada seriedad\u00a0 e \u00a0imparcialidad \u00a0de \u00a0su \u00a0dicho, ante lo cual guard\u00f3 silencio, por lo que ya no es \u00a0posible \u00a0tener \u00a0esas \u00a0pruebas \u00a0como \u00a0sustento \u00a0de las imputaciones formuladas al \u00a0doctor \u00a0 \u00a0 \u00a0 \u00a0 Ara\u00fajo \u00a0 \u00a0 \u00a0 \u00a0Castro. \u00a0\u00a0<\/p>\n<p>Ahora, \u00a0como \u00a0el fiscal interviniente en la \u00a0audiencia \u00a0sustenta \u00a0su \u00a0petici\u00f3n \u00a0de \u00a0condena en el secuestro de V\u00edctor Ochoa \u00a0Daza,\u00a0 \u00a0argumentando que los delitos de concierto para delinquir agravado y \u00a0constre\u00f1imiento \u00a0al \u00a0elector \u00a0imputados \u00a0emanan \u00a0de \u00a0aqu\u00e9l, \u00a0se \u00a0pronuncia \u00a0al \u00a0respecto, \u00a0a \u00a0pesar \u00a0de que la Fiscal\u00eda 29 Delegada ante el Tribunal de Bogot\u00e1 \u00a0precluy\u00f3 dicha investigaci\u00f3n. \u00a0\u00a0<\/p>\n<p>Critica \u00a0la \u00a0defensa \u00a0la \u00a0forma \u00a0como \u00a0se \u00a0introdujo \u00a0al \u00a0proceso \u00a0la \u00a0carta entregada por el doctor Guillermo El\u00edas Ochoa \u00a0Daza \u00a0al \u00a0se\u00f1or \u00a0Vicepresidente \u00a0de \u00a0la Rep\u00fablica, en la cual les imputa a los \u00a0doctores \u00a0Ara\u00fajo \u00a0Noguera y Ara\u00fajo Castro \u00a0la \u00a0autor\u00eda \u00a0intelectual \u00a0del \u00a0secuestro \u00a0de \u00a0su hermano V\u00edctor, \u00a0origen \u00a0de \u00a0esa investigaci\u00f3n, al igual que los testimonios de la v\u00edctima y el \u00a0de \u00a0V\u00edctor \u00a0Eli\u00e9cer Ochoa Quintana; pues que de no ser por el ocultamiento que \u00a0de \u00a0la \u00a0misma \u00a0se \u00a0hizo durante un mes \u2013 \u00a0con \u00a0lo \u00a0cual emerge el atentado al debido proceso y al derecho de \u00a0defensa \u00a0-, \u00a0el \u00a0\u00faltimo \u00a0no \u00a0habr\u00eda acudido al proceso a corroborarla sino que \u00a0seguramente \u00a0se \u00a0habr\u00eda solicitado citar inicialmente al autor de la misma para \u00a0que \u00a0la \u00a0desmintiera, \u00a0como \u00a0lo \u00a0hizo, dando lugar a la retractaci\u00f3n de aqu\u00e9l. \u00a0\u00a0<\/p>\n<p>Al \u00a0evaluar \u00a0las declaraciones vertidas por \u00a0El\u00edas \u00a0Ochoa \u00a0y \u00a0su esposa Carmen Alicia Rivera, pierde credibilidad el inicial \u00a0relato \u00a0hecho \u00a0por \u00a0V\u00edctor Ochoa Quintana en el sentido de que Jorge 40 habr\u00eda \u00a0exigido \u00a0la \u00a0inclusi\u00f3n \u00a0de \u00a0Juana \u00a0Ram\u00edrez \u00a0en la lista del doctor \u00a0Ara\u00fajo \u00a0Castro \u00a0al \u00a0Senado, am\u00e9n de su \u00a0contradicci\u00f3n \u00a0sobre \u00a0el lugar donde comunic\u00f3 esa novedad a la candidata y que \u00a0no \u00a0fue \u00a0en la reuni\u00f3n pol\u00edtica celebrada la noche anterior al secuestro de su \u00a0padre, \u00a0que \u00e9ste expresamente adujo no hacer parte de esa lista, pues seg\u00fan el \u00a0propio \u00a0ex \u00a0secuestrado \u00a0y \u00a0su hermano El\u00edas, meses atr\u00e1s le hab\u00eda comunicado \u00a0ello \u00a0al \u00a0doctor \u00a0Ara\u00fajo Noguera, raz\u00f3n por la cual para aquel entonces ya esa \u00a0lista \u00a0se \u00a0hab\u00eda \u00a0conformado, \u00a0adem\u00e1s \u00a0de \u00a0que el acompa\u00f1amiento que de buena \u00a0voluntad \u00a0hizo \u00a0el \u00a0\u00faltimo \u00a0a \u00a0la doctora Ram\u00edrez para hablar con \u201cJorge \u00a0 \u00a0 \u00a0 \u00a0 \u00a040\u201d, \u00a0no obedeci\u00f3 a instrucciones que en \u00a0tal \u00a0sentido \u00a0le \u00a0diera \u00a0el \u00a0jefe paramilitar a Juana sino porque El\u00edas Ochoa y \u00a0Aldo \u00a0Jim\u00e9nez lo concertaron y se lo propusieron, admiti\u00e9ndolo \u00e9l, tal y como \u00a0lo puso de presente Pedro Castro Ara\u00fajo, Yalile y Johny P\u00e9rez. \u00a0\u00a0<\/p>\n<p>Evidente \u00a0 entonces \u00a0la \u00a0mentira \u00a0en \u00a0que \u00a0incurri\u00f3 \u00a0V\u00edctor \u00a0Eli\u00e9cer Ochoa Quintana y seguramente por ello no concurri\u00f3 \u00a0a \u00a0ampliar \u00a0su testimonio, optando por remitir una declaraci\u00f3n extrajuicio ante \u00a0la \u00a0 \u00a0 \u00a0Fiscal\u00eda \u00a0 \u00a0 \u00a0que \u00a0 \u00a0 \u00a0instruy\u00f3 \u00a0 \u00a0 \u00a0el \u00a0 \u00a0 secuestro \u00a0 \u00a0 \u2013 \u00a0allegada \u00a0al \u00a0proceso &#8211; en la que se \u00a0demuestra \u00a0claramente \u00a0que \u00a0ha \u00a0mentido; siendo que por otro lado, \u00e9l y su t\u00edo \u00a0El\u00edas \u00a0 ten\u00edan \u00a0 contacto \u00a0 directo \u00a0 y \u00a0 constante \u00a0 con \u00a0alias \u00a0\u201c39\u201d \u00a0 \u00a0 \u00a0 \u00a0 y \u00a0 \u00a0 \u00a0 \u00a0 \u201cJorge \u00a0 \u00a0 \u00a0 \u00a0 \u00a040\u201d, \u00a0al punto que un hermano del \u00faltimo \u00a0trabajaba con El\u00edas en la alcald\u00eda. \u00a0\u00a0<\/p>\n<p>No \u00a0es \u00a0cierto \u00a0que \u00a0Ara\u00fajo \u00a0Noguera \u00a0haya \u00a0informado \u00a0 \u00a0lo \u00a0 \u00a0exigido \u00a0 \u00a0por \u00a0 \u00a0\u201cJorge \u00a040\u201d \u00a0a \u00a0Juana \u00a0Ram\u00edrez, \u00a0porque \u00a0en \u00a0esa conversaci\u00f3n nadie m\u00e1s particip\u00f3, ni que le \u00a0hubiera \u00a0ordenado \u00a0ser \u00a0parte \u00a0de \u00a0la \u00a0lista de Ara\u00fajo \u00a0Castro \u00a0al \u00a0Senado, \u00a0pues \u00a0seg\u00fan \u00a0lo expresado por la \u00a0misma \u00a0doctora \u00a0Juana \u00a0en su declaraci\u00f3n, fue ella quien escogi\u00f3 hacerlo, como \u00a0as\u00ed \u00a0lo \u00a0ratific\u00f3 \u00a0su \u00a0esposo \u00a0Carlos \u00a0Ara\u00fajo \u00a0Castillo, sin que los doctores \u00a0Ara\u00fajo \u00a0 \u00a0Noguera \u00a0 y \u00a0 Ara\u00fajo \u00a0 Castro hubieran intervenido en ello. \u00a0\u00a0<\/p>\n<p>As\u00ed, la carta remitida por El\u00edas Ochoa al \u00a0Vicepresidente, \u00a0solamente \u00a0se \u00a0explica \u00a0por \u00a0la negativa del nombramiento de su \u00a0esposa \u00a0en \u00a0el \u00a0Consulado de Colombia en Barquisimeto-Venezuela, dado que fue la \u00a0doctora \u00a0Mar\u00eda Consuelo Ara\u00fajo Castro quien se opuso al mismo como Ministra de \u00a0Relaciones \u00a0Exteriores, estrategia utilizada por El\u00edas y avalada por su familia \u00a0para \u00a0vencer \u00a0esa \u00a0barrera \u00a0que \u00a0no \u00a0obstante \u00a0ser \u00a0ideada \u00a0como \u00a0una \u00a0pr\u00e1ctica \u00a0clientelista, \u00a0ha \u00a0perjudicado \u00a0a \u00a0los \u00a0doctores \u00a0Ara\u00fajo Noguera y Ara\u00fajo \u00a0Castro en la forma aqu\u00ed conocida, \u00a0as\u00ed advierta que no fue esa su intenci\u00f3n. \u00a0\u00a0<\/p>\n<p>Es \u00a0falso que el secuestro de V\u00edctor Ochoa \u00a0Daza \u00a0favoreciera \u00a0a \u00a0los Ara\u00fajo, como lo infiere la Corte y la Fiscal\u00eda, pues \u00a0contrario \u00a0a \u00a0ello \u00a0y acorde con los testimonios de El\u00edas Ochoa, su esposa y el \u00a0mismo \u00a0 \u00a0 \u00a0\u201cJorge \u00a040\u201d, \u00a0tal \u00a0hecho \u00a0pod\u00eda \u00a0perjudicarlos \u00a0de no ser por el acuerdo pactado con el MRL desde el 2000, seg\u00fan \u00a0el \u00a0cual \u00a0dicho movimiento pol\u00edtico estaba comprometido a apoyar la candidatura \u00a0al \u00a0Senado de Alas, siendo el propio secuestrado quien lanz\u00f3 la de \u00c1lvaro \u00a0Ara\u00fajo Castro, como lo afirm\u00f3 en \u00a0su declaraci\u00f3n rendida el 16 de enero de 2007. \u00a0\u00a0<\/p>\n<p>Y tampoco que por su caudal electoral fuera \u00a0necesaria \u00a0la \u00a0inclusi\u00f3n de la doctora Juana Ram\u00edrez en la lista al Senado del \u00a0acusado \u00a02002, \u00a0pues \u00a0sobre el mismo deponen El\u00edas Ochoa y su se\u00f1ora, Cristian \u00a0Moreno \u00a0Panezo, \u00a0Mauro \u00a0Tapias, \u00a0Israel \u00a0Obreg\u00f3n, \u00a0Jos\u00e9 El\u00edas Cruz y la misma \u00a0Juana, \u00a0e \u00a0indican \u00a0que \u00a0realmente \u00a0era \u00a0el MRL como movimiento pol\u00edtico el que \u00a0ten\u00eda \u00a0el \u00a0potencial de votos y no sus integrantes individualmente considerados \u00a0&#8211; \u00a0la \u00a0misma \u00a0doctora \u00a0Ram\u00edrez \u00a0afirm\u00f3 \u00a0que \u00a0en \u00a0el \u00a0sur del Cesar carec\u00eda de \u00a0votaci\u00f3n \u00a0porque \u00a0nunca \u00a0hab\u00eda \u00a0trabajado \u00a0pol\u00edticamente \u00a0all\u00ed, \u00a0por \u00a0lo que \u00a0ning\u00fan \u00a0aporte \u00a0electoral \u00a0pod\u00eda \u00a0brindarle \u00a0al \u00a0procesado \u00a0-, \u00a0adem\u00e1s de dar \u00a0razones \u00a0 de \u00a0 la \u00a0 votaci\u00f3n \u00a0 obtenida \u00a0por \u00a0Ara\u00fajo \u00a0Castro en los diferentes municipios del sur del Cesar, \u00a0explicando, \u00a0 \u00a0 \u00a0junto \u00a0 \u00a0 con \u00a0 \u00a0 \u201cJuancho\u201d \u00a0y \u00a0Martiniano \u00a0 \u00a0 \u00a0Prada, \u00a0 \u00a0 que \u00a0 \u00a0 \u201cJorge \u00a040\u201d no \u00a0ten\u00eda \u00a0mando \u00a0en \u00a0muchos \u00a0municipios \u00a0de \u00a0esa zona porque all\u00ed quien ten\u00eda el \u00a0poder \u00a0 \u00a0era \u00a0 \u201cJuancho \u00a0Prada\u201d, \u00a0como \u00a0as\u00ed \u00a0lo \u00a0reconoce el mismo Rodrigo Tovar Pupo en su injurada. \u00a0\u00a0<\/p>\n<p>Por otro lado, la tendenciosa afirmaci\u00f3n de \u00a0V\u00edctor \u00a0Eli\u00e9cer \u00a0en \u00a0el \u00a0sentido \u00a0de \u00a0que su padre le habr\u00eda comunicado a los \u00a0doctores \u00a0Ara\u00fajo \u00a0Castro \u00a0y \u00a0Mor\u00f3n \u00a0Cuello \u00a0la noche anterior a su secuestro que al otro d\u00eda estar\u00eda en su \u00a0finca \u00a0es \u00a0desmentida \u00a0por \u00a0el \u00a0propio V\u00edctor Ochoa al decir que tan solo se lo \u00a0dijo al \u00faltimo. \u00a0\u00a0<\/p>\n<p>Ser\u00eda \u00a0un \u00a0contrasentido \u00a0jur\u00eddico \u00a0que, \u00a0habiendo \u00a0declarado \u00a0el Estado la inexistencia del secuestro y el concierto para \u00a0delinquir \u00a0al \u00a0precluir \u00a0la \u00a0investigaci\u00f3n \u00a0contra \u00a0el \u00a0doctor Ara\u00fajo Noguera, \u00a0afirmara \u00a0ahora que dicha conducta presuntamente realizada por aqu\u00e9l constituye \u00a0delito, \u00a0para \u00a0de \u00a0all\u00ed \u00a0enrostrar \u00a0el \u00a0mismo \u00a0a su defendido, pues en tal caso \u00a0tendr\u00eda \u00a0que \u00a0existir \u00a0una \u00a0causa \u00a0ilegal \u00a0diferente a la planteada para que el \u00a0\u00faltimo \u00a0incluyera como segundo rengl\u00f3n en su lista al Senado 2002 a la doctora \u00a0Juana \u00a0 Ram\u00edrez, \u00a0 pero \u00a0 ello \u00a0 no \u00a0 existe \u00a0ni \u00a0se \u00a0ha \u00a0investigado \u00a0en \u00a0este \u00a0proceso. \u00a0\u00a0<\/p>\n<p>As\u00ed, \u00a0 queda \u00a0 desvirtuada \u00a0 cualquier \u00a0participaci\u00f3n \u00a0del \u00a0acusado \u00a0en \u00a0el secuestro de V\u00edctor Ochoa Daza y con ello, \u00a0nada queda de los cargos formulados en su contra por la Fiscal\u00eda. \u00a0\u00a0<\/p>\n<p>Advierte \u00a0que \u00a0para demostrar el compromiso \u00a0del \u00a0 \u00a0procesado \u00a0 \u00a0con \u00a0 \u00a0el \u00a0 paramilitarismo \u00a0 comandado \u00a0 por \u00a0 \u201cJorge \u00a0 \u00a0 \u00a0 \u00a0 \u00a040\u201d, \u00a0la \u00a0Fiscal\u00eda \u00a0de primera instancia \u00a0fij\u00f3 \u00a0como \u00a0premisa \u00a0no \u00a0demostrada \u00a0en \u00a0el \u00a0proceso, \u00a0que el Cesar hab\u00eda sido \u00a0dividido \u00a0 territorialmente \u00a0por \u00a0aqu\u00e9l \u00a0jefe \u00a0de \u00a0las \u00a0autodefensas \u00a0para \u00a0las \u00a0elecciones \u00a0a \u00a0Congreso 2002 y, atribuye la muerte de Jorge Arias a una supuesta \u00a0estrategia \u00a0 \u00a0electoral \u00a0 \u00a0acordada \u00a0 \u00a0por \u00a0 \u00a0el \u00a0 enjuiciado \u00a0 y \u00a0 \u201cJorge \u00a0 \u00a0 \u00a0 \u00a0 \u00a040\u201d, \u00a0lo \u00a0cual \u00a0fue \u00a0desvirtuado \u00a0en \u00a0el \u00a0proceso \u00a0con \u00a0creces \u00a0por \u00a0ser \u00a0un \u00a0desprop\u00f3sito, pues aqu\u00e9l fue un aliado que \u00a0lleg\u00f3 \u00a0hasta \u00a0la \u00a0casa \u00a0del \u00a0\u00faltimo \u00a0a \u00a0brindarle \u00a0su \u00a0apoyo \u00a0para \u00a0esa \u00a0gesta \u00a0electoral. \u00a0\u00a0<\/p>\n<p>Lo mismo ocurri\u00f3 cuando hizo alusi\u00f3n a lo \u00a0atestiguado \u00a0por \u00a0Salvatore \u00a0Mancuso \u00a0G\u00f3mez \u00a0dentro \u00a0del \u00a0radicado 26.625 en el \u00a0sentido \u00a0 de \u00a0 que \u00a0 los \u00a0pol\u00edticos \u00a0\u201cten\u00edan\u00a0 \u00a0que \u00a0recibir \u00a0la \u00a0bendici\u00f3n \u00a0de la comandancia para \u00a0poder \u00a0hacer proselitismo\u201d, \u00a0citando \u00a0al \u00a0Cesar \u00a0entre \u00a0los \u00a0territorios \u00a0donde \u00a0ello acontec\u00eda \u201cy \u00a0que \u00a0si no ten\u00edan el aval de esos \u00a0grupos, \u00a0 \u00a0 no \u00a0 \u00a0 pod\u00edan \u00a0 \u00a0 participar \u00a0 \u00a0 en \u00a0 \u00a0 la \u00a0 \u00a0contienda\u201d; \u00a0 declaraci\u00f3n \u00a0practicada \u00a0sin \u00a0la \u00a0presencia \u00a0de \u00a0la \u00a0defensa \u00a0ni \u00a0del \u00a0ministerio \u00a0p\u00fablico \u00a0y \u00a0que no fue posible \u00a0ampliar, \u00a0por \u00a0lo \u00a0que no pudo ejercerse el derecho de defensa, lo cual le resta \u00a0cualquier \u00a0valor \u00a0probatorio; \u00a0no obstante, se hacen transcripciones parciales y \u00a0sesgadas \u00a0de \u00a0su \u00a0dicho \u00a0cuando \u00a0en \u00a0realidad \u00a0el \u00a0testigo \u00a0aclar\u00f3 que de quien \u00a0recib\u00edan \u00a0 su \u00a0bendici\u00f3n \u00a0los \u00a0pol\u00edticos \u00a0para \u00a0entrar \u00a0a \u00a0la \u00a0zona \u00a0era \u00a0del \u00a0\u201ccomandante \u00a0 \u00a0del \u00a0\u00e1rea\u201d, \u00a0siendo \u00a0que \u00a0a \u00a0partir \u00a0 \u00a0 del \u00a0 \u00a0 a\u00f1o \u00a0 \u00a0 2000 \u00a0 \u00a0\u201cJorge \u00a040\u201d era \u00a0comandante \u00a0del \u00a0Magdalena y el norte del Cesar, seg\u00fan lo sostenido por Mancuso \u00a0y el mismo Rodrigo Tovar Pupo. \u00a0\u00a0<\/p>\n<p>Ahora, \u00a0el supuesto de la acusaci\u00f3n seg\u00fan \u00a0el \u00a0 \u00a0cual \u00a0 el \u00a0 Cesar \u00a0 fue \u00a0 dividido \u00a0 territorialmente \u00a0 por \u00a0 \u201cJorge \u00a0 \u00a0 \u00a0 \u00a0 \u00a040\u201d \u00a0para las elecciones de Congreso 2002 \u00a0&#8211; \u00a0como \u00a0aconteci\u00f3 \u00a0con \u00a0el \u00a0Magdalena \u00a0&#8211; \u00a0a \u00a0partir de lo aseverado por Rafael \u00a0Garc\u00eda, \u00a0se \u00a0derrumba si se tiene en cuenta que \u00e9ste dijo haberlo escuchado de \u00a0Enrique \u00a0Osorio de la Rosa, quien al declarar lo niega, siendo interpretado ello \u00a0por \u00a0la \u00a0Fiscal\u00eda \u00a0como \u00a0consecuencia \u00a0del \u00a0temor por represalias en su contra, \u00a0concluyendo \u00a0que \u00a0de \u00a0todas \u00a0formas \u00a0as\u00ed \u00a0ha \u00a0debido \u00a0procederse, \u00a0es decir, se \u00a0descalific\u00f3 \u00a0al \u00a0testigo \u00a0con \u00a0suposiciones, \u00a0sin \u00a0advertir \u00a0que \u00a0Jos\u00e9 Morillo \u00a0tambi\u00e9n \u00a0descarta \u00a0aquella \u00a0divisi\u00f3n territorial con efectos electorales en la \u00a0declaraci\u00f3n \u00a0 que \u00a0 rinde, \u00a0como \u00a0tambi\u00e9n \u00a0lo \u00a0hizo \u00a0el \u00a0mismo \u00a0Rodrigo \u00a0Tovar \u00a0Pupo. \u00a0\u00a0<\/p>\n<p>En \u00a0cuanto \u00a0al \u00a0an\u00e1lisis \u00a0que \u00a0se hace del \u00a0an\u00f3nimo14 \u00a0que \u00a0da cuenta de la citada divisi\u00f3n del departamento hecha en la \u00a0reuni\u00f3n \u00a0celebrada \u00a0el \u00a0primero de noviembre de 2001 en una finca ubicada entre \u00a0los \u00a0municipios \u00a0de \u00a0El Banco y Guamal \u2013 \u00a0seg\u00fan \u00a0la \u00a0cual \u00a0el \u00a0centro-norte del Cesar se otorg\u00f3 a la dupla \u00a0Pimiento-Ram\u00edrez \u00a0 y \u00a0 el \u00a0 centro-sur \u00a0para \u00a0la \u00a0conformada \u00a0por \u00a0Ara\u00fajo-Dur\u00e1n \u00a0 -, \u00a0 que \u00a0 se \u00a0 asegura \u00a0correspondi\u00f3 \u00a0a \u00a0la \u00a0vivencia del proceso electoral del 2002 en ese territorio, \u00a0descalificando \u00a0las \u00a0explicaciones \u00a0del procesado; pas\u00f3 por alto la instructora \u00a0la \u00a0exigencia \u00a0de \u00a0la \u00a0legalidad \u00a0en \u00a0la \u00a0aducci\u00f3n \u00a0de la prueba para poder ser \u00a0valorada, \u00a0am\u00e9n \u00a0de \u00a0que \u00a0en \u00a0el \u00a0proceso \u00a0se \u00a0demostr\u00f3 \u00a0que para finales \u00a0 \u00a0de \u00a0 ese \u00a0 mes \u00a0 y \u00a0 a\u00f1o \u00a0 el \u00a0doctor \u00a0Ara\u00fajo \u00a0Castro no se \u00a0encontraba en el pa\u00eds. \u00a0\u00a0<\/p>\n<p>Lo \u00a0mismo \u00a0acontece al referir al documento \u00a0encontrado \u00a0 en \u00a0 el \u00a0campamento \u00a0de \u00a0\u201cJorge \u00a040\u201d en \u00a0San \u00a0\u00c1ngel-Magdalena, \u00a0que \u00a0hace relaci\u00f3n a un acuerdo pol\u00edtico de dirigentes \u00a0con \u00a0aspiraciones \u00a0al \u00a0Congreso, \u00a0realizado en Santa Marta el 22 de noviembre de \u00a02001, \u00a0rubricado en cada una de sus hojas por el se\u00f1alado cabecilla paramilitar \u00a0y \u00a0en \u00a0el \u00a0cual se encontr\u00f3 escrito a mano el nombre de Mauricio Pimiento y las \u00a0poblaciones \u00a0del \u00a0Cesar \u00a0donde \u00a0ampliamente le gan\u00f3 la contienda al acusado, el \u00a0cual \u00a0se \u00a0valora \u00a0en \u00a0contra \u00a0del \u00a0\u00faltimo \u00a0concibiendo que lo ocurrido en aquel \u00a0departamento \u00a0tambi\u00e9n \u00a0aconteci\u00f3 \u00a0en el Cesar, cuando lo evidenciado es que no \u00a0existi\u00f3 \u00a0en \u00a0\u00e9ste la referida divisi\u00f3n territorial, no se dispusieron pruebas \u00a0destinadas \u00a0a \u00a0demostrarla, \u00a0y \u00a0con las declaraciones de Moreno Panezo y Palacio \u00a0Ni\u00f1o \u00a0no \u00a0se \u00a0acredita \u00a0ello, \u00a0y, \u00a0por \u00a0ende, deviene desacertado tomarlos como \u00a0prueba \u00a0de \u00a0cargo \u00a0en su contra como lo hizo la Fiscal\u00eda, sin reparar en que lo \u00a0se\u00f1alado \u00a0respecto \u00a0de \u00a0los dirigentes pol\u00edticos que fueron amenazados y hasta \u00a0ultimados \u00a0por \u00a0los grupos de autodefensas, tan solo acreditaba la presencia del \u00a0paramilitarismo \u00a0 \u00a0en \u00a0 el \u00a0 Cesar \u00a0 \u2013 \u00a0lo \u00a0cual \u00a0nadie \u00a0niega \u00a0&#8211; \u00a0y \u00a0no \u00a0el \u00a0supuesto \u00a0acuerdo \u00a0entre esa \u00a0organizaci\u00f3n \u00a0 y \u00a0el \u00a0procesado, \u00a0pues \u00a0muchas \u00a0de \u00a0las \u00a0aludidas \u00a0v\u00edctimas \u00a0y \u00a0amenazados \u00a0 \u00a0 eran \u00a0 \u00a0precisamente \u00a0 \u00a0aliados \u00a0 \u00a0del \u00a0 \u00a0doctora \u00a0 \u00a0Ara\u00fajo \u00a0 Castro, \u00a0 mientras \u00a0 que \u00a0otras \u00a0correspond\u00edan \u00a0a \u00a0los a\u00f1os 2003 a 2005, cuando lo que aqu\u00ed se investiga es la \u00a0problem\u00e1tica electoral del a\u00f1o 2002. \u00a0\u00a0<\/p>\n<p>Es \u00a0el caso de la se\u00f1ora Ana Emilce Jaimes \u00a0Ardila, \u00a0esposa \u00a0del \u00a0notario \u00a0de Pailitas H\u00e9ctor Miranda Quimbayo, a quien los \u00a0paramilitares \u00a0inicialmente \u00a0le \u00a0propusieron cometer un fraude electoral y hasta \u00a0alterar \u00a0unas \u00a0escritura para finalmente ultimarlo, la cual asegura que nunca su \u00a0consorte \u00a0le dijo que se le hubiera exigido apoyar determinado candidato y menos \u00a0que \u00a0las \u00a0iniciales \u00a0amenazas en su contra se originaran por no haber votado por \u00a0el \u00a0acusado; \u00a0testimonio \u00a0que \u00a0ha \u00a0sido \u00a0tratado como prueba de cargo sin que la \u00a0Corte \u00a0y \u00a0la Fiscal\u00eda se percataran de que los paramilitares lo que persegu\u00edan \u00a0en \u00a0 \u00a0ese \u00a0 municipio \u00a0 no \u00a0 era \u00a0 aumentar \u00a0 la \u00a0 votaci\u00f3n \u00a0 de \u00a0 Ara\u00fajo \u00a0sino la de otro candidato y, ante \u00a0la \u00a0posici\u00f3n \u00a0del \u00a0notario \u00a0de \u00a0no \u00a0acceder a la presi\u00f3n, emerge claro que los \u00a0sufragios \u00a0 del \u00a0 procesado \u00a0quedaron \u00a0inc\u00f3lumes; \u00a0en \u00a0consecuencia, \u00a0no \u00a0puede \u00a0afirmarse \u00a0 que \u00a0 su \u00a0votaci\u00f3n \u00a0sea \u00a0el \u00a0fruto \u00a0de \u00a0un \u00a0acuerdo \u00a0suyo \u00a0con \u00a0los \u00a0paramilitares. \u00a0\u00a0<\/p>\n<p>As\u00ed \u00a0es que la prueba de cargo testimonial \u00a0citada \u00a0por el Vicefiscal y la primera instancia de la Fiscal\u00eda en forma alguna \u00a0sirve \u00a0 como \u00a0 sustento \u00a0para \u00a0inferir \u00a0el \u00a0presunto \u00a0acuerdo \u00a0entre \u00a0el \u00a0doctor \u00a0Ara\u00fajo Castro y \u201cJorge \u00a0 \u00a0 \u00a0 \u00a0 \u00a040\u201d. \u00a0\u00a0<\/p>\n<p>Por \u00a0otro \u00a0lado, \u00a0destaca \u00a0la \u00a0realidad del \u00a0atentado \u00a0sufrido \u00a0por \u00a0el \u00a0aquel \u00a0a \u00a0finales del a\u00f1o 2000 cuando adelantaba la \u00a0campa\u00f1a \u00a0pol\u00edtica \u00a0para \u00a0la gobernaci\u00f3n a favor del doctor Bola\u00f1o, entre los \u00a0municipios \u00a0de Pailitas y Pelaya, conforme con lo atestiguado por el acusado, el \u00a0conductor \u00a0del rodante en que se transportaba y sus escoltas, am\u00e9n de la tutela \u00a0fallada \u00a0por \u00a0el \u00a0Tribunal \u00a0Administrativo de Cundinamarca el 11 de diciembre de \u00a02002, \u00a0a \u00a0favor \u00a0del \u00a0primero, \u00a0sin \u00a0que \u00a0la \u00a0inexistencia de denuncia incida al \u00a0respecto, \u00a0no \u00a0obstante \u00a0que \u00a0el \u00a0doctor Ara\u00fajo Castro \u00a0dio \u00a0a conocer lo ocurrido a las autoridades policivas \u00a0del \u00a0lugar; \u00a0hecho \u00a0que \u00a0de \u00a0haber \u00a0acontecido, como lo admite el Vicefiscal, no \u00a0descartar\u00eda \u00a0su \u00a0posterior \u00a0acuerdo \u00a0con \u00a0los \u00a0paramilitares, \u00a0lo \u00a0cual deviene \u00a0inaceptable, \u00a0en \u00a0sana \u00a0l\u00f3gica, pues nadie va a aliarse con quien atent\u00f3 en su \u00a0contra, \u00a0para \u00a0luego \u00a0separarse \u00a0y \u00a0denunciarlos p\u00fablicamente como en efecto lo \u00a0hizo \u00a0el \u00a0acusado no solamente ante el Presidente de la Rep\u00fablica en septiembre \u00a0de \u00a02002 \u00a0\u2013 cuestion\u00e1ndose \u00a0que \u00a0para \u00a0entonces \u00a0ya \u00a0hab\u00eda \u00a0sido elegido &#8211; sino antes de cerrar su campa\u00f1a \u00a0pol\u00edtica \u00a0\u2013 \u00a0discurso en \u00a0Codazzi \u00a0&#8211; \u00a0y \u00a0el mismo d\u00eda de elecciones una vez conoci\u00f3 su votaci\u00f3n, por lo \u00a0que \u00a0no \u00a0puede \u00a0se\u00f1alarse \u00a0que tales denuncias carecieran de relevancia como lo \u00a0hace la Fiscal\u00eda en la audiencia. \u00a0\u00a0<\/p>\n<p>Y tampoco resulta ser una prueba de cargo el \u00a0testimonio \u00a0de \u00a0Jaime \u00a0Alberto \u00a0P\u00e9rez \u00a0Charrys, \u00a0quien ninguna imputaci\u00f3n hace \u00a0contra \u00a0el \u00a0procesado, \u00a0afirmando \u00a0que no lo conoce, para posteriormente, en los \u00a0medios \u00a0de comunicaci\u00f3n, manifestar que era un testigo pagado por la Fiscal\u00eda, \u00a0a \u00a0quien \u00a0esa \u00a0instituci\u00f3n\u00a0 \u00a0entreg\u00f3 un computador, seg\u00fan lo destac\u00f3 el \u00a0mismo \u00a0Fiscal \u00a0General \u00a0de \u00a0la Naci\u00f3n, por lo que no puede otorg\u00e1rsele ninguna \u00a0credibilidad. \u00a0\u00a0<\/p>\n<p>Critica \u00a0que \u00a0trate \u00a0de \u00a0desconocerse \u00a0el \u00a0recorrido \u00a0pol\u00edtico \u00a0de \u00a0la \u00a0familia Ara\u00fajo en el Cesar &#8211; el cual posibilitaba \u00a0significativamente \u00a0el \u00a0apoyo electoral a favor del procesado, como lo afirmaron \u00a0muchos \u00a0testigos, \u00a0ante \u00a0todo por tratarse de un movimiento pol\u00edtico antiguo -; \u00a0el \u00a0acuerdo \u00a0pol\u00edtico \u00a0celebrado \u00a0en el a\u00f1o 2000 entre los grupos Golpe, MRL y \u00a0Alas \u00a0es \u00a0avalado \u00a0inclusive \u00a0por \u00a0la familia Ochoa y la doctora Juana Ram\u00edrez, \u00a0dejando \u00a0claro que con secuestro o sin secuestro apoyar\u00edan al candidato de Alas \u00a0al \u00a0Senado \u00a0para \u00a0ser \u00a0rec\u00edprocos, \u00a0pues \u00a0participaban \u00a0mancomunadamente por la \u00a0gobernaci\u00f3n \u00a0del \u00a0Cesar, \u00a0la \u00a0alcald\u00eda de Valledupar y por el Senado; adem\u00e1s, \u00a0restar \u00a0importancia \u00a0a \u00a0la \u00a0gesti\u00f3n \u00a0desarrollada \u00a0a favor de la comunidad &#8211; en \u00a0especial \u00a0del \u00a0sur \u00a0del \u00a0Cesar \u00a0&#8211; por el doctor Ara\u00fajo \u00a0Castro, cuando de ella da cuenta la prueba testimonial \u00a0\u2013 entre la que se tiene la \u00a0declaraci\u00f3n \u00a0del \u00a0Ministro \u00a0de Minas, en lo relacionado con la instalaci\u00f3n del \u00a0gas \u00a0natural subsidiado, y otras obras relacionadas por los testigos -, factores \u00a0que \u00a0en \u00a0conjunto \u00a0influyeron \u00a0en \u00a0el \u00a0sufragante \u00a0al \u00a0momento \u00a0de \u00a0depositar su \u00a0voto. \u00a0\u00a0<\/p>\n<p>Ya en la etapa del juicio, tras la pr\u00e1ctica \u00a0de \u00a0las pruebas que hab\u00eda solicitado a la Fiscal\u00eda, se demostr\u00f3 el origen del \u00a0resultado \u00a0electoral \u00a0obtenido \u00a0por \u00a0el \u00a0doctor Ara\u00fajo \u00a0Castro \u00a0cuando \u00a0sali\u00f3 \u00a0elegido \u00a0como \u00a0senador para el \u00a0periodo \u00a0constitucional \u00a02002-2006, se estableci\u00f3 la manera como se desarroll\u00f3 \u00a0la \u00a0campa\u00f1a \u00a0pol\u00edtica \u00a0a \u00a0trav\u00e9s \u00a0de \u00a0los \u00a0l\u00edderes \u00a0que \u00a0en \u00a0las \u00a0ciudades y \u00a0poblaciones \u00a0del \u00a0departamento \u00a0del \u00a0Cesar adhirieron a \u00e9l, allegando la prueba \u00a0sobre \u00a0(i) \u00a0las \u00a0obras \u00a0que \u00a0gestion\u00f3 \u00a0desde \u00a0el \u00a0Congreso \u00a0en \u00a0beneficio de la \u00a0comunidad, \u00a0 especialmente \u00a0 del \u00a0sur \u00a0del \u00a0departamento; \u00a0(ii) \u00a0los \u00a0resultados \u00a0obtenidos \u00a0en \u00a0periodos \u00a0anteriores \u00a0y posteriores a la campa\u00f1a cuestionada, al \u00a0igual \u00a0que \u00a0los \u00a0de su padre y su t\u00eda; (iii) las alianzas pol\u00edticas celebradas \u00a0con \u00a0los movimientos Golpe y MRL, as\u00ed como (iv) los candidatos a la C\u00e1mara que \u00a0lo \u00a0 acompa\u00f1aron \u00a0 en \u00a0 esa \u00a0gesta \u00a0electoral \u00a0y \u00a0su \u00a0importancia \u00a0\u2013 \u00a0doctores \u00a0Dur\u00e1n, \u00a0Chaj\u00edn, Mor\u00f3n y \u00a0Monsalve \u00a0-, \u00a0a \u00a0m\u00e1s de acreditar la antig\u00fcedad y trascendencia del movimiento \u00a0pol\u00edtico \u00a0 \u00a0liderado \u00a0 \u00a0por \u00a0 \u00a0el \u00a0 doctor \u00a0 Ara\u00fajo \u00a0Castro, \u00a0con lo cual clarific\u00f3 el panorama probatorio \u00a0logrando \u00a0evidenciar \u00a0que \u00a0lo \u00a0ocurrido con los paramilitares en el Magdalena no \u00a0fue \u00a0lo \u00a0mismo \u00a0que aconteci\u00f3 en el Cesar, que no hubo la divisi\u00f3n territorial \u00a0con \u00a0fines \u00a0electorales \u00a0por \u00a0parte de \u201cJorge \u00a0 40\u201d \u00a0quien \u00a0ten\u00eda \u00a0incidencia en el norte, pues el sur era dominado por \u201cJuancho \u00a0 \u00a0 \u00a0 \u00a0Prada\u201d, \u00a0 quien \u00a0 no \u00a0 interfer\u00eda \u00a0 en \u00a0lo \u00a0pol\u00edtico, \u00a0tal y como lo depusieron Ever Antonio Santana torres, Javier Enrique \u00a0Guevara \u00a0Monsalve, James Enrique Romero S\u00e1nchez, Jes\u00fas Javier Su\u00e1rez Moscote, \u00a0Reimundo \u00a0Moreno \u00a0Fajardo, \u00a0Alonso Abuabara Noriega, Consuelo Arzuaga Arredondo, \u00a0Luis \u00a0Dorian \u00a0Quintero \u00a0Ballesteros, \u00a0Olga \u00a0Rojas \u00a0Trespalacios, \u00a0Eduardo Solano \u00a0Forero, \u00a0Jorge \u00a0Luis \u00a0Acosta \u00a0Felizzola, Andr\u00e9s Alfonso Riquett Rojano, Lourdes \u00a0Elena \u00a0Rueda \u00a0Ovalle, \u00a0Geoel \u00a0Castro \u00a0Sierra, \u00a0Sadith \u00a0Armenta Rodr\u00edguez \u00c1ngel \u00a0Francisco \u00a0Vega \u00a0Fuentes, \u00a0Mart\u00edn Antonio Aviles Aguilar, Diego Fernando Veloza \u00a0Duque, \u00a0Yenis \u00a0Edith \u00a0Gullo \u00a0Pe\u00f1a, Edgar Aris Murgas Rodr\u00edguez, Alexander Toro \u00a0P\u00e9rez, \u00a0Cesar Augusto Osorio Lozano, \u00c1ngel Osorio Lemus, con lo cual emerge la \u00a0inocencia del procesado. \u00a0\u00a0<\/p>\n<p>Ello \u00a0lo corrobora la prueba trasladada del \u00a0proceso \u00a0adelantado \u00a0por la Fiscal\u00eda contra Miguel Dur\u00e1n G\u00e9lvis, dentro de la \u00a0cual \u00a0se \u00a0cuenta \u00a0el \u00a0testimonio \u00a0de \u00a0la \u00a0doctora Juana Ram\u00edrez, descartando la \u00a0supuesta \u00a0pontencialidad \u00a0electoral \u00a0que \u00a0habr\u00eda \u00a0sido \u00a0la causa para que se le \u00a0exigiera \u00a0 \u00a0hacer \u00a0 \u00a0parte \u00a0 \u00a0del \u00a0 \u00a0listado \u00a0 del \u00a0 doctor\u00a0 \u00a0 Ara\u00fajo \u00a0Castro \u00a0al Senado 2002, que nunca \u00a0se \u00a0le \u00a0hizo; \u00a0los \u00a0de \u00a0Mauro Antonio Tapias Delgado, Jos\u00e9 El\u00edas Cruz e Israel \u00a0Obreg\u00f3n, \u00a0quienes \u00a0ratifican que la votaci\u00f3n obtenida por el acusado obedeci\u00f3 \u00a0a \u00a0factores \u00a0tales \u00a0como \u00a0la \u00a0tradici\u00f3n \u00a0pol\u00edtica \u00a0de \u00a0su familia, el contacto \u00a0directo \u00a0que ten\u00eda con la gente, su popularidad como actor de televisi\u00f3n y las \u00a0gestiones \u00a0realizadas \u00a0como \u00a0parlamentario en beneficio de distintas poblaciones \u00a0del \u00a0Cesar, \u00a0y \u00a0por \u00a0el \u00a0trabajo \u00a0constante realizado para ganar liderazgo en la \u00a0regi\u00f3n, \u00a0adem\u00e1s de haber descrito el ambiente socio-pol\u00edtico que se viv\u00eda en \u00a0aquella \u00a0\u00e9poca \u00a0y \u00a0la \u00a0influencia \u00a0paramilitar \u00a0que \u00a0en el sur del departamento \u00a0ten\u00eda \u00a0 \u00a0 \u201cJuancho \u00a0Prada\u201d, \u00a0 quien \u00a0al \u00a0no \u00a0incidir \u00a0 en \u00a0 pol\u00edtica, \u00a0 posibilit\u00f3 \u00a0el\u00a0 \u00a0normal \u00a0desenvolvimiento \u00a0del \u00a0proselitismo para aquella elecci\u00f3n. \u00a0\u00a0<\/p>\n<p>Lo \u00a0anterior se pone a tono con lo afirmado \u00a0por \u00a0Salvatore Mancuso en el sentido de que cada comandante ten\u00eda autonom\u00eda en \u00a0su \u00a0 \u00a0 \u00e1rea, \u00a0 \u00a0 corroborado \u00a0 \u00a0 ello \u00a0 \u00a0 por \u00a0 \u00a0 el \u00a0 \u00a0 propio \u00a0 \u00a0\u201cJuancho \u00a0 \u00a0 \u00a0 \u00a0Prada\u201d \u00a0 en \u00a0 declaraci\u00f3n \u00a0incorporada \u00a0al \u00a0sumario \u00a0\u00faltimamente \u00a0mencionado, \u00a0que \u00a0tambi\u00e9n \u00a0se \u00a0traslad\u00f3 \u00a0a \u00e9ste, donde \u00a0adem\u00e1s \u00a0de \u00a0indicar \u00a0la \u00a0zona \u00a0en \u00a0la \u00a0que \u00a0ejerc\u00eda \u00a0su mando, precis\u00f3 que no \u00a0influy\u00f3 \u00a0 \u00a0 en \u00a0 \u00a0 pol\u00edtica \u00a0 \u00a0porque \u00a0 \u00a0nunca \u00a0 \u00a0le \u00a0 \u00a0gust\u00f3 \u00a0 \u00a0\u2013 \u00a0 sobre \u00a0todo \u00a0lo \u00a0cual \u00a0su \u00a0hermano \u00a0Martiniano \u00a0Prada \u00a0lo \u00a0confirma -, que prohibi\u00f3 a sus hombres que lo hicieran y \u00a0que \u00a0no \u00a0supo \u00a0que \u00a0\u201cJorge \u00a040\u201d \u00a0hubiera \u00a0dividido el \u00a0departamento \u00a0del \u00a0Cesar \u00a0para \u00a0promocionar \u00a0candidatos al Congreso, personaje a \u00a0quien \u00a0apenas \u00a0conoci\u00f3 \u00a0cuando \u00a0se desmoviliz\u00f3 en marzo de 2006; divisi\u00f3n que \u00a0resulta \u00a0contradictoria \u00a0si \u00a0se \u00a0advierte \u00a0que \u00a0en \u00a0el sur del Cesar, candidatos \u00a0diferentes \u00a0al \u00a0acusado \u00a0&#8211; \u00a0a quien se le habr\u00eda asignado por los paramilitares \u00a0ese \u00a0 territorio \u00a0-, \u00a0obtuvieron \u00a0votaci\u00f3n, \u00a0contrario \u00a0a \u00a0lo \u00a0ocurrido \u00a0en \u00a0el \u00a0norte. \u00a0\u00a0<\/p>\n<p>La testigo Dioselina Ram\u00edrez &#8211; tra\u00edda a la \u00a0audiencia \u00a0por \u00a0la \u00a0Fiscal\u00eda \u00a0como \u00a0\u00faltima \u00a0carta en contra de su pupilo -, ya \u00a0hab\u00eda \u00a0declarado \u00a0dentro \u00a0del \u00a0proceso adelantado por la Corte contra el doctor \u00a0\u00c1lvaro \u00a0Mor\u00f3n \u00a0Cuello y tambi\u00e9n lo hizo en la investigaci\u00f3n que la Fiscal\u00eda \u00a0precluy\u00f3 \u00a0a \u00a0favor \u00a0de Miguel Dur\u00e1n, y en las tres declaraciones se contradijo \u00a0respecto \u00a0del \u00a0lugar \u00a0donde \u00a0conoci\u00f3 \u00a0al \u00a0procesado, \u00a0sobre \u00a0la \u00a0realidad de la \u00a0presunta \u00a0discusi\u00f3n que habr\u00eda tenido con \u00e9l y, acerca de lo acontecido en la \u00a0supuesta \u00a0reuni\u00f3n \u00a0ocurrida \u00a0en La Palestina, a la que dijo haber sido invitada \u00a0por \u00a0Alirio \u00a0Trujillo, \u00a0en \u00a0lo \u00a0que \u00a0la \u00a0controvierte Jes\u00fas Alfonso Dom\u00ednguez. \u00a0\u00a0<\/p>\n<p>As\u00ed, \u00a0no \u00a0puede \u00a0seguir \u00a0sosteni\u00e9ndose la \u00a0tesis \u00a0de \u00a0la acusaci\u00f3n, que contrar\u00eda no solo los hechos sino la l\u00f3gica y el \u00a0sentido \u00a0com\u00fan, \u00a0al \u00a0tomar \u00a0en \u00a0contra \u00a0del procesado la prueba que en realidad \u00a0explica \u00a0y \u00a0convalida la legalidad de su conducta. El fiscal interviniente en la \u00a0audiencia \u00a0desconoce \u00a0la \u00a0prueba allegada al juicio, con un argumento adicional, \u00a0seg\u00fan \u00a0el \u00a0cual, \u201cante la \u00a0misma \u00a0situaci\u00f3n de hecho corresponde la misma soluci\u00f3n de derecho\u201d, \u00a0 coincidiendo \u00a0con \u00a0la \u00a0columnista \u00a0Claudia \u00a0L\u00f3pez del diario El Tiempo, para quien dado que en los dem\u00e1s casos se \u00a0ha \u00a0condenado, en especial en el seguido contra Mauricio Pimiento, tambi\u00e9n debe \u00a0condenarse en \u00e9ste. \u00a0\u00a0<\/p>\n<p>Pero \u00a0aqu\u00ed no se advierte igual situaci\u00f3n \u00a0de \u00a0hecho \u00a0porque \u00a0el \u00a0doctor Pimiento estuvo ausente del pa\u00eds por m\u00e1s de tres \u00a0a\u00f1os \u00a0antes \u00a0de \u00a0su \u00a0elecci\u00f3n \u00a0como \u00a0senador \u00a0en el a\u00f1o 2002, alejado de toda \u00a0actividad \u00a0 pol\u00edtica, \u00a0 mientras \u00a0el \u00a0doctor \u00a0Ara\u00fajo \u00a0Castro \u00a0ha \u00a0permanecido \u00a0en \u00a0el \u00a0Congreso \u00a0desde 1994, \u00a0desarrollando \u00a0constante actividad como tambi\u00e9n lo hace en la comunidad para la \u00a0cual gestion\u00f3 la realizaci\u00f3n de diversas obras. \u00a0\u00a0<\/p>\n<p>En \u00a0el \u00a0documento \u00a0de San \u00c1ngel o Pacto de \u00a0Pivijay \u00a0se \u00a0encontr\u00f3 \u00a0el \u00a0nombre y las iniciales del doctor Pimiento en varias \u00a0oportunidades, \u00a0siendo corroborado el mismo con la interceptaci\u00f3n de la llamada \u00a0telef\u00f3nica \u00a0transcrita \u00a0por \u00a0la \u00a0Corte en el fallo mediante el cual lo condena, \u00a0quedando \u00a0 \u00a0 claro \u00a0 \u00a0 que \u00a0 \u00a0 se \u00a0 \u00a0 refiere \u00a0 \u00a0al \u00a0 \u00a0Magdalena \u00a0 \u00a0\u2013 \u00a0 cuyos \u00a0congresistas \u00a0han \u00a0aceptado \u00a0cargos, \u00a0 y \u00a0 algunos \u00a0han \u00a0sido \u00a0condenados \u00a0porque \u00a0los \u00a0grupos \u00a0paramilitares \u00a0impulsaron \u00a0sus \u00a0candidaturas en 2002 &#8211; y el norte del Cesar, donde ten\u00eda poder \u00a0\u201cJorge \u00a0 40\u201d, \u00a0sin que ninguna relaci\u00f3n tenga con \u00a0el acusado porque no estaba con ellos. \u00a0\u00a0<\/p>\n<p>La \u00a0votaci\u00f3n \u00a0del \u00a0doctor Pimiento en 2006 \u00a0contrasta \u00a0con \u00a0la obtenida en elecciones anteriores, lo cual dio pie a la Corte \u00a0para \u00a0se\u00f1alar \u00a0que \u00a0el \u00a0apoyo \u00a0obtenido \u00a0para ser electo en 2002 no obedeci\u00f3 a \u00a0alianzas \u00a0pol\u00edticas, \u00a0a \u00a0su gesti\u00f3n anterior ni a un proceso electoral normal, \u00a0mientras \u00a0que \u00a0el \u00a0doctor \u00a0Ara\u00fajo \u00a0Castro \u00a0en \u00a02006 \u00a0mantuvo \u00a0el \u00a0resultado \u00a0electoral de 2002, todo lo cual, \u00a0aunado \u00a0 al \u00a0 trabajo \u00a0 personal \u00a0 y \u00a0permanente \u00a0que \u00a0ha \u00a0venido \u00a0desarrollando \u00a0\u2013 \u00a0 obras \u00a0 gestionadas \u00a0\u2013 \u00a0y su inconformidad con \u00a0las \u00a0fuerzas paramilitares, espec\u00edficamente con las comandadas por \u201cJorge \u00a0 \u00a0 \u00a0 \u00a0 \u00a040\u201d, \u00a0como lo expuso en campa\u00f1a, el d\u00eda \u00a0de \u00a0su elecci\u00f3n y con posterioridad, lo que traduce es que no hay prueba que lo \u00a0comprometa y que es inocente del concierto para delinquir imputado. \u00a0\u00a0<\/p>\n<p>Ning\u00fan \u00a0 consenso \u00a0 ilegal \u00a0 con \u00a0 los \u00a0paramilitares \u00a0se \u00a0le \u00a0ha \u00a0demostrado \u00a0a \u00a0su defendido, ni se ha probado acuerdo \u00a0alguno \u00a0celebrado \u00a0con \u00a0el objeto de que accediera al Senado en el a\u00f1o 2002, ni \u00a0siquiera \u00a0bajo \u00a0la \u00a0consideraci\u00f3n \u00a0de \u00a0haberse \u00a0acudido al secuestro de V\u00edctor \u00a0Ochoa \u00a0Daza \u00a0para \u00a0obtener \u00a0una \u00a0mayor \u00a0votaci\u00f3n \u00a0a \u00a0su \u00a0favor, \u00a0pues \u00a0ya \u00a0hubo \u00a0preclusi\u00f3n \u00a0por \u00a0tal \u00a0delito \u00a0y \u00a0la \u00a0citada \u00a0finalidad \u00a0ha sido desvirtuada por \u00a0completo, \u00a0adem\u00e1s de que la presunta coautor\u00eda alentada con fines electorales, \u00a0evidencia \u00a0que \u00a0el \u00a0concierto se ha tratado de inferir a partir del secuestro y, \u00a0en tal virtud, al haberse precluido por \u00e9ste, sucumbe aqu\u00e9l. \u00a0\u00a0<\/p>\n<p>El \u00a0constre\u00f1imiento \u00a0al sufragante tampoco \u00a0puede \u00a0atribuirse, porque como ya se demostr\u00f3, las autodefensas de \u201cJorge \u00a0 \u00a0 \u00a0 \u00a0 \u00a040\u201d, \u00a0 a \u00a0 las \u00a0 cuales \u00a0se \u00a0refiere \u00a0la \u00a0acusaci\u00f3n, \u00a0no \u00a0ten\u00edan \u00a0dominio \u00a0en \u00a0el \u00a0sur del Cesar y, por ende, no pod\u00edan \u00a0influir \u00a0en \u00a0la \u00a0voluntad \u00a0popular para impedirle optar por la alternativa de su \u00a0preferencia. \u00a0\u00a0<\/p>\n<p>Con todo ello, solicita, en armon\u00eda con el \u00a0representante \u00a0del \u00a0Ministerio \u00a0P\u00fablico, \u00a0absolver \u00a0al \u00a0acusado \u00a0porque as\u00ed lo \u00a0impone la prueba y la justicia.\u00a0 \u00a0\u00a0<\/p>\n<p>CONSIDERACIONES DE LA CORTE \u00a0<\/p>\n<p>\u00a0 \u00a0\u00a0 \u00a0\u00a0 \u00a0Para \u00a0decidir, \u00a0la \u00a0Corte \u00a0abordar\u00e1 \u00a0los \u00a0siguientes \u00a0temas, en los \u00a0cuales \u00a0fijar\u00e1 \u00a0su \u00a0posici\u00f3n \u00a0respecto \u00a0de \u00a0los \u00a0alegatos \u00a0presentados por los \u00a0sujetos \u00a0procesales: \u00a0(i) \u00a0la \u00a0competencia; \u00a0(ii) la injerencia de Rodrigo Tovar \u00a0Pupo \u00a0 \u00a0alias \u00a0 \u00a0\u201cJorge \u00a040\u201d en el departamento del \u00a0Cesar \u00a0 y \u00a0 el \u00a0\u201cproyecto \u00a0pol\u00edtico\u201d \u00a0 de \u00a0 las \u00a0autodefensas; \u00a0(iii) \u00a0la divisi\u00f3n del dicho territorio en distritos electorales \u00a0impuesta \u00a0por \u00a0las \u00a0AUC \u00a0para las elecciones de Congreso 2002; (iv) el concierto \u00a0para \u00a0delinquir \u00a0agravado \u00a0y, (v) el constre\u00f1imiento al sufragante. \u00a0 \u00a0 \u00a0 \u00a0 \u00a0\u00a0<\/p>\n<p>\u00a0 \u00a0 \u00a0 \u00a0 \u00a0<\/p>\n<p>Primero.- \u00a0La competencia. \u00a0\u00a0<\/p>\n<p>Como antesala debe se\u00f1alarse, atendiendo a \u00a0que \u00a0el \u00a0doctor \u00a0\u00c1lvaro \u00a0Ara\u00fajo \u00a0Castro alega \u00a0que la resoluci\u00f3n de acusaci\u00f3n proferida en su contra no ha \u00a0debido \u00a0producirse, \u00a0acorde con la prueba incorporada al plenario para cuando se \u00a0adopt\u00f3 \u00a0dicha \u00a0decisi\u00f3n, \u00a0adem\u00e1s \u00a0de advertir que ignora si el concierto para \u00a0delinquir \u00a0agravado que se le imputa tiene que ver con presuntos acuerdos con el \u00a0bloque \u00a0 \u00a0norte \u00a0 \u00a0de \u00a0 \u00a0las \u00a0 \u00a0autodefensas \u00a0 \u00a0comandadas \u00a0 \u00a0por \u00a0 \u201cJorge \u00a0 \u00a0 \u00a0 \u00a0 \u00a040\u201d, \u00a0 o \u00a0 con \u00a0el \u00a0frente \u00a0\u201cJulio \u00a0 Peinado \u00a0 Becerra\u201d \u00a0 \u00a0dirigido \u00a0 \u00a0por \u00a0 \u00a0\u201cJuancho \u00a0 \u00a0 \u00a0 \u00a0Prada\u201d, \u00a0no obstante que finalmente reconoce \u00a0haber \u00a0sido acusado por lo primero, que mediante resoluci\u00f3n del veintid\u00f3s (22) \u00a0de \u00a0agosto de 2007, la Fiscal\u00eda Once Delegada acus\u00f3 al procesado como presunto \u00a0autor \u00a0del delito de concierto para delinquir agravado (art\u00edculo 340 inciso 2\u00ba \u00a0de \u00a0la \u00a0Ley \u00a0599 \u00a0de \u00a02000), \u00a0y \u00a0coautor \u00a0de los punibles de secuestro extorsivo \u00a0agravado \u00a0y \u00a0constre\u00f1imiento \u00a0al \u00a0sufragante \u00a0(art\u00edculos 169 y 170 &#8211; numerales \u00a02,5,7 \u00a0 y \u00a0 9 \u00a0 \u2013 \u00a0y \u00a0387 \u00a0ib\u00eddem), \u00a0con \u00a0las \u00a0circunstancias \u00a0gen\u00e9ricas \u00a0de agravaci\u00f3n previstas en los \u00a0numerales \u00a02 \u00a0y \u00a09 del art\u00edculo 58 \u00eddem y la de menor punibilidad de que trata \u00a0en \u00a0 \u00a0numeral \u00a0 1 \u00a0 del \u00a0 art\u00edculo \u00a0 55 \u00a0 ejusdem15. \u00a0\u00a0<\/p>\n<p>Contra dicha decisi\u00f3n se interpuso recurso \u00a0de \u00a0apelaci\u00f3n \u00a0por \u00a0la \u00a0Defensa \u00a0y el representante del Ministerio P\u00fablico, el \u00a0cual \u00a0fue \u00a0resuelto \u00a0por el Vicefiscal General de la Naci\u00f3n con providencia del \u00a0dieciocho \u00a0 \u00a0 (18) \u00a0 \u00a0 de \u00a0 \u00a0 enero \u00a0 \u00a0de \u00a0 \u00a0200816, \u00a0 decretando \u00a0 la \u00a0nulidad \u00a0parcial \u00a0de \u00a0lo \u00a0actuado \u00a0a partir del cierre de la investigaci\u00f3n, en lo que se \u00a0refiere \u00a0 a \u00a0 la \u00a0 imputaci\u00f3n \u00a0 que \u00a0 se \u00a0 le \u00a0 hizo \u00a0 al \u00a0doctor \u00a0Ara\u00fajo \u00a0Castro como coautor del delito de \u00a0secuestro \u00a0 extorsivo \u00a0 agravado \u00a0 y \u00a0 confirm\u00f3 \u00a0en \u00a0lo \u00a0dem\u00e1s \u00a0la \u00a0acusaci\u00f3n \u00a0cuestionada17, \u00a0sin \u00a0que \u00a0procesalmente \u00a0resulte admisible discutir nuevamente el \u00a0fondo \u00a0de \u00a0lo \u00a0all\u00ed decidido pues a partir del momento en que se suscribi\u00f3 ese \u00a0prove\u00eddo, \u00a0 \u00a0 \u00a0 \u00a0qued\u00f3 \u00a0 \u00a0 \u00a0 \u00a0en \u00a0 \u00a0 \u00a0 firme18. \u00a0\u00a0<\/p>\n<p>\u00a0 \u00a0\u00a0 \u00a0\u00a0 \u00a0As\u00ed \u00a0que \u00a0alegar \u00a0en \u00a0contra de la resoluci\u00f3n de acusaci\u00f3n a esta \u00a0altura \u00a0del \u00a0proceso, \u00a0sin \u00a0advertir \u00a0nulidad \u00a0que \u00a0haya podido generarse con la \u00a0misma, \u00a0s\u00f3lo \u00a0se puede entender como estrategia defensiva en procura de derruir \u00a0sus \u00a0conclusiones \u00a0y \u00a0con \u00a0miras a que se dicte una sentencia absolutoria, antes \u00a0que \u00a0con \u00a0el \u00a0\u00e1nimo de atacar la existencia en el proceso de la resoluci\u00f3n que \u00a0es, \u00a0nada \u00a0m\u00e1s \u00a0ni \u00a0nada menos, la base y fundamento del juicio y la sentencia. \u00a0\u00a0<\/p>\n<p>Ahora bien, sobre la competencia de la Sala, \u00a0desde \u00a0cuando se reasumi\u00f3 el conocimiento de la causa se anunci\u00f3 que, debido a \u00a0la \u00a0relaci\u00f3n, \u00a0nexo \u00a0o vinculaci\u00f3n entre las funciones desempe\u00f1adas por el ex \u00a0congresista \u00a0con \u00a0las conductas imputadas, de conformidad con los art\u00edculos 235 \u00a0ordinal \u00a03\u00ba \u00a0de \u00a0la \u00a0Constituci\u00f3n \u00a0Pol\u00edtica y 75 numeral 7\u00ba de la Ley 600 de \u00a02000, \u00a0la \u00a0Corte \u00a0es \u00a0competente para investigar y juzgar al doctor Ara\u00fajo Castro. \u00a0\u00a0<\/p>\n<p>\u00a0 \u00a0\u00a0 \u00a0\u00a0 \u00a0Ciertamente, \u00a0esa \u00a0posici\u00f3n \u00a0recogi\u00f3 \u00a0la \u00a0sostenida \u00a0en \u00a0auto \u00a0del \u00a0dieciocho \u00a0 \u00a0 (18) \u00a0 \u00a0 de \u00a0 \u00a0 abril \u00a0 \u00a0de \u00a0 \u00a0200719 \u00a0cuando se consider\u00f3 que la \u00a0mencionada \u00a0relaci\u00f3n \u00a0no \u00a0se \u00a0advert\u00eda, \u00a0acorde \u00a0con \u00a0la \u00a0para \u00a0entonces tesis \u00a0mayoritaria \u00a0de la Sala, seg\u00fan la cual solamente en los delitos propios y no en \u00a0los \u00a0comunes \u00a0pod\u00eda \u00a0advertirse \u00a0la relaci\u00f3n entre delito y funci\u00f3n reclamada \u00a0por \u00a0el \u00a0par\u00e1grafo \u00a0del \u00a0art\u00edculo \u00a0235 superior, para que la competencia de la \u00a0Corte \u00a0se \u00a0mantuviera, \u00a0pues \u00a0al reexaminar el asunto pudo observar que tambi\u00e9n \u00a0cuando \u00a0se \u00a0atribuye \u00a0un delito com\u00fan se conservaba la competencia, siempre que \u00a0pudiera \u00a0establecerse \u00a0el \u00a0nexo \u00a0entre la conducta il\u00edcita y las funciones, que \u00a0fue \u00a0justamente \u00a0lo \u00a0que \u00a0pudo \u00a0ocurrir \u00a0en este caso, en el que se le imputa al \u00a0procesado \u00a0haberse \u00a0concertado \u00a0con las autodefensas cuando se desempe\u00f1aba como \u00a0representante \u00a0a \u00a0la \u00a0C\u00e1mara \u00a0para \u00a0acceder \u00a0al cargo de Senador, tal y como se \u00a0indic\u00f3 en la providencia del pasado 15 de septiembre de 2009. \u00a0\u00a0<\/p>\n<p>Esa Tal postura ha sido ampliamente debatida \u00a0pues, \u00a0como \u00a0se \u00a0conoce, \u00a0tanto \u00a0el \u00a0Ministerio \u00a0P\u00fablico \u00a0como \u00a0la \u00a0Defensa han \u00a0cuestionado \u00a0la \u00a0legalidad \u00a0de \u00a0aquella decisi\u00f3n mediante sendas solicitudes de \u00a0nulidad \u00a0y \u00a0recursos interpuestos contra la negativa de la Corte a decretarla, y \u00a0a\u00fan \u00a0recientemente \u00a0cuando \u00a0el \u00a0acusado \u00a0allega \u00a0la decisi\u00f3n adoptada el 21 de \u00a0enero \u00a0 de \u00a0 2010 \u00a0 por \u00a0 el \u00a0 Comit\u00e9 \u00a0 de \u00a0 Derechos \u00a0 Humanos \u00a0de \u00a0la \u00a0Uni\u00f3n \u00a0Interparlamentaria, \u00a0a \u00a0la \u00a0cual \u00a0habr\u00eda \u00a0que \u00a0contestar lo siguiente, haciendo \u00a0hincapi\u00e9 \u00a0en \u00a0que \u00a0el C\u00f3digo de Procedimiento Penal aplicable es la Ley 600 de \u00a02000, \u00a0 \u00a0 \u00a0porque \u00a0 \u00a0 as\u00ed \u00a0 \u00a0 lo \u00a0 \u00a0 decidieron, \u00a0 \u00a0 precisamente, \u00a0 \u00a0 nuestros \u00a0legisladores20: \u00a0\u00a0<\/p>\n<p>(i) No es cierto que esta investigaci\u00f3n se \u00a0haya \u00a0iniciado \u00a0sorpresivamente \u00a0en contra del acusado y se haya tratado su caso \u00a0junto \u00a0 al \u00a0 de \u00a0 otras \u00a0 personas \u00a0contra \u00a0las \u00a0cuales \u00a0exist\u00edan \u00a0\u201cpruebas \u00a0 \u00a0 \u00a0 claras\u201d, \u00a0neg\u00e1ndose \u00a0la \u00a0Corte \u00a0a separar el \u00a0tratamiento \u00a0del enjuiciado perjudicando su defensa, porque en la misma fecha en \u00a0que \u00a0se \u00a0orden\u00f3 \u00a0la \u00a0apertura \u00a0de \u00a0la \u00a0instrucci\u00f3n, \u00a0debidamente informada, el \u00a0imputado \u00a0 \u00a0otorg\u00f3 \u00a0 \u00a0poder \u00a0 \u00a0a \u00a0 \u00a0su \u00a0 \u00a0abogado21 \u00a0y \u00a0desde \u00a0entonces \u00a0se \u00a0ha \u00a0ejercido \u00a0la defensa material y t\u00e9cnica; de otro lado, atendido el fuero de las \u00a0personas \u00a0contra las cuales se proced\u00eda, incluido el acusado, todos deb\u00edan ser \u00a0investigados \u00a0por \u00a0la misma cuerda procesal, de conformidad con lo dispuesto por \u00a0el art\u00edculo 91 de la Ley 600 de 2000. \u00a0\u00a0<\/p>\n<p>(ii) \u00a0En \u00a0manera \u00a0alguna representa para el \u00a0procesado \u00a0un \u00a0doble \u00a0juzgamiento \u00a0el \u00a0que \u00a0la \u00a0Sala \u00a0haya \u00a0resuelto reasumir el \u00a0conocimiento \u00a0de \u00a0la causa, pues precisamente en las decisiones relacionadas con \u00a0el \u00a0tema \u00a0\u2013 122 \u00a0y \u00a015 \u00a0de \u00a0septiembre, \u00a01 \u00a0y \u00a028 \u00a0de \u00a0octubre, \u00a0y \u00a03 \u00a0de \u00a0diciembre \u00a02009 \u00a0-, se determin\u00f3 \u00a0claramente \u00a0el \u00a0momento \u00a0oportuno para hacerlo, sin contratiempos, siendo que en \u00a0el \u00a0caso \u00a0concreto, por virtud de la renuncia a la curul, como ya se indic\u00f3, el \u00a0proceso \u00a0fue \u00a0remitido a la Fiscal\u00eda, seg\u00fan decisi\u00f3n del 18 de abril de 2008, \u00a0la \u00a0cual \u00a0cerr\u00f3 \u00a0la \u00a0investigaci\u00f3n \u00a0y \u00a0profiri\u00f3 \u00a0resoluci\u00f3n de acusaci\u00f3n el \u00a0veintid\u00f3s \u00a0(22) \u00a0de \u00a0agosto \u00a0de \u00a02007, la cual fue confirmada por el Vicefiscal \u00a0General \u00a0de \u00a0la Naci\u00f3n, dada la apelaci\u00f3n interpuesta, en lo que corresponde a \u00a0los \u00a0 delitos \u00a0de \u00a0concierto \u00a0para \u00a0delinquir \u00a0agravado \u00a0y \u00a0constre\u00f1imiento \u00a0al \u00a0sufragante, \u00a0con \u00a0resoluci\u00f3n \u00a0del \u00a018 \u00a0de enero de 2008 y, siguiendo las etapas \u00a0procesales \u00a0correspondientes, \u00a0luego \u00a0de \u00a0un cambio de radicaci\u00f3n, la causa fue \u00a0proseguida \u00a0por \u00a0el \u00a0Juzgado \u00a0Quinto \u00a0Penal \u00a0del \u00a0Circuito Especializado de esta \u00a0ciudad, \u00a0 donde \u00a0se \u00a0surtieron \u00a0las \u00a0audiencia \u00a0preparatoria \u00a0y \u00a0de \u00a0juzgamiento \u00a0correspondientes, culminando la \u00faltima el 22 de julio de 2009. \u00a0\u00a0<\/p>\n<p>El 2 de septiembre siguiente, atendiendo una \u00a0decisi\u00f3n \u00a0de \u00a0la \u00a0Sala \u00a0expedida \u00a0el \u00a0d\u00eda anterior en otro proceso, el juzgado \u00a0remiti\u00f3 \u00a0por \u00a0competencia \u00a0el \u00a0juicio \u00a0que \u00a0fue \u00a0reasumido \u00a0el 15 de septiembre \u00a0siguiente, \u00a0comenzando \u00a0entonces \u00a0el \u00a0debate \u00a0sobre \u00a0este tema, ya referido, que \u00a0razonablemente \u00a0ha \u00a0permitido \u00a0a \u00a0la \u00a0fecha producir la sentencia que legalmente \u00a0corresponde, \u00a0evidenciado todo ello que los hechos por los que se procede contra \u00a0el \u00a0doctor \u00a0Ara\u00fajo Castro no \u00a0han \u00a0sido \u00a0objeto \u00a0de investigaci\u00f3n en diferente actuaci\u00f3n penal y, por tanto, \u00a0ning\u00fan doble juzgamiento se aprecia. \u00a0\u00a0<\/p>\n<p>(iii) \u00a0En \u00a0el \u00a0auto del 15 de septiembre de \u00a02009 \u00a0de \u00a0lo \u00a0\u00fanico \u00a0que \u00a0la \u00a0Corte \u00a0se \u00a0ocup\u00f3 \u00a0fue \u00a0de discernir acerca de la \u00a0competencia \u00a0que \u00a0le \u00a0asigna el art\u00edculo 235 de la Constituci\u00f3n Pol\u00edtica y su \u00a0par\u00e1grafo \u00a0para \u00a0conocer \u00a0de \u00a0la \u00a0causa, \u00a0nunca \u00a0sobre \u00a0la \u00a0responsabilidad del \u00a0acusado, \u00a0como \u00a0para que se aduzca un eventual desconocimiento de la presunci\u00f3n \u00a0de \u00a0inocencia, \u00a0no \u00a0obstante \u00a0que \u00a0para \u00a0cuando \u00a0tal \u00a0decisi\u00f3n \u00a0se \u00a0adopta, \u00a0la \u00a0resoluci\u00f3n \u00a0 de \u00a0acusaci\u00f3n \u00a0est\u00e1 \u00a0en \u00a0firme, \u00a0conforme \u00a0con \u00a0las \u00a0reglas \u00a0del \u00a0procedimiento penal colombiano. \u00a0\u00a0<\/p>\n<p>(iv) \u00a0El \u00a0proceso, \u00a0una \u00a0vez \u00a0culminada \u00a0la \u00a0audiencia \u00a0p\u00fablica y reasumido por la Sala, es conocido por \u00e9sta en Pleno y no \u00a0por \u00a0uno \u00a0solo \u00a0de \u00a0sus \u00a0integrantes, lo cual garantiza adem\u00e1s del derecho a la \u00a0defensa, \u00a0el \u00a0mandato \u00a0constitucional \u00a0seg\u00fan \u00a0el \u00a0cual el \u00f3rgano l\u00edmite de la \u00a0jurisdicci\u00f3n \u00a0penal es quien debe ocuparse del juzgamiento de un ex congresista \u00a0\u2013 \u00a0en \u00a0este \u00a0caso -, como \u00a0quiera \u00a0que se trata de quien fuera representante m\u00e1ximo del poder legislativo, \u00a0tratamiento especial determinado por el fuero que lo cobija. \u00a0\u00a0<\/p>\n<p>(v) La sentencia se dicta teniendo en cuenta \u00a0toda \u00a0la investigaci\u00f3n cumplida y las diligencias realizadas, dentro de las que \u00a0se \u00a0cuenta \u00a0la audiencia p\u00fablica en la que los sujetos procesales, incluidos el \u00a0procesado \u00a0 y \u00a0 la \u00a0defensa, \u00a0tuvieron \u00a0la \u00a0ocasi\u00f3n \u00a0de \u00a0manifestar \u00a0todas \u00a0sus \u00a0inquietudes \u00a0en \u00a0relaci\u00f3n \u00a0con el desarrollo del proceso, las conducta punibles \u00a0imputadas \u00a0y \u00a0la \u00a0responsabilidad \u00a0cuestionada, \u00a0como \u00a0en \u00a0efecto lo hicieron el \u00a0doctor \u00a0Ara\u00fajo \u00a0Castro y su \u00a0defensor \u00a0\u2013 \u00a0por \u00a0lo \u00a0que \u00a0repetir \u00a0ante \u00a0la \u00a0Sala \u00a0y\/o \u00a0cualquiera de sus Magistrados deviene innecesario, \u00a0pues, \u00a0se \u00a0insiste, \u00a0ello \u00a0es \u00a0materia \u00a0del \u00a0an\u00e1lisis \u00a0que \u00a0debe cumplirse para \u00a0proferir \u00a0el \u00a0fallo \u00a0de \u00a0rigor \u00a0-; \u00a0y si \u00e9ste no es susceptible de recursos, es \u00a0porque \u00a0as\u00ed \u00a0lo consagr\u00f3 precisamente el legislador, teniendo en cuenta que se \u00a0trata \u00a0de \u00a0una \u00a0actuaci\u00f3n \u00a0que \u00a0se \u00a0adelanta en \u00fanica instancia por la Sala de \u00a0Casaci\u00f3n \u00a0Penal \u00a0de \u00a0la \u00a0Corte \u00a0Suprema \u00a0de Justicia, en el entendido de ser el \u00a0\u00f3rgano \u00a0de cierre de esta jurisdicci\u00f3n, cuyos integrantes tienen la suficiente \u00a0preparaci\u00f3n \u00a0y \u00a0conocimiento \u00a0para \u00a0no \u00a0ir \u00a0en \u00a0contrav\u00eda \u00a0de \u00a0las \u00a0garant\u00edas \u00a0procesales, \u00a0cuya \u00a0decisi\u00f3n \u00a0no \u00a0puede \u00a0ser \u00a0debatida \u00a0ante \u00a0otro \u00a0ente \u00a0de \u00a0la \u00a0jurisdicci\u00f3n penal. \u00a0\u00a0<\/p>\n<p>De otra parte, la defensa presenta un nuevo \u00a0escrito \u00a0referido \u00a0a \u00a0los \u00a0salvamentos \u00a0y \u00a0aclaraciones \u00a0de \u00a0voto a la decisi\u00f3n \u00a0mayoritaria \u00a0de \u00a0la \u00a0Sala \u00a0mediante \u00a0la \u00a0cual se reasumi\u00f3 el conocimiento de la \u00a0causa, \u00a0para \u00a0\u201cllamar la \u00a0atenci\u00f3n\u201d a fin de que al \u00a0producirse \u00a0 \u00a0 la \u00a0 \u00a0votaci\u00f3n \u00a0 \u00a0para \u00a0 \u00a0decidir \u00a0 \u00a0el \u00a0 \u00a0fallo \u00a0 \u00a0\u201cse \u00a0tenga \u00a0presente el sentido real y \u00a0jur\u00eddico \u00a0 \u00a0de \u00a0 \u00a0cada \u00a0 \u00a0una \u00a0 de \u00a0 las \u00a0 decisiones \u00a0 individuales \u00a0 de \u00a0 los \u00a0Magistrados\u201d &#8211; que es como \u00a0se \u00a0 procede \u00a0en \u00a0todos \u00a0los \u00a0casos \u00a0-, \u00a0criticando \u00a0las aclaraciones vertidas por dos de los Magistrados que \u00a0integran \u00a0la \u00a0Sala, sin aducir nuevos argumentos relacionados con la competencia \u00a0que \u00a0 \u00a0 \u00a0ameriten \u00a0 \u00a0 una \u00a0 \u00a0 respuesta \u00a0 \u00a0 de \u00a0 \u00a0 la \u00a0 \u00a0 Corte \u00a0 \u00a0 \u2013 \u00a0de \u00a0no \u00a0ser \u00a0para \u00a0indicar \u00a0que \u00a0las \u00a0decisiones \u00a0en \u00a0las \u00a0Corporaciones \u00a0judiciales \u00a0se \u00a0adoptan \u00a0por mayor\u00eda y, por \u00a0tanto, \u00a0no \u00a0se \u00a0comparte \u00a0la \u00a0tesis \u00a0de \u00a0la \u00a0defensa seg\u00fan la cual \u201cde \u00a0acuerdo \u00a0con \u00a0las argumentaciones \u00a0disidentes, \u00a0la \u00a0\u00fanica \u00a0decisi\u00f3n que pod\u00eda tomar la Sala era la de declararse \u00a0incompetente\u201d \u00a0-, \u00a0raz\u00f3n por la cual para \u00a0afirmar \u00a0que \u00a0la \u00a0Corte \u00a0es la que debe conocer de la causa con fundamento en el \u00a0par\u00e1grafo \u00a0del \u00a0art\u00edculo \u00a0235 \u00a0de \u00a0la \u00a0Constituci\u00f3n \u00a0Pol\u00edtica, \u00a0no \u00a0resultan \u00a0indispensables \u00a0mayores \u00a0reflexiones \u00a0que las expuestas ampliamente en los autos \u00a0del \u00a01 y 28 de octubre, y 3 de diciembre de 2009, en los que, entre otras cosas, \u00a0se dijo: \u00a0\u00a0<\/p>\n<p>\u201cConjugando \u00a0todas \u00a0estas \u00a0ideas \u00a0que \u00a0sin \u00a0duda \u00a0ponen \u00a0de \u00a0presente \u00a0el \u00a0rol del juez en la \u00a0actualidad \u00a0y, \u00a0desde \u00a0luego, a partir del contenido de la norma constitucional, \u00a0una \u00a0vez \u00a0hecho \u00a0el rastreo pertinente de la evoluci\u00f3n de la jurisprudencia, de \u00a0la \u00a0doctrina y de los planteamientos hechos dentro del mismo Congreso, encontr\u00f3 \u00a0la \u00a0Sala \u00a0un \u00a0nuevo \u00a0concepto sobre la competencia que tiene para conocer de las \u00a0actuaciones \u00a0adelantadas \u00a0contra \u00a0los \u00a0ex \u00a0congresistas \u00a0por la comisi\u00f3n de una \u00a0conducta \u00a0punible \u00a0de \u00a0las denominadas comunes, siempre y cuando tenga relaci\u00f3n \u00a0con \u00a0sus funciones, cuya tesis es precisamente aquella que el mismo memorialista \u00a0admite \u00a0 \u00a0 cuando \u00a0 \u00a0 asegura: \u00a0 \u00a0 \u201caunque \u00a0se \u00a0comparta \u00a0que \u00a0no \u00a0puede \u00a0constituir \u00a0un l\u00edmite que la \u00a0pr\u00f3rroga \u00a0del \u00a0fuero \u00a0del \u00a0par\u00e1grafo \u00a0del art\u00edculo 235 de la Constituci\u00f3n se \u00a0circunscriba \u00a0a \u00a0los denominados delitos propios, es en cada caso concreto, como \u00a0se \u00a0dijo, \u00a0donde \u00a0debe \u00a0analizarse \u00a0la \u00a0relaci\u00f3n \u00a0que \u00a0tendr\u00eda \u00a0en \u00a0el \u00a0evento \u00a0particular \u00a0el \u00a0delito \u00a0con la funci\u00f3n\u201d. \u00a0\u00a0<\/p>\n<p>Obs\u00e9rvese \u00a0 que \u00a0 en \u00a0 la \u00a0 providencia \u00a0cuestionada \u00a0se \u00a0afirma la competencia de la Corte cuando el delito atribuido es \u00a0de \u00a0los \u00a0llamados \u00a0propios \u00a0o \u00a0de \u00a0responsabilidad, \u00a0por cuanto \u00e9stos solamente \u00a0pueden \u00a0ser \u00a0cometidos atendiendo el cumplimiento de las funciones o el cargo y, \u00a0respecto \u00a0 de \u00a0las \u00a0conductas \u00a0punibles \u00a0que \u00a0pudieron \u00a0o \u00a0pueden \u00a0originar \u00a0una \u00a0conclusi\u00f3n \u00a0diversa \u00a0o dubitativa, se anunci\u00f3 que en cada caso particular debe \u00a0analizarse \u00a0para \u00a0establecer \u00a0si \u00a0el \u00a0delito \u00a0atribuido \u00a0tiene \u00a0relaci\u00f3n con la \u00a0funci\u00f3n \u00a0o \u00a0con \u00a0el cargo del congresista, evento en el cual la Sala mantiene o \u00a0recupera \u00a0la \u00a0competencia, \u00a0acorde \u00a0con \u00a0lo \u00a0previsto \u00a0en el art\u00edculo 235 de la \u00a0Constituci\u00f3n \u00a0Pol\u00edtica \u00a0y con lo advertido en la decisi\u00f3n del 1 de septiembre \u00a0anterior ya citada. \u00a0\u00a0<\/p>\n<p>\u00a0 \u00a0\u00a0 \u00a0 \u00a0(\u2026) \u00a0\u00a0<\/p>\n<p>Disposici\u00f3n \u00a0 invariable \u00a0 desde \u00a0 su \u00a0concepci\u00f3n \u00a0&#8211; art\u00edculo 235 de la C.P. &#8211; \u00a0cuyo par\u00e1metro es el eje que debe guiar al int\u00e9rprete cuando se \u00a0trata \u00a0 \u00a0de \u00a0 \u00a0aplicarla \u00a0 \u00a0a \u00a0 \u00a0situaciones \u00a0 \u00a0que \u00a0 pudieran \u00a0 satisfacer \u00a0 su \u00a0contenido23, \u00a0 como \u00a0en \u00a0efecto \u00a0ocurri\u00f3 \u00a0cuando \u00a0en \u00a0el \u00a0pasado \u00a0se \u00a0sostuvo \u00a0pac\u00edficamente \u00a0por \u00a0la \u00a0Sala, \u00a0hasta \u00a0el auto del 18 de abril de 2007, radicado \u00a026.942, \u00a0que \u00a0el \u00a0fuero \u00a0congresional \u00a0se \u00a0manten\u00eda, \u00a0pese a la p\u00e9rdida de tal \u00a0calidad, \u00a0siempre \u00a0que el delito atribuido al ex parlamentario tuviera relaci\u00f3n \u00a0con \u00a0sus \u00a0funciones, \u00a0por \u00a0virtud \u00a0de \u00a0lo \u00a0normado \u00a0en el par\u00e1grafo de la norma \u00a0superior. \u00a0\u00a0<\/p>\n<p>A \u00a0partir \u00a0de \u00a0la \u00a0decisi\u00f3n \u00a0\u00faltimamente \u00a0citada, \u00a0por \u00a0mayor\u00eda, \u00a0se \u00a0vari\u00f3 \u00a0la \u00a0inicial postura, en el entendido que la \u00a0pr\u00f3rroga \u00a0de \u00a0la \u00a0competencia \u00a0s\u00f3lo \u00a0operaba \u00a0si \u00a0el \u00a0v\u00ednculo entre el delito \u00a0atribuido \u00a0 \u00a0 y \u00a0 \u00a0 la \u00a0 \u00a0condici\u00f3n \u00a0 \u00a0de \u00a0 \u00a0congresista \u00a0 \u00a0era \u00a0 \u00a0\u201cdirecto \u00a0e \u00a0inmediato en t\u00e9rminos de \u00a0estar \u00a0 \u00a0 frente \u00a0 \u00a0a \u00a0 \u00a0lo \u00a0 \u00a0que \u00a0 \u00a0la \u00a0 \u00a0doctrina \u00a0 \u00a0denomina \u00a0 \u00a0\u2018delitos \u00a0 \u00a0 \u00a0propios\u201d \u00a0 \u00a024, \u00a0y dado que la asociaci\u00f3n \u00a0ilegal \u00a0para \u00a0promover \u00a0una \u00a0organizaci\u00f3n \u00a0armada no resultaba ser una conducta \u00a0exclusiva \u00a0y \u00a0excluyente que pudiera cometer un parlamentario en cumplimiento de \u00a0sus \u00a0funciones, \u00a0desaparec\u00eda \u00a0la \u00a0relaci\u00f3n entre el punible y las funciones, y \u00a0por \u00a0ende, \u00a0la \u00a0competencia \u00a0de la Corte para conocer de las investigaciones por \u00a0que \u00a0por \u00a0el \u00a0delito \u00a0de concierto para delinquir agravado se adelantaban contra \u00a0congresistas, cuando dejaban de ejercer el cargo. \u00a0\u00a0<\/p>\n<p>Esa es la interpretaci\u00f3n que ha cambiado, \u00a0tambi\u00e9n \u00a0por mayor\u00eda de la Sala, bajo el prisma de la norma constitucional que \u00a0asigna \u00a0la \u00a0competencia, \u00a0cuando \u00a0desde el auto del 1 de septiembre tantas veces \u00a0citado, se advirti\u00f3: \u00a0\u00a0<\/p>\n<p>\u201cCiertamente, \u00a0respecto \u00a0 de \u00a0 \u201cdelitos \u00a0propios\u201d \u00a0 el \u00a0 fuero \u00a0congresional \u00a0se \u00a0mantiene \u00a0en \u00a0cuanto \u00a0se \u00a0trate \u00a0de \u00a0conductas \u00a0inherentes \u00a0al \u00a0ejercicio \u00a0de \u00a0la funci\u00f3n p\u00fablica que corresponde a senadores y representantes \u00a0(art\u00edculos \u00a0150 \u00a0y \u00a0ss. \u00a0de \u00a0la Carta Pol\u00edtica), pero a la par de ello se debe \u00a0acudir \u00a0al \u00a0referido \u00a0par\u00e1grafo del art\u00edculo 235 de la Constituci\u00f3n cuando no \u00a0se \u00a0 trata \u00a0 espec\u00edficamente \u00a0 de \u00a0 \u201cdelitos \u00a0 \u00a0 \u00a0 propios\u201d, \u00a0 sino \u00a0 de \u00a0punibles \u00a0\u201cque \u00a0tengan \u00a0relaci\u00f3n \u00a0con las funciones desempe\u00f1adas\u201d por los congresistas, siempre que de \u00a0su \u00a0contexto \u00a0se \u00a0advierta \u00a0el \u00a0v\u00ednculo \u00a0con \u00a0la \u00a0funci\u00f3n \u00a0p\u00fablica propia del \u00a0Congreso. \u00a0\u00a0<\/p>\n<p>La \u00a0relaci\u00f3n \u00a0del \u00a0delito con la funci\u00f3n \u00a0p\u00fablica \u00a0tiene lugar cuando se realiza por causa del servicio, con ocasi\u00f3n del \u00a0mismo \u00a0o en ejercicio de funciones inherentes al cargo; esto es, que la conducta \u00a0tenga \u00a0origen \u00a0en \u00a0la actividad congresional, o sea su necesaria consecuencia, o \u00a0que \u00a0el \u00a0ejercicio \u00a0de \u00a0las \u00a0funciones \u00a0propias del congresista se constituya en \u00a0medio \u00a0y \u00a0oportunidad \u00a0propicia para la ejecuci\u00f3n del punible, o que represente \u00a0un desviado o abusivo ejercicio de funciones. \u00a0\u00a0<\/p>\n<p>Tal \u00a0es \u00a0el \u00a0caso \u00a0de \u00a0los \u00a0congresistas a \u00a0quienes \u00a0se \u00a0les imputa la conducta de concierto para delinquir agravado por sus \u00a0eventuales \u00a0v\u00ednculos \u00a0con \u00a0miembros \u00a0de \u00a0las autodefensas cuando ya ocupaba una \u00a0curul \u00a0en el Congreso de la Rep\u00fablica, proceder que si bien no es propio de sus \u00a0funciones, \u00a0en \u00a0cuanto \u00a0reunirse con delincuentes para orquestar la comisi\u00f3n de \u00a0delitos \u00a0 no \u00a0 es \u00a0ni \u00a0podr\u00e1 \u00a0ser \u00a0inherente \u00a0al \u00a0\u00e1mbito \u00a0funcional \u00a0de \u00a0dicha \u00a0Corporaci\u00f3n, \u00a0s\u00ed \u00a0pone \u00a0de presente, de un lado, que posiblemente hac\u00eda parte \u00a0de \u00a0dicha \u00a0organizaci\u00f3n criminal y, de otro, que de conformidad con la forma en \u00a0que \u00a0operaba \u00a0la \u00a0misma, se trataba presuntamente de un miembro calificado de la \u00a0misma a quien correspond\u00eda aportar dentro de su \u00e1mbito funcional. \u00a0\u00a0<\/p>\n<p>El anterior aserto cobra especial val\u00eda si \u00a0se \u00a0tiene \u00a0en cuenta que de conformidad con las reglas de la experiencia, en una \u00a0empresa \u00a0delictiva \u00a0cada \u00a0quien \u00a0aporta \u00a0aquello \u00a0de lo que tiene. As\u00ed pues, el \u00a0sicario \u00a0contribuir\u00e1 \u00a0con \u00a0la \u00a0muerte \u00a0material \u00a0de \u00a0personas; \u00a0el \u00a0experto \u00a0en \u00a0explosivos \u00a0colocar\u00e1 \u00a0y \u00a0activar\u00e1 \u00a0artefactos \u00a0de \u00a0acuerdo \u00a0a los planes de la \u00a0organizaci\u00f3n; \u00a0los \u00a0ide\u00f3logos \u00a0y \u00a0directores \u00a0trazar\u00e1n \u00a0las \u00a0directrices para \u00a0conseguir \u00a0los \u00a0objetivos \u00a0del grupo; los infiltrados en la fuerza p\u00fablica y en \u00a0la \u00a0administraci\u00f3n de justicia advertir\u00e1n sobre futuros operativos y tr\u00e1mites \u00a0o \u00a0procurar\u00e1n \u00a0la \u00a0impunidad \u00a0de las conductas que lleguen a su conocimiento en \u00a0los estrados judiciales. \u00a0\u00a0<\/p>\n<p>A su vez, el papel de un congresista en las \u00a0citadas \u00a0organizaciones \u00a0armadas \u00a0al \u00a0margen \u00a0de la ley, cuyo objetivo era el de \u00a0acceder \u00a0al \u00a0poder \u00a0por \u00a0medios \u00a0no \u00a0ortodoxos \u00a0e \u00a0ilegales ajenos a los canales \u00a0democr\u00e1ticos, \u00a0no \u00a0pod\u00eda \u00a0ser diverso al de poner al servicio del grupo ilegal \u00a0el \u00a0andamiaje \u00a0de sus funciones como senador de la rep\u00fablica; entonces, ingenuo \u00a0resulta \u00a0pensar \u00a0solamente \u00a0en \u00a0asistencias \u00a0aleatorias \u00a0a \u00a0las \u00a0reuniones, o en \u00a0calidad \u00a0de \u00a0simple \u00a0y \u00a0llano \u00a0espectador \u00a0o \u00a0bien \u00a0porque \u00a0los \u00a0delincuentes lo \u00a0consideraban \u00a0 \u00a0 \u00a0 \u00a0 \u00a0 \u00a0 \u00a0\u201cimportante\u201d \u00a0para la sociedad. \u00a0\u00a0<\/p>\n<p>En \u00a0este \u00a0sentido, \u00a0no \u00a0hay \u00a0duda \u00a0que \u00a0el \u00a0v\u00ednculo \u00a0de \u00a0congresistas \u00a0con \u00a0los \u00a0miembros \u00a0de \u00a0las \u00a0autodefensas \u00a0unidas de \u00a0Colombia, \u00a0no contaba con pretensi\u00f3n diversa a la de aportar cada uno lo que le \u00a0correspond\u00eda \u00a0para \u00a0trabajar \u00a0conjuntamente \u00a0en \u00a0el \u00a0prop\u00f3sito \u00a0com\u00fan. Unos a \u00a0partir \u00a0de \u00a0sus \u00a0destrezas, \u00a0otros \u00a0con su capacidad econ\u00f3mica o delincuencial; \u00a0algunos, \u00a0desde \u00a0el \u00a0ejercicio \u00a0de su condici\u00f3n de servidores p\u00fablicos dada su \u00a0representaci\u00f3n \u00a0del \u00a0pueblo \u00a0y dentro del \u00e1mbito de sus competencias regladas, \u00a0espec\u00edficamente \u00a0 su \u00a0 funci\u00f3n \u00a0 legislativa. \u00a0 Y, \u00a0esto \u00a0\u00faltimo, \u00a0en \u00a0cuanto \u00a0constitu\u00eda \u00a0prop\u00f3sito \u00a0medular \u00a0de \u00a0los \u00a0cabecillas \u00a0de la organizaci\u00f3n\u00a0 \u00a0infiltrar \u00a0todas \u00a0las instancias del Estado, seg\u00fan fue ampliamente divulgado en \u00a0los \u00a0medios de comunicaci\u00f3n, circunstancia que excluye la posibilidad de tildar \u00a0la \u00a0conducta \u00a0de \u00a0los \u00a0congresistas \u00a0involucrados en las reuniones ilegales como \u00a0meramente accidental o aleatoria. \u00a0\u00a0<\/p>\n<p>Y \u00a0si en desarrollo de la concertaci\u00f3n de \u00a0voluntades \u00a0para \u00a0cometer delitos un congresista utiliza alguna de sus funciones \u00a0p\u00fablicas \u00a0para \u00a0sacar \u00a0avante \u00a0los \u00a0prop\u00f3sitos \u00a0de \u00a0la organizaci\u00f3n criminal, \u00a0incurrir\u00e1 \u00a0en \u00a0un \u00a0concurso \u00a0de \u00a0conductas \u00a0punibles \u00a0toda vez que el delito de \u00a0concierto \u00a0para \u00a0delinquir \u00a0se configura de manera aut\u00f3noma e independiente por \u00a0el \u00a0 \u00a0simple \u00a0 \u00a0hecho \u00a0 \u00a0de \u00a0 \u00a0acordar \u00a0 \u00a0la \u00a0 \u00a0comisi\u00f3n \u00a0 de \u00a0 comportamientos \u00a0il\u00edcitos.\u201d \u00a0\u00a0<\/p>\n<p>De donde fluye con nitidez que lo examinado \u00a0por \u00a0 la \u00a0Sala \u00a0fue \u00a0lo \u00a0relativo \u00a0al \u00a0fuero \u00a0de \u00a0los \u00a0congresistas, \u00a0\u00fanicos \u00a0funcionarios \u00a0susceptibles de \u00a0ser \u00a0 \u201cinvestigados \u00a0y \u00a0juzgados\u201d \u00a0por la misma, \u00a0pese \u00a0 \u00a0a \u00a0 \u00a0cesar \u00a0 \u00a0en \u00a0 \u00a0el \u00a0 \u00a0ejercicio \u00a0 \u00a0de \u00a0 \u00a0su \u00a0 \u00a0cargo, \u00a0 \u201ccuando \u00a0 el \u00a0delito \u00a0imputado \u00a0tenga \u00a0relaci\u00f3n \u00a0 \u00a0 \u00a0 \u00a0con \u00a0 \u00a0 \u00a0 \u00a0las \u00a0 \u00a0 \u00a0 \u00a0funciones \u00a0 \u00a0 \u00a0 desempe\u00f1adas\u201d, \u00a0am\u00e9n de que en la providencia del \u00a0quince \u00a0(15) \u00a0de \u00a0septiembre \u00a0pasado, se se\u00f1alan las oportunidades en que deben \u00a0remitirse \u00a0las \u00a0diligencias, \u00a0dada la recuperaci\u00f3n de su competencia, seg\u00fan la \u00a0etapa \u00a0procesal \u00a0que \u00a0se \u00a0cumpla \u00a0acorde \u00a0con \u00a0lo que la ley prev\u00e9.\u201d \u00a0 \u00a025 \u00a0\u00a0<\/p>\n<p>\u201cObs\u00e9rvese que \u00a0la \u00a0Corte \u00a0ha \u00a0destacado \u00a0en \u00a0ambas \u00a0providencias \u00a0c\u00f3mo \u00a0lo \u00a0que \u00a0determina \u00a0el \u00a0mantenimiento \u00a0o \u00a0la \u00a0recuperaci\u00f3n \u00a0de \u00a0su competencia en los eventos en que se \u00a0investiga \u00a0o \u00a0juzga a un congresista no obstante haber cesado en el ejercicio de \u00a0su \u00a0 cargo, \u00a0por \u00a0cualquier \u00a0raz\u00f3n, \u00a0es \u00a0que \u00a0el \u00a0delito \u00a0o \u00a0delitos \u00a0imputados \u00a0tengan \u00a0relaci\u00f3n \u00a0con las \u00a0funciones \u00a0desempe\u00f1adas \u00a0y \u00a0nunca \u00a0que no \u00a0 la \u00a0tengan, \u00a0como \u00a0lo \u00a0se\u00f1ala \u00a0el \u00a0impugnante \u00a0en \u00a0su \u00a0escrito. \u00a0\u00a0<\/p>\n<p>(\u2026) \u00a0\u00a0<\/p>\n<p>Por \u00a0 lo \u00a0 que \u00a0 a \u00a0esta \u00a0altura \u00a0de \u00a0la \u00a0controversia, \u00a0resulta ins\u00f3lito lo expuesto al respecto por el recurrente en la \u00a0sustentaci\u00f3n \u00a0 \u00a0de \u00a0 \u00a0la \u00a0 \u00a0reposici\u00f3n \u00a0 \u00a0que \u00a0 \u00a0se \u00a0 \u00a0resuelve \u00a0 \u2013 \u00a0arriba \u00a0transcrito \u00a0-, \u00a0am\u00e9n de la \u00a0afirmaci\u00f3n \u00a0 \u00a0 que \u00a0 \u00a0 hace \u00a0 \u00a0en \u00a0 \u00a0el \u00a0 \u00a0sentido \u00a0 \u00a0de \u00a0 \u00a0que \u00a0 \u00a0\u201cuna \u00a0vez cesa su rol de parlamentario \u00a0ninguna \u00a0injerencia \u00a0puede \u00a0haber \u00a0en \u00a0el \u00a0ejercicio \u00a0de \u00a0las \u00a0ramas \u00a0del \u00a0poder \u00a0p\u00fablico\u201d, \u00a0ya \u00a0que \u00a0es \u00a0precisamente \u00a0 la \u00a0 relaci\u00f3n \u00a0 entre \u00a0 el \u00a0delito \u00a0atribuido \u00a0y \u00a0las \u00a0funciones \u00a0desempe\u00f1adas \u00a0por el congresista, aun cuando ha cesado su rol de parlamentario, \u00a0lo \u00a0que permite prorrogar la competencia de la Sala, acorde con lo dispuesto por \u00a0el par\u00e1grafo de la norma superior citada. \u00a0\u00a0<\/p>\n<p>Esto \u00a0es lo que razonadamente se ha venido \u00a0sustentando \u00a0en \u00a0las \u00a0decisiones \u00a0ya \u00a0mencionadas, \u00a0lo cual revela que jam\u00e1s la \u00a0Corporaci\u00f3n \u00a0ha entendido, y menos expuesto para distorsionar la naturaleza del \u00a0fuero \u00a0constitucional, \u00a0que \u00a0la \u00a0pr\u00f3rroga \u00a0de su competencia en estos casos sea \u00a0ilimitada \u00a0 \u00a0 o \u00a0 \u00a0indeterminada \u00a0 \u00a0\u2013 \u00a0como \u00a0lo \u00a0sostiene \u00a0el impugnante -, cuando, parad\u00f3jicamente, ha \u00a0insistido \u00a0sobre \u00a0los \u00a0t\u00e9rminos \u00a0concretos \u00a0en \u00a0que la Carta se la ha asignado, \u00a0tanto \u00a0que \u00a0el \u00a0mismo \u00a0recurrente \u00a0la \u00a0tilda \u00a0de haber hecho una interpretaci\u00f3n \u00a0meramente \u00a0gramatical \u00a0o \u00a0literal \u00a0por \u00a0circunscribirla a los delitos que tienen \u00a0relaci\u00f3n, \u00a0 \u00a0nexo, \u00a0 enlace, \u00a0 conexi\u00f3n \u00a0 o \u00a0 v\u00ednculo \u00a0 con \u00a0 las \u00a0 funciones \u00a0desempe\u00f1adas. \u00a0\u00a0<\/p>\n<p>(\u2026) \u00a0\u00a0<\/p>\n<p>Ahora, \u00a0cuando \u00a0la \u00a0Corte \u00a0ventil\u00f3 \u00a0en la \u00a0decisi\u00f3n \u00a0mediante \u00a0la \u00a0cual \u00a0reasumi\u00f3 \u00a0el \u00a0conocimiento \u00a0de \u00a0esta \u00a0causa, \u00a0lo \u00a0concerniente \u00a0al \u00a0delito \u00a0de \u00a0concierto \u00a0para \u00a0delinquir agravado por organizar, \u00a0armar \u00a0 \u00a0o \u00a0 \u00a0financiar \u00a0 \u00a0grupos \u00a0 \u00a0al \u00a0 \u00a0margen \u00a0 de \u00a0 la \u00a0 ley \u00a0 \u2013 \u00a0que \u00a0como \u00a0se \u00a0se\u00f1al\u00f3 contiene lo \u00a0resuelto \u00a0en \u00a0providencia del 1 de septiembre anterior, radicado 31.653 -, no se \u00a0ocup\u00f3 \u00a0 de \u00a0los \u00a0elementos \u00a0indispensables \u00a0para \u00a0su \u00a0configuraci\u00f3n, \u00a0que \u00a0por \u00a0supuesto, \u00a0no exigen un sujeto activo calificado ni contempla distinciones, como \u00a0lo \u00a0 \u00a0dice \u00a0 \u00a0el \u00a0 \u00a0memorialista, \u00a0 \u00a0\u201ccuando \u00a0es \u00a0cometido \u00a0por \u00a0un parlamentario, por quien ha dejado de \u00a0serlo \u00a0 o \u00a0por \u00a0quien \u00a0aspira \u00a0a \u00a0ello\u201d, \u00a0y \u00a0no \u00a0ten\u00eda \u00a0que \u00a0hacerlo \u00a0porque \u00a0de conformidad con la nueva \u00a0interpretaci\u00f3n \u00a0que \u00a0se \u00a0le \u00a0ha \u00a0dado \u00a0a la norma superior citada tantas veces, \u00a0aquello \u00a0que \u00a0determina la pr\u00f3rroga de la competencia de Sala en estos casos es \u00a0la \u00a0 relaci\u00f3n \u00a0entre \u00a0el \u00a0delito \u00a0 \u2013 \u00a0propio \u00a0y\/o \u00a0com\u00fan \u00a0&#8211; \u00a0atribuido \u00a0al \u00a0congresista que ha perdido tal condici\u00f3n \u2013 \u00a0sin interesar la raz\u00f3n de ello &#8211; y \u00a0las funciones que deb\u00eda desempe\u00f1ar. \u00a0\u00a0<\/p>\n<p>Esto \u00a0 tambi\u00e9n \u00a0 sirve \u00a0para \u00a0explicar, \u00a0contrario \u00a0a \u00a0lo que alega el impugnante, que al adoptarse por la Sala la actual \u00a0interpretaci\u00f3n \u00a0de la pr\u00f3rroga de su competencia en los t\u00e9rminos y limitantes \u00a0de \u00a0la \u00a0disposici\u00f3n \u00a0constitucional ya conocida, seg\u00fan se ha desentra\u00f1ado, si \u00a0bien \u00a0se \u00a0hizo \u00a0alusi\u00f3n al delito de concierto para delinquir por ser el que en \u00a0los \u00a0eventos \u00a0a \u00a0trav\u00e9s \u00a0de \u00a0los \u00a0cuales \u00a0se \u00a0resolvi\u00f3 \u00a0el \u00a0tema \u00a0\u2013 \u00a0radicados \u00a031.653 y el de que aqu\u00ed \u00a0se \u00a0 trata \u00a0\u2013, \u00a0gener\u00f3, \u00a0entre \u00a0otros, \u00a0las \u00a0actuaciones \u00a0penales \u00a0en contra de los ex congresistas all\u00ed \u00a0referidos, \u00a0la \u00a0competencia \u00a0de la Corte cobija todas las conductas punibles que \u00a0se \u00a0atribuyan a congresistas y que tengan vinculaci\u00f3n, nexo o relaci\u00f3n con sus \u00a0funciones, conforme con lo que la norma constitucional prev\u00e9. \u00a0\u00a0<\/p>\n<p>(\u2026) \u00a0\u00a0<\/p>\n<p>Ahora, en t\u00e9rminos del impugnante, con la \u00a0\u201caplicaci\u00f3n retroactiva \u00a0de \u00a0 \u00a0 \u00a0 \u00a0la \u00a0 \u00a0 \u00a0 jurisprudencia\u201d\u00a0 \u00a0&#8211; \u00a0asimilada \u00a0a \u00a0la ley &#8211; causar\u00eda incertidumbre que pueda \u00a0se\u00f1alarse \u00a0como equivocada una interpretaci\u00f3n anterior, producto de lo cual se \u00a0presentaran \u00a0 cambios \u00a0 al \u00a0respecto \u00a0\u201csin \u00a0 par\u00e1metros \u00a0de \u00a0constataci\u00f3n \u00a0que \u00a0permitan \u00a0confrontar \u00a0la \u00a0procedencia \u00a0 \u00a0 \u00a0 de \u00a0 \u00a0 \u00a0 las \u00a0 \u00a0 \u00a0variaciones \u00a0 \u00a0 \u00a0de \u00a0 \u00a0 \u00a0postura\u201d, relativizando con ello el principio \u00a0de \u00a0imparcialidad; por lo que se hace necesario recabar en lo ya ilustrado en el \u00a0sentido \u00a0de \u00a0que \u00a0la \u00a0\u00faltima \u00a0postura \u00a0de \u00a0la \u00a0Sala \u00a0sobre \u00a0la \u00a0pr\u00f3rroga de su \u00a0competencia, \u00a0reivindica \u00a0aquella \u00a0que \u00a0se \u00a0sostuvo \u00a0desde \u00a0la \u00a0vigencia \u00a0de \u00a0la \u00a0Constituci\u00f3n \u00a0hasta \u00a0cuando \u00a0en \u00a0prove\u00eddo \u00a0del \u00a018 de abril de 2007 &#8211; radicado \u00a026.942 \u00a0&#8211; \u00a0se \u00a0modific\u00f3, tal y como se dej\u00f3 expuesto en el auto del primero de \u00a0septiembre pasado, radicado 31.653. \u00a0\u00a0<\/p>\n<p>Porque \u00a0si \u00a0el \u00a0criterio mayoritario de la \u00a0Sala \u00a0encontr\u00f3 \u00a0que deb\u00eda recogerse aquella interpretaci\u00f3n de la norma por no \u00a0responder \u00a0integralmente \u00a0a \u00a0los \u00a0postulados \u00a0constitucionales, le correspond\u00eda \u00a0proceder \u00a0como \u00a0lo \u00a0hizo, exteriorizando razonadamente los elementos f\u00e1cticos y \u00a0jur\u00eddicos \u00a0que \u00a0le sirvieron de fundamento para hacerlo, lo cual destaca que lo \u00a0aplicable \u00a0a \u00a0los \u00a0casos \u00a0particulares que corresponde analizar a los operadores \u00a0judiciales, \u00a0sigue \u00a0siendo \u00a0el \u00a0par\u00e1grafo \u00a0del \u00a0art\u00edculo \u00a0235 superior &#8211; en el \u00a0entendido \u00a0se\u00f1alado \u00a0&#8211; \u00a0y, por ende, de lo que se trata es de la aplicaci\u00f3n de \u00a0la \u00a0voluntad \u00a0de \u00a0una \u00a0norma que ha regido desde 1991 y no de una jurisprudencia \u00a0aplicada \u00a0 \u00a0 hacia \u00a0 \u00a0 el \u00a0 \u00a0 pasado, \u00a0 \u00a0 como \u00a0 \u00a0 ya \u00a0 \u00a0se \u00a0 \u00a0dijo.\u201d \u00a0 \u00a026 \u00a0\u00a0<\/p>\n<p>\u201cComo bien lo \u00a0entiende \u00a0la misma defensa, la Sala recogi\u00f3 mediante el auto del primero (1) de \u00a0septiembre \u00a0 pasado \u00a0 \u2013 \u00a0radicado \u00a0 31.653 \u00a0 \u2013, \u00a0aquella \u00a0posici\u00f3n \u00a0seg\u00fan \u00a0la \u00a0cual \u00a0para \u00a0los \u00a0efectos \u00a0de \u00a0la pr\u00f3rroga de su \u00a0competencia \u00a0las \u00fanicas conductas punibles que podr\u00edan tener relaci\u00f3n con las \u00a0funciones \u00a0desempe\u00f1adas \u00a0por \u00a0los \u00a0congresistas \u00a0eran \u00a0los \u00a0denominados delitos \u00a0propios, \u00a0para \u00a0sostener \u00a0ahora \u00a0que \u00a0tambi\u00e9n \u00a0en \u00a0los \u00a0comunes \u00a0puede llegar a \u00a0presentarse \u00a0ese \u00a0v\u00ednculo; \u00a0apreciaci\u00f3n \u00a0de \u00a0la \u00a0cual \u00a0emerge, \u00a0contrario a lo \u00a0alegado \u00a0por \u00a0el \u00a0petente, que lo exigido por la Carta era la relaci\u00f3n entre el \u00a0delito \u00a0 imputado \u00a0 y \u00a0 las \u00a0 funciones \u00a0 asignadas \u00a0 por \u00a0 la \u00a0 misma \u00a0 a \u00a0 los \u00a0congresistas. \u00a0\u00a0<\/p>\n<p>Igual \u00a0acontece respecto del fuero militar \u00a0tra\u00eddo \u00a0 a \u00a0colaci\u00f3n \u00a0por \u00a0el \u00a0se\u00f1or \u00a0defensor, \u00a0el \u00a0cual \u00a0opera, \u00a0seg\u00fan \u00a0la \u00a0jurisprudencia, \u00a0cuando \u00a0confluyen \u00a0dos \u00a0elementos: uno de car\u00e1cter subjetivo &#8211; \u00a0ser \u00a0 miembro \u00a0 de \u00a0 la \u00a0 fuerza \u00a0 p\u00fablica \u00a0 en \u00a0servicio \u00a0activo \u00a0\u2013 \u00a0y, \u00a0otro de car\u00e1cter funcional que \u00a0consiste \u00a0en \u00a0que el delito debe tener relaci\u00f3n con el mismo servicio; contexto \u00a0dentro \u00a0del \u00a0cual \u00a0se \u00a0ha \u00a0se\u00f1alado, en contrav\u00eda de lo afirmado por el se\u00f1or \u00a0defensor, \u00a0que \u00a0\u201cson \u00a0de \u00a0competencia \u00a0de \u00a0la \u00a0jurisdicci\u00f3n \u00a0penal militar no s\u00f3lo aquellos delitos que, \u00a0por \u00a0su naturaleza, \u00fanicamente pueden ser cometidos por los miembros activos de \u00a0la \u00a0fuerza \u00a0p\u00fablica, \u00a0tales \u00a0como \u00a0el \u00a0abandono \u00a0del \u00a0comando \u00a0y del puesto; el \u00a0abandono \u00a0del \u00a0servicio; \u00a0la \u00a0insubordinaci\u00f3n, \u00a0etc, sino aquellos comunes \u00a0que \u00a0se \u00a0relacionen \u00a0directa \u00a0y \u00a0sustancialmente \u00a0con \u00a0las \u00a0funciones \u00a0que \u00a0constitucionalmente \u00a0est\u00e1 \u00a0llamada a \u00a0cumplir \u00a0 \u00a0 la \u00a0 \u00a0fuerza \u00a0 \u00a0p\u00fablica\u201d \u00a0 \u00a0 \u00a0 \u00a0 \u00a0 \u00a0 \u00a0 \u00a0 \u00a0 \u00a027 \u00a0(Negrillas \u00a0de \u00a0la \u00a0Sala). \u00a0\u00a0 \u00a0\u00a0<\/p>\n<p>En el mismo sentido y en forma un\u00e1nime se \u00a0pronunci\u00f3 \u00a0 \u00a0esta \u00a0 \u00a0Sala, \u00a0 \u00a0as\u00ed:\u201dLos \u00a0delitos \u00a0comunes \u00a0con \u00a0fuero \u00a0son \u00a0los previstos en el C\u00f3digo \u00a0penal \u00a0ordinario y sus leyes complementarias, cuando son cometidos por militares \u00a0en \u00a0servicio \u00a0activo \u00a0y en relaci\u00f3n con el mismo, verbigracia, el da\u00f1o en bien \u00a0ajeno \u00a0 (ibidem, \u00a0 art. \u00a0 283 \u00a0y \u00a0194)\u201d \u00a0 \u00a0 \u00a0 \u00a0 \u00a0 \u00a0 \u00a0 \u00a0 \u00a0 \u00a028. \u00a0\u00a0<\/p>\n<p>Y posteriormente con mayor amplitud, y por \u00a0ser \u00a0necesario \u00a0para \u00a0profundizar \u00a0en razones, se destaca lo argumentado en otra \u00a0decisi\u00f3n \u00a0de la Corte de la cual salvaron voto algunos de sus integrantes, pero \u00a0no por los razonamientos que a continuaci\u00f3n se citan: \u00a0\u00a0<\/p>\n<p>\u201c3.1 \u00a0 En \u00a0principio, \u00a0 todos \u00a0 los \u00a0 delitos \u00a0 \u2013propiamente \u00a0militares \u00a0y \u00a0la mayor\u00eda de los comunes- podr\u00edan ser \u00a0cometidos \u00a0por \u00a0militares \u00a0o \u00a0polic\u00edas en servicio activo y en relaci\u00f3n con el \u00a0mismo \u00a0servicio, \u00a0pues \u00a0en \u00a0el \u00a0mundo de lo f\u00e1ctico no se percibe obst\u00e1culo de \u00a0ninguna \u00a0especie \u00a0para \u00a0que \u00a0ello \u00a0pueda \u00a0suceder; \u00a0y \u00a0en el campo jur\u00eddico las \u00a0exclusiones son espec\u00edficas. \u00a0\u00a0<\/p>\n<p>En \u00a0efecto, \u00a0el \u00a0art\u00edculo 3\u00b0 del C\u00f3digo \u00a0Penal \u00a0 \u00a0Militar \u00a0 \u00a0(Ley \u00a0 \u00a0522 \u00a0 \u00a0de \u00a0 \u00a01999), \u00a0 \u00a0estipula \u00a0 que \u00a0 \u201cen \u00a0ning\u00fan caso podr\u00e1n considerarse \u00a0como \u00a0relacionados \u00a0con \u00a0el \u00a0servicio \u00a0los delitos de tortura, el genocidio y la \u00a0desaparici\u00f3n \u00a0forzada, \u00a0entendidos \u00a0en \u00a0los \u00a0t\u00e9rminos definidos en convenios y \u00a0tratados ratificados por Colombia.\u201d \u00a0\u00a0<\/p>\n<p>Quiere \u00a0ello \u00a0decir que, salvo los delitos \u00a0taxativamente \u00a0 excluidos, \u00a0el \u00a0fuero \u00a0militar \u00a0puede \u00a0extenderse \u00a0a \u00a0todos \u00a0los \u00a0il\u00edcitos, \u00a0sin consideraci\u00f3n a su gravedad, ni a la mayor o menor lesividad de \u00a0los bienes jur\u00eddicos. \u00a0\u00a0<\/p>\n<p>3.2. \u00a0Existe, \u00a0sin \u00a0embargo \u00a0una \u00a0postura \u00a0anfibol\u00f3gica \u00a0 diversa, \u00a0 que \u00a0pretende \u00a0recortar \u00a0al \u00a0m\u00e1ximo \u00a0el \u00a0\u00e1mbito \u00a0de \u00a0aplicaci\u00f3n \u00a0del fuero militar, consistente en afirmar que dentro de la funci\u00f3n \u00a0castrense \u00a0no \u00a0se \u00a0contempla \u00a0la \u00a0comisi\u00f3n de delitos, verbi gratia concusi\u00f3n, \u00a0hurto, \u00a0homicidio, etc., y que por ello, al incurrir tales il\u00edcitos se rompe el \u00a0nexo con el servicio y no se conserva el fuero. \u00a0\u00a0<\/p>\n<p>Se \u00a0precisa \u00a0advertir \u00a0que con esa visi\u00f3n \u00a0sesgada \u00a0 del \u00a0 asunto, \u00a0 sencillamente \u00a0el \u00a0fuero \u00a0militar \u00a0devendr\u00eda \u00a0en \u00a0una \u00a0instituci\u00f3n \u00a0insulsa, puesto que quedar\u00eda a cargo de la justicia penal militar \u00a0el \u00a0juzgamiento \u00a0de actos propios del servicio y, por supuesto, \u00e9stos nunca son \u00a0punibles. \u00a0\u00a0<\/p>\n<p>(\u2026) \u00a0\u00a0<\/p>\n<p>Es \u00a0decir, \u00a0por norma general, los delitos \u00a0\u2013propiamente militares y \u00a0comunes- \u00a0pueden tener relaci\u00f3n con el servicio. Solo que, por una decisi\u00f3n ex \u00a0ante \u00a0de \u00a0pol\u00edtica \u00a0criminal, los delitos de tortura, genocidio y desaparici\u00f3n \u00a0forzada \u00a0nunca se consideran relacionados con el servicio para efectos del fuero \u00a0castrense, \u00a0y \u00a0por \u00a0ello \u00a0fueron \u00a0excluidos expresamente en el art\u00edculo 3\u00b0 del \u00a0C\u00f3digo Penal Militar. \u00a0\u00a0<\/p>\n<p>(\u2026) \u00a0\u00a0<\/p>\n<p>Am\u00e9n \u00a0de lo anterior, si no fuese posible \u00a0que \u00a0en \u00a0desarrollo \u00a0de \u00a0las \u00a0tareas \u00a0de \u00a0la fuerza p\u00fablica se pudiesen cometer \u00a0delitos, \u00a0tambi\u00e9n \u00a0contemplados \u00a0en \u00a0el \u00a0C\u00f3digo \u00a0Penal \u00a0com\u00fan, ninguna raz\u00f3n \u00a0existir\u00eda \u00a0para \u00a0que \u00a0el \u00a0C\u00f3digo Penal Militar anterior (Decreto 2550 de 1988) \u00a0tipificara \u00a0a su vez una serie de il\u00edcitos que no son exclusivamente militares, \u00a0tales \u00a0 como \u00a0los \u00a0atentados \u00a0contra \u00a0la \u00a0administraci\u00f3n \u00a0p\u00fablica, \u00a0contra \u00a0la \u00a0administraci\u00f3n \u00a0 de \u00a0justicia, \u00a0contra \u00a0la \u00a0fe \u00a0p\u00fablica, \u00a0contra \u00a0la \u00a0libertad \u00a0individual, \u00a0 \u00a0contra \u00a0 \u00a0la \u00a0 \u00a0vida \u00a0 \u00a0y \u00a0 contra \u00a0 el \u00a0 patrimonio.\u201d \u00a0 \u00a029 \u00a0\u00a0<\/p>\n<p>Ahora, \u00a0 \u00a0las \u00a0 \u00a0funciones \u00a0 asignadas \u00a0constitucional \u00a0y \u00a0legalmente \u00a0a \u00a0los congresistas deben ser apreciadas a partir \u00a0del \u00a0 ejercicio \u00a0 de \u00a0 la \u00a0 actividad \u00a0 congresional \u00a0que \u00a0desarrollan \u00a0dada \u00a0la \u00a0representaci\u00f3n \u00a0popular \u00a0que \u00a0ostentan, \u00a0de \u00a0conformidad con lo dispuesto en el \u00a0art\u00edculo \u00a0133 de la Constituci\u00f3n, por lo que no se limitan simple y llanamente \u00a0a \u00a0las \u00a0labores \u00a0que \u00a0realizan \u00a0dentro \u00a0del \u00a0recinto \u00a0del \u00a0Congreso \u00a0sino que se \u00a0extienden \u00a0a \u00a0todos \u00a0aquellos \u00a0actos \u00a0en \u00a0los cuales la funci\u00f3n integral que su \u00a0investidura \u00a0conlleva \u00a0resulta \u00a0ser lo basilar para el desarrollo de los mismos; \u00a0como \u00a0tambi\u00e9n son concebidas, en el caso de los miembros de la fuerza p\u00fablica, \u00a0atendiendo \u00a0&#8220;las \u00a0actividades concretas que se orienten a cumplir o realizar las \u00a0finalidades \u00a0propias \u00a0de \u00a0las \u00a0fuerzas \u00a0militares &#8211; defensa de la soberan\u00eda, la \u00a0independencia, \u00a0la integridad del territorio nacional y del orden constitucional \u00a0&#8211; \u00a0y \u00a0de la polic\u00eda nacional &#8211; mantenimiento de las condiciones necesarias para \u00a0el \u00a0ejercicio de los derechos y libertades p\u00fablicas y la convivencia pac\u00edfica&#8221; \u00a030. \u00a0\u00a0<\/p>\n<p>Esta es la raz\u00f3n fundamental para sostener \u00a0que \u00a0la relaci\u00f3n entre la conducta punible y las funciones desempe\u00f1adas por el \u00a0congresista \u00a0que \u00a0ha \u00a0cesado \u00a0en \u00a0el ejercicio de su cargo, para los efectos del \u00a0mantenimiento \u00a0de \u00a0la \u00a0competencia \u00a0de \u00a0la \u00a0Sala \u00a0en \u00a0virtud \u00a0del par\u00e1grafo del \u00a0art\u00edculo \u00a0235 \u00a0superior, \u00a0no \u00a0se circunscribe a la comisi\u00f3n de los denominados \u00a0delitos \u00a0propios \u00a0sino \u00a0que \u00a0tambi\u00e9n \u00a0puede alcanzar los delitos comunes en los \u00a0cuales \u00a0emerja \u00a0el nexo, vinculaci\u00f3n o relaci\u00f3n con la funci\u00f3n, por lo que se \u00a0hace necesaria la valoraci\u00f3n concreta en cada caso. \u00a0\u00a0<\/p>\n<p>Ello \u00a0fue lo que germin\u00f3 del an\u00e1lisis de \u00a0los \u00a0hechos \u00a0por los cuales se juzga al doctor \u00c1lvaro \u00a0Ara\u00fajo \u00a0Castro, acorde con la acusaci\u00f3n formulada en \u00a0su \u00a0contra, \u00a0por \u00a0ser \u00a0aquella \u00a0sobre \u00a0la \u00a0cual \u00a0gira \u00a0el \u00a0desarrollo del juicio \u00a0\u2013 as\u00ed en criterio de la \u00a0defensa \u00a0haya \u00a0sido \u00a0desvirtuada \u00a0con \u00a0la \u00a0prueba recopilada en este estadio del \u00a0proceso \u00a0sobre lo cual se pronunciar\u00e1 el fallo de rigor -, seg\u00fan lo consignado \u00a0en \u00a0el \u00a0auto mediante el cual se reasumi\u00f3 el proceso y de acuerdo con lo que la \u00a0misma defensa ha reiterado al respecto. \u00a0\u00a0<\/p>\n<p>Recu\u00e9rdese \u00a0que \u00a0se formularon cargos (i) \u00a0por \u00a0la \u00a0presunta \u00a0alianza \u00a0del acusado con las autodefensas producto de la cual \u00a0conservar\u00eda \u00a0su \u00a0curul en el Congreso, concertada dentro del proyecto pol\u00edtico \u00a0desarrollado \u00a0por \u00a0la \u00a0organizaci\u00f3n \u00a0\u201ccomo \u00a0estrategia para ocupar espacios pol\u00edticos, expandir su \u00e1rea \u00a0de \u00a0influencia, \u00a0procurar \u00a0su \u00a0financiaci\u00f3n \u00a0y \u00a0tener voceros en las instancias \u00a0decisorias \u00a0de la Naci\u00f3n\u201d \u00a0y, \u00a0(ii) \u00a0porque \u00a0eventualmente la dominaci\u00f3n paramilitar en la regi\u00f3n habr\u00eda \u00a0orientado \u00a0 las \u00a0preferencias \u00a0del \u00a0electorado \u00a0hacia \u00a0el \u00a0entonces \u00a0congresista \u00a0aspirante \u00a0a ser reelegido, de donde fluye que la presunta vinculaci\u00f3n entre el \u00a0grupo \u00a0armado \u00a0y el procesado tuvo lugar en raz\u00f3n de la representaci\u00f3n popular \u00a0que \u00a0ostentaba y las funciones que como congresista ten\u00eda asignadas, las cuales \u00a0habr\u00eda \u00a0puesto \u00a0a \u00a0disposici\u00f3n \u00a0del \u00a0grupo \u00a0armado ilegal, de donde irrumpe su \u00a0relaci\u00f3n \u00a0directa \u00a0y \u00a0concreta \u00a0con \u00a0los \u00a0delitos imputados, por lo que se hace \u00a0indispensable \u00a0 proteger \u00a0 la \u00a0 integridad \u00a0y \u00a0autonom\u00eda \u00a0del \u00a0Congreso \u00a0de \u00a0la \u00a0Rep\u00fablica, \u00a0finalidad \u00a0que \u00a0persigue \u00a0la \u00a0instituci\u00f3n \u00a0del \u00a0fuero entendido en \u00a0raz\u00f3n de la investidura y no como privilegio personal. \u00a0\u00a0<\/p>\n<p>La \u00a0 \u00a0competencia \u00a0 \u00a0que \u00a0 se \u00a0 asigna \u00a0constitucionalmente \u00a0a \u00a0la \u00a0Corte, \u00a0como \u00a0m\u00e1ximo \u00a0organismo \u00a0de la jurisdicci\u00f3n \u00a0 \u00a0 ordinaria, \u00a0 \u00a0 para \u00a0que \u00a0conozca privativamente \u00a0de \u00a0la \u00a0investigaci\u00f3n y juzgamiento de las conductas punibles cometidas por los \u00a0congresistas \u00a0se \u00a0extiende: \u00a01) \u00a0a \u00a0los delitos perpetrados con antelaci\u00f3n a su \u00a0posesi\u00f3n \u00a0y en ejercicio del cargo, tengan o no relaci\u00f3n con sus funciones, si \u00a0el \u00a0proceso \u00a0se adelanta cuando se encuentran ocupando la curul (art\u00edculos 186, \u00a0234 \u00a0y \u00a0235.3 C. P.); 2) se mantiene, cuando cesan en el ejercicio del cargo, si \u00a0los \u00a0 delitos \u00a0 imputados \u00a0tienen \u00a0relaci\u00f3n \u00a0con \u00a0las \u00a0funciones \u00a0desempe\u00f1adas \u00a0(par\u00e1grafo \u00a0del art\u00edculo 235 ib\u00eddem) y, 3) a las conductas punibles cometidas \u00a0antes \u00a0de \u00a0obtener la condici\u00f3n de congresistas y que tengan relaci\u00f3n con esas \u00a0funciones, as\u00ed hayan perdido esa calidad.\u00a0 \u00a0\u00a0<\/p>\n<p>Por ende, aquellas conductas cometidas por \u00a0el \u00a0 congresista \u00a0que \u00a0ha \u00a0dejado \u00a0de \u00a0serlo \u00a0por \u00a0los \u00a0motivos \u00a0que \u00a0fuere, \u00a0no \u00a0relacionadas \u00a0con \u00a0las \u00a0funciones \u00a0que \u00a0desempe\u00f1aba, escapan a la \u00f3rbita de la \u00a0Corte \u00a0para ser objeto de\u00a0 investigaci\u00f3n y\/o juzgamiento por parte de otro \u00a0funcionario \u00a0 \u00a0de \u00a0 \u00a0menor \u00a0 jerarqu\u00eda, \u00a0 pero \u00a0 de \u00a0 la \u00a0 misma \u00a0 jurisdicci\u00f3n \u00a0 \u00a0 \u00a0 ordinaria.\u00a0 \u00a0\u00a0<\/p>\n<p>En consecuencia, mientras en el \u00faltimo los \u00a0delitos \u00a0cometidos \u00a0por \u00a0los \u00a0miembros de las fuerzas militares que no \u00a0tienen \u00a0relaci\u00f3n \u00a0con \u00a0el \u00a0servicio \u00a0escapan \u00a0a \u00a0la jurisdicci\u00f3n penal militar \u00a0 y, \u00a0 por \u00a0 tanto, \u00a0deben \u00a0ser \u00a0juzgados \u00a0por \u00a0otra \u00a0jurisdicci\u00f3n, \u00a0 \u00a0 la \u00a0 \u00a0ordinaria; \u00a0en \u00a0el fuero congresional el \u00a0\u00fanico \u00a0evento \u00a0sustra\u00eddo \u00a0al \u00a0conocimiento \u00a0de \u00a0la \u00a0Corte est\u00e1 referido a las \u00a0conductas \u00a0punibles \u00a0cometidas \u00a0por \u00a0los \u00a0congresistas \u00a0que \u00a0han \u00a0cesado \u00a0en \u00a0el \u00a0ejercicio \u00a0de \u00a0su \u00a0cargo \u00a0no \u00a0relacionadas \u00a0con \u00a0sus \u00a0funciones, el cual corresponde a una competencia interna \u00a0dentro \u00a0 \u00a0 de \u00a0 \u00a0 la \u00a0 \u00a0misma \u00a0 \u00a0jurisdicci\u00f3n \u00a0 \u00a0ordinaria, \u00a0 \u00a0como \u00a0 \u00a0ya \u00a0 \u00a0se \u00a0se\u00f1al\u00f3.\u00a0\u00a0\u00a0 \u00a0\u00a0<\/p>\n<p>Ese \u00a0 tratamiento \u00a0 diverso \u00a0 del \u00a0fuero \u00a0congresional \u00a0emana \u00a0de \u00a0la \u00a0finalidad \u00a0que \u00a0constitucionalmente \u00a0persigue y que \u00a0garantiza \u00a0a \u00a0los m\u00e1ximos representantes del poder legislativo ser investigados \u00a0y \u00a0juzgados \u00a0por \u00a0su \u00a0similar \u00a0del poder judicial en la jurisdicci\u00f3n ordinaria, \u00a0pues \u00a0en \u00a0caso \u00a0de \u00a0no \u00a0respetarse \u00a0el \u00a0mismo, \u00a0podr\u00eda ocurrir que miembros del \u00a0Congreso \u00a0que \u00a0han cesado en el ejercicio de su cargo que hayan cometido delitos \u00a0relacionados \u00a0con \u00a0las \u00a0funciones \u00a0desempe\u00f1adas, \u00a0pudieran ser investigados por \u00a0fiscales \u00a0y \u00a0juzgados \u00a0por \u00a0jueces distintos a la Corte Suprema de Justicia, que \u00a0fue, \u00a0precisamente lo que la Constituci\u00f3n de 1991 aboli\u00f3 al instituir el fuero \u00a0a \u00a0que se ha hecho referencia, en consonancia con lo cual el art\u00edculo 186 de la \u00a0Constituci\u00f3n \u00a0 Pol\u00edtica \u00a0 prev\u00e9: \u00a0 \u201cDe \u00a0los \u00a0delitos \u00a0que \u00a0cometan los congresistas, conocer\u00e1 en forma \u00a0privativa \u00a0la \u00a0Corte Suprema de Justicia, \u00fanica autoridad que podr\u00e1 ordenar su \u00a0detenci\u00f3n. \u00a0En \u00a0caso \u00a0de \u00a0flagrante \u00a0delito deber\u00e1n ser aprehendidos y puestos \u00a0inmediatamente \u00a0 \u00a0a \u00a0 \u00a0disposici\u00f3n \u00a0 de \u00a0 la \u00a0 misma \u00a0 corporaci\u00f3n\u201d. \u00a0\u00a0<\/p>\n<p>Qu\u00e9 \u00a0decir \u00a0si a lo anterior se agrega el \u00a0car\u00e1cter \u00a0restrictivo \u00a0del \u00a0fuero \u00a0militar, \u00a0acorde con los pronunciamientos de \u00a0esta \u00a0Corporaci\u00f3n, \u00a0la \u00a0Corte \u00a0Constitucional \u00a0y \u00a0la \u00a0Corte \u00a0Interamericana \u00a0de \u00a0derechos \u00a0Humanos, \u00a0precisamente \u00a0por \u00a0ser \u00a0una \u00a0excepci\u00f3n \u00a0a \u00a0las reglas de la \u00a0jurisdicci\u00f3n \u00a0ordinaria \u00a0que, \u00a0en \u00a0el \u00a0caso \u00a0de \u00a0los \u00a0congresistas \u00a0es \u00a0la \u00a0que \u00a0opera.\u201d \u00a0 31 \u00a0\u00a0<\/p>\n<p>Segundo.- \u00a0La \u00a0injerencia \u00a0de Rodrigo Tovar \u00a0Pupo \u00a0 \u00a0alias \u00a0 \u00a0\u201cJorge \u00a040\u201d en el departamento del \u00a0Cesar \u00a0 y \u00a0el \u00a0\u201cproyecto \u00a0 \u00a0 pol\u00edtico\u201d \u00a0 \u00a0 \u00a0 \u00a0 \u00a0 \u00a0de \u00a0 \u00a0 \u00a0 \u00a0 \u00a0 las \u00a0autodefensas.\u00a0 \u00a0\u00a0<\/p>\n<p>Uno \u00a0de los argumentos basilares esgrimidos \u00a0por \u00a0 el \u00a0 Ministerio \u00a0 P\u00fablico, \u00a0el \u00a0doctor \u00a0Ara\u00fajo \u00a0Castro \u00a0y \u00a0la \u00a0Defensa, \u00a0para solicitar al un\u00edsono la \u00a0absoluci\u00f3n, \u00a0es \u00a0que \u00a0el \u00a0denominado bloque norte de las autodefensas comandado \u00a0por \u00a0 Rodrigo \u00a0 Tovar \u00a0 Pupo, \u00a0alias \u00a0\u201cJorge \u00a040\u201d, no \u00a0ten\u00eda \u00a0injerencia \u00a0en \u00a0el \u00a0sur \u00a0del \u00a0departamento \u00a0&#8211; zona que de acuerdo con la \u00a0acusaci\u00f3n \u00a0se \u00a0le \u00a0asign\u00f3 \u00a0por esa organizaci\u00f3n al procesado, conforme con la \u00a0divisi\u00f3n \u00a0que \u00a0del \u00a0Cesar hiciera para las elecciones a Congreso 2002 -, porque \u00a0por \u00a0 aquella \u00a0 \u00e9poca \u00a0 all\u00ed \u00a0operaban \u00a0las \u00a0autodefensas \u00a0bajo \u00a0el \u00a0mando \u00a0de \u00a0\u201cJuancho Prada\u201d, \u00a0 quien \u00a0no \u00a0se \u00a0involucr\u00f3 \u00a0en \u00a0la \u00a0actividad pol\u00edtica. \u00a0\u00a0<\/p>\n<p>Sobre \u00a0 \u00a0tal \u00a0 \u00a0aseveraci\u00f3n, \u00a0 resulta \u00a0significativo \u00a0el \u00a0estudio \u00a0regional \u00a0\u201cDIN\u00c1MICA \u00a0RECIENTE \u00a0DE \u00a0LA CONFRONTACI\u00d3N ARMADA EN LA CONFLUENCIA \u00a0ENTRE \u00a0LOS \u00a0SANTANDERES \u00a0Y EL SUR DEL CESAR<\/p>\n<p>&#8211; Agosto \u00a0de \u00a02006 \u2013\u201c, \u00a0 publicado \u00a0 por \u00a0 el \u00a0observatorio \u00a0de \u00a0derechos \u00a0humanos \u00a0de \u00a0la \u00a0Vicepresidencia \u00a0 \u00a0 \u00a0de \u00a0 \u00a0 \u00a0la \u00a0 \u00a0 \u00a0Rep\u00fablica32, \u00a0 \u00a0en \u00a0 \u00a0el \u00a0 \u00a0cual \u00a0 \u00a0se \u00a0advierte: \u00a0\u00a0<\/p>\n<p>\u201cEn la segunda \u00a0fase, \u00a0que se extiende de 1997 a 2002, el principal cambio que se produce es que \u00a0las \u00a0autodefensas existentes se fueron integrando a organizaciones de mayor peso \u00a0regional. \u00a0En \u00a0Santander, se fueron articulando a las AUC, en un primer momento, \u00a0y \u00a0desde \u00a02000 al bloque Central Bol\u00edvar; en el Cesar y la mayor parte de Norte \u00a0de \u00a0Santander \u00a0estudiada, \u00a0las \u00a0Autodefensas \u00a0del Sur del Cesar se integraron al \u00a0bloque \u00a0 \u00a0Norte \u00a0 \u00a0de \u00a0 \u00a0las \u00a0 \u00a0AUC, \u00a0 \u00a0sobre \u00a0 todo \u00a0 desde \u00a0 1999.\u201d \u00a0 (p\u00e1g. \u00a028). \u00a0\u00a0<\/p>\n<p>A lo anterior se agrega la comisi\u00f3n de los \u00a0m\u00faltiples \u00a0 homicidios, \u00a0 secuestros, \u00a0 amenazas, \u00a0 desplazamientos \u00a0 y \u00a0dem\u00e1s \u00a0actividades \u00a0ilegales \u00a0desarrolladas \u00a0por \u00a0dicha \u00a0organizaci\u00f3n \u00a0en \u00a0la \u00a0regi\u00f3n \u00a0\u2013 \u00a0incluido \u00a0el \u00a0sur \u00a0del \u00a0departamento \u00a0y \u00a0previas \u00a0las \u00a0elecciones \u00a0de Congreso 2002 -, de los que fueron \u00a0v\u00edctimas, \u00a0entre \u00a0otras \u00a0personas, \u00a0seg\u00fan \u00a0lo \u00a0aseverado \u00a0por \u00a0el \u00a0acusado, su \u00a0defensor \u00a0y algunos de los declarantes, varios de sus amigos y copartidarios, lo \u00a0cual \u00a0corresponde \u00a0precisamente \u00a0al \u00a0apoderamiento \u00a0que \u00a0de esa zona cumpli\u00f3 el \u00a0grupo \u00a0armado \u00a0ilegal para someter al frente de autodefensas que ten\u00eda all\u00ed su \u00a0asentamiento \u00a0y, desde luego, a fin de lograr notoriedad como consecuencia de su \u00a0expansi\u00f3n \u00a0para \u00a0ganar \u00a0los \u00a0espacios \u00a0sociales \u00a0y \u00a0pol\u00edticos \u00a0propios \u00a0de \u00a0la \u00a0estrategia \u00a0que \u00a0a \u00a0nivel \u00a0nacional \u00a0ten\u00eda definido el estado mayor de las AUC, \u00a0reconocida \u00a0 por \u00a0 Salvatore \u00a0 Mancuso \u00a0G\u00f3mez \u00a0y \u00a0Rodrigo \u00a0Tovar \u00a0Pupo \u00a0en \u00a0sus \u00a0declaraciones. \u00a0\u00a0<\/p>\n<p>El \u00a0ex \u00a0presidente \u00a0de la Rep\u00fablica C\u00e9sar \u00a0Gaviria Trujillo dijo al respecto: \u00a0\u00a0<\/p>\n<p>\u201cpronto \u00a0descubr\u00ed \u00a0que en departamentos como el Magdalena el paramilitarismo despu\u00e9s de \u00a0consolidar \u00a0su \u00a0poder local con hechos de violencia, le impusieron su voluntad a \u00a0la \u00a0gente \u00a0o \u00a0los \u00a0ciudadanos imponi\u00e9ndoles candidatos, impidiendo la votaci\u00f3n \u00a0para \u00a0cualquiera \u00a0que \u00a0no \u00a0hiciera \u00a0parte \u00a0de su proceso e incluso alterando los \u00a0resultados \u00a0electorales. \u00a0De \u00a0que \u00a0hay claros indicios de que esto ocurri\u00f3, hay \u00a0amplia \u00a0evidencia \u00a0en \u00a0art\u00edculos \u00a0de \u00a0prensa \u00a0e \u00a0inclusive \u00a0hay \u00a0un \u00a0proceso de \u00a0estad\u00edsticas \u00a0que \u00a0muestra \u00a0como \u00a0una gran cantidad de votaciones at\u00edpicas por \u00a0fuera \u00a0de \u00a0los \u00a0promedios \u00a0nacionales \u00a0en \u00a0Magdalena, \u00a0Cesar, \u00a0Sucre \u00a0y en otros \u00a0departamentos \u00a0del \u00a0pa\u00eds tambi\u00e9n. Varios parlamentarios del partido liberal me \u00a0confirmaron \u00a0la veracidad de estos art\u00edculos de prensa y en el desarrollo de la \u00a0campa\u00f1a \u00a0 \u00a0pude \u00a0 \u00a0verificar \u00a0 \u00a0la \u00a0 validez \u00a0 de \u00a0 tales \u00a0 asertos\u201d.33 \u00a0\u00a0<\/p>\n<p>En relaci\u00f3n con la presencia y control que \u00a0ejerc\u00edan \u00a0 \u00a0 las \u00a0 \u00a0 autodefensas \u00a0 \u00a0 bajo \u00a0 \u00a0el \u00a0 \u00a0mando \u00a0 \u00a0de \u00a0 \u00a0\u201cJorge \u00a0 \u00a0 \u00a0 \u00a0 \u00a040\u201d \u00a0en \u00a0la \u00a0regi\u00f3n, \u00a0mucho antes de las \u00a0elecciones \u00a0de \u00a02002, \u00a0Rafael \u00a0Enrique \u00a0Garc\u00eda \u00a0Torres \u00a0se\u00f1al\u00f3: \u00a0\u201c \u00a0aproximadamente \u00a0durante \u00a0los a\u00f1os \u00a096,97, \u00a0las \u00a0autodefensas \u00a0unidas \u00a0de \u00a0Colombia, \u00a0a \u00a0trav\u00e9s \u00a0de aproximadamente \u00a0veinticinco \u00a0hombres de sus tropas, enviados por CARLOS CASTA\u00d1O a la regi\u00f3n de \u00a0Ariguan\u00ed, \u00a0comenzaron \u00a0a \u00a0hacer lo que ellos llaman abrir territorio, es decir, \u00a0ir \u00a0haciendo una especie de limpieza que llaman ellos de ese territorio, de todo \u00a0lo \u00a0 que \u00a0 ellos \u00a0tengan \u00a0de \u00a0informaci\u00f3n \u00a0que \u00a0est\u00e9 \u00a0relacionado \u00a0con \u00a0grupos \u00a0guerrilleros. \u00a0Luego de esto, se present\u00f3 en la regi\u00f3n SALVATORE MANCUSO quien \u00a0al \u00a0parecer \u00a0manten\u00eda una vieja amistad con AUGUSTO CASTRO PACHECHO, alias TUTO \u00a0CASTRO. \u00a0En \u00a0ese \u00a0momento \u00a0MANCUSO \u00a0cit\u00f3 \u00a0a JORGE 40, quien ya ten\u00eda grupos de \u00a0autodefensa \u00a0en \u00a0el \u00a0departamento \u00a0del \u00a0Cesar, \u00a0y \u00a0lo \u00a0design\u00f3 \u00a0como comandante \u00a0tambi\u00e9n \u00a0en \u00a0esa \u00a0\u00e1rea. \u00a0Desde \u00a0ese \u00a0momento, \u00a0los \u00a0grupos \u00a0de autodefensa que \u00a0exist\u00edan \u00a0en esa zona del departamento quedaron al mando de RODRIGO TOVAR PUPO, \u00a0JORGE \u00a040, \u00a0y \u00a0entraron \u00a0a \u00a0formar \u00a0parte de las estructuras de las autodefensas \u00a0unidas \u00a0de \u00a0Colombia. \u00a0En \u00a0ese \u00a0entonces, \u00a0a\u00f1o \u00a097, \u00a0esos grupos de autodefensa \u00a0comenzaron \u00a0 \u00a0 \u00a0 \u00a0su \u00a0 \u00a0 \u00a0 \u00a0intervenci\u00f3n \u00a0 \u00a0 \u00a0 \u00a0en \u00a0 \u00a0 \u00a0 \u00a0pol\u00edtica\u201d.34 \u00a0\u00a0<\/p>\n<p>Mientras \u00a0que \u00a0Cristian \u00a0Hernando \u00a0Moreno \u00a0Panezo, por su parte, expres\u00f3: \u00a0\u00a0<\/p>\n<p>\u201cA mediados de \u00a0la \u00a0d\u00e9cada \u00a0de \u00a0los \u00a0noventa \u00a0y \u00a0especialmente \u00a0a \u00a0finales \u00a0de ella, comenz\u00f3 a \u00a0evidenciarse \u00a0 en \u00a0 el \u00a0 Cesar \u00a0 el \u00a0 surgimiento \u00a0 de \u00a0 distintas \u00a0 estructuras \u00a0delincuenciales \u00a0 que \u00a0 fueron \u00a0ampliando \u00a0su \u00a0espectro \u00a0de \u00a0presencia, \u00a0control \u00a0territorial \u00a0y \u00a0ejercicio \u00a0de \u00a0poder \u00a0militar, \u00a0las \u00a0que fueron categ\u00f3ricamente \u00a0configuradas \u00a0al \u00a0cierre de esa d\u00e9cada en unas estructuras paramilitares que se \u00a0reconoc\u00edan \u00a0en \u00a0el \u00a0departamento, \u00a0comandadas \u00a0por \u00a0alias \u00a0JORGE \u00a0CUARENTA. \u00a0El \u00a0contexto \u00a0territorial \u00a0que \u00a0se \u00a0configur\u00f3 a partir de la estructura militar que \u00a0operaba \u00a0en \u00a0el departamento, ten\u00eda una clara y precisa definici\u00f3n geogr\u00e1fica \u00a0que \u00a0fuimos \u00a0comprendiendo \u00a0los pobladores del departamento, como quiera que era \u00a0directa \u00a0y continua la presencia y el poder de estos estamentos en las distintas \u00a0actividades \u00a0p\u00fablicas \u00a0y \u00a0privadas \u00a0que \u00a0se desarrollaban para entonces. Lo que \u00a0conoc\u00edamos \u00a0de \u00a0la \u00a0presencia \u00a0y actividad militar de la organizaci\u00f3n iniciaba \u00a0desde \u00a0el \u00a0municipio \u00a0de \u00a0San Alberto y San mart\u00edn, una regi\u00f3n sui generis que \u00a0era \u00a0reconocida por cuanto desde principios de los noventa se hab\u00eda establecido \u00a0all\u00ed \u00a0la \u00a0presencia \u00a0de una actor militar que ejerc\u00eda un modelo de autodefensa \u00a0local, \u00a0caracterizado \u00a0por \u00a0una \u00a0labor \u00a0de \u00a0protecci\u00f3n \u00a0defensa \u00a0de inmuebles y \u00a0predios \u00a0que \u00a0hab\u00edan \u00a0sido particularmente perseguidos por la guerrilla durante \u00a0toda \u00a0la d\u00e9cada de los a\u00f1os ochenta. Este modelo de autodefensa, que conviv\u00eda \u00a0con \u00a0los actores institucionales de alguna manera hab\u00eda logrado ciertos niveles \u00a0de \u00a0legitimidad \u00a0derivados de su acci\u00f3n estrictamente de protectorado y control \u00a0del \u00a0quehacer \u00a0delincuencial \u00a0que \u00a0afectaba \u00a0la \u00a0regi\u00f3n. \u00a0As\u00ed \u00a0entonces, se le \u00a0reconoc\u00eda \u00a0como \u00a0un \u00a0actor \u00a0desprevenido \u00a0de la acci\u00f3n pol\u00edtica y concentrado \u00a0fundamentalmente \u00a0en \u00a0su \u00a0quehacer \u00a0de \u00a0autodefensas. \u00a0Retomando el contexto del \u00a0cierre \u00a0de \u00a0la \u00a0d\u00e9cada \u00a0del \u00a0noventa, la regi\u00f3n de los municipios sucesivos me \u00a0refiero \u00a0 a \u00a0 Gamarra, \u00a0 Aguachica, \u00a0La \u00a0Gloria, \u00a0Pelaya, \u00a0Pailitas, \u00a0Curuman\u00ed, \u00a0Chimichagua \u00a0y \u00a0Chiriguan\u00e1, \u00a0fueron \u00a0situados \u00a0bajo \u00a0el \u00a0control \u00a0militar de un \u00a0comandante \u00a0conocido \u00a0con \u00a0el alias de OMEGA, quien situ\u00f3 su eje de poder en el \u00a0corregimiento \u00a0de Brisas, jurisdicci\u00f3n de Tamalameque desde donde orientaba sus \u00a0estructuras \u00a0militares \u00a0situadas \u00a0en \u00a0el \u00a0territorio \u00a0referido. \u00a0As\u00ed \u00a0mismo, se \u00a0conoc\u00eda \u00a0la \u00a0presencia \u00a0y \u00a0control \u00a0militar \u00a0que ejerc\u00eda el comandante militar \u00a0conocido \u00a0con \u00a0el alias de TOLEMAIDA, en los municipios de El Paso, Bosconia, El \u00a0Copey, \u00a0La \u00a0Jagua de Ibirico, Becerril y Codazzi. Territorio este donde comenz\u00f3 \u00a0a \u00a0ser \u00a0reconocido \u00a0por \u00a0las \u00a0acciones criminales y su sistem\u00e1tica presencia en \u00a0inmediaciones \u00a0del \u00a0\u00e1rea \u00a0rural \u00a0de la Jagua que alternaba con sectores rurales \u00a0del \u00a0municipio \u00a0de \u00a0San \u00a0\u00c1ngel \u00a0Magdalena, donde eran frecuentes los llamados y \u00a0requerimientos \u00a0a \u00a0distintas \u00a0personas \u00a0de la regi\u00f3n. Y de otra parte, hacia el \u00a0norte \u00a0 del \u00a0 departamento \u00a0fundamentalmente \u00a0en \u00a0los \u00a0corregimientos \u00a0altos \u00a0de \u00a0Valledupar \u00a0era \u00a0reconocida \u00a0la \u00a0presencia \u00a0de \u00a0TREINTA \u00a0Y NUEVE, quien ejerc\u00eda \u00a0control \u00a0militar incluso en el municipio de Pueblo Bello y la propia capital del \u00a0departamento \u00a0 (\u2026) \u00a0Esta \u00a0circunstancia \u00a0comenz\u00f3 \u00a0a \u00a0evidenciarse \u00a0especialmente hacia el a\u00f1o 2000-2001, \u00a0cuando \u00a0comenzaba \u00a0a \u00a0ser \u00a0expl\u00edcita \u00a0la \u00a0crisis de gobernabilidad local cuando \u00a0directamente \u00a0la \u00a0organizaci\u00f3n \u00a0paramilitar \u00a0comenz\u00f3 \u00a0a \u00a0coaccionar \u00a0alcaldes, \u00a0concejales, \u00a0gerentes \u00a0de hospital, gerentes de empresas p\u00fablicas (\u2026) \u00a0El \u00a0nivel \u00a0de \u00a0control \u00a0que \u00a0para \u00a0entonces, \u00a0me \u00a0refiero \u00a0al \u00a0a\u00f1o \u00a02001 hab\u00eda alcanzado el paramilitarismo en la \u00a0institucionalidad \u00a0p\u00fablica \u00a0local \u00a0era especialmente evidente en los municipios \u00a0m\u00e1s \u00a0pr\u00f3ximos a los lugares de residencia de los comandantes regionales que he \u00a0referido\u201d.35 \u00a0\u00a0<\/p>\n<p>\u201c(\u2026) para la \u00e9poca del debate electoral \u00a0de \u00a02002 \u00a0el \u00a0departamento del Cesar estaba plenamente controlado, especialmente \u00a0en \u00a0 los \u00a0 municipios \u00a0y \u00a0\u00e1reas \u00a0distintas \u00a0a \u00a0su \u00a0capital, \u00a0por \u00a0el \u00a0fen\u00f3meno \u00a0paramilitar. \u00a0El \u00a0control \u00a0territorial que se denotaba por la presencia continua \u00a0de \u00a0esta \u00a0organizaci\u00f3n \u00a0al \u00a0margen \u00a0de \u00a0la \u00a0ley \u00a0era pat\u00e9tica en las cabeceras \u00a0municipales\u00a0 \u00a0donde \u00a0incluso \u00a0los \u00a0sitios \u00a0de residencia de los comandantes \u00a0locales \u00a0 eran \u00a0p\u00fablicamente \u00a0reconocidos, \u00a0as\u00ed \u00a0como \u00a0los \u00a0miembros \u00a0llamados \u00a0comandos \u00a0que \u00a0integraban \u00a0su \u00a0red armada en las respectivas cabeceras. De igual \u00a0forma \u00a0el \u00a0control \u00a0rural \u00a0era \u00a0ejercido \u00a0desde unos campamentos que situaron en \u00a0fincas \u00a0estrat\u00e9gicamente situadas que les permit\u00edan f\u00e1cil desplazamiento y el \u00a0control \u00a0 de \u00a0 corredores \u00a0estrat\u00e9gicos \u00a0para \u00a0su \u00a0movilizaci\u00f3n \u00a0(\u2026) \u00a0este tipo de comentarios a los que \u00a0me \u00a0he \u00a0referido eran continuos cuando en mis llegadas a la ciudad de Valledupar \u00a0encontraba \u00a0 distintas \u00a0reuniones \u00a0en \u00a0la \u00a0calle \u00a0donde \u00a0de \u00a0manera \u00a0abierta \u00a0la \u00a0ciudadan\u00eda \u00a0 comentaba \u00a0 en \u00a0 el \u00a0 sentido \u00a0 que \u00a0 he \u00a0se\u00f1alado \u00a0(\u2026) las organizaciones paramilitares se \u00a0establecieron \u00a0en \u00a0el \u00a0Cesar en las zonas y regiones que tradicionalmente fueron \u00a0controladas \u00a0por \u00a0la \u00a0guerrilla, y que una vez llegadas aquellas lo que hicieron \u00a0estas \u00a0fue \u00a0replegarse de tal forma que resulta muy complicado precisar cu\u00e1l es \u00a0el \u00a0 punto \u00a0 de \u00a0 quiebre \u00a0 de \u00a0la \u00a0presencia \u00a0de \u00a0unos \u00a0y \u00a0otros \u00a0(\u2026) \u00a0 el \u00a0 proceso \u00a0 de \u00a0 control \u00a0del \u00a0paramilitarismo \u00a0 hacia \u00a0lo \u00a0p\u00fablico \u00a0fue \u00a0allanado \u00a0desde \u00a0la \u00a0vida \u00a0municipal \u00a0(\u2026) mi conocimiento sobre \u00a0estos \u00a0hechos \u00a0corresponde \u00a0a \u00a0una observaci\u00f3n directa de las circunstancias en \u00a0que \u00a0 \u00a0fueron \u00a0 \u00a0penetrados \u00a0 \u00a0los \u00a0 \u00a0estamentos \u00a0 \u00a0municipales \u00a0 \u00a0(\u2026) \u00a0preciso en esta diligencia que fue \u00a0para \u00a0las elecciones municipales de 2000 cuando no particip\u00e9 ni presencialmente \u00a0en \u00a0la \u00a0campa\u00f1a \u00a0ni \u00a0con \u00a0mi \u00a0voto \u00a0efectivo por estar fuera del pa\u00eds para ese \u00a0entonces. \u00a0Entre tanto para las elecciones congresionales de 2002\u00a0\u00a0 lo \u00a0que \u00a0decid\u00ed al observar el claro fen\u00f3meno de penetraci\u00f3n que hab\u00eda alcanzado \u00a0el \u00a0paramilitarismo \u00a0en las actividades p\u00fablicas y privadas de la vida local en \u00a0el \u00a0Cesar \u00a0para \u00a0esa \u00a0\u00e9poca, \u00a0fue \u00a0apartarme de mi connatural condici\u00f3n de ser \u00a0activo \u00a0agente \u00a0del \u00a0grupo \u00a0pol\u00edtico \u00a0MIR \u00a0donde \u00a0siempre he estado vinculado y \u00a0solamente \u00a0en \u00a0visitas \u00a0ocasionales \u00a0que \u00a0hacia \u00a0al \u00a0departamento \u00a0del \u00a0Cesar me \u00a0enteraba \u00a0de \u00a0la \u00a0din\u00e1mica \u00a0local y departamental y por supuesto el d\u00eda de las \u00a0elecciones \u00a0 consign\u00e9 \u00a0 mi \u00a0 voto \u00a0 a \u00a0 favor \u00a0 de \u00a0 los \u00a0 candidatos \u00a0 de \u00a0 mi \u00a0preferencia\u201d. \u00a0 \u00a0 \u00a0 \u00a0 \u00a0 \u00a0 \u00a0 \u00a0 \u00a0 \u00a036 \u00a0\u00a0<\/p>\n<p>Carmen \u00a0Alicia \u00a0Rivera Medina destaca c\u00f3mo \u00a0por \u00a0 \u00a0 esa \u00a0 \u00a0 \u00e9poca \u00a0 \u00a0 alias \u00a0 \u00a0\u201c39\u201d \u00a0ejerc\u00eda \u00a0injerencia \u00a0 \u00a0 en \u00a0 \u00a0Valledupar: \u00a0 \u00a0\u201c\u00c9l \u00a0era \u00a0un \u00a0personaje \u00a0que \u00a0en Valledupar todo el mundo le ten\u00eda \u00a0terror \u00a0y el comentario general era que amarraba la gente, hac\u00eda detener en los \u00a0caminos, \u00a0cobraba \u00a0a los que iban en los carros, \u00e9l era una persona que todo el \u00a0mundo \u00a0 tem\u00eda \u00a0(\u2026) \u00a0Por \u00a0ejemplo \u00a039 \u00a0hac\u00eda \u00a0brigadas en los pueblos donde \u00e9l estaba y obligaba que los \u00a0m\u00e9dicos \u00a0asistieran \u00a0y \u00a0las \u00a0EPS \u00a0mandaran \u00a0medicinas, a tal punto que quien no \u00a0hac\u00eda \u00a0lo \u00a0que \u00a0\u00e9l quisiera alguna reprimenda le daba. Fue una \u00e9poca de mucha \u00a0presi\u00f3n \u00a0para \u00a0toda \u00a0la \u00a0comunidad \u00a0vallenata \u00a0en todos los niveles\u201d.37 \u00a0\u00a0<\/p>\n<p>Ana \u00a0 Emilce \u00a0Jaimes \u00a0Ardila, \u00a0igualmente \u00a0adujo: \u00a0\u00a0<\/p>\n<p>\u201cEn \u00a0 el \u00a0municipio \u00a0de \u00a0Pailitas mi esposo H\u00c9CTOR MIRANDA QUIMBAYO desempe\u00f1aba el cargo \u00a0como \u00a0notario \u00a0\u00fanico \u00a0y recibi\u00f3 en varias ocasiones presiones de los grupos de \u00a0autodefensas \u00a0que operaban en el municipio. Estas presiones se presentaron en el \u00a0a\u00f1o \u00a02002, \u00a0en \u00a0el \u00a0mes \u00a0de \u00a0marzo, cuando para unas elecciones, no recuerdo el \u00a0candidato \u00a0que estaba en ese momento en campa\u00f1a, asist\u00ed con H\u00c9CTOR a una cita \u00a0en \u00a0el \u00a0corregimiento \u00a0de Palestina, jurisdicci\u00f3n del municipio de Tamalameque, \u00a0con \u00a0el \u00a0jefe \u00a0de \u00a0autodefensas \u00a0que \u00a0operaba \u00a0en ese municipio, conocido con el \u00a0nombre \u00a0 de \u00a0HAROLD. \u00a0En \u00a0esa \u00a0cita \u00a0se \u00a0le \u00a0propon\u00eda \u00a0cambiar \u00a0los \u00a0resultados \u00a0electorales \u00a0 a \u00a0 favor \u00a0 de \u00a0 un \u00a0candidato \u00a0respaldado \u00a0por \u00a0las \u00a0autodefensas \u00a0(\u2026)\u00a0 En esa reuni\u00f3n \u00a0estuvo \u00a0(\u2026) HAROL Y OMEGA, \u00a0jefes \u00a0 \u00a0 \u00a0de \u00a0 \u00a0 \u00a0las \u00a0 \u00a0 \u00a0autodefensas \u00a0 \u00a0 \u00a0de \u00a0 \u00a0 \u00a0Pailitas \u00a0 \u00a0 (\u2026) \u00a0Pailitas \u00a0se \u00a0ha caracterizado por \u00a0ser \u00a0 \u00a0un \u00a0 \u00a0pueblo \u00a0 en \u00a0 el \u00a0 que \u00a0 se \u00a0 ejerce \u00a0 mucha \u00a0 presi\u00f3n\u201d. \u00a0\u00a0<\/p>\n<p>Tambi\u00e9n \u00a0relat\u00f3 \u00a0que \u00a0Joel \u00a0Rinc\u00f3n, \u00a0ex \u00a0alcalde \u00a0de \u00a0Pailitas, \u00a0fue \u00a0asesinado \u00a0por las autodefensas en el a\u00f1o 2000, lo \u00a0mismo \u00a0que \u00a0su \u00a0esposo \u00a0el \u00a018 de septiembre de 200238, \u00a0 datos \u00a0que \u00a0fueron\u00a0 \u00a0confirmados \u00a0por \u00a0el \u00a0acusado \u00a0y Javier Enrique Guevara Monsalve, quien sobre la \u00a0presencia \u00a0 \u00a0de \u00a0 \u00a0las \u00a0 \u00a0autodefensas \u00a0 \u00a0en \u00a0 \u00a0la \u00a0 zona \u00a0 dijo: \u00a0 \u201cEn \u00a0el \u00a0a\u00f1o \u00a01996 \u00a0o quiz\u00e1s un poco \u00a0antes \u00a0han \u00a0estado \u00a0haciendo \u00a0apariciones en el municipio de Pailitas, hab\u00eda un \u00a0denominado \u00a0YIMIS \u00a0en \u00a01998, no se que se har\u00eda el se\u00f1or, \u00faltimamente el jefe \u00a0que \u00a0 \u00a0 se \u00a0 \u00a0 nombraba \u00a0 \u00a0mucho \u00a0 \u00a0por \u00a0 \u00a0ah\u00ed \u00a0 \u00a0le \u00a0 \u00a0dec\u00edan \u00a0 \u00a0\u201cOMEGA\u201d, uno sent\u00eda temor de estar por ah\u00ed \u00a0pero \u00a0no \u00a0se \u00a0pod\u00eda \u00a0hacer \u00a0m\u00e1s \u00a0nada\u201d. \u00a0 \u00a0 \u00a0 \u00a0 \u00a0 \u00a0 \u00a0 \u00a0 \u00a0 \u00a039 \u00a0\u00a0<\/p>\n<p>Jos\u00e9 \u00a0El\u00edas Cruz Romero y Alex\u00e1nder Toro \u00a0P\u00e9rez, \u00a0l\u00edder \u00a0pol\u00edtico \u00a0y ex alcalde de Pailitas, respectivamente, reconocen \u00a0la \u00a0presencia \u00a0de \u00a0las \u00a0autodefensas \u00a0en \u00a0esa \u00a0zona, como en todo el Cesar, pero \u00a0advierten \u00a0no \u00a0haber \u00a0observado \u00a0que \u00a0hayan \u00a0presionado \u00a0a los electores o a los \u00a0jurados \u00a0de \u00a0votaci\u00f3n \u00a0en \u00a0las \u00a0elecciones \u00a0de 200240; en igual sentido se refiere \u00a0Mauro \u00a0Antonio \u00a0Tapias, \u00a0quien \u00a0aduce \u00a0adem\u00e1s \u00a0desconocer \u00a0que \u00a0hayan \u00a0existido \u00a0reuniones \u00a0entre \u00a0esos \u00a0grupos \u00a0y l\u00edderes pol\u00edticos de la regi\u00f3n.41 \u00a0\u00a0<\/p>\n<p>Sadith \u00a0Armenta \u00a0Rodr\u00edguez y Jos\u00e9 Alides \u00a0Quintero \u00a0Romero, \u00a0ex \u00a0alcaldesa \u00a0y \u00a0ex \u00a0concejal \u00a0de \u00a0San Mart\u00edn, en su orden, \u00a0tambi\u00e9n \u00a0 registran \u00a0 que \u00a0 all\u00ed \u00a0 \u201csiempre\u201d han \u00a0operado \u00a0los \u00a0paramilitares y, si bien descartan su intervenci\u00f3n en elecciones, \u00a0rememoran \u00a0por \u00a0separado dos reuniones a las que convocaron a los concejales del \u00a0municipio, \u00a0 \u00a0 \u00a0una \u00a0 \u00a0 \u00a0con \u00a0 \u00a0 \u00a0\u201cErnesto \u00a0 \u00a0 \u00a0 \u00a0B\u00e1ez\u201d \u00a0 \u00a0&#8211; \u00a0 \u00a0para \u00a0 \u00a0tratar \u00a0 \u00a0temas \u00a0 \u00a0de \u00a0 corrupci\u00f3n \u00a0 \u2013 \u00a0 \u00a0y \u00a0 \u00a0otra \u00a0 \u00a0con \u00a0 \u201cOmega\u201d \u00a0y \u00a0otro \u00a0comandante, \u00a0quienes \u00a0les \u00a0recomendaban \u00a0 apoyar \u00a0 senadores \u00a0de \u00a0la \u00a0regi\u00f3n.42 \u00a0\u00a0<\/p>\n<p>Javier \u00a0Castro Alfaro, por su parte, afirma \u00a0sobre \u00a0 \u00a0la \u00a0 \u00a0muerte \u00a0 \u00a0de \u00a0 \u00a0su \u00a0 \u00a0padre \u00a0 \u00a0Eusebio \u00a0 \u00a0Castro: \u00a0 \u00a0\u201cEl pap\u00e1 m\u00edo trabajaba con el doctor \u00a0\u00c1LVARO \u00a0\u2013 \u00a0el \u00a0acusado &#8211; \u00a0(\u2026) \u00a0fue \u00a0asesinado \u00a0en \u00a0la \u00a0finca \u00a0del \u00a0se\u00f1or \u00a0\u00c1LVARO \u00a0por \u00a0grupos \u00a0paramilitares \u00a0o \u00a0sea, \u00a0en \u00a0el \u00a0a\u00f1o 1996, 17 de octubre a las dos de la ma\u00f1ana \u00a0llegaron \u00a0dos camionetas a la finca, llegaron pateando las puertas y lo acusaron \u00a0como \u00a0 colaborador \u00a0 la \u00a0 guerrilla \u00a0(\u2026) \u00a0ellos \u00a0llegaron con brazaletes que dec\u00edan AUC, se identificaron \u00a0como \u00a0 \u00a0autodefensas \u00a0 \u00a0de \u00a0 \u00a0Urab\u00e1\u201d \u00a0 \u00a0 \u00a0 \u00a0 \u00a0 \u00a0 \u00a0 \u00a0 \u00a0 \u00a043; y \u00a0\u00c1lvaro \u00a0Castro \u00a0Socarras, \u00a0t\u00edo \u00a0del \u00a0acusado, comenta sobre el secuestro de su \u00a0esposa \u00a0\u2013 Leonor Palmera de \u00a0Castro \u00a0-: \u00a0\u201cella deb\u00eda \u00a0viajar \u00a0a \u00a0Bogot\u00e1 \u00a0y \u00a0yo \u00a0me \u00a0demor\u00e9 \u00a0un poco, tuve que ir al banco a sacar un \u00a0dinero \u00a0y \u00a0cuando \u00a0llegu\u00e9 a la casa, a la residencia, ya se la hab\u00edan llevado, \u00a0supe \u00a0que \u00a0seis \u00a0sujetos \u00a0en \u00a0un carro, en campero se la llevaron, la forzaron a \u00a0subir \u00a0al \u00a0carro \u00a0y \u00a0se \u00a0la \u00a0llevaron (\u2026) \u00a0 se \u00a0 supo \u00a0 como \u00a0 al \u00a0mes \u00a0m\u00e1s \u00a0o \u00a0menos\u00a0 \u00a0(\u2026) \u00a0 \u00a0que \u00a0 \u00a0eran \u00a0 \u00a0paramilitares, \u00a0autodefensas \u00a0 \u00a0 \u00a0campesinas \u00a0 \u00a0 \u00a0del \u00a0 \u00a0 \u00a0se\u00f1or \u00a0 \u00a0 CASTA\u00d1O \u00a0 \u00a0 (\u2026) \u00a0supimos \u00a0que m\u00e1s bien hab\u00eda sido \u00a0una \u00a0retaliaci\u00f3n \u00a0por \u00a0el \u00a0motivo de que un hermano de LEONOR, RICARDO PALMERA, \u00a0alias \u00a0SIM\u00d3N \u00a0TRINIDAD, \u00a0estaba \u00a0en \u00a0la \u00a0guerrilla \u00a0de \u00a0las \u00a0FARC (\u2026) \u00a0 muchas \u00a0personas \u00a0estuvieron \u00a0al \u00a0frente, \u00a0se \u00a0nos brindaron para ayudarnos muchas personas, incluyendo el sobrino \u00a0\u00c1LVARO \u00a0 ARA\u00daJO \u00a0 CASTRO, \u00a0que \u00a0era \u00a0Representante \u00a0a \u00a0la \u00a0C\u00e1mara\u201d44, \u00a0 \u00a0 \u00a0 \u00a0sobre \u00a0 \u00a0lo \u00a0 cual \u00a0 tambi\u00e9n \u00a0 declar\u00f3 \u00a0 Andr\u00e9s \u00a0 Camilo \u00a0 Castro \u00a0Palmera.45\u00a0\u00a0 \u00a0\u00a0<\/p>\n<p>Rodith \u00a0 Trespalacios, \u00a0 conductor \u00a0 del \u00a0procesado, \u00a0relata \u00a0que en el cierre de campa\u00f1a a la gobernaci\u00f3n del Cesar del \u00a0a\u00f1o \u00a02000, \u00a0entre los municipios de Pelaya y Pailitas, la caravana en la que se \u00a0movilizaba \u00a0 el \u00a0 doctor \u00a0 Ara\u00fajo \u00a0Castro \u00a0fue \u00a0interceptada por hombres armados que dijeron pertenecer a las \u00a0autodefensas \u00a0 \u00a0 \u00a0 unidas \u00a0 \u00a0 \u00a0de \u00a0 \u00a0 \u00a0Colombia46, \u00a0lo \u00a0que \u00a0es confirmado por \u00a0\u00c9dgar \u00a0 \u00a0 \u00a0 \u00a0 \u00a0 \u00a0Arce \u00a0 \u00a0 \u00a0 \u00a0 \u00a0 \u00a0Atuesta47 \u00a0\u00a0<\/p>\n<p>Luis \u00a0Alberto \u00a0Monsalvo \u00a0Gnecco, \u00a0luego \u00a0de \u00a0se\u00f1alar \u00a0las amenazas que se hicieron a su se\u00f1ora madre y allegar el documento \u00a0que \u00a0las \u00a0contiene, \u00a0proveniente del bloque norte de las AUC, adujo:\u201cLos \u00a0 municipios \u00a0 en \u00a0que \u00a0nosotros \u00a0hicimos \u00a0campa\u00f1a \u00a0fue en donde no hab\u00eda mucha presencia de paramilitares, esos \u00a0municipios \u00a0fueron \u00a0Codazzi, \u00a0San \u00a0Diego, \u00a0La \u00a0Paz \u00a0y \u00a0Valledupar, \u00a0que \u00a0de \u00a0los \u00a0veinticinco \u00a0municipios del departamento del Cesar, fue los que pude visitar con \u00a0una \u00a0peque\u00f1a \u00a0visita \u00a0que \u00a0hice \u00a0durante \u00a0la campa\u00f1a al municipio de Aguachica \u00a0(\u2026) \u00a0JORGE \u00a0GNECCO, \u00a0mi \u00a0t\u00edo, \u00a0fue \u00a0citado \u00a0a \u00a0una reuni\u00f3n de donde no regreso con vida, lo encontramos \u00a0sepultado \u00a0 en \u00a0 el \u00a0 municipio \u00a0 de \u00a0 Bosconia \u00a0 como \u00a0 un \u00a0 nn \u00a0 (\u2026) \u00a0 al \u00a0 lado \u00a0 de \u00a0 unos \u00a0 escoltas \u00a0asesinados, \u00a0 seg\u00fan \u00a0 el \u00a0 senador \u00a0ARA\u00daJO \u00a0asesinados \u00a0por \u00a0las \u00a0autodefensas \u00a0(\u2026) JOS\u00c9 EDUARDO GNECCO, \u00a0PEPE, \u00a0 \u00a0otro \u00a0 \u00a0de \u00a0 mis \u00a0 t\u00edos \u00a0 (\u2026) \u00a0se \u00a0que \u00a0estuvo \u00a0a \u00a0punto \u00a0de \u00a0ser asesinado\u00a0 por grupos de \u00a0autodefensas \u00a0 \u00a0 \u00a0en \u00a0 \u00a0 \u00a0la \u00a0 \u00a0 \u00a0v\u00eda \u00a0 \u00a0 \u00a0Santa \u00a0 \u00a0 Marta-Riohacha\u201d \u00a0 \u00a0.48 \u00a0\u00a0<\/p>\n<p>Y Sergio Rafael Ara\u00fajo Castro, hermano del \u00a0procesado, \u00a0 dijo \u00a0 acerca \u00a0 de \u00a0 la \u00a0 incidencia \u00a0de \u00a0las \u00a0autodefensas \u00a0en \u00a0la \u00a0zona:\u201c Posteriormente, a \u00a0la \u00a0presencia \u00a0guerrillera se sumo la confrontaci\u00f3n de \u00e9stas con los grupos de \u00a0autodefensa, \u00a0que \u00a0por \u00a0extensi\u00f3n al terreno de lo militar empez\u00f3 a invadir la \u00a0\u00f3rbita \u00a0del \u00a0poder \u00a0local \u00a0en algunos municipios y veredas del departamento; si \u00a0bien \u00a0esta puja de poder no era una batalla campal, s\u00ed se llevaba a cabo con el \u00a0conocimiento \u00a0de \u00a0gente, \u00a0prueba \u00a0de \u00a0ello \u00a0son \u00a0la \u00a0gran cantidad de homicidios \u00a0acaecidos \u00a0durante \u00a0las \u00a0\u00faltimas dos d\u00e9cadas en el departamento, por lo tanto, \u00a0todos \u00a0los \u00a0actores \u00a0pol\u00edticos \u00a0en \u00a0el \u00a0departamento \u00a0han estado sometidos a la \u00a0presi\u00f3n \u00a0de \u00a0ser \u00a0personeros \u00a0de \u00a0la democracia al tiempo que actores violentos \u00a0intentaban \u00a0 \u00a0 distorsionar \u00a0 \u00a0 o \u00a0 \u00a0 manipular \u00a0 \u00a0esta \u00a0 \u00a0misma \u00a0 \u00a0\u201d.49 \u00a0\u00a0<\/p>\n<p>\u00a0 \u00a0<\/p>\n<p>Parm\u00e9nides \u00a0 Alex\u00e1nder \u00a0 Salazar \u00a0Arias \u00a0asegur\u00f3 \u00a0 \u00a0 que \u00a0 \u00a0 para \u00a0 \u00a0 las \u00a0 \u00a0 elecciones \u00a0 \u00a0 de \u00a0 \u00a0 2002 \u00a0 \u00a0\u201cno \u00a0hab\u00eda \u00a0presencia \u00a0ni \u00a0copamiento \u00a0paramilitar \u00a0del \u00a0territorio \u00a0de La Jagua de Ibirico, hab\u00eda era presencia de la \u00a0guerrilla\u201d, \u00a0 y \u00a0 luego \u00a0afirm\u00f3: \u00a0\u201cellos, como lo \u00a0dije \u00a0anteriormente, \u00a0no \u00a0se \u00a0encontraban \u00a0en \u00a0la \u00a0zona, \u00a0entraban, asesinaban y \u00a0sal\u00edan \u00a0 desde \u00a0 el \u00a0 a\u00f1o \u00a0 1997 \u00a0 (\u2026) \u00a0no \u00a0solo \u00a0han \u00a0asesinado \u00a0a \u00a0JORGE ARIAS, sino a muchos l\u00edderes \u00a0comunitarios \u00a0como \u00a0WILLIAM \u00a0P\u00c9REZ \u00a0(\u2026) \u00a0estuvo \u00a0amenazado \u00a0el \u00a0m\u00e9dico \u00a0ABEL \u00a0GARC\u00cdA \u00a0y \u00a0le \u00a0toc\u00f3 irse \u00a0(\u2026) aproximadamente unas \u00a0cincuenta \u00a0familias \u00a0que \u00a0les \u00a0ha \u00a0tocado \u00a0irse \u00a0de \u00a0La \u00a0Victoria \u00a0por \u00a0amenazas \u00a0paramilitares\u201d \u00a050; \u00a0mientras que \u00a0Alberto \u00a0 \u00a0Hern\u00e1ndez \u00a0 \u00a0Sierra \u00a0 \u00a0dijo \u00a0 \u00a0que \u00a0 en \u00a0 La \u00a0 Jagua: \u00a0 \u201cPasada \u00a0la \u00a0d\u00e9cada \u00a0de \u00a0los \u00a0noventa \u00a0hacen \u00a0 presencia \u00a0 las \u00a0 autodefensas \u00a0 en \u00a0 nuestro \u00a0 municipio \u00a0(\u2026) inicialmente no ten\u00edan campamentos \u00a0dentro \u00a0del \u00a0municipio (\u2026) \u00a0llegaban \u00a0a \u00a0ajusticiar \u00a0a \u00a0quienes ellos consideraban miembros de la guerrilla, \u00a0generalmente \u00a0 \u00a0 \u00a0lo \u00a0 \u00a0 \u00a0hac\u00edan \u00a0 \u00a0 \u00a0por \u00a0 \u00a0 \u00a0las \u00a0 \u00a0 noches \u00a0 \u00a0 (\u2026) en las elecciones de 2002 ya hab\u00eda \u00a0presencia \u00a0de \u00a0los \u00a0paramilitares \u00a0en la zona rural\u00a0 de la Jagua de Ibirico \u00a0(\u2026) \u00a0Estos \u00a0\u2013 dijo cuando \u00a0se \u00a0 le \u00a0interrog\u00f3 \u00a0por \u00a0los \u00a0alias \u00a0\u201cTolemaida\u201d \u00a0y \u00a0\u201cJorge \u00a0 40\u201d \u00a0 \u00a0 \u00a0 \u00a0 \u00a0 \u00a0 \u00a0\u2013 \u00a0son \u00a0los nombres de los comandantes \u00a0que \u00a0operaban \u00a0en \u00a0la \u00a0zona \u00a0del \u00a0centro \u00a0del \u00a0departamento \u00a0y \u00a0de \u00a0La \u00a0Jagua de \u00a0Ibirico\u201d. \u00a051 \u00a0\u00a0<\/p>\n<p>Alfonso \u00a0Palacio \u00a0Ni\u00f1o, \u00a0en \u00a0declaraci\u00f3n \u00a0rendida el 2 de febrero de 2007, manifest\u00f3 sobre el tema: \u00a0\u00a0<\/p>\n<p>\u201cmi \u00a0apreciaci\u00f3n \u00a0es \u00a0que \u00a0en \u00a0los \u00a0\u00faltimos \u00a0diez \u00a0a\u00f1os a ra\u00edz de la presencia ya \u00a0permanente \u00a0de \u00a0los \u00a0paramilitares \u00a0en \u00a0el \u00a0Cesar, se fue desarrollando como una \u00a0especie \u00a0de \u00a0estrategia, \u00a0dir\u00edamos, por \u00e9stos, que quienes vivimos en el Cesar \u00a0hemos \u00a0sido \u00a0testigos \u00a0de \u00a0ese \u00a0copamiento \u00a0militar \u00a0dir\u00edamos, por parte de los \u00a0paramilitares \u00a0en los diferentes municipios. Acciones violentas que comenzaron a \u00a0desarrollar \u00a0(\u2026) \u00a0fueron \u00a0copando \u00a0los \u00a0procesos de tipo pol\u00edtico donde se comenzaron a reflejar acciones \u00a0de \u00a0intimidaci\u00f3n \u00a0(\u2026) se \u00a0tuvo \u00a0conocimiento \u00a0que \u00a0quien los comandar\u00eda ser\u00eda JORGE CUARENTA ampliamente \u00a0conocido \u00a0en \u00a0Valledupar \u00a0y \u00a0poco \u00a0a poco fuimos observando c\u00f3mo este ej\u00e9rcito \u00a0delincuencial \u00a0ya \u00a0fue \u00a0estableciendo \u00a0unas \u00a0estructuras \u00a0organizativas \u00a0en \u00a0los \u00a0municipios \u00a0por \u00a0zonas, \u00a0la divisi\u00f3n que por lo menos tengo conocimiento se fue \u00a0estableciendo \u00a0como la estrategia de ir creando ese para Estado, se fue haciendo \u00a0a \u00a0trav\u00e9s \u00a0de \u00a0una \u00a0divisi\u00f3n \u00a0territorial \u00a0en \u00a0el \u00a0departamento \u00a0del Cesar que \u00a0abarcaba \u00a0la \u00a0zona del norte del Cesar, zona noroccidental y centro del Cesar, y \u00a0la \u00a0zona \u00a0del \u00a0sur \u00a0del \u00a0Cesar, fuimos conociendo algunos nombres de comandantes \u00a0paramilitares \u00a0que eran los encargados de esas zonas, para el caso de Valledupar \u00a0y \u00a0sus \u00a0\u00e1reas \u00a0se mencionaba que el comandante era el conocido\u00a0 como alias \u00a0TREINTA \u00a0Y \u00a0NUEVE, \u00a0la zona de centro occidental estaba bajo el control de alias \u00a0TOLEMAIDA, \u00a0JUAN \u00a0CARLOS \u00a0o \u00a0DIECIS\u00c9IS, \u00a0y \u00a0la zona sur, de Curuman\u00ed, Pailitas \u00a0hacia \u00a0el \u00a0sur \u00a0inicialmente \u00a0estaba bajo el control de quien se conoc\u00eda con el \u00a0alias \u00a0de YIMMY y posteriormente ten\u00eda el control de esta zona\u00a0 a quien en \u00a0vida \u00a0 \u00a0 \u00a0conocieron \u00a0 \u00a0 con \u00a0 \u00a0 el \u00a0 \u00a0 alias \u00a0 \u00a0 de \u00a0 \u00a0 OMEGA \u00a0 \u00a0 (\u2026) \u00a0el \u00a0conocimiento \u00a0que \u00a0tengo \u00a0del \u00a0proceso \u00a0electoral \u00a0que se dio en el a\u00f1o 2002 y que en acciones previas a estas \u00a0elecciones \u00a0se \u00a0sucedieron \u00a0asesinatos\u201c.52 \u00a0\u00a0<\/p>\n<p>Posteriormente se\u00f1al\u00f3: \u00a0<\/p>\n<p>\u201cantes del a\u00f1o \u00a02000 \u00a0ya \u00a0el \u00a0control militar de los paramilitares en los centros urbanos, zonas \u00a0planas, \u00a0 era \u00a0 muy \u00a0 significativo \u00a0(\u2026) \u00a0Sobre \u00a0hechos \u00a0que \u00a0sucedieron \u00a0en \u00a0la \u00a0regi\u00f3n como asesinatos, \u00a0amenazas, \u00a0intimidaciones \u00a0y dem\u00e1s acciones delictivas de los grupos violentos, \u00a0para \u00a0el \u00a0caso, \u00a0los \u00a0paramilitares, \u00a0era de conocimiento las acciones que estos \u00a0comet\u00edan, \u00a0es innegable que se presentaron hechos como fue el asesinato de LUIS \u00a0LABORDE \u00a0en \u00a0el \u00a0municipio \u00a0El \u00a0Copey, \u00a0dirigentes \u00a0como \u00a0ELI\u00c9CER MENESES, JOEL \u00a0RINC\u00d3N \u00a0del \u00a0municipio \u00a0de \u00a0Pailitas, RIGOBERTO ERAZO en el municipio de Pelaya \u00a0dirigente \u00a0liberal, \u00a0atentados \u00a0y \u00a0amenazas \u00a0contra \u00a0un dirigente de Aguachica y \u00a0actual \u00a0concejal \u00a0de \u00a0ese \u00a0municipio JORGE SU\u00c1REZ, amenazas como las que varios \u00a0hemos \u00a0 \u00a0 recibido \u00a0 \u00a0 por \u00a0 \u00a0 parte \u00a0 \u00a0 de \u00a0 \u00a0 los \u00a0 \u00a0paramilitares\u201d.53 \u00a0\u00a0<\/p>\n<p>El doctor Horacio \u00a0Serpa \u00a0Uribe lo pone de presente as\u00ed: \u201cera \u00a0evidente \u00a0que los paramilitares tambi\u00e9n actuaban en el Cesar, \u00a0y \u00a0que \u00a0lo \u00a0hac\u00edan \u00a0en \u00a0las \u00a0formas que antes ya lo expres\u00e9, es decir, en unas \u00a0partes \u00a0m\u00e1s \u00a0o \u00a0en \u00a0otras partes menos pero presionando al electorado. Recuerdo \u00a0cuando \u00a0fui \u00a0a \u00a0Aguachica, \u00a0que \u00a0muy \u00a0pocos \u00a0amigos me estaban esperando, cuando \u00a0quiera \u00a0que \u00a0este \u00a0era \u00a0uno \u00a0de los municipios de m\u00e1s afecto, entre otras cosas \u00a0porque \u00a0 all\u00ed \u00a0 vive \u00a0mucho \u00a0santandereano, \u00a0desde \u00a0luego \u00a0que \u00a0sab\u00eda \u00a0que \u00a0el \u00a0paramilitarismo \u00a0era \u00a0el \u00a0responsable (\u2026) \u00a0De JUANITA RAM\u00cdREZ puedo decir que varias veces me coment\u00f3 del \u00a0tema \u00a0paramilitar \u00a0(\u2026) yo \u00a0no \u00a0pod\u00eda dejar de ir a Aguachica, seguramente fue lo pens\u00e9, por mis amistades \u00a0all\u00ed \u00a0y porque sab\u00eda de la influencia paramilitar. Son retos que uno se impone \u00a0(\u2026) El candidato liberal \u00a0de \u00a0nombre \u00a0ALFONSO \u00a0PALACIO nos hab\u00eda contado de la hostilidad paramilitar; yo \u00a0sab\u00eda \u00a0 \u00a0que \u00a0 el \u00a0 jefe \u00a0 paramilitar \u00a0 era \u00a0 un \u00a0 tal \u00a0 TOLEMAIDA\u201d \u00a0 \u00a054; \u00a0contrariando por completo a Israel Obreg\u00f3n Ropero, ex \u00a0alcalde \u00a0de \u00a0Aguachica, quien se\u00f1al\u00f3 \u201cpuedo \u00a0ratificar, \u00a0manifestar, \u00a0que en Aguachica Cesar los procesos \u00a0eleccionarios \u00a0se \u00a0realizan \u00a0sin \u00a0ninguna presi\u00f3n de grupos al margen de la ley \u00a0(\u2026) \u00a0 jam\u00e1s \u00a0escuch\u00e9 \u00a0siquiera \u00a0de \u00a0alg\u00fan dirigente comunal presi\u00f3n alguna para votar por equis o ye \u00a0candidato,\u201d 55 &#8211; reiterando \u00a0ello \u00a0en \u00a0la \u00a0declaraci\u00f3n \u00a0que \u00a0rindi\u00f3 \u00a0dentro \u00a0del \u00a0proceso adelantado por la \u00a0Fiscal\u00eda \u00a0 \u00a0contra \u00a0 \u00a0Miguel \u00a0 \u00a0Dur\u00e1n \u00a0 \u00a0Gelvis56-, \u00a0y a Diego Fernando Veloza \u00a0Duque, \u00a0quien \u00a0igualmente \u00a0asegur\u00f3 \u00a0que \u00a0la \u00a0campa\u00f1a electoral a Congreso 2002 \u00a0transcurri\u00f3 \u00a0 en \u00a0 forma \u00a0 normal \u00a0 en \u00a0Aguachica.57 \u00a0\u00a0<\/p>\n<p>Publio \u00a0Hern\u00e1n Mej\u00eda Guti\u00e9rrez, adujo al \u00a0respecto: \u00a0\u201c\u2026 Para los \u00a0a\u00f1os \u00a02002 y 2003, en la jurisdicci\u00f3n del Batall\u00f3n La Popa como cabecilla del \u00a0grupo \u00a0de \u00a0autodefensas \u00a0ilegales \u00a0denominado \u00a0M\u00e1rtires \u00a0del \u00a0cacique \u00a0de Upar, \u00a0actuaba \u00a0el se\u00f1or mayor retirado del ej\u00e9rcito DAVID HERN\u00c1NDEZ ROJAS alias 39, \u00a0este \u00a0grupo \u00a0hac\u00eda \u00a0parte \u00a0del \u00a0llamado \u00a0bloque \u00a0norte \u00a0de \u00a0las autodefensas de \u00a0C\u00f3rdoba \u00a0y Urab\u00e1, cuyos cabecillas eran SALVATORE MANCUSO y RODRIGO TOVAR PUPO \u00a0alias \u00a0 \u00a0 \u00a0 \u00a0 \u00a0JORGE \u00a0 \u00a0 \u00a0 \u00a0 40\u201d. \u00a0 \u00a0 58 \u00a0\u00a0<\/p>\n<p>Mart\u00edn Antonio Avilez Aguilar, advierte que \u00a0concomitante \u00a0 \u00a0con \u00a0 \u00a0las \u00a0 elecciones \u00a0 de \u00a0 marzo \u00a0 de \u00a0 2002: \u00a0 \u201cEn \u00a0el sur del Cesar, al municipio de \u00a0Pelaya \u00a0 \u00a0 \u00a0llegaron \u00a0 \u00a0 \u00a0los \u00a0 \u00a0 \u00a0famosos \u00a0 \u00a0 \u00a0paramilitares \u00a0 \u00a0 \u00a0(\u2026) \u00a0nos \u00a0hicieron un da\u00f1o grand\u00edsimo \u00a0en \u00a0nuestro \u00a0municipio \u00a0montaron \u00a0una \u00a0carnicer\u00eda \u00a0las \u00a024 \u00a0horas del d\u00eda, nos \u00a0desaparecieron \u00a0cantidades \u00a0de \u00a0personas \u00a0entre \u00a0ellos \u00a0un ex alcalde primo m\u00edo \u00a0llamarse \u00a0JAIRO \u00a0AGUILAR CASTRO y un concejal hermano de crianza llamarse ISMAEL \u00a0CACERES \u00a0RODR\u00cdGUEZ, \u00a0se \u00a0acantonaban ah\u00ed desde el a\u00f1o 94 hasta ahorita que se \u00a0entregaron \u00a0 \u00a0(\u2026) \u00a0 le \u00a0menciono \u00a0alias \u00a0OMEGA, \u00a0JAROL, \u00a0JIM\u00c9NEZ, MANAURE, YIMMI, PASO, MIGUELITO, LEO, \u00a0PELADURA, \u00a0EL \u00a0DIABLO \u00a0y \u00a0todos \u00a0el m\u00e1ximo jefe de ellos JORGE 40 (\u2026) \u00a0su \u00a0\u00e1rea estaba en El Copey a San \u00a0Alberto \u00a0y cog\u00edan tambi\u00e9n Chimichagua, El Banco Magdalena, ten\u00edan un corredor \u00a0bajando \u00a0 \u00a0por \u00a0 \u00a0Gamarra \u00a0 a \u00a0 Palenquillo, \u00a0 Pelaya, \u00a0 Tamalameque\u201d,\u00a0 \u00a0y \u00a0niega \u00a0rotundamente \u00a0que hayan incidido en las elecciones al Congreso 2002, pues \u00a0que \u00a0 \u00a0 \u00a0transcurrieron \u00a0 \u00a0 \u00a0con \u00a0 \u00a0 normalidad.59 \u00a0\u00a0<\/p>\n<p>Lourdes \u00a0Elena Rueda Ovalle asever\u00f3 que en \u00a0Codazzi \u00a0por \u00a0la \u00a0\u00e9poca \u00a02001-2002 \u00a0inicialmente \u00a0se \u00a0escuchaba hablar de alias \u00a0\u201c16\u201d \u00a0 \u00a0 \u00a0 \u00a0 o \u00a0 \u00a0 \u00a0 \u00a0 \u201cTolemaida\u201d \u00a0 y \u00a0 despu\u00e9s \u00a0 del \u00a0 \u201ccomandante \u00a0 \u00a0 \u00a0 \u00a040\u201d, \u00a0 pero \u00a0que \u00a0no \u00a0eran \u00a0visibles \u00a0ni \u00a0conoci\u00f3 \u00a0de \u00a0su \u00a0participaci\u00f3n \u00a0en \u00a0pol\u00edtica, \u00a0no \u00a0obstante dar cuenta de una \u00a0amenaza \u00a0en \u00a0su \u00a0contra proveniente de \u201cJorge \u00a0 40\u201d \u00a0antes \u00a0de \u00a0las \u00a0elecciones \u00a0de \u00a02003 \u00a0a fin de que se abstuviera de aspirar a la \u00a0alcald\u00eda \u00a0 por \u00a0 ser \u00a0del \u00a0movimiento \u00a0Alas, \u00a0lo \u00a0cual \u00a0fue \u00a0interpretado \u00a0como \u00a0retaliaci\u00f3n \u00a0por \u00a0las \u00a0denuncias \u00a0que \u00a0contra los paramilitares hab\u00eda hecho el \u00a0doctor \u00a0Ara\u00fajo \u00a0Castro en un \u00a0Consejo \u00a0 de \u00a0 Seguridad \u00a0celebrado \u00a0en \u00a0Valledupar60. \u00a0\u00a0<\/p>\n<p>Geoel \u00a0Castro \u00a0Guerra \u00a0afirm\u00f3 \u00a0que \u00a0en \u00a0el \u00a0municipio \u00a0La \u00a0Gloria, \u00a0las \u00a0autodefensas, \u00a0antes \u00a0de \u00a0las \u00a0elecciones \u00a0de 2002: \u00a0\u201cen \u00a0el \u00a0casco urbano no \u00a0hac\u00edan \u00a0presencia \u00a0de pronto escuchaba uno que en algunos corregimientos hab\u00eda \u00a0presencia \u00a0de \u00a0estos \u00a0paramilitares \u00a0(\u2026) \u00a0se \u00a0escuchaba \u00a0era \u00a0que en la zona hab\u00eda un jefe que le dec\u00edan \u00a0OMEGA\u201d, \u00a0pero \u00a0no supo de \u00a0presiones \u00a0que \u00a0hubieran \u00a0realizado \u00a0contra \u00a0los \u00a0electores \u00a0o \u00a0los \u00a0jurados \u00a0de \u00a0votaci\u00f3n, \u00a0como \u00a0tampoco \u00a0escuch\u00f3 \u00a0que \u00a0lo hayan hecho en Gonz\u00e1lez, donde fue \u00a0nombrado \u00a0 \u00a0como \u00a0 \u00a0registrador \u00a0 \u00a0para \u00a0 \u00a0ese \u00a0 debate \u00a0 electoral.61 \u00a0\u00a0<\/p>\n<p>Julio Enrique Blanco Nobles adujo que en la \u00a0regi\u00f3n \u00a0 \u00a0 se \u00a0 \u00a0 escuchaba \u00a0 \u00a0 de \u00a0 \u00a0 la \u00a0 \u00a0 presencia \u00a0 \u00a0 de \u00a0 \u00a0 \u201cTolemaida\u201d, \u00a0 \u00a0 \u00a0 \u00a0 \u00a0 \u00a0 \u201c39\u201d \u00a0 \u00a0 \u00a0 \u00a0 y \u00a0 \u00a0 \u00a0 \u00a0 \u201cOmega\u201d, \u00a0pero \u00a0que \u00a0no supo de su injerencia \u00a0sobre \u00a0 los \u00a0 pagadores \u00a0 y \u00a0 tesoreros \u00a0de \u00a0los \u00a0entes \u00a0p\u00fablicos \u00a0\u201cesos \u00a0se\u00f1ores \u00a0ejerc\u00edan \u00a0presi\u00f3n y \u00a0que \u00a0pretend\u00edan \u00a0(\u2026) dar \u00a0aval \u00a0a \u00a0ciertos \u00a0candidatos \u00a0en \u00a0la \u00a0regi\u00f3n \u00a0y \u00a0tambi\u00e9n se escuch\u00f3 decir que \u00a0algunos \u00a0 les \u00a0 toco \u00a0 renunciar \u00a0 o \u00a0 les \u00a0 exig\u00edan \u00a0 renunciar \u00a0(\u2026) secuestraron a mi hermano de madre, \u00a0NORBERTO \u00a0 \u00a0VILLALOBOS \u00a0 \u00a0NOBLES \u00a0 \u00a0(\u2026) \u00a0 me \u00a0 toc\u00f3 \u00a0 renunciar \u00a0\u2013 \u00a0 a \u00a0 la \u00a0aspiraci\u00f3n \u00a0 \u00a0a \u00a0 \u00a0la \u00a0 alcald\u00eda \u00a0 de \u00a0 Chimichagua \u00a0 2003-2005 \u00a0 \u2013 \u00a0 \u00a0 \u00a0 \u00a0 \u00a0 \u00a0 \u00a0\u201cpara \u00a0obtener \u00a0la \u00a0liberaci\u00f3n \u00a0de mi \u00a0hermano \u00a0 \u00a0(\u2026) \u00a0 tuve \u00a0conocimiento, \u00a0por \u00a0escuchar \u00a0decir \u00a0(\u2026) \u00a0que \u00a0los \u00a0paramilitares \u00a0bajo \u00a0el \u00a0mando \u00a0de \u00a0JORGE 40 ejerc\u00edan \u00a0presi\u00f3n \u00a0sobre \u00a0algunos \u00a0municipios \u00a0y\/o \u00a0candidatos \u00a0como \u00a0en \u00a0el \u00a0caso de OTO \u00a0(sic) \u00a0LARIOS en Astrea, el \u00a0mismo \u00a0caso de WILSON PADILLA en Chiriguan\u00e1, y otros que no tendr\u00eda precisi\u00f3n \u00a0(\u2026) \u00a0 \u00a0 presiones \u00a0directamente \u00a0sobre \u00a0los \u00a0candidatos \u00a0y \u00a0a\u00fan \u00a0a \u00a0veces \u00a0hasta \u00a0en \u00a0el \u00a0elector, \u00a0oblig\u00e1ndole \u00a0a marcar determinados tarjetones, las presiones eran psicol\u00f3gicas \u00a0a \u00a0trav\u00e9s \u00a0de \u00a0amenazas, \u00a0en \u00a0el \u00a0caso de elector, que si no votaban por cierto \u00a0candidato, \u00a0 como \u00a0el \u00a0caso \u00a0del \u00a0corregimiento \u00a0de \u00a0Mandinguilla \u00a0(\u2026) \u00a0 de \u00a0 Chiriguan\u00e1 \u00a0 (\u2026) \u00a0 ya \u00a0sabes, \u00a0o \u00a0te \u00a0arreglas \u00a0con \u00a0nosotros, \u00a0 esos \u00a0 arreglos \u00a0 eran \u00a0con \u00a0amenazas \u00a0hasta \u00a0de \u00a0muerte\u201d, \u00a0adem\u00e1s \u00a0de \u00a0referir \u00a0que \u00a0una \u00a0vez \u00a0elegido \u00a0 \u00a0 \u00a0alcalde \u00a0 \u00a0 \u00a0de \u00a0 \u00a0 \u00a0Chimichagua \u00a0 \u00a0 \u00a0en \u00a0 \u00a0 \u00a02003 \u00a0 \u00a0 \u201c \u00a0los \u00a0paramilitares \u00a0asesinaron a un \u00a0hermano \u00a0de \u00a0padre \u00a0JOEL BLANCO PAREJO \u201c \u00a0 \u00a0 \u00a0 \u00a0 \u00a0 \u00a0 \u00a0 \u00a0 \u00a0 \u00a062, \u00a0 contrariando \u00a0 as\u00ed \u00a0 a \u00a0Diomedes \u00a0Daza \u00a0Cuello, Rodolfo y Alfredo Padilla Bolivar quienes aseguraron que \u00a0las \u00a0autodefensas \u00a0no \u00a0incid\u00edan \u00a0para \u00a0que \u00a0se apoyara o se impidiera votar por \u00a0determinado \u00a0candidato, \u00a0no \u00a0obstante \u00a0reconocer el primero que en zona rural de \u00a0Chimichagua, \u00a0el grupo armado ten\u00eda un asentamiento63; \u00a0al \u00a0igual \u00a0que \u00a0a Laureano \u00a0Alberto \u00a0Dur\u00e1n, quien dijo que el debate electoral a Congreso 2002 transcurri\u00f3 \u00a0normalmente, \u00a0 \u00a0 \u00a0sin \u00a0 \u00a0 \u00a0presi\u00f3n \u00a0 \u00a0 \u00a0alguna.64\u00a0\u00a0\u00a0\u00a0\u00a0\u00a0 \u00a0\u00a0<\/p>\n<p>\u00c9ver \u00a0Antonio \u00a0Santana Torres inicialmente \u00a0neg\u00f3 \u00a0la presencia de grupos paramilitares en Manaure durante las elecciones de \u00a02002, \u00a0 \u00a0 pero \u00a0 \u00a0luego \u00a0 \u00a0dijo, \u00a0 \u00a0\u201cel \u00a0conocimiento \u00a0que \u00a0tengo \u00a0al respecto por comentarios o por los \u00a0diferentes \u00a0 \u00a0medios \u00a0 \u00a0de \u00a0 \u00a0comunicaci\u00f3n \u00a0 \u00a0era \u00a0 \u00a0del \u00a0 \u00a0jefe \u00a0 \u201cJORGE \u00a0 \u00a0 \u00a0 \u00a0 \u00a040\u201d \u00a0 y \u00a0los \u00a0dem\u00e1s \u00a0n\u00fameros \u00a0que \u00a0se \u00a0mencionaban \u00a0para la \u00e9poca \u00a038, \u00a0 39\u201d \u00a065 \u00a0(Negrillas \u00a0 \u00a0 \u00a0de \u00a0 \u00a0 \u00a0la \u00a0 \u00a0 \u00a0Sala), \u00a0refiri\u00e9ndose \u00a0a \u00a0los \u00a0jefes \u00a0de \u00a0esos \u00a0grupos \u00a0asentados \u00a0en \u00a0el \u00a0departamento \u00a0en \u00a0los a\u00f1os 2001 a 2003; mientras que \u00a0Jorge \u00a0 \u00a0Luis \u00a0 Acosta \u00a0 Felizzola \u00a0 \u2013 \u00a0 del \u00a0mismo \u00a0municipio \u00a0\u2013 \u00a0 \u00a0 \u00a0dijo \u00a0 \u00a0 \u00a0sobre \u00a0 \u00a0 \u00a0el \u00a0 \u00a0 grupo \u00a0 \u00a0 armado: \u00a0 \u00a0 \u201cSus \u00a0intervenciones fueron muy pocas, \u00a0algunas \u00a0dos \u00a0o \u00a0tres \u00a0que \u00a0se \u00a0pueden \u00a0denotar \u00a0como la masacre efectuada en la \u00a0entrada \u00a0al \u00a0carreteable \u00a0San \u00a0Jos\u00e9 de Oriente, municipio de La Paz\u201d. \u00a0 \u00a066 \u00a0\u00a0<\/p>\n<p>James \u00a0Enrique \u00a0Romero \u00a0S\u00e1nchez \u00a0declar\u00f3: \u00a0\u201cPara \u00a0esa \u00a0\u00e9poca \u00a0se \u00a0escuchaba \u00a0el \u00a0nombre \u00a0o \u00a0alias de un se\u00f1or OMEGA, que ten\u00eda una influencia en \u00a0esa \u00a0 \u00a0 regi\u00f3n \u00a0 \u00a0 del \u00a0 \u00a0centro \u00a0 \u00a0y \u00a0 \u00a0sur \u00a0 \u00a0del \u00a0 \u00a0departamento\u201d \u00a0 \u00a067; \u00a0Reimundo \u00a0Forero \u00a0Fajardo, \u00a0por \u00a0su \u00a0parte, \u00a0insisti\u00f3 \u00a0en \u00a0que \u00a0nunca \u00a0supo \u00a0de incidencia pol\u00edtica de las \u00a0autodefensas \u00a0 \u00a0 en \u00a0 \u00a0 Codazzi, \u00a0 \u00a0 pero \u00a0 \u00a0 tambi\u00e9n \u00a0 \u00a0 dijo: \u00a0 \u00a0\u201c Como son grupos al margen de la ley, \u00a0y \u00a0el \u00a0miedo \u00a0que \u00a0existe, yo creo que entre uno menos se involucre con ellos es \u00a0mejor \u00a0(\u2026) \u00a0yo tengo una \u00a0an\u00e9cdota, \u00a0me \u00a0llamaron por tel\u00e9fono, tiene que presentarse en Minguillo a dar \u00a0una \u00a0vacuna, \u00a0yo \u00a0les dije, ni para arriba ni para abajo, yo no salgo de mi casa \u00a0despu\u00e9s \u00a0que \u00a0no \u00a0sea \u00a0la \u00a0autoridad \u00a0y \u00a0m\u00e1s \u00a0nunca \u00a0me \u00a0volvieron a fregar la \u00a0vida\u201d \u00a0 \u00a068, \u00a0mientras \u00a0que \u00a0 \u00a0 Jes\u00fas \u00a0 \u00a0 Javier \u00a0 \u00a0 Su\u00e1rez \u00a0 \u00a0 Moscote \u00a0 \u00a0 esgrimi\u00f3: \u00a0 \u00a0\u201cEn \u00a0Codazzi \u00a0los grupos paramilitares \u00a0como \u00a0es \u00a0de conocimiento p\u00fablico, comenzaron a operar y a visibilizarse, si no \u00a0recuerdo \u00a0 muy \u00a0 bien, \u00a0 a \u00a0 partir \u00a0 de \u00a0 los \u00a0 a\u00f1os \u00a0 98 \u00a0o \u00a02000\u201d \u00a0 \u00a069, \u00a0y \u00a0Olga \u00a0Rojas Trespalacios \u00a0adujo: \u00a0\u201cjam\u00e1s \u00a0de \u00a0los \u00a0jamases \u00a0esos \u00a0se\u00f1ores \u00a0nos \u00a0se\u00f1alaron \u00a0candidatos, ellos por lo general nunca \u00a0intervinieron \u00a0en \u00a0pol\u00edtica \u00a0ellos \u00a0estaban \u00a0en \u00a0lo \u00a0que \u00a0estaban \u00a0pero \u00a0por el \u00a0nerviosismo \u00a0del \u00a0cual \u00a0la \u00a0ciudadan\u00eda le ten\u00eda a ese personal, por lo general \u00a0nunca \u00a0se \u00a0relacionaban \u00a0con \u00a0uno, \u00a0porque \u00a0uno ve\u00eda un paraco y se perd\u00eda por \u00a0temor \u00a0a \u00a0ser \u00a0involucrado con grupos al margen de la ley y m\u00e1s cuando a diario \u00a0uno \u00a0 \u00a0escuchaba \u00a0 \u00a0las \u00a0 \u00a0atrocidades \u00a0 \u00a0que \u00a0 ellos \u00a0 comet\u00edan \u00a0 \u201d.70\u00a0 \u00a0\u00a0<\/p>\n<p>El \u00a0doctor \u00a0Rafael \u00a0Bola\u00f1o \u00a0Guerrero, \u00a0ex \u00a0gobernador \u00a0 del \u00a0Cesar, \u00a0expreso \u00a0que \u00a0durante \u00a0su \u00a0administraci\u00f3n \u00a02001-2003: \u00a0\u201cla \u00a0 \u00a0 influencia \u00a0paramilitar \u00a0 en \u00a0 el \u00a0 Cesar \u00a0 es \u00a0 de \u00a0 p\u00fablico \u00a0 conocimiento \u00a0(\u2026) asesinatos selectivos, la muerte de \u00a0dos \u00a0 docentes \u00a0 de \u00a0 la \u00a0Universidad \u00a0del \u00a0Cesar, \u00a0las \u00a0amenazas \u00a0contra \u00a0otros \u00a0profesionales \u00a0(\u2026) fueron \u00a0muchos \u00a0asesinatos \u00a0en \u00a0ese \u00a0periodo \u00a0(\u2026) \u00a0 B\u00e1sicamente \u00a0 el \u00a0departamento \u00a0del \u00a0Cesar \u00a0ten\u00eda \u00a0influencia \u00a0paramilitar \u00a0en \u00a0todo \u00a0su \u00a0territorio, \u00a0en \u00a0el \u00a0norte, \u00a0centro y sur\u201d.71 \u00a0\u00a0<\/p>\n<p>Lucas Segundo Gnecco Cerchard, ex gobernador \u00a0del \u00a0 Cesar, \u00a0 dijo \u00a0 al \u00a0 respecto: \u00a0\u201cen \u00a0todo \u00a0el \u00a0departamento se escuchaba que hab\u00eda presencia de las \u00a0autodefensas. \u00a0En \u00a0el \u00a0sur, \u00a0en \u00a0el \u00a0centro \u00a0y \u00a0en el norte. A 39 lo o\u00ed nombrar \u00a0cantidad \u00a0de \u00a0veces \u00a0y \u00a040 \u00a0ni \u00a0se diga, pero no se donde operaba ninguno de los \u00a0dos\u201d, \u00a0adem\u00e1s de relatar \u00a0los \u00a0asesinatos, \u00a0lesiones personales y secuestro de las que ha sido v\u00edctima su \u00a0familia \u00a0y \u00a0que \u00a0se \u00a0atribuyen \u00a0a \u00a0las \u00a0autodefensas. \u00a072 \u00a0\u00a0<\/p>\n<p>Sin \u00a0que \u00a0pueda \u00a0pasar \u00a0desapercibido \u00a0el \u00a0secuestro \u00a0de \u00a0V\u00edctor \u00a0Ochoa \u00a0Daza, \u00a0que \u00a0de \u00a0acuerdo \u00a0con \u00a0su declaraci\u00f3n fue \u00a0cometido \u00a0por \u00a0las autodefensas al mando de Jorge 4073, \u00a0como \u00a0igualmente \u00a0fluye de \u00a0los \u00a0 testimonios \u00a0 de \u00a0su \u00a0hijo \u00a0V\u00edctor \u00a0Eli\u00e9cer \u00a0Ochoa \u00a0Quintana74, su hermano \u00a0El\u00edas \u00a0 \u00a0 \u00a0 \u00a0Guillermo \u00a0 \u00a0 \u00a0 Ochoa \u00a0 \u00a0 \u00a0 Daza75, \u00a0su \u00a0cu\u00f1ada \u00a0Carmen Alicia \u00a0Rivera \u00a0Medina76, \u00a0 \u00a0de \u00a0 \u00a0los \u00a0 \u00a0doctores \u00a0 \u00c1lvaro \u00a0 Ara\u00fajo \u00a0 Noguera77, \u00a0 Juana \u00a0Bautista \u00a0 \u00a0 \u00a0 \u00a0 Ram\u00edrez \u00a0 \u00a0 \u00a0 \u00a0 Guti\u00e9rrez78, \u00a0 Lucas \u00a0 Segundo \u00a0 Gnecco \u00a0Cerchard79 \u00a0y \u00a0del \u00a0mismo procesado, am\u00e9n de que el propio Rodrigo Tovar Pupo \u00a0reconoci\u00f3 \u00a0 \u00a0 \u00a0 \u00a0 \u00a0 \u00a0el \u00a0 \u00a0 \u00a0 \u00a0 \u00a0 \u00a0hecho.80 \u00a0\u00a0<\/p>\n<p>Esa \u00a0organizaci\u00f3n \u00a0armada \u00a0ilegal tambi\u00e9n \u00a0dispuso \u00a0que \u00a0Juana \u00a0Bautista Ram\u00edrez no siguiera adelante con su aspiraci\u00f3n a \u00a0la \u00a0C\u00e1mara \u00a0de Representantes 2002, tal y como lo ponen de presente ella misma, \u00a0los \u00a0testigos \u00a0arriba \u00a0mencionados \u00a0y \u00a0todos \u00a0los intervinientes en la audiencia \u00a0p\u00fablica, \u00a0adem\u00e1s \u00a0de \u00a0otras conductas punibles ocurridas con antelaci\u00f3n a las \u00a0elecciones \u00a0 de \u00a0 2002 \u00a0 y\/o \u00a0 como \u00a0consecuencia \u00a0de \u00a0las \u00a0mismas \u00a0\u2013 \u00a0como \u00a0m\u00e1s \u00a0adelante \u00a0se \u00a0ver\u00e1 \u00a0-, \u00a0destacadas inclusive por el procesado.\u00a0 \u00a0\u00a0<\/p>\n<p>Lo \u00a0 anterior \u00a0 confirma, \u00a0 sin \u00a0lugar \u00a0a \u00a0equ\u00edvocos, \u00a0que las autodefensas campesinas comandadas por Juan Francisco Prada \u00a0alias \u00a0 \u00a0 \u00a0\u201cJuancho \u00a0Prada\u201d, que operaban desde \u00a0el \u00a0a\u00f1o \u00a0199281 \u00a0en \u00a0la \u00a0zona \u00a0sur \u00a0del \u00a0Cesar, m\u00e1s tarde conocidas como el frente \u00a0\u201cH\u00e9ctor \u00a0Julio \u00a0Peinado \u00a0Becerra\u201d, \u00a0 \u00a0fueron \u00a0subordinadas \u00a0por \u00a0\u201cJorge \u00a040\u201d tras la creaci\u00f3n del \u00a0bloque \u00a0norte \u00a0de \u00a0las \u00a0AUC antes del a\u00f1o 2002, lo cual controvierte lo aducido \u00a0por \u00a0aqu\u00e9l, \u00a0en \u00a0el sentido de que solamente hasta el 2004 su grupo se vincul\u00f3 \u00a0al \u00a0bloque \u00a0norte \u00a0de \u00a0las \u00a0AUC, \u00a0pese \u00a0a se\u00f1alar que si bien hab\u00eda diferentes \u00a0fracciones, \u00a0las autodefensas unidas de Colombia eran una sola organizaci\u00f3n con \u00a0un \u00a0estado mayor a la cabeza &#8211; como lo enfatiza el estudio de la Vicepresidencia \u00a0de \u00a0la \u00a0Rep\u00fablica \u00a0ya \u00a0mencionado \u00a0-, \u00a0y \u00a0aducir \u00a0que \u00a0tanto \u00a0el \u00a0bloque \u00a0norte \u00a0\u2013 \u00a0 cuya \u00a0 injerencia \u00a0comenzaba \u00a0en \u00a0los \u00a0l\u00edmites \u00a0de \u00a0Aguachica, \u00a0donde \u00a0terminaba la de su grupo, y \u00a0no\u00a0 \u00a0aproximadamente \u00a0a \u00a070 \u00a0kil\u00f3metros como se argumenta por el acusado &#8211; \u00a0como \u00a0el bloque central Bol\u00edvar, violaban su territorio para cometer asesinatos \u00a0y \u00a0que \u00a0desconoc\u00eda \u00a0si \u00a0hab\u00edan tenido alguna injerencia de car\u00e1cter pol\u00edtico \u00a0all\u00ed, \u00a0como \u00a0pudieron \u00a0haberlo \u00a0hecho \u00a0sus \u00a0subordinados \u00a0por \u00a0su \u00a0cuenta, pues \u00a0personalmente \u00a0 \u00a0se \u00a0 \u00a0los \u00a0 \u00a0ten\u00eda \u00a0 \u00a0prohibido.82 \u00a0\u00a0<\/p>\n<p>Esto lo pone de presente igualmente Rodrigo \u00a0Tovar \u00a0Pupo \u00a0en \u00a0su \u00a0declaraci\u00f3n \u00a0al advertir que fue en 1996 cuando conoci\u00f3 a \u00a0Salvatore \u00a0Mancuso \u00a0\u2013 y a \u00a0Carlos \u00a0Casta\u00f1o \u00a0-, \u00a0quien \u00a0en \u00a0esa \u00a0\u00e9poca hizo sus primeras incursiones en el \u00a0Cesar \u00a0 y \u00a0 el \u00a0 Magdalena, \u00a0 y \u00a0 que \u00a0 desde \u00a0 finales \u00a0 de \u00a01998 \u00a0\u2013 \u00a0como tambi\u00e9n lo dijo en su injurada \u00a0rendida \u00a0dentro \u00a0del \u00a0radicado \u00a0que adelantaba la Fiscal\u00eda Delegada\u00a0 de la \u00a0unidad \u00a0nacional contra el secuestro y la extorsi\u00f3n83 \u00a0 &#8211; \u00a0ocup\u00f3 \u00a0el \u00a0lugar \u00a0del \u00a0comandante \u00a0que \u00a0hab\u00eda \u00a0en esas zonas \u2013 \u00a0 \u00a0Santiago \u00a0 \u00a0Tob\u00f3n \u00a0 \u2013 \u00a0dada \u00a0su \u00a0captura, \u00a0por ofrecimiento del primero para \u201cayudarle \u00a0 a \u00a0 construir \u00a0 lo \u00a0 que \u00a0posteriormente \u00a0se \u00a0llam\u00f3 \u00a0el \u00a0bloque \u00a0norte \u00a0de las autodefensas campesinas de \u00a0C\u00f3rdoba \u00a0y \u00a0Urab\u00e1. \u00a0A \u00a0partir de ese momento me meto de lleno a desarrollar la \u00a0guerra \u00a0militar, \u00a0pol\u00edtica, social en los territorios donde se me iba confiando \u00a0la \u00a0responsabilidad. Estamos hablando de finales de 98 en adelante, me convert\u00ed \u00a0en \u00a0 el \u00a0 segundo \u00a0 hombre \u00a0del \u00a0bloque \u00a0norte \u00a0de \u00a0las \u00a0autodefensas \u00a0hasta \u00a0la \u00a0desmovilizaci\u00f3n \u00a0de \u00a0SALVATORE, \u00a0que \u00a0es \u00a0cuando \u00a0asumo \u00a0el \u00a0mando \u00a0de \u00a0lo \u00a0que \u00a0quedaba\u00a0 \u00a0del \u00a0bloque norte sin desmovilizar. A partir\u00a0 de ese momento \u00a0empezamos \u00a0a \u00a0dise\u00f1ar \u00a0la \u00a0toma \u00a0militar, \u00a0la toma social y por consiguiente la \u00a0estructuraci\u00f3n \u00a0 \u00a0 de \u00a0 \u00a0 unos \u00a0 \u00a0estados \u00a0 \u00a0de \u00a0 \u00a0autodefensa \u00a0 \u00a0(\u2026) \u00a0las reuniones que se desarrollaban \u00a0en \u00a0las \u00a0regiones \u00a0en \u00a0donde \u00a0nosotros \u00a0\u00e9ramos \u00a0un \u00a0estado \u00a0de hecho fueron los \u00a0talleres, \u00a0que como repito se debi\u00f3 empezar en 99 y ya en el 2000 hab\u00eda cogido \u00a0una \u00a0din\u00e1mica \u00a0(\u2026) Eran \u00a0comandantes \u00a0pol\u00edticos \u00a0y \u00a0militares \u00a0de \u00a0dos \u00a0frentes pertenecientes al bloque \u00a0norte. \u00a0 \u00a0 Omega \u00a0 \u00a0 era \u00a0 \u00a0 el \u00a0 \u00a0 comandante \u00a0 \u00a0 del \u00a0 \u00a0frente \u00a0 \u00a0\u201cresistencia \u00a0 \u00a0motilona\u201d \u00a0y JUAN CARLOS, porque ese TOLEMAIDA \u00a0no \u00a0s\u00e9 de d\u00f3nde sal\u00eda porque el nombre del comandante era JUAN CARLOS, era un \u00a0l\u00edder \u00a0de \u00a0lo \u00a0que llamamos frente JUAN ANDR\u00c9S \u00c1LVAREZ. Era &#8211; 39 \u2013 \u00a0un \u00a0l\u00edder \u00a0de un frente del bloque \u00a0norte\u201d.84 \u00a0\u00a0<\/p>\n<p>De \u00a0 \u00a0 donde \u00a0 \u00a0surge \u00a0 \u00a0\u2013 \u00a0contrario \u00a0a \u00a0lo \u00a0sostenido \u00a0por \u00a0el \u00a0acusado, \u00a0 la \u00a0 defensa, \u00a0Geoberto \u00a0Ruiz \u00a0Mart\u00ednez85, \u00a0 \u00c1ngel \u00a0 Francisco \u00a0Vega \u00a0Fuentes86, \u00a0 \u00a0Diego \u00a0 Fernando \u00a0 Veloza \u00a0 Duque87, \u00a0Andr\u00e9s \u00a0Alfonso \u00a0Riquett \u00a0Rojano88, \u00a0 \u00a0 \u00c9dgar \u00a0 \u00a0 Murgas \u00a0 \u00a0Rodr\u00edguez89, \u00a0 \u00a0 \u00a0\u00c1ngel \u00a0 \u00a0 \u00a0Osorio \u00a0Lemus90, \u00a0 \u00a0Cesar \u00a0 Augusto \u00a0 Osorio \u00a0 Lozano91, \u00a0 Antonio \u00a0Mar\u00eda \u00a0Ara\u00fajo \u00a0Calder\u00f3n92, \u00a0 \u00a0 Alonso \u00a0 \u00a0 Abuabara \u00a0 \u00a0 Noriega93, \u00a0 \u00a0 Consuelo \u00a0 \u00a0 Arzuaga \u00a0Arredondo94, \u00a0 Luis \u00a0Dorian \u00a0Quintero \u00a0Ballesteros95, \u00a0 \u00a0 \u00a0Eduardo \u00a0 \u00a0 Solano \u00a0Forero96 \u00a0 y \u00a0Jes\u00fas \u00a0Alfonso \u00a0Dom\u00ednguez \u00a0Joya97 \u00a0 &#8211; \u00a0que \u00a0efectivamente \u00a0el \u00a0bloque \u00a0norte \u00a0de \u00a0las AUC penetr\u00f3 el Cesar, previo a las elecciones de 2002, y \u00a0que \u00a0Rodrigo \u00a0Tovar Pupo comandaba la facci\u00f3n del grupo que operaba en la zona, \u00a0no \u00a0 obstante \u00a0que \u00a0el \u00a0jefe \u00a0m\u00e1ximo \u00a0fuera \u00a0Mancuso \u00a0G\u00f3mez \u00a0hasta \u00a0cuando \u00a0se \u00a0desmoviliz\u00f3, \u00a0 \u00a0 \u00a0momento \u00a0 \u00a0 \u00a0a \u00a0 \u00a0 \u00a0partir \u00a0 \u00a0 \u00a0del \u00a0 \u00a0 cual \u00a0 \u00a0 \u201cJorge \u00a0 \u00a0 \u00a0 \u00a0 \u00a040\u201d \u00a0pas\u00f3 a ocupar su puesto, que fue lo \u00a0indicado \u00a0por \u00a0\u00e9ste \u00a0en \u00a0su \u00a0versi\u00f3n rendida el 9 de marzo de 200698 &#8211; y no como \u00a0se \u00a0argumenta, \u00a0que \u00a0solo a partir de ese entonces lleg\u00f3 al Cesar -, e incidi\u00f3 \u00a0pol\u00edticamente en la zona.\u00a0 \u00a0\u00a0<\/p>\n<p>Puntualmente, sobre el control que ejerci\u00f3 \u00a0en \u00a0 \u00a0algunas \u00a0 \u00a0regiones \u00a0 \u00a0del \u00a0 \u00a0pa\u00eds, \u00a0 dijo \u00a0 Tovar \u00a0 Pupo: \u00a0 \u201c\u2026 \u00a0 Departamento \u00a0 de \u00a0la \u00a0Guajira \u00a0ejerc\u00edamos \u00a0soberan\u00eda en aproximadamente el 70% del territorio, lo mismo en el \u00a0departamento \u00a0del \u00a0Cesar, \u00a0el \u00a0departamento del Atl\u00e1ntico y el departamento del \u00a0Magdalena \u00a0 \u00a0 \u00a0 \u00a0 \u00a0 \u00a0 \u00a0\u2026\u201d.99 \u00a0\u00a0<\/p>\n<p>De \u00a0 \u00a0otra \u00a0 parte, \u00a0 el \u00a0 \u201cdocumento \u00a0 \u00a0 \u00a0confidencial \u00a0 \u00a0 \u00a0y \u00a0secreto\u201d suscrito el 23 de \u00a0julio \u00a0de 2001 \u2013 denominado \u00a0\u201cPacto \u00a0 \u00a0 \u00a0 de \u00a0Ralito\u201d \u00a0&#8211; \u00a0que Salvatore \u00a0Mancuso \u00a0G\u00f3mez \u00a0entreg\u00f3 \u00a0en \u00a0la \u00a0versi\u00f3n que rindi\u00f3 ante la fiscal\u00eda 8\u00aa de \u00a0justicia \u00a0 \u00a0y \u00a0 \u00a0paz \u00a0 el \u00a0 15 \u00a0 de \u00a0 enero \u00a0 de \u00a0 2007, \u00a0 revela \u00a0 \u2013 contrario a lo alegado por la defensa \u00a0t\u00e9cnica \u00a0 y \u00a0 material \u00a0 -, \u00a0 que \u00a0 Rodrigo \u00a0 Tovar \u00a0 Pupo \u00a0alias \u00a0\u201cJorge \u00a0 \u00a0 \u00a0 \u00a0 \u00a040\u201d \u00a0pertenec\u00eda \u00a0al \u00a0denominado \u00a0estado \u00a0mayor \u00a0de \u00a0las \u00a0AUC \u00a0mucho antes del 2002, pues aparece suscribiendo el mismo en \u00a0tal calidad.100 \u00a0\u00a0<\/p>\n<p>Adem\u00e1s, \u00a0 \u00a0el \u00a0 llamado \u00a0 \u201cCONVENIO \u00a0POL\u00cdTICO \u00a0PARA \u00a0EL \u00a0DEBATE \u00a0ELECTORAL \u00a0DE \u00a0EL \u00a0D\u00cdA 10 DE MARZO DEL A\u00d1O 2002, EN LA ELECCI\u00d3N DE C\u00c1MARA DE \u00a0REPRESENTANTES \u00a0 \u00a0 \u00a0 Y \u00a0 \u00a0 \u00a0 SENADO \u00a0 \u00a0 \u00a0 DE \u00a0 \u00a0 \u00a0LA \u00a0 \u00a0 \u00a0REP\u00daBLICA\u201d101 \u00a0\u00a0<\/p>\n<p>suscrito, \u00a0 entre \u00a0otros, \u00a0por \u00a0varios \u00a0candidatos \u00a0 \u00a0al \u00a0 \u00a0Congreso \u00a0 \u00a0y \u00a0 \u00a0\u201cJorge \u00a040\u201d, el \u00a011 \u00a0de \u00a0noviembre \u00a0de \u00a02001 en Santa Marta, es muestra del inter\u00e9s e incidencia \u00a0que \u00a0el \u00a0aludido \u00a0jefe \u00a0del \u00a0bloque \u00a0norte de las AUC ten\u00eda en la regi\u00f3n, como \u00a0desarrollo \u00a0del \u00a0\u201cproyecto \u00a0pol\u00edtico\u201d \u00a0 que \u00a0 la \u00a0organizaci\u00f3n \u00a0hab\u00eda \u00a0planificado para llegar a tener voceros en las instancias \u00a0decisorias del Estado. \u00a0\u00a0<\/p>\n<p>Consecuencialmente, \u00a0resulta \u00a0evidente \u00a0que \u00a0antes \u00a0de \u00a0las \u00a0elecciones \u00a0del 10 de marzo de 2002, gran parte del departamento \u00a0del \u00a0Cesar hab\u00eda sido sometido y controlado por las huestes del bloque norte de \u00a0las \u00a0 autodefensas \u00a0 comandadas \u00a0por \u00a0\u201cJorge \u00a040\u201d \u00a0y \u00a0sus \u00a0 \u00a0 lugartenientes \u00a0 \u00a0 alias \u00a0 \u00a0\u201cOmega\u201d, \u00a0\u201cJuan \u00a0Carlos\u201d \u00a0 \u00a0 \u00a0 \u00a0 o \u00a0 \u00a0 \u00a0 \u00a0 \u201cTolemaida\u201d \u00a0 \u00a0 \u00a0 \u00a0 y \u00a0 \u00a0 \u00a0 \u00a0 \u201c39\u201d, \u00a0entre \u00a0otros, \u00a0luego \u00a0de \u00a0que dicho \u00a0grupo \u00a0 armado \u00a0 ilegal \u00a0 cumpliera \u00a0 \u2013 \u00a0desde \u00a0cuando \u00a0en \u00a0la zona estuvo Salvatore Mancuso &#8211; una labor de \u00a0copamiento \u00a0producto \u00a0de \u00a0la \u00a0cual \u00a0cometieron \u00a0m\u00faltiples \u00a0cr\u00edmenes contra los \u00a0habitantes \u00a0de \u00a0la \u00a0regi\u00f3n, \u00a0y una vez enclavados all\u00ed, comenzaron a imponer &#8211; \u00a0bajo \u00a0el \u00a0manto \u00a0de \u00a0terror \u00a0inflingido a quienes no consent\u00edan con su proceder \u00a0pero \u00a0nada \u00a0pod\u00edan hacer y tambi\u00e9n de aceptaci\u00f3n por quienes compart\u00edan o se \u00a0beneficiaban \u00a0de \u00a0alguna forma con el mismo -, sus ideas acerca de la forma como \u00a0deb\u00eda \u00a0conducirse \u00a0lo \u00a0econ\u00f3mico, \u00a0social \u00a0y \u00a0pol\u00edtico en esa comunidad, como \u00a0ocurri\u00f3 \u00a0tambi\u00e9n \u00a0en \u00a0otros \u00a0departamentos del pa\u00eds, donde por infortunio esa \u00a0organizaci\u00f3n tuvo su asiento. \u00a0\u00a0<\/p>\n<p>Por ende, era de esperarse que desplegara lo \u00a0necesario \u00a0 \u00a0para \u00a0 \u00a0que \u00a0 \u00a0igualmente \u00a0 \u00a0en \u00a0 \u00a0el \u00a0 Cesar, \u00a0 ese \u00a0 \u201cproyecto \u00a0 \u00a0 pol\u00edtico\u201d \u00a0desarrollado \u00a0en \u00a0el \u00a0Magdalena \u00a0se \u00a0hiciera \u00a0una \u00a0realidad, \u00a0como \u00a0lo \u00a0confirma \u00a0el \u00a0hecho de que en el \u201cconvenio\u201d \u00a0ratificado o avalado con su r\u00fabrica \u00a0por \u00a0el \u00a0jefe paramilitar se\u00f1alado y suscrito algunos personajes que m\u00e1s tarde \u00a0resultaron \u00a0elegidos \u00a0a \u00a0C\u00e1mara \u00a0y Senado 2002, se hubiese encontrado escrito a \u00a0mano \u00a0el nombre del doctor Mauricio Pimiento Barrera y de algunos municipios que \u00a0constituir\u00edan \u00a0su \u00a0circunscripci\u00f3n, persona que, como los intervinientes en la \u00a0audiencia \u00a0p\u00fablica \u00a0lo \u00a0mencionan, fue condenado por esta Sala precisamente por \u00a0un \u00a0concierto \u00a0similar al del Magdalena que le permiti\u00f3 obtener una curul en el \u00a0Senado \u00a0de \u00a0la Rep\u00fablica en aquellas elecciones, gracias a que las autodefensas \u00a0le \u00a0 \u00a0asignaron \u00a0 \u00a0electoralmente \u00a0 \u00a0una \u00a0 zona \u00a0 del \u00a0 departamento \u00a0 con \u00a0 tal \u00a0objetivo.102 \u00a0\u00a0<\/p>\n<p>\u00a0 \u00a0\u00a0 \u00a0\u00a0 \u00a0Sobre \u00a0el \u00a0prop\u00f3sito \u00a0de \u00a0la \u00a0organizaci\u00f3n \u00a0armada ilegal de copar \u00a0territorios \u00a0municipales, \u00a0regionales \u00a0y \u00a0nacionales \u00a0e incursionar en todos los \u00a0escenarios \u00a0p\u00fablicos \u00a0y privados para instaurar el nuevo orden que pretend\u00edan, \u00a0al \u00a0punto \u00a0de ejercer, en su criterio, las funciones que el Estado de Derecho no \u00a0cumpl\u00eda \u00a0 \u2013 \u00a0ejecutivas, \u00a0legislativas \u00a0 \u00a0 y \u00a0 \u00a0judiciales \u00a0 \u00a0\u2013 \u00a0cada vez con mayor amplitud dentro de los espacios de su dominio &#8211; \u00a0a\u00fan \u00a0en \u00a0lo \u00a0pol\u00edtico -, atendiendo los intereses que los guiaban, ilustrativo \u00a0resulta lo mencionado por el mismo Rodrigo Tovar Pupo: \u00a0\u00a0<\/p>\n<p>\u201c(\u2026) \u00a0la \u00a0primera \u00a0etapa \u00a0dentro \u00a0de \u00a0la \u00a0planificaci\u00f3n \u00a0para \u00a0derrotar \u00a0al \u00a0estado \u00a0guerrillero, \u00a0era enfrentar nuestras \u00a0fuerzas \u00a0armadas \u00a0contra \u00a0sus \u00a0fuerzas \u00a0armadas, \u00a0en \u00a0una guerra irregular entre \u00a0fuerzas \u00a0 \u00a0civiles \u00a0 \u00a0irregulares \u00a0 (\u2026) \u00a0fuimos \u00a0avanzando \u00a0en \u00a0todos los territorios que se nos dio bajo \u00a0nuestra \u00a0 \u00a0 responsabilidad \u00a0 \u00a0 en \u00a0 \u00a0 la \u00a0 \u00a0 guerra \u00a0 \u00a0militar \u00a0 \u00a0(\u2026) \u00a0Despu\u00e9s \u00a0del \u00a0avance militar y de \u00a0haber \u00a0asumido la responsabilidad territorial, empez\u00f3 el acumulado social, pues \u00a0muchas \u00a0de \u00a0estas \u00a0regiones, \u00a0en su gran mayor\u00eda estaban totalmente abandonadas \u00a0tambi\u00e9n \u00a0por \u00a0el \u00a0estado \u00a0social. \u00a0Es \u00a0all\u00ed \u00a0donde \u00a0empieza \u00a0a organizarse una \u00a0sociedad \u00a0 entre \u00a0 las \u00a0 autodefensas \u00a0 y \u00a0 aquellas \u00a0comunidades \u00a0(\u2026) \u00a0Esa \u00a0credibilidad, al dar nosotros \u00a0la \u00a0seguridad \u00a0y \u00a0tomar \u00a0soberan\u00eda territorial nos llev\u00f3 a continuar con otras \u00a0misiones \u00a0de la guerra (\u2026) \u00a0es \u00a0cuando \u00a0empezamos \u00a0desde la \u00f3ptica social a trabajar con muchas comunidades \u00a0en \u00a0su \u00a0desarrollo (\u2026) con \u00a0eso \u00a0est\u00e1bamos \u00a0logrando \u00a0un \u00a0acumulado \u00a0de solidaridad comunitaria fundamental \u00a0para \u00a0construir \u00a0nuestra \u00a0soberan\u00eda \u00a0popular, \u00a0pues \u00a0sin \u00a0ella ser\u00eda imposible \u00a0construir \u00a0 \u00a0 nuestro \u00a0 \u00a0estado \u00a0 \u00a0(\u2026) \u00a0es \u00a0cuando se construye unos talleres de trabajo con un objetivo \u00a0claro: \u00a0que ya era hora de que las comunidades lucharan por ellos mismos, por el \u00a0futuro \u00a0de \u00a0sus \u00a0hijos \u00a0y \u00a0por la reconstrucci\u00f3n o construcci\u00f3n de sus sue\u00f1os \u00a0como \u00a0sociedad. \u00a0Y \u00a0empezamos \u00a0a \u00a0desvirtuar \u00a0lo que en el estado de autodefensa \u00a0consider\u00e1bamos \u00a0que \u00a0era una estrategia pol\u00edtica muy de Maquiavelo, instaurada \u00a0en \u00a0 Colombia \u00a0(\u2026) \u00a0este \u00a0acumulado \u00a0 de \u00a0 solidaridad \u00a0comunitaria \u00a0se \u00a0ten\u00eda \u00a0que \u00a0apersonar \u00a0social \u00a0y \u00a0pol\u00edticamente \u00a0 \u00a0de \u00a0 \u00a0la \u00a0 \u00a0construcci\u00f3n \u00a0 \u00a0de \u00a0 \u00a0su \u00a0 futuro \u00a0 (\u2026) \u00a0y \u00a0para construir ese futuro donde \u00a0lo \u00a0prioritario \u00a0era \u00a0mejorar \u00a0las \u00a0condiciones de dignidad humana y desarrollo, \u00a0s\u00f3lo \u00a0se \u00a0pod\u00eda \u00a0construir desde una posici\u00f3n pol\u00edtica pues el desarrollo de \u00a0las \u00a0 regiones \u00a0es \u00a0una \u00a0lucha \u00a0que \u00a0se \u00a0consigue \u00a0pol\u00edticamente \u00a0(\u2026) \u00a0es as\u00ed como empieza una din\u00e1mica \u00a0en \u00a0cabeza \u00a0de \u00a0ese \u00a0acumulado de solidaridad comunitaria dentro de esos estados \u00a0para \u00a0encontrar puntos de entendimiento que los llevara a alianzas estrat\u00e9gicas \u00a0sobre \u00a0objetivos, \u00a0para \u00a0poder \u00a0dejar \u00a0de \u00a0ser excluidos y tomar ellos liderazgo \u00a0propio \u00a0 para \u00a0responderle \u00a0a \u00a0las \u00a0regiones \u00a0donde \u00a0ellos \u00a0viven \u00a0(\u2026) \u00a0 Hab\u00eda \u00a0 que \u00a0 acabar \u00a0 en \u00a0esos \u00a0territorios \u00a0donde \u00a0ejercimos soberan\u00eda con una violencia que encontramos mucho \u00a0mayor \u00a0que \u00a0la \u00a0violencia \u00a0militar \u00a0y \u00a0era \u00a0la violencia pol\u00edtica (\u2026) \u00a0Fue \u00a0as\u00ed \u00a0como \u00a0se \u00a0dieron muchas \u00a0din\u00e1micas \u00a0en \u00a0la \u00a0regi\u00f3n, \u00a0en \u00a0donde \u00a0muchos \u00a0encontraron \u00a0por \u00a0fin puntos de \u00a0entendimiento \u00a0que \u00a0los \u00a0pudiera \u00a0conducir \u00a0a \u00a0luchas comunes, sobreponiendo los \u00a0inter\u00e9s \u00a0de la comunidad y de la regi\u00f3n a sus intereses partidistas, sin dejar \u00a0cada \u00a0quien de pertenecer a las estructura pol\u00edticas a las cuales pertenec\u00eda o \u00a0pertenecen \u00a0(&#8230;) \u00a0un \u00a0objetivo \u00a0que \u00a0tambi\u00e9n \u00a0fue \u00a0una \u00a0ley \u00a0que se volvi\u00f3 de \u00a0obligatorio \u00a0cumplimiento \u00a0en \u00a0la \u00a0medida \u00a0que \u00a0se \u00a0pod\u00eda, y era que en nuestro \u00a0estado \u00a0de \u00a0autodefensa \u00a0quien \u00a0fuera \u00a0elegido \u00a0por \u00a0el acumulado de solidaridad \u00a0comunitaria \u00a0para \u00a0gobernador en determinado territorio ten\u00eda que gobernar para \u00a0beneficio \u00a0 \u00a0 \u00a0del \u00a0 \u00a0 pueblo \u00a0 \u00a0 que \u00a0 \u00a0 \u00e9l \u00a0 \u00a0 representaba \u00a0 \u00a0 (\u2026) despu\u00e9s de consolidar internamente \u00a0en \u00a0esas \u00a0regiones \u00a0empezaron \u00a0a \u00a0desarrollar \u00a0su mec\u00e1nica pol\u00edtica que no fue \u00a0diferente \u00a0que \u00a0lo \u00a0que \u00a0se \u00a0ha \u00a0vivido \u00a0en \u00a0Colombia, empezaron a hacer pactos, \u00a0alianzas, \u00a0empezaron a ver quien la ayudaba a quien y desarrollaron la pol\u00edtica \u00a0tradicional \u00a0que \u00a0siempre \u00a0se \u00a0ha desarrollado aqu\u00ed en Colombia, que dentro del \u00a0sue\u00f1o \u00a0de \u00a0estado \u00a0de autodefensa no era el ideal pero el estado de autodefensa \u00a0tampoco \u00a0se \u00a0pod\u00eda \u00a0construir \u00a0en \u00a0contra de las determinaciones propias de las \u00a0diferentes \u00a0din\u00e1micas \u00a0que \u00a0desarrollaron \u00a0todas esas comunidades (\u2026) \u00a0conscientes de que desde un frente \u00a0regional \u00a0pod\u00edan \u00a0compartir \u00a0el \u00a0poder \u00a0entre \u00a0todas las tendencias pol\u00edticas, \u00a0ten\u00edan \u00a0 tambi\u00e9n \u00a0 que \u00a0 luchar \u00a0 porque \u00a0 los \u00a0l\u00edderes \u00a0que \u00a0asumieran \u00a0esas \u00a0responsabilidades \u00a0fueran \u00a0l\u00edderes \u00a0regionales, \u00a0fueron \u00a0de \u00a0ah\u00ed \u00a0mismo de las \u00a0regiones, \u00a0porque \u00a0por \u00a0convicci\u00f3n si cualquier l\u00edder pol\u00edtico de una regi\u00f3n \u00a0no \u00a0hace \u00a0nada \u00a0por \u00a0mejorar \u00a0el \u00a0desarrollo \u00a0de \u00a0ella misma, qu\u00e9 podr\u00eda hacer \u00a0alguien \u00a0que \u00a0asumiera \u00a0un \u00a0liderazgo \u00a0pol\u00edtico \u00a0y \u00a0que no fuera de esa regi\u00f3n \u00a0(\u2026) \u00a0es \u00a0decir, \u00a0que los \u00a0l\u00edderes \u00a0ten\u00edan \u00a0que \u00a0salir de una regi\u00f3n determinada a la cual pertenec\u00edan, \u00a0pero \u00a0ser\u00eda \u00a0este acumulado de solidaridad comunitaria la que terminara tomando \u00a0la \u00a0determinaci\u00f3n \u00a0porque \u00a0como \u00a0ya \u00a0lo dije, nosotros como cabeza de estado de \u00a0autodefensa \u00a0no \u00a0pod\u00edamos \u00a0ir \u00a0m\u00e1s \u00a0all\u00e1 \u00a0de donde nuestras bases que era las \u00a0comunidades \u00a0quisieran. \u00a0Y as\u00ed se desarroll\u00f3 todas las din\u00e1micas hasta cuando \u00a0nos \u00a0 \u00a0 \u00a0 \u00a0desmovilizamos \u00a0 \u00a0 \u00a0 (\u2026)\u201d. \u00a0103(Resalto de la Sala). \u00a0\u00a0<\/p>\n<p>Ello \u00a0se pone a tono con lo que al respecto \u00a0han \u00a0aseverado \u00a0otros \u00a0jefes \u00a0de \u00a0la organizaci\u00f3n armada ilegal, como Salvatore \u00a0Mancuso \u00a0G\u00f3mez, \u00a0en \u00a0el \u00a0sentido \u00a0de que las \u00a0 \u00a0autodefensas \u00a0 \u00a0se \u00a0 \u00a0constituyeron \u00a0 \u00a0en \u00a0 un \u00a0 \u201cestado \u00a0 \u00a0 de \u00a0 \u00a0 facto\u201d, \u00a0ejercieron \u00a0el \u00a0gobierno, \u00a0cobraron \u00a0impuestos, \u00a0 \u00a0decidieron \u00a0 \u00a0conflictos \u00a0 e \u00a0 incluso \u00a0 reemplazaron \u00a0 el \u00a0 poder \u00a0eclesi\u00e1stico104, \u00a0 \u00a0 \u00a0 \u00a0 explicando \u00a0adem\u00e1s:\u00a0\u00a0 \u00a0\u00a0<\/p>\n<p>\u201c (\u2026) \u00a0El \u00a0vincularnos \u00a0a la pol\u00edtica es \u00a0una \u00a0estrategia \u00a0concertada \u00a0con \u00a0el \u00a0comandante \u00a0Carlos \u00a0Casta\u00f1o (\u2026) \u00e9l da instrucciones en ese sentido \u00a0a \u00a0sus \u00a0comandantes \u00a0y \u00a0yo \u00a0a \u00a0mis subalternos, estamos hablando del a\u00f1o 99, se \u00a0planea \u00a0penetrar \u00a0todo \u00a0el \u00a0poder \u00a0pol\u00edtico \u00a0alcaldes, \u00a0concejales, \u00a0diputados, \u00a0gobernadores, \u00a0 congresistas \u00a0 de \u00a0 las \u00a0zonas \u00a0que \u00a0manej\u00e1bamos \u00a0(\u2026) \u00a0en \u00faltimas poderes regionales que \u00a0en \u00a0suma \u00a0garantizaran \u00a0para \u00a0las \u00a0autodefensas \u00a0un poder nacional (\u2026) ya desde las elecciones del a\u00f1o 97 \u00a0hab\u00edamos \u00a0iniciado \u00a0a \u00a0incidir \u00a0en \u00a0elecciones regionales y a nivel municipal y \u00a0departamental \u00a0(\u2026) para un \u00a0mejor \u00a0entendimiento \u00a0del tema partiremos de las regiones en las cuales las ACCU \u00a0y \u00a0particularmente el bloque norte ten\u00eda una influencia geogr\u00e1fica porque como \u00a0ya \u00a0he \u00a0expresado \u00a0en \u00a0ocasi\u00f3n \u00a0en \u00a0anterior, \u00a0precisando \u00a0que\u00a0 \u00a0todos los \u00a0pol\u00edticos \u00a0de \u00a0esta \u00a0zona \u00a0nos buscaron\u00a0 para que les colabor\u00e1ramos en su \u00a0carrera \u00a0pol\u00edtica \u00a0a partir de los hechos que se dan en el gobierno pastrana la \u00a0decisi\u00f3n \u00a0fue \u00a0interactuar \u00a0con \u00a0los \u00a0pol\u00edticos de las regiones dentro de unos \u00a0acuerdos \u00a0con \u00a0las \u00a0comunidades \u00a0y \u00a0con \u00a0nosotros \u00a0para buscarle soluci\u00f3n a los \u00a0problemas \u00a0de \u00a0estas \u00a0mismas comunidades seg\u00fan nuestra visi\u00f3n pol\u00edtica, en el \u00a0entendido \u00a0de que est\u00e1bamos implementando un proyecto pol\u00edtico paralelo al del \u00a0Estado \u00a0basado \u00a0en \u00a0la \u00a0aplicaci\u00f3n \u00a0de \u00a0la \u00a0Constituci\u00f3n \u00a0del 91 desde nuestra \u00a0interpretaci\u00f3n \u00a0 \u00a0 \u00a0 \u00a0 \u00a0 \u00a0(\u2026)\u201d. \u00a0 \u00a0 105 \u00a0\u00a0<\/p>\n<p>Por \u00a0su \u00a0parte \u00a0Rodrigo \u00a0Tovar Pupo, anot\u00f3 \u00a0sobre \u00a0lo \u00a0acontecido \u00a0en \u00a0los \u00a0departamentos del Cesar y Magdalena: \u00a0\u201cen el a\u00f1o \u00a02002 \u00a0ya \u00a0muchos \u00a0territorios \u00a0hab\u00edan sido derrotado el estado guerrillero y se \u00a0hab\u00eda \u00a0implantado \u00a0el \u00a0estado \u00a0de \u00a0autodefensa \u00a0y \u00a0para esa \u00e9poca, cada sector \u00a0poblacional \u00a0 de \u00a0esos \u00a0territorios \u00a0hab\u00edan \u00a0asumido \u00a0su \u00a0rol \u00a0y \u00a0su \u00a0din\u00e1mica \u00a0(\u2026) \u00a0ya \u00a0los territorios \u00a0del \u00a0Magdalena \u00a0y \u00a0del Cesar hab\u00eda habido un redoblamiento territorial debido a \u00a0la \u00a0seguridad \u00a0del \u00a0estado \u00a0de \u00a0autodefensa, \u00a0al retorno de muchos empresarios y \u00a0pobladores\u00a0 \u00a0del \u00a0campo \u00a0y \u00a0de \u00a0los \u00a0pueblos, \u00a0a \u00a0recuperar \u00a0sus casas, sus \u00a0parcelas, \u00a0sus empresas, y era una ley dentro del estado de autodefensa que todo \u00a0aquel \u00a0que \u00a0retornara a los territorios de donde hab\u00edan sido desplazados por el \u00a0estado \u00a0guerrillero, \u00a0ten\u00edan que llegar a participar \u00a0de \u00a0todas \u00a0la \u00a0din\u00e1micas \u00a0pol\u00edticas, \u00a0sociales \u00a0y \u00a0econ\u00f3micas \u00a0que se estaban \u00a0llevando \u00a0a \u00a0cabo \u00a0en estos territorios\u201d \u00a0 \u00a0 \u00a0 \u00a0 \u00a0 \u00a0 \u00a0 \u00a0 \u00a0 \u00a0.106 \u00a0 \u00a0 \u00a0 \u00a0(Negrillas y resalto de la Sala). \u00a0\u00a0<\/p>\n<p>Y \u00a0a pesar de su pretensi\u00f3n de ocultar las \u00a0alianzas \u00a0que \u00a0\u00e9l \u00a0mismo \u00a0hizo \u00a0con \u00a0pol\u00edticos de la regi\u00f3n, desvirtuadas por \u00a0pruebas \u00a0tan \u00a0significativas \u00a0como \u00a0los \u00a0documentos \u00a0hallados \u00a0en Sabanas de San \u00a0\u00c1ngel, \u00a0entre \u00a0los \u00a0que se encontraba el convenio para el Magdalena y el que se \u00a0ha \u00a0denominado \u00a0\u201cPacto de \u00a0Pivijay\u201d, entre otros, la \u00a0imposibilidad \u00a0 de \u00a0ocultar \u00a0la \u00a0realidad \u00a0que \u00a0se \u00a0vivi\u00f3 \u00a0en \u00a0los \u00a0territorios \u00a0dominados, \u00a0de \u00a0la \u00a0que \u00a0dan \u00a0cuenta \u00a0los \u00a0testigos \u00a0rese\u00f1ados \u00a0en \u00a0el anterior \u00a0ac\u00e1pite, \u00a0lo \u00a0oblig\u00f3 \u00a0a \u00a0admitir \u00a0que \u00a0no con ellos sino con sus eufem\u00edsticos \u00a0\u201cacumulados \u00a0solidarios\u201d \u00a0se \u00a0hicieron \u00a0acuerdos pol\u00edticos: \u00a0\u00a0<\/p>\n<p>\u201c(\u2026) \u00a0 \u00a0ning\u00fan \u00a0 \u00a0l\u00edder \u00a0 \u00a0pol\u00edtico \u00a0(\u2026) \u00a0representantes a la \u00a0C\u00e1mara, \u00a0senadores \u00a0(\u2026) \u00a0ninguno \u00a0buscaron (sic) a las \u00a0fuerzas \u00a0armadas \u00a0del \u00a0estado de autodefensa para hacer sociedades militares, ni \u00a0pol\u00edticas, \u00a0ni \u00a0econ\u00f3micas. \u00a0Pero \u00a0tambi\u00e9n \u00a0hay \u00a0que \u00a0aclararle (\u2026) \u00a0 \u00a0que \u00a0 no \u00a0 hay \u00a0 (\u2026) \u00a0 representantes \u00a0 a \u00a0 la \u00a0C\u00e1mara \u00a0(\u2026) \u00a0 \u00a0 senadores \u00a0(\u2026) \u00a0que \u00a0no haya tenido \u00a0que \u00a0ir \u00a0a \u00a0hablar \u00a0con \u00a0el \u00a0acumulado \u00a0solidario comunitario que eran las bases \u00a0populares \u00a0de \u00a0nuestro \u00a0estado \u00a0de \u00a0autodefensa \u00a0y \u00a0que si quer\u00edan tener alg\u00fan \u00a0beneficio, \u00a0ten\u00edan \u00a0que \u00a0ir \u00a0a \u00a0hablar \u00a0con \u00a0ese \u00a0acumulado \u00a0sobre programas de \u00a0desarrollo, \u00a0programas de oportunidades y sobre futuro regional. El que diga que \u00a0no \u00a0habl\u00f3 con ese acumulado solidario comunitario y que no hizo compromisos con \u00a0ellos, \u00a0en \u00a0las regiones donde nosotros \u00e9ramos un estado de hecho, la miente al \u00a0pa\u00eds \u00a0(\u2026) porque lo que \u00a0no \u00a0se \u00a0volvi\u00f3 a permitir jam\u00e1s y era una ley de obligatorio cumplimiento, era \u00a0permitir \u00a0que quienes quisieran acceder a las bases populares de esos estados de \u00a0autodefensa, \u00a0no \u00a0pod\u00edan \u00a0lograr el beneficio de ese constituyente primario por \u00a0los \u00a0mismos \u00a0mecanismos \u00a0que \u00a0encontramos \u00a0en \u00a0esas \u00a0regiones desde el a\u00f1o 1998 \u00a0(\u2026) \u00a0 El\u00a0 \u00a0frente \u00a0regional \u00a0cuando \u00a0se \u00a0hicieron \u00a0esos talleres, nos estamos remontando quiz\u00e1s al \u00a0a\u00f1o \u00a01999, \u00a0despu\u00e9s de esos talleres la dirigencia que asumi\u00f3 el rol a partir \u00a0de \u00a0 \u00a0 \u00a0ese \u00a0 \u00a0 \u00a0entonces \u00a0 \u00a0 \u00a0construy\u00f3 \u00a0 \u00a0 muchas \u00a0 \u00a0 cosas \u00a0 \u00a0 (\u2026) \u00a0cosas que se notaron. Se empezaron \u00a0a \u00a0ver acuerdos pol\u00edticos entre los partidos, se empezaron a ver unidades sobre \u00a0objetivos \u00a0claros, \u00a0se \u00a0empezaron \u00a0a \u00a0ver \u00a0participaciones de todos los sectores \u00a0pol\u00edticos \u00a0en \u00a0una \u00a0misma \u00a0administraci\u00f3n, \u00a0cosas \u00a0que \u00a0antes \u00a0era \u00a0impensable \u00a0(\u2026)\u201d.107(Resalto \u00a0nuestro). \u00a0\u00a0<\/p>\n<p>Sin \u00a0duda \u00a0laguna, \u00a0era tanto el control de \u00a0cuanto \u00a0 se \u00a0 relacionara \u00a0con \u00a0las \u00a0actividades \u00a0pol\u00edticas \u00a0en \u00a0las \u00a0zonas \u00a0de \u00a0dominaci\u00f3n, \u00a0que tambi\u00e9n le fue forzoso aceptar que en ellas solamente quienes \u00a0se \u00a0plegaran \u00a0a los derroteros fijados por la organizaci\u00f3n pod\u00edan \u201cacceder \u00a0 al \u00a0 apoyo \u00a0de \u00a0las \u00a0bases \u00a0populares \u00a0 \u00a0 \u00a0 de \u00a0 \u00a0 \u00a0 esos \u00a0 \u00a0 \u00a0 estados \u00a0 \u00a0 \u00a0de \u00a0 \u00a0 \u00a0autodefensa\u201d, \u00a0situaci\u00f3n \u00a0que se compagina con lo \u00a0se\u00f1alado por Salvatore Mancuso G\u00f3mez, arriba destacado. \u00a0\u00a0<\/p>\n<p>Tercero.- La divisi\u00f3n del departamento del \u00a0Cesar \u00a0 en \u00a0 distritos \u00a0electorales \u00a0impuesta \u00a0por \u00a0las \u00a0autodefensas \u00a0para \u00a0las \u00a0elecciones de Congreso 2002. \u00a0\u00a0<\/p>\n<p>A \u00a0esta \u00a0altura \u00a0del \u00a0an\u00e1lisis, \u00a0aparece \u00a0demostrado \u00a0 \u00a0 que \u00a0 \u00a0 la \u00a0 \u00a0 organizaci\u00f3n \u00a0 \u00a0 liderada \u00a0 \u00a0 por \u00a0 \u00a0\u201cJorge \u00a0 \u00a0 \u00a0 \u00a0 \u00a040\u201d \u00a0s\u00ed \u00a0intervino de manera decidida en \u00a0los \u00a0temas \u00a0pol\u00edticos \u00a0electorales, tanto en el departamento del Magdalena como \u00a0en \u00a0el \u00a0Cesar \u00a0y en los dos implement\u00f3 su injerencia con un mismo modelo: el de \u00a0los distritos electorales. \u00a0\u00a0<\/p>\n<p>A \u00a0ellos \u00a0fue \u00a0precisamente \u00a0a \u00a0los \u00a0que se \u00a0refiri\u00f3 Rafael Enrique Garc\u00eda Torres, cuando expuso: \u00a0\u00a0<\/p>\n<p>\u201cENRIQUE \u00a0inici\u00f3 \u00a0gestiones \u00a0con \u00a0compa\u00f1eros \u00a0de \u00a0\u00e9l \u00a0en \u00a0la \u00a0registradur\u00eda, \u00a0aqu\u00ed en \u00a0Bogot\u00e1, \u00a0con \u00a0el \u00a0fin \u00a0de \u00a0conseguir \u00a0el \u00a0censo \u00a0electoral del departamento del \u00a0Magdalena, \u00a0el \u00a0cual no era disponible al p\u00fablico; le informaron que eso ten\u00eda \u00a0un \u00a0costo \u00a0de \u00a0cuatro \u00a0millones de pesos, cuando fuimos donde JOS\u00c9 GAMARRA para \u00a0que \u00a0nos \u00a0diera el dinero, \u00e9l nos dijo que no era \u00fanicamente el del Magdalena, \u00a0que \u00a0tambi\u00e9n \u00a0hab\u00eda \u00a0que \u00a0conseguir \u00a0los \u00a0censos electorales del Cesar y de la \u00a0Guajira, \u00a0nos \u00a0dijo \u00a0que \u00a0as\u00ed \u00a0como \u00a0hab\u00eda \u00a0listas \u00a0apoyadas \u00a0en el Magdalena, \u00a0tambi\u00e9n \u00a0hab\u00eda listas apoyadas por el bloque norte en esos departamentos y que \u00a0lo \u00a0que se hiciera en el Magdalena, tambi\u00e9n hab\u00eda que hacerlo en el Cesar y la \u00a0Guajira \u00a0(\u2026) \u00a0ENRIQUE me \u00a0dijo \u00a0que \u00a0JORGE 40, al igual que en el Magdalena, hab\u00eda creado esta especie de \u00a0distritos \u00a0electorales \u00a0en \u00a0el \u00a0departamento \u00a0del \u00a0Cesar, que los candidatos del \u00a0bloque \u00a0norte \u00a0en ese departamento eran para el senador \u00c1LVARO ARA\u00daJO CASTRO y \u00a0MAURICIO \u00a0 \u00a0 \u00a0 \u00a0PIMIENTO \u00a0 \u00a0 \u00a0 \u00a0(\u2026)\u201d. \u00a0108 \u00a0\u00a0<\/p>\n<p>\u201cEn \u00a0el \u00a0a\u00f1o \u00a02001 \u00a0el \u00a0actual \u00a0representante JOSE GAMARRA SIERRA nos plante\u00f3 la necesidad de \u00a0contar \u00a0con \u00a0un programa\u00a0 de computador que nos permitiera listar todas las \u00a0mesas \u00a0 de \u00a0 votaci\u00f3n \u00a0con \u00a0nombre \u00a0de \u00a0los \u00a0votantes \u00a0correspondientes \u00a0a \u00a0los \u00a0departamentos \u00a0de \u00a0Cesar, \u00a0Guajira \u00a0y \u00a0Magdalena. \u00a0Esto era con el prop\u00f3sito de \u00a0llevar \u00a0a \u00a0cabo \u00a0una \u00a0labor \u00a0que deseaba que se hiciera el comandante del bloque \u00a0norte, \u00a0Jorge 40, quien fue el creador del movimiento LA PROVINCIA UNIDA. Seg\u00fan \u00a0se \u00a0nos explic\u00f3 JORGE 40 hab\u00eda distribuido aproximadamente 21 municipios\u00a0 \u00a0del \u00a0magdalena \u00a0en \u00a0una especie de distritos electorales. Los municipios del sur \u00a0deber\u00edan \u00a0votar \u00a0por \u00a0(\u2026) \u00a0los \u00a0 \u00a0del \u00a0 \u00a0centro \u00a0 del \u00a0 departamento \u00a0 corresponder\u00edan \u00a0 a \u00a0 (\u2026) \u00a0 Adicionalmente \u00a0 se \u00a0 requer\u00eda \u00a0colaborarles \u00a0a \u00a0las \u00a0campa\u00f1as \u00a0del \u00a0candidato \u00a0por \u00a0la \u00a0C\u00e1mara \u00a0a \u00a0la Guajira \u00a0(\u2026), y en el Cesar a los \u00a0candidatos \u00a0 al \u00a0 Senado \u00a0 \u00c1LVARO \u00a0 ARA\u00daJO \u00a0 CASTRO \u00a0y \u00a0 \u00a0 \u00a0 MAURICIO \u00a0 \u00a0 \u00a0PIMIENTO \u00a0 \u00a0 \u00a0\u201d. \u00a0109 \u00a0 (Resalto \u00a0 de \u00a0 la \u00a0Sala) \u00a0\u00a0<\/p>\n<p>Como \u00a0puede \u00a0verificarse \u00a0en \u00a0esta \u00a0misma \u00a0actuaci\u00f3n \u00a0que, \u00a0como se recordar\u00e1, se inici\u00f3 conjuntamente por los hechos de \u00a0Magdalena \u00a0y \u00a0Cesar \u00a0contra \u00a0los entonces congresistas Dieb Maloof Cuse, Alfonso \u00a0Campo \u00a0Escobar, \u00a0Jorge \u00a0Luis Caballero Caballero y Luis Eduardo Vives Lacouture, \u00a0de \u00a0un \u00a0lado, \u00a0y \u00a0Mauricio \u00a0Pimiento \u00a0Barrera y \u00c1lvaro \u00a0Ara\u00fajo \u00a0Castro, del otro, el Magdalena fue dividido en \u00a0tres \u00a0distritos \u00a0electorales como especie de circunscripciones especiales de las \u00a0autodefensas, \u00a0territorios \u00a0en \u00a0cada \u00a0uno \u00a0de \u00a0los cuales se volc\u00f3 el apoyo del \u00a0grupo \u00a0armado \u00a0hacia una espec\u00edfica f\u00f3rmula para Senado y C\u00e1mara, de modo que \u00a0se \u00a0garantizaba \u00a0la \u00a0elecci\u00f3n \u00a0de al menos tres senadores y tres representantes \u00a0por \u00a0esas zonas, como en efecto ocurri\u00f3 resultando elegidos los primeros cuatro \u00a0mencionados \u00a0arriba, \u00a0todos los cuales, adem\u00e1s, ya se encuentran condenados por \u00a0estos \u00a0hechos \u00a0y \u00a0dos \u00a0de \u00a0ellos \u00a0despu\u00e9s \u00a0de \u00a0haber solicitado la terminaci\u00f3n \u00a0anticipada del proceso. \u00a0\u00a0<\/p>\n<p>Id\u00e9ntico \u00a0modus \u00a0operandi, como lo destaca Garc\u00eda Torres, oper\u00f3 en el \u00a0departamento \u00a0del \u00a0Cesar, \u00a0de lo que tambi\u00e9n dio cuenta Cristian Moreno Panezo, \u00a0quien afirm\u00f3: \u00a0\u00a0<\/p>\n<p>\u201cTuve \u00a0conocimiento \u00a0aislado \u00a0desde \u00a0distintos escenarios, por ejemplo una declaraci\u00f3n \u00a0que \u00a0 \u00a0hizo \u00a0 \u00a0en \u00a0 \u00a0los \u00a0 medios \u00a0 (\u2026) \u00a0el \u00a0ex \u00a0parlamentario \u00a0ALFONSO \u00a0MATTOS \u00a0quien denunciaba que las \u00a0autodefensas \u00a0le \u00a0hab\u00edan \u00a0quitado \u00a0su \u00a0espacio \u00a0para \u00a0aspirar \u00a0al \u00a0Senado de la \u00a0Rep\u00fablica, \u00a0y \u00a0que \u00a0sus \u00a0amigos \u00a0a \u00a0quienes hab\u00eda acompa\u00f1ado y promovido para \u00a0hacerse \u00a0elegir \u00a0alcaldes \u00a0en las elecciones del a\u00f1o 2000 eran determinados por \u00a0el \u00a0paramilitarismo para ponerlos al servicio de otras candidaturas. As\u00ed mismo, \u00a0y \u00a0frente \u00a0a \u00a0virtual \u00a0configuraci\u00f3n de distritos electorales un comentario que \u00a0hizo \u00a0suyo el entonces candidato al senado CARLOS QUINTERO ROMERO quien desde la \u00a0emisora \u00a0Maravilla \u00a0en \u00a0Valledupar \u00a0y en rueda de prensa hecha poco antes de las \u00a0elecciones \u00a0de \u00a02006 \u00a0present\u00f3 \u00a0ante \u00a0los \u00a0medios de comunicaci\u00f3n, lo que a su \u00a0juicio \u00a0 \u00a0hab\u00eda \u00a0 vivido \u00a0 el \u00a0 Cesar \u00a0 cuatro \u00a0 a\u00f1os \u00a0 atr\u00e1s \u00a0 (\u2026) que sus amigos por la intervenci\u00f3n \u00a0directa \u00a0de \u00a0los \u00a0paramilitares \u00a0le \u00a0retiraron \u00a0su \u00a0apoyo \u00a0para acompa\u00f1ar otras \u00a0aspiraciones \u00a0 \u00a0 \u00a0 \u00a0senatoriales \u00a0 \u00a0 \u00a0 \u00a0para \u00a0 \u00a0 \u00a0 \u00a0entonces \u00a0 \u00a0 \u00a0 (\u2026) \u00a0present\u00f3 \u00a0un \u00a0mapa \u00a0en \u00a0el \u00a0cual \u00a0registraba \u00a0la \u00a0manera \u00a0como \u00a0el \u00a0departamento virtualmente hab\u00eda sido dividido \u00a0para \u00a0 las \u00a0 elecciones \u00a0 del \u00a0 2002 \u00a0\u201d.110 \u00a0\u00a0<\/p>\n<p>Y \u00a0 \u00a0lo \u00a0 ratific\u00f3 \u00a0 Alfonso \u00a0 Palacio \u00a0Ni\u00f1o: \u00a0\u00a0<\/p>\n<p>\u201c el desarrollo \u00a0de \u00a0las \u00a0elecciones \u00a0\u2013 al \u00a0Congreso \u00a0 \u00a02002 \u00a0 \u00a0\u2013 \u00a0y \u00a0el resultado de las mismas corrobora esa divisi\u00f3n \u00a0o \u00a0 parcelaci\u00f3n \u00a0 que \u00a0se \u00a0hizo \u00a0en \u00a0el \u00a0Cesar \u00a0en \u00a0ese \u00a0momento \u00a0(\u2026) \u00a0El \u00a0conocimiento \u00a0que \u00a0tenemos los \u00a0pobladores \u00a0en \u00a0cuanto \u00a0al accionar de los paramilitares y la presencia de ellos \u00a0all\u00ed \u00a0y \u00a0los \u00a0mensajes \u00a0que \u00a0\u00e9stos \u00a0mismos hac\u00edan en las regiones, orientaban \u00a0hacia \u00a0esas votaciones (\u2026) \u00a0la \u00a0presencia \u00a0directa \u00a0de grupos pertenecientes a las AUC que en la misma forma \u00a0que \u00a0intimidaban \u00a0u \u00a0orientaban \u00a0hacia \u00a0candidatos \u00a0locales lo hicieron en estas \u00a0elecciones \u00a0(\u2026) la forma \u00a0de \u00a0operar de estos grupos es que a trav\u00e9s de los jefes que tienen en las zonas \u00a0o \u00a0municipios, \u00a0\u00e9stos \u00a0hacen reuniones con l\u00edderes, dirigentes, con campesinos \u00a0donde \u00a0orientan \u00a0pol\u00edticamente \u00a0determinados \u00a0candidatos. Otra de las formas es \u00a0que \u00a0l\u00edderes o dirigentes pol\u00edticos que est\u00e9n en complicidad directa honestos \u00a0grupos \u00a0 llevan \u00a0 el \u00a0 mensaje \u00a0 pol\u00edtico \u00a0 a \u00a0 las \u00a0comunidades \u00a0(\u2026) \u00a0debo \u00a0recordar aqu\u00ed que el pueblo \u00a0de \u00a0La \u00a0Jagua \u00a0es un pueblo de mayor\u00eda liberal, que no compart\u00edan que la lista \u00a0que \u00a0encabezaba \u00a0el doctor \u00c1LVARO ARA\u00daJO estuviera pr\u00e1cticamente vetada en el \u00a0municipio \u00a0 (\u2026) \u00a0Es \u00a0de \u00a0conocimiento \u00a0las presiones y la distribuci\u00f3n geogr\u00e1fica que los paramilitares \u00a0hicieron \u00a0en \u00a0el Cesar con unas listas que se beneficiaron de esto (\u2026) \u00a0El \u00a0hecho \u00a0de \u00a0estas \u00a0listas haber \u00a0estado \u00a0apoyadas \u00a0por \u00a0l\u00edderes \u00a0pol\u00edticos \u00a0de \u00a0los \u00a0municipios no significa la \u00a0exclusi\u00f3n \u00a0de \u00a0la \u00a0responsabilidad \u00a0por \u00a0parte \u00a0del \u00a0accionar \u00a0delictivo de los \u00a0paramilitares \u00a0 en \u00a0 haber \u00a0 presionado \u00a0 a \u00a0 personas \u00a0que \u00a0votaran\u201d.111 \u00a0\u00a0<\/p>\n<p>Sobre el mismo tema, Orfilia y Janeth Arias \u00a0Angarita, aducen: \u00a0\u00a0<\/p>\n<p>\u201cMi pap\u00e1 fue \u00a0asesinado \u00a0el \u00a017 \u00a0de marzo de 2002, en La Jagua de Ibirico. Seg\u00fan comentarios, \u00a0porque \u00a0no \u00a0manejo \u00a0pruebas, \u00a0fueron \u00a0los \u00a0grupos \u00a0de autodefensas (\u2026) \u00a0con \u00a0el \u00a0transcurrir \u00a0de los d\u00edas \u00a0surgieron \u00a0comentarios \u00a0de \u00a0que la muerte de \u00e9l fue por razones pol\u00edticas, por \u00a0haber \u00a0 \u00e9l \u00a0 apoyado \u00a0la \u00a0candidatura \u00a0del \u00a0doctor \u00a0\u00c1LVARO \u00a0AR\u00daJO \u00a0al \u00a0senado \u00a0(\u2026) \u00a0 \u00c9l \u00a0 en \u00a0alguna \u00a0ocasi\u00f3n \u00a0en \u00a0el \u00a0transcurrir \u00a0de \u00a0la \u00a0campa\u00f1a \u00a0me \u00a0coment\u00f3 \u00a0que \u00a0ten\u00eda temor \u00a0(\u2026) \u00a0 por \u00a0 todos \u00a0los \u00a0comentarios \u00a0que \u00a0hab\u00eda \u00a0en \u00a0La \u00a0Jagua. \u00a0Todo \u00a0lo \u00a0que \u00a0voy \u00a0a decir es bajo el \u00a0supuesto, \u00a0porque \u00a0no \u00a0manejo \u00a0pruebas. \u00a0Que \u00a0personas que no hubiesen apoyado a \u00a0MAURICIO \u00a0PIMIENTO \u00a0y \u00a0a \u00a0JORGE\u00a0 \u00a0RAM\u00cdREZ \u00a0iban a sufrir las consecuencias \u00a0(\u2026) \u00a0En \u00a0La \u00a0Jagua \u00a0se \u00a0manejaba \u00a0el \u00a0concepto de que hab\u00eda que apoyar la lista de MAURICIO PIMIENTO al \u00a0Senado \u00a0 y \u00a0 al \u00a0 G8 \u00a0 que \u00a0 era \u00a0 el \u00a0grupo \u00a0de \u00a0JORGE \u00a0RAM\u00cdREZ \u00a0(\u2026) \u00a0Segu\u00edan \u00a0los \u00a0comentarios \u00a0en \u00a0el \u00a0pueblo \u00a0que \u00a0por \u00a0haber \u00a0habido \u00a0votos \u00a0para \u00a0el \u00a0doctor \u00a0ARA\u00daJO \u00a0podr\u00eda traer \u00a0consecuencias \u00a0 graves \u00a0 y \u00a0 creci\u00f3 \u00a0 la \u00a0angustia \u00a0en \u00a0la \u00a0familia\u201d112; \u00a0 Rodrigo \u00a0Alberto \u00a0Soto \u00a0G\u00e1mez, \u00a0por \u00a0su \u00a0lado, \u00a0confirma las amenazas que se hicieron a quienes hab\u00edan \u00a0asistido \u00a0 a \u00a0 una \u00a0reuni\u00f3n \u00a0con \u00a0el \u00a0doctor \u00a0Ara\u00fajo \u00a0Castro, \u00a0previa \u00a0las \u00a0elecciones de 2002: \u201cque \u00a0los \u00a0votos \u00a0que sacara el doctor \u00a0\u00c1LVARO \u00a0 ARA\u00daJO \u00a0 era \u00a0 la \u00a0 misma \u00a0 cantidad \u00a0 de \u00a0 muertos \u00a0 que \u00a0pon\u00eda \u00a0la \u00a0poblaci\u00f3n\u201d, \u00a0y \u00a0si \u00a0bien \u00a0asegura \u00a0que \u00a0no \u00a0conoci\u00f3 que se haya dicho que se deb\u00eda apoyar un determinado \u00a0candidato \u00a0 \u00a0o \u00a0 \u00a0proyecto \u00a0 \u00a0pol\u00edtico, \u00a0 \u00a0tambi\u00e9n \u00a0 \u00a0se\u00f1ala: \u00a0 \u00a0\u201clo que siempre notamos nosotros raro, \u00a0era \u00a0que aquellas personas que simpatizaban con el proyecto pol\u00edtico del doctor \u00a0PIMIENTO \u00a0 \u00a0 \u00a0 \u00a0nunca \u00a0 \u00a0 \u00a0 \u00a0sufrieron \u00a0 \u00a0 \u00a0 \u00a0ninguna \u00a0 \u00a0 \u00a0 \u00a0amenaza\u201d.113 \u00a0\u00a0<\/p>\n<p>Luis Camilo Laborde Navarro tambi\u00e9n apunta \u00a0la \u00a0 incidencia \u00a0de \u00a0las \u00a0AUC \u00a0en \u00a0la \u00a0regi\u00f3n, \u00a0en \u00a0asuntos \u00a0pol\u00edticos, \u00a0as\u00ed: \u00a0\u201cBueno \u00a0mi \u00a0pap\u00e1 \u00a0no me \u00a0coment\u00f3 \u00a0nunca \u00a0de \u00a0tales \u00a0coacciones, \u00a0lo \u00a0que \u00a0s\u00ed me asegur\u00f3 era que ten\u00eda \u00a0cierto \u00a0temor \u00a0por \u00a0comentarios \u00a0que \u00a0se \u00a0hac\u00edan \u00a0al respecto de que hab\u00eda que \u00a0pedirle \u00a0permiso \u00a0a \u00a0las \u00a0autodefensas \u00a0en \u00a0su \u00a0entonces \u00a0para \u00a0tener \u00a0cualquier \u00a0aspiraci\u00f3n \u00a0(\u2026) en varias \u00a0conversaciones \u00a0que \u00a0tuve \u00a0con amigos en la Direcci\u00f3n Departamental Liberal del \u00a0Cesar \u00a0hac\u00edan \u00a0continuamente \u00a0referencia \u00a0de estas situaciones. Se comentaba de \u00a0amenazas \u00a0que \u00a0le \u00a0hab\u00edan \u00a0hecho \u00a0al \u00a0doctor Palacio para que no aspirara a las \u00a0elecciones \u00a0en el 2002 (\u2026) \u00a0En \u00a0la \u00a0\u00e9poca \u00a0en \u00a0que \u00a0el \u00a0doctor \u00a0Palacio \u00a0Ni\u00f1o \u00a0aspir\u00f3 \u00a0a la alcald\u00eda del \u00a0municipio \u00a0de La Jagua o Becerril, exactamente no retengo tales fechas pero para \u00a0esos \u00a0 \u00a0 \u00a0momentos \u00a0 \u00a0 \u00a0se \u00a0 \u00a0 \u00a0comentaba \u00a0 \u00a0 \u00a0de \u00a0 \u00a0 amenazas \u00a0 \u00a0 (\u2026) \u00a0hab\u00eda \u00a0rumores en la regi\u00f3n, con \u00a0esto \u00a0me refiero a los municipios en que normalmente se desenvolv\u00eda mi pap\u00e1 El \u00a0Copey, \u00a0Bosconia, \u00a0Ariguan\u00ed (El dif\u00edcil), Fundaci\u00f3n, Valledupar y El Paso, al \u00a0respecto \u00a0de \u00a0que \u00a0grupos \u00a0al margen de la ley m\u00e1s exactamente las autodefensas \u00a0iban \u00a0a \u00a0hacer \u00a0preferencias \u00a0pol\u00edticas por ciertos candidatos a las diferentes \u00a0corporaciones \u00a0 que \u00a0 a \u00a0futuro, \u00a0iban \u00a0a \u00a0entrar \u00a0en \u00a0elecciones, \u00a0esto \u00a0me \u00a0lo \u00a0cont\u00f3\u00a0 \u00a0d\u00edas \u00a0antes de su muerte\u201d, \u00a0siendo \u00a0que \u00a0su \u00a0padre \u00a0\u2013\u00a0 \u00a0Luis \u00a0Camilo \u00a0Laborde \u00a0Restrepo, ex alcalde del municipio El \u00a0Copey\u00a0 \u00a0&#8211;\u00a0 \u00a0fue \u00a0asesinado \u00a0el \u00a021 \u00a0de \u00a0diciembre \u00a0de 2001 por hombres \u00a0armados \u00a0que \u00a0lo \u00a0hicieron \u00a0descender \u00a0del \u00a0veh\u00edculo en que se transportaba, al \u00a0parecer \u00a0como \u00a0consecuencia \u00a0de \u00a0haber \u00a0aspirado \u00a0a \u00a0la C\u00e1mara 2002114, \u00a0hecho \u00a0referido, \u00a0igualmente, \u00a0por \u00a0su \u00a0hermano \u00a0Jos\u00e9 \u00a0Luis Laborde G\u00f3mez115 que hasta \u00a0el \u00a0mismo \u00a0acusado \u00a0atribuye \u00a0a \u00a0las \u00a0autodefensas, \u00a0desvirtuando, \u00a0de \u00a0paso, \u00a0a \u00a0Dagoberto \u00a0Rodr\u00edguez \u00a0L\u00f3pez, \u00a0quien neg\u00f3 presiones pol\u00edticas de parte de los \u00a0paramilitares \u00a0 que \u00a0 se \u00a0 hallaban \u00a0 radicados \u00a0 en \u00a0 el \u00a0municipio116.\u00a0 \u00a0\u00a0<\/p>\n<p>Yenis Edith Gullo Pe\u00f1a, igualmente rese\u00f1a: \u00a0\u201ccon \u00a0anterioridad a las \u00a0elecciones \u00a02002 \u00a0y en las elecciones del 2002 en Astrea Cesar hab\u00eda influencia \u00a0de \u00a0un \u00a0grupo \u00a0paramilitar del Magdalena que ten\u00eda bajo su zona municipios como \u00a0Guamal, \u00a0 San \u00a0 Sebasti\u00e1n, \u00a0 Piji\u00f1o \u00a0 del \u00a0Carmen, \u00a0Casa \u00a0de \u00a0Tabla \u00a0y \u00a0Astrea \u00a0(\u2026) \u00a0la poblaci\u00f3n civil \u00a0manifest\u00f3 \u00a0una \u00a0presi\u00f3n \u00a0por \u00a0parte \u00a0de \u00a0este \u00a0grupo \u00a0meses \u00a0despu\u00e9s \u00a0de \u00a0las \u00a0elecciones, \u00a0en \u00a0la \u00a0\u00e9poca \u00a0pre \u00a0electoral \u00a0exist\u00eda \u00a0un \u00a0ambiente \u00a0tenso en el \u00a0municipio \u00a0 (\u2026) \u00a0Ellos \u00a0manifestaban \u00a0que \u00a0deb\u00edan \u00a0apoyar \u00a0unos \u00a0candidatos \u00a0que \u00a0esta organizaci\u00f3n al \u00a0parecer \u00a0llevaba \u00a0(\u2026) \u00a0a \u00a0mediados \u00a0del \u00a0mes \u00a0de \u00a0febrero me abordaban personas\u00a0 dec\u00edan pertenecer a \u00a0este \u00a0grupo \u00a0con \u00a0el \u00a0objeto \u00a0de \u00a0que \u00a0acudiera \u00a0a \u00a0una \u00a0reuni\u00f3n \u00a0con \u00a0el \u00a0jefe \u00a0(\u2026) lo cual nunca acept\u00e9 \u00a0y \u00a0derivaron \u00a0posteriormente \u00a0unas \u00a0amenazas \u00a0y \u00a0una \u00a0persecuci\u00f3n \u00a0en mi contra \u00a0(\u2026) \u00a0en los momentos que \u00a0dialogaron \u00a0conmigo \u00a0(\u2026) \u00a0que \u00a0ellos \u00a0ten\u00edan \u00a0que \u00a0asegurar que los pol\u00edticos tradicionales del Cesar no \u00a0salieran \u00a0electos porque la organizaci\u00f3n ten\u00eda como misi\u00f3n la oxigenaci\u00f3n de \u00a0la \u00a0pol\u00edtica \u00a0en \u00a0el \u00a0departamento \u00a0(\u2026) \u00a0hablaban \u00a0de \u00a0un \u00a0Danilo \u00a0&#8211; como jefe- \u00a0(\u2026) \u00a0la \u00a0persona \u00a0que \u00a0me \u00a0abordaba \u00a0mencion\u00f3 \u00a0el \u00a0nombre de \u00c1LVARO \u00a0ARA\u00daJO \u00a0CASTRO, \u00a0como \u00a0una \u00a0de \u00a0las personas que no deb\u00edan repetir\u201d.117 \u00a0\u00a0<\/p>\n<p>Esta \u00a0\u00faltima \u00a0afirmaci\u00f3n, que ciertamente \u00a0parecer\u00eda \u00a0favorecer \u00a0los \u00a0intereses \u00a0del \u00a0procesado, no es sin embargo sino la \u00a0confirmaci\u00f3n \u00a0 de \u00a0la \u00a0f\u00e9rrea \u00a0imposici\u00f3n \u00a0de \u00a0la \u00a0voluntad \u00a0de \u00a0\u201cJorge \u00a0 \u00a0 \u00a0 \u00a0 \u00a040\u201d \u00a0que, \u00a0a \u00a0pesar \u00a0de \u00a0apoyar a los dos \u00a0candidatos \u00a0al \u00a0Senado, \u00a0trat\u00f3 \u00a0de \u00a0impedir \u00a0cualquier acto de indisciplina que \u00a0pudiera \u00a0dar al traste con sus prop\u00f3sitos. Es, recu\u00e9rdese, la misma situaci\u00f3n \u00a0a \u00a0la \u00a0que \u00a0se \u00a0refiri\u00f3 \u00a0Palacio Ni\u00f1o respecto del se\u00f1or Arias en La Jagua de \u00a0Ibirico. \u00a0\u00a0<\/p>\n<p>Otro hecho que devela la presi\u00f3n pol\u00edtica \u00a0que \u00a0ejerc\u00eda el bloque norte de las autodefensas en el Cesar, es el relacionado \u00a0con \u00a0la prohibici\u00f3n que directamente le hiciera Rodrigo Tovar Pupo a la doctora \u00a0Juana \u00a0Bautista \u00a0Ram\u00edrez de seguir adelante con su campa\u00f1a del 2002 en procura \u00a0de \u00a0una \u00a0curul \u00a0en la C\u00e1mara de Representantes, tal y como ella misma lo relata \u00a0en \u00a0consonancia \u00a0con \u00a0la \u00a0totalidad \u00a0de \u00a0los \u00a0testigos que se refirieron al tema \u00a0\u2013 \u00a0ya \u00a0mencionados &#8211; y lo \u00a0reconoce el extraditado jefe paramilitar en cita. \u00a0\u00a0<\/p>\n<p>As\u00ed, \u00a0lo \u00a0que \u00a0surge \u00a0de \u00a0la \u00a0prueba es el \u00a0acentuado \u00a0influjo \u00a0del bloque norte de las AUC en las elecciones a Congreso del \u00a0a\u00f1o \u00a02002 \u00a0en \u00a0el \u00a0departamento \u00a0del \u00a0Cesar, \u00a0como \u00a0desarrollo de la estrategia \u00a0pol\u00edtica \u00a0que \u00a0hab\u00edan concertado de anta\u00f1o, seg\u00fan lo advertido por Salvatore \u00a0Mancuso, \u00a0 cuando \u00a0 se \u00a0plane\u00f3 \u00a0penetrar \u00a0el \u00a0poder \u00a0pol\u00edtico, \u00a0incluidos \u00a0los \u00a0congresistas, \u00a0 \u00a0precisando \u00a0 \u00a0que \u00a0 \u201c \u00a0todos \u00a0los \u00a0pol\u00edticos \u00a0de \u00a0esta \u00a0zona \u00a0\u2013 aquella donde el bloque \u00a0norte \u00a0ten\u00eda \u00a0influencia \u00a0&#8211; nos buscaron para que les \u00a0colabor\u00e1ramos \u00a0 \u00a0 \u00a0 en \u00a0 \u00a0 \u00a0 su \u00a0 \u00a0 \u00a0 carrera \u00a0 \u00a0 \u00a0pol\u00edtica \u00a0 \u00a0 \u00a0(\u2026) \u00a0dentro \u00a0de \u00a0unos \u00a0acuerdos con las \u00a0comunidades \u00a0y \u00a0con \u00a0nosotros \u00a0para \u00a0buscarle soluci\u00f3n a los problemas de estas \u00a0mismas \u00a0 \u00a0 comunidades \u00a0 \u00a0 seg\u00fan \u00a0 \u00a0nuestra \u00a0 \u00a0visi\u00f3n \u00a0 \u00a0pol\u00edtica\u201d; lo que coincide con lo sostenido por \u00a0Rodrigo \u00a0Tovar \u00a0Pupo \u00a0en \u00a0el \u00a0sentido \u00a0de \u00a0que \u00a0luego \u00a0del \u00a0avance \u00a0militar, \u00a0el \u00a0asentamiento \u00a0territorial \u00a0del \u00a0bloque, \u00a0la sociedad entre las autodefensas y la \u00a0comunidad, \u00a0quienes \u00a0quisieran \u00a0acceder \u00a0a \u00a0las \u00a0bases \u00a0populares \u00a0o \u00a0acumulados \u00a0solidarios \u00a0de \u00a0la organizaci\u00f3n para obtener el beneficio de ese constituyente, \u00a0ten\u00edan \u00a0que \u00a0participar \u00a0de \u00a0las \u00a0din\u00e1micas pol\u00edticas, sociales y econ\u00f3micas \u00a0desarrolladas \u00a0 \u00a0 \u00a0en \u00a0 \u00a0 \u00a0ese \u00a0 \u00a0 \u201cestado \u00a0 de \u00a0 autodefensa\u201d \u00a0 por \u00a0 los \u00a0 acumulados \u00a0solidarios \u00a0que \u00a0terminaron \u00a0\u201chaciendo \u00a0 \u00a0 \u00a0componendas \u00a0 \u00a0 \u00a0o \u00a0alianzas\u201d\u00a0 \u00a0con la clase pol\u00edtica. \u00a0\u00a0<\/p>\n<p>Componendas que confirman los testimonios de \u00a0C\u00e9sar \u00a0Gaviria \u00a0Trujillo, Horacio Serpa Uribe, Ana Emilce Jaimes Ardila, Javier \u00a0Enrique \u00a0Guevara \u00a0Monsalve, \u00a0Sadith \u00a0Armenta \u00a0Rodr\u00edguez, \u00a0Jos\u00e9 Alides Quintero \u00a0Romero, \u00a0Luis \u00a0Alberto \u00a0Monsalvo \u00a0Gnecco, Julio Enrique Blanco Nobles, Orfilia y \u00a0Janeth \u00a0Arias \u00a0Angarita, \u00a0Luis Camilo Laborde Navarro y Yenis Edith Gullo Pe\u00f1a, \u00a0entre \u00a0otros, \u00a0las \u00a0cuales \u00a0reportaban mutuos beneficios, entre las que contaba, \u00a0para \u00a0los \u00a0candidatos \u00a0a \u00a0cargos \u00a0de \u00a0elecci\u00f3n \u00a0popular, \u00a0lo relacionado con la \u00a0incidencia \u00a0del \u00a0grupo \u00a0armado \u00a0ilegal \u00a0para \u00a0favorecer \u00a0su pretensi\u00f3n, como se \u00a0cumpli\u00f3 \u00a0mediante \u00a0la \u00a0presi\u00f3n ejercida sobre la comunidad para que depositara \u00a0los \u00a0votos \u00a0seg\u00fan \u00a0lo determinado en cada municipio por las autodefensas, desde \u00a0luego, \u00a0dado \u00a0el poder intimidatorio que hab\u00edan concentrado con sus actividades \u00a0ilegales de tiempo atr\u00e1s. \u00a0\u00a0<\/p>\n<p>Contando \u00a0 tambi\u00e9n \u00a0 para \u00a0demostrar \u00a0lo \u00a0anterior, \u00a0la obligaci\u00f3n impuesta por \u201cJorge \u00a040\u201d a la \u00a0doctora \u00a0Juana \u00a0Bautista \u00a0Ram\u00edrez, \u00a0como lo rese\u00f1a ella misma, de abandonar su \u00a0aspiraci\u00f3n \u00a0a la C\u00e1mara de Representantes como condici\u00f3n para liberar al jefe \u00a0del \u00a0movimiento \u00a0pol\u00edtico \u00a0al \u00a0cual \u00a0pertenec\u00eda \u00a0y \u00a0que hab\u00eda secuestrado con \u00a0antelaci\u00f3n, \u00a0V\u00edctor \u00a0Ochoa \u00a0Daza, \u00a0al \u00a0igual \u00a0que \u00a0la modificaci\u00f3n de la Mesa \u00a0Directiva \u00a0 \u00a0del \u00a0 \u00a0Concejo \u00a0 de \u00a0 Valledupar, \u00a0 seg\u00fan \u00a0 lo \u00a0 atestiguado \u00a0 por \u00a0\u00e9ste. \u00a0\u00a0<\/p>\n<p>Es \u00a0aqu\u00ed \u00a0donde el denominado \u201cConvenio \u00a0 \u00a0 Pol\u00edtico\u201d \u00a0 \u00a0 \u00a0 \u00a0 o \u00a0 \u00a0 \u00a0 \u00a0 \u201cPacto \u00a0 \u00a0 de \u00a0 \u00a0Pivijay\u201d \u00a0 \u00a0suscrito \u00a0 \u00a0por \u00a0 \u00a0\u201cJorge \u00a0 \u00a0 \u00a0 \u00a0 \u00a040\u201d \u00a0y varios aspirantes al Congreso para \u00a0las \u00a0elecciones \u00a0de \u00a02002, \u00a0entre \u00a0otros personajes, incautado en un predio suyo \u00a0ubicado \u00a0 \u00a0 en \u00a0 \u00a0 Sabanas \u00a0 \u00a0de \u00a0 \u00a0San \u00a0 \u00a0\u00c1ngel118, \u00a0emerge como prueba de la \u00a0efectiva \u00a0sectorizaci\u00f3n \u00a0de \u00a0un \u00a0territorio \u00a0hecha \u00a0por \u00a0el \u00a0jefe \u00a0paramilitar, \u00a0documento \u00a0que \u00a0acredita, \u00a0conforme \u00a0con \u00a0lo sostenido por la defensa material y \u00a0t\u00e9cnica, \u00a0que \u00a0el \u00a0departamento del Magdalena fue dividido en zonas electorales \u00a0asignadas \u00a0a \u00a0diferentes \u00a0candidatos a Congreso, quienes obtuvieron la votaci\u00f3n \u00a0que \u00a0los \u00a0llev\u00f3 a ocupar curules en Senado y C\u00e1mara. Pero tambi\u00e9n en el mismo \u00a0documento \u00a0 \u00a0se \u00a0 \u00a0aprecia \u00a0 \u00a0que \u00a0 \u00a0\u201cJorge \u00a0 40\u201d \u00a0hab\u00eda \u00a0hecho \u00a0manuscritos \u00a0a \u00a0l\u00e1piz \u00a0superpuestos en dicho pliego, que hac\u00edan \u00a0referencia \u00a0 al \u00a0departamento \u00a0del \u00a0Cesar \u00a0y \u00a0a \u00a0Mauricio \u00a0Pimiento \u00a0Barrera \u00a0en \u00a0particular, \u00a0lo cual permiti\u00f3 comprender, en sana cr\u00edtica y junto con el resto \u00a0del \u00a0caudal \u00a0probatorio allegado en su contra, que tambi\u00e9n oper\u00f3 la mencionada \u00a0distribuci\u00f3n \u00a0 \u00a0y \u00a0 asignaci\u00f3n \u00a0 territorial \u00a0 en \u00a0 esa \u00a0 regi\u00f3n.119 \u00a0\u00a0<\/p>\n<p>Y \u00a0si \u00a0al \u00a0doctor Mauricio Pimiento Barrera \u00a0\u201cJorge \u00a0 40\u201d \u00a0le \u00a0asign\u00f3 \u00a0solamente una parte del \u00a0territorio \u00a0del \u00a0Cesar donde ser\u00eda favorecida su aspiraci\u00f3n al Senado de aquel \u00a070% \u00a0que \u00a0aproximadamente \u00a0dominaba \u00a0con \u00a0el \u00a0grupo armado ilegal que comandaba, \u00a0seg\u00fan \u00a0su \u00a0propia \u00a0manifestaci\u00f3n \u00a0en \u00a0tal \u00a0sentido, \u00a0para ser coherente con la \u00a0estrategia \u00a0dise\u00f1ada \u00a0con \u00a0fines \u00a0electorales lo obvio era que aprovechara otra \u00a0zona \u00a0del Cesar para pactar con distinto candidato, disponiendo de los votos que \u00a0bajo \u00a0la \u00a0intimidaci\u00f3n \u00a0f\u00edsica \u00a0y moral pod\u00eda lograr, sin que para ello fuera \u00a0necesario \u00a0que \u00a0se \u00a0suscribiera documento alguno; emergiendo claro que \u00e9ste fue \u00a0el \u00a0aqu\u00ed \u00a0acusado, \u00a0de acuerdo con los resultados allegados al proceso y de los \u00a0cuales\u00a0 \u00a0da \u00a0cuenta que muestra la Registradur\u00eda Nacional del Estado Civil \u00a0en \u00a0 \u00a0 \u00a0 \u00a0 \u00a0su \u00a0 \u00a0 \u00a0 \u00a0 \u00a0p\u00e1gina \u00a0 \u00a0 \u00a0 \u00a0 \u00a0web120, \u00a0 \u00a0donde \u00a0 se \u00a0 aprecia \u00a0f\u00e1cilmente \u00a0la diferencia radical que se present\u00f3 en aquellas elecciones en el \u00a0departamento, \u00a0pues \u00a0la \u00a0mayor votaci\u00f3n la obtuvieron los doctores \u00c1lvaro \u00a0Ara\u00fajo Castro y Mauricio Pimiento \u00a0Barrera, \u00a0con \u00a044.828 \u00a0y \u00a034.120 \u00a0votos, \u00a0respectivamente, \u00a0que \u00a0corresponden al \u00a022.127% \u00a0y 16.842% de la votaci\u00f3n, mientras el tercer lugar lo ocup\u00f3 el doctor \u00a0Efra\u00edn \u00a0Cepeda \u00a0Saravia \u00a0con \u00a06.668 \u00a0votos \u00a0que \u00a0representaron \u00a0el 3.291% de la \u00a0votaci\u00f3n \u00a0y los dem\u00e1s aspirantes, a favor de quienes tambi\u00e9n hubo votos, como \u00a0insistentemente \u00a0lo \u00a0indican \u00a0la \u00a0defensa \u00a0material \u00a0y \u00a0t\u00e9cnica \u00a0as\u00ed \u00a0como \u00a0el \u00a0Procurador \u00a0 Delegado, \u00a0 ni \u00a0 siquiera \u00a0 alcanzaron \u00a0el \u00a03% \u00a0del \u00a0total \u00a0de \u00a0los \u00a0depositados. \u00a0\u00a0<\/p>\n<p>Ese resultado de entrada pone de relieve una \u00a0dividida \u00a0 \u00a0votaci\u00f3n \u00a0 \u00a0entre \u00a0 \u00a0los \u00a0 \u00a0candidatos \u00a0 al \u00a0 Senado \u00a0 Ara\u00fajo \u00a0Castro \u00a0y \u00a0Pimiento Barrera, pues \u00a0entre \u00a0ambos \u00a0alcanzan \u00a0un \u00a038.969% de los votos depositados en el departamento, \u00a0cuya \u00a0poblaci\u00f3n \u00a0particip\u00f3 \u00a0en \u00a0un \u00a042.468% en ese debate electoral, seg\u00fan la \u00a0Registradur\u00eda121. \u00a0\u00a0<\/p>\n<p>Rep\u00e1rese, adem\u00e1s, que los resultados en la \u00a0zona \u00a0 sur \u00a0 del \u00a0Cesar \u00a0fueron \u00a03.002 \u00a0votos \u00a0para \u00a0Mauricio \u00a0Pimiento \u00a0Barrera \u00a0\u2013 \u00a0es \u00a0decir, el 8.79% de \u00a0sus \u00a0votos \u00a0en el Cesar &#8211; y 19.766 para \u00c1lvaro Ara\u00fajo \u00a0Castro \u00a0 \u2013 \u00a0lo \u00a0que representa un 44.09% de su votaci\u00f3n en el departamento -, \u00a0as\u00ed: \u00a0\u00a0<\/p>\n<p>Municipio \u00a0 \u00a0 \u00a0 \u00a0 \u00a0 \u00a0\u00a0 \u00a0 \u00a0 \u00a0 \u00a0 \u00a0<\/p>\n<p>Ara\u00fajo \u00a0Castro \u00a0\u00a0 \u00a0 \u00a0 \u00a0 \u00a0 \u00a0<\/p>\n<p>Pimiento \u00a0Barrera \u00a0<\/p>\n<p>Curuman\u00ed \u00a0 \u00a0 \u00a0 \u00a0 \u00a0 \u00a0\u00a0 \u00a0 \u00a0 \u00a0 \u00a0 \u00a0<\/p>\n<p>1.191 \u00a0\u00a0 \u00a0 \u00a0 \u00a0 \u00a0 \u00a0<\/p>\n<p>194 \u00a0<\/p>\n<p>Pailitas \u00a0\u00a0 \u00a0 \u00a0 \u00a0 \u00a0 \u00a0<\/p>\n<p>1.622 \u00a0\u00a0 \u00a0 \u00a0 \u00a0 \u00a0 \u00a0<\/p>\n<p>597 \u00a0<\/p>\n<p>Tamalameque \u00a0\u00a0 \u00a0 \u00a0 \u00a0 \u00a0 \u00a0<\/p>\n<p>2.950 \u00a0\u00a0 \u00a0 \u00a0 \u00a0 \u00a0 \u00a0<\/p>\n<p>459 \u00a0<\/p>\n<p>Pelaya \u00a0\u00a0 \u00a0 \u00a0 \u00a0 \u00a0\u00a0 \u00a0 \u00a0 \u00a0 \u00a0 \u00a0<\/p>\n<p>\u00a0\u00a0 \u00a0987 \u00a0\u00a0 \u00a0 \u00a0 \u00a0 \u00a0 \u00a0<\/p>\n<p>\u00a0 48 \u00a0<\/p>\n<p>La Gloria \u00a0\u00a0 \u00a0 \u00a0 \u00a0 \u00a0 \u00a0<\/p>\n<p>1.479 \u00a0\u00a0 \u00a0 \u00a0 \u00a0 \u00a0 \u00a0<\/p>\n<p>173 \u00a0<\/p>\n<p>Gamarra \u00a0\u00a0 \u00a0 \u00a0 \u00a0 \u00a0\u00a0 \u00a0 \u00a0 \u00a0 \u00a0 \u00a0<\/p>\n<p>1.974 \u00a0\u00a0 \u00a0 \u00a0 \u00a0 \u00a0 \u00a0<\/p>\n<p>\u00a0 48 \u00a0<\/p>\n<p>Aguachica \u00a0 \u00a0 \u00a0 \u00a0 \u00a0 \u00a0\u00a0 \u00a0 \u00a0 \u00a0 \u00a0 \u00a0<\/p>\n<p>3.491 \u00a0\u00a0 \u00a0 \u00a0 \u00a0 \u00a0 \u00a0<\/p>\n<p>724 \u00a0<\/p>\n<p>Gonz\u00e1lez \u00a0 \u00a0 \u00a0 \u00a0 \u00a0 \u00a0\u00a0 \u00a0 \u00a0 \u00a0 \u00a0 \u00a0<\/p>\n<p>1.505 \u00a0\u00a0 \u00a0 \u00a0 \u00a0 \u00a0 \u00a0<\/p>\n<p>532 \u00a0<\/p>\n<p>R\u00edo \u00a0 \u00a0de \u00a0Oro \u00a0\u00a0 \u00a0 \u00a0 \u00a0 \u00a0 \u00a0<\/p>\n<p>\u00a0 \u00a0891 \u00a0\u00a0 \u00a0 \u00a0 \u00a0 \u00a0 \u00a0<\/p>\n<p>\u00a0\u00a0\u00a0 \u00a05 \u00a0<\/p>\n<p>San \u00a0Mart\u00edn \u00a0\u00a0 \u00a0 \u00a0 \u00a0 \u00a0 \u00a0<\/p>\n<p>2.295 \u00a0\u00a0 \u00a0 \u00a0 \u00a0 \u00a0 \u00a0<\/p>\n<p>\u00a0\u00a0\u00a0 \u00a06 \u00a0<\/p>\n<p>San \u00a0Alberto \u00a0\u00a0 \u00a0 \u00a0 \u00a0 \u00a0 \u00a0<\/p>\n<p>1.381 \u00a0\u00a0 \u00a0 \u00a0 \u00a0 \u00a0 \u00a0<\/p>\n<p>216 \u00a0<\/p>\n<p>Mientras \u00a0 en \u00a0 la \u00a0 zona \u00a0 noroccidental \u00a0Ara\u00fajo \u00a0Castro obtuvo 2.260 \u00a0votos \u00a0\u2013 \u00a0un \u00a05,04% de su \u00a0votaci\u00f3n \u00a0en \u00a0el \u00a0Cesar \u00a0&#8211; \u00a0y \u00a0Pimiento \u00a0Barrera \u00a021.012 sufragios \u2013 \u00a0 el \u00a0 61,58 \u00a0de \u00a0sus \u00a0votos \u00a0en \u00a0el \u00a0departamento -, como sigue: \u00a0\u00a0<\/p>\n<p>Municipio \u00a0 \u00a0 \u00a0\u00a0 \u00a0 \u00a0\u00a0 \u00a0 \u00a0\u00a0 \u00a0 \u00a0 \u00a0 \u00a0 \u00a0 \u00a0 \u00a0\u00a0 \u00a0 \u00a0 \u00a0 \u00a0 \u00a0<\/p>\n<p>Ara\u00fajo \u00a0Castro \u00a0\u00a0 \u00a0 \u00a0 \u00a0 \u00a0 \u00a0<\/p>\n<p>Pimiento \u00a0Barrera \u00a0<\/p>\n<p>El Copey \u00a0\u00a0 \u00a0 \u00a0 \u00a0 \u00a0\u00a0 \u00a0 \u00a0 \u00a0 \u00a0 \u00a0<\/p>\n<p>\u00a0\u00a0 \u00a083 \u00a0\u00a0 \u00a0 \u00a0 \u00a0 \u00a0 \u00a0<\/p>\n<p>3.604 \u00a0<\/p>\n<p>Bosconia \u00a0 \u00a0 \u00a0 \u00a0 \u00a0\u00a0 \u00a0 \u00a0 \u00a0 \u00a0 \u00a0<\/p>\n<p>508 \u00a0\u00a0 \u00a0 \u00a0 \u00a0 \u00a0 \u00a0<\/p>\n<p>2.932 \u00a0<\/p>\n<p>El Paso \u00a0\u00a0 \u00a0 \u00a0 \u00a0 \u00a0 \u00a0<\/p>\n<p>355 \u00a0\u00a0 \u00a0 \u00a0 \u00a0 \u00a0 \u00a0<\/p>\n<p>3.235 \u00a0<\/p>\n<p>Becerril \u00a0 \u00a0 \u00a0 \u00a0 \u00a0\u00a0 \u00a0 \u00a0 \u00a0 \u00a0 \u00a0<\/p>\n<p>227 \u00a0\u00a0 \u00a0 \u00a0 \u00a0 \u00a0 \u00a0<\/p>\n<p>1.104 \u00a0<\/p>\n<p>Astrea \u00a0 \u00a0 \u00a0 \u00a0 \u00a0\u00a0 \u00a0 \u00a0 \u00a0 \u00a0 \u00a0<\/p>\n<p>\u00a0\u00a0 \u00a091 \u00a0\u00a0 \u00a0 \u00a0 \u00a0 \u00a0 \u00a0<\/p>\n<p>2.438 \u00a0<\/p>\n<p>La \u00a0 Jagua \u00a0 de \u00a0Ibirico \u00a0\u00a0 \u00a0 \u00a0 \u00a0 \u00a0 \u00a0<\/p>\n<p>542 \u00a0\u00a0 \u00a0 \u00a0 \u00a0 \u00a0 \u00a0<\/p>\n<p>1.713 \u00a0<\/p>\n<p>Chiriguan\u00e1 \u00a0 \u00a0 \u00a0 \u00a0 \u00a0 \u00a0 \u00a0\u00a0 \u00a0\u00a0 \u00a0 \u00a0 \u00a0 \u00a0 \u00a0<\/p>\n<p>289 \u00a0\u00a0 \u00a0 \u00a0 \u00a0 \u00a0 \u00a0<\/p>\n<p>2.788 \u00a0<\/p>\n<p>Chimichagua \u00a0 \u00a0 \u00a0 \u00a0 \u00a0 \u00a0 \u00a0\u00a0 \u00a0\u00a0 \u00a0 \u00a0 \u00a0 \u00a0 \u00a0<\/p>\n<p>165 \u00a0\u00a0 \u00a0 \u00a0 \u00a0 \u00a0 \u00a0<\/p>\n<p>3.198 \u00a0<\/p>\n<p>Una \u00a0tercera regi\u00f3n o grupo de municipios, \u00a0conocido \u00a0como \u00a0de \u00a0\u201ccielos \u00a0abiertos\u201d porque all\u00ed los \u00a0favorecidos \u00a0de \u00a0las autodefensas pod\u00edan disputarse el favor del electorado con \u00a0aparente \u00a0 libertad, \u00a0lo \u00a0integraban \u00a0los \u00a0municipios \u00a0de \u00a0Valledupar, \u00a0Agust\u00edn \u00a0Codazzi, La Paz, San Diego, Manaure y Pueblo Bello. \u00a0\u00a0<\/p>\n<p>Es \u00a0ac\u00e1 \u00a0donde \u00a0adquiere \u00a0relevancia \u00a0la \u00a0estrategia \u00a0paramilitar \u00a0impuesta \u00a0en virtud del secuestro de V\u00edctor Ochoa Daza \u00a0quien, \u00a0debe \u00a0recordarse, \u00a0d\u00edas \u00a0antes \u00a0del \u00a0plagio \u00a0hab\u00eda renunciado a ser el \u00a0segundo \u00a0rengl\u00f3n \u00a0en \u00a0la \u00a0lista \u00a0al \u00a0Senado \u00a0de \u00c1lvaro Ara\u00fajo Castro y hab\u00eda \u00a0apoyado \u00a0la \u00a0aspiraci\u00f3n \u00a0a \u00a0la C\u00e1mara de la doctora Juana Ram\u00edrez de Ara\u00fajo, \u00a0quien \u00a0como \u00a0aqu\u00e9l \u00a0pertenec\u00eda \u00a0al Movimiento Revolucionario Liberal, MRL, que \u00a0para \u00a0entonces \u00a0detentaba \u00a0la \u00a0alcald\u00eda de Valledupar en cabeza de El\u00edas Ochoa \u00a0Daza y constitu\u00eda una apreciable fuerza electoral en esa capital. \u00a0\u00a0<\/p>\n<p>De \u00a0manera \u00a0que \u00a0el \u00a0hecho \u00a0de obligar a la \u00a0doctora \u00a0Ram\u00edrez, \u00a0reconocida \u00a0l\u00edder \u00a0del \u00a0MRL, a integrar la lista del doctor \u00a0Ara\u00fajo \u00a0Castro, constitu\u00eda una forma de dirigir la votaci\u00f3n de los seguidores \u00a0de \u00a0ese \u00a0movimiento \u00a0y los esfuerzos proselitistas de sus dirigentes hacia \u00e9ste \u00a0lo \u00a0que \u00a0adem\u00e1s, \u00a0bien \u00a0puede \u00a0inferirse, \u00a0podr\u00eda \u00a0tenerse \u00a0como \u00a0una forma de \u00a0compensarle \u00a0 a \u00a0Ara\u00fajo \u00a0por \u00a0la \u00a0asignaci\u00f3n \u00a0del \u00a0distrito \u00a0de \u00a0menor \u00a0caudal \u00a0electoral. \u00a0\u00a0<\/p>\n<p>Los \u00a0 resultados \u00a0 en \u00a0esta \u00a0\u201czona \u00a0de \u00a0cielos \u00a0abiertos\u201d, fue as\u00ed: \u00a0\u00a0<\/p>\n<p>Municipio \u00a0 \u00a0 \u00a0\u00a0 \u00a0 \u00a0\u00a0 \u00a0 \u00a0\u00a0 \u00a0 \u00a0 \u00a0 \u00a0 \u00a0 \u00a0 \u00a0\u00a0 \u00a0 \u00a0 \u00a0 \u00a0 \u00a0<\/p>\n<p>Ara\u00fajo \u00a0Castro \u00a0\u00a0 \u00a0 \u00a0 \u00a0 \u00a0 \u00a0<\/p>\n<p>Pimiento \u00a0Barrera \u00a0<\/p>\n<p>Valledupar \u00a0 \u00a0 \u00a0 \u00a0 \u00a0 \u00a0\u00a0 \u00a0 \u00a0 \u00a0 \u00a0 \u00a0<\/p>\n<p>17.533 \u00a0\u00a0 \u00a0 \u00a0 \u00a0 \u00a0 \u00a0<\/p>\n<p>6.556 \u00a0<\/p>\n<p>Agust\u00edn \u00a0Codazzi \u00a0 \u00a0 \u00a0 \u00a0 \u00a0\u00a0 \u00a0 \u00a0 \u00a0 \u00a0 \u00a0<\/p>\n<p>2.093 \u00a0\u00a0 \u00a0 \u00a0 \u00a0 \u00a0 \u00a0<\/p>\n<p>\u00a0\u00a0\u00a0 \u00a0991 \u00a0<\/p>\n<p>La Paz \u00a0\u00a0 \u00a0 \u00a0 \u00a0 \u00a0 \u00a0<\/p>\n<p>1.772 \u00a0\u00a0 \u00a0 \u00a0 \u00a0 \u00a0 \u00a0<\/p>\n<p>1.458 \u00a0<\/p>\n<p>San Diego \u00a0 \u00a0 \u00a0 \u00a0 \u00a0\u00a0 \u00a0 \u00a0 \u00a0 \u00a0 \u00a0<\/p>\n<p>688 \u00a0\u00a0 \u00a0 \u00a0 \u00a0 \u00a0 \u00a0<\/p>\n<p>\u00a0 \u00a0266 \u00a0<\/p>\n<p>Manaure \u00a0 \u00a0 \u00a0 \u00a0 \u00a0\u00a0 \u00a0 \u00a0 \u00a0 \u00a0 \u00a0<\/p>\n<p>514 \u00a0\u00a0 \u00a0 \u00a0 \u00a0 \u00a0 \u00a0<\/p>\n<p>\u00a0 78 \u00a0<\/p>\n<p>Pueblo \u00a0Bello \u00a0\u00a0 \u00a0 \u00a0 \u00a0 \u00a0 \u00a0<\/p>\n<p>202 \u00a0\u00a0 \u00a0 \u00a0 \u00a0 \u00a0 \u00a0<\/p>\n<p>757 \u00a0<\/p>\n<p>Si \u00a0se \u00a0considera \u00a0que en las elecciones de \u00a01998 \u00a0el procesado obtuvo en los municipios ya citados de la zona nor-occidental \u00a0del \u00a0 departamento \u00a0 6.381 \u00a0 votos \u00a0 \u2013 \u00a0el \u00a018.41% del total de votos en el departamento -, y en los de la \u00a0zona \u00a0sur 7.053 \u2013 el 20.35% \u00a0-; \u00a0al \u00a0comparar \u00a0esos \u00a0resultados \u00a0con \u00a0los \u00a0de \u00a02002, \u00a0se concluye que habr\u00eda \u00a0reducido \u00a0su \u00a0votaci\u00f3n \u00a0en \u00a0las \u00a0poblaciones \u00a0del \u00a0territorio nor-occidental en \u00a0aproximadamente \u00a0 un \u00a0 13% \u00a0 e \u00a0 incrementado \u00a0en \u00a0los \u00a0de \u00a0la \u00a0regi\u00f3n \u00a0sur \u00a0un \u00a024%. \u00a0\u00a0<\/p>\n<p>De \u00a0otro \u00a0lado, \u00a0en \u00a0cuanto \u00a0a \u00a0los \u00a0dem\u00e1s \u00a0municipios \u00a0relacionados \u00a0en el \u00faltimo cuadro de estudio, en 1998 obtuvo 19.145 \u00a0votos \u00a0\u2013 el 55.24 % de la \u00a0votaci\u00f3n \u00a0 departamental \u00a0 &#8211; \u00a0 y \u00a0en \u00a02002 \u00a0un \u00a0total \u00a0de \u00a022.802 \u00a0\u2013 \u00a0equivalente \u00a0al \u00a050.86% \u00a0-, \u00a0lo \u00a0que \u00a0arroja un diferencia del 4.38% menos. \u00a0\u00a0<\/p>\n<p>Todo lo cual controvierte ampliamente lo que \u00a0sostuvo \u00a0en el sentido de que elecci\u00f3n tras elecci\u00f3n incrementaba su votaci\u00f3n \u00a0alrededor \u00a0de \u00a0un \u00a02%, \u00a0adem\u00e1s \u00a0de \u00a0que \u00a0tan \u00a0protuberante \u00a0resultado electoral \u00a0evidenciaba \u00a0que \u00a0efectivamente \u00a0la votaci\u00f3n correspondi\u00f3 a una fragmentaci\u00f3n \u00a0del \u00a0departamento \u00a0con \u00a0la \u00a0finalidad de favorecer a los candidatos patrocinados \u00a0por \u00a0el \u00a0bloque \u00a0norte \u00a0de las AUC, tal y como se comentaba por habitantes de la \u00a0regi\u00f3n \u00a0que \u00a0advirtieron \u00a0c\u00f3mo \u00a0varios l\u00edderes pol\u00edticos fueron asesinados y \u00a0otros \u00a0 tuvieron \u00a0 que \u00a0abandonar \u00a0sus \u00a0aspiraciones \u00a0en \u00a0diferentes \u00a0campa\u00f1as, \u00a0precisamente forzados por la intimidaci\u00f3n del grupo armado ilegal. \u00a0\u00a0<\/p>\n<p>A \u00a0lo \u00a0anterior \u00a0se \u00a0agrega lo revelado por \u00a0Rafael \u00a0Garc\u00eda Torres, en el sentido de que en el Cesar el bloque norte apoyaba \u00a0las \u00a0listas \u00a0al \u00a0Senado \u00a0de \u00a0Ara\u00fajo Castro \u00a0 y \u00a0Pimiento \u00a0Barrera, \u00a0\u201cy \u00a0 que \u00a0 lo \u00a0 que \u00a0 se \u00a0 hiciera \u00a0 en \u00a0 el \u00a0 Magdalena\u201d \u00a0 \u00a0 \u00a0 \u00a0 \u00a0 \u00a0 \u2013 \u00a0distribuci\u00f3n \u00a0de \u00a0municipios en una \u00a0especie \u00a0de \u00a0distritos \u00a0electorales \u00a0que \u00a0se asignaban a determinados candidatos \u00a0-, \u00a0 \u00a0\u201ctambi\u00e9n \u00a0hab\u00eda \u00a0que \u00a0hacerlo en el Cesar y la Guajira\u201d, \u00a0seg\u00fan \u00a0lo \u00a0que \u00a0Jos\u00e9 \u00a0Gamarra \u00a0le \u00a0coment\u00f3, \u00a0en presencia de Enrique Osorio de la Rosa, quien lo neg\u00f3122, gracias a \u00a0la \u00a0ostensible \u00a0presi\u00f3n \u00a0de las comunidades por parte de las autodefensas, para \u00a0acreditar, \u00a0con \u00a0los \u00a0resultados de las votaciones, la divisi\u00f3n territorial del \u00a0Cesar \u00a0que \u00a0favoreci\u00f3 \u00a0electoralmente a los se\u00f1alados candidatos efectivamente \u00a0elegidos, \u00a0as\u00ed \u00a0se \u00a0hubieran \u00a0apremiado \u00a0votos \u00a0nada \u00a0significativos \u00a0por otros \u00a0candidatos, \u00a0lo \u00a0cual \u00a0estaba seguramente presupuestado por las AUC, y, adem\u00e1s, \u00a0tanto \u00a0Mauricio \u00a0Pimiento \u00a0Barrera \u00a0como Jos\u00e9 Gamarra Sierra fueron condenados, \u00a0como \u00a0se \u00a0ha \u00a0conocido \u00a0p\u00fablicamente, \u00a0precisamente \u00a0por haberse concertado con \u00a0\u201cJorge \u00a0 40\u201d \u00a0para \u00a0tales \u00a0fines, \u00a0aun cuando ello \u00a0aparejara \u00a0constre\u00f1ir a los electores, pues la negativa de \u00e9ste al respecto es \u00a0controvertida por el caudal probatorio. \u00a0\u00a0<\/p>\n<p>En \u00a0s\u00edntesis, \u00a0la \u00a0prueba recogida, que ha \u00a0quedado ampliamente rese\u00f1ada en esta providencia, sustenta: \u00a0\u00a0<\/p>\n<p>1. Que desde 1999 aproximadamente, el bloque \u00a0norte \u00a0de \u00a0las autodefensas comandado por Rodrigo Tovar Pupo, alias \u201cJorge \u00a0 \u00a0 \u00a0 \u00a0 \u00a040\u201d, \u00a0 \u00a0empez\u00f3 \u00a0 a \u00a0 incidir \u00a0 en \u00a0 la \u00a0administraci\u00f3n \u00a0p\u00fablica y a intervenir en los procesos electorales para llevar \u00a0a \u00a0personas afines a cargos de representaci\u00f3n popular, inicialmente en el nivel \u00a0territorial y luego en el \u00e1mbito nacional. \u00a0\u00a0<\/p>\n<p>2. Que desde antes del a\u00f1o 2002, ese mismo \u00a0bloque \u00a0asumi\u00f3 \u00a0el \u00a0control \u00a0casi total del departamento del Cesar, incluida la \u00a0regi\u00f3n del sur. \u00a0\u00a0<\/p>\n<p>3. Que en las elecciones para Congreso de la \u00a0Rep\u00fablica \u00a0en el a\u00f1o 2002 el bloque norte, con influencia en los departamentos \u00a0de \u00a0Magdalena \u00a0y \u00a0Cesar, \u00a0asign\u00f3 \u00a0grupos \u00a0de \u00a0municipios \u00a0para que apoyaran las \u00a0aspiraciones \u00a0 de \u00a0algunos \u00a0candidatos, \u00a0creando \u00a0los \u00a0denominados \u00a0\u201cdistritos \u00a0 \u00a0electorales\u201d. \u00a0\u00a0<\/p>\n<p>4. \u00a0Que \u00a0en \u00a0ejecuci\u00f3n \u00a0de \u00a0ese \u00a0proyecto \u00a0electoral, \u00a0en el departamento del Magdalena fueron elegidos para el Congreso de \u00a0la \u00a0Rep\u00fablica, \u00a0con \u00a0ampl\u00edsimos \u00a0porcentajes \u00a0de \u00a0votaci\u00f3n, los se\u00f1ores Dieb \u00a0Maloff \u00a0Cuse, \u00a0Alfonso \u00a0Campo \u00a0Escobar, \u00a0Jorge \u00a0Luis \u00a0Caballero Caballero y Luis \u00a0Eduardo \u00a0 Vives \u00a0 Lacouture, \u00a0todos \u00a0ellos \u00a0finalmente \u00a0condenados \u00a0\u2013 \u00a0los tres primeros por jueces penales \u00a0del \u00a0circuito \u00a0especializado \u00a0y el \u00faltimo por esta Sala &#8211; por delitos cuya base \u00a0fue\u00a0 concierto para delinquir agravado. \u00a0\u00a0<\/p>\n<p>5. \u00a0As\u00ed, \u00a0dos \u00a0zonas \u00a0del departamento del \u00a0Cesar \u00a0\u2013 \u00a0noroccidental y \u00a0sur \u00a0&#8211; \u00a0fueron \u00a0asignadas \u00a0por las autodefensas a los candidatos al Senado de la \u00a0Rep\u00fablica \u00a0Mauricio Pimiento Barrera y \u00c1lvaro Ara\u00fajo \u00a0Castro, \u00a0 en \u00a0 su \u00a0 orden, \u00a0 distribuci\u00f3n \u00a0 que \u00a0los \u00a0paramilitares \u00a0pretendieron garantizar a\u00fan mediante las amenazas y el homicidio \u00a0contra l\u00edderes que se opon\u00edan o que desatendieron esa orden. \u00a0\u00a0<\/p>\n<p>Esa \u00a0repartici\u00f3n \u00a0territorial \u00a0fue \u00a0la que \u00a0permiti\u00f3, \u00a0entonces, \u00a0que \u00a0las votaciones de uno y otro se concentraran en cada \u00a0\u201cdistrito\u201d \u00a0tal como hab\u00eda sido determinado por \u00a0la \u00a0organizaci\u00f3n \u00a0armada, \u00a0\u00fanica \u00a0explicaci\u00f3n \u00a0l\u00f3gica, \u00a0adem\u00e1s, para que el \u00a0grupo \u00a0 \u00a0de \u00a0 \u00a0municipios \u00a0 \u00a0aleda\u00f1os \u00a0 que \u00a0 conformaban \u00a0 cada \u00a0 \u201cdistrito\u201d \u00a0registrara \u00a0altas \u00a0votaciones por el \u00a0candidato \u00a0correspondiente \u00a0y \u00a0bajas \u00a0por el otro. Recu\u00e9rdese, en este sentido, \u00a0que \u00a0mientras \u00a0en el noroccidente el doctor Pimiento Barrera obtuvo 21.012 votos \u00a0el \u00a0 doctor \u00a0Ara\u00fajo \u00a0Castro \u00a0logr\u00f3 \u00a02.260 \u00a0y \u00a0en el sur \u00e9ste consigui\u00f3 19.766 en tanto que aqu\u00e9l alcanz\u00f3 \u00a0apenas 3.002 sufragios. \u00a0\u00a0<\/p>\n<p>Confrontados \u00a0los testimonios rese\u00f1ados en \u00a0precedencia \u00a0con \u00a0la \u00a0fuerza \u00a0de \u00a0convicci\u00f3n \u00a0que \u00a0tiene \u00a0esta \u00a0evidencia, debe \u00a0concluirse \u00a0que \u00a0ciertamente, \u00a0como fue dicho por Palacio Ni\u00f1o y Moreno Panezo, \u00a0el \u00a0 \u00a0departamento \u00a0 \u00a0fue \u00a0 \u00a0dividido \u00a0 \u00a0territorialmente \u00a0 \u00a0para \u00a0 \u201cracionalizar\u201d \u00a0el \u00a0apoyo paramilitar que habr\u00eda de \u00a0brind\u00e1rseles \u00a0 \u00a0 \u00a0a \u00a0 \u00a0 \u00a0los \u00a0 \u00a0 \u00a0doctores \u00a0 \u00a0 \u00a0Pimiento \u00a0 \u00a0 y \u00a0 \u00a0 Ara\u00fajo; que tal como lo expusieron C\u00e9sar \u00a0Gaviria \u00a0Trujillo, \u00a0Horacio \u00a0Serpa \u00a0Uribe, \u00a0de \u00a0Ana Emilce Jaimes Ardila, Javier \u00a0Enrique \u00a0Guevara \u00a0Monsalve, \u00a0Sadith \u00a0Armenta \u00a0Rodr\u00edguez, \u00a0Jos\u00e9 Alides Quintero \u00a0Romero \u00a0 y \u00a0 Luis \u00a0 Alberto \u00a0Monsalvo \u00a0Gnecco, \u00a0las \u00a0autodefensas \u00a0intervinieron \u00a0directamente \u00a0en \u00a0el \u00a0proceso electoral del 2002; que como lo se\u00f1alan Orfilia y \u00a0Janeth \u00a0Arias \u00a0Angarita, \u00a0Luis \u00a0Camilo \u00a0Laborde Navarro, Alfonso Palacio Ni\u00f1o y \u00a0Yenis \u00a0Edith Gullo Pe\u00f1a, por lo menos en La Jagua de Ibirico, El Copey y Astrea \u00a0la \u00a0decisi\u00f3n \u00a0fue impuesta violentamente o se tomaron represalias porque no fue \u00a0atendida \u00a0la orden de votar por Mauricio Pimiento a quien se le hab\u00edan asignado \u00a0esos \u00a0municipios, \u00a0lo \u00a0que \u00a0explica \u00a0adem\u00e1s, \u00a0como \u00a0ya se hab\u00eda dicho, que las \u00a0acciones \u00a0 violentas \u00a0se \u00a0hubieran \u00a0dirigido \u00a0justamente \u00a0contra \u00a0seguidores \u00a0de \u00a0\u00c1lvaro Ara\u00fajo. \u00a0\u00a0<\/p>\n<p>Lo \u00a0anterior permite comprender que quienes \u00a0desconocieron \u00a0 esa \u00a0 realidad \u00a0 palmaria \u00a0 declararan \u00a0por \u00a0temor \u00a0\u2013 \u00a0a\u00fan \u00a0observable \u00a0en \u00a0la regi\u00f3n &#8211; a \u00a0represalias \u00a0o \u00a0a verse comprometidos, porque habr\u00eda que optar entre justificar \u00a0sus \u00a0mentiras u ordenar investigarlos por falso testimonio; sin embargo, Rodrigo \u00a0Tovar \u00a0Pupo \u00a0alias \u00a0\u201cJorge \u00a040\u201d \u00a0al \u00a0referirse \u00a0a \u00a0la \u00a0forma \u00a0 \u00a0como \u00a0 \u00a0podr\u00eda \u00a0 \u00a0la \u00a0 \u00a0historia \u00a0 \u00a0juzgar \u00a0 \u00a0a \u00a0 \u00a0los \u00a0 \u00a0\u201cacumulados \u00a0 \u00a0 \u00a0de \u00a0 \u00a0 solidaridad \u00a0comunitaria\u201d \u00a0creados por \u00a0el \u00a0 \u00a0 \u201cestado \u00a0 \u00a0de \u00a0autodefensa\u201d implantado en \u00a0las \u00a0 \u00a0 \u00a0zonas \u00a0 \u00a0 del \u00a0 \u00a0 pa\u00eds \u00a0 \u00a0 que \u00a0 \u00a0 dominaron, \u00a0 \u00a0 sostuvo:\u201cyo \u00a0creo que la historia los juzgar\u00e1 \u00a0mal, \u00a0pues \u00a0despu\u00e9s \u00a0de \u00a0haber \u00a0hecho \u00a0un \u00a0acumulado de solidaridad comunitaria \u00a0important\u00edsimo \u00a0en \u00a0donde \u00a0pudieron \u00a0haber \u00a0construido \u00a0una historia diferente, \u00a0terminaron \u00a0 amangual\u00e1ndose \u00a0 (sic) \u00a0 o \u00a0 haciendo \u00a0componendas \u00a0o \u00a0alianzas \u00a0con la misma clase pol\u00edtica \u00a0que \u00a0no le hab\u00eda tra\u00eddo ning\u00fan tipo de desarrollo a esas regiones\u201d.123(Negrillas \u00a0 \u00a0 de \u00a0 \u00a0 la \u00a0Corte). \u00a0\u00a0<\/p>\n<p>\u00a0 \u00a0\u00a0 \u00a0 \u00a0En \u00a0ese \u00a0orden de ideas, las declaraciones de los testigos de cargo \u00a0merecen \u00a0credibilidad, \u00a0pues \u00a0adem\u00e1s \u00a0de su confluencia con la prueba allegada, \u00a0nada \u00a0les \u00a0imped\u00eda \u00a0percibir los hechos acaecidos en aquella \u00e9poca en cada uno \u00a0de \u00a0 sus \u00a0 municipios, \u00a0 conforme \u00a0 con \u00a0lo \u00a0que \u00a0surge \u00a0del \u00a0contenido \u00a0de \u00a0sus \u00a0manifestaciones \u00a0acerca de los asesinatos, amenazas y presiones ejercidas por el \u00a0grupo armado ilegal y de la relaci\u00f3n del acusado con el. \u00a0\u00a0<\/p>\n<p>Cuarto.- \u00a0El \u00a0delito \u00a0de \u00a0concierto \u00a0para \u00a0delinquir. \u00a0\u00a0<\/p>\n<p>En \u00a0concordancia \u00a0con el art\u00edculo 340 del \u00a0C\u00f3digo \u00a0Penal, \u00a0el tipo penal de que aqu\u00ed se trata se estructura sobre la base \u00a0de \u00a0considerar \u00a0diversas formas de afectaci\u00f3n de la seguridad p\u00fablica. Es as\u00ed \u00a0como \u00a0en \u00a0una \u00a0escala \u00a0progresiva que no oculta la gravedad de las conductas, se \u00a0sanciona: \u00a0i) el acuerdo de voluntades para cometer delitos; ii) el acuerdo para \u00a0promover, \u00a0armar \u00a0o \u00a0financiar \u00a0grupos \u00a0armados \u00a0al margen de la ley; y, iii) la \u00a0ejecuci\u00f3n \u00a0material \u00a0del \u00a0acuerdo, \u00a0consistente \u00a0en promover, armar o financiar \u00a0efectivamente \u00a0 grupos \u00a0 armados \u00a0 al \u00a0 margen \u00a0de \u00a0la \u00a0ley. \u00a0Los \u00a0dos \u00a0primeros \u00a0comportamientos \u00a0se \u00a0inscriben \u00a0dentro \u00a0de los denominados tipos de peligro y el \u00a0tercero \u00a0 \u00a0 dentro \u00a0 \u00a0de \u00a0 \u00a0los \u00a0 \u00a0de \u00a0 \u00a0lesi\u00f3n.124 \u00a0\u00a0<\/p>\n<p>De \u00a0 otra \u00a0 parte \u00a0 se \u00a0 ha \u00a0 \u00a0 distinguido \u00a0 \u00a0 entre \u00a0 \u00a0 promover \u00a0efectivamente \u00a0un \u00a0grupo \u00a0armado \u00a0al \u00a0margen de la ley \u00a0(inciso \u00a0 3\u00ba \u00a0 del \u00a0 art\u00edculo \u00a0340 \u00a0del \u00a0C\u00f3digo \u00a0Penal), \u00a0y \u00a0el \u00a0concierto \u00a0para \u00a0promover una organizaci\u00f3n \u00a0de \u00a0 \u00a0 ese \u00a0 \u00a0 tipo \u00a0 \u00a0 (inciso \u00a0 \u00a0 2\u00ba \u00a0 \u00a0\u00eddem)125, \u00a0se\u00f1alando \u00a0que \u00a0cabe un \u00a0mayor \u00a0desvalor \u00a0de \u00a0la \u00a0conducta \u00a0y un juicio de exigibilidad personal y social \u00a0m\u00e1s \u00a0dr\u00e1stico \u00a0para \u00a0quien \u00a0organiza, \u00a0fomenta, \u00a0promueve, \u00a0arma o financia el \u00a0concierto \u00a0para \u00a0delinquir, \u00a0que \u00a0para quien solo lo acuerda, el cual traduce la \u00a0celebraci\u00f3n \u00a0de \u00a0consensos \u00a0ilegales con grupos armados al margen de la ley que \u00a0coparon \u00a0por \u00a0la \u00a0fuerza \u00a0territorios \u00a0y \u00a0espacios sociales, y que requer\u00edan de \u00a0alianzas \u00a0estrat\u00e9gicas \u00a0con \u00a0fuerzas \u00a0pol\u00edticas \u00a0para \u00a0consolidar su dominio y \u00a0expansi\u00f3n. \u00a0\u00a0<\/p>\n<p>\u00a0 \u00a0\u00a0 \u00a0\u00a0 \u00a0As\u00ed se ha expresado la Corte al respecto: \u00a0\u00a0<\/p>\n<p>\u201cEl art\u00edculo \u00a0340 \u00a0del \u00a0C\u00f3digo \u00a0Penal \u00a0define diversas formas de ataque al bien jur\u00eddico que \u00a0denotan \u00a0la manera progresiva como se atenta contra la seguridad p\u00fablica. As\u00ed, \u00a0en \u00a0el \u00a0inciso segundo, es el acuerdo de voluntades para promocionar, organizar, \u00a0financiar \u00a0o \u00a0armar \u00a0grupos \u00a0armados al margen de la ley lo que le da sentido al \u00a0injusto, \u00a0en \u00a0el contexto de una modalidad muy propia de los tipos de peligro; y \u00a0en \u00a0el tercero, desde la \u00f3ptica de la efectiva lesi\u00f3n, se sanciona la conducta \u00a0de \u00a0armar, \u00a0financiar o promocionar a tales grupos. Eso implica que se describen \u00a0conductas \u00a0secuenciales \u00a0en \u00a0escala \u00a0de menor a mayor gravedad cuya lesividad se \u00a0refleja \u00a0precisamente \u00a0en el tratamiento punitivo, como corresponde al principio \u00a0de proporcionalidad.\u201d \u00a0\u00a0<\/p>\n<p>(\u2026) \u00a0\u00a0<\/p>\n<p>\u201cEn la escala \u00a0progresiva \u00a0de \u00a0protecci\u00f3n de\u00a0 bienes jur\u00eddicos, el acuerdo que da origen \u00a0al \u00a0concierto para organizar, promover, armar o financiar grupos al margen de la \u00a0ley, \u00a0 se \u00a0 diferencia \u00a0 de \u00a0la \u00a0efectiva \u00a0organizaci\u00f3n, \u00a0fomento, \u00a0promoci\u00f3n, \u00a0direcci\u00f3n \u00a0y \u00a0financiaci\u00f3n del concierto, moldeando diferentes penas seg\u00fan la \u00a0ponderaci\u00f3n \u00a0del aporte que se traduce en un mayor desvalor de la conducta y en \u00a0un \u00a0juicio \u00a0de \u00a0exigibilidad \u00a0personal \u00a0y social mucho m\u00e1s dr\u00e1stico para quien \u00a0efectivamente \u00a0organiza, \u00a0fomenta, \u00a0promueve, \u00a0arma o financia el concierto para \u00a0delinquir, \u00a0 \u00a0 \u00a0que \u00a0 \u00a0 para \u00a0 \u00a0 quien \u00a0 \u00a0 s\u00f3lo \u00a0 \u00a0 lo \u00a0 \u00a0 acuerda.\u201d \u00a0 \u00a0126 \u00a0\u00a0<\/p>\n<p>Ciertamente ese an\u00e1lisis corresponde a una \u00a0lectura \u00a0del \u00a0tipo \u00a0penal \u00a0que \u00a0resalta \u00a0las distintas maneras como el concierto \u00a0puede \u00a0manifestarse \u00a0en \u00a0la \u00a0realidad, \u00a0y \u00a0siendo \u00a0el \u00a0bien \u00a0jur\u00eddico el que le \u00a0confiere \u00a0sentido \u00a0a \u00a0los \u00a0tipos \u00a0penales, \u00a0en el estado actual de la teor\u00eda lo \u00a0menos \u00a0que \u00a0se puede tener de \u00e9l es una visi\u00f3n est\u00e1tica cuya \u00fanica finalidad \u00a0sea la ordenaci\u00f3n sistem\u00e1tica de conductas. \u00a0\u00a0<\/p>\n<p>\u00a0 \u00a0\u00a0 \u00a0\u00a0 \u00a0Ahora, \u00a0sobre \u00a0la \u00a0naturaleza del concierto para delinquir agravado, \u00a0tambi\u00e9n \u00a0 \u00a0 \u00a0 \u00a0 se \u00a0 \u00a0 \u00a0 \u00a0 ha \u00a0 \u00a0 \u00a0 \u00a0 dicho127: \u00a0\u00a0<\/p>\n<p>\u201cCuando \u00a0una \u00a0empresa \u00a0criminal \u00a0se \u00a0organiza \u00a0con \u00a0el \u00a0prop\u00f3sito \u00a0de \u00a0ejecutar \u00a0delitos como \u00a0desaparici\u00f3n \u00a0forzada, desplazamiento forzado, torturas, homicidios por razones \u00a0pol\u00edticas, \u00a0 etc., \u00a0 punibles \u00a0que \u00a0se \u00a0entienden \u00a0comprendidos \u00a0dentro \u00a0de \u00a0la \u00a0calificaci\u00f3n \u00a0de \u00a0delitos de lesa humanidad, dicha valoraci\u00f3n se debe extender \u00a0al \u00a0denominado concierto para delinquir agravado en tanto el acuerdo criminal se \u00a0perfeccion\u00f3 con tales prop\u00f3sitos. \u00a0\u00a0<\/p>\n<p>Destaca la Sala que el Estatuto de Roma que \u00a0dio \u00a0origen \u00a0a \u00a0la \u00a0Corte \u00a0Penal \u00a0Internacional \u00a0ha tenido en cuenta no s\u00f3lo la \u00a0conducta \u00a0del \u00a0autor \u00a0o \u00a0de \u00a0los part\u00edcipes sino que tambi\u00e9n ha considerado en \u00a0especial \u00a0la \u00a0existencia \u00a0de \u00a0prop\u00f3sitos \u00a0dirigidos \u00a0a \u00a0cometer delitos de lesa \u00a0humanidad, \u00a0lo \u00a0cual significa que tambi\u00e9n deben ser castigadas en igual medida \u00a0aquellas \u00a0conductas \u00a0preparatorias para la comisi\u00f3n de los delitos que incluyen \u00a0tanto \u00a0el \u00a0acuerdo como el tomar parte en una actividad dirigida a ese fin, como \u00a0ocurre con el concierto para delinquir agravado. \u00a0\u00a0<\/p>\n<p>Para llegar a considerar a los responsables \u00a0de \u00a0concierto \u00a0para \u00a0delinquir \u00a0como \u00a0autores de delitos de lesa humanidad deben \u00a0estar \u00a0 \u00a0presentes \u00a0 \u00a0los \u00a0 siguientes \u00a0 elementos128: \u00a0\u00a0<\/p>\n<p>(i) \u00a0Que \u00a0las \u00a0actividades p\u00fablicas de la \u00a0organizaci\u00f3n \u00a0 incluyan \u00a0 algunos \u00a0 de \u00a0 los \u00a0cr\u00edmenes \u00a0contra \u00a0la \u00a0humanidad; \u00a0\u00a0<\/p>\n<p>(ii) Que sus integrantes sean voluntarios; \u00a0y \u00a0\u00a0<\/p>\n<p>(iii) Que la mayor\u00eda de los miembros de la \u00a0organizaci\u00f3n \u00a0debieron \u00a0haber \u00a0tenido \u00a0conocimiento \u00a0o \u00a0ser \u00a0concientes \u00a0de \u00a0la \u00a0naturaleza criminal de la actividad de la organizaci\u00f3n, \u00a0\u00a0<\/p>\n<p>bases \u00a0a \u00a0partir \u00a0de \u00a0las \u00a0cuales \u00a0varios \u00a0tribunales \u00a0internacionales \u00a0y \u00a0nacionales \u00a0consideran \u00a0que \u00a0el \u00a0concierto \u00a0para \u00a0cometer \u00a0delitos \u00a0de lesa humanidad tambi\u00e9n debe ser calificado como punible de \u00a0la \u00a0 \u00a0 \u00a0 \u00a0 \u00a0 \u00a0misma \u00a0 \u00a0 \u00a0 \u00a0 \u00a0 \u00a0naturaleza129, \u00a0como \u00a0lo \u00a0determina \u00a0la \u00a0Corte \u00a0en este momento para el caso colombiano y con todas las consecuencias que \u00a0ello \u00a0 \u00a0 \u00a0 \u00a0 \u00a0 \u00a0 \u00a0 \u00a0 \u00a0 \u00a0 implica130\u201d. \u00a0\u00a0<\/p>\n<p>Recu\u00e9rdese \u00a0que \u00a0sobre \u00a0el contenido de la \u00a0conducta \u00a0y \u00a0la \u00a0manera \u00a0como se manifiesta el concierto para delinquir agravado \u00a0con \u00a0la \u00a0finalidad \u00a0de \u00a0promover a grupos armados al margen de la ley, cuando el \u00a0acuerdo \u00a0nace \u00a0de \u00a0consensos \u00a0entre \u00a0congresistas \u00a0y actores armados, la Sala ha \u00a0expresado lo siguiente: \u00a0\u00a0<\/p>\n<p>\u201cTeniendo \u00a0en \u00a0cuenta \u00a0lo \u00a0anterior \u00a0y \u00a0lo \u00a0que \u00a0de ordinario sucede en aparatos organizados de \u00a0poder \u00a0\u2013 \u00a0todo \u00a0para \u00a0no \u00a0desconocer \u00a0el bien jur\u00eddico, el sentido del tipo penal, o los contenidos de la \u00a0conducta \u00a0131 \u00a0 \u2013, \u00a0el \u00a0aporte \u00a0del \u00a0pol\u00edtico a la causa paramilitar cuando coloca la funci\u00f3n p\u00fablica \u00a0a \u00a0 su \u00a0 servicio \u00a0debe \u00a0mirarse \u00a0no \u00a0tanto \u00a0en \u00a0la \u00a0creaci\u00f3n \u00a0de \u00a0disfunciones \u00a0institucionales \u00a0\u2013 \u00a0que, \u00a0claro, \u00a0le \u00a0agregan \u00a0mayor \u00a0gravedad al injusto -, sino en la medida que con esa \u00a0contribuci\u00f3n \u00a0se incrementa \u00a0el \u00a0riesgo \u00a0contra \u00a0la \u00a0seguridad \u00a0p\u00fablica \u00a0al \u00a0potenciar \u00a0la acci\u00f3n del grupo \u00a0ilegal, \u00a0como \u00a0puede \u00a0ocurrir \u00a0cuando \u00a0por \u00a0la influencia de las autodefensas se \u00a0crean \u00a0condiciones \u00a0materiales \u00a0mediante \u00a0inversi\u00f3n estatal en lugares donde la \u00a0acci\u00f3n del paramilitarismo es evidente. \u00a0\u00a0<\/p>\n<p>\u201cEn \u00a0otras \u00a0palabras: \u00a0la \u00a0distorsi\u00f3n \u00a0de \u00a0la \u00a0funci\u00f3n \u00a0estatal, \u00a0cuando eso sucede, es la \u00a0prueba \u00a0del acuerdo; as\u00ed como en el concierto simple, los delitos ejecutados en \u00a0funci\u00f3n \u00a0del \u00a0acuerdo \u00a0son \u00a0la \u00a0manifestaci\u00f3n del consenso ilegal.\u00a0 En el \u00a0primer \u00a0evento, si la distorsi\u00f3n de la funci\u00f3n estatal implica la consumaci\u00f3n \u00a0de \u00a0un \u00a0injusto, concursar\u00e1 con el concierto para delinquir agravado, as\u00ed como \u00a0los \u00a0delitos \u00a0comunes \u00a0lo \u00a0hacen \u00a0con \u00a0el \u00a0delito \u00a0de \u00a0concierto \u00a0para delinquir \u00a0simple.\u201d \u00a0132 \u00a0\u00a0<\/p>\n<p>\u00a0 \u00a0\u00a0 \u00a0\u00a0 \u00a0As\u00ed \u00a0las cosas, en virtud de la estructura dogm\u00e1tica del tipo y la \u00a0concreta \u00a0imputaci\u00f3n \u00a0de que trata la acusaci\u00f3n, no se requer\u00eda probar que el \u00a0doctor \u00a0 Ara\u00fajo \u00a0Castro \u00a0se \u00a0concert\u00f3 \u00a0para \u00a0cometer \u00a0delitos, \u00a0sino \u00a0que \u00a0lo \u00a0hizo para promover a un grupo \u00a0armado \u00a0ilegal, \u00a0cuya responsabilidad surge no solamente del resultado electoral \u00a0ya \u00a0 \u00a0 citado, \u00a0 \u00a0 que \u00a0 \u00a0enfatiza, \u00a0 \u00a0junto \u00a0 \u00a0al \u00a0 \u00a0denominado \u00a0 \u00a0\u201cpacto \u00a0 \u00a0 de \u00a0 \u00a0Pivijay\u201d, \u00a0la \u00a0divisi\u00f3n \u00a0que del departamento \u00a0del \u00a0 Cesar \u00a0 hicieran \u00a0 las \u00a0 autodefensas \u00a0 bajo \u00a0 el \u00a0mando \u00a0de \u00a0\u201cJorge \u00a0 \u00a0 \u00a0 \u00a0 \u00a040\u201d, a fin de que la votaci\u00f3n en la zona \u00a0se \u00a0 distribuyera \u00a0entre \u00a0los \u00a0candidatos \u00a0de \u00a0su \u00a0resorte, \u00a0respondiendo \u00a0a \u00a0lo \u00a0concertado \u00a0en \u00a0tal \u00a0sentido, \u00a0prevalidos de la intimidaci\u00f3n ejercida de tiempo \u00a0atr\u00e1s \u00a0contra \u00a0la \u00a0poblaci\u00f3n, \u00a0seg\u00fan \u00a0lo \u00a0puesto de presente por los testigos \u00a0atr\u00e1s \u00a0relacionados, \u00a0sino \u00a0de otros indicios que a continuaci\u00f3n se examinan y \u00a0que evidencian la realidad de tales acuerdos. \u00a0\u00a0<\/p>\n<p>\u00a0 \u00a0\u00a0 \u00a0\u00a0 \u00a0De \u00a0conformidad \u00a0con \u00a0la real injerencia del bloque norte de las AUC \u00a0en \u00a0el \u00a0Cesar, \u00a0tal \u00a0y \u00a0como \u00a0se \u00a0demostr\u00f3, \u00a0para \u00a0desarrollar \u00a0su \u201cproyecto \u00a0 \u00a0 pol\u00edtico\u201d \u00a0 penetraron \u00a0 las \u00a0 esferas \u00a0 m\u00e1s \u00a0representativas \u00a0de \u00a0la \u00a0sociedad, \u00a0entre \u00a0las \u00a0cuales se contaba la pol\u00edtica a \u00a0trav\u00e9s \u00a0de \u00a0la cual incidir\u00edan en la \u00f3rbita nacional, como se pudo establecer \u00a0en \u00a0la \u00a0sentencia proferida contra Mauricio Pimiento Barrera tra\u00edda a colaci\u00f3n \u00a0por \u00a0los sujetos procesales, de quien algunos de los testigos afirmaron nunca se \u00a0oy\u00f3 \u00a0que \u00a0los \u00a0paramilitares actuaran en su contra en desarrollo de su campa\u00f1a \u00a0electoral al Senado 2002. \u00a0\u00a0<\/p>\n<p>Mientras \u00a0 que \u00a0 algunos \u00a0seguidores \u00a0del \u00a0procesado \u00a0fueron \u00a0asesinados, \u00a0amenazados y desplazados, cuando se atrevieron a \u00a0hacer \u00a0proselitismo y a votar a favor suyo, es m\u00e1s, una de las declarantes dijo \u00a0que \u00a0 \u00a0 los \u00a0 \u00a0 paramilitares \u00a0 \u00a0aduc\u00edan \u00a0 \u00a0que \u00a0 \u00a0no \u00a0 \u00a0pod\u00eda \u00a0 \u00a0\u201crepetir\u201d \u00a0elecci\u00f3n, todo lo cual se argumenta \u00a0para \u00a0desvirtuar \u00a0cualquier \u00a0vinculaci\u00f3n \u00a0con el grupo armado, pasando por alto \u00a0que \u00a0todos \u00a0esos \u00a0testimonios \u00a0se \u00a0refieren \u00a0a \u00a0un \u00a0territorio \u00a0asignado al otro \u00a0candidato, \u00a0como \u00a0emana \u00a0de \u00a0la \u00a0prueba, cuya muestra m\u00e1s clara es la muerte de \u00a0Jorge \u00a0Arias \u00a0en La Jagua de Ibirico, de la que dieron cuenta sus hijas y amigos \u00a0arriba \u00a0 mencionados, \u00a0 am\u00e9n \u00a0de \u00a0otros \u00a0casos \u00a0citados \u00a0hasta \u00a0por \u00a0el \u00a0propio \u00a0Ara\u00fajo Castro. \u00a0\u00a0<\/p>\n<p>\u00a0 \u00a0\u00a0 \u00a0\u00a0 \u00a0Y \u00a0es que, por otra parte, resulta extra\u00f1o, por decir lo menos, que \u00a0habiendo \u00a0realizado el acusado proselitismo en todo el departamento, no obstante \u00a0la \u00a0 injerencia \u00a0 del \u00a0 bloque \u00a0norte \u00a0&#8211; \u00a0y \u00a0que \u00a0de \u00a0acuerdo \u00a0con \u00a0\u201cJorge \u00a0 \u00a0 \u00a0 \u00a0 \u00a040\u201d, \u00a0los pol\u00edticos que quer\u00edan obtener \u00a0alg\u00fan \u00a0beneficio en sus territorios deb\u00edan hacer acuerdos con las \u201cbases \u00a0populares \u00a0de nuestro estado de \u00a0autodefensas\u201d \u00a0 \u00a0 o \u00a0\u201cacumulado \u00a0 solidario \u00a0comunitario\u201d \u2013,\u00a0 \u00a0 su \u00a0 tradici\u00f3n \u00a0y \u00a0trabajo \u00a0pol\u00edtico, \u00a0haya \u00a0obtenido \u00a0unos \u00a0resultados \u00a0electorales favorables tan solo en \u00a0aquellos \u00a0municipios \u00a0que \u00a0se dice le fueron asignados por la organizaci\u00f3n y en \u00a0los \u00a0que \u00a0la libertad del voto imper\u00f3 \u2013 \u00a0quiz\u00e1 \u00a0por \u00a0corresponder \u00a0al \u00a030% \u00a0aproximado \u00a0del \u00a0territorio no \u00a0dominado \u00a0por \u00a0la \u00a0organizaci\u00f3n, \u00a0seg\u00fan \u00a0fluye del testimonio de Rodrigo Tovar \u00a0Pupo \u00a0-, lo cual no aconteci\u00f3 con otros candidatos o precandidatos \u2013 \u00a0 a \u00a0 quienes \u00a0ni \u00a0siquiera \u00a0se \u00a0les \u00a0permiti\u00f3 \u00a0avanzar \u00a0en \u00a0su \u00a0aspiraci\u00f3n, \u00a0como \u00a0sucedi\u00f3 \u00a0con los doctores Juana \u00a0Bautista \u00a0Ram\u00edrez \u00a0Guti\u00e9rrez \u00a0y \u00a0Luis \u00a0Camilo \u00a0Laborde Restrepo, seg\u00fan lo que \u00a0refleja el haz probatorio -. \u00a0\u00a0<\/p>\n<p>\u00a0 \u00a0\u00a0 \u00a0\u00a0 \u00a0Adem\u00e1s, \u00a0 sobre \u00a0 contactos \u00a0 personales \u00a0del \u00a0doctor \u00a0Ara\u00fajo \u00a0 \u00a0Castro \u00a0 \u00a0con \u00a0 \u00a0\u201cJorge \u00a0 \u00a0 \u00a0 \u00a0 \u00a040\u201d, \u00a0diferentes \u00a0a \u00a0los \u00a0que \u00a0\u00e9l \u00a0mismo \u00a0adujo, \u00a0se \u00a0tiene \u00a0noticia de reuniones convocadas por el bloque norte, como las \u00a0referidas \u00a0por \u00a0quienes \u00a0se \u00a0identificaron \u00a0como el ex diputado del departamento \u00a0Dar\u00edo \u00a0 \u00a0 \u00a0 \u00a0 \u00a0 Quintero \u00a0 \u00a0 \u00a0 \u00a0 \u00a0 Pati\u00f1o133 \u00a0y \u00a0el se\u00f1or Luis Eduardo \u00a0Rocha \u00a0Lemus134, \u00a0que se ponen a tono con las aducidas por los ex concejales de San \u00a0Mart\u00edn, \u00a0 \u00a0Jos\u00e9 \u00a0 \u00a0Alides \u00a0 \u00a0Quintero \u00a0 \u00a0Romero135 \u00a0 y \u00a0 Dioselina \u00a0Ram\u00edrez \u00a0Osorio, \u00a0quienes \u00a0se\u00f1alan \u00a0que \u00a0a esa c\u00e9lula municipal lleg\u00f3 una citaci\u00f3n de \u00a0las \u00a0autodefensas para que sus miembros asistieran a reuniones que se celebraron \u00a0en \u00a0zona \u00a0rural, \u00a0previas las elecciones a Congreso 2002, donde estuvieron jefes \u00a0paramilitares \u00a0 \u00a0 \u00a0 \u00a0como \u00a0 \u00a0 \u00a0 \u00a0\u201cErnesto \u00a0 \u00a0 \u00a0 \u00a0B\u00e1ez\u201d, \u00a0 \u00a0 \u00a0 \u00a0 \u00a0 \u00a0 \u00a0\u201cOmega\u201d, \u00a0\u201cChorizo\u201d, \u00a0entre \u00a0otros; los cuales, seg\u00fan lo \u00a0informan \u00a0Quintero \u00a0Pati\u00f1o \u00a0y \u00a0Ram\u00edrez \u00a0Osorio, \u00a0habr\u00edan dispuesto que deb\u00eda \u00a0brindarse \u00a0apoyo \u00a0a \u00a0determinados \u00a0candidatos, \u00a0entre \u00a0quienes \u00a0se \u00a0mencion\u00f3 \u00a0a \u00a0\u00c1lvaro \u00a0 Ara\u00fajo \u00a0 Castro, \u00a0aspecto \u00a0central y b\u00e1sico del testimonio de Dioselina que permaneci\u00f3 inc\u00f3lume \u00a0a \u00a0trav\u00e9s \u00a0de \u00a0la \u00a0investigaci\u00f3n, \u00a0y \u00a0que \u00a0sostuvo en la audiencia p\u00fablica en \u00a0presencia \u00a0del \u00a0acusado, \u00a0por lo que las mentiras y contradicciones que glosa la \u00a0defensa \u00a0 material \u00a0 y \u00a0 t\u00e9cnica, \u00a0 as\u00ed \u00a0 como \u00a0el \u00a0Procurador \u00a0Delegado \u00a0para \u00a0desacreditarla, \u00a0 \u00a0no \u00a0 \u00a0alcanzan \u00a0 \u00a0dicho \u00a0 \u00a0objetivo \u00a0 \u00a0en \u00a0 \u00a0lo \u00a0 que \u00a0 aqu\u00ed \u00a0interesa. \u00a0\u00a0<\/p>\n<p>Sorprende, \u00a0sobre \u00a0este punto, lo aseverado \u00a0por \u00a0Luis Eduardo Rocha Lemus en la denuncias presentada el 15 de abril de 2002, \u00a0en \u00a0el \u00a0sentido \u00a0de \u00a0que para entonces \u201cen \u00a0el \u00a0Cesar \u00a0ya \u00a0se \u00a0sabe \u00a0quien \u00a0va a ser el pr\u00f3ximo gobernador \u00a0(\u2026) por decisi\u00f3n expresa \u00a0de \u00a0los \u00a0cerebros del paramilitarismo (\u2026) \u00a0 que \u00a0 entre \u00a0 otros \u00a0 son \u00a0 los \u00a0aqu\u00ed \u00a0denunciados\u201d136, \u00a0a sabiendas de que quien \u00a0ocup\u00f3 \u00a0dicho \u00a0cargo \u00a0en \u00a0el \u00a0Cesar, cuyas elecciones fueron en octubre del 2003 \u00a0para \u00a0iniciar \u00a0el \u00a0periodo \u00a0el \u00a0primero de enero de 2004, fue el doctor Hernando \u00a0Molina \u00a0Ara\u00fajo, \u00a0hoy \u00a0d\u00eda \u00a0acusado \u00a0por \u00a0concierto para delinquir agravado por \u00a0promocionar \u00a0 \u00a0 \u00a0grupos \u00a0 \u00a0 de \u00a0 \u00a0 autodefensas.137 \u00a0 \u00a0 \u00a0 \u00a0 \u00a0\u00a0 \u00a0\u00a0 \u00a0\u00a0<\/p>\n<p>\u00a0 \u00a0\u00a0 \u00a0\u00a0 \u00a0Y \u00a0es que cuando un an\u00f3nimo aporta datos que pueden ser averiguados \u00a0y \u00a0verificados \u00a0resulta \u00a0\u00fatil \u00a0a la investigaci\u00f3n; como mayor raz\u00f3n cuando de \u00a0esas \u00a0averiguaciones \u00a0y \u00a0verificaciones \u00a0se \u00a0constata \u00a0su \u00a0convergencia con otro \u00a0material \u00a0probatorio \u2013 como \u00a0aqu\u00ed \u00a0acontece \u00a0\u2013 y, por \u00a0tanto, no puede desconocerse su trascendencia. \u00a0\u00a0<\/p>\n<p>\u00a0 \u00a0\u00a0 \u00a0\u00a0 \u00a0La \u00a0inexistencia \u00a0de \u00a0un \u00a0documento en el cual estuvieran reflejados \u00a0esos \u00a0acuerdos, \u00a0como \u00a0sucedi\u00f3 \u00a0en el caso del Magdalena, no es suficiente para \u00a0descartarlos, \u00a0porque cuando de la comisi\u00f3n de conductas il\u00edcitas se trata, lo \u00a0primero \u00a0que \u00a0los \u00a0delincuentes prev\u00e9n es ocultar sus actividades para no dejar \u00a0rastro; \u00a0con mayor raz\u00f3n trat\u00e1ndose de hechos punibles que son perpetrados por \u00a0una \u00a0organizaci\u00f3n \u00a0delictiva \u00a0que \u00a0pretende \u00a0un \u00a0reconocimiento \u00a0social y hasta \u00a0pol\u00edtico, \u00a0como \u00a0sucede \u00a0en \u00a0el \u00a0caso \u00a0concreto; \u00a0recu\u00e9rdese que el denominado \u00a0\u201cPacto \u00a0 \u00a0 \u00a0 de \u00a0Pivijay\u201d fue incorporado a \u00a0una \u00a0investigaci\u00f3n, gracias al allanamiento realizado en el predio \u201cUn \u00a0 \u00a0 \u00a0paso \u00a0 \u00a0 \u00a0m\u00e1s\u201d \u00a0 \u00a0 \u00a0 \u00a0 de \u00a0 \u00a0 \u00a0 \u00a0\u201cJorge \u00a0 \u00a0 \u00a0 \u00a0 \u00a040\u201d, \u00a0y \u00a0no porque haya sido un documento \u00a0conocido \u00a0p\u00fablicamente, \u00a0lo \u00a0cual tambi\u00e9n sucedi\u00f3 con el llamado \u201cPacto \u00a0 \u00a0 de \u00a0 \u00a0 Ralito\u201d, \u00a0 que \u00a0 era \u00a0secreto \u00a0hasta \u00a0cuando \u00a0Salvatore \u00a0 \u00a0Mancuso \u00a0 \u00a0G\u00f3mez \u00a0 \u00a0decidi\u00f3 \u00a0 \u00a0aportarlo \u00a0 \u00a0en \u00a0 una \u00a0 diligencia \u00a0judicial. \u00a0\u00a0<\/p>\n<p>\u00a0 \u00a0\u00a0 \u00a0\u00a0 \u00a0As\u00ed \u00a0que \u00a0tener \u00a0dichos \u00a0documentos \u00a0como \u00a0prueba de la manera como \u00a0proced\u00edan \u00a0las \u00a0AUC para celebrar acuerdos con l\u00edderes pol\u00edticos, incluido el \u00a0referido \u00a0a la divisi\u00f3n territorial con fines electorales, en modo alguno puede \u00a0considerarse \u00a0 desafortunado, \u00a0 cuando, \u00a0 por \u00a0el \u00a0contrario, \u00a0resulta \u00a0\u00fatil \u00a0y \u00a0razonable; \u00a0adem\u00e1s \u00a0de \u00a0que \u00a0aquellos \u00a0junto \u00a0al \u00a0resto de la prueba recopilada \u00a0permiten \u00a0inferir\u00a0 \u00a0&#8211; \u00a0no \u00a0suponer \u00a0como \u00a0se \u00a0alega \u00a0-, \u00a0de acuerdo con los \u00a0dictados \u00a0de \u00a0la \u00a0l\u00f3gica, \u00a0que de la misma forma se fraccion\u00f3 el Cesar, con el \u00a0\u00e1nimo de favorecer, entre otros, al enjuiciado. \u00a0\u00a0<\/p>\n<p>\u00a0 \u00a0\u00a0 \u00a0\u00a0 \u00a0Ahora, \u00a0justificar \u00a0los resultados electorales en virtud del trabajo \u00a0pol\u00edtico \u00a0cumplido de anta\u00f1o, las obras gestionadas a favor del departamento y \u00a0las \u00a0alianzas que se hicieron con otros movimientos pol\u00edticos y candidatos &#8211; lo \u00a0cual \u00a0bien \u00a0pudo \u00a0acontecer \u00a0respecto \u00a0de \u00a0algunos electores -, en manera alguna \u00a0desvirt\u00faa \u00a0la vinculaci\u00f3n de esos guarismos con la celebraci\u00f3n de un convenio \u00a0en \u00a0tal \u00a0sentido \u00a0con \u00a0las \u00a0autodefensas \u00a0que, como se destac\u00f3, surge dados los \u00a0indicios \u00a0evaluados y que se relacionan con la realidad de la presi\u00f3n a que fue \u00a0sometida \u00a0la \u00a0comunidad, \u00a0a \u00a0fin \u00a0de \u00a0que \u00a0la \u00a0votaci\u00f3n \u00a0en aquellas elecciones \u00a0favoreciera \u00a0en \u00a0determinados municipios a los candidatos impuestos por el grupo \u00a0armado \u00a0ilegal, \u00a0adem\u00e1s \u00a0de \u00a0la \u00a0prueba \u00a0testimonial que acredita las reuniones \u00a0celebradas \u00a0por \u00a0cabecillas \u00a0del bloque norte de las AUC con l\u00edderes pol\u00edticos \u00a0de \u00a0la \u00a0regi\u00f3n, en las cuales se cit\u00f3 al procesado como uno de los que deb\u00edan \u00a0ser \u00a0favorecidos \u00a0con \u00a0la \u00a0votaci\u00f3n \u00a0para aquella gesta electoral y hasta se le \u00a0avist\u00f3 all\u00ed. \u00a0\u00a0<\/p>\n<p>\u00a0 \u00a0\u00a0 \u00a0\u00a0 \u00a0Por \u00a0tal \u00a0raz\u00f3n, \u00a0la \u00a0tesis \u00a0seg\u00fan la cual la intervenci\u00f3n de las \u00a0autodefensas, \u00a0antes \u00a0que \u00a0favorecer, \u00a0perjudic\u00f3 \u00a0la votaci\u00f3n del acusado &#8211; en \u00a0vista \u00a0de la animadversi\u00f3n que le ten\u00edan, dados sus pronunciamientos negativos \u00a0sobre \u00a0esos \u00a0grupos \u00a0armados ilegales y contra quien ya hab\u00edan atentado -, pues \u00a0querr\u00edan \u00a0minimizarlo \u00a0haciendo \u00a0acuerdos \u00a0con \u00a0sus \u00a0oponentes que, en realidad \u00a0obtuvieron \u00a0una \u00a0abultada \u00a0votaci\u00f3n \u00a0en \u00a0el \u00a0noroccidente \u00a0del departamento, es \u00a0apenas \u00a0una \u00a0hip\u00f3tesis que como estrategia defensiva pretende desconocer lo que \u00a0refleja la prueba. \u00a0\u00a0<\/p>\n<p>Ninguna \u00a0 duda \u00a0 cabe \u00a0 acerca \u00a0 de \u00a0esas \u00a0convocatorias \u00a0hechas por los grupos de autodefensa a los l\u00edderes pol\u00edticos de \u00a0la \u00a0regi\u00f3n, \u00a0pues sobre las mismas no solamente los declarantes mencionados las \u00a0refieren; \u00a0recu\u00e9rdese \u00a0que \u00a0tambi\u00e9n \u00a0la \u00a0ex \u00a0concejal \u00a0de \u00a0Astrea \u00a0Flor Mar\u00eda \u00a0Palmesano \u00a0Sarmiento \u00a0se\u00f1al\u00f3 \u00a0que con antelaci\u00f3n a la tantas veces mencionada \u00a0elecci\u00f3n \u00a0a \u00a0Congreso, esos grupos armados ilegales convocaban a los concejales \u00a0para \u00a0imponerles derroteros en cuanto a elecci\u00f3n de cargos como el de Personero \u00a0y \u00a0Alcalde, \u00a0a \u00a0lo \u00a0cual \u00a0se \u00a0resisti\u00f3 \u00a0y, \u00a0como \u00a0consecuencia, \u00a0fue obligada a \u00a0renunciar \u00a0 \u00a0 \u00a0 \u00a0 a \u00a0 \u00a0 \u00a0 \u00a0 su \u00a0 \u00a0 \u00a0 \u00a0 curul138; \u00a0 \u00a0circunstancia \u00a0 \u00a0que \u00a0tambi\u00e9n \u00a0destac\u00f3 \u00a0Yenis \u00a0Edith \u00a0Gullo \u00a0Pe\u00f1a, aunque desvirt\u00faa que el acusado \u00a0hubiese \u00a0sido \u00a0se\u00f1alado \u00a0como \u00a0candidato \u00a0de las AUC, pues que ella escuch\u00f3 lo \u00a0contrario, \u00a0esto \u00a0es, que \u00e9l no pod\u00eda salir electo139, \u00a0 lo \u00a0 cual \u00a0resultar\u00eda \u00a0explicable \u00a0si se advierte que Astrea hac\u00eda parte del territorio que las AUC le \u00a0hab\u00eda asignado a Mauricio Pimiento Barrera.\u00a0 \u00a0\u00a0<\/p>\n<p>La \u00a0presencia \u00a0de \u00a0Alirio \u00a0Trujillo \u00a0alias \u00a0\u201cChorizo\u201d \u00a0 en \u00a0aquellas \u00a0reuniones, \u00a0junto \u00a0a \u00a0hombres \u00a0 \u00a0 que \u00a0 \u00a0serv\u00edan \u00a0 \u00a0a \u00a0 \u00a0\u201cJorge \u00a040\u201d, a \u00a0quien \u00a0 aquel \u00a0 se\u00f1alaba \u00a0 como \u00a0el \u00a0\u201cpatr\u00f3n\u201d \u00a0que \u00a0determinaba \u00a0apoyar se\u00f1alados candidatos, pese a ser el reconocido \u201ccomandante \u00a0 \u00a0pol\u00edtico\u201d \u00a0de \u00a0las autodefensas que dirig\u00eda en \u00a0un \u00a0sector \u00a0del \u00a0Cesar \u00a0Juan \u00a0Francisco \u00a0Prada, \u00a0como \u00a0\u00e9ste \u00a0lo afirma, nada de \u00a0extra\u00f1o \u00a0tiene \u00a0si \u00a0se \u00a0considera \u00a0que \u00a0para \u00a0entonces, seg\u00fan se demostr\u00f3, el \u00a0bloque \u00a0 norte \u00a0 ya \u00a0 dominaba \u00a0 la \u00a0 regi\u00f3n, \u00a0 adem\u00e1s \u00a0 de \u00a0que \u00a0\u201cJorge \u00a0 \u00a0 \u00a0 \u00a0 \u00a040\u201d era\u00a0 miembro del estado mayor de \u00a0las \u00a0 \u00a0AUC, \u00a0 \u00a0por \u00a0 \u00a0lo \u00a0 \u00a0que \u00a0 \u00a0bien \u00a0 puede \u00a0 admitirse \u00a0 que \u00a0 \u201cJuancho \u00a0 \u00a0 \u00a0 \u00a0Prada\u201d \u00a0acatara sus directrices y, por ende, \u00a0sus lugartenientes hicieran lo propio. \u00a0\u00a0<\/p>\n<p>\u00a0 \u00a0\u00a0 \u00a0\u00a0 \u00a0Por \u00a0otra \u00a0parte, \u00a0sostener \u00a0que el secuestro de V\u00edctor Ochoa Daza, \u00a0cuya \u00a0investigaci\u00f3n \u00a0fue preclu\u00edda por la Fiscal\u00eda, fue la \u00fanica base de las \u00a0imputaciones \u00a0por \u00a0las \u00a0que \u00a0fue \u00a0llamado \u00a0a \u00a0este \u00a0juicio \u00a0el \u00a0acusado, resulta \u00a0afirmaci\u00f3n \u00a0inexacta \u00a0atendida \u00a0la decisi\u00f3n mediante la cual la Sala resolvi\u00f3 \u00a0la \u00a0situaci\u00f3n \u00a0jur\u00eddica, \u00a0donde \u00a0se hace alusi\u00f3n al secuestro como una de las \u00a0tantas \u00a0acciones \u00a0delincuenciales \u00a0que \u00a0pudieron \u00a0ejecutarse \u00a0en \u00a0desarrollo del \u00a0concierto \u00a0 para \u00a0 delinquir \u00a0agravado \u00a0comprendido \u00a0dentro \u00a0de \u00a0la \u00a0imputaci\u00f3n \u00a0formulada \u00a0al \u00a0procesado. \u00a0A \u00a0partir \u00a0de \u00a0esta precisi\u00f3n, no puede invocarse la \u00a0absoluci\u00f3n \u00a0 \u00a0del \u00a0 \u00a0inculpado \u00a0 \u00a0pretextando \u00a0 \u00a0un \u00a0 \u00a0eventual \u00a0 \u00a0\u201ccontrasentido \u00a0 jur\u00eddico\u201d, \u00a0 pues \u00a0esa \u00a0posici\u00f3n \u00a0equivale \u00a0a \u00a0desconocer \u00a0 la \u00a0 autonom\u00eda \u00a0 y \u00a0 competencia \u00a0 del \u00a0 juzgador \u00a0 para \u00a0 adoptar \u00a0pronunciamientos \u00a0frente \u00a0a \u00a0los hechos puestos a su consideraci\u00f3n, amparado en \u00a0las \u00a0pruebas legalmente incorporadas a la actuaci\u00f3n; porque lo resuelto en otro \u00a0proceso, \u00a0as\u00ed \u00a0aluda \u00a0a temas relacionados con aquellos que debe analizar y que \u00a0no \u00a0pueden \u00a0ser \u00a0los \u00a0mismos, \u00a0en \u00a0virtud \u00a0del principio del non bis in idem, en \u00a0manera alguna lo vincula. \u00a0\u00a0<\/p>\n<p>\u00a0 \u00a0 \u00a0 \u00a0 \u00a0<\/p>\n<p>Precisamente por dicha raz\u00f3n, y dado que la \u00a0preclusi\u00f3n \u00a0ha \u00a0hecho \u00a0tr\u00e1nsito \u00a0a \u00a0cosa \u00a0juzgada, \u00a0lo \u00a0cual exigir\u00eda para su \u00a0eventual \u00a0remoci\u00f3n \u00a0que \u00a0se \u00a0interpusiera una acci\u00f3n de revisi\u00f3n, en lo que a \u00a0este \u00a0juicio \u00a0se \u00a0refiere \u00a0el \u00a0mencionado secuestro de connotaciones pol\u00edticas, \u00a0perpetrado \u00a0 \u00a0por \u00a0 \u00a0\u00f3rdenes \u00a0 de \u00a0 \u201cJorge \u00a0 40\u201d, \u00a0adem\u00e1s \u00a0de \u00a0haberse exigido, para respetar la vida del secuestrado y otorgar su \u00a0liberaci\u00f3n, \u00a0que \u00a0se \u00a0modificara \u00a0la \u00a0Mesa \u00a0Directiva \u00a0del Concejo Municipal de \u00a0Valledupar \u00a0y \u00a0el \u00a0retiro \u00a0de \u00a0la \u00a0candidatura \u00a0de \u00a0Juana Bautista Ram\u00edrez a la \u00a0C\u00e1mara \u00a0de \u00a0Representantes, \u00a0acorde \u00a0con \u00a0lo \u00a0manifestado \u00a0al \u00a0respecto \u00a0por la \u00a0v\u00edctima, \u00a0su \u00a0hijo \u00a0V\u00edctor \u00a0Eli\u00e9cer \u00a0Ochoa \u00a0Quintana \u00a0y \u00a0el \u00a0mencionado \u00a0jefe \u00a0paramilitar, \u00a0 se \u00a0 constituye \u00a0en \u00a0un \u00a0hecho \u00a0m\u00e1s \u00a0que \u00a0permite \u00a0reconocer \u00a0su \u00a0intervenci\u00f3n \u00a0 en \u00a0 la \u00a0 pol\u00edtica \u00a0de \u00a0la \u00a0regi\u00f3n. \u00a0\u00a0<\/p>\n<p>Lo \u00a0anterior porque para cuando esos hechos \u00a0se \u00a0configuran, \u00a0(i) el secuestrado hab\u00eda desatendido el ofrecimiento de ser el \u00a0segundo \u00a0 rengl\u00f3n \u00a0 en \u00a0 la \u00a0 lista \u00a0 al \u00a0Senado \u00a0encabezada \u00a0por \u00a0Ara\u00fajo \u00a0Castro, \u00a0y, \u00a0(2) \u00a0hab\u00eda hecho el \u00a0lanzamiento \u00a0de \u00a0la \u00a0candidatura \u00a0de \u00a0la \u00a0doctora Juana Ram\u00edrez a la C\u00e1mara de \u00a0Representantes; \u00a0mientras \u00a0que \u00a0las \u00a0AUC ya hab\u00edan acordado apoyar determinadas \u00a0campa\u00f1as \u00a0en \u00a0reuniones \u00a0precedentes, por lo que se hac\u00eda necesario quitar del \u00a0debate \u00a0electoral \u00a0a \u00a0la \u00a0C\u00e1mara \u00a0a una candidata como Juana Bautista Ram\u00edrez, \u00a0para \u00a0que \u00a0se \u00a0anexara \u00a0en \u00a0la \u00a0lucha por el Senado, no necesariamente porque su \u00a0votaci\u00f3n \u00a0 incidiera \u00a0significativamente \u00a0en \u00a0los \u00a0resultados \u00a0electorales \u00a0del \u00a0acusado \u00a0\u2013 pues ciertamente \u00a0pas\u00f3 \u00a0a \u00a0ocupar \u00a0el \u00a0segundo \u00a0rengl\u00f3n de su lista -, sino porque efectivamente \u00a0contaba \u00a0con \u00a0el respaldo electoral del Movimiento Revolucionario Liberal (MRL), \u00a0importante \u00a0fuerza \u00a0electoral \u00a0en \u00a0esa \u00a0\u00e9poca \u00a0en \u00a0la zona, como lo admiten sus \u00a0miembros, \u00a0entre \u00a0los que se cuentan los hermanos Ochoa Daza y la propia doctora \u00a0Juana Ram\u00edrez, al igual que el enjuiciado. \u00a0\u00a0<\/p>\n<p>Y \u00a0es \u00a0que \u00a0si \u00a0bien dicha testigo no adujo \u00a0concretamente \u00a0que \u00a0\u201cJorge \u00a040\u201d \u00a0le \u00a0hubiera \u00a0exigido \u00a0dejar \u00a0su \u00a0campa\u00f1a \u00a0a \u00a0la C\u00e1mara e ingresar en la lista al Senado del acusado, \u00a0para \u00a0ella \u00a0fue \u00a0claro \u00a0que\u00a0 as\u00ed deb\u00eda proceder, cuando se le dijo por el \u00a0jefe \u00a0paramilitar \u00a0que \u00a0de \u00a0todas \u00a0formas deb\u00eda proseguir su trabajo pol\u00edtico, \u00a0pero \u00a0dirigido al Senado, a sabiendas de que el MRL y el movimiento liderado por \u00a0Ara\u00fajo \u00a0Castro, \u00a0ten\u00edan un \u00a0pacto \u00a0que \u00a0deb\u00eda \u00a0respetarse, \u00a0al \u00a0cual \u00a0hizo \u00a0alusi\u00f3n \u00a0el \u00a0procesado \u00a0y \u00a0fue \u00a0documentado. \u00a0No de otra forma se explican las manifestaciones de aquella, en el \u00a0sentido \u00a0 \u00a0de \u00a0 \u00a0haber \u00a0 \u00a0accedido \u00a0 \u00a0a \u00a0 \u00a0lo \u00a0 \u00a0dispuesto \u00a0 \u00a0por \u00a0 \u201c40\u201d, \u00a0y \u00a0a \u00a0incorporarse \u00a0a \u00a0la lista del \u00a0acusado, \u00a0 cuando \u00a0 ante \u00a0sus \u00a0recriminaciones \u00a0y \u00a0\u00f3rdenes \u00a0le \u00a0contest\u00f3 \u00a0que: \u00a0\u201cyo \u00a0me \u00a0marginaba \u00a0del \u00a0proceso \u00a0electoral \u00a0y me dijo que tampoco y como yo entend\u00eda y ten\u00eda claro que \u00a0deb\u00eda \u00a0cambiar \u00a0mi aspiraci\u00f3n por la vida del secuestrado, acced\u00ed a quedarme, \u00a0y \u00a0me \u00a0dijo \u00a0que \u00a0deb\u00eda \u00a0ir \u00a0al \u00a0Congreso, \u00a0pero no a la C\u00e1mara sino al Senado \u00a0(\u2026) es que la lista para \u00a0el \u00a0Senado \u00a0ya \u00a0hab\u00eda \u00a0sido acordada previamente, yo iba a la C\u00e1mara y \u00c1LVARO \u00a0ARA\u00daJO \u00a0iba \u00a0al \u00a0Senado, \u00a0hab\u00eda una coalici\u00f3n, entonces al subirme al Senado, \u00a0era \u00a0 \u00a0al \u00a0 \u00a0de \u00a0 \u00a0\u00c1LVARO \u00a0 \u00a0ARA\u00daJO\u201d.140 \u00a0\u00a0<\/p>\n<p>Porque si con anterioridad era conocida esa \u00a0alianza \u00a0 \u00a0 pol\u00edtica \u00a0 \u00a0 entre \u00a0 \u00a0 los \u00a0 \u00a0 dos \u00a0 \u00a0 movimientos \u00a0 \u00a0 \u2013 \u00a0como los testigos lo advierten -, la \u00a0imposici\u00f3n \u00a0del jefe paramilitar para que la doctora Juana Ram\u00edrez retirara su \u00a0aspiraci\u00f3n \u00a0a la C\u00e1mara \u2013 \u00a0\u00fanica \u00a0 candidatura \u00a0 del \u00a0MRL \u00a0a \u00a0esa \u00a0elecci\u00f3n \u00a0para \u00a0entonces \u00a0\u2013 \u00a0y \u00a0siguiera haciendo proselitismo al \u00a0Senado, \u00a0obviamente conduc\u00eda a unir su fuerza y\/o la de su grupo pol\u00edtico a la \u00a0del \u00a0doctor \u00a0Ara\u00fajo \u00a0Castro, \u00a0con \u00a0lo \u00a0que \u00a0se \u00a0enderezaba la decisi\u00f3n expresada por V\u00edctor Ochoa Daza de no \u00a0acompa\u00f1arlo, \u00a0conforme \u00a0al acuerdo previo &#8211; a quien como cabeza visible del MRL \u00a0le \u00a0corresponder\u00eda \u00a0ese lugar, por haber ocupado ya una suplencia en el Senado, \u00a0seg\u00fan \u00a0 \u00a0 \u00a0Juana \u00a0 \u00a0 Ram\u00edrez \u00a0 \u00a0 \u2013\u00a0 la noche anterior a su secuestro. \u00a0\u00a0<\/p>\n<p>Ahora \u00a0bien, \u00a0una \u00a0vez que la doctora Juana \u00a0Bautista \u00a0 Ram\u00edrez \u00a0 acepta \u00a0 ocupar \u00a0 aquel \u00a0 segundo \u00a0 rengl\u00f3n \u00a0\u2013 \u00a0siendo \u00a0suficientemente \u00a0di\u00e1fana al \u00a0indicar \u00a0que \u00a0nunca lo hizo a gusto y que limit\u00f3 su participaci\u00f3n en el debate \u00a0electoral \u00a0visiblemente \u00a0afectada -, el MRL se disemin\u00f3, pues a consecuencia de \u00a0lo \u00a0ocurrido, \u00a0\u201cse acab\u00f3 \u00a0con \u00a0el \u00a0grupo\u201d, siendo que \u00a0algunos \u00a0de sus l\u00edderes como Johny y Yalile P\u00e9rez eran m\u00e1s cercanos al doctor \u00a0\u00c1lvaro \u00a0Mor\u00f3n Cuello, quien se hab\u00eda lanzado a la C\u00e1mara apoyando al acusado \u00a0al \u00a0Senado, \u00a0lo \u00a0cual \u00a0ha \u00a0sido \u00a0entendido \u00a0inclusive como raz\u00f3n para que se le \u00a0hubiera \u00a0arrebatado \u00a0a la doctora Juana Ram\u00edrez su aspiraci\u00f3n, porque con ello \u00a0se abr\u00eda espacio a Mor\u00f3n Cuello. \u00a0\u00a0<\/p>\n<p>Algo \u00a0similar \u00a0a lo ocurrido en La Jagua de \u00a0Ibirico \u00a0con \u00a0el \u00a0se\u00f1or Luis Camilo Laborde Restrepo, quien fue asesinado el 21 \u00a0de \u00a0diciembre \u00a0de \u00a02001, \u00a0al \u00a0parecer \u00a0como \u00a0consecuencia de haber aspirado a la \u00a0C\u00e1mara \u00a0de \u00a0representantes \u00a0en \u00a0aquella \u00a0\u00e9poca \u00a0sin \u00a0contar con el aval de los \u00a0paramilitares \u00a0\u2013 seg\u00fan lo \u00a0referido \u00a0por \u00a0sus \u00a0hijos \u00a0-, \u00a0y \u00a0no \u00a0por haber votado por el procesado, como lo \u00a0plantea el representante del Ministerio P\u00fablico. \u00a0\u00a0<\/p>\n<p>Los \u00a0hechos \u00a0y circunstancias referidos por \u00a0Juana \u00a0Ram\u00edrez \u00a0no \u00a0fueron \u00a0de \u00a0objeto \u00a0an\u00e1lisis \u00a0por \u00a0la Fiscal\u00eda de segunda \u00a0instancia \u00a0que revoc\u00f3 la acusaci\u00f3n dictada contra los doctores Ara\u00fajo Noguera \u00a0y \u00a0 Ara\u00fajo \u00a0Castro \u00a0por \u00a0el \u00a0secuestro \u00a0 \u00a0de \u00a0 \u00a0V\u00edctor \u00a0 \u00a0Ochoa \u00a0 \u00a0Daza, \u00a0 \u00a0y \u00a0 \u00a0resolvi\u00f3 \u00a0 \u00a0precluir \u00a0 esa \u00a0investigaci\u00f3n141, \u00a0 ni \u00a0 por \u00a0aquella \u00a0que \u00a0precluy\u00f3 \u00a0la investigaci\u00f3n adelantada por concierto para delinquir agravado en \u00a0contra \u00a0 de \u00a0 Miguel \u00a0Dur\u00e1n \u00a0Gelvis \u00a0\u2013 \u00a0el \u00a0otro \u00a0candidato a la C\u00e1mara que apoyo al acusado al Senado -, \u00a0muy \u00a0a \u00a0pesar \u00a0de \u00a0que, \u00a0como se observa, la fuerza electoral del MRL fue lo que \u00a0indudablemente \u00a0se afect\u00f3 con el secuestro de V\u00edctor Ochoa Daza y la dejaci\u00f3n \u00a0de \u00a0la candidatura de Juana Ram\u00edrez a la C\u00e1mara, a sabiendas de que los dem\u00e1s \u00a0candidatos \u00a0que \u00a0continuaron en esa direcci\u00f3n y que algunos de quienes ocuparon \u00a0los \u00a0primeros \u00a0lugares en la votaci\u00f3n del departamento, apoyaban la aspiraci\u00f3n \u00a0al \u00a0Senado del acusado y la del condenado Mauricio Pimiento Barrera, como fueron \u00a0Miguel \u00a0\u00c1ngel \u00a0Dur\u00e1n \u00a0Gelvis \u00a0(16.043% \u00a0de \u00a0los votos), Jorge Enrique Ram\u00edrez \u00a0Urbina \u00a0 (15.539% \u00a0 de \u00a0la \u00a0votaci\u00f3n) \u00a0y \u00a0\u00c1lvaro \u00a0Mor\u00f3n \u00a0Cuello \u00a0(10.282%) \u00a0&#8211; \u00a0investigados \u00a0 por \u00a0concierto \u00a0para \u00a0delinquir \u00a0agravado, \u00a0el \u00a0primero \u00a0habiendo \u00a0obtenido \u00a0 la \u00a0 preclusi\u00f3n \u00a0 de \u00a0 la \u00a0 investigaci\u00f3n, \u00a0 el \u00a0segundo \u00a0condenado \u00a0anticipadamente \u00a0por haberse acogido a esa figura jur\u00eddica y el tercero acusado \u00a0-, \u00a0adem\u00e1s \u00a0de \u00a0que \u00a0la \u00a0votaci\u00f3n de los inicialmente citados coincide con los \u00a0resultados \u00a0 \u00a0electorales \u00a0 obtenidos \u00a0 por \u00a0 Ara\u00fajo \u00a0Castro \u00a0 y \u00a0Pimiento \u00a0Barrera, \u00a0a \u00a0quienes \u00a0apoyaban, \u00a0respectivamente, \u00a0 en \u00a0 las \u00a0 zonas \u00a0que \u00a0les \u00a0fueron\u00a0 \u00a0asignadas \u00a0por \u00a0las \u00a0autodefensas, \u00a0por \u00a0lo \u00a0que para descifrar lo realmente acontecido era necesaria \u00a0una \u00a0exploraci\u00f3n \u00a0integral de todos los fen\u00f3menos pol\u00edticos y sociales que en \u00a0aquella \u00a0\u00e9poca se desarrollaron, desde luego, sin olvidar que la incidencia del \u00a0bloque \u00a0norte \u00a0de \u00a0las \u00a0AUC \u00a0en \u00a0lo \u00a0pol\u00edtico era innegable y, por tanto, de su \u00a0inter\u00e9s \u00a0 todo \u00a0 lo \u00a0 que \u00a0a \u00a0ello \u00a0compet\u00eda.\u00a0 \u00a0\u00a0<\/p>\n<p>\u00a0 \u00a0 \u00a0 \u00a0 \u00a0<\/p>\n<p>As\u00ed, la \u00fanica forma de conocer por dentro \u00a0lo \u00a0 ocurrido \u00a0en \u00a0desarrollo \u00a0de \u00a0las \u00a0actividades \u00a0del \u00a0bloque \u00a0norte \u00a0de \u00a0las \u00a0autodefensas \u00a0 unidas \u00a0de \u00a0Colombia, \u00a0que \u00a0se \u00a0constituy\u00f3 \u00a0como \u00a0una \u00a0verdadera \u00a0estructura \u00a0armada \u00a0de \u00a0poder, cuyos actores y quienes a su lado se beneficiaron \u00a0actuaban \u00a0de manera clandestina y sutil, es a partir de lo reconstruido por v\u00eda \u00a0indiciaria \u00a0o \u00a0a \u00a0trav\u00e9s \u00a0de \u00a0los \u00a0testimonios de quienes formaron parte de esa \u00a0organizaci\u00f3n, \u00a0o \u00a0fueron destinatarios de su proceder, quienes pueden dar fe de \u00a0sus \u00a0 acciones, \u00a0la \u00a0forma \u00a0de \u00a0operar, \u00a0las \u00a0relaciones \u00a0que \u00a0ten\u00edan \u00a0con \u00a0las \u00a0autoridades \u00a0militares \u00a0y \u00a0administrativas, los aportes que recib\u00edan y la forma \u00a0en \u00a0que \u00a0dichos \u00a0beneficios se traduc\u00edan para apoyar a los miembros de la clase \u00a0pol\u00edtica. \u00a0\u00a0<\/p>\n<p>Es \u00a0aqu\u00ed donde resulta oportuno rememorar, \u00a0ante \u00a0la \u00a0cr\u00edtica \u00a0que \u00a0hace \u00a0la \u00a0defensa \u00a0y \u00a0el \u00a0representante \u00a0del Ministerio \u00a0P\u00fablico, \u00a0 \u00a0que \u00a0 si \u00a0 bien \u00a0 Jaime \u00a0 Alberto \u00a0 P\u00e9rez \u00a0 Charrys \u00a0 \u2013 \u00a0ex militante del bloque norte de las \u00a0AUC \u00a0 \u2013 \u00a0 no \u00a0hizo \u00a0una \u00a0imputaci\u00f3n \u00a0directa \u00a0contra \u00a0al \u00a0acusado, \u00a0porque \u00a0ni \u00a0siquiera \u00a0lo conoce, s\u00ed \u00a0afirm\u00f3 \u00a0 haber \u00a0escuchado \u00a0en \u00a0reuniones \u00a0de \u00a0la \u00a0organizaci\u00f3n \u00a0armada \u00a0ilegal \u00a0\u201c\u2026 que pertenec\u00eda a lo \u00a0que \u00a0pod\u00edamos \u00a0denominar \u00a0el \u00a0ala \u00a0pol\u00edtica \u00a0de \u00a0las autodefensas \u2026\u201d; \u00a0aseveraci\u00f3n \u00a0que \u00a0pese \u00a0a \u00a0los \u00a0se\u00f1alamientos \u00a0que \u00a0se \u00a0hacen \u00a0en \u00a0contra \u00a0del testigo, compagina con la prueba \u00a0indiciaria y testimonial atr\u00e1s evaluada. \u00a0\u00a0<\/p>\n<p>\u00a0 \u00a0\u00a0 \u00a0\u00a0 \u00a0En \u00a0tales \u00a0condiciones, \u00a0la perspectiva que brindan en este caso los \u00a0medios \u00a0 de \u00a0 convicci\u00f3n \u00a0 examinados, \u00a0como \u00a0ya \u00a0se \u00a0anticip\u00f3, \u00a0acreditan \u00a0el \u00a0contubernio \u00a0entre \u00a0el \u00a0acusado \u00a0y \u00a0ese \u00a0grupo \u00a0armado ilegal con el objetivo de \u00a0mantener \u00a0su \u00a0curul \u00a0en \u00a0el \u00a0Congreso \u00a0el primero, y de fomentar su expansi\u00f3n y \u00a0respaldo \u00a0en \u00a0las \u00a0altas esferas de la Naci\u00f3n, el segundo; configur\u00e1ndose as\u00ed \u00a0el \u00a0concierto para delinquir agravado que le fue imputado al doctor Ara\u00fajo \u00a0 \u00a0Castro \u00a0 en \u00a0 el \u00a0 pliego \u00a0 de \u00a0cargos. \u00a0\u00a0<\/p>\n<p>\u00a0 \u00a0\u00a0 \u00a0\u00a0 \u00a0Quinto.- El delito de constre\u00f1imiento al elector. \u00a0\u00a0<\/p>\n<p>El \u00a0constre\u00f1imiento \u00a0al \u00a0sufragante \u00a0como \u00a0conducta \u00a0punible \u00a0que \u00a0protege \u00a0los \u00a0mecanismos \u00a0de participaci\u00f3n democr\u00e1tica \u00a0\u2013 \u00a0T\u00edtulo \u00a0XIV, \u00a0Libro \u00a0Segundo \u00a0de \u00a0la \u00a0Ley \u00a0599 \u00a0de \u00a02000 \u00a0&#8211; \u00a0, se dirige a preservar el sufragio como \u00a0derecho \u00a0 de \u00a0 aplicaci\u00f3n \u00a0 inmediata \u00a0 y \u00a0 como \u00a0instrumento \u00a0primordial \u00a0para \u00a0\u201cconfigurar \u00a0 \u00a0 las \u00a0instituciones \u00a0estatales, \u00a0formar \u00a0la \u00a0voluntad pol\u00edtica, y mantener el sistema \u00a0democr\u00e1tico, \u00a0a \u00a0trav\u00e9s \u00a0de \u00a0decisiones \u00a0leg\u00edtimas y vinculantes que resultan \u00a0necesarias \u00a0 para \u00a0 su \u00a0sostenimiento.\u201d142 Por eso el \u00a0voto \u00a0 \u00a0 es \u00a0 \u00a0derecho-libertad, \u00a0 \u00a0\u201cde \u00a0la \u00a0misma \u00a0manera \u00a0que \u00a0las \u00a0libertades \u00a0de \u00a0culto, asociaci\u00f3n, \u00a0reuni\u00f3n, \u00a0 \u00a0petici\u00f3n, \u00a0 \u00a0elecci\u00f3n \u00a0 de \u00a0 profesi\u00f3n \u00a0 u \u00a0 oficio.\u201d \u00a0 \u00a0143 \u00a0\u00a0<\/p>\n<p>\u00a0 \u00a0 \u00a0 \u00a0 \u00a0<\/p>\n<p>\u00a0 \u00a0\u00a0 \u00a0\u00a0 \u00a0Esas \u00a0 expresiones \u00a0 que \u00a0 configuran \u00a0 el \u00a0bien \u00a0jur\u00eddico \u00a0que \u00a0se \u00a0salvaguarda \u00a0mediante \u00a0el art\u00edculo 387 del C\u00f3digo Penal, explican la necesidad \u00a0de \u00a0proteger \u00a0las \u00a0instituciones \u00a0estatales, que se legitiman por la libertad de \u00a0opci\u00f3n \u00a0pol\u00edtica, \u00a0de \u00a0amenazas mediante las armas o por cualquier otro medio, \u00a0encaminadas \u00a0a \u00a0obtener \u00a0el apoyo ciudadano por determinado candidato o lista de \u00a0candidatos, \u00a0 como \u00a0 lo \u00a0 prev\u00e9 \u00a0 la \u00a0 norma \u00a0 con \u00a0 el \u00a0 fin \u00a0de \u00a0\u201cgarantizar que la decisi\u00f3n contenida \u00a0en \u00a0el \u00a0voto \u00a0sea \u00a0una \u00a0genuina \u00a0expresi\u00f3n \u00a0de \u00a0la \u00a0voluntad individual y no el \u00a0producto \u00a0 \u00a0del \u00a0 \u00a0ejercicio \u00a0 \u00a0de \u00a0 \u00a0poderes \u00a0 sobre \u00a0 la \u00a0 persona\u201d144que \u00a0no deben manifestarse, \u00a0necesariamente, \u00a0en \u00a0el \u00a0acto \u00a0de votaci\u00f3n, porque si as\u00ed fuera quedar\u00edan por \u00a0fuera \u00a0de \u00a0la cobertura de la figura que describe el comportamiento il\u00edcito las \u00a0amenazas \u00a0previas a ese momento, pese a que teleol\u00f3gicamente est\u00e1n dirigidas a \u00a0perturbar \u00a0 \u00a0la \u00a0 \u00a0libertad \u00a0 de \u00a0 opci\u00f3n \u00a0 que \u00a0 se \u00a0 le \u00a0 reconoce \u00a0 a \u00a0 todo \u00a0ciudadano. \u00a0\u00a0<\/p>\n<p>\u00a0 \u00a0\u00a0 \u00a0\u00a0 \u00a0\u201cLa \u00a0concepci\u00f3n \u00a0del constre\u00f1imiento \u00a0como \u00a0figura \u00a0t\u00edpica \u00a0es mucho m\u00e1s amplia, pues se trata de preservar tanto el \u00a0\u201capoyo\u201d \u00a0 \u00a0 \u00a0o \u00a0 \u00a0 \u00a0la \u00a0 \u00a0 \u00a0\u201cvotaci\u00f3n\u201d \u00a0por \u00a0determinado \u00a0candidato, \u00a0en el \u00a0marco \u00a0de \u00a0una \u00a0conducta \u00a0alternativa \u00a0que \u00a0se \u00a0diferencia \u00a0n\u00edtidamente \u00a0de \u00a0la \u00a0destinada \u00a0a \u00a0\u201cimpedir por \u00a0los \u00a0 \u00a0 \u00a0mismos \u00a0 \u00a0 \u00a0medios \u00a0 \u00a0 \u00a0el \u00a0 \u00a0 \u00a0derecho \u00a0 \u00a0 al \u00a0 \u00a0 sufragio\u201d, \u00a0 \u00a0que \u00a0 \u00a0es \u00a0 \u00a0una \u00a0 \u00a0situaci\u00f3n \u00a0distinta.\u201d \u00a0145 \u00a0\u00a0<\/p>\n<p>\u00a0 \u00a0\u00a0 \u00a0 \u00a0Ahora \u00a0bien, \u00a0en \u00a0el \u00a0\u00e1mbito \u00a0de \u00a0la participaci\u00f3n el concurso de \u00a0personas \u00a0en \u00a0la \u00a0ejecuci\u00f3n \u00a0del \u00a0tipo \u00a0penal \u00a0admite \u00a0la determinaci\u00f3n,\u00a0 \u00a0condici\u00f3n \u00a0 \u00e9sta \u00a0 por \u00a0 la \u00a0 que \u00a0 se \u00a0 condenar\u00e1 \u00a0 al \u00a0doctor \u00a0Ara\u00fajo \u00a0 \u00a0 Castro \u00a0 \u00a0 \u2013 \u00a0y \u00a0no \u00a0como \u00a0coautor, seg\u00fan la acusaci\u00f3n de la Fiscal\u00eda -, por \u00a0haberse \u00a0probado \u00a0que \u00e9l no realiz\u00f3 materialmente la acci\u00f3n, pero s\u00ed que con \u00a0ocasi\u00f3n \u00a0del \u00a0acuerdo \u00a0ilegal \u00a0ingres\u00f3 en la esfera de un aparato de poder que \u00a0requer\u00eda \u00a0consolidar \u00a0su \u00a0penetraci\u00f3n \u00a0de \u00a0lo p\u00fablico, para lo cual resultaba \u00a0indispensable \u00a0 garantizar \u00a0que \u00a0personas \u00a0de \u00a0alg\u00fan \u00a0modo \u00a0vinculadas \u00a0con \u00a0la \u00a0organizaci\u00f3n \u00a0 \u00a0alcanzaran \u00a0 \u00a0importantes \u00a0 \u00a0cuotas \u00a0 de \u00a0 poder; \u00a0 apareciendo \u00a0incontrovertible \u00a0el \u00a0inter\u00e9s del procesado en lograr esos resultados, hasta el \u00a0punto \u00a0que \u00a0de \u00a0all\u00ed \u00a0se \u00a0puede inferir que estuvo de acuerdo y en ese grado de \u00a0consenso determin\u00f3 ese comportamiento ilegal. \u00a0\u00a0<\/p>\n<p>Y \u00a0es \u00a0que \u00a0demostrado \u00a0que \u00a0los resultados \u00a0electorales \u00a0 \u00a0del \u00a0 10 \u00a0 de \u00a0 marzo \u00a0 de \u00a0 2002 \u00a0 favorables \u00a0 a \u00a0 \u00c1lvaro \u00a0Ara\u00fajo \u00a0Castro fueron producto de \u00a0acuerdos \u00a0 \u00a0 celebrados \u00a0 \u00a0 con \u00a0 \u00a0 \u201cJorge \u00a0 40\u201d, \u00a0quien \u00a0hab\u00eda \u00a0convenido \u00a0lo \u00a0mismo con otros candidatos al Congreso, por lo que \u00a0fue \u00a0necesario dividir el departamento del Cesar, asignar zonas a los postulados \u00a0para \u00a0beneficiarlos, \u00a0y \u00a0a \u00a0su \u00a0vez \u00a0ejercer \u00a0la \u00a0intimidaci\u00f3n de la poblaci\u00f3n \u00a0dominada \u00a0por el bloque norte de las AUC que se extend\u00eda aproximadamente al 70% \u00a0de \u00a0ese \u00a0territorio, \u00a0a \u00a0fin \u00a0de \u00a0que \u00a0se \u00a0depositaran \u00a0los \u00a0votos \u00a0por aquellos \u00a0candidatos a quienes se hab\u00eda destinado la respectiva comarca. \u00a0\u00a0<\/p>\n<p>Eso \u00a0es \u00a0lo \u00a0que \u00a0acreditan los testimonios \u00a0citados \u00a0de \u00a0quienes afirman no solamente la violencia f\u00edsica y moral a que fue \u00a0sometida \u00a0la \u00a0comunidad \u00a0impidi\u00e9ndosele \u00a0optar \u00a0libremente \u00a0por \u00a0la alternativa \u00a0pol\u00edtica \u00a0de \u00a0sus \u00a0preferencias, cuando dan cuenta de los asesinatos, inclusive \u00a0de \u00a0copartidarios \u00a0del \u00a0acusado, \u00a0as\u00ed \u00a0como \u00a0de las amenazas, desplazamientos y \u00a0dem\u00e1s \u00a0actividades \u00a0ilegales que el grupo armado ilegal perpetr\u00f3, precisamente \u00a0para \u00a0lograr el resultado electoral acordado, pues la forma en que ese organismo \u00a0de \u00a0poder \u00a0actuaba \u00a0era de conocimiento p\u00fablico en la regi\u00f3n, y, por lo tanto, \u00a0tambi\u00e9n \u00a0del \u00a0acusado, \u00a0quien \u00a0de \u00a0acuerdo \u00a0con \u00a0su \u00a0propia \u00a0versi\u00f3n, \u00a0tuvo la \u00a0oportunidad \u00a0de \u00a0advertirlo \u00a0dado el recorrido que hac\u00eda del departamento en su \u00a0gesti\u00f3n \u00a0p\u00fablica, \u00a0a\u00fan \u00a0antes \u00a0de desarrollar su campa\u00f1a pol\u00edtica al Senado \u00a02002, \u00a0\u00e9poca \u00a0\u00e9sta \u00a0en \u00a0la \u00a0que \u00a0igualmente \u00a0pudo \u00a0hacerlo sin contratiempo, a \u00a0diferencia \u00a0 de \u00a0otros \u00a0aspirantes \u00a0que \u00a0ni \u00a0siquiera \u00a0se \u00a0atrev\u00edan \u00a0a \u00a0visitar \u00a0poblaciones \u00a0alejadas \u00a0de \u00a0Valledupar, \u00a0como \u00a0lo \u00a0se\u00f1al\u00f3 Luis Alberto Monsalvo \u00a0Gnecco, \u00a0y de aquellos que al desconocer las amenazas por ir en contrav\u00eda de lo \u00a0determinado \u00a0 \u00a0 por \u00a0 \u00a0el \u00a0 \u00a0grupo \u00a0 \u00a0armado, \u00a0 \u00a0se \u00a0 \u00a0convirtieron \u00a0 \u00a0en \u00a0 \u00a0sus \u00a0v\u00edctimas.\u00a0\u00a0\u00a0 \u00a0\u00a0<\/p>\n<p>\u00a0 \u00a0\u00a0 \u00a0\u00a0 \u00a0Por \u00a0\u00faltimo, no puede admitirse, como se alega, que una abstenci\u00f3n \u00a0electoral \u00a0abultada, \u00a0como \u00a0la reflejada en los comicios examinados, descarte el \u00a0constre\u00f1imiento \u00a0al \u00a0elector; \u00a0pues a\u00fan si se tratara de la violencia ejercida \u00a0contra \u00a0el \u00a0\u00fanico sufragante de una poblaci\u00f3n con muchos m\u00e1s habitantes aptos \u00a0para \u00a0elegir, \u00a0que se atreve a enfrentar las consecuencias anunciadas para quien \u00a0depositara \u00a0un \u00a0voto que no estuviera acorde con lo se\u00f1alado por una estructura \u00a0de \u00a0poder, \u00a0motivo \u00a0por \u00a0el cual ning\u00fan otro lo hiciera, el constre\u00f1imiento se \u00a0configurar\u00eda. \u00a0Es m\u00e1s, la abstenci\u00f3n bien puede corresponder, precisamente, a \u00a0la intimidaci\u00f3n ejercida contra los electores.\u00a0\u00a0\u00a0 \u00a0\u00a0<\/p>\n<p>\u00a0 \u00a0 \u00a0 \u00a0 \u00a0<\/p>\n<p>Y \u00a0para \u00a0responder el argumento del acusado \u00a0seg\u00fan \u00a0el \u00a0cual \u00a0lo \u00a0que \u00a0ha \u00a0ocurrido \u00a0en \u00a0este \u00a0caso \u00a0es \u00a0que \u00a0se le tilda de \u00a0paramilitar \u00a0 \u2013 \u00a0como \u00a0al \u00a0resto \u00a0de \u00a0sus \u00a0coterr\u00e1neos -, precisamente porque su regi\u00f3n fue flagelada por \u00a0dicho \u00a0 fen\u00f3meno, \u00a0t\u00e9ngase \u00a0en \u00a0cuenta \u00a0que \u00a0esta \u00a0investigaci\u00f3n, \u00a0la \u00a0prueba \u00a0recaudada \u00a0 y \u00a0 el \u00a0cumplimiento \u00a0en \u00a0debida \u00a0forma \u00a0de \u00a0las \u00a0etapas \u00a0procesales \u00a0correspondientes146, \u00a0bajo \u00a0el \u00a0respeto de las \u00a0garant\u00edas \u00a0constitucionales \u00a0y legales, da cuenta de que su actor principal y a \u00a0quien \u00a0hoy \u00a0se \u00a0juzga \u00a0no \u00a0es \u00a0otra \u00a0persona \u00a0diferente \u00a0al \u00a0doctor Ara\u00fajo \u00a0Castro, \u00a0conforme \u00a0a \u00a0los \u00a0cargos \u00a0elevados \u00a0en su contra en la resoluci\u00f3n de acusaci\u00f3n, sin que de ninguna forma \u00a0en \u00a0desarrollo de la actuaci\u00f3n funcionario alguno haya hecho alusi\u00f3n semejante \u00a0a \u00a0la \u00a0expresada \u00a0por \u00a0el \u00a0acusado; \u00a0todo \u00a0lo \u00a0contrario, lo que se ha puesto de \u00a0relieve \u00a0es \u00a0que integrantes del bloque norte de las AUC, que azotaban de tiempo \u00a0atr\u00e1s \u00a0esa \u00a0parte del territorio nacional, como lo hicieron con otras zonas del \u00a0pa\u00eds, \u00a0cometiendo \u00a0m\u00faltiples \u00a0cr\u00edmenes \u00a0contra \u00a0sus \u00a0pobladores, pactaron con \u00a0aspirantes \u00a0 a \u00a0 una \u00a0 curul \u00a0 del \u00a0 Congreso \u00a0 de \u00a0la \u00a0Rep\u00fablica \u00a0\u2013 \u00a0algunos \u00a0de \u00a0los \u00a0cuales pretend\u00edan \u00a0mantenerla \u00a0 -, \u00a0 inclusive \u00a0 la \u00a0 comisi\u00f3n \u00a0 de \u00a0 otros \u00a0delitos \u00a0\u2013 \u00a0como aqu\u00ed sucedi\u00f3 -, aflorando con \u00a0ello que las v\u00edctimas siempre han sido esas comunidades. \u00a0\u00a0<\/p>\n<p>\u00a0 \u00a0\u00a0 \u00a0\u00a0 \u00a0As\u00ed \u00a0 que \u00a0aquella \u00a0interpretaci\u00f3n \u00a0de \u00a0los \u00a0hechos \u00a0que \u00a0hace \u00a0el \u00a0procesado \u00a0no \u00a0deja \u00a0de \u00a0ser \u00a0m\u00e1s \u00a0que \u00a0su \u00a0opini\u00f3n interesada y velada de los \u00a0mismos, \u00a0con el fin de obtener la solidaridad de sus paisanos que, como tambi\u00e9n \u00a0ocurre \u00a0con \u00a0las \u00a0citadas \u00a0organizaciones \u00a0de \u00a0poder, \u00a0despierta \u00a0en \u00a0ingenuos o \u00a0convencidos de sus ideolog\u00edas. \u00a0\u00a0<\/p>\n<p>En \u00a0conclusi\u00f3n, \u00a0desde \u00a0un punto de vista \u00a0valorativo \u00a0que \u00a0mira \u00a0m\u00e1s \u00a0al \u00a0contexto \u00a0de \u00a0la \u00a0conducta \u00a0y al bien jur\u00eddico \u00a0protegido \u00a0en \u00a0los \u00a0tipos \u00a0penales, \u00a0y \u00a0no \u00a0tanto \u00a0a \u00a0la \u00a0expresi\u00f3n \u00f3ntica del \u00a0comportamiento \u00a0que \u00a0permitir\u00eda \u00a0fraccionar \u00a0los \u00a0sucesos \u00a0como \u00a0si entre ellos \u00a0hubiese \u00a0una \u00a0independencia \u00a0absoluta, \u00a0del \u00a0an\u00e1lisis \u00a0conjunto \u00a0de \u00a0la \u00a0prueba \u00a0surge \u00a0evidente la intimidaci\u00f3n f\u00edsica y moral a que \u00a0fueron \u00a0sometidos los habitantes de la regi\u00f3n por parte del grupo armado ilegal \u00a0con \u00a0el \u00a0que \u00a0se \u00a0concert\u00f3 el acusado, tal y como se desprende, entre otras, de \u00a0las \u00a0declaraciones \u00a0de \u00a0Carmen \u00a0Alicia \u00a0Rivera Medina, Ana Emilce Jaimes Ardila, \u00a0Parm\u00e9nides \u00a0Alexander \u00a0Salazar \u00a0Arias, \u00a0Mart\u00edn \u00a0Antonio \u00a0Avilez Aguilar, Julio \u00a0Enrique \u00a0Blanco \u00a0Nobles, \u00a0Jorge \u00a0Luis \u00a0Acosta \u00a0Felizzola, los hermanos V\u00edctor y \u00a0El\u00edas \u00a0Ochoa Daza, V\u00edctor Eli\u00e9cer Ochoa, Juana Bautista Ram\u00edrez, Yenis Edith \u00a0Gullo \u00a0Pe\u00f1a \u00a0y \u00a0los \u00a0hermanos Luis Camilo y Jos\u00e9 Luis Laborde, quienes adem\u00e1s \u00a0denotan \u00a0los \u00a0asesinatos, secuestros y dem\u00e1s punibles cometidos con ocasi\u00f3n de \u00a0la gesta electoral de 2002. \u00a0\u00a0<\/p>\n<p>Sexto.- Dosificaci\u00f3n punitiva. \u00a0<\/p>\n<p>Demostrada, \u00a0pues, \u00a0la \u00a0responsabilidad del \u00a0procesado \u00a0en \u00a0la \u00a0comisi\u00f3n \u00a0del \u00a0concurso \u00a0heterog\u00e9neo \u00a0de conductas punibles \u00a0imputadas, \u00a0en virtud de la certeza que al respecto brindan los medios de prueba \u00a0valorados \u00a0en conjunto, resta imponer la pena que legalmente corresponda, por lo \u00a0que \u00a0atendiendo \u00a0el \u00a0contenido \u00a0del \u00a0art\u00edculo 31 de la Ley 599 de 2000, la Sala \u00a0proceder\u00e1 \u00a0a \u00a0tasar \u00a0de manera independiente la pena para cada uno de los tipos \u00a0penales \u00a0por \u00a0los \u00a0cuales se dicta el presente fallo y seguidamente impondr\u00e1 la \u00a0sanci\u00f3n \u00a0definitiva \u00a0que \u00a0debe \u00a0purgar \u00a0el \u00a0ex funcionario aforado, teniendo en \u00a0cuenta \u00a0la que resulte m\u00e1s grave, para aumentarla en otro tanto, sin superar la \u00a0suma \u00a0aritm\u00e9tica \u00a0de \u00a0las \u00a0que corresponden a cada una de las conducta punibles \u00a0debidamente dosificadas. \u00a0\u00a0<\/p>\n<p>El delito de concierto para delinquir en su \u00a0modalidad \u00a0agravada \u00a0tiene prevista en el inciso 2\u00ba del art\u00edculo 340 de la Ley \u00a0599 \u00a0de \u00a02000, pena de prisi\u00f3n de seis (6) a doce (12) a\u00f1os y multa de dos mil \u00a0(2.000) \u00a0hasta veinte mil (20.000) salarios m\u00ednimos legales mensuales vigentes, \u00a0mientras \u00a0que \u00a0el \u00a0constre\u00f1imiento \u00a0al sufragante de que trata el art\u00edculo 387 \u00a0\u00edbidem, \u00a0consagra \u00a0una \u00a0sanci\u00f3n \u00a0que oscila entre tres (3) y seis (6) a\u00f1os de \u00a0prisi\u00f3n. \u00a0\u00a0<\/p>\n<p>En la resoluci\u00f3n de acusaci\u00f3n se dedujeron \u00a0para \u00a0una \u00a0y \u00a0otra \u00a0conductas \u00a0punibles \u00a0imputadas \u00a0la \u00a0circunstancia \u00a0de \u00a0menor \u00a0punibilidad \u00a0estipulada \u00a0en el numeral 1\u00ba del art\u00edculo 55 del C\u00f3digo Penal de \u00a02000, \u00a0relacionada \u00a0con \u00a0la \u00a0ausencia \u00a0de \u00a0antecedentes \u00a0del \u00a0procesado, \u00a0y \u00a0las \u00a0circunstancias \u00a0de \u00a0mayor \u00a0punibilidad de que tratan los numerales 2\u00ba y 9\u00ba del \u00a0art\u00edculo \u00a058 \u00a0del \u00a0C\u00f3digo Penal, que se refieren a haber ejecutado la conducta \u00a0punible \u00a0por \u00a0motivo \u00a0abyecto, \u00a0f\u00fatil \u00a0o \u00a0mediante precio, recompensa o promesa \u00a0remuneratoria, \u00a0y \u00a0a \u00a0la \u00a0posici\u00f3n \u00a0distinguida \u00a0que el sentenciado ocupe en la \u00a0sociedad, \u00a0por \u00a0su \u00a0cargo, \u00a0condici\u00f3n econ\u00f3mica, ilustraci\u00f3n, poder, oficio o \u00a0ministerio. \u00a0\u00a0<\/p>\n<p>As\u00ed las cosas, en lo que al concierto para \u00a0delinquir \u00a0agravado \u00a0se \u00a0refiere, \u00a0los \u00a0l\u00edmites \u00a0determinados \u00a0en el tipo penal \u00a0\u2013seis \u00a0a \u00a0doce \u00a0a\u00f1os \u00a0de \u00a0prisi\u00f3n-, \u00a0es \u00a0decir, entre setenta y dos (72) y ciento cuarenta y cuatro (144) \u00a0meses, \u00a0han de dividirse en cuartos y quedar\u00edan de la siguiente forma:\u00a0 el \u00a0primero \u00a0de \u00a0ellos, \u00a0oscila \u00a0entre \u00a0setenta y dos (72) y noventa (90) meses; los \u00a0cuartos \u00a0medios \u00a0se \u00a0encuentran \u00a0entre \u00a0noventa \u00a0(90) meses un (1) d\u00eda a ciento \u00a0veintis\u00e9is \u00a0(126) \u00a0meses; y el \u00faltimo cuarto ser\u00e1 de ciento veintis\u00e9is (126) \u00a0meses un (1) d\u00eda a ciento cuarenta y cuatro (144) meses. \u00a0\u00a0<\/p>\n<p>En \u00a0tal \u00a0virtud, \u00a0por \u00a0hallarse \u00a0imputadas \u00a0legalmente \u00a0dos \u00a0circunstancia \u00a0de \u00a0mayor punibilidad y una de menor, el quantum \u00a0punitivo \u00a0debe \u00a0determinarse \u00a0entre \u00a0los cuartos medios, que van de noventa (90) \u00a0meses \u00a0un \u00a0(1) \u00a0d\u00eda a ciento veintis\u00e9is (126) meses de prisi\u00f3n, acorde con lo \u00a0se\u00f1alado \u00a0por \u00a0el \u00a0art\u00edculo \u00a061 de la Ley 599 de 2000; consider\u00e1ndose justo y \u00a0legal \u00a0 imponer \u00a0una \u00a0pena \u00a0de \u00a0cien \u00a0(100) \u00a0meses \u00a0de \u00a0prisi\u00f3n. \u00a0\u00a0<\/p>\n<p>Lo anterior en consideraci\u00f3n a la gravedad \u00a0manifiesta \u00a0de \u00a0esta conducta punible, no s\u00f3lo por su expresi\u00f3n objetiva, sino \u00a0por \u00a0la intensidad del dolo que se refleja en el hecho de pactar voluntariamente \u00a0con \u00a0grupos \u00a0armados \u00a0que \u00a0est\u00e1n \u00a0por \u00a0fuera \u00a0de \u00a0la institucionalidad, lo cual \u00a0configura \u00a0un \u00a0ataque \u00a0frontal al bien jur\u00eddico de la seguridad p\u00fablica, en su \u00a0m\u00e1s \u00a0 alto \u00a0 significado, \u00a0 encarnado \u00a0en \u00a0tan \u00a0alto \u00a0representante \u00a0del \u00a0poder \u00a0legislativo. \u00a0\u00a0<\/p>\n<p>El \u00a0agravio \u00a0inferido \u00a0se \u00a0traduce \u00a0en \u00a0un \u00a0menoscabo \u00a0evidente \u00a0a \u00a0los valores que nutren un modelo de Estado democr\u00e1tico, \u00a0que \u00a0por \u00a0esencia \u00a0y \u00a0definici\u00f3n \u00a0debe \u00a0estar inspirado en los principios de la \u00a0probidad, \u00a0la \u00a0transparencia \u00a0de \u00a0quienes est\u00e1n llamados a alcanzar sus altos y \u00a0nobles fines. \u00a0\u00a0<\/p>\n<p>Y en cuanto al delito de constre\u00f1imiento al \u00a0sufragante, \u00a0cuya \u00a0pena \u00a0es \u00a0de \u00a0tres \u00a0(3) \u00a0a seis (6) a\u00f1os de prisi\u00f3n, lo que \u00a0indica \u00a0que \u00a0el \u00e1mbito punitivo es de 36 meses que, dividido en cuartos iguales \u00a0corresponden \u00a0a \u00a0un \u00a0primero que va de 36 a 45 meses; el segundo de 45 meses y 1 \u00a0d\u00eda \u00a0a \u00a054 meses; el tercero de 54 meses y 1 d\u00eda a 63 meses y, el cuarto de 63 \u00a0meses \u00a0y \u00a01 \u00a0d\u00eda a 72 meses de prisi\u00f3n; por lo que al haber sido imputadas las \u00a0mismas \u00a0circunstancias \u00a0de \u00a0agravaci\u00f3n y de atenuaci\u00f3n ya mencionadas, la pena \u00a0imponible \u00a0por \u00a0este \u00a0delito estar\u00eda comprendida entre los 45 meses 1 d\u00eda y 63 \u00a0meses de prisi\u00f3n, pudiendo ser la de 55 meses de prisi\u00f3n. \u00a0\u00a0<\/p>\n<p>As\u00ed, al guarismo indicado como pena por el \u00a0delito \u00a0de \u00a0concierto \u00a0para \u00a0delinquir \u00a0agravado \u00a0se incrementar\u00e1n doce \u00a0(12) \u00a0meses \u00a0m\u00e1s &#8211; por el delito de \u00a0constre\u00f1imiento \u00a0 al \u00a0 sufragante \u00a0 \u2013 \u00a0respetando \u00a0el \u00a0art\u00edculo \u00a031 \u00a0ejusdem, \u00a0pues \u00a0la expresi\u00f3n de la \u00a0modalidad \u00a0activa de constre\u00f1imiento al elector incide de manera negativa en la \u00a0construcci\u00f3n \u00a0de \u00a0la \u00a0voluntad \u00a0popular, \u00a0seriamente \u00a0afectada \u00a0por la presi\u00f3n \u00a0ejercida \u00a0contra \u00a0la \u00a0libertad \u00a0ciudadana \u00a0en \u00a0la conformaci\u00f3n de instituciones \u00a0democr\u00e1ticas. \u00a0De \u00a0donde \u00a0emerge que la pena a imponer ser\u00e1 la de ciento \u00a0 doce \u00a0(112) \u00a0meses \u00a0de \u00a0prisi\u00f3n. \u00a0\u00a0<\/p>\n<p>\u00a0 \u00a0\u00a0 \u00a0\u00a0 \u00a0Siendo \u00a0consecuentes \u00a0con \u00a0esas definiciones, la pena de multa ser\u00e1 \u00a0de \u00a0 7.222,15 \u00a0salarios \u00a0m\u00ednimos \u00a0legales \u00a0mensuales \u00a0vigentes, \u00a0 teniendo \u00a0en \u00a0cuenta \u00a0que \u00a0el \u00a0delito \u00a0de \u00a0constre\u00f1imiento al sufragante no prev\u00e9 una pena de esa especie. \u00a0\u00a0<\/p>\n<p>\u00a0 \u00a0\u00a0 \u00a0\u00a0 \u00a0Por \u00a0\u00faltimo, \u00a0de conformidad con el art\u00edculo 52 del C\u00f3digo Penal, \u00a0la \u00a0 Sala \u00a0 condenar\u00e1 \u00a0 al \u00a0 doctor \u00a0 Ara\u00fajo \u00a0Castro \u00a0a \u00a0la \u00a0pena \u00a0accesoria \u00a0de \u00a0inhabilitaci\u00f3n \u00a0para \u00a0el \u00a0ejercicio \u00a0de \u00a0derechos \u00a0y funciones p\u00fablicas por un tiempo igual al de la pena \u00a0principal. \u00a0\u00a0<\/p>\n<p>\u00a0 \u00a0\u00a0 \u00a0\u00a0 \u00a0Para \u00a0la \u00a0Corte \u00a0es igualmente claro que de acuerdo con el art\u00edculo \u00a056 \u00a0del \u00a0C\u00f3digo \u00a0de \u00a0Procedimiento Penal, al no haberse probado que se hubiesen \u00a0causado \u00a0perjuicios materiales y morales, no procede la condena por ese aspecto. \u00a0\u00a0<\/p>\n<p>Tampoco \u00a0 hay \u00a0 lugar \u00a0a \u00a0la \u00a0suspensi\u00f3n \u00a0condicional \u00a0de \u00a0la \u00a0ejecuci\u00f3n \u00a0de la pena ni a su sustituci\u00f3n por la prisi\u00f3n \u00a0domiciliaria, \u00a0por \u00a0impedirlo un requisito objetivo; en el primer caso porque la \u00a0ley \u00a0s\u00f3lo autoriza el subrogado frente a la imposici\u00f3n de una pena de prisi\u00f3n \u00a0no \u00a0 superior \u00a0 a \u00a03 \u00a0a\u00f1os \u00a0y, \u00a0en \u00a0el \u00a0segundo, \u00a0porque \u00a0s\u00f3lo \u00a0es \u00a0viable \u00a0la \u00a0consideraci\u00f3n \u00a0de \u00a0esa \u00a0sustituci\u00f3n \u00a0cuando la pena m\u00ednima prevista en la ley \u00a0para \u00a0el \u00a0delito \u00a0objeto \u00a0de \u00a0la \u00a0condena \u00a0sea de 5 a\u00f1os o menos, acorde con lo \u00a0establecido \u00a0en \u00a0los \u00a0art\u00edculos 63-1 y 38 del C\u00f3digo Penal; condiciones que no \u00a0se cumplen en el presente caso. \u00a0\u00a0<\/p>\n<p>Y no se otorgar\u00e1 la reclusi\u00f3n domiciliaria \u00a0\u2013 \u00a0art\u00edculo 68 de la Ley \u00a0600 \u00a0de \u00a02000 \u00a0-, porque en virtud del dictamen m\u00e9dico legal allegado el cuatro \u00a0(4) \u00a0 de \u00a0 marzo \u00a0 pasado, \u00a0 que \u00a0 acredita \u00a0 que \u00a0 el \u00a0 acusado: \u00a0 \u201cNo \u00a0se \u00a0encuentra, \u00a0en el momento, en \u00a0estado \u00a0de \u00a0salud \u00a0grave \u00a0por \u00a0enfermedad. \u00a0No \u00a0presenta, \u00a0en \u00a0este momento, una \u00a0condici\u00f3n \u00a0cl\u00ednica \u00a0que amerite tratamiento intrahospitalario ni de urgencias. \u00a0Debe, \u00a0sin \u00a0embargo \u00a0continuar \u00a0controles \u00a0e indicaciones por Medicina Interna o \u00a0Neurolog\u00eda \u00a0 as\u00ed \u00a0 como \u00a0por \u00a0Psiquiatr\u00eda, \u00a0ya \u00a0que \u00a0como \u00a0se \u00a0document\u00f3 \u00a0en \u00a0valoraci\u00f3n \u00a0hecha por servicio de psiquiatr\u00eda, durante la hospitalizaci\u00f3n del \u00a02007, \u00a0el evento isqu\u00e9mico cerebelar estuvo relacionado con el stress agudo por \u00a0la \u00a0situaci\u00f3n \u00a0judicial. \u00a0A \u00a0trav\u00e9s \u00a0de sanidad carcelaria se deben garantizar \u00a0medicamentos, \u00a0ex\u00e1menes \u00a0y \u00a0controles que indiquen sus m\u00e9dicos tratantes, as\u00ed \u00a0como \u00a0 vigilar \u00a0 la \u00a0adherencia \u00a0al \u00a0tratamiento \u00a0de \u00a0este \u00a0evaluado\u201d, \u00a0 \u00a0y \u00a0concluye: \u00a0\u201cEl \u00a0se\u00f1or \u00a0\u00c1lvaro \u00a0Ara\u00fajo \u00a0Castro \u00a0no presenta, en este momento, \u00a0criterios \u00a0 \u00a0de \u00a0 \u00a0grave \u00a0 enfermedad\u201d, \u00a0han desaparecido las razones que dieron lugar a la suspensi\u00f3n de \u00a0la \u00a0privaci\u00f3n \u00a0de \u00a0la \u00a0libertad \u00a0decretada \u00a0por \u00a0la \u00a0Fiscal\u00eda, \u00a0por \u00a0lo que se \u00a0revocar\u00e1 \u00a0 tal \u00a0 decisi\u00f3n \u00a0 y \u00a0 se \u00a0 ordenar\u00e1 \u00a0que \u00a0el \u00a0CTI \u00a0lo \u00a0traslade \u00a0al \u00a0establecimiento \u00a0carcelario \u00a0que \u00a0el \u00a0INPEC \u00a0determine, \u00a0debiendo \u00a0devolverse la \u00a0cauci\u00f3n prestada, para lo cual se oficiar\u00e1 a la instructora. \u00a0\u00a0<\/p>\n<p>\u00a0 \u00a0 \u00a0 \u00a0 \u00a0<\/p>\n<p>\u00a0 \u00a0\u00a0 \u00a0\u00a0 \u00a0S\u00e9ptimo.- Otras Decisiones. \u00a0\u00a0<\/p>\n<p>Advertido \u00a0 \u00a0 \u00a0que \u00a0 \u00a0 \u00c1lvaro \u00a0Ara\u00fajo \u00a0Castro es responsable del \u00a0delito \u00a0de \u00a0asociaci\u00f3n \u00a0para \u00a0delinquir con la finalidad de promover un aparato \u00a0organizado \u00a0de \u00a0poder \u00a0ilegal \u00a0que \u00a0lo \u00a0apoy\u00f3 \u00a0en \u00a0sus \u00a0proyectos \u00a0pol\u00edticos &#8211; \u00a0inclusive \u00a0a \u00a0trav\u00e9s \u00a0del constre\u00f1imiento al sufragante por el que tambi\u00e9n se \u00a0juzga -, del cual se ha dicho: \u00a0\u00a0<\/p>\n<p>\u201ctoda clase de \u00a0organizaci\u00f3n \u00a0que \u00a0utiliza para la comisi\u00f3n de delitos un aparato de poder que \u00a0cuenta \u00a0con \u00a0una estructura jer\u00e1rquica, a partir de la cual la relaci\u00f3n que se \u00a0establece \u00a0entre los miembros de la\u00a0 organizaci\u00f3n es vertical y piramidal. \u00a0En \u00a0la \u00a0c\u00faspide \u00a0de \u00a0la \u00a0pir\u00e1mide se sit\u00faan los \u00f3rganos o mandos directivos, \u00a0desde \u00a0donde \u00a0se \u00a0toman las decisiones y se imparten \u00f3rdenes. Los encargados de \u00a0cumplirlas, \u00a0los\u00a0 \u00a0ejecutores, \u00a0no \u00a0toman parte en la decisi\u00f3n original de \u00a0realizar \u00a0el \u00a0hecho \u00a0ni \u00a0tampoco \u00a0en \u00a0la \u00a0planificaci\u00f3n\u00a0 del mismo, aunque \u00a0decidan \u00a0llevar a cabo el\u00a0 encargo. En muchas ocasiones los subordinados ni \u00a0siquiera \u00a0conocen el plan en su globalidad, siendo conscientes \u00fanicamente de la \u00a0parte \u00a0del \u00a0plan \u00a0que les toca ejecutar\u201d.147 \u00a0\u00a0<\/p>\n<p>Como \u00a0se \u00a0ha conocido, era designio de los \u00a0grupos \u00a0paramilitares \u00a0arrasar \u00a0ciudadanos \u00a0u \u00a0organismos \u00a0que \u00a0se \u00a0opusieran \u00a0a \u00a0consolidar \u00a0su \u00a0poder \u00a0y \u00a0expansi\u00f3n \u00a0y, \u00a0por \u00a0ello, \u00a0dentro \u00a0de sus actividades \u00a0ordinarias \u00a0ejecutaron \u00a0m\u00faltiples conductas criminales, entre otras calificadas \u00a0como \u00a0 delitos \u00a0 de \u00a0lesa \u00a0humanidad \u00a0\u2013 \u00a0tortura, desapariciones forzadas, desplazamiento forzado, etc. -, \u00a0y \u00a0ataques \u00a0a \u00a0la \u00a0dignidad \u00a0de las personas, sin que fuera ning\u00fan secreto para \u00a0cada \u00a0uno de sus miembros, dentro de los cuales inclusive se contaban servidores \u00a0p\u00fablicos \u00a0vinculados a todas las instituciones estatales, a\u00fan desde el momento \u00a0de \u00a0 \u00a0la \u00a0 \u00a0creaci\u00f3n \u00a0 \u00a0de \u00a0 \u00a0aquellas \u00a0 \u00a0tropas.148 \u00a0\u00a0<\/p>\n<p>En \u00a0 la \u00a0 estructura \u00a0 de \u00a0 los \u00a0 grupos \u00a0paramilitares \u00a0 se \u00a0 ha \u00a0 constatado \u00a0 que \u00a0se \u00a0dan \u00a0los \u00a0siguientes \u00a0elementos: \u00a0\u00a0<\/p>\n<p>1). \u00a0 Existencia \u00a0de \u00a0una \u00a0organizaci\u00f3n \u00a0integrada \u00a0por una pluralidad de personas sustituibles antes o durante el evento \u00a0criminal \u00a0las \u00a0cuales \u00a0mantienen \u00a0una \u00a0relaci\u00f3n jer\u00e1rquica con sus superiores. \u00a0Aquellas \u00a0personas \u00a0pueden \u00a0o \u00a0no tener cierta predisposici\u00f3n a la comisi\u00f3n de \u00a0delitos; \u00a0\u00a0<\/p>\n<p>2). \u00a0Control (dominio) de la organizaci\u00f3n \u00a0por \u00a0parte \u00a0del \u00a0hombre \u00a0de \u00a0atr\u00e1s \u00a0y \u00a0a \u00a0trav\u00e9s \u00a0de \u00a0ella \u00a0de sus integrantes \u00a0sustituibles. \u00a0Dicho \u00a0control \u00a0puede \u00a0manifestarse bajo distintas modalidades: a \u00a0trav\u00e9s \u00a0de \u00a0la \u00a0creaci\u00f3n de la organizaci\u00f3n, el no control del mismo pudiendo \u00a0hacerlo \u00a0dada \u00a0su \u00a0posici\u00f3n \u00a0o \u00a0a trav\u00e9s del impulso sostenido de la misma con \u00a0medidas \u00a0dirigidas \u00a0a \u00a0autorizar \u00a0sus \u00a0actuaciones \u00a0il\u00edcitas. \u00a0En \u00a0todos \u00a0estos \u00a0supuestos \u00a0se \u00a0evidencia, \u00a0por parte del hombre de atr\u00e1s, un dominio del riesgo \u00a0(que es el aparato de poder) de producci\u00f3n de actos il\u00edcitos; y, \u00a0\u00a0<\/p>\n<p>3). \u00a0Conocimiento \u00a0de \u00a0la \u00a0organizaci\u00f3n o \u00a0aparato \u00a0de \u00a0poder \u00a0y \u00a0decisi\u00f3n \u00a0de \u00a0que \u00a0sus \u00a0miembros \u00a0ejecuten \u00a0o contin\u00faen \u00a0ejecutando \u00a0 \u00a0 \u00a0hechos \u00a0 \u00a0 il\u00edcitos \u00a0 \u00a0 penales149. \u00a0\u00a0<\/p>\n<p>Ahora, \u00a0el \u00a0pol\u00edtico \u00a0en su condici\u00f3n de \u00a0miembro \u00a0 de \u00a0 la \u00a0organizaci\u00f3n \u00a0criminal \u00a0impulsaba \u00a0no \u00a0s\u00f3lo \u00a0a \u00a0obtener \u00a0la \u00a0permanencia \u00a0del irregular grupo sino que pretend\u00eda ejercer en espacios o crear \u00a0los \u00a0mismos en procura de resultar funcionales a la empresa delictiva, en pro de \u00a0la \u00a0estrategia \u00a0del \u00a0crimen constituy\u00e9ndose en un paso m\u00e1s en el proceso de la \u00a0toma de todos los poderes e instancias de decisi\u00f3n del Estado. \u00a0\u00a0<\/p>\n<p>Entonces, de acuerdo con la opini\u00f3n de la \u00a0Sala150, \u00a0el aforado hac\u00eda parte de una estructura criminal integrada por \u00a0un \u00a0n\u00famero plural de personas articuladas de manera jer\u00e1rquica y subordinada a \u00a0una \u00a0organizaci\u00f3n criminal, quienes mediante divisi\u00f3n de tareas y concurrencia \u00a0de \u00a0 aportes \u00a0 (los \u00a0 cuales \u00a0 pueden \u00a0consistir \u00a0en \u00a0\u00f3rdenes \u00a0en \u00a0secuencia \u00a0y \u00a0descendentes) \u00a0 realizan \u00a0 conductas \u00a0 punibles, \u00a0 fen\u00f3meno \u00a0 que \u00a0es \u00a0factible \u00a0comprenderlo \u00a0a trav\u00e9s de la met\u00e1fora de la cadena151, \u00a0 motivo \u00a0por \u00a0el \u00a0cual \u00a0tambi\u00e9n \u00a0debe \u00a0responder \u00a0penalmente \u00a0por \u00a0el \u00a0conjunto \u00a0de cr\u00edmenes que se le \u00a0atribuyen \u00a0a \u00a0los \u00a0comandantes \u00a0o \u00a0jefes \u00a0de los bloques, frentes o unidades que \u00a0hac\u00edan parte de la asociaci\u00f3n criminal. \u00a0\u00a0<\/p>\n<p>De \u00a0donde resulta procedente, parodiando al \u00a0representante \u00a0del \u00a0Ministerio P\u00fablico, compulsar copias de lo pertinente a fin \u00a0de \u00a0que \u00a0se \u00a0investigue la ocurrencia de hechos en los \u00a0cuales, \u00a0 en \u00a0ejercicio \u00a0del \u00a0plan \u00a0criminal \u00a0de \u00a0la \u00a0organizaci\u00f3n \u00a0a \u00a0la \u00a0cual \u00a0pertenec\u00eda \u00a0el \u00a0acusado, \u00a0\u00e9ste \u00a0haya \u00a0participado \u00a0y se establezca su eventual \u00a0grado \u00a0 \u00a0 de \u00a0 \u00a0 responsabilidad \u00a0 \u00a0\u2013 \u00a0autor\u00eda \u00a0o \u00a0participaci\u00f3n -, dentro de \u00a0los \u00a0que \u00a0figuran \u00a0ataques \u00a0a la dignidad humana y a la vida puestos de presente \u00a0por los testigos. \u00a0\u00a0<\/p>\n<p>Esta soluci\u00f3n que se da al fen\u00f3meno de la \u00a0intervenci\u00f3n \u00a0de \u00a0m\u00faltiples \u00a0sujetos \u00a0en la acci\u00f3n criminal se aproxima a las \u00a0respuestas \u00a0 \u00a0dadas \u00a0 \u00a0por \u00a0 \u00a0la \u00a0 Corte \u00a0 a \u00a0 otros \u00a0 asuntos \u00a0 conocidos \u00a0 con \u00a0anterioridad152 \u00a0y \u00a0que \u00a0resulta cercana a \u00a0expresiones \u00a0 \u00a0 recientes \u00a0 \u00a0de \u00a0 \u00a0la \u00a0 \u00a0doctrina153 \u00a0 \u00a0 \u00a0 \u00a0 y \u00a0 \u00a0 \u00a0 \u00a0la \u00a0jurisprudencia154 \u00a0 for\u00e1neas \u00a0aplicadas \u00a0a \u00a0fen\u00f3menos similares. \u00a0\u00a0<\/p>\n<p>\u201cEntre \u00a0las \u00a0organizaciones \u00a0criminales \u00a0cabe \u00a0distinguir: \u00a0las \u00a0desarrolladas \u00a0al amparo del \u00a0poder \u00a0 pol\u00edtico \u00a0 de \u00a0 un \u00a0 determinado \u00a0 Estado, \u00a0 como \u00a0 la \u00a0 del \u00a0 r\u00e9gimen \u00a0nacional-socialista \u00a0alem\u00e1n del III Reich; y, las organizaciones criminales que \u00a0operan \u00a0 en \u00a0 contra \u00a0del \u00a0poder \u00a0del \u00a0Estado, \u00a0enfrent\u00e1ndose \u00a0al \u00a0ordenamiento \u00a0jur\u00eddico, \u00a0como \u00a0bandas \u00a0mafiosas, \u00a0grupos \u00a0terroristas, etc. En el primer caso \u00a0hablamos \u00a0 de \u00a0\u2018aparatos \u00a0organizados \u00a0 \u00a0de \u00a0 poder \u00a0 estatales\u2019, \u00a0entendiendo \u00a0que \u00a0es el propio Estado el que opera al margen del \u00a0Derecho. \u00a0 En \u00a0 el \u00a0 segundo, \u00a0 nos \u00a0 referimos \u00a0a \u00a0la \u00a0denominada \u00a0\u2018criminalidad \u00a0organizada\u2019, t\u00e9rmino que en principio engloba a \u00a0toda \u00a0 organizaci\u00f3n \u00a0 no \u00a0 estatal \u00a0 que \u00a0act\u00faa \u00a0con \u00a0una \u00a0r\u00edgida \u00a0estructura \u00a0jer\u00e1rquica, \u00a0con \u00a0un \u00a0mecanismo \u00a0estricto de mando y cumplimiento de \u00f3rdenes y \u00a0con \u00a0objetivos \u00a0claramente \u00a0criminales\u201d.155 \u00a0\u00a0<\/p>\n<p>Y \u00a0dada la preclusi\u00f3n de la investigaci\u00f3n \u00a0por \u00a0el secuestro de V\u00edctor Ochoa Daza, decretada mediante resoluci\u00f3n del 2 de \u00a0julio \u00a0de \u00a02009, \u00a0por \u00a0la \u00a0Fiscal\u00eda \u00a029 \u00a0Delegada \u00a0ante el Tribunal Superior de \u00a0Bogot\u00e1, \u00a0en cabeza de la doctora Mar\u00eda Roc\u00edo Cortes Vargas, sin atender, como \u00a0se \u00a0indic\u00f3 atr\u00e1s, la totalidad de las circunstancias que rodearon el mismo, se \u00a0compulsar\u00e1n \u00a0 copias \u00a0de \u00a0este \u00a0fallo \u00a0para \u00a0ante \u00a0la \u00a0Direcci\u00f3n \u00a0Nacional \u00a0de \u00a0Fiscal\u00edas \u00a0a \u00a0fin \u00a0de \u00a0que se investigue su presunta incursi\u00f3n en el delito de \u00a0prevaricato \u00a0y, \u00a0para \u00a0que \u00a0se \u00a0inicie la investigaci\u00f3n que corresponda, por el \u00a0delito \u00a0de \u00a0falso testimonio en que haya podido incurrir el se\u00f1or Rodrigo Tovar \u00a0Pupo, atendido que pudo callar parcialmente la verdad. \u00a0\u00a0<\/p>\n<p>En \u00a0m\u00e9rito de lo expuesto, la CORTE \u00a0SUPREMA \u00a0DE \u00a0JUSTICIA, SALA \u00a0DE \u00a0CASACI\u00d3N \u00a0PENAL, \u00a0administrando \u00a0justicia en nombre de la Rep\u00fablica y por autoridad de la ley, \u00a0\u00a0<\/p>\n<p>\u00a0 \u00a0\u00a0 \u00a0\u00a0 \u00a0RESUELVE \u00a0\u00a0<\/p>\n<p>\u00a0 \u00a0\u00a0 \u00a0\u00a0 \u00a01.- \u00a0CONDENAR \u00a0a \u00c1LVARO ARA\u00daJO CASTRO, de \u00a0condiciones \u00a0civiles \u00a0y \u00a0personales referidas en esta determinaci\u00f3n, ex senador \u00a0de \u00a0la \u00a0Rep\u00fablica, \u00a0a \u00a0ciento \u00a0doce (112) meses de prisi\u00f3n y multa de 7.222,15 \u00a0salarios \u00a0m\u00ednimos \u00a0legales \u00a0mensuales \u00a0vigentes e inhabilitaci\u00f3n de derechos y \u00a0funciones \u00a0p\u00fablicas \u00a0por \u00a0el mismo lapso, como responsable, en calidad de autor \u00a0del \u00a0delito \u00a0de \u00a0concierto \u00a0para \u00a0promover grupos armados al margen de la ley y, \u00a0determinador \u00a0de constre\u00f1imiento al sufragante, previstos en los art\u00edculos 340 \u00a0inciso \u00a02\u00ba \u00a0y \u00a0387 \u00a0de \u00a0la \u00a0Ley \u00a0599 \u00a0de \u00a02000, \u00a0por \u00a0los cuales se le formul\u00f3 \u00a0resoluci\u00f3n de acusaci\u00f3n. \u00a0\u00a0<\/p>\n<p>\u00a0 \u00a0\u00a0 \u00a0\u00a0 \u00a02.- \u00a0 \u00a0 \u00a0 \u00a0 \u00a0 \u00a0 \u00a0DECLARAR que no hay lugar a condena por el \u00a0pago \u00a0de \u00a0da\u00f1os \u00a0y perjuicios y que no son procedentes la condena de ejecuci\u00f3n \u00a0condicional, \u00a0la prisi\u00f3n ni la reclusi\u00f3n domiciliaria, acorde con lo advertido \u00a0en la fundamentaci\u00f3n. \u00a0\u00a0<\/p>\n<p>\u00a0 \u00a0\u00a0 \u00a0\u00a0 \u00a03.- \u00a0 REVOCAR \u00a0al \u00a0sentenciado \u00a0la suspensi\u00f3n de la privaci\u00f3n de su \u00a0libertad, \u00a0por \u00a0haber \u00a0desaparecido \u00a0la \u00a0causa \u00a0que \u00a0dio \u00a0lugar \u00a0a \u00a0ello \u00a0y, \u00a0en \u00a0consecuencia, \u00a0SE \u00a0ORDENA al \u00a0CTI \u00a0que \u00a0proceda \u00a0a trasladar al doctor Ara\u00fajo Castro \u00a0al \u00a0establecimiento \u00a0carcelario que el Inpec determine \u00a0para cumplir con la pena impuesta. \u00a0\u00a0<\/p>\n<p>\u00a0 \u00a0 \u00a0 \u00a0 \u00a0<\/p>\n<p>\u00a0 \u00a0\u00a0 \u00a0\u00a0 \u00a04.- \u00a0 \u00a0 \u00a0 \u00a0 \u00a0 \u00a0 \u00a0RECONOCER \u00a0como \u00a0parte cumplida de la pena \u00a0el \u00a0tiempo \u00a0que el sentenciado ha permanecido privado de su libertad, por cuenta \u00a0de este proceso. \u00a0\u00a0<\/p>\n<p>\u00a0 \u00a0\u00a0 \u00a0\u00a0 \u00a05.- \u00a0 COMPULSAR \u00a0 copia \u00a0 de \u00a0las \u00a0piezas \u00a0procesales \u00a0pertinentes \u00a0para investigar por separado la presunta participaci\u00f3n \u00a0del \u00a0 doctor \u00a0 \u00c1LVARO \u00a0 ARA\u00daJO \u00a0 CASTRO \u00a0en los delitos\u00a0 perpetrados por el grupo armado ilegal con el \u00a0cual \u00a0se \u00a0concert\u00f3, \u00a0con \u00a0ocasi\u00f3n de su elecci\u00f3n al Congreso de la Rep\u00fablica \u00a0para el periodo 2002-2006. \u00a0\u00a0<\/p>\n<p>\u00a0 \u00a0 \u00a0 \u00a0 \u00a0<\/p>\n<p>\u00a0 \u00a0\u00a0 \u00a0\u00a0 \u00a06.- \u00a0COMPULSAR, \u00a0igualmente, copias de las \u00a0diligencias \u00a0correspondientes \u00a0para ante la Direcci\u00f3n Nacional de Fiscal\u00edas, a \u00a0fin \u00a0de \u00a0que \u00a0se \u00a0investigue \u00a0el \u00a0falso testimonio y el prevaricato en que hayan \u00a0podido \u00a0incurrir \u00a0Rodrigo Tovar Pupo y la doctora Mar\u00eda Roc\u00edo Cortes Vargas, y \u00a0oficiar \u00a0a \u00a0la \u00a0Fiscal\u00eda \u00a0instructora con el objeto de que devuelva la cauci\u00f3n \u00a0prestada \u00a0 \u00a0por \u00a0 \u00a0el \u00a0 \u00a0sentenciado, \u00a0 \u00a0acorde \u00a0 con \u00a0 lo \u00a0 se\u00f1alado \u00a0 en \u00a0 la \u00a0motivaci\u00f3n. \u00a0\u00a0<\/p>\n<p>\u00a0 \u00a0\u00a0 \u00a0\u00a0 \u00a07.- \u00a0En \u00a0firme esta providencia, rem\u00edtase \u00a0la \u00a0actuaci\u00f3n \u00a0al \u00a0Juzgado \u00a0de \u00a0Ejecuci\u00f3n \u00a0de \u00a0Penas \u00a0y \u00a0Medidas \u00a0de Seguridad \u00a0\u2013 Reparto -, para lo de su \u00a0cargo. \u00a0\u00a0<\/p>\n<p>8.- \u00a0 \u00a0 \u00a0\u00a0 \u00a0\u00a0La \u00a0Secretar\u00eda de la Sala remitir\u00e1 las \u00a0copias \u00a0del \u00a0fallo \u00a0a \u00a0las \u00a0autoridades \u00a0que alude el art\u00edculo 472 del C. de P. \u00a0Penal. \u00a0\u00a0<\/p>\n<p>9.- \u00a0Contra \u00a0esta \u00a0sentencia \u00a0no \u00a0procede \u00a0recurso. \u00a0\u00a0<\/p>\n<p>NOTIF\u00cdQUESE Y C\u00daMPLASE \u00a0<\/p>\n<p>\u00a0 \u00a0MAR\u00cdA \u00a0DEL \u00a0ROSARIO \u00a0GONZ\u00c1LEZ DE \u00a0LEMOS \u00a0\u00a0<\/p>\n<p>JOSE \u00a0 \u00a0 \u00a0 LEONIDAS \u00a0 \u00a0 \u00a0 BUSTOS \u00a0MART\u00cdNEZ\u00a0\u00a0\u00a0\u00a0\u00a0\u00a0\u00a0\u00a0\u00a0\u00a0\u00a0\u00a0\u00a0\u00a0\u00a0\u00a0 \u00a0SIGIFREDO ESPINOSA \u00a0P\u00c9REZ\u00a0\u00a0\u00a0\u00a0\u00a0\u00a0\u00a0\u00a0\u00a0\u00a0\u00a0\u00a0\u00a0\u00a0\u00a0\u00a0\u00a0\u00a0\u00a0 \u00a0\u00a0<\/p>\n<p>ALFREDO \u00a0 \u00a0 \u00a0 \u00a0 \u00a0 G\u00d3MEZ \u00a0QUINTERO\u00a0\u00a0\u00a0\u00a0\u00a0\u00a0\u00a0\u00a0\u00a0\u00a0\u00a0\u00a0\u00a0\u00a0\u00a0\u00a0\u00a0\u00a0\u00a0\u00a0\u00a0\u00a0\u00a0\u00a0\u00a0\u00a0\u00a0\u00a0 \u00a0AUGUSTO J. IB\u00c1\u00d1EZ GUZM\u00c1N \u00a0\u00a0<\/p>\n<p>JORGE \u00a0 \u00a0 \u00a0 LUIS \u00a0 \u00a0 \u00a0 QUINTERO \u00a0MILAN\u00c9S\u00a0\u00a0\u00a0\u00a0\u00a0\u00a0\u00a0\u00a0\u00a0\u00a0\u00a0\u00a0\u00a0\u00a0\u00a0\u00a0\u00a0\u00a0\u00a0\u00a0\u00a0\u00a0\u00a0\u00a0\u00a0\u00a0 \u00a0YESID RAM\u00cdREZ BASTIDAS \u00a0\u00a0<\/p>\n<p>\u00a0\u00a0\u00a0\u00a0\u00a0\u00a0\u00a0\u00a0\u00a0 Aclaraci\u00f3n \u00a0de voto \u00a0\u00a0<\/p>\n<p>JULIO \u00a0 \u00a0 \u00a0 ENRIQUE \u00a0 \u00a0 \u00a0 SOCHA \u00a0SALAMANCA\u00a0\u00a0\u00a0\u00a0\u00a0\u00a0\u00a0\u00a0\u00a0\u00a0\u00a0\u00a0\u00a0\u00a0\u00a0\u00a0\u00a0\u00a0\u00a0\u00a0\u00a0\u00a0\u00a0\u00a0\u00a0 \u00a0JAVIER ZAPATA ORTIZ \u00a0\u00a0<\/p>\n<p>\u00a0\u00a0\u00a0\u00a0\u00a0\u00a0\u00a0\u00a0\u00a0\u00a0\u00a0\u00a0\u00a0\u00a0\u00a0\u00a0\u00a0\u00a0\u00a0\u00a0\u00a0\u00a0\u00a0\u00a0\u00a0\u00a0\u00a0\u00a0\u00a0\u00a0 \u00a0 \u00a0 \u00a0\u00a0 \u00a0 \u00a0\u00a0 \u00a0 \u00a0\u00a0 \u00a0 \u00a0 \u00a0\u00a0 \u00a0 \u00a0 \u00a0 Aclaraci\u00f3n \u00a0de voto \u00a0\u00a0<\/p>\n<p>TERESA RUIZ N\u00da\u00d1EZ \u00a0<\/p>\n<p>Secretaria \u00a0<\/p>\n<p>\u00a0 \u00a0\u00a0<\/p>\n<p>1 Fl. \u00a0218 &#8211; 221 c. o. 12. \u00a0\u00a0<\/p>\n<p>2 Fl. \u00a0159 &#8211; 234 c. o. 21. \u00a0\u00a0<\/p>\n<p>3 Fls. \u00a0107 \u00a0 \u2013 \u00a0 124 \u00a0 c. \u00a0o. \u00a024 \u00a0\u00a0<\/p>\n<p>4 Fls. \u00a0163 y 164 c. o. 24 \u00a0\u00a0<\/p>\n<p>5 Fls. \u00a038 y 39 c. o. 26. \u00a0\u00a0<\/p>\n<p>6 Fl. \u00a0166 y 167 c. o. 24 \u00a0\u00a0<\/p>\n<p>7 Auto \u00a008\/03\/2007 Radicado 26.942. \u00a0\u00a0<\/p>\n<p>8 Fls. \u00a05 \u00a0 \u00a0\u2013 \u00a0 7 \u00a0 c. \u00a0 o. \u00a027. \u00a0\u00a0<\/p>\n<p>9 Fls. \u00a01 \u00a0 \u00a0\u2013 \u00a0 244 \u00a0 c. \u00a0 o. \u00a032. \u00a0\u00a0<\/p>\n<p>10 Fls. \u00a05 \u00a0 \u00a0\u2013 \u00a0 7 \u00a0 c. \u00a0 o. \u00a027. \u00a0\u00a0<\/p>\n<p>11 \u00a0Fls. \u00a0121 \u2013 154 c. o. 2da. \u00a0Inst. Fiscal\u00eda. \u00a0\u00a0<\/p>\n<p>12 \u00a0Art\u00edculo 187 inciso 2\u00ba Ley 600 de 2000. \u00a0\u00a0<\/p>\n<p>13 Fl. \u00a098 c. o. 40. \u00a0\u00a0<\/p>\n<p>14 \u00a0Hace \u00a0alusi\u00f3n indistintamente a los documentos allegados por Luis Eduardo Rocha \u00a0Lemus \u00a0(fl. \u00a060 A\u00a0 c. anexo 9) y Dario Quintero Pati\u00f1o (fls. 3-6 c. o. 6). \u00a0\u00a0<\/p>\n<p>15 \u00a0Fls. \u00a0 1 \u00a0\u2013 \u00a0244 \u00a0c. \u00a0o. \u00a032. \u00a0\u00a0<\/p>\n<p>16 \u00a0Fls. \u00a0 5 \u00a0 \u2013 \u00a07 \u00a0c. \u00a0o. \u00a027. \u00a0\u00a0<\/p>\n<p>17 \u00a0Fls. \u00a0121 \u2013 154 c. o. 2da. \u00a0Inst. Fiscal\u00eda. \u00a0\u00a0<\/p>\n<p>18 \u00a0Art\u00edculo 187 inciso 2\u00ba Ley 600 de 2000. \u00a0\u00a0<\/p>\n<p>19 Fl. \u00a0166 y 167 c. o. 24 \u00a0\u00a0<\/p>\n<p>20 \u00a0Cfr. \u00a0Art. \u00a0533 \u00a0Ley \u00a0096 \u00a0de \u00a02004 \u00a0y \u00a0sentencia \u00a0C-545 \u00a0de \u00a02008 \u00a0de \u00a0la Corte \u00a0Constitucional. \u00a0\u00a0<\/p>\n<p>21 \u00a0Fls. 218-222 y 287-288 c. o. 12. \u00a0\u00a0<\/p>\n<p>22 \u00a0Radicado 31.653. \u00a0\u00a0<\/p>\n<p>23 En \u00a0auto \u00a0 \u00a0 del \u00a0 \u00a0 01\/09\/2009 \u00a0 \u00a0radicado \u00a0 \u00a031.653 \u00a0 \u00a0se \u00a0 \u00a0dijo: \u00a0 \u00a0\u201cdesde \u00a0la \u00a0entrada \u00a0en vigencia de la \u00a0Carta \u00a0Pol\u00edtica de 1991, la jurisprudencia de la Sala fue pac\u00edfica en punto de \u00a0mantener \u00a0 \u00a0 \u00a0el \u00a0 \u00a0 fuero \u00a0 \u00a0 congresional \u00a0 \u00a0 respecto \u00a0 \u00a0 de \u00a0 \u00a0 \u201cconductas \u00a0 punibles \u00a0 que \u00a0 tengan \u00a0relaci\u00f3n \u00a0 \u00a0 \u00a0 \u00a0con \u00a0 \u00a0 \u00a0 \u00a0las \u00a0 \u00a0 \u00a0 \u00a0funciones \u00a0 \u00a0 \u00a0 desempe\u00f1adas\u201d, \u00a0como \u00a0en \u00a0efecto \u00a0lo \u00a0dispone \u00a0el \u00a0par\u00e1grafo \u00a0 \u00a0 del \u00a0 \u00a0art\u00edculo \u00a0 \u00a0235 \u00a0 \u00a0de \u00a0 \u00a0la \u00a0 \u00a0Constituci\u00f3n.\u201d \u00a0\u00a0<\/p>\n<p>24 \u00a0Auto 18\/04\/2007. Rad. 26.942. \u00a0\u00a0<\/p>\n<p>25 \u00a0Auto 01-10-2009 radicado 27.032. \u00a0\u00a0<\/p>\n<p>26 \u00a0Auto 28-10-2009 radicado 27.032. \u00a0\u00a0<\/p>\n<p>27 \u00a0Sent. C-878 de 2000 Corte Constitucional. \u00a0\u00a0<\/p>\n<p>28 \u00a0Casaci\u00f3n 24\/01\/2001 radicado 17.080. \u00a0\u00a0<\/p>\n<p>29 \u00a0Casaci\u00f3n 06\/10\/2004 radicado 15.904. \u00a0\u00a0<\/p>\n<p>30 \u00a0Sent. C-358 de 1997 Corte Constitucional. \u00a0\u00a0<\/p>\n<p>31 \u00a0Auto 03\/12\/2009 radicado 27.032. \u00a0\u00a0<\/p>\n<p>32 \u00a0www.vicepresidencia.gov.co \u00a0\u00a0<\/p>\n<p>33 \u00a0Fls. 52-60 c. o. 10. \u00a0\u00a0<\/p>\n<p>34 \u00a0Fls. 207-208 c. o. 11. \u00a0\u00a0<\/p>\n<p>35 \u00a0Fls. 122-126 c. o. 18. \u00a0\u00a0<\/p>\n<p>36 \u00a0Fls. 140-168 c. o. 25. \u00a0\u00a0<\/p>\n<p>37 Fl. \u00a046 c. o. 17. \u00a0\u00a0<\/p>\n<p>38 \u00a0Fls. 58-70 c. o. 17. \u00a0\u00a0<\/p>\n<p>39 \u00a0Fls. 58-63 c. o. 38. \u00a0\u00a0<\/p>\n<p>40 \u00a0Fls. 23-27 c. o. 36. \u00a0\u00a0<\/p>\n<p>41 \u00a0Declaraciones \u00a0rendidas \u00a0en el proceso adelantado por la Fiscal\u00eda contra Miguel \u00a0Dur\u00e1n G\u00e9lvis. CD. \u00a0\u00a0<\/p>\n<p>42 \u00a0Fls. \u00a016-22 \u00a0c. \u00a0o. 36 y CD declaraciones del proceso que la Fiscal\u00eda adelant\u00f3 \u00a0contra Miguel Dur\u00e1n G\u00e9lvis. \u00a0\u00a0<\/p>\n<p>43 \u00a0Fls. 277-279 c. o. 19. \u00a0\u00a0<\/p>\n<p>44 \u00a0Fls. 280-284 c. o. 19. \u00a0\u00a0<\/p>\n<p>45 \u00a0Fls. 285-289 c. o. 19. \u00a0\u00a0<\/p>\n<p>46 Fl. \u00a0292 c. o. 19. \u00a0\u00a0<\/p>\n<p>47 \u00a0Fls. 2-8 c. o. 20. \u00a0\u00a0<\/p>\n<p>48 \u00a0Fls. 9-26 c. o. 20. \u00a0\u00a0<\/p>\n<p>49 \u00a0Fls. 27-50 c. o. 20. \u00a0\u00a0<\/p>\n<p>50 \u00a0Fls. 62-82 c. o. 20. \u00a0\u00a0<\/p>\n<p>51 \u00a0Fls. 99-119 c. o. 20. \u00a0\u00a0<\/p>\n<p>52 \u00a0Fls. 228-275 c. o. 17. \u00a0\u00a0<\/p>\n<p>53 \u00a0Fls. 182 y 182 c. o. 25. \u00a0\u00a0<\/p>\n<p>54 \u00a0Fls. 153-188 c. o. 24. \u00a0\u00a0<\/p>\n<p>55 \u00a0Fls. 139-148 c. o. 24. \u00a0\u00a0<\/p>\n<p>56 \u00a0Testimonio del 15\/04\/2008 CD. \u00a0\u00a0<\/p>\n<p>57 Fl. \u00a0260 c. o. 35 \u00a0\u00a0<\/p>\n<p>58 \u00a0Fls. 193-194 c. o. 24. \u00a0\u00a0<\/p>\n<p>59 \u00a0Fls. 248-254 c. o. 35. \u00a0\u00a0<\/p>\n<p>60 \u00a0Fls. 281-292 c. o. 35. \u00a0\u00a0<\/p>\n<p>61 \u00a0Fls. 11-15 c. o. 36. \u00a0\u00a0<\/p>\n<p>62 \u00a0Fls. 66-73 c. o. 37 \u00a0\u00a0<\/p>\n<p>63 \u00a0Declaraciones \u00a0incorporadas del proceso adelantado contra Miguel Dur\u00e1n G\u00e9lvis. \u00a0CD. \u00a0\u00a0<\/p>\n<p>64 \u00a0CD. \u00a0\u00a0<\/p>\n<p>65 \u00a0Fls. 50-57 c. o. 38. \u00a0\u00a0<\/p>\n<p>66 \u00a0Fls. 150 c. o. 38. \u00a0\u00a0<\/p>\n<p>67 \u00a0Fls. 64-81 c. o. 38. \u00a0\u00a0<\/p>\n<p>68 \u00a0Fls. 82-88 c. o. 38.\u00a0 \u00a0\u00a0<\/p>\n<p>69 Fl. \u00a092 c. o. 38. \u00a0\u00a0<\/p>\n<p>70 Fl. \u00a0158 c. o. 38. \u00a0\u00a0<\/p>\n<p>71 \u00a0Fls. 83-98 c. o. 20. \u00a0\u00a0<\/p>\n<p>72 \u00a0Fls. 219-236 c. o. 20 \u00a0\u00a0<\/p>\n<p>73 \u00a0Pues \u00a0 \u00a0 \u00a0dijo \u00a0 \u00a0 al \u00a0 \u00a0 respecto:\u201cviene \u00a0el carro Mitsubishi y entr\u00f3 a la finca y se baj\u00f3 un se\u00f1or \u00a0cojo \u00a0con \u00a0el \u00a0alias \u00a0de \u00a0Gustavo \u00a0y \u00a0otros \u00a0dos \u00a0miembros \u00a0de \u00a0las autodefensas \u00a0\u2026 \u00a0me \u00a0dijo \u00a0viejo venga \u00a0ac\u00e1 \u00a0 \u2026 \u00a0te \u00a0tengo \u00a0que \u00a0llevar, \u00a0 tengo \u00a0 orden \u00a0 de \u00a0 mi \u00a0 comando \u00a0 40 \u00a0 que \u00a0 te \u00a0lleve \u00a0\u2026 \u00a0como \u00a0a \u00a0los \u00a0cuatro \u00a0a \u00a0seis d\u00edas \u00a0lleg\u00f3 \u00a0el \u00a0comandante alias Danilo me llev\u00f3 cepillo de dientes, crema dental y \u00a0ropa \u00a0interior \u00a0\u2026 me dijo \u00a0esto \u00a0es \u00a0un \u00a0secuestro \u00a0pol\u00edtico \u00a0\u2026\u201d(fl. 24 c. o. 16). Fl. 58 c. o. 20 \u00a0\u00a0<\/p>\n<p>74 \u00a0Fls. 101-118 c. o. 16; 298-307 c. o. 19. \u00a0\u00a0<\/p>\n<p>75 \u00a0Fls. 2-43 c. o. 17. \u00a0\u00a0<\/p>\n<p>76 \u00a0Fls. 44-57 c. o. 17. \u00a0\u00a0<\/p>\n<p>77 \u00a0Fls. 35-51 c. o. 16; fls. 120-129 c. o. 20. \u00a0\u00a0<\/p>\n<p>78 \u00a0Fls. 56-70 c. o. 16. \u00a0\u00a0<\/p>\n<p>79 Fl. \u00a0223 c. o.\u00a0 20. \u00a0\u00a0<\/p>\n<p>80 \u00a0Fls. 285-300 c. o. 30. \u00a0\u00a0<\/p>\n<p>81 \u00a0Seg\u00fan \u00a0rendida \u00a0por su hermano Martiniano Prada M\u00e1rquez dentro del proceso que \u00a0se adelant\u00f3 contra Miguel Dur\u00e1n G\u00e9lvis. CD \u00a0\u00a0<\/p>\n<p>82 \u00a0Testimonio del 29\/08\/2008 ib\u00eddem. CD \u00a0\u00a0<\/p>\n<p>83 \u00a0Fls. 285-300 c. o. 30. \u00a0\u00a0<\/p>\n<p>84 \u00a0Fls. 2-84 c. o. 23 \u00a0\u00a0<\/p>\n<p>85 \u00a0CD \u00a0\u00a0<\/p>\n<p>86 \u00a0Fls. 243-247 c. o. 35. \u00a0\u00a0<\/p>\n<p>87 Fl. \u00a0260 c. o. 35. \u00a0\u00a0<\/p>\n<p>88 Fl. \u00a0266 c. o. 35 \u00a0\u00a0<\/p>\n<p>89 \u00a0Fls. 273-280 c. o. 35. \u00a0\u00a0<\/p>\n<p>90 \u00a0Fls. 55-56 c. o. 37. \u00a0\u00a0<\/p>\n<p>91 \u00a0Fls. 79-83 c. o. 37. \u00a0\u00a0<\/p>\n<p>92 \u00a0Fls. 96-104 c. o. 38. \u00a0\u00a0<\/p>\n<p>93 \u00a0Fls. 105-117 c. o. 38. \u00a0\u00a0<\/p>\n<p>94 \u00a0Fls. 118-123. c. o. 38. \u00a0\u00a0<\/p>\n<p>95 \u00a0Fls. 126-135 c. o. 38. \u00a0\u00a0<\/p>\n<p>96 \u00a0Fls. 136-144 c. o. 38. \u00a0\u00a0<\/p>\n<p>97 \u00a0Declaraci\u00f3n \u00a0rendida \u00a0en \u00a0el \u00a0proceso adelantado por la Fiscal\u00eda contra Miguel \u00a0Dur\u00e1n G\u00e9lvis. CD. \u00a0\u00a0<\/p>\n<p>98 \u00a0Fls. 133-135 c. o. 29. \u00a0\u00a0<\/p>\n<p>99 Fl. \u00a035 ib. \u00a0\u00a0<\/p>\n<p>100 \u00a0Fls. 262-266 c. o. 16. \u00a0\u00a0<\/p>\n<p>101 \u00a0Fl. \u00a0280 \u00a0c. o. 24. Incautado en allanamiento practicado dentro del radicado No. \u00a072.605 \u00a0 \u00a0adelantado \u00a0 \u00a0por \u00a0 \u00a0la \u00a0 Fiscal\u00eda \u00a0 5a. \u00a0 Especializada \u00a0 de \u00a0 Santa \u00a0Marta. \u00a0\u00a0<\/p>\n<p>102 \u00a0Sentencia 16\/05\/2008 radicado 26.470. \u00a0\u00a0<\/p>\n<p>103 \u00a0Fls. 2-42 c. o. 23 \u00a0\u00a0<\/p>\n<p>104 \u00a0Declaraci\u00f3n 28\/02\/2007. \u00a0\u00a0<\/p>\n<p>105 \u00a0Versi\u00f3n 15\/03\/2007 CD. \u00a0\u00a0<\/p>\n<p>106 \u00a0Fls. 43-85 c. o. 23. \u00a0\u00a0<\/p>\n<p>107 \u00a0Ib\u00eddem. \u00a0\u00a0<\/p>\n<p>108 \u00a0Fls. 120-155 c. o. 11. \u00a0\u00a0<\/p>\n<p>109 \u00a0Fl. 28 c. o. 12. \u00a0\u00a0<\/p>\n<p>110 \u00a0Fls. 130 y 131 c. o. 18. \u00a0\u00a0<\/p>\n<p>111 \u00a0Fl. 170-190 y 197-228 c. o. 25. \u00a0\u00a0<\/p>\n<p>112 \u00a0Fls. 3-54 y 82-107 c. o. 25. \u00a0\u00a0<\/p>\n<p>113 \u00a0Fls. 55-71 c. o. 25. \u00a0\u00a0<\/p>\n<p>114 \u00a0Fls. 2-14 c. o. 30. \u00a0\u00a0<\/p>\n<p>115 \u00a0Fls. 269-276 c. o. 19. \u00a0\u00a0<\/p>\n<p>116 \u00a0Declaraci\u00f3n \u00a0rendida \u00a0dentro \u00a0del proceso precluido por la Fiscal\u00eda a favor de \u00a0Miguel Dur\u00e1n G\u00e9lvis. CD. \u00a0\u00a0<\/p>\n<p>117 \u00a0Fls. 255-258 c. o. 35 \u00a0\u00a0<\/p>\n<p>118 \u00a0Fls. 227-236 c. o. 23 y 275-286 c. o. 24. \u00a0\u00a0<\/p>\n<p>119 \u00a0Sentencia 16\/05\/2008 radicado 26.470. \u00a0\u00a0<\/p>\n<p>120 \u00a0www.registraduria.gov.co \u00a0\u00a0<\/p>\n<p>121 \u00a0Ib\u00eddem. \u00a0\u00a0<\/p>\n<p>122 \u00a0Fls.97-101 c. o. 12. \u00a0\u00a0<\/p>\n<p>123 \u00a0Fl. 28 c. o. 23. \u00a0\u00a0<\/p>\n<p>124 \u00a0Sentencia 19\/12 2007 radicado 26.118. \u00a0\u00a0<\/p>\n<p>125 \u00a0Auto 14\/05\/2007 radicado 26.942. \u00a0\u00a0<\/p>\n<p>126 \u00a0Sentencia 25\/11\/2008, radicado 26942. \u00a0\u00a0<\/p>\n<p>127 \u00a0Sentencia 03\/12\/2009 radicado 32.672. \u00a0\u00a0<\/p>\n<p>128 \u00a0Se \u00a0sigue \u00a0lo expuesto por M. Cherif Bassiouni, Crimes \u00a0against \u00a0Humanity \u00a0in \u00a0International Criminal Law, 2a. \u00a0Ed, \u00a0La \u00a0Haya, \u00a0Kluwer \u00a0Law \u00a0International, 1999, p. 385, citado por Juan Carlos \u00a0Maqueda, \u00a0voto \u00a0particular, \u00a0Corte Suprema de la Naci\u00f3n Argentina, sentencia de \u00a024 de agosto de 2004, causa N\u00b0 259. \u00a0\u00a0<\/p>\n<p>129 \u00a0Por \u00a0ejemplo: \u00a0Tribunal Criminal Internacional para Ruanda, C\u00e1mara I, sentencia \u00a0de \u00a027 \u00a0de \u00a0enero de 2000, Fiscal v. Alfred Musema, Caso No. ICTR 96-13-T; Corte \u00a0Suprema \u00a0de \u00a0la \u00a0Naci\u00f3n Argentina, sentencia de 24 de agosto de 2004, causa N\u00b0 \u00a0259 \u00a0y \u00a0Juzgado \u00a0Federal de Buenos Aires (Juez Norberto Oyarbide), auto de 26 de \u00a0septiembre de 2006. \u00a0\u00a0<\/p>\n<p>130 \u00a0Por \u00a0ejemplo, la imprescriptibilidad de la acci\u00f3n penal y de la pena (Art\u00edculo \u00a0VII \u00a0de \u00a0la \u00a0Ley 707 de 2001, aprobatoria de la Convenci\u00f3n Interamericana sobre \u00a0Desaparici\u00f3n \u00a0Forzada \u00a0de Personas y el art\u00edculo 29 de la Ley 742 de 2002, por \u00a0medio \u00a0 de \u00a0 la \u00a0cual \u00a0se \u00a0aprob\u00f3 \u00a0el \u00a0Estatuto \u00a0de \u00a0Roma \u00a0de \u00a0la \u00a0Corte \u00a0Penal \u00a0Internacional. \u00a0Las \u00a0citadas \u00a0leyes, \u00a0convenci\u00f3n \u00a0y \u00a0Estatuto fueron declarados \u00a0exequibles \u00a0 por \u00a0la \u00a0Corte \u00a0Constitucional, \u00a0sentencias \u00a0C-580\/02 \u00a0y \u00a0C-578\/02, \u00a0respectivamente. \u00a0\u00a0<\/p>\n<p>131Welzel \u00a0 consideraba \u00a0 que \u00a0 las \u00a0 estructuras \u00a0 l\u00f3gico \u00a0objetivas \u00a0constitu\u00edan \u00a0 un \u00a0 l\u00edmite \u00a0 al \u00a0poder \u00a0de \u00a0configuraci\u00f3n \u00a0de \u00a0legislador. \u00a0En \u00a0consecuencia, \u00a0el \u00a0legislador \u00a0no \u00a0crea \u00a0las conductas sino que las extrae de la \u00a0vida \u00a0social. Por lo tanto, desde ese mismo punto de vista, que el juez no puede \u00a0desconocer el sentido ni el contenido de las conductas. \u00a0\u00a0<\/p>\n<p>132 \u00a0Sentencia\u00a0 09\/12\/2009 radicado 28.779. \u00a0\u00a0<\/p>\n<p>133 \u00a0Fls. 3-6 c. o. 6, presentada el 20\/01\/2006. \u00a0\u00a0<\/p>\n<p>134 \u00a0Fls. 60 A c. anexo 9, instaurada el 15\/04\/2002. \u00a0\u00a0<\/p>\n<p>135 \u00a0Declaraci\u00f3n \u00a0rendida \u00a0dentro \u00a0del \u00a0proceso \u00a0que \u00a0la \u00a0Fiscal\u00eda adelant\u00f3 contra \u00a0Miguel Dur\u00e1n G\u00e9lvis. CD. \u00a0\u00a0<\/p>\n<p>136 \u00a0Fl. 61 A c. anexo 9. \u00a0\u00a0<\/p>\n<p>137 \u00a0Radicaci\u00f3n 32.712 \u00a0\u00a0<\/p>\n<p>138 \u00a0CD. \u00a0\u00a0<\/p>\n<p>139 \u00a0Fls. 255-258 c. o. 35 \u00a0\u00a0<\/p>\n<p>140 \u00a0Fls. 59 y 61 c. o. 16. \u00a0\u00a0<\/p>\n<p>141 \u00a0Fls. 29-92 c. o. 40 \u00a0\u00a0<\/p>\n<p>142 \u00a0Corte Constitucional, Sentencia T 603 de 2005. \u00a0\u00a0<\/p>\n<p>143 \u00a0Ibidem. \u00a0\u00a0<\/p>\n<p>144 \u00a0Corte Constitucional, sentencia C 142 de 2001. \u00a0\u00a0<\/p>\n<p>145 \u00a0Sentencia 16\/05\/2008 radicaci\u00f3n 26.470. \u00a0\u00a0<\/p>\n<p>146 \u00a0Pues \u00a0sobre \u00a0la \u00a0cr\u00edtica del defensor en el sentido de que la Corte abri\u00f3 esta \u00a0investigaci\u00f3n \u00a0sin \u00a0aducir razones para hacerlo, ya la Fiscal\u00eda Delegada en la \u00a0acusaci\u00f3n \u00a0respondi\u00f3, \u00a0debidamente, \u00a0tal \u00a0cuestionamiento, \u00a0citando, \u00a0dada \u00a0su \u00a0pertinencia, \u00a0la \u00a0sentencia \u00a0del \u00a021\/11\/2002 \u00a0proferida \u00a0por\u00a0 \u00a0la Sala, con \u00a0ponencia del propio togado, quien para entonces la conformaba. \u00a0\u00a0<\/p>\n<p>147 \u00a0Carolina \u00a0Bolea \u00a0Bardon, \u00a0Autor\u00eda mediata en derecho \u00a0penal, Valencia, Editorial Tirant lo Blanch, 2000, p. \u00a0337. \u00a0El \u00a0art\u00edculo \u00a017 \u00a0de \u00a0la \u00a0Ley \u00a01312 \u00a0de \u00a02009, \u00a0se refiere a \u201cgrupo \u00a0armado organizado al margen de \u00a0la ley\u201d. \u00a0\u00a0<\/p>\n<p>148 \u00a0Sentencia 03\/12\/2009 radicado 32.805. \u00a0\u00a0<\/p>\n<p>149 \u00a0Iv\u00e1n \u00a0 Montoya \u00a0 Vivanco, \u00a0 \u00abLa \u00a0 autor\u00eda \u00a0 mediata\u00a0 \u00a0 por \u00a0 dominio \u00a0de \u00a0organizaci\u00f3n: \u00a0 \u00a0 \u00a0 \u00a0a \u00a0 \u00a0 \u00a0 \u00a0prop\u00f3sito \u00a0 \u00a0 \u00a0 del \u00a0 \u00a0 \u00a0 caso \u00a0 \u00a0 \u00a0 Fujimori\u00bb, \u00a0http:\/blog.pucp.edu.pe\/item\/27749 \u00a0(17-11-2009). \u00a0La expresi\u00f3n te\u00f3rica alemana \u00a0mayoritaria \u00a0demanda: \u00a0(i) \u00a0autor\u00eda \u00a0mediata \u00a0como dominio de la organizaci\u00f3n; \u00a0(ii) \u00a0la \u00a0fungibilidad \u00a0en el\u00a0 marco del dominio de la organizaci\u00f3n; (iii) \u00a0la \u00a0necesidad \u00a0del \u00a0apartamento \u00a0del \u00a0Derecho \u00a0del \u00a0aparato \u00a0de \u00a0poder; \u00a0(iv) la \u00a0disponibilidad \u00a0hacia \u00a0el hecho espec\u00edfica de la organizaci\u00f3n; (v) el poder de \u00a0imposici\u00f3n \u00a0de \u00a0los \u00a0hombres de atr\u00e1s como soporte fundamental del dominio del \u00a0hecho; \u00a0 y, \u00a0 (vi) \u00a0 el \u00a0 dominio \u00a0del \u00a0resultado. \u00a0Claus \u00a0Rox\u00edn, \u00a0La \u00a0teor\u00eda \u00a0del \u00a0delito, Lima, Editorial \u00a0Jur\u00eddica Grijley, 2007, p. 513-534. \u00a0\u00a0<\/p>\n<p>150 \u00a0Casaci\u00f3n 02\/09\/2009 radicaci\u00f3n 29.221. \u00a0\u00a0<\/p>\n<p>151 \u00a0Ib\u00eddem. \u00a0\u00a0<\/p>\n<p>152 \u00a0Por \u00a0ejemplo, siguiendo los ejes conceptuales de Jakobs se aplic\u00f3 la teor\u00eda de \u00a0la \u00a0coautor\u00eda \u00a0impropia que permiti\u00f3 imponer similares penas a los ordenadores \u00a0y \u00a0ejecutores \u00a0del \u00a0hecho \u00a0en los siguientes asuntos: Corte Suprema de Justicia, \u00a0Sala \u00a0de \u00a0Casaci\u00f3n \u00a0Penal, \u00a0sentencias \u00a0de \u00a0casaci\u00f3n \u00a0de \u00a07 \u00a0de marzo de 2007, \u00a0radicaci\u00f3n \u00a023825 \u00a0(Caso \u00a0de \u00a0la \u00a0Masacre de Machuca); y de 12 de septiembre de \u00a02007, radicaci\u00f3n 24448 (Masacre de La Gabarra). \u00a0\u00a0<\/p>\n<p>153 \u00a0H\u00e9ctor \u00a0Ol\u00e1solo, \u00abReflexiones sobre la doctrina de la empresa criminal com\u00fan \u00a0en \u00a0derecho penal internacional\u00bb, Barcelona, Indret &#8211; Revista para el An\u00e1lisis \u00a0del \u00a0Derecho, \u00a0Universidad \u00a0Pompeu \u00a0Fabra, \u00a0julio de 2009, quien advierte que la \u00a0primera \u00a0 jurisprudencia \u00a0 de \u00a0 la \u00a0 Corte \u00a0Penal \u00a0Internacional \u00a0en \u00a0los \u00a0casos \u00a0Lubanga-Katanga \u00a0y \u00a0Ngudjolo, el art\u00edculo 25 (3) del Estatuto de Roma (ER): (i) \u00a0acoje \u00a0la \u00a0teor\u00eda \u00a0del \u00a0dominio \u00a0del hecho como criterio b\u00e1sico de distinci\u00f3n \u00a0entre \u00a0autor\u00eda \u00a0y \u00a0participaci\u00f3n; y (ii) configura la forma de responsabilidad \u00a0individual \u00a0que \u00a0m\u00e1s \u00a0parece \u00a0asemejarse \u00a0a \u00a0la doctrina de la empresa criminal \u00a0conjunta \u00a0(ECC) \u00a0de \u00a0las \u00a0recogidas en el art. 25 del ER (aquella prevista en el \u00a0p\u00e1rrafo \u00a0(3)(d) \u00a0del \u00a0art. \u00a025 \u00a0del ER) como una forma residual de complicidad. \u00a0V\u00e9ase \u00a0 tambi\u00e9n, \u00a0Silvana \u00a0Bacigalupo \u00a0Saggese, \u00a0La \u00a0responsabilidad \u00a0penal \u00a0de \u00a0las \u00a0personas \u00a0jur\u00eddicas, \u00a0Barcelona, Editorial Bosch, 1998, p. 35 y ss. \u00a0\u00a0<\/p>\n<p>154 \u00a0En \u00a0la \u00a0sentencia \u00a0de \u00a0condena proferida contra Alberto Fujimori se dijo que (i) \u00a0para \u00a0atribuir \u00a0a \u00a0una persona la realizaci\u00f3n de un hecho delictivo por dominio \u00a0de \u00a0organizaci\u00f3n \u00a0no se necesita probar el dominio del hecho concreto, esto es, \u00a0el \u00a0control del curso causal del delito cometido (por ejemplo el control directo \u00a0sobre \u00a0el \u00a0desplazamiento \u00a0o \u00a0desaparici\u00f3n \u00a0forzada \u00a0de \u00a0personas), sino que se \u00a0necesita \u00a0demostrar \u00a0el control de la fuente del riesgo, es decir, el aparato de \u00a0poder; \u00a0(ii) \u00a0no \u00a0se \u00a0necesita \u00a0probar \u00a0la \u00a0orden directa de cometer los delitos \u00a0concretos, \u00a0dado \u00a0que \u00a0quien \u00a0est\u00e1 en la cabeza de la cadena tambi\u00e9n puede ser \u00a0imputado \u00a0por \u00a0la \u00a0omisi\u00f3n de controlar el aparato de poder pudiendo y debiendo \u00a0hacerlo. \u00a0Y, \u00a0(iii) tampoco se necesita probar que el hombre de atr\u00e1s quiso que \u00a0los \u00a0actos \u00a0il\u00edcitos se realizaran, porque basta con demostrar que el dirigente \u00a0conoc\u00eda \u00a0el \u00a0aparato de poder organizado y sus actividades il\u00edcitas y decidi\u00f3 \u00a0que \u00a0continuara \u00a0con ellas (V\u00e9ase Corte Suprema de la Rep\u00fablica de Per\u00fa, Sala \u00a0Penal \u00a0Especial, \u00a0expediente \u00a0N\u00b0 \u00a0AV \u00a019-2001, sentencia de 7 de abril de 2009, \u00a0hechos de Barrios Altos, La Cantuta y s\u00f3tanos SIE). \u00a0\u00a0<\/p>\n<p>155 \u00a0Carolina \u00a0Bolea \u00a0Bardon, \u00a0Autor\u00eda mediata en derecho \u00a0penal, Valencia, Editorial Tirant lo Blanch, 2000, p. \u00a0338. \u00a0 \u00a0\u00a0<\/p>\n<p><\/p>\n","protected":false},"excerpt":{"rendered":"<p>\u00a0 \u00a0 \u00a0\u00a0 Proceso n.\u00b0 27032 \u00a0 CORTE SUPREMA DE JUSTICIA \u00a0 SALA DE CASACI\u00d3N PENAL \u00a0 Aprobado acta No. 84 \u00a0 Bogot\u00e1, \u00a0D. \u00a0C., dieciocho (18) de marzo de \u00a0dos mil diez (2010).- \u00a0\u00a0 A S U N T O \u00a0 \u00a0 \u00a0\u00a0 \u00a0\u00a0 \u00a0\u00a0Luego \u00a0de \u00a0celebrada \u00a0la \u00a0diligencia \u00a0de \u00a0audiencia \u00a0p\u00fablica,\u00a0 \u00a0corresponde \u00a0a [&hellip;]<\/p>\n","protected":false},"author":1,"featured_media":0,"comment_status":"open","ping_status":"open","sticky":false,"template":"","format":"standard","meta":{"footnotes":""},"categories":[18],"tags":[],"class_list":["post-20104","post","type-post","status-publish","format-standard","hentry","category-18"],"_links":{"self":[{"href":"https:\/\/dmsjuridica.com\/buscador_20179478954\/salapenalcronologico20230723\/wp-json\/wp\/v2\/posts\/20104","targetHints":{"allow":["GET"]}}],"collection":[{"href":"https:\/\/dmsjuridica.com\/buscador_20179478954\/salapenalcronologico20230723\/wp-json\/wp\/v2\/posts"}],"about":[{"href":"https:\/\/dmsjuridica.com\/buscador_20179478954\/salapenalcronologico20230723\/wp-json\/wp\/v2\/types\/post"}],"author":[{"embeddable":true,"href":"https:\/\/dmsjuridica.com\/buscador_20179478954\/salapenalcronologico20230723\/wp-json\/wp\/v2\/users\/1"}],"replies":[{"embeddable":true,"href":"https:\/\/dmsjuridica.com\/buscador_20179478954\/salapenalcronologico20230723\/wp-json\/wp\/v2\/comments?post=20104"}],"version-history":[{"count":0,"href":"https:\/\/dmsjuridica.com\/buscador_20179478954\/salapenalcronologico20230723\/wp-json\/wp\/v2\/posts\/20104\/revisions"}],"wp:attachment":[{"href":"https:\/\/dmsjuridica.com\/buscador_20179478954\/salapenalcronologico20230723\/wp-json\/wp\/v2\/media?parent=20104"}],"wp:term":[{"taxonomy":"category","embeddable":true,"href":"https:\/\/dmsjuridica.com\/buscador_20179478954\/salapenalcronologico20230723\/wp-json\/wp\/v2\/categories?post=20104"},{"taxonomy":"post_tag","embeddable":true,"href":"https:\/\/dmsjuridica.com\/buscador_20179478954\/salapenalcronologico20230723\/wp-json\/wp\/v2\/tags?post=20104"}],"curies":[{"name":"wp","href":"https:\/\/api.w.org\/{rel}","templated":true}]}}