{"id":20090,"date":"2023-09-11T22:52:39","date_gmt":"2023-09-11T22:52:39","guid":{"rendered":"https:\/\/dmsjuridica.com\/buscador_20179478954\/salapenalcronologico20230723\/2023\/09\/11\/2380226-01-10\/"},"modified":"2023-09-11T22:52:39","modified_gmt":"2023-09-11T22:52:39","slug":"2380226-01-10","status":"publish","type":"post","link":"https:\/\/dmsjuridica.com\/buscador_20179478954\/salapenalcronologico20230723\/2023\/09\/11\/2380226-01-10\/","title":{"rendered":"23802(26-01-10)"},"content":{"rendered":"\n<p>\u00a0 \u00a0 Proceso n\u00b0 23802 \u00a0<\/p>\n<p>CORTE SUPREMA DE JUSTICIA \u00a0<\/p>\n<p>SALA DE CASACION PENAL \u00a0<\/p>\n<p>Aprobado acta No. 014. \u00a0<\/p>\n<p>Bogot\u00e1, \u00a0D. C., veintis\u00e9is (26) de enero de \u00a0dos mil diez (2010). \u00a0\u00a0<\/p>\n<p>Siguiendo \u00a0el rito procesal comprendido en la \u00a0Ley \u00a0600 \u00a0de \u00a02000 \u00a0y finalizada la diligencia de audiencia p\u00fablica, la Sala de \u00a0Casaci\u00f3n \u00a0Penal \u00a0dicta \u00a0sentencia \u00a0dentro \u00a0del \u00a0juicio \u00a0adelantado contra el ex \u00a0senador \u00a0Vicente \u00a0Blel \u00a0Saad, \u00a0acusado como autor del delito de concierto para delinquir agravado. \u00a0\u00a0<\/p>\n<p>Hechos \u00a0<\/p>\n<p>\u00a0 \u00a0\u00a0 \u00a0\u00a0 \u00a0\u00a0As\u00ed \u00a0fueron \u00a0narrados en la resoluci\u00f3n de acusaci\u00f3n proferida por \u00a0el \u00a0se\u00f1or \u00a0Vicefiscal \u00a0General \u00a0de \u00a0la \u00a0Naci\u00f3n, \u00a0en \u00a0su \u00a0funci\u00f3n \u00a0de \u00a0segunda \u00a0instancia: \u00a0\u00a0<\/p>\n<p>\u00a0 \u00a0\u00a0 \u00a0\u00a0 \u00a0\u00a0\u201cEs \u00a0bien \u00a0sabido \u00a0que \u00a0en \u00a0los \u00a0departamentos de C\u00f3rdoba, Sucre, \u00a0Bol\u00edvar, \u00a0Magdalena \u00a0y \u00a0Cesar \u00a0actuaban \u00a0desde \u00a0el \u00a0a\u00f1o de 1996 grupos armados \u00a0ilegales, \u00a0que \u00a0se \u00a0unieron \u00a0bajo \u00a0la denominaci\u00f3n de \u201cAutodefensas Unidas de \u00a0Colombia\u201d, \u00a0los \u00a0cuales \u00a0cometieron \u00a0en \u00a0la \u00a0regi\u00f3n \u00a0homicidios, \u00a0secuestros, \u00a0extorsiones, \u00a0desplazamientos \u00a0y otras ilicitudes, todo ello bajo el pretexto de \u00a0combatir \u00a0 a \u00a0 los \u00a0 guerrilleros \u00a0 que \u00a0de \u00a0tiempo \u00a0atr\u00e1s \u00a0delinqu\u00edan \u00a0en \u00a0la \u00a0regi\u00f3n. \u00a0\u00a0<\/p>\n<p>\u00a0 \u00a0 \u00a0 \u00a0 \u00a0<\/p>\n<p>\u201cUna \u00a0 vez \u00a0 posicionada \u00a0 la \u00a0mencionada \u00a0agrupaci\u00f3n \u00a0por \u00a0la \u00a0fuerza, \u00a0intervinieron en la actividad pol\u00edtica regional, \u00a0apoyando \u00a0candidatos \u00a0a \u00a0todas \u00a0las \u00a0corporaciones p\u00fablicas y amedrentando a la \u00a0poblaci\u00f3n \u00a0para \u00a0obtener \u00a0sus \u00a0votos \u00a0en \u00a0los \u00a0distintos \u00a0comicios electorales. \u00a0Tambi\u00e9n \u00a0infiltraron \u00a0las \u00a0administraciones \u00a0departamentales y municipales para \u00a0conseguir \u00a0la \u00a0adjudicaci\u00f3n \u00a0de \u00a0contratos \u00a0il\u00edcitos \u00a0y \u00a0hacerse a los dineros \u00a0correspondientes. \u00a0\u00a0<\/p>\n<p>\u00a0 \u00a0\u00a0 \u00a0\u00a0 \u00a0\u00a0En \u00a0ese contexto se realiz\u00f3 el proceso electoral del a\u00f1o 2002 para \u00a0congresistas, \u00a0en el cual obtuvieron curul numerosos Representantes a la C\u00e1mara \u00a0y \u00a0Senadores que posteriormente fueron procesados, tanto por la H. Corte Suprema \u00a0de \u00a0Justicia \u00a0como \u00a0por la Fiscal\u00eda General de la Naci\u00f3n, por haber concertado \u00a0alianzas \u00a0con las autodefensas ilegales para tener su apoyo electoral y a la vez \u00a0acordar un proceso de expansi\u00f3n de \u00e9stas. \u00a0\u00a0<\/p>\n<p>\u00a0 \u00a0\u00a0 \u00a0\u00a0 \u00a0\u00a0Uno \u00a0de \u00a0esos \u00a0candidatos \u00a0elegido como Senador en las elecciones de \u00a02002 \u00a0fue \u00a0el \u00a0doctor Vicente Blel Saad, quien ya se desempe\u00f1aba como tal desde \u00a0los \u00a0comicios \u00a0de \u00a01994 \u00a0y \u00a0repiti\u00f3 \u00a0en \u00a0los \u00a0de \u00a01998, pero en 2002 obtuvo una \u00a0votaci\u00f3n \u00a0at\u00edpica \u00a0en \u00a0una \u00a0zona del departamento de Bol\u00edvar dominada por las \u00a0autodefensas \u00a0ilegales \u00a0y, \u00a0posteriormente, \u00a0en \u00a0el \u00a0a\u00f1o \u00a02003, \u00a0particip\u00f3 \u00a0en \u00a0compa\u00f1\u00eda \u00a0de \u00a0otros \u00a0dirigentes \u00a0de Bol\u00edvar en una reuni\u00f3n con cabecillas de \u00a0esa \u00a0agrupaci\u00f3n, \u00a0para hablar sobre los pr\u00f3ximos comicios en que se elegir\u00edan \u00a0gobernadores, particularmente en el mencionado departamento\u201d \u00a0\u00a0<\/p>\n<p>Filiaci\u00f3n del Procesado \u00a0<\/p>\n<p>\u00a0 \u00a0\u00a0 \u00a0\u00a0 \u00a0\u00a0Vicente \u00a0Blel \u00a0Saad, \u00a0natural \u00a0de Repel\u00f3n \u00a0(Atl\u00e1ntico),\u00a0\u00a0 \u00a0lugar \u00a0donde \u00a0naci\u00f3 el d\u00eda 17 de diciembre de 1950, \u00a0identificado \u00a0con la c\u00e9dula de ciudadan\u00eda n\u00famero 3.757.324, edad 58 a\u00f1os, de \u00a0profesi\u00f3n \u00a0M\u00e9dico Cirujano egresado de la Universidad de Cartagena, casado con \u00a0Angelina \u00a0Scaff, \u00a0con \u00a0cuatro \u00a0hijos, dedicado a la actividad pol\u00edtica desde el \u00a0a\u00f1o \u00a01994, ha ocupado en varias ocasiones la curul de Senador de la Rep\u00fablica, \u00a0actualmente \u00a0detenido por este proceso en las instalaciones de la Penitenciar\u00eda \u00a0de la Picota. \u00a0\u00a0<\/p>\n<p>Actuaci\u00f3n Procesal \u00a0<\/p>\n<p>\u00a0 \u00a0\u00a0 \u00a0\u00a0 \u00a0\u00a0-Dentro \u00a0del \u00a0radicado \u00a027503, se recibi\u00f3 denuncia y documentaci\u00f3n \u00a0contra \u00a0 \u00a0el \u00a0 \u00a0entonces \u00a0 \u00a0Senador \u00a0 \u00a0Vicente \u00a0 Blel \u00a0Saad, \u00a0por \u00a0parte \u00a0de quien dijo llamarse Luis Barbosa \u00a0S\u00e1nchez, \u00a0motivo \u00a0por el cual se avoc\u00f3 conocimiento y se dispuso la apertura a \u00a0previas en auto del 20 de septiembre de 2007. \u00a0\u00a0<\/p>\n<p>-El d\u00eda 27 de septiembre de 2007, la Sala de \u00a0Casaci\u00f3n \u00a0Penal \u00a0abri\u00f3 \u00a0instrucci\u00f3n, \u00a0sin \u00a0orden \u00a0de \u00a0captura, \u00a0al tiempo que \u00a0dispuso \u00a0escucharlo \u00a0en \u00a0la \u00a0diligencia \u00a0de \u00a0indagatoria, la cual fue aplazada a \u00a0solicitud del propio investigado. \u00a0\u00a0<\/p>\n<p>-Paralelamente a ello, por encontrar que los \u00a0hechos \u00a0denunciados dentro del radicado 23802 eran similares a los del 27503, se \u00a0dispuso \u00a0mediante\u00a0 \u00a0auto \u00a0de Sala del 4 de octubre de 2007 agregarlo a este \u00a0\u00faltimo \u00a0(fl.75 \u00a0c.1), \u00a0y \u00a0desde all\u00ed se llevaron conjuntamente. Por tal motivo \u00a0las \u00a0pruebas \u00a0allegadas \u00a0en \u00a0fase \u00a0instructiva \u00a0se entiende hacen parte de estos \u00a0expedientes. \u00a0\u00a0<\/p>\n<p>-Estando \u00a0pendiente su vinculaci\u00f3n mediante \u00a0injurada, \u00a0el \u00a0investigado renunci\u00f3 a su curul en el Senado de la Rep\u00fablica el \u00a0d\u00eda \u00a08 \u00a0de \u00a0octubre \u00a0de 2007, motivo por el cual, con base en la jurisprudencia \u00a0para \u00a0ese \u00a0momento \u00a0vigente, \u00a0se envi\u00f3 a la Fiscal\u00eda General de la Naci\u00f3n por \u00a0competencia \u00a0el \u00a0d\u00eda \u00a01\u00ba \u00a0de \u00a0noviembre \u00a0de \u00a02007, en donde se radic\u00f3 bajo el \u00a0n\u00famero 11521-5. \u00a0\u00a0<\/p>\n<p>-En \u00a0los d\u00edas 5 y 11 de diciembre del mismo \u00a0a\u00f1o, \u00a0se \u00a0realiz\u00f3 la diligencia de indagatoria, la cual fue ampliada el d\u00eda 3 \u00a0de \u00a0abril \u00a0de \u00a02008 \u00a0en \u00a0la \u00a0ciudad \u00a0de \u00a0Cartagena \u00a0y se resolvi\u00f3 la situaci\u00f3n \u00a0jur\u00eddica \u00a0del \u00a0indagado \u00a0mediante \u00a0providencia \u00a0del \u00a09 \u00a0de abril siguiente, con \u00a0medida \u00a0de aseguramiento de detenci\u00f3n preventiva como presunto autor del delito \u00a0de \u00a0concierto \u00a0para \u00a0delinquir \u00a0agravado, seg\u00fan el inciso segundo del art\u00edculo \u00a0340 de la ley 599 de 2000. \u00a0\u00a0<\/p>\n<p>En \u00a0esa \u00a0misma \u00a0providencia, \u00a0se \u00a0abstuvo la \u00a0Fiscal\u00eda \u00a0de \u00a0imponer \u00a0medida \u00a0por los otros delitos por los cuales hab\u00eda sido \u00a0indagado, \u00a0tales, \u00a0como: \u00a0concierto \u00a0para \u00a0delinquir con fines de narcotr\u00e1fico, \u00a0espionaje, \u00a0 \u00a0 lavado \u00a0 \u00a0 de \u00a0 \u00a0 activos, \u00a0 \u00a0 enriquecimiento \u00a0 \u00a0 il\u00edcito \u00a0 \u00a0 y \u00a0testaferrato. \u00a0\u00a0<\/p>\n<p>\u00a0 \u00a0\u00a0 \u00a0\u00a0 \u00a0\u00a0-Seguidamente, \u00a0se \u00a0dispuso \u00a0la \u00a0correspondiente \u00a0orden \u00a0de \u00a0captura \u00a0fechada \u00a08 \u00a0de \u00a0abril \u00a0de \u00a02008 y cumplida \u00e9sta se cancel\u00f3, por lo cual qued\u00f3 \u00a0desde \u00a0ese \u00a0momento \u00a0detenido en las instalaciones de la C\u00e1rcel Nacional Picota \u00a0de esta capital. \u00a0\u00a0<\/p>\n<p>-Considerando \u00a0que \u00a0la prueba necesaria para \u00a0calificar \u00a0se \u00a0hab\u00eda \u00a0recaudado, \u00a0se \u00a0decret\u00f3 \u00a0el \u00a0cierre \u00a0parcial1 \u00a0 \u00a0de \u00a0 la \u00a0investigaci\u00f3n \u00a0y \u00a0se \u00a0profiri\u00f3 \u00a0resoluci\u00f3n \u00a0de \u00a0acusaci\u00f3n \u00a0el \u00a011 \u00a0de agosto \u00a0siguiente, \u00a0 como \u00a0probable \u00a0autor \u00a0del \u00a0injusto \u00a0de \u00a0concierto \u00a0para \u00a0delinquir \u00a0agravado, \u00a0descrito \u00a0en el Libro 2\u00ba, T\u00edtulo XII, art\u00edculo 340 numeral 2\u00ba del \u00a0C\u00f3digo \u00a0Penal, al haberse concertado para promover un grupo armado al margen de \u00a0la \u00a0ley, \u00a0decisi\u00f3n \u00a0que \u00a0fue apelada por la defensa y confirmada por la oficina \u00a0del \u00a0se\u00f1or \u00a0Vicefiscal \u00a0General de la Naci\u00f3n con providencia del 16 de octubre \u00a0de 2008. \u00a0\u00a0<\/p>\n<p>\u00a0 \u00a0\u00a0 \u00a0\u00a0 \u00a0\u00a0-Al \u00a0quedar \u00a0en \u00a0firme el pliego acusatorio, se envi\u00f3 el expediente \u00a0al \u00a0 juzgado \u00a0 competente, \u00a0 correspondiendo \u00a0 por \u00a0 el \u00a0factor \u00a0territorial \u00a0al \u00a0Especializado de Cartagena. \u00a0\u00a0<\/p>\n<p>\u00a0 \u00a0\u00a0 \u00a0\u00a0 \u00a0\u00a0-Inmediatamente, \u00a0la \u00a0Fiscal\u00eda instructora solicit\u00f3 ante esta Sala \u00a0Penal \u00a0el \u00a0cambio \u00a0de radicaci\u00f3n que fue admitido mediante providencia del 5 de \u00a0noviembre \u00a0de \u00a02008 \u00a0y \u00a0asignado -por reparto- al Juzgado 6\u00ba Penal del Circuito \u00a0Especializado \u00a0de \u00a0Bogot\u00e1, \u00a0en \u00a0donde \u00a0se \u00a0tramit\u00f3 \u00a0la etapa del juicio que se \u00a0inici\u00f3 \u00a0el \u00a04 \u00a0de diciembre de 2008 con el traslado del art\u00edculo 400 del C. P. \u00a0P. \u00a0\u00a0<\/p>\n<p>\u00a0 \u00a0\u00a0 \u00a0\u00a0 \u00a0 \u00a0-Se \u00a0 llev\u00f3 \u00a0 a \u00a0 cabo \u00a0la \u00a0audiencia \u00a0preparatoria \u00a0el \u00a015 de enero del 2009 y entre el 2, 3 y 4 de marzo siguiente la \u00a0diligencia de audiencia p\u00fablica.\u00a0 \u00a0\u00a0<\/p>\n<p>\u00a0 \u00a0\u00a0 \u00a0\u00a0 \u00a0\u00a0Estando \u00a0a despacho para la sentencia correspondiente, se pronunci\u00f3 \u00a0la \u00a0Corte el primero de septiembre del presente a\u00f1o dentro del radicado 31653 y \u00a0posteriormente \u00a0el \u00a015 \u00a0del \u00a0mismo \u00a0mes, \u00a0decisiones \u00a0con \u00a0las cuales se dispuso \u00a0reasumir \u00a0la \u00a0competencia de algunos procesos que se encontraban en la Fiscal\u00eda \u00a0y \u00a0en \u00a0juzgados por las razones all\u00ed mencionadas, por cuyo motivo el juez de la \u00a0causa \u00a0orden\u00f3 \u00a0su \u00a0env\u00edo \u00a0inmediato \u00a0a esta Corporaci\u00f3n por competencia, y al \u00a0llegar \u00a0se \u00a0le asign\u00f3 el antiguo n\u00famero que hab\u00eda tenido antes de ser enviado \u00a0a \u00a0la \u00a0Fiscal\u00eda, \u00a0esto es, el 23802, que hace referencia al delito de concierto \u00a0para delinquir. \u00a0\u00a0<\/p>\n<p>Alegatos en Audiencia P\u00fablica \u00a0<\/p>\n<p>\u00a0 \u00a0 \u00a0 \u00a0 \u00a0<\/p>\n<p>\u00a0 \u00a0\u00a0 \u00a0\u00a0 \u00a0\u00a0La Fiscal\u00eda \u00a0\u00a0<\/p>\n<p>\u00a0 \u00a0\u00a0 \u00a0\u00a0 \u00a0\u00a0En \u00a0su \u00a0calidad \u00a0de \u00a0sujeto \u00a0procesal, la Fiscal\u00eda Delegada ante la \u00a0Corte \u00a0Suprema \u00a0de \u00a0Justicia \u00a0solicit\u00f3 \u00a0sentencia \u00a0condenatoria \u00a0en \u00a0contra del \u00a0procesado \u00a0como \u00a0autor responsable de la conducta descrita en el numeral tercero \u00a0del art\u00edculo 340, por las siguientes razones: \u00a0\u00a0<\/p>\n<p>-Dijo \u00a0que \u00a0de \u00a0acuerdo \u00a0con \u00a0las \u00a0pruebas \u00a0allegadas \u00a0en \u00a0la \u00a0etapa \u00a0de \u00a0investigaci\u00f3n \u00a0as\u00ed \u00a0como las recepcionadas en el \u00a0juicio, \u00a0es \u00a0pertinente \u00a0concluir \u00a0sin \u00a0dudar, \u00a0que \u00a0para resolver los problemas \u00a0presentados \u00a0en \u00a0el proceso electoral para la gobernaci\u00f3n de Bol\u00edvar, per\u00edodo \u00a02004 \u00a0a \u00a02007, \u00a0entre \u00a0Libardo \u00a0Simancas, \u00a0apoyado \u00a0por \u00a0el \u00a0doctor Vicente \u00a0 Blel, \u00a0y \u00a0el \u00a0candidato \u00a0L\u00f3pez \u00a0Cossio, \u00a0el \u00a0acusado \u00a0organiz\u00f3 \u00a0una reuni\u00f3n con los jefes m\u00e1ximos de las AUC, \u00a0Mancuso \u00a0y \u00a0alias \u00a0\u201cDiego Vecino\u201d, hecho este ratificado por ellos mismos en \u00a0sus \u00a0declaraciones \u00a0y \u00a0tambi\u00e9n \u00a0por \u00a0Eleonora \u00a0Pineda, \u00a0as\u00ed como por el propio \u00a0sindicado \u00a0 en \u00a0 indagatoria. \u00a0Tal \u00a0reuni\u00f3n, \u00a0seg\u00fan \u00a0encontr\u00f3 \u00a0demostrado \u00a0la \u00a0Fiscal\u00eda, \u00a0ten\u00eda \u00a0como fin obtener para su candidato el apoyo necesario que le \u00a0permitiera lograr esa primera magistratura del departamento. \u00a0\u00a0<\/p>\n<p>-Agreg\u00f3 tambi\u00e9n que el mencionado encuentro \u00a0fue \u00a0confirmado \u00a0mediante \u00a0otras \u00a0pruebas \u00a0recepcionadas en la etapa del juicio, \u00a0entre \u00a0las \u00a0cuales se destaca la declaraci\u00f3n del doctor Libardo Simancas, quien \u00a0result\u00f3 \u00a0elegido \u00a0Gobernador \u00a0despu\u00e9s \u00a0de \u00a0esa \u00a0reuni\u00f3n, situaci\u00f3n que en su \u00a0sentir \u00a0constituye \u00a0un \u00a0hecho \u00a0trascendental \u00a0si \u00a0se \u00a0tiene \u00a0en cuenta que dicho \u00a0acontecimiento fue conocido por el propio Mancuso. \u00a0\u00a0<\/p>\n<p>-Igualmente \u00a0la \u00a0comunicaci\u00f3n \u00a0que \u00a0Eduardo \u00a0Espinosa \u00a0Facio \u00a0Lince \u00a0comisionado \u00a0exploratorio (sic), dijo haberle enviado al \u00a0Comisionado \u00a0de \u00a0Paz, \u00a0Luis Carlos Restrepo, en donde le expres\u00f3 la posibilidad \u00a0de \u00a0presentarse \u00a0problemas, \u00a0raz\u00f3n \u00a0por la cual le ped\u00eda solicitarle al se\u00f1or \u00a0Presidente tomar las acciones pertinentes. \u00a0\u00a0<\/p>\n<p>A\u00fan \u00a0as\u00ed, \u00a0y no conformes con haberle dado \u00a0aviso \u00a0a \u00a0dicho \u00a0Comisionado, \u00a0Vicente Blel \u00a0y \u00a0los \u00a0otros \u00a0dirigentes \u00a0contactaron \u00a0a \u00a0Mancuso \u00a0y \u00a0a \u00a0\u201cDiego \u00a0Vecino\u201d \u00a0a trav\u00e9s de la congresista Eleonora Pineda, para llevar a cabo dicha \u00a0reuni\u00f3n en el Caramelo. \u00a0\u00a0<\/p>\n<p>Con \u00a0fundamento \u00a0en lo anterior, el acusador \u00a0solicit\u00f3 \u00a0sentencia \u00a0condenatoria \u00a0por \u00a0el \u00a0delito \u00a0mencionado, \u00a0para \u00a0lo \u00a0cual \u00a0explic\u00f3 \u00a0que\u00a0 \u00a0promover \u00a0o \u00a0promocionar \u00a0es darle valor o relevancia a una \u00a0cosa \u00a0o \u00a0persona \u00a0que \u00a0no \u00a0la tiene, y eso sucedi\u00f3 en este caso, situaci\u00f3n que \u00a0corresponde \u00a0a \u00a0lo \u00a0expresado \u00a0por \u00a0la \u00a0Corte Suprema frente a personas con alta \u00a0representatividad, \u00a0 como \u00a0 el \u00a0 doctor \u00a0Vicente \u00a0Blel \u00a0Saad, \u00a0quien en su calidad de Senador de la Rep\u00fablica \u00a0se \u00a0atrevi\u00f3 \u00a0a \u00a0promocionar \u00a0a \u00a0individuos \u00a0al \u00a0margen \u00a0de \u00a0la \u00a0ley, esto es, a \u00a0cabecillas de las AUC. \u00a0\u00a0<\/p>\n<p>\u00a0 \u00a0 \u00a0 \u00a0 \u00a0<\/p>\n<p>El Ministerio P\u00fablico \u00a0<\/p>\n<p>\u00a0 \u00a0\u00a0 \u00a0\u00a0 \u00a0\u00a0Las \u00a0 alegaciones \u00a0expresadas \u00a0verbalmente \u00a0en \u00a0audiencia, \u00a0tambi\u00e9n \u00a0fueron presentadas por escrito en donde se destaca lo siguiente: \u00a0\u00a0<\/p>\n<p>Para \u00a0 la \u00a0 Representante \u00a0del \u00a0Ministerio \u00a0P\u00fablico, \u00a0 la \u00a0prueba \u00a0que \u00a0obra \u00a0en \u00a0el \u00a0proceso \u00a0permite \u00a0proferir \u00a0sentencia \u00a0condenatoria \u00a0 en \u00a0 contra \u00a0del \u00a0doctor \u00a0Vicente \u00a0Blel \u00a0Saad, \u00a0como \u00a0autor responsable del delito de concierto \u00a0para \u00a0delinquir \u00a0agravado, de que trata el numeral tercero del art\u00edculo 340 del \u00a0C\u00f3digo Penal. \u00a0\u00a0<\/p>\n<p>\u00a0 \u00a0\u00a0 \u00a0\u00a0 \u00a0\u00a0A \u00a0su juicio, est\u00e1n dados los elementos objetivos, puesto que a las \u00a0dos \u00a0reuniones \u00a0realizadas, \u00a0esto \u00a0es, la de Barranco de Loba y la del Caramelo, \u00a0esta \u00a0\u00faltima \u00a0en \u00a0casa de la congresista Eleonora Pineda, concurri\u00f3 un n\u00famero \u00a0indeterminado de personas con una finalidad espec\u00edfica. \u00a0\u00a0<\/p>\n<p>Radica la estructuraci\u00f3n del comportamiento \u00a0en \u00a0 la \u00a0 promoci\u00f3n \u00a0 de \u00a0 tales \u00a0grupos, \u00a0pues \u00a0conforme \u00a0a \u00a0lo \u00a0se\u00f1alado \u00a0en \u00a0jurisprudencia \u00a0anterior \u00a0de \u00a0la \u00a0Corte \u00a0Suprema \u00a0(Rad.26470), \u00a0la \u00a0conducta \u00a0se \u00a0tipifica \u00a0por \u00a0el \u00a0simple hecho de hacer consensos ilegales con grupos al margen \u00a0de \u00a0la \u00a0ley, \u00a0con \u00a0el \u00a0fin \u00a0de \u00a0darles una importancia mayor a la que se hab\u00edan \u00a0ganado con sus acciones delincuenciales. \u00a0\u00a0<\/p>\n<p>Expres\u00f3 \u00a0que las reuniones lesionan el bien \u00a0jur\u00eddico \u00a0protegido, \u00a0pues se prob\u00f3 plenamente la presencia paramilitar en esa \u00a0regi\u00f3n, \u00a0especialmente \u00a0en \u00a0el \u00a0sector \u00a0de \u00a0los \u00a0Montes de Mar\u00eda, que ejerci\u00f3 \u00a0fuerte presi\u00f3n para el a\u00f1o 2003. \u00a0\u00a0<\/p>\n<p>\u00a0 \u00a0\u00a0 \u00a0\u00a0 \u00a0\u00a0En \u00a0su \u00a0criterio, \u00a0se demuestra el elemento subjetivo del tipo penal \u00a0con \u00a0base \u00a0en \u00a0los \u00a0testimonios recogidos en el plenario, como el de Luis Daniel \u00a0Vargas, \u00a0quien \u00a0ejerc\u00eda \u00a0en \u00a0condici\u00f3n \u00a0de \u00a0Gobernador \u00a0para \u00a0la \u00a0fecha de los \u00a0acontecimientos, \u00a0con el cual se evidencia que exist\u00edan muchos conflictos entre \u00a0las \u00a0diversas \u00a0fuerzas \u00a0de \u00a0izquierda \u00a0y \u00a0de derecha en la zona, adem\u00e1s, que se \u00a0impon\u00edan \u00a0los \u00a0candidatos \u00a0de las autodefensas A\u00fan as\u00ed el doctor Blel \u00a0Saad \u00a0asisti\u00f3 \u00a0a \u00a0esas \u00a0reuniones a \u00a0sabiendas de que all\u00ed har\u00edan presencia comandantes paramilitares. \u00a0\u00a0<\/p>\n<p>Dijo \u00a0que \u00a0se \u00a0gest\u00f3 \u00a0un problema entre las \u00a0zonas \u00a0 norte \u00a0 y \u00a0sur \u00a0de \u00a0ese \u00a0departamento \u00a0respecto \u00a0al \u00a0candidato \u00a0para \u00a0la \u00a0Gobernaci\u00f3n, \u00a0al surgir para los primeros el temor de que el candidato del sur, \u00a0Alfonso \u00a0L\u00f3pez \u00a0Cossio \u00a0-apoyado \u00a0por \u00a0la \u00a0congresista \u00a0Piedad Zucardy-, estaba \u00a0tomando \u00a0 mucho \u00a0auge, \u00a0pues, \u00a0seg\u00fan \u00a0ciertas \u00a0declaraciones, \u00a0dicho \u00a0dirigente \u00a0tambi\u00e9n \u00a0ten\u00eda \u00a0el \u00a0apoyo de \u201cErnesto B\u00e1ez\u201d y de \u201cDiego Vecino\u201d en el \u00a0sur \u00a0 del \u00a0 Departamento, \u00a0 en \u00a0 donde \u00a0contaban \u00a0adem\u00e1s \u00a0con \u00a0los \u00a0denominados \u00a0\u201cacumulados \u00a0 \u00a0 \u00a0 \u00a0 \u00a0 \u00a0 \u00a0solidarios\u201d2, \u00a0raz\u00f3n \u00a0por \u00a0la cual deseban \u00a0que \u00a0\u00e9l \u00a0fuera \u00a0el \u00a0candidato \u00a0para \u00a0la \u00a0Gobernaci\u00f3n en representaci\u00f3n de esa \u00a0regi\u00f3n. \u00a0\u00a0<\/p>\n<p>Con \u00a0fundamento \u00a0en \u00a0lo \u00a0anterior \u00a0y \u00a0en las \u00a0reuniones \u00a0de \u00a0Barranco de Loba y del Caramelo, analizadas \u00e9stas en su contexto \u00a0y \u00a0no \u00a0separadamente, \u00a0se \u00a0puede \u00a0concluir \u00a0que \u00a0la primera de esas reuniones se \u00a0realiz\u00f3 \u00a0con \u00a0la \u00a0concurrencia \u00a0de \u00a0muchos \u00a0dirigentes pol\u00edticos, entre ellos, \u00a0Blel \u00a0Saad, pero tambi\u00e9n con \u00a0miembros \u00a0de las autodefensas, sin ser cierto que ese dirigente haya permanecido \u00a0en \u00a0el \u00a0lugar tan s\u00f3lo media hora, pues hay pruebas que se\u00f1alan lo contrario y \u00a0que confirman, adem\u00e1s, la presencia paramilitar en el lugar. \u00a0\u00a0<\/p>\n<p>Sostuvo \u00a0igualmente que la otra reuni\u00f3n, la \u00a0celebrada \u00a0en \u00a0El \u00a0Caramelo \u00a0en \u00a0la \u00a0casa \u00a0de la congresista Eleonora Pineda, se \u00a0llev\u00f3 \u00a0a \u00a0cabo por iniciativa de Blel Saad \u00a0y \u00a0de William Montes, quienes hab\u00edan abordado a la mencionada con \u00a0tal \u00a0fin, \u00a0demandando \u00a0la presencia de Mancuso, quien efectivamente la presidi\u00f3 \u00a0d\u00edas \u00a0 despu\u00e9s, \u00a0 de \u00a0 donde \u00a0 se \u00a0 concluye \u00a0 el \u00a0 concierto \u00a0para \u00a0delinquir \u00a0agravado. \u00a0\u00a0<\/p>\n<p>Destac\u00f3 la primera declaraci\u00f3n de \u201cDiego \u00a0Vecino\u201d, \u00a0por \u00a0cuanto \u00a0all\u00ed este testigo dijo ante la Corte que los presentes \u00a0en \u00a0El \u00a0Caramelo, \u00a0incluyendo \u00a0Simancas, \u00a0le \u00a0solicitaron \u00a0que \u00a0apoyara \u00a0a \u00a0este \u00a0candidato en su aspiraci\u00f3n a la Gobernaci\u00f3n del departamento. \u00a0\u00a0<\/p>\n<p>Adujo \u00a0la Agente del Ministerio P\u00fablico que \u00a0pese \u00a0a \u00a0ello, \u00a0en \u00a0ocasiones \u00a0posteriores a esa intervenci\u00f3n ante la Corte, el \u00a0desmovilizado \u00a0\u201cDiego \u00a0Vecino\u201d \u00a0vari\u00f3 \u00a0dicha aseveraci\u00f3n inicial, diciendo \u00a0que \u00a0esa solicitud de apoyar a Libardo Simancas para el cargo en menci\u00f3n, s\u00f3lo \u00a0se \u00a0la \u00a0hizo \u00a0Eleonora \u00a0Pineda, \u00a0pero \u00a0como all\u00ed se encontraban reunidas varias \u00a0personas, \u00a0\u00e9l \u00a0lo \u00a0interpret\u00f3 \u00a0a \u00a0manera \u00a0de propuesta efectuada por todos los \u00a0presentes, \u00a0 raz\u00f3n \u00a0 por \u00a0 la \u00a0 cual \u00a0 en \u00a0su \u00a0primera \u00a0intervenci\u00f3n \u00a0as\u00ed \u00a0lo \u00a0manifest\u00f3. \u00a0\u00a0<\/p>\n<p>En ese sentido, a la Procuradora Judicial le \u00a0surgi\u00f3 \u00a0el \u00a0interrogante \u00a0de \u00a0la \u00a0raz\u00f3n \u00a0por \u00a0la \u00a0cual \u00a0el doctor Blel \u00a0 \u00a0Saad \u00a0 en \u00a0 su \u00a0 condici\u00f3n \u00a0 de \u00a0parlamentario \u00a0accedi\u00f3 \u00a0a \u00a0consensos o reuniones con comandantes paramilitares, \u00a0m\u00e1xime \u00a0si \u00a0ya \u00a0exist\u00eda la comunicaci\u00f3n al doctor Espinosa Facio Lince, quien \u00a0adem\u00e1s \u00a0hab\u00eda \u00a0avisado \u00a0tal circunstancia al Comisionado de Paz. En direcci\u00f3n \u00a0similar, \u00a0se\u00f1ala \u00a0que \u00a0incluso \u00a0el entonces Gobernador de Bol\u00edvar, doctor Luis \u00a0Daniel \u00a0Vargas, \u00a0se hab\u00eda pronunciado en ese mismo sentido con el fin de que no \u00a0hubieran \u00a0presiones a los electores, por cuya raz\u00f3n no resulta admisible que se \u00a0diera \u00a0dicha \u00a0reuni\u00f3n \u00a0con \u00a0los personajes mencionados, de la cual se obtuvo un \u00a0resultado \u00a0como \u00a0fue \u00a0la \u00a0expedici\u00f3n \u00a0por \u00a0parte \u00a0de \u00a0\u201cErnesto B\u00e1ez\u201d de un \u00a0comunicado, \u00a0en \u00a0donde se anunciaba la decisi\u00f3n de las AUC de dejar en libertad \u00a0a los electores para apoyar al candidato de su predilecci\u00f3n. \u00a0\u00a0<\/p>\n<p>Adicionalmente, sostiene que el motivo de la \u00a0reuni\u00f3n \u00a0de \u00a0Barranco \u00a0de \u00a0Loba, \u00a0seg\u00fan \u00a0la \u00a0declaraci\u00f3n de Andr\u00e9s Ricaurte, \u00a0consisti\u00f3 \u00a0en \u00a0definir \u00a0el \u00a0candidato \u00a0a \u00a0la Gobernaci\u00f3n, que no se finiquit\u00f3 \u00a0all\u00ed, pero se cre\u00f3 una comisi\u00f3n con dicha finalidad. \u00a0\u00a0<\/p>\n<p>Mencion\u00f3 la reuni\u00f3n de El Caramelo y trajo \u00a0a \u00a0colaci\u00f3n \u00a0la \u00a0versi\u00f3n \u00a0libre \u00a0de Mancuso rendida en el marco del proceso de \u00a0Justicia \u00a0y \u00a0Paz, \u00a0donde expres\u00f3 que el fin de dicha reuni\u00f3n era acordar si se \u00a0apoyaba \u00a0a \u00a0Libardo \u00a0Simancas o a L\u00f3pez Cossio. Compar\u00f3 esa exposici\u00f3n con la \u00a0que \u00a0el \u00a0mismo \u00a0personaje rindi\u00f3 en la Fiscal\u00eda 5\u00aa el 14 de abril de 2008, en \u00a0cuyo \u00a0desarrollo \u00a0afirm\u00f3 que ten\u00eda como prop\u00f3sito la b\u00fasqueda de garant\u00edas, \u00a0infiriendo \u00a0 la \u00a0 representante \u00a0 del \u00a0 Ministerio \u00a0 P\u00fablico \u00a0que \u00a0no \u00a0exist\u00eda \u00a0contradicci\u00f3n \u00a0sino \u00a0s\u00f3lo \u00a0ampliaci\u00f3n \u00a0de dichas aseveraciones, como el mismo \u00a0Mancuso \u00a0lo \u00a0repiti\u00f3 \u00a0en \u00a0varias \u00a0ocasiones, \u00a0quedando \u00a0claro \u00a0que la verdadera \u00a0finalidad \u00a0de \u00a0tal \u00a0congregaci\u00f3n \u00a0era \u00a0escoger \u00a0candidato \u00a0a la Gobernaci\u00f3n de \u00a0Bol\u00edvar para el per\u00edodo 2004-2007. \u00a0\u00a0<\/p>\n<p>De esa manera, en su criterio, la conducta de \u00a0Vicente \u00a0Blel \u00a0es \u00a0reprochable, pues con las diversas pruebas se estableci\u00f3 que \u00a0actu\u00f3 \u00a0con \u00a0conciencia y voluntad cuando asisti\u00f3 a las reuniones, sabiendo que \u00a0acud\u00edan \u00a0personas al margen de la ley y conociendo el car\u00e1cter il\u00edcito de ese \u00a0comportamiento. \u00a0\u00a0<\/p>\n<p>Finaliz\u00f3 \u00a0se\u00f1alando \u00a0que \u00a0si \u00a0bien \u00a0en \u00a0la \u00a0comunicaci\u00f3n \u00a0de \u00a0marzo de 2003 de la Comisi\u00f3n Exploratoria para el proceso de \u00a0paz, \u00a0hay \u00a0una parte en donde se se\u00f1ala: \u201cse invita \u00a0a \u00a0las fuerzas pol\u00edticas, sociales y gremiales aportar ideas y compromisos para \u00a0lograr \u00a0una \u00a0salida \u00a0concertada \u00a0para \u00a0la \u00a0reconciliaci\u00f3n \u00a0y la paz\u201d, \u00a0 ello \u00a0per \u00a0se \u00a0no \u00a0implicaba \u00a0un \u00a0permiso \u00a0abierto \u00a0para \u00a0que \u00a0cualquiera \u00a0pudiera \u00a0reunirse \u00a0con \u00a0personas \u00a0o \u00a0grupos \u00a0al \u00a0margen \u00a0de \u00a0la ley. \u00a0\u00a0<\/p>\n<p>\u00a0 \u00a0\u00a0 \u00a0\u00a0 \u00a0\u00a0Conforme \u00a0 a \u00a0 todo \u00a0 lo \u00a0 anterior, \u00a0solicit\u00f3 \u00a0proferir \u00a0sentencia \u00a0condenatoria en contra del procesado por el delito referido. \u00a0\u00a0<\/p>\n<p>\u00a0 \u00a0\u00a0 \u00a0\u00a0 \u00a0\u00a0El acusado \u00a0\u00a0<\/p>\n<p>\u00a0 \u00a0\u00a0 \u00a0\u00a0 \u00a0\u00a0Se \u00a0le \u00a0otorg\u00f3 \u00a0el \u00a0uso \u00a0de \u00a0la \u00a0palabra \u00a0para que en ejercicio del \u00a0derecho \u00a0de \u00a0defensa \u00a0material \u00a0expusiera \u00a0sus \u00a0argumentos \u00a0con \u00a0ocasi\u00f3n \u00a0de la \u00a0acusaci\u00f3n \u00a0de \u00a0la \u00a0Fiscal\u00eda, \u00a0respecto \u00a0de \u00a0la \u00a0cual \u00a0se opuso vehementemente, \u00a0as\u00ed: \u00a0\u00a0<\/p>\n<p>\u00a0 \u00a0\u00a0 \u00a0\u00a0 \u00a0\u00a0&#8211; \u00a0En \u00a0primer \u00a0lugar, hizo una exposici\u00f3n detallada de su vida y de \u00a0sus \u00a0logros \u00a0profesionales, \u00a0se mostr\u00f3 ajeno a los hechos imputados y pidi\u00f3 su \u00a0absoluci\u00f3n. \u00a0\u00a0<\/p>\n<p>&#8211; \u00a0Fue \u00a0enf\u00e1tico \u00a0al \u00a0informar \u00a0sobre \u00a0la \u00a0situaci\u00f3n \u00a0de violencia que exist\u00eda en el\u00a0 departamento de Bol\u00edvar, pues \u00a0dijo \u00a0que \u00a0se \u00a0presentaron masacres y otros delitos, lo que hac\u00eda complicado el \u00a0ejercicio pol\u00edtico en la regi\u00f3n. \u00a0\u00a0<\/p>\n<p>\u00a0 \u00a0\u00a0 \u00a0\u00a0 \u00a0\u00a0&#8211; \u00a0Igualmente, \u00a0afirm\u00f3 \u00a0que \u00a0el \u00a0desplazamiento \u00a0por los diferentes \u00a0municipios \u00a0del \u00a0departamento \u00a0era \u00a0y \u00a0sigue \u00a0siendo \u00a0bastante \u00a0complicado, como \u00a0ejemplo \u00a0menciona \u00a0el \u00a0viaje \u00a0al \u00a0sitio \u00a0de \u00a0reuni\u00f3n, pues para llegar all\u00ed es \u00a0necesario \u00a0desplazarse \u00a0primero \u00a0al \u00a0municipio de El Banco (Magdalena), despu\u00e9s \u00a0viajar \u00a0durante media hora en lancha hasta Barranco de Loba, y de all\u00ed recorrer \u00a0unos \u00a0dos \u00a0kil\u00f3metros hasta el sitio de la reuni\u00f3n, pero como no hay carros el \u00a0trasporte es a pie o en moto. \u00a0\u00a0<\/p>\n<p>\u00a0 \u00a0\u00a0 \u00a0\u00a0 \u00a0\u00a0&#8211; \u00a0Acept\u00f3 \u00a0haber acudido a dichas reuniones, pero asegura que en la \u00a0primera \u00a0de Barranco demor\u00f3 tan s\u00f3lo media hora y no intervino ni se acogi\u00f3 a \u00a0acuerdo alguno, ni suscribi\u00f3 compromisos con nadie. \u00a0\u00a0<\/p>\n<p>&#8211; \u00a0Afirm\u00f3 \u00a0que \u00a0despu\u00e9s \u00a0de \u00a0esa \u00a0reuni\u00f3n \u00a0asisti\u00f3 \u00a0a la de El Caramelo, con el exclusivo fin de solicitarle al comandante \u00a0Mancuso \u00a0le \u00a0permitiera ejercer pol\u00edtica a su candidato Libardo Simancas, quien \u00a0aspiraba \u00a0a \u00a0la \u00a0Gobernaci\u00f3n \u00a0de \u00a0Bol\u00edvar \u00a0para ese a\u00f1o de 2003, ante lo cual \u00a0accedi\u00f3 \u00a0y por ello llam\u00f3 inmediatamente a \u201cB\u00e1ez\u201d para aclarar el asunto, \u00a0como \u00a0consecuencia \u00a0de \u00a0los \u00a0cual \u00a0\u00e9ste expidi\u00f3 un comunicado dejando en plena \u00a0libertad a los electores. \u00a0\u00a0<\/p>\n<p>&#8211; Sostiene que todo ello ocurri\u00f3 en el marco \u00a0de \u00a0un proceso de paz que ya se ven\u00eda gestando entre el gobierno nacional y las \u00a0autodefensas, \u00a0por \u00a0cuyo \u00a0motivo \u00a0su \u00a0comportamiento \u00a0estuvo \u00a0ajustado a la ley. \u00a0\u00a0<\/p>\n<p>\u00a0 \u00a0\u00a0 \u00a0\u00a0 \u00a0\u00a0El defensor \u00a0\u00a0<\/p>\n<p>En \u00a0la \u00a0audiencia \u00a0ley\u00f3 \u00a0los planteamientos \u00a0esbozados \u00a0en \u00a0su \u00a0escrito, \u00a0que \u00a0tambi\u00e9n \u00a0anex\u00f3 a estas diligencias, y de los \u00a0cuales se destaca lo siguiente: \u00a0\u00a0<\/p>\n<p>\u00a0 \u00a0\u00a0 \u00a0\u00a0 \u00a0\u00a0Para \u00a0comenzar, \u00a0aduce que de conformidad con las exigencias legales \u00a0no \u00a0existe \u00a0prueba \u00a0legalmente \u00a0incorporada \u00a0al proceso de la cual se infiera en \u00a0grado \u00a0de \u00a0certeza \u00a0la \u00a0conducta punible y la responsabilidad de su defendido en \u00a0relaci\u00f3n \u00a0con \u00a0el \u00a0delito \u00a0de \u00a0concierto para delinquir agravado por el que fue \u00a0acusado. \u00a0\u00a0<\/p>\n<p>\u00a0 \u00a0\u00a0 \u00a0\u00a0 \u00a0\u00a0Con \u00a0el \u00a0objetivo \u00a0de demostrar esa afirmaci\u00f3n, realiza un recuento \u00a0del \u00a0proceso \u00a0que \u00a0se \u00a0desarrollaba \u00a0en \u00a0el pa\u00eds para la \u00e9poca en que tuvieron \u00a0lugar \u00a0las \u00a0reuniones a las que asisti\u00f3 su defendido, a partir de lo consignado \u00a0en \u00a0documentos oficiales, como el informe ejecutivo preparado por la Oficina del \u00a0Alto \u00a0Comisionado \u00a0para \u00a0la \u00a0Paz \u00a0en \u00a0diciembre \u00a0de 2006 (de acceso p\u00fablico por \u00a0internet) \u00a0y \u00a0los \u00a0incorporados \u00a0al \u00a0proceso \u00a0por \u00a0el Dr. Eduardo Espinosa Facio \u00a0Lince, \u00a0en \u00a0su condici\u00f3n de miembro de la Comisi\u00f3n Exploratoria conformada por \u00a0el \u00a0Gobierno \u00a0para \u00a0estudiar \u00a0la \u00a0viabilidad \u00a0de adelantar acercamientos con los \u00a0grupos \u00a0de \u00a0autodefensa (del 21 de marzo, 25 de junio y 15 de julio de 2003), de \u00a0cuyo \u00a0contenido \u00a0se \u00a0infiere \u00a0que \u00a0para ese momento el Gobierno Nacional y estas \u00a0\u00faltimas \u00a0organizaciones \u00a0ven\u00edan \u00a0adelantando \u00a0conversaciones \u00a0con \u00a0el \u00a0fin \u00a0de \u00a0consolidar \u00a0el \u00a0proceso \u00a0de \u00a0paz, \u00a0siendo \u00a0ese \u00a0el \u00a0marco \u00a0dentro \u00a0del cual debe \u00a0interpretarse \u00a0la \u00a0asistencia \u00a0de su defendido a las reuniones, sin que tuvieran \u00a0por \u00a0 \u00a0fin \u00a0 realizar \u00a0 acuerdos \u00a0 tendientes \u00a0 a \u00a0 promover \u00a0 los \u00a0 grupos \u00a0 de \u00a0autodefensa. \u00a0\u00a0<\/p>\n<p>Acto seguido, se ocupa de forma individual de \u00a0cada \u00a0 \u00a0 una \u00a0 \u00a0 de \u00a0 \u00a0 las\u00a0\u00a0\u00a0\u00a0 \u00a0 \u00a0reuniones \u00a0 \u00a0\u201ccon \u00a0 el \u00a0 fin \u00a0 de \u00a0demostrar \u00a0que \u00a0su \u00a0presencia \u00a0all\u00ed \u00a0no \u00a0es \u00a0constitutiva \u00a0 de \u00a0 un \u00a0 delito \u00a0 de \u00a0 concierto \u00a0para \u00a0delinquir\u201d. \u00a0\u00a0<\/p>\n<p>As\u00ed, \u00a0empieza \u00a0con la reuni\u00f3n celebrada en \u00a0Barranco \u00a0de \u00a0Loba, \u00a0la cual, se\u00f1ala, fue tratada en forma m\u00ednima por parte de \u00a0los \u00a0calificadores, \u00a0bas\u00e1ndose \u00a0fundamentalmente \u00a0en \u00a0el \u00a0testimonio \u00a0de \u00a0Henry \u00a0Vargas, \u00a0pero que con las pruebas obtenidas en el juicio, y otras que ya obraban \u00a0en \u00a0el \u00a0expediente \u00a0con \u00a0anterioridad, se concluye que su asistencia no fue para \u00a0\u201cpromover\u201d \u00a0a \u00a0las \u00a0autodefensas \u00a0o \u00a0concertarse \u00a0con \u00a0ellas para alg\u00fan fin \u00a0ilegal. \u00a0\u00a0<\/p>\n<p>En \u00a0ese \u00a0sentido, la premisa principal en la \u00a0cual \u00a0se \u00a0basa es que esta reuni\u00f3n no fue programada por las autodefensas, como \u00a0lo \u00a0 se\u00f1ala \u00a0en \u00a0forma \u00a0dubitativa \u00a0el \u00a0referido \u00a0Henry \u00a0Vargas, \u00a0sino \u00a0por \u00a0la \u00a0Asociaci\u00f3n \u00a0de \u00a0Municipios \u00a0de \u00a0Bol\u00edvar, \u00a0conforme as\u00ed lo depusieron Fernando \u00a0Tafur, \u00a0Representante \u00a0a \u00a0la \u00a0C\u00e1mara \u00a0por el departamento de Bol\u00edvar, y el Dr. \u00a0Andr\u00e9s \u00a0 Ricaurte \u00a0 Armesto, \u00a0 reconocido \u00a0 dirigente \u00a0 pol\u00edtico \u00a0 del \u00a0 mismo \u00a0departamento, \u00a0quienes \u00a0tambi\u00e9n \u00a0asistieron al encuentro tras ser invitados por \u00a0ese colectivo. \u00a0\u00a0<\/p>\n<p>Dicha asociaci\u00f3n, precisa el defensor, no es \u00a0una \u00a0persona \u00a0jur\u00eddica \u201cde papel\u201d, como quiera que fue constituida el 17 de \u00a0diciembre \u00a0de 2001 y fue inscrita en la C\u00e1mara de Comercio de Bucaramanga el 11 \u00a0de \u00a0octubre \u00a0de \u00a0ese \u00a0mismo \u00a0a\u00f1o, \u00a0como puede constatarse con el certificado de \u00a0existencia y representaci\u00f3n legal aportado al proceso. \u00a0\u00a0<\/p>\n<p>A lo anterior se suma, prosigue, que a\u00fan si \u00a0se \u00a0miran \u00a0los desarrollos de la reuni\u00f3n no puede imputarse a sus asistentes la \u00a0modalidad \u00a0delictiva \u00a0en \u00a0cuesti\u00f3n, \u00a0pues \u00a0as\u00ed hubieran coincidido en ella con \u00a0algunos \u00a0miembros \u00a0de las autodefensas, como \u201cErnesto B\u00e1ez\u201d, cuya presencia \u00a0corrobora \u00a0el \u00a0testigo \u00a0Henry \u00a0Vargas, \u00a0ello no implica que entre los asistentes \u00a0haya habido acuerdo alguno para cometer delitos. \u00a0\u00a0<\/p>\n<p>Su defendido, a\u00f1ade, en la aludida reuni\u00f3n \u00a0no \u00a0se \u00a0comprometi\u00f3 \u00a0a \u00a0nada, \u00a0por cuanto apenas s\u00ed compareci\u00f3 como dirigente \u00a0pol\u00edtico \u00a0del \u00a0departamento.\u00a0 \u00a0Adem\u00e1s, su presencia fue ef\u00edmera, como lo \u00a0corroboran \u00a0los \u00a0referidos Fernando Tafur y Andr\u00e9s Ricaurte Armesto e, incluso, \u00a0Henry Vargas. \u00a0\u00a0<\/p>\n<p>De \u00a0ese \u00a0modo \u00a0la Fiscal\u00eda se aparta de las \u00a0reglas \u00a0 de \u00a0 la \u00a0 l\u00f3gica \u00a0 en \u00a0 su \u00a0 juicio \u00a0cuando \u00a0colige \u00a0que \u00a0Blel \u00a0 Saad \u00a0estuvo \u00a0en \u00a0la \u00a0reuni\u00f3n \u00a0por \u00a0espacio \u00a0de \u00a0dos \u00a0horas \u00a0durante \u00a0todo \u00a0el \u00a0discurso \u00a0que \u00a0all\u00ed \u00a0dio \u201cErnesto \u00a0B\u00e1ez\u201d, \u00a0 \u00a0 \u00a0 \u00a0 \u00a0 \u00a0 \u00a0 \u00a0 \u00a0 \u00a0 \u00a0 \u00a0 \u00a0 \u00a0 \u00a0 concluye \u00a0 \u00a0 \u00a0 \u00a0 \u00a0 \u00a0 \u00a0 \u00a0 \u00a0 \u00a0 \u00a0 \u00a0 \u00a0 \u00a0 \u00a0la \u00a0defensa.\u00a0\u00a0\u00a0\u00a0\u00a0\u00a0\u00a0\u00a0\u00a0\u00a0\u00a0 \u00a0\u00a0<\/p>\n<p>En \u00a0cuanto \u00a0a \u00a0la \u00a0reuni\u00f3n \u00a0celebrada en el \u00a0corregimiento \u00a0El \u00a0Carmelo, \u00a0acota que en ning\u00fan momento tuvo por objeto buscar \u00a0apoyo \u00a0en \u00a0las autodefensas para el aspirante a la gobernaci\u00f3n del departamento \u00a0de \u00a0Bol\u00edvar \u00a0Libardo \u00a0Simancas, \u00a0a \u00a0quien \u00a0Blel\u00a0 \u00a0Saad \u00a0 respaldaba \u00a0 pol\u00edticamente, \u00a0 sino \u00a0para \u00a0que \u00a0permitieran \u00a0en \u00a0los \u00a0territorios \u00a0bajo \u00a0su \u00a0control \u00a0el \u00a0libre \u00a0ejercicio de la \u00a0democracia, \u00a0cuando \u00a0era \u00a0claro \u00a0que \u00a0la \u00a0organizaci\u00f3n \u00a0delictiva \u00a0secundaba la \u00a0campa\u00f1a \u00a0de \u00a0su \u00a0contrincante \u00a0Alfonso \u00a0L\u00f3pez \u00a0Cossio, \u00a0seg\u00fan \u00a0lo ratificaron \u00a0\u201cErnesto \u00a0B\u00e1ez\u201d, Edward Cobos T\u00e9llez, alias \u201cDiego Vecino\u201d y Salvatore \u00a0Mancuso. \u00a0\u00a0<\/p>\n<p>Por esa misma raz\u00f3n, explica, los dirigentes \u00a0pol\u00edticos \u00a0que \u00a0respaldaban \u00a0a Simancas acudieron al Dr. Eduardo Espinosa Facio \u00a0Lince, \u00a0miembro \u00a0de \u00a0la \u00a0Comisi\u00f3n \u00a0Exploratoria de los di\u00e1logos de paz con las \u00a0autodefensas, \u00a0para \u00a0que hiciera valer los acuerdos que se ven\u00edan desarrollando \u00a0con \u00a0estos \u00a0grupos \u00a0en orden al cese de hostilidades y la no interferencia en el \u00a0proceso \u00a0pol\u00edtico, \u00a0la \u00a0cual \u00a0fue respondida el 17 de septiembre de 2003, ambos \u00a0documentos aportados al plenario. \u00a0\u00a0<\/p>\n<p>Dentro \u00a0ese \u00a0contexto, \u00a0agrega, \u00a0fue que los \u00a0dirigentes \u00a0pol\u00edticos que apoyaban la candidatura de Simancas buscaron reunirse \u00a0con \u00a0los\u00a0 \u00a0cabecillas \u00a0de las autodefensas en la regi\u00f3n, por intermedio de \u00a0la \u00a0congresista \u00a0Eleonora \u00a0Pineda, como as\u00ed lo acepta ella en su atestaci\u00f3n e, \u00a0igualmente, \u00a0el propio Simancas, Salvatore Mancuso y Edward Cobos T\u00e9llez, alias \u00a0\u201cDiego Vecino\u201d. \u00a0\u00a0<\/p>\n<p>Por \u00a0lo \u00a0tanto, \u00a0considera \u00a0el \u00a0defensor, es \u00a0copiosa \u00a0la \u00a0prueba \u00a0seg\u00fan \u00a0la \u00a0cual \u00a0la reuni\u00f3n a la que acudi\u00f3 Blel \u00a0Saad \u00a0en \u00a0la casa de Eleonora Pineda \u00a0\u201cse desarroll\u00f3 en el marco de un proceso de paz &#8230; \u00a0m\u00e1s \u00a0 concretamente, \u00a0para \u00a0que \u00a0dejaran \u00a0ejercer \u00a0libremente \u00a0el \u00a0proselitismo \u00a0pol\u00edtico, \u00a0no \u00a0en \u00a0los \u00a0comicios para cuerpos colegiados, no para VICENTE BLEL, \u00a0sino \u00a0en \u00a0la elecciones para alcald\u00edas y gobernaciones, particularmente para la \u00a0Gobernaci\u00f3n del Bol\u00edvar\u201d. \u00a0\u00a0<\/p>\n<p>Por \u00a0lo \u00a0anterior, estima desafortunadas las \u00a0aseveraciones \u00a0de los calificadores de primera y segunda instancia en el sentido \u00a0de \u00a0que lo que pretend\u00eda el procesado era buscar el apoyo de la autodefensas al \u00a0candidato \u00a0de \u00a0su \u00a0predilecci\u00f3n, \u00a0destacando \u00a0que en ese sentido cobra especial \u00a0importancia \u00a0lo \u00a0manifestado por el Juez 7\u00b0 Penal del Circuito Especializado de \u00a0Bogot\u00e1 \u00a0al \u00a0absolver \u00a0al \u00a0senador \u00a0William \u00a0Montes \u00a0Medina, \u00a0frente a id\u00e9ntica \u00a0imputaci\u00f3n. \u00a0\u00a0<\/p>\n<p>Como, \u00a0a su juicio, el haz probatorio revela \u00a0que \u00a0Vicente \u00a0Blel \u00a0Saad \u00a0no \u00a0celebr\u00f3 \u00a0ning\u00fan \u00a0acuerdo, \u00a0convenio \u00a0o \u00a0concierto \u00a0con las autodefensas, no es \u00a0viable \u00a0el \u00a0proferimiento \u00a0de condena en su contra, motivo por el cual clama por \u00a0su absoluci\u00f3n. \u00a0\u00a0<\/p>\n<p>\u00a0 \u00a0 \u00a0 \u00a0 \u00a0<\/p>\n<p>CONSIDERACIONES DE LA CORTE \u00a0<\/p>\n<p>\u00a0 \u00a0\u00a0 \u00a0\u00a0 \u00a0\u00a0Sea \u00a0lo \u00a0primero \u00a0advertir \u00a0que \u00a0por el singular procedimiento aqu\u00ed \u00a0adelantado \u00a0en \u00a0el \u00a0que \u00a0se \u00a0llevaron \u00a0a cabo indagaciones por diversos delitos, \u00a0entre \u00a0otros, \u00a0narcotr\u00e1fico, \u00a0lavado \u00a0de \u00a0activos, \u00a0testaferrato, \u00a0espionaje \u00a0y \u00a0concierto \u00a0para delinquir en la modalidad de promoci\u00f3n de grupos paramilitares, \u00a0se \u00a0recaudaron \u00a0diferentes \u00a0medios \u00a0de \u00a0convicci\u00f3n, \u00a0por \u00a0cuya raz\u00f3n ahora con \u00a0exclusividad \u00a0se \u00a0har\u00e1 referencia a las pruebas atinentes al delito por el cual \u00a0se \u00a0le \u00a0acus\u00f3 \u00a0y \u00a0se \u00a0evacu\u00f3 \u00a0el \u00a0juicio, \u00a0es \u00a0decir, concierto para delinquir \u00a0agravado.\u00a0 \u00a0\u00a0<\/p>\n<p>\u00a0 \u00a0\u00a0 \u00a0\u00a0 \u00a0\u00a01. Competencia. \u00a0\u00a0<\/p>\n<p>\u00a0 \u00a0\u00a0 \u00a0\u00a0 \u00a0\u00a0El \u00a0ordinal \u00a03 \u00a0del \u00a0art\u00edculo \u00a0235 \u00a0de \u00a0la \u00a0Constituci\u00f3n Pol\u00edtica \u00a0dispone \u00a0que \u00a0es \u00a0atribuci\u00f3n \u00a0de \u00a0la \u00a0Corte Suprema de Justicia \u201cinvestigar y \u00a0juzgar \u00a0a \u00a0los miembros del Congreso\u201d, enunciado que se reafirma en el numeral \u00a07 \u00a0 del \u00a0 art\u00edculo \u00a0 75 \u00a0 de \u00a0 la \u00a0 ley \u00a0 600 \u00a0 de \u00a0 2000, \u00a0en \u00a0los \u00a0siguientes \u00a0t\u00e9rminos: \u00a0\u00a0<\/p>\n<p>\u201cLa \u00a0Sala \u00a0de \u00a0Casaci\u00f3n Penal de la Corte \u00a0Suprema de Justicia conoce: \u00a0\u00a0<\/p>\n<p>\u201c7. \u00a0De la investigaci\u00f3n y juzgamiento de \u00a0los Senadores y Representantes a la C\u00e1mara.\u201d \u00a0\u00a0<\/p>\n<p>\u201cCuando \u00a0los \u00a0funcionarios \u00a0a los que se \u00a0refieren \u00a0los \u00a0numerales 6\u00ba y 7\u00ba anteriores hubieren cesado en el ejercicio de \u00a0sus \u00a0cargos, el fuero s\u00f3lo se mantendr\u00e1 para las conductas punibles que tengan \u00a0relaci\u00f3n \u00a0 \u00a0 \u00a0 \u00a0con \u00a0 \u00a0 \u00a0 \u00a0las \u00a0 \u00a0 \u00a0 \u00a0funciones \u00a0 \u00a0 \u00a0 desempe\u00f1adas\u201d. \u00a0 \u00a0 \u00a0 \u00a0\u00a0 \u00a0 \u00a0 \u00a0\u00a0<\/p>\n<p>Como \u00a0est\u00e1 \u00a0demostrado en el expediente, el \u00a0doctor \u00a0Vicente Blel Saad para \u00a0el \u00a0 momento \u00a0 de \u00a0 los \u00a0 hechos \u00a0 se \u00a0desempe\u00f1aba \u00a0como\u00a0 \u00a0Senador \u00a0de \u00a0la \u00a0Rep\u00fablica3, \u00a0pues \u00a0ven\u00eda \u00a0ocupando \u00a0la \u00a0curul \u00a0desde \u00a0el a\u00f1o 1994, y para el \u00a0per\u00edodo \u00a0constitucional \u00a02006-2010 \u00a0se \u00a0encontraba inscrito en lista abierta en \u00a0donde \u00a0igualmente \u00a0figuraba \u00a0Dieb \u00a0Nicol\u00e1s \u00a0Maloof \u00a0Cuse, \u00a0quien \u00a0obtuvo \u00a0mayor \u00a0votaci\u00f3n \u00a0que \u00a0Blel \u00a0y \u00a0por ello ocup\u00f3 la curul en el Senado de la Rep\u00fablica, \u00a0pero \u00a0posteriormente renunci\u00f3 a la misma, motivo por el cual pas\u00f3 el procesado \u00a0a \u00a0reemplazarlo, \u00a0tomando \u00a0posesi\u00f3n \u00a0el \u00a0d\u00eda \u00a02 \u00a0de \u00a0mayo \u00a0de 20074. \u00a0 Por \u00a0 esa \u00a0raz\u00f3n, \u00a0en esta Corporaci\u00f3n se inici\u00f3 la investigaci\u00f3n correspondiente en su \u00a0contra \u00a0 \u00a0 \u00a0 \u00a0en \u00a0 \u00a0 \u00a0 \u00a0fase \u00a0 \u00a0 \u00a0 \u00a0preliminar5. \u00a0\u00a0<\/p>\n<p>Al \u00a0renunciar \u00a0Blel \u00a0Saad \u00a0a la curul y con base en la jurisprudencia en ese \u00a0momento \u00a0vigente6, \u00a0se dispuso la remisi\u00f3n por competencia a la Fiscal\u00eda General de \u00a0la Naci\u00f3n, para la investigaci\u00f3n correspondiente. \u00a0\u00a0<\/p>\n<p>Mediante \u00a0 auto \u00a0 del \u00a0pasado \u00a0primero \u00a0de \u00a0septiembre \u00a0dictado \u00a0dentro \u00a0del proceso de \u00fanica instancia No. 31653, la Corte \u00a0vari\u00f3 \u00a0la \u00a0tesis anterior sostenida desde el 18 de abril de 2007 en el radicado \u00a026942 \u00a0y volvi\u00f3 nuevamente a acoger el precedente que mantuvo desde mucho antes \u00a0de \u00a0 \u00a0 \u00a0 \u00a0 \u00a0 \u00a0 esta \u00a0 \u00a0 \u00a0 \u00a0 \u00a0 \u00a0 decisi\u00f3n7. \u00a0Es \u00a0as\u00ed como, por mayor\u00eda, \u00a0sostuvo \u00a0que pese a la renuncia del congresista all\u00ed investigado \u00c9dgar Eulises \u00a0Torres \u00a0Murillo, \u00a0a\u00fan \u00a0as\u00ed \u00a0\u00e9ste \u00a0prosegu\u00eda \u00a0cobijado \u00a0por \u00a0el \u00a0fuero \u00a0y \u00a0en \u00a0consecuencia \u00a0manten\u00eda \u00a0la Corte la competencia para juzgarlo, pues el delito a \u00a0\u00e9l \u00a0imputado, \u00a0a \u00a0pesar \u00a0de no ser de los denominados propios, ten\u00eda relaci\u00f3n \u00a0con las funciones desempe\u00f1adas. \u00a0\u00a0<\/p>\n<p>Esta posici\u00f3n jurisprudencial fue confirmada \u00a0tambi\u00e9n \u00a0 por \u00a0 mayor\u00eda \u00a0 de \u00a0 la \u00a0Sala, \u00a0en \u00a0providencia \u00a0del \u00a0pasado \u00a015 \u00a0de \u00a0septiembre8, \u00a0en \u00a0la \u00a0cual \u00a0se plasmaron una serie de eventos en los que deb\u00eda \u00a0proseguirse \u00a0bien \u00a0la indagaci\u00f3n, ora la investigaci\u00f3n o el juzgamiento seg\u00fan \u00a0el \u00a0caso, siempre que la conducta endilgada al congresista estuviese relacionada \u00a0con su funci\u00f3n. \u00a0\u00a0<\/p>\n<p>Naturalmente, \u00a0 luego \u00a0 de \u00a0regresar \u00a0este \u00a0expediente \u00a0a \u00a0la \u00a0Corte\u00a0 \u00a0proveniente del Juzgado Sexto Penal del Circuito \u00a0Especializado \u00a0de \u00a0Bogot\u00e1, \u00a0en \u00a0donde \u00a0se \u00a0adelant\u00f3 \u00a0la \u00a0etapa del juicio, por \u00a0mayor\u00eda \u00a0se \u00a0dispuso \u00a0reasumir \u00a0el \u00a0conocimiento \u00a0para proseguir la actuaci\u00f3n, \u00a0dict\u00e1ndose \u00a0la \u00a0correspondiente \u00a0sentencia. \u00a0En \u00a0esa \u00a0oportunidad \u00a0se esbozaron \u00a0algunas \u00a0 razones \u00a0para \u00a0fundamentar \u00a0la \u00a0decisi\u00f3n, \u00a0se\u00f1al\u00e1ndose \u00a0que \u00a0en \u00a0la \u00a0providencia \u00a0de \u00a0fondo \u00a0se expondr\u00eda m\u00e1s en detalle al respecto, como de todas \u00a0maneras \u00a0se \u00a0hizo \u00a0al dar respuesta a la solicitud de nulidad y a la reposici\u00f3n \u00a0de \u00a0la \u00a0misma, \u00a0impetradas \u00a0por el agente del Ministerio P\u00fablico y como se hace \u00a0ahora en esta sentencia. \u00a0\u00a0<\/p>\n<p>Efectivamente, s\u00f3lo desde el 18 de abril de \u00a02007 \u00a0dentro \u00a0del \u00a0radicado 26942 y hasta el 1\u00ba de septiembre de esta anualidad \u00a0fue \u00a0criterio \u00a0mayoritario \u00a0reiterado \u00a0de \u00a0la \u00a0Sala apartarse del conocimiento y \u00a0enviar \u00a0los procesos de \u00fanica instancia contra aforados, a la Fiscal\u00eda General \u00a0de \u00a0La \u00a0Naci\u00f3n \u00a0para \u00a0que \u00a0all\u00ed \u00a0se \u00a0prosiguiera \u00a0la actuaci\u00f3n, cuando \u00e9stos \u00a0cesaban \u00a0en \u00a0el ejercicio de sus cargos, bajo la novedosa \u00f3ptica all\u00ed plasmada \u00a0conforme \u00a0 a \u00a0 la \u00a0 cual \u00a0 tan \u00a0 s\u00f3lo \u00a0los \u00a0delitos \u00a0denominados \u00a0\u201cpropios\u201d \u00a0correspond\u00edan \u00a0a \u00a0lo \u00a0se\u00f1alado en el par\u00e1grafo del art\u00edculo 235 de la Carta, \u00a0es \u00a0decir, \u00a0bajo \u00a0el entendido que \u00e9stos eran los \u00fanicos que ten\u00edan relaci\u00f3n \u00a0con la funci\u00f3n. \u00a0\u00a0<\/p>\n<p>Pero a partir de la fecha mencionada (1\u00ba de \u00a0septiembre \u00a0de \u00a02009), \u00a0retomando \u00a0la \u00a0tesis \u00a0anterior \u00a0al \u00a018 de abril de 2007, \u00a0nuevamente \u00a0constituye criterio mayoritario de la Sala\u00a0 que una vez cesa el \u00a0aforado \u00a0en \u00a0el \u00a0ejercicio \u00a0de \u00a0su \u00a0cargo, \u00a0no \u00a0deviene \u00a0en forma autom\u00e1tica el \u00a0desprendimiento \u00a0de \u00a0la \u00a0competencia \u00a0respecto \u00a0de \u00a0los \u00a0delitos \u00a0comunes, \u00a0pues \u00a0eventualmente \u00a0cualquiera \u00a0que \u00e9ste sea, a\u00fan as\u00ed puede tener nexo o relaci\u00f3n \u00a0con \u00a0las \u00a0funciones que el cargo antes ocupado le permit\u00edan ejercer al aforado. \u00a0\u00a0<\/p>\n<p>\u00a0\u00a0\u00a0\u00a0 \u00a0<\/p>\n<p>Precisamente, \u00a0 es \u00a0 la \u00a0 misma \u00a0 norma \u00a0constitucional \u00a0 (par\u00e1grafo \u00a0del \u00a0art. \u00a0235) \u00a0la \u00a0que \u00a0permite \u00a0arribar \u00a0a \u00a0tal \u00a0conclusi\u00f3n, \u00a0pues \u00a0si \u00a0bien \u00a0se \u00a0ven\u00edan \u00a0considerando como relacionados con la \u00a0funci\u00f3n \u00a0tan \u00a0s\u00f3lo \u00a0los \u00a0delitos \u00a0propios, \u00a0no \u00a0son \u00e9stos los \u00fanicos con esa \u00a0caracter\u00edstica. \u00a0Se trata entonces y,\u00a0 as\u00ed lo hace la norma en cuesti\u00f3n, \u00a0es \u00a0de \u00a0determinar si la conducta, propia o no, tiene relaci\u00f3n con la funci\u00f3n, \u00a0lo \u00a0cual no puede resultar de una interpretaci\u00f3n meramente exeg\u00e9tica, sino por \u00a0el \u00a0contrario, \u00a0de \u00a0una \u00a0teleol\u00f3gica \u00a0y \u00a0sistem\u00e1tica, \u00a0pues se insiste, lo que \u00a0constitucionalmente \u00a0permite prorrogar la competencia, pese a la cesaci\u00f3n\u00a0 \u00a0en\u00a0 \u00a0 \u00a0 el\u00a0 \u00a0 \u00a0 cargo, \u00a0 \u00a0 es\u00a0 \u00a0 \u00a0que \u00a0 \u00a0la\u00a0 \u00a0 \u00a0conducta \u00a0 \u00a0punible\u00a0 \u00a0 \u201ctenga \u00a0relaci\u00f3n\u201d -conexi\u00f3n, enlace o \u00a0correspondencia- \u00a0 \u00a0con \u00a0 las \u00a0 funciones \u00a0desempe\u00f1adas y \u00a0no \u00a0exclusivamente \u00a0el \u00a0delito cometido en cumplimiento de las mismas, pues ello \u00a0no \u00a0fue \u00a0lo \u00a0que el constituyente primario plasm\u00f3; m\u00e1xime cuando las funciones \u00a0de \u00a0los \u00a0congresistas \u00a0no se limitan solamente a lo descrito en el art\u00edculo 6\u00ba \u00a0de \u00a0la \u00a0ley \u00a05\u00aa \u00a0de \u00a01992, \u00a0en \u00a0tanto \u00e9stas deben visualizarse a trav\u00e9s de lo \u00a0dispuesto \u00a0por \u00a0el art\u00edculo 133 de la Carta, en el entendido de que son quienes \u00a0\u201crepresentan \u00a0 al \u00a0 pueblo, \u00a0 y \u00a0 deber\u00e1n \u00a0 actuar \u00a0consultando la justicia y el bien com\u00fan\u201d. \u00a0\u00a0<\/p>\n<p>As\u00ed \u00a0lo \u00a0se\u00f1al\u00f3 \u00a0esta \u00a0Corporaci\u00f3n \u00a0en \u00a0precedencia \u00a0 al \u00a0 referirse \u00a0al \u00a0delito \u00a0de \u00a0concierto \u00a0para \u00a0delinquir \u00a0y \u00a0sus \u00a0caracter\u00edsticas: \u00a0\u00a0<\/p>\n<p>\u201c\u2026Es \u00a0que no \u00a0solamente \u00a0 propicia \u00a0 un \u00a0 ambiente \u00a0 de \u00a0 inseguridad \u00a0p\u00fablica \u00a0quien \u00a0atenta \u00a0materialmente \u00a0contra la comunidad, o quien destruye su patrimonio f\u00edsico, sino \u00a0que \u00a0hace \u00a0tanto \u00a0o \u00a0mayor da\u00f1o quien promueve acciones que de suyo, aunque sin \u00a0violencia \u00a0 inmediata, \u00a0 tienen \u00a0la \u00a0capacidad \u00a0para \u00a0generar \u00a0alarma \u00a0social \u00a0y \u00a0desestabilizar \u00a0las \u00a0principales instituciones, ante la p\u00e9rdida de credibilidad \u00a0y \u00a0 la \u00a0 quiebra \u00a0de \u00a0esenciales \u00a0principios \u00a0que \u00a0informan \u00a0al \u00a0Estado \u00a0social, \u00a0democr\u00e1tico y de derecho. \u00a0\u00a0<\/p>\n<p>(\u2026) \u00a0<\/p>\n<p>Como el ser humano dirige su comportamiento \u00a0hacia \u00a0la conquista de las metas o fines que se propone, en casi todos los casos \u00a0habr\u00e1 \u00a0un \u00a0prop\u00f3sito \u00a0final \u00a0identificable; sin embargo, porque el fin \u00faltimo \u00a0sea \u00a0 individualizable \u00a0no \u00a0se \u00a0desvirt\u00faa \u00a0la \u00a0existencia \u00a0del \u00a0concierto \u00a0para \u00a0delinquir, \u00a0siempre \u00a0que, como ocurri\u00f3 en la C\u00e1mara \u00a0de \u00a0Representantes, para llegar a ese cometido se acepte la comisi\u00f3n de cuantos \u00a0il\u00edcitos \u00a0indeterminados \u00a0fuesen \u00a0necesarios. En este evento, el concierto para \u00a0delinquir \u00a0no \u00a0se \u00a0predica \u00a0a \u00a0juzgar \u00a0por la finalidad, pues, se insiste, es un \u00a0delito \u00a0 de \u00a0 mero \u00a0 peligro, \u00a0 sino \u00a0 en \u00a0 consideraci\u00f3n \u00a0a \u00a0los \u00a0medios \u00a0para \u00a0conseguirla\u201d9. \u00a0\u00a0<\/p>\n<p>Y \u00a0es \u00a0que esa asociaci\u00f3n criminal (inciso \u00a02\u00ba \u00a0art\u00edculo \u00a0340 \u00a0C.P.) \u00a0no es vac\u00eda de contenido, sino que siempre persigue \u00a0unos \u00a0fines \u00a0que en este espec\u00edfico caso estuvieron orientados a \u201cPROMOVER\u201d \u00a0esas \u00a0agrupaciones \u00a0armadas ilegales, por ello la Sala, acogiendo en ese preciso \u00a0aspecto \u00a0 \u00a0 lo \u00a0 \u00a0 que \u00a0 \u00a0 dijo \u00a0 \u00a0 la \u00a0 \u00a0 defensa10 \u00a0\u00a0<\/p>\n<p>, \u00a0siempre \u00a0ha \u00a0se\u00f1alado \u00a0que no basta una \u00a0simple \u00a0 reuni\u00f3n \u00a0 con \u00a0 agrupaciones \u00a0 o \u00a0 personas \u00a0 como \u00a0 \u00e9stas \u00a0para \u00a0que \u00a0autom\u00e1ticamente \u00a0aparezca \u00a0comprometido \u00a0el \u00a0bien \u00a0jur\u00eddico \u00a0de \u00a0la \u00a0seguridad \u00a0p\u00fablica, \u00a0sino \u00a0que resulta importante tambi\u00e9n analizar el contexto en el cual \u00a0tal \u00a0situaci\u00f3n ocurre, que como en el actual caso, se desarroll\u00f3 con el \u00fanico \u00a0prop\u00f3sito \u00a0de \u00a0llevar \u00a0a la Gobernaci\u00f3n de Bol\u00edvar para el per\u00edodo 2004-2007 \u00a0al \u00a0 \u00a0candidato \u00a0 de \u00a0 la \u00a0 predilecci\u00f3n \u00a0 de \u00a0 Blel \u00a0Saad y no para hacer una simple solicitud -de permitir \u00a0el \u00a0proselitismo \u00a0en la zona- al comandante Mancuso, como lo ha pretendido hacer \u00a0creer la defensa. \u00a0\u00a0<\/p>\n<p>Es precisamente por lo anterior que la Sala \u00a0vari\u00f3 \u00a0el \u00a0precedente en este aspecto, pues no resulta l\u00f3gico ni acorde con el \u00a0mandato \u00a0constitucional \u00a0seguir \u00a0considerando \u00a0que solamente los delitos propios \u00a0pueden \u00a0tener \u00a0relaci\u00f3n \u00a0con la funci\u00f3n, cuando hay otros denominados comunes, \u00a0como \u00a0el \u00a0concierto \u00a0para \u00a0delinquir, en cuyos eventos el cargo de congresista y \u00a0las \u00a0funciones \u00a0a \u00a0\u00e9l inherentes, en ciertos casos, compromete con su conducta. \u00a0\u00a0<\/p>\n<p>\u00a0 \u00a0 \u00a0\u00a0 \u00a0\u00a0 \u00a0 \u00a0 \u00a0\u00a0<\/p>\n<p>Vale \u00a0la \u00a0pena \u00a0detenerse \u00a0un instante para \u00a0analizar \u00a0algunas \u00a0de \u00a0las \u00a0funciones \u00a0del acusado en su calidad de congresista; \u00a0as\u00ed, \u00a0perfectamente \u00a0y \u00a0sin \u00a0dudar, \u00a0colige la Sala que s\u00ed est\u00e1n \u00edntimamente \u00a0relacionadas \u00a0con \u00a0la \u00a0conducta \u00a0por la cual fue llamado a juicio, pues acudir a \u00a0las \u00a0mencionadas \u00a0reuniones \u00a0con \u00a0comandantes paramilitares, para obtener aval o \u00a0apoyo \u00a0para \u00a0su candidato a la Gobernaci\u00f3n del departamento de Bol\u00edvar, a m\u00e1s \u00a0de \u00a0promocionar \u00a0con \u00a0ese \u00a0comportamiento \u00a0la \u00a0agrupaci\u00f3n armada ilegal, por el \u00a0estatus \u00a0que para estos delincuentes implicaba ver rendido y sometido ante ellos \u00a0a \u00a0un \u00a0legislador \u00a0y \u00a0por \u00a0esa \u00a0v\u00eda \u00a0f\u00e1cilmente \u00a0al Congreso de la Rep\u00fablica, \u00a0tambi\u00e9n \u00a0se compromet\u00eda desde all\u00ed la funci\u00f3n congresional que, se recuerda, \u00a0primordialmente \u00a0consiste \u00a0en \u201crepresentar al pueblo, \u00a0y \u00a0 actuar \u00a0 consultando \u00a0 la \u00a0 justicia \u00a0 y \u00a0el \u00a0bien \u00a0com\u00fan\u201d, \u00a0lo \u00a0que \u00a0evidentemente \u00a0se \u00a0entorpece con la promoci\u00f3n paramilitar. \u00a0\u00a0<\/p>\n<p>Adem\u00e1s, \u00a0si se tienen en cuenta en general \u00a0las \u00a0 funciones \u00a0del \u00a0Congreso, \u00a0que \u00a0se \u00a0ejercen \u00a0mediante \u00a0la \u00a0expedici\u00f3n \u00a0de \u00a0leyes11 \u00a0y \u00a0tambi\u00e9n mediante actividades administrativas y otras, se puede \u00a0con \u00a0mayor \u00a0facilidad \u00a0explicar \u00a0por \u00a0qu\u00e9 \u00a0raz\u00f3n Blel \u00a0Saad \u00a0estando \u00a0investido con esa alta dignidad, ten\u00eda \u00a0un \u00a0gran \u00a0inter\u00e9s \u00a0en \u00a0que, a como diera\u00a0 lugar, resultara elegida para el \u00a0cargo \u00a0de \u00a0Gobernador \u00a0una \u00a0persona \u00a0de \u00a0sus \u00a0afectos \u00a0(Simancas)\u00a0 \u00a0y no un \u00a0oponente suyo (L\u00f3pez Cossio). \u00a0\u00a0<\/p>\n<p>Efectivamente, \u00a0para \u00a0ello \u00a0bastar\u00eda \u00a0con \u00a0observar \u00a0algunas de estas funciones, tales como las se\u00f1aladas en los numerales \u00a0tercero, \u00a0cuarto, \u00a0quinto, \u00a0sexto \u00a0y \u00a0s\u00e9ptimo \u00a0del \u00a0art\u00edculo 150 y otras de la \u00a0Carta, \u00a0entre \u00a0ellas \u00a0las \u00a0siguientes: \u00a0aprobar \u00a0el plan nacional de desarrollo, \u00a0definir \u00a0la divisi\u00f3n general del territorio, fijar las bases y condiciones para \u00a0crear, \u00a0eliminar, \u00a0modificar o fusionar entidades territoriales y establecer sus \u00a0competencias, \u00a0conferir atribuciones especiales a las asambleas departamentales, \u00a0reglamentar \u00a0la \u00a0creaci\u00f3n \u00a0y \u00a0funcionamiento \u00a0de \u00a0las \u00a0corporaciones aut\u00f3nomas \u00a0regionales, \u00a0crear \u00a0o \u00a0autorizar \u00a0la \u00a0constituci\u00f3n \u00a0de \u00a0empresas industriales y \u00a0comerciales del estado y sociedades de econom\u00eda mixta, etc. \u00a0\u00a0<\/p>\n<p>Todas \u00a0las antes mencionadas, de una u otra \u00a0manera, \u00a0tienen \u00edntima relaci\u00f3n con una autoridad regional como el Gobernador, \u00a0pues \u00a0\u00e9ste, \u00a0entre \u00a0otras, \u00a0maneja \u00a0e \u00a0influye \u00a0directamente \u00a0en el presupuesto \u00a0departamental, \u00a0en \u00a0las \u00a0empresas industriales y comerciales como las licoreras, \u00a0en \u00a0 las \u00a0 empresas \u00a0 del \u00a0 chance, \u00a0 loter\u00edas, \u00a0juegos \u00a0de \u00a0azar, \u00a0hospitales, \u00a0contrataci\u00f3n,\u00a0 \u00a0as\u00ed \u00a0como \u00a0en \u00a0la \u00a0n\u00f3mina \u00a0respectiva \u00a0y en otras varias \u00a0actividades \u00a0generadoras de grandes recursos econ\u00f3micos y de gran poder como el \u00a0manejo \u00a0y \u00a0la \u00a0distribuci\u00f3n\u00a0 de las regal\u00edas por la producci\u00f3n aur\u00edfera \u00a0del \u00a0sur \u00a0de \u00a0Bol\u00edvar, \u00a0que \u00a0sin \u00a0mucho esfuerzo permiten colegir cu\u00e1l podr\u00eda \u00a0llegar \u00a0a \u00a0ser \u00a0eventualmente la verdadera raz\u00f3n por la que un congresista como \u00a0el \u00a0acusado \u00a0pretendiera \u00a0imponer, \u00a0por \u00a0v\u00edas \u00a0ilegales, \u00a0su \u00a0candidato para el \u00a0aludido \u00a0cargo, \u00a0afianz\u00e1ndose para ello en los grupos de autodefensa dominantes \u00a0en \u00a0la \u00a0regi\u00f3n, \u00a0pretensi\u00f3n \u00a0\u00e9sta \u00a0por \u00a0la cual la Sala concluye bajo un sano \u00a0criterio \u00a0 l\u00f3gico, \u00a0 se \u00a0 vio \u00a0 impulsado \u00a0 el \u00a0entonces \u00a0Senador \u00a0Vicente \u00a0Blel, \u00a0conforme \u00a0se \u00a0afirma en el \u00a0proceso, \u00a0a \u00a0solicitarle \u00a0a \u00a0la \u00a0congresista Eleonora Pineda -reconocida por sus \u00a0fuertes \u00a0v\u00ednculos \u00a0con las autodefensas- sus buenos oficios a fin de lograr una \u00a0reuni\u00f3n \u00a0entre varios l\u00edderes pol\u00edticos y el comandante paramilitar Salvatore \u00a0Mancuso. \u00a0\u00a0<\/p>\n<p>Aunado \u00a0a \u00a0lo anterior, debe decirse que no \u00a0solamente \u00a0su \u00a0condici\u00f3n \u00a0de \u00a0Senador \u00a0sino \u00a0tambi\u00e9n \u00a0las \u00a0funciones del cargo \u00a0influyeron \u00a0de \u00a0manera \u00a0determinante \u00a0para \u00a0que \u00a0los \u00a0resultados \u00a0de \u00a0la mentada \u00a0reuni\u00f3n \u00a0-la \u00a0cual, \u00a0conforme \u00a0se \u00a0ver\u00e1 \u00a0m\u00e1s \u00a0adelante, \u00a0se \u00a0celebr\u00f3 \u00a0en \u00a0el \u00a0corregimiento \u00a0El \u00a0Caramelo \u00a0del \u00a0municipio \u00a0de Tierralta (C\u00f3rdoba)- fueran los \u00a0inicialmente \u00a0 pretendidos \u00a0 y \u00a0 cuya \u00a0 demostraci\u00f3n \u00a0 arroj\u00f3 \u00a0 finalmente \u00a0la \u00a0investigaci\u00f3n, \u00a0pues \u00a0no \u00a0de \u00a0otra forma podr\u00eda entenderse el ah\u00ednco mostrado \u00a0por \u00a0el \u00a0propio \u00a0comandante \u00a0\u201cMancuso\u201d \u00a0cuando \u00a0\u00e9l mismo en plena reuni\u00f3n, \u00a0directa \u00a0 e \u00a0 inmediatamente \u00a0 procedi\u00f3 \u00a0 a \u00a0llamar \u00a0a \u00a0\u201cB\u00e1ez\u201d12 \u00a0-quien \u00a0se \u00a0encontraba \u00a0en el sur de Bol\u00edvar y apoyaba a L\u00f3pez Cossio a la Gobernaci\u00f3n de \u00a0Bol\u00edvar- \u00a0para \u00a0que \u00a0la \u00a0situaci\u00f3n respecto del\u00a0 candidato del sur tomara \u00a0otro \u00a0rumbo \u00a0y \u00a0derivara en favor de Simancas, tal como efectivamente ocurri\u00f3 y \u00a0por ello result\u00f3 ganador en esa contienda electoral del a\u00f1o 2003. \u00a0\u00a0<\/p>\n<p>As\u00ed las cosas, la Sala ratifica su criterio \u00a0seg\u00fan \u00a0el \u00a0cual \u00a0se re\u00fanen a cabalidad en este caso los requisitos suficientes \u00a0para \u00a0reasumir \u00a0la \u00a0competencia \u00a0y proseguir con su conocimiento, profiriendo la \u00a0sentencia, tal como sigue. \u00a0\u00a0<\/p>\n<p>2. \u00a0 Del \u00a0 debido \u00a0 proceso \u00a0y \u00a0la \u00a0doble \u00a0instancia. \u00a0\u00a0<\/p>\n<p>Pese a no comportar estos aspectos un motivo \u00a0de \u00a0disenso \u00a0por parte de los sujetos procesales, a\u00fan as\u00ed la Sala considera de \u00a0suma \u00a0importancia no soslayar este tema, pues ha sido materia de debate en otros \u00a0asuntos \u00a0y \u00a0escenarios, \u00a0siendo \u00a0entonces \u00a0menester \u00a0abordarlo \u00a0desde la \u00f3ptica \u00a0constitucional, \u00a0con \u00a0la finalidad de que se aclare cualquier inquietud presente \u00a0o futura al respecto. \u00a0\u00a0<\/p>\n<p>En \u00a0trat\u00e1ndose \u00a0de \u00a0lo \u00a0dispuesto \u00a0en \u00a0el \u00a0art\u00edculo \u00a0 533 \u00a0 de \u00a0la \u00a0Ley \u00a0906 \u00a0de \u00a02004, \u00a0en \u00a0cuanto \u00a0ordena \u00a0que \u00a0para \u00a0la \u00a0investigaci\u00f3n \u00a0y \u00a0juzgamiento \u00a0de \u00a0aforados \u00a0de \u00a0que \u00a0trata \u00a0el numeral 3\u00ba del \u00a0art\u00edculo \u00a0235 de la Carta se aplique el procedimiento previsto en la Ley 600 de \u00a02000, \u00a0lejos \u00a0de \u00a0atentar contra el principio del debido proceso, las normas del \u00a0bloque \u00a0de \u00a0constitucionalidad \u00a0o \u00a0la \u00a0Constituci\u00f3n en s\u00ed misma, dicho mandato \u00a0legal \u00a0no \u00a0hace \u00a0m\u00e1s \u00a0que plegarse a los postulados de esta \u00faltima para evitar \u00a0que \u00a0se \u00a0torne \u00a0en \u00a0un \u00a0contrasentido \u00a0l\u00f3gico y jur\u00eddico el adelantamiento del \u00a0procedimiento penal debido a los altos funcionario del Estado. \u00a0\u00a0<\/p>\n<p>Quiso el legislador primario de 1991 otorgar \u00a0a \u00a0la \u00a0Corte \u00a0Suprema \u00a0de \u00a0Justicia \u00a0la \u00a0potestad \u00a0de \u00a0investigar y juzgar a los \u00a0congresistas, \u00a0en \u00a0un \u00a0viraje \u00a0profundo respecto de la Carta de 188613, que implica \u00a0la \u00a0 adopci\u00f3n \u00a0de \u00a0un \u00a0determinado \u00a0procedimiento \u00a0que \u00a0haga \u00a0compatibles \u00a0esas \u00a0funciones \u00a0y \u00a0el \u00a0car\u00e1cter \u00a0de \u00a0\u00f3rgano \u00a0de cierre que posee esta Corporaci\u00f3n, \u00a0ajeno, \u00a0ello, \u00a0a \u00a0la \u00a0posibilidad \u00a0de \u00a0que \u00a0se adelante el proceso dentro de los \u00a0postulados de la Ley 906 de 2004. \u00a0\u00a0<\/p>\n<p>As\u00ed \u00a0lo \u00a0se\u00f1al\u00f3 \u00a0la Sala en decisi\u00f3n de \u00a0\u00fanica \u00a0 \u00a0 \u00a0 \u00a0 \u00a0 \u00a0 \u00a0 \u00a0 \u00a0 \u00a0instancia14: \u00a0\u00a0<\/p>\n<p>\u201c\u2026Est\u00e1 claro, \u00a0entonces, \u00a0que el proceso al cual remite el art\u00edculo 533 de la Ley 906 de 2004, \u00a0es \u00a0no \u00a0s\u00f3lo \u00a0necesario \u00a0en \u00a0la \u00a0pr\u00e1ctica, \u00a0sino \u00a0leg\u00edtimo \u00a0en su aplicaci\u00f3n \u00a0constitucional. \u00a0\u00a0<\/p>\n<p>\u201cY, \u00a0cabe precisar, el examen del bloque \u00a0de \u00a0constitucionalidad, \u00a0en \u00a0particular, los tratados suscritos por Colombia que \u00a0regulan \u00a0la \u00a0investigaci\u00f3n \u00a0y \u00a0juzgamiento \u00a0penales, \u00a0contribuye \u00a0a afianzar lo \u00a0anotado \u00a0 en \u00a0 precedencia, \u00a0en \u00a0tanto, \u00a0ninguna \u00a0de \u00a0esas \u00a0regulaciones \u00a0impone \u00a0obligatorio \u00a0o \u00a0fundamental \u00a0que \u00a0se \u00a0adopte \u00a0un \u00a0determinado \u00a0tipo \u00a0de \u00a0sistema \u00a0procesal, \u00a0sino \u00a0que \u00a0establece \u00a0unos \u00a0derechos \u00a0m\u00ednimos para el procesado, los \u00a0cuales, \u00a0mientras \u00a0no \u00a0se \u00a0demuestre lo contrario, operan en la Ley 600 de 2000, \u00a0consagratoria \u00a0del \u00a0que \u00a0se \u00a0ha \u00a0llamado sistema mixto con tendencia acusatoria, \u00a0como \u00a0f\u00e1cilmente lo deja ver la declaratoria de exequibilidad que del grueso de \u00a0su articulado ha hecho la Corte Constitucional. \u00a0\u00a0<\/p>\n<p>\u201cNo \u00a0puede alegarse que la imposibilidad \u00a0de \u00a0recurrir \u00a0en \u00a0segunda \u00a0instancia \u00a0el \u00a0fallo, consagrado en el literal h) del \u00a0numeral \u00a02\u00ba, \u00a0del \u00a0art\u00edculo \u00a08\u00ba \u00a0del Pacto de San Jos\u00e9 de Costa Rica, atente \u00a0contra \u00a0 el \u00a0 bloque \u00a0 de \u00a0constitucionalidad, \u00a0como \u00a0quiera \u00a0que \u00a0ya \u00a0la \u00a0Corte \u00a0Constitucional \u00a0se \u00a0ha \u00a0pronunciado \u00a0sobre \u00a0el \u00a0t\u00f3pico, \u00a0en \u00a0trat\u00e1ndose de los \u00a0procesos \u00a0 \u00a0seguidos \u00a0 en \u00a0 \u00fanica \u00a0 instancia \u00a0 por \u00a0 la \u00a0 Corte \u00a0 Suprema \u00a0 de \u00a0Justicia\u2026\u201d \u00a0\u00a0<\/p>\n<p>In \u00a0extenso \u00a0plasm\u00f3 \u00a0la \u00a0Sala \u00a0en \u00a0dicha \u00a0sentencia \u00a0lo \u00a0expuesto \u00a0por \u00a0la Corte Constitucional15, \u00a0que \u00a0para \u00a0el caso resulta \u00a0pertinente traer a colaci\u00f3n, as\u00ed: \u00a0\u00a0<\/p>\n<p>\u201cLa Corte se refiri\u00f3 ampliamente a la \u00a0constitucionalidad \u00a0de \u00a0procesos \u00a0de \u00a0\u00fanica \u00a0instancia en la sentencia C-040 de \u00a02002, \u00a0 \u00a0 MP: \u00a0 \u00a0Eduardo \u00a0 \u00a0Montealegre \u00a0 \u00a0Lynett16, \u00a0cuyas \u00a0consideraciones se \u00a0citan \u00a0in \u00a0extenso dada su pertinencia para el asunto bajo revisi\u00f3n, as\u00ed dicho \u00a0fallo se haya producido en un contexto diferente: \u00a0\u00a0<\/p>\n<p>La \u00a0doble \u00a0instancia y su relaci\u00f3n con el \u00a0debido proceso. \u00a0\u00a0<\/p>\n<p>(\u2026) \u00a0<\/p>\n<p>4- \u00a0La consagraci\u00f3n de la doble instancia \u00a0tiene \u00a0entonces \u00a0un \u00a0v\u00ednculo \u00a0estrecho \u00a0con \u00a0el \u00a0debido proceso y el derecho de \u00a0defensa, \u00a0ya \u00a0que \u00a0busca \u00a0la \u00a0protecci\u00f3n \u00a0de \u00a0los derechos de quienes acuden al \u00a0aparato \u00a0estatal en busca de justicia. Sin embargo, la posibilidad de apelar una \u00a0sentencia \u00a0adversa \u00a0no \u00a0hace \u00a0parte del contenido esencial del debido proceso ni \u00a0del \u00a0derecho de defensa en todos los campos, pues la propia Constituci\u00f3n, en su \u00a0art\u00edculo \u00a031, \u00a0establece \u00a0que \u00a0el \u00a0Legislador \u00a0podr\u00e1 \u00a0consagrar excepciones al \u00a0principio \u00a0general, \u00a0seg\u00fan \u00a0el \u00a0cual \u00a0toda sentencia es apelable o consultable. \u00a0(\u2026) \u00a0\u00a0<\/p>\n<p>(\u2026) \u00a0<\/p>\n<p>5- \u00a0(\u2026) \u00a0En \u00a0estos fueros especiales, la \u00a0garant\u00eda \u00a0del \u00a0debido \u00a0proceso \u00a0es \u00a0lograda \u00a0por \u00a0el \u00a0hecho \u00a0mismo \u00a0de que esos \u00a0funcionarios \u00a0son investigados penalmente por la m\u00e1s alta corporaci\u00f3n judicial \u00a0de \u00a0la \u00a0justicia \u00a0ordinaria. \u00a0As\u00ed, en relaci\u00f3n con el fuero penal de los altos \u00a0dignatarios, esta Corporaci\u00f3n ya hab\u00eda se\u00f1alado: \u00a0\u00a0<\/p>\n<p>\u201cPues \u00a0bien: \u00a0si \u00a0la \u00a0Corte \u00a0Suprema \u00a0de \u00a0Justicia, \u00a0es \u00a0el \u00b4m\u00e1s alto tribunal de la jurisdicci\u00f3n ordinaria\u00b4, la mayor \u00a0aspiraci\u00f3n \u00a0de \u00a0todo \u00a0sindicado \u00a0es \u00a0ser \u00a0juzgado por ella. En general, esto se \u00a0logra \u00a0por \u00a0el \u00a0recurso de apelaci\u00f3n, por el extraordinario de casaci\u00f3n, o por \u00a0la acci\u00f3n de revisi\u00f3n. \u00a0\u00a0<\/p>\n<p>Pero \u00a0cuando \u00a0la \u00a0Corte \u00a0Suprema conoce en \u00a0\u00fanica \u00a0 instancia \u00a0del \u00a0proceso, \u00a0como \u00a0ocurre \u00a0en \u00a0trat\u00e1ndose \u00a0de \u00a0los \u00a0altos \u00a0funcionarios, \u00a0el \u00a0sindicado \u00a0tiene \u00a0a \u00a0su \u00a0favor \u00a0dos \u00a0ventajas: la primera, la \u00a0econom\u00eda \u00a0procesal; \u00a0la \u00a0segunda, \u00a0el \u00a0escapar \u00a0a la posibilidad de los errores \u00a0cometidos \u00a0por \u00a0los \u00a0jueces \u00a0o \u00a0tribunales \u00a0inferiores. \u00a0A las cuales se suma la \u00a0posibilidad \u00a0de \u00a0ejercer \u00a0la \u00a0acci\u00f3n \u00a0de \u00a0revisi\u00f3n, \u00a0una \u00a0vez \u00a0ejecutoriada la \u00a0sentencia. \u00a0\u00a0<\/p>\n<p>No \u00a0es pues, acertado afirmar que el fuero \u00a0consagrado \u00a0 en \u00a0la \u00a0Constituci\u00f3n \u00a0perjudica \u00a0a \u00a0sus \u00a0beneficiarios17\u201d. \u00a0\u00a0<\/p>\n<p>6- \u00a0Sin \u00a0embargo, el hecho de que la doble \u00a0instancia \u00a0s\u00f3lo \u00a0haga \u00a0parte \u00a0del \u00a0contenido esencial del debido proceso en las \u00a0acciones \u00a0de tutela y en materia penal, no significa que la ley pueda establecer \u00a0excepciones \u00a0a \u00a0la \u00a0doble \u00a0instancia \u00a0en \u00a0cualquier \u00a0tipo \u00a0de \u00a0proceso, \u00a0por las \u00a0siguientes \u00a0tres \u00a0razones: \u00a0De \u00a0un lado, el principio general establecido por el \u00a0art\u00edculo \u00a031 \u00a0superior \u00a0es \u00a0que \u00a0todos \u00a0los \u00a0procesos \u00a0judiciales \u00a0son de doble \u00a0instancia. \u00a0Por \u00a0consiguiente, \u00a0como \u00a0los \u00a0procesos \u00a0de \u00fanica instancia son una \u00a0excepci\u00f3n \u00a0a \u00a0ese \u00a0principio \u00a0constitucional, \u00a0es obvio que debe existir alg\u00fan \u00a0elemento \u00a0que \u00a0justifique \u00a0esa \u00a0limitaci\u00f3n. \u00a0Otra interpretaci\u00f3n conducir\u00eda a \u00a0convertir \u00a0 \u00a0 la \u00a0 \u00a0regla \u00a0 \u00a0(doble \u00a0 \u00a0instancia) \u00a0 \u00a0en \u00a0 \u00a0excepci\u00f3n \u00a0 \u00a0(\u00fanica \u00a0instancia). \u00a0\u00a0<\/p>\n<p>De \u00a0otro \u00a0lado, \u00a0la \u00a0Constituci\u00f3n \u00a0y \u00a0los \u00a0tratados \u00a0de \u00a0derechos \u00a0humanos \u00a0garantizan \u00a0a toda persona el derecho al debido \u00a0proceso, \u00a0que \u00a0tiene como componente esencial el derecho de defensa. Ahora bien, \u00a0como \u00a0ya \u00a0se \u00a0vio, \u00a0la \u00a0posibilidad \u00a0de \u00a0apelar tiene v\u00ednculos estrechos con el \u00a0derecho \u00a0de \u00a0defensa. \u00a0Por \u00a0consiguiente, \u00a0aunque el Legislador puede establecer \u00a0excepciones \u00a0a \u00a0la doble instancia y tiene una amplia libertad de configuraci\u00f3n \u00a0para \u00a0establecer \u00a0los \u00a0distintos \u00a0procesos \u00a0y recursos, sin embargo es claro que \u00a0debe \u00a0garantizar \u00a0en \u00a0todos los casos el derecho de defensa y la plenitud de las \u00a0formas \u00a0de \u00a0cada \u00a0juicio. Por ende, al consagrar un proceso de \u00fanica instancia, \u00a0el \u00a0Legislador \u00a0debe \u00a0establecer \u00a0suficientes oportunidades de controversia, que \u00a0aseguren \u00a0un \u00a0adecuado \u00a0derecho \u00a0de defensa, seg\u00fan la naturaleza del caso. Esto \u00a0significa \u00a0que \u00a0un \u00a0proceso \u00a0de \u00a0\u00fanica \u00a0instancia \u00a0no \u00a0viola el debido proceso, \u00a0siempre \u00a0y \u00a0cuando, \u00a0a pesar de la eliminaci\u00f3n de la posibilidad de impugnar la \u00a0sentencia \u00a0adversa, \u00a0las \u00a0partes \u00a0cuenten con una regulaci\u00f3n que les asegure un \u00a0adecuado \u00a0 \u00a0y \u00a0 \u00a0oportuno \u00a0 derecho \u00a0 de \u00a0 defensa18. \u00a0 \u00a0As\u00ed, \u00a0 en \u00a0 reciente \u00a0oportunidad, \u00a0esta \u00a0Corte \u00a0reiter\u00f3 \u00a0que \u00a0\u201cno \u00a0es \u00a0forzosa \u00a0y \u00a0obligatoria \u00a0la \u00a0garant\u00eda \u00a0de \u00a0la \u00a0doble \u00a0instancia \u00a0en \u00a0todos \u00a0los \u00a0asuntos \u00a0que son materia de \u00a0decisi\u00f3n \u00a0 judicial, \u00a0puesto \u00a0que \u00a0la \u00a0ley \u00a0est\u00e1 \u00a0habilitada \u00a0para \u00a0introducir \u00a0excepciones, \u00a0siempre y cuando se respeten las garant\u00edas del debido proceso, el \u00a0derecho \u00a0de \u00a0defensa, \u00a0la \u00a0justicia, \u00a0la \u00a0equidad, y no se niegue el acceso a la \u00a0administraci\u00f3n \u00a0 \u00a0 \u00a0 \u00a0 \u00a0de \u00a0 \u00a0 \u00a0 \u00a0 justicia19\u201d. \u00a0\u00a0<\/p>\n<p>Finalmente, la Carta establece el principio \u00a0de \u00a0igualdad (CP art.13), que obviamente se proyecta sobre la regulaci\u00f3n de los \u00a0procesos y recursos. \u00a0\u00a0<\/p>\n<p>Por ende, aunque el legislativo cuenta con \u00a0una \u00a0amplia \u00a0facultad \u00a0discrecional \u00a0para \u00a0instituir \u00a0las formas con base en las \u00a0cuales \u00a0se \u00a0ventilar\u00e1n las diferentes controversias jur\u00eddicas que surjan entre \u00a0las \u00a0personas20, \u00a0de \u00a0acuerdo \u00a0con \u00a0el \u00a0art\u00edculo \u00a0150, \u00a0numeral \u00a01\u00ba y 2\u00ba, de la \u00a0Constituci\u00f3n, \u00a0es \u00a0obvio que las excepciones a la doble instancia no pueden ser \u00a0discriminatorias. \u00a0\u00a0<\/p>\n<p>7- \u00a0Por \u00a0todo \u00a0lo \u00a0anterior, aunque la ley \u00a0puede \u00a0consagrar \u00a0excepciones a la doble instancia (CP art.31), sin embargo ello \u00a0no \u00a0significa \u00a0que \u00a0cualquier \u00a0exclusi\u00f3n \u00a0sea \u00a0constitucional, y por ello, esta \u00a0Corte \u00a0ha \u00a0declarado \u00a0la \u00a0inconstitucionalidad \u00a0de \u00a0algunas \u00a0limitaciones \u00a0a \u00a0la \u00a0posibilidad \u00a0de apelar sentencias adversas, incluso en campos distintos al penal \u00a0y \u00a0a \u00a0las \u00a0acciones \u00a0de \u00a0tutela. \u00a0As\u00ed, \u00a0por \u00a0no citar sino algunos ejemplos, la \u00a0sentencia \u00a0C-345 \u00a0de \u00a01994 declar\u00f3 inexequible el art\u00edculo 2\u00ba del Decreto 597 \u00a0de \u00a0 1988, \u00a0 que \u00a0 exclu\u00eda \u00a0 la \u00a0 apelaci\u00f3n \u00a0 en \u00a0ciertos \u00a0procesos \u00a0laborales \u00a0administrativos \u00a0en \u00a0raz\u00f3n \u00a0de la asignaci\u00f3n mensual correspondiente al cargo, \u00a0pues \u00a0consider\u00f3 \u00a0que \u00a0se \u00a0trataba de un criterio irrazonable e injusto, que por \u00a0ende \u00a0violaba \u00a0el \u00a0principio de igualdad. Igualmente, la sentencia C-005 de 1996 \u00a0declar\u00f3 \u00a0inexequible \u00a0el inciso 2\u00ba del art\u00edculo 6\u00ba de la Ley 14 de 1988, que \u00a0exclu\u00eda \u00a0del \u00a0recurso \u00a0de \u00a0s\u00faplica \u00a0las \u00a0sentencia \u00a0de \u00a0la Secci\u00f3n Quinta del \u00a0Consejo \u00a0de Estado, mientras que en los procesos ante las otras secciones s\u00ed se \u00a0prev\u00e9 \u00a0 tal \u00a0recurso. \u00a0La \u00a0Corte \u00a0no \u00a0encontr\u00f3 \u00a0ninguna \u00a0raz\u00f3n \u00a0objetiva \u00a0que \u00a0justificara \u00a0ese \u00a0trato \u00a0diferente pues, a pesar de su especialidad, los asuntos \u00a0tratados \u00a0por \u00a0las \u00a0distintas \u00a0secciones \u00a0del \u00a0Consejo \u00a0de Estado son en esencia \u00a0id\u00e9nticos, \u00a0 pues \u00a0 \u201cmediante \u00a0 ellos \u00a0se \u00a0procura \u00a0la \u00a0preservaci\u00f3n \u00a0de \u00a0la \u00a0constitucionalidad y legalidad de las actuaciones del Estado\u201d. \u00a0\u00a0<\/p>\n<p>De tal manera que la doble instancia no es \u00a0la \u00a0\u00fanica \u00a0forma \u00a0de \u00a0garantizar \u00a0el debido proceso y el derecho de defensa, si \u00a0bien \u00a0es \u00a0una \u00a0de las v\u00edas para asegurar el goce efectivo de tales derechos. De \u00a0ah\u00ed \u00a0que \u00a0en \u00a0la \u00a0sentencia C-040 de 2002 antes citada se haya subrayado que el \u00a0fuero \u00a0ante \u00a0la \u00a0Corte \u00a0Suprema de Justicia es la manera de garantizar el debido \u00a0proceso \u00a0de \u00a0los \u00a0altos \u00a0funcionarios \u00a0del \u00a0Estado. \u00a0En \u00a0efecto, visto el debido \u00a0proceso \u00a0de \u00a0manera \u00a0integral, \u00a0es decir, sin tomar aisladamente cada uno de sus \u00a0componentes, \u00a0el \u00a0juzgamiento por el \u00f3rgano de cierre de la jurisdicci\u00f3n penal \u00a0es \u00a0la \u00a0forma \u00a0como \u00a0en los casos de fuero se garantiza el debido proceso de los \u00a0altos \u00a0 funcionarios \u00a0 del \u00a0 Estado \u00a0 aforados \u00a0 por \u00a0 la \u00a0 Constituci\u00f3n \u00a0y \u00a0la \u00a0ley. \u00a0\u00a0<\/p>\n<p>Lo \u00a0anterior no implica que se trate de un \u00a0\u00f3rgano \u00a0colegiado infalible. Por ello la Constituci\u00f3n le otorg\u00f3 al legislador \u00a0una \u00a0potestad \u00a0de configuraci\u00f3n para determinar los mecanismos a trav\u00e9s de los \u00a0cuales \u00a0pueden \u00a0ser \u00a0corregidos \u00a0eventuales \u00a0errores \u00a0judiciales, siempre que se \u00a0respete \u00a0 \u00a0la \u00a0 \u00a0arquitectura \u00a0 \u00a0constitucional \u00a0 \u00a0en \u00a0 la \u00a0 materia21. Si bien en \u00a0el \u00a0pasado \u00a0la \u00a0Corte \u00a0describi\u00f3 algunos de los mecanismos disponibles para los \u00a0altos \u00a0 funcionarios \u00a0 aforados \u00a0 que \u00a0 fueran \u00a0 afectados \u00a0 por \u00a0una \u00a0sentencia \u00a0condenatoria22, \u00a0en \u00a0el \u00a0asunto \u00a0bajo \u00a0revisi\u00f3n, \u00a0no \u00a0se \u00a0referir\u00e1 \u00a0a \u00a0ellos ni \u00a0examinar\u00e1 \u00a0si \u00a0son \u00a0suficientes, \u00a0como \u00a0quiera que este asunto no fue objeto de \u00a0demanda. \u00a0\u00a0<\/p>\n<p>El \u00a0principio \u00a0de la doble instancia en el \u00a0derecho \u00a0internacional \u00a0de \u00a0los \u00a0derechos \u00a0humanos y el sentido y alcance de los \u00a0derechos \u00a0 \u00a0 a \u00a0 \u00a0recurrir \u00a0 \u00a0el \u00a0 \u00a0fallo \u00a0 \u00a0condenatorio \u00a0 \u00a0ante \u00a0 \u00a0\u201ctribunal \u00a0superior\u201d. \u00a0\u00a0<\/p>\n<p>El \u00a0principio \u00a0de \u00a0la \u00a0doble \u00a0instancia se \u00a0encuentra \u00a0consagrado \u00a0tanto \u00a0en la Convenci\u00f3n Americana sobre Derechos Humanos \u00a0(Pacto \u00a0de \u00a0San \u00a0Jos\u00e9) \u00a0como \u00a0en \u00a0el \u00a0Pacto Internacional de Derechos Civiles y \u00a0Pol\u00edticos. \u00a0\u00a0<\/p>\n<p>En \u00a0materia \u00a0penal, el art\u00edculo 8\u00ba de la \u00a0Convenci\u00f3n \u00a0Americana \u00a0sobre \u00a0Derechos \u00a0Humanos \u00a0(Pacto \u00a0de San Jos\u00e9), dispone \u00a0que: \u00a0\u00a0<\/p>\n<p>\u201cGarant\u00edas \u00a0judiciales. (\u2026) 2. Toda persona inculpada de delito \u00a0tiene \u00a0derecho \u00a0a \u00a0que \u00a0se \u00a0presuma \u00a0su \u00a0inocencia \u00a0mientras \u00a0no \u00a0se \u00a0establezca \u00a0legalmente \u00a0su \u00a0culpabilidad. \u00a0Durante el proceso toda persona tiene derecho, en \u00a0plena \u00a0igualdad, \u00a0a \u00a0las \u00a0siguientes \u00a0garant\u00edas \u00a0m\u00ednimas: \u00a0(\u2026) \u00a0h) Derecho a \u00a0recurrir el fallo ante juez o tribunal superior\u201d. \u00a0\u00a0<\/p>\n<p>A \u00a0su \u00a0vez, \u00a0el \u00a0art\u00edculo \u00a014 \u00a0del \u00a0Pacto \u00a0Internacional de Derechos Civiles y Pol\u00edticos establece que: \u00a0\u00a0<\/p>\n<p>\u201c(\u2026)5. Toda persona declarada culpable \u00a0de \u00a0un \u00a0delito \u00a0tendr\u00e1 \u00a0derecho a que el fallo condenatorio y la pena que se le \u00a0haya \u00a0impuesto \u00a0sean \u00a0sometidos \u00a0a un tribunal superior, conforme a lo prescrito \u00a0por la ley (\u2026)\u201d. \u00a0\u00a0<\/p>\n<p>Luego la misma Convenci\u00f3n Americana sobre \u00a0Derechos \u00a0Humanos, \u00a0de \u00a0manera \u00a0gen\u00e9rica \u00a0y \u00a0en \u00a0relaci\u00f3n \u00a0con \u00a0todo \u00a0tipo \u00a0de \u00a0procedimientos, determina que: \u00a0\u00a0<\/p>\n<p>Art\u00edculo 25. Protecci\u00f3n judicial. 1. Toda \u00a0persona \u00a0tiene \u00a0derecho \u00a0a \u00a0un \u00a0recurso \u00a0sencillo \u00a0y \u00a0r\u00e1pido o a cualquier otro \u00a0recurso \u00a0efectivo ante los jueces o tribunales competentes, que la ampare contra \u00a0actos \u00a0que \u00a0violen \u00a0sus derechos fundamentales reconocidos por la Constituci\u00f3n, \u00a0la \u00a0ley \u00a0o \u00a0la presente convenci\u00f3n, a\u00fan cuando tal violaci\u00f3n sea cometida por \u00a0personas que act\u00faen en ejercicio de sus funciones oficiales. \u00a0\u00a0<\/p>\n<p>4.)\u00a0\u00a0\u00a0\u00a0 \u00a0Los \u00a0Estados \u00a0partes se comprometen: \u00a0\u00a0<\/p>\n<p>1. A garantizar que la autoridad competente \u00a0prevista \u00a0por \u00a0el \u00a0sistema legal del Estado decidir\u00e1 sobre los derechos de toda \u00a0persona que interponga el recurso; \u00a0\u00a0<\/p>\n<p>2. \u00a0A \u00a0desarrollar \u00a0las \u00a0posibilidades \u00a0de \u00a0recurso judicial, y \u00a0\u00a0<\/p>\n<p>3. \u00a0A \u00a0garantizar el cumplimiento, por las \u00a0autoridades \u00a0competentes, \u00a0de \u00a0otra decisi\u00f3n en que se haya estimado procedente \u00a0el recurso\u201d. \u00a0\u00a0<\/p>\n<p>Sobre el alcance y sentido del principio de \u00a0la \u00a0doble \u00a0instancia, \u00a0la \u00a0Corte \u00a0Interamericana \u00a0de \u00a0Derechos \u00a0Humanos, \u00a0se \u00a0ha \u00a0pronunciado \u00a0 \u00a0 \u00a0en \u00a0 \u00a0 varias \u00a0 \u00a0 oportunidades23, \u00a0pero \u00a0en ninguna de ellas \u00a0ha \u00a0 versado \u00a0 sobre \u00a0 el \u00a0 juzgamiento \u00a0 de \u00a0 altos \u00a0 funcionarios \u00a0 con \u00a0fuero \u00a0constitucional. \u00a0\u00a0<\/p>\n<p>En \u00a0el mismo sentido, el Comit\u00e9 del Pacto \u00a0concluy\u00f3, \u00a0 en \u00a0 un \u00a0 caso \u00a0 que \u00a0 no \u00a0 vers\u00f3 \u00a0 sobre \u00a0 un \u00a0 alto \u00a0funcionario \u00a0aforado24, \u00a0que \u00a0la \u00a0ausencia \u00a0del \u00a0derecho \u00a0de \u00a0revisi\u00f3n \u00a0por \u00a0un tribunal \u00a0superior \u00a0de \u00a0la condena impuesta por un tribunal de apelaci\u00f3n, despu\u00e9s de que \u00a0la \u00a0 persona \u00a0 hubiera \u00a0 sido \u00a0declarada \u00a0inocente \u00a0por \u00a0un \u00a0tribunal \u00a0inferior, \u00a0constitu\u00eda una violaci\u00f3n del art\u00edculo 14, p\u00e1rrafo 5 del Pacto. \u00a0\u00a0<\/p>\n<p>De \u00a0lo \u00a0anterior encuentra la Corte que la \u00a0interpretaci\u00f3n \u00a0del \u00a0art. \u00a014.5 \u00a0del \u00a0Pacto Internacional de Derechos Civiles y \u00a0Pol\u00edticos \u00a0y \u00a0art. \u00a08.2 \u00a0del \u00a0Pacto de San Jos\u00e9 que han efectuado los \u00f3rganos \u00a0internacionales \u00a0competentes, resulta arm\u00f3nica con la interpretaci\u00f3n que se ha \u00a0hecho \u00a0de los art\u00edculos 29 y 31 de la Carta Pol\u00edtica en materia de juzgamiento \u00a0de \u00a0 los \u00a0altos \u00a0funcionarios \u00a0del \u00a0Estado, \u00a0en \u00a0la \u00a0medida \u00a0en \u00a0que \u00a0de \u00a0dichos \u00a0pronunciamientos \u00a0no \u00a0se \u00a0deriva una regla seg\u00fan la cual en los juzgamientos de \u00a0altos \u00a0 funcionarios \u00a0 con \u00a0 fuero \u00a0penal \u00a0ante \u00a0el \u00a0\u00f3rgano \u00a0de \u00a0cierre \u00a0de \u00a0la \u00a0jurisdicci\u00f3n \u00a0penal, deba establecerse una segunda instancia semejante a la que \u00a0existe \u00a0para \u00a0otros \u00a0juicios \u00a0penales. \u00a0Es \u00a0decir, cada Estado goza de un amplio \u00a0margen \u00a0para \u00a0configurar \u00a0los \u00a0procedimientos \u00a0y \u00a0para \u00a0dise\u00f1ar \u00a0los mecanismos \u00a0eficaces \u00a0de \u00a0protecci\u00f3n \u00a0de \u00a0los \u00a0derechos, \u00a0sin que est\u00e9 ordenado, seg\u00fan la \u00a0jurisprudencia \u00a0vigente, \u00a0que \u00a0en \u00a0los \u00a0casos \u00a0de altos funcionarios aforados se \u00a0prevea \u00a0siempre \u00a0la \u00a0segunda \u00a0instancia\u2026\u201d \u00a0\u00a0<\/p>\n<p>Como \u00a0complemento de lo anterior, basta con \u00a0observar \u00a0lo \u00a0que \u00a0se\u00f1al\u00f3 \u00a0la \u00a0Corte Constitucional25 \u00a0 \u00a0cuando \u00a0 \u00a0estudi\u00f3 \u00a0 la \u00a0constitucionalidad \u00a0del \u00a0art\u00edculo 32 de la Ley 906 de 2004, numerales 5\u00ba, 6\u00ba, \u00a07\u00ba \u00a0y 9\u00ba, que habilitan el juzgamiento en \u00fanica instancia de la Corte Suprema \u00a0de Justicia, en relaci\u00f3n con el debido proceso: \u00a0\u00a0<\/p>\n<p>\u201c\u2026Las \u00a0demandantes \u00a0consideran que los numerales 5, 6, 7 y 9 del art\u00edculo 32 de la Ley \u00a0906 \u00a0de 2004 contravienen los art\u00edculos 29 y 93 de la Constituci\u00f3n Pol\u00edtica y \u00a0el \u00a0literal \u00a0h \u00a0del \u00a0numeral \u00a02 \u00a0del \u00a0art\u00edculo 8 de la Convenci\u00f3n Americana de \u00a0Derechos \u00a0 Humanos, \u00a0 as\u00ed \u00a0como \u00a0el \u00a0numeral \u00a05 \u00a0del \u00a0art\u00edculo \u00a014 \u00a0del \u00a0Pacto \u00a0Internacional \u00a0de \u00a0Derechos \u00a0Civiles y Pol\u00edticos, al consagrar procesos penales \u00a0de \u00a0 \u00fanica \u00a0instancia \u00a0que \u00a0niegan \u00a0la \u00a0posibilidad \u00a0de \u00a0apelar \u00a0una \u00a0sentencia \u00a0condenatoria. \u00a0Sin \u00a0embargo, la Corte Constitucional concluye que a la luz de la \u00a0jurisprudencia \u00a0constitucional \u00a0en \u00a0la \u00a0materia y en armon\u00eda con la Convenci\u00f3n \u00a0Americana \u00a0de \u00a0Derechos \u00a0Humanos y el Pacto de Derechos Civiles y Pol\u00edticos, el \u00a0juzgamiento \u00a0de altos funcionarios por parte de la Sala de Casaci\u00f3n Penal de la \u00a0Corte \u00a0 Suprema \u00a0 de \u00a0 Justicia, \u00a0resulta \u00a0ajustado \u00a0a \u00a0la \u00a0Carta\u2026\u201d \u00a0\u00a0<\/p>\n<p>As\u00ed \u00a0las \u00a0cosas, \u00a0la \u00a0competencia \u00a0que por \u00a0mandato \u00a0constitucional \u00a0mantiene \u00a0la \u00a0Corte \u00a0para \u00a0investigar \u00a0y \u00a0juzgar a este \u00a0aforado, \u00a0se encuentra conforme a los lineamientos constitucionales nacionales e \u00a0internacionales \u00a0y por ello en nada se considerar\u00edan afectados los derechos del \u00a0acusado. \u00a0\u00a0<\/p>\n<p>3. \u00a0La \u00a0conducta de promover grupos armados \u00a0ilegales: \u00a0\u00a0<\/p>\n<p>Se \u00a0ha \u00a0pretendido \u00a0cuestionar \u00a0en diversos \u00a0escenarios \u00a0la \u00a0tipicidad \u00a0de \u00a0la \u00a0conducta endilgada al acusado. Por tal motivo \u00a0tambi\u00e9n \u00a0en \u00a0este \u00a0aspecto de trascendental importancia, considera la Sala debe \u00a0pronunciarse, \u00a0pues \u00a0con fundamento en las \u00faltimas reformas legales se suscitan \u00a0inquietudes \u00a0 y \u00a0criterios \u00a0que \u00a0pueden \u00a0conducir \u00a0a \u00a0erradas \u00a0interpretaciones. \u00a0\u00a0<\/p>\n<p>Efectivamente, el tipo penal por el cual se \u00a0llam\u00f3 \u00a0 a \u00a0 juicio \u00a0 al \u00a0 ex \u00a0 senador \u00a0Vicente \u00a0Blel \u00a0Saad \u00a0ha sido objeto de dos reformas legislativas, una \u00a0por \u00a0la \u00a0Ley \u00a0733 \u00a0de \u00a02002 \u00a0y \u00a0otra por la Ley 1121 de 2006, y en la primera de \u00a0\u00e9stas el tipo penal en cuesti\u00f3n qued\u00f3 del siguiente tenor: \u00a0\u00a0<\/p>\n<p>\u201cArt\u00edculo \u00a0340. \u00a0Concierto \u00a0para \u00a0delinquir. Modificado L.733 de \u00a02002. \u00a0Cuando \u00a0varias personas se concierten con el fin de cometer delitos, cada \u00a0una \u00a0de \u00a0ellas ser\u00e1 penadas, por esas sola conducta, con prisi\u00f3n de tres (3) a \u00a0seis (6) a\u00f1os. \u00a0\u00a0<\/p>\n<p>\u201cCuando \u00a0el \u00a0concierto \u00a0sea para cometer \u00a0delitos \u00a0 \u00a0de \u00a0 genocidio, \u00a0 desaparici\u00f3n \u00a0 forzada \u00a0 de \u00a0 personas, \u00a0 tortura, \u00a0desplazamiento \u00a0forzado, \u00a0homicidio, \u00a0terrorismo, \u00a0tr\u00e1fico \u00a0de drogas t\u00f3xicas, \u00a0estupefacientes \u00a0o \u00a0sustancias \u00a0sicotr\u00f3picas, \u00a0secuestro, \u00a0secuestro extorsivo, \u00a0extorsi\u00f3n, \u00a0enriquecimiento \u00a0il\u00edcito, \u00a0lavado \u00a0de \u00a0activos \u00a0o \u00a0testaferrato \u00a0y \u00a0conexos, \u00a0o para organizar, promover, armar o financiar grupos armados al margen \u00a0de \u00a0la \u00a0ley, \u00a0la pena ser\u00e1 de prisi\u00f3n de seis (6) a doce (12) a\u00f1os y multa de \u00a0dos \u00a0mil \u00a0(2.000) \u00a0hasta veinte mil (20.000) salarios m\u00ednimos legales mensuales \u00a0vigentes. \u00a0\u00a0<\/p>\n<p>\u201cLa \u00a0pena \u00a0privativa \u00a0de \u00a0la libertad se \u00a0aumentar\u00e1 \u00a0en \u00a0la \u00a0mitad \u00a0para quienes organicen, fomenten, promuevan, dirijan, \u00a0encabecen, \u00a0constituyan \u00a0o \u00a0financien \u00a0el \u00a0concierto \u00a0para delinquir\u201d. \u00a0\u00a0<\/p>\n<p>As\u00ed mismo, mediante la Ley 1121 de 2006 el \u00a0inciso segundo de la norma en cuesti\u00f3n fue reformado, as\u00ed: \u00a0\u00a0<\/p>\n<p>\u201cART.340.- \u00a0(\u2026) \u00a0\u00a0<\/p>\n<p>INC.2\u00ba.- \u00a0Modificado L.1121\/2006, art.19. \u00a0Cuando \u00a0el \u00a0concierto \u00a0sea \u00a0para \u00a0cometer \u00a0delitos \u00a0de \u00a0genocidio, desaparici\u00f3n \u00a0forzada \u00a0de \u00a0personas, \u00a0tortura, \u00a0desplazamiento forzado, homicidio, terrorismo, \u00a0tr\u00e1fico \u00a0 de \u00a0drogas \u00a0t\u00f3xicas, \u00a0estupefacientes \u00a0o \u00a0sustancias \u00a0sicotr\u00f3picas, \u00a0secuestro, \u00a0secuestro extorsivo, extorsi\u00f3n, enriquecimiento il\u00edcito, lavado de \u00a0activos \u00a0o \u00a0testaferrato \u00a0y \u00a0conexos, o financiamiento \u00a0del \u00a0terrorismo \u00a0y \u00a0administraci\u00f3n \u00a0de \u00a0recursos \u00a0relacionados \u00a0con actividades \u00a0terroristas, \u00a0la pena ser\u00e1 de prisi\u00f3n de ocho (8) a \u00a0dieciocho \u00a0(18) \u00a0a\u00f1os \u00a0y multa de dos mil setecientos (2.700) hasta treinta mil \u00a0(30.000) \u00a0 \u00a0salarios \u00a0 \u00a0m\u00ednimos \u00a0 legales \u00a0 mensuales \u00a0 vigentes\u2026\u201d \u00a0(subrayas \u00a0de la Sala). \u00a0\u00a0<\/p>\n<p>De \u00a0acuerdo \u00a0con \u00a0las \u00a0reformas aludidas, a \u00a0primera\u00a0 \u00a0vista \u00a0pareciera \u00a0-como algunos equivocadamente lo plantean-, que \u00a0el \u00a0legislador despenaliz\u00f3 la agravante punitiva para quienes fuesen sindicados \u00a0de: \u00a0\u201corganizar, promover, armar o financiar grupos \u00a0al \u00a0margen \u00a0de \u00a0la ley\u201d, lo cual evidentemente carece \u00a0de \u00a0toda raz\u00f3n jur\u00eddica, pues lo que ocurre es que ahora aparecen descritas de \u00a0manera \u00a0m\u00e1s \u00a0t\u00e9cnica \u00a0y \u00a0concordante \u00a0con \u00a0el tipo penal del art\u00edculo 345 del \u00a0C.P. \u00a0\u00a0<\/p>\n<p>El \u00a0legislador englob\u00f3 en el art\u00edculo 345 \u00a0como \u00a0unas \u00a0de \u00a0sus \u00a0modalidades, \u00a0las \u00a0conductas previstas en el inciso 2\u00ba del \u00a0art\u00edculo \u00a0340, \u00a0por \u00a0cuanto \u00a0en \u00a0el \u00a0primero \u00a0se \u00a0le \u00a0dio \u00a0el \u00a0nomen \u00a0juris de: \u00a0\u201cFinanciaci\u00f3n \u00a0del terrorismo y administraci\u00f3n de \u00a0recursos \u00a0relacionados \u00a0con actividades terroristas\u201d, \u00a0en \u00a0cuyo precepto, por tanto, se encuentran precisamente los verbos rectores que \u00a0ahora \u00a0se \u00a0echan \u00a0de \u00a0menos \u00a0en el tipo penal del art\u00edculo 340, pero que fueron \u00a0contemplados, \u00a0como ya se dijo, de manera m\u00e1s t\u00e9cnica en el art\u00edculo 16 de la \u00a0Ley \u00a0 1121 \u00a0 de \u00a02006, \u00a0modificatorio \u00a0del \u00a0art\u00edculo \u00a0345 \u00a0del \u00a0C\u00f3digo \u00a0Penal. \u00a0\u00a0<\/p>\n<p>Obviamente, \u00a0 tal \u00a0 comportamiento \u00a0ahora \u00a0sancionado \u00a0con \u00a0pena \u00a0mayor s\u00f3lo puede aplicarse para conductas a partir de su \u00a0vigencia, \u00a0pues \u00a0de \u00a0otra \u00a0forma \u00a0se \u00a0afectar\u00eda \u00a0el principio de favorabilidad, \u00a0motivo \u00a0por \u00a0el \u00a0cual \u00a0para los delitos cometidos antes de entrar a regir la Ley \u00a01121 \u00a0de \u00a02006, \u00a0s\u00f3lo \u00a0es posible la norma tal como aparec\u00eda en vigencia de la \u00a0Ley \u00a0733 \u00a0de \u00a02002 \u00a0que \u00a0especificaba \u00a0uno \u00a0a \u00a0uno \u00a0los \u00a0verbos \u00a0rectores \u00a0aqu\u00ed \u00a0mencionados, \u00a0esto \u00a0es: \u00a0\u201c&#8230;Cuando el concierto sea \u00a0para \u00a0cometer \u00a0delitos de\u2026o para organizar, promover, armar o financiar grupos \u00a0al \u00a0margen \u00a0de \u00a0la \u00a0ley\u2026\u201d \u00a0y no como se registra a \u00a0partir \u00a0de \u00a0la \u00a0Ley \u00a01121 de 2006, sin que por ello, se pueda llegar a la errada \u00a0conclusi\u00f3n \u00a0de \u00a0que \u00a0se \u00a0est\u00e1 \u00a0frente \u00a0a \u00a0la \u00a0violaci\u00f3n o desconocimiento del \u00a0principio de tipicidad. \u00a0\u00a0<\/p>\n<p>Sobre \u00a0este \u00a0punto ya la Sala se pronunci\u00f3 \u00a0dejando \u00a0 en \u00a0 claro \u00a0 que \u00a0 en \u00a0ning\u00fan \u00a0momento \u00a0la \u00a0conducta \u00a0mencionada \u00a0fue \u00a0despenalizada, \u00a0sino \u00a0tan \u00a0s\u00f3lo \u00a0reacomodada \u00a0al \u00a0tipo \u00a0penal \u00a0de \u00a0que trata el \u00a0art\u00edculo 345 sobre financiaci\u00f3n del terrorismo, as\u00ed: \u00a0\u00a0<\/p>\n<p>\u201c\u2026Cinco. Es \u00a0evidente, \u00a0entonces, \u00a0que \u00a0el \u00a0concierto \u00a0para \u00a0organizar, \u00a0promover o financiar \u00a0grupos \u00a0al \u00a0margen \u00a0de \u00a0la \u00a0ley, \u00a0no \u00a0fue suprimido del cat\u00e1logo de delitos que \u00a0contempla \u00a0la \u00a0nueva \u00a0ley. \u00a0Todo \u00a0lo contrario: esa conducta fue readecuada como \u00a0comportamiento \u00a0 punible \u00a0 aut\u00f3nomo \u00a0en \u00a0el \u00a0art\u00edculo \u00a0345, \u00a0y \u00a0su \u00a0concierto, \u00a0calificado \u00a0como \u00a0circunstancia de agravaci\u00f3n del concierto para delinquir, con \u00a0una \u00a0pena \u00a0mucho \u00a0mayor \u00a0que \u00a0la prevista en el art\u00edculo 340.2 de la Ley 599 de \u00a02000, \u00a0 \u00a0 modificada \u00a0 \u00a0 por \u00a0 \u00a0 la \u00a0 \u00a0 Ley \u00a0 \u00a0 733 \u00a0 \u00a0de \u00a0 \u00a02002\u2026\u201d26 \u00a0\u00a0<\/p>\n<p>Tambi\u00e9n en decisi\u00f3n m\u00e1s reciente de esta \u00a0Sala27, sobre este preciso asunto se anot\u00f3: \u00a0\u00a0<\/p>\n<p>\u201c\u2026Dicha \u00a0argumentaci\u00f3n \u00a0indica \u00a0con \u00a0efectos \u00a0diferentes \u00a0a \u00a0los que pretendi\u00f3 darle el \u00a0Tribunal \u00a0que la conducta imputada no se descriminaliz\u00f3 sino que fue readecuada \u00a0como \u00a0comportamiento \u00a0aut\u00f3nomo \u00a0de \u00a0manera \u00a0que \u00a0dej\u00f3 \u00a0de \u00a0ser una m\u00e1s de las \u00a0modalidades \u00a0que \u00a0de \u00a0concierto se preve\u00eda en el art\u00edculo 340 de la Ley 599 de \u00a02000, \u00a0luego \u00a0por \u00a0s\u00ed \u00a0misma esa tesis no pod\u00eda conducir a sentar un argumento \u00a0m\u00e1s \u00a0que \u00a0condujera \u00a0a la absoluci\u00f3n cuando es claro que frente a la sucesi\u00f3n \u00a0legislativa \u00a0-tal como lo rese\u00f1a el Ministerio P\u00fablico- el juzgador de primera \u00a0instancia \u00a0acudi\u00f3 \u00a0al \u00a0principio \u00a0de \u00a0favorabilidad \u00a0para \u00a0aplicar \u00a0contra \u00a0los \u00a0procesados \u00a0la \u00a0norma \u00a0que resultaba menos restrictiva, cual era precisamente el \u00a0citado art\u00edculo 340. \u00a0\u00a0<\/p>\n<p>\u201cEs que al modificarse por la Ley 1121 de \u00a02006 \u00a0el \u00a0precepto \u00a0345 \u00a0del \u00a0C\u00f3digo \u00a0Penal \u00a0se \u00a0dio \u00a0autonom\u00eda \u00a0t\u00edpica a los \u00a0comportamientos \u00a0 individuales \u00a0 de \u00a0\u201cpromover, \u00a0organizar \u00a0apoyar, \u00a0mantener, \u00a0financiar \u00a0o \u00a0sostener \u00a0econ\u00f3micamente a grupos armados al margen de la ley o a \u00a0sus \u00a0integrantes\u201d \u00a0a \u00a0la \u00a0vez que del inciso 2\u00ba del art\u00edculo 340 del C\u00f3digo \u00a0Penal \u00a0se \u00a0suprimieron \u00a0las \u00a0conductas \u00a0alternativas \u00a0de \u00a0organizar, \u00a0promover o \u00a0financiar \u00a0grupos \u00a0armados \u00a0al margen de la ley quedando \u00e9stas englobadas en el \u00a0nomen \u00a0 juris \u00a0 del \u00a0tipo \u00a0penal \u00a0que \u00a0les \u00a0dio \u00a0autonom\u00eda, \u00a0es \u00a0decir, \u00a0el \u00a0de \u00a0\u201cfinanciaci\u00f3n \u00a0del \u00a0terrorismo y administraci\u00f3n de recursos relacionados con \u00a0actividades \u00a0 terroristas\u201d, \u00a0 sin \u00a0 que \u00a0adem\u00e1s \u00a0pueda \u00a0entenderse \u00a0que \u00a0esta \u00a0denominaci\u00f3n \u00a0determina \u00a0la \u00a0atipicidad de los comportamientos imputados cuando \u00a0ciertamente su descripci\u00f3n la contiene. \u00a0\u00a0<\/p>\n<p>\u201cPor \u00a0ende lo que antes se hallaba en el \u00a0inciso \u00a0segundo \u00a0del \u00a0art\u00edculo \u00a0340 \u00a0\u2013organizar, \u00a0promover, \u00a0armar, \u00a0o financiar grupos armados al margen \u00a0de \u00a0la \u00a0ley- \u00a0ahora se encuentra en el art\u00edculo 345 modificado pero comportando \u00a0una mayor punibilidad. \u00a0\u00a0<\/p>\n<p>\u201cAs\u00ed \u00a0 entonces \u00a0 el \u00a0concierto \u00a0para \u00a0organizar, \u00a0promover \u00a0o \u00a0financiar \u00a0grupos \u00a0armados \u00a0al margen de la ley, no fue \u00a0suprimido \u00a0del \u00a0cat\u00e1logo \u00a0de \u00a0delitos \u00a0que \u00a0contempla \u00a0la \u00a0nueva \u00a0ley; \u00a0por \u00a0el \u00a0contrario, \u00a0esa conducta fue readecuada como comportamiento punible aut\u00f3nomo en \u00a0el \u00a0art\u00edculo \u00a0345 \u00a0y se sanciona con una pena mucho mayor que la prevista en el \u00a0art\u00edculo \u00a0340.2 \u00a0de \u00a0la \u00a0Ley 599 de 2000, modificado por la Ley 733 de 2002, de \u00a0ah\u00ed \u00a0que \u00a0acertada \u00a0hubiera \u00a0sido la aplicaci\u00f3n del principio de favorabilidad \u00a0por el a quo\u201d \u00a0\u00a0<\/p>\n<p>4. Responsabilidad \u00a0<\/p>\n<p>\u00a0 \u00a0\u00a0 \u00a0\u00a0 \u00a0\u00a0Sea \u00a0lo primero advertir que dentro de la investigaci\u00f3n se lograron \u00a0allegar \u00a0diversos \u00a0medios de prueba tanto testimoniales como\u00a0 documentales, \u00a0teniendo \u00a0en \u00a0cuenta \u00a0que \u00a0se \u00a0investigaban \u00a0paralelamente varios delitos, entre \u00a0otros, \u00a0narcotr\u00e1fico, \u00a0lavado \u00a0de \u00a0activos, \u00a0cohecho (por lo relacionado con la \u00a0modificaci\u00f3n \u00a0de \u00a0la \u00a0norma \u00a0constitucional \u00a0de \u00a0la \u00a0extradici\u00f3n), \u00a0espionaje, \u00a0enriquecimiento \u00a0 il\u00edcito, \u00a0 en \u00a0los \u00a0que \u00a0tambi\u00e9n \u00a0pudo \u00a0haber \u00a0incurrido \u00a0el \u00a0congresista \u00a0 \u00a0 Vicente \u00a0 \u00a0Blel \u00a0 \u00a0Saad, \u00a0junto con el de concierto para delinquir agravado en la modalidad \u00a0de \u00a0promoci\u00f3n \u00a0de \u00a0grupos \u00a0paramilitares, \u00a0pero \u00a0en \u00a0su \u00a0mayor\u00eda, tales medios \u00a0estaban \u00a0 encaminados \u00a0 a \u00a0 la \u00a0demostraci\u00f3n \u00a0de \u00a0aquellos \u00a0delitos28, por lo cual \u00a0respecto \u00a0del \u00a0\u00faltimo \u00a0reato \u00a0mencionado, tan s\u00f3lo obran algunos testimonios y \u00a0documentos \u00a0que \u00a0son \u00a0la \u00a0base \u00a0de \u00a0este asunto, y que han sido tema de diversas \u00a0apreciaciones.\u00a0\u00a0 \u00a0\u00a0<\/p>\n<p>Si \u00a0bien \u00a0en \u00a0un \u00a0comienzo \u00a0la \u00a0Fiscal\u00eda, \u00a0pretendiendo \u00a0demostrar \u00a0anomal\u00edas \u00a0en las elecciones para el Senado en el a\u00f1o \u00a02002 \u00a0 respecto \u00a0 del \u00a0 sindicado, \u00a0recepcion\u00f3 \u00a0varios \u00a0testimonios \u00a0y \u00a0alleg\u00f3 \u00a0documentos \u00a0 \u00a0 \u00a0 \u00a0con \u00a0 \u00a0 \u00a0 tal \u00a0 \u00a0 \u00a0 finalidad29, \u00a0al \u00a0momento de proferir el \u00a0calificatorio \u00a0decidi\u00f3 \u00a0excluir esta imputaci\u00f3n f\u00e1ctica de la acusaci\u00f3n. Por \u00a0tanto, \u00a0para \u00a0no vulnerar el principio de congruencia que debe existir entre ese \u00a0acto \u00a0procesal \u00a0y la sentencia, la Sala se abstiene de considerar todos aquellos \u00a0aspectos relacionados con ese hecho. \u00a0\u00a0<\/p>\n<p>En \u00a0tal \u00a0virtud, \u00a0la Corte con exclusividad \u00a0har\u00e1 \u00a0referencia \u00a0y \u00a0centrar\u00e1 su an\u00e1lisis en lo que fueron las circunstancias \u00a0f\u00e1cticas \u00a0 \u00a0 expuestas \u00a0 \u00a0 en \u00a0 \u00a0 el \u00a0 \u00a0 calificatorio, \u00a0 \u00a0pues \u00a0 \u00a0\u2013se \u00a0 insiste- \u00a0la \u00a0primera \u00a0instancia \u00a0(Fiscal \u00a0Delegado \u00a0ante \u00a0la Corte Suprema de Justicia), pese a averiguar durante \u00a0toda \u00a0la \u00a0investigaci\u00f3n \u00a0con lujo de detalles lo relacionado con los resultados \u00a0electorales \u00a0del \u00a0acusado postulado al Senado para el a\u00f1o 2002, evidenciando un \u00a0indicio \u00a0grave \u00a0en \u00a0su contra por los resultados at\u00edpicos en algunos municipios \u00a0dominados \u00a0por \u00a0las AUC, a\u00fan as\u00ed decidi\u00f3 excluirlo del calificatorio, bajo el \u00a0argumento de que ahora resultaba siendo un indicio contingente. \u00a0\u00a0<\/p>\n<p>Igualmente, \u00a0 la \u00a0 Fiscal\u00eda \u00a0instructora \u00a0despu\u00e9s \u00a0de haber tenido durante toda la investigaci\u00f3n como medio de prueba en \u00a0contra \u00a0 del \u00a0 sindicado \u00a0las \u00a0conversaciones \u00a0telef\u00f3nicas \u00a0encontradas \u00a0en \u00a0el \u00a0computador \u00a0 de \u00a0 alias \u00a0\u201cAntonio\u201d, \u00a0expresamente \u00a0se\u00f1al\u00f3 \u00a0al \u00a0momento \u00a0de \u00a0calificar \u00a0el \u00a0m\u00e9rito \u00a0del \u00a0sumario \u00a0que \u00e9stas no constitu\u00edan prueba de cargo \u00a0contra \u00a0el \u00a0encartado, \u00a0y por ello solamente serv\u00edan para valorar la existencia \u00a0de \u00a0un plan de penetraci\u00f3n pol\u00edtica de las autodefensas a trav\u00e9s de la compra \u00a0o adhesi\u00f3n de candidatos a su proyecto pol\u00edtico. \u00a0\u00a0<\/p>\n<p>En \u00a0similar \u00a0forma \u00a0hizo \u00a0referencia \u00a0a \u00a0la \u00a0reuni\u00f3n \u00a0en \u00a0el \u00a0municipio \u00a0de \u00a0Barranco \u00a0de \u00a0Loba, \u00a0pues dijo: \u201cal \u00a0respecto \u00a0se \u00a0considera \u00a0que la prueba referida tampoco ha sido \u00a0objeto \u00a0de \u00a0cargo \u00a0en la presente acusaci\u00f3n, sino exclusivamente como prueba de \u00a0la \u00a0situaci\u00f3n \u00a0general \u00a0del \u00a0contexto \u00a0de \u00a0participaci\u00f3n pol\u00edtica frente a la \u00a0convocatoria paramilitar\u2026\u201d. \u00a0\u00a0<\/p>\n<p>Y, ciertamente, la Sala encuentra que en el \u00a0plenario \u00a0obran \u00a0elementos \u00a0de juicio que demuestran el dominio e influencia que \u00a0ten\u00eda \u00a0la \u00a0organizaci\u00f3n paramilitar en la regi\u00f3n donde ocurrieron los hechos, \u00a0como se analizar\u00e1 m\u00e1s adelante. \u00a0\u00a0<\/p>\n<p>4.1. El art\u00edculo \u00a0232 \u00a0de la Ley 600 de 2000 dispone que no se puede dictar sentencia condenatoria \u00a0sin \u00a0que \u00a0obre \u00a0en \u00a0el \u00a0proceso \u00a0prueba que conduzca a la certeza de la conducta \u00a0punible y de la responsabilidad del procesado. \u00a0\u00a0<\/p>\n<p>\u00a0 \u00a0\u00a0 \u00a0\u00a0 \u00a0\u00a0Al \u00a0interpretar \u00a0esa \u00a0disposici\u00f3n, \u00a0la \u00a0Sala \u00a0ha \u00a0sido cuidadosa en \u00a0se\u00f1alar \u00a0que \u00a0si entre las finalidades principales del proceso penal se cuentan \u00a0la \u00a0aproximaci\u00f3n \u00a0racional a la verdad y la aplicaci\u00f3n del derecho sustancial, \u00a0en \u00a0la \u00a0sentencia \u00a0como \u00a0culminaci\u00f3n \u00a0del rito se debe establecer m\u00e1s all\u00e1 de \u00a0toda \u00a0duda \u00a0si \u00a0mediante una acci\u00f3n que desencadena un proceso de interferencia \u00a0intersubjetivo \u00a0 se \u00a0 vulner\u00f3 \u00a0 o \u00a0 se \u00a0 puso \u00a0 en \u00a0riesgo \u00a0un \u00a0bien \u00a0jur\u00eddico \u00a0concreto30. \u00a0\u00a0<\/p>\n<p>\u00a0 \u00a0\u00a0 \u00a0\u00a0 \u00a0\u00a0Ese \u00a0es \u00a0precisamente el argumento central planteado por la defensa, \u00a0quien \u00a0se\u00f1ala que lo \u00fanico que se dio all\u00ed fue una actividad proselitista, en \u00a0temporada \u00a0de elecciones, luego nada distinto se puede concluir, en su criterio, \u00a0sino exactamente que fue una reuni\u00f3n eminentemente pol\u00edtica. \u00a0\u00a0<\/p>\n<p>\u00a0 \u00a0\u00a0 \u00a0\u00a0 \u00a0\u00a0Con \u00a0este \u00a0fin, \u00a0es \u00a0importante \u00a0advertir \u00a0que \u00a0en conductas como la \u00a0objeto \u00a0de \u00a0an\u00e1lisis, \u00a0el n\u00facleo de la prohibici\u00f3n se concentra en el acuerdo \u00a0de \u00a0voluntades, debido a que se trata de tipos de mera conducta que anticipan la \u00a0barrera \u00a0de \u00a0protecci\u00f3n \u00a0penal \u00a0y que por lo tanto concretan el contenido de la \u00a0antijuridicidad \u00a0en \u00a0diferentes \u00a0niveles \u00a0de riesgo para la seguridad jur\u00eddica, \u00a0como \u00a0la \u00a0Sala \u00a0lo \u00a0ha \u00a0precisado al referirse a la estructura dogm\u00e1tica de las \u00a0diferentes \u00a0escalas \u00a0de \u00a0injusto \u00a0que \u00a0define \u00a0el art\u00edculo 340 de la ley 599 de \u00a02000, aplicable al caso que se juzga: \u00a0\u00a0<\/p>\n<p>\u201cEl \u00a0art\u00edculo \u00a0340 \u00a0del \u00a0C\u00f3digo \u00a0Penal \u00a0define \u00a0diversas \u00a0formas \u00a0de \u00a0ataque \u00a0al \u00a0bien \u00a0jur\u00eddico \u00a0que denotan la manera \u00a0progresiva \u00a0como \u00a0se \u00a0atenta \u00a0contra \u00a0la \u00a0seguridad p\u00fablica. As\u00ed, en el inciso \u00a0segundo, \u00a0es \u00a0el \u00a0acuerdo de voluntades para promocionar, organizar, financiar o \u00a0armar \u00a0grupos armados al margen de la ley lo que le da sentido al injusto, en el \u00a0contexto \u00a0de \u00a0una modalidad muy propia de los tipos de peligro; y en el tercero, \u00a0desde \u00a0la \u00a0\u00f3ptica \u00a0de \u00a0la \u00a0efectiva \u00a0lesi\u00f3n, se sanciona la conducta de armar, \u00a0financiar \u00a0o \u00a0promocionar a tales grupos. Eso implica que se describen conductas \u00a0secuenciales \u00a0en \u00a0escala \u00a0de \u00a0menor \u00a0a \u00a0mayor gravedad cuya lesividad se refleja \u00a0precisamente \u00a0en \u00a0el \u00a0tratamiento \u00a0punitivo, \u00a0como \u00a0corresponde \u00a0al principio de \u00a0proporcionalidad. \u00a0\u00a0<\/p>\n<p>\u201cEn \u00a0la escala progresiva de protecci\u00f3n \u00a0de\u00a0 \u00a0bienes \u00a0jur\u00eddicos, \u00a0el \u00a0acuerdo \u00a0que \u00a0da \u00a0origen \u00a0al \u00a0concierto \u00a0para \u00a0organizar, \u00a0promover, \u00a0armar \u00a0o \u00a0financiar \u00a0grupos \u00a0al \u00a0margen \u00a0de \u00a0la \u00a0ley, \u00a0se \u00a0diferencia \u00a0de \u00a0la \u00a0efectiva \u00a0organizaci\u00f3n, \u00a0fomento, \u00a0promoci\u00f3n, direcci\u00f3n y \u00a0financiaci\u00f3n \u00a0del \u00a0concierto, moldeando diferentes penas seg\u00fan la ponderaci\u00f3n \u00a0del \u00a0aporte que se traduce en un mayor desvalor de la conducta y en un juicio de \u00a0exigibilidad \u00a0personal \u00a0y \u00a0social \u00a0mucho m\u00e1s dr\u00e1stico para quien efectivamente \u00a0organiza, \u00a0fomenta, \u00a0promueve, \u00a0arma o financia el concierto para delinquir, que \u00a0para \u00a0 \u00a0 quien \u00a0 \u00a0 s\u00f3lo \u00a0 \u00a0 lo \u00a0 \u00a0acuerda\u201d \u00a0 \u00a031 \u00a0\u00a0<\/p>\n<p>\u00a0 \u00a0<\/p>\n<p>\u00a0 \u00a0\u00a0 \u00a0\u00a0 \u00a0\u00a0Ahora \u00a0bien, \u00a0la \u00a0descripci\u00f3n de la conducta que hace el legislador \u00a0en \u00a0el segundo aparte del art\u00edculo 340 del c\u00f3digo penal, permite asumir que la \u00a0prohibici\u00f3n \u00a0se \u00a0dirige \u00a0a \u00a0evitar los riesgos contra la seguridad p\u00fablica que \u00a0pueden \u00a0surgir al \u201cpromover\u201d grupos armados al margen de la ley, entre otras \u00a0posibilidades, \u00a0con \u00a0motivo \u00a0de \u00a0la \u00a0alianza \u00a0entre \u00a0pol\u00edticos y organizaciones \u00a0criminales \u00a0o \u00a0aparatos \u00a0organizados \u00a0de poder, pero sin que ello signifique que \u00a0esa \u00a0intervenci\u00f3n \u00a0le \u00a0confiera status pol\u00edtico a una conducta entrelazada con \u00a0la seguridad p\u00fablica y no con el orden constitucional, pues: \u00a0\u00a0<\/p>\n<p>\u201cComo \u00a0corresponde \u00a0a la realidad de las \u00a0cosas, \u00a0n\u00f3tese \u00a0que \u00a0el \u00a0acuerdo \u00a0de voluntades para promover grupos armados al \u00a0margen \u00a0de la ley no requiere de cualificaciones especiales en el sujeto agente, \u00a0aun \u00a0cuando \u00a0s\u00ed \u00a0resulta muy significativo, para lo que ahora importa, el que a \u00a0\u00e9l \u00a0concurran \u00a0representantes \u00a0de \u00a0grupos \u00a0de \u00a0autodefensa \u00a0o \u00a0paramilitares \u00a0y \u00a0pol\u00edticos \u00a0del \u00a0orden \u00a0local \u00a0o regional. Tal vez por eso, desde la perspectiva \u00a0que \u00a0mira m\u00e1s a los gestores del acuerdo que a la conducta misma, se piensa que \u00a0por \u00a0concurrir actores pol\u00edticos el acuerdo se convierte en pol\u00edtico, en lugar \u00a0del \u00a0com\u00fan \u00a0que \u00a0se define por el contenido de la conducta y por su finalidad y \u00a0no \u00a0 \u00a0por \u00a0 \u00a0los \u00a0 \u00a0actores \u00a0 \u00a0del \u00a0 \u00a0mismo\u201d. \u00a0 32 \u00a0\u00a0<\/p>\n<p>4.2. Respecto de la \u00a0presencia \u00a0y \u00a0dominio paramilitar en la regi\u00f3n de Bol\u00edvar, tal como lo afirm\u00f3 \u00a0la \u00a0Fiscal\u00eda con base en el caudal probatorio allegado al plenario y pese a que \u00a0no \u00a0se \u00a0discuti\u00f3 \u00a0en \u00a0el proceso ni fue tema de debate en los alegatos finales, \u00a0a\u00fan \u00a0 as\u00ed \u00a0es \u00a0de \u00a0p\u00fablico \u00a0conocimiento \u00a0que \u00a0desde \u00a0el \u00a0a\u00f1o \u00a01996 \u00a0en \u00a0los \u00a0departamentos \u00a0del \u00a0norte \u00a0colombiano, \u00a0entre otros, C\u00f3rdoba, Sucre, Magdalena, \u00a0Cesar \u00a0y \u00a0para \u00a0el \u00a0caso \u00a0que \u00a0ocupa \u00a0ahora \u00a0la \u00a0atenci\u00f3n de la Sala, Bol\u00edvar, \u00a0actuaron \u00a0grupos armados al margen de la ley que se unieron inicialmente bajo la \u00a0denominaci\u00f3n \u00a0de \u00a0\u201cAutodefensas\u201d con independencia federal o regional y con \u00a0dirigentes \u00a0relativamente \u00a0aut\u00f3nomos, \u00a0que \u00a0posteriormente \u00a0se \u00a0convirtieron en \u00a0\u201cAutodefensas \u00a0Unidas \u00a0de \u00a0Colombia\u201d, \u00a0AUC, lideradas por la llamada \u201cCasa \u00a0Casta\u00f1o\u201d, \u00a0que \u00a0bajo \u00a0el pretexto de la lucha antisubversiva, se involucraron \u00a0en \u00a0la \u00a0regi\u00f3n \u00a0y \u00a0en \u00a0connivencia \u00a0con \u00a0no \u00a0pocas \u00a0autoridades \u00a0de todo orden, \u00a0perpetraron \u00a0 \u00a0toda \u00a0 \u00a0clase \u00a0 \u00a0de \u00a0 delitos, \u00a0 algunos \u00a0 de \u00a0 estos \u00a0 de \u00a0 lesa \u00a0humanidad. \u00a0\u00a0<\/p>\n<p>\u00a0 \u00a0\u00a0 \u00a0\u00a0 \u00a0\u00a0Para \u00a0ello, \u00a0hicieron \u00a0alianzas, \u00a0pactos, \u00a0acuerdos \u00a0y toda clase de \u00a0contubernios \u00a0con \u00a0la clase dirigente de la regi\u00f3n y con el fin de afianzar sus \u00a0acciones \u00a0belicistas \u00a0y criminales apoyaron gran cantidad de l\u00edderes pol\u00edticos \u00a0a \u00a0 los \u00a0 cargos \u00a0 de \u00a0 elecci\u00f3n \u00a0 popular, \u00a0 del \u00a0 nivel \u00a0 local, \u00a0regional \u00a0y \u00a0nacional. \u00a0\u00a0<\/p>\n<p>\u00a0 \u00a0\u00a0 \u00a0\u00a0 \u00a0\u00a0En \u00a0 \u00a0estas \u00a0 regiones \u00a0 de \u00a0 la \u00a0 geograf\u00eda \u00a0 nacional \u00a0 llegaron, \u00a0permanecieron, \u00a0se \u00a0mantuvieron \u00a0y \u00a0se \u00a0impusieron por la fuerza de la violencia \u00a0estos \u00a0 grupos \u00a0ilegales, \u00a0que \u00a0posteriormente \u00a0se \u00a0conformaron \u00a0como \u00a0una \u00a0sola \u00a0agrupaci\u00f3n \u00a0bajo la denominaci\u00f3n de AUC, y poco a poco fueron interfiriendo no \u00a0s\u00f3lo \u00a0en el aspecto social, sino tambi\u00e9n cultural y especialmente pol\u00edtico de \u00a0las \u00a0regiones, \u00a0pretendiendo con ello llevar a feliz t\u00e9rmino lo que denominaron \u00a0\u201cproyecto \u00a0 paramilitar\u201d, \u00a0motivo \u00a0por \u00a0el \u00a0cual \u00a0dieron \u00a0su \u00a0aval \u00a0y \u00a0apoyo \u00a0irrestricto \u00a0 a \u00a0diversos \u00a0l\u00edderes, \u00a0introduci\u00e9ndose \u00a0de \u00a0esta \u00a0manera \u00a0en \u00a0la \u00a0actividad \u00a0proselitista de la comunidad. \u00a0\u00a0 \u00a0 \u00a0\u00a0 \u00a0 \u00a0\u00a0<\/p>\n<p>\u00a0 \u00a0\u00a0 \u00a0\u00a0 \u00a0\u00a0Sobre \u00a0 esta \u00a0 intervenci\u00f3n \u00a0 e \u00a0 injerencia \u00a0pol\u00edtica, \u00a0han \u00a0sido \u00a0suficientemente \u00a0expl\u00edcitos \u00a0a \u00a0trav\u00e9s \u00a0de \u00a0toda \u00a0la actuaci\u00f3n los diferentes \u00a0deponentes, \u00a0 quienes \u00a0 al \u00a0 un\u00edsono \u00a0 fueron \u00a0 contestes \u00a0 en \u00a0asegurar \u00a0dicho \u00a0acontecimiento. \u00a0 \u00a0 \u00a0\u00a0 \u00a0 \u00a0 \u00a0\u00a0 \u00a0 \u00a0 \u00a0 \u00a0\u00a0 \u00a0\u00a0<\/p>\n<p>\u00a0 \u00a0\u00a0 \u00a0\u00a0 \u00a0\u00a0Al \u00a0respecto, m\u00edrese ejemplo lo que manifest\u00f3 el propio comandante \u00a0Mancuso \u00a0en \u00a0diligencia \u00a0de \u00a0versi\u00f3n \u00a0libre expuesta en el marco del proceso de \u00a0Justicia \u00a0y \u00a0Paz, \u00a0en \u00a0donde \u00a0el \u00a0compromiso \u00a0principal \u00a0era el de esclarecer la \u00a0verdad, a lo cual se empe\u00f1\u00f3 seriamente: \u00a0\u00a0<\/p>\n<p>\u201c\u2026Le hab\u00eda \u00a0dicho \u00a0que \u00a0hab\u00edamos \u00a0hecho \u00a0unos \u00a0pactos con congresistas para la elecci\u00f3n de \u00a0alcaldes, \u00a0gobernadores, \u00a0especialmente \u00a0para alcalde de Monter\u00eda, Gobernaci\u00f3n \u00a0de \u00a0C\u00f3rdoba \u00a0en \u00a0el \u00a02003, \u00a0en \u00a0las \u00a0cuales \u00a0se \u00a0hizo \u00a0una \u00a0alianza con Juancho \u00a0L\u00f3pez\u2026y \u00a0cuando \u00a0me \u00a0refiero \u00a0a \u00a0nuestros \u00a0congresistas hay unos elegidos por \u00a0nosotros \u00a0 \u00a0 directamente\u2026se \u00a0 \u00a0 hicieron \u00a0 \u00a0 alianzas \u00a0 \u00a0 en \u00a0 \u00a0C\u00f3rdoba\u2026en \u00a0Sucre\u2026\u201d \u00a0\u00a0<\/p>\n<p>Lleg\u00f3 \u00a0a \u00a0tal \u00a0punto \u00a0la \u00a0injerencia \u00a0y el \u00a0dominio \u00a0paramilitar \u00a0en \u00a0la \u00a0pol\u00edtica local, regional y nacional que, tal como \u00a0fue \u00a0p\u00fablicamente \u00a0conocido \u00a0a \u00a0trav\u00e9s \u00a0de \u00a0todos los medios de comunicaci\u00f3n, \u00a0Mancuso \u00a0asegur\u00f3 que las autodefensas ten\u00edan al treinta y cinco por ciento del \u00a0Congreso. \u00a0\u00a0<\/p>\n<p>\u00a0 \u00a0 \u00a0 \u00a0 \u00a0<\/p>\n<p>Tambi\u00e9n \u00a0 la \u00a0 declaraci\u00f3n \u00a0 del \u00a0 hoy \u00a0desmovilizado \u00a0Edward Cobos T\u00e9llez, mejor conocido como \u201cDiego Vecino\u201d a la \u00a0saz\u00f3n \u00a0comandante \u00a0del \u00a0bloque \u201cMontes de Mar\u00eda\u201d ubicado en la zona centro \u00a0norte \u00a0del \u00a0departamento \u00a0de \u00a0Bol\u00edvar, testimonio rendido dentro del expediente \u00a026926 \u00a0y \u00a0cuyos \u00a0apartes se le pusieron de presente al investigado al momento de \u00a0rendir \u00a0diligencia \u00a0de \u00a0indagatoria, \u00a0permite \u00a0concluir \u00a0sobre \u00a0tal penetraci\u00f3n \u00a0paramilitar \u00a0en \u00a0la \u00a0vida pol\u00edtica de dicha regi\u00f3n Caribe, pues relat\u00f3, entre \u00a0otros hechos, lo siguiente: \u00a0\u00a0<\/p>\n<p>\u201c\u2026tengo que \u00a0declararle \u00a0y \u00a0reconocerle \u00a0a \u00a0la \u00a0Honorable \u00a0Corte \u00a0que \u00a0efectivamente nosotros \u00a0ten\u00edamos \u00a0un trabajo que llamamos los acumulados solidarios de esas comunidades \u00a0que \u00a0hab\u00edan \u00a0venido \u00a0realizando \u00a0desde \u00a0el \u00a0a\u00f1o \u00a02000, \u00a0cuando \u00a0el \u00a0comandante \u00a0\u201cJuancho \u00a0Dique\u201d jefe militar y comandante del estamento militar de esa zona \u00a0de \u00a0Bol\u00edvar \u00a0uno de los frentes que comprende al Bloque Montes de Mar\u00eda\u2026pues \u00a0paralelo \u00a0a \u00a0ello \u00a0era \u00a0hacer \u00a0una \u00a0presencia \u00a0social, \u00a0hacerle \u00a0entender \u00a0a las \u00a0comunidades \u00a0que \u00a0el \u00a0paso de las autodefensas, era una labor social, que ten\u00eda \u00a0que \u00a0 tener \u00a0 representaci\u00f3n \u00a0 directa, \u00a0 para \u00a0 que \u00a0 de \u00a0 esas \u00a0 forma \u00a0hacer \u00a0pol\u00edtica\u2026\u201d (fl.33 c.o.4). \u00a0\u00a0<\/p>\n<p>Fue tan notoria y permanente esa injerencia \u00a0paramilitar \u00a0en \u00a0la \u00a0vida \u00a0pol\u00edtica \u00a0de \u00a0la regi\u00f3n de Bol\u00edvar que incluso con \u00a0posterioridad \u00a0a \u00a0los \u00a0hechos \u00a0aqu\u00ed \u00a0investigados, \u00a0se \u00a0continu\u00f3 \u00a0por parte de \u00a0algunos \u00a0de \u00a0sus \u00a0cabecillas o comandantes -pese a la pol\u00edtica gubernamental de \u00a0desmonte \u00a0y \u00a0desmovilizaci\u00f3n-, la actividad encaminada a llevar a los cargos de \u00a0elecci\u00f3n \u00a0popular \u00a0especialmente \u00a0del Congreso de la Rep\u00fablica a personajes de \u00a0su \u00a0entera \u00a0confianza, \u00a0con \u00a0el \u00a0fin \u00a0de \u00a0que \u00a0desde \u00a0all\u00ed \u00e9stos trabajaran en \u00a0beneficio de sus protervas intenciones. \u00a0\u00a0<\/p>\n<p>Al \u00a0punto \u00a0que \u00a0el \u00a0Fiscal Delegado ante la \u00a0Corte \u00a0Suprema \u00a0de \u00a0Justicia que condujo la investigaci\u00f3n desde un comienzo, en \u00a0el \u00a0calificatorio, \u00a0hizo menci\u00f3n a las llamadas telef\u00f3nicas que se encontraron \u00a0grabadas \u00a0 en \u00a0 el \u00a0 computador \u00a0 incautado \u00a0a \u00a0alias \u00a0\u201cAntonio\u201d33, \u00a0hombre \u00a0de \u00a0confianza \u00a0del \u00a0comandante \u00a0paramilitar alias \u201cJorge 40\u201d, no para determinar \u00a0con \u00a0 \u00a0\u00e9stas \u00a0 \u00a0\u201cprueba \u00a0 de \u00a0 cargo \u00a0 contra \u00a0 el \u00a0sindicado\u201d34, \u00a0 sino \u00a0 tan \u00a0 s\u00f3lo \u00a0para \u00a0\u201cverificar \u00a0la \u00a0existencia \u00a0de \u00a0los \u00a0mecanismos \u00a0de \u00a0penetraci\u00f3n \u00a0y \u00a0captura \u00a0del \u00a0estado, \u00a0en \u00a0principio de las ramas legislativa y \u00a0ejecutiva, \u00a0del \u00a0poder \u00a0a trav\u00e9s de la puesta de presente de las conversaciones \u00a0telef\u00f3nicas \u00a0encontradas \u00a0en la memoria del referido computador de alias \u201cdon \u00a0Antonio\u201d, \u00a0en \u00a0donde \u00a0se \u00a0detallan \u00a0e \u00a0ilustran \u00a0los \u00a0intentos \u00a0de \u00a0compra \u00a0de \u00a0candidatos \u00a0de \u00a0varios partidos, as\u00ed como la presunta tentativa de alianza a su \u00a0proyecto \u00a0 pol\u00edtico\u2026\u201d35. \u00a0\u00a0<\/p>\n<p>\u00a0 \u00a0\u00a0 \u00a0\u00a0 \u00a0\u00a0El \u00a0an\u00e1lisis relacionado con tales interceptaciones telef\u00f3nicas no \u00a0fue \u00a0objeto de apelaci\u00f3n y tampoco de pronunciamiento por el Vicefiscal General \u00a0de \u00a0la \u00a0Naci\u00f3n \u00a0en su calidad de segunda instancia, por cuya raz\u00f3n entiende la \u00a0Sala \u00a0hacen \u00a0parte \u00a0de \u00a0la \u00a0resoluci\u00f3n \u00a0de acusaci\u00f3n, obviamente en las mismas \u00a0condiciones \u00a0jur\u00eddicas \u00a0all\u00ed \u00a0expuestas. \u00a0En \u00a0consecuencia, \u00a0bien \u00a0pueden \u00a0ser \u00a0tenidas \u00a0como \u00a0evidencia \u00a0de la efectiva y real penetraci\u00f3n de las autodefensas \u00a0en \u00a0la pol\u00edtica regional y nacional, pues all\u00ed se deja entrever c\u00f3mo, a\u00fan en \u00a0recientes \u00a0elecciones \u00a0para \u00a0Congreso (2006), exist\u00eda el manejo e interferencia \u00a0paramilitar, \u00a0con \u00a0fines \u00a0obviamente protervos, pues de lo que se trataba era de \u00a0llevar \u00a0 \u00a0a \u00a0 \u00a0esas \u00a0 \u00a0instancias \u00a0 \u00a0del \u00a0 \u00a0poder \u00a0 a \u00a0 sus \u00a0 representantes \u00a0 y \u00a0allegados. \u00a0\u00a0<\/p>\n<p>Es decir, con estas grabaciones telef\u00f3nicas \u00a0se \u00a0puede \u00a0evidenciar el proyecto de penetraci\u00f3n pol\u00edtica de las AUC, apoyando \u00a0la \u00a0adhesi\u00f3n de todo tipo de candidatos a esas intenciones que siempre tuvieron \u00a0como bandera las autodefensas. \u00a0\u00a0<\/p>\n<p>\u00a0 \u00a0 \u00a0 \u00a0 \u00a0<\/p>\n<p>Incluso \u00a0en \u00a0dichas \u00a0conversaciones se hace \u00a0referencia \u00a0a \u00a0algunos \u00a0personajes \u00a0que rindieron testimonio de descargo aqu\u00ed y \u00a0pretenden \u00a0ser \u00a0fuente de verdad, cuando all\u00ed se denota su connivencia con esta \u00a0agrupaci\u00f3n \u00a0armada \u00a0ilegal, \u00a0que \u00a0los \u00a0hace \u00a0por \u00a0lo \u00a0menos \u00a0testigos \u00a0bastante \u00a0sospechosos, \u00a0como \u00a0es el caso del dirigente pol\u00edtico Luis Daniel Vargas, quien \u00a0se \u00a0desempe\u00f1aba como Gobernador de Bol\u00edvar precisamente para el momento de los \u00a0hechos, esto es, durante la etapa proselitista del a\u00f1o 2003. \u00a0\u00a0<\/p>\n<p>Puede entonces colegirse que buena parte de \u00a0la \u00a0pol\u00edtica regional estaba comprometida con estos grupos al margen de la ley. \u00a0V\u00e9ase \u00a0la \u00a0transcripci\u00f3n \u00a0que \u00a0se \u00a0realiz\u00f3 de algunas de estas conversaciones \u00a0entre \u00a0alias \u00a0\u201cAntonio\u201d \u00a0y \u00a0alias \u00a0\u201cPiter\u201d, \u00a0que permiten corroborar tal \u00a0afirmaci\u00f3n: \u00a0\u00a0<\/p>\n<p>\u201c\u2026No, \u00a0ah\u00ed \u00a0ah\u00ed \u00a0lo \u00a0que \u00a0hay es que particip\u00e1 (sic), \u00a0pero \u00a0uno tambi\u00e9n siendo conciente que, que\u2026hasta un punto, o \u00a0sea \u00a0todas \u00a0maneras \u00a0pa \u00a0no \u00a0quedarse por fuera, vienen por delante cuatro a\u00f1os \u00a0m\u00e1s \u00a0y \u00a0no \u00a0vale \u00a0la \u00a0pena quedarse uno por fuera, cualquier cosa que uno pueda \u00a0hacer, \u00a0como \u00a0te digo, por LUIS DANIEL, por VICENTE votar por lo menos pa que el \u00a0d\u00eda \u00a0de \u00a0ma\u00f1ana le toque las puertas y ellos\u2026de verdad este man alguna vaina \u00a0hizo, \u00a0entonces, hay es que ponerse pilas r\u00e1pidamente a ver que se puede hacer, \u00a0que \u00a0tambi\u00e9n \u00a0sea \u00a0significativo, pues los manes tambi\u00e9n lo tengan en cuenta y \u00a0lo \u00a0 \u00a0valoren \u00a0 \u00a0en \u00a0 \u00a0su \u00a0 momento\u2026\u201d36. \u00a0\u00a0<\/p>\n<p>\u00a0 \u00a0\u00a0 \u00a0\u00a0 \u00a0\u00a0Sigue hablando alias \u201cPiter\u201d, con \u201cAntonio\u201d: \u00a0\u00a0<\/p>\n<p>\u00a0 \u00a0 \u00a0 \u00a0 \u00a0<\/p>\n<p>\u201c\u2026Pero \u00a0deje \u00a0claro \u00a0ese \u00a0d\u00eda me dijo \u00a0Peter \u00a0t\u00fa \u00a0sabes que conmigo no tienes problema, hay que, si esto es verdad que \u00a0me \u00a0tas diciendo que no est\u00e1s moviendo la parte pol\u00edtica pa donde don Antonio, \u00a0pa \u00a0la gente Cuarenta, entonces term\u00edname lo que t\u00fa me vendiste, las ideas que \u00a0t\u00fa \u00a0me vendiste pol\u00edticamente que es que JUAN MEJ\u00cdA\u00a0 a la C\u00e1mara y LUIS \u00a0DANIEL \u00a0VARGAS \u00a0al \u00a0Senado, \u00a0o \u00a0mejor dicho, ponte al frente con JUAN MEJ\u00cdA\u2026y \u00a0estoy \u00a0en \u00a0ese \u00a0proceso, \u00a0que \u00a0xxxx \u00a0me \u00a0manda \u00a0dec\u00ed \u00a0don Diego Vecino con JUAN \u00a0MEJ\u00cdA?, \u00a0Pitere, \u00a0necesito que hable con VICENTE BLEL, con WILLIAM MONTES y con \u00a0LUIS \u00a0DANIEL, \u00a0el compromiso fue de quince mil votos para MURIEL BENITO REBOLLO, \u00a0REBOLLO \u00a0de \u00a0Sucre y quince mil votos para negoci\u00e1 con cualquiera de estos tres \u00a0Senadores, \u00a0 le \u00a0 hice \u00a0 la \u00a0 vuelta \u00a0 esa, \u00a0 ayer \u00a0 habl\u00e9 \u00a0 con\u2026\u201d37. \u00a0\u00a0<\/p>\n<p>Como \u00a0viene \u00a0de \u00a0verse, \u00a0sin \u00a0que haya sido \u00a0siquiera \u00a0motivo \u00a0de \u00a0controversia \u00a0o \u00a0discusi\u00f3n, \u00a0se \u00a0prob\u00f3 \u00a0y se ha aceptado \u00a0incluso \u00a0pac\u00edficamente \u00a0por \u00a0los sujetos procesales, que en muchas regiones del \u00a0pa\u00eds, \u00a0incluyendo \u00a0por \u00a0supuesto \u00a0el \u00a0departamento \u00a0de \u00a0Bol\u00edvar, se mantuvo la \u00a0presencia \u00a0 paramilitar \u00a0 desde \u00a0 mediados \u00a0 de \u00a0 los \u00a0a\u00f1os \u00a0noventa, \u00a0con \u00a0sus \u00a0consecuencias \u00a0l\u00f3gicas \u00a0ya \u00a0conocidas, \u00a0como \u00a0fue \u00a0el atropello permanente a la \u00a0poblaci\u00f3n \u00a0civil, \u00a0la \u00a0comisi\u00f3n de delitos de lesa humanidad, la direcci\u00f3n de \u00a0la \u00a0vida social, cultural y principalmente pol\u00edtica, influenciando y dirigiendo \u00a0las \u00a0diversas \u00a0y consecutivas actividades proselitistas, con el exclusivo fin de \u00a0llevar \u00a0a \u00a0los \u00a0cargos \u00a0de \u00a0elecci\u00f3n \u00a0popular a personajes de su predilecci\u00f3n, \u00a0entre \u00a0otros, \u00a0la reconocida Eleonora Pineda -quien es protagonista principal de \u00a0los \u00a0hechos \u00a0objeto \u00a0de \u00a0juzgamiento-, \u00a0Roc\u00edo \u00a0Arias, \u00a0y \u00a0muchos otros, que les \u00a0permitieron \u00a0 a \u00a0 los \u00a0 comandantes \u00a0 paramilitares \u00a0 como \u00a0 Mancuso \u00a0 vociferar \u00a0p\u00fablicamente \u00a0en \u00a0todos \u00a0los \u00a0medios \u00a0de \u00a0comunicaci\u00f3n \u00a0y ante la comunidad en \u00a0general \u00a0que \u00a0\u201clas Autodefensas ten\u00edan el 35% del Congreso\u201d, expresi\u00f3n que \u00a0seguramente ning\u00fan colombiano desconoce. \u00a0\u00a0<\/p>\n<p>4.3. \u00a0Visto \u00a0lo \u00a0anterior, \u00a0igualmente fue tema de arduo debate probatorio lo relacionado con las \u00a0reuniones \u00a0en las que hizo presencia el acusado Vicente \u00a0Blel Saad y personas de las autodefensas. \u00a0\u00a0<\/p>\n<p>La primera de estas reuniones fue la llevada \u00a0a \u00a0cabo \u00a0en \u00a0el municipio de Barranco de Loba ubicado al sur del departamento de \u00a0Bol\u00edvar, \u00a0respecto de la cual se afirma que se quer\u00eda elegir al candidato a la \u00a0gobernaci\u00f3n \u00a0para el a\u00f1o 2003, y fue organizada por las mismas autodefensas de \u00a0la regi\u00f3n sure\u00f1a. \u00a0\u00a0<\/p>\n<p>Pretende \u00a0la \u00a0defensa \u00a0e \u00a0incluso el propio \u00a0acusado, \u00a0hacer \u00a0creer que su presencia all\u00ed no lo vincula con grupos al margen \u00a0de \u00a0la \u00a0ley, pues no pact\u00f3, no habl\u00f3, no expuso nada, no acept\u00f3 acuerdos y ni \u00a0siquiera \u00a0demor\u00f3 \u00a0m\u00e1s \u00a0de \u00a0media hora en el lugar, todo lo cual no deja de ser \u00a0una manifestaci\u00f3n ajena a la l\u00f3gica y a la sana cr\u00edtica. \u00a0\u00a0<\/p>\n<p>En \u00a0efecto, fue el mismo encartado quien en \u00a0diligencia \u00a0de \u00a0indagatoria \u00a0relat\u00f3 las grandes dificultades que conlleva hacer \u00a0un \u00a0viaje \u00a0hacia \u00a0dicho municipio, pues dijo:\u201c\u2026ese \u00a0d\u00eda \u00a0viajamos \u00a0hasta \u00a0el \u00a0Banco \u00a0Magdalena, en un chance a\u00e9reo, hasta el Banco \u00a0llegamos\u2026alrededor \u00a0de \u00a0las diez de la ma\u00f1ana, posteriormente\u2026y viajamos en \u00a0una \u00a0chalupa \u00a0hasta el municipio de Barranco queda a una distancia de 45 minutos \u00a0en \u00a0chalupa cruzando el Magdalena y el brazo de loba, cuando llegamos a Barranco \u00a0de \u00a0Loba \u00a0era \u00a0alrededor de medio d\u00eda, hab\u00eda presencia de fuerza p\u00fablica\u2026la \u00a0reuni\u00f3n \u00a0se \u00a0celebr\u00f3 \u00a0en \u00a0una \u00a0finca \u00a0que quedaba a las afueras de la cabecera \u00a0municipal \u00a0a \u00a0una \u00a0distancia \u00a0m\u00e1s \u00a0o \u00a0menos \u00a0de \u00a05 \u00a0kil\u00f3metros, como no hab\u00eda \u00a0veh\u00edculo \u00a0en \u00a0ese momento\u2026yo viaj\u00e9 en un chance en una motocicleta\u2026llegu\u00e9 \u00a0a \u00a0la \u00a0finca alrededor de las doce y cuarto, me lav\u00e9 la cabeza y la cara porque \u00a0llegu\u00e9 \u00a0 empolvado, \u00a0salud\u00e9\u2026quiero \u00a0resaltar \u00a0que \u00a0yo \u00a0en \u00a0esa \u00a0finca \u00a0dur\u00e9 \u00a0aproximadamente \u00a0unos \u00a0treinta minutos\u2026no particip\u00e9, ni hice ning\u00fan acuerdo, \u00a0ni \u00a0supe \u00a0de \u00a0qu\u00e9 \u00a0se \u00a0trat\u00f3 \u00a0la \u00a0reuni\u00f3n porque me vine antes de comenzar la \u00a0reuni\u00f3n \u00a0y \u00a0no \u00a0s\u00e9 \u00a0que \u00a0otros \u00a0dirigentes \u00a0de \u00a0la regi\u00f3n del sur de Bol\u00edvar \u00a0asistieron\u2026\u201d38. \u00a0\u00a0<\/p>\n<p>Posteriormente, en audiencia p\u00fablica cont\u00f3 \u00a0las \u00a0 vicisitudes \u00a0y \u00a0pormenores \u00a0que \u00a0implican \u00a0un \u00a0viaje \u00a0por \u00a0los \u00a0diferentes \u00a0municipios \u00a0del departamento de Bol\u00edvar, al punto que \u00e9l mismo dijo no conocer \u00a0toda \u00a0la \u00a0geograf\u00eda \u00a0de \u00e9ste y al referirse al municipio de marras en donde se \u00a0llev\u00f3 \u00a0a \u00a0cabo \u00a0la primera reuni\u00f3n, dijo: \u201c\u2026a la \u00a0reuni\u00f3n \u00a0me fui y me devolv\u00ed en avi\u00f3n, para llegar a Barranco de Loba hay que \u00a0ir \u00a0primero \u00a0al \u00a0municipio \u00a0del \u00a0Banco (Magdalena), de ah\u00ed coger una lancha que \u00a0dura \u00a0media \u00a0hora \u00a0hasta \u00a0Barranco de Loba y de ah\u00ed al sitio de la reuni\u00f3n hay \u00a0como \u00a0dos kil\u00f3metros y medio, unos se fueron a pie otros en moto, porque carros \u00a0no hay\u2026\u201d (min.01:19:30\u2026) \u00a0\u00a0<\/p>\n<p>\u00a0 \u00a0\u00a0 \u00a0\u00a0 \u00a0\u00a0No \u00a0resulta \u00a0l\u00f3gico \u00a0ni \u00a0acorde al sentido com\u00fan, que un dirigente \u00a0pol\u00edtico, \u00a0como \u00a0Blel \u00a0Saad, \u00a0despu\u00e9s \u00a0de \u00a0haber \u00a0hecho \u00a0todo \u00a0el \u00a0trayecto por \u00e9l mencionado para llegar al \u00a0sitio \u00a0de \u00a0reuni\u00f3n, \u00a0decida, \u00a0sin \u00a0raz\u00f3n \u00a0aparente, \u00a0permanecer \u00a0tan \u00a0s\u00f3lo 30 \u00a0minutos, \u00a0es \u00a0decir, \u00a0retirarse \u00a0de all\u00ed sin ni siquiera haberse iniciado dicha \u00a0reuni\u00f3n, \u00a0de \u00a0suma \u00a0importancia pol\u00edtica como que se debat\u00eda la aspiraci\u00f3n a \u00a0la \u00a0candidatura \u00a0para \u00a0la \u00a0pr\u00f3xima \u00a0gobernaci\u00f3n \u00a0del \u00a0departamento, en la cual \u00a0ten\u00eda \u00a0 Blel \u00a0puestas \u00a0sus \u00a0esperanzas \u00a0y \u00a0anhelos, \u00a0pues \u00a0apoyaba \u00a0al \u00a0rival \u00a0de quien seguramente saldr\u00eda \u00a0escogido de esa reuni\u00f3n. \u00a0\u00a0<\/p>\n<p>\u00a0 \u00a0\u00a0 \u00a0\u00a0 \u00a0\u00a0Si \u00a0se \u00a0analiza \u00a0el \u00a0motivo \u00a0de \u00a0la \u00a0reuni\u00f3n y el inicial y extenso \u00a0discurso \u00a0de \u00a0\u201cErnesto \u00a0B\u00e1ez\u201d, \u00a0as\u00ed \u00a0como \u00a0las \u00a0personas \u00a0citantes \u00a0y \u00a0sus \u00a0intervinientes, \u00a0se \u00a0puede \u00a0concluir que era all\u00ed en donde se pretend\u00eda elegir \u00a0al \u00a0candidato \u00a0\u00fanico \u00a0que por el sur de Bol\u00edvar ir\u00eda a la contienda electoral \u00a0para \u00a0las \u00a0elecciones \u00a0del departamento en el a\u00f1o 2003, por cuya raz\u00f3n resulta \u00a0obvio \u00a0 entender \u00a0que \u00a0Vicente \u00a0Blel \u00a0Saad \u00a0durante \u00a0todo \u00a0el \u00a0desarrollo \u00a0de la reuni\u00f3n y, no s\u00f3lo en media \u00a0hora, \u00a0logr\u00f3 darse cuenta de que su candidato, Libardo Simancas, quien aspiraba \u00a0al \u00a0mismo \u00a0cargo \u00a0de elecci\u00f3n popular, ten\u00eda grandes dificultades, pues L\u00f3pez \u00a0Cossio \u00a0 candidato \u00a0del \u00a0sur, \u00a0era \u00a0apoyado \u00a0directamente \u00a0por \u00a0los \u00a0comandantes \u00a0paramilitares \u00a0alias \u00a0\u201cErnesto \u00a0B\u00e1ez\u201d \u00a0y \u00a0\u201cDiego \u00a0Vecino\u201d y llevaba una \u00a0peligrosa delantera frente al otro candidato. \u00a0\u00a0<\/p>\n<p>\u00a0 \u00a0\u00a0 \u00a0\u00a0 \u00a0\u00a0De \u00a0todo \u00a0ello \u00a0dieron \u00a0cuenta, \u00a0entre \u00a0otros, \u00a0el \u00a0mismo comandante \u00a0\u201cB\u00e1ez\u201d quien afirm\u00f3: \u00a0\u00a0<\/p>\n<p>\u201c\u2026En el sur de \u00a0Bol\u00edvar \u00a0ocurri\u00f3 \u00a0una \u00a0cosa \u00a0simp\u00e1tica. Yo llego al sur de Bol\u00edvar a finales \u00a0del \u00a0a\u00f1o \u00a02000\u2026reci\u00e9n \u00a0creado \u00a0el \u00a0Bloque \u00a0para \u00a0la \u00a0creaci\u00f3n \u00a0de una parte \u00a0pol\u00edtica. \u00a0Estamos \u00a0all\u00ed en el a\u00f1o 2001, fue muy dram\u00e1tico de todo por el no \u00a0despeje\u2026ese \u00a0movimiento\u2026lleg\u00f3 \u00a0a tener cuarenta municipios\u2026cuando pasaron \u00a0las \u00a0elecciones \u00a0parlamentarias \u00a0y \u00a0vinieron \u00a0las \u00a0otras \u00a0para \u00a0gobernador y del \u00a02003\u2026hubo \u00a0muchos \u00a0problemas\u2026la \u00a0gente \u00a0del sur de Bol\u00edvar se inclinaba por \u00a0apoyar \u00a0un candidato que fuera de esa regi\u00f3n, era el doctor L\u00f3pez Cossio, y la \u00a0gente \u00a0del \u00a0norte \u00a0de Bol\u00edvar se inclinaba por apoyar un candidato que surgiera \u00a0de \u00a0la \u00a0capital \u00a0Cartagena. M\u00e1s o menos ese ha sido el modelo que ha operado en \u00a0las \u00a0elecciones de un departamento con tantos contrastes pol\u00edticos, econ\u00f3micos \u00a0y \u00a0sociales como es Bol\u00edvar. Entonces yo siempre fui un opositor terrible\u2026del \u00a0centralismo \u00a0no \u00a0s\u00f3lo de Bogot\u00e1 sino el que ejercen las capitales con respecto \u00a0a \u00a0las \u00a0provincias \u00a0del departamento\u2026en Cartagena se deciden las elecciones de \u00a0Bol\u00edvar\u2026\u201d39. \u00a0\u00a0<\/p>\n<p>Por \u00a0tanto, \u00a0no resultan atendibles en este \u00a0punto \u00a0los \u00a0alegatos \u00a0de la defensa ni del acusado, pues las pruebas obrantes en \u00a0el \u00a0proceso \u00a0indican con meridiana claridad que en el municipio Barranco de Loba \u00a0efectivamente \u00a0se \u00a0llev\u00f3 \u00a0a cabo la reuni\u00f3n en menci\u00f3n, para el mes de agosto \u00a0del \u00a0a\u00f1o \u00a02003, \u00a0con \u00a0presencia \u00a0de \u00a0las \u00a0fuerzas \u00a0vivas de la regi\u00f3n y de los \u00a0paramilitares \u00a0dominantes en la zona sur, entre otros \u201cErnesto B\u00e1ez\u201d, quien \u00a0la presidi\u00f3. \u00a0\u00a0<\/p>\n<p>\u00a0 \u00a0\u00a0 \u00a0\u00a0 \u00a0\u00a0El \u00a0 representante \u00a0del \u00a0procesado \u00a0afirm\u00f3 \u00a0que \u00a0esa \u00a0reuni\u00f3n \u00a0fue \u00a0promovida \u00a0por \u00a0la \u00a0Asociaci\u00f3n de Municipios del Sur de Bol\u00edvar, la cual es un \u00a0colectivo \u00a0 oficialmente \u00a0 reconocido \u00a0y \u00a0adem\u00e1s \u00a0legalmente \u00a0constituido, \u00a0con \u00a0posibilidad y permiso para hacer ese tipo de citaciones. \u00a0\u00a0<\/p>\n<p>\u00a0 \u00a0\u00a0 \u00a0\u00a0 \u00a0\u00a0No \u00a0se duda en ning\u00fan momento de la existencia y de la legalidad de \u00a0dicha \u00a0asociaci\u00f3n \u00a0de municipios, pero pretender, como lo hacen la defensa y el \u00a0acusado, \u00a0eliminar \u00a0del \u00a0contexto \u00a0de \u00a0la \u00a0mencionada \u00a0reuni\u00f3n \u00a0la \u00a0presencia e \u00a0injerencia \u00a0 paramilitar, \u00a0 as\u00ed \u00a0 como \u00a0 el \u00a0 m\u00f3vil \u00a0 de \u00a0 tal \u00a0acontecimiento \u00a0multitudinario, \u00a0resulta \u00a0ajeno a la realidad procesal, pues fueron los testigos \u00a0presenciales \u00a0quienes \u00a0al \u00a0un\u00edsono expresaron que la raz\u00f3n de tal reuni\u00f3n era \u00a0la \u00a0escogencia \u00a0del \u00a0candidato a la gobernaci\u00f3n de Bol\u00edvar y no fue citada por \u00a0esa \u00a0persona \u00a0jur\u00eddica sino por los mismos paramilitares en cabeza de su l\u00edder \u00a0\u201cErnesto B\u00e1ez\u201d. \u00a0\u00a0<\/p>\n<p>\u00a0 \u00a0\u00a0 \u00a0\u00a0 \u00a0\u00a0As\u00ed \u00a0lo \u00a0confirman, \u00a0entre \u00a0otros, \u00a0el \u00a0l\u00edder pol\u00edtico regional y \u00a0deponente \u00a0 \u00a0 \u00a0 \u00a0 \u00a0 \u00a0Henry \u00a0 \u00a0 \u00a0 \u00a0 \u00a0 Vargas40, \u00a0quien \u00a0al \u00a0ser interrogado \u00a0sobre \u00a0las \u00a0personas \u00a0que \u00a0convocaron el encuentro de Barranco de Loba, atin\u00f3 a \u00a0decir: \u00a0\u00a0<\/p>\n<p>\u201c\u2026hombre esa \u00a0reuni\u00f3n \u00a0fue \u00a0organizada \u00a0por las autodefensas, pr\u00e1cticamente. Una reuni\u00f3n en \u00a0donde \u00a0participaron \u00a0todas \u00a0las dirigencias, eso es una vaina\u2026eso en el sur de \u00a0Bol\u00edvar \u00a0era \u00a0normal\u2026en el 2003\u2026ahora me extra\u00f1a \u00a0que \u00a0las \u00a0autoridades \u00a0hayan \u00a0sido \u00a0permisibles \u00a0a \u00a0esa reuni\u00f3n\u2026polic\u00eda ah\u00ed \u00a0acantonada\u2026una \u00a0 \u00a0reuni\u00f3n \u00a0 \u00a0grande\u2026eso \u00a0 \u00a0era \u00a0sospechoso\u2026era \u00a0 como \u00a0Pedro \u00a0por \u00a0su \u00a0casa\u2026una \u00a0reuni\u00f3n \u00a0donde \u00a0asistieron \u00a0aproximadamente \u00a0trescientas \u00a0personas\u2026pero \u00a0bueno \u00a0tocaba \u00a0asistir\u2026era \u00a0una \u00a0convocatoria\u2026\u201d \u00a0 \u00a0(Subrayado \u00a0 \u00a0por \u00a0 la \u00a0 Sala, \u00a0min.00:06:19\u2026). \u00a0\u00a0<\/p>\n<p>\u00a0 \u00a0\u00a0 \u00a0\u00a0 \u00a0\u00a0As\u00ed \u00a0mismo, \u00a0tal \u00a0como \u00a0en \u00a0su \u00a0momento \u00a0lo \u00a0hizo el acusado, dejar \u00a0entrever \u00a0que \u00a0la \u00a0presencia \u00a0de \u00a0la \u00a0fuerza p\u00fablica hac\u00eda imposible la de los \u00a0paramilitares \u00a0en \u00a0el sitio mencionado, no deja de ser una apreciaci\u00f3n bastante \u00a0alejada \u00a0de \u00a0nuestra \u00a0realidad, pues bien es sabido que en no pocas ocasiones la \u00a0connivencia \u00a0entre paramilitares y fuerza p\u00fablica era total, y esta reuni\u00f3n no \u00a0fue \u00a0una \u00a0excepci\u00f3n. \u00a0El \u00a0testigo \u00a0Vargas \u00a0hizo referencia a ello con meridiana \u00a0claridad. \u00a0\u00a0<\/p>\n<p>Ciertamente, \u00a0la reuni\u00f3n llevada a cabo en \u00a0el \u00a0municipio bolivarense de Barranco de Loba en el mes de agosto de 2003, nadie \u00a0la \u00a0neg\u00f3 en el curso de la actuaci\u00f3n. Como lo se\u00f1al\u00f3 la Fiscal\u00eda al momento \u00a0de \u00a0proferir \u00a0la \u00a0resoluci\u00f3n de acusaci\u00f3n, de su realizaci\u00f3n puede avizorarse \u00a0c\u00f3mo \u00a0operaba \u00a0la \u00a0penetraci\u00f3n \u00a0paramilitar \u00a0en la vida pol\u00edtica y social del \u00a0departamento \u00a0de \u00a0Bol\u00edvar, \u00a0para los a\u00f1os mencionados, y aunque dicha reuni\u00f3n \u00a0no \u00a0constituye, \u00a0per se, prueba directa del delito objeto de imputaci\u00f3n, por lo \u00a0menos \u00a0s\u00ed \u00a0permite \u00a0probar \u00a0que los grupos de autodefensa hab\u00edan llegado a tal \u00a0punto \u00a0de \u00a0dominaci\u00f3n que a\u00fan habiendo hecho presencia las fuerzas vivas de la \u00a0regi\u00f3n \u00a0como \u00a0la mencionada Asociaci\u00f3n de Municipios del Sur de Bol\u00edvar, eran \u00a0aquellos \u00a0los que dispon\u00edan e impon\u00edan el desarrollo de la misma, as\u00ed como el \u00a0resultado \u00a0perseguido \u00a0con \u00a0\u00e9sta, \u00a0que \u00a0no \u00a0era \u00a0otro distinto al de escoger el \u00a0candidato \u00a0a \u00a0la \u00a0Gobernaci\u00f3n \u00a0del \u00a0departamento \u00a0para esas elecciones del a\u00f1o \u00a02003. \u00a0\u00a0<\/p>\n<p>El \u00a0 testigo \u00a0Andr\u00e9s \u00a0Ricaurte \u00a0Armesto, \u00a0profesional \u00a0oriundo \u00a0del \u00a0municipio \u00a0de \u00a0Barranco \u00a0de \u00a0Loba \u00a0(Bol\u00edvar) y quien \u00a0declar\u00f3 \u00a0 en \u00a0 la \u00a0 etapa \u00a0del \u00a0juicio \u00a0ante \u00a0el \u00a0Juzgado \u00a0Penal \u00a0del \u00a0Circuito \u00a0Especializado \u00a0de \u00a0Cartagena, \u00a0comisionado \u00a0para \u00a0el \u00a0efecto, \u00a0dijo haber estado \u00a0presente \u00a0en la reuni\u00f3n de marras en el municipio mencionado, pero asegur\u00f3 que \u00a0tan \u00a0s\u00f3lo \u00a0permaneci\u00f3 \u00a0all\u00ed \u00a0por \u00a0media \u00a0hora, \u00a0y \u00a0a \u00a0pesar \u00a0de haber visto a \u00a0Vicente \u00a0Blel, cuando sali\u00f3 \u00a0de \u00a0 all\u00ed \u00a0 ya \u00a0no \u00a0lo \u00a0vio. \u00a0Expres\u00f3 \u00a0no \u00a0constarle \u00a0sobre \u00a0la \u00a0presencia \u00a0de \u00a0paramilitares \u00a0en la reuni\u00f3n, pues no los vio uniformados y s\u00ed vio Ej\u00e9rcito y \u00a0Polic\u00eda; \u00a0de todas maneras, sostuvo que s\u00ed hab\u00eda influencia paramilitar en la \u00a0regi\u00f3n al igual que en todo el pa\u00eds. \u00a0\u00a0<\/p>\n<p>\u00a0 \u00a0\u00a0 \u00a0\u00a0 \u00a0\u00a0Al \u00a0respecto, \u00a0obs\u00e9rvese c\u00f3mo este testigo no hace referencia a la \u00a0presencia \u00a0del \u00a0comandante \u00a0\u201cB\u00e1ez\u201d, quien no s\u00f3lo inaugur\u00f3 el evento sino \u00a0adem\u00e1s \u00a0 pronunci\u00f3 \u00a0un \u00a0extenso \u00a0discurso \u00a0seg\u00fan \u00a0lo \u00a0manifestado \u00a0por \u00a0otros \u00a0deponentes, \u00a0adem\u00e1s que el hecho de no haber visto cu\u00e1ndo sali\u00f3 del evento al \u00a0doctor \u00a0Vicente Blel, ello no \u00a0implica \u00a0que \u00a0\u00e9ste \u00a0no \u00a0hubiese \u00a0estado \u00a0all\u00ed \u00a0presente, \u00a0pues \u00a0pudo retirarse \u00a0moment\u00e1neamente \u00a0del \u00a0lugar, por lo que no puede tenerse su manifestaci\u00f3n como \u00a0prueba \u00a0 \u00a0 contundente \u00a0 \u00a0 de \u00a0 \u00a0 la \u00a0 \u00a0 no \u00a0 \u00a0 presencia \u00a0 \u00a0 de \u00a0 \u00a0Blel \u00a0all\u00ed. \u00a0Fue \u00a0el \u00a0mismo acusado quien \u00a0acept\u00f3 \u00a0haber \u00a0estado \u00a0presente y, aun cuando dijo que por unos breves minutos, \u00a0tal excusa no resulta cre\u00edble por lo dicho en precedencia. \u00a0\u00a0<\/p>\n<p>\u00a0 \u00a0\u00a0 \u00a0\u00a0 \u00a0\u00a0De \u00a0la \u00a0asistencia \u00a0del \u00a0procesado \u00a0a \u00a0la \u00a0reuni\u00f3n \u00a0celebrada en el \u00a0municipio \u00a0de \u00a0Barranco \u00a0de \u00a0Loba \u00a0se \u00a0infiere \u00a0entonces \u00a0que ten\u00eda un inter\u00e9s \u00a0directo \u00a0en \u00a0la \u00a0elecci\u00f3n \u00a0del \u00a0candidato a la Gobernaci\u00f3n del departamento de \u00a0Bol\u00edvar \u00a0y \u00a0que, por tanto, ya desde ese momento estaba buscando respaldo de la \u00a0organizaci\u00f3n paramilitar para el aspirante de su predilecci\u00f3n. \u00a0\u00a0<\/p>\n<p>\u00a0 \u00a0\u00a0 \u00a0\u00a0 \u00a0\u00a04.4. Pero ese apoyo vino a concretarse con \u00a0la \u00a0reuni\u00f3n \u00a0llevada \u00a0a \u00a0cabo \u00a0en \u00a0el \u00a0corregimiento \u00a0El Caramelo situado en el \u00a0municipio \u00a0de \u00a0Tierralta \u00a0(C\u00f3rdoba), \u00a0encuentro este realizado en septiembre de \u00a02003 \u00a0en la casa de la aliada de los grupos paramilitares y entonces congresista \u00a0Eleonora \u00a0Pineda, hecho que constituye el fundamento principal de la acusaci\u00f3n. \u00a0\u00a0<\/p>\n<p>En \u00a0 efecto, \u00a0conforme \u00a0con \u00a0las \u00a0pruebas \u00a0allegadas \u00a0al \u00a0plenario, se logr\u00f3 demostrar que la finalidad de la misma no fue \u00a0otra \u00a0sino \u00a0la \u00a0de \u00a0obtener \u00a0apoyo \u00a0y \u00a0respaldo \u00a0del \u00a0l\u00edder \u00a0principal \u00a0de \u00a0las \u00a0autodefensas \u00a0de \u00a0esa \u00a0regi\u00f3n \u00a0Salvatore Mancuso G\u00f3mez, para su candidato a la \u00a0gobernaci\u00f3n \u00a0de \u00a0Bol\u00edvar \u00a0en \u00a0esas \u00a0elecciones \u00a0de \u00a02003, Libardo Simancas, en \u00a0contra \u00a0de \u00a0las \u00a0aspiraciones de Alfonso L\u00f3pez Cossio, quien pese a ser apoyado \u00a0por \u00a0 alias \u00a0 \u201cErnesto \u00a0 B\u00e1ez\u201d, \u00a0\u201cDiego \u00a0Vecino\u201d \u00a0y \u00a0otros \u00a0comandantes \u00a0paramilitares, \u00a0 \u00a0 finalmente \u00a0 \u00a0 result\u00f3 \u00a0 \u00a0perdedor \u00a0 \u00a0en \u00a0 \u00a0esa \u00a0 \u00a0contienda \u00a0electoral. \u00a0\u00a0<\/p>\n<p>Esta \u00a0tesis \u00a0central \u00a0de \u00a0la \u00a0acusaci\u00f3n se \u00a0constituy\u00f3 \u00a0en \u00a0el punto \u00e1lgido del debate, tanto en la investigaci\u00f3n como en \u00a0el \u00a0juicio, \u00a0pues \u00a0la \u00a0defensa \u00a0y el sindicado, sin negar la realizaci\u00f3n de ese \u00a0encuentro, \u00a0han \u00a0sido \u00a0enf\u00e1ticos \u00a0en \u00a0se\u00f1alar que el verdadero motivo de dicha \u00a0reuni\u00f3n \u00a0no \u00a0fue \u00a0el \u00a0esgrimido por la Fiscal\u00eda y el Ministerio P\u00fablico, sino \u00a0por \u00a0el \u00a0contrario, buscaba obtener del comandante paramilitar Salvatore Mancuso \u00a0sus \u00a0buenos \u00a0oficios, \u00a0a \u00a0fin \u00a0que \u00a0intercediera ante las autodefensas, para que \u00a0estas \u00a0permitieran el libre ejercicio electoral y democr\u00e1tico para el candidato \u00a0de \u00a0estos \u00a0congresistas, \u00a0pues \u00a0seg\u00fan \u00a0ellos, \u00a0le estaban impidiendo en algunas \u00a0zonas del departamento hacer proselitismo. \u00a0\u00a0<\/p>\n<p>\u00a0 \u00a0 \u00a0 \u00a0 \u00a0<\/p>\n<p>En aras de sustentar la tesis seg\u00fan la cual \u00a0la \u00a0reuni\u00f3n \u00a0llevada \u00a0a \u00a0cabo \u00a0en \u00a0el \u00a0corregimiento El Caramelo no ten\u00eda como \u00a0finalidad \u00a0solicitar \u00a0apoyo \u00a0pol\u00edtico \u00a0para \u00a0el \u00a0candidato a la gobernaci\u00f3n de \u00a0Bol\u00edvar, \u00a0 Libardo \u00a0 Simancas, \u00a0 la \u00a0 defensa \u00a0 del \u00a0 ex \u00a0senador \u00a0Vicente \u00a0Blel \u00a0Saad acudi\u00f3 a varios medios \u00a0de \u00a0prueba que solicit\u00f3 en la audiencia preparatoria, como las declaraciones de \u00a0algunos \u00a0dirigentes \u00a0pol\u00edticos \u00a0quienes \u00a0depusieron \u00a0ante \u00a0el Juzgado Penal del \u00a0Circuito Especializado de Cartagena. \u00a0\u00a0<\/p>\n<p>En \u00a0ese sentido, es preciso se\u00f1alar que en \u00a0el \u00a0transcurso \u00a0de \u00a0la \u00a0audiencia \u00a0el \u00a0Juez \u00a0orden\u00f3 \u00a0las \u00a0pruebas testimoniales \u00a0solicitadas \u00a0por \u00a0el defensor al hallarlas conducentes y pertinentes41; \u00a0as\u00ed mismo \u00a0incorpor\u00f3 \u00a0al \u00a0expediente \u00a0tres \u00a0documentos, \u00a0dos \u00a0de \u00a0ellos \u00a0relacionados \u00a0con \u00a0reuniones, \u00a0el \u00a0primero \u00a0fechado \u00a0en \u00a0Cartagena de Indias el 15 de septiembre de \u00a02003 \u00a0suscrito \u00a0por \u00a0los entonces congresistas del departamento de Bol\u00edvar, que \u00a0participaron \u00a0en \u00a0la \u00a0reuni\u00f3n del corregimiento El Caramelo con l\u00edderes de las \u00a0autodefensas; \u00a0el \u00a0segundo, \u00a0tambi\u00e9n \u00a0suscrito \u00a0en \u00a0la \u00a0misma \u00a0ciudad \u00a0el 17 de \u00a0septiembre \u00a0de \u00a02003 por Eduardo Espinosa Facio Lince, para la \u00e9poca miembro de \u00a0la \u00a0Comisi\u00f3n \u00a0Exploratoria para los Di\u00e1logos de Paz con las AUC, quien puso en \u00a0conocimiento \u00a0del \u00a0Alto Comisionado de Paz las denuncias de los congresistas del \u00a0departamento \u00a0de \u00a0Bol\u00edvar \u00a0sobre las interferencias de los grupos paramilitares \u00a0en \u00a0 el \u00a0proceso \u00a0electoral \u00a0para \u00a0la \u00a0Gobernaci\u00f3n \u00a0de \u00a0Bol\u00edvar; \u00a0el \u00a0tercero, \u00a0corresponde \u00a0a \u00a0un \u00a0certificado \u00a0de \u00a0existencia \u00a0y \u00a0representaci\u00f3n \u00a0legal de la \u00a0entidad \u00a0sin \u00a0\u00e1nimo \u00a0de \u00a0lucro \u00a0denominada \u00a0\u201cAsociaci\u00f3n \u00a0de \u00a0Municipios \u00a0del \u00a0Magdalena Medio Bolivarense y su zona de influencia\u201d. \u00a0\u00a0<\/p>\n<p>El \u00a0director \u00a0de \u00a0la causa tambi\u00e9n dispuso \u00a0trasladar \u00a0las \u00a0declaraciones \u00a0de los se\u00f1ores Salvatore Mancuso G\u00f3mez y Edward \u00a0Cobos \u00a0T\u00e9llez, \u00a0recepcionadas \u00a0en \u00a0la \u00a0c\u00e1rcel de Itag\u00fc\u00ed los d\u00edas 22 y 23 de \u00a0agosto \u00a0de \u00a02007, que obran en el radicado No. 26942 dentro de la investigaci\u00f3n \u00a0seguida contra el ex senador William Montes Medina. \u00a0\u00a0<\/p>\n<p>Igualmente, \u00a0a \u00a0trav\u00e9s \u00a0de \u00a0comisi\u00f3n, \u00a0se \u00a0recibieron \u00a0varios \u00a0testimonios, \u00a0de \u00a0los \u00a0cuales se destacan los de Luis Javier \u00a0Vargas \u00a0S\u00e1nchez,\u00a0 \u00a0Libardo Simancas Torres y Eduardo Espinosa Facio Lince. \u00a0\u00a0<\/p>\n<p>Por \u00a0su \u00a0parte, en la audiencia p\u00fablica se \u00a0escuch\u00f3 \u00a0en \u00a0declaraci\u00f3n juramentada a Edward Cobos T\u00e9llez y Eleonora Pineda. \u00a0\u00a0<\/p>\n<p>\u00a0 \u00a0\u00a0 \u00a0\u00a0 \u00a0\u00a0As\u00ed \u00a0mismo, \u00a0fueron trasladados del proceso radicado con el n\u00famero \u00a026942 \u00a0seguido \u00a0en \u00a0la Corte Suprema de Justicia los testimonios de Edward Cobos \u00a0T\u00e9llez y Salvatore Mancuso G\u00f3mez. \u00a0\u00a0<\/p>\n<p>A \u00a0partir \u00a0del \u00a0examen de estas pruebas, en \u00a0conjunto \u00a0con \u00a0las \u00a0dem\u00e1s recaudadas en el proceso, surge claro para la Sala la \u00a0responsabilidad \u00a0del procesado Vicente Blel \u00a0en \u00a0la \u00a0conducta \u00a0por la cual ha sido acusado. En este sentido, el \u00a0contexto \u00a0hist\u00f3rico y pol\u00edtico del departamento de Bol\u00edvar para el a\u00f1o 2003, \u00a0a \u00a0efectos \u00a0de \u00a0analizar \u00a0los \u00a0testimonios \u00a0solicitados \u00a0por \u00a0la \u00a0defensa \u00a0en la \u00a0audiencia \u00a0preparatoria, \u00a0se \u00a0constituye \u00a0en \u00a0una \u00a0base \u00a0importante \u00a0que permite \u00a0establecer \u00a0cu\u00e1l \u00a0fue \u00a0realmente \u00a0el \u00a0inter\u00e9s \u00a0que \u00a0movi\u00f3 al entonces Senador \u00a0Vicente \u00a0Blel Saad a acudir a \u00a0la \u00a0reuni\u00f3n en la casa de Eleonora Pineda en compa\u00f1\u00eda de otros parlamentarios \u00a0y el candidato a la Gobernaci\u00f3n Libardo Simancas Torres. \u00a0\u00a0<\/p>\n<p>Comi\u00e9ncese por se\u00f1alar que en el a\u00f1o 2003 \u00a0dos \u00a0dirigentes \u00a0liberales, \u00a0Libardo Simancas Torres y Alfonso L\u00f3pez Cossio, se \u00a0disputaban \u00a0la \u00a0gobernaci\u00f3n \u00a0de \u00a0Bol\u00edvar \u00a0en \u00a0medio \u00a0del conflicto armado y el \u00a0inicio \u00a0de \u00a0las labores de la llamada Comisi\u00f3n Exploratoria creada para avanzar \u00a0en \u00a0la \u00a0b\u00fasqueda \u00a0de \u00a0mecanismos para lograr acercamientos con las Autodefensas \u00a0Unidas de Colombia. \u00a0\u00a0<\/p>\n<p>Tanto Simancas como L\u00f3pez ten\u00edan una larga \u00a0trayectoria, \u00a0 el \u00a0primero \u00a0como \u00a0ex \u00a0diputado \u00a0y \u00a0ex \u00a0secretario \u00a0del \u00a0despacho \u00a0departamental \u00a0y \u00a0L\u00f3pez \u00a0como \u00a0congresista \u00a0durante \u00a0m\u00e1s \u00a0de \u00a0cuatro per\u00edodos \u00a0militando \u00a0en \u00a0el grupo del ex senador Juan Jos\u00e9 Garc\u00eda Romero y de su esposa, \u00a0la\u00a0 \u00a0senadora \u00a0Piedad \u00a0Zuccardi \u00a0de \u00a0Garc\u00eda. \u00a0Un \u00a0tercer \u00a0candidato, \u00a0Luis \u00a0Guti\u00e9rrez \u00a0 G\u00f3mez, \u00a0 ex \u00a0senador \u00a0conservador, \u00a0tambi\u00e9n \u00a0aspiraba \u00a0al \u00a0cargo. \u00a0\u00a0<\/p>\n<p>La \u00a0campa\u00f1a \u00a0se \u00a0desarrollaba \u00a0en medio de \u00a0rumores \u00a0y \u00a0afirmaciones \u00a0de \u00a0que los grupos paramilitares estaban interviniendo \u00a0abiertamente \u00a0en \u00a0las \u00a0elecciones \u00a0y \u00a0el \u00a0entonces gobernador Luis Daniel Vargas \u00a0S\u00e1nchez, \u00a0lleg\u00f3 \u00a0a \u00a0proponer \u00a0la \u00a0suspensi\u00f3n \u00a0de \u00a0los \u00a0comicios \u00a0electorales. \u00a0\u00a0<\/p>\n<p>En \u00a0 el \u00a0 departamento \u00a0 de \u00a0Bol\u00edvar \u00a0se \u00a0encontraban \u00a0 asentados \u00a0 dos \u00a0 bloques \u00a0de \u00a0las \u00a0AUC, \u00a0al \u00a0norte \u00a0el \u00a0Bloque \u00a0H\u00e9roes \u00a0de \u00a0los \u00a0Montes \u00a0de \u00a0Mar\u00eda, cuyo comandante era \u00a0Edward \u00a0Cobos \u00a0 \u00a0T\u00e9llez, \u00a0 \u00a0conocido \u00a0 \u00a0con \u00a0 \u00a0el \u00a0 \u00a0alias \u00a0 de \u00a0 \u2018Diego \u00a0Vecino\u2019 \u00a0y \u00a0como jefes militares Rodrigo Mercado Pelufo, alias \u2018Cadena\u2019 \u00a0 \u00a0 y \u00a0 \u00a0Uber \u00a0B\u00e1nquez \u00a0 \u00a0 \u00a0 \u00a0 \u00a0Mart\u00ednez, \u00a0 \u00a0 \u00a0 \u00a0 \u00a0alias \u00a0 \u00a0 \u00a0 \u00a0 \u00a0\u2018Juancho \u00a0Dique\u2019. Este grupo controlaba \u00a0del \u00a0centro del departamento, desde el puerto fluvial de Magangu\u00e9 a orillas del \u00a0R\u00edo \u00a0Magdalena, \u00a0y \u00a0las \u00a0capitales \u00a0de Sucre y Bol\u00edvar, Sincelejo y Cartagena, \u00a0incluidos los municipios de los Montes de Mar\u00eda. \u00a0\u00a0<\/p>\n<p>El \u00a0otro grupo paramilitar con presencia en \u00a0el \u00a0departamento \u00a0era \u00a0el Bloque Central Bol\u00edvar, cuyo jefe principal era alias \u00a0\u2018Macaco\u2019, \u00a0y \u00a0como \u00a0jefes \u00a0visibles \u00a0en \u00a0lo \u00a0pol\u00edtico y lo militar fung\u00edan \u00a0Iv\u00e1n \u00a0Roberto \u00a0Duque, \u00a0alias \u00a0\u201cErnesto B\u00e1ez\u201d y \u201cJuli\u00e1n \u00a0Bol\u00edvar\u201d. \u00a0Este grupo, que lleg\u00f3 a ser el m\u00e1s grande \u00a0en \u00a0hombres \u00a0armados \u00a0y \u00a0presencia \u00a0en \u00a0la costa, los llanos y el sur del pa\u00eds, \u00a0controlaba todo el sur del departamento de Bol\u00edvar. \u00a0\u00a0<\/p>\n<p>Libardo \u00a0Simancas \u00a0Torres \u00a0es \u00a0un pol\u00edtico \u00a0oriundo \u00a0de \u00a0Arjona, \u00a0norte \u00a0de Bol\u00edvar, municipio a 20 minutos de Cartagena, y \u00a0L\u00f3pez \u00a0Cossio \u00a0es \u00a0de Ach\u00ed, sur de Bol\u00edvar, a orillas del r\u00edo Cauca, a siete \u00a0horas \u00a0de \u00a0transporte \u00a0por \u00a0carreteras \u00a0y \u00a0r\u00edos. \u00a0Es decir, adem\u00e1s de que cada \u00a0candidato \u00a0representaba \u00a0una \u00a0vertiente \u00a0liberal, tambi\u00e9n encarnaban diferentes \u00a0regiones del departamento. \u00a0\u00a0<\/p>\n<p>De \u00a0acuerdo \u00a0con \u00a0la \u00a0versi\u00f3n \u00a0de \u00a0alias \u00a0\u2018Ernesto B\u00e1ez\u2019, el comit\u00e9 decidi\u00f3 apoyar, despu\u00e9s \u00a0de \u00a0analizar \u00a0todos \u00a0los \u00a0nombres, \u00a0a \u00a0Alfonso \u00a0L\u00f3pez \u00a0Cossio, ex representante \u00a0liberal \u00a0a \u00a0la \u00a0C\u00e1mara \u00a0por \u00a0el \u00a0grupo \u00a0de \u00a0Juan \u00a0Jos\u00e9 Garc\u00eda Romero y Piedad \u00a0Zuccardi. \u00a0 Se \u00a0 dijo \u00a0 que \u00a0inicialmente \u00a0hab\u00edan \u00a0escogido, \u00a0presuntamente \u00a0al \u00a0exgobernador \u00a0Libardo \u00a0Simancas, \u00a0pero \u00a0cambiaron \u00a0y \u00a0se \u00a0inclinaron \u00a0por L\u00f3pez \u00a0Cossio, \u00a0porque \u00a0el \u00a0designado \u00a0ten\u00eda \u00a0que \u00a0pagar un aporte econ\u00f3mico al grupo \u00a0paramilitar. \u00a0\u00a0<\/p>\n<p>\u00a0 \u00a0\u00a0 \u00a0\u00a0 \u00a0\u00a0La \u00a0disputa \u00a0por \u00a0la \u00a0Gobernaci\u00f3n \u00a0hab\u00eda llegado a enfrentamientos \u00a0verbales \u00a0entre \u00a0los \u00a0opositores, \u00a0hecho que resulta totalmente normal cuando se \u00a0trata \u00a0de elecciones re\u00f1idas, pero en este caso del departamento de Bol\u00edvar la \u00a0situaci\u00f3n \u00a0se tornaba a\u00fan m\u00e1s dif\u00edcil por la presencia de dos bloques de las \u00a0Autodefensas \u00a0Unidas \u00a0de \u00a0Colombia \u00a0que \u00a0a \u00a0su \u00a0vez \u00a0tambi\u00e9n apoyaban distintos \u00a0candidatos. \u00a0\u00a0<\/p>\n<p>\u00a0 \u00a0\u00a0 \u00a0\u00a0 \u00a0\u00a0Analizadas \u00a0todas \u00a0estas situaciones trascendentes, se puede afirmar \u00a0de \u00a0la \u00a0mano \u00a0de \u00a0los acontecimientos que si bien exist\u00eda un descontento por el \u00a0apoyo \u00a0del Bloque Central Bol\u00edvar cuyo lugar de asentamiento en el departamento \u00a0de \u00a0Bol\u00edvar era el sur, se buscaron los medios leg\u00edtimos para contrarrestar el \u00a0desequilibrio \u00a0 que \u00a0 se \u00a0estaba \u00a0dando \u00a0entre \u00a0los \u00a0candidatos \u00a0cuando \u00a0los \u00a0ex \u00a0congresistas \u00a0que \u00a0apoyaban a Libardo Simancas le remitieron la comunicaci\u00f3n al \u00a0doctor \u00a0Eduardo Espinosa Facio Lince y \u00e9ste se comunic\u00f3 v\u00eda telef\u00f3nica y por \u00a0escrito \u00a0con \u00a0el \u00a0Alto \u00a0Comisionado \u00a0para la Paz a fin de ponerlo al tanto de la \u00a0situaci\u00f3n, \u00a0as\u00ed \u00a0como \u00a0busc\u00f3 \u00a0la \u00a0manera \u00a0de hacer lo mismo con el comandante \u00a0Mancuso y lograr un acuerdo de respeto a las campa\u00f1as pol\u00edticas. \u00a0\u00a0<\/p>\n<p>Estas dos comunicaciones, las del 15 y 17 de \u00a0septiembre, \u00a0tienen \u00a0en \u00a0com\u00fan que tratan el tema de la transparencia electoral \u00a0en \u00a0t\u00e9rminos \u00a0generales, \u00a0sin \u00a0referirse \u00a0a situaciones particulares de las que \u00a0resultaba \u00a0siendo \u00a0v\u00edctima \u00a0el candidato Libardo Simancas y la persecuci\u00f3n que \u00a0expuso \u00a0verbalmente \u00a0en la audiencia p\u00fablica, pues para nada aluden a \u00e9l, a su \u00a0campa\u00f1a, \u00a0a \u00a0sus \u00a0sedes \u00a0o \u00a0a sus l\u00edderes pol\u00edticos, en particular los que se \u00a0encontraban \u00a0en \u00a0la regi\u00f3n del sur de Bol\u00edvar, es decir, un documento que bien \u00a0servir\u00eda \u00a0para \u00a0exponer la problem\u00e1tica que en otras partes del pa\u00eds tambi\u00e9n \u00a0podr\u00eda presentarse. \u00a0\u00a0<\/p>\n<p>\u00a0 \u00a0\u00a0 \u00a0\u00a0 \u00a0\u00a0En \u00a0el \u00a0escrito \u00a0dirigido por el doctor Espinosa Facio Lince al Alto \u00a0Comisionado \u00a0se refiri\u00f3 a una conversaci\u00f3n sostenida con Salvatore Mancuso, en \u00a0donde \u00a0\u00e9ste \u00a0aprovech\u00f3 para reiterarle los compromisos asumidos por las AUC al \u00a0iniciarse \u00a0el \u00a0proceso \u00a0de \u00a0desmovilizaci\u00f3n, pero llama la atenci\u00f3n a la Corte \u00a0que \u00a0en \u00a0la \u00a0declaraci\u00f3n rendida en la audiencia p\u00fablica, el mismo Comisionado \u00a0Espinosa \u00a0expuso \u00a0que \u00a0no \u00a0le hab\u00eda hecho un reclamo sino puesto de presente la \u00a0queja remitida por los parlamentarios. \u00a0\u00a0<\/p>\n<p>\u00a0 \u00a0\u00a0 \u00a0\u00a0 \u00a0\u00a0Seg\u00fan \u00a0el \u00a0doctor \u00a0Eduardo \u00a0Espinosa \u00a0Facio Lince, el compromiso de \u00a0Mancuso \u00a0era \u00a0el del respeto absoluto a las campa\u00f1as pol\u00edticas, pero si ya esa \u00a0instancia \u00a0se \u00a0hab\u00eda \u00a0agotado, como tambi\u00e9n fue un hecho conocido por Eleonora \u00a0Pineda, \u00a0no \u00a0se \u00a0entiende \u00a0cu\u00e1l \u00a0la \u00a0raz\u00f3n para seguir insistiendo en el mismo \u00a0tema, \u00a0al \u00a0punto \u00a0de solicitar los parlamentarios a la mencionada ex congresista \u00a0intercediera \u00a0para \u00a0llevar \u00a0a \u00a0cabo una reuni\u00f3n con el comandante Mancuso y con \u00a0quien \u00a0era conocido como el comandante pol\u00edtico del Bloque Montes de Mar\u00eda, el \u00a0otro \u00a0frente \u00a0de \u00a0las \u00a0AUC \u00a0en el departamento de Bol\u00edvar, cuando al parecer el \u00a0punto \u00a0\u00e1lgido \u00a0era el sur de Bol\u00edvar, la zona donde se estaban presentando las \u00a0fricciones \u00a0 y \u00a0 las \u00a0 presiones \u00a0 a \u00a0 la \u00a0 campa\u00f1a \u00a0 del \u00a0 candidato \u00a0 Libardo \u00a0Simancas. \u00a0\u00a0<\/p>\n<p>\u00a0 \u00a0\u00a0 \u00a0\u00a0 \u00a0\u00a0Para \u00a0la Sala, escuchadas las declaraciones de quienes depusieron en \u00a0la \u00a0audiencia \u00a0p\u00fablica, \u00a0la \u00a0reuni\u00f3n celebrada en el corregimiento El Caramelo \u00a0tuvo \u00a0una \u00a0finalidad \u00a0totalmente \u00a0distinta, \u00e9sta no como reclamo amable para la \u00a0b\u00fasqueda \u00a0de una soluci\u00f3n que ya se hab\u00eda intentado por las v\u00edas leg\u00edtimas, \u00a0sino \u00a0que \u00a0se \u00a0requer\u00eda \u00a0buscar de manera urgente el contacto con el comandante \u00a0Mancuso, \u00a0ya \u00a0que \u00a0s\u00f3lo \u00a0\u00e9l \u00a0y \u00a0Eleonora \u00a0Pineda \u00a0pod\u00edan \u00a0obtener de \u201cDiego \u00a0Vecino\u201d \u00a0la \u00a0seguridad \u00a0de \u00a0que \u00a0contaban \u00a0con \u00a0su \u00a0apoyo en la otra parte del \u00a0departamento \u00a0y \u00a0de \u00a0esa \u00a0forma \u00a0ejercer \u00a0contrapeso \u00a0a \u00a0la embestida del Bloque \u00a0Central \u00a0Bol\u00edvar \u00a0al \u00a0mando \u00a0de \u00a0Ernesto B\u00e1ez, pues la reuni\u00f3n de Barranco de \u00a0Loba \u00a0 hab\u00eda \u00a0 concluido \u00a0con \u00a0el \u00a0total \u00a0apoyo \u00a0al \u00a0candidato \u00a0Alfonso \u00a0L\u00f3pez \u00a0Cossio. \u00a0\u00a0<\/p>\n<p>\u00a0 \u00a0\u00a0 \u00a0\u00a0 \u00a0\u00a0No \u00a0puede \u00a0aceptarse, \u00a0como se ha pretendido al restarle importancia \u00a0al \u00a0comentario \u00a0hecho \u00a0por \u00a0Mancuso \u00a0en su declaraci\u00f3n, pensar que se trat\u00f3 de \u00a0\u201cuna \u00a0broma\u201d \u00a0de \u00a0Eleonora \u00a0Pineda \u00a0solicitar del Bloque Montes de Mar\u00eda el \u00a0apoyo \u00a0al \u00a0candidato Libardo Simancas, y que este hecho suscit\u00f3 en Edward Cobos \u00a0T\u00e9llez, alias \u201cDiego Vecino\u201d una airada reacci\u00f3n. \u00a0\u00a0<\/p>\n<p>\u00a0 \u00a0\u00a0 \u00a0\u00a0 \u00a0\u00a0Este \u00a0\u00faltimo \u00a0se \u00a0refiere \u00a0a una gran reuni\u00f3n en la que adem\u00e1s de \u00a0los \u00a0parlamentarios \u00a0estaba Enilce L\u00f3pez en compa\u00f1\u00eda de un sacerdote y varias \u00a0personas; \u00a0por \u00a0el \u00a0contrario \u00a0Eleonora se refiere a una \u201csencilla reuni\u00f3n\u201d \u00a0entre los parlamentarios y comandantes, adem\u00e1s del candidato. \u00a0\u00a0<\/p>\n<p>Tal \u00a0 como \u00a0en \u00a0ac\u00e1pites \u00a0anteriores \u00a0se \u00a0advirti\u00f3, \u00a0las \u00a0conversaciones \u00a0telef\u00f3nicas grabadas en el computador de alias \u00a0\u201cAntonio\u201d, \u00a0 legal \u00a0y \u00a0oportunamente \u00a0allegadas \u00a0a \u00a0este \u00a0proceso, \u00a0permiten \u00a0demostrar \u00a0la \u00a0penetraci\u00f3n \u00a0de \u00a0los grupos paramilitares en la vida pol\u00edtica y \u00a0econ\u00f3mica \u00a0en \u00a0muchos \u00a0departamentos \u00a0del \u00a0norte colombiano, entre otros, el de \u00a0Bol\u00edvar, \u00a0 as\u00ed \u00a0 como \u00a0 su \u00a0 vinculaci\u00f3n \u00a0con \u00a0varios\u00a0 \u00a0l\u00edderes \u00a0de \u00a0la \u00a0regi\u00f3n. \u00a0\u00a0<\/p>\n<p>\u00a0 \u00a0\u00a0 \u00a0\u00a0 \u00a0\u00a0Si \u00a0adem\u00e1s \u00a0de \u00a0ello \u00a0se \u00a0tiene \u00a0en \u00a0cuenta lo que all\u00ed dialogaban \u00a0respecto \u00a0de \u00a0las \u00a0futuras \u00a0elecciones \u00a0a \u00a0Congreso \u00a0en donde hac\u00edan menci\u00f3n a \u00a0diversos \u00a0dirigentes pol\u00edticos, incluyendo a personas como la reconocida Enilce \u00a0L\u00f3pez \u00a0de \u00a0quien \u00a0dicen \u00a0dominaba \u00a0suficientemente la pol\u00edtica regional, puede \u00a0entonces \u00a0sin \u00a0ambages \u00a0concluirse que la verdadera raz\u00f3n de la presencia en la \u00a0casa \u00a0de \u00a0Eleonora \u00a0Pineda en el 2003, con Vicente Blel \u00a0incluido \u00a0y \u00a0a la cual asisti\u00f3 el comandante Mancuso, \u00a0no \u00a0fue \u00a0otra \u00a0sino \u00a0lograr \u00a0su apoyo para Libardo Simancas a la Gobernaci\u00f3n de \u00a0Bol\u00edvar \u00a0en \u00a0las \u00a0elecciones \u00a0de ese mismo a\u00f1o, en contra de los intereses del \u00a0candidato \u00a0rival L\u00f3pez Cossio, quien a su turno era apoyado por los comandantes \u00a0paramilitares \u00a0del \u00a0sur \u00a0de \u00a0Bol\u00edvar, \u00a0entre otros, alias \u201cErnesto B\u00e1ez\u201d y \u00a0\u201cDiego Vecino\u201d. \u00a0\u00a0<\/p>\n<p>\u00a0 \u00a0\u00a0 \u00a0\u00a0 \u00a0Sobre \u00a0este \u00a0tema, \u00a0los \u00a0all\u00ed \u00a0interlocutores dijeron lo siguiente: \u00a0\u00a0<\/p>\n<p>\u201c\u2026de \u00a0los \u00a0siete \u00a0departamentos \u00a0de \u00a0la costa, el departamento sui g\u00e9neris que llamo yo es \u00a0el \u00a0\u2026de Bol\u00edvar, all\u00e1 tenemos dos personajes que son La Gata y el turco Isac \u00a0(sic), \u00a0ellos \u00a0han \u00a0penetrado \u00a0todas \u00a0las \u00a0esferas, tanto de la econom\u00eda, de la \u00a0construcci\u00f3n, \u00a0de \u00a0la \u00a0pol\u00edtica \u00a0de \u00a0toos \u00a0laos \u00a0(sic), \u00a0menos \u00a0la \u00a0social, \u00a0y \u00a0\u2026definitivamente \u00a0tiene\u2026la Gata tiene gobernaci\u00f3n, tiene Gobernador y tiene \u00a0alcalde, \u00a0en \u00a0este \u00a0momento \u00a0est\u00e1 \u00a0apoyando \u00a0tres senados, que tiene opci\u00f3n de \u00a0salir\u2026por \u00a0lo \u00a0tanto \u00a0todo \u00a0lo \u00a0que \u00a0yo \u00a0pretenda \u00a0hacer en el departamento de \u00a0Bol\u00edvar \u00a0est\u00e1\u2026se \u00a0afecta \u00a0la participaci\u00f3n de ellos en pol\u00edtica, porque ya \u00a0tiene \u00a0comprao \u00a0todas \u00a0las \u00a0JAL, \u00a0tiene \u00a0comprados \u00a0todas \u00a0las gentes, todos los \u00a0l\u00edderes \u00a0pol\u00edticos \u00a0se \u00a0los \u00a0trae \u00a0para ac\u00e1)\u2026obviamente usted sabe que para \u00a0participar \u00a0en \u00a0pol\u00edtica \u00a0hay \u00a0que\u2026eso \u00a0no \u00a0es \u00a0gratuito,,,cuando \u00a0uno quiere \u00a0participar \u00a0en pol\u00edtica o tiene plata o tiene votos, o tiene algo que ofrecer a \u00a0cambio, \u00a0como \u00a0nosotros \u00a0no tenemos nada de esos, nosotros lo \u00fanico que tenemos \u00a0es \u00a0una \u00a0fuerza \u00a0militar, de la que nos podemos valer para un momento dado hacer \u00a0campa\u00f1a\u2026.\u201d42. \u00a0\u00a0<\/p>\n<p>Esta \u00a0reuni\u00f3n \u00a0de El Caramelo realizada en \u00a0casa \u00a0de la entonces congresista Eleonora Pineda fue promovida por el sindicado, \u00a0quien \u00a0le \u00a0pidi\u00f3 \u00a0a \u00a0la \u00a0mencionada \u00a0organizara \u00a0una \u00a0reuni\u00f3n con la exclusiva \u00a0finalidad \u00a0de \u00a0solicitar \u00a0al \u00a0comandante \u00a0paramilitar Salvatore Mancuso su ayuda \u00a0para \u00a0el \u00a0candidato Libardo Simancas a la Gobernaci\u00f3n en ese a\u00f1o 2003, pues ya \u00a0hab\u00eda \u00a0sido \u00a0testigo de excepci\u00f3n en la reuni\u00f3n de Barranco de Loba, de c\u00f3mo \u00a0se \u00a0ven\u00eda \u00a0manejando \u00a0la \u00a0candidatura \u00a0de \u00a0L\u00f3pez \u00a0Cossio \u00a0y \u00a0sin \u00a0una \u00a0acci\u00f3n \u00a0contundente \u00a0no \u00a0se \u00a0podr\u00eda obtener un resultado favorable a sus intereses, que \u00a0consist\u00eda \u00a0 \u00a0en \u00a0 \u00a0llevar \u00a0 a \u00a0 la \u00a0 Gobernaci\u00f3n \u00a0 de \u00a0 Bol\u00edvar \u00a0 a \u00a0 Libardo \u00a0Simancas. \u00a0\u00a0<\/p>\n<p>Esta apreciaci\u00f3n se encuentra respaldada y \u00a0fundamentada \u00a0en las pruebas arrimadas al plenario, partiendo precisamente de la \u00a0fuente \u00a0principal, \u00a0como \u00a0fue \u00a0la \u00a0propia \u00a0versi\u00f3n \u00a0del desmovilizado Salvatore \u00a0Mancuso.\u00a0 \u00a0\u00a0<\/p>\n<p>Efectivamente, \u00a0 la \u00a0 reuni\u00f3n \u00a0 en \u00a0 el \u00a0corregimiento \u00a0El \u00a0Caramelo, \u00a0no fue publicitada, ni oficialmente permitida, por \u00a0el \u00a0contrario, \u00a0se mantuvo en la m\u00e1s estricta confidencialidad, hasta cuando el \u00a0ex \u00a0comandante \u00a0Salvatore \u00a0Mancuso G\u00f3mez, en desarrollo de la Ley de Justicia y \u00a0Paz \u00a0y \u00a0comprometido \u00a0a \u00a0declarar \u00a0exclusivamente \u00a0la \u00a0verdad \u00a0en \u00a0diligencia de \u00a0versi\u00f3n \u00a0libre43 \u00a0y \u00a0ante \u00a0los \u00a0cuestionamientos \u00a0del \u00a0funcionario \u00a0all\u00ed \u00a0presente, \u00a0accedi\u00f3 \u00a0a \u00a0decir \u00a0de \u00a0la \u00a0manera \u00a0m\u00e1s \u00a0descomplicada y espont\u00e1nea que s\u00ed se \u00a0hab\u00eda \u00a0realizado \u00a0dicha reuni\u00f3n con el prop\u00f3sito de determinar a cu\u00e1l de los \u00a0candidatos \u00a0apoyaban para la Gobernaci\u00f3n de Bol\u00edvar en las elecciones del a\u00f1o \u00a093 \u00a0(sic) \u00a0-se \u00a0refer\u00eda \u00a0en \u00a0ese \u00a0momento al a\u00f1o 2003, pues de esas elecciones \u00a0ven\u00eda \u00a0declarando \u00a0y \u00a0adem\u00e1s esto fue corregido y corroborado posteriormente-, \u00a0as\u00ed \u00a0 \u00a0lo \u00a0 \u00a0expres\u00f3 \u00a0 \u00a0en \u00a0 \u00a0aquella \u00a0 \u00a0ocasi\u00f3n44: \u00a0\u00a0<\/p>\n<p>\u201c\u2026Le hab\u00eda \u00a0dicho \u00a0que \u00a0hab\u00edamos \u00a0hecho \u00a0unos \u00a0pactos con congresistas para la elecci\u00f3n de \u00a0alcaldes, \u00a0gobernadores, \u00a0especialmente \u00a0para alcalde de Monter\u00eda, Gobernaci\u00f3n \u00a0de \u00a0C\u00f3rdoba \u00a0en \u00a0el \u00a0a\u00f1o \u00a02003, \u00a0en las cuales se hizo una alianza con Juancho \u00a0L\u00f3pez, \u00a0no \u00a0fue \u00a0elegido \u00a0por \u00a0nosotros \u00a0pero \u00a0hicimos \u00a0alianzas \u00a0con \u00a0ellos \u00a0y \u00a0cuando \u00a0me \u00a0refiero \u00a0a nuestros congresistas hay unos \u00a0elegidos \u00a0por nosotros directamente, por nosotros directamente qui\u00e9nes fueron?: \u00a0en \u00a0el \u00a0caso \u00a0de \u00a0C\u00f3rdoba \u00a0Eleonora \u00a0Pineda y Miguel \u00a0Alfonso \u00a0de \u00a0la \u00a0Espriella, es el caso espec\u00edfico de C\u00f3rdoba\u2026con qui\u00e9nes se \u00a0hicieron \u00a0alianzas \u00a0en C\u00f3rdoba?: se hicieron alianzas con Julio Manssur, Zulema \u00a0Jattin, \u00a0Reginaldo Montes, Musa Besaibe, Salom\u00f3n Nader, Juancho L\u00f3pez, Libardo \u00a0L\u00f3pez, \u00a0Jos\u00e9 \u00a0Mar\u00eda \u00a0L\u00f3pez y alcaldes, ya le cuento alcaldes o lo tocamos en \u00a0el \u00a0tema \u00a0de\u2026cuando \u00a0termine \u00a0el \u00a0tema \u00a0parapol\u00edtico\u2026en \u00a0Sucre \u00a0tambi\u00e9n le \u00a0digo\u2026le \u00a0 doy \u00a0 datos\u2026un \u00a0 momentito\u2026. \u00a0Ya \u00a0le \u00a0doy \u00a0datos \u00a0(busca \u00a0en \u00a0el \u00a0computador)\u2026vinculaci\u00f3n \u00a0 con \u00a0 nosotros \u00a0 o \u00a0 acuerdos \u00a0con \u00a0nosotros\u2026Eric \u00a0Morris\u2026esos \u00a0 \u00a0detalles \u00a0 \u00a0se \u00a0 \u00a0los \u00a0 \u00a0dar\u00e1 \u00a0 \u00a0Diego \u00a0 Vecino\u2026\u201d (subrayas de la Sala). \u00a0\u00a0<\/p>\n<p>\u00a0 \u00a0\u00a0 \u00a0\u00a0 \u00a0\u00a0Teniendo \u00a0en \u00a0cuenta \u00a0que \u00a0Mancuso \u00a0estaba \u00a0declarando en forma poco \u00a0met\u00f3dica, \u00a0pues \u00a0hac\u00eda referencia a unos y otros, y mencionaba indistintamente \u00a0situaciones \u00a0 de \u00a0los \u00a0diferentes \u00a0departamentos, \u00a0sin \u00a0detenerse \u00a0en \u00a0un \u00a0lugar \u00a0espec\u00edfico, \u00a0el \u00a0Fiscal \u00a0de \u00a0Justicia \u00a0y \u00a0Paz \u00a0intervino \u00a0para \u00a0solicitarle \u00a0al \u00a0versionado \u00a0que \u00a0le \u00a0hablara \u00a0cada \u00a0tema \u00a0por \u00a0departamentos, ante lo cual dicho \u00a0desmovilizado \u00a0le \u00a0respondi\u00f3 \u00a0que \u00a0no \u00a0pod\u00eda \u00a0toda \u00a0vez que la informaci\u00f3n se \u00a0encontraba diseminada y por ello continu\u00f3 diciendo: \u00a0\u00a0<\/p>\n<p>\u201c\u2026PREGUNTADO: \u00a0se\u00f1or \u00a0Mancuso\u2026para facilitar\u2026el desarrollo de la informaci\u00f3n\u2026que sea de \u00a0los \u00a0m\u00e1s \u00a0ordenada posible\u2026hag\u00e1moslo por departamentos, por ejemplo agotemos \u00a0el \u00a0departamento \u00a0de \u00a0C\u00f3rdoba\u2026MANCUSO: \u00a0Mire\u2026el \u00a0problema\u2026es que lo tengo \u00a0totalmente \u00a0diseminado\u2026eeen \u00a0la \u00a0versi\u00f3n \u00a0de \u00a0parapol\u00edtica\u2026que \u00a0era la que \u00a0est\u00e1bamos \u00a0ah\u00ed \u00a0avanzando\u2026no \u00a0est\u00e1 \u00a0toda \u00a0junta\u2026est\u00e1 toda diseminada\u2026o \u00a0avanzamos\u2026pero \u00a0 \u00a0 \u00a0 \u00a0 \u00a0 \u00a0 \u00a0 vea\u2026por \u00a0ejemplo\u2026en\u2026Bol\u00edvar\u2026una \u00a0reuni\u00f3n en la casa de ELEONORA PINEDA a mediados \u00a0del \u00a093, \u00a0para \u00a0acordar \u00a0si \u00a0apoy\u00e1bamos \u00a0a \u00a0LIBARDO SIMANCAS o a ALFONSO L\u00d3PEZ \u00a0COSSIO, \u00a0qui\u00e9nes estuvieron? William Montes, Vicente \u00a0Blel, \u00a0Jos\u00e9 \u00a0Mar\u00eda \u00a0Imbett, \u00a0Javier C\u00e1ceres\u2026bueno Javier C\u00e1ceres no estuvo \u00a0pero \u00a0dijeron \u00a0los otros que lo representaban\u2026que recuerde\u2026eeee\u2026Juan Jos\u00e9 \u00a0Garc\u00eda \u00a0hizo \u00a0tambi\u00e9n acuerdos para la elecci\u00f3n de ALFONSO L\u00d3PEZ COSSIO a la \u00a0gobernaci\u00f3n \u00a0que \u00a0perdi\u00f3 \u00a0con \u00a0LIBARDO \u00a0SIMANCAS \u2026y esos acuerdos\u2026los hizo \u00a0con\u2026Diego \u00a0 Vecino \u00a0 y \u00a0 \u2026.con\u2026Iv\u00e1n \u00a0Roberto \u00a0Duque\u2026en \u00a0los \u00a0cuales \u00a0se \u00a0comprometi\u00f3 \u00a0con \u00a0el \u00a0sur \u00a0de \u00a0Bol\u00edvar \u00a0y \u00a0toda \u00a0la dirigencia del cono sur de \u00a0Bol\u00edvar, \u00a0concejales, \u00a0diputados, \u00a0alcalde \u00a0de \u00a0cantagallo\u2026eee\u2026.Juan \u00a0Jos\u00e9 \u00a0Garc\u00eda \u00a0 esposo \u00a0 de \u00a0 la \u00a0 se\u00f1ora \u00a0 Piedad \u00a0Zuccardi \u00a0en \u00a0representaci\u00f3n \u00a0de \u00a0ella\u2026.\u201d (Subrayado de la Sala). \u00a0\u00a0<\/p>\n<p>Este \u00a0 mismo \u00a0 testigo \u00a0 en \u00a0 posteriores \u00a0intervenciones, \u00a0sin negar el desarrollo de la reuni\u00f3n ni los all\u00ed asistentes, \u00a0se\u00f1al\u00f3 \u00a0que \u00a0en \u00a0la \u00a0exposici\u00f3n rendida en el marco del proceso de Justicia y \u00a0Paz \u00a0hab\u00eda \u00a0sido \u00a0suficientemente \u00a0expl\u00edcito sobre el m\u00f3vil de la misma, a\u00fan \u00a0as\u00ed \u00a0expres\u00f3 \u00a0que \u00a0se \u00a0hab\u00edan \u00a0congregado \u00a0en El Caramelo en casa de su amiga \u00a0Eleonora \u00a0Pineda, \u00a0con \u00a0el \u00a0fin \u00a0de \u00a0solucionar \u00a0unas \u00a0quejas que estos l\u00edderes \u00a0pol\u00edticos \u00a0le \u00a0hab\u00edan \u00a0transmitido con dicha congresista y por ello incluso se \u00a0comunic\u00f3 \u00a0en \u00a0forma \u00a0inmediata con \u201cB\u00e1ez\u201d, quien se comprometi\u00f3 a expedir \u00a0un \u00a0comunicado a la opini\u00f3n p\u00fablica en la que se permit\u00eda a la ciudadan\u00eda en \u00a0general \u00a0participar \u00a0en \u00a0forma \u00a0libre \u00a0en \u00a0dichas \u00a0elecciones, \u00a0lo cual expres\u00f3 \u00a0as\u00ed: \u00a0\u00a0<\/p>\n<p>\u201c\u2026En \u00a0el \u00a0Caramelo \u00a0en \u00a0la casa de la se\u00f1ora Eleonora Pineda, corregimiento del municipio \u00a0de \u00a0Tierra \u00a0Alta, \u00a0C\u00f3rdoba, \u00a0en \u00a0el \u00a0a\u00f1o \u00a02003, \u00a0dos o tres meses antes de las \u00a0elecciones \u00a0a \u00a0la \u00a0Gobernaci\u00f3n \u00a0, aproximadamente no recuerdo con exactitud, el \u00a0motivo \u00a0de \u00a0la reuni\u00f3n fui bastante amplio en la Corte y en mis Versiones, pero \u00a0har\u00e9 \u00a0un \u00a0breve \u00a0resumen, estos se\u00f1ores le pusieron quejas a Eleonora Pineda y \u00a0ella \u00a0me las transmiti\u00f3 sobre la imposibilidad de hacer pol\u00edtica libremente en \u00a0el \u00a0departamento \u00a0de Bol\u00edvar por presiones de las autodefensas\u2026yo convoqu\u00e9 a \u00a0la \u00a0reuni\u00f3n\u2026y se quejaban que las autodefensas en Bol\u00edvar no estaban dejando \u00a0hacer \u00a0proselitismo \u00a0pol\u00edtico \u00a0a Libardo Simancas\u2026me acompa\u00f1\u00f3 el comandante \u00a0Diego \u00a0Vecino\u2026llamamos \u00a0a Ernesto B\u00e1ez por tel\u00e9fono, si era cierto que ellos \u00a0hab\u00edan \u00a0 prohibido \u00a0la \u00a0participaci\u00f3n \u00a0de \u00a0Libardo \u00a0Simancas \u00a0en \u00a0la \u00a0campa\u00f1a \u00a0electoral \u00a0a \u00a0lo que respondi\u00f3 que no\u2026y se comprometi\u00f3 a hacer un comunicado \u00a0aclarando \u00a0 \u00a0 \u00a0la \u00a0 \u00a0 situaci\u00f3n\u2026\u201d45. \u00a0\u00a0<\/p>\n<p>Igualmente, \u00a0advirti\u00f3 \u00a0el declarante all\u00ed \u00a0que \u00a0todo \u00a0aquello \u00a0lo \u00a0hizo \u00a0con \u00a0el \u00a0fin \u00a0de evitar que los reclamos de dichos \u00a0dirigentes \u00a0desencadenaran \u00a0en \u00a0un problema que pudiera representar un ataque al \u00a0proceso \u00a0 de \u00a0negociaci\u00f3n \u00a0adelantado \u00a0con \u00a0el \u00a0Gobierno \u00a0Nacional \u00a0(fl.151 \u00a0c. \u00a04). \u00a0\u00a0<\/p>\n<p>\u00a0 \u00a0\u00a0 \u00a0\u00a0 \u00a0\u00a0Como \u00a0este \u00a0testimonio \u00a0ha \u00a0sido \u00a0el punto neur\u00e1lgico y central del \u00a0debate \u00a0probatorio, \u00a0pues \u00a0dej\u00f3 plasmadas dos situaciones algo dis\u00edmiles entre \u00a0s\u00ed \u00a0al \u00a0hacer referencia al m\u00f3vil o raz\u00f3n de la reuni\u00f3n llevada a cabo en la \u00a0residencia \u00a0de la ex congresista, resulta de primordial importancia para la Sala \u00a0efectuar la valoraci\u00f3n probatoria correspondiente del mismo, as\u00ed: \u00a0\u00a0<\/p>\n<p>\u00a0 \u00a0\u00a0 \u00a0\u00a0 \u00a0\u00a0Inicialmente, \u00a0cuando \u00a0el \u00a0desmovilizado \u00a0Mancuso \u00a0accedi\u00f3 a rendir \u00a0versi\u00f3n \u00a0libre \u00a0en \u00a0el \u00a0proceso de Justicia y Paz, lo hizo comprometido a decir \u00a0verdad \u00a0y \u00a0esclarecer \u00a0los \u00a0hechos, \u00a0raz\u00f3n por la cual hizo menci\u00f3n a lugares, \u00a0actividades \u00a0y \u00a0personas \u00a0en \u00a0forma \u00a0espont\u00e1nea, sin resquemores y sin inter\u00e9s \u00a0diferente \u00a0al \u00a0de \u00a0participar \u00a0con \u00a0el compromiso de desmovilizaci\u00f3n al cual se \u00a0someti\u00f3 voluntariamente. \u00a0\u00a0<\/p>\n<p>\u00a0 \u00a0 \u00a0 \u00a0 \u00a0<\/p>\n<p>En \u00a0desarrollo \u00a0de tal actividad aludi\u00f3 no \u00a0s\u00f3lo \u00a0a \u00a0la \u00a0reuni\u00f3n realizada en El Caramelo en casa de Eleonora Pineda, sino \u00a0tambi\u00e9n \u00a0al \u00a0motivo \u00a0de \u00a0la \u00a0misma, \u00a0expresando \u00a0all\u00ed \u00a0que \u00a0hab\u00eda \u00a0sido \u00a0para \u00a0determinar \u00a0o acordar a qui\u00e9n apoyar\u00edan para la Gobernaci\u00f3n de Bol\u00edvar, si a \u00a0Libardo \u00a0Simancas \u00a0o a L\u00f3pez Cossio y aunque en sus intervenciones posteriores, \u00a0dijo \u00a0que \u00a0fue \u00a0bastante expl\u00edcito en la exposici\u00f3n rendida en Justicia y Paz, \u00a0a\u00fan \u00a0as\u00ed \u00a0trajo \u00a0a \u00a0relucir \u00a0un \u00a0motivo diverso de tal reuni\u00f3n, esto es, para \u00a0tomar \u00a0acci\u00f3n \u00a0frente \u00a0a \u00a0las \u00a0quejas \u00a0que \u00a0los \u00a0diferentes l\u00edderes pol\u00edticos \u00a0hac\u00edan \u00a0por \u00a0la \u00a0supuesta interferencia de las autodefensas contra el candidato \u00a0Libardo \u00a0 Simancas \u00a0 de \u00a0 la \u00a0 l\u00ednea \u00a0 de \u00a0 los \u00a0 dirigentes \u00a0pol\u00edticos \u00a0all\u00ed \u00a0reunidos. \u00a0\u00a0<\/p>\n<p>\u00a0 \u00a0\u00a0 \u00a0 \u00a0\u00a0 \u00a0\u00a0Para \u00a0la Sala, resulta m\u00e1s coherente la \u00a0primera \u00a0manifestaci\u00f3n, \u00a0pues \u00a0es \u00a0de \u00a0entender que, como \u00e9l mismo lo expres\u00f3 \u00a0incluso \u00a0con \u00a0bastante preocupaci\u00f3n, admitir que las autodefensas dirigidas por \u00a0\u00e9l \u00a0hab\u00edan \u00a0tomado parte en actividades proselitistas imponiendo un candidato, \u00a0podr\u00eda \u00a0conllevar \u00a0al \u00a0entorpecimiento \u00a0de \u00a0la \u00a0desmovilizaci\u00f3n \u00a0a \u00a0la cual se \u00a0hab\u00edan \u00a0 \u00a0comprometido \u00a0 y \u00a0 que \u00a0 efectivamente \u00a0 llevaron \u00a0 a \u00a0 cabo \u00a0 tiempo \u00a0despu\u00e9s. \u00a0\u00a0<\/p>\n<p>\u00a0 \u00a0\u00a0 \u00a0\u00a0 \u00a0\u00a0Al \u00a0respecto, \u00a0resulta \u00a0importante \u00a0tener \u00a0en \u00a0cuenta \u00a0que el propio \u00a0Mancuso \u00a0no \u00a0neg\u00f3 \u00a0en \u00a0sus \u00a0\u00faltimas \u00a0intervenciones \u00a0de \u00a0forma \u00a0tajante el que \u00a0se\u00f1al\u00f3 \u00a0inicialmente \u00a0como m\u00f3vil de la reuni\u00f3n realizada en El Caramelo, tan \u00a0s\u00f3lo \u00a0quiso \u00a0ser \u00a0algo \u00a0m\u00e1s \u00a0expl\u00edcito, \u00a0pero \u00a0dej\u00f3 \u00a0vigente \u00a0lo \u00a0que hab\u00eda \u00a0expresado \u00a0en forma, por dem\u00e1s bastante espont\u00e1nea, en la versi\u00f3n de Justicia \u00a0y Paz.\u00a0 \u00a0\u00a0<\/p>\n<p>\u00a0 \u00a0 \u00a0 \u00a0 \u00a0<\/p>\n<p>\u00a0 \u00a0\u00a0 \u00a0\u00a0 \u00a0\u00a0No \u00a0resulta cre\u00edble que la reuni\u00f3n haya tenido como fundamento las \u00a0quejas \u00a0de \u00a0dichos \u00a0l\u00edderes pol\u00edticos, pues para ello se debe recordar que las \u00a0autodefensas \u00a0dirigidas \u00a0por Mancuso ten\u00edan candidatos de su predilecci\u00f3n; \u00e9l \u00a0mismo \u00a0lo acept\u00f3 en la misma versi\u00f3n expuesta en Justicia y Paz, especialmente \u00a0cuando \u00a0afirm\u00f3: \u00a0\u201c\u2026Le hab\u00eda dicho que hab\u00edamos \u00a0hecho \u00a0unos pactos con congresistas para la elecci\u00f3n de alcaldes, gobernadores, \u00a0especialmente \u00a0para \u00a0alcalde \u00a0de \u00a0Monter\u00eda, Gobernaci\u00f3n de C\u00f3rdoba en el a\u00f1o \u00a02003, \u00a0en \u00a0las \u00a0cuales \u00a0se \u00a0hizo \u00a0una \u00a0alianza\u2026y \u00a0cuando me refiero a nuestros \u00a0congresistas \u00a0 hay \u00a0 unos \u00a0 elegidos \u00a0por \u00a0nosotros \u00a0directamente\u2026\u201d (fl.158 c.o1). \u00a0\u00a0<\/p>\n<p>\u00a0 \u00a0\u00a0 \u00a0\u00a0 \u00a0\u00a0Adem\u00e1s, \u00a0es preciso recordar que fue precisamente Salvatore Mancuso \u00a0quien \u00a0 p\u00fablicamente \u00a0 y \u00a0 ante \u00a0los \u00a0medios \u00a0de \u00a0comunicaci\u00f3n \u00a0dijo \u00a0que \u00a0las \u00a0autodefensas \u00a0ten\u00edan el 35 por ciento del Congreso de la Rep\u00fablica, lo cual ha \u00a0sido \u00a0plenamente \u00a0publicitado \u00a0y \u00a0conocido \u00a0por la comunidad, motivo por el cual \u00a0dicha aseveraci\u00f3n no requiere mayor probanza. \u00a0\u00a0<\/p>\n<p>\u00a0 \u00a0\u00a0 \u00a0\u00a0 \u00a0\u00a0Todo \u00a0lo \u00a0anterior, \u00a0evidencia \u00a0que \u00a0el comandante Mancuso realmente \u00a0estaba \u00a0m\u00e1s \u00a0interesado \u00a0y \u00a0comprometido \u00a0en \u00a0llevar a sus propios candidatos a \u00a0todos \u00a0los \u00a0cargos de direcci\u00f3n y de elecci\u00f3n popular, pues as\u00ed pod\u00eda llegar \u00a0a \u00a0todas las instancias del poder, que a garantizar la neutralidad en el proceso \u00a0electoral, \u00a0como \u00a0se \u00a0ha querido hacer ver aqu\u00ed por la defensa, lo cual resulta \u00a0contrario \u00a0a \u00a0todo \u00a0lo probado, pues no solamente \u00e9ste desmovilizado hizo tales \u00a0manifestaciones, \u00a0 sino \u00a0adem\u00e1s \u00a0otros \u00a0deponentes \u00a0permitieron \u00a0llegar \u00a0a \u00a0tal \u00a0conclusi\u00f3n de la Sala. \u00a0\u00a0<\/p>\n<p>\u00a0 \u00a0\u00a0 \u00a0\u00a0 \u00a0\u00a0Si \u00a0se \u00a0observa \u00a0lo \u00a0expresado \u00a0por \u00a0alias \u201cDiego Vecino\u201d, quien \u00a0igualmente \u00a0acudi\u00f3 a la cita llevada a cabo en el corregimiento El Caramelo por \u00a0invitaci\u00f3n \u00a0de \u00a0Mancuso, se puede colegir que el motivo de la misma no fue otro \u00a0sino \u00a0 el \u00a0 de \u00a0lograr \u00a0por \u00a0Vicente \u00a0Blel \u00a0el \u00a0apoyo \u00a0de \u00a0uno de los comandantes supremos de la organizaci\u00f3n \u00a0paramilitar \u00a0(Mancuso) \u00a0para su candidato a la gobernaci\u00f3n de Bol\u00edvar, Libardo \u00a0Simancas, \u00a0pues \u00a0sin la ayuda primordial de esta agrupaci\u00f3n jam\u00e1s hubiera sido \u00a0posible \u00a0obtener \u00a0el triunfo, tal como efectivamente se logr\u00f3 pero gracias a la \u00a0intervenci\u00f3n \u00a0real \u00a0y \u00a0efectiva de Salvatore, quien inmediatamente se comunic\u00f3 \u00a0con \u00a0 \u201cB\u00e1ez\u201d, \u00a0 pero \u00a0no \u00a0con \u00a0el \u00a0fin \u00a0de \u00a0hablar \u00a0con \u00a0\u00e9l \u00a0un \u00a0tema \u00a0tan \u00a0intrascendente \u00a0como \u00a0el \u00a0que \u00a0expuso, sino para quitar del medio de una vez por \u00a0todas a L\u00f3pez Cossio. \u00a0\u00a0<\/p>\n<p>\u00a0 \u00a0 \u00a0 \u00a0 \u00a0<\/p>\n<p>\u00a0 \u00a0\u00a0 \u00a0\u00a0 \u00a0\u00a0Prueba \u00a0de \u00a0ello \u00a0es \u00a0la \u00a0declaraci\u00f3n del propio \u201cB\u00e1ez\u201d, quien \u00a0dirigi\u00f3 \u00a0la \u00a0reuni\u00f3n \u00a0de \u00a0Barranco \u00a0de \u00a0Loba \u00a0-d\u00edas antes de que Vicente \u00a0Blel organizara la celebrada en El \u00a0Caramelo- \u00a0y \u00a0quien \u00a0adem\u00e1s \u00a0apoyaba \u00a0junto con otros comandantes como \u201cDiego \u00a0Vecino\u201d, \u00a0a \u00a0L\u00f3pez \u00a0Cossio, \u00a0quien en esas condiciones era ya un muy fuerte y \u00a0casi \u00a0 seguro \u00a0 ganador \u00a0 de \u00a0dicha \u00a0contienda \u00a0electoral, \u00a0pero \u00a0que \u00a0de \u00a0forma \u00a0\u201cinexplicable\u201d \u00a0 despu\u00e9s \u00a0 de \u00a0 la \u00a0 intervenci\u00f3n \u00a0 de \u00a0Mancuso \u00a0y \u00a0de \u00a0su \u00a0conversaci\u00f3n \u00a0con \u00a0B\u00e1ez \u00a0sobre dicho asunto, result\u00f3 perdiendo las elecciones \u00a0frente \u00a0a \u00a0Libardo \u00a0Simancas. \u00a0 \u00a0\u00a0 \u00a0\u00a0 \u00a0 \u00a0\u00a0 \u00a0\u00a0<\/p>\n<p>As\u00ed \u00a0 lo \u00a0 expres\u00f3 \u00a0 alias \u00a0 \u201cErnesto \u00a0B\u00e1ez\u201d: \u00a0\u00a0<\/p>\n<p>\u00a0 \u00a0\u00a0 \u00a0 \u00a0\u201c\u2026del \u00a02003. \u00a0Hubo \u00a0muchos \u00a0problemas. \u00a0La \u00a0gente \u00a0del \u00a0sur \u00a0de \u00a0Bol\u00edvar \u00a0se \u00a0inclinaba \u00a0por apoyar un candidato que fuera de dicha regi\u00f3n. Era \u00a0el \u00a0doctor \u00a0L\u00f3pez \u00a0Cossio. \u00a0Y \u00a0la \u00a0gente del norte de Bol\u00edvar se inclinaba por \u00a0apoyar \u00a0un \u00a0candidato \u00a0que \u00a0surgiera de la capital Cartagena (\u2026) en mi trabajo \u00a0pol\u00edtico \u00a0siempre \u00a0dije \u00a0a \u00a0las \u00a0comunidades: \u00a0no habr\u00e1 forma de liberar de la \u00a0miseria \u00a0al \u00a0sur \u00a0de \u00a0Bol\u00edvar \u00a0si \u00a0Cartagena sigue manejando las cosas como las \u00a0maneja \u00a0y \u00a0si \u00a0los \u00a0presupuestos \u00a0todos \u00a0se \u00a0invierten \u00a0es \u00a0en \u00a0Cartagena \u00a0(\u2026) \u00a0conversamos \u00a0con \u00a0las \u00a0autodefensas del norte del departamento, hombre porque no \u00a0se \u00a0tratan de unirse, todo estos pueblos, porque unidos el norte unido el sur, y \u00a0con \u00a0una peque\u00f1a ayuda de Cartagena igual la balanza daba, se inclinaba fue una \u00a0idea \u00a0que \u00a0puse en circulaci\u00f3n, ciertamente que yo cre\u00eda que la situaci\u00f3n era \u00a0muy \u00a0dif\u00edcil, \u00a0porque \u00a0era \u00a0m\u00e1s f\u00e1cil aliarse con los candidatos de Cartagena \u00a0que \u00a0aliarse \u00a0con \u00a0las \u00a0autodefensas \u00a0del \u00a0norte del departamento (\u2026) entonces \u00a0alg\u00fan \u00a0d\u00eda \u00a0supe \u00a0que como mi propuesta circul\u00f3 y la miraban con buenos ojos, \u00a0alg\u00fan \u00a0d\u00eda \u00a0supe \u00a0que \u00a0lleg\u00f3 \u00a0a \u00a0o\u00eddos \u00a0de \u00a0la dirigencia de Cartagena y esa \u00a0dirigencia \u00a0se \u00a0reuni\u00f3 \u00a0con\u2026.se \u00a0fue \u00a0a \u00a0buscar \u00a0a Mancuso y se reunieron con \u00a0Mancuso (\u2026). \u00a0\u00a0<\/p>\n<p>Las \u00a0consecuencias de la reuni\u00f3n celebrada \u00a0en \u00a0el \u00a0Caramelo \u00a0las \u00a0puso \u00a0de \u00a0presente \u00a0el \u00a0mismo \u00a0\u201cErnesto B\u00e1ez\u201d, quien \u00a0se\u00f1al\u00f3 \u00a0que \u00a0durante \u00a0la reuni\u00f3n \u201cDiego Vecino\u201d y \u201cSalvatore Mancuso\u201d \u00a0lo \u00a0contactaron \u00a0telef\u00f3nicamente \u00a0y \u00a0le \u00a0indagaron \u00a0por \u00a0los \u00a0reclamos \u00a0de \u00a0los \u00a0asistentes, \u00a0 aqu\u00e9l \u00a0 fue \u00a0 enf\u00e1tico \u00a0 en \u00a0expresar \u00a0que \u00a0no \u00a0exist\u00edan \u00a0tales \u00a0restricciones \u00a0para \u00a0la labor proselitista de Libardo Simancas y se comprometi\u00f3 \u00a0a \u00a0elaborar \u00a0y difundir un comunicado a la comunidad en el que les informaba que \u00a0quedaban en libertad de votar por el candidato de su preferencia. \u00a0\u00a0<\/p>\n<p>Adem\u00e1s del comunicado, los cabecillas de la \u00a0organizaci\u00f3n \u00a0se \u00a0comprometieron \u00a0a velar porque no se presentara ninguna clase \u00a0de \u00a0obstrucci\u00f3n \u00a0en \u00a0la \u00a0campa\u00f1a \u00a0de \u00a0Simancas; \u00a0as\u00ed lo expres\u00f3 Edgard Cobos \u00a0T\u00e9llez, \u00a0en \u00a0la \u00a0declaraci\u00f3n \u00a0que \u00a0fue \u00a0destacada en la resoluci\u00f3n acusatoria \u00a0proferida \u00a0por \u00a0el \u00a0Vicefiscal \u00a0General \u00a0de \u00a0la \u00a0Naci\u00f3n, \u00a0en \u00a0donde adem\u00e1s fue \u00a0expl\u00edcito \u00a0en \u00a0se\u00f1alar \u00a0que \u00a0a \u00a0\u00e9l \u00a0se \u00a0le plante\u00f3 acompa\u00f1ar la candidatura \u00a0apoyada por Vicente Blel: \u00a0\u00a0<\/p>\n<p>\u201cMinuto \u00a0 \u00a0 25:42:\u2026.\u2019adquir\u00ed \u00a0un \u00a0compromiso \u00a0ese \u00a0d\u00eda \u00a0que \u00a0fue \u00a0el \u00a0de \u00a0velar \u00a0de \u00a0ah\u00ed hasta el d\u00eda de las \u00a0elecciones \u00a0porque \u00a0no \u00a0se \u00a0obstruyera \u00a0la campa\u00f1a del doctor Libardo Simancas, \u00a0personalmente \u00a0les \u00a0dije \u00a0voy \u00a0a \u00a0trasladarme a las zonas y voy a hablar con los \u00a0l\u00edderes \u00a0org\u00e1nicos \u00a0de \u00a0\u00e9sta \u00a0organizaci\u00f3n, \u00a0yo \u00a0ten\u00eda para ese entonces un \u00a0trabajo \u00a0muy \u00a0organizado \u00a0y muy adelantado y ellos a su vez lo trasmit\u00edan a las \u00a0comunidades, \u00a0esa \u00a0labor \u00a0se \u00a0hizo as\u00ed y hablo de un se\u00f1or que le dec\u00edamos el \u00a0Profe, \u00a0otro \u00a0que \u00a0le \u00a0dec\u00edamos \u00a0Piter, otro se\u00f1or que le dec\u00edamos Carlos, en \u00a0justicia \u00a0y \u00a0paz est\u00e1 el reconocimiento de fotos los nombres y en la estructura \u00a0que \u00a0entregu\u00e9 como el organigrama de la direcci\u00f3n pol\u00edtica est\u00e1 eso claro, a \u00a0trav\u00e9s \u00a0de \u00a0ellos \u00a0les dije: Me comprometo a que la campa\u00f1a del doctor Libardo \u00a0Simancas \u00a0no vaya a tener ninguna obstrucci\u00f3n, ning\u00fan impedimento por parte de \u00a0esta \u00a0organizaci\u00f3n porque no son mis pol\u00edticas, pero \u00a0s\u00ed \u00a0me \u00a0llama \u00a0la atenci\u00f3n algo, que tambi\u00e9n quiero dejar en claro aqu\u00ed, s\u00ed \u00a0se \u00a0estaba exponiendo en esa reuni\u00f3n, ojo con esto honorable magistrado, s\u00ed se \u00a0estaba \u00a0exponiendo en esa reuni\u00f3n que la campa\u00f1a del se\u00f1or gobernador actual, \u00a0el \u00a0doctor Libardo Simancas, se sent\u00eda obstruida, se sent\u00eda atropellada por el \u00a0accionar \u00a0violento \u00a0de \u00a0esa organizaci\u00f3n, yo tambi\u00e9n quiero dejar en claro que \u00a0aqu\u00ed \u00a0ese \u00a0d\u00eda \u00a0se me plante\u00f3 que por qu\u00e9 no acompa\u00f1\u00e1bamos la campa\u00f1a del \u00a0doctor \u00a0Simancas, \u00a0yo \u00a0no entiendo eso, yo eso quiero \u00a0dejarlo \u00a0en \u00a0claro, \u00a0yo no entiendo entonces qu\u00e9 se pretend\u00eda, si fuese cierto \u00a0esa \u00a0hip\u00f3tesis \u00a0de \u00a0que \u00a0el \u00a0accionar violento de esa organizaci\u00f3n coartaba el \u00a0derecho \u00a0al \u00a0libre \u00a0ejercicio \u00a0del \u00a0doctor Simancas y sus l\u00edderes pol\u00edticos en \u00a0estas \u00a0 regiones, \u00a0 porque \u00a0en \u00a0esta \u00a0reuni\u00f3n \u00a0misma \u00a0reuni\u00f3n \u00a0se \u00a0me \u00a0expuso \u00a0que \u00a0porque \u00a0no \u00a0acompa\u00f1aba \u00a0a la campa\u00f1a del doctor \u00a0Simancas \u00a0(\u2026) \u00a0esa \u00a0propuesta \u00a0la \u00a0hicieron \u00a0los \u00a0asistentes \u00a0a \u00a0la \u00a0reuni\u00f3n, \u00a0incluyendo \u00a0entre ellos al se\u00f1or candidato (subrayado \u00a0nuestro)\u201d. \u00a0\u00a0<\/p>\n<p>Por \u00a0lo \u00a0demostrado, \u00a0existe certeza de que \u00a0Vicente \u00a0 Blel \u00a0 Saad \u00a0 se \u00a0concert\u00f3 \u00a0con \u00a0las \u00a0autodefensas del Bloque Norte de las Autodefensas Unidas de \u00a0Colombia, \u00a0con \u00a0el \u00a0fin \u00a0de promover la actividad il\u00edcita de esa organizaci\u00f3n, \u00a0durante \u00a0una \u00a0\u00e9poca \u00a0que, \u00a0para conservar la simetr\u00eda entre la acusaci\u00f3n y la \u00a0sentencia, \u00a0se \u00a0reduce\u00a0 \u00a0al per\u00edodo en el cual se llev\u00f3 a cabo el proceso \u00a0pol\u00edtico \u00a0para \u00a0elegir gobernadores en las elecciones regionales del a\u00f1o 2003. \u00a0\u00a0<\/p>\n<p>5. \u00a0Respuesta a \u00a0los argumentos de la defensa: \u00a0\u00a0<\/p>\n<p>De los argumentos expuestos por la defensa \u00a0en \u00a0las \u00a0alegaciones \u00a0conclusivas en la audiencia p\u00fablica, su gran mayor\u00eda han \u00a0sido \u00a0respondidos \u00a0por \u00a0la \u00a0Sala \u00a0en \u00a0la valoraci\u00f3n de la prueba y en \u00a0 \u00a0 \u00a0 \u00a0 su \u00a0 \u00a0 \u00a0 \u00a0an\u00e1lisis \u00a0conjunto efectuados \u00a0 \u00a0 \u00a0 en \u00a0 \u00a0 \u00a0 los \u00a0 \u00a0 \u00a0ac\u00e1pites \u00a0anteriores, pero en forma independiente se proceder\u00e1 \u00a0a \u00a0considerar \u00a0uno que se orient\u00f3 a demostrar, c\u00f3mo a partir de la iniciaci\u00f3n \u00a0de \u00a0los \u00a0di\u00e1logos \u00a0de \u00a0paz con las Autodefensas Unidas de Colombia los miembros \u00a0del \u00a0grupo \u00a0al \u00a0margen \u00a0de la ley ten\u00edan como \u00fanica meta la consecuci\u00f3n de la \u00a0paz \u00a0a \u00a0trav\u00e9s \u00a0de \u00a0la \u00a0desmovilizaci\u00f3n y la dejaci\u00f3n de las armas, intereses \u00a0lejanos \u00a0y \u00a0contrarios al de \u00a0influir en los resultados electorales. \u00a0\u00a0<\/p>\n<p>Fijar un punto de partida que le permita a \u00a0la \u00a0historia \u00a0reconocer \u00a0el \u00a0momento \u00a0en que surge un grupo al margen de la ley, \u00a0as\u00ed \u00a0como su finalizaci\u00f3n, no puede ser abordado s\u00f3lo a partir de una fecha o \u00a0un \u00a0 hito \u00a0formal, \u00a0pues \u00a0ello \u00a0tan \u00a0s\u00f3lo \u00a0es \u00a0un \u00a0aspecto \u00a0indicativo, \u00a0que \u00a0debe \u00a0anteceder \u00a0al \u00a0proceso \u00a0evolutivo \u00a0a \u00a0partir \u00a0de \u00a0ese \u00a0momento \u00a0y \u00a0que \u00a0trasciende hist\u00f3ricamente hasta \u00a0alcanzar \u00a0 \u00a0el \u00a0 \u00a0definitivo, \u00a0 sea \u00a0 para \u00a0 consolidarse \u00a0 o \u00a0 para \u00a0 su \u00a0 real \u00a0desaparici\u00f3n. \u00a0\u00a0<\/p>\n<p>El \u00a0 \u00a0estudio \u00a0 \u00a0del \u00a0 fen\u00f3meno \u00a0 del \u00a0paramilitarismo \u00a0en \u00a0Colombia \u00a0debe \u00a0ser \u00a0abordado \u00a0desde los antecedentes de su \u00a0aparici\u00f3n, \u00a0porque ya operaban grupos de Autodefensas \u00a0Campesinas \u00a0en \u00a0varias \u00a0partes \u00a0del \u00a0pa\u00eds, que luego \u00a0fueron \u00a0la \u00a0base \u00a0para \u00a0el \u00a0asentamiento en diferentes \u00a0zonas. \u00a0\u00a0<\/p>\n<p>Los \u00a0bloques se \u00a0fueron \u00a0creando, surgiendo de las bases de la llamada \u201cCasa Casta\u00f1o\u201d, hasta \u00a0permear \u00a0 \u00a0toda \u00a0 \u00a0la \u00a0geograf\u00eda \u00a0 colombiana \u00a0 desde \u00a0Nari\u00f1o \u00a0a los Llanos \u00a0Orientales \u00a0e \u00a0incluso las fronteras, como \u00a0 \u00a0ocurri\u00f3 \u00a0 con \u00a0 el \u00a0 bloque \u00a0\u201cBloque \u00a0Catatumbo\u201d\u00a0 y el \u00a0\u201cBloque Fronteras\u201d. \u00a0\u00a0<\/p>\n<p>Su \u00a0aparici\u00f3n fue paulatina, se \u00a0formaron \u00a0con \u00a0militantes llegados de \u00a0otras \u00a0partes y con oriundos \u00a0de \u00a0 \u00a0la \u00a0 regi\u00f3n; \u00a0 la \u00a0designaci\u00f3n \u00a0 de \u00a0 los \u00a0comandantes, \u00a0 \u00a0 \u00a0unos \u00a0 \u00a0 \u00a0pol\u00edticos, \u00a0 \u00a0 otros \u00a0 \u00a0 militares \u00a0 \u00a0 y \u00a0financieros, \u00a0en \u00a0unos \u00a0frentes \u00a0m\u00e1s \u00a0organizados que en otros. \u00a0\u00a0<\/p>\n<p>De \u00a0igual \u00a0forma \u00a0el proceso contrario, la \u00a0desmovilizaci\u00f3n, \u00a0dejaci\u00f3n \u00a0de \u00a0las \u00a0armas \u00a0o \u00a0tambi\u00e9n \u00a0denominada \u00a0la \u00a0reincorporaci\u00f3n \u00a0de los \u00a0militantes \u00a0 a \u00a0 la \u00a0 vida \u00a0 civil, \u00a0 tambi\u00e9n \u00a0 fue \u00a0 paulatino, \u00a0 pues \u00a0 para \u00a0 ello \u00a0 se \u00a0requer\u00eda \u00a0la \u00a0expedici\u00f3n \u00a0 de \u00a0leyes, \u00a0resoluciones, \u00a0la \u00a0elaboraci\u00f3n \u00a0de\u00a0 documentos \u00a0de \u00a0memoria \u00a0hist\u00f3rica, \u00a0as\u00ed como la participaci\u00f3n \u00a0de \u00a0 \u00a0actores \u00a0 \u00a0de \u00a0 \u00a0m\u00faltiples \u00a0 \u00a0frentes, \u00a0como la iglesia, el gobierno, \u00a0la \u00a0 clase \u00a0pol\u00edtica, \u00a0organismos internacionales, por citar algunos de ellos. \u00a0\u00a0<\/p>\n<p>El \u00a0desarme \u00a0y \u00a0la \u00a0desmovilizaci\u00f3n \u00a0de \u00a0los \u00a0 paramilitares \u00a0 estuvo \u00a0 regulado \u00a0 por \u00a0el \u00a0siguiente \u00a0marco \u00a0jur\u00eddico: \u00a0Ley \u00a0782 \u00a0 \u00a0 de \u00a0 \u00a0 2002, \u00a0 \u00a0 Decreto \u00a0128 \u00a0 \u00a0 de \u00a0 \u00a0 2003, \u00a0 \u00a0 Decreto \u00a03360 \u00a0 \u00a0de \u00a0 \u00a02003 \u00a0 \u00a0y \u00a0 \u00a0Decreto \u00a02767 de 2004. \u00a0\u00a0<\/p>\n<p>El \u00a0proceso de paz se inici\u00f3 formalmente \u00a0en \u00a0el \u00a0a\u00f1o \u00a02002 \u00a0con \u00a0el \u00a0cese \u00a0unilateral \u00a0de hostilidades, por parte de las \u00a0autodefensas, \u00a0cumpliendo as\u00ed con el requisito exigido por el Gobierno Nacional \u00a0para \u00a0el \u00a0inicio \u00a0de \u00a0las \u00a0conversaciones. Como respuesta a este gesto, el 23 de \u00a0diciembre \u00a0de \u00a02002 \u00a0el \u00a0Gobierno \u00a0integr\u00f3 \u00a0la \u00a0Comisi\u00f3n \u00a0Exploratoria \u00a0de Paz \u00a0mediante \u00a0la \u00a0Resoluci\u00f3n \u00a0185 \u00a0con \u00a0la \u00a0finalidad \u00a0de propiciar acercamientos y \u00a0adelantar \u00a0di\u00e1logos \u00a0con los grupos armados organizados al margen de la ley que \u00a0hasta \u00a0ese \u00a0momento hab\u00edan hecho p\u00fablica su intenci\u00f3n de cesar hostilidades e \u00a0iniciar \u00a0acercamientos \u00a0para \u00a0buscar \u00a0opciones \u00a0que \u00a0condujeran \u00a0a \u00a0la \u00a0paz y la \u00a0reconciliaci\u00f3n \u00a0nacional, tales como las Autodefensas Unidas de Colombia (AUC); \u00a0Autodefensas \u00a0Campesinas, \u00a0Bloque \u00a0central \u00a0Bol\u00edvar, \u00a0BCB \u00a0y Vencedores de Arauca; y el grupo Autodefensas \u00a0Alianza \u00a0del Oriente, conformada por las Autodefensas \u00a0del Sur del Casanare, Meta y Vichada. \u00a0\u00a0<\/p>\n<p>Fue \u00a0 designado \u00a0 como \u00a0 uno \u00a0 de \u00a0 los \u00a0representantes \u00a0del Gobierno Nacional en la citada Comisi\u00f3n Exploratoria de Paz \u00a0el \u00a0 \u00a0doctor \u00a0 \u00a0Eduardo \u00a0 Le\u00f3n \u00a0 Espinosa \u00a0 Facio \u00a0Lince, \u00a0persona \u00a0reconocida \u00a0en \u00a0el \u00a0departamento de \u00a0Bol\u00edvar. \u00a0\u00a0<\/p>\n<p>La primera reuni\u00f3n con las AUC se llev\u00f3 \u00a0a \u00a0cabo \u00a0el \u00a023 de enero de 2003, pero concluida \u00e9sta el Bloque Elmer C\u00e1rdenas \u00a0se \u00a0retir\u00f3 \u00a0de la mesa, lo que motiv\u00f3 posteriormente la firma de un \u201cActa de \u00a0Compromiso\u201d el 13 de febrero de 2003. \u00a0\u00a0<\/p>\n<p>El \u00a0 \u00a025 \u00a0 \u00a0de \u00a0 junio \u00a0 de \u00a02003, \u00a0la \u00a0Comisi\u00f3n \u00a0Exploratoria \u00a0hizo \u00a0 p\u00fablico \u00a0 un \u00a0 documento \u00a0 de \u00a0recomendaciones \u00a0y \u00a0hasta \u00a0el \u00a023 \u00a0de enero de 2004 se suscribi\u00f3 el \u00a0Convenio \u00a0 con \u00a0la \u00a0Organizaci\u00f3n \u00a0de \u00a0Estados \u00a0Americanos \u00a0que \u00a0permiti\u00f3 \u00a0poner \u00a0en marcha la misi\u00f3n de \u00a0apoyo \u00a0 \u00a0 \u00a0 al \u00a0 \u00a0 \u00a0 proceso \u00a0 \u00a0 \u00a0 de \u00a0 \u00a0 \u00a0Paz46. \u00a0\u00a0<\/p>\n<p>El \u00a0a\u00f1o \u00a02003 \u00a0transcurri\u00f3 \u00a0entre \u00a0la \u00a0expedici\u00f3n \u00a0de documentos cuya finalidad era sentar las bases de los di\u00e1logos, \u00a0la \u00a0instalaci\u00f3n \u00a0de \u00a0mesas \u00a0de \u00a0negociaci\u00f3n \u00a0y las \u00a0conversaciones \u00a0 \u00a0con \u00a0 \u00a0los \u00a0 \u00a0comandantes \u00a0 para \u00a0 lograr \u00a0 la \u00a0 solidez \u00a0 del \u00a0proceso. \u00a0\u00a0<\/p>\n<p>Paralelo \u00a0 al \u00a0inicio \u00a0del \u00a0proceso \u00a0de \u00a0di\u00e1logo, \u00a0se \u00a0llevaron \u00a0a \u00a0cabo \u00a0en el a\u00f1o \u00a02003 \u00a0las \u00a0elecciones de las autoridades locales, asambleas, \u00a0concejos, gobernaciones y alcald\u00edas de todo el pa\u00eds. \u00a0\u00a0<\/p>\n<p>El \u00a0inicio formal de los di\u00e1logos de paz \u00a0con \u00a0la \u00a0integraci\u00f3n \u00a0de \u00a0la Comisi\u00f3n Exploratoria significaba el comienzo \u00a0de \u00a0los \u00a0actos preparatorios \u00a0entre \u00a0ellos \u00a0el \u00a0compromiso de \u201ccese de hostilidades\u201d, entendidos \u00a0 como \u00a0 los \u00a0 actos \u00a0de \u00a0 los \u00a0 que \u00a0pudiera \u00a0resultar \u00a0 afectada \u00a0 la \u00a0 poblaci\u00f3n \u00a0civil. \u00a0\u00a0<\/p>\n<p>El \u00a0 ideal \u00a0 pol\u00edtico \u00a0 de \u00a0las \u00a0Autodefensas \u00a0Unidas de Colombia \u00a0fue \u00a0lograr \u00a0el \u00a0acceso a todas las autoridades locales, proceso que tambi\u00e9n se \u00a0llev\u00f3 \u00a0a cabo lentamente, \u00a0desde \u00a0la \u00a0base \u00a0de \u00a0la \u00a0sociedad y como hoy \u00a0en \u00a0d\u00eda \u00a0puede \u00a0ser corroborado, \u00a0lleg\u00f3 \u00a0a \u00a0alcanzar las alcald\u00edas, gobernaciones, asambleas y concejos de parte \u00a0del \u00a0pa\u00eds. \u00a0El \u00a0\u00faltimo \u00a0escal\u00f3n de esa ascendente \u00a0representaci\u00f3n \u00a0pol\u00edtica \u00a0era \u00a0precisamente \u00a0el \u00a0Congreso de la Rep\u00fablica, en \u00a0donde \u00a0 si \u00a0bien \u00a0no \u00a0ten\u00edan \u00a0representantes \u00a0directos \u00a0cuyo \u00a0origen \u00a0estuviera \u00a0claramente \u00a0en \u00a0sus \u00a0filas, \u00a0lograron \u00a0mediante \u00a0pactos \u00a0acceder al parlamento a \u00a0trav\u00e9s \u00a0de \u00a0miembros \u00a0de \u00a0la \u00a0clase \u00a0pol\u00edtica \u00a0que \u00a0ten\u00edan \u00a0un \u00a0electorado ya \u00a0consolidado. \u00a0\u00a0<\/p>\n<p>Si el proyecto pol\u00edtico ven\u00eda obteniendo \u00a0esos \u00a0logros, la decisi\u00f3n de hacer dejaci\u00f3n de las armas y la desmovilizaci\u00f3n \u00a0que \u00a0depend\u00edan \u00a0de un marco legislativo, requer\u00eda de todas formas del respaldo \u00a0en \u00a0 las \u00a0Corporaciones \u00a0y \u00a0autoridades \u00a0departamentales, \u00a0raz\u00f3n \u00a0por \u00a0la \u00a0cual \u00a0sostener, \u00a0como \u00a0lo \u00a0hizo \u00a0la defensa en la audiencia p\u00fablica, que a partir del \u00a0a\u00f1o \u00a02002 \u00a0las \u00a0Autodefensas \u00a0Unidas \u00a0de \u00a0Colombia no pod\u00edan ocuparse de temas \u00a0pol\u00edticos \u00a0porque \u00a0estaban comprometidos en la fase exploratoria, es desconocer \u00a0la realidad del pa\u00eds. \u00a0\u00a0<\/p>\n<p>Bajo \u00a0estas \u00a0consideraciones el documento \u00a0contentivo \u00a0de la queja que reposa en el expediente, fechado el 15 de septiembre \u00a0de \u00a02003, \u00a0refleja \u00a0los avatares de la contienda electoral en el departamento de \u00a0Bol\u00edvar, \u00a0raz\u00f3n \u00a0por \u00a0la \u00a0cual, \u00a0los \u00a0parlamentarios de la regi\u00f3n unieron sus \u00a0intereses \u00a0para \u00a0pedirle \u00a0al \u00a0miembro \u00a0de \u00a0la \u00a0Comisi\u00f3n \u00a0Exploratoria ayudara a \u00a0clarificar \u00a0las \u00a0supuestas \u00a0presiones \u00a0que podr\u00edan interferir en la legitimidad \u00a0del proceso electoral. \u00a0\u00a0<\/p>\n<p>La \u00a0respuesta inmediata del miembro de la \u00a0Comisi\u00f3n, \u00a0como \u00a0ya \u00a0se tuvo oportunidad de se\u00f1alar, fue poner en conocimiento \u00a0del \u00a0 \u00a0 \u00a0comandante \u00a0 \u00a0 Mancuso\u00a0 \u00a0 \u00a0tal \u00a0 situaci\u00f3n, \u00a0 quien \u00a0le \u00a0reiter\u00f3 \u00a0los \u00a0compromisos \u00a0asumidos \u00a0por \u00a0las AUC. \u00a0\u00a0<\/p>\n<p>Ni \u00a0 en \u00a0 la \u00a0 comunicaci\u00f3n \u00a0 de \u00a0 los \u00a0parlamentarios \u00a0ni \u00a0en \u00a0la \u00a0remitida \u00a0por el Comisionado Espinosa Facio Lince al \u00a0Alto \u00a0Comisionado para la Paz, se menciona que la situaci\u00f3n irregular proven\u00eda \u00a0del \u00a0sur de Bol\u00edvar y se hubiera originado en los hostigamientos a seguidores y \u00a0l\u00edderes \u00a0 pol\u00edticos \u00a0 cercanos \u00a0a \u00a0la \u00a0campa\u00f1a \u00a0del \u00a0candidato \u00a0Libardo \u00a0 \u00a0 \u00a0 \u00a0 \u00a0 Simancas. \u00a0\u00a0<\/p>\n<p>No \u00a0puede \u00a0negarse que los hostigamientos \u00a0existieron, \u00a0 m\u00e1s \u00a0en \u00a0un \u00a0departamento \u00a0con \u00a0marcadas \u00a0diferencias \u00a0entre \u00a0las \u00a0regiones, \u00a0como \u00a0fue \u00a0expuesto \u00a0por \u00a0\u201cErnesto \u00a0 \u00a0 \u00a0 B\u00e1ez\u201d, \u00a0quien \u00a0por \u00a0ser \u00a0el \u00a0comandante \u00a0del \u00a0Bloque \u00a0Central Bol\u00edvar, \u00a0asentado \u00a0en \u00a0el \u00a0sur \u00a0del \u00a0departamento \u00a0ten\u00eda \u00a0preferencias por el candidato m\u00e1s representativo de esa \u00a0regi\u00f3n, \u00a0como era L\u00f3pez \u00a0Cossio. \u00a0\u00a0<\/p>\n<p>Entonces \u00a0la \u00a0b\u00fasqueda \u00a0posterior \u00a0del \u00a0encuentro \u00a0con \u00a0el comandante \u201cMancuso\u201d y con \u201cDiego Vecino\u201d \u00a0 en \u00a0 El \u00a0Caramelo, \u00a0como \u00a0atr\u00e1s \u00a0se dijo, resultaba \u00a0 \u00a0 \u00a0 a \u00a0 \u00a0 \u00a0 todas \u00a0 \u00a0 \u00a0luces \u00a0innecesaria, \u00a0porque \u00a0ya \u00a0los \u00a0 conductos \u00a0 regulares \u00a0se \u00a0hab\u00edan \u00a0 \u00a0 agotado, \u00a0 \u00a0logr\u00e1ndose \u00a0 \u00a0as\u00ed \u00a0la \u00a0 reiteraci\u00f3n \u00a0 del \u00a0 compromiso, \u00a0raz\u00f3n \u00a0por \u00a0la \u00a0cual \u00a0la \u00a0reuni\u00f3n \u00a0llevada \u00a0a cabo en la casa de \u00a0Eleonora \u00a0Pineda \u00a0ten\u00eda, como se ha sostenido en la \u00a0resoluci\u00f3n \u00a0 de \u00a0acusaci\u00f3n \u00a0y \u00a0en \u00a0la \u00a0providencia \u00a0de \u00a0 segunda \u00a0instancia \u00a0confirmatoria \u00a0de la misma, un inter\u00e9s distinto a la \u00a0solicitud de cese de hostigamientos. \u00a0\u00a0<\/p>\n<p>\u00a0 \u00a0\u00a0 \u00a0\u00a0 \u00a0Los \u00a0miembros \u00a0de las Autodefensas Unidas de Colombia a partir del \u00a0a\u00f1o \u00a0 2002 \u00a0y \u00a0durante \u00a0los \u00a0siguientes \u00a0hasta \u00a0la \u00a0efectiva \u00a0desmovilizaci\u00f3n, \u00a0siguieron \u00a0influyendo \u00a0en \u00a0las \u00a0posteriores \u00a0elecciones \u00a0locales \u00a0y \u00a0en \u00a0las \u00a0de \u00a0representantes \u00a0al \u00a0Congreso \u00a0de \u00a0la Rep\u00fablica porque ten\u00edan absoluta claridad \u00a0que \u00a0la \u00a0entrega \u00a0de \u00a0armas \u00a0y \u00a0de \u00a0frentes \u00a0pod\u00eda llevarse a cabo sin que esto \u00a0significara la renuncia definitiva de su proyecto pol\u00edtico. \u00a0\u00a0<\/p>\n<p>Resulta, por tanto, indiscutible que en el \u00a0presente \u00a0evento \u00a0est\u00e1 \u00a0demostrada tanto la existencia del delito imputado como \u00a0la \u00a0responsabilidad \u00a0del \u00a0procesado Vicente Blel Saad \u00a0en \u00a0 \u00a0ese \u00a0 \u00a0quehacer \u00a0 \u00a0punible, \u00a0 \u00a0por \u00a0cuya \u00a0raz\u00f3n \u00a0se \u00a0proferir\u00e1 \u00a0sentencia \u00a0condenatoria \u00a0en \u00a0su \u00a0contra. \u00a0\u00a0<\/p>\n<p>6. \u00a0 \u00a0 \u00a0 \u00a0 \u00a0Dosificaci\u00f3n punitiva: \u00a0\u00a0<\/p>\n<p>\u00a0 \u00a0\u00a0 \u00a0\u00a0 \u00a0Como \u00a0 no \u00a0 se \u00a0dedujeron \u00a0agravantes \u00a0gen\u00e9ricas, \u00a0la \u00a0pena \u00a0a \u00a0imponer \u00a0 oscilar\u00e1 \u00a0 entre \u00a0 setenta \u00a0y \u00a0dos \u00a0(72) \u00a0y \u00a0noventa \u00a0(90) meses de prisi\u00f3n, que corresponden \u00a0al \u00a0\u00e1mbito \u00a0punitivo del \u00a0primer \u00a0cuarto, por cuanto \u00a0el \u00a0inciso \u00a0segundo \u00a0del \u00a0art\u00edculo \u00a0340 del C\u00f3digo \u00a0Penal \u00a0tiene \u00a0prevista \u00a0pena privativa de la libertad de dicha naturaleza que va \u00a0de \u00a0seis (6) a doce\u00a0 \u00a0(12) \u00a0 a\u00f1os, \u00a0 norma \u00a0aplicable \u00a0en \u00a0este \u00a0caso \u00a0por raz\u00f3n del principio de favorabilidad, como ya se \u00a0explic\u00f3 en precedencia. \u00a0\u00a0<\/p>\n<p>Seg\u00fan el art\u00edculo 61 del C\u00f3digo Penal, \u00a0la \u00a0 \u00a0naturaleza \u00a0 y \u00a0la \u00a0 gravedad \u00a0 de \u00a0la \u00a0conducta \u00a0son \u00a0categor\u00edas \u00a0que expresan la antijuridicidad del comportamiento y \u00a0la \u00a0dimensi\u00f3n \u00a0del \u00a0injusto, \u00a0indispensables \u00a0en \u00a0orden a brindar una respuesta \u00a0proporcional a la agresi\u00f3n causada. \u00a0\u00a0<\/p>\n<p>\u00a0 \u00a0 \u00a0 \u00a0 \u00a0<\/p>\n<p>En \u00a0 esas \u00a0 condiciones, \u00a0ubicados \u00a0en \u00a0el \u00a0mencionado \u00a0cuarto \u00a0y \u00a0atendidos \u00a0 \u00a0los \u00a0 \u00a0criterios \u00a0 \u00a0previstos \u00a0 \u00a0en \u00a0 el \u00a0 precitado \u00a0 61, \u00a0la \u00a0pena \u00a0a \u00a0imponer ser\u00e1 el m\u00e1ximo establecido \u00a0 \u00a0en \u00a0 dicho \u00a0 segmento, \u00a0monto que corresponde a la gravedad de la conducta en concreto, \u00a0no \u00a0s\u00f3lo \u00a0por \u00a0su expresi\u00f3n objetiva, sino tambi\u00e9n por la intensidad del dolo \u00a0que \u00a0se \u00a0refleja \u00a0en \u00a0el hecho de pactar voluntariamente la promoci\u00f3n de grupos \u00a0armados que est\u00e1n por fuera de la institucionalidad. \u00a0\u00a0<\/p>\n<p>Por \u00a0 \u00a0tal \u00a0 \u00a0raz\u00f3n, \u00a0 \u00a0a \u00a0 Vicente \u00a0 Blel \u00a0 Saad \u00a0se \u00a0le \u00a0impondr\u00e1 \u00a0la sanci\u00f3n de NOVENTA (90) meses \u00a0 de \u00a0prisi\u00f3n, \u00a0que \u00a0corresponde \u00a0al \u00a0m\u00e1ximo \u00a0 \u00a0establecido \u00a0 \u00a0en \u00a0 el \u00a0 cuarto \u00a0 punitivo \u00a0 seleccionado. \u00a0Para el \u00a0efecto, \u00a0 \u00a0 como \u00a0 \u00a0 se \u00a0 \u00a0 dijo, \u00a0 \u00a0pondera \u00a0la \u00a0Sala \u00a0la \u00a0gravedad \u00a0de la \u00a0conducta \u00a0 cometida \u00a0 por \u00a0 el \u00a0acusado, \u00a0en cuanto \u00a0configura \u00a0un \u00a0ataque \u00a0frontal al bien jur\u00eddico de la seguridad p\u00fablica, en su \u00a0m\u00e1s \u00a0alto significado, encarnado en el ex Senador de \u00a0la \u00a0Rep\u00fablica \u00a0como \u00a0depositario \u00a0de \u00a0la \u00a0confianza \u00a0colectiva \u00a0del \u00a0departamento \u00a0de \u00a0Bol\u00edvar, \u00a0lo \u00a0que \u00a0hace \u00a0m\u00e1s \u00a0reprochable su \u00a0conducta \u00a0y \u00a0refleja \u00a0un \u00a0mayor \u00a0conocimiento \u00a0de su \u00a0contenido il\u00edcito. \u00a0\u00a0<\/p>\n<p>El \u00a0agravio \u00a0inferido \u00a0se \u00a0traduce \u00a0en un \u00a0menoscabo \u00a0evidente \u00a0a \u00a0los valores que nutren un modelo de Estado democr\u00e1tico, \u00a0que \u00a0 por \u00a0 esencia \u00a0 y \u00a0 definici\u00f3n \u00a0 debe \u00a0 estar \u00a0 inspirado \u00a0 en \u00a0los \u00a0principios \u00a0de la probidad y la \u00a0transparencia \u00a0de \u00a0quienes \u00a0est\u00e1n \u00a0llamados \u00a0a \u00a0alcanzar \u00a0sus \u00a0altos \u00a0y \u00a0nobles \u00a0fines. \u00a0\u00a0<\/p>\n<p>\u00a0 \u00a0\u00a0 \u00a0\u00a0 \u00a0Siendo \u00a0 \u00a0consecuente \u00a0 \u00a0con \u00a0 esa \u00a0 definici\u00f3n, \u00a0 la \u00a0 pena \u00a0 de \u00a0multa, \u00a0 tambi\u00e9n \u00a0 prevista \u00a0 en \u00a0la \u00a0disposici\u00f3n \u00a0infringida, ser\u00e1 de 6.500 salarios m\u00ednimos legales \u00a0mensuales \u00a0vigentes, \u00a0guarismo \u00a0que \u00a0corresponde \u00a0al \u00a0m\u00e1ximo del primer cuarto punitivo. \u00a0\u00a0<\/p>\n<p>\u00a0 \u00a0 \u00a0 \u00a0 \u00a0<\/p>\n<p>De conformidad \u00a0con \u00a0el \u00a0art\u00edculo \u00a052 \u00a0del \u00a0C\u00f3digo \u00a0Penal, \u00a0la \u00a0Sala condenar\u00e1 a Vicente \u00a0Blel \u00a0Saad a la pena accesoria \u00a0de \u00a0inhabilitaci\u00f3n \u00a0para \u00a0el ejercicio de derechos y funciones p\u00fablicas por un \u00a0tiempo \u00a0igual al de la pena principal. De otra parte, \u00a0de \u00a0acuerdo \u00a0con \u00a0el \u00a0art\u00edculo \u00a056 \u00a0del \u00a0C\u00f3digo de \u00a0Procedimiento \u00a0Penal, \u00a0al \u00a0no haberse probado que se hubiesen causado perjuicios \u00a0materiales y morales, no procede la condena por ese aspecto. \u00a0\u00a0<\/p>\n<p>\u00a0 \u00a0 \u00a0 \u00a0Por \u00a0\u00faltimo, \u00a0se \u00a0advierte \u00a0que \u00a0no \u00a0hay \u00a0lugar \u00a0a la suspensi\u00f3n \u00a0condicional \u00a0de \u00a0la \u00a0ejecuci\u00f3n \u00a0de la pena ni a su sustituci\u00f3n por la prisi\u00f3n \u00a0domiciliaria. \u00a0En \u00a0ambos \u00a0casos \u00a0por \u00a0impedirlo \u00a0un \u00a0requisito \u00a0objetivo. \u00a0En el \u00a0primero, \u00a0porque \u00a0la \u00a0ley s\u00f3lo autoriza el subrogado frente a penas de prisi\u00f3n \u00a0impuestas \u00a0no \u00a0superiores \u00a0a \u00a03 a\u00f1os y en el segundo, porque s\u00f3lo es viable la \u00a0consideraci\u00f3n \u00a0de \u00a0esa \u00a0sustituci\u00f3n \u00a0cuando la pena m\u00ednima prevista en la ley \u00a0para \u00a0el \u00a0delito \u00a0objeto de condena sea de 5 a\u00f1os o menos, seg\u00fan los t\u00e9rminos \u00a0de los art\u00edculos 38 y 63-1 del C\u00f3digo Penal. \u00a0\u00a0<\/p>\n<p>\u00a0 \u00a0 \u00a0\u00a0 \u00a0\u00a0En \u00a0m\u00e9rito \u00a0de \u00a0lo expuesto, la CORTE \u00a0SUPREMA \u00a0DE \u00a0JUSTICIA, SALA DE CASACI\u00d3N PENAL, administrando justicia en nombre \u00a0de la Rep\u00fablica y por autoridad de la ley, \u00a0\u00a0<\/p>\n<p>RESUELVE \u00a0<\/p>\n<p>\u00a0 \u00a0 \u00a0 \u00a0Primero. \u00a0Declarar \u00a0 penalmente \u00a0 responsable \u00a0 a \u00a0 VICENTE \u00a0 BLEL \u00a0 SAAD, \u00a0 de \u00a0 notas \u00a0 civiles \u00a0 y \u00a0 personales \u00a0conocidas \u00a0 \u00a0y, \u00a0 \u00a0en \u00a0 consecuencia, \u00a0 CONDENARLO \u00a0a \u00a0las \u00a0penas \u00a0principales \u00a0de noventa (90) meses de \u00a0prisi\u00f3n \u00a0y \u00a0multa \u00a0de \u00a0seis \u00a0mil \u00a0quinientos \u00a0(6.500) salarios m\u00ednimos legales \u00a0mensuales \u00a0vigentes \u00a0e \u00a0inhabilitaci\u00f3n de derechos y funciones p\u00fablicas por el \u00a0mismo \u00a0lapso, como autor del delito de concierto para promover grupos armados al \u00a0margen \u00a0de \u00a0la \u00a0ley \u00a0de \u00a0que \u00a0trata el art\u00edculo 340 inciso 2\u00b0 de la Ley 599 de \u00a02000. \u00a0\u00a0<\/p>\n<p>\u00a0 \u00a0 \u00a0 \u00a0Segundo. \u00a0Declarar \u00a0que \u00a0no \u00a0hay \u00a0lugar \u00a0a \u00a0condena por el pago de \u00a0da\u00f1os \u00a0y \u00a0perjuicios \u00a0y \u00a0que \u00a0no \u00a0son \u00a0procedentes \u00a0la \u00a0condena \u00a0de \u00a0ejecuci\u00f3n \u00a0condicional ni la prisi\u00f3n domiciliaria. \u00a0\u00a0<\/p>\n<p>\u00a0 \u00a0 \u00a0 \u00a0Tercero. L\u00edbrense las comunicaciones de rigor. \u00a0\u00a0<\/p>\n<p>Notif\u00edquese y C\u00famplase \u00a0<\/p>\n<p>MAR\u00cdA \u00a0 \u00a0DEL \u00a0 ROSARIO \u00a0 GONZ\u00c1LEZ \u00a0 DE \u00a0LEMOS \u00a0\u00a0<\/p>\n<p>JOS\u00c9 \u00a0 \u00a0 \u00a0 LEONIDAS \u00a0 \u00a0 \u00a0BUSTOS \u00a0MART\u00cdNEZ\u00a0\u00a0\u00a0\u00a0\u00a0\u00a0\u00a0\u00a0\u00a0\u00a0\u00a0\u00a0 \u00a0SIGIFREDO ESPINOSA P\u00c9REZ \u00a0\u00a0<\/p>\n<p>\u00a0\u00a0\u00a0\u00a0\u00a0\u00a0\u00a0\u00a0\u00a0\u00a0 \u00a0Aclaraci\u00f3n de voto \u00a0\u00a0<\/p>\n<p>ALFREDO \u00a0 \u00a0 \u00a0 \u00a0 \u00a0 G\u00d3MEZ \u00a0QUINTERO\u00a0\u00a0\u00a0\u00a0\u00a0\u00a0\u00a0\u00a0\u00a0\u00a0\u00a0\u00a0\u00a0\u00a0\u00a0\u00a0\u00a0\u00a0\u00a0\u00a0\u00a0\u00a0 \u00a0AUGUSTO J. IB\u00c1\u00d1EZ GUZM\u00c1N \u00a0\u00a0<\/p>\n<p>JORGE \u00a0 \u00a0 \u00a0 LUIS \u00a0 \u00a0 \u00a0 QUINTERO \u00a0MILAN\u00c9S\u00a0\u00a0\u00a0\u00a0\u00a0\u00a0\u00a0\u00a0\u00a0\u00a0\u00a0\u00a0\u00a0\u00a0\u00a0\u00a0\u00a0\u00a0 \u00a0YESID RAM\u00cdREZ BASTIDAS \u00a0\u00a0<\/p>\n<p>\u00a0\u00a0\u00a0\u00a0\u00a0\u00a0\u00a0\u00a0 \u00a0 Aclaraci\u00f3n \u00a0 de \u00a0voto \u00a0 \u00a0 \u00a0 \u00a0 \u00a0 \u00a0 \u00a0 \u00a0 \u00a0 \u00a0 \u00a0 \u00a0\u00a0 \u00a0 \u00a0 \u00a0 \u00a0\u00a0 \u00a0 \u00a0 \u00a0 \u00a0\u00a0 \u00a0 \u00a0 \u00a0 \u00a0Permiso \u00a0\u00a0<\/p>\n<p>JULIO \u00a0 \u00a0 \u00a0 \u00a0ENRIQUE \u00a0 \u00a0 \u00a0 SOCHA \u00a0SALAMANCA\u00a0\u00a0\u00a0\u00a0\u00a0\u00a0\u00a0\u00a0\u00a0\u00a0\u00a0\u00a0\u00a0\u00a0\u00a0\u00a0\u00a0\u00a0 \u00a0JAVIER ZAPATA ORTIZ \u00a0\u00a0<\/p>\n<p>\u00a0\u00a0\u00a0\u00a0\u00a0\u00a0\u00a0\u00a0\u00a0 Aclaraci\u00f3n \u00a0de \u00a0 voto \u00a0\u00a0 \u00a0\u00a0 \u00a0\u00a0 \u00a0\u00a0Aclaraci\u00f3n de voto \u00a0\u00a0<\/p>\n<p>TERESA \u00a0 \u00a0RUIZ \u00a0N\u00da\u00d1EZ \u00a0\u00a0<\/p>\n<p>Secretaria \u00a0<\/p>\n<p>\u00a0 \u00a0\u00a0<\/p>\n<p>1 \u00a0Parcial, \u00a0por \u00a0cuanto \u00a0se \u00a0dispuso \u00a0all\u00ed \u00a0cerrar \u00a0tan \u00a0solo \u00a0por \u00a0el \u00a0delito de \u00a0\u201cconcierto para delinquir agravado\u201d. \u00a0\u00a0<\/p>\n<p>2 \u00a0Expresi\u00f3n \u00a0utilizada \u00a0por estos comandantes paramilitares para hacer referencia \u00a0a \u00a0las \u00a0diversas \u00a0comunidades supuestamente agradecidas con estos grupos armados \u00a0ilegales \u00a0 por \u00a0 sus \u00a0 presuntas \u00a0 labores \u00a0en \u00a0pro \u00a0de \u00a0los \u00a0habitantes \u00a0de \u00a0la \u00a0regi\u00f3n. \u00a0\u00a0<\/p>\n<p>3 \u00a0Constancia de la Secretar\u00eda General del senado fl.69 c.1. \u00a0\u00a0<\/p>\n<p>4 \u00a0Seg\u00fan certificaci\u00f3n de la Secretar\u00eda del Senado (fl.87 c.1.) \u00a0\u00a0<\/p>\n<p>5 \u00a0Resoluci\u00f3n \u00a0 de \u00a0 apertura \u00a0 previas \u00a0 20 \u00a0 de \u00a0 septiembre \u00a0 de \u00a0 2007 \u00a0(fl.35 \u00a0c.1) \u00a0\u00a0<\/p>\n<p>6 \u00a0Jurisprudencia \u00a0seg\u00fan \u00a0la \u00a0cual, \u00a0por mayor\u00eda, s\u00f3lo en los delitos propios se \u00a0manten\u00eda \u00a0la \u00a0competencia \u00a0para \u00a0la \u00a0investigaci\u00f3n \u00a0y \u00a0juzgamiento de personas \u00a0aforadas. \u00a0\u00a0<\/p>\n<p>7 \u00a0Respecto \u00a0del \u00a0precedente \u00a0seg\u00fan el cual: \u201cel fuero \u00a0se \u00a0mantiene pese a la renuncia del congresista, a condici\u00f3n de que la conducta \u00a0que \u00a0se \u00a0le \u00a0imputa \u00a0tenga relaci\u00f3n con las funciones desempe\u00f1adas\u201d, \u00a0fue \u00a0la \u00a0constante \u00a0y \u00a0el fundamento para determinar en casos \u00a0similares \u00a0la competencia de esta Corporaci\u00f3n. Para ello bien pueden tenerse en \u00a0cuenta, \u00a0entre \u00a0otras, \u00a0las \u00a0siguientes \u00a0decisiones: Auto 15 de febrero de 1995. \u00a0Rad.9675\/ \u00a0Auto \u00a0del \u00a018 \u00a0de \u00a0febrero de 1997. Rad.10684\/ Auto del 23 de mayo de \u00a02001.Rad.17.657\/ \u00a0Sentencia \u00a0del 2 de junio de 2004. Rad.9.121\/ Auto 3 de agosto \u00a0de 2005. Rad.23254.\u00a0 \u00a0\u00a0<\/p>\n<p>8 \u00a0Proceso \u00a0de \u00a0\u00fanica instancia No.27.032, aprobado mediante Acta No.291 del 15 de \u00a0septiembre \u00a0de 2009, seguido en contra del congresista \u00c1lvaro Araujo Castro, en \u00a0donde, \u00a0 \u00a0por \u00a0 \u00a0mayor\u00eda, \u00a0 se \u00a0 resolvi\u00f3 \u00a0 REASUMIR \u00a0 el \u00a0 conocimiento \u00a0 del \u00a0mismo. \u00a0\u00a0<\/p>\n<p>9 CSJ \u00a0Penal, 23 Sep. 2003. Rad.17.089. \u00a0\u00a0<\/p>\n<p>10 La \u00a0defensa \u00a0 en \u00a0 sus \u00a0alegaciones \u00a0finales, \u00a0en \u00a0juicio, \u00a0mencion\u00f3 \u00a0el \u00a0caso \u00a0del \u00a0congresista Jos\u00e9 de Los Santos Negrete Florez. Rad. No.26.942. \u00a0\u00a0<\/p>\n<p>11 \u00a0Constituci\u00f3n \u00a0Pol\u00edtica. Art\u00edculo 150. Tambi\u00e9n el art\u00edculo 6\u00ba de la Ley 5\u00aa \u00a0de 1992. \u00a0\u00a0<\/p>\n<p>12 \u00a0Comunicaci\u00f3n \u00a0telef\u00f3nica que el propio Mancuso en declaraci\u00f3n del 14 de abril \u00a0de \u00a02008 \u00a0menciona, \u00a0aunque \u00a0asegura \u00a0que fue con el prop\u00f3sito de preguntarle a \u00a0\u201cB\u00e1ez\u201d \u00a0si \u00a0era \u00a0verdad \u00a0que \u00a0le \u00a0estaban \u00a0prohibiendo hacer proselitismo a \u00a0Libardo Simancas (fl.149 c.o.4). \u00a0\u00a0<\/p>\n<p>13 \u00a0Constituci\u00f3n \u00a0 \u00a0Pol\u00edtica \u00a0 \u00a0de \u00a0 1886. \u00a0 \u00a0 \u00a0Art\u00edculo \u00a0 \u00a0 \u00a097.- \u00a0En \u00a0los juicios que se sigan ante el \u00a0Senado, se observar\u00e1n estas reglas: \u00a0\u00a0<\/p>\n<p>(\u2026) \u00a0<\/p>\n<p>2. \u00a0Si \u00a0la acusaci\u00f3n se refiere a delitos \u00a0cometidos \u00a0en \u00a0ejercicio \u00a0de \u00a0funciones, \u00a0o \u00a0a \u00a0indignidad por mala conducta, el \u00a0Senado \u00a0no \u00a0podr\u00e1 \u00a0imponer \u00a0otra \u00a0pena \u00a0que la de destituci\u00f3n del empleo, o la \u00a0privaci\u00f3n \u00a0temporal \u00a0o p\u00e9rdida absoluta de los derechos pol\u00edticos; pero se le \u00a0seguir\u00e1 \u00a0juicio \u00a0criminal \u00a0al \u00a0reo \u00a0ante \u00a0la \u00a0Corte \u00a0Suprema, \u00a0si los hechos le \u00a0constituyen responsable de infracci\u00f3n que merezca otra pena; \u00a0\u00a0<\/p>\n<p>3. \u00a0Si \u00a0la acusaci\u00f3n se refiere a delitos \u00a0comunes, \u00a0el \u00a0Senado se limitar\u00e1 a declarar si hay o no lugar a seguimientos de \u00a0causa, \u00a0y \u00a0en \u00a0caso \u00a0afirmativo \u00a0pondr\u00e1 \u00a0al \u00a0acusado a disposici\u00f3n de la Corte \u00a0Suprema\u2026 \u00a0\u00a0<\/p>\n<p>14 \u00a0Sentencia \u00a0 Rad.26.118 \u00a0 del \u00a019 \u00a0de \u00a0diciembre \u00a0de \u00a02007, \u00a0contra \u00a0Eric \u00a0Morris \u00a0Taboada. \u00a0\u00a0<\/p>\n<p>15 \u00a0Sentencia C-934 de 2006. \u00a0\u00a0<\/p>\n<p>16 \u00a0Corte \u00a0Constitucional, \u00a0sentencia C-040 de 2002, MP: Eduardo Montealegre Linett, \u00a0en \u00a0donde \u00a0la \u00a0Corte decidi\u00f3: \u201cDeclarar exequibles, por el cargo estudiado en \u00a0esta \u00a0sentencia, \u00a0las \u00a0expresiones \u00a0acusadas \u00a0del \u00a0art\u00edculo 39 de la Ley 446 de \u00a01998, \u00a0que literalmente dicen \u201cen \u00fanica instancia\u201d y \u201cprivativamente y en \u00a0\u00fanica \u00a0instancia\u201d. \u00a0\u201cVer \u00a0tambi\u00e9n \u00a0la \u00a0sentencia C-103 de 2005, MP: Manuel \u00a0Jos\u00e9 \u00a0Cepeda \u00a0Espinosa, \u00a0en \u00a0donde la Corte record\u00f3 \u201clos criterios que deben \u00a0ser \u00a0 respetados \u00a0por \u00a0el \u00a0Legislador \u00a0para \u00a0que \u00a0su \u00a0decisi\u00f3n \u00a0de \u00a0someter \u00a0un \u00a0procedimiento \u00a0o \u00a0acto \u00a0procesal \u00a0determinado \u00a0a tr\u00e1mite de \u00fanica instancia no \u00a0ri\u00f1a con la Constituci\u00f3n\u201d. \u00a0\u00a0<\/p>\n<p>17 \u00a0Sentencia C-142\/93. MP. Jorge Arango Mej\u00eda. \u00a0\u00a0<\/p>\n<p>18 \u00a0Sobre \u00a0los criterios que puede usar el Legislador para el establecimiento de las \u00a0formas \u00a0propias de cada juicio pueden consultarse las sentencias C-1512 de 2000, \u00a0T-323 de 1999 y C-502 de 1997. \u00a0\u00a0<\/p>\n<p>19 \u00a0Sentencia C-650 de 2001. MP. Clara In\u00e9s Vargas Hern\u00e1ndez. \u00a0\u00a0<\/p>\n<p>20 Ver \u00a0Sentencia C-680 de 1998. \u00a0\u00a0<\/p>\n<p>21 \u00a0Corte \u00a0Constitucional, \u00a0Sentencia \u00a0C-037 de 1996, MP. Vladimiro Naranjo Mesa. En \u00a0donde \u00a0la \u00a0Corte \u00a0dijo \u00a0lo siguiente: \u201cEsta norma se\u00f1ala que la Corte Suprema \u00a0ser\u00e1 \u00a0dividida \u00a0por \u00a0la \u00a0ley \u00a0en salas, las cuales conocer\u00e1n de sus asuntos en \u00a0forma \u00a0\u201cseparada\u201d, \u00a0salvo \u00a0que \u00a0se determine que en algunas oportunidades se \u00a0estudiar\u00e1n \u00a0materias \u00a0por \u00a0la Corporaci\u00f3n en pleno. En ese orden de ideas, las \u00a0atribuciones \u00a0que \u00a0el \u00a0art\u00edculo \u00a0235 \u00a0de \u00a0la \u00a0Carta \u00a0le atribuye a la Corte, en \u00a0particular \u00a0la \u00a0de \u00a0actuar \u00a0como \u00a0tribunal \u00a0de \u00a0casaci\u00f3n \u00a0y \u00a0la de juzgar a los \u00a0funcionarios \u00a0con fuero constitucional, deben entenderse que ser\u00e1n ejercidas en \u00a0forma \u00a0independiente \u00a0por \u00a0cada \u00a0una \u00a0de sus salas, en este caso, por la Sala de \u00a0Casaci\u00f3n \u00a0Penal. \u00a0De \u00a0lo \u00a0anterior \u00a0se \u00a0infieren, pues, varias conclusiones: en \u00a0primer \u00a0 \u00a0 lugar, \u00a0 \u00a0 que \u00a0 \u00a0 cada \u00a0 \u00a0 sala \u00a0 \u00a0 de \u00a0 \u00a0 casaci\u00f3n \u00a0 \u00a0\u2013penal, \u00a0 civil \u00a0o \u00a0laboral- \u00a0act\u00faa, \u00a0dentro \u00a0del \u00e1mbito de su competencia, como m\u00e1ximo tribunal de la jurisdicci\u00f3n \u00a0ordinaria; \u00a0en segundo lugar, que cada una de ellas es aut\u00f3noma para la toma de \u00a0las \u00a0decisiones \u00a0y, \u00a0por \u00a0lo \u00a0mismo, no puede inferirse en momento alguno que la \u00a0Constituci\u00f3n \u00a0defini\u00f3 \u00a0una \u00a0jerarquizaci\u00f3n \u00a0entre las salas; en tercer lugar, \u00a0que \u00a0el \u00a0hecho \u00a0de \u00a0que \u00a0la Carta Pol\u00edtica hubiese facultado al legislador para \u00a0se\u00f1alar \u00a0los \u00a0asuntos \u00a0que deba conocer la Corte en pleno, no significa que las \u00a0salas \u00a0de \u00a0casaci\u00f3n \u00a0pierdan \u00a0su \u00a0competencia \u00a0o que la Sala Plena sea superior \u00a0jer\u00e1rquico \u00a0de \u00a0alguna de ellas. En otras palabras, la redacci\u00f3n del art\u00edculo \u00a0234 \u00a0constitucional \u00a0lleva a la conclusi\u00f3n evidente de que bajo ning\u00fan aspecto \u00a0puede \u00a0se\u00f1alarse \u00a0que exista una jerarqu\u00eda superior, ni dentro ni fuera, de lo \u00a0que \u00a0la \u00a0misma \u00a0Carta ha calificado como \u201cm\u00e1ximo tribunal de la jurisdicci\u00f3n \u00a0ordinaria\u201d\u2026 \u00a0\u00a0<\/p>\n<p>22 \u00a0Corte Constitucional, Sentencia C-142 de 1993. \u00a0\u00a0<\/p>\n<p>23 Ver \u00a0Corte \u00a0Interamericana de Derechos Humanos, Opini\u00f3n Consultiva OC-17\/2002, de 28 \u00a0de agosto de 2002\u2026 \u00a0\u00a0<\/p>\n<p>24 \u00a0Comit\u00e9 \u00a0de \u00a0Derechos \u00a0Humanos, caso Gomariz c.\u00a0 Espa\u00f1a, dictamen de 22 de \u00a0julio \u00a0de \u00a02005, \u00a0p\u00e1rr. 9.2- en un juicio penal por apropiaci\u00f3n indebida en el \u00a0cual \u00a0se \u00a0conden\u00f3 \u00a0a \u00a0un \u00a0promotor de ventas que hab\u00eda firmado un documento de \u00a0reconocimiento \u00a0de \u00a0deuda \u00a0a \u00a0la \u00a0empresa \u00a0que \u00a0posteriormente \u00a0lo denunci\u00f3. El \u00a0comit\u00e9 \u00a0dijo \u00a0lo \u00a0siguiente \u00a0\u201c(\u2026) \u00a0El \u00a0Comit\u00e9 \u00a0observa que en los sistemas \u00a0legales \u00a0 de \u00a0muchos \u00a0pa\u00edses \u00a0los \u00a0tribunales \u00a0de \u00a0apelaci\u00f3n \u00a0pueden \u00a0rebajar, \u00a0confirmar \u00a0o \u00a0aumentar las penas impuestas por los tribunales inferiores. Aunque \u00a0el \u00a0Tribunal \u00a0Supremo, \u00a0en \u00a0el \u00a0presente \u00a0caso, \u00a0adopt\u00f3 \u00a0una opini\u00f3n diferente \u00a0respecto \u00a0a \u00a0los \u00a0hechos \u00a0considerados \u00a0probados por el tribunal inferior, en el \u00a0sentido \u00a0de \u00a0concluir \u00a0que \u00a0el \u00a0Sr. \u00a0P\u00e9rez \u00a0Escobar \u00a0era autor y no simplemente \u00a0c\u00f3mplice \u00a0del \u00a0delito \u00a0de \u00a0apropiaci\u00f3n \u00a0indebida, \u00a0el Comit\u00e9 considera que la \u00a0sentencia \u00a0 del \u00a0 Tribunal \u00a0 Supremo \u00a0 no \u00a0 modific\u00f3 \u00a0 de \u00a0manera \u00a0esencial \u00a0la \u00a0caracterizaci\u00f3n \u00a0del delito, sino que reflej\u00f3 meramente que la valoraci\u00f3n por \u00a0parte \u00a0del \u00a0Tribunal \u00a0de la gravedad de las circunstancias del delito conllevaba \u00a0la \u00a0imposici\u00f3n \u00a0de \u00a0una pena mayor. Por consiguiente, no existe fundamento para \u00a0afirmar \u00a0que \u00a0se \u00a0haya \u00a0producido, \u00a0en \u00a0el \u00a0caso \u00a0presente, \u00a0una \u00a0violaci\u00f3n del \u00a0art\u00edculo \u00a014, p\u00e1rrafo 5 del Pacto \/\/ 9.3 Respecto del resto de las alegaciones \u00a0del \u00a0autor \u00a0relacionadas \u00a0con el art\u00edculo 14, p\u00e1rrafo 5, del Pacto, el Comit\u00e9 \u00a0observa \u00a0que \u00a0varios \u00a0de \u00a0los motivos de casaci\u00f3n que el autor plante\u00f3 ante el \u00a0Tribunal \u00a0Superior \u00a0se refer\u00edan a presuntos errores de hecho en la apreciaci\u00f3n \u00a0de \u00a0las \u00a0pruebas \u00a0y \u00a0vulneraci\u00f3n \u00a0del \u00a0principio \u00a0de \u00a0inocencia. \u00a0Del fallo del \u00a0Tribunal \u00a0 Supremo \u00a0 se \u00a0desprende \u00a0que \u00a0\u00e9ste \u00a0examin\u00f3 \u00a0con \u00a0detenimiento \u00a0las \u00a0alegaciones \u00a0del \u00a0autor, \u00a0analiz\u00f3 \u00a0los \u00a0elementos \u00a0de \u00a0prueba \u00a0existentes en el \u00a0proceso \u00a0y \u00a0aquellos \u00a0a \u00a0los que el autor se refiri\u00f3 en su recurso y consider\u00f3 \u00a0que \u00a0exist\u00eda \u00a0amplia \u00a0prueba \u00a0de \u00a0cargo \u00a0incriminatorio \u00a0como para descartar la \u00a0existencia \u00a0de \u00a0errores \u00a0en \u00a0la \u00a0apreciaci\u00f3n \u00a0de \u00a0la \u00a0prueba y contrarrestar la \u00a0presunci\u00f3n \u00a0de \u00a0inocencia \u00a0del autor (3). El Comit\u00e9 concluye que esta parte de \u00a0la \u00a0queja relativa a la presunta violaci\u00f3n al p\u00e1rrafo 5 del art\u00edculo 14 no ha \u00a0sido fundamentada suficientemente por el autor. \u00a0\u00a0<\/p>\n<p>25 \u00a0Sentencia C-934 del 15 de noviembre de 2006. \u00a0\u00a0<\/p>\n<p>26 CSJ \u00a0Penal, 26 Mar. 2007. M.P. \u00c1lvaro Orlando P\u00e9rez Pinz\u00f3n. \u00a0\u00a0<\/p>\n<p>27 CSJ \u00a0Penal, 17 Jun.2009. Rad.30661. \u00a0\u00a0<\/p>\n<p>28 Al \u00a0respecto \u00a0se \u00a0tienen, \u00a0entre \u00a0otros, los siguientes testimonios: V\u00edctor Pati\u00f1o \u00a0F\u00f3meque, \u00a0Juan Med\u00eds L\u00f3pez, Luis Guillermo Giraldo, Carlos Mart\u00ednez Simahan, \u00a0Fabio \u00a0Valencia \u00a0Cossio, \u00a0Germ\u00e1n Vargas Lleras, Jaime Duss\u00e1n, Roberto Gerlein, \u00a0Jos\u00e9 \u00a0Ren\u00e1n \u00a0Trujillo, \u00a0David \u00a0Turbay \u00a0Turbay, \u00a0Efra\u00edn Cepeda Sarabia, Carlos \u00a0Tinoco \u00a0 Orozco. \u00a0 Igualmente \u00a0 para \u00a0 corroborar \u00a0 el \u00a0delito \u00a0de \u00a0espionaje \u00a0y \u00a0narcotr\u00e1fico \u00a0 se \u00a0 recibieron \u00a0 los \u00a0 testimonios \u00a0 de \u00a0 algunos \u00a0 Almirantes, \u00a0Contralmirantes \u00a0y \u00a0Vicealmirantes, \u00a0as\u00ed: Sergio Alberto Oliveros, Pedro Rafael \u00a0Monsalve,\u00a0 \u00a0Germ\u00e1n \u00a0Castro \u00a0Maldonado, \u00a0Hernando \u00a0Torres, \u00a0\u00c1lvaro \u00a0Campos \u00a0Casta\u00f1eda \u00a0Holdan \u00a0Delgado Villamil, Roberto Serrano \u00c1vila y otros. Igualmente \u00a0documentos \u00a0relacionados \u00a0con \u00a0la \u00a0denominada \u00a0\u201cOperaci\u00f3n Caribe\u201d, Actas de \u00a0diversos \u00a0debates \u00a0en \u00a0el \u00a0Congreso \u00a0de \u00a0la \u00a0Rep\u00fablica, \u00a0copias \u00a0de \u00a0decisiones \u00a0judiciales \u00a0favorables \u00a0respecto \u00a0del \u00a0sindicado, \u00a0registros \u00a0electorales \u00a0de la \u00a0Registradur\u00eda y otros. \u00a0\u00a0<\/p>\n<p>29 \u00a0Frente \u00a0a \u00a0este \u00a0asunto, \u00a0se \u00a0tienen, \u00a0entre \u00a0otros, los siguientes testimonios: \u00a0Carlos \u00a0Tinoco \u00a0Orozco, \u00a0Pedro \u00a0Guerrero \u00a0Salcedo, \u00a0Carlos \u00a0D\u00edaz Redondo, Boris \u00a0Llamas \u00a0Fern\u00e1ndez, \u00a0Germ\u00e1n \u00a0Campos \u00a0y \u00a0otros. \u00a0Igualmente \u00a0documentos como los \u00a0relacionados \u00a0con \u00a0el \u00a0grupo \u00a0pol\u00edtico \u00a0denominado MIPOL al cual perteneci\u00f3 el \u00a0sindicado, \u00a0el \u00a0movimiento \u00a0pol\u00edtico \u00a0\u201cViva \u00a0Colombia\u201d, \u00a0junto con diversas \u00a0resoluciones \u00a0del Consejo Electoral, an\u00e1lisis financiero de Vicente Blel, actas \u00a0plenarias del Congreso y otros. \u00a0\u00a0<\/p>\n<p>30 \u00a0CSJ. \u00a0 Sala \u00a0 Penal. \u00a0 Sentencia \u00a0 de \u00a0 \u00fanica \u00a0 instancia \u00a0 19 \u00a0Ago.2009, \u00a0Rad. \u00a027.195. \u00a0\u00a0<\/p>\n<p>31 \u00a0CSJ. Sala Penal, auto 14 mayo 2007. Radicado 26942. \u00a0\u00a0<\/p>\n<p>32 CSJ \u00a0Penal, auto 8 Nov.2007. Radicado 26.942. \u00a0\u00a0<\/p>\n<p>33 \u00a0Sobre \u00a0este \u00a0medio \u00a0de prueba trasladado del radicado No.26118 al 27503 (n\u00famero \u00a0que \u00a0inicialmente \u00a0ten\u00eda \u00a0la \u00a0investigaci\u00f3n \u00a0y que a partir del cierre parcial \u00a0cambi\u00f3 \u00a0de \u00a0radicado \u00a0en \u00a0la \u00a0Fiscal\u00eda \u00a0por \u00a0tratarse \u00a0de \u00a0un solo delito y se \u00a0prosigui\u00f3 \u00a0en \u00a0el \u00a0juzgado \u00a0especializado y al llegar a esta Corporaci\u00f3n se le \u00a0dio \u00a0el \u00a0n\u00famero \u00a023.802), \u00a0ni \u00a0la \u00a0Representante \u00a0del Ministerio P\u00fablico ni el \u00a0Defensor \u00a0hicieron \u00a0alusi\u00f3n en sus alegatos finales en audiencia, pues tan solo \u00a0partieron \u00a0del \u00a0presupuesto \u00a0f\u00e1ctico \u00a0de \u00a0las dos reuniones, una en Barranco de \u00a0Loba \u00a0(sur \u00a0de \u00a0Bol\u00edvar) \u00a0y \u00a0otra \u00a0la \u00a0del \u00a0Caramelo \u00a0(en \u00a0la \u00a0casa de Eleonora \u00a0Pineda). \u00a0\u00a0<\/p>\n<p>34 \u00a0T\u00e9rmino \u00a0utilizado \u00a0por \u00a0el \u00a0Fiscal \u00a0instructor \u00a0Dar\u00edo \u00a0Garz\u00f3n Garz\u00f3n (fl 38 \u00a0calificatorio) \u00a0\u00a0<\/p>\n<p>35 \u00a0Fl.21 del calificatorio acusatorio de fecha 11 de agosto de 2008. \u00a0\u00a0<\/p>\n<p>36 \u00a0Cuaderno anexo original No.1, fl.40 \u00a0\u00a0<\/p>\n<p>37 \u00a0Cuaderno anexo original 1, Fls.46, 47. \u00a0\u00a0<\/p>\n<p>38 \u00a0Indagatoria 5 de diciembre de 2007. Fl.192 c.o.1. \u00a0\u00a0<\/p>\n<p>39 \u00a0Declaraci\u00f3n \u00a0de \u00a0Iv\u00e1n Roberto Duque alias \u201cErnesto B\u00e1ez\u201d el 30 de mayo de \u00a02007, dentro del Rad.26625 trasladado a este proceso. \u00a0\u00a0<\/p>\n<p>40 \u00a0Declaraci\u00f3n \u00a0rendida en el radicado 26926 trasladada \u00a0a la presente actuaci\u00f3n. \u00a0\u00a0<\/p>\n<p>41 Las \u00a0pruebas \u00a0solicitadas \u00a0y \u00a0decretadas \u00a0por el Juzgado, son las siguientes: Libardo \u00a0Simancas \u00a0(Cartagena), \u00a0Juan Fernando Cristo (a trav\u00e9s de declaraci\u00f3n jurada), \u00a0Edward \u00a0Cobos \u00a0T\u00e9llez, \u00a0alias \u00a0\u201cDiego Vecino\u201d, Eleonora Pineda, Luis Daniel \u00a0Vargas \u00a0(Cartagena), Eduardo Espinosa Facio Lince (Cartagena), Fernando Tafur (a \u00a0trav\u00e9s \u00a0de \u00a0declaraci\u00f3n \u00a0jurada), \u00a0Andr\u00e9s \u00a0Ricaurte Armesto (Cartagena), Luis \u00a0Alberto \u00a0 \u00a0Payares \u00a0 \u00a0(La \u00a0 Gloria \u00a0 \u2013Cesar-), \u00a0Pedro Mundi (a trav\u00e9s de certificaci\u00f3n jurada) y Muriel \u00a0Benito Revollo. \u00a0\u00a0<\/p>\n<p>42 \u00a0Transcripci\u00f3n \u00a0de \u00a0las \u00a0conversaciones \u00a0telef\u00f3nicas \u00a0del \u00a0computador \u00a0de alias \u00a0\u201cAntonio\u201d (Fl.28, 29 del c anexo 1). \u00a0\u00a0<\/p>\n<p>43 \u00a0Transliteraci\u00f3n \u00a0realizada \u00a0por \u00a0el \u00a0CTI, \u00a0en \u00a0cumplimiento \u00a0de comisi\u00f3n de la \u00a0Fiscal\u00eda \u00a0a la diligencia de Versi\u00f3n Libre del 16 de mayo de 2007, rendida por \u00a0el desmovilizado Salvatore Mancuso G\u00f3mez. (fl.150 y s.s. c.o.1). \u00a0\u00a0<\/p>\n<p>44 \u00a0Min. 10:09:50 de la diligencia total de Versi\u00f3n Libre. \u00a0\u00a0<\/p>\n<p>45 \u00a0Declaraci\u00f3n de Salvatore Mancuso- Fl.148 y 149 c.o.4. \u00a0\u00a0<\/p>\n<p>46 \u00a0Esta \u00a0informaci\u00f3n \u00a0ha \u00a0sido tomada del Informe Ejecutivo del Proceso de Paz con \u00a0las \u00a0Autodefensas. \u00a0Presidencia \u00a0de \u00a0la Rep\u00fablica. Oficina del Alto Comisionado \u00a0para la Paz. www.oficinaaltocomisionadoparalapaz.gov.co \u00a0 \u00a0\u00a0<\/p>\n<p><\/p>\n","protected":false},"excerpt":{"rendered":"<p>\u00a0 \u00a0 Proceso n\u00b0 23802 \u00a0 CORTE SUPREMA DE JUSTICIA \u00a0 SALA DE CASACION PENAL \u00a0 Aprobado acta No. 014. \u00a0 Bogot\u00e1, \u00a0D. C., veintis\u00e9is (26) de enero de \u00a0dos mil diez (2010). \u00a0\u00a0 Siguiendo \u00a0el rito procesal comprendido en la \u00a0Ley \u00a0600 \u00a0de \u00a02000 \u00a0y finalizada la diligencia de audiencia p\u00fablica, la Sala de [&hellip;]<\/p>\n","protected":false},"author":1,"featured_media":0,"comment_status":"open","ping_status":"open","sticky":false,"template":"","format":"standard","meta":{"footnotes":""},"categories":[18],"tags":[],"class_list":["post-20090","post","type-post","status-publish","format-standard","hentry","category-18"],"_links":{"self":[{"href":"https:\/\/dmsjuridica.com\/buscador_20179478954\/salapenalcronologico20230723\/wp-json\/wp\/v2\/posts\/20090","targetHints":{"allow":["GET"]}}],"collection":[{"href":"https:\/\/dmsjuridica.com\/buscador_20179478954\/salapenalcronologico20230723\/wp-json\/wp\/v2\/posts"}],"about":[{"href":"https:\/\/dmsjuridica.com\/buscador_20179478954\/salapenalcronologico20230723\/wp-json\/wp\/v2\/types\/post"}],"author":[{"embeddable":true,"href":"https:\/\/dmsjuridica.com\/buscador_20179478954\/salapenalcronologico20230723\/wp-json\/wp\/v2\/users\/1"}],"replies":[{"embeddable":true,"href":"https:\/\/dmsjuridica.com\/buscador_20179478954\/salapenalcronologico20230723\/wp-json\/wp\/v2\/comments?post=20090"}],"version-history":[{"count":0,"href":"https:\/\/dmsjuridica.com\/buscador_20179478954\/salapenalcronologico20230723\/wp-json\/wp\/v2\/posts\/20090\/revisions"}],"wp:attachment":[{"href":"https:\/\/dmsjuridica.com\/buscador_20179478954\/salapenalcronologico20230723\/wp-json\/wp\/v2\/media?parent=20090"}],"wp:term":[{"taxonomy":"category","embeddable":true,"href":"https:\/\/dmsjuridica.com\/buscador_20179478954\/salapenalcronologico20230723\/wp-json\/wp\/v2\/categories?post=20090"},{"taxonomy":"post_tag","embeddable":true,"href":"https:\/\/dmsjuridica.com\/buscador_20179478954\/salapenalcronologico20230723\/wp-json\/wp\/v2\/tags?post=20090"}],"curies":[{"name":"wp","href":"https:\/\/api.w.org\/{rel}","templated":true}]}}