{"id":19604,"date":"2023-09-11T19:47:49","date_gmt":"2023-09-11T19:47:49","guid":{"rendered":"https:\/\/dmsjuridica.com\/buscador_20179478954\/salapenalcronologico20230723\/2023\/09\/11\/3237112-08-09\/"},"modified":"2023-09-11T19:47:49","modified_gmt":"2023-09-11T19:47:49","slug":"3237112-08-09","status":"publish","type":"post","link":"https:\/\/dmsjuridica.com\/buscador_20179478954\/salapenalcronologico20230723\/2023\/09\/11\/3237112-08-09\/","title":{"rendered":"32371(12-08-09)"},"content":{"rendered":"\n<p>\u00a0 \u00a0 Proceso No 32371 \u00a0<\/p>\n<p>CORTE SUPREMA DE JUSTICIA \u00a0<\/p>\n<p>SALA DE CASACI\u00d3N PENAL \u00a0<\/p>\n<p>\u00a0 \u00a0\u00a0 \u00a0\u00a0 \u00a0\u00a0 \u00a0\u00a0 \u00a0\u00a0 \u00a0\u00a0 \u00a0\u00a0 \u00a0\u00a0 \u00a0\u00a0 \u00a0 \u00a0Magistrado Ponente: \u00a0\u00a0<\/p>\n<p>\u00a0 \u00a0\u00a0 \u00a0\u00a0 \u00a0\u00a0 \u00a0\u00a0 \u00a0\u00a0 \u00a0\u00a0 \u00a0\u00a0 \u00a0\u00a0 \u00a0\u00a0 \u00a0 \u00a0\u00a0 \u00a0 \u00a0\u00a0JULIO \u00a0 \u00a0ENRIQUE \u00a0 \u00a0SOCHA \u00a0SALAMANCA \u00a0\u00a0<\/p>\n<p>\u00a0 \u00a0\u00a0 \u00a0\u00a0 \u00a0\u00a0 \u00a0\u00a0 \u00a0\u00a0 \u00a0\u00a0 \u00a0\u00a0 \u00a0\u00a0 \u00a0\u00a0 \u00a0 \u00a0Aprobado Acta No.250 \u00a0\u00a0<\/p>\n<p>Bogot\u00e1, \u00a0D. \u00a0C., doce (12) de agosto de dos \u00a0mil nueve (2009). \u00a0\u00a0<\/p>\n<p>VISTOS \u00a0<\/p>\n<p>La \u00a0Sala \u00a0resuelve la solicitud de cambio de \u00a0radicaci\u00f3n \u00a0presentada \u00a0por \u00a0el \u00a0apoderado \u00a0de \u00a0la \u00a0parte \u00a0civil \u00a0en el proceso \u00a0adelantado \u00a0en \u00a0contra \u00a0de \u00a0FRANKLIN \u00a0GERM\u00c1N CHAPARRO CARRILLO y WILMAR ROND\u00d3N \u00a0VARGAS \u00a0por \u00a0los \u00a0delitos \u00a0de concierto para delinquir \u00a0agravado, \u00a0homicidio \u00a0\u201cm\u00faltiple\u201d agravado y tentativa de homicidio agravado \u00a0para que sea trasladado del Juzgado Segundo Penal del \u00a0Circuito \u00a0Especializado \u00a0de \u00a0Villavicencio \u00a0a \u00a0los Juzgados Penales del Circuito \u00a0Especializado del Distrito Judicial de Bogot\u00e1. \u00a0\u00a0<\/p>\n<p>HECHOS Y ANTECEDENTES \u00a0<\/p>\n<p>1.\u00a0 \u00a0 Los \u00a0primeros \u00a0fueron \u00a0sintetizados \u00a0en \u00a0la \u00a0resoluci\u00f3n \u00a0de acusaci\u00f3n del siguiente \u00a0modo: \u00a0\u00a0<\/p>\n<p>\u00a0 \u00a0 \u00a0 \u00a0 \u00a0<\/p>\n<p>\u201cLos \u00a0acontecimientos \u00a0que dieron origen a \u00a0esta \u00a0acci\u00f3n \u00a0penal, \u00a0tuvieron \u00a0su \u00a0desarrollo \u00a0y \u00a0cumplimiento en la ciudad de \u00a0Villavicencio, \u00a0en \u00a0el \u00a0barrio La Alborada el d\u00eda veintid\u00f3s (22) de febrero de \u00a02.004, \u00a0 en \u00a0la \u00a0cancha \u00a0de \u00a0f\u00fatbol\u00a0 \u00a0de \u00a0la \u00a0empresa \u00a0Semillanos, \u00a0siendo \u00a0aproximadamente \u00a0las \u00a0once (11:00) de la ma\u00f1ana, cuando se jugaba un partido de \u00a0f\u00fatbol \u00a0entre \u00a0los \u00a0equipos \u00a0de \u00a0la \u00a0Alcald\u00eda \u00a0Municipal de Villavicencio y el \u00a0equipo \u00a0Amigos \u00a0de \u00a0Granda \u00a0e \u00a0hicieron \u00a0presencia \u00a0en el campo deportivo varios \u00a0sujetos \u00a0quienes \u00a0llegaron \u00a0hasta el sitio exacto donde se encontraba en calidad \u00a0de \u00a0espectador \u00a0del \u00a0evento \u00a0deportivo \u00a0el \u00a0se\u00f1or ex alcalde OMAR LOPEZ ROBAYO, \u00a0procediendo \u00a0a propinarle\u00a0 varios\u00a0 disparos con armas de fuego, siendo \u00a0posteriormente \u00a0rematado \u00a0cuando \u00a0ya estaba en el piso. All\u00ed mismo murieron por \u00a0esta \u00a0misma \u00a0acci\u00f3n \u00a0los \u00a0se\u00f1ores \u00a0HILMER \u00a0ALBERTO \u00a0CAMPO VALDES, agente de la \u00a0Polic\u00eda \u00a0 Nacional, \u00a0ANGEL \u00a0NORVEY \u00a0HUERTAS \u00a0RUALES, \u00a0empleado \u00a0de \u00a0la \u00a0empresa \u00a0vigilancia \u00a0Avizor \u00a0Ltda., \u00a0personas estas que se encontraban al lado del se\u00f1or \u00a0Alcalde. \u00a0Como \u00a0tambi\u00e9n \u00a0muri\u00f3 \u00a0el \u00a0se\u00f1or JACOBO G\u00d3MEZ TORRES, celador de la \u00a0empresa \u00a0Semillanos, quien al darse cuenta de lo que estaba sucediendo y estando \u00a0como \u00a0vigilante \u00a0en \u00a0la \u00a0puerta \u00a0de acceso al campo deportivo intent\u00f3 cerrar la \u00a0puerta \u00a0siendo \u00a0rematado \u00a0con \u00a0disparos \u00a0al \u00a0parecer \u00a0por \u00a0otro \u00a0de \u00a0los sujetos \u00a0homicidas \u00a0que \u00a0se \u00a0encontraban \u00a0en \u00a0las \u00a0afueras \u00a0del campo deportivo, en estos \u00a0hechos \u00a0igualmente \u00a0resultaron \u00a0lesionados \u00a0con \u00a0armas \u00a0de \u00a0fuego la joven YEIMI \u00a0MARCELA \u00a0VILLA \u00a0ALMEIDA \u00a0y \u00a0JUAN \u00a0CARLOS CARDONA\u201d.1 \u00a0\u00a0<\/p>\n<p>2. La Fiscal\u00eda 22 \u00a0Especializada, \u00a0adscrita \u00a0a \u00a0la \u00a0Unidad \u00a0Nacional \u00a0de Derechos Humanos y Derecho \u00a0Internacional \u00a0Humanitario adelant\u00f3 la investigaci\u00f3n y, el 20 de mayo de 2008, \u00a0calific\u00f3 \u00a0el \u00a0m\u00e9rito \u00a0sumarial acusando a FRANKLIN GERM\u00c1N CHAPARRO CARRILLO y \u00a0WILMAR \u00a0ROND\u00d3N \u00a0VARGAS \u00a0como \u00a0determinadores \u00a0de \u00a0los \u00a0delitos \u00a0de concierto \u00a0 para \u00a0 delinquir \u00a0agravado, \u00a0homicidio \u00a0\u201cm\u00faltiple\u201d \u00a0agravado \u00a0 y \u00a0 homicidio \u00a0agravado en la modalidad de \u00a0tentativa. \u00a0\u00a0<\/p>\n<p>3. Esta decisi\u00f3n, \u00a0fue \u00a0confirmada \u00a0por la Unidad de Fiscal\u00edas Delegadas ante el Tribunal Superior \u00a0del \u00a0Distrito \u00a0Judicial \u00a0de \u00a0Bogot\u00e1, \u00a0mediante \u00a0resoluci\u00f3n \u00a0de \u00a07 \u00a0de abril de \u00a020082. \u00a0\u00a0<\/p>\n<p>4. Iniciada la fase \u00a0del \u00a0 juicio \u00a0 en \u00a0el \u00a0Juzgado \u00a0Segundo \u00a0Penal \u00a0del \u00a0Circuito \u00a0Especializado \u00a0de \u00a0Villavicencio, \u00a0el \u00a0apoderado \u00a0de \u00a0la \u00a0parte \u00a0civil, \u00a0por \u00a0medio \u00a0de escrito que \u00a0present\u00f3 \u00a0el \u00a08 \u00a0de \u00a0julio \u00a0pasado \u00a0ante \u00a0dicho despacho judicial, solicit\u00f3 el \u00a0cambio \u00a0de \u00a0radicaci\u00f3n \u00a0del \u00a0proceso \u00a0para \u00a0que \u00a0se contin\u00fae adelantando en la \u00a0ciudad de Bogot\u00e1 y, con ese cometido, se\u00f1al\u00f3: \u00a0\u00a0<\/p>\n<p>4.1. \u00a0Omar L\u00f3pez \u00a0Robayo \u00a0fue \u00a0ultimado \u00a0el 22 de febrero de 2004, cuatro d\u00edas despu\u00e9s de que la \u00a0Polic\u00eda Nacional le retirara el esquema de protecci\u00f3n que ten\u00eda. \u00a0\u00a0<\/p>\n<p>4.2. Por solicitud \u00a0de \u00a0la \u00a0parte \u00a0civil, \u00a0la \u00a0investigaci\u00f3n \u00a0fue \u00a0trasladada de Villavicencio a la \u00a0ciudad \u00a0de \u00a0Bogot\u00e1, \u00a0en donde se adelant\u00f3 por la Fiscal\u00eda 22 Especializada de \u00a0la \u00a0Unidad Nacional de Derechos Humanos y culmin\u00f3 con resoluci\u00f3n de acusaci\u00f3n \u00a0en \u00a0contra \u00a0de \u00a0GERM\u00c1N \u00a0CHAPARRO \u00a0y \u00a0WILMAR \u00a0ROND\u00d3N como determinadores de las \u00a0conductas delictivas por las que se les procesa. \u00a0\u00a0<\/p>\n<p>4.3. \u00a0El sindicado \u00a0GERM\u00c1N \u00a0CHAPARRO fue destituido por la Procuradur\u00eda General de la Naci\u00f3n, por \u00a0\u201csus \u00a0malos \u00a0manejos \u00a0en relaci\u00f3n con grupos paramilitares\u201d que pretend\u00edan \u00a0controlar \u00a0los \u00a0recursos \u00a0para \u00a0la salud de la ciudad de Villavicencio. Que esas \u00a0agrupaciones \u00a0ilegales \u00a0a\u00fan tienen presencia en el Departamento del Meta, entre \u00a0ellos \u00a0los \u00a0conformados \u00a0por \u00a0el \u00a0extinto \u00a0Miguel \u00a0Arroyave \u00a0y por al\u00edas \u201cDon \u00a0Mario\u201d, quien actualmente est\u00e1 privado de la libertad. \u00a0\u00a0<\/p>\n<p>4.4. Un hermano de \u00a0GERM\u00c1N \u00a0 \u00a0CHAPARRO \u00a0 \u00a0se \u00a0 \u00a0desempe\u00f1a \u00a0 \u00a0como \u00a0 \u00a0juez \u00a0 \u00a0en \u00a0 la \u00a0 ciudad \u00a0 de \u00a0Villavicencio. \u00a0\u00a0<\/p>\n<p>4.5. \u00a0En la misma \u00a0ciudad \u00a0se hacen comentarios que los sindicados se entregar\u00e1n a las autoridades \u00a0el \u00a0primer \u00a0d\u00eda \u00a0del \u00a0juicio \u00a0porque \u00a0apuestan \u00a0que en muy poco tiempo estar\u00e1n \u00a0gozando de la libertad. \u00a0\u00a0<\/p>\n<p>4.6. \u00a0 Hace \u00a0aproximadamente \u00a0un mes, un grupo de hombres fuertemente armados se present\u00f3 en \u00a0las \u00a0instalaciones \u00a0de \u00a0la \u00a0Universidad \u00a0Ideas \u00a0y \u00a0la Escuela de Salud San Pedro \u00a0Claver \u00a0de \u00a0la \u00a0ciudad \u00a0de \u00a0Villavicencio, indagando por la madre de Omar L\u00f3pez \u00a0Robayo \u00a0y \u00a0por Ovidio L\u00f3pez Robayo, su poderdante, lo cual se constituye en una \u00a0situaci\u00f3n \u00a0 de \u00a0 riesgo \u00a0 para \u00a0su \u00a0integridad; \u00a0que \u00a0de \u00a0estos \u00a0hechos \u00a0tienen \u00a0conocimiento \u00a0el \u00a0Comandante \u00a0de \u00a0la \u00a0Polic\u00eda \u00a0del \u00a0Departamento \u00a0del Meta y el \u00a0GAULA. \u00a0\u00a0<\/p>\n<p>4.7. \u00a0Veinte d\u00edas \u00a0atr\u00e1s, \u00a0la \u00a0secretaria \u00a0de \u00a0su \u00a0representado \u00a0recibi\u00f3 \u00a0una \u00a0llamada \u00a0en la que \u00a0anunciaban \u00a0que uno de sus hijos ser\u00eda objeto de secuestro; suceso que tambi\u00e9n \u00a0fue informado a las autoridades correspondientes. \u00a0\u00a0<\/p>\n<p>4.8. \u00a0El \u00a0se\u00f1or \u00a0Ra\u00fal \u00a0Mira \u00a0V\u00e9lez, \u00a0uno de los principales testigos, fue ultimado en la ciudad \u00a0de \u00a0 Medell\u00edn, \u00a0 por \u00a0 desconocidos \u00a0que \u00a0percutieron \u00a0armas \u00a0de \u00a0fuego \u00a0en \u00a0su \u00a0contra. \u00a0\u00a0<\/p>\n<p>4.9. \u00a0 \u00a0Los \u00a0procesados, \u00a0 despu\u00e9s \u00a0 de \u00a0 haber \u00a0 rendido \u00a0indagatoria, \u00a0no \u00a0atendieron \u00a0los \u00a0requerimientos \u00a0de \u00a0la \u00a0administraci\u00f3n \u00a0de \u00a0justicia, \u00a0motivo \u00a0por \u00a0el \u00a0cual la \u00a0Fiscal\u00eda expidi\u00f3 en contra de ellos sendas \u00f3rdenes de captura. \u00a0\u00a0<\/p>\n<p>5. \u00a0Acompa\u00f1\u00f3 con \u00a0la solicitud los siguientes documentos: \u00a0\u00a0<\/p>\n<p>5.1. \u00a0Fotocopia de \u00a0la \u00a0respuesta dada el 29 de mayo de 2009 por la Presidencia de la Rep\u00fablica, al \u00a0correo \u00a0electr\u00f3nico \u00a0mediante \u00a0el \u00a0cual \u00a0su poderdante puso en conocimiento las \u00a0amenazas referidas en los numerales 4.6 y 4.7. \u00a0\u00a0<\/p>\n<p>5.2. \u00a0Oficio \u00a0No. \u00a0056\/SEDIG-DEMET \u00a0de \u00a017 \u00a0de febrero de 2004, a trav\u00e9s del cual el Comandante de \u00a0la \u00a0Estaci\u00f3n \u00a0de \u00a0Protecci\u00f3n \u00a0a Dignatarios de la Polic\u00eda de Villavicencio le \u00a0comunic\u00f3 \u00a0a \u00a0Omar \u00a0L\u00f3pez Robayo que el esquema de seguridad se le suspend\u00eda a \u00a0partir del 18 de los mismos mes y a\u00f1o. \u00a0\u00a0<\/p>\n<p>6. \u00a0La anterior \u00a0petici\u00f3n \u00a0fue \u00a0enviada \u00a0por \u00a0el \u00a0juez \u00a0de conocimiento al Tribunal Superior del \u00a0Distrito \u00a0Judicial \u00a0de \u00a0Villavicencio, quien a su vez, teniendo en cuenta que la \u00a0solicitud \u00a0de \u00a0cambio \u00a0de \u00a0radicaci\u00f3n \u00a0propende porque el proceso se traslade a \u00a0otro distrito judicial, envi\u00f3 las diligencias a la Corte. \u00a0\u00a0<\/p>\n<p>CONSIDERACIONES \u00a0<\/p>\n<p>1. \u00a0La \u00a0Sala de \u00a0Casaci\u00f3n \u00a0Penal de la Corte Suprema de Justicia, es competente para resolver lo \u00a0pertinente \u00a0de \u00a0acuerdo \u00a0con lo dispuesto en el numeral 8 del art\u00edculo 75 de la \u00a0Ley \u00a0600 de 2000, teniendo en cuenta que el apoderado de la parte civil pretende \u00a0el \u00a0cambio \u00a0de radicaci\u00f3n de un distrito judicial a otro de un asunto que en la \u00a0etapa \u00a0del \u00a0juicio \u00a0correspondi\u00f3 \u00a0al \u00a0Juzgado \u00a0Segundo \u00a0Penal \u00a0del \u00a0Circuito de \u00a0Villavicencio. \u00a0\u00a0<\/p>\n<p>2. De conformidad \u00a0con \u00a0el \u00a0art\u00edculo 85 del mismo ordenamiento, el cambio de radicaci\u00f3n solamente \u00a0procede \u00a0cuando \u00a0se \u00a0presenten \u00a0circunstancias \u00a0que \u00a0(i) puedan afectar el orden \u00a0p\u00fablico, \u00a0(ii) \u00a0la \u00a0imparcialidad \u00a0o \u00a0independencia \u00a0de \u00a0la \u00a0administraci\u00f3n de \u00a0justicia, \u00a0(iii) las garant\u00edas procesales, (iv) la publicidad del juzgamiento y \u00a0(v) \u00a0la \u00a0seguridad \u00a0o \u00a0integridad \u00a0personal \u00a0de \u00a0los sujetos procesales o de los \u00a0funcionarios \u00a0judiciales, \u00a0de \u00a0suerte \u00a0que \u00a0la \u00a0solicitud \u00a0sustentada en razones \u00a0diferentes es improcedente. \u00a0\u00a0<\/p>\n<p>3. \u00a0 \u00a0La \u00a0circunstancia \u00a0que \u00a0invoque \u00a0el funcionario o el sujeto procesal que persigue el \u00a0cambio \u00a0de radicaci\u00f3n debe acreditarse probatoriamente, esto en cuanto se trata \u00a0de \u00a0un \u00a0procedimiento \u00a0dispositivo \u00a0en donde el desamparo probatorio no se puede \u00a0satisfacer \u00a0oficiosamente \u00a0por \u00a0la \u00a0Corte, \u00a0de \u00a0modo \u00a0que \u00a0la \u00a0petici\u00f3n no debe \u00a0sustentarse en simples conjeturas o prejuicios. \u00a0\u00a0<\/p>\n<p>4. \u00a0As\u00ed, \u00a0en \u00a0relaci\u00f3n \u00a0con \u00a0los diversos motivos que el memorialista presenta para convencer \u00a0acerca \u00a0de \u00a0la \u00a0necesidad \u00a0de \u00a0ordenar \u00a0el cambio de radicaci\u00f3n solicitado, los \u00a0relacionados \u00a0con \u00a0la \u00a0gravedad \u00a0de los hechos y las \u00a0amenazas \u00a0 de \u00a0las \u00a0cuales \u00a0han \u00a0sido \u00a0v\u00edctimas \u00a0la \u00a0progenitora \u00a0de \u00a0Omar \u00a0L\u00f3pez Robayo y el hermano de \u00e9ste, quien se constituy\u00f3 \u00a0en \u00a0parte \u00a0civil, \u00a0as\u00ed como la muerte del testigo Ra\u00fal Mira V\u00e9lez, a pesar de \u00a0que \u00a0ocurri\u00f3 \u00a0hace varios a\u00f1os, alcanzan un importante grado de intensidad que \u00a0justifica \u00a0el \u00a0estudio \u00a0de \u00a0la \u00a0situaci\u00f3n \u00a0planteada, teniendo en cuenta que se \u00a0trata de circunstancias verificables dentro de la actuaci\u00f3n. \u00a0\u00a0<\/p>\n<p>5. \u00a0En \u00a0este \u00a0sentido, \u00a0adem\u00e1s \u00a0de \u00a0las \u00a0pruebas \u00a0acompa\u00f1adas \u00a0por \u00a0el apoderado de la parte \u00a0civil, \u00a0el \u00a0proceso \u00a0pone \u00a0de \u00a0presente que los sucesos en los cuales perdi\u00f3 la \u00a0vida \u00a0Omar \u00a0L\u00f3pez \u00a0Robayo Rodr\u00edguez, ex alcalde de Villavicencio, y las dem\u00e1s \u00a0personas \u00a0que \u00a0fueron \u00a0baleadas, \u00a0se \u00a0ejecutaron \u00a0por orden de Miguel Arroyave y \u00a0al\u00edas \u00a0 \u201cDon \u00a0 Mario\u201d, \u00a0 l\u00edderes \u00a0de \u00a0los \u00a0grupos \u00a0de \u00a0autodefensa \u00a0en \u00a0el \u00a0Departamento del Meta. \u00a0\u00a0<\/p>\n<p>La \u00a0 Fiscal\u00eda, \u00a0 en \u00a0la \u00a0resoluci\u00f3n \u00a0de \u00a0acusaci\u00f3n, puntualiz\u00f3 al respecto: \u00a0\u00a0<\/p>\n<p>\u201c\u2026 \u00a0Se \u00a0conoce \u00a0adem\u00e1s \u00a0conforme \u00a0a lo \u00a0obrante \u00a0en \u00a0el \u00a0proceso \u00a0que \u00a0EUSER RONDON, WILMAR RONDON, y GUILLERMO RONDON o \u00a0LALO \u00a0RONDON \u00a0hacen parte o ten\u00edan grandes nexos con los grupos de Autodefensas \u00a0y \u00a0en \u00a0especial \u00a0con \u00a0los \u00a0comandantes \u00a0del \u00a0BLOQUE CENTAUROS que operaban en el \u00a0Departamento \u00a0del Meta. Es as\u00ed que EUSER RONDON fue tildado como el candidato a \u00a0la \u00a0gobernaci\u00f3n \u00a0en \u00a0representaci\u00f3n de los paramilitares\u00a0 y de ello obran \u00a0amplios \u00a0informes \u00a0period\u00edsticos \u00a0y \u00a0testimonios \u00a0que as\u00ed lo se\u00f1alan, m\u00edrese \u00a0aqu\u00ed \u00a0nuevamente como los desmovilizados MIRA V\u00c9LEZ, MANUEL DE JES\u00daS PIRABAN, \u00a0ALIAS \u00a0\u201cOMAR\u201d \u00a0o \u00a0ALIAS \u00a0\u201cJORGE \u00a0PIRATA\u201d, \u00a0LUIS ARLEX ARANGO ALIAS (sic) \u00a0\u201cCHATARRO\u201d, \u00a0Y \u00a0LEONARDO \u00a0ESCOBAR \u00a0LONDO\u00d1O, \u00a0en \u00a0sus \u00a0declaraciones \u00a0hablan \u00a0claramente \u00a0de las relaciones de WILMAR ROND\u00d3N VARGAS y de los hermanos ROND\u00d3N \u00a0con \u00a0DON \u00a0MARIO\u00a0 \u00a0y \u00a0con el bloque de LOS CENTAUROS que operaban en el META \u00a0para \u00a0 \u00a0la \u00a0 \u00a0\u00e9poca \u00a0 \u00a0de \u00a0 los \u00a0 hechos, \u00a0 luego \u00a0 dichos \u00a0 v\u00ednculos \u00a0 est\u00e1n \u00a0probados\u2026\u201d \u00a0\u00a0<\/p>\n<p>La Sala en situaciones similares3 \u00a0 \u00a0ha \u00a0considerado \u00a0que \u00a0es \u00a0hecho \u00a0notorio \u00a0el \u00a0surgimiento \u00a0y \u00a0accionar de los grupos \u00a0\u201cparamilitares\u201d, \u00a0 los \u00a0cuales \u00a0han \u00a0ocupado \u00a0de \u00a0manera \u00a0violenta \u00a0extensos \u00a0territorios \u00a0en \u00a0cuanto \u00a0su \u00a0finalidad \u00a0se \u00a0encamin\u00f3 \u00a0a \u00a0obtener \u00a0el control de \u00a0diversas \u00a0 regiones \u00a0 instaurando \u00a0una \u00a0pol\u00edtica \u00a0de \u00a0intimidaci\u00f3n \u00a0hacia \u00a0los \u00a0pobladores \u00a0habituales, \u00a0obteniendo \u00a0de \u00a0esta \u00a0forma su control pol\u00edtico con el \u00a0consecuente \u00a0 aumento \u00a0 del \u00a0 poder \u00a0 econ\u00f3mico, \u00a0contando \u00a0para \u00a0ello \u00a0con \u00a0el \u00a0favorecimiento de l\u00edderes pol\u00edticos locales. \u00a0\u00a0<\/p>\n<p>En \u00a0el \u00a0caso bajo examen tales nexos surgen \u00a0evidentes \u00a0como \u00a0se \u00a0constata \u00a0con \u00a0la declaraci\u00f3n rendida por Manuel de Jes\u00fas \u00a0Piraban, \u00a0alias \u00a0\u201cOmar\u201d \u00a0y \u00a0\u201cJorge \u00a0Pirata\u201d, \u00a0comandante \u00a0del \u00a0grupo \u00a0de \u00a0\u201cH\u00e9roes \u00a0 \u00a0 \u00a0 \u00a0 \u00a0 del \u00a0 \u00a0 \u00a0 \u00a0 \u00a0Llano\u201d4, \u00a0 quien \u00a0 manifiesta \u00a0 que \u00a0conoci\u00f3 \u00a0a \u00a0los \u00a0hermanos de Euser Rond\u00f3n, Lalo y Wilmar, como cultivadores de \u00a0papaya \u00a0 en \u00a0 la \u00a0 regi\u00f3n \u00a0 del \u00a0 Dorado, \u00a0Meta, \u00a0a \u00a0quienes \u00a0vio \u00a0\u201cllegar \u00a0en dos oportunidades a hablar con DON MIGUEL ARROYAVE y \u00a0DON \u00a0MARIO\u201d, \u00a0en \u00a0el \u00a0sitio \u00a0conocido \u00a0como \u00a0Caldo \u00a0Parado, \u00a0en mitad de la sabana, en la vereda La Bendici\u00f3n, jurisdicci\u00f3n de San \u00a0Mart\u00edn, \u00a0en \u00e9poca cercana a las elecciones de 2004, cuando Euser era candidato \u00a0para la Gobernaci\u00f3n del Meta. \u00a0\u00a0<\/p>\n<p>De \u00a0otro lado, Rafael Antonio Pinz\u00f3n, otro \u00a0de \u00a0los declarantes que milit\u00f3 en las autodefensas5, \u00a0 refiri\u00f3 \u00a0 que \u00a0 Miguel \u00a0Arroyave \u00a0pag\u00f3 $80.000.000,00\u00a0 a los ejecutores materiales de los sucesos, \u00a0cantidad \u00a0que \u00a0\u00e9l \u00a0les \u00a0entreg\u00f3 \u00a0en \u00a0la bomba de San Mart\u00edn, obedeciendo a lo \u00a0ordenado \u00a0por \u00a0aqu\u00e9l,\u00a0 quien posteriormente se ufanaba de haber logrado la \u00a0muerte del ex alcalde Omar L\u00f3pez Robayo. \u00a0\u00a0<\/p>\n<p>En consecuencia, las aprensiones que expresa \u00a0el \u00a0memorialista \u00a0en \u00a0el \u00a0evento \u00a0que \u00a0el \u00a0juicio \u00a0contin\u00fae \u00a0en \u00a0la \u00a0ciudad \u00a0de \u00a0Villvavicencio \u00a0se \u00a0muestran \u00a0justificadas \u00a0y, por ende, fundado temor acerca de \u00a0que, \u00a0por \u00a0la \u00a0presi\u00f3n \u00a0que los\u00a0 grupos armados ilegales ejercen sobre las \u00a0v\u00edctimas, \u00a0la \u00a0justicia \u00a0no se dispense con la rectitud debida la cual se puede \u00a0extender \u00a0al funcionario judicial y a los dem\u00e1s sujetos procesales afectando la \u00a0transparencia \u00a0del \u00a0juicio, \u00a0situaci\u00f3n \u00a0que \u00a0compele a la Sala a impedir que la \u00a0m\u00e1s \u00a0m\u00ednima \u00a0brizna \u00a0de \u00a0desconfianza \u00a0ronde \u00a0la \u00a0administraci\u00f3n de justicia, \u00a0cometido \u00a0que ser\u00eda de imposible logro si el juzgamiento contin\u00faa en la ciudad \u00a0de \u00a0Villavicencio, \u00a0por \u00a0lo \u00a0que \u00a0surge \u00a0razonable \u00a0que \u00a0el mismo se traslade al \u00a0Distrito \u00a0Judicial \u00a0de Bogot\u00e1, escenario donde con l\u00f3gica no cabe presumir que \u00a0la referida influencia se presente. \u00a0\u00a0<\/p>\n<p>Y \u00a0si \u00a0bien \u00a0es \u00a0cierto, \u00a0en \u00a0dos \u00a0causas \u00a0anteriores, \u00a0las \u00a0cuales se derivaron del presente asunto, el Juez Segundo Penal \u00a0del \u00a0Circuito \u00a0Especializado \u00a0de Villavicencio profiri\u00f3 sentencia de condena en \u00a0contra \u00a0de \u00a0los \u00a0sujetos\u00a0 \u00a0Rusbell \u00a0Esneider \u00a0D\u00edaz Agudelo y Miguel Rivera \u00a0Jaramillo, \u00a0tambi\u00e9n \u00a0lo es que estos fueron acusados como ejecutores materiales \u00a0de \u00a0los \u00a0sucesos, \u00a0aspecto \u00a0que \u00a0coloca \u00a0la \u00a0nota distintiva en relaci\u00f3n con la \u00a0situaci\u00f3n \u00a0de \u00a0FRANKLIN GERM\u00c1N CHAPARRO CARRILLO y \u00a0WILMAR \u00a0ROND\u00d3N \u00a0VARGAS, \u00a0l\u00edderes \u00a0pol\u00edticos con influencia en el Departamento \u00a0del \u00a0 Meta, \u00a0 a \u00a0 quienes \u00a0se \u00a0les \u00a0atribuye \u00a0su \u00a0participaci\u00f3n \u00a0a \u00a0t\u00edtulo \u00a0de \u00a0determinadores. \u00a0\u00a0<\/p>\n<p>Esa\u00a0 \u00a0 condici\u00f3n \u00a0de \u00a0\u2018dirigentes \u00a0 sociales\u2019 \u00a0pone \u00a0de presente su habilidad en \u00a0el \u00a0trato \u00a0con \u00a0la \u00a0gente \u00a0y \u00a0su \u00a0capacidad \u00a0para influir tanto en la poblaci\u00f3n \u00a0como\u00a0 \u00a0en \u00a0los \u00a0reductos \u00a0de las autodefensas que operan en el Departamento \u00a0del \u00a0Meta, generando probables hechos que pueden afectar el orden p\u00fablico y por \u00a0contera \u00a0la \u00a0imparcialidad \u00a0e \u00a0independencia \u00a0de la administraci\u00f3n de justicia, \u00a0as\u00ed \u00a0como la seguridad o integridad personal de los sujetos procesales y de los \u00a0funcionarios \u00a0judiciales \u00a0que \u00a0intervienen, situaciones que no son superables en \u00a0el Distrito Judicial de Villavicencio. \u00a0\u00a0<\/p>\n<p>En m\u00e9rito de lo expuesto, la Corte Suprema \u00a0de Justicia, Sala de Casaci\u00f3n Penal, \u00a0\u00a0<\/p>\n<p>RESUELVE \u00a0<\/p>\n<p>1. \u00a0ORDENAR \u00a0el \u00a0cambio \u00a0 de \u00a0radicaci\u00f3n \u00a0del \u00a0proceso \u00a0adelantado \u00a0en \u00a0contra \u00a0de \u00a0FRANKLIN \u00a0 \u00a0GERM\u00c1N \u00a0 \u00a0CHAPARRO \u00a0 \u00a0CARRILLO \u00a0 y \u00a0 WILMAR \u00a0 ROND\u00d3N \u00a0VARGAS, \u00a0que \u00a0se \u00a0le \u00a0adelanta en el Juzgado Segundo \u00a0Penal del Circuito Especializado de Villavicencio. \u00a0\u00a0<\/p>\n<p>2. \u00a0ASIGNAR \u00a0el \u00a0conocimiento \u00a0 del \u00a0 referido \u00a0 proceso \u00a0 a \u00a0los \u00a0Juzgados \u00a0Penal \u00a0del \u00a0Circuito \u00a0Especializado \u00a0de \u00a0Bogot\u00e1, \u00a0para \u00a0lo cual el Juzgado Segundo Penal del Circuito \u00a0Especializado \u00a0 de \u00a0 Villavicencio \u00a0 remitir\u00e1 \u00a0 el \u00a0expediente \u00a0al \u00a0reparto \u00a0de \u00a0aquellos. \u00a0\u00a0<\/p>\n<p>Contra \u00a0 esta \u00a0 decisi\u00f3n \u00a0 no \u00a0 proceden \u00a0recursos. \u00a0\u00a0<\/p>\n<p>COMUN\u00cdQUESE Y C\u00daMPLASE \u00a0<\/p>\n<p>JULIO ENRIQUE SOCHA SALAMANCA \u00a0<\/p>\n<p>JOS\u00c9\u00a0 \u00a0 \u00a0 LEONIDAS \u00a0 \u00a0 BUSTOS \u00a0MART\u00cdNEZ\u00a0\u00a0\u00a0\u00a0\u00a0\u00a0\u00a0\u00a0\u00a0\u00a0 SIGIFREDO \u00a0ESPINOSA P\u00c9REZ \u00a0\u00a0<\/p>\n<p>ALFREDO \u00a0 \u00a0 \u00a0 \u00a0 \u00a0 G\u00d3MEZ \u00a0QUINTERO\u00a0\u00a0\u00a0\u00a0\u00a0\u00a0\u00a0\u00a0\u00a0\u00a0\u00a0\u00a0\u00a0 \u00a0MAR\u00cdA DEL ROSARIO GONZ\u00c1LEZ DE L. \u00a0\u00a0<\/p>\n<p>AUGUSTO \u00a0 \u00a0 \u00a0 J. \u00a0 \u00a0 \u00a0 IB\u00c1\u00d1EZ \u00a0GUZM\u00c1N\u00a0\u00a0\u00a0\u00a0\u00a0\u00a0\u00a0\u00a0\u00a0\u00a0\u00a0\u00a0\u00a0\u00a0\u00a0\u00a0\u00a0\u00a0\u00a0\u00a0 \u00a0JORGE LUIS QUINTERO MILAN\u00c9S \u00a0\u00a0<\/p>\n<p>YESID \u00a0 \u00a0 \u00a0 \u00a0 \u00a0 RAM\u00cdREZ \u00a0BASTIDAS\u00a0\u00a0\u00a0\u00a0\u00a0\u00a0\u00a0\u00a0\u00a0\u00a0\u00a0\u00a0\u00a0\u00a0\u00a0\u00a0\u00a0\u00a0\u00a0\u00a0\u00a0\u00a0\u00a0\u00a0\u00a0\u00a0 \u00a0JAVIER DE JES\u00daS ZAPATA ORTIZ \u00a0\u00a0<\/p>\n<p>TERESA RUIZ N\u00da\u00d1EZ \u00a0<\/p>\n<p>Secretaria \u00a0\u00a0<\/p>\n<p>\u00a0 \u00a0\u00a0<\/p>\n<p>1 \u00a0Folios 3 y 4 del c.o.. 24 \u00a0\u00a0<\/p>\n<p>2 \u00a0Lo \u00a0anterior \u00a0se establece a partir del oficio No. 00263 de 12 de junio de 2009, con \u00a0el \u00a0cual \u00a0la \u00a0Fiscal\u00eda env\u00eda el proceso al Juzgado Segundo Penal del Circuito, \u00a0para \u00a0que \u00a0adelante \u00a0la \u00a0etapa del juicio, teniendo en cuenta que dicho despacho \u00a0judicial \u00a0ha \u00a0conocido \u00a0de \u00a0las investigaciones adelantadas contra otros sujetos \u00a0con ocasi\u00f3n de los mismos hechos. \u00a0\u00a0<\/p>\n<p>3 Auto \u00a0de \u00a01 \u00a0de \u00a0agosto \u00a0de \u00a02007, \u00a0Rad. \u00a027840, \u00a0auto \u00a0de \u00a09 \u00a0de \u00a0abril de 2008, Rad. \u00a029413 \u00a0\u00a0<\/p>\n<p>4 \u00a0Folios 209 a 223 del c.o. 22 \u00a0\u00a0<\/p>\n<p>5 \u00a0Folios \u00a0184 \u00a0\u2013 \u00a0187 del \u00a0c.o. 9 \u00a0 \u00a0\u00a0<\/p>\n<p><\/p>\n","protected":false},"excerpt":{"rendered":"<p>\u00a0 \u00a0 Proceso No 32371 \u00a0 CORTE SUPREMA DE JUSTICIA \u00a0 SALA DE CASACI\u00d3N PENAL \u00a0 \u00a0 \u00a0\u00a0 \u00a0\u00a0 \u00a0\u00a0 \u00a0\u00a0 \u00a0\u00a0 \u00a0\u00a0 \u00a0\u00a0 \u00a0\u00a0 \u00a0\u00a0 \u00a0 \u00a0Magistrado Ponente: \u00a0\u00a0 \u00a0 \u00a0\u00a0 \u00a0\u00a0 \u00a0\u00a0 \u00a0\u00a0 \u00a0\u00a0 \u00a0\u00a0 \u00a0\u00a0 \u00a0\u00a0 \u00a0\u00a0 \u00a0 \u00a0\u00a0 \u00a0 \u00a0\u00a0JULIO \u00a0 \u00a0ENRIQUE \u00a0 \u00a0SOCHA \u00a0SALAMANCA \u00a0\u00a0 \u00a0 \u00a0\u00a0 \u00a0\u00a0 \u00a0\u00a0 \u00a0\u00a0 [&hellip;]<\/p>\n","protected":false},"author":1,"featured_media":0,"comment_status":"open","ping_status":"open","sticky":false,"template":"","format":"standard","meta":{"footnotes":""},"categories":[17],"tags":[],"class_list":["post-19604","post","type-post","status-publish","format-standard","hentry","category-17"],"_links":{"self":[{"href":"https:\/\/dmsjuridica.com\/buscador_20179478954\/salapenalcronologico20230723\/wp-json\/wp\/v2\/posts\/19604","targetHints":{"allow":["GET"]}}],"collection":[{"href":"https:\/\/dmsjuridica.com\/buscador_20179478954\/salapenalcronologico20230723\/wp-json\/wp\/v2\/posts"}],"about":[{"href":"https:\/\/dmsjuridica.com\/buscador_20179478954\/salapenalcronologico20230723\/wp-json\/wp\/v2\/types\/post"}],"author":[{"embeddable":true,"href":"https:\/\/dmsjuridica.com\/buscador_20179478954\/salapenalcronologico20230723\/wp-json\/wp\/v2\/users\/1"}],"replies":[{"embeddable":true,"href":"https:\/\/dmsjuridica.com\/buscador_20179478954\/salapenalcronologico20230723\/wp-json\/wp\/v2\/comments?post=19604"}],"version-history":[{"count":0,"href":"https:\/\/dmsjuridica.com\/buscador_20179478954\/salapenalcronologico20230723\/wp-json\/wp\/v2\/posts\/19604\/revisions"}],"wp:attachment":[{"href":"https:\/\/dmsjuridica.com\/buscador_20179478954\/salapenalcronologico20230723\/wp-json\/wp\/v2\/media?parent=19604"}],"wp:term":[{"taxonomy":"category","embeddable":true,"href":"https:\/\/dmsjuridica.com\/buscador_20179478954\/salapenalcronologico20230723\/wp-json\/wp\/v2\/categories?post=19604"},{"taxonomy":"post_tag","embeddable":true,"href":"https:\/\/dmsjuridica.com\/buscador_20179478954\/salapenalcronologico20230723\/wp-json\/wp\/v2\/tags?post=19604"}],"curies":[{"name":"wp","href":"https:\/\/api.w.org\/{rel}","templated":true}]}}