{"id":19539,"date":"2023-09-11T19:47:46","date_gmt":"2023-09-11T19:47:46","guid":{"rendered":"https:\/\/dmsjuridica.com\/buscador_20179478954\/salapenalcronologico20230723\/2023\/09\/11\/3228929-07-09\/"},"modified":"2023-09-11T19:47:46","modified_gmt":"2023-09-11T19:47:46","slug":"3228929-07-09","status":"publish","type":"post","link":"https:\/\/dmsjuridica.com\/buscador_20179478954\/salapenalcronologico20230723\/2023\/09\/11\/3228929-07-09\/","title":{"rendered":"32289(29-07-09)"},"content":{"rendered":"\n<p>\u00a0 \u00a0 \u00a0\u00a0<\/p>\n<p>Proceso No 32289 \u00a0<\/p>\n<p>CORTE SUPREMA DE JUSTICIA \u00a0<\/p>\n<p>SALA DE CASACI\u00d3N PENAL \u00a0<\/p>\n<p>Magistrado Ponente \u00a0<\/p>\n<p>ALFREDO G\u00d3MEZ QUINTERO \u00a0<\/p>\n<p>Aprobado \u00a0Acta No. \u00a0230 \u00a0\u00a0<\/p>\n<p>Bogot\u00e1, \u00a0 \u00a0 \u00a0D.C., \u00a0 \u00a0 veintinueve (29) de julio de dos mil nueve (2009) \u00a0\u00a0<\/p>\n<p>VISTOS \u00a0<\/p>\n<p>Se \u00a0pronuncia \u00a0de plano la Sala en relaci\u00f3n \u00a0con \u00a0 la \u00a0definici\u00f3n \u00a0de \u00a0competencia \u00a0manifestada \u00a0por \u00a0la \u00a0doctora ZORAIDA ANYUL CHALELA R., \u00a0Magistrada \u00a0de \u00a0la \u00a0Sala \u00a0Penal \u00a0del \u00a0Tribunal Superior del Distrito Judicial de \u00a0Barranquilla, con funciones de control \u00a0de \u00a0garant\u00edas, \u00a0dentro \u00a0de \u00a0la causa radicada con el \u00a0n\u00famero \u00a0 \u00a0 \u00a0 \u00a0008001225200200883374 \u00a0 \u00a0 seguida \u00a0 \u00a0contra \u00a0 \u00a0JANCY \u00a0 \u00a0 \u00a0 \u00a0 \u00a0ANTONIO \u00a0 \u00a0 \u00a0 \u00a0 NOVOA \u00a0 \u00a0 \u00a0 \u00a0 PE\u00d1ARANDA. \u00a0\u00a0<\/p>\n<p>\u00a0 HECHOS \u00a0 \u00a0 Y \u00a0ANTECEDENTES: \u00a0\u00a0<\/p>\n<p>1)\u00a0 \u00a0En \u00a0el \u00a0marco \u00a0de \u00a0la \u00a0ley \u00a0de \u00a0Justicia \u00a0y \u00a0Paz \u00a0(ley \u00a0n\u00famero \u00a0975 \u00a0de \u00a02005 \u00a0y normas \u00a0complementarias) \u00a0 \u00a0\u201cPor \u00a0 la \u00a0 cual \u00a0 se \u00a0 dictan \u00a0disposiciones \u00a0 para \u00a0 la \u00a0 reincorporaci\u00f3n \u00a0 de \u00a0miembros \u00a0de \u00a0grupos \u00a0armados \u00a0organizados \u00a0al \u00a0margen \u00a0de \u00a0la \u00a0ley, \u00a0que \u00a0contribuyan \u00a0de manera efectiva a la \u00a0consecuci\u00f3n \u00a0de \u00a0la \u00a0paz nacional y se dictan otras disposiciones para acuerdos \u00a0humanitarios\u201d, \u00a0 \u00a0 \u00a0 \u00a0en \u00a0 \u00a0 \u00a0 \u00a0audiencia \u00a0del \u00a015 \u00a0de enero de 2009 la Fiscal\u00eda Treinta y Tres de \u00a0la \u00a0Unidad \u00a0Nacional para la Justicia y la Paz formul\u00f3 imputaci\u00f3n al postulado \u00a0JANCY \u00a0 \u00a0ANTONIO \u00a0 \u00a0NOVOA \u00a0 \u00a0PE\u00d1ARANDA, \u00a0por \u00a0dos \u00a0(2) \u00a0delitos \u00a0de \u00a0homicidio agravado de los que fueron \u00a0v\u00edctimas Rosalba N\u00fa\u00f1ez Molina y Olga Marina Molina Baquero. \u00a0\u00a0<\/p>\n<p>En \u00a0 \u00a0 \u00a0 \u00a0la \u00a0 \u00a0 \u00a0 \u00a0diligencia, \u00a0la \u00a0Magistrada \u00a0de \u00a0control de garant\u00edas impuso medida \u00a0de \u00a0aseguramiento \u00a0de \u00a0detenci\u00f3n preventiva en contra \u00a0del imputado (Cfr. folio 3). \u00a0\u00a0<\/p>\n<p>2)\u00a0 \u00a0Mediante \u00a0escrito del 5 de mayo de \u00a02009, \u00a0la \u00a0Fiscal\u00eda 33 adscrita a la Unidad Nacional para la Justicia y la Paz, \u00a0radic\u00f3 \u00a0 \u00a0 la \u00a0 \u00a0 solicitud \u00a0 \u00a0 de \u00a0 \u00a0audiencia \u00a0preliminar \u00a0para ampliaci\u00f3n \u00a0 \u00a0de \u00a0 \u00a0formulaci\u00f3n \u00a0 de \u00a0imputaci\u00f3n \u00a0y \u00a0medida \u00a0de \u00a0aseguramiento1 \u00a0en \u00a0el \u00a0proceso \u00a0que \u00a0se \u00a0sigue contra \u00a0JANCY \u00a0 \u00a0ANTONIO \u00a0 \u00a0NOVOA \u00a0 \u00a0PE\u00d1ARANDA \u00a0(a. \u00a0tornillo), \u00a0desmovilizado \u00a0de \u00a0las \u00a0autodefensas \u00a0unidas \u00a0de \u00a0Colombia, \u00a0perteneciente \u00a0al \u00a0bloque \u201cresistencia tayrona\u201d, porque en contra \u00a0del \u00a0postulado \u00a0a \u00a0los \u00a0beneficios \u00a0de \u00a0la \u00a0ley \u00a0surgen \u00a0imputaciones \u00a0por otros \u00a0delitos: \u00a0\u00a0<\/p>\n<p>Concierto para delinquir agravado, rebeli\u00f3n, \u00a0desplazamiento \u00a0forzado, fabricaci\u00f3n, tr\u00e1fico y porte de armas y municiones de \u00a0uso \u00a0privativo \u00a0de \u00a0las fuerzas armadas, fabricaci\u00f3n, tr\u00e1fico y porte de armas \u00a0de \u00a0 \u00a0fuego \u00a0 \u00a0o \u00a0 \u00a0municiones \u00a0 \u00a0y \u00a0 utilizaci\u00f3n \u00a0 ilegal \u00a0 de \u00a0 uniformes \u00a0 e \u00a0insignias. \u00a0\u00a0<\/p>\n<p>3)\u00a0 \u00a0La \u00a0actuaci\u00f3n \u00a0correspondi\u00f3 \u00a0por \u00a0reparto \u00a0al \u00a0despacho de la Dra. ZORAIDA ANYUL CHALELA R., Magistrada de la Sala \u00a0Penal \u00a0del \u00a0Tribunal Superior del Distrito Judicial de \u00a0Barranquilla, \u00a0 con \u00a0 funciones \u00a0 de \u00a0 control \u00a0 de \u00a0garant\u00edas, que fij\u00f3 las fechas del 14 y 15 de julio \u00a0de \u00a02009 \u00a0para \u00a0la \u00a0realizaci\u00f3n \u00a0de \u00a0la \u00a0audiencia de \u00a0ampliaci\u00f3n \u00a0de \u00a0la formulaci\u00f3n de imputaci\u00f3n (folio \u00a06). \u00a0\u00a0<\/p>\n<p>Iniciada \u00a0la \u00a0audiencia \u00a0el \u00a0d\u00eda \u00a0y \u00a0hora \u00a0se\u00f1alados, \u00a0la \u00a0Magistrada \u00a0con \u00a0funciones \u00a0de \u00a0control de garant\u00edas imparti\u00f3 \u00a0legalidad \u00a0 formal \u00a0 y \u00a0material \u00a0a \u00a0los \u00a0hechos \u00a0imputados \u00a0por \u00a0la \u00a0fiscal\u00eda, \u00a0relacionados \u00a0 con \u00a0 los \u00a0 delitos \u00a0 de \u00a0 concierto \u00a0 para \u00a0delinquir \u00a0agravado, \u00a0desplazamiento \u00a0forzado, fabricaci\u00f3n, tr\u00e1fico y porte de armas y municiones de \u00a0uso \u00a0privativo \u00a0de \u00a0las \u00a0fuerzas \u00a0armadas \u00a0y \u00a0utilizaci\u00f3n ilegal de uniformes e \u00a0insignias \u00a0e \u00a0impuso medida \u00a0de \u00a0aseguramiento, \u00a0exclusivamente \u00a0en relaci\u00f3n con dichas conductas (art\u00edculo \u00a0304 \u00a0del C. de P.P.), pero se abstuvo de impartir legalidad a la formulaci\u00f3n de \u00a0imputaci\u00f3n \u00a0por \u00a0el \u00a0delito \u00a0de rebeli\u00f3n \u00a0 \u00a0porque \u00a0 \u00a0estim\u00f3 \u00a0 \u00a0que \u00a0 \u00a0carece \u00a0 \u00a0de \u00a0 \u00a0competencia \u00a0 \u00a0para \u00a0hacerlo. \u00a0\u00a0<\/p>\n<p>La \u00a0raz\u00f3n \u00a0que \u00a0expuso \u00a0la \u00a0Magistrada \u00a0con \u00a0funciones \u00a0de control de \u00a0garant\u00edas fue la siguiente: \u00a0\u00a0<\/p>\n<p>JANCY \u00a0ANTONIO NOVOA PE\u00d1ARANDA \u00a0(a. \u00a0tornillo) \u00a0ex miembro de grupos \u00a0paramilitares \u00a0 \u00a0 (autodefensas \u00a0 \u00a0 unidas \u00a0 \u00a0 de \u00a0Colombia), \u00a0postulado \u00a0a \u00a0los \u00a0beneficios \u00a0de \u00a0la \u00a0Ley \u00a0de \u00a0Justicia \u00a0y Paz, en \u00a0raz\u00f3n \u00a0a \u00a0que \u00a0se desmoviliz\u00f3 como perteneciente al \u00a0bloque \u00a0\u201cresistencia tayrona\u201d de ese grupo armado \u00a0ilegal, con el fin de que \u00a0fuera \u00a0 juzgado \u00a0por \u00a0el \u00a0procedimiento \u00a0de \u00a0la \u00a0ley \u00a0de \u00a0Justicia \u00a0y \u00a0Paz, \u00a0con \u00a0ocasi\u00f3n de los \u00a0delitos conexos con esa actividad, \u00a0realizados \u00a0 \u00a0con \u00a0 \u00a0ocasi\u00f3n \u00a0 \u00a0de \u00a0 \u00a0su \u00a0 \u00a0pertenencia \u00a0 al \u00a0 grupo \u00a0 de \u00a0 las \u00a0autodefensas. \u00a0\u00a0<\/p>\n<p>Por \u00a0 \u00a0 su \u00a0 \u00a0 parte, \u00a0 \u00a0el \u00a0delito \u00a0de \u00a0rebeli\u00f3n \u00a0por \u00a0el que \u00a0la \u00a0Fiscal\u00eda \u00a033 adscrita a la Unidad Nacional para \u00a0la \u00a0Justicia \u00a0y \u00a0la \u00a0Paz \u00a0radic\u00f3 \u00a0la \u00a0solicitud \u00a0de \u00a0audiencia \u00a0preliminar para \u00a0ampliaci\u00f3n \u00a0de \u00a0formulaci\u00f3n de imputaci\u00f3n y medida \u00a0de \u00a0 \u00a0 \u00a0 \u00a0 aseguramiento, \u00a0 \u00a0 \u00a0 \u00a0est\u00e1 \u00a0relacionada \u00a0con \u00a0la \u00a0\u201cpret\u00e9rita \u00a0pertenencia \u00a0al \u00a0grupo \u00a0guerrillero \u00a0o \u00a0rebelde \u00a0E.P.L.\u201d \u00a0y \u00a0no \u00a0con \u00a0las \u00a0actividades \u00a0de \u00a0las \u00a0autodefensas.\u00a0 \u00a0 (Folios \u00a0 19 \u00a0\u2013 21). \u00a0\u00a0<\/p>\n<p>En \u00a0consecuencia, \u00a0con \u00a0fundamento \u00a0en \u00a0el \u00a0art\u00edculo \u00a054 \u00a0de la Ley 906 de 2004, dispuso remitir la actuaci\u00f3n a la Sala de \u00a0Casaci\u00f3n \u00a0Penal de la Corte Suprema de Justicia, con el fin de que determine si \u00a0la \u00a0competencia \u00a0para \u00a0conocer \u00a0del \u00a0delito de rebeli\u00f3n (en las condiciones que \u00a0se\u00f1al\u00f3), \u00a0corresponde \u00a0a \u00a0los \u00a0Jueces y magistrados de Justicia y Paz, o a los \u00a0jueces \u00a0ordinarios, \u00a0teniendo \u00a0en \u00a0cuenta \u00a0que \u00a0JANCY \u00a0ANTONIO \u00a0 NOVOA \u00a0 PE\u00d1ARANDA \u00a0(a. \u00a0tornillo) \u00a0no \u00a0se \u00a0desmoviliz\u00f3 \u00a0 formalmente, \u00a0ni \u00a0expresamente \u00a0fue \u00a0postulado \u00a0por \u00a0la \u00a0conducta \u00a0en concreto de \u00a0rebeli\u00f3n \u00a0\u201cpor haber pertenecido \u00a0al E.P.L.\u201d. \u00a0\u00a0<\/p>\n<p>CONSIDERACIONES \u00a0<\/p>\n<p>Es \u00a0de \u00a0competencia de la Sala de Casaci\u00f3n \u00a0Penal \u00a0resolver \u00a0sobre \u00a0la definici\u00f3n de competencia \u00a0que \u00a0 \u00a0propone \u00a0 \u00a0la \u00a0 \u00a0doctora \u00a0 ZORAIDA \u00a0ANYUL CHALELA R., Magistrada de la \u00a0Sala \u00a0 Penal \u00a0 del \u00a0 Tribunal \u00a0Superior \u00a0del \u00a0Distrito \u00a0Judicial \u00a0de \u00a0 Barranquilla, \u00a0 con \u00a0funciones \u00a0de \u00a0control \u00a0 de \u00a0 garant\u00edas, \u00a0 en \u00a0relaci\u00f3n \u00a0con \u00a0la \u00a0imputaci\u00f3n \u00a0 que \u00a0 surge \u00a0por \u00a0conductas \u00a0no \u00a0relacionadas \u00a0en \u00a0el \u00a0proceso \u00a0de \u00a0desmovilizaci\u00f3n \u00a0que \u00a0dio \u00a0origen \u00a0al \u00a0proceso \u00a0de \u00a0justicia \u00a0y paz.\u00a0 (Art\u00edculos 54 y 286 de la Ley \u00a0906 de 2004). \u00a0\u00a0<\/p>\n<p>Es \u00a0claro \u00a0que \u00a0la \u00a0ley \u00a0de \u00a0justicia y paz \u00a0dispone \u00a0que \u00a0se aplicar\u00e1 a miembros de grupos armados organizados al margen de \u00a0la \u00a0ley \u00a0que \u00a0contribuyan \u00a0de \u00a0manera \u00a0efectiva \u00a0a \u00a0la \u00a0consecuci\u00f3n \u00a0de \u00a0la paz \u00a0nacional;\u00a0 \u00a0el \u00a0principal \u00a0supuesto f\u00e1ctico es que los cr\u00edmenes objeto de \u00a0confesi\u00f3n, \u00a0imputaci\u00f3n, acusaci\u00f3n y sentencia se hayan ejecutado dentro de la \u00a0organizaci\u00f3n \u00a0delictiva \u00a0organizada, \u00a0objeto \u00a0de \u00a0la \u00a0competencia de justicia y \u00a0paz. \u00a0\u00a0<\/p>\n<p>De \u00a0 conformidad \u00a0 con \u00a0el \u00a0Art\u00edculo \u00a02\u00ba \u00a0de \u00a0la \u00a0Ley \u00a0975 \u00a0de \u00a02005, el \u00e1mbito de la ley de \u00a0justicia \u00a0y \u00a0paz \u00a0se \u00a0circunscribe a la investigaci\u00f3n, procesamiento, \u00a0sanci\u00f3n y beneficios judiciales de \u00a0las \u00a0personas \u00a0vinculadas a grupos armados organizados al margen de la ley, como \u00a0autores \u00a0o \u00a0part\u00edcipes de hechos delictivos cometidos durante y con ocasi\u00f3n de \u00a0la \u00a0 \u00a0 pertenencia \u00a0 \u00a0 a \u00a0 \u00a0 esos \u00a0 \u00a0 grupos, \u00a0 \u00a0que \u00a0 \u00a0hubieren \u00a0 \u00a0resuelto \u00a0desmovilizarse \u00a0y contribuir \u00a0decididamente \u00a0a \u00a0la \u00a0reconciliaci\u00f3n nacional.\u00a0 \u00a0(Conc. \u00a0 \u00a0Art\u00edculo \u00a0 \u00a01\u00b0, \u00a0 inciso \u00a0 segundo, \u00a0 del \u00a0Decreto \u00a0Reglamentario \u00a03391 de septiembre 29 de 2006). \u00a0\u00a0<\/p>\n<p>Para \u00a0acceder \u00a0a \u00a0 la \u00a0 aplicaci\u00f3n \u00a0 de \u00a0los \u00a0beneficios \u00a0penales \u00a0previstos \u00a0 en \u00a0 la \u00a0ley \u00a0975 \u00a0de \u00a02005 \u00a0 el \u00a0 aspirante \u00a0debe \u00a0desmovilizarse \u00a0de manera individual o \u00a0colectiva \u00a0 del \u00a0 grupo \u00a0al \u00a0margen \u00a0de \u00a0la \u00a0ley, \u00a0y \u00a0contribuir \u00a0 a \u00a0 la \u00a0 reconciliaci\u00f3n \u00a0nacional \u00a0con \u00a0ocasi\u00f3n \u00a0 de \u00a0 las \u00a0 actividades \u00a0 il\u00edcitas \u00a0cometidas \u00a0cuando \u00a0perteneci\u00f3 \u00a0a \u00a0determinada \u00a0 \u00a0agrupaci\u00f3n \u00a0 delictiva;\u00a0 \u00a0 por \u00a0manera \u00a0 \u00a0que \u00a0 \u00a0si \u00a0JANCY \u00a0 \u00a0ANTONIO \u00a0 \u00a0NOVOA \u00a0 PE\u00d1ARANDA \u00a0 \u00a0(a. \u00a0 \u00a0tornillo), \u00a0 \u00a0en \u00a0 pret\u00e9rita \u00a0 ocasi\u00f3n \u00a0 perteneci\u00f3 \u00a0al \u00a0grupo \u00a0guerrillero \u00a0o \u00a0rebelde \u00a0\u201cE.P.L.\u201d, \u00a0es \u00a0claro \u00a0que \u00a0su \u00a0desmovilizaci\u00f3n \u00a0no \u00a0se gener\u00f3 con \u00a0ocasi\u00f3n \u00a0de \u00a0esas \u00a0actividades \u00a0ilegales, \u00a0sino \u00a0con \u00a0las \u00a0de \u00a0otra agrupaci\u00f3n \u00a0delictiva a la que perteneci\u00f3 posteriormente (autodefensas). \u00a0\u00a0<\/p>\n<p>En \u00a0suma, \u00a0NOVOA \u00a0PE\u00d1ARANDA \u00a0fue postulado \u00a0al \u00a0proceso \u00a0de \u00a0Justicia \u00a0y Paz con ocasi\u00f3n de ser \u00a0paramilitar \u00a0desmovilizado \u00a0y \u00a0no por la condici\u00f3n \u00a0de guerrillero del E.P.L., \u00a0agrupaci\u00f3n \u00a0 \u00a0ilegal \u00a0a \u00a0la que perteneci\u00f3 en \u00e9poca anterior \u00a0a \u00a0la \u00a0que \u00a0motiv\u00f3 \u00a0su \u00a0desmovilizaci\u00f3n \u00a0y \u00a0postulaci\u00f3n a los \u00a0beneficios \u00a0de \u00a0la \u00a0Ley 975 de 2005 lo que significa \u00a0que, \u00a0por \u00a0su \u00a0condici\u00f3n delincuencial previa \u00a0a este tr\u00e1mite deber\u00e1n surgir \u00a0imputaciones \u00a0por \u00a0conductas \u00a0que \u00a0nada \u00a0tienen \u00a0que \u00a0ver \u00a0con \u00a0el \u00a0acto \u00a0 \u00a0de \u00a0 \u00a0postulaci\u00f3n \u00a0 \u00a0a \u00a0 \u00a0las \u00a0 prerrogativas \u00a0 \u00a0 de \u00a0 \u00a0 la \u00a0 \u00a0 Ley \u00a0 \u00a0 de \u00a0 \u00a0 Justicia \u00a0 \u00a0y \u00a0 \u00a0Paz. \u00a0\u00a0<\/p>\n<p>Por manera que el proceso penal \u00a0 \u00a0 \u00a0 \u00a0 \u00a0 \u00a0 \u2013en \u00a0las \u00a0 condiciones \u00a0 de \u00a0 la \u00a0 Ley \u00a0 de \u00a0Justicia \u00a0y \u00a0Paz- \u00a0se \u00a0relaciona \u00a0de \u00a0manera \u00a0exclusiva \u00a0y \u00a0excluyente \u00a0con \u00a0las \u00a0conductas \u00a0que cometi\u00f3 el imputado, \u00a0relacionadas \u00a0con la agrupaci\u00f3n de la que se desmoviliz\u00f3 formalmente y por las \u00a0cuales \u00a0 fue \u00a0 postulado \u00a0 a \u00a0 los \u00a0 beneficios \u00a0 alternativos \u00a0 que \u00a0dicha \u00a0ley \u00a0ofrece;\u00a0 \u00a0es decir, \u00a0los \u00a0actos ejecutados \u201cdurante y con ocasi\u00f3n de su \u00a0pertenencia \u00a0 \u00a0 \u00a0 al \u00a0 \u00a0 \u00a0grupo \u00a0 \u00a0 \u00a0de \u00a0 \u00a0 \u00a0las \u00a0autodefensas\u201d. \u00a0\u00a0<\/p>\n<p>En \u00a0 suma, \u00a0la \u00a0conducta \u00a0punible de \u00a0rebeli\u00f3n \u00a0 \u00a0 \u00a0 \u00a0 \u00a0 y \u00a0 \u00a0 \u00a0 \u00a0 \u00a0\u2013 \u00a0o \u00a0las que surjan con ocasi\u00f3n de \u00a0la \u00a0pertenencia \u00a0anterior \u00a0de \u00a0JANCY \u00a0ANTONIO NOVOA \u00a0PE\u00d1ARANDA a un \u00a0grupo \u00a0de \u00a0guerrillas, \u00a0 \u00a0 \u00a0 \u00a0no \u00a0 \u00a0 \u00a0 caben \u00a0en este \u00a0caso \u00a0concreto \u00a0dentro del \u00e1mbito de aplicaci\u00f3n de \u00a0la \u00a0ley \u00a0de \u00a0justicia \u00a0y \u00a0paz, \u00a0porque \u00a0es claro que \u00a0su \u00a0desmovilizaci\u00f3n \u00a0no \u00a0se \u00a0origin\u00f3 \u00a0por \u00a0la \u00a0condici\u00f3n \u00a0de \u00a0guerrillero que otrora tuvo, siendo \u00a0 \u00a0 \u00a0 \u00a0 \u00a0la \u00a0 \u00a0 \u00a0 \u00a0 \u00a0desmovilizaci\u00f3n \u00a0 \u00a0 \u00a0 \u00a0 \u00a0exigencia \u00a0 \u00a0 \u00a0 \u00a0 \u00a0 \u00a0 \u00a0de \u00a0procesabilidad \u00a0y \u00a0presupuesto de la postulaci\u00f3n al \u00a0tr\u00e1mite \u00a0 del \u00a0proceso \u00a0penal \u00a0 espec\u00edfico \u00a0 de \u00a0 la \u00a0 Ley \u00a0 de \u00a0justicia y paz;\u00a0 dicho de otra \u00a0manera, \u00a0 el \u00a0 imputado \u00a0no \u00a0se \u00a0someti\u00f3 \u00a0al \u00a0proceso \u00a0de \u00a0desmovilizaci\u00f3n \u00a0y \u00a0a \u00a0la postulaci\u00f3n por \u00a0efecto \u00a0de \u00a0aquellas conductas delictivas anteriores, \u00a0cometidas \u00a0 con \u00a0 ocasi\u00f3n \u00a0 de \u00a0 la \u00a0pertenencia \u00a0al \u00a0grupo \u00a0E.P.L. al margen de la ley. \u00a0\u00a0<\/p>\n<p>No \u00a0obstante \u00a0lo \u00a0anterior, \u00a0es \u00a0claro \u00a0que \u00a0el \u00a0imputado, \u00a0de manera \u00a0individual, \u00a0 podr\u00e1 \u00a0acceder \u00a0a \u00a0los \u00a0beneficios \u00a0 \u00a0 jur\u00eddicos \u00a0 \u00a0 consagrados \u00a0 \u00a0 en \u00a0 \u00a0la \u00a0ley \u00a0418 \u00a0del 26 de diciembre de 1997 \u00a0\u201cPor \u00a0la \u00a0cual se consagran unos instrumentos para \u00a0la \u00a0b\u00fasqueda \u00a0de \u00a0la \u00a0convivencia, la eficacia de la justicia y se dictan otras \u00a0disposiciones\u201d \u00a0(Prorrogada \u00a0su \u00a0vigencia, \u00a0por el art. 1, Ley 548 de 1999, Modificada \u00a0parcialmente \u00a0por \u00a0la \u00a0Ley \u00a0782 \u00a0de \u00a02002 \u00a0, reglamentada \u00a0por \u00a0 el \u00a0 Decreto \u00a0Nacional \u00a0128 \u00a0de \u00a02003, \u00a0Reglamentada \u00a0por \u00a0 el \u00a0Decreto \u00a0Nacional \u00a02767 \u00a0de \u00a02004, \u00a0Reglamentada \u00a0por \u00a0 el \u00a0 Decreto \u00a0Nacional \u00a0395 \u00a0de \u00a02007, \u00a0Reglamentada \u00a0por \u00a0el \u00a0Decreto \u00a0Nacional \u00a01059 \u00a0de \u00a02008), \u00a0normas \u00a0de \u00a0aplicaci\u00f3n \u00a0en el caso \u00a0espec\u00edfico \u00a0 de \u00a0 conductas \u00a0 que \u00a0difieren \u00a0del \u00a0proceso \u00a0de \u00a0desmovilizaci\u00f3n \u00a0y \u00a0de \u00a0la \u00a0postulaci\u00f3n a \u00a0los beneficios de la Ley de Justicia y Paz. \u00a0\u00a0<\/p>\n<p>En relaci\u00f3n con la competencia de \u00a0los \u00a0funcionarios para instruir \u00a0 \u00a0y \u00a0 \u00a0para \u00a0 \u00a0conocer \u00a0 de \u00a0las \u00a0conductas \u00a0cometidas \u00a0al \u00a0margen del proceso de \u00a0justicia \u00a0 y \u00a0paz, \u00a0es \u00a0claro \u00a0que \u00a0no \u00a0son \u00a0 los \u00a0 vinculados \u00a0 a \u00a0 este \u00a0 espec\u00edfico \u00a0 procedimiento \u00a0quienes \u00a0 \u00a0deben \u00a0 \u00a0cumplir \u00a0 \u00a0labores \u00a0de \u00a0instrucci\u00f3n, de control de garant\u00edas, ni del conocimiento, \u00a0por \u00a0cuanto \u00a0tales atribuciones en el rese\u00f1ado rito \u00a0procesal aparecen definidas en el cap\u00edtulo IV de la \u00a0Ley \u00a0975 \u00a0de \u00a02005 \u00a0(Investigaci\u00f3n \u00a0y \u00a0Juzgamiento), art\u00edculos 16, 17, 32 y 33 \u00a0ibidem. \u00a0\u00a0<\/p>\n<p>De \u00a0modo \u00a0que \u00a0la \u00a0Magistrada de Justicia y \u00a0Paz \u00a0tiene raz\u00f3n cuando \u00a0afirma \u00a0que \u00a0no \u00a0es \u00a0competente \u00a0para impartir legalidad a la imputaci\u00f3n por el \u00a0delito \u00a0 \u00a0de \u00a0 \u00a0rebeli\u00f3n \u00a0 \u00a0que \u00a0 \u00a0la \u00a0 fiscal\u00eda \u00a0atribuy\u00f3 \u00a0a JANCY \u00a0ANTONIO NOVOA PE\u00d1ARANDA, por su \u00a0pertenencia \u00a0anterior a las actividades ilegales que \u00a0originaron \u00a0 su \u00a0 desmovilizaci\u00f3n \u00a0 y \u00a0postulaci\u00f3n \u00a0en \u00a0el \u00a0tr\u00e1mite de la Ley de Justicia y Paz, porque \u00a0dichas \u00a0conductas \u00a0delictivas \u00a0no \u00a0caben dentro del \u00e1mbito de aplicaci\u00f3n de la \u00a0ley 975 de 2005. \u00a0\u00a0<\/p>\n<p>En \u00a0consecuencia, \u00a0la \u00a0Sala \u00a0asignar\u00e1 \u00a0la competencia para conocer de las conductas originadas \u00a0con \u00a0anterioridad \u00a0y \u00a0al \u00a0margen \u00a0de \u00a0la \u00a0ley \u00a0de Justicia y paz, en la justicia \u00a0ordinaria;\u00a0 \u00a0para \u00a0la \u00a0instrucci\u00f3n \u00a0 del \u00a0sumario, \u00a0el \u00a0diligenciamiento \u00a0corresponde \u00a0 \u00a0a \u00a0 \u00a0la \u00a0 Unidad \u00a0 de \u00a0 Fiscal\u00edas \u00a0 \u00a0de \u00a0 \u00a0la \u00a0 ciudad \u00a0 de \u00a0Barranquilla \u00a0 \u00a0 \u00a0 \u00a0 \u00a0 \u00a0 \u00a0 \u2013 \u00a0 \u00a0 Atl\u00e1ntico, \u00a0 \u00a0ante \u00a0la \u00a0cual \u00a0el \u00a0Fiscal \u00a0de \u00a0Justicia y Paz deber\u00e1 promover el \u00a0ejercicio de la acci\u00f3n penal respectiva. \u00a0\u00a0<\/p>\n<p>En m\u00e9rito de lo expuesto, la Sala Penal de \u00a0la Corte Suprema de Justicia, \u00a0\u00a0<\/p>\n<p>\u00a0 RESUELVE \u00a0\u00a0<\/p>\n<p>1. \u00a0 \u00a0 \u00a0 \u00a0 \u00a0 ASIGNAR \u00a0la \u00a0competencia \u00a0para \u00a0la \u00a0instrucci\u00f3n \u00a0del \u00a0proceso penal por las conductas que se \u00a0originaron \u00a0con \u00a0anterioridad \u00a0al \u00a0proceso \u00a0de desmovilizaci\u00f3n de la Ley 975 de \u00a02005 \u00a0(De \u00a0Justicia y Paz), a la Fiscal\u00eda General de la Naci\u00f3n, y a los jueces \u00a0ordinarios \u00a0de \u00a0conformidad \u00a0con \u00a0la \u00a0distribuci\u00f3n \u00a0de \u00a0competencias \u00a0del C. de \u00a0P.P. \u00a0\u00a0<\/p>\n<p>Contra \u00a0esta \u00a0decisi\u00f3n \u00a0no procede recurso \u00a0alguno. \u00a0\u00a0<\/p>\n<p>C\u00famplase \u00a0<\/p>\n<p>JULIO \u00a0ENRIQUE \u00a0SOCHA \u00a0SALAMANCA \u00a0\u00a0<\/p>\n<p>\u00a0\u00a0\u00a0\u00a0\u00a0 JOS\u00c9 \u00a0 \u00a0 \u00a0 \u00a0 \u00a0LEONIDAS \u00a0 \u00a0 \u00a0 \u00a0 \u00a0BUSTOS \u00a0MART\u00cdNEZ\u00a0\u00a0\u00a0\u00a0\u00a0\u00a0\u00a0\u00a0\u00a0\u00a0\u00a0\u00a0\u00a0\u00a0\u00a0\u00a0\u00a0\u00a0\u00a0 \u00a0SIGIFREDO ESPINOSA \u00a0P\u00c9REZ\u00a0\u00a0\u00a0\u00a0\u00a0\u00a0\u00a0\u00a0\u00a0\u00a0\u00a0\u00a0\u00a0\u00a0\u00a0\u00a0\u00a0\u00a0\u00a0\u00a0 \u00a0\u00a0<\/p>\n<p>\u00a0\u00a0\u00a0\u00a0 \u00a0\u00a0<\/p>\n<p>\u00a0\u00a0\u00a0\u00a0\u00a0\u00a0\u00a0 \u00a0ALFREDO G\u00d3MEZ \u00a0QUINTERO\u00a0\u00a0\u00a0\u00a0\u00a0\u00a0\u00a0\u00a0\u00a0\u00a0\u00a0\u00a0\u00a0 \u00a0MARIA \u00a0DEL \u00a0ROSARIO \u00a0GONZ\u00c1LEZ \u00a0DE LEMOS\u00a0\u00a0\u00a0\u00a0\u00a0\u00a0\u00a0\u00a0\u00a0\u00a0\u00a0\u00a0\u00a0\u00a0\u00a0\u00a0 \u00a0\u00a0<\/p>\n<p>\u00a0\u00a0\u00a0\u00a0\u00a0\u00a0\u00a0\u00a0\u00a0\u00a0 \u00a0AUGUSTO \u00a0 J. \u00a0 IBA\u00d1EZ \u00a0GUZM\u00c1N\u00a0\u00a0\u00a0\u00a0\u00a0\u00a0\u00a0\u00a0\u00a0\u00a0\u00a0\u00a0\u00a0\u00a0\u00a0\u00a0 \u00a0JORGE \u00a0 \u00a0 \u00a0 \u00a0 \u00a0 \u00a0 \u00a0 \u00a0 \u00a0 \u00a0 \u00a0 \u00a0 \u00a0 \u00a0 \u00a0 \u00a0LUIS \u00a0 \u00a0 \u00a0 \u00a0 \u00a0 \u00a0 \u00a0 \u00a0 \u00a0 \u00a0 \u00a0 \u00a0 \u00a0 \u00a0 \u00a0 QUINTERO \u00a0MILAN\u00c9S\u00a0\u00a0\u00a0\u00a0\u00a0\u00a0\u00a0\u00a0\u00a0\u00a0\u00a0\u00a0\u00a0\u00a0\u00a0\u00a0\u00a0\u00a0\u00a0\u00a0\u00a0\u00a0\u00a0\u00a0 \u00a0\u00a0<\/p>\n<p>\u00a0\u00a0\u00a0\u00a0\u00a0\u00a0\u00a0\u00a0\u00a0\u00a0 \u00a0Excusa justificada \u00a0\u00a0<\/p>\n<p>\u00a0\u00a0\u00a0\u00a0\u00a0\u00a0\u00a0\u00a0\u00a0\u00a0\u00a0 \u00a0YESID RAM\u00cdREZ \u00a0BASTIDAS\u00a0\u00a0\u00a0\u00a0\u00a0\u00a0\u00a0\u00a0\u00a0\u00a0\u00a0\u00a0\u00a0\u00a0\u00a0\u00a0\u00a0\u00a0\u00a0\u00a0\u00a0\u00a0\u00a0\u00a0\u00a0\u00a0\u00a0 \u00a0JAVIER ZAPATA ORTIZ \u00a0\u00a0<\/p>\n<p>Teresa Ruiz N\u00fa\u00f1ez \u00a0<\/p>\n<p>Secretaria \u00a0 \u00a0<\/p>\n<p>1De \u00a0conformidad \u00a0con \u00a0el \u00a0par\u00e1grafo del \u00a0art\u00edculo \u00a05\u00b0 \u00a0del \u00a0Decreto \u00a04760 \u00a0de 2005, conc. Art\u00edculo 18 de la Ley 975 de \u00a02005 de Justicia y Paz. \u00a0 \u00a0\u00a0<\/p>\n<p><\/p>\n","protected":false},"excerpt":{"rendered":"<p>\u00a0 \u00a0 \u00a0\u00a0 Proceso No 32289 \u00a0 CORTE SUPREMA DE JUSTICIA \u00a0 SALA DE CASACI\u00d3N PENAL \u00a0 Magistrado Ponente \u00a0 ALFREDO G\u00d3MEZ QUINTERO \u00a0 Aprobado \u00a0Acta No. \u00a0230 \u00a0\u00a0 Bogot\u00e1, \u00a0 \u00a0 \u00a0D.C., \u00a0 \u00a0 veintinueve (29) de julio de dos mil nueve (2009) \u00a0\u00a0 VISTOS \u00a0 Se \u00a0pronuncia \u00a0de plano la Sala en relaci\u00f3n [&hellip;]<\/p>\n","protected":false},"author":1,"featured_media":0,"comment_status":"open","ping_status":"open","sticky":false,"template":"","format":"standard","meta":{"footnotes":""},"categories":[17],"tags":[],"class_list":["post-19539","post","type-post","status-publish","format-standard","hentry","category-17"],"_links":{"self":[{"href":"https:\/\/dmsjuridica.com\/buscador_20179478954\/salapenalcronologico20230723\/wp-json\/wp\/v2\/posts\/19539","targetHints":{"allow":["GET"]}}],"collection":[{"href":"https:\/\/dmsjuridica.com\/buscador_20179478954\/salapenalcronologico20230723\/wp-json\/wp\/v2\/posts"}],"about":[{"href":"https:\/\/dmsjuridica.com\/buscador_20179478954\/salapenalcronologico20230723\/wp-json\/wp\/v2\/types\/post"}],"author":[{"embeddable":true,"href":"https:\/\/dmsjuridica.com\/buscador_20179478954\/salapenalcronologico20230723\/wp-json\/wp\/v2\/users\/1"}],"replies":[{"embeddable":true,"href":"https:\/\/dmsjuridica.com\/buscador_20179478954\/salapenalcronologico20230723\/wp-json\/wp\/v2\/comments?post=19539"}],"version-history":[{"count":0,"href":"https:\/\/dmsjuridica.com\/buscador_20179478954\/salapenalcronologico20230723\/wp-json\/wp\/v2\/posts\/19539\/revisions"}],"wp:attachment":[{"href":"https:\/\/dmsjuridica.com\/buscador_20179478954\/salapenalcronologico20230723\/wp-json\/wp\/v2\/media?parent=19539"}],"wp:term":[{"taxonomy":"category","embeddable":true,"href":"https:\/\/dmsjuridica.com\/buscador_20179478954\/salapenalcronologico20230723\/wp-json\/wp\/v2\/categories?post=19539"},{"taxonomy":"post_tag","embeddable":true,"href":"https:\/\/dmsjuridica.com\/buscador_20179478954\/salapenalcronologico20230723\/wp-json\/wp\/v2\/tags?post=19539"}],"curies":[{"name":"wp","href":"https:\/\/api.w.org\/{rel}","templated":true}]}}