{"id":19477,"date":"2023-09-11T19:46:37","date_gmt":"2023-09-11T19:46:37","guid":{"rendered":"https:\/\/dmsjuridica.com\/buscador_20179478954\/salapenalcronologico20230723\/2023\/09\/11\/3221231-07-09\/"},"modified":"2023-09-11T19:46:37","modified_gmt":"2023-09-11T19:46:37","slug":"3221231-07-09","status":"publish","type":"post","link":"https:\/\/dmsjuridica.com\/buscador_20179478954\/salapenalcronologico20230723\/2023\/09\/11\/3221231-07-09\/","title":{"rendered":"32212(31-07-09)"},"content":{"rendered":"\n<p>\u00a0 \u00a0 Proceso No 32212 \u00a0<\/p>\n<p>CORTE SUPREMA DE JUSTICIA \u00a0<\/p>\n<p>SALA DE CASACI\u00d3N PENAL \u00a0<\/p>\n<p>Magistrado Ponente: \u00a0<\/p>\n<p>JAVIER ZAPATA ORTIZ \u00a0<\/p>\n<p>Aprobado Acta No. 233 \u00a0<\/p>\n<p>Archipi\u00e9lago \u00a0de San Andr\u00e9s, Providencia y \u00a0Santa \u00a0 Catalina, \u00a0 treinta \u00a0 y \u00a0 uno \u00a0 (31) \u00a0 de \u00a0 julio \u00a0 de \u00a0 dos \u00a0mil \u00a0nueve \u00a0(2009). \u00a0\u00a0<\/p>\n<p>VISTOS \u00a0<\/p>\n<p>Decide \u00a0la \u00a0Corte \u00a0la solicitud de cambio de \u00a0radicaci\u00f3n \u00a0del \u00a0proceso \u00a0tramitado \u00a0en \u00a0el \u00a0Juzgado \u00a0Promiscuo del Circuito de \u00a0Puerto \u00a0Rico, \u00a0Caquet\u00e1, \u00a0contra LUIS ALBERTO VALENCIA MORALES, por el delito de \u00a0rebeli\u00f3n, \u00a0 petici\u00f3n \u00a0 formulada \u00a0 por \u00a0la \u00a0titular \u00a0del \u00a0mencionado \u00a0despacho \u00a0judicial.\u00a0 \u00a0\u00a0<\/p>\n<p>FUNDAMENTOS \u00a0 DE \u00a0 LA \u00a0PETICI\u00d3N \u00a0\u00a0<\/p>\n<p>\u00a0 \u00a0\u00a0 \u00a0\u00a0 \u00a0\u00a0El \u00a0Juzgado \u00a0Promiscuo \u00a0del \u00a0Circuito \u00a0del municipio de Puerto Rico, \u00a0Caquet\u00e1, \u00a0adelanta \u00a0proceso \u00a0penal \u00a0contra LUIS ALBERTO VALENCIA MORALES por el \u00a0delito \u00a0de rebeli\u00f3n, de acuerdo con la actividad subversiva desarrollada por el \u00a0implicado \u00a0como \u00a0miembro \u00a0del grupo guerrillero de las FARC, y en tal condici\u00f3n \u00a0es \u00a0se\u00f1alado, \u00a0adem\u00e1s, \u00a0de \u00a0ser \u00a0el \u00a0autor \u00a0del \u00a0homicidio del ex \u2013 \u00a0 alcalde \u00a0de \u00a0aquella \u00a0localidad, \u00a0y \u00a0pertenecer \u00a0a \u00a0la \u00a0columna \u00a0m\u00f3vil \u00a0\u201cTe\u00f3filo Forero \u00a0Castro\u201d, \u00a0con \u00a0presencia \u00a0en \u00a0el \u00a0departamento \u00a0del \u00a0Caquet\u00e1. \u00a0\u00a0<\/p>\n<p>Hall\u00e1ndose \u00a0el \u00a0asunto \u00a0pendiente \u00a0de \u00a0la \u00a0celebraci\u00f3n \u00a0de\u00a0 \u00a0audiencia \u00a0de formulaci\u00f3n de acusaci\u00f3n, la titular del \u00a0Juzgado \u00a0de conocimiento solicita el cambio de radicaci\u00f3n, invocando razones de \u00a0seguridad \u00a0que \u00a0afectan \u00a0la \u00a0vida \u00a0e integridad personal de los funcionarios que \u00a0intervienen \u00a0en \u00a0el \u00a0juicio, \u00a0as\u00ed \u00a0como \u00a0el \u00a0procesado \u00a0y \u00a0los \u00a0testigos, \u00a0pues \u00a0debi\u00e9ndose \u00a0 realizar \u00a0 los \u00a0 desplazamientos \u00a0 por \u00a0v\u00eda \u00a0terrestre \u00a0hasta \u00a0la \u00a0jurisdicci\u00f3n \u00a0del \u00a0juzgado \u00a0promiscuo, se corre un alto riesgo, dado que en esa \u00a0zona \u00a0opera el grupo insurgente de las FARC el cual en el transcurso del a\u00f1o ha \u00a0venido \u00a0cometiendo \u00a0toda \u00a0clase de delitos y atentados que van desde la quema de \u00a0automotores, \u00a0instalaci\u00f3n \u00a0de \u00a0retenes \u00a0ilegales, \u00a0homicidios \u00a0de funcionarios, \u00a0ex-funcionarios, \u00a0militares y civiles, tal como se detalla en el informe rendido \u00a0por Comandante de la Brigada M\u00f3vil No. 22. \u00a0\u00a0<\/p>\n<p>Se\u00f1ala adem\u00e1s, que jueces de la regi\u00f3n han \u00a0sido \u00a0v\u00edctimas \u00a0de \u00a0las \u00a0FARC \u00a0y \u00a0que \u00a0de \u00a0no cumplir con las exigencias de los \u00a0subversivos \u00a0ser\u00e1n \u00a0declarados \u00a0objetivos \u00a0militares, como sucedi\u00f3 con la Juez \u00a0Primero \u00a0Promiscuo Municipal de esa localidad, quien debi\u00f3 renunciar a su cargo \u00a0por \u00a0presiones \u00a0de \u00a0la guerrilla. Por esta raz\u00f3n estima que la imparcialidad se \u00a0ve \u00a0afectada \u00a0para \u00a0emitir \u00a0el \u00a0fallo, \u00a0debido al temor de las represalias de la \u00a0subversi\u00f3n. \u00a0\u00a0<\/p>\n<p>Para \u00a0soportar \u00a0su petici\u00f3n la funcionaria, \u00a0adjunta \u00a0copia \u00a0de \u00a0un \u00a0comunicado \u00a0del \u00a0grupo subversivo de fecha 20 de mayo de \u00a02009, \u00a0donde \u00a0previene \u00a0a \u00a0la \u00a0poblaci\u00f3n \u00a0de los municipios del departamento de \u00a0abstenerse \u00a0de \u00a0transitar \u00a0por \u00a0las \u00a0v\u00edas de la regi\u00f3n, por haber decretado un \u00a0paro \u00a0armado \u00a0indefinido. As\u00ed mismo copia del informe rendido por el Comandante \u00a0de \u00a0la \u00a0Brigada \u00a0M\u00f3vil \u00a0No. \u00a022, \u00a0sobre \u00a0las \u00a0condiciones de orden p\u00fablico del \u00a0departamento \u00a0y \u00a0el \u00a0accionar \u00a0de \u00a0las FARC, como tambi\u00e9n trae como apoyo de su \u00a0solicitud, \u00a0la \u00a0decisi\u00f3n de esta Sala del 24 de junio de 2009, mediante la cual \u00a0se \u00a0 orden\u00f3 \u00a0 el \u00a0 cambio \u00a0 de \u00a0 radicaci\u00f3n \u00a0 de \u00a0otro \u00a0proceso \u00a0de \u00a0similares \u00a0condiciones. \u00a0\u00a0<\/p>\n<p>Por \u00a0lo \u00a0anterior, \u00a0estima \u00a0que el cambio de \u00a0radicaci\u00f3n \u00a0es \u00a0procedente \u00a0en \u00a0los \u00a0t\u00e9rminos \u00a0del art\u00edculo 46 del C\u00f3digo de \u00a0Procedimiento Penal. \u00a0\u00a0<\/p>\n<p>CONSIDERACIONES \u00a0DE \u00a0LA \u00a0SALA \u00a0\u00a0<\/p>\n<p>1. \u00a0De \u00a0conformidad \u00a0con \u00a0el numeral 8\u00b0 del \u00a0art\u00edculo \u00a032 \u00a0del \u00a0C\u00f3digo de Procedimiento Penal (Ley 906 de 2004), la Sala de \u00a0Casaci\u00f3n \u00a0Penal \u00a0de \u00a0la Corte Suprema de Justicia es competente para decidir la \u00a0solicitud \u00a0de \u00a0cambio \u00a0de \u00a0radicaci\u00f3n, \u00a0toda \u00a0vez que se pretende a un distrito \u00a0judicial \u00a0diferente \u00a0de \u00a0aquel \u00a0donde \u00a0se \u00a0est\u00e1 \u00a0tramitando \u00a0el \u00a0asunto, \u00a0y \u00a0el \u00a0proceso\u00a0 se halla en la etapa de juzgamiento. \u00a0\u00a0<\/p>\n<p>2. \u00a0El cambio de radicaci\u00f3n es un mecanismo \u00a0jur\u00eddico \u00a0perentoriamente \u00a0regulado, \u00a0a \u00a0trav\u00e9s \u00a0del cual puede exceptuarse la \u00a0regla \u00a0general \u00a0de \u00a0competencia \u00a0deducida \u00a0por \u00a0el factor territorial, cuando se \u00a0compruebe \u00a0de \u00a0manera fehaciente que en el territorio donde se est\u00e1 adelantando \u00a0el \u00a0juicio \u00a0existen \u00a0circunstancias \u00a0que \u00a0pueden \u00a0afectar \u00a0el orden p\u00fablico, la \u00a0imparcialidad \u00a0o \u00a0la \u00a0independencia \u00a0de \u00a0la \u00a0administraci\u00f3n \u00a0de \u00a0justicia, \u00a0las \u00a0garant\u00edas \u00a0 procesales, \u00a0la \u00a0publicidad \u00a0del \u00a0juzgamiento, \u00a0y \u00a0la \u00a0seguridad \u00a0o \u00a0integridad \u00a0personal de los sujetos procesales o de los funcionarios judiciales, \u00a0como \u00a0 lo \u00a0 estipula \u00a0 el \u00a0 art\u00edculo \u00a0 46 \u00a0ib\u00eddem1. \u00a0\u00a0<\/p>\n<p>Por \u00a0lo \u00a0tanto, su car\u00e1cter teleol\u00f3gico es \u00a0asegurar \u00a0que \u00a0el \u00a0fallo \u00a0sea proferido por un juez que est\u00e9 en las condiciones \u00a0adecuadas \u00a0 para \u00a0 que \u00a0 pueda \u00a0 dispensar \u00a0 una \u00a0recta, \u00a0cumplida \u00a0y \u00a0eficiente \u00a0administraci\u00f3n \u00a0de \u00a0justicia, \u00a0cuando\u00a0\u00a0 \u00a0por \u00a0confluir \u00a0alguna de las \u00a0circunstancias \u00a0anteriores, \u00a0la \u00a0ecuanimidad del funcionario judicial competente \u00a0se hubiere quebrantado. \u00a0\u00a0<\/p>\n<p>La \u00a0petici\u00f3n \u00a0que \u00a0se \u00a0formule \u00a0debe \u00a0estar \u00a0\u201csustentada \u00a0y a ella se acompa\u00f1ar\u00e1n los elementos \u00a0cognoscitivos \u00a0pertinentes\u201d, so pena de ser rechazada \u00a0de plano.\u00a0 \u00a0\u00a0<\/p>\n<p>3. \u00a0Se \u00a0deduce \u00a0entonces, \u00a0que \u00a0el cambio de \u00a0radicaci\u00f3n \u00a0 es \u00a0 una \u00a0 medida \u00a0 residual \u00a0y \u00a0extrema \u00a0que \u00a0se \u00a0concede \u00a0cuando \u00a0definitivamente \u00a0ya \u00a0no \u00a0existan mecanismos jur\u00eddicos alternativos destinados a \u00a0neutralizar \u00a0las \u00a0causas \u00a0que \u00a0lo generan, o cuando pese a haber acudido a otras \u00a0formas \u00a0de prevenir o remediar el conflicto latente y extra\u00f1o al proceso penal, \u00a0no se hubieren obtenido los resultados esperados. \u00a0\u00a0<\/p>\n<p>4. Los planteamientos presentados por la Juez \u00a0Promiscuo \u00a0del \u00a0Circuito de Puerto Rico, Caquet\u00e1, para fundamentar el cambio de \u00a0radicaci\u00f3n \u00a0que \u00a0pide, se concretan en dos aspectos a saber: la inseguridad que \u00a0entra\u00f1a \u00a0un alto riesgo para la vida e integridad personal de los funcionarios, \u00a0los \u00a0testigos \u00a0y \u00a0los mismos procesados, y las condiciones de orden p\u00fablico del \u00a0lugar \u00a0donde \u00a0se \u00a0halla \u00a0la \u00a0sede \u00a0del \u00a0Juzgado \u00a0que \u00a0debe \u00a0adelantar el juicio. \u00a0\u00a0<\/p>\n<p>Los lineamientos esenciales que caracterizan \u00a0el \u00a0 cambio \u00a0de \u00a0radicaci\u00f3n \u00a0se \u00a0verifican \u00a0en \u00a0la \u00a0petici\u00f3n \u00a0elevada \u00a0por \u00a0el \u00a0funcionario \u00a0de \u00a0conocimiento, \u00a0quien en debida forma expone los motivos por los \u00a0cuales \u00a0la \u00a0serenidad y ecuanimidad ideal que debe concurrir en el administrador \u00a0de \u00a0 justicia \u00a0 y \u00a0las \u00a0garant\u00edas \u00a0de \u00a0los \u00a0sujetos \u00a0procesales \u00a0est\u00e1n \u00a0siendo \u00a0actualmente \u00a0afectadas \u00a0en la causa que se adelanta contra el implicado, privado \u00a0de \u00a0la libertad, de quien se dice forma parte de las c\u00e9lulas subversivas de las \u00a0FARC que operan en la regi\u00f3n de Puerto Rico, Caquet\u00e1. \u00a0\u00a0<\/p>\n<p>5. Por id\u00e9nticas razones a las que sustentan \u00a0la \u00a0presente solicitud, la Sala de Casaci\u00f3n Penal, con auto del 24 de junio del \u00a0a\u00f1o \u00a0 en \u00a0 curso \u00a0 (radicaci\u00f3n \u00a0 32015), \u00a0dispuso \u00a0el \u00a0cambio \u00a0de \u00a0radicaci\u00f3n \u00a0de \u00a0otra \u00a0causa \u00a0que ven\u00eda \u00a0adelantado \u00a0el \u00a0Juzgado \u00a0Promiscuo del Circuito de Puerto Rico, Caquet\u00e1, contra \u00a011 \u00a0procesados, a quienes se acus\u00f3 por el delito de rebeli\u00f3n como miembros del \u00a0grupo \u00a0 \u00a0ilegal \u00a0 FARC \u00a0 y \u00a0 ten\u00edan \u00a0 su \u00a0 \u00e1rea \u00a0 de \u00a0 influencia \u00a0 en \u00a0 dicha \u00a0localidad. \u00a0\u00a0<\/p>\n<p>En \u00a0dicha \u00a0providencia \u00a0la \u00a0Corte \u00a0se\u00f1al\u00f3: \u00a0\u00a0<\/p>\n<p>\u201cBajo \u00a0dichos \u00a0supuestos, \u00a0si \u00a0bien \u00a0el \u00a0estado \u00a0de \u00a0inseguridad \u00a0que \u00a0vive la regi\u00f3n donde se \u00a0desarrolla \u00a0el \u00a0juicio \u00a0por \u00a0operar \u00a0all\u00ed \u00a0un grupo guerrillero que de hecho se \u00a0extiende \u00a0a \u00a0otras \u00a0zonas \u00a0del pa\u00eds no se constituye, per se, en situaci\u00f3n que \u00a0motive \u00a0el \u00a0cambio de radicaci\u00f3n, como tampoco situaciones que afectan el orden \u00a0p\u00fablico \u00a0no \u00a0se \u00a0relacionan de modo directo con la tramitaci\u00f3n del juicio cuya \u00a0remoci\u00f3n \u00a0se \u00a0demanda, \u00a0no \u00a0menos \u00a0cierto \u00a0es \u00a0que, \u00a0en casos como el presente, \u00a0aquellas \u00a0vivencias \u00a0materializadas \u00a0en \u00a0actos concretos como los que rese\u00f1a el \u00a0comandante \u00a0de \u00a0la \u00a0Brigada \u00a0M\u00f3vil \u00a0No. \u00a022 \u00a0de acuerdo con el documento que al \u00a0respecto \u00a0 adjunt\u00f3 \u00a0 el \u00a0 petente, \u00a0 s\u00ed \u00a0 se \u00a0proyecta \u00a0nocivamente \u00a0sobre \u00a0la \u00a0independencia \u00a0e \u00a0imparcialidad \u00a0del \u00a0aparato \u00a0judicial, \u00a0dado \u00a0adem\u00e1s \u00a0que los \u00a0encausados fueron miembros del grupo insurgente. \u00a0\u00a0<\/p>\n<p>En \u00a0efecto, \u00a0refiri\u00e9ndose \u00a0el art\u00edculo 85 \u00a0(actual \u00a046 \u00a0de \u00a0la Ley 906 de 2004) citado del C\u00f3digo de Procedimiento Penal a \u00a0circunstancias \u00a0que \u00a0afecten \u00a0la \u00a0seguridad o integridad personal de los sujetos \u00a0procesales \u00a0o \u00a0de los funcionarios judiciales o la imparcialidad e independencia \u00a0de \u00a0la \u00a0administraci\u00f3n \u00a0de justicia como unos de los motivos que posibilitan el \u00a0cambio \u00a0de \u00a0radicaci\u00f3n, \u00a0es \u00a0indudable \u00a0que \u00a0circunstancias \u00a0como \u00a0las \u00a0que \u00a0se \u00a0presentan \u00a0 en \u00a0 jurisdicci\u00f3n \u00a0 del \u00a0 Departamento \u00a0del \u00a0Caquet\u00e1 \u00a0\u2013seg\u00fan \u00a0la informaci\u00f3n de la Brigada \u00a0M\u00f3vil \u00a0ya \u00a0mencionada- repercuten no solo en el \u00e1nimo del Juez coloc\u00e1ndolo en \u00a0una \u00a0situaci\u00f3n \u00a0tal \u00a0que necesariamente rompe el imprescindible equilibrio para \u00a0decidir, \u00a0sino \u00a0qie \u00a0inciden \u00a0seriamente \u00a0en las condiciones de seguridad de los \u00a0funcionarios \u00a0e intervinientes en la causa cuya remoci\u00f3n se depreca.\u201d \u00a0\u00a0<\/p>\n<p>6. \u00a0Es \u00a0evidente \u00a0que las razones esgrimidas \u00a0para \u00a0fundamentar \u00a0el \u00a0cambio de radicaci\u00f3n autorizado por la Corte en auto del \u00a0pasado \u00a024 \u00a0de \u00a0junio \u00a0(radicaci\u00f3n 32015), \u00a0son \u00a0iguales \u00a0a \u00a0las \u00a0que \u00a0sirven \u00a0de \u00a0apoyo \u00a0al solicitante para \u00a0formular \u00a0la presente petici\u00f3n. Por tanto, como nada ha variado desde esa fecha \u00a0hasta \u00a0ahora, \u00a0se \u00a0colige \u00a0que \u00a0contin\u00faan \u00a0alteradas \u00a0las \u00a0condiciones \u00a0que \u00a0se \u00a0requieren \u00a0para \u00a0adelantar \u00a0el juzgamiento con normalidad el municipio de Puerto \u00a0Rico (Caquet\u00e1). \u00a0\u00a0<\/p>\n<p>As\u00ed \u00a0las \u00a0cosas, \u00a0en \u00a0consideraci\u00f3n \u00a0a las \u00a0caracter\u00edsticas \u00a0singulares \u00a0del \u00a0presente \u00a0asunto, \u00a0y \u00a0en aras de preservar la \u00a0independencia \u00a0e \u00a0imparcialidad \u00a0de la administraci\u00f3n de justicia, as\u00ed como la \u00a0seguridad \u00a0e integridad personal de los funcionarios judiciales y las partes, se \u00a0declarar\u00e1 \u00a0fundada \u00a0la \u00a0solicitud \u00a0elevada \u00a0por \u00a0la Juez que hasta ahora ven\u00eda \u00a0conociendo \u00a0del asunto, disponiendo en consecuencia la radicaci\u00f3n del juicio en \u00a0los \u00a0Jueces \u00a0Penales del Circuito de Bogot\u00e1 (reparto), pues por ubicaci\u00f3n y la \u00a0distancia \u00a0de \u00a0este \u00a0Distrito \u00a0Judicial \u00a0al \u00a0\u00e1rea \u00a0de acci\u00f3n del presuntamente \u00a0implicado, \u00a0 es \u00a0factible \u00a0neutralizar \u00a0la \u00a0interferencia \u00a0de \u00a0los \u00a0factores \u00a0de \u00a0perturbaci\u00f3n. \u00a0\u00a0<\/p>\n<p>Finalmente, se advierte que la Sala resuelve \u00a0directamente, \u00a0como \u00a0lo \u00a0ha \u00a0hecho reiteradamente, en asuntos de competencia del \u00a0Juzgado \u00a0Promiscuo \u00a0del \u00a0Circuito \u00a0de \u00a0Puerto \u00a0Rico, Caquet\u00e1, pero solo por las \u00a0excepcionales \u00a0circunstancias \u00a0que \u00a0rodean estos hechos, sin que ello signifique \u00a0variaci\u00f3n de jurisprudencia o error de la Sala.\u00a0\u00a0 \u00a0\u00a0<\/p>\n<p>En \u00a0m\u00e9rito de lo expuesto, la CORTE SUPREMA \u00a0DE JUSTICIA, SALA DE CASACI\u00d3N PENAL, \u00a0\u00a0<\/p>\n<p>\u00a0 \u00a0 \u00a0 \u00a0 \u00a0<\/p>\n<p>RESUELVE \u00a0\u00a0<\/p>\n<p>Primero: \u00a0Declarar \u00a0fundada \u00a0la \u00a0solicitud \u00a0de \u00a0cambio \u00a0de \u00a0radicaci\u00f3n del proceso tramitado por el \u00a0Juzgado \u00a0Promiscuo \u00a0del Circuito de Puerto Rico, Caquet\u00e1, en contra del acusado \u00a0LUIS ALBERTO VALENCIA MORALES. \u00a0\u00a0<\/p>\n<p>En consecuencia, radicar el conocimiento del \u00a0proceso \u00a0al \u00a0Juzgado \u00a0Penal \u00a0del \u00a0Circuito \u00a0de \u00a0Bogot\u00e1 \u00a0a quien corresponda por \u00a0reparto. \u00a0\u00a0<\/p>\n<p>Segundo: \u00a0 El \u00a0Juzgado \u00a0 Promiscuo \u00a0del \u00a0Circuito \u00a0de \u00a0Puerto \u00a0Rico, \u00a0Caquet\u00e1, \u00a0comunicar\u00e1 lo decidido en este auto a los \u00a0sujetos \u00a0 \u00a0 procesales \u00a0 \u00a0 y \u00a0 \u00a0 al \u00a0 \u00a0director \u00a0 \u00a0 \u00a0 \u00a0 \u00a0 del \u00a0 \u00a0 \u00a0 \u00a0 \u00a0 \u00a0 establecimiento \u00a0carcelario \u00a0 donde \u00a0 se \u00a0 encuentra \u00a0el \u00a0procesado. \u00a0\u00a0<\/p>\n<p>Contra \u00a0esta \u00a0decisi\u00f3n \u00a0no \u00a0procede recurso \u00a0alguno. \u00a0\u00a0<\/p>\n<p>Devu\u00e9lvase al lugar de origen. \u00a0<\/p>\n<p>Comun\u00edquese \u00a0 \u00a0y \u00a0c\u00famplase \u00a0\u00a0<\/p>\n<p>JULIO ENRIQUE SOCHA SALAMANCA \u00a0<\/p>\n<p>JOS\u00c9 \u00a0 \u00a0 \u00a0 LEONIDAS \u00a0 \u00a0 \u00a0 BUSTOS \u00a0MART\u00cdNEZ\u00a0\u00a0\u00a0\u00a0\u00a0\u00a0\u00a0\u00a0 \u00a0 \u00a0 \u00a0 \u00a0 \u00a0\u00a0 \u00a0 \u00a0\u00a0 \u00a0 \u00a0 \u00a0 \u00a0 \u00a0\u00a0 \u00a0 \u00a0\u00a0 \u00a0 \u00a0\u00a0 \u00a0 \u00a0 SIGIFREDO ESPINOSA P\u00c9REZ \u00a0\u00a0<\/p>\n<p>ALFREDO \u00a0 \u00a0 \u00a0 \u00a0 \u00a0 G\u00d3MEZ \u00a0QUINTERO\u00a0\u00a0\u00a0\u00a0 \u00a0 \u00a0 \u00a0 \u00a0 \u00a0\u00a0 \u00a0\u00a0 \u00a0\u00a0 \u00a0\u00a0 \u00a0\u00a0 \u00a0\u00a0 \u00a0\u00a0MAR\u00cdA DEL ROSARIO GONZ\u00c1LEZ DE \u00a0LEMOS \u00a0\u00a0<\/p>\n<p>\u00a0 \u00a0\u00a0 \u00a0\u00a0 \u00a0Permiso \u00a0 \u00a0\u00a0 \u00a0 \u00a0\u00a0 \u00a0 \u00a0\u00a0 \u00a0\u00a0 \u00a0 \u00a0 \u00a0 \u00a0 \u00a0\u00a0 \u00a0\u00a0 \u00a0\u00a0 \u00a0\u00a0 \u00a0\u00a0 \u00a0\u00a0 \u00a0\u00a0 \u00a0\u00a0 \u00a0 \u00a0\u00a0 \u00a0 \u00a0 \u00a0 \u00a0 \u00a0 \u00a0 \u00a0 \u00a0 \u00a0\u00a0Comisi\u00f3n de servicio \u00a0\u00a0<\/p>\n<p>AUGUSTO \u00a0J. \u00a0IB\u00c1\u00d1EZ \u00a0GUZM\u00c1N \u00a0 \u00a0 \u00a0 \u00a0 \u00a0\u00a0 \u00a0 \u00a0\u00a0 \u00a0 \u00a0\u00a0 \u00a0\u00a0 \u00a0 \u00a0 \u00a0 \u00a0 \u00a0\u00a0 \u00a0\u00a0JORGE LUIS QUINTERO MILAN\u00c9S\u00a0 \u00a0\u00a0<\/p>\n<p>YESID \u00a0 RAM\u00cdREZ \u00a0 BASTIDAS \u00a0 \u00a0\u00a0 \u00a0\u00a0 \u00a0\u00a0 \u00a0\u00a0 \u00a0\u00a0 \u00a0\u00a0 \u00a0 \u00a0 \u00a0 \u00a0 \u00a0 \u00a0 \u00a0 \u00a0 \u00a0 \u00a0 \u00a0 \u00a0 \u00a0 \u00a0 \u00a0 \u00a0 \u00a0 \u00a0 \u00a0 \u00a0 \u00a0 \u00a0 \u00a0 \u00a0 \u00a0 \u00a0\u00a0\u00a0\u00a0\u00a0\u00a0\u00a0\u00a0\u00a0\u00a0\u00a0 \u00a0JAVIER ZAPATA ORTIZ \u00a0\u00a0<\/p>\n<p>TERESA RUIZ NU\u00d1EZ \u00a0<\/p>\n<p>Secretaria \u00a0<\/p>\n<p>\u00a0 \u00a0\u00a0<\/p>\n<p>1 Auto \u00a0de 17 de marzo del 2004, radicado 22077. \u00a0 \u00a0\u00a0<\/p>\n<p><\/p>\n","protected":false},"excerpt":{"rendered":"<p>\u00a0 \u00a0 Proceso No 32212 \u00a0 CORTE SUPREMA DE JUSTICIA \u00a0 SALA DE CASACI\u00d3N PENAL \u00a0 Magistrado Ponente: \u00a0 JAVIER ZAPATA ORTIZ \u00a0 Aprobado Acta No. 233 \u00a0 Archipi\u00e9lago \u00a0de San Andr\u00e9s, Providencia y \u00a0Santa \u00a0 Catalina, \u00a0 treinta \u00a0 y \u00a0 uno \u00a0 (31) \u00a0 de \u00a0 julio \u00a0 de \u00a0 dos \u00a0mil \u00a0nueve [&hellip;]<\/p>\n","protected":false},"author":1,"featured_media":0,"comment_status":"open","ping_status":"open","sticky":false,"template":"","format":"standard","meta":{"footnotes":""},"categories":[17],"tags":[],"class_list":["post-19477","post","type-post","status-publish","format-standard","hentry","category-17"],"_links":{"self":[{"href":"https:\/\/dmsjuridica.com\/buscador_20179478954\/salapenalcronologico20230723\/wp-json\/wp\/v2\/posts\/19477","targetHints":{"allow":["GET"]}}],"collection":[{"href":"https:\/\/dmsjuridica.com\/buscador_20179478954\/salapenalcronologico20230723\/wp-json\/wp\/v2\/posts"}],"about":[{"href":"https:\/\/dmsjuridica.com\/buscador_20179478954\/salapenalcronologico20230723\/wp-json\/wp\/v2\/types\/post"}],"author":[{"embeddable":true,"href":"https:\/\/dmsjuridica.com\/buscador_20179478954\/salapenalcronologico20230723\/wp-json\/wp\/v2\/users\/1"}],"replies":[{"embeddable":true,"href":"https:\/\/dmsjuridica.com\/buscador_20179478954\/salapenalcronologico20230723\/wp-json\/wp\/v2\/comments?post=19477"}],"version-history":[{"count":0,"href":"https:\/\/dmsjuridica.com\/buscador_20179478954\/salapenalcronologico20230723\/wp-json\/wp\/v2\/posts\/19477\/revisions"}],"wp:attachment":[{"href":"https:\/\/dmsjuridica.com\/buscador_20179478954\/salapenalcronologico20230723\/wp-json\/wp\/v2\/media?parent=19477"}],"wp:term":[{"taxonomy":"category","embeddable":true,"href":"https:\/\/dmsjuridica.com\/buscador_20179478954\/salapenalcronologico20230723\/wp-json\/wp\/v2\/categories?post=19477"},{"taxonomy":"post_tag","embeddable":true,"href":"https:\/\/dmsjuridica.com\/buscador_20179478954\/salapenalcronologico20230723\/wp-json\/wp\/v2\/tags?post=19477"}],"curies":[{"name":"wp","href":"https:\/\/api.w.org\/{rel}","templated":true}]}}