{"id":19433,"date":"2023-09-11T19:46:35","date_gmt":"2023-09-11T19:46:35","guid":{"rendered":"https:\/\/dmsjuridica.com\/buscador_20179478954\/salapenalcronologico20230723\/2023\/09\/11\/3215431-07-09\/"},"modified":"2023-09-11T19:46:35","modified_gmt":"2023-09-11T19:46:35","slug":"3215431-07-09","status":"publish","type":"post","link":"https:\/\/dmsjuridica.com\/buscador_20179478954\/salapenalcronologico20230723\/2023\/09\/11\/3215431-07-09\/","title":{"rendered":"32154(31-07-09)"},"content":{"rendered":"\n<p>\u00a0 \u00a0 Proceso No 32154 \u00a0<\/p>\n<p>CORTE SUPREMA DE JUSTICIA \u00a0<\/p>\n<p>SALA DE CASACI\u00d3N PENAL \u00a0<\/p>\n<p>Magistrado Ponente: \u00a0<\/p>\n<p>JORGE LUIS QUINTERO MILAN\u00c9S \u00a0<\/p>\n<p>Aprobado \u00a0 \u00a0acta \u00a0 \u00a0N\u00b0 \u00a0 \u00a0233 \u00a0\u00a0<\/p>\n<p>\u00a0\u00a0 \u00a0<\/p>\n<p>San \u00a0 Andres \u00a0 Islas,\u00a0 \u00a0treinta y uno (31) de julio de dos mil \u00a0nueve (2009). \u00a0\u00a0<\/p>\n<p>V \u00a0 I \u00a0 S \u00a0 T \u00a0 O \u00a0S \u00a0\u00a0<\/p>\n<p>La \u00a0 Corte \u00a0resuelve \u00a0la \u00a0solicitud de \u00a0cambio \u00a0de \u00a0radicaci\u00f3n presentada por la se\u00f1ora Juez \u00a0Promiscuo \u00a0del \u00a0Circuito \u00a0de Puerto Rico (Departamento \u00a0del \u00a0Caquet\u00e1), doctora \u00a0 \u00a0Martha \u00a0 Liliana \u00a0 Benavides \u00a0 Guevara, \u00a0 de \u00a0 \u00a0la \u00a0 \u00a0causa \u00a0 \u00a0que \u00a0 adelanta \u00a0 en \u00a0 contra \u00a0 de \u00a0 CECILIA \u00a0OBANDO AGUIRRE, por el delito de \u00a0rebeli\u00f3n. \u00a0\u00a0<\/p>\n<p>FUNDAMENTOS\u00a0 \u00a0DE\u00a0 LA\u00a0 PETICI\u00d3N \u00a0\u00a0<\/p>\n<p>La \u00a0mencionada \u00a0Juez, \u00a0con \u00a0fundamento en el art\u00edculo 85 del C\u00f3digo \u00a0de \u00a0Procedimiento \u00a0Penal, \u00a0solicita \u00a0el cambio de radicaci\u00f3n del citado proceso \u00a0del \u00a0Distrito \u00a0Judicial de Florencia a otro distinto, con base en los siguientes \u00a0motivos: \u00a0\u00a0<\/p>\n<p>Informa \u00a0que \u00a0la Fiscal\u00eda Cincuenta y Ocho \u00a0Especializada, \u00a0adscrita a la Unidad de Derechos Humanos y Derecho Internacional \u00a0Humanitario \u00a0de \u00a0Neiva, \u00a0el \u00a015 \u00a0de septiembre de 2008, profiri\u00f3 resoluci\u00f3n de \u00a0acusaci\u00f3n \u00a0 \u00a0en \u00a0 \u00a0contra \u00a0 \u00a0de \u00a0 \u00a0Cecilia \u00a0 Obando \u00a0Aguirre, \u00a0por \u00a0el \u00a0delito de rebeli\u00f3n, decisi\u00f3n que \u00a0una \u00a0vez \u00a0ejecutoriada \u00a0el \u00a0proceso \u00a0fue remitido a su despacho por raz\u00f3n de la \u00a0competencia territorial. \u00a0\u00a0<\/p>\n<p>No \u00a0obstante, \u00a0refiere \u00a0que \u00a0Puerto \u00a0Rico \u00a0(Caquet\u00e1) \u00a0 \u201ces \u00a0 un \u00a0lugar \u00a0que \u00a0no \u00a0ofrece \u00a0las \u00a0condiciones \u00a0de seguridad para la integridad personal de los sujetos procesales, \u00a0atendiendo \u00a0el \u00a0desplazamiento \u00a0que \u00a0hasta \u00a0esta \u00a0zona \u00a0debe \u00a0hacerse \u00a0por \u00a0v\u00eda \u00a0terrestre \u00a0desde \u00a0la \u00a0ciudad \u00a0de Florencia hasta Puerto Rico, por espacio de dos \u00a0horas, \u00a0por \u00a0lugares \u00a0monta\u00f1osos \u00a0y despoblados en donde hacen presencia grupos \u00a0armados \u00a0ilegales insurgentes de las FARC, lo que pone en riesgo no solo la vida \u00a0e \u00a0integridad \u00a0personal de la propia procesada, sino del Fiscal Cincuenta y Ocho \u00a0Especializado \u00a0de la Unidad Nacional de derechos Humanos y derecho Internacional \u00a0Humanitario, \u00a0que \u00a0debe \u00a0desplazarse \u00a0desde \u00a0la \u00a0ciudad \u00a0de \u00a0Neiva, \u00a0hasta \u00a0esta \u00a0localidad, \u00a0 \u00a0 \u00a0en \u00a0 \u00a0 \u00a0las \u00a0 \u00a0 \u00a0condiciones \u00a0 \u00a0 \u00a0ya \u00a0 \u00a0 \u00a0advertidas\u201d. \u00a0\u00a0<\/p>\n<p>A\u00f1ade \u00a0 que \u00a0la \u00a0acusada \u00a0fue \u00a0se\u00f1alada \u00a0\u201cde \u00a0desarrollar \u00a0actividades delictivas propias de \u00a0la \u00a0insurgencia \u00a0por \u00a0Javier \u00a0de Jes\u00fas Reyes Hern\u00e1ndez, Edwin Robert Cardona y \u00a0Ulden \u00a0Aurelio \u00a0castro \u00a0Ortiz, \u00a0reinsertados de las FARC y que hoy se encuentran \u00a0bajo \u00a0el \u00a0programa \u00a0de \u00a0protecci\u00f3n \u00a0del \u00a0Gobierno, \u00a0y \u00a0el primero privado de la \u00a0libertad \u00a0en \u00a0la C\u00e1rcel de La Dorada (Caldas)\u201d, sin \u00a0dejar \u00a0pasar \u00a0por \u00a0alto \u00a0que \u00a0la \u00a0acusada \u00a0tambi\u00e9n ha estado vinculada en otros \u00a0procesos \u00a0 por \u00a0 delitos \u00a0 similares \u00a0 a \u00a0 los \u00a0 que \u00a0 dieron \u00a0 origen \u00a0 a \u00a0esta \u00a0causa. \u00a0\u00a0<\/p>\n<p>Por \u00a0ello, \u00a0advierte \u00a0que \u00a0los \u00a0mencionados \u00a0testigos \u00a0de cargo, quienes son desertores de la guerrilla, pueden ser objeto de \u00a0represalias \u00a0\u201cpor sus antiguos compa\u00f1eros de grupo, \u00a0no \u00a0solo \u00a0por \u00a0haber \u00a0abandonado \u00a0las \u00a0filas \u00a0sino \u00a0por \u00a0la delaci\u00f3n que est\u00e1n \u00a0haciendo, \u00a0lo \u00a0que tambi\u00e9n puede provocar que aquellos se reh\u00fasen a comparecer \u00a0al \u00a0juicio \u00a0a \u00a0donde \u00a0han sido citados, pues se trata de una zona donde el orden \u00a0p\u00fablico \u00a0se \u00a0encuentra \u00a0perturbado continuamente y donde adem\u00e1s los juzgadores \u00a0de \u00a0instancia \u00a0por \u00a0temor \u00a0y \u00a0miedo \u00a0a \u00a0los \u00a0grupo ilegales que aqu\u00ed operan, su \u00a0imparcialidad \u00a0en \u00a0la \u00a0emisi\u00f3n \u00a0del \u00a0fallo \u00a0puede \u00a0verse \u00a0afectada \u00a0por temor a \u00a0represalias, \u00a0sobre \u00a0todo \u00a0porque \u00a0se \u00a0est\u00e1n \u00a0juzgando \u00a0integrantes \u00a0de \u00a0grupos \u00a0rebeldes \u00a0que operan en la zona donde tiene alta influencia las FARC\u201d. \u00a0\u00a0<\/p>\n<p>Como \u00a0apoyo de sus afirmaciones, la se\u00f1ora \u00a0Juez \u00a0 allega \u00a0 fotocopia \u00a0 de \u00a0un \u00a0panfleto \u00a0suscrito \u00a0por \u00a0el \u00a0\u201cFrente \u00a0 \u00a015 \u00a0 Jos\u00e9 \u00a0 Ignacio \u00a0 Mora \u00a0 de \u00a0 las \u00a0 FARC\u201d, \u00a0fechado el 20 de mayo de 2009, a trav\u00e9s del cual comunican a \u00a0los \u00a0trasportadores del Caquet\u00e1 que \u201ca partir de la \u00a0fecha \u00a0no \u00a0despachen \u00a0carros\u201d a los municipios de la \u00a0regi\u00f3n, \u00a0 toda \u00a0 vez \u00a0 que \u00a0\u201centramos \u00a0a \u00a0un \u00a0paro \u00a0indefinido\u201d, \u00a0 \u00a0agregando \u00a0 que \u00a0 \u201cles \u00a0 \u00a0pedimos \u00a0 que \u00a0 atiendan \u00a0 nuestro \u00a0 llamado \u00a0 para \u00a0 evitar \u00a0incineraciones \u00a0 a \u00a0 carros \u00a0 de \u00a0 sus \u00a0 empresas\u201d, \u00a0\u201cde \u00a0no prestar atenci\u00f3n a nuestro llamado ustedes \u00a0pasaran \u00a0a ser responsables de lo que pase con los pasajeros y responder\u00e1n ante \u00a0la justicia revolucionaria\u201d. \u00a0\u00a0<\/p>\n<p>As\u00ed mismo, adjunta copia del escrito que el \u00a0Teniente \u00a0Coronel \u00a0William \u00a0Trejos Manrique, Comandante de la Brigada M\u00f3vil N\u00b0 \u00a022 \u00a0(e), \u00a0envi\u00f3 \u00a0al \u00a0Fiscal \u00a0Veintiuno \u00a0Especializado \u00a0de \u00a0la Unida Nacional de \u00a0Fiscal\u00edas \u00a0contra \u00a0el Terrorismo con sede en Bogot\u00e1, mediante el cual inform\u00f3 \u00a0todos \u00a0los \u00a0pormenores \u00a0relativos \u00a0a \u00a0la \u00a0alteraci\u00f3n \u00a0del \u00a0orden p\u00fablico en la \u00a0regi\u00f3n donde se adelanta el mencionado juicio. \u00a0\u00a0<\/p>\n<p>Luego \u00a0de \u00a0citar una jurisprudencia de esta \u00a0Corporaci\u00f3n, \u00a0en \u00a0la \u00a0cual \u00a0se \u00a0resuelve de manera favorable un asunto similar, \u00a0reitera su solicitud de cambio de radicaci\u00f3n. \u00a0\u00a0<\/p>\n<p>CONSIDERACIONES\u00a0 \u00a0DE\u00a0 LA\u00a0 CORTE \u00a0\u00a0<\/p>\n<p>1.\u00a0 \u00a0El \u00a0prop\u00f3sito de la solicitud de \u00a0cambio \u00a0de \u00a0radicaci\u00f3n \u00a0es \u00a0el \u00a0traslado \u00a0de \u00a0la \u00a0causa \u00a0que contra \u00a0Cecilia \u00a0Obando \u00a0Aguirre \u00a0adelanta \u00a0el \u00a0Juzgado \u00a0Promiscuo del Circuito de Puerto Rico (Caquet\u00e1) a un Juzgado Penal del \u00a0Circuito \u00a0de \u00a0otro \u00a0distrito \u00a0judicial, \u00a0situaci\u00f3n \u00a0que \u00a0de \u00a0conformidad con lo \u00a0establecido \u00a0en \u00a0el \u00a0numeral \u00a08\u00b0 \u00a0del art\u00edculo 75 del C\u00f3digo de Procedimiento \u00a0Penal \u00a0(Ley \u00a0600 \u00a0de \u00a02000) \u00a0le \u00a0da \u00a0a \u00a0la \u00a0Corte competencia para conocer de la \u00a0misma. \u00a0\u00a0<\/p>\n<p>2.\u00a0 \u00a0Debe \u00a0la \u00a0Corte \u00a0recordar \u00a0que el \u00a0cambio \u00a0de \u00a0radicaci\u00f3n \u00a0de \u00a0un \u00a0proceso \u00a0penal, como excepci\u00f3n a las reglas de \u00a0competencia \u00a0por \u00a0el \u00a0factor \u00a0territorial, procede cuando se acredita, en debida \u00a0forma, \u00a0que en el lugar donde se ventilan las diligencias existen circunstancias \u00a0que \u00a0 \u00a0 puedan \u00a0 \u00a0 afectar \u00a0 \u00a0 el \u00a0 \u00a0 orden \u00a0 \u00a0 p\u00fablico, \u00a0 \u00a0 la \u00a0 \u00a0imparcialidad \u00a0 \u00a0o \u00a0 la \u00a0 independencia \u00a0de \u00a0la administraci\u00f3n de \u00a0justicia, \u00a0 las \u00a0 garant\u00edas \u00a0procesales, \u00a0la \u00a0publicidad \u00a0del \u00a0juzgamiento, \u00a0la \u00a0seguridad \u00a0o \u00a0integridad \u00a0 personal \u00a0 de \u00a0 los \u00a0 sujetos \u00a0 procesales \u00a0 \u00a0 o \u00a0 \u00a0 de \u00a0 \u00a0 los \u00a0 \u00a0 funcionarios \u00a0judiciales, tal como lo contempla el art\u00edculo 85 del \u00a0C\u00f3digo de Procedimiento Penal. \u00a0\u00a0<\/p>\n<p>En \u00a0otras \u00a0palabras, \u00a0el cambio de sede del \u00a0proceso, \u00a0como \u00a0excepci\u00f3n a la competencia territorial, es siempre de car\u00e1cter \u00a0extremo, \u00a0residual \u00a0y \u00a0procedente s\u00f3lo en los casos taxativamente se\u00f1alados en \u00a0la disposici\u00f3n citada. \u00a0\u00a0<\/p>\n<p>As\u00ed mismo, se ha indicado que la labor del \u00a0peticionario \u00a0 debe \u00a0 centrarse \u00a0en \u00a0demostrar, \u00a0de \u00a0manera \u00a0clara \u00a0y \u00a0evidente, \u00a0cualquiera \u00a0de \u00a0las \u00a0circunstancias en precedencia citadas para que la Corte, en \u00a0cumplimiento \u00a0de lo normado en el numeral 8\u00b0 del art\u00edculo 75 de la misma obra, \u00a0se \u00a0 pronuncie \u00a0 sobre \u00a0 la \u00a0 viabilidad \u00a0 o \u00a0 no \u00a0 del \u00a0cambio \u00a0de \u00a0radicaci\u00f3n \u00a0solicitado. \u00a0\u00a0<\/p>\n<p>Si bien es cierto que este asunto se tramita \u00a0bajo \u00a0la \u00a0sistem\u00e1tica \u00a0de \u00a0la \u00a0Ley \u00a0600 \u00a0de \u00a02000, \u00a0tambi\u00e9n \u00a0lo es que dada la \u00a0circunstancia \u00a0de \u00a0alteraci\u00f3n de orden p\u00fablico en el departamento de Caquet\u00e1, \u00a0conforme \u00a0a la constancia emitida por el Comandante de la Brigada M\u00f3vil No. 22, \u00a0resulta \u00a0atinado \u00a0que \u00a0la \u00a0Sala \u00a0resuelva \u00a0de \u00a0plano \u00a0el \u00a0cambio de radicaci\u00f3n. \u00a0\u00a0<\/p>\n<p>3.\u00a0 \u00a0En esas condiciones, en el asunto \u00a0que \u00a0ocupa \u00a0la \u00a0atenci\u00f3n de la Sala, resulta claro que la peticionaria cumpli\u00f3 \u00a0con ese cometido. \u00a0\u00a0<\/p>\n<p>En \u00a0efecto, \u00a0la \u00a0se\u00f1ora Juez Promiscuo del \u00a0Circuito \u00a0de \u00a0Puerto Rico resalta de manera concreta, clara y evidente que en el \u00a0Departamento \u00a0del \u00a0Caquet\u00e1 \u00a0el orden p\u00fablico se encuentra perturbado, toda vez \u00a0que \u00a0en la regi\u00f3n opera permanente el grupo guerrillero de las FARC, implicando \u00a0ello \u00a0que \u00a0la vida e integridad personal de \u00a0los \u00a0funcionarios \u00a0judiciales \u00a0(Juez \u00a0y \u00a0Fiscal), \u00a0de la propia \u00a0acusada \u00a0 y \u00a0 de \u00a0 los \u00a0 testigos \u00a0que \u00a0debe \u00a0comparecer \u00a0al \u00a0juicio, \u00a0los \u00a0cuales\u00a0 \u00a0precisamente\u00a0 \u00a0son\u00a0 \u00a0reinsertados\u00a0 \u00a0de\u00a0 \u00a0dicha\u00a0 \u00a0asociaci\u00f3n\u00a0 \u00a0subversiva, \u00a0corre\u00a0 \u00a0serio\u00a0 \u00a0 \u00a0 \u00a0 \u00a0peligro,\u00a0 \u00a0 \u00a0 \u00a0m\u00e1xime\u00a0 \u00a0 \u00a0 cuando\u00a0 \u00a0 \u00a0 \u00a0 \u00a0 estos\u00a0 \u00a0 \u00a0 \u00a0 \u00a0 deben\u00a0 \u00a0 \u00a0 \u00a0 \u00a0 trasladarse\u00a0 \u00a0 \u00a0 \u00a0desde\u00a0 \u00a0 \u00a0 \u00a0 \u00a0 \u00a0 \u00a0 otros \u00a0lugares\u00a0 \u00a0hasta\u00a0 \u00a0la\u00a0 \u00a0 sede\u00a0 \u00a0 \u00a0 \u00a0 \u00a0 del\u00a0 \u00a0 \u00a0 \u00a0 \u00a0 \u00a0 Juzgado\u00a0 \u00a0 \u00a0 \u00a0 \u00a0donde\u00a0 \u00a0se\u00a0 \u00a0adelanta\u00a0 \u00a0el\u00a0 \u00a0 \u00a0 \u00a0 \u00a0 \u00a0 juzgamiento \u00a0por \u00a0el delito de rebeli\u00f3n, situaci\u00f3n que tambi\u00e9n afecta \u00a0la \u00a0imparcialidad del juzgador por raz\u00f3n del miedo o \u00a0temor infundido por el citado grupo armado ilegal. \u00a0\u00a0<\/p>\n<p>Cierto es que, conforme a los elementos de \u00a0juicio \u00a0aducidos, en la regi\u00f3n en donde se adelanta \u00a0el \u00a0 \u00a0 \u00a0 juzgamiento \u00a0 \u00a0 \u00a0 de \u00a0 \u00a0 \u00a0la \u00a0 \u00a0 \u00a0 \u00a0procesada \u00a0se encuentra perturbado el orden p\u00fablico, por cuanto existe una \u00a0permanente \u00a0 \u00a0 \u00a0 actividad \u00a0 \u00a0 \u00a0 de \u00a0 \u00a0 \u00a0 acciones \u00a0 \u00a0 \u00a0 guerrilleras \u00a0por \u00a0parte del grupo insurgentes de \u00a0las \u00a0 FARC, \u00a0lo \u00a0que \u00a0implica \u00a0que \u00a0el \u00a0traslado \u00a0de \u00a0la \u00a0 acusada \u00a0hasta \u00a0 la \u00a0 localidad \u00a0de \u00a0Puerto \u00a0Rico, \u00a0 \u00a0no \u00a0 solo \u00a0 conlleva \u00a0un alto riesgo para la vida e integridad personal de \u00a0 \u00a0la \u00a0misma, \u00a0sino \u00a0tambi\u00e9n de quienes deben velar por su \u00a0seguridad, \u00a0no \u00a0pudi\u00e9ndose \u00a0pasar \u00a0por alto que tal \u00a0aspecto \u00a0 \u00a0igualmente \u00a0representa \u00a0 un \u00a0peligro \u00a0para \u00a0los \u00a0testigos \u00a0de \u00a0cargo, \u00a0quienes \u00a0al \u00a0haber \u00a0sido \u00a0desertores \u00a0de \u00a0dicha \u00a0guerrilla, \u00a0 pueden \u00a0ser \u00a0objeto \u00a0 de \u00a0 represalias \u00a0y \u00a0amenazas \u00a0por \u00a0 \u00a0 \u00a0 \u00a0raz\u00f3n \u00a0 \u00a0 \u00a0 \u00a0de \u00a0 \u00a0 \u00a0 \u00a0la \u00a0 \u00a0 \u00a0 \u00a0delaci\u00f3n. \u00a0\u00a0<\/p>\n<p>Si\u00a0 \u00a0bien\u00a0 \u00a0 \u00a0 \u00a0 es\u00a0 \u00a0 \u00a0 \u00a0cierto\u00a0 \u00a0 \u00a0 \u00a0 el\u00a0 \u00a0 \u00a0 \u00a0estado\u00a0 \u00a0 \u00a0 \u00a0 \u00a0de\u00a0 \u00a0 \u00a0 \u00a0 \u00a0 \u00a0inseguridad\u00a0 \u00a0 \u00a0 que\u00a0 \u00a0padece\u00a0 \u00a0 \u00a0 \u00a0 \u00a0 \u00a0 \u00a0 \u00a0 la\u00a0 \u00a0 \u00a0 \u00a0 \u00a0 \u00a0regi\u00f3n\u00a0 \u00a0 \u00a0 \u00a0 donde \u00a0 \u00a0 \u00a0 \u00a0se\u00a0 \u00a0 \u00a0 adelanta\u00a0 \u00a0 \u00a0el\u00a0 \u00a0juicio\u00a0 \u00a0por\u00a0 \u00a0 \u00a0 \u00a0 \u00a0 \u00a0 \u00a0 \u00a0 \u00a0operar\u00a0 \u00a0 \u00a0 \u00a0 \u00a0 all\u00ed\u00a0 \u00a0un\u00a0 \u00a0grupo\u00a0 guerrillero\u00a0 \u00a0(FARC),\u00a0 \u00a0 \u00a0 \u00a0 \u00a0 \u00a0el\u00a0 \u00a0 \u00a0 \u00a0 \u00a0 \u00a0cual \u00a0 \u00a0 \u00a0de\u00a0 \u00a0 \u00a0 hecho\u00a0 \u00a0 \u00a0 \u00a0 \u00a0se\u00a0 \u00a0 \u00a0 \u00a0 \u00a0 \u00a0extiende\u00a0 \u00a0 a\u00a0 \u00a0otras\u00a0 \u00a0zonas\u00a0 \u00a0 \u00a0 \u00a0 \u00a0 \u00a0 \u00a0 \u00a0 del\u00a0 \u00a0 \u00a0 \u00a0 \u00a0 pa\u00eds,\u00a0 \u00a0no\u00a0 \u00a0se\u00a0 \u00a0 \u00a0 \u00a0 \u00a0 \u00a0 \u00a0 \u00a0 \u00a0 constituye\u00a0 \u00a0por\u00a0 \u00a0s\u00ed \u00a0solo \u00a0en \u00a0situaci\u00f3n \u00a0que \u00a0motive \u00a0el \u00a0cambio \u00a0de radicaci\u00f3n, como tampoco \u00a0aspectos \u00a0que \u00a0aunque afecten el orden p\u00fablico no se relacionan de modo directo \u00a0con \u00a0la \u00a0tramitaci\u00f3n \u00a0de \u00a0la \u00a0causa \u00a0cuya remoci\u00f3n se solicita, tambi\u00e9n lo es \u00a0que,\u00a0 en\u00a0 \u00a0 \u00a0 casos\u00a0 \u00a0como\u00a0 \u00a0\u00e9ste,\u00a0 \u00a0 \u00a0 \u00a0 aquellas\u00a0 \u00a0 circunstancias\u00a0 \u00a0materializadas\u00a0 \u00a0 \u00a0en \u00a0actos \u00a0concretos \u00a0como \u00a0los \u00a0que \u00a0informa \u00a0el Comandante de la \u00a0Brigada \u00a0 M\u00f3vil \u00a0 N\u00b0 \u00a0 22 \u00a0 de \u00a0 la \u00a0 Fuerza \u00a0 de \u00a0 Tarea \u00a0Omega \u00a0del \u00a0Comando \u00a0Espec\u00edfico \u00a0del Cagu\u00e1n, \u00a0seg\u00fan \u00a0el \u00a0documento \u00a0allegado \u00a0a \u00a0este \u00a0incidente, s\u00ed se proyecta nocivamente \u00a0sobre \u00a0la \u00a0independencia e imparcialidad del juzgador \u00a0y \u00a0sobre la seguridad de los funcionarios judiciales \u00a0y \u00a0de \u00a0los \u00a0sujetos \u00a0procesales, \u00a0sin olvidar que la \u00a0acusada \u00a0 y \u00a0 los \u00a0testigos \u00a0de \u00a0cargo \u00a0fueron \u00a0miembros \u00a0del \u00a0mencionado \u00a0grupo \u00a0insurgente.\u00a0 \u00a0\u00a0<\/p>\n<p>En \u00a0otros t\u00e9rmino, surge evidente que las \u00a0circunstancias \u00a0que \u00a0se presentan en el Departamento del Caquet\u00e1 en precedencia \u00a0especificadas, \u00a0 repercuten \u00a0seriamente \u00a0no \u00a0s\u00f3lo \u00a0en \u00a0el \u00a0\u00e1nimo \u00a0de \u00a0la \u00a0Juez \u00a0coloc\u00e1ndola \u00a0 en \u00a0 una \u00a0 situaci\u00f3n \u00a0tal \u00a0que\u00a0 \u00a0ineludiblemente\u00a0 \u00a0rompe\u00a0 su\u00a0 \u00a0 \u00a0 \u00a0 \u00a0 \u00a0imprescindible\u00a0 \u00a0 \u00a0equilibrio\u00a0 \u00a0 \u00a0 \u00a0para\u00a0 \u00a0 \u00a0 \u00a0decidir,\u00a0 \u00a0 \u00a0 \u00a0 sino \u00a0que \u00a0incide seriamente en las condiciones de seguridad tanto \u00a0de \u00a0los \u00a0funcionarios \u00a0y \u00a0sujetos \u00a0procesales \u00a0como \u00a0en \u00a0los \u00a0testigos que deben \u00a0intervenir en el juicio. \u00a0\u00a0<\/p>\n<p>En consecuencia, con el fin de preservar la \u00a0imparcialidad \u00a0e independencia de la administraci\u00f3n de justicia y la integridad \u00a0del \u00a0juzgador y de los intervinientes en el juicio, lo aconsejable es acceder al \u00a0cambio \u00a0de \u00a0radicaci\u00f3n \u00a0solicitado \u00a0y, \u00a0por \u00a0lo \u00a0mismo, se ordenar\u00e1 radicar el \u00a0expediente \u00a0en \u00a0uno \u00a0de \u00a0los \u00a0Juzgados \u00a0Penales del Circuito de Bogot\u00e1\u00a0 en \u00a0consideraci\u00f3n \u00a0 a \u00a0 que \u00a0 la \u00a0 distancia \u00a0 y \u00a0la \u00a0cobertura \u00a0de \u00a0este \u00a0distrito \u00a0neutralizar\u00edan aqu\u00e9llas an\u00f3malas circunstancias. \u00a0\u00a0<\/p>\n<p>En m\u00e9rito de lo expuesto, la CORTE \u00a0 \u00a0 SUPREMA \u00a0 \u00a0DE \u00a0 \u00a0JUSTICIA, \u00a0SALA \u00a0DE CASACI\u00d3N PENAL, \u00a0\u00a0<\/p>\n<p>\u00a0 \u00a0\u00a0 \u00a0 \u00a0R E S U E L V E \u00a0\u00a0<\/p>\n<p>1.\u00a0 \u00a0ORDENAR \u00a0el \u00a0cambio de radicaci\u00f3n del proceso que se adelanta \u00a0contra \u00a0 \u00a0CECILIA \u00a0 \u00a0OBANDO \u00a0 \u00a0AGUIRRE \u00a0al \u00a0Distrito \u00a0Judicial \u00a0de Bogot\u00e1. En consecuencia, rem\u00edtase de \u00a0inmediato \u00a0el \u00a0expediente \u00a0al \u00a0reparto de los jueces penales del circuito de esa \u00a0ciudad. \u00a0\u00a0<\/p>\n<p>2.\u00a0 \u00a0 \u00a0 Comun\u00edquese \u00a0esta decisi\u00f3n al Juzgado Promiscuo del \u00a0Circuito \u00a0 de \u00a0 Puerto \u00a0 Rico \u00a0(Departamento \u00a0del \u00a0Caquet\u00e1) \u00a0y \u00a0a \u00a0los \u00a0sujetos \u00a0procesales. \u00a0\u00a0<\/p>\n<p>Contra \u00a0esta \u00a0determinaci\u00f3n \u00a0no \u00a0procede \u00a0recurso alguno. \u00a0\u00a0<\/p>\n<p>C\u00f3piese y c\u00famplase. \u00a0<\/p>\n<p>JULIO ENRIQUE SOCHA SALAMANCA \u00a0<\/p>\n<p>JOS\u00c9 LEONIDAS BUSTOS MART\u00cdNEZ \u00a0\u00a0 \u00a0\u00a0 \u00a0\u00a0 \u00a0\u00a0 \u00a0 \u00a0\u00a0 \u00a0 \u00a0 \u00a0 \u00a0 \u00a0 \u00a0 \u00a0 \u00a0 \u00a0 \u00a0 \u00a0\u00a0SIGIFREDO \u00a0 \u00a0ESPINOSA \u00a0 \u00a0P\u00c9REZ \u00a0\u00a0 \u00a0\u00a0 \u00a0\u00a0 \u00a0\u00a0 \u00a0 \u00a0\u00a0 \u00a0 \u00a0 \u00a0\u00a0<\/p>\n<p>\u00a0\u00a0\u00a0\u00a0\u00a0\u00a0\u00a0\u00a0\u00a0\u00a0\u00a0\u00a0\u00a0\u00a0\u00a0\u00a0 \u00a0PERMISO \u00a0\u00a0 \u00a0\u00a0 \u00a0\u00a0 \u00a0\u00a0 \u00a0\u00a0 \u00a0\u00a0 \u00a0\u00a0 \u00a0\u00a0 \u00a0 \u00a0\u00a0 \u00a0 \u00a0 \u00a0 \u00a0 \u00a0 \u00a0 \u00a0 \u00a0 \u00a0 \u00a0 \u00a0\u00a0\u00a0\u00a0\u00a0\u00a0\u00a0\u00a0\u00a0\u00a0 \u00a0 \u00a0COMISI\u00d3N \u00a0 DE \u00a0SERVICIO \u00a0\u00a0<\/p>\n<p>ALFREDO \u00a0 G\u00d3MEZ \u00a0 QUINTERO \u00a0\u00a0 \u00a0\u00a0 \u00a0\u00a0 \u00a0\u00a0 \u00a0 \u00a0\u00a0 \u00a0\u00a0 \u00a0\u00a0MAR\u00cdA DEL ROSARIO GONZ\u00c1LEZ DE \u00a0LEMOS \u00a0\u00a0 \u00a0 \u00a0 \u00a0 \u00a0\u00a0<\/p>\n<p>AUGUSTO \u00a0J. \u00a0IBA\u00d1EZ \u00a0GUZM\u00c1N \u00a0 \u00a0 \u00a0\u00a0 \u00a0\u00a0 \u00a0\u00a0 \u00a0 \u00a0\u00a0 \u00a0 \u00a0 \u00a0 \u00a0 \u00a0 \u00a0 \u00a0 \u00a0 \u00a0 \u00a0 \u00a0\u00a0JORGE \u00a0 LUIS \u00a0 QUINTERO \u00a0MILAN\u00c9S \u00a0\u00a0 \u00a0\u00a0 \u00a0\u00a0 \u00a0\u00a0 \u00a0 \u00a0\u00a0 \u00a0 \u00a0 \u00a0 \u00a0 \u00a0 \u00a0 \u00a0 \u00a0 \u00a0 \u00a0 \u00a0\u00a0 \u00a0 \u00a0 \u00a0\u00a0 \u00a0\u00a0 \u00a0\u00a0 \u00a0\u00a0 \u00a0\u00a0 \u00a0\u00a0 \u00a0\u00a0 \u00a0 \u00a0\u00a0 \u00a0 \u00a0 \u00a0\u00a0<\/p>\n<p>YESID \u00a0 RAM\u00cdREZ \u00a0 BASTIDAS \u00a0\u00a0 \u00a0\u00a0 \u00a0\u00a0 \u00a0\u00a0 \u00a0 \u00a0\u00a0 \u00a0 \u00a0 \u00a0 \u00a0 \u00a0 \u00a0 \u00a0 \u00a0 \u00a0 \u00a0 \u00a0\u00a0JAVIER\u00a0 ZAPATA ORT\u00cdZ \u00a0\u00a0<\/p>\n<p>\u00a0 \u00a0\u00a0 \u00a0 \u00a0 \u00a0\u00a0 \u00a0\u00a0 \u00a0\u00a0 \u00a0\u00a0 \u00a0 \u00a0\u00a0 \u00a0 \u00a0 \u00a0 \u00a0 \u00a0 \u00a0 \u00a0 \u00a0 \u00a0 \u00a0 \u00a0\u00a0 \u00a0 \u00a0 \u00a0\u00a0 \u00a0\u00a0 \u00a0\u00a0 \u00a0\u00a0 \u00a0\u00a0 \u00a0\u00a0 \u00a0\u00a0 \u00a0 \u00a0\u00a0 \u00a0 \u00a0 \u00a0 \u00a0 \u00a0 \u00a0 \u00a0 \u00a0 \u00a0 \u00a0 \u00a0\u00a0 \u00a0 \u00a0 \u00a0\u00a0 \u00a0\u00a0 \u00a0\u00a0 \u00a0 \u00a0 \u00a0 \u00a0 \u00a0\u00a0<\/p>\n<p>TERESA RU\u00cdZ NU\u00d1EZ \u00a0<\/p>\n<p>\u00a0\u00a0\u00a0 Secretaria \u00a0 \u00a0<\/p>\n<p><\/p>\n","protected":false},"excerpt":{"rendered":"<p>\u00a0 \u00a0 Proceso No 32154 \u00a0 CORTE SUPREMA DE JUSTICIA \u00a0 SALA DE CASACI\u00d3N PENAL \u00a0 Magistrado Ponente: \u00a0 JORGE LUIS QUINTERO MILAN\u00c9S \u00a0 Aprobado \u00a0 \u00a0acta \u00a0 \u00a0N\u00b0 \u00a0 \u00a0233 \u00a0\u00a0 \u00a0\u00a0 \u00a0 San \u00a0 Andres \u00a0 Islas,\u00a0 \u00a0treinta y uno (31) de julio de dos mil \u00a0nueve (2009). \u00a0\u00a0 V \u00a0 I \u00a0 [&hellip;]<\/p>\n","protected":false},"author":1,"featured_media":0,"comment_status":"open","ping_status":"open","sticky":false,"template":"","format":"standard","meta":{"footnotes":""},"categories":[17],"tags":[],"class_list":["post-19433","post","type-post","status-publish","format-standard","hentry","category-17"],"_links":{"self":[{"href":"https:\/\/dmsjuridica.com\/buscador_20179478954\/salapenalcronologico20230723\/wp-json\/wp\/v2\/posts\/19433","targetHints":{"allow":["GET"]}}],"collection":[{"href":"https:\/\/dmsjuridica.com\/buscador_20179478954\/salapenalcronologico20230723\/wp-json\/wp\/v2\/posts"}],"about":[{"href":"https:\/\/dmsjuridica.com\/buscador_20179478954\/salapenalcronologico20230723\/wp-json\/wp\/v2\/types\/post"}],"author":[{"embeddable":true,"href":"https:\/\/dmsjuridica.com\/buscador_20179478954\/salapenalcronologico20230723\/wp-json\/wp\/v2\/users\/1"}],"replies":[{"embeddable":true,"href":"https:\/\/dmsjuridica.com\/buscador_20179478954\/salapenalcronologico20230723\/wp-json\/wp\/v2\/comments?post=19433"}],"version-history":[{"count":0,"href":"https:\/\/dmsjuridica.com\/buscador_20179478954\/salapenalcronologico20230723\/wp-json\/wp\/v2\/posts\/19433\/revisions"}],"wp:attachment":[{"href":"https:\/\/dmsjuridica.com\/buscador_20179478954\/salapenalcronologico20230723\/wp-json\/wp\/v2\/media?parent=19433"}],"wp:term":[{"taxonomy":"category","embeddable":true,"href":"https:\/\/dmsjuridica.com\/buscador_20179478954\/salapenalcronologico20230723\/wp-json\/wp\/v2\/categories?post=19433"},{"taxonomy":"post_tag","embeddable":true,"href":"https:\/\/dmsjuridica.com\/buscador_20179478954\/salapenalcronologico20230723\/wp-json\/wp\/v2\/tags?post=19433"}],"curies":[{"name":"wp","href":"https:\/\/api.w.org\/{rel}","templated":true}]}}