{"id":19193,"date":"2023-09-11T19:46:21","date_gmt":"2023-09-11T19:46:21","guid":{"rendered":"https:\/\/dmsjuridica.com\/buscador_20179478954\/salapenalcronologico20230723\/2023\/09\/11\/3184127-05-09\/"},"modified":"2023-09-11T19:46:21","modified_gmt":"2023-09-11T19:46:21","slug":"3184127-05-09","status":"publish","type":"post","link":"https:\/\/dmsjuridica.com\/buscador_20179478954\/salapenalcronologico20230723\/2023\/09\/11\/3184127-05-09\/","title":{"rendered":"31841(27-05-09)"},"content":{"rendered":"\n<p>\u00a0 \u00a0 Proceso No 31841 \u00a0<\/p>\n<p>CORTE SUPREMA DE JUSTICIA \u00a0<\/p>\n<p>SALA DE CASACI\u00d3N PENAL \u00a0<\/p>\n<p>\u00a0 \u00a0\u00a0 \u00a0\u00a0 \u00a0\u00a0 \u00a0\u00a0 \u00a0\u00a0 \u00a0\u00a0 \u00a0\u00a0 \u00a0\u00a0 \u00a0\u00a0 \u00a0 \u00a0 \u00a0\u00a0<\/p>\n<p>Magistrado Ponente: \u00a0<\/p>\n<p>JAVIER ZAPATA ORTIZ \u00a0<\/p>\n<p>Aprobado \u00a0 \u00a0Acta \u00a0 \u00a0No. \u00a0 \u00a0153 \u00a0\u00a0<\/p>\n<p>\u00a0 \u00a0\u00a0 \u00a0\u00a0 \u00a0Bogot\u00e1 \u00a0D. \u00a0C., veintisiete (27) de mayo \u00a0de dos mil nueve (2009). \u00a0\u00a0<\/p>\n<p>\u00a0 VISTOS \u00a0<\/p>\n<p>La Sala define la \u00a0competencia \u00a0para \u00a0conocer \u00a0del presente asunto, \u00a0 el \u00a0 cual \u00a0 fue \u00a0remitido \u00a0por \u00a0el \u00a0 \u00a0 Juzgado \u00a0 \u00a0Segundo \u00a0 \u00a0Penal \u00a0 \u00a0del \u00a0 \u00a0Circuito \u00a0 Especializado \u00a0 de \u00a0Antioquia, \u00a0 en \u00a0 raz\u00f3n \u00a0a \u00a0 \u00a0 la \u00a0 \u00a0 manifestaci\u00f3n \u00a0 \u00a0 de \u00a0 \u00a0su \u00a0 \u00a0 \u00a0 \u00a0 \u00a0 \u00a0 \u00a0incompetencia, \u00a0pues este funcionario es \u00a0del \u00a0criterio \u00a0que \u00a0quien debe conocer del caso es su hom\u00f3logo del Distrito Judicial de Medell\u00edn. \u00a0\u00a0<\/p>\n<p>\u00a0 ANTECEDENTES \u00a0 \u00a0\u00a0<\/p>\n<p>Conforme al escrito de acusaci\u00f3n presentado \u00a0por \u00a0 \u00a0 \u00a0la \u00a0 \u00a0 \u00a0Fiscal\u00eda \u00a0 \u00a0 34 \u00a0 \u00a0 Especializada \u00a0 de \u00a0 Medell\u00edn \u00a0 y \u00a0 al \u00a0registro \u00a0de \u00a0audio correspondiente a la audiencia de \u00a0formulaci\u00f3n \u00a0preliminar de legalizaci\u00f3n de captura, \u00a0formulaci\u00f3n \u00a0de imputaci\u00f3n e imposici\u00f3n de medida de aseguramiento, realizada \u00a0el 27 de marzo de \u00a02009, \u00a0se \u00a0establece lo siguiente: \u00a0\u00a0<\/p>\n<p>1.- El 26 de marzo \u00a0de \u00a02009 \u00a0a \u00a0las \u00a023:25 \u00a0horas, \u00a0en \u00a0la carrera 47 con calle 79 del barrio Campo \u00a0Vald\u00e9s \u00a0de \u00a0la \u00a0ciudad \u00a0de \u00a0Medell\u00edn, el se\u00f1or JOHN FREDY VASQUEZ GIRALDO fue \u00a0capturado \u00a0por \u00a0miembros \u00a0de \u00a0la \u00a0Polic\u00eda \u00a0Nacional, \u00a0porque al practicarle una \u00a0requisa \u00a0le \u00a0fue \u00a0encontrado \u00a0en \u00a0 \u00a0su \u00a0 \u00a0poder \u00a0 una \u00a0 pistola \u00a0 calibre \u00a0 7.65, \u00a0semiautom\u00e1tica, \u00a0un \u00a0proveedor \u00a0con \u00a0capacidad \u00a0de \u00a0carga \u00a0de 12 cartuchos y un \u00a0silenciador, \u00a0caracter\u00edsticas \u00a0que \u00a0la \u00a0ubican \u00a0dentro de las armas catalogadas \u00a0como de uso privativo de las Fuerzas Armadas. \u00a0\u00a0<\/p>\n<p>2. La Fiscal\u00eda 10 \u00a0Local \u00a0de \u00a0la \u00a0URI \u00a0de \u00a0Medell\u00edn \u00a0con \u00a0base en tales \u00a0hechos \u00a0 \u00a0 solicit\u00f3 \u00a0legalizaci\u00f3n \u00a0 de \u00a0 captura, \u00a0 formul\u00f3 \u00a0imputaci\u00f3n \u00a0al \u00a0 indiciado \u00a0 \u00a0VASQUEZ \u00a0 \u00a0GIRALDO \u00a0 \u00a0por \u00a0 \u00a0el \u00a0 delito \u00a0 de \u00a0 fabricaci\u00f3n, \u00a0tr\u00e1fico \u00a0y \u00a0porte \u00a0de \u00a0armas \u00a0y \u00a0municiones \u00a0de uso \u00a0privativo \u00a0 de \u00a0las \u00a0Fuerzas \u00a0Armadas, \u00a0y \u00a0pidi\u00f3 \u00a0la \u00a0imposici\u00f3n \u00a0de \u00a0medida \u00a0de aseguramiento, \u00a0 \u00a0en \u00a0 \u00a0audiencia \u00a0 \u00a0preliminar\u00a0 \u00a0 \u00a0realizada \u00a0 el \u00a027 \u00a0de \u00a0marzo del a\u00f1o en curso, ante \u00a0el \u00a0Juzgado \u00a0D\u00e9cimo \u00a0Penal \u00a0Municipal \u00a0 con \u00a0 funciones \u00a0 de \u00a0 control \u00a0 de \u00a0 garant\u00edas \u00a0 de \u00a0 Medell\u00edn. \u00a0\u00a0<\/p>\n<p>3. \u00a0El \u00a0 escrito \u00a0 de \u00a0 acusaci\u00f3n \u00a0fue \u00a0presentado \u00a0por \u00a0la \u00a0Fiscal\u00eda \u00a034 \u00a0 Especializada \u00a0 de \u00a0Medell\u00edn, el 23 \u00a0de \u00a0abril \u00a0de \u00a02009 y dirigido al Juez \u00a0Penal \u00a0del \u00a0Circuito Especializado de esa ciudad, pero \u00a0fue \u00a0repartido por la oficina del Centro de Servicios \u00a0Judiciales \u00a0de Medell\u00edn al Juzgado Segundo Penal del \u00a0Circuito Especializado de Antioquia. \u00a0\u00a0<\/p>\n<p>4. La \u00a0Juez \u00a0Segunda \u00a0Penal \u00a0del Circuito \u00a0Especializada \u00a0de \u00a0Antioquia \u00a0tan pronto recibi\u00f3 el \u00a0asunto, \u00a0advirti\u00f3 que no \u00a0era \u00a0competente para adelantar el juicio en atenci\u00f3n \u00a0al factor territorial y as\u00ed lo hizo saber. \u00a0\u00a0<\/p>\n<p>Sustenta \u00a0 su \u00a0 punto \u00a0de \u00a0vista \u00a0en \u00a0lo \u00a0dispuesto \u00a0 \u00a0por \u00a0 el \u00a0art\u00edculo \u00a043 \u00a0del \u00a0C\u00f3digo \u00a0de \u00a0Procedimiento \u00a0Penal, \u00a0Ley \u00a0906 \u00a0de \u00a02004, y el \u00a0acuerdo\u00a0 \u00a0527 \u00a0del \u00a028 \u00a0de \u00a0junio \u00a0de \u00a01999 \u00a0del \u00a0Consejo \u00a0Superior \u00a0de \u00a0la \u00a0Judicatura, \u00a0mediante \u00a0el cual se crearon y organizaron los juzgados penales del \u00a0circuito \u00a0 especializados \u00a0 en \u00a0 todo \u00a0 el \u00a0 territorio \u00a0nacional, \u00a0donde \u00a0se \u00a0determina \u00a0que la competencia de los Jueces Penales del \u00a0Circuito \u00a0Especializados \u00a0de Antioquia radica sobre los municipios que conforman \u00a0el \u00a0Distrito Judicial de ese Departamento, \u00a0excepto \u00a0los \u00a0municipios \u00a0que conforman el Distrito Judicial de \u00a0Medell\u00edn. \u00a0\u00a0<\/p>\n<p>Por \u00a0tanto \u00a0concluye \u00a0que \u00a0la \u00a0competencia \u00a0radica \u00a0 en \u00a0 el \u00a0 Juzgado \u00a0 Penal \u00a0del \u00a0Circuito \u00a0Especializado \u00a0de \u00a0Medell\u00edn, \u00a0y \u00a0 en \u00a0 consecuencia \u00a0 remiti\u00f3 \u00a0 el \u00a0 expediente \u00a0a \u00a0la \u00a0Corte, \u00a0 \u00a0para \u00a0 \u00a0que\u00a0 \u00a0 en \u00a0 virtud \u00a0de \u00a0la \u00a0definici\u00f3n \u00a0de \u00a0competencias \u00a0se \u00a0decida \u00a0lo \u00a0pertinente. \u00a0\u00a0<\/p>\n<p>\u00a0 CONSIDERACIONES \u00a0DE \u00a0LA \u00a0SALA \u00a0\u00a0<\/p>\n<p>Corresponde a la Sala de Casaci\u00f3n Penal de \u00a0la \u00a0 Corte \u00a0 Suprema \u00a0 de \u00a0 Justicia, \u00a0 conforme \u00a0a \u00a0los \u00a0lineamientos \u00a0contenidos \u00a0en \u00a0el \u00a0numeral \u00a04\u00b0 \u00a0del \u00a0art\u00edculo 32 del C\u00f3digo de Procedimiento Penal \u00a0(Ley \u00a0 906 \u00a0 de \u00a02004), \u00a0dirimir \u00a0los \u00a0conflictos \u00a0y \u00a0definir \u00a0la competencia cuando se trate de aforados \u00a0constitucionales y legales, o de juzgados de diferentes distritos. \u00a0\u00a0<\/p>\n<p>A \u00a0su turno, el \u00a0art\u00edculo \u00a054 \u00a0de la misma codificaci\u00f3n, \u00a0frente \u00a0al tr\u00e1mite relacionado con \u00a0la definici\u00f3n de competencia dispone: \u00a0\u00a0<\/p>\n<p>\u201cCuando \u00a0el \u00a0juez \u00a0 ante \u00a0 el \u00a0 cual \u00a0 se \u00a0 haya \u00a0 presentado \u00a0 la \u00a0 acusaci\u00f3n \u00a0manifieste \u00a0su \u00a0incompetencia, as\u00ed lo har\u00e1 saber a las partes en \u00a0la \u00a0misma audiencia y remitir\u00e1 el asunto inmediatamente al funcionario que deba \u00a0definirla, \u00a0quien \u00a0en \u00a0el \u00a0t\u00e9rmino improrrogable de tres (3) d\u00edas decidir\u00e1 de \u00a0plano. \u00a0Igual \u00a0procedimiento \u00a0se \u00a0aplicar\u00e1 cuando se trate de lo previsto en el \u00a0art\u00edculo \u00a0286 \u00a0de \u00a0este \u00a0C\u00f3digo y cuando la incompetencia la\u00a0 proponga la \u00a0defensa.\u201d \u00a0\u00a0<\/p>\n<p>Por ello, como \u00a0ya \u00a0 lo \u00a0 ha \u00a0 indicado \u00a0 la \u00a0jurisprudencia \u00a0de \u00a0esta \u00a0Corporaci\u00f3n1, \u00a0es de su \u00a0resorte \u00a0definir \u00a0la \u00a0manifestaci\u00f3n \u00a0de incompetencia cuando \u00e9sta involucra \u00a0 a \u00a0 juzgados \u00a0 de \u00a0 diferentes \u00a0distritos \u00a0judiciales, \u00a0como \u00a0sucede en el presente caso, donde se \u00a0plantea \u00a0que \u00a0quien debe conocer el asunto es el Juzgado Penal \u00a0del \u00a0Circuito \u00a0Especializado \u00a0de Medell\u00edn en virtud \u00a0del factor territorial. \u00a0\u00a0<\/p>\n<p>En consecuencia, la Sala procede a definir \u00a0que \u00a0 autoridad \u00a0 judicial \u00a0debe \u00a0seguir \u00a0conociendo \u00a0del \u00a0proceso \u00a0que \u00a0se \u00a0adelanta \u00a0contra JOHN \u00a0FREDY \u00a0VASQUEZ \u00a0GIRALDO, \u00a0por el \u00a0delito \u00a0de \u00a0fabricaci\u00f3n, tr\u00e1fico y porte de armas y \u00a0municiones \u00a0de \u00a0uso privativo de las Fuerzas Armadas. \u00a0\u00a0<\/p>\n<p>El \u00a0 art\u00edculo \u00a0 43 \u00a0 del \u00a0 C\u00f3digo \u00a0 de \u00a0Procedimiento \u00a0Penal, \u00a0Ley \u00a0906 \u00a0de \u00a02004, \u00a0establece las reglas para asignar la \u00a0competencia \u00a0en \u00a0un \u00a0determinado \u00a0asunto \u00a0a una autoridad en atenci\u00f3n al factor \u00a0territorial: \u00a0\u00a0<\/p>\n<p>\u201cEs \u00a0competente \u00a0 para \u00a0 conocer \u00a0 del \u00a0 juzgamiento \u00a0 el \u00a0 juez \u00a0 del \u00a0 lugar \u00a0donde \u00a0ocurri\u00f3 \u00a0 el \u00a0 delito. \u00a0Cuando \u00a0no \u00a0fuere \u00a0posible \u00a0determinar \u00a0el lugar de ocurrencia del hecho, \u00a0este \u00a0se \u00a0hubiere \u00a0realizado \u00a0en \u00a0varios \u00a0lugares, \u00a0en \u00a0uno \u00a0incierto \u00a0o \u00a0en \u00a0el \u00a0extranjero, la competencia del juez de conocimiento se fija \u00a0por \u00a0el \u00a0lugar \u00a0donde se formule acusaci\u00f3n por parte \u00a0de \u00a0la \u00a0Fiscal\u00eda General \u00a0de \u00a0la Naci\u00f3n, \u00a0lo \u00a0cual \u00a0har\u00e1 donde se encuentren \u00a0los \u00a0 \u00a0 elementos \u00a0fundamentales \u00a0 \u00a0de \u00a0 \u00a0la \u00a0 \u00a0acusaci\u00f3n\u201d \u00a0 (el \u00a0resaltado fuera de texto). \u00a0\u00a0<\/p>\n<p>Como \u00a0se \u00a0desprende \u00a0de \u00a0los \u00a0antecedentes \u00a0referidos, \u00a0 en \u00a0 el \u00a0presente \u00a0caso, \u00a0el \u00a0 lugar \u00a0 de \u00a0 ocurrencia \u00a0 de \u00a0 los \u00a0 hechos \u00a0no \u00a0ofrece \u00a0duda \u00a0alguna \u00a0en \u00a0cuanto a su determinaci\u00f3n, pues \u00a0 \u00a0resulta \u00a0 \u00a0claro \u00a0 y \u00a0as\u00ed \u00a0se \u00a0demuestra, \u00a0tanto \u00a0del \u00a0escrito \u00a0de \u00a0acusaci\u00f3n, \u00a0como de los registros de audio y la documentaci\u00f3n que \u00a0conforma \u00a0el expediente,\u00a0 que el delito de porte \u00a0ilegal \u00a0de \u00a0armas \u00a0de \u00a0fuego \u00a0de uso privativo de las \u00a0Fuerzas \u00a0 Armadas \u00a0imputado \u00a0al \u00a0se\u00f1or \u00a0JOHN \u00a0FREDY \u00a0VASQUEZ \u00a0GIRALDO \u00a0se realiz\u00f3 en la ciudad de Medell\u00edn,\u00a0 jurisdicci\u00f3n del \u00a0Distrito \u00a0Judicial \u00a0del \u00a0mismo \u00a0nombre, por tanto el competente para conocer del \u00a0juicio \u00a0es \u00a0el Juzgado Penal del Circuito Especializado de Medell\u00edn, \u00a0a \u00a0quien \u00a0se \u00a0remite \u00a0el \u00a0asunto para que contin\u00fae el tr\u00e1mite \u00a0correspondiente. \u00a0\u00a0<\/p>\n<p>La Sala llama la \u00a0atenci\u00f3n \u00a0 \u00a0 a \u00a0 \u00a0 los \u00a0 \u00a0funcionarios \u00a0 \u00a0y \u00a0 \u00a0empleados \u00a0 \u00a0del \u00a0 \u00a0Centro \u00a0 \u00a0 \u00a0 de \u00a0 \u00a0 \u00a0Servicios \u00a0 \u00a0 \u00a0 \u00a0 Judiciales \u00a0de \u00a0la ciudad de Medell\u00edn \u00a0para \u00a0que procedan con mas \u00a0diligencia \u00a0y \u00a0cuidado \u00a0en \u00a0la asignaci\u00f3n de los asuntos como el presente, pues \u00a0todo \u00a0parece \u00a0indicar \u00a0que \u00a0por \u00a0error se reparti\u00f3 a los Juzgados de Antioquia, \u00a0cuando \u00a0 \u00a0 \u00a0 \u00a0 \u00a0debi\u00f3 \u00a0 \u00a0 \u00a0 \u00a0 \u00a0serlo a los \u00a0de \u00a0Medell\u00edn, a quienes esta dirigido el escrito de acusaci\u00f3n por la Fiscal\u00eda \u00a0Especializada. \u00a0\u00a0<\/p>\n<p>En \u00a0consecuencia \u00a0rem\u00edtase \u00a0copia \u00a0de esta decisi\u00f3n al\u00a0 \u00a0 \u00a0 \u00a0 \u00a0 \u00a0Juzgado \u00a0Segundo \u00a0 Penal \u00a0 del \u00a0Circuito \u00a0Especializado de \u00a0Antioquia, para su informaci\u00f3n. \u00a0\u00a0<\/p>\n<p>Contra \u00a0esta \u00a0providencia no procede recurso alguno. \u00a0\u00a0<\/p>\n<p>\u00a0 \u00a0 \u00a0 \u00a0 \u00a0<\/p>\n<p>\u00a0 \u00a0\u00a0 \u00a0 \u00a0En \u00a0m\u00e9rito \u00a0de \u00a0lo \u00a0expuesto, la CORTE \u00a0SUPREMA \u00a0 \u00a0DE \u00a0 \u00a0JUSTICIA, \u00a0 \u00a0EN \u00a0 \u00a0SALA \u00a0 \u00a0DE \u00a0 \u00a0CASACI\u00d3N \u00a0 \u00a0PENAL, \u00a0\u00a0<\/p>\n<p>\u00a0 RESUELVE \u00a0\u00a0<\/p>\n<p>Declarar que la \u00a0competencia \u00a0para conocer \u00a0de \u00a0 \u00a0 \u00a0 \u00a0este \u00a0 \u00a0 \u00a0 asunto, \u00a0 \u00a0 \u00a0 corresponde \u00a0 \u00a0 \u00a0a \u00a0 \u00a0 los \u00a0Juzgados \u00a0Penales \u00a0del \u00a0Circuito \u00a0Especializados \u00a0de Medell\u00edn, a \u00a0 \u00a0 \u00a0 quienes \u00a0 \u00a0 \u00a0se \u00a0remitir\u00e1 \u00a0el \u00a0expediente \u00a0para el \u00a0correspondiente tr\u00e1mite del juicio. \u00a0\u00a0<\/p>\n<p>Comun\u00edquese \u00a0esta \u00a0decisi\u00f3n \u00a0al \u00a0Juzgado \u00a0Segundo Penal del Circuito Especializado de Antioquia. \u00a0\u00a0<\/p>\n<p>Contra el presente auto no procede recurso \u00a0alguno. \u00a0\u00a0<\/p>\n<p>\u00a0 Comun\u00edquese \u00a0 \u00a0y \u00a0c\u00famplase \u00a0\u00a0<\/p>\n<p>JULIO ENRIQUE SOCHA SALAMANCA \u00a0<\/p>\n<p>JOS\u00c9 \u00a0LEONIDAS \u00a0BUSTOS \u00a0 MART\u00cdNEZ\u00a0\u00a0\u00a0\u00a0\u00a0\u00a0\u00a0\u00a0 \u00a0 \u00a0\u00a0 \u00a0 \u00a0 \u00a0 SIGIFREDO \u00a0ESPINOSA P\u00c9REZ \u00a0\u00a0<\/p>\n<p>\u00a0 \u00a0\u00a0 \u00a0 \u00a0 \u00a0\u00a0 \u00a0\u00a0 \u00a0\u00a0 \u00a0\u00a0 \u00a0 \u00a0\u00a0 \u00a0 \u00a0 \u00a0 \u00a0 \u00a0 \u00a0 \u00a0 \u00a0 \u00a0 \u00a0 \u00a0\u00a0 \u00a0 \u00a0 \u00a0\u00a0 \u00a0\u00a0 \u00a0\u00a0 \u00a0\u00a0 \u00a0\u00a0 \u00a0\u00a0 \u00a0\u00a0 \u00a0 \u00a0\u00a0 \u00a0 \u00a0 \u00a0 \u00a0 \u00a0 \u00a0 \u00a0\u00a0Comisi\u00f3n \u00a0 \u00a0 \u00a0de \u00a0servicio \u00a0\u00a0<\/p>\n<p>ALFREDO \u00a0G\u00d3MEZ QUINTERO\u00a0\u00a0\u00a0\u00a0\u00a0\u00a0\u00a0\u00a0\u00a0 \u00a0 MAR\u00cdA \u00a0DEL \u00a0ROSARIO \u00a0GONZ\u00c1LEZ \u00a0DE \u00a0LEMOS \u00a0\u00a0<\/p>\n<p>AUGUSTO \u00a0J. \u00a0IB\u00c1\u00d1EZ \u00a0GUZM\u00c1N \u00a0 \u00a0 \u00a0 \u00a0 \u00a0 \u00a0 \u00a0\u00a0 \u00a0 \u00a0\u00a0 \u00a0\u00a0 \u00a0 \u00a0 \u00a0\u00a0 \u00a0\u00a0 \u00a0\u00a0JORGE LUIS QUINTERO MILAN\u00c9S\u00a0 \u00a0\u00a0<\/p>\n<p>YESID \u00a0 RAM\u00cdREZ \u00a0BASTIDAS \u00a0 \u00a0\u00a0 \u00a0\u00a0 \u00a0\u00a0 \u00a0\u00a0 \u00a0 \u00a0\u00a0 \u00a0 \u00a0 \u00a0 \u00a0 \u00a0 \u00a0 \u00a0 \u00a0 \u00a0 \u00a0 \u00a0\u00a0\u00a0\u00a0\u00a0\u00a0\u00a0\u00a0 \u00a0 JAVIER \u00a0ZAPATA ORTIZ \u00a0\u00a0<\/p>\n<p>TERESA \u00a0 \u00a0 \u00a0 \u00a0RUIZ N\u00da\u00d1EZ \u00a0\u00a0<\/p>\n<p>Secretaria \u00a0 \u00a0<\/p>\n<p>1.\u00a0 Auto de 3 de octubre de 2007, radicado 28343. \u00a0 \u00a0\u00a0<\/p>\n<p><\/p>\n","protected":false},"excerpt":{"rendered":"<p>\u00a0 \u00a0 Proceso No 31841 \u00a0 CORTE SUPREMA DE JUSTICIA \u00a0 SALA DE CASACI\u00d3N PENAL \u00a0 \u00a0 \u00a0\u00a0 \u00a0\u00a0 \u00a0\u00a0 \u00a0\u00a0 \u00a0\u00a0 \u00a0\u00a0 \u00a0\u00a0 \u00a0\u00a0 \u00a0\u00a0 \u00a0 \u00a0 \u00a0\u00a0 Magistrado Ponente: \u00a0 JAVIER ZAPATA ORTIZ \u00a0 Aprobado \u00a0 \u00a0Acta \u00a0 \u00a0No. \u00a0 \u00a0153 \u00a0\u00a0 \u00a0 \u00a0\u00a0 \u00a0\u00a0 \u00a0Bogot\u00e1 \u00a0D. \u00a0C., veintisiete (27) de mayo \u00a0de [&hellip;]<\/p>\n","protected":false},"author":1,"featured_media":0,"comment_status":"open","ping_status":"open","sticky":false,"template":"","format":"standard","meta":{"footnotes":""},"categories":[17],"tags":[],"class_list":["post-19193","post","type-post","status-publish","format-standard","hentry","category-17"],"_links":{"self":[{"href":"https:\/\/dmsjuridica.com\/buscador_20179478954\/salapenalcronologico20230723\/wp-json\/wp\/v2\/posts\/19193","targetHints":{"allow":["GET"]}}],"collection":[{"href":"https:\/\/dmsjuridica.com\/buscador_20179478954\/salapenalcronologico20230723\/wp-json\/wp\/v2\/posts"}],"about":[{"href":"https:\/\/dmsjuridica.com\/buscador_20179478954\/salapenalcronologico20230723\/wp-json\/wp\/v2\/types\/post"}],"author":[{"embeddable":true,"href":"https:\/\/dmsjuridica.com\/buscador_20179478954\/salapenalcronologico20230723\/wp-json\/wp\/v2\/users\/1"}],"replies":[{"embeddable":true,"href":"https:\/\/dmsjuridica.com\/buscador_20179478954\/salapenalcronologico20230723\/wp-json\/wp\/v2\/comments?post=19193"}],"version-history":[{"count":0,"href":"https:\/\/dmsjuridica.com\/buscador_20179478954\/salapenalcronologico20230723\/wp-json\/wp\/v2\/posts\/19193\/revisions"}],"wp:attachment":[{"href":"https:\/\/dmsjuridica.com\/buscador_20179478954\/salapenalcronologico20230723\/wp-json\/wp\/v2\/media?parent=19193"}],"wp:term":[{"taxonomy":"category","embeddable":true,"href":"https:\/\/dmsjuridica.com\/buscador_20179478954\/salapenalcronologico20230723\/wp-json\/wp\/v2\/categories?post=19193"},{"taxonomy":"post_tag","embeddable":true,"href":"https:\/\/dmsjuridica.com\/buscador_20179478954\/salapenalcronologico20230723\/wp-json\/wp\/v2\/tags?post=19193"}],"curies":[{"name":"wp","href":"https:\/\/api.w.org\/{rel}","templated":true}]}}