{"id":18894,"date":"2023-09-11T19:44:54","date_gmt":"2023-09-11T19:44:54","guid":{"rendered":"https:\/\/dmsjuridica.com\/buscador_20179478954\/salapenalcronologico20230723\/2023\/09\/11\/3153301-04-09\/"},"modified":"2023-09-11T19:44:54","modified_gmt":"2023-09-11T19:44:54","slug":"3153301-04-09","status":"publish","type":"post","link":"https:\/\/dmsjuridica.com\/buscador_20179478954\/salapenalcronologico20230723\/2023\/09\/11\/3153301-04-09\/","title":{"rendered":"31533(01-04-09)"},"content":{"rendered":"\n<p>\u00a0 \u00a0 Proceso \u00a0 \u00a0 No \u00a031533 \u00a0\u00a0<\/p>\n<p>CORTE \u00a0 SUPREMA \u00a0 DE \u00a0JUSTICIA \u00a0\u00a0<\/p>\n<p>SALA DE CASACI\u00d3N PENAL \u00a0<\/p>\n<p>\u00a0 \u00a0 \u00a0 \u00a0 \u00a0<\/p>\n<p>Magistrado Ponente \u00a0<\/p>\n<p>\u00a0 \u00a0\u00a0 \u00a0\u00a0 \u00a0\u00a0 \u00a0 \u00a0 \u00a0 JORGE \u00a0 \u00a0 \u00a0LUIS \u00a0 \u00a0 \u00a0QUINTERO \u00a0MILAN\u00c9S \u00a0\u00a0<\/p>\n<p>\u00a0 \u00a0\u00a0 \u00a0 \u00a0\u00a0Aprobado \u00a0acta \u00a0N\u00ba \u00a0101 \u00a0\u00a0<\/p>\n<p>Bogot\u00e1, \u00a0D. \u00a0C., \u00a0primero \u00a0 \u00a0 (1\u00b0) \u00a0 \u00a0 de \u00a0 \u00a0abril\u00a0 de dos mil nueve (2009). \u00a0\u00a0<\/p>\n<p>\u00a0 \u00a0\u00a0 \u00a0\u00a0 \u00a0VISTOS \u00a0\u00a0<\/p>\n<p>La \u00a0 \u00a0Corte \u00a0resuelve \u00a0la \u00a0solicitud de \u00a0cambio de radicaci\u00f3n\u00a0 \u00a0que \u00a0 depreca\u00a0 \u00a0 la \u00a0 Fiscal \u00a0 26 \u00a0 Especializada \u00a0de \u00a0la \u00a0Unidad \u00a0Nacional \u00a0Antinarc\u00f3ticos \u00a0 \u00a0y \u00a0 de \u00a0 Interdicci\u00f3n \u00a0 Mar\u00edtima \u00a0 de \u00a0 Bogot\u00e1. \u00a0\u00a0<\/p>\n<p>\u00a0 \u00a0\u00a0 \u00a0\u00a0 \u00a0FUNDAMENTOS\u00a0 DE\u00a0 LA\u00a0 PETICI\u00d3N \u00a0\u00a0<\/p>\n<p>Argumenta la representante del Fiscal General \u00a0de \u00a0 la \u00a0 Naci\u00f3n \u00a0 que \u00a0 de \u00a0 acuerdo \u00a0con \u00a0labores \u00a0investigativas \u00a0 \u00a0adelantadas \u00a0 \u00a0por \u00a0 \u00a0funcionarios \u00a0 \u00a0del \u00a0 \u00a0D.A.S, \u00a0 se \u00a0tuvo \u00a0conocimiento \u00a0que \u00a0en \u00a0el \u00a0departamento \u00a0del \u00a0Putumayo, \u00a0municipio \u00a0de \u00a0Puerto \u00a0Legu\u00edzamo, \u00a0inspecci\u00f3n de \u00a0Pi\u00f1u\u00f1a \u00a0 Negro, \u00a0se \u00a0encuentra \u00a0ubicada \u00a0una \u00a0organizaci\u00f3n \u00a0de \u00a0narcotr\u00e1fico \u00a0dedicada \u00a0 \u00a0 \u00a0al \u00a0 \u00a0 \u00a0cultivo \u00a0 \u00a0 \u00a0y \u00a0 \u00a0 \u00a0procesamiento \u00a0 \u00a0 \u00a0de \u00a0 \u00a0 coca\u00edna, \u00a0regi\u00f3n que es controlada por \u00a0la \u00a0 \u00a0Fuerzas \u00a0 \u00a0Armadas \u00a0Revolucionarias \u00a0 \u00a0 de \u00a0 \u00a0Colombia \u00a0 \u00a0&#8211; Ejercito del Pueblo, Frente 48. \u00a0\u00a0<\/p>\n<p>Comenta \u00a0que \u00a0luego \u00a0de \u00a0la \u00a0correspondiente \u00a0investigaci\u00f3n \u00a0y \u00a0una \u00a0vez \u00a0que \u00a0se \u00a0captur\u00f3 \u00a0y escuch\u00f3 en indagatoria a doce \u00a0personas, \u00a0 \u00a0la \u00a0 \u00a0fiscal\u00eda, \u00a0 mediante \u00a0resoluci\u00f3n \u00a0del \u00a013 \u00a0de febrero del a\u00f1o en curso, acus\u00f3 a Martha \u00a0Cecilia \u00a0Quintero \u00a0R\u00edos, \u00a0Fabi\u00e1n \u00a0Antonio \u00a0R\u00edos \u00a0Grisales, \u00a0Alexander Garc\u00eda \u00a0Restrepo, \u00a0Epifan\u00eda \u00a0Qui\u00f1\u00f3nez, \u00a0Carlos \u00a0Arturo \u00a0Reyes \u00a0Henao, \u00a0Blanca \u00a0Nohora \u00a0Bastidas \u00a0Carvajal, \u00a0Alirio \u00a0Ch\u00e1vez Galvis, Magda Tatiana Losada Tamayo, Flavio \u00a0Procelio \u00a0 Vallejo \u00a0 Melo \u00a0 y \u00a0 Mario \u00a0 Jos\u00e9 \u00a0 Mart\u00ednez \u00a0Vitoria \u00a0por \u00a0los \u00a0delitos \u00a0de rebeli\u00f3n y tr\u00e1fico, fabricaci\u00f3n o porte de \u00a0estupefacientes \u00a0 \u00a0 y \u00a0conservaci\u00f3n \u00a0 \u00a0 \u00a0o \u00a0 \u00a0 financiaci\u00f3n de plantaciones. \u00a0\u00a0<\/p>\n<p>Dice \u00a0 que \u00a0 de \u00a0acuerdo \u00a0por \u00a0las \u00a0piezas \u00a0incorporadas \u00a0al \u00a0diligenciamiento \u00a0se \u00a0advierte \u00a0que \u00a0el \u00a0orden p\u00fablico en las \u00a0ciudades \u00a0de \u00a0Puerto As\u00eds y \u00a0Puerto \u00a0 \u00a0Leguizamo \u00a0 se \u00a0encuentra \u00a0alterado. \u00a0De \u00a0manera \u00a0que si el juicio se \u00a0debe \u00a0 cumplir \u00a0 en \u00a0 las \u00a0mentadas \u00a0localidades, \u00a0surge \u00a0evidente \u00a0que \u00a0dichas \u00a0circunstancias \u00a0afectar\u00edan \u00a0el \u00a0 orden \u00a0 p\u00fablico \u00a0y, \u00a0\u201cpor \u00a0ende, \u00a0 pueden \u00a0 afectar \u00a0las \u00a0garant\u00edas \u00a0 procesales, \u00a0 as\u00ed \u00a0 como \u00a0 la \u00a0 seguridad \u00a0 de \u00a0 los \u00a0procesados\u2026\u201d. \u00a0\u00a0<\/p>\n<p>Como \u00a0 \u00a0 \u00a0 \u00a0elementos \u00a0de \u00a0juicio \u00a0sustento \u00a0de la petici\u00f3n \u00a0incorpora \u00a0 \u00a0 \u00a0apartes \u00a0 \u00a0 \u00a0de \u00a0 \u00a0 \u00a0las \u00a0 \u00a0 indagatorias \u00a0 \u00a0 de \u00a0 \u00a0 Fabi\u00e1n \u00a0 \u00a0 Antonio \u00a0 \u00a0 R\u00edos \u00a0Grisales, \u00a0Alexander Garc\u00eda \u00a0 \u00a0Restrepo \u00a0 y \u00a0 Martha \u00a0 \u00a0 \u00a0 \u00a0 \u00a0 \u00a0Cecilia \u00a0 \u00a0 Quintero \u00a0 \u00a0 R\u00edos \u00a0y \u00a0los \u00a0testimonios de Guillermo \u00a0Ni\u00f1o \u00a0Pe\u00f1a, \u00a0Alexander \u00a0Leal \u00a0 \u00a0Navarro \u00a0 \u00a0y \u00a0 \u00a0Jair \u00a0 \u00a0P\u00e9rez \u00a0 Vela, \u00a0quienes \u00a0dan \u00a0cuenta \u00a0de \u00a0la \u00a0situaci\u00f3n alterada del orden p\u00fablico. \u00a0\u00a0<\/p>\n<p>As\u00ed \u00a0mismo, \u00a0incorpora \u00a0 copia \u00a0 de \u00a0 la \u00a0resoluci\u00f3n \u00a0No. \u00a003039 \u00a0del \u00a029 \u00a0de \u00a0agosto de 2007, por medio de la cual el \u00a0se\u00f1or \u00a0Fiscal \u00a0General de la Naci\u00f3n vari\u00f3 la asignaci\u00f3n de la investigaci\u00f3n \u00a0a \u00a0una \u00a0fiscal\u00eda \u00a0adscrita \u00a0a \u00a0la \u00a0Unidad \u00a0Nacional \u00a0Antinarc\u00f3ticos \u00a0 e \u00a0 Interdicci\u00f3n \u00a0 Mar\u00edtima \u00a0de \u00a0Bogot\u00e1. \u00a0\u00a0<\/p>\n<p>De manera que solicita a la Corte ordenar el \u00a0cambio \u00a0de \u00a0radicaci\u00f3n \u00a0del proceso al Juez Penal del Circuito Especializado de \u00a0Bogot\u00e1, reparto. \u00a0\u00a0<\/p>\n<p>CONSIDERACIONES DE LA CORTE \u00a0<\/p>\n<p>1.\u00a0 \u00a0El \u00a0prop\u00f3sito de la solicitud de \u00a0cambio \u00a0de \u00a0radicaci\u00f3n \u00a0es \u00a0el \u00a0traslado \u00a0de \u00a0la \u00a0causa \u00a0que contra \u00a0Martha Cecilia Quintero R\u00edos y otros \u00a0adelantar\u00e1 \u00a0un \u00a0Juzgado Penal del Circuito Especializado con sede en Putumayo a \u00a0un \u00a0Juzgado \u00a0Penal \u00a0del Circuito Especializado del Distrito Judicial de Bogot\u00e1, \u00a0situaci\u00f3n \u00a0que \u00a0de \u00a0conformidad \u00a0con \u00a0lo \u00a0establecido \u00a0en \u00a0el \u00a0numeral \u00a08\u00b0 del \u00a0art\u00edculo \u00a075 \u00a0del \u00a0C\u00f3digo \u00a0de Procedimiento Penal (Ley 600 de 2000) le da a la \u00a0Corte competencia para conocer de la misma. \u00a0\u00a0<\/p>\n<p>2.\u00a0 \u00a0Debe \u00a0la \u00a0Corte \u00a0recordar \u00a0que el \u00a0cambio \u00a0de \u00a0radicaci\u00f3n \u00a0de \u00a0un \u00a0proceso \u00a0penal, como excepci\u00f3n a las reglas de \u00a0competencia \u00a0por \u00a0el \u00a0factor \u00a0territorial, procede cuando se acredita, en debida \u00a0forma, \u00a0que en el lugar donde se ventilan las diligencias existen circunstancias \u00a0que \u00a0puedan afectar el orden p\u00fablico, la imparcialidad o la independencia de la \u00a0administraci\u00f3n \u00a0de \u00a0justicia, \u00a0las \u00a0garant\u00edas \u00a0procesales, \u00a0la \u00a0publicidad del \u00a0juzgamiento, \u00a0la \u00a0seguridad o integridad personal de los sujetos procesales o de \u00a0los \u00a0funcionarios \u00a0judiciales, tal como lo contempla el art\u00edculo 85 del C\u00f3digo \u00a0de Procedimiento Penal. \u00a0\u00a0<\/p>\n<p>En \u00a0consecuencia, \u00a0el \u00a0cambio \u00a0de \u00a0sede del \u00a0proceso, \u00a0como \u00a0excepci\u00f3n a la competencia territorial, es siempre de car\u00e1cter \u00a0extremo, \u00a0residual \u00a0y \u00a0procedente s\u00f3lo en los casos taxativamente se\u00f1alados en \u00a0la disposici\u00f3n citada. \u00a0\u00a0<\/p>\n<p>As\u00ed mismo, se ha indicado que la labor del \u00a0peticionario \u00a0 debe \u00a0 centrarse \u00a0en \u00a0demostrar, \u00a0de \u00a0manera \u00a0clara \u00a0y \u00a0evidente, \u00a0cualquiera \u00a0de \u00a0las \u00a0circunstancias en precedencia citadas para que la Corte, en \u00a0cumplimiento \u00a0de lo normado en el numeral 8\u00b0 del art\u00edculo 75 de la misma obra, \u00a0se \u00a0 pronuncie \u00a0 sobre \u00a0 la \u00a0 viabilidad \u00a0 o \u00a0 no \u00a0 del \u00a0cambio \u00a0de \u00a0radicaci\u00f3n \u00a0solicitado. \u00a0\u00a0<\/p>\n<p>3.\u00a0 \u00a0En esas condiciones, en el asunto \u00a0que \u00a0ocupa \u00a0la \u00a0atenci\u00f3n de la Sala, resulta claro que la peticionaria cumpli\u00f3 \u00a0con ese cometido. \u00a0\u00a0<\/p>\n<p>En \u00a0efecto, \u00a0la \u00a0Fiscal \u00a026 \u00a0de \u00a0la \u00a0Unidad \u00a0Nacional \u00a0 Antinarc\u00f3ticos \u00a0 y \u00a0 de \u00a0 Interdicci\u00f3n \u00a0Mar\u00edtima \u00a0de \u00a0Bogot\u00e1 \u00a0acota que en el departamento \u00a0del \u00a0Putumayo, municipio de Puerto Legu\u00edzamo, inspecci\u00f3n de Pi\u00f1u\u00f1a Negro, se \u00a0encuentra \u00a0ubicada \u00a0una \u00a0organizaci\u00f3n \u00a0de \u00a0narcotr\u00e1fico \u00a0dedicada al cultivo y \u00a0procesamiento \u00a0de \u00a0coca\u00edna, \u00a0regi\u00f3n \u00a0que \u00a0es \u00a0controlada\u00a0 \u00a0por la Fuerzas \u00a0Armadas \u00a0Revolucionarias \u00a0de \u00a0Colombia \u00a0&#8211; \u00a0 \u00a0 \u00a0Ejercito \u00a0 \u00a0 \u00a0del \u00a0 \u00a0 \u00a0Pueblo, \u00a0 \u00a0 Frente \u00a0 \u00a0 48, \u00a0raz\u00f3n \u00a0que \u00a0v\u00e1lidamente le permite \u00a0inferir \u00a0 que \u00a0la \u00a0sede \u00a0del \u00a0Juez \u00a0Penal \u00a0del \u00a0Circuito \u00a0Especializado \u00a0en \u00a0ese \u00a0departamento \u00a0 median \u00a0 circunstancias \u00a0 que \u00a0 afectan \u00a0 el \u00a0orden \u00a0p\u00fablico \u00a0y, \u00a0consecuentemente, \u00a0afectan \u00a0las \u00a0garant\u00edas \u00a0procesales \u00a0y \u00a0la \u00a0seguridad de los \u00a0intervinientes. \u00a0\u00a0<\/p>\n<p>No cabe duda que constituye un hecho notorio \u00a0que \u00a0 en \u00a0 algunas \u00a0zonas \u00a0del \u00a0pa\u00eds, \u00a0incluido \u00a0 \u00a0 \u00a0el \u00a0 \u00a0 Departamentos \u00a0del \u00a0Putumayo, \u00a0operan \u00a0grupos \u00a0armados \u00a0al \u00a0margen \u00a0de \u00a0la \u00a0ley \u00a0 \u00a0 \u00a0 que \u00a0 \u00a0 \u00a0ocupan \u00a0 \u00e1reas \u00a0 de \u00a0 nuestro \u00a0territorio \u00a0nacional \u00a0 de \u00a0 manera \u00a0violenta, \u00a0sometiendo \u00a0a sus habitantes e incidiendo en aspectos trascendentales \u00a0de \u00a0 \u00a0 \u00a0su \u00a0 \u00a0 \u00a0vida \u00a0 \u00a0 \u00a0cotidiana, \u00a0 \u00a0 \u00a0 \u00a0 \u00a0 \u00a0 situaci\u00f3n \u00a0que \u00a0sin duda incide en la \u00a0regi\u00f3n; \u00a0 \u00a0 \u00a0y \u00a0que \u00a0 \u00a0 de \u00a0 \u00a0 una \u00a0 \u00a0 u \u00a0 \u00a0 otra \u00a0 \u00a0forma \u00a0 \u00a0 \u00a0 repercuten \u00a0en \u00a0el \u00a0juicio \u00a0 \u00a0 \u00a0que \u00a0 \u00a0 \u00a0se \u00a0 \u00a0 adelantar\u00e1, \u00a0como lo \u00a0deja \u00a0evidenciado \u00a0la representante del Fiscal General de la Naci\u00f3n. \u00a0\u00a0<\/p>\n<p>Recu\u00e9rdese \u00a0que de los elementos de juicio \u00a0incorporados \u00a0a \u00a0la \u00a0petici\u00f3n \u00a0de \u00a0cambio \u00a0de \u00a0radicaci\u00f3n \u00a0se \u00a0avizora \u00a0que el \u00a0territorio \u00a0en \u00a0el \u00a0cual \u00a0se \u00a0produjeron \u00a0los \u00a0hechos \u00a0objeto \u00a0del \u00a0proceso, \u00a0es \u00a0controlado \u00a0militarmente \u00a0por \u00a0la \u00a0mentada organizaci\u00f3n insurgente, que basa su \u00a0subsistencia \u00a0en \u00a0el \u00a0tr\u00e1fico \u00a0de \u00a0drogas \u00a0psicotr\u00f3picas \u00a0y \u00a0que \u00a0los acusados \u00a0formaban parte de esa agrupaci\u00f3n. \u00a0\u00a0<\/p>\n<p>Ahora \u00a0bien, la jurisprudencia de la Corte \u00a0no \u00a0ha \u00a0sido \u00a0ajena \u00a0en \u00a0reconocer \u00a0que \u201cla \u00a0presencia \u00a0y \u00a0actuar \u00a0de \u00a0esos \u00a0grupos \u00a0armados \u00a0al \u00a0margen de la ley, afecta las reglas de convivencia social y \u00a0en \u00a0especial \u00a0a \u00a0la \u00a0poblaci\u00f3n \u00a0civil en quien ha reca\u00eddo sus acciones, de las \u00a0cuales \u00a0igual \u00a0han \u00a0sido v\u00edctimas servidores p\u00fablicos de la administraci\u00f3n de \u00a0justicia, \u00a0la \u00a0polic\u00eda \u00a0judicial, \u00a0alcaldes \u00a0y defensores de derechos humanos e \u00a0incluso \u00a0miembros \u00a0de \u00a0la \u00a0misma \u00a0organizaci\u00f3n\u201d1. \u00a0\u00a0<\/p>\n<p>En \u00a0consecuencia, con el fin de preservar el \u00a0orden \u00a0p\u00fablico, las garant\u00edas procesales y la seguridad de los intervinientes, \u00a0lo \u00a0aconsejable \u00a0es acceder al cambio de radicaci\u00f3n solicitado por la Fiscal 26 \u00a0de \u00a0 la \u00a0 Unidad \u00a0 Nacional \u00a0Antinarc\u00f3ticos \u00a0y \u00a0de \u00a0Interdicci\u00f3n \u00a0Mar\u00edtima \u00a0de \u00a0Bogot\u00e1 y, por lo mismo, \u00a0se \u00a0ordenar\u00e1 \u00a0radicar el expediente en uno de los Juzgados Penales del Circuito \u00a0Especializados \u00a0de Cundinamarca, con sede en Bogot\u00e1, en consideraci\u00f3n a que la \u00a0distancia \u00a0y \u00a0la \u00a0cobertura de este distrito neutralizar\u00edan aqu\u00e9llas an\u00f3malas \u00a0circunstancias. \u00a0\u00a0<\/p>\n<p>En \u00a0m\u00e9rito de lo expuesto, la CORTE \u00a0SUPREMA DE JUSTICIA, SALA \u00a0DE \u00a0CASACI\u00d3N PENAL, administrando \u00a0justicia en nombre de la Rep\u00fablica y por autoridad de la ley, \u00a0\u00a0<\/p>\n<p>\u00a0 \u00a0\u00a0 \u00a0 \u00a0R E S U E L V E \u00a0\u00a0<\/p>\n<p>1.\u00a0 ORDENAR \u00a0el \u00a0cambio de radicaci\u00f3n del proceso que se adelanta \u00a0contra \u00a0Martha Cecilia Quintero R\u00edos, Fabi\u00e1n Antonio R\u00edos Grisales, Alexander \u00a0Garc\u00eda \u00a0Restrepo, \u00a0Epifan\u00eda \u00a0Qui\u00f1\u00f3nez, \u00a0Carlos \u00a0Arturo \u00a0Reyes \u00a0Henao, Blanca \u00a0Nohora \u00a0Bastidas \u00a0Carvajal, \u00a0Alirio Ch\u00e1vez Galvis, Magda Tatiana Losada Tamayo, \u00a0Flavio \u00a0Procelio \u00a0Vallejo \u00a0Melo \u00a0y \u00a0Mario \u00a0Jos\u00e9 \u00a0Mart\u00ednez \u00a0Viloria al Distrito \u00a0Judicial \u00a0de Cundinamarca. En consecuencia, rem\u00edtase de inmediato el expediente \u00a0al \u00a0 reparto \u00a0 de \u00a0 los \u00a0jueces \u00a0penales \u00a0del \u00a0circuito \u00a0especializados \u00a0de \u00a0esa \u00a0ciudad. \u00a0\u00a0<\/p>\n<p>2.\u00a0 \u00a0 \u00a0 Comun\u00edquese \u00a0esta \u00a0decisi\u00f3n \u00a0al Juzgado Penal del \u00a0Circuito \u00a0 \u00a0Especializado \u00a0 \u00a0con \u00a0 \u00a0sede \u00a0 en \u00a0 Putumayo \u00a0 y \u00a0 a \u00a0 los \u00a0 sujetos \u00a0procesales. \u00a0\u00a0<\/p>\n<p>Contra \u00a0esta \u00a0determinaci\u00f3n \u00a0no \u00a0procede \u00a0recurso alguno. \u00a0\u00a0<\/p>\n<p>C\u00f3piese y c\u00famplase. \u00a0<\/p>\n<p>JULIO ENRIQUE SOCHA SALAMANCA \u00a0<\/p>\n<p>JOS\u00c9 LEONIDAS BUSTOS MART\u00cdNEZ \u00a0\u00a0 \u00a0\u00a0 \u00a0\u00a0 \u00a0\u00a0 \u00a0 \u00a0\u00a0 \u00a0 \u00a0 \u00a0 \u00a0SIGIFREDO \u00a0ESPINOSA \u00a0P\u00c9REZ \u00a0\u00a0<\/p>\n<p>\u00a0\u00a0\u00a0\u00a0\u00a0\u00a0\u00a0\u00a0\u00a0\u00a0\u00a0\u00a0\u00a0\u00a0\u00a0\u00a0\u00a0 \u00a0PERMISO \u00a0\u00a0<\/p>\n<p>ALFREDO \u00a0 G\u00d3MEZ \u00a0 QUINTERO \u00a0\u00a0 \u00a0\u00a0 \u00a0\u00a0 \u00a0\u00a0 \u00a0 \u00a0\u00a0 \u00a0\u00a0 \u00a0\u00a0MAR\u00cdA DEL ROSARIO GONZ\u00c1LEZ DE \u00a0LEMOS \u00a0\u00a0<\/p>\n<p>AUGUSTO \u00a0J. \u00a0IBA\u00d1EZ \u00a0GUZM\u00c1N \u00a0\u00a0 \u00a0\u00a0 \u00a0\u00a0 \u00a0\u00a0 \u00a0 \u00a0\u00a0 \u00a0 \u00a0 \u00a0 \u00a0 \u00a0 \u00a0 \u00a0 \u00a0 \u00a0 \u00a0 \u00a0\u00a0JORGE \u00a0 LUIS \u00a0 QUINTERO \u00a0MILAN\u00c9S \u00a0 \u00a0 \u00a0 \u00a0 \u00a0\u00a0<\/p>\n<p>YESID \u00a0 RAM\u00cdREZ \u00a0 BASTIDAS \u00a0\u00a0 \u00a0\u00a0 \u00a0\u00a0 \u00a0\u00a0 \u00a0 \u00a0\u00a0 \u00a0 \u00a0 \u00a0 \u00a0 \u00a0 \u00a0 \u00a0 \u00a0 \u00a0 \u00a0 \u00a0\u00a0JAVIER\u00a0 ZAPATA ORTIZ \u00a0\u00a0<\/p>\n<p>\u00a0 \u00a0\u00a0 \u00a0 \u00a0 \u00a0\u00a0 \u00a0\u00a0 \u00a0\u00a0 \u00a0\u00a0 \u00a0 \u00a0\u00a0 \u00a0 \u00a0 \u00a0 \u00a0 \u00a0 \u00a0 \u00a0 \u00a0 \u00a0 \u00a0 \u00a0\u00a0 \u00a0 \u00a0 \u00a0\u00a0 \u00a0\u00a0 \u00a0\u00a0 \u00a0\u00a0 \u00a0\u00a0 \u00a0\u00a0 \u00a0\u00a0 \u00a0 \u00a0\u00a0 \u00a0 \u00a0 \u00a0 \u00a0 \u00a0 \u00a0 \u00a0 \u00a0 \u00a0 \u00a0 \u00a0\u00a0 \u00a0 \u00a0 \u00a0\u00a0 \u00a0\u00a0 \u00a0\u00a0 \u00a0 \u00a0 \u00a0 \u00a0 \u00a0\u00a0<\/p>\n<p>TERESA RU\u00cdZ NU\u00d1EZ \u00a0<\/p>\n<p>Secretaria \u00a0 \u00a0<\/p>\n<p>1 Ver \u00a0cambio de radicaci\u00f3n 28891, auto del 18 de diciembre de 2007. \u00a0 \u00a0\u00a0<\/p>\n<p><\/p>\n","protected":false},"excerpt":{"rendered":"<p>\u00a0 \u00a0 Proceso \u00a0 \u00a0 No \u00a031533 \u00a0\u00a0 CORTE \u00a0 SUPREMA \u00a0 DE \u00a0JUSTICIA \u00a0\u00a0 SALA DE CASACI\u00d3N PENAL \u00a0 \u00a0 \u00a0 \u00a0 \u00a0 \u00a0 Magistrado Ponente \u00a0 \u00a0 \u00a0\u00a0 \u00a0\u00a0 \u00a0\u00a0 \u00a0 \u00a0 \u00a0 JORGE \u00a0 \u00a0 \u00a0LUIS \u00a0 \u00a0 \u00a0QUINTERO \u00a0MILAN\u00c9S \u00a0\u00a0 \u00a0 \u00a0\u00a0 \u00a0 \u00a0\u00a0Aprobado \u00a0acta \u00a0N\u00ba \u00a0101 \u00a0\u00a0 Bogot\u00e1, \u00a0D. \u00a0C., [&hellip;]<\/p>\n","protected":false},"author":1,"featured_media":0,"comment_status":"open","ping_status":"open","sticky":false,"template":"","format":"standard","meta":{"footnotes":""},"categories":[17],"tags":[],"class_list":["post-18894","post","type-post","status-publish","format-standard","hentry","category-17"],"_links":{"self":[{"href":"https:\/\/dmsjuridica.com\/buscador_20179478954\/salapenalcronologico20230723\/wp-json\/wp\/v2\/posts\/18894","targetHints":{"allow":["GET"]}}],"collection":[{"href":"https:\/\/dmsjuridica.com\/buscador_20179478954\/salapenalcronologico20230723\/wp-json\/wp\/v2\/posts"}],"about":[{"href":"https:\/\/dmsjuridica.com\/buscador_20179478954\/salapenalcronologico20230723\/wp-json\/wp\/v2\/types\/post"}],"author":[{"embeddable":true,"href":"https:\/\/dmsjuridica.com\/buscador_20179478954\/salapenalcronologico20230723\/wp-json\/wp\/v2\/users\/1"}],"replies":[{"embeddable":true,"href":"https:\/\/dmsjuridica.com\/buscador_20179478954\/salapenalcronologico20230723\/wp-json\/wp\/v2\/comments?post=18894"}],"version-history":[{"count":0,"href":"https:\/\/dmsjuridica.com\/buscador_20179478954\/salapenalcronologico20230723\/wp-json\/wp\/v2\/posts\/18894\/revisions"}],"wp:attachment":[{"href":"https:\/\/dmsjuridica.com\/buscador_20179478954\/salapenalcronologico20230723\/wp-json\/wp\/v2\/media?parent=18894"}],"wp:term":[{"taxonomy":"category","embeddable":true,"href":"https:\/\/dmsjuridica.com\/buscador_20179478954\/salapenalcronologico20230723\/wp-json\/wp\/v2\/categories?post=18894"},{"taxonomy":"post_tag","embeddable":true,"href":"https:\/\/dmsjuridica.com\/buscador_20179478954\/salapenalcronologico20230723\/wp-json\/wp\/v2\/tags?post=18894"}],"curies":[{"name":"wp","href":"https:\/\/api.w.org\/{rel}","templated":true}]}}