{"id":18863,"date":"2023-09-11T19:44:52","date_gmt":"2023-09-11T19:44:52","guid":{"rendered":"https:\/\/dmsjuridica.com\/buscador_20179478954\/salapenalcronologico20230723\/2023\/09\/11\/3149314-04-09\/"},"modified":"2023-09-11T19:44:52","modified_gmt":"2023-09-11T19:44:52","slug":"3149314-04-09","status":"publish","type":"post","link":"https:\/\/dmsjuridica.com\/buscador_20179478954\/salapenalcronologico20230723\/2023\/09\/11\/3149314-04-09\/","title":{"rendered":"31493(14-04-09)"},"content":{"rendered":"\n<p>\u00a0 \u00a0 \u00a0\u00a0<\/p>\n<p>Proceso No 31493 \u00a0<\/p>\n<p>CORTE SUPREMA DE JUSTICIA \u00a0<\/p>\n<p>SALA DE CASACI\u00d3N PENAL \u00a0<\/p>\n<p>\u00a0 \u00a0\u00a0 \u00a0\u00a0 \u00a0\u00a0 \u00a0 \u00a0 \u00a0 \u00a0 \u00a0\u00a0<\/p>\n<p>Magistrada Ponente: \u00a0<\/p>\n<p>MAR\u00cdA \u00a0 DEL \u00a0 ROSARIO \u00a0 GONZ\u00c1LEZ \u00a0 DE \u00a0LEMOS \u00a0\u00a0<\/p>\n<p>Aprobado acta N\u00b0 110. \u00a0<\/p>\n<p>Bogot\u00e1, D. C., catorce (14) de abril de dos \u00a0mil nueve (2009). \u00a0\u00a0<\/p>\n<p>VISTOS \u00a0<\/p>\n<p>Decide \u00a0la Corte \u00a0la \u00a0solicitud \u00a0elevada por \u00a0la \u00a0Procuradora \u00a0 \u00a0 \u00a0 \u00a0 \u00a0 \u00a0 \u00a0161 \u00a0 \u00a0 Judicial \u00a0 \u00a0Penal \u00a0II, \u00a0en \u00a0su \u00a0condici\u00f3n \u00a0 de \u00a0 Agente \u00a0 Especial \u00a0 del \u00a0 Ministerio \u00a0 P\u00fablico, \u00a0orientada \u00a0 a \u00a0 obtener \u00a0 el \u00a0cambio \u00a0de \u00a0radicaci\u00f3n \u00a0de los \u00a0procesos \u00a0 que \u00a0se \u00a0adelantan \u00a0con \u00a0ocasi\u00f3n \u00a0de la \u00a0muerte \u00a0 \u00a0violenta \u00a0 infligida \u00a0 a \u00a0 la \u00a0 funcionaria \u00a0 del \u00a0 CTI \u00a0 Judith \u00a0Farides \u00a0\u00c1lvarez \u00a0 Hern\u00e1ndez \u00a0 en \u00a0 la \u00a0 ciudad \u00a0 de \u00a0Santa \u00a0Marta, \u00a0en \u00a0los cuales la Unidad Nacional de Derechos \u00a0Humanos \u00a0y \u00a0Derecho \u00a0Internacional \u00a0Humanitario \u00a0de la \u00a0Fiscal\u00eda \u00a0General de la Naci\u00f3n profiri\u00f3 resoluci\u00f3n \u00a0de \u00a0 \u00a0acusaci\u00f3n \u00a0 \u00a0contra \u00a0 DEIVIS \u00a0 DAVID \u00a0 MEJ\u00cdA \u00a0MART\u00cdNEZ, \u00a0 LUIS \u00a0EDGAR \u00a0MEDINA \u00a0 FL\u00d3REZ, \u00a0 WILLIGTON \u00a0 CASTA\u00d1EDA, \u00a0 HERNANDO \u00a0ANTONIO \u00a0TOB\u00cdAS \u00a0MORENO \u00a0y \u00a0JIMMY \u00a0ALBERTO \u00a0GIRALDO \u00a0BARRIOS. \u00a0\u00a0<\/p>\n<p>FUNDAMENTOS DE LA SOLICITUD \u00a0<\/p>\n<p>Al \u00a0amparo de los art\u00edculos 85 al 88 de la \u00a0Ley \u00a0 \u00a0600 \u00a0 de \u00a0 2000, \u00a0se\u00f1al\u00f3 \u00a0la \u00a0peticionaria \u00a0que \u00a0el \u00a0homicidio \u00a0de \u00a0la \u00a0funcionaria del CTI \u00a0ocurri\u00f3 \u00a0en \u00a0la \u00a0ciudad \u00a0de \u00a0Santa \u00a0Marta \u00a0el \u00a06 de noviembre de 2007 cuando se \u00a0desplazaba \u00a0por \u00a0la \u00a0carrera 8\u00aa con calle 29, barrio Minuto de Dios, momento en \u00a0que \u00a0el \u00a0sujeto \u00a0Amarildo \u00a0Villa \u00a0Acosta le \u00a0dispar\u00f3 \u00a0para \u00a0emprender \u00a0luego \u00a0la \u00a0huida \u00a0en \u00a0una motocicleta, la cual era conducida por \u00a0DEIVIS \u00a0 \u00a0DAVID \u00a0 \u00a0MEJ\u00cdA \u00a0 \u00a0MART\u00cdNEZ, \u00a0individuos \u00a0que \u00a020 \u00a0minutos \u00a0despu\u00e9s \u00a0de \u00a0cometer el homicidio \u00a0fueron \u00a0a \u00a0su \u00a0vez v\u00edctimas de un atentado con arma de fuego, en desarrollo del \u00a0cual falleci\u00f3 el primero de los mencionados. \u00a0\u00a0<\/p>\n<p>Seg\u00fan la Procuradora Judicial solicitante, \u00a0en \u00a0el curso de la condigna investigaci\u00f3n se prob\u00f3 que el m\u00f3vil del homicidio \u00a0de \u00a0 \u00a0 la \u00a0 \u00a0funcionaria \u00a0 \u00a0Judith \u00a0 \u00a0Farides \u00a0\u00c1lvarez \u00a0Hern\u00e1ndez \u00a0obedeci\u00f3 a \u00a0las \u00a0tareas de an\u00e1lisis y averiguaci\u00f3n adelantadas por ella para identificar e \u00a0individualizar \u00a0a \u00a0los \u00a0miembros \u00a0de \u00a0la \u00a0temida banda emergente de criminalidad \u00a0conocida \u00a0 \u00a0como \u00a0 \u00a0los \u00a0 \u00a0\u201cNevados\u201d, \u00a0conformada por varios exintegrantes de \u00a0los \u00a0 grupos \u00a0 paramilitares, \u00a0quienes \u00a0cuentan \u00a0con\u00a0 \u00a0alianzas \u00a0criminales \u00a0estrat\u00e9gicas \u00a0con \u00a0facciones \u00a0de \u00a0la \u00a0guerrilla que les garantiza las rutas del \u00a0narcotr\u00e1fico, entre otras actividades criminales. \u00a0\u00a0<\/p>\n<p>Destac\u00f3 tambi\u00e9n \u00a0c\u00f3mo \u00a0en \u00a0el \u00a0proceso \u00a0se \u00a0acredit\u00f3 \u00a0 que \u00a0la \u00a0foto \u00a0mediante \u00a0la \u00a0cual \u00a0el \u00a0sicario \u00a0identific\u00f3 \u00a0a \u00a0la \u00a0v\u00edctima \u00a0fue tomada en una \u00a0reuni\u00f3n \u00a0 de \u00a0 car\u00e1cter \u00a0 confidencial \u00a0 celebrada \u00a0 con \u00a0 distintas \u00a0agencias \u00a0investigativas \u00a0del \u00a0Estado, \u00a0cuyo \u00a0tema de convocatoria era la actividad de los \u00a0miembros \u00a0de \u00a0las \u00a0bandas \u00a0criminales emergentes, de lo cual, en su criterio, se \u00a0infiere que el homicidio se plane\u00f3 desde ese escenario estatal. \u00a0\u00a0<\/p>\n<p>Por \u00a0lo \u00a0anterior, \u00a0consider\u00f3 \u00a0 que \u00a0\u201cel \u00a0pron\u00f3stico \u00a0objetivo \u00a0de \u00a0riesgos \u00a0para \u00a0el \u00a0juzgamiento \u00a0es \u00a0latente\u201d, \u00a0pues \u00a0aparece \u00a0 de \u00a0 esa \u00a0 manera \u00a0demostrada \u00a0la \u00a0 necesidad \u00a0de \u00a0la \u00a0banda \u00a0criminal \u00a0emergente \u00a0investigada \u00a0de \u00a0obstruir \u00a0la \u00a0persecuci\u00f3n \u00a0penal, \u00a0prop\u00f3sito al cual se han sumado agentes del \u00a0Estado \u00a0por \u00a0identificar, \u00a0quienes \u00a0pusieron \u00a0en manos del sicario la foto de la \u00a0v\u00edctima. \u00a0\u00a0<\/p>\n<p>En \u00a0su \u00a0concepto, por tanto, el riesgo para \u00a0los \u00a0funcionarios \u00a0judiciales \u00a0en quienes recae la misi\u00f3n de instruir y decidir \u00a0las \u00a0resultas del juicio es alto, peligro que \u00a0se \u00a0traslada \u00a0igualmente \u00a0a \u00a0los \u00a0testigos \u00a0de \u00a0cargo \u00a0por \u00a0su \u00a0obligaci\u00f3n de declarar en el juicio. \u00a0\u00a0<\/p>\n<p>En \u00a0 suma, \u00a0 estima \u00a0que \u00a0\u201cla \u00a0capacidad \u00a0delictiva \u00a0de la empresa \u00a0criminal \u00a0 investigada, \u00a0 su \u00a0 demostrada \u00a0 vocaci\u00f3n \u00a0 de \u00a0 amedrentamiento \u00a0 e \u00a0intimidaci\u00f3n a la sociedad civil en general, \u00a0su \u00a0capacidad \u00a0de \u00a0penetraci\u00f3n \u00a0en \u00a0las agencias estatales \u00a0encargadas \u00a0de \u00a0su \u00a0persecuci\u00f3n, adem\u00e1s de las circunstancias particulares del \u00a0proceso \u00a0en \u00a0cuesti\u00f3n, \u00a0referidas \u00a0a \u00a0la \u00a0condici\u00f3n de la v\u00edctima en tanto se \u00a0desempe\u00f1aba \u00a0como investigadora del CTI y la posible responsabilidad de algunos \u00a0funcionarios \u00a0p\u00fablicos \u00a0de \u00a0la \u00a0zona \u00a0en \u00a0los \u00a0hechos \u00a0investigados, indican la \u00a0existencia \u00a0de un mal ambiente de juzgamiento en la sede del juicio, que pone en \u00a0riesgo \u00a0no \u00a0solo \u00a0el \u00a0proceso, \u00a0sino \u00a0eventualmente \u00a0la vida de quienes deber\u00e1n \u00a0concurrir \u00a0a \u00a0\u00e9ste \u00a0si \u00a0el mismo se adelanta en la ciudad de Santa Marta\u2026\u201d. \u00a0\u00a0<\/p>\n<p>Asegur\u00f3 \u00a0que la situaci\u00f3n de inseguridad \u00a0se \u00a0presenta en todo el Distrito Judicial de Magdalena, raz\u00f3n por la cual s\u00f3lo \u00a0el \u00a0cambio \u00a0de radicaci\u00f3n a un Distrito distinto \u00a0 \u00a0 garantiza \u00a0 \u00a0 el \u00a0 \u00a0 desarrollo \u00a0 \u00a0 normal \u00a0 del \u00a0 juicio. \u00a0Pidi\u00f3, \u00a0 finalmente, \u00a0que \u00a0el \u00a0cambio \u00a0de \u00a0radicaci\u00f3n se aplique \u00a0 \u00a0 \u00a0 por \u00a0 \u00a0 \u00a0 econom\u00eda \u00a0 \u00a0 \u00a0 procesal \u00a0 \u00a0 \u00a0respecto \u00a0 de \u00a0 todo \u00a0el \u00a0objeto \u00a0del \u00a0proceso, \u00a0sin \u00a0importar \u00a0las \u00a0distintas \u00a0rupturas \u00a0generadas con ocasi\u00f3n de los \u00a0cierres \u00a0 \u00a0parciales \u00a0 \u00a0que \u00a0 \u00a0se \u00a0 han \u00a0 presentado \u00a0 en \u00a0 el \u00a0 curso \u00a0 de \u00a0 la \u00a0actuaci\u00f3n.\u00a0 \u00a0\u00a0<\/p>\n<p>Como \u00a0 pruebas, \u00a0aport\u00f3 \u00a0copia \u00a0de \u00a0las \u00a0resoluciones \u00a0de \u00a0acusaci\u00f3n \u00a0proferidas \u00a0el \u00a013 \u00a0de \u00a0noviembre \u00a0y \u00a0el \u00a023 \u00a0de \u00a0diciembre \u00a0de \u00a02008 por la \u00a0Fiscal\u00eda \u00a0Especializada \u00a0de \u00a0la Unidad Nacional de Derechos Humanos y D.I.H. en \u00a0contra, \u00a0 de \u00a0una \u00a0parte, \u00a0de \u00a0DEIVIS \u00a0DAVID \u00a0MEJ\u00cdA \u00a0MART\u00cdNEZ \u00a0y, de \u00a0la \u00a0otra, \u00a0de \u00a0LUIS \u00a0EDGAR \u00a0MEDINA \u00a0FL\u00d3REZ, \u00a0WILLIGTON \u00a0CASTA\u00d1EDA, \u00a0HERNANDO \u00a0ANTONIO \u00a0TOB\u00cdAS MORENO y \u00a0 \u00a0 JIMMY \u00a0 \u00a0 ALBERTO \u00a0 \u00a0 GIRALDO \u00a0BARRIOS, \u00a0as\u00ed \u00a0como \u00a0constancia de la ejecutoria de \u00a0dichas \u00a0decisiones. \u00a0Tambi\u00e9n, \u00a0alleg\u00f3 \u00a0copia \u00a0de la ampliaci\u00f3n de indagatoria \u00a0rendida \u00a0 por \u00a0 DARLINTONG \u00a0 URIELES \u00a0 MALDONADO, as\u00ed como de las \u00a0 \u00a0declaraciones \u00a0 ofrecidas \u00a0 por \u00a0Indira \u00a0Lorena \u00a0Castelblanco \u00a0Ram\u00edrez \u00a0y \u00a0 \u00a0 Reinaldo \u00a0 \u00a0 Elides \u00a0 \u00a0Dur\u00e1n \u00a0Peinado. \u00a0\u00a0<\/p>\n<p>CONSIDERACIONES DE LA CORTE \u00a0<\/p>\n<p>Como \u00a0 \u00a0el \u00a0 cambio \u00a0 de \u00a0 radicaci\u00f3n \u00a0de \u00a0 \u00a0 \u00a0 \u00a0 \u00a0 \u00a0los \u00a0 \u00a0 \u00a0 \u00a0 \u00a0 \u00a0procesos \u00a0adelantados \u00a0 con \u00a0ocasi\u00f3n \u00a0de \u00a0la \u00a0muerte \u00a0de \u00a0la \u00a0funcionaria \u00a0 \u00a0 \u00a0 del \u00a0 \u00a0 \u00a0CTI \u00a0 \u00a0 \u00a0Judith \u00a0 Farides \u00a0 \u00c1lvarez \u00a0Hern\u00e1ndez \u00a0se \u00a0 pretende \u00a0 de \u00a0un \u00a0distrito \u00a0judicial \u00a0a otro, la Sala de Casaci\u00f3n Penal de la\u00a0 Corte Suprema \u00a0de \u00a0Justicia \u00a0es \u00a0competente \u00a0para \u00a0resolver la solicitud, de conformidad con lo \u00a0previsto \u00a0en \u00a0el \u00a0numeral \u00a08\u00b0 \u00a0del \u00a0art\u00edculo \u00a075 \u00a0de \u00a0la \u00a0ley \u00a0600 de 2000, en \u00a0concordancia \u00a0 con \u00a0 lo \u00a0 establecido \u00a0en \u00a0el \u00a0inciso \u00a0final \u00a0del \u00a0art\u00edculo \u00a088 \u00a0ib\u00eddem. \u00a0\u00a0<\/p>\n<p>El \u00a0 instituto \u00a0procesal \u00a0del \u00a0cambio \u00a0de \u00a0radicaci\u00f3n \u00a0 comporta \u00a0 una \u00a0 excepci\u00f3n \u00a0a \u00a0los \u00a0factores \u00a0que \u00a0determinan \u00a0la \u00a0competencia \u00a0territorial \u00a0y \u00a0su \u00a0finalidad \u00a0es \u00a0preservar \u00a0el orden p\u00fablico, la \u00a0imparcialidad \u00a0o \u00a0la \u00a0independencia \u00a0en \u00a0la \u00a0administraci\u00f3n \u00a0de \u00a0justicia, \u00a0las \u00a0garant\u00edas, \u00a0la \u00a0publicidad del juzgamiento y la seguridad e integridad personal \u00a0de \u00a0los sujetos procesales o de los funcionarios judiciales, seg\u00fan lo prev\u00e9 el \u00a0art\u00edculo 85 del estatuto procesal penal de 2000. \u00a0\u00a0<\/p>\n<p>Dichos \u00a0objetivos \u00a0 determinan \u00a0tambi\u00e9n \u00a0 su \u00a0 procedencia, \u00a0 de \u00a0donde \u00a0se \u00a0sigue \u00a0que \u00a0 \u00a0s\u00f3lo \u00a0 \u00a0resulta \u00a0 \u00a0dable \u00a0 \u00a0proponerla \u00a0 \u00a0con \u00a0 \u00a0fundamento \u00a0 \u00a0en \u00a0 uno \u00a0 o \u00a0 varios \u00a0de \u00a0los \u00a0motivos antes se\u00f1alados, \u00a0aun \u00a0cuando \u00a0la \u00a0causal \u00a0invocada deber\u00e1 \u00a0 \u00a0 \u00a0 \u00a0 \u00a0motivarse \u00a0 \u00a0 \u00a0 \u00a0 \u00a0suficientemente \u00a0 \u00a0 \u00a0 \u00a0 y, \u00a0 \u00a0a \u00a0 \u00a0la \u00a0 solicitud, \u00a0acompa\u00f1arse \u00a0las \u00a0pruebas \u00a0que \u00a0le \u00a0sirvan \u00a0 de \u00a0 soporte, \u00a0 conforme \u00a0lo \u00a0establece \u00a0el \u00a0art\u00edculo \u00a087 \u00a0del \u00a0ordenamiento ritual en cita. \u00a0\u00a0<\/p>\n<p>\u00a0 \u00a0\u00a0 \u00a0\u00a0 \u00a0En \u00a0el \u00a0caso \u00a0objeto \u00a0de \u00a0estudio, \u00a0el \u00a0Ministerio \u00a0 \u00a0 P\u00fablico \u00a0 \u00a0 finca \u00a0 \u00a0la \u00a0petici\u00f3n \u00a0en la peligrosidad de la \u00a0banda \u00a0emergente \u00a0conocida \u00a0como \u00a0los \u201cNevados\u201d, \u00a0 conformada \u00a0 por \u00a0varios \u00a0exintegrantes \u00a0 de \u00a0 los \u00a0 grupos \u00a0paramilitares \u00a0y \u00a0en \u00a0su \u00a0gran \u00a0capacidad \u00a0de \u00a0penetraci\u00f3n \u00a0en \u00a0los estamentos oficiales de Santa Marta, que infiere del hecho \u00a0de \u00a0utilizarse \u00a0por \u00a0parte \u00a0del \u00a0sicario \u00a0para \u00a0identificar \u00a0a \u00a0la \u00a0v\u00edctima una \u00a0fotograf\u00eda \u00a0de \u00a0\u00e9sta \u00a0tomada \u00a0en \u00a0desarrollo \u00a0de \u00a0una \u00a0reuni\u00f3n \u00a0de trabajo de \u00a0car\u00e1cter \u00a0confidencial, \u00a0realizada para examinar, precisamente, la actividad de \u00a0las bandas criminales emergentes que all\u00ed operaban. \u00a0\u00a0<\/p>\n<p>\u00a0 \u00a0\u00a0 \u00a0\u00a0 \u00a0Para \u00a0 \u00a0la \u00a0 \u00a0Sala, \u00a0 \u00a0las \u00a0 \u00a0razones \u00a0 \u00a0expresadas \u00a0 en \u00a0la \u00a0solicitud \u00a0son suficientes para \u00a0ordenar \u00a0el \u00a0cambio \u00a0de \u00a0radicaci\u00f3n, pues de ellas surge de manera di\u00e1fana \u00a0que la seguridad o integridad \u00a0de \u00a0 \u00a0los \u00a0 \u00a0 \u00a0 funcionarios \u00a0 \u00a0 \u00a0 \u00a0 judiciales \u00a0 \u00a0 que \u00a0 \u00a0 asumir\u00e1n \u00a0el \u00a0tr\u00e1mite del juicio, \u00a0as\u00ed \u00a0como \u00a0la \u00a0de \u00a0los testigos que \u00a0rendir\u00e1n \u00a0declaraci\u00f3n durante la respectiva audiencia p\u00fablica est\u00e1 en serio \u00a0riesgo. \u00a0\u00a0<\/p>\n<p>\u00a0 \u00a0\u00a0 \u00a0\u00a0 \u00a0En \u00a0efecto, \u00a0en \u00a0la \u00a0resoluci\u00f3n \u00a0de acusaci\u00f3n proferida el 23 de \u00a0diciembre \u00a0de \u00a02008 \u00a0la \u00a0Fiscal \u00a0Especializada de la Unidad Nacional de Derechos \u00a0Humanos \u00a0y \u00a0Derecho \u00a0Internacional \u00a0Humanitario, \u00a0al \u00a0examinar \u00a0la \u00a0declaraci\u00f3n \u00a0rendida \u00a0en el curso de la instrucci\u00f3n por \u00a0 \u00a0CARLOS \u00a0 \u00a0ALBERTO \u00a0 TRAVECEDO \u00a0D\u00c1VILA, \u00a0destac\u00f3 c\u00f3mo \u00a0este \u00a0sujeto admiti\u00f3 que la muerte de la funcionaria del C.T.I. obedeci\u00f3 a las \u00a0investigaciones \u00a0que ven\u00eda adelantando contra empleados de la propia Fiscal\u00eda, \u00a0as\u00ed \u00a0 como \u00a0 contra \u00a0narcotraficantes \u00a0y \u00a0miembros \u00a0de \u00a0la \u00a0agrupaci\u00f3n \u00a0\u201cLos \u00a0Mellizos\u201d \u00a0 \u00a0 y \u00a0 \u00a0 manifest\u00f3 \u00a0 \u00a0 que \u00a0 la \u00a0fotograf\u00eda \u00a0a \u00a0trav\u00e9s \u00a0de \u00a0la \u00a0cual \u00a0los \u00a0sicarios \u00a0la \u00a0identificaron \u00a0fue \u00a0tomada al interior del propio organismo oficial en menci\u00f3n. \u00a0\u00a0<\/p>\n<p>\u00a0 \u00a0\u00a0 \u00a0\u00a0 \u00a0Surge \u00a0 as\u00ed \u00a0 demostrada \u00a0 la \u00a0 alta \u00a0capacidad \u00a0 delictiva \u00a0 de \u00a0 la \u00a0organizaci\u00f3n \u00a0que \u00a0orden\u00f3 \u00a0la \u00a0muerte \u00a0de \u00a0la \u00a0investigadora \u00a0 Judith \u00a0Farides \u00a0\u00c1lvarez \u00a0Hern\u00e1ndez \u00a0y \u00a0su \u00a0alto \u00a0poder \u00a0de \u00a0penetraci\u00f3n \u00a0 en \u00a0 las \u00a0 esferas \u00a0 oficiales \u00a0de \u00a0la \u00a0ciudad \u00a0de \u00a0Santa \u00a0Marta, \u00a0circunstancias \u00a0que \u00a0perturban \u00a0el \u00a0normal \u00a0desempe\u00f1o \u00a0de la administraci\u00f3n de \u00a0justicia, \u00a0tornando \u00a0as\u00ed \u00a0imperioso \u00a0sustraer \u00a0las \u00a0actuaciones \u00a0procesales \u00a0en \u00a0cuesti\u00f3n \u00a0del \u00a0\u00e1rea \u00a0de influencia de dicha agrupaci\u00f3n para trasladarlas a un \u00a0lugar \u00a0en \u00a0el \u00a0cual sus alcances criminales no puedan afectar a los funcionarios \u00a0judiciales \u00a0que \u00a0intervengan \u00a0en \u00a0el tr\u00e1mite del juzgamiento ni a quienes deban \u00a0declarar en el curso de la audiencia p\u00fablica.\u00a0 \u00a0\u00a0<\/p>\n<p>\u00a0 \u00a0\u00a0 \u00a0\u00a0 \u00a0Es \u00a0de \u00a0anotar que si bien normativamente el cambio de radicaci\u00f3n \u00a0solamente \u00a0opera \u00a0para \u00a0proteger la seguridad de los sujetos procesales y de los \u00a0funcionarios \u00a0p\u00fablicos, \u00a0la \u00a0Sala \u00a0ha \u00a0sostenido \u00a0que \u00a0tambi\u00e9n se extiende, en \u00a0ciertos \u00a0 casos, \u00a0 a \u00a0los \u00a0testigos. \u00a0Al \u00a0efecto \u00a0en \u00a0decisi\u00f3n \u00a0 del \u00a0 13 \u00a0 de \u00a0 diciembre \u00a0 de \u00a0 20051 \u00a0 \u00a0 se \u00a0 \u00a0 expres\u00f3 \u00a0 \u00a0lo \u00a0siguiente: \u00a0\u00a0<\/p>\n<p>\u201c\u2026 \u00a0no \u00a0hay \u00a0duda \u00a0que \u00a0facilitar \u00a0la \u00a0participaci\u00f3n \u00a0de \u00a0los \u00a0testigos \u00a0en \u00a0un \u00a0proceso \u00a0significa defender los altos \u00a0intereses \u00a0de \u00a0la \u00a0justicia, \u00a0en lo que igualmente est\u00e1 involucrado el inter\u00e9s \u00a0p\u00fablico, \u00a0 como \u00a0 que \u00a0 garantizar \u00a0esa \u00a0intervenci\u00f3n \u00a0fortalece \u00a0el \u00a0adecuado \u00a0juzgamiento de los ciudadanos\u201d. \u00a0\u00a0<\/p>\n<p>\u00a0 \u00a0\u00a0 \u00a0 \u00a0En \u00a0consecuencia, \u00a0se \u00a0ordenar\u00e1 \u00a0el \u00a0cambio de radicaci\u00f3n de los \u00a0procesos \u00a0 en \u00a0 los \u00a0 cuales \u00a0se \u00a0profiri\u00f3 \u00a0resoluci\u00f3n \u00a0de \u00a0acusaci\u00f3n \u00a0contra \u00a0DEIVIS \u00a0 \u00a0DAVID \u00a0 \u00a0MEJ\u00cdA \u00a0 MART\u00cdNEZ, \u00a0LUIS EDGAR MEDINA FL\u00d3REZ, WILLIGTON \u00a0CASTA\u00d1EDA, \u00a0 HERNANDO \u00a0 ANTONIO \u00a0TOB\u00cdAS \u00a0MORENO \u00a0y \u00a0JIMMY \u00a0 \u00a0ALBERTO \u00a0 \u00a0GIRALDO \u00a0 \u00a0BARRIOS. \u00a0El cambio se dispondr\u00e1 a \u00a0 \u00a0 uno \u00a0 \u00a0 de \u00a0 \u00a0 los \u00a0 \u00a0juzgados \u00a0 \u00a0penales \u00a0 \u00a0del \u00a0 \u00a0circuito \u00a0especializados \u00a0de \u00a0la \u00a0ciudad de Bogot\u00e1. \u00a0\u00a0<\/p>\n<p>\u00a0 \u00a0\u00a0 \u00a0 \u00a0D\u00edgase, \u00a0finalmente, \u00a0que \u00a0la \u00a0solicitud \u00a0del \u00a0Ministerio P\u00fablico \u00a0encaminada \u00a0 a \u00a0 obtener \u00a0el \u00a0cambio \u00a0de \u00a0radicaci\u00f3n \u00a0respecto \u00a0\u201cde \u00a0todo \u00a0el \u00a0objeto del proceso\u201d, sin \u00a0importar \u00a0las distintas rupturas generadas con ocasi\u00f3n de los cierres parciales \u00a0que \u00a0se han presentado en el curso de la actuaci\u00f3n, no resulta procedente, pues \u00a0como \u00a0ha \u00a0tenido \u00a0oportunidad \u00a0de \u00a0se\u00f1alarlo la Sala en varias ocasiones, dicho \u00a0mecanismo \u00a0s\u00f3lo \u00a0es \u00a0viable \u00a0cuando \u00a0el \u00a0proceso \u00a0se \u00a0encuentra \u00a0en la etapa de \u00a0juzgamiento2. \u00a0\u00a0<\/p>\n<p>Si bien la Corte ha dicho que eventualmente \u00a0dicha \u00a0figura \u00a0puede \u00a0tener \u00a0lugar en la fase instructiva, ello s\u00f3lo opera como \u00a0una \u00a0excepci\u00f3n \u00a0y \u00a0cuando se trate del conocimiento de una solicitud de control \u00a0de \u00a0legalidad \u00a0de \u00a0una medida de aseguramiento por parte de un juez diferente al \u00a0competente \u00a0 \u00a0por \u00a0 \u00a0el \u00a0 \u00a0factor \u00a0 \u00a0territorial3, circunstancia no evidenciada \u00a0en esta ocasi\u00f3n. \u00a0\u00a0<\/p>\n<p>\u00a0 \u00a0\u00a0 \u00a0\u00a0 \u00a0En \u00a0el \u00a0presente \u00a0caso, \u00a0no \u00a0aparece \u00a0demostrado \u00a0que \u00a0actuaciones \u00a0distintas \u00a0a \u00a0aquellas \u00a0respecto \u00a0de \u00a0las \u00a0cuales \u00a0se \u00a0ordenar\u00e1 \u00a0el \u00a0cambio \u00a0de \u00a0radicaci\u00f3n \u00a0 \u00a0 \u00a0se \u00a0 \u00a0 encuentren \u00a0 \u00a0 con \u00a0 \u00a0 resoluci\u00f3n \u00a0 \u00a0 de \u00a0 \u00a0 acusaci\u00f3n \u00a0ejecutoriada. \u00a0\u00a0<\/p>\n<p>En m\u00e9rito de lo expuesto, la Corte Suprema \u00a0de Justicia, Sala de Casaci\u00f3n Penal, \u00a0\u00a0<\/p>\n<p>RESUELVE: \u00a0<\/p>\n<p>1. \u00a0ORDENAR el \u00a0cambio \u00a0de \u00a0radicaci\u00f3n de las actuaciones procesales \u00a0en \u00a0las cuales se profiri\u00f3 \u00a0resoluci\u00f3n \u00a0de acusaci\u00f3n contra DEIVIS DAVID MEJ\u00cdA \u00a0MART\u00cdNEZ, \u00a0 LUIS \u00a0EDGAR \u00a0MEDINA \u00a0 FL\u00d3REZ, \u00a0 WILLIGTON \u00a0 CASTA\u00d1EDA, \u00a0 HERNANDO \u00a0ANTONIO \u00a0TOB\u00cdAS \u00a0MORENO \u00a0y \u00a0JIMMY \u00a0ALBERTO GIRALDO \u00a0BARRIOS, \u00a0del \u00a0Distrito Judicial de Santa Marta al de \u00a0Bogot\u00e1. \u00a0\u00a0<\/p>\n<p>\u00a0 \u00a0\u00a0 \u00a0 \u00a02. \u00a0ASIGNAR \u00a0el conocimiento de dichos \u00a0procesos \u00a0a \u00a0los \u00a0Juzgados \u00a0Penales del Circuito Especializados de Bogot\u00e1, para \u00a0cuyo \u00a0 efecto \u00a0 la \u00a0 autoridad \u00a0 judicial \u00a0 respectiva \u00a0 los \u00a0 remitir\u00e1 \u00a0 a \u00a0la \u00a0oficina de reparto de los \u00a0mencionados juzgados. \u00a0\u00a0<\/p>\n<p>Contra \u00a0 esta \u00a0 decisi\u00f3n \u00a0 no \u00a0 procede \u00a0recurso \u00a0 \u00a0 alguno. \u00a0\u00a0<\/p>\n<p>C\u00f3piese, \u00a0comun\u00edquese \u00a0y \u00a0c\u00famplase. \u00a0\u00a0<\/p>\n<p>JULIO \u00a0ENRIQUE\u00a0 \u00a0SOCHA\u00a0 SALAMANCA \u00a0\u00a0<\/p>\n<p>Permiso \u00a0<\/p>\n<p>JOS\u00c9 \u00a0LEONIDAS BUSTOS \u00a0MART\u00cdNEZ\u00a0\u00a0\u00a0\u00a0\u00a0\u00a0\u00a0\u00a0\u00a0\u00a0\u00a0\u00a0\u00a0\u00a0\u00a0\u00a0 \u00a0SIGIFREDO \u00a0ESPINOSA P\u00c9REZ\u00a0\u00a0\u00a0\u00a0\u00a0\u00a0\u00a0\u00a0\u00a0\u00a0 \u00a0\u00a0<\/p>\n<p>ALFREDO \u00a0 \u00a0 \u00a0 \u00a0 \u00a0 G\u00d3MEZ \u00a0QUINTERO\u00a0\u00a0\u00a0\u00a0\u00a0\u00a0 \u00a0MAR\u00cdA \u00a0DEL \u00a0ROSARIO \u00a0GONZ\u00c1LEZ DE \u00a0LEMOS\u00a0\u00a0\u00a0\u00a0\u00a0\u00a0\u00a0\u00a0\u00a0\u00a0\u00a0\u00a0\u00a0 \u00a0\u00a0<\/p>\n<p>AUGUSTO \u00a0J. \u00a0IB\u00c1\u00d1EZ \u00a0GUZM\u00c1N\u00a0\u00a0\u00a0\u00a0\u00a0\u00a0\u00a0\u00a0\u00a0\u00a0\u00a0\u00a0\u00a0\u00a0\u00a0\u00a0\u00a0\u00a0\u00a0\u00a0\u00a0\u00a0\u00a0\u00a0\u00a0 \u00a0JORGE \u00a0 \u00a0 \u00a0 \u00a0 \u00a0 \u00a0 \u00a0 \u00a0 \u00a0 \u00a0 \u00a0 \u00a0 \u00a0 \u00a0 \u00a0 \u00a0LUIS \u00a0 \u00a0 \u00a0 \u00a0 \u00a0 \u00a0 \u00a0 \u00a0 \u00a0 \u00a0 \u00a0 \u00a0 \u00a0 \u00a0 \u00a0 QUINTERO \u00a0MILAN\u00c9S\u00a0\u00a0\u00a0\u00a0\u00a0\u00a0\u00a0\u00a0\u00a0\u00a0\u00a0\u00a0\u00a0\u00a0\u00a0\u00a0 \u00a0\u00a0<\/p>\n<p>\u00a0 \u00a0\u00a0 \u00a0 \u00a0\u00a0\u00a0\u00a0\u00a0\u00a0\u00a0\u00a0\u00a0\u00a0\u00a0\u00a0\u00a0\u00a0\u00a0\u00a0\u00a0\u00a0\u00a0\u00a0\u00a0\u00a0\u00a0\u00a0\u00a0\u00a0 \u00a0\u00a0<\/p>\n<p>YESID \u00a0 \u00a0 \u00a0 \u00a0 \u00a0 RAM\u00cdREZ \u00a0BASTIDAS\u00a0\u00a0\u00a0\u00a0\u00a0\u00a0\u00a0\u00a0\u00a0\u00a0\u00a0\u00a0\u00a0\u00a0\u00a0\u00a0\u00a0\u00a0\u00a0\u00a0\u00a0\u00a0\u00a0\u00a0\u00a0\u00a0\u00a0\u00a0\u00a0\u00a0\u00a0\u00a0\u00a0\u00a0\u00a0\u00a0 \u00a0 \u00a0 \u00a0JAVIER \u00a0 \u00a0 ZAPATA \u00a0ORT\u00cdZ \u00a0\u00a0<\/p>\n<p>Excusa justificada \u00a0<\/p>\n<p>\u00a0\u00a0\u00a0\u00a0\u00a0\u00a0\u00a0\u00a0\u00a0\u00a0 \u00a0TERESA \u00a0 \u00a0 \u00a0RUIZ \u00a0N\u00da\u00d1EZ \u00a0\u00a0<\/p>\n<p>\u00a0\u00a0\u00a0\u00a0\u00a0\u00a0\u00a0\u00a0\u00a0\u00a0\u00a0\u00a0\u00a0\u00a0\u00a0 \u00a0Secretaria \u00a0 \u00a0\u00a0<\/p>\n<p>1 \u00a0Radicaci\u00f3n 24490. \u00a0\u00a0<\/p>\n<p>2 \u00a0Cfr. \u00a0Corte \u00a0Suprema \u00a0de \u00a0Justicia, \u00a0Sala \u00a0de \u00a0Casaci\u00f3n \u00a0Penal, \u00a0auto \u00a0del \u00a025 de abril de 2007, radicado \u00a027.060. \u00a0\u00a0<\/p>\n<p>3 \u00a0Cfr. \u00a0Autos \u00a0del \u00a028 \u00a0de \u00a0noviembre \u00a0 de \u00a0 2007, \u00a0 ya \u00a0citado, \u00a0y \u00a0del \u00a012 \u00a0de \u00a0junio \u00a0de \u00a02008, \u00a0radicado \u00a029.995. \u00a0 \u00a0\u00a0<\/p>\n<p><\/p>\n","protected":false},"excerpt":{"rendered":"<p>\u00a0 \u00a0 \u00a0\u00a0 Proceso No 31493 \u00a0 CORTE SUPREMA DE JUSTICIA \u00a0 SALA DE CASACI\u00d3N PENAL \u00a0 \u00a0 \u00a0\u00a0 \u00a0\u00a0 \u00a0\u00a0 \u00a0 \u00a0 \u00a0 \u00a0 \u00a0\u00a0 Magistrada Ponente: \u00a0 MAR\u00cdA \u00a0 DEL \u00a0 ROSARIO \u00a0 GONZ\u00c1LEZ \u00a0 DE \u00a0LEMOS \u00a0\u00a0 Aprobado acta N\u00b0 110. \u00a0 Bogot\u00e1, D. C., catorce (14) de abril de dos \u00a0mil [&hellip;]<\/p>\n","protected":false},"author":1,"featured_media":0,"comment_status":"open","ping_status":"open","sticky":false,"template":"","format":"standard","meta":{"footnotes":""},"categories":[17],"tags":[],"class_list":["post-18863","post","type-post","status-publish","format-standard","hentry","category-17"],"_links":{"self":[{"href":"https:\/\/dmsjuridica.com\/buscador_20179478954\/salapenalcronologico20230723\/wp-json\/wp\/v2\/posts\/18863","targetHints":{"allow":["GET"]}}],"collection":[{"href":"https:\/\/dmsjuridica.com\/buscador_20179478954\/salapenalcronologico20230723\/wp-json\/wp\/v2\/posts"}],"about":[{"href":"https:\/\/dmsjuridica.com\/buscador_20179478954\/salapenalcronologico20230723\/wp-json\/wp\/v2\/types\/post"}],"author":[{"embeddable":true,"href":"https:\/\/dmsjuridica.com\/buscador_20179478954\/salapenalcronologico20230723\/wp-json\/wp\/v2\/users\/1"}],"replies":[{"embeddable":true,"href":"https:\/\/dmsjuridica.com\/buscador_20179478954\/salapenalcronologico20230723\/wp-json\/wp\/v2\/comments?post=18863"}],"version-history":[{"count":0,"href":"https:\/\/dmsjuridica.com\/buscador_20179478954\/salapenalcronologico20230723\/wp-json\/wp\/v2\/posts\/18863\/revisions"}],"wp:attachment":[{"href":"https:\/\/dmsjuridica.com\/buscador_20179478954\/salapenalcronologico20230723\/wp-json\/wp\/v2\/media?parent=18863"}],"wp:term":[{"taxonomy":"category","embeddable":true,"href":"https:\/\/dmsjuridica.com\/buscador_20179478954\/salapenalcronologico20230723\/wp-json\/wp\/v2\/categories?post=18863"},{"taxonomy":"post_tag","embeddable":true,"href":"https:\/\/dmsjuridica.com\/buscador_20179478954\/salapenalcronologico20230723\/wp-json\/wp\/v2\/tags?post=18863"}],"curies":[{"name":"wp","href":"https:\/\/api.w.org\/{rel}","templated":true}]}}