{"id":18779,"date":"2023-09-11T19:44:47","date_gmt":"2023-09-11T19:44:47","guid":{"rendered":"https:\/\/dmsjuridica.com\/buscador_20179478954\/salapenalcronologico20230723\/2023\/09\/11\/3140212-03-09\/"},"modified":"2023-09-11T19:44:47","modified_gmt":"2023-09-11T19:44:47","slug":"3140212-03-09","status":"publish","type":"post","link":"https:\/\/dmsjuridica.com\/buscador_20179478954\/salapenalcronologico20230723\/2023\/09\/11\/3140212-03-09\/","title":{"rendered":"31402(12-03-09)"},"content":{"rendered":"\n<p>\u00a0 \u00a0 Proceso No 31402 \u00a0<\/p>\n<p>CORTE SUPREMA DE JUSTICIA \u00a0<\/p>\n<p>SALA DE CASACI\u00d3N PENAL \u00a0<\/p>\n<p>\u00a0 \u00a0\u00a0 \u00a0\u00a0 \u00a0\u00a0 \u00a0\u00a0 \u00a0 \u00a0 \u00a0 \u00a0 \u00a0 \u00a0\u00a0 \u00a0Magistrado Ponente: \u00a0\u00a0<\/p>\n<p>\u00a0 \u00a0\u00a0 \u00a0\u00a0 \u00a0\u00a0 \u00a0\u00a0 \u00a0 \u00a0 \u00a0 \u00a0 \u00a0 \u00a0\u00a0 \u00a0JULIO ENRIQUE SOCHA SALAMANCA \u00a0\u00a0<\/p>\n<p>\u00a0 \u00a0\u00a0 \u00a0\u00a0 \u00a0\u00a0 \u00a0\u00a0 \u00a0 \u00a0 \u00a0 \u00a0 \u00a0 \u00a0\u00a0 \u00a0Aprobado Acta No. 76 \u00a0\u00a0<\/p>\n<p>Bogot\u00e1, D. C., doce (12) de marzo de dos mil \u00a0nueve (2009). \u00a0\u00a0<\/p>\n<p>VISTOS \u00a0<\/p>\n<p>La \u00a0Sala resuelve la solicitud presentada por \u00a0un \u00a0Fiscal \u00a0Delegado ante la Corte Suprema de Justicia para que ordene el cambio \u00a0de \u00a0radicaci\u00f3n \u00a0del proceso penal adelantado en contra de LUIS FERNANDO ALMARIO \u00a0ROJAS, \u00a0dentro \u00a0del \u00a0cual \u00a0fue \u00a0acusado\u00a0 \u00a0como \u00a0determinador \u00a0del delito de \u00a0homicidio agravado. \u00a0\u00a0<\/p>\n<p>ANTECEDENTES \u00a0<\/p>\n<p>1. \u00a0 \u00a0En \u00a0 la \u00a0investigaci\u00f3n \u00a0penal \u00a0adelantada \u00a0en \u00a0contra \u00a0del ex Representante a la C\u00e1mara \u00a0Luis \u00a0Fernando \u00a0Almario \u00a0Rojas, \u00a0la \u00a0Unidad de Fiscal\u00edas Delegada ante la Corte \u00a0Suprema \u00a0de \u00a0Justicia, mediante resoluci\u00f3n de 20 de octubre del 2008, lo acus\u00f3 \u00a0por \u00a0el \u00a0delito \u00a0de \u00a0homicidio \u00a0agravado \u00a0del cual fueron v\u00edctimas Diego Turbay \u00a0Cote, \u00a0In\u00e9s \u00a0Cote de Turbay las cinco personas que acompa\u00f1aban a \u00e9stas, entre \u00a0quienes \u00a0se \u00a0encontraba \u00a0el \u00a0arquitecto \u00a0Jaime Pe\u00f1a Cabrera, los escoltas de la \u00a0Polic\u00eda \u00a0Nacional \u00a0Edwin \u00a0Angarita \u00a0Alarc\u00f3n, \u00a0Hail Bejarano y el conductor del \u00a0doctor \u00a0Turbay \u00a0Cote, \u00a0Rafael \u00a0Ocasiones \u00a0Llanos, \u00a0en \u00a0hechos \u00a0ocurridos \u00a0en \u00a0la \u00a0carretera \u00a0que \u00a0comunica la ciudad de Florencia con el municipio de Puerto Rico, \u00a0Caquet\u00e1, \u00a0en donde fueron interceptados por integrantes de los Frentes XIV y XV \u00a0de \u00a0las \u00a0FARC EP, quienes despu\u00e9s de obligar a parar el veh\u00edculo en el cual se \u00a0movilizaban, \u00a0los \u00a0hicieron \u00a0bajar del mismo, propin\u00e1ndoles tiros de gracia que \u00a0les ocasionaron la muerte. \u00a0\u00a0<\/p>\n<p>\u00a0 \u00a0 \u00a0 \u00a0 \u00a0<\/p>\n<p>2. Esta decisi\u00f3n fue \u00a0confirmada \u00a0por \u00a0el se\u00f1or Vicefiscal General de la Naci\u00f3n mediante providencia \u00a0de \u00a025 \u00a0de \u00a0febrero \u00a0de \u00a02009, \u00a0por \u00a0medio \u00a0de \u00a0la \u00a0cual resolvi\u00f3 el recurso de \u00a0apelaci\u00f3n interpuesto por LUIS FERNANDO ALMARIO ROJAS. \u00a0\u00a0<\/p>\n<p>3. El Fiscal Delegado \u00a0ante \u00a0la \u00a0Corte, con fundamento en lo dispuesto en el art\u00edculo 85 de la Ley 600 \u00a0de \u00a02000, \u00a0solicita \u00a0se \u00a0ordene el cambio de radicaci\u00f3n del proceso para que la \u00a0fase \u00a0del \u00a0juicio \u00a0se \u00a0adelante \u00a0por un Juez Penal del Circuito Especializado de \u00a0Bogot\u00e1. \u00a0En \u00a0tal \u00a0sentido afirma que la medida solicitada es necesaria para (i) \u00a0garantizar \u00a0la imparcialidad de la administraci\u00f3n de justicia; (ii) \u00a0 es \u00a0razonable \u00a0como \u00a0 \u00fanico \u00a0medio \u00a0de \u00a0evitar \u00a0la \u00a0afectaci\u00f3n \u00a0de \u00a0garant\u00edas \u00a0 \u00a0 procesales; \u00a0 \u00a0 (iii) \u00a0 \u00a0el \u00a0 \u00a0trato \u00a0 \u00a0desigual \u00a0 \u00a0no \u00a0 sacrifica \u00a0 valores \u00a0 y \u00a0 principios \u00a0constitucionales \u00a0como \u00a0el \u00a0debido proceso, y el derecho de defensa, frente a la \u00a0eficacia e imparcialidad de la funci\u00f3n judicial. \u00a0\u00a0<\/p>\n<p>4. \u00a0Para fundamentar \u00a0su petici\u00f3n aport\u00f3 copia de: \u00a0\u00a0<\/p>\n<p>4.1. \u00a0La \u00a0solicitud \u00a0anterior \u00a0de \u00a0cambio \u00a0de \u00a0radicaci\u00f3n. \u00a0\u00a0<\/p>\n<p>4.2. \u00a0Las \u00a0declaraciones \u00a0rendidas \u00a0por Edwin \u00a0Robert \u00a0 \u00a0Cardona, \u00a0 \u00a0Jorge \u00a0 \u00a0Calder\u00f3n \u00a0 \u00a0Perdomo, \u00a0 \u00a0Pablo \u00a0 Adriano \u00a0 Mu\u00f1oz \u00a0Parra. \u00a0\u00a0<\/p>\n<p>4.3. La resoluci\u00f3n de acusaci\u00f3n dictada por \u00a0la \u00a0Fiscal\u00eda Delegada ante la Corte Suprema de Justicia y de la providencia por \u00a0medio de la cual el Vicefiscal General de la Naci\u00f3n la confirm\u00f3. \u00a0\u00a0<\/p>\n<p>4.4. \u00a0El \u00a0informe \u00a0ejecutivo \u00a0de la Directora \u00a0Seccional \u00a0de \u00a0Fiscal\u00edas \u00a0de Florencia acerca de la investigaci\u00f3n que adelanta \u00a0por \u00a0la muerte violenta del se\u00f1or Jorge Hernando Calder\u00f3n Perdomo, ocurrida el \u00a014 \u00a0de \u00a0febrero \u00a0de \u00a0la \u00a0presente \u00a0anualidad \u00a0en \u00a0el \u00a0municipio \u00a0de Puerto Rico, \u00a0Caquet\u00e1, en donde fue alcalde. \u00a0\u00a0<\/p>\n<p>CONSIDERACIONES \u00a0<\/p>\n<p>1. \u00a0La \u00a0Sala \u00a0de \u00a0Casaci\u00f3n \u00a0Penal \u00a0de la Corte Suprema de Justicia es competente para resolver la \u00a0solicitud \u00a0de \u00a0cambio \u00a0de \u00a0radicaci\u00f3n \u00a0presentada \u00a0por \u00a0la Unidad de Fiscal\u00edas \u00a0Delegadas \u00a0ante \u00a0esta \u00a0Corporaci\u00f3n, de acuerdo con lo dispuesto en el art\u00edculo \u00a075 \u00a0de \u00a0la \u00a0Ley \u00a0600 de 2000, teniendo en cuenta que pretende el traslado a otro \u00a0distrito \u00a0judicial \u00a0de \u00a0un \u00a0asunto \u00a0que \u00a0le corresponde conocer al Juez Penal de \u00a0Circuito Especializado de Florencia, Caquet\u00e1. \u00a0\u00a0<\/p>\n<p>En anterior oportunidad esta Sala de la Corte \u00a0accedi\u00f3 \u00a0a \u00a0similar \u00a0solicitud, \u00a0sin \u00a0embargo, \u00a0debe precisarse que la misma se \u00a0circunscribi\u00f3 \u00a0al \u00a0cambio \u00a0de radicaci\u00f3n para resolver la petici\u00f3n de control \u00a0de \u00a0legalidad \u00a0de \u00a0la \u00a0medida \u00a0de aseguramiento impuesta a LUIS FERNANDO ALMARIO \u00a0ROJAS \u00a0por \u00a0la Fiscal\u00eda General de la Naci\u00f3n, circunstancia que no inhibe a la \u00a0Sala \u00a0para \u00a0resolver \u00a0la \u00a0nueva \u00a0petici\u00f3n de cambio de radicaci\u00f3n, teniendo en \u00a0cuenta \u00a0que \u00a0ahora \u00a0la \u00a0Fiscal\u00eda \u00a0persigue \u00a0que \u00a0sea un Juez Penal del Circuito \u00a0Especializado \u00a0de \u00a0Bogot\u00e1, \u00a0quien \u00a0contin\u00fae \u00a0con adelantamiento de la fase del \u00a0juicio. \u00a0\u00a0<\/p>\n<p>2. De acuerdo con el \u00a0art\u00edculo \u00a085 \u00a0de \u00a0la \u00a0ley 600 de 2000, el cambio de radicaci\u00f3n es un mecanismo \u00a0jur\u00eddico \u00a0establecido \u00a0legalmente como una excepci\u00f3n a la cl\u00e1usula general de \u00a0competencia \u00a0determinada \u00a0por \u00a0el \u00a0factor \u00a0territorial, cuando est\u00e9 debidamente \u00a0probado \u00a0que \u00a0en \u00a0el lugar donde se adelanta el proceso concurren circunstancias \u00a0que \u00a0pueden alterar el orden p\u00fablico, la imparcialidad o la independencia de la \u00a0administraci\u00f3n \u00a0de \u00a0justicia, \u00a0las \u00a0garant\u00edas \u00a0procesales, \u00a0la \u00a0publicidad del \u00a0juzgamiento \u00a0y la seguridad o integridad personal de los sujetos procesales o de \u00a0los funcionarios judiciales. \u00a0\u00a0<\/p>\n<p>La \u00a0finalidad \u00a0de dicha medida es proteger la \u00a0actuaci\u00f3n \u00a0de \u00a0acontecimientos \u00a0que \u00a0incidan en su desarrollo, asegurando a los \u00a0intervinientes \u00a0y a la sociedad que el fallo ser\u00e1 proferido por un juez que, de \u00a0acuerdo \u00a0con \u00a0su \u00a0ubicaci\u00f3n \u00a0geogr\u00e1fica, es ajeno a los mismos garantizando la \u00a0recta, cumplida y eficaz administraci\u00f3n de justicia. \u00a0\u00a0<\/p>\n<p>En \u00a0consecuencia, \u00a0como \u00a0reiteradamente lo ha \u00a0precisado \u00a0la \u00a0jurisprudencia \u00a0de \u00a0la \u00a0Sala, \u00a0los \u00a0motivos \u00a0que \u00a0fundamentan \u00a0la \u00a0solicitud \u00a0deben estar demostrados o comprobarse objetivamente en la actuaci\u00f3n, \u00a0de \u00a0manera \u00a0que \u00a0faciliten \u00a0el \u00a0juicio \u00a0de \u00a0valor \u00a0acerca \u00a0de si el proceso debe \u00a0culminar \u00a0en \u00a0el \u00a0sitio \u00a0donde se adelanta, o si, por el contrario, se presentan \u00a0circunstancias \u00a0externas \u00a0que inciden en su desarrollo, la rectitud del juicio y \u00a0la transparencia de la administraci\u00f3n de justicia. \u00a0\u00a0<\/p>\n<p>3. En el caso que se \u00a0examina \u00a0debe \u00a0tenerse en cuenta que los hechos por los cuales es procesado LUIS \u00a0FERNANDO \u00a0ALMARIO \u00a0ROJAS \u00a0se \u00a0relacionan \u00a0con \u00a0su \u00a0probable relaci\u00f3n con grupos \u00a0guerrilleros \u00a0y de paramilitares que operan en el departamento de Caquet\u00e1, pues \u00a0de \u00a0acuerdo \u00a0con \u00a0la \u00a0resoluci\u00f3n de acusaci\u00f3n, \u00e9l sedujo a los integrantes de \u00a0las \u00a0FARC para que atentaran contra la vida del Representante a la C\u00e1mara Diego \u00a0Turbay \u00a0Cote \u00a0y \u00a0la \u00a0se\u00f1ora \u00a0In\u00e9s \u00a0Cote \u00a0de \u00a0Turbay, \u00a0lo que ocurri\u00f3 el 29 de \u00a0diciembre \u00a0de 2000, cuando se dirig\u00edan a la posesi\u00f3n del alcalde del municipio \u00a0de \u00a0Puerto Rico, a quien les atribu\u00eda haber facilitado que a dicho departamento \u00a0arribaran \u00a0grupos \u00a0de \u00a0autodefensa, \u00a0hechos \u00a0en \u00a0los \u00a0que \u00a0tambi\u00e9n murieron las \u00a0personas que los acompa\u00f1aban. \u00a0\u00a0<\/p>\n<p>En \u00a0este sentido, la Fiscal\u00eda en resoluci\u00f3n \u00a0de acusaci\u00f3n puntualiza lo siguiente: \u00a0\u00a0<\/p>\n<p>\u201cSobre \u00a0los \u00a0m\u00f3viles \u00a0de \u00a0los cr\u00edmenes se \u00a0estableci\u00f3 \u00a0desde \u00a0el \u00a0inicio \u00a0de \u00a0la \u00a0investigaci\u00f3n, su car\u00e1cter pol\u00edtico y \u00a0revela \u00a0la \u00a0conciencia \u00a0de \u00a0causar \u00a0y \u00a0difundir zozobra y temor dentro del grupo \u00a0poblacional \u00a0referido, \u00a0al \u00a0punto \u00a0que \u00a0las \u00a0acciones \u00a0armadas \u00a0en contra de los \u00a0seguidores \u00a0del \u00a0movimiento \u00a0Turbayista no se detuvieron, y se implementaron los \u00a0asesinatos \u00a0selectivos \u00a0a los miembros de este grupo pol\u00edtico, donde se cuentan \u00a0los \u00a0decesos \u00a0del \u00a0Alcalde \u00a0del \u00a0Municipio de Puerto Rico Caquet\u00e1 Jos\u00e9 Lizardo \u00a0D\u00edaz, \u00a0de \u00a0los Concejales y Diputados a la Asamblea (sic) Andr\u00e9s P\u00e1ez Moreno, \u00a0y \u00a0el \u00a0desplazamiento y amenaza a los seguidores y simpatizantes del liberalismo \u00a0oficialista, \u00a0como \u00a0dan \u00a0cuenta \u00a0las \u00a0pruebas \u00a0trasladadas \u00a0de \u00a0las \u00a0respectivas \u00a0denuncias de periodistas, taxistas y comerciantes\u201d \u00a0\u00a0<\/p>\n<p>\u201c[\u2026] \u00a0<\/p>\n<p>\u201cA \u00a0folios \u00a0217 a 233 del cuaderno original \u00a0No. \u00a07, obra la declaraci\u00f3n de Gerardo Aguirre Ballesteros, de las imputaciones \u00a0directas \u00a0que \u00a0hace \u00a0el \u00a0declarante \u00a0en \u00a0torno \u00a0a \u00a0la presunta determinaci\u00f3n de \u00a0Almario \u00a0Rojas, \u00a0en \u00a0las \u00a0muertes \u00a0violentas \u00a0investigadas en dicho radicado han \u00a0servido \u00a0no \u00a0s\u00f3lo \u00a0de \u00a0sustento a la Sala Penal de la Corte Suprema de Justicia \u00a0para \u00a0iniciar \u00a0la \u00a0respectiva \u00a0instrucci\u00f3n, sino tambi\u00e9n como medio de prueba, \u00a0aunado \u00a0a \u00a0otros \u00a0que m\u00e1s adelante se analizar\u00e1n, sustento de la actual medida \u00a0de \u00a0aseguramiento \u00a0de \u00a0detenci\u00f3n \u00a0preventiva \u00a0impuesta. \u00a0Es as\u00ed como huelga de \u00a0manera \u00a0obligada \u00a0la \u00a0transcripci\u00f3n \u00a0de \u00a0la parte respectiva de la respuesta la \u00a0pregunta \u00a0que \u00a0realiza el Fiscal de la Unidad de Derechos Humanos, sobre si tuvo \u00a0conocimiento de los hechos del 29 de diciembre de 2000: \u00a0\u00a0<\/p>\n<p>&lt;&lt;Si tengo \u00a0conocimiento, \u00a0porque \u00a0fui testigo presencial de una conversaci\u00f3n que se dio en \u00a0Pe\u00f1as \u00a0Coloradas \u00a0Bajo \u00a0Cagu\u00e1n, en la sala de la casa de (sic) puesto de salud \u00a0de \u00a0ese \u00a0corregimiento, \u00a0yo \u00a0estaba \u00a0a \u00a0ra\u00edz de ser presentado ante el camarada \u00a0FABI\u00c1N \u00a0RAM\u00cdREZ \u00a0por el camarada DARWIN GUAR\u00cdN alias el Guara hoy desertor de \u00a0las \u00a0FARC, \u00a0nos \u00a0encontr\u00e1bamos \u00a0d\u00e1ndole a FABI\u00c1N los detalles del costo y los \u00a0aspectos \u00a0t\u00e9cnicos \u00a0de \u00a0montaje \u00a0de \u00a0los \u00a0talleres \u00a0de mec\u00e1nica automotriz del \u00a0Frente \u00a014, \u00a0hab\u00edamos viajado desde la finca del miliciano MIGUEL jurisdicci\u00f3n \u00a0de \u00a0Cartagena \u00a0de \u00a0Chair\u00e1 \u00a0en \u00a0un \u00a0deslizador con los se\u00f1ores EDGAR CALDER\u00d3N, \u00a0JOS\u00c9 \u00a0 AGAT\u00d3N, \u00a0DARWIN \u00a0GUAR\u00cdN \u00a0y \u00a0la \u00a0escolta \u00a0personal \u00a0de \u00a0\u00e9l, \u00a0hasta \u00a0el \u00a0corregimiento \u00a0de pe\u00f1as coloradas (sic), despu\u00e9s subimos al puesto del m\u00e9dico \u00a0CRISTIAN \u00a0jefe del presupuesto de salud y despu\u00e9s de hablar y de ser presentado \u00a0con \u00a0el camarada FABI\u00c1N o\u00ed la conversaci\u00f3n referente sobre los TURBAY y yo no \u00a0fui \u00a0retirado \u00a0de \u00a0la sala, por que (sic) el GUARA, le dijo a FABI\u00c1N que \u00e9l me \u00a0conoc\u00eda \u00a0y \u00a0yo \u00a0era \u00a0de \u00a0absoluta confianza, me sent\u00e9 en la silla del corredor \u00a0junto \u00a0a \u00a0las \u00a0sillas \u00a0de \u00a0la \u00a0sala en las que estaban sentados EDGAR CALDER\u00d3N, \u00a0DARWIN \u00a0GUAR\u00cdN \u00a0y \u00a0FABI\u00c1N \u00a0RAM\u00cdREZ, \u00a0y o\u00ed lo siguiente (sic) vengo camarada, \u00a0vengo \u00a0de parte de mi jefe ALMARIO a tratar un tema muy delicado que es respecto \u00a0de \u00a0do\u00f1a \u00a0IN\u00c9S \u00a0COTE DE TURBAY de la cual tenemos informaci\u00f3n de que ella, la \u00a0vieja \u00a0fue \u00a0la \u00a0trajo a los parco (sci) al Caquet\u00e1 a Florencia, ella los trajo, \u00a0los \u00a0ubic\u00f3 \u00a0e \u00a0hizo contacto con los comerciantes y ganaderos de Florencia para \u00a0que \u00a0los \u00a0financiaran \u00a0y habl\u00f3 con amigos de ella de las fincas para que se las \u00a0prestaran \u00a0para \u00a0montar bases, todo esto porque ella cree que las FARC remataron \u00a0el \u00a0hijo o sea RODRIGO TURBAY, la vieja en el Caquet\u00e1 es la que manda (sic) los \u00a0hijos \u00a0son un par de t\u00edteres de ella, ella es la que dice quien es gobernador o \u00a0alcalde, \u00a0es el verdadero poder, por eso estamos FERNANDO y yo muy preocupados y \u00a0venimos \u00a0a \u00a0decirle \u00a0que medidas se pueden tomar, a esa vieja hay que matarla lo \u00a0dijo \u00a0EDGAR \u00a0CALDER\u00d3N a lo que FABI\u00c1N RAM\u00cdREZ contest\u00f3 hombre EDGAR todo eso \u00a0se \u00a0puede, \u00a0pero \u00a0d\u00e9jeme \u00a0hablar con mi jefe JOAQU\u00cdN G\u00d3MEZ y si las cosas son \u00a0as\u00ed \u00a0 la \u00a0miramos, \u00a0esto \u00a0es \u00a0lo \u00a0que \u00a0recuerdo \u00a0de \u00a0ese \u00a0episodio.&gt;&gt; \u00a0\u00a0<\/p>\n<p>\u201c[\u2026] \u00a0<\/p>\n<p>\u201cMas \u00a0adelante \u00a0se \u00a0le interroga a Aguirre \u00a0Ballesteros, \u00a0sobre el posterior inter\u00e9s de las FARC de atentar contra FERNANDO \u00a0ALMARIO, a lo cual manifest\u00f3: \u00a0\u00a0<\/p>\n<p>&lt;&lt;Dentro de \u00a0la \u00a0organizaci\u00f3n se manej\u00f3 la informaci\u00f3n que FERNANDO ALMARIO al sacar a los \u00a0TURBAY\u00a0 \u00a0de \u00a0la escena pol\u00edtica y ser un fort\u00edn pol\u00edtico Florencia y sus \u00a0pueblos \u00a0alrededores \u00a0todos ellos bajo el dominio paramilitar, tuvo que llegar a \u00a0un \u00a0acuerdo \u00a0con \u00a0ellos \u00a0para \u00a0que no lo mataran, de eso se dio cuenta el frente \u00a0tercero \u00a0 \u00a0 \u00a0 y \u00a0 \u00a0 \u00a0 por \u00a0 \u00a0 \u00a0 eso \u00a0 \u00a0 \u00a0 hizo \u00a0 \u00a0 \u00a0el \u00a0 \u00a0 \u00a0atentado&gt;&gt; \u00a0 folio \u00a0 231, \u00a0 del \u00a0C.A. \u00a0No. \u00a07. \u00a0\u00a0<\/p>\n<p>\u201cSobre \u00a0 los \u00a0posteriores \u00a0m\u00f3viles \u00a0del \u00a0atentando \u00a0a \u00a0Luis \u00a0Fernando \u00a0Almario Rojas por parte de las FARC, es importante \u00a0anotar \u00a0que \u00a0resulta \u00a0denominador \u00a0com\u00fan \u00a0en \u00a0los \u00a0testigos desmovilizados o ex \u00a0miembros \u00a0 de \u00a0 dicho \u00a0 grupo, \u00a0 el \u00a0se\u00f1alar \u00a0los \u00a0nexos \u00a0de \u00a0este \u00a0con \u00a0grupos \u00a0paramilitares\u00a0 \u00a0para \u00a0efectos \u00a0de \u00a0mantener \u00a0poder \u00a0pol\u00edtico en la zona de \u00a0Florencia \u00a0 caquet\u00e1 \u00a0 (sic) \u00a0 y \u00a0 otros \u00a0 municipios; \u00a0como \u00a0se \u00a0expondr\u00e1 \u00a0con \u00a0posterioridad\u201d.1 \u00a0\u00a0<\/p>\n<p>Y \u00a0acerca \u00a0de los nexos entre ALMARIO ROJAS y \u00a0las FARC, la misma providencia se\u00f1ala: \u00a0\u00a0<\/p>\n<p>\u201c\u2026 [S]on varios los testimonios dignos de \u00a0credibilidad \u00a0que \u00a0dan cuenta de la presencia de Luis Fernando Almario Rojas con \u00a0personas \u00a0de \u00a0la \u00a0Guerrilla \u00a0(sic) en la \u00e9poca de la zona de distensi\u00f3n, meses \u00a0antes \u00a0del \u00a0asesinato \u00a0de \u00a0la \u00a0familia \u00a0Turbay, \u00a0as\u00ed como del buen concepto que \u00a0ten\u00edan \u00a0del \u00a0ex \u00a0Representante \u00a0a \u00a0la \u00a0C\u00e1mara por parte del Grupo (sic) armado \u00a0ilegal como se pasa a exponer: \u00a0\u00a0<\/p>\n<p>\u201cDeclaraci\u00f3n \u00a0del \u00a0abogado \u00a0Henry Quintero \u00a0Camargo \u00a0rendida \u00a0ante \u00a0la \u00a0Sala \u00a0Penal de la Corte Suprema de Justicia el 21 de \u00a0enero \u00a0de 2008, quien estuvo presente en la reinstalaci\u00f3n de la PCH(2) del corregimiento de Guacamayas, dentro \u00a0del \u00a0presente \u00a0radicado, \u00a0en \u00a0donde \u00a0corrobora \u00a0lo expuesto por Alirio Calder\u00f3n \u00a0Perdomo \u00a0en \u00a0el \u00a0sentido \u00a0de \u00a0manifestar \u00a0la \u00a0presencia en dicho evento (zona de \u00a0distensi\u00f3n) \u00a0conjuntamente \u00a0con \u00a0miembros \u00a0de \u00a0la \u00a0guerrilla, \u00a0de Luis Fernando \u00a0Almario \u00a0Rojas \u00a0y el evidente disgusto que caus\u00f3 en el comisionado (sic) de Paz \u00a0V\u00edctor G. Ricardo, concretamente adujo: \u00a0\u00a0<\/p>\n<p>&lt;&lt; (\u2026) hay \u00a0un \u00a0incidente un poquito m\u00e1s de fondo, el doctor V\u00edctor G. de verdad se ofusco \u00a0(sic), \u00a0tanto que me pidi\u00f3,\u2026 o yo no me acuerdo a quien estaba\u2026 como que me \u00a0dijo\u2026 \u00a0el dijo: \u2018no esta \u00a0vaina \u00a0no \u00a0se \u00a0puede \u00a0seguir \u00a0yo \u00a0no \u00a0estoy de acuerdo con que le metan ambiente \u00a0pol\u00edtico \u00a0 \u00a0a \u00a0 \u00a0estas \u00a0 \u00a0cosas, \u00a0 \u00a0ese \u00a0 \u00a0no \u00a0 \u00a0es \u00a0 el \u00a0 inter\u00e9s\u2019 \u00a0 (\u2026) \u00a0&gt;&gt;\u201d3 \u00a0\u00a0<\/p>\n<p>Esta \u00a0 conclusi\u00f3n \u00a0 la \u00a0 afianz\u00f3 \u00a0con \u00a0la \u00a0declaraci\u00f3n \u00a0del \u00a0ex \u00a0alcalde \u00a0de \u00a0San \u00a0Vicente \u00a0del Cagu\u00e1n durante el periodo \u00a01998-2000, \u00a0Omar \u00a0Garc\u00eda \u00a0Castillo, \u00a0quien, \u00a0seg\u00fan \u00a0consigna la resoluci\u00f3n de \u00a0acusaci\u00f3n, \u00a0no \u00a0le consta que ALMARIO ROJAS haya pernoctado en el campamento de \u00a0las \u00a0FARC, pero s\u00ed es concordante respecto del incidente que gener\u00f3 disgusto a \u00a0V\u00edctor \u00a0G. Ricardo, porque \u00e9l [Garc\u00eda Castillo] cre\u00eda que los recursos de la \u00a0repotenciaci\u00f3n \u00a0hab\u00edan \u00a0sido \u00a0conseguidos \u00a0por \u00a0ALMARIO ROJAS, ante lo cual el \u00a0comisionado de paz le indic\u00f3 que eran del Gobierno. \u00a0\u00a0<\/p>\n<p>Lo \u00a0 anterior \u00a0 muestra \u00a0 como \u00a0 hecho \u00a0 de \u00a0trascendental \u00a0importancia \u00a0la influencia de las autodenominadas FARC en la vida \u00a0pol\u00edtica \u00a0del \u00a0Departamento \u00a0de \u00a0Caquet\u00e1 \u00a0auspiciando a algunos l\u00edderes de la \u00a0regi\u00f3n \u00a0y \u00a0encarg\u00e1ndose \u00a0de \u00a0la eliminaci\u00f3n de aquellos considerados como los \u00a0contendores \u00a0pol\u00edticos \u00a0de aquellos,\u00a0 quienes morbosamente les atribuyen a \u00a0\u00e9stos v\u00ednculos con grupos de extrema derecha (paramilitares). \u00a0\u00a0<\/p>\n<p>El \u00a0Vicefiscal \u00a0General \u00a0de \u00a0la \u00a0Naci\u00f3n \u00a0al \u00a0resolver \u00a0 el \u00a0recurso \u00a0de \u00a0apelaci\u00f3n \u00a0interpuesto \u00a0contra \u00a0la \u00a0resoluci\u00f3n \u00a0de \u00a0acusaci\u00f3n, se\u00f1al\u00f3 acerca de este t\u00f3pico lo siguiente: \u00a0\u00a0<\/p>\n<p>\u201cAl \u00a0declarar \u00a0ante \u00a0la \u00a0Corte \u00a0este \u00a0mismo \u00a0testigo \u00a0[V\u00edctor \u00a0G. \u00a0Ricardo], \u00a0fue \u00a0preguntado \u00a0si \u00a0ten\u00eda conocimiento sobre \u00a0relaciones \u00a0entre \u00a0la \u00a0guerrilla \u00a0y \u00a0el \u00a0doctor \u00a0Luis \u00a0Fernando \u00a0 \u00a0Almario \u00a0 \u00a0y \u00a0 respondi\u00f3: \u00a0 &lt;&lt;\u2026 \u00a0Lo que alg\u00fan d\u00eda escuch\u00e9 \u00a0por \u00a0un comentario del se\u00f1or Ra\u00fal Reyes, es que el doctor Almario gozaba de un \u00a0buen \u00a0concepto de ellos, que ten\u00eda un, es decir, que lo ve\u00edan con buenos ojos, \u00a0un \u00a0comentario \u00a0que se hizo despu\u00e9s de la reuni\u00f3n despu\u00e9s de la inauguraci\u00f3n \u00a0de \u00a0la \u00a0electrificaci\u00f3n \u00a0de Guacamayas, despu\u00e9s yo regres\u00e9 a una reuni\u00f3n que \u00a0sosten\u00eda \u00a0el \u00a0secretariado de las FARC, el se\u00f1or Reyes, le pregunt\u00e9 al se\u00f1or \u00a0Reyes \u00a0por \u00a0el doctor Almario en el sentido de que yo quer\u00eda saber si realmente \u00a0\u00e9l \u00a0ten\u00eda \u00a0ingerencia pol\u00edtica sobre esa\u2026 y lo \u00fanico que me coment\u00f3\u00a0 \u00a0fue \u00a0que \u00a0s\u00ed, que era un dirigente pol\u00edtico del Caquet\u00e1 y que ellos lo ve\u00edan \u00a0con \u00a0 \u00a0 \u00a0buenos \u00a0 \u00a0 \u00a0ojos \u00a0 \u00a0 \u00a0pero \u00a0 \u00a0 no \u00a0 \u00a0 ampliamos \u00a0 \u00a0 m\u00e1s\u2026&gt;&gt; \u00a0(Grabaci\u00f3n \u00a0magn\u00e9tica \u00a0minuto \u00a015:52). \u00a0\u00a0<\/p>\n<p>\u201cTan \u00a0comprometedora \u00a0manifestaci\u00f3n \u00a0que \u00a0seg\u00fan \u00a0V\u00edctor G. Ricardo le \u00a0hizo \u00a0 \u00a0 &lt;&lt;Ra\u00fal \u00a0Reyes&gt;&gt;, \u00a0no puede ser \u00a0entendida \u00a0como lo hace el doctor Almario en \u00a0su escrito de apelaci\u00f3n, en el sentido de que el guerrillero lo \u00a0que \u00a0hizo \u00a0fue \u00a0confirmar que \u00e9l &lt;&lt;ten\u00eda \u00a0 \u00a0 mucho \u00a0 \u00a0 respaldo \u00a0 \u00a0 de \u00a0 \u00a0 la \u00a0 \u00a0comunidad&gt;&gt;.\u00a0 \u00a0 Esta \u00a0 interpretaci\u00f3n \u00a0puede \u00a0hacerse \u00a0de lo que declar\u00f3 Ricardo \u00a0ante \u00a0la \u00a0Fiscal\u00eda el 23 de abril de 2008, pero no de lo que dijo \u00a0ante \u00a0la \u00a0Corte, \u00a0que \u00a0el \u00a0doctor \u00a0Almario \u00a0no consign\u00f3 en su memorial sustentatorio. De esta manera es claro \u00a0que \u00a0 \u00a0 lo \u00a0 \u00a0 dicho \u00a0 \u00a0por \u00a0 \u00a0&lt;&lt;Ra\u00fal \u00a0 \u00a0 Reyes&gt;&gt; \u00a0 \u00a0al \u00a0 testigo, \u00a0 conduce \u00a0 a \u00a0la \u00a0inferencia \u00a0l\u00f3gica \u00a0de \u00a0que \u00a0entre \u00a0Almario \u00a0y \u00a0el grupo armado \u00a0exist\u00eda \u00a0un \u00a0buen \u00a0v\u00ednculo, de all\u00ed que no pueda atend\u00e9rsele cuando descarta \u00a0que tuviera cercan\u00eda con sus miembros\u201d. \u00a0\u00a0<\/p>\n<p>Adem\u00e1s \u00a0de \u00a0los \u00a0v\u00ednculos \u00a0con las FARC, la \u00a0Fiscal\u00eda \u00a0tambi\u00e9n \u00a0estableci\u00f3 \u00a0que LUIS FERNANDO ALMARIO ROJAS tuvo nexos con \u00a0los \u00a0grupos \u00a0de \u00a0paramilitares \u00a0que \u00a0llegaron \u00a0al Departamento de Caquet\u00e1, pues \u00a0Henry \u00a0Collazos \u00a0o \u00a0Edwin \u00a0Robert \u00a0Cardona, \u00a0Gerardo \u00a0Aguirre Ballesteros y Ever \u00a0Perdomo \u00a0 Reyes, \u00a0 todos \u00a0 ex \u00a0 miembros \u00a0 de \u00a0las \u00a0FARC, \u00a0se\u00f1alan \u00a0que \u00a0aqu\u00e9l \u00a0posteriormente \u00a0efectu\u00f3 \u00a0alianzas \u00a0con \u00a0los grupos paramilitares, por lo que el \u00a0grupo \u00a0guerrillero \u00a0le hizo un atentado en la casa de Florencia, en noviembre de \u00a02001. \u00a0\u00a0<\/p>\n<p>Luego el recelo acerca de la imparcialidad de \u00a0la \u00a0administraci\u00f3n \u00a0de \u00a0justicia, \u00a0la presi\u00f3n sobre los sujetos procesales que \u00a0afecte \u00a0su \u00a0seguridad \u00a0e \u00a0integridad \u00a0f\u00edsica \u00a0aparecen \u00a0como un hecho probable, \u00a0m\u00e1xime \u00a0cuando, \u00a0como \u00a0se \u00a0refiere \u00a0en \u00a0la \u00a0solicitud, el se\u00f1or Jorge Hernando \u00a0Calder\u00f3n \u00a0Perdomo, \u00a0ex \u00a0alcalde \u00a0del municipio de Puerto Rico, Caquet\u00e1, uno de \u00a0los \u00a0testigos \u00a0de \u00a0cargo fue ultimado en hechos que tuvieron ocurrencia el 14 de \u00a0febrero \u00a0pasado, seg\u00fan lo informado por la Directora Seccional de Fiscal\u00edas de \u00a0Florencia,\u00a0 \u00a0y si bien es cierto tal suceso punible no le ha sido atribuido \u00a0a \u00a0ALMARIO \u00a0ROJAS \u00a0tampoco se puede negar que tenga relaci\u00f3n con el proceso que \u00a0se le adelanta. \u00a0\u00a0<\/p>\n<p>Al \u00a0respecto t\u00e9ngase en cuenta que el citado \u00a0declarante, \u00a0el \u00a017 \u00a0de \u00a0julio \u00a0de \u00a02008, manifest\u00f3 que las FARC practicaban la \u00a0\u2018guerra sucia\u2019 \u00a0en el departamento de Caquet\u00e1, pues \u00a0\u201crecuerdo un ejemplo cuando estaba en campa\u00f1a en el \u00a02000, \u00a0en una de las v\u00edas municipales de Puerto Rico, y propiamente en un reten \u00a0de \u00a0la \u00a0guerrilla \u00a0donde \u00a0se comentaba que todo lo que huela a Turbay hab\u00eda que \u00a0exterminarlo, \u00a0hab\u00eda \u00a0que \u00a0acabarlo, \u00a0y adem\u00e1s de los desplazamientos y de las \u00a0amenazas, \u00a0esa \u00a0es \u00a0la \u00a0guerra \u00a0sucia \u00a0que \u00a0yo \u00a0conozco \u00a0de ellos\u201d4. \u00a0\u00a0<\/p>\n<p>En consecuencia, la Sala proceder\u00e1 a ordenar \u00a0el \u00a0cambio \u00a0de \u00a0radicaci\u00f3n \u00a0del proceso adelantado contra LUIS FERNANDO ALMARIO \u00a0ROJAS \u00a0del \u00a0Distrito \u00a0Judicial \u00a0de \u00a0Florencia \u00a0Caquet\u00e1, al Distrito Judicial de \u00a0Bogot\u00e1, \u00a0en \u00a0donde \u00a0las \u00a0distancias \u00a0y la cobertura de \u00e9ste, contrarrestan las \u00a0circunstancias anormales referidas. \u00a0\u00a0<\/p>\n<p>Por lo expuesto, la Corte Suprema de Justicia, \u00a0Sala de Casaci\u00f3n Penal, \u00a0\u00a0<\/p>\n<p>RESUELVE: \u00a0<\/p>\n<p>1. ORDENAR el cambio \u00a0de \u00a0radicaci\u00f3n \u00a0del proceso adelantado en contra de LUIS FERNANDO ALMARIO ROJAS \u00a0que \u00a0 se \u00a0le \u00a0adelanta \u00a0en \u00a0el \u00a0Juzgado \u00a0Penal \u00a0del \u00a0Circuito \u00a0Especializado \u00a0de \u00a0Florencia. \u00a0\u00a0<\/p>\n<p>2. \u00a0 ASIGNAR \u00a0 el \u00a0conocimiento \u00a0 del \u00a0 referido \u00a0 proceso \u00a0 a \u00a0los \u00a0Juzgados \u00a0Penal \u00a0del \u00a0Circuito \u00a0Especializado \u00a0 de \u00a0 Bogot\u00e1, \u00a0para \u00a0lo \u00a0cual \u00a0el \u00a0Juzgado \u00a0Penal \u00a0del \u00a0Circuito \u00a0Especializado \u00a0 de \u00a0 Florencia \u00a0 remitir\u00e1 \u00a0 el \u00a0 expediente \u00a0 al \u00a0 reparto \u00a0 de \u00a0aquellos. \u00a0\u00a0<\/p>\n<p>3. \u00a0 Contra \u00a0esta \u00a0decisi\u00f3n no procede ning\u00fan recurso. \u00a0\u00a0<\/p>\n<p>C\u00f3piese, comun\u00edquese y c\u00famplase. \u00a0<\/p>\n<p>JULIO ENRIQUE SOCHA SALAMANCA \u00a0<\/p>\n<p>JOS\u00c9\u00a0 \u00a0 \u00a0 LEONIDAS \u00a0 \u00a0 BUSTOS \u00a0MART\u00cdNEZ\u00a0\u00a0\u00a0\u00a0\u00a0\u00a0\u00a0\u00a0\u00a0\u00a0 SIGIFREDO \u00a0ESPINOSA P\u00c9REZ \u00a0\u00a0<\/p>\n<p>Comisi\u00f3n de servicio \u00a0<\/p>\n<p>ALFREDO \u00a0 \u00a0 \u00a0 \u00a0 \u00a0 G\u00d3MEZ \u00a0QUINTERO\u00a0\u00a0\u00a0\u00a0\u00a0\u00a0\u00a0\u00a0\u00a0\u00a0\u00a0\u00a0\u00a0 \u00a0MAR\u00cdA DEL ROSARIO GONZ\u00c1LEZ DE L. \u00a0\u00a0<\/p>\n<p>AUGUSTO \u00a0 \u00a0 \u00a0 \u00a0J. \u00a0 \u00a0 \u00a0 IB\u00c1\u00d1EZ \u00a0GUZM\u00c1N\u00a0\u00a0\u00a0\u00a0\u00a0\u00a0\u00a0\u00a0\u00a0\u00a0\u00a0\u00a0\u00a0\u00a0\u00a0\u00a0\u00a0\u00a0\u00a0\u00a0 \u00a0JORGE LUIS QUINTERO MILAN\u00c9S \u00a0\u00a0<\/p>\n<p>YESID \u00a0 \u00a0 \u00a0 \u00a0 \u00a0 RAM\u00cdREZ \u00a0BASTIDAS\u00a0\u00a0\u00a0\u00a0\u00a0\u00a0\u00a0\u00a0\u00a0\u00a0\u00a0\u00a0\u00a0\u00a0\u00a0\u00a0\u00a0\u00a0\u00a0\u00a0\u00a0\u00a0\u00a0\u00a0\u00a0\u00a0 \u00a0JAVIER DE JES\u00daS ZAPATA ORTIZ \u00a0\u00a0<\/p>\n<p>TERESA RUIZ N\u00da\u00d1EZ \u00a0<\/p>\n<p>Secretaria \u00a0\u00a0<\/p>\n<p>\u00a0 \u00a0\u00a0<\/p>\n<p>1 \u00a0Folios 21 a 23 de la resoluci\u00f3n de acusaci\u00f3n. \u00a0\u00a0<\/p>\n<p>2 \u00a0Potenciador de la Central Hidroel\u00e9ctrica \u00a0\u00a0<\/p>\n<p>3 Folio \u00a020 de la decisi\u00f3n de segunda instancia \u00a0\u00a0<\/p>\n<p>4 Folio \u00a029 del cuaderno de la Corte. \u00a0 \u00a0\u00a0<\/p>\n<p><\/p>\n","protected":false},"excerpt":{"rendered":"<p>\u00a0 \u00a0 Proceso No 31402 \u00a0 CORTE SUPREMA DE JUSTICIA \u00a0 SALA DE CASACI\u00d3N PENAL \u00a0 \u00a0 \u00a0\u00a0 \u00a0\u00a0 \u00a0\u00a0 \u00a0\u00a0 \u00a0 \u00a0 \u00a0 \u00a0 \u00a0 \u00a0\u00a0 \u00a0Magistrado Ponente: \u00a0\u00a0 \u00a0 \u00a0\u00a0 \u00a0\u00a0 \u00a0\u00a0 \u00a0\u00a0 \u00a0 \u00a0 \u00a0 \u00a0 \u00a0 \u00a0\u00a0 \u00a0JULIO ENRIQUE SOCHA SALAMANCA \u00a0\u00a0 \u00a0 \u00a0\u00a0 \u00a0\u00a0 \u00a0\u00a0 \u00a0\u00a0 \u00a0 \u00a0 \u00a0 \u00a0 [&hellip;]<\/p>\n","protected":false},"author":1,"featured_media":0,"comment_status":"open","ping_status":"open","sticky":false,"template":"","format":"standard","meta":{"footnotes":""},"categories":[17],"tags":[],"class_list":["post-18779","post","type-post","status-publish","format-standard","hentry","category-17"],"_links":{"self":[{"href":"https:\/\/dmsjuridica.com\/buscador_20179478954\/salapenalcronologico20230723\/wp-json\/wp\/v2\/posts\/18779","targetHints":{"allow":["GET"]}}],"collection":[{"href":"https:\/\/dmsjuridica.com\/buscador_20179478954\/salapenalcronologico20230723\/wp-json\/wp\/v2\/posts"}],"about":[{"href":"https:\/\/dmsjuridica.com\/buscador_20179478954\/salapenalcronologico20230723\/wp-json\/wp\/v2\/types\/post"}],"author":[{"embeddable":true,"href":"https:\/\/dmsjuridica.com\/buscador_20179478954\/salapenalcronologico20230723\/wp-json\/wp\/v2\/users\/1"}],"replies":[{"embeddable":true,"href":"https:\/\/dmsjuridica.com\/buscador_20179478954\/salapenalcronologico20230723\/wp-json\/wp\/v2\/comments?post=18779"}],"version-history":[{"count":0,"href":"https:\/\/dmsjuridica.com\/buscador_20179478954\/salapenalcronologico20230723\/wp-json\/wp\/v2\/posts\/18779\/revisions"}],"wp:attachment":[{"href":"https:\/\/dmsjuridica.com\/buscador_20179478954\/salapenalcronologico20230723\/wp-json\/wp\/v2\/media?parent=18779"}],"wp:term":[{"taxonomy":"category","embeddable":true,"href":"https:\/\/dmsjuridica.com\/buscador_20179478954\/salapenalcronologico20230723\/wp-json\/wp\/v2\/categories?post=18779"},{"taxonomy":"post_tag","embeddable":true,"href":"https:\/\/dmsjuridica.com\/buscador_20179478954\/salapenalcronologico20230723\/wp-json\/wp\/v2\/tags?post=18779"}],"curies":[{"name":"wp","href":"https:\/\/api.w.org\/{rel}","templated":true}]}}