{"id":18679,"date":"2023-09-11T19:42:45","date_gmt":"2023-09-11T19:42:45","guid":{"rendered":"https:\/\/dmsjuridica.com\/buscador_20179478954\/salapenalcronologico20230723\/2023\/09\/11\/3129422-04-09\/"},"modified":"2023-09-11T19:42:45","modified_gmt":"2023-09-11T19:42:45","slug":"3129422-04-09","status":"publish","type":"post","link":"https:\/\/dmsjuridica.com\/buscador_20179478954\/salapenalcronologico20230723\/2023\/09\/11\/3129422-04-09\/","title":{"rendered":"31294(22-04-09)"},"content":{"rendered":"\n<p>\u00a0 \u00a0 Proceso No 31294 \u00a0<\/p>\n<p>CORTE SUPREMA DE JUSTICIA \u00a0<\/p>\n<p>SALA DE CASACI\u00d3N PENAL \u00a0<\/p>\n<p>Magistrado Ponente: \u00a0<\/p>\n<p>ALFREDO \u00a0 \u00a0G\u00d3MEZ \u00a0QUINTERO \u00a0\u00a0<\/p>\n<p>Aprobado Acta No. 119 \u00a0<\/p>\n<p>Bogot\u00e1, \u00a0 \u00a0 \u00a0D.C., \u00a0 \u00a0 veintid\u00f3s (22) de abril de dos mil nueve (2009) \u00a0\u00a0<\/p>\n<p>VISTOS: \u00a0<\/p>\n<p>Se \u00a0pronuncia \u00a0la Sala sobre la solicitud de \u00a0pruebas \u00a0elevada \u00a0por \u00a0el \u00a0Representante \u00a0del \u00a0Ministerio \u00a0P\u00fablico \u00a0dentro \u00a0del \u00a0tr\u00e1mite \u00a0 de \u00a0 la \u00a0 solicitud \u00a0 de \u00a0 extradici\u00f3n \u00a0del \u00a0ciudadano \u00a0JORGE \u00a0IV\u00c1N \u00a0ARANGO YEPES identificado con \u00a0la \u00a0c\u00e9dula \u00a0de \u00a0ciudadan\u00eda \u00a0n\u00famero 15 437 845 de Rionegro Antioquia, quien es \u00a0requerido \u00a0por \u00a0tener vigente una acusaci\u00f3n formulada por la Corte Distrital de \u00a0los \u00a0Estados Unidos para el Distrito Sur de la Florida, por delitos relacionados \u00a0con narc\u00f3ticos. \u00a0\u00a0<\/p>\n<p>ANTECEDENTES Y CONSIDERACIONES: \u00a0<\/p>\n<p>JORGE \u00a0 IV\u00c1N \u00a0 ARANGO \u00a0 YEPES \u00a0es \u00a0requerido \u00a0para que comparezca en juicio por delitos federales \u00a0de \u00a0narcotr\u00e1fico ante la Corte Distrital de los Estados Unidos para el Distrito \u00a0Sur \u00a0 de \u00a0 la \u00a0Florida, \u00a0atendiendo \u00a0a \u00a0la \u00a0segunda \u00a0resoluci\u00f3n \u00a0de \u00a0acusaci\u00f3n \u00a0sustitutiva \u00a0n\u00famero \u00a008 \u00a020436 \u00a0CR \u00a0GRAHAM \u00a0(s)(s) \u00a0dictada \u00a0el \u00a0cuatro \u00a0(4) de \u00a0noviembre de dos mil ocho (2008). \u00a0\u00a0<\/p>\n<p>El Gobierno de los Estados Unidos de Am\u00e9rica \u00a0a \u00a0trav\u00e9s \u00a0de \u00a0su Embajada en Colombia elev\u00f3 la solicitud de captura con fines \u00a0de \u00a0extradici\u00f3n mediante la nota diplom\u00e1tica n\u00famero 3307 del 1\u00b0 de diciembre \u00a0de \u00a02008, \u00a0y la formaliz\u00f3 con la nota diplom\u00e1tica n\u00famero 200 del 2 de febrero \u00a0de 2009. \u00a0\u00a0<\/p>\n<p>La \u00a0nota \u00a0diplom\u00e1tica \u00a0que \u00a0formaliz\u00f3 \u00a0la \u00a0petici\u00f3n \u00a0de \u00a0extradici\u00f3n refiere que el se\u00f1or JORGE \u00a0IV\u00c1N \u00a0ARANGO YEPES est\u00e1 llamado a responder en juicio \u00a0criminal \u00a0 \u00a0 por \u00a0 \u00a0 concierto \u00a0 \u00a0para \u00a0 \u00a0importar, \u00a0distribuir \u00a0 \u00a0 \u00a0 \u00a0 \u00a0 y \u00a0 \u00a0 \u00a0 \u00a0 \u00a0 poseer con la intenci\u00f3n de distribuir un \u00a0kilogramo \u00a0 \u00a0 \u00a0 \u00a0o \u00a0 \u00a0 \u00a0 \u00a0m\u00e1s \u00a0 \u00a0 \u00a0 de \u00a0 \u00a0 \u00a0 hero\u00edna;\u00a0 \u00a0 \u00a0 \u00a0 importar un kilogramo o m\u00e1s de hero\u00edna, \u00a0e \u00a0intento \u00a0de \u00a0posesi\u00f3n e \u00a0intento \u00a0de distribuci\u00f3n de \u00a0un \u00a0kilogramo o m\u00e1s de hero\u00edna a los Estados Unidos, conductas imputadas en la \u00a0resoluci\u00f3n \u00a0de \u00a0acusaci\u00f3n \u00a0de la Corte Distrital de los Estados Unidos para el \u00a0Distrito \u00a0Sur \u00a0de \u00a0la \u00a0Florida, \u00a0que refiere hechos sucedidos despu\u00e9s del 17 de \u00a0diciembre \u00a0de 1997 cuando se restableci\u00f3 la extradici\u00f3n de nacionales conforme \u00a0al \u00a0Acto \u00a0Legislativo \u00a0No. \u00a001 \u00a0de \u00a01997, \u00a0que \u00a0modific\u00f3 \u00a0el art\u00edculo 35 de la \u00a0Constituci\u00f3n Pol\u00edtica de Colombia. \u00a0\u00a0<\/p>\n<p>Los \u00a0 hechos \u00a0 referidos \u00a0 en \u00a0 la \u00a0 nota \u00a0diplom\u00e1tica \u00a0\u00a0<\/p>\n<p>\u201cLos \u00a0hechos \u00a0del \u00a0caso \u00a0indican \u00a0que \u00a0la \u00a0organizaci\u00f3n \u00a0de tr\u00e1fico de drogas (DTO), a la cual pertenec\u00edan los acusados, \u00a0obten\u00eda \u00a0y \u00a0embarcaba \u00a0hero\u00edna \u00a0y \u00a0coca\u00edna \u00a0a los Estados Unidos a trav\u00e9s de \u00a0embarcaciones \u00a0 mar\u00edtimas \u00a0y \u00a0aviones \u00a0de \u00a0carga.\u00a0 \u00a0Julio \u00a0C\u00e9sar \u00a0Montoya \u00a0Ram\u00edrez, \u00a0Juan \u00a0Carlos L\u00f3pez Ortega, Jorge Iv\u00e1n Herrera Bedoya, Juan Fernando \u00a0Cardona \u00a0Arboleda, \u00a0Erika \u00a0Paulina \u00a0Ocampo \u00a0\u00c1lvarez, \u00a0Ana \u00a0Cecilia Tamayo West, \u00a0JORGE \u00a0IV\u00c1N \u00a0ARANGO YEPES, \u00a0Gabriel \u00a0Jaime Echeverri S\u00e1nchez, Miguel \u00c1ngel Paniagua Mu\u00f1oz, Nelson Salazar \u00a0Murillo \u00a0y \u00a0Carlos \u00a0Mart\u00edn \u00a0Segura Kapler viven en Colombia.\u00a0 Julio C\u00e9sar \u00a0Montoya \u00a0Ram\u00edrez, \u00a0Juan \u00a0Carlos \u00a0L\u00f3pez \u00a0Ortega \u00a0y \u00a0Jorge \u00a0Iv\u00e1n Herrera Bedoya \u00a0financian \u00a0los cargamentos de hero\u00edna al suministrar los dineros para pagar los \u00a0gastos \u00a0 de \u00a0 exportaci\u00f3n \u00a0y \u00a0frecuentemente \u00a0suministraban \u00a0la \u00a0hero\u00edna \u00a0como \u00a0tal.\u00a0\u00a0 \u00a0Carlos \u00a0Mart\u00edn \u00a0Segura \u00a0Kapler \u00a0organiz\u00f3 \u00a0un \u00a0cargamento \u00a0de \u00a0hero\u00edna \u00a0y \u00a0coca\u00edna \u00a0que \u00a0fue \u00a0incautado \u00a0en \u00a0el \u00a0Aeropuerto \u00a0Internacional de \u00a0Miami.\u00a0 \u00a0Erika \u00a0Paulina \u00a0Ocampo \u00a0\u00c1lvarez y Ana Cecilia Tamayo West son las \u00a0propietarias \u00a0y \u00a0administradoras \u00a0de una empresa de exportaci\u00f3n en Colombia que \u00a0es \u00a0utilizada \u00a0para embarcar el cargamento que conten\u00eda la hero\u00edna.\u00a0 Juan \u00a0Fernando \u00a0 Cardona \u00a0 Arboleda, \u00a0JORGE \u00a0IV\u00c1N \u00a0ARANGO \u00a0YEPES, \u00a0Gabriel \u00a0Jaime \u00a0Echeverri \u00a0S\u00e1nchez, \u00a0Nelson \u00a0Salazar \u00a0Murillo \u00a0y \u00a0Miguel \u00a0\u00c1ngel \u00a0Paniagua Mu\u00f1oz se encargan de entregar los \u00a0cargamentos \u00a0 en \u00a0 los \u00a0aviones \u00a0en \u00a0Colombia \u00a0y \u00a0los \u00a0detalles \u00a0de \u00a0entrega \u00a0en \u00a0Miami.\u00a0 \u00a0Los \u00a0acusados \u00a0obten\u00edan \u00a0m\u00faltiples \u00a0kilogramos \u00a0de hero\u00edna y se \u00a0encargaban \u00a0 de \u00a0ocultarlos \u00a0de \u00a0diversas \u00a0maneras, \u00a0ya \u00a0sea \u00a0por \u00a0embarcaciones \u00a0mar\u00edtimas \u00a0 y\/o \u00a0avi\u00f3n \u00a0con \u00a0destino \u00a0a \u00a0Miami, \u00a0Florida.\u00a0 \u00a0Una \u00a0vez \u00a0los \u00a0narc\u00f3ticos \u00a0llegaban \u00a0a \u00a0Miami, \u00a0otros individuos involucrados en la acusaci\u00f3n \u00a0eran \u00a0los \u00a0responsables \u00a0de \u00a0retirar los narc\u00f3ticos del puerto de Miami y\/o del \u00a0Aeropuerto \u00a0 \u00a0de \u00a0 \u00a0Miami \u00a0 \u00a0y \u00a0 \u00a0distribuirlos \u00a0 \u00a0dentro \u00a0 \u00a0de \u00a0 \u00a0los \u00a0 Estados \u00a0Unidos\u201d. \u00a0\u00a0<\/p>\n<p>JORGE \u00a0 IV\u00c1N \u00a0 ARANGO \u00a0 YEPES \u00a0fue \u00a0capturado en la ciudad de Medell\u00edn el 5 de diciembre de 2008 \u00a0y \u00a0se encuentra privado de su libertad en la Penitenciar\u00eda de m\u00e1xima seguridad \u00a0de \u00a0 C\u00f3mbita \u00a0\u2013 \u00a0Boyac\u00e1 \u00a0\u2013 Colombia. \u00a0\u00a0<\/p>\n<p>SOLICITUD DE PRUEBAS \u00a0<\/p>\n<p>Por \u00a0auto del pasado 4 de marzo de 2009 (fl. \u00a010), \u00a0la \u00a0Sala \u00a0dispuso \u00a0el \u00a0traslado a los sujetos procesales con el fin de que \u00a0hicieran \u00a0los \u00a0requerimientos probatorios inherentes al tr\u00e1mite de extradici\u00f3n \u00a0(Art\u00edculo 500 del C. de P.P.). \u00a0\u00a0<\/p>\n<p>1.\u00a0 El Procurador Segundo Delegado para \u00a0la \u00a0casaci\u00f3n \u00a0penal \u00a0requiri\u00f3 \u00a0que \u00a0se \u00a0oficie \u00a0al \u00a0Ministerio \u00a0de \u00a0Relaciones \u00a0Exteriores \u00a0con \u00a0la \u00a0finalidad \u00a0de \u00a0que \u00a0el \u00a0pa\u00eds \u00a0requirente aclare en la nota \u00a0diplom\u00e1tica \u00a0que \u00a0solicit\u00f3 \u00a0la \u00a0captura y en la que formaliz\u00f3 la petici\u00f3n de \u00a0extradici\u00f3n \u00a0el \u00a0dato \u00a0relacionado \u00a0con \u00a0la \u00a0fecha \u00a0de nacimiento de la persona \u00a0solicitada, \u00a0puesto que en ellas se da cuenta que JORGE \u00a0IV\u00c1N \u00a0 ARANGO \u00a0 YEPES \u00a0naci\u00f3 \u00a0el \u00a025 \u00a0de \u00a0agosto \u00a0de \u00a0\u201c1965\u201d, \u00a0mientras que en \u00a0los \u00a0datos \u00a0relacionados con la persona capturada se aprecia una inconsistencia, \u00a0en \u00a0tanto, \u00a0en \u00a0el \u00a0acta \u00a0de \u00a0derechos \u00a0del capturado se consign\u00f3 como fecha de \u00a0nacimiento \u00a0el \u00a025 \u00a0de \u00a0agosto \u00a0de \u00a0\u201c1975\u201d, \u00a0asunto \u00a0que puede tener incidencia en el establecimiento de la \u00a0identidad plena de la persona requerida.\u00a0 (fls. 17 y 18). \u00a0\u00a0<\/p>\n<p>2.\u00a0 La defensora contractual aport\u00f3 una \u00a0serie \u00a0de \u00a0documentos \u00a0relacionados por la Secretar\u00eda de la Sala, entre los que \u00a0aparecen \u00a0 fotocopias \u00a0 de \u00a0documentos \u00a0de \u00a0identidad \u00a0del \u00a0se\u00f1or \u00a0ARANGO \u00a0 YEPES \u00a0 (fls. \u00a0 19 \u00a0\u2013 213) \u00a0\u00a0<\/p>\n<p>CONSIDERACIONES \u00a0DE \u00a0LA \u00a0CORTE \u00a0\u00a0<\/p>\n<p>Como \u00a0la \u00a0\u00fanica \u00a0prueba \u00a0solicitada \u00a0es \u00a0la \u00a0referida \u00a0a la aclaraci\u00f3n de la fecha de nacimiento de la persona solicitada en \u00a0extradici\u00f3n, \u00a0la \u00a0Sala responde la petici\u00f3n del Agente del Ministerio p\u00fablico \u00a0de la siguiente manera: \u00a0\u00a0<\/p>\n<p>1.\u00a0 Es cierto \u00a0que \u00a0tanto \u00a0en \u00a0la \u00a0nota \u00a0diplom\u00e1tica \u00a0que \u00a0requiri\u00f3 \u00a0la \u00a0captura con fines de \u00a0extradici\u00f3n \u00a0como \u00a0en \u00a0la \u00a0que \u00a0formaliz\u00f3 \u00a0el \u00a0requerimiento, se da cuenta que \u00a0JORGE \u00a0 \u00a0 IV\u00c1N \u00a0 \u00a0 ARANGO \u00a0 \u00a0YEPES \u00a0 \u00a0identificado \u00a0con \u00a0la \u00a0c\u00e9dula \u00a0de ciudadan\u00eda n\u00famero 15 437 845 es \u00a0ciudadano \u00a0 \u00a0de \u00a0 Colombia, \u00a0 nacido \u00a0 el \u00a0 25 \u00a0 de \u00a0 agosto \u00a0 de \u00a0 1965. \u00a0\u00a0<\/p>\n<p>Tambi\u00e9n \u00a0es \u00a0relevante \u00a0que \u00a0JORGE \u00a0 IV\u00c1N \u00a0 ARANGO \u00a0 YEPES, \u00a0quien \u00a0se \u00a0identific\u00f3 \u00a0desde \u00a0un \u00a0principio \u00a0con \u00a0la c\u00e9dula de ciudadan\u00eda n\u00famero 15 437 \u00a0845, \u00a0indic\u00f3 \u00a0que \u00a0su \u00a0fecha \u00a0de nacimiento es del 25 de agosto de 1975.\u00a0 (Fls. 17 y 18). \u00a0\u00a0<\/p>\n<p>No \u00a0obstante, al revisar con detenimiento la \u00a0incoherencia \u00a0que se\u00f1ala el Delegado, lo evidente es que a m\u00e1s la imprecisi\u00f3n \u00a0en \u00a0relaci\u00f3n con el a\u00f1o de nacimiento del ciudadano requerido en extradici\u00f3n, \u00a0ninguna \u00a0equivocaci\u00f3n \u00a0existe \u00a0en \u00a0cuanto \u00a0a \u00a0su \u00a0plena identificaci\u00f3n, porque \u00a0ARANGO \u00a0YEPES \u00a0corrobor\u00f3 el \u00a0n\u00famero \u00a0de \u00a0su c\u00e9dula de identidad expedida por la Registradur\u00eda Nacional del \u00a0Estado \u00a0Civil, \u00a0que \u00a0es \u00a0coincidente con el que se\u00f1ala la nota diplom\u00e1tica que \u00a0formaliza la solicitud de extradici\u00f3n. \u00a0\u00a0<\/p>\n<p>Encuentra la Sala que el se\u00f1or ARANGO \u00a0YEPES \u00a0se \u00a0identifica con el mismo \u00a0n\u00famero \u00a0de \u00a0c\u00e9dula con la que lo referencia la nota diplom\u00e1tica y que con ese \u00a0n\u00famero \u00a0de identificaci\u00f3n otorg\u00f3 poder a su abogada de confianza el pasado 26 \u00a0de febrero de 2009 (fl. 13 del cuaderno de la Corte). \u00a0\u00a0<\/p>\n<p>Rep\u00e1rese \u00a0tambi\u00e9n \u00a0que \u00a0la defensa aport\u00f3 \u00a0fotocopia \u00a0informal \u00a0de la c\u00e9dula de ciudadan\u00eda expedida por la Registradur\u00eda \u00a0Nacional \u00a0del \u00a0Estado \u00a0Civil, \u00a0donde \u00a0da cuenta que la fecha de nacimiento es el \u00a025 \u00a0de \u00a0agosto \u00a0de \u00a01975 (fl. \u00a0136) \u00a0y \u00a0copia \u00a0del \u00a0certificado judicial y de polic\u00eda a nombre de JORGE \u00a0IV\u00c1N \u00a0ARANGO \u00a0YEPES \u00a0con \u00a0el mismo \u00a0n\u00famero de c\u00e9dula (fl. 137). \u00a0\u00a0<\/p>\n<p>2.\u00a0 \u00a0Por otra parte, de conformidad con \u00a0el \u00a0testimonio \u00a0del \u00a0Sr. Harold L. Hurley, Agente Especial de la Administraci\u00f3n \u00a0Antinarc\u00f3ticos \u00a0de \u00a0los Estados Unidos (DEA), asignado a la Fuerza Operativa de \u00a0Narc\u00f3ticos \u00a0de \u00a0Miami, \u00a0quien \u00a0actu\u00f3 \u00a0como \u00a0investigador, \u00a0se da cuenta que se \u00a0anex\u00f3 \u00a0al \u00a0antecedente \u00a0como \u00a0prueba \u00a0D-7 \u00a0(fol. \u00a033;\u00a0 \u00a0ib. \u00a0fl. \u00a0135) \u00a0una \u00a0fotograf\u00eda de JORGE \u00a0IV\u00c1N \u00a0ARANGO \u00a0YEPES, \u00a0y \u00a0que en el \u00a0transcurso \u00a0de \u00a0la investigaci\u00f3n\u2026 \u201cagentes de las \u00a0fuerzas \u00a0 del \u00a0 orden \u00a0 p\u00fablico \u00a0 de \u00a0 Colombia \u00a0 lo \u00a0 observaron \u00a0durante \u00a0una \u00a0vigilancia\u201d: \u00a0\u00a0<\/p>\n<p>\u201cAgentes de las \u00a0fuerzas \u00a0del \u00a0orden \u00a0p\u00fablico \u00a0de Colombia y testigos colaboradores han visto la \u00a0prueba \u00a0D-7 \u00a0y \u00a0han \u00a0confirmado \u00a0que \u00a0la \u00a0persona que \u00a0aparece \u00a0en \u00a0esa \u00a0fotograf\u00eda es la misma persona a la que han observado durante \u00a0la \u00a0vigilancia, que ha sido arrestada en este caso y a \u00a0la \u00a0que \u00a0se \u00a0le ha imputado formalmente en la acusaci\u00f3n formal n\u00famero 08-20436 \u00a0\u2013 \u00a0 CR \u00a0 \u2013 \u00a0 \u00a0 \u00a0 Gram. \u00a0 \u00a0 \u00a0 \u2013 \u00a0(s)(s) \u00a0y \u00a0cuya \u00a0fotograf\u00eda \u00a0aparece en la c\u00e9dula de identidad n\u00famero 15 437 845, que es \u00a0el \u00a0n\u00famero \u00a0que \u00a0le \u00a0ha \u00a0sido asignado\u2026\u201d.\u00a0 (Destaca la Sala.\u00a0 Fls. 49 y 50). \u00a0\u00a0<\/p>\n<p>De \u00a0donde se infiere que no existe equ\u00edvoco \u00a0alguno \u00a0en \u00a0la \u00a0identidad \u00a0plena \u00a0de JORGE IV\u00c1N ARANGO \u00a0YEPES \u00a0a \u00a0quien \u00a0corresponde la c\u00e9dula de ciudadan\u00eda \u00a0n\u00famero \u00a015 \u00a0437 \u00a0845, \u00a0no \u00a0obstante, \u00a0precisar que la \u00a0correcta \u00a0 fecha \u00a0 de \u00a0 nacimiento \u00a0 es \u00a0 el \u00a0 25 \u00a0 de \u00a0agosto \u00a0de \u00a01975 \u00a0(de conformidad con la fotocopia de \u00a0la \u00a0 c\u00e9dula \u00a0 de \u00a0ciudadan\u00eda \u00a0que \u00a0obra \u00a0al \u00a0folio \u00a0136 \u00a0del \u00a0cuaderno \u00a0de \u00a0la \u00a0Corte). \u00a0\u00a0<\/p>\n<p>Por ello, no se har\u00e1 requerimiento alguno al \u00a0pa\u00eds \u00a0solicitante, \u00a0en la medida que se aprecia como un error de digitaci\u00f3n la \u00a0inconsistencia que se\u00f1al\u00f3 el Delegado. \u00a0\u00a0<\/p>\n<p>3.\u00a0 \u00a0Como \u00a0la \u00a0Sala \u00a0no \u00a0advierte \u00a0la \u00a0necesidad \u00a0de \u00a0hacer declaraciones de oficio para aducir \u00a0pruebas \u00a0en \u00a0este \u00a0tr\u00e1mite, por la Secretar\u00eda de la Sala de Casaci\u00f3n penal se \u00a0CORRER\u00c1 \u00a0EL TRASLADO durante \u00a0el \u00a0t\u00e9rmino \u00a0de \u00a0cinco \u00a0(5) d\u00edas, al solicitado en extradici\u00f3n, a su defensor \u00a0t\u00e9cnico \u00a0y al Procurador Delegado para que presenten sus alegaciones (Art\u00edculo \u00a0500 inc. 3 de la Ley 906 de 2004). \u00a0\u00a0<\/p>\n<p>En \u00a0m\u00e9rito \u00a0de \u00a0lo \u00a0expuesto, \u00a0la \u00a0CORTE \u00a0SUPREMA DE JUSTICIA en Sala de \u00a0Casaci\u00f3n Penal, \u00a0\u00a0<\/p>\n<p>RESUELVE: \u00a0<\/p>\n<p>1.\u00a0 \u00a0 \u00a0 \u00a0 \u00a0 NEGAR \u00a0la pr\u00e1ctica de la prueba requerida \u00a0por el Agente del Ministerio P\u00fablico. \u00a0\u00a0<\/p>\n<p>2.\u00a0 \u00a0En firme la decisi\u00f3n DEJAR \u00a0el \u00a0expediente en Secretar\u00eda de la \u00a0Sala \u00a0Penal \u00a0por \u00a0el t\u00e9rmino de cinco (5) d\u00edas para las alegaciones de m\u00e9rito \u00a0(Art\u00edculo \u00a0 \u00a0500 \u00a0 \u00a0inc. \u00a0 \u00a03 \u00a0 \u00a0de \u00a0 \u00a0la \u00a0 \u00a0Ley \u00a0 906 \u00a0 de \u00a0 2004). \u00a0\u00a0<\/p>\n<p>C\u00f3piese, \u00a0 \u00a0 \u00a0notif\u00edquese \u00a0 \u00a0 \u00a0y \u00a0c\u00famplase. \u00a0\u00a0<\/p>\n<p>\u00a0 \u00a0<\/p>\n<p>JULIO \u00a0ENRIQUE \u00a0SOCHA \u00a0SALAMANCA \u00a0\u00a0<\/p>\n<p>\u00a0\u00a0\u00a0\u00a0\u00a0\u00a0\u00a0\u00a0\u00a0\u00a0\u00a0\u00a0\u00a0\u00a0\u00a0\u00a0\u00a0\u00a0\u00a0\u00a0\u00a0\u00a0\u00a0\u00a0\u00a0\u00a0\u00a0\u00a0\u00a0\u00a0\u00a0\u00a0\u00a0\u00a0\u00a0\u00a0\u00a0\u00a0\u00a0\u00a0 \u00a0Comisi\u00f3n de servicio \u00a0\u00a0<\/p>\n<p>\u00a0\u00a0\u00a0\u00a0\u00a0 \u00a0\u00a0<\/p>\n<p>JOS\u00c9 \u00a0 \u00a0 \u00a0 \u00a0 \u00a0LEONIDAS \u00a0 \u00a0 \u00a0 \u00a0 \u00a0BUSTOS \u00a0MART\u00cdNEZ\u00a0\u00a0\u00a0\u00a0\u00a0\u00a0\u00a0\u00a0\u00a0\u00a0\u00a0\u00a0\u00a0\u00a0\u00a0\u00a0\u00a0\u00a0 \u00a0SIGIFREDO ESPINOSA \u00a0P\u00c9REZ\u00a0\u00a0\u00a0\u00a0\u00a0\u00a0\u00a0\u00a0\u00a0\u00a0\u00a0\u00a0\u00a0\u00a0\u00a0\u00a0\u00a0\u00a0\u00a0\u00a0 \u00a0\u00a0<\/p>\n<p>\u00a0\u00a0\u00a0\u00a0\u00a0\u00a0\u00a0\u00a0\u00a0\u00a0 \u00a0\u00a0<\/p>\n<p>\u00a0\u00a0\u00a0\u00a0 \u00a0 ALFREDO \u00a0G\u00d3MEZ \u00a0QUINTERO\u00a0\u00a0\u00a0\u00a0\u00a0\u00a0\u00a0\u00a0\u00a0\u00a0\u00a0\u00a0\u00a0\u00a0\u00a0 \u00a0MARIA \u00a0DEL \u00a0ROSARIO \u00a0GONZ\u00c1LEZ \u00a0DE \u00a0LEMOS\u00a0\u00a0\u00a0\u00a0\u00a0\u00a0\u00a0\u00a0\u00a0\u00a0\u00a0\u00a0\u00a0\u00a0\u00a0\u00a0 \u00a0\u00a0<\/p>\n<p>\u00a0\u00a0\u00a0\u00a0 \u00a0AUGUSTO \u00a0 \u00a0J. \u00a0 \u00a0IBA\u00d1EZ \u00a0GUZM\u00c1N\u00a0\u00a0\u00a0\u00a0\u00a0\u00a0\u00a0\u00a0\u00a0\u00a0\u00a0\u00a0\u00a0\u00a0\u00a0\u00a0\u00a0\u00a0\u00a0\u00a0\u00a0 \u00a0JORGE \u00a0 \u00a0 \u00a0 \u00a0 \u00a0 \u00a0 \u00a0 \u00a0 \u00a0 \u00a0 \u00a0 \u00a0 \u00a0 \u00a0 \u00a0 \u00a0LUIS \u00a0 \u00a0 \u00a0 \u00a0 \u00a0 \u00a0 \u00a0 \u00a0 \u00a0 \u00a0 \u00a0 \u00a0 \u00a0 \u00a0 \u00a0 QUINTERO \u00a0MILAN\u00c9S\u00a0\u00a0\u00a0\u00a0\u00a0\u00a0\u00a0\u00a0\u00a0\u00a0\u00a0\u00a0\u00a0\u00a0\u00a0\u00a0\u00a0\u00a0\u00a0\u00a0\u00a0\u00a0\u00a0\u00a0 \u00a0\u00a0<\/p>\n<p>\u00a0\u00a0\u00a0\u00a0 \u00a0YESID RAM\u00cdREZ \u00a0BASTIDAS\u00a0\u00a0\u00a0\u00a0\u00a0\u00a0\u00a0\u00a0\u00a0\u00a0\u00a0\u00a0\u00a0\u00a0\u00a0\u00a0\u00a0\u00a0\u00a0\u00a0\u00a0\u00a0\u00a0\u00a0\u00a0\u00a0\u00a0\u00a0\u00a0\u00a0 \u00a0JAVIER ZAPATA ORTIZ \u00a0\u00a0<\/p>\n<p>\u00a0\u00a0\u00a0\u00a0\u00a0\u00a0\u00a0\u00a0\u00a0\u00a0\u00a0\u00a0\u00a0\u00a0\u00a0\u00a0\u00a0\u00a0\u00a0\u00a0\u00a0\u00a0\u00a0\u00a0\u00a0\u00a0\u00a0\u00a0\u00a0\u00a0\u00a0\u00a0\u00a0\u00a0\u00a0\u00a0\u00a0\u00a0\u00a0\u00a0\u00a0\u00a0\u00a0\u00a0\u00a0\u00a0\u00a0\u00a0\u00a0\u00a0\u00a0\u00a0\u00a0\u00a0\u00a0\u00a0\u00a0\u00a0\u00a0\u00a0\u00a0\u00a0\u00a0 \u00a0Comisi\u00f3n de servicio \u00a0\u00a0<\/p>\n<p>\u00a0\u00a0\u00a0\u00a0\u00a0\u00a0\u00a0\u00a0\u00a0\u00a0\u00a0\u00a0\u00a0\u00a0\u00a0\u00a0\u00a0\u00a0\u00a0\u00a0\u00a0\u00a0\u00a0\u00a0\u00a0\u00a0\u00a0\u00a0\u00a0\u00a0\u00a0\u00a0\u00a0\u00a0\u00a0\u00a0\u00a0\u00a0\u00a0\u00a0\u00a0\u00a0\u00a0\u00a0\u00a0\u00a0\u00a0\u00a0\u00a0\u00a0\u00a0\u00a0\u00a0\u00a0\u00a0\u00a0\u00a0\u00a0\u00a0\u00a0\u00a0\u00a0\u00a0\u00a0\u00a0\u00a0\u00a0 \u00a0\u00a0<\/p>\n<p>Teresa Ruiz N\u00fa\u00f1ez \u00a0<\/p>\n<p>Secretaria \u00a0\u00a0<\/p>\n<p>\u00a0 \u00a0\u00a0<\/p>\n<p><\/p>\n","protected":false},"excerpt":{"rendered":"<p>\u00a0 \u00a0 Proceso No 31294 \u00a0 CORTE SUPREMA DE JUSTICIA \u00a0 SALA DE CASACI\u00d3N PENAL \u00a0 Magistrado Ponente: \u00a0 ALFREDO \u00a0 \u00a0G\u00d3MEZ \u00a0QUINTERO \u00a0\u00a0 Aprobado Acta No. 119 \u00a0 Bogot\u00e1, \u00a0 \u00a0 \u00a0D.C., \u00a0 \u00a0 veintid\u00f3s (22) de abril de dos mil nueve (2009) \u00a0\u00a0 VISTOS: \u00a0 Se \u00a0pronuncia \u00a0la Sala sobre la solicitud de [&hellip;]<\/p>\n","protected":false},"author":1,"featured_media":0,"comment_status":"open","ping_status":"open","sticky":false,"template":"","format":"standard","meta":{"footnotes":""},"categories":[17],"tags":[],"class_list":["post-18679","post","type-post","status-publish","format-standard","hentry","category-17"],"_links":{"self":[{"href":"https:\/\/dmsjuridica.com\/buscador_20179478954\/salapenalcronologico20230723\/wp-json\/wp\/v2\/posts\/18679","targetHints":{"allow":["GET"]}}],"collection":[{"href":"https:\/\/dmsjuridica.com\/buscador_20179478954\/salapenalcronologico20230723\/wp-json\/wp\/v2\/posts"}],"about":[{"href":"https:\/\/dmsjuridica.com\/buscador_20179478954\/salapenalcronologico20230723\/wp-json\/wp\/v2\/types\/post"}],"author":[{"embeddable":true,"href":"https:\/\/dmsjuridica.com\/buscador_20179478954\/salapenalcronologico20230723\/wp-json\/wp\/v2\/users\/1"}],"replies":[{"embeddable":true,"href":"https:\/\/dmsjuridica.com\/buscador_20179478954\/salapenalcronologico20230723\/wp-json\/wp\/v2\/comments?post=18679"}],"version-history":[{"count":0,"href":"https:\/\/dmsjuridica.com\/buscador_20179478954\/salapenalcronologico20230723\/wp-json\/wp\/v2\/posts\/18679\/revisions"}],"wp:attachment":[{"href":"https:\/\/dmsjuridica.com\/buscador_20179478954\/salapenalcronologico20230723\/wp-json\/wp\/v2\/media?parent=18679"}],"wp:term":[{"taxonomy":"category","embeddable":true,"href":"https:\/\/dmsjuridica.com\/buscador_20179478954\/salapenalcronologico20230723\/wp-json\/wp\/v2\/categories?post=18679"},{"taxonomy":"post_tag","embeddable":true,"href":"https:\/\/dmsjuridica.com\/buscador_20179478954\/salapenalcronologico20230723\/wp-json\/wp\/v2\/tags?post=18679"}],"curies":[{"name":"wp","href":"https:\/\/api.w.org\/{rel}","templated":true}]}}