{"id":18678,"date":"2023-09-11T19:42:44","date_gmt":"2023-09-11T19:42:44","guid":{"rendered":"https:\/\/dmsjuridica.com\/buscador_20179478954\/salapenalcronologico20230723\/2023\/09\/11\/3129403-06-09\/"},"modified":"2023-09-11T19:42:44","modified_gmt":"2023-09-11T19:42:44","slug":"3129403-06-09","status":"publish","type":"post","link":"https:\/\/dmsjuridica.com\/buscador_20179478954\/salapenalcronologico20230723\/2023\/09\/11\/3129403-06-09\/","title":{"rendered":"31294(03-06-09)"},"content":{"rendered":"\n<p>\u00a0 \u00a0 \u00a0\u00a0<\/p>\n<p>Proceso No 31294 \u00a0<\/p>\n<p>CORTE SUPREMA DE JUSTICIA \u00a0<\/p>\n<p>SALA DE CASACI\u00d3N PENAL \u00a0<\/p>\n<p>\u00a0\u00a0\u00a0\u00a0\u00a0\u00a0\u00a0\u00a0\u00a0\u00a0\u00a0\u00a0\u00a0\u00a0\u00a0\u00a0 \u00a0 \u00a0 \u00a0 \u00a0 \u00a0 \u00a0\u00a0 \u00a0\u00a0\u00a0\u00a0\u00a0\u00a0\u00a0\u00a0\u00a0\u00a0\u00a0 \u00a0\u00a0<\/p>\n<p>\u00a0\u00a0\u00a0\u00a0\u00a0\u00a0\u00a0 \u00a0\u00a0<\/p>\n<p>\u00a0\u00a0 \u00a0\u00a0<\/p>\n<p>\u00a0\u00a0\u00a0\u00a0\u00a0\u00a0\u00a0\u00a0\u00a0\u00a0\u00a0\u00a0\u00a0\u00a0 \u00a0Magistrado Ponente \u00a0\u00a0<\/p>\n<p>\u00a0\u00a0\u00a0\u00a0\u00a0\u00a0\u00a0\u00a0\u00a0\u00a0\u00a0\u00a0\u00a0\u00a0\u00a0\u00a0\u00a0\u00a0\u00a0\u00a0\u00a0\u00a0\u00a0\u00a0\u00a0\u00a0\u00a0\u00a0\u00a0\u00a0\u00a0\u00a0\u00a0\u00a0\u00a0\u00a0\u00a0\u00a0\u00a0\u00a0\u00a0\u00a0\u00a0\u00a0\u00a0\u00a0\u00a0\u00a0\u00a0\u00a0 \u00a0ALFREDO G\u00d3MEZ QUINTERO \u00a0\u00a0<\/p>\n<p>\u00a0\u00a0\u00a0\u00a0\u00a0\u00a0\u00a0\u00a0\u00a0\u00a0\u00a0\u00a0\u00a0\u00a0 \u00a0Aprobado Acta No 161 \u00a0\u00a0<\/p>\n<p>Bogot\u00e1 \u00a0D.C. \u00a0tres (03) de junio de dos mil \u00a0nueve (2009) \u00a0\u00a0<\/p>\n<p>VISTOS \u00a0<\/p>\n<p>De conformidad con el art\u00edculo 500 de la Ley \u00a0906 \u00a0de \u00a02004, \u00a0concept\u00faa \u00a0la \u00a0Corte \u00a0sobre \u00a0la \u00a0solicitud \u00a0de extradici\u00f3n del \u00a0ciudadano \u00a0 colombiano \u00a0 JORGE \u00a0 IV\u00c1N \u00a0ARANGO \u00a0YEPES \u00a0identificado \u00a0con la c\u00e9dula de ciudadan\u00eda n\u00famero 15 \u00a0437 \u00a0845 \u00a0elevada por el Gobierno de los Estados Unidos de Am\u00e9rica a trav\u00e9s de \u00a0su Embajada en Colombia. \u00a0\u00a0<\/p>\n<p>ANTECEDENTES \u00a0<\/p>\n<p>JORGE \u00a0 IV\u00c1N \u00a0 ARANGO \u00a0 YEPES \u00a0es \u00a0requerido \u00a0para que comparezca en juicio por delitos federales \u00a0de \u00a0narcotr\u00e1fico ante la Corte Distrital de los Estados Unidos para el Distrito \u00a0Sur \u00a0 de \u00a0 la \u00a0Florida, \u00a0atendiendo \u00a0a \u00a0la \u00a0segunda \u00a0resoluci\u00f3n \u00a0de \u00a0acusaci\u00f3n \u00a0sustitutiva \u00a0n\u00famero \u00a008 \u00a020436 \u00a0CR \u00a0GRAHAM \u00a0(s)(s) \u00a0dictada \u00a0el \u00a0cuatro \u00a0(4) de \u00a0noviembre de dos mil ocho (2008). \u00a0\u00a0<\/p>\n<p>El Gobierno de los Estados Unidos de Am\u00e9rica \u00a0a \u00a0trav\u00e9s \u00a0de \u00a0su Embajada en Colombia elev\u00f3 la solicitud de captura con fines \u00a0de \u00a0extradici\u00f3n mediante la nota diplom\u00e1tica n\u00famero 3307 del 1\u00b0 de diciembre \u00a0de \u00a02008, \u00a0y la formaliz\u00f3 con la nota diplom\u00e1tica n\u00famero 200 del 2 de Febrero \u00a0de 2009. \u00a0\u00a0<\/p>\n<p>La petici\u00f3n fue remitida mediante oficio No. \u00a0OAJ.E \u00a0194 \u00a0del 3 de febrero de 2009 por el Jefe de la Oficina Asesora Jur\u00eddica \u00a0del \u00a0Ministerio de Relaciones Exteriores al Ministro del Interior y de Justicia, \u00a0se\u00f1alando \u00a0que \u00a0\u201cEn \u00a0atenci\u00f3n a lo establecido en \u00a0nuestra \u00a0legislaci\u00f3n procesal penal interna, me permito manifestarle que por no \u00a0existir \u00a0Convenio \u00a0aplicable \u00a0al \u00a0caso es procedente obrar de conformidad con el \u00a0ordenamiento \u00a0 procesal \u00a0 penal \u00a0 colombiano\u201d.\u00a0 \u00a0(Folio 241 del antecedente). \u00a0\u00a0<\/p>\n<p>Con \u00a0 oficio \u00a0 No. \u00a0 OFI \u00a009 \u00a0\u2013 \u00a03366 \u00a0DVJ \u00a00300 del 11 de febrero de \u00a02009, \u00a0el \u00a0se\u00f1or Viceministro de Justicia y del Derecho envi\u00f3 los antecedentes \u00a0a \u00a0la \u00a0Sala Penal de la H. Corte Suprema de Justicia, con la finalidad de que la \u00a0Corporaci\u00f3n emita el correspondiente concepto. \u00a0\u00a0<\/p>\n<p>La \u00a0nota \u00a0diplom\u00e1tica 200 que formaliz\u00f3 la \u00a0petici\u00f3n \u00a0de \u00a0extradici\u00f3n refiere que el se\u00f1or JORGE \u00a0IV\u00c1N \u00a0ARANGO YEPES est\u00e1 llamado a responder en juicio \u00a0criminal \u00a0 \u00a0 por \u00a0 \u00a0 concierto \u00a0 \u00a0para \u00a0 \u00a0importar, \u00a0distribuir \u00a0 \u00a0 \u00a0 \u00a0 \u00a0 y \u00a0 \u00a0 \u00a0 \u00a0 \u00a0 poseer con la intenci\u00f3n de distribuir un \u00a0kilogramo \u00a0 \u00a0 \u00a0 \u00a0o \u00a0 \u00a0 \u00a0 \u00a0m\u00e1s \u00a0 \u00a0 \u00a0 de \u00a0 \u00a0 \u00a0 hero\u00edna;\u00a0 \u00a0 \u00a0 \u00a0 importar un kilogramo o m\u00e1s de hero\u00edna, \u00a0e \u00a0intento \u00a0de \u00a0posesi\u00f3n e \u00a0intento \u00a0de distribuci\u00f3n de \u00a0un \u00a0kilogramo o m\u00e1s de hero\u00edna a los Estados Unidos, conductas imputadas en la \u00a0resoluci\u00f3n \u00a0de \u00a0acusaci\u00f3n \u00a0de la Corte Distrital de los Estados Unidos para el \u00a0Distrito \u00a0Sur \u00a0de \u00a0la \u00a0Florida, \u00a0que refiere hechos sucedidos despu\u00e9s del 17 de \u00a0diciembre \u00a0de 1997 cuando se restableci\u00f3 la extradici\u00f3n de nacionales conforme \u00a0al \u00a0Acto \u00a0Legislativo \u00a0No. \u00a001 \u00a0de \u00a01997, \u00a0que \u00a0modific\u00f3 \u00a0el art\u00edculo 35 de la \u00a0Constituci\u00f3n Pol\u00edtica de Colombia. \u00a0\u00a0<\/p>\n<p>1)\u00a0 \u00a0Los \u00a0hechos \u00a0referidos \u00a0en la nota \u00a0diplom\u00e1tica \u00a0\u00a0<\/p>\n<p>\u201cLos \u00a0hechos \u00a0del \u00a0caso \u00a0indican \u00a0que \u00a0la \u00a0organizaci\u00f3n \u00a0de tr\u00e1fico de drogas (DTO), a la cual pertenec\u00edan los acusados, \u00a0obten\u00eda \u00a0y \u00a0embarcaba \u00a0hero\u00edna \u00a0y \u00a0coca\u00edna \u00a0a los Estados Unidos a trav\u00e9s de \u00a0embarcaciones \u00a0 mar\u00edtimas \u00a0y \u00a0aviones \u00a0de \u00a0carga.\u00a0 \u00a0Julio \u00a0C\u00e9sar \u00a0Montoya \u00a0Ram\u00edrez, \u00a0Juan \u00a0Carlos L\u00f3pez Ortega, Jorge Iv\u00e1n Herrera Bedoya, Juan Fernando \u00a0Cardona \u00a0Arboleda, \u00a0Erika \u00a0Paulina \u00a0Ocampo \u00a0\u00c1lvarez, \u00a0Ana \u00a0Cecilia Tamayo West, \u00a0JORGE \u00a0IV\u00c1N \u00a0ARANGO YEPES, \u00a0Gabriel \u00a0Jaime Echeverri S\u00e1nchez, Miguel \u00c1ngel Paniagua Mu\u00f1oz, Nelson Salazar \u00a0Murillo \u00a0y \u00a0Carlos \u00a0Mart\u00edn \u00a0Segura Kapler viven en Colombia.\u00a0 Julio C\u00e9sar \u00a0Montoya \u00a0Ram\u00edrez, \u00a0Juan \u00a0Carlos \u00a0L\u00f3pez \u00a0Ortega \u00a0y \u00a0Jorge \u00a0Iv\u00e1n Herrera Bedoya \u00a0financian \u00a0los cargamentos de hero\u00edna al suministrar los dineros para pagar los \u00a0gastos \u00a0 de \u00a0 exportaci\u00f3n \u00a0y \u00a0frecuentemente \u00a0suministraban \u00a0la \u00a0hero\u00edna \u00a0como \u00a0tal.\u00a0\u00a0 \u00a0Carlos \u00a0Mart\u00edn \u00a0Segura \u00a0Kapler \u00a0organiz\u00f3 \u00a0un \u00a0cargamento \u00a0de \u00a0hero\u00edna \u00a0y \u00a0coca\u00edna \u00a0que \u00a0fue \u00a0incautado \u00a0en \u00a0el \u00a0Aeropuerto \u00a0Internacional de \u00a0Miami.\u00a0 \u00a0Erika \u00a0Paulina \u00a0Ocampo \u00a0\u00c1lvarez y Ana Cecilia Tamayo West son las \u00a0propietarias \u00a0y \u00a0administradoras \u00a0de una empresa de exportaci\u00f3n en Colombia que \u00a0es \u00a0utilizada \u00a0para embarcar el cargamento que conten\u00eda la hero\u00edna.\u00a0 Juan \u00a0Fernando \u00a0 Cardona \u00a0 Arboleda, \u00a0JORGE \u00a0IV\u00c1N \u00a0ARANGO \u00a0YEPES, \u00a0Gabriel \u00a0Jaime \u00a0Echeverri \u00a0S\u00e1nchez, \u00a0Nelson \u00a0Salazar \u00a0Murillo \u00a0y \u00a0Miguel \u00a0\u00c1ngel \u00a0Paniagua Mu\u00f1oz se encargan de entregar los \u00a0cargamentos \u00a0 en \u00a0 los \u00a0aviones \u00a0en \u00a0Colombia \u00a0y \u00a0los \u00a0detalles \u00a0de \u00a0entrega \u00a0en \u00a0Miami.\u00a0 \u00a0Los \u00a0acusados \u00a0obten\u00edan \u00a0m\u00faltiples \u00a0kilogramos \u00a0de hero\u00edna y se \u00a0encargaban \u00a0 de \u00a0ocultarlos \u00a0de \u00a0diversas \u00a0maneras, \u00a0ya \u00a0sea \u00a0por \u00a0embarcaciones \u00a0mar\u00edtimas \u00a0 y\/o \u00a0avi\u00f3n \u00a0con \u00a0destino \u00a0a \u00a0Miami, \u00a0Florida.\u00a0 \u00a0Una \u00a0vez \u00a0los \u00a0narc\u00f3ticos \u00a0llegaban \u00a0a \u00a0Miami, \u00a0otros individuos involucrados en la acusaci\u00f3n \u00a0eran \u00a0los \u00a0responsables \u00a0de \u00a0retirar los narc\u00f3ticos del puerto de Miami y\/o del \u00a0Aeropuerto \u00a0 \u00a0de \u00a0 \u00a0Miami \u00a0 \u00a0y \u00a0 \u00a0distribuirlos \u00a0 \u00a0dentro \u00a0 \u00a0de \u00a0 \u00a0los \u00a0 Estados \u00a0Unidos\u201d. \u00a0\u00a0<\/p>\n<p>2)\u00a0 La captura \u00a0<\/p>\n<p>Atendiendo la solicitud de captura con fines \u00a0de \u00a0extradici\u00f3n \u00a0de \u00a0la primera nota diplom\u00e1tica, el 2 de diciembre de 2008 el \u00a0Fiscal \u00a0General \u00a0de \u00a0la \u00a0Naci\u00f3n \u00a0profiri\u00f3 \u00a0la \u00a0resoluci\u00f3n \u00a0de \u00a0captura contra \u00a0JORGE \u00a0 \u00a0 IV\u00c1N \u00a0 \u00a0 ARANGO \u00a0 \u00a0YEPES \u00a0 \u00a0identificado \u00a0con \u00a0la \u00a0c\u00e9dula de ciudadan\u00eda n\u00famero 15 437 845, la \u00a0que \u00a0se \u00a0produjo por agentes de Polic\u00eda Nacional en la ciudad de Medell\u00edn el 5 \u00a0de diciembre siguiente.\u00a0 (Fls. 11 &#8211; 21). \u00a0\u00a0<\/p>\n<p>Actualmente, \u00a0el \u00a0ciudadano \u00a0solicitado \u00a0se \u00a0encuentra \u00a0privado \u00a0de \u00a0su libertad en la Penitenciar\u00eda de m\u00e1xima seguridad de \u00a0C\u00f3mbita \u00a0 \u00a0\u2013 \u00a0 Boyac\u00e1 \u00a0\u2013 Colombia. \u00a0\u00a0<\/p>\n<p>3)\u00a0 Los cargos &#8211; acusaci\u00f3n del Tribunal \u00a0requirente \u00a0\u00a0<\/p>\n<p>De \u00a0 conformidad \u00a0con \u00a0la \u00a0resoluci\u00f3n \u00a0de \u00a0acusaci\u00f3n \u00a0sustitutiva \u00a0n\u00famero 08 20436 CR GRAHAM (s)(s) del 4 de noviembre de \u00a02008 \u00a0proferida \u00a0por \u00a0la \u00a0Corte Distrital de los Estados Unidos para el Distrito \u00a0Sur \u00a0de \u00a0la \u00a0Florida, \u00a0que \u00a0materializa \u00a0la \u00a0imputaci\u00f3n, \u00a0los \u00a0cargos \u00a0son \u00a0los \u00a0siguientes: \u00a0\u00a0<\/p>\n<p>\u201cEstados \u00a0Unidos \u00a0de \u00a0Am\u00e9rica \u00a0contra\u2026 \u00a0JORGE \u00a0 \u00a0 \u00a0IV\u00c1N \u00a0 \u00a0 \u00a0ARANGO \u00a0 \u00a0 YEPES\u2026 \u00a0\u00a0<\/p>\n<p>&#8230; El gran Jurado imputa: \u00a0<\/p>\n<p>\u201cCargo 1 \u00a0<\/p>\n<p>Empezando \u00a0el \u00a0mes \u00a0de \u00a0abril \u00a0de \u00a02007 \u00a0o \u00a0alrededor \u00a0de \u00a0esa fecha, siendo la fecha exacta desconocida por el Gran Jurado, \u00a0y \u00a0continuando \u00a0hasta \u00a0la \u00a0fecha \u00a0de \u00a0la \u00a0formulaci\u00f3n \u00a0y \u00a0presentaci\u00f3n de esta \u00a0Acusaci\u00f3n \u00a0Formal, \u00a0en el Condado de Miami Dade, en el Distrito Judicial Sur de \u00a0la \u00a0Florida, y en otros lugares, los acusados\u2026 JORGE \u00a0IV\u00c1N \u00a0ARANGO \u00a0YEPES\u2026 a sabiendas e intencionalmente \u00a0se \u00a0asociaron, \u00a0conspiraron, \u00a0se \u00a0confabularon y acordaron entre s\u00ed y con otros \u00a0individuos \u00a0desconocidos \u00a0por \u00a0el Gran Jurado para importar a los Estados Unidos \u00a0desde \u00a0un \u00a0lugar \u00a0fuera de este pa\u00eds una sustancia controlada, en violaci\u00f3n de \u00a0la \u00a0Secci\u00f3n \u00a0952(a) del T\u00edtulo 21 del C\u00f3digo de la Legislatura Federal de los \u00a0Estados \u00a0Unidos, \u00a0todo \u00a0ello en violaci\u00f3n de la Secci\u00f3n 963 del T\u00edtulo 21 del \u00a0C\u00f3digo de la Legislatura Federal de los Estados Unidos. \u00a0\u00a0<\/p>\n<p>De conformidad con la Secci\u00f3n 960(b)(1)(A) \u00a0del \u00a0T\u00edtulo \u00a021 del C\u00f3digo de la Legislatura Federal de los Estados Unidos, se \u00a0alega \u00a0adem\u00e1s \u00a0que \u00a0esta \u00a0violaci\u00f3n \u00a0involucr\u00f3 un (1) kilogramo o m\u00e1s de una \u00a0mezcla \u00a0 \u00a0y \u00a0 \u00a0sustancia \u00a0 \u00a0que \u00a0 \u00a0conten\u00eda \u00a0 \u00a0una \u00a0 cantidad \u00a0 detectable \u00a0 de \u00a0hero\u00edna. \u00a0\u00a0<\/p>\n<p>De conformidad con la Secci\u00f3n 960(b)(2)(B) \u00a0del \u00a0T\u00edtulo \u00a021 del C\u00f3digo de la Legislatura Federal de los Estados Unidos, se \u00a0alega \u00a0adem\u00e1s \u00a0que esta violaci\u00f3n involucr\u00f3 quinientos (500) gramos o m\u00e1s de \u00a0una \u00a0mezcla \u00a0y \u00a0sustancia \u00a0que \u00a0conten\u00eda \u00a0una \u00a0cantidad detectable de coca\u00edna. \u00a0\u00a0<\/p>\n<p>Cargo \u00a02.\u00a0 \u00a0\u00a0<\/p>\n<p>Empezando \u00a0el \u00a0mes \u00a0de \u00a0abril \u00a0de \u00a02007 \u00a0o \u00a0alrededor \u00a0de \u00a0esa fecha, siendo la fecha exacta desconocida por el Gran Jurado, \u00a0y \u00a0continuando \u00a0hasta \u00a0la \u00a0fecha \u00a0de \u00a0la \u00a0formulaci\u00f3n \u00a0y \u00a0presentaci\u00f3n de esta \u00a0Acusaci\u00f3n \u00a0Formal, \u00a0en \u00a0el \u00a0pa\u00eds de Colombia, Sudam\u00e9rica, y en otros lugares, \u00a0los \u00a0acusados\u2026 JORGE IV\u00c1N ARANGO YEPES\u2026 \u00a0a \u00a0sabiendas \u00a0e intencionalmente se asociaron, conspiraron, se \u00a0confabularon \u00a0y \u00a0acordaron \u00a0entre s\u00ed y con otros individuos desconocidos por el \u00a0Gran \u00a0Jurado para distribuir una sustancia controlada de la Lista I o II, con el \u00a0prop\u00f3sito \u00a0de \u00a0que dicha sustancia controlada sea il\u00edcitamente importada a los \u00a0Estados \u00a0Unidos, \u00a0en \u00a0violaci\u00f3n \u00a0de \u00a0la \u00a0Secci\u00f3n \u00a0959(a)(1) del T\u00edtulo 21 del \u00a0C\u00f3digo \u00a0de \u00a0la \u00a0Legislatura \u00a0Federal \u00a0de \u00a0los \u00a0Estados \u00a0Unidos, \u00a0todo \u00a0ello \u00a0en \u00a0violaci\u00f3n \u00a0de \u00a0la \u00a0Secci\u00f3n \u00a0963 \u00a0del \u00a0T\u00edtulo 21 del C\u00f3digo de la Legislatura \u00a0Federal de los Estados Unidos. \u00a0\u00a0<\/p>\n<p>De conformidad con la Secci\u00f3n 960(b)(1)(A) \u00a0del \u00a0T\u00edtulo \u00a021 del C\u00f3digo de la Legislatura Federal de los Estados Unidos, se \u00a0alega \u00a0adem\u00e1s \u00a0que \u00a0esta \u00a0violaci\u00f3n \u00a0involucr\u00f3 un (1) kilogramo o m\u00e1s de una \u00a0mezcla \u00a0 \u00a0y \u00a0 \u00a0sustancia \u00a0 \u00a0que \u00a0 \u00a0conten\u00eda \u00a0 \u00a0una \u00a0 cantidad \u00a0 detectable \u00a0 de \u00a0hero\u00edna. \u00a0\u00a0<\/p>\n<p>De conformidad con la Secci\u00f3n 960(b)(2)(B) \u00a0del \u00a0T\u00edtulo \u00a021 del C\u00f3digo de la Legislatura Federal de los Estados Unidos, se \u00a0alega \u00a0adem\u00e1s \u00a0que esta violaci\u00f3n involucr\u00f3 quinientos (500) gramos o m\u00e1s de \u00a0una \u00a0 mezcla \u00a0 y \u00a0 sustancia \u00a0 que \u00a0 conten\u00eda \u00a0 una \u00a0 cantidad \u00a0 detectable \u00a0de \u00a0coca\u00edna. \u00a0\u00a0<\/p>\n<p>Cargo 3. \u00a0<\/p>\n<p>Empezando \u00a0el \u00a0mes \u00a0de \u00a0abril \u00a0de \u00a02007 \u00a0o \u00a0alrededor \u00a0de \u00a0esa fecha, siendo la fecha exacta desconocida por el Gran Jurado, \u00a0y \u00a0continuando \u00a0hasta \u00a0la \u00a0fecha \u00a0de \u00a0la \u00a0formulaci\u00f3n \u00a0y \u00a0presentaci\u00f3n de esta \u00a0Acusaci\u00f3n \u00a0Formal, \u00a0en el Condado de Miami Dade, en el Distrito Judicial Sur de \u00a0la \u00a0Florida, y en otros lugares, los acusados\u2026 JORGE \u00a0IV\u00c1N \u00a0ARANGO \u00a0YEPES\u2026 a sabiendas e intencionalmente \u00a0se \u00a0asociaron, \u00a0conspiraron, \u00a0se \u00a0confabularon y acordaron entre s\u00ed y con otros \u00a0individuos \u00a0desconocidos \u00a0por \u00a0el \u00a0Gran \u00a0Jurado \u00a0para \u00a0poseer \u00a0con intenci\u00f3n de \u00a0distribuir \u00a0una sustancia controlada, en violaci\u00f3n de la Secci\u00f3n 841(a)(1) del \u00a0T\u00edtulo \u00a021 \u00a0del \u00a0C\u00f3digo \u00a0de la Legislatura Federal de los Estados Unidos, todo \u00a0ello \u00a0en \u00a0violaci\u00f3n \u00a0de \u00a0la \u00a0Secci\u00f3n \u00a0846 \u00a0del \u00a0T\u00edtulo \u00a021 \u00a0del C\u00f3digo de la \u00a0Legislatura Federal de los Estados Unidos. \u00a0\u00a0<\/p>\n<p>De \u00a0 \u00a0conformidad \u00a0 con \u00a0 la \u00a0 Secci\u00f3n \u00a0841(b)(1)(A)(i) \u00a0del \u00a0T\u00edtulo \u00a021 \u00a0del \u00a0C\u00f3digo de la Legislatura Federal de los \u00a0Estados \u00a0Unidos, \u00a0se \u00a0alega \u00a0adem\u00e1s \u00a0que \u00a0esta \u00a0violaci\u00f3n \u00a0involucr\u00f3 \u00a0un \u00a0(1) \u00a0kilogramo \u00a0o \u00a0m\u00e1s \u00a0de \u00a0una \u00a0mezcla \u00a0y \u00a0sustancia \u00a0que \u00a0conten\u00eda \u00a0una \u00a0cantidad \u00a0detectable de hero\u00edna. \u00a0\u00a0<\/p>\n<p>De \u00a0 \u00a0conformidad \u00a0 con \u00a0 la \u00a0 Secci\u00f3n \u00a0841(b)(1)(B)(ii) \u00a0del \u00a0T\u00edtulo \u00a021 \u00a0del C\u00f3digo de la Legislatura Federal de los \u00a0Estados \u00a0Unidos, \u00a0se \u00a0alega \u00a0adem\u00e1s \u00a0que \u00a0esta violaci\u00f3n involucr\u00f3 quinientos \u00a0(500) \u00a0gramos \u00a0o \u00a0m\u00e1s \u00a0de \u00a0una \u00a0mezcla \u00a0y \u00a0sustancia que conten\u00eda una cantidad \u00a0detectable de coca\u00edna\u2026 \u00a0\u00a0<\/p>\n<p>Cargo 7 \u00a0<\/p>\n<p>El 2 de octubre de 2007, o alrededor de esa \u00a0fecha, \u00a0en \u00a0el Condado de Miami Dade, en el Distrito Judicial Sur de la Florida, \u00a0y \u00a0en \u00a0otros \u00a0lugares, \u00a0los \u00a0acusados\u2026 \u00a0JORGE IV\u00c1N \u00a0ARANGO \u00a0 YEPES\u2026 \u00a0a \u00a0sabiendas \u00a0e \u00a0intencionalmente \u00a0importaron \u00a0a \u00a0los \u00a0Estados \u00a0Unidos, \u00a0desde \u00a0un \u00a0lugar \u00a0fuera de este pa\u00eds, una \u00a0sustancia \u00a0controlada, \u00a0en \u00a0violaci\u00f3n \u00a0de la Secci\u00f3n 952(a) del T\u00edtulo 21 del \u00a0C\u00f3digo \u00a0de \u00a0la Legislatura Federal de los Estados Unidos y de la Secci\u00f3n 2 del \u00a0Titulo \u00a0 18 \u00a0 del \u00a0 C\u00f3digo \u00a0 de \u00a0 la \u00a0 Legislatura \u00a0 Federal \u00a0 de \u00a0los \u00a0Estados \u00a0Unidos. \u00a0\u00a0<\/p>\n<p>De conformidad con la Secci\u00f3n 960(b)(1)(A) \u00a0del \u00a0T\u00edtulo \u00a021 \u00a0del C\u00f3digo de la Legislatura Federal de los Estaos Unidos, se \u00a0alega \u00a0adem\u00e1s \u00a0que \u00a0esta \u00a0violaci\u00f3n \u00a0involucr\u00f3 un (1) kilogramo o m\u00e1s de una \u00a0mezcla \u00a0 \u00a0y \u00a0 \u00a0sustancia \u00a0 \u00a0que \u00a0 \u00a0conten\u00eda \u00a0 \u00a0una \u00a0 cantidad \u00a0 detectable \u00a0 de \u00a0hero\u00edna. \u00a0\u00a0<\/p>\n<p>Cargo 8 \u00a0<\/p>\n<p>El 25 de octubre de 2007, o alrededor de esa \u00a0fecha, \u00a0en \u00a0el Condado de Miami Dade, en el Distrito Judicial Sur de la Florida, \u00a0y \u00a0en \u00a0otros \u00a0lugares, \u00a0los \u00a0acusados\u2026 \u00a0JORGE IV\u00c1N \u00a0ARANGO \u00a0 YEPES\u2026 \u00a0a \u00a0sabiendas \u00a0e \u00a0intencionalmente \u00a0intentaron \u00a0poseer\u00a0 \u00a0con intenci\u00f3n de distribuir una sustancia controlada, \u00a0en \u00a0violaci\u00f3n \u00a0de \u00a0la \u00a0secci\u00f3n \u00a0841(a)(1) \u00a0del \u00a0T\u00edtulo \u00a021 \u00a0del C\u00f3digo de la \u00a0Legislatura \u00a0Federal \u00a0de los Estados Unidos y de la Secci\u00f3n 2 del Titulo 18 del \u00a0C\u00f3digo de la Legislatura Federal de los Estados Unidos. \u00a0\u00a0<\/p>\n<p>De \u00a0 \u00a0conformidad \u00a0 con \u00a0 la \u00a0 Secci\u00f3n \u00a0841(b)(1)(A)(i) \u00a0del \u00a0T\u00edtulo \u00a021 \u00a0del \u00a0C\u00f3digo de la Legislatura Federal de los \u00a0Estaos \u00a0Unidos, se alega adem\u00e1s que esta violaci\u00f3n involucr\u00f3 un (1) kilogramo \u00a0o \u00a0m\u00e1s \u00a0de \u00a0una \u00a0mezcla \u00a0y \u00a0sustancia \u00a0que conten\u00eda una cantidad detectable de \u00a0hero\u00edna. \u00a0\u00a0<\/p>\n<p>Cargo 9. \u00a0<\/p>\n<p>El \u00a01\u00b0 de noviembre de 2007, en el Condado \u00a0de \u00a0Miami \u00a0Dade, \u00a0en el Distrito Judicial Sur de la Florida, y en otros lugares, \u00a0los \u00a0acusados\u2026 \u00a0JORGE IV\u00c1N ARANGO YEPES\u2026 \u00a0a \u00a0sabiendas \u00a0e \u00a0intencionalmente \u00a0importaron \u00a0a \u00a0los \u00a0Estados \u00a0Unidos, \u00a0desde \u00a0un \u00a0lugar \u00a0fuera \u00a0de \u00a0este \u00a0pa\u00eds, \u00a0una sustancia controlada, en \u00a0violaci\u00f3n \u00a0de \u00a0la \u00a0Secci\u00f3n 952(a) del T\u00edtulo 21 del C\u00f3digo de la Legislatura \u00a0Federal \u00a0de \u00a0los \u00a0Estados Unidos y de la Secci\u00f3n 2 del Titulo 18 del C\u00f3digo de \u00a0la Legislatura Federal de los Estados Unidos. \u00a0\u00a0<\/p>\n<p>De conformidad con la Secci\u00f3n 960(b)(1)(A) \u00a0del \u00a0T\u00edtulo \u00a021 \u00a0del C\u00f3digo de la Legislatura Federal de los Estaos Unidos, se \u00a0alega \u00a0adem\u00e1s \u00a0que \u00a0esta \u00a0violaci\u00f3n \u00a0involucr\u00f3 un (1) kilogramo o m\u00e1s de una \u00a0mezcla \u00a0 \u00a0y \u00a0 \u00a0sustancia \u00a0 \u00a0que \u00a0 \u00a0conten\u00eda \u00a0 \u00a0una \u00a0 cantidad \u00a0 detectable \u00a0 de \u00a0hero\u00edna. \u00a0\u00a0<\/p>\n<p>Cargo 10 \u00a0<\/p>\n<p>El \u00a07 \u00a0de noviembre de 2007, o alrededor de \u00a0esa \u00a0fecha, \u00a0en \u00a0el \u00a0Condado \u00a0de \u00a0Miami \u00a0Dade, en el Distrito Judicial Sur de la \u00a0Florida, \u00a0y \u00a0en \u00a0otros \u00a0lugares, los acusados\u2026 JORGE \u00a0IV\u00c1N \u00a0ARANGO \u00a0YEPES\u2026 a sabiendas e intencionalmente \u00a0intentaron \u00a0poseer \u00a0con \u00a0intenci\u00f3n \u00a0de \u00a0distribuir una sustancia controlada, en \u00a0violaci\u00f3n \u00a0 de \u00a0la \u00a0secci\u00f3n \u00a0841(a)(1) \u00a0del \u00a0T\u00edtulo \u00a021 \u00a0del \u00a0C\u00f3digo \u00a0de \u00a0la \u00a0Legislatura \u00a0Federal \u00a0de los Estados Unidos;\u00a0 todo ello en violaci\u00f3n de la \u00a0Secci\u00f3n \u00a0846 \u00a0del \u00a0T\u00edtulo \u00a021 \u00a0del \u00a0C\u00f3digo \u00a0de \u00a0la Legislatura Federal de los \u00a0Estados \u00a0Unidos \u00a0y \u00a0de la Secci\u00f3n 2 del Titulo 18 del C\u00f3digo de la Legislatura \u00a0Federal de los Estados Unidos. \u00a0\u00a0<\/p>\n<p>De \u00a0 \u00a0conformidad \u00a0 con \u00a0 la \u00a0 Secci\u00f3n \u00a0841(b)(1)(A)(i) \u00a0del \u00a0T\u00edtulo \u00a021 \u00a0del \u00a0C\u00f3digo de la Legislatura Federal de los \u00a0Estados \u00a0Unidos, \u00a0se \u00a0alega \u00a0adem\u00e1s \u00a0que \u00a0esta \u00a0violaci\u00f3n \u00a0involucr\u00f3 \u00a0un \u00a0(1) \u00a0kilogramo \u00a0o \u00a0m\u00e1s \u00a0de \u00a0una \u00a0mezcla \u00a0y \u00a0sustancia \u00a0que \u00a0conten\u00eda \u00a0una \u00a0cantidad \u00a0detectable \u00a0de \u00a0hero\u00edna.\u201d\u00a0 \u00a0(Anexo \u00a0prueba B., \u00a0Folios \u00a0 83 \u00a0 \u2013 \u00a096 \u00a0del \u00a0antecedente). \u00a0\u00a0<\/p>\n<p>4)\u00a0 \u00a0Legislaci\u00f3n \u00a0penal de los Estados \u00a0Unidos \u00a0\u00a0<\/p>\n<p>Con la solicitud, el pa\u00eds requirente aport\u00f3 \u00a0copia \u00a0de \u00a0las \u00a0normas penales del C\u00f3digo de los Estados Unidos que fundamentan \u00a0jur\u00eddicamente cada uno de los cargos: \u00a0\u00a0<\/p>\n<p>T\u00edtulo \u00a021, \u00a0C\u00f3digo de los Estados Unidos, \u00a0Secci\u00f3n \u00a0 \u00a0 \u00a0 812 \u00a0 \u00a0 \u00a0 (a)(b)(10):\u00a0 \u00a0 \u00a0 \u00a0 Tabla \u00a0 \u00a0 \u00a0 de \u00a0 \u00a0 \u00a0 sustancias \u00a0controladas\u2026.Hero\u00edna; \u00a0\u00a0<\/p>\n<p>T\u00edtulo 21 del C\u00f3digo de los Estados unidos, \u00a0Secci\u00f3n \u00a0841(a)(b)\u2026 \u00a0Actos prohibidos\u2026 (1) fabricar, distribuir, dispensar, \u00a0poseer \u00a0con \u00a0intenciones \u00a0de \u00a0fabricar, \u00a0distribuir \u00a0o \u00a0dispensar, una sustancia \u00a0controlada \u00a0(2) \u00a0Crear, \u00a0distribuir \u00a0o \u00a0dispensar, \u00a0o \u00a0poseer con intenciones de \u00a0distribuir o dispensar, una sustancia de imitaci\u00f3n\u2026. \u00a0\u00a0<\/p>\n<p>T\u00edtulo \u00a021, C\u00f3digo de los Estados Unidos, \u00a0Secci\u00f3n 846.\u00a0 Tentativa y concierto. \u00a0\u00a0<\/p>\n<p>T\u00edtulo \u00a021, C\u00f3digo de los Estados Unidos, \u00a0Secci\u00f3n 853.\u00a0 Extinci\u00f3n penal del derecho de dominio. \u00a0\u00a0<\/p>\n<p>T\u00edtulo \u00a021, C\u00f3digo de los Estados Unidos, \u00a0Secci\u00f3n 952.\u00a0 Importaci\u00f3n de sustancias controladas. \u00a0\u00a0<\/p>\n<p>T\u00edtulo \u00a021, C\u00f3digo de los Estados Unidos, \u00a0Secci\u00f3n \u00a0959.\u00a0 \u00a0Fabricaci\u00f3n \u00a0o \u00a0distribuci\u00f3n \u00a0con \u00a0fines de importaci\u00f3n \u00a0il\u00edcita de sustancias controladas. \u00a0\u00a0<\/p>\n<p>T\u00edtulo \u00a021, C\u00f3digo de los Estados Unidos, \u00a0Secci\u00f3n \u00a0960 \u00a0(a)(1).\u00a0 \u00a0Actos ilegales\u2026importar o exportar una sustancia \u00a0controlada. \u00a0\u00a0<\/p>\n<p>T\u00edtulo \u00a021, C\u00f3digo de los Estados Unidos, \u00a0Secci\u00f3n 963.\u00a0 Tentativa y concierto. \u00a0\u00a0<\/p>\n<p>T\u00edtulo \u00a018, C\u00f3digo de los Estados Unidos, \u00a0Secci\u00f3n 2.\u00a0 Autores. \u00a0\u00a0<\/p>\n<p>T\u00edtulo \u00a018, C\u00f3digo de los Estados Unidos, \u00a0Secci\u00f3n \u00a03282.\u00a0 \u00a0Delitos \u00a0no \u00a0conminados \u00a0con pena de muerte.\u00a0 (Anexo \u00a0prueba \u00a0A, \u00a0folios \u00a098 \u00a0\u2013 \u00a0109). \u00a0\u00a0<\/p>\n<p>5. \u00a0\u00a0 \u00a0 \u00a0\u00a0 \u00a0\u00a0Actuaci\u00f3n \u00a0ante \u00a0la \u00a0Corte \u00a0Suprema \u00a0de \u00a0Justicia \u00a0\u00a0<\/p>\n<p>Despu\u00e9s \u00a0 de \u00a0 reconocer \u00a0 al \u00a0 defensor \u00a0contractual \u00a0(auto del 6 de marzo de 2009, fl. 14), la Corte corri\u00f3 traslado de \u00a0la \u00a0solicitud \u00a0de extradici\u00f3n y de las pruebas que fundamentan la petici\u00f3n con \u00a0la \u00a0finalidad \u00a0de \u00a0que \u00a0los \u00a0sujetos procesales (Defensor y Ministerio P\u00fablico) \u00a0solicitaran pruebas: \u00a0\u00a0<\/p>\n<p>Por \u00a0auto del 22 de abril de 2009 (Fls. 214 \u00a0\u2013 \u00a0224) \u00a0la Sala neg\u00f3 la \u00a0solicitud que hiciera el Procurador Delegado. \u00a0\u00a0<\/p>\n<p>6.\u00a0 Alegatos de Conclusi\u00f3n \u00a0<\/p>\n<p>6.1.\u00a0 \u00a0 El \u00a0Procurador \u00a0Delegado \u00a0para la Casaci\u00f3n Penal requiri\u00f3 a la Corte en el sentido \u00a0de \u00a0que \u00a0concept\u00fae \u00a0favorablemente por estar acreditada la validez formal de la \u00a0documentaci\u00f3n \u00a0aportada, \u00a0porque \u00a0no \u00a0hay \u00a0duda \u00a0de la identidad del requerido, \u00a0porque \u00a0las conductas que motivaron la petici\u00f3n de extradici\u00f3n tambi\u00e9n est\u00e1n \u00a0incriminadas \u00a0en \u00a0el \u00a0c\u00f3digo \u00a0penal \u00a0colombiano y sus normas modificatorias que \u00a0corresponden \u00a0 con \u00a0 los \u00a0 delitos \u00a0de \u00a0concierto \u00a0para \u00a0delinquir \u00a0y \u00a0tr\u00e1fico, \u00a0fabricaci\u00f3n y porte de estupefacientes. \u00a0\u00a0<\/p>\n<p>El \u00a0 Procurador \u00a0pidi\u00f3 \u00a0a \u00a0la \u00a0Sala \u00a0que \u00a0previniera \u00a0al \u00a0Gobierno \u00a0Nacional \u00a0para \u00a0que \u00a0\u201csugiera \u00a0al gobierno\u201d que la \u00a0entrega \u00a0limita \u00a0el \u00a0juzgamiento \u00a0a \u00a0las \u00a0conductas que originan la petici\u00f3n de \u00a0extradici\u00f3n \u00a0y \u00a0ante \u00a0una eventual condena, que condicione la extradici\u00f3n a la \u00a0exclusi\u00f3n \u00a0de \u00a0la \u00a0pena \u00a0de \u00a0muerte \u00a0y \u00a0de \u00a0los tratos inhumanos, degradantes y \u00a0crueles.\u00a0 \u00a0 \u00a0(Folios \u00a0 \u00a0229 \u00a0 \u00a0\u2013 245). \u00a0\u00a0<\/p>\n<p>6.2.\u00a0 \u00a0 La \u00a0defensa \u00a0 aleg\u00f3 \u00a0 que \u00a0 no \u00a0existe \u00a0prueba \u00a0que \u00a0permita \u00a0inferir \u00a0siquiera \u00a0la \u00a0participaci\u00f3n \u00a0 del \u00a0 se\u00f1or \u00a0 JORGE \u00a0 IV\u00c1N \u00a0ARANGO \u00a0YEPES \u00a0en \u00a0hechos de narcotr\u00e1fico;\u00a0 record\u00f3 que \u00a0su \u00a0cliente \u00a0se \u00a0desempe\u00f1a \u00a0como cotero del \u00e1rea de descarga de una empresa de \u00a0transporte \u00a0de carga y que de ninguna manera se dedica a actividades delictivas, \u00a0por \u00a0lo \u00a0que \u00a0requiri\u00f3 \u00a0una \u00a0investigaci\u00f3n \u00a0integral, en aras de garantizar el \u00a0debido proceso y la presunci\u00f3n de inocencia de su defendido. \u00a0\u00a0<\/p>\n<p>Pidi\u00f3 \u00a0conceptuar \u00a0desfavorablemente \u00a0la \u00a0solicitud de extradici\u00f3n. \u00a0\u00a0<\/p>\n<p>CONSIDERACIONES \u00a0DE LA \u00a0SALA \u00a0\u00a0<\/p>\n<p>1.\u00a0 \u00a0Como no \u00a0existe \u00a0tratado \u00a0de \u00a0extradici\u00f3n \u00a0entre el pa\u00eds solicitante y la Rep\u00fablica de \u00a0Colombia, \u00a0tal \u00a0como \u00a0lo expres\u00f3 el se\u00f1or Jefe de la Oficina Asesora Jur\u00eddica \u00a0del \u00a0Ministerio \u00a0de \u00a0Relaciones \u00a0Exteriores, \u00a0se aplica la ley procesal penal en \u00a0este \u00a0tr\u00e1mite, pues todas las conductas objeto de imputaci\u00f3n se cometieron con \u00a0posterioridad \u00a0a \u00a0la \u00a0entrada \u00a0en \u00a0vigencia \u00a0del \u00a0nuevo C\u00f3digo de Procedimiento \u00a0Penal1 \u00a0(a \u00a0partir \u00a0del \u00a01\u00b0 \u00a0de \u00a0enero \u00a0de \u00a02005;\u00a0 \u00a0conc. \u00a0Art. \u00a0530 \u00a0ib.).\u00a0 \u00a0Por ello, la Corte emite concepto de conformidad con lo establecido \u00a0en los art\u00edculo 501 y 502 ib. \u00a0\u00a0<\/p>\n<p>2.\u00a0 \u00a0 La \u00a0extradici\u00f3n\u00a0 \u00a0de\u00a0 \u00a0nacionales\u00a0 \u00a0por\u00a0 nacimiento (como es el \u00a0caso \u00a0 del \u00a0 ciudadano\u00a0 \u00a0JORGE\u00a0 \u00a0IV\u00c1N\u00a0 \u00a0ARANGO\u00a0 \u00a0YEPES\u00a0 \u00a0identificado con la c\u00e9dula \u00a0de \u00a0 \u00a0ciudadan\u00eda \u00a0 \u00a0n\u00famero \u00a0 15 \u00a0 437 \u00a0 845) \u00a0 es \u00a0 permitida \u00a0 por \u00a0 la\u00a0 \u00a0Constituci\u00f3n\u00a0 \u00a0Pol\u00edtica \u00a0de \u00a0conformidad \u00a0con el art\u00edculo 35, modificado \u00a0por \u00a0el art\u00edculo\u00a0 1\u00b0\u00a0 del\u00a0 Acto\u00a0 \u00a0Legislativo\u00a0 \u00a0No. \u00a01 \u00a0de\u00a0 \u00a01997.\u00a0 \u00a0A \u00a0partir de la vigencia\u00a0 \u00a0de\u00a0 la\u00a0 reforma\u00a0 a\u00a0 la\u00a0 Carta \u00a0\u00a0<\/p>\n<p>Pol\u00edtica es jur\u00eddicamente posible conceder \u00a0la \u00a0extradici\u00f3n por delitos cometidos en el exterior considerados como tales en \u00a0la \u00a0legislaci\u00f3n \u00a0penal \u00a0colombiana, salvo \u00a0que \u00a0se \u00a0trate de delitos pol\u00edticos y de conductas cometidas con \u00a0anterioridad \u00a0a la promulgaci\u00f3n del acto legislativo (Diario Oficial No. 43.195 \u00a0del \u00a017 \u00a0de \u00a0diciembre de 1997).\u00a0 Ninguna de las excepciones se verifica en \u00a0este tr\u00e1mite. \u00a0\u00a0<\/p>\n<p>3.\u00a0 \u00a0 La \u00a0 validez \u00a0 formal \u00a0 de \u00a0la \u00a0documentaci\u00f3n \u00a0presentada \u00a0por \u00a0el \u00a0pa\u00eds solicitante\u00a0 (Art. 495 de la Ley \u00a0906 de 2004): \u00a0\u00a0<\/p>\n<p>El \u00a0 Tribunal \u00a0 de \u00a0 justicia \u00a0requirente \u00a0acompa\u00f1\u00f3 \u00a0la solicitud de los siguientes documentos, autenticados y traducidos \u00a0al castellano: \u00a0\u00a0<\/p>\n<p>3.1.\u00a0 \u00a0Copia de la segunda resoluci\u00f3n \u00a0de \u00a0acusaci\u00f3n \u00a0sustitutiva n\u00famero 08 20436 CR GRAHAM (s)(s) del 4 de noviembre \u00a0de \u00a02008 proferida por la Corte Distrital de los Estados Unidos para el Distrito \u00a0Sur \u00a0 de \u00a0 la \u00a0 Florida \u00a0(folios \u00a083 \u00a0\u2013 96) \u00a0\u00a0<\/p>\n<p>3.2.\u00a0 \u00a0Copia \u00a0de \u00a0la \u00a0orden de captura \u00a0expedida \u00a0por \u00a0el \u00a0Tribunal \u00a0del \u00a0Distrito \u00a0Sur \u00a0de la Florida. (Prueba C-7, fl. \u00a069). \u00a0\u00a0<\/p>\n<p>3.3.\u00a0 \u00a0Copia \u00a0de las disposiciones del \u00a0C\u00f3digo \u00a0Penal \u00a0de \u00a0los \u00a0Estados \u00a0Unidos relativas a los cargos contenidos en la \u00a0resoluci\u00f3n de acusaci\u00f3n.\u00a0 (Anexo Prueba A, folios 98 &#8211; 109). \u00a0\u00a0<\/p>\n<p>3.4.\u00a0 \u00a0Declaraciones juradas de Andrea \u00a0G. \u00a0Hoffman, \u00a0Fiscal \u00a0Auxiliar \u00a0de los Estados Unidos para el Distrito Sur de la \u00a0Florida, \u00a0asignada al Grupo Especial de Trabajo (HIDTA) \u00c1rea de Alta Intensidad \u00a0de \u00a0Tr\u00e1fico \u00a0de \u00a0Drogas, \u00a0asignada \u00a0a \u00a0la \u00a0investigaci\u00f3n \u00a0contra \u00a0JORGE \u00a0IV\u00c1N \u00a0ARANGO \u00a0YEPES y otros (Folios \u00a0112 \u00a0&#8211; \u00a0124) \u00a0y \u00a0declaraci\u00f3n jurada rendida por el Sr. Harold L. Hurley, Agente \u00a0Especial \u00a0de \u00a0la \u00a0Administraci\u00f3n \u00a0Antinarc\u00f3ticos \u00a0de los Estados Unidos (DEA), \u00a0asignado \u00a0a \u00a0la \u00a0Fuerza \u00a0Operativa \u00a0de \u00a0Narc\u00f3ticos \u00a0de Miami, quien actu\u00f3 como \u00a0investigador \u00a0 en \u00a0 las \u00a0 averiguaciones \u00a0que \u00a0determinaron \u00a0la \u00a0resoluci\u00f3n \u00a0de \u00a0acusaci\u00f3n.\u00a0 \u00a0Dichos testimonios fueron rendidos el 9 de enero de 2009 ante \u00a0un \u00a0Juez \u00a0Magistrado \u00a0de \u00a0los \u00a0Estados Unidos para el Distrito Sur de la Florida \u00a0(Fls. 47 &#8211; 59) \u00a0\u00a0<\/p>\n<p>3.5.\u00a0 \u00a0Una \u00a0fotograf\u00eda \u00a0del ciudadano \u00a0solicitado en extradici\u00f3n. (fl. 33) \u00a0\u00a0<\/p>\n<p>Esos \u00a0documentos fueron certificados el 13 \u00a0de \u00a0 enero \u00a0 de \u00a0 2009 \u00a0 por \u00a0 el \u00a0 se\u00f1or \u00a0 Thomas \u00a0 C. \u00a0 Black, \u00a0 Director \u00a0 Asociado \u00a0 de \u00a0la \u00a0Oficina \u00a0de \u00a0Asuntos \u00a0Internacionales, \u00a0Divisi\u00f3n \u00a0de \u00a0lo \u00a0Penal, \u00a0del Departamento de Justicia de los Estados Unidos de \u00a0Norteam\u00e9rica, \u00a0quien \u00a0afirm\u00f3 \u00a0que \u00a0copia \u00a0fiel \u00a0de \u00a0ellos \u00a0se mantienen en los \u00a0archivos \u00a0oficiales \u00a0del \u00a0Departamento \u00a0de \u00a0Justicia \u00a0en \u00a0Washington.\u00a0 (FL. \u00a0125) \u00a0\u00a0<\/p>\n<p>El 14 de enero de 2009, el se\u00f1or Michel B. \u00a0Mukasey, \u00a0Procurador \u00a0de \u00a0los \u00a0Estados \u00a0Unidos, \u00a0certific\u00f3 que efectivamente el \u00a0se\u00f1or \u00a0Thomas \u00a0C. \u00a0Black se \u00a0desempe\u00f1a \u00a0 en \u00a0el \u00a0cargo \u00a0de \u00a0Director \u00a0Asociado \u00a0de \u00a0la \u00a0Oficina \u00a0de \u00a0Asuntos \u00a0Internacionales, \u00a0Divisi\u00f3n \u00a0de \u00a0lo \u00a0Penal, \u00a0del Departamento de Justicia de los \u00a0Estados unidos de Norteam\u00e9rica (Fol. 126) \u00a0\u00a0<\/p>\n<p>La documentaci\u00f3n que sustenta la solicitud \u00a0fue \u00a0avalada \u00a0por la se\u00f1ora Hillary Rodham Clinton, Secretaria de Estado de los \u00a0Estados \u00a0Unidos, \u00a0quien la certific\u00f3 el 22 de enero de 2009 y le fij\u00f3 el sello \u00a0del \u00a0 Departamento \u00a0de \u00a0Justicia \u00a0de \u00a0los \u00a0Estados \u00a0Unidos\u00a0 \u00a0(folio \u00a0228 \u00a0y \u00a0229) \u00a0\u00a0<\/p>\n<p>Los \u00a0antecedentes fueron presentados por la \u00a0se\u00f1ora \u00a0Sonya \u00a0N. \u00a0Jonson, \u00a0Auxiliar \u00a0de \u00a0autenticaciones \u00a0del \u00a0Departamento de \u00a0Estado, \u00a0el \u00a0mismo d\u00eda, ante el C\u00f3nsul de Colombia en la ciudad de Washington, \u00a0quien \u00a0firm\u00f3 \u00a0y \u00a0remiti\u00f3 el antecedente al Ministerio de Relaciones Exteriores \u00a0de Colombia (FL. 230) \u00a0\u00a0<\/p>\n<p>En \u00a0ese \u00a0orden, \u00a0los \u00a0documentos \u00a0p\u00fablicos \u00a0otorgados \u00a0en \u00a0un \u00a0pa\u00eds \u00a0extranjero \u00a0por \u00a0uno \u00a0de \u00a0sus \u00a0funcionarios \u00a0o \u00a0con su \u00a0intervenci\u00f3n, \u00a0presentados \u00a0debidamente \u00a0autenticados \u00a0por \u00a0el c\u00f3nsul o agente \u00a0diplom\u00e1tico \u00a0de \u00a0la \u00a0Rep\u00fablica (o, en su defecto, por el de una naci\u00f3n amiga) \u00a0hacen \u00a0 presumir \u00a0que \u00a0se \u00a0otorgaron \u00a0de \u00a0acuerdo \u00a0con \u00a0la \u00a0ley \u00a0del \u00a0respectivo \u00a0pa\u00eds.\u00a0 \u00a0(Cfr. art\u00edculo 259 del C\u00f3digo de Procedimiento Civil, modificado \u00a0por el Decreto 2282 de 1989) \u00a0\u00a0<\/p>\n<p>Por \u00a0ello, la Sala de Casaci\u00f3n Penal de la \u00a0Corte \u00a0Suprema de Justicia encuentra que la documentaci\u00f3n aportada por el pa\u00eds \u00a0requirente es formalmente v\u00e1lida. \u00a0\u00a0<\/p>\n<p>4. \u00a0\u00a0 \u00a0 \u00a0\u00a0 \u00a0\u00a0La \u00a0identidad del solicitado. \u00a0\u00a0<\/p>\n<p>En la nota diplom\u00e1tica que materializ\u00f3 la \u00a0solicitud \u00a0se \u00a0dio \u00a0cuenta que JORGE IV\u00c1N ARANGO YEPES \u00a0identificado \u00a0con la c\u00e9dula de ciudadan\u00eda n\u00famero 15 \u00a0437 \u00a0845 \u00a0es \u00a0ciudadano de Colombia, nacido el 25 de agosto de 1965.\u00a0 (A\u00f1o \u00a0de \u00a0nacimiento \u00a0-1965- \u00a0referido \u00a0tanto en la nota diplom\u00e1tica que solicit\u00f3 la \u00a0captura, como en la que formaliz\u00f3 la petici\u00f3n de extradici\u00f3n). \u00a0\u00a0<\/p>\n<p>Al \u00a0momento \u00a0de \u00a0la \u00a0captura, \u00a0JORGE \u00a0IV\u00c1N \u00a0ARANGO \u00a0YEPES se identific\u00f3 \u00a0con \u00a0la c\u00e9dula de ciudadan\u00eda n\u00famero 15 437 845, indic\u00f3 que es hijo de Luc\u00eda \u00a0Yepes \u00a0y \u00a0Jorge Restrepo (sic.), de estado civil soltero, que se desempe\u00f1a como \u00a0auxiliar \u00a0de \u00a0bodega, Direcci\u00f3n Carrera 68 N\u00famero 40 42 (Medell\u00edn) y precis\u00f3 \u00a0que \u00a0 su \u00a0 fecha \u00a0 de \u00a0 nacimiento \u00a0 es \u00a0 del \u00a0 25 \u00a0de \u00a0agosto \u00a0de \u00a01975.\u00a0 (Fls. 17 y 18). \u00a0\u00a0<\/p>\n<p>Adem\u00e1s \u00a0de \u00a0ello, \u00a0se \u00a0identific\u00f3 ante la \u00a0Corte \u00a0Suprema \u00a0de \u00a0Justicia, \u00a0seg\u00fan memorial poder que otorg\u00f3 a su abogado de \u00a0confianza \u00a0el \u00a0pasado \u00a026 de febrero de 2009, con el mismo n\u00famero de su c\u00e9dula \u00a0de \u00a0identidad \u00a015 \u00a0437 845 de Rionegro (Antioquia) (fl. 13), y aport\u00f3 a trav\u00e9s \u00a0de \u00a0su defensora fotocopia informal del documento expedido por la Registradur\u00eda \u00a0Nacional \u00a0del \u00a0Estado \u00a0Civil, \u00a0donde \u00a0da cuenta que la fecha de nacimiento es el \u00a025 \u00a0de \u00a0agosto \u00a0de \u00a01975 (fl. \u00a0136) \u00a0y \u00a0copia \u00a0del \u00a0certificado \u00a0judicial \u00a0y \u00a0de \u00a0polic\u00eda a su nombre y con el \u00a0n\u00famero de c\u00e9dula referido (fl. 137). \u00a0\u00a0<\/p>\n<p>Por otra parte, el testimonio del Sr. Harold \u00a0L. \u00a0Hurley, Agente Especial de la Administraci\u00f3n Antinarc\u00f3ticos de los Estados \u00a0Unidos \u00a0(DEA), \u00a0asignado \u00a0a \u00a0la \u00a0Fuerza Operativa de Narc\u00f3ticos de Miami, quien \u00a0actu\u00f3 \u00a0como \u00a0investigador, \u00a0dio cuenta que se anex\u00f3 al antecedente como prueba \u00a0D-7 \u00a0 (fol. \u00a0 33;\u00a0 \u00a0 ib. \u00a0 fl. \u00a0 135) \u00a0 una \u00a0 fotograf\u00eda \u00a0de \u00a0JORGE \u00a0IV\u00c1N \u00a0ARANGO \u00a0YEPES, \u00a0y \u00a0que en el \u00a0transcurso \u00a0de \u00a0la \u00a0investigaci\u00f3n, agentes de las fuerzas del orden p\u00fablico de \u00a0Colombia \u00a0lo \u00a0observaron durante una vigilancia.\u00a0 \u201cAgentes de las fuerzas \u00a0del \u00a0orden p\u00fablico de Colombia y testigos colaboradores han visto la prueba D-7 \u00a0y \u00a0han \u00a0confirmado \u00a0que \u00a0la \u00a0persona \u00a0que aparece en esa fotograf\u00eda es la misma \u00a0persona \u00a0a \u00a0la que han observado durante la vigilancia, que ha sido arrestada en \u00a0este \u00a0caso \u00a0y \u00a0a \u00a0la \u00a0que \u00a0se le ha imputado formalmente en la acusaci\u00f3n formal \u00a0n\u00famero \u00a0 08-20436 \u00a0\u2013 \u00a0CR \u00a0\u2013 \u00a0Graham \u00a0(s)(s) \u00a0y cuya \u00a0fotograf\u00eda \u00a0aparece \u00a0en \u00a0la \u00a0c\u00e9dula de identidad n\u00famero 15 437 845, que es el \u00a0n\u00famero que le ha sido asignado\u2026\u201d.\u00a0 (fls. 49 y 50). \u00a0\u00a0<\/p>\n<p>En \u00a0suma, la Sala tiene por establecido que \u00a0no \u00a0 existe \u00a0 equ\u00edvoco \u00a0 alguno \u00a0 en \u00a0 la \u00a0 identidad \u00a0 plena \u00a0de \u00a0JORGE \u00a0 IV\u00c1N \u00a0 ARANGO \u00a0YEPES, \u00a0 a \u00a0quien \u00a0corresponde \u00a0la \u00a0c\u00e9dula \u00a0de \u00a0ciudadan\u00eda \u00a0n\u00famero \u00a015 437 845, no obstante, precisa \u00a0que \u00a0la \u00a0correcta \u00a0fecha \u00a0de \u00a0nacimiento \u00a0es \u00a0el \u00a025 \u00a0de \u00a0agosto de 1975 \u00a0(de conformidad con la fotocopia de \u00a0la \u00a0c\u00e9dula \u00a0de \u00a0ciudadan\u00eda que obra al folio 136 del cuaderno de la Corte), de \u00a01.66 \u00a0metros \u00a0de \u00a0estatura, \u00a0grupo \u00a0sangu\u00edneo \u00a00+, \u00a0nacido \u00a0en \u00a0el municipio de \u00a0Rionegro (Antioquia). \u00a0\u00a0<\/p>\n<p>A \u00a0partir \u00a0de \u00a0ello concluye la Sala que la \u00a0identidad \u00a0del \u00a0ciudadano colombiano solicitado en extradici\u00f3n est\u00e1 plenamente \u00a0acreditada. \u00a0\u00a0<\/p>\n<p>5.\u00a0 \u00a0 \u00a0Principio \u00a0 de \u00a0 la \u00a0 doble \u00a0incriminaci\u00f3n. \u00a0\u00a0<\/p>\n<p>Tiene \u00a0por \u00a0objetivo \u00a0confirmar \u00a0que \u00a0la(s) \u00a0conducta(s) \u00a0que \u00a0se \u00a0imputa(n) \u00a0al \u00a0requerido \u00a0en el pa\u00eds solicitante tambi\u00e9n \u00a0est\u00e1n \u00a0consagradas \u00a0como \u00a0delito \u00a0en \u00a0la \u00a0ley \u00a0penal \u00a0colombiana y que tenga(n) \u00a0se\u00f1alada \u00a0como \u00a0pena \u00a0la de prisi\u00f3n, que en ning\u00fan caso sea inferior a cuatro \u00a0(4) \u00a0 a\u00f1os;\u00a0 \u00a0 adem\u00e1s \u00a0 de \u00a0 ello, \u00a0 exige \u00a0determinar \u00a0que \u00a0por \u00a0lo \u00a0menos \u00a0se \u00a0haya \u00a0dictado \u00a0en \u00a0el \u00a0exterior \u00a0resoluci\u00f3n de \u00a0acusaci\u00f3n \u00a0 o \u00a0 su \u00a0equivalente\u201d.\u00a0 \u00a0(Art. \u00a0493 \u00a0ib.) \u00a0\u00a0<\/p>\n<p>Los \u00a0cargos \u00a0(arriba \u00a0transcritos) \u00a0de \u00a0la \u00a0segunda \u00a0resoluci\u00f3n de acusaci\u00f3n sustitutiva n\u00famero 08 20436 CR GRAHAM (s)(s) \u00a0del \u00a04 \u00a0de \u00a0noviembre \u00a0de \u00a02008 \u00a0proferida por la Corte Distrital de los Estados \u00a0Unidos \u00a0para \u00a0el \u00a0Distrito Sur de la Florida que materializan la imputaci\u00f3n, se \u00a0tipifican \u00a0\u2013en la ley penal \u00a0colombiana- \u00a0como \u00a0concierto \u00a0para delinquir y tr\u00e1fico, fabricaci\u00f3n o porte de \u00a0estupefacientes. \u00a0\u00a0<\/p>\n<p>Las \u00a0 \u00a0conductas \u00a0 de \u00a0 \u201casociarse, \u00a0conspirar, \u00a0confabularse, \u00a0acordar\u2026 \u00a0entre \u00a0s\u00ed y con \u00a0otros \u00a0 individuos \u00a0 para, \u00a0importar, \u00a0poseer \u00a0y \u00a0distribuir \u00a0hero\u00edna \u00a0y coca\u00edna \u00a0(conductas \u00a0referidas en los cargos uno, dos y tres), implican el concierto para \u00a0delinquir. \u00a0\u00a0<\/p>\n<p>Al \u00a0imputar en la resoluci\u00f3n de acusaci\u00f3n \u00a0(cargos \u00a07 \u00a0y \u00a09) la conducta de importar hero\u00edna, implica el tipo de tr\u00e1fico, \u00a0fabricaci\u00f3n \u00a0o \u00a0porte de estupefacientes, que en los cargos 8 y 10 corresponden \u00a0al \u00a0 mismo \u00a0 comportamiento \u00a0pero \u00a0en \u00a0su \u00a0modalidad \u00a0imperfecta \u00a0(en \u00a0grado \u00a0de \u00a0tentativa). \u00a0\u00a0<\/p>\n<p>Tipos \u00a0 penales \u00a0 que \u00a0 tambi\u00e9n \u00a0 est\u00e1n \u00a0consagrados \u00a0como \u00a0delitos \u00a0en \u00a0la \u00a0Ley penal colombiana, como lo hizo notar con \u00a0acierto el representante del Ministerio P\u00fablico: \u00a0\u00a0<\/p>\n<p>El concierto para delinquir en el Art\u00edculo \u00a0340 \u00a0modificado por el art\u00edculo 8 de la ley 733 de 2002 y modificado por la Ley \u00a01121 \u00a0de \u00a02006, \u00a0art\u00edculo \u00a019, \u00a0respectivamente, \u00a0y el tr\u00e1fico, fabricaci\u00f3n y \u00a0porte \u00a0de \u00a0estupefacientes en el Art\u00edculo 376 modificado por el art\u00edculo 14 de \u00a0la ley 890 de 2004. \u00a0\u00a0<\/p>\n<p>Conductas \u00a0penadas en la ley colombiana con \u00a0prisi\u00f3n \u00a0que en todos los casos es superior a cuatro (4) a\u00f1os (art. 493 del C. \u00a0de P.P.). \u00a0\u00a0<\/p>\n<p>6. \u00a0\u00a0 \u00a0 \u00a0\u00a0 \u00a0\u00a0Equivalencia de acusaci\u00f3n de los Estados \u00a0Unidos con la acusaci\u00f3n del sistema penal colombiano \u00a0\u00a0<\/p>\n<p>El \u00a0llamamiento \u00a0a \u00a0juicio \u00a0(resoluci\u00f3n de \u00a0acusaci\u00f3n) \u00a0que \u00a0suministr\u00f3 el gobierno solicitante con la segunda resoluci\u00f3n \u00a0de \u00a0acusaci\u00f3n \u00a0sustitutiva n\u00famero 08 20436 CR GRAHAM (s)(s) del 4 de noviembre \u00a0de \u00a02008 proferida por la Corte Distrital de los Estados Unidos para el Distrito \u00a0Sur \u00a0de \u00a0la \u00a0Florida, \u00a0contiene \u00a0una \u00a0narraci\u00f3n \u00a0precisa \u00a0en aspectos f\u00e1ctico, \u00a0jur\u00eddico \u00a0 y \u00a0 personal \u00a0 de \u00a0 los \u00a0 comportamientos \u00a0 investigados, \u00a0 con \u00a0sus \u00a0circunstancias \u00a0de \u00a0lugar, \u00a0tiempo, \u00a0modo \u00a0que \u00a0los \u00a0especifican, \u00a0y \u00a0permite al \u00a0requerido \u00a0 encarar \u00a0 la \u00a0 defensa \u00a0 antes \u00a0de \u00a0que \u00a0se \u00a0profiera \u00a0sentencia \u00a0de \u00a0m\u00e9rito. \u00a0\u00a0<\/p>\n<p>El acto complejo de acusaci\u00f3n en el sistema \u00a0penal \u00a0colombiano \u00a0es \u00a0el \u00a0l\u00edmite \u00a0procesal \u00a0que establece el marco jur\u00eddico y \u00a0f\u00e1ctico \u00a0que \u00a0determina \u00a0el \u00a0juzgamiento, \u00a0de conformidad con lo previsto en el \u00a0art\u00edculo 337 de la ley 906 de 2004. \u00a0\u00a0<\/p>\n<p>Por ello, la Sala observa que la resoluci\u00f3n \u00a0de \u00a0acusaci\u00f3n \u00a0proferida \u00a0por \u00a0la Corte Distrital de los Estados Unidos para el \u00a0Distrito \u00a0Sur \u00a0de la Florida es equivalente \u00a0 a \u00a0 la \u00a0actuaci\u00f3n \u00a0de \u00a0acusaci\u00f3n \u00a0del \u00a0sistema \u00a0procesal \u00a0penal \u00a0colombiano, \u00a0aunque \u00a0no haya identidad formal y material entre ambas decisiones, \u00a0pues \u00a0de \u00a0lo \u00a0que \u00a0se \u00a0trata \u00a0es de establecer que son la materializaci\u00f3n de la \u00a0acusaci\u00f3n de la que se debe defender el procesado en el juicio. \u00a0\u00a0<\/p>\n<p>La\u00a0 \u00a0 defensa\u00a0 \u00a0 t\u00e9cnica\u00a0 \u00a0del\u00a0 \u00a0 \u00a0ciudadano \u00a0 requerido \u00a0 aleg\u00f3\u00a0 \u00a0 que\u00a0 \u00a0 no\u00a0 \u00a0 est\u00e1 \u00a0demostrada\u00a0 \u00a0 \u00a0 la\u00a0 \u00a0 \u00a0 responsabilidad \u00a0 \u00a0penal \u00a0 \u00a0de \u00a0 \u00a0JORGE\u00a0 \u00a0 \u00a0 \u00a0 \u00a0IV\u00c1N\u00a0 \u00a0 \u00a0 \u00a0 ARANGO\u00a0 \u00a0 \u00a0 \u00a0 en\u00a0 \u00a0conductas \u00a0de \u00a0narcotr\u00e1fico \u00a0y \u00a0que se debe garantizar el \u00a0debido \u00a0proceso \u00a0y la investigaci\u00f3n integral al justiciable, aspectos que\u00a0 \u00a0son\u00a0 \u00a0del\u00a0 \u00a0n\u00facleo\u00a0 \u00a0de\u00a0 \u00a0la\u00a0 \u00a0controversia \u00a0que\u00a0 \u00a0deber\u00e1 \u00a0encarar \u00a0ante\u00a0 \u00a0el juez\u00a0 que\u00a0 lo requiere, sin perjuicio \u00a0de \u00a0 la \u00a0 verificaci\u00f3n \u00a0 de \u00a0 los \u00a0 requisitos \u00a0formales \u00a0de \u00a0la \u00a0extradici\u00f3n, \u00a0cuyo \u00a0\u00a0<\/p>\n<p>prop\u00f3sito \u00a0no \u00a0es \u00a0el \u00a0juzgamiento sino la \u00a0verificaci\u00f3n \u00a0 \u00a0de \u00a0 \u00a0los \u00a0 mismos, \u00a0 con \u00a0 el \u00a0 objetivo \u00a0 de \u00a0 concederla \u00a0 o \u00a0denegarla. \u00a0\u00a0<\/p>\n<p>7.\u00a0 Las condiciones que debe imponer el \u00a0gobierno si autoriza la extradici\u00f3n: \u00a0\u00a0<\/p>\n<p>Ante la eventual determinaci\u00f3n positiva del \u00a0Gobierno \u00a0Nacional, \u00a0en \u00a0todo \u00a0caso respetando la \u00f3rbita de su competencia como \u00a0supremo \u00a0director \u00a0de \u00a0las \u00a0relaciones \u00a0internacionales, \u00a0en \u00a0atenci\u00f3n \u00a0de \u00a0las \u00a0recomendaciones \u00a0del \u00a0se\u00f1or \u00a0Procurador \u00a0y \u00a0de \u00a0la \u00a0defensa, la Corte considera \u00a0pertinente \u00a0 recordar \u00a0 que \u00a0 debe \u00a0establecer \u00a0si \u00a0el \u00a0requerido \u00a0est\u00e1 \u00a0siendo \u00a0investigado \u00a0o \u00a0ya fue juzgado por las mismas conductas ante las autoridades del \u00a0pa\u00eds. \u00a0\u00a0<\/p>\n<p>En \u00a0el \u00a0evento \u00a0de que el Gobierno nacional \u00a0opte \u00a0por \u00a0conceder \u00a0la \u00a0extradici\u00f3n, \u00a0deber\u00e1 condicionarla a la exclusi\u00f3n de \u00a0condenas \u00a0como \u00a0la \u00a0pena \u00a0de \u00a0muerte, \u00a0la \u00a0prisi\u00f3n \u00a0perpetua, el sometimiento a \u00a0desaparici\u00f3n \u00a0 forzada, \u00a0 torturas, \u00a0 tratos \u00a0 o \u00a0penas \u00a0crueles, \u00a0inhumanos \u00a0o \u00a0degradantes (Constituci\u00f3n Pol\u00edtica, art\u00edculos 11, 12 y 34). \u00a0\u00a0<\/p>\n<p>El \u00a0Gobierno \u00a0Nacional \u00a0deber\u00e1 recordar al \u00a0pa\u00eds \u00a0 \u00a0solicitante \u00a0 \u00a0la \u00a0 prohibici\u00f3n \u00a0de \u00a0juzgar \u00a0al ciudadano solicitado por conductas anteriores al 17 \u00a0de \u00a0diciembre \u00a0de \u00a01.997 \u00a0y \u00a0diversas \u00a0de \u00a0las \u00a0que \u00a0originaron \u00a0la solicitud de \u00a0extradici\u00f3n. \u00a0\u00a0<\/p>\n<p>El \u00a0Gobierno \u00a0Nacional est\u00e1 en el deber de \u00a0disponer \u00a0lo necesario para que el servicio exterior de la Rep\u00fablica realice un \u00a0detallado seguimiento a las concisiones del ciudadano extraditado: \u00a0\u00a0<\/p>\n<p>\u201c&#8230;es imperioso que el Gobierno Nacional \u00a0haga \u00a0las \u00a0exigencias \u00a0que \u00a0estime \u00a0convenientes \u00a0en \u00a0aras \u00a0a \u00a0que \u00a0en \u00a0el pa\u00eds \u00a0reclamante \u00a0se \u00a0le \u00a0reconozcan \u00a0todos \u00a0los derechos y garant\u00edas inherentes a su \u00a0calidad \u00a0de \u00a0colombiano \u00a0y \u00a0de procesado, en especial las contenidas en la Carta \u00a0Fundamental \u00a0y \u00a0en \u00a0el \u00a0denominado \u00a0bloque \u00a0de \u00a0constitucionalidad, es decir, en \u00a0aquellos \u00a0convenios \u00a0internacionales \u00a0ratificados \u00a0por \u00a0Colombia que consagran y \u00a0desarrollan \u00a0derechos \u00a0humanos \u00a0(art\u00edculo \u00a093 de la Constituci\u00f3n, Declaraci\u00f3n \u00a0Universal \u00a0de Derechos Humanos, Convenci\u00f3n Americana de Derechos Humanos, Pacto \u00a0Internacional \u00a0de \u00a0Derechos \u00a0Civiles \u00a0y \u00a0Pol\u00edticos), \u00a0en \u00a0virtud \u00a0del \u00a0deber de \u00a0protecci\u00f3n \u00a0a \u00a0esos derechos que para todas las autoridades p\u00fablicas emana del \u00a0art\u00edculo 2\u00ba ib\u00eddem. \u00a0\u00a0<\/p>\n<p>\u2026 \u00a0la \u00a0extradici\u00f3n \u00a0de \u00a0un \u00a0ciudadano \u00a0colombiano \u00a0por \u00a0nacimiento\u2026, \u00a0no \u00a0implica \u00a0que \u00a0pierda su nacionalidad ni los \u00a0derechos \u00a0que le son anejos a tal calidad. Por tanto, el deber de protecci\u00f3n de \u00a0las \u00a0autoridades \u00a0colombianas se extiende a tal punto, que han de vigilar que en \u00a0el \u00a0pa\u00eds \u00a0reclamante \u00a0se le respete los derechos y garant\u00edas tal como si fuese \u00a0juzgado \u00a0en \u00a0Colombia.\u00a0 A lo que renuncia el Estado que accede a la entrega \u00a0de \u00a0un \u00a0connacional \u00a0es \u00a0a \u00a0ejercer su soberan\u00eda jurisdiccional, de modo que en \u00a0tanto \u00a0aqu\u00e9l \u00a0siga \u00a0siendo \u00a0s\u00fabdito de Colombia, conserva a su favor todas las \u00a0prerrogativas, \u00a0garant\u00edas \u00a0y \u00a0derechos que emanan de la Constituci\u00f3n y la ley, \u00a0en \u00a0particular, \u00a0aquellos \u00a0que \u00a0se \u00a0relacionan con su calidad de procesado y que \u00a0tienen \u00a0 que \u00a0 ver \u00a0 con \u00a0 la \u00a0 dignidad \u00a0humana\u201d2. \u00a0\u00a0<\/p>\n<p>Deber\u00e1 recordar al pa\u00eds solicitante que el \u00a0se\u00f1or \u00a0 ARANGO \u00a0 YEPES \u00a0ha \u00a0permanecido\u00a0 \u00a0privado\u00a0 \u00a0de\u00a0 \u00a0libertad \u00a0por \u00a0virtud\u00a0 de\u00a0 \u00a0este\u00a0 \u00a0 \u00a0 \u00a0tr\u00e1mite, \u00a0 \u00a0 \u00a0y \u00a0 \u00a0 \u00a0que \u00a0 \u00a0 \u00a0ese \u00a0 \u00a0 t\u00e9rmino \u00a0 \u00a0 debe \u00a0ser \u00a0tenido en cuenta como parte de \u00a0la \u00a0 \u00a0condena, \u00a0 \u00a0si \u00a0 esa \u00a0 fuere \u00a0 la \u00a0 determinaci\u00f3n \u00a0 del \u00a0 Juez \u00a0 que \u00a0 lo \u00a0requiere. \u00a0\u00a0<\/p>\n<p>Igualmente \u00a0y \u00a0en \u00a0orden \u00a0a \u00a0garantizar los \u00a0derechos \u00a0fundamentales \u00a0de \u00a0la \u00a0persona \u00a0requerida, \u00a0si el Gobierno Nacional lo \u00a0considera \u00a0pertinente \u00a0debe \u00a0condicionar \u00a0la \u00a0entrega a que el Estado requirente \u00a0garantice \u00a0la \u00a0permanencia \u00a0en \u00a0el pa\u00eds extranjero y el retorno al de origen en \u00a0condiciones \u00a0de \u00a0dignidad y respeto por la persona humana en el evento de que el \u00a0extraditado(a) \u00a0fuere \u00a0sobrese\u00eddo, \u00a0absuelto, \u00a0declarado \u00a0no culpable o eventos \u00a0similares, \u00a0incluso despu\u00e9s de su liberaci\u00f3n por haber cumplido la condena, en \u00a0raz\u00f3n \u00a0de \u00a0los \u00a0cargos \u00a0que \u00a0motivaron \u00a0la \u00a0solicitud de extradici\u00f3n y por los \u00a0cuales se concede. \u00a0\u00a0<\/p>\n<p>Debe condicionar la entrega de JORGE \u00a0IV\u00c1N \u00a0ARANGO \u00a0YEPES \u00a0a \u00a0que \u00a0se le \u00a0respeten \u00a0 \u00a0\u2013como \u00a0 a \u00a0cualquier \u00a0otro \u00a0nacional \u00a0en \u00a0las \u00a0mismas condiciones- \u00a0todas \u00a0las \u00a0garant\u00edas \u00a0debidas a su condici\u00f3n de justiciable, en particular, a \u00a0que \u00a0tenga \u00a0acceso a un proceso p\u00fablico sin dilaciones injustificadas, a que se \u00a0presuma \u00a0su \u00a0inocencia, a que cuente con un int\u00e9rprete, a que tenga un defensor \u00a0designado \u00a0por \u00a0\u00e9l \u00a0o por el Estado, a que se le conceda el tiempo y los medios \u00a0adecuados \u00a0para \u00a0que \u00a0prepare la defensa, a presentar pruebas y controvertir las \u00a0que \u00a0se \u00a0aduzcan \u00a0en contra, a que su situaci\u00f3n de privaci\u00f3n de la libertad se \u00a0desarrolle \u00a0en \u00a0condiciones \u00a0dignas, a que la eventual pena que se le imponga no \u00a0trascienda \u00a0de \u00a0su persona, a que la sanci\u00f3n pueda ser apelada ante un tribunal \u00a0superior, \u00a0a que la pena privativa de la libertad tenga la finalidad esencial de \u00a0reforma \u00a0 \u00a0 \u00a0 y \u00a0 \u00a0 \u00a0 readaptaci\u00f3n \u00a0 \u00a0 \u00a0social3. \u00a0\u00a0<\/p>\n<p>Debe \u00a0condicionar la entrega a que el pa\u00eds \u00a0reclamante, \u00a0conforme \u00a0a \u00a0sus \u00a0pol\u00edticas \u00a0internas sobre la materia, ofrezca al \u00a0ciudadano \u00a0requerido \u00a0posibilidades \u00a0racionales \u00a0y \u00a0reales \u00a0para que pueda tener \u00a0contacto \u00a0regular \u00a0con \u00a0sus \u00a0familiares m\u00e1s cercanos;\u00a0 la Constituci\u00f3n de \u00a01991 \u00a0(art\u00edculo 42) reconoce a la familia como n\u00facleo esencial de la sociedad, \u00a0garantiza \u00a0su \u00a0protecci\u00f3n y reconoce su honra, dignidad e intimidad, lo cual se \u00a0refuerza \u00a0con \u00a0la protecci\u00f3n adicional que a ese n\u00facleo familiar le otorgan la \u00a0Convenci\u00f3n \u00a0 Americana \u00a0sobre \u00a0Derechos \u00a0Humanos \u00a0(art\u00edculo \u00a017) \u00a0y \u00a0el \u00a0Pacto \u00a0Internacional de Derechos Civiles y Pol\u00edticos (art\u00edculo 23). \u00a0\u00a0<\/p>\n<p>En cumplimiento de su deber de protecci\u00f3n a \u00a0las \u00a0garant\u00edas y derechos del nacional colombiano entregado en extradici\u00f3n, es \u00a0misi\u00f3n \u00a0del \u00a0Estado, \u00a0por \u00a0medio \u00a0del \u00a0\u00e1mbito \u00a0de competencias de los \u00f3rganos \u00a0respectivos, \u00a0a trav\u00e9s del cuerpo diplom\u00e1tico, en concreto, por las diferentes \u00a0oficinas \u00a0consulares, \u00a0vigilar \u00a0que \u00a0en \u00a0el \u00a0pa\u00eds \u00a0reclamante \u00a0se \u00a0respeten las \u00a0mencionadas \u00a0condiciones \u00a0(art\u00edculo \u00a09 \u00a0y \u00a0226 \u00a0de \u00a0la Carta) y con apoyo de la \u00a0Procuradur\u00eda \u00a0General de la Naci\u00f3n (art\u00edculo 277 de la Constituci\u00f3n) y de la \u00a0Defensor\u00eda del Pueblo (art\u00edculo 282 ib\u00eddem). \u00a0\u00a0<\/p>\n<p>Adem\u00e1s, \u00a0 habr\u00e1 \u00a0 de \u00a0 darse \u00a0 informes \u00a0peri\u00f3dicos \u00a0a \u00a0la \u00a0Corte, \u00a0en \u00a0virtud \u00a0del principio de colaboraci\u00f3n arm\u00f3nica \u00a0entre \u00a0los \u00a0diferentes Poderes P\u00fablicos (Art\u00edculo 113 de la Carta), con el fin \u00a0de \u00a0que \u00a0todos \u00a0los \u00a0estamentos \u00a0con \u00a0injerencia \u00a0en el tema tengan elementos de \u00a0juicio \u00a0que \u00a0les \u00a0permitan sopesar la conveniencia de privilegiar jurisdicciones \u00a0for\u00e1neas frente a la jurisdicci\u00f3n interna. \u00a0\u00a0<\/p>\n<p>Cumplidos \u00a0los \u00a0requisitos \u00a0del \u00a0C\u00f3digo de \u00a0Procedimiento \u00a0 Penal \u00a0 y \u00a0establecido \u00a0que \u00a0los \u00a0acontecimientos \u00a0imputados \u00a0al \u00a0solicitado \u00a0ocurrieron tambi\u00e9n en pa\u00eds extranjero, la \u00a0CORTE \u00a0SUPREMA \u00a0DE \u00a0JUSTICIA, \u00a0SALA \u00a0DE CASACI\u00d3N PENAL \u00a0emite \u00a0CONCEPTO \u00a0FAVORABLE al \u00a0pedido \u00a0de \u00a0extradici\u00f3n \u00a0del \u00a0ciudadano \u00a0JORGE \u00a0IV\u00c1N \u00a0ARANGO \u00a0 YEPES \u00a0 identificado \u00a0 con \u00a0 la \u00a0c\u00e9dula \u00a0de \u00a0ciudadan\u00eda \u00a0n\u00famero \u00a015 \u00a0437 \u00a0845, \u00a0elevada \u00a0por \u00a0el \u00a0Gobierno \u00a0de \u00a0los Estados \u00a0Unidos. \u00a0\u00a0<\/p>\n<p>Comun\u00edquese \u00a0 esta \u00a0 determinaci\u00f3n \u00a0 al \u00a0ciudadano \u00a0solicitado, \u00a0a su defensor, al Ministerio P\u00fablico y al se\u00f1or Fiscal \u00a0General de la Naci\u00f3n para lo de sus competencias. \u00a0\u00a0<\/p>\n<p>Devu\u00e9lvase \u00a0el expediente al Ministerio de \u00a0Justicia y del Derecho para lo de ley. \u00a0\u00a0<\/p>\n<p>Notif\u00edquese y c\u00famplase, \u00a0<\/p>\n<p>JULIO ENRIQUE SOCHA SALAMANCA \u00a0<\/p>\n<p>JOS\u00c9\u00a0 \u00a0 \u00a0 LEONIDAS \u00a0 \u00a0 BUSTOS \u00a0MART\u00cdNEZ\u00a0\u00a0\u00a0\u00a0\u00a0\u00a0\u00a0\u00a0\u00a0\u00a0\u00a0\u00a0\u00a0\u00a0\u00a0\u00a0\u00a0\u00a0\u00a0\u00a0\u00a0\u00a0\u00a0\u00a0\u00a0\u00a0\u00a0\u00a0 \u00a0SIGIFREDO ESPINOSA P\u00c9REZ \u00a0\u00a0<\/p>\n<p>ALFREDO \u00a0 \u00a0 \u00a0 \u00a0 \u00a0 G\u00d3MEZ \u00a0QUINTERO\u00a0\u00a0\u00a0\u00a0\u00a0\u00a0\u00a0\u00a0\u00a0\u00a0\u00a0\u00a0\u00a0\u00a0\u00a0\u00a0\u00a0 \u00a0MAR\u00cdA DEL ROSARIO GONZ\u00c1LEZ DE LEMOS \u00a0\u00a0<\/p>\n<p>AUGUSTO \u00a0 \u00a0 \u00a0 J. \u00a0 \u00a0 \u00a0 IB\u00c1\u00d1EZ \u00a0GUZM\u00c1N\u00a0\u00a0\u00a0\u00a0\u00a0\u00a0\u00a0\u00a0\u00a0\u00a0\u00a0\u00a0\u00a0\u00a0\u00a0\u00a0\u00a0\u00a0\u00a0\u00a0\u00a0\u00a0\u00a0\u00a0\u00a0\u00a0\u00a0\u00a0\u00a0\u00a0\u00a0 \u00a0JORGE LUIS QUINTERO MILAN\u00c9S \u00a0\u00a0<\/p>\n<p>YESID \u00a0 \u00a0 \u00a0 \u00a0 \u00a0 RAM\u00cdREZ \u00a0BASTIDAS\u00a0\u00a0\u00a0\u00a0\u00a0\u00a0\u00a0\u00a0\u00a0\u00a0\u00a0\u00a0\u00a0\u00a0\u00a0\u00a0\u00a0\u00a0\u00a0\u00a0\u00a0\u00a0\u00a0\u00a0\u00a0\u00a0\u00a0\u00a0\u00a0\u00a0\u00a0\u00a0\u00a0\u00a0\u00a0\u00a0 \u00a0JAVIER DE JES\u00daS ZAPATA ORTIZ \u00a0\u00a0<\/p>\n<p>\u00a0\u00a0\u00a0\u00a0\u00a0\u00a0\u00a0\u00a0\u00a0\u00a0\u00a0\u00a0\u00a0\u00a0\u00a0\u00a0\u00a0\u00a0\u00a0\u00a0\u00a0\u00a0\u00a0\u00a0\u00a0\u00a0\u00a0\u00a0\u00a0\u00a0\u00a0\u00a0\u00a0\u00a0\u00a0\u00a0\u00a0\u00a0\u00a0\u00a0\u00a0\u00a0\u00a0\u00a0\u00a0\u00a0\u00a0\u00a0\u00a0\u00a0\u00a0\u00a0\u00a0\u00a0\u00a0\u00a0\u00a0\u00a0\u00a0\u00a0\u00a0\u00a0\u00a0\u00a0\u00a0\u00a0 \u00a0Comisi\u00f3n de servicio \u00a0\u00a0<\/p>\n<p>Teresa Ruiz N\u00fa\u00f1ez \u00a0<\/p>\n<p>Secretaria \u00a0<\/p>\n<p>\u00a0 \u00a0\u00a0<\/p>\n<p>1Cfr. \u00a0concepto de extradici\u00f3n del 12\/09\/2006 rad. n\u00fam. 25721 \u00a0\u00a0<\/p>\n<p>2Concepto \u00a0 \u00a0de \u00a0 \u00a0Extradici\u00f3n \u00a0 \u00a0del \u00a0 \u00a005\/09\/2006, \u00a0 rad. \u00a0 n\u00fam. \u00a025625. \u00a0\u00a0<\/p>\n<p>3Art\u00edculos \u00a029 \u00a0de la Carta; 9 y 10 de la Declaraci\u00f3n Universal de \u00a0Derechos \u00a0Humanos; \u00a05-3.6, \u00a07-2.5,8-1.2(a)(b)(c)(d)(e)(f)(g)(h).3.4.5, \u00a09 \u00a0de la \u00a0Convenci\u00f3n \u00a0Americana \u00a0de \u00a0Derechos \u00a0Humanos; 9-2.3, 10-1.2.3, 14-1.2.3,5, y 15 \u00a0del Pacto Internacional de Derechos Civiles y Pol\u00edticos. \u00a0 \u00a0\u00a0<\/p>\n<p><\/p>\n","protected":false},"excerpt":{"rendered":"<p>\u00a0 \u00a0 \u00a0\u00a0 Proceso No 31294 \u00a0 CORTE SUPREMA DE JUSTICIA \u00a0 SALA DE CASACI\u00d3N PENAL \u00a0 \u00a0\u00a0\u00a0\u00a0\u00a0\u00a0\u00a0\u00a0\u00a0\u00a0\u00a0\u00a0\u00a0\u00a0\u00a0\u00a0 \u00a0 \u00a0 \u00a0 \u00a0 \u00a0 \u00a0\u00a0 \u00a0\u00a0\u00a0\u00a0\u00a0\u00a0\u00a0\u00a0\u00a0\u00a0\u00a0 \u00a0\u00a0 \u00a0\u00a0\u00a0\u00a0\u00a0\u00a0\u00a0 \u00a0\u00a0 \u00a0\u00a0 \u00a0\u00a0 \u00a0\u00a0\u00a0\u00a0\u00a0\u00a0\u00a0\u00a0\u00a0\u00a0\u00a0\u00a0\u00a0\u00a0 \u00a0Magistrado Ponente \u00a0\u00a0 \u00a0\u00a0\u00a0\u00a0\u00a0\u00a0\u00a0\u00a0\u00a0\u00a0\u00a0\u00a0\u00a0\u00a0\u00a0\u00a0\u00a0\u00a0\u00a0\u00a0\u00a0\u00a0\u00a0\u00a0\u00a0\u00a0\u00a0\u00a0\u00a0\u00a0\u00a0\u00a0\u00a0\u00a0\u00a0\u00a0\u00a0\u00a0\u00a0\u00a0\u00a0\u00a0\u00a0\u00a0\u00a0\u00a0\u00a0\u00a0\u00a0\u00a0 \u00a0ALFREDO G\u00d3MEZ QUINTERO \u00a0\u00a0 \u00a0\u00a0\u00a0\u00a0\u00a0\u00a0\u00a0\u00a0\u00a0\u00a0\u00a0\u00a0\u00a0\u00a0 \u00a0Aprobado Acta No 161 \u00a0\u00a0 Bogot\u00e1 \u00a0D.C. \u00a0tres (03) de junio de dos mil \u00a0nueve [&hellip;]<\/p>\n","protected":false},"author":1,"featured_media":0,"comment_status":"open","ping_status":"open","sticky":false,"template":"","format":"standard","meta":{"footnotes":""},"categories":[17],"tags":[],"class_list":["post-18678","post","type-post","status-publish","format-standard","hentry","category-17"],"_links":{"self":[{"href":"https:\/\/dmsjuridica.com\/buscador_20179478954\/salapenalcronologico20230723\/wp-json\/wp\/v2\/posts\/18678","targetHints":{"allow":["GET"]}}],"collection":[{"href":"https:\/\/dmsjuridica.com\/buscador_20179478954\/salapenalcronologico20230723\/wp-json\/wp\/v2\/posts"}],"about":[{"href":"https:\/\/dmsjuridica.com\/buscador_20179478954\/salapenalcronologico20230723\/wp-json\/wp\/v2\/types\/post"}],"author":[{"embeddable":true,"href":"https:\/\/dmsjuridica.com\/buscador_20179478954\/salapenalcronologico20230723\/wp-json\/wp\/v2\/users\/1"}],"replies":[{"embeddable":true,"href":"https:\/\/dmsjuridica.com\/buscador_20179478954\/salapenalcronologico20230723\/wp-json\/wp\/v2\/comments?post=18678"}],"version-history":[{"count":0,"href":"https:\/\/dmsjuridica.com\/buscador_20179478954\/salapenalcronologico20230723\/wp-json\/wp\/v2\/posts\/18678\/revisions"}],"wp:attachment":[{"href":"https:\/\/dmsjuridica.com\/buscador_20179478954\/salapenalcronologico20230723\/wp-json\/wp\/v2\/media?parent=18678"}],"wp:term":[{"taxonomy":"category","embeddable":true,"href":"https:\/\/dmsjuridica.com\/buscador_20179478954\/salapenalcronologico20230723\/wp-json\/wp\/v2\/categories?post=18678"},{"taxonomy":"post_tag","embeddable":true,"href":"https:\/\/dmsjuridica.com\/buscador_20179478954\/salapenalcronologico20230723\/wp-json\/wp\/v2\/tags?post=18678"}],"curies":[{"name":"wp","href":"https:\/\/api.w.org\/{rel}","templated":true}]}}