{"id":18430,"date":"2023-09-11T19:42:29","date_gmt":"2023-09-11T19:42:29","guid":{"rendered":"https:\/\/dmsjuridica.com\/buscador_20179478954\/salapenalcronologico20230723\/2023\/09\/11\/3104022-04-09\/"},"modified":"2023-09-11T19:42:29","modified_gmt":"2023-09-11T19:42:29","slug":"3104022-04-09","status":"publish","type":"post","link":"https:\/\/dmsjuridica.com\/buscador_20179478954\/salapenalcronologico20230723\/2023\/09\/11\/3104022-04-09\/","title":{"rendered":"31040(22-04-09)"},"content":{"rendered":"\n<p>\u00a0 \u00a0 Proceso No 31040 \u00a0<\/p>\n<p>CORTE SUPREMA DE JUSTICIA \u00a0<\/p>\n<p>SALA DE CASACI\u00d3N PENAL \u00a0<\/p>\n<p>Magistrado Ponente: \u00a0<\/p>\n<p>ALFREDO \u00a0 \u00a0G\u00d3MEZ \u00a0QUINTERO \u00a0\u00a0<\/p>\n<p>Aprobado Acta No. 119 \u00a0<\/p>\n<p>Bogot\u00e1, \u00a0 \u00a0 \u00a0D.C., \u00a0 \u00a0 veintid\u00f3s (22) de abril de dos mil nueve (2009) \u00a0\u00a0<\/p>\n<p>VISTOS: \u00a0<\/p>\n<p>Se \u00a0pronuncia \u00a0la \u00a0Sala \u00a0sobre el recurso de \u00a0reposici\u00f3n \u00a0interpuesto \u00a0contra \u00a0la decisi\u00f3n del pasado 4 de marzo de 2009 que \u00a0neg\u00f3 \u00a0las \u00a0pruebas \u00a0pedidas \u00a0por la defensa del ciudadano Liban\u00e9s CHEKRI \u00a0MAHMOUD \u00a0HARB, identificado con la \u00a0c\u00e9dula \u00a0de \u00a0extranjer\u00eda \u00a0n\u00famero \u00a0256820, \u00a0requerido \u00a0en \u00a0extradici\u00f3n por los \u00a0Estados \u00a0Unidos \u00a0por \u00a0tener \u00a0vigente \u00a0una \u00a0acusaci\u00f3n formulada por la Corte del \u00a0Distrito \u00a0Sur \u00a0de \u00a0la Florida, por delitos relacionados con narc\u00f3ticos y lavado \u00a0de dinero. \u00a0\u00a0<\/p>\n<p>SOLICITUD DE PRUEBAS \u00a0<\/p>\n<p>1.\u00a0 Insisti\u00f3 \u00a0en \u00a0que \u00a0CHEKRI MAHMOUD HARB, \u00a0referido \u00a0 con \u00a0los \u00a0alias \u00a0de \u00a0\u201cTali\u201d \u00a0o \u00a0\u201cTalib\u00e1n\u201d \u00a0no \u00a0se \u00a0encuentra \u00a0plenamente \u00a0identificado, \u00a0y \u00a0que por ello se precisa de la pr\u00e1ctica de pruebas \u00a0que fueron negadas, con la finalidad de evitar equivocaciones. \u00a0\u00a0<\/p>\n<p>2.\u00a0 \u00a0Advierte el se\u00f1or defensor que el \u00a0documento \u00a0soporte \u00a0del \u00a0pedido \u00a0de extradici\u00f3n que formaliza los cargos contra \u00a0CHEKRI MAHMOUD HARB no cumple \u00a0los \u00a0requisitos \u00a0de \u00a0nuestro \u00a0ordenamiento \u00a0procesal penal, y por ello que no se \u00a0asimila \u00a0 a \u00a0 la \u00a0 resoluci\u00f3n \u00a0 de \u00a0 acusaci\u00f3n \u00a0del \u00a0sistema \u00a0jur\u00eddico \u00a0penal \u00a0colombiano. \u00a0\u00a0<\/p>\n<p>CONSIDERACIONES \u00a0DE \u00a0LA \u00a0CORTE \u00a0\u00a0<\/p>\n<p>La \u00a0Sala confirmar\u00e1 la decisi\u00f3n objeto del \u00a0recurso \u00a0en \u00a0la \u00a0medida \u00a0que \u00a0el impugnante no propuso argumento novedoso alguno \u00a0diferente a los examinados en la decisi\u00f3n del pasado 4 de marzo: \u00a0\u00a0<\/p>\n<p>1)\u00a0 \u00a0Los datos biogr\u00e1ficos con los que \u00a0cuenta \u00a0el \u00a0antecedente \u00a0ofrecen informaci\u00f3n suficiente para emitir el concepto \u00a0de \u00a0m\u00e9rito \u00a0por \u00a0parte \u00a0de \u00a0la Sala en relaci\u00f3n con la identidad de la persona \u00a0requerida: \u00a0\u00a0<\/p>\n<p>Nombres \u00a0 \u00a0y \u00a0 \u00a0apellidos: \u00a0\u00a0 \u00a0\u00a0 \u00a0\u00a0 \u00a0\u00a0 \u00a0\u00a0 \u00a0\u00a0 \u00a0 \u00a0CHEKRI MAHMOUD HARB \u00a0\u00a0<\/p>\n<p>Identificaci\u00f3n: \u00a0\u00a0 \u00a0\u00a0 \u00a0\u00a0 \u00a0\u00a0 \u00a0\u00a0 \u00a0\u00a0 \u00a0 \u00a0\u00a0 \u00a0 \u00a0 \u00a0 \u00a0 \u00a0\u00a0 \u00a0\u00a0C.E. 256820 \u00a0\u00a0<\/p>\n<p>Fecha \u00a0 \u00a0de \u00a0 \u00a0nacimiento: \u00a0\u00a0 \u00a0\u00a0 \u00a0\u00a0 \u00a0\u00a0 \u00a0\u00a0 \u00a0\u00a0 \u00a0 \u00a025 de agosto de 1961 \u00a0\u00a0<\/p>\n<p>Lugar \u00a0 \u00a0de \u00a0 \u00a0nacimiento: \u00a0\u00a0 \u00a0\u00a0 \u00a0\u00a0 \u00a0\u00a0 \u00a0\u00a0 \u00a0\u00a0 \u00a0 \u00a0L\u00edbano \u00a0\u00a0<\/p>\n<p>Hijo \u00a0de: \u00a0 \u00a0\u00a0 \u00a0 \u00a0\u00a0 \u00a0 \u00a0 \u00a0 \u00a0 \u00a0 \u00a0 \u00a0 \u00a0 \u00a0\u00a0 \u00a0 \u00a0 \u00a0 \u00a0 \u00a0\u00a0 \u00a0\u00a0 \u00a0\u00a0 \u00a0 \u00a0 \u00a0Mahmoud Harb \u00a0y Aneis \u00a0\u00a0<\/p>\n<p>Estado \u00a0Civil: \u00a0\u00a0 \u00a0\u00a0 \u00a0\u00a0 \u00a0\u00a0 \u00a0\u00a0 \u00a0\u00a0 \u00a0 \u00a0\u00a0 \u00a0 \u00a0 \u00a0 \u00a0 \u00a0\u00a0 \u00a0\u00a0Casado \u00a0\u00a0<\/p>\n<p>C\u00f3nyuge: \u00a0 \u00a0\u00a0 \u00a0 \u00a0\u00a0 \u00a0 \u00a0 \u00a0 \u00a0 \u00a0 \u00a0 \u00a0 \u00a0 \u00a0\u00a0 \u00a0 \u00a0 \u00a0 \u00a0 \u00a0\u00a0 \u00a0\u00a0 \u00a0 \u00a0 \u00a0\u00a0 \u00a0\u00a0 \u00a0\u00a0Beatriz \u00a0Elena \u00a0 \u00a0 Palacios \u00a0 \u00a0 \u00a0 \u00a0 \u00a0 \u00a0 \u00a0 \u00a0\u00a0 \u00a0\u00a0 \u00a0\u00a0<\/p>\n<p>Escolaridad: \u00a0\u00a0 \u00a0\u00a0 \u00a0\u00a0 \u00a0\u00a0 \u00a0\u00a0 \u00a0\u00a0 \u00a0 \u00a0\u00a0 \u00a0 \u00a0 \u00a0 \u00a0 \u00a0\u00a0 \u00a0\u00a0Bachiller \u00a0\u00a0<\/p>\n<p>Profesi\u00f3n: \u00a0 \u00a0\u00a0 \u00a0 \u00a0\u00a0 \u00a0 \u00a0 \u00a0 \u00a0 \u00a0 \u00a0 \u00a0 \u00a0 \u00a0\u00a0 \u00a0 \u00a0 \u00a0 \u00a0 \u00a0\u00a0 \u00a0\u00a0 \u00a0 \u00a0 \u00a0 \u00a0\u00a0 \u00a0 \u00a0 \u00a0 \u00a0\u00a0 \u00a0 \u00a0 \u00a0 \u00a0\u00a0 \u00a0 \u00a0 \u00a0 \u00a0Comerciante \u00a0\u00a0<\/p>\n<p>Ocupaci\u00f3n: \u00a0 \u00a0\u00a0 \u00a0 \u00a0\u00a0 \u00a0 \u00a0 \u00a0 \u00a0 \u00a0 \u00a0 \u00a0 \u00a0 \u00a0\u00a0 \u00a0 \u00a0 \u00a0 \u00a0 \u00a0\u00a0 \u00a0\u00a0Comerciante \u00a0\u00a0<\/p>\n<p>Direcci\u00f3n \u00a0 \u00a0Residencia: \u00a0\u00a0 \u00a0\u00a0 \u00a0\u00a0 \u00a0\u00a0 \u00a0\u00a0 \u00a0\u00a0 \u00a0\u00a0 \u00a0\u00a0Cra. \u00a050 \u00a0D \u00a0# \u00a077 \u2013 1000 Medell\u00edn Antioquia \u00a0\u00a0<\/p>\n<p>Tel\u00e9fono: \u00a0 \u00a0\u00a0 \u00a0 \u00a0\u00a0 \u00a0 \u00a0 \u00a0 \u00a0 \u00a0 \u00a0 \u00a0 \u00a0 \u00a0\u00a0 \u00a0 \u00a0 \u00a0 \u00a0 \u00a0\u00a0 \u00a0\u00a0 \u00a0 \u00a0 \u00a0 \u00a0 \u00a0 \u00a0 \u00a0\u00a03 \u00a038 \u00a01369\u00a0 \u00a0 \u00a0(Cfr. \u00a0 \u00a0Folios \u00a0 31 \u00a0 \u2013 35). \u00a0\u00a0<\/p>\n<p>Como \u00a0el \u00a0escrito de impugnaci\u00f3n no sugiere \u00a0argumento \u00a0diferente a la identificaci\u00f3n con la que se sustenta la petici\u00f3n de \u00a0extradici\u00f3n, la Sala no repondr\u00e1 la decisi\u00f3n objeto del recurso. \u00a0\u00a0<\/p>\n<p>2.\u00a0 \u00a0La \u00a0controversia \u00a0que \u00a0propone \u00a0el \u00a0defensor, \u00a0seg\u00fan \u00a0la \u00a0cual, \u00a0el \u00a0documento \u00a0que \u00a0formaliza \u00a0los \u00a0cargos \u00a0contra \u00a0CHEKRI \u00a0MAHMOUD HARB incumple \u00a0los \u00a0requisitos de nuestro ordenamiento procesal penal, y que \u201cno se asimila a \u00a0la \u00a0resoluci\u00f3n de acusaci\u00f3n del sistema de enjuiciamiento colombiano\u201d, ser\u00e1 \u00a0materia \u00a0 de \u00a0an\u00e1lisis \u00a0en \u00a0el \u00a0concepto \u00a0de \u00a0m\u00e9rito \u00a0sobre \u00a0la \u00a0solicitud \u00a0de \u00a0extradici\u00f3n.\u00a0 (Art\u00edculo 502 de la Ley 906 de 2004). \u00a0\u00a0<\/p>\n<p>Como \u00a0el impugnante no ofreci\u00f3 razonamineto \u00a0novedoso \u00a0que \u00a0comprometa \u00a0la respuesta de la Sala a la petici\u00f3n de pruebas, la \u00a0decisi\u00f3n ser\u00e1 confirmada. \u00a0\u00a0<\/p>\n<p>Por \u00a0la \u00a0Secretar\u00eda de la Sala de Casaci\u00f3n \u00a0penal \u00a0se CORRER\u00c1 EL TRASLADO \u00a0durante \u00a0el \u00a0t\u00e9rmino \u00a0de \u00a0cinco \u00a0(5) d\u00edas, al solicitado en extradici\u00f3n, a su \u00a0defensor \u00a0t\u00e9cnico \u00a0y \u00a0al Procurador Delegado para que presenten sus alegaciones \u00a0(Art\u00edculo 500 inc. 3 de la Ley 906 de 2004). \u00a0\u00a0<\/p>\n<p>En \u00a0m\u00e9rito \u00a0de lo expuesto, la CORTE SUPREMA DE JUSTICIA en Sala de Casaci\u00f3n Penal, \u00a0\u00a0<\/p>\n<p>RESUELVE: \u00a0<\/p>\n<p>1.\u00a0 NO REPONER \u00a0la \u00a0decisi\u00f3n \u00a0del \u00a004 \u00a0de marzo de 2009 que neg\u00f3 las \u00a0pruebas \u00a0pedidas \u00a0por \u00a0el \u00a0defensor t\u00e9cnico del ciudadano Liban\u00e9s CHEKRI \u00a0 MAHMOUD \u00a0 HARB, \u00a0 requerido \u00a0 en \u00a0extradici\u00f3n por el Gobierno de los Estados Unidos de Am\u00e9rica. \u00a0\u00a0<\/p>\n<p>2.\u00a0 \u00a0 \u00a0 \u00a0 \u00a0 DEJAR \u00a0el \u00a0expediente en Secretar\u00eda de la \u00a0Sala \u00a0Penal \u00a0por \u00a0el t\u00e9rmino de cinco (5) d\u00edas para las alegaciones de m\u00e9rito \u00a0(Art\u00edculo \u00a0 \u00a0500 \u00a0 \u00a0inc. \u00a0 \u00a03 \u00a0 \u00a0de \u00a0 \u00a0la \u00a0 \u00a0Ley \u00a0 906 \u00a0 de \u00a0 2004). \u00a0\u00a0<\/p>\n<p>C\u00f3piese, \u00a0 \u00a0 \u00a0notif\u00edquese \u00a0 \u00a0 \u00a0y \u00a0c\u00famplase. \u00a0\u00a0<\/p>\n<p>JULIO \u00a0ENRIQUE \u00a0SOCHA \u00a0SALAMANCA \u00a0\u00a0<\/p>\n<p>\u00a0\u00a0\u00a0\u00a0\u00a0\u00a0\u00a0\u00a0\u00a0\u00a0\u00a0\u00a0\u00a0\u00a0\u00a0\u00a0\u00a0\u00a0\u00a0\u00a0\u00a0\u00a0\u00a0\u00a0\u00a0\u00a0\u00a0\u00a0\u00a0\u00a0\u00a0\u00a0\u00a0\u00a0\u00a0 \u00a0Comisi\u00f3n de servicio \u00a0\u00a0<\/p>\n<p>\u00a0\u00a0\u00a0\u00a0\u00a0 \u00a0\u00a0<\/p>\n<p>JOS\u00c9 \u00a0 \u00a0 \u00a0 \u00a0 \u00a0LEONIDAS \u00a0 \u00a0 \u00a0 \u00a0 \u00a0BUSTOS \u00a0MART\u00cdNEZ\u00a0\u00a0\u00a0\u00a0\u00a0\u00a0\u00a0\u00a0\u00a0\u00a0\u00a0\u00a0\u00a0\u00a0\u00a0\u00a0\u00a0\u00a0 \u00a0SIGIFREDO ESPINOSA \u00a0P\u00c9REZ\u00a0\u00a0\u00a0\u00a0\u00a0\u00a0\u00a0\u00a0\u00a0\u00a0\u00a0\u00a0\u00a0\u00a0\u00a0\u00a0\u00a0\u00a0\u00a0\u00a0 \u00a0\u00a0<\/p>\n<p>\u00a0\u00a0\u00a0\u00a0\u00a0\u00a0\u00a0\u00a0\u00a0\u00a0 \u00a0\u00a0<\/p>\n<p>\u00a0\u00a0\u00a0\u00a0\u00a0\u00a0\u00a0 \u00a0ALFREDO G\u00d3MEZ \u00a0QUINTERO\u00a0\u00a0\u00a0\u00a0\u00a0\u00a0\u00a0\u00a0\u00a0\u00a0\u00a0\u00a0\u00a0\u00a0\u00a0 \u00a0MARIA \u00a0DEL \u00a0ROSARIO \u00a0GONZ\u00c1LEZ \u00a0DE \u00a0LEMOS\u00a0\u00a0\u00a0\u00a0\u00a0\u00a0\u00a0\u00a0\u00a0\u00a0\u00a0\u00a0\u00a0\u00a0\u00a0\u00a0 \u00a0\u00a0<\/p>\n<p>\u00a0\u00a0\u00a0\u00a0 \u00a0AUGUSTO \u00a0 \u00a0J. \u00a0 IBA\u00d1EZ \u00a0GUZM\u00c1N\u00a0\u00a0\u00a0\u00a0\u00a0\u00a0\u00a0\u00a0\u00a0\u00a0\u00a0\u00a0\u00a0\u00a0\u00a0\u00a0\u00a0\u00a0\u00a0\u00a0\u00a0 \u00a0JORGE \u00a0 \u00a0 \u00a0 \u00a0 \u00a0 \u00a0 \u00a0 \u00a0 \u00a0 \u00a0 \u00a0 \u00a0 \u00a0 \u00a0 \u00a0 \u00a0LUIS \u00a0 \u00a0 \u00a0 \u00a0 \u00a0 \u00a0 \u00a0 \u00a0 \u00a0 \u00a0 \u00a0 \u00a0 \u00a0 \u00a0 \u00a0 QUINTERO \u00a0MILAN\u00c9S\u00a0\u00a0\u00a0\u00a0\u00a0\u00a0\u00a0\u00a0\u00a0\u00a0\u00a0\u00a0\u00a0\u00a0\u00a0\u00a0\u00a0\u00a0\u00a0\u00a0\u00a0\u00a0\u00a0\u00a0 \u00a0\u00a0<\/p>\n<p>\u00a0\u00a0\u00a0\u00a0 \u00a0YESID RAM\u00cdREZ \u00a0BASTIDAS\u00a0\u00a0\u00a0\u00a0\u00a0\u00a0\u00a0\u00a0\u00a0\u00a0\u00a0\u00a0\u00a0\u00a0\u00a0\u00a0\u00a0\u00a0\u00a0\u00a0\u00a0\u00a0\u00a0\u00a0\u00a0\u00a0\u00a0\u00a0\u00a0\u00a0 \u00a0JAVIER ZAPATA ORTIZ \u00a0\u00a0<\/p>\n<p>\u00a0\u00a0\u00a0\u00a0\u00a0\u00a0\u00a0\u00a0\u00a0\u00a0\u00a0\u00a0\u00a0\u00a0\u00a0\u00a0\u00a0\u00a0\u00a0\u00a0\u00a0\u00a0\u00a0\u00a0\u00a0\u00a0\u00a0\u00a0\u00a0\u00a0\u00a0\u00a0\u00a0\u00a0\u00a0\u00a0\u00a0\u00a0\u00a0\u00a0\u00a0\u00a0\u00a0\u00a0\u00a0\u00a0\u00a0\u00a0\u00a0\u00a0\u00a0\u00a0\u00a0\u00a0\u00a0\u00a0\u00a0\u00a0\u00a0\u00a0\u00a0\u00a0\u00a0\u00a0\u00a0\u00a0\u00a0 \u00a0Comisi\u00f3n de servicio \u00a0\u00a0<\/p>\n<p>Teresa Ruiz N\u00fa\u00f1ez \u00a0<\/p>\n<p>Secretaria \u00a0\u00a0<\/p>\n<p>\u00a0 \u00a0\u00a0<\/p>\n<p><\/p>\n","protected":false},"excerpt":{"rendered":"<p>\u00a0 \u00a0 Proceso No 31040 \u00a0 CORTE SUPREMA DE JUSTICIA \u00a0 SALA DE CASACI\u00d3N PENAL \u00a0 Magistrado Ponente: \u00a0 ALFREDO \u00a0 \u00a0G\u00d3MEZ \u00a0QUINTERO \u00a0\u00a0 Aprobado Acta No. 119 \u00a0 Bogot\u00e1, \u00a0 \u00a0 \u00a0D.C., \u00a0 \u00a0 veintid\u00f3s (22) de abril de dos mil nueve (2009) \u00a0\u00a0 VISTOS: \u00a0 Se \u00a0pronuncia \u00a0la \u00a0Sala \u00a0sobre el recurso de [&hellip;]<\/p>\n","protected":false},"author":1,"featured_media":0,"comment_status":"open","ping_status":"open","sticky":false,"template":"","format":"standard","meta":{"footnotes":""},"categories":[17],"tags":[],"class_list":["post-18430","post","type-post","status-publish","format-standard","hentry","category-17"],"_links":{"self":[{"href":"https:\/\/dmsjuridica.com\/buscador_20179478954\/salapenalcronologico20230723\/wp-json\/wp\/v2\/posts\/18430","targetHints":{"allow":["GET"]}}],"collection":[{"href":"https:\/\/dmsjuridica.com\/buscador_20179478954\/salapenalcronologico20230723\/wp-json\/wp\/v2\/posts"}],"about":[{"href":"https:\/\/dmsjuridica.com\/buscador_20179478954\/salapenalcronologico20230723\/wp-json\/wp\/v2\/types\/post"}],"author":[{"embeddable":true,"href":"https:\/\/dmsjuridica.com\/buscador_20179478954\/salapenalcronologico20230723\/wp-json\/wp\/v2\/users\/1"}],"replies":[{"embeddable":true,"href":"https:\/\/dmsjuridica.com\/buscador_20179478954\/salapenalcronologico20230723\/wp-json\/wp\/v2\/comments?post=18430"}],"version-history":[{"count":0,"href":"https:\/\/dmsjuridica.com\/buscador_20179478954\/salapenalcronologico20230723\/wp-json\/wp\/v2\/posts\/18430\/revisions"}],"wp:attachment":[{"href":"https:\/\/dmsjuridica.com\/buscador_20179478954\/salapenalcronologico20230723\/wp-json\/wp\/v2\/media?parent=18430"}],"wp:term":[{"taxonomy":"category","embeddable":true,"href":"https:\/\/dmsjuridica.com\/buscador_20179478954\/salapenalcronologico20230723\/wp-json\/wp\/v2\/categories?post=18430"},{"taxonomy":"post_tag","embeddable":true,"href":"https:\/\/dmsjuridica.com\/buscador_20179478954\/salapenalcronologico20230723\/wp-json\/wp\/v2\/tags?post=18430"}],"curies":[{"name":"wp","href":"https:\/\/api.w.org\/{rel}","templated":true}]}}