{"id":18408,"date":"2023-09-11T19:40:31","date_gmt":"2023-09-11T19:40:31","guid":{"rendered":"https:\/\/dmsjuridica.com\/buscador_20179478954\/salapenalcronologico20230723\/2023\/09\/11\/3103022-04-09\/"},"modified":"2023-09-11T19:40:31","modified_gmt":"2023-09-11T19:40:31","slug":"3103022-04-09","status":"publish","type":"post","link":"https:\/\/dmsjuridica.com\/buscador_20179478954\/salapenalcronologico20230723\/2023\/09\/11\/3103022-04-09\/","title":{"rendered":"31030(22-04-09)"},"content":{"rendered":"\n<p>\u00a0 \u00a0 Proceso No 31030 \u00a0<\/p>\n<p>CORTE SUPREMA DE JUSTICIA \u00a0<\/p>\n<p>SALA DE CASACI\u00d3N PENAL \u00a0<\/p>\n<p>Magistrado Ponente: \u00a0<\/p>\n<p>Dr.\u00a0 \u00a0 \u00a0JOS\u00c9 \u00a0 \u00a0LEONIDAS \u00a0 \u00a0BUSTOS \u00a0MART\u00cdNEZ \u00a0\u00a0<\/p>\n<p>Aprobado \u00a0acta No. \u00a0119\u00a0\u00a0\u00a0\u00a0\u00a0\u00a0\u00a0 \u00a0\u00a0<\/p>\n<p>Bogot\u00e1, \u00a0 \u00a0 D. \u00a0 \u00a0C., \u00a0 \u00a0veintid\u00f3s \u00a0 \u00a0de \u00a0 abril \u00a0 de \u00a0 \u00a0 dos \u00a0 \u00a0mil \u00a0 \u00a0nueve. \u00a0\u00a0<\/p>\n<p>Concept\u00faa la Corte sobre la extradici\u00f3n del \u00a0ciudadano \u00a0 \u00a0 \u00a0colombiano\u00a0 \u00a0 \u00a0 \u00a0CARLOS \u00a0 \u00a0ENRIQUE \u00a0 \u00a0GONZ\u00c1LEZ \u00a0 HOYOS, \u00a0solicitada por el Gobierno de los Estados Unidos de Am\u00e9rica. \u00a0\u00a0<\/p>\n<p>ANTECEDENTES \u00a0<\/p>\n<p>1.- \u00a0El \u00a0Gobierno \u00a0de \u00a0los Estados Unidos de \u00a0Am\u00e9rica, \u00a0 \u00a0por \u00a0 conducto \u00a0 de \u00a0 su \u00a0 Embajada \u00a0en \u00a0Colombia, \u00a0mediante \u00a0Nota \u00a0Verbal No. 2636 \u00a0 \u00a0 fechada \u00a0 \u00a0 el \u00a0 \u00a0 19 \u00a0 \u00a0 \u00a0 \u00a0 de \u00a0 \u00a0 \u00a0 \u00a0septiembre \u00a0 \u00a0 de \u00a0 \u00a0 2008, \u00a0dirigida al Ministerio de Relaciones \u00a0Exteriores, \u00a0solicit\u00f3 \u00a0la \u00a0detenci\u00f3n provisional con fines de extradici\u00f3n del \u00a0se\u00f1or \u00a0CARLOS \u00a0ENRIQUE \u00a0GONZ\u00c1LEZ \u00a0HOYOS, \u00a0nacido el 13 \u00a0de \u00a0julio de 1968 \u00a0e \u00a0identificado \u00a0con \u00a0la \u00a0c\u00e9dula \u00a0de \u00a0ciudadan\u00eda \u00a0 \u00a0 n\u00famero \u00a0 \u00a0 18.594.926. \u00a0\u00a0<\/p>\n<p>De \u00a0 esta \u00a0solicitud, \u00a0el \u00a0Ministerio \u00a0de \u00a0Relaciones \u00a0Exteriores \u00a0dio traslado al Ministerio del Interior y de Justicia, y \u00a0al \u00a0Fiscal \u00a0General de la Naci\u00f3n. Esta autoridad, mediante Resoluci\u00f3n de 26 de \u00a0septiembre \u00a0de \u00a02008, \u00a0libr\u00f3 \u00a0orden \u00a0de \u00a0captura \u00a0en su contra, la cual se hizo \u00a0efectiva el d\u00eda 13 de octubre siguiente en la ciudad de Envigado. \u00a0\u00a0<\/p>\n<p>2.- \u00a0 Con \u00a0Nota \u00a0Verbal \u00a0No. \u00a03409 \u00a0 \u00a0 \u00a0 del \u00a0 \u00a0 \u00a0 11 \u00a0 \u00a0 \u00a0 \u00a0 de \u00a0 \u00a0 \u00a0 \u00a0 diciembre \u00a0de \u00a02008, \u00a0la Embajada de los \u00a0Estados \u00a0 Unidos \u00a0 de \u00a0Am\u00e9rica \u00a0formaliza \u00a0ante \u00a0el \u00a0Ministerio \u00a0de \u00a0Relaciones \u00a0Exteriores \u00a0 \u00a0la \u00a0 \u00a0solicitud \u00a0 \u00a0de \u00a0 \u00a0extradici\u00f3n \u00a0 del \u00a0 referido \u00a0 ciudadano \u00a0colombiano. \u00a0\u00a0<\/p>\n<p>Informa que CARLOS \u00a0ENRIQUE \u00a0GONZ\u00c1LEZ \u00a0HOYOS es requerido para comparecer \u00a0a \u00a0juicio \u00a0por \u00a0delitos \u00a0federales \u00a0de \u00a0narc\u00f3ticos. Precisa que \u201ces \u00a0 ahora \u00a0el \u00a0sujeto \u00a0de \u00a0la \u00a0tercera \u00a0acusaci\u00f3n \u00a0 sustitutiva \u00a0 No. \u00a008-20285-CR-Moreno \u00a0(s) \u00a0(s) \u00a0(s), \u00a0dictada \u00a0el \u00a021 \u00a0de \u00a0 \u00a0 noviembre \u00a0 \u00a0de \u00a02008, en la Corte Distrital \u00a0de \u00a0 \u00a0los \u00a0 \u00a0Estados \u00a0 \u00a0Unidos \u00a0 \u00a0para \u00a0 el \u00a0 Distrito \u00a0 Sur \u00a0 de \u00a0 Florida\u201d, \u00a0por \u00a0medio \u00a0de \u00a0la \u00a0cual \u00a0se le acusa de (i) un cargo por el delito de concierto \u00a0para \u00a0importar coca\u00edna y hero\u00edna; (ii) un cargo por \u00a0el \u00a0delito \u00a0de \u00a0concierto para poseer con la intenci\u00f3n de distribuir coca\u00edna y \u00a0hero\u00edna \u00a0y; (iii) un cargo \u00a0por \u00a0el delito de concierto para fabricar y distribuir \u00a0coca\u00edna y hero\u00edna. \u00a0\u00a0<\/p>\n<p>Se\u00f1ala \u00a0 \u00a0 que \u00a0 \u00a0el \u00a0 \u00a018 \u00a0de julio de \u00a0de \u00a0 \u00a02008 \u00a0la \u00a0Corte Distrital dict\u00f3 un auto de detenci\u00f3n contra el se\u00f1or \u00a0GONZ\u00c1LEZ HOYOS con base en \u00a0la \u00a0 \u00a0 \u00a0 \u00a0 \u00a0 \u00a0segunda \u00a0 \u00a0 \u00a0 \u00a0 \u00a0 acusaci\u00f3n \u00a0 \u00a0sustitutiva, el cual permanece v\u00e1lido y ejecutable. \u00a0\u00a0<\/p>\n<p>En \u00a0relaci\u00f3n con los hechos por los cuales \u00a0se formaliza el pedido de extradici\u00f3n, manifiesta lo siguiente: \u00a0\u00a0<\/p>\n<p>\u201cDesde abril \u00a0de \u00a02006, \u00a0o \u00a0aproximadamente \u00a0desde \u00a0ese mes, actuando con base en informaci\u00f3n \u00a0obtenida \u00a0de \u00a0un \u00a0testigo \u00a0confidencial \u00a0del \u00a0gobierno (CS1), la Agencia para el \u00a0Control \u00a0de \u00a0las \u00a0Drogas (DEA) ha venido realizando una investigaci\u00f3n sobre las \u00a0operaciones \u00a0de \u00a0tr\u00e1fico de narc\u00f3ticos y lavado de dinero de una organizaci\u00f3n \u00a0con \u00a0 \u00a0 sede \u00a0 \u00a0en \u00a0 \u00a0Colombia, \u00a0 \u00a0\u2018La \u00a0Oficina \u00a0de Envigado\u2019, \u00a0 \u00a0 \u00a0 \u00a0 tambi\u00e9n \u00a0 \u00a0 \u00a0 \u00a0conocida \u00a0 \u00a0 \u00a0 \u00a0como \u00a0 \u00a0 \u00a0 \u00a0\u2018La \u00a0 \u00a0 \u00a0 \u00a0Oficina\u2019. La Oficina realiza actividades de \u00a0recolecci\u00f3n \u00a0de \u00a0dinero \u00a0y \u00a0asesinatos para individuos asociados con la antigua \u00a0organizaci\u00f3n \u00a0 paramilitar \u00a0 Autodefensas \u00a0 Unidas \u00a0 de \u00a0 Colombia \u00a0 (AUC). \u00a0La \u00a0investigaci\u00f3n \u00a0ha \u00a0revelado que, desde por lo menos enero de 2006 y continuando \u00a0hasta \u00a0la \u00a0fecha, \u00a0la Oficina ha sido responsable del transporte y distribuci\u00f3n \u00a0de \u00a0coca\u00edna \u00a0y \u00a0hero\u00edna \u00a0a \u00a0los \u00a0Estados \u00a0Unidos \u00a0y M\u00e9xico, del transporte de \u00a0coca\u00edna \u00a0a \u00a0Europa, \u00a0\u00c1frica, \u00a0y el Oriente Medio, y repatriando a Colombia las \u00a0utilidades \u00a0provenientes \u00a0de \u00a0la \u00a0venta \u00a0de \u00a0los \u00a0narc\u00f3ticos \u00a0desde los Estados \u00a0Unidos, \u00a0M\u00e9xico, \u00a0Am\u00e9rica \u00a0Central, \u00a0Europa, \u00a0\u00c1frica \u00a0y el Medio Oriente. Los \u00a0acusados \u00a0sujetos \u00a0de esta solicitud son Francisco Antonio Fl\u00f3rez Upegui, Jos\u00e9 \u00a0Sebasti\u00e1n \u00a0S\u00e1nchez, \u00a0Oscar \u00a0Alonso \u00a0Acosta \u00a0Serna, \u00a0Chekri \u00a0Mahmoud Harb, Al\u00ed \u00a0Mohamad \u00a0Abdul \u00a0Rahim, \u00a0Imad \u00a0Abdul \u00a0Rahin \u00a0Alvarado, Zakaria Hussein Harb, Al\u00ed \u00a0Ahmad \u00a0 Kaddoura, \u00a0 Carlos \u00a0 Enrique \u00a0Gonz\u00e1lez \u00a0Hoyos, \u00a0Jorge \u00a0Enrique \u00a0Rinc\u00f3n \u00a0Ord\u00f3\u00f1ez, \u00a0Oscar \u00a0Fernando \u00a0Gonz\u00e1lez \u00a0Lenis, \u00a0Hern\u00e1n \u00a0Dar\u00edo Restrepo Cossio, \u00a0Cecilia \u00a0Madrid \u00a0Franco, \u00a0Robinson \u00a0Duvan \u00a0Acosta \u00a0Serna, \u00a0Ram\u00f3n Alberto Ca\u00f1as \u00a0Pulido, \u00a0 y \u00a0Mario \u00a0Alberto \u00a0Henao \u00a0Jaramillo. \u00a0Todos \u00a0han \u00a0participado \u00a0en \u00a0las \u00a0actividades \u00a0 \u00a0ilegales \u00a0 \u00a0relacionadas \u00a0 \u00a0con \u00a0 narc\u00f3ticos \u00a0 y\/o \u00a0 lavado \u00a0 de \u00a0dinero. \u00a0\u00a0<\/p>\n<p>\u201cLa evidencia contra los acusados en este \u00a0caso \u00a0incluye, \u00a0pero no se \u00a0limita \u00a0a \u00a0grabaciones e interceptaciones autorizadas judicialmente, vigilancia, \u00a0reuniones \u00a0encubiertas, e informaci\u00f3n de testigos que cooperan con el gobierno. \u00a0Algunas \u00a0de \u00a0las \u00a0actividades en las que los acusados han participado como parte \u00a0de \u00a0las \u00a0actividades \u00a0il\u00edcitas de tr\u00e1fico de narc\u00f3ticos y lavado de dinero de \u00a0la Oficina se incluyen a continuaci\u00f3n: \u00a0\u00a0<\/p>\n<p>\u201cAL\u00cd \u00a0AHMAD \u00a0KADDOURA, \u00a0con \u00a0sede \u00a0en Bogot\u00e1 y Barranquilla, Colombia, es un asociado de los \u00a0acusados \u00a0Chekri Mahmoud Harb y Al\u00ed Mohamad Abdul Rahim. Al\u00ed Ahmad Kaddoura es \u00a0responsable \u00a0de \u00a0la coordinaci\u00f3n de grandes despachos de coca\u00edna al \u00c1frica en \u00a0donde \u00a0se \u00a0dividen \u00a0para \u00a0despacharlos \u00a0a \u00a0otros lugares. Al\u00ed Ahmad Kaddoura es \u00a0propietario \u00a0de varios almacenes de telas en Bucaramanga, Colombia, a trav\u00e9s de \u00a0los cuales lava dinero relacionado con el tr\u00e1fico de narc\u00f3ticos. \u00a0\u00a0<\/p>\n<p>\u201cCECILIA \u00a0MADRID \u00a0FRANCO \u00a0es lavadora de \u00a0dinero \u00a0para \u00a0la Oficina y est\u00e1 ubicada en Bogot\u00e1. Maneja el movimiento de las \u00a0utilidades \u00a0provenientes \u00a0de \u00a0las \u00a0ventas de narc\u00f3ticos de la Oficina dentro de \u00a0Colombia. \u00a0Interceptaciones \u00a0autorizadas judicialmente en Colombia dan cuenta de \u00a0Cecilia \u00a0Madrid \u00a0Franco \u00a0hablando \u00a0sobre las actividades de lavado de dinero con \u00a0los \u00a0acusados \u00a0Francisco Antonio Fl\u00f3rez Upegui y Oscar Alonso Acosta Serna. Las \u00a0conversaciones \u00a0que \u00a0se han interceptado sobre cuentas, transferencias de dinero \u00a0en \u00a0volumen, \u00a0y \u00a0la \u00a0entrega de vol\u00famenes de dinero a Francisco Antonio Fl\u00f3rez \u00a0Upegui. \u00a0\u00a0<\/p>\n<p>\u201cHERN\u00c1N \u00a0DAR\u00cdO \u00a0RESTREPO \u00a0COSSIO es la \u00a0cabeza \u00a0de \u00a0una \u00a0c\u00e9lula de transporte para el acusado Francisco Antonio Fl\u00f3rez \u00a0Upegui, \u00a0y \u00a0trabaja \u00a0con \u00a0los acusados Oscar Alonso Acosta Serna, Chekri Majmoud \u00a0Harb, \u00a0Carlos \u00a0Enrique \u00a0Gonz\u00e1lez \u00a0Hoyos, \u00a0y \u00a0Oscar \u00a0Fernando \u00a0Gonz\u00e1lez \u00a0Lenis. \u00a0Restrepo \u00a0Cossio tambi\u00e9n viaja a Argentina, Panam\u00e1, y otros pa\u00edses a negociar \u00a0con \u00a0otras organizaciones el abastecimiento de coca\u00edna. Durante una reuni\u00f3n en \u00a0febrero \u00a0de \u00a02007 \u00a0con \u00a0una \u00a0fuente\/testigo \u00a0que \u00a0coopera con el gobierno (CS2), \u00a0adem\u00e1s \u00a0de \u00a0discutir \u00a0sobre futuros despachos de coca\u00edna a los Estados Unidos, \u00a0M\u00e9xico, \u00a0y \u00a0Europa, \u00a0Hern\u00e1n Dar\u00edo Restrepo Cossio espec\u00edficamente manifest\u00f3 \u00a0que \u00a0\u00e9l \u00a0despach\u00f3 \u00a0coca\u00edna \u00a0desde \u00a0Costa Rica hasta Philadelphia a trav\u00e9s de \u00a0carga leg\u00edtima. \u00a0\u00a0<\/p>\n<p>\u201cJOS\u00c9 \u00a0 \u00a0SEBASTI\u00c1N \u00a0 S\u00c1NCHEZ \u00a0 es \u00a0administrador \u00a0de \u00a0las \u00a0operaciones de narc\u00f3ticos de \u00a0la \u00a0Oficina \u00a0con \u00a0sede \u00a0en \u00a0Cali, \u00a0Colombia. \u00a0Jos\u00e9 \u00a0Sebasti\u00e1n \u00a0S\u00e1nchez \u00a0es la \u00a0contraparte \u00a0del \u00a0acusado \u00a0Francisco \u00a0Antonio \u00a0Fl\u00f3rez \u00a0Upegui \u00a0en \u00a0Cali. \u00a0Jos\u00e9 \u00a0Sebasti\u00e1n \u00a0S\u00e1nchez \u00a0y \u00a0el \u00a0acusado \u00a0Oscar Fernando Gonz\u00e1lez Lenis colaboraron \u00a0para \u00a0hacer \u00a0los \u00a0arreglos de despachos de narc\u00f3ticos desde Panam\u00e1 a numerosos \u00a0lugares, incluyendo M\u00e9xico y el Medio Oriente. \u00a0\u00a0<\/p>\n<p>\u201cAL\u00cd \u00a0MOHAMED ABDUL RAHIM es lavador de \u00a0dinero \u00a0para la Oficina y est\u00e1 ubicado en Bogot\u00e1. Interceptaciones autorizadas \u00a0judicialmente \u00a0revelaron \u00a0que \u00a0Mohamad \u00a0Abdul \u00a0Rahim \u00a0asiste \u00a0al \u00a0acusado Chekri \u00a0Mahmoud \u00a0Harb \u00a0con \u00a0la \u00a0distribuci\u00f3n \u00a0de \u00a0narc\u00f3ticos \u00a0y la entrega y lavado de \u00a0utilidades provenientes de la venta de narc\u00f3ticos. \u00a0\u00a0<\/p>\n<p>\u201cCHEKRI \u00a0MAHMOUD \u00a0HARB \u00a0tiene su sede en \u00a0Medell\u00edn \u00a0y \u00a0es \u00a0gerente \u00a0de \u00a0la \u00a0organizaci\u00f3n \u00a0de \u00a0tr\u00e1fico de narc\u00f3ticos La \u00a0Oficina, \u00a0y trabaja ampliamente con los acusados Oscar Fernando Gonz\u00e1lez Lenis, \u00a0Al\u00ed \u00a0Mahamad \u00a0Abdul \u00a0Rahim, \u00a0e \u00a0Imad \u00a0Abdul \u00a0Rahim \u00a0Alvarado \u00a0para arreglar los \u00a0despachos \u00a0de \u00a0coca\u00edna\u00a0 del acusado Francisco Antonio Fl\u00f3rez Upegui desde \u00a0Panam\u00e1 \u00a0al \u00a0Medio \u00a0Oriente. \u00a0Chekri Mahmoud Harb tambi\u00e9n coordina el recibo en \u00a0Colombia \u00a0de \u00a0las \u00a0utilidades provenientes de la venta de narc\u00f3ticos que vienen \u00a0del \u00a0Medio \u00a0Oriente y \u00c1frica, y planea el tr\u00e1fico de narc\u00f3ticos a los Estados \u00a0Unidos. \u00a0\u00a0<\/p>\n<p>\u201cIMAD ABDUL RAHIM ALVARADO tiene su sede \u00a0en \u00a0El \u00a0L\u00edbano \u00a0y sirve como el principal contacto en el Medio Oriente para los \u00a0acusados \u00a0Chekri Mahmoud Harb y Al\u00ed Mohamad Abdul Rahim. Interceptaciones a los \u00a0tel\u00e9fonos \u00a0celulares de estos tres acusados autorizadas judicialmente revelaron \u00a0que \u00a0Imad Abdul Rahim Alvarado maneja las operaciones de tr\u00e1fico de coca\u00edna de \u00a0Al\u00ed \u00a0Mohamad \u00a0Abdul \u00a0Rahim \u00a0en \u00a0El \u00a0L\u00edbano \u00a0y \u00a0coopera \u00a0con las operaciones de \u00a0tr\u00e1fico de narc\u00f3ticos de sus co-acusados en Egipto. \u00a0\u00a0<\/p>\n<p>\u201cMARIO \u00a0ALBERTO \u00a0HENAO \u00a0JARAMILLO \u00a0es un \u00a0lavador \u00a0de \u00a0dinero \u00a0colombiano \u00a0que \u00a0trabaja \u00a0para la organizaci\u00f3n del acusado \u00a0Francisco \u00a0Antonio \u00a0Fl\u00f3rez Upegui. Interceptaciones telef\u00f3nicas y testigos que \u00a0cooperan \u00a0con \u00a0el gobierno confirman su papel en la coordinaci\u00f3n de la recogida \u00a0y \u00a0lavado \u00a0de \u00a0una \u00a0gran \u00a0cantidad \u00a0de \u00a0volumen \u00a0de \u00a0dinero que llega a Colombia \u00a0proveniente de Florida. \u00a0\u00a0<\/p>\n<p>\u201cCARLOS \u00a0 ENRIQUE \u00a0 GONZ\u00c1LEZ \u00a0 HOYOS \u00a0administra \u00a0 las \u00a0operaciones \u00a0de \u00a0hero\u00edna \u00a0de \u00a0La \u00a0Oficina. \u00a0Declaraciones \u00a0de \u00a0co-asociados \u00a0confirman \u00a0la \u00a0participaci\u00f3n de Carlos Enrique Gonz\u00e1lez Hoyos en \u00a0despachos \u00a0de \u00a0hero\u00edna a los Estados Unidos. Durante \u00a0una \u00a0reuni\u00f3n \u00a0en \u00a0junio \u00a0de \u00a02007 \u00a0entre \u00a0un \u00a0agente encubierto\u00a0 (UC) y el \u00a0acusado \u00a0Chekri Mahmoud Harb en Bogot\u00e1, la conversaci\u00f3n fue sobre la hero\u00edna. \u00a0Carlos \u00a0Enrique \u00a0Gonz\u00e1lez Hoyos controlaba la distribuci\u00f3n de hero\u00edna para La \u00a0Oficina. \u00a0\u00a0<\/p>\n<p>\u201cFRANCISCO \u00a0ANTONIO \u00a0FL\u00d3REZ \u00a0UPEGUI, \u00a0miembro \u00a0de alto rango de La Oficina y responsable de \u00a0lavado \u00a0de \u00a0dinero, \u00a0secuestros, \u00a0y \u00a0asesinatos, \u00a0tiene \u00a0su \u00a0sede \u00a0en Medell\u00edn. \u00a0Igualmente \u00a0 dirige \u00a0las \u00a0operaciones \u00a0de \u00a0transporte \u00a0y \u00a0distribuci\u00f3n \u00a0de \u00a0los \u00a0narc\u00f3ticos \u00a0para \u00a0La \u00a0Oficina y las antiguas AUC. Interceptaciones telef\u00f3nicas \u00a0autorizadas \u00a0judicialmente \u00a0han \u00a0revelado \u00a0a \u00a0Francisco \u00a0Antonio \u00a0Fl\u00f3rez Upegui \u00a0discutiendo \u00a0 el \u00a0 movimiento \u00a0 de \u00a0 utilidades \u00a0provenientes \u00a0de \u00a0la \u00a0venta \u00a0de \u00a0narc\u00f3ticos, \u00a0incluyendo el movimiento de dinero y la recuperaci\u00f3n de deudas de \u00a0individuos que residen en los Estados Unidos. \u00a0\u00a0<\/p>\n<p>\u201cJORGE \u00a0ENRIQUE \u00a0RINC\u00d3N ORD\u00d3\u00d1EZ tiene \u00a0sede \u00a0en Panam\u00e1 y es el director de Pan-Avia, una empresa de carga paname\u00f1a. A \u00a0trav\u00e9s \u00a0de \u00a0su \u00a0empresa \u00a0de \u00a0carga \u00a0a\u00e9rea, \u00a0participa \u00a0en \u00a0la distribuci\u00f3n de \u00a0narc\u00f3ticos \u00a0y \u00a0actividades \u00a0de \u00a0lavado \u00a0de \u00a0dinero de la Oficina. En febrero de \u00a02007, \u00a0Jorge Enrique Rinc\u00f3n Ord\u00f3\u00f1ez estuvo presente en la reuni\u00f3n en Panam\u00e1 \u00a0con \u00a0un \u00a0testigo \u00a0que \u00a0coopera con el gobierno (CS2) en donde \u00e9l y los acusados \u00a0Oscar \u00a0Alonso Acosta Serna y Hern\u00e1n Dar\u00edo Restrepo Cossio negociaron despachos \u00a0futuros \u00a0 \u00a0de \u00a0 \u00a0coca\u00edna \u00a0 \u00a0desde \u00a0 \u00a0Panam\u00e1 \u00a0 \u00a0a \u00a0 \u00a0M\u00e9xico \u00a0 y \u00a0 Europa \u00a0 \u00a0con \u00a0 el \u00a0 CS2. \u00a0 Tambi\u00e9n \u00a0discutieron llevar por v\u00eda a\u00e9rea coca\u00edna a los Estados Unidos. \u00a0\u00a0<\/p>\n<p>OSCAR ALONSO ACOSTA SERNA tiene su sede en \u00a0Colombia \u00a0y \u00a0Panam\u00e1, \u00a0y \u00a0coordina el flujo de las utilidades provenientes de la \u00a0venta \u00a0de \u00a0narc\u00f3ticos \u00a0que ingresan a Colombia. Es due\u00f1o de varias empresas en \u00a0Colombia \u00a0y Guatemala a trav\u00e9s de las cuales lava utilidades provenientes de la \u00a0venta \u00a0de \u00a0narc\u00f3ticos. Interceptaciones autorizadas judicialmente revelaron que \u00a0Oscar \u00a0Alonso \u00a0Acosta \u00a0Serna recoge utilidades transferidas cablegr\u00e1ficamente y \u00a0luego \u00a0las \u00a0env\u00eda \u00a0a \u00a0varios \u00a0miembros \u00a0de la Oficina. Por ejemplo, en abril de \u00a02007, \u00a0Oscar \u00a0Alonso \u00a0Acosta \u00a0Serna \u00a0le pidi\u00f3 al CS2 hacer los arreglos para el \u00a0transporte \u00a0y \u00a0lavado \u00a0de \u00a0un \u00a0volumen de utilidades provenientes de la venta de \u00a0narc\u00f3ticos desde Nueva York a Panam\u00e1. \u00a0\u00a0<\/p>\n<p>OSCAR FERNANDO GONZ\u00c1LEZ LENIS es el l\u00edder \u00a0de \u00a0los \u00a0narc\u00f3ticos e La Oficina en Cali, Colombia. Es responsable de hacer los \u00a0arreglos \u00a0para \u00a0despachos \u00a0de \u00a0coca\u00edna y hero\u00edna desde Guatemala y Panam\u00e1. En \u00a0mayo \u00a0de \u00a02007 \u00a0hubo \u00a0una \u00a0reuni\u00f3n \u00a0en \u00a0Panam\u00e1 \u00a0entre \u00a0el CS2 y Oscar Fernando \u00a0Gonz\u00e1lez \u00a0Lenis \u00a0durante \u00a0la cual Gonz\u00e1lez Lenis manifest\u00f3 haber sido enviado \u00a0por \u00a0un \u00a0individuo, posteriormente identificado como el acusado Jos\u00e9 Sebasti\u00e1n \u00a0S\u00e1nchez, \u00a0a \u00a0negociar \u00a0con \u00a0el \u00a0CS2 \u00a0futuros \u00a0despachos \u00a0de \u00a0narc\u00f3ticos \u00a0y \u00a0el \u00a0movimiento \u00a0de \u00a0las \u00a0utilidades \u00a0provenientes \u00a0de \u00a0la venta de narc\u00f3ticos desde \u00a0Guatemala a Panam\u00e1 o Colombia. \u00a0\u00a0<\/p>\n<p>\u201cRAM\u00d3N ALBERTO CA\u00d1AS PULIDO sirve como \u00a0administrador \u00a0de \u00a0dinero \u00a0para \u00a0las actividades de lavado de dinero del acusado \u00a0Oscar \u00a0Alonso \u00a0Acosta \u00a0Serna, y adelanta estas actividades de lavado de dinero a \u00a0nombre \u00a0del \u00a0acusado \u00a0Francisco \u00a0Antonio \u00a0Fl\u00f3rez \u00a0Upegui. Ram\u00f3n Alberto Ca\u00f1as \u00a0Pulido \u00a0fue \u00a0interceptado \u00a0en \u00a0llamadas \u00a0telef\u00f3nicas \u00a0hechas \u00a0con autorizaci\u00f3n \u00a0judicial \u00a0hablando \u00a0con \u00a0los \u00a0acusados \u00a0Oscar \u00a0Alonso \u00a0Acosta \u00a0Serna y Francisco \u00a0Antonio \u00a0Fl\u00f3rez \u00a0Upegui \u00a0sobre \u00a0las \u00a0actividades \u00a0de tr\u00e1fico de narc\u00f3ticos de \u00a0ellos. \u00a0Conversaciones \u00a0adicionales \u00a0de Ram\u00f3n Alberto Ca\u00f1as Pulido muestran su \u00a0participaci\u00f3n \u00a0en \u00a0hacer \u00a0los \u00a0arreglos \u00a0y coordinar los contratos de lavado de \u00a0dinero \u00a0del \u00a0acusado \u00a0Oscar \u00a0Alonso \u00a0Acosta Serna, incluyendo uno con el acusado \u00a0Al\u00ed Mohamed Abdul Rahim. \u00a0\u00a0<\/p>\n<p>\u201cROBINSON \u00a0DUV\u00c1N \u00a0ACOSTA \u00a0SERNA \u00a0es \u00a0el \u00a0hermano \u00a0del co-acusado Oscar Alonso Acosta Serna, y es un asociado en el lavado \u00a0de \u00a0 dinero \u00a0 con \u00a0sede \u00a0en \u00a0Colombia \u00a0de \u00a0la \u00a0acusada \u00a0Cecilia \u00a0Madrid \u00a0Franco. \u00a0Interceptaciones \u00a0telef\u00f3nicas \u00a0hechas \u00a0con \u00a0orden \u00a0judicial \u00a0en \u00a0Colombia \u00a0revelaron que \u00a0 \u00a0 \u00a0Robinson \u00a0 \u00a0 Duv\u00e1n \u00a0Acosta \u00a0Serna \u00a0act\u00faa \u00a0como \u00a0la \u00a0cabeza \u00a0de una c\u00e9lula de \u00a0lavado \u00a0de \u00a0dinero \u00a0para \u00a0la \u00a0Oficina, \u00a0y \u00a0que \u00a0es \u00a0responsable \u00a0de \u00a0reempacar y \u00a0transportar \u00a0dinero \u00a0en volumen dentro de Colombia para entrega final al acusado \u00a0Francisco Antonio Fl\u00f3rez Upegui. \u00a0\u00a0<\/p>\n<p>\u201cZAKARIA HUSSEIN HARB es un asociado con \u00a0sede \u00a0en \u00a0Colombia \u00a0de \u00a0los \u00a0acusados \u00a0Al\u00ed Mohamad Abdul Rahim y Chekri Mahmoud \u00a0Harb. \u00a0Interceptaciones \u00a0telef\u00f3nicas \u00a0hechas \u00a0con \u00a0orden judicial revelaron que \u00a0Zakaria \u00a0Hussein Harb act\u00faa como el coordinador de la log\u00edstica para despachar \u00a0contenedores \u00a0de \u00a0narc\u00f3ticos \u00a0y \u00a0volumen \u00a0de \u00a0dinero \u00a0hacia \u00a0y \u00a0desde \u00a0el Medio \u00a0Oriente\u201d. \u00a0\u00a0<\/p>\n<p>Advierte \u00a0de \u00a0otra \u00a0parte, que \u201ctodas \u00a0las \u00a0acciones \u00a0adelantadas \u00a0por \u00a0el acusado en este caso \u00a0fueron \u00a0realizadas \u00a0con \u00a0posterioridad al 17 de diciembre de 1997\u201d. \u00a0\u00a0<\/p>\n<p>Anota \u00a0 \u00a0 finalmente, \u00a0 \u00a0que \u00a0CARLOS \u00a0ENRIQUE \u00a0GONZ\u00c1LEZ \u00a0HOYOS \u00a0es \u00a0ciudadano de Colombia, \u00a0nacido \u00a0el \u00a013 \u00a0de \u00a0julio \u00a0de 1968 y se identifica con la c\u00e9dula de ciudadan\u00eda \u00a0n\u00famero 18.594.926\u201d. \u00a0\u00a0<\/p>\n<p>Para \u00a0tales efectos, adjunta los siguientes \u00a0documentos \u00a0debidamente \u00a0autenticados, traducidos y legalizados por el Consulado \u00a0de Colombia en Washington, D.C.: \u00a0\u00a0<\/p>\n<p>2.1.- \u00a0Declaraciones juradas en apoyo de la \u00a0solicitud \u00a0de \u00a0extradici\u00f3n, \u00a0rendidas por Michael P. \u00a0Sullivan,\u00a0 \u00a0 Fiscal \u00a0 Auxiliar \u00a0 Federal \u00a0 de \u00a0los \u00a0Estados \u00a0Unidos \u00a0de \u00a0Am\u00e9rica \u00a0para el Distrito Sur de Florida \u00a0 y \u00a0Sharon \u00a0Lindskoog, \u00a0Agente \u00a0 Especial \u00a0 de \u00a0 la \u00a0Administraci\u00f3n \u00a0 \u00a0 para \u00a0 \u00a0 el \u00a0 \u00a0 Control \u00a0 \u00a0de \u00a0Drogas \u00a0 \u00a0 \u00a0 \u00a0 \u00a0 \u00a0 \u00a0 \u00a0(\u201cDEA\u201d \u00a0 \u00a0por \u00a0 \u00a0sus \u00a0 \u00a0siglas \u00a0 \u00a0en \u00a0ingl\u00e9s). \u00a0\u00a0<\/p>\n<p>2.2.- \u00a0Acusaci\u00f3n \u00a0de los Estados Unidos de \u00a0Am\u00e9rica \u00a0 \u00a0contra \u00a0 \u00a0CARLOS \u00a0 ENRIQUE \u00a0 GONZ\u00c1LEZ \u00a0HOYOS\u00a0 \u00a0y \u00a0otros, \u00a0presentada \u00a0el \u00a021 \u00a0 \u00a0 \u00a0 \u00a0de \u00a0 \u00a0 \u00a0 \u00a0noviembre \u00a0 \u00a0 de \u00a0 \u00a02008 \u00a0ante \u00a0la \u00a0Corte \u00a0Distrital \u00a0de \u00a0los \u00a0Estados \u00a0 Unidos \u00a0 de \u00a0 Am\u00e9rica \u00a0 para \u00a0 el \u00a0 Distrito \u00a0 Sur \u00a0 de \u00a0Florida, \u00a0dentro \u00a0del caso penal\u00a0 \u00a0No. \u00a0 \u00a008-20285-CR-MORENO \u00a0 \u00a0 \u00a0 \u00a0 \u00a0(s) \u00a0 \u00a0 \u00a0 \u00a0 \u00a0(s) \u00a0 \u00a0 \u00a0 \u00a0 \u00a0(s). \u00a0\u00a0<\/p>\n<p>2.3.- \u201cOrden de Arresto\u201d, emitida por la \u00a0Corte \u00a0Distrital \u00a0de \u00a0los \u00a0Estados \u00a0Unidos \u00a0de \u00a0Am\u00e9rica para el Distrito Sur de \u00a0Florida, \u00a0 \u00a0contra \u00a0CARLOS \u00a0 \u00a0ENRIQUE \u00a0 \u00a0GONZ\u00c1LEZ \u00a0 HOYOS, por los cargos referidos en la acusaci\u00f3n. \u00a0\u00a0<\/p>\n<p>2.3.- Disposiciones sustanciales aplicables \u00a0al \u00a0 \u00a0 caso, \u00a0 \u00a0 Secciones\u00a0 \u00a0 \u00a0 2 \u00a0 \u00a0 \u00a0(autores), \u00a0 \u00a0 \u00a0982 \u00a0(extinci\u00f3n \u00a0penal del derecho de \u00a0dominio), \u00a01956 (lavado de \u00a0instrumentos \u00a0 \u00a0monetarios) \u00a0 \u00a0y\u00a0 \u00a03282 (t\u00e9rmino de prescripci\u00f3n para \u00a0delitos \u00a0no \u00a0capitales) \u00a0del \u00a0T\u00edtulo 18 del C\u00f3digo de los Estados Unidos; \u00a0 \u00a0 \u00a0 \u00a0 \u00a0841 \u00a0(actos \u00a0il\u00edcitos), \u00a0846 \u00a0(tentativa \u00a0y \u00a0concierto),\u00a0 \u00a0853 (extinci\u00f3n penal del \u00a0derecho \u00a0de \u00a0dominio), 952 \u00a0(importaci\u00f3n \u00a0 de \u00a0 sustancias \u00a0 controladas), \u00a0959 \u00a0(posesi\u00f3n, \u00a0 fabricaci\u00f3n \u00a0 o \u00a0 distribuci\u00f3n \u00a0 de \u00a0sustancias \u00a0 \u00a0 \u00a0controladas), \u00a0 \u00a0 960 \u00a0 (actos \u00a0il\u00edcitos) \u00a0y \u00a0963 \u00a0 (tentativa \u00a0 y \u00a0concierto) \u00a0del \u00a0T\u00edtulo \u00a0 \u00a0 21\u00a0 \u00a0 \u00a0 ejusdem; \u00a0 \u00a070503 \u00a0(distribuci\u00f3n \u00a0de \u00a0sustancias \u00a0controladas \u00a0 \u00a0 \u00a0 a \u00a0 \u00a0 \u00a0 bordo \u00a0 \u00a0 \u00a0 de \u00a0 \u00a0 \u00a0 embarcaci\u00f3n), \u00a0 \u00a0 \u00a0 70506 \u00a0(intento \u00a0y \u00a0conspiraci\u00f3n) \u00a0y \u00a070507 \u00a0(confiscaci\u00f3n de \u00a0bienes \u00a0y \u00a0pruebas) \u00a0del T\u00edtulo 46, Ap\u00e9ndice del C\u00f3digo de los Estados Unidos \u00a0de Am\u00e9rica.\u00a0\u00a0\u00a0 \u00a0\u00a0<\/p>\n<p>3.- \u00a0El Ministerio de Relaciones Exteriores \u00a0dio \u00a0traslado \u00a0de \u00a0la \u00a0documentaci\u00f3n al Ministerio del Interior y de Justicia y \u00a0conceptu\u00f3, \u00a0adem\u00e1s, \u00a0que \u201cpor no existir Convenio \u00a0aplicable \u00a0al \u00a0caso \u00a0es \u00a0procedente \u00a0obrar \u00a0de \u00a0conformidad \u00a0con el ordenamiento \u00a0procesal penal colombiano\u201d. \u00a0\u00a0<\/p>\n<p>El \u00a0Ministerio \u00a0del Interior y de Justicia, \u00a0por \u00a0su \u00a0parte, \u00a0adjunto \u00a0al oficio 38738 \u00a0 \u00a0 fechado \u00a0 \u00a0el \u00a0 \u00a018 \u00a0 \u00a0 \u00a0de \u00a0 \u00a0 \u00a0diciembre \u00a0 de \u00a0 2008, \u00a0 dio \u00a0curso \u00a0ante \u00a0la \u00a0Corte \u00a0de \u00a0la \u00a0solicitud \u00a0de \u00a0extradici\u00f3n, \u00a0en \u00a0donde, una vez agotado el procedimiento establecido en la Ley \u00a0906 \u00a0de \u00a02004, \u00a0corresponde \u00a0emitir el concepto de \u00a0rigor. \u00a0\u00a0<\/p>\n<p>ALEGATOS DE CONCLUSI\u00d3N. \u00a0<\/p>\n<p>Durante el t\u00e9rmino de traslado, s\u00f3lo hizo \u00a0uso \u00a0de \u00a0este \u00a0derecho \u00a0el \u00a0Procurador Segundo Delegado para la Casaci\u00f3n Penal, \u00a0toda \u00a0vez \u00a0que tanto el defensor de confianza del requerido en extradici\u00f3n como \u00a0el \u00a0se\u00f1or \u00a0CARLOS \u00a0ENRIQUE \u00a0GONZ\u00c1LEZ \u00a0HOYOS, \u00a0guardaron \u00a0silencio. \u00a0\u00a0<\/p>\n<p>Del Ministerio P\u00fablico. \u00a0<\/p>\n<p>Comienza \u00a0por \u00a0hacer \u00a0una \u00a0relaci\u00f3n \u00a0de la \u00a0actuaci\u00f3n \u00a0llevada \u00a0a \u00a0cabo \u00a0en \u00a0el \u00a0presente \u00a0asunto y despu\u00e9s de aludir a la \u00a0documentaci\u00f3n \u00a0en \u00a0que se sustenta el pedido,\u00a0 advierte que de conformidad \u00a0con \u00a0lo \u00a0conceptuado \u00a0por \u00a0el Ministerio de Relaciones Exteriores, la Corte debe \u00a0acogerse \u00a0a \u00a0la \u00a0legislaci\u00f3n \u00a0nacional \u00a0para \u00a0pronunciarse \u00a0en relaci\u00f3n con la \u00a0solicitud \u00a0de \u00a0extradici\u00f3n \u00a0del \u00a0ciudadano \u00a0colombiano CARLOS ENRIQUE GONZ\u00c1LEZ \u00a0HOYOS. \u00a0\u00a0<\/p>\n<p>Anota \u00a0 que \u00a0 como \u00a0 todas \u00a0las \u00a0acciones \u00a0adelantadas \u00a0 por \u00a0 el \u00a0 solicitado \u00a0 en \u00a0 extradici\u00f3n \u00a0fueron \u00a0realizadas \u00a0con \u00a0posterioridad \u00a0al \u00a017 \u00a0de \u00a0diciembre \u00a0de 1997, cuando entr\u00f3 en vigencia el Acto \u00a0Legislativo \u00a0No. \u00a001 \u00a0de \u00a01997, \u00a0modificatorio \u00a0del \u00a0art\u00edculo \u00a035 \u00a0de \u00a0la Carta \u00a0Pol\u00edtica \u00a0 que \u00a0 prohib\u00eda \u00a0 la \u00a0extradici\u00f3n \u00a0de \u00a0nacionales \u00a0colombianos \u00a0por \u00a0nacimiento, \u00a0ning\u00fan condicionamiento obra en relaci\u00f3n con el marco temporal de \u00a0los comportamientos atribuidos a la persona requerida. \u00a0\u00a0<\/p>\n<p>En \u00a0torno \u00a0a \u00a0la \u00a0validez \u00a0formal \u00a0de \u00a0la \u00a0documentaci\u00f3n \u00a0aportada, indica que dicho requisito se encuentra cumplido, dado \u00a0que \u00a0todos \u00a0los \u00a0documentos que respaldan la solicitud re\u00fanen los requisitos de \u00a0validez \u00a0que \u00a0para \u00a0el \u00a0efecto \u00a0prev\u00e9n \u00a0los art\u00edculos 259 y 260 del C\u00f3digo de \u00a0Procedimiento \u00a0Civil, \u00a0aplicables por v\u00eda de integraci\u00f3n y la resoluci\u00f3n 2001 \u00a0expedida \u00a0por \u00a0el \u00a0Ministerio \u00a0de \u00a0Relaciones \u00a0exteriores \u00a0de Colombia, que hace \u00a0relaci\u00f3n \u00a0a \u00a0la autenticaci\u00f3n y traducci\u00f3n oficial de este tipo de documentos \u00a0otorgados en el extranjero y su aceptaci\u00f3n interna. \u00a0\u00a0<\/p>\n<p>En cuanto tiene que ver con la demostraci\u00f3n \u00a0plena \u00a0de \u00a0la \u00a0identidad \u00a0del solicitado en extradici\u00f3n, manifiesta que en este \u00a0caso \u00a0se \u00a0encuentra \u00a0demostrado \u00a0que \u00a0la persona requerida en extradici\u00f3n es el \u00a0nacional \u00a0colombiano \u00a0Carlos \u00a0Enrique \u00a0Gonz\u00e1lez Hoyos, nacido el 13 de julio de \u00a01968 \u00a0 en \u00a0Colombia \u00a0e \u00a0identificado \u00a0con \u00a0la \u00a0c\u00e9dula \u00a0de \u00a0ciudadan\u00eda \u00a0n\u00famero \u00a018.594.926. \u00a0\u00a0<\/p>\n<p>Anota \u00a0que \u00a0esta \u00a0informaci\u00f3n se encuentra \u00a0registrada \u00a0en la nota diplom\u00e1tica No. 3409 del 11 de diciembre de 2008 y en la \u00a0declaraci\u00f3n \u00a0de \u00a0la \u00a0agente \u00a0especial \u00a0de la DEA, Sharon Lindskoog, a la que se \u00a0anexa fotograf\u00eda del requerido. \u00a0\u00a0<\/p>\n<p>Asimismo, dice, se cuenta con el informe de \u00a0verificaci\u00f3n \u00a0de \u00a0identidad en el que se hizo la confrontaci\u00f3n dactilosc\u00f3pica \u00a0entre \u00a0el \u00a0registro decadactilar tomado por el DAS a quien manifest\u00f3 ser CARLOS \u00a0ENRIQUE \u00a0GONZ\u00c1LEZ \u00a0HOYOS, con el registro dactilar del informe de consulta AFIS \u00a0de \u00a0la \u00a0Direcci\u00f3n Nacional de Identificaci\u00f3n de la Registradur\u00eda Nacional del \u00a0Estado \u00a0Civil \u00a0correspondiente \u00a0a \u00a0la \u00a0c\u00e9dula \u00a0de \u00a0ciudadan\u00eda \u00a0No. \u00a018.594.926 \u00a0expedida \u00a0al \u00a0antes \u00a0mencionado, \u00a0luego de lo cual se concluye que las mismas se \u00a0identifican entre s\u00ed. \u00a0\u00a0<\/p>\n<p>De \u00a0igual \u00a0modo, \u00a0en \u00a0la actuaci\u00f3n obra el \u00a0registro \u00a0fotogr\u00e1fico realizado por el DAS al requerido, y adicional a ello, el \u00a0se\u00f1or \u00a0CARLOS \u00a0ENRIQUE \u00a0GONZ\u00c1LEZ \u00a0HOYOS \u00a0imprimi\u00f3 \u00a0su \u00a0huella \u00a0dactilar en la \u00a0constancia \u00a0de \u00a0buen \u00a0trato \u00a0y \u00a0el \u00a0acta \u00a0de derechos del capturado suscritas al \u00a0momento de su retenci\u00f3n.\u00a0\u00a0\u00a0\u00a0\u00a0 \u00a0\u00a0<\/p>\n<p>Por \u00a0todo \u00a0lo expuesto, para la Delegada el \u00a0requisito en menci\u00f3n se satisface\u00a0 a cabalidad. \u00a0\u00a0<\/p>\n<p>En cuanto tiene que ver con el principio de \u00a0la \u00a0doble \u00a0incriminaci\u00f3n, \u00a0precisa \u00a0que \u00a0las \u00a0conductas \u00a0que \u00a0se \u00a0le imputan al \u00a0requerido\u00a0 \u00a0en \u00a0los \u00a0cargos \u00a0uno, \u00a0dos \u00a0y \u00a0tres \u00a0de \u00a0la \u00a0acusaci\u00f3n, \u00a0en la \u00a0legislaci\u00f3n \u00a0penal \u00a0colombiana \u00a0aparecen \u00a0consagradas \u00a0bajo la denominaci\u00f3n de \u00a0concierto \u00a0para \u00a0delinquir, \u00a0previsto \u00a0en \u00a0el \u00a0art\u00edculo \u00a0340 del C\u00f3digo Penal, \u00a0modificado \u00a0por la Ley 733 de 2002. Adicional a ello, el art\u00edculo 376 define el \u00a0delito \u00a0de \u00a0tr\u00e1fico, fabricaci\u00f3n o porte de estupefacientes. De manera que los \u00a0comportamientos \u00a0por los que se solicita la extradici\u00f3n, est\u00e1n sancionados con \u00a0penas \u00a0que \u00a0superan \u00a0el \u00a0presupuesto \u00a0punitivo \u00a0m\u00ednimo \u00a0de \u00a0cuatro (4) a\u00f1os de \u00a0prisi\u00f3n, \u00a0exigido por el legislador para conceder la extradici\u00f3n conforme a lo \u00a0previsto \u00a0en \u00a0el \u00a0numeral \u00a01\u00ba \u00a0del \u00a0art\u00edculo \u00a0493 del C\u00f3digo de Procedimiento \u00a0Penal. \u00a0\u00a0<\/p>\n<p>Con \u00a0 respecto \u00a0 al \u00a0 presupuesto \u00a0de \u00a0la \u00a0equivalencia \u00a0de \u00a0la \u00a0providencia \u00a0proferida \u00a0en el pa\u00eds requirente, indica que \u00a0este \u00a0\u00faltimo requisito, establecido\u00a0 en el numeral 2 del art\u00edculo 493 del \u00a0C\u00f3digo \u00a0de \u00a0Procedimiento \u00a0Penal, \u00a0se \u00a0encuentra \u00a0satisfecho \u00a0al aportarse a la \u00a0solicitud \u00a0la \u00a0acusaci\u00f3n \u00a0No. \u00a008-20285-CR-Moreno \u00a0(s)(s)(s) \u00a0dictada \u00a0el 21 de \u00a0noviembre \u00a0de 2008, en la Corte Distrital de los Estados Unidos para el Distrito \u00a0Sur \u00a0 de \u00a0 Florida, \u00a0 seguido \u00a0entre \u00a0otros, \u00a0contra \u00a0Carlos \u00a0Enrique \u00a0Gonz\u00e1lez \u00a0Hoyos.\u00a0\u00a0\u00a0\u00a0\u00a0 \u00a0\u00a0<\/p>\n<p>Indica \u00a0que \u00a0la \u00a0providencia \u00a0proferida \u00a0en \u00a0el\u00a0 \u00a0Estado \u00a0requirente \u00a0guarda \u00a0similitud con la resoluci\u00f3n de acusaci\u00f3n \u00a0del \u00a0 sistema \u00a0 colombiano, \u00a0cuyos \u00a0elementos \u00a0formales \u00a0y \u00a0materiales \u00a0aparecen \u00a0descritos \u00a0en \u00a0el \u00a0art\u00edculo \u00a0337 \u00a0de \u00a0la \u00a0Ley \u00a0906 de 2004, equivalencia que se \u00a0evidencia \u00a0en \u00a0lo \u00a0formal, \u00a0teniendo en cuenta que en Colombia se ha adoptado el \u00a0sistema \u00a0acusatorio\u00a0 \u00a0y se asemeja con el r\u00e9gimen procesal penal del pa\u00eds \u00a0requirente. \u00a0Adicionalmente, \u00a0en \u00a0el escrito de acusaci\u00f3n del pa\u00eds solicitante \u00a0se \u00a0identific\u00f3 al acusado con su nombre completo y n\u00famero de c\u00e9dula y se hizo \u00a0una relaci\u00f3n de los hechos jur\u00eddicamente relevantes. \u00a0\u00a0<\/p>\n<p>Precisa \u00a0que \u00a0con \u00a0relaci\u00f3n \u00a0al \u00a0aspecto \u00a0sustancial, \u00a0al \u00a0proferir \u00a0la \u00a0acusaci\u00f3n se da lugar al juicio oral, dentro del \u00a0cual \u00a0el \u00a0procesado tiene la oportunidad de ejercer su derecho de defensa contra \u00a0los \u00a0 cargos \u00a0 que \u00a0 le \u00a0 fueron \u00a0imputados \u00a0y \u00a0hacer \u00a0efectivo \u00a0su \u00a0derecho \u00a0de \u00a0contradicci\u00f3n. \u00a0\u00a0<\/p>\n<p>Por \u00a0todo \u00a0lo \u00a0anterior, \u00a0el Delegado de la \u00a0Procuradur\u00eda \u00a0 \u00a0concluye \u00a0 \u00a0que \u00a0 \u00a0existe \u00a0 \u00a0equivalencia \u00a0 \u00a0entre \u00a0 \u00a0las \u00a0 dos \u00a0decisiones. \u00a0\u00a0<\/p>\n<p>Se\u00f1ala \u00a0asimismo, que los hechos objeto de \u00a0la \u00a0acusaci\u00f3n \u00a0no \u00a0constituyen delito pol\u00edtico, lo cual cumple a cabalidad con \u00a0lo previsto en el art\u00edculo 35 de la Constituci\u00f3n Pol\u00edtica. \u00a0\u00a0<\/p>\n<p>Advierte, \u00a0no obstante, que la extradici\u00f3n \u00a0del \u00a0 ciudadano \u00a0 colombiano \u00a0 CARLOS \u00a0ENRIQUE \u00a0GONZ\u00c1LEZ \u00a0HOYOS, \u00a0s\u00f3lo \u00a0podr\u00e1 \u00a0concederse \u00a0por \u00a0hechos \u00a0ocurridos con posterioridad a la promulgaci\u00f3n del Acto \u00a0Legislativo \u00a0 01 \u00a0 del \u00a0 16 \u00a0 de \u00a0diciembre \u00a0de \u00a01997 \u00a0que \u00a0modific\u00f3 \u00a0la \u00a0norma \u00a0constitucional \u00a0en \u00a0cita, \u00a0estableciendo \u00a0la prohibici\u00f3n de la concesi\u00f3n de la \u00a0extradici\u00f3n de manera retroactiva. \u00a0\u00a0<\/p>\n<p>Sugiere \u00a0a \u00a0la \u00a0Corte \u00a0que \u00a0inste al Estado \u00a0requirente, \u00a0que \u00a0en \u00a0el evento de que el Gobierno Nacional decida extraditar al \u00a0solicitado, \u00a0adquiera \u00a0el \u00a0compromiso de no someterlo a juicio\u00a0 por delitos \u00a0diferentes \u00a0a \u00a0los \u00a0que \u00a0motivaron \u00a0la \u00a0solicitud \u00a0de extradici\u00f3n, as\u00ed como no \u00a0someterlo \u00a0a \u00a0tratos \u00a0crueles, \u00a0inhumanos \u00a0o degradantes, desaparici\u00f3n forzada, \u00a0tortura \u00a0o \u00a0penas \u00a0de destierro, prisi\u00f3n perpetua o confiscaci\u00f3n, ni a la pena \u00a0de \u00a0muerte, pues resultar\u00edan contrarias a lo establecido por los art\u00edculos 11, \u00a012 y 13 de la Constituci\u00f3n Pol\u00edtica. \u00a0\u00a0<\/p>\n<p>Con \u00a0base \u00a0en lo expuesto, la Procuradur\u00eda \u00a0Delegada \u00a0considera \u00a0que \u00a0respecto \u00a0de \u00a0los cargos incorporados en la acusaci\u00f3n \u00a0dictada \u00a0en \u00a0la \u00a0Corte \u00a0Distrital \u00a0de \u00a0los \u00a0Estados \u00a0Unidos \u00a0de Am\u00e9rica para el \u00a0Distrito \u00a0Sur de Florida, se cumplen los requisitos estipulados por el art\u00edculo \u00a0493 \u00a0del \u00a0C\u00f3digo \u00a0de \u00a0Procedimiento \u00a0Penal, \u00a0para \u00a0que \u00a0la Corte emita concepto \u00a0favorable \u00a0a \u00a0la \u00a0extradici\u00f3n \u00a0promovida \u00a0en contra del nacional CARLOS ENRIQUE \u00a0GONZ\u00c1LEZ HOYOS.\u00a0\u00a0\u00a0\u00a0 \u00a0\u00a0<\/p>\n<p>\u00a0 \u00a0<\/p>\n<p>SE CONSIDERA: \u00a0<\/p>\n<p>1.- \u00a0Aclaraci\u00f3n \u00a0previa. \u00a0\u00a0<\/p>\n<p>El \u00a0art\u00edculo \u00a035 \u00a0de \u00a0la \u00a0Carta Pol\u00edtica, \u00a0modificado \u00a0por \u00a0el art\u00edculo 1\u00ba del Acto Legislativo No. 01 de 1997, establece \u00a0que \u00a0la \u00a0extradici\u00f3n se podr\u00e1 solicitar, conceder u ofrecer de acuerdo con los \u00a0tratados p\u00fablicos y, en su defecto con la ley. \u00a0\u00a0<\/p>\n<p>Como \u00a0 en \u00a0este \u00a0caso \u00a0el \u00a0Ministerio \u00a0de \u00a0Relaciones \u00a0Exteriores \u00a0de \u00a0Colombia \u00a0conceptu\u00f3 \u00a0sobre \u00a0la ausencia de convenio \u00a0aplicable \u00a0en \u00a0materia \u00a0de extradici\u00f3n con el pa\u00eds solicitante (Estados Unidos \u00a0de \u00a0Am\u00e9rica), \u00a0y \u00a0estableci\u00f3 \u00a0la consecuente aplicaci\u00f3n de lo previsto, en el \u00a0referido \u00a0tema, \u00a0por \u00a0el \u00a0C\u00f3digo \u00a0de \u00a0Procedimiento \u00a0Penal, \u00a0la Corte, en total \u00a0coincidencia \u00a0con \u00a0lo \u00a0expresado \u00a0por \u00a0la \u00a0Procuradur\u00eda \u00a0Delegada, abordar\u00e1 el \u00a0estudio \u00a0de los aspectos sobre los cuales debe emitir el concepto, previstos por \u00a0el \u00a0art\u00edculo \u00a0502 de la \u00a0Ley \u00a0 \u00a0 906 \u00a0 \u00a0 de \u00a02004. \u00a0\u00a0<\/p>\n<p>Es de precisar, adem\u00e1s, que de la solicitud \u00a0y \u00a0documentos \u00a0anexos \u00a0se \u00a0establece \u00a0que \u00a0las \u00a0actividades delictivas que se le \u00a0imputan \u00a0 al \u00a0 se\u00f1or \u00a0 CARLOS \u00a0 ENRIQUE \u00a0GONZ\u00c1LEZ \u00a0HOYOS\u00a0 \u00a0 tuvieron \u00a0ocurrencia \u00a0en \u00a0el exterior y no versan sobre delitos \u00a0pol\u00edticos, \u00a0toda \u00a0vez \u00a0que \u00a0las conductas definidas \u00a0como \u00a0 concierto \u00a0 para \u00a0 traficar \u00a0 con \u00a0sustancias \u00a0estupefacientes, \u00a0 \u00a0 no \u00a0 \u00a0 constituyen \u00a0 \u00a0delito \u00a0pol\u00edtico. \u00a0\u00a0<\/p>\n<p>Esto \u00a0si \u00a0se \u00a0tiene en cuenta que seg\u00fan el \u00a0relato \u00a0de \u00a0la \u00a0 Agente \u00a0 Especial \u00a0de \u00a0 \u00a0 \u00a0 \u00a0 \u00a0 \u00a0 \u00a0la \u00a0 \u00a0 \u00a0 \u00a0 \u00a0 \u00a0 DEA \u00a0a \u00a0cargo \u00a0de \u00a0la \u00a0investigaci\u00f3n, \u00a0\u201cdesde enero de 2006, o \u00a0alrededor \u00a0de \u00a0esa \u00a0fecha, \u00a0la \u00a0Administraci\u00f3n para el Control de Drogas de los \u00a0Estados \u00a0 \u00a0 \u00a0 \u00a0 Unidos \u00a0 \u00a0 \u00a0 \u00a0(\u2018DEA\u2019) ha \u00a0estado \u00a0realizando \u00a0una \u00a0investigaci\u00f3n sobre las operaciones de narcotr\u00e1fico y \u00a0lavado \u00a0de \u00a0dinero \u00a0de \u00a0una \u00a0organizaci\u00f3n \u00a0con \u00a0sede \u00a0en Colombia, \u2018La \u00a0Oficina de Envigado\u2019,\u00a0 \u00a0 tambi\u00e9n \u00a0conocida \u00a0como \u00a0\u2018La Oficina\u2019. \u00a0La oficina estaba involucrada en \u00a0actividades \u00a0de recolecci\u00f3n de dinero y asesinato para individuos asociados con \u00a0la \u00a0 antigua \u00a0 organizaci\u00f3n \u00a0 paramilitar \u00a0 Autodefensas \u00a0 Unidas \u00a0de \u00a0Colombia \u00a0(\u2018AUC\u2019). \u00a0La \u00a0investigaci\u00f3n \u00a0ha revelado \u00a0que \u00a0desde \u00a0por \u00a0lo menos septiembre de 2006 y continuando hasta el d\u00eda de hoy, \u00a0La \u00a0Oficina \u00a0ha sido responsable del transporte y la distribuci\u00f3n de coca\u00edna y \u00a0hero\u00edna \u00a0a \u00a0los \u00a0Estados \u00a0Unidos \u00a0y \u00a0M\u00e9xico, \u00a0transportando coca\u00edna a Europa, \u00a0\u00c1frica\u00a0 \u00a0y el Medio Oriente, y repatriando las ganancias del narcotr\u00e1fico \u00a0a \u00a0Colombia desde los Estados Unidos, M\u00e9xico, Centroam\u00e9rica, Europa, \u00c1frica y \u00a0el \u00a0Medio \u00a0Oriente. \u00a0La oficina es propietaria de las varias rutas de transporte \u00a0entre \u00a0estos \u00a0pa\u00edses, \u00a0lo \u00a0cual \u00a0incluye \u00a0el transporte tanto por agua como por \u00a0aire. \u00a0Todos \u00a0los \u00a0acusados \u00a0sujetos \u00a0a \u00a0esta \u00a0solicitud \u00a0han participado en las \u00a0actividades \u00a0 il\u00edcitas \u00a0 de \u00a0 lavado \u00a0 de \u00a0 dinero \u00a0 y \u00a0 narcotr\u00e1fico \u00a0 de \u00a0La \u00a0Oficina\u201d. \u00a0\u00a0<\/p>\n<p>Por \u00a0otra \u00a0parte, \u00a0los \u00a0hechos \u00a0por \u00a0cuya \u00a0realizaci\u00f3n \u00a0se \u00a0solicita \u00a0la extradici\u00f3n fueron cometidos con posterioridad a \u00a0la \u00a0entrada \u00a0en \u00a0vigencia del Acto Legislativo No. 01 de 1997, modificatorio del \u00a0art\u00edculo \u00a035 \u00a0de \u00a0la \u00a0Carta \u00a0Pol\u00edtica, \u00a0por lo que no resulta pertinente hacer \u00a0alguna salvedad al\u00a0 respecto. \u00a0\u00a0<\/p>\n<p>2.- \u00a0VALIDEZ \u00a0FORMAL \u00a0DE \u00a0LOS \u00a0DOCUMENTOS \u00a0PRESENTADOS. \u00a0\u00a0<\/p>\n<p>De \u00a0la \u00a0actuaci\u00f3n \u00a0se \u00a0establece \u00a0que \u00a0la \u00a0documentaci\u00f3n \u00a0allegada \u00a0por la Embajada del Estado requirente, relacionada con \u00a0la \u00a0 tercera \u00a0acusaci\u00f3n \u00a0sustitutiva \u00a0 \u00a0No. \u00a008-20285-CR-MORENO(s)(s)(s), \u00a0 \u00a0dictada \u00a0 \u00a0el \u00a0 \u00a021 \u00a0 \u00a0 \u00a0de \u00a0 \u00a0 \u00a0noviembre \u00a0de \u00a02008 \u00a0por \u00a0la \u00a0Corte \u00a0Distrital \u00a0de \u00a0los \u00a0Estados \u00a0Unidos \u00a0para \u00a0el \u00a0Distrito \u00a0Sur \u00a0de \u00a0Florida \u00a0no \u00a0s\u00f3lo \u00a0fue \u00a0autenticada \u00a0mediante \u00a0sello \u00a0y firma por el Secretario de esa Corte1, sino que a \u00a0ella \u00a0hace \u00a0alusi\u00f3n \u00a0el \u00a0Fiscal \u00a0 Auxiliar \u00a0 cuando \u00a0en \u00a0declaraci\u00f3n \u00a0jurada \u00a0indic\u00f3 \u00a0que \u00a0\u201ces\u00a0\u00a0 \u00a0pr\u00e1ctica com\u00fan del \u00a0Tribunal \u00a0el \u00a0retener \u00a0el \u00a0original \u00a0de \u00a0la \u00a0tercera \u00a0acusaci\u00f3n \u00a0de reemplazo y \u00a0presentarla \u00a0ante \u00a0el \u00a0Secretario \u00a0del \u00a0Tribunal. \u00a0Por lo tanto, he obtenido una \u00a0copia \u00a0certificada, \u00a0fiel \u00a0y \u00a0exacta \u00a0de \u00a0la tercera acusaci\u00f3n de reemplazo del \u00a0Secretario \u00a0del \u00a0Tribunal \u00a0y \u00a0la \u00a0he \u00a0adjuntado \u00a0a esta declaraci\u00f3n jurada como \u00a0Prueba \u00a0B. \u00a0Tambi\u00e9n \u00a0he adjuntado\u00a0 copias certificadas fieles y exactas de \u00a0las \u00a0 \u00f3rdenes \u00a0 de \u00a0 arresto \u00a0como \u00a0Pruebas \u00a0C\u201d2 \u00a0\u00a0<\/p>\n<p>Adem\u00e1s,\u00a0 \u00a0 \u00a0 \u00a0 las\u00a0 \u00a0declaraciones\u00a0 \u00a0 \u00a0juradas\u00a0 \u00a0 rendidas\u00a0 \u00a0 por\u00a0 \u00a0 Michael \u00a0 \u00a0P. \u00a0 \u00a0Sullivan, \u00a0 \u00a0Fiscal \u00a0Auxiliar\u00a0 \u00a0 \u00a0 y\u00a0 \u00a0 \u00a0 de \u00a0 \u00a0la \u00a0Agente \u00a0Especial\u00a0 \u00a0 \u00a0Sharon \u00a0 Lindskoog \u00a0 de \u00a0 \u00a0 \u00a0 \u00a0 \u00a0 \u00a0 la \u00a0Administraci\u00f3n \u00a0 para \u00a0 el \u00a0 Control \u00a0 de \u00a0 Drogas \u00a0(\u2018DEA\u2019\u00a0 \u00a0por \u00a0sus siglas en ingl\u00e9s), figuran avaladas con la firma \u00a0de \u00a0 \u00a0 \u00a0un \u00a0 \u00a0 \u00a0Juez \u00a0 \u00a0 Magistrado \u00a0 \u00a0 del \u00a0 \u00a0 Distrito \u00a0 \u00a0 de \u00a0 \u00a0 Florida; \u00a0legalizados \u00a0por \u00a0Thomas \u00a0C. \u00a0Black, \u00a0Director Asociado de la Oficina de Asuntos Internacionales -Divisi\u00f3n de \u00a0lo \u00a0Penal- \u00a0del \u00a0Departamento \u00a0de Justicia, el Procurador General de los Estados \u00a0Unidos \u00a0de \u00a0Am\u00e9rica, \u00a0la \u00a0Secretaria \u00a0de \u00a0Estado, \u00a0y el Funcionario Auxiliar de \u00a0Autenticaciones del Departamento de Estado de dicho pa\u00eds. \u00a0\u00a0<\/p>\n<p>Estos \u00a0instrumentos, \u00a0por su parte, fueron \u00a0autenticados \u00a0por \u00a0el \u00a0Consulado de Colombia en Washington, D.C., y a su vez por \u00a0el \u00a0 Jefe \u00a0 de \u00a0 Legalizaciones \u00a0del \u00a0Ministerio \u00a0de \u00a0Relaciones \u00a0Exteriores \u00a0de \u00a0Colombia. \u00a0\u00a0<\/p>\n<p>Por lo anterior, teniendo en cuenta que la \u00a0solicitud \u00a0 \u00a0de \u00a0 \u00a0extradici\u00f3n \u00a0 \u00a0del \u00a0 \u00a0ciudadano \u00a0 \u00a0colombiano \u00a0 CARLOS \u00a0ENRIQUE \u00a0GONZ\u00c1LEZ \u00a0HOYOS, \u00a0se \u00a0hizo \u00a0por \u00a0la \u00a0v\u00eda \u00a0diplom\u00e1tica, \u00a0que \u00a0ella contiene la copia aut\u00e9ntica de la \u00a0resoluci\u00f3n \u00a0de \u00a0acusaci\u00f3n, la cual, junto con las declaraciones juradas que se \u00a0allegan \u00a0 en \u00a0 apoyo \u00a0de \u00a0la \u00a0solicitud, \u00a0 es \u00a0 espec\u00edfica \u00a0en \u00a0indicar \u00a0exactamente \u00a0las \u00a0conductas \u00a0que \u00a0motivaron \u00a0la \u00a0solicitud\u00a0 \u00a0y \u00a0el lugar y las fechas o \u00e9pocas en que fueron \u00a0realizadas, \u00a0as\u00ed \u00a0como \u00a0los datos necesarios para establecer la plena identidad \u00a0de \u00a0la \u00a0persona reclamada, la copia aut\u00e9ntica de las disposiciones sustanciales \u00a0aplicables \u00a0al \u00a0caso, \u00a0y \u00a0que \u00a0en \u00a0la expedici\u00f3n, tr\u00e1mite y traducci\u00f3n de los \u00a0citados \u00a0documentos se cumplieron los ritos formales de legalizaci\u00f3n prescritos \u00a0por \u00a0las \u00a0normas \u00a0pertinentes \u00a0de \u00a0los \u00a0Estados Unidos de Am\u00e9rica, la Corte los \u00a0tendr\u00e1 \u00a0 como \u00a0 aptos \u00a0 para \u00a0 servir \u00a0 de \u00a0 prueba \u00a0 de \u00a0 aquello \u00a0 que \u00a0ellos \u00a0contienen. \u00a0\u00a0<\/p>\n<p>Esto, \u00a0si \u00a0en\u00a0 cuenta se tiene que en \u00a0este \u00a0caso \u00a0asimismo \u00a0se cumple lo establecido por el art\u00edculo\u00a0 259 del C. \u00a0de \u00a0P. C., modificado por el art\u00edculo 1\u00ba N\u00fam. 118 del D.E. 2282\/89, seg\u00fan el \u00a0cual \u00a0\u201clos documentos p\u00fablicos otorgados en pa\u00eds \u00a0extranjero \u00a0 por \u00a0 funcionario \u00a0 de \u00a0\u00e9ste \u00a0o \u00a0con \u00a0su \u00a0intervenci\u00f3n, \u00a0deber\u00e1n \u00a0presentarse \u00a0debidamente autenticados por el c\u00f3nsul o agente diplom\u00e1tico de la \u00a0Rep\u00fablica, \u00a0o \u00a0en su defecto por el de una naci\u00f3n amiga, lo cual hace presumir \u00a0que \u00a0 se \u00a0 otorgaron \u00a0 conforme \u00a0 a \u00a0la \u00a0ley \u00a0del \u00a0respectivo \u00a0pa\u00eds\u201d, \u00a0disposici\u00f3n \u00a0aplicable \u00a0al caso por virtud del principio de \u00a0integraci\u00f3n \u00a0 \u00a0normativa \u00a0 \u00a0previsto \u00a0 \u00a0por \u00a0 \u00a0el \u00a0 \u00a0art\u00edculo \u00a0 \u00a025 \u00a0del \u00a0C. de P. P. de 2004 \u00a0y \u00a0el \u00a0inciso \u00faltimo del art\u00edculo \u00a0495 ejusdem. \u00a0\u00a0<\/p>\n<p>Acorde \u00a0con \u00a0lo \u00a0analizado en precedencia, \u00a0para \u00a0la \u00a0Corte \u00a0es \u00a0manifiesto \u00a0el \u00a0cumplimiento \u00a0de\u00a0 \u00a0este \u00a0requisito del \u00a0concepto. \u00a0\u00a0<\/p>\n<p>3.- \u00a0DEMOSTRACI\u00d3N PLENA DE LA IDENTIDAD DE \u00a0LA PERSONA REQUERIDA. \u00a0\u00a0<\/p>\n<p>Para la Corte es \u00a0claro \u00a0que \u00a0de \u00a0lo \u00a0actuado \u00a0se \u00a0establece \u00a0que CARLOS \u00a0ENRIQUE \u00a0GONZ\u00c1LEZ \u00a0HOYOS, quien se encuentra privado \u00a0de \u00a0la libertad con ocasi\u00f3n de\u00a0 este tr\u00e1mite, es la misma persona a\u00a0 \u00a0la\u00a0 \u00a0 \u00a0que\u00a0 \u00a0 se \u00a0 refiere \u00a0 la \u00a0 tercera \u00a0acusaci\u00f3n \u00a0sustitutiva \u00a0No. \u00a0 \u00a008-20285-CR-MORENO (s)(s)(s), \u00a0 \u00a0dictada \u00a0 \u00a0el \u00a0 \u00a021 \u00a0 \u00a0 \u00a0de \u00a0 \u00a0 \u00a0noviembre \u00a0de \u00a02008 \u00a0por \u00a0la \u00a0Corte \u00a0Distrital \u00a0de \u00a0los \u00a0Estados \u00a0Unidos \u00a0para \u00a0el \u00a0Distrito \u00a0Sur \u00a0de \u00a0Florida,\u00a0 \u00a0y\u00a0 \u00a0la\u00a0 \u00a0 \u00a0misma\u00a0 \u00a0 \u00a0mencionada\u00a0 \u00a0 en\u00a0 \u00a0 las\u00a0 \u00a0 notas\u00a0 \u00a0verbales\u00a0 \u00a0 mediante \u00a0las\u00a0 \u00a0cuales\u00a0 \u00a0el \u00a0gobierno\u00a0 \u00a0de\u00a0 \u00a0dicho\u00a0 \u00a0 \u00a0 \u00a0 \u00a0 pa\u00eds, \u00a0 \u00a0 \u00a0 \u00a0a\u00a0 \u00a0 trav\u00e9s \u00a0 de \u00a0su \u00a0Embajada \u00a0en \u00a0Colombia, \u00a0solicit\u00f3 \u00a0la \u00a0detenci\u00f3n \u00a0provisional \u00a0con \u00a0fines de extradici\u00f3n, y posteriormente formaliz\u00f3 \u00a0el pedido ante las autoridades colombianas. \u00a0\u00a0<\/p>\n<p>Esto \u00a0 por \u00a0 cuanto, \u00a0 en \u00a0 el \u00a0documento \u00a0enjuiciatorio \u00a0base de la solicitud formal de extradici\u00f3n se precisa que uno de \u00a0los \u00a0acusados\u00a0 \u00a0responde \u00a0al \u00a0nombre \u00a0de \u00a0CARLOS \u00a0ENRIQUE \u00a0GONZ\u00c1LEZ HOYOS, como asimismo se anuncia en \u00a0la \u00a0 \u00a0declaraci\u00f3n \u00a0 rendida \u00a0 por \u00a0 el \u00a0 \u00a0Fiscal \u00a0 Auxiliar \u00a0 y \u00a0 el \u00a0 Agente \u00a0 Especial, \u00a0 quienes \u00a0indican \u00a0que \u00a0el \u00a0acusado \u00a0es \u00a0ciudadano \u00a0 colombiano, \u00a0 nacido \u00a0el \u00a013 \u00a0 \u00a0 \u00a0de \u00a0 \u00a0 julio \u00a0 \u00a0 de \u00a01968 y \u00a0se \u00a0 identifica \u00a0 con \u00a0 la \u00a0 c\u00e9dula \u00a0 de \u00a0 ciudadan\u00eda \u00a0 n\u00famero \u00a0 18.594.926, \u00a0 de \u00a0quien \u00a0allegan \u00a0una \u00a0fotograf\u00eda3. \u00a0\u00a0<\/p>\n<p>Debe anotarse, que a dichas caracter\u00edsticas \u00a0se \u00a0refieren \u00a0las \u00a0notas \u00a0diplom\u00e1ticas remitidas por la Embajada de los Estados \u00a0Unidos \u00a0en \u00a0Colombia, mediante las cuales solicit\u00f3 la detenci\u00f3n preventiva con \u00a0fines \u00a0de \u00a0extradici\u00f3n \u00a0y \u00a0posteriormente formaliz\u00f3 el pedido ante el gobierno \u00a0colombiano. \u00a0\u00a0<\/p>\n<p>Es \u00a0de resaltarse, asimismo, que al momento \u00a0de \u00a0 la \u00a0 aprehensi\u00f3n \u00a0 del \u00a0 requerido \u00a0 con \u00a0fines \u00a0de \u00a0extradici\u00f3n, \u00a0previa \u00a0confrontaci\u00f3n \u00a0t\u00e9cnica \u00a0dactilosc\u00f3pica, \u00a0se \u00a0estableci\u00f3 \u00a0que la persona cuya \u00a0identidad \u00a0 \u00a0era \u00a0 objeto \u00a0 de \u00a0 verificaci\u00f3n, \u00a0 corresponde \u00a0 a \u00a0 CARLOS \u00a0ENRIQUE \u00a0GONZ\u00c1LEZ \u00a0HOYOS, con \u00a0c\u00e9dula \u00a0 \u00a0 \u00a0 \u00a0 \u00a0 de \u00a0 \u00a0 \u00a0 \u00a0 \u00a0ciudadan\u00eda \u00a0 \u00a0 \u00a0 \u00a0 \u00a0n\u00famero \u00a0 \u00a0 \u00a0 \u00a0 \u00a018.594.9264, tambi\u00e9n que con el n\u00famero \u00a0de \u00a0la \u00a0mencionada c\u00e9dula de ciudadan\u00eda se identific\u00f3 en el poder conferido a \u00a0un \u00a0 profesional \u00a0 del \u00a0 derecho \u00a0 para \u00a0 que \u00a0asumiera \u00a0su \u00a0defensa5, \u00a0estableci\u00e9ndose, \u00a0por \u00a0tanto, que la capturada es la misma persona requerida en \u00a0extradici\u00f3n. \u00a0\u00a0<\/p>\n<p>Por \u00a0estas \u00a0razones, \u00a0la \u00a0Corte \u00a0encuentra \u00a0satisfecho el requisito en menci\u00f3n. \u00a0\u00a0<\/p>\n<p>4.- PRINCIPIO DE \u00a0LA DOBLE INCRIMINACI\u00d3N. \u00a0\u00a0<\/p>\n<p>De \u00a0conformidad \u00a0con \u00a0lo establecido por el \u00a0art\u00edculo \u00a0 493-1 \u00a0del \u00a0C.P.P.\u00a0 \u00a0 de \u00a02004, \u00a0para \u00a0conceder \u00a0la \u00a0extradici\u00f3n \u00a0es requisito indispensable que el hecho que la \u00a0motiva \u00a0tambi\u00e9n est\u00e9 previsto en Colombia como delito y reprimido con sanci\u00f3n \u00a0privativa \u00a0 de \u00a0 la \u00a0 libertad \u00a0 cuyo \u00a0 m\u00ednimo \u00a0 no \u00a0 sea \u00a0 inferior \u00a0a \u00a0cuatro \u00a0a\u00f1os. \u00a0\u00a0<\/p>\n<p>4.1.- \u00a0 \u00a0Seg\u00fan \u00a0 \u00a0la \u00a0 \u00a0tercera \u00a0 \u00a0acusaci\u00f3n \u00a0 sustitutiva \u00a0 \u00a0 No. \u00a0 \u00a008-20285-CR-MORENO \u00a0(s) \u00a0(s) \u00a0(s), \u00a0dictada \u00a0el \u00a021 \u00a0 de \u00a0 noviembre \u00a0 \u00a0 de \u00a0 \u00a02008 \u00a0 \u00a0 \u00a0 contra \u00a0 \u00a0 \u00a0 CARLOS \u00a0ENRIQUE \u00a0GONZ\u00c1LEZ \u00a0HOYOS por el \u00a0Gran \u00a0Jurado \u00a0en \u00a0sesi\u00f3n \u00a0ante \u00a0la \u00a0Corte \u00a0Distrital \u00a0de \u00a0los Estados Unidos de \u00a0Am\u00e9rica \u00a0 \u00a0 \u00a0para \u00a0 \u00a0 \u00a0el \u00a0 \u00a0 \u00a0Distrito\u00a0 \u00a0 \u00a0 \u00a0Sur \u00a0 \u00a0 \u00a0de \u00a0 \u00a0 Florida, \u00a0se tiene que el requerido es \u00a0acusado \u00a0 \u00a0en \u00a0 \u00a0el\u00a0 \u00a0 CARGO \u00a0 UNO \u00a0 de \u00a0 haber \u00a0 acordado \u00a0 con \u00a0otros \u00a0individuos \u00a0 \u00a0 la \u00a0 \u00a0 importaci\u00f3n \u00a0 \u00a0de \u00a0coca\u00edna \u00a0y hero\u00edna; en \u00a0 \u00a0el \u00a0 \u00a0CARGO \u00a0 \u00a0DOS, \u00a0de \u00a0haber \u00a0concertado \u00a0con \u00a0otras \u00a0personas \u00a0para \u00a0poseer \u00a0con la intenci\u00f3n de distribuir coca\u00edna y hero\u00edna; en el \u00a0CARGO \u00a0TRES \u00a0de \u00a0haberse \u00a0combinado, \u00a0conspirado, \u00a0confederado \u00a0y \u00a0acordado la elaboraci\u00f3n y distribuci\u00f3n de coca\u00edna y hero\u00edna, \u00a0con \u00a0 el \u00a0 conocimiento \u00a0y \u00a0la \u00a0intenci\u00f3n \u00a0de \u00a0que \u00a0dichas \u00a0sustancias \u00a0ser\u00edan \u00a0ilegalmente \u00a0importadas \u00a0a \u00a0los \u00a0Estados \u00a0Unidos de Am\u00e9rioca.\u00a0\u00a0\u00a0 \u00a0\u00a0<\/p>\n<p>4.2.- \u00a0Las \u00a0normas sustanciales aplicadas, \u00a0cuya \u00a0traducci\u00f3n \u00a0fue \u00a0oportunamente \u00a0allegada \u00a0al \u00a0expediente, \u00a0tratan \u00a0de los \u00a0delitos \u00a0 de \u00a0concierto \u00a0para \u00a0importar \u00a0coca\u00edna \u00a0y \u00a0hero\u00edna \u00a0a \u00a0los \u00a0Estados; concierto para poseer con la intenci\u00f3n de distribuir \u00a0coca\u00edna \u00a0y \u00a0hero\u00edna; \u00a0y concierto para fabricar \u00a0y \u00a0distribuir \u00a0coca\u00edna \u00a0y hero\u00edna con la intenci\u00f3n de \u00a0que \u00a0 ser\u00edan \u00a0 ilegalmente \u00a0 importadas \u00a0a \u00a0los \u00a0Estados \u00a0Unidos, \u00a0por \u00a0cuyas \u00a0conductas \u00a0se \u00a0establece \u00a0pena \u00a0de prisi\u00f3n entre diez \u00a0a\u00f1os y cadena perpetua. \u00a0\u00a0<\/p>\n<p>4.2.1.- \u00a0En la legislaci\u00f3n colombiana, por \u00a0su \u00a0parte, \u00a0los \u00a0delitos \u00a0de \u00a0concierto para importar \u00a0coca\u00edna \u00a0y \u00a0hero\u00edna; \u00a0concierto \u00a0para \u00a0poseer \u00a0con la intenci\u00f3n de distribuir \u00a0dichas \u00a0 sustancias; \u00a0 y \u00a0concierto \u00a0para \u00a0fabricar \u00a0estupefacientes, \u00a0de \u00a0que tratan los CARGOS\u00a0 UNO, \u00a0DOS \u00a0 \u00a0y \u00a0TRES de la \u00a0tercera \u00a0 \u00a0acusaci\u00f3n \u00a0sustitutiva \u00a0 \u00a0 No. \u00a008-20285-CR- \u00a0MORENO \u00a0(s) \u00a0(s) \u00a0(s), \u00a0proferida \u00a0el \u00a021 \u00a0 \u00a0 \u00a0 \u00a0de \u00a0 \u00a0 \u00a0 \u00a0noviembre \u00a0 \u00a0 de \u00a0 \u00a02008, \u00a0corresponden \u00a0al \u201cconcierto para \u00a0delinquir\u201d \u00a0previsto por el art\u00edculo 340 del C\u00f3digo Penal, modificado por el \u00a0art\u00edculo \u00a08\u00ba \u00a0de \u00a0la Ley 733 de 2002, y \u00faltimamente por el art\u00edculo 19 de la \u00a0Ley \u00a01121 de 2006 que entre otras hip\u00f3tesis prev\u00e9 pena de prisi\u00f3n de ocho (8) \u00a0a \u00a0dieciocho \u00a0(18) \u00a0a\u00f1os \u00a0cuando, \u00a0como \u00a0se \u00a0establece \u00a0de \u00a0los t\u00e9rminos de la \u00a0acusaci\u00f3n, \u00a0 el \u00a0 concierto \u00a0 sea \u00a0 para \u00a0 cometer \u00a0 delitos \u00a0 de \u00a0tr\u00e1fico \u00a0de \u00a0estupefacientes. \u00a0\u00a0<\/p>\n<p>Como \u00a0en\u00a0 \u00a0este \u00a0caso \u00a0las autoridades \u00a0judiciales \u00a0 de \u00a0 los \u00a0 Estados \u00a0 Unidos \u00a0 de \u00a0Am\u00e9rica \u00a0acusan \u00a0a \u00a0CARLOS \u00a0ENRIQUE GONZ\u00c1LEZ HOYOS\u00a0 y \u00a0a \u00a0 otros \u00a0 de \u00a0 haber \u00a0 concertado, \u00a0 junto \u00a0 con \u00a0 otras \u00a0personas, \u00a0il\u00edcita, \u00a0intencionalmente \u00a0y \u00a0a \u00a0sabiendas para importar a los \u00a0Estados \u00a0Unidos \u00a0de Am\u00e9rica, cinco kilogramos o m\u00e1s de coca\u00edna y un kilogramo \u00a0o \u00a0m\u00e1s \u00a0de \u00a0hero\u00edna, \u00a0as\u00ed \u00a0como para poseer con la intenci\u00f3n de distribuir y \u00a0para \u00a0 fabricar \u00a0y \u00a0distribuir \u00a0dichas \u00a0sustancias \u00a0con \u00a0el \u00a0conocimiento \u00a0y \u00a0la \u00a0intenci\u00f3n \u00a0de \u00a0que \u00a0ser\u00edan \u00a0ilegalmente \u00a0importadas \u00a0a \u00a0los \u00a0Estados Unidos de \u00a0Am\u00e9rica, \u00a0es \u00a0de \u00a0concluirse \u00a0que \u00a0en relaci\u00f3n con \u00a0dichos \u00a0cargos\u00a0 se cumple el presupuesto relativo a la doble incriminaci\u00f3n \u00a0para \u00a0extraditar, pues en la legislaci\u00f3n penal colombiana tales comportamientos \u00a0tambi\u00e9n \u00a0se \u00a0hallan \u00a0definidos \u00a0como \u00a0delito, y por su realizaci\u00f3n prev\u00e9 pena \u00a0m\u00ednima superior a cuatro a\u00f1os de prisi\u00f3n. \u00a0\u00a0<\/p>\n<p>Cabe \u00a0 destacar \u00a0 que \u00a0 las \u00a0 conductas \u00a0imputadas,\u00a0 \u00a0 dicen \u00a0relaci\u00f3n \u00a0con \u00a0delitos \u00a0de \u00a0concierto \u00a0para \u00a0traficar \u00a0sustancias \u00a0 estupefacientes, \u00a0no \u00a0\u00fanicamente \u00a0la \u00a0participaci\u00f3n \u00a0en \u00a0un \u00a0acto \u00a0il\u00edcito \u00a0determinado, \u00a0por medio de llevar a cabo varios actos diferenciados en \u00a0circunstancias \u00a0de \u00a0modo, \u00a0lugar \u00a0y \u00a0tiempo, \u00a0como \u00a0se \u00a0destaca en la acusaci\u00f3n \u00a0proferida \u00a0y \u00a0en las declaraciones juradas rendidas por la Fiscal asistente y el \u00a0Agente Especial. \u00a0\u00a0<\/p>\n<p>De \u00a0manera \u00a0que la imputaci\u00f3n no consiste \u00a0simplemente \u00a0en atribuirle coparticipaci\u00f3n criminal en un solo hecho delictivo, \u00a0sino \u00a0que \u00a0se \u00a0funda \u00a0en \u00a0el \u00a0acuerdo de personas asociadas en la preparaci\u00f3n y \u00a0ejecuci\u00f3n \u00a0de programas para llevar a cabo una pluralidad de punibles en cuanto \u00a0planes \u00a0criminales \u00a0relacionados con el tr\u00e1fico de sustancias estupefacientes y \u00a0el \u00a0lavado \u00a0de \u00a0activos, que es precisamente lo que otorga autonom\u00eda al tipo de \u00a0concierto \u00a0 para \u00a0 delinquir \u00a0 en \u00a0 tales \u00a0 delitos. \u00a0\u00a0<\/p>\n<p>Precisa \u00a0la Corte, por \u00faltimo, que en los \u00a0CARGOS \u00a0 CUATRO, \u00a0CINCO, \u00a0SEIS \u00a0y \u00a0SIETE \u00a0de \u00a0la \u00a0resoluci\u00f3n acusatoria, no se formula imputaci\u00f3n alguna \u00a0en \u00a0 contra \u00a0 de \u00a0CARLOS \u00a0ENRIQUE \u00a0GONZ\u00c1LEZ \u00a0HOYOS, ni en relaci\u00f3n con ellos \u00a0se solicita su extradici\u00f3n. \u00a0\u00a0<\/p>\n<p>5.- EQUIVALENCIA \u00a0DE \u00a0LA \u00a0PROVIDENCIA PROFERIDA EN EL EXTRANJERO.\u00a0 \u00a0\u00a0<\/p>\n<p>El \u00a0 \u00a0 \u00a0art\u00edculo \u00a0 \u00a0 493-2 \u00a0del \u00a0C.P.P. \u00a0de 2004\u00a0 \u00a0establece como presupuesto de \u00a0procedencia \u00a0de \u00a0la \u00a0extradici\u00f3n \u00a0\u201cque \u00a0por \u00a0lo \u00a0menos \u00a0se haya dictado en el \u00a0exterior resoluci\u00f3n de acusaci\u00f3n o su equivalente\u201d. \u00a0\u00a0<\/p>\n<p>En\u00a0 este caso no queda ninguna duda de \u00a0que\u00a0 \u00a0 \u00a0 \u00a0la \u00a0 \u00a0 \u00a0tercera \u00a0 \u00a0 \u00a0acusaci\u00f3n \u00a0 \u00a0sustitutiva\u00a0 \u00a0 \u00a0No.\u00a0 \u00a0 \u00a008-20285-CR-MORENO \u00a0 \u00a0 \u00a0(s) \u00a0 \u00a0 \u00a0(s) \u00a0(s), \u00a0 \u00a0 \u00a0 dictada \u00a0 \u00a0 \u00a0 el \u00a0 \u00a0 \u00a0 21 \u00a0 \u00a0 \u00a0 \u00a0de \u00a0 \u00a0 \u00a0 \u00a0noviembre \u00a0 \u00a0 de \u00a0 \u00a02008 \u00a0por \u00a0la \u00a0Corte \u00a0Distrital \u00a0de \u00a0los \u00a0Estados \u00a0 \u00a0 \u00a0Unidos \u00a0 \u00a0 para \u00a0 \u00a0 el \u00a0 \u00a0 Distrito \u00a0 \u00a0 Sur \u00a0 \u00a0 de \u00a0 \u00a0 Florida, \u00a0 \u00a0 en \u00a0 \u00a0 contra \u00a0 \u00a0 del \u00a0se\u00f1or \u00a0CARLOS \u00a0ENRIQUE \u00a0GONZ\u00c1LEZ \u00a0HOYOS, \u00a0y \u00a0con \u00a0fundamento \u00a0en \u00a0la \u00a0cual \u00a0se \u00a0solicita su extradici\u00f3n, \u00a0corresponde \u00a0a \u00a0la \u00a0resoluci\u00f3n \u00a0acusatoria \u00a0en \u00a0la \u00a0legislaci\u00f3n \u00a0colombiana, \u00a0pues \u00a0adem\u00e1s \u00a0de que con \u00a0dicho \u00a0acto \u00a0procesal \u00a0la \u00a0actuaci\u00f3n subsiguiente no es otra distinta al juicio \u00a0oral \u00a0que \u00a0finaliza con el respectivo fallo de m\u00e9rito, como aqu\u00ed sucede, desde \u00a0el \u00a0punto \u00a0de \u00a0vista \u00a0formal \u00a0es \u00a0espec\u00edfica \u00a0en se\u00f1alar el lugar y la fecha o \u00a0\u00e9poca \u00a0en \u00a0que \u00a0los \u00a0hechos tuvieron lugar, los nombres de los part\u00edcipes y la \u00a0calificaci\u00f3n \u00a0 jur\u00eddica \u00a0 de \u00a0la \u00a0conducta, \u00a0con \u00a0lo \u00a0cual \u00a0se \u00a0satisfacen \u00a0en \u00a0suficiencia los aspectos f\u00e1cticos y jur\u00eddicos de la imputaci\u00f3n. \u00a0\u00a0<\/p>\n<p>Adem\u00e1s, \u00a0en \u00a0la \u00a0documentaci\u00f3n anexa que \u00a0sirve \u00a0de \u00a0apoyo a la solicitud de extradici\u00f3n no s\u00f3lo se indica el nombre del \u00a0acusado, \u00a0sino \u00a0los \u00a0lugares \u00a0y \u00a0fechas o \u00e9pocas en que tuvieron ocurrencia los \u00a0actos determinantes de los delitos imputados. \u00a0\u00a0<\/p>\n<p>Si \u00a0a \u00a0ello \u00a0se agrega que la legislaci\u00f3n \u00a0procesal \u00a0de \u00a0los \u00a0Estados \u00a0Unidos \u00a0de \u00a0Am\u00e9rica \u00a0se estructura sobre el sistema \u00a0acusatorio, \u00a0y \u00a0que el proyecto de acusaci\u00f3n lo presenta el fiscal y lo aprueba \u00a0el \u00a0gran \u00a0jurado \u00a0despu\u00e9s \u00a0de examinar la evidencia allegada por aqu\u00e9l, que en \u00a0\u00e9ste \u00a0la \u00a0acusaci\u00f3n \u00a0es \u00a0un escrito que contiene un pliego de cargos formulado \u00a0por \u00a0la \u00a0Fiscal\u00eda \u00a0en \u00a0contra \u00a0del \u00a0procesado \u00a0para que se defienda de ellos en \u00a0juicio, \u00a0que \u00a0incluye \u00a0la \u00a0individualizaci\u00f3n del acusado, una relaci\u00f3n clara y \u00a0sucinta \u00a0de \u00a0los hechos jur\u00eddicamente relevantes -esto es\u00a0 la descripci\u00f3n \u00a0de \u00a0la \u00a0conducta \u00a0t\u00edpica \u00a0imputada, con las circunstancias que la especifican y \u00a0las \u00a0disposiciones \u00a0sustanciales \u00a0realizadas, \u00a0as\u00ed \u00a0como \u00a0el lugar y la fecha o \u00a0\u00e9poca \u00a0de \u00a0su ocurrencia-, es evidente que la persona reclamada en extradici\u00f3n \u00a0en \u00a0este \u00a0caso, \u00a0ha \u00a0sido \u00a0acusada \u00a0y \u00a0llamada \u00a0a \u00a0responder \u00a0en \u00a0juicio por las \u00a0autoridades \u00a0 \u00a0 \u00a0 \u00a0 \u00a0de \u00a0 \u00a0 \u00a0 \u00a0 \u00a0los \u00a0 \u00a0 \u00a0 \u00a0 \u00a0Estados \u00a0 \u00a0 \u00a0 \u00a0 \u00a0Unidos \u00a0 \u00a0 \u00a0 \u00a0 de \u00a0Am\u00e9rica.\u00a0\u00a0\u00a0\u00a0\u00a0\u00a0\u00a0\u00a0\u00a0\u00a0 \u00a0\u00a0<\/p>\n<p>En consecuencia, la Corte halla satisfecho \u00a0el \u00a0requisito \u00a0en \u00a0menci\u00f3n, \u00a0m\u00e1xime \u00a0si \u00a0lo \u00a0que \u00a0la \u00a0ley dom\u00e9stica exige, es \u00a0\u201cequivalencia\u201d entre \u00a0las \u00a0 \u00a0 \u00a0 dos \u00a0 \u00a0 \u00a0piezas \u00a0 \u00a0 \u00a0procesales, \u00a0 \u00a0 \u00a0mas \u00a0 \u00a0 \u00a0no \u00a0 \u00a0 \u00a0\u201cidentidad\u201d \u00a0 absoluta \u00a0 entre \u00a0 el \u00a0indictment \u00a0 del \u00a0 sistema \u00a0 procesal \u00a0de \u00a0los \u00a0Estados \u00a0Unidos \u00a0y \u00a0la \u00a0resoluci\u00f3n \u00a0de acusaci\u00f3n a que se \u00a0alude \u00a0 \u00a0 en \u00a0 \u00a0 el \u00a0 \u00a0 modelo \u00a0 \u00a0de \u00a0 \u00a0enjuiciamiento \u00a0 \u00a0colombiano. \u00a0\u00a0<\/p>\n<p>6.- \u00a0 \u00a0EL \u00a0CONCEPTO. \u00a0\u00a0<\/p>\n<p>La \u00a0Corte \u00a0es del criterio que el Gobierno \u00a0Colombiano \u00a0 \u00a0puede \u00a0 \u00a0extraditar \u00a0 \u00a0al \u00a0 \u00a0ciudadano \u00a0 colombiano \u00a0 CARLOS \u00a0ENRIQUE \u00a0GONZ\u00c1LEZ \u00a0HOYOS\u00a0 \u00a0por \u00a0 \u00a0raz\u00f3n \u00a0 de \u00a0 los \u00a0 CARGOS \u00a0 UNO, \u00a0DOS \u00a0y \u00a0TRES de la acusaci\u00f3n a que se contrae la solicitud. \u00a0Esto \u00a0es, \u00a0por \u00a0los \u00a0delitos \u00a0de \u00a0\u201cConcierto \u00a0para \u00a0importar\u00a0 \u00a0a los Estados Unidos, desde un lugar \u00a0fuera \u00a0de los Estados Unidos, cinco kilogramos o m\u00e1s de coca\u00edna y un kilogramo \u00a0o \u00a0m\u00e1s de hero\u00edna\u201d, \u201cConcierto para poseer con la intenci\u00f3n de distribuir \u00a0cinco \u00a0kilogramos \u00a0o \u00a0m\u00e1s \u00a0de \u00a0coca\u00edna y un kilogramo o m\u00e1s de hero\u00edna\u201d; y \u00a0\u201cConcierto \u00a0para \u00a0fabricar \u00a0y distribuir cinco kilogramos o m\u00e1s de coca\u00edna y \u00a0un \u00a0kilogramo \u00a0o \u00a0m\u00e1s \u00a0de \u00a0hero\u00edna\u201d. \u00a0\u00a0<\/p>\n<p>Dichos \u00a0cargos \u00a0aparece \u00a0incluidos \u00a0en \u00a0la \u00a0tercera \u00a0 \u00a0acusaci\u00f3n \u00a0sustitutiva \u00a0 No. \u00a0 08-20285-CR- \u00a0 MORENO \u00a0(s) \u00a0(s) \u00a0(s), \u00a0 \u00a0 \u00a0 dictada \u00a0 \u00a0 \u00a0 el \u00a0 \u00a0 \u00a0 21 \u00a0 \u00a0 \u00a0 \u00a0de \u00a0 \u00a0 \u00a0 \u00a0noviembre \u00a0 \u00a0 de \u00a0 \u00a02008 \u00a0por \u00a0la \u00a0Corte \u00a0Distrital \u00a0de \u00a0los \u00a0Estados \u00a0 \u00a0 \u00a0Unidos \u00a0 \u00a0 para \u00a0 \u00a0 el \u00a0 \u00a0 Distrito \u00a0 \u00a0 Sur \u00a0 \u00a0 de \u00a0 \u00a0 Florida, \u00a0 conforme \u00a0lo \u00a0solicita \u00a0el \u00a0Gobierno \u00a0de \u00a0dicho \u00a0pa\u00eds, \u00a0pues se satisfacen los requisitos preestablecidos a \u00a0estos efectos, como viene de demostrarse. \u00a0\u00a0<\/p>\n<p>6.1.- Aclaraci\u00f3n \u00a0final.- \u00a0\u00a0<\/p>\n<p>En \u00a0atenci\u00f3n \u00a0a \u00a0lo \u00a0manifestado \u00a0por \u00a0el \u00a0Ministerio \u00a0P\u00fablico \u00a0sobre el particular, es de advertir que ata\u00f1e al Gobierno \u00a0Nacional, \u00a0si en ejercicio de su competencia lo estima, subordinar la concesi\u00f3n \u00a0de \u00a0la extradici\u00f3n a las condiciones que considere oportunas, exigiendo en todo \u00a0caso, \u00a0que \u00a0la \u00a0persona \u00a0solicitada \u00a0no vaya a ser juzgada por un hecho anterior \u00a0diverso \u00a0del \u00a0que motiva la extradici\u00f3n, ni sometida a desaparici\u00f3n forzada, a \u00a0torturas \u00a0ni \u00a0penas \u00a0o tratos crueles inhumanos o degradantes, ni a las penas de \u00a0destierro, \u00a0prisi\u00f3n \u00a0perpetua \u00a0o \u00a0confiscaci\u00f3n, o a sanciones distintas de las \u00a0que \u00a0se \u00a0le \u00a0hubieren \u00a0impuesto \u00a0en \u00a0la condena, y si la legislaci\u00f3n del Estado \u00a0requirente \u00a0pena con la muerte el injusto que motiva la extradici\u00f3n, la entrega \u00a0se \u00a0har\u00e1 \u00a0bajo \u00a0la \u00a0condici\u00f3n \u00a0de \u00a0que \u00a0tal \u00a0pena sea conmutada, atendiendo lo \u00a0contemplado \u00a0 en \u00a0 el \u00a0 art\u00edculo \u00a0 494 \u00a0 del \u00a0 C.P.P. \u00a0 de \u00a02004. \u00a0\u00a0<\/p>\n<p>De igual modo, la Corte considera pertinente \u00a0precisar, \u00a0en \u00a0orden \u00a0a resguardar los derechos fundamentales del requerido, que \u00a0-si \u00a0el Gobierno Nacional lo considera pertinente-, el Estado requirente deber\u00e1 \u00a0garantizar \u00a0la \u00a0permanencia en el pa\u00eds extranjero y el retorno al de origen, en \u00a0condiciones \u00a0de \u00a0dignidad y respeto por la persona humana, cuando el extraditado \u00a0llegare \u00a0a ser sobrese\u00eddo, absuelto, declarado no culpable o eventos similares, \u00a0incluso \u00a0despu\u00e9s \u00a0de \u00a0su \u00a0liberaci\u00f3n \u00a0por \u00a0haber cumplido la pena que le fuere \u00a0impuesta \u00a0en \u00a0la \u00a0sentencia \u00a0de condena en raz\u00f3n de los cargos que motivaron la \u00a0solicitud \u00a0 \u00a0de \u00a0 extradici\u00f3n \u00a0 y \u00a0 por \u00a0 los \u00a0 cuales \u00a0 \u00e9sta \u00a0 hubiere \u00a0 sido \u00a0concedida.\u00a0\u00a0 \u00a0\u00a0<\/p>\n<p>As\u00ed \u00a0 mismo, \u00a0 al \u00a0Gobierno \u00a0Nacional \u00a0le \u00a0corresponde \u00a0condicionar \u00a0la entrega a que el pa\u00eds reclamante, de acuerdo \u00a0a \u00a0sus \u00a0pol\u00edticas \u00a0internas \u00a0sobre la materia, le ofrezca \u00a0posibilidades \u00a0racionales \u00a0y \u00a0reales \u00a0para que el requerido pueda tener contacto \u00a0regular \u00a0con \u00a0sus \u00a0familiares m\u00e1s cercanos, considerando que el art\u00edculo 42 de \u00a0la \u00a0Constituci\u00f3n \u00a0Pol\u00edtica de 1991 reconoce a la familia como n\u00facleo esencial \u00a0de \u00a0la \u00a0sociedad, \u00a0garantiza \u00a0su \u00a0protecci\u00f3n \u00a0y \u00a0reconoce \u00a0su honra, dignidad e \u00a0intimidad, \u00a0lo \u00a0cual \u00a0se \u00a0refuerza con la protecci\u00f3n que a ese n\u00facleo tambi\u00e9n \u00a0prodigan \u00a0la \u00a0Convenci\u00f3n \u00a0Americana de Derechos Humanos en su art\u00edculo 17 y el \u00a0Pacto Internacional de Derechos Civiles y Pol\u00edticos en el 23. \u00a0\u00a0<\/p>\n<p>Adem\u00e1s, \u00a0conforme \u00a0precis\u00f3 la Corte en el \u00a0concepto \u00a0del \u00a015 \u00a0de \u00a0mayo \u00a0de \u00a02008 \u00a0(Rad. \u00a029024), \u00a0como \u00a0el \u00a0mecanismo de la \u00a0extradici\u00f3n \u00a0entre \u00a0Estados \u00a0Unidos de Am\u00e9rica y Colombia se rige, en ausencia \u00a0de \u00a0un \u00a0instrumento internacional que la\u00a0 regule, por las normas contenidas \u00a0en \u00a0 \u00a0la \u00a0 \u00a0Constituci\u00f3n \u00a0 \u00a0Pol\u00edtica \u00a0 (art\u00edculo \u00a035) \u00a0 y \u00a0 en \u00a0 el \u00a0C\u00f3digo \u00a0de \u00a0Procedimiento \u00a0Penal \u00a0(art\u00edculos \u00a0 490 \u00a0 a \u00a0 514 \u00a0 de \u00a0 la \u00a0Ley \u00a0906 \u00a0de \u00a02004), el Gobierno Nacional debe hacer las exigencias \u00a0que \u00a0estime convenientes en orden a que en el Estado reclamante se le reconozcan \u00a0todos \u00a0los \u00a0derechos \u00a0y \u00a0garant\u00edas \u00a0inherentes \u00a0a la persona del solicitado, en \u00a0especial \u00a0las \u00a0contenidas \u00a0en \u00a0la Carta Fundamental y en el denominado bloque de \u00a0constitucionalidad, \u00a0es decir, en aquellos convenios internacionales ratificados \u00a0por \u00a0 Colombia \u00a0 que \u00a0consagran \u00a0y \u00a0desarrollan \u00a0derechos \u00a0humanos \u00a0(art\u00edculo \u00a093 \u00a0de \u00a0la \u00a0Constituci\u00f3n, \u00a0Declaraci\u00f3n \u00a0Universal de \u00a0Derechos \u00a0 Humanos, \u00a0 Convenci\u00f3n \u00a0 Americana \u00a0 de \u00a0 Derechos \u00a0 Humanos, \u00a0 Pacto \u00a0Internacional \u00a0de \u00a0Derechos \u00a0Civiles y Pol\u00edticos), en \u00a0virtud \u00a0del \u00a0deber de protecci\u00f3n a esos derechos que para todas las autoridades \u00a0p\u00fablicas \u00a0 emana \u00a0 del \u00a0 art\u00edculo \u00a02\u00ba \u00a0ib\u00eddem.6 \u00a0\u00a0<\/p>\n<p>\u00a0 \u00a0<\/p>\n<p>Asimismo, \u00a0el \u00a0Gobierno \u00a0Nacional \u00a0ha \u00a0de \u00a0advertir \u00a0a \u00a0su \u00a0hom\u00f3logo \u00a0del \u00a0Estado requirente, que en el presente evento la \u00a0persona \u00a0solicitada \u00a0en \u00a0extradici\u00f3n \u00a0ha \u00a0permanecido privada de la libertad en \u00a0detenci\u00f3n preventiva por raz\u00f3n de\u00a0 este tr\u00e1mite. \u00a0\u00a0<\/p>\n<p>Adem\u00e1s, la Sala ha de indicar que en virtud \u00a0de \u00a0lo \u00a0dispuesto \u00a0por \u00a0el \u00a0numeral \u00a02\u00ba \u00a0del \u00a0art\u00edculo 189 de la Constituci\u00f3n \u00a0Pol\u00edtica, \u00a0le corresponde al Gobierno, encabezado por el se\u00f1or Presidente como \u00a0supremo \u00a0director \u00a0de la pol\u00edtica exterior y de las relaciones internacionales, \u00a0realizar \u00a0el respectivo seguimiento a los condicionamientos que se impongan a la \u00a0concesi\u00f3n \u00a0de la extradici\u00f3n y determinar las consecuencias que se derivar\u00edan \u00a0de su eventual incumplimiento. \u00a0\u00a0<\/p>\n<p>Es \u00a0 \u00a0 \u00a0 \u00a0de \u00a0 \u00a0 \u00a0 \u00a0precisar, \u00a0finalmente,\u00a0 \u00a0en \u00a0atenci\u00f3n al criterio sentado \u00a0por \u00a0la \u00a0Sala \u00a0en \u00a0el \u00a0concepto de extradici\u00f3n emitido el 19 de febrero de 2008 \u00a0dentro \u00a0 \u00a0del \u00a0 tr\u00e1mite \u00a0 radicado \u00a0 con \u00a0 el \u00a0 n\u00famero \u00a0 30374, \u00a0 que \u00a0en \u00a0el presente asunto no obra ninguna evidencia de la que se \u00a0pueda \u00a0 inferir \u00a0 razonablemente \u00a0 que \u00a0 con \u00a0anterioridad \u00a0a \u00a0la \u00a0solicitud \u00a0de \u00a0extradici\u00f3n, \u00a0 respecto \u00a0del \u00a0 requerido, \u00a0se\u00f1or \u00a0CARLOS \u00a0ENRIQUE \u00a0GONZ\u00c1LEZ \u00a0HOYOS, \u00a0autoridades \u00a0judiciales colombianas hubiesen \u00a0proferido \u00a0sentencia\u00a0 o decisi\u00f3n con car\u00e1cter \u00a0de \u00a0cosa \u00a0juzgada, \u00a0por \u00a0los mismos hechos\u00a0 que \u00a0motivan \u00a0 \u00a0 la \u00a0 \u00a0 petici\u00f3n \u00a0 \u00a0 del \u00a0 \u00a0 gobierno \u00a0extranjero. \u00a0\u00a0<\/p>\n<p>Por el contrario, en memorial presentado el \u00a027 \u00a0 \u00a0 \u00a0 \u00a0 de \u00a0 \u00a0 \u00a0 \u00a0 enero \u00a0 \u00a0 \u00a0 \u00a0 \u00faltimo7, \u00a0la \u00a0defensa \u00a0manifest\u00f3 lo \u00a0siguiente: \u00a0\u00a0<\/p>\n<p>\u201cDe \u00a0 \u00a0forma \u00a0 \u00a0expresa, \u00a0 libre \u00a0 y \u00a0voluntariamente, \u00a0mi representado, y a trav\u00e9s m\u00edo manifiesta su voluntad\u00a0 \u00a0de \u00a0 renunciar \u00a0 a \u00a0 pedir \u00a0 pruebas, \u00a0a \u00a0presentar \u00a0alegatos, \u00a0a \u00a0t\u00e9rminos \u00a0de \u00a0notificaciones \u00a0y traslados, y en general a todas las etapas procesales que sean \u00a0renunciables legalmente por el solicitado. \u00a0\u00a0<\/p>\n<p>\u201cConsiderando \u00a0que \u00a0el \u00a0solicitado \u00a0es \u00a0persona \u00a0plenamente \u00a0capaz, \u00a0que \u00a0tiene una excelente asesor\u00eda jur\u00eddica, y que \u00a0su \u00a0 fin \u00a0 \u00faltimo \u00a0 es \u00a0 atender \u00a0 prontamente \u00a0el \u00a0requerimiento \u00a0del Gobierno de los Estados Unidos de Am\u00e9rica, para demostrar su \u00a0absoluta \u00a0inocencia de los cargos que le endilgan, yo \u00a0como \u00a0su apoderado judicial coadyuvo la presente solicitud\u201d.\u00a0\u00a0 \u00a0\u00a0<\/p>\n<p>En \u00a0m\u00e9rito \u00a0de \u00a0lo \u00a0expuesto \u00a0y \u00a0con \u00a0las \u00a0precisiones \u00a0consignadas, LA CORTE SUPREMA DE JUSTICIA, SALA DE CASACI\u00d3N PENAL, \u00a0\u00a0<\/p>\n<p>CONCEPT\u00daA \u00a0 FAVORABLEMENTE \u00a0 a \u00a0 la \u00a0 extradici\u00f3n \u00a0 del \u00a0 ciudadano \u00a0colombiano \u00a0 \u00a0 CARLOS \u00a0 \u00a0ENRIQUE \u00a0 \u00a0GONZ\u00c1LEZ \u00a0HOYOS, \u00a0solicitada \u00a0al \u00a0Gobierno \u00a0de Colombia por su \u00a0hom\u00f3logo \u00a0de \u00a0los \u00a0Estados \u00a0Unidos \u00a0de Am\u00e9rica, por raz\u00f3n de los CARGOS \u00a0UNO, \u00a0DOS \u00a0y \u00a0TRES \u00a0a \u00a0que \u00a0se \u00a0contrae \u00a0la \u00a0solicitud, \u00a0contenidos \u00a0en \u00a0la \u00a0tercera \u00a0acusaci\u00f3n \u00a0 sustitutiva\u00a0 \u00a0 No. \u00a008-20285-CR-MORENO \u00a0(s) \u00a0(s) \u00a0(s), dictada el \u00a021 \u00a0 de \u00a0 noviembre \u00a0 \u00a0 de \u00a0 \u00a02008 \u00a0por \u00a0la \u00a0Corte \u00a0Distrital \u00a0de \u00a0los \u00a0Estados \u00a0 \u00a0 \u00a0Unidos \u00a0 \u00a0 para \u00a0 \u00a0 el \u00a0 \u00a0 Distrito \u00a0 \u00a0 Sur \u00a0 \u00a0 de \u00a0 \u00a0 Florida. \u00a0\u00a0<\/p>\n<p>Por la Secretar\u00eda de la Sala, comun\u00edquese \u00a0esta \u00a0 determinaci\u00f3n \u00a0al \u00a0requerido \u00a0se\u00f1or \u00a0CARLOS \u00a0ENRIQUE \u00a0GONZ\u00c1LEZ \u00a0HOYOS, a su defensor de \u00a0confianza, al Ministerio P\u00fablico y \u00a0al \u00a0Fiscal General de la Naci\u00f3n para lo de su cargo en relaci\u00f3n con la persona \u00a0detenida preventivamente con fines de extradici\u00f3n. \u00a0\u00a0<\/p>\n<p>Devu\u00e9lvase el expediente al Ministerio del \u00a0Interior y de Justicia para los tr\u00e1mites subsiguientes de ley. \u00a0\u00a0<\/p>\n<p>JULIO ENRIQUE SOCHA SALAMANCA \u00a0<\/p>\n<p>Comisi\u00f3n de servicio \u00a0<\/p>\n<p>JOS\u00c9\u00a0 \u00a0 \u00a0 \u00a0 \u00a0 \u00a0 LEONIDAS \u00a0 \u00a0 \u00a0 \u00a0 \u00a0 BUSTOS \u00a0MART\u00cdNEZ\u00a0\u00a0\u00a0\u00a0\u00a0\u00a0\u00a0\u00a0\u00a0\u00a0 SIGIFREDO \u00a0ESPINOSA P\u00c9REZ \u00a0\u00a0<\/p>\n<p>ALFREDO \u00a0 \u00a0 \u00a0 \u00a0 \u00a0 G\u00d3MEZ \u00a0QUINTERO\u00a0\u00a0\u00a0\u00a0\u00a0\u00a0\u00a0\u00a0\u00a0\u00a0 \u00a0MAR\u00cdA DEL \u00a0ROSARIO GONZ\u00c1LEZ DE LEMOS \u00a0\u00a0<\/p>\n<p>AUGUSTO \u00a0 \u00a0 \u00a0 J. \u00a0 \u00a0 \u00a0 IB\u00c1\u00d1EZ \u00a0GUZM\u00c1N\u00a0\u00a0\u00a0\u00a0\u00a0\u00a0\u00a0\u00a0\u00a0\u00a0\u00a0\u00a0\u00a0\u00a0\u00a0\u00a0\u00a0\u00a0\u00a0\u00a0\u00a0\u00a0\u00a0 \u00a0JORGE LUIS QUINTERO MILAN\u00c9S \u00a0\u00a0<\/p>\n<p>YESID \u00a0 \u00a0 \u00a0 \u00a0 \u00a0 RAM\u00cdREZ \u00a0BASTIDAS\u00a0\u00a0\u00a0\u00a0\u00a0\u00a0\u00a0\u00a0\u00a0\u00a0\u00a0\u00a0\u00a0\u00a0\u00a0\u00a0\u00a0\u00a0\u00a0\u00a0\u00a0\u00a0\u00a0\u00a0\u00a0\u00a0\u00a0\u00a0 \u00a0JAVIER DE JES\u00daS ZAPATA ORTIZ \u00a0\u00a0<\/p>\n<p>Comisi\u00f3n de servicio \u00a0<\/p>\n<p>TERESA RUIZ N\u00da\u00d1EZ \u00a0<\/p>\n<p>Secretaria \u00a0\u00a0<\/p>\n<p>\u00a0 \u00a0\u00a0<\/p>\n<p>1 \u00a0Fls. 110 anexo \u00a0\u00a0<\/p>\n<p>2 Fl. \u00a0139 anexo \u00a0\u00a0<\/p>\n<p>3 \u00a0Fls. 51 y 53 anexo. \u00a0\u00a0<\/p>\n<p>4 \u00a0Fls. 34- 36 anexo. \u00a0\u00a0<\/p>\n<p>5 Fl. \u00a010 cno. Corte \u00a0\u00a0<\/p>\n<p>6 \u00a0As\u00ed, \u00a0con \u00a0arreglo \u00a0al \u00a0art\u00edculo 29 de la Carta; a los art\u00edculos 9 y 10 de la \u00a0Declaraci\u00f3n \u00a0 \u00a0 Universal \u00a0 \u00a0 de \u00a0 \u00a0 Derechos \u00a0 \u00a0 Humanos, \u00a0 \u00a0 5-3.6, \u00a0 \u00a07-2.5, \u00a08-1.2(a)(b)(c)(d)(e)(f)(g)(h).3.4.5, \u00a09 \u00a0de la Convenci\u00f3n Americana de Derechos \u00a0Humanos, \u00a09-2.3, \u00a010-1.2.3, 14-1.2.3,5, y 15 del Pacto Internacional de Derechos \u00a0Civiles \u00a0y \u00a0Pol\u00edticos, \u00a0el \u00a0Gobierno Nacional debe condicionar la entrega de un \u00a0compatriota, \u00a0si \u00a0concede \u00a0la \u00a0extradici\u00f3n, a que se le respeten al extraditado \u00a0\u2013como a cualquier otro \u00a0nacional \u00a0 en \u00a0las \u00a0mismas \u00a0condiciones- \u00a0todas \u00a0las \u00a0garant\u00edas \u00a0debidas \u00a0a \u00a0su \u00a0condici\u00f3n \u00a0de \u00a0justiciable, \u00a0en \u00a0particular, \u00a0a \u00a0que \u00a0tenga acceso a un proceso \u00a0p\u00fablico \u00a0sin \u00a0dilaciones \u00a0injustificadas, \u00a0a que se presuma su inocencia, a que \u00a0cuente \u00a0con \u00a0un \u00a0int\u00e9rprete, a que tenga un defensor designado por \u00e9l o por el \u00a0Estado, \u00a0a \u00a0que \u00a0se le conceda el tiempo y los medios adecuados para que prepare \u00a0la \u00a0defensa, \u00a0a presentar pruebas y controvertir las que se aduzcan en contra, a \u00a0que \u00a0su \u00a0situaci\u00f3n \u00a0de \u00a0privaci\u00f3n \u00a0de la libertad se desarrolle en condiciones \u00a0dignas, \u00a0a que la eventual pena que se le imponga no trascienda de su persona, a \u00a0que \u00a0la \u00a0sanci\u00f3n \u00a0pueda \u00a0ser \u00a0apelada \u00a0ante un tribunal superior, a que la pena \u00a0privativa \u00a0de la libertad tenga la finalidad esencial de reforma y readaptaci\u00f3n \u00a0social. \u00a0\u00a0<\/p>\n<p>7 Fl. \u00a012 cno. Corte \u00a0 \u00a0\u00a0<\/p>\n<p><\/p>\n","protected":false},"excerpt":{"rendered":"<p>\u00a0 \u00a0 Proceso No 31030 \u00a0 CORTE SUPREMA DE JUSTICIA \u00a0 SALA DE CASACI\u00d3N PENAL \u00a0 Magistrado Ponente: \u00a0 Dr.\u00a0 \u00a0 \u00a0JOS\u00c9 \u00a0 \u00a0LEONIDAS \u00a0 \u00a0BUSTOS \u00a0MART\u00cdNEZ \u00a0\u00a0 Aprobado \u00a0acta No. \u00a0119\u00a0\u00a0\u00a0\u00a0\u00a0\u00a0\u00a0 \u00a0\u00a0 Bogot\u00e1, \u00a0 \u00a0 D. \u00a0 \u00a0C., \u00a0 \u00a0veintid\u00f3s \u00a0 \u00a0de \u00a0 abril \u00a0 de \u00a0 \u00a0 dos \u00a0 \u00a0mil \u00a0 \u00a0nueve. \u00a0\u00a0 [&hellip;]<\/p>\n","protected":false},"author":1,"featured_media":0,"comment_status":"open","ping_status":"open","sticky":false,"template":"","format":"standard","meta":{"footnotes":""},"categories":[17],"tags":[],"class_list":["post-18408","post","type-post","status-publish","format-standard","hentry","category-17"],"_links":{"self":[{"href":"https:\/\/dmsjuridica.com\/buscador_20179478954\/salapenalcronologico20230723\/wp-json\/wp\/v2\/posts\/18408","targetHints":{"allow":["GET"]}}],"collection":[{"href":"https:\/\/dmsjuridica.com\/buscador_20179478954\/salapenalcronologico20230723\/wp-json\/wp\/v2\/posts"}],"about":[{"href":"https:\/\/dmsjuridica.com\/buscador_20179478954\/salapenalcronologico20230723\/wp-json\/wp\/v2\/types\/post"}],"author":[{"embeddable":true,"href":"https:\/\/dmsjuridica.com\/buscador_20179478954\/salapenalcronologico20230723\/wp-json\/wp\/v2\/users\/1"}],"replies":[{"embeddable":true,"href":"https:\/\/dmsjuridica.com\/buscador_20179478954\/salapenalcronologico20230723\/wp-json\/wp\/v2\/comments?post=18408"}],"version-history":[{"count":0,"href":"https:\/\/dmsjuridica.com\/buscador_20179478954\/salapenalcronologico20230723\/wp-json\/wp\/v2\/posts\/18408\/revisions"}],"wp:attachment":[{"href":"https:\/\/dmsjuridica.com\/buscador_20179478954\/salapenalcronologico20230723\/wp-json\/wp\/v2\/media?parent=18408"}],"wp:term":[{"taxonomy":"category","embeddable":true,"href":"https:\/\/dmsjuridica.com\/buscador_20179478954\/salapenalcronologico20230723\/wp-json\/wp\/v2\/categories?post=18408"},{"taxonomy":"post_tag","embeddable":true,"href":"https:\/\/dmsjuridica.com\/buscador_20179478954\/salapenalcronologico20230723\/wp-json\/wp\/v2\/tags?post=18408"}],"curies":[{"name":"wp","href":"https:\/\/api.w.org\/{rel}","templated":true}]}}