{"id":18124,"date":"2023-09-11T19:40:15","date_gmt":"2023-09-11T19:40:15","guid":{"rendered":"https:\/\/dmsjuridica.com\/buscador_20179478954\/salapenalcronologico20230723\/2023\/09\/11\/3042601-04-09\/"},"modified":"2023-09-11T19:40:15","modified_gmt":"2023-09-11T19:40:15","slug":"3042601-04-09","status":"publish","type":"post","link":"https:\/\/dmsjuridica.com\/buscador_20179478954\/salapenalcronologico20230723\/2023\/09\/11\/3042601-04-09\/","title":{"rendered":"30426(01-04-09)"},"content":{"rendered":"\n<p>\u00a0 \u00a0 Proceso No 30426 \u00a0<\/p>\n<p>CORTE\u00a0 \u00a0 \u00a0SUPREMA\u00a0 \u00a0 \u00a0DE\u00a0 \u00a0JUSTICIA \u00a0\u00a0<\/p>\n<p>SALA DE CASACI\u00d3N PENAL \u00a0<\/p>\n<p>Magistrado Ponente: \u00a0<\/p>\n<p>\u00a0 YESID RAM\u00cdREZ BASTIDAS \u00a0<\/p>\n<p>Aprobado Acta N\u00b0101 \u00a0<\/p>\n<p>Bogot\u00e1, D.C., abril primero (1\u00b0) de dos mil \u00a0nueve (2009). \u00a0\u00a0<\/p>\n<p>\u00a0\u00a0\u00a0\u00a0\u00a0\u00a0\u00a0\u00a0\u00a0\u00a0\u00a0\u00a0\u00a0\u00a0\u00a0\u00a0\u00a0\u00a0\u00a0\u00a0\u00a0\u00a0\u00a0\u00a0\u00a0\u00a0\u00a0\u00a0\u00a0\u00a0\u00a0\u00a0\u00a0\u00a0\u00a0\u00a0\u00a0\u00a0\u00a0\u00a0\u00a0\u00a0\u00a0\u00a0\u00a0\u00a0\u00a0\u00a0\u00a0\u00a0\u00a0\u00a0\u00a0\u00a0\u00a0\u00a0\u00a0\u00a0\u00a0\u00a0\u00a0\u00a0\u00a0\u00a0\u00a0\u00a0\u00a0 \u00a0\u00a0<\/p>\n<p>V I S T O S: \u00a0<\/p>\n<p>Emite la Corte concepto sobre la solicitud de \u00a0extradici\u00f3n \u00a0del\u00a0 ciudadano colombiano D\u00f3nald Ram\u00edrez Estupi\u00f1\u00e1n,\u00a0 \u00a0elevada \u00a0por \u00a0el \u00a0Gobierno \u00a0de \u00a0los \u00a0Estados \u00a0Unidos a trav\u00e9s de su Embajada en \u00a0Colombia. \u00a0\u00a0<\/p>\n<p>A N T E C E D E N T E S: \u00a0<\/p>\n<p>1. \u00a0Mediante \u00a0Nota \u00a0Verbal No. 0871 del 9 de \u00a0abril \u00a0de 2007, el Gobierno\u00a0\u00a0 de\u00a0 los\u00a0 Estados\u00a0 Unidos, \u00a0por \u00a0medio\u00a0 \u00a0de\u00a0 \u00a0su\u00a0 \u00a0Embajada\u00a0 en\u00a0 esta\u00a0 ciudad, \u00a0solicit\u00f3 \u00a0al \u00a0Ministerio \u00a0de \u00a0Relaciones \u00a0Exteriores de Colombia, la detenci\u00f3n \u00a0provisional \u00a0con \u00a0fines \u00a0de extradici\u00f3n de D\u00f3nald Ram\u00edrez Estupi\u00f1\u00e1n, al ser \u00a0requerido \u00a0 \u00a0para\u00a0 \u00a0 \u00a0comparecer\u00a0 \u00a0 a\u00a0 \u00a0 juicio\u00a0 \u00a0 por\u00a0 \u00a0delitos\u00a0 \u00a0 federales\u00a0 \u00a0de \u00a0narc\u00f3ticos\u00a0 \u00a0formulados\u00a0 \u00a0en \u00a0la \u00a0acusaci\u00f3n \u00a0No. \u00a08:07-CR-00084-T30 \u00a0MSS, \u00a0dictada \u00a0el 14 de marzo de 2007, en la \u00a0Corte \u00a0 Distrital \u00a0 de \u00a0 los \u00a0 Estados \u00a0 Unidos \u00a0 para \u00a0 el \u00a0Distrito \u00a0Medio \u00a0de \u00a0Florida. \u00a0\u00a0<\/p>\n<p>2. El Ministerio del Interior y de Justicia, \u00a0previo \u00a0concepto \u00a0de su hom\u00f3logo de Relaciones Exteriores sobre la inexistencia \u00a0de \u00a0convenio \u00a0aplicable al caso, mediante oficio No. OFI08-24108-DIJ-0100 del 14 \u00a0de \u00a0agosto \u00a0de \u00a02008, \u00a0remiti\u00f3 \u00a0a \u00a0la \u00a0Corte \u00a0la \u00a0documentaci\u00f3n enviada por la \u00a0Embajada \u00a0 de \u00a0 los \u00a0 Estados \u00a0 Unidos, \u00a0 debidamente \u00a0traducida \u00a0y \u00a0legalizada. \u00a0\u00a0<\/p>\n<p>3. Mediante auto del 3 de octubre de 2008 se \u00a0le \u00a0reconoci\u00f3 \u00a0personer\u00eda \u00a0para \u00a0actuar \u00a0a \u00a0la \u00a0defensora \u00a0del requerido, y se \u00a0corri\u00f3 traslado del t\u00e9rmino para solicitar pruebas.\u00a0 \u00a0\u00a0<\/p>\n<p>4. En providencia del 4 de febrero de 2009 se \u00a0resolvi\u00f3 \u00a0negar \u00a0las \u00a0peticiones \u00a0probatorias \u00a0presentadas por la defensora del \u00a0requerido \u00a0en \u00a0extradici\u00f3n \u00a0Ram\u00edrez \u00a0Estupi\u00f1\u00e1n \u00a0y se orden\u00f3 correr traslado \u00a0para que las partes presentaran los alegatos previos al concepto. \u00a0\u00a0<\/p>\n<p>El \u00a09 \u00a0de \u00a0febrero \u00a0pasado \u00a0se \u00a0acept\u00f3 la \u00a0renuncia de la defensora al mencionado t\u00e9rmino.\u00a0\u00a0 \u00a0\u00a0<\/p>\n<p>5. La Procuradur\u00eda Delegada\u00a0 present\u00f3 \u00a0las alegaciones de fondo. \u00a0\u00a0<\/p>\n<p>ALEGATOS DEL PROCURADOR PRIMERO\u00a0 DELEGADO \u00a0PARA LA CASACI\u00d3N PENAL \u00a0\u00a0<\/p>\n<p>1. \u00a0Despu\u00e9s de citar los antecedentes de la \u00a0actuaci\u00f3n, \u00a0se\u00f1ala \u00a0que \u00a0de \u00a0conformidad \u00a0con lo indicado por el Ministerio de \u00a0Relaciones \u00a0Exteriores, \u00a0ante \u00a0la ausencia de convenio de extradici\u00f3n aplicable \u00a0entre \u00a0el \u00a0Estado \u00a0colombiano \u00a0con los Estados Unidos,\u00a0 la normatividad que \u00a0rige \u00a0para \u00a0este \u00a0caso \u00a0es la Ley 906 de 2004 porque las conductas atribuidas al \u00a0solicitado \u00a0D\u00f3nald \u00a0Ram\u00edrez Estupi\u00f1\u00e1n ocurrieron entre una fecha desconocida \u00a0no \u00a0posterior \u00a0al \u00a0oto\u00f1o \u00a0de 1998 hasta incluso marzo 14 de 2007, por tanto, se \u00a0ocupa \u00a0 de \u00a0 los \u00a0 requisitos \u00a0 formales \u00a0 previstos \u00a0 en \u00a0 el \u00a0 art\u00edculo \u00a0 502 \u00a0ib\u00eddem.\u00a0\u00a0 \u00a0\u00a0<\/p>\n<p>2. \u00a0Relaciona \u00a0la \u00a0documentaci\u00f3n \u00a0aportada \u00a0con\u00a0 \u00a0la \u00a0petici\u00f3n \u00a0de \u00a0extradici\u00f3n \u00a0de \u00a0D\u00f3nald \u00a0Ram\u00edrez \u00a0Estupi\u00f1\u00e1n y \u00a0considera \u00a0que \u00a0en \u00a0virtud \u00a0del \u00a0principio \u00a0de \u00a0integraci\u00f3n \u00a0consagrado \u00a0en los \u00a0art\u00edculo \u00a025 \u00a0y 495, inciso final del C\u00f3digo de Procedimiento Penal de 2004, y \u00a0lo \u00a0dispuesto en el art\u00edculo 259 del Estatuto Procesal Civil, modificado por el \u00a0art\u00edculo \u00a0118, \u00a0numeral 1 del Decreto Extraordinario 2282 de 1989, el requisito \u00a0de \u00a0autenticidad\u00a0 y aptitud sobre la\u00a0 misma\u00a0 se cumple cabalmente \u00a0porque \u00a0no \u00a0s\u00f3lo \u00a0contiene \u00a0la \u00a0informaci\u00f3n \u00a0legalmente \u00a0requerida, \u00a0sino \u00a0que \u00a0tambi\u00e9n \u00a0 se \u00a0 surti\u00f3 \u00a0el \u00a0tr\u00e1mite \u00a0inherente \u00a0a \u00a0esa \u00a0exigencia.\u00a0\u00a0 \u00a0\u00a0<\/p>\n<p>3. \u00a0 Encuentra \u00a0demostrada\u00a0 \u00a0la\u00a0 \u00a0identidad \u00a0del \u00a0solicitado\u00a0 \u00a0porque \u00a0la persona reclamada en los documentos \u00a0allegados \u00a0 para\u00a0 \u00a0 sustentar \u00a0 la \u00a0 extradici\u00f3n \u00a0 como \u00a0D\u00f3nald \u00a0Ram\u00edrez \u00a0Estupi\u00f1\u00e1n, \u00a0 ciudadano \u00a0 colombiano, \u00a0 nacido \u00a0 el \u00a017 \u00a0de \u00a0febrero \u00a0de \u00a01975, \u00a0identificado \u00a0 con \u00a0 la \u00a0 c\u00e9dula \u00a0de \u00a0ciudadan\u00eda \u00a0No \u00a016.507.319 \u00a0expedida \u00a0en \u00a0Buenaventura \u00a0(Valle), \u00a0hijo \u00a0de Narciso y Adelma,\u00a0 es la\u00a0 misma\u00a0 \u00a0que \u00a0fue \u00a0capturada con ocasi\u00f3n de estas diligencias, adem\u00e1s, al momento de su \u00a0aprehensi\u00f3n \u00a0y \u00a0en \u00a0las \u00a0dem\u00e1s \u00a0actuaciones \u00a0ante \u00a0esta \u00a0Corporaci\u00f3n Ram\u00edrez \u00a0Estupi\u00f1\u00e1n \u00a0se \u00a0identific\u00f3 \u00a0con \u00a0dicho \u00a0documento,\u00a0 \u00a0lo \u00a0cual satisface a \u00a0cabalidad este requisito. \u00a0\u00a0<\/p>\n<p>4. Luego de transcribir los cargos formulados \u00a0en \u00a0la \u00a0acusaci\u00f3n No.\u00a0 8:07-CR-00084-T30 MSS,\u00a0 dictada el 14 de marzo \u00a0de \u00a02007 \u00a0en \u00a0la Corte Distrital de los Estados Unidos para el Distrito Medio de \u00a0Florida, \u00a0concluye \u00a0que se cumple el principio de la doble incriminaci\u00f3n porque \u00a0las \u00a0 conductas \u00a0imputadas \u00a0al \u00a0solicitado \u00a0D\u00f3nald \u00a0Ram\u00edrez \u00a0Estupi\u00f1\u00e1n\u00a0 \u00a0tambi\u00e9n \u00a0aparecen \u00a0sancionadas \u00a0en nuestra legislaci\u00f3n bajo las denominaciones \u00a0de \u00a0\u201cconcierto \u00a0para \u00a0delinquir\u201d \u00a0y \u00a0\u201ctr\u00e1fico, \u00a0fabricaci\u00f3n \u00a0o \u00a0porte de \u00a0estupefacientes\u201d \u00a0tipificadas \u00a0en \u00a0los \u00a0art\u00edculos \u00a0340, \u00a0modificado \u00a0por \u00a0los \u00a0art\u00edculos \u00a08 de la Ley 733 de 2002, 14 de la Ley 890 de 2004, 19 de la Ley 1121 \u00a0de \u00a02006 \u00a0y \u00a0art\u00edculo\u00a0 \u00a0376 del C\u00f3digo Penal,\u00a0 para las cuales est\u00e1 \u00a0prevista \u00a0una \u00a0sanci\u00f3n \u00a0m\u00ednima \u00a0privativa de la libertad superior a los cuatro \u00a0a\u00f1os y no corresponden a delitos pol\u00edticos o de opini\u00f3n. \u00a0\u00a0<\/p>\n<p>5. \u00a0 \u00a0Indica \u00a0 \u00a0que \u00a0 \u00a0el \u00a0 indicment\u00a0 \u00a0 emitido \u00a0por \u00a0la \u00a0Corte \u00a0Distrital \u00a0de \u00a0los \u00a0Estados \u00a0Unidos \u00a0para el Distrito Medio de Florida contra el \u00a0requerido \u00a0D\u00f3nald \u00a0Ram\u00edrez \u00a0Estupi\u00f1\u00e1n\u00a0 \u00a0es equivalente y tiene la misma \u00a0fuerza \u00a0vinculante \u00a0del \u00a0pliego \u00a0de cargos del sistema procesal penal colombiano \u00a0porque \u00a0con ambas decisiones se inicia la etapa del juicio y, adem\u00e1s, contienen \u00a0la \u00a0imputaci\u00f3n procesal, f\u00e1ctica y jur\u00eddica,\u00a0 de donde se sigue que este \u00a0requisito tambi\u00e9n se cumple.\u00a0 \u00a0\u00a0<\/p>\n<p>6.\u00a0 \u00a0Pide \u00a0que \u00a0esta \u00a0Sala \u00a0exhorte \u00a0al \u00a0Gobierno \u00a0Nacional \u00a0para \u00a0que, \u00a0en \u00a0caso \u00a0de conceder la extradici\u00f3n de D\u00f3nald \u00a0Ram\u00edrez \u00a0 Estupi\u00f1\u00e1n, \u00a0 se \u00a0condicione \u00a0la \u00a0determinaci\u00f3n \u00a0a \u00a0que \u00a0el \u00a0Estado \u00a0requirente \u00a0no juzgue al extraditado por hechos distintos a los que motivan este \u00a0pedido, \u00a0no anteriores a diciembre de 1997, de conformidad a lo dispuesto por el \u00a0art\u00edculo \u00a035 \u00a0de \u00a0la \u00a0Carta \u00a0Pol\u00edtica modificado por el Acto Legislativo 01 de \u00a01997, \u00a0y \u00a0que \u00a0el \u00a0requerido \u00a0no \u00a0sea \u00a0sometido \u00a0a destierro, prisi\u00f3n perpetua, \u00a0confiscaci\u00f3n,\u00a0 \u00a0tratos \u00a0crueles, \u00a0inhumanos \u00a0o \u00a0degradantes, \u00a0o la pena de \u00a0muerte \u00a0seg\u00fan lo regulado por los art\u00edculos 11,12 y 34 ib\u00eddem, y el art\u00edculo \u00a0494 de la Ley 906 de 2004.\u00a0 \u00a0\u00a0<\/p>\n<p>Adem\u00e1s, \u00a0que \u00a0se le exija al Gobierno\u00a0 \u00a0extranjero \u00a0que \u00a0tenga \u00a0en \u00a0cuenta \u00a0el \u00a0tiempo que el requerido D\u00f3nald Ram\u00edrez \u00a0Estupi\u00f1\u00e1n\u00a0\u00a0 \u00a0 lleva \u00a0 retenido \u00a0 provisionalmente \u00a0en \u00a0Colombia \u00a0con \u00a0ocasi\u00f3n \u00a0 de \u00a0 este \u00a0 tr\u00e1mite \u00a0 de \u00a0 extradici\u00f3n, \u00a0 para \u00a0 el \u00a0 caso \u00a0de \u00a0una \u00a0condena.\u00a0\u00a0 \u00a0\u00a0<\/p>\n<p>Tales \u00a0condicionamientos deber\u00e1n ser objeto \u00a0de \u00a0vigilancia \u00a0y \u00a0seguimiento \u00a0por \u00a0parte \u00a0del \u00a0Gobierno \u00a0Nacional \u00a0para que se \u00a0determine \u00a0 \u00a0 \u00a0las \u00a0 \u00a0 \u00a0consecuencias\u00a0 \u00a0 \u00a0 \u00a0por \u00a0 \u00a0 \u00a0su \u00a0 \u00a0 \u00a0eventual\u00a0 \u00a0incumplimiento. \u00a0\u00a0<\/p>\n<p>7. De acuerdo con lo anterior, opina que esta \u00a0Corporaci\u00f3n \u00a0debe \u00a0emitir \u00a0concepto \u00a0favorable \u00a0para la extradici\u00f3n de D\u00f3nald \u00a0Ram\u00edrez Estupi\u00f1\u00e1n. \u00a0\u00a0<\/p>\n<p>CONCEPTO\u00a0 \u00a0 \u00a0 DE\u00a0 \u00a0 \u00a0LA\u00a0 \u00a0CORTE \u00a0\u00a0<\/p>\n<p>\u00a0 \u00a0\u00a0<\/p>\n<p>1. Aspectos previos. \u00a0 \u00a0\u00a0<\/p>\n<p>1.1.\u00a0 De acuerdo con\u00a0 la solicitud \u00a0elevada \u00a0por \u00a0el \u00a0Gobierno \u00a0de \u00a0los \u00a0Estados \u00a0Unidos a trav\u00e9s de su Embajada en \u00a0Colombia \u00a0y \u00a0de \u00a0los \u00a0documentos \u00a0aportados, \u00a0se \u00a0establece \u00a0que las actividades \u00a0delictivas \u00a0que se le imputan al requerido D\u00f3nald Ram\u00edrez Estupi\u00f1\u00e1n tuvieron \u00a0ocurrencia \u00a0as\u00ed: \u00a0\u201c(cargo \u00a0uno) \u00a0Desde una fecha desconocida, no posterior al \u00a0oto\u00f1o \u00a0de \u00a01998, \u00a0hasta incluso la fecha de esta Acusaci\u00f3n Formal -14 de marzo \u00a02007-, \u00a0y \u00a0(cargo dos)\u00a0 desde una fecha desconocida, no posterior al oto\u00f1o \u00a0de \u00a01998, \u00a0hasta \u00a0inclusive \u00a0la \u00a0fecha \u00a0de \u00a0esta \u00a0Acusaci\u00f3n Formal -14 de marzo \u00a02007-\u201d, \u00a0es \u00a0decir, \u00a0que \u00a0las conductas por cuya realizaci\u00f3n ha sido acusado, \u00a0fueron \u00a0 cometidas \u00a0 con \u00a0posterioridad \u00a0a \u00a0la \u00a0entrada \u00a0en \u00a0vigencia \u00a0del \u00a0Acto \u00a0Legislativo \u00a0N\u00b0 \u00a001 \u00a0de \u00a01997, \u00a0modificatorio \u00a0del \u00a0art\u00edculo \u00a035 \u00a0de \u00a0la Carta \u00a0Pol\u00edtica, \u00a0 de \u00a0 donde \u00a0 no \u00a0 resulta \u00a0 pertinente \u00a0hacer \u00a0alguna \u00a0salvedad \u00a0al \u00a0respecto. \u00a0\u00a0<\/p>\n<p>1.2. \u00a0En \u00a0el \u00a0pliego \u00a0acusatorio \u00a0en \u00a0que se \u00a0sustenta \u00a0 la \u00a0 solicitud \u00a0 de \u00a0extradici\u00f3n \u00a0y \u00a0en \u00a0las \u00a0declaraciones \u00a0que \u00a0se \u00a0acompa\u00f1aron \u00a0en apoyo de la mencionada petici\u00f3n, se precisa que los delitos de \u00a0\u201cconcierto \u00a0para delinquir\u201d y \u201ctr\u00e1fico de estupefacientes\u201d imputados se \u00a0llevaron \u00a0a \u00a0cabo transportando coca\u00edna desde Colombia a M\u00e9xico, con planes de \u00a0redistribuci\u00f3n \u00a0 \u00a0hacia \u00a0 \u00a0los \u00a0 \u00a0Estados \u00a0 Unidos1.\u00a0 \u00a0\u00a0<\/p>\n<p>Entonces, \u00a0en \u00a0cualquiera \u00a0de las hip\u00f3tesis \u00a0establecidas \u00a0por la jurisprudencia y la doctrina como criterios para determinar \u00a0el \u00a0lugar \u00a0de \u00a0la ocurrencia del hecho tales como el lugar de realizaci\u00f3n de la \u00a0acci\u00f3n, \u00a0seg\u00fan \u00a0el \u00a0cual \u00a0el \u00a0hecho \u00a0se entiende cometido en el lugar donde se \u00a0llev\u00f3 \u00a0a \u00a0cabo \u00a0total o parcialmente la exteriorizaci\u00f3n de la voluntad; la del \u00a0resultado \u00a0que \u00a0estima \u00a0realizado \u00a0el \u00a0hecho \u00a0donde \u00a0se \u00a0produjo el efecto de la \u00a0conducta; \u00a0y, la teor\u00eda de la ubicuidad o mixta que considera cometido el hecho \u00a0donde \u00a0se \u00a0efectu\u00f3 la acci\u00f3n de manera total o parcial, como en el sitio donde \u00a0se \u00a0produjo \u00a0o \u00a0debi\u00f3 \u00a0producirse \u00a0el \u00a0resultado, \u00a0la \u00a0Sala \u00a0encuentra \u00a0que las \u00a0conductas \u00a0atribuidas \u00a0por \u00a0el \u00a0Tribunal Distrital de los Estados Unidos para el \u00a0Distrito \u00a0 Medio \u00a0de \u00a0la \u00a0Florida \u00a0a \u00a0D\u00f3nald \u00a0Ram\u00edrez \u00a0Estupi\u00f1\u00e1n, \u00a0traspasaron \u00a0las fronteras colombianas, \u00a0de \u00a0lo \u00a0cual \u00a0surge \u00a0que \u00a0se satisface la condicionante constitucional de que el \u00a0hecho haya sido cometido en el exterior.\u00a0 \u00a0\u00a0<\/p>\n<p>2. Cuesti\u00f3n de fondo. \u00a0<\/p>\n<p>Aspectos \u00a0 \u00a0 \u00a0Generales. \u00a0\u00a0<\/p>\n<p>La \u00a0competencia \u00a0de \u00a0la \u00a0Corte \u00a0dentro \u00a0del \u00a0tr\u00e1mite \u00a0de \u00a0extradici\u00f3n \u00a0est\u00e1 \u00a0circunscrita \u00a0a \u00a0emitir \u00a0un concepto sobre la \u00a0viabilidad \u00a0de \u00a0entregar \u00a0o \u00a0no a la persona solicitada por un pa\u00eds extranjero, \u00a0despu\u00e9s \u00a0de examinar los puntos a que se refieren los art\u00edculos 493, 495 y 502 \u00a0de \u00a0la ley 906 de 2004, regulaci\u00f3n a la cual se acude cuando los hechos ocurren \u00a0bajo su vigencia, como sucedi\u00f3 en este caso. \u00a0\u00a0<\/p>\n<p>Como \u00a0quiera \u00a0que \u00a0seg\u00fan \u00a0lo \u00a0expres\u00f3 \u00a0el \u00a0Ministerio \u00a0de \u00a0Relaciones Exteriores dentro de este tr\u00e1mite, no existe tratado \u00a0de \u00a0extradici\u00f3n \u00a0aplicable \u00a0en \u00a0el \u00a0ordenamiento \u00a0interno \u00a0entre Colombia y los \u00a0Estados \u00a0Unidos, \u00a0el \u00a0concepto debe fundamentarse en lo dispuesto por el C\u00f3digo \u00a0de \u00a0Procedimiento \u00a0Penal \u00a0colombiano y por ello corresponde a la Sala, seg\u00fan lo \u00a0indicado \u00a0en \u00a0el art\u00edculo 502 del referido ordenamiento, realizar el respectivo \u00a0an\u00e1lisis \u00a0sobre \u00a0la \u00a0validez \u00a0formal de la documentaci\u00f3n allegada por el pa\u00eds \u00a0requirente, \u00a0la demostraci\u00f3n plena de la identidad de la persona solicitada, la \u00a0concurrencia \u00a0de \u00a0la \u00a0doble incriminaci\u00f3n, \u00e9sto es, que el hecho que motiva la \u00a0solicitud \u00a0de extradici\u00f3n tanto en el Estado reclamante como en Colombia, est\u00e9 \u00a0previsto \u00a0 como \u00a0delito, \u00a0y \u00a0adem\u00e1s, \u00a0que \u00a0en \u00a0la \u00a0legislaci\u00f3n \u00a0interna \u00a0est\u00e9 \u00a0sancionado \u00a0con \u00a0pena \u00a0privativa \u00a0de \u00a0la libertad cuyo m\u00ednimo no sea inferior a \u00a0cuatro \u00a0(4) \u00a0a\u00f1os. \u00a0Tambi\u00e9n \u00a0es \u00a0necesario \u00a0establecer \u00a0la \u00a0equivalencia de la \u00a0providencia \u00a0proferida \u00a0en \u00a0el extranjero con la acusaci\u00f3n del sistema procesal \u00a0colombiano. \u00a0\u00a0<\/p>\n<p>En relaci\u00f3n con cada uno de tales aspectos, \u00a0se tiene: \u00a0\u00a0<\/p>\n<p>2.1. \u00a0 \u00a0 \u00a0\u00a0 \u00a0 \u00a0Validez \u00a0formal \u00a0de \u00a0la \u00a0documentaci\u00f3n \u00a0presentada: \u00a0\u00a0<\/p>\n<p>El \u00a0Gobierno de los Estados Unidos elev\u00f3 la \u00a0solicitud \u00a0de \u00a0extradici\u00f3n \u00a0No. \u00a02278 \u00a0del \u00a06 \u00a0de \u00a0agosto \u00a0de \u00a02008, \u00a0por \u00a0v\u00eda \u00a0diplom\u00e1tica \u00a0con \u00a0los \u00a0documentos \u00a0traducidos al castellano y cuya autenticidad \u00a0fue \u00a0 certificada\u00a0 \u00a0 por\u00a0 \u00a0la\u00a0 \u00a0autoridad\u00a0 \u00a0reclamante\u00a0 \u00a0en\u00a0 \u00a0los\u00a0 \u00a0t\u00e9rminos\u00a0 \u00a0fijados por los\u00a0 art\u00edculos 495 de la \u00a0Ley \u00a0906 \u00a0de \u00a02004 \u00a0y \u00a0259 del C\u00f3digo de Procedimiento Civil, modificado por el \u00a0art\u00edculo 1, numeral 118 del Decreto Extraordinario 2282 de 1989. \u00a0\u00a0<\/p>\n<p>En efecto, la mencionada petici\u00f3n\u00a0 fue \u00a0acompa\u00f1ada \u00a0de \u00a0copia \u00a0aut\u00e9ntica \u00a0de \u00a0la acusaci\u00f3n No. 8:07-CR-00084-T30 MSS, \u00a0dictada \u00a0el 14 de marzo de 2007 en la Corte Distrital de los Estados Unidos para \u00a0el \u00a0Distrito \u00a0Medio de Florida, donde se incluyen\u00a0 los cargos uno (1) y dos \u00a0(2) \u00a0contra \u00a0el requerido, el lugar y las fechas de su ejecuci\u00f3n, as\u00ed como las \u00a0normas que los consagran. \u00a0\u00a0<\/p>\n<p>Entre \u00a0la \u00a0documentaci\u00f3n \u00a0enviada obran las \u00a0declaraciones \u00a0juradas\u00a0 \u00a0en \u00a0apoyo \u00a0de \u00a0la \u00a0solicitud de\u00a0 extradici\u00f3n \u00a0rendidas \u00a0por \u00a0Walter \u00a0E. Furr, III Fiscal Federal Auxiliar de la Fiscal\u00eda para \u00a0el \u00a0Distrito \u00a0Medio \u00a0de \u00a0la Florida, y de Kelly J. Thomas, Agente Especial de la \u00a0Oficina \u00a0Federal \u00a0de \u00a0Investigaciones \u00a0(FBI), \u00a0quienes \u00a0conocen \u00a0los \u00a0actos y la \u00a0investigaci\u00f3n\u00a0 que sustentan la petici\u00f3n de extradici\u00f3n. \u00a0\u00a0<\/p>\n<p>As\u00ed \u00a0 mismo, \u00a0 fueron \u00a0 remitidas \u00a0 las \u00a0transcripciones \u00a0de \u00a0las \u00a0normas \u00a0penales \u00a0del \u00a0C\u00f3digo \u00a0de \u00a0los Estados Unidos, \u00a0aplicables para este asunto. \u00a0\u00a0<\/p>\n<p>Los \u00a0 anteriores \u00a0documentos \u00a0cumplen \u00a0las \u00a0condiciones \u00a0de \u00a0validez \u00a0que \u00a0demanda \u00a0la ley procesal colombiana que establece \u00a0los\u00a0 \u00a0 procedimientos \u00a0 para \u00a0 la \u00a0legalizaci\u00f3n \u00a0de \u00a0documentos \u00a0otorgados \u00a0\u00a0<\/p>\n<p>en el exterior que vayan a producir efectos en \u00a0Colombia, \u00a0 \u00a0como \u00a0 \u00a0quiera \u00a0 \u00a0que \u00a0 \u00a0fueron \u00a0 \u00a0remitidos \u00a0 \u00a0por \u00a0 \u00a0el \u00a0 \u00a0Estado \u00a0requirente,\u00a0\u00a0 \u00a0 \u00a0 \u00a0 \u00a0debidamente\u00a0\u00a0 \u00a0 \u00a0 \u00a0 \u00a0autenticados\u00a0 \u00a0e\u00a0\u00a0 \u00a0 \u00a0id\u00f3neamente\u00a0\u00a0 \u00a0 \u00a0traducidos\u00a0 \u00a0 \u00a0por\u00a0 \u00a0 sus \u00a0autoridades,\u00a0 \u00a0al \u00a0Ministerio \u00a0de \u00a0Relaciones \u00a0Exteriores \u00a0de \u00a0este \u00a0pa\u00eds, \u00a0y\u00a0\u00a0\u00a0 por tanto, este requisito se satisface. \u00a0\u00a0<\/p>\n<p>2.2. \u00a0 \u00a0 \u00a0\u00a0 \u00a0 \u00a0\u00a0Identificaci\u00f3n \u00a0 \u00a0plena \u00a0 del\u00a0 \u00a0solicitado: \u00a0\u00a0<\/p>\n<p>Dicha exigencia hace relaci\u00f3n a la identidad \u00a0que \u00a0 debe \u00a0existir \u00a0entre \u00a0la \u00a0persona \u00a0solicitada \u00a0por \u00a0el \u00a0solicitante \u00a0y \u00a0la \u00a0aprehendida \u00a0 con \u00a0fines \u00a0de \u00a0extradici\u00f3n. \u00a0Bajo \u00a0este \u00a0contexto, \u00a0\u00e9sa \u00a0es \u00a0la \u00a0identificaci\u00f3n sobre la cual se pronunciar\u00e1 la Sala. \u00a0\u00a0<\/p>\n<p>En la Nota Diplom\u00e1tica No. 0871,\u00a0 del 9 \u00a0de \u00a0abril \u00a0de \u00a02007, \u00a0el Estado requirente solicit\u00f3 la detenci\u00f3n, con fines de \u00a0extradici\u00f3n, \u00a0de \u00a0D\u00f3nald Ram\u00edrez Estupi\u00f1\u00e1n, ciudadano colombiano, nacido el \u00a017 \u00a0de \u00a0febrero \u00a0de \u00a01975, \u00a0portador \u00a0de \u00a0la \u00a0c\u00e9dula \u00a0de \u00a0ciudadan\u00eda \u00a0No. \u00a016. \u00a0507.319. \u00a0\u00a0<\/p>\n<p>Para \u00a0dar \u00a0curso \u00a0a \u00a0la \u00a0se\u00f1alada \u00a0medida \u00a0precautelar, \u00a0la \u00a0Fiscal\u00eda General de la Naci\u00f3n mediante resoluci\u00f3n del 16 de \u00a0abril \u00a0de 2007, orden\u00f3 la captura del\u00a0 solicitado, y seg\u00fan\u00a0 el\u00a0 \u00a0informe \u00a0de Polic\u00eda Judicial, luego de su aprehensi\u00f3n, se dej\u00f3 a disposici\u00f3n \u00a0del\u00a0 \u00a0Fiscal\u00a0 \u00a0General\u00a0 \u00a0de\u00a0 la Naci\u00f3n al requerido D\u00f3nald \u00a0Ram\u00edrez \u00a0Estupi\u00f1\u00e1n, identificado con la c\u00e9dula de ciudadan\u00eda No. 16.507.319 \u00a0de \u00a0Buenaventura \u00a0(Valle), \u00a0con \u00a0la observaci\u00f3n de allegarse\u00a0 las actas de \u00a0los derechos del capturado y de la notificaci\u00f3n personal. \u00a0\u00a0<\/p>\n<p>Concordante con lo dicho en\u00a0 el acta de \u00a0notificaci\u00f3n \u00a0de \u00a0la \u00a0resoluci\u00f3n \u00a0del \u00a016 \u00a0de \u00a0abril \u00a0de 2007, expedida por la \u00a0Fiscal\u00eda \u00a0General de la Naci\u00f3n, as\u00ed como en la de los derechos del capturado, \u00a0ambas \u00a0de \u00a0fecha \u00a09 \u00a0de \u00a0junio \u00a0de 2008, elaboradas por\u00a0 funcionarios de la \u00a0Polic\u00eda \u00a0Judicial \u00a0con \u00a0ocasi\u00f3n de la aprehensi\u00f3n del requerido, se desprende \u00a0que \u00a0corresponde \u00a0a \u00a0D\u00f3nald \u00a0Ram\u00edrez \u00a0Estupi\u00f1\u00e1n, quien se identific\u00f3 con la \u00a0c\u00e9dula \u00a0de \u00a0ciudadan\u00eda No. 16.507.319 de Buenaventura (Valle), que es la misma \u00a0incluida en los documentos de extradici\u00f3n. \u00a0\u00a0<\/p>\n<p>De \u00a0otro lado, en la carpeta de extradici\u00f3n \u00a0reposa \u00a0la \u00a0fotograf\u00eda \u00a0del\u00a0 \u00a0requerido, a la cual se refiere dentro de su \u00a0declaraci\u00f3n \u00a0Kelly \u00a0J. \u00a0Thomas, \u00a0Agente \u00a0Especial \u00a0de \u00a0la \u00a0Oficina \u00a0Federal \u00a0de \u00a0Investigaciones \u00a0(FBI), \u00a0informando \u00a0que \u00a0ha \u00a0sido \u00a0reconocida \u00a0por \u00a0un \u00a0testigo \u00a0cooperador \u00a0y \u00a0los \u00a0agentes \u00a0del \u00a0orden \u00a0p\u00fablico \u00a0colombiano y el individuo que \u00a0aparece all\u00ed es el solicitado D\u00f3nald Ram\u00edrez Estupi\u00f1\u00e1n. \u00a0\u00a0<\/p>\n<p>\u00a0 \u00a0Adem\u00e1s, \u00a0dentro \u00a0de \u00a0la \u00a0actuaci\u00f3n \u00a0nombr\u00f3\u00a0 \u00a0defensora p\u00fablica\u00a0 y\u00a0 al suscribir el respectivo poder \u00a0se \u00a0identific\u00f3 \u00a0con \u00a0el \u00a0se\u00f1alado\u00a0\u00a0 documento, d\u00e1ndose entonces por \u00a0satisfecho este requisito. \u00a0\u00a0<\/p>\n<p>2.3 \u00a0\u00a0 \u00a0 \u00a0\u00a0 \u00a0 \u00a0 \u00a0\u00a0Principio \u00a0 \u00a0 de \u00a0 \u00a0 la \u00a0 \u00a0 doble \u00a0incriminaci\u00f3n: \u00a0\u00a0<\/p>\n<p>De \u00a0acuerdo \u00a0con lo previsto en el art\u00edculo \u00a0493, \u00a0numeral \u00a01, \u00a0de la\u00a0 Ley 906 de 2004, para conceder la extradici\u00f3n es \u00a0presupuesto \u00a0indispensable \u00a0que \u00a0el \u00a0hecho que la motiva tambi\u00e9n est\u00e9 previsto \u00a0como \u00a0delito \u00a0en \u00a0Colombia y reprimido con una sanci\u00f3n privativa de la libertad \u00a0cuyo m\u00ednimo no sea inferior a cuatro (4) a\u00f1os. \u00a0\u00a0<\/p>\n<p>El \u00a0ciudadano \u00a0colombiano \u00a0D\u00f3nald \u00a0Ram\u00edrez \u00a0Estupi\u00f1\u00e1n \u00a0es \u00a0requerido \u00a0para \u00a0que \u00a0comparezca \u00a0al \u00a0juicio \u00a0adelantado por la \u00a0acusaci\u00f3n\u00a0 \u00a0No. \u00a08:07-CR-00084-T30 \u00a0MSS, dictada el 14 de marzo de 2007 en \u00a0la \u00a0Corte \u00a0Distrital \u00a0de \u00a0los \u00a0Estados \u00a0Unidos para el Distrito Medio de Florida \u00a0dentro de la cual se incluyen los siguientes cargos: \u00a0\u00a0<\/p>\n<p>CARGO UNO \u00a0<\/p>\n<p>Desde una fecha desconocida, no posterior al \u00a0oto\u00f1o \u00a0de \u00a01998, \u00a0hasta incluso la fecha de esta Acusaci\u00f3n Formal,\u00a0 en el \u00a0Distrito Medio de la Florida y en otros lugares, los imputados \u00a0\u00a0<\/p>\n<p>(\u2026) \u00a0<\/p>\n<p>Donald Ram\u00edrez Estupi\u00f1\u00e1n \u00a0<\/p>\n<p>\u00a0\u00a0\u00a0\u00a0\u00a0\u00a0\u00a0\u00a0\u00a0\u00a0\u00a0\u00a0\u00a0 \u00a0\u00a0<\/p>\n<p>\u00a0\u00a0\u00a0\u00a0\u00a0\u00a0\u00a0\u00a0\u00a0\u00a0\u00a0\u00a0\u00a0 \u00a0a \u00a0sabiendas \u00a0e \u00a0intencionalmente \u00a0se \u00a0asociaron il\u00edcitamente y acordaron entre \u00a0ellos\u00a0 \u00a0y \u00a0otras personas conocidas y desconocidas\u00a0 por el Gran Jurado \u00a0para \u00a0manufacturar \u00a0y distribuir cinco (5) kilogramos o m\u00e1s\u00a0 de una mezcla \u00a0o \u00a0 sustancia \u00a0 conteniendo \u00a0una \u00a0cantidad \u00a0detectable\u00a0 \u00a0de \u00a0coca\u00edna, \u00a0una \u00a0sustancia \u00a0controlada \u00a0de \u00a0clasificaci\u00f3n II, a sabiendas y con la intenci\u00f3n de \u00a0que \u00a0tal \u00a0sustancia \u00a0ser\u00eda \u00a0ilegalmente \u00a0importada \u00a0a \u00a0los \u00a0Estados \u00a0Unidos, en \u00a0contra\u00a0 \u00a0de \u00a0las \u00a0disposiciones \u00a0del \u00a0T\u00edtulo \u00a021, \u00a0C\u00f3digo \u00a0Federal de los \u00a0Estados Unidos, Secci\u00f3n 959. \u00a0\u00a0<\/p>\n<p>\u00a0\u00a0\u00a0\u00a0\u00a0\u00a0\u00a0\u00a0\u00a0\u00a0\u00a0\u00a0\u00a0 \u00a0En \u00a0violaci\u00f3n \u00a0al \u00a0T\u00edtulo 21, C\u00f3digo Federal de los Estados Unidos, Secciones \u00a0963 y 960 (b) (1) (B) (ii). \u00a0\u00a0<\/p>\n<p>CARGO DOS \u00a0<\/p>\n<p>\u00a0 \u00a0\u00a0 \u00a0\u00a0 \u00a0\u00a0 \u00a0\u00a0 \u00a0\u00a0 \u00a0\u00a0 \u00a0\u00a0Desde \u00a0una \u00a0fecha \u00a0desconocida, \u00a0no \u00a0posterior \u00a0al \u00a0oto\u00f1o\u00a0 de 1998, hasta inclusive la \u00a0fecha \u00a0de \u00a0esta \u00a0Acusaci\u00f3n \u00a0Formal, \u00a0siendo \u00a0el Distrito Medio de la Florida el \u00a0lugar \u00a0por \u00a0donde \u00a0los\u00a0 \u00a0miembros de la tripulaci\u00f3n entraron a los Estados \u00a0Unidos, los imputados \u00a0\u00a0<\/p>\n<p>(\u2026) \u00a0<\/p>\n<p>Donald Ram\u00edrez Estupi\u00f1\u00e1n \u00a0<\/p>\n<p>cada \u00a0uno \u00a0de \u00a0los \u00a0cuales \u00a0ser\u00e1 \u00a0primero \u00a0ingresado \u00a0a \u00a0los \u00a0Estados \u00a0Unidos \u00a0en \u00a0un \u00a0punto\u00a0 del Distrito medio de la \u00a0Florida, \u00a0 a \u00a0 sabiendas \u00a0 e \u00a0intencionalmente, \u00a0se \u00a0asociaron \u00a0il\u00edcitamente \u00a0y \u00a0acordaron\u00a0 \u00a0entre \u00a0ellos \u00a0y con otras personas conocidas y desconocidas por \u00a0el \u00a0Gran \u00a0Jurado, para tener posesi\u00f3n con la intenci\u00f3n de distribuir cinco (5) \u00a0kilogramos \u00a0o \u00a0m\u00e1s \u00a0de \u00a0una \u00a0mezcla \u00a0o sustancia\u00a0 conteniendo una cantidad \u00a0detectable \u00a0de \u00a0coca\u00edna, una sustancia controlada de clasificaci\u00f3n II, a bordo \u00a0de \u00a0una \u00a0nave \u00a0sujeta a la jurisdicci\u00f3n de los Estados Unidos, en violaci\u00f3n al \u00a0T\u00edtulo \u00a046, \u00a0Ap\u00e9ndice, \u00a0C\u00f3digo Federal de los Estados Unidos, Secciones 70503 \u00a0(a) y 70506 (a). \u00a0\u00a0<\/p>\n<p>Todo en violaci\u00f3n al T\u00edtulo 46, Ap\u00e9ndice , \u00a0C\u00f3digo \u00a0Federal de los Estados Unidos, Secciones 70503 (a) y 70506 (a) y (b); y \u00a0T\u00edtulo \u00a021, \u00a0C\u00f3digo \u00a0Federal \u00a0de \u00a0los Estados Unidos, Secci\u00f3n 960 (b) (1) (B) \u00a0(ii).\u00a0\u00a0\u00a0 \u00a0\u00a0<\/p>\n<p>Dichas \u00a0 modalidades \u00a0 delictivas \u00a0guardan \u00a0concordancia \u00a0con \u00a0la \u00a0conducta que penalmente se ha reprimido en Colombia en el \u00a0art\u00edculo \u00a0340 \u00a0del \u00a0C\u00f3digo \u00a0Penal, modificado por los art\u00edculos 8\u00b0 de la Ley \u00a0733 \u00a0de \u00a02002 \u00a0y \u00a019 \u00a0de \u00a0la \u00a0Ley \u00a01121 \u00a0de \u00a02006, \u00a0denominado \u201cconcierto para \u00a0delinquir\u201d, \u00a0que \u00a0incrementa la pena de prisi\u00f3n de 8 a 18 a\u00f1os, cuando tiene \u00a0relaci\u00f3n \u00a0 con \u00a0tr\u00e1fico \u00a0de \u00a0drogas \u00a0t\u00f3xicas, \u00a0estupefacientes \u00a0o \u00a0sustancias \u00a0sicotr\u00f3picas: \u00a0\u00a0<\/p>\n<p>\u00a0\u00a0\u00a0\u00a0 \u00a0<\/p>\n<p>\u00a0\u00a0\u00a0\u00a0 \u00a0 Concierto \u00a0para \u00a0delinquir: \u00a0Cuando \u00a0varias personas\u00a0 se\u00a0 concierten\u00a0 con\u00a0 el \u00a0fin \u00a0de \u00a0cometer \u00a0delitos, cada una de ellas ser\u00e1 penada por esa sola conducta, \u00a0con prisi\u00f3n de tres (3) a seis (6) a\u00f1os. \u00a0\u00a0<\/p>\n<p>\u00a0 \u00a0 \u00a0 \u00a0 \u00a0<\/p>\n<p>\u00a0\u00a0\u00a0\u00a0\u00a0\u00a0 \u00a0Cuando \u00a0el \u00a0 concierto \u00a0sea \u00a0para \u00a0cometer \u00a0delitos \u00a0de \u00a0genocidio, \u00a0desaparici\u00f3n\u00a0 \u00a0forzada\u00a0 \u00a0de\u00a0 \u00a0persona,\u00a0\u00a0 \u00a0tortura, \u00a0desplazamiento forzado, \u00a0homicidio, \u00a0 terrorismo, \u00a0 tr\u00e1fico \u00a0 de \u00a0 drogas \u00a0t\u00f3xicas, \u00a0estupefacientes \u00a0o \u00a0sustancias \u00a0 \u00a0 \u00a0 sicotr\u00f3picas, \u00a0 \u00a0 \u00a0 secuestro, \u00a0 \u00a0 \u00a0 secuestro \u00a0 \u00a0 \u00a0extorsivo, \u00a0extorsi\u00f3n,\u00a0\u00a0 enriquecimiento\u00a0\u00a0\u00a0 \u00a0il\u00edcito,\u00a0\u00a0\u00a0 \u00a0 \u00a0 \u00a0 \u00a0lavado\u00a0\u00a0 \u00a0 \u00a0 \u00a0 de\u00a0\u00a0\u00a0 \u00a0activos\u00a0\u00a0\u00a0 \u00a0 \u00a0 \u00a0o \u00a0 \u00a0 \u00a0testaferrato\u00a0\u00a0\u00a0\u00a0\u00a0 \u00a0y\u00a0\u00a0\u00a0\u00a0 \u00a0 \u00a0 \u00a0 \u00a0 \u00a0 conexos,\u00a0\u00a0 \u00a0 \u00a0 \u00a0 \u00a0 \u00a0 o\u00a0\u00a0 \u00a0financiamiento\u00a0\u00a0\u00a0\u00a0\u00a0\u00a0 \u00a0 \u00a0 \u00a0de \u00a0 \u00a0 \u00a0terrorismo \u00a0 \u00a0 y \u00a0administraci\u00f3n \u00a0de \u00a0recursos \u00a0relacionados con actividades terroristas, la pena \u00a0ser\u00e1 \u00a0de \u00a0prisi\u00f3n \u00a0de \u00a0ocho \u00a0(8) \u00a0a \u00a0dieciocho \u00a0(18) \u00a0a\u00f1os y multa de dos mil \u00a0setecientos \u00a0(2.700), \u00a0hasta \u00a0treinta \u00a0mil \u00a0(30.000) \u00a0salarios \u00a0m\u00ednimos legales \u00a0mensuales vigentes. \u00a0\u00a0<\/p>\n<p>\u00a0\u00a0\u00a0\u00a0\u00a0\u00a0 La pena \u00a0privativa \u00a0de \u00a0la \u00a0libertad \u00a0se \u00a0aumentar\u00e1 \u00a0en la mitad para quienes organicen, \u00a0fomenten, \u00a0promuevan, dirijan, encabecen, constituyan o financien el concierto o \u00a0la asociaci\u00f3n para delinquir. \u00a0\u00a0<\/p>\n<p>Las \u00a0 conductas\u00a0 \u00a0de \u00a0\u201cposeer\u201d \u00a0y \u00a0\u201cdistribuir\u201d \u00a0una mezcla o sustancia que contenga una cantidad detectable de \u00a0coca\u00edna, \u00a0tambi\u00e9n \u00a0se \u00a0encuentran \u00a0sancionadas \u00a0en nuestro ordenamiento, en el \u00a0art\u00edculo \u00a0376 \u00a0del \u00a0C\u00f3digo \u00a0Penal \u00a0como \u00a0\u201ctr\u00e1fico, \u00a0fabricaci\u00f3n o porte de \u00a0estupefacientes\u201d: \u00a0\u00a0<\/p>\n<p>\u00a0\u00a0\u00a0\u00a0\u00a0\u00a0\u00a0\u00a0\u00a0\u00a0\u00a0 \u00a0Art\u00edculo \u00a0376.-Tr\u00e1fico, \u00a0fabricaci\u00f3n \u00a0o \u00a0porte de estupefacientes. El que sin \u00a0permiso \u00a0de \u00a0autoridad \u00a0competente, \u00a0salvo \u00a0lo \u00a0dispuesto \u00a0sobre \u00a0dosis para uso \u00a0personal, \u00a0 introduzca \u00a0al \u00a0pa\u00eds, \u00a0as\u00ed \u00a0sea \u00a0en \u00a0tr\u00e1nsito \u00a0o \u00a0saque \u00a0de \u00a0\u00e9l, \u00a0transporte, \u00a0 lleve \u00a0 consigo, \u00a0almacene, \u00a0conserve, \u00a0elabore, \u00a0venda, \u00a0ofrezca, \u00a0adquiera,\u00a0 \u00a0financie\u00a0 \u00a0o \u00a0suministre \u00a0a \u00a0cualquier \u00a0t\u00edtulo \u00a0droga que \u00a0produzca \u00a0dependencia, \u00a0incurrir\u00e1 \u00a0en\u00a0 \u00a0prisi\u00f3n\u00a0 de\u00a0 ocho\u00a0 \u00a0(8)\u00a0 \u00a0a\u00a0 \u00a0veinte\u00a0 \u00a0(20) \u00a0a\u00f1os y multa de mil (1.000) a cincuenta \u00a0mil (50.000) salarios m\u00ednimos legales mensuales vigentes. \u00a0\u00a0<\/p>\n<p>\u00a0\u00a0\u00a0\u00a0\u00a0\u00a0\u00a0 \u00a0Si \u00a0la \u00a0cantidad \u00a0de \u00a0droga \u00a0no \u00a0excede \u00a0de \u00a0mil \u00a0(1.000) \u00a0gramos \u00a0de marihuana, \u00a0doscientos \u00a0(200) \u00a0gramos \u00a0de \u00a0hach\u00eds, \u00a0cien \u00a0(100) \u00a0gramos \u00a0de \u00a0coca\u00edna \u00a0o de \u00a0sustancia \u00a0estupefaciente\u00a0 \u00a0a\u00a0 \u00a0base\u00a0 \u00a0de coca\u00edna, o veinte (20) \u00a0gramos \u00a0derivados \u00a0de la amapola, doscientos (200) gramos de metacualona o droga \u00a0sint\u00e9tica, \u00a0la \u00a0pena \u00a0ser\u00e1 \u00a0de cuatro (4) a seis (6) a\u00f1os de prisi\u00f3n\u00a0 y \u00a0multa \u00a0 de \u00a0 dos \u00a0 (2) \u00a0 a \u00a0 cien \u00a0(100) \u00a0salarios \u00a0m\u00ednimos \u00a0legales \u00a0mensuales \u00a0vigentes. \u00a0\u00a0<\/p>\n<p>\u00a0\u00a0\u00a0\u00a0\u00a0\u00a0 Si la \u00a0cantidad \u00a0de droga excede los l\u00edmites m\u00e1ximos previstos en el inciso anterior, \u00a0sin \u00a0pasar \u00a0de diez mil (10.000) gramos de marihuana, tres mil (3.000) gramos de \u00a0hach\u00eds, \u00a0dos \u00a0mil \u00a0(2.000) \u00a0gramos \u00a0de coca\u00edna o de sustancia estupefaciente a \u00a0base\u00a0 \u00a0 \u00a0de\u00a0 \u00a0 \u00a0coca\u00edna,\u00a0 \u00a0 o\u00a0 \u00a0 sesenta\u00a0 \u00a0 (60)\u00a0 \u00a0gramos\u00a0 \u00a0de\u00a0 \u00a0derivados\u00a0 de la amapola, cuatro mil (4.000) gramos \u00a0de \u00a0metacualona \u00a0o \u00a0droga sint\u00e9tica, la pena ser\u00e1 de seis (6) a ocho (8) a\u00f1os \u00a0de \u00a0prisi\u00f3n \u00a0y \u00a0multa \u00a0de \u00a0cien \u00a0(100) \u00a0a mil (1.000) salarios m\u00ednimos legales \u00a0mensuales vigentes. \u00a0\u00a0<\/p>\n<p>Se destaca que la Ley 890 de 2004, aument\u00f3 \u00a0el m\u00ednimo y m\u00e1ximo de la pena indicada. \u00a0\u00a0<\/p>\n<p>\u00a0 \u00a0 \u00a0 \u00a0 \u00a0<\/p>\n<p>De \u00a0lo \u00a0expuesto se tiene por satisfecho el \u00a0requisito \u00a0de \u00a0la \u00a0doble \u00a0incriminaci\u00f3n porque los comportamientos imputados al \u00a0requerido \u00a0 tambi\u00e9n \u00a0 son \u00a0 considerados \u00a0 como \u00a0 delitos \u00a0en \u00a0la \u00a0legislaci\u00f3n \u00a0\u00a0<\/p>\n<p>colombiana \u00a0y \u00a0est\u00e1n \u00a0reprimidos \u00a0con \u00a0penas \u00a0privativas \u00a0de \u00a0la \u00a0libertad \u00a0no \u00a0inferiores \u00a0a \u00a0cuatro \u00a0(4) \u00a0a\u00f1os de prisi\u00f3n. \u00a0\u00a0<\/p>\n<p>2.4\u00a0 \u00a0Equivalencia \u00a0de \u00a0la providencia \u00a0proferida \u00a0en \u00a0el\u00a0\u00a0\u00a0\u00a0\u00a0\u00a0\u00a0\u00a0 extranjero con \u00a0la acusaci\u00f3n del sistema procesal colombiano: \u00a0\u00a0<\/p>\n<p>La \u00a0Corte \u00a0Distrital \u00a0de los Estados Unidos \u00a0para \u00a0el \u00a0Distrito Medio de Florida, el 14 de marzo de 2007 dict\u00f3 la acusaci\u00f3n \u00a0No. \u00a08:07-CR-00084-T30 \u00a0MSS \u00a0contra \u00a0D\u00f3nald Ram\u00edrez Estupi\u00f1\u00e1n, acto procesal \u00a0que \u00a0guarda \u00a0equivalencia \u00a0con \u00a0el \u00a0contenido \u00a0de \u00a0la \u00a0resoluci\u00f3n de acusaci\u00f3n \u00a0prevista en el art\u00edculo 337 de la\u00a0 Ley 906 de 2004. \u00a0\u00a0<\/p>\n<p>Dichos \u00a0 documentos \u00a0 contienen \u00a0la\u00a0 \u00a0relaci\u00f3n \u00a0clara \u00a0y \u00a0sucinta \u00a0de \u00a0los \u00a0hechos \u00a0jur\u00eddicamente \u00a0relevantes, en un \u00a0lenguaje \u00a0comprensible, y las normas extranjeras aplicables para este caso, base \u00a0suficiente \u00a0 \u00a0para \u00a0 \u00a0que \u00a0 la \u00a0 Sala \u00a0 encuentre \u00a0 tambi\u00e9n \u00a0 satisfecho \u00a0 este \u00a0requisito.\u00a0\u00a0 \u00a0\u00a0<\/p>\n<p>3. \u00a0 Ahora: \u00a0como\u00a0 \u00a0el \u00a0Procurador \u00a0Primero \u00a0Delegado \u00a0para \u00a0la Casaci\u00f3n Penal tambi\u00e9n \u00a0verific\u00f3 \u00a0los \u00a0requisitos para opinar favorablemente,\u00a0 y al observarse que \u00a0no se procede por delitos de \u00a0\u00a0<\/p>\n<p>car\u00e1cter \u00a0pol\u00edtico, \u00a0la Sala conceptuar\u00e1 a \u00a0favor de la extradici\u00f3n solicitada. \u00a0\u00a0<\/p>\n<p>3.1 \u00a0Como \u00a0quiera \u00a0que \u00a0seg\u00fan\u00a0 \u00a0las \u00a0transcripciones \u00a0de \u00a0las \u00a0normas \u00a0penales \u00a0del \u00a0C\u00f3digo \u00a0de \u00a0los Estados Unidos, \u00a0relevantes \u00a0para \u00a0este \u00a0asunto, \u00a0la\u00a0 \u00a0pena\u00a0\u00a0 \u00a0m\u00e1xima\u00a0\u00a0 \u00a0para\u00a0 \u00a0las\u00a0 conductas\u00a0 por las cuales se acusa a D\u00f3nald Ram\u00edrez \u00a0Estupi\u00f1\u00e1n, \u00a0es \u00a0la \u00a0\u201ccadena perpetua\u201d y ella\u00a0 en\u00a0 Colombia\u00a0 \u00a0est\u00e1\u00a0 \u00a0 prohibida \u00a0 (art\u00edculo\u00a0 \u00a034 \u00a0Constitucional),\u00a0 \u00a0el\u00a0 \u00a0Gobierno \u00a0Nacional \u00a0est\u00e1 \u00a0en \u00a0la \u00a0obligaci\u00f3n \u00a0de \u00a0condicionar la entrega de la \u00a0persona \u00a0solicitada, \u00a0en \u00a0el evento de que acceda a la extradici\u00f3n, a que dicha \u00a0pena \u00a0no sea impuesta. Y tambi\u00e9n\u00a0 a que el\u00a0 requerido no puede ser en \u00a0ning\u00fan \u00a0 \u00a0caso\u00a0 \u00a0 juzgado\u00a0 \u00a0 por\u00a0 \u00a0 un\u00a0 \u00a0 hecho\u00a0\u00a0 \u00a0anterior\u00a0\u00a0 \u00a0ni\u00a0\u00a0 \u00a0distinto\u00a0\u00a0 a\u00a0 los\u00a0 que \u00a0motivan \u00a0la \u00a0extradici\u00f3n, \u00a0ni \u00a0sometido, \u00a0en \u00a0caso de condena, a penas crueles, \u00a0inhumanas, degradantes, o la pena de muerte. \u00a0\u00a0<\/p>\n<p>3.2\u00a0 \u00a0Del \u00a0mismo \u00a0modo, \u00a0en \u00a0orden \u00a0a \u00a0salvaguardar \u00a0los \u00a0derechos \u00a0fundamentales \u00a0del \u00a0reclamado, \u00a0deber\u00e1 \u00a0imponer al \u00a0Estado \u00a0requirente \u00a0la \u00a0obligaci\u00f3n \u00a0de \u00a0facilitar \u00a0los \u00a0medios \u00a0necesarios para \u00a0garantizar \u00a0su repatriaci\u00f3n en condiciones de dignidad y respeto por la persona \u00a0humana, \u00a0en caso de llegar a ser sobrese\u00eddo, absuelto, declarado no culpable, o \u00a0su \u00a0situaci\u00f3n \u00a0jur\u00eddica \u00a0resuelta \u00a0definitivamente \u00a0de \u00a0manera semejante en el \u00a0pa\u00eds \u00a0solicitante, \u00a0incluso, \u00a0con posterioridad a su liberaci\u00f3n una vez cumpla \u00a0la \u00a0pena \u00a0all\u00ed \u00a0impuesta por sentencia condenatoria originada en los cargos que \u00a0motivaron la extradici\u00f3n. \u00a0\u00a0<\/p>\n<p>3.3\u00a0 \u00a0 Adicionalmente, \u00a0el \u00a0Gobierno \u00a0Nacional \u00a0debe \u00a0advertir \u00a0a \u00a0su \u00a0hom\u00f3logo del Estado requirente, que la persona \u00a0solicitada \u00a0en \u00a0extradici\u00f3n ha permanecido privada de la libertad en detenci\u00f3n \u00a0preventiva por raz\u00f3n de este tr\u00e1mite. \u00a0\u00a0<\/p>\n<p>\u00a0 \u00a0\u00a0 \u00a0 \u00a0\u00a0 \u00a0\u00a03.4 \u00a0As\u00ed \u00a0mismo, \u00a0debe \u00a0condicionar \u00a0la \u00a0entrega \u00a0de D\u00f3nald Ram\u00edrez Estupi\u00f1\u00e1n, a que se le respeten -como a cualquier \u00a0otro \u00a0nacional \u00a0en \u00a0las \u00a0mismas \u00a0condiciones- \u00a0todas las garant\u00edas debidas a su \u00a0condici\u00f3n \u00a0de \u00a0justiciable, \u00a0en \u00a0particular, \u00a0a \u00a0que \u00a0tenga acceso a un proceso \u00a0p\u00fablico \u00a0sin \u00a0dilaciones \u00a0injustificadas, \u00a0a que se presuma su inocencia, a que \u00a0cuente \u00a0con \u00a0un \u00a0int\u00e9rprete, a que tenga un defensor designado por \u00e9l o por el \u00a0Estado, \u00a0a \u00a0que \u00a0se le conceda el tiempo y los medios adecuados para que prepare \u00a0la \u00a0defensa, a presentar pruebas y controvertir las que se aduzcan en su contra, \u00a0a \u00a0que \u00a0su \u00a0situaci\u00f3n de privaci\u00f3n de la libertad se desarrolle en condiciones \u00a0dignas, \u00a0a que la eventual pena que se le imponga no trascienda de su persona, a \u00a0que \u00a0la \u00a0sentencia \u00a0pueda \u00a0ser \u00a0apelada ante un tribunal superior, a que la pena \u00a0privativa \u00a0de la libertad tenga la finalidad esencial de reforma y readaptaci\u00f3n \u00a0social \u00a0(Art\u00edculos \u00a029 \u00a0de \u00a0la \u00a0Carta; \u00a09 \u00a0y 10 de la Declaraci\u00f3n Universal de \u00a0Derechos \u00a0 Humanos; \u00a05-3.6,7-2.5,8-1.2(a)(b)(c)(d)(e)(f)(g)(h).3.4.5, \u00a09 \u00a0de \u00a0la \u00a0Convenci\u00f3n \u00a0Americana \u00a0de \u00a0Derechos \u00a0Humanos; 9-2.3, 10-1.2.3, 14-1.2.3,5, y 15 \u00a0del Pacto Internacional de Derechos Civiles y Pol\u00edticos). \u00a0\u00a0<\/p>\n<p>Igualmente, el Gobierno debe condicionar la \u00a0entrega, \u00a0a que el pa\u00eds reclamante, conforme a sus pol\u00edticas internas sobre la \u00a0materia, \u00a0le \u00a0ofrezca \u00a0posibilidades racionales y reales para que el extraditado \u00a0pueda \u00a0tener \u00a0contacto \u00a0regular \u00a0con sus familiares m\u00e1s cercanos, habida cuenta \u00a0que \u00a0la \u00a0Constituci\u00f3n \u00a0de \u00a01991, en su art\u00edculo 42, reconoce a la familia como \u00a0n\u00facleo \u00a0esencial \u00a0de la sociedad, garantiza su protecci\u00f3n y reconoce su honra, \u00a0dignidad \u00a0e \u00a0intimidad, \u00a0lo \u00a0cual se refuerza con la protecci\u00f3n adicional que a \u00a0ese \u00a0 n\u00facleo \u00a0le \u00a0otorgan \u00a0la \u00a0Convenci\u00f3n \u00a0Americana \u00a0sobre \u00a0Derechos \u00a0Humanos \u00a0(art\u00edculo \u00a017), \u00a0y \u00a0el \u00a0Pacto \u00a0Internacional \u00a0de Derechos Civiles y Pol\u00edticos, \u00a0(art\u00edculo 23). \u00a0\u00a0<\/p>\n<p>En cumplimiento de su deber de protecci\u00f3n a \u00a0las \u00a0garant\u00edas y derechos del nacional colombiano entregado en extradici\u00f3n, es \u00a0misi\u00f3n \u00a0del \u00a0Estado, \u00a0por \u00a0medio \u00a0del \u00a0\u00e1mbito \u00a0de competencias de los \u00f3rganos \u00a0respectivos, \u00a0vigilar \u00a0que \u00a0en \u00a0el \u00a0pa\u00eds reclamante se respeten las mencionadas \u00a0condiciones \u00a0(art\u00edculo \u00a09 \u00a0y 226 de la Carta). As\u00ed, en primer orden, a trav\u00e9s \u00a0del \u00a0cuerpo \u00a0diplom\u00e1tico, \u00a0en concreto, por las diferentes oficinas consulares, \u00a0con \u00a0apoyo \u00a0de \u00a0la \u00a0Procuradur\u00eda \u00a0General \u00a0de \u00a0la Naci\u00f3n, (art\u00edculo 277 de la \u00a0Constituci\u00f3n) \u00a0y \u00a0de \u00a0la Defensor\u00eda del Pueblo, (art\u00edculo 282 ib\u00eddem), de lo \u00a0cual, \u00a0adem\u00e1s, \u00a0habr\u00e1 \u00a0de darse informes peri\u00f3dicos a la Corte, en virtud del \u00a0principio \u00a0de \u00a0colaboraci\u00f3n \u00a0arm\u00f3nica \u00a0entre \u00a0los diferentes Poderes P\u00fablicos \u00a0(art\u00edculo \u00a0113 \u00a0de \u00a0la \u00a0Carta), \u00a0con \u00a0el \u00a0fin \u00a0de \u00a0que todos los estamentos con \u00a0injerencia \u00a0en \u00a0el \u00a0tema, tengan elementos de juicio que les permitan sopesar la \u00a0conveniencia \u00a0 \u00a0de \u00a0 \u00a0privilegiar \u00a0 jurisdicciones \u00a0 for\u00e1neas \u00a0 frente \u00a0 a \u00a0 la \u00a0interna. \u00a0\u00a0<\/p>\n<p>3.5\u00a0 \u00a0 La \u00a0Sala \u00a0considera \u00a0oportuno \u00a0destacar \u00a0que \u00a0en \u00a0virtud de lo dispuesto en el numeral 2\u00ba del art\u00edculo 189 de \u00a0la \u00a0Constituci\u00f3n \u00a0Pol\u00edtica, \u00a0le corresponde al Presidente de la Rep\u00fablica, en \u00a0su \u00a0condici\u00f3n\u00a0 \u00a0de\u00a0 \u00a0Jefe\u00a0 \u00a0de\u00a0 \u00a0Estado\u00a0 y\u00a0\u00a0 \u00a0Director \u00a0de la pol\u00edtica exterior y de las relaciones internacionales, realizar \u00a0el \u00a0respectivo \u00a0seguimiento \u00a0a \u00a0los \u00a0condicionamientos \u00a0que \u00a0se \u00a0impongan \u00a0a \u00a0la \u00a0concesi\u00f3n \u00a0de \u00a0la \u00a0extradici\u00f3n y la determinaci\u00f3n de las consecuencias que se \u00a0deriven de su eventual incumplimiento. \u00a0\u00a0<\/p>\n<p>4.\u00a0 Conclusi\u00f3n final: \u00a0<\/p>\n<p>A \u00a0m\u00e9rito de lo expuesto, la CORTE SUPREMA \u00a0DE \u00a0JUSTICIA,\u00a0 SALA\u00a0 DE\u00a0 CASACI\u00d3N\u00a0 PENAL,\u00a0 EMITE\u00a0 \u00a0CONCEPTO \u00a0\u00a0<\/p>\n<p>FAVORABLE \u00a0a la solicitud de extradici\u00f3n del \u00a0ciudadano \u00a0colombiano \u00a0D\u00f3nald Ram\u00edrez Estupi\u00f1\u00e1n, identificado con la c\u00e9dula \u00a0de \u00a0 ciudadan\u00eda \u00a0 No \u00a0 16.507.319 \u00a0 de \u00a0Buenaventura \u00a0(Valle), \u00a0formulada \u00a0v\u00eda \u00a0diplom\u00e1tica \u00a0por \u00a0el \u00a0Gobierno \u00a0de los Estados Unidos, en relaci\u00f3n con los dos \u00a0cargos \u00a0penales \u00a0a \u00a0que se contrae la solicitud, contenidos en la acusaci\u00f3n No. \u00a08:07-CR-00084-T30 \u00a0MSS, dictada el 14 de marzo de 2007, en la Corte Distrital de \u00a0los \u00a0Estados \u00a0Unidos \u00a0para \u00a0el Distrito Medio de Florida, contra el citado\u00a0 \u00a0Ram\u00edrez Estupi\u00f1\u00e1n. \u00a0\u00a0<\/p>\n<p>Por \u00a0la \u00a0Secretar\u00eda, \u00a0se \u00a0comunicar\u00e1 esta \u00a0determinaci\u00f3n\u00a0 \u00a0al \u00a0solicitado, a\u00a0 su defensor y al representante del \u00a0Ministerio \u00a0P\u00fablico, \u00a0al \u00a0igual que al Fiscal General de la Naci\u00f3n,\u00a0 para \u00a0lo de sus cargos. \u00a0\u00a0<\/p>\n<p>Igualmente, \u00a0se devolver\u00e1 la actuaci\u00f3n al \u00a0Ministerio \u00a0 de \u00a0 Justicia \u00a0 y \u00a0 del \u00a0 Derecho, \u00a0 para \u00a0 los \u00a0tr\u00e1mites \u00a0legales \u00a0subsiguientes. \u00a0\u00a0<\/p>\n<p>C\u00famplase. \u00a0<\/p>\n<p>JULIO ENRIQUE SOCHA SALAMANCA \u00a0<\/p>\n<p>JOS\u00c9 \u00a0 \u00a0 \u00a0 LEONIDAS \u00a0 \u00a0 \u00a0 BUSTOS \u00a0MART\u00cdNEZ\u00a0\u00a0\u00a0\u00a0\u00a0\u00a0\u00a0\u00a0\u00a0\u00a0\u00a0\u00a0\u00a0\u00a0\u00a0\u00a0\u00a0 \u00a0SIGIFREDO ESPINOSA P\u00c9REZ \u00a0\u00a0<\/p>\n<p>\u00a0 Excusa justificada \u00a0<\/p>\n<p>ALFREDO \u00a0 \u00a0 \u00a0 \u00a0 \u00a0 G\u00d3MEZ \u00a0QUINTERO\u00a0\u00a0\u00a0\u00a0 \u00a0 \u00a0 MAR\u00cdA \u00a0 \u00a0DEL \u00a0 \u00a0ROSARIO \u00a0 \u00a0GONZ\u00c1LEZ \u00a0 \u00a0DE \u00a0LEMOS\u00a0\u00a0\u00a0\u00a0\u00a0\u00a0 \u00a0\u00a0<\/p>\n<p>Permiso \u00a0<\/p>\n<p>AUGUSTO \u00a0 \u00a0 \u00a0 J. \u00a0 \u00a0 \u00a0 IB\u00c1\u00d1EZ \u00a0GUZM\u00c1N\u00a0\u00a0\u00a0\u00a0\u00a0\u00a0\u00a0\u00a0\u00a0\u00a0\u00a0\u00a0 \u00a0JORGE \u00a0 \u00a0 \u00a0 \u00a0 \u00a0 \u00a0 \u00a0 \u00a0 \u00a0 \u00a0 \u00a0 \u00a0 \u00a0 \u00a0 \u00a0 \u00a0LUIS \u00a0 \u00a0 \u00a0 \u00a0 \u00a0 \u00a0 \u00a0 \u00a0 \u00a0 \u00a0 \u00a0 \u00a0 \u00a0 \u00a0 \u00a0 QUINTERO \u00a0MILANES\u00a0\u00a0\u00a0\u00a0\u00a0\u00a0\u00a0\u00a0\u00a0\u00a0 \u00a0 \u00a0 \u00a0 \u00a0 \u00a0 \u00a0\u00a0<\/p>\n<p>YESID \u00a0 \u00a0 \u00a0 \u00a0 \u00a0 RAM\u00cdREZ \u00a0BASTIDAS\u00a0\u00a0\u00a0\u00a0\u00a0\u00a0\u00a0\u00a0\u00a0\u00a0\u00a0\u00a0\u00a0\u00a0\u00a0\u00a0\u00a0\u00a0\u00a0\u00a0\u00a0\u00a0\u00a0\u00a0\u00a0\u00a0\u00a0\u00a0\u00a0\u00a0\u00a0\u00a0\u00a0\u00a0 \u00a0JAVIER ZAPATA ORTIZ \u00a0\u00a0<\/p>\n<p>\u00a0 TERESA \u00a0 \u00a0RUIZ \u00a0N\u00da\u00d1EZ \u00a0\u00a0<\/p>\n<p>Secretaria \u00a0<\/p>\n<p>\u00a0 \u00a0\u00a0<\/p>\n<p>1 fls. \u00a043, 55 y 56 Cuaderno de extradici\u00f3n. \u00a0 \u00a0\u00a0<\/p>\n<p><\/p>\n","protected":false},"excerpt":{"rendered":"<p>\u00a0 \u00a0 Proceso No 30426 \u00a0 CORTE\u00a0 \u00a0 \u00a0SUPREMA\u00a0 \u00a0 \u00a0DE\u00a0 \u00a0JUSTICIA \u00a0\u00a0 SALA DE CASACI\u00d3N PENAL \u00a0 Magistrado Ponente: \u00a0 \u00a0 YESID RAM\u00cdREZ BASTIDAS \u00a0 Aprobado Acta N\u00b0101 \u00a0 Bogot\u00e1, D.C., abril primero (1\u00b0) de dos mil \u00a0nueve (2009). \u00a0\u00a0 \u00a0\u00a0\u00a0\u00a0\u00a0\u00a0\u00a0\u00a0\u00a0\u00a0\u00a0\u00a0\u00a0\u00a0\u00a0\u00a0\u00a0\u00a0\u00a0\u00a0\u00a0\u00a0\u00a0\u00a0\u00a0\u00a0\u00a0\u00a0\u00a0\u00a0\u00a0\u00a0\u00a0\u00a0\u00a0\u00a0\u00a0\u00a0\u00a0\u00a0\u00a0\u00a0\u00a0\u00a0\u00a0\u00a0\u00a0\u00a0\u00a0\u00a0\u00a0\u00a0\u00a0\u00a0\u00a0\u00a0\u00a0\u00a0\u00a0\u00a0\u00a0\u00a0\u00a0\u00a0\u00a0\u00a0\u00a0 \u00a0\u00a0 V I S T O S: \u00a0 Emite la Corte concepto sobre [&hellip;]<\/p>\n","protected":false},"author":1,"featured_media":0,"comment_status":"open","ping_status":"open","sticky":false,"template":"","format":"standard","meta":{"footnotes":""},"categories":[17],"tags":[],"class_list":["post-18124","post","type-post","status-publish","format-standard","hentry","category-17"],"_links":{"self":[{"href":"https:\/\/dmsjuridica.com\/buscador_20179478954\/salapenalcronologico20230723\/wp-json\/wp\/v2\/posts\/18124","targetHints":{"allow":["GET"]}}],"collection":[{"href":"https:\/\/dmsjuridica.com\/buscador_20179478954\/salapenalcronologico20230723\/wp-json\/wp\/v2\/posts"}],"about":[{"href":"https:\/\/dmsjuridica.com\/buscador_20179478954\/salapenalcronologico20230723\/wp-json\/wp\/v2\/types\/post"}],"author":[{"embeddable":true,"href":"https:\/\/dmsjuridica.com\/buscador_20179478954\/salapenalcronologico20230723\/wp-json\/wp\/v2\/users\/1"}],"replies":[{"embeddable":true,"href":"https:\/\/dmsjuridica.com\/buscador_20179478954\/salapenalcronologico20230723\/wp-json\/wp\/v2\/comments?post=18124"}],"version-history":[{"count":0,"href":"https:\/\/dmsjuridica.com\/buscador_20179478954\/salapenalcronologico20230723\/wp-json\/wp\/v2\/posts\/18124\/revisions"}],"wp:attachment":[{"href":"https:\/\/dmsjuridica.com\/buscador_20179478954\/salapenalcronologico20230723\/wp-json\/wp\/v2\/media?parent=18124"}],"wp:term":[{"taxonomy":"category","embeddable":true,"href":"https:\/\/dmsjuridica.com\/buscador_20179478954\/salapenalcronologico20230723\/wp-json\/wp\/v2\/categories?post=18124"},{"taxonomy":"post_tag","embeddable":true,"href":"https:\/\/dmsjuridica.com\/buscador_20179478954\/salapenalcronologico20230723\/wp-json\/wp\/v2\/tags?post=18124"}],"curies":[{"name":"wp","href":"https:\/\/api.w.org\/{rel}","templated":true}]}}