{"id":18105,"date":"2023-09-11T19:40:13","date_gmt":"2023-09-11T19:40:13","guid":{"rendered":"https:\/\/dmsjuridica.com\/buscador_20179478954\/salapenalcronologico20230723\/2023\/09\/11\/3036718-03-09\/"},"modified":"2023-09-11T19:40:13","modified_gmt":"2023-09-11T19:40:13","slug":"3036718-03-09","status":"publish","type":"post","link":"https:\/\/dmsjuridica.com\/buscador_20179478954\/salapenalcronologico20230723\/2023\/09\/11\/3036718-03-09\/","title":{"rendered":"30367(18-03-09)"},"content":{"rendered":"\n<p>\u00a0 \u00a0 \u00a0\u00a0<\/p>\n<p>Proceso No 30367 \u00a0<\/p>\n<p>CORTE SUPREMA DE JUSTICIA \u00a0<\/p>\n<p>SALA \u00a0 DE \u00a0 CASACI\u00d3N \u00a0PENAL \u00a0\u00a0<\/p>\n<p>\u00a0 \u00a0\u00a0 \u00a0\u00a0 \u00a0\u00a0Magistrado \u00a0Ponente \u00a0\u00a0<\/p>\n<p>\u00a0 AUGUSTO J. IBA\u00d1EZ GUZMAN \u00a0<\/p>\n<p>\u00a0 \u00a0\u00a0 \u00a0\u00a0 \u00a0\u00a0Aprobado Acta No. 82 \u00a0\u00a0<\/p>\n<p>Bogot\u00e1 \u00a0D. \u00a0C., dieciocho (18) de marzo de \u00a0dos mil nueve (2009). \u00a0\u00a0<\/p>\n<p>La \u00a0Corte \u00a0procede \u00a0a \u00a0aclarar \u00a0el \u00a0concepto \u00a0rendido \u00a0el 19 de febrero del a\u00f1o en curso, dentro del tr\u00e1mite de extradici\u00f3n \u00a0del \u00a0ciudadano \u00a0colombiano \u00a0JASHER \u00a0GUERRERO RAMOS, requerido por el Gobierno de \u00a0Estados \u00a0Unidos de Am\u00e9rica, en relaci\u00f3n con la Acusaci\u00f3n Formal proferida por \u00a0el Tribunal del Distrito Superior de Nueva Jersey. \u00a0\u00a0<\/p>\n<p>ANTECEDENTES \u00a0\u00a0<\/p>\n<p>1. \u00a0El \u00a0Gobierno \u00a0de \u00a0los \u00a0Estados Unidos, a \u00a0trav\u00e9s \u00a0de \u00a0su \u00a0embajada, \u00a0mediante \u00a0Nota \u00a0Verbal \u00a0No. 1016 de abril 4 de 2008, \u00a0solicit\u00f3 \u00a0la \u00a0detenci\u00f3n \u00a0provisional \u00a0con fines de extradici\u00f3n, del ciudadano \u00a0colombiano \u00a0JASHER \u00a0GUERRERO \u00a0RAMOS, \u00a0para \u00a0comparecer \u00a0en \u00a0juicio \u00a0por \u00a0delitos \u00a0federales \u00a0 de \u00a0soborno \u00a0en \u00a0asuntos \u00a0oficiales. \u00a0Posteriormente \u00a0formaliz\u00f3 \u00a0la \u00a0solicitud \u00a0de extradici\u00f3n con la Nota Verbal No. 2181 del 1 de agosto de 2008 y \u00a0tras \u00a0agotar \u00a0el \u00a0tr\u00e1mite \u00a0legal, \u00a0la Corte emiti\u00f3 concepto favorable el 19 de \u00a0febrero del presente a\u00f1o. \u00a0\u00a0<\/p>\n<p>2. \u00a0Se \u00a0procede \u00a0a \u00a0aclarar el n\u00famero de la \u00a0Acusaci\u00f3n \u00a0Formal \u00a0proferida \u00a0el \u00a029 \u00a0de \u00a0agosto \u00a0de \u00a02007 \u00a0por el Tribunal del \u00a0Distrito \u00a0Superior \u00a0de \u00a0Nueva Jersey, debido a que en el pronunciamiento de esta \u00a0Corporaci\u00f3n \u00a0se \u00a0consign\u00f3 \u00a0por \u00a0error \u00a0el No. SGJ 543-07-14, primer n\u00famero de \u00a0identificaci\u00f3n \u00a0que \u00a0aparece \u00a0en la acusaci\u00f3n y en la orden de detenci\u00f3n, que \u00a0en \u00a0realidad \u00a0corresponde al n\u00famero del Gran Jurado del citado, pues el n\u00famero \u00a0de \u00a0identificaci\u00f3n \u00a0del \u00a0caso \u00a0corresponde \u00a0al \u00a007-08-00120-S, de donde resulta \u00a0necesario \u00a0precisar \u00a0que \u00a0a \u00a0\u00e9ste \u00a0ultimo \u00a0se \u00a0refiere el concepto favorable de \u00a0extradici\u00f3n proferido para el se\u00f1or JASHER GUERRERO RAMOS. \u00a0\u00a0<\/p>\n<p>3. \u00a0La Secretar\u00eda de la Sala comunicar\u00e1 la \u00a0aclaraci\u00f3n \u00a0al \u00a0concepto \u00a0de \u00a019 \u00a0de \u00a0febrero \u00a0del a\u00f1o en curso, al solicitado \u00a0JASHER \u00a0GUERRERO \u00a0RAMOS \u00a0y \u00a0a \u00a0los \u00a0dem\u00e1s \u00a0intervinientes \u00a0en \u00a0el \u00a0tr\u00e1mite \u00a0de \u00a0extradici\u00f3n, \u00a0cumplido \u00a0lo \u00a0cual, \u00a0lo remitir\u00e1 al Ministerio del Interior y de \u00a0Justicia para lo de su cargo. \u00a0\u00a0<\/p>\n<p>Comun\u00edquese \u00a0<\/p>\n<p>JULIO ENRIQUE SOCHA SALAMANCA \u00a0<\/p>\n<p>JOS\u00c9 \u00a0LEONIDAS BUSTOS MARTINEZ \u00a0\u00a0 \u00a0\u00a0 \u00a0\u00a0 \u00a0\u00a0 \u00a0\u00a0 \u00a0\u00a0 \u00a0 \u00a0 \u00a0 \u00a0 \u00a0 \u00a0 \u00a0 \u00a0 \u00a0 \u00a0 \u00a0 \u00a0 \u00a0 \u00a0 \u00a0 \u00a0 \u00a0 \u00a0 \u00a0 \u00a0 \u00a0 \u00a0 \u00a0 \u00a0 \u00a0 \u00a0\u00a0\u00a0\u00a0\u00a0\u00a0\u00a0\u00a0\u00a0\u00a0\u00a0\u00a0\u00a0 \u00a0SIGIFREDO ESPINOSA P\u00c9REZ \u00a0\u00a0<\/p>\n<p>ALFREDO \u00a0G\u00d3MEZ QUINTERO \u00a0 \u00a0\u00a0 \u00a0 \u00a0 \u00a0 \u00a0 \u00a0 \u00a0 \u00a0 \u00a0 \u00a0 \u00a0 \u00a0 \u00a0 \u00a0 \u00a0 \u00a0 \u00a0 \u00a0 \u00a0 \u00a0 \u00a0 \u00a0 \u00a0 \u00a0 \u00a0 \u00a0 \u00a0\u00a0\u00a0\u00a0\u00a0\u00a0\u00a0\u00a0\u00a0\u00a0\u00a0 \u00a0MAR\u00cdA DEL ROSARIO GONZ\u00c1LEZ DE LEMOS\u00a0\u00a0\u00a0\u00a0 \u00a0\u00a0<\/p>\n<p>AUGUSTO \u00a0 \u00a0 \u00a0J. \u00a0 \u00a0 \u00a0IB\u00c1\u00d1EZ \u00a0 \u00a0 GUZM\u00c1N\u00a0\u00a0\u00a0\u00a0\u00a0\u00a0\u00a0\u00a0\u00a0\u00a0\u00a0\u00a0\u00a0\u00a0\u00a0\u00a0\u00a0\u00a0\u00a0\u00a0\u00a0\u00a0\u00a0\u00a0\u00a0\u00a0\u00a0\u00a0\u00a0\u00a0\u00a0\u00a0\u00a0 \u00a0JORGE \u00a0 \u00a0 LUIS \u00a0 \u00a0QUINTERO \u00a0 \u00a0MILAN\u00c9S \u00a0 \u00a0 \u00a0 \u00a0 \u00a0\u00a0<\/p>\n<p>YESID \u00a0 \u00a0RAM\u00cdREZ \u00a0BASTIDAS\u00a0\u00a0\u00a0\u00a0\u00a0\u00a0\u00a0\u00a0\u00a0\u00a0\u00a0\u00a0\u00a0 \u00a0 \u00a0 \u00a0 \u00a0\u00a0 \u00a0\u00a0 \u00a0\u00a0 \u00a0 \u00a0 \u00a0 \u00a0\u00a0 \u00a0 \u00a0 \u00a0 \u00a0\u00a0\u00a0\u00a0\u00a0\u00a0\u00a0\u00a0\u00a0\u00a0\u00a0\u00a0\u00a0\u00a0\u00a0\u00a0 \u00a0JAVIER \u00a0 \u00a0 \u00a0ZAPATA \u00a0ORTIZ \u00a0\u00a0<\/p>\n<p>Excusa justificada \u00a0<\/p>\n<p>TERESA RUIZ N\u00da\u00d1EZ \u00a0<\/p>\n<p>Secretaria \u00a0<\/p>\n<p>\u00a0 \u00a0\u00a0<\/p>\n<p><\/p>\n","protected":false},"excerpt":{"rendered":"<p>\u00a0 \u00a0 \u00a0\u00a0 Proceso No 30367 \u00a0 CORTE SUPREMA DE JUSTICIA \u00a0 SALA \u00a0 DE \u00a0 CASACI\u00d3N \u00a0PENAL \u00a0\u00a0 \u00a0 \u00a0\u00a0 \u00a0\u00a0 \u00a0\u00a0Magistrado \u00a0Ponente \u00a0\u00a0 \u00a0 AUGUSTO J. IBA\u00d1EZ GUZMAN \u00a0 \u00a0 \u00a0\u00a0 \u00a0\u00a0 \u00a0\u00a0Aprobado Acta No. 82 \u00a0\u00a0 Bogot\u00e1 \u00a0D. \u00a0C., dieciocho (18) de marzo de \u00a0dos mil nueve (2009). \u00a0\u00a0 La \u00a0Corte \u00a0procede [&hellip;]<\/p>\n","protected":false},"author":1,"featured_media":0,"comment_status":"open","ping_status":"open","sticky":false,"template":"","format":"standard","meta":{"footnotes":""},"categories":[17],"tags":[],"class_list":["post-18105","post","type-post","status-publish","format-standard","hentry","category-17"],"_links":{"self":[{"href":"https:\/\/dmsjuridica.com\/buscador_20179478954\/salapenalcronologico20230723\/wp-json\/wp\/v2\/posts\/18105","targetHints":{"allow":["GET"]}}],"collection":[{"href":"https:\/\/dmsjuridica.com\/buscador_20179478954\/salapenalcronologico20230723\/wp-json\/wp\/v2\/posts"}],"about":[{"href":"https:\/\/dmsjuridica.com\/buscador_20179478954\/salapenalcronologico20230723\/wp-json\/wp\/v2\/types\/post"}],"author":[{"embeddable":true,"href":"https:\/\/dmsjuridica.com\/buscador_20179478954\/salapenalcronologico20230723\/wp-json\/wp\/v2\/users\/1"}],"replies":[{"embeddable":true,"href":"https:\/\/dmsjuridica.com\/buscador_20179478954\/salapenalcronologico20230723\/wp-json\/wp\/v2\/comments?post=18105"}],"version-history":[{"count":0,"href":"https:\/\/dmsjuridica.com\/buscador_20179478954\/salapenalcronologico20230723\/wp-json\/wp\/v2\/posts\/18105\/revisions"}],"wp:attachment":[{"href":"https:\/\/dmsjuridica.com\/buscador_20179478954\/salapenalcronologico20230723\/wp-json\/wp\/v2\/media?parent=18105"}],"wp:term":[{"taxonomy":"category","embeddable":true,"href":"https:\/\/dmsjuridica.com\/buscador_20179478954\/salapenalcronologico20230723\/wp-json\/wp\/v2\/categories?post=18105"},{"taxonomy":"post_tag","embeddable":true,"href":"https:\/\/dmsjuridica.com\/buscador_20179478954\/salapenalcronologico20230723\/wp-json\/wp\/v2\/tags?post=18105"}],"curies":[{"name":"wp","href":"https:\/\/api.w.org\/{rel}","templated":true}]}}