{"id":18014,"date":"2023-09-11T19:40:08","date_gmt":"2023-09-11T19:40:08","guid":{"rendered":"https:\/\/dmsjuridica.com\/buscador_20179478954\/salapenalcronologico20230723\/2023\/09\/11\/2964016-09-09\/"},"modified":"2023-09-11T19:40:08","modified_gmt":"2023-09-11T19:40:08","slug":"2964016-09-09","status":"publish","type":"post","link":"https:\/\/dmsjuridica.com\/buscador_20179478954\/salapenalcronologico20230723\/2023\/09\/11\/2964016-09-09\/","title":{"rendered":"29640(16-09-09)"},"content":{"rendered":"\n<p>\u00a0 \u00a0 Proceso No 29640 \u00a0<\/p>\n<p>CORTE SUPREMA DE JUSTICIA \u00a0<\/p>\n<p>SALA DE CASACION PENAL \u00a0<\/p>\n<p>Aprobado acta n\u00famero 295 \u00a0<\/p>\n<p>Bogot\u00e1, D.C, diecis\u00e9is de septiembre de dos \u00a0mil nueve. \u00a0\u00a0<\/p>\n<p>Finalizada \u00a0 la \u00a0 diligencia \u00a0de \u00a0audiencia \u00a0p\u00fablica, \u00a0la \u00a0Sala \u00a0de \u00a0Casaci\u00f3n \u00a0Penal \u00a0dicta \u00a0sentencia \u00a0dentro \u00a0del \u00a0juicio \u00a0adelantado \u00a0 contra \u00a0 el \u00a0 senador \u00a0 Ricardo \u00a0 Elcure \u00a0Chac\u00f3n, \u00a0acusado \u00a0como \u00a0autor del delito de concierto \u00a0para delinquir agravado. \u00a0\u00a0<\/p>\n<p>Hechos \u00a0<\/p>\n<p>\u00a0 \u00a0\u00a0 \u00a0\u00a0 \u00a0\u00a0As\u00ed fueron narrados en la resoluci\u00f3n de acusaci\u00f3n: \u00a0\u00a0<\/p>\n<p>\u00a0 \u00a0\u00a0 \u00a0\u00a0 \u00a0\u00a0\u201cDe \u00a0la \u00a0misma \u00a0manera a como ocurri\u00f3 en otras partes del pa\u00eds, \u00a0los \u00a0grupos \u00a0de \u00a0autodefensa coparon militarmente amplias zonas del departamento \u00a0de \u00a0Norte \u00a0de \u00a0Santander, en este caso obedeciendo \u00f3rdenes de Carlos Casta\u00f1o y \u00a0luego \u00a0de Salvatore Mancuso, quien las materializ\u00f3 a trav\u00e9s de sus principales \u00a0lugartenientes. \u00a0\u00a0<\/p>\n<p>\u00a0 \u00a0\u00a0 \u00a0\u00a0 \u00a0\u00a0 \u00a0\u201cLo \u00a0que \u00a0en \u00a0principio fue una operaci\u00f3n militar, pronto hizo \u00a0tr\u00e1nsito \u00a0a \u00a0otras \u00a0formas \u00a0de \u00a0violencia \u00a0igualmente \u00a0efectivas para lograr el \u00a0dominio \u00a0de \u00a0las comunidades, que por fuerza de la intimidaci\u00f3n a la que fueron \u00a0sometidas \u00a0no \u00a0tuvieron \u00a0opci\u00f3n \u00a0diferente \u00a0que someterse a los dictados de los \u00a0contingentes \u00a0armados \u00a0del \u00a0Bloque \u00a0Catatumbo \u00a0y \u00a0de \u00a0los \u00a0Frentes \u00a0La Gabarra y \u00a0Fronteras. \u00a0\u00a0<\/p>\n<p>\u00a0 \u00a0\u00a0 \u00a0\u00a0 \u00a0\u00a0\u201cEn \u00a0 el \u00a0periodo \u00a0de \u00a0\u201cdominaci\u00f3n\u201d \u00a0que \u00a0de \u00a0alguna \u00a0manera \u00a0concluy\u00f3 \u00a0 con \u00a0 su \u00a0 desmovilizaci\u00f3n, \u00a0 las \u00a0 autodefensas \u00a0 impusieron \u00a0 sus \u00a0\u201cnormas\u201d, \u00a0recaudaron \u201cimpuestos\u201d y \u201ccontribuciones\u201d e intervinieron \u00a0en \u00a0el \u00a0quehacer \u00a0pol\u00edtico, \u00a0ayudando \u00a0incluso a quienes les colaboraban en sus \u00a0prop\u00f3sitos. \u00a0\u00a0<\/p>\n<p>\u00a0 \u00a0\u00a0 \u00a0\u00a0 \u00a0\u00a0\u201cSeg\u00fan \u00a0Jorge \u00a0Iv\u00e1n \u00a0Laverde Zapata, jefe del Frente Fronteras, \u00a0su \u00a0poder fue de tal magnitud que lograron infiltrar los organismos de seguridad \u00a0con \u00a0miembros \u00a0de \u00a0su organizaci\u00f3n y colaborar econ\u00f3micamente para que quienes \u00a0estaban \u00a0del \u00a0lado de ellos, como Ricardo Ariel Elcure \u00a0Chac\u00f3n, \u00a0aspirara a la Gobernaci\u00f3n del departamento \u00a0de Norte de Santander en las elecciones de 2003.\u201d \u00a0\u00a0<\/p>\n<p>Filiaci\u00f3n del Procesado \u00a0<\/p>\n<p>\u00a0 \u00a0\u00a0 \u00a0\u00a0 \u00a0\u00a0Ricardo \u00a0Ariel \u00a0Elcure \u00a0Chac\u00f3n, natural de \u00a0C\u00facuta, \u00a0lugar \u00a0donde \u00a0naci\u00f3 \u00a0el d\u00eda 10 de julio de 1961, identificado con la \u00a0c\u00e9dula \u00a0 de \u00a0 ciudadan\u00eda \u00a0n\u00famero \u00a013.451.155 \u00a0de \u00a0la \u00a0misma \u00a0ciudad, \u00a0abogado \u00a0especializado, actualmente senador de la Rep\u00fablica. \u00a0\u00a0<\/p>\n<p>Actuaci\u00f3n Procesal \u00a0<\/p>\n<p>\u00a0 \u00a0\u00a0 \u00a0\u00a0 \u00a0\u00a0Mediante \u00a0auto \u00a0del \u00a0d\u00eda \u00a021 de abril de 2008, la Sala de Casaci\u00f3n \u00a0Penal \u00a0 \u00a0abri\u00f3 \u00a0 \u00a0investigaci\u00f3n \u00a0 penal \u00a0 frente \u00a0 al \u00a0 senador \u00a0 Ricardo \u00a0Ariel \u00a0Elcure \u00a0Chac\u00f3n, \u00a0librando \u00a0orden \u00a0 de \u00a0 captura \u00a0 en \u00a0 su \u00a0 contra, \u00a0 la \u00a0cual \u00a0se \u00a0materializ\u00f3 \u00a0el \u00a0mismo \u00a0d\u00eda. \u00a0\u00a0<\/p>\n<p>\u00a0 \u00a0\u00a0 \u00a0\u00a0 \u00a0\u00a0Los \u00a0d\u00edas \u00a022 \u00a0y \u00a024 \u00a0del \u00a0mismo \u00a0mes \u00a0y \u00a0a\u00f1o \u00a0se llev\u00f3 a cabo la \u00a0diligencia \u00a0de \u00a0indagatoria, \u00a0resolvi\u00e9ndose \u00a0su \u00a0situaci\u00f3n \u00a0jur\u00eddica mediante \u00a0providencia \u00a0del \u00a02 de mayo siguiente, con medida de aseguramiento de detenci\u00f3n \u00a0preventiva \u00a0como \u00a0presunto autor del delito de concierto para delinquir agravado \u00a0definido \u00a0 en \u00a0 el \u00a0 aparte \u00a0 segundo \u00a0del \u00a0art\u00edculo \u00a0340 \u00a0de \u00a0la \u00a0ley \u00a0599 \u00a0de \u00a02000. \u00a0\u00a0<\/p>\n<p>\u00a0 \u00a0\u00a0 \u00a0\u00a0 \u00a0\u00a0El \u00a01 \u00a0de \u00a0octubre \u00a0de 2008, luego que los peritos de medicina legal \u00a0determinaran \u00a0 el \u00a0grave \u00a0estado \u00a0de \u00a0salud \u00a0del \u00a0procesado, \u00a0se \u00a0suspendi\u00f3 \u00a0la \u00a0detenci\u00f3n \u00a0preventiva, \u00a0ordenando \u00a0que el sindicado permaneciera en el lugar de \u00a0habitaci\u00f3n \u00a0o \u00a0sitio \u00a0hospitalario, \u00a0seg\u00fan \u00a0lo \u00a0aconsejara la evoluci\u00f3n de la \u00a0enfermedad. \u00a0\u00a0<\/p>\n<p>\u00a0 \u00a0\u00a0 \u00a0\u00a0 \u00a0\u00a0El \u00a017 \u00a0de \u00a0octubre \u00a0del \u00a0mismo \u00a0a\u00f1o, \u00a0considerando \u00a0que \u00a0la prueba \u00a0necesaria \u00a0para \u00a0calificar \u00a0se \u00a0hab\u00eda \u00a0recaudado, \u00a0se \u00a0decret\u00f3 el cierre de la \u00a0investigaci\u00f3n, \u00a0acusando \u00a0al \u00a0sindicado \u00a0el \u00a02 \u00a0de \u00a0diciembre \u00a0siguiente, \u00a0como \u00a0probable \u00a0autor del injusto de concierto para delinquir agravado, descrito en el \u00a0Libro \u00a02\u00ba, T\u00edtulo XII, art\u00edculo 340 numeral 2\u00ba del c\u00f3digo penal, al haberse \u00a0concertado para promover un grupo armado al margen de la ley. \u00a0\u00a0<\/p>\n<p>\u00a0 \u00a0\u00a0 \u00a0\u00a0 \u00a0\u00a0El \u00a0d\u00eda \u00a05 \u00a0de mayo del presente a\u00f1o se llev\u00f3 a cabo la audiencia \u00a0preparatoria \u00a0y \u00a0entre el\u00a0 28 de julio y el d\u00eda 4 de septiembre de 2009 la \u00a0diligencia de audiencia p\u00fablica.\u00a0 \u00a0\u00a0<\/p>\n<p>Alegatos en Audiencia P\u00fablica \u00a0<\/p>\n<p>\u00a0 \u00a0\u00a0 \u00a0\u00a0 \u00a0\u00a0El Ministerio P\u00fablico \u00a0\u00a0<\/p>\n<p>\u00a0 \u00a0\u00a0 \u00a0\u00a0 \u00a0\u00a0Para \u00a0el \u00a0Representante \u00a0del Ministerio P\u00fablico, la prueba que obra \u00a0en \u00a0el \u00a0proceso indica que se debe proferir sentencia condenatoria en contra del \u00a0doctor \u00a0 Ricardo \u00a0 Ariel \u00a0Elcure \u00a0Chac\u00f3n, \u00a0como \u00a0autor \u00a0responsable \u00a0del \u00a0delito de concierto para delinquir \u00a0agravado. \u00a0\u00a0<\/p>\n<p>\u00a0 \u00a0\u00a0 \u00a0\u00a0 \u00a0\u00a0A \u00a0 su \u00a0 juicio \u00a0no \u00a0existen \u00a0casos \u00a0en \u00a0donde \u00a0la \u00a0prueba \u00a0sea \u00a0tan \u00a0contundente, \u00a0por \u00a0eso considera que es mejor anticiparse a los argumentos sobre \u00a0los \u00a0cuales muy seguramente la defensa solicitar\u00e1 la absoluci\u00f3n de su cliente. \u00a0En \u00a0ese \u00a0orden \u00a0piensa \u00a0que la principal pretensi\u00f3n del defensor consistir\u00e1 en \u00a0demostrar \u00a0 \u00a0que \u00a0 \u00a0el \u00a0 doctor \u00a0 Ricardo \u00a0Elcure \u00a0Chac\u00f3n \u00a0no \u00a0fue apoyado por las autodefensas en su aspiraci\u00f3n de ser elegido gobernador \u00a0del \u00a0departamento \u00a0de \u00a0Norte \u00a0de \u00a0Santander, \u00a0porque \u00a0de haber sido as\u00ed habr\u00eda \u00a0triunfado \u00a0en \u00a0el \u00a0debate \u00a0electoral al contar con el apoyo de una organizaci\u00f3n \u00a0tan \u00a0poderosa. \u00a0Pero \u00a0que \u00a0eso \u00a0no \u00a0hubiera \u00a0sucedido \u00a0lo \u00a0explica la escasez de \u00a0recursos \u00a0 econ\u00f3micos \u00a0al \u00a0final \u00a0de \u00a0una \u00a0campa\u00f1a \u00a0en \u00a0la \u00a0cual \u00a0Elcure \u00a0Chac\u00f3n \u00a0ocupaba \u00a0al \u00a0principio el \u00a0primer lugar en las encuestas. \u00a0\u00a0<\/p>\n<p>\u00a0 \u00a0\u00a0 \u00a0\u00a0 \u00a0\u00a0Adem\u00e1s, \u00a0seguramente \u00a0no \u00a0fue \u00a0el vencedor, porque las autodefensas \u00a0apoyaron \u00a0a \u00a0varios \u00a0candidatos, \u00a0de \u00a0manera \u00a0que \u00a0sea quien fuera el ganador se \u00a0beneficiaban, \u00a0como \u00a0ocurri\u00f3 \u00a0en Pamplona, municipio donde promovieron las m\u00e1s \u00a0variadas \u00a0opciones, \u00a0seg\u00fan \u00a0lo expres\u00f3 Carlos Bastos Fern\u00e1ndez. Pero no s\u00f3lo \u00a0por \u00a0eso, \u00a0pues si el doctor Elcure Chac\u00f3n \u00a0no \u00a0fue \u00a0el \u00a0ganador \u00a0de \u00a0la \u00a0contienda \u00a0electoral \u00a0del a\u00f1o 2003, \u00a0posiblemente \u00a0obedeci\u00f3 \u00a0a que, como lo expres\u00f3 Jorge Iv\u00e1n Laverde Zapata, los \u00a0llamados \u00a0\u201cacumulados \u00a0comunitarios\u201d \u00a0no \u00a0respondieron al adoctrinamiento de \u00a0votar \u00a0por su candidato y a la \u00a0insuficiente \u00a0 inyecci\u00f3n \u00a0econ\u00f3mica, que ocasion\u00f3 incluso el reclamo airado del aspirante. \u00a0\u00a0<\/p>\n<p>\u00a0 \u00a0\u00a0 \u00a0\u00a0 \u00a0\u00a0Un \u00a0segundo \u00a0argumento \u00a0tiene \u00a0que \u00a0ver con las amenazas que habr\u00eda \u00a0recibido \u00a0el \u00a0candidato \u00a0por parte de la organizaci\u00f3n armada ilegal, las cuales \u00a0son \u00a0 \u00a0inexplicables \u00a0 \u00a0considerando \u00a0 \u00a0que \u00a0 \u00a0Elcure \u00a0Chac\u00f3n \u00a0era \u00a0su \u00a0aliado. \u00a0Aparte \u00a0de que s\u00f3lo \u00e9l se \u00a0refiere \u00a0a \u00a0ese \u00a0tipo \u00a0de \u00a0sucesos, \u00a0la prueba documental lo desmiente. As\u00ed, el \u00a0Cuerpo \u00a0T\u00e9cnico de Investigaci\u00f3n certific\u00f3 que no se recibieron ni tramitaron \u00a0denuncias \u00a0en \u00a0ese \u00a0sentido por parte del doctor Elcure \u00a0Chac\u00f3n, \u00a0y \u00a0antes \u00a0por \u00a0el \u00a0contrario, \u00a0informes \u00a0de \u00a0inteligencia \u00a0de \u00a0esa \u00a0\u00e9poca \u00a0hablan \u00a0de \u00a0la \u00a0vinculaci\u00f3n \u00a0del \u00a0senador con el \u00a0movimiento de autodefensa. \u00a0\u00a0<\/p>\n<p>\u00a0 \u00a0\u00a0 \u00a0\u00a0 \u00a0\u00a0De \u00a0otra \u00a0parte, \u00a0el \u00a0acusado \u00a0pretendi\u00f3 \u00a0negar sus nexos con Jorge \u00a0D\u00edaz, \u00a0ex \u00a0director \u00a0del \u00a0Departamento \u00a0Administrativo de Seguridad en Norte de \u00a0Santander \u00a0y \u00a0ficha \u00a0importante \u00a0en \u00a0el \u00a0andamiaje \u00a0de \u00a0la organizaci\u00f3n ilegal. \u00a0Empero, \u00a0 Jorge \u00a0Noguera, \u00a0que \u00a0fue \u00a0Director \u00a0de \u00a0ese \u00a0organismo, \u00a0acept\u00f3 \u00a0que \u00a0Ricardo \u00a0Elcure \u00a0y personajes \u00a0de \u00a0la \u00a0talla del general Rito Alejo del R\u00edo, influyeron en el nombramiento del \u00a0director \u00a0seccional, \u00a0como \u00a0de \u00a0igual \u00a0manera lo afirmaron Jorge Iv\u00e1n Laverde y \u00a0Jos\u00e9 \u00a0 Antonio \u00a0 Lozada, \u00a0 jefes \u00a0 del \u00a0 paramilitarismo \u00a0 en \u00a0 esa \u00a0 zona \u00a0del \u00a0pa\u00eds. \u00a0\u00a0<\/p>\n<p>\u00a0 \u00a0\u00a0 \u00a0\u00a0 \u00a0\u00a0En \u00a0tercer \u00a0lugar, \u00a0el \u00a0Se\u00f1or Procurador estima que el hecho de que \u00a0las \u00a0autodefensas obligaran a Carlos Armando Bastos, candidato a la Alcald\u00eda de \u00a0Pamplona, \u00a0a \u00a0manifestar su apoyo a la causa de Ricardo \u00a0Elcure \u00a0Chac\u00f3n \u00a0durante el proceso electoral del a\u00f1o \u00a02003, \u00a0es \u00a0un \u00a0hecho muy sintom\u00e1tico de la intervenci\u00f3n de las autodefensas en \u00a0los \u00a0procesos \u00a0pol\u00edticos, \u00a0aspecto \u00a0que demuestra a\u00fan m\u00e1s la vinculaci\u00f3n del \u00a0senador con las autodefensas. \u00a0\u00a0<\/p>\n<p>\u00a0 \u00a0\u00a0 \u00a0\u00a0 \u00a0\u00a0Asimismo, \u00a0fue \u00a0tan \u00a0notoria la intervenci\u00f3n de las autodefensas en \u00a0el \u00a0proceso \u00a0pol\u00edtico, \u00a0que \u00a0a \u00a0Ovidio \u00a0Navarro \u00a0Ur\u00f3n, \u00a0concejal \u00a0de Tib\u00fa que \u00a0inicialmente \u00a0acompa\u00f1\u00f3 \u00a0a \u00a0Basilio \u00a0Villamizar, \u00a0fuentes \u00a0de \u00a0la \u00a0campa\u00f1a \u00a0de \u00a0Ricardo \u00a0 \u00a0Elcure \u00a0 le \u00a0sugirieron \u00a0comunicarse \u00a0con \u00a0El\u00edas \u00a0 Galvis, \u00a0al\u00edas \u00a0\u201cPacho\u201d, \u00a0uno \u00a0de \u00a0los \u00a0jefes \u00a0pol\u00edticos \u00a0de \u00a0las \u00a0autodefensas \u00a0en \u00a0Norte \u00a0de \u00a0Santander, \u00a0para \u00a0acordar \u00a0lo \u00a0relacionado \u00a0con \u00a0la \u00a0financiaci\u00f3n de la campa\u00f1a en ese municipio. \u00a0\u00a0<\/p>\n<p>\u00a0 \u00a0\u00a0 \u00a0\u00a0 \u00a0\u00a0En \u00a0fin, \u00a0las \u00a0pruebas \u00a0que \u00a0obran en el proceso, concluye el se\u00f1or \u00a0Procurador, \u00a0demuestran con suficiencia el concierto con el grupo ilegal, una de \u00a0cuyas \u00a0manifestaciones \u00a0m\u00e1s evidentes fue la propuesta de un muy peculiar cobro \u00a0de \u00a0 \u00a0\u201cimpuestos\u201d \u00a0 \u00a0a \u00a0 \u00a0los \u00a0 \u00a0contratistas \u00a0 mediante \u00a0 un \u00a0 sistema \u00a0 de \u00a0\u201cestampillas\u201d. \u00a0\u00a0<\/p>\n<p>\u00a0 \u00a0\u00a0 \u00a0\u00a0 \u00a0\u00a0Todo, \u00a0seg\u00fan \u00a0el \u00a0Ministerio \u00a0P\u00fablico, \u00a0apunta \u00a0a demostrar que el \u00a0acusado \u00a0se \u00a0concert\u00f3 \u00a0con \u00a0las autodefensas del Bloque Catatumbo, una poderosa \u00a0estructura \u00a0criminal \u00a0que \u00a0coste\u00f3 \u00a0parte \u00a0de \u00a0su \u00a0campa\u00f1a, cuesti\u00f3n que ahora \u00a0pretende \u00a0negar \u00a0con \u00a0el \u00a0respaldo de testimonios como el de Jos\u00e9 Antonio Cote, \u00a0cuyo fanatismo y parcialidad son evidentes. \u00a0\u00a0<\/p>\n<p>\u00a0 \u00a0\u00a0 \u00a0\u00a0 \u00a0\u00a0Como \u00a0consecuencia, \u00a0solicita \u00a0que \u00a0se profiera en contra del doctor \u00a0Ricardo \u00a0 Elcure \u00a0 Chac\u00f3n \u00a0sentencia \u00a0 de \u00a0condena, \u00a0la \u00a0cual \u00a0considerando \u00a0su \u00a0enfermedad, \u00a0debe \u00a0cumplir \u00a0funciones \u00a0 de \u00a0prevenci\u00f3n \u00a0general \u00a0positiva \u00a0antes \u00a0que \u00a0otros \u00a0fines \u00a0de \u00a0la \u00a0pena.\u00a0 \u00a0\u00a0<\/p>\n<p>\u00a0 \u00a0\u00a0 \u00a0\u00a0 \u00a0\u00a0El defensor \u00a0\u00a0<\/p>\n<p>\u00a0 \u00a0\u00a0 \u00a0\u00a0 \u00a0\u00a0Por \u00a0 supuesto \u00a0 que \u00a0 la \u00a0defensa \u00a0no \u00a0est\u00e1 \u00a0de \u00a0acuerdo \u00a0con \u00a0las \u00a0apreciaciones \u00a0del \u00a0Ministerio \u00a0P\u00fablico. Acepta el acierto de la resoluci\u00f3n de \u00a0acusaci\u00f3n, \u00a0pero \u00a0estima que despu\u00e9s del juicio las conclusiones no pueden ser \u00a0las mismas. \u00a0\u00a0<\/p>\n<p>\u00a0 \u00a0\u00a0 \u00a0\u00a0 \u00a0\u00a0Considera \u00a0 \u00a0 que \u00a0 \u00a0la \u00a0 \u00a0conducta \u00a0 \u00a0del \u00a0 \u00a0doctor \u00a0 \u00a0Elcure \u00a0Chac\u00f3n \u00a0se \u00a0debe \u00a0analizar \u00a0en el \u00a0contexto \u00a0hist\u00f3rico, \u00a0esto \u00a0es, \u00a0como parte de unos acontecimientos en donde la \u00a0sociedad \u00a0fue \u00a0sometida \u00a0por \u00a0el \u00a0poder \u00a0nefasto \u00a0del paramilitarismo, que en su \u00a0criterio, \u00a0por \u00a0lo \u00a0menos \u00a0en \u00a0Norte \u00a0de Santander, fue la manifestaci\u00f3n de una \u00a0pol\u00edtica \u00a0de Estado: un consorcio entre barones pol\u00edticos con narcotraficantes \u00a0y \u00a0personajes \u00a0como \u00a0Armando \u00a0P\u00e9rez Betancur, alias \u201cCamilo\u201d y Jorge Lozada \u00a0Artuz, \u00a0alias \u00a0\u201cMauro\u201d, \u00a0verdaderos \u00a0detentadores del poder ilegal, del cual \u00a0Jorge \u00a0Iv\u00e1n \u00a0Laverde, \u00a0alias \u00a0\u201cel \u00a0iguano\u201d \u00a0apenas \u00a0era un miembro de menor \u00a0val\u00eda. \u00a0\u00a0<\/p>\n<p>\u00a0 \u00a0\u00a0 \u00a0\u00a0 \u00a0\u00a0Claro \u00a0que \u00a0eso \u00a0no \u00a0quiere decir que Jorge Iv\u00e1n Laverde no tuviera \u00a0que \u00a0ver \u00a0con \u00a0los \u00a0hilos \u00a0de \u00a0la \u00a0pol\u00edtica \u00a0en Norte de Santander, pero no por \u00a0eso\u00a0 \u00a0se \u00a0puede \u00a0aceptar \u00a0que \u00a0atendiendo \u00a0sus \u00a0decisiones las autodefensas \u00a0hubiesen \u00a0financiado \u00a0la \u00a0campa\u00f1a \u00a0de \u00a0Ricardo Elcure \u00a0Chac\u00f3n, \u00a0quien \u00a0no \u00a0ten\u00eda \u00a0afinidad con los sectores \u00a0pol\u00edticos tradicionales aliados de las autodefensas. \u00a0\u00a0<\/p>\n<p>Por \u00a0eso \u00a0no \u00a0es \u00a0cierto que las autodefensas \u00a0siguiendo \u00a0 \u00f3rdenes \u00a0 de \u00a0 \u201cCamilo\u201d \u00a0 hubiesen \u00a0apoyado \u00a0econ\u00f3micamente \u00a0a \u00a0Elcure \u00a0 Chac\u00f3n, \u00a0pues \u00a0el \u00a0paramilitarismo \u00a0fue \u00a0financiado \u00a0por los pol\u00edticos y no los pol\u00edticos por los \u00a0grupos \u00a0ilegales. \u00a0Sin \u00a0embargo, \u00a0el \u00a0\u201ciguano\u201d dijo que recibi\u00f3 \u00f3rdenes de \u00a0entregarle \u00a0dinero \u00a0a \u00a0la \u00a0campa\u00f1a \u00a0de \u00a0Elcure Chac\u00f3n \u00a0a \u00a0trav\u00e9s \u00a0de Jorge D\u00edaz, y \u201cMauro\u201d asegur\u00f3 que \u00a0le \u00a0entreg\u00f3 \u00a0el \u00a0dinero \u00a0al \u00a0jefe \u00a0del Das sin saber para que era, manifestando \u00a0incluso \u00a0que \u00a0lo hizo en la Gabarra, pero luego que no fue \u00e9l sino sus escoltas \u00a0los \u00a0que \u00a0lo \u00a0hicieron, \u00a0dejando \u00a0en \u00a0evidencia \u00a0la contradicci\u00f3n interna de su \u00a0dicho. \u00a0\u00a0<\/p>\n<p>\u00a0 \u00a0\u00a0 \u00a0\u00a0 \u00a0\u00a0Adem\u00e1s \u00a0de esas incoherencias, \u201cMauro\u201d no fue claro al decir si \u00a0Armando \u00a0P\u00e9rez \u00a0Betancur, \u00a0alias \u00a0\u201cCamilo\u201d \u00a0se reuni\u00f3 con pol\u00edticos, o si \u00a0recordaba \u00a0solo \u00a0una, \u00a0a \u00a0la que fue a encontrarse con Ramiro Su\u00e1rez Corzo, uno \u00a0m\u00e1s \u00a0 del \u00a0 grueso \u00a0 de \u00a0 una \u00a0 clase \u00a0 pol\u00edtica \u00a0 a \u00a0 la \u00a0 que \u00a0 Ricardo \u00a0Elcure \u00a0se opuso. Es m\u00e1s, en una \u00a0contradicci\u00f3n \u00a0insuperable, \u00a0al \u00a0contrario \u00a0de \u00a0lo \u00a0que \u00a0expres\u00f3 en su primera \u00a0declaraci\u00f3n, \u00a0 \u00a0asever\u00f3 \u00a0 que \u00a0 Ricardo \u00a0 Elcure \u00a0 se \u00a0reuni\u00f3 \u00a0varias \u00a0veces con paramilitares, lo que denota que son artificiosas las \u00a0referencias \u00a0acerca \u00a0de \u00a0los \u00a0nexos \u00a0de \u00a0su defendido con grupos al margen de la \u00a0ley. \u00a0\u00a0<\/p>\n<p>\u00a0 \u00a0\u00a0 \u00a0\u00a0 \u00a0\u00a0A \u00a0pesar \u00a0de \u00a0que \u00a0las contradicciones son flagrantes, el Ministerio \u00a0P\u00fablico \u00a0las \u00a0minimiza. Pero esas incoherencias no son las \u00fanicas, pues Carlos \u00a0Armando \u00a0Bastos, \u00a0un \u00a0pol\u00edtico de Pamplona muy cercano al grupo de Memo Chavez, \u00a0tambi\u00e9n \u00a0cae \u00a0en \u00a0imprecisiones. \u00a0Primero \u00a0asegur\u00f3 \u00a0que \u00a0Elias \u00a0Galvis, \u00a0alias \u00a0\u201cPacho\u201d, \u00a0lo \u00a0oblig\u00f3 \u00a0a asistir a una manifestaci\u00f3n en apoyo del candidato \u00a0Elcure Chac\u00f3n, pero luego en \u00a0audiencia \u00a0p\u00fablica \u00a0que fueron otros los que lo condujeron. Mostradme, entonces \u00a0\u2013 \u00a0 dice \u00a0 el \u00a0defensor \u00a0\u2013, \u00a0 con \u00a0base \u00a0en \u00a0esa \u00a0declaraci\u00f3n, \u00a0 \u00a0siquiera \u00a0 \u00a0una \u00a0 \u00a0imputaci\u00f3n \u00a0 de \u00a0 Bastos \u00a0 a \u00a0 Elcure \u00a0de \u00a0haberse \u00a0confabulado \u00a0con \u00a0el \u00a0paramilitarismo. \u00a0\u00a0<\/p>\n<p>\u00a0 \u00a0\u00a0 \u00a0\u00a0 \u00a0\u00a0Menos \u00a0se \u00a0puede \u00a0encontrar \u00a0en \u00a0la \u00a0declaraci\u00f3n \u00a0de Ovidio Navarro \u00a0Ur\u00f3n, \u00a0 \u00a0pol\u00edtico \u00a0 \u00a0de \u00a0 \u00a0Tib\u00fa, \u00a0 alg\u00fan \u00a0 indicio \u00a0 de \u00a0 que \u00a0 Ricardo \u00a0Elcure \u00a0se hubiera concertado con \u00a0los \u00a0 paramilitares, \u00a0pues \u00a0Basilio \u00a0Villamizar, \u00a0de \u00a0quien \u00a0Navarro \u00a0Ur\u00f3n \u00a0era \u00a0seguidor, \u00a0le \u00a0dijo a la prensa que declinaba sus aspiraciones a la Gobernaci\u00f3n \u00a0para \u00a0apoyar a Elcure Chac\u00f3n, \u00a0pero \u00a0eso \u00a0no \u00a0ocurri\u00f3. \u00a0Por lo mismo, no es posible que Navarro Ur\u00f3n hubi\u00e9se \u00a0pedido \u00a0 \u00a0apoyo \u00a0 \u00a0econ\u00f3mico \u00a0 \u00a0a \u00a0 la \u00a0 campa\u00f1a \u00a0 del \u00a0 doctor \u00a0 Elcure \u00a0 Chac\u00f3n \u00a0 y \u00a0menos \u00a0que \u00a0se \u00a0haya \u00a0comunicado \u00a0con \u00a0alias \u00a0\u201cPacho\u201d con ese fin, como se pretende dar a entender \u00a0con unas muy cuestionables interceptaciones telef\u00f3nicas. \u00a0\u00a0<\/p>\n<p>\u00a0\u00a0 \u00a0<\/p>\n<p>\u00a0 \u00a0\u00a0 \u00a0\u00a0 \u00a0\u00a0De \u00a0otra parte, se ha querido encontrar en la eventual amistad entre \u00a0Jorge \u00a0 \u00a0D\u00edaz \u00a0 \u00a0y \u00a0 Ricardo \u00a0 Elcure \u00a0 la \u00a0prueba \u00a0del \u00a0concierto, \u00a0cuando \u00a0no \u00a0en la recomendaci\u00f3n que el \u00a0senador \u00a0habr\u00eda \u00a0hecho del nombre de D\u00edaz para ocupar el cargo de director del \u00a0DAS \u00a0en \u00a0Norte \u00a0de \u00a0Santander, \u00a0junto \u00a0con \u00a0el \u00a0general Rito Alejo del R\u00edo. Sin \u00a0embargo, \u00a0se \u00a0olvida \u00a0que \u00a0Jorge \u00a0Noguera es casado con una mujer de la sociedad \u00a0Cucute\u00f1a \u00a0y \u00a0ten\u00eda por lo tanto relaciones con miembros de esa ciudad, lo cual \u00a0sin \u00a0duda \u00a0pudo \u00a0influir \u00a0para \u00a0que \u00a0conociera \u00a0al jefe de seguridad de Norte de \u00a0Santander. \u00a0\u00a0<\/p>\n<p>\u00a0 \u00a0\u00a0 \u00a0\u00a0 \u00a0\u00a0En \u00a0s\u00edntesis, \u00a0despu\u00e9s \u00a0del \u00a0juicio, \u00a0la inocencia de Ricardo \u00a0 Elcure \u00a0 Chac\u00f3n, \u00a0 ha \u00a0quedado \u00a0suficientemente \u00a0 comprobada \u00a0al \u00a0haberse \u00a0establecido \u00a0que \u00a0hizo \u00a0una \u00a0campa\u00f1a \u00a0pol\u00edtica \u00a0al \u00a0margen \u00a0de \u00a0grupos ilegales, acompa\u00f1ado por sus familiares en su \u00a0pretensi\u00f3n \u00a0de \u00a0ser \u00a0el \u00a0gobernador del departamento de Norte de Santander y no \u00a0como \u00a0parte \u00a0de \u00a0una \u00a0estructura \u00a0organizada \u00a0de \u00a0poder \u00a0de \u00a0la \u00a0cual \u00a0nunca fue \u00a0parte.\u00a0 \u00a0\u00a0<\/p>\n<p>\u00a0 \u00a0\u00a0 \u00a0\u00a0 \u00a0\u00a0Pide, \u00a0en consecuencia, que se absuelva a su defendido de los cargos \u00a0que \u00a0le \u00a0fueron \u00a0formulados \u00a0como \u00a0autor \u00a0del delito de concierto para delinquir \u00a0agravado. \u00a0\u00a0<\/p>\n<p>CONSIDERACIONES DE LA CORTE \u00a0<\/p>\n<p>\u00a0 \u00a0\u00a0 \u00a0\u00a0 \u00a0\u00a0Primero: Competencia. \u00a0\u00a0<\/p>\n<p>\u00a0 \u00a0\u00a0 \u00a0\u00a0 \u00a0\u00a0El \u00a0ordinal \u00a03 \u00a0del \u00a0art\u00edculo \u00a0235 \u00a0de \u00a0la Constituci\u00f3n Pol\u00edtica, \u00a0dispone \u00a0que \u00a0es \u00a0atribuci\u00f3n \u00a0de \u00a0la Corte Suprema de Justicia, \u201cinvestigar y \u00a0juzgar \u00a0a \u00a0los miembros del Congreso\u201d, enunciado que se reafirma en el numeral \u00a07 \u00a0 del \u00a0 art\u00edculo \u00a0 75 \u00a0 de \u00a0 la \u00a0 ley \u00a0 600 \u00a0 de \u00a0 2000, \u00a0en \u00a0los \u00a0siguientes \u00a0t\u00e9rminos: \u00a0\u00a0<\/p>\n<p>\u201cLa \u00a0Sala \u00a0de \u00a0Casaci\u00f3n Penal de la Corte \u00a0Suprema de Justicia conoce: \u00a0\u00a0<\/p>\n<p>\u201c7. De la investigaci\u00f3n y juzgamiento de \u00a0los \u00a0Senadores \u00a0y Representantes a la C\u00e1mara.\u201d\u00a0 \u00a01 \u00a0\u00a0<\/p>\n<p>Como est\u00e1 demostrado en el expediente que el \u00a0doctor \u00a0Ricardo Elcure Chac\u00f3n \u00a0se \u00a0posesion\u00f3 \u00a0como \u00a0senador \u00a0el \u00a0d\u00eda \u00a017 \u00a0de \u00a0octubre \u00a0de \u00a02007\u00a0 y no ha \u00a0renunciado \u00a0a su investidura, ni ha sido privado de ella por sentencia judicial, \u00a0la \u00a0Sala \u00a0Penal \u00a0de \u00a0la \u00a0Corte \u00a0Suprema \u00a0de \u00a0Justicia \u00a0es competente para dictar \u00a0sentencia dentro del juicio que se sigue en su contra. \u00a0\u00a0<\/p>\n<p>\u00a0\u00a0 \u00a0 \u00a0 Segundo. \u00a0El \u00a0art\u00edculo \u00a0232 \u00a0de la Ley 600 de 2000 dispone que no se puede \u00a0dictar \u00a0sentencia \u00a0condenatoria sin que obre en el proceso prueba que conduzca a \u00a0la \u00a0certeza \u00a0de \u00a0la \u00a0conducta \u00a0punible \u00a0y \u00a0de \u00a0la responsabilidad del procesado. \u00a0\u00a0<\/p>\n<p>\u00a0 \u00a0\u00a0 \u00a0\u00a0 \u00a0\u00a0Al \u00a0interpretar \u00a0esa \u00a0disposici\u00f3n, \u00a0la \u00a0Sala \u00a0ha \u00a0sido cuidadosa en \u00a0se\u00f1alar \u00a0que \u00a0si entre las finalidades principales del proceso penal se cuentan \u00a0la \u00a0aproximaci\u00f3n \u00a0racional a la verdad y la aplicaci\u00f3n del derecho sustancial, \u00a0en \u00a0la \u00a0sentencia \u00a0como \u00a0culminaci\u00f3n \u00a0del rito se debe establecer m\u00e1s all\u00e1 de \u00a0toda \u00a0duda \u00a0si \u00a0mediante una acci\u00f3n que desencadena un proceso de interferencia \u00a0intersubjetivo \u00a0se \u00a0vulner\u00f3 \u00a0o \u00a0se \u00a0puso \u00a0en riesgo un bien jur\u00eddico concreto. \u00a02 \u00a0\u00a0<\/p>\n<p>\u00a0 \u00a0\u00a0 \u00a0\u00a0 \u00a0\u00a0Con \u00a0este \u00a0fin, \u00a0es importante advertir que en conductas como la que \u00a0se \u00a0imputa \u00a0al \u00a0procesado, \u00a0el \u00a0n\u00facleo \u00a0de \u00a0la \u00a0prohibici\u00f3n se concentra en el \u00a0acuerdo \u00a0de \u00a0voluntades, \u00a0debido \u00a0a \u00a0que \u00a0se trata de tipos de mera conducta que \u00a0anticipan \u00a0la \u00a0barrera \u00a0de \u00a0protecci\u00f3n \u00a0penal \u00a0y \u00a0que por lo tanto concretan el \u00a0contenido \u00a0de \u00a0la \u00a0antijuridicidad \u00a0en \u00a0diferentes \u00a0niveles \u00a0de \u00a0riesgo \u00a0para la \u00a0seguridad \u00a0jur\u00eddica, \u00a0como la Sala lo ha precisado al referirse a la estructura \u00a0dogm\u00e1tica \u00a0de \u00a0las diferentes escalas de injusto que define el art\u00edculo 340 de \u00a0la ley 599 de 2000, aplicable al caso que se juzga: \u00a0\u00a0<\/p>\n<p>\u00a0 \u00a0\u00a0 \u00a0\u00a0 \u00a0\u00a0\u201cEl \u00a0art\u00edculo \u00a0340 \u00a0del C\u00f3digo Penal \u00a0define \u00a0diversas \u00a0formas \u00a0de \u00a0ataque \u00a0al \u00a0bien \u00a0jur\u00eddico \u00a0que denotan la manera \u00a0progresiva \u00a0como \u00a0se \u00a0atenta \u00a0contra \u00a0la \u00a0seguridad p\u00fablica. As\u00ed, en el inciso \u00a0segundo, \u00a0es \u00a0el \u00a0acuerdo de voluntades para promocionar, organizar, financiar o \u00a0armar \u00a0grupos armados al margen de la ley lo que le da sentido al injusto, en el \u00a0contexto \u00a0de \u00a0una modalidad muy propia de los tipos de peligro; y en el tercero, \u00a0desde \u00a0la \u00a0\u00f3ptica \u00a0de \u00a0la \u00a0efectiva \u00a0lesi\u00f3n, se sanciona la conducta de armar, \u00a0financiar \u00a0o \u00a0promocionar a tales grupos. Eso implica que se describen conductas \u00a0secuenciales \u00a0en \u00a0escala \u00a0de \u00a0menor \u00a0a \u00a0mayor gravedad cuya lesividad se refleja \u00a0precisamente \u00a0en \u00a0el \u00a0tratamiento \u00a0punitivo, \u00a0como \u00a0corresponde \u00a0al principio de \u00a0proporcionalidad. \u00a0\u00a0<\/p>\n<p>\u201cEn \u00a0la \u00a0escala progresiva de protecci\u00f3n \u00a0de\u00a0 \u00a0bienes \u00a0jur\u00eddicos, \u00a0el \u00a0acuerdo \u00a0que \u00a0da \u00a0origen \u00a0al \u00a0concierto \u00a0para \u00a0organizar, \u00a0promover, \u00a0armar \u00a0o \u00a0financiar \u00a0grupos \u00a0al \u00a0margen \u00a0de \u00a0la \u00a0ley, \u00a0se \u00a0diferencia \u00a0de \u00a0la \u00a0efectiva \u00a0organizaci\u00f3n, \u00a0fomento, \u00a0promoci\u00f3n, direcci\u00f3n y \u00a0financiaci\u00f3n \u00a0del \u00a0concierto, moldeando diferentes penas seg\u00fan la ponderaci\u00f3n \u00a0del \u00a0aporte que se traduce en un mayor desvalor de la conducta y en un juicio de \u00a0exigibilidad \u00a0personal \u00a0y \u00a0social \u00a0mucho m\u00e1s dr\u00e1stico para quien efectivamente \u00a0organiza, \u00a0fomenta, \u00a0promueve, \u00a0arma o financia el concierto para delinquir, que \u00a0para \u00a0 \u00a0quien \u00a0 s\u00f3lo \u00a0 lo \u00a0 acuerda.\u2019\u201d \u00a0 \u00a0 \u00a0 \u00a0 \u00a0 \u00a0 \u00a0 \u00a0 \u00a0 3 \u00a0\u00a0<\/p>\n<p>\u00a0 \u00a0<\/p>\n<p>\u00a0 \u00a0\u00a0 \u00a0\u00a0 \u00a0\u00a0Ahora \u00a0bien, \u00a0la \u00a0descripci\u00f3n de la conducta que hace el legislador \u00a0en \u00a0el segundo aparte del art\u00edculo 340 del c\u00f3digo penal, permite asumir que la \u00a0prohibici\u00f3n \u00a0se \u00a0dirige \u00a0a \u00a0evitar los riesgos contra la seguridad p\u00fablica que \u00a0pueden \u00a0surgir al \u201cpromover\u201d grupos armados al margen de la ley, entre otras \u00a0posibilidades, \u00a0con \u00a0motivo \u00a0de \u00a0la \u00a0alianza \u00a0entre \u00a0pol\u00edticos y organizaciones \u00a0criminales \u00a0o \u00a0aparatos \u00a0organizados \u00a0de poder, pero sin que ello signifique que \u00a0esa \u00a0intervenci\u00f3n \u00a0le \u00a0confiera status pol\u00edtico a una conducta entrelazada con \u00a0la seguridad p\u00fablica y no con el orden constitucional, pues \u00a0\u00a0<\/p>\n<p>\u00a0 \u00a0\u00a0 \u00a0\u00a0 \u00a0\u00a0\u201cComo \u00a0corresponde \u00a0a \u00a0la \u00a0realidad \u00a0de las cosas, n\u00f3tese que el \u00a0acuerdo \u00a0de \u00a0voluntades \u00a0para \u00a0promover \u00a0grupos \u00a0armados \u00a0al margen de la ley no \u00a0requiere \u00a0de \u00a0cualificaciones \u00a0especiales \u00a0en \u00a0el \u00a0sujeto agente, aun cuando s\u00ed \u00a0resulta \u00a0muy \u00a0significativo, \u00a0para \u00a0lo que ahora importa, el que a \u00e9l concurran \u00a0representantes \u00a0de \u00a0grupos de autodefensa o paramilitares y pol\u00edticos del orden \u00a0local \u00a0o \u00a0regional. \u00a0Tal \u00a0vez \u00a0por eso, desde la perspectiva que mira m\u00e1s a los \u00a0gestores \u00a0del \u00a0acuerdo \u00a0que \u00a0a \u00a0la \u00a0conducta \u00a0misma, se piensa que por concurrir \u00a0actores \u00a0pol\u00edticos \u00a0el \u00a0acuerdo \u00a0se convierte en pol\u00edtico, en lugar del com\u00fan \u00a0que \u00a0se \u00a0define \u00a0por el contenido de la conducta y por su finalidad y no por los \u00a0actores \u00a0 \u00a0 \u00a0 del \u00a0 \u00a0 \u00a0 mismo.\u201d\u00a0 \u00a0 \u00a0 \u00a0 4 \u00a0\u00a0<\/p>\n<p>\u00a0 \u00a0\u00a0 \u00a0\u00a0 \u00a0\u00a0Tercero. Por lo demostrado, existe certeza \u00a0de \u00a0 \u00a0que \u00a0 Ricardo \u00a0 Elcure \u00a0 Chac\u00f3n \u00a0 se \u00a0concert\u00f3 \u00a0con las autodefensas del Bloque Catatumbo durante una \u00a0\u00e9poca \u00a0que, \u00a0para conservar la simetr\u00eda entre la acusaci\u00f3n y la sentencia, se \u00a0reduce\u00a0 \u00a0al \u00a0periodo \u00a0en el cual se llev\u00f3 a cabo el proceso pol\u00edtico para \u00a0elegir gobernadores en las elecciones regionales del a\u00f1o 2003. \u00a0\u00a0<\/p>\n<p>\u00a0 \u00a0\u00a0 \u00a0\u00a0 \u00a0\u00a0En \u00a0ese \u00a0orden \u00a0de \u00a0ideas \u00a0y \u00a0para \u00a0contextualizar \u00a0el estudio de la \u00a0conducta, \u00a0v\u00e9ase que la acci\u00f3n del paramilitarismo en el departamento de Norte \u00a0de \u00a0Santander fue esencialmente violenta, como lo reconoci\u00f3 Jorge Iv\u00e1n Laverde \u00a0Zapata, \u00a0alias \u00a0\u201cel \u00a0iguano\u201d, \u00a0en \u00a0las oportunidades en las que concurri\u00f3 a \u00a0declarar \u00a0en \u00a0el proceso y que le permiti\u00f3 a la Corte se\u00f1alar en su momento lo \u00a0siguiente: \u00a0\u00a0<\/p>\n<p>\u00a0 \u00a0\u00a0 \u00a0\u00a0 \u00a0\u00a0\u201cActuando \u00a0 bajo \u00a0 un \u00a0\u2018c\u00f3digo \u00a0 \u00a0de \u00a0 \u00a0\u00e9tica\u2019 \u00a0que les autorizaba eliminar al enemigo, el paramilitarismo lleg\u00f3 \u00a0con \u00a0sus \u00a0frentes \u00a0al \u00a0departamento \u00a0de \u00a0Norte de Santander, en principio con la \u00a0aparente \u00a0y \u00a0\u00fanica \u00a0misi\u00f3n \u00a0de \u00a0exterminar \u00a0a \u00a0quien se opusiera a su proyecto \u00a0militar \u00a0y \u00a0de \u00a0corresponder \u00a0a \u00a0la \u00a0auto \u00a0idea de solventar las deficiencias de \u00a0seguridad \u00a0del \u00a0Estado. \u00a0Con \u00a0ese \u00a0fin, bastaba, seg\u00fan lo reconoce Jorge \u00a0 Iv\u00e1n \u00a0 Laverde \u00a0 Zapata, \u00a0Pedro \u00a0Fronteras \u00a0 \u00a0 \u00a0 \u00a0 o \u00a0 \u00a0 \u00a0 \u00a0 el \u00a0 \u00a0 \u00a0 \u00a0 Iguano5 \u00a0\u00a0<\/p>\n<p>, \u00a0que \u00a0fuentes \u00a0no \u00a0conexas \u00a0se\u00f1alaran al \u00a0\u201cdisidente\u201d \u00a0para \u00a0ordenar su asesinato, en el marco de una actividad ilegal \u00a0que \u00a0al \u00a0estudiar y seleccionar a la v\u00edctima garantizaba la \u201ctransparencia\u201d \u00a0de sus actos. \u00a0\u00a0<\/p>\n<p>\u201cSiguiendo \u00a0 las \u00a0 \u00f3rdenes \u00a0de \u00a0Carlos \u00a0Casta\u00f1o, \u00a0 Jorge \u00a0Iv\u00e1n \u00a0Laverde \u00a0Zapata \u00a0lleg\u00f3 \u00a0a \u00a0Norte \u00a0de Santander en 1999 como tercer comandante del \u00a0Frente \u00a0fronteras, \u00a0lugar \u00a0en \u00a0donde junto a Armando Alberto P\u00e9rez Betancur, un \u00a0Capit\u00e1n \u00a0retirado \u00a0del \u00a0ej\u00e9rcito \u00a0conocido \u00a0como \u00a0Camilo \u00a0u Omega 6, \u00a0librar\u00eda \u00a0una \u00a0guerra \u00a0especialmente violenta, corta, dura y mucho m\u00e1s profunda que la de \u00a0Urab\u00e1 \u00a0 \u00a07, \u00a0construyendo \u00a0un liderazgo dentro de la ilegalidad que seg\u00fan su \u00a0propia \u00a0 versi\u00f3n \u00a0le \u00a0permitir\u00eda \u00a0moverse \u00a0\u201cen \u00a0C\u00facuta \u00a0libremente \u00a0con \u00a015 \u00a0escoltas; \u00a0 todo \u00a0 el \u00a0 mundo \u00a0 sab\u00eda \u00a0 que \u00a0 era \u00a0 el \u00a0comandante \u00a0del \u00a0Frente \u00a0Fronteras.\u201d \u00a0\u00a0<\/p>\n<p>Cont\u00f3, \u00a0para \u00a0eso, \u00a0con \u00a0la \u00a0ayuda de Jorge \u00a0D\u00edaz, \u00a0Director \u00a0del \u00a0Departamento \u00a0Administrativo \u00a0de \u00a0Seguridad \u00a0en \u00a0Norte de \u00a0Santander, \u00a0un \u00a0personaje \u00a0siniestro \u00a0que lleg\u00f3 a ocupar ese cargo gracias a la \u00a0relaci\u00f3n \u00a0que \u00a0estableci\u00f3 \u00a0con \u00a0Jorge Noguera, luego que el general Rito Alejo \u00a0del \u00a0R\u00edo, \u00a0Ricardo \u00a0Elcure \u00a0y Pedro Juan Moreno, cuando no otros miembros de la \u00a0sociedad de C\u00facuta, los presentaran. \u00a0\u00a0<\/p>\n<p>La \u00a0prueba \u00a0de \u00a0este hecho no est\u00e1 en duda, \u00a0pues \u00a0Jorge \u00a0Noguera \u00a0dio a conocer ese episodio en declaraci\u00f3n rendida ante un \u00a0Fiscal \u00a0de la Unidad Nacional de Derechos Humanos el d\u00eda 26 de julio de 2007 en \u00a0los siguientes t\u00e9rminos: \u00a0\u00a0<\/p>\n<p>\u201cDespacho: \u00a0Indique \u00a0si \u00a0usted \u00a0conoce al \u00a0se\u00f1or \u00a0Jorge \u00a0Enrique \u00a0D\u00edaz \u00a0S\u00e1nchez, \u00a0en \u00a0caso \u00a0cierto, \u00a0los \u00a0motivos de ese \u00a0conocimiento. \u00a0Contesto: Si \u00a0lo \u00a0conoc\u00ed. \u00a0Lo \u00a0nombre como Director del Das, seccional Norte de Santander. No \u00a0recuerdo \u00a0bien ahora como lo conoc\u00ed, sino recuerdo mal creo que me lo present\u00f3 \u00a0Ricardo \u00a0Alcure o Elcure, no recuerdo muy bien el apellido y creo que el general \u00a0Rito \u00a0 Alejo \u00a0 del \u00a0 R\u00edo \u00a0 y \u00a0 talvez \u00a0 Pedro \u00a0Juan \u00a0Moreno\u2026\u201d \u00a08 \u00a0\u00a0<\/p>\n<p>Sin \u00a0 embargo, \u00a0 el \u00a0 doctor \u00a0Elcure \u00a0Chac\u00f3n \u00a0y \u00a0su \u00a0defensor pretenden \u00a0restarle \u00a0 importancia \u00a0 al \u00a0tema, \u00a0con \u00a0el \u00a0fin \u00a0de \u00a0poner \u00a0en \u00a0entredicho \u00a0las \u00a0afirmaciones \u00a0de \u00a0Jorge Iv\u00e1n Laverde Zapata, quien asegur\u00f3 que fue Jorge D\u00edaz \u00a0quien \u00a0puso \u00a0en \u00a0contacto \u00a0al \u00a0senador \u00a0con \u00a0las \u00a0autodefensas \u00a0y \u00a0que \u00e9stas le \u00a0entregaron \u00a0por \u00a0intermedio \u00a0de \u00a0aquel \u00a0buena \u00a0parte del dinero que requer\u00eda su \u00a0campa\u00f1a. En la diligencia de audiencia p\u00fablica se\u00f1al\u00f3: \u00a0\u00a0<\/p>\n<p>\u201cMe \u00a0reun\u00ed \u00a0tres \u00a0veces \u00a0con el chico en \u00a0Puerto \u00a0Santander. \u00a0Camilo \u00a0me \u00a0coment\u00f3 que solicit\u00f3 una financiaci\u00f3n para la \u00a0campa\u00f1a. \u00a0Se \u00a0acord\u00f3 \u00a0entregarle \u00a080 \u00a0millones de los 200 que ped\u00eda y lo hizo \u00a0alias \u00a0Mauro \u00a0a \u00a0trav\u00e9s de Jorge D\u00edaz. No me acuerdo muy bien como influy\u00f3 en \u00a0el \u00a0nombramiento \u00a0de \u00a0Jorge \u00a0D\u00edaz, \u00a0pero fue Jorge D\u00edaz quien nos present\u00f3 al \u00a0Chico Elcure.\u201d \u00a0\u00a0<\/p>\n<p>Pese \u00a0a \u00a0que \u00a0tambi\u00e9n \u00a0Jorge \u00a0Iv\u00e1n Laverde \u00a0Zapata, \u00a0\u201cel \u00a0iguano\u201d \u2013 \u00a0jefe \u00a0de \u00a0las \u00a0autodefensas al que ahora con base en su personal conocimiento el \u00a0defensor \u00a0pretende \u00a0degradar \u00a0al \u00a0nivel \u00a0de \u00a0un \u00a0mero \u00a0operario del grupo ilegal \u00a0\u2013, \u00a0 es \u00a0 enf\u00e1tico \u00a0en \u00a0se\u00f1alar \u00a0 la \u00a0 importancia \u00a0 del \u00a0aporte \u00a0de \u00a0Jorge \u00a0D\u00edaz \u00a0y \u00a0de \u00a0Ricardo \u00a0Elcure \u00a0Chac\u00f3n \u00a0a \u00a0la \u00a0criminalidad \u00a0organizada, el procesado \u00a0pretendi\u00f3 \u00a0 en \u00a0su \u00a0indagatoria \u00a0desembarazarse \u00a0de \u00a0cualquier \u00a0relaci\u00f3n \u00a0para \u00a0esconder su aporte al grupo armado ilegal. \u00a0\u00a0<\/p>\n<p>Al \u00a0ser \u00a0preguntado \u00a0si \u00a0conoc\u00eda \u00a0a Laverde \u00a0Zapata \u00a0y a Jorge D\u00edaz, importantes miembros de las autodefensas, al \u00faltimo de \u00a0los \u00a0cu\u00e1les \u00a0incluso \u00a0recomend\u00f3 \u00a0para \u00a0desempe\u00f1arse \u00a0como \u00a0jefe \u00a0del \u00a0Das \u00a0en \u00a0Santander, dijo: \u00a0\u00a0<\/p>\n<p>\u201cA \u00a0 mi \u00a0 como \u00a0 no \u00a0 me \u00a0 corresponde \u00a0pr\u00e1cticamente \u00a0la \u00a0carga \u00a0de la prueba, yo si estoy en condiciones de demostrar \u00a0que \u00a0jam\u00e1s \u00a0conoc\u00ed \u00a0a ese se\u00f1or ni a ning\u00fan miembro de esa organizaci\u00f3n que \u00a0\u00e9l \u00a0manejaba \u00a0en \u00a0Norte de Santander. Nosotros si podemos demostrar que tuvimos \u00a0una \u00a0 campa\u00f1a \u00a0 limpia, \u00a0que \u00a0no \u00a0tuvimos \u00a0manejos \u00a0por \u00a0fuera \u00a0de \u00a0la \u00a0ley.\u201d \u00a09 \u00a0\u00a0<\/p>\n<p>Luego puntualiz\u00f3: \u00a0<\/p>\n<p>\u201cPreguntado: \u00a0 Usted, \u00a0intervino \u00a0en \u00a0el \u00a0nombramiento \u00a0 \u00a0de \u00a0 \u00a0Jorge \u00a0 \u00a0D\u00edaz \u00a0 \u00a0como \u00a0 \u00a0jefe \u00a0 del \u00a0 DAS? \u00a0 Contest\u00f3: \u00a0No, jam\u00e1s particip\u00e9 porque \u00a0ni \u00a0antes \u00a0ni durante la campa\u00f1a yo ten\u00eda poder alguno en Norte de Santander o \u00a0a \u00a0nivel nacional. Por lo tanto no ten\u00eda como influir, si de eso se trataba, en \u00a0la \u00a0designaci\u00f3n \u00a0de \u00a0un \u00a0funcionario \u00a0que \u00a0le \u00a0corresponde \u00a0designarlo al orden \u00a0nacional.\u201d 10 \u00a0\u00a0<\/p>\n<p>\u00a0 \u00a0\u00a0 \u00a0\u00a0 \u00a0\u00a0El \u00a0 \u00a0hecho \u00a0 de \u00a0 que \u00a0 Ricardo \u00a0 Elcure \u00a0hubiese \u00a0influido \u00a0para \u00a0que \u00a0Jorge D\u00edaz dirigiera la \u00a0inteligencia \u00a0estatal \u00a0en Norte de Santander pudiera en apariencia no significar \u00a0mucho, \u00a0pero \u00a0en \u00a0el \u00a0contexto \u00a0del aporte del senador al andamiaje de un aparto \u00a0organizado \u00a0de \u00a0poder, \u00a0para \u00a0el que resultaba sumamente importante controlar la \u00a0seguridad \u00a0 del \u00a0 Estado, \u00a0si \u00a0explica \u00a0suficientemente \u00a0por \u00a0qu\u00e9 \u00a0\u2013 seg\u00fan lo dijeron Jorge Iv\u00e1n Laverde \u00a0Zapata \u00a0 y \u00a0 Jos\u00e9 \u00a0 Lozada \u00a0 Artuz \u00a0 \u2013, \u00a0a \u00a0partir \u00a0de esas relaciones el jefe del DAS fue el encargado de \u00a0recibir \u00a0el efectivo para financiar la campa\u00f1a del tambi\u00e9n a la postre miembro \u00a0de \u00a0la \u00a0organizaci\u00f3n \u00a0ilegal, \u00a0hecho \u00a0que seguramente no habr\u00eda ocurrido de no \u00a0existir \u00a0 \u00a0 la \u00a0 \u00a0 suficiente \u00a0 \u00a0 confianza \u00a0 \u00a0 entre \u00a0 \u00a0 D\u00edaz, \u00a0 \u00a0Elcure \u00a0y \u00a0el grupo armado al margen de la \u00a0ley. \u00a0\u00a0<\/p>\n<p>Si a eso se agrega que durante las elecciones \u00a0regionales \u00a0del \u00a0a\u00f1o 2003, Carlos Armando Bastos Fern\u00e1ndez fue obligado por un \u00a0grupo \u00a0de \u00a0las autodefensas comandado por El\u00edas Galvis, alias \u201cPacho\u201d, jefe \u00a0pol\u00edtico \u00a0del \u00a0grupo ilegal, a asistir a una manifestaci\u00f3n p\u00fablica de apoyo a \u00a0la \u00a0aspiraci\u00f3n \u00a0de \u00a0Ricardo \u00a0Elcure \u00a0Chac\u00f3n, entonces no \u00a0queda \u00a0duda \u00a0de la alianza entre el paramilitarismo y el entonces candidato a la \u00a0gobernaci\u00f3n. \u00a0Empero, \u00a0para \u00a0restarle \u00a0valor \u00a0a \u00a0la \u00a0carga argumentativa que se \u00a0infiere \u00a0de ese hecho, la defensa pretende que se aprecie aisladamente su efecto \u00a0simb\u00f3lico \u00a0y \u00a0destacar \u00a0contradicciones menores para desconocer la fuerza de la \u00a0inferencia que surge de ese episodio. \u00a0\u00a0<\/p>\n<p>Con \u00a0esa finalidad, dirigi\u00f3 su cr\u00edtica a \u00a0detalles \u00a0acerca \u00a0de \u00a0como el testigo describi\u00f3 la manera como fue conducido al \u00a0acto \u00a0p\u00fablico, \u00a0olvidando que la prueba debe apreciarse en conjunto11 \u00a0\u00a0<\/p>\n<p>y que las contradicciones menores inherentes \u00a0al \u00a0relato \u00a0no \u00a0afectan \u00a0la \u00a0esencia \u00a0de su contenido, en la medida que ellas no \u00a0vulneren \u00a0el \u00a0principio de no contradicci\u00f3n, tan en la base de la sana cr\u00edtica \u00a0como \u00a0 elemento \u00a0 de \u00a0 apreciaci\u00f3n \u00a0 de \u00a0 la \u00a0 prueba \u00a0testimonial.12\u00a0 \u00a0\u00a0<\/p>\n<p>Ahora, \u00a0es \u00a0probable que en ciertos casos se \u00a0vulnere \u00a0la \u00a0ley \u00a0de \u00a0la \u00a0l\u00f3gica \u00a0cuando al apreciar el testimonio \u2013 \u00a0solo o en relaci\u00f3n con otros medios \u00a0de \u00a0 conocimiento \u00a0\u2013, \u00a0se \u00a0ocultan \u00a0contradicciones esenciales que distorsionan la aproximaci\u00f3n racional a \u00a0la \u00a0verdad, cuesti\u00f3n que desde luego no ocurre cuando matices o variaciones que \u00a0subyacen \u00a0en la declaraci\u00f3n no afectan el contenido sustancial del relato, como \u00a0sucede en este caso. \u00a0\u00a0<\/p>\n<p>Si se analiza el testimonio de Carlos Armando \u00a0Bastos \u00a0se \u00a0pueden \u00a0encontrar \u00a0algunas \u00a0fisuras en el relato acerca de c\u00f3mo los \u00a0paramilitares \u00a0lo \u00a0condujeron \u00a0a \u00a0la \u00a0manifestaci\u00f3n \u00a0organizada \u00a0para apoyar el \u00a0proyecto \u00a0 partidista \u00a0de \u00a0Elcure \u00a0Chac\u00f3n, \u00a0pero \u00a0asimismo \u00a0no \u00a0se pude ocultar que siempre afirm\u00f3 que Elias \u00a0Galvis, \u00a0alias \u00a0\u201cPacho\u201d, \u00a0fue \u00a0quien \u00a0lo \u00a0convoc\u00f3 a asistir en nombre de la \u00a0organizaci\u00f3n \u00a0ilegal, \u00a0como \u00a0en \u00a0efecto \u00a0tuvo \u00a0que \u00a0hacerlo \u00a0para manifestar su \u00a0solidaridad \u00a0 p\u00fablica \u00a0 con \u00a0 un \u00a0 movimiento \u00a0 al \u00a0 que \u00a0 no \u00a0 deseaba \u00a0apoyar \u00a0voluntariamente. \u00a0\u00a0<\/p>\n<p>Ahora bien, la decidida importancia de alias \u00a0\u201cPacho\u201d \u00a0en \u00a0la \u00a0direcci\u00f3n \u00a0pol\u00edtica \u00a0del proyecto paramilitar no est\u00e1 en \u00a0duda13 \u00a0\u00a0<\/p>\n<p>, \u00a0como \u00a0tampoco \u00a0su \u00a0intervenci\u00f3n \u00a0en la \u00a0campa\u00f1a \u00a0de \u00a0Ricardo Elcure, \u00a0ni \u00a0su \u00a0influencia \u00a0en \u00a0las \u00a0actividades pol\u00edticas de Pamplona, donde manten\u00eda \u00a0relaciones \u00a0 muy \u00a0estrechas \u00a0con \u00a0Claudia \u00a0Cecilia \u00a0Buitrago, \u00a0concejal \u00a0de \u00a0ese \u00a0municipio \u00a0procesada \u00a0por \u00a0su \u00a0pertenencia \u00a0a \u00a0la \u00a0organizaci\u00f3n \u00a0armada \u00a0ilegal \u00a014, \u00a0raz\u00f3n \u00a0por \u00a0la \u00a0cual \u00a0no \u00a0es \u00a0para \u00a0nada \u00a0improbable que hubiese \u00a0decidido \u00a0a \u00a0toda \u00a0costa, \u00a0como \u00a0lo \u00a0relat\u00f3 el testigo, buscar el apoyo para el \u00a0candidato que respaldaba su organizaci\u00f3n. \u00a0\u00a0<\/p>\n<p>Por \u00a0eso las contradicciones a las cuales se \u00a0refiere \u00a0la \u00a0defensa \u00a0no \u00a0tienen la connotaci\u00f3n que les pretende atribuir, pues \u00a0que \u00a0haya \u00a0sido \u00a0en \u00a0moto \u00a0o \u00a0en \u00a0carro, \u00a0por \u00a0dos \u00a0o \u00a0tres \u00a0personas, o que los \u00a0paramilitares \u00a0lo \u00a0sacaron de la sala para llevarlo a la manifestaci\u00f3n, o de la \u00a0puerta \u00a0de \u00a0su casa, en nada afecta lo esencial del contenido de la declaraci\u00f3n \u00a0de \u00a0Carlos \u00a0Armando \u00a0Bastos, que entre otras cosas corrobora la alianza entre el \u00a0paramilitarismo \u00a0 y \u00a0 el \u00a0 candidato \u00a0 Elcure \u00a0Chac\u00f3n \u00a0que \u00a0otros \u00a0medios \u00a0de \u00a0prueba, \u00a0como se ha explicado, \u00a0igualmente confirman. \u00a0\u00a0<\/p>\n<p>De \u00a0otra \u00a0parte, \u00a0a\u00fan \u00a0cuando \u00a0el \u00a0doctor \u00a0Ricardo \u00a0 \u00a0Elcure \u00a0Chac\u00f3n, \u00a0acudiendo \u00a0a \u00a0la \u00a0manida \u00a0f\u00f3rmula \u00a0de \u00a0que \u00a0la \u00a0carga \u00a0de la prueba le corresponde al Estado, haya negado \u00a0cualquier \u00a0tipo \u00a0de v\u00ednculos con el grupo armado ilegal, lo cierto es que desde \u00a0el \u00a0interior de su movimiento se impartieron directrices para acordar con El\u00edas \u00a0Galvis, \u00a0alias \u00a0\u201cPacho\u201d \u00a0los \u00a0detalles relacionados con la financiaci\u00f3n del \u00a0\u00faltimo \u00a0periodo \u00a0de la campa\u00f1a, como lo asegur\u00f3 Ovidio Navarro Ur\u00f3n no s\u00f3lo \u00a0en \u00a0audiencia, sino en su primera declaraci\u00f3n y a\u00fan el d\u00eda 12 de diciembre de \u00a02003, \u00a0fecha \u00a0muy \u00a0cercana \u00a0a los hechos que se juzgan, en diligencia practicada \u00a0por la Unidad de Derechos Humanos de la Fiscal\u00eda. \u00a0\u00a0<\/p>\n<p>Al ser preguntado acerca de su conversaci\u00f3n \u00a0con alias \u201cPacho\u201d, sostuvo: \u00a0\u00a0<\/p>\n<p>\u201cSi, \u00a0esa \u00a0llamada \u00a0es \u00a0m\u00eda. \u00a0Nosotros \u00a0est\u00e1bamos \u00a0avalados \u00a0por \u00a0el partido liberal apoyando la candidatura del doctor \u00a0Basilio \u00a0Villamizar y como \u00e9l declin\u00f3 a dicha candidatura nosotros adherimos a \u00a0la \u00a0candidatura \u00a0de \u00a0Ricardo Eljure (sic), conocido como el Chico, por lo tanto, \u00a0la \u00a0llamada que aparece es debido a que el coordinador que hab\u00edan nombrado para \u00a0esa \u00a0zona \u00a0por \u00a0dicho candidato era un se\u00f1or \u201cPacho\u201d del cual me dieron ese \u00a0tel\u00e9fono \u00a0para \u00a0que \u00a0yo \u00a0llamara y consiguiera esos recursos\u2026\u201d 15 \u00a0\u00a0<\/p>\n<p>Al \u00a0pedirle, \u00a0en \u00a0una sesi\u00f3n posterior, que \u00a0concretara ese episodio, manifest\u00f3:\u00a0 \u00a0\u00a0<\/p>\n<p>\u201cEn \u00a0vista \u00a0de \u00a0que \u00a0las \u00a0elecciones \u00a0se \u00a0aproximaban \u00a0y \u00a0nosotros no recib\u00edamos ninguna ayuda, yo como cabeza de lista y \u00a0como \u00a0 concejal \u00a0 activo, \u00a0 y \u00a0como \u00a0por \u00a0m\u00e1s \u00a0facilidades \u00a0para \u00a0transportarme \u00a0econ\u00f3micamente \u00a0 \u00a0me \u00a0 \u00a0dirig\u00ed \u00a0 \u00a0a \u00a0 \u00a0la \u00a0 sede \u00a0 del \u00a0 doctor \u00a0 Elcure donde me dieron el tel\u00e9fono para \u00a0que \u00a0llamara \u00a0a \u00a0la \u00a0persona que iba a manejar la parte de los municipios, entre \u00a0ellos Tib\u00fa\u2026 \u00a0\u00a0<\/p>\n<p>\u201cVoy \u00a0a \u00a0la \u00a0oficina \u00a0de Telecom, hago la \u00a0llamada \u00a0en \u00a0la cual me identifico con mi nombre completo: Ovidio Navarro Ur\u00f3n, \u00a0concejal \u00a0del municipio de Tib\u00fa. La persona que me contesta, Pacho, me dice que \u00a0si, \u00a0 que \u00a0 \u00e9l \u00a0 es \u00a0 la \u00a0persona \u00a0que \u00a0va \u00a0a \u00a0manejar \u00a0eso\u2026\u201d \u00a016 \u00a0\u00a0<\/p>\n<p>Que \u00a0 en \u00a0una \u00a0comunicaci\u00f3n \u00a0interceptada \u00a0legalmente, \u00a0 Navarro \u00a0Ur\u00f3n \u00a0hubiese \u00a0tratado \u00a0con \u00a0alias \u00a0\u201cPacho\u201d \u00a0asuntos \u00a0relacionados \u00a0 con \u00a0 la \u00a0 financiaci\u00f3n \u00a0 de \u00a0 la \u00a0 campa\u00f1a \u00a0 de \u00a0 Ricardo \u00a0Elcure \u00a0Chac\u00f3n \u00a0en el municipio de Tib\u00fa, confirma que el jefe \u00a0pol\u00edtico \u00a0de las autodefensas ten\u00eda capacidad de decisi\u00f3n en aspectos vitales \u00a0de \u00a0la \u00a0organizaci\u00f3n del candidato, pues se trata de una prueba que corresponde \u00a0hist\u00f3ricamente \u00a0al periodo en el cual se llev\u00f3 a cabo el proceso electoral del \u00a0a\u00f1o 2003. \u00a0\u00a0<\/p>\n<p>A \u00a0falta de mejores razones para impugnar la \u00a0credibilidad \u00a0del \u00a0testimonio \u00a0de \u00a0Ovidio \u00a0Navarro, \u00a0la defensa ech\u00f3 mano de la \u00a0declaraci\u00f3n \u00a0de \u00a0Jos\u00e9 \u00a0Antonio \u00a0Cote, \u00a0testigo a quien el Se\u00f1or Procurador le \u00a0censura \u00a0su evidente parcialidad. Tiene raz\u00f3n, pues Jos\u00e9 Antonio Cote asegur\u00f3 \u00a0que \u00a0Ovidio \u00a0Navarro apoy\u00f3 la aspiraci\u00f3n de Basilio Villamizar, candidato a la \u00a0gobernaci\u00f3n \u00a0 \u00a0del \u00a0 \u00a0departamento \u00a0 \u00a0que \u00a0 \u00a0no \u00a0 \u00a0adhiri\u00f3 \u00a0 \u00a0a \u00a0 Ricardo \u00a0Elcure Chac\u00f3n. Sin embargo, es el \u00a0mismo \u00a0 procesado \u00a0 en \u00a0 su \u00a0diligencia \u00a0de \u00a0indagatoria \u00a0quien \u00a0se \u00a0encarga \u00a0de \u00a0desmentirlo: \u00a0\u00a0<\/p>\n<p>\u201cSe present\u00f3 una situaci\u00f3n muy especial, \u00a0nosotros \u00a0hicimos \u00a0alianza \u00a0con \u00a0un candidato, el doctor Basilio Villamizar, que \u00a0decidi\u00f3 \u00a0declinar \u00a0y \u00a0adherir \u00a0a \u00a0la \u00a0candidatura \u00a0nuestra, \u00a0nos \u00a0apoyaron \u00a0los \u00a0candidatos \u00a0 al \u00a0concejo \u00a0de \u00a0Tib\u00fa \u00a0por \u00a0parte \u00a0de \u00a0Basilio, \u00a0no \u00a0recuerdo \u00a0sus \u00a0nombres.\u201d 17 \u00a0\u00a0<\/p>\n<p>La \u00a0 conclusi\u00f3n \u00a0se \u00a0impone: \u00a0si \u00a0Basilio \u00a0Villamizar \u00a0acompa\u00f1\u00f3 \u00a0a \u00a0Ricardo \u00a0Elcure \u00a0en el \u00faltimo trayecto de su campa\u00f1a y si los concejales de Tib\u00fa \u00a0de \u00a0su corriente tambi\u00e9n lo hicieron, entonces es explicable que Ovidio Navarro \u00a0Ur\u00f3n \u00a0se \u00a0hubiese comunicado con el encargado de los aspectos log\u00edsticos de la \u00a0campa\u00f1a \u00a0 del \u00a0 doctor \u00a0 Elcure \u00a0Chac\u00f3n, \u00a0 tal \u00a0 como \u00a0 qued\u00f3 \u00a0 al \u00a0 descubierto \u00a0 con \u00a0 la \u00a0comunicaci\u00f3n \u00a0interceptada. \u00a0\u00a0<\/p>\n<p>Cuarto. Con el fin \u00a0de \u00a0cerrar \u00a0el \u00a0c\u00edrculo, \u00a0aparte \u00a0de los medios de prueba indicados, v\u00e9ase que \u00a0Jorge \u00a0 \u00a0Iv\u00e1n \u00a0 \u00a0Laverde \u00a0 \u00a0Zapata, \u00a0 alias \u00a0 \u201cel \u00a0iguano\u201d \u00a0 y \u00a0 Jos\u00e9 \u00a0Antonio \u00a0Lozada \u00a0Artuz, \u00a0alias \u00a0\u201cMauro\u201d, \u00a0coordinaron a \u00a0trav\u00e9s \u00a0de \u00a0Jorge \u00a0D\u00edaz \u2013 \u00a0el \u00a0jefe \u00a0del \u00a0Das \u00a0a \u00a0quien Ricardo Elcure \u00a0dijo \u00a0no \u00a0conocer \u00a0pero al que seg\u00fan se ha probado relacion\u00f3 con \u00a0Jorge \u00a0 \u00a0 \u00a0Noguera \u00a0 \u00a0 \u00a0para \u00a0 \u00a0 \u00a0ocupar \u00a0 \u00a0 \u00a0esa \u00a0 \u00a0 \u00a0dignidad \u00a0 \u00a0 \u2013, \u00a0la \u00a0entrega \u00a0de \u00a0alrededor \u00a0de \u00a080 \u00a0millones para financiar la campa\u00f1a pol\u00edtica. \u00a0\u00a0<\/p>\n<p>A \u00a0\u00e9ste \u00a0hecho \u00a0que \u00a0fue \u00a0epicentro \u00a0de las \u00a0decisiones \u00a0mediante \u00a0las cuales se defini\u00f3 la situaci\u00f3n jur\u00eddica y se acus\u00f3 \u00a0al \u00a0doctor \u00a0Elcure Chac\u00f3n de \u00a0la \u00a0conducta \u00a0por \u00a0la \u00a0cual se le juzga, hoy cobra mucha mayor importancia en el \u00a0lenguaje \u00a0 de \u00a0 una \u00a0 prueba \u00a0 que \u00a0converge \u00a0a \u00a0demostrar \u00a0la \u00a0manera \u00a0como \u00a0el \u00a0paramilitarismo \u00a0conjug\u00f3 \u00a0su \u00a0acci\u00f3n \u00a0con \u00a0pol\u00edticos \u00a0de \u00a0la \u00a0regi\u00f3n \u00a0y \u00a0con \u00a0organismos \u00a0estatales \u00a0\u2013 \u00a1 \u00a0el \u00a0Das \u00a0y \u00a0la fiscal\u00eda entre ellos ! \u2013, \u00a0en \u00a0evidente \u00a0perjuicio \u00a0de \u00a0la \u00a0seguridad p\u00fablica que como bien \u00a0jur\u00eddico \u00a0para \u00a0el funcionamiento del sistema qued\u00f3 sometido al vaiv\u00e9n de las \u00a0pol\u00edticas \u00a0trazadas \u00a0por \u00a0los jefes de aparatos organizados de poder, entre las \u00a0que \u00a0se destaca el cobro de \u201cimpuestos\u201d para el cual se dise\u00f1\u00f3 un novedoso \u00a0sistema ideado por el candidato. \u00a0\u00a0<\/p>\n<p>En \u00a0ese \u00a0contexto, \u00a0v\u00e9ase que la entrega de \u00a0dinero \u00a0no \u00a0es \u00a0el \u00fanico elemento que habla del consenso ilegal entre el doctor \u00a0Elcure \u00a0Chac\u00f3n \u00a0y \u00a0el grupo \u00a0armado \u00a0ilegal, \u00a0pero \u00a0s\u00ed \u00a0la \u00a0prueba \u00a0emblem\u00e1tica \u00a0de \u00a0la financiaci\u00f3n de su \u00a0quehacer \u00a0pol\u00edtico \u00a0por \u00a0parte \u00a0del \u00a0paramilitarismo, \u00a0que \u00a0dada la encrucijada \u00a0financiera \u00a0por \u00a0la que atravesaba su campa\u00f1a resultaba crucial para avanzar en \u00a0el intento de alcanzar la gobernaci\u00f3n de Norte de Santander. \u00a0\u00a0<\/p>\n<p>En \u00a0este \u00a0sentido, v\u00e9ase que Oralba Alvarez \u00a0Jaimes, \u00a0contadora, y Patricia y Jorge Elcure Chac\u00f3n, reconocen que la campa\u00f1a \u00a0no \u00a0fue \u00a0boyante y que el tema financiero lo asumi\u00f3 el candidato personalmente, \u00a0lo \u00a0cual \u00a0explica \u00a0la urgencia de lograr un \u201cauxilio\u201d muy superior a la suma \u00a0que finalmente le fue entregada por parte de los ilegales. \u00a0\u00a0<\/p>\n<p>Todo eso demuestra que las excusas de todo \u00a0orden \u00a0que \u00a0el \u00a0sindicado ofreci\u00f3 para negar el injusto que se le imputa no son \u00a0admisibles. \u00a0As\u00ed, \u00a0cuando \u00a0dijo \u00a0que \u00a0fue \u00a0amenazado por las autodefensas y que \u00a0denunci\u00f3 \u00a0ese \u00a0hecho, los organismos institucionales certificaron lo contrario, \u00a0e \u00a0incluso \u00a0su \u00a0hermana, al declarar sobre ese tema deja un estela de duda, pues \u00a0en \u00a0principio \u00a0se\u00f1al\u00f3 \u00a0que \u00a0la campa\u00f1a era la m\u00e1s amenazada, pero en seguida \u00a0aclar\u00f3 \u00a0 \u00a0que \u00a0 \u00a0sobre \u00a0 \u00a0ese \u00a0 \u00a0aspecto \u00a0 \u00a0su \u00a0 hermano \u00a0 s\u00f3lo \u00a0 \u201cdec\u00eda \u00a0que \u00a0hay \u00a0que \u00a0tener cuidado, \u00a0pero \u00a0en concreto no dec\u00eda quien lo amenaz\u00f3.\u201d\u00a0 \u00a0De \u00a0haber \u00a0sido \u00a0as\u00ed, \u00a0dado \u00a0el poder y la capacidad de perturbaci\u00f3n del grupo \u00a0armado \u00a0ilegal, \u00a0lo \u00a0menos \u00a0que \u00a0deb\u00eda\u00a0 esperarse es que sus familiares se \u00a0hubiesen enterado de las amenazas que se cern\u00edan en su contra. \u00a0\u00a0<\/p>\n<p>Quinto. \u00a0De \u00a0lo \u00a0anterior \u00a0se \u00a0concluye \u00a0que \u00a0se \u00a0encuentra \u00a0cabalmente \u00a0demostrado que el doctor \u00a0Ricardo \u00a0Ariel Elcure Chac\u00f3n \u00a0se \u00a0concert\u00f3 \u00a0con la finalidad de promover un grupo armado al margen de la ley, \u00a0pues \u00a0no solamente fue apoyado econ\u00f3micamente en sus proyectos pol\u00edticos, sino \u00a0que \u00a0el aparato organizado de poder que encarnaba el paramilitarismo en Norte de \u00a0Santander \u00a0fue \u00a0puesto \u00a0al \u00a0servicio de esa causa, con el evidente prop\u00f3sito de \u00a0que \u00a0el \u00a0pol\u00edtico \u00a0ejerciera \u00a0el \u00a0poder \u00a0que \u00a0aspiraba \u00a0obtener al servicio del \u00a0proyecto \u00a0paramilitar, \u00a0que es precisamente como se manifiesta el concierto para \u00a0promover aparatos organizados de poder ilegales. \u00a0\u00a0<\/p>\n<p>Sexto. La Punibilidad. \u00a0\u00a0<\/p>\n<p>\u00a0 \u00a0\u00a0 \u00a0\u00a0 \u00a0\u00a0Seg\u00fan \u00a0el \u00a0art\u00edculo 61 del C\u00f3digo Penal, naturaleza y gravedad de \u00a0la \u00a0conducta \u00a0son categor\u00edas que expresan la antijuridicidad del comportamiento \u00a0y \u00a0la \u00a0dimensi\u00f3n \u00a0del \u00a0injusto, indispensables en orden a brindar una respuesta \u00a0proporcional a la agresi\u00f3n causada. \u00a0\u00a0<\/p>\n<p>\u00a0 \u00a0\u00a0 \u00a0\u00a0 \u00a0\u00a0Como \u00a0no \u00a0se \u00a0dedujeron \u00a0agravantes \u00a0de \u00a0ninguna \u00a0especie, la pena a \u00a0imponer \u00a0ser\u00e1 de 72 meses, que corresponden a los par\u00e1metros del primer cuarto \u00a0que \u00a0oscila entre esa cifra y 90 meses de prisi\u00f3n. Ese monto recoge la gravedad \u00a0de \u00a0la \u00a0conducta \u00a0en \u00a0concreto, no s\u00f3lo por su expresi\u00f3n objetiva, sino por la \u00a0intensidad \u00a0del \u00a0dolo \u00a0que \u00a0se \u00a0refleja en el hecho de pactar voluntariamente la \u00a0promoci\u00f3n \u00a0 \u00a0de \u00a0 \u00a0grupos \u00a0 \u00a0armados \u00a0 \u00a0que \u00a0 \u00a0est\u00e1n \u00a0 \u00a0por \u00a0 \u00a0fuera \u00a0 de \u00a0 la \u00a0institucionalidad. \u00a0\u00a0<\/p>\n<p>\u00a0 \u00a0\u00a0 \u00a0\u00a0 \u00a0\u00a0Siendo \u00a0consecuente \u00a0con \u00a0esa definici\u00f3n, la pena de multa ser\u00e1 de \u00a02.000 salarios m\u00ednimos legales mensuales vigentes. \u00a0\u00a0<\/p>\n<p>\u00a0 \u00a0 \u00a0 \u00a0 \u00a0<\/p>\n<p>Por \u00faltimo, de conformidad con el art\u00edculo \u00a052 \u00a0 del \u00a0 C\u00f3digo \u00a0 Penal, \u00a0 la \u00a0 Sala \u00a0 condenar\u00e1 \u00a0 al \u00a0 doctor \u00a0Ricardo \u00a0Elcure Chac\u00f3n a la pena accesoria \u00a0de \u00a0inhabilitaci\u00f3n \u00a0para \u00a0el ejercicio de derechos y funciones p\u00fablicas por un \u00a0tiempo \u00a0igual al de la pena principal. Es igualmente claro que de acuerdo con el \u00a0art\u00edculo \u00a056 \u00a0del \u00a0C\u00f3digo de Procedimiento Penal, al no haberse probado que se \u00a0hubiesen \u00a0causado perjuicios materiales y morales, no procede la condena por ese \u00a0aspecto. \u00a0\u00a0<\/p>\n<p>\u00a0 \u00a0\u00a0 \u00a0\u00a0 \u00a0Por \u00a0\u00faltimo, \u00a0se \u00a0advierte \u00a0que \u00a0no \u00a0hay \u00a0lugar \u00a0a \u00a0la suspensi\u00f3n \u00a0condicional \u00a0de \u00a0la \u00a0ejecuci\u00f3n \u00a0de la pena ni a su sustituci\u00f3n por la prisi\u00f3n \u00a0domiciliaria. \u00a0En \u00a0ambos \u00a0casos, \u00a0por \u00a0impedirlo \u00a0un \u00a0requisito \u00a0objetivo. En el \u00a0primero, \u00a0porque \u00a0la \u00a0ley \u00a0autoriza \u00a0el \u00a0subrogado \u00a0frente \u00a0a \u00a0penas de prisi\u00f3n \u00a0impuestas \u00a0no \u00a0superiores \u00a0a \u00a03 a\u00f1os y en el segundo, porque s\u00f3lo es viable la \u00a0consideraci\u00f3n \u00a0de \u00a0esa \u00a0sustituci\u00f3n \u00a0cuando la pena m\u00ednima prevista en la ley \u00a0para \u00a0el \u00a0delito \u00a0objeto de condena sea de 5 a\u00f1os o menos, seg\u00fan los t\u00e9rminos \u00a0de los art\u00edculos 38 y 63-1 del C\u00f3digo Penal. \u00a0\u00a0<\/p>\n<p>\u00a0 \u00a0\u00a0 \u00a0\u00a0 \u00a0En \u00a0 \u00a0este \u00a0 \u00a0margen, \u00a0 el \u00a0Se\u00f1or \u00a0Procurador \u00a0estima \u00a0que \u00a0la pena cumple varias funciones, \u00a0pero \u00a0 que \u00a0 considerando \u00a0 el \u00a0 estado \u00a0 de \u00a0 salud \u00a0 del \u00a0doctor \u00a0Elcure \u00a0 Chac\u00f3n, \u00a0 la \u00a0decisi\u00f3n \u00a0debe \u00a0centrarse \u00a0en \u00a0la \u00a0prevenci\u00f3n \u00a0general \u00a0positiva \u00a0con el fin de reestablecer el \u00a0imperio del orden jur\u00eddico. \u00a0\u00a0<\/p>\n<p>\u00a0 \u00a0\u00a0 \u00a0\u00a0 \u00a0Entiende \u00a0 la \u00a0 Sala \u00a0 que \u00a0al \u00a0 \u00a0Ministerio \u00a0 P\u00fablico \u00a0 le \u00a0 preocupa \u00a0 que \u00a0 se \u00a0 haga \u00a0 efectiva \u00a0la \u00a0pena \u00a0 \u00a0 de \u00a0 \u00a0 prisi\u00f3n \u00a0 \u00a0teniendo \u00a0 \u00a0en \u00a0cuenta \u00a0el grave estado de \u00a0salud \u00a0del \u00a0condenado, y la \u00a0Corte \u00a0encuentra justificada \u00a0su \u00a0inquietud. Sin embargo, \u00a0la \u00a0enfermedad \u00a0del doctor \u00a0Elcure \u00a0Chac\u00f3n \u00a0no \u00a0puede \u00a0llevar \u00a0a la renuncia de la prevenci\u00f3n general, de la \u00a0retribuci\u00f3n \u00a0justa \u00a0y de la reinserci\u00f3n social del condenado, que son tambi\u00e9n \u00a0fines \u00a0de \u00a0la \u00a0pena, justificando la punibilidad s\u00f3lo \u00a0en \u00a0la necesidad de reestablecer la vigencia de la norma que se ve desautorizada \u00a0por \u00a0 \u00a0el \u00a0 \u00a0delito, \u00a0 a \u00a0la \u00a0manera \u00a0de \u00a0un derecho \u00a0penal \u00a0funcional \u00a0cuya \u00fanica finalidad esta orientada a garantizar la identidad \u00a0normativa, \u00a0 la \u00a0 Constituci\u00f3n \u00a0 y \u00a0 la \u00a0sociedad.18 \u00a0\u00a0<\/p>\n<p>\u00a0 \u00a0\u00a0 \u00a0\u00a0 \u00a0Por \u00a0lo \u00a0tanto, \u00a0sin perder de vista los \u00a0fines \u00a0de \u00a0la \u00a0pena, \u00a0es posible no renunciar a ellos \u00a0suspendiendo \u00a0la \u00a0ejecuci\u00f3n \u00a0de la pena, pues el art\u00edculo 471 de la ley 600 de \u00a02000 \u00a0lo \u00a0autoriza \u00a0en los \u00a0mismos \u00a0 casos \u00a0 de \u00a0 suspensi\u00f3n \u00a0 de \u00a0 la \u00a0 detenci\u00f3n \u00a0preventiva, \u00a0 que \u00a0 es \u00a0 precisamente \u00a0 lo \u00a0 que \u00a0 aqu\u00ed \u00a0 ocurre. \u00a0 \u00a0As\u00ed \u00a0 \u00a0se \u00a0 conjugan \u00a0 de \u00a0 mejor \u00a0manera los fines de la pena, el principio de dignidad \u00a0humana \u00a0y \u00a0se \u00a0respeta \u00a0la \u00a0prohibici\u00f3n \u00a0de \u00a0imponer \u00a0tratos \u00a0o \u00a0penas crueles, \u00a0inhumanas o degradantes. \u00a0\u00a0<\/p>\n<p>\u00a0 \u00a0\u00a0 \u00a0\u00a0 \u00a0Se \u00a0suspender\u00e1, \u00a0en consecuencia, la ejecuci\u00f3n de la pena, por lo \u00a0cual \u00a0el \u00a0condenado \u00a0deber\u00e1 \u00a0permanecer \u00a0en su domicilio, mientras su estado de \u00a0salud \u00a0lo amerite. La cauci\u00f3n que prest\u00f3 en el curso del proceso es suficiente \u00a0para \u00a0garantizar \u00a0el \u00a0cumplimiento de esa obligaci\u00f3n. \u00a0\u00a0<\/p>\n<p>Decisi\u00f3n \u00a0<\/p>\n<p>\u00a0 \u00a0 \u00a0\u00a0 \u00a0 \u00a0En \u00a0 m\u00e9rito \u00a0 de \u00a0 lo \u00a0expuesto, \u00a0la \u00a0Corte \u00a0Suprema \u00a0de \u00a0Justicia, \u00a0 Sala \u00a0 \u00a0de \u00a0Casaci\u00f3n \u00a0Penal, \u00a0administrando \u00a0justicia en nombre \u00a0de la Rep\u00fablica y por autoridad de la ley, \u00a0\u00a0<\/p>\n<p>Resuelve \u00a0\u00a0<\/p>\n<p>\u00a0 \u00a0 \u00a0 \u00a0Primero. \u00a0 \u00a0Condenar \u00a0 \u00a0a \u00a0 \u00a0 \u00a0Ricardo \u00a0 \u00a0 Ariel \u00a0 \u00a0 Elcure \u00a0Chac\u00f3n, \u00a0de \u00a0notas \u00a0civiles y personales conocidas, a \u00a0las \u00a0penas \u00a0principales \u00a0de \u00a0setenta \u00a0y \u00a0dos \u00a0meses de prisi\u00f3n y multa de 2.000 \u00a0salarios \u00a0m\u00ednimos \u00a0legales \u00a0mensuales \u00a0vigentes e inhabilitaci\u00f3n de derechos y \u00a0funciones \u00a0p\u00fablicas \u00a0por \u00a0el \u00a0mismo lapso, como autor del delito de \u00a0concierto \u00a0para \u00a0promover \u00a0grupos armados al margen de la ley de \u00a0que \u00a0trata \u00a0el \u00a0art\u00edculo \u00a0340 \u00a0inciso \u00a02\u00b0 \u00a0de \u00a0la \u00a0Ley 599 de 2000. \u00a0\u00a0<\/p>\n<p>\u00a0 \u00a0 \u00a0 \u00a0Segundo. \u00a0 \u00a0 \u00a0 \u00a0 \u00a0Declarar \u00a0 \u00a0 \u00a0 \u00a0que \u00a0no hay lugar a condena por el pago de \u00a0da\u00f1os \u00a0y \u00a0perjuicios \u00a0y \u00a0que \u00a0no \u00a0son \u00a0procedentes \u00a0la \u00a0condena \u00a0de \u00a0ejecuci\u00f3n \u00a0condicional ni la prisi\u00f3n domiciliaria. \u00a0\u00a0<\/p>\n<p>\u00a0 \u00a0 \u00a0 \u00a0Tercero.\u00a0 \u00a0 \u00a0 \u00a0 Suspender \u00a0 \u00a0 \u00a0 \u00a0 la \u00a0ejecuci\u00f3n \u00a0de \u00a0la \u00a0pena \u00a0en \u00a0los \u00a0t\u00e9rminos indicados en esta \u00a0decisi\u00f3n. \u00a0\u00a0<\/p>\n<p>\u00a0 \u00a0 \u00a0 \u00a0Cuarto.\u00a0\u00a0\u00a0\u00a0\u00a0 H\u00e1ganse \u00a0las comunicaciones de ley. \u00a0\u00a0<\/p>\n<p>\u00a0 \u00a0 \u00a0 \u00a0 \u00a0<\/p>\n<p>Notif\u00edquese y C\u00famplase \u00a0<\/p>\n<p>JULIO E. SOCHA SALAMANCA \u00a0<\/p>\n<p>JOSE \u00a0 \u00a0 \u00a0 LEONIDAS \u00a0 \u00a0 \u00a0 BUSTOS \u00a0MART\u00cdNEZ\u00a0\u00a0\u00a0\u00a0\u00a0\u00a0\u00a0\u00a0\u00a0 SIGIFREDO \u00a0ESPINOSA PEREZ \u00a0\u00a0<\/p>\n<p>ALFREDO \u00a0 \u00a0 \u00a0 \u00a0 \u00a0 G\u00d3MEZ \u00a0QUINTERO\u00a0\u00a0\u00a0\u00a0\u00a0\u00a0\u00a0\u00a0\u00a0\u00a0 \u00a0MAR\u00cdA DEL \u00a0ROSARIO GONZ\u00c1LEZ\u00a0 DE L.\u00a0\u00a0\u00a0\u00a0\u00a0\u00a0 \u00a0\u00a0<\/p>\n<p>Adici\u00f3n de voto \u00a0\u00a0 \u00a0\u00a0 \u00a0\u00a0 \u00a0\u00a0 \u00a0\u00a0 \u00a0\u00a0 \u00a0 \u00a0\u00a0 \u00a0 \u00a0 \u00a0 \u00a0 \u00a0\u00a0 \u00a0\u00a0 \u00a0\u00a0 \u00a0\u00a0 \u00a0 \u00a0Adici\u00f3n de \u00a0voto \u00a0\u00a0<\/p>\n<p>AUGUSTO \u00a0 \u00a0 \u00a0 \u00a0 \u00a0 IB\u00c1\u00d1EZ \u00a0GUZM\u00c1N\u00a0\u00a0\u00a0\u00a0\u00a0\u00a0\u00a0\u00a0\u00a0\u00a0\u00a0\u00a0 \u00a0JORGE \u00a0 \u00a0 \u00a0 \u00a0 \u00a0 \u00a0 \u00a0 \u00a0 \u00a0 \u00a0 \u00a0 \u00a0 \u00a0 \u00a0 \u00a0 \u00a0LUIS \u00a0 \u00a0 \u00a0 \u00a0 \u00a0 \u00a0 \u00a0 \u00a0 \u00a0 \u00a0 \u00a0 \u00a0 \u00a0 \u00a0 \u00a0 QUINTERO \u00a0MILAN\u00c9S\u00a0\u00a0\u00a0\u00a0\u00a0\u00a0\u00a0\u00a0\u00a0\u00a0\u00a0\u00a0\u00a0\u00a0\u00a0 \u00a0\u00a0<\/p>\n<p>\u00a0 \u00a0\u00a0 \u00a0\u00a0 \u00a0\u00a0Adici\u00f3n de voto \u00a0\u00a0<\/p>\n<p>YESID \u00a0 \u00a0 \u00a0 \u00a0 \u00a0 RAM\u00cdIREZ \u00a0BASTIDAS\u00a0\u00a0\u00a0\u00a0\u00a0\u00a0\u00a0\u00a0\u00a0\u00a0\u00a0\u00a0\u00a0 \u00a0JAVIER ZAPATA ORTIZ \u00a0\u00a0<\/p>\n<p>\u00a0 \u00a0\u00a0 \u00a0 \u00a0Adici\u00f3n de voto \u00a0\u00a0<\/p>\n<p>TERESA RUIZ N\u00da\u00d1EZ \u00a0<\/p>\n<p>Secretaria \u00a0<\/p>\n<p>ADICI\u00d3N DE VOTO \u00a0<\/p>\n<p>I. Compartimos \u00a0plenamente \u00a0los \u00a0razonamientos \u00a0y \u00a0la decisi\u00f3n de la Sala porque corresponden a \u00a0las \u00a0pruebas \u00a0aportadas, la apreciaci\u00f3n de las mismas de acuerdo con las reglas \u00a0de \u00a0la \u00a0sana \u00a0cr\u00edtica y la mejor hermen\u00e9utica sobre el contenido y alcance del \u00a0delito \u00a0 de \u00a0 concierto \u00a0para \u00a0delinquir con fines de paramilitarismo. \u00a0\u00a0<\/p>\n<p>II. \u00a0 Pero \u00a0concluido \u00a0el \u00a0presente \u00a0proceso \u00a0observamos \u00a0que \u00a0el \u00a0responsable del delito de \u00a0asociaci\u00f3n para delinquir aqu\u00ed identificado \u00a0\u00a0<\/p>\n<p>se concert\u00f3 con la finalidad de promover \u00a0un grupo armado al margen de la ley, \u00a0\u00a0<\/p>\n<p>para \u00a0que \u00a0lo \u00a0apoyara \u00a0en \u00a0sus proyectos \u00a0pol\u00edticos y dicho aparato organizado \u00a0\u00a0<\/p>\n<p>fue \u00a0puesto al servicio de esa causa, con \u00a0el \u00a0evidente \u00a0prop\u00f3sito \u00a0de \u00a0que \u00a0el \u00a0pol\u00edtico ejerciera el poder que aspiraba \u00a0obtener \u00a0al \u00a0servicio \u00a0del \u00a0proyecto \u00a0paramilitar, \u00a0que \u00a0es precisamente como se \u00a0manifiesta \u00a0 el \u00a0 concierto \u00a0 para \u00a0 promover \u00a0 aparatos \u00a0organizados \u00a0de \u00a0poder \u00a0ilegales. \u00a0\u00a0<\/p>\n<p>III. La banda \u00a0criminal \u00a0a \u00a0la \u00a0que \u00a0ingres\u00f3 \u00a0el \u00a0condenado \u00a0dise\u00f1\u00f3 y ejecut\u00f3 un proceso de \u00a0cooptaci\u00f3n \u00a0de las instituciones nacionales, departamentales y municipales, que \u00a0se \u00a0refleja \u00a0en \u00a0el apoyo brindado a algunos de sus miembros para que alcanzaran \u00a0por \u00a0medio \u00a0del \u00a0voto ciudadano o mediante nombramiento la calidad de servidores \u00a0p\u00fablicos, \u00a0y \u00a0en \u00a0el \u00a0momento \u00a0en \u00a0que \u00a0accedieron \u00a0a las diferentes dignidades \u00a0ten\u00edan \u00a0la \u00a0obligaci\u00f3n, \u00a0como \u00a0miembros \u00a0de \u00a0la perversa empresa, de enderezar \u00a0todos \u00a0sus movimientos oficiales en busca del favorecimiento directo e inmediato \u00a0de la asociaci\u00f3n criminal. \u00a0\u00a0<\/p>\n<p>En \u00a0 el \u00a0 Congreso \u00a0 de \u00a0la \u00a0Rep\u00fablica \u00a0constituy\u00f3 \u00a0tarea \u00a0esencial \u00a0de \u00a0los \u00a0parlamentarios \u00a0elegidos \u00a0por \u00a0los grupos \u00a0paramilitares \u00a0impulsar \u00a0estatutos \u00a0legales \u00a0que \u00a0favorecieran el quehacer de su \u00a0compa\u00f1\u00eda \u00a0delictiva, hecho que, por ejemplo, explica el apoyo incondicional de \u00a0algunos \u00a0legisladores \u00a0a \u00a0los \u00a0proyectos \u00a0de \u00a0ley \u00a0de \u00a0alternatividad \u00a0penal que \u00a0buscaban \u00a0un \u00a0alt\u00edsimo \u00a0grado de impunidad para los cr\u00edmenes cometidos por las \u00a0bandas \u00a0a \u00a0las \u00a0que \u00a0deb\u00edan fidelidad, tarea en la que finalmente se consensu\u00f3 \u00a0una \u00a0alta \u00a0porci\u00f3n \u00a0de \u00a0verdad \u00a0y \u00a0reparaci\u00f3n \u00a0con \u00a0unos \u00a0niveles \u00a0de justicia \u00a0mutilados \u00a0e \u00a0insuficientes \u00a0que \u00a0hacen \u00a0clamar al cielo por el resultado final: \u00a0impunidad. \u00a0\u00a0<\/p>\n<p>IV. Los grupos \u00a0paramilitares, \u00a0entre cuyos miembros exist\u00edan servidores p\u00fablicos vinculados a \u00a0todos \u00a0las \u00a0instituciones \u00a0estatales, \u00a0desde \u00a0el \u00a0momento \u00a0mismo de su creaci\u00f3n \u00a0ten\u00edan \u00a0 como \u00a0 prop\u00f3sito \u00a0 esencial \u00a0 arrasar \u00a0 a \u00a0 todos \u00a0los \u00a0ciudadanos \u00a0u \u00a0organizaciones \u00a0que \u00a0se \u00a0opusieran \u00a0a \u00a0sus \u00a0prop\u00f3sitos, \u00a0raz\u00f3n \u00a0por la cual la \u00a0ejecuci\u00f3n \u00a0de \u00a0conductas \u00a0calificadas como delitos de lesa humanidad -torturas, \u00a0desapariciones \u00a0forzadas, desplazamiento forzado, secuestro, etc.- hac\u00edan parte \u00a0de sus diligencias ordinarias. \u00a0\u00a0<\/p>\n<p>V. \u00a0Para \u00a0los \u00a0miembros \u00a0de \u00a0la \u00a0organizaci\u00f3n \u00a0no \u00a0era \u00a0ning\u00fan \u00a0secreto \u00a0que \u00a0en \u00a0aras \u00a0de la \u00a0consolidaci\u00f3n \u00a0de \u00a0su \u00a0poder \u00a0fascineroso \u00a0se ten\u00edan que cometer toda clase de \u00a0conductas \u00a0criminales \u00a0y \u00a0ataques \u00a0a \u00a0la \u00a0dignidad humana de los opositores o de \u00a0cualquiera que se convirtiera en obst\u00e1culo al avance paramilitar. \u00a0\u00a0<\/p>\n<p>VI. \u00a0Quienes \u00a0ten\u00edan \u00a0la \u00a0calidad de congresistas y pertenec\u00edan a la organizaci\u00f3n criminal, \u00a0como \u00a0ocurri\u00f3 \u00a0con \u00a0Ricardo \u00a0Elcure \u00a0Chac\u00f3n, \u00a0si bien fung\u00edan como voceros de \u00a0partidos \u00a0u \u00a0organizaciones pol\u00edticas legalmente reconocidas, realmente hac\u00edan \u00a0parte \u00a0de \u00a0la \u00a0c\u00fapula \u00a0de \u00a0los grupos paramilitares y en tal condici\u00f3n hac\u00edan \u00a0parte \u00a0de \u00a0la \u00a0caterva \u00a0l\u00edder \u00a0o \u00a0directorio de mando -comandancia suprema- que \u00a0dise\u00f1aba, \u00a0planificaba, proyectaba, forjaba e impulsaba las acciones que deb\u00eda \u00a0desarrollar \u00a0la \u00a0empresa criminal en aras de consolidar su avance y obtener m\u00e1s \u00a0r\u00e9ditos dentro del plan dise\u00f1ado. \u00a0\u00a0<\/p>\n<p>El \u00a0pol\u00edtico \u00a0no \u00a0se \u00a0conformaba con ver \u00a0triunfante \u00a0su \u00a0aspiraci\u00f3n \u00a0personal \u00a0porque \u00a0su \u00a0condici\u00f3n \u00a0de \u00a0miembro de la \u00a0organizaci\u00f3n \u00a0criminal \u00a0lo \u00a0catapultaba \u00a0para alcanzar m\u00e1s y nuevas dignidades \u00a0que \u00a0resultaran \u00a0funcionales \u00a0a \u00a0la \u00a0empresa \u00a0delictiva, \u00a0porque \u00a0dentro \u00a0de \u00a0la \u00a0estrategia \u00a0del \u00a0crimen \u00a0su \u00a0\u00e9xito \u00a0era \u00a0un \u00a0paso m\u00e1s en el proceso de la toma \u00a0mafiosa de todos los poderes e instancias de decisi\u00f3n del Estado. \u00a0\u00a0<\/p>\n<p>VII. \u00a0As\u00ed las \u00a0cosas, \u00a0y \u00a0de \u00a0acuerdo \u00a0con \u00a0la opini\u00f3n de la Sala19, \u00a0el \u00a0aforado hac\u00eda parte \u00a0de \u00a0 \u00a0una \u00a0 estructura \u00a0 criminal \u00a0 integrada \u00a0 por \u00a0 un \u00a0 n\u00famero \u00a0 plural \u00a0 de \u00a0personas \u00a0\u00a0<\/p>\n<p>articuladas \u00a0de \u00a0manera \u00a0jer\u00e1rquica \u00a0y \u00a0subordinada \u00a0a \u00a0una organizaci\u00f3n criminal, quienes mediante divisi\u00f3n de tareas \u00a0y \u00a0concurrencia de aportes (los cuales pueden consistir en \u00f3rdenes en secuencia \u00a0y \u00a0descendentes) realizan conductas punibles, es dable comprenderlo a trav\u00e9s de \u00a0la met\u00e1fora de la cadena. \u00a0\u00a0<\/p>\n<p>En \u00a0este instrumento el que se constituye \u00a0en \u00a0un todo enlazado, los protagonistas que transmiten el mandato de principio a \u00a0fin \u00a0se relacionan a la manera de los eslabones de aquella. En esa medida, puede \u00a0ocurrir \u00a0que \u00a0entre \u00a0el \u00a0dirigente \u00a0m\u00e1ximo \u00a0quien \u00a0dio la orden inicial y quien \u00a0finalmente la ejecuta no se conozcan. \u00a0\u00a0<\/p>\n<p>As\u00ed \u00a0como se presenta en la cadeneta, el \u00a0primer \u00a0anillo o cabeza de mando principal se constituye en el hombre de atr\u00e1s, \u00a0y \u00a0su \u00a0designio \u00a0delictuoso lo termina realizando a trav\u00e9s de un autor material \u00a0que \u00a0se halla articulado como subordinado (con jerarqu\u00eda media o sin ella) a la \u00a0organizaci\u00f3n que aqu\u00e9l dirige. \u00a0\u00a0<\/p>\n<p>Dada \u00a0la \u00a0ausencia \u00a0de \u00a0contacto f\u00edsico, \u00a0verbal \u00a0y \u00a0de \u00a0conocimiento \u00a0entre \u00a0el \u00a0primer \u00a0cabo \u00a0ordenador y el \u00faltimo que \u00a0consuma \u00a0la \u00a0conducta punible, sucede que el mandato o prop\u00f3sito se traslada de \u00a0manera \u00a0secuencial \u00a0y \u00a0descendente \u00a0a \u00a0trav\u00e9s de otros dependientes. Estos como \u00a0eslabones \u00a0articulados \u00a0conocen \u00a0de manera inmediata a la persona antecedente de \u00a0quien \u00a0escucharon \u00a0la \u00a0orden \u00a0y \u00a0de \u00a0forma subsiguiente a quien se la trasmiten. \u00a0Todos \u00a0se \u00a0convierten \u00a0en \u00a0anillos \u00a0de \u00a0una \u00a0cadena \u00a0en \u00a0condiciones \u00a0de \u00a0plural \u00a0coautor\u00eda. \u00a0\u00a0<\/p>\n<p>Esta forma de intervenci\u00f3n y concurrencia \u00a0colectiva \u00a0en conductas punibles es caracter\u00edstica en organizaciones criminales \u00a0claramente \u00a0identificadas que consuman el delito de concierto para delinquir con \u00a0fines \u00a0especiales de que trata el art\u00edculo 340 inciso 2\u00ba de la ley 599 de 2000 \u00a0o \u00a0como \u00a0puede \u00a0ocurrir \u00a0en \u00a0grupos \u00a0armados ilegales, independientemente de los \u00a0postulados \u00a0ideol\u00f3gicos \u00a0que \u00a0los \u00a0convoquen \u00a0pues \u00a0en \u00a0eventos \u00a0incluso pueden \u00a0carecer de ellos. \u00a0\u00a0<\/p>\n<p>\u2026 \u00a0<\/p>\n<p>Y para el caso colombiano esta teor\u00eda de \u00a0\u201cla \u00a0concurrencia \u00a0de \u00a0personas \u00a0en \u00a0el \u00a0delito \u00a0y los aparatos organizados de \u00a0poder\u201d, \u00a0\u201cautor\u00eda \u00a0mediata en aparatos organizados de poder con instrumento \u00a0fungible \u00a0pero \u00a0responsable\u201d \u00a0o \u00a0\u201cautor \u00a0tras \u00a0el autor\u201d, la doctrina m\u00e1s \u00a0atendible la viabiliz\u00f3: \u00a0\u00a0<\/p>\n<p>En \u00a0primer \u00a0lugar, \u00a0para \u00a0garantizar \u00a0la \u00a0prevenci\u00f3n \u00a0general \u00a0como \u00a0funci\u00f3n de la pena, pues la sociedad reprochar\u00e1 en \u00a0mayor \u00a0medida \u00a0a \u00a0los \u00a0autores y no a los part\u00edcipes de las conductas punibles; \u00a0segundo, \u00a0porque \u00a0al \u00a0reprochar socialmente a la organizaci\u00f3n delictiva y a las \u00a0diversas \u00a0formas \u00a0de \u00a0participaci\u00f3n que en ella se presenten, se desestimula la \u00a0delincuencia \u00a0y \u00a0el dirigente se torna visible ante la sociedad; tercero, porque \u00a0las \u00a0diferentes \u00a0formas \u00a0de responsabilidad se justifican en raz\u00f3n al principio \u00a0de \u00a0proporcionalidad \u00a0y \u00a0a \u00a0la \u00a0funci\u00f3n \u00a0de \u00a0retribuci\u00f3n \u00a0justa \u00a0que significa \u00a0reconocer \u00a0el \u00a0principio de accesoriedad, porque no es posible reprocharle a una \u00a0persona \u00a0su \u00a0calidad de part\u00edcipe bien como instigador, determinador, c\u00f3mplice \u00a0o \u00a0interviniente, sin haber reconocido previamente la identidad del autor; y, en \u00a0cuarto \u00a0lugar, \u00a0porque \u00a0en \u00a0aras \u00a0de garantizar el derecho a la verdad, s\u00f3lo es \u00a0posible \u00a0establecer las cadenas de mando bajo las cuales opera una organizaci\u00f3n \u00a0delictiva, \u00a0su \u00a0estructura \u00a0y su funcionamiento si se sabe qui\u00e9nes conforman la \u00a0c\u00fapula, \u00a0los \u00a0mandos \u00a0medios \u00a0y \u00a0los \u00a0miembros \u00a0rasos de esos aparatos o grupos \u00a0organizados \u00a0al margen de la ley. Adem\u00e1s, de contera, se garantiza el derecho a \u00a0la \u00a0no repetici\u00f3n y se podr\u00e1 aplicar a los miembros rasos, muy seguramente, el \u00a0principio \u00a0 de \u00a0 oportunidad \u00a0 condicionado, \u00a0siempre \u00a0y \u00a0cuando \u00a0sus \u00a0conductas \u00a0delictivas \u00a0no est\u00e9n dentro del marco de los delitos de lesa humanidad o contra \u00a0el \u00a0 DIH \u00a0 y \u00a0 colaboren \u00a0 efectivamente, \u00a0 en \u00a0el \u00a0desmantelamiento \u00a0de \u00a0dichos \u00a0grupos20, \u00a0\u00a0<\/p>\n<p>lo \u00a0 cual \u00a0 permite \u00a0 avizorar \u00a0que \u00a0el \u00a0congresista-paramilitar \u00a0tambi\u00e9n \u00a0debe \u00a0responder penalmente por el conjunto de \u00a0cr\u00edmenes \u00a0que se le atribuyen a los comandantes o jefes de los bloques, frentes \u00a0o unidades que hac\u00edan parte de la asociaci\u00f3n criminal. \u00a0\u00a0<\/p>\n<p>Cort\u00e9smente, \u00a0<\/p>\n<p>YESID \u00a0 RAM\u00cdREZ \u00a0 BASTIDAS \u00a0\u00a0 \u00a0\u00a0 \u00a0\u00a0 \u00a0\u00a0 \u00a0 \u00a0\u00a0 \u00a0 \u00a0 \u00a0 \u00a0 \u00a0 \u00a0 \u00a0 \u00a0 \u00a0 \u00a0 \u00a0\u00a0\u00a0 ALFREDO G\u00d3MEZ QUINTERO \u00a0\u00a0<\/p>\n<p>\u00a0 \u00a0 \u00a0 Magistrado \u00a0\u00a0 \u00a0\u00a0 \u00a0\u00a0 \u00a0\u00a0 \u00a0 \u00a0\u00a0 \u00a0 \u00a0 \u00a0 \u00a0 \u00a0 \u00a0 \u00a0 \u00a0 \u00a0 \u00a0 \u00a0\u00a0 \u00a0 \u00a0 \u00a0\u00a0 \u00a0\u00a0 \u00a0\u00a0 \u00a0\u00a0 \u00a0\u00a0 \u00a0\u00a0 \u00a0\u00a0 \u00a0 \u00a0\u00a0 \u00a0 \u00a0\u00a0 \u00a0 \u00a0\u00a0\u00a0\u00a0\u00a0\u00a0 \u00a0Magistrado \u00a0\u00a0<\/p>\n<p>MARIA \u00a0 DEL \u00a0 ROSARIO \u00a0 GONZ\u00c1LEZ \u00a0 DE \u00a0LEMOS\u00a0\u00a0\u00a0 AUGUSTO J. IB\u00c1\u00d1EZ GUZM\u00c1N \u00a0\u00a0<\/p>\n<p>\u00a0 \u00a0 \u00a0 Magistrada \u00a0\u00a0 \u00a0\u00a0 \u00a0\u00a0 \u00a0\u00a0 \u00a0 \u00a0\u00a0 \u00a0 \u00a0 \u00a0 \u00a0 \u00a0 \u00a0 \u00a0 \u00a0 \u00a0 \u00a0 \u00a0\u00a0 \u00a0 \u00a0 \u00a0\u00a0 \u00a0\u00a0 \u00a0\u00a0 \u00a0 \u00a0 \u00a0 \u00a0\u00a0 \u00a0 \u00a0 \u00a0 \u00a0\u00a0 \u00a0 \u00a0 \u00a0 \u00a0 \u00a0 \u00a0 \u00a0 \u00a0\u00a0\u00a0\u00a0\u00a0\u00a0\u00a0 Magistrado \u00a0\u00a0<\/p>\n<p>Fecha \u00a0 ut \u00a0supra. \u00a0\u00a0<\/p>\n<p>\u00a0 \u00a0\u00a0<\/p>\n<p>1 \u00a0De \u00a0acuerdo \u00a0con \u00a0el \u00a0par\u00e1grafo de las normas constitucionales y legales indicadas, \u00a0cuando \u00a0el \u00a0funcionario hubiese cesado en el ejercicio del cargo, el fuero s\u00f3lo \u00a0se \u00a0mantendr\u00e1 \u00a0para \u00a0las \u00a0conductas \u00a0punibles \u00a0que \u00a0tengan \u00a0relaci\u00f3n \u00a0con \u00a0las \u00a0funciones \u00a0desempe\u00f1adas, \u00a0situaci\u00f3n \u00a0que \u00a0desde \u00a0luego no es la del procesado. \u00a0\u00a0<\/p>\n<p>2 Cfr., \u00a0en \u00a0ese \u00a0sentido, \u00a0Corte \u00a0Suprema \u00a0de Justicia, Sentencia de Unica instancia del \u00a0d\u00eda 19 de agosto de 2009, radicado 27.195. \u00a0\u00a0<\/p>\n<p>3 Corte \u00a0Suprema \u00a0de \u00a0Justicia, \u00a0Sala \u00a0de Casaci\u00f3n Penal, radicado 26942, auto del 14 de \u00a0mayo de 2007. \u00a0\u00a0<\/p>\n<p>4 Corte \u00a0Suprema \u00a0de \u00a0Justicia, \u00a0sala \u00a0de casaci\u00f3n penal, radicado 26.942, auto del 8 de \u00a0noviembre de 2007. \u00a0\u00a0<\/p>\n<p>5 Jorge \u00a0Iv\u00e1n \u00a0Laverde \u00a0Zapata \u00a0se \u00a0vincul\u00f3 \u00a0en Urab\u00e1 a las Autodefensas de C\u00f3rdoba y \u00a0Urab\u00e1 \u00a0de \u00a0la Casa Casta\u00f1o a la edad de 17 a\u00f1os. En el a\u00f1o 1999 por orden de \u00a0Carlos \u00a0Casta\u00f1o \u00a0se \u00a0traslada \u00a0a \u00a0Norte de Santander como Comandante del Frente \u00a0Fronteras. \u00a0\u00a0<\/p>\n<p>6 \u00a0Responsable del Bloque Catatumbo. \u00a0\u00a0<\/p>\n<p>7 \u00a0Minuto 24:00 \u00a0\u00a0<\/p>\n<p>8 Folio \u00a019 cuaderno 2 \u00a0\u00a0<\/p>\n<p>9 \u00a0minuto 41:25 \u00a0\u00a0<\/p>\n<p>10 \u00a0minuto 42:17 \u00a0\u00a0<\/p>\n<p>11 \u00a0art\u00edculo 238 de la ley 600 de 2000 \u00a0\u00a0<\/p>\n<p>12 \u00a0Cfr, \u00a0Corte Suprema de Justicia, Sala de Casaci\u00f3n Penal, sentencia de casaci\u00f3n \u00a0del \u00a017 de septiembre de 2008, radicado 26.055, decisi\u00f3n en la cual al respecto \u00a0se \u00a0 dijo \u00a0 lo \u00a0 siguiente: \u00a0 \u201cTrat\u00e1ndose \u00a0 del \u00a0 principio \u00a0l\u00f3gico \u00a0de \u00a0&#8220;no \u00a0contradicci\u00f3n&#8221;, \u00a0postulado \u00a0que \u00a0rige \u00a0los \u00a0ejercicios de verificabilidad de la \u00a0sana \u00a0cr\u00edtica \u00a0en \u00a0orden \u00a0a la valoraci\u00f3n de la credibilidad o su ausencia que \u00a0debe \u00a0darse \u00a0a la prueba testimonial, se comprende por la l\u00f3gica material, para \u00a0el \u00a0caso \u00a0referida \u00a0a los aspectos jur\u00eddico sustanciales en discusi\u00f3n, que los \u00a0juzgadores, \u00a0como \u00a0es \u00a0de \u00a0suyo, no pueden valorar de manera positiva contenidos \u00a0testimoniales \u00a0que \u00a0en \u00a0sus \u00a0expresiones f\u00e1cticas se nieguen, se contradigan en \u00a0sus \u00a0aspectos \u00a0principales \u00a0o \u00a0que \u00a0por virtud de las contradicciones excluyan o \u00a0terminen \u00a0haciendo \u00a0invisible \u00a0o \u00a0inexistente \u00a0la \u00a0conducta \u00a0punible \u00a0objeto \u00a0de \u00a0atribuci\u00f3n.\u201d\u00a0 \u00a0\u00a0<\/p>\n<p>13 \u00a0Jorge \u00a0Iv\u00e1n \u00a0Laverde Zapata, en declaraci\u00f3n rendida dentro del proceso 28.531, \u00a0trasladada \u00a0a \u00a0esta \u00a0actuaci\u00f3n, \u00a0sobre \u00a0la \u00a0importancia de El\u00edas Galvis, alias \u00a0\u201cPacho\u201d \u00a0dentro \u00a0de la organizaci\u00f3n manifest\u00f3: \u201cPor lo general Pacho era \u00a0el \u00a0pol\u00edtico \u00a0de \u00a0todo \u00a0el \u00a0bloque, \u00a0no \u00a0solo \u00a0era del frente fronteras, era el \u00a0encargado \u00a0de \u00a0la \u00a0pol\u00edtica \u00a0de \u00a0todo \u00a0el \u00a0Bloque \u00a0Catatumbo, \u00a0todo el Norte de \u00a0Santander, \u00a0sacando \u00a0la \u00a0provincia \u00a0de Oca\u00f1a que no era nuestra, era de Juancho \u00a0Prada\u2026 minuto 16:20\u2026 \u00a0\u00a0<\/p>\n<p>14 \u00a0Cfr, \u00a0declaraci\u00f3n \u00a0de Claudia Cecilia Buitrago rendida en C\u00facuta el d\u00eda 23 de \u00a0julio de 2008. \u00a0\u00a0<\/p>\n<p>15 \u00a0Cuaderno 2. folio 250. \u00a0\u00a0<\/p>\n<p>16 \u00a0Diligencia de ampliaci\u00f3n de indagatoria del 3 de agosto de 2004. \u00a0\u00a0<\/p>\n<p>17 \u00a0minuto 1:03:31 \u00a0\u00a0<\/p>\n<p>18 \u00a0Cfr., \u00a0 Jakobs, \u00a0Gunter, \u00a0Sociedad, \u00a0norma \u00a0y \u00a0persona. \u00a0En \u00a0el \u00a0mismo \u00a0sentido, \u00a0Silvestroni \u00a0Mariano, \u00a0Teor\u00eda \u00a0Constitucional \u00a0del delito, Editores del Puerto, \u00a0Buenos Aires, 2004. \u00a0\u00a0<\/p>\n<p>19 \u00a0Corte \u00a0Suprema de Justicia, Sala de Casaci\u00f3n Penal, sentencia de casaci\u00f3n de 2 \u00a0de septiembre de 2009, radicaci\u00f3n 29221. \u00a0\u00a0<\/p>\n<p>20 \u00a0Claudia \u00a0L\u00f3pez \u00a0D\u00edaz, \u00a0Imputaci\u00f3n de cr\u00edmenes de \u00a0los \u00a0 \u00a0subordinados \u00a0 \u00a0al \u00a0 \u00a0dirigente, \u00a0 el \u00a0 caso \u00a0 colombiano, \u00a0 Bogot\u00e1, Editorial Temis, 2009, p. 173. \u00a0 \u00a0\u00a0<\/p>\n<p><\/p>\n","protected":false},"excerpt":{"rendered":"<p>\u00a0 \u00a0 Proceso No 29640 \u00a0 CORTE SUPREMA DE JUSTICIA \u00a0 SALA DE CASACION PENAL \u00a0 Aprobado acta n\u00famero 295 \u00a0 Bogot\u00e1, D.C, diecis\u00e9is de septiembre de dos \u00a0mil nueve. \u00a0\u00a0 Finalizada \u00a0 la \u00a0 diligencia \u00a0de \u00a0audiencia \u00a0p\u00fablica, \u00a0la \u00a0Sala \u00a0de \u00a0Casaci\u00f3n \u00a0Penal \u00a0dicta \u00a0sentencia \u00a0dentro \u00a0del \u00a0juicio \u00a0adelantado \u00a0 contra \u00a0 el \u00a0 [&hellip;]<\/p>\n","protected":false},"author":1,"featured_media":0,"comment_status":"open","ping_status":"open","sticky":false,"template":"","format":"standard","meta":{"footnotes":""},"categories":[17],"tags":[],"class_list":["post-18014","post","type-post","status-publish","format-standard","hentry","category-17"],"_links":{"self":[{"href":"https:\/\/dmsjuridica.com\/buscador_20179478954\/salapenalcronologico20230723\/wp-json\/wp\/v2\/posts\/18014","targetHints":{"allow":["GET"]}}],"collection":[{"href":"https:\/\/dmsjuridica.com\/buscador_20179478954\/salapenalcronologico20230723\/wp-json\/wp\/v2\/posts"}],"about":[{"href":"https:\/\/dmsjuridica.com\/buscador_20179478954\/salapenalcronologico20230723\/wp-json\/wp\/v2\/types\/post"}],"author":[{"embeddable":true,"href":"https:\/\/dmsjuridica.com\/buscador_20179478954\/salapenalcronologico20230723\/wp-json\/wp\/v2\/users\/1"}],"replies":[{"embeddable":true,"href":"https:\/\/dmsjuridica.com\/buscador_20179478954\/salapenalcronologico20230723\/wp-json\/wp\/v2\/comments?post=18014"}],"version-history":[{"count":0,"href":"https:\/\/dmsjuridica.com\/buscador_20179478954\/salapenalcronologico20230723\/wp-json\/wp\/v2\/posts\/18014\/revisions"}],"wp:attachment":[{"href":"https:\/\/dmsjuridica.com\/buscador_20179478954\/salapenalcronologico20230723\/wp-json\/wp\/v2\/media?parent=18014"}],"wp:term":[{"taxonomy":"category","embeddable":true,"href":"https:\/\/dmsjuridica.com\/buscador_20179478954\/salapenalcronologico20230723\/wp-json\/wp\/v2\/categories?post=18014"},{"taxonomy":"post_tag","embeddable":true,"href":"https:\/\/dmsjuridica.com\/buscador_20179478954\/salapenalcronologico20230723\/wp-json\/wp\/v2\/tags?post=18014"}],"curies":[{"name":"wp","href":"https:\/\/api.w.org\/{rel}","templated":true}]}}