{"id":17901,"date":"2023-09-11T19:39:20","date_gmt":"2023-09-11T19:39:20","guid":{"rendered":"https:\/\/dmsjuridica.com\/buscador_20179478954\/salapenalcronologico20230723\/2023\/09\/11\/2832916-09-09ext\/"},"modified":"2023-09-11T19:39:20","modified_gmt":"2023-09-11T19:39:20","slug":"2832916-09-09ext","status":"publish","type":"post","link":"https:\/\/dmsjuridica.com\/buscador_20179478954\/salapenalcronologico20230723\/2023\/09\/11\/2832916-09-09ext\/","title":{"rendered":"28329(16-09-09)Ext"},"content":{"rendered":"\n<p>\u00a0 \u00a0 Proceso No 28329 \u00a0<\/p>\n<p>CORTE SUPREMA DE JUSTICIA \u00a0<\/p>\n<p>SALA DE CASACI\u00d3N PENAL \u00a0<\/p>\n<p>\u00a0 \u00a0\u00a0 \u00a0\u00a0 \u00a0\u00a0 \u00a0\u00a0 \u00a0 \u00a0 \u00a0 \u00a0 \u00a0 \u00a0\u00a0 \u00a0Magistrado Ponente \u00a0\u00a0<\/p>\n<p>\u00a0 \u00a0\u00a0 \u00a0\u00a0 \u00a0\u00a0 \u00a0\u00a0 \u00a0 \u00a0 \u00a0 \u00a0 \u00a0 \u00a0\u00a0 \u00a0JULIO ENRIQUE SOCHA SALAMANCA \u00a0\u00a0<\/p>\n<p>\u00a0 \u00a0\u00a0 \u00a0\u00a0 \u00a0\u00a0 \u00a0\u00a0 \u00a0 \u00a0 \u00a0 \u00a0 \u00a0 \u00a0\u00a0 \u00a0Aprobado Acta No.295 \u00a0\u00a0<\/p>\n<p>Bogot\u00e1, D. C., diecis\u00e9is (16) de septiembre \u00a0de dos mil nueve (2009). \u00a0\u00a0<\/p>\n<p>VISTOS \u00a0<\/p>\n<p>Procede \u00a0la \u00a0Sala \u00a0a \u00a0decidir \u00a0acerca \u00a0de \u00a0la \u00a0cesaci\u00f3n \u00a0 \u00a0del \u00a0 procedimiento \u00a0 por \u00a0 muerte \u00a0 del \u00a0 procesado \u00a0 Luis \u00a0 \u00a0\u00c9dgar \u00a0 \u00a0Devia \u00a0 Silva, \u00a0 alias \u00a0Ra\u00fal \u00a0Reyes, \u00a0dentro \u00a0del \u00a0tr\u00e1mite \u00a0del \u00a0recurso \u00a0de casaci\u00f3n interpuesto por la defensa de SAMUEL GALVIS \u00a0ARIAS. \u00a0\u00a0<\/p>\n<p>CONSIDERACIONES DE LA SALA \u00a0<\/p>\n<p>1. El numeral 1 del \u00a0art\u00edculo \u00a082 \u00a0del \u00a0C\u00f3digo \u00a0Penal \u00a0y \u00a0el \u00a0art\u00edculo \u00a038 \u00a0de \u00a0la ley 600 de 2000 \u00a0contemplan \u00a0como \u00a0causal \u00a0de \u00a0extinci\u00f3n \u00a0de \u00a0la \u00a0acci\u00f3n \u00a0penal \u00a0la \u00a0muerte del \u00a0procesado. \u00a0\u00a0<\/p>\n<p>As\u00ed \u00a0mismo, \u00a0el art\u00edculo 38 del C\u00f3digo de \u00a0Procedimiento \u00a0Penal se\u00f1ala que, en cualquier momento de la etapa del juicio en \u00a0que \u00a0aparezca \u00a0demostrado que la actuaci\u00f3n no puede proseguirse, el funcionario \u00a0competente declarar\u00e1 la cesaci\u00f3n del procedimiento. \u00a0\u00a0<\/p>\n<p>2. En el asunto que \u00a0centra \u00a0 la \u00a0atenci\u00f3n \u00a0de \u00a0la \u00a0Sala, \u00a0al \u00a0contrario \u00a0de \u00a0lo \u00a0que \u00a0sucedi\u00f3 \u00a0con \u00a0Pedro Antonio Mar\u00edn (alias \u00a0Tirofijo), se comprob\u00f3 el \u00a0fallecimiento \u00a0 del \u00a0 procesado \u00a0 Luis \u00a0\u00c9dgar \u00a0Devia \u00a0Silva \u00a0 \u00a0(alias \u00a0 Ra\u00fal \u00a0Reyes), \u00a0identificado \u00a0con \u00a0c\u00e9dula \u00a0de \u00a0ciudadan\u00eda \u00a0n\u00famero \u00a0 \u00a014\u2019871.281, \u00a0expedida \u00a0en \u00a0Buga \u00a0(Valle). \u00a0Lo \u00a0anterior, \u00a0de \u00a0acuerdo \u00a0con \u00a0el \u00a0informe de la \u00a0Registradur\u00eda \u00a0Nacional \u00a0del \u00a0Estado Civil que obra en la actuaci\u00f3n, as\u00ed como \u00a0el \u00a0registro \u00a0civil \u00a0de \u00a0defunci\u00f3n \u00a0correspondiente1. \u00a0\u00a0<\/p>\n<p>En \u00a0consecuencia, \u00a0la \u00a0Sala \u00a0extinguir\u00e1 \u00a0la \u00a0acci\u00f3n \u00a0penal \u00a0seguida \u00a0en \u00a0contra \u00a0de \u00a0esta \u00a0persona, \u00a0de \u00a0conformidad \u00a0con lo \u00a0dispuesto \u00a0en \u00a0el \u00a0numeral 1 del art\u00edculo 82 del C\u00f3digo Penal, en armon\u00eda con \u00a0lo previsto en el art\u00edculo 38 del ordenamiento adjetivo. \u00a0\u00a0<\/p>\n<p>Y \u00a0dado \u00a0que la actuaci\u00f3n procesal no puede \u00a0proseguirse, \u00a0la \u00a0Corte \u00a0tambi\u00e9n \u00a0decretar\u00e1 \u00a0la \u00a0cesaci\u00f3n \u00a0del \u00a0procedimiento \u00a0adelantado \u00a0 en \u00a0 contra \u00a0 de \u00a0 Luis \u00a0 \u00c9dgar \u00a0Devia \u00a0Silva, \u00a0 \u00a0alias \u00a0 Ra\u00fal \u00a0Reyes, \u00a0en \u00a0virtud de lo se\u00f1alado en el art\u00edculo 39 \u00a0de la ley 600 de 2000. \u00a0\u00a0<\/p>\n<p>Por \u00faltimo, el juzgado de primera instancia \u00a0realizar\u00e1 las anotaciones y cancelaciones que se deriven del caso. \u00a0\u00a0<\/p>\n<p>En \u00a0m\u00e9rito \u00a0de lo expuesto, la CORTE \u00a0SUPREMA \u00a0DE JUSTICIA, SALA DE CASACI\u00d3N PENAL, \u00a0\u00a0<\/p>\n<p>RESUELVE \u00a0<\/p>\n<p>1. \u00a0EXTINGUIR \u00a0la \u00a0acci\u00f3n \u00a0 penal \u00a0 a \u00a0 favor \u00a0 de \u00a0Luis \u00a0\u00c9dgar \u00a0Devia \u00a0Silva, \u00a0 \u00a0alias \u00a0 Ra\u00fal \u00a0Reyes, \u00a0debido \u00a0al \u00a0comprobado \u00a0fallecimiento de esta \u00a0persona. \u00a0\u00a0<\/p>\n<p>2. \u00a0 \u00a0Como \u00a0consecuencia \u00a0de \u00a0lo \u00a0anterior, \u00a0DECRETAR la \u00a0cesaci\u00f3n \u00a0del \u00a0procedimiento seguido en contra de Luis \u00a0 \u00a0\u00c9dgar \u00a0 Devia \u00a0 Silva, \u00a0 alias \u00a0Ra\u00fal Reyes. \u00a0\u00a0<\/p>\n<p>3. DISPONER que por \u00a0el \u00a0juzgado \u00a0de \u00a0primera \u00a0instancia \u00a0se realicen las anotaciones y cancelaciones \u00a0pertinentes. \u00a0\u00a0<\/p>\n<p>Contra esta providencia, procede el recurso de \u00a0reposici\u00f3n. \u00a0\u00a0<\/p>\n<p>Notif\u00edquese y c\u00famplase. \u00a0<\/p>\n<p>JULIO \u00a0ENRIQUE \u00a0SOCHA \u00a0SALAMANCA \u00a0\u00a0<\/p>\n<p>JOS\u00c9 \u00a0LEONIDAS BUSTOS MART\u00cdNEZ \u00a0 \u00a0 \u00a0 \u00a0\u00a0 \u00a0 \u00a0 \u00a0 \u00a0\u00a0 \u00a0 \u00a0 \u00a0 \u00a0\u00a0 \u00a0 \u00a0 \u00a0 \u00a0\u00a0\u00a0\u00a0\u00a0\u00a0 \u00a0SIGIFREDO \u00a0ESPINOSA P\u00c9REZ \u00a0\u00a0<\/p>\n<p>ALFREDO \u00a0 \u00a0G\u00d3MEZ \u00a0 QUINTERO\u00a0\u00a0\u00a0\u00a0\u00a0\u00a0\u00a0 MAR\u00cdA \u00a0 \u00a0 \u00a0DEL \u00a0 \u00a0 \u00a0ROSARIO \u00a0 \u00a0 \u00a0GONZ\u00c1LEZ \u00a0 \u00a0 DE \u00a0 \u00a0 LEMOS \u00a0\u00a0<\/p>\n<p>\u00a0 \u00a0\u00a0 \u00a0\u00a0 \u00a0\u00a0 \u00a0\u00a0 \u00a0\u00a0 \u00a0\u00a0 \u00a0\u00a0 \u00a0\u00a0 \u00a0\u00a0 \u00a0 \u00a0\u00a0 \u00a0 \u00a0 \u00a0 \u00a0 \u00a0 \u00a0 \u00a0 \u00a0 \u00a0\u00a0 \u00a0 \u00a0 \u00a0 \u00a0 \u00a0\u00a0 \u00a0\u00a0\u00a0\u00a0\u00a0\u00a0\u00a0\u00a0\u00a0\u00a0 \u00a0\u00a0<\/p>\n<p>AUGUSTO \u00a0J. \u00a0IB\u00c1\u00d1EZ \u00a0GUZM\u00c1N\u00a0\u00a0\u00a0\u00a0\u00a0\u00a0\u00a0\u00a0\u00a0\u00a0 \u00a0JORGE LUIS QUINTERO MILAN\u00c9S \u00a0\u00a0<\/p>\n<p>YESID \u00a0 \u00a0RAM\u00cdREZ \u00a0BASTIDAS\u00a0\u00a0\u00a0\u00a0\u00a0\u00a0\u00a0\u00a0\u00a0\u00a0\u00a0\u00a0\u00a0\u00a0\u00a0\u00a0\u00a0\u00a0\u00a0\u00a0\u00a0\u00a0\u00a0\u00a0\u00a0 \u00a0JAVIER \u00a0 \u00a0 \u00a0ZAPATA \u00a0ORTIZ \u00a0\u00a0<\/p>\n<p>\u00a0\u00a0\u00a0\u00a0\u00a0 \u00a0<\/p>\n<p>TERESA RUIZ N\u00da\u00d1EZ \u00a0<\/p>\n<p>Secretaria \u00a0 \u00a0<\/p>\n<p>1 Folios 10 y 12 del cuaderno de la Corte. \u00a0 \u00a0\u00a0<\/p>\n<p><\/p>\n","protected":false},"excerpt":{"rendered":"<p>\u00a0 \u00a0 Proceso No 28329 \u00a0 CORTE SUPREMA DE JUSTICIA \u00a0 SALA DE CASACI\u00d3N PENAL \u00a0 \u00a0 \u00a0\u00a0 \u00a0\u00a0 \u00a0\u00a0 \u00a0\u00a0 \u00a0 \u00a0 \u00a0 \u00a0 \u00a0 \u00a0\u00a0 \u00a0Magistrado Ponente \u00a0\u00a0 \u00a0 \u00a0\u00a0 \u00a0\u00a0 \u00a0\u00a0 \u00a0\u00a0 \u00a0 \u00a0 \u00a0 \u00a0 \u00a0 \u00a0\u00a0 \u00a0JULIO ENRIQUE SOCHA SALAMANCA \u00a0\u00a0 \u00a0 \u00a0\u00a0 \u00a0\u00a0 \u00a0\u00a0 \u00a0\u00a0 \u00a0 \u00a0 \u00a0 \u00a0 [&hellip;]<\/p>\n","protected":false},"author":1,"featured_media":0,"comment_status":"open","ping_status":"open","sticky":false,"template":"","format":"standard","meta":{"footnotes":""},"categories":[17],"tags":[],"class_list":["post-17901","post","type-post","status-publish","format-standard","hentry","category-17"],"_links":{"self":[{"href":"https:\/\/dmsjuridica.com\/buscador_20179478954\/salapenalcronologico20230723\/wp-json\/wp\/v2\/posts\/17901","targetHints":{"allow":["GET"]}}],"collection":[{"href":"https:\/\/dmsjuridica.com\/buscador_20179478954\/salapenalcronologico20230723\/wp-json\/wp\/v2\/posts"}],"about":[{"href":"https:\/\/dmsjuridica.com\/buscador_20179478954\/salapenalcronologico20230723\/wp-json\/wp\/v2\/types\/post"}],"author":[{"embeddable":true,"href":"https:\/\/dmsjuridica.com\/buscador_20179478954\/salapenalcronologico20230723\/wp-json\/wp\/v2\/users\/1"}],"replies":[{"embeddable":true,"href":"https:\/\/dmsjuridica.com\/buscador_20179478954\/salapenalcronologico20230723\/wp-json\/wp\/v2\/comments?post=17901"}],"version-history":[{"count":0,"href":"https:\/\/dmsjuridica.com\/buscador_20179478954\/salapenalcronologico20230723\/wp-json\/wp\/v2\/posts\/17901\/revisions"}],"wp:attachment":[{"href":"https:\/\/dmsjuridica.com\/buscador_20179478954\/salapenalcronologico20230723\/wp-json\/wp\/v2\/media?parent=17901"}],"wp:term":[{"taxonomy":"category","embeddable":true,"href":"https:\/\/dmsjuridica.com\/buscador_20179478954\/salapenalcronologico20230723\/wp-json\/wp\/v2\/categories?post=17901"},{"taxonomy":"post_tag","embeddable":true,"href":"https:\/\/dmsjuridica.com\/buscador_20179478954\/salapenalcronologico20230723\/wp-json\/wp\/v2\/tags?post=17901"}],"curies":[{"name":"wp","href":"https:\/\/api.w.org\/{rel}","templated":true}]}}