{"id":17786,"date":"2023-09-11T19:39:12","date_gmt":"2023-09-11T19:39:12","guid":{"rendered":"https:\/\/dmsjuridica.com\/buscador_20179478954\/salapenalcronologico20230723\/2023\/09\/11\/2652731-07-09\/"},"modified":"2023-09-11T19:39:12","modified_gmt":"2023-09-11T19:39:12","slug":"2652731-07-09","status":"publish","type":"post","link":"https:\/\/dmsjuridica.com\/buscador_20179478954\/salapenalcronologico20230723\/2023\/09\/11\/2652731-07-09\/","title":{"rendered":"26527(31-07-09)"},"content":{"rendered":"\n<p>\u00a0 \u00a0 Proceso No 26527 \u00a0<\/p>\n<p>CORTE SUPREMA DE JUSTICIA \u00a0<\/p>\n<p>SALA DE CASACI\u00d3N PENAL \u00a0<\/p>\n<p>MAGISTRADO PONENTE \u00a0<\/p>\n<p>AUGUSTO J. IB\u00c1\u00d1EZ GUZM\u00c1N \u00a0<\/p>\n<p>Aprobado: Acta No. 233 \u00a0<\/p>\n<p>Archipi\u00e9lago \u00a0 de \u00a0 San \u00a0 Andr\u00e9s \u00a0 Islas \u00a0Providencia \u00a0 y \u00a0 Santa \u00a0 Catalina, \u00a0 treinta \u00a0 y \u00a0 uno \u00a0 (31) \u00a0 de \u00a0 julio \u00a0 de \u00a0(2009). \u00a0\u00a0<\/p>\n<p>MOTIVO DE LA DECISI\u00d3N \u00a0<\/p>\n<p>Mediante \u00a0sentencia \u00a0del \u00a02 \u00a0de diciembre de \u00a02003, \u00a0el \u00a0Juzgado \u00a054 \u00a0Penal \u00a0del \u00a0Circuito \u00a0de \u00a0Bogot\u00e1 conden\u00f3 a \u00a0JOS\u00c9 \u00a0RA\u00daL \u00a0ROZO \u00a0GAVIRIA y a JOSELITO \u00a0PRADA \u00a0GUTI\u00c9RREZ, \u00a0como coautores de los delitos de homicidio y porte ilegal de \u00a0armas, \u00a0a \u00a0la \u00a0pena \u00a0principal \u00a0de \u00a0treinta y ocho (38) a\u00f1os de prisi\u00f3n y a la \u00a0accesoria \u00a0de interdicci\u00f3n de derechos y funciones p\u00fablicas por el t\u00e9rmino de \u00a0veinte \u00a0(20) \u00a0a\u00f1os. \u00a0Les \u00a0impuso el pago de los perjuicios materiales y morales \u00a0causados \u00a0con \u00a0los \u00a0homicidios \u00a0y \u00a0les \u00a0neg\u00f3 \u00a0el \u00a0beneficio \u00a0de \u00a0la \u00a0condena de \u00a0ejecuci\u00f3n condicional. \u00a0\u00a0<\/p>\n<p>4. \u00a0El \u00a0Tribunal \u00a0Superior \u00a0de \u00a0Popay\u00e1n, en \u00a0ejercicio \u00a0de \u00a0la competencia asignada por el Consejo Superior de la Judicatura, \u00a0confirm\u00f3 \u00a0 la \u00a0 decisi\u00f3n \u00a0 del \u00a0 A \u00a0quo \u00a0en \u00a0providencia \u00a0del \u00a024 \u00a0de febrero de 2006, que fue recurrida en \u00a0casaci\u00f3n por el defensor de los procesados. \u00a0\u00a0<\/p>\n<p>5. \u00a0Por auto del 30 de mayo de 2007, la Sala \u00a0inadmiti\u00f3 \u00a0la \u00a0demanda por ausencia de los requisitos l\u00f3gicos y argumentativos \u00a0y \u00a0declar\u00f3 \u00a0la \u00a0prescripci\u00f3n de la acci\u00f3n penal, respecto del delito de porte \u00a0ilegal \u00a0de \u00a0armas \u00a0de \u00a0fuego. \u00a0En \u00a0consecuencia, \u00a0redosific\u00f3 la pena y la fij\u00f3 \u00a0provisionalmente \u00a0en \u00a0veintiocho (28) a\u00f1os de prisi\u00f3n. Adicionalmente, dispuso \u00a0el \u00a0tr\u00e1mite \u00a0para \u00a0su \u00a0intervenci\u00f3n \u00a0oficiosa, dada la posible vulneraci\u00f3n de \u00a0garant\u00edas \u00a0 fundamentales, \u00a0por \u00a0cuanto \u00a0los \u00a0sentenciadores \u00a0imputaron \u00a0a \u00a0los \u00a0procesados \u00a0circunstancias \u00a0de \u00a0mayor \u00a0punibilidad que no fueron deducidas en la \u00a0acusaci\u00f3n, \u00a0y \u00a0al \u00a0momento \u00a0de \u00a0fijar \u00a0las \u00a0penas \u00a0accesorias, no analizaron la \u00a0probable \u00a0aplicaci\u00f3n \u00a0de \u00a0la \u00a0legislaci\u00f3n \u00a0que \u00a0reg\u00eda \u00a0para el momento de los \u00a0hechos. \u00a0\u00a0<\/p>\n<p>6. \u00a0Recibido \u00a0el \u00a0concepto \u00a0de \u00a0la \u00a0se\u00f1ora \u00a0Procuradora \u00a0Tercera \u00a0Delegada \u00a0para \u00a0la \u00a0Casaci\u00f3n \u00a0Penal, \u00a0la Sala resuelve de \u00a0fondo. \u00a0\u00a0<\/p>\n<p>HECHOS Y ACTUACI\u00d3N PROCESAL \u00a0<\/p>\n<p>1. \u00a0El \u00a029 de noviembre del a\u00f1o 2000, hacia \u00a0las \u00a0once \u00a0de \u00a0la \u00a0ma\u00f1ana, \u00a0fueron \u00a0ultimados \u00a0Jairo Antonio Buitrago Barrera y \u00a0Josu\u00e9 \u00a0Oswaldo \u00a0Gallego Algecira, cuando se desplazaban a pie por la carrera 31 \u00a0No \u00a0125 A \u2013 23, frente a la \u00a0entrada \u00a0principal \u00a0de \u00a0la \u00a0Cl\u00ednica \u00a0Reina \u00a0Sof\u00eda, \u00a0de \u00a0esta \u00a0ciudad, \u00a0por dos \u00a0individuos \u00a0que \u00a0se \u00a0les acercaron y a quemarropa accionaron diferentes armas de \u00a0fuego, \u00a0ocasion\u00e1ndoles \u00a0m\u00faltiples \u00a0heridas \u00a0que \u00a0causaron \u00a0su \u00a0deceso \u00a0casi de \u00a0inmediato, \u00a0pese \u00a0a \u00a0las \u00a0tareas \u00a0de reanimaci\u00f3n ejercidas por los m\u00e9dicos del \u00a0hospital. \u00a0\u00a0<\/p>\n<p>Los agresores emprendieron la huida hacia la \u00a0calle \u00a0127, \u00a0donde \u00a0abordaron \u00a0un \u00a0veh\u00edculo rojo que se alej\u00f3 del lugar a gran \u00a0velocidad. \u00a0Un \u00a0taxista \u00a0que \u00a0se \u00a0percat\u00f3 del hecho lo report\u00f3 a la central de \u00a0radio \u00a0de la empresa, mientras trataba de alcanzarlo, pudiendo establecer que se \u00a0trataba de un autom\u00f3vil mazda 626 vinotinto, de placa GLF 466. \u00a0\u00a0<\/p>\n<p>En \u00a0la \u00a0calle \u00a0125 \u00a0perdi\u00f3 \u00a0de \u00a0vista \u00a0el \u00a0veh\u00edculo, \u00a0pero \u00a0otro \u00a0taxista \u00a0lo \u00a0vio pasar por la calle 98, ocupado por tres \u00a0personas \u00a0y procedi\u00f3 a seguirlo, a una velocidad entre 90 y 100 kil\u00f3metros por \u00a0hora, \u00a0hasta \u00a0la \u00a0calle 70, donde comenz\u00f3 a alejarse y escuch\u00f3 que la polic\u00eda \u00a0ya los ten\u00eda en pantalla. \u00a0\u00a0<\/p>\n<p>Dos \u00a0agentes \u00a0que patrullaban en motocicleta \u00a0por \u00a0la \u00a0calle 26 se desplazaron hasta la avenida Las Am\u00e9ricas, donde vieron el \u00a0veh\u00edculo \u00a0en \u00a0momentos \u00a0en \u00a0que \u00a0el \u00a0conductor \u00a0se \u00a0baj\u00f3 corriendo y cruz\u00f3 la \u00a0calzada, \u00a0 mientras \u00a0 que \u00a0 otro \u00a0 ocupante \u00a0tom\u00f3 \u00a0el \u00a0tim\u00f3n \u00a0y \u00a0continu\u00f3 \u00a0la \u00a0marcha. \u00a0\u00a0<\/p>\n<p>De \u00a0inmediato, el agente parrillero se baj\u00f3 \u00a0de \u00a0la \u00a0motocicleta \u00a0y \u00a0procedi\u00f3 \u00a0a \u00a0perseguir \u00a0a \u00a0quien \u00a0se \u00a0hab\u00eda bajado del \u00a0veh\u00edculo, \u00a0conmin\u00e1ndolo \u00a0a detenerse, no sin antes hacer dos disparos al aire. \u00a0Al \u00a0ser requisado se le encontraron dos pistolas, una de ellas, marca Zig Saver, \u00a0sin \u00a0 salvoconducto. \u00a0 Seg\u00fan \u00a0 el \u00a0uniformado, \u00a0el \u00a0sujeto \u00a0le \u00a0manifest\u00f3 \u00a0que \u00a0pertenec\u00eda a la Sij\u00edn y que hab\u00eda cometido una embarrada. \u00a0\u00a0<\/p>\n<p>Efectivamente \u00a0el capturado fue identificado \u00a0como \u00a0JOS\u00c9 \u00a0RA\u00daL ROZO GAVIRIA, patrullero de la Sij\u00edn, quien para entonces se \u00a0encontraba de civil, disfrutando de vacaciones. \u00a0\u00a0<\/p>\n<p>Entre \u00a0tanto, \u00a0el \u00a0agente \u00a0que \u00a0conduc\u00eda la \u00a0motocicleta \u00a0continu\u00f3 \u00a0en la persecuci\u00f3n del automotor y m\u00e1s adelante, cuando \u00a0tuvo \u00a0que \u00a0detenerse \u00a0porque \u00a0otro \u00a0carro \u00a0no \u00a0alcanz\u00f3 \u00a0a \u00a0pasar \u00a0el sem\u00e1foro, \u00a0procedi\u00f3 \u00a0a \u00a0bloquearlo con la motocicleta y a enca\u00f1onar al conductor para que \u00a0se \u00a0bajara. \u00a0Este \u00a0accedi\u00f3 \u00a0y le dijo que tranquilo que era de la Sij\u00edn. En la \u00a0requisa, tambi\u00e9n se le encontr\u00f3 un rev\u00f3lver sin salvoconducto. \u00a0\u00a0<\/p>\n<p>En el veh\u00edculo se encontraron varios juegos \u00a0de \u00a0placas \u00a0falsificadas \u00a0o \u00a0pertenecientes \u00a0a \u00a0otros \u00a0veh\u00edculos, incluidas las \u00a0originales \u00a0de \u00a0ese \u00a0automotor \u00a0(ZID 714) y debajo del asiento del conductor, un \u00a0proveedor para pistola. \u00a0\u00a0<\/p>\n<p>2. \u00a0Adelantada \u00a0la \u00a0investigaci\u00f3n, \u00a0el 5 de \u00a0marzo \u00a0 de \u00a02001 \u00a0la \u00a0Fiscal\u00eda \u00a0Catorce \u00a0Seccional \u00a0de \u00a0Bogot\u00e1 \u00a0acus\u00f3 \u00a0a \u00a0los \u00a0justiciables \u00a0como \u00a0coautores \u00a0de \u00a0los \u00a0delitos \u00a0de \u00a0homicidio y porte ilegal de \u00a0armas, \u00a0decisi\u00f3n \u00a0que \u00a0la Fiscal\u00eda Tercera Delegada ante el Tribunal confirm\u00f3 \u00a0en su integridad en providencia del 7 de mayo del mismo a\u00f1o. \u00a0\u00a0<\/p>\n<p>3. \u00a0El \u00a02 \u00a0de \u00a0diciembre de 2003, el Juzgado \u00a0Cincuenta \u00a0y cuatro Penal del Circuito de Bogot\u00e1 dict\u00f3 la sentencia de primera \u00a0instancia, \u00a0ya \u00a0rese\u00f1ada, \u00a0que \u00a0fue confirmada en su integridad por el Tribunal \u00a0Superior de Popay\u00e1n, el 24 de febrero de 2006.\u00a0 \u00a0\u00a0<\/p>\n<p>EL MINISTERIO P\u00daBLICO \u00a0<\/p>\n<p>Recomienda casar de oficio y parcialmente la \u00a0sentencia \u00a0y, como consecuencia, se redosifiquen la pena principal de prisi\u00f3n y \u00a0las \u00a0accesoria \u00a0de \u00a0interdicci\u00f3n \u00a0de derechos y funciones p\u00fablicas impuestas a \u00a0los procesados. \u00a0\u00a0<\/p>\n<p>CONSIDERACIONES \u00a0<\/p>\n<p>1. \u00a0En efecto, la Sala hab\u00eda constatado que \u00a0en \u00a0este \u00a0asunto, el funcionario instructor profiri\u00f3 resoluci\u00f3n acusatoria por \u00a0el \u00a0delito de homicidio, \u201cart\u00edculo 324 numeral 7\u00ba, \u00a0en \u00a0la \u00a0modalidad de concurso homog\u00e9neo sucesivo por haberse atentado contra la \u00a0vida \u00a0de \u00a0dos personas y en concurso heterog\u00e9neo con el delito que da cuenta el \u00a0Titulo \u00a0V \u00a0de los delitos contra la Seguridad P\u00fablica, art\u00edculo 201, que fuera \u00a0modificado \u00a0por \u00a0el Decreto 3664 de 1986, que se refiere al tr\u00e1fico de armas de \u00a0fuego \u00a0 o \u00a0 municiones \u00a0 sin \u00a0 permiso \u00a0de \u00a0autoridad \u00a0competente\u201d1. \u00a0\u00a0<\/p>\n<p>La calificaci\u00f3n jur\u00eddica de la infracci\u00f3n \u00a0no \u00a0fue \u00a0objeto \u00a0de modificaci\u00f3n por la Fiscal\u00eda de segunda instancia, y en la \u00a0audiencia \u00a0p\u00fablica de juzgamiento, el representante de la fiscal\u00eda reiter\u00f3 la \u00a0imputaci\u00f3n \u00a0 \u00a0 en \u00a0 \u00a0 los \u00a0 \u00a0mismos \u00a0 \u00a0t\u00e9rminos2, \u00a0como \u00a0bien \u00a0lo \u00a0advierte \u00a0la \u00a0representante del Ministerio P\u00fablico. \u00a0\u00a0<\/p>\n<p>El \u00a0sentenciador de primer grado, al momento \u00a0de \u00a0dosificar \u00a0la \u00a0pena, \u00a0se\u00f1al\u00f3 que conforme a los criterios se\u00f1alados en el \u00a0art\u00edculo \u00a031 \u00a0del \u00a0C\u00f3digo \u00a0Penal, \u00a0se \u00a0deb\u00eda \u00a0partir \u00a0de \u00a0la disposici\u00f3n que \u00a0estableciera \u00a0la \u00a0pena \u00a0m\u00e1s grave, \u201cen este caso el \u00a0del \u00a0homicidio \u00a0art. \u00a0104 \u00a0numeral \u00a07\u00ba \u00a0de \u00a0la \u00a0misma \u00a0obra, \u00a0toda \u00a0vez \u00a0que se \u00a0aprovecharon \u00a0de \u00a0la \u00a0situaci\u00f3n \u00a0de \u00a0indefensi\u00f3n de sus v\u00edctimas y \u00a0teniendo \u00a0en \u00a0cuenta\u00a0 el art\u00edculo 58 de la misma obra, que \u00a0trata \u00a0de \u00a0las \u00a0circunstancias \u00a0de \u00a0mayor \u00a0punibilidad, \u00a0en \u00a0sus \u00a0numerales \u00a09 y \u00a010, toda vez que los procesados ten\u00edan una posici\u00f3n \u00a0y \u00a0cargo \u00a0distinguido \u00a0en \u00a0la \u00a0sociedad, \u00a0ya \u00a0que \u00a0eran \u00a0agentes de la polic\u00eda, \u00a0personas \u00a0que \u00a0tienen para con la ciudadan\u00eda y sociedad, en general el deber de \u00a0proteger \u00a0la \u00a0vida, \u00a0honra \u00a0y \u00a0bienes de los ciudadanos, adem\u00e1s llevaron a cabo \u00a0esta \u00a0conducta \u00a0punible \u00a0en \u00a0coparticipaci\u00f3n \u00a0entre \u00a0compa\u00f1eros \u00a0de \u00a0la \u00a0misma \u00a0instituci\u00f3n, \u00a0 por \u00a0esta \u00a0raz\u00f3n \u00a0se \u00a0partir\u00e1 \u00a0de \u00a0veintiocho \u00a0(28) \u00a0a\u00f1os \u00a0de \u00a0prisi\u00f3n\u201d3. \u00a0\u00a0<\/p>\n<p>2. Como se sabe, el principio de congruencia \u00a0se \u00a0 vulnera \u00a0 cuando \u00a0el \u00a0sentenciador \u00a0desconoce \u00a0la \u00a0denominaci\u00f3n \u00a0jur\u00eddica \u00a0atribuida \u00a0en la resoluci\u00f3n de acusaci\u00f3n y condena o absuelve por una conducta \u00a0punible \u00a0diferente, o cuando incluye circunstancias de \u00a0agravaci\u00f3n \u00a0no deducidas o incluye nuevas conductas no \u00a0contempladas en el pliego de cargos. \u00a0\u00a0<\/p>\n<p>3. \u00a0La \u00a0atribuci\u00f3n de las circunstancias de \u00a0mayor \u00a0punibilidad \u00a0antedichas, \u00a0no \u00a0reconocidas \u00a0por \u00a0el ente acusador, condujo \u00a0indiscutiblemente \u00a0a \u00a0la imposici\u00f3n de una pena m\u00e1s grave, por cuanto incidi\u00f3 \u00a0en \u00a0la \u00a0determinaci\u00f3n \u00a0del monto de veintiocho (28) a\u00f1os de prisi\u00f3n, a partir \u00a0del \u00a0cual \u00a0el \u00a0fallador \u00a0calcul\u00f3 \u00a0la \u00a0pena \u00a0a \u00a0imponer \u00a0por raz\u00f3n del concurso \u00a0heterog\u00e9neo \u00a0con \u00a0el \u00a0delito \u00a0de \u00a0porte \u00a0ilegal \u00a0de armas de fuego que, como se \u00a0anunci\u00f3, ya fue declarado prescrito por esta Corporaci\u00f3n. \u00a0\u00a0<\/p>\n<p>Para corregir el yerro, se proceder\u00e1 a fijar \u00a0la pena principal en veinticinco (25) a\u00f1os de prisi\u00f3n. \u00a0\u00a0<\/p>\n<p>No \u00a0obstante, \u00a0se \u00a0debe \u00a0subrayar \u00a0que \u00a0los \u00a0juzgadores \u00a0no \u00a0tuvieron \u00a0en \u00a0cuenta \u00a0que se trataba de un concurso homog\u00e9neo y \u00a0sucesivo \u00a0de \u00a0homicidio \u00a0agravado, \u00a0situaci\u00f3n que en este momento no es posible \u00a0enmendar, \u00a0porque \u00a0resultar\u00eda \u00a0gravosa \u00a0a \u00a0los \u00a0intereses \u00a0de los sentenciados. \u00a0\u00a0<\/p>\n<p>4. \u00a0Tambi\u00e9n \u00a0se \u00a0constata que al momento de \u00a0fijar \u00a0la \u00a0pena \u00a0accesoria de inhabilitaci\u00f3n de derechos y funciones p\u00fablicas, \u00a0por \u00a0un \u00a0periodo \u00a0de \u00a0veinte \u00a0(20) \u00a0a\u00f1os, \u00a0los sentenciadores desconocieron los \u00a0principios \u00a0de \u00a0legalidad \u00a0y \u00a0de \u00a0favorabilidad, \u00a0por \u00a0cuanto no advirtieron que \u00a0atendiendo \u00a0a la \u00e9poca de comisi\u00f3n de los hechos &#8211; 29 de noviembre de 2000- se \u00a0impone \u00a0 la \u00a0 aplicaci\u00f3n \u00a0del \u00a0art\u00edculo \u00a044 \u00a0del \u00a0Decreto \u00a0100 \u00a0de \u00a01980, \u00a0por \u00a0favorabilidad. \u00a0\u00a0<\/p>\n<p>En consecuencia, la Sala fijar\u00e1 su duraci\u00f3n \u00a0en diez (10) a\u00f1os. \u00a0\u00a0<\/p>\n<p>En \u00a0m\u00e9rito \u00a0de \u00a0lo \u00a0expuesto, \u00a0la \u00a0Sala \u00a0de \u00a0Casaci\u00f3n \u00a0Penal \u00a0de \u00a0la \u00a0CORTE \u00a0SUPREMA \u00a0DE JUSTICIA, administrando justicia en \u00a0nombre de la Rep\u00fablica y por autoridad de la Ley, \u00a0\u00a0<\/p>\n<p>RESUELVE \u00a0<\/p>\n<p>1. CASAR OFICIOSA Y \u00a0PARCIALMENTE el fallo del 24 de febrero de 2006,\u00a0 \u00a0en \u00a0el sentido de imponer a JOS\u00c9 RA\u00daL ROZO GAVIRIA y JOSELITO PRADA GUTI\u00c9RREZ \u00a0la \u00a0pena \u00a0principal \u00a0de \u00a0veinticinco \u00a0(25) \u00a0a\u00f1os \u00a0de prisi\u00f3n y la accesoria de \u00a0interdicci\u00f3n \u00a0de \u00a0derechos \u00a0y \u00a0funciones p\u00fablicas por el t\u00e9rmino de diez (10) \u00a0a\u00f1os, \u00a0como \u00a0coautores \u00a0responsables \u00a0del \u00a0delito \u00a0de \u00a0homicidio \u00a0agravado, \u00a0en \u00a0concurso sucesivo y homog\u00e9neo. \u00a0\u00a0<\/p>\n<p>Las \u00a0dem\u00e1s \u00a0determinaciones \u00a0permanecen sin \u00a0modificaci\u00f3n. \u00a0\u00a0<\/p>\n<p>Contra \u00a0esta \u00a0decisi\u00f3n \u00a0no \u00a0procede ning\u00fan \u00a0recurso. \u00a0\u00a0<\/p>\n<p>NOTIF\u00cdQUESE y C\u00daMPLASE \u00a0<\/p>\n<p>JULIO ENRIQUE SOCHA SALAMANCA \u00a0<\/p>\n<p>JOS\u00c9 \u00a0LEONIDAS \u00a0BUSTOS \u00a0MART\u00cdNEZ\u00a0\u00a0\u00a0\u00a0\u00a0\u00a0\u00a0\u00a0\u00a0\u00a0\u00a0\u00a0\u00a0\u00a0\u00a0 \u00a0SIGIFREDO \u00a0ESPINOZA \u00a0PEREZ \u00a0 \u00a0\u00a0 \u00a0 \u00a0 \u00a0 \u00a0 \u00a0 \u00a0 \u00a0 \u00a0 \u00a0\u00a0\u00a0\u00a0\u00a0\u00a0\u00a0\u00a0\u00a0\u00a0\u00a0\u00a0\u00a0\u00a0 \u00a0 \u00a0 \u00a0 \u00a0\u00a0 \u00a0\u00a0 \u00a0\u00a0 \u00a0 \u00a0 \u00a0 \u00a0\u00a0 \u00a0 \u00a0 \u00a0 \u00a0\u00a0 \u00a0 \u00a0 \u00a0 \u00a0\u00a0\u00a0\u00a0\u00a0\u00a0\u00a0\u00a0\u00a0\u00a0 Salvamento \u00a0parcial de voto \u00a0\u00a0<\/p>\n<p>ALFREDO \u00a0 \u00a0G\u00d3MEZ \u00a0QUINTERO\u00a0\u00a0\u00a0\u00a0\u00a0\u00a0 \u00a0MARIA \u00a0DEL \u00a0ROSARIO \u00a0GONZ\u00c1LEZ \u00a0DE \u00a0LEMUS \u00a0 \u00a0 \u00a0 \u00a0 \u00a0\u00a0\u00a0\u00a0\u00a0\u00a0 \u00a0Permiso\u00a0\u00a0\u00a0\u00a0\u00a0\u00a0\u00a0\u00a0\u00a0\u00a0\u00a0\u00a0\u00a0\u00a0 \u00a0 \u00a0 \u00a0 \u00a0\u00a0 \u00a0\u00a0 \u00a0\u00a0 \u00a0 \u00a0 \u00a0 \u00a0\u00a0Comisi\u00f3n \u00a0 \u00a0de \u00a0servicio \u00a0\u00a0<\/p>\n<p>AUGUSTO \u00a0J. \u00a0IBA\u00d1EZ \u00a0GUZM\u00c1N\u00a0\u00a0\u00a0\u00a0\u00a0\u00a0\u00a0\u00a0\u00a0\u00a0\u00a0\u00a0\u00a0\u00a0\u00a0\u00a0\u00a0\u00a0 \u00a0JORGE \u00a0 \u00a0 \u00a0 \u00a0 \u00a0 \u00a0 \u00a0 \u00a0 \u00a0 \u00a0 \u00a0 \u00a0 \u00a0 \u00a0 \u00a0 \u00a0LUIS \u00a0 \u00a0 \u00a0 \u00a0 \u00a0 \u00a0 \u00a0 \u00a0 \u00a0 \u00a0 \u00a0 \u00a0 \u00a0 \u00a0 \u00a0 QUINTERO \u00a0MILAN\u00c9S\u00a0\u00a0\u00a0\u00a0\u00a0\u00a0\u00a0\u00a0\u00a0\u00a0\u00a0\u00a0\u00a0\u00a0\u00a0\u00a0\u00a0\u00a0\u00a0\u00a0\u00a0\u00a0\u00a0\u00a0 \u00a0\u00a0<\/p>\n<p>Salvamento \u00a0parcial \u00a0de \u00a0voto \u00a0\u00a0<\/p>\n<p>YESID \u00a0 \u00a0RAM\u00cdREZ \u00a0BASTIDAS\u00a0\u00a0\u00a0\u00a0\u00a0\u00a0\u00a0\u00a0\u00a0\u00a0\u00a0\u00a0\u00a0\u00a0\u00a0\u00a0\u00a0\u00a0\u00a0\u00a0\u00a0\u00a0\u00a0\u00a0\u00a0\u00a0\u00a0\u00a0\u00a0\u00a0\u00a0\u00a0\u00a0\u00a0\u00a0\u00a0\u00a0\u00a0\u00a0 \u00a0JAVIER ZAPATA ORTIZ \u00a0\u00a0<\/p>\n<p>Salvamento parcial de voto \u00a0<\/p>\n<p>TERESA RUIZ N\u00da\u00d1EZ \u00a0<\/p>\n<p>Secretaria \u00a0<\/p>\n<p>SALVAMENTO\u00a0 \u00a0PARCIAL\u00a0 \u00a0DE\u00a0 \u00a0VOTO \u00a0\u00a0<\/p>\n<p>Con el debido respeto por la posici\u00f3n de la \u00a0mayor\u00eda \u00a0de \u00a0la \u00a0Sala, \u00a0debo \u00a0salvar \u00a0parcialmente \u00a0mi \u00a0voto en el asunto de la \u00a0referencia \u00a0 en \u00a0lo \u00a0que \u00a0tiene \u00a0que \u00a0ver \u00a0con \u00a0el \u00a0principio \u00a0de \u00a0legalidad \u00a0en \u00a0contraposici\u00f3n \u00a0a \u00a0la \u00a0prohibici\u00f3n de la reforma peyorativa, porque, como bien \u00a0es \u00a0conocido \u00a0por todos, mi criterio ha sido uniforme en cuanto que el principio \u00a0de \u00a0legalidad \u00a0es \u00a0imperativo \u00a0por \u00a0constituir uno de los pilares esenciales del \u00a0Estado \u00a0de \u00a0derecho, \u00a0de \u00a0ah\u00ed que reitere dichos planteamientos de la siguiente \u00a0manera: \u00a0\u00a0<\/p>\n<p>\u201cEl \u00a0 principio \u00a0constitucional \u00a0de \u00a0la \u00a0separaci\u00f3n \u00a0de \u00a0poderes es uno de los presupuestos configurativos del Estado de \u00a0Derecho \u00a0y \u00a0por \u00a0ende \u00a0un \u00a0elemento fundamental del orden constitucional, sin el \u00a0cual \u00a0ning\u00fan \u00a0funcionario pudiera actuar con legitimidad. Nuestra Constituci\u00f3n \u00a0lo consagra en el art\u00edculo 113 cuando se\u00f1ala: \u00a0\u00a0<\/p>\n<p>\u2018Son ramas del \u00a0poder p\u00fablico, la legislativa, la ejecutiva, y la judicial. \u00a0\u00a0<\/p>\n<p>\u2018Adem\u00e1s de los \u00a0\u00f3rganos \u00a0que \u00a0las \u00a0integran existen otros, aut\u00f3nomos e independientes, para el \u00a0cumplimiento \u00a0de \u00a0las \u00a0dem\u00e1s \u00a0funciones del Estado. Los diferentes \u00f3rganos del \u00a0Estado \u00a0 tienen \u00a0funciones \u00a0separadas \u00a0pero \u00a0colaboran \u00a0arm\u00f3nicamente \u00a0para \u00a0la \u00a0realizaci\u00f3n \u00a0 \u00a0 de \u00a0 \u00a0 sus \u00a0 \u00a0fines\u2019. \u00a0\u00a0<\/p>\n<p>Conforme a ello, los \u00f3rganos del Estado se \u00a0encuentran \u00a0separados funcionalmente, pero deben colaborarse arm\u00f3nicamente para \u00a0realizar \u00a0los \u00a0fines \u00a0del \u00a0Estado \u00a0(art\u00edculos \u00a02 \u00a0y 365 \u00eddem). Pero como lo ha \u00a0reiterado \u00a0la \u00a0jurisprudencia \u00a0constitucional, \u00a0la \u00a0exigencia \u00a0de \u00a0colaboraci\u00f3n \u00a0arm\u00f3nica \u00a0entre \u00a0los \u00f3rganos del Estado no puede dar lugar a una ruptura de la \u00a0divisi\u00f3n \u00a0de \u00a0poderes \u00a0ni \u00a0del \u00a0reparto \u00a0funcional de competencias, de modo que \u00a0determinado \u00a0\u00f3rgano \u00a0termine ejerciendo las funciones atribuidas por la Carta a \u00a0otro \u00f3rgano. Sobre el punto, ha dicho la Corte Constitucional: \u00a0\u00a0<\/p>\n<p>\u2018Cada \u00a0\u00f3rgano \u00a0del \u00a0Estado \u00a0tiene, \u00a0en el marco de la Constituci\u00f3n, un conjunto determinado de \u00a0funciones. \u00a0El desarrollo de una competencia singular no puede realizarse de una \u00a0manera \u00a0tal \u00a0que \u00a0su resultado signifique una alteraci\u00f3n o modificaci\u00f3n de las \u00a0funciones \u00a0que \u00a0la \u00a0Constituci\u00f3n \u00a0ha \u00a0atribuido a los dem\u00e1s \u00f3rganos.\u00a0 Se \u00a0impone \u00a0un \u00a0criterio \u00a0o \u00a0principio \u00a0de \u2018ejercicio \u00a0 \u00a0 arm\u00f3nico\u2019 \u00a0de \u00a0los poderes, de suerte que cada \u00f3rgano se mantenga dentro de \u00a0su \u00a0 esfera \u00a0 propia \u00a0y \u00a0no \u00a0se \u00a0desfigure \u00a0el \u00a0dise\u00f1o \u00a0constitucional \u00a0de \u00a0las \u00a0funciones\u2019 \u00a0\u00a0<\/p>\n<p>La \u00a0separaci\u00f3n \u00a0de \u00a0funciones \u00a0entre \u00a0los \u00a0distintos \u00a0\u00f3rganos del Estado sirve a su vez de l\u00edmite al ejercicio del poder, \u00a0de \u00a0tal \u00a0forma \u00a0que ninguna de las ramas que integran el Estado de derecho puede \u00a0sustraerse \u00a0a \u00a0la sujeci\u00f3n que le debe a la Constituci\u00f3n Pol\u00edtica y a la ley. \u00a0En \u00a0ese \u00a0sentido \u00a0se \u00a0ha \u00a0pronunciado la jurisprudencia constitucional afirmando \u00a0que: \u00a0\u00a0<\/p>\n<p>\u2018En \u00a0un Estado \u00a0democr\u00e1tico \u00a0se \u00a0hace \u00a0indispensable \u00a0como \u00a0garant\u00eda \u00a0de \u00a0la libertad y de los \u00a0derechos \u00a0fundamentales \u00a0de los asociados, que se ejerzan por distintos \u00f3rganos \u00a0y \u00a0de \u00a0manera separada las funciones de legislar, administrar y juzgar.\u00a0 De \u00a0la \u00a0misma \u00a0manera, \u00a0el \u00a0Estado \u00a0democr\u00e1tico \u00a0supone la adopci\u00f3n de rec\u00edprocos \u00a0controles \u00a0entre \u00a0las ramas del poder, para que no impere la voluntad aislada de \u00a0una \u00a0de ellas.\u00a0 Es, pues, esencial que quien ejerza el poder, a su vez sepa \u00a0que \u00a0es \u00a0objeto \u00a0de \u00a0control \u00a0en \u00a0su \u00a0ejercicio. Es esa la raz\u00f3n por la cual al \u00a0Ejecutivo \u00a0lo \u00a0vigila \u00a0y controla desde el punto de vista pol\u00edtico, el Congreso \u00a0de \u00a0 la \u00a0Rep\u00fablica \u00a0que, \u00a0adem\u00e1s \u00a0de \u00a0la \u00a0funci\u00f3n \u00a0de \u00a0legislar \u00a0ejerce \u00a0como \u00a0representante \u00a0de \u00a0la \u00a0voluntad popular esa trascendental funci\u00f3n democr\u00e1tica. \u00a0As\u00ed \u00a0 mismo, \u00a0la \u00a0rama \u00a0judicial, \u00a0a \u00a0su \u00a0turno, \u00a0no \u00a0escapa \u00a0a \u00a0los \u00a0controles \u00a0establecidos \u00a0en \u00a0la \u00a0Constituci\u00f3n \u00a0Pol\u00edtica. En s\u00edntesis, en una democracia, \u00a0ninguna \u00a0de \u00a0las ramas del poder p\u00fablico puede sustraerse a la sujeci\u00f3n que le \u00a0debe \u00a0a \u00a0la \u00a0Constituci\u00f3n Pol\u00edtica y a la ley. De lo contrario, desaparecer\u00eda \u00a0el \u00a0 \u00a0 \u00a0Estado \u00a0 \u00a0 \u00a0de \u00a0 \u00a0 \u00a0Derecho\u2019. \u00a0\u00a0<\/p>\n<p>Todo ello permite concluir que en virtud del \u00a0principio \u00a0de \u00a0separaci\u00f3n de poderes, el Congreso, la Judicatura y el Ejecutivo \u00a0ejercen \u00a0funciones \u00a0separadas, \u00a0a\u00fan \u00a0cuando \u00a0deben \u00a0articularse \u00a0para colaborar \u00a0arm\u00f3nicamente \u00a0en \u00a0la \u00a0consecuci\u00f3n \u00a0de \u00a0los \u00a0fines \u00a0del \u00a0Estado, \u00a0y \u00a0que \u00e9sta \u00a0separaci\u00f3n \u00a0no \u00a0excluye \u00a0sino \u00a0que, por el contrario, conlleva la existencia de \u00a0mutuos \u00a0controles, \u00a0entre \u00a0ellos, \u00a0los que impone la Constituci\u00f3n a los jueces, \u00a0quienes \u00a0en \u00a0su \u00a0ejercicio est\u00e1n sometidos al imperio \u00a0de \u00a0la \u00a0ley, \u00a0por \u00a0lo \u00a0que \u00a0al \u00a0tasar \u00a0las \u00a0penas, \u00a0necesariamente, deben hacerlo \u00a0dentro \u00a0de los par\u00e1metros se\u00f1alados por la normatividad, siendo claro que bajo \u00a0ninguna \u00a0circunstancia pueden deducir penas por fuera de los m\u00ednimos o m\u00e1ximos \u00a0legales. \u00a0\u00a0<\/p>\n<p>La \u00a0separaci\u00f3n \u00a0de poderes es un mecanismo \u00a0esencial \u00a0para \u00a0evitar \u00a0la arbitrariedad y mantener el ejercicio de la autoridad \u00a0dentro \u00a0de \u00a0los \u00a0l\u00edmites permitidos por la Carta. La voluntad constitucional de \u00a0someter \u00a0la acci\u00f3n Estatal al derecho, as\u00ed como el principio de la separaci\u00f3n \u00a0de \u00a0poderes, \u00a0llevan \u00a0a \u00a0pregonar \u00a0que la ley juega un papel trascendental en la \u00a0regulaci\u00f3n \u00a0 \u00a0y \u00a0 \u00a0restricci\u00f3n \u00a0 \u00a0de \u00a0 \u00a0los \u00a0 \u00a0derechos \u00a0 constitucionales \u00a0 y \u00a0legales. \u00a0\u00a0<\/p>\n<p>Por \u00a0ello, en virtud de lo dispuesto por el \u00a0art\u00edculo \u00a0121 \u00a0de \u00a0la \u00a0Carta \u00a0pol\u00edtica, las autoridades p\u00fablicas s\u00f3lo pueden \u00a0ejercer \u00a0las \u00a0funciones \u00a0que \u00a0le atribuyan la Constituci\u00f3n y la ley, norma esta \u00a0que \u00a0armoniza a plenitud con lo dispuesto en el art\u00edculo 6\u00ba \u00eddem en cuanto en \u00a0\u00e9l \u00a0se establece la responsabilidad de los servidores p\u00fablicos por infracci\u00f3n \u00a0de \u00a0la misma o de las leyes y por omisi\u00f3n o extralimitaci\u00f3n en el ejercicio de \u00a0sus funciones. \u00a0\u00a0<\/p>\n<p>En \u00a0 ese \u00a0contexto, \u00a0cuando \u00a0el \u00a0superior \u00a0jer\u00e1rquico \u00a0advierte \u00a0que \u00a0se \u00a0impuso \u00a0una \u00a0pena \u00a0inexistente, \u00a0o \u00a0una \u00a0de \u00a0las \u00a0prohibidas \u00a0constitucionalmente, o se dej\u00f3 de aplicar la legalmente prevista, o \u00a0se \u00a0tas\u00f3 \u00a0por \u00a0fuera \u00a0de \u00a0los \u00a0l\u00edmites previstos en la ley, se encuentra en la \u00a0obligaci\u00f3n \u00a0constitucional \u00a0de \u00a0adecuar \u00a0el \u00a0fallo a la normatividad existente; \u00a0deber \u00a0que \u00a0ha \u00a0de \u00a0cumplir \u00a0el juez de segunda instancia y con mayor celo el de \u00a0casaci\u00f3n, \u00a0por \u00a0cuanto \u00a0una \u00a0de \u00a0sus finalidades fundamentales es garantizar la \u00a0legalidad del proceso. \u00a0\u00a0<\/p>\n<p>El paradigma propio del orden constitucional \u00a0que \u00a0rige \u00a0el \u00a0Estado Social de Derecho, lleva a comprender que el ejercicio del \u00a0poder \u00a0p\u00fablico debe ser practicado conforme a los estrictos principios y normas \u00a0derivadas \u00a0del \u00a0imperio de la Ley, no existiendo por tanto, actividad p\u00fablica o \u00a0funcionario \u00a0que pueda actuar al margen de la normatividad que rige la actividad \u00a0del Estado. \u00a0\u00a0<\/p>\n<p>El \u00a0 \u00a0principio \u00a0 \u00a0de \u00a0 \u00a0legalidad \u00a0y \u00a0la \u00a0seguridad jur\u00eddica se \u00a0tornan, \u00a0en \u00a0ese \u00a0contexto, en elementos fundamentales del Estado de Derecho, en \u00a0el \u00a0que \u00a0las funciones p\u00fablicas se ejercen a trav\u00e9s de competencias y procesos \u00a0con \u00a0base \u00a0en \u00a0normas \u00a0preexistentes \u00a0ajustadas al orden constitucional vigente, \u00a0marco \u00a0dentro \u00a0del \u00a0cual \u00a0toda actuaci\u00f3n judicial debe adelantarse conforme con \u00a0las leyes llamadas a regular el caso. \u00a0\u00a0<\/p>\n<p>Por \u00a0lo tanto, el principio de legalidad \u00a0se \u00a0formula \u00a0sobre la base de \u00a0que \u00a0ning\u00fan \u00a0\u00f3rgano del Estado puede adoptar una decisi\u00f3n que no sea conforme \u00a0a \u00a0una \u00a0disposici\u00f3n \u00a0por \u00a0v\u00eda \u00a0general anteriormente dictada, esto es, que una \u00a0decisi\u00f3n \u00a0no puede ser jam\u00e1s adoptada sino dentro de los l\u00edmites determinados \u00a0por \u00a0una \u00a0ley \u00a0material \u00a0anterior. \u00a0Siendo \u00a0ello \u00a0as\u00ed, constituye un imperativo \u00a0constitucional \u00a0la observancia del ordenamiento jur\u00eddico por todos los \u00f3rganos \u00a0del Estado en el ejercicio de sus funciones. \u00a0\u00a0<\/p>\n<p>Nuestra Constituci\u00f3n Pol\u00edtica se\u00f1ala que \u00a0el \u00a0Estado \u00a0colombiano \u00a0es \u00a0un \u00a0Estado de Derecho (art\u00edculo1\u00ba), lo cual quiere \u00a0decir \u00a0que \u00a0la \u00a0actividad \u00a0estatal est\u00e1 sometida a reglas jur\u00eddicas. Sobre los \u00a0fundamentos \u00a0filos\u00f3ficos \u00a0de \u00a0la importancia de someter la actividad estatal al \u00a0derecho, la Corte Constitucional ha precisado que: \u00a0\u00a0<\/p>\n<p>\u2018La \u00a0constituci\u00f3n \u00a0r\u00edgida, \u00a0la \u00a0separaci\u00f3n \u00a0de \u00a0las \u00a0ramas \u00a0del \u00a0poder, la \u00f3rbita \u00a0restrictiva \u00a0de los funcionarios, las acciones p\u00fablicas de constitucionalidad y \u00a0de \u00a0legalidad, \u00a0la \u00a0vigilancia \u00a0y el control sobre los actos que los agentes del \u00a0poder \u00a0llevan \u00a0a \u00a0t\u00e9rmino, \u00a0tienen, de modo inmediato, una \u00fanica finalidad: el \u00a0imperio \u00a0del derecho y, consecuentemente, la negaci\u00f3n de la arbitrariedad. Pero \u00a0a\u00fan \u00a0cabe \u00a0preguntar: \u00a0\u00bfpor qu\u00e9 preferir el derecho a la arbitrariedad?\u00a0 \u00a0La \u00a0pregunta \u00a0parece necia, pero su respuesta es esclarecedora de los contenidos \u00a0axiol\u00f3gicos \u00a0que \u00a0esta \u00a0forma de organizaci\u00f3n pol\u00edtica pretende materializar: \u00a0por \u00a0que s\u00f3lo de ese modo pueden ser libres las personas que la norma jur\u00eddica \u00a0tiene \u00a0por \u00a0destinatarias: \u00a0particulares \u00a0y \u00a0funcionarios p\u00fablicos.\u2019 \u00a0\u00a0<\/p>\n<p>Ahora \u00a0bien, \u00a0el \u00a0principio de legalidad \u00a0est\u00e1 \u00a0integrado a su vez por \u00a0el \u00a0principio \u00a0de \u00a0reserva \u00a0legal \u00a0y \u00a0por \u00a0el principio de tipicidad, los cuales \u00a0guardan \u00a0entre \u00a0s\u00ed \u00a0una estrecha relaci\u00f3n. De acuerdo con el primero, s\u00f3lo el \u00a0legislador \u00a0 est\u00e1 \u00a0 constitucionalmente \u00a0autorizado \u00a0para \u00a0consagrar \u00a0conductas \u00a0infractoras, \u00a0establecer \u00a0penas \u00a0restrictivas \u00a0de \u00a0la \u00a0libertad \u00a0o \u00a0sanciones de \u00a0car\u00e1cter \u00a0administrativo \u00a0o disciplinario, y fijar los procedimientos penales o \u00a0administrativos \u00a0que \u00a0han de seguirse para efectos de su imposici\u00f3n. De acuerdo \u00a0con \u00a0el \u00a0segundo, \u00a0el \u00a0legislador \u00a0est\u00e1 \u00a0obligado \u00a0a \u00a0describir \u00a0la \u00a0conducta o \u00a0comportamiento \u00a0que \u00a0se \u00a0considera \u00a0ilegal \u00a0o il\u00edcito, en la forma m\u00e1s clara y \u00a0precisa \u00a0posible. \u00a0Tambi\u00e9n \u00a0debe \u00a0predeterminar \u00a0la \u00a0sanci\u00f3n \u00a0indicando \u00a0todos \u00a0aquellos \u00a0aspectos \u00a0relativos \u00a0a \u00a0ella, \u00a0esto es, el t\u00e9rmino, la naturaleza, la \u00a0cuant\u00eda \u00a0cuando se trate de pecuniaria, el m\u00ednimo y el m\u00e1ximo dentro del cual \u00a0ella \u00a0puede \u00a0fijarse, \u00a0la autoridad competente para imponerla y el procedimiento \u00a0que ha de seguirse para su imposici\u00f3n. \u00a0\u00a0<\/p>\n<p>Por \u00a0ello, \u00a0en \u00a0materia \u00a0penal, \u00a0cuando \u00a0el \u00a0art\u00edculo \u00a029 \u00a0de la Carta Pol\u00edtica precept\u00faa que nadie puede ser juzgado sino \u00a0conforme \u00a0a \u00a0leyes \u00a0preexistentes \u00a0al \u00a0acto \u00a0que \u00a0se \u00a0le imputa, esta declarando \u00a0impl\u00edcitamente, \u00a0que \u00a0a \u00a0nadie \u00a0se le puede imponer una pena no prevista por el \u00a0legislador \u00a0para \u00a0el \u00a0hecho \u00a0por \u00a0el cual fue o\u00eddo en juicio. Admitir que en un \u00a0evento \u00a0dado \u00a0el juez puede marginarse de ese mandato, bajo la consideraci\u00f3n de \u00a0una \u00a0prevalencia de la prohibici\u00f3n de reforma en peor, es tanto como validar la \u00a0v\u00eda \u00a0de \u00a0hecho, pues a pesar de la ilegalidad el superior no podr\u00e1 corregir la \u00a0inobservancia de la ley. \u00a0\u00a0<\/p>\n<p>Para \u00a0el \u00a0suscrito, en un Estado de derecho \u00a0como \u00a0 el \u00a0 nuestro \u00a0no \u00a0puede \u00a0aceptarse \u00a0que \u00a0se \u00a0hagan \u00a0efectivas \u00a0decisiones \u00a0arbitrarias \u00a0o, lo que es lo mismo, proferidas sin la estricta observancia de la \u00a0ley \u00a0y \u00a0la Constituci\u00f3n, pues la vigencia del Estado de Derecho no se agota con \u00a0la \u00a0expedici\u00f3n \u00a0de \u00a0un \u00a0cat\u00e1logo \u00a0de \u00a0reglas \u00a0que \u00a0gu\u00edan \u00a0la \u00a0conducta de los \u00a0individuos, \u00a0sino \u00a0que \u00a0supone, \u00a0adem\u00e1s, que dicha normatividad sea ejecutada y \u00a0aplicada. \u00a0De \u00a0all\u00ed \u00a0que, si quien tiene el deber constitucional de aplicar las \u00a0normas \u00a0al \u00a0caso \u00a0concreto \u00a0para \u00a0definir \u00a0el \u00a0derecho, se aparta de ellas, hace \u00a0inoperante \u00a0el \u00a0sistema \u00a0jur\u00eddico e imposible la organizaci\u00f3n pol\u00edtica en que \u00a0el mismo se funda. \u00a0\u00a0<\/p>\n<p>Estos \u00a0principios \u00a0llevan \u00a0a \u00a0sostener \u00a0que \u00a0frente \u00a0a \u00a0una \u00a0decisi\u00f3n \u00a0que \u00a0se aparta del contenido de la ley, no es posible \u00a0aducir \u00a0la \u00a0existencia \u00a0de \u00a0la \u00a0prohibici\u00f3n \u00a0de la reformatio in pejus, pues la \u00a0legalidad \u00a0no \u00a0se \u00a0agota \u00a0en \u00a0la \u00a0recortada \u00a0perspectiva \u00a0de \u00a0la protecci\u00f3n del \u00a0procesado \u00a0en \u00a0un \u00a0determinado caso, sino que ella trasciende en general a todos \u00a0los \u00a0destinatarios de la ley a fin de que el Estado, a trav\u00e9s de sus operadores \u00a0de \u00a0justicia no pueda sustraerse de los marcos se\u00f1alados por el legislador para \u00a0regular las distintas situaciones jur\u00eddicas. \u00a0\u00a0<\/p>\n<p>Las \u00a0normas que conforman el sistema tienen \u00a0un \u00a0marco \u00a0b\u00e1sico dentro del cual se llevan a cabo los juicios de valoraci\u00f3n y \u00a0apreciaci\u00f3n \u00a0por \u00a0parte de los jueces, y unas fronteras mas all\u00e1 de las cuales \u00a0la \u00a0judicatura \u00a0no \u00a0puede transitar. As\u00ed, por ejemplo, en materia de penas, los \u00a0l\u00edmites \u00a0m\u00ednimo \u00a0y m\u00e1ximo, su clase, su naturaleza principal o accesoria, son \u00a0impermeables, \u00a0aun \u00a0frente a disposiciones como la prohibici\u00f3n de la reforma en \u00a0peor, \u00a0pues \u00a0en \u00a0tales \u00a0eventos \u00a0la legalidad funciona como l\u00edmite impenetrable \u00a0para el aplicador de la ley. \u00a0\u00a0<\/p>\n<p>La garant\u00eda que implica la prohibici\u00f3n de \u00a0la \u00a0reformatio \u00a0in \u00a0pejus \u00a0no \u00a0puede \u00a0convertirse \u00a0en \u00a0coartada \u00a0para \u00a0tolerar o \u00a0convalidar \u00a0 una \u00a0 sentencia \u00a0que \u00a0pase \u00a0por \u00a0encima \u00a0de \u00a0la \u00a0ley, \u00a0pues \u00a0si \u00a0la \u00a0Constituci\u00f3n \u00a0reconoce \u00a0una garant\u00eda como \u00e9sta, es porque parte de la base de \u00a0que el acto jurisdiccional no desborde la legalidad b\u00e1sica. \u00a0\u00a0<\/p>\n<p>Una decisi\u00f3n judicial al margen de la ley \u00a0s\u00f3lo \u00a0puede \u00a0ser \u00a0calificada \u00a0como \u00a0una v\u00eda de hecho, y frente a ella no puede \u00a0aducirse \u00a0argumento alguno que pretenda garantizar su incolumidad.\u00a0 En esos \u00a0eventos, \u00a0en los que se rompe de manera incontestable el hilo de la juridicidad, \u00a0el \u00a0juzgador de segunda instancia, o la misma Corte en sede de casaci\u00f3n, est\u00e1n \u00a0llamados \u00a0a \u00a0restaurar \u00a0esa \u00a0fidelidad \u00a0a \u00a0la \u00a0ley, de la que ning\u00fan juez puede \u00a0liberarse sin abjurar de su misi\u00f3n. \u00a0\u00a0<\/p>\n<p>La vinculaci\u00f3n que los \u00f3rganos del Estado \u00a0deben \u00a0al \u00a0derecho, obliga a desestimar y proscribir las acciones judiciales que \u00a0se \u00a0logren identificar como v\u00edas de hecho, esto es al margen de la ley, pues el \u00a0Estado \u00a0de \u00a0Derecho \u00a0deja \u00a0de \u00a0existir si un \u00f3rgano del Estado pretende y puede \u00a0situarse por encima del derecho establecido. \u00a0\u00a0<\/p>\n<p>La \u00a0competencia \u00a0que \u00a0la \u00a0Constituci\u00f3n le \u00a0otorga \u00a0a \u00a0los \u00a0jueces \u00a0de \u00a0la \u00a0Rep\u00fablica, \u00a0se insiste, s\u00f3lo les permite obrar \u00a0dentro \u00a0del \u00a0marco \u00a0del \u00a0derecho, y no puede sustituirlo arbitrariamente por sus \u00a0propias \u00a0 concepciones. \u00a0 La \u00a0 igualdad \u00a0en \u00a0la \u00a0aplicaci\u00f3n \u00a0de \u00a0la \u00a0ley \u00a0est\u00e1 \u00a0\u00edntimamente \u00a0ligada \u00a0a \u00a0la seguridad jur\u00eddica que descansa en la existencia de \u00a0un \u00a0ordenamiento \u00a0universal \u00a0y \u00a0objetivo, \u00a0que con id\u00e9ntica intensidad obliga a \u00a0todos, autoridades y ciudadanos. \u00a0\u00a0<\/p>\n<p>El principio de legalidad obliga al juez a \u00a0aferrarse \u00a0estrictamente \u00a0a la norma legal (sea constituci\u00f3n o ley), so pena de \u00a0que \u00a0si \u00a0lo \u00a0desconoce \u00a0su \u00a0conducta sea una clara rebeld\u00eda contra el Estado de \u00a0derecho. \u00a0\u00a0<\/p>\n<p>Cuando \u00a0nos \u00a0referimos \u00a0a los mandatos del \u00a0constituyente \u00a0(primario o derivado), debemos comprender que en su fuero interno \u00a0no \u00a0se \u00a0concibe nada que est\u00e9 por fuera de la institucionalidad. Por manera que \u00a0cuando \u00a0consagra \u00a0que \u00a0no \u00a0se \u00a0podr\u00e1 \u00a0agravar \u00a0la pena impuesta, ese mandato le \u00a0significa \u00a0al \u00a0superior \u00a0o juez de casaci\u00f3n la obligaci\u00f3n de mantenerse dentro \u00a0de \u00a0los \u00a0l\u00edmites \u00a0del \u00a0fallo \u00a0impartido \u00a0en \u00a0las instancias, entendiendo, desde \u00a0luego, \u00a0que \u00a0lo \u00a0que el constituyente salvaguarda es la que se impuso conforme a \u00a0los par\u00e1metros legales. \u00a0\u00a0<\/p>\n<p>T\u00e9ngase en cuenta que el constituyente no \u00a0puede \u00a0referirse \u00a0a nada distinto que al marco de la ley, pues si no fuera as\u00ed, \u00a0de \u00a0modo \u00a0simult\u00e1neo \u00a0crear\u00eda \u00a0un \u00a0Estado \u00a0de \u00a0derecho y a rengl\u00f3n seguido lo \u00a0borrar\u00eda, \u00a0al \u00a0facultar \u00a0al \u00a0juez \u00a0a \u00a0que act\u00fae por fuera de la ley, lo que se \u00a0contradice \u00a0 con \u00a0el \u00a0claro \u00a0mandato \u00a0del \u00a0art\u00edculo \u00a0230 \u00a0de \u00a0la \u00a0Constituci\u00f3n \u00a0Nacional. \u00a0\u00a0<\/p>\n<p>Cuando el juez impone una pena que no est\u00e1 \u00a0establecida \u00a0 en \u00a0la \u00a0ley \u00a0(en \u00a0cuanto \u00a0a \u00a0sus \u00a0l\u00edmites \u00a0m\u00ednimos \u00a0y \u00a0m\u00e1ximos, \u00a0naturaleza, \u00a0etc), \u00a0desconoce \u00a0de \u00a0entrada \u00a0el \u00a0Estado \u00a0de derecho y la esencial \u00a0funci\u00f3n \u00a0del \u00a0legislador, \u00a0entrando \u00a0a \u00a0suplirlo \u00a0con \u00a0la \u00a0sentencia, generando \u00a0anarqu\u00eda \u00a0y causando la quiebra del orden establecido. Ese juez que as\u00ed act\u00faa \u00a0se \u00a0aparta \u00a0del \u00a0Estado \u00a0de derecho, se convierte en legislador y juez, inducido \u00a0por \u00a0la \u00a0arrogancia \u00a0y \u00a0la \u00a0arbitrariedad \u00a0de \u00a0sus \u00a0actos. \u00a0Esas decisiones as\u00ed \u00a0concebidas, \u00a0 \u00a0 jam\u00e1s \u00a0 \u00a0podr\u00e1n \u00a0 \u00a0estar \u00a0 \u00a0ajustadas \u00a0 \u00a0al \u00a0 \u00a0principio \u00a0 \u00a0de \u00a0legalidad. \u00a0\u00a0<\/p>\n<p>La \u00a0 consecuencia \u00a0de \u00a0un \u00a0tal \u00a0proceder \u00a0generar\u00eda \u00a0que \u00a0para \u00a0los \u00a0dem\u00e1s \u00a0ciudadanos naciera el derecho a reclamar por \u00a0virtud \u00a0del \u00a0principio \u00a0de igualdad, a que en lugar de la pena que conforme a la \u00a0ley \u00a0se les irrog\u00f3, se les impusiera una proporcionalmente igual a la que se le \u00a0dedujo \u00a0a \u00a0quien se le aplic\u00f3 una por debajo del m\u00ednimo legal o se le se\u00f1al\u00f3 \u00a0una \u00a0en \u00a0proporci\u00f3n \u00a0y \u00a0naturaleza \u00a0m\u00e1s \u00a0benigna \u00a0que \u00a0la \u00a0establecida \u00a0por el \u00a0legislador para la conducta delictiva. \u00a0\u00a0<\/p>\n<p>En \u00a0un \u00a0escenario \u00a0semejante se vendr\u00eda a \u00a0legitimar \u00a0toda decisi\u00f3n producto de una conducta ilegal del juez de instancia, \u00a0incluso \u00a0el \u00a0prevaricato \u00a0que \u00a0haya \u00a0servido \u00a0en determinados casos para imponer \u00a0penas \u00a0por \u00a0debajo \u00a0del \u00a0marco legal o desconociendo la naturaleza fijada por el \u00a0legislador. \u00a0\u00a0<\/p>\n<p>Si \u00a0 lo \u00a0 anterior \u00a0 fuese \u00a0posible, \u00a0se \u00a0avasallar\u00eda \u00a0el \u00a0Estado \u00a0de \u00a0derecho \u00a0y \u00a0el \u00a0reconocimiento \u00a0de \u00a0la legitimidad \u00a0establecida \u00a0en \u00a0los \u00a0tratados \u00a0internacionales, \u00a0especialmente \u00a0de aquellos que \u00a0hacen parte del bloque de constitucionalidad. \u00a0\u00a0<\/p>\n<p>Por \u00a0lo \u00a0tanto, \u00a0el \u00a0suscrito \u00a0Magistrado \u00a0reafirma \u00a0su \u00a0criterio \u00a0de que la prohibici\u00f3n de la reformatio in pejus no rige \u00a0frente \u00a0a \u00a0una \u00a0sentencia \u00a0que \u00a0ha \u00a0fijado \u00a0la \u00a0pena \u00a0violando \u00a0el \u00a0principio de \u00a0legalidad, \u00a0pues \u00a0la \u00a0conclusi\u00f3n \u00a0contraria \u00a0lleva \u00a0a \u00a0aceptar \u00a0que \u00a0la persona \u00a0condenada \u00a0con base en el desconocimiento de la ley, estar\u00eda en una situaci\u00f3n, \u00a0que \u00a0si \u00a0le \u00a0resulta \u00a0favorable, \u00a0ser\u00eda \u00a0invulnerable \u00a0a \u00a0pesar \u00a0de \u00a0su \u00a0franca \u00a0ilegalidad, \u00a0lo \u00a0cual, \u00a0como \u00a0se acaba de ver contrar\u00eda los fines propios de un \u00a0Estado de Derecho. \u00a0\u00a0<\/p>\n<p>Concluyendo, donde no hay legalidad no hay \u00a0prohibici\u00f3n \u00a0 de \u00a0 reforma \u00a0 en \u00a0perjuicio, \u00a0pues \u00a0una \u00a0es \u00a0presupuesto \u00a0de \u00a0la \u00a0otra.\u201d \u00a0\u00a0<\/p>\n<p>Con todo respeto, \u00a0<\/p>\n<p>SIGIFREDO ESPINOSA P\u00c9REZ \u00a0<\/p>\n<p>Magistrado \u00a0<\/p>\n<p>Fecha \u00a0 \u00a0 \u00a0 \u00a0 \u00a0Ut-supra. \u00a0\u00a0<\/p>\n<p>SALVAMENTO PARCIAL DE VOTO \u00a0<\/p>\n<p>Respetuosamente discrepo de la decisi\u00f3n de \u00a0mayor\u00eda \u00a0que \u00a0a \u00a0pesar \u00a0de \u00a0reconocer \u00a0que \u00a0los \u00a0jueces de instancia dejaron de \u00a0sancionar \u00a0un \u00a0homicidio agravado cometido en concurso con otra conducta punible \u00a0de \u00a0la \u00a0misma \u00a0naturaleza, \u00a0esa deficiencia no se puede corregir en virtud de la \u00a0limitaci\u00f3n \u00a0 \u00a0 impuesta \u00a0 \u00a0 por \u00a0 \u00a0 el \u00a0 \u00a0principio \u00a0 \u00a0de \u00a0 \u00a0no \u00a0 \u00a0reformatio \u00a0 in \u00a0 pejus. \u00a0 Al respecto digo: \u00a0\u00a0<\/p>\n<p>1. La categor\u00eda \u00a0de \u00a0fundamental \u00a0de \u00a0un \u00a0derecho \u00a0se otorga por su consagraci\u00f3n constitucional, \u00a0norma \u00a0que \u00a0a \u00a0la \u00a0vez se erige en fuente jur\u00eddica de sus limitaciones. Ella es \u00a0una \u00a0unidad, \u00a0un \u00a0sistema \u00a0arm\u00f3nico y coherente, en el que todas sus normas son \u00a0\u00fatiles \u00a0 para \u00a0 determinar \u00a0 los \u00a0l\u00edmites \u00a0de \u00a0los \u00a0derechos \u00a0y \u00a0sus \u00a0posibles \u00a0restricciones \u00a0porque \u00a0no \u00a0pueden anular otros derechos de similar estirpe ni la \u00a0salvaguardia \u00a0de \u00a0\u00e9stos \u00a0debe \u00a0contradecir \u00a0o \u00a0agotar \u00a0el contenido de aquellas \u00a0prerrogativas \u00a0pues \u00a0la \u00a0interpretaci\u00f3n \u00a0correcta \u00a0es la que lleve a la m\u00e1xima \u00a0efectividad \u00a0 \u00a0 de \u00a0 \u00a0toda \u00a0 \u00a0la \u00a0 \u00a0Constituci\u00f3n4, \u00a0 porque \u00a0como \u00a0con \u00a0raz\u00f3n \u00a0apunta Habermas \u00a0\u00a0<\/p>\n<p>Las normas concernientes a principios, que \u00a0ahora \u00a0embeben \u00a0todo el orden jur\u00eddico, exigen una interpretaci\u00f3n constructiva \u00a0del \u00a0caso \u00a0particular, referida al sistema de reglas en conjunto, y muy sensible \u00a0al \u00a0 contexto5. \u00a0\u00a0<\/p>\n<p>2. \u00a0Un \u00a0llano \u00a0test \u00a0 de \u00a0 ponderaci\u00f3n \u00a0se\u00f1ala \u00a0 \u00a0 que \u00a0 \u00a0 se \u00a0 \u00a0 deben \u00a0 \u00a0 ponderar \u00a0 \u00a0las \u00a0 \u00a0garant\u00edas \u00a0 a \u00a0 la \u00a0no \u00a0 reforma \u00a0 peyorativa \u00a0establecida \u00a0en \u00a0el \u00a0inciso 2 del art\u00edculo 31 constitucional: \u201cEl superior no \u00a0podr\u00e1\u00a0 \u00a0agravar \u00a0la \u00a0pena \u00a0impuesta \u00a0(la \u00a0situaci\u00f3n \u00a0jur\u00eddica) cuando el \u00a0condenado \u00a0sea \u00a0apelante \u00a0\u00fanico\u201d, y la de legalidad \u00a0previamente \u00a0fijada en los art\u00edculos 6 y 29 inciso 2 \u00a0de la Constituci\u00f3n Pol\u00edtica: \u00a0\u00a0<\/p>\n<p>Nadie \u00a0podr\u00e1 \u00a0ser juzgado sino conforme a \u00a0las \u00a0leyes preexistentes al \u00a0acto \u00a0que \u00a0se \u00a0imputa, \u00a0ante \u00a0el \u00a0juez \u00a0o \u00a0tribunal \u00a0competente\u00a0 \u00a0y \u00a0con la \u00a0observancia de la plenitud de las formas propias de cada juicio\u201d. \u00a0\u00a0<\/p>\n<p>3. \u00a0 Para \u00a0establecer \u00a0cu\u00e1l \u00a0garant\u00eda \u00a0esencial \u00a0debe primar por ostentar el n\u00facleo m\u00e1s \u00a0fuerte, \u00a0hay \u00a0que decir que cuando los derechos humanos apenas hac\u00edan parte del \u00a0cat\u00e1logo \u00a0de \u00a0aspiraciones \u00a0que \u00a0los \u00a0Iluministas \u00a0reclamaban \u00a0a \u00a0favor \u00a0de los \u00a0asociados, \u00a0 \u00a0 a \u00a0 \u00a0partir \u00a0 \u00a0de \u00a0 \u00a0posturas \u00a0 \u00a0ius \u00a0naturalistas \u00a0se \u00a0les \u00a0confiri\u00f3 \u00a0un valor absoluto e \u00a0inherente \u00a0a \u00a0la \u00a0persona, pero, una vez fueron positivados, se empez\u00f3 a ver la \u00a0necesidad de relativizarlos, limitarlos o delimitarlos, pues \u00a0\u00a0<\/p>\n<p>el \u00a0hecho \u00a0de \u00a0vivir \u00a0en \u00a0sociedad permite \u00a0atisbar \u00a0la existencia de conflictos entre diferentes titulares de derechos, por \u00a0lo \u00a0que \u00a0resulta \u00a0necesario conjugarlos arm\u00f3nicamente y por lo tanto limitarlos \u00a0externamente6. \u00a0\u00a0<\/p>\n<p>3.1. \u00a0 La \u00a0jurisprudencia \u00a0del Tribunal Constitucional indica que como quiera que no existe \u00a0una \u00a0jerarqu\u00eda \u00a0normativa \u00a0entre \u00a0los \u00a0diferentes \u00a0derechos \u00a0fundamentales \u00a0que \u00a0consagra \u00a0 la \u00a0 Carta \u00a0 Pol\u00edtica \u00a0 y \u00a0 los \u00a0 mismos \u00a0 deben \u00a0 ser \u00a0garantizados \u00a0 en \u00a0 la \u00a0 mayor \u00a0 medida \u00a0posible7, \u00a0 surge \u00a0un \u00a0problema \u00a0hermen\u00e9utico \u00a0cuando \u00a0estos \u00a0concurren \u00a0o \u00a0coexisten \u00a0o entran en conflicto o se enfrentan a postulados que constituyen los \u00a0pilares \u00a0que fundamentan nuestro Estado social democr\u00e1tico de Derecho, de donde \u00a0surge \u00a0 \u00a0la \u00a0 \u00a0necesidad \u00a0 de \u00a0 su \u00a0 armonizaci\u00f3n8. \u00a0\u00a0<\/p>\n<p>3.2. \u00a0 Y \u00a0la \u00a0doctrina dice que \u00a0\u00a0<\/p>\n<p>\u201cComo \u00a0lo muestra la problem\u00e1tica\u00a0 \u00a0de \u00a0la \u00a0colisi\u00f3n \u00a0de \u00a0los \u00a0derechos \u00a0fundamentales, \u00a0el \u00a0contenido \u00a0del derecho \u00a0fundamental \u00a0est\u00e1 \u00a0condicionado porque los derechos fundamentales pueden entrar \u00a0en \u00a0la \u00a0pr\u00e1ctica\u00a0 \u00a0en \u00a0colisi\u00f3n\u00a0 \u00a0con otros derechos fundamentales y \u00a0porque \u00a0necesariamente\u00a0 \u00a0deben ponerse en concordancia con otras normas del \u00a0sistema \u00a0jur\u00eddico \u00a0(entendido \u00a0como \u00a0sistema \u00a0coherente). \u00a0Por \u00a0eso, \u00a0todos los \u00a0derechos \u00a0fundamentales, \u00a0respecto \u00a0de su estructura, son derechos fundamentales \u00a0condicionados. \u00a0La\u00a0 raz\u00f3n\u00a0 de ello es que pueden ser limitados seg\u00fan \u00a0las \u00a0circunstancias. \u00a0La \u00a0ponderaci\u00f3n\u00a0 \u00a0entre \u00a0argumentos \u00a0para \u00a0normas de \u00a0derechos \u00a0 fundamentales \u00a0 en \u00a0 colisi\u00f3n\u00a0 \u00a0es \u00a0indispensable \u00a0en \u00a0el \u00a0caso \u00a0concreto\u201d9. \u00a0\u00a0<\/p>\n<p>4. \u00a0 \u00a0El \u00a0principio \u00a0de \u00a0legalidad10 \u00a0se traduce en materia penal \u00a0en \u00a0 la \u00a0 necesidad \u00a0imperiosa \u00a0e \u00a0insoslayable \u00a0de \u00a0que \u00a0el \u00a0legislador \u00a0defina \u00a0previamente \u00a0el \u00a0delito \u00a0y \u00a0la \u00a0pena, el juez competente y las formas propias de \u00a0cada \u00a0juicio11, \u00a0 con \u00a0 lo \u00a0 que \u00a0 se \u00a0delimita \u00a0el \u00a0ejercicio \u00a0del \u00a0ius \u00a0puniendi \u00a0y \u00a0se ata al legislador a \u00a0los contenidos supremos, pues \u00e9ste debe responder \u00a0\u00a0<\/p>\n<p>a la realizaci\u00f3n de los fines sociales del \u00a0Estado, \u00a0entre \u00a0ellos, \u00a0los \u00a0de \u00a0garantizar \u00a0la \u00a0efectividad \u00a0de los principios, \u00a0derechos \u00a0y deberes consagrados en la Constituci\u00f3n y de asegurar la vigencia de \u00a0un \u00a0 \u00a0 \u00a0 \u00a0 \u00a0 \u00a0 \u00a0orden \u00a0 \u00a0 \u00a0 \u00a0 \u00a0 \u00a0 \u00a0justo12. \u00a0\u00a0<\/p>\n<p>Y, \u00a0 m\u00e1s \u00a0 adelante, \u00a0 el \u00a0debido \u00a0 \u00a0 \u00a0proceso \u00a0 \u00a0 p\u00fablico \u00a0aparece consagrado en el texto \u00a0constitucional \u00a0de manera conglobante pues inmersos en \u00e9l pueden observarse los \u00a0principios \u00a0de \u00a0legalidad \u00a0y \u00a0favorabilidad, \u00a0la \u00a0presunci\u00f3n \u00a0de \u00a0inocencia, el \u00a0derecho \u00a0a \u00a0la \u00a0defensa \u00a0material \u00a0y \u00a0t\u00e9cnica, \u00a0el \u00a0debido \u00a0proceso \u00a0en sentido \u00a0estricto, \u00a0 \u00a0el \u00a0 non \u00a0 bis \u00a0 in \u00a0 \u00eddem \u00a0y la no reformatio in pejus. \u00a0\u00a0<\/p>\n<p>La \u00a0 supremac\u00eda \u00a0de \u00a0la \u00a0estricta\u00a0 \u00a0legalidad \u00a0dice \u00a0desde \u00a0luego \u00a0relaci\u00f3n \u00a0a \u00a0los principios formales del Derecho \u00a0penal \u00a0\u2013que \u00a0limitan \u00a0la \u00a0competencia \u00a0de \u00a0los \u00a0\u00f3rganos \u00a0estatales \u00a0en materia de persecuciones penales-. \u00a0Desde \u00a0el punto de vista material es indudable que la prioridad corresponde a la \u00a0dignidad \u00a0humana \u00a0y, \u00a0por \u00a0tanto, \u00a0no \u00a0hay \u00a0ley que valga contra \u00e9sta, tal como \u00a0acertadamente \u00a0lo \u00a0destaca \u00a0el \u00a0art\u00edculo 1\u00b0 del nuevo C\u00f3digo Penal Colombiano \u00a0(Ley \u00a0599 \u00a0de \u00a02000),\u00a0 en armon\u00eda con el art\u00edculo 1\u00b0 de la Constituci\u00f3n \u00a0Pol\u00edtica \u00a0de \u00a01991 \u00a0que \u00a0reconoce a este principio el\u00a0 car\u00e1cter de primer \u00a0fundamento \u00a0 \u00a0de \u00a0 \u00a0todas \u00a0 \u00a0las \u00a0 \u00a0instituciones13. \u00a0\u00a0<\/p>\n<p>5. \u00a0Cuando \u00a0un \u00a0proceso \u00a0penal \u00a0llega \u00a0al conocimiento de una autoridad superior en virtud de un \u00a0recurso \u00a0propuesto \u00a0exclusivamente \u00a0por \u00a0el \u00a0procesado, se impone la aplicaci\u00f3n \u00a0respetuosa \u00a0del \u00a0precepto \u00a0superior \u00a0consagrado en el art\u00edculo 31 de la Carta y \u00a0desarrollado \u00a0por los art\u00edculos 204 de la Ley 600 de 2000 y 20 de la Ley 906 de \u00a02004. \u00a0Tal \u00a0principio \u00a0tiene \u00a0cobertura \u00a0absoluta \u00a0en \u00a0la \u00a0medida en que la pena \u00a0impuesta \u00a0por \u00a0las \u00a0instancias \u00a0haya \u00a0sido \u00a0respetuosa \u00a0de la legalidad y de los \u00a0l\u00edmites \u00a0punitivos \u00a0impuestos \u00a0por \u00a0el \u00a0legislador14. \u00a0\u00a0<\/p>\n<p>Lo \u00a0antes dicho significa que en todos los \u00a0casos \u00a0en \u00a0que las decisiones judiciales se mantengan dentro de los l\u00edmites que \u00a0establecen \u00a0los \u00a0preceptos \u00a0y la consecuencia jur\u00eddica que contienen las normas \u00a0penales, \u00a0al \u00a0apelante \u00a0\u00fanico \u00a0no se le puede hacer m\u00e1s gravosa su situaci\u00f3n, \u00a0vr. \u00a0gr., \u00a0si \u00a0una \u00a0persona \u00a0fue \u00a0condenada \u00a0a \u00a0la \u00a0pena \u00a0de 13 a\u00f1os como autor \u00a0responsable \u00a0de \u00a0un \u00a0delito de homicidio agravado (art. 106 del CP), a quien por \u00a0razones \u00a0funcionales \u00a0le \u00a0corresponda \u00a0resolver la impugnaci\u00f3n que interpuso el \u00a0acusado, \u00a0por \u00a0expreso \u00a0mandato de la prohibici\u00f3n consagrada en el art\u00edculo 31 \u00a0de \u00a0la \u00a0Carta, \u00a0le est\u00e1 negado agravar su situaci\u00f3n porque est\u00e1 dentro de los \u00a0l\u00edmites legales. \u00a0\u00a0<\/p>\n<p>6. Pero\u00a0 ya \u00a0se \u00a0vio \u00a0que \u00a0en el Estado Social de Derecho, la garant\u00eda esencial que proh\u00edbe \u00a0la \u00a0reforma \u00a0peyorativa \u00a0tanto \u00a0para \u00a0victimario \u00a0como \u00a0para v\u00edctima cuando son \u00a0recurrentes \u00a0 (tanto \u00a0 en \u00a0 reposici\u00f3n \u00a0 como \u00a0 en \u00a0apelaci\u00f3n) \u00a0\u00fanicos,\u00a0 \u00a0no \u00a0es \u00a0absoluta y, en caso \u00a0de \u00a0concurrencia \u00a0o \u00a0conflicto \u00a0con \u00a0otros \u00a0derechos, se debe proceder a dar una \u00a0soluci\u00f3n \u00a0al \u00a0asunto \u00a0por \u00a0v\u00eda \u00a0de \u00a0las \u00a0reglas \u00a0de \u00a0ponderaci\u00f3n, \u00a0armonizando los l\u00edmites del principio \u00a0de \u00a0 legalidad \u00a0 de \u00a0 la \u00a0 pena \u00a0con \u00a0los \u00a0de \u00a0la \u00a0prohibici\u00f3n \u00a0de \u00a0la \u00a0reforma \u00a0peyorativa: \u00a0\u00a0<\/p>\n<p>La \u00a0Ley \u00a0Fundamental, \u00a0como el conjunto de \u00a0principios \u00a0b\u00e1sicos \u00a0que adoptan y describen el modelo de sociedad dentro de un \u00a0marco \u00a0conceptual \u00a0general, \u00a0no \u00a0es \u00a0una \u00a0codificaci\u00f3n \u00a0cerrada \u00a0ni \u00a0un \u00a0modelo \u00a0descriptivo \u00a0completo \u00a0y \u00a0exhaustivo, \u00a0sino \u00a0que \u00a0sus \u00a0previsiones establecen el \u00a0contenido \u00a0esencial \u00a0o \u00a0los \u00a0esquemas \u00a0que engloban los valores esenciales de la \u00a0comunidad, \u00a0la \u00a0forma \u00a0de \u00a0Estado, \u00a0los \u00a0l\u00edmites \u00a0de los poderes p\u00fablicos, sus \u00a0funciones \u00a0y \u00a0responsabilidades, la forma de organizaci\u00f3n pol\u00edtica, econ\u00f3mica \u00a0y \u00a0social; \u00a0pero al lado de esa concepci\u00f3n estructural del modelo de Estado, se \u00a0levanta \u00a0como \u00a0raz\u00f3n \u00a0y \u00a0esencia \u00a0misma del \u00a0Pacto \u00a0Constitucional \u00a0el reconocimiento del valor superior de \u00a0la \u00a0 persona \u00a0humana, \u00a0la \u00a0supremac\u00eda de los derechos \u00a0humanos \u00a0como \u00a0metas \u00a0y \u00a0fines esenciales del Estado15. \u00a0\u00a0<\/p>\n<p>Las \u00a0penas establecidas en la legislaci\u00f3n \u00a0penal \u00a0han \u00a0superado los ex\u00e1menes de constitucionalidad y por lo tanto resultan \u00a0ajustadas \u00a0 \u00a0 \u00a0 \u00a0 al \u00a0 \u00a0 \u00a0 \u00a0principio \u00a0 \u00a0 \u00a0 \u00a0de \u00a0proporcionalidad \u00a0para \u00a0sancionar \u00a0al \u00a0amparo \u00a0de sus \u00a0extremos \u00a0punitivos \u00a0los \u00a0ataques \u00a0que \u00a0puedan \u00a0recibir \u00a0los \u00a0bienes \u00a0jur\u00eddicos \u00a0protegidos, \u00a0de \u00a0donde \u00a0se tiene que la imposici\u00f3n de una sanci\u00f3n que desborde \u00a0el \u00a0tope m\u00e1ximo, se tace por debajo del l\u00edmite m\u00ednimo o por v\u00eda de alguna de \u00a0las \u00a0instituciones del derecho premial conlleve una rebaja de pena m\u00e1s all\u00e1 de \u00a0la \u00a0 \u00a0 autorizada \u00a0 \u00a0 legalmente, \u00a0 \u00a0 debe \u00a0 \u00a0 ser \u00a0corregida, sin importar que el condenado sea apelante \u00a0\u00fanico, \u00a0pues \u00a0desde la Constituci\u00f3n se reclama imperativamente que los poderes \u00a0p\u00fablicos \u00a0en \u00a0general, \u00a0y \u00a0la \u00a0rama \u00a0judicial \u00a0en \u00a0particular, \u00a0desplieguen \u00a0su \u00a0actividad \u00a0de \u00a0manera \u00a0encaminada \u00a0a \u00a0conseguir \u201cla efectividad de los valores \u00a0superiores \u00a0de \u00a0la \u00a0justicia material y de la seguridad jur\u00eddica\u201d16. \u00a0\u00a0<\/p>\n<p>En \u00a0la \u00a0vida \u00a0en \u00a0comunidad y de cara a la \u00a0organizaci\u00f3n \u00a0estatal, \u00a0a \u00a0la \u00a0par \u00a0de \u00a0los derechos esenciales de vida-libertad-igualdad, \u00a0cobra \u00a0especial \u00a0relieve \u00a0para \u00a0hacer \u00a0real \u00a0y \u00a0efectivo \u00a0el \u00a0valor \u00a0de dignidad, el derecho \u00a0 a \u00a0 la \u00a0 seguridad, \u00a0y \u00a0dentro \u00a0de este el de seguridad \u00a0 \u00a0 jur\u00eddica\u2026 \u00a0 As\u00ed \u00a0 es \u00a0 como \u00a0 el \u00a0 derecho \u00a0a \u00a0la \u00a0seguridad viene a cobrar \u00a0especial \u00a0relevancia \u00a0en \u00a0el \u00a0orden a la protecci\u00f3n de la dignidad, la vida, la \u00a0libertad \u00a0y \u00a0la \u00a0igualdad. \u00a0Sin \u00a0seguridad material y \u00a0jur\u00eddica \u00a0de nada sirve la formulaci\u00f3n abstracta de \u00a0derechos, \u00a0el \u00a0establecimiento \u00a0de \u00a0un \u00a0Estado \u00a0de \u00a0Derecho se tornar\u00eda inane e \u00a0insignificante, \u00a0pues \u00a0la \u00a0incertidumbre, la inseguridad, la variabilidad de las \u00a0situaciones \u00a0y por tanto la injusticia, cundir\u00edan, aneg\u00e1ndose la vida social y \u00a0la \u00a0justicia \u00a0en un subjetivismo peligroso que propiciar\u00eda la inconformidad, la \u00a0violencia y la guerra civil. \u00a0\u00a0<\/p>\n<p>7. \u00a0La pena que \u00a0legalmente \u00a0se \u00a0consagra \u00a0como \u00a0consecuencia \u00a0de un comportamiento punible est\u00e1 \u00a0ajustada \u00a0dentro de unos l\u00edmites que le permiten caracterizarla como necesaria, \u00a0proporcional \u00a0y \u00a0razonable \u00a0(CP, \u00a0art. \u00a03\u00b0) \u00a0y \u00a0en tal medida con ella se busca \u00a0obtener \u00a0como \u00a0fines \u00a0la \u00a0prevenci\u00f3n \u00a0general, \u00a0retribuci\u00f3n justa, prevenci\u00f3n \u00a0especial, \u00a0 reinserci\u00f3n \u00a0 social \u00a0 y \u00a0 protecci\u00f3n \u00a0 al \u00a0 condenado \u00a0(CP, \u00a0art. \u00a04\u00b0). \u00a0\u00a0<\/p>\n<p>8. Algunos de los \u00a0valores \u00a0constitucionales \u00a0que \u00a0pueden colisionar con el principio que proscribe \u00a0la \u00a0reforma en peor, adem\u00e1s de la legalidad (desarrollo y aplicaci\u00f3n del valor \u00a0y \u00a0 \u00a0 principio \u00a0 \u00a0 dignidad \u00a0 \u00a0humana), \u00a0son \u00a0los derechos de las v\u00edctimas\u00a0 (tambi\u00e9n titulares de \u00a0la \u00a0dignidad \u00a0humana \u00a0y del \u00a0derecho \u00a0de \u00a0defensa de sus \u00a0garant\u00edas \u00a0fundamentales)\u00a0 y el deber correlativo del Estado de investigar \u00a0y \u00a0sancionar \u00a0los \u00a0delitos \u00a0con el fin de realizar la justicia y lograr un orden \u00a0justo, \u00a0am\u00e9n \u00a0de la igualdad, de donde se tiene que tales derechos autorizan, e \u00a0inclusive \u00a0exigen, una limitaci\u00f3n de esa garant\u00eda constitucional establecida a \u00a0favor \u00a0 \u00a0 \u00a0 \u00a0 \u00a0 \u00a0del \u00a0 \u00a0 \u00a0 \u00a0 \u00a0 \u00a0condenado17. \u00a0\u00a0<\/p>\n<p>El \u00a0 \u00a0principio \u00a0 \u00a0de \u00a0 \u00a0legalidad \u00a0 \u00a0 \u00a0del \u00a0 \u00a0 delito \u00a0 \u00a0 y \u00a0 \u00a0 de \u00a0 \u00a0 la \u00a0 \u00a0 pena, es en el \u00a0campo \u00a0penal, \u00a0un desarrollo \u00a0y \u00a0aplicaci\u00f3n del principio \u00a0esencial \u00a0 de \u00a0 dignidad \u00a0humana, \u00a0 pues \u00a0en \u00a0este \u00a0\u00e1mbito \u00a0s\u00f3lo mediante \u00e9l se garantiza al individuo ser tratado como persona e \u00a0innato \u00a0titular \u00a0de derechos y garant\u00edas. Es as\u00ed, visto como corolario l\u00f3gico \u00a0del \u00a0 principio \u00a0 de \u00a0 dignidad \u00a0 humana, \u00a0 que \u00a0el \u00a0principio \u00a0de \u00a0legalidad \u00a0 \u00a0penal \u00a0 \u00a0cobra \u00a0 especial \u00a0jerarqu\u00eda \u00a0 \u00a0 y \u00a0 \u00a0 prevalencia \u00a0 \u00a0 en \u00a0 \u00a0el \u00a0 \u00a0\u00e1mbito \u00a0 \u00a0de \u00a0 \u00a0los \u00a0 \u00a0valores \u00a0constitucionales. \u00a0\u00a0<\/p>\n<p>Es \u00a0 que \u00a0 una \u00a0 manifestaci\u00f3n \u00a0 de \u00a0la \u00a0administraci\u00f3n \u00a0de \u00a0justicia \u00a0resolviendo \u00a0un \u00a0asunto con desconocimiento de la \u00a0legalidad \u00a0vigente \u00a0no \u00a0puede generar derechos; permitir tal dislate, ni m\u00e1s ni \u00a0menos, \u00a0constituye \u00a0un \u00a0asentimiento \u00a0para \u00a0que \u00a0el \u00a0infractor de la ley obtenga \u00a0beneficios \u00a0por \u00a0cuenta \u00a0del \u00a0delito o del error judicial, incurri\u00e9ndose en una \u00a0insostenible \u00a0pol\u00edtica \u00a0de \u00a0tolerancia \u00a0que arremete contra los derechos de las \u00a0v\u00edctimas \u00a0y \u00a0deja \u00a0a \u00a0la sociedad burlada: a las primeras porque no se les hace \u00a0justicia y a la segunda por la impunidad que se deriva del hecho. \u00a0\u00a0<\/p>\n<p>La \u00a0equivocada \u00a0jurisprudencia que concede \u00a0prevalencia \u00a0absoluta al principio de no reformatio in \u00a0pejus \u00a0sobre \u00a0el \u00a0derecho \u00a0a la legalidad de la pena, \u00a0deja \u00a0el \u00a0camino \u00a0abierto para que los m\u00e1s graves atentados contra los derechos \u00a0humanos \u00a0y \u00a0el \u00a0derecho \u00a0internacional humanitario puedan quedar en la impunidad \u00a0total, \u00a0pues bastar\u00e1 que por medio del delito o el error, o que bajo el influjo \u00a0de \u00a0los \u00a0diferentes \u00a0poderes \u00a0f\u00e1cticos que inciden en la sociedad, y que pueden \u00a0llegar \u00a0a \u00a0sofocar \u00a0la \u00a0libertad \u00a0e \u00a0independencia \u00a0de \u00a0los \u00a0administradores \u00a0de \u00a0justicia, \u00a0se \u00a0profiera \u00a0una \u00a0decisi\u00f3n \u00a0en \u00a0la \u00a0que \u00a0se deje de imponer la pena \u00a0privativa \u00a0de la libertad que aparejan tales ataques a los m\u00e1s preciados bienes \u00a0jur\u00eddicos, \u00a0para \u00a0que \u00a0las \u00a0v\u00edctimas \u00a0queden \u00a0inermes, \u00a0sin justicia, verdad y \u00a0reparaci\u00f3n, \u00a0la \u00a0sociedad \u00a0deplore la impunidad (a la \u00a0que \u00a0 tambi\u00e9n \u00a0 se \u00a0 llega \u00a0 con \u00a0 la \u00a0 concesi\u00f3n \u00a0de \u00a0aminorantes \u00a0o \u00a0rebajas \u00a0improcedentes)\u00a0 y la comunidad internacional nos \u00a0considere como para\u00edso del delito necesitado de intervenci\u00f3n. \u00a0\u00a0<\/p>\n<p>9. \u00a0 \u00a0 \u00a0 \u00a0 \u00a0Adicionalmente, \u00a0tal \u00a0criterio \u00a0contrar\u00eda el derecho fundamental a \u00a0la \u00a0igualdad, \u00a0que \u00a0tambi\u00e9n es valor superior y principio fundamental, pues por \u00a0medio \u00a0del delito, el error o la fuerza se obtiene un trato desigual beneficioso \u00a0para \u00a0un sujeto que no lo merece y respecto de quien la Constituci\u00f3n no reclama \u00a0trato preferente. \u00a0\u00a0<\/p>\n<p>10. \u00a0Del \u00a0mismo \u00a0modo, \u00a0si \u00a0la \u00a0pena \u00a0en los t\u00e9rminos del C\u00f3digo Penal cumple unos fines, no se \u00a0puede \u00a0aceptar \u00a0como \u00a0l\u00edcito \u00a0que \u00a0los \u00a0mismos \u00a0se \u00a0verifican \u00a0cuando \u00a0la \u00a0pena \u00a0efectivamente \u00a0impuesta \u00a0no \u00a0alcanza \u00a0el extremo punitivo m\u00ednimo previsto en la \u00a0ley, \u00a0pues \u00a0el \u00a0respeto del mismo (as\u00ed como del tope m\u00e1ximo) est\u00e1 vinculado a \u00a0la \u00a0capacidad \u00a0que \u00a0tiene \u00a0la \u00a0pena de responder ante la gravedad de los delitos \u00a0como \u00a0 estrategia \u00a0 de \u00a0prevenci\u00f3n \u00a0general, \u00a0retribuci\u00f3n \u00a0justa, \u00a0prevenci\u00f3n \u00a0especial, reinserci\u00f3n social y protecci\u00f3n al condenado. \u00a0\u00a0<\/p>\n<p>11. En este caso \u00a0no \u00a0cabe \u00a0duda que el asunto ha sido resuelto de manera insatisfactoria porque a \u00a0pesar \u00a0de \u00a0que \u00a0la intervenci\u00f3n penal tiene un fin leg\u00edtimo, siendo adem\u00e1s el \u00a0medio \u00a0id\u00f3neo \u00a0y necesario para alcanzarlo, bienes jur\u00eddicos lesionados con el \u00a0proceder \u00a0antijur\u00eddico de los procesados no obtienen respuesta estatal en busca \u00a0de \u00a0su \u00a0protecci\u00f3n \u00a0mediante \u00a0la \u00a0consecuencia \u00a0punible \u00a0adecuada, \u00a0necesaria y \u00a0proporcional. \u00a0\u00a0<\/p>\n<p>12. \u00a0Un alcance \u00a0equivocado \u00a0del derecho fundamental que proh\u00edbe la reforma peyorativa conduce a \u00a0generar \u00a0nuevos \u00a0derechos \u00a0fundamentales \u00a0contrarios \u00a0a los valores y principios \u00a0inspiradores \u00a0de \u00a0nuestro \u00a0Contrato \u00a0Social, \u00a0pues \u00a0ante \u00a0la legitimaci\u00f3n de la \u00a0ilegalidad \u00a0no faltar\u00e1 ni quien reclame un trato igual ni el juez que considere \u00a0la \u00a0 necesidad \u00a0 de \u00a0 proteger \u00a0 en \u00a0esas \u00a0condiciones \u00a0un \u00a0derecho \u00a0fundamental \u00a0inexistente, \u00a0con \u00a0lo \u00a0que \u00a0finalmente \u00a0se \u00a0obtiene \u00a0la \u00a0perversi\u00f3n \u00a0del \u00a0orden \u00a0normativo, \u00a0se \u00a0desconoce \u00a0la \u00a0seguridad \u00a0jur\u00eddica \u00a0y se atacan las condiciones \u00a0b\u00e1sicas de convivencia social. \u00a0\u00a0<\/p>\n<p>Las anteriores hip\u00f3tesis permiten falsear \u00a0la \u00a0teor\u00eda \u00a0que \u00a0da \u00a0fuerza \u00a0prevalente al principio que proh\u00edbe la reforma en \u00a0peor \u00a0frente \u00a0al \u00a0de \u00a0legalidad, \u00a0pues \u00a0resulta \u00a0inadmisible que en una sociedad \u00a0democr\u00e1tica \u00a0encaminada a la consecuci\u00f3n de un orden justo la ilegalidad pueda \u00a0cobrar \u00a0legitimidad \u00a0a\u00fan por encima de los derechos de las v\u00edctimas y la lucha \u00a0global contra la impunidad. Ha de recordarse que \u00a0\u00a0<\/p>\n<p>La \u00a0intervenci\u00f3n \u00a0de \u00a0las v\u00edctimas en el \u00a0proceso \u00a0penal \u00a0y su inter\u00e9s porque la justicia resuelva un asunto, pas\u00f3 de la \u00a0mera \u00a0expectativa \u00a0por \u00a0la obtenci\u00f3n de una reparaci\u00f3n econ\u00f3mica \u2013como \u00a0simple \u00a0derecho \u00a0subjetivo \u00a0que \u00a0permit\u00eda \u00a0que \u00a0el \u00a0delito como fuente de obligaciones tuviera una v\u00eda judicial \u00a0para \u00a0 \u00a0 el \u00a0 \u00a0 ejercicio \u00a0 \u00a0 de \u00a0 \u00a0la \u00a0 \u00a0pretensi\u00f3n \u00a0 \u00a0patrimonial\u2013 \u00a0 \u00a0a \u00a0 \u00a0convertirse \u00a0 en \u00a0 derecho \u00a0constitucional \u00a0 fundamental \u00a0 que \u00a0 adem\u00e1s \u00a0 de \u00a0garantizar \u00a0(i) \u00a0la \u00a0efectiva \u00a0reparaci\u00f3n por el agravio \u00a0sufrido, \u00a0asegura \u00a0(ii) \u00a0la \u00a0obligaci\u00f3n \u00a0estatal \u00a0de \u00a0buscar \u00a0que se conozca la \u00a0verdad sobre lo ocurrido, y \u00a0(iii) \u00a0un \u00a0acceso \u00a0expedito \u00a0a la justicia, \u00a0pues \u00a0as\u00ed \u00a0se \u00a0prev\u00e9 por la propia Constituci\u00f3n Pol\u00edtica, la \u00a0ley \u00a0penal \u00a0vigente y los tratados internacionales que hacen parte del bloque de \u00a0constitucionalidad18. \u00a0\u00a0<\/p>\n<p>De donde se hace imperativo considerar, en \u00a0defensa \u00a0de \u00a0la independencia y autonom\u00eda de la administraci\u00f3n de justicia, el \u00a0respeto \u00a0de \u00a0los \u00a0compromisos \u00a0internacionales del Estado en materia de derechos \u00a0humanos \u00a0y \u00a0la efectividad de los derechos fundamentales, en defensa de los m\u00e1s \u00a0caros \u00a0bienes \u00a0jur\u00eddicos \u00a0y \u00a0de \u00a0la \u00a0humanidad en general, que en el proceso de \u00a0ponderaci\u00f3n \u00a0que \u00a0se \u00a0debe \u00a0hacer \u00a0entre \u00a0el \u00a0principio que proh\u00edbe la reforma \u00a0peyorativa \u00a0y \u00a0el \u00a0de legalidad, el primero tiene que ceder ante el segundo para \u00a0permitir \u00a0 que \u00a0 el \u00a0 orden \u00a0 justo \u00a0 \u2013Estado \u00a0 \u00a0de \u00a0 \u00a0justicia\u2013 permanezca como un anhelo realizable. \u00a0\u00a0<\/p>\n<p>13. \u00a0 En \u00a0un \u00a0supuesto \u00a0como \u00a0el \u00a0que aqu\u00ed nos ocupa, los principios de legalidad, igualdad y \u00a0los \u00a0derechos \u00a0de \u00a0las \u00a0v\u00edctimas preceden \u00a0 \u00a0 al \u00a0 \u00a0 otro \u00a0 \u00a0 pues \u00a0 \u00a0 tienen \u00a0 \u00a0un \u00a0 \u00a0mayor \u00a0 \u00a0peso \u00a0que \u00a0obliga \u00a0a que el conflicto se \u00a0resuelva \u00a0a \u00a0su \u00a0favor, \u00a0porque \u00a0al \u00a0Estado le compete el irrenunciable deber de \u00a0investigar \u00a0con \u00a0seriedad \u00a0y \u00a0eficiencia \u00a0los \u00a0hechos \u00a0punibles \u00a0e \u00a0imponer \u00a0las \u00a0sanciones \u00a0autorizadas por el legislador, obligaci\u00f3n que para la jurisprudencia \u00a0es \u00a0m\u00e1s \u00a0intensa \u00a0cuanto \u00a0m\u00e1s \u00a0da\u00f1o \u00a0social \u00a0ha \u00a0ocasionado el comportamiento \u00a0delictivo19. \u00a0\u00a0<\/p>\n<p>En \u00a0 \u00a0estos \u00a0 \u00a0t\u00e9rminos \u00a0 se \u00a0 cumple \u00a0satisfactoriamente \u00a0el \u00a0test \u00a0que \u00a0 \u00a0 \u00a0antecede \u00a0 \u00a0 \u00a0al \u00a0 \u00a0 \u00a0proceso \u00a0 \u00a0 de \u00a0 \u00a0 ponderaci\u00f3n: \u00a0 \u00a0 (i) \u00a0 \u00a0 \u00a0 \u00a0es \u00a0 \u00a0 \u00a0 \u00a0adecuado \u00a0sacrificar \u00a0el \u00a0principio \u00a0que \u00a0proh\u00edbe \u00a0la \u00a0reforma \u00a0peyorativa \u00a0porque \u00a0su \u00a0oblaci\u00f3n \u00a0permite \u00a0preservar \u00a0la \u00a0legalidad \u00a0y \u00a0con \u00a0ello \u00a0el derecho de las v\u00edctimas y la sociedad a que se haga \u00a0justicia; \u00a0 \u00a0(ii) \u00a0 es \u00a0necesario \u00a0tal \u00a0sacrificio \u00a0porque \u00a0no existe otro medio menos lesivo disponible para preservar la legalidad \u00a0penal \u00a0 y \u00a0 la \u00a0igualdad \u00a0reclamada \u00a0desde \u00a0la \u00a0Constituci\u00f3n; \u00a0y, \u00a0(iii) \u00a0se \u00a0afecta \u00a0el \u00a0derecho \u00a0de la no \u00a0reformatio \u00a0in \u00a0pejus en el \u00a0menor \u00a0grado \u00a0posible \u00a0compatible \u00a0con la mayor satisfacci\u00f3n en el ejercicio de \u00a0los \u00a0derechos \u00a0fundamentales de legalidad e igualdad en la aplicaci\u00f3n de la ley \u00a0(proporcionalidad \u00a0 propiamente \u00a0 dicha)20. \u00a0\u00a0<\/p>\n<p>Lo \u00a0dicho \u00a0permite \u00a0conseguir no s\u00f3lo dar \u00a0cumplimiento \u00a0 a \u00a0 la \u00a0exigencia \u00a0l\u00f3gica, \u00a0referida \u00a0a \u00a0la \u00a0coherencia \u00a0del ordenamiento jur\u00eddico, sino al \u00a0acuciante \u00a0 \u00a0 \u00a0imperativo \u00a0 \u00a0 \u00a0pol\u00edtico \u00a0 \u00a0 \u00a0del \u00a0presente \u00a0de \u00a0dar respuesta adecuada a la protecci\u00f3n \u00a0estatal de los derechos fundamentales. \u00a0\u00a0<\/p>\n<p>En \u00a0 \u00a0 \u00a0 \u00a0resumen: \u00a0\u00a0<\/p>\n<p>\u00a0\u00a0\u00a0\u00a0\u00a0 1. \u00a0Partidario \u00a0soy \u00a0de \u00a0la \u00a0no \u00a0reforma \u00a0peyorativa \u00a0siempre y cuando se haya respetado por la jurisdicci\u00f3n el principio \u00a0y \u00a0derecho \u00a0fundamental \u00a0del debido proceso (art. 29 Const. Pol.) en la variante \u00a0de la aplicaci\u00f3n de la legalidad. \u00a0\u00a0<\/p>\n<p>\u00a0\u00a0\u00a0\u00a0\u00a0 2. \u00a0Quiere \u00a0decir \u00a0lo \u00a0anterior \u00a0que \u00a0al \u00a0recurrente \u00a0\u00fanico \u00a0no \u00a0se le puede desmejorar la situaci\u00f3n siempre y cuando la \u00a0condena \u00a0se \u00a0ajuste \u00a0a \u00a0lo \u00a0que \u00a0disponen \u00a0las reglas que gobiernan el Estado de \u00a0Derecho. \u00a0\u00a0<\/p>\n<p>\u00a0\u00a0\u00a0\u00a0\u00a0 3. \u00a0El \u00a0olvido, \u00a0el \u00a0error \u00a0o \u00a0el delito \u00a0judicial \u00a0no \u00a0pueden \u00a0servir para crear derechos, como tampoco la negligencia de \u00a0la \u00a0Fiscal\u00eda \u00a0o \u00a0de \u00a0la \u00a0Procuradur\u00eda para recurrir, que a menudo se trae como \u00a0pretexto \u00a0de \u00a0convalidaci\u00f3n \u00a0de \u00a0esos \u00a0fraudes \u00a0a \u00a0la \u00a0Constituci\u00f3n y a la ley \u00a0v\u00e1lida, \u00a0raz\u00f3n para que se haya creado legislativamente, y en concordancia con \u00a0el \u00a0bloque de constitucionalidad (art\u00edculos 93 y 94 Const. Pol.), una causal de \u00a0revisi\u00f3n \u00a0(art\u00edculos. \u00a021 \u00a0y \u00a0192-4 \u00a0cpp- 2004), desfalco al Estado de Derecho \u00a0que, \u00a0si \u00a0desde el comienzo o en el tr\u00e1mite procesal surge evidente, el juez no \u00a0puede \u00a0convalidar, \u00a0adem\u00e1s \u00a0que \u00a0se \u00a0lo impone la funci\u00f3n nomofil\u00e1ctica de la \u00a0casaci\u00f3n. \u00a0\u00a0<\/p>\n<p>4. \u00a0 \u00a0 En \u00a0 \u00a0 ocasi\u00f3n \u00a0 \u00a0 pasada \u00a0 \u00a0por \u00a0 \u00a0unanimidad \u00a0 \u00a0la \u00a0 \u00a0Sala \u00a0sentenci\u00f3: \u00a0\u00a0<\/p>\n<p>\u201cEl principio \u00a0de \u00a0legalidad \u00a0de \u00a0la pena es una garant\u00eda para el procesado y tambi\u00e9n para la \u00a0sociedad, \u00a0en el sentido de que el Estado impondr\u00e1 las que haya sido estatuidas \u00a0previamente \u00a0a \u00a0la \u00a0realizaci\u00f3n \u00a0de la conducta punible, dentro de los l\u00edmites \u00a0cuantitativos \u00a0y \u00a0cualitativos consagrados en el ordenamiento jur\u00eddico, sin que \u00a0se \u00a0pueda \u00a0imponer \u00a0penas \u00a0por arbitrio o imaginaci\u00f3n del juez, que no respeten \u00a0los \u00a0par\u00e1metros \u00a0legales, \u00a0con \u00a0quebranto \u00a0de \u00a0la \u00a0igualdad \u00a0y \u00a0de la seguridad \u00a0jur\u00eddica\u201d21. \u00a0\u00a0<\/p>\n<p>\u00a0 \u00a0\u00a0 \u00a0\u00a0 \u00a0Cordialmente, \u00a0\u00a0<\/p>\n<p>YESID RAM\u00cdREZ BASTIDAS \u00a0<\/p>\n<p>Magistrado \u00a0<\/p>\n<p>Fecha: \u00a0 ut \u00a0supra. \u00a0\u00a0<\/p>\n<p>\u00a0 \u00a0\u00a0<\/p>\n<p>1 Cfr \u00a0fl 92 C.3. \u00a0\u00a0<\/p>\n<p>2 Cfr \u00a0fls\u00a0 3 al 13 C. 2\u00aa instancia Fiscal\u00eda y 28 a 30 C.6. \u00a0\u00a0<\/p>\n<p>3 Cfr \u00a0fl 189 C.6. \u00a0\u00a0<\/p>\n<p>4 \u00abLa \u00a0justeza \u00a0l\u00f3gica \u00a0de \u00a0esta \u00a0proposici\u00f3n \u00a0est\u00e1 \u00a0determinada \u00a0por \u00a0el ya aludido \u00a0car\u00e1cter \u00a0no \u00a0absoluto \u00a0ni \u00a0aislado \u00a0de \u00a0los \u00a0derechos \u00a0fundamentales \u00a0y por su \u00a0pertenencia \u00a0 a \u00a0 un \u00a0 sistema \u00a0 de \u00a0 valores, \u00a0principios, \u00a0derechos \u00a0y \u00a0bienes \u00a0constitucionales \u00a0de \u00a0igual \u00a0importancia en t\u00e9rminos materiales y axiol\u00f3gicos; \u00a0lo \u00a0anterior, \u00a0no \u00a0es \u00a0\u00f3bice \u00a0para examinar los distintos modos como las normas \u00a0constitucionales \u00a0participan \u00a0en \u00a0la \u00a0configuraci\u00f3n \u00a0de \u00a0los \u00a0derechos \u00a0y en la \u00a0determinaci\u00f3n \u00a0de \u00a0sus \u00a0limitaciones\u00bb. \u00a0Magdalena \u00a0Correa \u00a0Henao, La \u00a0 \u00a0limitaci\u00f3n \u00a0 de \u00a0 los \u00a0 derechos \u00a0 fundamentales, Bogot\u00e1, Uni-Ext., 2003, p. 40. \u00a0\u00a0<\/p>\n<p>5 \u00a0J\u00fcrgen \u00a0Habermas, \u00a0Facticidad \u00a0y validez, Madrid, Editorial Trotta, 2001, p. 319. \u00a0\u00a0<\/p>\n<p>6 \u00a0Jes\u00fas \u00a0Gonz\u00e1lez Amuch\u00e1stegui, \u00abLos l\u00edmites de los derechos fundamentales\u00bb, \u00a0en \u00a0Constituci\u00f3n y derechos fundamentales, \u00a0Madrid, \u00a0Centro de Estudios Pol\u00edticos y Constitucionales, 2004, \u00a0p. 442. \u00a0\u00a0<\/p>\n<p>7 Corte \u00a0Constitucional, \u00a0 sentencia \u00a0 C-475\/97, \u00a0aunque \u00a0\u00abno \u00a0podemos \u00a0suponer \u00a0que \u00a0la \u00a0Constituci\u00f3n \u00a0sea \u00a0siempre \u00a0lo \u00a0que el Tribunal (Constitucional) dice que es\u00bb. \u00a0R\u00f3nald \u00a0Dworkin, \u00a0Los \u00a0derechos en serio, Barcelona. Editorial Ariel, 1984, p. 311. \u00a0\u00a0<\/p>\n<p>8 \u00a0La \u00a0Corte \u00a0Constitucional \u00a0frecuentemente \u00a0utiliza el criterio de la armonizaci\u00f3n o \u00a0ponderaci\u00f3n \u00a0de \u00a0derechos, \u00a0principios \u00a0y valores para resolver problemas entre \u00a0derechos \u00a0fundamentales. \u00a0V\u00e9ase \u00a0las \u00a0sentencias \u00a0T-575\/95, T-332\/96, C-475\/97, \u00a0C-507\/04, \u00a0 T-701\/04, \u00a0 T-962\/04, \u00a0 C-818\/05, \u00a0 T-013\/06, \u00a0 T-023\/06, \u00a0T-171\/06, \u00a0T-1027\/06, entre otras. \u00a0\u00a0<\/p>\n<p>9 \u00a0Arango \u00a0 \u00a0 Rodolfo, \u00a0 \u00a0 El \u00a0concepto \u00a0de \u00a0derechos \u00a0sociales \u00a0fundamentales, Bogot\u00e1, \u00a0Editorial Legis, 2005, p. 135. \u00a0\u00a0<\/p>\n<p>10 \u00abEl \u00a0principio \u00a0de \u00a0legalidad de \u00a0la \u00a0pena \u00a0es una garant\u00eda para el procesado, y tambi\u00e9n para la\u00a0 sociedad, \u00a0en \u00a0el \u00a0sentido \u00a0de \u00a0que \u00a0el \u00a0Estado \u00a0impondr\u00e1 \u00a0las \u00a0que \u00a0hayan sido estatuidas \u00a0previamente \u00a0a \u00a0la \u00a0realizaci\u00f3n \u00a0de la conducta punible, dentro de los l\u00edmites \u00a0cuantitativos \u00a0y \u00a0cualitativos consagrados en el ordenamiento jur\u00eddico, sin que \u00a0se \u00a0puedan \u00a0imponer \u00a0penas \u00a0por \u00a0arbitrio \u00a0o imaginaci\u00f3n\u00a0 del juez, que no \u00a0respeten \u00a0los \u00a0par\u00e1metros \u00a0legales, \u00a0con \u00a0quebranto \u00a0de \u00a0la \u00a0igualdad \u00a0y \u00a0de la \u00a0seguridad \u00a0jur\u00eddica\u00bb. Cfr. Corte Suprema de Justicia, Sala de Casaci\u00f3n Penal, \u00a0casaci\u00f3n \u00a0de \u00a07 \u00a0de \u00a0marzo \u00a0de \u00a02007, radicaci\u00f3n 25.385, M. P., Dr. \u00c1lvaro O. \u00a0P\u00e9rez \u00a0Pinz\u00f3n. \u00a0Agr\u00e9guese que el olvido, \u00a0el \u00a0error o \u00a0el \u00a0 delito \u00a0judicial \u00a0no \u00a0pueden \u00a0 \u00a0 \u00a0crear \u00a0 \u00a0 \u00a0derechos, \u00a0 \u00a0 \u00a0como \u00a0 \u00a0 \u00a0tampoco \u00a0 \u00a0 \u00a0la \u00a0 \u00a0 negligencia de \u00a0la \u00a0Fiscal\u00eda \u00a0o \u00a0de \u00a0la \u00a0Procuradur\u00eda para recurrir, que a menudo se trae como \u00a0criterio \u00a0de \u00a0convalidaci\u00f3n \u00a0de \u00a0esos \u00a0fraudes \u00a0a \u00a0la \u00a0Constituci\u00f3n y a la Ley \u00a0v\u00e1lida. \u00a0\u00a0<\/p>\n<p>11 \u00a0Corte \u00a0 \u00a0 Constitucional, \u00a0 \u00a0 sentencia SU-1722\/00. \u00a0\u00a0<\/p>\n<p>12 \u00a0Corte \u00a0 \u00a0 Constitucional, \u00a0 \u00a0 sentencia C-070\/96. \u00a0\u00a0<\/p>\n<p>13 \u00a0Juan \u00a0 \u00a0Fern\u00e1ndez \u00a0 \u00a0Carrasquilla, \u00a0 \u00a0Derecho \u00a0Penal \u00a0liberal \u00a0de hoy, Bogot\u00e1, \u00a0Edit.\u00a0 \u00a0 \u00a0Ib\u00e1\u00f1ez, \u00a0 \u00a02002, \u00a0 \u00a0p.123. \u00a0 \u00a0\u201cSolo \u00a0 la \u00a0 ley \u00a0 \u2013con \u00a0el \u00a0car\u00e1cter \u00a0de \u00a0ley estricta- \u00a0puede \u00a0crear \u00a0o agravar penas o medidas de seguridad (nulla poena, nulla mensura \u00a0sine \u00a0lege), \u00a0y por cierto no ha de contentarse con un se\u00f1alamiento gen\u00e9rico y \u00a0abstracto \u00a0del \u00a0tipo \u00a0de \u00a0reacci\u00f3n punitiva, sino que ha de\u00a0 determinar la \u00a0naturaleza \u00a0 de \u00a0 la \u00a0 pena \u00a0 correspondiente \u00a0 y \u00a0 el \u00a0 marco \u00a0 para \u00a0 su\u00a0 \u00a0individualizaci\u00f3n \u00a0judicial \u00a0en \u00a0cada \u00a0caso, \u00a0proveyendo a la vez los criterios \u00a0fundamentales \u00a0para \u00a0que \u00a0el \u00a0juez \u00a0se \u00a0mueva \u00a0dentro de los l\u00edmites m\u00ednimos y \u00a0m\u00e1ximos \u00a0 de \u00a0 este \u00a0 marco\u201d. \u00a0 Juan \u00a0Fern\u00e1ndez \u00a0Carrasquilla, \u00a0Principios \u00a0 y \u00a0 normas \u00a0 rectoras \u00a0del \u00a0derecho \u00a0penal, \u00a0Bogot\u00e1, \u00a0Edit. \u00a0L\u00e9yer, \u00a01998, p. 147.\u00a0\u00a0 \u00a0\u00a0 \u00a0 \u00a0 \u00a0 \u00a0\u00a0<\/p>\n<p>14 La \u00a0fijaci\u00f3n \u00a0de \u00a0los l\u00edmites m\u00ednimo y m\u00e1ximo de la escala de penas se conoce en \u00a0la \u00a0 \u00a0doctrina \u00a0 \u00a0como \u00a0 proporcionalidad \u00a0 cardinal \u00a0o \u00a0 absoluta. \u00a0Cfr. \u00a0Adrew \u00a0von \u00a0Hirsch, \u00a0Censurar y \u00a0castigar, \u00a0Madrid, \u00a0Editorial Trotta, 1998, p.45 s.s. \u00a0\u201cEstatuir\u00a0 \u00a0que \u00a0nadie \u00a0puede \u00a0ser \u00a0juzgado \u00a0sino \u00a0conforme \u00a0a \u00a0las leyes \u00a0preexistentes \u00a0al \u00a0acto \u00a0que se le imputa, implica que\u00a0 para condenar a una \u00a0persona \u00a0se \u00a0requiere que su conducta est\u00e9 previamente definida como delito; de \u00a0la \u00a0 misma \u00a0manera \u00a0que \u00a0s\u00f3lo\u00a0 \u00a0puede \u00a0impon\u00e9rsele \u00a0la \u00a0pena \u00a0previamente \u00a0establecida \u00a0en \u00a0la \u00a0ley. \u00a0Se \u00a0trata \u00a0del \u00a0apotegma universalmente conocido como \u00a0\u201cnullum \u00a0crimen, \u00a0nulla poena sine lege\u201d. El principio de legalidad opera en \u00a0un \u00a0doble \u00a0sentido, (i) como l\u00edmite al ejercicio del poder punitivo del Estado, \u00a0en \u00a0 la \u00a0 medida \u00a0en \u00a0que \u00a0le \u00a0impone \u00a0definir \u00a0previamente \u00a0qu\u00e9 \u00a0acciones \u00a0son \u00a0constitutivas \u00a0 de \u00a0 delitos \u00a0 y \u00a0cu\u00e1l \u00a0la \u00a0sanci\u00f3n \u00a0a \u00a0aplicar \u00a0por \u00a0su\u00a0 \u00a0realizaci\u00f3n; \u00a0y \u00a0(ii) \u00a0como \u00a0garant\u00eda \u00a0para el procesado y la\u00a0 comunidad, \u00a0atendida \u00a0la \u00a0certidumbre que genera el saber de antemano que s\u00f3lo ser\u00e1 objeto \u00a0de \u00a0sanci\u00f3n penal la conducta erigida en delito por la ley y que \u00fanicamente se \u00a0impondr\u00e1 \u00a0la pena dentro de \u00a0los \u00a0l\u00edmites \u00a0cuantitativos \u00a0y cualitativos establecidos por la misma\u201d. Corte \u00a0Suprema \u00a0De \u00a0Justicia, \u00a0Cas. \u00a0Rad.28.059 \u00a0, \u00a0M. \u00a0P., \u00a0Dra. \u00a0Mar\u00eda \u00a0del \u00a0Rosario \u00a0Gonz\u00e1lez \u00a0de \u00a0Lemos. \u00a0\u201cEn \u00a0efecto,\u00a0 \u00a0los ciudadanos deben conocer los comportamientos\u00a0 prohibidos \u00a0y \u00a0por lo mismo elevados por el legislador a la categor\u00eda\u00a0 de delitos as\u00ed \u00a0como \u00a0la correspondiente sanci\u00f3n previamente establecida a fin de contar con la \u00a0certeza \u00a0de que s\u00f3lo podr\u00e1n ser\u00a0 sancionados en raz\u00f3n de la comisi\u00f3n de \u00a0una \u00a0conducta punible dentro \u00a0de \u00a0los \u00a0l\u00edmites cuantitativos y cualitativos consagrados con\u00a0 antelaci\u00f3n \u00a0en \u00a0la \u00a0ley, sin que tales marcos puedan desbordarse a discreci\u00f3n o capricho de \u00a0los \u00a0 funcionarios \u00a0 judiciales\u201d. \u00a0Corte \u00a0Suprema \u00a0de \u00a0Justicia, \u00a0Cas. \u00a0Rad. \u00a024.030, \u00a0M. \u00a0P., \u00a0Dr. \u00a0Julio \u00a0Enrique Socha Salamanca. \u00a0\u00a0<\/p>\n<p>15 \u00a0\u201cEl \u00a0reconociendo constitucional del valor superior \u00a0de \u00a0la \u00a0persona \u00a0humana, \u00a0nos \u00a0ubica \u00a0en el entorno de un modelo de Estado \u00a0antropoc\u00e9ntrico, esto es, de una \u00a0forma \u00a0de \u00a0organizaci\u00f3n \u00a0pol\u00edtica y jur\u00eddica que tiene como su valor central, \u00a0como \u00a0el \u00a0objeto \u00a0de \u00a0toda \u00a0su \u00a0actividad, \u00a0como \u00a0responsabilidad \u00a0de \u00a0todas las \u00a0autoridades, \u00a0el \u00a0compromiso \u00a0indeclinable de garantizar las condiciones para la \u00a0dignificaci\u00f3n del hombre y \u00a0para \u00a0 procurarle \u00a0 el \u00a0 desenvolvimiento \u00a0de \u00a0sus \u00a0potencialidades, \u00a0as\u00ed \u00a0como \u00a0establecer \u00a0condiciones \u00a0individuales \u00a0y sociales de vida que posibiliten que su \u00a0existencia \u00a0 discurra \u00a0 de \u00a0 la \u00a0manera \u00a0m\u00e1s \u00a0feliz \u00a0posible. \u00a0El \u00a0hombre \u00a0se \u00a0destaca \u00a0no \u00a0solo \u00a0sobre \u00a0la \u00a0naturaleza \u00a0como un ser superior dotado de facultades para transformar el mundo, \u00a0sino \u00a0 que \u00a0 tambi\u00e9n \u00a0 es \u00a0 reconocido \u00a0por \u00a0la \u00a0organizaci\u00f3n \u00a0pol\u00edtica \u00a0como \u00a0\u201cel \u00a0ser \u00a0en \u00a0s\u00ed \u00a0en \u00a0esencia \u00a0valioso\u201d, \u00a0para \u00a0el \u00a0cual \u00a0y \u00a0alrededor del cual se crean la estructuras \u00a0estatales, \u00a0las \u00a0construcciones \u00a0jur\u00eddicas, pol\u00edticas, econ\u00f3micas y sociales, \u00a0hasta \u00a0llegar a la ideal del Estado de servicio, y a la indeclinable conclusi\u00f3n \u00a0de \u00a0 que \u00a0todo \u00a0debe \u00a0servir \u00a0al \u00a0fin \u00a0central \u00a0de \u00a0dignificar \u00a0al \u00a0hombre. \u00a0Estado, \u00a0leyes, \u00a0\u00f3rganos \u00a0del \u00a0poder, \u00a0vida \u00a0econ\u00f3mica, vida pol\u00edtica, justicia, actividad estatal, todo debe \u00a0funcionar \u00a0y \u00a0girar \u00a0alrededor \u00a0del hombre, \u00a0como \u00a0instrumentos y medios para el fin superior de facilitar el \u00a0desenvolvimiento \u00a0de \u00a0los destinos humanos. A diferencia de las cosas que tienen \u00a0su \u00a0 fin \u00a0 fuera \u00a0 de \u00a0 s\u00ed, \u00a0 el \u00a0hombre \u00a0 se \u00a0 concibe \u00a0 como \u00a0el \u00a0fin \u00a0en \u00a0s\u00ed \u00a0mismo, \u00a0posee \u00a0innatamente \u00a0el \u00a0derecho \u00a0y la misi\u00f3n \u00a0inherente \u00a0de \u00a0concebirse y realizarse tal como \u00e9l se piensa y se sue\u00f1a, y por \u00a0eso \u00a0 se \u00a0le \u00a0garantiza \u00a0el \u00a0libre \u00a0ejercicio \u00a0de \u00a0su \u00a0voluntad; \u00a0no es una simple existencia biol\u00f3gica, un \u00a0dato \u00a0m\u00e1s \u00a0en la realidad de las interacciones sociales, sino que la existencia \u00a0siendo \u00a0enteramente \u00a0suya15, \u00a0es \u00a0adem\u00e1s \u00a0libre para darse los rumbos que su raz\u00f3n le dicte, para imprimir a \u00a0su \u00a0d\u00edas \u00a0y \u00a0a sus a\u00f1os de tr\u00e1nsito en la tierra las formas de vida que mejor \u00a0lo \u00a0realicen \u00a0y \u00a0le \u00a0permitan \u00a0un superior desarrollo de sus potencialidades\u201d. \u00a0Yesid \u00a0 \u00a0Ram\u00edrez \u00a0 \u00a0Bastidas, \u00a0 \u00a0Aclaraci\u00f3n \u00a0 \u00a0de \u00a0voto a Cas. 22.027. As\u00ed mismo, Jes\u00fas Orlando G\u00f3mez \u00a0L\u00f3pez, \u00a0 \u00a0 Teor\u00eda \u00a0 \u00a0 del \u00a0 \u00a0 Delito,\u00a0 \u00a0 \u00a0Bogot\u00e1, \u00a0 \u00a0Ediciones \u00a0 Doctrina \u00a0 y \u00a0 Ley, \u00a0 2003, \u00a0 p. \u00a017. \u00a0\u00a0<\/p>\n<p>16 \u00a0Corte \u00a0 \u00a0 Constitucional, \u00a0 \u00a0sentencias \u00a0 \u00a0C-004\/03 \u00a0 \u00a0y \u00a0 \u00a0C-871\/03, \u00a0 \u00a0refiri\u00e9ndose \u00a0 al \u00a0 non \u00a0bis \u00a0in \u00a0\u00eddem y declarando que tal \u00a0principio \u00a0no \u00a0es \u00a0absoluto. \u00a0\u201cEn \u00a0el \u00e1mbito internacional se ha llegado a un \u00a0consenso \u00a0general \u00a0en la necesidad de considerar a las v\u00edctimas del delito como \u00a0parte \u00a0 principal,\u00a0 \u00a0 junto \u00a0 al \u00a0 victimario\u00a0 \u00a0 y \u00a0 en \u00a0 igualdad \u00a0 de \u00a0 condiciones, \u00a0 de \u00a0 la \u00a0pol\u00edtica\u00a0 \u00a0criminal \u00a0de los Estados. Se trata \u201cde una exigencia social y \u00a0humana: \u00a0hoy, \u00a0el \u00a0llegar a ser v\u00edctima no se considera un incidente individual \u00a0sino \u00a0un problema de pol\u00edtica social, un problema de derechos fundamentales\u201d. \u00a0Alfonso \u00a0Daza \u00a0Gonz\u00e1lez, \u00a0V\u00edctimas \u00a0en \u00a0el \u00a0Sistema \u00a0Procesal \u00a0 Penal \u00a0 Acusatorio, \u00a0Bogot\u00e1, \u00a0Universidad \u00a0Libre, 2006, p. 56. \u00a0\u00a0<\/p>\n<p>17 Se \u00a0sigue \u00a0lo \u00a0dicho \u00a0por \u00a0la \u00a0Corte Constitucional (sentencias C-004\/03 y C-871\/03) \u00a0cuando \u00a0resolvi\u00f3 \u00a0la \u00a0tensi\u00f3n \u00a0entre \u00a0el \u00a0non bis in \u00a0\u00eddem \u00a0y \u00a0los \u00a0derechos \u00a0de \u00a0las \u00a0v\u00edctimas. La Corte \u00a0Suprema \u00a0 \u00a0de \u00a0 Justicia \u00a0 al \u00a0 ponderar\u00a0 \u00a0en el Estado Social\u00a0 y Democr\u00e1tico de Derecho vigente \u00a0en \u00a0Colombia \u00a0(art. \u00a01 \u00a0Const. Pol.) los derechos a la favorabilidad y al debido \u00a0proceso \u00a0p\u00fablico \u00a0\u2013en su \u00a0vertiente \u00a0 \u00a0de \u00a0 procedimentalismo-, \u00a0 estim\u00f3\u00a0 \u00a0 como \u00a0 de \u00a0 n\u00facleo \u00a0m\u00e1s \u00a0fuerte \u00a0el derecho de las \u00a0v\u00edctimas \u00a0a \u00a0la \u00a0verdad, \u00a0la justicia y la\u00a0 reparaci\u00f3n. Cfr. Provs. \u00a0de \u00a0Segunda \u00a0Instancia \u00a0de 11 de \u00a0julio \u00a0de \u00a02007 \u00a0y \u00a023 \u00a0de \u00a0agosto \u00a0de \u00a02007, \u00a0Mags. Ptes., Dres. Yesid Ram\u00edrez \u00a0Bastidas \u00a0y \u00a0Mar\u00eda \u00a0del \u00a0Rosario \u00a0Gonz\u00e1lez \u00a0de \u00a0Lemos, \u00a0respectivamente.\u00a0 \u00a0\u00a0<\/p>\n<p>18 \u00a0Corte \u00a0Suprema \u00a0de \u00a0Justicia, Sala de Casaci\u00f3n Penal, auto de segunda instancia \u00a0de \u00a011 \u00a0de \u00a0julio \u00a0de \u00a02007, \u00a0radicaci\u00f3n \u00a026945. \u00a0El \u00a0derecho a la justicia \u00a0 proscribe \u00a0 la \u00a0impunidad \u00a0 as\u00ed \u00a0 sea \u00a0 parcial. \u00a0 El \u00a0Tratado \u00a0de Roma, que fuera \u00a0ratificado\u00a0 \u00a0por \u00a0la \u00a0Ley \u00a0742 \u00a0de 2002 y declarado exequible por sentencia \u00a0C-578 \u00a0del \u00a0mismo a\u00f1o, tuvo como bloque de constitucionalidad amplio reflejo en \u00a0la \u00a0 legislaci\u00f3n \u00a0 interna \u00a0 en \u00a0 el \u00a0 nuevo \u00a0 contexto \u00a0 del \u00a0 \u201cderecho \u00a0penal \u00a0de las v\u00edctimas\u201d (art. \u00a075). \u00a0En \u00a0el \u00a0Acto \u00a0Legislativo 3 de 2002 y la Ley 906 de 2004,que impusieron el \u00a0sistema \u00a0 \u00a0 acusatorio \u00a0 \u00a0 colombiano, \u00a0se \u00a0hacen \u00a03 \u00a0y \u00a089 \u00a0referencias estelares a los derechos de las \u00a0v\u00edctimas. Y recordemos que \u00a0las \u00a0sentencias \u00a0de la CPI \u00a0ser\u00e1n \u00a0ius \u00a0cogens, fuente \u00a0de \u00a0la \u00a0jurisprudencia\u00a0 \u00a0nacional \u00a0(art. \u00a0230 \u00a0Const. \u00a0Pol.) \u00a0y hasta norma \u00a0supralegal (arts. 93 Const. Pol. y\u00a0 3 cpp). \u00a0\u00a0<\/p>\n<p>19 \u00a0V\u00e9ase \u00a0Corte \u00a0Constitucional, \u00a0sentencia C-871\/03. \u00a0\u00a0<\/p>\n<p>20 \u00a0Robert \u00a0 \u00a0Alexis, \u00a0 \u00a0Teor\u00eda \u00a0 \u00a0de \u00a0 los \u00a0 derechos \u00a0fundamentales, \u00a0 \u00a0Madrid, \u00a0 \u00a0Centro \u00a0 de \u00a0 Estudios \u00a0Constitucionales, 1993. \u00a0\u00a0<\/p>\n<p>21 \u00a0CORTE \u00a0 SUPREMA \u00a0 DE \u00a0 JUSTICIA, \u00a0 Sala \u00a0 de \u00a0 Casaci\u00f3n \u00a0 Penal, \u00a0 Sent. Radicaci\u00f3n 25.385. \u00a0 \u00a0\u00a0<\/p>\n<p><\/p>\n","protected":false},"excerpt":{"rendered":"<p>\u00a0 \u00a0 Proceso No 26527 \u00a0 CORTE SUPREMA DE JUSTICIA \u00a0 SALA DE CASACI\u00d3N PENAL \u00a0 MAGISTRADO PONENTE \u00a0 AUGUSTO J. IB\u00c1\u00d1EZ GUZM\u00c1N \u00a0 Aprobado: Acta No. 233 \u00a0 Archipi\u00e9lago \u00a0 de \u00a0 San \u00a0 Andr\u00e9s \u00a0 Islas \u00a0Providencia \u00a0 y \u00a0 Santa \u00a0 Catalina, \u00a0 treinta \u00a0 y \u00a0 uno \u00a0 (31) \u00a0 de [&hellip;]<\/p>\n","protected":false},"author":1,"featured_media":0,"comment_status":"open","ping_status":"open","sticky":false,"template":"","format":"standard","meta":{"footnotes":""},"categories":[17],"tags":[],"class_list":["post-17786","post","type-post","status-publish","format-standard","hentry","category-17"],"_links":{"self":[{"href":"https:\/\/dmsjuridica.com\/buscador_20179478954\/salapenalcronologico20230723\/wp-json\/wp\/v2\/posts\/17786","targetHints":{"allow":["GET"]}}],"collection":[{"href":"https:\/\/dmsjuridica.com\/buscador_20179478954\/salapenalcronologico20230723\/wp-json\/wp\/v2\/posts"}],"about":[{"href":"https:\/\/dmsjuridica.com\/buscador_20179478954\/salapenalcronologico20230723\/wp-json\/wp\/v2\/types\/post"}],"author":[{"embeddable":true,"href":"https:\/\/dmsjuridica.com\/buscador_20179478954\/salapenalcronologico20230723\/wp-json\/wp\/v2\/users\/1"}],"replies":[{"embeddable":true,"href":"https:\/\/dmsjuridica.com\/buscador_20179478954\/salapenalcronologico20230723\/wp-json\/wp\/v2\/comments?post=17786"}],"version-history":[{"count":0,"href":"https:\/\/dmsjuridica.com\/buscador_20179478954\/salapenalcronologico20230723\/wp-json\/wp\/v2\/posts\/17786\/revisions"}],"wp:attachment":[{"href":"https:\/\/dmsjuridica.com\/buscador_20179478954\/salapenalcronologico20230723\/wp-json\/wp\/v2\/media?parent=17786"}],"wp:term":[{"taxonomy":"category","embeddable":true,"href":"https:\/\/dmsjuridica.com\/buscador_20179478954\/salapenalcronologico20230723\/wp-json\/wp\/v2\/categories?post=17786"},{"taxonomy":"post_tag","embeddable":true,"href":"https:\/\/dmsjuridica.com\/buscador_20179478954\/salapenalcronologico20230723\/wp-json\/wp\/v2\/tags?post=17786"}],"curies":[{"name":"wp","href":"https:\/\/api.w.org\/{rel}","templated":true}]}}