{"id":17350,"date":"2023-09-11T17:48:27","date_gmt":"2023-09-11T17:48:27","guid":{"rendered":"https:\/\/dmsjuridica.com\/buscador_20179478954\/salapenalcronologico20230723\/2023\/09\/11\/3037227-10-08\/"},"modified":"2023-09-11T17:48:27","modified_gmt":"2023-09-11T17:48:27","slug":"3037227-10-08","status":"publish","type":"post","link":"https:\/\/dmsjuridica.com\/buscador_20179478954\/salapenalcronologico20230723\/2023\/09\/11\/3037227-10-08\/","title":{"rendered":"30372(27-10-08)"},"content":{"rendered":"\n<p>\u00a0 \u00a0 \u00a0\u00a0<\/p>\n<p>Proceso No 30372 \u00a0<\/p>\n<p>CORTE SUPREMA DE JUSTICIA \u00a0<\/p>\n<p>SALA DE CASACI\u00d3N PENAL \u00a0<\/p>\n<p>Magistrado Ponente \u00a0<\/p>\n<p>JORGE LUIS QUINTERO MILAN\u00c9S \u00a0<\/p>\n<p>Aprobado \u00a0 acta \u00a0 N\u00ba\u00a0 \u00a0 309 \u00a0\u00a0<\/p>\n<p>Bogot\u00e1, \u00a0D. C., veintisiete (27) de octubre \u00a0de dos mil ocho (2008). \u00a0\u00a0<\/p>\n<p>V I S T O S \u00a0<\/p>\n<p>Procede \u00a0la \u00a0Corte \u00a0a \u00a0conceptuar \u00a0sobre \u00a0la \u00a0solicitud \u00a0 \u00a0de \u00a0 \u00a0extradici\u00f3n \u00a0 \u00a0del \u00a0 \u00a0ciudadano \u00a0 \u00a0colombiano \u00a0 GERM\u00c1N \u00a0EDUARDO \u00a0L\u00d3PEZ \u00a0DAZA, elevada por \u00a0el Gobierno de los Estados Unidos de Am\u00e9rica. \u00a0\u00a0<\/p>\n<p>L \u00a0A\u00a0\u00a0\u00a0\u00a0 S O L I C I T U \u00a0D \u00a0\u00a0<\/p>\n<p>1.\u00a0 \u00a0 \u00a0Mediante \u00a0 \u00a0oficio \u00a0 n\u00famero \u00a0OFI08-23270-DIJ-0100 \u00a0del \u00a08 \u00a0de agosto de 2008, el Ministerio del Interior y de \u00a0Justicia \u00a0comunic\u00f3 \u00a0a \u00a0esta \u00a0Sala \u00a0de \u00a0la \u00a0Corte que el Gobierno de los Estados \u00a0Unidos \u00a0de \u00a0Am\u00e9rica, \u00a0por \u00a0conducto \u00a0de su Embajada en Colombia y mediante Nota \u00a0Verbal \u00a0n\u00famero \u00a02230 \u00a0del\u00a0 \u00a01 \u00a0de \u00a0agosto \u00a0del \u00a0citado \u00a0a\u00f1o, solicit\u00f3 en \u00a0extradici\u00f3n \u00a0al \u00a0ciudadano \u00a0colombiano Germ\u00e1n Eduardo \u00a0L\u00f3pez \u00a0Daza, \u00a0capturado \u00a0el \u00a06 \u00a0de \u00a0junio de 2008, en \u00a0cumplimiento \u00a0de \u00a0la \u00a0resoluci\u00f3n del 30 de mayo del mismo a\u00f1o, expedida por el \u00a0Fiscal General de la Naci\u00f3n. \u00a0\u00a0<\/p>\n<p>2.\u00a0 La normatividad que rige al presente \u00a0tr\u00e1mite \u00a0es \u00a0la contemplada en el\u00a0\u00a0 Libro V, Cap\u00edtulo II del C\u00f3digo \u00a0de \u00a0Procedimiento Penal, en la\u00a0 medida que no existe en el momento convenio \u00a0aplicable \u00a0que \u00a0regule \u00a0el\u00a0 \u00a0asunto, \u00a0como as\u00ed lo conceptu\u00f3 el Jefe de la \u00a0Oficina \u00a0de \u00a0Asesor\u00eda Jur\u00eddica del Ministerio de Relaciones Exteriores, seg\u00fan \u00a0oficio \u00a0n\u00famero \u00a0OAJ.E. \u00a01594 \u00a0del 4 de agosto de 2008, quien adem\u00e1s certific\u00f3 \u00a0que \u00a0la \u00a0documentaci\u00f3n \u00a0del expediente procedente de la Embajada de los Estados \u00a0Unidos \u00a0de \u00a0Am\u00e9rica, \u00a0fue \u00a0presentada \u00a0\u201cdebidamente \u00a0autenticada\u201d. \u00a0\u00a0<\/p>\n<p>3.\u00a0 Los acontecimientos f\u00e1cticos objeto \u00a0de \u00a0la \u00a0investigaci\u00f3n \u00a0e \u00a0imputaci\u00f3n \u00a0de \u00a0los \u00a0cargos formulados en su contra, \u00a0motivo \u00a0de \u00a0la \u00a0solicitud de extradici\u00f3n, fueron sintetizados en la Nota Verbal \u00a0n\u00famero 2230 del 1 de agosto de 2008 de la siguiente manera: \u00a0\u00a0<\/p>\n<p>\u201cDesde \u00a0 por \u00a0 lo \u00a0 menos \u00a0 el \u00a0 2006 \u00a0aproximadamente \u00a0y \u00a0continuando \u00a0hasta \u00a0por lo menos enero de 2008, los acusados \u00a0William \u00a0de \u00a0Jes\u00fas \u00a0Lara Ballesteros, Jos\u00e9 Angelo Guti\u00e9rrez, Alexander Obando \u00a0Salazar, \u00a0Heberto \u00a0\u00c1lvarez \u00a0Denis, \u00a0Wil Alberto \u00c1lvarez Denis, Germ\u00e1n Eduardo \u00a0L\u00f3pez \u00a0Daza, \u00a0y \u00a0Germ\u00e1n \u00a0Eduardo L\u00f3pez Daza participaron en una organizaci\u00f3n \u00a0internacional \u00a0de tr\u00e1fico de narc\u00f3ticos que distribu\u00eda coca\u00edna y hero\u00edna en \u00a0los \u00a0 Estados \u00a0Unidos \u00a0y \u00a0tambi\u00e9n \u00a0importaba \u00a0hero\u00edna \u00a0a \u00a0los \u00a0Estados \u00a0Unidos \u00a0proveniente \u00a0de \u00a0Colombia. \u00a0A continuaci\u00f3n se presentan breves descripciones de \u00a0algunas \u00a0de las actividades de cada acusado realizadas como parte del esquema de \u00a0tr\u00e1fico \u00a0 de \u00a0 narc\u00f3ticos, \u00a0 las \u00a0 cuales \u00a0 se \u00a0 consiguieron \u00a0 por \u00a0medio \u00a0de \u00a0interceptaciones \u00a0legales \u00a0de \u00a0conversaciones \u00a0y a trav\u00e9s de vigilancia f\u00edsica \u00a0involucrando a uno o m\u00e1s de ellos en julio y agosto de 2007. \u00a0\u00a0<\/p>\n<p>\u201cGustavo \u00a0Adolfo \u00a0Granada \u00a0Bernat ayud\u00f3 a \u00a0financiar \u00a0un \u00a0despacho \u00a0de \u00a020 kilogramos de hero\u00edna que se supon\u00eda iba a ser \u00a0enviado \u00a0desde \u00a0Bogot\u00e1 \u00a0a \u00a0Nueva \u00a0York \u00a0e \u00a0igualmente hizo los arreglos para la \u00a0entrega \u00a0de \u00a0145 \u00a0kilogramos \u00a0de \u00a0coca\u00edna a Nueva York con la asistencia de los \u00a0co-acusados \u00a0 \u00a0William \u00a0 \u00a0de \u00a0 \u00a0Jes\u00fas \u00a0 Lara \u00a0 Ballesteros \u00a0 y \u00a0 Jos\u00e9 \u00a0 Angelo \u00a0Guti\u00e9rrez. \u00a0\u00a0<\/p>\n<p>\u201cWilliam \u00a0de \u00a0Jes\u00fas \u00a0Lara Ballesteros fue \u00a0visto \u00a0entregando \u00a0aproximadamente \u00a020 \u00a0kilogramos \u00a0de \u00a0hero\u00edna a un informante \u00a0confidencial \u00a0en \u00a0un \u00a0hotel en Bogot\u00e1. Ese mismo mes, \u00e9l igualmente habl\u00f3 con \u00a0un \u00a0informante confidencial y con el co-acusado Jos\u00e9 Angelo Guti\u00e9rrez sobre la \u00a0transacci\u00f3n \u00a0que \u00a0involucraba \u00a0la entrega de 145 kilogramos de coca\u00edna a Nueva \u00a0York. \u00a0\u00a0<\/p>\n<p>\u201cJos\u00e9 \u00a0 Angelo \u00a0 Guti\u00e9rrez \u00a0fue \u00a0visto \u00a0entreg\u00e1ndole \u00a0a \u00a0un \u00a0informante \u00a0confidencial \u00a0aproximadamente \u00a0$58 millones de \u00a0pesos \u00a0colombianos \u00a0en \u00a0un centro comercial en Bogot\u00e1 como parte de pago por el \u00a0transporte \u00a0de \u00a0los \u00a020 \u00a0kilogramos \u00a0de \u00a0hero\u00edna. Ese mismo mes, \u00e9l igualmente \u00a0habl\u00f3 \u00a0 con \u00a0 el \u00a0co-acusado \u00a0William \u00a0de \u00a0Jes\u00fas \u00a0Lara \u00a0Ballesteros \u00a0sobre \u00a0la \u00a0transacci\u00f3n \u00a0que \u00a0involucraba \u00a0la entrega de 145 kilogramos de coca\u00edna a Nueva \u00a0York. \u00a0\u00a0<\/p>\n<p>\u201cAlexander \u00a0 Obando \u00a0 Salazar \u00a0 fue \u00a0 el \u00a0responsable \u00a0de \u00a0conseguir \u00a0en \u00a0una \u00a0finca \u00a0en \u00a0Colombia \u00a0los \u00a020 \u00a0kilogramos de \u00a0hero\u00edna, \u00a0la \u00a0cual \u00a0el \u00a0co-acusado Lara Ballesteros finalmente le entreg\u00f3 a un \u00a0informante confidencial. \u00a0\u00a0<\/p>\n<p>\u201cHeberto \u00c1lvarez Denis ayud\u00f3 a financiar \u00a0los \u00a0costos de los 20 kilogramos de hero\u00edna que se supon\u00eda iban a ser enviados \u00a0desde Bogot\u00e1 a Nueva York. \u00a0\u00a0<\/p>\n<p>\u201cWil \u00a0Alberto \u00c1lvarez Denis supervis\u00f3 la \u00a0transacci\u00f3n \u00a0que \u00a0involucr\u00f3 \u00a0los \u00a020 \u00a0kilogramos de hero\u00edna los cuales fueron \u00a0suministrados \u00a0por \u00a0Lara \u00a0Ballesteros \u00a0al informante confidencial en un hotel en \u00a0Bogot\u00e1. \u00a0\u00a0<\/p>\n<p>\u201cGerm\u00e1n Eduardo L\u00f3pez Daza funcion\u00f3 como \u00a0intermediario \u00a0entre \u00a0varios \u00a0miembros \u00a0del \u00a0concierto \u00a0y \u00a0ayud\u00f3 a facilitar la \u00a0entrega \u00a0de \u00a0los \u00a020 \u00a0kilogramos \u00a0de \u00a0hero\u00edna \u00a0a \u00a0un informante confidencial en \u00a0Bogot\u00e1. \u00a0\u00a0<\/p>\n<p>\u201cTodas \u00a0las \u00a0acciones \u00a0adelantadas \u00a0por el \u00a0acusado \u00a0en \u00a0este caso fueron realizadas con posterioridad al 17 de diciembre de \u00a01997\u201d. \u00a0\u00a0<\/p>\n<p>4.\u00a0 \u00a0La \u00a0documentaci\u00f3n remitida por el \u00a0Gobierno \u00a0de \u00a0los \u00a0Estados \u00a0Unidos \u00a0de \u00a0Am\u00e9rica \u00a0que \u00a0sustenta \u00a0la solicitud de \u00a0extradici\u00f3n \u00a0del \u00a0ciudadano \u00a0colombiano\u00a0 Germ\u00e1n \u00a0Eduardo L\u00f3pez Daza, es la siguiente: \u00a0\u00a0<\/p>\n<p>4.1. Copia de la Acusaci\u00f3n n\u00famero S2 07 Cr. \u00a01156 \u00a0del \u00a027 \u00a0de \u00a0marzo de 2008, por medio de la cual la Corte Distrital de los \u00a0Estados \u00a0Unidos, Distrito Sur de Nueva York, acus\u00f3, entre otros, a Germ\u00e1n \u00a0 Eduardo \u00a0 L\u00f3pez \u00a0 Daza \u00a0de \u00a0los \u00a0siguientes cargos: \u00a0\u00a0<\/p>\n<p>\u201cEl \u00a0Gran Jurado \u00a0acusa: \u00a0\u00a0<\/p>\n<p>\u201cCARGO\u00a0\u00a0 UNO\u201d \u00a0\u00a0<\/p>\n<p>\u201cCargo Uno: Concierto (i) para distribuir y \u00a0poseer \u00a0con \u00a0la \u00a0intenci\u00f3n \u00a0de \u00a0distribuir \u00a0un kilogramo o m\u00e1s de hero\u00edna, en \u00a0violaci\u00f3n \u00a0del \u00a0T\u00edtulo 21 Secciones 812, 841(a) (1), 841(b) (1) (A), y 846 del \u00a0C\u00f3digo de los Estados Unidos; y \u00a0\u00a0<\/p>\n<p>\u201cCARGO\u00a0\u00a0 DOS\u201d \u00a0\u00a0<\/p>\n<p>\u201cCargo \u00a0Dos: \u00a0Concierto \u00a0para \u00a0importar un \u00a0kilogramo \u00a0o \u00a0m\u00e1s de hero\u00edna a los Estados Unidos, desde un lugar fuera de los \u00a0Estados \u00a0Unidos, \u00a0en \u00a0violaci\u00f3n del T\u00edtulo 21, Secciones 812, 952, 960(a) (1), \u00a0960(b) (1) (A), y 963 del C\u00f3digo de los Estados Unidos\u2026 \u00a0\u00a0<\/p>\n<p>\u201cLa acusaci\u00f3n tambi\u00e9n incluye la pena de \u00a0decomiso \u00a0de \u00a0conformidad \u00a0con \u00a0el \u00a0T\u00edtulo \u00a021, \u00a0Secciones \u00a0846, 853, y 970 del \u00a0C\u00f3digo \u00a0de \u00a0los \u00a0Estados \u00a0Unidos, la cual busca el decomiso de todos los bienes \u00a0que \u00a0se \u00a0hayan \u00a0derivado de ingresos obtenidos como resultado de la comisi\u00f3n de \u00a0los \u00a0anteriores \u00a0delitos. Si dichos bienes no estuvieren disponibles, las normas \u00a0anteriores \u00a0 \u00a0 permiten \u00a0 \u00a0 que \u00a0 \u00a0 otros \u00a0 \u00a0 bienes \u00a0 \u00a0 del \u00a0 \u00a0 acusado \u00a0 \u00a0sean \u00a0decomisados\u201d. \u00a0\u00a0<\/p>\n<p>4.2.\u00a0 \u00a0Tambi\u00e9n se alleg\u00f3 copia de las \u00a0declaraciones \u00a0juradas \u00a0de \u00a0Parvin \u00a0Moyne, Fiscal Auxiliar de los Estados Unidos \u00a0para \u00a0el \u00a0Distrito \u00a0Sur \u00a0de \u00a0Nueva \u00a0York, \u00a0y \u00a0de Andrew Butorac, Agente Especial \u00a0Administraci\u00f3n \u00a0Del \u00a0Control \u00a0de Drogas de los Estados Unidos (D.E.A.), las que \u00a0respaldan \u00a0la \u00a0acusaci\u00f3n contra Germ\u00e1n Eduardo L\u00f3pez \u00a0Daza. \u00a0\u00a0<\/p>\n<p>El primer funcionario, esto es, Parvin Moyne, \u00a0incorpora \u00a0en \u00a0su \u00a0declaraci\u00f3n \u00a0la descripci\u00f3n y vigencia de los tipos penales \u00a0imputados \u00a0en \u00a0el \u00a0pliego \u00a0acusatorio, \u00a0explica \u00a0el \u00a0alcance \u00a0de la acusaci\u00f3n y \u00a0realiza \u00a0una \u00a0s\u00edntesis \u00a0de los hechos, de la actuaci\u00f3n\u00a0 procesal y de los \u00a0cargos atribuidos al solicitado en extradici\u00f3n. \u00a0\u00a0<\/p>\n<p>Por \u00a0su \u00a0parte, \u00a0el \u00a0Agente \u00a0Especial Andrew \u00a0Butorac \u00a0 relata, \u00a0 de \u00a0 manera \u00a0 pormenorizada,\u00a0 \u00a0 los\u00a0 \u00a0hechos\u00a0 \u00a0objeto\u00a0 \u00a0de\u00a0 \u00a0juzgamiento\u00a0 \u00a0ante\u00a0 el\u00a0 citado Tribunal y \u00a0la \u00a0participaci\u00f3n \u00a0en \u00a0los \u00a0mismos \u00a0por \u00a0parte \u00a0del \u00a0requerido en extradici\u00f3n, \u00a0respecto \u00a0 \u00a0de \u00a0 quien \u00a0 suministra \u00a0 la \u00a0 informaci\u00f3n \u00a0 necesaria \u00a0 sobre \u00a0 su \u00a0identidad. \u00a0\u00a0<\/p>\n<p>4.3.\u00a0 \u00a0As\u00ed \u00a0mismo, \u00a0se inform\u00f3 que el \u00a0solicitado, \u00a0 Germ\u00e1n \u00a0 Eduardo \u00a0 L\u00f3pez \u00a0 Daza\u00a0 \u00a0\u201ces ciudadano de Colombia, \u00a0nacido \u00a0el \u00a030 \u00a0de \u00a0octubre \u00a0de \u00a01983, \u00a0en \u00a0Colombia. \u00a0Es portador de la C\u00e9dula \u00a0Colombiana N\u00ba 10.499.448\u201d. \u00a0\u00a0<\/p>\n<p>4.4.\u00a0 \u00a0 \u00a0Se\u00a0 \u00a0 \u00a0adjunt\u00f3\u00a0 \u00a0copia\u00a0 \u00a0 del\u00a0 \u00a0 texto\u00a0 \u00a0 de\u00a0 \u00a0las\u00a0 \u00a0disposiciones\u00a0 \u00a0del\u00a0 \u00a0C\u00f3digo\u00a0 \u00a0de \u00a0los\u00a0 \u00a0Estados\u00a0 \u00a0Unidos\u00a0 de Am\u00e9rica \u00a0que\u00a0 \u00a0 se\u00a0 \u00a0 afirman\u00a0 \u00a0fueron\u00a0 \u00a0infringidas\u00a0 \u00a0por\u00a0 \u00a0el\u00a0 \u00a0solicitado \u00a0en\u00a0 \u00a0extradici\u00f3n\u00a0 \u00a0y\u00a0 \u00a0que\u00a0 \u00a0se\u00a0 \u00a0encontraban\u00a0 \u00a0 vigentes\u00a0 \u00a0para\u00a0 \u00a0la\u00a0 \u00a0\u00e9poca\u00a0 \u00a0de\u00a0 \u00a0ocurrencia de los hechos. \u00a0\u00a0<\/p>\n<p>4.5.\u00a0 \u00a0Por \u00faltimo, se incorpor\u00f3 copia \u00a0de \u00a0la \u00a0orden \u00a0de \u00a0captura \u00a0proferida \u00a0en contra del requerido en extradici\u00f3n y \u00a0dictada \u00a0por \u00a0la Corte Distrital de los Estados Unidos de Am\u00e9rica, Distrito Sur \u00a0de Nueva York. \u00a0\u00a0<\/p>\n<p>PER\u00cdODO\u00a0\u00a0 PROBATORIO \u00a0<\/p>\n<p>Ninguna de las partes solicitaron pruebas ni \u00a0la Corte consider\u00f3 procedente decretar de oficio. \u00a0\u00a0<\/p>\n<p>ALEGATO\u00a0\u00a0 \u00a0 \u00a0DEL\u00a0\u00a0 \u00a0DEFENSOR \u00a0\u00a0<\/p>\n<p>El \u00a0defensor del solicitado en extradici\u00f3n, \u00a0solicita \u00a0que \u00a0se \u00a0tenga \u00a0en \u00a0cuenta \u00a0el art\u00edculo 502 de la Ley 906 de 2004, en \u00a0cuanto \u00a0 \u00a0 \u00a0 \u00a0a \u00a0 \u00a0 \u00a0 los \u00a0 \u00a0 \u00a0 fundamentos \u00a0 \u00a0 \u00a0 de \u00a0 \u00a0 \u00a0 la \u00a0 \u00a0 \u00a0 \u201cresoluci\u00f3n\u201d \u00a0que \u00a0conceda o niega la \u00a0extradici\u00f3n. \u00a0\u00a0<\/p>\n<p>ALEGATO\u00a0 \u00a0DEL\u00a0\u00a0 \u00a0PROCURADOR \u00a0PRIMERO \u00a0\u00a0<\/p>\n<p>DELEGADO\u00a0 \u00a0 \u00a0PARA\u00a0 \u00a0 \u00a0LA\u00a0 \u00a0CASACI\u00d3N\u00a0 PENAL \u00a0\u00a0<\/p>\n<p>El \u00a0representante \u00a0del \u00a0Ministerio P\u00fablico, \u00a0despu\u00e9s \u00a0de \u00a0relacionar de manera\u00a0 detallada los hechos, los antecedentes, \u00a0el \u00a0tr\u00e1mite \u00a0adelantado \u00a0y \u00a0los instrumentos allegados a este diligenciamiento, \u00a0dice \u00a0que, \u00a0en \u00a0lo relacionado\u00a0 con la validez formal de los documentos, el \u00a0Estado \u00a0solicitante \u00a0aport\u00f3, \u00a0debidamente traducidas y autenticadas, las piezas \u00a0acusatorias, \u00a0en \u00a0las \u00a0que \u00a0se\u00a0 \u00a0rese\u00f1aron \u00a0el \u00a0lugar \u00a0y \u00a0las fechas donde \u00a0ocurrieron \u00a0 los \u00a0 hechos \u00a0 y \u00a0 los \u00a0 delitos\u00a0 \u00a0imputados,\u00a0 \u00a0las\u00a0 \u00a0normas\u00a0 \u00a0 penales\u00a0 \u00a0 y\u00a0 \u00a0las\u00a0 \u00a0declaraciones\u00a0 \u00a0de\u00a0 \u00a0apoyo\u00a0 \u00a0a\u00a0 \u00a0la\u00a0 \u00a0solicitud de extradici\u00f3n, motivo por el cual se \u00a0cumple con esta exigencia legal. \u00a0\u00a0<\/p>\n<p>Respecto \u00a0a \u00a0la \u00a0demostraci\u00f3n \u00a0plena \u00a0de la \u00a0identidad \u00a0 del \u00a0 requerido, \u00a0 asevera \u00a0que \u00a0los \u00a0datos \u00a0suministrados \u00a0por \u00a0las \u00a0autoridades \u00a0del \u00a0pa\u00eds \u00a0requirente \u00a0coinciden \u00a0con \u00a0los \u00a0de \u00a0la persona que fue \u00a0notificada \u00a0de \u00a0la \u00a0resoluci\u00f3n expedida por la Fiscal\u00eda General de la Naci\u00f3n, \u00a0por \u00a0medio \u00a0de \u00a0la cual se orden\u00f3 su captura y que en este momento se encuentra \u00a0detenida con fines de extradici\u00f3n. \u00a0\u00a0<\/p>\n<p>Agrega \u00a0que en la \u00a0Nota \u00a0Verbal \u00a0allegada al presente tr\u00e1mite se consignaron sus datos personales, \u00a0es \u00a0decir, que se trata de un ciudadano colombiano, nacido 30 de octubre de 1983 \u00a0y \u00a0que \u00a0es \u00a0portador \u00a0de la c\u00e9dula de ciudadan\u00eda n\u00famero 10.499.448, datos que \u00a0confirman \u00a0dicha \u00a0identidad, \u00a0los \u00a0cuales \u00a0coinciden \u00a0con \u00a0los \u00a0que \u00a0suministr\u00f3 \u00a0Germ\u00e1n \u00a0 \u00a0Eduardo \u00a0 L\u00f3pez \u00a0 Daza\u00a0 \u00a0al \u00a0momento \u00a0de \u00a0su \u00a0captura, sin que al respecto se haya mostrado \u00a0ninguna objeci\u00f3n. \u00a0\u00a0<\/p>\n<p>En \u00a0lo que tiene que ver con el principio de \u00a0la \u00a0doble \u00a0incriminaci\u00f3n, \u00a0sostiene \u00a0que \u00a0los \u00a0cargos \u00a0imputados a Germ\u00e1n \u00a0 \u00a0Eduardo \u00a0 \u00a0L\u00f3pez \u00a0 Daza\u00a0 \u00a0encuentran \u00a0 adecuaci\u00f3n \u00a0t\u00edpica \u00a0en \u00a0el \u00a0art\u00edculo \u00a0340 \u00a0modificado \u00a0por las Leyes 733 de 2002 y 1121 de \u00a02006, \u00a0y el art\u00edculo 376, modificado por el art\u00edculo 14 de la Ley 890 de 2004, \u00a0del \u00a0C\u00f3digo Penal, los cuales consagran los delitos de concierto para delinquir \u00a0para \u00a0cometer \u00a0delitos \u00a0de \u00a0narcotr\u00e1fico \u00a0y \u00a0tr\u00e1fico, \u00a0fabricaci\u00f3n o porte de \u00a0estupefacientes, \u00a0cuya \u00a0pena \u00a0privativa de la libertad no es inferior a 4 a\u00f1os, \u00a0lo que le permite concluir que este postulado tambi\u00e9n se cumple. \u00a0\u00a0<\/p>\n<p>En cuanto a la equivalencia de la providencia \u00a0dictada \u00a0en \u00a0el \u00a0extranjero, dice que \u201csi bien no son \u00a0id\u00e9nticas, \u00a0guardan que las tornan equivalentes\u2026\u201d, \u00a0con \u00a0lo \u00a0cual \u00a0encuentra \u00a0satisfecho \u00a0este \u00a0presupuesto, \u00a0por \u00a0lo que estima que \u00a0las\u00a0 \u00a0 \u00a0 formalidades\u00a0 \u00a0 \u00a0 legales\u00a0 \u00a0 \u00a0 se\u00a0 \u00a0 \u00a0cumplen\u00a0 \u00a0cabalmente\u00a0 \u00a0para\u00a0 \u00a0que\u00a0 \u00a0la\u00a0 \u00a0Corte \u00a0proceda\u00a0 \u00a0a\u00a0 \u00a0emitir\u00a0 \u00a0concepto\u00a0 \u00a0favorable \u00a0de\u00a0 \u00a0la\u00a0 \u00a0solicitud\u00a0 \u00a0de \u00a0extradici\u00f3n \u00a0que \u00a0el Gobierno de los Estados Unidos de Am\u00e9rica elev\u00f3 respecto \u00a0del ciudadano Germ\u00e1n Eduardo L\u00f3pez Daza. \u00a0\u00a0<\/p>\n<p>Por \u00a0\u00faltimo, \u00a0en \u00a0orden \u00a0a \u00a0garantizar \u00a0los \u00a0derechos \u00a0fundamentales \u00a0del \u00a0ciudadano colombiano requerido en extradici\u00f3n, el \u00a0Procurador \u00a0Delegado \u00a0sugiere \u00a0a la Corte exhorte al Gobierno Nacional para que, \u00a0en \u00a0caso de que se conceda la extradici\u00f3n, se condicione la misma en el sentido \u00a0de \u00a0que el solicitado no sea juzgado por hechos anteriores al 17 de diciembre de \u00a01997 \u00a0ni \u00a0condenado \u00a0a \u00a0cadena \u00a0perpetua, \u00a0ni \u00a0sometido a desaparici\u00f3n forzada, \u00a0torturas, \u00a0ni a tratos o penas crueles, inhumanos o degradantes, ni a la pena de \u00a0muerte etc. \u00a0\u00a0<\/p>\n<p>En consecuencia, estima la Delegada que las \u00a0formalidades \u00a0legales \u00a0se \u00a0cumplen cabalmente para que la Corte proceda a emitir \u00a0concepto \u00a0favorable \u00a0respecto \u00a0de \u00a0la \u00a0solicitud \u00a0de \u00a0extradici\u00f3n del ciudadano \u00a0colombiano \u00a0Germ\u00e1n \u00a0Eduardo \u00a0L\u00f3pez \u00a0Daza. \u00a0\u00a0<\/p>\n<p>CONCEPTO\u00a0\u00a0 \u00a0 \u00a0DE\u00a0\u00a0 \u00a0LA\u00a0\u00a0 CORTE \u00a0\u00a0<\/p>\n<p>El \u00a0 art\u00edculo \u00a0 502 \u00a0 del \u00a0 C\u00f3digo \u00a0 de \u00a0Procedimiento \u00a0Penal estatuye que el\u00a0 concepto que emite la Sala debe estar \u00a0centrado \u00a0en establecer la validez\u00a0 formal de la documentaci\u00f3n presentada, \u00a0en \u00a0la demostraci\u00f3n plena de la\u00a0 identidad del solicitado, en el principio \u00a0de \u00a0 la \u00a0doble \u00a0incriminaci\u00f3n, \u00a0en \u00a0la\u00a0 \u00a0equivalencia \u00a0de \u00a0la \u00a0providencia \u00a0proferida \u00a0en \u00a0el \u00a0extranjero \u00a0y, cuando fuere el caso, en el cumplimiento de lo \u00a0previsto en los tratados p\u00fablicos. \u00a0\u00a0<\/p>\n<p>En esas condiciones, se proceder\u00e1 a emitir \u00a0concepto, as\u00ed: \u00a0\u00a0<\/p>\n<p>1.\u00a0 \u00a0La\u00a0 \u00a0validez\u00a0 \u00a0 \u00a0 \u00a0formal\u00a0 \u00a0 \u00a0 \u00a0de\u00a0 \u00a0 \u00a0 los\u00a0 \u00a0 \u00a0 documentos\u00a0 \u00a0aportados \u00a0\u00a0<\/p>\n<p>Advierte \u00a0la \u00a0Sala \u00a0que \u00a0la \u00a0documentaci\u00f3n \u00a0presentada \u00a0 como \u00a0 soporte \u00a0de \u00a0la \u00a0petici\u00f3n \u00a0de \u00a0extradici\u00f3n \u00a0de \u00a0Germ\u00e1n \u00a0Eduardo \u00a0L\u00f3pez Daza, cumple con \u00a0las \u00a0exigencias \u00a0legales \u00a0contempladas \u00a0en los C\u00f3digos de Procedimiento Penal y \u00a0Civil para tenerla como apta para fundar el respectivo concepto. \u00a0\u00a0<\/p>\n<p>En efecto, no hay duda que los documentos se \u00a0allegaron \u00a0 por \u00a0v\u00eda \u00a0diplom\u00e1tica, \u00a0habiendo \u00a0sido \u00a0debidamente \u00a0traducidos \u00a0y \u00a0autenticados, \u00a0dentro de los cuales obra la copia de la Acusaci\u00f3n n\u00famero S2 07 \u00a0Cr. \u00a01156 del 27 de marzo de 2008, dictada por la Corte Distrital de los Estados \u00a0Unidos, \u00a0Distrito \u00a0Sur \u00a0de Nueva York, la cual fue firmada por el Presidente del \u00a0Gran \u00a0Jurado y por el Fiscal de los Estados Unidos, documentos cuya autenticidad \u00a0de \u00a0su \u00a0contenido \u00a0fue \u00a0certificada \u00a0con las firmas y el sello pertenecientes al \u00a0secretario de dicho Tribunal. \u00a0\u00a0<\/p>\n<p>A\u00a0 \u00a0su\u00a0 \u00a0vez,\u00a0 \u00a0obran\u00a0 \u00a0las\u00a0 \u00a0 declaraciones\u00a0 \u00a0juradas\u00a0 \u00a0de\u00a0 \u00a0Parvin \u00a0Moyne, \u00a0Fiscal \u00a0Auxiliar \u00a0de \u00a0los Estados Unidos para el Distrito Sur de Nueva York, y de Andrew \u00a0Butorac, \u00a0Agente \u00a0Especial \u00a0de la Administraci\u00f3n Antinarc\u00f3ticos de los Estados \u00a0Unidos \u00a0(D.E.A.), \u00a0cuyos contenidos y traducci\u00f3n al espa\u00f1ol,\u00a0 junto\u00a0 \u00a0con\u00a0 \u00a0el\u00a0 resto\u00a0 de\u00a0 la\u00a0 documentaci\u00f3n\u00a0 que\u00a0 \u00a0las\u00a0 \u00a0 acompa\u00f1a, \u00a0 fueron\u00a0 \u00a0 certificados,\u00a0 \u00a0 el\u00a0 \u00a0 11 \u00a0 de \u00a0julio\u00a0 \u00a0 de\u00a0 \u00a02008,\u00a0 \u00a0por\u00a0 \u00a0Thomas \u00a0Burrows, \u00a0Director\u00a0 \u00a0Asociado\u00a0 \u00a0de\u00a0 \u00a0la\u00a0 \u00a0Oficina \u00a0de \u00a0Asuntos \u00a0Internacionales,\u00a0 \u00a0Divisi\u00f3n \u00a0de \u00a0lo \u00a0Penal, \u00a0del Departamento de Justicia\u00a0 de\u00a0 los\u00a0 \u00a0Estados\u00a0 Unidos de Am\u00e9rica. \u00a0\u00a0<\/p>\n<p>As\u00ed \u00a0mismo \u00a0aparece \u00a0que la documentaci\u00f3n \u00a0anexa \u00a0 hace \u00a0 referencia \u00a0 a \u00a0 la \u00a0 orden \u00a0 de \u00a0 captura, \u00a0 a \u00a0la \u00a0resoluci\u00f3n \u00a0de \u00a0acusaci\u00f3n y a las normas aplicables al caso, esto \u00a0es, \u00a0el \u00a0T\u00edtulo 18, Secci\u00f3n 3282 (delitos no conminados con la pena de muerte) \u00a0y \u00a0el \u00a0T\u00edtulo \u00a021, Secciones 812 (tablas de sustancias controladas), 841 (actos \u00a0prohibidos), \u00a0 846 \u00a0(intento \u00a0y \u00a0asociaci\u00f3n \u00a0delictuosa), \u00a0853 \u00a0(penas) \u00a0, \u00a0952 \u00a0(importaci\u00f3n \u00a0de sustancias controladas), 960 (hechos prohibidos), 963 (intento \u00a0y \u00a0asociaci\u00f3n \u00a0delictuosa) y 970 (penas) del C\u00f3digo de los Estados Unidos de Am\u00e9rica. \u00a0\u00a0<\/p>\n<p>Por \u00a0su \u00a0parte, \u00a0la r\u00fabrica y el cargo del \u00a0se\u00f1or \u00a0Thomas \u00a0Burrows \u00a0fueron \u00a0certificados \u00a0por el se\u00f1or Michael B. Mukasey, \u00a0Procurador \u00a0de \u00a0los \u00a0Estados Unidos, quien seg\u00fan su propia afirmaci\u00f3n escrita, \u00a0orden\u00f3 \u00a0que \u00a0se \u00a0estampara el sello del Departamento de Justicia de los Estados \u00a0Unidos, \u00a0siendo \u00a0atestada \u00a0la \u00a0firma \u00a0de \u00a0aqu\u00e9l \u00a0por \u00a0el Director Adjunto de la \u00a0Oficina \u00a0de \u00a0Asuntos \u00a0Internacionales, \u00a0Divisi\u00f3n \u00a0de \u00a0lo \u00a0Penal, y el sello del \u00a0Departamento \u00a0de\u00a0 \u00a0Estado fue ordenado por la Secretaria de Estado, se\u00f1ora \u00a0Condoleezza \u00a0Rice, de cuyo nombre dio fe el funcionario de Autenticaciones de la \u00a0misma oficina. \u00a0\u00a0<\/p>\n<p>Por \u00a0\u00faltimo, \u00a0dichos \u00a0documentos \u00a0fueron \u00a0presentados \u00a0para su autenticaci\u00f3n ante el C\u00f3nsul de Colombia en Washington D. \u00a0C., \u00a0se\u00f1or \u00a0Julio \u00a0Cesar \u00a0Aldana \u00a0Bula, \u00a0como \u00a0as\u00ed lo constat\u00f3 y lo aval\u00f3 la \u00a0Oficina \u00a0 de \u00a0 Legalizaciones \u00a0 del \u00a0 Ministerio \u00a0 de \u00a0 Relaciones \u00a0 Exteriores, \u00a0cumpli\u00e9ndose \u00a0 con \u00a0 lo \u00a0establecido \u00a0por \u00a0el \u00a0art\u00edculo \u00a0259 \u00a0del \u00a0C\u00f3digo \u00a0de \u00a0Procedimiento \u00a0Civil, \u00a0modificado por el 1\u00b0, numeral 118 del D. E. 2282 de 1989 \u00a0que \u00a0dice: \u00a0\u201cLos \u00a0documentos \u00a0p\u00fablicos otorgados en \u00a0pa\u00eds \u00a0extranjero \u00a0por \u00a0funcionario de \u00e9ste o con\u00a0 su intervenci\u00f3n,\u00a0 \u00a0deber\u00e1n \u00a0presentarse \u00a0debidamente \u00a0autenticados \u00a0por \u00a0el c\u00f3nsul o agente\u00a0 \u00a0diplom\u00e1tico \u00a0de \u00a0la \u00a0Rep\u00fablica, \u00a0y \u00a0en su defecto por el de una naci\u00f3n amiga, \u00a0lo\u00a0 \u00a0cual \u00a0hace \u00a0presumir que se otorgaron conforme a la ley del respectivo \u00a0pa\u00eds. \u00a0La firma del c\u00f3nsul o agente diplom\u00e1tico se abonar\u00e1 por el Ministerio \u00a0de \u00a0Relaciones Exteriores de Colombia, y si se trata de agentes consulares de un \u00a0pa\u00eds \u00a0amigo, \u00a0se \u00a0autenticar\u00e1 \u00a0previamente \u00a0por \u00a0el funcionario competente del \u00a0mismo \u00a0y \u00a0los \u00a0de \u00a0\u00e9ste \u00a0por el c\u00f3nsul colombiano\u201d, \u00a0disposici\u00f3n \u00a0aplicable al caso en virtud del principio de integraci\u00f3n previsto \u00a0en \u00a0los \u00a0art\u00edculos 25 y 495, \u00faltimo inciso, del C\u00f3digo de Procedimiento Penal \u00a0de 2004. \u00a0\u00a0<\/p>\n<p>Adem\u00e1s, \u00a0el \u00a0Jefe \u00a0de \u00a0la \u00a0Oficina Asesora \u00a0Jur\u00eddica \u00a0del \u00a0Ministerio de Relaciones Exteriores, mediante oficio OAJ.E. 1594 \u00a0del \u00a04 \u00a0de \u00a0agosto \u00a0de \u00a02008, \u00a0certific\u00f3 \u00a0que \u00a0la documentaci\u00f3n del expediente \u00a0procedente \u00a0de \u00a0la \u00a0Embajada \u00a0de \u00a0los \u00a0Estados Unidos de Am\u00e9rica fue presentada \u00a0\u201cdebidamente \u00a0 \u00a0 \u00a0 \u00a0 autenticada\u201d. \u00a0\u00a0<\/p>\n<p>Por \u00a0lo \u00a0tanto, \u00a0teniendo \u00a0en cuenta que la \u00a0solicitud \u00a0de \u00a0extradici\u00f3n \u00a0de \u00a0Germ\u00e1n Eduardo L\u00f3pez \u00a0Daza \u00a0se \u00a0hizo \u00a0por \u00a0la \u00a0v\u00eda diplom\u00e1tica y que en la \u00a0expedici\u00f3n \u00a0 y \u00a0tr\u00e1mite \u00a0de \u00a0los \u00a0mencionados \u00a0documentos, \u00a0as\u00ed \u00a0como \u00a0en \u00a0su \u00a0traducci\u00f3n, \u00a0se cumplieron todos los ritos formales de legalizaci\u00f3n prescritos \u00a0por \u00a0las \u00a0normas \u00a0de \u00a0los \u00a0Estados Unidos de Am\u00e9rica, la Corte los tendr\u00e1 como \u00a0aptos \u00a0para \u00a0servir \u00a0de prueba en este asunto, cumpli\u00e9ndose as\u00ed con la primera \u00a0exigencia legal. \u00a0\u00a0<\/p>\n<p>2.\u00a0 La\u00a0 \u00a0identificaci\u00f3n\u00a0 \u00a0 \u00a0plena\u00a0 \u00a0 \u00a0del\u00a0 \u00a0 \u00a0solicitado\u00a0 \u00a0 en\u00a0 \u00a0extradici\u00f3n \u00a0\u00a0<\/p>\n<p>No \u00a0hay \u00a0duda que el colombiano \u00a0Germ\u00e1n \u00a0Eduardo \u00a0L\u00f3pez Daza, a quien se \u00a0refiere \u00a0este tr\u00e1mite, es la persona solicitada en extradici\u00f3n por el Gobierno \u00a0de los Estados Unidos de Am\u00e9rica. \u00a0\u00a0<\/p>\n<p>En efecto, de la documentaci\u00f3n remitida por \u00a0v\u00eda \u00a0diplom\u00e1tica se colige claramente, como lo destaca el Procurador Delegado, \u00a0que \u00a0 \u00a0se \u00a0 \u00a0trata \u00a0 \u00a0de \u00a0 Germ\u00e1n \u00a0 Eduardo \u00a0 L\u00f3pez \u00a0Daza,\u00a0 \u00a0 pues \u00a0basta \u00a0observar \u00a0que \u00a0el n\u00famero de c\u00e9dula de ciudadan\u00eda que \u00a0suministr\u00f3 \u00a0la Embajada de los Estados Unidos de Am\u00e9rica, a trav\u00e9s de la Nota \u00a0Verbal \u00a0n\u00famero 2230 del 1 de agosto de 2008, concuerda con el que aparece en el \u00a0acta \u00a0de \u00a0notificaci\u00f3n \u00a0personal \u00a0de \u00a0la \u00a0providencia \u00a0por \u00a0medio de la cual se \u00a0dispuso \u00a0su captura, en\u00a0 la diligencia mediante la cual se le comunic\u00f3 sus \u00a0derechos \u00a0de \u00a0capturado \u00a0por \u00a0raz\u00f3n \u00a0de este tr\u00e1mite, en el acta de buen trato \u00a0suscrita \u00a0 por \u00a0 \u00e9l\u00a0 \u00a0 y \u00a0en \u00a0la \u00a0tarjeta \u00a0decadactilar \u00a0expedida \u00a0por \u00a0la \u00a0Registradur\u00eda \u00a0Nacional \u00a0del \u00a0Estado Civil (10.499.448), adem\u00e1s de que ninguno \u00a0de los sujetos procesales ha cuestionado dicha identidad. \u00a0\u00a0<\/p>\n<p>De \u00a0 igual \u00a0 manera, \u00a0 todos \u00a0 los \u00a0datos \u00a0suministrados \u00a0coinciden \u00a0con \u00a0los que obran en la documentaci\u00f3n, es decir, que \u00a0naci\u00f3 \u00a0el \u00a030 de octubre de 1983 en Colombia y que se identifica con la c\u00e9dula \u00a0de \u00a0ciudadan\u00eda \u00a0No. \u00a010.499.448, \u00a0informaci\u00f3n \u00a0que concuerda integralmente con \u00a0aquella \u00a0que \u00a0aparece \u00a0registrada en el expediente, sin dejar pasar por alto que \u00a0se aport\u00f3 fotocopia de una fotograf\u00eda de su rostro. \u00a0\u00a0<\/p>\n<p>En esas condiciones, resulta evidente que la \u00a0persona \u00a0 \u00a0detenida \u00a0 es \u00a0 Germ\u00e1n \u00a0 Eduardo \u00a0 L\u00f3pez \u00a0Daza, \u00a0de \u00a0nacionalidad \u00a0colombiana \u00a0y es el ciudadano \u00a0requerido \u00a0 en \u00a0 extradici\u00f3n \u00a0 por \u00a0 el \u00a0Gobierno \u00a0de \u00a0los \u00a0Estados \u00a0Unidos \u00a0de \u00a0Am\u00e9rica. \u00a0\u00a0<\/p>\n<p>3.\u00a0 El\u00a0 \u00a0principio\u00a0 de\u00a0 la\u00a0 doble\u00a0 incriminaci\u00f3n \u00a0\u00a0<\/p>\n<p>De \u00a0conformidad \u00a0con \u00a0el \u00a0numeral \u00a01\u00b0 \u00a0del \u00a0art\u00edculo \u00a0493 \u00a0del \u00a0C\u00f3digo \u00a0de \u00a0Procedimiento \u00a0Penal \u00a0de \u00a02004, \u00a0para \u00a0que \u00a0la \u00a0extradici\u00f3n \u00a0se \u00a0pueda \u00a0conceder \u00a0se \u00a0requiere que el hecho que la motiva est\u00e9 \u00a0previsto \u00a0como \u00a0delito \u00a0en Colombia y reprimido con una sanci\u00f3n privativa de la \u00a0libertad cuyo m\u00ednimo no sea inferior a cuatro (4) a\u00f1os. \u00a0\u00a0<\/p>\n<p>Teniendo \u00a0en cuenta la Acusaci\u00f3n n\u00famero S2 \u00a007 \u00a0Cr. 1156 del 27 de marzo de 2008, por medio de la cual la Corte Distrital de \u00a0los \u00a0Estados \u00a0Unidos, \u00a0Distrito \u00a0Sur \u00a0de \u00a0Nueva York, se sabe que a Germ\u00e1n \u00a0Eduardo \u00a0L\u00f3pez \u00a0Daza\u00a0 se le \u00a0acus\u00f3 \u00a0de \u00a0\u201cConcierto \u00a0(i) para distribuir y poseer \u00a0con \u00a0 \u00a0la \u00a0 \u00a0intenci\u00f3n \u00a0 \u00a0de \u00a0 \u00a0distribuir \u00a0 \u00a0un \u00a0 \u00a0kilogramo \u00a0 \u00a0o \u00a0 \u00a0m\u00e1s \u00a0 de \u00a0hero\u00edna\u2026\u201d \u00a0(cargo \u00a0uno) \u00a0y \u00a0\u201cConcierto para importar \u00a0un \u00a0kilogramo \u00a0o \u00a0m\u00e1s de hero\u00edna a los Estados Unidos, desde un lugar fuera de \u00a0los \u00a0 \u00a0 \u00a0Estados \u00a0 \u00a0 Unidos\u2026\u201d \u00a0 \u00a0 (cargo \u00a0dos), seg\u00fan las normas penales del \u00a0pa\u00eds requirente en precedencia citadas. \u00a0\u00a0<\/p>\n<p>\u00a0 \u00a0<\/p>\n<p>En esas condiciones, advierte la Sala que los \u00a0dos \u00a0cargos, \u00a0de \u00a0acuerdo \u00a0con los hechos que se imputan y las normas allegadas, \u00a0encuentran \u00a0adecuaci\u00f3n \u00a0t\u00edpica \u00a0en \u00a0nuestro sistema penal en lo reglado por el \u00a0art\u00edculo \u00a0340 \u00a0del\u00a0 \u00a0C\u00f3digo \u00a0Penal, \u00a0modificado \u00a0por la Ley 733 del 29 de \u00a0enero \u00a0de \u00a02002 \u00a0y \u00a0por \u00a0el \u00a0art\u00edculo 19 de la Ley 1121 de 2006, que prev\u00e9n el \u00a0concierto \u00a0para delinquir relacionado con narcotr\u00e1fico, habida cuenta que, como \u00a0qued\u00f3 \u00a0visto, \u00a0Germ\u00e1n Eduardo L\u00f3pez Daza, \u00a0con \u00a0conocimiento \u00a0de causa e intencionalmente, se concert\u00f3 para \u00a0distribuir,\u00a0 \u00a0poseer\u00a0 e importar un kilogramo o m\u00e1s de hero\u00edna a los \u00a0Estados Unidos. \u00a0\u00a0<\/p>\n<p>Cabe \u00a0agregar \u00a0que \u00a0el \u00a0citado \u00a0delito \u00a0de \u00a0concierto \u00a0para \u00a0delinquir \u00a0(relacionado con el tr\u00e1fico de estupefacientes), de \u00a0acuerdo \u00a0con \u00a0la legislaci\u00f3n nacional anteriormente citada, contempla\u00a0 una \u00a0pena \u00a0privativa \u00a0de \u00a0la \u00a0libertad \u00a0que \u00a0supera \u00a0los \u00a0cuatro (4) a\u00f1os, seg\u00fan lo \u00a0previsto en el art\u00edculo 493, numeral 1\u00b0 de la Ley 906 de 2004. \u00a0\u00a0<\/p>\n<p>As\u00ed las cosas, surge evidente que se cumple \u00a0con el principio de la doble incriminaci\u00f3n. \u00a0\u00a0<\/p>\n<p>4.\u00a0 \u00a0Equivalencia\u00a0 de\u00a0 la\u00a0 providencia\u00a0 \u00a0proferida\u00a0 en\u00a0 el\u00a0 extranjero \u00a0\u00a0<\/p>\n<p>Por \u00faltimo, advierte la Corte que no existe \u00a0dificultad \u00a0 alguna \u00a0para \u00a0concluir \u00a0que \u00a0se \u00a0cumple \u00a0con \u00a0el \u00a0requisito \u00a0de \u00a0la \u00a0equivalencia \u00a0contemplado \u00a0en \u00a0el \u00a0numeral \u00a02\u00b0 del art\u00edculo 493 del C\u00f3digo de \u00a0Procedimiento \u00a0Penal \u00a0de 2004, el cual exige \u201cque por \u00a0lo \u00a0menos \u00a0se \u00a0haya \u00a0dictado \u00a0en \u00a0el \u00a0exterior \u00a0resoluci\u00f3n \u00a0de \u00a0acusaci\u00f3n o su \u00a0equivalente\u201d. \u00a0\u00a0<\/p>\n<p>En efecto, la Corte Distrital de los Estados \u00a0Unidos, \u00a0Distrito \u00a0Sur \u00a0de Nueva York, acus\u00f3 a Germ\u00e1n \u00a0Eduardo \u00a0L\u00f3pez \u00a0Daza \u00a0por \u00a0la \u00a0conducta\u00a0 punible \u00a0se\u00f1alada \u00a0anteriormente, \u00a0mediante \u00a0acto \u00a0procesal \u00a0que en nuestra legislaci\u00f3n \u00a0equivale \u00a0a \u00a0la \u00a0acusaci\u00f3n, \u00a0como emerge de las siguientes similitudes, que las \u00a0tornan equivalentes: \u00a0\u00a0<\/p>\n<p>\u00a0 \u00a0 \u00a0<\/p>\n<p>a. Es \u00a0un pliego concreto de cargos en contra del acusado para que se \u00a0defienda de ellos en el juicio. \u00a0 \u00a0\u00a0<\/p>\n<p>\u00a0 \u00a0 \u00a0<\/p>\n<p>a. Formulada \u00a0la acusaci\u00f3n se inicia el juicio oral que finaliza con \u00a0el respectivo fallo de m\u00e9rito. \u00a0 \u00a0\u00a0<\/p>\n<p>\u00a0 \u00a0 \u00a0<\/p>\n<p>a. Se \u00a0se\u00f1alan los hechos, con especificaci\u00f3n de las circunstancias \u00a0de\u00a0 \u00a0tiempo, modo y lugar en que ocurrieron y la calificaci\u00f3n jur\u00eddica de \u00a0las \u00a0 conductas, \u00a0 con \u00a0 indicaci\u00f3n \u00a0de \u00a0las \u00a0disposiciones \u00a0sustanciales\u00a0 \u00a0aplicables. \u00a0 \u00a0\u00a0<\/p>\n<p>Por \u00a0lo tanto, se observa que la acusaci\u00f3n \u00a0emitida \u00a0por \u00a0el \u00a0tribunal \u00a0extranjero \u00a0es \u00a0equivalente \u00a0y tiene la misma fuerza \u00a0vinculante de la acusaci\u00f3n propia de nuestro sistema judicial. \u00a0\u00a0<\/p>\n<p>ACOTACI\u00d3N\u00a0\u00a0 FINAL \u00a0<\/p>\n<p>Como lo resalt\u00f3 el Ministerio P\u00fablico, se \u00a0pone \u00a0 de \u00a0 presente \u00a0 al \u00a0Gobierno \u00a0Nacional \u00a0que \u00a0en \u00a0caso \u00a0de \u00a0concederse \u00a0la \u00a0extradici\u00f3n, \u00a0debe \u00a0condicionar \u00a0la \u00a0entrega \u00a0en \u00a0el sentido de que \u00a0Germ\u00e1n \u00a0Eduardo \u00a0L\u00f3pez \u00a0Daza \u00a0no ser\u00e1 \u00a0juzgado \u00a0por \u00a0hechos distintos a los que originaron la reclamaci\u00f3n, ni sometido \u00a0a \u00a0tratos crueles, inhumanos o degradantes, ni se le impondr\u00e1 la pena capital o \u00a0perpetua, \u00a0al \u00a0tenor \u00a0del \u00a0art\u00edculo \u00a0494 \u00a0del C\u00f3digo de Procedimiento Penal de \u00a02004. \u00a0\u00a0<\/p>\n<p>As\u00ed \u00a0 mismo, \u00a0al \u00a0Gobierno \u00a0Nacional \u00a0le \u00a0corresponde \u00a0condicionar \u00a0la entrega a que el pa\u00eds reclamante, de acuerdo a sus \u00a0pol\u00edticas \u00a0internas \u00a0sobre \u00a0la \u00a0materia, \u00a0le ofrezca posibilidades racionales y \u00a0reales \u00a0para \u00a0que \u00a0el \u00a0requerido pueda tener contacto regular con sus familiares \u00a0m\u00e1s \u00a0cercanos, \u00a0considerando \u00a0que el art\u00edculo 42 de la Constituci\u00f3n Pol\u00edtica \u00a0de \u00a01991 \u00a0reconoce \u00a0a la familia como n\u00facleo esencial de la sociedad, garantiza \u00a0su \u00a0protecci\u00f3n \u00a0y \u00a0reconoce su honra, dignidad e intimidad, lo cual se refuerza \u00a0con \u00a0la protecci\u00f3n que a ese n\u00facleo tambi\u00e9n prodigan la Convenci\u00f3n Americana \u00a0de \u00a0Derechos \u00a0Humanos \u00a0en \u00a0su \u00a0art\u00edculo 17 y el Pacto Internacional de Derechos \u00a0Civiles y Pol\u00edticos en el 23. \u00a0\u00a0<\/p>\n<p>Adem\u00e1s, \u00a0conforme \u00a0precis\u00f3 la Corte en el \u00a0Concepto \u00a0del \u00a015 \u00a0de \u00a0mayo \u00a0de \u00a02008 \u00a0(Rad. \u00a029024), \u00a0como \u00a0el \u00a0mecanismo de la \u00a0extradici\u00f3n \u00a0entre \u00a0Estados \u00a0Unidos de Am\u00e9rica y Colombia se rige, en ausencia \u00a0de \u00a0un \u00a0instrumento internacional que la regule, por las normas contenidas en la \u00a0Constituci\u00f3n \u00a0Pol\u00edtica \u00a0(art\u00edculo \u00a035) y en el C\u00f3digo de Procedimiento Penal \u00a0(art\u00edculos \u00a0490 \u00a0a \u00a0514 de la Ley 906 de 2004), el Gobierno Nacional debe hacer \u00a0las \u00a0exigencias \u00a0que \u00a0estime convenientes en orden a que en el Estado reclamante \u00a0se \u00a0le \u00a0reconozcan \u00a0todos \u00a0los derechos y garant\u00edas inherentes a la persona del \u00a0solicitado, \u00a0en \u00a0especial \u00a0las \u00a0contenidas \u00a0en \u00a0la \u00a0Carta \u00a0Fundamental \u00a0y \u00a0en el \u00a0denominado \u00a0bloque \u00a0de \u00a0constitucionalidad, \u00a0es \u00a0decir, \u00a0en \u00a0aquellos \u00a0convenios \u00a0internacionales \u00a0ratificados \u00a0por \u00a0Colombia que consagran y desarrollan derechos \u00a0humanos \u00a0(art\u00edculo \u00a093 \u00a0de la Constituci\u00f3n, Declaraci\u00f3n Universal de Derechos \u00a0Humanos, \u00a0Convenci\u00f3n \u00a0Americana \u00a0de \u00a0Derechos \u00a0Humanos, \u00a0Pacto Internacional de \u00a0Derechos \u00a0Civiles \u00a0y \u00a0Pol\u00edticos), \u00a0en \u00a0virtud \u00a0del \u00a0deber de protecci\u00f3n a esos \u00a0derechos \u00a0que \u00a0para \u00a0todas \u00a0las \u00a0autoridades \u00a0p\u00fablicas \u00a0emana del art\u00edculo 2\u00b0 \u00a0ib\u00eddem. \u00a0\u00a0<\/p>\n<p>De la misma manera, se exhorta al Gobierno, \u00a0encabezado \u00a0por \u00a0se\u00f1or \u00a0Presidente de la Rep\u00fablica como supremo director de la \u00a0pol\u00edtica \u00a0exterior \u00a0y \u00a0las \u00a0relaciones \u00a0internacionales, \u00a0para \u00a0que efect\u00fae el \u00a0respectivo \u00a0seguimiento \u00a0a los condicionamientos que se impongan a la concesi\u00f3n \u00a0de \u00a0la \u00a0extradici\u00f3n \u00a0y \u00a0determinar \u00a0las \u00a0consecuencias que se derivar\u00edan de su \u00a0eventual \u00a0incumplimiento, \u00a0al \u00a0tenor \u00a0de \u00a0lo \u00a0se\u00f1alado \u00a0en \u00a0el \u00a0ordinal 2\u00b0 del \u00a0art\u00edculo 189 de la Constituci\u00f3n Pol\u00edtica. \u00a0\u00a0<\/p>\n<p>En \u00a0 \u00a0caso \u00a0 \u00a0de \u00a0 \u00a0que \u00a0 \u00a0Germ\u00e1n \u00a0Eduardo \u00a0L\u00f3pez Daza sea absuelto, \u00a0sobrese\u00eddo, \u00a0declarado \u00a0no \u00a0culpable \u00a0o \u00a0por \u00a0cualquier otra v\u00eda legal, de los \u00a0cargos \u00a0que \u00a0dieron \u00a0origen \u00a0a \u00a0su \u00a0extradici\u00f3n \u00a0y dejado en libertad, si desea \u00a0regresar \u00a0al \u00a0pa\u00eds de origen, el Estado requirente deber\u00e1 asumir los gastos de \u00a0transporte \u00a0y \u00a0manutenci\u00f3n \u00a0del \u00a0extraditado \u00a0de acuerdo con su dignidad humana \u00a0(art\u00edculos 1\u00b0 y 93 de la Constituci\u00f3n Pol\u00edtica). \u00a0\u00a0<\/p>\n<p>Por \u00a0\u00faltimo, \u00a0se \u00a0pide \u00a0al \u00a0ejecutivo \u00a0que \u00a0recomiende \u00a0al \u00a0Estado \u00a0requirente que, en caso de condena, tenga en cuenta como \u00a0parte \u00a0de \u00a0la \u00a0pena \u00a0el tiempo que el solicitado haya podido estar privado de la \u00a0libertad con motivo del tr\u00e1mite de extradici\u00f3n. \u00a0\u00a0<\/p>\n<p>En \u00a0consecuencia, \u00a0como la totalidad de los \u00a0requisitos \u00a0 formales \u00a0 contemplados \u00a0 en \u00a0 el \u00a0art\u00edculo \u00a0502 \u00a0del \u00a0C\u00f3digo \u00a0de \u00a0Procedimiento \u00a0 Penal \u00a0se \u00a0cumplen \u00a0satisfactoriamente, \u00a0la \u00a0Corte \u00a0CONCEPT\u00daA \u00a0 FAVORABLEMENTE \u00a0a\u00a0 \u00a0 la\u00a0 \u00a0 solicitud\u00a0 \u00a0 de\u00a0 \u00a0 extradici\u00f3n\u00a0 \u00a0elevada\u00a0 \u00a0por\u00a0 \u00a0el\u00a0 \u00a0Gobierno\u00a0 \u00a0de\u00a0 \u00a0los\u00a0 \u00a0Estados \u00a0Unidos \u00a0de \u00a0Am\u00e9rica, respecto del ciudadano colombiano \u00a0GERM\u00c1N \u00a0EDUARDO \u00a0L\u00d3PEZ \u00a0DAZA, en cuanto tiene que ver \u00a0con \u00a0los \u00a0cargos que le fueron imputados en la Acusaci\u00f3n n\u00famero S2 07 Cr. 1156 \u00a0del \u00a027 \u00a0de marzo de 2008, dictada por la Corte Distrital de los Estados Unidos, \u00a0Distrito Sur de Nueva York. \u00a0\u00a0<\/p>\n<p>Comun\u00edquese \u00a0 esta \u00a0 determinaci\u00f3n \u00a0 al \u00a0requerido \u00a0 \u00a0ciudadano \u00a0 \u00a0Germ\u00e1n \u00a0 Eduardo \u00a0 L\u00f3pez \u00a0Daza, \u00a0a \u00a0su \u00a0defensor, \u00a0al \u00a0Ministerio \u00a0P\u00fablico y al \u00a0Fiscal General de la Naci\u00f3n, para lo de\u00a0 su\u00a0 cargo. \u00a0\u00a0<\/p>\n<p>Devu\u00e9lvase el expediente al Ministerio del \u00a0Interior y de Justicia, para lo de ley. \u00a0\u00a0<\/p>\n<p>EXCUSA JUSTIFICADA \u00a0<\/p>\n<p>SIGIFREDO ESPINOSA P\u00c9REZ \u00a0<\/p>\n<p>\u00a0 \u00a0\u00a0 \u00a0 \u00a0 \u00a0\u00a0 \u00a0\u00a0 \u00a0\u00a0 \u00a0\u00a0 \u00a0\u00a0 \u00a0\u00a0 \u00a0 \u00a0\u00a0 \u00a0 \u00a0 \u00a0 \u00a0 \u00a0 \u00a0 \u00a0 \u00a0 \u00a0\u00a0 \u00a0 \u00a0 \u00a0 \u00a0 \u00a0\u00a0 \u00a0\u00a0 \u00a0\u00a0 \u00a0\u00a0 \u00a0\u00a0 \u00a0\u00a0 \u00a0\u00a0 \u00a0\u00a0 \u00a0 \u00a0\u00a0 \u00a0 \u00a0 \u00a0 \u00a0 \u00a0 \u00a0 \u00a0 \u00a0 \u00a0\u00a0 \u00a0 \u00a0 \u00a0 \u00a0 \u00a0\u00a0 \u00a0\u00a0\u00a0\u00a0\u00a0\u00a0\u00a0\u00a0 PERMISO \u00a0\u00a0<\/p>\n<p>JOS\u00c9 LEONIDAS BUSTOS MART\u00cdNEZ \u00a0\u00a0 \u00a0\u00a0 \u00a0\u00a0 \u00a0\u00a0 \u00a0\u00a0 \u00a0\u00a0 \u00a0 \u00a0\u00a0 \u00a0 \u00a0 \u00a0 \u00a0 \u00a0 \u00a0 \u00a0 \u00a0 \u00a0\u00a0ALFREDO \u00a0 \u00a0 G\u00d3MEZ \u00a0 \u00a0 QUINTERO \u00a0 \u00a0 \u00a0 \u00a0 \u00a0\u00a0<\/p>\n<p>\u00a0\u00a0\u00a0\u00a0\u00a0\u00a0\u00a0\u00a0\u00a0\u00a0\u00a0\u00a0\u00a0\u00a0\u00a0\u00a0\u00a0\u00a0\u00a0\u00a0\u00a0\u00a0\u00a0\u00a0\u00a0\u00a0\u00a0\u00a0\u00a0 \u00a0PERMISO \u00a0\u00a0<\/p>\n<p>MAR\u00cdA \u00a0DEL \u00a0ROSARIO \u00a0GONZ\u00c1LEZ \u00a0DE \u00a0LEMOS \u00a0 \u00a0 \u00a0\u00a0 \u00a0 \u00a0\u00a0 \u00a0 \u00a0\u00a0 \u00a0 \u00a0AUGUSTO J. IBA\u00d1EZ GUZM\u00c1N \u00a0\u00a0<\/p>\n<p>JORGE \u00a0LUIS \u00a0QUINTERO MILAN\u00c9S \u00a0\u00a0 \u00a0\u00a0 \u00a0\u00a0 \u00a0\u00a0 \u00a0\u00a0 \u00a0\u00a0 \u00a0 \u00a0\u00a0 \u00a0 \u00a0 \u00a0 \u00a0 \u00a0 \u00a0 \u00a0 \u00a0 \u00a0\u00a0YESID \u00a0 \u00a0 RAM\u00cdREZ \u00a0 \u00a0 BASTIDAS \u00a0\u00a0 \u00a0\u00a0 \u00a0\u00a0 \u00a0\u00a0 \u00a0\u00a0 \u00a0\u00a0 \u00a0 \u00a0\u00a0 \u00a0 \u00a0 \u00a0 \u00a0 \u00a0 \u00a0 \u00a0 \u00a0 \u00a0\u00a0 \u00a0\u00a0<\/p>\n<p>JULIO \u00a0ENRIQUE SOCHA SALAMANCA \u00a0\u00a0 \u00a0\u00a0 \u00a0\u00a0 \u00a0\u00a0 \u00a0\u00a0 \u00a0\u00a0 \u00a0 \u00a0\u00a0 \u00a0 \u00a0 \u00a0 \u00a0 \u00a0 \u00a0 \u00a0 \u00a0 \u00a0\u00a0JAVIER\u00a0 ZAPATA ORT\u00cdZ \u00a0\u00a0<\/p>\n<p>\u00a0 \u00a0\u00a0 \u00a0 \u00a0 \u00a0\u00a0 \u00a0\u00a0 \u00a0\u00a0 \u00a0\u00a0 \u00a0\u00a0 \u00a0\u00a0 \u00a0 \u00a0\u00a0 \u00a0 \u00a0 \u00a0 \u00a0 \u00a0 \u00a0 \u00a0 \u00a0 \u00a0\u00a0 \u00a0 \u00a0 \u00a0 \u00a0 \u00a0\u00a0 \u00a0\u00a0 \u00a0\u00a0 \u00a0\u00a0 \u00a0\u00a0 \u00a0\u00a0 \u00a0\u00a0 \u00a0\u00a0 \u00a0 \u00a0\u00a0 \u00a0 \u00a0 \u00a0 \u00a0 \u00a0 \u00a0 \u00a0 \u00a0 \u00a0\u00a0 \u00a0 \u00a0 \u00a0 \u00a0 \u00a0\u00a0 \u00a0\u00a0 \u00a0 \u00a0 \u00a0 \u00a0 \u00a0\u00a0<\/p>\n<p>TERESA RU\u00cdZ NU\u00d1EZ \u00a0<\/p>\n<p>Secretaria \u00a0<\/p>\n<p>\u00a0 \u00a0\u00a0<\/p>\n<p><\/p>\n","protected":false},"excerpt":{"rendered":"<p>\u00a0 \u00a0 \u00a0\u00a0 Proceso No 30372 \u00a0 CORTE SUPREMA DE JUSTICIA \u00a0 SALA DE CASACI\u00d3N PENAL \u00a0 Magistrado Ponente \u00a0 JORGE LUIS QUINTERO MILAN\u00c9S \u00a0 Aprobado \u00a0 acta \u00a0 N\u00ba\u00a0 \u00a0 309 \u00a0\u00a0 Bogot\u00e1, \u00a0D. C., veintisiete (27) de octubre \u00a0de dos mil ocho (2008). \u00a0\u00a0 V I S T O S \u00a0 Procede \u00a0la [&hellip;]<\/p>\n","protected":false},"author":1,"featured_media":0,"comment_status":"open","ping_status":"open","sticky":false,"template":"","format":"standard","meta":{"footnotes":""},"categories":[16],"tags":[],"class_list":["post-17350","post","type-post","status-publish","format-standard","hentry","category-16"],"_links":{"self":[{"href":"https:\/\/dmsjuridica.com\/buscador_20179478954\/salapenalcronologico20230723\/wp-json\/wp\/v2\/posts\/17350","targetHints":{"allow":["GET"]}}],"collection":[{"href":"https:\/\/dmsjuridica.com\/buscador_20179478954\/salapenalcronologico20230723\/wp-json\/wp\/v2\/posts"}],"about":[{"href":"https:\/\/dmsjuridica.com\/buscador_20179478954\/salapenalcronologico20230723\/wp-json\/wp\/v2\/types\/post"}],"author":[{"embeddable":true,"href":"https:\/\/dmsjuridica.com\/buscador_20179478954\/salapenalcronologico20230723\/wp-json\/wp\/v2\/users\/1"}],"replies":[{"embeddable":true,"href":"https:\/\/dmsjuridica.com\/buscador_20179478954\/salapenalcronologico20230723\/wp-json\/wp\/v2\/comments?post=17350"}],"version-history":[{"count":0,"href":"https:\/\/dmsjuridica.com\/buscador_20179478954\/salapenalcronologico20230723\/wp-json\/wp\/v2\/posts\/17350\/revisions"}],"wp:attachment":[{"href":"https:\/\/dmsjuridica.com\/buscador_20179478954\/salapenalcronologico20230723\/wp-json\/wp\/v2\/media?parent=17350"}],"wp:term":[{"taxonomy":"category","embeddable":true,"href":"https:\/\/dmsjuridica.com\/buscador_20179478954\/salapenalcronologico20230723\/wp-json\/wp\/v2\/categories?post=17350"},{"taxonomy":"post_tag","embeddable":true,"href":"https:\/\/dmsjuridica.com\/buscador_20179478954\/salapenalcronologico20230723\/wp-json\/wp\/v2\/tags?post=17350"}],"curies":[{"name":"wp","href":"https:\/\/api.w.org\/{rel}","templated":true}]}}