{"id":17071,"date":"2023-09-11T17:47:48","date_gmt":"2023-09-11T17:47:48","guid":{"rendered":"https:\/\/dmsjuridica.com\/buscador_20179478954\/salapenalcronologico20230723\/2023\/09\/11\/3005325-06-08\/"},"modified":"2023-09-11T17:47:48","modified_gmt":"2023-09-11T17:47:48","slug":"3005325-06-08","status":"publish","type":"post","link":"https:\/\/dmsjuridica.com\/buscador_20179478954\/salapenalcronologico20230723\/2023\/09\/11\/3005325-06-08\/","title":{"rendered":"30053(25-06-08)"},"content":{"rendered":"\n<p>\u00a0 \u00a0 Proceso \u00a0 \u00a0 No. \u00a030053 \u00a0\u00a0<\/p>\n<p>CORTE \u00a0 SUPREMA \u00a0 DE \u00a0JUSTICIA \u00a0\u00a0<\/p>\n<p>SALA \u00a0 DE \u00a0 CASACI\u00d3N \u00a0PENAL \u00a0\u00a0<\/p>\n<p>Magistrada Ponente: \u00a0<\/p>\n<p>MAR\u00cdA \u00a0 \u00a0DEL \u00a0 \u00a0ROSARIO \u00a0 GONZ\u00c1LEZ \u00a0 DE \u00a0LEMOS \u00a0\u00a0<\/p>\n<p>Aprobado Acta No. 171. \u00a0<\/p>\n<p>\u00a0 \u00a0\u00a0 \u00a0\u00a0 \u00a0\u00a0Bogot\u00e1 \u00a0 D.C., \u00a0 junio \u00a0 veinticinco \u00a0 (25) \u00a0 de \u00a0 dos \u00a0 mil \u00a0 ocho \u00a0(2008) \u00a0\u00a0<\/p>\n<p>VISTOS \u00a0<\/p>\n<p>\u00a0 \u00a0\u00a0 \u00a0\u00a0 \u00a0\u00a0Procede \u00a0la \u00a0Sala \u00a0a definir la competencia en este asunto, dado que \u00a0el \u00a0Juez \u00a0Segundo \u00a0Penal \u00a0del \u00a0Circuito \u00a0con funciones de conocimiento de Tulu\u00e1 \u00a0aduce \u00a0que \u00a0el \u00a0competente \u00a0para \u00a0conocer de la actuaci\u00f3n es su hom\u00f3logo de la \u00a0ciudad de Cali. \u00a0\u00a0<\/p>\n<p>HECHOS \u00a0 \u00a0 Y \u00a0ANTECEDENTES \u00a0\u00a0<\/p>\n<p>\u00a0 \u00a0\u00a0 \u00a0\u00a0 \u00a0\u00a0El \u00a0 \u00a028 \u00a0 \u00a0de \u00a0 febrero \u00a0 de \u00a0 2008 \u00a0 el \u00a0 ciudadano \u00a0 Andr\u00e9s \u00a0Fernando \u00a0Pacheco Garc\u00eda inform\u00f3 \u00a0al \u00a0Grupo \u00a0Gaula \u00a0que \u00a0era \u00a0v\u00edctima \u00a0de \u00a0llamadas \u00a0a \u00a0trav\u00e9s \u00a0de las cuales le \u00a0solicitaban \u00a0la \u00a0suma \u00a0de \u00a0cuatro \u00a0millones \u00a0de \u00a0pesos \u00a0($4.000.000.oo) \u00a0por \u00a0la \u00a0recuperaci\u00f3n \u00a0de \u00a0un \u00a0equipo de comunicaciones hurtado el 4 de los mismos mes y \u00a0a\u00f1o en la ciudad de Tul\u00faa. \u00a0\u00a0<\/p>\n<p>Dado que la entrega del supuesto dinero y el \u00a0recibo \u00a0del \u00a0aparto \u00a0se \u00a0produjo \u00a0en \u00a0el \u00a0parque \u00a0El \u00a0Perro ubicado en Cali, las \u00a0autoridades \u00a0 organizaron \u00a0 el \u00a0 respectivo \u00a0 operativo \u00a0 que \u00a0culmin\u00f3 \u00a0con \u00a0la \u00a0aprehensi\u00f3n \u00a0de \u00a0MAR\u00cdA \u00a0DIANA \u00a0BERM\u00daDEZ MART\u00cdNEZ y \u00a0JULIETH \u00a0BOTERO \u00a0GUTI\u00c9RREZ, \u00a0a \u00a0quienes \u00a0la Fiscal\u00eda \u00a0Seccional \u00a0de \u00a0Tul\u00faa \u00a0les \u00a0imput\u00f3 \u00a0la \u00a0comisi\u00f3n \u00a0del delito de receptaci\u00f3n a \u00a0t\u00edtulo de coautoras. \u00a0\u00a0<\/p>\n<p>El \u00a0pasado \u00a09 de mayo la Fiscal\u00eda present\u00f3 \u00a0escrito \u00a0de \u00a0acusaci\u00f3n \u00a0en \u00a0contra \u00a0de \u00a0las mencionadas se\u00f1oras como presuntas \u00a0coautoras \u00a0del \u00a0referido \u00a0delito. El 13 de junio siguiente, durante la audiencia \u00a0de \u00a0formulaci\u00f3n de acusaci\u00f3n, el Juez Segundo Penal del Circuito con funciones \u00a0de \u00a0conocimiento \u00a0de \u00a0Tul\u00faa \u00a0decidi\u00f3 declarar que carec\u00eda de competencia para \u00a0seguir \u00a0conociendo \u00a0del \u00a0asunto, \u00a0toda \u00a0vez que los hechos investigados tuvieron \u00a0lugar en la ciudad de Cali. \u00a0\u00a0<\/p>\n<p>Con \u00a0base \u00a0en \u00a0lo \u00a0anterior, \u00a0remiti\u00f3 \u00a0el \u00a0expediente \u00a0a \u00a0esta Sala a fin de que se defina la competencia de acuerdo con lo \u00a0establecido en el art\u00edculo 54 de la Ley 906 de 2004. \u00a0\u00a0<\/p>\n<p>CONSIDERACIONES DE LA SALA \u00a0<\/p>\n<p>La \u00a0Sala \u00a0es competente para conocer de este \u00a0asunto, \u00a0habida cuenta que el numeral 4\u00ba del art\u00edculo 32 de la Ley 906 de 2004 \u00a0le \u00a0asigna \u00a0el \u00a0conocimiento \u00a0\u201cde \u00a0la definici\u00f3n de \u00a0competencia \u00a0 \u00a0cuando \u00a0 \u00a0se \u00a0 \u00a0trate \u00a0 \u00a0de \u00a0 \u00a0(\u2026) \u00a0 juzgados \u00a0 de \u00a0 diferentes \u00a0distritos\u201d, \u00a0como \u00a0ocurre en este caso que involucra \u00a0despachos de los distritos judiciales de Buga y Cali. \u00a0\u00a0<\/p>\n<p>\u00a0 \u00a0\u00a0 \u00a0\u00a0 \u00a0Una \u00a0vez \u00a0precisado lo anterior, encuentra la Sala que si se procede \u00a0por \u00a0 el \u00a0 delito \u00a0 de \u00a0 receptaci\u00f3n, \u00a0 pues \u00a0 las \u00a0procesadas \u00a0\u201cpretend\u00edan \u00a0transferir \u00a0o \u00a0vender \u00a0un \u00a0dispositivo electr\u00f3nico que \u00a0hab\u00eda \u00a0sido hurtado en la ciudad de Tulu\u00e1 el d\u00eda 4 de febrero del hoga\u00f1o, el \u00a0cual \u00a0fue \u00a0llevado \u00a0a \u00a0la \u00a0ciudad \u00a0de \u00a0Cali \u00a0y \u00a0desde ah\u00ed se hicieron todos los \u00a0contactos\u201d, \u00a0no \u00a0hay \u00a0duda \u00a0que \u00a0la comisi\u00f3n de tal \u00a0punible \u00a0contra la recta impartici\u00f3n de justicia ocurri\u00f3 en la ciudad de Cali, \u00a0como \u00a0 que \u00a0 fue \u00a0 all\u00ed \u00a0donde \u00a0las \u00a0incriminadas \u00a0contactaron \u00a0a \u00a0Andr\u00e9s \u00a0Fernando Pacheco Garc\u00eda, am\u00e9n de \u00a0en \u00a0dicha \u00a0capital \u00a0vallecaucana \u00a0aquellas \u00a0entregaron a \u00e9ste el aparato con la \u00a0pretensi\u00f3n \u00a0 de \u00a0recibir \u00a0dinero \u00a0a \u00a0cambio, \u00a0momento \u00a0en \u00a0que \u00a0se \u00a0produjo \u00a0su \u00a0captura. \u00a0\u00a0<\/p>\n<p>\u00a0 \u00a0\u00a0 \u00a0\u00a0 \u00a0Siendo \u00a0ello as\u00ed, concluye la Sala sin dificultad que asiste raz\u00f3n \u00a0al \u00a0Juez \u00a0solicitante \u00a0de \u00a0la \u00a0definici\u00f3n \u00a0de \u00a0competencia, \u00a0pues si los hechos \u00a0referidos \u00a0al \u00a0delito \u00a0de receptaci\u00f3n ocurrieron en Cali, la competencia por el \u00a0factor \u00a0territorial \u00a0para dar curso a la audiencia de formulaci\u00f3n de acusaci\u00f3n \u00a0radica \u00a0en \u00a0los \u00a0juzgados \u00a0penales del circuito con funciones de conocimiento de \u00a0dicha \u00a0ciudad, a cuyo reparto se dispone remitir de inmediato este averiguatorio \u00a0para que se contin\u00fae con el tr\u00e1mite dispuesto por el legislador. \u00a0\u00a0<\/p>\n<p>Copia \u00a0de \u00a0esta providencia ser\u00e1 enviada al \u00a0Juzgado \u00a0 Segundo \u00a0 Penal \u00a0 del \u00a0 Circuito \u00a0con \u00a0funciones \u00a0de \u00a0conocimiento \u00a0de \u00a0Tulu\u00e1. \u00a0\u00a0<\/p>\n<p>\u00a0 \u00a0\u00a0 \u00a0\u00a0 \u00a0\u00a0En \u00a0m\u00e9rito \u00a0a \u00a0lo \u00a0expuesto, \u00a0la CORTE SUPREMA DE JUSTICIA, SALA DE \u00a0CASACION PENAL, \u00a0\u00a0<\/p>\n<p>RESUELVE \u00a0\u00a0<\/p>\n<p>\u00a0 \u00a0\u00a0 \u00a0\u00a0 \u00a0\u00a01. \u00a0 \u00a0 \u00a0 \u00a0DEFINIR \u00a0la \u00a0competencia \u00a0de \u00a0este \u00a0asunto \u00a0asign\u00e1ndolo \u00a0al \u00a0Juez \u00a0Penal del Circuito con funciones de conocimiento de Cali \u00a0(reparto), \u00a0al \u00a0cual \u00a0ser\u00e1 \u00a0enviada \u00a0la \u00a0actuaci\u00f3n, de acuerdo con las razones \u00a0expuestas. \u00a0\u00a0<\/p>\n<p>\u00a0 \u00a0\u00a0 \u00a0\u00a0 \u00a0\u00a02. \u00a0 \u00a0 \u00a0 \u00a0ENVIAR \u00a0copia de este prove\u00eddo al Juzgado \u00a0Segundo Penal del Circuito con funciones de conocimiento de Tulu\u00e1. \u00a0\u00a0<\/p>\n<p>C\u00f3piese, comun\u00edquese y \u00a0c\u00famplase, \u00a0\u00a0<\/p>\n<p>SIGIFREDO ESPINOSA P\u00c9REZ \u00a0<\/p>\n<p>JOS\u00c9 LEONIDAS BUSTOS MART\u00cdNEZ \u00a0\u00a0 \u00a0\u00a0 \u00a0\u00a0 \u00a0\u00a0 \u00a0\u00a0 \u00a0\u00a0 \u00a0 \u00a0 \u00a0\u00a0 \u00a0 \u00a0 \u00a0\u00a0ALFREDO \u00a0 \u00a0 \u00a0G\u00d3MEZ \u00a0QUINTERO \u00a0\u00a0<\/p>\n<p>MAR\u00cdA \u00a0 DEL \u00a0 ROSARIO \u00a0 GONZ\u00c1LEZ \u00a0 DE \u00a0LEMOS \u00a0 \u00a0 \u00a0 \u00a0 \u00a0 \u00a0 \u00a0\u00a0AUGUSTO \u00a0 J. \u00a0 IB\u00c1\u00d1EZ \u00a0GUZM\u00c1N \u00a0\u00a0 \u00a0\u00a0 \u00a0 \u00a0 \u00a0\u00a0<\/p>\n<p>JORGE \u00a0LUIS \u00a0QUINTERO \u00a0MILANES \u00a0\u00a0 \u00a0\u00a0 \u00a0\u00a0 \u00a0\u00a0 \u00a0\u00a0 \u00a0\u00a0 \u00a0 \u00a0 \u00a0\u00a0 \u00a0 \u00a0 \u00a0\u00a0YESID \u00a0 \u00a0 \u00a0RAM\u00cdREZ \u00a0BASTIDAS \u00a0\u00a0<\/p>\n<p>JULIO \u00a0ENRIQUE \u00a0SOCHA \u00a0 \u00a0 SALAMANCA \u00a0 \u00a0 \u00a0 \u00a0 \u00a0\u00a0 \u00a0 \u00a0\u00a0 \u00a0\u00a0 \u00a0 \u00a0 \u00a0 \u00a0 \u00a0\u00a0 \u00a0\u00a0JAVIER ZAPATA ORT\u00cdZ \u00a0\u00a0<\/p>\n<p>TERESA RUIZ N\u00da\u00d1EZ \u00a0<\/p>\n<p>Secretaria \u00a0 \u00a0<\/p>\n<p><\/p>\n","protected":false},"excerpt":{"rendered":"<p>\u00a0 \u00a0 Proceso \u00a0 \u00a0 No. \u00a030053 \u00a0\u00a0 CORTE \u00a0 SUPREMA \u00a0 DE \u00a0JUSTICIA \u00a0\u00a0 SALA \u00a0 DE \u00a0 CASACI\u00d3N \u00a0PENAL \u00a0\u00a0 Magistrada Ponente: \u00a0 MAR\u00cdA \u00a0 \u00a0DEL \u00a0 \u00a0ROSARIO \u00a0 GONZ\u00c1LEZ \u00a0 DE \u00a0LEMOS \u00a0\u00a0 Aprobado Acta No. 171. \u00a0 \u00a0 \u00a0\u00a0 \u00a0\u00a0 \u00a0\u00a0Bogot\u00e1 \u00a0 D.C., \u00a0 junio \u00a0 veinticinco \u00a0 (25) \u00a0 de [&hellip;]<\/p>\n","protected":false},"author":1,"featured_media":0,"comment_status":"open","ping_status":"open","sticky":false,"template":"","format":"standard","meta":{"footnotes":""},"categories":[16],"tags":[],"class_list":["post-17071","post","type-post","status-publish","format-standard","hentry","category-16"],"_links":{"self":[{"href":"https:\/\/dmsjuridica.com\/buscador_20179478954\/salapenalcronologico20230723\/wp-json\/wp\/v2\/posts\/17071","targetHints":{"allow":["GET"]}}],"collection":[{"href":"https:\/\/dmsjuridica.com\/buscador_20179478954\/salapenalcronologico20230723\/wp-json\/wp\/v2\/posts"}],"about":[{"href":"https:\/\/dmsjuridica.com\/buscador_20179478954\/salapenalcronologico20230723\/wp-json\/wp\/v2\/types\/post"}],"author":[{"embeddable":true,"href":"https:\/\/dmsjuridica.com\/buscador_20179478954\/salapenalcronologico20230723\/wp-json\/wp\/v2\/users\/1"}],"replies":[{"embeddable":true,"href":"https:\/\/dmsjuridica.com\/buscador_20179478954\/salapenalcronologico20230723\/wp-json\/wp\/v2\/comments?post=17071"}],"version-history":[{"count":0,"href":"https:\/\/dmsjuridica.com\/buscador_20179478954\/salapenalcronologico20230723\/wp-json\/wp\/v2\/posts\/17071\/revisions"}],"wp:attachment":[{"href":"https:\/\/dmsjuridica.com\/buscador_20179478954\/salapenalcronologico20230723\/wp-json\/wp\/v2\/media?parent=17071"}],"wp:term":[{"taxonomy":"category","embeddable":true,"href":"https:\/\/dmsjuridica.com\/buscador_20179478954\/salapenalcronologico20230723\/wp-json\/wp\/v2\/categories?post=17071"},{"taxonomy":"post_tag","embeddable":true,"href":"https:\/\/dmsjuridica.com\/buscador_20179478954\/salapenalcronologico20230723\/wp-json\/wp\/v2\/tags?post=17071"}],"curies":[{"name":"wp","href":"https:\/\/api.w.org\/{rel}","templated":true}]}}