{"id":17040,"date":"2023-09-11T17:47:46","date_gmt":"2023-09-11T17:47:46","guid":{"rendered":"https:\/\/dmsjuridica.com\/buscador_20179478954\/salapenalcronologico20230723\/2023\/09\/11\/3002427-10-08\/"},"modified":"2023-09-11T17:47:46","modified_gmt":"2023-09-11T17:47:46","slug":"3002427-10-08","status":"publish","type":"post","link":"https:\/\/dmsjuridica.com\/buscador_20179478954\/salapenalcronologico20230723\/2023\/09\/11\/3002427-10-08\/","title":{"rendered":"30024(27-10-08)"},"content":{"rendered":"\n<p>\u00a0 \u00a0 \u00a0\u00a0<\/p>\n<p>Proceso No 30024 \u00a0<\/p>\n<p>CORTE SUPREMA DE JUSTICIA \u00a0<\/p>\n<p>SALA DE CASACI\u00d3N PENAL \u00a0<\/p>\n<p>Aprobado Acta No.309 \u00a0<\/p>\n<p>Bogot\u00e1 D. C., veintisiete (27) de octubre de \u00a0dos mil ocho (2008). \u00a0\u00a0<\/p>\n<p>VISTOS \u00a0<\/p>\n<p>Decide \u00a0la \u00a0Sala \u00a0acerca de la posibilidad de \u00a0inhibirse \u00a0de \u00a0abrir \u00a0investigaci\u00f3n \u00a0en virtud al fallecimiento de la imputada, \u00a0doctora SANDRA ROCIO CEBALLOS AR\u00c9VALO. \u00a0\u00a0<\/p>\n<p>ANTECEDENTES Y CONSIDERANDOS \u00a0<\/p>\n<p>1. \u00a0Con \u00a0base \u00a0en \u00a0la querella instaurada por \u00a0OSCAR \u00a0MAURICIO \u00a0SIERRA \u00a0FAJARDO \u00a0por \u00a0un \u00a0posible \u00a0delito \u00a0contra la integridad \u00a0personal, \u00a0la \u00a0Sala abri\u00f3 investigaci\u00f3n preliminar el 8 de agosto del presente \u00a0a\u00f1o. \u00a0\u00a0<\/p>\n<p>2. Debido al conocimiento p\u00fablico del deceso \u00a0de \u00a0la \u00a0doctora \u00a0CEBALLOS \u00a0AR\u00c9VALO, \u00a0la \u00a0Sala \u00a0orden\u00f3 \u00a0arribar \u00a0al \u00a0proceso el \u00a0certificado \u00a0de \u00a0defunci\u00f3n, \u00a0copia \u00a0del cual present\u00f3 su apoderado pidiendo se \u00a0inhiba de abrir investigaci\u00f3n y archive el expediente. \u00a0\u00a0<\/p>\n<p>3. \u00a0En \u00a0orden \u00a0a \u00a0las \u00a0previsiones \u00a0de \u00a0los \u00a0art\u00edculos \u00a0235-3 \u00a0de la Carta Pol\u00edtica y su par\u00e1grafo y 75-7 de la ley 600 de \u00a02000, \u00a0en \u00a0raz\u00f3n \u00a0a \u00a0que \u00a0la \u00a0doctora \u00a0SANDRA \u00a0ROCIO CEBALLOS AR\u00c9VALO hasta su \u00a0fallecimiento \u00a0se \u00a0desempe\u00f1\u00f3 \u00a0como \u00a0Representante \u00a0a \u00a0la \u00a0C\u00e1mara, \u00a0la Sala es \u00a0competente para adoptar esta decisi\u00f3n. \u00a0\u00a0<\/p>\n<p>4. \u00a0Seg\u00fan \u00a0los \u00a0art\u00edculos \u00a082 \u00a0y \u00a038 de los \u00a0C\u00f3digos \u00a0Penal y de Procedimiento Penal, este \u00faltimo de 2000, la acci\u00f3n penal \u00a0se extingue, entre otras razones, por muerte del su sujeto pasivo. \u00a0\u00a0<\/p>\n<p>El canon 327 de la ley 600 de 2000, ordena al \u00a0funcionario \u00a0 judicial\u00a0 \u00a0 competente \u00a0 para \u00a0 adelantar \u00a0 las \u00a0 diligencias \u00a0preliminares \u00a0inhibirse \u00a0de abrir investigaci\u00f3n cuando aparezca que la conducta \u00a0no \u00a0ha \u00a0existido, que es at\u00edpica, que la acci\u00f3n penal no puede iniciarse o que \u00a0est\u00e1 demostrada una causal de ausencia de responsabilidad. \u00a0\u00a0<\/p>\n<p>Como \u00a0en \u00a0el \u00a0presente \u00a0caso \u00a0se acredit\u00f3 el \u00a0fallecimiento \u00a0de \u00a0la doctora SANDRA ROCIO CEBALLOS AR\u00c9VALO, constituyendo este \u00a0hecho \u00a0un \u00a0motivo \u00a0de \u00a0extinci\u00f3n \u00a0de \u00a0la acci\u00f3n penal, la Sala se inhibir\u00e1 de \u00a0abrir \u00a0 investigaci\u00f3n \u00a0 disponiendo, \u00a0 consecuencialmente, \u00a0 el \u00a0 archivo \u00a0 del \u00a0expediente. \u00a0\u00a0<\/p>\n<p>Por lo expuesto, la Sala de Casaci\u00f3n Penal de \u00a0la Corte Suprema de Justicia; \u00a0\u00a0<\/p>\n<p>RESUELVE \u00a0<\/p>\n<p>PRIMERO: \u00a0Declarar \u00a0extinguida \u00a0la \u00a0acci\u00f3n \u00a0penal \u00a0por \u00a0muerte de la imputada, doctora SANDRA ROCIO \u00a0CEBALLOS AR\u00c9VALO. \u00a0\u00a0<\/p>\n<p>SEGUNDO: INHIBIRSE de \u00a0abrir investigaci\u00f3n y archivar el expediente. \u00a0\u00a0<\/p>\n<p>C\u00f3piese, notif\u00edquese y c\u00famplase. \u00a0<\/p>\n<p>SIGIFREDO ESPINOSA P\u00c9REZ \u00a0<\/p>\n<p>Excusa justificada \u00a0<\/p>\n<p>JORGE \u00a0 \u00a0 \u00a0 LEONIDAS \u00a0 \u00a0 \u00a0 BUSTOS \u00a0MART\u00cdNEZ\u00a0\u00a0\u00a0\u00a0 ALFREDO G\u00d3MEZ QUINTERO \u00a0\u00a0<\/p>\n<p>Permiso \u00a0<\/p>\n<p>MAR\u00cdA \u00a0 \u00a0DEL \u00a0 \u00a0ROSARIO \u00a0 \u00a0GONZALES \u00a0 DE \u00a0L.\u00a0\u00a0\u00a0\u00a0 AUGUSTO IB\u00c1\u00d1EZ GUZM\u00c1N \u00a0\u00a0<\/p>\n<p>Permiso \u00a0<\/p>\n<p>JORGE \u00a0 \u00a0 \u00a0 \u00a0LU\u00cdS \u00a0 \u00a0 \u00a0 QUINTERO \u00a0MILAN\u00c9S\u00a0\u00a0\u00a0\u00a0\u00a0\u00a0\u00a0\u00a0\u00a0\u00a0\u00a0\u00a0\u00a0\u00a0\u00a0 \u00a0YESID RAM\u00cdREZ BASTIDAS \u00a0\u00a0<\/p>\n<p>JULIO \u00a0 \u00a0 \u00a0 \u00a0ENRIQUE \u00a0 \u00a0 \u00a0 \u00a0SOCHA \u00a0SALAMANCA\u00a0\u00a0\u00a0\u00a0\u00a0\u00a0\u00a0\u00a0\u00a0 \u00a0 JAVIER \u00a0ZAPATA \u00a0ORT\u00cdZ \u00a0\u00a0<\/p>\n<p>TERESA RU\u00cdZ N\u00da\u00d1EZ \u00a0<\/p>\n<p>Secretaria \u00a0<\/p>\n<p>\u00a0 \u00a0\u00a0<\/p>\n<p><\/p>\n","protected":false},"excerpt":{"rendered":"<p>\u00a0 \u00a0 \u00a0\u00a0 Proceso No 30024 \u00a0 CORTE SUPREMA DE JUSTICIA \u00a0 SALA DE CASACI\u00d3N PENAL \u00a0 Aprobado Acta No.309 \u00a0 Bogot\u00e1 D. C., veintisiete (27) de octubre de \u00a0dos mil ocho (2008). \u00a0\u00a0 VISTOS \u00a0 Decide \u00a0la \u00a0Sala \u00a0acerca de la posibilidad de \u00a0inhibirse \u00a0de \u00a0abrir \u00a0investigaci\u00f3n \u00a0en virtud al fallecimiento de la imputada, [&hellip;]<\/p>\n","protected":false},"author":1,"featured_media":0,"comment_status":"open","ping_status":"open","sticky":false,"template":"","format":"standard","meta":{"footnotes":""},"categories":[16],"tags":[],"class_list":["post-17040","post","type-post","status-publish","format-standard","hentry","category-16"],"_links":{"self":[{"href":"https:\/\/dmsjuridica.com\/buscador_20179478954\/salapenalcronologico20230723\/wp-json\/wp\/v2\/posts\/17040","targetHints":{"allow":["GET"]}}],"collection":[{"href":"https:\/\/dmsjuridica.com\/buscador_20179478954\/salapenalcronologico20230723\/wp-json\/wp\/v2\/posts"}],"about":[{"href":"https:\/\/dmsjuridica.com\/buscador_20179478954\/salapenalcronologico20230723\/wp-json\/wp\/v2\/types\/post"}],"author":[{"embeddable":true,"href":"https:\/\/dmsjuridica.com\/buscador_20179478954\/salapenalcronologico20230723\/wp-json\/wp\/v2\/users\/1"}],"replies":[{"embeddable":true,"href":"https:\/\/dmsjuridica.com\/buscador_20179478954\/salapenalcronologico20230723\/wp-json\/wp\/v2\/comments?post=17040"}],"version-history":[{"count":0,"href":"https:\/\/dmsjuridica.com\/buscador_20179478954\/salapenalcronologico20230723\/wp-json\/wp\/v2\/posts\/17040\/revisions"}],"wp:attachment":[{"href":"https:\/\/dmsjuridica.com\/buscador_20179478954\/salapenalcronologico20230723\/wp-json\/wp\/v2\/media?parent=17040"}],"wp:term":[{"taxonomy":"category","embeddable":true,"href":"https:\/\/dmsjuridica.com\/buscador_20179478954\/salapenalcronologico20230723\/wp-json\/wp\/v2\/categories?post=17040"},{"taxonomy":"post_tag","embeddable":true,"href":"https:\/\/dmsjuridica.com\/buscador_20179478954\/salapenalcronologico20230723\/wp-json\/wp\/v2\/tags?post=17040"}],"curies":[{"name":"wp","href":"https:\/\/api.w.org\/{rel}","templated":true}]}}