{"id":16670,"date":"2023-09-11T17:47:07","date_gmt":"2023-09-11T17:47:07","guid":{"rendered":"https:\/\/dmsjuridica.com\/buscador_20179478954\/salapenalcronologico20230723\/2023\/09\/11\/2956902-12-08\/"},"modified":"2023-09-11T17:47:07","modified_gmt":"2023-09-11T17:47:07","slug":"2956902-12-08","status":"publish","type":"post","link":"https:\/\/dmsjuridica.com\/buscador_20179478954\/salapenalcronologico20230723\/2023\/09\/11\/2956902-12-08\/","title":{"rendered":"29569(02-12-08)"},"content":{"rendered":"\n<p>\u00a0 \u00a0 Proceso No 29569 \u00a0<\/p>\n<p>CORTE SUPREMA DE JUSTICIA \u00a0<\/p>\n<p>SALA DE CASACI\u00d3N PENAL \u00a0<\/p>\n<p>MAGISTRADO PONENTE \u00a0<\/p>\n<p>AUGUSTO J. IB\u00c1\u00d1EZ GUZM\u00c1N \u00a0<\/p>\n<p>Aprobado: Acta No. \u00a0<\/p>\n<p>Bogot\u00e1, \u00a0D. C.,\u00a0 dos (2) de diciembre \u00a0de dos mil ocho (2008). \u00a0\u00a0<\/p>\n<p>ASUNTO \u00a0<\/p>\n<p>La \u00a0Corte \u00a0Suprema \u00a0de \u00a0Justicia de Colombia \u00a0emite \u00a0concepto \u00a0sobre la solicitud de extradici\u00f3n formulada por el Gobierno de \u00a0los \u00a0Estados Unidos de Am\u00e9rica, a trav\u00e9s\u00a0\u00a0 de su Embajada en nuestro \u00a0pa\u00eds, \u00a0respecto \u00a0del \u00a0ciudadano \u00a0colombiano \u00a0JAMINSON \u00a0ERAZO BOLA\u00d1OS. \u00a0\u00a0<\/p>\n<p>VISTOS \u00a0<\/p>\n<p>1. \u00a0Mediante Nota Verbal No. 2244 del 1\u00b0 de \u00a0agosto de 20071 \u00a0\u00a0<\/p>\n<p>, \u00a0la \u00a0Embajada \u00a0de \u00a0los \u00a0Estados \u00a0Unidos de \u00a0Am\u00e9rica \u00a0solicit\u00f3 \u00a0la \u00a0detenci\u00f3n \u00a0provisional \u00a0con \u00a0fines de extradici\u00f3n del \u00a0ciudadano \u00a0 \u00a0 \u00a0colombiano \u00a0 \u00a0 \u00a0JAMINSON \u00a0 \u00a0 ERAZO \u00a0BOLA\u00d1OS, \u00a0petici\u00f3n que formaliz\u00f3 con la Nota Verbal \u00a0No. \u00a0 0941 \u00a0 del \u00a0 2 \u00a0 de \u00a0 Abril\u00a0 \u00a0 de \u00a0 20082. \u00a0\u00a0<\/p>\n<p>2. El Ministerio del Interior y de Justicia, \u00a0previo \u00a0concepto \u00a0de su hom\u00f3logo de Relaciones Exteriores sobre la inexistencia \u00a0de \u00a0convenio \u00a0aplicable \u00a0al \u00a0caso, \u00a0el 7 de abril de 2008 remiti\u00f3 a la Corte la \u00a0documentaci\u00f3n \u00a0enviada \u00a0por \u00a0la \u00a0Embajada \u00a0de \u00a0los \u00a0Estados Unidos de Am\u00e9rica, \u00a0debidamente traducida y autenticada. \u00a0\u00a0<\/p>\n<p>3. El 10 de abril de 2008 la Corte Suprema de \u00a0Justicia \u00a0 Sala \u00a0 de \u00a0 Casaci\u00f3n \u00a0 Penal, \u00a0 inform\u00f3 \u00a0 al \u00a0 se\u00f1or \u00a0JAMINSON \u00a0 ERAZO \u00a0 BOLA\u00d1OS, \u00a0que \u00a0ten\u00eda \u00a0derecho \u00a0a \u00a0nombrar \u00a0un \u00a0defensor; \u00a0por \u00a0lo que el 29 de abril de 2008 present\u00f3 \u00a0poder otorgado al doctor YESID RUBIO AMORTEGUI. \u00a0\u00a0<\/p>\n<p>4. \u00a0Transcurrido \u00a0el traslado para presentar \u00a0pruebas, \u00a0solamente \u00a0la \u00a0defensa \u00a0present\u00f3 memorial solicitando la pr\u00e1ctica de \u00a0algunas pruebas. \u00a0\u00a0<\/p>\n<p>La \u00a0Sala, \u00a0mediante \u00a0auto del 15 de julio de \u00a02008,\u00a0 \u00a0dispuso \u00a0no \u00a0practicar \u00a0las \u00a0pruebas \u00a0solicitadas \u00a0por \u00a0la defensa, \u00a0y\u00a0 \u00a0en \u00a0ese \u00a0orden \u00a0correr \u00a0el \u00a0traslado \u00a0previsto \u00a0en \u00a0el inciso final del \u00a0art\u00edculo \u00a0500 del C\u00f3digo de Procedimiento Penal -Ley \u00a0906 \u00a0de \u00a02004- para que los intervinientes presentaran \u00a0sus \u00a0estudios \u00a0previos al concepto, lapso durante el cual solamente se pronuncio \u00a0la defensa. \u00a0\u00a0<\/p>\n<p>DOCUMENTOS \u00a0ALLEGADOS \u00a0\u00a0<\/p>\n<p>Con la Nota Verbal No. 0941 del 2 de abril de \u00a02008, \u00a0la \u00a0Embajada de los Estados Unidos de Am\u00e9rica aport\u00f3, con su respectiva \u00a0traducci\u00f3n, los siguientes documentos: \u00a0\u00a0<\/p>\n<p>1. Nota Verbal No. 2244 del 1\u00b0 de agosto de \u00a02007, \u00a0por \u00a0medio \u00a0de \u00a0la \u00a0cual la Embajada del Estado peticionario solicit\u00f3 la \u00a0detenci\u00f3n \u00a0 \u00a0provisional \u00a0 \u00a0con \u00a0 fines \u00a0 de \u00a0 extradici\u00f3n \u00a0 de \u00a0 JAMINSON ERAZO BOLA\u00d1OS. \u00a0\u00a0<\/p>\n<p>2. Orden de captura del 19 de octubre de 2007 \u00a0proferida \u00a0por \u00a0el \u00a0Fiscal \u00a0General \u00a0de \u00a0la \u00a0Naci\u00f3n3. \u00a0\u00a0<\/p>\n<p>3. \u00a0Declaraciones \u00a0en \u00a0apoyo de la solicitud \u00a0rendidas \u00a0bajo \u00a0juramento el 19 de febrero de 2008 ante el Tribunal del Distrito \u00a0Medio \u00a0de \u00a0Florida \u00a0por \u00a0Walter \u00a0Furr III, \u00a0Fiscal \u00a0Asistente de los Estados Unidos para el Distrito Medio de \u00a0Florida4, \u00a0 y \u00a0por \u00a0Kelly \u00a0J. \u00a0Thomas, \u00a0Agente Especial de la Administraci\u00f3n para el Control de Droga de \u00a0los \u00a0 \u00a0 \u00a0 \u00a0 Estados \u00a0 \u00a0 \u00a0 \u00a0 Unidos \u00a0 \u00a0 \u00a0 \u00a0DEA5. \u00a0\u00a0<\/p>\n<p>4. \u00a0Acusaci\u00f3n \u00a0del \u00a0Gran \u00a0Jurado \u00a0No. \u00a08: \u00a005-CR-433-T-24MSS, \u00a0 con \u00a0 fecha \u00a0 del \u00a0 4 \u00a0 de \u00a0 octubre \u00a0 de \u00a020056, en la que se \u00a0formulan \u00a02 \u00a0cargos al se\u00f1or JAMINSON ERAZO BOLA\u00d1OS, \u00a0por delitos federales de narc\u00f3ticos. \u00a0\u00a0<\/p>\n<p>5. Orden de arresto proferida por el Tribunal \u00a0del \u00a0Distrito \u00a0Medio de Florida, contra JAMINSON ERAZO \u00a0BOLA\u00d1OS7. \u00a0\u00a0<\/p>\n<p>6. Trascripci\u00f3n de las disposiciones legales \u00a0aplicables. \u00a0\u00a0<\/p>\n<p>7. Certificaci\u00f3n del C\u00f3nsul de Colombia en \u00a0Washington \u00a0 \u00a0sobre \u00a0 \u00a0la \u00a0 \u00a0autenticidad \u00a0 \u00a0de \u00a0 la \u00a0 firma \u00a0 de \u00a0 Patrick \u00a0 O. \u00a0 Hatchett, \u00a0quien\u00a0 \u00a0se \u00a0desempe\u00f1a \u00a0como Auxiliar\u00a0 de Autenticaciones del Departamento de Estado de \u00a0los Estados Unidos. \u00a0\u00a0<\/p>\n<p>ESTUDIO \u00a0DE \u00a0LA DEFENSA. \u00a0\u00a0<\/p>\n<p>\u00a0\u00a0\u00a0\u00a0\u00a0 \u00a0<\/p>\n<p>Propone \u00a0la \u00a0defensa \u00a0que \u00a0en caso de que el \u00a0concepto \u00a0rendido \u00a0por \u00a0la \u00a0Corte \u00a0sea \u00a0favorable para que opere la extradici\u00f3n \u00a0contra \u00a0su \u00a0poderdante, sean respetados \u00edntegramente los derechos fundamentales \u00a0que \u00a0le \u00a0ata\u00f1en \u00a0como \u00a0ciudadano \u00a0colombiano, \u00a0haciendo \u00e9nfasis en la dignidad \u00a0humana, \u00a0m\u00e1xime \u00a0cuando \u00a0el \u00a0Estado \u00a0requirente \u00a0es el de los Estados Unidos de \u00a0Am\u00e9rica; \u00a0advierte \u00a0adem\u00e1s que se debe propender por que se permita la entrada \u00a0de \u00a0sus \u00a0familiares \u00a0al \u00a0pa\u00eds requirente, pues en caso de no conced\u00e9rseles, su \u00a0defendido quedar\u00eda en completo desamparo y abandono. \u00a0\u00a0<\/p>\n<p>CONSIDERACIONES. \u00a0<\/p>\n<p>La \u00a0Sala emitir\u00e1 concepto favorable para la \u00a0extradici\u00f3n \u00a0del \u00a0ciudadano colombiano JAMINSON ERAZO \u00a0BOLA\u00d1OS, \u00a0 \u00a0pues \u00a0 \u00a0se \u00a0 \u00a0re\u00fanen \u00a0 los \u00a0 \u00a0 requisitos \u00a0 \u00a0legales exigidos para ello: \u00a0\u00a0<\/p>\n<p>1. \u00a0Validez formal \u00a0de la documentaci\u00f3n presentada. \u00a0\u00a0<\/p>\n<p>La \u00a0normatividad \u00a0procedimental exige que la \u00a0solicitud \u00a0 de \u00a0 extradici\u00f3n \u00a0se \u00a0haga \u00a0por \u00a0v\u00eda \u00a0diplom\u00e1tica, \u00a0o \u00a0de \u00a0manera \u00a0excepcional \u00a0 por \u00a0 la \u00a0consular \u00a0o \u00a0de \u00a0gobierno \u00a0a \u00a0gobierno, \u00a0acompa\u00f1ada \u00a0la \u00a0informaci\u00f3n \u00a0de \u00a0los \u00a0siguientes \u00a0documentos, \u00a0en \u00a0la \u00a0forma \u00a0establecida en la \u00a0legislaci\u00f3n \u00a0del \u00a0Estado requirente: (I) copia o trascripci\u00f3n aut\u00e9ntica de la \u00a0acusaci\u00f3n \u00a0o \u00a0del \u00a0fallo dictado en el pa\u00eds extranjero, o su equivalente; (II) \u00a0indicaci\u00f3n \u00a0de \u00a0los \u00a0actos \u00a0que \u00a0determinan \u00a0la \u00a0solicitud \u00a0de \u00a0extradici\u00f3n \u00a0y \u00a0se\u00f1alamiento \u00a0del \u00a0lugar \u00a0y la fecha en que fueron ejecutados; (III) inclusi\u00f3n \u00a0de \u00a0los datos que sirvan para establecer la identidad de la persona reclamada; y \u00a0(IV) \u00a0la \u00a0reproducci\u00f3n \u00a0certificada \u00a0de las disposiciones penales aplicables al \u00a0caso8.\u00a0 \u00a0\u00a0<\/p>\n<p>El art\u00edculo 259 del C\u00f3digo de Procedimiento \u00a0Civil, \u00a0modificado \u00a0por el 1\u00b0, numeral 118 del Decreto 2282 de 1989, establece, \u00a0a \u00a0su \u00a0vez, \u00a0que \u00a0los documentos p\u00fablicos otorgados en pa\u00eds extranjero por sus \u00a0funcionarios, \u00a0 o \u00a0 con \u00a0 su \u00a0intervenci\u00f3n, \u00a0deber\u00e1n \u00a0presentarse \u00a0debidamente \u00a0autenticados \u00a0por \u00a0el \u00a0C\u00f3nsul \u00a0o \u00a0Agente Diplom\u00e1tico de la Rep\u00fablica, o en su \u00a0defecto \u00a0por \u00a0el \u00a0de \u00a0una \u00a0naci\u00f3n \u00a0amiga. \u00a0Y \u00a0que la firma del C\u00f3nsul o Agente \u00a0Diplom\u00e1tico \u00a0debe \u00a0ser \u00a0abonada \u00a0por \u00a0el Ministerio de Relaciones Exteriores de \u00a0Colombia, \u00a0 y \u00a0si \u00a0se \u00a0trata \u00a0de \u00a0agentes \u00a0consulares \u00a0de \u00a0un \u00a0pa\u00eds \u00a0amigo, \u00a0se \u00a0autenticar\u00e1n \u00a0previamente \u00a0por \u00a0el \u00a0funcionario \u00a0competente \u00a0del mismo y los de \u00a0\u00e9ste \u00a0 \u00a0 \u00a0por \u00a0 \u00a0 el \u00a0 \u00a0 C\u00f3nsul \u00a0 \u00a0 colombiano9.\u00a0\u00a0\u00a0 \u00a0\u00a0<\/p>\n<p>Estas \u00a0exigencias \u00a0de \u00a0car\u00e1cter \u00a0formal \u00a0se \u00a0hallan \u00a0 \u00a0debidamente \u00a0 \u00a0reunidas \u00a0 \u00a0en \u00a0 \u00a0el \u00a0 caso \u00a0 analizado; \u00a0 Thomas \u00a0C. \u00a0Black, Director Asociado de la \u00a0Oficina \u00a0de \u00a0Asuntos \u00a0Internacionales del Departamento de Justicia, Divisi\u00f3n en \u00a0lo \u00a0Penal, \u00a0certific\u00f3 \u00a0las firmas de quienes suministraron las declaraciones de \u00a0apoyo \u00a0a \u00a0la \u00a0solicitud \u00a0de \u00a0extradici\u00f3n; \u00a0el Procurador de los Estados Unidos, \u00a0Michael \u00a0B. Mukasey, hizo lo \u00a0propio \u00a0 con \u00a0 aqu\u00e9lla \u00a0 y \u00a0el \u00a0Director \u00a0Adjunto \u00a0de \u00a0la \u00a0Oficina \u00a0de \u00a0Asuntos \u00a0Internacionales \u00a0autentic\u00f3 \u00a0la \u00a0de \u00a0\u00e9ste, \u00a0todo \u00a0lo \u00a0cual \u00a0fue certificado por \u00a0Condoleezza Rice, Secretaria \u00a0de \u00a0Estado, \u00a0y \u00a0por \u00a0Patrick \u00a0O. Hatchett,\u00a0 \u00a0Funcionario Auxiliar de Autenticaciones del Departamento de \u00a0Estado. \u00a0As\u00ed \u00a0mismo, \u00a0el C\u00f3nsul de Colombia en Washington D. C., cuya firma es \u00a0refrendada \u00a0por \u00a0el Ministerio de Relaciones Exteriores de Colombia, dio fe, que \u00a0en \u00a0 efecto \u00a0 quien \u00a0 suscribe \u00a0el \u00a0documento \u00a0es \u00a0el \u00a0funcionario \u00a0auxiliar \u00a0de \u00a0autenticaciones del Departamento de Estado. \u00a0\u00a0<\/p>\n<p>En las anotadas condiciones, se concluye que \u00a0los \u00a0requerimientos \u00a0formales de legalizaci\u00f3n de la documentaci\u00f3n que sirve de \u00a0sustento \u00a0a \u00a0la \u00a0solicitud \u00a0de \u00a0extradici\u00f3n, exigidos por las normas del Estado \u00a0requirente \u00a0y el Estado colombiano, se surtieron plenamente en el presente caso, \u00a0y \u00a0que \u00a0desde \u00a0esta \u00a0perspectiva los documentos aportados con tal fin, se tornan \u00a0aptos \u00a0para \u00a0ser considerados\u00a0 por la Corte en el estudio que debe preceder \u00a0el concepto.\u00a0 \u00a0\u00a0<\/p>\n<p>2. Plena identidad de la persona reclamada en extradici\u00f3n. \u00a0\u00a0<\/p>\n<p>El Gobierno de los Estados Unidos inform\u00f3 en \u00a0su \u00a0petici\u00f3n \u00a0que el nombre del requerido es JAMINSON \u00a0ERAZO \u00a0BOLA\u00d1OS, ciudadano colombiano nacido el 20 de \u00a0noviembre \u00a0 de \u00a0 1970, \u00a0 identificado \u00a0 con \u00a0 la \u00a0 c\u00e9dula \u00a0de \u00a0ciudadan\u00eda \u00a0No. \u00a05.358.831, \u00a0datos \u00a0que \u00a0corresponden \u00a0con los de quien \u00a0permanece \u00a0privado \u00a0de \u00a0la \u00a0libertad \u00a0con \u00a0fines \u00a0de \u00a0extradici\u00f3n desde el 6 de \u00a0febrero \u00a0 \u00a0 \u00a0 \u00a0 \u00a0 \u00a0 \u00a0de \u00a0 \u00a0 \u00a0 \u00a0 \u00a0 \u00a0 200810. \u00a0\u00a0<\/p>\n<p>Adem\u00e1s, \u00a0 coinciden \u00a0con \u00a0los \u00a0documentos \u00a0consignados \u00a0en \u00a0el \u00a0poder \u00a0otorgado, \u00a0en \u00a0el acta de derechos del capturado, en \u00a0la\u00a0 \u00a0notificaci\u00f3n \u00a0de \u00a0la \u00a0resoluci\u00f3n de la orden de captura con fines de \u00a0extradici\u00f3n \u00a0y \u00a0en \u00a0el \u00a0informe de laboratorio sobre verificaci\u00f3n de identidad \u00a0elaborado por la Fiscal\u00eda General de la Naci\u00f3n. \u00a0\u00a0<\/p>\n<p>En \u00a0consecuencia, se satisface el segundo de \u00a0los \u00a0presupuestos \u00a0a \u00a0los que alude el art\u00edculo 502 de la Ley 906 de 2004, para \u00a0que \u00a0la \u00a0extradici\u00f3n \u00a0pueda \u00a0otorgarse. \u00a0\u00a0<\/p>\n<p>3. \u00a0 \u00a0 Principio \u00a0 \u00a0de \u00a0 \u00a0la \u00a0 \u00a0doble \u00a0incriminaci\u00f3n. \u00a0\u00a0<\/p>\n<p>Este \u00a0postulado \u00a0impone \u00a0verificar \u00a0que \u00a0los \u00a0comportamientos \u00a0delictivos \u00a0imputados \u00a0a \u00a0la \u00a0persona \u00a0reclamada \u00a0en \u00a0el \u00a0pa\u00eds \u00a0solicitante \u00a0est\u00e9n \u00a0previstos \u00a0como \u00a0delito \u00a0en Colombia, y que tengan adscrita \u00a0sanci\u00f3n \u00a0privativa \u00a0de \u00a0la \u00a0libertad \u00a0cuyo m\u00ednimo no sea inferior a cuatro (4) \u00a0a\u00f1os. Se analizar\u00e1n, por tanto, estos requerimientos.\u00a0 \u00a0\u00a0<\/p>\n<p>JAMINSON \u00a0 ERAZO \u00a0BOLA\u00d1OS, \u00a0es \u00a0solicitado en extradici\u00f3n por el Gobierno de los Estados Unidos \u00a0de \u00a0Am\u00e9rica, para que comparezca a responder en juicio por delitos federales de \u00a0narc\u00f3ticos, \u00a0seg\u00fan\u00a0 \u00a0lo \u00a0establece \u00a0el \u00a0contenido \u00a0de \u00a0la \u00a0Acusaci\u00f3n \u00a0de \u00a0extradici\u00f3n \u00a0No. 8:\u00a0 05-CR-433-T-24MSS. Los cargos formulados en su contra \u00a0son \u00a0 \u00a0 \u00a0 \u00a0del \u00a0 \u00a0 \u00a0 \u00a0siguiente \u00a0 \u00a0 \u00a0 \u00a0tenor:11 \u00a0\u00a0<\/p>\n<p>El jurado indagatorio acusa: \u00a0<\/p>\n<p>CARGO UNO \u00a0<\/p>\n<p>A \u00a0partir \u00a0de \u00a0una \u00a0fecha \u00a0desconocida, \u00a0no \u00a0despu\u00e9s \u00a0de \u00a0enero \u00a0del \u00a02003, \u00a0hasta una fecha desconocida que es por lo menos \u00a0hasta \u00a0la \u00a0fecha \u00a0de \u00a0esta \u00a0resoluci\u00f3n \u00a0de acusaci\u00f3n inclusive, en el distrito \u00a0medio de la Florida y en otros lugares los acusados, \u00a0\u00a0<\/p>\n<p>(\u2026) JAMINSON ERAZO-BOLA\u00d1OS \u00a0<\/p>\n<p>alias \u201cHANCHO\u201d (\u2026) \u00a0<\/p>\n<p>Actuaron \u00a0en \u00a0concierto \u00a0para \u00a0delinquir \u00a0a \u00a0sabiendas \u00a0y \u00a0deliberadamente \u00a0el \u00a0uno \u00a0con \u00a0el \u00a0otro \u00a0y \u00a0dem\u00e1s \u00a0personas tanto \u00a0conocidas \u00a0como \u00a0desconocidas \u00a0al Jurado Indagatorio; para fabricar y distribuir \u00a0cinco \u00a0(5) \u00a0kilogramos \u00a0o \u00a0m\u00e1s \u00a0de \u00a0una \u00a0mezcla \u00a0o sustancia que contuviera una \u00a0cantidad \u00a0de \u00a0coca\u00edna que se puede medir. La coca\u00edna es una sustancia regulada \u00a0en \u00a0la \u00a0lista \u00a0II. \u00a0Sabiendo \u00a0y \u00a0con \u00a0la intenci\u00f3n de que dicha sustancia fuera \u00a0importada \u00a0a \u00a0Estados Unidos del exterior, contrario a lo previsto en el T\u00edtulo \u00a021,l \u00a0C\u00f3digo \u00a0de \u00a0Estados Unidos,\u00a0\u00a0 Secci\u00f3n 959. Violando el T\u00edtulo \u00a021, \u00a0 \u00a0del \u00a0 \u00a0C\u00f3digo \u00a0 \u00a0de \u00a0 \u00a0Estados \u00a0 \u00a0Unidos, \u00a0 \u00a0Secciones \u00a0 \u00a0963 \u00a0 \u00a0y \u00a0 960 \u00a0(b)(1)(B)(ii). \u00a0\u00a0<\/p>\n<p>CARGO DOS \u00a0<\/p>\n<p>A \u00a0partir \u00a0de \u00a0una \u00a0fecha \u00a0desconocida, \u00a0no \u00a0despu\u00e9s \u00a0de \u00a0enero \u00a0del \u00a02003, \u00a0hasta una fecha desconocida que es por lo menos \u00a0hasta \u00a0la \u00a0fecha \u00a0de \u00a0esta \u00a0resoluci\u00f3n \u00a0de acusaci\u00f3n inclusive, en el distrito \u00a0medio \u00a0de \u00a0la \u00a0Florida \u00a0siendo \u00a0el \u00a0lugar donde entr\u00f3 la tripulaci\u00f3n a Estados \u00a0Unidos, los acusados \u00a0\u00a0<\/p>\n<p>\u00a0\u00a0 (\u2026) \u00a0JAMINSON ERAZO-BOLA\u00d1OS \u00a0\u00a0<\/p>\n<p>alias \u201cHANCHO\u201d (\u2026) \u00a0<\/p>\n<p>mientras abordo una embarcaci\u00f3n sujeta a la \u00a0jurisdicci\u00f3n \u00a0de \u00a0Estados \u00a0Unidos, \u00a0a \u00a0sabiendas y deliberadamente, combinaron, \u00a0actuaron \u00a0en \u00a0concierto \u00a0y \u00a0acordaron \u00a0el \u00a0uno \u00a0con el otro y con otras personas \u00a0conocidas \u00a0y \u00a0desconocidas \u00a0al \u00a0Jurado Indagatorio, para tener con intenci\u00f3n de \u00a0distribuir \u00a0cinco \u00a0(5) kilogramos o m\u00e1s de una mezcla o sustancia que conten\u00eda \u00a0una \u00a0cantidad \u00a0de \u00a0coca\u00edna \u00a0que \u00a0se \u00a0puede \u00a0medir. La coca\u00edna es una sustancia \u00a0regulada \u00a0de la lista II. En violaci\u00f3n del T\u00edtulo 46, Ap\u00e9ndice del C\u00f3digo de \u00a0Estados Unidos, Secciones 1903(a) y 1903(g). \u00a0\u00a0<\/p>\n<p>Todo en violaci\u00f3n del Ap\u00e9ndice del T\u00edtulo \u00a046 \u00a0del \u00a0C\u00f3digo de Estados Unidos, Secciones 1903(a), 1903(g), y 1903 (j); y el \u00a0T\u00edtulo 21, C\u00f3digo de Estados Unidos, Secci\u00f3n 960(b)(1)(B)(ii). \u00a0\u00a0<\/p>\n<p>EXTINCION DE DOMINIO \u00a0<\/p>\n<p>\u00a0 \u00a0\u00a0<\/p>\n<p>1. Lo \u00a0que \u00a0se \u00a0alega \u00a0en \u00a0los \u00a0cargos \u00a0uno y dos de la resoluci\u00f3n de \u00a0acusaci\u00f3n \u00a0se \u00a0argumenta de nuevo e incorporan por referencia con el prop\u00f3sito \u00a0de \u00a0pedir extinci\u00f3n de dominio como lo dispone el Titulo 21, C\u00f3digo de Estados \u00a0Unidos, \u00a0Secci\u00f3n \u00a0970, \u00a0T\u00edtulo \u00a021, \u00a0C\u00f3digo \u00a0de Estados Unidos, Secci\u00f3n 853, \u00a0T\u00edtulo \u00a046, \u00a0Ap\u00e9ndice del C\u00f3digo de Estados Unidos Secci\u00f3n 1904, T\u00edtulo 21, \u00a0C\u00f3digo \u00a0de \u00a0Estados \u00a0Unidos, \u00a0Secci\u00f3n 881(a), y T\u00edtulo 28, C\u00f3digo de Estados \u00a0Unidos, Secci\u00f3n 2461(c). \u00a0 \u00a0\u00a0<\/p>\n<p>\u00a0 \u00a0\u00a0<\/p>\n<p>1. Debido \u00a0 a \u00a0 su \u00a0 participaci\u00f3n \u00a0en \u00a0todas \u00a0o \u00a0cualquiera \u00a0de \u00a0las \u00a0acusaciones \u00a0que se alegan en el cargo uno, punibles con encarcelamiento de m\u00e1s \u00a0de un a\u00f1o, los acusados \u00a0 \u00a0\u00a0<\/p>\n<p>\u00a0\u00a0\u00a0\u00a0\u00a0\u00a0 \u00a0\u00a0<\/p>\n<p>\u00a0\u00a0 (\u2026) \u00a0JAMINSON ERAZO-BOLA\u00d1OS \u00a0\u00a0<\/p>\n<p>alias \u201cHANCHO\u201d (\u2026) \u00a0<\/p>\n<p>\u00a0\u00a0\u00a0\u00a0\u00a0\u00a0\u00a0\u00a0\u00a0 deben \u00a0entregarle \u00a0a\u00a0 \u00a0Estados \u00a0Unidos, \u00a0de \u00a0acuerdo con el T\u00edtulo 21, C\u00f3digo de \u00a0Estados \u00a0Unidos, Secci\u00f3n 970, incorporando lo provisto en el T\u00edtulo 21 C\u00f3digo \u00a0de \u00a0Estados \u00a0Unidos, \u00a0Secci\u00f3n \u00a0970, \u00a0incorporando lo provisto en el T\u00edtulo 21, \u00a0C\u00f3digo \u00a0de \u00a0Estados \u00a0Unidos, \u00a0Secci\u00f3n 853, todo su derecho, t\u00edtulo o inter\u00e9s \u00a0en: \u00a0\u00a0<\/p>\n<p>\u00a0 \u00a0 \u00a0<\/p>\n<p>a. Propiedades \u00a0compuestas \u00a0por \u00a0o derivadas de cualquier ganancia que \u00a0obtuvieron \u00a0los \u00a0acusados, \u00a0de \u00a0manera \u00a0directa \u00a0o \u00a0indirecta, como resultado de \u00a0dichas violaciones; y \u00a0\u00a0<\/p>\n<p>b. propiedad \u00a0usada \u00a0y \u00a0con intenci\u00f3n de usarse de cualquier manera o \u00a0en \u00a0 \u00a0parte \u00a0 \u00a0para \u00a0 \u00a0cometer \u00a0 \u00a0o \u00a0 \u00a0facilitar \u00a0 \u00a0la \u00a0 comisi\u00f3n \u00a0 de \u00a0 dichas \u00a0violaciones. \u00a0 \u00a0\u00a0<\/p>\n<p>\u00a0 \u00a0\u00a0<\/p>\n<p>1. Lo \u00a0que \u00a0se alega en el cargo dos de esta resoluci\u00f3n de acusaci\u00f3n \u00a0y \u00a0mediante \u00a0la presente se alega de nuevo por referencia y con el prop\u00f3sito de \u00a0pedir \u00a0extinci\u00f3n \u00a0de \u00a0dominio \u00a0como \u00a0disponen \u00a0las provisiones de T\u00edtulo 46 de \u00a0Ap\u00e9ndice, \u00a0 C\u00f3digo \u00a0 de \u00a0 Estados \u00a0Unidos, \u00a0Secci\u00f3n \u00a01904, \u00a0incorporando \u00a0las \u00a0provisiones \u00a0del \u00a0T\u00edtulo \u00a021, \u00a0C\u00f3digo de Estados Unidos, Secci\u00f3n 881(a); y el \u00a0T\u00edtulo 28, C\u00f3digo de Estados Unidos, Secci\u00f3n 2461(c). \u00a0 \u00a0\u00a0<\/p>\n<p>\u00a0 \u00a0\u00a0<\/p>\n<p>1. Por \u00a0su participaci\u00f3n en las violaciones que se alegan en el cargo \u00a0dos de esta resoluci\u00f3n de acusaci\u00f3n \u00a0 \u00a0\u00a0<\/p>\n<p>\u00a0\u00a0\u00a0\u00a0\u00a0\u00a0 \u00a0\u00a0<\/p>\n<p>\u00a0\u00a0 (\u2026) \u00a0JAMINSON ERAZO-BOLA\u00d1OS \u00a0\u00a0<\/p>\n<p>alias \u201cHANCHO\u201d (\u2026) \u00a0<\/p>\n<p>deben \u00a0entregarle \u00a0a \u00a0Estados \u00a0Unidos \u00a0de \u00a0Am\u00e9rica, \u00a0como \u00a0dispone \u00a0el \u00a0T\u00edtulo \u00a046 \u00a0del \u00a0Ap\u00e9ndice del C\u00f3digo de Estados \u00a0Unidos, \u00a0Secci\u00f3n \u00a01904; T\u00edtulo 21, C\u00f3digo de Estados Unidos, Secci\u00f3n 881(a), \u00a0y \u00a0el \u00a0T\u00edtulo 28, C\u00f3digo de Estados Unidos, Secci\u00f3n 2461(c), todo su derecho, \u00a0t\u00edtulo \u00a0o inter\u00e9s en toda propiedad conforme al T\u00edtulo 21, C\u00f3digo de Estados \u00a0Unidos, Secci\u00f3n 881(a)(1) hasta (11). \u00a0\u00a0<\/p>\n<p>5. \u00a0Si \u00a0cualquiera de la propiedad descrita \u00a0sujeta \u00a0a \u00a0extinci\u00f3n \u00a0de \u00a0dominio, \u00a0como resultado de cualquier acto u omisi\u00f3n \u00a0acto u omisi\u00f3n {sic} de los acusados: \u00a0\u00a0<\/p>\n<p>\u00a0\u00a0\u00a0 \u00a0 a. \u00a0 despu\u00e9s \u00a0 de \u00a0diligenciar debidamente no se puede ubicar; \u00a0\u00a0<\/p>\n<p>\u00a0\u00a0\u00a0 \u00a0b. \u00a0se \u00a0ha \u00a0pasado \u00a0o \u00a0vendido, o depositado con, un tercero; \u00a0\u00a0<\/p>\n<p>\u00a0\u00a0\u00a0 c. se ha puesto fuera del \u00a0alcance de la jurisdicci\u00f3n del juez; \u00a0\u00a0<\/p>\n<p>\u00a0\u00a0 \u00a0d. \u00a0ha disminuido bastante en \u00a0valor; o \u00a0\u00a0<\/p>\n<p>\u00a0\u00a0 \u00a0e. \u00a0se \u00a0ha \u00a0mezclado con otra \u00a0propiedad \u00a0 \u00a0 \u00a0 \u00a0 \u00a0que \u00a0 \u00a0 \u00a0 \u00a0 \u00a0no \u00a0 \u00a0 \u00a0 \u00a0 \u00a0se \u00a0 \u00a0 \u00a0 \u00a0 \u00a0puede \u00a0 \u00a0 \u00a0 \u00a0 subdividir \u00a0sin\u00a0\u00a0\u00a0\u00a0\u00a0\u00a0\u00a0\u00a0 dificultad, \u00a0\u00a0<\/p>\n<p>Estados \u00a0Unidos \u00a0de \u00a0Am\u00e9rica \u00a0debe \u00a0tener \u00a0derecho \u00a0a extinguir el dominio de propiedad substituida como dispone el T\u00edtulo \u00a021, \u00a0C\u00f3digo \u00a0de \u00a0Estados \u00a0Unidos, \u00a0Secci\u00f3n \u00a0853(p), \u00a0y como incorporado por el \u00a0T\u00edtulo \u00a0 \u00a0 \u00a0 28, \u00a0 \u00a0 \u00a0 C\u00f3digo \u00a0 \u00a0 \u00a0 de \u00a0 \u00a0 \u00a0Estados \u00a0 \u00a0 \u00a0Unidos, \u00a0 \u00a0 \u00a0Secci\u00f3n \u00a02461(c).\u00a0\u00a0\u00a0\u00a0 \u00a0\u00a0<\/p>\n<p>Las conductas atribuidas por el Tribunal del \u00a0Distrito \u00a0Medio \u00a0de \u00a0Florida, \u00a0se describen en la legislaci\u00f3n penal colombiana, \u00a0as\u00ed: \u00a0\u00a0<\/p>\n<p>\u00a0 \u00a0\u00a0<\/p>\n<p>* Las \u00a0conductas \u00a0 descritas \u00a0 en \u00a0los \u00a0cargos \u00a01 \u00a0y \u00a02 \u00a0se \u00a0encuentran \u00a0contenidas \u00a0en \u00a0el art\u00edculo 340 del C\u00f3digo \u00a0Penal \u00a0expedido \u00a0mediante \u00a0la Ley 599 de 2000 bajo la denominaci\u00f3n de concierto \u00a0para \u00a0delinquir, \u00a0modificado \u00a0por \u00a0el \u00a0art\u00edculo 8\u00ba de la Ley 733 de 2002 de la \u00a0siguiente manera: \u00a0 \u00a0\u00a0<\/p>\n<p>\u201cConcierto para \u00a0delinquir. \u00a0Cuando \u00a0varias personas se concierten con \u00a0el \u00a0fin \u00a0de \u00a0cometer \u00a0delitos, \u00a0cada \u00a0una \u00a0de \u00a0ellas \u00a0ser\u00e1 penada, por esa sola \u00a0conducta, con prisi\u00f3n de tres (3) a seis (6) a\u00f1os. \u00a0\u00a0<\/p>\n<p>\u00a0 \u00a0 \u00a0 \u00a0 \u00a0<\/p>\n<p>Cuando el concierto sea para cometer delitos \u00a0de \u00a0 genocidio, \u00a0desaparici\u00f3n \u00a0forzada \u00a0de \u00a0personas, \u00a0tortura, \u00a0desplazamiento \u00a0forzado, \u00a0homicidio, \u00a0terrorismo, \u00a0tr\u00e1fico de drogas \u00a0t\u00f3xicas, \u00a0estupefacientes o sustancias sicotr\u00f3picas, \u00a0secuestro, \u00a0 secuestro \u00a0extorsivo, \u00a0extorsi\u00f3n \u00a0enriquecimiento \u00a0il\u00edcito,\u00a0 \u00a0lavado \u00a0 de \u00a0 activos \u00a0o \u00a0testaferrato \u00a0y \u00a0conexos, \u00a0o \u00a0financiamiento \u00a0del terrorismo y administraci\u00f3n de \u00a0recursos \u00a0relacionados con actividades terroristas, la pena ser\u00e1 de prisi\u00f3n de \u00a0cuarenta \u00a0y \u00a0ocho (48) a ciento ocho (108) y multa de dos mil setecientos (2700) \u00a0hasta \u00a0 \u00a0treinta \u00a0 \u00a0mil \u00a0 \u00a0(30000) \u00a0 \u00a0salarios \u00a0 \u00a0m\u00ednimos \u00a0 legales \u00a0 mensuales \u00a0vigentes. \u00a0\u00a0<\/p>\n<p>La \u00a0pena \u00a0privativa \u00a0de \u00a0la \u00a0libertad \u00a0se \u00a0aumentar\u00e1 \u00a0en \u00a0la \u00a0mitad \u00a0para quienes organicen, fomenten, promuevan, dirijan, \u00a0encabecen, \u00a0 constituyan \u00a0 o \u00a0financien \u00a0el \u00a0concierto \u00a0o \u00a0la \u00a0asociaci\u00f3n \u00a0para \u00a0delinquir\u201d. \u00a0\u00a0<\/p>\n<p>\u00a0\u00a0 \u00a0<\/p>\n<p>De \u00a0lo \u00a0anterior \u00a0se puede extractar que los \u00a0delitos \u00a0 por \u00a0los \u00a0cuales \u00a0el \u00a0Gobierno \u00a0de \u00a0los \u00a0Estados \u00a0Unidos \u00a0requiere \u00a0la \u00a0extradici\u00f3n \u00a0de \u00a0JAMINSON ERAZO BOLA\u00d1OS est\u00e1n \u00a0contemplados \u00a0como \u00a0tipo \u00a0penal en nuestra legislaci\u00f3n, por \u00a0tanto se cumple con este presupuesto.\u00a0 \u00a0\u00a0<\/p>\n<p>\u00a0\u00a0\u00a0\u00a0\u00a0 \u00a0\u00a0<\/p>\n<p>4. Equivalencia de las decisiones \u00a0<\/p>\n<p>Este \u00a0requisito \u00a0impone \u00a0establecer \u00a0que \u00a0la \u00a0decisi\u00f3n \u00a0que \u00a0contiene \u00a0el \u00a0cargo contra la persona reclamada en extradici\u00f3n, \u00a0corresponda \u00a0en sus aspectos formal y sustancial al acto procesal conocido en la \u00a0legislaci\u00f3n \u00a0 \u00a0colombiana \u00a0 como \u00a0 resoluci\u00f3n \u00a0 de \u00a0acusaci\u00f3n \u00a0y\/o \u00a0escrito \u00a0de acusaci\u00f3n, es decir, a la \u00a0decisi\u00f3n \u00a0que sirve de introducci\u00f3n a la fase del juicio, a trav\u00e9s de la cual \u00a0el \u00a0Estado acusa a una persona determinada de violar la ley penal, discrimina el \u00a0cargo \u00a0que \u00a0le \u00a0imputa, \u00a0consigna \u00a0los \u00a0hechos \u00a0que \u00a0le \u00a0sirven \u00a0de fundamento y \u00a0determina \u00a0la \u00a0\u00e9poca y el lugar de comisi\u00f3n del il\u00edcito o il\u00edcitos, para que \u00a0el \u00a0 acusado \u00a0 tenga \u00a0 la \u00a0 posibilidad \u00a0 de \u00a0conocerlos \u00a0y \u00a0enfrentarlos.\u00a0 \u00a0\u00a0<\/p>\n<p>La acusaci\u00f3n emitida por el \u00f3rgano judicial \u00a0de \u00a0los \u00a0Estados \u00a0Unidos, contiene los requisitos formales de la formulaci\u00f3n de \u00a0acusaci\u00f3n \u00a0previstos \u00a0en \u00a0el \u00a0art\u00edculo \u00a0337 de la Ley 906 de 2004,\u00a0 pues, \u00a0consigna \u00a0las \u00a0circunstancias \u00a0de \u00a0tiempo, \u00a0modo \u00a0y \u00a0lugar en que se realiz\u00f3 la \u00a0conducta \u00a0punible, \u00a0su \u00a0descripci\u00f3n \u00a0t\u00edpica, \u00a0las pruebas en que se apoya, las \u00a0normas \u00a0sustanciales \u00a0aplicables \u00a0al \u00a0caso, \u00a0y, adem\u00e1s, tambi\u00e9n permite que se \u00a0inicie el debate al interior del juicio. \u00a0\u00a0<\/p>\n<p>La \u00a0providencia \u00a0dictada en el exterior y la \u00a0regulada \u00a0en \u00a0la \u00a0legislaci\u00f3n \u00a0nacional \u00a0son equivalentes. Por tanto, se cumple \u00a0este requisito. \u00a0\u00a0<\/p>\n<p>5. Condiciones que debe imponer el Gobierno \u00a0si autoriza la extradici\u00f3n. \u00a0\u00a0<\/p>\n<p>Ante la eventual determinaci\u00f3n positiva del \u00a0Gobierno \u00a0Nacional, \u00a0en \u00a0todo \u00a0caso respetando la \u00f3rbita de su competencia como \u00a0supremo \u00a0 director \u00a0 de \u00a0las \u00a0relaciones \u00a0internacionales, \u00a0la \u00a0Corte \u00a0considera \u00a0pertinente \u00a0 recordar \u00a0 que \u00a0debe \u00a0someter \u00a0la \u00a0extradici\u00f3n \u00a0a \u00a0los \u00a0siguientes \u00a0condicionamientos al pa\u00eds requirente: \u00a0\u00a0<\/p>\n<p>5.1. Excluir las penas de muerte, la condena \u00a0a \u00a0prisi\u00f3n \u00a0perpetua, el sometimiento a desaparici\u00f3n forzada, torturas, tratos \u00a0o \u00a0 penas \u00a0crueles, \u00a0inhumanos \u00a0o \u00a0degradantes, \u00a0la \u00a0sanci\u00f3n \u00a0de \u00a0destierro, \u00a0o \u00a0confiscaci\u00f3n \u00a0para los delitos autorizados, pues esas condenas est\u00e1n excluidas \u00a0del \u00a0ordenamiento \u00a0jur\u00eddico colombiano de conformidad con los fundamentos de la \u00a0Constituci\u00f3n Pol\u00edtica (art\u00edculos 11, 12 y 34). \u00a0\u00a0<\/p>\n<p>5.2. \u00a0Recordar \u00a0al \u00a0pa\u00eds \u00a0solicitante \u00a0la \u00a0prohibici\u00f3n \u00a0 pol\u00edtica \u00a0 de \u00a0juzgar \u00a0al \u00a0ciudadano \u00a0solicitado \u00a0por \u00a0conductas \u00a0anteriores \u00a0al \u00a017 \u00a0de \u00a0diciembre \u00a0de \u00a01.997 y diversas de las que originaron la \u00a0solicitud de extradici\u00f3n. \u00a0\u00a0<\/p>\n<p>5.3. A partir de los postulados axiol\u00f3gicos \u00a0de \u00a0la \u00a0Constituci\u00f3n \u00a0Pol\u00edtica, \u00a0el \u00a0Gobierno \u00a0Nacional \u00a0est\u00e1 \u00a0en el deber de \u00a0disponer \u00a0lo necesario para que el servicio exterior de la Rep\u00fablica realice un \u00a0detallado \u00a0 \u00a0seguimiento \u00a0 \u00a0a \u00a0 \u00a0los \u00a0 condicionamientos \u00a0 referidos12. \u00a0\u00a0<\/p>\n<p>Respecto \u00a0de \u00a0los \u00a0alegatos \u00a0que \u00a0propone la \u00a0defensa, \u00a0es \u00a0preciso aclarar que los conceptos proferidos por esta Corporaci\u00f3n \u00a0han \u00a0venido \u00a0presentando \u00a0algunos \u00a0cambios \u00a0o \u00a0modificaciones, lo que se podr\u00eda \u00a0proponer \u00a0como \u00a0una \u00a0\u201cevoluci\u00f3n\u201d\u00a0 \u00a0del concepto, a tal punto que en el \u00a0numeral \u00a05\u00ba \u00a0del asunto sub-judice se aclaran las inquietudes propuestas por el \u00a0defensor, \u00a0pues \u00a0se \u00a0recalca, \u00a0el \u00a0requerido \u00a0no podr\u00e1 ser condenado a prisi\u00f3n \u00a0perpetua, \u00a0tratos \u00a0crueles \u00a0e \u00a0inh\u00famanos \u00a0ni \u00a0dem\u00e1s \u00a0situaciones descritas con \u00a0anterioridad a este p\u00e1rrafo.\u00a0\u00a0\u00a0\u00a0\u00a0 \u00a0\u00a0<\/p>\n<p>En \u00a0cuanto \u00a0a la lesi\u00f3n que la extradici\u00f3n \u00a0puede \u00a0ocasionar \u00a0al \u00a0n\u00facleo \u00a0familiar \u00a0del \u00a0requerido \u00a0ya \u00a0que perder\u00edan toda \u00a0cercan\u00eda, \u00a0es \u00a0un \u00a0tema que no le impide a la Corte proferir concepto, pues tal \u00a0situaci\u00f3n \u00a0debe ser reclamada ante la Corte que requiere al se\u00f1or ERAZO \u00a0BOLA\u00d1OS \u00a0o ante el ejecutivo, que \u00a0es finalmente quien otorga la extradici\u00f3n. \u00a0\u00a0<\/p>\n<p>\u00a0\u00a0\u00a0\u00a0\u00a0\u00a0\u00a0\u00a0\u00a0\u00a0\u00a0\u00a0\u00a0\u00a0\u00a0\u00a0\u00a0\u00a0\u00a0\u00a0\u00a0\u00a0\u00a0\u00a0\u00a0\u00a0\u00a0\u00a0\u00a0\u00a0\u00a0\u00a0\u00a0\u00a0\u00a0\u00a0\u00a0 \u00a0CAUSALES DE IMPROCEDENCIA. \u00a0\u00a0<\/p>\n<p>El \u00a0 art\u00edculo \u00a0 35 \u00a0de \u00a0la \u00a0Constituci\u00f3n \u00a0Pol\u00edtica, \u00a0 modificado \u00a0por \u00a0el \u00a0primero \u00a0del \u00a0acto \u00a0legislativo \u00a001 \u00a0de \u00a01997, \u00a0ordena: \u00a0\u00a0<\/p>\n<p>\u201cLa \u00a0extradici\u00f3n \u00a0se \u00a0podr\u00e1 solicitar, \u00a0conceder \u00a0u \u00a0ofrecer \u00a0de acuerdo con los tratados p\u00fablicos y, en su defecto con \u00a0la ley. \u00a0\u00a0<\/p>\n<p>\u201cAdem\u00e1s, \u00a0 la \u00a0 extradici\u00f3n \u00a0de \u00a0los \u00a0colombianos \u00a0por \u00a0nacimiento se conceder\u00e1 por delitos cometidos en el exterior, \u00a0considerados como tales en la legislaci\u00f3n penal colombiana\u201d. \u00a0\u00a0<\/p>\n<p>\u201cLa \u00a0extradici\u00f3n \u00a0no \u00a0proceder\u00e1 \u00a0por \u00a0delitos pol\u00edticos\u201d. \u00a0\u00a0<\/p>\n<p>\u201cNo proceder\u00e1 la extradici\u00f3n cuando se \u00a0trate \u00a0de \u00a0hechos \u00a0cometidos \u00a0con anterioridad a la promulgaci\u00f3n de la presente \u00a0norma\u201d. \u00a0\u00a0<\/p>\n<p>De \u00a0acuerdo \u00a0con \u00a0esta \u00a0disposici\u00f3n, \u00a0son \u00a0causales \u00a0de improcedencia de la extradici\u00f3n, las siguientes, (i) que el delito \u00a0por \u00a0el cual se procede sea de naturaleza pol\u00edtica, (ii) que se trate de hechos \u00a0cometidos \u00a0con \u00a0anterioridad \u00a0al 17 de diciembre de 1997, fecha de promulgaci\u00f3n \u00a0de \u00a0la \u00a0referida \u00a0norma, \u00a0y (iii) que el delito haya sido cometido en territorio \u00a0colombiano. \u00a0\u00a0<\/p>\n<p>Ninguna de estas prohibiciones concurre en el \u00a0caso \u00a0analizado. \u00a0Los \u00a0delitos, \u00a0imputados \u00a0a JAMINSON \u00a0ERAZO \u00a0 BOLA\u00d1OS \u00a0 en \u00a0la\u00a0 \u00a0Acusaci\u00f3n, \u00a0son \u00a0de \u00a0naturaleza \u00a0com\u00fan, \u00a0no \u00a0pol\u00edtica, \u00a0y los hechos en los cuales se sustentan las \u00a0imputaciones \u00a0ocurrieron \u00a0desde \u00a0diciembre \u00a0de \u00a02002, \u00a0es \u00a0decir, despu\u00e9s de la \u00a0promulgaci\u00f3n \u00a0 \u00a0del \u00a0 \u00a0acto \u00a0 \u00a0legislativo.\u00a0\u00a0\u00a0\u00a0\u00a0\u00a0 \u00a0\u00a0<\/p>\n<p>El \u00a0lugar de comisi\u00f3n de los hechos tampoco \u00a0se \u00a0erige \u00a0en \u00a0causal \u00a0de \u00a0improcedencia. \u00a0El \u00a0estudio de la acusaci\u00f3n y de las \u00a0declaraciones \u00a0de \u00a0apoyo \u00a0permite \u00a0establecer \u00a0que el solicitado en extradici\u00f3n \u00a0hac\u00eda \u00a0parte \u00a0de \u00a0una \u00a0organizaci\u00f3n \u00a0criminal transnacional, que traficaba con \u00a0narc\u00f3ticos, \u00a0 \u00a0a \u00a0 \u00a0trav\u00e9s \u00a0 de \u00a0 una \u00a0 sofisticada \u00a0 red \u00a0 en \u00a0 los \u00a0 Estados \u00a0Unidos: \u00a0\u00a0<\/p>\n<p>\u201c9. El testigo 2 era tripulante abordo \u00a0una \u00a0 \u00a0de \u00a0 \u00a0las \u00a0 \u00a0lanchas. \u00a0 \u00a0El \u00a0 \u00a0testigo \u00a0 2 \u00a0 indic\u00f3 \u00a0 que \u00a0 Erazo-Bola\u00f1os \u00a0 arregl\u00f3 \u00a0para \u00a0que \u00a0la \u00a0tripulaci\u00f3n \u00a0del \u00a0Don Isaac desmontara la carga de coca\u00edna abordo la lancha, y \u00a0estaba presente cuando la coca\u00edna fue desmontada. \u00a0\u00a0<\/p>\n<p>10. El testigo 3 era tripulante abordo una \u00a0de \u00a0 \u00a0 las \u00a0 \u00a0 lanchas. \u00a0 \u00a0 El \u00a0 \u00a0testigo \u00a0 \u00a03 \u00a0 \u00a0indic\u00f3 \u00a0 \u00a0que \u00a0 \u00a0Erazo-Bola\u00f1os \u00a0 les \u00a0 pag\u00f3 \u00a0 a \u00a0 los \u00a0tripulantes \u00a0de \u00a0las lanchas y estaba presente cuando la coca\u00edna fue cargada de \u00a0estos barcos al Don Isaac. \u00a0\u00a0<\/p>\n<p>11. \u00a0El \u00a0testigo 4, tripulante a bordo Don \u00a0Isaac, \u00a0 confirm\u00f3 \u00a0 que \u00a0 Erazo-Bola\u00f1os \u00a0le pag\u00f3 al capit\u00e1n del Don Isaac de antemano con dinero para la \u00a0tripulaci\u00f3n. \u00a0 El \u00a0 testigo \u00a0 5, \u00a0otro \u00a0tripulante, \u00a0indic\u00f3 \u00a0que \u00a0Erazo- \u00a0Bola\u00f1os \u00a0se encontr\u00f3 con el Don \u00a0Isaac \u00a0en \u00a0alta \u00a0mar \u00a0y \u00a0supervis\u00f3 \u00a0la \u00a0carga de la coca\u00edna.\u00a0\u00a0\u00a0 \u00a0\u00a0<\/p>\n<p>12. Los integrantes de la tripulaci\u00f3n del \u00a0Don \u00a0 \u00a0Isaac \u00a0 \u00a0identificaron \u00a0 a \u00a0 (\u2026) \u00a0 Jaminson \u00a0Erazo-Bola\u00f1os, \u00a0alias \u00a0\u201cHancho\u201d \u00a0(\u2026), como las \u00a0personas \u00a0responsables por el cargamento de coca\u00edna decomisado el 21 de febrero \u00a0de \u00a02004.\u201d13 (Negrillas fuera de texto) \u00a0\u00a0<\/p>\n<p>Esta \u00a0rese\u00f1a de la actividad il\u00edcita, deja \u00a0en \u00a0 claro \u00a0 que \u00a0 los \u00a0 hechos \u00a0 por \u00a0 los \u00a0 cuales \u00a0se \u00a0acusa \u00a0a \u00a0JAMINSON \u00a0ERAZO \u00a0BOLA\u00d1OS, \u00a0trascendieron \u00a0las \u00a0fronteras \u00a0del \u00a0territorio \u00a0colombiano, \u00a0y \u00a0que \u00a0por \u00a0tanto \u00a0se \u00a0cumple \u00a0el \u00a0condicionamiento \u00a0constitucional \u00a0de \u00a0que \u00a0la conducta haya sido realizada en el \u00a0extranjero, \u00a0cualquiera \u00a0sea \u00a0la teor\u00eda que se aplique para determinar el lugar \u00a0de \u00a0 comisi\u00f3n \u00a0 del \u00a0 il\u00edcito \u00a0 (de \u00a0 la \u00a0 acci\u00f3n, \u00a0del \u00a0resultado \u00a0o \u00a0de \u00a0la \u00a0ubicuidad). \u00a0\u00a0<\/p>\n<p>Reunidas \u00a0las \u00a0exigencias \u00a0previstas \u00a0en \u00a0el \u00a0estatuto \u00a0procesal, \u00a0el \u00a0concepto de la Corte es favorable a la extradici\u00f3n del \u00a0se\u00f1or \u00a0 \u00a0JAMINSON \u00a0 \u00a0ERAZO \u00a0 \u00a0BOLA\u00d1OS, \u00a0se prevendr\u00e1 al Ejecutivo para que, si \u00a0la \u00a0otorga, \u00a0condicione \u00a0su \u00a0entrega \u00a0a \u00a0que \u00a0el \u00a0extraditado no sea juzgado por \u00a0delitos \u00a0distintos \u00a0a los que motivaron el pedido de extradici\u00f3n, ni por hechos \u00a0anteriores \u00a0al \u00a0a\u00f1o \u00a01997, \u00a0ni \u00a0sometido \u00a0a \u00a0prisi\u00f3n perpetua, pena de muerte, \u00a0tratos \u00a0 crueles, \u00a0 inhumanos \u00a0 o \u00a0 degradantes, \u00a0ni \u00a0a \u00a0penas \u00a0de \u00a0destierro \u00a0y \u00a0confiscaci\u00f3n; \u00a0y \u00a0adem\u00e1s, \u00a0para \u00a0que lleve a cabo un \u00a0seguimiento \u00a0 orientado \u00a0 a \u00a0determinar \u00a0si \u00a0el \u00a0Estado \u00a0requirente \u00a0cumple \u00a0los \u00a0condicionamientos \u00a0 a \u00a0 los \u00a0que \u00a0pueda \u00a0estar \u00a0sujetada \u00a0la \u00a0concesi\u00f3n \u00a0de \u00a0la \u00a0extradici\u00f3n, \u00a0 y \u00a0 establezca \u00a0las \u00a0consecuencias \u00a0que \u00a0se \u00a0derivar\u00edan \u00a0de \u00a0su \u00a0incumplimiento. \u00a0\u00a0<\/p>\n<p>De igual modo, lo requerir\u00e1 para que frente \u00a0a \u00a0situaciones \u00a0de \u00a0absoluci\u00f3n, \u00a0retiro \u00a0de \u00a0cargos, \u00a0sobreseimiento \u00a0o eventos \u00a0similares, \u00a0o \u00a0el cumplimiento de la pena impuesta por los cargos que motivan la \u00a0extradici\u00f3n \u00a0en \u00a0el \u00a0evento \u00a0de \u00a0ser \u00a0condenado, \u00a0garantice \u00a0la permanencia del \u00a0solicitado \u00a0en \u00a0ese \u00a0pa\u00eds \u00a0y su retorno a Colombia en condiciones de dignidad y \u00a0respeto por la persona humana. \u00a0\u00a0<\/p>\n<p>Por \u00a0otra \u00a0parte, \u00a0se \u00a0solicita \u00a0al Gobierno \u00a0Nacional \u00a0que \u00a0recomiende \u00a0al Estado peticionario que, en caso de condena, tenga \u00a0en \u00a0cuenta como parte de la pena el tiempo que el solicitado haya estado privado \u00a0de \u00a0la \u00a0libertad \u00a0con \u00a0motivo \u00a0del \u00a0tr\u00e1mite de extradici\u00f3n, o bien sea por que \u00a0est\u00e1 \u00a0purgando \u00a0una \u00a0pena \u00a0por \u00a0los mismos hechos que generaron la petici\u00f3n de \u00a0extradici\u00f3n. \u00a0\u00a0<\/p>\n<p>Por ultimo, cabe advertir que en cuanto a la \u00a0petici\u00f3n \u00a0de \u00a0los \u00a0bienes \u00a0que \u00a0formula \u00a0el \u00a0Gobierno de los Estados Unidos, en \u00a0cuanto \u00a0 \u00a0se \u00a0 refiere \u00a0 a \u00a0 \u201cla \u00a0 extinci\u00f3n \u00a0 de \u00a0dominio\u201d \u00a0con \u00a0las \u00a0disposiciones \u00a0legales del pa\u00eds \u00a0requirente, \u00a0\u201clas cuales buscan el decomiso de todos \u00a0los \u00a0bienes \u00a0que \u00a0se \u00a0hayan \u00a0derivado de ingresos obtenidos como resultado de la \u00a0comisi\u00f3n \u00a0 de \u00a0 los \u00a0 anteriores \u00a0 delitos. \u00a0Si \u00a0dichos \u00a0bienes \u00a0no \u00a0estuvieren \u00a0disponibles, \u00a0las \u00a0normas \u00a0anteriores permiten que otros bienes del acusado sean \u00a0decomisados\u201d, preciso es se\u00f1alar que dicha menci\u00f3n \u00a0no puede ser entendida en estricto sentido como un cargo. \u00a0\u00a0<\/p>\n<p>En \u00a0efecto, \u00a0como \u00a0ya \u00a0ha tenido ocasi\u00f3n de \u00a0expresarlo \u00a0 \u00a0esta \u00a0 \u00a0Corporaci\u00f3n \u00a0 \u00a0en \u00a0 \u00a0situaciones \u00a0 \u00a0similares14, \u00a0 \u00a0el \u00a0se\u00f1alamiento \u00a0de \u00a0la pena de decomiso no comporta imputaci\u00f3n alguna, sino a lo \u00a0sumo \u00a0 el \u00a0anuncio \u00a0de \u00a0la \u00a0consecuencia \u00a0patrimonial \u00a0que \u00a0la \u00a0declaratoria \u00a0de \u00a0responsabilidad \u00a0acarrea \u00a0respecto de los bienes involucrados en los delitos por \u00a0cuya \u00a0comisi\u00f3n se acusa al requerido, tema ajeno a la solicitud de extradici\u00f3n \u00a0y \u00a0que \u00a0por tanto, no se encuentra comprendido dentro de la tem\u00e1tica de la cual \u00a0debe ocuparse el concepto que corresponde emitir a la Sala. \u00a0\u00a0<\/p>\n<p>Por \u00a0lo \u00a0expuesto, \u00a0la \u00a0Corte \u00a0Suprema \u00a0de \u00a0Justicia, Sala de Casaci\u00f3n Penal: \u00a0\u00a0<\/p>\n<p>1. \u00a0CONCEPT\u00daA \u00a0FAVORABLEMENTE \u00a0la solicitud de extradici\u00f3n del ciudadano colombiano JAMINSON \u00a0ERAZO \u00a0BOLA\u00d1OS, \u00a0por \u00a0el cargo \u00a0formulado \u00a0por \u00a0el \u00a0Gobierno \u00a0de \u00a0los \u00a0Estados \u00a0Unidos de Am\u00e9rica mediante Nota \u00a0Verbal \u00a0No. \u00a00941 \u00a0del \u00a02 \u00a0de \u00a0abril \u00a0de 2008, imputados en la Acusaci\u00f3n No. 8: \u00a005-CR-433-T-24MSS, \u00a0dictada el 4 de octubre de 2005 en la Corte Distrital de los \u00a0Estados \u00a0Unidos \u00a0para \u00a0el \u00a0Distrito \u00a0Medio de Florida. \u00a0\u00a0<\/p>\n<p>Por \u00a0 \u00a0la \u00a0 Secretar\u00eda \u00a0 de \u00a0 la \u00a0 Sala \u00a0ent\u00e9rese \u00a0de esta decisi\u00f3n \u00a0a \u00a0los \u00a0interesados e intervinientes, as\u00ed como al Fiscal General de la Naci\u00f3n, \u00a0para lo de su cargo. \u00a0\u00a0<\/p>\n<p>Rem\u00edtase \u00a0el \u00a0expediente \u00a0al Ministerio del \u00a0Interior \u00a0y de Justicia, para lo que concierne en adelante al Gobierno Nacional. \u00a0\u00a0<\/p>\n<p>Comun\u00edquese y c\u00famplase. \u00a0<\/p>\n<p>SIGIFREDO ESPINOSA P\u00c9REZ \u00a0<\/p>\n<p>Comisi\u00f3n \u00a0 \u00a0de \u00a0servicio \u00a0\u00a0<\/p>\n<p>JOS\u00c9 \u00a0LEONIDAS BUSTOS \u00a0MART\u00cdNEZ \u00a0 \u00a0\u00a0 \u00a0\u00a0 \u00a0\u00a0 \u00a0\u00a0 \u00a0 \u00a0 \u00a0\u00a0 \u00a0\u00a0 \u00a0 \u00a0 \u00a0\u00a0 \u00a0\u00a0 \u00a0 \u00a0 \u00a0\u00a0 \u00a0\u00a0ALFREDO G\u00d3MEZ \u00a0QUINTERO \u00a0\u00a0<\/p>\n<p>MAR\u00cdA \u00a0DEL \u00a0ROSARIO \u00a0GONZ\u00c1LEZ \u00a0DE \u00a0LEMOS\u00a0 \u00a0 \u00a0\u00a0 \u00a0\u00a0 \u00a0\u00a0 \u00a0 \u00a0\u00a0 \u00a0\u00a0 \u00a0\u00a0 \u00a0 \u00a0\u00a0 \u00a0 \u00a0 \u00a0 \u00a0 \u00a0 \u00a0 \u00a0 \u00a0 \u00a0AUGUSTO J. IB\u00c1\u00d1EZ GUZM\u00c1N \u00a0\u00a0<\/p>\n<p>\u00a0 \u00a0\u00a0 \u00a0 \u00a0\u00a0\u00a0\u00a0\u00a0\u00a0\u00a0\u00a0\u00a0\u00a0\u00a0\u00a0\u00a0\u00a0\u00a0\u00a0\u00a0\u00a0 \u00a0\u00a0<\/p>\n<p>\u00a0\u00a0\u00a0\u00a0\u00a0\u00a0\u00a0 \u00a0JORGE \u00a0LUIS QUINTERO MILAN\u00c9S\u00a0\u00a0\u00a0\u00a0 \u00a0 \u00a0 \u00a0\u00a0 \u00a0\u00a0 \u00a0\u00a0 \u00a0\u00a0 \u00a0\u00a0 \u00a0 \u00a0\u00a0\u00a0\u00a0\u00a0\u00a0\u00a0\u00a0\u00a0\u00a0 \u00a0 \u00a0 \u00a0 \u00a0 \u00a0\u00a0 YESID \u00a0RAM\u00cdREZ BASTIDAS\u00a0 \u00a0\u00a0<\/p>\n<p>\u00a0\u00a0\u00a0\u00a0\u00a0 \u00a0 \u00a0 \u00a0 JULIO \u00a0 \u00a0 \u00a0 ENRIQUE \u00a0 \u00a0 \u00a0SOCHA \u00a0SALAMANCA\u00a0\u00a0\u00a0\u00a0\u00a0\u00a0\u00a0\u00a0\u00a0\u00a0\u00a0\u00a0\u00a0\u00a0\u00a0\u00a0\u00a0\u00a0\u00a0\u00a0\u00a0\u00a0\u00a0\u00a0\u00a0\u00a0\u00a0\u00a0\u00a0\u00a0 \u00a0JAVIER \u00a0 \u00a0 \u00a0ZAPATA \u00a0ORTIZ \u00a0\u00a0<\/p>\n<p>\u00a0\u00a0\u00a0 \u00a0 \u00a0TERESA \u00a0 \u00a0RUIZ \u00a0N\u00da\u00d1EZ \u00a0\u00a0<\/p>\n<p>\u00a0\u00a0\u00a0\u00a0 \u00a0Secretaria \u00a0\u00a0<\/p>\n<p>\u00a0 \u00a0\u00a0<\/p>\n<p>1 \u00a0Folios 4 al 6 carpeta anexa \u00a0\u00a0<\/p>\n<p>\u00a0 Traducci\u00f3n oficial folios 1 al 3. \u00a0<\/p>\n<p>2Folios \u00a0123 al 125 carpeta anexa \u00a0\u00a0<\/p>\n<p>Traducci\u00f3n oficial 119 al 122. \u00a0<\/p>\n<p>3 \u00a0Folios 10 al 13 carpeta anexa. \u00a0\u00a0<\/p>\n<p>4 \u00a0Folios 106 al 113 carpeta anexa. \u00a0\u00a0<\/p>\n<p>Traducci\u00f3n \u00a0 oficial \u00a0 folios \u00a0 60 \u00a0 al \u00a067 \u00a0\u00a0<\/p>\n<p>5 \u00a0Folios 76 al 80 carpeta anexa \u00a0\u00a0<\/p>\n<p>Traducci\u00f3n oficial folios 33 al 38 \u00a0<\/p>\n<p>6 \u00a0Folios 86 al 90 carpeta anexa. \u00a0\u00a0<\/p>\n<p>Traducci\u00f3n oficial folios 42 al 46. \u00a0<\/p>\n<p>7 Folio \u00a040 carpeta anexa. \u00a0\u00a0<\/p>\n<p>8 \u00a0Art\u00edculo 495 de la ley 906 de 2004. \u00a0\u00a0<\/p>\n<p>9 Esta \u00a0regulaci\u00f3n \u00a0legal \u00a0resulta \u00a0aplicable \u00a0al \u00a0caso \u00a0en \u00a0virtud \u00a0del \u00a0principio \u00a0de \u00a0integraci\u00f3n\u00a0\u00a0\u00a0\u00a0\u00a0\u00a0 \u00a0 normativa \u00a0 previsto \u00a0 en \u00a0el \u00a0art\u00edculo 23 del estatuto procesal penal. \u00a0\u00a0<\/p>\n<p>10 \u00a0Folio 25 Carpeta anexa. \u00a0\u00a0<\/p>\n<p>11\u00a0 Folios 42 al 46 carpeta anexa. \u00a0\u00a0<\/p>\n<p>12\u201c&#8230;es \u00a0 preciso \u00a0 advertir \u00a0 que \u00a0 como \u00a0el \u00a0instrumento \u00a0de \u00a0la \u00a0extradici\u00f3n \u00a0entre \u00a0Estados \u00a0Unidos de Am\u00e9rica y Colombia se rige, en ausencia \u00a0de \u00a0 un \u00a0instrumento \u00a0internacional \u00a0que \u00a0regule \u00a0los \u00a0motivos \u00a0de \u00a0procedencia, \u00a0requisitos, \u00a0 tr\u00e1mite \u00a0 y \u00a0 condiciones, \u00a0 por \u00a0las \u00a0normas \u00a0contenidas \u00a0en \u00a0la \u00a0Constituci\u00f3n \u00a0Pol\u00edtica \u00a0(art\u00edculo \u00a035) y en el C\u00f3digo de Procedimiento Penal \u00a0(art\u00edculos \u00a0508 \u00a0a \u00a0533 \u00a0de \u00a0la Ley 600 de 2000), cuando recae sobre ciudadanos \u00a0colombianos \u00a0por \u00a0nacimiento \u00a0-si \u00a0es \u00a0pasiva-, \u00a0es \u00a0imperioso \u00a0que \u00a0el Gobierno \u00a0Nacional \u00a0haga \u00a0las exigencias que estime convenientes en aras a que en el pa\u00eds \u00a0reclamante \u00a0se \u00a0le \u00a0reconozcan \u00a0todos \u00a0los derechos y garant\u00edas inherentes a su \u00a0calidad \u00a0de \u00a0colombiano \u00a0y \u00a0de procesado, en especial las contenidas en la Carta \u00a0Fundamental \u00a0y \u00a0en \u00a0el \u00a0denominado \u00a0bloque \u00a0de \u00a0constitucionalidad, es decir, en \u00a0aquellos \u00a0convenios \u00a0internacionales \u00a0ratificados \u00a0por \u00a0Colombia que consagran y \u00a0desarrollan \u00a0derechos \u00a0humanos \u00a0(art\u00edculo \u00a093 de la Constituci\u00f3n, Declaraci\u00f3n \u00a0Universal \u00a0de Derechos Humanos, Convenci\u00f3n Americana de Derechos Humanos, Pacto \u00a0Internacional \u00a0de \u00a0Derechos \u00a0Civiles \u00a0y \u00a0Pol\u00edticos), \u00a0en \u00a0virtud \u00a0del \u00a0deber de \u00a0protecci\u00f3n \u00a0a \u00a0esos derechos que para todas las autoridades p\u00fablicas emana del \u00a0art\u00edculo 2\u00ba ib\u00eddem. \u00a0\u00a0<\/p>\n<p>Los \u00a0condicionamientos en cuesti\u00f3n tienen \u00a0car\u00e1cter \u00a0imperioso, \u00a0porque \u00a0la \u00a0extradici\u00f3n \u00a0de \u00a0un ciudadano colombiano por \u00a0nacimiento, \u00a0cualquiera \u00a0sea \u00a0el \u00a0delito \u00a0que \u00a0dio lugar a su entrega a un pa\u00eds \u00a0extranjero, \u00a0no \u00a0implica \u00a0que \u00a0pierda su nacionalidad ni los derechos que le son \u00a0anejos \u00a0a \u00a0tal \u00a0calidad. \u00a0Por \u00a0tanto, el deber de protecci\u00f3n de las autoridades \u00a0colombianas \u00a0se \u00a0extiende \u00a0a \u00a0tal \u00a0punto, \u00a0que \u00a0han \u00a0de \u00a0vigilar que en el pa\u00eds \u00a0reclamante \u00a0se le respete los derechos y garant\u00edas tal como si fuese juzgado en \u00a0Colombia. \u00a0A lo que renuncia el Estado que accede a la entrega de un connacional \u00a0es \u00a0a \u00a0ejercer \u00a0su \u00a0soberan\u00eda \u00a0jurisdiccional, de modo que en tanto aqu\u00e9l siga \u00a0siendo \u00a0s\u00fabdito \u00a0de \u00a0Colombia, \u00a0conserva \u00a0a \u00a0su \u00a0favor todas las prerrogativas, \u00a0garant\u00edas \u00a0y \u00a0derechos \u00a0que emanan de la Constituci\u00f3n y la ley, en particular, \u00a0aquellos \u00a0que se relacionan con su calidad de procesado y que tienen que ver con \u00a0la dignidad humana\u201d. \u00a0\u00a0<\/p>\n<p>(Concepto \u00a0de \u00a0Extradici\u00f3n \u00a0 \u00a0del \u00a0 \u00a005\/09\/2006, \u00a0 \u00a0rad. \u00a0 \u00a0n\u00fam. \u00a025625) \u00a0\u00a0<\/p>\n<p>13 \u00a0Folio 36 carpeta anexa. \u00a0\u00a0<\/p>\n<p>14 \u00a0Conceptos \u00a0del 8 de junio de 2005. Rad. 23293 y del 8 de noviembre de 2005. Rad. \u00a024126, entre otros. \u00a0 \u00a0\u00a0<\/p>\n<p><\/p>\n","protected":false},"excerpt":{"rendered":"<p>\u00a0 \u00a0 Proceso No 29569 \u00a0 CORTE SUPREMA DE JUSTICIA \u00a0 SALA DE CASACI\u00d3N PENAL \u00a0 MAGISTRADO PONENTE \u00a0 AUGUSTO J. IB\u00c1\u00d1EZ GUZM\u00c1N \u00a0 Aprobado: Acta No. \u00a0 Bogot\u00e1, \u00a0D. C.,\u00a0 dos (2) de diciembre \u00a0de dos mil ocho (2008). \u00a0\u00a0 ASUNTO \u00a0 La \u00a0Corte \u00a0Suprema \u00a0de \u00a0Justicia de Colombia \u00a0emite \u00a0concepto \u00a0sobre la solicitud [&hellip;]<\/p>\n","protected":false},"author":1,"featured_media":0,"comment_status":"open","ping_status":"open","sticky":false,"template":"","format":"standard","meta":{"footnotes":""},"categories":[16],"tags":[],"class_list":["post-16670","post","type-post","status-publish","format-standard","hentry","category-16"],"_links":{"self":[{"href":"https:\/\/dmsjuridica.com\/buscador_20179478954\/salapenalcronologico20230723\/wp-json\/wp\/v2\/posts\/16670","targetHints":{"allow":["GET"]}}],"collection":[{"href":"https:\/\/dmsjuridica.com\/buscador_20179478954\/salapenalcronologico20230723\/wp-json\/wp\/v2\/posts"}],"about":[{"href":"https:\/\/dmsjuridica.com\/buscador_20179478954\/salapenalcronologico20230723\/wp-json\/wp\/v2\/types\/post"}],"author":[{"embeddable":true,"href":"https:\/\/dmsjuridica.com\/buscador_20179478954\/salapenalcronologico20230723\/wp-json\/wp\/v2\/users\/1"}],"replies":[{"embeddable":true,"href":"https:\/\/dmsjuridica.com\/buscador_20179478954\/salapenalcronologico20230723\/wp-json\/wp\/v2\/comments?post=16670"}],"version-history":[{"count":0,"href":"https:\/\/dmsjuridica.com\/buscador_20179478954\/salapenalcronologico20230723\/wp-json\/wp\/v2\/posts\/16670\/revisions"}],"wp:attachment":[{"href":"https:\/\/dmsjuridica.com\/buscador_20179478954\/salapenalcronologico20230723\/wp-json\/wp\/v2\/media?parent=16670"}],"wp:term":[{"taxonomy":"category","embeddable":true,"href":"https:\/\/dmsjuridica.com\/buscador_20179478954\/salapenalcronologico20230723\/wp-json\/wp\/v2\/categories?post=16670"},{"taxonomy":"post_tag","embeddable":true,"href":"https:\/\/dmsjuridica.com\/buscador_20179478954\/salapenalcronologico20230723\/wp-json\/wp\/v2\/tags?post=16670"}],"curies":[{"name":"wp","href":"https:\/\/api.w.org\/{rel}","templated":true}]}}