{"id":16327,"date":"2023-09-11T17:46:47","date_gmt":"2023-09-11T17:46:47","guid":{"rendered":"https:\/\/dmsjuridica.com\/buscador_20179478954\/salapenalcronologico20230723\/2023\/09\/11\/2921720-02-08\/"},"modified":"2023-09-11T17:46:47","modified_gmt":"2023-09-11T17:46:47","slug":"2921720-02-08","status":"publish","type":"post","link":"https:\/\/dmsjuridica.com\/buscador_20179478954\/salapenalcronologico20230723\/2023\/09\/11\/2921720-02-08\/","title":{"rendered":"29217(20-02-08)"},"content":{"rendered":"\n<p>\u00a0 \u00a0 Proceso No 29217 \u00a0<\/p>\n<p>CORTE SUPREMA DE JUSTICIA \u00a0<\/p>\n<p>SALA DE CASACI\u00d3N PENAL \u00a0<\/p>\n<p>\u00a0 \u00a0\u00a0 \u00a0\u00a0 \u00a0\u00a0 \u00a0\u00a0 \u00a0 \u00a0 \u00a0 \u00a0 \u00a0 \u00a0\u00a0 \u00a0Magistrado Ponente: \u00a0\u00a0<\/p>\n<p>\u00a0 \u00a0\u00a0 \u00a0\u00a0 \u00a0\u00a0 \u00a0\u00a0 \u00a0 \u00a0 \u00a0 \u00a0 \u00a0 \u00a0\u00a0 \u00a0JULIO ENRIQUE SOCHA SALAMANCA \u00a0\u00a0<\/p>\n<p>\u00a0 \u00a0\u00a0 \u00a0\u00a0 \u00a0\u00a0 \u00a0\u00a0 \u00a0 \u00a0 \u00a0 \u00a0 \u00a0 \u00a0\u00a0 \u00a0Aprobado Acta No.033 \u00a0\u00a0<\/p>\n<p>Bogot\u00e1, D. C., veinte (20) de febrero de dos \u00a0mil ocho (2008). \u00a0\u00a0<\/p>\n<p>VISTOS \u00a0<\/p>\n<p>La \u00a0Sala \u00a0resuelve \u00a0la solicitud de cambio de \u00a0radicaci\u00f3n \u00a0presentada \u00a0por \u00a0la \u00a0Fiscal \u00a0Once de Unidad de Fiscal\u00edas Delegadas \u00a0ante \u00a0la Corte Suprema de Justicia, para que sea trasladado al Distrito Judicial \u00a0de \u00a0Bogot\u00e1 \u00a0el \u00a0proceso \u00a0penal \u00a0adelantado contra \u00c1LVARO ARAUJO CASTRO por los \u00a0delitos \u00a0de \u00a0concierto \u00a0para delinquir agravado y constre\u00f1imiento al sufragante \u00a0por \u00a0los \u00a0cuales fue acusado ante el Juzgado Penal del Circuito Especializado de \u00a0Valledupar, Cesar. \u00a0\u00a0<\/p>\n<p>ANTECEDENTES \u00a0<\/p>\n<p>1. \u00a0Refiere \u00a0la \u00a0se\u00f1ora Fiscal que en de las \u00a0diligencias \u00a0adelantadas contra el doctor \u00c1LVARO ARAUJO CASTRO, el 22 de agosto \u00a0de \u00a02007, dict\u00f3 resoluci\u00f3n de acusaci\u00f3n en su contra como autor del delito de \u00a0concierto \u00a0 para \u00a0 delinquir \u00a0 agravado \u00a0y \u00a0coautor \u00a0de \u00a0los \u00a0punibles \u00a0de secuestro \u00a0extorsivo agravado y constre\u00f1imiento al sufragante. \u00a0\u00a0<\/p>\n<p>Esta \u00a0decisi\u00f3n \u00a0fue \u00a0apelada por la defensa, \u00a0motivo \u00a0por \u00a0el \u00a0cual \u00a0el \u00a0se\u00f1or \u00a0Vicefiscal General de la Naci\u00f3n la revis\u00f3 y \u00a0dispuso \u00a0decretar \u00a0la \u00a0\u201c&#8230;nulidad\u00a0 parcial del \u00a0presente \u00a0proceso, \u00a0respecto \u00a0de la imputaci\u00f3n de secuestro extorsivo agravado, \u00a0formulada \u00a0al \u00a0ex \u00a0congresista \u00c1lvaro Araujo Castro, a partir de la resoluci\u00f3n \u00a0del \u00a025 \u00a0de \u00a0mayo \u00a0de \u00a025007 \u00a0(sic), \u00a0inclusive, mediante la cual se decret\u00f3 el \u00a0cierre \u00a0de \u00a0la \u00a0investigaci\u00f3n, \u00a0lo \u00a0cual \u00a0comprende \u00a0tambi\u00e9n la resoluci\u00f3n de \u00a0acusaci\u00f3n \u00a0en \u00a0raz\u00f3n \u00a0de \u00a0este delito pero todas las pruebas practicadas en el \u00a0proceso \u00a0 mantienen \u00a0 su \u00a0 validez\u201d \u00a0 confirm\u00e1ndola en relaci\u00f3n con los dem\u00e1s cargos. \u00a0\u00a0<\/p>\n<p>2. \u00a0Igualmente, \u00a0rese\u00f1a \u00a0que \u00a0en \u00a0la aludida \u00a0decisi\u00f3n \u00a0 fueron \u00a0evaluados \u00a0elementos \u00a0probatorios \u00a0de \u00a0orden \u00a0testimonial \u00a0y \u00a0documental, \u00a0con \u00a0los \u00a0cuales \u00a0se \u00a0demuestra \u00a0la presencia, de tiempo atr\u00e1s, de \u00a0grupos \u00a0 armados \u00a0 ilegales \u00a0 conocidos \u00a0como \u00a0paramilitares \u00a0en \u00a0la \u00a0ciudad \u00a0de \u00a0Valledupar, \u00a0dedicados \u00a0a \u00a0sembrar \u00a0terror y obligar a los electores a votar por \u00a0los candidatos de sus preferencias. \u00a0\u00a0<\/p>\n<p>As\u00ed \u00a0mismo, \u00a0sostiene, todo hace parte de un \u00a0proyecto \u00a0pol\u00edtico \u00a0paramilitar \u00a0en \u00a0los \u00a0departamentos \u00a0del \u00a0Magdalena y Cesar \u00a0encauzado \u00a0a \u00a0ocupar \u00a0la administraci\u00f3n p\u00fablica por los aludidos grupos, ganar \u00a0espacios \u00a0pol\u00edticos, expandir su \u00e1rea de influencia, procurar su financiaci\u00f3n \u00a0y \u00a0tener \u00a0voceros \u00a0en \u00a0las \u00a0diferentes instancias decisorias del Estado, como en \u00a0efecto \u00a0lo \u00a0han \u00a0logrado \u00a0mediante \u00a0la \u00a0distribuci\u00f3n \u00a0de \u00a0regiones espec\u00edficas \u00a0asignadas \u00a0a \u00a0determinados \u00a0aspirantes \u00a0al \u00a0Congreso \u00a0de \u00a0la \u00a0Rep\u00fablica para el \u00a0periodo \u00a02006 \u00a0-2010, \u00a0por ejemplo, al acusado le fueron dados los municipios de \u00a0Cesar, \u00a0Tamalameque, \u00a0San \u00a0Mart\u00edn, \u00a0Gamarra, \u00a0La \u00a0Paz, \u00a0Pailitas, Gonz\u00e1lez, La \u00a0Gloria, San Alberto y Pelaya. \u00a0\u00a0<\/p>\n<p>3. \u00a0Alude \u00a0que el doctor ARAUJO CASTRO ejerce \u00a0poder \u00a0pol\u00edtico \u00a0en la ciudad de Valledupar y, justamente, la forma como obtuvo \u00a0el \u00a0respaldo \u00a0electoral \u00a0en el certamen democr\u00e1tico del a\u00f1o 2006, es el origen \u00a0de la acusaci\u00f3n. \u00a0\u00a0<\/p>\n<p>4. Tambi\u00e9n expresa que los anteriores hechos, \u00a0los \u00a0cuales \u00a0fundamentan \u00a0la \u00a0solicitud \u00a0de cambio de radicaci\u00f3n, son de amplio \u00a0conocimiento \u00a0por \u00a0la Sala, en cuanto recaud\u00f3 parte de las pruebas valoradas en \u00a0la resoluci\u00f3n de acusaci\u00f3n. \u00a0\u00a0<\/p>\n<p>5. \u00a0De este modo, luego de hacer referencia a \u00a0algunos \u00a0precedentes \u00a0jurisprudenciales, \u00a0afirma \u00a0que \u00a0se \u00a0tiene establecido que \u00a0varios \u00a0testigos \u00a0que \u00a0han \u00a0declarado \u00a0en \u00a0el proceso han sido amenazados, entre \u00a0ellos, \u00a0 Alfonso \u00a0 Palacio \u00a0 Ni\u00f1o, \u00a0Cristian \u00a0Moreno \u00a0Panezo \u00a0y \u00a0V\u00edctor \u00a0Ochoa \u00a0Daza. \u00a0\u00a0<\/p>\n<p>Aspectos \u00a0que \u00a0para \u00a0la Fiscal\u00eda constituyen \u00a0motivo \u00a0 suficiente, \u00a0 en \u00a0 los \u00a0t\u00e9rminos \u00a0del \u00a0art\u00edculo \u00a085 \u00a0del \u00a0C\u00f3digo \u00a0de \u00a0Procedimiento \u00a0Penal \u00a0de \u00a02000, \u00a0para \u00a0considerar que existen circunstancias que \u00a0eventualmente \u00a0 afectar\u00edan \u00a0 la \u00a0 imparcialidad \u00a0 o \u00a0 la \u00a0independencia \u00a0de \u00a0la \u00a0administraci\u00f3n \u00a0de \u00a0justicia \u00a0y \u00a0las \u00a0garant\u00edas \u00a0a \u00a0la \u00a0seguridad e integridad \u00a0personal de quienes intervienen en el desarrollo del juicio. \u00a0\u00a0<\/p>\n<p>CONSIDERACIONES \u00a0<\/p>\n<p>La \u00a0Sala \u00a0de \u00a0Casaci\u00f3n \u00a0Penal \u00a0de \u00a0la Corte \u00a0Suprema \u00a0 de \u00a0 Justicia, \u00a0 es \u00a0 competente \u00a0para \u00a0resolver \u00a0lo \u00a0pertinente \u00a0 en \u00a0 el \u00a0 caso \u00a0de \u00a0la \u00a0especie \u00a0\u2013numeral 8, art\u00edculo \u00a0 \u00a075 \u00a0 \u00a0de \u00a0 \u00a0la \u00a0 \u00a0Ley \u00a0 \u00a0600 \u00a0 \u00a0de \u00a0 \u00a02000-, \u00a0teniendo en cuenta\u00a0 \u00a0 que \u00a0 la \u00a0 solicitud \u00a0 de \u00a0 la \u00a0 se\u00f1ora \u00a0 Fiscal \u00a0 Once \u00a0 \u00a0de \u00a0 \u00a0la \u00a0 \u00a0Unidad \u00a0 de \u00a0 Fiscal\u00edas \u00a0Delegadas \u00a0ante \u00a0esta \u00a0Corporaci\u00f3n \u00a0pretende el cambio de radicaci\u00f3n de un \u00a0distrito \u00a0judicial \u00a0a \u00a0otro, \u00a0en \u00a0asunto \u00a0respecto del cual se tramita actualmente \u00a0la \u00a0etapa \u00a0del juicio en los \u00a0Juzgados Penales del Circuito Especializado de Valledupar, Cesar. \u00a0\u00a0<\/p>\n<p>Al \u00a0 \u00a0 respecto, \u00a0 \u00a0 necesario \u00a0 \u00a0 es \u00a0recordar, \u00a0seg\u00fan criterio \u00a0reiterado \u00a0 \u00a0de \u00a0 \u00a0la \u00a0 \u00a0Sala, \u00a0 \u00a0que \u00a0 en \u00a0estos \u00a0casos \u00a0inicialmente \u00a0se \u00a0debe \u00a0determinar \u00a0si \u00a0 \u00a0 \u00a0 concurren \u00a0 \u00a0 \u00a0los \u00a0 \u00a0 motivos \u00a0 \u00a0 para \u00a0 \u00a0 aplicar \u00a0 \u00a0 la \u00a0 \u00a0 excepcional \u00a0 \u00a0 medida \u00a0 \u00a0 y \u00a0 \u00a0si \u00a0 las \u00a0 razones \u00a0 que \u00a0 sirven \u00a0de \u00a0fundamento \u00a0a \u00a0la \u00a0solicitud \u00a0se \u00a0 \u00a0 \u00a0 \u00a0 \u00a0 \u00a0pueden \u00a0 \u00a0 \u00a0 \u00a0 \u00a0 evitar \u00a0dentro \u00a0del \u00a0 \u00a0 \u00a0 \u00a0mismo \u00a0 \u00a0 \u00a0 distrito \u00a0 \u00a0 \u00a0 judicial1 \u00a0\u00a0<\/p>\n<p>. \u00a0<\/p>\n<p>En \u00a0tal \u00a0sentido se advierte que \u00a0 el \u00a0 conocimiento \u00a0 de \u00a0 la \u00a0 fase \u00a0 del \u00a0juicio \u00a0de \u00a0los \u00a0delitos \u00a0que \u00a0alude \u00a0la \u00a0Fiscal\u00eda y \u00a0por \u00a0 \u00a0 los \u00a0 \u00a0 cuales \u00a0fue \u00a0acusado \u00a0el\u00a0 \u00a0 \u00a0 procesado, \u00a0 \u00a0corresponde \u00a0al \u00a0 Juzgado \u00a0 Penal \u00a0del \u00a0Circuito \u00a0 Especializado \u00a0 \u00a0 \u00a0de \u00a0 \u00a0 Valledupar, \u00a0lo \u00a0 \u00a0 \u00a0 \u00a0 \u00a0 \u00a0 que \u00a0 \u00a0 \u00a0 \u00a0 \u00a0 \u00a0imposibilita \u00a0 remediar \u00a0 los \u00a0 motivos \u00a0externos \u00a0que \u00a0eventualmente afectar\u00edan el proceso y \u00a0a \u00a0 quienes \u00a0 intervienen \u00a0 en \u00a0 \u00e9l \u00a0 \u2013funcionarios \u00a0judiciales, \u00a0v\u00edctimas, \u00a0testigos, \u00a0 \u00a0 \u00a0 \u00a0 \u00a0 \u00a0 \u00a0etc.\u2013, \u00a0 lo \u00a0 que \u00a0faculta \u00a0a \u00a0la \u00a0Sala \u00a0para \u00a0asumir \u00a0la determinaci\u00f3n \u00a0respectiva. \u00a0\u00a0<\/p>\n<p>El \u00a0cambio \u00a0de \u00a0radicaci\u00f3n \u00a0es \u00a0un mecanismo jur\u00eddico regulado en la \u00a0Ley \u00a0600 \u00a0de 2000, por medio del cual se establece una \u00a0excepci\u00f3n \u00a0 \u00a0a \u00a0 \u00a0la \u00a0 \u00a0cl\u00e1usula \u00a0 \u00a0general \u00a0 \u00a0de \u00a0 competencia \u00a0 determinada \u00a0por \u00a0el \u00a0factor territorial, \u00a0cuando \u00a0est\u00e9 \u00a0debidamente \u00a0probado \u00a0que en \u00a0 el \u00a0 lugar \u00a0 donde \u00a0 se \u00a0 adelanta \u00a0existen \u00a0circunstancias \u00a0que \u00a0 pueden \u00a0 afectar \u00a0 el \u00a0 orden \u00a0 p\u00fablico, \u00a0la \u00a0imparcialidad \u00a0 \u00a0o \u00a0 \u00a0la \u00a0 \u00a0independencia \u00a0 \u00a0de \u00a0 \u00a0la \u00a0 administraci\u00f3n \u00a0 de \u00a0 justicia, \u00a0las \u00a0garant\u00edas \u00a0procesales, \u00a0la \u00a0publicidad \u00a0del \u00a0juzgamiento \u00a0y \u00a0la \u00a0seguridad \u00a0o integridad personal de los sujetos procesales o de los funcionarios \u00a0judiciales, \u00a0 \u00a0 como \u00a0 \u00a0 lo \u00a0 \u00a0 se\u00f1ala \u00a0 \u00a0el \u00a0 \u00a0art\u00edculo \u00a0 \u00a085 \u00a0 \u00a0ib\u00eddem. \u00a0\u00a0<\/p>\n<p>De \u00a0modo \u00a0que la \u00a0teleolog\u00eda \u00a0de esa medida excepcional es \u00a0resguardar \u00a0el \u00a0proceso de factores \u00a0externos \u00a0que \u00a0perturben \u00a0su desarrollo, \u00a0asegurando que el fallo sea proferido \u00a0por \u00a0 un \u00a0 juez \u00a0que \u00a0est\u00e9 \u00a0en \u00a0un \u00a0medio \u00a0adecuado \u00a0y \u00a0 \u00a0ajeno \u00a0 a \u00a0 esas \u00a0circunstancias \u00a0que \u00a0afectan \u00a0la \u00a0recta, \u00a0cumplida \u00a0y \u00a0eficaz administraci\u00f3n de justicia. \u00a0\u00a0<\/p>\n<p>Los motivos que determinan la solicitud de \u00a0cambio \u00a0 \u00a0 de \u00a0 \u00a0 radicaci\u00f3n \u00a0 \u00a0deber\u00e1n \u00a0 \u00a0estar \u00a0probados, \u00a0 o \u00a0 poder \u00a0 comprobarse \u00a0objetivamente \u00a0en \u00a0las \u00a0actuaciones, \u00a0de \u00a0manera \u00a0 que \u00a0 permitan \u00a0axiol\u00f3gicamente \u00a0a quien \u00a0debe \u00a0 \u00a0 decidir \u00a0 \u00a0 el \u00a0 \u00a0 incidente, \u00a0realizar \u00a0un \u00a0 \u00a0juicio \u00a0 \u00a0en \u00a0 \u00a0orden \u00a0 \u00a0a \u00a0 \u00a0concluir \u00a0 \u00a0si \u00a0verdaderamente \u00a0 en \u00a0el \u00a0territorio \u00a0donde \u00a0se \u00a0debe adelantar el juzgamiento \u00a0y \u00a0culminar \u00a0el proceso, \u00a0existen \u00a0circunstancias\u00a0 \u00a0externas \u00a0 que \u00a0 afectan \u00a0el \u00a0desarrollo \u00a0del \u00a0proceso, \u00a0la \u00a0rectitud \u00a0de \u00a0juicio \u00a0y \u00a0la transparencia de la administraci\u00f3n de \u00a0justicia. \u00a0\u00a0<\/p>\n<p>La \u00a0Sala \u00a0en \u00a0anterior \u00a0 \u00a0 \u00a0 \u00a0 \u00a0 \u00a0 \u00a0 determinaci\u00f3n2, \u00a0 \u00a0 \u00a0 \u00a0 concluy\u00f3 \u00a0 \u00a0 \u00a0que \u00a0 \u00a0 es \u00a0hecho \u00a0notorio \u00a0el \u00a0surgimiento de grupos armados al margen \u00a0de \u00a0la \u00a0ley \u00a0calificados \u00a0con \u00a0el \u00a0adjetivo \u00a0de \u201cparamilitares\u201d que \u00a0dentro de su accionar ocuparon de \u00a0manera \u00a0 \u00a0violenta \u00a0 \u00a0vastos \u00a0 \u00a0territorios \u00a0cuya \u00a0influencia se enderez\u00f3 a \u00a0obtener \u00a0 \u00a0 \u00a0su \u00a0 \u00a0 \u00a0control \u00a0 \u00a0 pol\u00edtico \u00a0 influyendo \u00a0en \u00a0los \u00a0procesos \u00a0electorales \u00a0favoreciendo \u00a0la \u00a0votaci\u00f3n \u00a0 \u00a0de \u00a0 \u00a0determinados \u00a0 \u00a0aspirantes \u00a0a \u00a0 \u00a0los \u00a0 \u00a0concejos, \u00a0alcald\u00edas, asambleas y \u00a0congreso, \u00a0circunstancias \u00a0que, \u00a0como lo precisa la \u00a0se\u00f1ora \u00a0 Fiscal \u00a0 en \u00a0 su \u00a0 solicitud, \u00a0determinaron \u00a0la \u00a0acusaci\u00f3n \u00a0contra \u00a0\u00c1LVARO ARAUJO CASTRO. \u00a0\u00a0<\/p>\n<p>Persistiendo a\u00fan \u00a0la \u00a0posibilidad \u00a0de \u00a0que \u00a0contin\u00fae \u00a0la \u00a0 relaci\u00f3n \u00a0 entre \u00a0 esos \u00a0 grupos \u00a0alzados \u00a0en \u00a0armas \u00a0con \u00a0los \u00a0l\u00edderes \u00a0 \u00a0 \u00a0pol\u00edticos \u00a0 \u00a0 \u00a0que \u00a0 \u00a0 participaron \u00a0 \u00a0en \u00a0 \u00a0la \u00a0 \u00a0realizaci\u00f3n \u00a0 \u00a0de \u00a0 \u00a0acuerdos \u00a0irregulares, \u00a0 de \u00a0 los \u00a0cuales \u00a0 da \u00a0 cuenta \u00a0 la \u00a0 resoluci\u00f3n \u00a0 de \u00a0 acusaci\u00f3n \u00a0 proferida \u00a0 por \u00a0 la \u00a0Fiscal\u00eda, \u00a0a pesar de la \u00a0vigencia \u00a0y \u00a0aplicaci\u00f3n \u00a0de \u00a0la \u00a0Ley \u00a0975 \u00a0de \u00a02005 \u00a0y \u00a0de la privaci\u00f3n de la \u00a0libertad \u00a0 \u00a0 de \u00a0 \u00a0sus \u00a0 \u00a0integrantes, \u00a0 \u00a0 \u00a0 quienes \u00a0 \u00a0 \u00a0a\u00fan \u00a0 \u00a0 \u00a0 \u00a0 \u00a0 \u00a0cuentan con \u00a0el \u00a0apoyo de seguidores \u00a0 \u00a0con \u00a0 \u00a0capacidad \u00a0 \u00a0de \u00a0convocatoria, \u00a0 \u00a0 \u00a0lo \u00a0 \u00a0 \u00a0cual \u00a0 \u00a0 genera \u00a0un \u00a0incremento \u00a0del riesgo que \u00a0deben \u00a0asumir\u00a0 \u00a0quienes \u00a0intervienen \u00a0en \u00a0el \u00a0proceso \u00a0con incidencia en el \u00a0normal \u00a0 \u00a0 \u00a0 \u00a0 \u00a0 \u00a0 \u00a0 \u00a0desenvolvimiento, \u00a0 \u00a0 \u00a0imparcialidad, \u00a0transparencia \u00a0 \u00a0 e \u00a0independencia \u00a0 \u00a0 \u00a0de \u00a0 \u00a0 la \u00a0 \u00a0 administraci\u00f3n \u00a0de \u00a0justicia, \u00a0 que \u00a0 hace \u00a0 razonable \u00a0 el \u00a0 cambio \u00a0 de \u00a0radicaci\u00f3n solicitado. \u00a0\u00a0<\/p>\n<p>Por \u00a0las \u00a0anteriores \u00a0razones \u00a0la Sala dispondr\u00e1 la radicaci\u00f3n del \u00a0proceso \u00a0 \u00a0 adelantado \u00a0 \u00a0 contra \u00a0 \u00a0\u00c1LVARO \u00a0ARAUJO \u00a0CASTRO por \u00a0los \u00a0delitos\u00a0 \u00a0de concierto para \u00a0delinquir \u00a0 \u00a0 \u00a0 y \u00a0 \u00a0 \u00a0constre\u00f1imiento \u00a0 \u00a0 \u00a0al \u00a0sufragante \u00a0adelantado en \u00a0el \u00a0 \u00a0Juzgado \u00a0 \u00a0Penal \u00a0 \u00a0del \u00a0 \u00a0Circuito \u00a0 \u00a0Especializado \u00a0 \u00a0de \u00a0 \u00a0Valledupar,\u00a0 \u00a0 \u00a0 en \u00a0 los \u00a0 Juzgados \u00a0 Penales \u00a0 del \u00a0 Circuito \u00a0Especializados \u00a0de \u00a0Bogot\u00e1, \u00a0en \u00a0consideraci\u00f3n a que la distancia y la \u00a0cobertura \u00a0de \u00a0este \u00a0Distrito \u00a0Judicial contrarrestan \u00a0las \u00a0 \u00a0 circunstancias \u00a0 \u00a0 anormales referidas. \u00a0\u00a0<\/p>\n<p>Por lo expuesto, \u00a0la Corte Suprema de Justicia, Sala de Casaci\u00f3n Penal, \u00a0\u00a0<\/p>\n<p>RESUELVE: \u00a0<\/p>\n<p>1. \u00a0Ordenar \u00a0el \u00a0cambio \u00a0 \u00a0de \u00a0 \u00a0radicaci\u00f3n \u00a0 del \u00a0 proceso \u00a0 adelantado \u00a0 contra \u00a0 \u00c1LVARO \u00a0 \u00a0ARAUJO \u00a0 CASTRO,\u00a0 \u00a0 \u00a0 \u00a0del \u00a0 \u00a0 \u00a0Distrito \u00a0 \u00a0 Judicial \u00a0 \u00a0 de \u00a0 \u00a0 Valledupar al de Bogot\u00e1. \u00a0\u00a0<\/p>\n<p>2. Asignar \u00a0 \u00a0 \u00a0 \u00a0 \u00a0el \u00a0 \u00a0 \u00a0 \u00a0 \u00a0conocimiento \u00a0 \u00a0 \u00a0 \u00a0 \u00a0del\u00a0 \u00a0 \u00a0 \u00a0 \u00a0 \u00a0 citado \u00a0proceso \u00a0a los Juzgados Penales \u00a0del \u00a0Circuito \u00a0Especializados \u00a0de \u00a0Bogot\u00e1, efecto para el cual el Juzgado Penal \u00a0del \u00a0Circuito Especializado de Valledupar, \u00a0 hasta \u00a0ahora \u00a0 \u00a0competente, \u00a0remitir\u00e1 el expediente al reparto de los mencionados funcionarios. \u00a0\u00a0<\/p>\n<p>3. Contra esta decisi\u00f3n no procede ning\u00fan recurso. \u00a0\u00a0<\/p>\n<p>C\u00f3piese, \u00a0comun\u00edquese \u00a0y \u00a0rem\u00edtase \u00a0al \u00a0despacho judicial donde cursa el proceso respectivo. \u00a0\u00a0<\/p>\n<p>C\u00f3piese \u00a0 \u00a0 \u00a0y \u00a0 \u00a0 \u00a0c\u00famplase \u00a0\u00a0<\/p>\n<p>SIGIFREDO \u00a0ESPINOSA \u00a0P\u00c9REZ \u00a0\u00a0<\/p>\n<p>ALFREDO \u00a0 G\u00d3MEZ \u00a0 QUINTERO \u00a0 \u00a0 \u00a0 \u00a0\u00a0 \u00a0 \u00a0 \u00a0 \u00a0\u00a0 \u00a0 \u00a0 \u00a0 \u00a0 \u00a0 \u00a0 \u00a0 \u00a0\u00a0\u00a0\u00a0\u00a0\u00a0\u00a0\u00a0\u00a0\u00a0\u00a0\u00a0\u00a0 \u00a0MAR\u00cdA DEL ROSARIO GONZ\u00c1LEZ DE L. \u00a0\u00a0<\/p>\n<p>\u00a0 \u00a0 \u00a0 \u00a0 \u00a0<\/p>\n<p>AUGUSTO \u00a0J. \u00a0IB\u00c1\u00d1EZ \u00a0GUZM\u00c1N \u00a0\u00a0 \u00a0\u00a0 \u00a0\u00a0 \u00a0\u00a0 \u00a0 \u00a0\u00a0 \u00a0\u00a0 \u00a0\u00a0\u00a0\u00a0\u00a0\u00a0\u00a0 \u00a0JORGE LUIS QUINTERO MILAN\u00c9S \u00a0\u00a0<\/p>\n<p>\u00a0 \u00a0\u00a0 \u00a0\u00a0 \u00a0 \u00a0\u00a0 \u00a0\u00a0 \u00a0\u00a0 \u00a0\u00a0 \u00a0 \u00a0\u00a0 \u00a0 \u00a0 \u00a0 \u00a0 \u00a0 \u00a0 \u00a0 \u00a0 \u00a0 \u00a0 \u00a0\u00a0 \u00a0 \u00a0 \u00a0\u00a0 \u00a0\u00a0 \u00a0\u00a0 \u00a0\u00a0 \u00a0\u00a0 \u00a0\u00a0 \u00a0\u00a0 \u00a0 \u00a0\u00a0 \u00a0 \u00a0 \u00a0 \u00a0 \u00a0 \u00a0 \u00a0 \u00a0 \u00a0 \u00a0 \u00a0 \u00a0 \u00a0 \u00a0 \u00a0 \u00a0 \u00a0 \u00a0 \u00a0 \u00a0 \u00a0 \u00a0 \u00a0 \u00a0 \u00a0 \u00a0\u00a0\u00a0\u00a0\u00a0\u00a0\u00a0\u00a0\u00a0 \u00a0\u00a0<\/p>\n<p>YESID \u00a0 RAM\u00cdREZ \u00a0 BASTIDAS \u00a0\u00a0 \u00a0\u00a0 \u00a0\u00a0 \u00a0\u00a0 \u00a0 \u00a0\u00a0 \u00a0 \u00a0\u00a0 \u00a0 \u00a0\u00a0\u00a0\u00a0\u00a0\u00a0 \u00a0JULIO ENRIQUE SOCHA SALAMANCA \u00a0\u00a0<\/p>\n<p>JAVIER ZAPATA ORTIZ \u00a0<\/p>\n<p>TERESA RUIZ N\u00da\u00d1EZ \u00a0<\/p>\n<p>Secretaria \u00a0 \u00a0<\/p>\n<p>1 \u00a0Auto \u00a0 de \u00a0 4 \u00a0de \u00a0mayo \u00a01999, \u00a0rad. 15.425; auto de 7 de febrero de 2006, rad. \u00a024730, \u00a0\u00a0<\/p>\n<p>2 Auto \u00a0de 1 de agosto de 2007, rad. 27840 \u00a0 \u00a0\u00a0<\/p>\n<p><\/p>\n","protected":false},"excerpt":{"rendered":"<p>\u00a0 \u00a0 Proceso No 29217 \u00a0 CORTE SUPREMA DE JUSTICIA \u00a0 SALA DE CASACI\u00d3N PENAL \u00a0 \u00a0 \u00a0\u00a0 \u00a0\u00a0 \u00a0\u00a0 \u00a0\u00a0 \u00a0 \u00a0 \u00a0 \u00a0 \u00a0 \u00a0\u00a0 \u00a0Magistrado Ponente: \u00a0\u00a0 \u00a0 \u00a0\u00a0 \u00a0\u00a0 \u00a0\u00a0 \u00a0\u00a0 \u00a0 \u00a0 \u00a0 \u00a0 \u00a0 \u00a0\u00a0 \u00a0JULIO ENRIQUE SOCHA SALAMANCA \u00a0\u00a0 \u00a0 \u00a0\u00a0 \u00a0\u00a0 \u00a0\u00a0 \u00a0\u00a0 \u00a0 \u00a0 \u00a0 \u00a0 [&hellip;]<\/p>\n","protected":false},"author":1,"featured_media":0,"comment_status":"open","ping_status":"open","sticky":false,"template":"","format":"standard","meta":{"footnotes":""},"categories":[16],"tags":[],"class_list":["post-16327","post","type-post","status-publish","format-standard","hentry","category-16"],"_links":{"self":[{"href":"https:\/\/dmsjuridica.com\/buscador_20179478954\/salapenalcronologico20230723\/wp-json\/wp\/v2\/posts\/16327","targetHints":{"allow":["GET"]}}],"collection":[{"href":"https:\/\/dmsjuridica.com\/buscador_20179478954\/salapenalcronologico20230723\/wp-json\/wp\/v2\/posts"}],"about":[{"href":"https:\/\/dmsjuridica.com\/buscador_20179478954\/salapenalcronologico20230723\/wp-json\/wp\/v2\/types\/post"}],"author":[{"embeddable":true,"href":"https:\/\/dmsjuridica.com\/buscador_20179478954\/salapenalcronologico20230723\/wp-json\/wp\/v2\/users\/1"}],"replies":[{"embeddable":true,"href":"https:\/\/dmsjuridica.com\/buscador_20179478954\/salapenalcronologico20230723\/wp-json\/wp\/v2\/comments?post=16327"}],"version-history":[{"count":0,"href":"https:\/\/dmsjuridica.com\/buscador_20179478954\/salapenalcronologico20230723\/wp-json\/wp\/v2\/posts\/16327\/revisions"}],"wp:attachment":[{"href":"https:\/\/dmsjuridica.com\/buscador_20179478954\/salapenalcronologico20230723\/wp-json\/wp\/v2\/media?parent=16327"}],"wp:term":[{"taxonomy":"category","embeddable":true,"href":"https:\/\/dmsjuridica.com\/buscador_20179478954\/salapenalcronologico20230723\/wp-json\/wp\/v2\/categories?post=16327"},{"taxonomy":"post_tag","embeddable":true,"href":"https:\/\/dmsjuridica.com\/buscador_20179478954\/salapenalcronologico20230723\/wp-json\/wp\/v2\/tags?post=16327"}],"curies":[{"name":"wp","href":"https:\/\/api.w.org\/{rel}","templated":true}]}}