{"id":16325,"date":"2023-09-11T17:46:47","date_gmt":"2023-09-11T17:46:47","guid":{"rendered":"https:\/\/dmsjuridica.com\/buscador_20179478954\/salapenalcronologico20230723\/2023\/09\/11\/2921430-04-08\/"},"modified":"2023-09-11T17:46:47","modified_gmt":"2023-09-11T17:46:47","slug":"2921430-04-08","status":"publish","type":"post","link":"https:\/\/dmsjuridica.com\/buscador_20179478954\/salapenalcronologico20230723\/2023\/09\/11\/2921430-04-08\/","title":{"rendered":"29214(30-04-08)"},"content":{"rendered":"\n<p>\u00a0 \u00a0 Proceso No 29214 \u00a0<\/p>\n<p>CORTE SUPREMA DE JUSTICIA \u00a0<\/p>\n<p>SALA DE CASACI\u00d3N PENAL \u00a0<\/p>\n<p>\u00a0 \u00a0\u00a0 \u00a0\u00a0 \u00a0\u00a0Magistrado ponente. \u00a0\u00a0<\/p>\n<p>\u00a0 \u00a0\u00a0 \u00a0\u00a0 \u00a0\u00a0 \u00a0\u00a0 \u00a0\u00a0 \u00a0\u00a0 \u00a0\u00a0 \u00a0\u00a0 \u00a0\u00a0 \u00a0 \u00a0 \u00a0 \u00a0 \u00a0 \u00a0 \u00a0 \u00a0 \u00a0 \u00a0 \u00a0 \u00a0 \u00a0 \u00a0 \u00a0 \u00a0 \u00a0 \u00a0 \u00a0 \u00a0 \u00a0 \u00a0 \u00a0 \u00a0 \u00a0 \u00a0\u00a0\u00a0\u00a0\u00a0\u00a0\u00a0\u00a0 JAVIER \u00a0ZAPATA \u00a0ORTIZ \u00a0\u00a0<\/p>\n<p>\u00a0\u00a0\u00a0\u00a0 \u00a0 \u00a0Aprobada Acta No. 105 \u00a0\u00a0<\/p>\n<p>Bogot\u00e1 \u00a0 \u00a0 D. \u00a0 \u00a0C., \u00a0 \u00a0treinta \u00a0 \u00a0 \u00a0 \u00a0 \u00a0 (30) \u00a0 de \u00a0 abril \u00a0 de \u00a0 dos \u00a0 mil \u00a0ocho \u00a0(2008). \u00a0\u00a0<\/p>\n<p>Los \u00a0suscritos \u00a0colegiados \u00a0de \u00a0la \u00a0Sala de \u00a0Casaci\u00f3n \u00a0Penal \u00a0manifestamos conjuntamente nuestro impedimento para intervenir \u00a0en \u00a0la \u00a0presente acci\u00f3n de revisi\u00f3n, que correspondi\u00f3 por sorteo reparto \u00a0al \u00a0Despacho \u00a0del H. magistrado \u00a0Dr. JAVIER ZAPATA ORTIZ, por las siguientes razones: \u00a0\u00a0<\/p>\n<p>1. \u00a0Mediante \u00a0sentencia \u00a0del \u00a029 \u00a0de \u00a0abril \u00a0de \u00a0 \u00a02005, \u00a0el \u00a0Juzgado \u00a0Segundo \u00a0Penal \u00a0del \u00a0Circuito Especializado de Pasto, \u00a0conden\u00f3 \u00a0a \u00a0CARLOS EDUARDO \u00a0JARAMILLO \u00a0 ROMERO \u00a0 y \u00a0 a \u00a0 otras \u00a0personas, \u00a0a \u00a0la \u00a0pena \u00a0principal \u00a0de 5 a\u00f1os y \u00a06 \u00a0meses de prisi\u00f3n, y a la \u00a0accesoria \u00a0 de \u00a0inhabilitaci\u00f3n \u00a0para \u00a0el \u00a0ejercicio \u00a0de \u00a0derechos \u00a0y \u00a0funciones \u00a0p\u00fablicas \u00a0por \u00a0igual \u00a0lapso, \u00a0a \u00a0indemnizar \u00a0los \u00a0perjuicios \u00a0generados \u00a0con la \u00a0infracci\u00f3n; \u00a0y les neg\u00f3 la suspensi\u00f3n condicional de la ejecuci\u00f3n de la pena \u00a0y \u00a0 la \u00a0 prisi\u00f3n \u00a0 domiciliaria, \u00a0 al \u00a0encontrarlos \u00a0penalmente \u00a0responsables \u00a0del \u00a0delito \u00a0de \u00a0tortura en \u00a0concurso homog\u00e9neo. \u00a0\u00a0<\/p>\n<p>2. \u00a0 Recurrido \u00a0 el \u00a0 fallo \u00a0 por \u00a0 los \u00a0defensores, \u00a0el \u00a0Tribunal \u00a0Superior \u00a0 de \u00a0 Pasto, \u00a0 mediante \u00a0 sentencia \u00a0del \u00a019 \u00a0de \u00a0diciembre \u00a0de \u00a02005, \u00a0lo confirm\u00f3 integralmente. \u00a0\u00a0<\/p>\n<p>3. \u00a0 \u00a0El \u00a0 defensor \u00a0 de \u00a0 CARLOS \u00a0EDUARDO \u00a0JARAMILLO \u00a0ROMERO\u00a0 \u00a0interpuso \u00a0recurso \u00a0de \u00a0casaci\u00f3n \u00a0contra la sentencia \u00a0del \u00a0Tribunal \u00a0Superior \u00a0de \u00a0Pasto \u00a0y, finiquitado el \u00a0tr\u00e1mite \u00a0 \u00a0correspondiente, \u00a0 mediante \u00a0 sentencia \u00a0de \u00a0 28 \u00a0 de \u00a0 julio \u00a0de \u00a02006,\u00a0 \u00a0(radicaci\u00f3n \u00a025648),\u00a0 la Corte emiti\u00f3 fallo en el que \u00a0cas\u00f3 \u00a0la \u00a0sentencia \u00a0demandada, \u00a0exclusivamente \u00a0en lo atinente al quantum \u00a0 \u00a0 \u00a0 \u00a0 \u00a0 punitivo \u00a0del cual parti\u00f3 el juzgador, y \u00a0se\u00f1al\u00f3 \u00a0 la \u00a0 pena \u00a0 de \u00a0prisi\u00f3n \u00a0que \u00a0en \u00a0definitiva \u00a0le \u00a0correspond\u00eda a los \u00a0sentenciados. \u00a0\u00a0<\/p>\n<p>4. \u00a0De \u00a0manera \u00a0simult\u00e1nea, \u00a0 \u00a0 \u00a0el \u00a0 \u00a0 \u00a0condenado \u00a0 \u00a0 \u00a0JARAMILLO \u00a0ROMERO, \u00a0a \u00a0trav\u00e9s \u00a0de apoderado judicial, interpuso \u00a0ante \u00a0la \u00a0Sala \u00a0Penal \u00a0de \u00a0la \u00a0Corte, \u00a0acci\u00f3n \u00a0de tutela contra el Juzgado \u00a0 Segundo \u00a0 Penal \u00a0del \u00a0Circuito \u00a0Especializado \u00a0de \u00a0Pasto y la Sala Penal del Tribunal \u00a0Superior \u00a0del \u00a0Distrito \u00a0Judicial \u00a0de la misma ciudad, por considerar que \u00e9stos \u00a0Despachos \u00a0le desconocieron su derecho al debido proceso, asunto que fue resulto \u00a0con \u00a0 sentencia \u00a0de \u00a02 \u00a0de \u00a0mayo \u00a0de \u00a02006 \u00a0(radicado \u00a025463), \u00a0con la cual neg\u00f3 por improcedente la tutela \u00a0incoada. \u00a0\u00a0<\/p>\n<p>Dicha Sala de Casaci\u00f3n Penal fue conformada \u00a0por \u00a0magistrados \u00a0que ya no forman parte de la colegiatura por haber fenecido su \u00a0periodo constitucional, y adem\u00e1s por los suscritos. \u00a0\u00a0<\/p>\n<p>5. Posteriormente, CARLOS EDUARDO JARAMILLO \u00a0ROMERO \u00a0confiri\u00f3 \u00a0poder \u00a0especial \u00a0a \u00a0un \u00a0profesional \u00a0del Derecho, quien en su \u00a0nombre \u00a0interpuso \u00a0la \u00a0presente \u00a0acci\u00f3n de revisi\u00f3n contra el fallo, integrado \u00a0por las sentencias convergentes. \u00a0\u00a0<\/p>\n<p>6. \u00a0De \u00a0 \u00a0 \u00a0acuerdo \u00a0 \u00a0 \u00a0con \u00a0 \u00a0 \u00a0lo \u00a0 \u00a0 \u00a0estipulado \u00a0 \u00a0 por \u00a0 \u00a0el \u00a0 \u00a0numeral \u00a0 \u00a06\u00b0 \u00a0del \u00a0art\u00edculo \u00a099 del C\u00f3digo de \u00a0Procedimiento \u00a0Penal, \u00a0(Ley 600 de 2000) constituye \u00a0causal \u00a0de \u00a0impedimento \u00a0el \u00a0que \u00a0\u201cel \u00a0funcionario \u00a0haya \u00a0 \u00a0dictado \u00a0 \u00a0la \u00a0 \u00a0providencia \u00a0 cuya \u00a0 revisi\u00f3n \u00a0 se \u00a0 trata\u201d, \u00a0hip\u00f3tesis \u00a0que \u00a0se \u00a0cumple \u00a0en \u00a0este \u00a0evento, \u00a0puesto \u00a0que, la Sala de Casaci\u00f3n Penal \u00a0de \u00a0la \u00a0que \u00a0form\u00e1bamos parte profiri\u00f3 la sentencia correspondiente al recurso \u00a0extraordinario \u00a0 \u00a0 de \u00a0 \u00a0casaci\u00f3n \u00a0 \u00a0interpuesto \u00a0por \u00a0el defensor de CARLOS \u00a0EDUARDO \u00a0JARAMILLO \u00a0ROMERO; \u00a0as\u00ed \u00a0como \u00a0el fallo de \u00a0tutela \u00a0mencionado \u00a0en \u00a0precedencia, decisiones sustancialmente relacionadas con \u00a0el \u00a0tema propuesto en la demanda de revisi\u00f3n, que ahora el mismo implicado, por \u00a0medio \u00a0de \u00a0su \u00a0apoderado\u00a0 \u00a0somete \u00a0a \u00a0consideraci\u00f3n \u00a0de \u00a0la \u00a0Corporaci\u00f3n. \u00a0\u00a0<\/p>\n<p>Por \u00a0las \u00a0razones \u00a0expuestas, los \u00a0suscritos Magistrados debemos sustraernos del conocimiento de \u00a0esta \u00a0acci\u00f3n \u00a0de revisi\u00f3n, al operar la causal de impedimento invocada, por lo \u00a0que \u00a0el \u00a0asunto \u00a0pasar\u00e1 \u00a0al despacho del \u00a0 \u00a0 \u00a0H. \u00a0 \u00a0 Magistrado, \u00a0 \u00a0 \u00a0 \u00a0Dr. \u00a0 \u00a0 \u00a0 JOS\u00c9 \u00a0LEONIDAS BUSTOS MART\u00cdINEZ, \u00a0 \u00a0 \u00a0 \u00a0 \u00a0dignatario \u00a0de \u00a0la \u00a0Sala \u00a0de \u00a0Casaci\u00f3n Penal que sigue en turno, \u00a0por \u00a0orden \u00a0alfab\u00e9tico\u00a0 \u00a0respecto del ponente, \u00a0para \u00a0los \u00a0fines \u00a0indicados \u00a0en \u00a0el art\u00edculo 103 del \u00a0C\u00f3digo de Procedimiento Penal (Ley 600 de 2000). \u00a0\u00a0<\/p>\n<p>\u00a0 \u00a0\u00a0 \u00a0 \u00a0C\u00famplase \u00a0\u00a0<\/p>\n<p>SIGIFREDO \u00a0 \u00a0 \u00a0 ESPINOSA P\u00c9REZ \u00a0\u00a0<\/p>\n<p>\u00a0 \u00a0 \u00a0 \u00a0 \u00a0<\/p>\n<p>ALFREDO \u00a0 \u00a0 \u00a0 \u00a0 \u00a0 G\u00d3MEZ \u00a0QUINTERO\u00a0\u00a0\u00a0\u00a0\u00a0\u00a0\u00a0\u00a0\u00a0\u00a0\u00a0\u00a0\u00a0\u00a0\u00a0\u00a0 \u00a0JORGE \u00a0 \u00a0 LUIS \u00a0 \u00a0 QUINTERO \u00a0 \u00a0 MILAN\u00c9S \u00a0\u00a0<\/p>\n<p>YESID \u00a0 \u00a0 \u00a0 \u00a0 \u00a0 RAM\u00cdREZ \u00a0BASTIDAS\u00a0\u00a0\u00a0\u00a0\u00a0\u00a0\u00a0\u00a0\u00a0\u00a0\u00a0\u00a0\u00a0\u00a0\u00a0\u00a0 \u00a0 \u00a0 \u00a0JULIO \u00a0 \u00a0 \u00a0ENRIQUE \u00a0 \u00a0 SOCHA \u00a0SLAMANCA \u00a0\u00a0<\/p>\n<p>\u00a0\u00a0\u00a0\u00a0\u00a0\u00a0\u00a0\u00a0\u00a0 \u00a0Permiso \u00a0\u00a0<\/p>\n<p>JAVIER ZAPATA ORTIZ \u00a0<\/p>\n<p>TERESA RUIZ N\u00da\u00d1EZ \u00a0<\/p>\n<p>Secretaria \u00a0<\/p>\n<p>\u00a0 \u00a0\u00a0<\/p>\n<p><\/p>\n","protected":false},"excerpt":{"rendered":"<p>\u00a0 \u00a0 Proceso No 29214 \u00a0 CORTE SUPREMA DE JUSTICIA \u00a0 SALA DE CASACI\u00d3N PENAL \u00a0 \u00a0 \u00a0\u00a0 \u00a0\u00a0 \u00a0\u00a0Magistrado ponente. \u00a0\u00a0 \u00a0 \u00a0\u00a0 \u00a0\u00a0 \u00a0\u00a0 \u00a0\u00a0 \u00a0\u00a0 \u00a0\u00a0 \u00a0\u00a0 \u00a0\u00a0 \u00a0\u00a0 \u00a0 \u00a0 \u00a0 \u00a0 \u00a0 \u00a0 \u00a0 \u00a0 \u00a0 \u00a0 \u00a0 \u00a0 \u00a0 \u00a0 \u00a0 \u00a0 \u00a0 \u00a0 \u00a0 \u00a0 \u00a0 \u00a0 \u00a0 [&hellip;]<\/p>\n","protected":false},"author":1,"featured_media":0,"comment_status":"open","ping_status":"open","sticky":false,"template":"","format":"standard","meta":{"footnotes":""},"categories":[16],"tags":[],"class_list":["post-16325","post","type-post","status-publish","format-standard","hentry","category-16"],"_links":{"self":[{"href":"https:\/\/dmsjuridica.com\/buscador_20179478954\/salapenalcronologico20230723\/wp-json\/wp\/v2\/posts\/16325","targetHints":{"allow":["GET"]}}],"collection":[{"href":"https:\/\/dmsjuridica.com\/buscador_20179478954\/salapenalcronologico20230723\/wp-json\/wp\/v2\/posts"}],"about":[{"href":"https:\/\/dmsjuridica.com\/buscador_20179478954\/salapenalcronologico20230723\/wp-json\/wp\/v2\/types\/post"}],"author":[{"embeddable":true,"href":"https:\/\/dmsjuridica.com\/buscador_20179478954\/salapenalcronologico20230723\/wp-json\/wp\/v2\/users\/1"}],"replies":[{"embeddable":true,"href":"https:\/\/dmsjuridica.com\/buscador_20179478954\/salapenalcronologico20230723\/wp-json\/wp\/v2\/comments?post=16325"}],"version-history":[{"count":0,"href":"https:\/\/dmsjuridica.com\/buscador_20179478954\/salapenalcronologico20230723\/wp-json\/wp\/v2\/posts\/16325\/revisions"}],"wp:attachment":[{"href":"https:\/\/dmsjuridica.com\/buscador_20179478954\/salapenalcronologico20230723\/wp-json\/wp\/v2\/media?parent=16325"}],"wp:term":[{"taxonomy":"category","embeddable":true,"href":"https:\/\/dmsjuridica.com\/buscador_20179478954\/salapenalcronologico20230723\/wp-json\/wp\/v2\/categories?post=16325"},{"taxonomy":"post_tag","embeddable":true,"href":"https:\/\/dmsjuridica.com\/buscador_20179478954\/salapenalcronologico20230723\/wp-json\/wp\/v2\/tags?post=16325"}],"curies":[{"name":"wp","href":"https:\/\/api.w.org\/{rel}","templated":true}]}}