{"id":16313,"date":"2023-09-11T17:46:46","date_gmt":"2023-09-11T17:46:46","guid":{"rendered":"https:\/\/dmsjuridica.com\/buscador_20179478954\/salapenalcronologico20230723\/2023\/09\/11\/2919913-02-08\/"},"modified":"2023-09-11T17:46:46","modified_gmt":"2023-09-11T17:46:46","slug":"2919913-02-08","status":"publish","type":"post","link":"https:\/\/dmsjuridica.com\/buscador_20179478954\/salapenalcronologico20230723\/2023\/09\/11\/2919913-02-08\/","title":{"rendered":"29199(13-02-08)"},"content":{"rendered":"\n<p>\u00a0 \u00a0 Proceso No 29199 \u00a0<\/p>\n<p>CORTE SUPREMA DE JUSTICIA \u00a0<\/p>\n<p>SALA DE CASACI\u00d3N PENAL \u00a0<\/p>\n<p>Magistrado \u00a0Ponente \u00a0\u00a0<\/p>\n<p>Dr. \u00a0SIGIFREDO ESPINOSA \u00a0P\u00c9REZ \u00a0\u00a0<\/p>\n<p>\u00a0\u00a0\u00a0\u00a0\u00a0\u00a0\u00a0\u00a0\u00a0\u00a0\u00a0\u00a0\u00a0\u00a0\u00a0\u00a0\u00a0\u00a0\u00a0\u00a0\u00a0\u00a0\u00a0\u00a0\u00a0\u00a0\u00a0\u00a0\u00a0\u00a0\u00a0\u00a0\u00a0\u00a0\u00a0\u00a0\u00a0 \u00a0Aprobado Acta No. 28 \u00a0\u00a0<\/p>\n<p>\u00a0 \u00a0\u00a0 \u00a0\u00a0 \u00a0\u00a0Bogot\u00e1 D. C., trece de \u00a0febrero de dos mil ocho. \u00a0\u00a0<\/p>\n<p>V \u00a0 \u00a0I \u00a0 \u00a0S \u00a0 T \u00a0 O \u00a0S \u00a0\u00a0<\/p>\n<p>Resuelve la Corte la colisi\u00f3n de competencia \u00a0suscitada \u00a0entre los Juzgados Penal del Circuito Especializado de Barranquilla y \u00a0Cuarto \u00a0Penal \u00a0del \u00a0Circuito \u00a0Especializado \u00a0de \u00a0Bogot\u00e1, \u00a0quienes se declararon \u00a0incompetentes \u00a0 para \u00a0 conocer \u00a0 del \u00a0control \u00a0de \u00a0legalidad \u00a0de \u00a0la \u00a0medida \u00a0de \u00a0aseguramiento \u00a0proferida \u00a0en \u00a0contra \u00a0de \u00a0los \u00a0procesados \u00a0JAVIER ORLANDO MENCO, \u00a0VICTOR \u00a0HUGO \u00a0ACOSTA \u00a0MERCADO, \u00a0MANUEL \u00a0GUILLERMO \u00a0PARRA \u00a0MORENO, \u00a0ROGER AUGUSTO \u00a0PADILLA \u00a0PATERNINA, \u00a0ALBERTO \u00a0DIAZ \u00a0CASTILLO, \u00a0OLAF \u00a0ENRIQUE CAMPO BARRIOS, OMAR \u00a0ALFONSO \u00a0 MANJARES \u00a0CASTILLO, \u00a0CARLOS \u00a0GUTIERREZ \u00a0COTES, \u00a0ANTONIO \u00a0LUIS \u00a0GUZM\u00c1N \u00a0CHAMARRA, \u00a0JOHNNY \u00a0ANTONIO \u00a0SEP\u00daLVEDA \u00a0AGUIRRE, \u00a0FRANKLIN \u00a0ARIEL GONZALEZ LUNA, \u00a0ENRIQUE \u00a0SANTIAGO \u00a0ROJAS, \u00a0ROBINSON \u00a0ANTONIO \u00a0BARON \u00a0PEREZ, \u00a0VICTOR \u00a0MANUEL CRUZ \u00a0MART\u00cdN, \u00a0OSCAR \u00a0GUSTAVO \u00a0BALDOVINO, \u00a0CARLOS \u00a0ALBERTO \u00a0MARTINEZ PACHECO, ERNESTO \u00a0CARLOS \u00a0OLIVEROS \u00a0PUENTES, \u00a0GEOVANY \u00a0JOSE CAMPO CARVAJAL, JOHAN DE JESUS BENITEZ \u00a0ESCORCIA, \u00a0MARIO ALBERTO PEREZ ESCORCIA, RONALD DE JES\u00daS NAVARRO MOLINA y PEDRO \u00a0V\u00c9LEZ BARRAZA.\u00a0 \u00a0\u00a0<\/p>\n<p>ANTECEDENTES \u00a0<\/p>\n<p>\u00a0 \u00a0\u00a0 \u00a0\u00a0 \u00a0\u00a01. \u00a0El 11 de marzo de 2006, en el conjunto residencial Villa Canaria \u00a0de \u00a0la \u00a0ciudad de Santa Marta, las autoridades capturaron a Edgar Ignacio Fierro \u00a0Fl\u00f3rez, \u00a0 alias \u00a0 \u201cAntonio\u201d, \u00a0 desmovilizado \u00a0 del \u00a0 Bloque \u00a0Norte \u00a0de \u00a0las \u00a0autodefensas\u201d, \u00a0en \u00a0cuyo \u00a0poder \u00a0se \u00a0hall\u00f3 \u00a0material \u00a0inform\u00e1tico \u00a0del \u00a0cual \u00a0expertos \u00a0del \u00a0C.T.I. \u00a0de la Fiscal\u00eda extrajeron informaci\u00f3n que dio cuenta de \u00a0v\u00ednculos \u00a0 \u201c\u2026entre \u00a0 servidores \u00a0 p\u00fablicos \u00a0del \u00a0departamento \u00a0del Atl\u00e1ntico, Magdalena y Sucre con las denominadas autodefensas \u00a0Unidas \u00a0de \u00a0Colombia, \u00a0bajo \u00a0el \u00a0mando de Rodrigo Tovar Pupo, alias \u2018Jorge \u00a0 \u00a0 \u00a0 \u00a0 \u00a0 40\u2019\u201d, \u00a0hechos \u00a0que \u00a0se \u00a0hicieron constar en el informe 299588 del 10 de agosto de 2006, que dio \u00a0pie a la investigaci\u00f3n radicada bajo el No. 1890 de la Fiscal\u00eda. \u00a0\u00a0<\/p>\n<p>\u00a0 \u00a0\u00a0 \u00a0\u00a0 \u00a0\u00a0Mediante \u00a0resoluci\u00f3n \u00a0No. 03352 del 5 de octubre de 2006, el Fiscal \u00a0General \u00a0de \u00a0la \u00a0Naci\u00f3n \u00a0dispuso \u00a0la \u00a0designaci\u00f3n \u00a0de un Fiscal Delegado de la \u00a0Unidad \u00a0Nacional \u00a0de \u00a0Derechos Humanos y Derechos Internacional Humanitario, con \u00a0sede \u00a0en \u00a0Bogot\u00e1, \u00a0para \u00a0investigar \u00a0los \u00a0\u201cv\u00ednculos \u00a0entre \u00a0servidores \u00a0p\u00fablicos \u00a0del departamento del Atl\u00e1ntico, Magdalena y Sucre \u00a0con \u00a0 \u00a0las \u00a0 \u00a0denominadas \u00a0 \u00a0Autodefensas \u00a0 \u00a0Unidas \u00a0 \u00a0de \u00a0 Colombia\u201d, \u00a0 teniendo \u00a0 en \u00a0cuenta \u00a0que \u00a0dentro \u00a0de \u00a0la \u00a0actuaci\u00f3n \u00a01890, \u00a0\u201c\u2026han surgido elementos probatorios que determinan \u00a0tal \u00a0situaci\u00f3n\u201d, \u00a0siendo as\u00ed como en desarrollo de \u00a0tal \u00a0designaci\u00f3n, \u00a0un \u00a0fiscal \u00a0de \u00a0esa unidad dispuso, en resoluci\u00f3n del 17 de \u00a0octubre siguiente, la apertura de indagaci\u00f3n preliminar. \u00a0\u00a0<\/p>\n<p>\u00a0 \u00a0\u00a0 \u00a0\u00a0 \u00a0\u00a0Las \u00a0pesquisas \u00a0ordenadas, \u00a0entre \u00a0ellas, \u00a0inspecci\u00f3n judicial a la \u00a0investigaci\u00f3n \u00a0radicada \u00a0bajo \u00a0el No. 1890, dieron lugar al informe de polic\u00eda \u00a0judicial \u00a0No. \u00a0202 \u00a0del \u00a028 \u00a0de \u00a0agosto \u00a0de \u00a02002, \u00a0suscrito \u00a0en \u00a0la \u00a0ciudad \u00a0de \u00a0Barranquilla, \u00a0con \u00a0base \u00a0en \u00a0el \u00a0cual \u00a0la Unidad Nacional de Derechos Humanos y \u00a0Derechos \u00a0Internacional \u00a0Humanitario \u00a0de la Fiscal\u00eda, dict\u00f3 la resoluci\u00f3n del \u00a029 \u00a0de \u00a0los \u00a0mismos, emitida tambi\u00e9n en la ciudad de Barranquilla, a trav\u00e9s de \u00a0la \u00a0cual \u00a0se \u00a0dio \u00a0apertura formal al proceso penal, disponi\u00e9ndose, entre otras \u00a0diligencias, \u00a0la \u00a0captura de 99 personas, bajo la sindicaci\u00f3n de estar incursas \u00a0en \u00a0el \u00a0delito \u00a0de \u00a0concierto \u00a0para delinquir agravado, seg\u00fan el art\u00edculo 340, \u00a0inciso 2\u00ba, del C\u00f3digo Penal.\u00a0\u00a0\u00a0\u00a0 \u00a0\u00a0<\/p>\n<p>\u00a0 \u00a0\u00a0 \u00a0\u00a0 \u00a0\u00a02. \u00a0La \u00a0mayor\u00eda \u00a0de \u00a0las \u00a0capturas, \u00a0con \u00a0algunas \u00a0excepciones, \u00a0se \u00a0ejecutaron \u00a0en \u00a0la \u00a0ciudad \u00a0de \u00a0Barranquilla, \u00a0donde \u00a0adem\u00e1s, \u00a0con \u00a0las \u00a0mismas \u00a0salvedades, \u00a0se \u00a0emitieron \u00a0las \u00a0resoluciones \u00a0de \u00a0detenci\u00f3n preventiva, seg\u00fan \u00a0consta \u00a0en \u00a0los \u00a0cuadernos \u00a06 \u00a0(fls. \u00a06 \u00a0ss.), \u00a07 \u00a0(fls. \u00a077 \u00a0ss.) \u00a0y 8 (fls. 75 \u00a0ss.). \u00a0\u00a0<\/p>\n<p>\u00a0 \u00a0 \u00a0 \u00a0 \u00a0<\/p>\n<p>3. \u00a0Contra \u00a0la \u00a0medida de aseguramiento, los \u00a0defensores \u00a0de \u00a0los procesados JAVIER ORLANDO MENCO, VICTOR HUGO ACOSTA MERCADO, \u00a0MANUEL \u00a0GUILLERMO \u00a0PARRA \u00a0MORENO, \u00a0ROGER AUGUSTO PADILLA PATERNINA, ALBERTO DIAZ \u00a0CASTILLO, \u00a0OLAF \u00a0ENRIQUE \u00a0CAMPO \u00a0BARRIOS, OMAR ALFONSO MANJARES CASTILLO, CARLOS \u00a0GUTIERREZ \u00a0COTES, \u00a0ANTONIO \u00a0LUIS \u00a0GUZM\u00c1N \u00a0CHAMARRA, \u00a0JOHNNY \u00a0ANTONIO SEP\u00daLVEDA \u00a0AGUIRRE, \u00a0FRANKLIN ARIEL GONZALEZ LUNA, ENRIQUE SANTIAGO ROJAS, ROBINSON ANTONIO \u00a0BARON \u00a0PEREZ, \u00a0VICTOR \u00a0MANUEL \u00a0CRUZ \u00a0MART\u00cdN, \u00a0OSCAR \u00a0GUSTAVO \u00a0BALDOVINO, CARLOS \u00a0ALBERTO \u00a0MARTINEZ \u00a0PACHECO, \u00a0ERNESTO CARLOS OLIVEROS PUENTES, GEOVANY JOSE CAMPO \u00a0CARVAJAL, \u00a0JOHAN DE JESUS BENITEZ ESCORCIA, MARIO ALBERTO PEREZ ESCORCIA, RONALD \u00a0DE \u00a0JES\u00daS \u00a0NAVARRO \u00a0MOLINA \u00a0y \u00a0PEDRO \u00a0V\u00c9LEZ BARRAZA, presentaron peticiones de \u00a0control de legalidad. \u00a0\u00a0<\/p>\n<p>\u00a0 \u00a0\u00a0 \u00a0\u00a0 \u00a0\u00a03. \u00a0Mediante \u00a0resoluci\u00f3n \u00a0del \u00a014 \u00a0de \u00a0diciembre de 2007, el Fiscal \u00a0instructor \u00a0 orden\u00f3 \u00a0la \u00a0remisi\u00f3n \u00a0de \u00a0la \u00a0copia \u00a0del \u00a0expediente \u00a0al \u00a0Juzgado \u00a0Especializado \u00a0de Barranquilla, despacho que en auto del 27 siguiente se abstuvo \u00a0de \u00a0 conocer \u00a0de \u00a0los \u00a0controles \u00a0de \u00a0legalidad \u00a0propuestos \u00a0por \u00a0los \u00a0distintos \u00a0defensores, \u00a0al \u00a0estimar \u00a0que \u00a0el \u00a0competente para decidir la controversia es el \u00a0juez \u00a0 penal \u00a0 del \u00a0 circuito \u00a0 especializado \u00a0 de \u00a0Bogot\u00e1, \u00a0toda \u00a0vez \u00a0que \u00a0la \u00a0investigaci\u00f3n, \u00a0desde \u00a0sus \u00a0albores, \u00a0da cuenta de que los hechos ocurrieron en \u00a0varios \u00a0sitios \u00a0de \u00a0la \u00a0geograf\u00eda \u00a0nacional, \u00a0entre ellos, los departamentos de \u00a0Sucre, \u00a0Atl\u00e1ntico, \u00a0Magdalena y Bol\u00edvar, sitios en los cuales personal civil y \u00a0funcionarios \u00a0 p\u00fablicos \u00a0 de \u00a0 diferentes \u00a0 niveles, \u00a0 coordinaban \u00a0actividades \u00a0delictivas \u00a0de \u00a0distinta \u00a0naturaleza \u00a0delincuencial, \u00a0manteniendo \u00a0v\u00ednculos con \u00a0integrantes de las autodefensas. \u00a0\u00a0<\/p>\n<p>\u00a0 \u00a0\u00a0 \u00a0\u00a0 \u00a0\u00a0Esa \u00a0 situaci\u00f3n, \u00a0agreg\u00f3, \u00a0lleva \u00a0a \u00a0acudir \u00a0a \u00a0la \u00a0figura \u00a0de \u00a0la \u00a0competencia \u00a0a \u00a0prevenci\u00f3n, \u00a0y por esa v\u00eda el juez competente para conocer del \u00a0asunto \u00a0es \u00a0el \u00a0especializado \u00a0de la ciudad de Bogot\u00e1, toda vez que fue en este \u00a0lugar \u00a0donde \u00a0primero se tuvo noticia de la actividad criminal y donde se avoc\u00f3 \u00a0el \u00a0 conocimiento \u00a0de \u00a0la \u00a0investigaci\u00f3n \u00a0preliminar \u00a0y \u00a0se \u00a0lleva \u00a0a \u00a0cabo \u00a0la \u00a0investigaci\u00f3n. \u00a0\u00a0<\/p>\n<p>\u00a0 \u00a0\u00a0 \u00a0\u00a0 \u00a0\u00a0\u00a0 \u00a0En \u00a0consecuencia, \u00a0dispuso \u00a0la \u00a0remisi\u00f3n \u00a0de las copias del \u00a0expediente \u00a0al \u00a0reparto \u00a0de \u00a0los Juzgados Penales del Circuito Especializados de \u00a0Bogot\u00e1, proponiendo de una vez colisi\u00f3n negativa de competencia. \u00a0\u00a0<\/p>\n<p>4. \u00a0El \u00a0Juzgado \u00a0Cuarto \u00a0Penal \u00a0del Circuito \u00a0Especializado \u00a0de \u00a0esa \u00a0ciudad, a quien fue repartido el asunto, en auto del 1\u00ba \u00a0de \u00a0febrero \u00a0del a\u00f1o en curso, tambi\u00e9n declina su competencia, con base en las \u00a0siguientes razones: \u00a0\u00a0<\/p>\n<p>Es cierto e irrebatible que los hechos a los \u00a0cuales \u00a0se \u00a0contrae \u00a0la \u00a0investigaci\u00f3n, tienen que ver con la existencia de una \u00a0estructura \u00a0criminal \u00a0emergente, \u00a0reducto \u00a0del desmovilizado bloque norte de las \u00a0Autodefensas \u00a0Unidas \u00a0de Colombia, al mando de Rodrigo Tovar Pupo (a. Jorge 40), \u00a0cuyo \u00a0surgimiento \u00a0se \u00a0dio en la costa norte del pa\u00eds y ni siquiera en peque\u00f1a \u00a0medida en los l\u00edmites del distrito judicial de Bogot\u00e1. \u00a0\u00a0<\/p>\n<p>Y \u00a0aunque \u00a0la \u00a0Unidad \u00a0Nacional \u00a0de Derechos \u00a0Humanos \u00a0y \u00a0Derecho \u00a0Internacional \u00a0Humanitario \u00a0de \u00a0la \u00a0Fiscal\u00eda General de la \u00a0Naci\u00f3n, \u00a0tiene \u00a0su \u00a0sede \u00a0en \u00a0la \u00a0ciudad \u00a0de \u00a0Bogot\u00e1, \u00a0ello no deja de ser una \u00a0situaci\u00f3n \u00a0puramente administrativa, ajeno al tema de la competencia en materia \u00a0judicial, \u00a0y, \u00a0por \u00a0tanto, \u00a0ello no puede significar que los asuntos penales que \u00a0ellos \u00a0tramitan, \u00a0sean \u00a0todos \u00a0de \u00a0competencia de los jueces de Bogot\u00e1, aspecto \u00a0sobre \u00a0el \u00a0cual \u00a0ya se ha pronunciado esta Corte, por ejemplo, en el auto del 30 \u00a0de noviembre de 2006, dentro del radicado No. 26.482. \u00a0\u00a0<\/p>\n<p>Destaca \u00a0que \u00a0los \u00a0hechos aqu\u00ed investigados \u00a0sucedieron \u00a0en \u00a0los departamentos del Atl\u00e1ntico, Bol\u00edvar y Sucre, con \u00e9nfasis \u00a0en \u00a0 el \u00a0primero. \u00a0Adem\u00e1s, \u00a0el \u00a0consolidado \u00a0investigativo, \u00a0materialmente, \u00a0se \u00a0present\u00f3 \u00a0en Barranquilla, \u201cdonde ese saber difuso y \u00a0et\u00e9reo \u00a0 \u00a0tom\u00f3 \u00a0 \u00a0forma \u00a0 \u00a0de \u00a0 \u00a0delito, \u00a0 \u00a0y \u00a0 \u00a0emergieron \u00a0 \u00a0los \u00a0 \u00a0posibles \u00a0responsables\u201d, \u00a0 seg\u00fan \u00a0 el \u00a0informe \u00a0de \u00a0polic\u00eda \u00a0judicial \u00a0del \u00a028 \u00a0de agosto de 2006, y donde la Fiscal\u00eda avoc\u00f3 formalmente la \u00a0investigaci\u00f3n, \u00a0emitiendo \u00a0la \u00a0resoluci\u00f3n \u00a0de apertura, y pocas horas despu\u00e9s \u00a0sucedieron las primeras capturas. \u00a0\u00a0<\/p>\n<p>Adem\u00e1s, el derecho a ser juzgado por el juez \u00a0del \u00a0lugar \u00a0del hecho, o por lo menos el m\u00e1s pr\u00f3ximo, dinamiza las garant\u00edas, \u00a0de \u00a0una \u00a0parte, \u00a0de \u00a0los \u00a0acusados, \u00a0de \u00a0acceso \u00a0a la justicia, contradicci\u00f3n y \u00a0defensa, \u00a0y \u00a0de otra, de las v\u00edctimas, que tendr\u00e1n posibilidad real de acceder \u00a0a \u00a0los \u00a0organismos de justicia en pos del derecho colectivo a saber lo ocurrido, \u00a0a \u00a0la \u00a0justicia \u00a0propiamente, \u00a0a \u00a0obtener \u00a0reparaci\u00f3n \u00a0y \u00a0a \u00a0la garant\u00eda de no \u00a0repetici\u00f3n, \u00a0derechos \u00a0que \u00a0en \u00a0uno \u00a0y \u00a0otro \u00a0caso \u00a0se ver\u00edan disminuidos si a \u00a0trav\u00e9s \u00a0de \u00a0razones \u00a0inadecuadas \u00a0e \u00a0insuficientes, \u00a0como \u00a0es el simple esquema \u00a0organizacional \u00a0de \u00a0la \u00a0Fiscal\u00eda, \u00a0se saca el debate de su centro de inter\u00e9s y \u00a0atracci\u00f3n, \u00a0pues \u00a0a \u00a0todos \u00a0significa \u00a0mayor \u00a0esfuerzo, \u00a0de seguro para algunos \u00a0inalcanzable, \u00a0trasladarse \u00a0peri\u00f3dicamente \u00a0de \u00a0la \u00a0Costa Atl\u00e1ntica a Bogot\u00e1, \u00a0carga \u00a0que \u00a0s\u00f3lo \u00a0se \u00a0justifica \u00a0por \u00a0las \u00a0razones especiales consagradas en el \u00a0art\u00edculo \u00a085 \u00a0de \u00a0la \u00a0Ley \u00a0600 de 2000, y que no pueden imponerse al momento de \u00a0verificar \u00a0 \u00a0 \u00a0 \u00a0 \u00a0 \u00a0 las \u00a0 \u00a0 \u00a0 \u00a0 \u00a0 \u00a0 reglas \u00a0 \u00a0 \u00a0 \u00a0 \u00a0 \u00a0 b\u00e1sicas \u00a0 \u00a0 \u00a0 \u00a0 \u00a0 \u00a0 de \u00a0competencia.\u00a0\u00a0\u00a0\u00a0\u00a0\u00a0 \u00a0\u00a0<\/p>\n<p>En \u00a0consecuencia, \u00a0admiti\u00f3 \u00a0la \u00a0colisi\u00f3n \u00a0negativa \u00a0de competencia propuesta por su hom\u00f3logo de Barranquilla, disponiendo \u00a0el \u00a0env\u00edo \u00a0de \u00a0las \u00a0diligencias \u00a0a \u00a0esta \u00a0Corporaci\u00f3n \u00a0para \u00a0que \u00a0se dirima el \u00a0punto. \u00a0\u00a0<\/p>\n<p>CONSIDERACIONES DE LA CORTE \u00a0<\/p>\n<p>\u00a0 \u00a0\u00a0 \u00a0\u00a0 \u00a0\u00a0Como \u00a0el \u00a0presente \u00a0conflicto se suscit\u00f3 entre juzgados penales del \u00a0circuito \u00a0especializados \u00a0pertenecientes \u00a0a \u00a0diferentes distritos judiciales, es \u00a0la\u00a0 \u00a0Sala \u00a0de \u00a0Casaci\u00f3n \u00a0Penal \u00a0de la Corte Suprema de Justicia la llamada \u00a0a\u00a0 \u00a0dirimirlo, \u00a0conforme \u00a0lo consagran los art\u00edculos 75, numeral 4\u00b0, y 18 \u00a0transitorio, \u00a0inciso \u00a02\u00b0, \u00a0del \u00a0C\u00f3digo \u00a0de \u00a0Procedimiento \u00a0Penal \u00a0(Ley \u00a0600 de \u00a02000). \u00a0\u00a0<\/p>\n<p>De \u00a0conformidad \u00a0con \u00a0el \u00a0art\u00edculo \u00a0392 del \u00a0C\u00f3digo \u00a0 de \u00a0Procedimiento \u00a0Penal, \u00a0\u201cla \u00a0medida \u00a0de \u00a0aseguramiento \u00a0y \u00a0las decisiones que afecten la propiedad, posesi\u00f3n, tenencia o \u00a0custodia \u00a0de \u00a0bienes muebles o inmuebles, proferidas por la Fiscal\u00eda General de \u00a0la \u00a0Naci\u00f3n \u00a0o \u00a0su delegado podr\u00e1n ser revisadas en legalidad formal y material \u00a0por el correspondiente juez de conocimiento\u2026\u201d. \u00a0\u00a0<\/p>\n<p>\u00a0 \u00a0\u00a0 \u00a0\u00a0 \u00a0\u00a0Analizadas \u00a0las \u00a0razones \u00a0que \u00a0esgrimen \u00a0cada \u00a0uno \u00a0de los despachos \u00a0colisionantes, \u00a0la \u00a0Sala \u00a0concede \u00a0raz\u00f3n \u00a0al \u00a0Juez \u00a0Cuarto \u00a0Penal \u00a0del Circuito \u00a0Especializado \u00a0de \u00a0Bogot\u00e1, \u00a0pues \u00a0los \u00a0datos \u00a0que arroja el proceso ciertamente \u00a0llevan \u00a0a \u00a0se\u00f1alar que el juez competente para resolver el control de legalidad \u00a0solicitado \u00a0por \u00a0los defensores de varios de los procesados, es el Especializado \u00a0de Barranquilla.\u00a0 \u00a0\u00a0<\/p>\n<p>Si \u00a0bien \u00a0es \u00a0cierto \u00a0que \u00a0el concierto para \u00a0delinquir \u00a0de \u00a0que \u00a0trata el proceso abarc\u00f3 varios departamentos del territorio \u00a0nacional, \u00a0y \u00a0que \u00a0la \u00a0investigaci\u00f3n \u00a0de \u00a0tales \u00a0hechos \u00a0se sigue por la Unidad \u00a0Nacional \u00a0de \u00a0Fiscal\u00edas de Derechos Humanos y Derecho Internacional Humanitario \u00a0con \u00a0sede \u00a0en \u00a0Bogot\u00e1, \u00a0no \u00a0puede desconocerse que la citada Unidad Nacional de \u00a0Fiscal\u00edas \u00a0tiene \u00a0competencia \u00a0en cualquier parte del pa\u00eds, motivo por el cual \u00a0la \u00a0ubicaci\u00f3n de su sede en la ciudad de Bogot\u00e1 \u201cno \u00a0puede \u00a0marcar \u00a0la \u00a0pauta \u00a0para \u00a0fijar \u00a0la \u00a0competencia \u00a0de \u00a0los \u00a0procesos en las \u00a0investigaciones \u00a0de \u00a0que conoce, pues sobre esa l\u00f3gica la mayor\u00eda de los casos \u00a0ir\u00edan \u00a0a \u00a0parar \u00a0a \u00a0los \u00a0jueces \u00a0especializados \u00a0de \u00a0su \u00a0sede\u2026\u201d1. \u00a0\u00a0<\/p>\n<p>Trat\u00e1ndose de la competencia a prevenci\u00f3n, \u00a0ha \u00a0 \u00a0se\u00f1alado \u00a0 \u00a0la \u00a0 \u00a0Sala, \u00a0 \u00a0debe \u00a0 entenderse \u00a0 por \u00a0 el \u00a0 \u201cterritorio \u00a0 \u00a0en \u00a0 \u00a0el \u00a0 cual \u00a0 se \u00a0 haya \u00a0 formulado \u00a0 primero \u00a0 la \u00a0denuncia\u201d, \u00a0no solamente el lugar en el cual se haya \u00a0ejecutado \u00a0el \u00a0acto \u00a0material \u00a0de \u00a0radicaci\u00f3n de la denuncia penal, sino que en \u00a0casos \u00a0de \u00a0averiguaciones \u00a0o indagaciones oficiosas, el lugar donde \u00e9stas hayan \u00a0comenzado2, \u00a0situaci\u00f3n \u00a0que \u00a0lleva a colegir que en este evento el competente \u00a0para \u00a0conocer \u00a0del \u00a0presente \u00a0asunto \u00a0es \u00a0el \u00a0Juzgado \u00a0\u00danico Penal del Circuito \u00a0Especializado de Barranquilla. \u00a0\u00a0<\/p>\n<p>En \u00a0 efecto, \u00a0 como \u00a0lo \u00a0esgrime \u00a0el \u00a0Juez \u00a0Especializado \u00a0de Bogot\u00e1, fue en la ciudad de Barranquilla donde\u00a0 se\u00a0 \u00a0iniciaron\u00a0 \u00a0por\u00a0 \u00a0parte\u00a0 \u00a0de\u00a0 la\u00a0 Polic\u00eda Judicial las \u00a0pesquisas \u00a0que dieron lugar al informe No. 202 del 28 de agosto de 2006 (fls. 10 \u00a0y \u00a0ss. \u00a0cuaderno \u00a0No. \u00a03), \u00a0que \u00a0sirvi\u00f3 \u00a0de \u00a0base para la apertura formal de la \u00a0investigaci\u00f3n \u00a0penal, \u00a0cuya \u00a0resoluci\u00f3n \u00a0se dict\u00f3 en esa ciudad (fls. 170 ss. \u00a0ib\u00eddem), y donde se dieron las primeras capturas ordenadas. \u00a0\u00a0<\/p>\n<p>En esas condiciones, por ser Barranquilla el \u00a0lugar \u00a0donde \u00a0se \u00a0originaron las pesquisas encaminadas al desmantelamiento de la \u00a0organizaci\u00f3n \u00a0criminal \u00a0de \u00a0que \u00a0da cuenta el expediente, la Corte asignar\u00e1 al \u00a0Juzgado \u00a0\u00danico \u00a0Penal \u00a0del \u00a0Circuito Especializado de la mencionada ciudad para \u00a0que \u00a0conozca \u00a0del \u00a0control de legalidad de la medida de aseguramiento solicitado \u00a0por los citados procesados. \u00a0\u00a0<\/p>\n<p>\u00a0 \u00a0\u00a0 \u00a0\u00a0 \u00a0\u00a0 \u00a0En \u00a0m\u00e9rito \u00a0de lo expuesto, LA CORTE SUPREMA DE JUSTICIA, SALA DE \u00a0CASACION PENAL, \u00a0\u00a0<\/p>\n<p>RESUELVE \u00a0<\/p>\n<p>\u00a0 \u00a0\u00a0 \u00a0\u00a0 \u00a0\u00a0DIRIMIR \u00a0la \u00a0presente \u00a0colisi\u00f3n negativa de competencia atribuyendo \u00a0el \u00a0conocimiento \u00a0del \u00a0presente \u00a0asunto \u00a0al \u00a0Juzgado \u00a0\u00danico \u00a0Penal del Circuito \u00a0Especializado de Barranquilla. \u00a0\u00a0<\/p>\n<p>\u00a0 \u00a0\u00a0 \u00a0\u00a0 \u00a0\u00a0DISPONER \u00a0la \u00a0inmediata \u00a0remisi\u00f3n \u00a0de las diligencias al Juzgado en \u00a0quien \u00a0se \u00a0radica \u00a0la \u00a0competencia, \u00a0dando aviso de lo aqu\u00ed decidido al Juzgado \u00a0Cuarto Penal del Circuito Especializado de Bogot\u00e1. \u00a0\u00a0<\/p>\n<p>\u00a0 \u00a0 \u00a0 \u00a0 \u00a0<\/p>\n<p>\u00a0 \u00a0\u00a0 \u00a0\u00a0 \u00a0\u00a0Contra esta decisi\u00f3n no procede recurso alguno. \u00a0\u00a0<\/p>\n<p>C\u00f3piese, \u00a0 \u00a0 \u00a0notif\u00edquese \u00a0 \u00a0 \u00a0y \u00a0c\u00famplase. \u00a0\u00a0<\/p>\n<p>SIGIFREDO ESPINOSA P\u00c9REZ \u00a0<\/p>\n<p>ALFREDO \u00a0 \u00a0 \u00a0 \u00a0 \u00a0 G\u00d3MEZ \u00a0QUINTERO\u00a0\u00a0\u00a0\u00a0 \u00a0 \u00a0 MAR\u00cdA \u00a0 \u00a0DEL \u00a0 \u00a0ROSARIO \u00a0 \u00a0GONZ\u00c1LEZ \u00a0 \u00a0DE \u00a0LEMOS \u00a0\u00a0<\/p>\n<p>AUGUSTO \u00a0 \u00a0 \u00a0 \u00a0J. \u00a0 \u00a0 \u00a0 IBA\u00d1EZ \u00a0GUZM\u00c1N\u00a0\u00a0\u00a0\u00a0\u00a0\u00a0\u00a0\u00a0\u00a0\u00a0\u00a0\u00a0\u00a0\u00a0\u00a0\u00a0\u00a0\u00a0\u00a0\u00a0 \u00a0JORGE LUIS QUINTERO MILAN\u00c9S \u00a0\u00a0<\/p>\n<p>YESID \u00a0 \u00a0 \u00a0 \u00a0 \u00a0 RAM\u00cdREZ \u00a0BASTIDAS\u00a0\u00a0\u00a0\u00a0\u00a0\u00a0\u00a0\u00a0\u00a0\u00a0\u00a0\u00a0\u00a0\u00a0\u00a0\u00a0\u00a0\u00a0 \u00a0JULIO ENRIQUE SOCHA SALAMANCA \u00a0\u00a0<\/p>\n<p>Permiso \u00a0<\/p>\n<p>JAVIER DE JES\u00daS ZAPATA ORTIZ \u00a0<\/p>\n<p>TERESA RUIZ N\u00da\u00d1EZ \u00a0<\/p>\n<p>Secretaria \u00a0 \u00a0<\/p>\n<p>1 \u00a0Ver \u00a0 colisi\u00f3n \u00a0 26482 \u00a0 del \u00a030 \u00a0de \u00a0noviembre \u00a0de \u00a02006. \u00a0\u00a0<\/p>\n<p>2 \u00a0Auto \u00a0de colisi\u00f3n de competencias del 20 de junio de \u00a02007 \u00a0 \u00a0\u00a0<\/p>\n<p><\/p>\n","protected":false},"excerpt":{"rendered":"<p>\u00a0 \u00a0 Proceso No 29199 \u00a0 CORTE SUPREMA DE JUSTICIA \u00a0 SALA DE CASACI\u00d3N PENAL \u00a0 Magistrado \u00a0Ponente \u00a0\u00a0 Dr. \u00a0SIGIFREDO ESPINOSA \u00a0P\u00c9REZ \u00a0\u00a0 \u00a0\u00a0\u00a0\u00a0\u00a0\u00a0\u00a0\u00a0\u00a0\u00a0\u00a0\u00a0\u00a0\u00a0\u00a0\u00a0\u00a0\u00a0\u00a0\u00a0\u00a0\u00a0\u00a0\u00a0\u00a0\u00a0\u00a0\u00a0\u00a0\u00a0\u00a0\u00a0\u00a0\u00a0\u00a0\u00a0\u00a0 \u00a0Aprobado Acta No. 28 \u00a0\u00a0 \u00a0 \u00a0\u00a0 \u00a0\u00a0 \u00a0\u00a0Bogot\u00e1 D. C., trece de \u00a0febrero de dos mil ocho. \u00a0\u00a0 V \u00a0 \u00a0I \u00a0 \u00a0S \u00a0 T \u00a0 O \u00a0S \u00a0\u00a0 [&hellip;]<\/p>\n","protected":false},"author":1,"featured_media":0,"comment_status":"open","ping_status":"open","sticky":false,"template":"","format":"standard","meta":{"footnotes":""},"categories":[16],"tags":[],"class_list":["post-16313","post","type-post","status-publish","format-standard","hentry","category-16"],"_links":{"self":[{"href":"https:\/\/dmsjuridica.com\/buscador_20179478954\/salapenalcronologico20230723\/wp-json\/wp\/v2\/posts\/16313","targetHints":{"allow":["GET"]}}],"collection":[{"href":"https:\/\/dmsjuridica.com\/buscador_20179478954\/salapenalcronologico20230723\/wp-json\/wp\/v2\/posts"}],"about":[{"href":"https:\/\/dmsjuridica.com\/buscador_20179478954\/salapenalcronologico20230723\/wp-json\/wp\/v2\/types\/post"}],"author":[{"embeddable":true,"href":"https:\/\/dmsjuridica.com\/buscador_20179478954\/salapenalcronologico20230723\/wp-json\/wp\/v2\/users\/1"}],"replies":[{"embeddable":true,"href":"https:\/\/dmsjuridica.com\/buscador_20179478954\/salapenalcronologico20230723\/wp-json\/wp\/v2\/comments?post=16313"}],"version-history":[{"count":0,"href":"https:\/\/dmsjuridica.com\/buscador_20179478954\/salapenalcronologico20230723\/wp-json\/wp\/v2\/posts\/16313\/revisions"}],"wp:attachment":[{"href":"https:\/\/dmsjuridica.com\/buscador_20179478954\/salapenalcronologico20230723\/wp-json\/wp\/v2\/media?parent=16313"}],"wp:term":[{"taxonomy":"category","embeddable":true,"href":"https:\/\/dmsjuridica.com\/buscador_20179478954\/salapenalcronologico20230723\/wp-json\/wp\/v2\/categories?post=16313"},{"taxonomy":"post_tag","embeddable":true,"href":"https:\/\/dmsjuridica.com\/buscador_20179478954\/salapenalcronologico20230723\/wp-json\/wp\/v2\/tags?post=16313"}],"curies":[{"name":"wp","href":"https:\/\/api.w.org\/{rel}","templated":true}]}}