{"id":16154,"date":"2023-09-11T17:46:38","date_gmt":"2023-09-11T17:46:38","guid":{"rendered":"https:\/\/dmsjuridica.com\/buscador_20179478954\/salapenalcronologico20230723\/2023\/09\/11\/2904202-07-08\/"},"modified":"2023-09-11T17:46:38","modified_gmt":"2023-09-11T17:46:38","slug":"2904202-07-08","status":"publish","type":"post","link":"https:\/\/dmsjuridica.com\/buscador_20179478954\/salapenalcronologico20230723\/2023\/09\/11\/2904202-07-08\/","title":{"rendered":"29042(02-07-08)"},"content":{"rendered":"\n<p>\u00a0 \u00a0 \u00a0\u00a0<\/p>\n<p>CORTE SUPREMA DE JUSTICIA \u00a0<\/p>\n<p>SALA \u00a0 DE \u00a0 CASACI\u00d3N \u00a0PENAL \u00a0\u00a0<\/p>\n<p>\u00a0 \u00a0\u00a0 \u00a0\u00a0 \u00a0\u00a0 \u00a0\u00a0 \u00a0 \u00a0 \u00a0 \u00a0 \u00a0 \u00a0\u00a0 \u00a0\u00a0 \u00a0 \u00a0 \u00a0 \u00a0\u00a0\u00a0\u00a0\u00a0\u00a0\u00a0\u00a0\u00a0\u00a0\u00a0\u00a0 \u00a0Magistrado Ponente: \u00a0\u00a0<\/p>\n<p>\u00a0\u00a0\u00a0\u00a0\u00a0\u00a0\u00a0\u00a0\u00a0\u00a0\u00a0\u00a0\u00a0\u00a0\u00a0\u00a0\u00a0\u00a0\u00a0\u00a0\u00a0\u00a0\u00a0\u00a0\u00a0\u00a0\u00a0\u00a0\u00a0\u00a0\u00a0\u00a0\u00a0\u00a0\u00a0\u00a0\u00a0\u00a0\u00a0\u00a0\u00a0\u00a0\u00a0\u00a0\u00a0\u00a0\u00a0 \u00a0Dr. ALFREDO G\u00d3MEZ QUINTERO \u00a0\u00a0<\/p>\n<p>\u00a0 \u00a0\u00a0 \u00a0\u00a0 \u00a0\u00a0 \u00a0\u00a0 \u00a0 \u00a0 \u00a0 \u00a0 \u00a0 \u00a0\u00a0 \u00a0\u00a0 \u00a0 \u00a0 \u00a0 \u00a0\u00a0\u00a0\u00a0\u00a0\u00a0\u00a0\u00a0\u00a0\u00a0\u00a0\u00a0 \u00a0Aprobado Acta No. 175 \u00a0\u00a0<\/p>\n<p>Bogot\u00e1, \u00a0D.C., \u00a0dos \u00a0(2) de julio de dos mil \u00a0ocho (2008) \u00a0\u00a0<\/p>\n<p>VISTOS: \u00a0<\/p>\n<p>Se \u00a0pronuncia \u00a0la Sala sobre la solicitud de \u00a0pruebas \u00a0formulada \u00a0por \u00a0la defensora de Nelson Jaimes \u00a0Quintero, \u00a0 ciudadano \u00a0 colombiano \u00a0 requerido \u00a0 en \u00a0extradici\u00f3n por el Gobierno de los Estados Unidos de Am\u00e9rica. \u00a0\u00a0<\/p>\n<p>ANTECEDENTES Y CONSIDERACIONES: \u00a0<\/p>\n<p>1. \u00a0A \u00a0trav\u00e9s de \u00a0Nota \u00a0Verbal \u00a0No. \u00a03362 \u00a0del \u00a029 \u00a0de octubre de 2007, el Gobierno de los Estados \u00a0Unidos \u00a0de \u00a0Am\u00e9rica, \u00a0a \u00a0trav\u00e9s \u00a0de su embajada en nuestro pa\u00eds, solicit\u00f3 la \u00a0detenci\u00f3n \u00a0provisional \u00a0con \u00a0fines \u00a0de \u00a0extradici\u00f3n \u00a0del \u00a0ciudadano colombiano \u00a0Nelson \u00a0Jaimes \u00a0Quintero, \u00a0requerido \u00a0para \u00a0comparecer \u00a0a \u00a0juicio \u00a0por delitos federales de toma de rehenes \u00a0(secuestro) \u00a0-concierto \u00a0para \u00a0cometer \u00a0este \u00a0delito y ayuda y facilitaci\u00f3n del \u00a0mismo-, \u00a0y \u00a0mediante \u00a0Nota \u00a0Verbal \u00a0No. \u00a00086 del 11 de enero del a\u00f1o en curso, \u00a0formaliz\u00f3 \u00a0 \u00a0el \u00a0 \u00a0pedido \u00a0 de \u00a0 extradici\u00f3n \u00a0 allegando \u00a0 la \u00a0 documentaci\u00f3n \u00a0correspondiente, traducida y legalizada. \u00a0\u00a0<\/p>\n<p>2. \u00a0Remitidas las \u00a0diligencias \u00a0 a \u00a0esta \u00a0Corporaci\u00f3n, \u00a0bajo \u00a0la \u00a0advertencia \u00a0del \u00a0Ministerio \u00a0de \u00a0Relaciones \u00a0Exteriores, \u00a0de \u00a0conformidad \u00a0con la cual \u201cpor no existir Convenio \u00a0aplicable \u00a0al \u00a0caso \u00a0es \u00a0procedente \u00a0obrar \u00a0de \u00a0conformidad \u00a0con el ordenamiento \u00a0procesal \u00a0penal \u00a0colombiano\u201d \u00a0y una vez el requerido design\u00f3 defensora que lo \u00a0asistiera, \u00a0 se \u00a0 corri\u00f3 \u00a0 traslado \u00a0 con miras a la petici\u00f3n de pruebas. \u00a0\u00a0<\/p>\n<p>3. Dentro de dicho \u00a0per\u00edodo, \u00a0 \u00a0 \u00a0 la \u00a0apoderada \u00a0de Nelson \u00a0Jaimes \u00a0Quintero eleva solicitud \u00a0sobre \u00a0 la \u00a0 pr\u00e1ctica \u00a0 y \u00a0aceptaci\u00f3n \u00a0de \u00a0diversos \u00a0elementos de convicci\u00f3n, as\u00ed: \u00a0\u00a0<\/p>\n<p>a. \u00a0Solicita \u00a0se \u00a0oficie \u00a0a la Registradur\u00eda Nacional del Estado Civil, con miras a determinar si \u00a0a \u00a0quien \u00a0se \u00a0menciona \u00a0como Jos\u00e9 Yesid Ceballos, v\u00edctima de los delitos a que \u00a0alude \u00a0la \u00a0autoridad \u00a0extranjera, \u00a0es \u00a0ciudadano \u00a0colombiano \u00a0y \u00a0en \u00a0este \u00a0mismo \u00a0orden: \u00a0 b. \u00a0se oficie a la Embajada de los Estados \u00a0Unidos \u00a0 a \u00a0 fin \u00a0 de \u00a0 que \u00a0 informe \u00a0 los \u00a0 datos \u00a0 relacionados \u00a0con \u00a0aquella \u00a0persona. \u00a0\u00a0<\/p>\n<p>Asegura \u00a0ser \u00a0necesario \u00a0el \u00a0acopio \u00a0de \u00a0los \u00a0elementos \u00a0mencionados, \u00a0sobre \u00a0la \u00a0base \u00a0de \u00a0establecer el inter\u00e9s de Colombia \u00a0para \u00a0ejercer \u00a0su \u00a0jurisdicci\u00f3n \u00a0penal \u00a0\u2013Convenci\u00f3n sobre Toma de Rehenes-, y \u00a0verificar \u00a0el \u00a0cumplimiento \u00a0de \u00a0lo \u00a0dispuesto \u00a0por el art. 490 de la Ley 906 de \u00a02004 \u00a0 \u00a0y \u00a0 la \u00a0 aplicaci\u00f3n \u00a0 del \u00a0 principio \u00a0 de \u00a0territorialidad. \u00a0\u00a0<\/p>\n<p>c. Se oficie a la \u00a0Fiscal\u00eda \u00a0con miras a saber si contra el requerido se adelanta por los hechos a \u00a0que \u00a0aluden \u00a0las \u00a0autoridades \u00a0extranjeras \u00a0proceso \u00a0alguno \u00a0en \u00a0nuestro \u00a0pa\u00eds, \u00a0cuya glosa dice fundarse en \u00a0la \u00a0necesidad \u00a0de \u00a0verificar \u00a0el cumplimiento del principio universal non bis in \u00a0idem. \u00a0\u00a0<\/p>\n<p>d. \u00a0Se \u00a0oficie al \u00a0Juzgado \u00a03 \u00a0de \u00a0Ejecuci\u00f3n \u00a0de Penas y Medidas de Seguridad de Pereira, a fin de \u00a0que \u00a0remita \u00a0copia del fallo que por el delito de rebeli\u00f3n se dictara en contra \u00a0de \u00a0Nelson Jaimes Quintero, \u00a0e \u00a0 \u00a0 igualmente \u00a0 \u00a0e. \u00a0se \u00a0oficie \u00a0al Juzgado 3 \u00b0 \u00a0de \u00a0 Ejecuci\u00f3n \u00a0 de \u00a0Penas \u00a0y \u00a0Medidas \u00a0de \u00a0Seguridad \u00a0de \u00a0Bucaramanga\u00a0 \u00a0a \u00a0fin de que remita copia del \u00a0fallo \u00a0que \u00a0por \u00a0los \u00a0delitos \u00a0de \u00a0rebeli\u00f3n y porte ilegal de armas de fuego se \u00a0profiriera \u00a0en \u00a0contra del \u00a0pedido en extradici\u00f3n. \u00a0\u00a0<\/p>\n<p>f. \u00a0Pide \u00a0as\u00ed \u00a0mismo se solicite al Tribunal \u00a0Superior \u00a0 de \u00a0 Manizales \u00a0envi\u00e9 \u00a0copia \u00a0del \u00a0fallo \u00a0condenatorio \u00a0emitido en primera instancia por el Juzgado 1\u00b0 Penal del Circuito \u00a0Especializado \u00a0de \u00a0dicha \u00a0ciudad, \u00a0por \u00a0los \u00a0delitos \u00a0de \u00a0secuestro \u00a0extorsivo y \u00a0rebeli\u00f3n \u00a0(Rad. \u00a02006-00016-00), \u00a0actualmente pendiente de desatarse el recurso \u00a0de apelaci\u00f3n. \u00a0\u00a0<\/p>\n<p>Estas \u00faltimas tres pruebas, asegura, tienen \u00a0por \u00a0objeto \u00a0establecer \u00a0el \u00a0car\u00e1cter \u00a0de \u00a0detenido \u00a0pol\u00edtico \u00a0de Nelson Jaimes Quintero. \u00a0\u00a0<\/p>\n<p>g.\u00a0 \u00a0Pide \u00a0por \u00faltimo asimismo \u00a0se \u00a0oficie \u00a0a la Oficina del Alto Comisionado para la Paz, a \u00a0fin \u00a0de \u00a0que \u00a0informe \u00a0si \u00a0en \u00a0la actualidad hay di\u00e1logos de paz con el ELN, se \u00a0indique \u00a0la \u00a0posici\u00f3n \u00a0oficial \u00a0en \u00a0relaci\u00f3n \u00a0con \u00a0los \u00a0mismos \u00a0y la del ELN. \u00a0\u00a0<\/p>\n<p>h. \u00a0Finalmente, \u00a0allega \u00a0copia de un pronunciamiento p\u00fablico del ELN, \u00a0en \u00a0donde \u00a0este \u00a0grupo \u00a0fija \u00a0su \u00a0criterio respecto del proceso de paz y la extradici\u00f3n. \u00a0\u00a0<\/p>\n<p>4. \u00a0 Cuando \u00a0 el \u00a0art\u00edculo \u00a0502 \u00a0del \u00a0C\u00f3digo \u00a0de Procedimiento Penal se\u00f1ala que el concepto que \u00a0corresponde \u00a0emitir \u00a0a \u00a0la \u00a0Corte \u00a0dentro \u00a0del \u00a0tr\u00e1mite de la extradici\u00f3n debe \u00a0fundarse \u00a0en \u201cla validez formal de la documentaci\u00f3n \u00a0presentada, \u00a0en \u00a0la \u00a0demostraci\u00f3n \u00a0plena \u00a0de la identidad del solicitado, en el \u00a0principio \u00a0de \u00a0la \u00a0doble \u00a0incriminaci\u00f3n, \u00a0en \u00a0la equivalencia de la providencia \u00a0proferida \u00a0en \u00a0el \u00a0extranjero \u00a0y, cuando fuere el caso, en el cumplimiento de lo \u00a0previsto \u00a0en \u00a0los \u00a0tratados p\u00fablicos\u201d, est\u00e1 fijando \u00a0con \u00a0claridad \u00a0el \u00a0sentido \u00a0de \u00a0las \u00a0pruebas \u00a0que, correspondientemente, se hace \u00a0viable allegar en este tr\u00e1mite especial. \u00a0\u00a0<\/p>\n<p>Dicho \u00a0de \u00a0otro modo, fijado en los t\u00e9rminos \u00a0se\u00f1alados \u00a0el \u00a0objetivo del concepto, s\u00f3lo es procedente el recaudo de pruebas \u00a0estrictamente \u00a0orientadas \u00a0en su conducencia, pertinencia, eficacia y utilidad a \u00a0demostrar o desvirtuar dichos presupuestos. \u00a0\u00a0<\/p>\n<p>5. \u00a0Por \u00a0tanto, \u00a0ha \u00a0reiterado \u00a0 Corte \u00a0 que \u00a0encontr\u00e1ndose \u00a0 restringido \u00a0 el \u00a0contenido \u00a0del \u00a0concepto \u00a0a \u00a0dichos \u00a0expresos \u00a0elementos \u00a0de \u00a0comprobaci\u00f3n \u00a0y \u00a0limitado \u00a0por \u00a0Ley a la dilucidaci\u00f3n de ellos, las pruebas que se piden o \u00a0cuya \u00a0 pr\u00e1ctica \u00a0 se \u00a0impone, \u00a0tambi\u00e9n \u00a0 \u00a0 restrictivamente \u00a0 \u00a0 s\u00f3lo \u00a0 \u00a0pueden \u00a0 \u00a0tener \u00a0 \u00a0vinculaci\u00f3n \u00a0con \u00a0dichos aspectos, de manera que en contrapartida \u00a0se \u00a0 \u00a0 \u00a0 har\u00eda \u00a0 \u00a0 \u00a0 forzoso \u00a0 \u00a0 \u00a0rechazar \u00a0 por \u00a0 improcedentes \u00a0todos \u00a0aquellos \u00a0 \u00a0 \u00a0medios \u00a0 \u00a0 de \u00a0 \u00a0 convicci\u00f3n \u00a0 \u00a0 dirigidos \u00a0 \u00a0 a \u00a0 \u00a0 cuestionar \u00a0la \u00a0validez \u00a0o \u00a0m\u00e9rito \u00a0de la prueba acopiada por las \u00a0autoridades \u00a0extranjeras \u00a0sobre \u00a0la ocurrencia de los \u00a0hechos, \u00a0 o \u00a0la \u00a0forma \u00a0de \u00a0participaci\u00f3n \u00a0de \u00a0los \u00a0implicados \u00a0en \u00a0los mismos \u00a0o \u00a0su \u00a0grado \u00a0de \u00a0responsabilidad, \u00a0o la normatividad que describe las conductas \u00a0imputadas, \u00a0o \u00a0la \u00a0propia \u00a0calificaci\u00f3n \u00a0jur\u00eddica que se ha dado a \u00a0ellas, \u00a0o la competencia del \u00f3rgano \u00a0jurisdiccional \u00a0 extranjero, \u00a0 o \u00a0 la \u00a0 validez \u00a0 de \u00a0la \u00a0actuaci\u00f3n \u00a0judicial extranjera, o la pena que le \u00a0corresponder\u00eda \u00a0 purgar \u00a0 si \u00a0 el \u00a0 solicitado \u00a0 fuese \u00a0 declarado \u00a0 penalmente \u00a0responsable, \u00a0o \u00a0la \u00a0circunstancia de estar siendo o \u00a0haber \u00a0 sido \u00a0 los \u00a0 hechos \u00a0 que \u00a0sustentan \u00a0la \u00a0extradici\u00f3n \u00a0investigados \u00a0en \u00a0Colombia \u00a0y asuntos de similar \u00edndole, toda vez que \u00a0semejantes \u00a0t\u00f3picos \u00a0son de privativa resoluci\u00f3n por las autoridades del pa\u00eds \u00a0requirente, \u00a0o por parte del ejecutivo al momento de \u00a0definir si dispone o no la extradici\u00f3n. \u00a0\u00a0<\/p>\n<p>6. La \u00a0 \u00a0 \u00a0 \u00a0 apoderada de Nelson \u00a0Jaimes \u00a0 Quintero \u00a0 ha \u00a0elevado \u00a0petici\u00f3n \u00a0de \u00a0pruebas, cuya respuesta en el \u00a0orden propuesto es como sigue: \u00a0\u00a0<\/p>\n<p>A \u00a0 \u00a0trav\u00e9s \u00a0 \u00a0de \u00a0 los \u00a0 literales \u00a0 \u00a0 \u00a0 \u00a0 a. \u00a0 y \u00a0b. \u00a0propugna \u00a0 \u00a0 por \u00a0 \u00a0 establecer \u00a0 \u00a0 la \u00a0ciudadan\u00eda \u00a0de \u00a0Jos\u00e9 Yesid \u00a0Ceballos \u00a0 -persona \u00a0 en \u00a0 relaci\u00f3n \u00a0 con \u00a0 la \u00a0 cual \u00a0 se \u00a0habr\u00edan \u00a0 \u00a0 concertado \u00a0 \u00a0miembros \u00a0 \u00a0del \u00a0ELN \u00a0para \u00a0atentar \u00a0contra \u00a0sus derechos y en efecto \u00a0posteriormente \u00a0 \u00a0materializado \u00a0 \u00a0su \u00a0 \u00a0secuestro \u00a0extorsivo-, \u00a0para lo cual \u00a0pide \u00a0 \u00a0se \u00a0 \u00a0obtenga \u00a0informaci\u00f3n \u00a0 por \u00a0 parte \u00a0 de \u00a0 la \u00a0Registradur\u00eda \u00a0 \u00a0del \u00a0 Estado \u00a0 Civil \u00a0 y \u00a0 la \u00a0 Embajada \u00a0 de \u00a0 los \u00a0 Estados \u00a0Unidos \u00a0de \u00a0Am\u00e9rica. \u00a0\u00a0<\/p>\n<p>Todo \u00a0cuanto \u00a0afirma la peticionaria es que \u00a0con \u00a0 dichos \u00a0 elementos \u00a0 se \u00a0 har\u00eda \u00a0 viable \u00a0el \u00a0estudio \u00a0del \u00a0principio \u00a0de \u00a0territorialidad \u00a0en \u00a0el \u00a0caso \u00a0concreto y su concreta \u00a0aplicaci\u00f3n por parte de Colombia. \u00a0\u00a0<\/p>\n<p>En realidad, referido como est\u00e1 el aludido \u00a0principio a la posibilidad de aplicar la ley penal a \u00a0toda \u00a0 clase \u00a0 de \u00a0delitos, \u00a0respecto \u00a0de \u00a0cualquier \u00a0persona \u00a0en \u00a0tanto \u00a0se \u00a0hayan \u00a0cometido \u00a0dentro \u00a0del \u00a0territorio \u00a0 \u00a0 \u00a0 \u00a0del \u00a0 \u00a0 \u00a0 Estado, \u00a0no \u00a0es comprensible que a partir de \u00a0establecer \u00a0 la \u00a0 nacionalidad \u00a0 de \u00a0 la \u00a0\u201cv\u00edctima\u201d \u00a0se \u00a0pudiese \u00a0llegar \u00a0a \u00a0afirmar \u00a0 el \u00a0 aludido \u00a0\u201cinter\u00e9s \u00a0de \u00a0Colombia, \u00a0de \u00a0ejercer \u00a0su \u00a0jurisdicci\u00f3n \u00a0penal\u201d, \u00a0pues \u00a0por este aspecto bien podr\u00eda tratarse de un ciudadano de \u00a0origen \u00a0 \u00a0extranjero \u00a0 \u00a0o \u00a0 \u00a0nacional, \u00a0 sin \u00a0 que \u00a0ello \u00a0 \u00a0enerve \u00a0 las \u00a0pretensiones \u00a0del \u00a0pa\u00eds \u00a0solicitante expresadas a su \u00a0vez \u00a0 en \u00a0 ejercicio \u00a0de \u00a0la \u00a0jurisdicci\u00f3n \u00a0extraterritorial \u00a0que \u00a0tambi\u00e9n \u00a0le \u00a0asiste. \u00a0\u00a0<\/p>\n<p>Por lo dem\u00e1s, est\u00e1 claro que la \u00a0 Fiscal \u00a0 Federal \u00a0Auxiliar \u00a0en \u00a0la \u00a0Oficina \u00a0de \u00a0la \u00a0Fiscal\u00eda \u00a0Federal\u00a0 \u00a0 para \u00a0 el \u00a0 Distrito \u00a0 de \u00a0 Columbia, \u00a0 Brenda \u00a0J. \u00a0Johnson, \u00a0 se\u00f1al\u00f3 \u00a0 en \u00a0la \u00a0respectiva \u00a0declaraci\u00f3n jurada de apoyo al pedido de extradici\u00f3n: \u00a0\u00a0<\/p>\n<p>\u201cPor \u00a0eso, \u00a0el \u00a0secuestro \u00a0tuvo un efecto \u00a0directo \u00a0en los intereses de los Estados Unidos con respecto a la protecci\u00f3n de \u00a0sus \u00a0 \u00a0ciudadanos \u00a0 \u00a0contra \u00a0 \u00a0cualquier \u00a0 \u00a0da\u00f1o \u00a0 mientras \u00a0 est\u00e1n \u00a0fuera \u00a0de este pa\u00eds. Los intereses \u00a0de \u00a0los \u00a0Estados \u00a0Unidos en el enjuiciamiento de tales delitos son fundamentales \u00a0para \u00a0su \u00a0seguridad nacional y soberan\u00eda. Por esa raz\u00f3n, EE.UU. ha definido la \u00a0toma \u00a0internacional \u00a0de \u00a0sus \u00a0nacionales como rehenes como un delito\u2026\u201d. \u00a0\u00a0<\/p>\n<p>En forma tal que \u00a0est\u00e1 \u00a0fuera \u00a0de \u00a0toda \u00a0duda \u00a0que \u00a0la \u00a0extradici\u00f3n \u00a0solicitada \u00a0en \u00a0este \u00a0caso \u00a0lo \u00a0es en persecuci\u00f3n de \u00a0quienes \u00a0han \u00a0atentado \u00a0contra \u00a0intereses \u00a0 \u00a0 o \u00a0 \u00a0ciudadanos \u00a0 \u00a0del \u00a0 \u00a0pa\u00eds \u00a0requirente, \u00a0siendo \u00a0por \u00a0ello \u00a0 por \u00a0 completo \u00a0 indiferente \u00a0que \u00a0 \u00a0la \u00a0 \u00a0v\u00edctima \u00a0 pudiera \u00a0 tener \u00a0una doble nacionalidad. \u00a0\u00a0<\/p>\n<p>Por \u00a0 \u00a0 \u00a0 ende, \u00a0 \u00a0 \u00a0establecer \u00a0 la \u00a0nacionalidad \u00a0de \u00a0la \u00a0v\u00edctima \u00a0para \u00a0efectos \u00a0de \u00a0aplicar \u00a0el principio de territorialidad carece del \u00a0m\u00e1s \u00a0m\u00ednimo nexo, aun cuando como queda visto, igual se trata de un aspecto en \u00a0relaci\u00f3n \u00a0con \u00a0el \u00a0cual \u00a0este \u00a0tr\u00e1mite \u00a0no soporta \u00a0inquietud alguna. \u00a0\u00a0<\/p>\n<p>No \u00a0 \u00a0se \u00a0pierda \u00a0de vista que las \u00a0exigencias \u00a0extorsivas \u00a0de \u00a0que se afirma fue objeto la familia del reclamado en \u00a0extradici\u00f3n, \u00a0 se \u00a0concretaron \u00a0tambi\u00e9n \u00a0en \u00a0el \u00a0pa\u00eds \u00a0requirente, \u00a0 de \u00a0 ello \u00a0 da \u00a0 cuenta \u00a0 la \u00a0 misma \u00a0declaraci\u00f3n \u00a0de \u00a0apoyo, \u00a0as\u00ed: \u00a0\u00a0<\/p>\n<p>\u201cDe hecho, el \u00a0se\u00f1or \u00a0Ceballos ten\u00eda familiares en el Estado de la Florida, que se vieron muy \u00a0afectados \u00a0por \u00a0el \u00a0secuestro y a quienes se contact\u00f3, junto con otros miembros \u00a0de \u00a0 \u00a0la \u00a0 familia, \u00a0 para \u00a0 ver \u00a0 si \u00a0 es \u00a0 que \u00a0 pod\u00edan \u00a0 pagar \u00a0 parte \u00a0 del \u00a0rescate\u201d. \u00a0\u00a0<\/p>\n<p>7. Ahora \u00a0 \u00a0 \u00a0bien \u00a0 \u00a0 \u00a0a \u00a0 \u00a0 trav\u00e9s \u00a0 \u00a0 de \u00a0 \u00a0 los \u00a0 \u00a0 literales \u00a0 \u00a0 \u00a0 \u00a0 c.\u00a0 \u00a0 \u00a0 \u00a0 \u00a0 \u00a0y\u00a0 \u00a0 f.\u00a0 \u00a0la \u00a0peticionaria reclama como pruebas indagar \u00a0si \u00a0en \u00a0Colombia por los hechos de que dan cuenta las \u00a0autoridades \u00a0de \u00a0los \u00a0Estados \u00a0Unidos \u00a0de \u00a0Am\u00e9rica, \u00a0se \u00a0 ha \u00a0adelantado \u00a0investigaci\u00f3n \u00a0y \u00a0se \u00a0aporten \u00a0-como \u00a0 \u00a0 aparente \u00a0constataci\u00f3n \u00a0de \u00a0lo \u00a0primero-, fotocopias de la sentencia de primera instancia \u00a0emitida \u00a0por \u00a0secuestro \u00a0extorsivo \u00a0y \u00a0rebeli\u00f3n \u00a0por \u00a0el \u00a0Tribunal \u00a0Superior de \u00a0Manizales. \u00a0\u00a0<\/p>\n<p>Bien \u00a0ha \u00a0se\u00f1alado la Sala que en orden al \u00a0contenido \u00a0y alcance del concepto no le corresponde verificar si en contra de la \u00a0persona \u00a0 solicitada \u00a0en \u00a0extradici\u00f3n \u00a0se \u00a0adelanta \u00a0proceso \u00a0penal \u00a0en \u00a0nuestro \u00a0pa\u00eds, \u00a0toda vez que en \u00a0realidad \u00a0compete \u00a0al Gobierno Nacional al momento de definir si entrega o no al \u00a0ciudadano \u00a0colombiano \u00a0-bajo \u00a0el \u00a0supuesto \u00a0de \u00a0contar \u00a0con concepto favorable-, \u00a0examinar \u00a0 \u00a0si \u00a0 \u00a0en \u00a0 \u00a0virtud \u00a0 de \u00a0 dicha \u00a0circunstancia, \u00a0ello se difiere o no, por ser el Presidente \u00a0de \u00a0la \u00a0Rep\u00fablica \u00a0supremo director de las relaciones internacionales y a quien \u00a0ata\u00f1e realizar una constataci\u00f3n semejante, no as\u00ed a la Corte. \u00a0\u00a0<\/p>\n<p>Es por tanto, se \u00a0reitera, \u00a0el \u00a0Gobierno \u00a0Nacional \u00a0la \u00a0autoridad \u00a0a \u00a0quien \u00a0 corresponde \u00a0 determinar \u00a0si \u00a0realmente \u00a0se \u00a0adelanta \u00a0una \u00a0actuaci\u00f3n \u00a0penal \u00a0en \u00a0contra del requerido y si existe identidad \u00a0desde \u00a0el \u00a0punto \u00a0de \u00a0vista \u00a0de los hechos juzgados respecto de aquellos que han \u00a0servido \u00a0 \u00a0para \u00a0 \u00a0justificar \u00a0 \u00a0la \u00a0 \u00a0petici\u00f3n \u00a0 de \u00a0 extradici\u00f3n, \u00a0proceder \u00a0de \u00a0conformidad \u00a0con \u00a0sus \u00a0atributos \u00a0constitucionales \u00a0y \u00a0legales \u00a0a \u00a0subordinar \u00a0la \u00a0misma \u00a0acorde con su \u00a0competencia. \u00a0\u00a0<\/p>\n<p>8. \u00a0En \u00a0lo \u00a0que \u00a0tiene \u00a0 \u00a0que \u00a0 \u00a0ver \u00a0 \u00a0con \u00a0 \u00a0las \u00a0 \u00a0pruebas \u00a0 pedidas \u00a0 en \u00a0 los \u00a0 literales \u00a0 \u00a0 \u00a0 \u00a0 d. \u00a0 y \u00a0 e., \u00a0referidas \u00a0 \u00a0 \u00a0 \u00a0 \u00a0 a \u00a0 \u00a0 \u00a0 \u00a0 \u00a0adjuntar copias de posibles \u00a0 condenas \u00a0 emitidas \u00a0en \u00a0 \u00a0 contra \u00a0 \u00a0 de \u00a0 \u00a0 Nelson \u00a0Jaimes \u00a0Quintero \u00a0por \u00a0el delito de rebeli\u00f3n, realmente se trata de un conocimiento \u00a0que \u00a0por \u00a0s\u00ed \u00a0mismo \u00a0no \u00a0genera \u00a0 \u00a0condicionamiento \u00a0 \u00a0alguno \u00a0 a \u00a0 los \u00a0extremos \u00a0valorativos \u00a0de \u00a0la \u00a0Sala \u00a0al \u00a0momento \u00a0de \u00a0emitir \u00a0concepto, \u00a0pues no guarda en principio nexo con \u00a0el \u00a0reato \u00a0de \u00a0que \u00a0se \u00a0da \u00a0cuenta \u00a0por \u00a0las \u00a0autoridades \u00a0extranjeras \u00a0en \u00a0este \u00a0caso.\u00a0 \u00a0\u00a0<\/p>\n<p>Pertinente \u00a0 en \u00a0 cambio \u00a0 s\u00ed \u00a0 \u00a0 \u00a0 \u00a0 \u00a0 \u00a0 encuentra \u00a0la \u00a0Corte \u00a0que se oficie al \u00a0se\u00f1or \u00a0Comisionado \u00a0de \u00a0Paz \u00a0-como se reclama en el \u00a0apartado \u00a0g. sintetizado \u00a0del \u00a0 \u00a0 \u00a0memorial \u00a0 \u00a0 de \u00a0 \u00a0 pruebas-, \u00a0pero con \u00a0miras \u00a0a \u00a0que \u00a0certifique \u00a0si \u00a0el \u00a0ciudadano \u00a0pedido en extradici\u00f3n \u00a0 como \u00a0 integrante \u00a0 que \u00a0 se \u00a0 proclama \u00a0 del \u00a0 ELN \u00a0se \u00a0ha \u00a0acogido \u00a0a \u00a0las \u00a0previsiones \u00a0de la Ley 975 de 2004 y el \u00a0estado \u00a0 \u00a0actual \u00a0 \u00a0dentro \u00a0 de \u00a0 dicha \u00a0actuaci\u00f3n \u00a0y \u00a0tr\u00e1mite en relaci\u00f3n con el mismo. \u00a0\u00a0<\/p>\n<p>Finalmente, tampoco aceptar\u00e1 la Sala que se \u00a0incorpore \u00a0al \u00a0expediente \u00a0el \u00a0pronunciamiento \u00a0p\u00fablico \u00a0del ELN, que aporta la \u00a0memorialista \u00a0 en \u00a0 \u00faltimo \u00a0 t\u00e9rmino, \u00a0pues \u00a0la postura que tiene dicho grupo subversivo en torno a la \u00a0paz \u00a0 y \u00a0 la \u00a0 extradici\u00f3n \u00a0 tiene \u00a0 un \u00a0 sentido \u00a0 y \u00a0 alcance \u00a0 eminentemente \u00a0pol\u00edtico, siendo un tema \u00a0que \u00a0resulta \u00a0por \u00a0supuesto \u00a0ajeno \u00a0a \u00a0aquella \u00a0materia \u00a0de \u00a0la cual, como ya se \u00a0enfatiz\u00f3, debe ocuparse el concepto. \u00a0\u00a0<\/p>\n<p>Se \u00a0negar\u00e1n, \u00a0como \u00a0emerge \u00a0evidente, \u00a0las \u00a0pruebas \u00a0pedidas \u00a0por \u00a0la \u00a0apoderada de Nelson \u00a0Jaimes Quintero, con excepci\u00f3n \u00a0de \u00a0 \u00a0la \u00a0 que \u00a0 concierne \u00a0 al \u00a0 se\u00f1or \u00a0Comisionado \u00a0de \u00a0Paz, \u00a0debiendo \u00a0por \u00a0contera \u00a0devolver \u00a0a \u00a0la \u00a0peticionaria \u00a0el memorial radicado a folios 32 y 33 de \u00a0este tr\u00e1mite. \u00a0\u00a0<\/p>\n<p>Una vez allegada la informaci\u00f3n respectiva, \u00a0deber\u00e1 \u00a0surtirse \u00a0el \u00a0traslado correspondiente para \u00a0alegar. \u00a0\u00a0<\/p>\n<p>En m\u00e9rito de lo expuesto, la Corte Suprema de \u00a0Justicia, en Sala de Casaci\u00f3n Penal, \u00a0\u00a0<\/p>\n<p>RESUELVE: \u00a0<\/p>\n<p>1. \u00a0Negar \u00a0el \u00a0decreto \u00a0y \u00a0pr\u00e1ctica \u00a0de las pruebas solicitadas por \u00a0la \u00a0apoderada \u00a0de Nelson \u00a0Jaimes \u00a0 \u00a0 Quintero, \u00a0 \u00a0en \u00a0 \u00a0los \u00a0 \u00a0literales a., b., c., d., e., f. y h., \u00a0colacionados en el cuerpo de esta decisi\u00f3n. \u00a0\u00a0<\/p>\n<p>2.\u00a0 \u00a0Oficiar \u00a0a la oficina del \u00a0Se\u00f1or \u00a0Comisionado \u00a0de \u00a0Paz \u00a0-como \u00a0se solicita \u00a0en \u00a0el apartado g. \u00a0 de \u00a0las \u00a0pruebas-, \u00a0a \u00a0 fin \u00a0 de \u00a0 que \u00a0certifique \u00a0si \u00a0el \u00a0ciudadano \u00a0pedido \u00a0en \u00a0extradici\u00f3n \u00a0es integrante \u00a0del \u00a0ELN y si se ha acogido \u00a0a \u00a0alg\u00fan \u00a0plan o programa \u00a0de \u00a0paz, \u00a0o a \u00a0 las \u00a0 previsiones \u00a0 de \u00a0 la \u00a0Ley \u00a0975 \u00a0de \u00a02004 \u00a0y \u00a0el \u00a0estado \u00a0actual \u00a0de \u00a0la actuaci\u00f3n \u00a0dentro \u00a0de \u00a0dicho \u00a0tr\u00e1mite \u00a0en \u00a0relaci\u00f3n con Nelson \u00a0Jaimes Quintero. \u00a0\u00a0<\/p>\n<p>3. Por \u00a0 secretar\u00eda \u00a0 devu\u00e9lvase \u00a0a \u00a0la \u00a0memorialista el escrito radicado a folios 32 y 33. \u00a0\u00a0<\/p>\n<p>Contra \u00a0esta \u00a0decisi\u00f3n procede el recurso de \u00a0reposici\u00f3n. \u00a0\u00a0<\/p>\n<p>C\u00f3piese, notif\u00edquese y c\u00famplase \u00a0<\/p>\n<p>SIGIFREDO ESPINOSA P\u00c9REZ \u00a0<\/p>\n<p>\u00a0\u00a0\u00a0\u00a0 \u00a0 JOS\u00c9\u00a0 \u00a0 \u00a0 \u00a0 LEONIDAS \u00a0 \u00a0 \u00a0 BUSTOS \u00a0 \u00a0 \u00a0MART\u00cdNEZ\u00a0\u00a0\u00a0\u00a0\u00a0\u00a0\u00a0\u00a0\u00a0\u00a0\u00a0\u00a0\u00a0\u00a0\u00a0\u00a0\u00a0\u00a0\u00a0\u00a0\u00a0\u00a0 \u00a0ALFREDO G\u00d3MEZ QUINTERO \u00a0\u00a0<\/p>\n<p>MAR\u00cdA \u00a0 DEL \u00a0 ROSARIO \u00a0 GONZ\u00c1LEZ \u00a0 DE \u00a0LEMOS\u00a0\u00a0\u00a0\u00a0\u00a0\u00a0\u00a0\u00a0\u00a0\u00a0\u00a0\u00a0\u00a0\u00a0 \u00a0AUGUSTO J. IB\u00c1\u00d1EZ GUZM\u00c1N \u00a0\u00a0<\/p>\n<p>\u00a0\u00a0\u00a0 \u00a0JORGE \u00a0LUIS \u00a0QUINTERO \u00a0MILAN\u00c9S\u00a0\u00a0\u00a0\u00a0\u00a0\u00a0\u00a0\u00a0\u00a0\u00a0\u00a0\u00a0\u00a0\u00a0\u00a0\u00a0\u00a0\u00a0\u00a0\u00a0\u00a0\u00a0 \u00a0YESID RAM\u00cdREZ BASTIDAS \u00a0\u00a0<\/p>\n<p>\u00a0\u00a0\u00a0\u00a0\u00a0\u00a0\u00a0\u00a0 \u00a0JULIO \u00a0 \u00a0ENRIQUE \u00a0 \u00a0SOCHA \u00a0 \u00a0SALAMANCA\u00a0\u00a0\u00a0\u00a0\u00a0\u00a0\u00a0\u00a0\u00a0\u00a0\u00a0\u00a0\u00a0\u00a0\u00a0\u00a0\u00a0\u00a0\u00a0\u00a0\u00a0 \u00a0JAVIER DE JES\u00daS ZAPATA ORTIZ \u00a0\u00a0<\/p>\n<p>Teresa Ruiz N\u00fa\u00f1ez \u00a0<\/p>\n<p>Secretaria \u00a0<\/p>\n<p>\u00a0 \u00a0\u00a0<\/p>\n<p><\/p>\n","protected":false},"excerpt":{"rendered":"<p>\u00a0 \u00a0 \u00a0\u00a0 CORTE SUPREMA DE JUSTICIA \u00a0 SALA \u00a0 DE \u00a0 CASACI\u00d3N \u00a0PENAL \u00a0\u00a0 \u00a0 \u00a0\u00a0 \u00a0\u00a0 \u00a0\u00a0 \u00a0\u00a0 \u00a0 \u00a0 \u00a0 \u00a0 \u00a0 \u00a0\u00a0 \u00a0\u00a0 \u00a0 \u00a0 \u00a0 \u00a0\u00a0\u00a0\u00a0\u00a0\u00a0\u00a0\u00a0\u00a0\u00a0\u00a0\u00a0 \u00a0Magistrado Ponente: \u00a0\u00a0 \u00a0\u00a0\u00a0\u00a0\u00a0\u00a0\u00a0\u00a0\u00a0\u00a0\u00a0\u00a0\u00a0\u00a0\u00a0\u00a0\u00a0\u00a0\u00a0\u00a0\u00a0\u00a0\u00a0\u00a0\u00a0\u00a0\u00a0\u00a0\u00a0\u00a0\u00a0\u00a0\u00a0\u00a0\u00a0\u00a0\u00a0\u00a0\u00a0\u00a0\u00a0\u00a0\u00a0\u00a0\u00a0\u00a0\u00a0 \u00a0Dr. ALFREDO G\u00d3MEZ QUINTERO \u00a0\u00a0 \u00a0 \u00a0\u00a0 \u00a0\u00a0 \u00a0\u00a0 \u00a0\u00a0 \u00a0 \u00a0 \u00a0 \u00a0 \u00a0 \u00a0\u00a0 \u00a0\u00a0 \u00a0 \u00a0 \u00a0 [&hellip;]<\/p>\n","protected":false},"author":1,"featured_media":0,"comment_status":"open","ping_status":"open","sticky":false,"template":"","format":"standard","meta":{"footnotes":""},"categories":[16],"tags":[],"class_list":["post-16154","post","type-post","status-publish","format-standard","hentry","category-16"],"_links":{"self":[{"href":"https:\/\/dmsjuridica.com\/buscador_20179478954\/salapenalcronologico20230723\/wp-json\/wp\/v2\/posts\/16154","targetHints":{"allow":["GET"]}}],"collection":[{"href":"https:\/\/dmsjuridica.com\/buscador_20179478954\/salapenalcronologico20230723\/wp-json\/wp\/v2\/posts"}],"about":[{"href":"https:\/\/dmsjuridica.com\/buscador_20179478954\/salapenalcronologico20230723\/wp-json\/wp\/v2\/types\/post"}],"author":[{"embeddable":true,"href":"https:\/\/dmsjuridica.com\/buscador_20179478954\/salapenalcronologico20230723\/wp-json\/wp\/v2\/users\/1"}],"replies":[{"embeddable":true,"href":"https:\/\/dmsjuridica.com\/buscador_20179478954\/salapenalcronologico20230723\/wp-json\/wp\/v2\/comments?post=16154"}],"version-history":[{"count":0,"href":"https:\/\/dmsjuridica.com\/buscador_20179478954\/salapenalcronologico20230723\/wp-json\/wp\/v2\/posts\/16154\/revisions"}],"wp:attachment":[{"href":"https:\/\/dmsjuridica.com\/buscador_20179478954\/salapenalcronologico20230723\/wp-json\/wp\/v2\/media?parent=16154"}],"wp:term":[{"taxonomy":"category","embeddable":true,"href":"https:\/\/dmsjuridica.com\/buscador_20179478954\/salapenalcronologico20230723\/wp-json\/wp\/v2\/categories?post=16154"},{"taxonomy":"post_tag","embeddable":true,"href":"https:\/\/dmsjuridica.com\/buscador_20179478954\/salapenalcronologico20230723\/wp-json\/wp\/v2\/tags?post=16154"}],"curies":[{"name":"wp","href":"https:\/\/api.w.org\/{rel}","templated":true}]}}