{"id":15899,"date":"2023-09-11T17:46:00","date_gmt":"2023-09-11T17:46:00","guid":{"rendered":"https:\/\/dmsjuridica.com\/buscador_20179478954\/salapenalcronologico20230723\/2023\/09\/11\/2871706-03-08\/"},"modified":"2023-09-11T17:46:00","modified_gmt":"2023-09-11T17:46:00","slug":"2871706-03-08","status":"publish","type":"post","link":"https:\/\/dmsjuridica.com\/buscador_20179478954\/salapenalcronologico20230723\/2023\/09\/11\/2871706-03-08\/","title":{"rendered":"28717(06-03-08)"},"content":{"rendered":"\n<p>\u00a0 \u00a0 Proceso No 28717 \u00a0<\/p>\n<p>CORTE SUPREMA DE JUSTICIA \u00a0<\/p>\n<p>SALA DE CASACI\u00d3N PENAL \u00a0<\/p>\n<p>Magistrado Ponente \u00a0<\/p>\n<p>JORGE \u00a0LUIS \u00a0QUINTERO \u00a0MILAN\u00c9S \u00a0\u00a0<\/p>\n<p>Aprobado \u00a0 acta \u00a0 N\u00b0 \u00a0052 \u00a0\u00a0<\/p>\n<p>Bogot\u00e1, D. C., seis (6) de marzo de dos mil \u00a0ocho (2008). \u00a0\u00a0<\/p>\n<p>V \u00a0 \u00a0I \u00a0 S \u00a0 T \u00a0 O \u00a0S \u00a0\u00a0<\/p>\n<p>Corresponde \u00a0a \u00a0la Corte conceptuar sobre la \u00a0solicitud \u00a0 de \u00a0 extradici\u00f3n \u00a0 del\u00a0 \u00a0 ciudadano \u00a0 colombiano \u00a0WILLIAM \u00a0OSIRIS VALENCIA D\u00cdAZ, elevada por \u00a0el Gobierno de los Estados Unidos de Am\u00e9rica. \u00a0\u00a0<\/p>\n<p>L \u00a0A\u00a0\u00a0\u00a0\u00a0 S O L I C I T U D \u00a0\u00a0<\/p>\n<p>El \u00a0Gobierno \u00a0de \u00a0los \u00a0Estados \u00a0Unidos \u00a0de \u00a0Am\u00e9rica, \u00a0mediante \u00a0Nota \u00a0Verbal \u00a0n\u00famero \u00a03369 \u00a0del \u00a031 \u00a0de \u00a0octubre \u00a0de 2007, \u00a0solicit\u00f3 \u00a0 \u00a0la \u00a0 \u00a0extradici\u00f3n \u00a0 \u00a0del \u00a0 \u00a0ciudadano \u00a0 \u00a0colombiano \u00a0 William \u00a0Osiris \u00a0Valencia \u00a0D\u00edaz, \u00a0a quien \u00a0requiere \u00a0con \u00a0el \u00a0fin \u00a0de \u00a0que \u00a0comparezca \u00a0en \u00a0juicio por delitos federales de \u00a0narcotr\u00e1fico, \u00a0conforme \u00a0a la acusaci\u00f3n n\u00famero 04-20065 Cr-Seitz proferida el \u00a030 \u00a0de \u00a0enero \u00a0de \u00a02004 \u00a0por \u00a0el \u00a0Tribunal \u00a0del \u00a0Distrito de los Estados Unidos, \u00a0Distrito Sur de Florida. \u00a0\u00a0<\/p>\n<p>1.\u00a0 \u00a0 La \u00a0acusaci\u00f3n dictada en contra del solicitado \u00a0\u00a0<\/p>\n<p>1.1.\u00a0 El Gran Jurado del Distrito Sur de \u00a0Florida, \u00a0el \u00a030 de enero de 2004, dict\u00f3 la acusaci\u00f3n N\u00b0 04-20065 Cr-Seitz, a \u00a0trav\u00e9s \u00a0de la cual formul\u00f3 en contra del solicitado en extradici\u00f3n, ciudadano \u00a0colombiano \u00a0William \u00a0Osiris Valencia D\u00edaz, los siguientes cargos: \u00a0\u00a0<\/p>\n<p>\u201cCARGO\u00a0\u00a0 \u00a01 \u00a0\u00a0<\/p>\n<p>\u201cCon inicio en o \u00a0alrededor \u00a0de \u00a01998, \u00a0siendo \u00a0la fecha exacta desconocida para el Gran Jurado, y \u00a0con \u00a0 continuaci\u00f3n \u00a0 hasta \u00a0aproximadamente \u00a0la \u00a0fecha \u00a0del \u00a0dictamen \u00a0de \u00a0esta \u00a0acusaci\u00f3n, \u00a0en \u00a0Miami \u00a0\u2013 \u00a0Condado \u00a0de \u00a0Date, \u00a0en \u00a0el \u00a0Distrito \u00a0Sur \u00a0de \u00a0Florida \u00a0y \u00a0en \u00a0otras partes, los \u00a0acusados\u2026, \u00a0WILLIAM \u00a0 \u00a0 \u00a0 \u00a0 \u00a0 \u00a0 \u00a0OSIRIS \u00a0 \u00a0 \u00a0 \u00a0 \u00a0 \u00a0 \u00a0VALENCIA-D\u00cdAZ, \u00a0 \u00a0alias \u00a0\u2018Cachete\u2019,\u2026, \u00a0 a \u00a0sabiendas \u00a0e \u00a0intencionalmente \u00a0combinaron, \u00a0concertaron, \u00a0confederaron \u00a0y \u00a0concordaron el uno con el otro y con \u00a0otras \u00a0personas \u00a0tanto \u00a0conocidas \u00a0como \u00a0desconocidas \u00a0para el Gran Jurado, para \u00a0importar \u00a0a \u00a0los \u00a0Estados\u00a0 \u00a0Unidos,\u00a0 \u00a0desde\u00a0 un\u00a0 lugar\u00a0 \u00a0fuera\u00a0 \u00a0del\u00a0 \u00a0pa\u00eds,\u00a0 una\u00a0 sustancia\u00a0 de\u00a0 la Tabla \u00a0II, \u00a0o \u00a0sea, cinco (5) kilogramos o m\u00e1s de una mezcla y sustancia que conten\u00eda \u00a0una \u00a0cantidad \u00a0perceptible \u00a0de coca\u00edna, en violaci\u00f3n a la Secci\u00f3n 952(a); del \u00a0T\u00edtulo \u00a021 \u00a0de \u00a0los \u00a0Estados \u00a0Unidos; \u00a0todo en violaci\u00f3n a las Secciones 963 y \u00a0960(b)(1)(B). \u00a0\u00a0<\/p>\n<p>\u201cCARGO\u00a0\u00a0 \u00a02 \u00a0\u00a0<\/p>\n<p>\u201cCon inicio en o \u00a0alrededor \u00a0de \u00a0febrero \u00a0de 1998, siendo la fecha exacta desconocida para el Gran \u00a0Jurado, \u00a0y con continuaci\u00f3n hasta aproximadamente la fecha del dictamen de esta \u00a0acusaci\u00f3n, \u00a0en \u00a0Miami \u00a0\u2013 \u00a0Condado \u00a0de \u00a0Date, \u00a0en \u00a0el \u00a0Distrito \u00a0Sur \u00a0de \u00a0Florida \u00a0y \u00a0en \u00a0otras partes, los \u00a0acusados\u2026, \u00a0WILLIAM \u00a0 \u00a0 \u00a0 \u00a0 \u00a0 \u00a0 \u00a0OSIRIS \u00a0 \u00a0 \u00a0 \u00a0 \u00a0 \u00a0 \u00a0VALENCIA-D\u00cdAZ, \u00a0 \u00a0alias \u00a0\u2018Cachete\u2019,\u2026, \u00a0 con \u00a0 conocimiento \u00a0 de \u00a0causa \u00a0e \u00a0intencionalmente \u00a0combinaron, concertaron, confederaron y concordaron el uno con \u00a0el \u00a0otro \u00a0y \u00a0con \u00a0otras \u00a0personas tanto conocidas como desconocidas para el Gran \u00a0Jurado, \u00a0para poseer con intenci\u00f3n de distribuir una sustancia controlada de la \u00a0Tabla \u00a0II, \u00a0o \u00a0sea \u00a0cinco \u00a0(5) \u00a0kilogramos \u00a0o m\u00e1s de una mezcla y sustancia que \u00a0conten\u00eda \u00a0una \u00a0cantidad \u00a0perceptible \u00a0de \u00a0coca\u00edna, \u00a0que \u00a0ser\u00eda \u00a0un \u00a0delito en \u00a0violaci\u00f3n \u00a0a \u00a0la \u00a0Secci\u00f3n \u00a0841(a)(1) del T\u00edtulo 21 del C\u00f3digo de los Estados \u00a0Unidos; \u00a0todo \u00a0en \u00a0violaci\u00f3n a las Secciones 846 y 841(b)(1)(A)(ii) del T\u00edtulo \u00a021 del C\u00f3digo de los Estados Unidos. \u00a0\u00a0<\/p>\n<p>\u201cCARGO\u00a0\u00a0 \u00a03 \u00a0\u00a0<\/p>\n<p>\u201cCon inicio en o \u00a0alrededor \u00a0 \u00a0 de \u00a0 \u00a0 agosto \u00a0 \u00a0 9 \u00a0 \u00a0del \u00a0 \u00a02003, \u00a0 \u00a0en \u00a0 \u00a0Miami \u00a0 \u00a0\u2013 \u00a0Condado \u00a0de Date, en el Distrito Sur \u00a0de \u00a0 \u00a0 Florida \u00a0 \u00a0 y \u00a0 \u00a0 en \u00a0 \u00a0 otras \u00a0 \u00a0 partes, \u00a0 \u00a0los \u00a0 \u00a0acusados\u2026, \u00a0WILLIAM \u00a0OSIRIS \u00a0 \u00a0VALENCIA-D\u00cdAZ, \u00a0alias \u00a0 \u00a0\u2018Cachete\u2019,\u2026, \u00a0 \u00a0a \u00a0sabiendas \u00a0e \u00a0intencionalmente hizo el intento de importar a los Estados Unidos, \u00a0de \u00a0un \u00a0lugar \u00a0fuera \u00a0del \u00a0pa\u00eds, una sustancia de la Tabla II, o sea, cinco (5) \u00a0kilogramos \u00a0o \u00a0m\u00e1s \u00a0de \u00a0una \u00a0mezcla \u00a0y \u00a0sustancia \u00a0que \u00a0conten\u00eda \u00a0una cantidad \u00a0perceptible \u00a0de \u00a0coca\u00edna, en violaci\u00f3n a la Secci\u00f3n 952(a); del T\u00edtulo 21 de \u00a0los \u00a0Estados \u00a0Unidos; \u00a0todo \u00a0en \u00a0violaci\u00f3n a las Secciones 963 y 960(b)(1)(B) y \u00a0T\u00edtulo \u00a0 18 \u00a0 del \u00a0 C\u00f3digo \u00a0de \u00a0los \u00a0Estados \u00a0Unidos, \u00a0Secci\u00f3n \u00a02. \u00a0\u00a0<\/p>\n<p>1.2.\u00a0 \u00a0Los \u00a0acontecimientos \u00a0f\u00e1cticos \u00a0objeto \u00a0de \u00a0investigaci\u00f3n \u00a0e imputaci\u00f3n de los citados cargos formulados en su \u00a0contra, motivo de la solicitud de extradici\u00f3n, son los siguientes: \u00a0\u00a0<\/p>\n<p>\u201cLos \u00a0hechos \u00a0de \u00a0este \u00a0caso \u00a0indican \u00a0que el delito de concierto que aparece en la resoluci\u00f3n de \u00a0acusaci\u00f3n \u00a0se \u00a0inici\u00f3 \u00a0aproximadamente en 1998 y ha operado hasta por lo menos \u00a0enero \u00a0 de \u00a0 2004. \u00a0 La \u00a0Participaci\u00f3n \u00a0de \u00a0Gabriel \u00a0Z\u00fa\u00f1iga, \u00a0C\u00e9sar \u00a0Augusto \u00a0Mantilla-Ch\u00e1vez, \u00a0Julio Segundo Pereira-Plata, Mar\u00eda Elena Luna-Barraza, James \u00a0Aguirre-Cort\u00e9s, \u00a0Ram\u00f3n \u00a0Galvis-S\u00e1enz, \u00a0Ram\u00f3n \u00a0Jovanni \u00a0Galvis-Rubio, \u00a0Rafael \u00a0Enrique \u00a0Pereira, \u00a0Jos\u00e9 \u00a0El\u00edas Rosado-Pereira y otras personas en el concierto \u00a0se \u00a0inici\u00f3 \u00a0aproximadamente \u00a0en \u00a0el \u00a0a\u00f1o \u00a02001 y continu\u00f3 hasta por los menos \u00a0cuando \u00a0la \u00a0resoluci\u00f3n \u00a0de acusaci\u00f3n fue dictada en enero de 2004. Durante ese \u00a0tiempo, \u00a0dichos \u00a0individuos \u00a0trabajaron \u00a0unidos \u00a0para suministrar coca\u00edna desde \u00a0Colombia, \u00a0 v\u00eda \u00a0 Jamaica, \u00a0 para \u00a0 ser \u00a0distribuida \u00a0en \u00a0los \u00a0Estados \u00a0Unidos. \u00a0William \u00a0 \u00a0 Osiris \u00a0 \u00a0 Valencia-D\u00edaz \u00a0inicio \u00a0su \u00a0participaci\u00f3n en el concierto en 1998 y ha continuado \u00a0hasta la fecha. \u00a0\u00a0<\/p>\n<p>\u201cAproximadamente \u00a0en \u00a01998, \u00a0un informante confidencial viaj\u00f3 a Jamaica y comenz\u00f3 a trabajar con \u00a0William \u00a0 \u00a0 Osiris \u00a0 \u00a0 Valencia-D\u00edaz. \u00a0Ellos \u00a0estaban \u00a0importando coca\u00edna a Jamaica desde Colombia cuyo \u00a0\u00faltimo \u00a0 \u00a0 destino \u00a0 \u00a0 era \u00a0 \u00a0 Estados\u00a0 \u00a0 \u00a0 Unidos.\u00a0 \u00a0 \u00a0 Valencia-D\u00edaz\u00a0 \u00a0 \u00a0recibi\u00f3\u00a0 \u00a0una\u00a0 \u00a0parte\u00a0 \u00a0del\u00a0 \u00a0cargamento\u00a0 de\u00a0 mayo\u00a0 de\u00a0 \u00a02003\u00a0 \u00a0que\u00a0 \u00a0llev\u00f3\u00a0 \u00a0de\u00a0 \u00a0Colombia\u00a0 \u00a0y\u00a0 fue\u00a0 \u00a0despachado\u00a0 \u00a0 a\u00a0 \u00a0 los\u00a0 \u00a0Estados \u00a0Unidos. \u00a0Dicho \u00a0cargamento \u00a0fue \u00a0cambiado \u00a0 y \u00a0 cre\u00f3 \u00a0 una \u00a0 deuda \u00a0 que \u00a0 llev\u00f3 \u00a0al \u00a0secuestro\u00a0 \u00a0de\u00a0 \u00a0Z\u00fa\u00f1iga\u00a0 \u00a0por\u00a0 \u00a0miembros\u00a0 de\u00a0 una\u00a0 organizaci\u00f3n\u00a0 \u00a0en\u00a0 Medell\u00edn, Colombia. \u00a0\u00a0<\/p>\n<p>\u201cTodas \u00a0 las \u00a0acciones \u00a0adelantadas \u00a0por \u00a0el \u00a0acusado \u00a0en \u00a0este \u00a0caso \u00a0fueron \u00a0realizadas \u00a0con \u00a0posterioridad \u00a0 \u00a0 \u00a0al \u00a0 \u00a0 \u00a017 \u00a0 \u00a0 \u00a0de \u00a0 \u00a0 \u00a0diciembre \u00a0 \u00a0 de \u00a0 \u00a0 1997\u201d. \u00a0\u00a0<\/p>\n<p>2.\u00a0 \u00a0 Los \u00a0documentos allegados \u00a0\u00a0<\/p>\n<p>La documentaci\u00f3n remitida por el Gobierno de \u00a0los \u00a0Estados \u00a0Unidos \u00a0de \u00a0Am\u00e9rica que sustenta la solicitud de extradici\u00f3n del \u00a0ciudadano \u00a0 \u00a0colombiano \u00a0 William \u00a0 Osiris \u00a0 Valencia \u00a0D\u00edaz, es la siguiente: \u00a0\u00a0<\/p>\n<p>2.1.\u00a0 \u00a0Copia \u00a0de \u00a0la acusaci\u00f3n n\u00famero \u00a004-20065 \u00a0Cr-Seitz proferida el 30 de enero de 2004 por el Tribunal del Distrito \u00a0de \u00a0 los \u00a0 Estados \u00a0Unidos, \u00a0Distrito \u00a0Sur \u00a0de \u00a0Florida, \u00a0en \u00a0contra \u00a0 \u00a0 \u00a0 \u00a0William \u00a0 \u00a0 \u00a0 \u00a0Osiris \u00a0 \u00a0 \u00a0 Valencia \u00a0 \u00a0 \u00a0 D\u00edaz. \u00a0\u00a0<\/p>\n<p>2.2.\u00a0 Copia de las declaraciones juradas \u00a0de \u00a0Alicia E. Schick, Fiscal Auxiliar de los Estados Unidos para el Distrito Sur \u00a0de \u00a0 Florida, \u00a0y \u00a0de \u00a0Dennis \u00a0Hocker, \u00a0Agente \u00a0Especial \u00a0de \u00a0la \u00a0Administraci\u00f3n \u00a0Antinarc\u00f3ticos \u00a0(DEA), \u00a0las \u00a0que \u00a0respaldan \u00a0la \u00a0acusaci\u00f3n \u00a0contra \u00a0 \u00a0 \u00a0 \u00a0William \u00a0 \u00a0 \u00a0 \u00a0Osiris \u00a0 \u00a0 \u00a0 Valencia \u00a0 \u00a0 \u00a0 D\u00edaz. \u00a0\u00a0<\/p>\n<p>La Fiscal Auxiliar de los Estados Unidos para \u00a0el \u00a0Distrito \u00a0Sur \u00a0de \u00a0Florida, \u00a0se\u00f1ora \u00a0Alicia \u00a0E. \u00a0Schick, en su declaraci\u00f3n \u00a0explica \u00a0los \u00a0alcances \u00a0jur\u00eddicos \u00a0de \u00a0la \u00a0acusaci\u00f3n, \u00a0hace una descripci\u00f3n y \u00a0vigencia \u00a0de \u00a0los tipos penales imputados y realiza una s\u00edntesis de los hechos, \u00a0de \u00a0la \u00a0actuaci\u00f3n \u00a0procesal \u00a0y \u00a0de \u00a0los \u00a0cargos \u00a0atribuidos \u00a0al \u00a0solicitado \u00a0en \u00a0extradici\u00f3n. \u00a0\u00a0<\/p>\n<p>A\u00a0 \u00a0 su\u00a0 \u00a0 vez,\u00a0 \u00a0 el\u00a0 \u00a0Agente\u00a0 \u00a0Especial\u00a0 \u00a0Dennis\u00a0 \u00a0Hocker\u00a0 \u00a0relata,\u00a0 de\u00a0 \u00a0manera \u00a0detallada,\u00a0 \u00a0los hechos objeto de investigaci\u00f3n y juzgamiento ante \u00a0el \u00a0citado Tribunal y la participaci\u00f3n en los mismos por parte del requerido en \u00a0extradici\u00f3n, \u00a0respecto \u00a0de \u00a0quien suministra la informaci\u00f3n necesaria sobre su \u00a0identidad. \u00a0\u00a0<\/p>\n<p>2.3.\u00a0 \u00a0 Copia \u00a0 del \u00a0 texto \u00a0 de \u00a0las \u00a0disposiciones \u00a0del \u00a0C\u00f3digo de los Estados Unidos que se afirman fueron violadas \u00a0por \u00a0el \u00a0solicitado en extradici\u00f3n y que se encontraban vigentes para la \u00e9poca \u00a0de los hechos. \u00a0\u00a0<\/p>\n<p>2.4.\u00a0 \u00a0Por \u00faltimo, se alleg\u00f3 copia de \u00a0la \u00a0 \u00a0orden \u00a0 \u00a0de \u00a0 \u00a0captura \u00a0 \u00a0dictada \u00a0 \u00a0en \u00a0 \u00a0contra \u00a0 \u00a0del \u00a0 \u00a0requerido \u00a0 en \u00a0extradici\u00f3n. \u00a0\u00a0<\/p>\n<p>2.5.\u00a0 \u00a0En la Nota Verbal 3369 del 31 de \u00a0octubre \u00a0de \u00a02007, \u00a0mediante la cual se formaliz\u00f3 la solicitud de extradici\u00f3n, \u00a0se \u00a0 \u00a0inform\u00f3 \u00a0 \u00a0que \u00a0 \u00a0William \u00a0 Osiris \u00a0 Valencia \u00a0D\u00edaz, \u00a0\u201ctambi\u00e9n conocido \u00a0como \u00a0\u2018Cachete\u2019, es ciudadano de Colombia, nacido el \u00a05 \u00a0de \u00a0mayo \u00a0de \u00a01968, \u00a0en \u00a0Acand\u00ed, Choc\u00f3, Colombia. Es portador de la c\u00e9dula \u00a0colombiana \u00a0N\u00b0 71.977.152. As\u00ed mismo, se acompa\u00f1a la \u00a0correspondiente fotograf\u00eda de su rostro. \u00a0\u00a0<\/p>\n<p>2.6.\u00a0 La Embajada de los Estados Unidos \u00a0de \u00a0Am\u00e9rica, \u00a0mediante \u00a0Nota Verbal N\u00b0 453 del 25 de febrero de 2004 solicit\u00f3 \u00a0la \u00a0captura con fines de extradici\u00f3n de William Osiris \u00a0Valencia \u00a0 D\u00edaz, \u00a0documento \u00a0que \u00a0el \u00a0Ministerio \u00a0de \u00a0Relaciones \u00a0Exteriores \u00a0remiti\u00f3 al Fiscal General de la Naci\u00f3n, cuyo Despacho, \u00a0mediante \u00a0 \u00a0resoluci\u00f3n \u00a0 \u00a0del \u00a0 \u00a01\u00b0 \u00a0 \u00a0de \u00a0 \u00a0marzo \u00a0 siguiente, \u00a0 orden\u00f3 \u00a0 su \u00a0aprehensi\u00f3n. \u00a0\u00a0<\/p>\n<p>Seg\u00fan \u00a0informaci\u00f3n \u00a0suministrada \u00a0por \u00a0la \u00a0Fiscal\u00eda \u00a0General \u00a0de \u00a0la \u00a0Naci\u00f3n, \u00a0la \u00a0resoluci\u00f3n \u00a0que \u00a0dispuso \u00a0la \u00a0captura \u00a0de \u00a0 William \u00a0 Osiris \u00a0 Valencia \u00a0 D\u00edaz, \u00a0identificado \u00a0con la c\u00e9dula de ciudadan\u00eda n\u00famero 71.977.152 de \u00a0Turbo \u00a0(Antioquia), \u00a0le fue notificada personalmente el 5 de septiembre de 2007, \u00a0fecha en la cual fue capturado. \u00a0\u00a0<\/p>\n<p>2.7.\u00a0 \u00a0La solicitud de extradici\u00f3n fue \u00a0formalizada \u00a0mediante \u00a0la \u00a0Nota \u00a0Verbal\u00a0 \u00a0n\u00famero 3369 del 31 de octubre de \u00a02007, \u00a0emitida \u00a0por la Embajada de los\u00a0 Estados\u00a0 Unidos\u00a0 de\u00a0 \u00a0Am\u00e9rica\u00a0 \u00a0 \u00a0y\u00a0 \u00a0 \u00a0dirigida\u00a0 \u00a0 \u00a0al\u00a0 \u00a0 \u00a0Ministerio \u00a0 de\u00a0 \u00a0Relaciones\u00a0 \u00a0Exteriores\u00a0 \u00a0de\u00a0 \u00a0Colombia,\u00a0 con\u00a0 la\u00a0 \u00a0que\u00a0 \u00a0se\u00a0 \u00a0adjunt\u00f3\u00a0 \u00a0la \u00a0documentaci\u00f3n \u00a0que \u00a0apoya el pedido de \u00a0extradici\u00f3n \u00a0 \u00a0 de \u00a0 \u00a0William \u00a0 \u00a0Osiris \u00a0 \u00a0Valencia \u00a0D\u00edaz. \u00a0\u00a0<\/p>\n<p>3.\u00a0 La normatividad que rige al presente \u00a0tr\u00e1mite \u00a0es \u00a0la \u00a0contemplada \u00a0en el\u00a0 Cap\u00edtulo Tercero, T\u00edtulo I, Libro V \u00a0del \u00a0C\u00f3digo de Procedimiento Penal (Ley\u00a0 600 de 2000), en la medida que no \u00a0existe \u00a0en \u00a0el \u00a0momento convenio\u00a0 aplicable que regule el asunto, como as\u00ed \u00a0lo \u00a0conceptu\u00f3 el Jefe de la Oficina\u00a0 de Asesor\u00eda Jur\u00eddica del Ministerio \u00a0de \u00a0Relaciones \u00a0Exteriores, \u00a0seg\u00fan \u00a0oficio\u00a0 \u00a0N\u00b0 \u00a0OAJ.E. \u00a02119 \u00a0del 1\u00b0 de \u00a0noviembre \u00a0 de \u00a0 2007, \u00a0 quien \u00a0 adem\u00e1s \u00a0 certific\u00f3 \u00a0que\u00a0 \u00a0la documentaci\u00f3n del expediente procedente \u00a0de \u00a0la \u00a0Embajada \u00a0de \u00a0los\u00a0 \u00a0Estados \u00a0Unidos \u00a0de \u00a0Am\u00e9rica, \u00a0fue \u00a0presentada \u00a0\u201cdebidamente \u00a0 \u00a0 \u00a0 \u00a0 autenticada\u201d. \u00a0\u00a0<\/p>\n<p>PER\u00cdODO\u00a0\u00a0 \u00a0PROBATORIO \u00a0\u00a0<\/p>\n<p>Las partes no solicitaron pruebas ni la Corte \u00a0consider\u00f3 \u00a0 necesario \u00a0 decretar \u00a0 ninguna \u00a0 de \u00a0oficio. \u00a0Igualmente, \u00a0mediante \u00a0providencia \u00a0del \u00a0pasado 18 de febrero, la Sala acept\u00f3 la renuncia de t\u00e9rminos \u00a0para \u00a0solicitar \u00a0pruebas \u00a0y \u00a0presentar \u00a0alegaciones \u00a0hecha \u00a0por \u00a0el requerido en \u00a0extradici\u00f3n \u00a0 \u00a0 \u00a0 Valencia \u00a0 \u00a0 \u00a0D\u00edaz. \u00a0\u00a0<\/p>\n<p>ALEGATO\u00a0\u00a0 \u00a0 \u00a0 DE\u00a0\u00a0 \u00a0LA\u00a0\u00a0 DEFENSA \u00a0\u00a0<\/p>\n<p>La \u00a0defensora del solicitado en extradici\u00f3n \u00a0manifiesta \u00a0que, \u00a0como \u00a0su representado desea que el presente asunto se agilice, \u00a0no \u00a0 propone, \u00a0 en \u00a0 consecuencia, \u00a0ninguna \u00a0discusi\u00f3n \u00a0f\u00e1ctica \u00a0y \u00a0jur\u00eddica. \u00a0\u00a0<\/p>\n<p>ALEGATO\u00a0 \u00a0DEL\u00a0 \u00a0PROCURADOR\u00a0 SEGUNDO \u00a0\u00a0<\/p>\n<p>DELEGADO\u00a0 \u00a0PARA\u00a0 LA\u00a0 CASACI\u00d3N\u00a0 PENAL \u00a0\u00a0<\/p>\n<p>El \u00a0representante \u00a0del \u00a0Ministerio P\u00fablico, \u00a0despu\u00e9s \u00a0de \u00a0relacionar de manera\u00a0 detallada los hechos, los antecedentes, \u00a0el \u00a0tr\u00e1mite \u00a0adelantado \u00a0y \u00a0los instrumentos allegados a este diligenciamiento, \u00a0dice \u00a0que, \u00a0en \u00a0lo relacionado\u00a0 con la validez formal de los documentos, el \u00a0Estado \u00a0solicitante \u00a0aport\u00f3, \u00a0debidamente \u00a0traducidas \u00a0y autenticadas, la pieza \u00a0acusatoria, \u00a0en \u00a0las \u00a0que \u00a0se\u00a0 \u00a0rese\u00f1aron \u00a0el \u00a0lugar \u00a0y \u00a0las \u00a0fechas donde \u00a0ocurrieron \u00a0 los \u00a0 hechos \u00a0 y \u00a0 los \u00a0 delitos\u00a0 \u00a0imputados,\u00a0 \u00a0las\u00a0 \u00a0normas\u00a0 \u00a0 penales\u00a0 \u00a0 y\u00a0 \u00a0las\u00a0 \u00a0declaraciones\u00a0 \u00a0de\u00a0 \u00a0apoyo\u00a0 \u00a0a\u00a0 \u00a0la\u00a0 \u00a0solicitud de extradici\u00f3n, motivo por el cual se \u00a0cumple con esta exigencia legal. \u00a0\u00a0<\/p>\n<p>Respecto \u00a0a \u00a0la \u00a0demostraci\u00f3n \u00a0plena \u00a0de la \u00a0identidad \u00a0 del \u00a0 requerido, \u00a0 asevera \u00a0que \u00a0los \u00a0datos \u00a0suministrados \u00a0por \u00a0las \u00a0autoridades \u00a0del \u00a0pa\u00eds \u00a0requirente \u00a0coinciden \u00a0con \u00a0los \u00a0de \u00a0la persona que fue \u00a0notificada \u00a0de \u00a0la \u00a0resoluci\u00f3n expedida por la Fiscal\u00eda General de la Naci\u00f3n, \u00a0por \u00a0medio \u00a0de \u00a0la cual se orden\u00f3 su captura y que en este momento se encuentra \u00a0detenida con fines de extradici\u00f3n. \u00a0\u00a0<\/p>\n<p>A\u00f1ade que en las Notas Verbales allegadas al \u00a0presente \u00a0tr\u00e1mite \u00a0se \u00a0consignaron sus datos personales, es decir, que se trata \u00a0de \u00a0un \u00a0ciudadano\u00a0 \u00a0colombiano, \u00a0nacido en Acand\u00ed (Choc\u00f3) el 5 de mayo de \u00a01968, \u00a0e \u00a0identificado \u00a0con \u00a0la c\u00e9dula de ciudadan\u00eda n\u00famero 71.977.152, datos \u00a0que \u00a0confirman \u00a0dicha \u00a0identidad, \u00a0los \u00a0cuales coinciden con los que suministr\u00f3 \u00a0William Osiris Valencia D\u00edaz \u00a0al momento de su captura.\u00a0 \u00a0\u00a0<\/p>\n<p>En \u00a0lo que tiene que ver con el principio de \u00a0la \u00a0doble \u00a0incriminaci\u00f3n, \u00a0sostiene \u00a0que \u00a0los \u00a0cargos \u00a0imputados \u00a0a \u00a0Valencia \u00a0D\u00edaz \u00a0encuentran \u00a0adecuaci\u00f3n \u00a0t\u00edpica \u00a0en \u00a0los art\u00edculos 340, modificado por la Ley 733 de 2002, 27 y 376 del \u00a0C\u00f3digo \u00a0Penal, \u00a0los \u00a0cuales \u00a0consagran \u00a0los delitos de concierto para delinquir \u00a0para \u00a0cometer \u00a0delitos \u00a0de narcotr\u00e1fico y tentativa de tr\u00e1fico, fabricaci\u00f3n o \u00a0porte \u00a0de estupefacientes, cuya pena privativa de la libertad no es inferior a 4 \u00a0a\u00f1os, \u00a0lo \u00a0que \u00a0le \u00a0permite \u00a0concluir \u00a0que \u00a0este \u00a0postulado tambi\u00e9n se cumple. \u00a0\u00a0<\/p>\n<p>As\u00ed\u00a0 \u00a0mismo,\u00a0 \u00a0en\u00a0 \u00a0lo\u00a0 \u00a0que\u00a0 \u00a0respecta\u00a0 \u00a0a\u00a0 la\u00a0 equivalencia\u00a0 de\u00a0 la\u00a0 \u00a0providencia \u00a0 dictada\u00a0 \u00a0en\u00a0 \u00a0el\u00a0 \u00a0pa\u00eds\u00a0 \u00a0solicitante,\u00a0 \u00a0manifiesta\u00a0 \u00a0que\u00a0 \u00a0tampoco\u00a0 \u00a0hay \u00a0inconveniente,\u00a0 \u00a0por\u00a0 \u00a0cuanto\u00a0 \u00a0 la\u00a0 \u00a0 acusaci\u00f3n\u00a0 \u00a0 dictada\u00a0 \u00a0 en\u00a0 \u00a0 el\u00a0 \u00a0extranjero \u00a0 \u00a0contiene\u00a0 \u00a0 \u00a0los\u00a0 \u00a0 \u00a0cargos\u00a0 \u00a0 de\u00a0 \u00a0 los\u00a0 \u00a0cuales\u00a0 \u00a0se\u00a0 debe\u00a0 defender\u00a0 el\u00a0 acusado\u00a0 en\u00a0 \u00a0el\u00a0 \u00a0 \u00a0juicio,\u00a0 \u00a0 \u00a0sin\u00a0 \u00a0 olvidar\u00a0 \u00a0 que\u00a0 \u00a0 dicha\u00a0 \u00a0pieza\u00a0 \u00a0 \u00a0 \u00a0 \u00a0se\u00a0 \u00a0 \u00a0 \u00a0 \u00a0constituye\u00a0 \u00a0 en\u00a0 \u00a0presupuesto \u00a0procesal\u00a0 \u00a0para\u00a0 \u00a0la\u00a0 \u00a0 \u00a0iniciaci\u00f3n\u00a0 \u00a0 \u00a0de\u00a0 \u00a0 \u00a0la\u00a0 \u00a0 \u00a0etapa\u00a0 \u00a0 \u00a0de\u00a0 \u00a0juzgamiento,\u00a0 \u00a0 que\u00a0 \u00a0 culmina \u00a0 con\u00a0 \u00a0la\u00a0 \u00a0respectiva\u00a0 \u00a0sentencia,\u00a0 \u00a0 \u00a0adem\u00e1s\u00a0 \u00a0 \u00a0de\u00a0 \u00a0 que\u00a0 \u00a0 contiene\u00a0 \u00a0 \u00a0 \u00a0 una\u00a0 \u00a0 \u00a0 \u00a0relaci\u00f3n \u00a0detallada\u00a0 \u00a0 \u00a0 \u00a0 de\u00a0 \u00a0 \u00a0 \u00a0 los\u00a0 \u00a0 \u00a0 \u00a0hechos,\u00a0 \u00a0 \u00a0 \u00a0con\u00a0 \u00a0especificaci\u00f3n\u00a0 \u00a0de\u00a0 las\u00a0 circunstancias\u00a0 de tiempo, modo y \u00a0lugar \u00a0en \u00a0que ocurrieron y la calificaci\u00f3n jur\u00eddica de la\u00a0 conducta, con \u00a0indicaci\u00f3n de las disposiciones sustanciales aplicables. \u00a0\u00a0<\/p>\n<p>Por consiguiente, estima el representante del \u00a0Ministerio \u00a0P\u00fablico \u00a0que \u00a0las\u00a0 \u00a0formalidades legales se cumplen cabalmente \u00a0para \u00a0que \u00a0la \u00a0Corte \u00a0proceda \u00a0a\u00a0 \u00a0emitir concepto favorable respecto de la \u00a0solicitud \u00a0de extradici\u00f3n que el Gobierno de los Estados Unidos elev\u00f3 respecto \u00a0del \u00a0 ciudadano \u00a0colombiano \u00a0William \u00a0Osiris \u00a0Valencia \u00a0D\u00edaz. \u00a0\u00a0<\/p>\n<p>Por \u00a0\u00faltimo, \u00a0con \u00a0el fin de garantizar los \u00a0derechos \u00a0 fundamentales \u00a0 del \u00a0 ciudadano \u00a0colombiano \u00a0Valencia \u00a0D\u00edaz, requerido \u00a0en \u00a0extradici\u00f3n, \u00a0el \u00a0Procurador \u00a0Delegado \u00a0sugiere a la \u00a0Corte \u00a0exhorte al Gobierno Nacional\u00a0 para que, en caso de que se conceda la \u00a0extradici\u00f3n, \u00a0se \u00a0condicione la misma en el sentido de que el solicitado no sea \u00a0juzgado \u00a0por \u00a0hechos \u00a0anteriores ni distintos a los que motivan la extradici\u00f3n, \u00a0ni \u00a0 sometido \u00a0 a \u00a0 prisi\u00f3n \u00a0 perpetua, \u00a0 ni \u00a0a \u00a0tratos \u00a0crueles, \u00a0inhumanos \u00a0o \u00a0degradantes. \u00a0\u00a0<\/p>\n<p>CONCEPTO\u00a0\u00a0 \u00a0DE\u00a0\u00a0 LA\u00a0\u00a0 CORTE \u00a0\u00a0<\/p>\n<p>El art\u00edculo 520 del C\u00f3digo de Procedimiento \u00a0Penal \u00a0estatuye \u00a0que \u00a0el\u00a0 concepto que emite la Sala debe estar centrado en \u00a0establecer \u00a0la \u00a0validez\u00a0 \u00a0formal \u00a0de \u00a0la \u00a0documentaci\u00f3n \u00a0presentada, en la \u00a0demostraci\u00f3n \u00a0plena de la\u00a0 identidad del solicitado, en el principio de la \u00a0doble \u00a0incriminaci\u00f3n, \u00a0en \u00a0la\u00a0 equivalencia de la providencia proferida en \u00a0el \u00a0extranjero \u00a0y, \u00a0cuando fuere el caso, en el cumplimiento de los previstos en \u00a0los tratados p\u00fablicos. \u00a0\u00a0<\/p>\n<p>En \u00a0esas condiciones, se proceder\u00e1 a emitir \u00a0el concepto en los siguientes t\u00e9rminos: \u00a0\u00a0<\/p>\n<p>1.\u00a0 \u00a0La\u00a0 \u00a0validez\u00a0 \u00a0 \u00a0 \u00a0formal\u00a0 \u00a0 \u00a0 \u00a0de\u00a0 \u00a0 \u00a0 los\u00a0 \u00a0 \u00a0 documentos\u00a0 \u00a0aportados \u00a0\u00a0<\/p>\n<p>Advierte \u00a0la \u00a0Sala \u00a0que \u00a0la \u00a0documentaci\u00f3n \u00a0presentada \u00a0 como \u00a0 soporte \u00a0de \u00a0la \u00a0petici\u00f3n \u00a0de \u00a0extradici\u00f3n \u00a0de \u00a0William Osiris Valencia D\u00edaz, cumple con \u00a0las \u00a0exigencias \u00a0legales \u00a0contempladas \u00a0en los C\u00f3digos de Procedimiento Penal y \u00a0Civil \u00a0para \u00a0tenerla \u00a0como \u00a0apta \u00a0para \u00a0fundar \u00a0el \u00a0concepto \u00a0que debe emitir la \u00a0Sala. \u00a0\u00a0<\/p>\n<p>En efecto, no hay duda que los documentos se \u00a0allegaron \u00a0 por \u00a0v\u00eda \u00a0diplom\u00e1tica, \u00a0habiendo \u00a0sido \u00a0debidamente \u00a0traducidos \u00a0y \u00a0autenticados, \u00a0 dentro \u00a0 de\u00a0 \u00a0los\u00a0 \u00a0cuales\u00a0 \u00a0obra\u00a0 \u00a0la\u00a0 \u00a0copia\u00a0 \u00a0de\u00a0 la\u00a0 acusaci\u00f3n\u00a0 n\u00famero 04-20065 Cr-Seitz del 30 \u00a0de \u00a0enero \u00a0de \u00a02004, dictada por el Tribunal del Distrito de los Estados Unidos, \u00a0Distrito \u00a0Sur \u00a0de \u00a0Florida, la que fue firmada por el correspondiente Presidente \u00a0del \u00a0Gran \u00a0Jurado \u00a0y \u00a0por \u00a0el \u00a0Fiscal \u00a0de \u00a0los \u00a0Estados \u00a0Unidos, \u00a0documento cuya \u00a0autenticidad \u00a0de \u00a0su \u00a0contenido \u00a0fue \u00a0certificada \u00a0con \u00a0las \u00a0firmas \u00a0y \u00a0el sello \u00a0pertenecientes al secretario de dicho Tribunal. \u00a0\u00a0<\/p>\n<p>A su vez, obran las declaraciones juradas de \u00a0Alicia \u00a0E. Schick, Fiscal Auxiliar de los Estados Unidos para el Distrito Sur de \u00a0Florida \u00a0 y \u00a0 de \u00a0 Dennis \u00a0 Hocker, \u00a0 Agente \u00a0 Especial \u00a0de \u00a0la \u00a0Administraci\u00f3n \u00a0Antinarc\u00f3ticos \u00a0(DEA), cuyos contenidos y traducci\u00f3n al espa\u00f1ol, junto con el \u00a0resto \u00a0de \u00a0la \u00a0documentaci\u00f3n \u00a0que \u00a0las \u00a0acompa\u00f1a, fueron certificados, el 2 de \u00a0octubre \u00a0de \u00a02007, \u00a0por Thomas Black, Director Asociado de la Oficina de Asuntos \u00a0Internacionales, \u00a0Divisi\u00f3n \u00a0de \u00a0lo \u00a0Penal, \u00a0del Departamento de Justicia de los \u00a0Estados Unidos. \u00a0\u00a0<\/p>\n<p>As\u00ed \u00a0mismo \u00a0aparece \u00a0que \u00a0la documentaci\u00f3n \u00a0anexa \u00a0hace \u00a0referencia \u00a0a la orden de captura y a las normas penales aplicables \u00a0al \u00a0caso, \u00a0esto es, T\u00edtulo 18, Secci\u00f3n 3282 (delitos no conminados con la pena \u00a0de \u00a0muerte) \u00a0y \u00a0T\u00edtulo 21, Secciones 812 (lista de sustancias controladas), 841 \u00a0(distribuci\u00f3n \u00a0 y \u00a0 posesi\u00f3n \u00a0 de \u00a0sustancias \u00a0controladas), \u00a0846 \u00a0(intento \u00a0y \u00a0conspiraci\u00f3n), \u00a0952 \u00a0(sustancias controladas), 960 (actos prohibidos y penas) y \u00a0963 (tentativa y concierto) del C\u00f3digo de los Estados Unidos. \u00a0\u00a0<\/p>\n<p>A \u00a0su \u00a0vez, la firma y el cargo de la se\u00f1or \u00a0Thomas \u00a0Black fueron certificados por el se\u00f1or Peter Keisler, Procurador de los \u00a0Estados \u00a0Unidos, \u00a0quien \u00a0seg\u00fan \u00a0su \u00a0propia \u00a0afirmaci\u00f3n escrita, orden\u00f3 que se \u00a0estampara \u00a0el \u00a0sello \u00a0del Departamento de Justicia de los Estados Unidos, siendo \u00a0atestada \u00a0la \u00a0firma \u00a0de \u00a0aqu\u00e9l por el Director Adjunto de la Oficina de Asuntos \u00a0Internacionales, \u00a0Divisi\u00f3n \u00a0de \u00a0lo Penal, y el sello del Departamento de Estado \u00a0fue \u00a0ordenado \u00a0por \u00a0la \u00a0Secretaria \u00a0de Estado, se\u00f1ora Condoleezza Rice, de cuyo \u00a0nombre dio fe el Auxiliar de Autenticaciones de la misma oficina. \u00a0\u00a0<\/p>\n<p>Por \u00a0 \u00faltimo, \u00a0dichos \u00a0documentos \u00a0fueron \u00a0presentados \u00a0para su autenticaci\u00f3n ante el C\u00f3nsul de Colombia en Washington D. \u00a0C., \u00a0se\u00f1or \u00a0Julio \u00a0C\u00e9sar \u00a0Aldana \u00a0Bula, \u00a0como as\u00ed lo constat\u00f3 y lo aval\u00f3 la \u00a0Oficina \u00a0 de \u00a0 Legalizaciones \u00a0 del \u00a0 Ministerio \u00a0 de \u00a0 Relaciones \u00a0 Exteriores, \u00a0cumpli\u00e9ndose \u00a0con \u00a0lo \u00a0establecido \u00a0por \u00a0el \u00a0art\u00edculo \u00a0259 del C. de P. Civil, \u00a0modificado \u00a0por \u00a0el \u00a01\u00b0, \u00a0numeral \u00a0118 \u00a0del \u00a0D. E. 2282 de 1989 que dice:\u00a0 \u00a0\u201cLos\u00a0 \u00a0 \u00a0 \u00a0documentos\u00a0 \u00a0 \u00a0 \u00a0p\u00fablicos \u00a0otorgados\u00a0 \u00a0 \u00a0 \u00a0en\u00a0 \u00a0 \u00a0 pa\u00eds\u00a0 \u00a0 \u00a0 extranjero\u00a0 \u00a0 \u00a0 por\u00a0 \u00a0funcionario\u00a0 \u00a0 \u00a0 \u00a0de\u00a0 \u00a0 \u00a0 \u00e9ste\u00a0 \u00a0 \u00a0 o\u00a0 \u00a0 \u00a0 con\u00a0 \u00a0 \u00a0 su \u00a0intervenci\u00f3n,\u00a0 \u00a0deber\u00e1n\u00a0 presentarse debidamente autenticados por el \u00a0c\u00f3nsul\u00a0 \u00a0 o\u00a0 \u00a0 agente\u00a0 \u00a0 diplom\u00e1tico\u00a0 \u00a0 de\u00a0 \u00a0la\u00a0 \u00a0Rep\u00fablica,\u00a0 \u00a0y\u00a0 en\u00a0 su\u00a0 defecto\u00a0 por\u00a0 el de\u00a0 \u00a0una\u00a0 \u00a0 \u00a0naci\u00f3n\u00a0 \u00a0 \u00a0amiga,\u00a0 \u00a0 \u00a0lo\u00a0 \u00a0 cual\u00a0 \u00a0 hace\u00a0 \u00a0presumir\u00a0 \u00a0que\u00a0 \u00a0se\u00a0 \u00a0otorgaron \u00a0conforme a la ley del respectivo \u00a0pa\u00eds. \u00a0La firma del c\u00f3nsul o agente diplom\u00e1tico se abonar\u00e1 por el Ministerio \u00a0de \u00a0Relaciones Exteriores de Colombia, y si se trata de agentes consulares de un \u00a0pa\u00eds \u00a0amigo, \u00a0se \u00a0autenticar\u00e1 \u00a0previamente \u00a0por \u00a0el funcionario competente del \u00a0mismo \u00a0y \u00a0los \u00a0de \u00a0\u00e9ste \u00a0por el c\u00f3nsul colombiano\u201d, \u00a0disposici\u00f3n \u00a0aplicable al caso en virtud del principio de integraci\u00f3n previsto \u00a0en \u00a0los \u00a0art\u00edculos \u00a025 \u00a0y \u00a0495, \u00a0\u00faltimo \u00a0inciso, \u00a0del C\u00f3digo de Procedimiento \u00a0Penal. \u00a0\u00a0<\/p>\n<p>Adem\u00e1s, \u00a0el Jefe de la Oficina de Asesor\u00eda \u00a0Jur\u00eddica \u00a0 del \u00a0 Ministerio \u00a0 de \u00a0 Relaciones \u00a0 Exteriores \u00a0certific\u00f3 \u00a0que \u00a0la \u00a0documentaci\u00f3n \u00a0del \u00a0expediente \u00a0procedente de la Embajada de los Estados Unidos \u00a0de \u00a0 \u00a0Am\u00e9rica, \u00a0 \u00a0fue \u00a0 presentada \u00a0 \u201cdebidamente \u00a0autenticada\u201d. \u00a0\u00a0<\/p>\n<p>Por lo tanto, teniendo en cuenta\u00a0 que la \u00a0solicitud \u00a0de \u00a0extradici\u00f3n \u00a0de William Osiris Valencia \u00a0D\u00edaz \u00a0se \u00a0hizo \u00a0por \u00a0la v\u00eda diplom\u00e1tica y que en la \u00a0expedici\u00f3n \u00a0 y \u00a0tr\u00e1mite \u00a0de \u00a0los \u00a0mencionados \u00a0documentos, \u00a0as\u00ed \u00a0como \u00a0en \u00a0su \u00a0traducci\u00f3n, \u00a0se cumplieron todos los ritos formales de legalizaci\u00f3n prescritos \u00a0por \u00a0las \u00a0normas \u00a0de \u00a0los \u00a0Estados Unidos de Am\u00e9rica, la Corte los tendr\u00e1 como \u00a0aptos \u00a0para \u00a0servir \u00a0de prueba en este asunto, cumpli\u00e9ndose as\u00ed con la primera \u00a0exigencia legal. \u00a0\u00a0<\/p>\n<p>2.\u00a0 \u00a0La\u00a0 \u00a0identificaci\u00f3n\u00a0 \u00a0 \u00a0plena\u00a0 \u00a0 \u00a0del\u00a0 \u00a0 \u00a0solicitado\u00a0 \u00a0 en\u00a0 \u00a0extradici\u00f3n \u00a0\u00a0<\/p>\n<p>No \u00a0hay \u00a0duda \u00a0que \u00a0el \u00a0ciudadano colombiano \u00a0William \u00a0 \u00a0 Osiris \u00a0 \u00a0Valencia \u00a0 \u00a0D\u00edaz, \u00a0a \u00a0quien \u00a0se \u00a0refiere \u00a0este tr\u00e1mite, es la persona solicitada en \u00a0extradici\u00f3n por el Gobierno de los Estados Unidos de Am\u00e9rica. \u00a0\u00a0<\/p>\n<p>En efecto, de la documentaci\u00f3n remitida por \u00a0v\u00eda \u00a0diplom\u00e1tica se colige claramente, como lo destaca el Procurador Delegado, \u00a0que \u00a0 \u00a0se \u00a0 \u00a0trata \u00a0 de \u00a0 William \u00a0 Osiris \u00a0 Valencia \u00a0D\u00edaz, \u00a0pues \u00a0basta observar que el n\u00famero de c\u00e9dula \u00a0de \u00a0ciudadan\u00eda que suministr\u00f3 la Embajada de los Estados Unidos de Am\u00e9rica, a \u00a0trav\u00e9s \u00a0de \u00a0la \u00a0Nota \u00a0Verbal \u00a0n\u00famero \u00a03369 \u00a0del \u00a031 \u00a0de octubre de\u00a0 2007, \u00a0concuerda\u00a0 \u00a0con\u00a0 \u00a0el\u00a0 \u00a0que\u00a0 \u00a0aparece\u00a0 en\u00a0 el\u00a0 \u00a0acta\u00a0 \u00a0 de\u00a0 \u00a0 notificaci\u00f3n\u00a0 \u00a0 personal\u00a0 \u00a0de\u00a0 \u00a0la\u00a0 \u00a0providencia\u00a0 \u00a0por\u00a0 \u00a0medio\u00a0 \u00a0de\u00a0 la\u00a0 cual\u00a0 se\u00a0 \u00a0dispuso\u00a0 \u00a0su\u00a0 \u00a0captura,\u00a0 \u00a0en\u00a0 la diligencia mediante la cual \u00a0se \u00a0le \u00a0comunic\u00f3 \u00a0sus \u00a0derechos de capturado por raz\u00f3n de este tr\u00e1mite, en el \u00a0acta \u00a0de buen trato suscrita por \u00e9l\u00a0 y en la tarjeta decadactilar expedida \u00a0por \u00a0la \u00a0Registradur\u00eda \u00a0Nacional \u00a0del Estado Civil (71.977.152), adem\u00e1s de que \u00a0ninguno de los sujetos procesales ha cuestionado dicha identidad. \u00a0\u00a0<\/p>\n<p>Igualmente, \u00a0todos \u00a0los \u00a0datos suministrados \u00a0coinciden \u00a0con \u00a0los \u00a0que obran en la documentaci\u00f3n, es decir, que se identifica \u00a0con \u00a0la \u00a0c\u00e9dula \u00a0de \u00a0ciudadan\u00eda \u00a0n\u00famero 71.977.152 de Turbo (Antioquia) y que \u00a0naci\u00f3 \u00a0en \u00a0Acand\u00ed \u00a0(Choc\u00f3) \u00a0el \u00a05 de mayo de 1968, informaci\u00f3n que concuerda \u00a0integralmente \u00a0con \u00a0aquella que aparece registrada en los documentos allegados a \u00a0este \u00a0 expediente, \u00a0 dentro \u00a0 del \u00a0cual \u00a0tambi\u00e9n \u00a0se \u00a0aport\u00f3 \u00a0una \u00a0fotograf\u00eda \u00a0suya. \u00a0\u00a0<\/p>\n<p>En esas condiciones, resulta evidente que la \u00a0persona \u00a0 detenida \u00a0 es \u00a0 William \u00a0 Osiris \u00a0 Valencia \u00a0D\u00edaz, \u00a0de \u00a0nacionalidad \u00a0colombiana y es el ciudadano \u00a0requerido en extradici\u00f3n por el Gobierno de los Estados Unidos. \u00a0\u00a0<\/p>\n<p>3.\u00a0 \u00a0El\u00a0 \u00a0principio\u00a0 de\u00a0 la\u00a0 doble\u00a0 incriminaci\u00f3n \u00a0\u00a0<\/p>\n<p>De \u00a0conformidad \u00a0con \u00a0el \u00a0numeral \u00a01\u00b0 \u00a0del \u00a0art\u00edculo \u00a0511 \u00a0del \u00a0C\u00f3digo de Procedimiento Penal, para que la extradici\u00f3n se \u00a0pueda \u00a0conceder \u00a0se \u00a0requiere \u00a0que \u00a0el \u00a0hecho \u00a0que la motiva est\u00e9 previsto como \u00a0delito \u00a0en \u00a0Colombia \u00a0y reprimido con una sanci\u00f3n privativa de la libertad cuyo \u00a0m\u00ednimo no sea inferior a cuatro (4) a\u00f1os. \u00a0\u00a0<\/p>\n<p>Teniendo \u00a0en \u00a0cuenta \u00a0la \u00a0acusaci\u00f3n n\u00famero \u00a004-20065 \u00a0Cr-Seitz del 30 de enero de 2004, dictada por el Tribunal del Distrito \u00a0de \u00a0los \u00a0Estados \u00a0Unidos, \u00a0Distrito \u00a0Sur \u00a0de Florida, se sabe que a William \u00a0Osiris Valencia D\u00edaz se le acus\u00f3 \u00a0de \u00a0 \u201cconspirar\u201d \u00a0para \u00a0\u201cimportar\u201d (cargo \u00a0 \u00a01) \u00a0 y \u00a0 para \u00a0 \u201cposeer \u00a0con la intenci\u00f3n de distribuir\u201d \u00a0(cargo \u00a0 2) \u00a0 cinco \u00a0 (5) \u00a0kilogramos \u00a0 o \u00a0 m\u00e1s \u00a0 de \u00a0 coca\u00edna \u00a0 e \u00a0\u201cintento \u00a0importar\u201d \u00a0 \u00a0 (cargo \u00a03) cinco (5) kilogramos o m\u00e1s de coca\u00edna, seg\u00fan las \u00a0normas penales del pa\u00eds requirente en precedencia citadas. \u00a0\u00a0<\/p>\n<p>En \u00a0esas \u00a0condiciones, \u00a0advierte la Sala que \u00a0dichos \u00a0cargos, de acuerdo con los hechos que se imputan y las normas allegadas, \u00a0encuentran \u00a0adecuaci\u00f3n \u00a0t\u00edpica \u00a0en \u00a0nuestro sistema penal en lo reglado en los \u00a0art\u00edculos \u00a0340, \u00a0inciso \u00a0segundo, \u00a027 y 376 del\u00a0 C\u00f3digo Penal, el primero \u00a0modificado \u00a0por \u00a0el art\u00edculo 8\u00b0 de la Ley 733 del 29 de enero de 2002 y por el \u00a0art\u00edculo \u00a019 \u00a0de \u00a0la \u00a0Ley \u00a01121 \u00a0del \u00a029 \u00a0de \u00a0diciembre de 2006, que prev\u00e9n el \u00a0concierto \u00a0para \u00a0delinquir \u00a0relacionado \u00a0con \u00a0narcotr\u00e1fico \u00a0y \u00a0la \u00a0tentativa de \u00a0tr\u00e1fico, \u00a0fabricaci\u00f3n \u00a0o \u00a0porte \u00a0de \u00a0estupefacientes, \u00a0respectivamente, habida \u00a0cuenta \u00a0que, como qued\u00f3 visto, William Osiris Valencia \u00a0D\u00edaz, \u00a0 \u00a0con \u00a0 conocimiento \u00a0 e \u00a0 intencionalmente, \u00a0conspir\u00f3 \u00a0para \u00a0importar \u00a0y \u00a0poseer \u00a0e \u00a0intent\u00f3 \u00a0importar \u00a0sustancias que conten\u00eda una cantidad perceptible de coca\u00edna. \u00a0\u00a0<\/p>\n<p>Cabe \u00a0agregar \u00a0que \u00a0los \u00a0citados \u00a0delitos de \u00a0concierto \u00a0para \u00a0delinquir (relacionado con el tr\u00e1fico de estupefacientes) y de \u00a0tr\u00e1fico, \u00a0fabricaci\u00f3n \u00a0o \u00a0porte \u00a0de \u00a0estupefacientes en grado de tentativa, de \u00a0acuerdo \u00a0con \u00a0la \u00a0legislaci\u00f3n \u00a0nacional \u00a0anteriormente citada, contemplan\u00a0 \u00a0una\u00a0 \u00a0 pena\u00a0 \u00a0privativa\u00a0 \u00a0de \u00a0la\u00a0 \u00a0libertad\u00a0 \u00a0que\u00a0 \u00a0oscila\u00a0 \u00a0 \u00a0entre\u00a0 \u00a0 ocho\u00a0 \u00a0 (8)\u00a0 \u00a0 y\u00a0 \u00a0 dieciocho\u00a0 \u00a0(18)\u00a0 \u00a0 \u00a0a\u00f1os\u00a0 \u00a0 \u00a0de\u00a0 \u00a0 \u00a0prisi\u00f3n,\u00a0 \u00a0 para\u00a0 \u00a0 el\u00a0 \u00a0primero,\u00a0 \u00a0y\u00a0 \u00a0entre\u00a0 \u00a0ocho\u00a0 \u00a0(8)\u00a0 y\u00a0 veinte\u00a0 \u00a0(20) \u00a0a\u00f1os,\u00a0 \u00a0para\u00a0 el\u00a0 segundo, punibilidad esta \u00faltima que se \u00a0aument\u00f3 \u00a0en \u00a0la \u00a0tercera \u00a0parte respecto del m\u00ednimo y en la mitad en cuanto al \u00a0m\u00e1ximo por disposici\u00f3n del art\u00edculo 14 de la Ley 890 de 2004. \u00a0\u00a0<\/p>\n<p>As\u00ed las cosas, claro es que se cumple con el \u00a0principio de la doble incriminaci\u00f3n. \u00a0\u00a0<\/p>\n<p>4.\u00a0 \u00a0 Equivalencia\u00a0 \u00a0de\u00a0 \u00a0la\u00a0 \u00a0providencia\u00a0 \u00a0 \u00a0 \u00a0 \u00a0 \u00a0 proferida\u00a0 \u00a0 \u00a0 \u00a0 \u00a0 \u00a0 en\u00a0 \u00a0 \u00a0 \u00a0 \u00a0 \u00a0el\u00a0 \u00a0extranjero \u00a0\u00a0<\/p>\n<p>Advierte \u00a0la \u00a0Corte que no existe dificultad \u00a0alguna \u00a0para \u00a0concluir \u00a0que \u00a0se \u00a0cumple \u00a0con \u00a0el \u00a0requisito \u00a0de \u00a0la equivalencia \u00a0contemplado \u00a0en \u00a0el \u00a0numeral \u00a02\u00b0 del art\u00edculo 511 del C\u00f3digo de Procedimiento \u00a0Penal \u00a0de \u00a02000, \u00a0el cual exige \u201cque por lo menos se \u00a0haya \u00a0 \u00a0dictado \u00a0 \u00a0en \u00a0 \u00a0el \u00a0 \u00a0exterior \u00a0 resoluci\u00f3n \u00a0 de \u00a0 acusaci\u00f3n \u00a0 o \u00a0 su \u00a0equivalente\u201d. \u00a0\u00a0<\/p>\n<p>En\u00a0 efecto, el Tribunal del Distrito de \u00a0los \u00a0 Estados \u00a0 Unidos, \u00a0 Distrito \u00a0 Sur \u00a0 de \u00a0Florida, \u00a0acus\u00f3 \u00a0a \u00a0William \u00a0Osiris \u00a0Valencia \u00a0D\u00edaz \u00a0por \u00a0las \u00a0conductas\u00a0 \u00a0punibles \u00a0se\u00f1aladas en precedencia, mediante acto procesal que \u00a0en \u00a0nuestra \u00a0legislaci\u00f3n \u00a0equivale \u00a0a \u00a0la \u00a0acusaci\u00f3n, como emerge de las\u00a0 \u00a0siguientes similitudes, que las tornan equivalentes: \u00a0\u00a0<\/p>\n<p>\u00a0 \u00a0 \u00a0<\/p>\n<p>a. Es \u00a0un \u00a0escrito \u00a0de acusaci\u00f3n en el cual se atribuyen los cargos en \u00a0contra del acusado para que se defienda de ellos en el juicio. \u00a0 \u00a0\u00a0<\/p>\n<p>\u00a0 \u00a0 \u00a0<\/p>\n<p>a. Formulada \u00a0la \u00a0acusaci\u00f3n \u00a0se \u00a0inicia \u00a0el juicio que finaliza con el \u00a0respectivo fallo de m\u00e9rito. \u00a0 \u00a0\u00a0<\/p>\n<p>\u00a0 \u00a0 \u00a0<\/p>\n<p>a. Se\u00a0 \u00a0 \u00a0se\u00f1alan\u00a0 \u00a0 \u00a0los\u00a0 \u00a0 \u00a0hechos,\u00a0 \u00a0 con\u00a0 \u00a0especificaci\u00f3n\u00a0 \u00a0 \u00a0de\u00a0 \u00a0 \u00a0las\u00a0 \u00a0 circunstancias\u00a0 \u00a0 de\u00a0 \u00a0tiempo\u00a0 \u00a0modo\u00a0 y\u00a0 lugar\u00a0 en\u00a0 que\u00a0 ocurrieron\u00a0 \u00a0y\u00a0 \u00a0 la\u00a0 \u00a0 calificaci\u00f3n\u00a0 \u00a0 jur\u00eddica \u00a0 de \u00a0 las \u00a0conductas, \u00a0con \u00a0indicaci\u00f3n de las disposiciones sustanciales\u00a0 aplicables. \u00a0 \u00a0\u00a0<\/p>\n<p>Por \u00a0lo \u00a0tanto, se observa que la acusaci\u00f3n \u00a0emitida \u00a0por \u00a0el \u00a0Tribunal \u00a0extranjero \u00a0es \u00a0equivalente \u00a0y tiene la misma fuerza \u00a0vinculante \u00a0de \u00a0la \u00a0acusaci\u00f3n \u00a0propia \u00a0de nuestro sistema judicial, pudi\u00e9ndose \u00a0concluir que esta exigencia legal tambi\u00e9n se satisface. \u00a0\u00a0<\/p>\n<p>ACOTACI\u00d3N\u00a0\u00a0 \u00a0FINAL \u00a0\u00a0<\/p>\n<p>Teniendo \u00a0en cuenta la sugerencia hecha por \u00a0el \u00a0Procurador Delegado, se pone de presente al Gobierno Nacional que en caso de \u00a0concederse \u00a0la \u00a0extradici\u00f3n,\u00a0 debe condicionar la entrega en el sentido de \u00a0que \u00a0 William \u00a0 Osiris \u00a0 Valencia \u00a0 D\u00edaz \u00a0no \u00a0ser\u00e1 \u00a0juzgado \u00a0por \u00a0hechos \u00a0distintos a los que originaron la \u00a0reclamaci\u00f3n, \u00a0ni \u00a0sometido \u00a0a tratos crueles, inhumanos o degradantes, ni se le \u00a0impondr\u00e1 \u00a0la pena capital o perpetua, al tenor del art\u00edculo 512 del C\u00f3digo de \u00a0Procedimiento Penal. \u00a0\u00a0<\/p>\n<p>De la misma manera, se exhorta al Gobierno, \u00a0encabezado \u00a0por \u00a0el \u00a0se\u00f1or \u00a0Presidente \u00a0como \u00a0supremo \u00a0director de la pol\u00edtica \u00a0exterior \u00a0y \u00a0las \u00a0relaciones \u00a0internacionales, \u00a0para \u00a0que efect\u00fae el respectivo \u00a0seguimiento \u00a0a \u00a0los \u00a0condicionamientos \u00a0que \u00a0se \u00a0impongan \u00a0a la concesi\u00f3n de la \u00a0extradici\u00f3n \u00a0y \u00a0determinar \u00a0las consecuencias que se derivar\u00edan de su eventual \u00a0incumplimiento, \u00a0al tenor de lo se\u00f1alado en el ordinal 2\u00b0 del art\u00edculo 189 de \u00a0la Carta Pol\u00edtica. \u00a0\u00a0<\/p>\n<p>De \u00a0otra \u00a0parte, \u00a0se \u00a0pide \u00a0al \u00a0ejecutivo \u00a0recomiende \u00a0al \u00a0Estado \u00a0requirente que, en caso de condena, tenga en cuenta como \u00a0parte \u00a0de \u00a0la \u00a0pena \u00a0el tiempo que el solicitado haya podido estar privado de la \u00a0libertad con motivo del tr\u00e1mite de extradici\u00f3n. \u00a0\u00a0<\/p>\n<p>En \u00a0consecuencia, \u00a0como la totalidad de los \u00a0requisitos \u00a0 formales \u00a0 contemplados \u00a0 en \u00a0 el \u00a0art\u00edculo \u00a0520 \u00a0del \u00a0C\u00f3digo \u00a0de \u00a0Procedimiento \u00a0 Penal \u00a0 se \u00a0cumplen \u00a0satisfactoriamente, \u00a0la \u00a0Sala \u00a0CONCEPT\u00daA \u00a0 FAVORABLEMENTE \u00a0a \u00a0la \u00a0solicitud \u00a0de \u00a0extradici\u00f3n \u00a0elevada \u00a0por \u00a0el Gobierno de los \u00a0Estados \u00a0Unidos \u00a0de \u00a0Am\u00e9rica, \u00a0respecto \u00a0del \u00a0ciudadano \u00a0colombiano \u00a0WILLIAM \u00a0OSIRIS VALENCIA D\u00cdAZ, en cuanto \u00a0tiene \u00a0 que \u00a0 ver \u00a0 con \u00a0los \u00a0tres \u00a0cargos \u00a0que le fueron imputados en la acusaci\u00f3n n\u00famero 04-20065 Cr-Seitz \u00a0del \u00a030 \u00a0de \u00a0enero \u00a0de 2004, dictada por el Tribunal del Distrito de los Estados \u00a0Unidos para el Distrito Sur de Florida. \u00a0\u00a0<\/p>\n<p>Comun\u00edquese \u00a0 esta \u00a0 determinaci\u00f3n \u00a0 al \u00a0requerido, \u00a0William \u00a0Osiris Valencia D\u00edaz, \u00a0quien se encuentra recluido en el Establecimiento Penitenciario y \u00a0Carcelario \u00a0de \u00a0Alta \u00a0y \u00a0Mediana Seguridad de Combita, a su defensora, al Agente \u00a0del \u00a0Ministerio \u00a0P\u00fablico \u00a0y \u00a0al \u00a0Fiscal General de la Naci\u00f3n, para lo de\u00a0 \u00a0su\u00a0 cargo. \u00a0\u00a0<\/p>\n<p>Devu\u00e9lvase \u00a0el expediente al Ministerio del \u00a0Interior y de Justicia, para lo de ley. \u00a0\u00a0<\/p>\n<p>SIGIFREDO ESPINOSA P\u00c9REZ \u00a0<\/p>\n<p>Aclaraci\u00f3n de voto \u00a0<\/p>\n<p>ALFREDO \u00a0 G\u00d3MEZ \u00a0 QUINTERO \u00a0\u00a0 \u00a0\u00a0 \u00a0\u00a0 \u00a0\u00a0 \u00a0\u00a0 \u00a0\u00a0 \u00a0\u00a0 \u00a0\u00a0 MAR\u00cdA DEL ROSARIO GONZ\u00c1LEZ DE \u00a0LEMOS \u00a0\u00a0<\/p>\n<p>AUGUSTO \u00a0J. \u00a0IBA\u00d1EZ \u00a0GUZM\u00c1N \u00a0\u00a0 \u00a0\u00a0 \u00a0\u00a0 \u00a0\u00a0 \u00a0\u00a0 \u00a0\u00a0 \u00a0 \u00a0 \u00a0 \u00a0\u00a0 \u00a0JORGE \u00a0LUIS \u00a0QUINTERO \u00a0MILAN\u00c9S \u00a0\u00a0 \u00a0\u00a0 \u00a0\u00a0 \u00a0\u00a0 \u00a0\u00a0 \u00a0\u00a0 \u00a0\u00a0 \u00a0\u00a0 \u00a0\u00a0 \u00a0\u00a0 \u00a0 \u00a0 \u00a0\u00a0<\/p>\n<p>YESID \u00a0 RAM\u00cdREZ \u00a0 BASTIDAS \u00a0\u00a0 \u00a0\u00a0 \u00a0\u00a0 \u00a0\u00a0 \u00a0\u00a0 \u00a0\u00a0 \u00a0 \u00a0 \u00a0 \u00a0\u00a0 \u00a0JULIO \u00a0ENRIQUE \u00a0SOCHA \u00a0SALAMANCA \u00a0\u00a0 \u00a0\u00a0 \u00a0\u00a0 \u00a0\u00a0 \u00a0\u00a0 \u00a0\u00a0 \u00a0\u00a0 \u00a0\u00a0 \u00a0\u00a0 \u00a0\u00a0 \u00a0 \u00a0\u00a0 \u00a0 \u00a0 \u00a0 \u00a0 \u00a0 \u00a0 \u00a0 \u00a0 \u00a0\u00a0 \u00a0 \u00a0 \u00a0 \u00a0 \u00a0\u00a0 \u00a0\u00a0 \u00a0\u00a0 \u00a0\u00a0 \u00a0\u00a0 \u00a0\u00a0 \u00a0\u00a0 \u00a0\u00a0 \u00a0 \u00a0\u00a0 \u00a0 \u00a0 \u00a0 \u00a0 \u00a0 \u00a0 \u00a0 \u00a0 \u00a0\u00a0 \u00a0 \u00a0 \u00a0 \u00a0 \u00a0\u00a0 \u00a0\u00a0 \u00a0 \u00a0 \u00a0 \u00a0 \u00a0\u00a0<\/p>\n<p>JAVIER\u00a0 ZAPATA ORT\u00cdZ \u00a0<\/p>\n<p>TERESA RU\u00cdZ NU\u00d1EZ \u00a0<\/p>\n<p>\u00a0 \u00a0\u00a0 \u00a0 \u00a0 \u00a0\u00a0 \u00a0\u00a0 \u00a0\u00a0 \u00a0\u00a0 \u00a0\u00a0 \u00a0\u00a0 \u00a0 \u00a0\u00a0 \u00a0 \u00a0 \u00a0 \u00a0 \u00a0 \u00a0 \u00a0 \u00a0 \u00a0\u00a0 \u00a0 \u00a0 \u00a0 \u00a0 \u00a0\u00a0 \u00a0\u00a0\u00a0\u00a0\u00a0\u00a0\u00a0\u00a0\u00a0\u00a0 \u00a0Secretaria \u00a0\u00a0<\/p>\n<p>ACLARACI\u00d3N\u00a0 DE\u00a0 VOTO \u00a0<\/p>\n<p>Con el respeto que siempre profeso por las \u00a0decisiones \u00a0de \u00a0la Sala, expongo a continuaci\u00f3n los aspectos que, en mi sentir, \u00a0deben \u00a0incluirse \u00a0en \u00a0los \u00a0conceptos de extradici\u00f3n que emite la Corte frente a \u00a0tr\u00e1mites \u00a0que involucran ciudadanos colombianos por nacimiento, particularmente \u00a0cuando \u00a0se \u00a0desarrollan \u00a0en \u00a0ausencia \u00a0de \u00a0cl\u00e1usulas \u00a0pactadas \u00a0en instrumentos \u00a0internacionales \u00a0 de \u00a0 car\u00e1cter \u00a0bilateral \u00a0o \u00a0multilateral, \u00a0en \u00a0la \u00a0forma \u00a0de \u00a0condicionamientos \u00a0que \u00a0el \u00a0Gobierno \u00a0Nacional \u00a0deber\u00eda \u00a0exigir \u00a0al \u00a0momento de \u00a0acceder \u00a0a \u00a0la \u00a0entrega \u00a0de \u00a0un \u00a0connacional, \u00a0adem\u00e1s \u00a0de \u00a0los que se le vienen \u00a0sugiriendo de manera com\u00fan. \u00a0\u00a0<\/p>\n<p>La \u00a0posici\u00f3n que he venido sustentando en \u00a0Sala \u00a0y que no ha tenido acogida, descansa en que la Corte al asumir la funci\u00f3n \u00a0de \u00a0conceptuar, \u00a0no \u00a0s\u00f3lo \u00a0ha \u00a0de tener como gu\u00eda los par\u00e1metros que sobre la \u00a0materia \u00a0est\u00e1n \u00a0fijados \u00a0en \u00a0el \u00a0ordenamiento \u00a0procesal penal patrio, sino que, \u00a0adem\u00e1s, \u00a0su misi\u00f3n tambi\u00e9n debe estar influida por la regla del art\u00edculo 2\u00ba \u00a0de \u00a0la \u00a0Constituci\u00f3n, \u00a0pues \u00a0en \u00a0cuanto \u00a0\u00f3rgano \u00a0m\u00e1ximo \u00a0de \u00a0la jurisdicci\u00f3n \u00a0ordinaria \u00a0y, \u00a0por tanto, componente esencial en la estructura del Estado Social \u00a0de \u00a0Derecho, \u00a0tambi\u00e9n \u00a0debe \u00a0velar \u00a0por \u00a0la efectividad de los principios\u00a0 \u00a0\u2013entre ellos el fundante \u00a0de \u00a0la \u00a0dignidad \u00a0humana-,\u00a0 \u00a0derechos \u00a0y \u00a0deberes \u00a0consagrados en la Carta; \u00a0defender \u00a0la \u00a0independencia \u00a0nacional y proteger a todas las personas residentes \u00a0en \u00a0 \u00a0Colombia \u00a0 \u00a0en \u00a0 su \u00a0 vida, \u00a0 honra, \u00a0 bienes, \u00a0 creencias, \u00a0 derechos \u00a0 y \u00a0libertades. \u00a0\u00a0<\/p>\n<p>En \u00a0ese \u00a0orden \u00a0de \u00a0cosas, \u00a0estimo \u00a0que es \u00a0preciso \u00a0 advertir \u00a0 en \u00a0el \u00a0concepto \u00a0sobre \u00a0la \u00a0necesidad \u00a0de \u00a0plantear \u00a0otras \u00a0condiciones \u00a0a \u00a0la \u00a0entrega del reclamado, derivadas del hecho de que el acto de \u00a0extradici\u00f3n \u00a0no \u00a0implica \u00a0que el extraditado pierda la nacionalidad colombiana, \u00a0lo \u00a0cual s\u00f3lo ocurre frente a los presupuestos se\u00f1alados en el art\u00edculo 98 de \u00a0la Constituci\u00f3n. \u00a0\u00a0<\/p>\n<p>En tales condiciones, cuando la entrega en \u00a0extradici\u00f3n \u00a0de \u00a0un \u00a0nacional \u00a0colombiano se tramita y agota, en ausencia de un \u00a0convenio \u00a0 multilateral \u00a0 o \u00a0bilateral \u00a0sobre \u00a0la \u00a0materia, \u00a0con \u00a0arreglo \u00a0a \u00a0la \u00a0Constituci\u00f3n \u00a0y \u00a0a \u00a0la \u00a0ley, \u00a0debe tenerse en cuenta que a diferencia de lo que \u00a0ocurre \u00a0si \u00a0se \u00a0hubiera adelantado conforme a un instrumento internacional en el \u00a0cual \u00a0las \u00a0partes \u00a0acuerdan condiciones que pueden significar la restricci\u00f3n de \u00a0ciertos \u00a0derechos, \u00a0en \u00a0virtud \u00a0a \u00a0la \u00a0configuraci\u00f3n del Estado colombiano como \u00a0social \u00a0y \u00a0democr\u00e1tico \u00a0de derecho, en el cual es base fundamental el respeto a \u00a0la \u00a0dignidad \u00a0humana \u00a0(art\u00edculo \u00a01\u00ba de la Carta), las condiciones que se deben \u00a0exigir \u00a0al pa\u00eds reclamante tienen que estar ligadas con la observancia all\u00ed de \u00a0los \u00a0derechos \u00a0y \u00a0garant\u00edas \u00a0que \u00a0cobijar\u00edan \u00a0al \u00a0solicitado de ser juzgado en \u00a0Colombia. \u00a0\u00a0<\/p>\n<p>Eso \u00a0es \u00a0as\u00ed, \u00a0porque \u00a0al \u00a0acceder \u00a0a \u00a0la \u00a0extradici\u00f3n \u00a0de \u00a0un colombiano por nacimiento el Estado, a trav\u00e9s del Gobierno \u00a0Nacional, \u00a0renuncia \u00a0a la potestad de ejercer su propia jurisdicci\u00f3n, pero no a \u00a0la \u00a0obligaci\u00f3n \u00a0de \u00a0proteger al extraditado, pues en tanto siga siendo s\u00fabdito \u00a0de \u00a0Colombia, tiene derecho a todas las prerrogativas, garant\u00edas y derechos que \u00a0emanan \u00a0de \u00a0la Constituci\u00f3n y la ley, en particular, aquellos que se relacionan \u00a0con \u00a0 su \u00a0 calidad \u00a0 de \u00a0 procesado \u00a0y \u00a0que \u00a0tienen \u00a0que \u00a0ver \u00a0con \u00a0la \u00a0dignidad \u00a0humana. \u00a0\u00a0<\/p>\n<p>As\u00ed las cosas, siendo el marco esencial de \u00a0la \u00a0 figura \u00a0 de \u00a0la \u00a0extradici\u00f3n \u00a0lo \u00a0se\u00f1alado \u00a0en \u00a0el \u00a0art\u00edculo \u00a035 \u00a0de \u00a0la \u00a0Constituci\u00f3n, \u00a0que \u00a0fija \u00a0un \u00a0sistema \u00a0de \u00a0fuentes1 para que se solicite, conceda \u00a0u \u00a0ofrezca, \u00a0que son los tratados p\u00fablicos y, en su defecto, la ley, es preciso \u00a0comentar \u00a0que \u00a0como \u00a0no hay un instrumento vigente de esa naturaleza que ligue a \u00a0Colombia \u00a0con Estados Unidos en el tema de extradici\u00f3n, el \u00e1mbito para evaluar \u00a0la \u00a0procedencia \u00a0de \u00a0una \u00a0solicitud, \u00a0concesi\u00f3n \u00a0u ofrecimiento de extradici\u00f3n \u00a0entre los dos pa\u00edses es el C\u00f3digo de Procedimiento Penal. \u00a0\u00a0<\/p>\n<p>Obs\u00e9rvese \u00a0 que \u00a0 los \u00a0 preceptos \u00a0 que \u00a0desarrollan \u00a0la \u00a0extradici\u00f3n \u00a0tanto en la Ley 600 de 2000 como en la ley 906 de \u00a02004, \u00a0adem\u00e1s \u00a0de \u00a0reiterar \u00a0las \u00a0reglas \u00a0constitucionales \u00a0(improcedencia \u00a0por \u00a0delitos \u00a0pol\u00edticos, o la de colombianos por nacimiento por hechos cometidos con \u00a0anterioridad \u00a0 \u00a0 al \u00a0 \u00a0 17 \u00a0 \u00a0 de \u00a0 \u00a0 diciembre \u00a0 \u00a0 de \u00a0 \u00a0 1997 \u00a0 \u00a0 \u2013art\u00edculo \u00a0 508 \u00a0 y \u00a0art\u00edculo \u00a0490, \u00a0respectivamente-); \u00a0fijan \u00a0el organismo al que le corresponde ofrecer o conceder \u00a0la \u00a0extradici\u00f3n \u00a0de \u00a0una persona y las facultades sobre la materia \u2013el \u00a0 gobierno-, \u00a0 el \u00a0 \u00e1mbito \u00a0 de \u00a0competencia \u00a0de \u00a0cada ente gubernamental, y el que le corresponde en el tr\u00e1mite \u00a0a \u00a0 la \u00a0Corte; \u00a0se\u00f1alan \u00a0requisitos \u00a0adicionales \u00a0(doble \u00a0incriminaci\u00f3n, \u00a0acto \u00a0procesal \u00a0 m\u00ednimo \u00a0en \u00a0el \u00a0exterior \u00a0\u2013art\u00edculo \u00a0510 \u00a0y art\u00edculo 492 ib.-); estructuran la forma como se \u00a0desarrolla \u00a0el tr\u00e1mite mixto, as\u00ed como los fundamentos del concepto (art\u00edculo \u00a0520 \u00a0del \u00a0C\u00f3digo \u00a0de \u00a0Procedimiento \u00a0Penal \u00a0de 2000 y art\u00edculo 502 del C\u00f3digo \u00a0Procesal \u00a0Penal \u00a0de \u00a02004); \u00a0determinan cu\u00e1ndo se decide sobre la solicitud, en \u00a0qu\u00e9 \u00a0momento \u00a0se \u00a0hace \u00a0la \u00a0entrega \u00a0y regula la orden de prelaci\u00f3n en caso de \u00a0varias \u00a0solicitudes \u00a0(art\u00edculos \u00a0522, \u00a0523 \u00a0y \u00a0524, y art\u00edculos 504, 505 y 506 \u00a0ib\u00eddem); \u00a0consagran el derecho a la defensa y los eventos en que hay lugar a la \u00a0libertad \u00a0(art\u00edculos \u00a0529 y 530 de la Ley 600 de 2000 y art\u00edculos 510 y 511 de \u00a0la Ley 906 de 2004). \u00a0\u00a0<\/p>\n<p>Adem\u00e1s, el art\u00edculo 512 de la primera de \u00a0las \u00a0leyes \u00a0en \u00a0cita \u00a0le impone de modo imperativo al gobierno la obligaci\u00f3n de \u00a0exigir \u00a0que \u00a0el \u00a0solicitado \u00a0no vaya a ser juzgado por un hecho anterior diverso \u00a0del \u00a0que motiva la extradici\u00f3n, ni sometido a sanciones distintas de las que se \u00a0le \u00a0hubieran \u00a0impuesto en la condena, y a que se le conmute la pena de muerte en \u00a0caso \u00a0de \u00a0que \u00a0la \u00a0legislaci\u00f3n del pa\u00eds reclamante la prevea como sanci\u00f3n del \u00a0delito \u00a0que \u00a0motiva \u00a0la \u00a0solicitud \u00a0de \u00a0extradici\u00f3n, \u00a0circunstancias \u00e9stas que \u00a0igualmente \u00a0se \u00a0encuentra \u00a0previstas \u00a0en \u00a0el \u00a0art\u00edculo 494 del C\u00f3digo Adjetivo \u00a0Penal \u00a0de \u00a02004, con la inclusi\u00f3n en este \u00faltimo de que tampoco al extraditado \u00a0se \u00a0le \u00a0someta \u00a0a \u00a0desaparici\u00f3n forzada, torturas ni a tratos ni penas crueles, \u00a0inhumanas \u00a0o \u00a0degradantes, \u00a0como \u00a0tampoco \u00a0a \u00a0las \u00a0penas \u00a0de destierro, prisi\u00f3n \u00a0perpetua o confiscaci\u00f3n. \u00a0\u00a0<\/p>\n<p>Recu\u00e9rdese \u00a0que \u00a0las \u00a0condiciones \u00a0arriba \u00a0se\u00f1aladas \u00a0fueron \u00a0extendidas, \u00a0con el mismo car\u00e1cter imperativo, por la Corte \u00a0Constitucional a otras situaciones, al se\u00f1alar que: \u00a0\u00a0<\/p>\n<p>\u201c&#8230;no \u00a0s\u00f3lo \u00a0habr\u00e1 \u00a0de \u00a0entenderse que en caso de que exista en el Estado requirente la pena \u00a0de \u00a0muerte, \u00a0la entrega se har\u00e1 bajo la condici\u00f3n de la conmutaci\u00f3n de \u00e9sta, \u00a0sino, \u00a0tambi\u00e9n \u00a0bajo el entendido de que al extraditado no se le podr\u00e1 someter \u00a0ni \u00a0a \u00a0torturas, \u00a0ni \u00a0a tratos o penas crueles, ni a desaparici\u00f3n forzada, ni a \u00a0tratamiento \u00a0 degradante \u00a0 e \u00a0inhumano, \u00a0raz\u00f3n \u00a0por \u00a0la \u00a0cual \u00a0as\u00ed \u00a0habr\u00e1 \u00a0de \u00a0condicionarse \u00a0la \u00a0constitucionalidad \u00a0que \u00a0se \u00a0declara \u00a0del \u00a0art\u00edculo \u00a0550 del \u00a0C\u00f3digo de Procedimiento Penal. \u00a0\u00a0<\/p>\n<p>Por \u00a0otra \u00a0parte, se observa por la Corte, \u00a0que \u00a0la \u00a0Constituci\u00f3n \u00a0colombiana, \u00a0proh\u00edbe \u00a0en \u00a0su \u00a0art\u00edculo 34 \u2018las \u00a0penas \u00a0de \u00a0destierro, \u00a0prisi\u00f3n \u00a0perpetua \u00a0 \u00a0 \u00a0y \u00a0 \u00a0 \u00a0confiscaci\u00f3n\u2019, \u00a0a las cuales, por las mismas razones anteriormente expuestas, no \u00a0podr\u00e1 \u00a0someterse \u00a0al extraditado por el pa\u00eds que lo juzgue, lo que implica que \u00a0igualmente \u00a0 en \u00a0ese \u00a0sentido \u00a0habr\u00e1 \u00a0de \u00a0condicionarse \u00a0la \u00a0exequibilidad \u00a0del \u00a0art\u00edculo \u00a0 \u00a0 550 \u00a0 \u00a0del \u00a0 \u00a0C\u00f3digo \u00a0 \u00a0de \u00a0 \u00a0Procedimiento \u00a0 \u00a0Penal.\u201d2 \u00a0\u00a0<\/p>\n<p>Sin \u00a0embargo, \u00a0esas \u00a0no \u00a0son \u00a0las \u00a0\u00fanicas \u00a0condiciones \u00a0susceptibles \u00a0de formularse, pues al fin y al cabo el primer inciso \u00a0del \u00a0art\u00edculo \u00a0512 \u00a0del \u00a0C\u00f3digo \u00a0de \u00a0Procedimiento Penal de 2000, as\u00ed como el \u00a0primer \u00a0inciso \u00a0del \u00a0art\u00edculo \u00a0494 \u00a0de \u00a0la \u00a0Ley \u00a0906 \u00a0de \u00a02004, \u00a0precept\u00faa que \u00a0\u201cEl gobierno podr\u00e1 subordinar el ofrecimiento o la \u00a0concesi\u00f3n \u00a0 \u00a0de \u00a0 \u00a0la \u00a0 \u00a0extradici\u00f3n \u00a0 a \u00a0 las \u00a0 condiciones \u00a0 que \u00a0 considere \u00a0oportunas.\u201d \u00a0\u00a0<\/p>\n<p>Esa \u00a0facultad, \u00a0debe \u00a0se\u00f1alarse, \u00a0no \u00a0es \u00a0discrecional, \u00a0pues \u00a0al \u00a0momento \u00a0de \u00a0decidir \u00a0sobre \u00a0la \u00a0entrega de un nacional \u00a0colombiano \u00a0el \u00a0gobierno \u00a0est\u00e1 \u00a0en \u00a0el \u00a0deber \u00a0de \u00a0armonizar \u00a0los \u00a0criterios de \u00a0conveniencia \u00a0nacional o de cooperaci\u00f3n internacional, con la premisa seg\u00fan la \u00a0cual \u00a0al \u00a0concederse la extradici\u00f3n no se renuncia a la soberan\u00eda, sino que se \u00a0ejerce3, \u00a0y \u00a0con \u00a0los \u00a0derechos \u00a0y garant\u00edas que est\u00e1n consagrados en la \u00a0Constituci\u00f3n \u00a0y \u00a0en \u00a0los instrumentos internacionales sobre derechos humanos en \u00a0pro \u00a0 de \u00a0 un \u00a0 justiciable, \u00a0 as\u00ed \u00a0 como \u00a0 en \u00a0 protecci\u00f3n \u00a0 de \u00a0su \u00a0dignidad \u00a0humana. \u00a0\u00a0<\/p>\n<p>As\u00ed, \u00a0con \u00a0arreglo \u00a0al art\u00edculo 29 de la \u00a0Carta; \u00a0a \u00a0los \u00a0art\u00edculos \u00a09 \u00a0y \u00a010 \u00a0de \u00a0la \u00a0Declaraci\u00f3n Universal de Derechos \u00a0Humanos, \u00a05-3.6, 7-2.5, 8-1.2(a)(b)(c)(d)(e)(f)(g)(h).3.4.5, 9 de la Convenci\u00f3n \u00a0Americana \u00a0de \u00a0Derechos \u00a0Humanos, \u00a09-2.3, \u00a010-1.2.3, \u00a014-1.2.3,5, y 15 del Pacto \u00a0Internacional \u00a0de \u00a0Derechos \u00a0Civiles \u00a0y \u00a0Pol\u00edticos, \u00a0el \u00a0Gobierno Nacional debe \u00a0condicionar \u00a0la \u00a0entrega de un compatriota, si concede la extradici\u00f3n, a que se \u00a0le \u00a0 \u00a0respeten \u00a0 \u00a0al \u00a0 extraditado \u00a0 \u2013como \u00a0a \u00a0cualquier \u00a0otro \u00a0nacional en las mismas condiciones- todas \u00a0las \u00a0garant\u00edas \u00a0debidas \u00a0a \u00a0su \u00a0condici\u00f3n de justiciable, en particular, a que \u00a0tenga \u00a0acceso \u00a0a \u00a0un \u00a0proceso \u00a0p\u00fablico \u00a0sin dilaciones injustificadas, a que se \u00a0presuma \u00a0su \u00a0inocencia, a que cuente con un int\u00e9rprete, a que tenga un defensor \u00a0designado \u00a0por \u00a0\u00e9l \u00a0o por el Estado, a que se le conceda el tiempo y los medios \u00a0adecuados \u00a0para \u00a0que \u00a0prepare la defensa, a presentar pruebas y controvertir las \u00a0que \u00a0se \u00a0aduzcan \u00a0en contra, a que su situaci\u00f3n de privaci\u00f3n de la libertad se \u00a0desarrolle \u00a0en \u00a0condiciones \u00a0dignas, a que la eventual pena que se le imponga no \u00a0trascienda \u00a0de \u00a0su persona, a que la sanci\u00f3n pueda ser apelada ante un tribunal \u00a0superior, \u00a0a que la pena privativa de la libertad tenga la finalidad esencial de \u00a0reforma y readaptaci\u00f3n social. \u00a0\u00a0<\/p>\n<p>Igualmente, el gobierno debe condicionar la \u00a0entrega \u00a0a \u00a0que el pa\u00eds reclamante, conforme a sus pol\u00edticas internas sobre la \u00a0materia, \u00a0le \u00a0ofrezca \u00a0posibilidades racionales y reales para que el extraditado \u00a0pueda \u00a0tener \u00a0contacto \u00a0regular \u00a0con sus familiares m\u00e1s cercanos, habida cuenta \u00a0que \u00a0la \u00a0Constituci\u00f3n \u00a0de \u00a01991, en su art\u00edculo 42, reconoce a la familia como \u00a0n\u00facleo \u00a0esencial \u00a0de la sociedad, garantiza su protecci\u00f3n y reconoce su honra, \u00a0dignidad \u00a0e \u00a0intimidad, \u00a0lo \u00a0cual se refuerza con la protecci\u00f3n adicional que a \u00a0ese \u00a0 n\u00facleo \u00a0le \u00a0otorgan \u00a0la \u00a0Convenci\u00f3n \u00a0Americana \u00a0sobre \u00a0Derechos \u00a0Humanos \u00a0(art\u00edculo \u00a017) \u00a0y \u00a0el \u00a0Pacto \u00a0Internacional \u00a0de \u00a0Derechos \u00a0Civiles y Pol\u00edticos \u00a0(art\u00edculo 23). \u00a0\u00a0<\/p>\n<p>En cumplimiento de su deber de protecci\u00f3n \u00a0a \u00a0las \u00a0garant\u00edas y derechos del nacional colombiano entregado en extradici\u00f3n, \u00a0es \u00a0misi\u00f3n \u00a0del \u00a0Estado, \u00a0por medio del \u00e1mbito de competencias de los \u00f3rganos \u00a0respectivos, \u00a0vigilar \u00a0que \u00a0en \u00a0el \u00a0pa\u00eds reclamante se respeten las mencionadas \u00a0condiciones \u00a0(art\u00edculo \u00a09 \u00a0y 226 de la Carta). As\u00ed, en primer orden, a trav\u00e9s \u00a0del \u00a0cuerpo \u00a0diplom\u00e1tico, \u00a0en concreto, por las diferentes oficinas consulares, \u00a0con \u00a0apoyo \u00a0de \u00a0la \u00a0Procuradur\u00eda \u00a0General \u00a0de \u00a0la \u00a0Naci\u00f3n (art\u00edculo 277 de la \u00a0Constituci\u00f3n) \u00a0y \u00a0de \u00a0la \u00a0Defensor\u00eda del Pueblo (art\u00edculo 282 ib\u00eddem), de lo \u00a0cual, \u00a0adem\u00e1s, \u00a0habr\u00e1 \u00a0de darse informes peri\u00f3dicos a la Corte, en virtud del \u00a0principio \u00a0de \u00a0colaboraci\u00f3n \u00a0arm\u00f3nica \u00a0entre \u00a0los diferentes Poderes P\u00fablicos \u00a0(art\u00edculo \u00a0113 \u00a0de \u00a0la \u00a0Carta), \u00a0con \u00a0el \u00a0fin \u00a0de \u00a0que todos los estamentos con \u00a0injerencia \u00a0en \u00a0el \u00a0tema \u00a0tengan elementos de juicio que les permitan sopesar la \u00a0conveniencia \u00a0 \u00a0de \u00a0 \u00a0privilegiar \u00a0 jurisdicciones \u00a0 for\u00e1neas \u00a0 frente \u00a0 a \u00a0 la \u00a0interna. \u00a0\u00a0<\/p>\n<p>De \u00a0 esa \u00a0 manera, \u00a0 dejo \u00a0 sentado \u00a0 mi \u00a0criterio. \u00a0\u00a0<\/p>\n<p>Se\u00f1ores Magistrados, \u00a0<\/p>\n<p>SIGIFREDO ESPINOSA P\u00c9REZ \u00a0<\/p>\n<p>Magistrado \u00a0<\/p>\n<p>Fecha \u00a0 \u00a0ut \u00a0supra. \u00a0\u00a0<\/p>\n<p>\u00a0 \u00a0\u00a0<\/p>\n<p>1 Corte \u00a0Constitucional, sentencia C-740\/00. \u00a0\u00a0<\/p>\n<p>2 \u00a0Sentencia C-1106\/00. \u00a0\u00a0<\/p>\n<p>3 Cfr. \u00a0Corte Constitucional, Sentencia C-621\/01. \u00a0 \u00a0\u00a0<\/p>\n<p><\/p>\n","protected":false},"excerpt":{"rendered":"<p>\u00a0 \u00a0 Proceso No 28717 \u00a0 CORTE SUPREMA DE JUSTICIA \u00a0 SALA DE CASACI\u00d3N PENAL \u00a0 Magistrado Ponente \u00a0 JORGE \u00a0LUIS \u00a0QUINTERO \u00a0MILAN\u00c9S \u00a0\u00a0 Aprobado \u00a0 acta \u00a0 N\u00b0 \u00a0052 \u00a0\u00a0 Bogot\u00e1, D. C., seis (6) de marzo de dos mil \u00a0ocho (2008). \u00a0\u00a0 V \u00a0 \u00a0I \u00a0 S \u00a0 T \u00a0 O \u00a0S \u00a0\u00a0 [&hellip;]<\/p>\n","protected":false},"author":1,"featured_media":0,"comment_status":"open","ping_status":"open","sticky":false,"template":"","format":"standard","meta":{"footnotes":""},"categories":[16],"tags":[],"class_list":["post-15899","post","type-post","status-publish","format-standard","hentry","category-16"],"_links":{"self":[{"href":"https:\/\/dmsjuridica.com\/buscador_20179478954\/salapenalcronologico20230723\/wp-json\/wp\/v2\/posts\/15899","targetHints":{"allow":["GET"]}}],"collection":[{"href":"https:\/\/dmsjuridica.com\/buscador_20179478954\/salapenalcronologico20230723\/wp-json\/wp\/v2\/posts"}],"about":[{"href":"https:\/\/dmsjuridica.com\/buscador_20179478954\/salapenalcronologico20230723\/wp-json\/wp\/v2\/types\/post"}],"author":[{"embeddable":true,"href":"https:\/\/dmsjuridica.com\/buscador_20179478954\/salapenalcronologico20230723\/wp-json\/wp\/v2\/users\/1"}],"replies":[{"embeddable":true,"href":"https:\/\/dmsjuridica.com\/buscador_20179478954\/salapenalcronologico20230723\/wp-json\/wp\/v2\/comments?post=15899"}],"version-history":[{"count":0,"href":"https:\/\/dmsjuridica.com\/buscador_20179478954\/salapenalcronologico20230723\/wp-json\/wp\/v2\/posts\/15899\/revisions"}],"wp:attachment":[{"href":"https:\/\/dmsjuridica.com\/buscador_20179478954\/salapenalcronologico20230723\/wp-json\/wp\/v2\/media?parent=15899"}],"wp:term":[{"taxonomy":"category","embeddable":true,"href":"https:\/\/dmsjuridica.com\/buscador_20179478954\/salapenalcronologico20230723\/wp-json\/wp\/v2\/categories?post=15899"},{"taxonomy":"post_tag","embeddable":true,"href":"https:\/\/dmsjuridica.com\/buscador_20179478954\/salapenalcronologico20230723\/wp-json\/wp\/v2\/tags?post=15899"}],"curies":[{"name":"wp","href":"https:\/\/api.w.org\/{rel}","templated":true}]}}