{"id":15687,"date":"2023-09-11T17:45:48","date_gmt":"2023-09-11T17:45:48","guid":{"rendered":"https:\/\/dmsjuridica.com\/buscador_20179478954\/salapenalcronologico20230723\/2023\/09\/11\/2815430-01-08\/"},"modified":"2023-09-11T17:45:48","modified_gmt":"2023-09-11T17:45:48","slug":"2815430-01-08","status":"publish","type":"post","link":"https:\/\/dmsjuridica.com\/buscador_20179478954\/salapenalcronologico20230723\/2023\/09\/11\/2815430-01-08\/","title":{"rendered":"28154(30-01-08)"},"content":{"rendered":"\n<p>\u00a0 \u00a0 Proceso No 28154 \u00a0<\/p>\n<p>CORTE SUPREMA DE JUSTICIA \u00a0<\/p>\n<p>SALA \u00a0 \u00a0 \u00a0DE \u00a0 \u00a0 \u00a0CASACI\u00d3N PENAL \u00a0\u00a0<\/p>\n<p>Magistrado Ponente: \u00a0<\/p>\n<p>JAVIER \u00a0 \u00a0ZAPATA \u00a0ORTIZ \u00a0\u00a0<\/p>\n<p>Aprobado \u00a0acta No. \u00a0013\u00a0\u00a0 \u00a0\u00a0<\/p>\n<p>Bogot\u00e1, \u00a0D. \u00a0C., \u00a0treinta \u00a0de \u00a0enero \u00a0del \u00a0a\u00f1o \u00a0dos \u00a0mil \u00a0ocho. \u00a0\u00a0<\/p>\n<p>Se pronuncia la Corte sobre la admisibilidad \u00a0del \u00a0 recurso \u00a0 de \u00a0 reposici\u00f3n \u00a0 interpuesto \u00a0por \u00a0el \u00a0sentenciado \u00a0 SANTOS \u00a0 D\u00cdAZ \u00a0 VANEGAS, \u00a0contra \u00a0la providencia mediante la cual inadmiti\u00f3 la demanda de \u00a0revisi\u00f3n\u00a0 presentada en este asunto. \u00a0\u00a0<\/p>\n<p>\u00a0 \u00a0\u00a0 \u00a0\u00a0 \u00a0\u00a0Antecedentes. \u00a0\u00a0<\/p>\n<p>1.- En prove\u00eddo de cinco de diciembre de dos \u00a0mil \u00a0siete, \u00a0la \u00a0Corte \u00a0inadmiti\u00f3 \u00a0las \u00a0demanda \u00a0de revisi\u00f3n presentada por el \u00a0defensor \u00a0 \u00a0 \u00a0del \u00a0 \u00a0 sentenciado \u00a0 \u00a0 SANTOS \u00a0 D\u00cdAZ \u00a0 VANEGAS, \u00a0 contra \u00a0 la \u00a0sentencia \u00a0de \u00a0segunda instancia proferida por el Tribunal Superior del Distrito \u00a0Judicial \u00a0de \u00a0Ibagu\u00e9, \u00a0en la que le conden\u00f3 a la pena de veintiocho (28) a\u00f1os \u00a0de \u00a0prisi\u00f3n \u00a0a \u00a0consecuencia \u00a0de \u00a0hallarlo \u00a0autor \u00a0responsable \u00a0del concurso de \u00a0delitos de homicidio y tentativa homicidio. \u00a0\u00a0<\/p>\n<p>Esta \u00a0 determinaci\u00f3n \u00a0 fue \u00a0 notificada \u00a0personalmente \u00a0al \u00a0sentenciado el d\u00eda doce de esos mismos mes y a\u00f1o\u00a0 (fl. \u00a0117) \u00a0y \u00a0mediante \u00a0anotaci\u00f3n en estado el d\u00eda 16 de enero \u00faltimo, despu\u00e9s de \u00a0haber \u00a0librado \u00a0las \u00a0comunicaciones \u00a0pertinentes \u00a0el \u00a06 de diciembre al defensor \u00a0(fls. 114 y ss.). \u00a0\u00a0<\/p>\n<p>2.- Al momento de la notificaci\u00f3n personal, \u00a0el \u00a0 sentenciado \u00a0manifiesta \u00a0interponer \u00a0recurso \u00a0de \u00a0reposici\u00f3n \u00a0(fl. 117). \u00a0\u00a0<\/p>\n<p>3.- \u00a0La \u00a0Secretar\u00eda \u00a0dej\u00f3 constancia que a \u00a0partir \u00a0 \u00a0de \u00a0 \u00a0las \u00a0 \u00a0ocho \u00a0 \u00a0de \u00a0 \u00a0la \u00a0 \u00a0ma\u00f1ana \u00a0 \u00a0del \u00a0 d\u00eda \u00a0 22 \u00a0 \u00a0de \u00a0 enero \u00a0 de \u00a0 2008, \u00a0\u201cempieza \u00a0a \u00a0correr \u00a0traslado \u00a0para \u00a0los \u00a0recurrentes por el t\u00e9rmino de dos (2) d\u00edas, de \u00a0conformidad \u00a0con \u00a0lo \u00a0normado \u00a0en \u00a0el art\u00edculo 189 del C\u00f3digo de Procedimiento \u00a0Penal. Vence el veintitr\u00e9s \u00a0(23) \u00a0 \u00a0de \u00a0 \u00a0enero \u00a0 de \u00a0 dos \u00a0 mil \u00a0 ocho \u00a0 \u00a0 \u00a0 \u00a0 \u00a0 (2008), \u00a0 \u00a0 \u00a0a \u00a0 \u00a0 las \u00a0 \u00a0 cinco \u00a0 de \u00a0 la \u00a0 tarde \u00a0 (05:00 \u00a0 P.M.)\u201d \u00a0 (fl. \u00a0 120). \u00a0\u00a0<\/p>\n<p>Este t\u00e9rmino venci\u00f3, sin que el impugnante \u00a0exteriorizara \u00a0 \u00a0las \u00a0 razones \u00a0 de \u00a0 su \u00a0 disentimiento \u00a0 (fl. \u00a0 121).\u00a0\u00a0\u00a0\u00a0\u00a0 \u00a0\u00a0<\/p>\n<p>\u00a0 \u00a0\u00a0 \u00a0\u00a0 \u00a0\u00a0SE CONSIDERA: \u00a0\u00a0<\/p>\n<p>El art\u00edculo 187 del C\u00f3digo de Procedimiento \u00a0Penal \u00a0de \u00a02000, \u00a0por \u00a0el \u00a0que \u00a0se \u00a0rige \u00a0el \u00a0presente asunto, prev\u00e9 que \u201clas \u00a0providencias \u00a0quedan \u00a0ejecutoriadas tres (3) d\u00edas despu\u00e9s de notificadas si no \u00a0se han interpuesto recursos legalmente procedentes\u201d. \u00a0\u00a0<\/p>\n<p>A \u00a0su \u00a0turno, \u00a0el \u00a0art\u00edculo \u00a0186 \u00a0ejusdem, \u00a0establece \u00a0que \u00a0la \u00a0oportunidad \u00a0para \u00a0interponer \u00a0los \u00a0recursos \u00a0ordinarios \u00a0va \u00a0\u201cdesde \u00a0la \u00a0fecha \u00a0en que se haya proferido la providencia, hasta cuando hayan \u00a0transcurrido \u00a0 \u00a0tres \u00a0 \u00a0(3) \u00a0 d\u00edas, \u00a0 contados \u00a0 a \u00a0 partir \u00a0 de \u00a0 la \u00a0 \u00faltima \u00a0notificaci\u00f3n\u201d. \u00a0\u00a0<\/p>\n<p>En \u00a0relaci\u00f3n con el recurso de reposici\u00f3n, \u00a0el \u00a0C\u00f3digo \u00a0de \u00a0Procedimiento \u00a0Penal \u00a0establece \u00a0que \u00a0\u201ccuando \u00a0se formule por \u00a0escrito \u00a0y \u00a0como \u00a0\u00fanico, \u00a0vencido \u00a0el \u00a0t\u00e9rmino \u00a0para impugnar la decisi\u00f3n, el \u00a0secretario, \u00a0 previa \u00a0constancia, \u00a0dejar\u00e1 \u00a0el \u00a0expediente \u00a0a \u00a0disposici\u00f3n \u00a0del \u00a0recurrente \u00a0 por \u00a0 el \u00a0 t\u00e9rmino \u00a0 de \u00a0 dos \u00a0(2) \u00a0d\u00edas \u00a0para \u00a0la \u00a0sustentaci\u00f3n \u00a0respectiva\u201d, \u00a0esto \u00a0es para que se expongan las razones f\u00e1cticas o jur\u00eddicas \u00a0de cuestionamiento. \u00a0\u00a0<\/p>\n<p>De \u00a0manera \u00a0que \u00a0si el recurrente no expresa \u00a0oportuna \u00a0y \u00a0claramente los motivos que animan la interposici\u00f3n del disenso, el \u00a0funcionario \u00a0judicial \u00a0est\u00e1 \u00a0en \u00a0imposibilidad \u00a0de \u00a0conocer \u00a0las \u00a0razones de la \u00a0inconformidad \u00a0que se le pone en evidencia, las que no puede suponer, y respecto \u00a0de \u00a0las \u00a0cuales \u00a0debe emitir pronunciamiento de fondo. En este caso se impone la \u00a0deserci\u00f3n del recurso. \u00a0\u00a0<\/p>\n<p>Lo \u00a0 contrario \u00a0 supondr\u00eda \u00a0que \u00a0la \u00a0sola \u00a0manifestaci\u00f3n \u00a0de \u00a0interponer \u00a0el recurso en t\u00e9rmino, interrumpe la ejecutoria \u00a0de \u00a0 la \u00a0 decisi\u00f3n \u00a0 objetada \u00a0y \u00a0autoriza \u00a0al \u00a0recurrente \u00a0para \u00a0presentar \u00a0su \u00a0argumentaci\u00f3n \u00a0impugnatoria \u00a0en cualquier tiempo, lo que ri\u00f1e abiertamente con \u00a0el \u00a0principio \u00a0de \u00a0preclusi\u00f3n \u00a0de \u00a0los \u00a0t\u00e9rminos \u00a0que \u00a0la \u00a0ley \u00a0otorga para el \u00a0ejercicio \u00a0de \u00a0los \u00a0derechos \u00a0por \u00a0los \u00a0sujetos procesales y la seguridad que la \u00a0ejecutoria \u00a0brinda \u00a0a \u00a0las \u00a0decisiones \u00a0judiciales, \u00a0a \u00a0no \u00a0ser que se tenga una \u00a0particular \u00a0idea \u00a0de \u00a0la \u00a0actividad \u00a0procesal, \u00a0como algo irracional derivado de \u00a0cualquier \u00a0 inter\u00e9s \u00a0 de \u00a0 la \u00a0 parte, \u00a0sin \u00a0referencia \u00a0a \u00a0ning\u00fan \u00a0par\u00e1metro \u00a0legal. \u00a0\u00a0<\/p>\n<p>En \u00a0 el \u00a0 caso \u00a0 de \u00a0 la \u00a0 especie, \u00a0 el \u00a0sentenciado \u00a0SANTOS \u00a0D\u00cdAZ \u00a0VANEGAS,\u00a0 \u00a0pese \u00a0a haber manifestado en t\u00e9rmino \u00a0su \u00a0deseo \u00a0de recurrir en reposici\u00f3n dej\u00f3 vencer sin justificaci\u00f3n alguna los \u00a0dos \u00a0d\u00edas \u00a0de \u00a0traslado \u00a0para \u00a0sustentar \u00a0el recurso\u00a0 y, por ende, omiti\u00f3 \u00a0exponer \u00a0a \u00a0la \u00a0Sala \u00a0las \u00a0razones \u00a0que \u00a0le \u00a0animan \u00a0a \u00a0exteriorizar el deseo de \u00a0interponer \u00a0el \u00a0recurso, \u00a0las \u00a0que \u00a0la \u00a0Sala no puede \u00a0suponer, \u00a0 \u00a0por \u00a0 el \u00a0 riesgo \u00a0 de \u00a0 pervertir \u00a0 la \u00a0 verdadera \u00a0 voluntad \u00a0 del \u00a0impugnante. \u00a0\u00a0<\/p>\n<p>Entonces, \u00a0no \u00a0habi\u00e9ndose \u00a0sustentado \u00a0el \u00a0recurso \u00a0presentado \u00a0y \u00a0como \u00a0quiera \u00a0que, en consecuencia, cobr\u00f3 ejecutoria la \u00a0decisi\u00f3n \u00a0censurada, \u00a0se \u00a0impone \u00a0declarar \u00a0la \u00a0deserci\u00f3n \u00a0de \u00a0la impugnaci\u00f3n \u00a0interpuesta. \u00a0\u00a0<\/p>\n<p>En \u00a0m\u00e9rito \u00a0de \u00a0lo \u00a0expuesto, \u00a0LA \u00a0CORTE \u00a0SUPREMA DE JUSTICIA, SALA DE CASACI\u00d3N PENAL, \u00a0\u00a0<\/p>\n<p>\u00a0 \u00a0\u00a0 \u00a0\u00a0 \u00a0\u00a0R E S U E L V E: \u00a0\u00a0<\/p>\n<p>DECLARAR \u00a0 \u00a0 DESIERTO \u00a0 \u00a0el \u00a0 recurso \u00a0 de \u00a0 reposici\u00f3n \u00a0interpuesto \u00a0por \u00a0el \u00a0sentenciado \u00a0SANTOS \u00a0 D\u00cdAZ \u00a0VANEGAS \u00a0contra \u00a0 \u00a0el \u00a0 \u00a0prove\u00eddo \u00a0 \u00a0de \u00a0 cinco \u00a0 \u00a0 de \u00a0 \u00a0 diciembre \u00a0 \u00a0del \u00a0 \u00a0a\u00f1o \u00a0 \u00a0dos \u00a0 \u00a0mil \u00a0 \u00a0siete, emitido dentro de las presentes \u00a0diligencias. \u00a0\u00a0<\/p>\n<p>Contra \u00a0esta \u00a0providencia\u00a0 \u00a0no procede \u00a0recurso alguno. \u00a0\u00a0<\/p>\n<p>Comun\u00edquese \u00a0y \u00a0devu\u00e9lvase al Tribunal de \u00a0origen. \u00a0\u00a0<\/p>\n<p>C\u00famplase. \u00a0<\/p>\n<p>SIGIFREDO \u00a0 \u00a0 \u00a0 \u00a0 ESPINOSA \u00a0P\u00c9REZ\u00a0\u00a0\u00a0\u00a0\u00a0\u00a0\u00a0\u00a0\u00a0\u00a0\u00a0\u00a0\u00a0\u00a0\u00a0\u00a0\u00a0\u00a0\u00a0\u00a0\u00a0\u00a0\u00a0\u00a0\u00a0\u00a0\u00a0\u00a0\u00a0\u00a0\u00a0\u00a0\u00a0\u00a0 \u00a0ALFREDO G\u00d3MEZ QUINTERO \u00a0\u00a0<\/p>\n<p>MAR\u00cdA \u00a0 DEL \u00a0 ROSARIO \u00a0 GONZ\u00c1LEZ \u00a0 DE \u00a0LEMOS\u00a0\u00a0\u00a0\u00a0\u00a0\u00a0\u00a0\u00a0\u00a0 \u00a0AUGUSTO J. IB\u00c1\u00d1EZ \u00a0GUZM\u00c1N \u00a0\u00a0<\/p>\n<p>JORGE \u00a0 \u00a0 \u00a0 LUIS \u00a0 \u00a0 \u00a0 QUINTERO \u00a0MILAN\u00c9S\u00a0\u00a0\u00a0\u00a0\u00a0\u00a0\u00a0\u00a0\u00a0\u00a0\u00a0\u00a0\u00a0\u00a0\u00a0\u00a0\u00a0\u00a0\u00a0\u00a0\u00a0\u00a0\u00a0\u00a0\u00a0\u00a0\u00a0\u00a0\u00a0 \u00a0YESID RAM\u00cdREZ BASTIDAS \u00a0\u00a0<\/p>\n<p>JULIO \u00a0 \u00a0 \u00a0 ENRIQUE \u00a0 \u00a0 \u00a0 SOCHA \u00a0SALAMANCA\u00a0\u00a0\u00a0\u00a0\u00a0\u00a0\u00a0\u00a0\u00a0\u00a0\u00a0\u00a0\u00a0\u00a0\u00a0\u00a0\u00a0\u00a0\u00a0\u00a0\u00a0\u00a0 \u00a0JAVIER ZAPATA ORTIZ \u00a0\u00a0<\/p>\n<p>TERESA RUIZ N\u00da\u00d1EZ \u00a0<\/p>\n<p>Secretaria \u00a0\u00a0<\/p>\n<p>\u00a0 \u00a0\u00a0<\/p>\n<p><\/p>\n","protected":false},"excerpt":{"rendered":"<p>\u00a0 \u00a0 Proceso No 28154 \u00a0 CORTE SUPREMA DE JUSTICIA \u00a0 SALA \u00a0 \u00a0 \u00a0DE \u00a0 \u00a0 \u00a0CASACI\u00d3N PENAL \u00a0\u00a0 Magistrado Ponente: \u00a0 JAVIER \u00a0 \u00a0ZAPATA \u00a0ORTIZ \u00a0\u00a0 Aprobado \u00a0acta No. \u00a0013\u00a0\u00a0 \u00a0\u00a0 Bogot\u00e1, \u00a0D. \u00a0C., \u00a0treinta \u00a0de \u00a0enero \u00a0del \u00a0a\u00f1o \u00a0dos \u00a0mil \u00a0ocho. \u00a0\u00a0 Se pronuncia la Corte sobre la admisibilidad \u00a0del \u00a0 recurso [&hellip;]<\/p>\n","protected":false},"author":1,"featured_media":0,"comment_status":"open","ping_status":"open","sticky":false,"template":"","format":"standard","meta":{"footnotes":""},"categories":[16],"tags":[],"class_list":["post-15687","post","type-post","status-publish","format-standard","hentry","category-16"],"_links":{"self":[{"href":"https:\/\/dmsjuridica.com\/buscador_20179478954\/salapenalcronologico20230723\/wp-json\/wp\/v2\/posts\/15687","targetHints":{"allow":["GET"]}}],"collection":[{"href":"https:\/\/dmsjuridica.com\/buscador_20179478954\/salapenalcronologico20230723\/wp-json\/wp\/v2\/posts"}],"about":[{"href":"https:\/\/dmsjuridica.com\/buscador_20179478954\/salapenalcronologico20230723\/wp-json\/wp\/v2\/types\/post"}],"author":[{"embeddable":true,"href":"https:\/\/dmsjuridica.com\/buscador_20179478954\/salapenalcronologico20230723\/wp-json\/wp\/v2\/users\/1"}],"replies":[{"embeddable":true,"href":"https:\/\/dmsjuridica.com\/buscador_20179478954\/salapenalcronologico20230723\/wp-json\/wp\/v2\/comments?post=15687"}],"version-history":[{"count":0,"href":"https:\/\/dmsjuridica.com\/buscador_20179478954\/salapenalcronologico20230723\/wp-json\/wp\/v2\/posts\/15687\/revisions"}],"wp:attachment":[{"href":"https:\/\/dmsjuridica.com\/buscador_20179478954\/salapenalcronologico20230723\/wp-json\/wp\/v2\/media?parent=15687"}],"wp:term":[{"taxonomy":"category","embeddable":true,"href":"https:\/\/dmsjuridica.com\/buscador_20179478954\/salapenalcronologico20230723\/wp-json\/wp\/v2\/categories?post=15687"},{"taxonomy":"post_tag","embeddable":true,"href":"https:\/\/dmsjuridica.com\/buscador_20179478954\/salapenalcronologico20230723\/wp-json\/wp\/v2\/tags?post=15687"}],"curies":[{"name":"wp","href":"https:\/\/api.w.org\/{rel}","templated":true}]}}